{"administration":"pref30","administration_name":"Pr\u00e9fecture du Gard","content":"PR\u00c9FET\nDU GARD\nRECUEIL DES ACTES\nADMINISTRATIFS SP\u00c9CIAL\nN\u00b030-2025-104\nPUBLI\u00c9 LE 14 JUIN 2025\nSommaire\nPrefecture du Gard / SIDPC\n30-2025-06-14-00001 - Ap interprefectoral de lev\u00e9e de mesures d'urgence\npollution air 14-06-25 (3 pages) Page 3\n2\nPrefecture du Gard\n30-2025-06-14-00001\nAp interprefectoral de lev\u00e9e de mesures\nd'urgence pollution air 14-06-25\nPrefecture du Gard - 30-2025-06-14-00001 - Ap interprefectoral de lev\u00e9e de mesures d'urgence pollution air 14-06-25 3\nPREFET =DE LA ZONE . PREFET | PR\u00c9FETDE D\u00c9FENSE DU GARD DE VAUCLUSEET DE S\u00c9CURIT\u00c9 pet Libert\u00e9SUD \u00c9galit\u00e9 a apLibert\u00e9 Fraternit\u00e9\u00c9galit\u00e9Frasernit\u00e9\nARR\u00caT\u00c9 DU 14 JUIN 2025 ORDONNANT LA LEV\u00c9E DE MESURES D'URGENCELORS D'UN EPISODE DE POLLUTION DE L'AIR PERSISTANTLe pr\u00e9fet de la zone d\u00e9fense de s\u00e9curit\u00e9 SudLe pr\u00e9fet du GardLe pr\u00e9fet de VaucluseVu le code g\u00e9n\u00e9ral des collectivit\u00e9s territoriales ;Vu le code de l'environnement, notamment les articles L220-1 \u00e0 L226-9, L511-1 \u00e0 L517-2, R221-1\u00e0 R226-14 et R511-9 \u00e0 R517-10; |Vu le code de la sant\u00e9 publique ;Vu le code de la route ;Vu le code des transports ;Vu le code de la s\u00e9curit\u00e9 int\u00e9rieure, notamment ses articles R*122-4, R*122-5 et R*122-8 ;Vu le code des relations entre le public et l'administration, notamment son article L221-2 ;Vu le d\u00e9cret n\u00b02004-374 du 29 avril 2004, modifi\u00e9 par le d\u00e9cret n\u00b02010-146 du 16 f\u00e9vrier 2010,relatif aux pouvoirs des pr\u00e9fets, \u00e0 l'organisation et \u00e0 l'action des services de l'\u00c9tat dans lesr\u00e9gions et d\u00e9partements ;Vu le d\u00e9cret n\u00b0 2016-858 du 29 juin 2016 relatif aux certificats qualit\u00e9 de l'air ;Vu le d\u00e9cret n\u00b0 2017-782 du 5 mai 2017 renfor\u00e7ant les sanctions pour non-respect de l'usagedes certificats qualit\u00e9 de l'air et des mesures d'urgence arr\u00eat\u00e9es en cas d'\u00e9pisode de pollutionatmosph\u00e9rique ;Vu l'arr\u00eat\u00e9 interminist\u00e9riel du 7 avril 2016 relatif au d\u00e9clenchement des proc\u00e9durespr\u00e9fectorales en cas d'\u00e9pisode de pollution de l'air ambiant, modifi\u00e9 par l'arr\u00eat\u00e9interminist\u00e9riel du 26 ao\u00fbt 2016 ;Vu l'arr\u00eat\u00e9 interminist\u00e9riel du 21 juin 2016 \u00e9tablissant la nomenclature des v\u00e9hicules class\u00e9s enfonction de leur niveau d'\u00e9mission de polluants atmosph\u00e9riques en application de l'article R.318-2 du code de la route ;Vu l'arr\u00eat\u00e9 minist\u00e9riel du 20 ao\u00fbt 2014, modifi\u00e9 par l'arr\u00eat\u00e9 du 13 mars 2018 relatif auxrecommandations sanitaires en vue de pr\u00e9venir les effets de la pollution de l'air sur la sant\u00e9,pris en application de l'article R. 221-4 du code de l'environnement ;Vu l'arr\u00eat\u00e9 minist\u00e9riel du 29 juin 2016 relatif aux modalit\u00e9s de d\u00e9livrance et d'apposition descertificats qualit\u00e9 de l'air ; |Vu l'arr\u00eat\u00e9 minist\u00e9riel du 16 avril 2021 relatif au dispositif national de surveillance de la qualit\u00e9de l'air ambiant ;\npage 1 de 3\nPrefecture du Gard - 30-2025-06-14-00001 - Ap interprefectoral de lev\u00e9e de mesures d'urgence pollution air 14-06-25 4\nVu l'arr\u00eat\u00e9 du pr\u00e9fet de la zone de d\u00e9fense de s\u00e9curit\u00e9 Sud du 20 juin 2017 portantorganisation du dispositif d'urgence en cas d'\u00e9pisode de pollution sur les d\u00e9partements desr\u00e9gions Occitanie et Provence-Alpes-C\u00e9te-d'Azur ;Vu l'arr\u00eat\u00e9 pr\u00e9fectoral du 5 mars 2021 portant agr\u00e9ment de l'association de surveillance de laqualit\u00e9 de l'air de la r\u00e9gion Provence-Alpes- C\u00f4te d'Azur ;Vu l'arr\u00eat\u00e9 pr\u00e9fectoral du 20 janvier 2022 portant organisation du dispositif d'urgence en casd'\u00e9pisode de pollution de l'air ambiant sur le d\u00e9partement de Vaucluse;Vu l'arr\u00eat\u00e9 pr\u00e9fectoral du 13/06/2025 portant mise en \u0153uvre le 14/06/2025 et le 15/06/2025 dela circulation diff\u00e9renci\u00e9e dans le cadre d'un \u00e9pisode de pollution de l'air ;Vu l'instruction technique du 24 septembre 2014 relative au d\u00e9clenchement des proc\u00e9durespr\u00e9fectorales en cas d'\u00e9pisodes de pollution de l'air ambiant ;Vu l'instruction du Gouvernement du 5 janvier 2017 relative \u00e0 la gestion des \u00e9pisodes depollution de l'air ambiant ;Consid\u00e9rant, les pr\u00e9visions d'AtmoSud, selon lesquelles le seuil d'information-recommandation ne sera plus d\u00e9pass\u00e9 a partir du 15/06/2025 mettant ainsi fin \u00e0 l'\u00e9pisode depollution en cours ;Sur proposition du directeur de cabinet du pr\u00e9fet de Vaucluse, du directeur de cabinet du :pr\u00e9fet de la zone de d\u00e9fense de s\u00e9curit\u00e9 Sud et de la directrice r\u00e9gionale de l'environnement,de l'am\u00e9nagement et du logement de la r\u00e9gion Provence-Alpes-C\u00f4te d'Azur ;ARR\u00caTENTArticle 1 : Lev\u00e9e des mesures d'urgenceLes mesures d'urgence mises en place \u00e0 partir du 14/06/2025 dans le cadre du dispositif degestion des \u00e9pisodes de pollution sont lev\u00e9es le 14/06/2025 \u00e0 20h00.Article 2 : Abrogation de l'arr\u00eat\u00e9 pr\u00e9fectoral du 13/05/2025L'arr\u00eat\u00e9 pr\u00e9fectoral du 13/06/2025 portant mise en \u0153uvre le 14/06/2025 et le 15/06/2025 de lacirculation diff\u00e9renci\u00e9e dans le cadre d'un \u00e9pisode de pollution de l'air sur le d\u00e9partement deVaucluse est abrog\u00e9.Article 3 : Ex\u00e9cutionLe pr\u00e9fet de Vaucluse, le pr\u00e9fet du Gard, le pr\u00e9fet de la zone de d\u00e9fense de s\u00e9curit\u00e9 Sud,pr\u00e9fet des Bouches-du-Rh\u00f4ne, le directeur d\u00e9partemental des territoires de Vaucluse, ledirecteur g\u00e9n\u00e9ral de l'agence r\u00e9gionale de sant\u00e9, les services de police et de gendarmerie, lepr\u00e9sident du Conseil R\u00e9gional Provence-Alpes-C\u00f4te d'Azur, le pr\u00e9sident du ConseilD\u00e9partemental de Vaucluse, le pr\u00e9sident du Conseil D\u00e9partemental du Gard, le pr\u00e9sident duConseil D\u00e9partemental des Bouches-du-Rh\u00f4ne, les pr\u00e9sidents d'\u00e9tablissements publics decoop\u00e9ration intercommunale, les maires, le pr\u00e9sident de l'association agr\u00e9\u00e9e pour lasurveillance de la qualit\u00e9 de l'air, sont charg\u00e9s, chacun en ce qui le concerne, de l'ex\u00e9cutiondu pr\u00e9sent arr\u00eat\u00e9.\npage 2 de 3\nPrefecture du Gard - 30-2025-06-14-00001 - Ap interprefectoral de lev\u00e9e de mesures d'urgence pollution air 14-06-25 5\nFait a Avignon, le 14/06/2025\nf \\ 4 Le Pr\u00e9fet de la zone de d\u00e9fense etLe Pr\u00e9fetdelMabeluse de s\u00e9curit\u00e9 Sud,| _ 1 sous-pr\u00e9fet, | Pr\u00e9fet des Bouches-du-Rh\u00f4ne\nGus Pr\u00e9f\u00e8teC/el'arrondisseC\u00e9cile LENGLET\npage 3 de 3\nPrefecture du Gard - 30-2025-06-14-00001 - Ap interprefectoral de lev\u00e9e de mesures d'urgence pollution air 14-06-25 6","date":"2025-06-14","first_seen_on":"2025-06-14T18:09:09+00:00","id":"317df1de86d16afbce9e8d80494f3a47753b25f6e9228ccfb456da00072f7b9b","name":"recueil-30-2025-104-recueil-des-actes-administratifs-special-1","pdf_creation_date":"2025-06-14T17:05:36+00:00","pdf_modification_date":null,"timezone":"Europe/Paris","url":"https://www.gard.gouv.fr/contenu/telechargement/63778/471480/file/recueil-30-2025-104-recueil-des-actes-administratifs-special-1.pdf"}
