{"administration":"pref83","administration_name":"Pr\u00e9fecture du Var","content":"VAR\nRECUEIL DES ACTES\nADMINISTRATIFS SP\u00c9CIAL\n(NOMINATIFS)\nN\u00b083-2024-053\nPUBLI\u00c9 LE 27 MARS 2024\nSommaire\nAgence r\u00e9gionale de sant\u00e9 du Var / Direction de l'ARS du var\n83-2024-03-22-00007 - Arrt modificatif de la compostion des membres du\nCTS du VAR (8 pages) Page 3\nSecr\u00e9tariat g\u00e9n\u00e9ral commun d\u00e9partemental / Direction du SGCD\n83-2023-12-13-00001 - Arr\u00eat\u00e9 N\u00b02024/10 modifiant l'arr\u00eat\u00e9 pr\u00e9fectoral\nn\u00b02023/06 du 3 f\u00e9vrier 2023 portant d\u00e9signation des membres de la\nformation sp\u00e9cialis\u00e9e du comit\u00e9 social d'administration pr\u00e9fecture et\nSGCD du Var. (2 pages) Page 12\n2\nAgence r\u00e9gionale de sant\u00e9 du Var\n83-2024-03-22-00007\nArrt modificatif de la compostion des membres\ndu CTS du VAR\nAgence r\u00e9gionale de sant\u00e9 du Var - 83-2024-03-22-00007 - Arrt modificatif de la compostion des membres du CTS du VAR 3\nREPUBLIQUE\nFRANCAISE\nLibert\u00e9\n\u00c9galit\u00e9\nFraternit\u00e9A\n@ D Agence  R\u00e9gionale  de Sant\u00e9\nProvence-Alpes\nC\u00f4te  d'Azur\n  \n \n \n \n \n \n \n \n \n \nAgence r\u00e9gionale de sant\u00e9 Provence -Alpes -C\u00f4te d'Azur -Si\u00e8ge  - 132, boulevard de Paris - CS 50039 - 13331 Marseille Cedex 03  \nT\u00e9l 04.13.55.80.10  \nhttps://www.paca.ars.sante.fr/            Page 1/8 \n \nR\u00e9f : DD83 -0224 -1653 -D \n \nARRETE du 22 mars  2024  \nModifiant l'arr\u00eat\u00e9 du 1er Aout 2022 fixant la composition nominative  \ndu Conseil Territorial de Sant\u00e9 du Var  \n \n \nLE DIRECTEUR GENERAL DE L'AGENCE REGIONALE DE SANTE  \nDE PROVENCE -ALPES -COTE D'AZUR  \n \n \nVu le code de la sant\u00e9 publique, notamment ses articles L1434 -10 CSP, R. 1434 -33 \u00e0 1434 -40 ; \n \nVu la loi n\u00b0 2016 -41 du 26 janvier 2016 de modernisation de notre syst\u00e8me de sant\u00e9  ; \n \nVu la loi n\u00b0 2022 -217 du 21 f\u00e9vrier 2022 relative \u00e0 la diff\u00e9renciation, la d\u00e9centralisation, la d\u00e9concentration et \nportant diverses mesures de simplification de l'action pu blique locale modifiant l'article L 1434 -10 du CSP  \n \nVu le d\u00e9cret n\u00b0 2010 -336 du 31 mars 2010 portant cr\u00e9ation des Agences R\u00e9gionales de Sant\u00e9  ; \n \nVu le d\u00e9cret n\u00b0 2016 -1024 du 26 juillet 2016 relatif aux territoires de d\u00e9mocratie sanitaire aux zones des \nsch\u00e9mas r\u00e9gionaux de sant\u00e9 et aux Conseils Territoriaux de Sant\u00e9  ; \n \nVU le d\u00e9cret du 14 septembre 2022 portant nomination de Monsieur Denis ROBIN, en qualit\u00e9 de Directeur g\u00e9n\u00e9ral, \nde l'Agence r\u00e9gionale de sant\u00e9 Provence -Alpes -C\u00f4te d'Azur, \u00e0 compter du 3 oct obre 2022 ;  \n \nVu le d\u00e9cret n\u00b0 2021 -1258 du 29 septembre 2021 portant prorogation du mandat des membres de certains \nconseils territoriaux de sant\u00e9  \n \nVu l'arr\u00eat\u00e9 minist\u00e9riel  du 3 ao\u00fbt 2016  relatif  \u00e0 la composition  du Conseil  Territorial de Sant\u00e9  ; \n \nVu l'arr\u00eat\u00e9  n\u00b0 2016037 -0024 du 24 octobre 2016 du Directeur G\u00e9n\u00e9ral de l'Agence R\u00e9gionale de Sant\u00e9 \nd\u00e9finissant les territoires de d\u00e9mocratie sanitaire de la r\u00e9gion Provence -Alpes -C\u00f4te d'Azur  ; \n \nVu l'arr\u00eat\u00e9 n\u00b0 DD83 -0217 -1128-D du 2 mars 2017  fixant la composition nomi native du Conseil Territorial de \nSant\u00e9 du Var ;  \n \nVU l'arr\u00eat\u00e9 du 1er aout 2022 fixant la composition nominative du Conseil Territorial de Sant\u00e9 du Var  ;  \n \nSur proposition des autorit\u00e9s et instances charg\u00e9es de d\u00e9signer des repr\u00e9sentants mentionn\u00e9s dans l'arr\u00eat\u00e9 \nminist\u00e9riel du 3 ao\u00fbt 2016 relatif \u00e0 la composition du conseil territorial de sant\u00e9 ;  \n \nConsid\u00e9rant  que le mandat des membres des CTS a \u00e9t\u00e9 prorog\u00e9 jusqu'\u00e0 la d\u00e9signation des nouveaux \nmembres et au plus tard, jusqu'au 31 juillet 2022 conform\u00e9ment au d\u00e9cret du 29 septembre 2021 susvis\u00e9, \net qu'il convient donc de d\u00e9signer une nouvelle mandature  ; \n \n \n Agence r\u00e9gionale de sant\u00e9 du Var - 83-2024-03-22-00007 - Arrt modificatif de la compostion des membres du CTS du VAR 4\nAgence r\u00e9gionale de sant\u00e9 Provence -Alpes -C\u00f4te d'Azur -Si\u00e8ge  - 132, boulevard de Paris - CS 50039 - 13331 Marseille Cedex 03  \nT\u00e9l 04.13.55.80.10  \nhttps://www.paca.ars.sante.fr/            Page 2/8 \n ARRET E \n \n \nARTICLE 1ER :  \n \nL'arr\u00eat\u00e9 n\u00b0 DD83 -0722 -8746 -D du 2 mars 2017  fixant la composition nominative du Conseil Territorial de \nSant\u00e9 du Var, publi\u00e9 au recueil des actes administratifs de la Pr\u00e9fecture de la r\u00e9gion PACA le 7 mars 2017 \nest abrog\u00e9.  \n \nARTICLE 2 :  \n \nLe Conseil Territorial de Sant\u00e9 est compos\u00e9 de trente -quatre membres au moins et de cinquante membres \nau plus, r\u00e9partis en 5 coll\u00e8ges.  \n \nARTICLE 3 : \n \n La liste des membres titulaires et suppl\u00e9ants du Conseil Territorial du Var est fix\u00e9e comme suit  :  \n \n \n1\u00b0 Un coll\u00e8ge des professionnels et offreurs des services de sant\u00e9, compos\u00e9 d'au moins \nvingt et d'au plus, vingt -huit repr\u00e9sentants : \n \n \na) au plus, six repr\u00e9sentants des \u00e9tablissements de sant\u00e9, d\u00e9sign\u00e9s sur proposition des \nf\u00e9d\u00e9rations qui les repr\u00e9sentent, dont au plus trois repr\u00e9sentants des personnes morales \ngestionnaires de ces \u00e9tablissements et au plus trois pr\u00e9sidents de commission m\u00e9di cale ou de \nconf\u00e9rence m\u00e9dicale d'\u00e9tablissement  :  \n \n- Monsieur Yann LE BRAS, FHF, Directeur CHI Toulon -La Seyne sur mer  \nsuppl\u00e9\u00e9 par  : \n- Monsieur Damien FLOUREZ, FHF, Directeur CH Brignoles -Le Luc  \n \n- Docteur Yannick KNEFATI, FHF, Pr\u00e9sident de CME, CHI Toulon -La Seyne sur mer  \nsuppl\u00e9\u00e9 par  : \n- Docteur Jean -Marc MINGUET, FHF, Pr\u00e9sident de CME, CH de la Drac\u00e9nie  \n \n- Madame Val\u00e9rie MASSENET, FEHAP, Directrice Clinique Malartic, Ollioules  \nsuppl\u00e9\u00e9 par  : \n- Monsieur Jean -Bernard PERDIGAL, FEHAP, Directeur G\u00e9n\u00e9ral de Sant\u00e9 Solidar it\u00e9 du Var  \n \n- Docteur Val\u00e9rie CHAUVINEAU -MORTELETTE, FEHAP, Pr\u00e9sidente de CME, H\u00f4pital L\u00e9on \nB\u00e9rard, Hy\u00e8res  \nsuppl\u00e9\u00e9 par  : \n- En cours de d\u00e9signation  \n \n- Monsieur Franck BLANC, FHP, Directeur G\u00e9n\u00e9ral Clinique Saint -Martin, Ollioules  \nsuppl\u00e9\u00e9 par  : \n- Madame CONSTANTIN Sarah , FHP, Direct rice de la  Polyclinique Les Fleurs, Ollioules  \n \n- Docteur Sophie BUFFET -DELMAS, FHP, Pr\u00e9sident de la CME IMM Mar Vivo, La Seyne sur \nMer \nsuppl\u00e9\u00e9 par  : \n- Docteur Emmanuel MULIN, FHP, Pr\u00e9sident de la CME de la Clinique Korian,  La Crau  \n \n \n \n \n \n Agence r\u00e9gionale de sant\u00e9 du Var - 83-2024-03-22-00007 - Arrt modificatif de la compostion des membres du CTS du VAR 5\nAgence r\u00e9gionale de sant\u00e9 Provence -Alpes -C\u00f4te d'Azur -Si\u00e8ge  - 132, boulevard de Paris - CS 50039 - 13331 Marseille Cedex 03  \nT\u00e9l 04.13.55.80.10  \nhttps://www.paca.ars.sante.fr/            Page 3/8 \n b) au p lus, cinq repr\u00e9sentants des personnes morales gestionnaires des services et \n\u00e9tablissements sociaux et m\u00e9dico -sociaux mentionn\u00e9s au I de l'article L. 312 -1 et \u00e0 l'article     L. \n344-1 du code de l'action sociale et des familles r\u00e9partis entre ceux qui \u0153uvre nt en faveur des \npersonnes \u00e2g\u00e9es et ceux qui \u0153uvrent en faveur des personnes handicap\u00e9es, d\u00e9sign\u00e9s sur \nproposition des groupements et f\u00e9d\u00e9rations repr\u00e9sentatifs des institutions sociales et m\u00e9dico -\nsociales  :  \n \n- Monsieur Henri BADELL, Administrateur et d\u00e9l\u00e9gu\u00e9 du Var GEPSO  \nsuppl\u00e9\u00e9 par  : \n- Madame Vanessa BOUBEE, GEPSO  \n \n- Monsieur Alexandre MULLER, NEXEM, Directeur G\u00e9n\u00e9ral du groupe UMANE  \nsuppl\u00e9\u00e9 par  : \n- En cours de d\u00e9signation  \n \n- Madame LARDERET Sabine, D\u00e9l\u00e9gu\u00e9e SYNERPA du Var, Directrice EHPAD Notre Dame \nde Para col, Le Val  \nsuppl\u00e9\u00e9 par  : \n- Madame LEVEL Sandrine, D\u00e9l\u00e9gu\u00e9e D\u00e9partementale SYNERPA du Var  \n \n- Monsieur Giancarlo BAILLET, URIOPSS, Directeur COS Beaus\u00e9jour, Hy\u00e8res  \nsuppl\u00e9\u00e9 par  : \n- Monsieur Samuel TAILHADES, FEHAP/URIOPSS, Directeur EHPAD Jean Lachenaud, \nFr\u00e9jus  \n \n- Madame Sophie ABOUDARAM, FEHAP/URIOPSS, Directrice ADAPT Var  \nsuppl\u00e9\u00e9 par  : \n- Monsieur Fabien VIZIALE, FEHAP/URIOPSS, Directeur de l'IME BELL'ESTELLO, Le Pradet  \n \n \n \nc) au plus, trois repr\u00e9sentants des organismes \u0153uvrant dans les domaines de la promotion de la \nsant\u00e9 et de la pr\u00e9vention ou en faveur de l'environnement et de la lutte contre la pr\u00e9carit\u00e9, \nd\u00e9sign\u00e9s \u00e0 l'issue d'un appel \u00e0 candidatures organis\u00e9 dans des conditions fix\u00e9es par le \nDirecteur G\u00e9n\u00e9ral de l'Agence R\u00e9gionale de Sant\u00e9 :  \n \n- Docteur Laurence PALLI ER, Directrice CODES 83  \nsuppl\u00e9\u00e9 par  : \n- Madame Aur\u00e8lie GAZAGNE, Coordinatrice, Association IDEA  \n \n- Monsieur Gilles REBECHE, Secr\u00e9taire de l'Union Diaconale du Var, Toulon  \nsuppl\u00e9\u00e9 par  : \n- Monsieur Gilles COSSON, Responsable sant\u00e9 pr\u00e9carit\u00e9, UDV 83  \n \n- Monsieur St\u00e9phane GRASS, UNEO, D\u00e9l\u00e9gu\u00e9 Mutualit\u00e9 Fran\u00e7aise VAR  \nsuppl\u00e9\u00e9 par  : \n- Monsieur Cyril AMIC, Responsable pr\u00e9vention et promotion sant\u00e9, Mutualit\u00e9 Fran\u00e7aise PACA.  \n \n \n \n \n \n \n \n \n \n \n Agence r\u00e9gionale de sant\u00e9 du Var - 83-2024-03-22-00007 - Arrt modificatif de la compostion des membres du CTS du VAR 6\nAgence r\u00e9gionale de sant\u00e9 Provence -Alpes -C\u00f4te d'Azur -Si\u00e8ge  - 132, boulevard de Paris - CS 50039 - 13331 Marseille Cedex 03  \nT\u00e9l 04.13.55.80.10  \nhttps://www.paca.ars.sante.fr/            Page 4/8 \n d) au plus, six repr\u00e9sentants des professionnels de sant\u00e9 lib\u00e9raux, dont au plus  trois m\u00e9decins et \nau plus trois repr\u00e9sentants des autres professionnels de sant\u00e9, d\u00e9sign\u00e9s par le Directeur \nG\u00e9n\u00e9ral de l'Agence R\u00e9gionale de Sant\u00e9, sur proposition conjointe des unions r\u00e9gionales des \nprofessionnels de sant\u00e9:  \n-  \n- Docteur Alexis ANTOINE, URPS M\u00e9decins Lib\u00e9raux  \nsuppl\u00e9\u00e9 par  : \nDocteur Marie -Claire TUFFERY, URPS M\u00e9decins Lib\u00e9raux  \n \n- Docteur David GUEDJ, URPS M\u00e9decins Lib\u00e9raux  \nsuppl\u00e9\u00e9 par  : \n- Madame Fran\u00e7oise PASQUALI, URPS Pharmaciens  \n \n- Docteur Wilfrid GUARDIGLI, URPS M\u00e9dec ins Lib\u00e9raux,  \nsuppl\u00e9\u00e9 par  : \n- Docteur Isabelle LECLAIR, URPS M\u00e9decins Lib\u00e9raux  \n \n- Docteur Renaud MACCOTA, URPS Chirurgiens -Dentistes  \nsuppl\u00e9\u00e9 par  : \n- Madame Laurence POYER -GRANDO, URPS Orthophonistes  \n-  \n- Monsieur Christophe CHABOT, Vice -pr\u00e9sident URPS Infirmiers,  \nsuppl\u00e9\u00e9 par  : \n- Monsieur Patrick MAGNETTO, URPS Pharmaciens  \n \n- En cours de d\u00e9signation  \nsuppl\u00e9\u00e9 par  : \n- Monsieur Philippe LOUCHEUX, URPS Masseurs -Kin\u00e9sith\u00e9rapeutes  \n \n \n \ne) un repr\u00e9sentant des internes en m\u00e9decine de la ou des subdivisions situ\u00e9es sur le territoire du \nconseil, d\u00e9sign\u00e9 par une organisation qui les repr\u00e9sente :  \n \n- En cours de d\u00e9signation  \nSuppl\u00e9\u00e9 par ;  \n- En cours de d\u00e9signation  \n \n \n \nf) au plus, cinq repr\u00e9sentants des diff\u00e9rents modes d'exercice coordonn\u00e9 et des organisations de \ncoop\u00e9ration territoriale :  \n \n- Monsieur Patrick ROUVERAND, G\u00e9rant, MSP du Pays de Fayence  \nsuppl\u00e9\u00e9 par  : \n- Madame BENDETSON Doroth\u00e9e, Coordinatrice, MSP du Pays de Fayence  \n \n- Docteur Andr\u00e9 -Fran\u00e7ois CHAIX, Pr\u00e9sident, CPTS Drac\u00e9nie Provence Verdon  \nsuppl\u00e9\u00e9 par  : \n- Madame Cindy PUGLIESE, Coordinat rice, CPTS Drac\u00e9nie Provence Verdon  \n \n- Mme Virginie D'ARCO, Coordinatrice, CPTS Pays des Maures -Littoral  \nsuppl\u00e9\u00e9 par  : \n- Monsieur Patrick BEGUIN, MSP Thorsantis, Le Thoronet  \n \n \n \n Agence r\u00e9gionale de sant\u00e9 du Var - 83-2024-03-22-00007 - Arrt modificatif de la compostion des membres du CTS du VAR 7\nAgence r\u00e9gionale de sant\u00e9 Provence -Alpes -C\u00f4te d'Azur -Si\u00e8ge  - 132, boulevard de Paris - CS 50039 - 13331 Marseille Cedex 03  \nT\u00e9l 04.13.55.80.10  \nhttps://www.paca.ars.sante.fr/            Page 5/8 \n - Madame Marie -Christine BATTESTI, Infirmi\u00e8re, CPTS des Iles d'Or, Hy\u00e8res  \nsuppl\u00e9\u00e9 par : \n- Madame Alvina GUILLE, Coordinatrice, CPTS des Iles d'Or, Hy\u00e8res  \n \n- Monsieur Michel SIFFRE, membre du conseil d'administration, CPTS Var Ouest  \nsuppl\u00e9\u00e9 par  : \n- Madame Carole MITTELETTE, membre du conseil d'administration, CPTS Var Ouest  \n \n \n \ng) au plus, un r epr\u00e9sentant des \u00e9tablissements assurant des activit\u00e9s d'hospitalisation \u00e0 domicile \nd\u00e9sign\u00e9 par le Directeur G\u00e9n\u00e9ral de l'Agence R\u00e9gionale de Sant\u00e9, sur proposition de \nl'organisation regroupant le nombre le plus important de ces \u00e9tablissements sur le territ oire \nconcern\u00e9 :  \n \n- Monsieur Olivier MAGAJA, FNEHAD, Directeur Cap Domicile HAD, La Seyne sur mer  \nsuppl\u00e9\u00e9 par  : \n- En cours de d\u00e9signation  \n \n \n \nh) au plus, un repr\u00e9sentant de l'ordre des m\u00e9decins d\u00e9sign\u00e9 par le pr\u00e9sident du Conseil r\u00e9gional \nde l'ordre :  \n \n- Docteur Catherine VEYSSIERE -BERTRAND, Secr\u00e9taire G\u00e9n\u00e9rale du Conseil D\u00e9partemental \nde l'Ordre des M\u00e9decins du Var  \nsuppl\u00e9\u00e9 par  : \n- Docteur Christian MOUTTE, membre du Conseil D\u00e9partemental de l'Ordre des M\u00e9decins du \nVar \n \n \n \n2\u00b0 Un coll\u00e8ge des usagers et associations d'usagers \u0153uvrant dans les domaines de \ncomp\u00e9tence de l'Agence R\u00e9gionale de Sant\u00e9, compos\u00e9 d'au moins six et d'au plus, dix \nmembres :  \n  \n \na) au plus, six repr\u00e9sentants des usagers des associations agr\u00e9\u00e9es au niveau r\u00e9gional ou, \u00e0 \nd\u00e9faut, au niveau national, conform\u00e9ment \u00e0 l'article L. 1114 -1, d\u00e9sign\u00e9s \u00e0 l'issue d'un appel \u00e0 \ncandidatures organis\u00e9 dans des conditions fix\u00e9es par le Directeur G\u00e9n\u00e9ral de l'Agence \nR\u00e9gionale de Sant\u00e9 :  \n \n- Monsieur Fran\u00e7ois DEBATS, Administrat eur, UDAF du Var  \nsuppl\u00e9\u00e9 par  : \n- Monsieur R\u00e9gis LEFEBVRE, Pr\u00e9sident, UDAF du Var  \n \n- Monsieur Louis PORTE, b\u00e9n\u00e9vole UNAFAM, Var  \nsuppl\u00e9\u00e9 par  : \n- En cours de d\u00e9signation  \n \n- En cours de d\u00e9signation  \nsuppl\u00e9\u00e9 par  : \n- En cours de d\u00e9signation  \n \n- En cours de d\u00e9signation  \nsuppl\u00e9\u00e9  par : \n- En cours de d\u00e9signation  \n Agence r\u00e9gionale de sant\u00e9 du Var - 83-2024-03-22-00007 - Arrt modificatif de la compostion des membres du CTS du VAR 8\nAgence r\u00e9gionale de sant\u00e9 Provence -Alpes -C\u00f4te d'Azur -Si\u00e8ge  - 132, boulevard de Paris - CS 50039 - 13331 Marseille Cedex 03  \nT\u00e9l 04.13.55.80.10  \nhttps://www.paca.ars.sante.fr/            Page 6/8 \n  \n- En cours de d\u00e9signation  \nsuppl\u00e9\u00e9 par  : \n- En cours de d\u00e9signation  \n \n- En cours de d\u00e9signation  \nsuppl\u00e9\u00e9 par  : \n- En cours de d\u00e9signation  \n \n \nb) au plus, quatre repr\u00e9sentants des usagers des associations des personnes handicap\u00e9es ou \ndes associations de retrait\u00e9s et personnes \u00e2g\u00e9es, sur proposition du ou des conseils \nd\u00e9partementaux de la citoyennet\u00e9 et de l'autonomie du ressort du Conseil Territorial de Sant\u00e9:  \n \n- Madame Astrid SIMONEAU, Association des paralys\u00e9s de France Var  \nsuppl\u00e9\u00e9 par  : \n- Madame Maryse MOSCATI, Union Territoriale des Retrait\u00e9s, CFDT 83  \n \n- En cours de d\u00e9signation  \nsuppl\u00e9\u00e9 par  : \n- Monsieur Paul VEROT, F\u00e9d\u00e9ration Nationale des Associations de Retrait\u00e9 FNAR  \n \n \n3\u00b0 Un coll\u00e8ge des collectivit\u00e9s territoriales ou de leurs groupements, du  territoire de \nd\u00e9mocratie sanitaire concern\u00e9, compos\u00e9 d'au moins quatre et d'au plus, sept membres  : \n \n \na) au plus, un Conseiller R\u00e9gional d\u00e9sign\u00e9 par le Pr\u00e9sident du Conseil R\u00e9gional :  \n \n- Madame Josy CHAMBON, Conseill\u00e8re R\u00e9gionale PACA  \nsuppl\u00e9\u00e9 par  : \n- Monsieur Andr\u00e9 GARRON, Maire de la ville de Solli\u00e8s -Pont \n \nb) au plus, un repr\u00e9sentant du Conseil D\u00e9partemental situ\u00e9 dans le ressort du conseil, d\u00e9sign\u00e9 \npar l'Assembl\u00e9e des d\u00e9partements de France :  \n \n- Madame Fran\u00e7oise DUMONT, S\u00e9natrice du Var  \nsuppl\u00e9\u00e9 par :  \n- Madame Nathal ie JANET, Conseill\u00e8re D\u00e9partementale du Var, Adjointe au Maire du \nLavandou  \n \n \nc) un repr\u00e9sentant des services d\u00e9partementaux de protection maternelle et infantile du ressort \ndu conseil territorial de sant\u00e9, d\u00e9sign\u00e9 par le Pr\u00e9sident du Conseil D\u00e9partemental :  \n \n- Docteur Thierry OLIVIER, Responsable du p\u00f4le PMI, Conseil D\u00e9partemental du Var  \nsuppl\u00e9\u00e9 par :  \n- Docteur Kareen THIBAULT, M\u00e9decin r\u00e9f\u00e9rent PMI, Conseil D\u00e9partemental  du Var  \n \n \nd) au plus, deux repr\u00e9sentants des communaut\u00e9s mentionn\u00e9es aux articles L. 5214 -1, L. 5215 -1,     \nL. 5216 -1, L. 5217 -1 ou L. 5219 -1 du code g\u00e9n\u00e9ral des collectivit\u00e9s territoriales regroupant des \ncommunes situ\u00e9es en tout ou partie dans le territoire de sant\u00e9 auquel est rattach\u00e9 le conseil, \nd\u00e9sign\u00e9s par l'Assembl\u00e9e des communaut\u00e9s de France :  \n \n- En cours de d\u00e9signation ;  \nsuppl\u00e9\u00e9 par :  \n- En cours de d\u00e9signation.  \n Agence r\u00e9gionale de sant\u00e9 du Var - 83-2024-03-22-00007 - Arrt modificatif de la compostion des membres du CTS du VAR 9\nAgence r\u00e9gionale de sant\u00e9 Provence -Alpes -C\u00f4te d'Azur -Si\u00e8ge  - 132, boulevard de Paris - CS 50039 - 13331 Marseille Cedex 03  \nT\u00e9l 04.13.55.80.10  \nhttps://www.paca.ars.sante.fr/            Page 7/8 \n  \n- En cours de d\u00e9signation ;  \nsuppl\u00e9\u00e9 par :  \n- En cours de d\u00e9signation.  \n \n \ne) au plus, deux repr\u00e9sentants des communes d\u00e9sign\u00e9s par l'Association des maires de France :  \n \n- Monsieur Richard STRAMBIO, M aire de Draguignan  \nsuppl\u00e9\u00e9 par :  \n- Monsieur Jean -Paul JOSEPH, Maire de Bandol  \n \n- Monsieur Jean -Luc LONGOUR, Maire du Cannet des Maures  \nsuppl\u00e9\u00e9 par :  \n- Monsieur Didier BREMOND, Maire de Brignoles  \n \n \n4\u00b0 Un coll\u00e8ge des repr\u00e9sentants de l'Etat et des organismes de S\u00e9curit\u00e9 Sociale, compos\u00e9 \nd'au moins deux et d'au plus trois membres:  \n  \na) au plus, un repr\u00e9sentant de l'Etat dans le d\u00e9partement du ressort du Conseil Territorial de \nSant\u00e9, d\u00e9sign\u00e9 par le Pr\u00e9fet de d\u00e9partement concern\u00e9 :  \n \n- Monsieur Charbel ABOUD, Sous -Pr\u00e9fet  de Brignoles  \nsuppl\u00e9\u00e9 par :  \n- Monsieur Arnaud POULY, Directeur D\u00e9partemental de l'Emploi, du Travail et de la Solidarit\u00e9, \nToulon  \n \n \nb) au plus, deux repr\u00e9sentants des organismes de S\u00e9curit\u00e9 Sociale situ\u00e9s dans le ressort du \nConseil Territorial de Sant\u00e9, d\u00e9sign\u00e9s par le Directeur G\u00e9n\u00e9ral de l'Agence R\u00e9gionale de Sant\u00e9, \nsur proposition conjointe des organismes locaux ou r\u00e9gionaux de S\u00e9curit \u00e9 Sociale du ressort \ndu conseil :  \n \n- Madame Isabelle BOUIS, MSA Provence AZUR  \nsuppl\u00e9\u00e9 par :  \n- Monsieur Thierry GONFALONE, Directeur Adjoint, CNMSS, Toulon  \n \n- Monsieur Gilles MANCHON, Pr\u00e9sident du Conseil, CPAM, Toulon  \nsuppl\u00e9\u00e9 par :  \n- En cours de d\u00e9signation  \n \n \n5\u00b0 Deux personnalit\u00e9s qualifi\u00e9es d\u00e9sign\u00e9es par le Directeur G\u00e9n\u00e9ral de l'Agence R\u00e9gionale \nde Sant\u00e9 selon les dispositions pr\u00e9vues \u00e0 l'article R. 1434 -33 du code de la sant\u00e9 publique :  \n \n- Docteur Daniel RAUCOULES, 2\u00e8me vice-Pr\u00e9sident de la CME, Responsable de l' Unit\u00e9 \nIntersectorielle d'Hospitalisation Sans Consentement, CHI Toulon -La Seyne sur mer  \n \n- Docteur Yves AUROY, M\u00e9decin Chef, HIA Sainte -Anne, TOULON  \n \n \n \n \n \n \n \n \n \n \n \n Agence r\u00e9gionale de sant\u00e9 du Var - 83-2024-03-22-00007 - Arrt modificatif de la compostion des membres du CTS du VAR 10\nAgence r\u00e9gionale de sant\u00e9 Provence -Alpes -C\u00f4te d'Azur -Si\u00e8ge  - 132, boulevard de Paris - CS 50039 - 13331 Marseille Cedex 03  \nT\u00e9l 04.13.55.80.10  \nhttps://www.paca.ars.sante.fr/            Page 8/8 \n Membres invit\u00e9s en application de l'article 19 de la loi n\u00b0 2019 -774 du 24 juillet 2019 susvis\u00e9e \nportant modification de l'article L1434 -10 du code de la sant\u00e9 publique  : \n    \n- Laure LAVALETTE, d\u00e9put\u00e9e, 2\u00e8me circonscription  \n- Julie LECHANTEUX, d\u00e9put\u00e9e, 5\u00e8me circonscription  \n- Yannick CHENEVARD, d\u00e9put\u00e9, 1\u00e8re circonscription  \n- St\u00e9phane RAMBAUD, d\u00e9put\u00e9, 3\u00e8me circonscription  \n- Philippe LOTTIAUX, d\u00e9put\u00e9, 4\u00e8me circonscription  \n- Franck GILETTI, d\u00e9put\u00e9, 6\u00e8me circonscription  \n- Fr\u00e9d\u00e9ric BOCCALETTI, d\u00e9put\u00e9, 7\u00e8me circonscription  \n- Philippe SCHRECK, d\u00e9put\u00e9, 8\u00e8me circonscription  \n- Fran\u00e7oise DUMONT, s\u00e9natrice  \n- Jean BACCI, s\u00e9nateur  \n- Michel BONNUS, s\u00e9nateur  \n- Andr\u00e9 GUIOL, s\u00e9nateur  \n \n \n \nArticle 4   \n \nLa dur\u00e9e du mandat des membres du Conseil Territorial de Sant\u00e9 est de cinq ans, \u00e0 compter du 1er Aout \n2022.  \nTout membre perdant la qualit\u00e9 pour laquelle il a \u00e9t\u00e9 d\u00e9sign\u00e9 cesse de faire partie du Conseil Territorial de \nSant\u00e9.  \nLorsqu'un membre cesse, pour une raison quelconque, de faire partie du Conseil Territorial o\u00f9 il si\u00e9geait, \nun nouveau membre est d\u00e9sign\u00e9, dans les m\u00eames conditions, pour la dur\u00e9e restant \u00e0 courir du mandat.  \n  \nARTICLE 5 :  \n \nLe pr\u00e9sent arr\u00eat\u00e9 peut \u00eatre contest\u00e9 par voie de recours contentieux devant la juridiction administrative \nterritorialement comp\u00e9tente dans le d\u00e9lai de 2 mois \u00e0 compter de sa publication au recueil des actes \nadministratifs de la pr\u00e9fecture de la r\u00e9gion PACA po ur les tiers, ou de sa notification pour les int\u00e9ress\u00e9s.  \n \nARTICLE 6 : \n \nLe directeur de la d\u00e9l\u00e9gation d\u00e9partementale du Var est charg\u00e9e de l'ex\u00e9cution du pr\u00e9sent arr\u00eat\u00e9 qui sera \npubli\u00e9 au recueil des actes administratifs de la Pr\u00e9fecture de la r\u00e9gion Provence -Alpes -C\u00f4te d'Azur.  \n \n \n \nFait \u00e0 Marseille, le 22 mars  2024        \n \n \n \n Le Directeur G\u00e9n\u00e9ral de l'Agence R\u00e9gionale de Sant\u00e9 \n Provence Alpes C\u00f4te d 'Azur \n \n Sign\u00e9 : Denis Robin \n Agence r\u00e9gionale de sant\u00e9 du Var - 83-2024-03-22-00007 - Arrt modificatif de la compostion des membres du CTS du VAR 11\nSecr\u00e9tariat g\u00e9n\u00e9ral commun d\u00e9partemental\n83-2023-12-13-00001\nArr\u00eat\u00e9 N\u00b02024/10 modifiant l'arr\u00eat\u00e9 pr\u00e9fectoral\nn\u00b02023/06 du 3 f\u00e9vrier 2023 portant d\u00e9signation\ndes membres de la formation sp\u00e9cialis\u00e9e du\ncomit\u00e9 social d'administration pr\u00e9fecture et\nSGCD du Var.\nSecr\u00e9tariat g\u00e9n\u00e9ral commun d\u00e9partemental - 83-2023-12-13-00001 - Arr\u00eat\u00e9 N\u00b02024/10 modifiant l'arr\u00eat\u00e9 pr\u00e9fectoral n\u00b02023/06 du 3\nf\u00e9vrier 2023 portant d\u00e9signation des membres de la formation sp\u00e9cialis\u00e9e du comit\u00e9 social d'administration pr\u00e9fecture et SGCD du\nVar.12\nEx\nPREFET\nDU  VAR\nLibert\u00e9\nEgalit\u00e9\nFraternit\u00e9\nSecr\u00e9tariat g\u00e9n\u00e9ral commun d\u00e9partemental\nARR\u00caT\u00c9 N\u00b0 2024/10\nmodifiant  l'arr\u00eat\u00e9  pr\u00e9fectoral  n\u00b02023/06  du  3  f\u00e9vrier  2023  portant  d\u00e9signation  des\nmembres  de  la  formation  sp\u00e9cialis\u00e9e  du  comit\u00e9  social  d'administration  pr\u00e9fecture  et\nSGCD du Var \nLe pr\u00e9fet du Var,\nVule code g\u00e9n\u00e9ral de la fonction publique ;\nVule  d\u00e9cret  n\u00b0  2020-1427  du  20  novembre  2020  relatif  aux  comit\u00e9s  sociaux\nd'administration dans les administrations et les \u00e9tablissements publics de l'\u00c9tat;\nVul'arr\u00eat\u00e9 du 3 juin 2022 instituant des comit\u00e9s sociaux d'administration au sein du\nminist\u00e8re de l'int\u00e9rieur et des outre-mer  ; \nVul'arr\u00eat\u00e9 du 6 octobre 2022 relatif aux modalit\u00e9s d'organisation du vote \u00e9lectronique\npar internet pour l'\u00e9lection des repr\u00e9sentants du personnel au sein des instances de\nrepr\u00e9sentation du minist\u00e8re de l'int\u00e9rieur et des outre-mer  ;\nVul'arr\u00eat\u00e9 NOR TFPX2234445A du 30 novembre 2022 modifiant l'arr\u00eat\u00e9 du 9 mars 2022\nportant  d\u00e9rogation  \u00e0  l'utilisation  du  vote  \u00e9lectronique  en  vue  du  prochain\nrenouvellement g\u00e9n\u00e9ral des instances de dialogue social dans la fonction publique de\nl'\u00c9tat ;\nVule proc\u00e8s-verbal de d\u00e9pouillement et de proclamation des r\u00e9sultats du 8 d\u00e9cembre\n2022 ;\nVul'arr\u00eat\u00e9 2022/61 du 22 d\u00e9cembre 2022 portant d\u00e9signation des membres du comit\u00e9\nsocial d'administration pr\u00e9fecture et SGCD du Var  ;\nVules d\u00e9signations communiqu\u00e9es par les organisations syndicales pour la composition\nde la formation sp\u00e9cialis\u00e9e  ;\nVu   l'arr\u00eat\u00e9 2023/06 du 3 f\u00e9vrier 2023 portant d\u00e9signation des membres de la formation\nsp\u00e9cialis\u00e9e du comit\u00e9 social d'administration pr\u00e9fecture et SGCD du Var ;\nConsid\u00e9rant  le  courrier  du  13  d\u00e9cembre  2023  demandant  de  prendre  en  compte  la\nd\u00e9signation de la nouvelle composition des membres de la formation sp\u00e9cialis\u00e9e du\ncomit\u00e9 social d'administration au titre de la liste UATS-UNSA/SAPACMI/SANEER.\nSur proposition du secr\u00e9taire g\u00e9n\u00e9ral de la pr\u00e9fecture du Var,\n1\nSecr\u00e9tariat g\u00e9n\u00e9ral commun d\u00e9partemental - 83-2023-12-13-00001 - Arr\u00eat\u00e9 N\u00b02024/10 modifiant l'arr\u00eat\u00e9 pr\u00e9fectoral n\u00b02023/06 du 3\nf\u00e9vrier 2023 portant d\u00e9signation des membres de la formation sp\u00e9cialis\u00e9e du comit\u00e9 social d'administration pr\u00e9fecture et SGCD du\nVar.13\nARR\u00caTE\narticle 1er  : L'arr\u00eat\u00e9 2023/06 du 3 f\u00e9vrier 2023 portant  d\u00e9signation des membres de la\nformation sp\u00e9cialis\u00e9e du comit\u00e9 social d'administration pr\u00e9fecture et SGCD du Var est\nabrog\u00e9,\narticle 2 : La nouvelle composition de la formation sp\u00e9cialis\u00e9e est \u00e9tablie comme suit  :\nMembres titulaires Membres suppl\u00e9ants\nAu titre de FO Pr\u00e9fectures et des services du minist\u00e8re de l'int\u00e9rieur\nPELLISSIER Laetitia BEY Christophe\nCAIRE Laurence PORRE Carole\nRAMIREZ St\u00e9phanie BEZIE C\u00e9line\nAu titre de UATS-UNSA / SAPACMI / SANEER\nVIEL-SORGUS Nicole Pascal GIORDANO\nPascal GUILBERT Christiane FLICK\nAu titre de la CFDT\nFRASCHINI Odile GENSE Eric\narticle 3 :  Le pr\u00e9sent  arr\u00eat\u00e9 sera  notifi\u00e9 aux membres  de la  formation sp\u00e9cialis\u00e9e du\ncomit\u00e9 social d'administration pr\u00e9fecture et SGCD du Var.\narticle 4 :  Le  secr\u00e9taire g\u00e9n\u00e9ral de la  pr\u00e9fecture du  Var  est charg\u00e9 de l'ex\u00e9cution du\npr\u00e9sent arr\u00eat\u00e9.\nActicle 5 : En vertu des articles R 421-1 \u00e0 R 421-5 du code de justice administrative, le\npr\u00e9sent acte peut faire l'objet d'un recours pour exc\u00e8s de pouvoir devant le tribunal\nadministratif de Toulon \u2013 5 rue Racine - CS 40510 - 83041 Toulon Cedex 9 - dans un d\u00e9lai\nde deux mois \u00e0 compter de sa notification. Le tribunal administratif peut \u00eatre saisi par\nl'application  informatique  \"T\u00e9l\u00e9recours  citoyens\"  accessible  par  le  site  internet\nwww.telerecours.fr.\nFait \u00e0 Toulon, le 13 d\u00e9cembre 2023\nPour le Pr\u00e9fet\n                                                                                          et par d\u00e9l\u00e9gation\n                                                                                       le secr\u00e9taire g\u00e9n\u00e9ral\n  sign\u00e9\n    Lucien GIUDICELLI\n2Secr\u00e9tariat g\u00e9n\u00e9ral commun d\u00e9partemental - 83-2023-12-13-00001 - Arr\u00eat\u00e9 N\u00b02024/10 modifiant l'arr\u00eat\u00e9 pr\u00e9fectoral n\u00b02023/06 du 3\nf\u00e9vrier 2023 portant d\u00e9signation des membres de la formation sp\u00e9cialis\u00e9e du comit\u00e9 social d'administration pr\u00e9fecture et SGCD du\nVar.14","date":"2024-03-27","first_seen_on":"2024-08-21T10:24:44+00:00","id":"321417563ee2aef11af0900545e22d4ea65520072d40a945be1d59362df7756d","name":"RAA N\u00b0053 du 27 mars 2024","pdf_creation_date":"2024-03-27T14:01:36+00:00","pdf_modification_date":null,"timezone":"Europe/Paris","url":"https://www.var.gouv.fr/contenu/telechargement/33846/225594/file/RAA%20N%C2%B0053%20du%2027%20mars%202024%20NOMMINATIF.pdf"}
