{"administration":"pref83","administration_name":"Pr\u00e9fecture du Var","content":"VAR\nRECUEIL DES ACTES\nADMINISTRATIFS\nN\u00b083-2026-122\nPUBLI\u00c9 LE 10 AVRIL 2026\nSommaire\nDirection d\u00e9partementale des territoires et de la mer du Var / Direction et\nr\u00e9f\u00e9rents territoriaux de la DDTM\n83-2026-03-27-00004 - Arr\u00eat\u00e9 pr\u00e9fectoral n\u00b0\nDDTM/MICSDTP/T\u00c9L\u00c9PH\u00c9RIQUE-TOULON/2026-01 du 27 mars\n2026\nportant r\u00e8glement de police du T\u00e9l\u00e9ph\u00e9rique du Mont\nFaron situ\u00e9 sur la commune de Toulon (7 pages) Page 3\nDirection d\u00e9partementale des territoires et de la mer du Var / Service eau\net biodiversit\u00e9 de la DDTM\n83-2026-04-09-00009 - Arr\u00eat\u00e9 pr\u00e9fectoral  n\u00b0 DDTM / SEBIO /\n2026-79 du 09 avril 2026 portant opposition \u00e0 d\u00e9claration au titre de\nl'article L.214-3 du code de l'environnement concernant la cr\u00e9ation\nd'un parc photovolta\u00efque sur la commune de La Bastide. (3 pages) Page 11\nDirection d\u00e9partementale des territoires et de la mer du Var / Service mer\net littoral de la DDTM\n83-2026-03-26-00011 - AR Cultures Marines - renouvellement parcelle\nn\u00b0010/03700 (2 pages) Page 15\nDirection d\u00e9partementale des territoires et de la mer du Var / Service\nplanifications et prospective de la DDTM\n83-2026-03-30-00012 - Arr\u00eat\u00e9 pr\u00e9fectoral n\u00b0 2026-07 du 30/03/2026\nportant classement d'une zone agricole prot\u00e9g\u00e9e sur la commune de\nFayence (3 pages) Page 18\nPr\u00e9fecture du VAR / Direction des s\u00e9curit\u00e9s\n83-2026-04-10-00002 - ARR\u00caT\u00c9 PR\u00c9FECTORAL portant \nagr\u00e9ment\nd'un organisme de formation pour la vente de boissons alcoolis\u00e9es\n\nentre 22 heures et 8 heures\nau titre de l'article L.3332-1-1 du Code\nde la Sant\u00e9 Publique (2 pages) Page 22\n83-2026-04-10-00003 - PREF- AP 2026-04-001 - Enrobes A8 -A57 - Le Cannet\ndes Maures-RAA (7 pages) Page 25\n83-2026-04-09-00007 - PV CCFPSC 21RIMA Jury 09042026os (2 pages) Page 33\n83-2026-04-09-00005 - PV CCFPSC 54RA Jury 09042026os (2 pages) Page 36\n83-2026-04-09-00008 - PV CCFPSC FNMNS Jury 09042026os (2 pages) Page 39\n83-2026-04-09-00004 - PV CCFPSE RCA Jury 090426os (2 pages) Page 42\n83-2026-04-09-00006 - PV CCFPSE RIISC7 Jury 090426os (2 pages) Page 45\n2\nDirection d\u00e9partementale des territoires et de la\nmer du Var\n83-2026-03-27-00004\nArr\u00eat\u00e9 pr\u00e9fectoral n\u00b0\nDDTM/MICSDTP/T\u00c9L\u00c9PH\u00c9RIQUE-TOULON/2026-\n01 du 27 mars 2026\nportant r\u00e8glement de police du T\u00e9l\u00e9ph\u00e9rique du\nMont Faron situ\u00e9 sur la commune de Toulon\nDirection d\u00e9partementale des territoires et de la mer du Var - 83-2026-03-27-00004 - Arr\u00eat\u00e9 pr\u00e9fectoral n\u00b0\nDDTM/MICSDTP/T\u00c9L\u00c9PH\u00c9RIQUE-TOULON/2026-01 du 27 mars 2026\nportant r\u00e8glement de police du T\u00e9l\u00e9ph\u00e9rique du Mont Faron situ\u00e9 sur la commune de Toulon\n3\nDirection d\u00e9partementale\ndes territoires et de la mer du Var\n   Mission ing\u00e9nierie de crise, s\u00e9curit\u00e9s, \nd\u00e9fense, transport et pr\u00e9vention\nARR\u00caT\u00c9 PR\u00c9FECTORAL n\u00b0 DDTM/MICSDTP/T\u00c9L\u00c9PH\u00c9RIQUE-TOULON/2026-01 du 27 mars 2026\nportant r\u00e8glement de police du T\u00e9l\u00e9ph\u00e9rique du Mont Faron situ\u00e9 sur la commune de Toulon\nLe pr\u00e9fet du Var,\nVu le Code du tourisme, notamment ses articles L. 342-7 , L. 342-15, R. 342-11 et R. 342-19\u00a0;\nVu le Code des transports, notamment ses articles L. 1251-2 et L. 2241-1\u00a0;\nVu le  d\u00e9cret  n\u00b0  2010-1580  du  17  d\u00e9cembre  2010  relatif  au  Service  Technique  des  \nRemont\u00e9es M\u00e9caniques et des Transports Guid\u00e9s (STRMTG) et \u00e0 l'organisation du  \ncontr\u00f4le des syst\u00e8mes de transports et de l'instruction des dossiers entre le STRMTG, \nles pr\u00e9fets et leurs services instructeurs\u00a0;\nVu le d\u00e9cret n\u00b0 2017-440 du 30 mars 2017 relatif \u00e0 la s\u00e9curit\u00e9 des transports publics  \nguid\u00e9s\u00a0;\nVu l'arr\u00eat\u00e9 minist\u00e9riel du 7 ao\u00fbt 2009 modifi\u00e9, relatif \u00e0 la conception, \u00e0 la r\u00e9alisation, \u00e0 la \nmodification, \u00e0 l'exploitation et \u00e0 la maintenance des t\u00e9l\u00e9ph\u00e9riques, notamment son \narticle 36\u00a0;\nVu la circulaire minist\u00e9rielle du 6 juillet 2011 relative \u00e0 l'application du d\u00e9cret n\u00b0 2010-1580 \ndu 17 d\u00e9cembre 2010 relatif au Service Technique des Remont\u00e9es M\u00e9caniques et des \nTransports Guid\u00e9s (STRMTG) \u00a0: Organisation du contr\u00f4le des syst\u00e8mes de transports  \net de l'instruction des dossiers entre le STRMTG et les services instructeurs des Pr\u00e9fets\u00a0;\nVu la  circulaire  minist\u00e9rielle  du  5  septembre  2011  relative  au  r\u00e8glement  de  police  \napplicable aux remont\u00e9es m\u00e9caniques relevant du code du tourisme et aux tapis  \nroulants mentionn\u00e9s \u00e0 l'article L.342-17-1 du code du tourisme\u00a0;\nVu l'arr\u00eat\u00e9 pr\u00e9fectoral du 9 mai 2011 d\u00e9clarant conforme le r\u00e8glement d'exploitation  \nparticulier et le r\u00e8glement de police du t\u00e9l\u00e9ph\u00e9rique du Mont Faron situ\u00e9 \u00e0 Toulon\u00a0;\n1/7\nDirection d\u00e9partementale des territoires et de la mer du Var - 83-2026-03-27-00004 - Arr\u00eat\u00e9 pr\u00e9fectoral n\u00b0\nDDTM/MICSDTP/T\u00c9L\u00c9PH\u00c9RIQUE-TOULON/2026-01 du 27 mars 2026\nportant r\u00e8glement de police du T\u00e9l\u00e9ph\u00e9rique du Mont Faron situ\u00e9 sur la commune de Toulon\n4\nVu l'arr\u00eat\u00e9  pr\u00e9fectoral  du  12  mars  2012  fixant  les  dispositions  g\u00e9n\u00e9rales  de  police  \napplicables aux t\u00e9l\u00e9ph\u00e9riques bic\u00e2bles en service dans le d\u00e9partement du Var\u00a0; \nVu le d\u00e9cret du Pr\u00e9sident de la R\u00e9publique du 15 mai 2025 portant nomination de     \nMonsieur Simon BABRE, pr\u00e9fet du Var\u00a0;\n \nVu l'arr\u00eat\u00e9 pr\u00e9fectoral n\u00b02023/47/MCI du 21 ao\u00fbt 2023, portant d\u00e9l\u00e9gation de signature \u00e0 \nMonsieur Lucien GIUDICELLI, secr\u00e9taire g\u00e9n\u00e9ral de la pr\u00e9fecture du Var, sous-pr\u00e9fet de \nl'arrondissement de Toulon\u00a0;\nVu l'arr\u00eat\u00e9 pr\u00e9fectoral n\u00b02025/54/MCI du 15 juillet 2025, portant d\u00e9l\u00e9gation de signature \u00e0 \nMadame Jos\u00e9phine GUIGLIANO-BOUTONNET, directrice de cabinet du pr\u00e9fet du Var\u00a0;\nVu l'arr\u00eat\u00e9 pr\u00e9fectoral n\u00b0 2025/25/MCI du 2 juin 2025 portant d\u00e9l\u00e9gation de signature \u00e0 \nMonsieur Laurent BOULET, directeur d\u00e9partemental des territoires et de la mer du Var\u00a0;\nVu la  proposition  du  nouveau  r\u00e8glement  de  police  transmise  le  12  janvier  2026  par  \nl'exploitant du t\u00e9l\u00e9ph\u00e9rique du Faron \u00ab\u00a0REDIF \u00bb\u00a0;\nVu l'avis favorable du Service Technique des Remont\u00e9es M\u00e9caniques et des Transports  \nGuid\u00e9s \u2013 Bureau des Alpes du Sud, en date du 17 f\u00e9vrier 2026\u00a0;\nSur proposition du directeur d\u00e9partemental des territoires et de la mer du Var\u00a0;\nARR\u00caTE \nArticle 1  er\n  \u00a0:\u00a0Conditions d'application du r\u00e8glement de police\nLe pr\u00e9sent r\u00e8glement de police d\u00e9finit les conditions dans lesquelles le transport des usagers  \nest effectu\u00e9 afin d'assurer le bon ordre public et la s\u00e9curit\u00e9 du transport. Les usagers du  \nt\u00e9l\u00e9ph\u00e9rique  du  Mont  Faron  sont  tenus  d'en  respecter  les  dispositions  et  de  suivre  les  \ninstructions particuli\u00e8res que le personnel d'exploitation pourrait \u00eatre amen\u00e9 \u00e0 leur donner  \npour la bonne marche de l'installation et la s\u00e9curit\u00e9.\nArticle 2 : Acc\u00e8s aux installations\nL'acc\u00e8s aux installations n'est autoris\u00e9 que sous r\u00e9serve de respecter l'affectation des lieux et  \nil est subordonn\u00e9 \u00e0 la possession d'un titre de transport.\nL'acc\u00e8s  \u00e0  tout  ou  partie  d'une  installation  peut  \u00eatre  en  permanence  ou  temporairement \ninterdit aux usagers ou soumis \u00e0 des conditions restrictives d'acc\u00e8s.\n2/7\nDirection d\u00e9partementale des territoires et de la mer du Var - 83-2026-03-27-00004 - Arr\u00eat\u00e9 pr\u00e9fectoral n\u00b0\nDDTM/MICSDTP/T\u00c9L\u00c9PH\u00c9RIQUE-TOULON/2026-01 du 27 mars 2026\nportant r\u00e8glement de police du T\u00e9l\u00e9ph\u00e9rique du Mont Faron situ\u00e9 sur la commune de Toulon\n5\nIl est interdit \u00e0 toute personne \u00e9trang\u00e8re au service d'acc\u00e9der aux parties d'une installation  \nqui ne sont pas affect\u00e9es au transport d'usagers.\nArticle 3\u00a0: Modalit\u00e9s de transport\nSon admis\u00a0:\n- Les pi\u00e9tons\u00a0;\n- Les v\u00e9los (sauf juillet & ao\u00fbt)\u00a0;\n- Les poussettes\u00a0;\n- Les fauteuils roulants.\nLe transport peut \u00eatre assur\u00e9 lorsque l'installation est d\u00e9clar\u00e9e en service pour le public. \u00c0  \nd\u00e9faut, l'acc\u00e8s \u00e0 l'installation est interdit.\nLes usagers doivent se comporter de mani\u00e8re \u00e0 ne pas compromettre leur s\u00e9curit\u00e9, celle des  \nautres personnes, ni celle de l'installation. Ils ne doivent en aucun cas g\u00eaner le d\u00e9roulement  \nde l'exploitation. \u00c0 ces fins, il leur est notamment demand\u00e9 de\u00a0:\n- se conformer strictement aux instructions du r\u00e8glement de police, ainsi qu'\u00e0 celles du  \npersonnel\u00a0;\n- se  conformer  aux  indications  qui  leur  sont  destin\u00e9es  et  qui  sont  port\u00e9es  \u00e0  leur  \nconnaissance par les panneaux de signalisation et d'information ou par le personnel\u00a0;\n- acc\u00e9der seulement aux parties d'installations qui leur sont autoris\u00e9es, conform\u00e9ment \u00e0 \nla signalisation et au balisage\u00a0;\n- avoir  une  tenue  correcte  (a  minima  short  et  tee-shirt.  Les  maillots  de  bain  sont  \nprohib\u00e9s)\u00a0;\n- respecter les zones d\u00e9limit\u00e9es, n'embarquer et ne d\u00e9barquer qu'aux emplacements  \npr\u00e9vus \u00e0 cet effet\u00a0;\n- ne pas entraver la bonne marche des installations\u00a0;\n- ne pas provoquer le balancement des v\u00e9hicules\u00a0;\n- ne pas tenir des objets hors du v\u00e9hicule, ni en jeter \u00e0 l'ext\u00e9rieur\u00a0;\n- quitter  sans  d\u00e9lai  l'aire  r\u00e9serv\u00e9e  au  d\u00e9barquement  dans  le  sens  indiqu\u00e9  par  les  \npanneaux, une fois le trajet accompli\u00a0;\n- ne pas fumer dans les stations et en ligne\u00a0;\n- ne pas actionner abusivement les dispositifs d'arr\u00eat\u00a0;\n- ne pas d\u00e9t\u00e9riorer les installations, ni les d\u00e9grader.\nArticle 4\u00a0: Transport des enfants\nLes enfants sont plac\u00e9s sous la responsabilit\u00e9 de leurs parents ou des personnes auxquelles  \nceux-ci en ont d\u00e9l\u00e9gu\u00e9 la garde (amis, moniteurs, \u2026) \u00e0 qui il appartient\u00a0:\n- d'appr\u00e9cier  l'aptitude  des  enfants  \u00e0  emprunter  l'installation,  et  de  s'organiser  en  \ncons\u00e9quence\u00a0;\n- d'informer les enfants sur les r\u00e8gles d'usage de l'installation et de les alerter sur les  \nattitudes \u00e0 avoir et les erreurs \u00e0 ne pas commettre notamment en cas d'arr\u00eat.\nChaque enfant, quelle que soit sa taille, compte pour une personne.\n3/7\nDirection d\u00e9partementale des territoires et de la mer du Var - 83-2026-03-27-00004 - Arr\u00eat\u00e9 pr\u00e9fectoral n\u00b0\nDDTM/MICSDTP/T\u00c9L\u00c9PH\u00c9RIQUE-TOULON/2026-01 du 27 mars 2026\nportant r\u00e8glement de police du T\u00e9l\u00e9ph\u00e9rique du Mont Faron situ\u00e9 sur la commune de Toulon\n6\nLes  enfants  ne  peuvent  \u00eatre  transport\u00e9s  que  s'ils  sont  accompagn\u00e9s  au  moins  par  une  \npersonne  en  mesure  d'apporter  une  aide  n\u00e9cessaire  \u00e0  ces  enfants,  notamment  pour  le  \nrespect des consignes de s\u00e9curit\u00e9 (l'aptitude de cette personne peut \u00eatre appr\u00e9ci\u00e9e par son  \ntitre de transport).\nDans le cas d'un groupe encadr\u00e9, il appartient aux responsables de ce groupe d'organiser  \nl'affectation  des  enfants  par  cabine  dans  le  respect  des  am\u00e9nagements  pr\u00e9vus  par  \nl'exploitant et de s'assurer, pr\u00e9alablement \u00e0 l'embarquement, que les personnes concern\u00e9es  \npar l'accompagnement des enfants ne s'y opposent pas.\nArticle 5\u00a0: Transport des personnes en situation de handicap\n \nLa personne en situation de handicap ou son accompagnant a l'obligation de porter \u00e0 la  \nconnaissance de l'exploitant, avant le transport, tout besoin d'assistance compl\u00e9mentaire.\nEn fonction des caract\u00e9ristiques de l'installation et du nombre de personnes en situation de  \nhandicap admises simultan\u00e9ment sur l'installation et sur chaque v\u00e9hicule, l'exploitant valide  \nles conditions de transport.\nPour le respect des exigences ci-dessus, l'information r\u00e9ciproque de l'usager et de l'exploitant \ns'effectue au moment de l'acquisition du titre de transport par l'usager. \nSi la personne en situation de handicap utilise un mat\u00e9riel sp\u00e9cifique (fauteuil roulant\u2026), celui-\nci  doit  \u00eatre  apte  \u00e0  l'utilisation  des  remont\u00e9es  m\u00e9caniques.  \u00c0  d\u00e9faut,  l'exploitant  peut  \nconditionner son accord \u00e0 un essai pr\u00e9alable. Un essai non satisfaisant peut entra\u00eener un refus \nde transport par l'exploitant.\nArticle 6\u00a0: Transport de charges diverses et des animaux\nSi la place le permet, l'usager est autoris\u00e9 \u00e0 transporter avec lui un bagage \u00e0 main (objets  \nfacilement transportables, l\u00e9gers et non encombrants).\nLe transport des autres bagages et objets divers peut \u00eatre admis sous r\u00e9serve du gabarit et de  \nla charge limite du v\u00e9hicule et si la s\u00e9curit\u00e9 des personnes et de l'installation n'est pas mise en \ncause.\nEn cas d'\u00e9vacuation si ces objets pr\u00e9sentent une g\u00eane, ils seront d\u00e9barqu\u00e9s sans aucune  \npr\u00e9caution.\nLe transport des animaux est autoris\u00e9 aux conditions suivantes\u00a0:\n- les chiens de cat\u00e9gorie 1 ne sont pas autoris\u00e9s sur l'ensemble de l'exploitation\u00a0;\n- les chiens de cat\u00e9gorie 2 sont autoris\u00e9s sous r\u00e9serve d'\u00eatre tenus en laisse courte et  \nd'\u00eatre dot\u00e9s d'une museli\u00e8re\u00a0;\n- les chiens de cat\u00e9gorie 3 sont autoris\u00e9s sous r\u00e9serve d'\u00eatre tenus en laisse courte\u00a0;\n- le transport des animaux ne doit pas porter atteinte \u00e0 la s\u00e9curit\u00e9 de l'exploitation \u00a0: les \npropri\u00e9taires doivent ma\u00eetriser leur animal, le maintenir en laisse courte et sous bonne  \ngarde sur l'ensemble du site ainsi que pendant le transport.\nEn aucun cas, l'exploitant ne pourra \u00eatre tenu pour responsable des cons\u00e9quences des acci -\ndents ni des dommages caus\u00e9s par les animaux. Les propri\u00e9taires seront tenus responsables  \n4/7\nDirection d\u00e9partementale des territoires et de la mer du Var - 83-2026-03-27-00004 - Arr\u00eat\u00e9 pr\u00e9fectoral n\u00b0\nDDTM/MICSDTP/T\u00c9L\u00c9PH\u00c9RIQUE-TOULON/2026-01 du 27 mars 2026\nportant r\u00e8glement de police du T\u00e9l\u00e9ph\u00e9rique du Mont Faron situ\u00e9 sur la commune de Toulon\n7\nde l'ensemble des d\u00e9g\u00e2ts et autres accidents ou incidents que leurs animaux auraient pu oc -\ncasionner.\nL'exploitant se r\u00e9serve le droit de refuser l'embarquement en cabine d'un animal\u00a0:\n- dont le comportement serait inappropri\u00e9 au voyage en cabine, au vu de son comporte-\nment, de la proximit\u00e9 int\u00e9rieure, de la forte affluence\u00a0;\n- dont le propri\u00e9taire n'assurerait pas la bonne garde de l'animal\u00a0;\n- si les autres usagers n'y voient pas d'inconv\u00e9nients.\nLeur \u00e9ventuelle \u00e9vacuation doit \u00eatre pr\u00e9vue.\nArticle 7\u00a0: R\u00e8gles particuli\u00e8res pour le t\u00e9l\u00e9ph\u00e9rique\nEmbarquement\u00a0:\nLes passagers ne doivent acc\u00e9der \u00e0 la zone d'embarquement que si le personnel de la station  \nest pr\u00e9sent.\nLes passagers doivent\u00a0:\n- gagner le quai d'embarquement en suivant les cheminements am\u00e9nag\u00e9s \u00e0 cet effet\u00a0;\n- respecter la capacit\u00e9 des v\u00e9hicules\u00a0: 18 voyageurs + 1 cabinier\u00a0;\n- ne pas g\u00eaner l'acc\u00e8s de l'installation des autres usagers\u00a0;\n- ne pas d\u00e9passer la limite du quai d'embarquement\u00a0;\n- en cas mauvais embarquement, attendre les instructions du cabinier\u00a0;\n- ne pas s'opposer \u00e0 la fermeture des portes.\nTrajet\u00a0:\nPendant le trajet, il est interdit aux usagers :\n- d'ouvrir les portes\u00a0;\n- de jeter des objets par les fen\u00eatres ou de pr\u00e9venir leur chute\u00a0;\n- de faire balancer la cabine\u00a0;\n- de chercher \u00e0 quitter la cabine quelles que soient les circonstances \u00a0; en cas d'arr\u00eat  \nprolong\u00e9 de l'installation attendre les instructions du personnel d'exploitation.\nD\u00e9barquement\u00a0:\n\u00c0 l'arriv\u00e9e les usagers doivent\u00a0:\n- attendre l'ouverture des portes\u00a0;\n- sortir de la cabine calmement quelles que soient les circonstances.\nEn  cas  de  non-d\u00e9barquement,  le  passager  doit  attendre  les  indications  donn\u00e9es  par  le  \npersonnel d'exploitation.\nArticle 8\u00a0: Interdictions diverses\nIl est interdit\u00a0:\n- de man\u0153uvrer les dispositifs de s\u00e9curit\u00e9\u00a0;\n- de d\u00e9grader l'installation\u00a0;\n- de d\u00e9poser ou d'abandonner des objets dans l'installation\u00a0;\n- de  transporter  des  produits  inflammables,  explosifs  ou  toxiques  sauf  exception  \nautoris\u00e9e par le chef d'exploitation\u00a0;\n- de transporter des objets portant atteinte \u00e0 la s\u00fbret\u00e9 et la s\u00e9curit\u00e9 des usagers et du  \npersonnel\u00a0;\n5/7\nDirection d\u00e9partementale des territoires et de la mer du Var - 83-2026-03-27-00004 - Arr\u00eat\u00e9 pr\u00e9fectoral n\u00b0\nDDTM/MICSDTP/T\u00c9L\u00c9PH\u00c9RIQUE-TOULON/2026-01 du 27 mars 2026\nportant r\u00e8glement de police du T\u00e9l\u00e9ph\u00e9rique du Mont Faron situ\u00e9 sur la commune de Toulon\n8\n- de manger ou de boire dans la cabine\u00a0;\n- de crier dans la cabine afin de ne pas g\u00eaner les \u00e9changes d'informations entre la cabine \net la machinerie\u00a0;\n- de prendre une cabine en dehors des zones pr\u00e9vues \u00e0 cet effet.\nARTICLE 9\u00a0: Accidents et incidents de service\nEn cas d'arr\u00eat en ligne, les usagers doivent garder leur calme, attendre les instructions du  \npersonnel et ne pas chercher \u00e0 quitter le v\u00e9hicule sans y \u00eatre invit\u00e9s.\nLes  t\u00e9moins  d'accident  ou  d'incident  de  service  doivent  en  informer  imm\u00e9diatement  le  \npersonnel d'exploitation.\nDes r\u00e9clamations peuvent \u00eatre formul\u00e9es aupr\u00e8s de l'exploitant. \u00c0 cet effet, un registre des  \nr\u00e9clamations est tenu \u00e0 la disposition des usagers \u00e0 la caisse.\nArticle 10\u00a0: Salubrit\u00e9, s\u00e9curit\u00e9 et ordre public\nTout usager doit respecter toutes les r\u00e8gles de droit commun ayant pour but le respect des  \nbonnes m\u0153urs, de la salubrit\u00e9, de l'ordre et de la s\u00e9curit\u00e9 publics dans l'installation, dont les  \ngares et d\u00e9pendances accessibles au public.\nSont interdits tous les agissements de nature \u00e0 porter atteinte au bon ordre ou \u00e0 la s\u00e9curit\u00e9,  \nnotamment\u00a0:\n- la consommation d'alcool ou de boissons alcoolis\u00e9es en dehors des lieux pr\u00e9vus \u00e0 cet  \neffet et d\u00fbment autoris\u00e9s\u00a0;\n- l'\u00e9tat d'ivresse\u00a0;\n- les injures, rixes et attroupements\u00a0;\n- les comportements et attitudes de nature \u00e0 perturber l'exploitation\u00a0;\n- les infractions aux r\u00e8gles d'hygi\u00e8ne et de salubrit\u00e9 publique\u00a0;\n- la mendicit\u00e9 et les sollicitations de quelque nature que ce soit\u00a0;\n- la vente d'articles divers par des personnes autres que celles autoris\u00e9es\u00a0;\n- l'apposition d'affiches, tracts ou prospectus\u00a0;\n- le fait de proc\u00e9der par quelque moyen que ce soit \u00e0 des inscriptions, signes ou dessins  \nsur le sol, les pyl\u00f4nes, les b\u00e2timents ou les v\u00e9hicules\u00a0;\n- la collecte, la diffusion ou la distribution de quelque mani\u00e8re que ce soit de tous objets \nou \u00e9crits\u00a0;\n- l'utilisation d'appareils ou instruments sonores\u00a0;\n- le  fait  de  jeter  en  ligne \u00a0:  papiers,  m\u00e9gots  de  cigarettes  ou  tous  autres  objets  ou  \nmati\u00e8res.\nArticle 11\u00a0: Exclusions et sanctions\nLe non-respect des instructions du personnel et du r\u00e8glement de police peut entra\u00eener des  \nsanctions ou des exclusions.\nEn vertu des dispositions combin\u00e9es de la loi du 15 juillet 1845 modifi\u00e9e sur la police des  \nchemins de fer, du d\u00e9cret n\u00b0 730 du 22 mars 1942 modifi\u00e9 portant r\u00e8glement d'administration \npublique sur la police, la s\u00fbret\u00e9 et l'exploitation des voies ferr\u00e9es d'int\u00e9r\u00eat g\u00e9n\u00e9ral et d'int\u00e9r\u00eat \nlocal et du code de proc\u00e9dure p\u00e9nale (art. 529-3 et suivants), des comportements fautifs au  \n6/7\nDirection d\u00e9partementale des territoires et de la mer du Var - 83-2026-03-27-00004 - Arr\u00eat\u00e9 pr\u00e9fectoral n\u00b0\nDDTM/MICSDTP/T\u00c9L\u00c9PH\u00c9RIQUE-TOULON/2026-01 du 27 mars 2026\nportant r\u00e8glement de police du T\u00e9l\u00e9ph\u00e9rique du Mont Faron situ\u00e9 sur la commune de Toulon\n9\nregard  des  dispositions  de  l'arr\u00eat\u00e9  de  police  peuvent  donner  lieu  \u00e0  des  infractions.  Ces \ninfractions font l'objet soit de la proc\u00e9dure d'indemnit\u00e9 forfaitaire, soit, \u00e0 d\u00e9faut de paiement \nimm\u00e9diat  entre  les  mains  des  agents  de  l'exploitant,  d'une  peine  d'amende  \ncontraventionnelle, qui rel\u00e8ve, selon l'infraction, de la 1\u00e8re\n, 2\u00e8me\n, 3\u00e8me\n ou 4\u00e8me\n classe.\nLes agents de l'exploitation asserment\u00e9s et habilit\u00e9s \u00e0 constater les infractions au pr\u00e9sent  \nr\u00e8glement et \u00e0 la r\u00e9glementation relative \u00e0 la police et \u00e0 la s\u00e9curit\u00e9 dans les services de \ntransport public de personnes, peuvent percevoir l'indemnit\u00e9 forfaitaire pr\u00e9vue aux articles  \n529-4 et suivants du code de proc\u00e9dure p\u00e9nale. \u00c0 d\u00e9faut de paiement imm\u00e9diat entre ses  \nmains, l'agent dresse un proc\u00e8s-verbal et rel\u00e8ve l'identit\u00e9 des contrevenants.\n\u00c0 titre de mesure conservatoire pour assurer la s\u00e9curit\u00e9, les contrevenants peuvent se voir  \ninterdire l'acc\u00e8s aux installations.\nArticle 12 : Affichage\nLe pr\u00e9sent r\u00e8glement de police doit \u00eatre affich\u00e9 de mani\u00e8re visible pour les usagers par les  \nsoins de l'exploitant au d\u00e9part de l'appareil.\nArticle 13\u00a0: Le pr\u00e9sent r\u00e8glement de police abroge et remplace celui en date du 9 mai 2011.\nArticle 14 \u00a0: Le secr\u00e9taire g\u00e9n\u00e9ral de la pr\u00e9fecture du Var, sous-pr\u00e9fet de l'arrondissement de  \nToulon, la directrice de cabinet du pr\u00e9fet du Var, le directeur d\u00e9partemental des territoires et \nde la mer du Var, le directeur interd\u00e9partemental de la police nationale du Var, le directeur  \nd\u00e9partemental des services d'incendies et de secours du Var, le maire de la commune de  \nToulon et l'exploitant du t\u00e9l\u00e9ph\u00e9rique du Faron \u00ab \u00a0REDIF\u00a0\u00bb sont charg\u00e9s chacun en ce qui le  \nconcerne, de l'ex\u00e9cution du pr\u00e9sent arr\u00eat\u00e9 qui sera publi\u00e9 au recueil des actes administratifs  \nde la pr\u00e9fecture du Var.\nFait \u00e0 Toulon, le 27 mars 2026\nLe Pr\u00e9fet du Var \nSimon BABRE\nDans un d\u00e9lai de deux mois \u00e0 compter de la date de la notification ou de la publication du pr\u00e9sent arr\u00eat\u00e9 au recueil des \nactes administratifs de la pr\u00e9fecture, les recours suivants peuvent \u00eatre introduits conform\u00e9ment aux dispositions des \narticles R. 421-1 et suivants du code de justice administrative :\n- un recours gracieux, adress\u00e9 \u00e0 :\nM. le Pr\u00e9fet du Var \u2013 Boulevard du 112\u00e8me\n r\u00e9giment d'infanterie - CS 31209 - 83070 TOULON CEDEX\n- un recours hi\u00e9rarchique, adress\u00e9\u00a0au(x) ministre(s) concern\u00e9(s)\u00a0;\nDans ces deux cas, le silence de l'Administration vaut rejet implicite au terme d'un d\u00e9lai de deux mois.\nApr\u00e8s un recours gracieux ou hi\u00e9rarchique, le d\u00e9lai du recours contentieux ne court qu'\u00e0 compter du rejet explicite ou \nimplicite de l'un de ces recours.\n-  un recours contentieux, en saisissant le Tribunal Administratif de Toulon par voie postale (5 rue Racine -BP 40510 - 83041  \nTOULON CEDEX) ou par l'application informatique \"T\u00e9l\u00e9recours citoyens\" accessible par le site internet  www.telerecours.fr\n7/7\nDirection d\u00e9partementale des territoires et de la mer du Var - 83-2026-03-27-00004 - Arr\u00eat\u00e9 pr\u00e9fectoral n\u00b0\nDDTM/MICSDTP/T\u00c9L\u00c9PH\u00c9RIQUE-TOULON/2026-01 du 27 mars 2026\nportant r\u00e8glement de police du T\u00e9l\u00e9ph\u00e9rique du Mont Faron situ\u00e9 sur la commune de Toulon\n10\nDirection d\u00e9partementale des territoires et de la\nmer du Var\n83-2026-04-09-00009\nArr\u00eat\u00e9 pr\u00e9fectoral  n\u00b0 DDTM / SEBIO / 2026-79\ndu 09 avril 2026 portant opposition \u00e0 d\u00e9claration\nau titre de l'article L.214-3 du code de\nl'environnement concernant la cr\u00e9ation d'un\nparc photovolta\u00efque sur la commune de La\nBastide.\nDirection d\u00e9partementale des territoires et de la mer du Var - 83-2026-04-09-00009 - Arr\u00eat\u00e9 pr\u00e9fectoral  n\u00b0 DDTM / SEBIO / 2026-79\ndu 09 avril 2026 portant opposition \u00e0 d\u00e9claration au titre de l'article L.214-3 du code de l'environnement concernant la cr\u00e9ation d'un\nparc photovolta\u00efque sur la commune de La Bastide.\n11\nARR\u00caT\u00c9 PR\u00c9FECTORAL n\u00b0 DDTM/SEBIO/2026-79 du 09 avril 2026                    \nportant opposition \u00e0 d\u00e9claration au titre de l'article L.214-3 du code de \nl'environnement concernant la cr\u00e9ation d'un parc photovolta\u00efque sur la commune de \nLa Bastide\nLe pr\u00e9fet du Var,\nVu le code de l'environnement, notamment ses articles L. 211-1, L. 214-1 \u00e0 6, L. 215-7 , L. 215-9, L. \n216-1 et suivants ;\nVu les articles R. 214-1 et suivants relatifs aux proc\u00e9dures d'autorisation et de d\u00e9claration  \npr\u00e9vues en application de l'article L. 214-3 du code de l'environnement ;\nVu le d\u00e9cret du Pr\u00e9sident de la R\u00e9publique du 15 mai 2025 portant nomination de M.  Simon \nBABRE, en qualit\u00e9 de pr\u00e9fet du Var ;\nVu l'arr\u00eat\u00e9 du premier ministre et du ministre de l'Int\u00e9rieur en date du 4 mars 2022 portant  \nnomination de M. Laurent BOULET directeur d\u00e9partemental des territoires et de la mer du  \nVar ;\nVu l'arr\u00eat\u00e9 pr\u00e9fectoral n\u00b0 2025/25/MCI du 02 juin 2025 portant d\u00e9l\u00e9gation de signature \u00e0 M.  \nLaurent BOULET ;\nVu l'arr\u00eat\u00e9  pr\u00e9fectoral  n\u00b0DDTM/MPCA/2025-04  du  5  juin  2025  donnant  subd\u00e9l\u00e9gation  de \nsignature \u00e0 des agents de la Direction d\u00e9partementale des territoires et de la mer du Var\nVu la d\u00e9claration au titre de l'article L.214-3 du code de l'environnement re\u00e7ue le 01/10/2025  \net  compl\u00e9t\u00e9e  le  10/02/2026,  pr\u00e9sent\u00e9e  par  TOUORT  SOLAIRE  ENERGIE  (VOLTALIA),  \nenregistr\u00e9e sous le num\u00e9ro GUN 100300648 et relative \u00e0 la cr\u00e9ation d'un parc photovolta\u00efque \nsur la commune de La Bastide ;\nVu l'avis d\u00e9favorable du parc naturel r\u00e9gional du Verdon en date du 10 octobre 2025 ;\nConsid\u00e9rant qu'en application de l'article R.214-32 du code de l'environnement, le dossier du  \nprojet  ne  pr\u00e9sente  pas  un  ensemble  de  mesures  d'\u00e9vitement,  de  r\u00e9duction  et  de  \ncompensation (ERC)  suffisante au regard des enjeux de pr\u00e9servation des zones humides ;\nConsid\u00e9rant que le p\u00e9titionnaire ne d\u00e9montre pas l'impossibilit\u00e9 d'implanter son projet sur  \nun site d\u00e9j\u00e0 anthropis\u00e9 ;\n1 / 3\nDirection d\u00e9partementale\ndes territoires et de la mer du Var\nService eau et biodiversit\u00e9\nDirection d\u00e9partementale des territoires et de la mer du Var - 83-2026-04-09-00009 - Arr\u00eat\u00e9 pr\u00e9fectoral  n\u00b0 DDTM / SEBIO / 2026-79\ndu 09 avril 2026 portant opposition \u00e0 d\u00e9claration au titre de l'article L.214-3 du code de l'environnement concernant la cr\u00e9ation d'un\nparc photovolta\u00efque sur la commune de La Bastide.\n12\nConsid\u00e9rant  que  le  porteur  de  projet  ne  d\u00e9montre  pas  l'absence  d'impact  sur  la  \nfonctionnalit\u00e9 de la zone humide globale et p\u00e9riph\u00e9rique, notamment en ce qui concerne les  \nrisques de pollution par ruissellement des sols et des nappes ;\nConsid\u00e9rant que l'aire du projet est ceintur\u00e9e de prairies humides \u00e0 forte biodiversit\u00e9 et \u00e0 fort \nenjeu de conservation ;\nConsid\u00e9rant l'absence de compensation \u00e0 la destruction de surfaces de zone humide ou \u00e0  \nl'alt\u00e9ration de leurs fonctions, conform\u00e9ment \u00e0 l'orientation 6-B du SDAGE 2022-2027 ;\nSur proposition du directeur d\u00e9partemental des territoires et de la mer ;\nARR\u00caTE\nArticle 1  er     :   Opposition \u00e0 d\u00e9claration\nEn application de l'article L. 214-3 du code de l'environnement, il est fait opposition \u00e0 la  \nd\u00e9claration pr\u00e9sent\u00e9e par la soci\u00e9t\u00e9 TOUORT SOLAIRE ENERGIE (VOLTALIA), concernant : \nla cr\u00e9ation d'un parc photovolta\u00efque sur la commune de LA BASTIDE,\net enregistr\u00e9e sous le num\u00e9ro GUN : 100300648 .\nArticle 2     :   Objet de la d\u00e9claration\nCette d\u00e9claration concerne La cr\u00e9ation d'un parc photovolta\u00efque au sol , sise chemin de la  \npin\u00e8de \u00e0 La Bastide, sur la parcelle cadastr\u00e9e Z129 d'une superficie totale de 12,21 ha.\nCette installation rentre dans la nomenclature des op\u00e9rations soumises \u00e0 d\u00e9claration au titre  \nde l'article L. 214-3 du code de l'environnement. La rubrique d\u00e9finie \u00e0 l'article R. 214-1 du  \ncode de l'environnement concern\u00e9e par cette op\u00e9ration est la suivante :\n2. 1.5.0\u00a0:\nRejet d'eaux pluviales dans les eaux douces superficielles ou sur le sol ou dans le sous-sol, la \nsurface totale du projet, augment\u00e9e de la surface correspondant \u00e0 la partie du bassin naturel \ndont les \u00e9coulements sont intercept\u00e9s par le projet, \u00e9tant :\n1\u00b0 Sup\u00e9rieure ou \u00e9gale \u00e0 20 ha (A) ;\n2\u00b0 Sup\u00e9rieure \u00e0 1 ha mais inf\u00e9rieure \u00e0 20 ha (D).\nArticle 3     :   Droits des tiers\nLes droits des tiers sont et demeurent express\u00e9ment r\u00e9serv\u00e9s.\nArticle 4     :   Voies et d\u00e9lais de recours\nA peine d'irrecevabilit\u00e9 de  tout recours contentieux \u00e0 l'encontre de la pr\u00e9sente d\u00e9cision, le  \nd\u00e9clarant doit, dans un d\u00e9lai de 2  mois suivant la notification de celle-ci, saisir pr\u00e9alablement \nle pr\u00e9fet en recours gracieux qui statue alors apr\u00e8s avis de la commission comp\u00e9tente en  \nmati\u00e8re  d'environnement  et  de  risques  sanitaires  et  technologiques,  devant  laquelle  le  \nd\u00e9clarant peut demander \u00e0 \u00eatre entendu.\n2 / 3\nDirection d\u00e9partementale des territoires et de la mer du Var - 83-2026-04-09-00009 - Arr\u00eat\u00e9 pr\u00e9fectoral  n\u00b0 DDTM / SEBIO / 2026-79\ndu 09 avril 2026 portant opposition \u00e0 d\u00e9claration au titre de l'article L.214-3 du code de l'environnement concernant la cr\u00e9ation d'un\nparc photovolta\u00efque sur la commune de La Bastide.\n13\nConform\u00e9ment  \u00e0  l'article  R.  214.36  du  code  de  l'environnement,  le  silence  gard\u00e9  par  \nl'administration sur la demande d\u00e9pos\u00e9e par le d\u00e9clarant aupr\u00e8s du pr\u00e9fet pendant plus de  \nquatre mois emporte d\u00e9cision de rejet du projet.\nCette d\u00e9cision sera susceptible de recours contentieux devant le tribunal administratif de  \nToulon, conform\u00e9ment \u00e0 l'article R. 514-3-1 du code de l'environnement qui stipule :\nSans pr\u00e9judice de l'article L. 411-2 du code des relations entre le public et l'administration , les \nd\u00e9cisions mentionn\u00e9es aux articles L. 211-6 et L. 214-10 et au I de l'article L. 514-6 peuvent \u00eatre \nd\u00e9f\u00e9r\u00e9es \u00e0 la juridiction administrative :\n1\u00b0 Par les tiers int\u00e9ress\u00e9s en raison des inconv\u00e9nients ou des dangers que le fonctionnement  \nde l'installation pr\u00e9sente pour les int\u00e9r\u00eats mentionn\u00e9s aux articles L. 211-1 et L. 511-1 dans un \nd\u00e9lai de deux mois \u00e0 compter du premier jour de la publication ou de l'affichage de ces  \nd\u00e9cisions ;\n2\u00b0 Par les demandeurs ou exploitants, dans un d\u00e9lai de deux mois \u00e0 compter de la date \u00e0  \nlaquelle la d\u00e9cision leur a \u00e9t\u00e9 notifi\u00e9e.\nLe tribunal administratif peut \u00eatre saisi par l'application informatique \u00ab  T\u00e9l\u00e9recours citoyen \u00bb \naccessible par le site internet www.telerecours.fr\nArticle 5     :   Publication et information des tiers\nUne copie de cet arr\u00eat\u00e9 sera transmise \u00e0 la mairie de La Bastide, pour affichage pendant une  \ndur\u00e9e minimale d'un mois.\nLe pr\u00e9sent arr\u00eat\u00e9 sera mis \u00e0 la disposition du public sur le site Internet de la pr\u00e9fecture du Var \npendant une dur\u00e9e minimale d'au moins 6 mois.\nArticle 6     :   Ex\u00e9cution\nLe secr\u00e9taire g\u00e9n\u00e9ral de la pr\u00e9fecture du Var, le directeur d\u00e9partemental des territoires et de  \nla mer du Var, le maire de la commune de La Bastide, sont charg\u00e9s, chacun en ce qui le  \nconcerne,  de  l'ex\u00e9cution  du  pr\u00e9sent  arr\u00eat\u00e9  dont  copie  est  adress\u00e9e  au  chef  du  service  \nd\u00e9partemental de l'office fran\u00e7ais de la biodiversit\u00e9.\nFait \u00e0 Toulon, le 09 avril 2026\nLe chef du service eau et biodiverrsit\u00e9\nSign\u00e9\nOlivier BIELEN\nConform\u00e9ment au r\u00e8glement g\u00e9n\u00e9ral sur la protection des donn\u00e9es du 27 avril 2016, applicable depuis le 25 mai 2018 et \u00e0 la loi\n\u00ab informatique et libert\u00e9 \u00bb dans sa derni\u00e8re version modifi\u00e9e du 20 juin 2018, vous dispose z d'un droit d'acc\u00e8s, de rectification, \nde suppression et d'opposition des informations qui vous concernent. \nSi vous d\u00e9sirez exercer ce droit et obtenir une communication des informations vous concernant, veuillez adresser un courrier ou \nun courriel au guichet unique de police de l'eau o\u00f9 vous avez d\u00e9pos\u00e9 votre dossier. Cette demande \u00e9crite est accompagn\u00e9e  \nd'une copie du titre d'identit\u00e9 avec signature du titulaire de la pi\u00e8ce, en pr\u00e9cisant l'adresse \u00e0 laquelle la r\u00e9ponse doit \u00eatre  \nenvoy\u00e9e.\nToute d\u00e9cision susceptible de recours devant le tribunal administratif territorialement comp\u00e9tent l'est au moyen de l'application \nT\u00e9l\u00e9recours (https://www.telerecours.fr/)\n3 / 3\nDirection d\u00e9partementale des territoires et de la mer du Var - 83-2026-04-09-00009 - Arr\u00eat\u00e9 pr\u00e9fectoral  n\u00b0 DDTM / SEBIO / 2026-79\ndu 09 avril 2026 portant opposition \u00e0 d\u00e9claration au titre de l'article L.214-3 du code de l'environnement concernant la cr\u00e9ation d'un\nparc photovolta\u00efque sur la commune de La Bastide.\n14\nDirection d\u00e9partementale des territoires et de la\nmer du Var\n83-2026-03-26-00011\nAR Cultures Marines - renouvellement parcelle\nn\u00b0010/03700\nDirection d\u00e9partementale des territoires et de la mer du Var - 83-2026-03-26-00011 - AR Cultures Marines - renouvellement parcelle\nn\u00b0010/03700 15\nARR\u00caT\u00c9 PR\u00c9FECTORAL du 26 mars 2026          \nportant autorisation d'exploitation de cultures marines\npour la parcelle n\u00b0010/03700\nLe pr\u00e9fet du Var, \nVU le Code g\u00e9n\u00e9ral de la propri\u00e9t\u00e9 des personnes publiques, notamment ses articles L 2124-29,  \nR.2125-1, R.2122-4 ;\nVU le Code rural et de la p\u00eache maritime, notamment ses articles L.911-1 et suivants, R.231-35 \u00e0  \nR.231-59,  R.237-4  et  R.237-5,  R.923-9  \u00e0  R.923-49  fixant  le  r\u00e9gime  de  l'autorisation  \nd'exploitation de cultures marines ;\nVU le Code de l'urbanisme, notamment ses articles L.121-1 et suivants ;\nVU la loi n\u00b0 86-2 du 3 janvier 1986 relative \u00e0 l'am\u00e9nagement, la protection et la mise en valeur du  \nlittoral ;\nVU le  d\u00e9cret  n\u00b0  2009-1484  du  3  d\u00e9cembre  2009  relatif  aux  directions  d\u00e9partementales  \ninterminist\u00e9rielles ;\nVU l'arr\u00eat\u00e9 du 6 juillet 2010 relatif aux demandes d'autorisation d'exploitation de cultures marines ;\nVU l'arr\u00eat\u00e9 du 6 juillet 2010 portant approbation du cahier des charges type des autorisations  \nd'exploitation de cultures marines sur le domaine public maritime ;\nVU l'arr\u00eat\u00e9 pr\u00e9fectoral du 30 d\u00e9cembre 2009 portant classement de salubrit\u00e9 et de surveillance  \ndes zones de productions et des zones de reparcage des coquillages vivants ;\nVU l'arr\u00eat\u00e9 pr\u00e9fectoral du 30 octobre 2020 portant sch\u00e9ma des structures des exploitations de  \ncultures marines du Var ;\nVU la demande pr\u00e9sent\u00e9e par l'int\u00e9ress\u00e9 ;\nVU l'avis de la commission des cultures marines du 12 mai 2023 ;\nSur proposition du directeur d\u00e9partemental des territoires et de la mer du Var ;\n1/2\nDirection d\u00e9partementale\ndes territoires et de la mer du Var\nService Mer et Littoral\nCultures Marines\nDirection d\u00e9partementale des territoires et de la mer du Var - 83-2026-03-26-00011 - AR Cultures Marines - renouvellement parcelle\nn\u00b0010/03700 16\nARR\u00caTE\nArticle 1 : La soci\u00e9t\u00e9 Pierre et le loup repr\u00e9sent\u00e9e par:\nM. Pierre BALMITGERE, n\u00e9 le 10 octobre 1957 \u00e0 TOULOUSE (31)\ndemeurant 45 bis avenue Esprit Armando Lot. Pes N\u00b0106 - 83500 La Seyne-sur-Mer,\nest autoris\u00e9e \u00e0 renouveler pour une dur\u00e9e de 10 ans  la concession d\u00e9sign\u00e9e ci-dessous, conc\u00e9d\u00e9e \u00e0  \ndes fins de cultures marines et situ\u00e9e sur le domaine public maritime.\nFeuille \ncadastrale\nNum\u00e9ro \nmatricule Lieu Caract\u00e9ristiques Superficie \nou Longueur Expiration\n010 3700 Domaine Public \nMaritime\nBaie du Lazaret\nLa Seyne-sur-Mer\nHu\u00eetres/Moules\nSur corde en eau \nprofonde\n(Elevage)\nDPM en mer\n50 ares 13/02/2033\nArticle 2  : La parcelle d\u00e9sign\u00e9e ci-dessus est soumise aux prescriptions g\u00e9n\u00e9rales et particuli\u00e8res  \nd\u00e9taill\u00e9es  dans  le  cahier  des  charges  de  l'autorisation  d'exploitation  de  cultures  marines  par  \nconcession sur le domaine public maritime, en annexe du pr\u00e9sent arr\u00eat\u00e9.\nArticle 3  : Le pr\u00e9sent arr\u00eat\u00e9 peut \u00eatre contest\u00e9 dans les deux mois qui suivent sa notification en  \nd\u00e9posant :\n- un recours administratif gracieux aupr\u00e8s du Pr\u00e9fet du Var \u2013Bd du 112\u00e8me r\u00e9giment  \nd'Infanterie CS 31209 \u2013 83070 Toulon CEDEX. L'absence de r\u00e9ponse dans un d\u00e9lai de  \ndeux mois vaut d\u00e9cision implicite de rejet qui peut elle-m\u00eame \u00eatre d\u00e9f\u00e9r\u00e9e au tribunal  \nadministratif dans les deux mois suivants.\n- un recours contentieux introduit devant le Tribunal Administratif de Toulon \u2013  5 Rue  \nRacine,  83000  Toulon.  Le  tribunal  administratif  peut  \u00e9galement  \u00eatre  saisi  par  \nl'application  informatique  \"T\u00e9l\u00e9recours  citoyens\"  accessible  via  le  site  \nwww.telerecours.fr .\nArticle 4 : Le secr\u00e9taire g\u00e9n\u00e9ral de la pr\u00e9fecture et le directeur d\u00e9partemental des territoires et de la  \nmer du Var sont charg\u00e9s, chacun en ce qui le concerne, de l'ex\u00e9cution du pr\u00e9sent arr\u00eat\u00e9, qui sera  \npubli\u00e9 au registre des actes administratifs de la pr\u00e9fecture du Var.\nFait \u00e0 Toulon, le 26 mars 2026\nLe Pr\u00e9fet,\nsign\u00e9\nSimon BABRE\n2/2\nDirection d\u00e9partementale des territoires et de la mer du Var - 83-2026-03-26-00011 - AR Cultures Marines - renouvellement parcelle\nn\u00b0010/03700 17\nDirection d\u00e9partementale des territoires et de la\nmer du Var\n83-2026-03-30-00012\nArr\u00eat\u00e9 pr\u00e9fectoral n\u00b0 2026-07 du 30/03/2026\nportant classement d'une zone agricole prot\u00e9g\u00e9e\nsur la commune de Fayence\nDirection d\u00e9partementale des territoires et de la mer du Var - 83-2026-03-30-00012 - Arr\u00eat\u00e9 pr\u00e9fectoral n\u00b0 2026-07 du 30/03/2026\nportant classement d'une zone agricole prot\u00e9g\u00e9e sur la commune de Fayence 18\nDirection d\u00e9partementale\ndes territoires et de la mer du Var\nARR\u00caT\u00c9 PR\u00c9FECTORAL n\u00b0 DDTM/SPP/PAU 2026-07 du 30 mars 2026\nportant classement d'une zone agricole prot\u00e9g\u00e9e (ZAP)\nsur la commune de Fayence\nLe pr\u00e9fet du Var,\nVu le code rural et de la p\u00eache maritime et notamment ses articles L. 112-2 et R. 112-1-4 \u00e0  \nR. 112-1-10 ;\nVu le code de l'environnement, et notamment les articles L. 123-1 \u00e0 L. 123-18 ;\nVu le code de l'urbanisme et notamment ses articles L. 151-43, L. 152-7 , L. 153-60 et R. 151-51 ;\nVu l'arr\u00eat\u00e9 pr\u00e9fectoral n\u00b0DDTM-SPP-PAU-2025-20 du 6 mai 2025 prescrivant l'ouverture et  \nl'organisation d'une enqu\u00eate publique relative \u00e0 une demande de cr\u00e9ation d'une zone agricole \nprot\u00e9g\u00e9e (ZAP) sur la commune de Fayence ;\nVu le rapport et les conclusions du commissaire-enqu\u00eateur en date du 27 juillet 2025 ;\nVu  la d\u00e9lib\u00e9ration du conseil municipal de la commune de  Fayence du 9 d\u00e9cembre 2025  \napprouvant le projet de d\u00e9limitation et de classement de la zone agricole prot\u00e9g\u00e9e tenant  \ncompte des demandes de r\u00e9int\u00e9gration et de suppression de parcelles du p\u00e9rim\u00e8tre de la  \nZAP;\nConsid\u00e9rant que  l'enqu\u00eate  publique  s'est  d\u00e9roul\u00e9e  du  5  juin  au  7  juillet  2025  inclus, \nconform\u00e9ment aux dispositions r\u00e9glementaires ;\nConsid\u00e9rant que la cr\u00e9ation de cette zone agricole prot\u00e9g\u00e9e pr\u00e9sente un int\u00e9r\u00eat g\u00e9n\u00e9ral en  \nraison  du  caract\u00e8re  de  sa  zone  et  sa  position  g\u00e9ographique  et  r\u00e9pond  \u00e0  l'objectif  de  \nsauvegarder et d\u00e9velopper l'activit\u00e9 agricole de la commune ;\nSur proposition du secr\u00e9taire g\u00e9n\u00e9ral de la pr\u00e9fecture du Var,\nARR\u00caTE \nArticle 1 er :  La zone agricole, situ\u00e9e sur la commune de Fayence et d\u00e9limit\u00e9e dans le plan  \nannex\u00e9 au pr\u00e9sent arr\u00eat\u00e9, fait l'objet d'un classement en zone agricole prot\u00e9g\u00e9e.\nArticle 2 : La d\u00e9limitation de cette zone agricole prot\u00e9g\u00e9e devra, conform\u00e9ment aux articles  \nL. 151-43 et R. 151-51 du code de l'urbanisme relatifs aux servitudes d'utilit\u00e9 publique, \u00eatre  \nannex\u00e9e au plan local d'urbanisme de la commune de Fayence.\nDirection d\u00e9partementale des territoires et de la mer du Var - 83-2026-03-30-00012 - Arr\u00eat\u00e9 pr\u00e9fectoral n\u00b0 2026-07 du 30/03/2026\nportant classement d'une zone agricole prot\u00e9g\u00e9e sur la commune de Fayence 19\nArticle 3 : En application de l'article R. 112-1-9 du code rural, le pr\u00e9sent arr\u00eat\u00e9 ainsi que le plan \nde  d\u00e9limitation  sont  tenus  \u00e0  disposition  du  public  \u00e0  la  direction  d\u00e9partementale  des  \nterritoires et de la mer du Var (service planifications et prospective \u2013 p\u00f4le animation et  \nurbanisme) et en mairie de Fayence.\nArticle 4  : Le pr\u00e9sent arr\u00eat\u00e9 sera affich\u00e9 pendant une dur\u00e9e d'un mois dans les locaux de la  \nmairie de Fayence et publi\u00e9 sur le site internet de la pr\u00e9fecture. \nMention en est ins\u00e9r\u00e9e en caract\u00e8res apparents, aux frais de la commune de Fayence dans  \ndeux journaux diffus\u00e9s dans le d\u00e9partement du Var.\nArticle 5  : Cette d\u00e9cision peut faire l'objet d'un recours gracieux aupr\u00e8s du pr\u00e9fet dans un  \nd\u00e9lai de deux mois \u00e0 compter de l'ex\u00e9cution de l'ensemble des formalit\u00e9s de publication  \nmentionn\u00e9es \u00e0 l'article 3 susvis\u00e9 et d'un recours contentieux aupr\u00e8s du tribunal administratif  \nde Toulon dans le m\u00eame d\u00e9lai.\nArticle 6 : Ex\u00e9cution du pr\u00e9sent arr\u00eat\u00e9\nLe secr\u00e9taire g\u00e9n\u00e9ral de la pr\u00e9fecture du Var,\nLe directeur d\u00e9partemental des territoires et de la mer,\nLe maire de Fayence,\nsont charg\u00e9s, chacun en ce qui le concerne, de l'ex\u00e9cution du pr\u00e9sent arr\u00eat\u00e9 qui sera publi\u00e9  \nau recueil des actes administratifs de la pr\u00e9fecture du Var.\nFait \u00e0 Toulon, le 30 mars 2026\nLe Pr\u00e9fet,\nSign\u00e9 \nSimon BABRE\nDirection d\u00e9partementale des territoires et de la mer du Var - 83-2026-03-30-00012 - Arr\u00eat\u00e9 pr\u00e9fectoral n\u00b0 2026-07 du 30/03/2026\nportant classement d'une zone agricole prot\u00e9g\u00e9e sur la commune de Fayence 20\nAnnexe : P\u00e9rim\u00e8tre de la zone agricole prot\u00e9g\u00e9e de la commune de Fayence\n\u00b1\nP\u00e9rim\u00e8tre de la Zone Agricole Prot\u00e9g\u00e9e (ZAP) de Fayence\nSurfaces agricoles ou \u00e0 potentiel, inclues ou exclues de la ZAP\nSource: CA83\nFond: Scan25 - IGN\nEdition: Septembre 2025\n1:27\u202f000\nL\u00e9gende\nP\u00e9rim\u00e8tre de la ZAP de Fayence\nLimites communales\nDirection d\u00e9partementale des territoires et de la mer du Var - 83-2026-03-30-00012 - Arr\u00eat\u00e9 pr\u00e9fectoral n\u00b0 2026-07 du 30/03/2026\nportant classement d'une zone agricole prot\u00e9g\u00e9e sur la commune de Fayence 21\nPr\u00e9fecture du VAR\n83-2026-04-10-00002\nARR\u00caT\u00c9 PR\u00c9FECTORAL portant \nagr\u00e9ment d'un organisme de formation pour la\nvente de boissons alcoolis\u00e9es \nentre 22 heures et 8 heures\nau titre de l'article L.3332-1-1 du Code de la\nSant\u00e9 Publique\nPr\u00e9fecture du VAR - 83-2026-04-10-00002 - ARR\u00caT\u00c9 PR\u00c9FECTORAL portant \nagr\u00e9ment d'un organisme de formation pour la vente de boissons alcoolis\u00e9es \nentre 22 heures et 8 heures\nau titre de l'article L.3332-1-1 du Code de la Sant\u00e9 Publique\n22\nPREFECTURE\nCabinet du Pr\u00e9fet - Direction des s\u00e9curit\u00e9s\nBureau des polices administratives de s\u00e9curit\u00e9\nARR\u00caT\u00c9 PR\u00c9FECTORAL portant \nagr\u00e9ment d'un organisme de formation pour la vente de boissons alcoolis\u00e9es \nentre 22 heures et 8 heures\nau titre de l'article L.3332-1-1 du Code de la Sant\u00e9 Publique\nLe Pr\u00e9fet du Var,\nVu le code de la sant\u00e9 publique, notamment les articles L.3332-1-1 et R.3332-4 \u00e0 R.3332-9\u00a0;\nVu  le d\u00e9cret du Pr\u00e9sident de la R\u00e9publique du 15 mai 2025 portant nomination de M. Simon  \nBABRE, pr\u00e9fet du Var\u00a0;\nVu le  d\u00e9cret  du  Pr\u00e9sident  de  la  R\u00e9publique  du  3  avril  2024  portant  nomination  de  Mme  \nJos\u00e9phine GUIGLIANO-BOUTONNET, sous pr\u00e9f\u00e8te, directrice de cabinet du pr\u00e9fet du Var;\nVu l'arr\u00eat\u00e9 pr\u00e9fectoral n\u00b02026/07/MCI du 18 f\u00e9vrier 2026 portant d\u00e9l\u00e9gation de signature \u00e0 Mme \nJos\u00e9phine  GUIGLIANO-BOUTONNET,  sous  pr\u00e9f\u00e8te,  directrice  de  Cabinet  du  pr\u00e9fet  du  Var, \npubli\u00e9 au recueil des actes administratifs n\u00b083-2026-061 du 19 f\u00e9vrier 2026\u00a0;\nVu l'arr\u00eat\u00e9 du 22 juillet 2011 fixant le programme et l'organisation des formations requises pour  \nl'obtention des attestations pr\u00e9vues \u00e0 l'article R.3332-4-1 du code de la sant\u00e9 publique\u00a0;\nVu la demande d'agr\u00e9ment initial pour la formation \u00e0 la vente de boissons alcoolis\u00e9es entre  \n22 heures et 8 heures,  en date du 31 mars 2026, et le dossier complet pr\u00e9sent\u00e9s par  \nl'organisme d\u00e9nomm\u00e9 \u00abCRC \u00bb sis 401 chemin des Plantades \u2013 83130 La Garde.\nSur proposition de Madame la sous-pr\u00e9f\u00e8te, directrice de cabinet\u00a0;\nArr\u00eate\u00a0:\nBd du 112\u00e8me R\u00e9giment d'Infanterie\nCS 31 209 - 83070 TOULON CEDEX\nT\u00e8l\u00a0: 04 94 18 83 45\nM\u00e8l\u00a0: pref-debits-boissons@var.gouv.fr\n1/2\nPr\u00e9fecture du VAR - 83-2026-04-10-00002 - ARR\u00caT\u00c9 PR\u00c9FECTORAL portant \nagr\u00e9ment d'un organisme de formation pour la vente de boissons alcoolis\u00e9es \nentre 22 heures et 8 heures\nau titre de l'article L.3332-1-1 du Code de la Sant\u00e9 Publique\n23\nArticle 1\u00a0: \nL'organisme de formation d\u00e9nomm\u00e9 \u00abCRC\u00bb sis 401 chemin des Plantades \u2013 83130 La  \nGarde est agr\u00e9\u00e9 pour une p\u00e9riode de cinq ans, \u00e0 compter de la date de signature du  \npr\u00e9sent arr\u00eat\u00e9 \u00e0 l'effet de dispenser\u00a0: \n- \u00e0 l'attention des d\u00e9bitants de boissons \u00e0 emporter vendant des boissons alcoolis\u00e9es entre 22  \nheures et 8 heures, la formation pr\u00e9vue au deuxi\u00e8me alin\u00e9a de l'article L. 3332-1-1 du code de la  \nsant\u00e9 publique\u00a0;\nArticle 2\u00a0: \nMadame la sous-pr\u00e9f\u00e8te, directrice de cabinet du pr\u00e9fet du Var, est charg\u00e9e de l'application du  \npr\u00e9sent  arr\u00eat\u00e9  qui  sera  notifi\u00e9  au  Pr\u00e9sident  de  l'\u00e9tablissement  \u00abCRC\u00bb  sis  401  chemin  des  \nPlantades -  83130 La Garde, et sera publi\u00e9 au recueil des actes administratifs de la pr\u00e9fecture du \nVar.\nToulon, le 10 avril 2026\nPour le Pr\u00e9fet et par d\u00e9l\u00e9gation\nLe Directeur des S\u00e9curit\u00e9s\nSign\u00e9\nVincent BARASTIER\nDans un d\u00e9lai de deux mois \u00e0 compter de la date de la notification ou de la publication du pr\u00e9sent arr\u00eat\u00e9 au recueil des actes administratifs de la pr\u00e9fecture, les recours suivants \npeuvent \u00eatre introduits conform\u00e9ment aux dispositions des articles R. 421-1 et suivants du code de justice administrative :\n-un recours gracieux, adress\u00e9 \u00e0 :\nM. le Pr\u00e9fet du Var \u2013 Boulevard du 112\u00e8me r\u00e9giment d'infanterie - CS 31209 - 83070 TOULON CEDEX\n-un recours hi\u00e9rarchique, adress\u00e9\u00a0au(x) ministre(s) concern\u00e9(s)\u00a0;\nDans ces deux cas, le silence de l'Administration vaut rejet implicite au terme d'un d\u00e9lai de deux mois.\nApr\u00e8s un recours gracieux ou hi\u00e9rarchique, le d\u00e9lai du recours contentieux ne court qu'\u00e0 compter du rejet explicite ou implicite de l'un de ces recours.\n--recours contentieux d\u00e9pos\u00e9 devant le Tribunal Administratif de Toulon, 5 rue Racine, CS 40510, 83 041 TOULON Cedex 09 ou par l'application informatique\u00ab  T\u00e9l\u00e9recours \ncitoyens \u00bb accessible par le site internet www.telerecours.fr\nBd du 112\u00e8me R\u00e9giment d'Infanterie\nCS 31 209 - 83070 TOULON CEDEX\nT\u00e8l\u00a0: 04 94 18 83 45\nM\u00e8l\u00a0: pref-debits-boissons@var.gouv.fr\n2/2\nPr\u00e9fecture du VAR - 83-2026-04-10-00002 - ARR\u00caT\u00c9 PR\u00c9FECTORAL portant \nagr\u00e9ment d'un organisme de formation pour la vente de boissons alcoolis\u00e9es \nentre 22 heures et 8 heures\nau titre de l'article L.3332-1-1 du Code de la Sant\u00e9 Publique\n24\nPr\u00e9fecture du VAR\n83-2026-04-10-00003\nPREF- AP 2026-04-001 - Enrobes A8 -A57 - Le\nCannet des Maures-RAA\nPr\u00e9fecture du VAR - 83-2026-04-10-00003 - PREF- AP 2026-04-001 - Enrobes A8 -A57 - Le Cannet des Maures-RAA 25\nDirection des s\u00e9curit\u00e9s\nService de l'\u00e9ducation et\nde la s\u00e9curit\u00e9 routi\u00e8res\nP\u00f4le \u00e9tudes et ing\u00e9nierie\nARR\u00caT\u00c9 PR\u00c9FECTORAL n\u00b0 2026 \u2013 04 \u2013 001 ESC du 10 avril 2026\nportant r\u00e9glementation temporaire de la circulation sur les autoroutes A8 et A57\nsur le territoire des communes de Brignoles, Le Luc-en-Provence, Le Cannet-des-Maures, \nCarnoules, Puget-Ville, Vidauban, Les Arcs-sur-Argens et le Muy.\nLe Pr\u00e9fet du Var,\nChevalier de la L\u00e9gion d'Honneur,\nChevalier de l'Ordre National du M\u00e9rite,\nVu le Code de la route ;\nVu le Code de la voirie routi\u00e8re ;\nVu  le d\u00e9cret du 29 novembre 1982 approuvant la convention de concession pass\u00e9e entre  \nl'\u00c9tat et la soci\u00e9t\u00e9 de l'autoroute Est\u00e9rel, C\u00f4te d'Azur, Provence Alpes (ESCOTA) en vue de la  \nconstruction, de l'entretien et de l'exploitation des autoroutes conc\u00e9d\u00e9es et ses avenants  \nult\u00e9rieurs ;\nVu le d\u00e9cret n\u00b0 2015-1045 du 21 ao\u00fbt 2015 approuvant le transfert de la travers\u00e9e autorouti\u00e8re \nde  Toulon  entre  l'\u00c9tat  et  la  soci\u00e9t\u00e9  des  autoroutes  Est\u00e9rel,  C\u00f4te  d'Azur,  Provence  Alpes \n(ESCOTA) ;\nVu le d\u00e9cret du Pr\u00e9sident de la R\u00e9publique du 15 mai 2025 portant nomination de M. Simon  \nBABRE, pr\u00e9fet du Var ;\nVu  l'arr\u00eat\u00e9  interminist\u00e9riel  du  24  novembre  1967  relatif  \u00e0  la  signalisation  des  routes  et  \nautoroutes et des textes subs\u00e9quents ;\nVu  l'arr\u00eat\u00e9 pr\u00e9fectoral n\u00b0 2020-12-001 BR du 16 d\u00e9cembre 2020, portant modification de  \nl'arr\u00eat\u00e9 pr\u00e9fectoral n\u00b0 2523 du 20 mars 2018, portant r\u00e9glementation de la circulation des  \nv\u00e9hicules de transport de bois ronds dans le d\u00e9partement du Var ;\nVu  l'arr\u00eat\u00e9 pr\u00e9fectoral n\u00b0 2023-06-004 en date du 26 juin 2023, autorisant l'ouverture de  \nchantiers d'entretien courant ou de r\u00e9paration sur les autoroutes A8, A50 et A57 dans la  \ntravers\u00e9e du d\u00e9partement du Var ;\nVu l'arr\u00eat\u00e9 pr\u00e9fectoral n\u00b0 2025-06-001 PC du 05 juin 2025 portant r\u00e9glementation de la police  \nde circulation sur les autoroutes A8, A50 et A57 ;\nVu l'arr\u00eat\u00e9 pr\u00e9fectoral n\u00b0 2026/07/MCI du 18 f\u00e9vrier 2026 portant d\u00e9l\u00e9gation de signature \u00e0  \nMme Jos\u00e9phine GUIGLIANO-BOUTONNET, directrice de cabinet du pr\u00e9fet du Var ;\nVu la note technique du 14 avril 2016 du minist\u00e8re de l'Environnement, de l'\u00c9nergie et de la  \nMer (DGITM/DIT) relative \u00e0 la coordination des chantiers sur le r\u00e9seau routier national (RRN) ;\nVu le r\u00e8glement d'exploitation de la soci\u00e9t\u00e9 des autoroutes ESCOTA en date du 02 juin 2025 ;\nVu la demande de la Soci\u00e9t\u00e9 des autoroutes ESCOTA en date du 19 mars 2026 ;\nVu  l'avis  favorable  de  la  Direction  G\u00e9n\u00e9rale  des  Infrastructures,  des  Transports  et  des  \nMobilit\u00e9s sur le dossier d'exploitation sous chantier n\u00b0 2026-024 en date du 20 mars 2026 ;\nVu l'avis favorable du conseil d\u00e9partemental du Var en date du 02 avril 2026;\nArr\u00eat\u00e9 pr\u00e9fectoral n\u00b0 2026 \u2013 04 \u2013 001 ESC Page 1/7\nPr\u00e9fecture du VAR - 83-2026-04-10-00003 - PREF- AP 2026-04-001 - Enrobes A8 -A57 - Le Cannet des Maures-RAA 26\nConsid\u00e9rant que pour assurer la s\u00e9curit\u00e9 des usagers de l'autoroute, des agents de la soci\u00e9t\u00e9  \ndes  autoroutes  Est\u00e9rel,  C\u00f4te  d'Azur,  Provence  Alpes  (ESCOTA)  et  des  personnels  de  \nl'entreprise charg\u00e9s d'effectuer des travaux d'enrob\u00e9s du n\u0153ud A8 (PR 98.800) / A57 (52.200)  \njusqu'au  PR  35.000 (A57),  il  convient  de  r\u00e9glementer  la  circulation  sur  le  territoire  du  \nd\u00e9partement du Var, dans les deux sens de circulation, sur les autoroutes A8 et A57 , du lundi \n13  avril  2026  au  vendredi  05  juin  2026.  Les  semaines  17/2026  \u00e0  26/2026  constituent  les \nsemaines de r\u00e9serve.\nSur proposition de la directrice de cabinet du pr\u00e9fet du Var,\nARR\u00caTE :\nArticle 1  er   : En raison des travaux d'enrob\u00e9s du n\u0153ud A8 (PR 98.800) / A57 (52.200) jusqu'au PR \n35.000 (A57), la circulation de tous les v\u00e9hicules est r\u00e9glement\u00e9e sur les autoroutes A8 et A57, \ndans les deux sens de circulation, \u00e0 raison de 4 nuits par semaine, de 21h00 \u00e0 05h00, hors  \nweek-end, jours f\u00e9ri\u00e9s et jours hors chantier , du lundi 13 avril 2026 au vendredi 05 juin 2026.  \nLes semaines 17/2026 \u00e0 26/2026 constituent les semaines de r\u00e9serve. \nArticle 2 : Ces travaux n\u00e9cessitent de mettre en place les itin\u00e9raires de d\u00e9viation suivants :\nAutoroutes A8/A57\nDans les deux sens de circulation\nDe 21h00 \u00e0 05h00, du lundi 13 avril 2026 au vendredi 17 avril 2026 \net du mercredi 22 avril 2026 au jeudi 30 avril 2026\nFermeture de la section courante entre le diffuseur N\u00b013 \u00ab Le Luc-en-Provence / Le Cannet-\ndes-Maures \u00bb au PR 51.400 et le n\u0153ud A8 (PR 98.800) / A57 (PR 52.200)\n- Fermeture des bretelles d'entr\u00e9e du diffuseur N\u00b013 \u00ab Le Luc-en-Provence / Le Cannet-des-\nMaures \u00bb au PR 51.400\nSortie obligatoire au diffuseur N\u00b013 \u00ab     Le Luc / Le Cannet-des-Maures     \u00bb   \nau PR 51.400 depuis Toulon\nLes semaines 19/2026, 20/2026 et 21/2026 constituent les semaines de r\u00e9serve.\nDepuis Aix-en-Provence en direction de Toulon, sur l'A8\nLes v\u00e9hicules circulant sur l'autoroute A8 en provenance d'Aix-en-Provence et souhaitant  \nrejoindre  l'autoroute  A57  en  direction  de  Toulon,  doivent  sortir  au  diffuseur  N\u00b035  \n\u00ab Brignoles \u00bb au PR 73.800 et suivre la DN7 puis emprunter la D43 en direction de Cuers  \njusqu'au diffuseur N\u00b010 \u00ab Puget-Ville \u00bb au PR 21.500 sur l'autoroute A57 en direction de  \nToulon.\nDepuis Nice en direction de Toulon, sur l'A8\nLes  v\u00e9hicules  l\u00e9gers  circulant  sur  l'autoroute  A8  en  provenance  de  Nice  et  souhaitant  \nrejoindre l'autoroute A57 en direction de Toulon, doivent sortir au diffuseur N\u00b036 \u00ab  Le \nMuy \u00bb au PR 117.600 et prendre la D1555 et la RDN7 depuis le Luc-en-Provence en direction  \nde Toulon puis la D97, pour rejoindre le diffuseur N\u00b011 \u00ab Carnoules \u00bb au PR 32.000 sur  \nl'autoroute A57 en direction de Toulon.\nLes poids-lourds circulant sur l'autoroute A8 et souhaitant rejoindre l'autoroute A57 en  \ndirection de Toulon, doivent sortir au diffuseur N\u00b035 \u00ab  Brignoles \u00bb et prendre la DN7 puis la  \nD43  en  direction  de  Cuers  jusqu'au  diffuseur  N\u00b010  \u00ab  Puget-Ville  \u00bb  au  PR  21.500  sur  \nl'autoroute A57 en direction de Toulon.\nLa  travers\u00e9e  des  communes  de  Gonfaron  et  Carnoules  est  strictement  interdite  aux  \npoids-lourds de plus de 19T ou d'une hauteur sup\u00e9rieure \u00e0 3,90m. La D43 est strictement  \nlimit\u00e9e \u00e0 une hauteur de 4,30m. \nArr\u00eat\u00e9 pr\u00e9fectoral n\u00b0 2026 \u2013 04 \u2013 001 ESC Page 2/7\nPr\u00e9fecture du VAR - 83-2026-04-10-00003 - PREF- AP 2026-04-001 - Enrobes A8 -A57 - Le Cannet des Maures-RAA 27\nDepuis Le Luc-en-Provence / Le Cannet-des-Maures en direction d'Aix-en-Provence\nLes v\u00e9hicules en provenance du Luc-en-Provence ou du Cannet-des-Maures et souhaitant  \nrejoindre l'autoroute A8 en direction d'Aix-en-Provence, doivent suivre la DN7 jusqu'au  \ndiffuseur N\u00b035 \u00ab Brignoles \u00bb au PR 73.800 sur l'autoroute A8 en direction d'Aix-en-Provence.\nDepuis Le Luc-en-Provence / Le Cannet-des-Maures en direction de Nice\nLes v\u00e9hicules en provenance du Luc-en-Provence ou du Cannet-des-Maures et souhaitant  \nrejoindre l'autoroute A8 en direction de Nice, doivent suivre la DN7 jusqu'au Muy puis  \nemprunter la D1555 jusqu'au diffuseur N\u00b036 \u00ab Le Muy \u00bb au PR 117.600 sur l'autoroute A8 en  \ndirection de Nice.\nDepuis Le Luc-en-Provence / Le Cannet-des-Maures en direction de Toulon\nLes  v\u00e9hicules  l\u00e9gers  en  provenance  du  Luc-en-Provence  ou  Le  Cannet-des-Maures  et  \nsouhaitant rejoindre l'autoroute A57 en direction de Toulon, doivent prendre la DN7 depuis \nLe-Luc-en-Provence en direction de Toulon, puis la D97, pour rejoindre le diffuseur N\u00b011  \n\u00ab Carnoules \u00bb au PR 32.000 sur l'autoroute A57 en direction de Toulon.\nLes poids-lourds en provenance du Luc-en-Provence ou du Cannet-des-Maures et souhaitant \nrejoindre  l'autoroute  A57  en  direction  de  Toulon ,  doivent  emprunter  la  DN7  jusqu'\u00e0  \nBrignoles et la D43 en direction de Cuers jusqu'au diffuseur N\u00b010 \u00ab Puget-Ville \u00bb au PR 21.500 \nsur l'autoroute A57 en direction de Toulon.\nLa  travers\u00e9e  des  communes  de  Gonfaron  et  Carnoules  est  strictement  interdite  aux  \npoids-lourds de plus de 19T ou d'une hauteur sup\u00e9rieure \u00e0 3,90m. L a D43 est strictement  \nlimit\u00e9e \u00e0 une hauteur de 4,30m. \nDepuis Toulon en direction de Nice, sur l'A57\nLes v\u00e9hicules l\u00e9gers circulant sur l'A57 et souhaitant rejoindre l'autoroute A8 en direction  \nde Nice, doivent suivre la D43, la D97, la DN7 et enfin la D1555 jusqu'au diffuseur N\u00b036 \u00ab  Le \nMuy \u00bb au PR 117.600.\nLes poids-lourds circulant sur l'autoroute A57 et souhaitant rejoindre l'autoroute A8 en  \ndirection  de  Nice,  doivent  suivre  la  D43  puis  prendre  la  DN7  jusqu'au  diffuseur  N\u00b035  \n\u00ab Brignoles \u00bb au PR 73.800 sur l'autoroute A8 en direction de Nice.\nLa  travers\u00e9e  des  communes  de  Gonfaron  et  Carnoules  est  strictement  interdite  aux  \npoids-lourds de plus de 19T ou d'une hauteur sup\u00e9rieure \u00e0 3,90m. La D43 est strictement  \nlimit\u00e9e \u00e0 une hauteur de 4,30m. \nDepuis Toulon en direction d'Aix-en-Provence, sur l'A57\nLes v\u00e9hicules l\u00e9gers circulant sur l'A57 et souhaitant rejoindre l'autoroute A8 en direction  \nd'Aix-en-Provence, doivent suivre la D43 puis la DN7 jusqu'au diffuseur N\u00b035 \u00ab Brignoles \u00bb au \nPR 73.800 sur l'autoroute A8.\nLes poids-lourds circulant sur l'autoroute A57 et souhaitant rejoindre l'autoroute A8 en  \ndirection d'Aix-en-Provence, doivent suivre la D43 puis prendre la DN7 jusqu'au diffuseur  \nN\u00b035 \u00ab Brignoles \u00bb au PR 73.800 sur l'autoroute A8 en direction d'Aix-en-Provence.\nLa travers\u00e9e des communes de Gonfaron et Carnoules est strictement interdite aux poids-\nlourds de plus de 19T ou d'une hauteur sup\u00e9rieure \u00e0 3,90m. La D43 est strictement limit\u00e9e \u00e0  \nune hauteur de 4,30m. \nArr\u00eat\u00e9 pr\u00e9fectoral n\u00b0 2026 \u2013 04 \u2013 001 ESC Page 3/7\nPr\u00e9fecture du VAR - 83-2026-04-10-00003 - PREF- AP 2026-04-001 - Enrobes A8 -A57 - Le Cannet des Maures-RAA 28\nAutoroutes A8/A57\nDans les deux sens de circulation\nDe 21h00 \u00e0 05h00, du lundi 20 avril 2026 au mercredi 22 avril 2026 \nFermeture du n\u0153ud A8 (PR 98.800) / A57 (PR 52.200)\n- Fermeture des bretelles d'entr\u00e9e du diffuseur N\u00b013 \u00ab Le Luc-en-Provence / Le Cannet-des-\nMaures \u00bb au PR 51.400\n- Fermeture de la bretelle d'entr\u00e9e du diffuseur N\u00b010 \u00ab Puget-Ville \u00bb au PR 21.500 depuis \nToulon\n- Fermeture de l'aire de repos de Gonfaron\nSortie obligatoire au diffuseur N\u00b010 \u00ab     Puget-Ville     \u00bb au PR 21.500 depuis Toulon  \nLes nuits restantes de la semaine 17/2026 et les semaines 18/2026, 19/2026 et 20/2026 \nconstituent les semaines de r\u00e9serve. \nFermeture du n\u0153ud   A8 (PR 98.800) / A57 (PR 52.200)  \nDepuis Aix-en-Provence en direction de Toulon, sur l'A8\nLes v\u00e9hicules circulant sur l'autoroute A8 en provenance d'Aix-en-Provence et souhaitant  \nrejoindre  l'autoroute  A57  en  direction  de  Toulon,  doivent  sortir  au  diffuseur  N\u00b035  \n\u00ab Brignoles \u00bb au PR 73.800 et suivre la DN7 puis emprunter la D43 en direction de Cuers  \njusqu'au diffuseur N\u00b010 \u00abPuget-Ville \u00bb au PR 21.500 sur l'autoroute A57 en direction de  \nToulon.\nDepuis Nice en direction de Toulon, sur l'A8\nLes  v\u00e9hicules  l\u00e9gers  circulant  sur  l'autoroute  A8  en  provenance  de  Nice  et  souhaitant  \nrejoindre l'autoroute A57 en direction de Toulon, doivent sortir au diffuseur N\u00b036 \u00ab  Le \nMuy \u00bb au PR 117.600 et prendre la DN7 depuis le Luc-en-Provence en direction de Toulon  \npuis la D97, pour rejoindre le diffuseur N\u00b011 \u00ab Carnoules \u00bb au PR 32.000 sur l'autoroute A57  \nen direction de Toulon.\nLes poids-lourds circulant sur l'autoroute A8 en provenance de Nice et souhaitant rejoindre  \nl'autoroute A57 en direction de Toulon, doivent sortir au diffuseur N\u00b035 \u00ab  Brignoles \u00bb et  \nprendre la DN7 puis la D43 en direction de Cuers jusqu'au diffuseur N\u00b010 \u00ab Puget-Ville \u00bb au  \nPR 21.500 sur l'autoroute A57 en direction de Toulon.\nLa  travers\u00e9e  des  communes  de  Gonfaron  et  Carnoules  est  strictement  interdite  aux  \npoids-lourds de plus de 19T ou d'une hauteur sup\u00e9rieure \u00e0 3,90m. L a D43 est strictement  \nlimit\u00e9e \u00e0 une hauteur de 4,30m. \nFermeture de la bretelle d'entr\u00e9e du diffuseur N\u00b013 \u00ab     Le Luc-en-Provence / Le Cannet-des-  \nMaures     \u00bb  \nDepuis Le Luc-en-Provence / Le Cannet-des-Maures en direction d'Aix-en-Provence\nLes v\u00e9hicules en provenance du Luc-en-Provence ou du Cannet-des-Maures et souhaitant  \nrejoindre l'autoroute A8 en direction d'Aix-en-Provence, doivent suivre la DN7 jusqu'au  \ndiffuseur N\u00b035 \u00ab Brignoles \u00bb au PR 73.800 sur l'autoroute A8 en direction d'Aix-en-Provence.\nDepuis Le Luc-en-Provence / Le Cannet-des-Maures en direction de Nice\nLes  v\u00e9hicules  l\u00e9gers  en  provenance  du  Luc-en-Provence  ou  du  Cannet-des-Maures  et  \nsouhaitant rejoindre l'autoroute A8 en direction de Nice, doivent suivre la DN7 jusqu'au  \nMuy  puis  emprunter  la  D1555  jusqu'au  diffuseur  N\u00b036  \u00ab  Le  Muy  \u00bb  au  PR  117.600  sur  \nl'autoroute A8 en direction de Nice.\nLes poids-lourds en provenance du Luc-en-Provence ou du Cannet-des-Maures et souhaitant \nrejoindre l'autoroute A8 en direction de Nice , doivent suivre la D43 puis prendre la DN7  \njusqu'au diffuseur N\u00b035 \u00ab Brignoles \u00bb sur l'autoroute A8 en direction de Nice.\nLa  travers\u00e9e  des  communes  de  Gonfaron  et  Carnoules  est  strictement  interdite  aux  \npoids-lourds de plus de 19T ou d'une hauteur sup\u00e9rieure \u00e0 3,90m. La  D43 est strictement  \nArr\u00eat\u00e9 pr\u00e9fectoral n\u00b0 2026 \u2013 04 \u2013 001 ESC Page 4/7\nPr\u00e9fecture du VAR - 83-2026-04-10-00003 - PREF- AP 2026-04-001 - Enrobes A8 -A57 - Le Cannet des Maures-RAA 29\nlimit\u00e9e \u00e0 une hauteur de 4,30m. \nDepuis Le Luc-en-Provence / Le Cannet-des-Maures en direction de Toulon\nLes  v\u00e9hicules  l\u00e9gers  en  provenance  du  Luc-en-Provence  ou  Le  Cannet-des-Maures  et  \nsouhaitant rejoindre l'autoroute A57 en direction de Toulon, doivent prendre la DN7 depuis \nle Luc-en-Provence en direction de Toulon puis la D97, pour rejoindre le diffuseur N\u00b011 \u00ab  \nCarnoules \u00bb au PR 32.000 sur l'autoroute A57 en direction de Toulon.\nLes poids-lourds en provenance du Luc-en-Provence ou Le Cannet-des-Maures et souhaitant  \nrejoindre  l'autoroute  A57  en  direction  de  Toulon ,  doivent  emprunter  la  DN7  jusqu'\u00e0  \nBrignoles et emprunter la D43  en direction de Cuers jusqu'au diffuseur N\u00b010 \u00ab Puget-Ville \u00bb  \nau PR 21.500 sur l'autoroute A57 en direction de Toulon.\nLa  travers\u00e9e  des  communes  de  Gonfaron  et  Carnoules  est  strictement  interdite  aux  \npoids-lourds de plus de 19T ou d'une hauteur sup\u00e9rieure \u00e0 3,90m. La  D43 est strictement  \nlimit\u00e9e \u00e0 une hauteur de 4,30m. \nFermeture de la bretelle d'entr\u00e9e du diffuseur N\u00b010 \u00ab     Puget-Ville     \u00bb   depuis Toulon  \nDepuis Toulon en direction d'Aix-en-Provence \nLes  v\u00e9hicules  l\u00e9gers  souhaitant  rejoindre  l'autoroute  A8  en  direction  d'Aix-en-Provence, \ndoivent emprunter la D43, puis la DN7 pour rejoindre l'autoroute A8 au diffuseur N\u00b035  \n\u00ab Brignoles \u00bb au PR 73.800 en direction d'Aix-en-Provence. \nDepuis Toulon en direction de Nice \nLes  v\u00e9hicules  l\u00e9gers  souhaitant  rejoindre  l'autoroute  A8  en  direction  de  Nice,  doivent  \nemprunter la D97 , puis la DN7 pour rejoindre l'autoroute A8 au diffuseur N\u00b036 \u00ab Le Muy \u00bb au \nPR 117 .600 en direction de Nice. \nDepuis Toulon en direction d'Aix-en-Provence ou Nice \nLes poids-lourds souhaitant rejoindre l'autoroute A8 en direction d'Aix-en-Provence ou Nice, \ndoivent emprunter la D43, puis la DN7 pour rejoindre l'autoroute A8 au diffuseur  N\u00b035 \n\u00ab Brignoles \u00bb en direction d'Aix-en-Provence ou de Nice.\nLa  travers\u00e9e  des  communes  de  Gonfaron  et  Carnoules  est  strictement  interdite  aux  \npoids-lourds de plus de 19T ou d'une hauteur sup\u00e9rieure \u00e0 3,90m. L a D43 est strictement  \nlimit\u00e9e \u00e0 une hauteur de 4,30m. \nAutoroutes A8/A57\nDans les deux sens de circulation\nDe 21h00 \u00e0 05h00, du lundi 04 mai 2026 au vendredi 05 juin 2026 \nFermeture de la section courante entre le diffuseur N\u00b013 \u00ab Le Luc / Le Cannet-des-Maures \u00bb \nau PR 51.400 et le n\u0153ud A8 (PR 98.800) / A57 (PR 52.200)\n- Fermeture des bretelles d'entr\u00e9e du diffuseur N\u00b013 \u00ab Le Luc / Le Cannet-des-Maures \u00bb\nau PR 51.400\nSortie obligatoire au diffuseur N\u00b013 \u00ab     Le Luc / Le Cannet-des-Maures     \u00bb   \nau PR 51.400 depuis Toulon \nLes semaines 24/2026, 25/2026 et 26/2026 constituent les semaines de r\u00e9serve.\nDepuis Aix-en-Provence en direction de Toulon, sur l'A8\nLes v\u00e9hicules circulant sur l'autoroute A8 en provenance d'Aix-en-Provence et souhaitant  \nrejoindre  l'autoroute  A57  en  direction  de  Toulon,  doivent  sortir  au  diffuseur  N\u00b035  \n\u00ab Brignoles \u00bb au PR 73.800 et suivre la DN7 puis emprunter la D43 en direction de Cuers  \njusqu'au diffuseur N\u00b010 \u00ab Puget-Ville \u00bb au PR 21.500 sur l'autoroute A57 en direction de  \nToulon.\nArr\u00eat\u00e9 pr\u00e9fectoral n\u00b0 2026 \u2013 04 \u2013 001 ESC Page 5/7\nPr\u00e9fecture du VAR - 83-2026-04-10-00003 - PREF- AP 2026-04-001 - Enrobes A8 -A57 - Le Cannet des Maures-RAA 30\nDepuis Nice en direction de Toulon, sur l'A8\nLes  v\u00e9hicules  l\u00e9gers  circulant  sur  l'autoroute  A8  en  provenance  de  Nice  et  souhaitant  \nrejoindre l'autoroute A57 en direction de Toulon, doivent sortir au diffuseur N\u00b036 \u00ab  Le \nMuy \u00bb au PR 117.600 et prendre la D1555 et la DN7 depuis le Luc-en-Provence en direction  \nde Toulon puis la D97, pour rejoindre le diffuseur N\u00b011 \u00ab Carnoules \u00bb au PR 32.000 sur  \nl'autoroute A57 en direction de Toulon.\nLes poids-lourds circulant sur l'autoroute A8 et souhaitant rejoindre l'autoroute A57 en  \ndirection de Toulon, doivent sortir au diffuseur N\u00b035 \u00ab  Brignoles \u00bb et prendre la DN7 puis la  \nD43  en  direction  de  Cuers  jusqu'au  diffuseur  N\u00b010  \u00ab  Puget-Ville  \u00bb  au  PR  21.500  sur  \nl'autoroute A57 en direction de Toulon.\nLa  travers\u00e9e  des  communes  de  Gonfaron  et  Carnoules  est  strictement  interdite  aux  \npoids-lourds de plus de 19T ou d'une hauteur sup\u00e9rieure \u00e0 3,90m. L a D43 est strictement  \nlimit\u00e9e \u00e0 une hauteur de 4,30m. \nDepuis Le Luc-en-Provence / Le Cannet-des-Maures en direction d'Aix-en-Provence\nLes v\u00e9hicules en provenance du Luc-en-Provence ou du Cannet-des-Maures et souhaitant  \nrejoindre l'autoroute A8 en direction d'Aix-en-Provence, doivent suivre la DN7 jusqu'au  \ndiffuseur N\u00b035 \u00ab Brignoles \u00bb au PR 73.800 sur l'autoroute A8 en direction d'Aix-en-Provence.\nDepuis Le Luc-en-Provence / Le Cannet-des-Maures en direction de Nice\nLes v\u00e9hicules en provenance du Luc-en-Provence ou du Cannet-des-Maures et souhaitant  \nrejoindre l'autoroute A8 en direction de Nice, doivent suivre la DN7 jusqu'au Muy puis  \nemprunter la D1555 jusqu'au diffuseur N\u00b036 \u00ab Le Muy \u00bb au PR 117.600 sur l'autoroute A8 en  \ndirection de Nice.\nDepuis Le Luc-en-Provence / Le Cannet-des-Maures en direction de Toulon\nLes  v\u00e9hicules  l\u00e9gers  en  provenance  du  Luc-en-Provence  ou  Le  Cannet-des-Maures  et  \nsouhaitant rejoindre l'autoroute A57 en direction de Toulon, doivent prendre la DN7 depuis \nLe-Luc-en-Provence en direction de Toulon puis la D97, pour rejoindre le diffuseur N\u00b011  \n\u00ab Carnoules \u00bb au PR 32.000 sur l'autoroute A57 en direction de Toulon.\nLes poids-lourds en provenance du Luc-en-Provence ou Le Cannet-des-Maures et souhaitant  \nrejoindre  l'autoroute  A57  en  direction  de  Toulon ,  doivent  emprunter  la  DN7  jusqu'\u00e0  \nBrignoles et emprunter la D43 en direction de Cuers jusqu'au diffuseur N\u00b010 \u00ab Puget-Ville \u00bb  \nau PR 21.500 sur l'autoroute A57 en direction de Toulon.\nLa  travers\u00e9e  des  communes  de  Gonfaron  et  Carnoules  est  strictement  interdite  aux  \npoids-lourds de plus de 19T ou d'une hauteur sup\u00e9rieure \u00e0 3,90m. L a D43 est strictement  \nlimit\u00e9e \u00e0 une hauteur de 4,30m. \nDepuis l'autoroute A57 en direction d'Aix-en-Provence\nLes  v\u00e9hicules  circulant  sur  l'autoroute  A57  et  souhaitant  rejoindre  l'autoroute  A8  en  \ndirection d'Aix-en-Provence, doivent suivre la DN7 jusqu'au diffuseur N\u00b035 \u00ab Brignoles \u00bb au  \nPR 73.800 sur l'autoroute A8 en direction d'Aix-en-Provence.\nDepuis l'autoroute A57 en direction de Nice\nLes  v\u00e9hicules  circulant  sur  l'autoroute  A57  et  souhaitant  rejoindre  l'autoroute  A8  en  \ndirection de Nice, doivent suivre la DN7 jusqu'au Muy puis emprunter la D1555 jusqu'au  \ndiffuseur N\u00b036 \u00ab Le Muy \u00bb au PR 117.600 sur l'autoroute A8 en direction de Nice.\nArticle 3  : Au regard des contraintes de phasage, l'arr\u00eat\u00e9 pr\u00e9fectoral n\u00b02023-06-004 en date  \ndu 26 juin 2023 autorisant l'ouverture de chantiers d'entretien courant ou de r\u00e9paration sur  \nles autoroutes A8, A50 et A57 dans la travers\u00e9e du d\u00e9partement du Var est d\u00e9rog\u00e9.\nL'inter-distance avec tout chantier n\u00e9cessaire \u00e0 l'entretien de l'autoroute A8, est ramen\u00e9e \u00e0  \nz\u00e9ro (0) kilom\u00e8tre, dans les deux sens de circulation, pendant la dur\u00e9e de ces travaux.\nLes longueurs de restriction sont port\u00e9es \u00e0 15 kilom\u00e8tres dans les deux sens de circulation. \nUne partie des travaux est r\u00e9alis\u00e9e sous basculement de chauss\u00e9e. Dans la zone \u00e0 double  \nsens, la vitesse est limit\u00e9e \u00e0 80 km/h. \nArr\u00eat\u00e9 pr\u00e9fectoral n\u00b0 2026 \u2013 04 \u2013 001 ESC Page 6/7\nPr\u00e9fecture du VAR - 83-2026-04-10-00003 - PREF- AP 2026-04-001 - Enrobes A8 -A57 - Le Cannet des Maures-RAA 31\nArticle  4  :  Une  information  concernant  l'avancement  des  travaux  est  transmise  \nhebdomadairement le vendredi, avant 09h00, aux destinataires suivants :\n\uf0b7 Pr\u00e9fecture du Var (pref-derogations-routes@var.gouv.fr)\n\uf0b7 Conseil d\u00e9partemental du Var (bce@var.fr)\n\uf0b7 Direction d\u00e9partementale des territoires et de la mer du Var\n\uf0b7 Radio Vinci-Autoroutes (107 .7)\nArticle  5  : Les  signalisations  temporaires  et  l'information  des  usagers,  r\u00e9pondant  \u00e0  la  \ndescription du pr\u00e9sent arr\u00eat\u00e9, sont mises en place, entretenues et surveill\u00e9es par les services  \nd'exploitation de la soci\u00e9t\u00e9 des autoroutes Est\u00e9rel, C\u00f4te d'Azur, Provence Alpes (ESCOTA)  \npendant toute la p\u00e9riode des travaux.\nLes usagers sont inform\u00e9s des travaux et des modifications des conditions de circulation :\n-  prioritairement par la diffusion de messages sur Radio Vinci Autoroutes (107 .7).\n-  par  affichage  sur  Panneau  \u00e0  Messages  Variables  (PMV)  (sous  r\u00e9serve  d'informations  \nd'urgence).\nLes d\u00e9viations sont annonc\u00e9es suffisamment en amont pour permettre \u00e0 l'usager d'anticiper \nle changement d'itin\u00e9raire.\nLe cas \u00e9ch\u00e9ant, ces messages sont compl\u00e9t\u00e9s par des panneaux d'affichage temporaires et  \npar  une  information  sur  le  site  internet  \u00ab  Vinci  Autoroutes/Infos  Travaux  \u00bb  www.vinci-\nautoroutes.com/fr-infos-travaux/\nArticle 6 : La directrice de cabinet du pr\u00e9fet du Var, le pr\u00e9sident du conseil d\u00e9partemental du \nVar,  le  directeur  interd\u00e9partemental  de  la  police  nationale  du  Var,  le  commandant  du  \ngroupement de gendarmerie d\u00e9partementale du Var, le directeur d\u00e9partemental des services  \nd'incendie et de secours du Var, les maires des communes de Brignoles, Le Luc-en-Provence, \nLe Cannet-des-Maures, Carnoules, Puget-Ville, Vidauban, Les Arcs-sur-Argens et Le Muy ,  le \ndirecteur de la soci\u00e9t\u00e9 des autoroutes Est\u00e9rel, C\u00f4te d'Azur, Provence Alpes, sont charg\u00e9s,  \nchacun en ce qui le concerne, de l'ex\u00e9cution du pr\u00e9sent arr\u00eat\u00e9 qui sera publi\u00e9 au recueil des  \nactes administratifs de la pr\u00e9fecture du Var.\nFait \u00e0 Toulon, le 10 avril 2026\n                                                     Pour le Pr\u00e9fet et par d\u00e9l\u00e9gation, \n                                                           La cheffe du service \n                                                           de l'\u00e9ducation et de la s\u00e9curit\u00e9 routi\u00e8res\n                                                          sign\u00e9 :  Sophie BARASTIER\nConform\u00e9ment aux dispositions de l'article R. 421-1 et suivants du code de justice administrative, le pr\u00e9sent arr\u00eat\u00e9 peut faire l'objet  \ndans un d\u00e9lai de deux mois \u00e0 compter de sa parution :\n\u2013  d'un recours administratif (recours gracieux aupr\u00e8s du pr\u00e9fet du Var ou recours hi\u00e9rarchique aupr\u00e8s du ministre de l'int\u00e9rieur)\n\u2013 d'un recours contentieux devant le tribunal administratif de Toulon. Le tribunal administratif peut \u00eatre saisi par l'application  \ninformatique \u00ab T\u00e9l\u00e9recours citoyens \u00bb accessible par le site Internet www.telerecours.fr\nArr\u00eat\u00e9 pr\u00e9fectoral n\u00b0 2026 \u2013 04 \u2013 001 ESC Page 7/7\nPr\u00e9fecture du VAR - 83-2026-04-10-00003 - PREF- AP 2026-04-001 - Enrobes A8 -A57 - Le Cannet des Maures-RAA 32\nPr\u00e9fecture du VAR\n83-2026-04-09-00007\nPV CCFPSC 21RIMA Jury 09042026os\nPr\u00e9fecture du VAR - 83-2026-04-09-00007 - PV CCFPSC 21RIMA Jury 09042026os 33\nCabinet du pr\u00e9fet\nDirection des s\u00e9curit\u00e9s\nService interminist\u00e9riel de d\u00e9fense et protection civiles\n CERTIFICAT DE COMP\u00c9TENCES \nDE FORMATEURS AUX PREMIERS SECOURS CITOYEN\n (C.C.F.P.S.C)\nPROC\u00c8S VERBAL n\u00b007/2026\nLe 09 avril 2026, de 15h30 \u00e0 17h00,\nle jury constitu\u00e9, conform\u00e9ment au chapitre 3 de l'annexe 2 de  l'arr\u00eat\u00e9 du 15 juin  \n2024,  par  l'arr\u00eat\u00e9  n\u00b0 2026_03_DS_SIDPC_11 du  11  mars  2026 d\u00e9signant  le  jury  \nd\u00e9partemental pour l'examen des dossiers de candidature pour l'attribution du  \nCertificat de Comp\u00e9tences de Formateur aux Premiers Secours Citoyen, s'est r\u00e9uni \npour  examiner  les  dossiers  des  candidats  du 21\u00e8me  R\u00e9giment  d'Infanterie  de  \nMarine (21\u00b0RIMa) sous la pr\u00e9sidence de M. Jordan DON,  formateur de formateurs-\ncef au 1er RCA.\nParticipaient aux travaux du jury :\nNom Pr\u00e9nom     :  Qualit\u00e9     :  \nGuillaume MARTINET FORMATEUR DE FORMATEURS- 54\u00b0RA\nPierre CHAVANNES FORMATEUR DE FORMATEURS-RIISC7\nFabrice JONQUIERES FORMATEUR DE FORMATEURS-21\u00b0RIMa\nDamien SPIESS\nAbsent\nFORMATEUR  DE FORMATEURS (Suppl\u00e9ant)-FNMNS\nNombre de candidats ayant \u00e9t\u00e9 d\u00e9clar\u00e9s admis : 12\nEn application au chapitre 3 de l'annexe 2 de l'arr\u00eat\u00e9 du 15 juin 2024, la liste des  \ncandidats re\u00e7us \u00e0 l'examen de formateur en  pr\u00e9vention  et secours citoyen  est  \npubli\u00e9e par le pr\u00e9fet au recueil des actes administratifs.\nAdresse postale : Pr\u00e9fecture du V ar - Boulevard du 112\u00e8me R.I. - CS 31209 - 83070 TOULON CEDEX \u2013\nAccueil t\u00e9l\u00e9phonique : 04 94 18 83 83 \u2013 Horaires d'ouverture et modalit\u00e9s d'accueil sur le portail Internet : http://www.var.gouv.fr   \nPr\u00e9fecture du VAR - 83-2026-04-09-00007 - PV CCFPSC 21RIMA Jury 09042026os 34\nFORMATEUR AUX PREMIERS SECOURS CITOYEN (FPSC)\nSession du 26 mars au 03 avril 2026\nPR\u00c9NOM NOM \nNaissance Organisme \nformateur \nFPSC\nFPSE R\u00e9sultat n\u00b0Dipl\u00f4me\nDate Lieu D\u00e9p\nYohan ANDRIEU 08/07/98 Villefranche-de-\nRouergue 12 21\u00b0RIMa FPSC ADMIS 83-2026-65\nAnthony BATZELLA 05/09/00 Forbach 57 21\u00b0RIMa FPSC ADMIS 83-2026-66\nRyan BERTHOUD 26/07/05 La Garenne-\nColombres 92 21\u00b0RIMa FPSC ADMIS 83-2026-67\nK\u00e9vin BREMOND 05/07/94 Fr\u00e9jus 83 21\u00b0RIMa FPSC ADMIS 83-2026-68\nL\u00e9andre CAZE 07/07/01 Quincy-Sous-\nS\u00e9nart 91 21\u00b0RIMa FPSC ADMIS 83-2026-69\nDylan CIPPE 15/02/97 Cayenne 973 21\u00b0RIMa FPSC ADMIS 83-2026-70\nCarl DRUART 29/11/02 Cherbourg-\nOcteville 50 21\u00b0RIMa FPSC ADMIS 83-2026-71\nDarius HARZELLI 27/11/00 Grasse 06 21\u00b0RIMa FPSC ADMIS 83-2026-72\nRobin HUITRIC 04/05/02 Issoire 63 21\u00b0RIMa FPSC ADMIS 83-2026-73\nMaxime MONTPEYSSIN 07/10/96 Ermont 95 21\u00b0RIMa FPSC ADMIS 83-2026-74\nLo\u00efc SEILLIER 04/08/87 Clichy 92 21\u00b0RIMa FPSC ADMIS 83-2026-75\nJ\u00e9r\u00e9my T\u00c9CHER 10/10/97 Saint-Denis 974 21\u00b0RIMa FPSC ADMIS 83-2026-76\nLe Pr\u00e9sident     :  Jordan DON\nLes membres du jury     :\nGuillaume MARTINET\nFabrice JONQUIERES\nPierre CHAVANNES\nDamien SPIESS\nAbsent\nOriginal sign\u00e9 le 09 avril 2026\nPV  CCFPSC 21\u00b0RIMa- 09 avril 2026- page 2/2\nPr\u00e9fecture du VAR - 83-2026-04-09-00007 - PV CCFPSC 21RIMA Jury 09042026os 35\nPr\u00e9fecture du VAR\n83-2026-04-09-00005\nPV CCFPSC 54RA Jury 09042026os\nPr\u00e9fecture du VAR - 83-2026-04-09-00005 - PV CCFPSC 54RA Jury 09042026os 36\nCabinet du pr\u00e9fet\nDirection des s\u00e9curit\u00e9s\nService interminist\u00e9riel de d\u00e9fense et protection civiles\n CERTIFICAT DE COMP\u00c9TENCES \nDE FORMATEURS AUX PREMIERS SECOURS CITOYENS\n (C.C.F.P.S.C)\nPROC\u00c8S VERBAL n\u00b005/2026\nLe 09 avril 2026, de 10h00 \u00e0 12h00,\nle jury constitu\u00e9, conform\u00e9ment au chapitre 3 de l'annexe 2 de  l'arr\u00eat\u00e9 du 15 juin  \n2024,  par  l'arr\u00eat\u00e9  n\u00b0 2026_03_DS_SIDPC_09 du 11  mars  2026  d\u00e9signant  le  jury  \nd\u00e9partemental pour l'examen des dossiers de candidature pour l'attribution du  \nCertificat de Comp\u00e9tences de Formateur aux Premiers Secours Citoyen, s'est r\u00e9uni \npour examiner les dossiers des candidats du 54\u00e8me R\u00e9giment d'Artillerie (54\u00b0RA)  \nsous la pr\u00e9sidence de  M. Fabrice JONQUIERES,  formateur de formateurs-cef au  \n21\u00b0RIMa.\nParticipaient aux travaux du jury :\nNom Pr\u00e9nom     :  Qualit\u00e9     :  \nDamien SPIESS FORMATEUR DE FORMATEURS- FNMNS\nJordan DON FORMATEUR DE FORMATEURS-1er RCA\nGuillaume MARTINET FORMATEUR DE FORMATEURS-54\u00b0RA\nPierre CHAVANNES FORMATEUR  DE FORMATEURS (Suppl\u00e9ant)-RIISC7\nNombre de candidats ayant \u00e9t\u00e9 d\u00e9clar\u00e9s admis : 05\nEn application au chapitre 3 de l'annexe 2 de l'arr\u00eat\u00e9 du 15 juin 2024, la liste des  \ncandidats re\u00e7us \u00e0 l'examen de formateur en  pr\u00e9vention  et secours citoyen  est  \npubli\u00e9e par le pr\u00e9fet au recueil des actes administratifs.\nAdresse postale : Pr\u00e9fecture du V ar - Boulevard du 112\u00e8me R.I. - CS 31209 - 83070 TOULON CEDEX \u2013\nAccueil t\u00e9l\u00e9phonique : 04 94 18 83 83 \u2013 Horaires d'ouverture et modalit\u00e9s d'accueil sur le portail Internet : http://www.var.gouv.fr   \nPr\u00e9fecture du VAR - 83-2026-04-09-00005 - PV CCFPSC 54RA Jury 09042026os 37\nFORMATEUR AUX PREMIERS SECOURS CITOYENS (FPSC)\nSession du 09 au 20 mars 2026\nPR\u00c9NOM NOM \nNaissance Organisme \nformateur \nFPSC\nFPSE R\u00e9sultat n\u00b0Dipl\u00f4me\nDate Lieu D\u00e9p\nEmma CATINAT 29/07/05 Nancy 54 54\u00b0RA FPSC ADMIS 83-2026-044\nL\u00e9a CHENET 29/05/01 Le Puy-en-Velay 43 54\u00b0RA FPSC ADMIS 83-2026-045\nColine FRAN\u00c7OIS 17/03/99 N\u00eemes 30 54\u00b0RA FPSC ADMIS 83-2026-046\nMehdi MALALI HERAULT 11/12/97 Le Mans 72 54\u00b0RA FPSC NON \nADMIS ///////////////\nM\u00e9riq MOUILLON 03/10/96 Soisson 02 54\u00b0RA FPSC ADMIS 83-2026-047\nSoline PASQUIER 09/10/05 Auxerre 89 54\u00b0RA FPSC NON \nADMIS ///////////////\nFr\u00e9d\u00e9ric SAUVAT 19/07/83 Toulon 83 54\u00b0RA FPSC ADMIS 83-2026-048\nLe Pr\u00e9sident     :   Fabrice JONQUIERES\nLes membres du jury     :\nDamien SPIESS\nGuillaume MARTINET\nJordan DON\nPierre CHAVANNES\nOriginal sign\u00e9 le 09 avril 2026\nPV  CCFPSC 54\u00b0RA- 09 avril 2026- page 2/2\nPr\u00e9fecture du VAR - 83-2026-04-09-00005 - PV CCFPSC 54RA Jury 09042026os 38\nPr\u00e9fecture du VAR\n83-2026-04-09-00008\nPV CCFPSC FNMNS Jury 09042026os\nPr\u00e9fecture du VAR - 83-2026-04-09-00008 - PV CCFPSC FNMNS Jury 09042026os 39\nCabinet du pr\u00e9fet\nDirection des s\u00e9curit\u00e9s\nService interminist\u00e9riel de d\u00e9fense et protection civiles\n CERTIFICAT DE COMP\u00c9TENCES \nDE FORMATEURS AUX PREMIERS SECOURS CITOYEN\n (C.C.F.P.S.C)\nPROC\u00c8S VERBAL n\u00b008/2026\nLe 09 avril 2026, de 14h30 \u00e0 15h30,\nle jury constitu\u00e9, conform\u00e9ment au chapitre 3 de l'annexe 2 de  l'arr\u00eat\u00e9 du 15 juin  \n2024,  par  l'arr\u00eat\u00e9  n\u00b0 2026_03_DS_SIDPC_12 du  11  mars  2026 d\u00e9signant  le  jury  \nd\u00e9partemental pour l'examen des dossiers de candidature pour l'attribution du  \nCertificat de Comp\u00e9tences de Formateur aux Premiers Secours Citoyen, s'est r\u00e9uni \npour examiner les dossiers des candidats  de la  F\u00e9d\u00e9ration Nationale des M\u00e9tiers  \nde  la  Natation  et  du  Sport  \u2013  Aqua  Sauvetage  Varois  (FNMNS-ASV)  sous  la \npr\u00e9sidence de M. Guillaume MARTINET, formateur de formateurs-cef au 54\u00b0RA.\nParticipaient aux travaux du jury :\nNom Pr\u00e9nom     :  Qualit\u00e9     :  \nPierre CHAVANNES FORMATEUR DE FORMATEURS- RIISC7\nFabrice JONQUIERES FORMATEUR DE FORMATEURS-21\u00b0RIMa\nDamien SPIESS FORMATEUR DE FORMATEURS-FNMNS\nJordan DON FORMATEUR  DE FORMATEURS (Suppl\u00e9ant)-1ER RCA\nNombre de candidats ayant \u00e9t\u00e9 d\u00e9clar\u00e9s admis : 06\nEn application au chapitre 3 de l'annexe 2 de l'arr\u00eat\u00e9 du 15 juin 2024, la liste des  \ncandidats re\u00e7us \u00e0 l'examen de formateur en  pr\u00e9vention  et secours citoyen  est  \npubli\u00e9e par le pr\u00e9fet au recueil des actes administratifs.\nAdresse postale : Pr\u00e9fecture du V ar - Boulevard du 112\u00e8me R.I. - CS 31209 - 83070 TOULON CEDEX \u2013\nAccueil t\u00e9l\u00e9phonique : 04 94 18 83 83 \u2013 Horaires d'ouverture et modalit\u00e9s d'accueil sur le portail Internet : http://www.var.gouv.fr   \nPr\u00e9fecture du VAR - 83-2026-04-09-00008 - PV CCFPSC FNMNS Jury 09042026os 40\nFORMATEUR AUX PREMIERS SECOURS CITOYEN (FPSC)\nSession du 14-15-20-21-22 mars 2026\nPR\u00c9NOM NOM \nNaissance Organisme \nformateur \nFPSC\nFPSE R\u00e9sultat n\u00b0Dipl\u00f4me\nDate Lieu D\u00e9p\nLaurie CHARLOIS 05/07/90 Toulon 83 FNMNS-ASV FPSC ADMIS 83-2026-077\nValentine CHEVALIER 25/02/01 Manosque 4 FNMNS-ASV FPSC ADMIS 83-2026-078\nAmandyne DOZOUL 29/09/89 Draguignan 83 FNMNS-ASV FPSC ADMIS 83-2026-079\nChristian OLIVIERI 13/07/69 La Ciotat 13 FNMNS-ASV FPSC ADMIS 83-2026-080\nLaura PELLEQUER 14/12/87 Toulon 83 FNMNS-ASV FPSC ADMIS 83-2026-081\nFran\u00e7ois ROBERTO 06/11/73 Clermont-Ferrand 63 FNMNS-ASV FPSC ADMIS 83-2026-082\nLe Pr\u00e9sident     :  Guillaume MARTINET\nLes membres du jury     :\nPierre CHAVANNES\nDamien SPIESS\nFabrice JONQUIERES\nJordan DON\nOriginal sign\u00e9 le 09 avril 2026\nPV  CCFPSC FNMNS ASV- 09 avril 2026- page 2/2\nPr\u00e9fecture du VAR - 83-2026-04-09-00008 - PV CCFPSC FNMNS Jury 09042026os 41\nPr\u00e9fecture du VAR\n83-2026-04-09-00004\nPV CCFPSE RCA Jury 090426os\nPr\u00e9fecture du VAR - 83-2026-04-09-00004 - PV CCFPSE RCA Jury 090426os 42\nCabinet du pr\u00e9fet\nDirection des s\u00e9curit\u00e9s\nService interminist\u00e9riel de d\u00e9fense et protection civiles\n CERTIFICAT DE COMP\u00c9TENCES \nDE FORMATEURS AUX PREMIERS SECOURS EN \u00c9QUIPE\n (C.C.F.P.S.E)\nPROC\u00c8S VERBAL n\u00b004/2026\nLe 09 avril 2026, de 08h00 \u00e0 10h00,\nle jury constitu\u00e9, conform\u00e9ment au chapitre 3 de l'annexe 3 de  l'arr\u00eat\u00e9 du 15 juin  \n2024,  par  l'arr\u00eat\u00e9  n\u00b0 2026_03_DS_SIDPC_08 du 11  mars  2026  d\u00e9signant  le  jury \nd\u00e9partemental pour l'examen des dossiers de candidature pour l'attribution du  \nCertificat de Comp\u00e9tences de Formateur aux Premiers Secours en \u00c9quipe, s'est  \nr\u00e9uni  pour  examiner  les  dossiers  des  candidats  du 1 er R\u00e9giment  de  Chasseurs  \nd'Afrique (1erRCA)  sous la pr\u00e9sidence de  M.  Pierre CHAVANNES, formateur de  \nformateurs-cef au RIISC7.\nParticipaient aux travaux du jury :\nNom Pr\u00e9nom     :  Qualit\u00e9     :  \nFabrice JONQUIERES FORMATEUR DE FORMATEURS- 21\u00b0RIMa\nDamien SPIESS FORMATEUR DE FORMATEURS-FNMNS\nJordan DON FORMATEUR DE FORMATEURS- 1ER RCA\nGuillaume MARTINET FORMATEUR DE FORMATEURS (Suppl\u00e9ant)- 54\u00b0RA\nNombre de candidats ayant \u00e9t\u00e9 d\u00e9clar\u00e9s admis : 10\nEn application au chapitre 3 de l'annexe 3 de l'arr\u00eat\u00e9 du 15 juin 2024, la liste des  \ncandidats re\u00e7us \u00e0 l'examen de formateur en pr\u00e9vention et secours en \u00e9quipe est  \npubli\u00e9e par le pr\u00e9fet au recueil des actes administratifs.\nAdresse postale : Pr\u00e9fecture du V ar - Boulevard du 112\u00e8me R.I. - CS 31209 - 83070 TOULON CEDEX \u2013\nAccueil t\u00e9l\u00e9phonique : 04 94 18 83 83 \u2013 Horaires d'ouverture et modalit\u00e9s d'accueil sur le portail Internet : http://www.var.gouv.fr   \nPr\u00e9fecture du VAR - 83-2026-04-09-00004 - PV CCFPSE RCA Jury 090426os 43\nFORMATEUR AUX PREMIERS SECOURS EN \u00c9QUIPE (FPSE)\nSession du 09 au 18 mars 2026\nPR\u00c9NOM NOM \nNaissance Organisme \nformateur \nFPSC\nFPSE R\u00e9sultat n\u00b0Dipl\u00f4me\nDate Lieu D\u00e9p\nFlorian AUDIER 29/01/93 Longjumeau 91 1er RCA FPSE NON \nADMIS ////////////\nAlexy BAPTISTE 03/10/97 Marseille 8\u00b0 13 1er RCA FPSE ADMIS 83-2026-034\nMa\u00ebl BERTRAND 08/06/02 S\u00e8te 34 1er RCA FPSE ADMIS 83-2026-035\nThomas CONILL 16/09/00 Niort 79 1er RCA FPSE ADMIS 83-2026-036\nChlo\u00e9 COURTOIS 19/08/97 Arnas 69 1er RCA FPSE ADMIS 83-2026-037\nHaniel FAIVRE 01/10/04 Saint-Pierre 974 1er RCA FPSE NON \nADMIS ////////////\nAntony LANDAIS 10/01/91 Lagny-sur-Marne 77 1er RCA FPSE ADMIS 83-2026-038\nK\u00e9vin LIEUTIER 05/05/95 Draguignan 83 1er RCA FPSE ADMIS 83-2026-039\nJ\u00e9r\u00e9my LUSTIG 11/08/93 Wissembourg 67 1er RCA FPSE ADMIS 83-2026-040\nMorgane NAVARRO 07/11/04 N\u00eemes 30 1er RCA FPSE ADMIS 83-2026-041\nLo\u00efc ORSET 26/01/94 Cannes 6 1er RCA FPSE ADMIS 83-2026-042\nCl\u00e9ment PARRAUD 25/11/96 Saint-R\u00e9my 71 1er RCA FPSE NON \nADMIS ////////////\nC\u00e9line PATRIZIO 21/05/85 Metz 57 1er RCA FPSE ADMIS 83-2026-043\nLe Pr\u00e9sident     :   Pierre CHAVANNES\nLes membres du jury     :\nFabrice JONQUIERES\nJordan DON\nDamien SPIESS\nGuillaume MARTINET\n                            \nOriginal sign\u00e9 le 09 avril 2026\nPV  CCFPSE 1er RCA- 09 avril 2026- page 2 /2\nPr\u00e9fecture du VAR - 83-2026-04-09-00004 - PV CCFPSE RCA Jury 090426os 44\nPr\u00e9fecture du VAR\n83-2026-04-09-00006\nPV CCFPSE RIISC7 Jury 090426os\nPr\u00e9fecture du VAR - 83-2026-04-09-00006 - PV CCFPSE RIISC7 Jury 090426os 45\nCabinet du pr\u00e9fet\nDirection des s\u00e9curit\u00e9s\nService interminist\u00e9riel de d\u00e9fense et protection civiles\n CERTIFICAT DE COMP\u00c9TENCES \nDE FORMATEURS AUX PREMIERS SECOURS EN \u00c9QUIPE\n (C.C.F.P.S.E)\nPROC\u00c8S VERBAL n\u00b006/2026\nLe 09 avril 2026, de 12h30 \u00e0 14h30\nle jury constitu\u00e9, conform\u00e9ment au chapitre 3 de l'annexe 3 de  l'arr\u00eat\u00e9 du 15 juin  \n2024,  par  l'arr\u00eat\u00e9  n\u00b0 2026_03_DS_SIDPC_10 du  11  mars  2026  d\u00e9signant  le  jury \nd\u00e9partemental pour l'examen des dossiers de candidature pour l'attribution du  \nCertificat de Comp\u00e9tences de Formateur aux Premiers Secours en \u00c9quipe, s'est  \nr\u00e9uni  pour  examiner  les  dossiers  des  candidats  du  R\u00e9giment  d'Instruction  et  \nd'Intervention de la S\u00e9curit\u00e9 Civile N\u00b07 (RIISC7) sous la pr\u00e9sidence de M. Damien \nSPIESS, formateur de formateurs-cef \u00e0 la FNMNS.\nParticipaient aux travaux du jury :\nNom Pr\u00e9nom     :  Qualit\u00e9     :  \nJordan DON FORMATEUR DE FORMATEURS- 1er RCA\nGuillaume MARTINET FORMATEUR DE FORMATEURS-54\u00b0RA\nPierre CHAVANNES FORMATEUR DE FORMATEURS- RIISC7\nFabrice JONQUIERES FORMATEUR DE FORMATEURS (Suppl\u00e9ant)- 21\u00b0RIMa\nNombre de candidats ayant \u00e9t\u00e9 d\u00e9clar\u00e9s admis : 16\nEn application au chapitre 3 de l'annexe 3 de l'arr\u00eat\u00e9 du 15 juin 2024, la liste des  \ncandidats re\u00e7us \u00e0 l'examen de formateur en pr\u00e9vention et secours en \u00e9quipe est  \npubli\u00e9e par le pr\u00e9fet au recueil des actes administratifs.\nAdresse postale : Pr\u00e9fecture du V ar - Boulevard du 112\u00e8me R.I. - CS 31209 - 83070 TOULON CEDEX \u2013\nAccueil t\u00e9l\u00e9phonique : 04 94 18 83 83 \u2013 Horaires d'ouverture et modalit\u00e9s d'accueil sur le portail Internet : http://www.var.gouv.fr   \nPr\u00e9fecture du VAR - 83-2026-04-09-00006 - PV CCFPSE RIISC7 Jury 090426os 46\nFORMATEUR AUX PREMIERS SECOURS EN \u00c9QUIPE (FPSE)\nSession du 23 mars au 03 avril 2026\nPR\u00c9NOM NOM \nNaissance Organisme \nformateur \nFPSC\nFPSE\nR\u00e9sult\nat n\u00b0Dipl\u00f4me\nDate Lieu D\u00e9p\nTom ANDRIEU 31/10/98 Mont-Saint-\nAignan 76 RIISC7 FPSE ADMIS 83-2026-049\nArthur AUTHI\u00c9 05/03/02 Toulouse 31 RIISC7 FPSE ADMIS 83-2026-050\nLucas BANIEL 27/09/00 Senlis 60 RIISC7 FPSE NON \nADMIS ////////////////\nEnzo BEAUCART 17/04/05 Metz 57 RIISC7 FPSE ADMIS 83-2026-051\nEmilia BILLARD 17/08/04 Lavaur 81 RIISC7 FPSE ADMIS 83-2026-052\nAdrien BLIN 10/01/95 Pontoise 95 RIISC7 FPSE ADMIS 83-2026-053\nTh\u00e9o BODINO 20/06/00 Marseille 5\u00b0 13 RIISC7 FPSE ADMIS 83-2026-054\nChlo\u00e9 CARUSO 09/04/00 Le Blanc-Mesnil 93 RIISC7 FPSE ADMIS 83-2026-055\nGuillaume DESARZENS 06/08/94 Lyon 4\u00b0 69 RIISC7 FPSE ADMIS 83-2026-056\nGa\u00e9tan GARBE 12/08/90 Saint-Pol-sur-\nTernoise 62 RIISC7 FPSE ADMIS 83-2026-057\nHugo GERMAIN 07/04/97 Vernon 27 RIISC7 FPSE ADMIS 83-2026-058\nGuillaume GINDRAT 11/06/98 Aix-en-Provence 13 RIISC7 FPSE ADMIS 83-2026-059\nThomas MACIA 13/05/01 Bron 69 RIISC7 FPSE ADMIS 83-2026-60\nThibault MUGGEO 05/07/03 Grenoble 38 RIISC7 FPSE ADMIS 83-2026-61\nGeoffrey ORSINI 06/09/95 Marseille 8\u00b0 13 RIISC7 FPSE ADMIS 83-2026-062\nKyllian PLIZGA 03/10/99 Fr\u00e9jus 83 RIISC7 FPSE ADMIS 83-2026-063\nSheraan ROZBULLY 16/07/99 Bondy 93 RIISC7 FPSE ADMIS 83-2026-064\nLe Pr\u00e9sident     :   Damien SPIESS\nLes membres du jury     :\nJordan DON\nPierre CHAVANNES\nGuillaume MARTINET\nFabrice JONQUIERES\n                                                  Original sign\u00e9 le 09 avril 2026\nPV  CCFPSE RIISC7- 09 avril 2026- page 2/2\nPr\u00e9fecture du VAR - 83-2026-04-09-00006 - PV CCFPSE RIISC7 Jury 090426os 47","date":"2026-04-10","first_seen_on":"2026-04-10T14:59:55+00:00","id":"322a462a901022233b915922ec81680a20e142a675455faa95df440a5fe1d339","name":"RAA N\u00b0122 du 10 avril 2026","pdf_creation_date":"2026-04-10T14:25:18+00:00","pdf_modification_date":null,"timezone":"Europe/Paris","url":"https://www.var.gouv.fr/contenu/telechargement/45909/299206/file/RAA%20N%C2%B0122%20du%2010%20avril%202026.pdf"}
