{"administration":"pref50","administration_name":"Pr\u00e9fecture de la Manche","content":"PREFETDE LA MANCHELibert\u00e9Egalit\u00e9Fraternit\u00e9\nRECUEIL DES ACTES\nADMINISTRATIFS\nDE LA MANCHE\nDOCUMENTATION\nET\nINFORMATIONS\nOctobre 2024\nNUMERO SPECIAL N\u00b0 97\n\nLe contenu int\u00e9gral des textes et/ou les documents et plans annex\u00e9s\npeut \u00eatre consult\u00e9 aupr\u00e8s du service sous le timbre duquel la publication\nest r\u00e9alis\u00e9e et sur le site Internet de la pr\u00e9fecture :\nhttp://www.manche.gouv.fr\nRubrique : Publications - Annonces et avis - Recueil des actes administratifs\nS O M M A I R E\nCABINET...................................................................................................................................................................................................... 2\nArr\u00eat\u00e9 n\u00b02024- 82 \u2013 SIDPC du 14 octobre 2024 portant prorogation d'habilitation au Service D\u00e9partemental d'Incendie et de Secours \npour le d\u00e9partement de la Manche pour la formation aux premiers secours................................................................................................. 2\nArr\u00eat\u00e9 n\u00b0 2024 - 079 - SIDPC du 14 octobre 2024 relatif \u00e0 la composition, aux comp\u00e9tences et au fonctionnement de la commission \nconsultative d\u00e9partementale de s\u00e9curit\u00e9 et d'accessibilit\u00e9............................................................................................................................ 2\nDIRECTION DEPARTEMENTALE DE L'EMPLOI, DU TRAVAIL ET DES SOLIDARITES.......................................................................... 3\nArr\u00eat\u00e9 modificatif du 27 septembre 2024 \u00e0 l'arr\u00eat\u00e9 du 1 septembre 2023 relatif au renouvellement des membres de la commission des \ndroits et de l'autonomie des personnes handicap\u00e9es.................................................................................................................................... 3\nArr\u00eat\u00e9 pr\u00e9fectoral n\u00b02024-DDETS-PECEC-03 du 14 octobre 2024 portant nomination au sein du Comit\u00e9 D\u00e9partemental Pour l'Emploi \n(CDPE).......................................................................................................................................................................................................... 5\nDIVERS......................................................................................................................................................................................................... 6\nARS \u2013 AGENCE R\u00c9GIONALE DE SANT\u00c9....................................................................................................................................................................... 6\nD\u00e9cision du 23 septembre 2024 portant autorisation d'une pharmacie \u00e0 usage int\u00e9rieur au sein de la polyclinique du Cotentin.............. 6\nTRIBUNAL ADMINISTRATIF DE CAEN............................................................................................................................................................................ 7\nD\u00e9cision du 15 octobre 2024 portant d\u00e9l\u00e9gation de signature \u00e0 M. Jean-Francois Mellet......................................................................... 7\n\uf0bf\nCABINET\nArr\u00eat\u00e9 n\u00b02024- 82 \u2013 SIDPC du 14 octobre 2024 portant prorogation d'habilitation au Service D\u00e9partemental d'Incendie et de Secours\npour le d\u00e9partement de la Manche pour la formation aux premiers secours \nCONSID\u00c9RANT qu'en application de l'article 3 du d\u00e9cret n 2024-242 du 20 mars 2024 susvis\u00e9, le Service Interd\u00e9partemental d'Incendie et de \nSecours pour le d\u00e9partement de la Manche habilit\u00e9 pour les formations aux premiers secours n\u00e9cessite la prorogation de son habilitation \ncompte tenu des mesures d'habilitation d\u00e9sormais administr\u00e9es par le ministre charg\u00e9 de la s\u00e9curit\u00e9 civile.\nSur proposition de la Directrice de Cabinet du Pr\u00e9fet de la Manche ;\nA R R E T E\nArt. 1 : En application de l'article 3 du d\u00e9cret n 2024-242 du 20 mars 2024 susvis\u00e9, l' habilitation du Service Interd\u00e9partemental d'Incendie et de \nSecours pour le d\u00e9partement de la Manche est prorog\u00e9e jusqu'au 31 janvier 2025, pour d\u00e9livrer les unit\u00e9s d'enseignements pour lesquels il a \n\u00e9t\u00e9 initialement habilit\u00e9.\nArt. 2     :   Pour un renouvellement d'habilitation, la demande doit \u00eatre re\u00e7ue par la pr\u00e9fecture \nde la Manche au moins un mois avant la date d'expiration de celle-ci.\nSign\u00e9 : pour le Pr\u00e9fet, la Directrice de cabinet : St\u00e9phanie PETITJEAN\nArr\u00eat\u00e9 n\u00b0 2024 - 079 - SIDPC du 14 octobre 2024 relatif \u00e0 la composition, aux comp\u00e9tences et au fonctionnement de la commission\nconsultative d\u00e9partementale de s\u00e9curit\u00e9 et d'accessibilit\u00e9\nArt. 1er : Le pr\u00e9fet pr\u00e9side la commission consultative d\u00e9partementale de s\u00e9curit\u00e9 et d'accessibilit\u00e9. Il peut se faire repr\u00e9senter par un autre \nmembre du corps pr\u00e9fectoral. Elle est constitu\u00e9e comme suit :\nMembres si\u00e9geant avec voix d\u00e9lib\u00e9rative :\n1 .  pour toutes les attributions de la commission :\na - les repr\u00e9sentants des services de l'\u00c9tat ou leurs suppl\u00e9ants :\n            \u25aa le directeur ou le responsable du service des s\u00e9curit\u00e9s de la pr\u00e9fecture ou le chef du service interminist\u00e9riel de d\u00e9fense et de \nprotection civile ;\n            \u25aa le directeur interd\u00e9partemental de la police nationale ;\n            \u25aa le commandant du groupement de gendarmerie de la Manche ;\n            \u25aa le directeur r\u00e9gional de l'environnement, de l'am\u00e9nagement et du logement ;\n            \u25aa le directeur des services d\u00e9partementaux de l'\u00e9ducation nationale ; \n            \u25aa le directeur d\u00e9partemental de l'emploi, du travail et des solidarit\u00e9s ;\n            \u25aa le directeur r\u00e9gional de l'alimentation, de l'agriculture et de la for\u00eat ;\n            \u25aa le directeur d\u00e9partemental des territoires et de la mer.\n      b - le directeur d\u00e9partemental des services d'incendie et de secours ou son suppl\u00e9ant ;\n c -trois conseillers d\u00e9partementaux d\u00e9sign\u00e9s par le pr\u00e9sident du conseil d\u00e9partemental ;\nRepr\u00e9sentants titulaires Repr\u00e9sentants suppl\u00e9ants\nMme CASTELEIN Christ\u00e8le Mme GATE Sylvie\nMme GODARD Nicole Mme LE GOFF Maryse\nM. LEJEUNE Pierre-Fran\u00e7ois Mme DUVAL Karine\n   d - trois maires d\u00e9sign\u00e9s par l'association des maires du d\u00e9partement\nM. ASSELINE Yves, maire de R\u00e9ville \nMme LAUTOUR C\u00e9line, maire d\u00e9l\u00e9gu\u00e9 de Ravenoville \nM. NAVARRET Alain, maire de La Haye Pesnel \n    2. En fonction des affaires trait\u00e9es :\n- le maire de la commune concern\u00e9e ou l'adjoint ou le conseiller municipal d\u00e9sign\u00e9 par lui ;\n- le pr\u00e9sident de l'\u00e9tablissement public de coop\u00e9ration intercommunale peut \u00eatre repr\u00e9sent\u00e9 par un vice-pr\u00e9sident, \u00e0 d\u00e9faut par un membre du \ncomit\u00e9 ou du conseil d'\u00e9tablissement public qu'il aura d\u00e9sign\u00e9.\n    3. Pour les \u00e9tablissements recevant du public et les immeubles de grande hauteur :\n- le pr\u00e9sident du conseil r\u00e9gional de l'ordre des architectes de Normandie ou son suppl\u00e9ant ;\n    4. Pour l'accessibilit\u00e9 des personnes handicap\u00e9es :\n  - quatre repr\u00e9sentants des associations des personnes handicap\u00e9es du d\u00e9partement pour toutes affaires : \n    \u2022 le pr\u00e9sident de l'association des paralys\u00e9s de France ;\n            \u25aa la pr\u00e9sidente de l'association des aveugles et mal-voyants de la Manche ;\n            \u25aa le pr\u00e9sident de la f\u00e9d\u00e9ration nationale des accidents du travail et des handicap\u00e9s de la Manche  ;\n            \u25aa le pr\u00e9sident de l'association d'aide \u00e0 l'adaptation et \u00e0 l'inclusion d'enfants d\u00e9ficients visuels ;\n            \u25aa  en suppl\u00e9ance, la pr\u00e9sidente de l'association ADSM Surdi 50 (association des devenus sourds et malentendants de la Manche) ;\net en fonction des affaires trait\u00e9es :\n- trois repr\u00e9sentants des propri\u00e9taires et exploitants d'\u00e9tablissements recevant du public pour les dossiers d'\u00e9tablissements recevant du public \net d'installations ouvertes au public ;\nl'association Manche D\u00e9veloppement\nl'union des m\u00e9tiers et des industries de l'h\u00f4tellerie (f\u00e9d\u00e9ration d\u00e9partementale)\nl'association des maires de la Manche\n- trois repr\u00e9sentants des propri\u00e9taires et gestionnaires de logements pour les dossiers de b\u00e2timents ;\nl'UNPI \u2013 chambre syndicale de la propri\u00e9t\u00e9 immobiliers Normandie\nla DDTM \u2013 d\u00e9l\u00e9gation locale de l'ANAH \u2013 service habitat\nManche Habitat\n- trois repr\u00e9sentants des ma\u00eetres d'ouvrages et gestionnaires de voirie ou d'espaces publics pour les dossiers de voirie et d'am\u00e9nagements des \nespaces publics.\nle conseil d\u00e9partemental de la Manche\nl'association des maires de la Manche\nl'association des maires ruraux de la Manche\n    5. Pour l'homologation des enceintes sportives destin\u00e9es \u00e0 recevoir des manifestations sportives ouvertes au public\n            \u25aa le pr\u00e9sident du comit\u00e9 d\u00e9partemental olympique et sportif ou son suppl\u00e9ant  ;\n            \u25aa le repr\u00e9sentant de chaque f\u00e9d\u00e9ration sportive concern\u00e9e ou son suppl\u00e9ant ;\n6 \u2013 Pour la protection des for\u00eats contre les risques d'incendie :\n    \u2022  le pr\u00e9sident de l'office national des for\u00eats ou son suppl\u00e9ant  ;\n    \u2022  le repr\u00e9sentant des propri\u00e9taires forestiers non soumis au r\u00e9gime forestier.\n7 - Pour la s\u00e9curit\u00e9 des occupants des terrains de camping et de stationnement des caravanes :\n            \u25aa le pr\u00e9sident de la f\u00e9d\u00e9ration de l'h\u00f4tellerie de plein air de la Manche ou son suppl\u00e9ant.\nArt. 2     :   La commission consultative d\u00e9partementale de s\u00e9curit\u00e9 et d'accessibilit\u00e9 exerce sa mission dans les domaines suivants :\n.  la s\u00e9curit\u00e9 contre les risques d'incendie et de panique dans les \u00e9tablissements recevant du public et les immeubles de grande hauteur,\n. l'accessibilit\u00e9 aux personnes handicap\u00e9es et les d\u00e9rogations aux dispositions relatives \u00e0 l'accessibilit\u00e9 aux personnes handicap\u00e9es des \n\u00e9tablissements recevant du public, des installations ouvertes au public, du logement, de la voirie et des espaces publics et lieux de travail et \nautres soumises \u00e0 l'article 2 du d\u00e9cret n\u00b0 95-260 du 8 mars 1995 susvis\u00e9 ;\n. les d\u00e9rogations aux r\u00e8gles de pr\u00e9vention d'incendie et d'\u00e9vacuation,\n. la protection des for\u00eats contre les risques d'incendie,\n. l'homologation des enceintes destin\u00e9es \u00e0 recevoir des manifestations sportives,\n. les prescriptions d'information, d'alerte et d'\u00e9vacuation permettant d'assurer la s\u00e9curit\u00e9 des occupants des terrains de camping et de \nstationnement de caravanes, \n. la s\u00e9curit\u00e9 des infrastructures et syst\u00e8mes de transport,\n. les \u00e9tudes de s\u00e9curit\u00e9 publique.\nArt. 3     :   Le pr\u00e9fet peut consulter la CCDSA sur les mesures pr\u00e9vues pour la s\u00e9curit\u00e9 du public et l'organisation des secours lors des grands \n\u00e9v\u00e8nements.\nArt. 4     :   La commission de s\u00e9curit\u00e9 n'a pas comp\u00e9tence en mati\u00e8re de solidit\u00e9. Elle ne peut rendre un avis dans les domaines mentionn\u00e9s \u00e0 \nl'article 2 que lorsque les contr\u00f4les techniques obligatoires selon les lois et r\u00e8glements en vigueur ont \u00e9t\u00e9 effectu\u00e9s et que les conclusions de \nceux-ci lui ont \u00e9t\u00e9 communiqu\u00e9es.\nArt. 5     : La commission consultative d\u00e9partementale de s\u00e9curit\u00e9 et d'accessibilit\u00e9 ne d\u00e9lib\u00e8re valablement que si trois conditions sont r\u00e9unies :\n- pr\u00e9sence des membres concern\u00e9s par l'ordre du jour mentionn\u00e9s aux \u00a7 a et b de l'article 1 ;\n- pr\u00e9sence de la moiti\u00e9 au moins des membres pr\u00e9vus aux \u00a7 a et b de l'article 1;\n- pr\u00e9sence du maire de la commune concern\u00e9e ou de l'adjoint ou \u00e0 d\u00e9faut un conseiller municipal qu'il aura d\u00e9sign\u00e9.\nArt. 6     :   Les repr\u00e9sentants des services de l'\u00c9tat ou les fonctionnaires territoriaux titulaires ou leurs suppl\u00e9ants doivent \u00eatre de cat\u00e9gorie A ou de \ngrade d'officier.\nArt. 7     :   La dur\u00e9e du mandat des membres non fonctionnaires est de trois ans. En cas de d\u00e9c\u00e8s ou de d\u00e9mission d'un membre de la commission\nen cours de mandat, son premier suppl\u00e9ant si\u00e8ge pour la dur\u00e9e qui reste \u00e0 courir.\nArt. 8     :   La commission consultative d\u00e9partementale de s\u00e9curit\u00e9 et d'accessibilit\u00e9 se r\u00e9unit sur convocation de son pr\u00e9sident ou de son \nrepr\u00e9sentant. Les avis sont pris \u00e0 la majorit\u00e9 des membres. En cas de partage, la voix du pr\u00e9sident est pr\u00e9pond\u00e9rante.\nArt. 9     :  Le secr\u00e9tariat de la commission est assur\u00e9 par le service interminist\u00e9riel de d\u00e9fense et de protection civiles de la pr\u00e9fecture.  La \nconvocation \u00e9crite comportant l'ordre du jour est adress\u00e9e aux membres de la commission, dix jours au moins avant la date de chaque r\u00e9union.\nUn compte-rendu est \u00e9tabli au cours des r\u00e9unions de la commission ou, \u00e0 d\u00e9faut, dans les huit jours suivant la r\u00e9union. Il est sign\u00e9 par le \npr\u00e9sident de s\u00e9ance et approuv\u00e9 par tous les membres pr\u00e9sents.\nArt. 10     :L'arr\u00eat\u00e9 pr\u00e9fectoral du 28 janvier 2014 relatif \u00e0 la composition, aux comp\u00e9tences et au fonctionnement de la commission consultative \nd\u00e9partementale de s\u00e9curit\u00e9 et d'accessibilit\u00e9 est abrog\u00e9.\nSign\u00e9 : le Pr\u00e9fet : Xavier BRUNETIERE\nDIRECTION DEPARTEMENTALE DE L'EMPLOI, DU TRAVAIL ET DES SOLIDARITES\nArr\u00eat\u00e9 modificatif du 27 septembre 2024 \u00e0 l'arr\u00eat\u00e9 du 1 septembre 2023 relatif au renouvellement des membres de la commission des\ndroits et de l'autonomie des personnes handicap\u00e9es \nConsid\u00e9rant l'arr\u00eat\u00e9 du 1 septembre 2023 portant composition de la CDAPH pour une dur\u00e9e de 4 ans ;\nConsid\u00e9rant les repr\u00e9sentants propos\u00e9s par le directeur d\u00e9partemental de l'emploi, du travail et des solidarit\u00e9s ;\nConsid\u00e9rant les repr\u00e9sentants propos\u00e9s par le directeur acad\u00e9mique des services d\u00e9partementaux de l'\u00e9ducation nationale ;\nConsid\u00e9rant le repr\u00e9sentant d\u00e9sign\u00e9 par le conseil d\u00e9partemental de la citoyennet\u00e9 et de l'autonomie de la Manche lors de la r\u00e9union du \n21/06/2023 ; \nConsid\u00e9rant les repr\u00e9sentants propos\u00e9s par le pr\u00e9sident du conseil d\u00e9partemental par arr\u00eat\u00e9 N\u00b0 2024-171 du 3 juillet 2024 ;\nA R R E T E N T \nArt. 1 : La liste des membres titulaires et suppl\u00e9ants de la commission des droits et de l'autonomie des personnes handicap\u00e9es est la suivante : \n1 \u2013 Quatre repr\u00e9sentants du d\u00e9partement d\u00e9sign\u00e9s par le pr\u00e9sident du conseil d\u00e9partemental :\n    \u2022 Titulaire : Mme Odile LEFAIX-VERON\n    \u2022 1er suppl\u00e9ant : Mme Karine DUVAL\n    \u2022 2e suppl\u00e9ant : Mme Emmanuelle BELLEE\n    \u2022 3e suppl\u00e9ant : M. Pierre-Fran\u00e7ois LEJEUNE\n    \u2022 Titulaire : Mme Christ\u00e8le CASTELEIN\n    \u2022 1er suppl\u00e9ant : Mme Hedwige COLLETTE \n    \u2022 2e suppl\u00e9ant : Mme Dany LEDOUX\n    \u2022 3e suppl\u00e9ant : Mme Fr\u00e9d\u00e9rique BOURY\n    \u2022 Titulaire : Mme Maryse LE GOFF\n    \u2022 1er suppl\u00e9ant : Mme Sylvie GATE\n    \u2022 2e suppl\u00e9ant : M. Franck ESNOUF\n    \u2022 3e suppl\u00e9ant : Mme Isabelle FONTAINE\n    \u2022 Titulaire : M. Ugo PARIS, directeur g\u00e9n\u00e9ral adjoint \u00ab action sociale \u00bb ou un cadre de la direction g\u00e9n\u00e9rale adjointe de \u00ab l'action sociale \u00bb,\n2 \u2013 Trois repr\u00e9sentants de l'\u00c9tat et de l'agence r\u00e9gionale de sant\u00e9 : \n    \u2022 Le directeur d\u00e9partemental de l'emploi, du travail et des solidarit\u00e9s, ou son repr\u00e9sentant,\n    \u2022 Le directeur acad\u00e9mique des services d\u00e9partementaux de l'\u00e9ducation nationale, ou son repr\u00e9sentant,\n    \u2022 Le directeur g\u00e9n\u00e9ral de l'agence r\u00e9gionale de sant\u00e9 ou son repr\u00e9sentant,\n3 \u2013 Deux repr\u00e9sentants des organismes d'assurance maladie et de prestations familiales propos\u00e9s par le directeur d\u00e9partemental de l'emploi, \ndu travail et des solidarit\u00e9s, parmi les personnes pr\u00e9sent\u00e9es par ces organismes :\n    \u2022 Titulaire : M. Pascal LECLERC \u2013 Caisse Primaire d'Assurance Maladie\n    \u2022 1er suppl\u00e9ant : Mme Sylvie NOBILET \u2013 Caisse Primaire d'Assurance Maladie \n    \u2022 2e suppl\u00e9ant : Mme Christine BLAISOT-HENRY \u2013 Caisse Primaire d'Assurance Maladie\n    \u2022 3e suppl\u00e9ant : Mme Laurence BREGEAULT MEREL \u2013 Caisse Primaire d'Assurance\nMaladie\n    \u2022 Titulaire : Mme Isabelle MARIE\u2013 Caisse d'Allocations Familiales \n    \u2022 1er suppl\u00e9ant : Mme \u00c9lisabeth RUEL \u2013 Caisse Mutualit\u00e9 Sociale Agricole\n    \u2022 2e suppl\u00e9ant : Mme Anne Marie SAUSSAYE - Caisse d'Allocations Familiales \n    \u2022 3e suppl\u00e9ant : M. Jean-Marie LOHOU - Caisse Mutualit\u00e9 Sociale Agricole\n4 \u2013 Deux repr\u00e9sentants des organisations syndicales propos\u00e9s par le directeur d\u00e9partemental de l'emploi, du travail et des solidarit\u00e9s d'une \npart, parmi les personnes pr\u00e9sent\u00e9es par les organisations professionnelles d'employeurs les plus repr\u00e9sentatives, d'autre part, parmi les \npersonnes pr\u00e9sent\u00e9es par les organisations syndicales de salari\u00e9s et de fonctionnaires les plus repr\u00e9sentatives :\n    \u2022 Titulaire : M. Fran\u00e7ois BOULANGER - Mouvement des Entreprises de France \n    \u2022 1er suppl\u00e9ant : Mme Evelyne HUS \u2013 U2P\n    \u2022 2e suppl\u00e9ant :  si\u00e8ge \u00e0 pourvoir\n    \u2022 3e suppl\u00e9ant :  si\u00e8ge \u00e0 pourvoir\n    \u2022 Titulaire : M. Pierre PATTE \u2013 Conf\u00e9d\u00e9ration Fran\u00e7aise D\u00e9mocratique du Travail\n    \u2022 1er suppl\u00e9ant : Mme St\u00e9phanie TESSON \u2013 Conf\u00e9d\u00e9ration G\u00e9n\u00e9rale du Travail\n    \u2022 2e suppl\u00e9ant : Mme Martine NICOLLE \u2013 Conf\u00e9d\u00e9ration Fran\u00e7aise de l'Encadrement \u2013 Conf\u00e9d\u00e9ration G\u00e9n\u00e9rale des cadres de la Manche\n    \u2022 3e suppl\u00e9ant : M. Fabrice VIMONT \u2013 Force ouvri\u00e8re\n5 \u2013 Un repr\u00e9sentant des associations de parents d'\u00e9l\u00e8ves propos\u00e9 par le directeur acad\u00e9mique des services d\u00e9partementaux de l'\u00e9ducation \nnationale, parmi les personnes pr\u00e9sent\u00e9es par ces associations :\n    \u2022 Titulaire : Mme Agn\u00e8s LANGLOIS \u2013 F\u00e9d\u00e9ration des Conseils de Parents d'\u00c9l\u00e8ves\n    \u2022 1er suppl\u00e9ant : Mme Albane LONGATTE \u2013  F\u00e9d\u00e9ration des Conseils de Parents d'\u00c9l\u00e8ves\n    \u2022 2e suppl\u00e9ant : Mme Nicole PAUL \u2013  F\u00e9d\u00e9ration des Conseils de Parents d'\u00c9l\u00e8ves\n    \u2022 3e suppl\u00e9ant : Mme Anne-Carole FILLON \u2013  F\u00e9d\u00e9ration des Conseils de Parents d'\u00c9l\u00e8ves\n 6 \u2013 Sept membres propos\u00e9s par le directeur d\u00e9partemental de l'emploi, du travail et des solidarit\u00e9s, parmi les personnes pr\u00e9sent\u00e9es par les \nassociations de personnes handicap\u00e9es et de leurs familles :\nSi\u00e8ge n\u00b0 1 :\n    \u2022 Titulaire : Mme Fr\u00e9d\u00e9rique BOUYAUD \u2013 Association des Paralys\u00e9s de France\n    \u2022 1er suppl\u00e9ant : Mme Catherine BONNEMAINS \u2013 Association Normande d'Entraide aux Handicap\u00e9s Physiques\n    \u2022 2e suppl\u00e9ant : M. Jacques SEJALON \u2013 Association des Paralys\u00e9s de France\n    \u2022 3e suppl\u00e9ant : M. Jo\u00ebl VIEL \u2013 Association Normande d'Entraide aux Handicap\u00e9s Physiques\nSi\u00e8ge n\u00b0 2 :\n    \u2022 Titulaire : Mme Vanessa HERY \u2013 Association en Cotentin d'accompagnement inclusif et        solidaire\n    \u2022 1er suppl\u00e9ant : M. Julien LEMEUX \u2013 Association pour l'Aide aux Adultes et aux Jeunes en Difficult\u00e9s\n    \u2022 2e suppl\u00e9ant : Mme C\u00e9line FAUCHER \u2013 Association en Cotentin d'accompagnement inclusif et solidaire\n    \u2022 3e suppl\u00e9ant : M. C\u00e9dric LEGIGAN \u2013 Association pour l'Aide aux Adultes et aux Jeunes en Difficult\u00e9s \nSi\u00e8ge n\u00b0 3 :\n    \u2022 Titulaire : M. \u00c9ric ESCRIGNAC \u2013 Association D\u00e9partementale pour la Sauvegarde de l'Enfant \u00e0                 l'Adulte dans la Manche\n    \u2022 1er suppl\u00e9ant : Mme Nadine LARNAUD - Groupe d'\u00e9tudes et d'insertion sociale des personnes porteuses de trisomie 21\n    \u2022 2e suppl\u00e9ant : Mme Isabelle WILLEMS \u2013 Groupe d'\u00e9tudes et d'insertion sociale des personnes porteuses de trisomie 21\n    \u2022 3e suppl\u00e9ant : - Mme Isabelle KERBART \u2013 Association d\u00e9partementale pour la sauvegarde de l'enfant \u00e0 l'adulte dans la Manche\nSi\u00e8ge n\u00b0 4 :\n    \u2022 Titulaire : Mme V\u00e9ronique LABBEY \u2013 Association Centre Manche de Parents d'Enfants Inadapt\u00e9s \n    \u2022 1er suppl\u00e9ant : Mme Nicole LECARDONNEL \u2013 Association Tut\u00e9laire des Majeurs Prot\u00e9g\u00e9s de la Manche\n    \u2022 2e suppl\u00e9ant : M. Patrick ESSELINE \u2013 Association Centre Manche de Parents d'Enfants Inadapt\u00e9s\n    \u2022 3e suppl\u00e9ant : M. Daniel HORLAVILLE \u2013 Association Acc\u00e8s-Cit\u00e9 \nSi\u00e8ge n\u00b0 5 :\n    \u2022 Titulaire : Mme Isabelle VAN LANDEGHEM - Union Nationale des Amis et Familles de personnes malades et/ou handicap\u00e9es psychiques\n    \u2022 1er suppl\u00e9ant : Mme H\u00e9l\u00e8ne DE QUIEVRECOURT \u2013 Union D\u00e9partementale des Associations Familiales\n    \u2022 2e suppl\u00e9ant : M. Michel LIORET - Union Nationale des Amis et Familles de personnes malades et/ou handicap\u00e9es psychiques\n    \u2022 3e suppl\u00e9ant : M. Bruno LESEIGNEUR \u2013 Handicap Int\u00e9gration en Cotentin\nSi\u00e8ge n\u00b0 6 :\n    \u2022 Titulaire : M. Christian EECKMAN \u2013 Association de Familles de Traumatis\u00e9s Cr\u00e2niens et C\u00e9r\u00e9bro-L\u00e9s\u00e9s\n    \u2022 1er suppl\u00e9ant : Mme Elise MOURE - Ligue pour l'adaptation du diminu\u00e9 physique au travail \n    \u2022 2e suppl\u00e9ant : M. Jean ANDRO \u2013 Association de Familles de Traumatis\u00e9s Cr\u00e2niens et C\u00e9r\u00e9bro-L\u00e9s\u00e9s\n    \u2022 3e suppl\u00e9ant : Mme Sylvie LEGEAS, Association nationale d'associations d'adultes et de parents d'enfants dys\nSi\u00e8ge n\u00b0 7 : \n    \u2022 Titulaire : M. Gaston MACE \u2013 RETINA France \n    \u2022 1er suppl\u00e9ant :  Mme Anne-Marie DESMOTTES \u2013 Association des Devenus Sourds et Malentendants\n    \u2022 2e suppl\u00e9ant : M. Jacky GILLET - Association des Aveugles et Malvoyants de la Manche \n    \u2022 3e suppl\u00e9ant : Mme Marie-Pierre BLOQUEL - AFMTHELETHON\n7 \u2013 Un membre de la formation sp\u00e9cialis\u00e9e pour les personnes handicap\u00e9es du conseil d\u00e9partemental de la citoyennet\u00e9 et de l'autonomie \nd\u00e9sign\u00e9 par ce conseil (CDCA du 21 juin 2023) : \n    \u2022 Titulaire : M. Jo\u00ebl PRUD'HOMME \u2013 Groupe d'\u00e9tude et d'insertion sociale des personnes porteuses de trisomie 21\n    \u2022 1er suppl\u00e9ant : Mme V\u00e9ronique LAGNIEL \u2013 Association des Parents et Amis d'Enfants et Adultes inadapt\u00e9s de l'Avranchin, \n    \u2022 2e suppl\u00e9ant : M. Romuald LAMI \u2013 Ligue pour l'adaptation du diminu\u00e9 physique au travail \n    \u2022 3e suppl\u00e9ant : Mme Jocelyne HENNEQUIN \u2013 Adjointe au maire d'Agon-Coutainville, repr\u00e9sentant les collectivit\u00e9s locales autres que le \nConseil D\u00e9partemental et le Conseil R\u00e9gional\n8 \u2013 Deux repr\u00e9sentants des organismes gestionnaires d'\u00e9tablissements ou de services pour personnes handicap\u00e9es avec voix consultative, \ndont un sur proposition du directeur d\u00e9partemental de l'emploi, du travail et des solidarit\u00e9s, et un sur proposition du pr\u00e9sident du conseil \nd\u00e9partemental :\nSi\u00e8ge DDETS :\n    \u2022 Titulaire : M. Alexandre JACQUES \u2013 \u00c9tablissement de Travail Prot\u00e9g\u00e9 ST-JAMES\n    \u2022 1er suppl\u00e9ant : M. Fr\u00e9d\u00e9ric FOUGERAY \u2013 Fondation Bon Sauveur PICAUVILLE\n    \u2022 2e suppl\u00e9ant : Mme Isabelle LEBRUN - Fondation Bon Sauveur PICAUVILLE\n    \u2022 3e suppl\u00e9ant : Mme Elise ROUSSEL - Association d\u00e9partementale des CMPP et CAMSP de la Manche \nSi\u00e8ge Conseil D\u00e9partemental :\n    \u2022 Titulaire : Mme Nathalie KANE - \u00c9tablissement de Travail Prot\u00e9g\u00e9 AVRANCHES\n    \u2022 1er suppl\u00e9ant : Mme Am\u00e9lie TALVAST \u2013 Association du M\u00e9dico-Social de La Hague\n    \u2022 2e suppl\u00e9ant : Mme Chantal PONTAIS \u2013 Centre Hospitalier de St-James \n    \u2022 3e suppl\u00e9ant : Mme Josiane RESTOUX \u2013 Aide \u00e0 Domicile en Milieu Rural\nArt. 2     :   Les membres d\u00e9sign\u00e9s \u00e0 l'article 1 sont nomm\u00e9s pour la dur\u00e9e restant \u00e0 courir \u00e0 compter de la date de l'arr\u00eat\u00e9 initial du 5 septembre \n2023, soit jusqu'au 4 septembre 2027.\nArt. 3     :     Le pr\u00e9sent arr\u00eat\u00e9 peut faire l'objet d'un recours administratif, soit gracieux aupr\u00e8s de Monsieur le pr\u00e9sident du conseil d\u00e9partemental \nde la Manche ou de Monsieur le Pr\u00e9fet de la Manche, soit hi\u00e9rarchique aupr\u00e8s du ministre des Solidarit\u00e9s, de l'Autonomie et de l'Egalit\u00e9 entre \nles femmes et les hommes, dans les deux mois suivant sa publication. Un recours contentieux peut \u00eatre d\u00e9pos\u00e9 aupr\u00e8s du tribunal administratif \nde Caen, \u00e9galement dans un d\u00e9lai de deux mois \u00e0 compter de la publication, ou dans un d\u00e9lai de deux mois \u00e0 partir de la r\u00e9ponse de \nl'administration si un recours administratif a \u00e9t\u00e9 d\u00e9pos\u00e9. L'absence de r\u00e9ponse de l'administration au terme d'un d\u00e9lai de deux mois vaut rejet \nimplicite.\nCo-sign\u00e9 : le Pr\u00e9fet : Xavier BRUNETIERE et pour le Pr\u00e9sident du conseil d\u00e9partemental, par d\u00e9l\u00e9gation, la directrice \u00e0 la d\u00e9l\u00e9gation \u00e0 la \nmaison d\u00e9partementale de l'autonomie : Anne-Laure LE PAGE \nArr\u00eat\u00e9 pr\u00e9fectoral n\u00b02024-DDETS-PECEC-03 du 14 octobre 2024 portant nomination au sein du Comit\u00e9 D\u00e9partemental Pour l'Emploi\n(CDPE) \nLe comit\u00e9 d\u00e9partemental pour l'emploi est pr\u00e9sid\u00e9 conjointement par le pr\u00e9fet de d\u00e9partement ou son repr\u00e9sentant et par le pr\u00e9sident du conseil\nd\u00e9partemental ou sa repr\u00e9sentante d\u00e9sign\u00e9e, Mme Sylvie G\u00c2T\u00c9.\nArt. 1er : Sont nomm\u00e9s membres du comit\u00e9 d\u00e9partemental pour l'emploi de la Manche\n1) En qualit\u00e9 de repr\u00e9sentants de l'Etat :\nTitulaires Suppl\u00e9ants\nMme la secr\u00e9taire g\u00e9n\u00e9rale, sous \u2013 pr\u00e9f\u00e8te de l'arrondissement de\nSaint-L\u00f4\nou son repr\u00e9sentant\nM. le sous \u2013 pr\u00e9fet de l'arrondissement de Cherbourg ou son repr\u00e9sentant\nM. le sous \u2013 pr\u00e9fet de l'arrondissement de Coutances ou son repr\u00e9sentant\nM. le sous \u2013 pr\u00e9fet de l'arrondissement d'Avranches ou son repr\u00e9sentant\nM. le directeur d\u00e9partemental de l'emploi, du travail et des solidarit\u00e9s\nde la Manche\nou son repr\u00e9sentant\nM. le directeur acad\u00e9mique des services de l'\u00e9ducation nationale de\nla Manche\nou son repr\u00e9sentant\nM.  le  directeur  d\u00e9partemental  des  territoires  et  de  la  mer  de  la\nManche\nou son repr\u00e9sentant\nM. le d\u00e9l\u00e9gu\u00e9 territorial de l'agence r\u00e9gionale de sant\u00e9 de la Manche ou son repr\u00e9sentant\n2) En qualit\u00e9 de repr\u00e9sentants des collectivit\u00e9s territoriales :\na) sur proposition du pr\u00e9sident du conseil r\u00e9gional de Normandie \nTitulaire Suppl\u00e9ant\nM. Sylvain LETOUZE Mme Julie BARENTON GUILLAS\nb) sur proposition du pr\u00e9sident du conseil d\u00e9partemental de la Manche \nTitulaires Suppl\u00e9ants\nMme Brigitte BOISGERAULT Mme Isabelle BOUYER MAUPAS\nM. Herv\u00e9 DESSEROUER Mme Christelle CASTELEIN\nMme Maryse LE GOFF Mme Odile LEFAIX - VERON\nc) sur proposition du pr\u00e9sident de l'association des maires de la Manche   \nTitulaires Suppl\u00e9ants\nMme Catherine BIHEL Mme Martine JOUBERT\nEn attente de d\u00e9signation En attente de d\u00e9signation \nEn attente de d\u00e9signation En attente de d\u00e9signation\nEn attente de d\u00e9signation En attente de d\u00e9signation\n3) En qualit\u00e9 de repr\u00e9sentants des organisations syndicales repr\u00e9sentatives au niveau national et interprofessionnel : \na) sur proposition de la Conf\u00e9d\u00e9ration Fran\u00e7aise D\u00e9mocratique du Travail (CFDT) :  \nTitulaire Suppl\u00e9ant\nM. Jean \u2013 Luc MICHEL M. Julien DESTIENNE\nb) sur proposition de la Conf\u00e9d\u00e9ration G\u00e9n\u00e9rale du Travail (CGT)\nTitulaire Suppl\u00e9ant\nMme Cyrielle DUBOURG M. Patrick GUIRAUDOU\nc) sur proposition de la Conf\u00e9d\u00e9ration G\u00e9n\u00e9rale du Travail \u2013 Force Ouvri\u00e8re (CGT - FO)\nTitulaire Suppl\u00e9ant\nMme Sandrine GAMBLIN Mme Nathalie LE GUILLY \nd) sur proposition de la Conf\u00e9d\u00e9ration Fran\u00e7aise de l'Encadrement \u2013 Conf\u00e9d\u00e9ration G\u00e9n\u00e9rale des Cadres (CFE \u2013 CGC)\nTitulaire Suppl\u00e9ant\nMme Claudine HELAINE M.  Bruno ALIX\ne) sur proposition de la Conf\u00e9d\u00e9ration des Travailleurs Chr\u00e9tiens (CFTC)\nTitulaire Suppl\u00e9ant\nM. Fabrice POUDROUX -\n4) En qualit\u00e9 de repr\u00e9sentants des organisations professionnelles d'employeurs repr\u00e9sentatives au niveau national et interprofessionnel : \na) sur proposition du Mouvement des Employeurs de France (MEDEF)\nTitulaire Suppl\u00e9ant\nMme Aur\u00e9lie DUPARD M. Pascal PARFAIT\nb) sur proposition de la Conf\u00e9d\u00e9ration des Petites et Moyennes Entreprises (CPME)\nTitulaire Suppl\u00e9ant\nM. Cyril FERRER Mme Sarah MROZEK\nc) sur proposition de l'Union des Entreprises de Proximit\u00e9 (U2P)\nTitulaire Suppl\u00e9ant\nM. Philippe LAURENT M. Jean \u2013 Louis HARDY  \n5) En qualit\u00e9 de repr\u00e9sentants des organisations professionnelles d'employeurs repr\u00e9sentatives au niveau national et multi professionnel : \na) sur proposition de la F\u00e9d\u00e9ration des Entreprises du Spectacle vivant, de la musique, de l'Audiovisuel et du Cin\u00e9ma (FESAC)\nTitulaire Suppl\u00e9ant\nEn attente de d\u00e9signation En attente de d\u00e9signation\nb) sur proposition de la F\u00e9d\u00e9ration D\u00e9partementale des Syndicats d'Exploitants Agricoles (FDSEA)\nTitulaire Suppl\u00e9ant\nM. Jean \u2013 Michel HAMEL M. Jean \u2013 Michel DEBESNE\nc) sur proposition de l'Union des Employeurs de l'Economie Sociale et Solidaire (UDES)\nTitulaire Suppl\u00e9ant\nM. Ludovic LOIR -\n6) En qualit\u00e9 de membres d\u00e9sign\u00e9s \u00e0 raison de leurs fonctions : \nTitulaires Suppl\u00e9ants\nM. le directeur territorial d\u00e9l\u00e9gu\u00e9 de la Manche de l'op\u00e9rateur France\nTravail \nou son repr\u00e9sentant\n7) En qualit\u00e9 de repr\u00e9sentant des missions locales du d\u00e9partement et sur proposition de l'association r\u00e9gionale des missions locales\nTitulaire Suppl\u00e9ant\nM. Jean \u2013 Dominique BOURDIN Mme Mika\u00eblle SEGUIN\n8) En qualit\u00e9 de repr\u00e9sentant de l'un des organismes de placement sp\u00e9cialis\u00e9s dans l'insertion professionnelle des personnes en situation de\nhandicap du d\u00e9partement et sur proposition du r\u00e9seau r\u00e9gional :\nTitulaire Suppl\u00e9ant\nMme S\u00e9verine CHARTRAIN M. Fahd DARIK\nArt. 2     :   Chacun des membres \u00e9voqu\u00e9s supra sont nomm\u00e9s pour une dur\u00e9e de trois ans renouvelables. \nToute vacance ou perte de la qualit\u00e9 au titre de laquelle les membres ont \u00e9t\u00e9 d\u00e9sign\u00e9s donne lieu \u00e0 une nouvelle d\u00e9signation pour la dur\u00e9e du\nmandat restant \u00e0 courir.\nArt. 3 :  Le pr\u00e9sent arr\u00eat\u00e9 peut faire l'objet d'un recours contentieux aupr\u00e8s du tribunal administratif de Caen dans un d\u00e9lai de deux mois \u00e0\ncompter de sa publication.\nIl peut \u00e9galement, dans le m\u00eame d\u00e9lai, faire l'objet d'un recours gracieux aupr\u00e8s du pr\u00e9fet de la Manche et d'un recours hi\u00e9rarchique aupr\u00e8s de\nla ministre charg\u00e9e de l'emploi.\nLe recours gracieux et/ou hi\u00e9rarchique prolonge le d\u00e9lai de recours contentieux qui doit alors \u00eatre introduit dans les deux mois suivants la\nd\u00e9cision implicite ou explicite de l'autorit\u00e9 comp\u00e9tente. Le silence de l'administration pendant un d\u00e9lai de deux mois valant d\u00e9cision implicite de\nrejet.\nSign\u00e9 : le Pr\u00e9fet : Xavier BRUNETIERE\n\uf0bf\nDivers\nARS \u2013 Agence R\u00e9gionale de Sant\u00e9\nD\u00e9cision du 23 septembre 2024 portant autorisation d'une pharmacie \u00e0 usage int\u00e9rieur au sein de la polyclinique du Cotentin\nCONSIDERANT que la Polyclinique du Cotentin \u00e0 Equeurdreville a sollicit\u00e9 l'Agence r\u00e9gionale de sant\u00e9 de Normandie en vue d'obtenir \nl'autorisation de sa pharmacie \u00e0 usage int\u00e9rieur (PUI) pour les activit\u00e9s de base  et \u00e0 risques particuliers pour  pr\u00e9paration des dispositifs \nm\u00e9dicaux st\u00e9riles  d\u00e9crites \u00e0 l'article L 5126-1 \u00e0 9 du code de la sant\u00e9 publique (CSP);\nCONSIDERANT qu'il ressort de l'instruction qu'il peut \u00eatre constat\u00e9 que : \n    \u2022 les dispositions du d\u00e9cret modifi\u00e9 n\u00b0 2019-489 du 21 mai 2019 relatif aux pharmacies \u00e0 usage int\u00e9rieur sont respect\u00e9es \n    \u2022 la s\u00e9rialisation est mise en \u0153uvre;\nCONSIDERANT qu'en ce qui concerne les activit\u00e9s de base, il est constat\u00e9 que : \n    \u2022 les locaux affect\u00e9s \u00e0 la PUI sont trop \u00e9troits ce qui ne permet pas une circulation ais\u00e9e et un m\u00e9nage efficace\n    \u2022 la dalle des gaz m\u00e9dicaux est insufisamment s\u00e9curis\u00e9e\n    \u2022 l'activit\u00e9 relative aux DMI devra \u00eatre structur\u00e9e ;\nCONSIDERANT qu'en ce qui concerne la pr\u00e9paration des dispositifs m\u00e9dicaux, il est constat\u00e9 que :\n    \u2022 L'existence d'un projet \u00e0 moyen de terme une refonte/agrandissement du batiment accueillant actuellement les blocs, la st\u00e9rilisation et la \nPUI\n    \u2022 L'existence d'un projet d'informatisation afin de s'affranchir au maximum des documents papier;\nCONSIDERANT en cons\u00e9quence qu'il sera n\u00e9cessaire que ces points soient effectu\u00e9s lors d'un prochain contr\u00f4le ou inspection.\nD E C I D E\nArt. 1er : La demande du Directrice de la Polyclinique du Cotentin situ\u00e9e avenue du Thivet \u00e0 Equeurdreville  en vue d'obtenir, pour son compte, \nune autorisation de la pharmacie \u00e0 usage int\u00e9rieur pour les activit\u00e9s de base et les activit\u00e9s \u00e0 risques particulier pour la pr\u00e9paration des \ndispositifs m\u00e9dicaux st\u00e9riles est accept\u00e9e.\nArt. 2     :   Cette autorisation prend effet au 12 janvier 2024.\nIl est pr\u00e9cis\u00e9 que pour l'activit\u00e9 \u00e0 risques particulier pour la pr\u00e9paration des dispositifs m\u00e9dicaux st\u00e9riles est autoris\u00e9 pour une dur\u00e9e de 7 ans.\nArt. 3: Le temps de pr\u00e9sence du pharmacien charg\u00e9 de la g\u00e9rance est de 1 ETP.\nArt. 4 : La pharmacie \u00e0 usage int\u00e9rieur ne peut fonctionner qu'en pr\u00e9sence du pharmacien charg\u00e9 de la g\u00e9rance ou de son rempla\u00e7ant ou d'un \npharmacien adjoint mentionn\u00e9 \u00e0 l'article R. 5125-34 exer\u00e7ant dans cette pharmacie. \nArt. 5 : Toute modification des \u00e9l\u00e9ments figurant dans l'autorisation de la pharmacie \u00e0 usage int\u00e9rieur doit faire l'objet d'une nouvelle \nautorisation d\u00e9livr\u00e9e dans les m\u00eames conditions si celle-ci est substantielle, en application de l'article R. 5126-32 du code de la sant\u00e9 publique, \nou d'une d\u00e9claration pr\u00e9alable dans les autres cas.\nArt. 6 : La pr\u00e9sente d\u00e9cision peut faire l'objet dans un d\u00e9lai de deux mois :\n    \u2022 d'un recours gracieux aupr\u00e8s du Directeur g\u00e9n\u00e9ral de l'Agence r\u00e9gionale de Sant\u00e9 de Normandie, espace Claude Monet, 2 place Jean \nNouzille, CS 55035 14050 Caen Cedex 4 ;\n    \u2022 d'un recours hi\u00e9rarchique aupr\u00e8s de Madame La Ministre de la Sant\u00e9 et de l'Acc\u00e8s aux Soins, Direction g\u00e9n\u00e9rale de l'Offre de Soins, \nbureau R2, 14 avenue Duquesne 75350 Paris SP 07 ; ce recours hi\u00e9rarchique ne constitue pas un pr\u00e9alable obligatoire au recours \ncontentieux ;\n    \u2022 d'un recours contentieux devant le Tribunal administratif de Caen -  3 rue Arthur-Leduc 14000 Caen. La saisine du tribunal administratif peut\nse faire via T\u00e9l\u00e9recours citoyens www.telerecours.fr\nLe d\u00e9lai de recours prend effet :\n    \u2022 pour l'int\u00e9ress\u00e9, \u00e0 compter de la date de notification de la pr\u00e9sente d\u00e9cision ;\n    \u2022 pour les tiers, \u00e0 compter de la date de publication de la pr\u00e9sente d\u00e9cision.\nCes recours ne suspendent pas l'application de la pr\u00e9sente d\u00e9cision.\nSign\u00e9 : le Directeur g\u00e9n\u00e9ral : Fran\u00e7ois LECREULX\n\uf0bf\nTribunal Administratif de Caen\nD\u00e9cision du 15 octobre 2024 portant d\u00e9l\u00e9gation de signature \u00e0 M. Jean-Francois Mellet\nVU le code de justice administrative et notamment son article R. 611-10, alin\u00e9a 2. \nVU l'arr\u00eat\u00e9 du 23 mars 2021 portant mutation de M. Fr\u00e9d\u00e9ric CHEYLAN, pr\u00e9sident du corps des tribunaux administratifs et des cours \nadministratives d'appel, en qualit\u00e9 de vice-pr\u00e9sident du tribunal administratif de Caen.\nD E C I D E :\nArt. 1er: D\u00e9l\u00e9gation de signature est donn\u00e9e \u00e0 M. Jean-Fran\u00e7ois MELLET, premier conseiller, \u00e0 l'effet de signer les mesures d'instruction \npr\u00e9vues aux articles R. 611-7, R. 611-7-1, R. 611-8-1, R. 611-8-7, R. 611-11, R. 612-3, R. 613-1, R. 613-1-1 et R. 613-4 du code de justice \nadministrative.\nSign\u00e9 : le vice-pr\u00e9sident du tribunal administratif de Caen : F. CHEYLAN\n\uf0bf","date":"2024-10-16","first_seen_on":"2025-01-01T22:44:04+00:00","id":"3242374d86f0ef789baa79e3e95c37441540311422924152b42a8fe763c6dd3d","name":"RAA sp\u00e9cial n\u00b0 97","pdf_creation_date":"2024-10-16T16:05:42+00:00","pdf_modification_date":null,"timezone":"CET","url":"https://www.manche.gouv.fr/contenu/telechargement/62632/480590/file/SP%2097.pdf"}
