{"administration":"pref21","administration_name":"Pr\u00e9fecture de C\u00f4te-d\u2019Or","content":"PR\u00c9FET\nDE LA C\u00d4TE-D'OR\nRECUEIL DES ACTES\nADMINISTRATIFS SP\u00c9CIAL\nN\u00b021-2025-050\nPUBLI\u00c9 LE  4 AVRIL 2025\nSommaire\nDirection d\u00e9partementale de l'emploi, du travail et des solidarit\u00e9s de\nC\u00f4te-d'Or /\n21-2025-03-28-00004 - R\u00e9c\u00e9piss\u00e9 d\u00e9claration SAP n\u00b0788770741\nGADY Sarah COXY SERVICES (2 pages) Page 3\n21-2025-03-28-00005 - R\u00e9c\u00e9piss\u00e9 d\u00e9claration SAP n\u00b0939820023\nVILLEMIN Arnaud (2 pages) Page 6\nDirection d\u00e9partementale des territoires de la C\u00f4te-d'Or / Service\n\u00c9conomie Agricole et Environnement des Exploitations\n21-2025-03-27-00003 - Arr\u00eat\u00e9 pr\u00e9fectoral n\u00b0 510\nmodifiant\nl'arr\u00eat\u00e9 pr\u00e9fectoral n\u00b01320 du 07/11/2022 modifi\u00e9 relatif \u00e0 la\ncomposition de la Commission D\u00e9partementale d'Orientation de\nl'Agriculture de la C\u00f4te d'Or (2 pages) Page 9\nDirection d\u00e9partementale des territoires de la C\u00f4te-d'Or / Service\nPr\u00e9servation et Am\u00e9nagement de l'Espace (SPAE)\n21-2025-03-26-00004 - Arr\u00eat\u00e9 pr\u00e9fectoral du 26 mars 2025\nmodifiant\nl'arr\u00eat\u00e9 pr\u00e9fectoral du 19 novembre 2024 portant nomination des\nmembres de la commission d\u00e9partementale de la nature,\ndes paysages\net des sites et de ses formations sp\u00e9cialis\u00e9es (2 pages) Page 12\nDirection d\u00e9partementale des territoires de la C\u00f4te-d'Or / Service\nS\u00e9curit\u00e9 et Education Routi\u00e8re\n21-2025-04-01-00001 - AP 530 20250401 RAA A36 VIPPSaone (5 pages) Page 15\nDRFiP Bourgogne Franche-Comt\u00e9 /\n21-2025-04-02-00001 - DRFIP 21 - d\u00e9l\u00e9gation signature des responsables\nmati\u00e8re de contentieux et gracieux fiscal 02.04.2025 (1 page) Page 21\nPr\u00e9fecture de la C\u00f4te-d'Or / Direction des Collectivit\u00e9s locales et des\nElections\n21-2025-03-26-00003 - Arr\u00eat\u00e9 pr\u00e9fectoral n\u00b0 511 portant modification\nde la commission de contr\u00f4le des listes \u00e9lectorales de la commune de\nCOLLONGES ET PREMIERES (1 page) Page 23\n2\nDirection d\u00e9partementale de l'emploi, du travail\net des solidarit\u00e9s de C\u00f4te-d'Or\n21-2025-03-28-00004\nR\u00e9c\u00e9piss\u00e9 d\u00e9claration SAP n\u00b0788770741 GADY\nSarah COXY SERVICES\nDirection d\u00e9partementale de l'emploi, du travail et des solidarit\u00e9s de C\u00f4te-d'Or - 21-2025-03-28-00004 - R\u00e9c\u00e9piss\u00e9 d\u00e9claration SAP\nn\u00b0788770741 GADY Sarah COXY SERVICES 3\nPREFETDE LACOTE-D'ORLibert\u00e9\u00c9galit\u00e9Fraternit\u00e9\nDirection D\u00e9partementale de l'Emploi, \ndu Travail et des Solidarit\u00e9s - DDETS \nDDETS 21, 21 Bd Voltaire, BP 81110 - 21011 DIJON Cedex \nT\u00e9l. : 03 80 45 75 45 (Accueil) \nwww.cote-dor.gouv.fr \nAffaire suivie par Sophie LACROIX                          Dijon, 28/03/2025 \nP\u00f4le Emploi-Coh\u00e9sion Territoriale, \nT\u00e9l : 03 80 45 75 07 // 06 84 89 20 33 \nCourriel : sophie.lacroix@cote-dor.gouv.fr \nMme GADY Sarah \n1 rue des Jardins \n21910 SAULON LA CHAPELLE \n \n \n \nRECEPISSE DE DECLARATION \nd'un Organisme de Services \u00e0 la Personne \nEnregistr\u00e9 sous le n\u00b0 SAP/ 788770741 \n \n \nLe Pr\u00e9fet de la C\u00f4te-d'Or, et par subd\u00e9l\u00e9gation de la Directrice D\u00e9partementale de la DDETS, la \nCheffe du P\u00f4le Emploi et Coh\u00e9sion Territoriale/la Responsable de l'Unit\u00e9 Formation, Emploi, Insertion \n \n \n \nVU la loi n\u00b0 2015-1776 du 28 d\u00e9cembre 2015 relative \u00e0 l'adaptation de la soci\u00e9t\u00e9 au vieillissement, \n \nVU le d\u00e9cret n\u00b0 2016-750 du 6 juin 2016 relatif \u00e0 la liste des activit\u00e9s de services \u00e0 la personne soumises \n\u00e0 agr\u00e9ment ou \u00e0 autorisation dans le cadre du r\u00e9gime commun de la d\u00e9claration, \n \nVU le code du travail et notamment les articles L 7231-1 \u00e0 L 7233-2, R 7232-16 \u00e0 R 7232-22, D7231-1 \net D 7233-1 \u00e0 D 7233-5. \n \n \nConstate \n \nQu'une d\u00e9claration d'activit\u00e9s de services \u00e0 la personne a \u00e9t\u00e9 d\u00e9pos\u00e9e sous le n\u00b0 19 47220 aupr\u00e8s de \nla DDETS de la C\u00f4te d'Or, le 25 mars 2025, par Mme GADY Sarah , dans le cadre de l'entre prise  \nindividuelle \" Coxi Services \", repr\u00e9sent\u00e9e par Mme GADY Sarah, dont le si\u00e8ge social est situ\u00e9 1 rue \ndes Jardins 21910 SAULON LA CHAPELLE et enregistr\u00e9e sous le n\u00b0 SAP/788770741 pour les activit\u00e9s \nsuivantes \u00e0 l'exclusion de toute autre :  \n \n1. Entretien de la maison et travaux m\u00e9nagers \n2. Petits travaux de jardinage \n3. Travaux de petit bricolage \n4. Pr\u00e9paration de repas \u00e0 domicile \n5. Livraison de courses \u00e0 domicile \n6. Maintenance, entretien et vigilance temporaires \u00e0 domicile \nDirection d\u00e9partementale de l'emploi, du travail et des solidarit\u00e9s de C\u00f4te-d'Or - 21-2025-03-28-00004 - R\u00e9c\u00e9piss\u00e9 d\u00e9claration SAP\nn\u00b0788770741 GADY Sarah COXY SERVICES 4\n \nDDETS 21, 21 Bd Voltaire, BP 81110 - 21011 DIJON Cedex \nT\u00e9l. : 03 80 45 75 45 (Accueil) \nwww.cote-dor.gouv.fr \n7. Assistance informatique \u00e0 domicile \n8. Assistance administrative \u00e0 domicile \n9. Soins et promenade(s) d'animaux pour personnes d\u00e9pendantes \n10.  Conduite du v\u00e9hicule des personnes en cas d'invalidit\u00e9 temporaire \n11. Accompagnement des personnes pr\u00e9sentant une invalidit\u00e9 temporaire \n12. Assistance aux personnes ayant besoin d'une aide temporaire \u00e0 leur domicile \n \n \nCes activit\u00e9s sont exerc\u00e9es en qualit\u00e9 de prestataire. \nL'\u00e9tablissement principal, \u00e9galement si\u00e8ge social, se situe \u00e0 l'adresse ci-dessus et poss\u00e8de le num\u00e9ro \nSIRET suivant, 788 770 741 00031. \nToute modification concernant l'activit\u00e9 exerc\u00e9e devra faire l'objet d'une d\u00e9claration modificative \npr\u00e9alable. \nSous r\u00e9serve d'\u00eatre exerc\u00e9e \u00e0 titre exclusif (ou sous r\u00e9serve d'une comptabilit\u00e9 s\u00e9par\u00e9e pour les \npersonnes mo rales dispens\u00e9es de cette condition), ces activit\u00e9s ouvrent droit au b\u00e9n\u00e9fice des \ndispositions des articles L. 7233-2 du code du travail et L. 241 -10 du code de la s\u00e9curit\u00e9 sociale dans \nles conditions pr\u00e9vues par ces articles. \nLes effets de la d\u00e9claration courent \u00e0 compter du jour de d\u00e9p\u00f4t de la demande, conform\u00e9ment \u00e0 l'article \nR.7232-18 du code du travail. \nL'enregistrement de la d\u00e9claration peut \u00eatre retir\u00e9 dans les conditions fix\u00e9es aux articles R.7232 -20 \u00e0 \nR.7232-22 du code du travail. \nLe pr\u00e9sent r\u00e9c\u00e9piss\u00e9 n'est pas limit\u00e9 dans le temps et sera publi\u00e9 au recueil des actes administratifs de \nla pr\u00e9fecture de la C\u00f4te d'Or. \n \nPour le Pr\u00e9fet de C\u00f4te d'Or \nEt par subd\u00e9l\u00e9gation de \nla Directrice D\u00e9partementale emp\u00each\u00e9e, \n   \nLa Responsable de l'Unit\u00e9, Formation, Emploi et Insertion, \nSIGNE \nMarie BEGRAND \n \nDirection d\u00e9partementale de l'emploi, du travail et des solidarit\u00e9s de C\u00f4te-d'Or - 21-2025-03-28-00004 - R\u00e9c\u00e9piss\u00e9 d\u00e9claration SAP\nn\u00b0788770741 GADY Sarah COXY SERVICES 5\nDirection d\u00e9partementale de l'emploi, du travail\net des solidarit\u00e9s de C\u00f4te-d'Or\n21-2025-03-28-00005\nR\u00e9c\u00e9piss\u00e9 d\u00e9claration SAP n\u00b0939820023\nVILLEMIN Arnaud\nDirection d\u00e9partementale de l'emploi, du travail et des solidarit\u00e9s de C\u00f4te-d'Or - 21-2025-03-28-00005 - R\u00e9c\u00e9piss\u00e9 d\u00e9claration SAP\nn\u00b0939820023 VILLEMIN Arnaud 6\nPREFETDE LACOTE-D'ORLibert\u00e9\u00c9galit\u00e9Fraternit\u00e9\nDirection D\u00e9partementale de l'Emploi, \ndu Travail et des Solidarit\u00e9s - DDETS \nDDETS 21, 21 Bd Voltaire, BP 81110 - 21011 DIJON Cedex \nT\u00e9l. : 03 80 45 75 45 (Accueil) \nwww.cote-dor.gouv.fr \nAffaire suivie par Sophie LACROIX                          Dijon, 28/03/2025 \nP\u00f4le Emploi-Coh\u00e9sion Territoriale, \nT\u00e9l : 03 80 45 75 07 // 06 84 89 20 33 \nCourriel : sophie.lacroix@cote-dor.gouv.fr \nM. VILLEMIN Arnaud \n3 impasse des pr\u00e9s bas \n21910 NOIRON SOUS GEVREY \n \n \n \nRECEPISSE DE DECLARATION \nd'un Organisme de Services \u00e0 la Personne \nEnregistr\u00e9 sous le n\u00b0 SAP/ 939820023 \n \n \nLe Pr\u00e9fet de la C\u00f4te-d'Or, et par subd\u00e9l\u00e9gation de la Directrice D\u00e9partementale de la DDETS, la \nCheffe du P\u00f4le Emploi et Coh\u00e9sion Territoriale/la Responsable de l'Unit\u00e9 Formation, Emploi, Insertion \n \n \n \nVU la loi n\u00b0 2015-1776 du 28 d\u00e9cembre 2015 relative \u00e0 l'adaptation de la soci\u00e9t\u00e9 au vieillissement, \n \nVU le d\u00e9cret n\u00b0 2016-750 du 6 juin 2016 relatif \u00e0 la liste des activit\u00e9s de services \u00e0 la personne soumises \n\u00e0 agr\u00e9ment ou \u00e0 autorisation dans le cadre du r\u00e9gime commun de la d\u00e9claration, \n \nVU le code du travail et notamment les articles L 7231-1 \u00e0 L 7233-2, R 7232-16 \u00e0 R 7232-22, D7231-1 \net D 7233-1 \u00e0 D 7233-5. \n \n \nConstate \n \nQu'une d\u00e9claration d'activit\u00e9s de services \u00e0 la personne a \u00e9t\u00e9 d\u00e9pos\u00e9e sous le n\u00b0 19 66120 aupr\u00e8s de \nla DDETS de la C\u00f4te d'Or, le 3 mars 2025, par M. VILLEMIN Arnaud, dans le cadre de l'entrep rise  \nindividuelle \" AV SERVICES \", repr\u00e9sent\u00e9e par M. VILLEMIN Arnaud, dont le si\u00e8ge social est situ\u00e9 3 \nimpasse des pr\u00e9s bas 21910 NOIRON SOUS GEVREY et enregistr\u00e9e sous le n\u00b0 SAP/939820023 pour \nles activit\u00e9s suivantes \u00e0 l'exclusion de toute autre :  \n \n1. Entretien de la maison et travaux m\u00e9nagers \n2. Petits travaux de jardinage \n3. Travaux de petit bricolage \n \nCes activit\u00e9s sont exerc\u00e9es en qualit\u00e9 de prestataire. \nDirection d\u00e9partementale de l'emploi, du travail et des solidarit\u00e9s de C\u00f4te-d'Or - 21-2025-03-28-00005 - R\u00e9c\u00e9piss\u00e9 d\u00e9claration SAP\nn\u00b0939820023 VILLEMIN Arnaud 7\n \nDDETS 21, 21 Bd Voltaire, BP 81110 - 21011 DIJON Cedex \nT\u00e9l. : 03 80 45 75 45 (Accueil) \nwww.cote-dor.gouv.fr \nL'\u00e9tablissement principal, \u00e9galement si\u00e8ge social, se situe \u00e0 l'adresse ci-dessus et poss\u00e8de le num\u00e9ro \nSIRET suivant, 939 820 023 00017. \nToute modification concernant l'activit\u00e9 exerc\u00e9e devra faire l'objet d'une d\u00e9claration modificative \npr\u00e9alable. \nSous r\u00e9serve d'\u00eatre exerc\u00e9e \u00e0 titre exclusif (ou sous r\u00e9serve d'une comptabilit\u00e9 s\u00e9par\u00e9e pour les \npersonnes morales dispens\u00e9es de cette condition), ces activit\u00e9s ouvrent droit au b\u00e9n\u00e9fic e des \ndispositions des articles L. 7233-2 du code du travail et L. 241 -10 du code de la s\u00e9curit\u00e9 sociale dans \nles conditions pr\u00e9vues par ces articles. \nLes effets de la d\u00e9claration courent \u00e0 compter du jour de d\u00e9p\u00f4t de la demande, conform\u00e9ment \u00e0 l'article \nR.7232-18 du code du travail. \nL'enregistrement de la d\u00e9claration peut \u00eatre retir\u00e9 dans les conditions fix\u00e9es aux articles R.7232 -20 \u00e0 \nR.7232-22 du code du travail. \nLe pr\u00e9sent r\u00e9c\u00e9piss\u00e9 n'est pas limit\u00e9 dans le temps et sera publi\u00e9 au recueil des actes administratifs de \nla pr\u00e9fecture de la C\u00f4te d'Or. \n \nPour le Pr\u00e9fet de C\u00f4te d'Or \nEt par subd\u00e9l\u00e9gation de \nla Directrice D\u00e9partementale emp\u00each\u00e9e, \n   \nLa Responsable de l'Unit\u00e9, Formation, Emploi et Insertion, \nSIGNE \nMarie BEGRAND \n \nDirection d\u00e9partementale de l'emploi, du travail et des solidarit\u00e9s de C\u00f4te-d'Or - 21-2025-03-28-00005 - R\u00e9c\u00e9piss\u00e9 d\u00e9claration SAP\nn\u00b0939820023 VILLEMIN Arnaud 8\nDirection d\u00e9partementale des territoires de la\nC\u00f4te-d'Or\nService \u00c9conomie Agricole et Environnement des\nExploitations\n21-2025-03-27-00003\nArr\u00eat\u00e9 pr\u00e9fectoral n\u00b0 510\nmodifiant l'arr\u00eat\u00e9 pr\u00e9fectoral n\u00b01320 du\n07/11/2022 modifi\u00e9 relatif \u00e0 la composition de la\nCommission D\u00e9partementale d'Orientation de\nl'Agriculture de la C\u00f4te d'Or\nDirection d\u00e9partementale des territoires de la C\u00f4te-d'Or - 21-2025-03-27-00003 - Arr\u00eat\u00e9 pr\u00e9fectoral n\u00b0 510\nmodifiant l'arr\u00eat\u00e9 pr\u00e9fectoral n\u00b01320 du 07/11/2022 modifi\u00e9 relatif \u00e0 la composition de la Commission D\u00e9partementale d'Orientation\nde l'Agriculture de la C\u00f4te d'Or\n9\nDirection d\u00e9partementale des territoires de la C\u00f4te-d'Or - 21-2025-03-27-00003 - Arr\u00eat\u00e9 pr\u00e9fectoral n\u00b0 510\nmodifiant l'arr\u00eat\u00e9 pr\u00e9fectoral n\u00b01320 du 07/11/2022 modifi\u00e9 relatif \u00e0 la composition de la Commission D\u00e9partementale d'Orientation\nde l'Agriculture de la C\u00f4te d'Or\n10\nARRETE\nARTICLE 1\u00b0\" :L'article 1 de l'arr\u00eat\u00e9 pr\u00e9fectoral n\u00b0 1320 du 07/11/2022 modifi\u00e9 par l'arr\u00eat\u00e9 pr\u00e9fectoraln\u00b0347 du 15/02/2024 est ainsi modifi\u00e9 :Trois repr\u00e9sentants de la Chambre d'Agriculture :Titulaires Suppl\u00e9antsDe LOISY Jacques COLSON BaptisteGEVREY Simon LECHENAULT ChristopheWILLERMOZ Fran\u00e7oisLOISEAU Floradont un au titre des soci\u00e9t\u00e9s coop\u00e9ratives agricoles :Titulaire Suppl\u00e9antsGUILLEMOT Jean-Pierre BORNOT M\u00e9lanieMERY Bruno\nLe reste est sans changement.ARTICLE 2 :Le secr\u00e9taire g\u00e9n\u00e9ral de la pr\u00e9fecture de la C\u00f4te-d'Or et la directrice d\u00e9partementale desterritoires par int\u00e9rim sont charg\u00e9s, chacun en ce qui le concerne, de l'ex\u00e9cution du pr\u00e9sent arr\u00eat\u00e9,qui sera publi\u00e9 au recueil des actes administratifs de la pr\u00e9fecture de la C\u00f4te-d'Or.\nFait \u00e0 Dijon, le 27/03/2025Le pr\u00e9fet,SIGNE\nPaul MOURIER\nddt@cote-dor.gouv.fr\n\u2022\u25e6\nDirection d\u00e9partementale des territoires de la C\u00f4te-d'Or - 21-2025-03-27-00003 - Arr\u00eat\u00e9 pr\u00e9fectoral n\u00b0 510\nmodifiant l'arr\u00eat\u00e9 pr\u00e9fectoral n\u00b01320 du 07/11/2022 modifi\u00e9 relatif \u00e0 la composition de la Commission D\u00e9partementale d'Orientation\nde l'Agriculture de la C\u00f4te d'Or\n11\nDirection d\u00e9partementale des territoires de la\nC\u00f4te-d'Or\nService Pr\u00e9servation et Am\u00e9nagement de\nl'Espace (SPAE)\n21-2025-03-26-00004\nArr\u00eat\u00e9 pr\u00e9fectoral du 26 mars 2025\nmodifiant l'arr\u00eat\u00e9 pr\u00e9fectoral du 19 novembre\n2024 portant nomination des membres de la\ncommission d\u00e9partementale de la nature,\ndes paysages et des sites et de ses formations\nsp\u00e9cialis\u00e9es\nDirection d\u00e9partementale des territoires de la C\u00f4te-d'Or - 21-2025-03-26-00004 - Arr\u00eat\u00e9 pr\u00e9fectoral du 26 mars 2025\nmodifiant l'arr\u00eat\u00e9 pr\u00e9fectoral du 19 novembre 2024 portant nomination des membres de la commission d\u00e9partementale de la nature,\ndes paysages et des sites et de ses formations sp\u00e9cialis\u00e9es\n12\nExPREFETDE LACOTE-D'ORL,z'bert\u00e9Egalit\u00e9Fraternit\u00e9\nDirection d\u00e9partementale des territoires\nde la C\u00f4te-d'Or\nArr\u00eat\u00e9 pr\u00e9fectoral du 26 mars 2025 \nmodifiant l'arr\u00eat\u00e9 pr\u00e9fectoral du 19 novembre 2024\nportant nomination des membres de la commission d\u00e9partementale de la nature, \ndes paysages et des sites et de ses formations sp\u00e9cialis\u00e9es\nLe Pr\u00e9fet de la C\u00f4te-d'Or\nVU le code de l'environnement et notamment ses articles R. 341-16 \u00e0 R. 341-27 ;\nVU le code des relations entre le public et l'administration et notamment ses articles R.133-1 et  \nsuivants ;\nVU les articles 8 et 9 du d\u00e9cret n\u00b0 2006-665 du 7 juin 2006 relatif \u00e0 la r\u00e9duction du nombre et \u00e0  \nla simplification de la composition de certaines commissions administratives ;\nVU l'arr\u00eat\u00e9 pr\u00e9fectoral du 25 octobre 2021 portant institution de la commission d\u00e9partementale  \nde la nature, des paysages et des sites et de ses formations sp\u00e9cialis\u00e9es ;\nVU l'arr\u00eat\u00e9  pr\u00e9fectoral  du  19  novembre  2024  portant  nomination  des  membres  de  la \ncommission  d\u00e9partementale  de  la  nature,  des  paysages  et  des  sites  et  de  ses  formations \nsp\u00e9cialis\u00e9es ;\nVU la d\u00e9lib\u00e9ration du conseil m\u00e9tropolitain de Dijon M\u00e9tropole du 26 septembre 2024 ;\nVU le courrier de M. le pr\u00e9sident de Dijon M\u00e9tropole du 3 janvier 2025 ;\nVU le proc\u00e8s-verbal de la session d'installation de la chambre d'agriculture de la C\u00f4te-d'Or du 20 \nf\u00e9vrier 2025 ;\nSUR proposition de Madame la directrice d\u00e9partementale des territoires par int\u00e9rim de la  \nC\u00f4te-d'Or ;\nA R R E T E\nARTICLE 1  er     :   \nL'article 4 de l'arr\u00eat\u00e9 pr\u00e9fectoral du 19 novembre 2024 portant nomination des membres de la  \ncommission  d\u00e9partementale  de  la  nature,  des  paysages  et  des  sites  et  de  ses  formations \nsp\u00e9cialis\u00e9es, relatif \u00e0 la formation sp\u00e9cialis\u00e9e dite \u00ab  des sites et paysages  \u00bb, est modifi\u00e9 comme  \nsuit :\nM. Philippe LEMANCEAU est nomm\u00e9 suppl\u00e9ant de M. Fran\u00e7ois DODET au sein du coll\u00e8ge des  \nrepr\u00e9sentants des collectivit\u00e9s territoriales.\n1\nDirection d\u00e9partementale des territoires de la C\u00f4te-d'Or - 21-2025-03-26-00004 - Arr\u00eat\u00e9 pr\u00e9fectoral du 26 mars 2025\nmodifiant l'arr\u00eat\u00e9 pr\u00e9fectoral du 19 novembre 2024 portant nomination des membres de la commission d\u00e9partementale de la nature,\ndes paysages et des sites et de ses formations sp\u00e9cialis\u00e9es\n13\nARTICLE 2     :  \nL'article 1er de l'arr\u00eat\u00e9 pr\u00e9fectoral du 19 novembre 2024 portant nomination des membres de la  \ncommission  d\u00e9partementale  de  la  nature,  des  paysages  et  des  sites  et  de  ses  formations \nsp\u00e9cialis\u00e9es, relatif \u00e0 la formation pl\u00e9ni\u00e8re, est modifi\u00e9 comme suit :\nM. Jacques DE LOISY, pr\u00e9sident de la chambre d'agriculture de la C\u00f4te-d'Or, est nomm\u00e9 membre \ntitulaire en remplacement de M. Vincent LAVIER.\nARTICLE 3     :  \nLes articles 3, 4, 5 et 6 respectivement relatifs aux formations sp\u00e9cialis\u00e9es dites \u00ab  de la nature \u00bb, \n\u00ab des sites et paysages \u00bb, \u00ab de la publicit\u00e9 \u00bb et \u00ab des carri\u00e8res \u00bb, sont modifi\u00e9s comme suit :\nM.  Jacques DE  LOISY,  pr\u00e9sident  de  la  chambre  d'agriculture  de  la  C\u00f4te-d'Or, et  M.  Beno\u00eet \nLAHAYE sont nomm\u00e9s respectivement titulaire et suppl\u00e9ant en remplacement de M.  Vincent \nLAVIER et de M. Nicolas MICHAUD.\nARTICLE 4     :  \nLes autres articles de l'arr\u00eat\u00e9 pr\u00e9fectoral du 19 novembre 2024 portant nomination des membres \nde la commission d\u00e9partementale de la nature, des paysages et des sites et de ses formations  \nsp\u00e9cialis\u00e9es demeurent sans changement.\nARTICLE 5     :  \nLe  secr\u00e9taire  g\u00e9n\u00e9ral  de  la  pr\u00e9fecture  de  la  C\u00f4te-d'Or  et  la  directrice  d\u00e9partementale  des \nterritoires de la C\u00f4te-d'Or par int\u00e9rim sont charg\u00e9s de l'ex\u00e9cution du pr\u00e9sent arr\u00eat\u00e9 qui sera  \npubli\u00e9 au recueil des actes administratifs de la pr\u00e9fecture de la C\u00f4te-d'Or.\nLe pr\u00e9fet,\nSign\u00e9 : Paul MOURIER\n2\nDirection d\u00e9partementale des territoires de la C\u00f4te-d'Or - 21-2025-03-26-00004 - Arr\u00eat\u00e9 pr\u00e9fectoral du 26 mars 2025\nmodifiant l'arr\u00eat\u00e9 pr\u00e9fectoral du 19 novembre 2024 portant nomination des membres de la commission d\u00e9partementale de la nature,\ndes paysages et des sites et de ses formations sp\u00e9cialis\u00e9es\n14\nDirection d\u00e9partementale des territoires de la\nC\u00f4te-d'Or\nService S\u00e9curit\u00e9 et Education Routi\u00e8re\n21-2025-04-01-00001\nAP 530 20250401 RAA A36 VIPPSaone\nDirection d\u00e9partementale des territoires de la C\u00f4te-d'Or - 21-2025-04-01-00001 - AP 530 20250401 RAA A36 VIPPSaone 15\nExPREFETDE LACOTE-D'ORL,z'berte'Egalit\u00e9Fraternit\u00e9\n Direction d\u00e9partementale des territoires\nde la C\u00f4te-d'Or\nService de la S\u00e9curit\u00e9 et de l'\u00c9ducation Routi\u00e8re\nBureau de la S\u00e9curit\u00e9 Routi\u00e8re\nDijon, le 1er avril 2025\nArr\u00eat\u00e9 N\u00b0 530\nportant r\u00e9glementation temporaire de la circulation sur l'autoroute A36 \u00e0 \nl'occasion des travaux de r\u00e9habilitation des deux ouvrages situ\u00e9s au PR 196+918 et \n199+981.\nLe pr\u00e9fet de la C\u00f4te-d'Or\nVU le Code de la Route, notamment ses articles R411-8 et R411-25 ;\nVU l'Arr\u00eat\u00e9  Interminist\u00e9riel  du  24  novembre  1967  modifi\u00e9  relatif  \u00e0  la  signalisation  des \nroutes et autoroutes ;\nVU l'Instruction  Interminist\u00e9rielle  sur  la  signalisation  routi\u00e8re  (Livre  1,  8\u00e8me  partie, \nsignalisation  temporaire)  approuv\u00e9e  par  l'Arr\u00eat\u00e9  Interminist\u00e9riel  du  6  novembre  1992 \nmodifi\u00e9 ;\nVU la note technique du 14 avril 2016 du Minist\u00e8re de l'Environnement de l'\u00c9nergie et de la \nMer, relative \u00e0 la coordination des chantiers sur le r\u00e9seau national ;\nVU l'arr\u00eat\u00e9 pr\u00e9fectoral n\u00b0612 du 20 ao\u00fbt 2019 portant r\u00e9glementation permanente de la  \ncirculation pour l'exploitation des chantiers courants sur les autoroutes conc\u00e9d\u00e9es \u00e0 APRR  \ndans le d\u00e9partement de la C\u00f4te-d'Or ;\nVU l'arr\u00eat\u00e9  pr\u00e9fectoral  n\u00b075/SG  du  14  janvier  2025  donnant  d\u00e9l\u00e9gation  de  signature  \u00e0 \nMadame Nadine MUCKENSTURM, Directrice D\u00e9partementale des Territoires par int\u00e9rim ;\nVU l'arr\u00eat\u00e9  pr\u00e9fectoral  n\u00b0379  du  6  mars  2025  portant  subd\u00e9l\u00e9gation  de  signature  aux \nagents de la Direction D\u00e9partementale des Territoires de la C\u00f4te-d'Or ;\nVU la note du 23 janvier 2025 du Minist\u00e8re de l'Am\u00e9nagement du Territoire et de la  \nD\u00e9centralisation,  Minist\u00e8re  charg\u00e9  des  Transports,  fixant  le  calendrier  des  jours  hors \nchantiers pour l'ann\u00e9e 2025 ;\nDirection d\u00e9partementale des territoires de la C\u00f4te-d'Or\n57 rue de Mulhouse- BP 53317 - 21033 DIJON cedex\nt\u00e9l : 03 80 29 44 44 \u2013 Courriel : ddt@cote-dor.gouv.fr\nDirection d\u00e9partementale des territoires de la C\u00f4te-d'Or - 21-2025-04-01-00001 - AP 530 20250401 RAA A36 VIPPSaone 16\n2/5\nVU la demande en date du 17 mars 2025 de Monsieur le Directeur d'exploitation d'APRR ;\nVU l'information communiqu\u00e9e au service d\u00e9partemental d'incendie et de secours de la  \nC\u00f4te-d'Or en date du 17 mars 2025 ;\nVU l'avis favorable du Peloton Autoroutier de Gendarmerie de Beaune en date du 17 mars  \n2025 ;\nVU l'avis  favorable  de  Monsieur  le  Sous-Directeur  de  la  gestion  du  r\u00e9seau  autoroutier \nconc\u00e9d\u00e9 des Minist\u00e8res de l'Am\u00e9nagement du Territoire et de la Transition \u00c9cologique  en \ndate du 20 mars 2025 ;\nCONSID\u00c9RANT  que  le  chantier  ne  remplit  pas  l'une  ou  plusieurs  des  conditions \ncaract\u00e9ristiques des chantiers courants au sens de la note technique du 14 avril relative \u00e0 la \ncoordination  des  chantiers  sur  le  r\u00e9seau  routier  national  et  qu'il  est  donc  class\u00e9  en \n\u00ab chantier non courant \u00bb ;\nCONSID\u00c9RANT  que dans le cadre des travaux sur et aux droits des ouvrages situ\u00e9s sur A36 \nau PR 196+918 et 199+981 il y a lieu de r\u00e9glementer la circulation afin d'assurer la s\u00e9curit\u00e9 et \nla protection des usagers, des agents d'APRR et des entreprises charg\u00e9es de l'ex\u00e9cution des \ntravaux et de r\u00e9duire, autant que possible, les entraves \u00e0 la circulation provoqu\u00e9es par les  \ntravaux ;\nSUR proposition de Madame la Directrice D\u00e9partementale des Territoires de la C\u00f4te-d'Or  \npar int\u00e9rim ;\nARR\u00caTE\nArticle 1  er     :  \nLes travaux concernent la r\u00e9habilitation de deux ouvrages situ\u00e9s sur autoroute A36 au PR  \n196+918 (viaduc de d\u00e9viation de la Sa\u00f4ne-PI Warren) et 199+981 (VIPP de la Sa\u00f4ne) dans les \ndeux sens de circulation.\nLes mesures d'exploitation, de police et de gestion de trafic mises en \u0153uvre \u00e0 l'occasion  \nde ces travaux s'appliqueront du lundi 07 avril 2025, 08h00 au vendredi 21 novembre 2025, \n17h00.\nArticle 2     :  \nLe chantier est class\u00e9 en \u00ab chantier non courant \u00bb en raison de la d\u00e9rogation aux articles 4, \n9 et 12 de l'arr\u00eat\u00e9 permanent d'exploitation sous chantier n\u00b0612 du 20 ao\u00fbt 2019, \u00e0 savoir :\n\uf0b7 Le chantier pourra entrainer une r\u00e9duction de capacit\u00e9 pendant les jours  \ndits \u00ab hors chantier \u00bb,\n\uf0b7 Le d\u00e9bit pr\u00e9visible par voie laiss\u00e9e libre \u00e0 la circulation pourra d\u00e9passer le  \nseuil de 1 200 v\u00e9hicules par heure,\nDirection d\u00e9partementale des territoires de la C\u00f4te-d'Or\n57 rue de Mulhouse- BP 53317 - 21033 DIJON cedex\nt\u00e9l : 03 80 29 44 44 \u2013 Courriel : ddt@cote-dor.gouv.fr\nDirection d\u00e9partementale des territoires de la C\u00f4te-d'Or - 21-2025-04-01-00001 - AP 530 20250401 RAA A36 VIPPSaone 17\n=\u2014\u2014\n3/5\n\uf0b7 Afin de permettre la r\u00e9alisation concomitante des travaux, objet du pr\u00e9sent \narr\u00eat\u00e9, et d'autres chantiers de r\u00e9paration et d'entretien, courant ou non  \ncourant ne laissant libre que deux ou une voie de circulation, l'interdistance \npeut \u00eatre inf\u00e9rieure \u00e0 la r\u00e9glementation en vigueur sans pour autant \u00eatre  \ninf\u00e9rieure \u00e0 3 km.\nArticle 3     :   \nPour l'ex\u00e9cution des travaux, les mesures d'exploitation et de police suivantes seront mises \nen \u0153uvre :\n\u2022 Neutralisation de voie de gauche, dans les 2 sens de circulation pour 3 des 4 phases  \ndu chantier et Neutralisation de voie de droite, dans les 2 sens de circulation, pour 1 \ndes phases, selon le tableau de phasage ci-dessous.\nAxe Date \nphasage Sens\nPR \nD\u00e9but \n(1er \nc\u00f4ne)\nPR Fin \nbalisage \n(B31)\nMode d'exploitation Commentaire\nA36\n07-04 \n08h00\n30-04, \n17h\n1 199+500 200+600 Neutralisation  des  voies  de  \ngauche\nPose  des  SMV  \u2013  Travaux  en  TPC \nPortes 3/2/1 PR 200+400 et 200+800  \n\u2013 Phase 1 2 201+600 199+700\n5-05, \n08h00\n07-05, \n17h\n1 196+400 197+500 Neutralisation  des  voies  de  \ngauche Travaux sur BN4 en TPC \u2013 Phase 2 \n2 197+400 196+600\n12-05, \n08h00\n08-08, \n17h00\n1 196+400 197+700 Neutralisation  des  voies  de  \ndroite\nPose des SMV \u2013 Travaux en rives sur \nWarren \u2013 E/S acc\u00e8s PR 197+600 -  \nPhase 32 198+000 196+600\n11-08, \n08h00\n21-11, \n17h00\n1 199+500 200+600 Neutralisation  des  voies  de  \ngauche\nPose  des  SMV  -  Travaux  en  TPC \nPortes 3/2/1 PR 200+400 et 200+800  \n- Phase 42 201+600 199+700\nEn cas d'al\u00e9as m\u00e9t\u00e9orologiques ou techniques,\n- la phase 3 du chantier peut \u00eatre report\u00e9 jusqu'au jeudi 14 ao\u00fbt, 16h00,\n- la phase 4 (la derni\u00e8re phase) du chantier peut \u00eatre report\u00e9 jusqu'au vendredi 5  \nd\u00e9cembre, 17h00.\nLe concessionnaire sera alors tenu d'en informer par courriel la direction d\u00e9partementale  \nde C\u00f4te d'Or ainsi que les services consult\u00e9s pour la signature de cet arr\u00eat\u00e9.\nArticle 4 :\nLors de l'ach\u00e8vement des travaux et avant le r\u00e9tablissement normal de la circulation, la  \nchauss\u00e9e devra \u00eatre propre et satisfaire aux normes de s\u00e9curit\u00e9 en vigueur.\nArticle 5 :\nDes mesures d'information des usagers seront prises par le canal :\nDirection d\u00e9partementale des territoires de la C\u00f4te-d'Or\n57 rue de Mulhouse- BP 53317 - 21033 DIJON cedex\nt\u00e9l : 03 80 29 44 44 \u2013 Courriel : ddt@cote-dor.gouv.fr\nDirection d\u00e9partementale des territoires de la C\u00f4te-d'Or - 21-2025-04-01-00001 - AP 530 20250401 RAA A36 VIPPSaone 18\n4/5\n- de messages sur les Panneaux \u00e0 Messages Variables (PMV) situ\u00e9s en section courante de \nl'autoroute,\n- de messages sur PMVA situ\u00e9 en entr\u00e9e des gares de p\u00e9age,\n- de messages sur \u00ab Autoroute Info 107 .7 \u00bb,\n- du service d'information vocale autoroutier,\n- du site internet www.aprr.fr.\nArticle 6 :\nLa Direction D\u00e9partementale des Territoires de la C\u00f4te-d'Or devra \u00eatre avertie \u00e0 l'avance  \nde la mise en place ou du report et en temps r\u00e9el de la fin des mesures d'exploitation, ainsi \nqu'en cas d'\u00e9v\u00e9nement entra\u00eenant une g\u00eane importante \u00e0 la circulation, particuli\u00e8rement  \nen cas d'application du Plan de Gestion de Trafic, et des mesures prises \u00e0 cet effet.\nArticle 7     :  \nLa signalisation des chantiers devra \u00eatre conforme aux prescriptions r\u00e9glementaires, en  \nparticulier \u00e0 celles de l'Instruction Interminist\u00e9rielle sur la  Signalisation Routi\u00e8re (8\u00e8me  \npartie - Signalisation Temporaire) ainsi qu'aux guides techniques du SETRA subs\u00e9quents :\n- Routes \u00e0 chauss\u00e9es s\u00e9par\u00e9es \u2013 Manuel du Chef de Chantier\n- Choix d'un mode d'exploitation.\nLa mise en place et le maintien de la signalisation temporaire de ces chantiers seront  \nassur\u00e9s sous le contr\u00f4le et la responsabilit\u00e9 des services d'APRR.\nLes forces de l'ordre seront pr\u00e9sentes pour accompagner les agents d'APRR afin de faire  \nrespecter  les  mesures  de  police  n\u00e9cessaires  \u00e0  la  mise  en  place  des  balisages  et \nsignalisations temporaires (ralentissement de la circulation, fermeture de section courante \nou de bretelles) ainsi qu'\u00e0 la r\u00e9alisation des travaux.\nToutefois,  dans  l'hypoth\u00e8se  o\u00f9,  une  fois  requises,  les  forces  de  l'ordre,  seraient  dans \nl'impossibilit\u00e9  d'\u00eatre  pr\u00e9sentes,  les  agents  d'APRR  seront  autoris\u00e9s  \u00e0  r\u00e9aliser  seuls  ces \nop\u00e9rations.\nArticle 8     :  \nLe pr\u00e9sent arr\u00eat\u00e9 peut faire l'objet d'un recours gracieux aupr\u00e8s du pr\u00e9fet et/ou d'un  \nrecours contentieux devant le tribunal administratif dans un d\u00e9lai de 2 mois \u00e0 compter de  \nsa notification.\nLe tribunal administratif peut \u00eatre saisi par un recours d\u00e9pos\u00e9 via l'application T\u00e9l\u00e9recours  \ncitoyens accessible par le site internet www.telerecours.fr \u00bb.\nArticle 9     :  \n- Le Directeur de Cabinet du pr\u00e9fet de la C\u00f4te-d'Or,\n- Le  Commandant  de  la  R\u00e9gion  de  Gendarmerie  de  Bourgogne-Franche-Comt\u00e9,  du \nGroupement de la C\u00f4te-d'Or,\n- Le Directeur d'exploitation d'APRR,\nsont charg\u00e9s, chacun en ce qui le concerne, de l'ex\u00e9cution du pr\u00e9sent arr\u00eat\u00e9.\nDirection d\u00e9partementale des territoires de la C\u00f4te-d'Or\n57 rue de Mulhouse- BP 53317 - 21033 DIJON cedex\nt\u00e9l : 03 80 29 44 44 \u2013 Courriel : ddt@cote-dor.gouv.fr\nDirection d\u00e9partementale des territoires de la C\u00f4te-d'Or - 21-2025-04-01-00001 - AP 530 20250401 RAA A36 VIPPSaone 19\n5/5\nLe pr\u00e9sent arr\u00eat\u00e9 sera publi\u00e9 au recueil des actes administratifs de la Pr\u00e9fecture de la C\u00f4te-\nd'Or.\nUne copie du pr\u00e9sent arr\u00eat\u00e9 sera adress\u00e9e pour information :\n- au Directeur G\u00e9n\u00e9ral des Infrastructures des Transports et de la Mer des MATTE,\n- au Directeur D\u00e9partemental des Services d'Incendie et de Secours de la C\u00f4te-  \nd'Or,\n- au SAMU de Dijon.\nFait \u00e0 Dijon, le 1er avril 2025\nLe pr\u00e9fet,\nPour le pr\u00e9fet, par d\u00e9l\u00e9gation,\nLa directrice d\u00e9partementale\ndes territoires par int\u00e9rim\nSIGN\u00c9\nNadine MUCKENSTURM\nDirection d\u00e9partementale des territoires de la C\u00f4te-d'Or\n57 rue de Mulhouse- BP 53317 - 21033 DIJON cedex\nt\u00e9l : 03 80 29 44 44 \u2013 Courriel : ddt@cote-dor.gouv.fr\nDirection d\u00e9partementale des territoires de la C\u00f4te-d'Or - 21-2025-04-01-00001 - AP 530 20250401 RAA A36 VIPPSaone 20\nDRFiP Bourgogne Franche-Comt\u00e9\n21-2025-04-02-00001\nDRFIP 21 - d\u00e9l\u00e9gation signature des responsables\nmati\u00e8re de contentieux et gracieux fiscal\n02.04.2025\nDRFiP Bourgogne Franche-Comt\u00e9 - 21-2025-04-02-00001 - DRFIP 21 - d\u00e9l\u00e9gation signature des responsables mati\u00e8re de contentieux et\ngracieux fiscal 02.04.2025 21\nREPUBLIQUE FF RA N \u00c7A l S E FINANCES PUBLIQUES\nFraternit\u00e9\nServices Responsables des servicesServices des imp\u00f4ts des particuliersServices des imp\u00f4ts des entreprisesSIE BEAUNE ) Isabelle GIRAUDSIE DIJON Pascal JOBARDSIP DE MONTBARD Eric PONTASSESIP DE BEAUNE Florence COCUSSESIP DIJON ET AMENDES Jacques AMBRAZEService de la publicit\u00e9 fonci\u00e8reet de l'enregistrementSPFE DIJON |Nordine QUESLATIServices \u00e0 comp\u00e9tence d\u00e9partementale ou r\u00e9gionaleBrigade de contr\u00f4le et de recherche C\u00e9line POTIN1# Brigade d\u00e9partementale de v\u00e9rification Patrice GUILLOT2% Brigade d\u00e9partementale de v\u00e9rification |Catherine FOURNIERP\u00f4le de contr\u00f4le et d'expertise Clarence AUGEP\u00f4le de contr\u00f4le revenus/patrimoine Olivier FOLIARDP\u00f4le de recouvrement sp\u00e9cialis\u00e9 Olivia NOIROTService d\u00e9partemental des imp\u00f4ts fonciers Michel COUDRAY\nDIRECTION R\u00c9GIONALE DES FINANCES PUBLIQUES DE BOURGOGNE-FRANCHE-COMTE ET DU\nD\u00c9PARTEMENT DE LA COTE D'OR\nListe des responsables de service au 2 avril 2025 disposant de la d\u00e9l\u00e9gation de signature en mati\u00e8re de contentieux et de\ngracieux fiscal pr\u00e9vue par le III de l'article 408 de l'annexe II au code g\u00e9n\u00e9ral des imp\u00f4ts.\nDRFiP Bourgogne Franche-Comt\u00e9 - 21-2025-04-02-00001 - DRFIP 21 - d\u00e9l\u00e9gation signature des responsables mati\u00e8re de contentieux et\ngracieux fiscal 02.04.2025 22\nPr\u00e9fecture de la C\u00f4te-d'Or\nDirection des Collectivit\u00e9s locales et des\nElections \n21-2025-03-26-00003\nArr\u00eat\u00e9 pr\u00e9fectoral n\u00b0 511 portant modification\nde la commission de contr\u00f4le des listes\n\u00e9lectorales de la commune de COLLONGES ET\nPREMIERES\nPr\u00e9fecture de la C\u00f4te-d'Or - 21-2025-03-26-00003 - Arr\u00eat\u00e9 pr\u00e9fectoral n\u00b0 511 portant modification de la commission de contr\u00f4le des\nlistes \u00e9lectorales de la commune de COLLONGES ET PREMIERES 23\nExPREFETDE LACOTE-D'ORLibert\u00e9Egalit\u00e9Fraternit\u00e9\nSECR\u00c9TARIAT G\u00c9N\u00c9RAL\nDirection des collectivit\u00e9s locales et des \u00e9lections\nBureau des \u00e9lections et de la r\u00e9glementation\nAffaire suivie par : Delphine CHERDON\nT\u00e9l : 03 80 44 65 42\nm\u00e9l : delphine.cherdon@cote-dor.gouv.fr\nARRETE PREFECTORAL n\u00b0 511 du 26 mars 2025\nportant modification de la commission de contr\u00f4le des listes \u00e9lectorales de la commune \nDe COLLONGES ET PREMIERES\nLe Pr\u00e9fet de la r\u00e9gion Bourgogne-Franche-Comt\u00e9\nPr\u00e9fet de la C\u00f4te-d'Or\nVU le code \u00e9lectoral, notamment, ses articles L. 19 et R7 \u00e0 R11 ;\nVU l'arr\u00eat\u00e9 pr\u00e9fectoral n\u00b0107 du 25 f\u00e9vrier 2019 modifi\u00e9 par l'arr\u00eat\u00e9 du 21 mars 2019 portant nomination des\nmembres de la commission de contr\u00f4le des listes \u00e9lectorales dans les communes du d\u00e9partement de la C\u00f4te\nd'Or ;\nVU l'arr\u00eat\u00e9 pr\u00e9fectoral n\u00b029 du 4 janvier 2024 portant renouvellement des commissions de contr\u00f4le des listes\n\u00e9lectorales des communes de l'arrondissement de DIJON ;\nVU la demande de Monsieur le Maire de COLLONGES ET PREMIERES de d\u00e9signer un nouveau membre \u00e0\nla commission de contr\u00f4le des listes \u00e9lectorales de sa commune  en remplacement de Monsieur Michel\nD'ELIA, d\u00e9missionnaire ;\nSUR proposition du Secr\u00e9taire G\u00e9n\u00e9ral de la pr\u00e9fecture de la C\u00f4te d'Or ;\nA R R E T E\nArticle 1er \u2013  Monsieur Claude ROUIF n\u00e9 le 22 ao\u00fbt 1950 \u00e0 ARGENTEUIL SUR ARMANCON (Yonne), conseiller\nmunicipal,  est  nomm\u00e9  membre  \u00e0  la  commission  de  contr\u00f4le  des  listes  \u00e9lectorales  de  la  commune  de\nCOLLONGES ET PREMIERES conform\u00e9ment \u00e0 la p\u00e9riode de validit\u00e9 de l'arr\u00eat\u00e9 pr\u00e9fectoral n\u00b029 du 4 janvier\n2024 mentionn\u00e9 ci-dessus.\nArticle 2 \u2013  Le Secr\u00e9taire G\u00e9n\u00e9ral de la Pr\u00e9fecture de la C\u00f4te d'Or et le maire de COLLONGES ET PREMIERES\nsont charg\u00e9s, chacun en ce qui le concerne, de l'ex\u00e9cution du pr\u00e9sent arr\u00eat\u00e9 qui sera publi\u00e9 au recueil des actes\nadministratifs de la pr\u00e9fecture de la C\u00f4te d'Or.\nFait \u00e0 Dijon, le 26 mars 2025\nLe Pr\u00e9fet,\nPour le Pr\u00e9fet et par d\u00e9l\u00e9gation,\nLe secr\u00e9taire g\u00e9n\u00e9ral\n                                                      Sign\u00e9           Denis BRUEL\nPr\u00e9fecture de la C\u00f4te-d'Or \n53 rue de la Pr\u00e9fecture - 21041 DIJON cedex\nt\u00e9l : 03 80 44 64 00 \nSite internet : http://www.cote-dor.gouv.fr\nPr\u00e9fecture de la C\u00f4te-d'Or - 21-2025-03-26-00003 - Arr\u00eat\u00e9 pr\u00e9fectoral n\u00b0 511 portant modification de la commission de contr\u00f4le des\nlistes \u00e9lectorales de la commune de COLLONGES ET PREMIERES 24","date":"2025-04-04","first_seen_on":"2025-09-14T02:35:10+00:00","id":"3352039dbf65a3b9458d0a30174c79b0540ead08e7e8706780539b8c7d1ba97b","name":"RAA n\u00b0 050 du 04 avril 2025","pdf_creation_date":"2025-04-04T14:11:16+00:00","pdf_modification_date":null,"timezone":"Europe/Paris","url":"https://www.cote-dor.gouv.fr/contenu/telechargement/23081/176130/file/recueil-21-2025-050-recueil-des-actes-administratifs-special.pdf"}
