{"administration":"pref30","administration_name":"Pr\u00e9fecture du Gard","content":"PR\u00c9FET\nDU GARD\nRECUEIL DES ACTES\nADMINISTRATIFS SP\u00c9CIAL\nN\u00b030-2026-011\nPUBLI\u00c9 LE 22 JANVIER 2026\nSommaire\nPrefecture du Gard /\n30-2026-01-21-00007 - Arr\u00eat\u00e9 portant cr\u00e9ation d'une zone\nd'interdiction temporaire de survol du 21/01/2026 au 23/01/2026 sur la\ncommune de La Brugui\u00e8re (2 pages) Page 3\n2\nPrefecture du Gard\n30-2026-01-21-00007\nArr\u00eat\u00e9 portant cr\u00e9ation d'une zone\nd'interdiction temporaire de survol du\n21/01/2026 au 23/01/2026 sur la commune de La\nBrugui\u00e8re\nPrefecture du Gard - 30-2026-01-21-00007 - Arr\u00eat\u00e9 portant cr\u00e9ation d'une zone d'interdiction temporaire de survol du 21/01/2026 au\n23/01/2026 sur la commune de La Brugui\u00e8re 3\nruPREFETDU GARDLibert\u00e9\u00c9galit\u00e9Fraternit\u00e9\nCabinet du Pr\u00e9fet\nDirection des S\u00e9curit\u00e9s\nSIDPC\nArr\u00eat\u00e9\nportant cr\u00e9ation d'une zone d'interdiction temporaire de survol\nLe pr\u00e9fet du Gard\nChevalier de la L\u00e9gion d'honneur,\nOfficier de l'ordre national du M\u00e9rite\nVu le code des transports, notamment les articles L. 6211-5, L. 6232-2, L. 6232-12 et L. 6232-\n13, R. 6211-8 ;\nVu le d\u00e9cret du 13 juillet 2023 nommant M. J\u00e9r\u00f4me BONET, pr\u00e9fet du Gard ;\nVu l'arr\u00eat\u00e9 pr\u00e9fectoral du 18 octobre 2024 n\u00b030-2024-10-18-00005 donnant d\u00e9l\u00e9gation de  \nsignature \u00e0 M. Yann GERARD, secr\u00e9taire g\u00e9n\u00e9ral de la pr\u00e9fecture du Gard, sous-pr\u00e9fet de  \nN\u00eemes ;\nVu l'arr\u00eat\u00e9 pr\u00e9fectoral du 18 octobre 2024 n\u00b030-2024-10-18-00006 donnant d\u00e9l\u00e9gation de  \nsignature \u00e0 M. Mathias NIEPS, sous-pr\u00e9fet, charg\u00e9 de mission aupr\u00e8s du pr\u00e9fet du Gard,  \nsecr\u00e9taire g\u00e9n\u00e9ral adjoint de la pr\u00e9fecture du Gard ;\nVu l'arr\u00eat\u00e9 pr\u00e9fectoral n\u00b0 30-2024-10-18-00009 du 18 octobre 2024 donnant d\u00e9l\u00e9gation de  \nsignature \u00e0 Madame Charlotte EUVRARD, sous-pr\u00e9f\u00e8te, directrice de cabinet du pr\u00e9fet du  \nGard ;\nVu l'avis de la DSAC Sud du 21 janvier 2026 ;\nConsid\u00e9rant la n\u00e9cessit\u00e9 de r\u00e9glementer l'espace a\u00e9rien au-dessus de la commune de La  \nBrugui\u00e8re (30) le 21 janvier 2026 suite \u00e0 l'accident d'h\u00e9licopt\u00e8re survenu ce 21 janvier 2026.\nArr\u00eate :\nArticle 1 : Pour les besoins li\u00e9s \u00e0 la protection des services de l'\u00c9tat il est cr\u00e9\u00e9 une zone  \nd'interdiction temporaire de survol au-dessus de la commune de La Brugui\u00e8re dans le  \nd\u00e9partement du Gard.\nArticle 2 : Caract\u00e9ristiques\nLimites g\u00e9ographiques :\nCercle  de  2  Mille  nautiques  (3,7 km)  de  rayon,  centr\u00e9  sur  le  point  de  coordonn\u00e9es \ng\u00e9ographiques 44\u00b0 05' 31'' N. - 004\u00b0 25' 50'' E., s'\u00e9tendant du sol \u00e0 une hauteur de 3  300 ft \n(1000 m\u00e8tres).\nHoraires d'activation :\nDu 21 janvier 2026 23h59 heure locale au 23 janvier 2026 \u00e0 23h59 locale.\nArticle 3 : Conditions de p\u00e9n\u00e9tration\nPrefecture du Gard - 30-2026-01-21-00007 - Arr\u00eat\u00e9 portant cr\u00e9ation d'une zone d'interdiction temporaire de survol du 21/01/2026 au\n23/01/2026 sur la commune de La Brugui\u00e8re 4\nLe contournement de la zone est obligatoire pour les a\u00e9ronefs en CAG ou en CAM, y-\ncompris les a\u00e9ronefs sans \u00e9quipage \u00e0 bord, sauf pour les a\u00e9ronefs  suivants : a\u00e9ronefs civils \nou militaires r\u00e9alisant une op\u00e9ration de s\u00e9curit\u00e9 publique, de secours ou d'assistance.\nLa zone interdite temporaire se substitue aux espaces a\u00e9riens avec lesquels elle interf\u00e8re.  \n\u00c0 l'int\u00e9rieur de la zone interdite temporaire, les organismes de la circulation a\u00e9rienne  \nhabituels continuent d'assurer, aux usagers autoris\u00e9s \u00e0 p\u00e9n\u00e9trer, les services associ\u00e9s aux  \nclasses des espaces a\u00e9riens avec lesquels elle interf\u00e8re.\nArticle 4 : Les dispositions du pr\u00e9sent arr\u00eat\u00e9 sont port\u00e9es \u00e0 la connaissance des usagers de \nl'espace a\u00e9rien par la voie de l'information a\u00e9ronautique.\nArticle 5  : Les commandants de bord et les t\u00e9l\u00e9pilotes des a\u00e9ronefs en infraction sont  \nsusceptibles de se voir appliquer les dispositions pr\u00e9vues aux articles L. 6211-4, L. 6211-5 et  \nL. 6232-2 du code des transports.\nArticle 7  : Le Directeur de la S\u00e9curit\u00e9 de l'Aviation Civile Sud et le Chef du Service de la  \nNavigation  A\u00e9rienne  Sud-Sud-Est  sont  charg\u00e9s,  chacun  en  ce  qui  le  concerne,  de \nl'ex\u00e9cution du pr\u00e9sent arr\u00eat\u00e9 qui sera publi\u00e9 au recueil des actes administratifs de la  \nPr\u00e9fecture du d\u00e9partement du Gard.\nLe pr\u00e9fet,\nPour le pr\u00e9fet et par d\u00e9l\u00e9gation,\nLe sous-pr\u00e9fet,\nSecr\u00e9taire g\u00e9n\u00e9ral adjoint de la pr\u00e9fecture\nPrefecture du Gard - 30-2026-01-21-00007 - Arr\u00eat\u00e9 portant cr\u00e9ation d'une zone d'interdiction temporaire de survol du 21/01/2026 au\n23/01/2026 sur la commune de La Brugui\u00e8re 5","date":"2026-01-22","first_seen_on":"2026-01-21T23:15:12+00:00","id":"33e37c91e9596a9b29e07a0d69df44fa02c83f1ac4a5bd4a7b46a28924895f51","name":"recueil-30-2026-011-recueil-des-actes-administratifs-special","pdf_creation_date":"2026-01-21T23:01:59+00:00","pdf_modification_date":null,"timezone":"Europe/Paris","url":"https://www.gard.gouv.fr/contenu/telechargement/66615/489978/file/recueil-30-2026-011-recueil-des-actes-administratifs-special.pdf"}
