{"administration":"pref80","administration_name":"Pr\u00e9fecture de la Somme","content":"PR\u00c9FET\nDE LA SOMME\nRECUEIL DES ACTES\nADMINISTRATIFS\nN\u00b02025-004\nPUBLI\u00c9 LE  6 JANVIER 2025\nSommaire\nDirection d\u00e9partementale de l'emploi, du travail et des solidarit\u00e9s de\nla Somme (DDETS Somme) /\n80-2024-12-30-00003 - 2024 AR programmation2025-2029 \u00e9vals ES-1 (5\npages) Page 3\nMaison d'Arr\u00eat d'Amiens /\n80-2025-01-01-00001 - Arr\u00eat\u00e9 CSA 01 01 2025 (2 pages) Page 9\nPr\u00e9fecture de la Somme - SCPI /\n80-2025-01-06-00001 - Arr\u00eat\u00e9 portant d\u00e9l\u00e9gation de signature \u00e0 M.\nPhiliipe DESTABLE, inspecteur d'acad\u00e9mie, directeur acad\u00e9mique des\nservices de l'\u00c9ducation Nationale de la Somme (2 pages) Page 12\n2\nDirection d\u00e9partementale de l'emploi, du travail\net des solidarit\u00e9s de la Somme (DDETS Somme)\n80-2024-12-30-00003\n2024 AR programmation2025-2029 \u00e9vals ES-1\nDirection d\u00e9partementale de l'emploi, du travail et des solidarit\u00e9s de la Somme (DDETS Somme) - 80-2024-12-30-00003 - 2024 AR\nprogrammation2025-2029 \u00e9vals ES-1 3\nPREFET  Direction  d\u00e9partementale  de l'emploi\nDE LA SOMME  du travail  et des solidarit\u00e9s  de la Somme\n\u00c9valt\u00e9\nFraternit\u00e9\nARR\u00caT\u00c9\nportant  actualisation  pour  la p\u00e9riode  2025-2029  de la programmation  des \u00e9valuations  de la\nqualit\u00e9  des \u00e9tablissements  et des services  sociaux  et m\u00e9dico-sociaux  relevant  du c) de\nl'article  L.313-3  du code  de l'action  sociale  et des familles  pour  les ann\u00e9es  2025  \u00e0 2029\nLE PR\u00c9FET  DE LA SOMME\nCHEVALIER  DE LA L\u00c9GION  D'HONNEUR\nVu le code  de l'action  sociale  et des familles  et notamment  ses articles  L.312-1,  L.312-8  et D.312-204  ;\nVu le d\u00e9cret  n\u00b02004-374  du 29 avril  2004  modifi\u00e9  relatif  aux pouvoirs  des pr\u00e9fets,  \u00e0 l'organisation  et \u00e0\nl'action  des services  et organismes  de l'\u00c9tat  dans  les r\u00e9gions  et d\u00e9partements  ;\nVu le d\u00e9cret  n\u00b02021-1476  du 12 novembre  2021  modifi\u00e9  relatif  au rythme  des \u00e9valuations  de la qualit\u00e9\ndes \u00e9tablissements  et services  sociaux  et m\u00e9dico-sociaux  ;\nVu le d\u00e9cret  du 13 juillet  2023  portant  nomination  de M. Rollon  MOUCHEL-BLAISOT,  pr\u00e9fet  de la\nSomme  ;\nVu l'instruction  n\u00b0 DGCS/SD5B/2023/91  du 28 juin  2023  relative  \u00e0 la mise  en \u0153uvre  de l'\u00e9valuation  des\nactivit\u00e9s  et de la qualit\u00e9  des prestations  d\u00e9livr\u00e9es  dans  les \u00e9tablissements  et services  sociaux  et\nm\u00e9dico-sociaux\nVu l'arr\u00eat\u00e9  n\u00b0 80-2022-12-02-00003  du 22 d\u00e9cembre  2022  portant  programmation  des \u00e9valuations  de la\nqualit\u00e9  des \u00e9tablissements  et des services  sociaux  et m\u00e9dico-sociaux  relevant  du c) de l'article  L.313-3\ndu code  de l'action  sociale  et des familles  pour  les ann\u00e9es  2023  \u00e0 2027  ;\nSur proposition  de la directrice  d\u00e9partementale  de l'emploi,  du travail  et des solidarit\u00e9s,\nARR\u00caTE\nArticle  ter. - La programmation  pluriannuelle,  pr\u00e9vue  \u00e0 l'article  D.312-204  du code  susvis\u00e9,  des\n\u00e9ch\u00e9ances  pr\u00e9visionnelles  de transmission,  \u00e0 l'autorit\u00e9  en charge  de leur autorisation,  des rapports\nd'\u00e9valuation  des \u00e9tablissements  et services  sociaux  et m\u00e9dico-sociaux  dont  l'autorisation  est d\u00e9livr\u00e9e\nconform\u00e9ment  au c) de l'article  L.313-3  du m\u00eame  code  est annex\u00e9e  au pr\u00e9sent  arr\u00eat\u00e9.\nArticle  2. - Conform\u00e9ment  \u00e0 l'article  2 du d\u00e9cret  n\u00b02021-1476  du 12 novembre  2021  susvis\u00e9,  la\nprogrammation  pr\u00e9vue  \u00e0 l'article  1 du pr\u00e9sent  arr\u00eat\u00e9  porte  sur la p\u00e9riode  du 1* janvier  2025  au 31\nd\u00e9cembre  2029.\nCette  programmation  peut  \u00e9tre  modifi\u00e9e  notamment  pour  tenir  compte  de changements  intervenus\ndans  la situation  des \u00e9tablissements  et services  concern\u00e9s.\nArticle  3.- Le pr\u00e9sent  arr\u00eat\u00e9  est susceptible  de faire  l'objet  d'un  recours  contentieux,  dans  un d\u00e9lai  de\ndeux  mois  \u00e0 compter  de sa publication,  devant  le tribunal  administratif  d'Amiens  (14 rue Lemerchier  -\n80000  Amiens)  qui peut  \u00eatre  saisi  via l'application  \u00ab T\u00e9l\u00e9recours  citoyen  \u00bb accessible  via le site internet\nwww.telerecours.fr.\nDirection d\u00e9partementale de l'emploi, du travail et des solidarit\u00e9s de la Somme (DDETS Somme) - 80-2024-12-30-00003 - 2024 AR\nprogrammation2025-2029 \u00e9vals ES-1 4\nArticle  4- L'arr\u00eat\u00e9  pr\u00e9fectoral  du 22 d\u00e9cembre  susvis\u00e9  est abrog\u00e9.\nArticle  5.- Le secr\u00e9taire  g\u00e9n\u00e9ral  de la pr\u00e9fecture  de la Somme  et la directrice  d\u00e9partementale  de\nl'emploi,  du travail  et des solidarit\u00e9s,  sont  charg\u00e9s  chacun  en ce qui le concerne,  de l'ex\u00e9cution  du\npr\u00e9sent  arr\u00eat\u00e9  qui sera publi\u00e9  au recueil  des actes  administratifs  de la pr\u00e9fecture  de la Somme.\nAmiens,  le 3 0 DEC.  2024\nLe pr\u00e9fet,\nRollon  MOUCHEL-BLAISOT\nDirection d\u00e9partementale de l'emploi, du travail et des solidarit\u00e9s de la Somme (DDETS Somme) - 80-2024-12-30-00003 - 2024 AR\nprogrammation2025-2029 \u00e9vals ES-1 5\nL6t+00008 VI11VOD Hdd 9b8SZ80S/ vI11VO9 \u00b0nseuULA eu8L9\u20ac00008 VI11VO9 vVav2 9b8S2Z806/ vI11VO991}S8W11} WE60LOZ0008 sulasnSny 597 101,1 SUHO +89+080S/ 301] 112N29Y,P UOsIEWLL8500008 18IJINUL 301,1 SYHD +89+080S/| 101] |I8n29Y,p suosIeW8LZZLO008| Ld -seunal yuswaso) suai 978S780SZ VITIWOD 911S9W1J3 BWaZ6888L0008 Lf4 - SU1091 e| souapisoy 0975000720 UOIJOWO id 38 [182982+\u00a300008 SINIYdY Va SS0\u00a300008 SINIUdV S202L60SLO008 SYHO \u20ac80SL0008 snvan\u20ac\u20acZE00008 LIOL 21 SYHO Z8LLO0008 LIOL 21\u20ac9ZZ00008 AUSAY SYHD Z90L00008 YINSAV SEASONS: sb682600008 SI|21 3] SYHD SS0\u00a300008 SINIUdYvLLZ00008 dVdV SYHD vO9LO0008 dWdV8SZ\u20ac00008 sapliedsay sa] SYUHD O6LLOO008 VNIOVonbryde18038 (exnpnns e] ap wou)\u2014 | anbipiinf ssaurX oN 2[PD0S uosIey oddezr woddeaSSOULTON 2[PD0S uosre TT ' \u00b0 \u00b0[el rey np woisstwsue.x ap np uolssiusue.n2PEISAUEN aueayy ap souSJU132U09 SIAISSH No SINSA aTeUUON Sas auIsTUes1C | eeSWWUOS e] ap Jajasd a] Jed sasisoyne xneid0s-09!pP9ui NO XNE130$ sjUsWass!|qejs sap Uoljen|eA9 Oz saiauef ,,.L np UOMeWWeIZOId e] e sAnejoy2,P sysoddei sap uoissiusuel ap 6z0z 91qW9929P LE ne szaxouuy\nDirection d\u00e9partementale de l'emploi, du travail et des solidarit\u00e9s de la Somme (DDETS Somme) - 80-2024-12-30-00003 - 2024 AR\nprogrammation2025-2029 \u00e9vals ES-1 6\n84}S9W11Y SWdap91}S9WII} SWZE31}S9 WII} BWaZ PAUL91}S9WI7 19Lanbrude13023S (@mpnans PB] ap wou)can ' anbiprinf ssautq oN 2[PD0S uosiey woddea ywoddeazHN _ 21ED0S UOSIEY np UOISSILISUE]) ap np UOISSIUISUEP.I)2[PIHISSUIEN JOUPIHA ap aauuySUI32U02 SIASSH No SINSA 2IIPUUOI)S28 IUISTUeS.IO91}S9 WI} op91}S9Wl} 99\u20ac91}S8 WII} SW97Z 9202_ LELLZO008 vavo LLS8080S/ VWOav B4}SaWI 191anbiydeasoas (@xmpnns e] ap urou)SSI NT anbrprnf ssaur x oN 2[P10S UOSIPY uoddex woddea2[ED0S uosiey np uolsstuisue. ap np UOISSIUISUE.TI]2TPHISUET) SUP A op SJuuYSJUTIIU0) SIMNSSAH No SINSH2ITPUUOTS38 JUISIUPBIQ\nDirection d\u00e9partementale de l'emploi, du travail et des solidarit\u00e9s de la Somme (DDETS Somme) - 80-2024-12-30-00003 - 2024 AR\nprogrammation2025-2029 \u00e9vals ES-1 7\nUO!IJOW Od, 19 |IONDIV HddZ6r0c0008 092S000\u20ac0 UONOW Odd 38 [180997L60SL0008 SYHID \u20ac80SL0008 snvan0/8r10008| uewe80] sUILUY SYHO 9+8S780S/ VIT1YO9 seeinOL6S00008 ISUSIWN 8S1N071 SYHD 978Sc80S/ VITIVOD\ndijSeW} awWaE34}S9 W111} SW9Z 6c0\u00a2LI SUIS 94}SSWI} JOLSLZ8LO008 SLV WdIWS ZOZ8L0008 | e] ap asleja3N} UOIJeIDOSsSYanbiyde130a3 (e2npnns PE] ap wou) |SCaTIEY ke anbipranf ssaur oN 2[PD0S uosiey odder 10ddextHoN 912108 UOsTey np UOIssitsue.} ap np UOISSIUISUE.T)I[JPLISIWII wuUeIyIy ap suuySaUtadU09 SISSY No SISA 31PUUONSI$ suIsTUeSIOLEZ8LO008 AVGN 4d 6E7CLOOOS8 SULUOS E] sp VGN\u20acZZ8L0008 AVON. 2P WdIWS 6EZZLOOO SWWOS e] 8P WAN 9435911} Way91}S9WII} BWaE 8\u20ac0c91}S9 WII} 22791}SOUUI} Jdonbryde13098 (e@mpnxus e] ap wou)' anbrpun\u00a3 ssaurx oN 2[PD0S uosiey oddezr odderSSOUTHON 2[PDOS uosre oe[e! rey np UOoIssiwisue. ap np uolssiwsuenSP ENSSUN) sueIyIy op sauuySIU199U09 SINSSH no SINSHIIIEUUONSad IUISTUeSIO\nDirection d\u00e9partementale de l'emploi, du travail et des solidarit\u00e9s de la Somme (DDETS Somme) - 80-2024-12-30-00003 - 2024 AR\nprogrammation2025-2029 \u00e9vals ES-1 8\nMaison d'Arr\u00eat d'Amiens\n80-2025-01-01-00001\nArr\u00eat\u00e9 CSA 01 01 2025\nMaison d'Arr\u00eat d'Amiens - 80-2025-01-01-00001 - Arr\u00eat\u00e9 CSA 01 01 2025 9\nREPUBLIQUE  FRANCAISE\nMinist\u00e8re  de la justice\nArr\u00eat\u00e9  du 1 janvier  2025\nfixant  la liste  des repr\u00e9sentants  si\u00e9geant  au sein  de la formation  sp\u00e9cialis\u00e9e  du comit\u00e9\nsocial  d'administration  de la MAISON  D'ARRET  D'AMIENS\nLe garde  des  sceaux,  ministre  de la justice,\nVu le code  g\u00e9n\u00e9ral  de la fonction  publique,\nVu le d\u00e9cret  n\u00b0 2020-1427  du 20 novembre  2020  modifi\u00e9  relatif  aux comit\u00e9s  sociaux\nd'administration  dans  les administrations  et les \u00e9tablissements  publics  de |' Etat  ;\nVu l'arr\u00eat\u00e9  du 25 avril  2022  modifi\u00e9  portant  cr\u00e9ation  des comit\u00e9s  sociaux  d'administration\nrelevant  du minist\u00e8re  de la justice  ;\nVu l'arr\u00eat\u00e9  du 16 d\u00e9cembre  2022  fixant  la liste  des organisations  syndicales  et de leurs\nrepr\u00e9sentants  aptes  \u00e0 si\u00e9ger  au sein  du comit\u00e9  social  d'administration  de la Maison  d' Arr\u00e9t\nd'Amiens  ;\nVu les d\u00e9signations  de repr\u00e9sentants  titulaires  et suppl\u00e9ants  au sein  de la formation  sp\u00e9cialis\u00e9e\ndu comit\u00e9  social  d'administration  de la Maison  d'Arr\u00eat  d'Amiens,  auxquelles  ont proc\u00e9d\u00e9  les\norganisations  syndicales  si\u00e9geant  au sein  de ce comit\u00e9,  conform\u00e9ment  aux  dispositions  de\nl'article  24 du d\u00e9cret  n\u00b0 2020-1427  du 20 novembre  2020  susvis\u00e9,\nArr\u00eate  :\nArticle  1\nLa liste  des repr\u00e9sentants  titulaires  et suppl\u00e9ants  si\u00e9geant  au sein  de la formation  sp\u00e9cialis\u00e9e  du\ncomit\u00e9  social  d'administration  de la Maison  d' Arr\u00eat  d' Amiens  est fix\u00e9e  comme  suit  :\nORGANISATIONS  MEMBRE(S)  MEMBRE(S)\nSYNDICALES  TITULAIRE(S)  SUPPLEANT(S)\nM. LEBOUCHER  Luc  M. RAOULT  Vincent\nFORCE  OUVRI\u00c8RE  JUSTICE  M. LEFEVRE  Fr\u00e9d\u00e9ric  M. OUNANE  Joachim\nUFAP/UNSA  JUSTICE  M. BASCOP  Matthieu  M. SEEUWS  Arnaud\nCFDT  M. STROZYK  J\u00e9r\u00f4me  M. BREUIL  Vincent\nMaison d'Arr\u00eat d'Amiens - 80-2025-01-01-00001 - Arr\u00eat\u00e9 CSA 01 01 2025 10\nArticle  2\nLes  membres  titulaires  et suppl\u00e9ants  sont  nomm\u00e9s  pour  un mandat  de quatre  ans soit jusqu'au\n31 d\u00e9cembre  2026.\nArticle  3\nLe Chef  d'\u00e9tablissement  de la Maison  d' Arr\u00e9t  d' Amiens  est charg\u00e9  de l'application  du pr\u00e9sent\narr\u00eat\u00e9,  qui sera  publi\u00e9  au recueil  des actes  administratifs  de la Pr\u00e9fecture  de la Somme.\nFait  \u00e0 Amiens,  Je 1\u00b0 janvier  2025\nMaison d'Arr\u00eat d'Amiens - 80-2025-01-01-00001 - Arr\u00eat\u00e9 CSA 01 01 2025 11\nPr\u00e9fecture de la Somme - SCPI\n80-2025-01-06-00001\nArr\u00eat\u00e9 portant d\u00e9l\u00e9gation de signature \u00e0 M.\nPhiliipe DESTABLE, inspecteur d'acad\u00e9mie,\ndirecteur acad\u00e9mique des services de\nl'\u00c9ducation Nationale de la Somme\nPr\u00e9fecture de la Somme - SCPI - 80-2025-01-06-00001 - Arr\u00eat\u00e9 portant d\u00e9l\u00e9gation de signature \u00e0 M. Philiipe DESTABLE, inspecteur\nd'acad\u00e9mie, directeur acad\u00e9mique des services de l'\u00c9ducation Nationale de la Somme 12\nPREFET\nDE LA SOMME\nLibert\u00e9\nEgalit\u00e9\nFraternit\u00e9\nARRETE\nportant  d\u00e9l\u00e9gation  de signature  a M. Philippe  DESTABLE,  inspecteur  d'acad\u00e9mie,\ndirecteur  acad\u00e9mique  des services  de l'\u00c9ducation  Nationale  de la Somme\nLE PR\u00c9FET  DE LA SOMME\nCHEVALIER  DE LA L\u00c9GION  D'HONNEUR\nVU le code  g\u00e9n\u00e9ral  des collectivit\u00e9s  territoriales  ;\nVU la loi du 14 juin  1854  sur l'instruction  publique  ;\nVU la loi n\u00b082-213  du 2 mars  1982  modifi\u00e9e  relative  aux droits  et libert\u00e9s  des communes,  des\nd\u00e9partements  et des  r\u00e9gions;\nVU la loi d'orientation  n\u00b092-125  du 6 f\u00e9vrier  1992  modifi\u00e9e  relative  \u00e0 l'administration\nterritoriale  de la R\u00e9publique  ;\nVU la loi n\u00b02004-809  du 13 ao\u00fbt  2004  relative  aux libert\u00e9s  et responsabilit\u00e9s  locales  et\nnotamment  son  article  132  ;\nVU le d\u00e9cret  n\u00b097-34  du 15 janvier  1997  relatif  \u00e0 la d\u00e9concentration  des d\u00e9cisions\nadministratives  individuelles  ;\nVU le d\u00e9cret  n\u00b02004-374  du 29 avril  2004  modifi\u00e9  relatif  aux pouvoirs  des pr\u00e9fets,  \u00e0\nl'organisation  et \u00e0 l'action  des services  de l'\u00c9tat  dans  les r\u00e9gions  et d\u00e9partements  ;\nVU le d\u00e9cret  n\u00b02015-510  du 7 mai 2015  modifi\u00e9  portant  charte  de la d\u00e9concentration  ;\nVU le d\u00e9cret  du 13 juillet  2023  portant  nomination  du pr\u00e9fet  de la Somme,  M. Rollon\nMOUCHEL-BLAISOT  \u00e0 compter  du 24 juillet  2023  ;\nVu le d\u00e9cret  du 16 d\u00e9cembre  2024  portant  nommination  de M. Philippe  DESTABLE,  directeur\nacad\u00e9mique  des services  de l'\u00e9ducation  nationale  de la Somme  ;\nVU l'arr\u00eat\u00e9  minist\u00e9riel  du 6 mai 2024  portant  nomination  de Madame  Annabelle  ARIES  en\nqualit\u00e9  de Secr\u00e9taire  g\u00e9n\u00e9rale  de la Direction  des Services  D\u00e9partementaux  de |' \u00c9ducation\nNationale  de la Somme  ;\nVU l'arr\u00eat\u00e9  pr\u00e9fectoral  du 13 novembre  2024  portant  d\u00e9l\u00e9gation  de signature  \u00e0 Mne  Nathalie\nSIMONET,  directrice  acad\u00e9mique  des services  de l'\u00e9ducation  nationale  de la Somme  par\nint\u00e9rim  ;\nSUR  proposition  du secr\u00e9taire  g\u00e9n\u00e9ral  de la pr\u00e9fecture  de la Somme  ;\nARR\u00caTE\nPr\u00e9fecture de la Somme - SCPI - 80-2025-01-06-00001 - Arr\u00eat\u00e9 portant d\u00e9l\u00e9gation de signature \u00e0 M. Philiipe DESTABLE, inspecteur\nd'acad\u00e9mie, directeur acad\u00e9mique des services de l'\u00c9ducation Nationale de la Somme 13\nArticle  1\u00b0\":\nA compter  du 6 janvier  2025,  d\u00e9l\u00e9gation  est donn\u00e9e  a M. Philippe  DESTABLE,  directeur\nacad\u00e9mique  des services  de l'\u00c9ducation  Nationale  de la Somme,  \u00e0 l'effet  de signer,  dans  le\ncadre  de ses attributions  et comp\u00e9tences,  les d\u00e9cisions,  contrats,  conclusions  \u00e0 l'exclusion  :\n- des correspondances  destin\u00e9es  aux administrations  centrales,  aux parlementaires,  au\npr\u00e9sident  du Conseil  D\u00e9partemental  et au pr\u00e9sident  du Conseil  R\u00e9gional  des Hauts-de-France\nlorsqu'elles  n'ont  pas le caract\u00e8re  de correspondances  relatives  \u00e0 la gestion  courante  ou au\nfonctionnement  du service  ;\n- des actes,  d\u00e9cisions  et correspondances  relatifs  \u00e0 l'exercice  du contr\u00f4le  de l\u00e9galit\u00e9  des\ncoll\u00e8ges  de la Somme.\nArticle  2\nEn cas d'absence  ou d'emp\u00eachement  de M. Philippe  DESTABLE,  directeur  acad\u00e9mique  des\nservices  de l'\u00c9ducation  Nationale  de la Somme,  la d\u00e9l\u00e9gation  de signature  qui lui est conf\u00e9r\u00e9e\n\u00e0 l'article  1er du pr\u00e9sent  arr\u00eat\u00e9  sera  exerc\u00e9e  par Mme  Anabelle  ARIES,  secr\u00e9taire  g\u00e9n\u00e9rale  de la\ndirection  des services  d\u00e9partementaux  de l'\u00c9ducation  Nationale  de la Somme.\nM. Philippe  DESTABLE  peut  \u00e9galement  subd\u00e9l\u00e9guer  sa signature  aux collaborateurs  qu'il  aura\nd\u00e9sign\u00e9s  par arr\u00eat\u00e9,  pour  les domaines  relevant  de leur  activit\u00e9  au sein  du service.\nArticle  3\nL'arr\u00eat\u00e9  pr\u00e9fectoral  du 13 novembre  2024  susvis\u00e9  est abrog\u00e9  \u00e0 compter  du 6 janvier  2025.\nArticle  4\nLe secr\u00e9taire  g\u00e9n\u00e9ral  de la pr\u00e9fecture  de la Somme  et le directeur  acad\u00e9mique  des services  de\nl'\u00c9ducation  Nationale  de la Somme,  sont  charg\u00e9s,  chacun  en ce qui le concerne,  de l'ex\u00e9cution\ndu pr\u00e9sent  arr\u00eat\u00e9  qui sera  publi\u00e9  au recueil  des actes  administratifs  de la pr\u00e9fecture  de la\nSomme.\nay ANT\neh \"3433  ce\nhey  Fiti  '\nes> vine\"\nAmiens,  le =\nLe pr\u00e9fet\nRollon  MOUCHEL-BLAISOT\nPr\u00e9fecture de la Somme - SCPI - 80-2025-01-06-00001 - Arr\u00eat\u00e9 portant d\u00e9l\u00e9gation de signature \u00e0 M. Philiipe DESTABLE, inspecteur\nd'acad\u00e9mie, directeur acad\u00e9mique des services de l'\u00c9ducation Nationale de la Somme 14","date":"2025-01-06","first_seen_on":"2025-01-06T17:22:37+00:00","id":"34058c1ee33ebcf01348f780f9c901cde8919d3ff493c3f9fc6580a6fa0165e5","name":"RAA n\u00b04 sp\u00e9cial du 06 janvier 2025","pdf_creation_date":"2025-01-06T16:06:08+00:00","pdf_modification_date":null,"timezone":"CET","url":"https://www.somme.gouv.fr/contenu/telechargement/50593/335884/file/recueil-2025-004-recueil-des-actes-administratifs.pdf"}
