{"administration":"pref75","administration_name":"Pr\u00e9fecture de Paris","content":"PREFECTURE\nDE PARIS\nRECUEIL DES ACTES\nADMINISTRATIFS SP\u00c9CIAL\n(NOMINATIFS)\nN\u00b075-2026-102\nPUBLI\u00c9 LE 18 F\u00c9VRIER 2026\nSommaire\nDirection r\u00e9gionale et interd\u00e9partementale de l'environnement, de\nl'am\u00e9nagement et des transports d'\u00cele-de-France / P\u00f4le\nplanification urbanisme am\u00e9nagement durable\n75-2026-02-17-00005 - Arr\u00eat\u00e9 interpr\u00e9fectoral modifiant l'arr\u00eat\u00e9\ninterpr\u00e9fectoral n\u00b075-2024-02-06-00003 du 6 f\u00e9vrier 2024 portant\nrenouvellement et modification de la commission consultative de\nl'environnement de l'h\u00e9liport de Paris - Issy-les-Moulineraux  (4 pages) Page 3\nPr\u00e9fecture de la R\u00e9gion d'Ile de France, Pr\u00e9fecture de Paris  /\nCabinet/Service de la repr\u00e9sentation de l'\u00c9tat\n75-2026-02-18-00007 - Arr\u00eat\u00e9 pr\u00e9fectoral donnant autorisation\nd'apposer une plaque comm\u00e9morative\nen hommage \u00e0 la famille\nCHAJET,\nsur la fa\u00e7ade du b\u00e2timent situ\u00e9 64 rue Quincampoix, Paris\n4\u00e8me (2 pages) Page 8\n75-2026-02-17-00011 - Arr\u00eat\u00e9 pr\u00e9fectoral donnant autorisation\nd'apposer une plaque comm\u00e9morative \nen hommage \u00e0 Maurice\nALLAIS, sur la fa\u00e7ade du b\u00e2timent situ\u00e9 83 rue Didot \u00e0 Paris 14\u00e8me\n\n (2 pages) Page 11\n2\nDirection r\u00e9gionale et interd\u00e9partementale de\nl'environnement, de l'am\u00e9nagement et des\ntransports d'\u00cele-de-France\n75-2026-02-17-00005\nArr\u00eat\u00e9 interpr\u00e9fectoral modifiant l'arr\u00eat\u00e9\ninterpr\u00e9fectoral n\u00b075-2024-02-06-00003 du 6\nf\u00e9vrier 2024 portant renouvellement et\nmodification de la commission consultative de\nl'environnement de l'h\u00e9liport de Paris -\nIssy-les-Moulineraux \nDirection r\u00e9gionale et interd\u00e9partementale de l'environnement, de l'am\u00e9nagement et des transports d'\u00cele-de-France -\n75-2026-02-17-00005 - Arr\u00eat\u00e9 interpr\u00e9fectoral modifiant l'arr\u00eat\u00e9 interpr\u00e9fectoral n\u00b075-2024-02-06-00003 du 6 f\u00e9vrier 2024 portant\nrenouvellement et modification de la commission consultative de l'environnement de l'h\u00e9liport de Paris - Issy-les-Moulineraux \n3\nzsPREFET |DE LA REGIOND'ILE-DE-FRANCELibert\u00e9Egalit\u00e9Fraternit\u00e9\nDirection r\u00e9gionale et interd\u00e9partementale de\nl'Environnement, de l'Am\u00e9nagement et\ndes Transports d'\u00cele-de-France\nUnit\u00e9 d\u00e9partementale de Paris\nARR\u00caT\u00c9 INTERPR\u00c9FECTORAL NO \nmodifiant l'arr\u00eat\u00e9 interpr\u00e9fectoral n\u00b075-2024-02-06-00003 du 6 f\u00e9vrier 2024 portant renouvelle-\nment et modification de la commission consultative de l'environnement de l'h\u00e9liport de Paris \u2013\nIssy-les-Moulineaux\nLe pr\u00e9fet de la r\u00e9gion d'\u00cele-de-France\npr\u00e9fet de Paris\nCommandeur de la l\u00e9gion d'honneur\nCommandeur de l'ordre national du m\u00e9rite\nLe pr\u00e9fet des Hauts-de-Seine\nChevalier de l'ordre national du m\u00e9rite\nVu le code de l'environnement et notamment ses articles L.571-13 et R.571-70 \u00e0 80\u00a0;\nVu l'arr\u00eat\u00e9 interpr\u00e9fectoral n\u00b0 90\u2013175 du 7 mars 1990, modifi\u00e9, portant cr\u00e9ation de la commission\nconsultative de l'environnement de l'h\u00e9liport de Paris \u2013 Issy-les-Moulineaux\u00a0;\nVu l'arr\u00eat\u00e9 interpr\u00e9fectoral n\u00b0 75-2024-02-06-00003 du 6 f\u00e9vrier 2024 portant renouvellement et\nmodification de la commission consultative de l'environnement de l'h\u00e9liport de Paris \u2013 Issy-les-\nMoulineaux\u00a0;\nConsid\u00e9rant qu'en application de l'article 4 de l'arr\u00eat\u00e9 du 6 f\u00e9vrier 2024\u00a0:\nUnit\u00e9 D\u00e9partementale de l'\u00c9quipement et de l'Am\u00e9nagement de Paris\n5, rue Leblanc \u2013  75\u00a0911 PARIS Cedex 15\nT\u00e9l\u00a0: 01 82 52 51 51\nwww.driea.ile-de-france.developpement-durable.gouv.fr 1/4\nDirection r\u00e9gionale et interd\u00e9partementale de l'environnement, de l'am\u00e9nagement et des transports d'\u00cele-de-France -\n75-2026-02-17-00005 - Arr\u00eat\u00e9 interpr\u00e9fectoral modifiant l'arr\u00eat\u00e9 interpr\u00e9fectoral n\u00b075-2024-02-06-00003 du 6 f\u00e9vrier 2024 portant\nrenouvellement et modification de la commission consultative de l'environnement de l'h\u00e9liport de Paris - Issy-les-Moulineraux \n4\n\u2022 La dur\u00e9e du mandat des membres repr\u00e9sentant les professions a\u00e9ronautiques et des\nassociations de riverains et de d\u00e9fense de l'environnement est de trois ans. Ce mandat\nprend fin si son titulaire perd la qualit\u00e9 au titre de laquelle il a \u00e9t\u00e9 d\u00e9sign\u00e9.\n\u2022 Le mandat des repr\u00e9sentants des collectivit\u00e9s territoriales s'ach\u00e8ve avec le mandat des\nassembl\u00e9es auxquelles ils appartiennent.\n\u2022 Toute personne d\u00e9sign\u00e9e pour remplacer un membre en cours de mandat l'est pour la\np\u00e9riode restant \u00e0 courir jusqu'au terme de son mandat.\nSur  proposition de la pr\u00e9f\u00e8te, directrice de cabinet du pr\u00e9fet de la r\u00e9gion d'\u00cele-de-France,\npr\u00e9fet de Paris\u00a0;\nARR\u00caTE\nARTICLE 1\nL'article 1er de l'arr\u00eat\u00e9 interpr\u00e9fectoral du 6 f\u00e9vrier 2024 susvis\u00e9 portant renouvellement et\nmodification de la commission consultative de l'environnement de l'h\u00e9liport de Paris \u2013 Issy-les-\nMoulineaux est modifi\u00e9 comme suit\u00a0:\n- dans les  repr\u00e9sentants des collectivit\u00e9s territoriales\u00bb - M\u00e9tropole du Grand Paris, les mots\u00a0: \n\u00ab\u00a0Suppl\u00e9ant : M. Bernard GAUDUCHEAU\u00a0\nSuppl\u00e9ante\u00a0: Mme Marion PARISET \u00bb \nsont remplac\u00e9s par les mots\u00a0: \n\u00ab\u00a0Suppl\u00e9ante\u00a0: Mme Xavi\u00e8re MARTIN\nSuppl\u00e9ante\u00a0: Mme Claire de CLERMONT-TONNERRE\u00a0\u00bb\n- dans les repr\u00e9sentants des associations de riverains et de  d\u00e9fense de l'environnement  -\nComit\u00e9s de sauvegarde des sites de Meudon (CSSM), les mots \u00ab \u00a0Suppl\u00e9ant\u00a0: M. Jean-Baptiste\nDELAPORTE\u00a0\u00bb sont remplac\u00e9s par les mots \u00ab\u00a0Suppl\u00e9ant\u00a0: M. Jean-Michel LEBRETON\u00a0\u00bb,\n- dans les repr\u00e9sentants des associations de riverains et de  d\u00e9fense de l'environnement  -\nPlateforme  des  associations  parisiennes  d'habitants,  les  mots  \u00ab \u00a0Suppl\u00e9ant\u00a0:  M.  Jean-Marie\nBLOT\u00a0\u00bb sont remplac\u00e9s par les mots \u00ab\u00a0Suppl\u00e9ant\u00a0: M. G\u00e9rard ROUBICHOU\u00a0\u00bb,\n-  dans  les  r epr\u00e9sentants  des  professions  a\u00e9ronautiques  -  repr\u00e9sentants  des  usagers  de\nl'h\u00e9liport, les mots\u00a0:\n\u00ab\u00a0Titulaire\u00a0: M. Thierry COUDERC\nTitulaire\u00a0: Mme Rebecca MOREAU\nSuppl\u00e9ant\u00a0: M. Christophe ROSSET \nUnit\u00e9 D\u00e9partementale de l'\u00c9quipement et de l'Am\u00e9nagement de Paris\n5, rue Leblanc \u2013  75\u00a0911 PARIS Cedex 15\nT\u00e9l\u00a0: 01 82 52 51 51\nwww.driea.ile-de-france.developpement-durable.gouv.fr 2/4\nDirection r\u00e9gionale et interd\u00e9partementale de l'environnement, de l'am\u00e9nagement et des transports d'\u00cele-de-France -\n75-2026-02-17-00005 - Arr\u00eat\u00e9 interpr\u00e9fectoral modifiant l'arr\u00eat\u00e9 interpr\u00e9fectoral n\u00b075-2024-02-06-00003 du 6 f\u00e9vrier 2024 portant\nrenouvellement et modification de la commission consultative de l'environnement de l'h\u00e9liport de Paris - Issy-les-Moulineraux \n5\nsig sig\"\nSuppl\u00e9ant\u00a0: M. Pierre-Olivier MATHIAN\u00a0\u00a0\u00bb\nsont remplac\u00e9s par les mots\u00a0:\n\u00ab\u00a0Titulaire\u00a0: M. Olivier CLEMENT\nTitulaire\u00a0: M. Jean-Christophe BEAUVILLIER\nTitulaire\u00a0: M. Nicolas VLOEBERGHS\u00a0\u00bb\nSuppl\u00e9ant\u00a0: M. Dimitri BESLIC\nSuppl\u00e9ant\u00a0: M. Maxence BILLARD\nSuppl\u00e9ant\u00a0: M. Alexandre MONNIER\u00a0\u00bb\n-  dans  les  r epr\u00e9sentants  des  professions  a\u00e9ronautiques  -  repr\u00e9sentants  des  personnels\nexer\u00e7ant  leur  activit\u00e9  sur  l'h\u00e9liport,  les  mots  \u00ab\u00a0Titulaire\u00a0:  Mme  Alexandra  GALOPIN\u00a0\u00bb  sont\nremplac\u00e9s par les mots \u00ab\u00a0Titulaire\u00a0: M. Pierre BOCAND\u00c9\u00a0\u00bb.\nARTICLE 2\nLe pr\u00e9sent arr\u00eat\u00e9 est publi\u00e9 au recueil des actes administratifs de la pr\u00e9fecture de la r\u00e9gion \u00cele-de-\nFrance, pr\u00e9fecture de Paris et de la pr\u00e9fecture des Hauts-de-Seine, accessibles sur leurs sites Internet\nrespectifs\u00a0: www.prefectures-regions.gouv.fr/ile-de-france et www.hauts-de-seine.gouv.fr.\nIl est susceptible de faire l'objet d'un recours contentieux devant le tribunal administratif de\nParis dans un d\u00e9lai de deux mois \u00e0 compter de sa publication.\nARTICLE 3\nLa pr\u00e9f\u00e8te,  directrice de cabinet du pr\u00e9fet de la r\u00e9gion d'\u00cele-de-France, pr\u00e9fet de Paris  et le\nsecr\u00e9taire  g\u00e9n\u00e9ral  de  la pr\u00e9fecture  des  Hauts-de-Seine  sont  charg\u00e9s,  chacun  en  ce  qui  le\nconcerne, de l'ex\u00e9cution du pr\u00e9sent arr\u00eat\u00e9 qui sera notifi\u00e9 aux int\u00e9ress\u00e9s et publi\u00e9 aux recueils\ndes actes administratifs de la pr\u00e9fecture de la r\u00e9gion \u00cele-de-France, pr\u00e9fecture de Paris et de la\npr\u00e9fecture des Hauts-de-Seine, accessibles sur leurs sites Internet respectifs.\nFait le 17 f\u00e9vrier 2026\nLe pr\u00e9fet de la r\u00e9gion d'\u00cele-de-France, \npr\u00e9fet de Paris \nPour le Pr\u00e9fet de la R\u00e9gion d'Ile-de-France,\nPr\u00e9fet de Paris et par d\u00e9l\u00e9gation \nLa Pr\u00e9f\u00e8te, Directrice de Cabinet\nKarine DELAMARCHE\nLe pr\u00e9fet des Hauts-de-Seine\nPour le Pr\u00e9fet et par d\u00e9l\u00e9gation \nLa sous-pr\u00e9f\u00e8te, secr\u00e9taire g\u00e9n\u00e9rale adjointe\nSt\u00e9phanie MARIVAIN\nUnit\u00e9 D\u00e9partementale de l'\u00c9quipement et de l'Am\u00e9nagement de Paris\n5, rue Leblanc \u2013  75\u00a0911 PARIS Cedex 15\nT\u00e9l\u00a0: 01 82 52 51 51\nwww.driea.ile-de-france.developpement-durable.gouv.fr 3/4\nDirection r\u00e9gionale et interd\u00e9partementale de l'environnement, de l'am\u00e9nagement et des transports d'\u00cele-de-France -\n75-2026-02-17-00005 - Arr\u00eat\u00e9 interpr\u00e9fectoral modifiant l'arr\u00eat\u00e9 interpr\u00e9fectoral n\u00b075-2024-02-06-00003 du 6 f\u00e9vrier 2024 portant\nrenouvellement et modification de la commission consultative de l'environnement de l'h\u00e9liport de Paris - Issy-les-Moulineraux \n6\nUnit\u00e9 D\u00e9partementale de l'\u00c9quipement et de l'Am\u00e9nagement de Paris\n5, rue Leblanc \u2013  75\u00a0911 PARIS Cedex 15\nT\u00e9l\u00a0: 01 82 52 51 51\nwww.driea.ile-de-france.developpement-durable.gouv.fr 4/4\nDirection r\u00e9gionale et interd\u00e9partementale de l'environnement, de l'am\u00e9nagement et des transports d'\u00cele-de-France -\n75-2026-02-17-00005 - Arr\u00eat\u00e9 interpr\u00e9fectoral modifiant l'arr\u00eat\u00e9 interpr\u00e9fectoral n\u00b075-2024-02-06-00003 du 6 f\u00e9vrier 2024 portant\nrenouvellement et modification de la commission consultative de l'environnement de l'h\u00e9liport de Paris - Issy-les-Moulineraux \n7\nPr\u00e9fecture de la R\u00e9gion d'Ile de France,\nPr\u00e9fecture de Paris \n75-2026-02-18-00007\nArr\u00eat\u00e9 pr\u00e9fectoral donnant autorisation\nd'apposer une plaque comm\u00e9morative\nen hommage \u00e0 la famille CHAJET,\nsur la fa\u00e7ade du b\u00e2timent situ\u00e9 64 rue\nQuincampoix, Paris 4\u00e8me\nPr\u00e9fecture de la R\u00e9gion d'Ile de France, Pr\u00e9fecture de Paris  - 75-2026-02-18-00007 - Arr\u00eat\u00e9 pr\u00e9fectoral donnant autorisation d'apposer\nune plaque comm\u00e9morative\nen hommage \u00e0 la famille CHAJET,\nsur la fa\u00e7ade du b\u00e2timent situ\u00e9 64 rue Quincampoix, Paris 4\u00e8me\n8\n \nCabinet \n \n \n \n \nParis, le 18 f\u00e9vrier 2026   \n \n \n \nArr\u00eat\u00e9 pr\u00e9fectoral n\u00b0 \ndonnant autorisation d'apposer une plaque comm\u00e9morative \nen hommage \u00e0 la famille CHAJET, \nsur la fa\u00e7ade du b\u00e2timent situ\u00e9 64 rue Quincampoix, Paris 4\u00e8me   \n \nLE PR\u00c9FET DE LA R\u00c9GION D'ILE-DE-FRANCE, PR\u00c9FET DE PARIS, \nGRAND OFFICIER DE LA L\u00c9GION D'HONNEUR, \nOFFICIER DE L'ORDRE NATIONAL DU M\u00c9RITE  \n \n \nVU  le d\u00e9cret n\u00b0 68-1053 du 29 novembre 1968 relatif aux hommages publics ; \n \nVU  le d\u00e9cret n\u00b0 2004-374 du 29 avril 2004 modifi\u00e9 relatif aux pouvoirs des pr\u00e9fets, \u00e0 l'organisation \net \u00e0 l'action des services de l'\u00c9tat dans les r\u00e9gions et les d\u00e9partements ; \n \nVU  le d\u00e9cret du 22 juillet 2020 portant nomination de Monsieur Marc GUILLAUME, en qualit\u00e9 de \npr\u00e9fet de la r\u00e9gion d'\u00cele-de-France, pr\u00e9fet de Paris ; \n \nVU  l'arr\u00eat\u00e9 pr\u00e9fectoral n\u00b0 75-2025-12-22-00020 du 22 d\u00e9cembre 2025 portant organisation de la \npr\u00e9fecture de la r\u00e9gion d'\u00cele-de-France, pr\u00e9fecture de Paris ; \n \nVU  le proc\u00e8s-verbal du 9 avril 2025 de l'assembl\u00e9e g\u00e9n\u00e9rale ordinaire des copropri\u00e9taires de \nl'immeuble situ\u00e9 65 rue Rambuteau \u00e0 Paris 14 \n\u00e8me , autorisant l'apposition d'une plaque \ncomm\u00e9morative, en hommage \u00e0 la famille CHAJET, au 64 rue Quincampoix \u00e0 Paris 4 \u00e8me , au niveau \nde la fa\u00e7ade \u00e0 l'angle de la rue Rambuteau et Quincampoix , \u00e0 gauche au-dessus du local \ncommercial- boucherie ; \n \nVU  l'avis du 19 d\u00e9cembre 2025 de la Ministre de la culture - Direction r\u00e9gionale des affaires \nculturelles d'Ile-de-France - Unit\u00e9 d\u00e9partementale de l'architecture et du patrimoine de Paris  ; \n \nVU  l'avis du 22 d\u00e9cembre 2025 de Madame la Maire de Paris, direction des affaires culturelles  ; \nVU  l'avis du 23 janvier 2026  de Monsieur le Ministre de l'Europe et des Affaires \u00e9trang\u00e8res - \ndirection du protocole d'\u00c9tat et des \u00e9v\u00e8nements diplomatiques - sous-direction des privil\u00e8ges et \nimmunit\u00e9s diplomatiques et consulaires  ; \n \n \nARR\u00caTE : \n \n \nARTICLE 1  : Autorisation est donn\u00e9e \u00e0 la ni\u00e8ce de Monsieur Ajik CHAJET, de faire apposer une \nplaque comm\u00e9morative en hommage \u00e0 son oncle et \u00e0 sa famille, sur la fa\u00e7ade du b\u00e2timent situ\u00e9   \n64 rue Quincampoix \u00e0 Paris 4 \n\u00e8me , dont le libell\u00e9 est  : \n \n \n \n \nPr\u00e9fecture de la R\u00e9gion d'Ile de France, Pr\u00e9fecture de Paris  - 75-2026-02-18-00007 - Arr\u00eat\u00e9 pr\u00e9fectoral donnant autorisation d'apposer\nune plaque comm\u00e9morative\nen hommage \u00e0 la famille CHAJET,\nsur la fa\u00e7ade du b\u00e2timent situ\u00e9 64 rue Quincampoix, Paris 4\u00e8me\n9\n \n \nPr\u00e9fecture de la r\u00e9gion d'\u00cele-de-France, pr\u00e9fecture de Paris \n5, rue Leblanc 75 911 Paris Cedex 15 | Standard : 01 82 52 40 00  \nSite internet : https://www.prefectures-regions.gouv.fr/ile-de-france   \n \nIci vivaient Ajik et Tzipi Chajet, \nleurs fils Libman (19 ans), \nZelick (18 ans) et Szolow (16 ans), \nd\u00e9port\u00e9s en 1942 par les nazis, \navec la complicit\u00e9 active du gouvernement de Vichy \net extermin\u00e9s au camp d'Auschwitz \nparce que n\u00e9s juifs. \nEn leur m\u00e9moire \n \n \n \nARTICLE 2 :  La pr\u00e9f\u00e8te, directrice de cabinet du pr\u00e9fet de la r\u00e9gion d'\u00cele-de-France, pr\u00e9fet de Paris, \nest charg\u00e9e de l'ex\u00e9cution du pr\u00e9sent arr\u00eat\u00e9 qui sera publi\u00e9 au recueil des actes administratifs de la \npr\u00e9fecture de Paris, accessible sur le site internet de la pr\u00e9fecture de la r\u00e9gion d'\u00cele-de-France, \npr\u00e9fecture de Paris : http://www.prefectures-regions.gouv.fr/ile-de-france. \n \n \n \nLe pr\u00e9fet de la r\u00e9gion d'\u00cele-de-France,  \npr\u00e9fet de Paris \n \n \n \n \n \n \n \n \n \nSign\u00e9 Marc GUILLAUME \n \n \n \n \n \nCopie \u00e0  : \n- Ni\u00e8ce de Monsieur CHAJET Ajik \n- Mairie de Paris Centre \n- Mairie de Paris-DAC \n- Ministre de l'Europe et des Affaires \u00e9trang\u00e8res - direction du protocole d'\u00c9tat et des \u00e9v\u00e8nements \ndiplomatiques - sous-direction des privil\u00e8ges et immunit\u00e9s diplomatiques et consulaires   \n- Minist\u00e8re de la culture - direction r\u00e9gionale des affaires culturelles   \n \nInformations importantes  : \nLe pr\u00e9sent arr\u00eat\u00e9 est d\u00e9livr\u00e9 sans pr\u00e9judice du droit des tiers. \n \nRecours  : \nLe pr\u00e9sent arr\u00eat\u00e9 peut faire l'objet d'un recours contentieux devant le tribunal administratif \ncomp\u00e9tent, dans un d\u00e9lai de deux mois \u00e0 compter de sa publication, en application de l'article      \nR. 421-1 du code de justice administrative. \n \nPr\u00e9fecture de la R\u00e9gion d'Ile de France, Pr\u00e9fecture de Paris  - 75-2026-02-18-00007 - Arr\u00eat\u00e9 pr\u00e9fectoral donnant autorisation d'apposer\nune plaque comm\u00e9morative\nen hommage \u00e0 la famille CHAJET,\nsur la fa\u00e7ade du b\u00e2timent situ\u00e9 64 rue Quincampoix, Paris 4\u00e8me\n10\nPr\u00e9fecture de la R\u00e9gion d'Ile de France,\nPr\u00e9fecture de Paris \n75-2026-02-17-00011\nArr\u00eat\u00e9 pr\u00e9fectoral donnant autorisation\nd'apposer une plaque comm\u00e9morative \nen hommage \u00e0 Maurice ALLAIS, sur la fa\u00e7ade du\nb\u00e2timent situ\u00e9 83 rue Didot \u00e0 Paris 14\u00e8me \nPr\u00e9fecture de la R\u00e9gion d'Ile de France, Pr\u00e9fecture de Paris  - 75-2026-02-17-00011 - Arr\u00eat\u00e9 pr\u00e9fectoral donnant autorisation d'apposer\nune plaque comm\u00e9morative \nen hommage \u00e0 Maurice ALLAIS, sur la fa\u00e7ade du b\u00e2timent situ\u00e9 83 rue Didot \u00e0 Paris 14\u00e8me \n11\n \nCabinet \n \n \n \n \nParis, le 17 f\u00e9vrier 2026   \n \n \n \nArr\u00eat\u00e9 pr\u00e9fectoral n\u00b0  \ndonnant autorisation d'apposer une plaque comm\u00e9morative  \nen hommage \u00e0 Maurice ALLAIS, \nsur la fa\u00e7ade du b\u00e2timent situ\u00e9 83 rue Didot \u00e0 Paris 14\u00e8me   \n \nLE PR\u00c9FET DE LA R\u00c9GION D'ILE-DE-FRANCE, PR\u00c9FET DE PARIS, \nGRAND OFFICIER DE LA L\u00c9GION D'HONNEUR, \nOFFICIER DE L'ORDRE NATIONAL DU M\u00c9RITE  \n \nVU  le d\u00e9cret n\u00b0 68-1053 du 29 novembre 1968 relatif aux hommages publics ; \nVU  le d\u00e9cret n\u00b0 2004-374 du 29 avril 2004 modifi\u00e9 relatif aux pouvoirs des pr\u00e9fets, \u00e0 l'organisation \net \u00e0 l'action des services de l'\u00c9tat dans les r\u00e9gions et les d\u00e9partements ; \nVU  le d\u00e9cret du 22 juillet 2020 portant nomination de Monsieur Marc GUILLAUME, en qualit\u00e9 de \npr\u00e9fet de la r\u00e9gion d'\u00cele-de-France, pr\u00e9fet de Paris ; \nVU l'arr\u00eat\u00e9 pr\u00e9fectoral n\u00b0 75-2025-12-22-00020 du 22 d\u00e9cembre 2025 portant organisation de la \npr\u00e9fecture de la r\u00e9gion d'\u00cele-de-France, pr\u00e9fecture de Paris  ; \nVU le proc\u00e8s-verbal du 16 octobre 2023 de l'assembl\u00e9e g\u00e9n\u00e9rale annuelle des copropri\u00e9taires de \nl'immeuble situ\u00e9 83 rue Didot \u00e0 Paris 14\u00e8me , autorisant l'apposition d'une plaque comm\u00e9morative, \nen hommage \u00e0 Maurice ALLAIS, sur la fa\u00e7ade de ce b\u00e2timent  ; \nVU le courrier du 26 janvier 2026, par lequel, les copropri\u00e9taires de l'immeuble situ\u00e9 83 rue Didot \u00e0 \nParis 14 \u00e8me  et la Fondation Maurice Allais, sollicitent l'autorisation d'apposer une plaque \ncomm\u00e9morative en hommage \u00e0 Maurice ALLAIS, sur la fa\u00e7ade de ce b\u00e2timent ;  \n \nVU  l'avis du 6 f\u00e9vrier 2026 de Madame la Maire de Paris, direction des affaires culturelles  ; \n \nARR\u00caTE  : \n \nARTICLE 1  : Autorisation est donn\u00e9e aux copropri\u00e9taires de l'immeuble situ\u00e9 83 rue Didot \u00e0 Paris \n14 \n\u00e8me  et \u00e0 la Fondation Maurice Allais, de faire apposer une plaque comm\u00e9morative en hommage \u00e0 \nMaurice ALLAIS, sur la fa\u00e7ade de ce b\u00e2timent, dont le libell\u00e9 est  : \n \n \nPr\u00e9fecture de la R\u00e9gion d'Ile de France, Pr\u00e9fecture de Paris  - 75-2026-02-17-00011 - Arr\u00eat\u00e9 pr\u00e9fectoral donnant autorisation d'apposer\nune plaque comm\u00e9morative \nen hommage \u00e0 Maurice ALLAIS, sur la fa\u00e7ade du b\u00e2timent situ\u00e9 83 rue Didot \u00e0 Paris 14\u00e8me \n12\n \n \n  \n \n \n \nIci est n\u00e9 \nMaurice ALLAIS (1911-2010) \nPrix Nobel de sciences \u00e9conomiques (1988) \n \n \n \nARTICLE 2 :  La pr\u00e9f\u00e8te, directrice de cabinet du pr\u00e9fet de la r\u00e9gion d'\u00cele-de-France, pr\u00e9fet de Paris, \nest charg\u00e9e de l'ex\u00e9cution du pr\u00e9sent arr\u00eat\u00e9 qui sera publi\u00e9 au recueil des actes administratifs de la \npr\u00e9fecture de Paris, accessible sur le site internet de la pr\u00e9fecture de la r\u00e9gion d'\u00cele-de-France, \npr\u00e9fecture de Paris : http://www.prefectures-regions.gouv.fr/ile-de-france. \n \n \n \nLe pr\u00e9fet de la r\u00e9gion d'\u00cele-de-France,  \npr\u00e9fet de Paris \n \n \n \n \n \n \n \n \n \nSign\u00e9 Marc GUILLAUME \n \n \n \nCopie \u00e0  : \n- Fondatrice, pr\u00e9sidente du comit\u00e9 de fondation \n- Mairie de Paris 14 \n\u00e8me   \n- Mairie de Paris-DAC \n \n \nInformations importantes  : \nLe pr\u00e9sent arr\u00eat\u00e9 est d\u00e9livr\u00e9 sans pr\u00e9judice du droit des tiers. \n \nRecours  : \nLe pr\u00e9sent arr\u00eat\u00e9 peut faire l'objet d'un recours contentieux devant le tribunal administratif \ncomp\u00e9tent, dans un d\u00e9lai de deux mois \u00e0 compter de sa publication, en application de l'article      \nR. 421-1 du code de justice administrative. \n \n \n \n \n \n \n \n \n \n \n \n \n \n \n \nPr\u00e9fecture de la r\u00e9gion d'\u00cele-de-France, pr\u00e9fecture de Paris \n5, rue Leblanc 75 911 Paris Cedex 15 | Standard : 01 82 52 40 00 \nSite internet : https://www.prefectures-regions.gouv.fr/ile-de-france  \nPr\u00e9fecture de la R\u00e9gion d'Ile de France, Pr\u00e9fecture de Paris  - 75-2026-02-17-00011 - Arr\u00eat\u00e9 pr\u00e9fectoral donnant autorisation d'apposer\nune plaque comm\u00e9morative \nen hommage \u00e0 Maurice ALLAIS, sur la fa\u00e7ade du b\u00e2timent situ\u00e9 83 rue Didot \u00e0 Paris 14\u00e8me \n13","date":"2026-02-18","first_seen_on":"2026-02-18T17:41:21+00:00","id":"34a6c3d2230fe1f12187dd2c6b189bf4d601862269ad874c2ed37fff877b4954","name":"recueil-75-2026-102-RAA-nominatifs du 18.02.2026","pdf_creation_date":"2026-02-18T16:04:39+00:00","pdf_modification_date":null,"timezone":"Europe/Paris","url":"https://www.prefectures-regions.gouv.fr/ile-de-france/irecontenu/telechargement/135597/992503/file/recueil-75-2026-102-RAA-nominatifs%20du%2018.02.2026.pdf"}
