{"administration":"pref50","administration_name":"Pr\u00e9fecture de la Manche","content":"PREFETDE LA MANCHELibert\u00e9Egalit\u00e9Fraternit\u00e9\n1\nRECUEIL DES ACTES\nADMINISTRATIFS\n\uf0bf \uf0bf \uf0bf\nDELEGATIONS DE SIGNATURE\ndonn\u00e9es par\nM. Xavier BRUNETIERE\nPr\u00e9fet de la Manche\nChevalier de l'Ordre National du M\u00e9rite\nChevalier de la L\u00e9gion d'honneur\n\uf0bf \uf0bf \uf0bf\nArr\u00eat\u00e9 du 12 septembre 2024\nsign\u00e9 par le Pr\u00e9fet de la Manche :\nM. Xavier BRUNETIERE\nNUM\u00c9RO SP\u00c9CIAL N\u00b0 24\n\uf0bf \uf0bf \uf0bf\nLE CONTENU INT\u00c9GRAL DES TEXTES ET/OU LES DOCUMENTS ET PLANS ANNEX\u00c9S\npeut \u00eatre consult\u00e9 aupr\u00e8s du service sous le timbre duquel la publication est r\u00e9alis\u00e9e et sur le site Internet de la pr\u00e9fecture :\nhttp ://www.manche.gouv.fr\nRUBRIQUE : PUBLICATION - ANNONCES ET AVIS - RECUEIL DES ACTES ADMINISTRATIFS\n\n2\nS O M M A I R E\nI \u2013 DELEGATIONS DE SIGNATURE.................................................................................................................................................................. 2\nAU PLAN R\u00c9GIONAL.......................................................................................................................................................................................................... 2\nArr\u00eat\u00e9 du 12 septembre 2024 portant d\u00e9l\u00e9gation de signature \u00e0 la directrice r\u00e9gionale de l'\u00e9conomie, de l'emploi, du travail et des \nsolidarit\u00e9s de Normandie, en mati\u00e8re de m\u00e9trologie l\u00e9gale................................................................................................................................. 2\n\uf0bf\nI \u2013 DELEGATIONS DE SIGNATURE\nC - SERVICES DECONCENTRES DE L'ETAT\nAu plan r\u00e9gional\nArr\u00eat\u00e9 du 12 septembre 2024 portant d\u00e9l\u00e9gation de signature \u00e0 la directrice r\u00e9gionale de l'\u00e9conomie, de l'emploi, du travail et des\nsolidarit\u00e9s de Normandie, en mati\u00e8re de m\u00e9trologie l\u00e9gale\nVu la loi du 4 juillet 1837 modifi\u00e9e relative aux poids et mesures ; \nVu la loi n\u00b092-125 du 6 f\u00e9vrier 1992 modifi\u00e9e relative \u00e0 l'administration territoriale de la R\u00e9publique ;\nVu le code de la consommation ;\nVu le d\u00e9cret n\u00b0 73-788 du 4 ao\u00fbt 1973 modifi\u00e9 portant application des prescriptions de la Communaut\u00e9 \u00e9conomique europ\u00e9enne relatives aux\ndispositions communes aux instruments de mesurage et aux m\u00e9thodes de contr\u00f4le m\u00e9trologique ;\nVu le d\u00e9cret n\u00b02001-387 du 3 mai 2001 modifi\u00e9 relatif au contr\u00f4le des instruments de mesure ;\nVu le d\u00e9cret n\u00b02004-374 du 29 avril 2004 modifi\u00e9 relatif aux pouvoirs des pr\u00e9fets, \u00e0 l'organisation et \u00e0 l'action des services de l'\u00c9tat dans les r\u00e9gions\net d\u00e9partements, notamment ses articles 43 et 44 ;\nVu le d\u00e9cret n\u00b02015-1689 du 17 octobre 2015 modifi\u00e9 portant diverses mesures d'organisation et de fonctionnement dans les r\u00e9gions de\nl'administration territoriale de l'\u00c9tat et de commissions administratives ;\nVu le d\u00e9cret n\u00b02015-510 du 7 mai 2015 modifi\u00e9 portant charte de la d\u00e9concentration ;\nVu le d\u00e9cret n\u00b0 2020-67 du 30 janvier 2020 relatif \u00e0 la d\u00e9concentration des d\u00e9cisions administratives individuelles dans les domaines de l'\u00e9conomie\net des finances ;\nVu le d\u00e9cret n\u00b02020-1545 du 9 d\u00e9cembre 2020 modifi\u00e9 relatif \u00e0 l'organisation et aux missions des directions r\u00e9gionales de l'\u00e9conomie, de l'emploi,\ndu travail et des solidarit\u00e9s, des directions d\u00e9partementales de l'emploi, du travail et des solidarit\u00e9s et des directions d\u00e9partementales de l'emploi,\ndu travail, des solidarit\u00e9s et de la protection des populations ;\nVu le d\u00e9cret du Pr\u00e9sident de la R\u00e9publique du 13 juillet 2023 nommant M. Xavier BRUNETI\u00c8RE, pr\u00e9fet de la Manche, \u00e0 compter du 21 ao\u00fbt 2023 ;\nVu l'arr\u00eat\u00e9 du 31 d\u00e9cembre 2001 fixant les modalit\u00e9s d'application de certaines dispositions du d\u00e9cret n\u00b0 2001-387 du 3 mai 2001 susvis\u00e9 ;\nVu l'arr\u00eat\u00e9 du 8 novembre 1973 modifi\u00e9 fixant les modalit\u00e9s d'application de certaines dispositions du d\u00e9cret n\u00b0 73-788 du 4 ao\u00fbt 1973 susvis\u00e9 ;\nVu l'arr\u00eat\u00e9 du 6 mars 2007 modifi\u00e9 relatif au contr\u00f4le des compteurs d'eau froide en service ;\nVu l'arr\u00eat\u00e9 du 1er ao\u00fbt 2013 modifi\u00e9 relatif aux compteurs d'\u00e9nergie \u00e9lectrique active ;\nVu l'arr\u00eat\u00e9 du 21 octobre 2010 modifi\u00e9 relatif aux compteurs de gaz combustible ;\nVu l'arr\u00eat\u00e9 pr\u00e9fectoral du 29 mars 2021 portant organisation fonctionnelle et territoriale de la direction r\u00e9gionale de l'\u00e9conomie, de l'emploi, du travail\net des solidarit\u00e9s de Normandie \nVu l'arr\u00eat\u00e9 interminist\u00e9riel du 4 septembre 2024 nommant Mme Catherine PERNETTE, directrice du travail hors classe, directrice r\u00e9gionale de\nl'\u00e9conomie, de l'emploi, du travail et des solidarit\u00e9s de Normandie ;\nSur proposition de la Secr\u00e9taire g\u00e9n\u00e9rale de la pr\u00e9fecture de la Manche, \nARR\u00caTE\nArt. 1er  : D\u00e9l\u00e9gation est donn\u00e9e \u00e0 Mme Catherine PERNETTE, directrice r\u00e9gionale de l'\u00e9conomie, de l'emploi, du travail et des solidarit\u00e9s de\nNormandie, \u00e0 l'effet de signer les d\u00e9cisions et autres actes et correspondances relatifs :\n\u2013 \u00e0 l'invitation d'un op\u00e9rateur \u00e9conomique \u00e0 mettre un terme \u00e0 une non-conformit\u00e9 constat\u00e9e d'un instrument de mesure  ; \u00e0 l'ordre de remise en\nconformit\u00e9, de rappel ou de retrait du march\u00e9  ; \u00e0 l'interdiction ou la restriction de mise sur le march\u00e9 d'un instrument non conforme, \u00e0 sa mise en\nservice ou \u00e0 son utilisation (article 5-20 du d\u00e9cret n\u00b0 2001-387 du 3 mai 2001 susvis\u00e9) ;\n\u2013 aux mesures prises en cas de produits non conformes \u00e0 la r\u00e9glementation, en cas de doute du produit sur la s\u00e9curit\u00e9 ou la sant\u00e9 des\nconsommateurs, en cas de mise sur le march\u00e9 des produits sans autorisation, enregistrement ou d\u00e9claration exig\u00e9 par la r\u00e9glementation, en cas de\nprestations de services non conformes \u00e0 la r\u00e9glementation ou non r\u00e9glement\u00e9es par le livre IV du code de la consommation (articles L.521-7,\nL.521-10, L.521-12, L.521-13, L.521-16, L.521-20 et L.521-23 du code de la consommation) ;\n\u2013 \u00e0 la d\u00e9livrance du certificat d'examen de type en l'absence d'organisme d\u00e9sign\u00e9 (articles 7 et 8 du d\u00e9cret n\u00b0 2001-387 du 3 mai 2001 susvis\u00e9) ;\n\u2013 \u00e0 l'autorisation de mise en service d'un nombre limit\u00e9 d'instruments d'un type pour lequel une demande d'examen de type a \u00e9t\u00e9 pr\u00e9sent\u00e9e (article\n12 du d\u00e9cret 2001-387 du 3 mai 2001 susvis\u00e9) ;\n\u2013 \u00e0 l'injonction au titulaire d'un certificat d'examen de type de porter rem\u00e8de aux d\u00e9fauts constat\u00e9s et de demander un nouvel examen de type  ; \u00e0 la\nsuspension du b\u00e9n\u00e9fice de la marque d'examen de type et \u00e0 la suspension de la mise sur le march\u00e9 des instruments du type pr\u00e9sentant des\nd\u00e9fauts ; \u00e0 la mise en demeure d'un b\u00e9n\u00e9ficiaire de certificat d'examen de type de rem\u00e9dier aux d\u00e9fauts constat\u00e9s sur les instruments en service ; \u00e0\nl'interdiction d'utilisation des instruments restant d\u00e9fectueux (article 13 du d\u00e9cret n\u00b0 2001-387 du 3 mai 2001 susvis\u00e9) ; \n\u2013 \u00e0 l'approbation, \u00e0 la suspension ou au retrait d'approbation des syst\u00e8mes d'assurance de la qualit\u00e9 des fabricants, r\u00e9parateurs et installateurs des\ninstruments de mesure (en cas d'absence d'organisme d\u00e9sign\u00e9) (articles 18 et 23 d\u00e9cret n\u00b0 2001-387 du 3 mai 2001 susvis\u00e9) ;\n\u2013 \u00e0 la suspension de la v\u00e9rification primitive et de la mise sur le march\u00e9 des instruments d'un mod\u00e8le donn\u00e9 (article 21 du d\u00e9cret n\u00b0 2001-387 du 3\nmai 2001 susvis\u00e9) ;\n\u2013  \u00e0 l'injonction aux installateurs d'instruments de mesure de rem\u00e9dier \u00e0 ces non-conformit\u00e9s ou \u00e0 ces d\u00e9fauts et de soumettre \u00e0 nouveau ces\ninstruments \u00e0 une v\u00e9rification (article 26 du d\u00e9cret n\u00b0 2001-387 du 3 mai 2001 susvis\u00e9) ;\n\u2013 \u00e0 la d\u00e9signation et \u00e0 l'agr\u00e9ment des organismes pour l'installation, la r\u00e9paration et le contr\u00f4le en service des instruments de mesure ainsi qu'\u00e0 la\nsuspension ou le retrait de l'agr\u00e9ment (articles 36, 37 et 39 du d\u00e9cret n\u00b0 2001-387 du 3 mai 2001 susvis\u00e9 ; arr\u00eat\u00e9 du 31 d\u00e9cembre 2001, notamment\nses articles 37, 40 et 43) ;\n\u2013 \u00e0 la d\u00e9rogation aux dispositions r\u00e9glementaires lorsque les conditions techniques ou d'usage d'un instrument ne permettent pas de les respecter\n(article 41 du d\u00e9cret n\u00b0 2001-387 du 3 mai 2001 susvis\u00e9) ;\n\u2013 \u00e0 l'attribution, \u00e0 la suspension et au retrait des marques d'identification aux fabricants, r\u00e9parateurs et installateurs d'instruments de mesure et aux\norganismes agr\u00e9\u00e9s (article 45 de l'arr\u00eat\u00e9 du 31 d\u00e9cembre 2001 pr\u00e9cit\u00e9) ;\n\u2013 \u00e0 la suspension de la mise sur le march\u00e9 et de la mise en service d'instruments pr\u00e9sentant \u00e0 l'usage un d\u00e9faut qui les rend impropres \u00e0 leur\ndestination (instruments ayant fait l'objet d'une approbation CEE de mod\u00e8le) (article 10, IV, du d\u00e9cret n\u00b073-788 du 4 ao\u00fbt 1973 susvis\u00e9) ;\n\u2013  \u00e0 la d\u00e9signation d'organismes pour l'approbation CEE de mod\u00e8le et pour la v\u00e9rification primitive CEE (article 1er de l'arr\u00eat\u00e9 du 8 novembre 1973,\ndans sa r\u00e9daction issue de l'arr\u00eat\u00e9 du 13 janvier 2020) ;\n\u2013 \u00e0 l'autorisation du contr\u00f4le des instruments par leur d\u00e9tenteur (article 18 de l'arr\u00eat\u00e9 du 6 mars 2007 susvis\u00e9 ; article 25 de l'arr\u00eat\u00e9 du 1er ao\u00fbt\n2013 susvis\u00e9 ; article 25 de l'arr\u00eat\u00e9 du 21 octobre 2010 susvis\u00e9) ;\n\u2013 \u00e0 l'am\u00e9nagement ou au retrait des dispenses de v\u00e9rification p\u00e9riodique et de v\u00e9rification apr\u00e8s r\u00e9paration ou modification accord\u00e9es aux\nd\u00e9tenteurs d'instruments de mesure (article 62-3 de l'arr\u00eat\u00e9 du 31 d\u00e9cembre 2001 susvis\u00e9).\n3\nArt. 2 : Mme Catherine PERNETTE peut donner subd\u00e9l\u00e9gation aux agents de cat\u00e9gorie A plac\u00e9s directement sous son autorit\u00e9, \u00e0 l'effet de signer\ntous actes relatifs aux affaires pour lesquelles elle a elle-m\u00eame re\u00e7u d\u00e9l\u00e9gation par le pr\u00e9sent arr\u00eat\u00e9. Elle devra informer le pr\u00e9fet de la Manche du\nnom et des fonctions de ces subd\u00e9l\u00e9gataires. \nLa d\u00e9cision de subd\u00e9l\u00e9gation devra faire l'objet d'une publication au recueil des actes administratifs de la pr\u00e9fecture de la Manche.\nArt. 3  : Mme la secr\u00e9taire g\u00e9n\u00e9rale de la pr\u00e9fecture de la Manche et Mme la directrice r\u00e9gionale de l'\u00e9conomie, de l'emploi, du travail et des\nsolidarit\u00e9s de Normandie sont charg\u00e9es, chacune en ce qui la concerne, de l'ex\u00e9cution du pr\u00e9sent arr\u00eat\u00e9 qui entrera en vigueur le lendemain de sa\npublication au recueil des actes administratifs de la pr\u00e9fecture de la Manche.\nSign\u00e9 : Le Pr\u00e9fet : Xavier BRUNETIERE\n\uf0bf\nD\u00e9partement de la Manche - Imprimerie administrative\nDirecteur de la publication : Mme la Secr\u00e9taire g\u00e9n\u00e9rale de la pr\u00e9fecture","date":"2024-10-17","first_seen_on":"2025-01-01T21:36:50+00:00","id":"34cd99082ac9714c1b6ab7d48667724b47bbe55f5fbdd635e877bec89cbb0b8a","name":"RAA sp\u00e9cial d\u00e9l\u00e9gation de signature n\u00b024","pdf_creation_date":"2024-10-17T12:27:37+00:00","pdf_modification_date":null,"timezone":"CET","url":"https://www.manche.gouv.fr/contenu/telechargement/62279/478162/file/RAA%20sp%C3%A9cial%20d%C3%A9l%C3%A9gation%20de%20signature%20n%C2%B024.pdf"}
