{"administration":"pref83","administration_name":"Pr\u00e9fecture du Var","content":"VAR\nRECUEIL DES ACTES\nADMINISTRATIFS SP\u00c9CIAL\n(NOMINATIFS)\nN\u00b083-2024-313\nPUBLI\u00c9 LE  5 NOVEMBRE 2024\nSommaire\nDirection d\u00e9partementale de l'emploi, du travail et des solidarit\u00e9s du Var\n/ Direction de la DDETS\n83-2024-10-30-00003 - 731-2024-recepisse declaration MC NET -CREPIN\nMyriam du 301024 (1 page) Page 3\n83-2024-10-31-00011 - 734-2024-recepisse declaration ROCHAS OLIVIER du\n31102024 (1 page) Page 5\n83-2024-10-29-00008 - ARRETE composition CF1_octobre 2024 (3 pages) Page 7\n83-2024-10-29-00007 - ARR\u00caT\u00c9 portant modification composition\nCF2_octobre 2024 (3 pages) Page 11\nSecr\u00e9tariat g\u00e9n\u00e9ral commun d\u00e9partemental / Direction du SGCD\n83-2024-10-29-00009 - Arr\u00eat\u00e9 n\u00b02024/064 fixant la composition\nnominative des repr\u00e9sentants du personnel au sein de la Commission\nlocale d'Action Sociale du minist\u00e8re de l'Int\u00e9rieur pour le Var (3 pages) Page 15\n2\nDirection d\u00e9partementale de l'emploi, du travail\net des solidarit\u00e9s du Var\n83-2024-10-30-00003\n731-2024-recepisse declaration MC NET -CREPIN\nMyriam du 301024\nDirection d\u00e9partementale de l'emploi, du travail et des solidarit\u00e9s du Var - 83-2024-10-30-00003 - 731-2024-recepisse declaration MC\nNET -CREPIN Myriam du 301024 3\nx = \u2014\nLibert\u00e9  + Egalit\u00e9  + Fraternit\u00e9\nR\u00c9PUBLIQUE  FRAN\u00c7AISE\nR\u00e9c\u00e9piss\u00e9 de d\u00e9claration\nd'un organisme de services \u00e0 la personne\nenregistr\u00e9 sous le N\u00b0 SAP881510838\nVu le code du travail et notamment les articles L.7231-1 \u00e0 L.7233-2, R.7232-16 \u00e0 R.7232-22, D.7231-1 et  \nD.7233-1 \u00e0 D.7233-5 ;  \nVu la demande de d\u00e9claration d\u00e9pos\u00e9e par l'organisme Myriam CREPIN, 407 rue Gustave Bret \nR\u00e9sidence lagon bleu Bat B - Appt 74,  83600 Fr\u00e9jus, le 30/10/24  ;\nLe pr\u00e9fet du Var\nConstate : \nQu'une d\u00e9claration d'activit\u00e9s de services \u00e0 la personne a \u00e9t\u00e9 d\u00e9pos\u00e9e aupr\u00e8s du service instructeur  \ndu Var, le 30/10/24 par Mme. CREPIN Myriam en qualit\u00e9 de dirigeant(e), pour l'organisme Myriam  \nCREPIN dont l'\u00e9tablissement principal est situ\u00e9 407 rue Gustave Bret -R\u00e9sidence lagon bleu Bat B  \nAppt 74 , 83600 Fr\u00e9jus et enregistr\u00e9 sous le N\u00b0 SAP881510838 pour les activit\u00e9s suivantes :\n  \u2022   Entretien de la maison et travaux m\u00e9nagers (mode d'intervention Prestataire)\nToute  modification  concernant  les  activit\u00e9s  exerc\u00e9es  devra  faire  l'objet  d'une  d\u00e9claration  \nmodificative pr\u00e9alable.\nSous r\u00e9serve d'\u00eatre exerc\u00e9es \u00e0 titre exclusif (ou sous r\u00e9serve d'une comptabilit\u00e9 s\u00e9par\u00e9e pour les  \npersonnes  morales  dispens\u00e9es  de  cette  condition),  ces  activit\u00e9s  ouvrent  droit  au  b\u00e9n\u00e9fice  des  \ndispositions des articles L. 7233-2 du code du travail et L.241-10 du code de la s\u00e9curit\u00e9 sociale dans  \nles conditions pr\u00e9vues par ces articles.\nLes effets de la d\u00e9claration courent \u00e0 compter du jour du d\u00e9p\u00f4t de la d\u00e9claration sous r\u00e9serve des  \ndispositions de l'article R.7232-18 du code du travail. Le pr\u00e9sent r\u00e9c\u00e9piss\u00e9 n'est pas limit\u00e9 dans le  \ntemps. La d\u00e9claration a une port\u00e9e nationale.\nL'enregistrement de la d\u00e9claration peut \u00eatre retir\u00e9 dans les conditions fix\u00e9es aux articles R.7232-\n20 \u00e0 R.7232-22 du code du travail.\nLe pr\u00e9sent r\u00e9c\u00e9piss\u00e9 sera publi\u00e9 au recueil des actes administratifs de la pr\u00e9fecture.\nLe pr\u00e9sent r\u00e9c\u00e9piss\u00e9 peut, \u00e0 compter de sa notification, faire l'objet d'un recours gracieux aupr\u00e8s  \nservice instructeur du Var ou d'un recours hi\u00e9rarchique adress\u00e9 au ministre charg\u00e9 de l'\u00e9conomie -  \nDirection g\u00e9n\u00e9rale des entreprises \u2013 sous-direction des services marchands, 61 Boulevard Vincent  \nAuriol, 75703 PARIS CEDEX 13.\nIl peut \u00e9galement faire l'objet d'un recours contentieux dans un d\u00e9lai de deux mois \u00e0 compter de sa  \nnotification aupr\u00e8s du tribunal administratif de Toulon.\nLe tribunal administratif peut aussi \u00eatre saisi par l'application informatique \u00ab T\u00e9l\u00e9recours citoyen \u00bb  \naccessible sur le site internet   http://www.telerecours.fr/\nEn cas de rejet du recours gracieux ou hi\u00e9rarchique ou en l'absence de r\u00e9ponse \u00e0 ce recours (rejet  \nimplicite), un recours contentieux devant le tribunal administratif de Toulon peut \u00e9galement \u00eatre  \nform\u00e9 contre la d\u00e9cision initiale dans un d\u00e9lai de deux mois \u00e0 compter de ce rejet. \nPour le Pr\u00e9fet et par d\u00e9l\u00e9gation\nLa directrice d\u00e9partementale adjointe  \nde l'emploi, du travail et des solidarit\u00e9s du Var  \nSign\u00e9 : Pascale ROBERDEAU\nFait \u00e0 CS 31209 - 83070 TOULON Cedex, le 30/10/24\nDDETS du Var\nDirection d\u00e9partementale de l'emploi, du travail et des solidarit\u00e9s du Var - 83-2024-10-30-00003 - 731-2024-recepisse declaration MC\nNET -CREPIN Myriam du 301024 4\nDirection d\u00e9partementale de l'emploi, du travail\net des solidarit\u00e9s du Var\n83-2024-10-31-00011\n734-2024-recepisse declaration ROCHAS\nOLIVIER du 31102024\nDirection d\u00e9partementale de l'emploi, du travail et des solidarit\u00e9s du Var - 83-2024-10-31-00011 - 734-2024-recepisse declaration\nROCHAS OLIVIER du 31102024 5\nx = \u2014\nLibert\u00e9  + Egalit\u00e9  + Fraternit\u00e9\nR\u00c9PUBLIQUE  FRAN\u00c7AISE\nR\u00e9c\u00e9piss\u00e9 de d\u00e9claration\nd'un organisme de services \u00e0 la personne\nenregistr\u00e9 sous le N\u00b0 SAP933257537\nVu le code du travail et notamment les articles L.7231-1 \u00e0 L.7233-2, R.7232-16 \u00e0 R.7232-22, D.7231-1 et  \nD.7233-1 \u00e0 D.7233-5 ;  \nVu la demande de d\u00e9claration d\u00e9pos\u00e9e par l'organisme Olivier Services, 3 Boulevard des Rossignols \n83150 Bandol, le 23/10/24  ;\nLe pr\u00e9fet du Var\nConstate : \nQu'une d\u00e9claration d'activit\u00e9s de services \u00e0 la personne a \u00e9t\u00e9 d\u00e9pos\u00e9e aupr\u00e8s du service instructeur  \ndu  Var,  le  23/10/24  par  M.  ROCHAS  Olivier  en  qualit\u00e9  de  dirigeant(e),  pour  l'organisme  Olivier  \nServices  dont  l'\u00e9tablissement  principal  est  situ\u00e9  3  Boulevard  des  Rossignols  83150  Bandol  et  \nenregistr\u00e9 sous le N\u00b0 SAP933257537 pour les activit\u00e9s suivantes :\n  \u2022   Assistance informatique \u00e0 domicile (mode d'intervention Prestataire)\nToute  modification  concernant  les  activit\u00e9s  exerc\u00e9es  devra  faire  l'objet  d'une  d\u00e9claration  \nmodificative pr\u00e9alable.\nSous r\u00e9serve d'\u00eatre exerc\u00e9es \u00e0 titre exclusif (ou sous r\u00e9serve d'une comptabilit\u00e9 s\u00e9par\u00e9e pour les  \npersonnes  morales  dispens\u00e9es  de  cette  condition),  ces  activit\u00e9s  ouvrent  droit  au  b\u00e9n\u00e9fice  des  \ndispositions des articles L. 7233-2 du code du travail et L.241-10 du code de la s\u00e9curit\u00e9 sociale dans  \nles conditions pr\u00e9vues par ces articles.\nLes effets de la d\u00e9claration courent \u00e0 compter du jour du d\u00e9p\u00f4t de la d\u00e9claration sous r\u00e9serve des  \ndispositions de l'article R.7232-18 du code du travail. Le pr\u00e9sent r\u00e9c\u00e9piss\u00e9 n'est pas limit\u00e9 dans le  \ntemps. La d\u00e9claration a une port\u00e9e nationale.\nL'enregistrement de la d\u00e9claration peut \u00eatre retir\u00e9 dans les conditions fix\u00e9es aux articles R.7232-\n20 \u00e0 R.7232-22 du code du travail.\nLe pr\u00e9sent r\u00e9c\u00e9piss\u00e9 sera publi\u00e9 au recueil des actes administratifs de la pr\u00e9fecture.\nLe pr\u00e9sent r\u00e9c\u00e9piss\u00e9 peut, \u00e0 compter de sa notification, faire l'objet d'un recours gracieux aupr\u00e8s  \nservice instructeur du Var ou d'un recours hi\u00e9rarchique adress\u00e9 au ministre charg\u00e9 de l'\u00e9conomie -  \nDirection g\u00e9n\u00e9rale des entreprises \u2013 sous-direction des services marchands, 61 Boulevard Vincent  \nAuriol, 75703 PARIS CEDEX 13.\nIl peut \u00e9galement faire l'objet d'un recours contentieux dans un d\u00e9lai de deux mois \u00e0 compter de sa  \nnotification aupr\u00e8s du tribunal administratif de Toulon.\nLe tribunal administratif peut aussi \u00eatre saisi par l'application informatique \u00ab T\u00e9l\u00e9recours citoyen \u00bb  \naccessible sur le site internet   http://www.telerecours.fr/\nEn cas de rejet du recours gracieux ou hi\u00e9rarchique ou en l'absence de r\u00e9ponse \u00e0 ce recours (rejet  \nimplicite), un recours contentieux devant le tribunal administratif de Toulon peut \u00e9galement \u00eatre  \nform\u00e9 contre la d\u00e9cision initiale dans un d\u00e9lai de deux mois \u00e0 compter de ce rejet.  \nPour le Pr\u00e9fet et par d\u00e9l\u00e9gation\nLa directrice d\u00e9partementale adjointe  \nde l'emploi, du travail et des solidarit\u00e9s du Var  \nSign\u00e9 : Pascale ROBERDEAU\nFait \u00e0 CS 31209 - 83070 TOULON Cedex, le 31/10/24\nDDETS du Var\nDirection d\u00e9partementale de l'emploi, du travail et des solidarit\u00e9s du Var - 83-2024-10-31-00011 - 734-2024-recepisse declaration\nROCHAS OLIVIER du 31102024 6\nDirection d\u00e9partementale de l'emploi, du travail\net des solidarit\u00e9s du Var\n83-2024-10-29-00008\nARRETE composition CF1_octobre 2024\nDirection d\u00e9partementale de l'emploi, du travail et des solidarit\u00e9s du Var - 83-2024-10-29-00008 - ARRETE composition CF1_octobre\n2024 7\nEs\nPREFET\nDU  VAR\nLibert\u00e9\nEgalit\u00e9\nFraternit\u00e9\n  \n  \n                                                                                                                   Direction D\u00e9partementale \nde l'Emploi, du Travail\n et des Solidarit\u00e9s\nARR\u00caT\u00c9 PR\u00c9FECTORAL 2024-1-3  \nPORTANT MODIFICATION DE LA COMPOSITION DU CONSEIL DE FAMILLE  \nDES PUPILLES DE L'\u00c9TAT DU VAR N\u00b01\nLe Pr\u00e9fet du Var,\n \nVU le Code de l'Action Sociale et des Familles, et notamment les articles R224-1 et suivants,\nVU la loi n\u00b0 82-213 du 2 mars 1982 relative aux droits et libert\u00e9s des communes, des d\u00e9partements et des  \nr\u00e9gions\nVU la loi n\u00b0 83-663 du 22 Juillet 1983 compl\u00e9tant la loi n\u00b0 83-8 du 7 Janvier 1983, relative \u00e0 la r\u00e9partition des  \ncomp\u00e9tences entre les communes, les d\u00e9partements, les r\u00e9gions et l'\u00c9tat,\nVU la loi n\u00b0 84-422 du 6 Juin 1984 relative aux droits des familles dans leurs rapports avec les services  \ncharg\u00e9s de la protection de l'enfant, et au statut des Pupilles de l'\u00c9tat,\nVU la loi n\u00b0 2016-297 du 14 mars 2016 relative \u00e0 la protection de l'enfant modifiant et compl\u00e9tant la loi n\u00b0  \n2007-293 du 05 mars 2007 r\u00e9formant la protection de l'enfance, \nVU la loi n\u00b0 2022-140 du 7 f\u00e9vrier 2022 relative \u00e0 la protection des enfants ,\nVU le d\u00e9cret n\u00b0 2024-491 du 30 mai 2024 relatif au conseil de famille des pupilles de l'\u00c9tat,\nVU  l'arr\u00eat\u00e9 pr\u00e9fectoral en date du 25 mars 2021 portant organisation de la direction d\u00e9partementale de  \nl'emploi, du travail et des solidarit\u00e9s,\nVU l'arr\u00eat\u00e9 conjoint du Premier ministre et du ministre de l'Int\u00e9rieur en date du 22 mars 2021 portant  \nnomination de madame Nelcie FERRERE, directrice d\u00e9partementale adjointe de l'emploi, du travail et des  \nsolidarit\u00e9s,\nVU l'arr\u00eat\u00e9 pr\u00e9fectoral 2024-1-2 en date du 14 juin 2024 modifi\u00e9, portant constitution du Conseil de Famille  \ndes Pupilles de l'\u00c9tat n\u00b01 dans le Var,\nVU la candidature de madame Sylvie RAMBERT, r\u00e9f\u00e9rente sociale et ancienne directrice d'association  \nfamiliale au titre de personne qualifi\u00e9e suppl\u00e9ante,\nVU la nomination en date du 18/10/2024 de madame S\u00e9verine MONTESINO, conseill\u00e8re technique par le  \nDASEN, titulaire en remplacement de madame RENIER au titre de personne qualifi\u00e9e en mati\u00e8re d'\u00e9thique  \net de lutte contre les discriminations,\nCONSID\u00c9RANT que le Pr\u00e9fet du Var est le tuteur des pupilles de l'\u00c9tat en application des articles R224-1 et  \nsuivants du C.A.S.F. Attribution d\u00e9l\u00e9gu\u00e9e au directeur d\u00e9partemental de l'emploi du travail et des solidarit\u00e9s  \n(D.D.E.T.S du Var),\nCONSIDERANT la vacance de poste temporaire de directeur d\u00e9partemental de l'emploi, du travail et des  \nsolidarit\u00e9s du Var et la p\u00e9riode d'int\u00e9rim de direction exerc\u00e9e par madame Nelcie FERRERE, directrice  \nd\u00e9partementale adjointe de l'emploi, du travail et des solidarit\u00e9s,\nSUR  PROPOSITION  de  Madame  la  directrice  d\u00e9partementale  adjointe  de  l'emploi,  du  travail  et  des  \nsolidarit\u00e9s,\nPr\u00e9fecture du Var \u2013DDETSService Acc\u00e8s \u00e0 l'Autonomie des Populations Vuln\u00e9rablesCS 3120983070  TOULON CEDEX Direction d\u00e9partementale de l'emploi, du travail et des solidarit\u00e9s du Var - 83-2024-10-29-00008 - ARRETE composition CF1_octobre\n2024 8\nA R R E T E\nArticle 1  er    \nL'article 2 de l'arr\u00eat\u00e9 pr\u00e9fectoral du 14 juin 2024, relatif \u00e0 la composition du Conseil de Famille des Pupilles  \nde l'\u00c9tat du Var n\u00b01, est modifi\u00e9 comme suit  :\n Personnes qualifi\u00e9es pour l'int\u00e9r\u00eat port\u00e9 \u00e0 la protection de l'Enfance et de la Famille     :  \n\uf0b7Madame Val\u00e9rie KAPP, Assistante sociale - R\u00e9f\u00e9rent social - titulaire\n\uf0b7Madame Sylvie RAMBERT, R\u00e9f\u00e9rente sociale-ancienne directrice d'association familiale -\nsuppl\u00e9ante\n Personnes qualifi\u00e9es en mati\u00e8re d'\u00e9thique et de lutte contre les discriminations     :  \n\uf0b7Madame S\u00e9verine MONTESINO, Conseill\u00e8re technique de l'\u00c9ducation Nationale -titulaire\n\uf0b7Monsieur Vincent CENDAMO, Conseiller technique de l'\u00c9ducation Nationale - Suppl\u00e9ant\nArticle 2 \nLa nouvelle composition du Conseil de Familles des Pupilles de l'\u00c9tat est fix\u00e9e comme suit  :\nRepr\u00e9sentants de l'Association D\u00e9partementale d'Entraide aux Pupilles et Anciens Pupilles de l'\u00c9tat      \n(ADEPAPE):\n\uf0b7Madame Andr\u00e9e BALMAT, membre titulaire\n\uf0b7Madame Mimoza ASLLANI, membre suppl\u00e9ant\n Repr\u00e9sentants d'une association de familles adoptives (E.F.A)     :  \n\uf0b7Madame Am\u00e9lie GAUVRY,membre titulaire\n\uf0b7Madame Sandrine MACIJEWSKI , membre suppl\u00e9ant\nRepr\u00e9sentants de l'Union D\u00e9partementale des Associations Familiales (UDAF)     :  \n\uf0b7Madame Val\u00e9rie RIOS, membre titulaire\n\uf0b7Madame Annabelle CHORLAY, membre suppl\u00e9ant\nRepr\u00e9sentants de l'Association D\u00e9partementale de Sauvegarde de l'Enfance, de l'Adolescence et des  \nAdultes en difficult\u00e9 (ADSEEAV)  : \n\uf0b7Madame Aline PADOLY, membre titulaire\n\uf0b7Madame C\u00e9cile ARAGON, membre suppl\u00e9ante\nRepr\u00e9sentants du Conseil D\u00e9partemental     :  \n\uf0b7Madame Caroline DEPALLENS, membre titulaire\n\uf0b7Madame Jos\u00e9e MASSI, membre titulaire\nPr\u00e9fecture du Var \u2013DDETSService Acc\u00e8s \u00e0 l'Autonomie des Populations Vuln\u00e9rablesCS 3120983070  TOULON CEDEX\n Direction d\u00e9partementale de l'emploi, du travail et des solidarit\u00e9s du Var - 83-2024-10-29-00008 - ARRETE composition CF1_octobre\n2024 9\nPersonnes qualifi\u00e9es en mati\u00e8re d'\u00e9thique et de lutte contre les discriminations     :  \n\uf0b7Madame Severine MONTESINO, Conseill\u00e8re technique de l'\u00c9ducation Nationale -titulaire\n\uf0b7Monsieur Vincent CENDAMO, Conseiller technique de l'\u00c9ducation Nationale - Suppl\u00e9ant\n Personnes qualifi\u00e9es pour l'int\u00e9r\u00eat port\u00e9 \u00e0 la protection de l'Enfance et de la Famille     :  \n\uf0b7Madame Val\u00e9rie KAPP, Assistante sociale - R\u00e9f\u00e9rent social - titulaire\n\uf0b7Madame Sylvie RAMBERT, R\u00e9f\u00e9rente sociale-ancienne directrice d'association familiale -\nsuppl\u00e9ante\nArticle      3  \nLe Secr\u00e9taire G\u00e9n\u00e9ral de la Pr\u00e9fecture du Var et la Directrice D\u00e9partementale de l'Emploi, du Travail et des  \nSolidarit\u00e9s par interim, sont charg\u00e9s de l'ex\u00e9cution du pr\u00e9sent arr\u00eat\u00e9 qui sera publi\u00e9 au Recueil des Actes  \nAdministratifs de la Pr\u00e9fecture du Var.\n \nFait \u00e0 Toulon, le 29 octobre 2024.\nLe Pr\u00e9fet du Var\nSign\u00e9 : Philippe MAH\u00c9\nPr\u00e9fecture du Var \u2013DDETSService Acc\u00e8s \u00e0 l'Autonomie des Populations Vuln\u00e9rablesCS 3120983070  TOULON CEDEX\n Direction d\u00e9partementale de l'emploi, du travail et des solidarit\u00e9s du Var - 83-2024-10-29-00008 - ARRETE composition CF1_octobre\n2024 10\nDirection d\u00e9partementale de l'emploi, du travail\net des solidarit\u00e9s du Var\n83-2024-10-29-00007\nARR\u00caT\u00c9 portant modification composition\nCF2_octobre 2024\nDirection d\u00e9partementale de l'emploi, du travail et des solidarit\u00e9s du Var - 83-2024-10-29-00007 - ARR\u00caT\u00c9 portant modification\ncomposition CF2_octobre 2024 11\nEs\nPREFET\nDU  VAR\nLibert\u00e9\nEgalit\u00e9\nFraternit\u00e9\n  \n  \n                                                                                                                   Direction D\u00e9partementale \nde l'Emploi, du Travail\n et des Solidarit\u00e9s\nARR\u00caT\u00c9 PR\u00c9FECTORAL 2024-2-2\nPORTANT MODIFICATION DE LA COMPOSITION DU CONSEIL DE FAMILLE  \nDES PUPILLES DE L'\u00c9TAT DU VAR N\u00b02\nLe Pr\u00e9fet du Var,\n \nVU le Code de l'Action Sociale et des Familles, et notamment les articles R224-1 et suivants,\nVU la loi n\u00b0 82-213 du 2 mars 1982 relative aux droits et libert\u00e9s des communes, des d\u00e9partements et des  \nr\u00e9gions\nVU la loi n\u00b0 83-663 du 22 Juillet 1983 compl\u00e9tant la loi n\u00b0 83-8 du 7 Janvier 1983, relative \u00e0 la r\u00e9partition des  \ncomp\u00e9tences entre les communes, les d\u00e9partements, les r\u00e9gions et l'\u00c9tat,\nVU la loi n\u00b0 84-422 du 6 Juin 1984 relative aux droits des familles dans leurs rapports avec les services  \ncharg\u00e9s de la protection de l'enfant, et au statut des Pupilles de l'\u00c9tat,\nVU la loi n\u00b0 2016-297 du 14 mars 2016 relative \u00e0 la protection de l'enfant modifiant et compl\u00e9tant la loi n\u00b0  \n2007-293 du 05 mars 2007 r\u00e9formant la protection de l'enfance, \nVU la loi n\u00b0 2022-140 du 7 f\u00e9vrier 2022 relative \u00e0 la protection des enfants ,\nVU le d\u00e9cret n\u00b0 2024-491 du 30 mai 2024 relatif au conseil de famille des pupilles de l'\u00c9tat,\nVU  l'arr\u00eat\u00e9 pr\u00e9fectoral en date du 25 mars 2021 portant organisation de la direction d\u00e9partementale de  \nl'emploi, du travail et des solidarit\u00e9s,\nVU l'arr\u00eat\u00e9 conjoint du Premier ministre et du ministre de l'Int\u00e9rieur en date du 22 mars 2021 portant  \nnomination de madame Nelcie FERRERE, directrice d\u00e9partementale adjointe de l'emploi, du travail et des  \nsolidarit\u00e9s,\nVU l'arr\u00eat\u00e9 pr\u00e9fectoral 2024-2-1 modifi\u00e9 en date du 14 juin 2024, portant constitution du Conseil de Famille  \ndes Pupilles de l'\u00c9tat n\u00b02 dans le Var,\nVU le courrier de d\u00e9mission de madame Audrey LAMBERT, titulaire EFA,\nVU le courrier de nomination du 20/10/2024 de madame Emilie LAUVERGEAT titulaire EFA,\nVU l'information  de  d\u00e9mission  de  madame  LEBLANC,  suppl\u00e9ante,  personne  qualifi\u00e9e  nomm\u00e9e  par  le  \nDASEN, non remplac\u00e9e pour le moment,\nCONSIDERANT que le Pr\u00e9fet du Var est le tuteur des pupilles de l'\u00c9tat en application des articles R224-1 et  \nsuivants  du  C.A.S.F.  Attribution  d\u00e9l\u00e9gu\u00e9e  au  Directeur  D\u00e9partemental  de  l'Emploi  du  Travail  et  des  \nSolidarit\u00e9s (D.D.E.T.S du Var),\nCONSIDERANT la vacance de poste temporaire de directeur d\u00e9partemental de l'emploi, du travail et des  \nsolidarit\u00e9s du Var et la p\u00e9riode d'int\u00e9rim de direction exerc\u00e9e par madame Nelcie FERRERE, directrice  \nd\u00e9partementale adjointe de l'emploi, du travail et des solidarit\u00e9s,\nSUR  PROPOSITION  de  Madame  la  directrice  d\u00e9partementale  adjointe  de  l'emploi,  du  travail  et  des  \nsolidarit\u00e9s,\nPr\u00e9fecture du Var \u2013DDETSService Acc\u00e8s \u00e0 l'Autonomie des Populations Vuln\u00e9rablesCS 3120983070  TOULON CEDEX Direction d\u00e9partementale de l'emploi, du travail et des solidarit\u00e9s du Var - 83-2024-10-29-00007 - ARR\u00caT\u00c9 portant modification\ncomposition CF2_octobre 2024 12\n \nA R R E T E\nArticle 1  er    \nL'article 2 de l'arr\u00eat\u00e9 pr\u00e9fectoral du 14 juin 2024, relatif \u00e0 la composition du Conseil de Famille des Pupilles  \nde l'\u00c9tat du Var n\u00b02, est modifi\u00e9 comme suit  :\nPersonnes qualifi\u00e9es en mati\u00e8re d'\u00e9thique et de lutte contre les discriminations     :  \n\uf0b7Madame Fabienne BONNET, Inspectrice \u00c9ducation Nationale, membre titulaire\nRepr\u00e9sentants d'associations familiales     :  \nPour Enfance et Familles d'Adoption (EFA)  :\n\uf0b7Madame  Emilie LAUVERGEAT, membre titulaire\n\uf0b7Monsieur Guillaume LAMBERT, membre suppl\u00e9ant\nArticle 2 \nLa nouvelle composition du Conseil de Familles des Pupilles de l'\u00c9tat n\u00b02 est fix\u00e9e comme suit  :\nRepr\u00e9sentants du Conseil D\u00e9partemental     :  \n\uf0b7 Madame Val\u00e9rie MONDONE, membre titulaire\n\uf0b7 Madame Nathalie JANET, membre titulaire\nRepr\u00e9sentants de l'Association D\u00e9partementale d'Entraide aux Pupilles et Anciens Pupilles de l'\u00c9tat  \n(ADEPAPE)     :  \n\uf0b7Madame Sylvie DESANTI, membre titulaire\n\uf0b7Madame Nelly WOOLLEY, membre suppl\u00e9ant\n Repr\u00e9sentants d'associations familiales     :  \nPour l'Union D\u00e9partementale des associations familiales  (UDAF) : \n\uf0b7Madame Samantha BONAMY, membre titulaire\n\uf0b7Monsieur Didier GUERRINI, membre suppl\u00e9ant\nPour Enfance et Familles d'Adoption (EFA)  :\n\uf0b7Madame  Emilie LAUVERGEAT, membre titulaire\n\uf0b7Monsieur Guillaume LAMBERT, membre suppl\u00e9ant\nPersonnes qualifi\u00e9es en mati\u00e8re d'\u00e9thique et de lutte contre les discriminations     :  \n\uf0b7Madame Fabienne BONNET, Inspectrice \u00c9ducation Nationale, membre titulaire\nPersonnes qualifi\u00e9es pour l'int\u00e9r\u00eat port\u00e9 \u00e0 la protection de l'Enfance et de la Famille     :  \n\uf0b7Madame Sophie ABOUDARAM, directrice ADAPT, membre titulaire\nPr\u00e9fecture du Var \u2013DDETSService Acc\u00e8s \u00e0 l'Autonomie des Populations Vuln\u00e9rablesCS 3120983070  TOULON CEDEX\n Direction d\u00e9partementale de l'emploi, du travail et des solidarit\u00e9s du Var - 83-2024-10-29-00007 - ARR\u00caT\u00c9 portant modification\ncomposition CF2_octobre 2024 13\nConform\u00e9ment \u00e0 l'article R 224-4 du CASF qui stipule que lorsque la d\u00e9signation de l'un ou l'autre des  \nmembres mentionn\u00e9s \u00e0 l'article R224-3 est rendue impossible en raison de l'absence des associations  \nconsid\u00e9r\u00e9es dans le d\u00e9partement ou de l'absence ou de l'insuffisance des listes de pr\u00e9sentation, ce qui est  \nle  cas  dans  le  Var,  le  pr\u00e9fet  y  suppl\u00e9e  en  nommant  toute  personne  de  son  choix  ayant  la  qualit\u00e9  \ncorrespondante.  Ainsi  concernant  la  repr\u00e9sentation  d'association  d'assistant  maternel ,  le  Pr\u00e9fet \nnomme :\n\uf0b7Madame Sophie MILLEREAU, responsable de formation continue d'assistants maternels  \n(IFTS), membre titulaire \nArticle     : 3  \nLe Secr\u00e9taire G\u00e9n\u00e9ral de la Pr\u00e9fecture du Var et la Directrice D\u00e9partementale de l'Emploi, du Travail et des  \nSolidarit\u00e9s par interim, sont charg\u00e9s de l'ex\u00e9cution du pr\u00e9sent arr\u00eat\u00e9 qui sera publi\u00e9 au Recueil des Actes  \nAdministratifs de la Pr\u00e9fecture du Var.\nFait \u00e0 Toulon, le 29 octobre 2024.\nLe Pr\u00e9fet du Var\nSign\u00e9 : Philippe MAH\u00c9\nPr\u00e9fecture du Var \u2013DDETSService Acc\u00e8s \u00e0 l'Autonomie des Populations Vuln\u00e9rablesCS 3120983070  TOULON CEDEX\n Direction d\u00e9partementale de l'emploi, du travail et des solidarit\u00e9s du Var - 83-2024-10-29-00007 - ARR\u00caT\u00c9 portant modification\ncomposition CF2_octobre 2024 14\nSecr\u00e9tariat g\u00e9n\u00e9ral commun d\u00e9partemental\n83-2024-10-29-00009\nArr\u00eat\u00e9 n\u00b02024/064 fixant la composition\nnominative des repr\u00e9sentants du personnel au\nsein de la Commission locale d'Action Sociale du\nminist\u00e8re de l'Int\u00e9rieur pour le Var\nSecr\u00e9tariat g\u00e9n\u00e9ral commun d\u00e9partemental - 83-2024-10-29-00009 - Arr\u00eat\u00e9 n\u00b02024/064 fixant la composition nominative des\nrepr\u00e9sentants du personnel au sein de la Commission locale d'Action Sociale du minist\u00e8re de l'Int\u00e9rieur pour le Var 15\nEx\nPREFET\nDU  VAR\nLibert\u00e9\nEgalit\u00e9\nFraternit\u00e9\nSecr\u00e9tariat g\u00e9n\u00e9ral commun d\u00e9partemental\nARR\u00caT\u00c9 N\u00b02024/064\nFixant la composition nominative des repr\u00e9sentants du personnel au sein de la  \nCommission locale d'Action Sociale du minist\u00e8re de l'Int\u00e9rieur pour le Var\nLe pr\u00e9fet du Var,\nVU la  loi  n\u00b0  83-634  du  13  juillet  1983  modifi\u00e9e  portant  droits  et  obligations  des  \nfonctionnaires,  notamment  son  article  9,  ensemble  la  loi  n\u00b0  84-16  du  11  janvier  1984  \nmodifi\u00e9e portant statut g\u00e9n\u00e9ral de la fonction publique de l'\u00c9tat  ;\nVU la  loi  n\u00b0  2010-751  du  5  juillet  2010  relative  \u00e0  la  r\u00e9novation  du  dialogue  social  et  \ncomportant diverses dispositions relatives \u00e0 la fonction publique  ;\nVU le d\u00e9cret n\u00b0 2004-374 du 29 avril 2004 modifi\u00e9 relatif aux pouvoirs des pr\u00e9fets, \u00e0  \nl'organisation et \u00e0 l'action des services de l'\u00c9tat dans les r\u00e9gions et les d\u00e9partements ;\nVU le  d\u00e9cret  n\u00b02006-21  du  6  janvier  2006,  relatif  \u00e0  l'action  sociale  au  b\u00e9n\u00e9fice  des  \npersonnels de l'\u00c9tat ;\nVU le  d\u00e9cret  n\u00b02020-99  du  7  f\u00e9vrier  2020  relatif  \u00e0  l'organisation  et  aux  missions  des  \nsecr\u00e9tariats g\u00e9n\u00e9raux communs d\u00e9partementaux  ;\nVU  le d\u00e9cret du Pr\u00e9sident de la R\u00e9publique du 13 juillet 2023 portant nomination de  \nMonsieur Philippe MAHE ;\nVU l'arr\u00eat\u00e9  minist\u00e9riel  IOMA2227640A  du  17  octobre  2022,  relatif  \u00e0  la  commission  \nnationale  d'action  sociale  du  minist\u00e8re  de  l'Int\u00e9rieur,  de  l'outre-mer,  des  collectivit\u00e9s  \nterritoriales et de l'immigration  ;\nVU l'arr\u00eat\u00e9 INTA 1927077A du 26 septembre 2019 relatif aux Commissions Locales d'Action  \nSociale (CLAS) et au r\u00e9seau local d'action sociale du Minist\u00e8re de l'Int\u00e9rieur  ;\nVU la circulaire IOCA0927123C du 13 novembre 2009 du Ministre de l'Int\u00e9rieur, de l'outre-\nmer et des collectivit\u00e9s territoriales, relative au budget d\u00e9concentr\u00e9 d'initiative locale ;\nVU la circulaire du 22 mars 2023  relative \u00e0 la recomposition des commissions locales  \nd'action sociale \u00e0 la suite des \u00e9lections professionnelles de d\u00e9cembre 2018 ;\nVU l'arr\u00eat\u00e9 du 30 mai 2023 fixant la r\u00e9partition et l'attribution des si\u00e8ges des repr\u00e9sentants  \ndu personnel au sein de la Commission locale d'Action Sociale du minist\u00e8re de l'Int\u00e9rieur  \npour le Var ;\n1/3\nSecr\u00e9tariat g\u00e9n\u00e9ral commun d\u00e9partemental - 83-2024-10-29-00009 - Arr\u00eat\u00e9 n\u00b02024/064 fixant la composition nominative des\nrepr\u00e9sentants du personnel au sein de la Commission locale d'Action Sociale du minist\u00e8re de l'Int\u00e9rieur pour le Var 16\nVU l'arr\u00eat\u00e9 du 20 septembre 2023 fixant la composition nominative des repr\u00e9sentants du  \npersonnel au sein de la Commission locale d'Action Sociale du minist\u00e8re de l'Int\u00e9rieur  \npour le Var ;\nVU l'arr\u00eat\u00e9 pr\u00e9fectoral n\u00b0 2024/14/MCI du 12 avril 2024 portant d\u00e9l\u00e9gation de signature \u00e0  \nMonsieur Lucien GIUDICELLI, secr\u00e9taire g\u00e9n\u00e9ral de la pr\u00e9fecture du Var, sous-pr\u00e9fet de  \nl'arrondissement de Toulon  ;\nVU la d\u00e9mission de Monsieur Jean-Fran\u00e7ois HOSPITAL en qualit\u00e9 de membre suppl\u00e9ant, en  \ndate du 6 juin 2024  ;\nVU la d\u00e9signation par le syndicat FSMI-FO de son rempla\u00e7ant en date du 2 octobre 2024  ;\nARRETE\nArticle 1  e  r :\nLa  liste  des  membres  repr\u00e9sentant  de  FSMI-FO,  \u00e9tablie  \u00e0  l'article  1er de  l'arr\u00eat\u00e9 du \n20 septembre 2023 portant  composition  nominative  de  la  commission  locale  d'action  \nsociale du Var, est modifi\u00e9e de la mani\u00e8re suivante  :\nAu lieu de :\nMembres titulaires Membres suppl\u00e9ants\nAu titre de FSMI-FO\nM. Julien VENTRE M. David LEFEBVRE \nMme Sonia HMIMOU Mme Cindy CHEVALIER\nM. Garry VACHER M. J\u00e9r\u00e9my ALLAL\nM. St\u00e9phane LEBLANC M. Fr\u00e9d\u00e9ric TOGNARINI\nMme St\u00e9phanie RAMIREZ M. Jean-Fran\u00e7ois HOSPITAL\nMme L\u00e6titia PELLISSIER M. Christophe BEY\nMme Laurence CAIRE Mme C\u00e9line BEZIE-BOUDGHASSEM\nAu titre de CFE-CGC\nMme Anne RUSSEAU M. S\u00e9bastien SOULE\nM. Jean-Marc DIAMANTE Mme TOUMI Lydia\nMme Nicole VIEL-SORGUS M. Ken ZARCHER\nMme Fran\u00e7oise CAVALIER M. Fr\u00e9d\u00e9ric BERNARD\nM. Thierry SCRIMENTI Mme BLONDEAU C\u00e9line\nM. Morad BENARIOUA Mme FAVERO Laur\u00e8ne\nAu titre de UNSA-FASMI\nMme Sophie MARQUER M. Mickael BALDINI\nAu titre de CFDT Interco\nMme Odile FRASCHINI Mme Marie-Christine BALDINI \n2/3Secr\u00e9tariat g\u00e9n\u00e9ral commun d\u00e9partemental - 83-2024-10-29-00009 - Arr\u00eat\u00e9 n\u00b02024/064 fixant la composition nominative des\nrepr\u00e9sentants du personnel au sein de la Commission locale d'Action Sociale du minist\u00e8re de l'Int\u00e9rieur pour le Var 17\nLire :\nMembres titulaires Membres suppl\u00e9ants\nAu titre de FSMI-FO\nM. Julien VENTRE M. David LEFEBVRE \nMme Sonia HMIMOU Mme Cindy CHEVALIER\nM. Garry VACHER M. J\u00e9r\u00e9my ALLAL\nM. St\u00e9phane LEBLANC M. Fr\u00e9d\u00e9ric TOGNARINI\nMme St\u00e9phanie RAMIREZ Mme Ahlem DAMES-RUIZ\nMme L\u00e6titia PELLISSIER M. Christophe BEY\nMme Laurence CAIRE Mme C\u00e9line BEZIE-BOUDGHASSEM\nAu titre de CFE-CGC\nMme Anne RUSSEAU M. S\u00e9bastien SOULE\nM. Jean-Marc DIAMANTE Mme TOUMI Lydia\nMme Nicole VIEL-SORGUS M. Ken ZARCHER\nMme Fran\u00e7oise CAVALIER M. Fr\u00e9d\u00e9ric BERNARD\nM. Thierry SCRIMENTI Mme BLONDEAU C\u00e9line\nM. Morad BENARIOUA Mme FAVERO Laur\u00e8ne\nAu titre de UNSA-FASMI\nMme Sophie MARQUER M. Mickael BALDINI\nAu titre de CFDT Interco\nMme Odile FRASCHINI Mme Marie-Christine BALDINI \nArticle 2 :\nL'arr\u00eat\u00e9 du 20 septembre 2023 est abrog\u00e9.\nArticle 2 :\nLe pr\u00e9sent arr\u00eat\u00e9 sera notifi\u00e9 aux membres de la CLAS du Var.\nArticle 3 :\nLe secr\u00e9taire g\u00e9n\u00e9ral est charg\u00e9 de l'ex\u00e9cution du pr\u00e9sent arr\u00eat\u00e9, qui sera publi\u00e9 au recueil  \ndes actes administratifs de la pr\u00e9fecture du Var.\n      Pour le Pr\u00e9fet\n    et par d\u00e9l\u00e9gation\n   le secr\u00e9taire g\u00e9n\u00e9ral          Fait \u00e0 Toulon, le 29 octobre 2024\n           Sign\u00e9    \n     Lucien GIUDICELLI\nDans un d\u00e9lai de deux mois \u00e0 compter de la date de notification de la pr\u00e9sente d\u00e9cision, les recours suivants peuvent \u00eatre introduits conform\u00e9ment aux dispositions des articles R. 421-1 et suivants du code de justice administrative :- un recours gracieux, adress\u00e9 \u00e0 : M. le Pr\u00e9fet du Var \u2013 Bd du 112\u00e8me r\u00e9giment d'infanterie- CS 31209 - 83070 TOULON CEDEXDans ce cas, le silence de l'administration vaut rejet implicite au terme d'un d\u00e9lai de deux mois.Apr\u00e8s un recours gracieux, le d\u00e9lai du recours contentieux ne court qu'\u00e0 compter du rejet explicite ou implicite de ce recours.- un recours contentieux, en saisissant le Tribunal Administratif de Toulon  : 5 rue Racine -BP 40510 - 83 041 TOULON CEDEX 9\nLe tribunal administratif peut \u00eatre saisi par l'application informatique \u00ab  T\u00e9l\u00e9recours citoyens \u00bb accessible par le site internet \u00ab  www.telerecours.fr \u00bb.\n3/3Secr\u00e9tariat g\u00e9n\u00e9ral commun d\u00e9partemental - 83-2024-10-29-00009 - Arr\u00eat\u00e9 n\u00b02024/064 fixant la composition nominative des\nrepr\u00e9sentants du personnel au sein de la Commission locale d'Action Sociale du minist\u00e8re de l'Int\u00e9rieur pour le Var 18","date":"2024-11-05","first_seen_on":"2024-11-05T18:03:54+00:00","id":"34e64b12fe56770d3aff21cd6175363cc67b0148f84007cb11e41e2813d18e76","name":"RAA N\u00b0313 du 5 novembre 2024","pdf_creation_date":"2024-11-05T16:27:56+00:00","pdf_modification_date":null,"timezone":"Europe/Paris","url":"https://www.var.gouv.fr/contenu/telechargement/36981/244700/file/RAA%20N%C2%B0313%20du%205%20novembre%202024%20NOMINATIF.pdf"}
