{"administration":"prefidf","administration_name":"Pr\u00e9fecture de la r\u00e9gion \u00cele-de-France","content":"PREFECTURE\nREGION ILE DE\nFRANCE\nRECUEIL DES ACTES\nADMINISTRATIFS SP\u00c9CIAL\nN\u00b0IDF-012-2025-06\nPUBLI\u00c9 LE  6 JUIN 2025\nSommaire\nAgence R\u00e9gionale de Sant\u00e9 /\nIDF-2025-03-01-00001 - Arr\u00eat\u00e9 2025-153 portant approbation de cession\nd'autorisation du Centre m\u00e9dico-psycho-p\u00e9dagogique (CMPP) de\nSevran g\u00e9r\u00e9 par l'association AGAPPES, du CMPP de Noisy-le-Sec\ng\u00e9r\u00e9 par l'association APTIS, du CMPP Lucien Madras g\u00e9r\u00e9 par\nl'association Paul Langevin et du CMPP de Romainville g\u00e9r\u00e9 par\nl'association du CMPP de Romainville, au profit de l'association AMPPE 93 (4\npages) Page 4\nIDF-2025-05-23-00019 - Arr\u00eat\u00e9 2025-172 portant autorisation de\ntransformation sans changement de cat\u00e9gorie de b\u00e9n\u00e9ficiaires de 19\nplaces du DITEP Clairval \u00e0 Bi\u00e8vres, Sainte-Genevi\u00e8ve des Bois et\nEtampes en CMPP aux Ulis g\u00e9r\u00e9 par l'association ESSOR (4 pages) Page 9\nIDF-2025-06-02-00019 - Arr\u00eat\u00e9 2025-173 portant autorisation de\ntransformation sans changement de cat\u00e9gorie de b\u00e9n\u00e9ficiaire de 15\nplaces du Service d'Accompagnement \u00e0 la Vie Sociale (SAVS)\nl'Appr'Hoche \u00e0 Juvisy-sur-Orge en 15 places de Service\nd'Accompagnement M\u00e9dico-social pour Adultes Handicap\u00e9s\n(SAMSAH) puis extension \u00e0 30 places de SAMSAH sur les communes de\nJuvisy, Pussay et Etampes g\u00e9r\u00e9 par l'association Accompagnement Lieux\nde Vie Entraide (ALVE) (5 pages) Page 14\nIDF-2025-06-03-00002 - Arr\u00eat\u00e9 2025-174 portant autorisation de\ntransformation sans changement de cat\u00e9gorie de b\u00e9n\u00e9ficiaires de 20\nplaces du Service d'Accompagnement \u00e0 la Vie Sociale (SAVS) du C\u00f4t\u00e9\nde chez soi \u00e0 Marcoussis en 20 places de Service d'Accompagnement\nM\u00e9dico-social pour Adultes Handicap\u00e9s (SAMSAH) puis extension \u00e0\n40 places de SAMSAH \u00e0 la m\u00eame g\u00e9r\u00e9 par la Fondation Les Amis de\nl'Atelier  (5 pages) Page 20\nIDF-2025-06-03-00003 - Arr\u00eat\u00e9 2025-175 portant autorisation de\ntransformation sans changement de cat\u00e9gorie de b\u00e9n\u00e9ficiaires de 15\nplaces du Service d'Accompagnement \u00e0 la Vie Sociale (SAVS) S\u00e9same\n\u00e0 Orsay en 15 places de Service d'Accompagnement M\u00e9dico-social pour\nAdultes Handicap\u00e9s (SAMSAH) d'Orsay puis extension \u00e0 30 places de\nSAMSAH g\u00e9r\u00e9 par la Fondation des Amis de l'Atelier (5 pages) Page 26\nAgence R\u00e9gionale de Sant\u00e9 / Direction Veille et S\u00e9curit\u00e9 Sanitaires\nIDF-2025-06-05-00011 - D\u00e9cision DVSS - QSPHARMBIO - 2025/048 portant\nsuppression de la pharmacie \u00e0 usage int\u00e9rieur du centre Lecourbe (2\npages) Page 32\n2\nDirection de la s\u00e9curit\u00e9 de l'aviation civile nord / R\u00e9gulation et\nD\u00e9veloppement Durable\nIDF-2025-06-05-00010 - Arr\u00eat\u00e9 portant octroi de la licence\nd'exploitation de transporteur a\u00e9rien \nau profit de la soci\u00e9t\u00e9\nYANKEE DELTA (2 pages) Page 35\nDirection r\u00e9gionale et interd\u00e9partementale de l'h\u00e9bergement et du\nlogement / Service Acc\u00e8s au Logement et Pr\u00e9ventions des Expulsions\nIDF-2025-06-05-00005 - Arr\u00eat\u00e9 portant agr\u00e9ment de l'Association pour\nl'amiti\u00e9 (APA) au titre de l'interm\u00e9diation locative et gestion locative\nsociale (4 pages) Page 38\nIDF-2025-06-05-00009 - Arr\u00eat\u00e9 portant agr\u00e9ment de l'association\nRESIDETAPES DEVELOPPEMENT\nau titre de l'interm\u00e9diation locative et\ngestion locative sociale (4 pages) Page 43\nIDF-2025-06-05-00006 - Arr\u00eat\u00e9 portant agr\u00e9ment de la Fondation\nApprentis d'Auteuil au titre de l'ing\u00e9nierie sociale, financi\u00e8re et\ntechnique (4 pages) Page 48\nIDF-2025-06-05-00007 - Arr\u00eat\u00e9 portant agr\u00e9ment de la Fondation\nApprentis d'Auteuil au titre de l'interm\u00e9diation locative et gestion\nlocative sociale (4 pages) Page 53\nIDF-2025-06-05-00008 - Arr\u00eat\u00e9 portant agr\u00e9ment de l'Association\nRESIDETAPES DEVELOPPEMENT\nau titre de l'ing\u00e9nierie sociale,\nfinanci\u00e8re et technique (4 pages) Page 58\nDirection r\u00e9gionale et interd\u00e9partementale de l'environnement, de\nl'am\u00e9nagement et des transports d'\u00cele-de-France / Service de la\npolitique des transports\nIDF-2025-06-06-00009 - Arr\u00eat\u00e9 DRIEAT IdF n\u00b02025-0531 autorisant les\ntests et essais de trois rames MF19 5 voitures sur la ligne 10 de m\u00e9tro\nparisien  (2 pages) Page 63\nRectorat de la r\u00e9gion acad\u00e9mique d'Ile-de-France, rectorat de\nl'acad\u00e9mie de Paris /\nIDF-2025-05-28-00009 -  Arr\u00eat\u00e9 n\u00b0 2025-118-RA portant cr\u00e9ation et\norganisation du service de d\u00e9fense et de s\u00e9curit\u00e9 de l'acad\u00e9mie\nde Paris, chef-lieu de la r\u00e9gion acad\u00e9mique \u00cele-de-France (3 pages) Page 66\n3\nAgence R\u00e9gionale de Sant\u00e9\nIDF-2025-03-01-00001\nArr\u00eat\u00e9 2025-153 portant approbation de cession\nd'autorisation du Centre\nm\u00e9dico-psycho-p\u00e9dagogique (CMPP) de Sevran\ng\u00e9r\u00e9 par l'association AGAPPES, du CMPP de\nNoisy-le-Sec g\u00e9r\u00e9 par l'association APTIS, du\nCMPP Lucien Madras g\u00e9r\u00e9 par l'association Paul\nLangevin et du CMPP de Romainville g\u00e9r\u00e9 par\nl'association du CMPP de Romainville, au profit\nde l'association AMPPE 93\nAgence R\u00e9gionale de Sant\u00e9 - IDF-2025-03-01-00001 - Arr\u00eat\u00e9 2025-153 portant approbation de cession d'autorisation du Centre\nm\u00e9dico-psycho-p\u00e9dagogique (CMPP) de Sevran g\u00e9r\u00e9 par l'association AGAPPES, du CMPP de Noisy-le-Sec g\u00e9r\u00e9 par l'association APTIS,\ndu CMPP Lucien Madras g\u00e9r\u00e9 par l'association Paul Langevin et du CMPP de Romainville g\u00e9r\u00e9 par l'association du CMPP de Romainville,\nau profit de l'association AMPPE 93\n4\nREPUBLIQUEFRANCAISELibert\u00e9Egalit\u00e9Fraternit\u00e9\ne \u00bb Agence R\u00e9gionale de Sant\u00e9Ile-de-France\n \n \n \n \n \n \n \n \n \nAGENCE R\u00c9GIONALE DE SANT\u00c9 \u00ceLE-DE-FRANCE \n \nARRETE N\u00b0 2025 \u2013 153  \n   \nportant approbation de cession d'autorisation du Centre m\u00e9dico-psycho-p\u00e9dagogique \n(CMPP) de Sevran g\u00e9r\u00e9 par l'association AGAPPES, du CMPP de Noisy-le-Sec g\u00e9r\u00e9 par \nl'association APTIS, du CMPP Lucien Madras g\u00e9r\u00e9 par l'association Paul Langevin, et du \nCMPP de Romainville g\u00e9r\u00e9 par l'association du CMPP de Romainville, au profit de \nl'association AMPPE 93 \n \n \nLE DIRECTEUR G\u00c9N\u00c9RAL DE L'AGENCE R\u00c9GIONALE DE SANT\u00c9 \u00ceLE-DE-FRANCE \n \nVU le code de l'action sociale et des familles et notamment les article s L. 312-1, L. 313-1, L. \n314-3 et suivants ; \n \nVU        le d\u00e9cret du 10 avril 2024 portant nomination de Monsieur Denis ROBIN, Directeur g\u00e9n\u00e9ral \nde l'Agence r\u00e9gionale de sant\u00e9 \u00cele-de-France \u00e0 compter du 29 avril 2024 ; \n \nVU l'arr\u00eat\u00e9 n\u00b0 DIRNOV-2023/08 de la Directrice g\u00e9n\u00e9rale de l'Agence r\u00e9gionale de sant\u00e9 \u00cele-\nde-France en date du 26 octobre 2023 portant adoption du cadre d'orientation strat\u00e9gique \n2018-2028 du projet r\u00e9gional de sant\u00e9 d'\u00cele-de-France ; \n \nVU l'arr\u00eat\u00e9 n\u00b0 DIRNOV-2023/09 de la Directrice g\u00e9n\u00e9rale de l'Agence r\u00e9gionale de sant\u00e9 \u00cele-\nde-France en date du 26 octobre 2023 portant adoption du sch\u00e9ma r\u00e9gional de sant\u00e9 2023-\n2028 du projet r\u00e9gional de sant\u00e9 d'\u00cele-de-France, modifi\u00e9 par l'arr\u00eat\u00e9 n\u00b0DIRNOV -2023/09 \nen date du 12 janvier 2024 ; \n \nVU l'arr\u00eat\u00e9 n\u00b0 2023-346 de la Directrice g\u00e9n\u00e9rale de l'Agence r\u00e9gionale de sant\u00e9 \u00cele-de-France \nen date du 4 d\u00e9cembre 2023 \u00e9tablissant le programme interd\u00e9partemental \nd'accompagnement des handicaps et de la perte d'autonomie (PRIAC) 2023 -2027 pour la \nr\u00e9gion \u00cele-de-France ; \n \nVU      le courrier de l'ARS du 22 novembre 2016 portant renouvellement de l'autorisation du \nCMPP Lucien Madras g\u00e9r\u00e9 par l'association Paul Langevin par tacite reconduction \u00e0 \ncompter du 3 janvier 2017 ; \n \nVU     le courrier de l'ARS du 22 novembre 2016  portant renouvellement de l'autorisation du \nCMPP de Romainville g\u00e9r\u00e9 par l'association du CMPP de Romainville  par tacite \nreconduction \u00e0 compter du 3 janvier 2017 ; \n \nVU      le courrier de l'Agence r\u00e9gionale de sant\u00e9 du 22 novembre 2016 portant renouvellement de \nl'autorisation du CMPP de Noisy -le-Sec g\u00e9r\u00e9 par l'association APTIS par tacite \nreconduction \u00e0 compter du 3 janvier 2017 ; \n \nVU      l'arr\u00eat\u00e9 09-0905 du 28 avril 2009 du pr\u00e9fet de la Seine -Saint-Denis portant autorisation du \nCMPP de Sevran g\u00e9r\u00e9 par l'AGAPPES et le renouvellement de l'autorisation \u00e0 compter du \n7 avril 2024 ;  \n \nAgence R\u00e9gionale de Sant\u00e9 - IDF-2025-03-01-00001 - Arr\u00eat\u00e9 2025-153 portant approbation de cession d'autorisation du Centre\nm\u00e9dico-psycho-p\u00e9dagogique (CMPP) de Sevran g\u00e9r\u00e9 par l'association AGAPPES, du CMPP de Noisy-le-Sec g\u00e9r\u00e9 par l'association APTIS,\ndu CMPP Lucien Madras g\u00e9r\u00e9 par l'association Paul Langevin et du CMPP de Romainville g\u00e9r\u00e9 par l'association du CMPP de Romainville,\nau profit de l'association AMPPE 93\n5\n       2 \n \nVU la d\u00e9lib\u00e9ration du 25 juin 2024 de l'assembl\u00e9e g\u00e9n\u00e9rale extraordinaire de l'association Paul \nLangevin dont le si\u00e8ge social est situ\u00e9 au 5 rue Paul Lafargue \u00e0 Montreuil (93100) ;  \n \nVU la d\u00e9lib\u00e9ration du 27 juin 2024 de l'assembl\u00e9e g\u00e9n\u00e9rale extraordinaire de l'association du \nCMPP de Romainville dont le si\u00e8ge social est situ\u00e9 au 91 rue Saint Germain \u00e0 Romainville \n(93230) ; \n \nVU      la d\u00e9lib\u00e9ration du 28 juin 2024 de l'assembl\u00e9e g\u00e9n\u00e9rale extraordinaire de l'association de \ngestion des actions psycho -p\u00e9dagogiques et \u00e9ducatives de Sevran  (AGAPPES) dont le \nsi\u00e8ge social est situ\u00e9 au 6 all\u00e9e La P\u00e9rouse \u00e0 Sevran (93270) ;   \n \nVU      la d\u00e9lib\u00e9ration du 5 septembre 2024 de l'assembl\u00e9e g\u00e9n\u00e9rale extraordinaire de l'association \npour le traitement des inadaptations scolaires (APTIS) dont le si\u00e8ge social est situ\u00e9 au 17 \nall\u00e9e des Roses \u00e0 Noisy-le-Sec (93130) ;   \n  \nVU  l'arr\u00eat\u00e9 pr\u00e9fectoral n\u00b02025-03-05 du 26 f\u00e9vrier 2025 autorisant la cr\u00e9ation de l'association \nm\u00e9dico-psycho p\u00e9dagogique \u00e9ducative 93 (AMPPE 93)  situ\u00e9e au 5  rue Paul Lafargue \u00e0 \nMontreuil (93100) et publi\u00e9 au journal officiel n\u00b02210 en date du 4 mars 2025 ; \n \nVU la d\u00e9lib\u00e9ration du 21 septembre 2024 de l'assembl\u00e9e g\u00e9n\u00e9rale constitutive de l'association \nm\u00e9dico psycho p\u00e9dagogique \u00e9ducative 93 (AMPPE 93) ;  \n            \nVU  la d\u00e9cision du 6 f\u00e9vrier 2025 de l'assembl\u00e9e g\u00e9n\u00e9rale extraordinaire de l'AMPPE 93 ;  \n \nVU      le trait\u00e9 de fusion sign\u00e9 le 27 f\u00e9vrier 2025 par l'association Paul Langevin, l'association         \ndu CMPP de Romainville, l'association AGAPPES, l'association APTIS et l'association \nAMPPE 93 ;  \n \nVU les demandes de cession des autorisations d\u00e9tenues par l'association Paul Langevin, \nl'association du CMPP de Romainville, l'association AGAPPES, l'association APTIS  au \nprofit de l'association AMPPE 93 en date du 12 novembre 2024 ;  \n \n \n \nCONSID\u00c9RANT      que ce projet de regroupement de 4 CMPP territoriaux vise \u00e0 mutualiser leurs \nmoyens pour r\u00e9pondre plus efficacement aux besoins des enfants en \nsituation de handicap, en permettant de se r\u00e9organiser pour poursuivre \nl'accompagnement des enfants au plus pr\u00e8s de leurs lieux de vie et renforcer \nl'action des CMPP regroup\u00e9s en une seule association ; \n \nCONSID\u00c9RANT que la cession des autorisations est effective \u00e0 compter du 1er mars 2025 ;  \n \nCONSID\u00c9RANT qu'il est  compatible avec les objectifs et r\u00e9pond aux besoins sociaux et \nm\u00e9dico-sociaux fix\u00e9s par le sch\u00e9ma r\u00e9gional de sant\u00e9 ;  \n \nCONSID\u00c9RANT qu'il satisfait aux r\u00e8gles d'organisation et de fonctionnement pr\u00e9vues par le \ncode de l'action sociale et des familles ;  \n \nCONSID\u00c9RANT qu'il pr\u00e9sente un co\u00fbt de fonctionnement  en ann\u00e9e pleine compatible avec \nle PRIAC \u00cele-de-France et avec le montant de l'une des dotations \nmentionn\u00e9es \u00e0 l'article L. 314-3 du code de l'action sociale et des familles ; \n \nCONSID\u00c9RANT  que l'op\u00e9ration s'effectue \u00e0 moyens constants  et n'entra\u00eene donc aucun \nsurco\u00fbt ; \n \nAgence R\u00e9gionale de Sant\u00e9 - IDF-2025-03-01-00001 - Arr\u00eat\u00e9 2025-153 portant approbation de cession d'autorisation du Centre\nm\u00e9dico-psycho-p\u00e9dagogique (CMPP) de Sevran g\u00e9r\u00e9 par l'association AGAPPES, du CMPP de Noisy-le-Sec g\u00e9r\u00e9 par l'association APTIS,\ndu CMPP Lucien Madras g\u00e9r\u00e9 par l'association Paul Langevin et du CMPP de Romainville g\u00e9r\u00e9 par l'association du CMPP de Romainville,\nau profit de l'association AMPPE 93\n6\n       3 \n \nARR\u00caTE  \n \n \nARTICLE 1er : La cession des autorisations du CMPP de Sevran g\u00e9r\u00e9 par l'association AGAPPES, \ndu CMPP de Noisy -le-Sec g\u00e9r\u00e9 par l'association APTIS, du CMPP Lucien Madras \ng\u00e9r\u00e9 par l'association  Paul Langevin, et du CMPP de Romainville g\u00e9r\u00e9 par \nl'association du CMPP de Romainville au profit de l'association AMPPE 93  dont le \nsi\u00e8ge social est situ\u00e9 au 5 Rue Paul Lafargue 93100 Montreuil (93100) est accord\u00e9e \n\u00e0 compter du 1er mars 2025.  \n \nARTICLE 2e :  Les centres m\u00e9dico-psycho-p\u00e9dagogiques de Sevran, de Noisy -le-Sec, Lucien \nMadras et de Romainville sont destin\u00e9s \u00e0 l'accueil d'enfants et d'adolescents, \u00e2g\u00e9s \nde 0 \u00e0 20 ans, pr\u00e9sentant tous types de d\u00e9ficience. \n \nARTICLE 3e : Conform\u00e9ment aux termes du dernier alin\u00e9a du I de l'article D. 312-0-3 du code de   \nl'action sociale et des familles, aucune sp\u00e9cialisation n'exclut la prise en charge de \npersonnes pr\u00e9sentant des troubles associ\u00e9s \u00e0 ceux qui font l'objet de la pr\u00e9sente \nautorisation.  \n \nARTICLE 4e : Ces structures sont r\u00e9pertori\u00e9es dans le Fichier National des Etablissements  \nSanitaires et Sociaux (FINESS) de la fa\u00e7on suivante : \n \nCMPP DE SEVRAN  \nN\u00b0 FINESS de l'\u00e9tablissement : 930021852 \nCode Cat\u00e9gorie : 189 Centre M\u00e9dico-Psycho-P\u00e9dagogique (CMPP) \nCode discipline : 320 Activit\u00e9 CMPP \nCode fonctionnement : 47 Tous modes d'accueil et d'accompagnement \nCode client\u00e8le : 010 Tous types de D\u00e9ficiences personnes Handicap\u00e9es \nCode mode de fixation des tarifs : 05 ARS / non-DG \n \nCMPP DE NOISY-LE-SEC  \nN\u00b0 FINESS de l'\u00e9tablissement : 930680053 \nCode cat\u00e9gorie : 189 Centre M\u00e9dico-Psycho-P\u00e9dagogique (CMPP) \nCode discipline :  320 Activit\u00e9 CMPP \nCode de fonctionnement : 47 Tous modes d'accueil et d'accompagnement \nCode client\u00e8le : 010 Tous types de D\u00e9ficiences personnes Handicap\u00e9es \nCode mode de fixation des tarifs : 05 ARS / non-DG \n \nCMPP LUCIEN MADRAS \nN\u00b0 FINESS de l'\u00e9tablissement : 930680137 \nCode cat\u00e9gorie : 189 Centre M\u00e9dico-Psycho-P\u00e9dagogique (CMPP) \nCode discipline :  320 Activit\u00e9 CMPP \nCode de fonctionnement : 47 Tous modes d'accueil et d'accompagnement \nCode client\u00e8le : 010 Tous types de D\u00e9ficiences personnes Handicap\u00e9es \nCode mode de fixation des tarifs : 05 ARS / non-DG \n \nCMPP DE ROMAINVILLE \nN\u00b0 FINESS de l'\u00e9tablissement : 930680079 \nCode cat\u00e9gorie : 189 Centre M\u00e9dico-Psycho-P\u00e9dagogique (CMPP) \nCode discipline : 320 Activit\u00e9 CMPP \nCode fonctionnement : 47 Tous modes d'accueil et d'accompagnement \nCode client\u00e8le : 010 Tous types de D\u00e9ficiences personnes Handicap\u00e9es  \nCode mode de fixation des tarifs : 05 ARS / non-DG \n \nN\u00b0 FINESS du gestionnaire : 93 003 627 2 \nAgence R\u00e9gionale de Sant\u00e9 - IDF-2025-03-01-00001 - Arr\u00eat\u00e9 2025-153 portant approbation de cession d'autorisation du Centre\nm\u00e9dico-psycho-p\u00e9dagogique (CMPP) de Sevran g\u00e9r\u00e9 par l'association AGAPPES, du CMPP de Noisy-le-Sec g\u00e9r\u00e9 par l'association APTIS,\ndu CMPP Lucien Madras g\u00e9r\u00e9 par l'association Paul Langevin et du CMPP de Romainville g\u00e9r\u00e9 par l'association du CMPP de Romainville,\nau profit de l'association AMPPE 93\n7\n       4 \n \nCode statut : 61 \u2013 Association L.1901 non RUP \n \nARTICLE 5e : En application de l'article L.313-5 du code de l'action sociale et des familles, la dur\u00e9e \nde l'autorisation initiale des CMPP n'est pas prorog\u00e9e.   \n \nARTICLE 6e :    Tout changement important dans l'activit\u00e9, l'installation, l'organisation, la direction ou \nle fonctionnement de l'\u00e9tablissement  ou du service doit \u00eatre port\u00e9 \u00e0 la connaissance \nde l'autorit\u00e9 comp\u00e9tente. \n \nARTICLE 7e :  Un recours contre le pr\u00e9sent arr\u00eat\u00e9 peut \u00eatre form\u00e9 devant le tribunal administratif \ncomp\u00e9tent dans un d\u00e9lai de deux mois \u00e0 compter de sa notification ou, pour les tiers, \n\u00e0 compter de sa publication.   \n \nARTICLE 8e :   Le directeur par int\u00e9rim  de la d\u00e9l\u00e9gation d\u00e9partementale de la Seine-Saint-Denis de \nl'Agence r\u00e9gionale de sant\u00e9 \u00cele-de-France est charg\u00e9 de l'ex\u00e9cution du pr\u00e9sent arr\u00eat\u00e9 \nqui sera publi\u00e9 au recueil des actes administratifs de la R\u00e9gion \u00cele-de-France. \n \n \n \n       \n Fait \u00e0 Saint-Denis, le 1er mars 2025 \n \n La Directrice g\u00e9n\u00e9rale adjointe  \n de l'Agence r\u00e9gionale de sant\u00e9 \n \u00cele-de-France  \n \n \n \n  \n \n \nSophie MARTINON \n \n  \n \nAgence R\u00e9gionale de Sant\u00e9 - IDF-2025-03-01-00001 - Arr\u00eat\u00e9 2025-153 portant approbation de cession d'autorisation du Centre\nm\u00e9dico-psycho-p\u00e9dagogique (CMPP) de Sevran g\u00e9r\u00e9 par l'association AGAPPES, du CMPP de Noisy-le-Sec g\u00e9r\u00e9 par l'association APTIS,\ndu CMPP Lucien Madras g\u00e9r\u00e9 par l'association Paul Langevin et du CMPP de Romainville g\u00e9r\u00e9 par l'association du CMPP de Romainville,\nau profit de l'association AMPPE 93\n8\nAgence R\u00e9gionale de Sant\u00e9\nIDF-2025-05-23-00019\nArr\u00eat\u00e9 2025-172 portant autorisation de\ntransformation sans changement de cat\u00e9gorie\nde b\u00e9n\u00e9ficiaires de 19 places du DITEP Clairval \u00e0\nBi\u00e8vres, Sainte-Genevi\u00e8ve des Bois et Etampes en\nCMPP aux Ulis g\u00e9r\u00e9 par l'association ESSOR\nAgence R\u00e9gionale de Sant\u00e9 - IDF-2025-05-23-00019 - Arr\u00eat\u00e9 2025-172 portant autorisation de transformation sans changement de\ncat\u00e9gorie de b\u00e9n\u00e9ficiaires de 19 places du DITEP Clairval \u00e0 Bi\u00e8vres, Sainte-Genevi\u00e8ve des Bois et Etampes en CMPP aux Ulis g\u00e9r\u00e9 par\nl'association ESSOR\n9\nREPUBLIQUEFRANCAISELibert\u00e9Egalit\u00e9Fraternit\u00e9\n4\u00a9 \u00bb Agence R\u00e9gionale de Sant\u00e9Ile-de-France\n \n \n \n \n \n \n \n \nAGENCE R\u00c9GIONALE DE SANT\u00c9 \u00ceLE-DE-FRANCE \n \nARRETE N\u00b02025 \u2013 172  \n \n \nportant autorisation de transformation sans changement de cat\u00e9gorie de b\u00e9n\u00e9ficiaires de \n19 places du DITEP Clairval sis \u00e0 Bi\u00e8vres, Sainte Genevi\u00e8ve des Bois et Etampes \n(d\u00e9partement de l'Essonne) en CMPP sis les Ulis, g\u00e9r\u00e9 par l'association ESSOR \n \n \n \nLE DIRECTEUR G\u00c9N\u00c9RAL DE L'AGENCE R\u00c9GIONALE DE SANT\u00c9 \u00ceLE-DE-FRANCE \n \nVU le code de l'action sociale et des familles et notamment les articles L. 312-1, L. 313-1,   L. \n314-3 et suivants ; \n \nVU        le d\u00e9cret du 10 avril 2024 portant nomination de Monsieur Denis ROBIN, Directeur g\u00e9n\u00e9ral \nde l'Agence r\u00e9gionale de sant\u00e9 Ile-de-France \u00e0 compter du 29 avril 2024 ; \n \nVU l'arr\u00eat\u00e9 n\u00b0 DIRNOV-2023/08 de la Directrice g\u00e9n\u00e9rale de l'Agence r\u00e9gionale de sant\u00e9 Ile-\nde-France en date du 26 octobre 2023 portant adoption du cadre d'orientation strat\u00e9gique \n2018-2028 du projet r\u00e9gional de sant\u00e9 d'Ile-de-France ; \n \nVU l'arr\u00eat\u00e9 n\u00b0 DIRNOV-2023/09 de la Directrice g\u00e9n\u00e9rale de l'Agence r\u00e9gionale de sant\u00e9 Ile-\nde-France en date du 26 octobre 2023 portant adoption du sch\u00e9ma r\u00e9gional de sant\u00e9 \n2023-2028 du projet r\u00e9gional de sant\u00e9 d'Ile -de-France, modifi\u00e9 par l'arr\u00eat\u00e9 n\u00b0DIRNOV -\n2023/09 en date du 12 janvier 2024 ; \n \nVU l'arr\u00eat\u00e9 n\u00b0 2023-346 de la Directrice g\u00e9n\u00e9rale de l'Agence r\u00e9gionale de sant\u00e9 Ile-de-France \nen date du 4 d\u00e9cembre 2023 \u00e9tablissant le programme interd\u00e9partemental \nd'accompagnement des handicaps et de la perte d'autonomie (PRIAC) 2023-2027 pour la \nr\u00e9gion Ile-de-France ; \n \nVU l'arr\u00eat\u00e9 n\u00b0 94-32 du 19 janvier 1994 autorisant la cr\u00e9ation d'un institut de r\u00e9\u00e9ducation \npsychoth\u00e9rapie (IRP) Clairval pour une capacit\u00e9 de 75 places et lits \u00e0 destination des \ngar\u00e7ons et filles, \u00e2g\u00e9s de 11 \u00e0 19 ans, ayant des troubles du caract\u00e8re et du comportement \net un Service d'Education Sp\u00e9cialis\u00e9s et de Soins A Domicile (SESSAD) de 15 places \npour des gar\u00e7ons et filles de 5 \u00e0 19 ans ayant des troubles du caract\u00e8re et du \ncomportement ; \n \nVU l'arr\u00eat\u00e9 n\u00b02021-215 du 31 D\u00e9cembre 2021 portant autorisation de requalification de l'ITEP \net du SESSAD Clairval en DITEP Clairval et extension de 15 places du SESSAD ; \n  \nVU le contrat pluriannuel d'objectifs et de moyens portant sur les ann\u00e9es 2020-2024 et le cas \n\u00e9ch\u00e9ant, l'avenant n\u00b02 au contrat pluriannuel d'objectifs et de moyens prenant acte de \nl'existence du CMPP par requalification de places DITEP sign\u00e9 le 22 octobre 2024 ; \n \nVU la demande de l'association en date du 6 septembre 2023 visant \u00e0 red\u00e9ployer 19 places \ndu DITEP en CMPP sur la commune des Ulis ; \n \nVU la validation du projet par l'ARS Ile de France en date du 14 mars 2024 ; \nAgence R\u00e9gionale de Sant\u00e9 - IDF-2025-05-23-00019 - Arr\u00eat\u00e9 2025-172 portant autorisation de transformation sans changement de\ncat\u00e9gorie de b\u00e9n\u00e9ficiaires de 19 places du DITEP Clairval \u00e0 Bi\u00e8vres, Sainte-Genevi\u00e8ve des Bois et Etampes en CMPP aux Ulis g\u00e9r\u00e9 par\nl'association ESSOR\n10\n       2 \n \nCONSID\u00c9RANT  que le projet de cr\u00e9ation d'un CMPP par red\u00e9ploiement de places de DITEP \n(6 places internat et 13 places de semi-internat) a \u00e9t\u00e9 travaill\u00e9 dans le cadre \nd'une r\u00e9ponse \u00e0 un besoin point\u00e9 dans le cadre du Contrat Local de Sant\u00e9 \nJeunes et Etudiants de la Communaut\u00e9 Paris Saclay ; \n \nCONSIDERANT que la prise  en charge en internat et semi -internat pour des jeunes \npr\u00e9sentant des difficult\u00e9s psychologiques avec troubles du comportement \naccueilli en ITEP ne correspond plus aux besoins des jeunes et des familles \nqui souhaitent plus d'accompagnement inclusifs. \n \nCONSID\u00c9RANT  qu'il r\u00e9pond \u00e0 un besoin de d\u00e9veloppement de l'offre m\u00e9dico -sociale \nidentifi\u00e9 sur le d\u00e9partement de l'Essonne pour les personnes concern\u00e9es \npar des difficult\u00e9s psychologiques et troubles du comportement ; \n \nCONSID\u00c9RANT qu'il est compatible avec les objectifs et r\u00e9pond aux besoins sociaux et \nm\u00e9dico-sociaux fix\u00e9s par le sch\u00e9ma r\u00e9gional de sant\u00e9 ;  \n \nCONSID\u00c9RANT qu'il satisfait aux r\u00e8gles d'organisation et de fonctionnement pr\u00e9vues par le \ncode de l'action sociale et des familles ;  \n \nCONSID\u00c9RANT qu'il pr\u00e9sente un co\u00fbt de fonctionnement en ann\u00e9e pleine compatible avec \nle PRIAC  Ile-de-France et avec le montant de l'une des dotations \nmentionn\u00e9es \u00e0 l'article L. 314-3 du code de l'action sociale et des familles ; \n \nCONSID\u00c9RANT  que l'op\u00e9ration peut s'effectuer  \u00e0 moyens constants  et n'entra\u00eene donc \naucun surco\u00fbt puisqu'il s'agit d'un red\u00e9ploiement de la dotation actuelle du \nDITEP pour le fonctionnement de ce nouveau CMPP ; \n \n \nARR\u00caTE  \n \n \nARTICLE 1er :  L'autorisation visant \u00e0 la transformation de 19 places du DITEP Clairval sis Chemin \nCholette \u00e0 Bi\u00e8vres (91570)  en CMPP pour une file active estim\u00e9e entre 25 et 30 \nusagers destin\u00e9es \u00e0 accueillir des enfants et jeunes adultes \u00e2g\u00e9s  0 \u00e0 20 ans  est \naccord\u00e9e \u00e0 l'association ESSOR.  \n \n \nARTICLE 2e :  La capacit\u00e9 totale du DITEP Clairval est dor\u00e9navant de 104 places  destin\u00e9es \u00e0 \nenfants et jeunes adultes \u00e2g\u00e9s 0 \u00e0 20 ans pr\u00e9sentant des difficult\u00e9s psychologiques \net troubles du comportement r\u00e9parties comme suit : \n \n- 29 places d'ITEP (dont 6 places en internat et 23 places en semi-internat)  \n- 75 places de SESSAD \n \n \nARTICLE 3e :  Le CMPP des Ulis , sis 128 avenue des champs Lasniers, 91  940 LES ULIS,  est \ndestin\u00e9e \u00e0 prendre en charge sous forme de file active des enfants, adolescents et \njeunes adultes \u00e2g\u00e9s 0 \u00e0 20 ans pr\u00e9sentant des difficult\u00e9s psychologiques et troubles \ndu comportement, des d\u00e9ficiences intellectuels et troubles du spectre de l'autisme. \n  \n \n \nAgence R\u00e9gionale de Sant\u00e9 - IDF-2025-05-23-00019 - Arr\u00eat\u00e9 2025-172 portant autorisation de transformation sans changement de\ncat\u00e9gorie de b\u00e9n\u00e9ficiaires de 19 places du DITEP Clairval \u00e0 Bi\u00e8vres, Sainte-Genevi\u00e8ve des Bois et Etampes en CMPP aux Ulis g\u00e9r\u00e9 par\nl'association ESSOR\n11\n       3 \n \nARTICLE 4e : Conform\u00e9ment aux termes du dernier alin\u00e9a du I de l'article D. 312 -0-3 du code de \nl'action sociale et des familles, a ucune sp\u00e9cialisation n'exclut la prise en charge de \npersonnes pr\u00e9sentant des troubles associ\u00e9s \u00e0 ceux qui font l'objet de la pr\u00e9sente \nautorisation.  \n \n \nARTICLE 5e : Cette structure est r\u00e9pertori\u00e9e dans le Fichier National des Etablissements Sanitaires \net Sociaux (FINESS) de la fa\u00e7on suivante : \n \n \nN\u00b0 FINESS de l'\u00e9tablissement (DITEP CLAIRVAL) : 91 069 018 9  \n \nCode \ncat\u00e9gorie : \n[186] \u2013 Institut Th\u00e9rapeutique Educatif et P\u00e9dagogique \nCode \ndiscipline :  \n \n[844] \u2013 Tous projets \u00e9ducatifs, \nth\u00e9rapeutiques et p\u00e9dagogiques \n \nCode \nfonctionnement  \n(mode d'accueil et \nd'accompagnement) :  \n \n \n \n[11] \u2013 H\u00e9bergement complet internat \n [21] \u2013 Accueil de jour (sans distinction      \nentre semi-internat et externat \n [16] \u2013 Prestation en milieu ordinaire \n  \n6 places \n23 places \n \n75 places \nCode client\u00e8le : \n \n[200] \u2013 Difficult\u00e9s psychologiques et \ntroubles du comportement \n \n104 places \nCode mode de fixation des tarifs : 57 + Dotation globalis\u00e9e dans le cadre d'un CPOM  \n \nN\u00b0 FINESS du gestionnaire : 92 002 609 3 \n \nCode statut : 61 + Association Loi 1901 R.U.P \n \n \nN\u00b0 FINESS de l'\u00e9tablissement (CMPP DES ULIS) : 91 002 802 6 \n \nCode \ncat\u00e9gorie : \n[189] - Centre M\u00e9dico-Psycho-P\u00e9dagogique (C.M.P.P.) \nCode \ndiscipline :  \n \n[844] \u2013 Tous projets \u00e9ducatifs, \nth\u00e9rapeutiques et p\u00e9dagogiques \n[840] \u2013 Accompagnement pr\u00e9coce de \njeunes enfants \n \n \nCode \nfonctionnement  \n(mode d'accueil et \nd'accompagnement) :  \n \n[16] \u2013 Prestation en milieu ordinaire  \nCode client\u00e8le : \n \n[200] \u2013 Difficult\u00e9s psychologiques et \ntroubles du comportement \n[117] \u2013 D\u00e9ficiences intellectuelles \n                [437] \u2013 Trouble du spectre de    \nl'autisme \n \n \n \nAgence R\u00e9gionale de Sant\u00e9 - IDF-2025-05-23-00019 - Arr\u00eat\u00e9 2025-172 portant autorisation de transformation sans changement de\ncat\u00e9gorie de b\u00e9n\u00e9ficiaires de 19 places du DITEP Clairval \u00e0 Bi\u00e8vres, Sainte-Genevi\u00e8ve des Bois et Etampes en CMPP aux Ulis g\u00e9r\u00e9 par\nl'association ESSOR\n12\n       4 \n \nCode mode de fixation des tarifs : 57 + Dotation globalis\u00e9e dans le cadre d'un CPOM  \n \nN\u00b0 FINESS du gestionnaire : 92 002 609 3 \n \nCode statut : 61 + Association Loi 1901 R.U.P \n \n \nARTICLE 6e :   La pr\u00e9sente autorisation est valable sous r\u00e9serve du r\u00e9sultat positif de la visite de \nconformit\u00e9 pr\u00e9vue par l'article L. 313-6 du code de l'action sociale et des familles.  \n \n  \nARTICLE 7e :   Elle est caduque en l'absence d'ouverture au public de l'\u00e9tablissement ou du service \ndans un d\u00e9lai de quatre ans suivant la notification de la d\u00e9cision d'autorisation  \nconform\u00e9ment aux articles L. 313-1 et D. 313-7-2 du code de l'action sociale et des \nfamilles. \n \n \nARTICLE 8e :   Tout changement important dans l'activit\u00e9, l'installation, l'organisation, la direction ou \nle fonctionnement de l'\u00e9tablissement ou du service doit \u00eatre port\u00e9 \u00e0 la connaissance \nde l'autorit\u00e9 comp\u00e9tente. \n \n \nARTICLE 9e :  Un recours contre le pr\u00e9sent arr\u00eat\u00e9 peut \u00eatre form\u00e9 devant le tribunal administratif \ncomp\u00e9tent dans un d\u00e9lai de deux mois \u00e0 compter de sa notification ou, pour les tiers, \n\u00e0 compter de sa publication.   \n \n \nARTICLE 9e :  Le Directeur de la d\u00e9l\u00e9gation d\u00e9partementale de l'Essonne de l'Agence r\u00e9gionale de \nsant\u00e9 Ile-de-France est charg\u00e9 de l'ex\u00e9cution du pr\u00e9sent arr\u00eat\u00e9  qui sera publi\u00e9 au \nrecueil des actes administratifs de la R\u00e9gion Ile-de-France. \n \n       \n Fait \u00e0 Saint-Denis, le 23 mai 2025  \n \n       \n La Directrice g\u00e9n\u00e9rale adjointe \n de l'Agence r\u00e9gionale de sant\u00e9 \n Ile-de-France  \n \n \n \n \n \n \nSophie MARTINON \n \n  \n \n \n \n \n \n  \n \nAgence R\u00e9gionale de Sant\u00e9 - IDF-2025-05-23-00019 - Arr\u00eat\u00e9 2025-172 portant autorisation de transformation sans changement de\ncat\u00e9gorie de b\u00e9n\u00e9ficiaires de 19 places du DITEP Clairval \u00e0 Bi\u00e8vres, Sainte-Genevi\u00e8ve des Bois et Etampes en CMPP aux Ulis g\u00e9r\u00e9 par\nl'association ESSOR\n13\nAgence R\u00e9gionale de Sant\u00e9\nIDF-2025-06-02-00019\nArr\u00eat\u00e9 2025-173 portant autorisation de\ntransformation sans changement de cat\u00e9gorie\nde b\u00e9n\u00e9ficiaire de 15 places du Service\nd'Accompagnement \u00e0 la Vie Sociale (SAVS)\nl'Appr'Hoche \u00e0 Juvisy-sur-Orge en 15 places de\nService d'Accompagnement M\u00e9dico-social pour\nAdultes Handicap\u00e9s (SAMSAH) puis extension \u00e0\n30 places de SAMSAH sur les communes de\nJuvisy, Pussay et Etampes g\u00e9r\u00e9 par l'association\nAccompagnement Lieux de Vie Entraide (ALVE)\nAgence R\u00e9gionale de Sant\u00e9 - IDF-2025-06-02-00019 - Arr\u00eat\u00e9 2025-173 portant autorisation de transformation sans changement de\ncat\u00e9gorie de b\u00e9n\u00e9ficiaire de 15 places du Service d'Accompagnement \u00e0 la Vie Sociale (SAVS) l'Appr'Hoche \u00e0 Juvisy-sur-Orge en 15\nplaces de Service d'Accompagnement M\u00e9dico-social pour Adultes Handicap\u00e9s (SAMSAH) puis extension \u00e0 30 places de SAMSAH sur\nles communes de Juvisy, Pussay et Etampes g\u00e9r\u00e9 par l'association Accompagnement Lieux de Vie Entraide (ALVE)\n14\nFRANCAISE hwTERRE D'AVENIRS \u00a9 D Agence R\u00e9gionale de Sant\u00e9lle-de-FranceLibert\u00e9Egalit\u00e9Fraternit\u00e9\n \n \n                                                                          \n1 sur 5 \n \n \n \n \n \n \nAGENCE R\u00c9GIONALE DE SANT\u00c9 \u00ceLE-DE-FRANCE \nDEPARTEMENT DE L'ESSONNE \nARRETE N\u00b0 2025 \u2013 173   \n \nportant autorisation de transformation sans changement de cat\u00e9gorie de b\u00e9n\u00e9ficiaire de \n15 places du Service d'Accompagnement \u00e0 la Vie Sociale (SAVS) l'Appr'Hoche sis 25 rue \nHoche, 91260 Juvisy-sur-Orge en 15 places de Service d'Accompagnement M\u00e9dico-\nSocial pour Adultes Handicap\u00e9s (SAMSAH) puis extension \u00e0 30 places de SAMSAH sis \nsur les communes de Juvisy, Pussay et Etampes, dans le d\u00e9partement de l'Essonne, \n \ng\u00e9r\u00e9 par l'association Accompagnement Lieux de Vie Entraide (ALVE) \n \n \n \nLE DIRECTEUR G\u00c9N\u00c9RAL DE L'AGENCE R\u00c9GIONALE DE SANT\u00c9 \u00ceLE-DE-FRANCE \nLE PRESIDENT DU CONSEIL DEPARTEMENTAL DE L'ESSONNE \n \n \n \nVU le code de l'action sociale et des familles et notamment les articles L. 312-1, L. 313-1 et \nsuivants, R313-1 et suivants et D. 312-0-1 et suivants ; \n \nVU  le code g\u00e9n\u00e9ral de s collectivit\u00e9s territoriales, notamment les articles L . 3411-1 et \nsuivants ; \n \nVU  le d\u00e9cret du 9 mai 2017 relatif \u00e0 la nomenclature des \u00e9tablissements et services sociaux \net m\u00e9dico-sociaux accompagnant des personnes handicap\u00e9es ou malades chroniques ;   \n \nVU le d\u00e9cret n\u00b0 2021 \u2013 1476 du 12 novembre 2021 relatif au rythme des \u00e9valuations de la \nqualit\u00e9 des \u00e9tablissements et services sociaux et m\u00e9dico-sociaux ; \n \nVU le d\u00e9cret du 10 avril 2024 portant nomination de Monsieur Denis ROBIN, Directeur g\u00e9n\u00e9ral \nde l'Agence r\u00e9gionale de sant\u00e9 \u00cele-de-France \u00e0 compter du 29 avril 2024 ; \n \nVU l'arr\u00eat\u00e9 n\u00b0 DIRNOV-2023/08 de la Directrice g\u00e9n\u00e9rale de l'Agence r\u00e9gionale de sant\u00e9 \u00cele-\nde-France en date du 26 octobre 2023 portant adoption du cadre d'orientation strat\u00e9gique \n2018-2028 du projet r\u00e9gional de sant\u00e9 d'\u00cele-de-France ; \n \nVU l'arr\u00eat\u00e9 n\u00b0 DIRNOV-2023/09 de la Directrice g\u00e9n\u00e9rale de l'Agence r\u00e9gionale de sant\u00e9 \u00cele-\nde-France en date du 26 octobre 2023 portant adoption du sch\u00e9ma r\u00e9gional de sant\u00e9 \n2023-2028 du projet r\u00e9gional de sant\u00e9 d' \u00cele-de-France, modifi\u00e9 par l'arr\u00eat\u00e9 n\u00b0DIRNOV -\n2023/09 en date du 12 janvier 2024 ; \n \nVU l'arr\u00eat\u00e9 n\u00b0 2023 -346 de la Directrice g\u00e9n\u00e9rale de l'Agence r\u00e9gionale de sant\u00e9 \u00cele-de-\nFrance en date du 4 d\u00e9cembre 2023 \u00e9tablissant le programme interd\u00e9partemental \nd'accompagnement des handicaps et de la perte d'autonomie (PRIAC) 2023 -2027 pour \nla r\u00e9gion \u00cele-de-France ; \nAgence R\u00e9gionale de Sant\u00e9 - IDF-2025-06-02-00019 - Arr\u00eat\u00e9 2025-173 portant autorisation de transformation sans changement de\ncat\u00e9gorie de b\u00e9n\u00e9ficiaire de 15 places du Service d'Accompagnement \u00e0 la Vie Sociale (SAVS) l'Appr'Hoche \u00e0 Juvisy-sur-Orge en 15\nplaces de Service d'Accompagnement M\u00e9dico-social pour Adultes Handicap\u00e9s (SAMSAH) puis extension \u00e0 30 places de SAMSAH sur\nles communes de Juvisy, Pussay et Etampes g\u00e9r\u00e9 par l'association Accompagnement Lieux de Vie Entraide (ALVE)\n15\n2 sur 5 \n \n \nVU la d\u00e9lib\u00e9ration n\u00b0SP -2022-3-009 en date du 12 d\u00e9cembre 2022 portant adoption du \nsch\u00e9ma d\u00e9partemental de l'autonomie 2023 -2027 du d\u00e9partement de l'Essonne pour la \np\u00e9riode 2023-2027 ; \n \nVU la d\u00e9lib\u00e9ration n\u00b0SP -2023-3-011 du 25 septembre 2023 portant adoption du r\u00e8glement \nd\u00e9partemental d'aide sociale du conseil d\u00e9partemental de l'Essonne ;  \n \nVU l'arr\u00eat\u00e9 n\u00b02003-05271 du 16 d\u00e9cembre 2003 portant autorisation de cr\u00e9ation d'un service \nd'accompagnement \u00e0 la vie sociale (SAVS) de 50 places \u00e0 Juvisy-sur-Orge ; \n \nVU l'arr\u00eat\u00e9 n\u00b02014-ARR-DPAH-0671 du 11 septembre 2014 portant autorisation d'extension \nde 15 places du SAVS d\u00e9nomm\u00e9 \u00ab SAVS l'Appr'Hoche \u00bb sis 15 rue Hoche \u00e0 Juvisy sur \nOrge ; \n \nVU l'arr\u00eat\u00e9 n\u00b02018-ARR-DA-1027 du 5 d\u00e9cembre 2018 portant renouvellement d'autorisation \ndu SAVS d\u00e9nomm\u00e9 \u00ab SAVS l'Appr'Hoche \u00bb sis 25 rue Hoche \u00e0 Juvisy-sur-Orge ; \n \nVU l'arr\u00eat\u00e9 n\u00b02019-ARR-DA-0808 su 29 octobre 2019 portant autorisation d'extension de 19 \nplaces du SAVS d\u00e9nomm\u00e9 \u00ab l'Appr'Hoche \u00bb sis 25 rue Hoche \u00e0 Juvisy-sur-Orge ; \n \nVU  l'avis de l'Appel \u00e0 Manifestation d'Int\u00e9r\u00eat Plan In clus'if 2030 visant au d\u00e9ploiement de \nsolutions nouvelles pour l'inclusion des personnes en situation de handicap en \u00cele-de-\nFrance, publi\u00e9 le 6 novembre 2023 sur le site de l'Agence r\u00e9gionale de sant\u00e9 \u00cele-de-\nFrance ; \n \nVU le comit\u00e9 de pilotage qui s'est tenu le 28 mars 2024 ; \n \nVU l'avis de r\u00e9sultats sign\u00e9 le 11 avril 2024 et publi\u00e9 au Recueil des actes administratifs de \nla r\u00e9gion \u00cele-de-France ; \n \n \n \n \nCONSID\u00c9RANT  que le projet d\u00e9pos\u00e9 par l'association ALVE vise \u00e0 maintenir les personnes \nen situation de handicap psychique dans le milieu ordinaire tout en \nb\u00e9n\u00e9ficiant d'un accompagnement m\u00e9dico -social assur\u00e9 par des \nprofessionnels experts sur ce type de handicap  dans le cadre d'un \nSAMSAH ; \n \nCONSIDERANT que la transformation de 1 5 places de SAVS en 15 places de SAMSAH \npuis leur extension \u00e0 30 places  va permettre de r\u00e9pondre aux besoins \nd'accompagnement en soins pour les personnes pr\u00e9sentant un handicap \npsychique accompagn\u00e9es en SAVS ; \n \n que, par cons\u00e9quent, le demandeur sollicite une augmentation de sa \ncapacit\u00e9 de l'ordre de 100% (passage de 15 places \u00e0 30 places) de \nSAMSAH ; \n \nCONSID\u00c9RANT qu'en application de l'article D 313 -2 du code de l'action sociale et des \nfamilles, le Directeur g\u00e9n\u00e9ral de l'Agence r\u00e9gionale de sant\u00e9 \u00cele-de-France \net le Pr\u00e9sident du Conseil d\u00e9partemental de l'Essonne peuvent d\u00e9roger \naux seuils fix\u00e9s aux I \u00e0 IV de cet article au-del\u00e0 desquels les autorisations \nd'extension d'\u00e9tablissements ou de services m\u00e9dico -sociaux doivent \u00eatre \npr\u00e9c\u00e9d\u00e9es de la proc\u00e9dure d'appel \u00e0 projet pr\u00e9vue par l'article L. 313 -1-1 \nAgence R\u00e9gionale de Sant\u00e9 - IDF-2025-06-02-00019 - Arr\u00eat\u00e9 2025-173 portant autorisation de transformation sans changement de\ncat\u00e9gorie de b\u00e9n\u00e9ficiaire de 15 places du Service d'Accompagnement \u00e0 la Vie Sociale (SAVS) l'Appr'Hoche \u00e0 Juvisy-sur-Orge en 15\nplaces de Service d'Accompagnement M\u00e9dico-social pour Adultes Handicap\u00e9s (SAMSAH) puis extension \u00e0 30 places de SAMSAH sur\nles communes de Juvisy, Pussay et Etampes g\u00e9r\u00e9 par l'association Accompagnement Lieux de Vie Entraide (ALVE)\n16\n3 sur 5 \n \ndu m\u00eame code, lorsqu'un motif d'int\u00e9r\u00eat g\u00e9n\u00e9ral le justifie et pour tenir \ncompte de circonstances locales ; \n \nCONSID\u00c9RANT  que le projet r\u00e9pond \u00e0 un besoin de d\u00e9veloppement de l'offre m\u00e9dico -\nsociale identifi\u00e9 sur le d\u00e9partement de l'Essonne pour les personnes \npr\u00e9sentant un handicap psychique en permettant l'installation du SAMSAH \nsur 3 antennes dont 2 dans le sud Essonne (Juvisy -sur-Orge, Pussay et \nEtampes) afin de couvrir au mieux les besoins de prise en charge en \nSAMSAH et de r\u00e9pondre ainsi \u00e0 un objectif d'int\u00e9r\u00eat g\u00e9n\u00e9ral ;  \n \nCONSID\u00c9RANT qu'il est compatible avec les objectifs et r\u00e9pond aux besoins sociaux et \nm\u00e9dico-sociaux fix\u00e9s par le sch\u00e9ma r\u00e9gional de sant\u00e9 ; \n \nCONSID\u00c9RANT qu'il satisfait aux r\u00e8gles d'organisation et de fonctionnement pr\u00e9vues par le \ncode de l'action sociale et des familles ; \n \nCONSID\u00c9RANT qu'il pr\u00e9sente un co\u00fbt de fonctionnement en ann\u00e9e pleine compatible avec \nle PRIAC Ile de France et avec le montant de l'une des dotations \nmentionn\u00e9es \u00e0 l'article L. 314-3 du code de l'action sociale et des familles ; \n \nCONSID\u00c9RANT que l'Agence r\u00e9gionale de sant\u00e9 et le Conseil d\u00e9partemental de l'Essonne \ndisposent pour ce projet des cr\u00e9dits n\u00e9cessaires \u00e0 sa mise en \u0153uvre \u00e0 \nhauteur de 568 092 \u20ac : \n\u2022 385 795 \u20ac au titre des cr\u00e9dits du plan Inclus'If 2030 de l'Agence \nr\u00e9gionale de sant\u00e9 \u00cele-de-France ; \n\u2022 182 297 \u20ac au titre du plan inclus'If 2030 du Conseil d\u00e9partemental \nde l'Essonne ; \n \n \n \n \n \nARR\u00caTENT \n \n \n \n  ARTICLE 1er : \n \n \n \nL'autorisation visant \u00e0 la transformation de 1 5 places du SAVS l'Appr'Hoche sis \u00e0 \nJuvisy-sur-Orge en 15 places de SAMSAH puis \u00e0 leur extension de 15  places, \ndestin\u00e9es \u00e0 accueillir des adultes \u00e0 partir de 20 ans pr\u00e9sentant un handicap psychique \nest accord\u00e9e \u00e0 l'Association Accompagnement Lieux de Vie Entraide (ALVE) situ\u00e9e \nau 8 rue du Bas Coudray \u00e0 Corbeil-Essonnes (91100). \n \nEn application de l'article R. 121-12-19 du Code de l'action sociale et des familles, \nle seuil d'extension pr\u00e9vu par cet article est fix\u00e9 par d\u00e9rogation, dans le cadre de \nla pr\u00e9sente autorisation, \u00e0 hauteur de 100% de la capacit\u00e9 du SAMSAH. \n \nARTICLE 2e : \n \n \n \nLa capacit\u00e9 totale du SAVS est d\u00e9sormais de 69 places destin\u00e9es \u00e0 accompagner \nen milieu ordinaire des adultes \u00e0 partir de 20 ans pr\u00e9sentant un handicap \npsychique.  \n \nLa capacit\u00e9 totale du SAMSAH l'Appr'Hoche est de 30 places destin\u00e9es \u00e0 \naccompagner en milieu ordinaire des adultes \u00e0 partir de 20 ans pr\u00e9sentant un \nhandicap psychique. \n \nAgence R\u00e9gionale de Sant\u00e9 - IDF-2025-06-02-00019 - Arr\u00eat\u00e9 2025-173 portant autorisation de transformation sans changement de\ncat\u00e9gorie de b\u00e9n\u00e9ficiaire de 15 places du Service d'Accompagnement \u00e0 la Vie Sociale (SAVS) l'Appr'Hoche \u00e0 Juvisy-sur-Orge en 15\nplaces de Service d'Accompagnement M\u00e9dico-social pour Adultes Handicap\u00e9s (SAMSAH) puis extension \u00e0 30 places de SAMSAH sur\nles communes de Juvisy, Pussay et Etampes g\u00e9r\u00e9 par l'association Accompagnement Lieux de Vie Entraide (ALVE)\n17\n4 sur 5 \n \n  ARTICLE 3e : \n \nConform\u00e9ment aux termes du dernier alin\u00e9a du I de l'article D. 312 -0-3 du code \nde l'action sociale et des familles, aucune sp\u00e9cialisation n'exclut la prise en charge \nde personnes pr\u00e9sentant des troubles associ\u00e9s \u00e0 ceux qui font l'objet de la \npr\u00e9sente autorisation.  \n \nARTICLE 4e : \n \nCet \u00e9tablissement est r\u00e9pertori\u00e9  dans le Fichier National des Etablissements \nSanitaires et Sociaux (FINESS) de la fa\u00e7on suivante : \n \nN\u00b0 FINESS du SAVS L'Appr'Hoche : 910005008 \nCode cat\u00e9gorie : 446 - Service d'Accompagnement \u00e0 la \nVie Sociale (S.A.V.S.) \n \n \nCode discipline : 965 -  Accompagnement \u00e0 la vie \nsociale des adultes handicap\u00e9s \n \n \nCode fonctionnement : 16 - Prestation en milieu ordinaire \n \n69 places Code client\u00e8le : 206 - Handicap psychique \nMode de tarification : 08 - Pr\u00e9sident du Conseil \nD\u00e9partemental \n \n \nN\u00b0 FINESS du SAMSAH L'Appr'Hoche : 910028232 \n \nCode cat\u00e9gorie : 445 - Service d'Accompagnement \nM\u00e9dico-Social pour personnes \nhandicap\u00e9es \n \n \nCode discipline : 966 -  Accueil et accompagnement \nm\u00e9dicalis\u00e9 personnes handicap\u00e9es \n \n \nCode fonctionnement : 16 - Prestation en milieu ordinaire \n \n30 places Code client\u00e8le : 206 \u2013 Handicap psychique \nMode de tarification : 57 - ARS PCD dotation forfait ou prix de \njourn\u00e9e globalis\u00e9s CPOM \n \n \nNum\u00e9ro FINESS du gestionnaire : 910017193 \n \nCode statut : 60 - Association loi 1901 non reconnue d'utilit\u00e9 publique \n \n \nARTICLE 5e : \n \n \nLa pr\u00e9sente autorisation est valable sous r\u00e9serve du r\u00e9sultat positif de la visite de \nconformit\u00e9 pr\u00e9vue par l'article L. 313-6 du code de l'action sociale et des familles. \n \n  ARTICLE 6e : \n \nElle est caduque en l'absence d'ouverture au public de l'\u00e9tablissement ou du \nservice dans un d\u00e9lai de quatre ans suivant la notification de la d\u00e9cision \nd'autorisation conform\u00e9ment aux articles L . 313-1 et D . 313-7-2 du code de \nl'action sociale et des familles. \n \nARTICLE 7e : \n \nElle est accord\u00e9e pour une dur\u00e9e de 15 ans conform\u00e9ment \u00e0 l'article L. 313-1 du \nCode de l'action sociale et des familles. Elle est renouvel\u00e9e dans les conditions \npr\u00e9vues \u00e0 l'article L. 313-5 du code de l'action sociale et des familles, au regard \nAgence R\u00e9gionale de Sant\u00e9 - IDF-2025-06-02-00019 - Arr\u00eat\u00e9 2025-173 portant autorisation de transformation sans changement de\ncat\u00e9gorie de b\u00e9n\u00e9ficiaire de 15 places du Service d'Accompagnement \u00e0 la Vie Sociale (SAVS) l'Appr'Hoche \u00e0 Juvisy-sur-Orge en 15\nplaces de Service d'Accompagnement M\u00e9dico-social pour Adultes Handicap\u00e9s (SAMSAH) puis extension \u00e0 30 places de SAMSAH sur\nles communes de Juvisy, Pussay et Etampes g\u00e9r\u00e9 par l'association Accompagnement Lieux de Vie Entraide (ALVE)\n18\nagegia?\n5 sur 5 \n \ndes r\u00e9sultats de l'\u00e9valuation externe mentionn\u00e9e \u00e0 l'article L.  312-8 du m\u00eame \ncode.  \n \n  ARTICLE 8e : \n \nTout changement important dans l'activit\u00e9, l'installation, l'organisation, la direction \nou le fonctionnement de l'\u00e9tablissement  ou du service  doit \u00eatre port\u00e9 \u00e0 la \nconnaissance des autorit\u00e9s comp\u00e9tentes. \n \n  ARTICLE 9e : \n \nUn recours contre le pr\u00e9sent arr\u00eat\u00e9 peut \u00eatre form\u00e9 devant le tribunal administratif \ncomp\u00e9tent dans un d\u00e9lai de deux mois \u00e0 compter de sa notification ou, pour les \ntiers, \u00e0 compter de sa publication. \n \nARTICLE 10e : \n \n \n \nLe Directeur de la d\u00e9l\u00e9gation d\u00e9partementale de l'Essonne de l'Agence r\u00e9gionale \nde sant\u00e9 \u00cele-de-France et le Pr\u00e9sident du Conseil d\u00e9partemental d e l'Essonne ; \nsont charg\u00e9s, chacun en ce qui le concerne, de l'ex\u00e9cution du pr\u00e9sent arr\u00eat\u00e9 qui \nsera publi\u00e9 aux recueils des actes administratifs de la R\u00e9gion \u00cele-de-France et sur \nle site internet du D\u00e9partement de l'Essonne. \n \n \n \n \n                                                                               Fait \u00e0 Saint-Denis, le 2 juin 2025 \n \n \nLe Directeur g\u00e9n\u00e9ral \nde l'Agence r\u00e9gionale sant\u00e9 \n\u00cele-de-France \n \n \n \n  \n \n \nDenis ROBIN \nLe Pr\u00e9sident du Conseil d\u00e9partemental  \nde l'Essonne \n  \n \n \n \n \n \n \nFran\u00e7ois DUROVRAY \n     \n \nAgence R\u00e9gionale de Sant\u00e9 - IDF-2025-06-02-00019 - Arr\u00eat\u00e9 2025-173 portant autorisation de transformation sans changement de\ncat\u00e9gorie de b\u00e9n\u00e9ficiaire de 15 places du Service d'Accompagnement \u00e0 la Vie Sociale (SAVS) l'Appr'Hoche \u00e0 Juvisy-sur-Orge en 15\nplaces de Service d'Accompagnement M\u00e9dico-social pour Adultes Handicap\u00e9s (SAMSAH) puis extension \u00e0 30 places de SAMSAH sur\nles communes de Juvisy, Pussay et Etampes g\u00e9r\u00e9 par l'association Accompagnement Lieux de Vie Entraide (ALVE)\n19\nAgence R\u00e9gionale de Sant\u00e9\nIDF-2025-06-03-00002\nArr\u00eat\u00e9 2025-174 portant autorisation de\ntransformation sans changement de cat\u00e9gorie\nde b\u00e9n\u00e9ficiaires de 20 places du Service\nd'Accompagnement \u00e0 la Vie Sociale (SAVS) du\nC\u00f4t\u00e9 de chez soi \u00e0 Marcoussis en 20 places de\nService d'Accompagnement M\u00e9dico-social pour\nAdultes Handicap\u00e9s (SAMSAH) puis extension \u00e0\n40 places de SAMSAH \u00e0 la m\u00eame g\u00e9r\u00e9 par la\nFondation Les Amis de l'Atelier \nAgence R\u00e9gionale de Sant\u00e9 - IDF-2025-06-03-00002 - Arr\u00eat\u00e9 2025-174 portant autorisation de transformation sans changement de\ncat\u00e9gorie de b\u00e9n\u00e9ficiaires de 20 places du Service d'Accompagnement \u00e0 la Vie Sociale (SAVS) du C\u00f4t\u00e9 de chez soi \u00e0 Marcoussis en 20\nplaces de Service d'Accompagnement M\u00e9dico-social pour Adultes Handicap\u00e9s (SAMSAH) puis extension \u00e0 40 places de SAMSAH \u00e0 la\nm\u00eame g\u00e9r\u00e9 par la Fondation Les Amis de l'Atelier \n20\nREPUBLIQUEFRANCAISELibert\u00e9Egalit\u00e9Fraternit\u00e9\nTERRE D'AVENIRS Ar@ D Agence R\u00e9gionale de Sant\u00e9lle-de-France\n \n \n                                                                          \n1 sur 5 \n \n \n \n \n \n \n \nAGENCE R\u00c9GIONALE DE SANT\u00c9 \u00ceLE-DE-FRANCE \nDEPARTEMENT DE L'ESSONNE \nARRETE N\u00b0 2025 \u2013 174  \n \nportant autorisation de transformation sans changement de cat\u00e9gorie de b\u00e9n\u00e9ficiaires de \n20 places du Service d'Accompagnement \u00e0 la Vie Sociale (SAVS) Du C\u00f4t\u00e9 de chez soi sis \n18 boulevard Nelaton \u00e0 Marcoussis (91460) en 20 places de Service d'Accompagnement \nM\u00e9dico-Social pour Adultes Handicap\u00e9s (SAMSAH) puis extension \u00e0 40 places de \nSAMSAH sis \u00e0 la m\u00eame adresse \n \ng\u00e9r\u00e9 par la Fondation Les Amis de l'Atelier \n \n \n \nLE DIRECTEUR G\u00c9N\u00c9RAL DE L'AGENCE R\u00c9GIONALE DE SANT\u00c9 \u00ceLE-DE-FRANCE \nLE PRESIDENT DU CONSEIL DEPARTEMENTAL DE L'ESSONNE \n \n \nVU le code de l'action sociale et des familles et notamment les articles L . 312-1, L. 313-1 et \nsuivants, R313-1 et suivants et D. 312-0-1 et suivants ; \n \nVU  le code g\u00e9n\u00e9ral de s collectivit\u00e9s territoriales, notamment les articles L . 3411-1 et \nsuivants ; \n \nVU  le d\u00e9cret du 9 mai 2017 relatif \u00e0 la nomenclature des \u00e9tablissements et services sociaux \net m\u00e9dico-sociaux accompagnant des personnes handicap\u00e9es ou malades chroniques ; \n \nVU  le d\u00e9cret n\u00b0 2021 \u2013 1476 du 12 novembre 2021 relatif au rythme des \u00e9valuations de la \nqualit\u00e9 des \u00e9tablissements et services sociaux et m\u00e9dico-sociaux ; \n \nVU  le d\u00e9cret du 10 avril 2024 portant nomination de Monsieur Denis ROBIN, Directeur g\u00e9n\u00e9ral \nde l'Agence r\u00e9gionale de sant\u00e9 \u00cele-de-France \u00e0 compter du 29 avril 2024 ; \n \nVU l'\u00e9lection le 1er juillet 2021 de Monsieur Fran\u00e7ois DUROVRAY \u00e0 la pr\u00e9sidence du Conseil \nd\u00e9partemental de l'Essonne ; \n \nVU l'arr\u00eat\u00e9 n\u00b0 DIRNOV-2023/08 de la Directrice g\u00e9n\u00e9rale de l'Agence r\u00e9gionale de sant\u00e9 \u00cele-\nde-France en date du 26 octobre 2023 portant adoption du cadre d'orientation strat\u00e9gique \n2018-2028 du projet r\u00e9gional de sant\u00e9 d'\u00cele-de-France ; \n \nVU l'arr\u00eat\u00e9 n\u00b0 DIRNOV-2023/09 de la Directrice g\u00e9n\u00e9rale de l'Agence r\u00e9gionale de sant\u00e9 \u00cele-\nde-France en date du 26 octobre 2023 portant adoption du sch\u00e9ma r\u00e9gional de sant\u00e9 \n2023-2028 du projet r\u00e9gional de sant\u00e9 d' \u00cele-de-France, modifi\u00e9 par l'arr\u00eat\u00e9 n\u00b0DIRNOV -\n2023/09 en date du 12 janvier 2024 ; \n \nAgence R\u00e9gionale de Sant\u00e9 - IDF-2025-06-03-00002 - Arr\u00eat\u00e9 2025-174 portant autorisation de transformation sans changement de\ncat\u00e9gorie de b\u00e9n\u00e9ficiaires de 20 places du Service d'Accompagnement \u00e0 la Vie Sociale (SAVS) du C\u00f4t\u00e9 de chez soi \u00e0 Marcoussis en 20\nplaces de Service d'Accompagnement M\u00e9dico-social pour Adultes Handicap\u00e9s (SAMSAH) puis extension \u00e0 40 places de SAMSAH \u00e0 la\nm\u00eame g\u00e9r\u00e9 par la Fondation Les Amis de l'Atelier \n21\n2 sur 5 \n \nVU l'arr\u00eat\u00e9 n\u00b0 2023 -346 de la Directrice g\u00e9n\u00e9rale de l'Agence r\u00e9gionale de sant\u00e9 \u00cele-de-\nFrance en date du 4 d\u00e9cembre 2023 \u00e9tablissant le programme interd\u00e9partemental \nd'accompagnement des handicaps et de la perte d'autonomie (PRIAC) 2023 -2027 pour \nla r\u00e9gion \u00cele-de-France ; \n \nVU la d\u00e9lib\u00e9ration n\u00b0  SP-2022-3-009 en date du 12 d\u00e9cembre 2022 portant adoption du \nsch\u00e9ma d\u00e9partemental de l'autonomie 2023-2027 du D\u00e9partement de l'Essonne pour la \np\u00e9riode 2023-2027 ; \n \nVU la d\u00e9lib\u00e9ration n\u00b0 SP-2023-3-011 du 25 septembre 2023 portant adoption du r\u00e8glement \nd\u00e9partemental d'aide sociale du conseil d\u00e9partemental de l'Essonne ;  \n \nVU l'arr\u00eat\u00e9 n\u00b0 2016-ARR-DA-0735 du 10 octobre 2016 portant autorisation de renouvellement \nd'autorisation du Service d'Accompagnement \u00e0 la Vie Sociale (SAVS) \u00ab Du C\u00f4t\u00e9 de chez \nsoi \u00bb, sis 18 Boulevard N\u00e9laton, 91460 Marcoussis ; \n \nVU l'arr\u00eat\u00e9 2021 -ARR-DA-0264 du 17 mars 2021 portant autorisation d'extension de 15 \nplaces du SAVS \u00ab Du C\u00f4t\u00e9 de chez soi \u00bb ; \n \nVU  l'avis de l'Appel \u00e0 Manifestation d'Int\u00e9r\u00eat Plan In clusif 2030 visant au d\u00e9ploiement de \nsolutions nouvelles pour l'inclusion des personnes en situation de handicap en \u00cele-de-\nFrance, publi\u00e9 le 6 novembre 2023 sur le site de l'Agence r\u00e9gionale de sant\u00e9 \u00cele-de-\nFrance ; \n \nVU le comit\u00e9 de pilotage qui s'est tenu le 28 mars 2024 ; \n \nVU l'avis de r\u00e9sultats sign\u00e9 le 11 avril 2024 et publi\u00e9 au Recueil des actes administratifs de \nla r\u00e9gion \u00cele-de-France ; \n \n \n \n \nCONSIDERANT que l e projet d\u00e9pos\u00e9 par la Fondation Les Amis de l'Atelier, vise \u00e0 \nmaintenir les personnes en situation de handicap psychique dans le \nmilieu ordinaire tout en b\u00e9n\u00e9ficiant d'un accompagnement m\u00e9dico-social \nassur\u00e9 par des professionnels experts sur ce type de handicap dans le \ncadre d'un SAMSAH ; \n \nCONSIDERANT que la transformation de 20 places de SAVS en 20 places de SAMSAH \net leur extension \u00e0 40 places v ont permettre de r\u00e9pondre aux besoins \nd'accompagnement en soins pour les personnes pr\u00e9sentant un handicap \npsychique accompagn\u00e9es en SAVS ; \n \n que, par cons\u00e9quent, le demandeur sollicite une augmentation de sa \ncapacit\u00e9 de l'ordre de 100% (passage de 20 places \u00e0 40 places) de \nSAMSAH ; \n \nCONSID\u00c9RANT qu'en application de l'article D 313 -2 du code de l'action sociale et des \nfamilles, le Directeur g\u00e9n\u00e9ral de l'Agence r\u00e9gionale de sant\u00e9 \u00cele -de-\nFrance et le Pr\u00e9sident du Conseil d\u00e9partemental de  l'Essonne peuvent \nd\u00e9roger aux seuils fix\u00e9s aux I \u00e0 IV de cet article au -del\u00e0 desquels les \nautorisations d'extension d'\u00e9tablissements ou de services m\u00e9dico -\nsociaux doivent \u00eatre pr\u00e9c\u00e9d\u00e9es de la proc\u00e9dure d'appel \u00e0 projet pr\u00e9vue \npar l'article L. 313-1-1 du m\u00eame code, lorsqu'un motif d'int\u00e9r\u00eat g\u00e9n\u00e9ral le \njustifie et pour tenir compte de circonstances locales ; \n \nAgence R\u00e9gionale de Sant\u00e9 - IDF-2025-06-03-00002 - Arr\u00eat\u00e9 2025-174 portant autorisation de transformation sans changement de\ncat\u00e9gorie de b\u00e9n\u00e9ficiaires de 20 places du Service d'Accompagnement \u00e0 la Vie Sociale (SAVS) du C\u00f4t\u00e9 de chez soi \u00e0 Marcoussis en 20\nplaces de Service d'Accompagnement M\u00e9dico-social pour Adultes Handicap\u00e9s (SAMSAH) puis extension \u00e0 40 places de SAMSAH \u00e0 la\nm\u00eame g\u00e9r\u00e9 par la Fondation Les Amis de l'Atelier \n22\n3 sur 5 \n \n \nCONSID\u00c9RANT  que le projet r\u00e9pond \u00e0 un besoin de d\u00e9veloppement de l'offre m\u00e9dico -\nsociale identifi\u00e9 sur le d\u00e9partement de l'Essonne pour les personnes \npr\u00e9sentant un handicap psychique ;   \n \nCONSID\u00c9RANT qu'il est compatible avec les objectifs et r\u00e9pond aux besoins sociaux et \nm\u00e9dico-sociaux fix\u00e9s par le sch\u00e9ma r\u00e9gional de sant\u00e9 et par le sch\u00e9ma \nd\u00e9partemental de l'autonomie 2023-2027 ; \n \nCONSID\u00c9RANT qu'il satisfait aux r\u00e8gles d'organisation et de fonctionnement pr\u00e9vues par \nle code de l'action sociale et des familles ; \n \nCONSID\u00c9RANT qu'il pr\u00e9sente un co\u00fbt de fonctionnement en  ann\u00e9e pleine compatible \navec le PRIAC Ile de France et avec le montant de l'une des dotations \nmentionn\u00e9es \u00e0 l'article L . 314-3 du code de l'action sociale et des \nfamilles ; \n \nCONSID\u00c9RANT que l'Agence r\u00e9gionale de sant\u00e9 \u00cele-de-France et le Conseil \nd\u00e9partemental de l'Essonne  disposent pour ce projet des cr\u00e9dits  \nn\u00e9cessaires \u00e0 sa mise en \u0153uvre \u00e0 hauteur de 1 040 000 \u20ac : \n \n\u2022 740 000 \u20ac au titre des cr\u00e9dits du Plan Inclus'IF 2030 de l'Agence \nr\u00e9gionale de sant\u00e9 \u00cele-de-France ; \n\u2022 300 000 \u20ac du Conseil d\u00e9partemental de l'Essonne. \n \n \n \n \nARR\u00caTENT \n \n \n  ARTICLE 1er : \n \n \n \nL'autorisation visant \u00e0 la transformation de 20 places du SAVS Du C\u00f4t\u00e9 de chez soi \nsis \u00e0 Marcoussis en 20 places de  SAMSAH puis \u00e0 leur extension de 20 places \ndestin\u00e9es \u00e0 accueillir des adultes \u00e0 partir de 20 ans pr\u00e9sentant un handicap \npsychique est accord\u00e9e \u00e0 la Fondation Les Amis de l'Atelier, dont le si\u00e8ge social se \nsitue au 59 Boulevard de Strasbourg \u00e0 Paris (75010). \n \nEn application de l'article R. 121-12-19 du Code de l'action sociale et des familles, \nle seuil d'extension pr\u00e9vu par cet article est fix\u00e9 par d\u00e9rogation, dans le cadre de \nla pr\u00e9sente autorisation, \u00e0 hauteur de 100% de la capacit\u00e9 du SAMSAH. \n \nARTICLE 2e : La capacit\u00e9 totale du SAVS est d\u00e9sormais de 47 places destin\u00e9es \u00e0 \naccompagner en milieu ordinaire des adultes \u00e0 partir de 20 ans pr\u00e9sentant un \nhandicap psychique et r\u00e9parties comme suit : \n- 26 places de SAVS renforc\u00e9 ; \n- 1 place d'h\u00e9bergement temporaire ; \n- 20 places de SAVS classique. \n \nLa capacit\u00e9 totale du SAMSAH de Marcoussis est de 40 places destin\u00e9es \u00e0 \naccompagner en milieu ordinaire des adultes \u00e0 partir de 20 ans pr\u00e9sentant un \nhandicap psychique. \n \n ARTICLE 3e : \n \nConform\u00e9ment aux termes du dernier alin\u00e9a du I de l'article D. 312 -0-3 du code \nde l'action sociale et des familles, aucune sp\u00e9cialisation n'exclut la prise en \ncharge de personnes pr\u00e9sentant des troubles associ\u00e9s \u00e0 ceux qui font l'objet de \nla pr\u00e9sente autorisation.  \nAgence R\u00e9gionale de Sant\u00e9 - IDF-2025-06-03-00002 - Arr\u00eat\u00e9 2025-174 portant autorisation de transformation sans changement de\ncat\u00e9gorie de b\u00e9n\u00e9ficiaires de 20 places du Service d'Accompagnement \u00e0 la Vie Sociale (SAVS) du C\u00f4t\u00e9 de chez soi \u00e0 Marcoussis en 20\nplaces de Service d'Accompagnement M\u00e9dico-social pour Adultes Handicap\u00e9s (SAMSAH) puis extension \u00e0 40 places de SAMSAH \u00e0 la\nm\u00eame g\u00e9r\u00e9 par la Fondation Les Amis de l'Atelier \n23\n4 sur 5 \n \n \nARTICLE 4e : \n \nCet \u00e9tablissement est r\u00e9pertori\u00e9 dans le Fichier National des Etablissements \nSanitaires et Sociaux (FINESS) de la fa\u00e7on suivante : \n \nN\u00b0 FINESS du SAVS \u00ab Du C\u00f4t\u00e9 de chez soi \u00bb : 910015312 \nCode cat\u00e9gorie  446 \u2013 Service d'accompagnement \u00e0 la vie sociale (SAVS)  \nCode discipline : 965 - Accompagnement \u00e0 la vie sociale des adultes \nhandicap\u00e9s   \nCode \nfonctionnement : \n16 - Prestation en milieu ordinaire \n48 \u2013 Tous modes d'accueil et \nd'accompagnement      \n40 \u2013 Accueil temporaire avec h\u00e9bergement    \n                                                 \n20 places \n26 places  \n1 place \nCode client\u00e8le : 010 \u2013 Tous types de d\u00e9ficiences personnes \nhandicap\u00e9es  \n47 places  \nCode mode de \nfixation des tarifs : \n08 - Pr\u00e9sident du Conseil D\u00e9partemental    \n \n \nN\u00b0 FINESS du SAMSAH de Marcoussis : en cours d'attribution \n \nCode cat\u00e9gorie : 445 - Service d'accompagnement m\u00e9dico -social pour \npersonnes handicap\u00e9es  \nCode discipline : 966 - Accueil et accompagnement m\u00e9dicalis\u00e9 personnes \nhandicap\u00e9es  \nCode \nfonctionnement : \n16 - Prestation en milieu ordinaire 40 places \nCode client\u00e8le : 206 \u2013 Handicap psychique  40 places \nCode mode de \nfixation des tarifs : \n57 - ARS PCD dotation forfait ou prix de \njourn\u00e9e globalis\u00e9s CPOM \n \n \n \n \n \n \n \n \nARTICLE 5e : \n \n \nN\u00b0 FINESS du gestionnaire : 92 000 141 9 \n \nCode Statut : 63 - Fondation \n \n \nLa pr\u00e9sente autorisation est valable sous r\u00e9serve du r\u00e9sultat positif de la visite \nde conformit\u00e9 pr\u00e9vue par l'article L . 313-6 du code de l'action sociale et des \nfamilles. \n \n  ARTICLE 6e : \n \nElle est caduque en l'absence d'ouverture au public de l'\u00e9tablissement ou du \nservice dans un d\u00e9lai de quatre ans suivant la notification de la d\u00e9cision \nd'autorisation conform\u00e9ment aux articles L . 313-1 et D . 313-7-2 du code de \nl'action sociale et des familles. \n \nARTICLE 7e : \n \nElle est accord\u00e9e pour une dur\u00e9e de 15 ans conform\u00e9ment \u00e0 l'article L. 313-1 du \nCode de l'action sociale et des familles. Elle est renouvel\u00e9e dans les conditions \npr\u00e9vues \u00e0 l'article L. 313-5 du code de l'action sociale et des familles, au regard \ndes r\u00e9sultats de l'\u00e9valuation externe mentionn\u00e9e \u00e0 l'article L.  312-8 du m\u00eame \ncode.  \nAgence R\u00e9gionale de Sant\u00e9 - IDF-2025-06-03-00002 - Arr\u00eat\u00e9 2025-174 portant autorisation de transformation sans changement de\ncat\u00e9gorie de b\u00e9n\u00e9ficiaires de 20 places du Service d'Accompagnement \u00e0 la Vie Sociale (SAVS) du C\u00f4t\u00e9 de chez soi \u00e0 Marcoussis en 20\nplaces de Service d'Accompagnement M\u00e9dico-social pour Adultes Handicap\u00e9s (SAMSAH) puis extension \u00e0 40 places de SAMSAH \u00e0 la\nm\u00eame g\u00e9r\u00e9 par la Fondation Les Amis de l'Atelier \n24\n5 sur 5 \n \n \n  ARTICLE 8e : \n \nTout changement important dans l'activit\u00e9, l'installation, l'organisation, la \ndirection ou le fonctionnement de l'\u00e9tablissement ou du service doit \u00eatre port\u00e9 \u00e0 \nla connaissance des autorit\u00e9s comp\u00e9tentes. \n \n  ARTICLE 9e : \n \nUn recours contre le pr\u00e9sent arr\u00eat\u00e9 peut \u00eatre form\u00e9 devant le tribunal administratif \ncomp\u00e9tent dans un d\u00e9lai de deux mois \u00e0 compter de sa notification ou, pour les \ntiers, \u00e0 compter de sa publication. \n \nARTICLE 10e : \n \n \n \nLe Directeur de la d\u00e9l\u00e9gation d\u00e9partementale de l'Essonne de l'Agence r\u00e9gionale \nde sant\u00e9 \u00cele-de-France et le Pr\u00e9sident  du Conseil d\u00e9partemental d e l'Essonne \nsont charg\u00e9s, chacun en ce qui le concerne, de l'ex\u00e9cution du pr\u00e9sent arr\u00eat\u00e9 qui \nsera publi\u00e9 aux recueils des actes administratifs de la R\u00e9gion \u00cele-de-France et \nsur le site internet du D\u00e9partement de l'Essonne.  \n \n \n \n \n                                                                                             Fait \u00e0 Saint-Denis, le 3 juin 2025 \n \n \n \n \n     \n \nLe Directeur g\u00e9n\u00e9ral \nde l'Agence r\u00e9gionale sant\u00e9 \n\u00cele-de-France \n \n \n \n \n \nDenis ROBIN \nLe Pr\u00e9sident du Conseil d\u00e9partemental  \nde l'Essonne \n \n \n \n \n \n \nFran\u00e7ois DUROVRAY \n \n \nAgence R\u00e9gionale de Sant\u00e9 - IDF-2025-06-03-00002 - Arr\u00eat\u00e9 2025-174 portant autorisation de transformation sans changement de\ncat\u00e9gorie de b\u00e9n\u00e9ficiaires de 20 places du Service d'Accompagnement \u00e0 la Vie Sociale (SAVS) du C\u00f4t\u00e9 de chez soi \u00e0 Marcoussis en 20\nplaces de Service d'Accompagnement M\u00e9dico-social pour Adultes Handicap\u00e9s (SAMSAH) puis extension \u00e0 40 places de SAMSAH \u00e0 la\nm\u00eame g\u00e9r\u00e9 par la Fondation Les Amis de l'Atelier \n25\nAgence R\u00e9gionale de Sant\u00e9\nIDF-2025-06-03-00003\nArr\u00eat\u00e9 2025-175 portant autorisation de\ntransformation sans changement de cat\u00e9gorie\nde b\u00e9n\u00e9ficiaires de 15 places du Service\nd'Accompagnement \u00e0 la Vie Sociale (SAVS)\nS\u00e9same \u00e0 Orsay en 15 places de Service\nd'Accompagnement M\u00e9dico-social pour Adultes\nHandicap\u00e9s (SAMSAH) d'Orsay puis extension \u00e0\n30 places de SAMSAH g\u00e9r\u00e9 par la Fondation des\nAmis de l'Atelier\nAgence R\u00e9gionale de Sant\u00e9 - IDF-2025-06-03-00003 - Arr\u00eat\u00e9 2025-175 portant autorisation de transformation sans changement de\ncat\u00e9gorie de b\u00e9n\u00e9ficiaires de 15 places du Service d'Accompagnement \u00e0 la Vie Sociale (SAVS) S\u00e9same \u00e0 Orsay en 15 places de Service\nd'Accompagnement M\u00e9dico-social pour Adultes Handicap\u00e9s (SAMSAH) d'Orsay puis extension \u00e0 30 places de SAMSAH g\u00e9r\u00e9 par la\nFondation des Amis de l'Atelier\n26\nREPUBLIQUE E vee 7 fFRAN\u00c7AISE TE S sonn | SR \u00a9 D Agence R\u00e9gionale de Sant\u00e9\u00cele-de-FranceLibert\u00e9\u00c9galit\u00e9Fraternit\u00e9\n \n \n                                                                          \n1 sur 5 \n \n \n \n \n \n \nAGENCE R\u00c9GIONALE DE SANT\u00c9 \u00ceLE-DE-FRANCE \nDEPARTEMENT DE L'ESSONNE \nARRETE N\u00b0 2025 \u2013 175  \n \nportant autorisation de transformation sans changement de cat\u00e9gorie de b\u00e9n\u00e9ficiaires de \n15 places du Service d'Accompagnement \u00e0 la Vie Sociale (SAVS) S\u00e9same \nsis 133 rue Aristide Briand \u00e0 Orsay (91400) en 15 places de Service d'Accompagnement \nM\u00e9dico-Social pour Adultes Handicap\u00e9s (SAMSAH) d'Orsay, puis extension \u00e0 30 places  \nde SAMSAH sis \u00e0 la m\u00eame adresse \n \ng\u00e9r\u00e9 par la Fondation des Amis de l'Atelier \n \n \n \nLE DIRECTEUR G\u00c9N\u00c9RAL DE L'AGENCE R\u00c9GIONALE DE SANT\u00c9 \u00ceLE-DE-FRANCE \nLE PRESIDENT DU CONSEIL DEPARTEMENTAL DE L'ESSONNE \n \n \nVU le code de l'action sociale et des familles et notamment les articles L . 312-1, L. 313-1 et \nsuivants, R313-1 et suivants et D. 312-0-1 et suivants ; \n \nVU  le code g\u00e9n\u00e9ral de s collectivit\u00e9s territoriales, notamment les articles L . 3411-1 et \nsuivants ; \n \nVU  le d\u00e9cret du 9 mai 2017 relatif \u00e0 la nomenclature des \u00e9tablissements et services sociaux \net m\u00e9dico-sociaux accompagnant des personnes handicap\u00e9es ou malades chroniques ; \n \nVU le d\u00e9cret n\u00b0 2021 \u2013 1476 du 12 novembre 2021 relatif au rythme des \u00e9valuations de la \nqualit\u00e9 des \u00e9tablissements et services sociaux et m\u00e9dico-sociaux ; \n \nVU le d\u00e9cret du 10 avril 2024 portant nomination de Monsieur Denis ROBIN, Directeur g\u00e9n\u00e9ral \nde l'Agence r\u00e9gionale de sant\u00e9 \u00cele-de-France \u00e0 compter du 29 avril 2024 ; \n \nVU l'\u00e9lection le 1er juillet 2021 de Monsieur Fran\u00e7ois DUROVRAY \u00e0 la pr\u00e9sidence du Conseil \nd\u00e9partemental de l'Essonne ; \n \nVU l'arr\u00eat\u00e9 n\u00b0 DIRNOV-2023/08 de la Directrice g\u00e9n\u00e9rale de l'Agence r\u00e9gionale de sant\u00e9 \u00cele-\nde-France en date du 26 octobre 2023 portant adoption du cadre d'orientation strat\u00e9gique \n2018-2028 du projet r\u00e9gional de sant\u00e9 d'\u00cele-de-France ; \n \nVU l'arr\u00eat\u00e9 n\u00b0 DIRNOV-2023/09 de la Directrice g\u00e9n\u00e9rale de l'Agence r\u00e9gionale de sant\u00e9 \u00cele-\nde-France en date du 26 octobre 2023 portant adoption du sch\u00e9ma r\u00e9gional de sant\u00e9 \n2023-2028 du projet r\u00e9gional de sant\u00e9 d' \u00cele-de-France, modifi\u00e9 par l'arr\u00eat\u00e9 n\u00b0DIRNOV -\n2023/09 en date du 12 janvier 2024 ; \n \nVU l'arr\u00eat\u00e9 n\u00b0 2023 -346 de la Directrice g\u00e9n\u00e9rale de l'Agence r\u00e9gionale de sant\u00e9 \u00cele-de-\nFrance en date du 4 d\u00e9cembre 2023 \u00e9tablissant le programme interd\u00e9partemental \nAgence R\u00e9gionale de Sant\u00e9 - IDF-2025-06-03-00003 - Arr\u00eat\u00e9 2025-175 portant autorisation de transformation sans changement de\ncat\u00e9gorie de b\u00e9n\u00e9ficiaires de 15 places du Service d'Accompagnement \u00e0 la Vie Sociale (SAVS) S\u00e9same \u00e0 Orsay en 15 places de Service\nd'Accompagnement M\u00e9dico-social pour Adultes Handicap\u00e9s (SAMSAH) d'Orsay puis extension \u00e0 30 places de SAMSAH g\u00e9r\u00e9 par la\nFondation des Amis de l'Atelier\n27\n2 sur 5 \n \nd'accompagnement des handicaps et de la perte d'autonomie (PRIAC) 2023 -2027 pour \nla r\u00e9gion \u00cele-de-France ; \n \nVU la d\u00e9lib\u00e9ration n\u00b0  SP-2022-3-009 en date du 12 d\u00e9cembre 2022 portant adoption du \nsch\u00e9ma d\u00e9partemental de l'autonomie 2023-2027 du D\u00e9partement de l'Essonne pour la \np\u00e9riode 2023-2027 ; \n \nVU la d\u00e9lib\u00e9ration n\u00b0 SP-2023-3-011 du 25 septembre 2023 portant adoption du r\u00e8glement \nd\u00e9partemental d'aide sociale du conseil d\u00e9partemental de l'Essonne ; \n \nVU l'arr\u00eat\u00e9 n\u00b0 2023-ARR-1077 du 24 novembre 2023 portant renouvellement d'autorisation \nde l'\u00e9tablissement d'accueil non m\u00e9dicalis\u00e9 \u00ab S\u00e9same Du C\u00f4t\u00e9 de chez soi \u00bb sis 133 rue \nAristide Briand \u00e0 Orsay (91400) ; \n \nVU  l'avis de l'Appel \u00e0 Manifestation d'Int\u00e9r\u00eat Plan Inlusif  2030 visant au d\u00e9ploiement de \nsolutions nouvelles pour l'inclusion des personnes en situation de handicap en \u00cele-de-\nFrance, publi\u00e9 le 6 novembre 2023 sur le site de l'Agence r\u00e9gionale de sant\u00e9 \u00cele-de-\nFrance ; \n \nVU le comit\u00e9 de pilotage qui s'est tenu le 28 mars 2024 ; \n \nVU l'avis de r\u00e9sultats sign\u00e9 le 11 avril 2024 et publi\u00e9 au Recueil des actes administratifs de \nla r\u00e9gion \u00cele-de-France ; \n \n \n \n \nCONSIDERANT que le  projet d\u00e9pos\u00e9 par la Fondation des Amis de l'Atelier  vise \u00e0 \nmaintenir le lien avec les travailleurs sortis d'ESAT ou en fin d'activit\u00e9 \nprofessionnelle ; \n \nCONSIDERANT que le projet permet de r\u00e9pondre au besoin d'accompagnement m\u00e9dical \nqui s'av\u00e8re un point crucial dans les besoins primaires des demandeurs, \nqu'il vise \u00e9galement \u00e0 maintenir ou d\u00e9velopper les apprentissages \npermettant d'acqu\u00e9rir de nouvelles comp\u00e9tences pour permettre une vie \nla plus autonome possible ;  \n \nCONSIDERANT que la transformation de 15 places de SAVS en 15 places de SAMSAH \net leur extension \u00e0 30 places  vont permettre de r\u00e9pondre aux besoins \nd'accompagnement en soins pour les personnes pr\u00e9sentant un handicap \npsychique accompagn\u00e9es en SAVS ;  \n \n que, par cons\u00e9quent, le demandeur sollicite une augmentation de sa \ncapacit\u00e9 de l'ordre de 100 % (passage de 15 places \u00e0 30 places) de \nSAMSAH ; \n \nCONSID\u00c9RANT qu'en application de l'article D 313 -2 du code de l'action sociale et des \nfamilles, le Directeur g\u00e9n\u00e9ral de l'Agence r\u00e9gionale de sant\u00e9 \u00cele -de-\nFrance et le Pr\u00e9sident du Conseil d\u00e9partemental de  l'Essonne peuvent \nd\u00e9roger aux seuils fix\u00e9s aux I \u00e0 IV de cet article au -del\u00e0 desquels les \nautorisations d'extension d'\u00e9tablissements ou de services m\u00e9dico-\nsociaux doivent \u00eatre pr\u00e9c\u00e9d\u00e9es de la proc\u00e9dure d'appel \u00e0 projet pr\u00e9vue \npar l'article L. 313-1-1 du m\u00eame code, lorsqu'un motif d'int\u00e9r\u00eat g\u00e9n\u00e9ral le \njustifie et pour tenir compte de circonstances locales ; \n \nAgence R\u00e9gionale de Sant\u00e9 - IDF-2025-06-03-00003 - Arr\u00eat\u00e9 2025-175 portant autorisation de transformation sans changement de\ncat\u00e9gorie de b\u00e9n\u00e9ficiaires de 15 places du Service d'Accompagnement \u00e0 la Vie Sociale (SAVS) S\u00e9same \u00e0 Orsay en 15 places de Service\nd'Accompagnement M\u00e9dico-social pour Adultes Handicap\u00e9s (SAMSAH) d'Orsay puis extension \u00e0 30 places de SAMSAH g\u00e9r\u00e9 par la\nFondation des Amis de l'Atelier\n28\n3 sur 5 \n \n \nCONSID\u00c9RANT  que le projet r\u00e9pond \u00e0 un besoin de d\u00e9veloppement de l'offre m\u00e9dico -\nsociale identifi\u00e9 sur le d\u00e9partement de l'Essonne pour les personnes \nhandicap\u00e9es vieillissantes ; \n \nCONSID\u00c9RANT qu'il est compatible avec les objectifs et r\u00e9pond aux besoins sociaux et \nm\u00e9dico-sociaux fix\u00e9s par le sch\u00e9ma r\u00e9gional de sant\u00e9 et par le sch\u00e9ma \nd\u00e9partemental de l'autonomie 2023-2027 ; \n \nCONSID\u00c9RANT qu'il satisfait aux r\u00e8gles d'organisation et de fonctionnement pr\u00e9vues par \nle code de l'action sociale et des familles ; \n \nCONSID\u00c9RANT qu'il pr\u00e9sente un co\u00fbt de fonctionnement en  ann\u00e9e pleine compatible \navec le PRIAC Ile de France et avec le montant de l'une des dotations \nmentionn\u00e9es \u00e0 l'article L . 314-3 du code de l'action sociale et des \nfamilles ; \n \nCONSID\u00c9RANT que l'Agence r\u00e9gionale de sant\u00e9 \u00cele-de-France et le Conseil \nd\u00e9partemental de l'Essonne  disposent pour ce projet des cr\u00e9dits \nn\u00e9cessaires \u00e0 sa mise en \u0153uvre \u00e0 hauteur de 780 982 \u20ac : \n \n\u2022 535 982 \u20ac au titre des cr\u00e9dits du Plan Inclus'IF 2030 de l'Agence \nr\u00e9gionale de sant\u00e9 \u00cele-de-France ; \n\u2022 245 000 \u20ac du Conseil d\u00e9partemental de l'Essonne. \n \n \n \n \nARR\u00caTENT \n \n \n ARTICLE 1er : \n \n \n \nL'autorisation visant \u00e0 la transformation de 15 places du SAVS \u00ab S\u00e9same \u00bb sis \u00e0 \nOrsay (91400) en 15 places de SAMSAH puis \u00e0 leur extension de 15  places \ndestin\u00e9es \u00e0 accompagner des travailleurs handicap\u00e9s vieillissants est accord\u00e9e \u00e0 \nla Fondation Les Amis de l'Atelier  dont le si\u00e8ge social se situe au 59 Boulevard de \nStrasbourg \u00e0 Paris (75010). \n \nEn application de l'article R. 121-12-19 du Code de l'action sociale et des familles, \nle seuil d'extension pr\u00e9vu par cet article est fix\u00e9 par d\u00e9rogation, dans le cadre de \nla pr\u00e9sente autorisation, \u00e0 hauteur de 100 % de la capacit\u00e9 du SAMSAH. \n \nARTICLE 2e : \n \nLa capacit\u00e9 totale du SAVS  S\u00e9same est d\u00e9sormais de 4 places  destin\u00e9es \u00e0 \naccompagner en milieu ordinaire des adultes \u00e0 partir de 20 ans pr\u00e9sentant un \nhandicap psychique.  \n \nLa capacit\u00e9 totale du SAMSAH d'Orsay est de 30 places destin\u00e9e s \u00e0 \naccompagner des travailleurs handicap\u00e9s vieillissants pr\u00e9sentant un handicap \npsychique. \n \n  ARTICLE 3e : \n \nConform\u00e9ment aux termes du dernier alin\u00e9a du I de l'article D. 312 -0-3 du code \nde l'action sociale et des familles, aucune sp\u00e9cialisation n'exclut la prise en charge \nde personnes pr\u00e9sentant des troubles associ\u00e9s \u00e0 ceux qui font l'objet de la \npr\u00e9sente autorisation. \n \nAgence R\u00e9gionale de Sant\u00e9 - IDF-2025-06-03-00003 - Arr\u00eat\u00e9 2025-175 portant autorisation de transformation sans changement de\ncat\u00e9gorie de b\u00e9n\u00e9ficiaires de 15 places du Service d'Accompagnement \u00e0 la Vie Sociale (SAVS) S\u00e9same \u00e0 Orsay en 15 places de Service\nd'Accompagnement M\u00e9dico-social pour Adultes Handicap\u00e9s (SAMSAH) d'Orsay puis extension \u00e0 30 places de SAMSAH g\u00e9r\u00e9 par la\nFondation des Amis de l'Atelier\n29\n4 sur 5 \n \nARTICLE 4e : \n \nElle est r\u00e9pertori\u00e9e dans le Fichier National des Etablissements Sanitaires et \nSociaux (FINESS) de la fa\u00e7on suivante : \n \n \n \n \n \n \n \n \n \n \n \n \n \nN\u00b0 FINESS du SAVS S\u00e9same : 91 001 090 9  \nCode cat\u00e9gorie : 446 \u2013 Service d'accompagnement \u00e0 la vie sociale \n(SAVS) \nCode discipline : 965 - Accompagnement \u00e0 la vie sociale des adultes \nhandicap\u00e9s \nCode fonctionnement : 16 - Prestation en milieu ordinaire                             \n4 places Code client\u00e8le : 206 - Handicap psychique \nCode mode de fixation \ndes tarifs : \n08 - Pr\u00e9sident du Conseil \nD\u00e9partemental  \n \n \nN\u00b0 FINESS du SAMSAH d'Orsay : en cours d'attribution \n \nCode cat\u00e9gorie : 445 - Service d'accompagnement m\u00e9dico-social pour \npersonnes handicap\u00e9es \nCode discipline : 966 - Accueil et accompagnement m\u00e9dicalis\u00e9 \npersonnes handicap\u00e9es \nCode fonctionnement : 16 - Prestation en milieu ordinaire \n30 places Code client\u00e8le : 206 \u2013 Handicap psychique  \nCode mode de fixation \ndes tarifs : \n57 - ARS PCD dotation forfait ou prix de \njourn\u00e9e globalis\u00e9s CPOM \n \n \n \n \n \n \n \nARTICLE 5e : \n \n \nN\u00b0 FINESS du gestionnaire : 92 000 141 9 \n \nCode statut : 63 Fondation \n \n \nLa pr\u00e9sente autorisation est valable sous r\u00e9serve du r\u00e9sultat positif de la visite de \nconformit\u00e9 pr\u00e9vue par l'article L. 313-6 du code de l'action sociale et des familles. \n \n  ARTICLE 6e : \n \nElle est caduque en l'absence d'ouverture au public de l'\u00e9tablissement ou du \nservice dans un d\u00e9lai de quatre ans suivant la notification de la d\u00e9cision \nd'autorisation conform\u00e9ment aux articles L . 313-1 et D . 313-7-2 du code de \nl'action sociale et des familles. \n \nARTICLE 7e : \n \nElle est accord\u00e9e pour une dur\u00e9e de quinze ans conform\u00e9ment \u00e0 l'article L. 313-\n1 du Code de l'action sociale et des familles. Elle est renouvel\u00e9e dans les \nconditions pr\u00e9vues \u00e0 l'article L. 313-5 du code de l'action sociale et des familles, \nau regard des r\u00e9sultats de l'\u00e9valuation externe mentionn\u00e9e \u00e0 l'article L. 312-8 du \nm\u00eame code.  \n \n  ARTICLE 8e : \n \nTout changement important dans l'activit\u00e9, l'installation, l'organisation, la direction \nou le fonctionnement de l'\u00e9tablissement  ou du service  doit \u00eatre port\u00e9 \u00e0 la \nconnaissance des autorit\u00e9s comp\u00e9tentes. \n \nAgence R\u00e9gionale de Sant\u00e9 - IDF-2025-06-03-00003 - Arr\u00eat\u00e9 2025-175 portant autorisation de transformation sans changement de\ncat\u00e9gorie de b\u00e9n\u00e9ficiaires de 15 places du Service d'Accompagnement \u00e0 la Vie Sociale (SAVS) S\u00e9same \u00e0 Orsay en 15 places de Service\nd'Accompagnement M\u00e9dico-social pour Adultes Handicap\u00e9s (SAMSAH) d'Orsay puis extension \u00e0 30 places de SAMSAH g\u00e9r\u00e9 par la\nFondation des Amis de l'Atelier\n30\ngia\"gig\"\n5 sur 5 \n \n  ARTICLE 9e : \n \nUn recours contre le pr\u00e9sent arr\u00eat\u00e9 peut \u00eatre form\u00e9 devant le tribunal administratif \ncomp\u00e9tent dans un d\u00e9lai de deux mois \u00e0 compter de sa notification ou, pour les \ntiers, \u00e0 compter de sa publication. \n \nARTICLE 10e : \n \n \n \nLe Directeur de la d\u00e9l\u00e9gation d\u00e9partementale de l'Essonne de l'Agence r\u00e9gionale \nde sant\u00e9 \u00cele-de-France et le Pr\u00e9sident du Conseil d\u00e9partemental d e l'Essonne ; \nsont charg\u00e9s, chacun en ce qui le concerne, de l'ex\u00e9cution du pr\u00e9sent arr\u00eat\u00e9 qui \nsera publi\u00e9 aux recueils des actes administratifs de la R\u00e9gion \u00cele-de-France et au \nbulletin officiel du D\u00e9partement de l'Essonne.  \n \n \n \n \n                                                                               Fait \u00e0 Saint-Denis, le 3 juin \n \n \nLa Directrice g\u00e9n\u00e9rale adjointe \nde l'Agence r\u00e9gionale sant\u00e9 \n\u00cele-de-France \n \n \n \n  \nSophie MARTINON \nLe Pr\u00e9sident du Conseil d\u00e9partemental  \nde l'Essonne \n  \n \n \n \n \nFran\u00e7ois DUROVRAY \n     \n \nAgence R\u00e9gionale de Sant\u00e9 - IDF-2025-06-03-00003 - Arr\u00eat\u00e9 2025-175 portant autorisation de transformation sans changement de\ncat\u00e9gorie de b\u00e9n\u00e9ficiaires de 15 places du Service d'Accompagnement \u00e0 la Vie Sociale (SAVS) S\u00e9same \u00e0 Orsay en 15 places de Service\nd'Accompagnement M\u00e9dico-social pour Adultes Handicap\u00e9s (SAMSAH) d'Orsay puis extension \u00e0 30 places de SAMSAH g\u00e9r\u00e9 par la\nFondation des Amis de l'Atelier\n31\nAgence R\u00e9gionale de Sant\u00e9\nIDF-2025-06-05-00011\nD\u00e9cision DVSS - QSPHARMBIO - 2025/048\nportant suppression de la pharmacie \u00e0 usage\nint\u00e9rieur du centre Lecourbe\nAgence R\u00e9gionale de Sant\u00e9 - IDF-2025-06-05-00011 - D\u00e9cision DVSS - QSPHARMBIO - 2025/048 portant suppression de la pharmacie \u00e0\nusage int\u00e9rieur du centre Lecourbe 32\nREPUBLIQUEFRANCAISELibert\u00e9Egalit\u00e9Fraternit\u00e9\n4\u00a9 \u00bb Agence R\u00e9gionale de Sant\u00e9Ile-de-France\n \n \nAGENCE REGIONALE DE SANTE ILE-DE-FRANCE \nDECISION N\u00b0 DVSS-QSPHARMBIO \u2013 2025/048 \nSUPPRESSION DE LA PHARMACIE A USAGE INTERIEUR  \ndu Centre LECOURBE \n \nLE DIRECTEUR GENERAL DE L'AGENCE REGIONALE DE SANTE \u00ceLE-DE-FRANCE \n \nVU le code de la sant\u00e9 publique  et notamment les articles L.5126 -1 \u00e0 L.5126 -11 ainsi que les \narticles R.5126-1 \u00e0 R.5126-41 et R.5126-48 et R.5126-53 \u00e0 R.5126-66 ; \nVU \n \nVU \nl'arr\u00eat\u00e9 en date du 22 juin 2001 relatif aux bonnes pratiques de pharmacie hospitali\u00e8re ; \nla d\u00e9cision en date du 21 juillet 2023, prise en application des articles L.5121 -1 et L.5121-5 \ndu code de la sant\u00e9 publique, relative aux bonnes pratiques de pr\u00e9paration  ; \nVU le d\u00e9cret en date du 10 avril 2024 portant nomination de Monsieur Denis ROBIN, Directeur \ng\u00e9n\u00e9ral de l'Agence r\u00e9gionale de sant\u00e9 \u00cele-de-France \u00e0 compter du 29 avril 2024 ; \nVU l'arr\u00eat\u00e9 pr\u00e9fectoral en date du 24 octobre 2001 ayant autoris\u00e9 la cr\u00e9ation d'une pharmacie \u00e0 \nusage int\u00e9rieur sous le n\u00b0 H. 115 au sein du Centre Lecourbe situ\u00e9 au 205, rue de Javel \u00e0 \nParis 15\u00e8me ; \nVU la demande d\u00e9pos\u00e9e le  11 f\u00e9vrier 2025 par M adame la directrice de l'\u00e9tablissement, \nrepr\u00e9sentant l\u00e9gal de la personne morale exploitant l e Centre Lecourbe en vue de supprimer \nla pharmacie \u00e0 usage int\u00e9rieur de l'\u00e9tablissement ; \nVU le rapport unique d'instruction en date du 12 mai 2025 \u00e9tabli par le pharmacien instructeur ; \nVU l'avis favorable du Conseil central de la section H de l'Ordre des pharmaciens en date du \n23 mars 2025 ;  \nCONSIDERANT que la suppression intervient suite \u00e0 la fermeture de la pharmacie \u00e0 usage \nint\u00e9rieur par suite de la d\u00e9mission du pharmacien g\u00e9rant le 5 novembre 2023 ; \nCONSIDERANT que le stock de produits de sant\u00e9 non c\u00e9d\u00e9 a \u00e9t\u00e9 d\u00e9truit  selon le protocole de \ndestruction des d\u00e9chets pharmaceutiques ; \nCONSIDERANT  que les stocks de m\u00e9dicaments stup\u00e9fiants ont \u00e9t\u00e9 d\u00e9truits, conform\u00e9ment \u00e0 la \nr\u00e9glementation en vigueur en date du 2 avril 2025 ; \nDECIDE \n \nARTICLE 1 La suppression de la pharmacie \u00e0 usage int\u00e9rieur au sein d u Centre Lecourbe  \nsitu\u00e9e au 205, rue de Javel \u00e0 Paris 15\u00e8me est autoris\u00e9e.  \n \nARTICLE 2 l'arr\u00eat\u00e9 pr\u00e9fectoral en date du 24 octobre 2001 ayant autoris\u00e9 la cr\u00e9ation de la \npharmacie \u00e0 usage int\u00e9rieur est abrog\u00e9. \n \n \nAgence R\u00e9gionale de Sant\u00e9 - IDF-2025-06-05-00011 - D\u00e9cision DVSS - QSPHARMBIO - 2025/048 portant suppression de la pharmacie \u00e0\nusage int\u00e9rieur du centre Lecourbe 33\n \nARTICLE 3 Un recours contentieux contre la pr\u00e9sente d\u00e9cision peut \u00eatre form\u00e9 aupr\u00e8s du \nTribunal administratif comp\u00e9tent. Le d\u00e9lai de recours est de deux mois \u00e0 \ncompter de la notification de la d\u00e9cision pour les int\u00e9ress\u00e9s ou de sa publication \npour les tiers. Cette juridiction peut notamment \u00eatre saisie via une requ\u00eate \nremise ou envoy\u00e9e au greffe du Tribunal administratif ou aussi par l'application \n\u00ab T\u00e9l\u00e9recours \u00bb accessible \u00e0 partir du site www.telerecours.fr. \n \nARTICLE 4 Les directeurs de l'Agence r\u00e9gionale de sant\u00e9 \u00cele -de-France sont charg\u00e9s, \nchacun en ce qui les concerne, de l'ex\u00e9cution de la pr\u00e9sente d\u00e9cision, qui sera \npubli\u00e9e au recueil des actes administratifs de la pr\u00e9fecture de la r\u00e9gion \u00cele -de-\nFrance. \n \n        \nFait \u00e0 Saint-Denis, le 5 juin 2025 \n \nLe Directeur g\u00e9n\u00e9ral \nde l'Agence r\u00e9gionale de sant\u00e9  \n\u00cele-de-France \n \nSign\u00e9 \n \nDenis ROBIN \nAgence R\u00e9gionale de Sant\u00e9 - IDF-2025-06-05-00011 - D\u00e9cision DVSS - QSPHARMBIO - 2025/048 portant suppression de la pharmacie \u00e0\nusage int\u00e9rieur du centre Lecourbe 34\nDirection de la s\u00e9curit\u00e9 de l'aviation civile nord\nIDF-2025-06-05-00010\nArr\u00eat\u00e9 portant octroi de la licence d'exploitation\nde transporteur a\u00e9rien \nau profit de la soci\u00e9t\u00e9 YANKEE DELTA\nDirection de la s\u00e9curit\u00e9 de l'aviation civile nord - IDF-2025-06-05-00010 - Arr\u00eat\u00e9 portant octroi de la licence d'exploitation de\ntransporteur a\u00e9rien \nau profit de la soci\u00e9t\u00e9 YANKEE DELTA\n35\n| =PREFET |DE LA REGIOND'\u00ceLE-DE-FRANCELibert\u00e9Egalit\u00e9Fraternit\u00e9\n  \nDirection g\u00e9n\u00e9rale de l'aviation civile \nDirection de la s\u00e9curit\u00e9 de l'aviation civile \nDSAC Nord \nDSAC Nord \nDirection de la S\u00e9curit\u00e9 de l'Aviation Civile \nDirection G\u00e9n\u00e9rale de l'Aviation Civile \n9, rue de Champagne 91200 ATHIS MONS \n \n \nARR\u00caT\u00c9 DU 5 JUIN 2025 \n \nportant octroi de la licence d'exploitation de transporteur a\u00e9rien  \nau profit de la soci\u00e9t\u00e9 YANKEE DELTA \n \nLe pr\u00e9fet de la r\u00e9gion d'Ile-de-France \nPr\u00e9fet de Paris \nCommandeur de la L\u00e9gion d'honneur, \nOfficier de l'ordre national du M\u00e9rite \n \n \nVu le r\u00e8glement (CE) n\u00b0 785/2004 du Parlement europ\u00e9en et du Conseil du 21 avril 2004 relatif aux exigences en \nmati\u00e8re d'assurance applicables aux transporteurs a\u00e9riens et aux exploitants d'a\u00e9ronefs ; \n \nVu le r\u00e8glement (CE) n\u00b0 1008/2008 du Parlement europ\u00e9en et du Conseil du 24 septembre 2008 \u00e9tablissant des \nr\u00e8gles communes pour l'exploitation de services a\u00e9riens dans la Communaut\u00e9  ; \n \nVu le code des transports, notamment le livre IV de sa sixi\u00e8me partie ;  \n \nVu l'arr\u00eat\u00e9 du 16 juin 2005 fixant les garanties financi\u00e8res et morales demand\u00e9es pour l'octroi et le maintien de la \nlicence d'exploitation des transporteurs a\u00e9riens vis\u00e9s \u00e0 l'article R. 6412-11 du code des transports ; \n \nVu l'arr\u00eat\u00e9 du 18 f\u00e9vrier 2025  du pr\u00e9fet de la r\u00e9gion d'Ile de France  portant d\u00e9l\u00e9gation de signature \u00e0 Fran\u00e7ois \nTHEOLEYRE, directeur interr\u00e9gional de la s\u00e9curit\u00e9 de l'aviation civile Nord ; \n \nVu le certificat de transporteur a\u00e9rien n\u00b0 FR-N.AOC.0162 d\u00e9livr\u00e9 \u00e0 la soci\u00e9t\u00e9 YANKEE DELTA ; \n \nVu la demande pr\u00e9sent\u00e9e par la soci\u00e9t\u00e9 YANKEE DELTA, \n \n \nArr\u00eate \n \n \nArticle 1er \n \nEn application de l'article  R. 6412 -4 du code des transports, il est d\u00e9livr\u00e9 \u00e0 la soci\u00e9t\u00e9 YANKEE DELTA  \nimmatricul\u00e9e sous le num\u00e9ro SIREN 344 197 470, une licence d'exploitation de transporteur a\u00e9rien lui \npermettant d'exercer une activit\u00e9 de vols locaux au sens du 6) de l'article 2 du r\u00e8glement (CE) n\u00b0 1008/2008 du \n24 septembre 2008 susvis\u00e9. \n \nArticle 2 \n \nLa pr\u00e9sente licence d'exploitation est particuli\u00e8re \u00e0 la soci\u00e9t\u00e9 et n'est transmissible \u00e0 aucune autre personne \nphysique ou morale. \n \nArticle 3 \n \nLa pr\u00e9sente licence d'exploitation ne demeure valable qu'autant que les conditions fix\u00e9es par le code des \ntransports sont respect\u00e9es et notamment que la soci\u00e9t\u00e9 YANKEE DELTA dispose d'un certificat de transporteur \na\u00e9rien en cours de validit\u00e9 couvrant ses activit\u00e9s  et respecte les exigences en mati\u00e8re d'assurances d\u00e9finies par \nle r\u00e8glement (CE) n\u00b0 785/2004 du 21 avril 2004 susvis\u00e9. \n \n \n \n \n \n \nDirection de la s\u00e9curit\u00e9 de l'aviation civile nord - IDF-2025-06-05-00010 - Arr\u00eat\u00e9 portant octroi de la licence d'exploitation de\ntransporteur a\u00e9rien \nau profit de la soci\u00e9t\u00e9 YANKEE DELTA\n36\n 2 \n \n \nArticle 4 \n \nLa pr\u00e9sente licence d'exploitation est valide sans limitation de dur\u00e9e. Toutefois, elle peut \u00e0 tout moment \u00eatre \nsuspendue, retir\u00e9e ou remplac\u00e9e par une licence temporaire, dans les conditions pr\u00e9vues par le code des \ntransports. Le retrait ou la suspension son t prononc\u00e9s sans pr\u00e9judice des sanctions pr\u00e9vues par le code des \ntransports. \n \nArticle 5 \n \nLe directeur interr\u00e9gional de la s\u00e9curit\u00e9 de l'aviation civile Nord est charg\u00e9 de l'ex\u00e9cution du pr\u00e9sent arr\u00eat\u00e9 qui \nsera publi\u00e9 aux recueils des actes administratifs (\u00e9chelon de la r\u00e9gion d'Ile-de-France) de la pr\u00e9fecture de la r\u00e9gion \nd'Ile-de-France, pr\u00e9fecture de Paris, accessible sur le site Internet de la pr\u00e9fecture  : www.prefectures-\nregions.gouv.fr/ile-de-france/. \n \n \nFait \u00e0 Athis-Mons, le 5 juin 2025 \n \n \nPour le pr\u00e9fet de la r\u00e9gion Ile-de-France, par d\u00e9l\u00e9gation, \nLe directeur de la s\u00e9curit\u00e9 de l'aviation civile Nord \nSIGN\u00c9 \nFran\u00e7ois THEOLEYRE \nDirection de la s\u00e9curit\u00e9 de l'aviation civile nord - IDF-2025-06-05-00010 - Arr\u00eat\u00e9 portant octroi de la licence d'exploitation de\ntransporteur a\u00e9rien \nau profit de la soci\u00e9t\u00e9 YANKEE DELTA\n37\nDirection r\u00e9gionale et interd\u00e9partementale de\nl'h\u00e9bergement et du logement\nIDF-2025-06-05-00005\nArr\u00eat\u00e9 portant agr\u00e9ment de l'Association pour\nl'amiti\u00e9 (APA) au titre de l'interm\u00e9diation\nlocative et gestion locative sociale\nDirection r\u00e9gionale et interd\u00e9partementale de l'h\u00e9bergement et du logement - IDF-2025-06-05-00005 - Arr\u00eat\u00e9 portant agr\u00e9ment de\nl'Association pour l'amiti\u00e9 (APA) au titre de l'interm\u00e9diation locative et gestion locative sociale 38\nArr\u00eat\u00e9 n\u00b0\nportant agr\u00e9ment\nde l'Association pour l'amiti\u00e9 (APA)\nau titre de l'interm\u00e9diation locative et gestion locative sociale\nLe Pr\u00e9fet de la R\u00e9gion \u00cele-de-France, pr\u00e9fet de Paris\nGrand Officier de l'ordre national de la L\u00e9gion d'Honneur,\nOfficier de l'ordre national du m\u00e9rite\nVU la loi n\u00b0 2009-323 du 25 mars 2009 de mobilisation pour le logement et la lutte\ncontre l'exclusion\nVU  le  d\u00e9cret  n\u00b0  2009-1684  du  30  d\u00e9cembre  2009  relatif aux  agr\u00e9ments  des\norganismes exer\u00e7ant des activit\u00e9s en faveur du loge ment et de l'h\u00e9bergement des\npersonnes d\u00e9favoris\u00e9es\nVU  la circulaire du 18 janvier 2010 relative aux rel ations entre les pouvoirs publics\net les associations\u00a0: conventions d'objectifs et simplification des d\u00e9marches relatives\naux proc\u00e9dures d'agr\u00e9ment\nVU  la  circulaire  du  6  septembre  2010  relative  aux  agr\u00e9ments  des  organismes\nagissant en faveur du logement et de l'h\u00e9bergement des personnes d\u00e9favoris\u00e9es\nVU  l'arr\u00eat\u00e9  n\u00b0  IDF-2023-10-02-00010  en  date  du  02  octobre  2023  portant\nd\u00e9l\u00e9gation  de  signature  \u00e0  Monsieur  Laurent  BRESSON, Directeur  r\u00e9gional  et\ninterd\u00e9partemental  de  l'h\u00e9bergement  et  du  logement  \u00cele-de-France,  en  mati\u00e8re\nadministrative\nVUla  d\u00e9cision  n\u00b0  2024-21  en  date  du  16  mai  2024  portant  subd\u00e9l\u00e9gation  de\nsignature  en  mati\u00e8re  administrative  \u00e0  Monsieur  Jacques  Bertrand  DE  REBOUL,\nDirecteur r\u00e9gional et interd\u00e9partemental adjoint de  l'h\u00e9bergement et du logement\nde la r\u00e9gion \u00cele-de-France\nT\u00e9l : 01 82 52 48 96\nLe Ponant, 5 rue Leblanc, 75015 Paris\nwww.drihl.ile-de-france.developpement-durable.gouv.fr\n1 / 4\nDirection r\u00e9gionale et interd\u00e9partementale de l'h\u00e9bergement et du logement - IDF-2025-06-05-00005 - Arr\u00eat\u00e9 portant agr\u00e9ment de\nl'Association pour l'amiti\u00e9 (APA) au titre de l'interm\u00e9diation locative et gestion locative sociale 39\nVU  la demande d'agr\u00e9ment d\u00e9pos\u00e9e par l'Association pour l'amiti\u00e9 le 8 novembre\n2024, aupr\u00e8s du Pr\u00e9fet de r\u00e9gion, en vue d'exercer les activit\u00e9s suivantes, vis\u00e9es \u00e0\nl'article R.365-1 3\u00b0 du a) du Code la construction et de l'habitation\u00a0:\n\u2022 Location de logements aupr\u00e8s d'organismes agr\u00e9\u00e9s au  titre de l'article L 365-2\nou d'organismes d'habitation \u00e0 loyer mod\u00e9r\u00e9 en vue de leur sous-location \u00e0 des\npersonnes d\u00e9favoris\u00e9es dans les conditions pr\u00e9vues par l'article L 442-8-1\n\u2022 Location de logements \u00e0 des bailleurs autres que les organismes d'habitations \u00e0\nloyer mod\u00e9r\u00e9 en vue de les sous-louer \u00e0 des personn es d\u00e9favoris\u00e9es dans les\nconditions pr\u00e9vues aux articles L.321-10, L.323-10-1 et L.353-20.\n\u2022 Location de logements en vue de l'h\u00e9bergement de pe rsonnes d\u00e9favoris\u00e9es\ndans les conditions de l'article L.851-1 du code de la s\u00e9curit\u00e9 sociale.\n\u2022 Location aupr\u00e8s d'un organisme agr\u00e9\u00e9 au titre de l' article L.365-2 destin\u00e9 \u00e0\nl'h\u00e9bergement.\nCONSID\u00c9RANT  la capacit\u00e9 de  l'Association pour l'amiti\u00e9 \u00e0 exercer les activit\u00e9s\nobjet du pr\u00e9sent agr\u00e9ment, compte tenu de ses statu ts, de ses comp\u00e9tences, des\nmoyens dont elle dispose dans les d\u00e9partements de P aris, de la Seine-et-Marne, des\nYvelines, de l'Essonne, des Hauts-de-Seine, de la S eine-Saint-Denis du Val-de-Marne\net du Val d'Oise,\nARRETE\nArticle  1  \ner\n  \nL'agr\u00e9ment  au  titre  de  l'interm\u00e9diation  locative  et gestion  locative  sociale  est\naccord\u00e9 \u00e0  l'Association  pour l'amiti\u00e9  pour les activit\u00e9s suivantes, vis\u00e9es \u00e0 l'article\nR.365-1 3\u00b0 du a) du Code la construction et de l'habitation\u00a0:\n\u2022 Location de logements aupr\u00e8s d'organismes agr\u00e9\u00e9s au  titre de l'article L 365-2 ou\nd'organismes  d'habitation  \u00e0  loyer  mod\u00e9r\u00e9 en  vue de leur  sous-location  \u00e0  des\npersonnes d\u00e9favoris\u00e9es dans les conditions pr\u00e9vues par l'article L 442-8-1\n\u2022 Location de logements \u00e0 des bailleurs autres que le s organismes d'habitations \u00e0\nloyer  mod\u00e9r\u00e9 en  vue de les  sous-louer  \u00e0 des  personnes d\u00e9favoris\u00e9es  dans les\nconditions pr\u00e9vues aux articles L.321-10, L.323-10-1 et L.353-20.\n\u2022 Location de logements en vue de l'h\u00e9bergement de pe rsonnes d\u00e9favoris\u00e9es dans\nles conditions de l'article L.851-1 du code de la s\u00e9curit\u00e9 sociale.\n\u2022 Location  aupr\u00e8s  d'un  organisme  agr\u00e9\u00e9  au  titre  de  l'article  L.365-2  destin\u00e9  \u00e0\nl'h\u00e9bergement.\nT\u00e9l : 01 82 52 48 96\nLe Ponant, 5 rue Leblanc, 75015 Paris\nwww.drihl.ile-de-france.developpement-durable.gouv.fr\n2 / 4\nDirection r\u00e9gionale et interd\u00e9partementale de l'h\u00e9bergement et du logement - IDF-2025-06-05-00005 - Arr\u00eat\u00e9 portant agr\u00e9ment de\nl'Association pour l'amiti\u00e9 (APA) au titre de l'interm\u00e9diation locative et gestion locative sociale 40\nArticle  2\nL'Association  pour l'amiti\u00e9 est agr\u00e9\u00e9e pour l'exercice des activit\u00e9s mentionn\u00e9 es \u00e0\nl'article 1\ner\n dans le territoire des d\u00e9partements  de Paris, de l a Seine-et-Marne, des\nYvelines, de l'Essonne, des Hauts-de-Seine, de la S eine-Saint-Denis du Val-de-Marne\net du Val d'Oise.\nArticle 3\nCet agr\u00e9ment est d\u00e9livr\u00e9 pour une dur\u00e9e de cinq ans  renouvelable. Il prend effet \u00e0\npartir de la date de signature du pr\u00e9sent arr\u00eat\u00e9.\nArticle 4\nL'Association pour l'amiti\u00e9 est tenue d'adresser annuellement au Pr\u00e9fet de R\u00e9gion un\ncompte-rendu  de  l'activit\u00e9,  objet  du  pr\u00e9sent  agr\u00e9ment,  ainsi  que  ses  comptes\nfinanciers,  conform\u00e9ment  \u00e0  l'article  R.365-7  du  Code  de  la  construction  et  de\nl'habitation. Elle doit \u00e9galement lui notifier toute modification statutaire.\nLe  Pr\u00e9fet  de  R\u00e9gion  peut  \u00e0  tout  moment  contr\u00f4ler  les conditions d'exercice  de\nl'activit\u00e9 de l'organisme.\nArticle 5\nLe pr\u00e9sent agr\u00e9ment peut \u00eatre retir\u00e9 \u00e0 tout moment par le Pr\u00e9fet de r\u00e9gion, si les\nconditions de d\u00e9livrance de l'agr\u00e9ment ne sont plus satisfaites ou s'il est constat\u00e9 un\nmanquement grave et r\u00e9p\u00e9t\u00e9 aux obligations de l'org anisme. Ce retrait ne pourra\n\u00eatre  prononc\u00e9  qu'apr\u00e8s  avoir  mis  les  dirigeants  de  l'organisme  en  mesure  de\npr\u00e9senter leurs observations.\nArticle 6\nLe pr\u00e9sent arr\u00eat\u00e9 peut faire l'objet d'un recours gracieux devant le Pr\u00e9fet de r\u00e9gion.\nIl peut \u00e9galement faire l'objet d'un recours hi\u00e9rarchique devant l'autorit\u00e9 sup\u00e9rieure\nde l'auteur du pr\u00e9sent arr\u00eat\u00e9, le ministre d\u00e9l\u00e9gu\u00e9 aupr\u00e8s du ministre de la Transition\n\u00e9cologique et de la coh\u00e9sion des territoires, charg\u00e9 du logement.\nIl peut aussi faire l'objet d'un recours contentieux devant le tribunal administratif de\nParis sis au 7 , rue de Jouy, 75004 Paris, dans un d\u00e9lai de deux mois \u00e0 compter de la\ndate de publication au recueil des actes administratifs. Dans ce cas, le pr\u00e9sent arr\u00eat\u00e9\ndoit \u00eatre joint au recours contentieux.\nT\u00e9l : 01 82 52 48 96\nLe Ponant, 5 rue Leblanc, 75015 Paris\nwww.drihl.ile-de-france.developpement-durable.gouv.fr\n3 / 4\nDirection r\u00e9gionale et interd\u00e9partementale de l'h\u00e9bergement et du logement - IDF-2025-06-05-00005 - Arr\u00eat\u00e9 portant agr\u00e9ment de\nl'Association pour l'amiti\u00e9 (APA) au titre de l'interm\u00e9diation locative et gestion locative sociale 41\nArticle 7\nLe  Directeur r\u00e9gional et interd\u00e9partemental de l'h\u00e9 bergement et du logement \u00cele-\nde-France est charg\u00e9 de l'ex\u00e9cution du pr\u00e9sent arr\u00eat\u00e9.\nLe pr\u00e9sent arr\u00eat\u00e9 sera publi\u00e9 au recueil des actes administratifs.\nUne copie du pr\u00e9sent arr\u00eat\u00e9 sera adress\u00e9e aux pr\u00e9fe ts  de la Seine-et-Marne, des\nYvelines, de l'Essonne, des Hauts-de-Seine, de la S eine-Saint-Denis, du Val-de-Marne\net du Val d'Oise.\n \nParis, le 5 juin 2025\nPour le Pr\u00e9fet de la R\u00e9gion d'\u00cele-de-France,\nPr\u00e9fet de Paris et par d\u00e9l\u00e9gation, \nLe Directeur adjoint de l'H\u00e9bergement et\ndu Logement\n Sign\u00e9\nJacques-Bertrand DE REBOUL\nT\u00e9l : 01 82 52 48 96\nLe Ponant, 5 rue Leblanc, 75015 Paris\nwww.drihl.ile-de-france.developpement-durable.gouv.fr\n4 / 4\nDirection r\u00e9gionale et interd\u00e9partementale de l'h\u00e9bergement et du logement - IDF-2025-06-05-00005 - Arr\u00eat\u00e9 portant agr\u00e9ment de\nl'Association pour l'amiti\u00e9 (APA) au titre de l'interm\u00e9diation locative et gestion locative sociale 42\nDirection r\u00e9gionale et interd\u00e9partementale de\nl'h\u00e9bergement et du logement\nIDF-2025-06-05-00009\nArr\u00eat\u00e9 portant agr\u00e9ment de l'association\nRESIDETAPES DEVELOPPEMENT\nau titre de l'interm\u00e9diation locative et gestion\nlocative sociale\nDirection r\u00e9gionale et interd\u00e9partementale de l'h\u00e9bergement et du logement - IDF-2025-06-05-00009 - Arr\u00eat\u00e9 portant agr\u00e9ment de\nl'association RESIDETAPES DEVELOPPEMENT\nau titre de l'interm\u00e9diation locative et gestion locative sociale\n43\nArr\u00eat\u00e9 n\u00b0\nportant agr\u00e9ment\nde l'association RESIDETAPES DEVELOPPEMENT\nau titre de l'interm\u00e9diation locative et gestion locative sociale\nLe Pr\u00e9fet de la R\u00e9gion \u00cele-de-France, pr\u00e9fet de Paris\nGrand Officier de l'ordre national de la L\u00e9gion d'Honneur,\nOfficier de l'ordre national du m\u00e9rite\nVU la loi n\u00b0 2009-323 du 25 mars 2009 de mobilisation pour le logement et la lutte\ncontre l'exclusion\nVU  le  d\u00e9cret  n\u00b0  2009-1684  du  30  d\u00e9cembre  2009  relatif aux  agr\u00e9ments  des\norganismes exer\u00e7ant des activit\u00e9s en faveur du loge ment et de l'h\u00e9bergement des\npersonnes d\u00e9favoris\u00e9es\nVU  la circulaire du 18 janvier 2010 relative aux rel ations entre les pouvoirs publics\net les associations\u00a0: conventions d'objectifs et simplification des d\u00e9marches relatives\naux proc\u00e9dures d'agr\u00e9ment\nVU  la  circulaire  du  6  septembre  2010  relative  aux  agr\u00e9ments  des  organismes\nagissant en faveur du logement et de l'h\u00e9bergement des personnes d\u00e9favoris\u00e9es\nVU  l'arr\u00eat\u00e9  n\u00b0  IDF-2023-10-02-00010  en  date  du  02  octobre  2023  portant\nd\u00e9l\u00e9gation  de  signature  \u00e0  Monsieur  Laurent  BRESSON, Directeur  r\u00e9gional  et\ninterd\u00e9partemental  de  l'h\u00e9bergement  et  du  logement  \u00cele-de-France,  en  mati\u00e8re\nadministrative\nVUla  d\u00e9cision  n\u00b0  2024-21  en  date  du  16  mai  2024  portant  subd\u00e9l\u00e9gation  de\nsignature  en  mati\u00e8re  administrative  \u00e0  Monsieur  Jacques  Bertrand  DE  REBOUL,\nDirecteur r\u00e9gional et interd\u00e9partemental adjoint de  l'h\u00e9bergement et du logement\nde la r\u00e9gion \u00cele-de-France\nT\u00e9l : 01 82 52 48 96\nLe Ponant, 5 rue Leblanc, 75015 Paris\nwww.drihl.ile-de-france.developpement-durable.gouv.fr\n1 / 4\nDirection r\u00e9gionale et interd\u00e9partementale de l'h\u00e9bergement et du logement - IDF-2025-06-05-00009 - Arr\u00eat\u00e9 portant agr\u00e9ment de\nl'association RESIDETAPES DEVELOPPEMENT\nau titre de l'interm\u00e9diation locative et gestion locative sociale\n44\nVU  la  demande  d'agr\u00e9ment  d\u00e9pos\u00e9e  par  l'association  RESIDETAPES\nDEVELOPPEMENT  le 31 mars 2025, aupr\u00e8s du Pr\u00e9fet de r\u00e9gion, en v ue d'exercer les\nactivit\u00e9s suivantes, vis\u00e9es \u00e0 l'article   R.365-1 3\u00b0 du a) et c) du Code la construction et\nde l'habitation\u00a0:\n\u2022 Location de logements aupr\u00e8s d'organismes agr\u00e9\u00e9s au  titre de l'article L 365-2\nou d'organismes d'habitation \u00e0 loyer mod\u00e9r\u00e9 en vue de leur sous-location \u00e0 des\npersonnes d\u00e9favoris\u00e9es dans les conditions pr\u00e9vues par l'article L 442-8-1\n\u2022 Location de logements \u00e0 des bailleurs autres que les organismes d'habitations \u00e0\nloyer mod\u00e9r\u00e9 en vue de les sous-louer \u00e0 des personn es d\u00e9favoris\u00e9es dans les\nconditions pr\u00e9vues aux articles L.321-10, L.323-10-1 et L.353-20.\n\u2022 La gestion de r\u00e9sidences sociales mentionn\u00e9es \u00e0 l'article R.353-165-1\nCONSID\u00c9RANT  la  capacit\u00e9  de  l'association  RESIDETAPES  DEVELOPPEMENT  \u00e0\nexercer les activit\u00e9s objet du pr\u00e9sent agr\u00e9ment, co mpte tenu de ses statuts, de ses\ncomp\u00e9tences, des moyens dont elle dispose dans les d\u00e9partements de Paris, de la\nSeine-et-Marne, de la Seine-Saint-Denis et du Val-d e-Marne ainsi que du soutien de\nl'UNAFO \u00e0 laquelle elle adh\u00e8re,\nARRETE\nArticle  1  \ner\n  \nL'agr\u00e9ment  au  titre  de  l'interm\u00e9diation  locative  et gestion  locative  sociale  est\naccord\u00e9 \u00e0 l'association RESIDETAPES DEVELOPPEMENT pour les activit\u00e9s suivantes,\nvis\u00e9es \u00e0 l'article R.365-1 3\u00b0 du a) et c) du Code la construction et de l'habitation\u00a0:\n\u2022 Location de logements aupr\u00e8s d'organismes agr\u00e9\u00e9s au  titre de l'article L 365-2\nou d'organismes d'habitation \u00e0 loyer mod\u00e9r\u00e9 en vue de leur sous-location \u00e0 des\npersonnes d\u00e9favoris\u00e9es dans les conditions pr\u00e9vues par l'article L 442-8-1\n\u2022 Location de logements \u00e0 des bailleurs autres que les organismes d'habitations \u00e0\nloyer mod\u00e9r\u00e9 en vue de les sous-louer \u00e0 des personn es d\u00e9favoris\u00e9es dans les\nconditions pr\u00e9vues aux articles L.321-10, L.323-10-1 et L.353-20.\n\u2022 La gestion de r\u00e9sidences sociales mentionn\u00e9es \u00e0 l'article R.353-165-1\nArticle  2\nL'association  RESIDETAPES  DEVELOPPEMENT est  agr\u00e9\u00e9e  pour  l'exercice  des\nT\u00e9l : 01 82 52 48 96\nLe Ponant, 5 rue Leblanc, 75015 Paris\nwww.drihl.ile-de-france.developpement-durable.gouv.fr\n2 / 4\nDirection r\u00e9gionale et interd\u00e9partementale de l'h\u00e9bergement et du logement - IDF-2025-06-05-00009 - Arr\u00eat\u00e9 portant agr\u00e9ment de\nl'association RESIDETAPES DEVELOPPEMENT\nau titre de l'interm\u00e9diation locative et gestion locative sociale\n45\nactivit\u00e9s mentionn\u00e9es \u00e0 l'article 1\ner\n dans le territoire des d\u00e9partements de Paris, de la\nSeine-et-Marne, de la Seine-Saint-Denis, du Val-de-Marne.\nArticle 3\nCet agr\u00e9ment est d\u00e9livr\u00e9 pour une dur\u00e9e de cinq ans  renouvelable. Il prend effet \u00e0\npartir de la date de signature du pr\u00e9sent arr\u00eat\u00e9.\nArticle 4\nL'association RESIDETAPES DEVELOPPEMENT est tenue d'adresser annuellement au\nPr\u00e9fet de R\u00e9gion un compte-rendu de l'activit\u00e9, objet du pr\u00e9sent agr\u00e9ment, ainsi que\nses comptes financiers, conform\u00e9ment \u00e0 l'article R.365-7 du Code de la construction\net de l'habitation. Elle doit \u00e9galement lui notifier toute modification statutaire.\nLe  Pr\u00e9fet  de  R\u00e9gion  peut  \u00e0  tout  moment  contr\u00f4ler  les conditions d'exercice  de\nl'activit\u00e9 de l'organisme.\nArticle 5\nLe pr\u00e9sent agr\u00e9ment peut \u00eatre retir\u00e9 \u00e0 tout moment par le Pr\u00e9fet de r\u00e9gion, si les\nconditions de d\u00e9livrance de l'agr\u00e9ment ne sont plus satisfaites ou s'il est constat\u00e9 un\nmanquement grave et r\u00e9p\u00e9t\u00e9 aux obligations de l'org anisme. Ce retrait ne pourra\n\u00eatre  prononc\u00e9  qu'apr\u00e8s  avoir  mis  les  dirigeants  de  l'organisme  en  mesure  de\npr\u00e9senter leurs observations.\nArticle 6\nLe pr\u00e9sent arr\u00eat\u00e9 peut faire l'objet d'un recours gracieux devant le Pr\u00e9fet de r\u00e9gion.\nIl peut \u00e9galement faire l'objet d'un recours hi\u00e9rarchique devant l'autorit\u00e9 sup\u00e9rieure\nde l'auteur du pr\u00e9sent arr\u00eat\u00e9, le ministre d\u00e9l\u00e9gu\u00e9 aupr\u00e8s du ministre de la Transition\n\u00e9cologique et de la coh\u00e9sion des territoires, charg\u00e9 du logement.\nIl peut aussi faire l'objet d'un recours contentieux devant le tribunal administratif de\nParis sis au 7 , rue de Jouy, 75004 Paris, dans un d\u00e9lai de deux mois \u00e0 compter de la\ndate de publication au recueil des actes administratifs. Dans ce cas, le pr\u00e9sent arr\u00eat\u00e9\ndoit \u00eatre joint au recours contentieux.\nArticle 7\nLe  Directeur r\u00e9gional et interd\u00e9partemental de l'h\u00e9 bergement et du logement \u00cele-\nde-France est charg\u00e9 de l'ex\u00e9cution du pr\u00e9sent arr\u00eat\u00e9.\nT\u00e9l : 01 82 52 48 96\nLe Ponant, 5 rue Leblanc, 75015 Paris\nwww.drihl.ile-de-france.developpement-durable.gouv.fr\n3 / 4\nDirection r\u00e9gionale et interd\u00e9partementale de l'h\u00e9bergement et du logement - IDF-2025-06-05-00009 - Arr\u00eat\u00e9 portant agr\u00e9ment de\nl'association RESIDETAPES DEVELOPPEMENT\nau titre de l'interm\u00e9diation locative et gestion locative sociale\n46\nLe pr\u00e9sent arr\u00eat\u00e9 sera publi\u00e9 au recueil des actes administratifs.\nUne copie du pr\u00e9sent arr\u00eat\u00e9 sera adress\u00e9e aux pr\u00e9fe ts  de la Seine-et-Marne, de la\nSeine-Saint-Denis et du Val-de-Marne.\n \nParis, le 5 juin 2025\nPour le Pr\u00e9fet de la R\u00e9gion d'\u00cele-de-France,\nPr\u00e9fet de Paris et par d\u00e9l\u00e9gation, \nLe Directeur adjoint de l'H\u00e9bergement et\ndu Logement\n Sign\u00e9\nJacques-Bertrand DE REBOUL\nT\u00e9l : 01 82 52 48 96\nLe Ponant, 5 rue Leblanc, 75015 Paris\nwww.drihl.ile-de-france.developpement-durable.gouv.fr\n4 / 4\nDirection r\u00e9gionale et interd\u00e9partementale de l'h\u00e9bergement et du logement - IDF-2025-06-05-00009 - Arr\u00eat\u00e9 portant agr\u00e9ment de\nl'association RESIDETAPES DEVELOPPEMENT\nau titre de l'interm\u00e9diation locative et gestion locative sociale\n47\nDirection r\u00e9gionale et interd\u00e9partementale de\nl'h\u00e9bergement et du logement\nIDF-2025-06-05-00006\nArr\u00eat\u00e9 portant agr\u00e9ment de la Fondation\nApprentis d'Auteuil au titre de l'ing\u00e9nierie\nsociale, financi\u00e8re et technique\nDirection r\u00e9gionale et interd\u00e9partementale de l'h\u00e9bergement et du logement - IDF-2025-06-05-00006 - Arr\u00eat\u00e9 portant agr\u00e9ment de la\nFondation Apprentis d'Auteuil au titre de l'ing\u00e9nierie sociale, financi\u00e8re et technique 48\nArr\u00eat\u00e9  n\u00b0 \nportant agr\u00e9ment \nde la Fondation Apprentis d'Auteuil\nau titre de l'ing\u00e9nierie sociale, financi\u00e8re et technique\nLe Pr\u00e9fet de la R\u00e9gion \u00cele-de-France, pr\u00e9fet de Paris\nGrand Officier de l'ordre national de la L\u00e9gion d'Honneur,\nOfficier de l'ordre national du m\u00e9rite\nVU la loi n\u00b0 2009-323 du 25 mars 2009 de mobilisation pour le logement et la lutte\ncontre l'exclusion \nVU  le  d\u00e9cret  n\u00b0  2009-1684  du  30  d\u00e9cembre  2009  relatif aux  agr\u00e9ments  des\norganismes exer\u00e7ant des activit\u00e9s en faveur du loge ment et de l'h\u00e9bergement des\npersonnes d\u00e9favoris\u00e9es\nVU  la circulaire du 18 janvier 2010 relative aux rel ations entre les pouvoirs publics\net les associations : conventions d'objectifs et simplification des d\u00e9marches relatives\naux proc\u00e9dures d'agr\u00e9ment \nVU  la  circulaire  du  6  septembre  2010  relative  aux  agr\u00e9ments  des  organismes\nagissant en faveur du logement et de l'h\u00e9bergement des personnes d\u00e9favoris\u00e9es\nVU  la d\u00e9cision n\u00b0 2024-21 en date du 16 mai 2024 porta nt d\u00e9l\u00e9gation de signature\n\u00e0  Monsieur  Laurent  BRESSON,  Directeur  r\u00e9gional  et  interd\u00e9partemental  de\nl'h\u00e9bergement et du logement \u00cele-de-France, en mati\u00e8re administrative\nVU la d\u00e9cision n\u00b0 2022-25 en date du 30 septembre 202 2 portant subd\u00e9l\u00e9gation\nde signature en mati\u00e8re administrative \u00e0 Monsieur J acques Bertrand DE REBOUL,\nT\u00e9l : 01 82 52 48 96 \nLe Ponant, 5 rue Leblanc, 75015 Paris\nwww.drihl.ile-de-france.developpement-durable.gouv.fr\n1 / 4\nDirection r\u00e9gionale et interd\u00e9partementale de l'h\u00e9bergement et du logement - IDF-2025-06-05-00006 - Arr\u00eat\u00e9 portant agr\u00e9ment de la\nFondation Apprentis d'Auteuil au titre de l'ing\u00e9nierie sociale, financi\u00e8re et technique 49\nDirecteur r\u00e9gional et interd\u00e9partemental adjoint de  l'h\u00e9bergement et du logement\nde la r\u00e9gion \u00cele-de-France\nVU  la  demande  d'agr\u00e9ment  d\u00e9pos\u00e9e  par  la  \n\uf083Fondation  Apprentis  d'Auteuil le\n20  d\u00e9cembre  2024,  aupr\u00e8s  du  Pr\u00e9fet  de  r\u00e9gion,  en  vue  d'exercer  les  activit\u00e9s\nsuivantes,  vis\u00e9es \u00e0 l'article R.365-1 2\u00b0 b), c), d)  et e)  du Code la construction et de\nl'habitation :\n\u2022 L'accompagnement social des personnes pour favorise r leur acc\u00e8s ou leur\nmaintien dans le logement, r\u00e9alis\u00e9 principalement d ans le cadre du plan\nd\u00e9partemental d'action pour le logement des personnes d\u00e9favoris\u00e9es.\n\u2022 L'assistance  aux  personnes  qui  forment  un  recours  amiable  devant  la\ncommission  de  m\u00e9diation  ou  un  recours  contentieux  devant  le tribunal\nadministratif aux fins de reconnaissance du droit au logement opposable.\n\u2022 La  recherche  de  logements  en  vue  de  leur  location  \u00e0 des  personnes\nd\u00e9favoris\u00e9es.\n\u2022 La  participation  aux  commissions  d'attribution  des  organismes\nd'habitations \u00e0 loyer mod\u00e9r\u00e9 mentionn\u00e9e \u00e0 l'article L.441-2.\nCONSID\u00c9RANT la  capacit\u00e9  de  la  \uf083Fondation  Apprentis  d'Auteuil \u00e0  exercer  les\nactivit\u00e9s,  objet  du  pr\u00e9sent  agr\u00e9ment,  compte  tenu  de  ses  statuts,  de  ses\ncomp\u00e9tences, des moyens dont elle dispose dans l'en semble des d\u00e9partements de\nla r\u00e9gion \u00cele-de-France ainsi que du soutien de l'UNAFO \u00e0 laquelle elle adh\u00e8re.\nARRETE\nArticle  1  \ner\n  \nL'agr\u00e9ment au titre de l'ing\u00e9nierie sociale, financ i\u00e8re et technique est accord\u00e9 \u00e0 la\n\uf083Fondation Apprentis d'Auteuil pour les activit\u00e9s suivantes, vis\u00e9es \u00e0 l'article R.365-1 2\u00b0\nb), c), d) et e) du Code la construction et de l'habitation :\n\u2022 L'accompagnement social des personnes pour favorise r leur acc\u00e8s ou leur\nmaintien dans le logement, r\u00e9alis\u00e9 principalement d ans le cadre du plan\nd\u00e9partemental d'action pour le logement des personnes d\u00e9favoris\u00e9es.\n\u2022 L'assistance  aux  personnes  qui  forment  un  recours  amiable  devant  la\ncommission  de  m\u00e9diation  ou  un  recours  contentieux  devant  le tribunal\nadministratif aux fins de reconnaissance du droit au logement opposable.\n\u2022 La  recherche  de  logements  en  vue  de  leur  location  \u00e0 des  personnes\nT\u00e9l : 01 82 52 48 96 \nLe Ponant, 5 rue Leblanc, 75015 Paris\nwww.drihl.ile-de-france.developpement-durable.gouv.fr\n2 / 4\nDirection r\u00e9gionale et interd\u00e9partementale de l'h\u00e9bergement et du logement - IDF-2025-06-05-00006 - Arr\u00eat\u00e9 portant agr\u00e9ment de la\nFondation Apprentis d'Auteuil au titre de l'ing\u00e9nierie sociale, financi\u00e8re et technique 50\nd\u00e9favoris\u00e9es.\n\u2022 La  participation  aux  commissions  d'attribution  des  organismes\nd'habitations \u00e0 loyer mod\u00e9r\u00e9 mentionn\u00e9e \u00e0 l'article L.441-2.\nArticle 2\nCet agr\u00e9ment est d\u00e9livr\u00e9 pour une dur\u00e9e de cinq ans renouvelable.\nArticle 3\nLa  \uf083Fondation  Apprentis  d'Auteuil est  agr\u00e9\u00e9e  pour  l'exercice  des  activit\u00e9s\nmentionn\u00e9es \u00e0 l'article 1\ner\n dans le territoire des d\u00e9partements de Paris, de l a Seine-\net-Marne, des Yvelines, de l'Essonne, des Hauts-de- Seine, de la Seine-Saint-Denis, du\nVal-de-Marne et du Val d'Oise.\nArticle 4\nLa  \uf083Fondation Apprentis d'Auteuil  est tenue d'adresser annuellement au Pr\u00e9fet de\nR\u00e9gion  un  compte-rendu  de  l'activit\u00e9,  objet  du  pr\u00e9sent  agr\u00e9ment,  ainsi  que  ses\ncomptes financiers, conform\u00e9ment \u00e0 l'article R.365-7 du Code la construction et de\nl'habitation. Elle doit \u00e9galement lui notifier toute modification statutaire. \nLe  Pr\u00e9fet de  R\u00e9gion  peut \u00e0  tout moment  contr\u00f4ler les conditions d'exercice de\nl'activit\u00e9 de l'organisme.\nArticle 5\nLe pr\u00e9sent agr\u00e9ment peut-\u00eatre retir\u00e9 \u00e0 tout moment par le Pr\u00e9fet de r\u00e9gion, si les\nconditions de d\u00e9livrance de l'agr\u00e9ment ne sont plus satisfaites ou s'il est constat\u00e9 un\nmanquement grave et r\u00e9p\u00e9t\u00e9 aux obligations de l'org anisme. Ce retrait ne pourra\n\u00eatre  prononc\u00e9  qu'apr\u00e8s  avoir  mis  les  dirigeants  de  l'organisme  en  mesure  de\npr\u00e9senter leurs observations.\nArticle 6\nLe pr\u00e9sent arr\u00eat\u00e9 peut faire l'objet d'un recours gracieux devant le Pr\u00e9fet de r\u00e9gion.\nIl peut \u00e9galement faire l'objet d'un recours hi\u00e9rarchique devant l'autorit\u00e9 sup\u00e9rieure\nde l'auteur du pr\u00e9sent arr\u00eat\u00e9, le Ministre d\u00e9l\u00e9gu\u00e9 aupr\u00e8s du Ministre de la Transition\n\u00e9cologique et de la coh\u00e9sion des territoires, charg\u00e9 du logement.\nIl peut aussi faire l'objet d'un recours contentieux devant le tribunal administratif de\nParis, 7 , rue de Jouy, 75004 Paris, dans un d\u00e9lai de deux mois \u00e0 compter de la date de\nT\u00e9l : 01 82 52 48 96 \nLe Ponant, 5 rue Leblanc, 75015 Paris\nwww.drihl.ile-de-france.developpement-durable.gouv.fr\n3 / 4\nDirection r\u00e9gionale et interd\u00e9partementale de l'h\u00e9bergement et du logement - IDF-2025-06-05-00006 - Arr\u00eat\u00e9 portant agr\u00e9ment de la\nFondation Apprentis d'Auteuil au titre de l'ing\u00e9nierie sociale, financi\u00e8re et technique 51\npublication au recueil des actes administratifs. Da ns ce cas, le pr\u00e9sent arr\u00eat\u00e9 doit\n\u00eatre joint au recours contentieux.\nArticle 7\nLe  Directeur r\u00e9gional et interd\u00e9partemental de l'h\u00e9 bergement et du logement \u00cele-\nde-France est charg\u00e9 de l'ex\u00e9cution du pr\u00e9sent arr\u00eat\u00e9.\nLe pr\u00e9sent arr\u00eat\u00e9 sera publi\u00e9 au recueil des actes administratifs.\nUne copie du pr\u00e9sent arr\u00eat\u00e9 sera adress\u00e9e aux pr\u00e9fe ts de la Seine-et-Marne, des\nYvelines, de l'Essonne, des Hauts-de-Seine, de la S eine-Saint-Denis, du Val-de-Marne\net du Val d'Oise.\nParis, le 5 juin 2025\nPour le Pr\u00e9fet de la R\u00e9gion d'\u00cele-de-France,\nPr\u00e9fet de Paris et par d\u00e9l\u00e9gation, \nLe Directeur adjoint de l'H\u00e9bergement et\ndu Logement\n Sign\u00e9\nJacques-Bertrand DE REBOUL\nT\u00e9l : 01 82 52 48 96 \nLe Ponant, 5 rue Leblanc, 75015 Paris\nwww.drihl.ile-de-france.developpement-durable.gouv.fr\n4 / 4\nDirection r\u00e9gionale et interd\u00e9partementale de l'h\u00e9bergement et du logement - IDF-2025-06-05-00006 - Arr\u00eat\u00e9 portant agr\u00e9ment de la\nFondation Apprentis d'Auteuil au titre de l'ing\u00e9nierie sociale, financi\u00e8re et technique 52\nDirection r\u00e9gionale et interd\u00e9partementale de\nl'h\u00e9bergement et du logement\nIDF-2025-06-05-00007\nArr\u00eat\u00e9 portant agr\u00e9ment de la Fondation\nApprentis d'Auteuil au titre de l'interm\u00e9diation\nlocative et gestion locative sociale\nDirection r\u00e9gionale et interd\u00e9partementale de l'h\u00e9bergement et du logement - IDF-2025-06-05-00007 - Arr\u00eat\u00e9 portant agr\u00e9ment de la\nFondation Apprentis d'Auteuil au titre de l'interm\u00e9diation locative et gestion locative sociale 53\nArr\u00eat\u00e9 n\u00b0\nportant agr\u00e9ment\nde la Fondation Apprentis d'Auteuil\nau titre de l'interm\u00e9diation locative et gestion locative sociale\nLe Pr\u00e9fet de la R\u00e9gion \u00cele-de-France, pr\u00e9fet de Paris\nGrand Officier de l'ordre national de la L\u00e9gion d'Honneur,\nOfficier de l'ordre national du m\u00e9rite\nVU la loi n\u00b0 2009-323 du 25 mars 2009 de mobilisation pour le logement et la lutte\ncontre l'exclusion\nVU  le  d\u00e9cret  n\u00b0  2009-1684  du  30  d\u00e9cembre  2009  relatif aux  agr\u00e9ments  des\norganismes exer\u00e7ant des activit\u00e9s en faveur du loge ment et de l'h\u00e9bergement des\npersonnes d\u00e9favoris\u00e9es\nVU  la circulaire du 18 janvier 2010 relative aux rel ations entre les pouvoirs publics\net les associations\u00a0: conventions d'objectifs et simplification des d\u00e9marches relatives\naux proc\u00e9dures d'agr\u00e9ment\nVU  la  circulaire  du  6  septembre  2010  relative  aux  agr\u00e9ments  des  organismes\nagissant en faveur du logement et de l'h\u00e9bergement des personnes d\u00e9favoris\u00e9es\nVU  l'arr\u00eat\u00e9  n\u00b0  IDF-2023-10-02-00010  en  date  du  02  octobre  2023  portant\nd\u00e9l\u00e9gation  de  signature  \u00e0  Monsieur  Laurent  BRESSON, Directeur  r\u00e9gional  et\ninterd\u00e9partemental  de  l'h\u00e9bergement  et  du  logement  \u00cele-de-France,  en  mati\u00e8re\nadministrative\nVUla  d\u00e9cision  n\u00b0  2024-21  en  date  du  16  mai  2024  portant  subd\u00e9l\u00e9gation  de\nsignature  en  mati\u00e8re  administrative  \u00e0  Monsieur  Jacques  Bertrand  DE  REBOUL,\nDirecteur r\u00e9gional et interd\u00e9partemental adjoint de  l'h\u00e9bergement et du logement\nde la r\u00e9gion \u00cele-de-France\nT\u00e9l : 01 82 52 48 96\nLe Ponant, 5 rue Leblanc, 75015 Paris\nwww.drihl.ile-de-france.developpement-durable.gouv.fr\n1 / 4\nDirection r\u00e9gionale et interd\u00e9partementale de l'h\u00e9bergement et du logement - IDF-2025-06-05-00007 - Arr\u00eat\u00e9 portant agr\u00e9ment de la\nFondation Apprentis d'Auteuil au titre de l'interm\u00e9diation locative et gestion locative sociale 54\nVU  la  demande  d'agr\u00e9ment  d\u00e9pos\u00e9e  par  la Fondation  Apprentis  d'Auteuil le\n20  d\u00e9cembre  2024,  aupr\u00e8s  du  Pr\u00e9fet  de  r\u00e9gion,  en  vue  d'exercer  les  activit\u00e9s\nsuivantes, vis\u00e9es \u00e0 l'article R.365-1 3\u00b0 du  a) et c )  du Code la construction et de\nl'habitation\u00a0:\n\u2022 Location de logements aupr\u00e8s d'organismes agr\u00e9\u00e9s au  titre de l'article L 365-2\nou d'organismes d'habitation \u00e0 loyer mod\u00e9r\u00e9 en vue de leur sous-location \u00e0 des\npersonnes d\u00e9favoris\u00e9es dans les conditions pr\u00e9vues par l'article L 442-8-1\n\u2022 Location de logements \u00e0 des bailleurs autres que les organismes d'habitations \u00e0\nloyer mod\u00e9r\u00e9 en vue de les sous-louer \u00e0 des personn es d\u00e9favoris\u00e9es dans les\nconditions pr\u00e9vues aux articles L.321-10, L.323-10-1 et L.353-20.\n\u2022 Location de logements en vue de l'h\u00e9bergement de pe rsonnes d\u00e9favoris\u00e9es\ndans les conditions de l'article L.851-1 du code de la s\u00e9curit\u00e9 sociale.\n\u2022 Location  aupr\u00e8s  d'un  organisme  d'habitations  \u00e0  loyer  mod\u00e9r\u00e9  d'un  h\u00f4tel\ndestin\u00e9 \u00e0 l'h\u00e9bergement mentionn\u00e9 au 8\u00b0 de l'articl e L.421-1, au 11\n\u00e8me\n ali\u00e9na de\nl'article L.422-2, au 6\u00b0 de l'article L.422-3.\n\u2022 Location aupr\u00e8s d'un organisme agr\u00e9\u00e9 au titre de l' article L.365-2 destin\u00e9 \u00e0\nl'h\u00e9bergement.\n\u2022 La gestion de r\u00e9sidences sociales mentionn\u00e9es \u00e0 l'article R.353-165-1\nCONSID\u00c9RANT  la  capacit\u00e9  de  la  Fondation  Apprentis  d'Auteuil \u00e0  exercer  les\nactivit\u00e9s  objet  du  pr\u00e9sent  agr\u00e9ment,  compte  tenu  de ses  statuts,  de  ses\ncomp\u00e9tences, des moyens dont elle dispose dans les d\u00e9partements de Paris, de la\nSeine-et-Marne, des Yvelines, de l'Essonne, des Hau ts-de-Seine, de la Seine-Saint-\nDenis du Val-de-Marne et du Val d'Oise ainsi que du  soutien  de l'UNAFO \u00e0 laquelle\nelle adh\u00e8re,\nARRETE\nArticle  1  \ner\n  \nL'agr\u00e9ment  au  titre  de  l'interm\u00e9diation  locative  et gestion  locative  sociale  est\naccord\u00e9  \u00e0  la  Fondation Apprentis  d'Auteuil  pour  les activit\u00e9s suivantes, vis\u00e9es \u00e0\nl'article R.365-1 3\u00b0 du a) et c) du Code la construction et de l'habitation\u00a0:\n\u2022 Location de logements aupr\u00e8s d'organismes agr\u00e9\u00e9s au  titre de l'article L 365-2 ou\nd'organismes  d'habitation  \u00e0  loyer  mod\u00e9r\u00e9 en  vue de leur  sous-location  \u00e0  des\npersonnes d\u00e9favoris\u00e9es dans les conditions pr\u00e9vues par l'article L 442-8-1\n\u2022 Location de logements \u00e0 des bailleurs autres que le s organismes d'habitations \u00e0\nT\u00e9l : 01 82 52 48 96\nLe Ponant, 5 rue Leblanc, 75015 Paris\nwww.drihl.ile-de-france.developpement-durable.gouv.fr\n2 / 4\nDirection r\u00e9gionale et interd\u00e9partementale de l'h\u00e9bergement et du logement - IDF-2025-06-05-00007 - Arr\u00eat\u00e9 portant agr\u00e9ment de la\nFondation Apprentis d'Auteuil au titre de l'interm\u00e9diation locative et gestion locative sociale 55\nloyer  mod\u00e9r\u00e9 en  vue de les  sous-louer  \u00e0 des  personnes d\u00e9favoris\u00e9es  dans les\nconditions pr\u00e9vues aux articles L.321-10, L.323-10-1 et L.353-20.\n\u2022 Location de logements en vue de l'h\u00e9bergement de pe rsonnes d\u00e9favoris\u00e9es dans\nles conditions de l'article L.851-1 du code de la s\u00e9curit\u00e9 sociale.\n\u2022 Location aupr\u00e8s d'un organisme d'habitations \u00e0 loyer mod\u00e9r\u00e9 d'un h\u00f4tel destin\u00e9 \u00e0\nl'h\u00e9bergement  mentionn\u00e9  au  8\u00b0  de l'article L.421-1, au  11\n\u00e8me\n ali\u00e9na  de  l'article\nL.422-2, au 6\u00b0 de l'article L.422-3.\n\u2022 Location  aupr\u00e8s  d'un  organisme  agr\u00e9\u00e9  au  titre  de  l'article  L.365-2  destin\u00e9  \u00e0\nl'h\u00e9bergement.\n\u2022 La gestion de r\u00e9sidences sociales mentionn\u00e9es \u00e0 l'article R.353-165-1\nArticle  2\nLa  Fondation  Apprentis  d'Auteuil  est  agr\u00e9\u00e9e  pour  l'exercice  des  activit\u00e9s\nmentionn\u00e9es \u00e0 l'article 1\ner\n dans le territoire des d\u00e9partements de Paris, de l a Seine-\net-Marne, des Yvelines, de l'Essonne, des Hauts-de- Seine, de la Seine-Saint-Denis du\nVal-de-Marne et du Val d'Oise.\nArticle 3\nCet agr\u00e9ment est d\u00e9livr\u00e9 pour une dur\u00e9e de cinq ans  renouvelable. Il prend effet \u00e0\npartir de la date de signature du pr\u00e9sent arr\u00eat\u00e9.\nArticle 4\nLa  Fondation Apprentis d'Auteuil  est tenue d'adresser annuellement au Pr\u00e9fet de\nR\u00e9gion  un  compte-rendu  de  l'activit\u00e9,  objet  du  pr\u00e9sent  agr\u00e9ment,  ainsi  que  ses\ncomptes financiers, conform\u00e9ment \u00e0 l'article R.365-7 du Code de la construction et\nde l'habitation. Elle doit \u00e9galement lui notifier toute modification statutaire.\nLe  Pr\u00e9fet  de  R\u00e9gion  peut  \u00e0  tout  moment  contr\u00f4ler  les conditions d'exercice  de\nl'activit\u00e9 de l'organisme.\nArticle 5\nLe pr\u00e9sent agr\u00e9ment peut \u00eatre retir\u00e9 \u00e0 tout moment par le Pr\u00e9fet de r\u00e9gion, si les\nconditions de d\u00e9livrance de l'agr\u00e9ment ne sont plus satisfaites ou s'il est constat\u00e9 un\nmanquement grave et r\u00e9p\u00e9t\u00e9 aux obligations de l'org anisme. Ce retrait ne pourra\n\u00eatre  prononc\u00e9  qu'apr\u00e8s  avoir  mis  les  dirigeants  de  l'organisme  en  mesure  de\npr\u00e9senter leurs observations.\nT\u00e9l : 01 82 52 48 96\nLe Ponant, 5 rue Leblanc, 75015 Paris\nwww.drihl.ile-de-france.developpement-durable.gouv.fr\n3 / 4\nDirection r\u00e9gionale et interd\u00e9partementale de l'h\u00e9bergement et du logement - IDF-2025-06-05-00007 - Arr\u00eat\u00e9 portant agr\u00e9ment de la\nFondation Apprentis d'Auteuil au titre de l'interm\u00e9diation locative et gestion locative sociale 56\nArticle 6\nLe pr\u00e9sent arr\u00eat\u00e9 peut faire l'objet d'un recours gracieux devant le Pr\u00e9fet de r\u00e9gion.\nIl peut \u00e9galement faire l'objet d'un recours hi\u00e9rarchique devant l'autorit\u00e9 sup\u00e9rieure\nde l'auteur du pr\u00e9sent arr\u00eat\u00e9, le ministre d\u00e9l\u00e9gu\u00e9 aupr\u00e8s du ministre de la Transition\n\u00e9cologique et de la coh\u00e9sion des territoires, charg\u00e9 du logement.\nIl peut aussi faire l'objet d'un recours contentieux devant le tribunal administratif de\nParis sis au 7 , rue de Jouy, 75004 Paris, dans un d\u00e9lai de deux mois \u00e0 compter de la\ndate de publication au recueil des actes administratifs. Dans ce cas, le pr\u00e9sent arr\u00eat\u00e9\ndoit \u00eatre joint au recours contentieux.\nArticle 7\nLe  Directeur r\u00e9gional et interd\u00e9partemental de l'h\u00e9 bergement et du logement \u00cele-\nde-France est charg\u00e9 de l'ex\u00e9cution du pr\u00e9sent arr\u00eat\u00e9.\nLe pr\u00e9sent arr\u00eat\u00e9 sera publi\u00e9 au recueil des actes administratifs.\nUne copie du pr\u00e9sent arr\u00eat\u00e9 sera adress\u00e9e aux pr\u00e9fe ts de la Seine-et-Marne, des\nYvelines, de l'Essonne, des Hauts-de-Seine, de la S eine-Saint-Denis du Val-de-Marne\net du Val d'Oise. \n \nParis, le 5 juin 2025\nPour le Pr\u00e9fet de la R\u00e9gion d'\u00cele-de-France,\nPr\u00e9fet de Paris et par d\u00e9l\u00e9gation, \nLe Directeur adjoint de l'H\u00e9bergement et\ndu Logement\n Sign\u00e9\nJacques-Bertrand DE REBOUL\nT\u00e9l : 01 82 52 48 96\nLe Ponant, 5 rue Leblanc, 75015 Paris\nwww.drihl.ile-de-france.developpement-durable.gouv.fr\n4 / 4\nDirection r\u00e9gionale et interd\u00e9partementale de l'h\u00e9bergement et du logement - IDF-2025-06-05-00007 - Arr\u00eat\u00e9 portant agr\u00e9ment de la\nFondation Apprentis d'Auteuil au titre de l'interm\u00e9diation locative et gestion locative sociale 57\nDirection r\u00e9gionale et interd\u00e9partementale de\nl'h\u00e9bergement et du logement\nIDF-2025-06-05-00008\nArr\u00eat\u00e9 portant agr\u00e9ment de l'Association\nRESIDETAPES DEVELOPPEMENT\nau titre de l'ing\u00e9nierie sociale, financi\u00e8re et\ntechnique\nDirection r\u00e9gionale et interd\u00e9partementale de l'h\u00e9bergement et du logement - IDF-2025-06-05-00008 - Arr\u00eat\u00e9 portant agr\u00e9ment de\nl'Association RESIDETAPES DEVELOPPEMENT\nau titre de l'ing\u00e9nierie sociale, financi\u00e8re et technique\n58\nArr\u00eat\u00e9  n\u00b0 \nportant agr\u00e9ment \nde l'Association RESIDETAPES DEVELOPPEMENT\nau titre de l'ing\u00e9nierie sociale, financi\u00e8re et technique\nLe Pr\u00e9fet de la R\u00e9gion \u00cele-de-France, pr\u00e9fet de Paris\nGrand Officier de l'ordre national de la L\u00e9gion d'Honneur,\nOfficier de l'ordre national du m\u00e9rite\nVU la loi n\u00b0 2009-323 du 25 mars 2009 de mobilisation pour le logement et la lutte\ncontre l'exclusion \nVU  le  d\u00e9cret  n\u00b0  2009-1684  du  30  d\u00e9cembre  2009  relatif aux  agr\u00e9ments  des\norganismes exer\u00e7ant des activit\u00e9s en faveur du loge ment et de l'h\u00e9bergement des\npersonnes d\u00e9favoris\u00e9es\nVU  la circulaire du 18 janvier 2010 relative aux rel ations entre les pouvoirs publics\net les associations\u00a0: conventions d'objectifs et simplification des d\u00e9marches relatives\naux proc\u00e9dures d'agr\u00e9ment \nVU  la  circulaire  du  6  septembre  2010  relative  aux  agr\u00e9ments  des  organismes\nagissant en faveur du logement et de l'h\u00e9bergement des personnes d\u00e9favoris\u00e9es\nVU  la d\u00e9cision n\u00b0 2024-21 en date du 16 mai 2024 porta nt d\u00e9l\u00e9gation de signature\n\u00e0  Monsieur  Laurent  BRESSON,  Directeur  r\u00e9gional  et  interd\u00e9partemental  de\nl'h\u00e9bergement et du logement \u00cele-de-France, en mati\u00e8re administrative\nVU la d\u00e9cision n\u00b0 2022-25 en date du 30 septembre 202 2 portant subd\u00e9l\u00e9gation\nde signature en mati\u00e8re administrative \u00e0 Monsieur J acques Bertrand DE REBOUL,\nDirecteur r\u00e9gional et interd\u00e9partemental adjoint de  l'h\u00e9bergement et du logement\nT\u00e9l : 01 82 52 48 96 \nLe Ponant, 5 rue Leblanc, 75015 Paris\nwww.drihl.ile-de-france.developpement-durable.gouv.fr\n1 / 4\nDirection r\u00e9gionale et interd\u00e9partementale de l'h\u00e9bergement et du logement - IDF-2025-06-05-00008 - Arr\u00eat\u00e9 portant agr\u00e9ment de\nl'Association RESIDETAPES DEVELOPPEMENT\nau titre de l'ing\u00e9nierie sociale, financi\u00e8re et technique\n59\nde la r\u00e9gion \u00cele-de-France\nVU  la  demande  d'agr\u00e9ment  d\u00e9pos\u00e9e  par  l'Association  RESIDETAPES\nDEVELOPPEMENT le 31 mars 2025, aupr\u00e8s du Pr\u00e9fet de r\u00e9gion, en vu e d'exercer les\nactivit\u00e9s suivantes,  vis\u00e9es \u00e0 l'article R.365-1 2\u00b0 b) du Code la construction et de\nl'habitation:\n\u2022 L'accompagnement social des personnes pour favorise r leur acc\u00e8s ou leur\nmaintien dans le logement, r\u00e9alis\u00e9 principalement d ans le cadre du plan\nd\u00e9partemental d'action pour le logement des personnes d\u00e9favoris\u00e9es.\nCONSID\u00c9RANT la  capacit\u00e9  de  l'Association  RESIDETAPES  DEVELOPPEMENT \u00e0\nexercer les activit\u00e9s, objet du pr\u00e9sent agr\u00e9ment, c ompte tenu de ses statuts, de ses\ncomp\u00e9tences, des moyens dont elle dispose dans les d\u00e9partements de Paris, de la\nSeine-et-Marne, de la Seine-Saint-Denis et du Val-d e-Marne ainsi que de l'UNAFO \u00e0\nlaquelle elle adh\u00e8re,\nARRETE\nArticle  1  \ner\n  \nL'agr\u00e9ment  au titre  de l'ing\u00e9nierie sociale, financi\u00e8re et technique est accord\u00e9  \u00e0\nl'Association  RESIDETAPES DEVELOPPEMENT pour les activit\u00e9s suivantes,  vis\u00e9es \u00e0\nl'article R.365-1 2\u00b0 b) du Code la construction et de l'habitation :\n\u2022 L'accompagnement social des personnes pour favorise r leur acc\u00e8s ou leur\nmaintien dans le logement, r\u00e9alis\u00e9 principalement d ans le cadre du plan\nd\u00e9partemental d'action pour le logement des personnes d\u00e9favoris\u00e9es.\nArticle 2\nCet agr\u00e9ment est d\u00e9livr\u00e9 pour une dur\u00e9e de cinq ans renouvelable.\nArticle 3\nL'association  RESIDETAPES  DEVELOPPEMENT est  agr\u00e9\u00e9e  pour  l'exercice  des\nactivit\u00e9s mentionn\u00e9es \u00e0 l'article 1\ner\n dans le territoire des d\u00e9partements de Paris, de la\nSeine-et-Marne, de la Seine-Saint-Denis et du Val-de-Marne.\nArticle 4\nL'association RESIDETAPES DEVELOPPEMENT est tenue d'adresser annuellement au\nT\u00e9l : 01 82 52 48 96 \nLe Ponant, 5 rue Leblanc, 75015 Paris\nwww.drihl.ile-de-france.developpement-durable.gouv.fr\n2 / 4\nDirection r\u00e9gionale et interd\u00e9partementale de l'h\u00e9bergement et du logement - IDF-2025-06-05-00008 - Arr\u00eat\u00e9 portant agr\u00e9ment de\nl'Association RESIDETAPES DEVELOPPEMENT\nau titre de l'ing\u00e9nierie sociale, financi\u00e8re et technique\n60\nPr\u00e9fet de R\u00e9gion un compte-rendu de l'activit\u00e9, objet du pr\u00e9sent agr\u00e9ment, ainsi que\nses comptes financiers, conform\u00e9ment \u00e0 l'article R.365-7 du Code la construction et\nde l'habitation. Elle doit \u00e9galement lui notifier toute modification statutaire. \nLe  Pr\u00e9fet de  R\u00e9gion  peut \u00e0  tout moment  contr\u00f4ler les conditions d'exercice de\nl'activit\u00e9 de l'organisme.\nArticle 5\nLe pr\u00e9sent agr\u00e9ment peut-\u00eatre retir\u00e9 \u00e0 tout moment par le Pr\u00e9fet de r\u00e9gion, si les\nconditions de d\u00e9livrance de l'agr\u00e9ment ne sont plus satisfaites ou s'il est constat\u00e9 un\nmanquement grave et r\u00e9p\u00e9t\u00e9 aux obligations de l'org anisme. Ce retrait ne pourra\n\u00eatre  prononc\u00e9  qu'apr\u00e8s  avoir  mis  les  dirigeants  de  l'organisme  en  mesure  de\npr\u00e9senter leurs observations.\nArticle 6\nLe pr\u00e9sent arr\u00eat\u00e9 peut faire l'objet d'un recours gracieux devant le Pr\u00e9fet de r\u00e9gion.\nIl peut \u00e9galement faire l'objet d'un recours hi\u00e9rarchique devant l'autorit\u00e9 sup\u00e9rieure\nde l'auteur du pr\u00e9sent arr\u00eat\u00e9, le Ministre d\u00e9l\u00e9gu\u00e9 aupr\u00e8s du Ministre de la Transition\n\u00e9cologique et de la coh\u00e9sion des territoires, charg\u00e9 du logement.\nIl peut aussi faire l'objet d'un recours contentieux devant le tribunal administratif de\nParis, 7 , rue de Jouy, 75004 Paris, dans un d\u00e9lai de deux mois \u00e0 compter de la date de\npublication au recueil des actes administratifs. Da ns ce cas, le pr\u00e9sent arr\u00eat\u00e9 doit\n\u00eatre joint au recours contentieux.\nArticle 7\nLe  Directeur r\u00e9gional et interd\u00e9partemental de l'h\u00e9 bergement et du logement \u00cele-\nde-France est charg\u00e9 de l'ex\u00e9cution du pr\u00e9sent arr\u00eat\u00e9.\nLe pr\u00e9sent arr\u00eat\u00e9 sera publi\u00e9 au recueil des actes administratifs.\nUne copie du pr\u00e9sent arr\u00eat\u00e9 sera adress\u00e9e aux pr\u00e9fe ts de la Seine-et-Marne, de la\nSeine-Saint-Denis et du Val-de-Marne.\nT\u00e9l : 01 82 52 48 96 \nLe Ponant, 5 rue Leblanc, 75015 Paris\nwww.drihl.ile-de-france.developpement-durable.gouv.fr\n3 / 4\nDirection r\u00e9gionale et interd\u00e9partementale de l'h\u00e9bergement et du logement - IDF-2025-06-05-00008 - Arr\u00eat\u00e9 portant agr\u00e9ment de\nl'Association RESIDETAPES DEVELOPPEMENT\nau titre de l'ing\u00e9nierie sociale, financi\u00e8re et technique\n61\nParis, le 5 juin 2025\nPour le Pr\u00e9fet de la R\u00e9gion d'\u00cele-de-France,\nPr\u00e9fet de Paris et par d\u00e9l\u00e9gation, \nLe Directeur adjoint de l'H\u00e9bergement et\ndu Logement\n Sign\u00e9\nJacques-Bertrand DE REBOUL\nT\u00e9l : 01 82 52 48 96 \nLe Ponant, 5 rue Leblanc, 75015 Paris\nwww.drihl.ile-de-france.developpement-durable.gouv.fr\n4 / 4\nDirection r\u00e9gionale et interd\u00e9partementale de l'h\u00e9bergement et du logement - IDF-2025-06-05-00008 - Arr\u00eat\u00e9 portant agr\u00e9ment de\nl'Association RESIDETAPES DEVELOPPEMENT\nau titre de l'ing\u00e9nierie sociale, financi\u00e8re et technique\n62\nDirection r\u00e9gionale et interd\u00e9partementale de\nl'environnement, de l'am\u00e9nagement et des\ntransports d'\u00cele-de-France\nIDF-2025-06-06-00009\nArr\u00eat\u00e9 DRIEAT IdF n\u00b02025-0531 autorisant les\ntests et essais de trois rames MF19 5 voitures sur\nla ligne 10 de m\u00e9tro parisien \nDirection r\u00e9gionale et interd\u00e9partementale de l'environnement, de l'am\u00e9nagement et des transports d'\u00cele-de-France -\nIDF-2025-06-06-00009 - Arr\u00eat\u00e9 DRIEAT IdF n\u00b02025-0531 autorisant les tests et essais de trois rames MF19 5 voitures sur la ligne 10 de\nm\u00e9tro parisien \n63\nE 3PREFET |DE LA REGIOND'\u00ceLE-DE-FRANCELibert\u00e9Egalit\u00e9Fraternit\u00e9\nDirection r\u00e9gionale et interd\u00e9partementale\nde l'environnement, de l'am\u00e9nagement\net des transports d'\u00cele-de-France\nArr\u00eat\u00e9 DRIEAT IdF n\u00b02025-0531\nAutorisant les tests et essais de trois rames MF19 5 voitures \nsur la ligne 10 de m\u00e9tro parisien \nLE PR\u00c9FET DE LA R\u00c9GION D'\u00ceLE-DE-FRANCE,\nPR\u00c9FET DE PARIS\nCOMMANDEUR DE LA L\u00c9GION D'HONNEUR\nOFFICIER DE L'ORDRE NATIONAL DU M\u00c9RITE\nVu le Code des transports ;\nVu le d\u00e9cret n\u00b0 2017-440 du 30 mars 2017 modifi\u00e9 relatif \u00e0 la s\u00e9curit\u00e9 des transports publics guid\u00e9s \net notamment ses articles 25 \u00e0 46 ;\nVu l'arr\u00eat\u00e9 du 23 mai 2003 modifi\u00e9, relatif aux dos siers de s\u00e9curit\u00e9 des syst\u00e8mes de transport public\nguid\u00e9s urbains et notamment ses annexes 4 et 6 ;\nVu l'arr\u00eat\u00e9  IDF-2022-07-19-00005  du  19  juillet  2022  portant  d\u00e9l\u00e9gation  de  signature  \u00e0  Mme\nEmmanuelle  GAY,  directrice  r\u00e9gionale  et  interd\u00e9partementale  de  l'environnement,  de\nl'am\u00e9nagement et des transports d'\u00cele-de-France, en mati\u00e8re administrative\u00a0; \nVu le courrier d'\u00cele-de-France Mobilit\u00e9s du 10 avril  2025 adress\u00e9 au Pr\u00e9fet de la r\u00e9gion d'\u00cele-de-\nFrance, et sollicitant l'autorisation de proc\u00e9der \u00e0  tests et essais de rames MF19 sur la ligne 10 de\nm\u00e9tro, dans le cadre de l'op\u00e9ration d'adaptation des infrastructures de cette ligne \u00e0 l'arriv\u00e9e du\nMF19\u00a0; \nVu le  dossier  d'autorisation  des  tests  et  essais  (DAE)  pour  l'adaptation  des  infrastructures  et\nl'acquisition du  mat\u00e9riel roulant MF19 circulant su r la ligne  10 du r\u00e9seau de  m\u00e9tro dans sa\nversion 1.0 de mars 2025, transmis par le courrier susvis\u00e9 du 10 avril 2025\u00a0;\nVu le rapport de s\u00e9curit\u00e9 de l'organisme qualifi\u00e9 e t agr\u00e9\u00e9 (OQA) Certifer dans sa version 3 du 4 avril \n2025\u00a0;\nVu les avis du pr\u00e9fet des Hauts-de-Seine du 05 mai 2 025 et du pr\u00e9fet de police du 06 mai 2025\u00a0;\nVu l'avis du Bureau Nord Ouest du STRMTG du 20 mai 2025.\nARR\u00caTE\n                                                                                                                                                                                                                               1/2\nDirection r\u00e9gionale et interd\u00e9partementale de l'environnement, de l'am\u00e9nagement et des transports d'\u00cele-de-France -\nIDF-2025-06-06-00009 - Arr\u00eat\u00e9 DRIEAT IdF n\u00b02025-0531 autorisant les tests et essais de trois rames MF19 5 voitures sur la ligne 10 de\nm\u00e9tro parisien \n64\nArticle 1 Le  dossier  d'autorisation  des  tests  et  essais  pour  l'adaptation  des  infrastructures  et\nl'acquisition du mat\u00e9riel roulant MF19 circulant su r la ligne 10 du m\u00e9tro, dans sa version\n1.0 de mars 2025, est approuv\u00e9.\nArticle 2 La circulation des trois rames MF19 num\u00e9rot\u00e9es P2, P4 et P5 sur la ligne 10 du m\u00e9tro, sans\nvoyageurs et \u00e0 des fins d'essais, ainsi que leur ci rculation sur les voies secondaires \u00e0 des\nfins de formation des agents, sont autoris\u00e9s pendan t l'exploitation commerciale dans les\nconditions d\u00e9finies ci-apr\u00e8s.\nArticle 3 Ces trois rames MF19 ne sont autoris\u00e9es \u00e0 circuler pendant l'exploitation commerciale\nque sur la ligne 10 et dans les conditions expos\u00e9es dans le DAE.\nLes  acheminements  de  ces  trois  rames  via  d'autres  lignes  ne  seront  envisageables\nqu'apr\u00e8s le passage de la derni\u00e8re rame en exploita tion commerciale, afin d'\u00e9viter toute\ninteraction avec le service commercial.\nArticle 4 Le pr\u00e9sent arr\u00eat\u00e9 autorise la circulation de la ram e num\u00e9rot\u00e9e P2 dans les conditions\npr\u00e9vues au DAE d\u00e8s son entr\u00e9e en vigueur.\nEn  revanche,  avant  la  premi\u00e8re  circulation  des  rames  P4  et  P5  dans  les  conditions\npr\u00e9vues  au  DAE,  un  avis  favorable  de  l'OQA  Certifer devra  \u00eatre  transmis  pour\ninformation au bureau nord-ouest du STRMTG, suite \u00e0  la r\u00e9alisation des essais de s\u00e9rie\nde continuit\u00e9 de masse de ces trains.\nArticle 5 Le  bureau  nord-ouest  du  STRMTG  devra  \u00eatre  inform\u00e9  avant  la  mise  en  \u0153uvre\nd'\u00e9ventuelles lev\u00e9es de restrictions identifi\u00e9es da ns le DAE pour la circulation des trains\nd'essais.\nArticle 6 Tout \u00e9v\u00e9nement de s\u00e9curit\u00e9, incident et accident ay ant lieu durant les tests et essais,\ndevra \u00eatre port\u00e9 \u00e0 la connaissance des services de l'\u00c9tat dans un d\u00e9lai de 24 heures.\nArticle 7 L'autorisation de poursuivre les tests et essais po urra \u00eatre suspendue sans d\u00e9lai si des\n\u00e9l\u00e9ments ou des situations contraires \u00e0 la s\u00e9curit\u00e9  \u00e9taient constat\u00e9s ou si les documents\npr\u00e9c\u00e9demment mentionn\u00e9s n'\u00e9taient pas transmis.\nArticle 8 La Pr\u00e9f\u00e8te, Secr\u00e9taire g\u00e9n\u00e9rale aux politiques publ iques de la pr\u00e9fecture de la r\u00e9gion\nd'\u00cele-de-France et la Directrice r\u00e9gionale et inter d\u00e9partementale de l'environnement, de\nl'am\u00e9nagement et des transports d'\u00cele-de-France son t charg\u00e9es, chacune en ce qui la\nconcerne,  de  l'ex\u00e9cution  du  pr\u00e9sent  arr\u00eat\u00e9  qui  sera publi\u00e9  au  recueil  des  actes\nadministratifs de la pr\u00e9fecture de la r\u00e9gion d'\u00cele-de-France.\nFait \u00e0 Paris, le 6 juin 2025,\nPour le Pr\u00e9fet de la R\u00e9gion d'\u00cele-de-France,\nPr\u00e9fet de Paris, et par d\u00e9l\u00e9gation,\nSign\u00e9\nHerv\u00e9 Schmitt\n                                                                                                                                                    2/2\nDirection r\u00e9gionale et interd\u00e9partementale de l'environnement, de l'am\u00e9nagement et des transports d'\u00cele-de-France -\nIDF-2025-06-06-00009 - Arr\u00eat\u00e9 DRIEAT IdF n\u00b02025-0531 autorisant les tests et essais de trois rames MF19 5 voitures sur la ligne 10 de\nm\u00e9tro parisien \n65\nRectorat de la r\u00e9gion acad\u00e9mique\nd'Ile-de-France, rectorat de l'acad\u00e9mie de Paris\nIDF-2025-05-28-00009\n Arr\u00eat\u00e9 n\u00b0 2025-118-RA portant cr\u00e9ation et\norganisation du service de d\u00e9fense et de s\u00e9curit\u00e9\nde l'acad\u00e9mie de Paris, chef-lieu de la r\u00e9gion\nacad\u00e9mique \u00cele-de-France\nRectorat de la r\u00e9gion acad\u00e9mique d'Ile-de-France, rectorat de l'acad\u00e9mie de Paris - IDF-2025-05-28-00009 -  Arr\u00eat\u00e9 n\u00b0 2025-118-RA\nportant cr\u00e9ation et organisation du service de d\u00e9fense et de s\u00e9curit\u00e9 de l'acad\u00e9mie de Paris, chef-lieu de la r\u00e9gion acad\u00e9mique\n\u00cele-de-France\n66\nACADEMIEDE PARISLibert\u00e9Egalit\u00e9Fraternit\u00e9\n \n \n \n \n \n \n \nARRETE N\u00b0 2025-118-RA \n \nde la Rectrice de la r\u00e9gion acad\u00e9mique \u00cele-de-France, \nRectrice de l'acad\u00e9mie de Paris, \nChanceli\u00e8re des universit\u00e9s de Paris et d'\u00cele-de-France \n \nportant cr\u00e9ation et organisation du service de d\u00e9fense et de s\u00e9curit\u00e9 de l'acad\u00e9mie de Paris, \nchef-lieu de la r\u00e9gion acad\u00e9mique \u00cele-de-France   \n \n \n \nVu le code de la d\u00e9fense ; \n \nVu le code de l'\u00e9ducation, notamment ses articles R. 222 -16, R. 222 -16-5-1, R. 222 -19,                          \nR. 222-19-5, R. 222-24-2 et R. 222-36-6 ; \n \nVu le d\u00e9cret n\u00b0 2025-75 du 29 janvier 2025 portant cr\u00e9ation des services de d\u00e9fense et de s\u00e9curit\u00e9 \nacad\u00e9miques ; \n \nVu l'instruction minist\u00e9rielle du 19 mars 2025 relative \u00e0 la gouvernance des questions de d\u00e9fense et \nde s\u00e9curit\u00e9 au sein du MENESR et du MSJVA ; \n \n \nARR\u00caTE : \n \n \nArticle 1 \u2014 Il est cr\u00e9\u00e9, sous l'autorit\u00e9 de la rectrice de la r\u00e9gion acad\u00e9mique \u00cele-de-France, rectrice \nde l'acad\u00e9mie de Paris  et chanceli\u00e8re des universit\u00e9s de Paris et d'\u00cele -de-France un service de \nd\u00e9fense et de s\u00e9curit\u00e9 acad\u00e9mique (SDSA). \n \n \nArticle 2 \u2014 Le SDSA traite de toutes les questions de d\u00e9fense et de s\u00e9curit\u00e9 relatives \u00e0 l'\u00e9ducation \ndans l'acad\u00e9mie de Paris et regroupe l'ensemble des acteurs qui en sont charg\u00e9s. Il est \u00e9galement \ncomp\u00e9tent pour les questions de d\u00e9fense et de s\u00e9curit\u00e9 relatives \u00e0 la je unesse et l'enseignement \nsup\u00e9rieur dans la r\u00e9gion acad\u00e9mique \u00cele-de-France.  \n \nLe SDSA a notamment pour missions de : \n- pr\u00e9venir et g\u00e9rer les crises et \u00e9v\u00e9nements graves ; \n- diffuser une culture de la s\u00e9curit\u00e9 et former \u00e0 la gestion de crise ; \n- garantir l'accompagnement et le soutien des personnels victimes ; \n- diffuser et mettre en \u0153uvre les plans et directives de s\u00e9curit\u00e9 et de protection des personnes \net des biens ; \n- veiller \u00e0 la s\u00e9curisation des \u00e9coles et des \u00e9tablissements ; \n- lutter contre les atteintes aux valeurs de la R\u00e9publique, les s\u00e9paratismes, la radicalisation et \nles d\u00e9rives sectaires ; \n- maintenir en condition op\u00e9rationnelle des dispositifs de veille, d'alerte et de gestion de crise ; \n- d\u00e9ployer la politique minist\u00e9rielle de s\u00e9curit\u00e9 num\u00e9rique et des moyens s\u00e9curis\u00e9s de \ncommunication ; \n- garantir la protection du secret de la d\u00e9fense nationale. \n \n \n \n \nRectorat de la r\u00e9gion acad\u00e9mique d'Ile-de-France, rectorat de l'acad\u00e9mie de Paris - IDF-2025-05-28-00009 -  Arr\u00eat\u00e9 n\u00b0 2025-118-RA\nportant cr\u00e9ation et organisation du service de d\u00e9fense et de s\u00e9curit\u00e9 de l'acad\u00e9mie de Paris, chef-lieu de la r\u00e9gion acad\u00e9mique\n\u00cele-de-France\n67\n \n \nArticle 3 \u2014 Le SDSA est dirig\u00e9 par la directrice de cabinet de la rectrice de la r\u00e9gion acad\u00e9mique \n\u00cele-de-France, rectrice de l'acad\u00e9mie de Paris, chanceli\u00e8re des universit\u00e9s de Paris et d'\u00cele -de-\nFrance.  \n \nDans l'exercice de ses missions, l a directrice de cabinet est assist\u00e9 e par la directrice adjointe de \ncabinet, plac\u00e9e aupr\u00e8s du Directeur de l'acad\u00e9mie de Paris. \n \nPour les champs relevant de la jeunesse et de l'enseignement sup\u00e9rieur et en vue d'assurer la \ncoordination au niveau de la r\u00e9gion acad\u00e9mique, le SDSA dispose de deux r\u00e9f\u00e9rents :  \n- un r\u00e9f\u00e9rent en charge de la jeunesse  et du partage des informations issues des remont\u00e9es \ndans le champ du sport ;  \n- un r\u00e9f\u00e9rent en charge de l'enseignement sup\u00e9rieur. \n \nLa directrice de cabinet  est l a correspondante du haut fonctionnaire de d\u00e9fense et de s\u00e9curit\u00e9 \n(HFDS) et du service de d\u00e9fense et de s\u00e9curit\u00e9 (SDS). Elle coordonne l'action du membre du SDSA \nd\u00e9sign\u00e9 par le directeur de l'acad\u00e9mie de Paris, des r\u00e9f\u00e9rents en charge de la jeunesse et de \nl'enseignement sup\u00e9rieur et du conseiller technique \u00e9tablissements et vie scolaire. \n \nArticle 4 \u2014 Le SDSA est constitu\u00e9 des p\u00f4les suivants : \n \n- P\u00f4le \u00ab veille, alerte, traitement et suivi des \u00e9v\u00e8nements graves et incidents \u00bb ;  \n- P\u00f4le \u00ab accompagnement et soutien aux personnels victimes \u00bb ;  \n- P\u00f4le \u00ab valeurs de la R\u00e9publique, lutte contre les s\u00e9paratismes, la radicalisation et les d\u00e9rives \nsectaires \u00bb ; \n- P\u00f4le \u00ab pr\u00e9vention et s\u00e9curisation des \u00e9tablissements, mise en \u0153uvre des plans associ\u00e9s et \nformations \u00e0 la s\u00e9curit\u00e9 et \u00e0 la gestion de crise \u00bb ; \n- P\u00f4le \u00ab s\u00e9curit\u00e9 num\u00e9rique \u00bb ;  \n- P\u00f4le \u00ab protection du secret de la d\u00e9fense nationale \u00bb. \n \nArticle 5 \u2014 Le SDSA est compos\u00e9 comme suit : \n \n- la directrice de cabinet, cheffe du p\u00f4le \u00ab Protection du secret de la d\u00e9fense nationale \u00bb ; \n- le directeur de cabinet d e la rectrice d\u00e9l\u00e9gu\u00e9e pour l'enseignement sup\u00e9rieur, la recherche \net l'innovation (ESRI)  de la r\u00e9gion acad\u00e9mique \u00cele-de-France, r\u00e9f\u00e9rent en charge de \nl'enseignement sup\u00e9rieur ; \n- la directrice adjointe de cabinet plac\u00e9e aupr\u00e8s du directeur de l'acad\u00e9mie de Paris, co-cheffe \ndu p\u00f4le \u00ab Veille, alerte, traitement et suivi des \u00e9v\u00e8nements graves et incidents \u00bb ; \n- le directeur adjoint de cabinet, responsable de la communication ;  \n- la d\u00e9l\u00e9gu\u00e9e r\u00e9gionale acad\u00e9mique \u00e0 la jeunesse, \u00e0 l'engagement et aux sports  (DRAJES) \nIle-de-France, r\u00e9f\u00e9rente en charge de la jeunesse ; \n- le directeur r\u00e9gional acad\u00e9mi que des syst\u00e8mes d'information, c hef du p\u00f4le \u00ab  S\u00e9curit\u00e9 \nnum\u00e9rique \u00bb ; \n- le conseiller technique s\u00e9curit\u00e9, chef du p\u00f4le \u00ab  Pr\u00e9vention et s\u00e9curisation des \n\u00e9tablissements, mise en \u0153uvre des plans associ\u00e9s et formations \u00e0 la s\u00e9curit\u00e9 et \u00e0 la gestion \nde crise \u00bb ; \n- le conseiller  technique \u00e9tablisse ments et vie scolaire , co -chef du p\u00f4le \u00ab  Veille, alerte, \ntraitement et suivi des \u00e9v\u00e8nements graves et incidents \u00bb ; \n- la conseill\u00e8re technique charg\u00e9 e des questions de la\u00efcit\u00e9, faits religie ux et valeurs de la \nR\u00e9publique, cheffe du p\u00f4le \u00ab  Valeurs de la R\u00e9publique, lutte contre les s\u00e9paratismes, la \nradicalisation et les d\u00e9rives sectaires \u00bb ; \n- la conseill\u00e8re technique charg\u00e9e des questions de pr\u00e9vention des violences, harc\u00e8lement, \nclimat scolaire ; \n- la coordinatrice des ressources humaines de proximit\u00e9, cheffe du p\u00f4le \u00ab Accompagnement \net soutien aux personnels victimes \u00bb  ; \n- le coordinateur acad\u00e9mique risques majeurs (CARM) ; \n- le chef du service d\u00e9partemental \u00e0 la jeunesse, \u00e0 l'engagement et aux sports Ile-de-France ; \n- le membre du SDSA d\u00e9sign\u00e9 par le directeur de l'acad\u00e9mie de Paris. \n \nRectorat de la r\u00e9gion acad\u00e9mique d'Ile-de-France, rectorat de l'acad\u00e9mie de Paris - IDF-2025-05-28-00009 -  Arr\u00eat\u00e9 n\u00b0 2025-118-RA\nportant cr\u00e9ation et organisation du service de d\u00e9fense et de s\u00e9curit\u00e9 de l'acad\u00e9mie de Paris, chef-lieu de la r\u00e9gion acad\u00e9mique\n\u00cele-de-France\n68\n \n \n \nArticle 6 \u2014 Le SDSA veille \u00e0 \u00e9tablir une liaison directe avec les IA-DASEN des d\u00e9partements de la \nr\u00e9gion \u00cele-de-France sur les questions de d\u00e9fense et de s\u00e9curit\u00e9 relatives \u00e0 la jeunesse, en termes \nde coordination, de remont\u00e9e et de transmission d'informations.  \n \nLe S DSA favorise la coordination en mati\u00e8re de s\u00e9curit\u00e9 avec les pr\u00e9sidents d'universit\u00e9 et \ndirecteurs d'\u00e9tablissement d'enseignement sup\u00e9rieur,  en liaison avec les hauts fonctionnaires de \nd\u00e9fense et de s\u00e9curit\u00e9, dans le respect de l'autonomie des \u00e9tablissements dont les pr\u00e9sidents sont \nresponsables du maintien de l'ordre et de la s\u00e9curit\u00e9. \n \nLa directrice de cabinet, en qualit\u00e9 de directrice du SDSA de l'acad\u00e9mie de Paris, informe autant \nque de besoin les directeurs des SDSA des acad\u00e9mies de Cr\u00e9teil et Versailles des sujets relatifs \u00e0 \nla jeunesse et l'enseignement sup\u00e9rieur dans leurs ressorts territoriaux respectifs. \n \nLe SDSA favorise la coordination avec les autres services d\u00e9concentr\u00e9s et partenaires sur les \nquestions de d\u00e9fense et de s\u00e9curit\u00e9 relatives \u00e0 l'\u00e9 ducation, \u00e0 la jeunesse et \u00e0 l'enseignement \nsup\u00e9rieur. \n \nArticle 7 \u2014 La directrice de cabinet de la rectrice de la r\u00e9gion acad\u00e9mique \u00cele -de-France, rectrice \nde l'acad\u00e9mie de Paris, chanceli\u00e8re des universit\u00e9s de Paris et d'\u00cele -de-France, la secr\u00e9taire \ng\u00e9n\u00e9rale de l'enseignement scolaire de l'acad\u00e9mie de Paris , le secr\u00e9taire g\u00e9n\u00e9ral de la r\u00e9gion \nacad\u00e9mique \u00cele-de-France et le secr\u00e9taire g\u00e9n\u00e9ral, chef du service r\u00e9gional de l'enseignement \nsup\u00e9rieur, de la recherche et de l'innovation  de la r\u00e9gion acad\u00e9mique \u00cele -de-France sont charg\u00e9s, \nchacun pour ce qui le concerne, de l'ex\u00e9cution du pr\u00e9sent arr\u00eat\u00e9 qui sera publi\u00e9 au recueil des actes \nadministratifs de la pr\u00e9fecture de la r\u00e9gion d'\u00cele-de-France, pr\u00e9fecture de Paris. \n \n \n \nFait \u00e0 Paris, le 28 mai 2025 \n                                                                                                         \n                                                 \n \nLa Rectrice de la r\u00e9gion acad\u00e9mique \u00cele-de-France, \nRectrice de l'acad\u00e9mie de Paris, \nChanceli\u00e8re des universit\u00e9s de Paris et d'\u00cele-de-France \n \nSign\u00e9 \n                                                                                                                                          \nJulie BENETTI  \n  \nRectorat de la r\u00e9gion acad\u00e9mique d'Ile-de-France, rectorat de l'acad\u00e9mie de Paris - IDF-2025-05-28-00009 -  Arr\u00eat\u00e9 n\u00b0 2025-118-RA\nportant cr\u00e9ation et organisation du service de d\u00e9fense et de s\u00e9curit\u00e9 de l'acad\u00e9mie de Paris, chef-lieu de la r\u00e9gion acad\u00e9mique\n\u00cele-de-France\n69","date":"2025-06-06","first_seen_on":"2025-06-06T16:42:17+00:00","id":"34fc0b51a9127cdc722b6a067ab6c3c6667f4e2b4a83189dab4e8a0c7fdc4f45","name":"recueil-idf-012-2025-06-recueil-des-actes-administratifs-special du 06.06.2025","pdf_creation_date":"2025-06-06T14:55:22+00:00","pdf_modification_date":null,"timezone":"Europe/Paris","url":"https://www.prefectures-regions.gouv.fr/ile-de-france/irecontenu/telechargement/128303/946025/file/recueil-idf-012-2025-06-recueil-des-actes-administratifs-special%20du%2006.06.2025.pdf"}
