{"administration":"pref83","administration_name":"Pr\u00e9fecture du Var","content":"VAR\nRECUEIL DES ACTES\nADMINISTRATIFS SP\u00c9CIAL\n(NOMINATIFS)\nN\u00b083-2024-062\nPUBLI\u00c9 LE  8 AVRIL 2024\nSommaire\nSecr\u00e9tariat g\u00e9n\u00e9ral commun d\u00e9partemental / Direction du SGCD\n83-2024-03-29-00012 - Acte de r\u00e9siliation de la Convention\nd'utilisation\nN\u00b0083-2020-0006 (2 pages) Page 3\n2\nSecr\u00e9tariat g\u00e9n\u00e9ral commun d\u00e9partemental\n83-2024-03-29-00012\nActe de r\u00e9siliation de la Convention d'utilisation\nN\u00b0083-2020-0006\nSecr\u00e9tariat g\u00e9n\u00e9ral commun d\u00e9partemental - 83-2024-03-29-00012 - Acte de r\u00e9siliation de la Convention d'utilisation\nN\u00b0083-2020-0006 3\nREPUBLIQUE FRANCAISE\n-:-\u00a0:-\u00a0:-\nPR\u00c9FECTURE DU VAR\n-:-\u00a0:-\u00a0:-\nACTE\u00a0DE\u00a0R\u00c9SILIATION\nde\u00a0la\nCONVENTION \u00a0D'UTILISATION\nN\u00b0083-2020-0006\n-:-\u00a0:-\u00a0:-\nLe 29 mars 2024\nLes soussign\u00e9s :\n1\u00b0- L'administration charg\u00e9e des domaines, repr\u00e9sent\u00e9e par Monsieur Jean-Michel BLANCHARD,\nDirecteur D\u00e9partemental des Finances Publiques du Var, dont les bureaux sont \u00e0 Toulon, Centre\nMayol, Place Besagne, CS 91409, stipulant en vertu de la d\u00e9l\u00e9gation de signature du pr\u00e9fet qui lui a\n\u00e9t\u00e9 consentie par arr\u00eat\u00e9 n\u00b02023/58/MCI du 21 ao\u00fbt 2023, ci-apr\u00e8s d\u00e9nomm\u00e9e le propri\u00e9taire,\nD'une part,\n2\u00b0- Le Secr\u00e9tariat G\u00e9n\u00e9ral des Minist\u00e8res  \u00c9conomiques et Financiers, repr\u00e9sent\u00e9 par Monsieur\nGuillaume AUJALEU, Sous-Directeur des Politiques Sociales et des Conditions de Travail, dont les\nbureaux sont \u00e0 PARIS (75012), b\u00e2timent Atrium, 5 Place des Vins de France, ci-apr\u00e8s d\u00e9nomm\u00e9\nl'utilisateur,\nD'autre part,\nse sont pr\u00e9sent\u00e9s devant nous, Pr\u00e9fet du d\u00e9partement du Var, et sont convenus du dispositif suivant  :\nObjet\u00a0\nConform\u00e9ment aux articles R.2313-1 \u00e0 R.2313-5 du Code G\u00e9n\u00e9ral de la Propri\u00e9t\u00e9 des Personnes\nPubliques et \u00e0 la suite de la d\u00e9cision du 21 d\u00e9cembre 2023 \u00e9mise par le secr\u00e9tariat g\u00e9n\u00e9ral du\nMinist\u00e8re de l'\u00e9conomie, des finances et de la souverainet\u00e9 industrielle et num\u00e9rique, portant\nd\u00e9claration d'inutilit\u00e9 de 10 logements domaniaux situ\u00e9s au sein de la copropri\u00e9t\u00e9 d\u00e9nomm\u00e9e\n\u00ab R\u00e9sidence La Garonne  \u00bb \u00e9difi\u00e9e sur la parcelle cadastr\u00e9e section AB n\u00b039 et sise 440 rue Fran\u00e7ois\nSibilli \u00e0 Saint-Tropez (83990), il est mis fin \u00e0 la convention d'utilisation n\u00b0083-2020-0006, sign\u00e9e\nle 6 octobre 2020.Secr\u00e9tariat g\u00e9n\u00e9ral commun d\u00e9partemental - 83-2024-03-29-00012 - Acte de r\u00e9siliation de la Convention d'utilisation\nN\u00b0083-2020-0006 4\nArticle\u00a0unique\nLa pr\u00e9sente convention prend fin de plein droit \u00e0 la date de signature du pr\u00e9sent acte par le Pr\u00e9fet du\nd\u00e9partement du Var.\nSignataires \n                                                                                                                \nUn exemplaire du pr\u00e9sent acte est conserv\u00e9 \u00e0 la pr\u00e9fecture.\nLe repr\u00e9sentant du service utilisateur,\nsign\u00e9\nGuillaume AUJALEU\nSous-directeur des politiques sociales et\ndes conditions de travail\nSecr\u00e9tariat g\u00e9n\u00e9ral\nMinist\u00e8re de l'\u00c9conomie, des finances et de la\nsouverainet\u00e9 industrielle et num\u00e9riqueLe repr\u00e9sentant de l'administration charg\u00e9e des\ndomaines,\nPar d\u00e9l\u00e9gation,\nsign\u00e9\nMarie-Christine BELLUOT\nInspectrice Divisionnaire des finances publiques\nLe Pr\u00e9fet,\nPour le Pr\u00e9fet\net par d\u00e9l\u00e9gation\nle Secr\u00e9taire G\u00e9n\u00e9ral\nsign\u00e9\nLucien GIUDICELLISecr\u00e9tariat g\u00e9n\u00e9ral commun d\u00e9partemental - 83-2024-03-29-00012 - Acte de r\u00e9siliation de la Convention d'utilisation\nN\u00b0083-2020-0006 5","date":"2024-04-08","first_seen_on":"2024-05-12T18:48:42+00:00","id":"351564ceb040290d4a8d5757d8118afefe43b0eb91c041835238c88ce8e615cb","name":"RAA N\u00b0062 du 8 avril 2024","pdf_creation_date":"2024-04-08T14:07:53+00:00","pdf_modification_date":null,"timezone":"Europe/Paris","url":"https://www.var.gouv.fr/contenu/telechargement/33997/226446/file/RAA%20N%C2%B062%20du%208%20avril%202024%20NOMINATIF.pdf"}
