{"administration":"pref83","administration_name":"Pr\u00e9fecture du Var","content":"VAR\nRECUEIL DES ACTES\nADMINISTRATIFS\nN\u00b083-2025-071\nPUBLI\u00c9 LE  6 MARS 2025\nSommaire\nDirection d\u00e9partementale de l'emploi, du travail et des solidarit\u00e9s du Var\n/ Direction de la DDETS\n83-2025-03-04-00006 - 147-2025-recepisse declaration DESCOMBES OCEAN\ndu 040325 (1 page) Page 3\nDirection d\u00e9partementale des territoires et de la mer du Var / Service\nagriculture et for\u00eat de la DDTM\n83-2024-10-21-00007 - Arr\u00eat\u00e9 pr\u00e9fectoral\nn\u00b0DDTM/SAF/BFDFCI/2024-24 du 21 octobre 2024 portant\n\u00e9tablissement d'une servitude de passage et d'am\u00e9nagement sur la\npiste M614  \"Ch\u00e2teauvieux\"  communes de Callas et La Motte (4 pages) Page 5\n83-2025-02-18-00009 - Arr\u00eate pr\u00e9fectoral\nn\u00b0DDTM/SAF/BFDFCI/2025-09 du 18 f\u00e9vrier 2025 portant\n\u00e9tablissement d'une servitude de passage et d'am\u00e9nagement sur les\npistes R96/R962  \"La laie Sommiere\"  commune de Rians (3 pages) Page 10\n83-2025-03-06-00001 - Autorisation de pi\u00e9geage du sanglier dans le\nd\u00e9partement du Var (2 pages) Page 14\nPr\u00e9fecture du VAR / Direction des s\u00e9curit\u00e9s\n83-2025-02-28-00009 - Microsoft Word - 2025-02-28-FRJ\nInitiaux-08h-rsultats.docx (2 pages) Page 17\n83-2025-02-28-00011 - Microsoft Word - 2025-02-28-FRJ\nInitiaux-13h-rsultats.docx (2 pages) Page 20\n83-2025-02-28-00010 - Microsoft Word - 2025-02-28-FRJ\nRecyclages-10h-rsultats.docx (2 pages) Page 23\n83-2025-02-28-00012 - Microsoft Word - 2025-02-28-FRJ\nRecyclages-15h-rsultats.docx (2 pages) Page 26\n83-2025-03-01-00002 - PV EXAMEN BNSSA UDPS  01032025 OS (2 pages) Page 29\n2\nDirection d\u00e9partementale de l'emploi, du travail\net des solidarit\u00e9s du Var\n83-2025-03-04-00006\n147-2025-recepisse declaration DESCOMBES\nOCEAN du 040325\nDirection d\u00e9partementale de l'emploi, du travail et des solidarit\u00e9s du Var - 83-2025-03-04-00006 - 147-2025-recepisse declaration\nDESCOMBES OCEAN du 040325 3\nPF4Libert\u00e9 + \u00c9galit\u00e9 + Fraternit\u00e9R\u00c9PUBLIQUE FRAN\u00c7AISE\nR\u00e9c\u00e9piss\u00e9 de d\u00e9claration\nd'un organisme de services \u00e0 la personne\nenregistr\u00e9 sous le N\u00b0 SAP941090003\nVu le code du travail et notamment les articles L.7231-1 \u00e0 L.7233-2, R.7232-16 \u00e0 R.7232-22, D.7231-1 et \nD.7233-1 \u00e0 D.7233-5 ; \nVu la demande de d\u00e9claration d\u00e9pos\u00e9e par l'organisme , 12 RUE DE LA VISITATION 83300 \nDRAGUIGNAN, le 04/03/25 ;\nLe pr\u00e9fet du Var\nConstate : \nQu'une d\u00e9claration d'activit\u00e9s de services \u00e0 la personne a \u00e9t\u00e9 d\u00e9pos\u00e9e aupr\u00e8s du service instructeur  \ndu Var , le 04/03/25 par Mme. DESCOMBES OCEANE en qualit\u00e9 de dirigeant(e), pour l'organisme  \ndont l'\u00e9tablissement principal est situ\u00e9 12 RUE DE LA VISITATION 83300 DRAGUIGNAN et enregistr\u00e9  \nsous le N\u00b0 SAP941090003 pour les activit\u00e9s suivantes :\n  \u2022   Garde d'enfants de plus de 3 ans \u00e0 domicile (mode d'intervention Prestataire)\n  \u2022   Accompagnement des enfants de plus de 3 ans dans leurs d\u00e9placements (mode d'intervention \nPrestataire)\n  \u2022   Entretien de la maison et travaux m\u00e9nagers (mode d'intervention Prestataire)\n  \u2022   Pr\u00e9paration de repas \u00e0 domicile (mode d'intervention Prestataire)\nToute  modification  concernant  les  activit\u00e9s  exerc\u00e9es  devra  faire  l'objet  d'une  d\u00e9claration \nmodificative pr\u00e9alable.\nSous r\u00e9serve d'\u00eatre exerc\u00e9es \u00e0 titre exclusif (ou sous r\u00e9serve d'une comptabilit\u00e9 s\u00e9par\u00e9e pour les  \npersonnes  morales  dispens\u00e9es  de  cette  condition),  ces  activit\u00e9s  ouvrent  droit  au  b\u00e9n\u00e9fice  des \ndispositions des articles L. 7233-2 du code du travail et L.241-10 du code de la s\u00e9curit\u00e9 sociale dans  \nles conditions pr\u00e9vues par ces articles.\nLes effets de la d\u00e9claration courent \u00e0 compter du jour du d\u00e9p\u00f4t de la d\u00e9claration sous r\u00e9serve des  \ndispositions de l'article R.7232-18 du code du travail. Le pr\u00e9sent r\u00e9c\u00e9piss\u00e9 n'est pas limit\u00e9 dans le  \ntemps. La d\u00e9claration a une port\u00e9e nationale.\nL'enregistrement de la d\u00e9claration peut \u00eatre retir\u00e9 dans les conditions fix\u00e9es aux articles R.7232-\n20  \u00e0  R.7232-22  du  code  du  travail.  Le  pr\u00e9sent  r\u00e9c\u00e9piss\u00e9  sera  publi\u00e9  au  recueil  des  actes \nadministratifs de la pr\u00e9fecture.\nLe pr\u00e9sent r\u00e9c\u00e9piss\u00e9 peut, \u00e0 compter de sa notification, faire l'objet d'un recours gracieux aupr\u00e8s  \nservice instructeur du Var ou d'un recours hi\u00e9rarchique adress\u00e9 au ministre charg\u00e9 de l'\u00e9conomie -  \nDirection g\u00e9n\u00e9rale des entreprises \u2013 sous-direction des services marchands, 61 Boulevard Vincent  \nAuriol, 75703 PARIS CEDEX 13. Il peut \u00e9galement faire l'objet d'un recours contentieux dans un d\u00e9lai  \nde deux mois \u00e0 compter de sa notification aupr\u00e8s du tribunal administratif de Toulon.\nLe tribunal administratif peut aussi \u00eatre saisi par l'application informatique \u00ab T\u00e9l\u00e9recours citoyen \u00bb  \naccessible sur le site internet  http://www.telerecours.fr/\nEn cas de rejet du recours gracieux ou hi\u00e9rarchique ou en l'absence de r\u00e9ponse \u00e0 ce recours (rejet  \nimplicite), un recours contentieux devant le tribunal administratif de Toulon peut \u00e9galement \u00eatre  \nform\u00e9 contre la d\u00e9cision initiale dans un d\u00e9lai de deux mois \u00e0 compter de ce rejet. \nPour le Pr\u00e9fet et par d\u00e9l\u00e9gation\nLa directrice d\u00e9partementale adjointe \nde l'emploi, du travail et des solidarit\u00e9s du Var \nSign\u00e9 : Pascale ROBERDEAU\nFait \u00e0 CS 31209 - 83070 TOULON Cedex, le 04/03/25\nDDETS du Var\nDirection d\u00e9partementale de l'emploi, du travail et des solidarit\u00e9s du Var - 83-2025-03-04-00006 - 147-2025-recepisse declaration\nDESCOMBES OCEAN du 040325 4\nDirection d\u00e9partementale des territoires et de la\nmer du Var\n83-2024-10-21-00007\nArr\u00eat\u00e9 pr\u00e9fectoral n\u00b0DDTM/SAF/BFDFCI/2024-24\ndu 21 octobre 2024 portant \u00e9tablissement d'une\nservitude de passage et d'am\u00e9nagement sur la\npiste M614  \"Ch\u00e2teauvieux\"  communes de Callas\net La Motte\nDirection d\u00e9partementale des territoires et de la mer du Var - 83-2024-10-21-00007 - Arr\u00eat\u00e9 pr\u00e9fectoral n\u00b0DDTM/SAF/BFDFCI/2024-24\ndu 21 octobre 2024 portant \u00e9tablissement d'une servitude de passage et d'am\u00e9nagement sur la piste M614  \"Ch\u00e2teauvieux\" \ncommunes de Callas et La Motte\n5\nExPREFETDU VARLibert\u00e9Egalit\u00e9Fraternit\u00e9\nP\nARR\u00caT\u00c9 PR\u00c9FECTORAL n\u00b0 DDTM/SAF/BFDFCI/2024-24 du 21 octobre 2024\nportant \u00e9tablissement d'une servitude de passage et d'am\u00e9nagement\nsur la piste M614 \u00ab Ch\u00e2teauvieux \u00bb\ncommunes de Callas et La Motte \nLe pr\u00e9fet du Var,\nVu le Code forestier notamment les articles L.  134-1, L. 134-2, L. 134-3 et l'ordonnance n\u00b02012-\n92 du 26 janvier 2012 ;\nVu le  d\u00e9cret  n\u00b02004-374  du  29  avril  2004  modifi\u00e9  relatif  aux  pouvoirs  des  pr\u00e9fets,  \u00e0  \nl'organisation et \u00e0 l'action des services de l'\u00c9tat dans les r\u00e9gions et les d\u00e9partements ; \nVu  le d\u00e9cret n\u00b0 2012-836 du 29 juin 2012 relatif \u00e0 la partie r\u00e9glementaire du Code forestier,  \nnotamment les articles R. 134-1, R. 134-2, R. 134-3 ;\nVu le d\u00e9cret du Pr\u00e9sident de la R\u00e9publique du 15 avril 2022 portant nomination de Monsieur  \nLucien GIUDICELLI, secr\u00e9taire g\u00e9n\u00e9ral de la pr\u00e9fecture du Var ;\nVu le d\u00e9cret du Pr\u00e9sident de la R\u00e9publique du 13 juillet 2023 portant nomination de Monsieur  \nPhilippe MAH\u00c9, pr\u00e9fet du Var ; \nVu l'arr\u00eat\u00e9 pr\u00e9fectoral du 29 d\u00e9cembre 2008 approuvant le plan d\u00e9partemental de protection \ndes for\u00eats contre l'incendie (PDPFCI) ; \nVu  l'arr\u00eat\u00e9  pr\u00e9fectoral  du  19  juin  2018  r\u00e9glementant  dans  le  d\u00e9partement  du  Var  la  \np\u00e9n\u00e9tration dans les massifs forestiers, la circulation et le stationnement sur certaines voies  \nles desservant et l'usage de certains appareils et mat\u00e9riels \u00e0 l'int\u00e9rieur de ces massifs ;\nVu l'arr\u00eat\u00e9 pr\u00e9fectoral n\u00b02023/47/MCI du 21 ao\u00fbt 2023 portant d\u00e9l\u00e9gation de signature \u00e0 M.  \nLucien GIUDICELLI, secr\u00e9taire g\u00e9n\u00e9ral de la pr\u00e9fecture du Var ;\nVu  le  plan  intercommunal  de  d\u00e9broussaillement  et  d'am\u00e9nagement  forestier  (PIDAF)  de  \nDrac\u00e9nie Provence Verdon agglom\u00e9ration approuv\u00e9 par la d\u00e9lib\u00e9ration n\u00b0C_2018_023 en date \ndu 15 f\u00e9vrier 2018 ;\nVu la d\u00e9lib\u00e9ration n\u00b0C_2023_214 de Drac\u00e9nie Provence Verdon agglom\u00e9ration en date du 27  \nseptembre 2023 ;\nVu la d\u00e9lib\u00e9ration de la commune de Callas en date du 06 juin 2023 ;\nVu la d\u00e9lib\u00e9ration n\u00b003/2023 de la commune de La Motte en date du 09 mars 2023 ; \nVu le certificat d'affichage de la commune de Callas en date du 07 octobre 2024 ;\nVu le certificat d'affichage de la commune de La Motte en date du 02 octobre 2024 ;\nVu  l'avis favorable \u00e9mis par la sous-commission d\u00e9partementale pour la s\u00e9curit\u00e9 contre les  \nrisques d'incendies de for\u00eat, lande, maquis et garrigue en date du 24 juin 2024 ;\nVu les pi\u00e8ces du dossier port\u00e9es \u00e0 la connaissance des propri\u00e9taires notamment le rapport de  \npr\u00e9sentation et le plan parcellaire ;\n1/4\nDirection d\u00e9partementale\ndes territoires et de la mer du Var\nDirection d\u00e9partementale des territoires et de la mer du Var - 83-2024-10-21-00007 - Arr\u00eat\u00e9 pr\u00e9fectoral n\u00b0DDTM/SAF/BFDFCI/2024-24\ndu 21 octobre 2024 portant \u00e9tablissement d'une servitude de passage et d'am\u00e9nagement sur la piste M614  \"Ch\u00e2teauvieux\" \ncommunes de Callas et La Motte\n6\nP\nConsid\u00e9rant que cette voie, par sa localisation et sa situation topographique, constitue un  \nouvrage tr\u00e8s favorable pour l'appui \u00e0 la lutte contre les incendies de for\u00eats ;\nConsid\u00e9rant la n\u00e9cessit\u00e9 d'assurer la p\u00e9rennit\u00e9 de cette voie et sa mise aux normes par des  \ntravaux adapt\u00e9s (largeur de la bande de roulement, aires de croisement et de retournement) ;\nConsid\u00e9rant que cet ouvrage de d\u00e9fense des for\u00eats contre l'incendie (DFCI), par sa situation  \ntopographique,  est  destin\u00e9  \u00e0  prot\u00e9ger  le  territoire  de  Drac\u00e9nie  Provence  Verdon  \nagglom\u00e9ration et qu'il est donc r\u00e9alis\u00e9 \u00e0 son profit exclusif ;\nSur proposition du directeur d\u00e9partemental des territoires et de la mer du Var,\nARR\u00caTE :\nArticle 1  er     :     : Une servitude de passage et d'am\u00e9nagement est cr\u00e9\u00e9e pour assurer la mise aux  \nnormes et la p\u00e9rennit\u00e9 de la piste M614 \u00ab  Ch\u00e2teauvieux \u00bb sur le territoire des communes de  \nCallas et La Motte.\nLa piste M614 d'une longueur de 2  800 ml, permet de faire la jonction entre la RD25 \u00e0 l'est et  \nla RD54 \u00e0 l'ouest. \nElle d\u00e9bute \u00e0 l'est \u00e0 la RD25, \u00e0 la citerne PNCAS17 . Elle se poursuit vers le sud-ouest en  \nlongeant la carri\u00e8re de la Catalane. Pour cette partie elle a une vocation de  zone d'appui \n\u00e9l\u00e9mentaire (ZAE) \u00e0 la lutte.\nApr\u00e8s la carri\u00e8re elle se poursuit jusqu'\u00e0 la RD54. Pour cette partie elle a une vocation de zone \nd'appui principale (ZAP) \u00e0 la lutte. \nCette servitude est \u00e9tablie au profit de  Drac\u00e9nie Provence Verdon agglom\u00e9ration , d\u00e9sign\u00e9e \nensuite sous le terme de \u00ab b\u00e9n\u00e9ficiaire \u00bb.\nArticle 2     :   L'emprise de la servitude porte sur une largeur de bande de roulement minimale de \n4 m et n'exc\u00e9dant pas 6  m. Cette emprise de la servitude porte \u00e9galement sur les aires de  \ncroisement et de retournement connexes (\u00e9quipements ayant une surface au sol inf\u00e9rieure \u00e0  \n500 m\u00b2).\nL'\u00e9tablissement de la servitude n'est pas soumis \u00e0 enqu\u00eate publique.\nArticle 3 : Les parcelles concern\u00e9es par cette servitude sont les suivantes : \nCommunes Section Parcelle Contenance (are) Surface emprise \nservitude (m\u00b2)\nLa Motte A 0573 23ha93a29ca 2431\nLa Motte A 0442 17ha65a82ca 361\nLa Motte A 0584 18ha11a60ca 4858\nLa Motte A 0585 5ha12a28ca 1126\nLa Motte A 0397 0ha49a60ca 432\n2/4\nDirection d\u00e9partementale des territoires et de la mer du Var - 83-2024-10-21-00007 - Arr\u00eat\u00e9 pr\u00e9fectoral n\u00b0DDTM/SAF/BFDFCI/2024-24\ndu 21 octobre 2024 portant \u00e9tablissement d'une servitude de passage et d'am\u00e9nagement sur la piste M614  \"Ch\u00e2teauvieux\" \ncommunes de Callas et La Motte\n7\nP\nLa Motte A 0396 0ha44a00ca 219\nCallas I 0194 0ha14a00ca 15\nCallas I 0192 0ha10a33ca 653\nCallas I 0193 0ha33a86ca 305\nCallas I 0272 6ha83a91ca 1718\nCallas I 98 0ha90a40ca 321\nCallas I 87 3ha65a77ca 126\nCallas I 0287 1ha92a00ca 846\nCallas I 0288 27ha15a90ca 3210\nCallas I 0254 4ha81a62ca 1006\nArticle  4     :   Conform\u00e9ment  \u00e0  l'article  L.  134-2  du  Code  forestier,  le  b\u00e9n\u00e9ficiaire  de  cette  \nservitude peut proc\u00e9der, \u00e0 ses frais, \u00e0 un d\u00e9broussaillement des abords de la voie sur deux  \nbandes lat\u00e9rales, sans que le total des largeurs de ces bandes n'exc\u00e8de 100 m\u00e8tres. \nL'entretien de la voie, ainsi que le maintien en \u00e9tat d\u00e9broussaill\u00e9 des abords de la voie, est \u00e0 la \ncharge du b\u00e9n\u00e9ficiaire de la servitude. \nArticle 5     :   La servitude comporte un droit d'am\u00e9nagement afin d'assurer la continuit\u00e9 des  \nvoies de d\u00e9fense des for\u00eats contre l'incendie. Elle comporte aussi un droit de passage \u00e0 usage  \nDFCI, sur la piste qui sera am\u00e9nag\u00e9e \u00e0 cet effet.\nL'acc\u00e8s \u00e0 la piste pour en assurer son entretien et son maintien en condition op\u00e9rationnelle,  \nn'est autoris\u00e9 que pour les services de l'\u00c9tat ou l'entreprise mandat\u00e9e par le b\u00e9n\u00e9ficiaire de la  \nservitude.\nLes propri\u00e9taires de terrains touch\u00e9s par cette servitude et leurs ayants droit pourront utiliser  \nla piste pour l'exploitation des fonds asservis.\nArticle 6     :   La pose de la signalisation aux deux extr\u00e9mit\u00e9s de la piste sera \u00e0 la charge du  \nb\u00e9n\u00e9ficiaire. Cette signalisation comportera des panneaux indiquant le num\u00e9ro de la piste,  \nson nom et un panneau d'interdiction de circuler cod\u00e9 B0. Elle sera plac\u00e9e \u00e0 chaque entr\u00e9e de \nla piste, c\u00f4t\u00e9 droit, et quelques m\u00e8tres en retrait.\nArticle 7     :   Le plan de situation de la piste et le plan cadastral sont joints au pr\u00e9sent arr\u00eat\u00e9.\nArticle 8     :   Le pr\u00e9sent arr\u00eat\u00e9 sera affich\u00e9 en mairie  des communes de Callas et La Motte  \npendant 2 mois et publi\u00e9 au recueil des actes administratifs.\nDe plus, il sera, par les soins du b\u00e9n\u00e9ficiaire, notifi\u00e9 \u00e0 chacun des propri\u00e9taires concern\u00e9s par  \ncourrier recommand\u00e9 avec accus\u00e9 de r\u00e9ception.\n3/4\nDirection d\u00e9partementale des territoires et de la mer du Var - 83-2024-10-21-00007 - Arr\u00eat\u00e9 pr\u00e9fectoral n\u00b0DDTM/SAF/BFDFCI/2024-24\ndu 21 octobre 2024 portant \u00e9tablissement d'une servitude de passage et d'am\u00e9nagement sur la piste M614  \"Ch\u00e2teauvieux\" \ncommunes de Callas et La Motte\n8\nP\nArticle  9     :   L'existence  de  cette  servitude  sera  mentionn\u00e9e  en  annexe  du  document  \nd'urbanisme en vigueur des communes de Callas et La Motte. La servitude pourra \u00eatre publi\u00e9e \n\u00e0 la Conservation des Hypoth\u00e8ques \u00e0 la diligence du b\u00e9n\u00e9ficiaire.\nArticle  10     :   Les  propri\u00e9taires  de  chacun  des  fonds  concern\u00e9s  seront  avis\u00e9s  par Drac\u00e9nie \nProvence Verdon agglom\u00e9ration , dix jours au moins avant le commencement des travaux  \nd'am\u00e9nagement, par courrier recommand\u00e9 avec accus\u00e9 de r\u00e9ception. Ce courrier indiquera la \ndate du d\u00e9but des travaux ainsi que leur dur\u00e9e pr\u00e9visionnelle.\nArticle 11     :   Si la comp\u00e9tence DFCI n'est plus assur\u00e9e par le b\u00e9n\u00e9ficiaire de la servitude, la  \nstructure territoriale qui sera charg\u00e9e de la mise en \u0153uvre de la comp\u00e9tence DFCI, deviendra  \nalors le nouveau b\u00e9n\u00e9ficiaire. \u00c0 d\u00e9faut, la servitude reviendra aux communes de Callas et La  \nMotte.\nArticle 12     :   Le secr\u00e9taire g\u00e9n\u00e9ral de la pr\u00e9fecture du Var, le directeur d\u00e9partemental des  \nterritoires et de la mer du Var, le pr\u00e9sident de Drac\u00e9nie Provence Verdon agglom\u00e9ration, le  \nmaire de la commune de Callas, le maire de la commune de La Motte sont charg\u00e9s, chacun en \nce qui le concerne, de l'application du pr\u00e9sent arr\u00eat\u00e9.\nFait \u00e0 Toulon, le 21 octobre 2024\nPour le pr\u00e9fet et par d\u00e9l\u00e9gation\nle secr\u00e9taire g\u00e9n\u00e9ral\nSign\u00e9\nLucien GIUDICELLI \n4/4\nDirection d\u00e9partementale des territoires et de la mer du Var - 83-2024-10-21-00007 - Arr\u00eat\u00e9 pr\u00e9fectoral n\u00b0DDTM/SAF/BFDFCI/2024-24\ndu 21 octobre 2024 portant \u00e9tablissement d'une servitude de passage et d'am\u00e9nagement sur la piste M614  \"Ch\u00e2teauvieux\" \ncommunes de Callas et La Motte\n9\nDirection d\u00e9partementale des territoires et de la\nmer du Var\n83-2025-02-18-00009\nArr\u00eate pr\u00e9fectoral n\u00b0DDTM/SAF/BFDFCI/2025-09\ndu 18 f\u00e9vrier 2025 portant \u00e9tablissement d'une\nservitude de passage et d'am\u00e9nagement sur les\npistes R96/R962  \"La laie Sommiere\"  commune\nde Rians\nDirection d\u00e9partementale des territoires et de la mer du Var - 83-2025-02-18-00009 - Arr\u00eate pr\u00e9fectoral n\u00b0DDTM/SAF/BFDFCI/2025-09\ndu 18 f\u00e9vrier 2025 portant \u00e9tablissement d'une servitude de passage et d'am\u00e9nagement sur les pistes R96/R962  \"La laie Sommiere\" \ncommune de Rians\n10\nExPREFETDU VARLibert\u00e9Egalit\u00e9Fraternit\u00e9\nP\nARR\u00caT\u00c9 PR\u00c9FECTORAL n\u00b0 DDTM/SAF/BFDFCI/2025-09 du 18 f\u00e9vrier 2025 \nportant \u00e9tablissement d'une servitude de passage et d'am\u00e9nagement\nsur les pistes R96/R962 \u00ab La laie Sommiere \u00bb\ncommune de Rians\nLe pr\u00e9fet du Var,\nVu le Code forestier notamment les articles L.  134-1, L. 134-2, L. 134-3 et l'ordonnance n\u00b02012-\n92 du 26 janvier 2012 ;\nVu le  d\u00e9cret  n\u00b02004-374  du  29  avril  2004  modifi\u00e9  relatif  aux  pouvoirs  des  pr\u00e9fets,  \u00e0  \nl'organisation et \u00e0 l'action des services de l'\u00c9tat dans les r\u00e9gions et les d\u00e9partements ; \nVu  le d\u00e9cret n\u00b0 2012-836 du 29 juin 2012 relatif \u00e0 la partie r\u00e9glementaire du Code forestier,  \nnotamment les articles R. 134-1, R. 134-2, R. 134-3 ;\nVu le d\u00e9cret du Pr\u00e9sident de la R\u00e9publique du 15 avril 2022 portant nomination de Monsieur  \nLucien GIUDICELLI, secr\u00e9taire g\u00e9n\u00e9ral de la pr\u00e9fecture du Var ;\nVu le d\u00e9cret du Pr\u00e9sident de la R\u00e9publique du 13 juillet 2023 portant nomination de Monsieur  \nPhilippe MAH\u00c9, pr\u00e9fet du Var ; \nVu l'arr\u00eat\u00e9 pr\u00e9fectoral du 29 d\u00e9cembre 2008 approuvant le plan d\u00e9partemental de protection \ndes for\u00eats contre l'incendie (PDPFCI) ; \nVu  l'arr\u00eat\u00e9  pr\u00e9fectoral  du  19  juin  2018  r\u00e9glementant  dans  le  d\u00e9partement  du  Var  la  \np\u00e9n\u00e9tration dans les massifs forestiers, la circulation et le stationnement sur certaines voies  \nles desservant et l'usage de certains appareils et mat\u00e9riels \u00e0 l'int\u00e9rieur de ces massifs ;\nVu l'arr\u00eat\u00e9 pr\u00e9fectoral n\u00b0 2024/40/ MCI du 29 octobre 2024 portant d\u00e9l\u00e9gation de signature \u00e0  \nMonsieur  Lucien  GIUDICELLI,  secr\u00e9taire  g\u00e9n\u00e9ral  de  la  pr\u00e9fecture  du  Var,  sous-pr\u00e9fet  de  \nl'arrondissement de Toulon ;\nVu le  plan  intercommunal  de  d\u00e9broussaillement  et  am\u00e9nagement  forestier  (PIDAF)  de  la  \ncommunaut\u00e9 de communes Provence Verdon approuv\u00e9 par arr\u00eat\u00e9 pr\u00e9fectoral en 2005 et  \nactualis\u00e9 en 2022 ;\nVu la d\u00e9lib\u00e9ration n\u00b02022/155-1 de la communaut\u00e9 de communes Provence Verdon en date du \n08 novembre 2022 ;\nVu la d\u00e9lib\u00e9ration n\u00b0220518 de la commune de Rians, en date du 22 septembre 2022 ; \nVu le certificat d'affichage de la commune de Rians en date du 30 janvier 2025 ;\nVu l'avis favorable \u00e9mis par la sous-commission d\u00e9partementale pour la s\u00e9curit\u00e9 contre les  \nrisques d'incendies de for\u00eat, lande, maquis et garrigue en date du 14 avril 2023 ;\nVu les pi\u00e8ces du dossier port\u00e9es \u00e0 la connaissance des propri\u00e9taires notamment le rapport de  \npr\u00e9sentation et le plan parcellaire ;\n1/3\nDirection d\u00e9partementale\ndes territoires et de la mer du Var\nDirection d\u00e9partementale des territoires et de la mer du Var - 83-2025-02-18-00009 - Arr\u00eate pr\u00e9fectoral n\u00b0DDTM/SAF/BFDFCI/2025-09\ndu 18 f\u00e9vrier 2025 portant \u00e9tablissement d'une servitude de passage et d'am\u00e9nagement sur les pistes R96/R962  \"La laie Sommiere\" \ncommune de Rians\n11\nP\nConsid\u00e9rant que cette voie, par sa localisation et sa situation topographique, constitue un  \nouvrage tr\u00e8s favorable pour l'appui \u00e0 la lutte contre les incendies de for\u00eats ;\nConsid\u00e9rant la n\u00e9cessit\u00e9 d'assurer la p\u00e9rennit\u00e9 de cette voie et sa mise aux normes par des  \ntravaux adapt\u00e9s (largeur de la bande de roulement, aires de croisement et de retournement) ;\nConsid\u00e9rant que cet ouvrage de d\u00e9fense des for\u00eats contre l'incendie (DFCI), par sa situation  \ntopographique, est destin\u00e9 \u00e0 prot\u00e9ger le territoire de la communaut\u00e9 de communes Provence \nVerdon et qu'il est donc r\u00e9alis\u00e9 \u00e0 son profit exclusif ;\nSur proposition du directeur d\u00e9partemental des territoires et de la mer du Var,\nARR\u00caTE :\nArticle 1  er     :     : Une servitude de passage et d'am\u00e9nagement est cr\u00e9\u00e9e pour assurer la mise aux  \nnormes  et  la  p\u00e9rennit\u00e9  des  pistes  R96/R962  \u00ab  La  laie  Sommiere \u00bb  sur  le  territoire  de  la  \ncommune de Rians. \nLa piste R96, d'une longueur de 4  525 ml, poss\u00e8de une vocation de zone d'appui \u00e9l\u00e9mentaire  \n\u00e0 la lutte (ZAE). Elle d\u00e9bute \u00e0 la RD 223, se poursuit vers le nord en traversant la for\u00eat  \ndomaniale de la Gardiole, jusqu'\u00e0 l'intersection avec la piste R98. Elle redescend ensuite vers  \nle sud-est pour rejoindre la route d\u00e9partementale RD 223. \nLa piste R962, d'une longueur de 600 ml, poss\u00e8de une vocation de zone d'appui \u00e9l\u00e9mentaire \u00e0 \nla lutte (ZAE). Elle d\u00e9bute \u00e0 l'intersection avec la piste R96 et se poursuit vers l'ouest pour  \nrejoindre la piste CO222 \u00e0 la limite avec le d\u00e9partement des Bouches-du-Rh\u00f4ne.\nL'ouvrage repr\u00e9sente un total de 5 125 ml.\nCette servitude est \u00e9tablie au profit de la communaut\u00e9 de communes Provence Verdon,  \nd\u00e9sign\u00e9e ensuite sous le terme de \u00ab b\u00e9n\u00e9ficiaire \u00bb.\nArticle 2     :   L'emprise de la servitude porte sur une largeur de bande de roulement minimale de \n4 m et n'exc\u00e9dant pas 6  m. Cette emprise de la servitude porte \u00e9galement sur les aires de  \ncroisement et de retournement connexes (\u00e9quipements ayant une surface au sol inf\u00e9rieure \u00e0  \n500 m\u00b2).\nL'\u00e9tablissement de la servitude n'est pas soumis \u00e0 enqu\u00eate publique.\nArticle 3     :   La parcelle concern\u00e9e par cette servitude est la suivante : \nCommunes Section Parcelle Contenance (are) Surface emprise \nservitude (m\u00b2)\nRians BI 4 90 a 80 ca 313\nArticle  4     :   Conform\u00e9ment  \u00e0  l'article  L.  134-2  du  Code  forestier,  le  b\u00e9n\u00e9ficiaire  de  cette  \nservitude peut proc\u00e9der, \u00e0 ses frais, \u00e0 un d\u00e9broussaillement des abords de la voie sur deux  \nbandes lat\u00e9rales, sans que le total des largeurs de ces bandes n'exc\u00e8de 100 m\u00e8tres. \n2/3\nDirection d\u00e9partementale des territoires et de la mer du Var - 83-2025-02-18-00009 - Arr\u00eate pr\u00e9fectoral n\u00b0DDTM/SAF/BFDFCI/2025-09\ndu 18 f\u00e9vrier 2025 portant \u00e9tablissement d'une servitude de passage et d'am\u00e9nagement sur les pistes R96/R962  \"La laie Sommiere\" \ncommune de Rians\n12\nP\nL'entretien de la voie, ainsi que le maintien en \u00e9tat d\u00e9broussaill\u00e9 des abords de la voie, est \u00e0 la \ncharge du b\u00e9n\u00e9ficiaire de la servitude. \nArticle 5     :   La servitude comporte un droit d'am\u00e9nagement afin d'assurer la continuit\u00e9 des  \nvoies de d\u00e9fense des for\u00eats contre l'incendie. Elle comporte aussi un droit de passage \u00e0 usage  \nDFCI, sur la piste qui sera am\u00e9nag\u00e9e \u00e0 cet effet.\nL'acc\u00e8s \u00e0 la piste pour en assurer son entretien et son maintien en condition op\u00e9rationnelle,  \nn'est autoris\u00e9 que pour les services de l'\u00c9tat ou l'entreprise mandat\u00e9e par le b\u00e9n\u00e9ficiaire de la  \nservitude.\nLes propri\u00e9taires de terrains touch\u00e9s par cette servitude et leurs ayants droit pourront utiliser  \nla piste pour l'exploitation des fonds asservis.\nArticle 6     :   La pose de la signalisation aux deux extr\u00e9mit\u00e9s des pistes sera \u00e0 la charge du  \nb\u00e9n\u00e9ficiaire. Cette signalisation comportera des panneaux indiquant le num\u00e9ro de la piste,  \nson nom et un panneau d'interdiction de circuler cod\u00e9 B0. Elle sera plac\u00e9e \u00e0 chaque entr\u00e9e de \nla piste, c\u00f4t\u00e9 droit, et quelques m\u00e8tres en retrait.\nArticle 7     :   Le plan de situation des pistes et les plans cadastraux sont joints au pr\u00e9sent arr\u00eat\u00e9.\nArticle 8     :   Le pr\u00e9sent arr\u00eat\u00e9 sera affich\u00e9 en mairie de la commune de Rians pendant 2 mois et \npubli\u00e9 au recueil des actes administratifs.\nDe plus, il sera, par les soins du b\u00e9n\u00e9ficiaire, notifi\u00e9 \u00e0 chacun des propri\u00e9taires concern\u00e9s par  \ncourrier recommand\u00e9 avec accus\u00e9 de r\u00e9ception.\nArticle  9     :   L'existence  de  cette  servitude  sera  mentionn\u00e9e  en  annexe  du  document  \nd'urbanisme  en  vigueur  de la  commune  de Rians.  La  servitude  pourra  \u00eatre  publi\u00e9e  \u00e0  la  \nConservation des Hypoth\u00e8ques \u00e0 la diligence du b\u00e9n\u00e9ficiaire.\nArticle 10     :   Les propri\u00e9taires de chacun des fonds concern\u00e9s seront avis\u00e9s par la communaut\u00e9 \nde communes Provence Verdon , dix jours au moins avant le commencement des travaux  \nd'am\u00e9nagement, par courrier recommand\u00e9 avec accus\u00e9 de r\u00e9ception. Ce courrier indiquera la \ndate du d\u00e9but des travaux ainsi que leur dur\u00e9e pr\u00e9visionnelle.\nArticle 11     :   Si la comp\u00e9tence DFCI n'est plus assur\u00e9e par le b\u00e9n\u00e9ficiaire de la servitude, la  \nstructure territoriale qui sera charg\u00e9e de la mise en \u0153uvre de la comp\u00e9tence DFCI, deviendra  \nalors le nouveau b\u00e9n\u00e9ficiaire. \u00c0 d\u00e9faut, la servitude reviendra \u00e0 la commune de Rians.\nArticle 12     :   Le secr\u00e9taire g\u00e9n\u00e9ral de la pr\u00e9fecture du Var, le directeur d\u00e9partemental des  \nterritoires  et  de  la  mer  du  Var,  le  pr\u00e9sident  de  la  communaut\u00e9  de  communes  Provence \nVerdon,  le maire de  la commune  de Rians  sont charg\u00e9s, chacun en ce qui le concerne, de  \nl'application du pr\u00e9sent arr\u00eat\u00e9.\nFait \u00e0 Toulon, le 18 f\u00e9vrier 2025\nPour le pr\u00e9fet et par d\u00e9l\u00e9gation\nle secr\u00e9taire g\u00e9n\u00e9ral\nSign\u00e9\nLucien GIUDICELLI \n3/3\nDirection d\u00e9partementale des territoires et de la mer du Var - 83-2025-02-18-00009 - Arr\u00eate pr\u00e9fectoral n\u00b0DDTM/SAF/BFDFCI/2025-09\ndu 18 f\u00e9vrier 2025 portant \u00e9tablissement d'une servitude de passage et d'am\u00e9nagement sur les pistes R96/R962  \"La laie Sommiere\" \ncommune de Rians\n13\nDirection d\u00e9partementale des territoires et de la\nmer du Var\n83-2025-03-06-00001\nAutorisation de pi\u00e9geage du sanglier dans le\nd\u00e9partement du Var\nDirection d\u00e9partementale des territoires et de la mer du Var - 83-2025-03-06-00001 - Autorisation de pi\u00e9geage du sanglier dans le\nd\u00e9partement du Var 14\nDirection d\u00e9partementale\ndes territoires et de la mer du Var\nAUTORISATION DE PI\u00c9GEAGE DU SANGLIER N\u00b0 004-2025\nPOUR LA SAISON 2024-2025 DANS LE D\u00c9PARTEMENT DU VAR\nLe pr\u00e9fet du Var,\nVU  le code de l'environnement, et notamment les articles L. 425-2, L. 427-1, L. 427-8, R.\n427-6 \u00e0 R. 427-29 ;\nVU l'arr\u00eat\u00e9 du 29 janvier 2007 fixant les dispositions relatives au pi\u00e9geage des animaux\nclass\u00e9s nuisibles en application de l'article L. 427-8 du code de l'environnement ;\nVU  l'arr\u00eat\u00e9 minist\u00e9riel du 3 avril 2012 pris pour l'application de l'article R. 427-6 du code\nde l'environnement et fixant la liste, les p\u00e9riodes et les modalit\u00e9s de destruction des\nanimaux d'esp\u00e8ces susceptibles d'\u00eatre class\u00e9s nuisibles par arr\u00eat\u00e9 du pr\u00e9fet ;\nVU  l'arr\u00eat\u00e9 minist\u00e9riel du 2 novembre 2020 relatif au pi\u00e9geage du sanglier ;\nVU  l'arr\u00eat\u00e9 pr\u00e9fectoral n\u00b02023/63/MCI du 21 ao\u00fbt 2023 portant d\u00e9l\u00e9gation de signature \u00e0\nMonsieur Laurent Boulet, directeur d\u00e9partemental des territoires et de la mer ;\nVU  l'arr\u00eat\u00e9 pr\u00e9fectoral n\u00b0DDTM/SAF/BCFSP 2024 \u2013 048 du \n19 avril 2024 fixant la liste des\nanimaux  susceptibles  d'occasionner  des  d\u00e9g\u00e2ts  et  certaines  de  leurs  modalit\u00e9s  de\ndestruction pour la saison 2024-2025 dans le d\u00e9partement du Var ;\nVU  l'arr\u00eat\u00e9  pr\u00e9fectoral  n\u00b0DDTM/SAF/BCFSP  2024  \u2013 049  du  7  mai  2024  encadrant  les\nop\u00e9rations de pi\u00e9geage du sanglier pour la saison 2024-2025 dans le d\u00e9partement du\nVar ;\nVU la demande adress\u00e9e par Mme THOMAS Fran\u00e7oise en date du 26/02/2025 ;\nVU  l'avis du pr\u00e9sident de la f\u00e9d\u00e9ration d\u00e9partementale des chasseurs du Var sur  cette\ndemande, en date du 27/02/2025 ;\nConsid\u00e9rant la prolif\u00e9ration de l'esp\u00e8ce sanglier \u00e0 proximit\u00e9 imm\u00e9diate des lieux habit\u00e9s, sur\nl'ensemble  du  d\u00e9partement  du  Var,  provoquant  des  nuisances  et  constituant  un  danger\nimm\u00e9diat pour la population ;\nConsid\u00e9rant la n\u00e9cessit\u00e9 de protection de la population et de s\u00e9curisation des voies de\ncirculation ;\nSUR proposition du directeur d\u00e9partemental des territoires et de la mer du Var ;\nUne autorisation de pi\u00e9geage est donn\u00e9e \n\u00e0 Mme THOMAS Fran\u00e7oise, propri\u00e9taire ou titulaire du droit de pi\u00e9geage sur les secteurs sur lesquels\nle pi\u00e9geage est mis en \u0153uvre, aux conditions suivantes :\n\u2022 La pr\u00e9sente autorisation est valable 2 mois \u00e0 compter de la date de signature et pourra\n\u00eatre renouvel\u00e9e sur pr\u00e9sentation du bilan des op\u00e9rations effectu\u00e9es.\n\u2022 Seuls les pi\u00e9geurs agr\u00e9\u00e9s conform\u00e9ment aux dispositions de l'article 5 de l'arr\u00eat\u00e9 du 29\njanvier 2007 susvis\u00e9, et ayant re\u00e7u une formation sp\u00e9cifique de pi\u00e9geage du sanglier dans une\nf\u00e9d\u00e9ration d\u00e9partementale des chasseurs, sont autoris\u00e9s \u00e0 proc\u00e9der \u00e0 des op\u00e9rations de\npi\u00e9geage de sangliers en veillant tout particuli\u00e8rement aux conditions de s\u00e9curit\u00e9. Le port de\nmani\u00e8re visible d'un \u00e9l\u00e9ment vestimentaire rouge orang\u00e9 (gilet ou casquette ou baudrier ou 2\nbrassards) est obligatoire.  \nChaque pi\u00e9geur agr\u00e9\u00e9 est d\u00e9tenteur d'une attestation de suivi de la formation d\u00e9livr\u00e9e par\nla f\u00e9d\u00e9ration d\u00e9partementale des chasseurs \u00e0 l'issue de la formation.\n\u2022  Le pi\u00e9geur agr\u00e9\u00e9 sera  M.  POLVERINI Robert \u2013 num\u00e9ro d'agr\u00e9ment n\u00b0 83/AP/241 \u2013 muni  de\nl'attestation  de  formation  au  pi\u00e9geage  du  sanglier  d\u00e9livr\u00e9e  par  la  f\u00e9d\u00e9ration  en  date  du\n25/06/2021 .\n\u2022  Le pi\u00e9geur interviendra sur la commune de Fr\u00e9jus, secteur de Saint-Aygulf,\n\u2022 L'utilisation d'app\u00e2ts est autoris\u00e9e.\n\u2022 Seule est autoris\u00e9e l'utilisation de pi\u00e8ges appartenant \u00e0 la cat\u00e9gorie 1 de l'article 2 de\nl'arr\u00eat\u00e9 du 29 janvier 2007 susvis\u00e9.\n\u2022 Les pi\u00e8ges doivent \u00eatre visit\u00e9s tous les matins, au plus tard \u00e0 midi, par le pi\u00e9geur agr\u00e9\u00e9 ou un\npr\u00e9pos\u00e9 d\u00e9sign\u00e9 par lui \u00e0 cet effet.\nDirection d\u00e9partementale des territoires et de la mer du Var - 83-2025-03-06-00001 - Autorisation de pi\u00e9geage du sanglier dans le\nd\u00e9partement du Var 15\n\u2022 Toutefois le pi\u00e9geur peut utiliser, en tant que mesure alternative aux visites, un dispositif\nde contr\u00f4le \u00e0 distance, tel qu'une balise \u00e9lectronique, lui permettant de constater que le\npi\u00e8ge a captur\u00e9 un animal ou non.\n\u2022 Les  animaux  captur\u00e9s  sont  mis  \u00e0  mort  par  le  pi\u00e9geur agr\u00e9\u00e9  et  form\u00e9 ou  par  un\nlieutenant  de  louveterie,  au  moyen  d'une  carabine  munie  d'un  att\u00e9nuateur  de  son,\nimm\u00e9diatement apr\u00e8s la rel\u00e8ve du pi\u00e8ge et sans souffrance.\n\u2022 L'emploi de toute arme \u00e0 percussion annulaire ainsi que celui d'armes ray\u00e9es \u00e0 percussion\ncentrale d'un calibre inf\u00e9rieur \u00e0 5,6 mm ou dont le projectile ne d\u00e9veloppe pas une \u00e9nergie\nminimale de 1 kilojoule \u00e0 100 m\u00e8tres est interdit.\n\u2022 A la demande du pi\u00e9geur agr\u00e9\u00e9, les sangliers d\u00e9truits doivent \u00eatre trait\u00e9s par une entreprise\nd'\u00e9quarrissage  agr\u00e9\u00e9e  sous  la  responsabilit\u00e9  administrative  de  la  commune  ou  \u00e0  lieu\nl'op\u00e9ration.\n\u2022 Un compte rendu des op\u00e9rations de destruction effectu\u00e9es dans le cadre de la pr\u00e9sente\nautorisation de pi\u00e9geage sera adress\u00e9 \u00e0 la F\u00e9d\u00e9ration d\u00e9partementale des chasseurs du Var\net \u00e0 la DDTM (par courriel ddtm-chasse@var.gouv.fr) dans les 15 jours suivant son expiration.\nCe  compte  rendu  pr\u00e9cisera  notamment  les  dates  de  mise  en  place,  les  lieux\nd'emplacement, la date d'enl\u00e8vement du dispositif, le cas \u00e9ch\u00e9ant l'utilisation d'un app\u00e2t et\nsa nature, le nombre d'animaux captur\u00e9s et abattus, le sexe de ces derniers ainsi que leur\ndestination. En l'absence de compte rendu, les autorisations ne seront pas renouvel\u00e9es.  \n\u2022 Le  possesseur  de  la  pr\u00e9sente  autorisation  de  pi\u00e9geage ne  pourra  en  aucun  cas\nrechercher  la  responsabilit\u00e9  des  pouvoirs  publics  en  cas  d'accident  survenant  lors  des\nop\u00e9rations.  Par  contre,  sa  responsabilit\u00e9  pourra  \u00eatre  engag\u00e9e  en  cas  d'accident  ou  de\ndommage dont il serait reconnu l'auteur.\n\u2022 Cette  autorisation  de  pi\u00e9geage doit  \u00eatre  pr\u00e9sent\u00e9e  \u00e0  toute  r\u00e9quisition  de  la  force\npublique en cas de contr\u00f4le.\n\u2022 La pr\u00e9sente autorisation de pi\u00e9geage sera publi\u00e9e au recueil des actes administratifs de la\npr\u00e9fecture  du  Var.  Il  peut  faire  l'objet  d'un  recours  contentieux  aupr\u00e8s  du  tribunal\nadministratif de Toulon dans un d\u00e9lai de deux mois \u00e0 compter de sa publication.\nFait \u00e0 Toulon, le 6/03/2025\nPour le pr\u00e9fet et par d\u00e9l\u00e9gation,\nLa cheffe du service agriculture et for\u00eat\nSign\u00e9\nAnne RABAUL T\nDestinataires :\nCopie pour information \u00e0 :\n- le maire de Fr\u00e9jus ;\n- le pr\u00e9sident de la f\u00e9d\u00e9ration d\u00e9partementale\ndes chasseurs du Var ;\n- le commandant du groupement de gendarmerie ;\n- le chef du service d\u00e9partemental de l'OFB ;\n- le pr\u00e9sident de l'association d\u00e9partementale\ndes lieutenants de louveterie du Var ;\n- le pr\u00e9sident de l'association d\u00e9partementale\ndes pi\u00e9geurs agr\u00e9\u00e9s du Var.\nDirection d\u00e9partementale des territoires et de la mer du Var - 83-2025-03-06-00001 - Autorisation de pi\u00e9geage du sanglier dans le\nd\u00e9partement du Var 16\nPr\u00e9fecture du VAR\n83-2025-02-28-00009\nMicrosoft Word - 2025-02-28-FRJ\nInitiaux-08h-rsultats.docx\nPr\u00e9fecture du VAR - 83-2025-02-28-00009 - Microsoft Word - 2025-02-28-FRJ Initiaux-08h-rsultats.docx 17\n=ePREFETDU VARLibert\u00e9Egalit\u00e9Fraternit\u00e9\n \n \n \n \n\u00a0\nBREVET\u00a0NATIONAL\u00a0DE\u00a0S\u00c9CURIT\u00c9\u00a0\nET\u00a0DE\u00a0SAUVETAGE\u00a0AQUATIQUE\u00a0\n (B.N.S.S.A) \n\u00a0\n\u00a0\nPROC\u00c8S\u00a0VERBAL\u00a0D'EXAMEN\u00a0\n\u00a0\n\u00a0\n\u00a0\nL'an\u00a0deux\u00a0mille\u00a0vingt-cinq\u00a0(2024),\u00a0le\u00a0vendredi\u00a028\u00a0f\u00e9vrier\u00a0\u00e0\u00a008h00.\u00a0\n\u00a0\nLe\u00a0jury,\u00a0constitu\u00e9\u00a0en\u00a0application\u00a0des\u00a0dispositions\u00a0du\u00a0d\u00e9cret\u00a0n\u00b091-834\u00a0du\u00a030\u00a0ao\u00fbt\u00a01991\u00a0modifi\u00e9\u00a0et\u00a0de\u00a0\nl'arr\u00eat\u00e9\u00a0du\u00a023\u00a0janvier\u00a01979\u00a0modifi\u00e9,\u00a0fixant\u00a0les\u00a0modalit\u00e9s\u00a0de\u00a0d\u00e9livrance\u00a0du\u00a0brevet\u00a0national\u00a0de\u00a0s\u00e9curit\u00e9\u00a0\net\u00a0sauvetage\u00a0aquatique,\u00a0sous\u00a0la\u00a0pr\u00e9sidence\u00a0du \u00a0Capitaine\u00a0Franck\u00a0CUOMO \u00a0s'est\u00a0r\u00e9uni\u00a0\u00e0\u00a0 la\u00a0piscine\u00a0\nGalli\u00e9ni\u00a0de\u00a0la\u00a0commune\u00a0de\u00a0Fr\u00e9jus\u00a0pour\u00a0proc\u00e9der\u00a0aux\u00a0d\u00e9lib\u00e9rations.\u00a0\n\u00a0\nParticipait\u00a0aux\u00a0travaux\u00a0du\u00a0jury\u00a0:\u00a0\n\u00a0\n\u00c0\u00a0l'issue\u00a0de\u00a0cet\u00a0examen,\u00a0sont\u00a0d\u00e9clar\u00e9s\u00a0admis\u00a0les\u00a0personnes\u00a0figurant\u00a0sur\u00a0le\u00a0tableau\u00a0joint\u00a0en\u00a0annexe\u00a01\u00a0\nayant\u00a0satisfait\u00a0aux\u00a04\u00a0\u00e9preuves\u00a0et\u00a0dont\u00a0le\u00a0nom\u00a0est\u00a0suivi\u00a0de\u00a0la\u00a0mention\u00a0\u00ab\u00a0admis\u00a0\u00bb.\u00a0\n\u00a0\nEn\u00a0application\u00a0de\u00a0l'article\u00a010\u00a0bis\u00a0de\u00a0l'arr\u00eat\u00e9\u00a0du\u00a023\u00a0janvier\u00a01979,\u00a0modifi\u00e9,\u00a0la\u00a0liste\u00a0des\u00a0candidats\u00a0re\u00e7us\u00a0\u00e0\u00a0\nl'examen\u00a0du\u00a0brevet\u00a0national\u00a0de\u00a0s\u00e9curit\u00e9\u00a0et\u00a0de\u00a0sauvetage\u00a0aquatique\u00a0est\u00a0publi\u00e9e\u00a0au\u00a0recueil\u00a0des\u00a0actes\u00a0\nadministratifs\u00a0de\u00a0la\u00a0pr\u00e9fecture\u00a0de\u00a0d\u00e9partement.\u00a0\n\u00a0\nLe\u00a0pr\u00e9sident,\u00a0\nCapitaine\u00a0Franck\u00a0CUOMO\u00a0\n\u00a0\n\u00a0\nLes\u00a0membres\u00a0du\u00a0jury,\u00a0\nAdjudant-chef\u00a0Lionel\u00a0AHMED\u00a0\nAdjudant-chef\u00a0Nicolas\u00a0LEVEL\u00a0\nA d j u d a n t - c h e f \u00a0 D a v i d \u00a0 C O R G N A C \u00a0 \u00a0\u00a0\u00a0\u00a0\u00a0\u00a0\u00a0\u00a0\u00a0\u00a0\u00a0\u00a0\u00a0\u00a0\n\u00a0\n\u00a0\n\u00a0\n\u00a0\nOriginal\u00a0sign\u00e9\u00a0le\u00a0vendredi\u00a028\u00a0f\u00e9vrier\u00a02025\u00a0\n\u00a0\nNom-Pr\u00e9nom\u00a0 Qualification\u00a0 Organisme\u00a0d'appartenance\u00a0\nAdjudant-chef\u00a0Lionel\u00a0AHMED\u00a0 BNSSA\u00a0\u00a0 SDIS-83\u00a0\nAdjudant-chef\u00a0Nicolas\u00a0LEVEL\u00a0 BNSSA\u00a0\u2013\u00a0Formateur\u00a0PAE1\u00a0 SDIS-83\u00a0\nAdjudant-chef\u00a0David\u00a0CORGNAC\u00a0 BNSSA\u00a0 SDIS-83\u00a0\nPr\u00e9fecture du VAR - 83-2025-02-28-00009 - Microsoft Word - 2025-02-28-FRJ Initiaux-08h-rsultats.docx 18\nAnnexe\u00a01\u00a0\u2010\u00a0Liste\u00a0des\u00a0candidats\u00a0admis\u00a0au\u00a0\u00a0\u00a0\nBREVET\u00a0NATIONAL\u00a0DE\u00a0S\u00c9CURIT\u00c9\u00a0ET\u00a0DE\u00a0SAUVETAGE\u00a0AQUATIQUE\u00a0\nSession\u00a0du\u00a0vendredi\u00a028\u00a0f\u00e9vrier\u00a02025\u00a0\u00e0\u00a0la\u00a0piscine\u00a0Galli\u00e9ni\u00a0commune\u00a0de\u00a0Fr\u00e9jus\u00a0\n\u00a0\nNOM\u00a0 PR\u00c9NOM\u00a0 R\u00c9SULTAT\u00a0\n(ADMIS,\u00a0NON\u00a0ADMIS,\u00a0ABSENT)\u00a0\nAYMAR\u00a0 Romain\u00a0 ADMIS\u00a0\nBIDOT-ORIGNAC\u00a0 Tim\u00a0 ADMIS\u00a0\nBRUNELIERE\u00a0 Ma\u00eblys\u00a0 ADMIS\u00a0\nBRUSEL\u00a0 In\u00e8s\u00a0 NON\u00a0ADMIS\u00a0\nDEVOS\u00a0 Maureen\u00a0 ADMIS\u00a0\nFAVE\u00a0 Sasha\u00a0 ADMIS\u00a0\nFERMIER\u00a0 Lison\u00a0 ADMIS\u00a0\nGROSSIR-LEOUSSIS\u00a0 Dylan\u00a0 ADMIS\u00a0\nHULCIO\u00a0 Valentin\u00a0 ADMIS\u00a0\nLOMBARD\u00a0 Aymeric\u00a0 ADMIS\u00a0\nSCHAUENBOURH\u00a0-\u00a0FABRE\u00a0 Lucas\u00a0 ADMIS\u00a0\nVAZZOTTI\u00a0 Johanna\u00a0 ADMIS\u00a0\n\u00a0\u00a0\u00a0\n\u00a0\u00a0\u00a0\n\u00a0\u00a0\u00a0\n\u00a0\u00a0\u00a0\n\u00a0\u00a0\u00a0\n\u00a0\u00a0\u00a0\n\u00a0\u00a0\u00a0\n\u00a0\u00a0\u00a0\n\u00a0\u00a0\u00a0\n\u00a0\u00a0\u00a0\n\u00a0\nLe\u00a0pr\u00e9sident,\u00a0\nCapitaine\u00a0Franck\u00a0CUOMO\u00a0\n\u00a0\n\u00a0\nLes\u00a0membres\u00a0du\u00a0jury,\u00a0\nAdjudant-chef\u00a0Lionel\u00a0AHMED\u00a0\nAdjudant-chef\u00a0Nicolas\u00a0LEVEL\u00a0\nAdjudant-chef\u00a0David\u00a0CORGNAC\u00a0 \u00a0\n\u00a0\n\u00a0\n\u00a0\n\u00a0\nOriginal\u00a0sign\u00e9\u00a0le\u00a0vendredi\u00a028\u00a0f\u00e9vrier\u00a02025\u00a0\nPr\u00e9fecture du VAR - 83-2025-02-28-00009 - Microsoft Word - 2025-02-28-FRJ Initiaux-08h-rsultats.docx 19\nPr\u00e9fecture du VAR\n83-2025-02-28-00011\nMicrosoft Word - 2025-02-28-FRJ\nInitiaux-13h-rsultats.docx\nPr\u00e9fecture du VAR - 83-2025-02-28-00011 - Microsoft Word - 2025-02-28-FRJ Initiaux-13h-rsultats.docx 20\n=ePREFETDU VARLibert\u00e9Egalit\u00e9Fraternit\u00e9\n \n \n \n \n\u00a0\nBREVET\u00a0NATIONAL\u00a0DE\u00a0S\u00c9CURIT\u00c9\u00a0\nET\u00a0DE\u00a0SAUVETAGE\u00a0AQUATIQUE\u00a0\n (B.N.S.S.A) \n\u00a0\n\u00a0\nPROC\u00c8S\u00a0VERBAL\u00a0D'EXAMEN\u00a0\n\u00a0\n\u00a0\n\u00a0\nL'an\u00a0deux\u00a0mille\u00a0vingt-cinq\u00a0(2024),\u00a0le\u00a0vendredi\u00a028\u00a0f\u00e9vrier\u00a0\u00e0\u00a013h00.\u00a0\n\u00a0\nLe\u00a0jury,\u00a0constitu\u00e9\u00a0en\u00a0application\u00a0des\u00a0dispositions\u00a0du\u00a0d\u00e9cret\u00a0n\u00b091-834\u00a0du\u00a030\u00a0ao\u00fbt\u00a01991\u00a0modifi\u00e9\u00a0et\u00a0de\u00a0\nl'arr\u00eat\u00e9\u00a0du\u00a023\u00a0janvier\u00a01979\u00a0modifi\u00e9,\u00a0fixant\u00a0les\u00a0modalit\u00e9s\u00a0de\u00a0d\u00e9livrance\u00a0du\u00a0brevet\u00a0national\u00a0de\u00a0s\u00e9curit\u00e9\u00a0\net\u00a0sauvetage\u00a0aquatique,\u00a0sous\u00a0la\u00a0pr\u00e9sidence\u00a0du\u00a0 Capitaine\u00a0Franck\u00a0CUOMO\u00a0s'est\u00a0r\u00e9uni\u00a0\u00e0\u00a0 la\u00a0piscine\u00a0\nGalli\u00e9ni\u00a0de\u00a0la\u00a0commune\u00a0de\u00a0Fr\u00e9jus\u00a0pour\u00a0proc\u00e9der\u00a0aux\u00a0d\u00e9lib\u00e9rations.\u00a0\n\u00a0\nParticipait\u00a0aux\u00a0travaux\u00a0du\u00a0jury\u00a0:\u00a0\n\u00a0\n\u00c0\u00a0l'issue\u00a0de\u00a0cet\u00a0examen,\u00a0sont\u00a0d\u00e9clar\u00e9s\u00a0admis\u00a0les\u00a0personnes\u00a0figurant\u00a0sur\u00a0le\u00a0tableau\u00a0joint\u00a0en\u00a0annexe\u00a01\u00a0\nayant\u00a0satisfait\u00a0aux\u00a04\u00a0\u00e9preuves\u00a0et\u00a0dont\u00a0le\u00a0nom\u00a0est\u00a0suivi\u00a0de\u00a0la\u00a0mention\u00a0\u00ab\u00a0admis\u00a0\u00bb.\u00a0\n\u00a0\nEn\u00a0application\u00a0de\u00a0l'article\u00a010\u00a0bis\u00a0de\u00a0l'arr\u00eat\u00e9\u00a0du\u00a023\u00a0janvier\u00a01979,\u00a0modifi\u00e9,\u00a0la\u00a0liste\u00a0des\u00a0candidats\u00a0re\u00e7us\u00a0\u00e0\u00a0\nl'examen\u00a0du\u00a0brevet\u00a0national\u00a0de\u00a0s\u00e9curit\u00e9\u00a0et\u00a0de\u00a0sauvetage\u00a0aquatique\u00a0est\u00a0publi\u00e9e\u00a0au\u00a0recueil\u00a0des\u00a0actes\u00a0\nadministratifs\u00a0de\u00a0la\u00a0pr\u00e9fecture\u00a0de\u00a0d\u00e9partement.\u00a0\n\u00a0\nLe\u00a0pr\u00e9sident,\u00a0\nCapitaine\u00a0Franck\u00a0CUOMO\u00a0\n\u00a0\n\u00a0\nLes\u00a0membres\u00a0du\u00a0jury,\u00a0\nAdjudant-chef\u00a0Lionel\u00a0AHMED\u00a0\nAdjudant-chef\u00a0Nicolas\u00a0LEVEL\u00a0\nAdjudant-chef\u00a0David\u00a0CORGNAC\u00a0 \u00a0 \u00a0 \u00a0 \u00a0\u00a0\u00a0\u00a0\u00a0\u00a0\u00a0\u00a0\u00a0\u00a0\n\u00a0\n\u00a0\n\u00a0\nOriginal\u00a0sign\u00e9\u00a0le\u00a0vendredi\u00a028\u00a0f\u00e9vrier\u00a02025\u00a0\nNom-Pr\u00e9nom\u00a0 Qualification\u00a0 Organisme\u00a0d'appartenance\u00a0\nAdjudant-chef\u00a0Lionel\u00a0AHMED\u00a0 BNSSA\u00a0\u00a0 SDIS-83\u00a0\nAdjudant-chef\u00a0Nicolas\u00a0LEVEL\u00a0 BNSSA\u00a0\u2013\u00a0Formateur\u00a0PAE1\u00a0 SDIS-83\u00a0\nAdjudant-chef\u00a0David\u00a0CORGNAC\u00a0 BNSSA\u00a0 SDIS-83\u00a0\nPr\u00e9fecture du VAR - 83-2025-02-28-00011 - Microsoft Word - 2025-02-28-FRJ Initiaux-13h-rsultats.docx 21\nAnnexe\u00a01\u00a0\u2010\u00a0Liste\u00a0des\u00a0candidats\u00a0admis\u00a0au\u00a0\u00a0\u00a0\nBREVET\u00a0NATIONAL\u00a0DE\u00a0S\u00c9CURIT\u00c9\u00a0ET\u00a0DE\u00a0SAUVETAGE\u00a0AQUATIQUE\u00a0\nSession\u00a0du\u00a0vendredi\u00a028\u00a0f\u00e9vrier\u00a02025\u00a0\u00e0\u00a0la\u00a0piscine\u00a0Galli\u00e9ni\u00a0commune\u00a0de\u00a0Fr\u00e9jus\u00a0\n\u00a0\nNOM\u00a0 PR\u00c9NOM\u00a0 R\u00c9SULTAT\u00a0\n(ADMIS,\u00a0NON\u00a0ADMIS,\u00a0ABSENT)\u00a0\nCOCUSSE\u00a0 Camille\u00a0 ADMIS\u00a0\nEPURON\u00a0 Renaud\u00a0 ADMIS\u00a0\nGAL\u00a0 Gabriel\u00a0 ADMIS\u00a0\nHIDDEUX\u00a0 Lenny\u00a0 ADMIS\u00a0\nLEFRANCOIS-GAMPHER\u00a0 Sasha\u00a0 ADMIS\u00a0\nOGE\u00a0 Lo\u00efc\u00a0 ADMIS\u00a0\nORGANINI\u00a0 Mathilde\u00a0 ADMIS\u00a0\nPERLANT\u00a0 Mathieu\u00a0 ABSENT\u00a0\nPOURRET\u00a0 Bastien\u00a0 ADMIS\u00a0\nQUINTON\u00a0 Benjamin\u00a0 NON\u00a0ADMIS\u00a0\nSALMERON\u00a0 Marie\u00a0 ADMIS\u00a0\nSCIAIGUATO\u00a0 Anthony\u00a0 ADMIS\u00a0\nVICENTE\u00a0 Laura\u00a0 NON\u00a0ADMIS\u00a0\nBOISSEAU\u00a0 Sasha\u00a0 ADMIS\u00a0\nCODOGNO\u00a0 Jean-Baptiste\u00a0 ADMIS\u00a0\n\u00a0\u00a0\u00a0\n\u00a0\u00a0\u00a0\n\u00a0\u00a0\u00a0\n\u00a0\u00a0\u00a0\n\u00a0\u00a0\u00a0\n\u00a0\u00a0\u00a0\n\u00a0\u00a0\u00a0\n\u00a0\nLe\u00a0pr\u00e9sident,\u00a0\nCapitaine\u00a0Franck\u00a0CUOMO\u00a0\n\u00a0\n\u00a0\nLes\u00a0membres\u00a0du\u00a0jury,\u00a0\nAdjudant-chef\u00a0Lionel\u00a0AHMED\u00a0\nAdjudant-chef\u00a0Nicolas\u00a0LEVEL\u00a0\nAdjudant-chef\u00a0David\u00a0CORGNAC\u00a0 \u00a0\n\u00a0\n\u00a0\n\u00a0\nOriginal\u00a0sign\u00e9\u00a0le\u00a0vendredi\u00a028\u00a0f\u00e9vrier\u00a02025\u00a0\n\u00a0\nPr\u00e9fecture du VAR - 83-2025-02-28-00011 - Microsoft Word - 2025-02-28-FRJ Initiaux-13h-rsultats.docx 22\nPr\u00e9fecture du VAR\n83-2025-02-28-00010\nMicrosoft Word - 2025-02-28-FRJ\nRecyclages-10h-rsultats.docx\nPr\u00e9fecture du VAR - 83-2025-02-28-00010 - Microsoft Word - 2025-02-28-FRJ Recyclages-10h-rsultats.docx 23\nzsPREFETDU VARLibert\u00e9Egalit\u00e9Fraternit\u00e9\n \n \n\u00a0\n\u00a0\nEXAMEN\u00a0DE\u00a0CONTR\u00d4LE\u00a0DU\u00a0BREVET\u00a0\u00a0NATIONAL \nDE\u00a0S\u00c9CURIT\u00c9\u00a0ET\u00a0DE\u00a0SAUVETAGE\u00a0AQUATIQUE \n (B.N.S.S.A) \n\u00a0\nPROC\u00c8S\u00a0VERBAL\u00a0D'EXAMEN\u00a0\n\u00a0\n\u00a0\n\u00a0\nL'an\u00a0deux\u00a0mille\u00a0vingt-cinq\u00a0(2025),\u00a0le\u00a0vendredi\u00a028\u00a0f\u00e9vrier\u00a0\u00e0\u00a010h00.\u00a0\n\u00a0\nLe\u00a0jury,\u00a0constitu\u00e9\u00a0en\u00a0application\u00a0des\u00a0dispositions\u00a0du\u00a0d\u00e9cret\u00a0n\u00b091-834\u00a0du\u00a030\u00a0ao\u00fbt\u00a01991\u00a0modifi\u00e9\u00a0et\u00a0de\u00a0\nl'arr\u00eat\u00e9\u00a0du\u00a023\u00a0janvier\u00a01979\u00a0modifi\u00e9,\u00a0fixant\u00a0les\u00a0modalit\u00e9s\u00a0de\u00a0d\u00e9livrance\u00a0du\u00a0brevet\u00a0national\u00a0de\u00a0s\u00e9curit\u00e9\u00a0\net\u00a0sauvetage\u00a0aquatique,\u00a0sous\u00a0la\u00a0pr\u00e9sidence\u00a0du\u00a0 Capitaine\u00a0Franck\u00a0CUOMO\u00a0s'est\u00a0r\u00e9uni\u00a0\u00e0\u00a0 la\u00a0piscine\u00a0\nGalli\u00e9ni\u00a0de\u00a0la\u00a0commune\u00a0de\u00a0Fr\u00e9jus\u00a0pour\u00a0proc\u00e9der\u00a0aux\u00a0d\u00e9lib\u00e9rations.\u00a0\n\u00a0\nParticipait\u00a0aux\u00a0travaux\u00a0du\u00a0jury\u00a0:\u00a0\nNom-Pr\u00e9nom\u00a0 Qualification\u00a0 Organisme\u00a0d'appartenance\u00a0\nAdjudant-chef\u00a0Lionel\u00a0AHMED\u00a0 BNSSA\u00a0\u00a0 SDIS-83\u00a0\nAdjudant-chef\u00a0Nicolas\u00a0LEVEL\u00a0 BNSSA\u00a0\u2013\u00a0Formateur\u00a0PAE1\u00a0 SDIS-83\u00a0\nAdjudant-chef\u00a0David\u00a0CORGNAC\u00a0 BNSSA\u00a0 SDIS-83\u00a0\n\u00a0\n\u00c0\u00a0l'issue\u00a0de\u00a0cet\u00a0examen,\u00a0sont\u00a0d\u00e9clar\u00e9s\u00a0admis\u00a0les\u00a0personnes\u00a0figurant\u00a0sur\u00a0le\u00a0tableau\u00a0joint\u00a0en\u00a0annexe\u00a01\u00a0\nayant\u00a0satisfait\u00a0aux\u00a02\u00a0\u00e9preuves\u00a0et\u00a0dont\u00a0le\u00a0nom\u00a0est\u00a0suivi\u00a0de\u00a0la\u00a0mention\u00a0\u00ab\u00a0admis\u00a0\u00bb.\u00a0\n\u00a0\nEn\u00a0application\u00a0de\u00a0l'article\u00a010\u00a0bis\u00a0de\u00a0l'arr\u00eat\u00e9\u00a0du\u00a023\u00a0janvier\u00a01979,\u00a0modifi\u00e9,\u00a0la\u00a0liste\u00a0des\u00a0candidats\u00a0re\u00e7us\u00a0\n\u00e0\u00a0l'examen\u00a0du\u00a0brevet\u00a0national\u00a0de\u00a0s\u00e9curit\u00e9\u00a0et\u00a0de\u00a0sauvetage\u00a0aquatique\u00a0est\u00a0publi\u00e9e\u00a0au\u00a0recueil\u00a0des\u00a0\nactes\u00a0administratifs\u00a0de\u00a0la\u00a0pr\u00e9fecture\u00a0de\u00a0d\u00e9partement. \n \n\u00a0\nLe\u00a0pr\u00e9sident,\u00a0\nCapitaine\u00a0Franck\u00a0CUOMO\u00a0\n\u00a0\n\u00a0\nLes\u00a0membres\u00a0du\u00a0jury,\u00a0\nAdjudant-chef\u00a0Lionel\u00a0AHMED\u00a0\nAdjudant-chef\u00a0Nicolas\u00a0LEVEL\u00a0\nAdjudant-chef\u00a0David\u00a0CORGNAC\u00a0\n\u00a0\n\u00a0\n\u00a0\nOriginal\u00a0sign\u00e9\u00a0le\u00a0vendredi\u00a028\u00a0f\u00e9vrier\u00a02025\u00a0\n\u00a0\n\u00a0\nPr\u00e9fecture du VAR - 83-2025-02-28-00010 - Microsoft Word - 2025-02-28-FRJ Recyclages-10h-rsultats.docx 24\nAnnexe\u00a01\u00a0\u2010\u00a0Liste\u00a0des\u00a0candidats\u00a0admis\u00a0\u00e0\u00a0l'EXAMEN\u00a0DE\u00a0CONTR\u00d4LE\u00a0DU\u00a0BREVET\u00a0NATIONAL\u00a0\nDE\u00a0S\u00c9CURIT\u00c9\u00a0ET\u00a0DE\u00a0SAUVETAGE\u00a0AQUATIQUE\u00a0\nSession\u00a0du\u00a0vendredi\u00a028\u00a0f\u00e9vrier\u00a02025\u00a0\u00e0\u00a0la\u00a0piscine\u00a0Galli\u00e9ni\u00a0commune\u00a0de\u00a0Fr\u00e9jus\u00a0\n\u00a0\nNOM\u00a0 PR\u00c9NOM\u00a0 R\u00c9SULTAT\u00a0\n(ADMIS,\u00a0NON\u00a0ADMIS,\u00a0ABSENT)\u00a0\nABBAS-CHORA\u00a0 Anthony\u00a0 ABSENT\u00a0\nBRUN\u00a0 Aur\u00e9lie\u00a0 ADMIS\u00a0\nBEZIN\u00a0 Vincent\u00a0 ADMIS\u00a0\nCARRION\u00a0 Elodie\u00a0 ADMIS\u00a0\nCOMMENCE\u00a0 Renaud\u00a0 ADMIS\u00a0\nDERRIER\u00a0 Alain\u00a0 ADMIS\u00a0\nFILLOT\u00a0 Florian\u00a0 ADMIS\u00a0\nGIL\u00a0 Armony\u00a0 ADMIS\u00a0\nMICALLEF\u00a0 Aur\u00e9lien\u00a0 ADMIS\u00a0\nPARISOT\u00a0 Jer\u00f4me\u00a0 ADMIS\u00a0\nPIO\u00a0 S\u00e9bastien\u00a0 ADMIS\u00a0\nROQUE\u00a0 Johan\u00a0 ADMIS\u00a0\nVISENTIN\u00a0 Johanna\u00a0 ADMIS\u00a0\nPONROY\u00a0 Herv\u00e9\u00a0 ADMIS\u00a0\n\u00a0\u00a0 \u00a0\n\u00a0  \u00a0\n\u00a0 \u00a0\n\u00a0 \u00a0\n\u00a0 \u00a0\n\u00a0 \u00a0\n\u00a0 \u00a0\n\u00a0\u00a0\u00a0\n\u00a0\u00a0\u00a0\n\u00a0\u00a0\u00a0\n\u00a0\n\u00a0\nLe\u00a0pr\u00e9sident,\u00a0\nCapitaine\u00a0Franck\u00a0CUOMO\u00a0\n\u00a0\n\u00a0\nLes\u00a0membres\u00a0du\u00a0jury,\u00a0\nAdjudant-chef\u00a0Lionel\u00a0AHMED\u00a0\nAdjudant-chef\u00a0Nicolas\u00a0LEVEL\u00a0\nAdjudant-chef\u00a0David\u00a0CORGNAC\u00a0\n\u00a0\nOriginal\u00a0sign\u00e9\u00a0le\u00a0vendredi\u00a028\u00a0f\u00e9vrier\u00a02025\u00a0\nPr\u00e9fecture du VAR - 83-2025-02-28-00010 - Microsoft Word - 2025-02-28-FRJ Recyclages-10h-rsultats.docx 25\nPr\u00e9fecture du VAR\n83-2025-02-28-00012\nMicrosoft Word - 2025-02-28-FRJ\nRecyclages-15h-rsultats.docx\nPr\u00e9fecture du VAR - 83-2025-02-28-00012 - Microsoft Word - 2025-02-28-FRJ Recyclages-15h-rsultats.docx 26\nzsPREFETDU VARLibert\u00e9Egalit\u00e9Fraternit\u00e9\n \n \n\u00a0\n\u00a0\nEXAMEN\u00a0DE\u00a0CONTR\u00d4LE\u00a0DU\u00a0BREVET\u00a0NATIONAL \nDE\u00a0S\u00c9CURIT\u00c9\u00a0ET\u00a0DE\u00a0SAUVETAGE\u00a0AQUATIQUE \n (B.N.S.S.A) \n\u00a0\nPROC\u00c8S\u00a0VERBAL\u00a0D'EXAMEN\u00a0\n\u00a0\n\u00a0\n\u00a0\nL'an\u00a0deux\u00a0mille\u00a0vingt-cinq\u00a0(2025),\u00a0le\u00a0vendredi\u00a028\u00a0f\u00e9vrier\u00a0\u00e0\u00a015h00.\u00a0\n\u00a0\nLe\u00a0jury,\u00a0constitu\u00e9\u00a0en\u00a0application\u00a0des\u00a0dispositions\u00a0du\u00a0d\u00e9cret\u00a0n\u00b091-834\u00a0du\u00a030\u00a0ao\u00fbt\u00a01991\u00a0modifi\u00e9\u00a0et\u00a0de\u00a0\nl'arr\u00eat\u00e9\u00a0du\u00a023\u00a0janvier\u00a01979\u00a0modifi\u00e9,\u00a0fixant\u00a0les\u00a0modalit\u00e9s\u00a0de\u00a0d\u00e9livrance\u00a0du\u00a0brevet\u00a0national\u00a0de\u00a0s\u00e9curit\u00e9\u00a0\net\u00a0sauvetage\u00a0aquatique,\u00a0sous\u00a0la\u00a0pr\u00e9sidence\u00a0du\u00a0 Capitaine\u00a0Franck\u00a0CUOMO\u00a0s'est\u00a0r\u00e9uni\u00a0\u00e0\u00a0 la\u00a0piscine\u00a0\nGalli\u00e9ni\u00a0de\u00a0la\u00a0commune\u00a0de\u00a0Fr\u00e9jus\u00a0pour\u00a0proc\u00e9der\u00a0aux\u00a0d\u00e9lib\u00e9rations.\u00a0\n\u00a0\nParticipait\u00a0aux\u00a0travaux\u00a0du\u00a0jury\u00a0:\u00a0\nNom-Pr\u00e9nom\u00a0 Qualification\u00a0 Organisme\u00a0d'appartenance\u00a0\nAdjudant-chef\u00a0Lionel\u00a0AHMED\u00a0 BNSSA\u00a0\u00a0 SDIS-83\u00a0\nAdjudant-chef\u00a0Nicolas\u00a0LEVEL\u00a0 BNSSA\u00a0\u2013\u00a0Formateur\u00a0PAE1\u00a0 SDIS-83\u00a0\nAdjudant-chef\u00a0David\u00a0CORGNAC\u00a0 BNSSA\u00a0 SDIS-83\u00a0\n\u00a0\n\u00c0\u00a0l'issue\u00a0de\u00a0cet\u00a0examen,\u00a0sont\u00a0d\u00e9clar\u00e9s\u00a0admis\u00a0les\u00a0personnes\u00a0figurant\u00a0sur\u00a0le\u00a0tableau\u00a0joint\u00a0en\u00a0annexe\u00a01\u00a0\nayant\u00a0satisfait\u00a0aux\u00a02\u00a0\u00e9preuves\u00a0et\u00a0dont\u00a0le\u00a0nom\u00a0est\u00a0suivi\u00a0de\u00a0la\u00a0mention\u00a0\u00ab\u00a0admis\u00a0\u00bb.\u00a0\n\u00a0\nEn\u00a0application\u00a0de\u00a0l'article\u00a010\u00a0bis\u00a0de\u00a0l'arr\u00eat\u00e9\u00a0du\u00a023\u00a0janvier\u00a01979,\u00a0modifi\u00e9,\u00a0la\u00a0liste\u00a0des\u00a0candidats\u00a0re\u00e7us\u00a0\n\u00e0\u00a0l'examen\u00a0du\u00a0brevet\u00a0national\u00a0de\u00a0s\u00e9curit\u00e9\u00a0et\u00a0de\u00a0sauvetage\u00a0aquatique\u00a0est\u00a0publi\u00e9e\u00a0au\u00a0recueil\u00a0des\u00a0\nactes\u00a0administratifs\u00a0de\u00a0la\u00a0pr\u00e9fecture\u00a0de\u00a0d\u00e9partement. \n \n\u00a0\nLe\u00a0pr\u00e9sident,\u00a0\nCapitaine\u00a0Franck\u00a0CUOMO\u00a0\n\u00a0\n\u00a0\nLes\u00a0membres\u00a0du\u00a0jury,\u00a0\nAdjudant-chef\u00a0Lionel\u00a0AHMED\u00a0\nAdjudant-chef\u00a0Nicolas\u00a0LEVEL\u00a0\nAdjudant-chef\u00a0David\u00a0CORGNAC\u00a0\n\u00a0\n\u00a0\n\u00a0\n\u00a0\nOriginal\u00a0sign\u00e9\u00a0le\u00a0vendredi\u00a028\u00a0f\u00e9vrier\u00a02025\u00a0\n\u00a0\nPr\u00e9fecture du VAR - 83-2025-02-28-00012 - Microsoft Word - 2025-02-28-FRJ Recyclages-15h-rsultats.docx 27\nAnnexe\u00a01\u00a0\u2010\u00a0Liste\u00a0des\u00a0candidats\u00a0admis\u00a0\u00e0\u00a0l'EXAMEN\u00a0DE\u00a0CONTR\u00d4LE\u00a0DU\u00a0BREVET\u00a0NATIONAL\u00a0\nDE\u00a0S\u00c9CURIT\u00c9\u00a0ET\u00a0DE\u00a0SAUVETAGE\u00a0AQUATIQUE\u00a0\nSession\u00a0du\u00a0vendredi\u00a015\u00a0mars\u00a02024\u00a0\u00e0\u00a0la\u00a0piscine\u00a0Maurice\u00a0GIUGE\u00a0commune\u00a0de\u00a0Fr\u00e9jus\u00a0\n\u00a0\nNOM\u00a0 PR\u00c9NOM\u00a0 R\u00c9SULTAT\u00a0\n(ADMIS,\u00a0NON\u00a0ADMIS,\u00a0ABSENT)\u00a0\nBIERON\u00a0 Maxence\u00a0 ADMIS\u00a0\nBRUNI\u00a0 Jordan\u00a0 ADMIS\u00a0\nBRUNI\u00a0 Ludovic\u00a0 ADMIS\u00a0\nCAUVIERE\u00a0 Cyril\u00a0 ADMIS\u00a0\nGIORDANENGO\u00a0 L\u00e9a\u00a0 ADMIS\u00a0\nMARCHADIER\u00a0 Matt\u00e9o\u00a0 ADMIS\u00a0\nNAVELLO\u00a0 Florian\u00a0 ADMIS\u00a0\nPALLARD\u00a0 Lionel\u00a0 ADMIS\u00a0\nSCHWECHLER\u00a0 Benjamin\u00a0 ADMIS\u00a0\nUGO\u00a0 Alexandre\u00a0 ADMIS\u00a0\nURLACHER\u00a0 Franck\u00a0 ADMIS\u00a0\n\u00a0\u00a0 \u00a0\n\u00a0\u00a0 \u00a0\n\u00a0\u00a0 \u00a0\n\u00a0\u00a0 \u00a0\n\u00a0 \u00a0\n\u00a0 \u00a0\n\u00a0 \u00a0\n\u00a0 \u00a0\n\u00a0 \u00a0\n\u00a0 \u00a0\n\u00a0\u00a0\u00a0\n\u00a0\u00a0\u00a0\n\u00a0\u00a0\u00a0\n\u00a0\n\u00a0\nLe\u00a0pr\u00e9sident,\u00a0\nCapitaine\u00a0Franck\u00a0CUOMO\u00a0\n\u00a0\n\u00a0\nLes\u00a0membres\u00a0du\u00a0jury,\u00a0\nAdjudant-chef\u00a0Lionel\u00a0AHMED\u00a0\nAdjudant-chef\u00a0Nicolas\u00a0LEVEL\u00a0\nAdjudant-chef\u00a0David\u00a0CORGNAC\u00a0\n\u00a0\nOriginal\u00a0sign\u00e9\u00a0le\u00a0vendredi\u00a028\u00a0f\u00e9vrier\u00a02025\u00a0\nPr\u00e9fecture du VAR - 83-2025-02-28-00012 - Microsoft Word - 2025-02-28-FRJ Recyclages-15h-rsultats.docx 28\nPr\u00e9fecture du VAR\n83-2025-03-01-00002\nPV EXAMEN BNSSA UDPS  01032025 OS\nPr\u00e9fecture du VAR - 83-2025-03-01-00002 - PV EXAMEN BNSSA UDPS  01032025 OS 29\nEnPREFETDU VARLibert\u00e9Egalit\u00e9Fraternit\u00e9\nBREVET NATIONAL DE S\u00c9CURIT\u00c9\nET DE SAUVETAGE AQUATIQUE\n (B.N.S.S.A)\nPROC\u00c8S VERBAL D'EXAMEN\nL'an deux mille vingt-cinq (2025), le premier (01) mars \u00e0 dix heures et trente minutes (10H30)\nLe jury, constitu\u00e9 en application des dispositions du d\u00e9cret n\u00b091-834 du 30 ao\u00fbt 1991 modifi\u00e9 et de \nl'arr\u00eat\u00e9  du  23  janvier  1979  modifi\u00e9,  fixant  les  modalit\u00e9s  de  d\u00e9livrance  du  brevet  national  de \ns\u00e9curit\u00e9 et sauvetage aquatique, sous la pr\u00e9sidence de FREZE Marc Pr\u00e9sident UDPS 83 s'est r\u00e9uni \u00e0 \nau Complexe Aquatique de Hy\u00e8res de la commune de Hy\u00e8res pour proc\u00e9der aux d\u00e9lib\u00e9rations.\nParticipait aux travaux du jury :\nNom-Pr\u00e9nom Qualification Organisme d'appartenance\nTHOMAS Catherine BEESAN UDPS 83\nREYMONET Didier BEESAN- FFPS UDPS 83\nG\u00c9H\u00c9 Fran\u00e7ois-Ren\u00e9 MNS-FPS UDPS 83\n\u00c0 l'issue de cet examen, sont d\u00e9clar\u00e9s admis les personnes figurant sur le tableau joint en annexe 1 \nayant satisfait aux 4 \u00e9preuves et dont le nom est suivi de la mention \u00ab admis \u00bb.\nEn application de l'article 10 bis de l'arr\u00eat\u00e9 du 23 janvier 1979, modifi\u00e9, la liste des candidats re\u00e7us  \n\u00e0 l'examen du brevet national de s\u00e9curit\u00e9 et de sauvetage aquatique est publi\u00e9e au recueil des  \nactes administratifs de la pr\u00e9fecture de d\u00e9partement.\nLe pr\u00e9sident,\n    FREZE Marc\n \nLes membres du jury,\n       THOMAS Catherine REYMONET Didier G\u00c9H\u00c9 Fran\u00e7ois-Ren\u00e9   \nOriginal sign\u00e9 le 01 mars 2025\nPr\u00e9fecture du VAR - 83-2025-03-01-00002 - PV EXAMEN BNSSA UDPS  01032025 OS 30\nAnnexe 1 - Liste des candidats admis au \nBREVET NATIONAL DE S\u00c9CURIT\u00c9 ET DE SAUVETAGE AQUATIQUE\nSession du 01/03/2025 \u00e0 Hy\u00e8res\nNOM PR\u00c9NOM R\u00c9SULTAT\n(ADMIS, NON ADMIS, ABSENT)\nBALESTRA Luca ADMIS\nBERREJEB Bassem ADMIS\nBOUTAHRI Mohamed ADMIS\nFERRERES Manon ADMIS\nGASSEND Titouan ADMIS\nGERMAIN Romain ADMIS\nGIMENES Oc\u00e9ane NON ADMISE\nHERRY Lisa NON ADMISE\nHUUTI Tevevao NON ADMISE\nKARAA K\u00e9liane NON ADMIS\nLETACONNOUX Camille NON ADMISE\nMANGEAS Lucas NON ADMIS\nMESQUINY Zakaria NON ADMIS\nMEYER Ambre ADMISE\nROULLE Axel ADMIS\nRUBICHON Louise ADMISE\nSAPANEL Paul ADMIS\nSASSETTI Peterson ADMIS\nVIJVERBERG Louis ADMIS\nLe pr\u00e9sident,\nFREZE Marc\n  \nLes membres du jury,\n       THOMAS Catherine REYMONET Didier G\u00c9H\u00c9 Fran\u00e7ois-Ren\u00e9  \nOriginal sign\u00e9 le 01 mars 2025\nPr\u00e9fecture du VAR - 83-2025-03-01-00002 - PV EXAMEN BNSSA UDPS  01032025 OS 31","date":"2025-03-06","first_seen_on":"2025-04-02T08:35:23+00:00","id":"3535ca892a2b1426e17aefe8a5ce4e27d04db3842819e3984c22c9af0ef6e561","name":"RAA N\u00b071 du 6 mars 2025","pdf_creation_date":"2025-03-06T15:13:45+00:00","pdf_modification_date":null,"timezone":"Europe/Paris","url":"https://www.var.gouv.fr/contenu/telechargement/39562/259774/file/RAA%20N%C2%B071%20du%206%20mars%202025.pdf"}
