{"administration":"prefidf","administration_name":"Pr\u00e9fecture de la r\u00e9gion \u00cele-de-France","content":"PREFECTURE\nREGION ILE DE\nFRANCE\nRECUEIL DES ACTES\nADMINISTRATIFS SP\u00c9CIAL\n(NOMINATIFS)\nN\u00b0IDF-018-2025-12\nPUBLI\u00c9 LE  5 D\u00c9CEMBRE 2025\nSommaire\nAgence R\u00e9gionale de Sant\u00e9 / Agence r\u00e9gionale de sant\u00e9\nd'Ile-de-France-D\u00e9partement de l'autonomie\nIDF-2025-12-03-00013 - Arr\u00eat\u00e9 2025-354 d\u00e9signant les membres non\npermanents pour la commission  d'information et de s\u00e9lection\nd'appel \u00e0 projet social ou m\u00e9dico-social visant \u00e0 la cr\u00e9ation de\nplusieurs dispositifs organis\u00e9s en plateformes d'accompagnement \nm\u00e9dicalis\u00e9es d'adultes pr\u00e9sentant des troubles du\nneurod\u00e9veloppement (3 pages) Page 3\nIDF-2025-12-03-00011 - Arr\u00eat\u00e9 n\u00b02025-353 fixant la composition de la\ncommission conjointe d'information et de s\u00e9lection d'appel \u00e0 projet\nsocial ou m\u00e9dico-social pour les projets autoris\u00e9s en application du\nd\nde l'article L.313-3 du code de l'action sociale et des familles (5 pages) Page 7\nAgence R\u00e9gionale de Sant\u00e9  - D\u00e9l\u00e9gation D\u00e9partementale de la\nSeine Saint-Denis /  D\u00e9partement Territoires - Parcours de soins\nIDF-2025-12-03-00012 - Arr\u00eat\u00e9 n\u00b02025-018 du 3 d\u00e9cembre\n2025\nportant modification de l'arr\u00eat\u00e9 n\u00b02024-017 du 02\nd\u00e9cembre 2024 fixant la composition du conseil de surveillance de\nl'Etablissement Public de Sant\u00e9 Ville-Evrard (3 pages) Page 13\n2\nAgence R\u00e9gionale de Sant\u00e9\nIDF-2025-12-03-00013\nArr\u00eat\u00e9 2025-354 d\u00e9signant les membres non\npermanents pour la commission  d'information\net de s\u00e9lection d'appel \u00e0 projet social ou\nm\u00e9dico-social visant \u00e0 la cr\u00e9ation de plusieurs\ndispositifs organis\u00e9s en plateformes\nd'accompagnement  m\u00e9dicalis\u00e9es d'adultes\npr\u00e9sentant des troubles du\nneurod\u00e9veloppement\nAgence R\u00e9gionale de Sant\u00e9 - IDF-2025-12-03-00013 - Arr\u00eat\u00e9 2025-354 d\u00e9signant les membres non permanents pour la commission \nd'information et de s\u00e9lection d'appel \u00e0 projet social ou m\u00e9dico-social visant \u00e0 la cr\u00e9ation de plusieurs dispositifs organis\u00e9s en\nplateformes d'accompagnement  m\u00e9dicalis\u00e9es d'adultes pr\u00e9sentant des troubles du neurod\u00e9veloppement\n3\nExREPUBLIQUEFRAN\u00c7AISELibert\u00e9Egalit\u00e9Fraternit\u00e9\nSeine Sail DenisLE DEPARTEMENTAr\u00a9 D Agence R\u00e9gionale de Sant\u00e9lle-de-France\n \n \nArr\u00eat\u00e9 2025-354 \n \nD\u00e9signant les membres non permanents pour la commission d'information et de s\u00e9lection \nd'appel \u00e0 projet social ou m\u00e9dico-social visant \u00e0 la cr\u00e9ation de plusieurs dispositifs \norganis\u00e9s en plateformes d'accompagnement m\u00e9dicalis\u00e9es d'adultes pr\u00e9sentant des \ntroubles du neurod\u00e9veloppement  \n \n \n \nLE DIRECTEUR G\u00c9N\u00c9RAL DE L'AGENCE REGIONALE DE SANT\u00c9 \u00ceLE-DE-FRANCE   \n \nLE PR\u00c9SIDENT DU CONSEIL D\u00c9PARTEMENTAL DE SEINE-SAINT-DENIS \n \n \nVu le code g\u00e9n\u00e9ral des collectivit\u00e9s territoriales ; \n \nVu le code de la sant\u00e9 publique ; \n \nVu le code de l'action sociale et des familles, et notamment ses articles L.313-1 et son article \nR.313-1 ;  \nVu le d\u00e9cret du 10 avril 2024 portant nomination de Monsieur Denis Robin, Directeur g\u00e9n\u00e9ral de \nl'Agence r\u00e9gionale de sant\u00e9 Ile-de-France \u00e0 compter du 29 avril 2024 ; \nVu l'\u00e9lection le 1er juillet 2021 de M. St\u00e9phane Troussel \u00e0 la pr\u00e9sidence du conseil d\u00e9partemental \nde la Seine-Saint-Denis ; \n \nVu l'arr\u00eat\u00e9 du Pr\u00e9sident du conseil d\u00e9partemental n\u00b02024 -446 du 29 novembre 2024 donnant \nd\u00e9l\u00e9gation de signature \u00e0 M. Olivier Veber, directeur g\u00e9n\u00e9ral des services ; \nVu la loi n\u00b0 2009-879 du 21 juillet 2009 modifi\u00e9e portant r\u00e9forme de l'h\u00f4pital et relative aux patients, \n\u00e0 la sant\u00e9 et aux territoires, notamment dans son article 131 ; \nVu le d\u00e9cret n\u00b0 2010 -870 du 26 juillet 2010 relatif \u00e0 la proc\u00e9dure d'appel \u00e0 projet et d'autorisation \nmentionn\u00e9e \u00e0 l'article L.313-1-1 du code de l'action sociale et des familles ; \nVu la circulaire n\u00b0DGS/5B/2010/434 du 28 d\u00e9cembre 2010 relative \u00e0 la proc\u00e9dure d'appel \u00e0 projet \net d'autorisation des \u00e9tablissements et services sociaux et m\u00e9dico-sociaux ;  \nVu la loi n\u00b02011 -2012 du 29 d\u00e9cembre 2011 relative au renforcement de la s\u00e9curit\u00e9 sanitaire du \nm\u00e9dicament et des produits de sant\u00e9 ayant modifi\u00e9 l'article L.145-1-1 du code de la sant\u00e9 publique \ndont les modalit\u00e9s sont fix\u00e9es par l'instruction n\u00b0DAJ/POLE DE ONTOLOGIE/2017/337 du 11 \nd\u00e9cembre 2017 concernant la mise en \u0153uvre des dispositions relatives \u00e0 la d\u00e9claration publique \nd'int\u00e9r\u00eat et \u00e0 la pr\u00e9vention des conflits d'int\u00e9r\u00eat dans les agences r\u00e9gionales de sant\u00e9 ; \n  \nAgence R\u00e9gionale de Sant\u00e9 - IDF-2025-12-03-00013 - Arr\u00eat\u00e9 2025-354 d\u00e9signant les membres non permanents pour la commission \nd'information et de s\u00e9lection d'appel \u00e0 projet social ou m\u00e9dico-social visant \u00e0 la cr\u00e9ation de plusieurs dispositifs organis\u00e9s en\nplateformes d'accompagnement  m\u00e9dicalis\u00e9es d'adultes pr\u00e9sentant des troubles du neurod\u00e9veloppement\n4\nExREPUBLIQUEFRAN\u00c7AISELibert\u00e9Egalit\u00e9Fraternit\u00e9\nSeine Sail DenisLE DEPARTEMENTAr\u00a9 D Agence R\u00e9gionale de Sant\u00e9lle-de-France\n \nVu le d\u00e9cret n\u00b0 2016-801 du 15 juin 2016 modifiant la proc\u00e9dure d'appel \u00e0 projets et d'autorisation \nmentionn\u00e9e \u00e0 l'article L 313-1-1 du code de l'action sociale et des familles ;  \nVu l'avis d'appel \u00e0 projet du 31 mars 2025 portant sur la cr\u00e9ation de plusieurs dispositifs organis\u00e9s \nen plateformes d'accompagnement m\u00e9dicalis\u00e9es pour adultes pr\u00e9sentant des troubles du \nneurod\u00e9veloppement ;  \n \nARR\u00caTENT \n \n \nARTICLE PREMIER -  \n \nSont d\u00e9sign\u00e9s, pour si\u00e9ger en qualit\u00e9 de membres non-permanents, avec voix consultative, de la \ncommission d'information et de s\u00e9lection d'appel \u00e0 projet social ou m\u00e9dico -social institu\u00e9e aupr\u00e8s \ndu Pr\u00e9sident du c onseil d\u00e9partemental de Seine -Saint-Denis et du Directeur g\u00e9n\u00e9ral de l'Agence \nr\u00e9gionale de sant\u00e9 d'\u00cele-de-France en application du d de l'article L.313-3 susvis\u00e9 : \n \n \nAu titre des repr\u00e9sentants des personnalit\u00e9s qualifi\u00e9es d\u00e9sign\u00e9es par le pr\u00e9sident ou conjointement \npar les copr\u00e9sidents de la commission en raison de leurs comp\u00e9tences dans le domaine de l'appel \n\u00e0 projet correspondant : \n \n - Sophie Audrain du R\u00e9seau de l'habitat partag\u00e9 et accompagn\u00e9 \n - Lydie Gibey du Centre r\u00e9gional d'\u00e9tudes d'actions et d'informations Ile-de-France \n \n \nAu titre des repr\u00e9sentants d'usagers sp\u00e9cialement concern\u00e9s par l'appel \u00e0 projet correspondant, \nd\u00e9sign\u00e9s par le pr\u00e9sident ou conjointement par les copr\u00e9sidents de la commission :  \n \n- Marie Schuster du Centre de ressources autisme Ile-de-France \n \n \nAu titre des personnels techniques du d\u00e9partement de la Seine-Saint-Denis :  \n \n- Ars\u00e8ne Bolouvi de la Maison d\u00e9partementale des personnes handicap\u00e9es \u2013 MDPH 93 \n \n \nAu titre des personnels techniques de l'Agence R\u00e9gionale de Sant\u00e9 :  \n \n- Jean-Philippe Natali de l'Agence r\u00e9gionale de sant\u00e9 \u00cele-de-France \n \nAu titre des personnels techniques du D\u00e9partement de Seine-Saint-Denis  \n \n- Emmanuelle Nez, du D\u00e9partement de la Seine-Saint-Denis \n \n \n  \nAgence R\u00e9gionale de Sant\u00e9 - IDF-2025-12-03-00013 - Arr\u00eat\u00e9 2025-354 d\u00e9signant les membres non permanents pour la commission \nd'information et de s\u00e9lection d'appel \u00e0 projet social ou m\u00e9dico-social visant \u00e0 la cr\u00e9ation de plusieurs dispositifs organis\u00e9s en\nplateformes d'accompagnement  m\u00e9dicalis\u00e9es d'adultes pr\u00e9sentant des troubles du neurod\u00e9veloppement\n5\nREPUBLIQUEFRANCAISELibert\u00e9Egalit\u00e9Fraternit\u00e9\nSeine Sail DenisLE DEPARTEMENTAr\u00a9 D Agence R\u00e9gionale de Sant\u00e9lle-de-France\n \nARTICLE 2. - Le mandat des membres non permanents est valable pour la s\u00e9ance de s\u00e9lection \nrelative \u00e0 l'avis et classement des projets d\u00e9pos\u00e9s dans le cadre de l'appel \u00e0 projets pour la cr\u00e9ation \nde plusieurs dispositifs organis\u00e9s en plateformes d'accompagnement m\u00e9dicalis\u00e9es pour adultes \npr\u00e9sentant des troubles du neurod\u00e9veloppement. \n \n \nARTICLE 3. - Le pr\u00e9sent arr\u00eat\u00e9 peut faire l'objet d'un recours devant le Tribunal administratif \ncomp\u00e9tent dans le d\u00e9lai de deux mois \u00e0 compter de sa publication. \n \n \nARTICLE 4. - Le pr\u00e9sent arr\u00eat\u00e9 sera notifi\u00e9 aux int\u00e9ress\u00e9s et publi\u00e9 au recueil des actes \nadministratifs de la Pr\u00e9fecture de la r\u00e9gion \u00cele-de-France et du d\u00e9partement de Seine-Saint-Denis.  \n \n \nARTICLE 5. - Monsieur le Directeur g\u00e9n\u00e9ral de l'Agence r\u00e9gionale de sant\u00e9 d'\u00cele -de-France et \nMonsieur le Pr\u00e9sident du Conseil d\u00e9partemental de Seine-Saint-Denis sont charg\u00e9s, chacun en ce \nqui le concerne, de l'ex\u00e9cution du pr\u00e9sent arr\u00eat\u00e9. \n \n \nFait \u00e0 Saint-Denis, le 02 d\u00e9c 2025  \n \n \n \nLe Directeur g\u00e9n\u00e9ral  \nde l'Agence r\u00e9gionale de sant\u00e9 \n\u00cele-de-France \n \n \n \n \n \nDenis ROBIN \n Pour le Pr\u00e9sident du Conseil d\u00e9partemental \nEt par d\u00e9l\u00e9gation \nLe Directeur g\u00e9n\u00e9ral  \ndes services du d\u00e9partement  \n \n \n \n \nOlivier VEBER \n                \nAgence R\u00e9gionale de Sant\u00e9 - IDF-2025-12-03-00013 - Arr\u00eat\u00e9 2025-354 d\u00e9signant les membres non permanents pour la commission \nd'information et de s\u00e9lection d'appel \u00e0 projet social ou m\u00e9dico-social visant \u00e0 la cr\u00e9ation de plusieurs dispositifs organis\u00e9s en\nplateformes d'accompagnement  m\u00e9dicalis\u00e9es d'adultes pr\u00e9sentant des troubles du neurod\u00e9veloppement\n6\nAgence R\u00e9gionale de Sant\u00e9\nIDF-2025-12-03-00011\nArr\u00eat\u00e9 n\u00b02025-353 fixant la composition de la\ncommission conjointe d'information et de\ns\u00e9lection d'appel \u00e0 projet social ou\nm\u00e9dico-social pour les projets autoris\u00e9s en\napplication du d\nde l'article L.313-3 du code de l'action sociale et\ndes familles\nAgence R\u00e9gionale de Sant\u00e9 - IDF-2025-12-03-00011 - Arr\u00eat\u00e9 n\u00b02025-353 fixant la composition de la commission conjointe\nd'information et de s\u00e9lection d'appel \u00e0 projet social ou m\u00e9dico-social pour les projets autoris\u00e9s en application du d\nde l'article L.313-3 du code de l'action sociale et des familles\n7\nExREPUBLIQUEFRAN\u00c7AISELibert\u00e9Egalit\u00e9Fraternit\u00e9\nSeine SdiNT DenisLE DEPARTEMENTAr\u00a9 D Agence R\u00e9gionale de Sant\u00e9\u00cele-de-France\n \n \nArr\u00eat\u00e9 n\u00b02025 \u2013 353  \nFixant la composition de la commission conjointe d'information et de s\u00e9lection \nd'appel \u00e0 projet social ou m\u00e9dico-social pour les projets autoris\u00e9s en application du d \nde l'article L.313-3 du code de l'action sociale et des familles \n \nLE DIRECTEUR GENERAL DE L'AGENCE REGIONALE DE SANTE \u00ceLE-DE-FRANCE  \nLE PRESIDENT DU CONSEIL D\u00c9PARTEMENTAL DE LA SEINE-SAINT-DENIS \n \nVu le code de l'action sociale et des familles, et notamment ses articles L.313 -1 et 3 et son \narticle R.313-1 ; \nVu le code g\u00e9n\u00e9ral des collectivit\u00e9s territoriales ; \nVu le code de la sant\u00e9 publique ; \nVu l'arr\u00eat\u00e9 n\u00b02023-26 du 3 mars 2023 fixant la composition de commission d'information et de \ns\u00e9lection d'appel \u00e0 projet social ou m\u00e9dico -social conjointe pour les projets autoris\u00e9s en \napplication de l'article L. 313-3 du code de l'action sociale et des familles. \n \nARRETENT \nARTICLE 1er - Sont d\u00e9sign\u00e9s, pour si\u00e9ger en qualit\u00e9 de membres permanents de la \ncommission d'information et de s\u00e9lection d'appel \u00e0 projet social ou m\u00e9dico -social institu\u00e9e \naupr\u00e8s du Pr\u00e9sident du Conseil d\u00e9partemental de Seine -Saint-Denis et du Directeur g\u00e9n\u00e9ral \nde l'Agence r\u00e9gionale de sant\u00e9 \u00cele-de-France en application du d de l'article L.313-3 susvis\u00e9 : \n1\u00b0 Membres avec voix d\u00e9lib\u00e9rative : \nCopr\u00e9sidents, sur le fondement de l'article R.313-1 II 4\u00b0 a) du Code de l'action sociale et des \nfamilles : \n \nAgence R\u00e9gionale de Sant\u00e9 - IDF-2025-12-03-00011 - Arr\u00eat\u00e9 n\u00b02025-353 fixant la composition de la commission conjointe\nd'information et de s\u00e9lection d'appel \u00e0 projet social ou m\u00e9dico-social pour les projets autoris\u00e9s en application du d\nde l'article L.313-3 du code de l'action sociale et des familles\n8\nExREPUBLIQUEFRAN\u00c7AISELibert\u00e9Egalit\u00e9Fraternit\u00e9\nSeine SdiNT DenisLE DEPARTEMENTAr\u00a9 D Agence R\u00e9gionale de Sant\u00e9\u00cele-de-France\n \n- Copr\u00e9sidence pour le Conseil d\u00e9partemental de Seine-Saint-Denis : \nTitulaire : Monsieur St\u00e9phane BLANCHET, V ice-pr\u00e9sident du Conseil d\u00e9partemental de \nSeine-Saint-Denis ; \nSuppl\u00e9ant : Madame Magalie THIBAU LT, V ice-pr\u00e9sidente du Conseil d\u00e9partemental de \nSeine-Saint-Denis en charge des solidarit\u00e9s et de la sant\u00e9. \n- Copr\u00e9sidence pour l'Agence r\u00e9gionale de sant\u00e9 \u00cele-de-France : \nTitulaire : Madame Emmanuelle LATOUR, Directrice de la D\u00e9l\u00e9gation D\u00e9partementale de \nSeine-Saint-Denis ; \nSuppl\u00e9ant : Monsieur Yann de KERGUENEC, Directeur  Adjoint de la D\u00e9l\u00e9gation \nD\u00e9partementale de Seine-Saint-Denis. \n \nMembres repr\u00e9sentants du D\u00e9partement de Seine-Saint-Denis, sur le fondement de l'article \nR.313-1 II 4\u00b0 a) du Code de l'action sociale et des familles : \nTitulaire : Madame Elodie SEVEN, Directrice de la Direction de l'autonomie ; \nSuppl\u00e9ant : Madame Leonor CORTES, Directrice Adjointe de la Direction de l'autonomie ; \nTitulaire : Madame Myriam BOUALI, Directrice de la Direction de l'enfance et de la famille ; \nSuppl\u00e9ant : Madame Louise VERON, Cheffe de service de l'offre m\u00e9dico-sociale. \n \nMembres repr\u00e9sentants de l'Agence r\u00e9gionale de sant\u00e9 d'\u00cele-de-France, sur le fondement de \nl'article R.313-1 II 4\u00b0 a) du Code de l'action sociale et des familles : \nAgence R\u00e9gionale de Sant\u00e9 - IDF-2025-12-03-00011 - Arr\u00eat\u00e9 n\u00b02025-353 fixant la composition de la commission conjointe\nd'information et de s\u00e9lection d'appel \u00e0 projet social ou m\u00e9dico-social pour les projets autoris\u00e9s en application du d\nde l'article L.313-3 du code de l'action sociale et des familles\n9\nExREPUBLIQUEFRAN\u00c7AISELibert\u00e9Egalit\u00e9Fraternit\u00e9\nSeine SdiNT DenisLE DEPARTEMENTAr\u00a9 D Agence R\u00e9gionale de Sant\u00e9\u00cele-de-France\n \nTitulaire : Madame L\u00e9a CAMUS, Responsable du D\u00e9partement organisation de l'offre  \npersonnes handicap\u00e9es; \nSuppl\u00e9ant : Madame Paulin e CAU, Responsable adjointe du D \u00e9partement organisation de \nl'offre personnes handicap\u00e9es ; \nTitulaire : Madame Nathalie MONTANGON, Responsable du D \u00e9partement autonomie de la \nD\u00e9l\u00e9gation d\u00e9partementale de Seine-Saint-Denis ; \nSuppl\u00e9ant : Madame Sabrina BELHADJ, Responsable du D\u00e9partement Pr\u00e9vention \nPromotion de la sant\u00e9 de la D\u00e9l\u00e9gation d\u00e9partementale de Seine-Saint-Denis. \n \nMembres repr\u00e9sentants d'usagers, d\u00e9sign\u00e9s conjointement par le Pr\u00e9sident du Conseil \nd\u00e9partemental de Seine-Saint-Denis et par le Directeur g\u00e9n\u00e9ral de l'Agence r\u00e9gionale de sant\u00e9 \n\u00cele-de-France, sur proposition de Conseil d\u00e9partemental de la Citoyennet\u00e9 et de l'Autonomie, \nsur le fondement de l'article R.313-1 II 4\u00b0 b) du Code de l'action sociale et des familles : \n- Repr\u00e9sentants d'associations de retrait\u00e9s et de personnes \u00e2g\u00e9es \nTitulaire : Monsieur Daniel GARNESSON, CFE-CGC ; \nTitulaire : Madame Diane GOLI, France b\u00e9n\u00e9volat 93 ; \nTitulaire : Monsieur Philippe PINGLIN, UTR CFDT 93. \n \n- Repr\u00e9sentants d'associations de personnes handicap\u00e9es \nTitulaire : Madame Pascaline MARCHAND, France Parkinson ; \nTitulaire : Monsieur Serge HULIN, APAJH 93 ; \nTitulaire : Monsieur Jean Alain STEINFELD, ARPEI. \n \n  \nAgence R\u00e9gionale de Sant\u00e9 - IDF-2025-12-03-00011 - Arr\u00eat\u00e9 n\u00b02025-353 fixant la composition de la commission conjointe\nd'information et de s\u00e9lection d'appel \u00e0 projet social ou m\u00e9dico-social pour les projets autoris\u00e9s en application du d\nde l'article L.313-3 du code de l'action sociale et des familles\n10\nExREPUBLIQUEFRAN\u00c7AISELibert\u00e9Egalit\u00e9Fraternit\u00e9\nSeine SdiNT DenisLE DEPARTEMENTAr\u00a9 D Agence R\u00e9gionale de Sant\u00e9\u00cele-de-France\n \n2\u00b0 Membres avec voix consultative : \nAu titre de la repr\u00e9sentation des unions, f\u00e9d\u00e9rations ou groupements repr\u00e9sentatifs des \npersonnes morales gestionnaires des \u00e9tablissements et services sociaux et m\u00e9dico -sociaux \net des lieux de vie et d'accueil sur le fondement de l'article R.313 -1 III 1\u00b0 du Code de l'action \nsociale et des familles : \nTitulaire : Monsieur Vincent DENNERY, NEXEM ; \nSuppl\u00e9ant : Monsieur Marcel ARCELAIN, ANECAMSP ; \nTitulaire : Madame Charlotte LEBRUN, URIOPSS IDF ; \nSuppl\u00e9ant : Monsieur Gabriel N'GNAMA, FEHAP. \n \nARTICLE 2. - Le mandat des membres de la commission mentionn\u00e9e \u00e0 l'article 1er ci-dessus \nest de trois ans. Le membre de la commission qui, au cours de son mandat, d\u00e9c\u00e8de, \nd\u00e9missionne ou perd la qualit\u00e9 de titre de laquelle il a \u00e9t\u00e9 d\u00e9sign\u00e9 est remplac\u00e9 pour la dur\u00e9e \ndu mandat restant \u00e0 courir par une personne d\u00e9sign\u00e9e dans les m\u00eames conditions.  \nARTICLE 3. - Pour chaque appel \u00e0 projet, les copr\u00e9sidents de la commission d\u00e9signent par \nun arr\u00eat\u00e9 sp\u00e9cifique pour si\u00e9ger en qualit\u00e9 de membres non permanents avec voix consultative \nde la commission mentionn\u00e9e \u00e0 l'article 1er du pr\u00e9sent arr\u00eat\u00e9 : \n- deux personnalit\u00e9s qualifi\u00e9es choisies en raison de leurs comp\u00e9tences dans le domaine de \nl'appel \u00e0 projet correspondant ; \n- au plus deux repr\u00e9sentants d'usagers sp\u00e9cialement concern\u00e9s par l'appel \u00e0 projet \ncorrespondant ; \n- au plus quatre personnels des services techniques, comptables ou financiers du Conseil \nd\u00e9partemental de Seine-Saint-Denis et de l'Agence r\u00e9gionale de sant\u00e9 \u00cele-de-France. \n \nIls se voient notifier leur d\u00e9signation au plus tard quinze jours avant la r\u00e9union de la \ncommission d'information et de s\u00e9lection d'appel \u00e0 projet social ou m\u00e9dico-social. \nARTICLE 4. - Le pr\u00e9sent arr\u00eat\u00e9 peut faire l'objet d'un recours devant le Tribunal administratif \ncomp\u00e9tent dans le d\u00e9lai de deux mois \u00e0 compter de sa publication. \n \nARTICLE 5. - Le pr\u00e9sent arr\u00eat\u00e9 sera notifi\u00e9 aux int\u00e9ress\u00e9s et publi\u00e9 au recueil des actes \nadministratifs des Pr\u00e9fectures de la r\u00e9gion \u00cele-de-France et du D \u00e9partement de Seine-Saint-\nDenis ainsi qu'au recueil des actes administratifs du D\u00e9partement de Seine-Saint-Denis. \nAgence R\u00e9gionale de Sant\u00e9 - IDF-2025-12-03-00011 - Arr\u00eat\u00e9 n\u00b02025-353 fixant la composition de la commission conjointe\nd'information et de s\u00e9lection d'appel \u00e0 projet social ou m\u00e9dico-social pour les projets autoris\u00e9s en application du d\nde l'article L.313-3 du code de l'action sociale et des familles\n11\nEnREPUBLIQUEFRAN\u00c7AISELibert\u00e9Egalit\u00e9Fraternit\u00e9\nSeine SdiNT DenisLE DEPARTEMENTAr\u00a9 D Agence R\u00e9gionale de Sant\u00e9Ile-de-France\n \nARTICLE 6. - Monsieur le Directeur g\u00e9n\u00e9ral de l'Agence r\u00e9gionale de sant\u00e9 \u00cele-de-France et \nMonsieur le Pr\u00e9sident du Conseil d\u00e9partemental de Seine -Saint-Denis sont charg\u00e9s, chacun \nen ce qui le concerne, de l'ex\u00e9cution du pr\u00e9sent arr\u00eat\u00e9. \n \nFait \u00e0 Saint-Denis, le 03 d\u00e9cembre 2025 \n \n \nLe Directeur g\u00e9n\u00e9ral  \nde l'Agence r\u00e9gionale de sant\u00e9 \n\u00cele-de-France \n \n \n \nDenis ROBIN \n Le Pr\u00e9sident du Conseil d\u00e9partemental \nDe Seine-Saint-Denis \n \n \n \n \nSt\u00e9phane TROUSSEL \n \nAgence R\u00e9gionale de Sant\u00e9 - IDF-2025-12-03-00011 - Arr\u00eat\u00e9 n\u00b02025-353 fixant la composition de la commission conjointe\nd'information et de s\u00e9lection d'appel \u00e0 projet social ou m\u00e9dico-social pour les projets autoris\u00e9s en application du d\nde l'article L.313-3 du code de l'action sociale et des familles\n12\nAgence R\u00e9gionale de Sant\u00e9  - D\u00e9l\u00e9gation\nD\u00e9partementale de la Seine Saint-Denis\nIDF-2025-12-03-00012\nArr\u00eat\u00e9 n\u00b02025-018 du 3 d\u00e9cembre 2025\nportant modification de l'arr\u00eat\u00e9 n\u00b02024-017 du\n02 d\u00e9cembre 2024 fixant la composition du\nconseil de surveillance de l'Etablissement Public\nde Sant\u00e9 Ville-Evrard\nAgence R\u00e9gionale de Sant\u00e9  - D\u00e9l\u00e9gation D\u00e9partementale de la Seine Saint-Denis - IDF-2025-12-03-00012 - Arr\u00eat\u00e9 n\u00b02025-018 du 3\nd\u00e9cembre 2025\nportant modification de l'arr\u00eat\u00e9 n\u00b02024-017 du 02 d\u00e9cembre 2024 fixant la composition du conseil de surveillance de l'Etablissement\nPublic de Sant\u00e9 Ville-Evrard\n13\nREPUBLIQUEFRANCAISELibert\u00e9Egalit\u00e9Fraternit\u00e9 Ar@ D Agence R\u00e9gionale de Sant\u00e9\u00cele-de-France\n \nPage 1 sur 3 \n \nARRETE n\u00b02025-018 \nportant modification de l'arr\u00eat\u00e9 n\u00b02024-017 du 02 d\u00e9cembre 2024 \n fixant la composition du conseil de surveillance  \nde l'Etablissement Public de Sant\u00e9 Ville-Evrard  \n \n \nVU le code de la sant\u00e9 publique, notamment ses articles L. 6143-5, L. 6143-6, R. 6143-1 \u00e0 R. 6143-\n4 et R. 6143-12 ; \n \nVU la loi n\u00b02009 -879 du 21 juillet 2009 portant r\u00e9forme de l'h\u00f4pital et relative aux patients, \u00e0 la \nsant\u00e9 et aux territoires ; \n \nVU la loi n\u00b02014 -58 du 27 janvier 2014 de modernisation de l'action publique territoriale et \nd'affirmation des m\u00e9tropoles (MAPTAM) ;  \n \nVU la loi du 7 ao\u00fbt 2015 portant nouvelle organisation territoriale de la R\u00e9publique relative \u00e0 la \ncr\u00e9ation de nouvelles intercommunalit\u00e9s ; \n \nVU le d\u00e9cret n\u00b02010-336 du 31 mars 2010 portant cr\u00e9ation des agences r\u00e9gionales de sant\u00e9 ;  \n \nVU le d\u00e9cret n\u00b02010 -361 du 8 avril 2010 relatif aux conseils de surveillance des \u00e9tablissements \npublics de sant\u00e9 ; \n \nVU le d\u00e9cret du 10 avril 2024 portant nomination de Monsieur Denis ROBIN, directeur g\u00e9n\u00e9ral de \nl'agence r\u00e9gionale de sant\u00e9 Ile-de-France \u00e0 compter du 29 avril 2024 ;  \n \nVU l'arr\u00eat\u00e9 N\u00b0 DS 014/2025 du 12 juin 2025 de Monsieur le directeur g\u00e9n\u00e9ral de l'agence r\u00e9gionale \nde sant\u00e9 Ile -de-France portant d\u00e9l\u00e9gation de signature \u00e0 Madame Emmanuelle LATOUR, \ndirectrice de la d\u00e9l\u00e9gation d\u00e9partementale de la Seine-Saint-Denis ; \n \nVU l'arr\u00eat\u00e9 n\u00b02024-017 du 02 d\u00e9cembre 2024 du directeur g\u00e9n\u00e9ral de l'Agence r\u00e9gionale de s ant\u00e9 \nIle-de-France fixant la composition du conseil de surveillance de l'\u00e9tablissement public de sant\u00e9 \nVille-Evrard ; \n \nVU  le courrier du syndicat CGT en date du 16 octobre 2025 informant du remplacement de M. \nThierry LEGRAND par Madame \u00c9va TEMOIN ; \n \nVU  le compte -rendu de la CSIRMT du mercredi 24 septembre 2025, portant \u00e9lection de Mme \nAur\u00e9lia HORPIN ;  \n \nVU  le courriel de Mme Sabine BELLIARD en date du 15 septembre 2025 acceptant de si\u00e9ger au \nconseil de surveillance de Ville-Evrard ; \n \n \n \nARRETE \n \n \nARTICLE 1er : L'\u00e9tablissement public de sant\u00e9 Ville-Evrard (202, avenue Jean Jaur\u00e8s 93332 Neuilly \nsur Marne Cedex) est un \u00e9tablissement public de sant\u00e9 de ressort d\u00e9partemental dont le conseil de \nsurveillance est compos\u00e9 de quinze membres. \n \n \nAgence R\u00e9gionale de Sant\u00e9  - D\u00e9l\u00e9gation D\u00e9partementale de la Seine Saint-Denis - IDF-2025-12-03-00012 - Arr\u00eat\u00e9 n\u00b02025-018 du 3\nd\u00e9cembre 2025\nportant modification de l'arr\u00eat\u00e9 n\u00b02024-017 du 02 d\u00e9cembre 2024 fixant la composition du conseil de surveillance de l'Etablissement\nPublic de Sant\u00e9 Ville-Evrard\n14\nPage 2 sur 3 \n \n \nARTICLE 2 : La composition  du conseil de surveillance de  l'\u00e9tablissement public de sant\u00e9 Ville -\nEvrard, telle que fix\u00e9e par l'arr\u00eat\u00e9 n\u00b0 202 4-017 du directeur g\u00e9n\u00e9ral de l'Agence r\u00e9gionale de sant\u00e9 \nIle-de-France en date du 02 d\u00e9cembre 2024 est modifi\u00e9e comme suit : \n \n \n2\u00b0 en qualit\u00e9 de repr\u00e9sentants du personnel m\u00e9dical et non m\u00e9dical  \n \n - Mme Aur\u00e9lia HORPIN , repr\u00e9sentant la commission de soins infir miers, de r\u00e9\u00e9ducation et \nm\u00e9dicotechniques ;  \n \n -   Mme \u00c9va TEMOIN (CGT), repr\u00e9sentants d\u00e9sign\u00e9s par les organisations syndicales ;  \n \n \n3\u00b0 en qualit\u00e9 de personnalit\u00e9s qualifi\u00e9es  \n \n-  Madame Sabine BELLIARD, Psychologue et membre de la CPTS de Gagny , personnalit\u00e9 qualifi\u00e9e \nd\u00e9sign\u00e9e par le Pr\u00e9fet de la Seine-Saint-Denis. \n \n \nLes autres dispositions de l'arr\u00eat\u00e9 n\u00b0 2024-017 demeurent inchang\u00e9es. La composition compl\u00e8te du \nconseil de surveillance de l'\u00e9tablissement public de sant\u00e9 Ville -Evrard tenant compte de ces \nmodifications est rappel\u00e9e en annexe jointe au pr\u00e9sent arr\u00eat\u00e9. \n \n \nARTICLE 3 : La dur\u00e9e des fonctions des membres du conseil de surveillance est fix\u00e9e \u00e0 cinq ans sous \nr\u00e9serve des dispositions particuli\u00e8res pr\u00e9vues \u00e0 l'article R. 6143-12 du code de la sant\u00e9 publique. \n \n \nARTICLE 4 : Un recours contre le pr\u00e9sent arr\u00eat\u00e9 peut \u00eatre form\u00e9 aupr\u00e8s du Tribunal administratif \nterritorialement comp\u00e9tent dans un d\u00e9lai de deux mois \u00e0 compter de la notification du pr\u00e9sent arr\u00eat\u00e9. A \nl'\u00e9gard des tiers, ces d\u00e9lais courent \u00e0 compter de la date de publication de la d\u00e9cision au recueil des \nactes administratifs de la pr\u00e9fecture de la Seine-Saint-Denis. \n \n \nARTICLE 5 : Le Directeur g\u00e9n\u00e9ral de l'Agence r\u00e9gionale de s ant\u00e9 Ile-de-France est charg\u00e9 de \nl'ex\u00e9cution du pr\u00e9s ent arr\u00eat\u00e9, qui sera publi\u00e9 au r ecueil des actes administratifs de la R\u00e9gion et au \nrecueil des actes administratifs de la Seine-Saint-Denis. \n \n \nFait \u00e0 Saint-Denis, le 03/12/2025 \n \nPour le Directeur g\u00e9n\u00e9ral de l'Agence R\u00e9gionale  \nde Sant\u00e9 d'Ile-de-France \n \n \nLe Directeur adjoint de la D\u00e9l\u00e9gation d\u00e9partementale  \nde Seine-Saint-Denis \n \nSIGNE \n \n \nYann de KERGUENEC \nAgence R\u00e9gionale de Sant\u00e9  - D\u00e9l\u00e9gation D\u00e9partementale de la Seine Saint-Denis - IDF-2025-12-03-00012 - Arr\u00eat\u00e9 n\u00b02025-018 du 3\nd\u00e9cembre 2025\nportant modification de l'arr\u00eat\u00e9 n\u00b02024-017 du 02 d\u00e9cembre 2024 fixant la composition du conseil de surveillance de l'Etablissement\nPublic de Sant\u00e9 Ville-Evrard\n15\nPage 3 sur 3 \n \n \n \n \nANNEXE DE L'ARRETE n\u00b0 2025-018 \n \nComposition du conseil de surveillance  \nde l'\u00e9tablissement public de sant\u00e9 Ville-Evrard \u00e0 Neuilly-sur-Marne \n \n \n \n1\u00b0 en qualit\u00e9 de repr\u00e9sentants des collectivit\u00e9s territoriales : \n \n- M. Zartoshte BAKHTIARI , maire de Neuilly -sur-Marne, commune si\u00e8ge de l'\u00e9tablissement \nprincipal ; \n \n- M. Laurent RUSSIER et M. Rolin CRANOLY, repr\u00e9sentant la M\u00e9tropole du Grand Paris ; \n \n- Mme Magalie THIBAULT, repr\u00e9sentant le Pr\u00e9sident du Conseil d\u00e9partemental de la Seine -Saint-\nDenis et M. Pierre LAPORTE, repr\u00e9sentant le Conseil d\u00e9partemental de la Seine-Saint-Denis ; \n \n \n2\u00b0 en qualit\u00e9 de repr\u00e9sentants du personnel m\u00e9dical et non m\u00e9dical  \n \n- Mme Aur\u00e9lia HORPIN , repr\u00e9sentant la commission de soins infir miers, de r\u00e9\u00e9ducation et \nm\u00e9dicotechniques ;  \n \n- Dr Marie-Christine BEAUCOUSIN (cheffe du p\u00f4le 93G01 et 93G02)  et Dr Ligia GORINI, (cheffe \ndu p\u00f4le 93I02), repr\u00e9sentant la commission m\u00e9dicale d'\u00e9tablissement ; \n \n- M. Christophe LEMARCHAND (SUD) et Mme \u00c9va TEMOIN (CGT), repr\u00e9sentants d\u00e9sign\u00e9s par \nles organisations syndicales ;  \n \n \n3\u00b0 en qualit\u00e9 de personnalit\u00e9s qualifi\u00e9es  \n \n-  M. Maxence DELAPORTE (Habitat Logement) et M. G\u00e9rard PERRIER ( CDCA), personnalit\u00e9s \nqualifi\u00e9es d\u00e9sign\u00e9es par le Directeur G\u00e9n\u00e9ral de l'agence r\u00e9gionale de sant\u00e9 ;  \n \n- M. Jean-Paul LE BRONNEC (UNAFAM 93), et Mme Aline SALANIER (UDAF 93) repr\u00e9sentants \ndes usagers d\u00e9sign\u00e9s par le Pr\u00e9fet de la Seine-Saint-Denis ;  \n \n- Madame Sabine BELLIARD, Psychologue et membre de la CPTS de Gagny,  personnalit\u00e9 \nqualifi\u00e9e d\u00e9sign\u00e9e par le Pr\u00e9fet de la Seine-Saint-Denis. \n \n \nAgence R\u00e9gionale de Sant\u00e9  - D\u00e9l\u00e9gation D\u00e9partementale de la Seine Saint-Denis - IDF-2025-12-03-00012 - Arr\u00eat\u00e9 n\u00b02025-018 du 3\nd\u00e9cembre 2025\nportant modification de l'arr\u00eat\u00e9 n\u00b02024-017 du 02 d\u00e9cembre 2024 fixant la composition du conseil de surveillance de l'Etablissement\nPublic de Sant\u00e9 Ville-Evrard\n16","date":"2025-12-05","first_seen_on":"2025-12-05T20:15:31+00:00","id":"354e56ea3574b813c34ae5928ed9db9ff672b6b88cdf3fd968b842e2dc34a108","name":"recueil-idf-018-2025-12-RAA-nominatifs du 05.12.2025","pdf_creation_date":"2025-12-05T16:09:58+00:00","pdf_modification_date":null,"timezone":"Europe/Paris","url":"https://www.prefectures-regions.gouv.fr/ile-de-france/irecontenu/telechargement/133412/978341/file/recueil-idf-018-2025-12-RAA-nominatifs%20du%2005.12.2025.pdf"}
