{"administration":"pref80","administration_name":"Pr\u00e9fecture de la Somme","content":"PR\u00c9FET\nDE LA SOMME\nRECUEIL DES ACTES\nADMINISTRATIFS SP\u00c9CIAL\n(NOMINATIFS)\nN\u00b02025-005\nPUBLI\u00c9 LE  7 JANVIER 2025\nSommaire\nDirection des Douanes /\n80-2025-01-06-00003 - Fermeture d\u00e9finitive d'un d\u00e9bit de tabac\nordinaire permanent. (1 page) Page 3\nDirection interd\u00e9partementale des routes Nord-Ouest / P\u00f4le juridique\n80-2025-01-06-00002 - Arr\u00eat\u00e9 n\u00b0 2025-14 portant subd\u00e9l\u00e9gation de\nsignature en mati\u00e8re de gestion du domaine public et de police de la\ncirculation pour le d\u00e9partement de la Somme (2 pages) Page 5\n2\nDirection des Douanes\n80-2025-01-06-00003\nFermeture d\u00e9finitive d'un d\u00e9bit de tabac\nordinaire permanent.\nDirection des Douanes - 80-2025-01-06-00003 - Fermeture d\u00e9finitive d'un d\u00e9bit de tabac ordinaire permanent. 3\nDIRECTION  REGIONALE  DES  DOUANES  D'AMIENS\nObjet  : Fermeture  d\u00e9finitive  d'un  d\u00e9bit  de tabac  ordinaire  permanent.\nVu l'article  8 du d\u00e9cret  n\u00b02010-720  du 28 juin  2010  relatif  \u00e0 l'exercice  du monopole  de la vente  au d\u00e9tail  des tabacs\nmanufactur\u00e9s  ; |\nVu l'article  568  du code  g\u00e9n\u00e9ral  des imp\u00f4ts  et 289841  de l'annexe  II du m\u00eame  code  ;\nARR\u00caTE\nArticle  1\u00b0 : Il est d\u00e9cid\u00e9  la fermeture  d\u00e9finitive  du d\u00e9bit  de tabac  ordinaire  permanent  n\u00b08000272F,  situ\u00e9  60, rue de\nMaurepas  \u00e0 Cl\u00e9ry  sur Somme  (80)  \u00e0 compter  du 31/12/2024.\nUne  information  sera  effectu\u00e9e  aupr\u00e8s  de la F\u00e9d\u00e9ration  d\u00e9partementale  des d\u00e9bitants  de tabac  de la Somme.\nArticle  2 : Le pr\u00e9sent  arr\u00eat\u00e9  sera  publi\u00e9  au recueil  des actes  administratifs  de la pr\u00e9fecture.\nN\u00b0 VJ/2025/015\nFait  a Amiens,  le 6 janvier  2025\nLe directeur  interr\u00e9gional  des douanes  et des\ndroits  indirects  des Hauts  de France\npar d\u00e9l\u00e9gation\nLa cheffe  du Pale Action Economique\nANNE  LADURE\nDirection des Douanes - 80-2025-01-06-00003 - Fermeture d\u00e9finitive d'un d\u00e9bit de tabac ordinaire permanent. 4\nDirection interd\u00e9partementale des routes\nNord-Ouest\n80-2025-01-06-00002\nArr\u00eat\u00e9 n\u00b0 2025-14 portant subd\u00e9l\u00e9gation de\nsignature en mati\u00e8re de gestion du domaine\npublic et de police de la circulation pour le\nd\u00e9partement de la Somme\nDirection interd\u00e9partementale des routes Nord-Ouest - 80-2025-01-06-00002 - Arr\u00eat\u00e9 n\u00b0 2025-14 portant subd\u00e9l\u00e9gation de signature\nen mati\u00e8re de gestion du domaine public et de police de la circulation pour le d\u00e9partement de la Somme 5\n| 3 Direction  interd\u00e9partementale\nMINISTERE  des routes  Nord-Ouest\nDU PARTENARIAT\nAVEC  LES  TERRITOIRES\nET DE LA DECENTRALISATION\nLibert\u00e9\n\u00c9galit\u00e9\nFraternit\u00e9\nArr\u00eat\u00e9  n\u00b0 2025-14  portant  subd\u00e9l\u00e9gation  de signature\nen mati\u00e8re  de gestion  du domaine  public  et de police  de la circulation\npour  le d\u00e9partement  de la Somme\nLe directeur  interd\u00e9partemental  des  routes  Nord-Ouest\n\u2014 le code  des  relations  entre  le public  et l'administration,  notamment  son  article  L.221-2  ;\n- la loi n\u00b082-213  du 2 mars  1982  modifi\u00e9e  relative  aux  droits  et libert\u00e9s  des  communes,  des\nd\u00e9partements  et des r\u00e9gions  :\n- le d\u00e9cret  n\u00b02004-374  du 29 avril  2004  modifi\u00e9  relatif  aux  pouvoirs  des  pr\u00e9fets,  \u00e0 l'organisation  et \u00e0\nl'action  des services  de l'\u00c9tat  dans  les r\u00e9gions  et d\u00e9partements  :\n-\u2014 le d\u00e9cret  n\u00b02015-510  du 7 mai 2015  portant  charte  de la d\u00e9concentration  ;\n- le d\u00e9cret  n\u00b02004-374  du 29 avril  2004  modifi\u00e9  relatif  aux  pouvoirs  des pr\u00e9fets,  \u00e0 l'organisation  et \u00e0\nl'action  des services  de l'Etat  dans  les r\u00e9gions  et d\u00e9partements  ;\n- l'arr\u00eat\u00e9  de la ministre  de la transition  \u00e9cologique  et de la coh\u00e9sion  des territoires  en date  du 22 juin\n2022  portant  nomination  de M. Pascal  GABET,  ing\u00e9nieur  en chef  des ponts,  des eaux  et des for\u00eats,\ndirecteur  interd\u00e9partemental  des  routes  Nord-Ouest  \u00e0 compter  du 1er ao\u00fbt  2022  ;\n- le d\u00e9cret  n\u00b02015-510  du 7 mai 2015  portant  charte  de la d\u00e9concentration  ;\n\u2014 l'arr\u00eat\u00e9  du pr\u00e9fet  de la r\u00e9gion  Haute-Normandie,  pr\u00e9fet  de la Seine-Maritime,  pr\u00e9fet  coordonnateur  des\nitin\u00e9raires  routiers  en date  du 21 juin  2006  fixant  l'organisation  de la direction  interd\u00e9partementale  des\nroutes  Nord-Ouest  et l'arr\u00eat\u00e9  en date  du 30 mai 2024  portant  r\u00e9organisation  de la direction\ninterd\u00e9partementale  des  routes  Nord-Ouest  au 15 juin 2024  :\n- l'arr\u00eat\u00e9  du pr\u00e9fet  de la Somme,  M. Rollon  MOUCHEL-BLAISOT  en date  du 24 juillet  2023  portant\nd\u00e9l\u00e9gation  de signature  \u00e0 M. Pascal  GABET,  directeur  interd\u00e9partemental  des routes  Nord-Ouest  ;\n- l'organigramme  du service  ;\nARRETE\nArticle  1er :\nEn cas d'absence  ou d'emp\u00e9chement  de M. Pascal  GABET,  directeur  interd\u00e9partemental  des routes\nNord-Ouest,  subd\u00e9l\u00e9gation  de signature  est donn\u00e9e  \u00e0 M. Michael  LANGLET,  directeur  adjoint\nexploitation  et \u00e0 M. Arnaud  LE COGUIC,  directeur  adjoint  ing\u00e9nierie.\nImmeuble  Abaquesne\n97, boulevard  de l'Europe  \u2014 CS 61141  \u2014 76175  ROUEN  Cedex  1\nT\u00e9l : 33(0)2  76 00 03 31\nwww.dir.nord-ouest.developpement-durable.  gouv.fr\n1/2\nDirection interd\u00e9partementale des routes Nord-Ouest - 80-2025-01-06-00002 - Arr\u00eat\u00e9 n\u00b0 2025-14 portant subd\u00e9l\u00e9gation de signature\nen mati\u00e8re de gestion du domaine public et de police de la circulation pour le d\u00e9partement de la Somme 6\nArticle  2 :\nSubd\u00e9l\u00e9gation  est donn\u00e9e  dans  la limite  de leurs  attributions  \u00e0 :\n- Nelson  GONCALVES,  chef  du service  des  politiques  et des techniques,  \u00e0 l'effet  de signer  les\nd\u00e9cisions  vis\u00e9es  aux  points  1.1 \u00e0 1.11  - 2.1 \u00e0 2.13  de l'arr\u00eat\u00e9  pr\u00e9fectoral  susvis\u00e9\n\u2014 H\u00e9l\u00e8ne  BUHOT,  adjointe  au chef  du service  des politiques  et des techniques,  \u00e0 l'effet  de signer  les\nd\u00e9cisions  vis\u00e9es  aux points  1.1 \u00e0 1.11 - 2.1 \u00e0 2.13  de l'arr\u00eat\u00e9  pr\u00e9fectoral  susvis\u00e9\n- Nicolas  CADIC,  secr\u00e9taire  g\u00e9n\u00e9ral,  \u00e0 l'effet  d'exercer  les comp\u00e9tences  pr\u00e9vues  aux  points  3.1 et 3.2\nde l'arr\u00eat\u00e9  pr\u00e9fectoral  susvis\u00e9  et de signer  les actes  relatifs  \u00e0 la proc\u00e9dure  vis\u00e9e  au 1.12  de l'arr\u00eat\u00e9\npr\u00e9fectoral  susvis\u00e9\n\u2014 Franck  GOUEL,  adjoint  au secr\u00e9taire  g\u00e9n\u00e9ral,  \u00e0 l'effet  d'exercer  les comp\u00e9tences  pr\u00e9vues  aux  points\n3.1 et 3.2 de l'arr\u00eat\u00e9  pr\u00e9fectoral  susvis\u00e9  et de signer  les actes  relatifs  \u00e0 la proc\u00e9dure  vis\u00e9e  au 1.12  de\nl'arr\u00eat\u00e9  pr\u00e9fectoral  susvis\u00e9\n\u2014 Oph\u00e9lie  MOTTIER,  chefffe  du district  de Rouen,  \u00e0 l'effet  de signer  les d\u00e9cisions  vis\u00e9es  aux  points  1.1\n-1.2-1.4  \u00e0 1.10  - 2.7 \u00e0 2.9 - 2.11  et 3.2 de l'arr\u00eat\u00e9  pr\u00e9fectoral  susvis\u00e9\n- Guillaume  BIARD,  adjoint  \u00e0 la cheffe  du district  de Rouen,  \u00e0 l'effet  de signer  les d\u00e9cisions  vis\u00e9es  aux\npoints  1.1 - 1.2 - 1.4 \u00e0 1.10  - 2.7 \u00e0 2.9 - 2.11et  3.2 de l'arr\u00eat\u00e9  pr\u00e9fectoral  susvis\u00e9\n- S\u00e9bastien  HARDY,  adjoint  \u00e0 la cheffe  du district  de Rouen  en charge  de l'exploitation,  \u00e0 l'effet  de\nsigner  les d\u00e9cisions  vis\u00e9es  aux  points  1.1 - 1.2 - 1.4 \u00e0 1.10  - 2.7 \u00e0 2.9 - 2.11  de l'arr\u00eat\u00e9  pr\u00e9fectoral\nsusvis\u00e9\n- Flora  BERTIAUX,  cheffe  du p\u00f4le  juridique,  \u00e0 l'effet  d'exercer  la comp\u00e9tence  pr\u00e9vue  au point  4.1 de\nl'arr\u00eat\u00e9  pr\u00e9fectoral  susvis\u00e9  et \u00e0 signer  les actes  relatifs  \u00e0 la proc\u00e9dure  vis\u00e9e  au 1.12  de l'arr\u00eat\u00e9\npr\u00e9fectoral  susvis\u00e9\n- Ana-Maria  OLIVEIRA,  adjointe  \u00e0 la cheffe  du p\u00f4le  juridique,  \u00e0 l'effet  de signer  les actes  relatifs  \u00e0 la\nproc\u00e9dure  vis\u00e9e  au 1.12  de l'arr\u00eat\u00e9  pr\u00e9fectoral  susvis\u00e9\nArticle  3 :\nLe pr\u00e9sent  arr\u00eat\u00e9  peut  faire  l'objet  d'un  recours  devant  le tribunal  administratif  d'Amiens,  dans  un d\u00e9lai\nde deux  mois,  \u00e0 compter  de sa publication.\nArticle  4 :\nLe directeur  interd\u00e9partemental  des  routes  Nord-Ouest  est charg\u00e9  de l'ex\u00e9cution  du pr\u00e9sent  arr\u00eat\u00e9  \u00e0\ncompter  de sa publication  au recueil  des  actes  administratifs  de la pr\u00e9fecture  de la Somme.\nRouen,  le 06/01/2025\nPour  le pr\u00e9fet  de la Somme\net par d\u00e9l\u00e9gation,\nLe directeur  AT  a routes  Nord-Ouest\nD\nscal ABET\nImmeuble  Abaquesne\n97, boulevard  de l'Europe  \u2014 CS 61141  \u2014 76175  ROUEN  Cedex  1\nT\u00e9l : 33(0)2  76 00 03 31\nwww.  dir.nord-ouest.developpement-durable.gouv.fr\nDirection interd\u00e9partementale des routes Nord-Ouest - 80-2025-01-06-00002 - Arr\u00eat\u00e9 n\u00b0 2025-14 portant subd\u00e9l\u00e9gation de signature\nen mati\u00e8re de gestion du domaine public et de police de la circulation pour le d\u00e9partement de la Somme 7","date":"2025-01-07","first_seen_on":"2025-01-07T19:19:08+00:00","id":"358639c43843926c77eb1bc2f81fdf6168deb3c35ed9d6bcde1fcca8876f9ba7","name":"RAA N\u00b05 sp\u00e9cial (nominatif) du 07 janvier 2025","pdf_creation_date":"2025-01-07T18:47:06+00:00","pdf_modification_date":null,"timezone":"CET","url":"https://www.somme.gouv.fr/contenu/telechargement/50604/335936/file/recueil-2025-005-recueil-des-actes-administratifs-nominatifs.pdf"}
