{"administration":"pref69","administration_name":"Pr\u00e9fecture du Rh\u00f4ne","content":"PR\u00c9F\u00c8TE\nDU RH\u00d4NE\nRECUEIL DES ACTES\nADMINISTRATIFS SP\u00c9CIAL\nN\u00b069-2026-103\nPUBLI\u00c9 LE  7 AVRIL 2026\nSommaire\n69_DDETS_Direction d\u00e9partementale de l'emploi du travail et des\nsolidarit\u00e9s /\n69-2026-04-02-00005 - DECISION DREETS/T/2026/28 portant affectation\ndes agents de contr\u00f4le dans les unit\u00e9s de contr\u00f4le de l'inspection\ndu travail de la direction d\u00e9partementale de l'emploi, du travail et des\nsolidarit\u00e9s du d\u00e9partement du Rh\u00f4ne, et gestion des int\u00e9rims, (17\npages) Page 4\n69_HCL_Hospices civils de Lyon / Direction des affaires juridiques\n69-2026-03-30-00009 - D\u00e9cision de d\u00e9l\u00e9gation de signature n\u00b026-45\ndu 30 mars 2026 pour le groupement hospitalier Nord des Hospices civils\nde Lyon  (7 pages) Page 22\n69-2026-03-30-00008 - D\u00e9cision de d\u00e9l\u00e9gation de signature n\u00b026-46\ndu 30 mars 2026 pour le groupement hospitalier Centre des Hospices civils\nde Lyon  (7 pages) Page 30\n69_Pr\u00e9f_Pr\u00e9fecture du Rh\u00f4ne / Direction de l'Immobilier, de la\nLogistique et de l'Accueil - Relations avec le Public\n69-2026-04-03-00007 - 20260403-APZ-d\u00e9rogation-TOTAL (2 pages) Page 38\n69_Pr\u00e9f_Pr\u00e9fecture du Rh\u00f4ne / Direction de la Coordination des\nPolitiques Interminist\u00e9rielles\n69-2026-04-02-00007 - Arr\u00eat\u00e9 pr\u00e9fectoral portant d\u00e9l\u00e9gation de\nsignature \u00e0 M. Antoine GUERIN, pr\u00e9fet d\u00e9l\u00e9gu\u00e9 pour la d\u00e9fense\net la s\u00e9curit\u00e9 aupr\u00e8s de la pr\u00e9f\u00e8te de la r\u00e9gion\nAuvergne-Rh\u00f4ne-Alpes, pr\u00e9f\u00e8te de la zone de d\u00e9fense et de\ns\u00e9curit\u00e9 Sud-Est, pr\u00e9f\u00e8te du Rh\u00f4ne (9 pages) Page 41\n69-2026-04-02-00006 - Arr\u00eat\u00e9 pr\u00e9fectoral portant d\u00e9l\u00e9gation de\nsignature aux agents de la pr\u00e9fecture (7 pages) Page 51\n69_Pr\u00e9f_Pr\u00e9fecture du Rh\u00f4ne / Direction de la s\u00e9curit\u00e9 et de la\nprotection civile\n69-2026-04-01-00007 - CAMERA PIETON - SAINT PRIEST du 01042026 (2\npages) Page 59\n69_Pr\u00e9f_Pr\u00e9fecture du Rh\u00f4ne / Pr\u00e9fet d\u00e9l\u00e9gu\u00e9 pour la\nd\u00e9fense et la s\u00e9curit\u00e9\n69-2026-04-03-00003 - AP interdiction navigation fluviale ONE HEALTH -\n03042026 (3 pages) Page 62\n69-2026-04-03-00006 - AP interdiction survol drones ONE HEALTH (3 pages) Page 66\n69-2026-04-03-00004 - AP p\u00e9rimetre protection ONE HEALTH 2026  (6\npages) Page 70\n2\n69-2026-04-03-00001 - ARR\u00caT\u00c9 n\u00b02026 - 04 - 03-\n0001\nautorisant la captation, l'enregistrement et la\ntransmission\nd'images au moyen de cam\u00e9ras install\u00e9es sur un\na\u00e9ronef les 06 et 07 avril 2026 \u00e0 Lyon (4 pages) Page 77\n69-2025-10-13-00016 - Arr\u00eat\u00e9 Portant institution d'une r\u00e9gie\nd'avances et de recettes aupr\u00e8s de la Direction Interd\u00e9partementale\nde la Police Nationale du Rh\u00f4ne (3 pages) Page 82\n69-2025-10-13-00017 - Arr\u00eat\u00e9 Portant nomination d'un r\u00e9gisseur et\nde sa suppl\u00e9ante aupr\u00e8s de la Direction Interd\u00e9partementale de la\nPolice Nationale du Rh\u00f4ne (3 pages) Page 86\n69-2025-10-13-00015 - Arr\u00eat\u00e9 portant suppression de la r\u00e9gie de\nrecettes install\u00e9e aupr\u00e8s de\nla direction zonale de la police aux\nfronti\u00e8res sud-est (3 pages) Page 90\n69-2026-04-03-00002 - Arr\u00eat\u00e9 pr\u00e9fectoral n\u00b0\n2026-04-03-0002\nportant interdiction de cort\u00e8ges, d\u00e9fil\u00e9s et\nrassemblements revendicatifs dans un p\u00e9rim\u00e8tre d\u00e9fini les 07 et 08\navril 2026 \u00e0 Lyon, Caluire et Villeurbanne (5 pages) Page 94\n69-2025-10-13-00014 - Arr\u00eat\u00e9 pr\u00e9fectoral portant suppression de la\nr\u00e9gie de recettes install\u00e9e aupr\u00e8s de \nla direction\ninterd\u00e9partementale de la police nationale du Rh\u00f4ne (2 pages) Page 100\n84_ARS_Agence R\u00e9gionale de Sant\u00e9 Auvergne-Rh\u00f4ne-Alpes /\n69-2026-04-02-00004 - Arr\u00eat\u00e9 portant modification d'agr\u00e9ment pour\neffectuer des transports sanitaires terrestres en faveur de la soci\u00e9t\u00e9\nAMBULANCE R \u00e0 GLEIZE (2 pages) Page 103\n3\n69_DDETS_Direction d\u00e9partementale de\nl'emploi du travail et des solidarit\u00e9s\n69-2026-04-02-00005\nDECISION DREETS/T/2026/28 portant\naffectation des agents de contr\u00f4le dans les\nunit\u00e9s de contr\u00f4le de l'inspection du travail de la\ndirection d\u00e9partementale de l'emploi, du travail\net des solidarit\u00e9s du d\u00e9partement du Rh\u00f4ne, et\ngestion des int\u00e9rims,\n69_DDETS_Direction d\u00e9partementale de l'emploi du travail et des solidarit\u00e9s - 69-2026-04-02-00005 - DECISION DREETS/T/2026/28\nportant affectation des agents de contr\u00f4le dans les unit\u00e9s de contr\u00f4le de l'inspection du travail de la direction d\u00e9partementale de\nl'emploi, du travail et des solidarit\u00e9s du d\u00e9partement du Rh\u00f4ne, et gestion des int\u00e9rims,\n4\n69_DDETS_Direction d\u00e9partementale de l'emploi du travail et des solidarit\u00e9s - 69-2026-04-02-00005 - DECISION DREETS/T/2026/28\nportant affectation des agents de contr\u00f4le dans les unit\u00e9s de contr\u00f4le de l'inspection du travail de la direction d\u00e9partementale de\nl'emploi, du travail et des solidarit\u00e9s du d\u00e9partement du Rh\u00f4ne, et gestion des int\u00e9rims,\n5\n69_DDETS_Direction d\u00e9partementale de l'emploi du travail et des solidarit\u00e9s - 69-2026-04-02-00005 - DECISION DREETS/T/2026/28\nportant affectation des agents de contr\u00f4le dans les unit\u00e9s de contr\u00f4le de l'inspection du travail de la direction d\u00e9partementale de\nl'emploi, du travail et des solidarit\u00e9s du d\u00e9partement du Rh\u00f4ne, et gestion des int\u00e9rims,\n6\n69_DDETS_Direction d\u00e9partementale de l'emploi du travail et des solidarit\u00e9s - 69-2026-04-02-00005 - DECISION DREETS/T/2026/28\nportant affectation des agents de contr\u00f4le dans les unit\u00e9s de contr\u00f4le de l'inspection du travail de la direction d\u00e9partementale de\nl'emploi, du travail et des solidarit\u00e9s du d\u00e9partement du Rh\u00f4ne, et gestion des int\u00e9rims,\n7\n69_DDETS_Direction d\u00e9partementale de l'emploi du travail et des solidarit\u00e9s - 69-2026-04-02-00005 - DECISION DREETS/T/2026/28\nportant affectation des agents de contr\u00f4le dans les unit\u00e9s de contr\u00f4le de l'inspection du travail de la direction d\u00e9partementale de\nl'emploi, du travail et des solidarit\u00e9s du d\u00e9partement du Rh\u00f4ne, et gestion des int\u00e9rims,\n8\n69_DDETS_Direction d\u00e9partementale de l'emploi du travail et des solidarit\u00e9s - 69-2026-04-02-00005 - DECISION DREETS/T/2026/28\nportant affectation des agents de contr\u00f4le dans les unit\u00e9s de contr\u00f4le de l'inspection du travail de la direction d\u00e9partementale de\nl'emploi, du travail et des solidarit\u00e9s du d\u00e9partement du Rh\u00f4ne, et gestion des int\u00e9rims,\n9\n69_DDETS_Direction d\u00e9partementale de l'emploi du travail et des solidarit\u00e9s - 69-2026-04-02-00005 - DECISION DREETS/T/2026/28\nportant affectation des agents de contr\u00f4le dans les unit\u00e9s de contr\u00f4le de l'inspection du travail de la direction d\u00e9partementale de\nl'emploi, du travail et des solidarit\u00e9s du d\u00e9partement du Rh\u00f4ne, et gestion des int\u00e9rims,\n10\n69_DDETS_Direction d\u00e9partementale de l'emploi du travail et des solidarit\u00e9s - 69-2026-04-02-00005 - DECISION DREETS/T/2026/28\nportant affectation des agents de contr\u00f4le dans les unit\u00e9s de contr\u00f4le de l'inspection du travail de la direction d\u00e9partementale de\nl'emploi, du travail et des solidarit\u00e9s du d\u00e9partement du Rh\u00f4ne, et gestion des int\u00e9rims,\n11\n69_DDETS_Direction d\u00e9partementale de l'emploi du travail et des solidarit\u00e9s - 69-2026-04-02-00005 - DECISION DREETS/T/2026/28\nportant affectation des agents de contr\u00f4le dans les unit\u00e9s de contr\u00f4le de l'inspection du travail de la direction d\u00e9partementale de\nl'emploi, du travail et des solidarit\u00e9s du d\u00e9partement du Rh\u00f4ne, et gestion des int\u00e9rims,\n12\n69_DDETS_Direction d\u00e9partementale de l'emploi du travail et des solidarit\u00e9s - 69-2026-04-02-00005 - DECISION DREETS/T/2026/28\nportant affectation des agents de contr\u00f4le dans les unit\u00e9s de contr\u00f4le de l'inspection du travail de la direction d\u00e9partementale de\nl'emploi, du travail et des solidarit\u00e9s du d\u00e9partement du Rh\u00f4ne, et gestion des int\u00e9rims,\n13\n69_DDETS_Direction d\u00e9partementale de l'emploi du travail et des solidarit\u00e9s - 69-2026-04-02-00005 - DECISION DREETS/T/2026/28\nportant affectation des agents de contr\u00f4le dans les unit\u00e9s de contr\u00f4le de l'inspection du travail de la direction d\u00e9partementale de\nl'emploi, du travail et des solidarit\u00e9s du d\u00e9partement du Rh\u00f4ne, et gestion des int\u00e9rims,\n14\n69_DDETS_Direction d\u00e9partementale de l'emploi du travail et des solidarit\u00e9s - 69-2026-04-02-00005 - DECISION DREETS/T/2026/28\nportant affectation des agents de contr\u00f4le dans les unit\u00e9s de contr\u00f4le de l'inspection du travail de la direction d\u00e9partementale de\nl'emploi, du travail et des solidarit\u00e9s du d\u00e9partement du Rh\u00f4ne, et gestion des int\u00e9rims,\n15\n69_DDETS_Direction d\u00e9partementale de l'emploi du travail et des solidarit\u00e9s - 69-2026-04-02-00005 - DECISION DREETS/T/2026/28\nportant affectation des agents de contr\u00f4le dans les unit\u00e9s de contr\u00f4le de l'inspection du travail de la direction d\u00e9partementale de\nl'emploi, du travail et des solidarit\u00e9s du d\u00e9partement du Rh\u00f4ne, et gestion des int\u00e9rims,\n16\n69_DDETS_Direction d\u00e9partementale de l'emploi du travail et des solidarit\u00e9s - 69-2026-04-02-00005 - DECISION DREETS/T/2026/28\nportant affectation des agents de contr\u00f4le dans les unit\u00e9s de contr\u00f4le de l'inspection du travail de la direction d\u00e9partementale de\nl'emploi, du travail et des solidarit\u00e9s du d\u00e9partement du Rh\u00f4ne, et gestion des int\u00e9rims,\n17\n69_DDETS_Direction d\u00e9partementale de l'emploi du travail et des solidarit\u00e9s - 69-2026-04-02-00005 - DECISION DREETS/T/2026/28\nportant affectation des agents de contr\u00f4le dans les unit\u00e9s de contr\u00f4le de l'inspection du travail de la direction d\u00e9partementale de\nl'emploi, du travail et des solidarit\u00e9s du d\u00e9partement du Rh\u00f4ne, et gestion des int\u00e9rims,\n18\n69_DDETS_Direction d\u00e9partementale de l'emploi du travail et des solidarit\u00e9s - 69-2026-04-02-00005 - DECISION DREETS/T/2026/28\nportant affectation des agents de contr\u00f4le dans les unit\u00e9s de contr\u00f4le de l'inspection du travail de la direction d\u00e9partementale de\nl'emploi, du travail et des solidarit\u00e9s du d\u00e9partement du Rh\u00f4ne, et gestion des int\u00e9rims,\n19\n69_DDETS_Direction d\u00e9partementale de l'emploi du travail et des solidarit\u00e9s - 69-2026-04-02-00005 - DECISION DREETS/T/2026/28\nportant affectation des agents de contr\u00f4le dans les unit\u00e9s de contr\u00f4le de l'inspection du travail de la direction d\u00e9partementale de\nl'emploi, du travail et des solidarit\u00e9s du d\u00e9partement du Rh\u00f4ne, et gestion des int\u00e9rims,\n20\n69_DDETS_Direction d\u00e9partementale de l'emploi du travail et des solidarit\u00e9s - 69-2026-04-02-00005 - DECISION DREETS/T/2026/28\nportant affectation des agents de contr\u00f4le dans les unit\u00e9s de contr\u00f4le de l'inspection du travail de la direction d\u00e9partementale de\nl'emploi, du travail et des solidarit\u00e9s du d\u00e9partement du Rh\u00f4ne, et gestion des int\u00e9rims,\n21\n69_HCL_Hospices civils de Lyon\n69-2026-03-30-00009\nD\u00e9cision de d\u00e9l\u00e9gation de signature n\u00b026-45 du\n30 mars 2026 pour le groupement hospitalier\nNord des Hospices civils de Lyon \n69_HCL_Hospices civils de Lyon - 69-2026-03-30-00009 - D\u00e9cision de d\u00e9l\u00e9gation de signature n\u00b026-45 du 30 mars 2026 pour le\ngroupement hospitalier Nord des Hospices civils de Lyon 22\n DIRECTION G\u00c9N\u00c9RALE \n3, QUAI DES CELESTINS 69002 LYON \u2013 FRANCEB.P. 2251 \u201369229 LYON CEDEX 02 \nWWW.CHU-LYON.FR \u2013 RENSEIGNEMENTS HCL : 0 825 0 825 69 (0.15 \u20ac/MN) \nN\u00b0 FINESS HCL 690781810 \n1\nDirection des affaires juridiques \nD\u00c9CISION N\u00b026-45 \nDU 30 MARS 2026 \n \nPORTANT D\u00c9L\u00c9GATION DE SIGNATURE \n \nLe Directeur G\u00e9n\u00e9ral, ordonnateur du budget, \nVu le Code de la sant\u00e9 publique, \nVu le d\u00e9cret du Pr\u00e9sident de la R\u00e9publique du 29 d\u00e9cembre 2023 portant nomination de  \nM. Raymond LE MOIGN, en qualit\u00e9 de Directeur G\u00e9n\u00e9ral des Hospices Civils de Lyon,    \nVu la nomination de Mme Dominique SOUPART, en qualit\u00e9 de directrice adjointe aux Hospices civils de \nLyon ; \nVu l'organigramme du groupement hospitalier Nord ; \nVu l'affectation de Mme Lisa BEAL, en sa qualit\u00e9 d'encadrante en ressources humaines ; \nVu l'affectation de Mme Sarah LEGUET, en sa qualit\u00e9 de cadre administrative de la cellule qualit\u00e9 et \ndes relations avec les usagers ; \nVu l'affectation de M. Nicolas PEROTTI, en sa qualit\u00e9 d'ing\u00e9nieur s\u00e9curit\u00e9 du groupement en charge du \nservice pr\u00e9vention et s\u00e9curit\u00e9 g\u00e9n\u00e9rale \n \nD \u00c9 C I D E  \n \nArticle 1er : \nD\u00e9l\u00e9gation de signature est donn\u00e9e \u00e0 Mme Dominique SOUPART, directrice du groupement hospitalier \nNord des Hospices civils de Lyon regroupant l'h\u00f4pital de la Croix-Rousse, l'h\u00f4pital Docteur Fr\u00e9d\u00e9ric \nDugoujon et l'h\u00f4pital Pierre Garraud, dans la limite des attributions du groupement et dans les \nconditions indiqu\u00e9es dans les articles ci-dessous. \n \nArticle 2 : \nLa b\u00e9n\u00e9ficiaire de la pr\u00e9sente d\u00e9l\u00e9gation est autoris\u00e9e \u00e0 signer : \nI - Toutes d\u00e9cisions, correspondances, certificats et exp\u00e9ditions non mentionn\u00e9es au II, III et IV du \npr\u00e9sent article, ainsi que les d\u00e9p\u00f4ts de plainte aupr\u00e8s des autorit\u00e9s de police et de justice, relatifs \n\u00e0 l'organisation et au fonctionnement du Groupement hospitalier Nord ; \nII - Dans le domaine des ressources humaines : \na - Toutes les pi\u00e8ces et correspondances relatives aux affaires courantes de ce domaine ; \nb - Les mesures concernant la gestion du personnel relevant de la fonction publique  \nhospitali\u00e8re : \n- Les contrats de travail \u00e0 dur\u00e9e d\u00e9termin\u00e9e ; \n- Les d\u00e9cisions relatives \u00e0 la disponibilit\u00e9, au d\u00e9tachement, \u00e0 la mise \u00e0 disposition ;  \n- Les correspondances relatives aux demandes de rupture conventionnelle ; \n- Les avis et observations sur le compte-rendu d'\u00e9valuation professionnelle des agents ; \n- Les d\u00e9cisions en mati\u00e8re de discipline pour les titulaires de contrats de travail \u00e0 dur\u00e9e \nd\u00e9termin\u00e9e ;\n69_HCL_Hospices civils de Lyon - 69-2026-03-30-00009 - D\u00e9cision de d\u00e9l\u00e9gation de signature n\u00b026-45 du 30 mars 2026 pour le\ngroupement hospitalier Nord des Hospices civils de Lyon 23\n69_HCL_Hospices civils de Lyon - 69-2026-03-30-00009 - D\u00e9cision de d\u00e9l\u00e9gation de signature n\u00b026-45 du 30 mars 2026 pour le\ngroupement hospitalier Nord des Hospices civils de Lyon 24\n69_HCL_Hospices civils de Lyon - 69-2026-03-30-00009 - D\u00e9cision de d\u00e9l\u00e9gation de signature n\u00b026-45 du 30 mars 2026 pour le\ngroupement hospitalier Nord des Hospices civils de Lyon 25\n69_HCL_Hospices civils de Lyon - 69-2026-03-30-00009 - D\u00e9cision de d\u00e9l\u00e9gation de signature n\u00b026-45 du 30 mars 2026 pour le\ngroupement hospitalier Nord des Hospices civils de Lyon 26\n69_HCL_Hospices civils de Lyon - 69-2026-03-30-00009 - D\u00e9cision de d\u00e9l\u00e9gation de signature n\u00b026-45 du 30 mars 2026 pour le\ngroupement hospitalier Nord des Hospices civils de Lyon 27\n69_HCL_Hospices civils de Lyon - 69-2026-03-30-00009 - D\u00e9cision de d\u00e9l\u00e9gation de signature n\u00b026-45 du 30 mars 2026 pour le\ngroupement hospitalier Nord des Hospices civils de Lyon 28\n69_HCL_Hospices civils de Lyon - 69-2026-03-30-00009 - D\u00e9cision de d\u00e9l\u00e9gation de signature n\u00b026-45 du 30 mars 2026 pour le\ngroupement hospitalier Nord des Hospices civils de Lyon 29\n69_HCL_Hospices civils de Lyon\n69-2026-03-30-00008\nD\u00e9cision de d\u00e9l\u00e9gation de signature n\u00b026-46 du\n30 mars 2026 pour le groupement hospitalier\nCentre des Hospices civils de Lyon \n69_HCL_Hospices civils de Lyon - 69-2026-03-30-00008 - D\u00e9cision de d\u00e9l\u00e9gation de signature n\u00b026-46 du 30 mars 2026 pour le\ngroupement hospitalier Centre des Hospices civils de Lyon 30\n DIRECTION G\u00c9N\u00c9RALE \n3, QUAI DES CELESTINS 69002 LYON \u2013 FRANCEB.P. 2251 \u201369229 LYON CEDEX 02 \nWWW.CHU-LYON.FR \u2013 RENSEIGNEMENTS HCL : 0 825 0 825 69 (0.15 \u20ac/MN) \nN\u00b0 FINESS HCL 690781810 \n1\nDirection des affaires juridiques \nD\u00c9CISION N\u00b026-46 \nDU 30 MARS 2026 \n \nPORTANT D\u00c9L\u00c9GATION DE SIGNATURE \n \nLe Directeur G\u00e9n\u00e9ral, ordonnateur du budget, \nVu le code de la sant\u00e9 publique, \nVu le d\u00e9cret du Pr\u00e9sident de la R\u00e9publique du 29 d\u00e9cembre 2023 portant nomination de  \nM. Raymond LE MOIGN, en qualit\u00e9 de Directeur G\u00e9n\u00e9ral des Hospices Civils de Lyon,  \nVu la nomination de M. Florent SEVERAC, en qualit\u00e9 de directeur adjoint aux Hospices civils de Lyon, \nVu l'organigramme du groupement hospitalier Centre, \nVu l'affectation de Mme H\u00e9l\u00e8ne DESTOOP, en qualit\u00e9 d'attach\u00e9e d'administration hospitali\u00e8re \u00e0 la \ndirection des ressources humaines. \n \nD \u00c9 C I D E  \n \nArticle 1 : \nD\u00e9l\u00e9gation de signature est donn\u00e9e \u00e0 M. Florent SEVERAC, directeur du groupement hospitalier Centre \ndes Hospices civils de Lyon regroupant l'h\u00f4pital \u00c9douard Herriot, l'h\u00f4pital des Charpennes et le centre \nde soins dentaires, dans la limite des attributions du groupement et dans les conditions indiqu\u00e9es dans \nles articles ci-dessous. \n \nArticle 2 : \nLe b\u00e9n\u00e9ficiaire de la pr\u00e9sente d\u00e9l\u00e9gation est autoris\u00e9 \u00e0 signer : \nI - Toutes d\u00e9cisions, correspondances, certificats et exp\u00e9ditions non mentionn\u00e9es au II, III et IV \ndu pr\u00e9sent article, ainsi que les d\u00e9p\u00f4ts de plainte aupr\u00e8s des autorit\u00e9s de police et de justice, \nrelatifs \u00e0 l'organisation et au fonctionnement du groupement hospitalier Centre ; \n \nII - Dans le domaine des ressources humaines : \na - Toutes les pi\u00e8ces et correspondances relatives aux affaires courantes de ce domaine ; \nb - Les mesures concernant la gestion du personnel relevant de la fonction publique hospitali\u00e8re : \n- les contrats de travail \u00e0 dur\u00e9e d\u00e9termin\u00e9e ; \n- les d\u00e9cisions relatives \u00e0 la disponibilit\u00e9, au d\u00e9tachement, \u00e0 la mise \u00e0 disposition ;  \n- les correspondances relatives aux demandes de rupture conventionnelle ; \n- les avis et observations sur le compte-rendu d'\u00e9valuation professionnelle des agents ;  \n- les d\u00e9cisions en mati\u00e8re de discipline pour les titulaires de contrats de travail \u00e0 dur\u00e9e \nd\u00e9termin\u00e9e ; \n- les d\u00e9cisions d'affectation et de changement d'affectation ; \n- les d\u00e9cisions de reconnaissance d'accident de service, trajet et de maladie \nprofessionnelle sans arr\u00eat de travail ; \n- les tableaux de service des agents et les autorisations d'absences ; \n69_HCL_Hospices civils de Lyon - 69-2026-03-30-00008 - D\u00e9cision de d\u00e9l\u00e9gation de signature n\u00b026-46 du 30 mars 2026 pour le\ngroupement hospitalier Centre des Hospices civils de Lyon 31\n69_HCL_Hospices civils de Lyon - 69-2026-03-30-00008 - D\u00e9cision de d\u00e9l\u00e9gation de signature n\u00b026-46 du 30 mars 2026 pour le\ngroupement hospitalier Centre des Hospices civils de Lyon 32\n69_HCL_Hospices civils de Lyon - 69-2026-03-30-00008 - D\u00e9cision de d\u00e9l\u00e9gation de signature n\u00b026-46 du 30 mars 2026 pour le\ngroupement hospitalier Centre des Hospices civils de Lyon 33\n69_HCL_Hospices civils de Lyon - 69-2026-03-30-00008 - D\u00e9cision de d\u00e9l\u00e9gation de signature n\u00b026-46 du 30 mars 2026 pour le\ngroupement hospitalier Centre des Hospices civils de Lyon 34\n69_HCL_Hospices civils de Lyon - 69-2026-03-30-00008 - D\u00e9cision de d\u00e9l\u00e9gation de signature n\u00b026-46 du 30 mars 2026 pour le\ngroupement hospitalier Centre des Hospices civils de Lyon 35\n69_HCL_Hospices civils de Lyon - 69-2026-03-30-00008 - D\u00e9cision de d\u00e9l\u00e9gation de signature n\u00b026-46 du 30 mars 2026 pour le\ngroupement hospitalier Centre des Hospices civils de Lyon 36\n69_HCL_Hospices civils de Lyon - 69-2026-03-30-00008 - D\u00e9cision de d\u00e9l\u00e9gation de signature n\u00b026-46 du 30 mars 2026 pour le\ngroupement hospitalier Centre des Hospices civils de Lyon 37\n69_Pr\u00e9f_Pr\u00e9fecture du Rh\u00f4ne\n69-2026-04-03-00007\n20260403-APZ-d\u00e9rogation-TOTAL\n69_Pr\u00e9f_Pr\u00e9fecture du Rh\u00f4ne - 69-2026-04-03-00007 - 20260403-APZ-d\u00e9rogation-TOTAL 38\n69_Pr\u00e9f_Pr\u00e9fecture du Rh\u00f4ne - 69-2026-04-03-00007 - 20260403-APZ-d\u00e9rogation-TOTAL 39\n69_Pr\u00e9f_Pr\u00e9fecture du Rh\u00f4ne - 69-2026-04-03-00007 - 20260403-APZ-d\u00e9rogation-TOTAL 40\n69_Pr\u00e9f_Pr\u00e9fecture du Rh\u00f4ne\n69-2026-04-02-00007\nArr\u00eat\u00e9 pr\u00e9fectoral portant d\u00e9l\u00e9gation de\nsignature \u00e0 M. Antoine GUERIN, pr\u00e9fet d\u00e9l\u00e9gu\u00e9\npour la d\u00e9fense et la s\u00e9curit\u00e9 aupr\u00e8s de la\npr\u00e9f\u00e8te de la r\u00e9gion Auvergne-Rh\u00f4ne-Alpes,\npr\u00e9f\u00e8te de la zone de d\u00e9fense et de s\u00e9curit\u00e9\nSud-Est, pr\u00e9f\u00e8te du Rh\u00f4ne\n69_Pr\u00e9f_Pr\u00e9fecture du Rh\u00f4ne - 69-2026-04-02-00007 - Arr\u00eat\u00e9 pr\u00e9fectoral portant d\u00e9l\u00e9gation de signature \u00e0 M. Antoine GUERIN, pr\u00e9fet\nd\u00e9l\u00e9gu\u00e9 pour la d\u00e9fense et la s\u00e9curit\u00e9 aupr\u00e8s de la pr\u00e9f\u00e8te de la r\u00e9gion Auvergne-Rh\u00f4ne-Alpes, pr\u00e9f\u00e8te de la zone de d\u00e9fense et de\ns\u00e9curit\u00e9 Sud-Est, pr\u00e9f\u00e8te du Rh\u00f4ne\n41\nDirection de la coordination\ndes politiques interminist\u00e9rielles\nLyon, 02 avril 2026\nARR\u00caT\u00c9 PR\u00c9FECTORAL N\u00b0  69-2026-04-02-00007\nportant d\u00e9l\u00e9gation de signature \u00e0 M. Antoine GUERIN,\npr\u00e9fet d\u00e9l\u00e9gu\u00e9 pour la d\u00e9fense et la s\u00e9curit\u00e9 aupr\u00e8s de la pr\u00e9f\u00e8te de la r\u00e9gion\nAuvergne-Rh\u00f4ne-Alpes, pr\u00e9f\u00e8te de la zone de d\u00e9fense et de s\u00e9curit\u00e9 Sud-Est, pr\u00e9f\u00e8te du Rh\u00f4ne\nLA PR\u00c9F\u00c8TE DE LA R\u00c9GION AUVERGNE-RH\u00d4NE-ALPES,\nPR\u00c9F\u00c8TE DE LA ZONE DE D\u00c9FENSE ET DE S\u00c9CURIT\u00c9 SUD-EST,\nPR\u00c9F\u00c8TE DU RH\u00d4NE\nCommandeur de la L\u00e9gion d'honneur\nCommandeur de l'ordre national du M\u00e9rite\nVu le code de la d\u00e9fense ;\nVu le code de la s\u00e9curit\u00e9 int\u00e9rieure ;\nVu le code du travail ;\nVu le code g\u00e9n\u00e9ral des collectivit\u00e9s territoriales ;\nVu le code de sant\u00e9 publique ;\nVu le code du sport ;\nVu la loi n\u00b0 82-213 du 2 mars 1982 modifi\u00e9e relative aux droits et libert\u00e9s des communes, des  \nd\u00e9partements et des r\u00e9gions ;\nVu la loi d'orientation n\u00b0 92-125 du 6 f\u00e9vrier 1992 modifi\u00e9e relative \u00e0 l'administration territoriale de  \nla R\u00e9publique ;\nVu la loi n\u00b0 95-73 du 21 janvier 1995 modifi\u00e9e d'orientation et de programmation relative \u00e0 la  \ns\u00e9curit\u00e9 ;\nVu la loi n\u00b0 96-369 du 3 mai 1996 relative aux services d'incendie et de secours ;\nVu la loi n\u00b0 99-291 du 15 avril 1999 modifi\u00e9e relative aux polices municipales ;\nVu la loi n\u00b0 2002-1094 du 29 ao\u00fbt 2002 modifi\u00e9e d'orientation et de programmation pour la s\u00e9curit\u00e9 \nint\u00e9rieure ;\nVu la loi n\u00b0 2003-239 du 18 mars 2003 modifi\u00e9e pour la s\u00e9curit\u00e9 int\u00e9rieure ;\nVu la loi n\u00b0 2004-811 du 13 ao\u00fbt 2004 modifi\u00e9e de modernisation de la s\u00e9curit\u00e9 civile ;\n1/9\n69_Pr\u00e9f_Pr\u00e9fecture du Rh\u00f4ne - 69-2026-04-02-00007 - Arr\u00eat\u00e9 pr\u00e9fectoral portant d\u00e9l\u00e9gation de signature \u00e0 M. Antoine GUERIN, pr\u00e9fet\nd\u00e9l\u00e9gu\u00e9 pour la d\u00e9fense et la s\u00e9curit\u00e9 aupr\u00e8s de la pr\u00e9f\u00e8te de la r\u00e9gion Auvergne-Rh\u00f4ne-Alpes, pr\u00e9f\u00e8te de la zone de d\u00e9fense et de\ns\u00e9curit\u00e9 Sud-Est, pr\u00e9f\u00e8te du Rh\u00f4ne\n42\nVu la loi n\u00b0 2008-174 du 25 f\u00e9vrier 2008 modifi\u00e9e relative \u00e0 la r\u00e9tention de s\u00fbret\u00e9 et \u00e0 la d\u00e9claration  \nd'irresponsabilit\u00e9 p\u00e9nale pour cause de trouble mental ;\nVu  la  loi  n\u00b0  2011-267  du  14  mars  2011  modifi\u00e9e  d'orientation  et  de  programmation  pour  la  \nperformance de la s\u00e9curit\u00e9 int\u00e9rieure ;\nVu la loi n\u00b0 2011-672 du 16 juin 2011 relative \u00e0 l'immigration, \u00e0 l'int\u00e9gration et \u00e0 la nationalit\u00e9 ;\nVu la loi n\u00b0 2015-29 du 16 janvier 2015 relative \u00e0 la d\u00e9limitation des r\u00e9gions, aux \u00e9lections r\u00e9gionales  \net d\u00e9partementales et modifiant le calendrier \u00e9lectoral ;\nVu la loi n\u00b0 2020-856 du 9 juillet 2020 organisant la sortie de l'\u00e9tat d'urgence sanitaire ;\nVu le d\u00e9cret n\u00b0 93-377 du 18 mars 1993 modifi\u00e9 relatif aux pr\u00e9fets d\u00e9l\u00e9gu\u00e9s pour la s\u00e9curit\u00e9 et la  \nd\u00e9fense aupr\u00e8s des pr\u00e9fets de zone de d\u00e9fense ;\nVu  le  d\u00e9cret  n\u00b0  97-34  du  15  janvier  1997  modifi\u00e9  relatif  \u00e0  la  d\u00e9concentration  des  d\u00e9cisions  \nadministratives individuelles ;\nVu le d\u00e9cret n\u00b0 97-199 du 5 mars 1997 modifi\u00e9 relatif au remboursement de certaines d\u00e9penses  \nsupport\u00e9es par les forces de police et de gendarmerie ;\nVu le d\u00e9cret n\u00b0 2004-374 du 29 avril 2004 modifi\u00e9 relatif aux pouvoirs des pr\u00e9fets, \u00e0 l'organisation et \n\u00e0 l'action des services de l'\u00c9tat dans les r\u00e9gions et d\u00e9partements ;\nVu le d\u00e9cret n\u00b0 2008-252 du 12 mars 2008 modifi\u00e9 relatif \u00e0 la r\u00e9mun\u00e9ration de certains services  \nrendus par le minist\u00e8re de l'int\u00e9rieur, de l'outre-mer et des collectivit\u00e9s territoriales ;\nVu le d\u00e9cret n\u00b0 2008-1023 du 6 octobre 2008 relatif au fichier judiciaire national automatis\u00e9 des  \nauteurs d'infractions sexuelles ou violentes et au casier judiciaire national automatis\u00e9 ;\nVu  le  d\u00e9cret  n\u00b0  2010-1298  du  28  octobre  2010  portant  attribution  de  produits  au  budget  du \nminist\u00e8re  de  l'int\u00e9rieur,  de  l'outre-mer,  des  collectivit\u00e9s  territoriales  et  de  l'immigration,  en  \napplication du d\u00e9cret  n\u00b0 97-199 modifi\u00e9 du  5  mars 1997 modifi\u00e9 relatif au remboursement  de  \ncertaines d\u00e9penses support\u00e9es par les forces de police et de gendarmerie et du d\u00e9cret n\u00b0 2008-252  \ndu 12 mars 2008 modifi\u00e9 relatifs \u00e0 la r\u00e9mun\u00e9ration de certains services rendus par le minist\u00e8re de  \nl'int\u00e9rieur, de l'outre-mer et des collectivit\u00e9s territoriales ;\nVu le d\u00e9cret n\u00b0 2011-1049 du 6 septembre 2011 pris pour l'application de la loi n\u00b0 2011-672 du 16 juin \n2011 relative \u00e0 l'immigration, \u00e0 l'int\u00e9gration et \u00e0 la nationalit\u00e9 et relatif aux titres de s\u00e9jour ;\nVu le d\u00e9cret n\u00b0 2012-1246 du 7 novembre 2012 modifi\u00e9 relatif \u00e0 la gestion budg\u00e9taire et comptable  \npublique ;\nVu le d\u00e9cret n\u00b0 2012-1247 du 7 novembre 2012 portant adaptation de divers textes aux nouvelles  \nr\u00e8gles de la gestion budg\u00e9taire et comptable publique ;\nVu le d\u00e9cret n\u00b0 2015-510 du 7 mai 2015 portant charte de la d\u00e9concentration ;\nVu le d\u00e9cret n\u00b0 2017-440 du 30 mars 2017 relatif \u00e0 la s\u00e9curit\u00e9 des transports publics guid\u00e9s ; \nVu le d\u00e9cret n\u00b0 2023-530 du 29 juin 2023 relatif \u00e0 l'organisation de l'administration centrale de la  \npolice nationale et modifiant diverses dispositions relatives \u00e0 la police nationale ;\nVu le d\u00e9cret n\u00b0 2023-1013 du 2 novembre 2023 relatif aux services d\u00e9concentr\u00e9s et \u00e0 l'organisation  \nde la police nationale ;\nVu l'arr\u00eat\u00e9 minist\u00e9riel du 30 d\u00e9cembre 2005 portant d\u00e9concentration en mati\u00e8re de gestion des  \nfonctionnaires actifs des services de la police nationale ;\n2/9\n69_Pr\u00e9f_Pr\u00e9fecture du Rh\u00f4ne - 69-2026-04-02-00007 - Arr\u00eat\u00e9 pr\u00e9fectoral portant d\u00e9l\u00e9gation de signature \u00e0 M. Antoine GUERIN, pr\u00e9fet\nd\u00e9l\u00e9gu\u00e9 pour la d\u00e9fense et la s\u00e9curit\u00e9 aupr\u00e8s de la pr\u00e9f\u00e8te de la r\u00e9gion Auvergne-Rh\u00f4ne-Alpes, pr\u00e9f\u00e8te de la zone de d\u00e9fense et de\ns\u00e9curit\u00e9 Sud-Est, pr\u00e9f\u00e8te du Rh\u00f4ne\n43\nVu  l'arr\u00eat\u00e9  minist\u00e9riel  du  27  ao\u00fbt  2010  portant  d\u00e9concentration  en  mati\u00e8re  de  gestion  des  \nfonctionnaires des corps techniques et scientifiques de la police nationale ;\nVu l'arr\u00eat\u00e9 du 28 octobre 2010 portant application de l'article 2 du d\u00e9cret n\u00b0 97-199 du 5 mars 1997 \nmodifi\u00e9 relatif au remboursement de certaines d\u00e9penses support\u00e9es par les forces de police et de  \ngendarmerie  et  de  l'article  1er  du  d\u00e9cret  n\u00b0  2008-252  du  12  mars  2008  modifi\u00e9  relatif  \u00e0  la  \nr\u00e9mun\u00e9ration  de  certains  services  rendus  par  le  minist\u00e8re  de  l'int\u00e9rieur,  de  l'outre-mer  et  des \ncollectivit\u00e9s territoriales ;\nVu l'arr\u00eat\u00e9 du 24 d\u00e9cembre 2014 fixant le montant des remboursements de certaines d\u00e9penses  \nsupport\u00e9es par les forces de police et de gendarmerie ;\nVu l'arr\u00eat\u00e9 minist\u00e9riel du 26 janvier 2015 portant d\u00e9l\u00e9gation de pouvoir en mati\u00e8re de recrutement  \net de gestion des personnels administratifs du minist\u00e8re de l'int\u00e9rieur ;\nVu l'arr\u00eat\u00e9 pr\u00e9fectoral n\u00b0 2002-703 modifi\u00e9 du 23 janvier 2002 portant r\u00e8glement op\u00e9rationnel du  \nservice d\u00e9partemental-m\u00e9tropolitain d'incendie et de secours ;\nVu la circulaire n\u00b0 EFIZ1239322C du 28 novembre 2012 relative aux sanctions administratives suite \u00e0 \nproc\u00e8s verbal relevant une infraction pour travail ill\u00e9gal ;\nVu le d\u00e9cret du 11 janvier 2023 en conseil des ministres portant nomination de Mme Fabienne  \nBUCCIO en qualit\u00e9 de pr\u00e9f\u00e8te de la r\u00e9gion Auvergne-Rh\u00f4ne-Alpes, pr\u00e9f\u00e8te de la zone de d\u00e9fense et  \nde s\u00e9curit\u00e9 Sud-Est, pr\u00e9f\u00e8te du Rh\u00f4ne (hors classe) ;\nVu le proc\u00e8s-verbal d'installation de Mme Fabienne BUCCIO en qualit\u00e9 de pr\u00e9f\u00e8te de la r\u00e9gion  \nAuvergne-Rh\u00f4ne-Alpes, pr\u00e9f\u00e8te de la zone de d\u00e9fense et de s\u00e9curit\u00e9 Sud-Est, pr\u00e9f\u00e8te du Rh\u00f4ne, \u00e0  \ncompter du 30 janvier 2023 ;\nVu le d\u00e9cret du 31 mai 2023 portant nomination de la sous-pr\u00e9f\u00e8te charg\u00e9e de mission aupr\u00e8s de la  \npr\u00e9f\u00e8te de la r\u00e9gion Auvergne-Rh\u00f4ne-Alpes, pr\u00e9f\u00e8te de la zone de d\u00e9fense et de s\u00e9curit\u00e9 Sud-Est,  \npr\u00e9f\u00e8te du Rh\u00f4ne - Mme Charlotte CREPON ;\nVu le d\u00e9cret du 3 juillet 2024 portant nomination de la secr\u00e9taire g\u00e9n\u00e9rale adjointe de la pr\u00e9fecture \ndu Rh\u00f4ne (groupe IV), sous-pr\u00e9f\u00e8te charg\u00e9e de mission aupr\u00e8s de la pr\u00e9f\u00e8te de la r\u00e9gion Auvergne-\nRh\u00f4ne-Alpes, pr\u00e9f\u00e8te de la zone de d\u00e9fense et de s\u00e9curit\u00e9 Sud-Est, pr\u00e9f\u00e8te du Rh\u00f4ne - Mme Judith  \nHUSSON ;\nVu le d\u00e9cret du 6 novembre 2024 en conseil des ministres portant nomination du pr\u00e9fet d\u00e9l\u00e9gu\u00e9  \npour la d\u00e9fense et la s\u00e9curit\u00e9 aupr\u00e8s de la pr\u00e9f\u00e8te de la r\u00e9gion Auvergne-Rh\u00f4ne-Alpes, pr\u00e9f\u00e8te de la  \nzone de d\u00e9fense et de s\u00e9curit\u00e9 Sud-Est, pr\u00e9f\u00e8te du Rh\u00f4ne \u2013  M. Antoine GUERIN ;\nVu le d\u00e9cret du 15 mai 2025 portant nomination du pr\u00e9fet, secr\u00e9taire g\u00e9n\u00e9ral de la pr\u00e9fecture du  \nRh\u00f4ne, pr\u00e9fet d\u00e9l\u00e9gu\u00e9 pour l'\u00e9galit\u00e9 des chances aupr\u00e8s de la pr\u00e9f\u00e8te de la r\u00e9gion Auvergne-Rh\u00f4ne-\nAlpes, pr\u00e9f\u00e8te de la zone de d\u00e9fense et de s\u00e9curit\u00e9 Sud-Est, pr\u00e9f\u00e8te du Rh\u00f4ne - M. Fabrice ROSAY ;\nVu le d\u00e9cret du 23 mai 2025 portant nomination de la sous-pr\u00e9f\u00e8te charg\u00e9e de mission aupr\u00e8s du  \npr\u00e9fet de la r\u00e9gion Auvergne-Rh\u00f4ne-Alpes, pr\u00e9fet de la zone de d\u00e9fense et de s\u00e9curit\u00e9 Sud-Est,  \npr\u00e9fet du Rh\u00f4ne - Mme Anne LAYBOURNE ;\nVu le d\u00e9cret du 5 septembre 2025 portant nomination du directeur de cabinet de la pr\u00e9f\u00e8te de la  \nr\u00e9gion Auvergne-Rh\u00f4ne-Alpes, pr\u00e9f\u00e8te de la zone de d\u00e9fense et de s\u00e9curit\u00e9 Sud-Est, pr\u00e9f\u00e8te du  \nRh\u00f4ne - M. Lucas TURGIS ;\nSur proposition du pr\u00e9fet d\u00e9l\u00e9gu\u00e9 pour la d\u00e9fense et la s\u00e9curit\u00e9 ;\nARR\u00caTE\n3/9\n69_Pr\u00e9f_Pr\u00e9fecture du Rh\u00f4ne - 69-2026-04-02-00007 - Arr\u00eat\u00e9 pr\u00e9fectoral portant d\u00e9l\u00e9gation de signature \u00e0 M. Antoine GUERIN, pr\u00e9fet\nd\u00e9l\u00e9gu\u00e9 pour la d\u00e9fense et la s\u00e9curit\u00e9 aupr\u00e8s de la pr\u00e9f\u00e8te de la r\u00e9gion Auvergne-Rh\u00f4ne-Alpes, pr\u00e9f\u00e8te de la zone de d\u00e9fense et de\ns\u00e9curit\u00e9 Sud-Est, pr\u00e9f\u00e8te du Rh\u00f4ne\n44\nArticle 1 : Dans le d\u00e9partement du Rh\u00f4ne d\u00e9l\u00e9gation de signature est donn\u00e9e \u00e0 M. Antoine GUERIN, \npr\u00e9fet d\u00e9l\u00e9gu\u00e9 pour la d\u00e9fense et la s\u00e9curit\u00e9, dans les mati\u00e8res int\u00e9ressant la direction et le contr\u00f4le \ndes services de police ainsi que la coordination op\u00e9rationnelle de l'ensemble des forces participant  \n\u00e0 la s\u00e9curit\u00e9.\nM. Antoine GUERIN,  est notamment habilit\u00e9 \u00e0 signer tous actes et d\u00e9cisions dans les domaines  \nsuivants :\n1. Maintien du bon ordre, de la s\u00fbret\u00e9 et de la tranquillit\u00e9 publique en application des articles  \nL 2212-1, L 2214-4, L 2215-1, L 2215-2, L 2215-3, L 2215-4 et L 2215-5 du code g\u00e9n\u00e9ral des  \ncollectivit\u00e9s territoriales.\n2. Interdiction  des  manifestations  sur  la  voie  publique  en  vertu  du  code  de  la  s\u00e9curit\u00e9  \nint\u00e9rieure.\n3. Emploi des forces de gendarmerie et des compagnies r\u00e9publicaines de s\u00e9curit\u00e9 pour assurer \nles op\u00e9rations de maintien de l'ordre et de s\u00e9curisation .\n4. Concours apport\u00e9s par les services de police et de gendarmerie dans le cadre de prestations \nne pouvant \u00eatre rattach\u00e9es aux obligations normales incombant \u00e0 la puissance publique en  \nmati\u00e8re  de  s\u00e9curit\u00e9  et  d'ordre  publics  :  affectation  et  mise  \u00e0  disposition  d'agents,  \nd\u00e9placement, emploi et mise \u00e0 disposition de v\u00e9hicules, de mat\u00e9riels ou d'\u00e9quipement et  \nprestations d'escorte.\n5. R\u00e9quisition  des  forces  arm\u00e9es  en  vue  de  leur  participation  au  maintien  de  l'ordre  en  \napplication de l'article 28 de l'instruction interminist\u00e9rielle n\u00b0 500/SGDN du 20 juillet 1970.\n6. Mise en demeure et \u00e9vacuation forc\u00e9e des gens du voyage stationnant irr\u00e9guli\u00e8rement.\n7 . D\u00e9cisions relatives aux recours pour dommages caus\u00e9s par le refus de pr\u00eater le concours de  \nla force publique (\u00e0 l'exclusion de l'engagement financier de l'indemnisation).\n8. Gestion des personnels et des moyens des services de police, la mise en \u0153uvre du plan de  \nmodernisation de la police nationale et des mesures de formation des fonctionnaires de  \npolice.\n9. Prononciation des sanctions disciplinaires du premier groupe pour :\n- les personnels d'encadrement et d'application de la police nationale \u00e0 l'exception des  \npersonnels servant en administration centrale, dans les services de renseignement int\u00e9rieur,  \ndans les compagnies r\u00e9publicaines de s\u00e9curit\u00e9 et dans les structures de formation en qualit\u00e9 \nde formateur et d'\u00e9l\u00e8ves,\n- les techniciens de la police technique et scientifique, \n- les agents sp\u00e9cialis\u00e9s de la police technique et scientifique,\n-  les  adjoints  techniques  de  la  police  nationale  \u00e0  l'exception  de  ceux  servant  en  \nadministration centrale.\n10. Saisine des commissions administratives paritaires locales si\u00e9geant en conseil de discipline.\n11. Fonctionnement du comit\u00e9 technique paritaire d\u00e9partemental des services de police.\n12. D\u00e9cisions relatives aux polices municipales telles qu'elles r\u00e9sultent de la loi n\u00b0 99-291 du 15  \navril 1999 et de ses d\u00e9crets d'application.\n13. D\u00e9cisions de fermeture d'\u00e9tablissements prises en application des dispositions de l'article L  \n8272-2 du code du travail.\nArticle  2  :  Dans  le  d\u00e9partement  du  Rh\u00f4ne  d\u00e9l\u00e9gation  de  signature  est  \u00e9galement  donn\u00e9e  \u00e0  \nM. Antoine  GUERIN,  pr\u00e9fet  d\u00e9l\u00e9gu\u00e9  pour  la  d\u00e9fense  et  la  s\u00e9curit\u00e9, \u00e0  l'effet  de  signer  dans  les  \nmati\u00e8res int\u00e9ressant la direction de la s\u00e9curit\u00e9 et de la protection civile, tous actes et d\u00e9cisions  \ndans les domaines suivants :\nI - R\u00c9GLEMENTATION CONCERNANT CERTAINES DISPOSITIONS DU CODE DE PROC\u00c9DURE \nP\u00c9NALE ET DU CODE P\u00c9NAL\n1. Avis sur la  lib\u00e9ration  conditionnelle des condamn\u00e9s  (article 730  du  code de proc\u00e9dure  \np\u00e9nale).\n2. Garde des d\u00e9tenus hospitalis\u00e9s (article D 386 du code de proc\u00e9dure p\u00e9nale).\n3. Pr\u00e9sidence du conseil d'\u00e9valuation des prisons (article D 180 du code de proc\u00e9dure p\u00e9nale).\n4. D\u00e9livrance des permis de visite aux d\u00e9tenus condamn\u00e9s hospitalis\u00e9s (article D 403 du code  \nde proc\u00e9dure p\u00e9nale).\n5. Avis pour l'agr\u00e9ment des visiteurs de prison (D 472 du code de proc\u00e9dure p\u00e9nale), des  \nm\u00e9decins (article D 364 du code de proc\u00e9dure p\u00e9nale) et des prestataires de service.\n4/9\n69_Pr\u00e9f_Pr\u00e9fecture du Rh\u00f4ne - 69-2026-04-02-00007 - Arr\u00eat\u00e9 pr\u00e9fectoral portant d\u00e9l\u00e9gation de signature \u00e0 M. Antoine GUERIN, pr\u00e9fet\nd\u00e9l\u00e9gu\u00e9 pour la d\u00e9fense et la s\u00e9curit\u00e9 aupr\u00e8s de la pr\u00e9f\u00e8te de la r\u00e9gion Auvergne-Rh\u00f4ne-Alpes, pr\u00e9f\u00e8te de la zone de d\u00e9fense et de\ns\u00e9curit\u00e9 Sud-Est, pr\u00e9f\u00e8te du Rh\u00f4ne\n45\n6. Avis sur les extractions de d\u00e9tenus en vertu de l'article D 316 du code de proc\u00e9dure p\u00e9nale.\n7 . Avis relatif \u00e0 la consultation du fichier judiciaire national des auteurs d'infraction sexuelles  \nou violentes pour les collectivit\u00e9s territoriales en vertu de l'article 706-53-7 du code de  \nproc\u00e9dure p\u00e9nale.\nII - POLICE G\u00c9N\u00c9RALE\n1. D\u00e9cisions concernant les syst\u00e8mes de vid\u00e9o-protection (Code de la S\u00e9curit\u00e9 Int\u00e9rieure art. L \n223-1 \u00e0 L 223-9, L 251-1 \u00e0 L 255-1 et art. R 251-1 \u00e0 R 253-4).\n2. D\u00e9cisions  de  fermeture  des  d\u00e9bits  de  boissons  (article  L  3332-15  du  code  de  la  sant\u00e9 \npublique)  et  octroi  des  d\u00e9rogations  aux  heures  de  fermeture  et  d'ouverture  de  ces  \n\u00e9tablissements.\n3. D\u00e9cisions de fermeture des \u00e9tablissements fixes ou mobiles de vente \u00e0 emporter (art. L 332-\n1 du CSI).\n4. D\u00e9cisions de fermeture des \u00e9tablissements diffusant de la musique (art. L 333-1 du CSI).\n5. D\u00e9cisions de fermeture des \u00e9tablissements pour travail dissimul\u00e9 (art. L 8272-2 du Code du  \nTravail).\n6. D\u00e9cisions de transfert de licence III ou IV (art. L 3332-11 du Code de la sant\u00e9 publique).\n7 . Institution des zones de protection et r\u00e9glementation de l'acc\u00e8s aux mineurs (art. L 3335-1, L \n3335-2, L 3335-8, L 3335-11,et L 3342-3 du code de la sant\u00e9 publique-d\u00e9cret n\u00b0 72-35 du 14  \njanvier 1972).\n8. Police des cercles et des casinos.\n9. D\u00e9cisions relatives aux concours de la force publique et aux expulsions locatives.\n10. Exercice des pouvoirs conf\u00e9r\u00e9s au Pr\u00e9fet par le Code de S\u00e9curit\u00e9 Int\u00e9rieure livre III titre 1 er \nfixant le r\u00e9gime des mat\u00e9riels de guerre, armes et munitions, leur acquisition, d\u00e9tention et  \nport.\n11. Autorisation des manifestations publiques de sports de combat (art R331-46 \u00e0 R331-54 du  \ncode du sport).\n12. Interdictions administratives de stade (art. L 332-16 du code du sport).\n13. D\u00e9cision restreignant la libert\u00e9 d'aller et venir des personnes se pr\u00e9valant de la qualit\u00e9 de  \nsupporter d'une \u00e9quipe ou se comportant comme tel (art. L 3332-16-2 du code du sport).\n14. Arr\u00eat\u00e9 relatif \u00e0 l'\u00e9tablissement des listes pr\u00e9paratoires de la liste annuelle du jury d'assises  \ndu Rh\u00f4ne.\nIII - R\u00c9GLEMENTATION PROFESSIONNELLE\n1. Double agr\u00e9ment des agents de s\u00fbret\u00e9 a\u00e9roportuaire (CSI livre VI - art. L 612-6 \u00e0 L 612-8 et L  \n612-9 \u00e0 L 612-13).\n2. Surveillance exceptionnelle de la voie publique par des agents de s\u00e9curit\u00e9 (CSI livre VI \u2013 art.  \nL 613-2 et R 613-5).\n3. Agr\u00e9ment des gardes particuliers et reconnaissance de l'aptitude des gardes particuliers.\nIV - R\u00c9GLEMENTATION G\u00c9N\u00c9RALE - A\u00c9RONAUTIQUE - FERROVIAIRE - ROUTI\u00c8RE - \nFLUVIALE - COMMERCIALE ET TOURISTIQUE\nA - A\u00e9ronautique\n1. Exercice des pouvoirs conf\u00e9r\u00e9s au Pr\u00e9fet par les articles R 131-3, D 233-2 et D 132-4 du code  \nde l'aviation civile et l'arr\u00eat\u00e9 du 10 octobre 1957 relatifs aux atterrissages, d\u00e9collages et  \n\u00e9volutions d'a\u00e9ronefs et objets volants y compris lors de spectacles publics.\n2. Police des installations a\u00e9ronautiques, des a\u00e9rodromes et des a\u00e9roports (article L 6332-2 du  \ncode des transports et d\u00e9cret n\u00b0 74-77 du 1er f\u00e9vrier 1974).\n3. Exercice des pouvoirs conf\u00e9r\u00e9s au Pr\u00e9fet par les articles D 233-2, D 233-6, D 233-8 du code  \nde l'aviation civile.\n4. Agr\u00e9ment des associations a\u00e9ronautiques (arr\u00eat\u00e9 minist\u00e9riel du 9 mai 1984).\n5. D\u00e9livrance des habilitations en zone r\u00e9serv\u00e9e a\u00e9roportuaires pr\u00e9vues par l'article R 213-5 du  \ncode de l'aviation civile.\n6. D\u00e9livrance  des  habilitations  hors  zone  r\u00e9serv\u00e9e  a\u00e9roportuaire  pr\u00e9vues  par  la  circulaire  \nNORINT/A/07/00100/C  du  3  octobre  2007  pour  les  personnes  devant  acc\u00e9der  aux  sites \n5/9\n69_Pr\u00e9f_Pr\u00e9fecture du Rh\u00f4ne - 69-2026-04-02-00007 - Arr\u00eat\u00e9 pr\u00e9fectoral portant d\u00e9l\u00e9gation de signature \u00e0 M. Antoine GUERIN, pr\u00e9fet\nd\u00e9l\u00e9gu\u00e9 pour la d\u00e9fense et la s\u00e9curit\u00e9 aupr\u00e8s de la pr\u00e9f\u00e8te de la r\u00e9gion Auvergne-Rh\u00f4ne-Alpes, pr\u00e9f\u00e8te de la zone de d\u00e9fense et de\ns\u00e9curit\u00e9 Sud-Est, pr\u00e9f\u00e8te du Rh\u00f4ne\n46\ns\u00e9curit\u00e9s des \u00ab chargeurs connus \u00bb et \u00ab agents habilit\u00e9s \u00bb, des \u00ab \u00e9tablissements connus \u00bb, ou  \nceux de leurs sous-traitants.\n7 . Autorisations des manifestations a\u00e9riennes (article R1321-3 du Code de l'aviation civile).\n8. D\u00e9rogations aux hauteurs de survol et autorisations de p\u00e9n\u00e9trer en ZRT.\nB - Ferroviaire\n1. Exercice des pouvoirs conf\u00e9r\u00e9s au Pr\u00e9fet par la loi du 15 juillet 1845 modifi\u00e9e et le d\u00e9cret du  \n22 mars 1942 relatifs \u00e0 la circulation, l'arr\u00eat et le stationnement des v\u00e9hicules dans les cours  \ndes  gares  et  l'int\u00e9grit\u00e9  des  voies  ferr\u00e9es,  de  leurs  accessoires  et  d\u00e9pendances  et  la  \ncirculation des convois.\nC - Routi\u00e8re\n1. D\u00e9signation des membres de la commission d\u00e9partementale de s\u00e9curit\u00e9 routi\u00e8re.\n2. D\u00e9signation des membres de la commission locale des transports publics particuliers de  \npersonnes.\n3. Missions  d\u00e9partementales  de  proximit\u00e9  relatives  aux  permis  de  conduire  :  \nsuspension/annulation, commissions m\u00e9dicales, saisie des d\u00e9cisions judiciaires.\n4. Missions  d\u00e9partementales  de  proximit\u00e9  relatives  aux  syst\u00e8mes  d'immatriculation  des  \nv\u00e9hicules  :  inscriptions  et  lev\u00e9e  des  immobilisations,  inscription  des  saisies,  lev\u00e9e  \nd'opposition \u00e0 transfert sur certificat d'immatriculation, inscriptions de la remise du titre  \naux forces de l'ordre et de la restitution d'un titre retenu, enqu\u00eate en cas de num\u00e9ro de s\u00e9rie \nen doublon ou de correction de num\u00e9ro de s\u00e9rie.\n5. Arr\u00eat\u00e9s  relatifs  \u00e0  la  circulation  routi\u00e8re  sur  la  voirie  nationale  et  sur  les  voies  \nd\u00e9partementales class\u00e9es routes \u00e0 grande circulation (articles R 411.4, R 411.8, R 411.18, R  \n415.8, R 415.10 et R 421.3 du code de la route) et aux transports de mati\u00e8res dangereuses  \n(arr\u00eat\u00e9 minist\u00e9riel du 15 avril 1945).\n6. Homologation des  circuits  de  vitesse  et  autorisation  des  \u00e9preuves  sportives  sur  la voie  \npublique ou dans les lieux non ouverts \u00e0 la circulation publique et comportant des v\u00e9hicules \n\u00e0 moteur en application des articles R 331-6 \u00e0 R 331-44 du code du sport.\n7 . Habilitation de certains agents des services publics urbains, de transport en commun de  \nvoyageurs,  \u00e0  constater  les  infractions  qui  affectent  en  agglom\u00e9ration,  la  circulation,  le  \nstationnement et l'arr\u00eat des v\u00e9hicules de ces services en application du d\u00e9cret du 15 janvier  \n1997 .\n8. Agr\u00e9ment des \u00e9tablissements relatifs \u00e0 l'\u00e9ducation routi\u00e8re, des centres de sensibilisation \u00e0  \nla s\u00e9curit\u00e9 routi\u00e8re, des centres de formation \u00e0 la profession de chauffeur de taxi, \u00e0 la  \nprofession de chauffeur VTC, \u00e0 la profession d'enseignant de la conduite.\n9. Arr\u00eat\u00e9s relatifs \u00e0 la profession de chauffeur de taxi, de chauffeur VTC, d'enseignant de la  \nconduite et d'animateur de stages de sensibilisation \u00e0 la s\u00e9curit\u00e9 routi\u00e8re.\n10. Agr\u00e9ment des gardiens de fourri\u00e8re.\nD - Fluviale\n1. R\u00e9glementation de la circulation de la navigation et des activit\u00e9s sportives et touristiques  \nsur le Rh\u00f4ne et la Sa\u00f4ne.\nE - Transports publics guid\u00e9s \n1. Arr\u00eat\u00e9s  portant  sur  l'approbation  des  dossiers  relatifs  \u00e0  la  s\u00e9curit\u00e9  et  autorisation  \nd'exploitation en application du d\u00e9cret n\u00b02017-440 du  30 mars 2017 relatif \u00e0 la s\u00e9curit\u00e9 des  \ntransports publics guid\u00e9s.\nV - PROTECTION CIVILE\nLes arr\u00eat\u00e9s, d\u00e9cisions et actes relevant des attributions du service interminist\u00e9riel de d\u00e9fense et de  \nla protection civile et, en particulier :\n1. Pr\u00e9paration, \u00e9tablissement et ex\u00e9cution des plans de secours,\n2. Pr\u00e9paration, \u00e9tablissement et ex\u00e9cution des mesures non militaires de d\u00e9fense,\n6/9\n69_Pr\u00e9f_Pr\u00e9fecture du Rh\u00f4ne - 69-2026-04-02-00007 - Arr\u00eat\u00e9 pr\u00e9fectoral portant d\u00e9l\u00e9gation de signature \u00e0 M. Antoine GUERIN, pr\u00e9fet\nd\u00e9l\u00e9gu\u00e9 pour la d\u00e9fense et la s\u00e9curit\u00e9 aupr\u00e8s de la pr\u00e9f\u00e8te de la r\u00e9gion Auvergne-Rh\u00f4ne-Alpes, pr\u00e9f\u00e8te de la zone de d\u00e9fense et de\ns\u00e9curit\u00e9 Sud-Est, pr\u00e9f\u00e8te du Rh\u00f4ne\n47\n3. Avis sur les plans de secours \u00e9labor\u00e9s par les collectivit\u00e9s et entreprises \u00e0 risques,\n4. Gestion des outils op\u00e9rationnels,\n5. Avis sur les dossiers des installations class\u00e9es pour la protection de l'environnement  et  \nparticipation  au  conseil  d\u00e9partemental  de  l'environnement  et  des  risques  sanitaires  et  \ntechnologiques,\n6. Suivi et gestion des secteurs et activit\u00e9s d'importance vitale : avis sur les plans de s\u00e9curit\u00e9  \ndes op\u00e9rateurs, approbation des plans particuliers de protection et \u00e9tablissement des plans  \nde protection externes,\n7 . Suivi et gestion des syst\u00e8mes d'alerte de la population,\n8. Organisation et participation aux travaux de la commission consultative d\u00e9partementale de  \ns\u00e9curit\u00e9  et  d'accessibilit\u00e9  ainsi  que  des  diff\u00e9rentes  sous-commissions  auxquelles  sont \nd\u00e9l\u00e9gu\u00e9es ses comp\u00e9tences,\n9. Suivi des avis d\u00e9favorables \u00e9mis par les commissions de s\u00e9curit\u00e9,  et, en cas de carence du  \nmaire, fermeture des \u00e9tablissements recevant du public concern\u00e9s,\n10. Exercice des pouvoirs de police du pr\u00e9fet dans les immeubles de grande hauteur et les  \n\u00e9tablissements recevant du public relevant de sa comp\u00e9tence,\n11. Information pr\u00e9ventive de la population en application de l'article L 124-1 et suivants du  \ncode de l'environnement,\n12. D\u00e9veloppement du secourisme : suivi et agr\u00e9ment des associations, organisation des jurys et \nexamens  de  secourisme,  d\u00e9livrance  des  dipl\u00f4mes,  conventions  avec  les  associations  de \nsecourisme agr\u00e9\u00e9es,\n13. Organisation et suivi du conseil d\u00e9partemental de s\u00e9curit\u00e9 civile, correspondances avec les \n\u00e9lus,\n14. Instruction  des  demandes  de  reconnaissance  de  l'\u00e9tat  de  catastrophe  naturelle  et \nnotification des d\u00e9cisions de la commission interminist\u00e9rielle,\n15. Mesures d'urgence relatives \u00e0 la s\u00e9curit\u00e9 de la navigation fluviale,\n16. Agr\u00e9ments techniques et autorisations d'exploitation (art R 2352-110 du code de la d\u00e9fense) \npour les d\u00e9p\u00f4ts et d\u00e9bits de produits explosifs,\n17 . Suspension d'activit\u00e9 et d'agr\u00e9ment technique des d\u00e9p\u00f4ts et d\u00e9bits de produits explosifs  \n(art R 2352-95 et 107 du code de la d\u00e9fense),\n18. Autorisations d'acquisition de produits explosifs et de d\u00e9tonateurs (art R 2352-74 du code  \nde la d\u00e9fense) quelles que soient les quantit\u00e9s et autorisations d'utiliser d\u00e8s leur r\u00e9ception  \nles produits explosifs,\npour des quantit\u00e9s \u00e9gales ou sup\u00e9rieures \u00e0 25 kg et (ou) 500 d\u00e9tonateurs (art R 2352-81 du  \ncode de la d\u00e9fense),\n19. Autorisations de transports de produits explosifs, habilitations \u00e0 la garde, \u00e0 la mise en \u0153uvre \net au tir de produits explosifs et agr\u00e9ments \u00e0 la connaissance des mouvements de produits  \nexplosifs (art R 2352-76, 87 et 118 du code de la d\u00e9fense),\n20. R\u00e9glementation des artifices de divertissement,\n21. D\u00e9claration des spectacles pyrotechniques de cat\u00e9gorie 4 (ou C4), T2 ou de plus de 35 kilos  \nde mati\u00e8re active ; validation d\u00e8s la qualification des artificiers de niveau 1 et 2  ; d\u00e9livrance \ndes agr\u00e9ments pour l'usage des artifices de cat\u00e9gorie 2 et 3 destin\u00e9s \u00e0 \u00eatre lanc\u00e9s \u00e0 l'aide  \nd'un mortier,\n22. Agr\u00e9ment des d\u00e9p\u00f4ts d'artifices de divertissement et agr\u00e9ments des centres d\u00e9livrant la  \nformation relative au certificat de qualification,\n23. D\u00e9livrance conjointe, avec le recteur d'Acad\u00e9mie, du certificat de pr\u00e9pos\u00e9 au tir,\n24. Habilitations au titre de la protection du secret.\nVI \u2013 SECURITE ROUTIERE\nLes arr\u00eat\u00e9s, d\u00e9cisions et actes relatifs \u00e0 la pr\u00e9vention de la d\u00e9linquance routi\u00e8re et \u00e0 la lutte contre  \nl'ins\u00e9curit\u00e9 routi\u00e8re, \u00e0 l'\u00e9laboration et \u00e0 la mise en \u0153uvre du PDASR et du programme ECPA.\nVII - CONTENTIEUX\nM\u00e9moires  et  d\u00e9f\u00e9r\u00e9s  aupr\u00e8s  des  diff\u00e9rentes  juridictions  dans  les  domaines  qui  rel\u00e8vent  de  sa \ncomp\u00e9tence.\n7/9\n69_Pr\u00e9f_Pr\u00e9fecture du Rh\u00f4ne - 69-2026-04-02-00007 - Arr\u00eat\u00e9 pr\u00e9fectoral portant d\u00e9l\u00e9gation de signature \u00e0 M. Antoine GUERIN, pr\u00e9fet\nd\u00e9l\u00e9gu\u00e9 pour la d\u00e9fense et la s\u00e9curit\u00e9 aupr\u00e8s de la pr\u00e9f\u00e8te de la r\u00e9gion Auvergne-Rh\u00f4ne-Alpes, pr\u00e9f\u00e8te de la zone de d\u00e9fense et de\ns\u00e9curit\u00e9 Sud-Est, pr\u00e9f\u00e8te du Rh\u00f4ne\n48\nArticle  3  :  Dans  le  d\u00e9partement  du  Rh\u00f4ne  d\u00e9l\u00e9gation  de  signature  est  \u00e9galement  donn\u00e9e  \u00e0  \nM. Antoine GUERIN, pr\u00e9fet d\u00e9l\u00e9gu\u00e9 pour la d\u00e9fense et la s\u00e9curit\u00e9,  \u00e0 l'effet de signer, les arr\u00eat\u00e9s,  \nd\u00e9cisions et actes relevant des attributions du service d\u00e9partemental-m\u00e9tropolitain d'incendie et  \nde secours.\nArticle 4 :  D\u00e9l\u00e9gation de signature est en outre donn\u00e9e \u00e0 M. Antoine GUERIN \u00e0 l'effet de signer, au \nniveau  d\u00e9partemental,  tous  arr\u00eat\u00e9s,  d\u00e9cisions,  circulaires  relevant  des  attributions  de  l'\u00c9tat  en \nmati\u00e8re de pr\u00e9vention de la d\u00e9linquance.\nArticle 5 :  En cas d'absence ou d'emp\u00eachement de M. Antoine GUERIN, la d\u00e9l\u00e9gation de signature \nvis\u00e9e aux articles 1, 2, 3 et 4 est donn\u00e9e \u00e0  M. Fabrice ROSAY, pr\u00e9fet, secr\u00e9taire g\u00e9n\u00e9ral de la  \npr\u00e9fecture du Rh\u00f4ne, pr\u00e9fet d\u00e9l\u00e9gu\u00e9 pour l'\u00e9galit\u00e9 des chances  aupr\u00e8s de la pr\u00e9f\u00e8te de la r\u00e9gion  \nAuvergne-Rh\u00f4ne-Alpes, pr\u00e9f\u00e8te de la zone de d\u00e9fense et de s\u00e9curit\u00e9 Sud-Est, pr\u00e9f\u00e8te du Rh\u00f4ne, ou \nen son absence ou emp\u00eachement \u00e0 M. Lucas TURGIS, directeur de cabinet de la pr\u00e9f\u00e8te de la r\u00e9gion \nAuvergne-Rh\u00f4ne-Alpes, pr\u00e9f\u00e8te de la zone de d\u00e9fense et de s\u00e9curit\u00e9 Sud-Est, pr\u00e9f\u00e8te du Rh\u00f4ne, ou  \nen son absence ou emp\u00eachement \u00e0 Mme Judith HUSSON, sous-pr\u00e9f\u00e8te charg\u00e9e de mission aupr\u00e8s  \nde la pr\u00e9f\u00e8te de la r\u00e9gion Auvergne-Rh\u00f4ne-Alpes, pr\u00e9f\u00e8te de la zone de d\u00e9fense et de s\u00e9curit\u00e9 Sud-\nEst, pr\u00e9f\u00e8te du Rh\u00f4ne,  ou en son absence ou emp\u00eachement,  \u00e0 Mme Charlotte CREPON, sous-\npr\u00e9f\u00e8te charg\u00e9e de mission aupr\u00e8s de la pr\u00e9f\u00e8te de la r\u00e9gion Auvergne-Rh\u00f4ne-Alpes, pr\u00e9f\u00e8te de la  \nzone de d\u00e9fense et de s\u00e9curit\u00e9 Sud-Est, pr\u00e9f\u00e8te du Rh\u00f4ne, o u en son absence ou emp\u00eachement \u00e0 \nM.  Jean-Marc  GALLAND,  sous-pr\u00e9fet  de  l'arrondissement  de  Villefranche-sur-Sa\u00f4ne,  ou  en  son \nabsence ou emp\u00eachement \u00e0 Mme Anne LAYBOURNE, sous-pr\u00e9f\u00e8te charg\u00e9e de mission aupr\u00e8s de la  \npr\u00e9f\u00e8te de la r\u00e9gion Auvergne-Rh\u00f4ne-Alpes, pr\u00e9f\u00e8te de la zone de d\u00e9fense et de s\u00e9curit\u00e9 Sud-Est,  \npr\u00e9f\u00e8te du Rh\u00f4ne.\nArticle 6 :  En cas d'absence ou d'emp\u00eachement de M. Antoine GUERIN, la d\u00e9l\u00e9gation de signature  \nvis\u00e9e \u00e0 l'article 2-V est \u00e9galement donn\u00e9e \u00e0 M. Ernest MOUTOUSSAMY, directeur de la s\u00e9curit\u00e9 et de \nla  protection  civile.  En  cas  d'absence  ou  d'emp\u00eachement  de  M.  Ernest  MOUTOUSSAMY,  la \nd\u00e9l\u00e9gation de signature est donn\u00e9e \u00e0 :\n\u2022 M. Emmanuel BERNE, ing\u00e9nieur divisionnaire, chef du service interminist\u00e9riel de d\u00e9fense et  \nde protection civiles,\n\u2022 Mme Sylvia LEGRIS,  attach\u00e9e, chef du bureau de la planification, de la d\u00e9fense et des  \nrisques sanitaires,\n\u2022 Mme Marie PAUGET, attach\u00e9e principale, cheffe du bureau pr\u00e9vention.\nArticle 7 :  En cas d'absence ou d'emp\u00eachement de M. Antoine GUERIN, la d\u00e9l\u00e9gation de signature  \nvis\u00e9e  \u00e0  l'article  3  est  \u00e9galement  donn\u00e9e  au  contr\u00f4leur  g\u00e9n\u00e9ral  St\u00e9phane  GOUEZEC,  directeur \nd\u00e9partemental  et  m\u00e9tropolitain  des  services  d'incendie  et  de  secours.  En  cas  d'absence  ou  \nd'emp\u00eachement  du  contr\u00f4leur  g\u00e9n\u00e9ral  St\u00e9phane  GOUEZEC,  directeur  d\u00e9partemental  et  \nm\u00e9tropolitain, la d\u00e9l\u00e9gation de signature est donn\u00e9e au :\n\u2022 Colonelle hors classe L\u00e6titia DIDIER, directrice d\u00e9partementale et m\u00e9tropolitaine adjointe,\n\u2022 Colonel Lionel CHABERT, sous-directeur des groupements territoriaux,\n\u2022 Lieutenant-colonel S\u00e9bastien PONTET, sous-directeur de la pr\u00e9vention et de l'organisation  \ndes secours,\n\u2022 Lieutenant-colonel Dominique DREVET, sous-directeur des ressources humaines,\n\u2022 Lieutenant-colonel J\u00e9r\u00f4me BELLERET, sous-directeur des moyens mat\u00e9riels.\nArticle 8 :  En cas d'absence ou d'emp\u00eachement de M. Antoine GUERIN, la d\u00e9l\u00e9gation de signature  \nvis\u00e9e \u00e0 l'article 2-II alin\u00e9a 1, alin\u00e9as 3 \u00e0 13, \u00e0 l'article 2-III, \u00e0 l'article 2-IV-A alin\u00e9as 1, 2, 3, 4, 7 et 8, \u00e0 \nl'article 2-IV-B, \u00e0 l'article 2-IV-C alin\u00e9as 2  \u00e0 10 , \u00e0 l'article 2-IV-D, et \u00e0 l'article 2-VI est donn\u00e9e \u00e0  \nM. Ernest MOUTOUSSAMY, directeur de la s\u00e9curit\u00e9 et de la protection civile.\nLa d\u00e9l\u00e9gation de signature vis\u00e9e \u00e0 l'article 2-II alin\u00e9a 1 et alin\u00e9as 3 \u00e0 11, \u00e0 l'article 2-III, \u00e0 l'article 2-IV-\nA alin\u00e9as 1, 2, 3, 4, 7 et 8 , \u00e0 l'article 2-IV-C alin\u00e9as 3, 4 et l'alin\u00e9as 6 \u00e0 10, et de l'article 2-IV-D, est  \n\u00e9galement  donn\u00e9e  \u00e0  M.  Richard  WILPOTTE,  attach\u00e9  principal,  chef  du  bureau  des  polices  \nadministratives, et \u00e0 Mme Alice TARDY, attach\u00e9e, adjointe au chef de bureau.\n8/9\n69_Pr\u00e9f_Pr\u00e9fecture du Rh\u00f4ne - 69-2026-04-02-00007 - Arr\u00eat\u00e9 pr\u00e9fectoral portant d\u00e9l\u00e9gation de signature \u00e0 M. Antoine GUERIN, pr\u00e9fet\nd\u00e9l\u00e9gu\u00e9 pour la d\u00e9fense et la s\u00e9curit\u00e9 aupr\u00e8s de la pr\u00e9f\u00e8te de la r\u00e9gion Auvergne-Rh\u00f4ne-Alpes, pr\u00e9f\u00e8te de la zone de d\u00e9fense et de\ns\u00e9curit\u00e9 Sud-Est, pr\u00e9f\u00e8te du Rh\u00f4ne\n49\nArticle 9 : En cas d'absence ou d'emp\u00eachement de M. Ernest MOUTOUSSAMY, la d\u00e9l\u00e9gation vis\u00e9e \u00e0 \nl'article 2-VI  est  donn\u00e9e  \u00e0  Mme  Carole ZMYSLONY,  attach\u00e9e,  cheffe du  bureau  de la s\u00e9curit\u00e9  \nrouti\u00e8re, \u00e0 l'exception des actes \u00e0 caract\u00e8re r\u00e9glementaire.\nArticle 10 : D\u00e9l\u00e9gation est donn\u00e9e \u00e0 Mme Patricia GONACHON, commissaire g\u00e9n\u00e9rale, directrice de \ncabinet, \u00e0 l'effet de signer d'une mani\u00e8re permanente tous les documents \u00e9tablis par le cabinet du  \npr\u00e9fet d\u00e9l\u00e9gu\u00e9 pour la d\u00e9fense et la s\u00e9curit\u00e9 autres que ceux vis\u00e9s \u00e0 l'article 1, \u00e0 l'article 2-II \u00e0 V et \u00e0  \nl'article 3, sous r\u00e9serv e des dispositions de l'alin\u00e9a suivant, \u00e0 l'exception des actes \u00e0 caract\u00e8re  \nr\u00e9glementaire.\nEn cas d'absence ou d'emp\u00eachement de  M. Antoine GUERIN , la d\u00e9l\u00e9gation de signature vis\u00e9e \u00e0  \nl'article 1, alin\u00e9as 3, 10, et 11, \u00e0 l'article 2-I, \u00e0 l'article 2-IV-A, alin\u00e9as 5 et 6, \u00e0 l'article 2-IV-C alin\u00e9a 3  \nest donn\u00e9e \u00e0 Mme Patricia GONACHON.\nEn cas d'absence ou d'emp\u00eachement  de Mme Patricia GONACHON,  la d\u00e9l\u00e9gation de signature  \nvis\u00e9e \u00e0 l'article 2-IV-C alin\u00e9a 3 est donn\u00e9e \u00e0 :\n\u2022 Marwan LARAICH, commissaire,\n\u2022 M. Philippe VAILLER, colonel,\n\u2022 M. St\u00e9phane CERNA, commandant,\n\u2022 M. Laurent HYP , commandant,\n\u2022 M. TH\u00c9O RIVOIRE, attach\u00e9 principal,\n\u2022 Mme Claire GRAND, secr\u00e9taire administratif de classe normale.\nArticle 11 : En cas d'absence ou d'emp\u00eachement de M. Antoine GUERIN, la d\u00e9l\u00e9gation de signature \nvis\u00e9e \u00e0 l'article 1 alin\u00e9a 9 est donn\u00e9e \u00e0 Mme B\u00e9atrice BRUN, inspectrice g\u00e9n\u00e9rale des services actifs  \nde  la  police  nationale,  directrice  zonale  de  la  police  nationale  \u00e0  Lyon  dans  la  limite  de  ses  \nattributions et pour son service.\nArticle 12 : En cas d'absence ou d'emp\u00eachement de M. Antoine GUERIN, la d\u00e9l\u00e9gation de signature \nvis\u00e9e \u00e0 l'article 1 alin\u00e9a 4 est donn\u00e9e \u00e0 M. Nelson BOUARD, inspecteur g\u00e9n\u00e9ral des services actifs de \nla police nationale, directeur interd\u00e9partemental de la police nationale \u00e0 Lyon, dans la limite de ses \nattributions et pour son service.\nArticle 13 : En cas d'absence ou d'emp\u00eachement de M. Antoine GUERIN, la d\u00e9l\u00e9gation de signature \nvis\u00e9e  \u00e0  l'article  1  alin\u00e9a  4  est  donn\u00e9e  \u00e0  Mme  Sylvia  SAINT-CIERGE,  colonelle,  commandant  le \ngroupement de gendarmerie du Rh\u00f4ne, dans la limite de ses attributions et pour son service. \nArticle  14  :  Le  pr\u00e9sent  arr\u00eat\u00e9  peut  faire  l'objet  d'un  recours  contentieux  devant  le  tribunal  \nadministratif  de  Lyon  dans  un  d\u00e9lai  de  deux  mois  \u00e0  compter  de  sa  publication.  Le  tribunal  \nadministratif peut \u00eatre saisi d'une requ\u00eate d\u00e9pos\u00e9e sur le site www.telerecours.fr.\nArticle 15 :  Le  pr\u00e9fet d\u00e9l\u00e9gu\u00e9 pour la d\u00e9fense et la s\u00e9curit\u00e9, et le pr\u00e9fet, secr\u00e9taire g\u00e9n\u00e9ral de la  \npr\u00e9fecture, pr\u00e9fet d\u00e9l\u00e9gu\u00e9 pour l'\u00e9galit\u00e9 des chances, sont charg\u00e9s, chacun pour ce qui le concerne, \nde l'ex\u00e9cution du pr\u00e9sent arr\u00eat\u00e9 qui sera publi\u00e9 au recueil des actes administratifs de la pr\u00e9fecture  \ndu Rh\u00f4ne.\n9/9\nLa pr\u00e9f\u00e8te,\nSign\u00e9\nFabienne BUCCIO\n69_Pr\u00e9f_Pr\u00e9fecture du Rh\u00f4ne - 69-2026-04-02-00007 - Arr\u00eat\u00e9 pr\u00e9fectoral portant d\u00e9l\u00e9gation de signature \u00e0 M. Antoine GUERIN, pr\u00e9fet\nd\u00e9l\u00e9gu\u00e9 pour la d\u00e9fense et la s\u00e9curit\u00e9 aupr\u00e8s de la pr\u00e9f\u00e8te de la r\u00e9gion Auvergne-Rh\u00f4ne-Alpes, pr\u00e9f\u00e8te de la zone de d\u00e9fense et de\ns\u00e9curit\u00e9 Sud-Est, pr\u00e9f\u00e8te du Rh\u00f4ne\n50\n69_Pr\u00e9f_Pr\u00e9fecture du Rh\u00f4ne\n69-2026-04-02-00006\nArr\u00eat\u00e9 pr\u00e9fectoral portant d\u00e9l\u00e9gation de\nsignature aux agents de la pr\u00e9fecture\n69_Pr\u00e9f_Pr\u00e9fecture du Rh\u00f4ne - 69-2026-04-02-00006 - Arr\u00eat\u00e9 pr\u00e9fectoral portant d\u00e9l\u00e9gation de signature aux agents de la pr\u00e9fecture 51\nDirection de la coordination\ndes politiques interminist\u00e9rielles\nLyon, 02 avril 2026\nARR\u00caT\u00c9 PR\u00c9FECTORAL N\u00b0  69-2026-04-02-00006\nportant d\u00e9l\u00e9gation de signature aux agents de la pr\u00e9fecture\nLA PR\u00c9F\u00c8TE DE LA R\u00c9GION AUVERGNE-RH\u00d4NE-ALPES,\nPR\u00c9F\u00c8TE DE LA ZONE DE D\u00c9FENSE ET DE S\u00c9CURIT\u00c9 SUD-EST,\nPR\u00c9F\u00c8TE DU RH\u00d4NE\nCommandeur de la L\u00e9gion d'honneur\nCommandeur de l'ordre national du M\u00e9rite\nVu la loi n\u00b0 82-213 du 2 mars 1982 modifi\u00e9e relative aux droits et libert\u00e9s des communes, des  \nd\u00e9partements et des r\u00e9gions ;\nVu la loi n\u00b0 92-125 du 6 f\u00e9vrier 1992 modifi\u00e9e relative \u00e0 l'administration territoriale de la R\u00e9publique ;\nVu la loi n\u00b0 2004-809 du 13 ao\u00fbt 2004 modifi\u00e9e relative aux libert\u00e9s et responsabilit\u00e9s locales ;\nVu le d\u00e9cret n\u00b0 2004-374 du 29 avril 2004 modifi\u00e9 relatif aux pouvoirs des pr\u00e9fets, \u00e0 l'organisation et \n\u00e0 l'action des services de l'\u00c9tat dans les r\u00e9gions et d\u00e9partements ;\nVu  le  d\u00e9cret  n\u00b0  2019-38  du  23  janvier  2019  relatif  aux  comp\u00e9tences  des  pr\u00e9fets  en  mati\u00e8re  \nd'enregistrement de la demande d'asile et de mise en \u0153uvre des proc\u00e9dures relevant du r\u00e8glement \ndu 26 juin 2013 dit \u00ab Dublin III \u00bb  et l'a rr\u00eat\u00e9 du 12 d\u00e9cembre 2018 portant r\u00e9gionalisation de la  \nproc\u00e9dure de d\u00e9termination de l'\u00c9tat responsable de l'examen de la demande d'asile dans la r\u00e9gion \nAuvergne-Rh\u00f4ne-Alpes ;\nVu le d\u00e9cret du  11 janvier 2023  en conseil des ministres portant nomination de Mme Fabienne  \nBUCCIO en qualit\u00e9 de pr\u00e9f\u00e8te de la r\u00e9gion Auvergne-Rh\u00f4ne-Alpes, pr\u00e9f\u00e8te de la zone de d\u00e9fense et  \nde s\u00e9curit\u00e9 Sud-Est, pr\u00e9f\u00e8te du Rh\u00f4ne (hors classe) ;\nVu le proc\u00e8s-verbal d'installation de Mme Fabienne BUCCIO en qualit\u00e9 de pr\u00e9f\u00e8te de la r\u00e9gion  \nAuvergne-Rh\u00f4ne-Alpes, pr\u00e9f\u00e8te de la zone de d\u00e9fense et de s\u00e9curit\u00e9 Sud-Est, pr\u00e9f\u00e8te du Rh\u00f4ne , \u00e0 \ncompter du 30 janvier 2023 ;\nVu le d\u00e9cret du 15 mai 2025 portant nomination du pr\u00e9fet, secr\u00e9taire g\u00e9n\u00e9ral de la pr\u00e9fecture du  \nRh\u00f4ne, pr\u00e9fet d\u00e9l\u00e9gu\u00e9 pour l'\u00e9galit\u00e9 des chances aupr\u00e8s de la pr\u00e9f\u00e8te de la r\u00e9gion Auvergne-Rh\u00f4ne-\nAlpes, pr\u00e9f\u00e8te de la zone de d\u00e9fense et de s\u00e9curit\u00e9 Sud-Est, pr\u00e9f\u00e8te du Rh\u00f4ne - M. Fabrice ROSAY ;\nVu  les  d\u00e9cisions  pr\u00e9fectorales  portant  affectation  des  personnels  au  sein  des  services  de  la  \npr\u00e9fecture ;\nSur proposition du pr\u00e9fet, secr\u00e9taire g\u00e9n\u00e9ral de la pr\u00e9fecture du Rh\u00f4ne ;\n1/7\n69_Pr\u00e9f_Pr\u00e9fecture du Rh\u00f4ne - 69-2026-04-02-00006 - Arr\u00eat\u00e9 pr\u00e9fectoral portant d\u00e9l\u00e9gation de signature aux agents de la pr\u00e9fecture 52\nARR\u00caTE\nArticle 1  : D\u00e9l\u00e9gation de signature est donn\u00e9e aux directeurs et aux chefs de bureau d\u00e9sign\u00e9s  \nci-apr\u00e8s  \u00e0  l'effet  de signer  d'une  mani\u00e8re permanente  les  actes  administratifs,  \u00e9tablis  par  leur  \ndirection,  ou  bureau,  \u00e0  l'exception  des  actes  \u00e0  caract\u00e8re  r\u00e9glementaire,  des  circulaires,  des  \ninstructions g\u00e9n\u00e9rales et des correspondances destin\u00e9es aux \u00e9lus :\n\u2022 Mme Maud BESSON, directrice des migrations et de l'int\u00e9gration,\n\u2022 Mme Lucie RIGAUX, directrice des affaires juridiques et de l'administration locale,\n\u2022 M. Ernest MOUTOUSSAMY, directeur de la s\u00e9curit\u00e9 et de la protection civile,\n\u2022 M. St\u00e9phane TRONTIN, directeur de la coordination des politiques interminist\u00e9rielles,\n\u2022 M. Nordine SAOUDI, directeur du centre d'expertise et de ressources titres,\n\u2022 M. Chaouki AMARA, chef de cabinet,\n\u2022 M. Fabien DESPINASSE, chef du service r\u00e9gional de la communication interminist\u00e9rielle.\nArticle 2  : En cas d'absence ou d'emp\u00eachement des personnes cit\u00e9es \u00e0 l'article 1, d\u00e9l\u00e9gation de  \nsignature est donn\u00e9e aux agents dont les noms suivent, \u00e0 l'effet de signer la totalit\u00e9 des actes  \n\u00e9tablis  par  la  direction  dont  ils  d\u00e9pendent,  dans  leurs  domaines  de  comp\u00e9tence  respectifs,  \u00e0 \nl'exception des actes \u00e0 caract\u00e8re r\u00e9glementaire, des circulaires, des instructions g\u00e9n\u00e9rales et des  \ncorrespondances destin\u00e9es aux \u00e9lus :\nDIRECTION DES MIGRATIONS ET DE L'INT\u00c9GRATION\n\u2022 Mme  Maryke  LE  MOGNE,  attach\u00e9e  principale,  directrice  adjointe  des  migrations  et  de  \nl'int\u00e9gration,\n\u2022 Mme Margaux LARUE, attach\u00e9e principale, cheffe du bureau de l'accueil et de l'admission au \ns\u00e9jour,\n\u2022 Mme Aude SIGNOUREL, attach\u00e9e principale, cheffe du bureau des examens sp\u00e9cialis\u00e9s,\n\u2022 Mme G\u00e9raldine SEMOULIN, attach\u00e9e principale, cheffe du bureau de l'\u00e9loignement,\n\u2022 Mme Anna EUZET, attach\u00e9e principale,  cheffe du bureau de l'asile et de l'h\u00e9bergement -  \nguichet unique des demandeurs d'asile de Lyon,\n\u2022 M.  Patrick  LAFABRIER,  attach\u00e9  principal,  chef  du  bureau  des  affaires  g\u00e9n\u00e9rales  et  du  \ncontentieux,\n\u2022 M.  Olivier  VERCASSON,  attach\u00e9  principal,  responsable  de  la  plateforme  \ninterd\u00e9partementale des naturalisations,\n\u2022 Mme Jessica PERON, attach\u00e9e, cheffe du p\u00f4le r\u00e9gional Dublin.\nDIRECTION DES AFFAIRES JURIDIQUES ET DE L'ADMINISTRATION LOCALE\n\u2022 Mme Agn\u00e8s RAICHL, attach\u00e9e principale, cheffe du bureau de l'urbanisme et de l'utilit\u00e9  \npublique,\n\u2022 M. Jamal BENZIK , attach\u00e9 principal, chef du bureau des r\u00e9glementations, des \u00e9lections et  \ndes associations,\n\u2022 Mme A\u00efda CHAMBE, attach\u00e9e, cheffe du bureau du contr\u00f4le budg\u00e9taire et des dotations de \nl'\u00c9tat,\n\u2022 M. Bastien MORIN, attach\u00e9, chef du bureau du contr\u00f4le de l\u00e9galit\u00e9 et de l'intercommunalit\u00e9,\n\u2022 M. Thibault PICHON-MATHIEU, attach\u00e9, chef du p\u00f4le juridique.\nDIRECTION DE LA S\u00c9CURIT\u00c9 ET DE LA PROTECTION CIVILE\n\u2022 M. Emmanuel BERNE, ing\u00e9nieur divisionnaire, chef du service interminist\u00e9riel de d\u00e9fense et  \nde protection civiles,\n\u2022 M. Richard WILPOTTE attach\u00e9 principal, chef du bureau des polices administratives,\n\u2022 Mme Sylvia LEGRIS, attach\u00e9e, cheffe du bureau de la planification, de la d\u00e9fense et des  \nrisques sanitaires,\n\u2022 Mme Marie PAUGET, attach\u00e9e principale, cheffe du bureau de la pr\u00e9vention,\n\u2022 Mme Carole ZMYSLONY, attach\u00e9e, cheffe du bureau de la s\u00e9curit\u00e9 routi\u00e8re.\n2/7\n69_Pr\u00e9f_Pr\u00e9fecture du Rh\u00f4ne - 69-2026-04-02-00006 - Arr\u00eat\u00e9 pr\u00e9fectoral portant d\u00e9l\u00e9gation de signature aux agents de la pr\u00e9fecture 53\nDIRECTION DE LA COORDINATION DES POLITIQUES INTERMINIST\u00c9RIELLES\n\u2022 Mme  Sandrine  CANDELA,  attach\u00e9e  principale,  cheffe  du  centre  de  services  partag\u00e9s  \nr\u00e9gional CHORUS (CSPR),\n\u2022 Mme Fran\u00e7oise CONRAD, attach\u00e9e principale, cheffe de la mission d'appui territorial.\nCENTRE D'EXPERTISE ET DE RESSOURCES DES TITRES PERMIS DE CONDUIRE\n\u2022 Mme  Nadine  CHANAVAT,  attach\u00e9e,  adjointe  au  directeur  du  CERT,  cheffe  du  p\u00f4le  \ninstruction.\nArticle 3 : Sans pr\u00e9judice des dispositions de l'article 1 er, d\u00e9l\u00e9gation de signature est donn\u00e9e \u00e0 Mme  \nMaud BESSON, directrice des migrations et de l'int\u00e9gration, \u00e0 l'effet de signer :\n\u2022 les  d\u00e9cisions  concernant  l'aide  sociale  en  mati\u00e8re  d'h\u00e9bergement  pour  les  demandeurs \nd'asile et les r\u00e9fugi\u00e9s ;\n\u2022 les d\u00e9cisions concernant l'orientation, l'admission ou la sortie d'un centre d'accueil pour  \ndemandeurs d'asile ou d'un centre provisoire d'h\u00e9bergement ;\n\u2022 tout  courrier  pr\u00e9paratoire  \u00e0  la  signature  de  conventions  avec  les  associations  priv\u00e9es,  \ncentres  communaux  d'action  sociale,  municipalit\u00e9s,  pour  l'octroi  des  cr\u00e9dits  destin\u00e9s  \u00e0 \nl'action  sociale  en  faveur  des  demandeurs  d'asile,  des  r\u00e9fugi\u00e9s  et  des  \u00e9trangers  primo-\narrivants ;\n\u2022 les d\u00e9cisions et conventions avec les associations priv\u00e9es pour l'octroi de cr\u00e9dits destin\u00e9s \u00e0  \nl'action  sociale  en  faveur  des  demandeurs  d'asile,  des  r\u00e9fugi\u00e9s  et  des  \u00e9trangers  primo-\narrivants ;\n\u2022 les proc\u00e9dures et d\u00e9cisions de tarification des \u00e9tablissements sociaux d'h\u00e9bergement pour  \ndemandeurs d'asile et r\u00e9fugi\u00e9s (centre de transit, CADA et CPH) ;\n\u2022 les requ\u00eates introductives d'instance, m\u00e9moires en d\u00e9fense et actes d'ex\u00e9cution relatifs \u00e0 la  \nproc\u00e9dure d'expulsion des structures d'h\u00e9bergement en mati\u00e8re de r\u00e9f\u00e9r\u00e9s mesures-utiles.\nArticle 4 : En cas d'absence ou d'emp\u00eachement de Mme Maud BESSON, d\u00e9l\u00e9gation de signature est \ndonn\u00e9e \u00e0 l'effet de signer les actes vis\u00e9s \u00e0 l'article 3, \u00e0 : \n\u2022 Mme  Maryke  LE  MOGNE,  attach\u00e9e  principale,  directrice  adjointe  des  migrations  et  de  \nl'int\u00e9gration,\n\u2022 Mme Anna EUZET, attach\u00e9e principale,  cheffe du bureau de l'asile et de l'h\u00e9bergement -  \nguichet unique des demandeurs d'asile de Lyon,\nArticle 5 : D\u00e9l\u00e9gation de signature est donn\u00e9e \u00e0 Mme Maud BESSON, directrice des migrations et de \nl'int\u00e9gration, \u00e0 l'effet de signer de mani\u00e8re permanente les actes de saisine, les m\u00e9moires et les  \nrequ\u00eates en premi\u00e8re instance et en appel aupr\u00e8s des diff\u00e9rents ordres de juridiction en mati\u00e8re  \nd'entr\u00e9e, de s\u00e9jour des \u00e9trangers et du droit d'asile, et en mati\u00e8re de contentieux y aff\u00e9rent.\nArticle 6 : En cas d'absence ou d'emp\u00eachement de Mme Maud BESSON, d\u00e9l\u00e9gation de signature est \ndonn\u00e9e \u00e0 l'effet de signer les actes vis\u00e9s \u00e0 l'article 5, \u00e0  :\n\u2022 Mme  Maryke  LE  MOGNE,  attach\u00e9e  principale,  directrice  adjointe  des  migrations  et  de  \nl'int\u00e9gration,\n\u2022 M.  Patrick  LAFABRIER,  attach\u00e9  principal,  chef  du  bureau  des  affaires  g\u00e9n\u00e9rales  et  du  \ncontentieux,\n\u2022 M.  Alexandre  FOREL,  attach\u00e9,  adjoint  au  chef  de  bureau  des  affaires  g\u00e9n\u00e9rales  et  du  \ncontentieux, chef de la section contentieux,\n\u2022 Mme G\u00e9raldine SEMOULIN, attach\u00e9e principale, cheffe du bureau de l'\u00e9loignement,\n\u2022 M. Fr\u00e9d\u00e9ric DEHEUNYNCK, d\u00e9l\u00e9gu\u00e9 principal au permis de conduire et \u00e0 la s\u00e9curit\u00e9 routi\u00e8re, \nadjoint \u00e0 la cheffe du bureau de l'\u00e9loignement,\n\u2022 M. Joris ARNAUDIES, attach\u00e9, adjoint \u00e0 la cheffe du bureau de l'\u00e9loignement.\n3/7\n69_Pr\u00e9f_Pr\u00e9fecture du Rh\u00f4ne - 69-2026-04-02-00006 - Arr\u00eat\u00e9 pr\u00e9fectoral portant d\u00e9l\u00e9gation de signature aux agents de la pr\u00e9fecture 54\nArticle 7 : D\u00e9l\u00e9gation de signature est donn\u00e9e \u00e0 Mme Maud BESSON, directrice des migrations et de \nl'int\u00e9gration, \u00e0 l'effet de signer de mani\u00e8re permanente les mesures aff\u00e9rentes au transfert des  \ndemandeurs d'asile plac\u00e9s sous proc\u00e9dure Dublin et ce, \u00e0 l'\u00e9chelle r\u00e9gionale, ainsi que les mesures  \nd'ex\u00e9cution  \u00e9ventuelles  telles  que  les  d\u00e9cisions  d'assignation  \u00e0  r\u00e9sidence  et  de  placement  en \nr\u00e9tention, les m\u00e9moires et les requ\u00eates en premi\u00e8re instance et en appel aupr\u00e8s des diff\u00e9rents  \nordres de juridiction relatifs \u00e0 la proc\u00e9dure Dublin.\nArticle 8 : En cas d'absence ou d'emp\u00eachement de Mme Maud BESSON, d\u00e9l\u00e9gation de signature est \ndonn\u00e9e \u00e0 l'effet de signer les actes vis\u00e9s \u00e0 l'article 7 , \u00e0 :\n\u2022 Mme  Maryke  LE  MOGNE,  attach\u00e9e  principale,  directrice  adjointe  des  migrations  et  de  \nl'int\u00e9gration,\n\u2022 Mme Jessica PERON, attach\u00e9e, cheffe du p\u00f4le r\u00e9gional Dublin,\n\u2022 Mme Cl\u00e9mentine ELONGBIL EWANE, attach\u00e9e, adjointe \u00e0 la cheffe du p\u00f4le r\u00e9gional Dublin,  \nchef de la section instruction,\n\u2022 M. Nicolas MUGUET, secr\u00e9taire administratif de classe normale, chef de la section accueil au \np\u00f4le r\u00e9gional Dublin,\n\u2022 Mme Marine BIANCO, secr\u00e9taire administrative de classe normale au p\u00f4le r\u00e9gional Dublin,\n\u2022 Mme G\u00e9raldine SEMOULIN, attach\u00e9e principale, cheffe du bureau de l'\u00e9loignement,\n\u2022 M. Fr\u00e9d\u00e9ric DEHEUNYNCK, d\u00e9l\u00e9gu\u00e9 principal au permis de conduire et \u00e0 la s\u00e9curit\u00e9 routi\u00e8re, \nadjoint \u00e0 la cheffe du bureau de l'\u00e9loignement,\n\u2022 M. Joris ARNAUDIES, attach\u00e9, adjoint \u00e0 la cheffe du bureau de l'\u00e9loignement.\nArticle  9  : Sans  pr\u00e9judice  des  dispositions  de  l'article  1, d\u00e9l\u00e9gation  de  signature  est  plus  \nparticuli\u00e8rement  donn\u00e9e  \u00e0  Mme  Lucie  RIGAUX ,  directrice  des  affaires  juridiques  et  de  \nl'administration locale, \u00e0 l'effet de signer :\nEn mati\u00e8re d'actes r\u00e9glementaires (par d\u00e9rogation \u00e0 l'article 1) :\n\u2022 les conventions de t\u00e9l\u00e9transmissions des actes et leurs avenants ;\n\u2022 les  arr\u00eat\u00e9s  fixant  la  composition  des  commissions  d\u00e9partementales  d'am\u00e9nagement  \ncommercial (CDAC) ;\n\u2022 les  arr\u00eat\u00e9s  fixant  la  composition  des  commissions  d\u00e9partementales  d'am\u00e9nagement  \ncin\u00e9matographique (CDACi) ;\n\u2022 les arr\u00eat\u00e9s portant habilitation des organismes en application du III de l'article L. 752-6 et de \nl'article L.752-23 du code de commerce ;\n\u2022 les actes relatifs \u00e0 la r\u00e9glementation fun\u00e9raire ;\n\u2022 les actes relatifs \u00e0 la domiciliation d'entreprises ;\n\u2022 les arr\u00eat\u00e9s fixant le taux des indemnit\u00e9s repr\u00e9sentatives de logement des instituteurs (IRL).\nEn mati\u00e8re de correspondances destin\u00e9es aux \u00e9lus (par d\u00e9rogation \u00e0 l'article 1) :\n\u2022 les accus\u00e9s de r\u00e9ception et les demandes de pi\u00e8ces compl\u00e9mentaires adress\u00e9es aux maires  \ndans le cadre du contr\u00f4le de l\u00e9galit\u00e9 et budg\u00e9taire, \u00e0 l'exception des lettres d'observation et \np\u00e9dagogique, des recours gracieux, et des requ\u00eates et m\u00e9moires en d\u00e9f\u00e9r\u00e9 ;\n\u2022 les actes et correspondances relatifs \u00e0 l'examen conjoint des dispositions propos\u00e9es pour  \nassurer la mise en compatibilit\u00e9 des documents d'urbanisme pr\u00e9vu aux articles L 143-44 et L  \n153-54 du code de l'urbanisme.\nEn mati\u00e8re d'actes individuels (liste indicative non exhaustive) :\n\u2022 les arr\u00eat\u00e9s d'indemnisation des commissaires enqu\u00eateurs ;\n\u2022 les r\u00e9c\u00e9piss\u00e9s d\u00e9finitifs d'enregistrement de candidatures pour le second tour des \u00e9lections  \nmunicipales,  d\u00e9partementales,  m\u00e9tropolitaines,  r\u00e9gionales  et  l\u00e9gislatives  g\u00e9n\u00e9rales  et  \npartielles ;\n\u2022 les d\u00e9rogations au d\u00e9lai d'inhumation et de cr\u00e9mation, les transports de corps et d'urnes  \nfun\u00e9raires, et les laissez-passer mortuaires ;\n\u2022 les r\u00e9c\u00e9piss\u00e9s de d\u00e9claration de revendeurs d'objets mobiliers ;\n\u2022 les cartes de guide conf\u00e9rencier et les titres de ma\u00eetre restaurateur.\n4/7\n69_Pr\u00e9f_Pr\u00e9fecture du Rh\u00f4ne - 69-2026-04-02-00006 - Arr\u00eat\u00e9 pr\u00e9fectoral portant d\u00e9l\u00e9gation de signature aux agents de la pr\u00e9fecture 55\nArticle 10 : En cas d'absence ou d'emp\u00eachement de Mme Lucie RIGAUX, d\u00e9l\u00e9gation de signature est \ndonn\u00e9e, \u00e0 l'effet de signer les actes vis\u00e9s \u00e0 l'article 9 dans leurs domaines de comp\u00e9tence respectifs, \n\u00e0 :\n\u2022 Mme Agn\u00e8s RAICHL, attach\u00e9e principale , cheffe du bureau de l'urbanisme et de l'utilit\u00e9  \npublique,\n\u2022 M. Youssef BELLAHBIB, attach\u00e9 principal, adjoint \u00e0 la cheffe  de bureau de l'urbanisme et de  \nl'utilit\u00e9 publique,\n\u2022 Mme Ouarda BELAHCENE, attach\u00e9e, adjointe \u00e0 la cheffe de bureau de l'urbanisme et de  \nl'utilit\u00e9 publique,\n\u2022 M. Jamal BENZIK, attach\u00e9 principal, chef du bureau des r\u00e9glementations, des \u00e9lections et  \ndes associations,\n\u2022 Mme Delphine LOPEZ-PERSAT, attach\u00e9e, adjointe au chef du bureau des r\u00e9glementations,  \ndes \u00e9lections et des associations,\n\u2022 Mme A\u00efda CHAMBE, attach\u00e9e, cheffe du bureau du contr\u00f4le budg\u00e9taire et des dotations de \nl'\u00c9tat,\n\u2022 M.  S\u00e9bastien  GAUDERAT,  attach\u00e9  principal,  adjoint  \u00e0  la  cheffe  de  bureau  du  contr\u00f4le \nbudg\u00e9taire et des dotations de l'\u00c9tat,\n\u2022 M. Bastien MORIN, attach\u00e9, chef du bureau du contr\u00f4le de l\u00e9galit\u00e9 et de l'intercommunalit\u00e9,\n\u2022 M. Thibault PICHON-MATHIEU, attach\u00e9, chef du p\u00f4le juridique,\n\u2022 M. Robin DESCOMBES, attach\u00e9, adjoint au chef du p\u00f4le juridique.\nArticle  11 : D\u00e9l\u00e9gation  est  donn\u00e9e  pour  la  signature  des  documents  vis\u00e9s  \u00e0  l'article  1 er en  cas  \nd'absence ou d'emp\u00eachement :\nDIRECTION DES MIGRATIONS ET DE L'INT\u00c9GRATION\n\u2022 de  Mme  Margaux  LARUE ,  attach\u00e9e  principale,  cheffe  du  bureau  de  l'accueil  et  de  \nl'admission au s\u00e9jour, \u00e0 :\n\u25e6 Mme  C\u00e9line MEYRAND,  attach\u00e9e,  adjointe  \u00e0 la  cheffe de bureau  de l'accueil  et  de  \nl'admission au s\u00e9jour, cheffe de la section motifs professionnels,\n\u25e6 M. Adrien LHEUREUX, attach\u00e9 principal, chef de la section accueil et d\u00e9marches rapides,\n\u25e6 M. Ivan SABATIER, secr\u00e9taire administratif de classe exceptionnelle, chef de la section  \nfamille et vuln\u00e9rabilit\u00e9s.\nPar ailleurs, pour la signature de certains documents vis\u00e9s \u00e0 l'article 1 er, \u00e0 savoir les attestations de  \nremboursement de timbres fiscaux, les d\u00e9cisions de d\u00e9livrance de titres de s\u00e9jour, les d\u00e9cisions de  \nrefus simple de d\u00e9livrance de cartes de r\u00e9sidents et les d\u00e9cisions de refus de d\u00e9p\u00f4t de demandes  \nde titre de s\u00e9jour, d\u00e9l\u00e9gation est donn\u00e9e en cas d'absence ou d'emp\u00eachement de Mme C\u00e9line  \nMEYRAND, attach\u00e9e, adjointe \u00e0 la cheffe de bureau de l'accueil et de l'admission au s\u00e9jour, cheffe  \nde la section motifs professionnels, de M. Adrien LHEUREUX, attach\u00e9 principal, chef de la section  \naccueil  et  d\u00e9marches  rapides  et  de  M.  Ivan  SABATIER,  secr\u00e9taire  administratif  de  classe  \nexceptionnelle, chef de la section famille et vuln\u00e9rabilit\u00e9s, \u00e0 :\n\u25aa M.  Thomas  COURTAUD,  secr\u00e9taire  administratif  de  classe  normale,  adjoint  \u00e0  la  \ncheffe de la section motifs professionnels,\n\u25aa Mme Cam\u00e9lia BELOUCIF, secr\u00e9taire administrative de classe sup\u00e9rieure, adjointe au  \nchef de section accueil et d\u00e9marches rapides,\n\u25aa Mme Magdalena CORNECI, secr\u00e9taire administrative de classe sup\u00e9rieure, adjointe  \nau chef de section famille et vuln\u00e9rabilit\u00e9s.\n\u2022 de Mme Aude SIGNOUREL , attach\u00e9e principale, cheffe du bureau des examens sp\u00e9cialis\u00e9s,  \n\u00e0 :\n\u25e6 Mme M\u00e9lanie BOULAY, attach\u00e9e, adjointe \u00e0 la cheffe de bureau,\n\u25e6 Mme Isabelle FETROT-FAVROT, attach\u00e9e, adjointe \u00e0 la cheffe de bureau,\n5/7\n69_Pr\u00e9f_Pr\u00e9fecture du Rh\u00f4ne - 69-2026-04-02-00006 - Arr\u00eat\u00e9 pr\u00e9fectoral portant d\u00e9l\u00e9gation de signature aux agents de la pr\u00e9fecture 56\n\u2022 de Mme G\u00e9raldine SEMOULIN, attach\u00e9e principale, cheffe du bureau de l'\u00e9loignement, \u00e0 :\n\u25e6 M. Fr\u00e9d\u00e9ric DEHEUNYNCK, d\u00e9l\u00e9gu\u00e9 principal au permis de conduire et \u00e0 la s\u00e9curit\u00e9  \nrouti\u00e8re, adjoint \u00e0 la cheffe du bureau de l'\u00e9loignement,\n\u25e6 M. Joris ARNAUDIES, attach\u00e9, adjoint \u00e0 la cheffe du bureau de l'\u00e9loignement.\n\u2022 de Mme Anna EUZET, attach\u00e9e principale, cheffe du bureau de l'asile et de l'h\u00e9bergement -  \nguichet unique des demandeurs d'asile de Lyon, \u00e0 :\n\u25e6 Mme Anne-Laure ZERR, attach\u00e9e, cheffe de la section instruction,\n\u25e6 Mme Ingrid DELAHAYE, attach\u00e9e, cheffe de la section accueil,\n\u25e6 Mme Carole SOULARD, secr\u00e9taire administrative de classe exceptionnelle, adjointe \u00e0 la  \ncheffe de section accueil.\n\u2022 de M. Patrick LAFABRIER , attach\u00e9 principal, chef du bureau des affaires g\u00e9n\u00e9rales et du  \ncontentieux, \u00e0 :\n\u25e6 M. Alexandre FOREL, attach\u00e9, adjoint au chef de bureau, chef de la section contentieux,\n\u25e6 Mme M\u00e9ry-Pierre LEROY, secr\u00e9taire administrative de classe exceptionnelle, cheffe de la  \nsection relation avec les usagers,\n\u25e6 M.  MEDDOUR  Amar,  secr\u00e9taire  administratif  de  classe  normale,  chef  de  la  section  \naffaires g\u00e9n\u00e9rales.\n\u2022 de  M.  Olivier  VERCASSON ,  attach\u00e9  principal,  responsable  de  la  plateforme  \ninterd\u00e9partementale des naturalisations, \u00e0 :\n\u25e6 Mme  Magali  DONNET,  attach\u00e9e ,  adjointe  au  responsable  de  la  plateforme  \ninterd\u00e9partementale des naturalisations.\n\u2022 de Mme Jessica PERON, attach\u00e9e, cheffe du p\u00f4le r\u00e9gional Dublin, \u00e0 :\n\u25e6 Mme Cl\u00e9mentine ELONGBIL EWANE, attach\u00e9e, adjointe \u00e0 la cheffe de p\u00f4le, cheffe de la  \nsection instruction,\n\u25e6 M.  Nicolas  MUGUET,  secr\u00e9taire  administratif  de  classe  normale,  chef  de  la  section  \naccueil au p\u00f4le r\u00e9gional Dublin,\n\u25e6 Mme  Marine  BIANCO,  secr\u00e9taire  administrative  de  classe  normale  au  p\u00f4le  r\u00e9gional  \nDublin.\nDIRECTION DE LA S\u00c9CURIT\u00c9 ET DE LA PROTECTION CIVILE\n\u2022 de M. Richard WILPOTTE, attach\u00e9 principal, chef du bureau des polices administratives, \u00e0 :\n\u25e6 Mme Alice TARDY, attach\u00e9e, adjointe au chef de bureau.\nPar ailleurs, pour la signature de certains documents vis\u00e9s \u00e0 l'article 1 er, \u00e0 savoir les actes relatifs aux \nsous-commissions  issues  de  la  commission  consultative  d\u00e9partementale  de  s\u00e9curit\u00e9  et  \nd'accessibilit\u00e9  (CCDSA),  d\u00e9l\u00e9gation  est  donn\u00e9e  en  cas  d'absence  ou  d'emp\u00eachement  de  \nM. Emmanuel  BERNE,  ing\u00e9nieur  divisionnaire,  chef  du  service  interminist\u00e9riel  de  d\u00e9fense  et  de \nprotection civiles et de Mme Marie PAUGET, attach\u00e9e principale, cheffe du bureau de la pr\u00e9vention, \n\u00e0 :\n\u25aa M. Florian RAVELLI, contractuel de cat\u00e9gorie B, charg\u00e9 du suivi de la commission  \ns\u00e9curit\u00e9  incendie,  de  la  r\u00e9glementation  des  ERP  et  IGH  et  de  la  commission  \nconsultative d\u00e9partementale de s\u00e9curit\u00e9 et d'accessibilit\u00e9,\n\u25aa Mme  Chlo\u00e9  GAYET,  contractuelle  de  cat\u00e9gorie  B,  charg\u00e9e  du  suivi  des  sous-\ncommissions de s\u00e9curit\u00e9.\n6/7\n69_Pr\u00e9f_Pr\u00e9fecture du Rh\u00f4ne - 69-2026-04-02-00006 - Arr\u00eat\u00e9 pr\u00e9fectoral portant d\u00e9l\u00e9gation de signature aux agents de la pr\u00e9fecture 57\nDIRECTION DE LA COORDINATION DES POLITIQUES INTERMINIST\u00c9RIELLES\n\u2022 de Mme Sandrine CANDELA , attach\u00e9e  principale, cheffe du centre de services partag\u00e9s  \nr\u00e9gional CHORUS (CSPR), \u00e0 :\n\u25e6 M. Jean-Luc BUCHSBAUM, attach\u00e9, adjoint \u00e0 la cheffe du centre de services partag\u00e9s  \nr\u00e9gional Chorus et chef de la section subventions et recettes,\n\u25e6 Mme  Aur\u00e9lie  HOARAU,  attach\u00e9e,  adjointe  \u00e0  la  cheffe  du  centre  services  partag\u00e9s  \nr\u00e9gional Chorus, cheffe de section d\u00e9penses de fonctionnement et responsables des  \ndemandes de paiement,\n\u25e6 M. Franck BEQIRAJ, attach\u00e9, chef de la section d\u00e9penses sur march\u00e9s,\n\u25e6 Mme Sylvie BOUCHAKER, adjointe administrative principale de 2 \u00e8me classe, responsable \ndes engagements juridiques,\n\u25e6 Mme Isabelle PEILLON, adjointe administrative principale de 1 \u00e8re classe, responsable des \ndemandes de paiement.\nCABINET DE LA PR\u00c9F\u00c8TE DE R\u00c9GION, PR\u00c9F\u00c8TE DU RH\u00d4NE\n\u2022 M. Chaouki AMARA, attach\u00e9 principal, chef de cabinet, \u00e0 :\n\u25e6 Mme May KARMY, attach\u00e9e, adjointe au chef de cabinet ;\nArticle  12  :  Le  pr\u00e9sent  arr\u00eat\u00e9  peut  faire  l'objet  d'un  recours  contentieux  devant  le  tribunal  \nadministratif  de  Lyon  dans  un  d\u00e9lai  de  deux  mois  \u00e0  compter  de  sa  publication.  Le  tribunal  \nadministratif peut \u00eatre saisi d'une requ\u00eate d\u00e9pos\u00e9e sur le site www.telerecours.fr.\nArticle 13 : Le pr\u00e9fet, secr\u00e9taire g\u00e9n\u00e9ral de la pr\u00e9fecture, pr\u00e9fet d\u00e9l\u00e9gu\u00e9 pour l'\u00e9galit\u00e9 des chances,  \nest charg\u00e9 de l'ex\u00e9cution du pr\u00e9sent arr\u00eat\u00e9 qui sera publi\u00e9 au recueil des actes administratifs de la  \npr\u00e9fecture du Rh\u00f4ne.\n7/7\nLa pr\u00e9f\u00e8te,\nSign\u00e9\nFabienne BUCCIO\n69_Pr\u00e9f_Pr\u00e9fecture du Rh\u00f4ne - 69-2026-04-02-00006 - Arr\u00eat\u00e9 pr\u00e9fectoral portant d\u00e9l\u00e9gation de signature aux agents de la pr\u00e9fecture 58\n69_Pr\u00e9f_Pr\u00e9fecture du Rh\u00f4ne\n69-2026-04-01-00007\nCAMERA PIETON - SAINT PRIEST du 01042026\n69_Pr\u00e9f_Pr\u00e9fecture du Rh\u00f4ne - 69-2026-04-01-00007 - CAMERA PIETON - SAINT PRIEST du 01042026 59\nPr\u00e9fecture\nDirection de la s\u00e9curit\u00e9 et de la protection civile\nBureau des polices administratives\nARR\u00caT\u00c9 n\u00b0___________________________ du 1er avril 2026\nAUTORISANT L'ENREGISTREMENT AUDIOVISUEL \nDES INTERVENTIONS DES AGENTS DE POLICE MUNICIPALE \nla pr\u00e9f\u00e8te du Rh\u00f4ne \nCommandeur de la L\u00e9gion d'honneur \nCommandeur de l'ordre national du M\u00e9rite\nVU le code de s\u00e9curit\u00e9 int\u00e9rieure, notamment ses articles L. 241-1 et suivants ;\nVU la loi n\u00b078-17 du 6 janvier 1978 modifi\u00e9e relative \u00e0 l'informatique, aux fichiers et aux libert\u00e9s, notamment ses  \narticles 26 et 41 ;\nVU l'article 14 de la loi responsabilit\u00e9 p\u00e9nale et s\u00e9curit\u00e9 int\u00e9rieure du 24 janvier 2022 \nVU le d \u00e9cret n\u00b0 2019-140 du 27 f\u00e9vrier 2019 portant application de l'article L. 241-2 du code de la s\u00e9curit\u00e9  \nint\u00e9rieure et relatif \u00e0 la mise en \u0153uvre de traitements de donn\u00e9es \u00e0 caract\u00e8re personnel provenant des cam\u00e9ras  \nindividuelles des agents de la police municipale  ;\nVU le d\u00e9cret 2022-1395 du 2 novembre 2022 modifiant les dispositions du code de la s\u00e9curit\u00e9 int\u00e9rieure relatives  \naux  traitements  de  donn\u00e9es  \u00e0  caract\u00e8re  personnel  provenant  des  cam\u00e9ras  individuelles  des  agents  de  police  \nmunicipale ;\nVU le d\u00e9cret en Conseil des Ministres du 11 janvier 2023 portant nomination de Madame Fabienne BUCCIO,  \npr\u00e9f\u00e8te de la r\u00e9gion Auvergne-Rh\u00f4ne-Alpes, pr\u00e9f\u00e8te de la zone de d\u00e9fense et de s\u00e9curit\u00e9 Sud-Est, pr\u00e9f\u00e8te du Rh\u00f4ne  \n(hors classe) ;\nVU le d\u00e9cret du 6 novembre 2024 portant nomination de Monsieur Antoine GUERIN, pr\u00e9fet d\u00e9l\u00e9gu\u00e9 pour la  \nd\u00e9fense et la s\u00e9curit\u00e9 aupr\u00e8s de la pr\u00e9f\u00e8te de la r\u00e9gion Auvergne-Rh\u00f4ne-Alpes, pr\u00e9f\u00e8te de la zone de d\u00e9fense et de  \ns\u00e9curit\u00e9 Sud-Est, pr\u00e9f\u00e8te du Rh\u00f4ne ;\nVU l'arr\u00eat\u00e9  pr\u00e9fectoral  n\u00b0  69-2026-03-09-00006  du  9  mars  2026  portant  d\u00e9l\u00e9gation  de  signature  \u00e0  M  Antoine  \nGUERIN, pr\u00e9fet d\u00e9l\u00e9gu\u00e9 pour la d\u00e9fense et la s\u00e9curit\u00e9 aupr\u00e8s de  pr\u00e9f\u00e8te de la r\u00e9gion Auvergne-Rh\u00f4ne-Alpes,  \npr\u00e9f\u00e8te de la zone de d\u00e9fense et de s\u00e9curit\u00e9 Sud-Est, pr\u00e9f\u00e8te du Rh\u00f4ne ;\nVU la demande adress\u00e9e par le Maire de la commune  de SAINT-PRIEST en vue d'obtenir l'autorisation de  \nproc\u00e9der \u00e0 l'enregistrement audiovisuel des interventions des agents de police municipale de sa commune ;\nVU la convention de coordination de la police municipale de SAINT-PRIEST  et des forces de s\u00e9curit\u00e9 de l'\u00c9tat du  \nRh\u00f4ne, valable trois ans \u00e0 compter   du 18 ao\u00fbt 2025   ;\n                                                   Pr\u00e9fecture du Rh\u00f4ne \u2013 69419 Lyon cedex 03  - 04 72 61 61 61 - www.rhone.gouv.fr 1/2\n69_Pr\u00e9f_Pr\u00e9fecture du Rh\u00f4ne - 69-2026-04-01-00007 - CAMERA PIETON - SAINT PRIEST du 01042026 60\nConsid\u00e9rant que la demande transmise par le Maire de la commune de SAINT-PRIEST est compl\u00e8te et conforme aux \nexigences du d\u00e9cret du 27 f\u00e9vrier 2019 susvis\u00e9 ;\nSUR proposition de Monsieur le Directeur de la s\u00e9curit\u00e9 et de la protection civile,\nARR\u00caTE\nArticle 1er  : l'enregistrement audiovisuel des interventions des agents de police municipale de la commune  de \nSAINT-PRIEST est autoris\u00e9 au moyen de dix cam\u00e9ras individuelles.\nLe support informatique s\u00e9curis\u00e9 sur lequel sont transf\u00e9r\u00e9es les donn\u00e9es enregistr\u00e9es par les cam\u00e9ras individuelles est  \ninstall\u00e9 dans la commune de SAINT-PRIEST.\nArticle 2 : le public doit \u00eatre inform\u00e9 de l'\u00e9quipement des agents de police municipale de la commune de SAINT-\nPRIEST en cam\u00e9ras individuelles et des modalit\u00e9s d'acc\u00e8s aux images.\nArticle 3 : Les enregistrements sont conserv\u00e9s pendant une dur\u00e9e d'un mois. \u00c0 l'issue de ce d\u00e9lai, ils sont d\u00e9truits.\nArticle 4  :  L'enregistrement audiovisuel des interventions des agents de police municipale autoris\u00e9 par le pr\u00e9sent  \narr\u00eat\u00e9 ne peut \u00eatre mis en \u0153uvre qu'apr\u00e8s r\u00e9ception du r\u00e9c\u00e9piss\u00e9 de la Commission nationale informatique et libert\u00e9s.\nArticle 5 : La pr\u00e9sente autorisation est publi\u00e9e au recueil des actes administratifs. Elle peut faire l'objet d'un recours  \ndevant le tribunal administratif de Lyon dans un d\u00e9lai de deux mois \u00e0 compter de sa publication, notamment via le site \nwww.telerecours.fr .\nArticle 6 : Toute modification portant sur le nombre de cam\u00e9ras individuelles ou sur la commune d'installation du  \nsupport informatique s\u00e9curis\u00e9 doit faire l'objet d'une demande d'autorisation aupr\u00e8s des services de la pr\u00e9fecture du  \nRh\u00f4ne. \nArticle 7     : Le Directeur de la s\u00e9curit\u00e9 et de la protection civile et le Maire de la commune de SAINT-PRIEST sont \ncharg\u00e9s, chacun en ce qui le concerne, de l'ex\u00e9cution du pr\u00e9sent arr\u00eat\u00e9.\npour la Pr\u00e9f\u00e8te et par d\u00e9l\u00e9gation,\nle Directeur de la S\u00e9curit\u00e9 et de la Protection Civile\n        Ernest MOUTOUSSAMY\n  Si vous entendez contester le pr\u00e9sent arr\u00eat\u00e9, vous pouvez utiliser les voies de recours suivantes :\n- un recours gracieux motiv\u00e9 peut \u00eatre adress\u00e9 aupr\u00e8s de mes services dans un d\u00e9lai de deux mois \u00e0 compter de la notification du pr\u00e9sent arr\u00eat\u00e9,\n- un recours hi\u00e9rarchique peut \u00eatre introduit aupr\u00e8s de M. le Ministre de l'Int\u00e9rieur, Direction des libert\u00e9s publiques et Affaires juridiques, Bureau des polices Administratives,\nEn l'absence de r\u00e9ponse dans un d\u00e9lai de deux mois \u00e0 compter de la r\u00e9ception de votre recours, celui-ci doit \u00eatre consid\u00e9r\u00e9 comme implicitement rejet\u00e9.\n- un recours contentieux : aupr\u00e8s du Tribunal Administratif de Lyon dans un d\u00e9lai de deux mois \u00e0 compter de la notification du pr\u00e9sent arr\u00eat\u00e9 ou \u00e0 partir de la d\u00e9cision\nImplicite ou explicite de rejet du recours gracieux ou hi\u00e9rarchique. Le tribunal administratif peut \u00eatre saisi d'une requ\u00eate d\u00e9pos\u00e9e sur le site www.telerecours.fr                                 2/2\n69_Pr\u00e9f_Pr\u00e9fecture du Rh\u00f4ne - 69-2026-04-01-00007 - CAMERA PIETON - SAINT PRIEST du 01042026 61\n69_Pr\u00e9f_Pr\u00e9fecture du Rh\u00f4ne\n69-2026-04-03-00003\nAP interdiction navigation fluviale ONE HEALTH -\n03042026\n69_Pr\u00e9f_Pr\u00e9fecture du Rh\u00f4ne - 69-2026-04-03-00003 - AP interdiction navigation fluviale ONE HEALTH - 03042026 62\n69_Pr\u00e9f_Pr\u00e9fecture du Rh\u00f4ne - 69-2026-04-03-00003 - AP interdiction navigation fluviale ONE HEALTH - 03042026 63\n69_Pr\u00e9f_Pr\u00e9fecture du Rh\u00f4ne - 69-2026-04-03-00003 - AP interdiction navigation fluviale ONE HEALTH - 03042026 64\n69_Pr\u00e9f_Pr\u00e9fecture du Rh\u00f4ne - 69-2026-04-03-00003 - AP interdiction navigation fluviale ONE HEALTH - 03042026 65\n69_Pr\u00e9f_Pr\u00e9fecture du Rh\u00f4ne\n69-2026-04-03-00006\nAP interdiction survol drones ONE HEALTH\n69_Pr\u00e9f_Pr\u00e9fecture du Rh\u00f4ne - 69-2026-04-03-00006 - AP interdiction survol drones ONE HEALTH 66\n \n \nVU le code p\u00e9nal,\nVU le code de la s\u00e9curit\u00e9 int\u00e9rieure et notamment son article R122-52,\nVU le code des transports et notamment l'article L.6211-4,\nVU l'arr\u00eat\u00e9 du 17 d\u00e9cembre 2015 relatif \u00e0 la conception des a\u00e9ronefs civils qui circulent sans aucune\npersonne \u00e0  bord,  aux  conditions  de leur emploi  sur les  capacit\u00e9s  requises des personnes  qui  les\nutilisent,\nVU l'arr\u00eat\u00e9 du 17 d\u00e9cembre 2015 relatif \u00e0 l'utilisation de l'espace a\u00e9rien par les a\u00e9ronefs qui circulent\nsans aucune personne,\nVU le d\u00e9cret modifi\u00e9 n\u00b02004-374 du 29 avril 2004 relatif aux pouvoirs du pr\u00e9fet, \u00e0 l'organisation et \u00e0\nl'action des services de l'\u00c9tat dans les r\u00e9gions et d\u00e9partements,\nConsid\u00e9rant qu'en application de l'article L. 211-11-1 du code de la s\u00e9curit\u00e9 int\u00e9rieure, est d\u00e9sign\u00e9\ngrand  \u00e9v\u00e9nement  le  sommet  One  Health,  organis\u00e9  par  le  minist\u00e8re  de  l'Europe  et  des  affaires\n\u00e9trang\u00e8res, qui se tiendra les 6 et 7 avril 2026 sur le territoire de la commune de Lyon, dans le\nd\u00e9partement du Rh\u00f4ne (69). \nPr\u00e9fecture du Rh\u00f4ne 69419 Lyon cedex 03 \u2013 www.rhone.gouv.fr\n69_Pr\u00e9f_Pr\u00e9fecture du Rh\u00f4ne - 69-2026-04-03-00006 - AP interdiction survol drones ONE HEALTH 67\nConsid\u00e9rant la pr\u00e9sence d'une trentaine de d\u00e9l\u00e9gations \u00e9trang\u00e8res, accompagn\u00e9es de plusieurs chefs\nd'\u00c9tat et de gouvernements,\nConsid\u00e9rant la pr\u00e9sence de plusieurs sites d'accueil, de rencontre et d'h\u00e9bergement sur le territoire de\nla m\u00e9tropole,\nConsid\u00e9rant le contexte actuel de menace terroriste \u00e9lev\u00e9e justifiant la mise en place des mesures de\nsurveillance et de s\u00e9curit\u00e9 renforc\u00e9e,\nSur proposition du directeur de la s\u00e9curit\u00e9 et de la protection civile,\nA R R E T E\nARTICLE 1er :\nLe survol des villes de Lyon, Villeurbanne et Caluire-et-Cuire est interdit aux a\u00e9ronefs circulant sans\npersonne \u00e0 bord le 7 avril 2026, de 6h00 jusqu'\u00e0 minuit dans les deux p\u00e9rim\u00e8tres d\u00e9finis par les\ncylindres suivants :\nPremier p\u00e9rim\u00e8tre :\n\uf0b7 Limites lat\u00e9rales : \ncercle  de 500  m  de  rayon  centr\u00e9  sur  le  point  de  coordonn\u00e9es  g\u00e9ographiques :\n45.784189N - 004.853099E\n\uf0b7 Limites verticales : du sol \u00e0 120 m\u00e8tres (400 pieds) au-dessus du sol.\nDeuxi\u00e8me p\u00e9rim\u00e8tre :\n\u2022 Limites lat\u00e9rales : \ncercle  de  300  m  de  rayon  centr\u00e9  sur  le  point  de  coordonn\u00e9es  g\u00e9ographiques :\n45.760702N - 004.842897E\n\u2022 Limites verticales : du sol \u00e0 120 m\u00e8tres (400 pieds) au-dessus du sol.\nARTICLE 2 :\nL'article 1er ne s'applique pas aux a\u00e9ronefs circulant sans personne \u00e0 bord explicitement autoris\u00e9s par\narr\u00eat\u00e9 pr\u00e9fectoral sp\u00e9cifique.\nL'article 1er ne s'applique pas aux a\u00e9ronefs circulant sans personne \u00e0 bord \u00e0 l'exception des a\u00e9ronefs de\nla d\u00e9fense, de la gendarmerie, des services de police, des douanes, de la sant\u00e9, de la s\u00e9curit\u00e9 civile et\nde surveillance ayant \u00e0 intervenir dans le cadre de leur mission et ne pouvant contourner cette zone.\nARTICLE 3 :\nLa Directrice de la s\u00e9curit\u00e9 de l'aviation civile Centre-Est est charg\u00e9e de porter \u00e0 la connaissance\ndes usagers de l'espace a\u00e9rien, par voie de NOTAM, la cr\u00e9ation de cette zone interdite temporaire\nd\u00e9finie \u00e0 l'article premier.\n69_Pr\u00e9f_Pr\u00e9fecture du Rh\u00f4ne - 69-2026-04-03-00006 - AP interdiction survol drones ONE HEALTH 68\nARTICLE 4 :\nLes contrevenants au pr\u00e9sent arr\u00eat\u00e9 s'exposent aux peines et sanctions pr\u00e9vues par le code p\u00e9nal, le\ncode de l'aviation civile et le code des transports.\nARTICLE 5 :\nLe pr\u00e9sent arr\u00eat\u00e9 pourra faire l'objet d'une contestation, dans le d\u00e9lai de deux mois, \u00e0 compter de sa\ndate de notification ou de publication :\n    \u2022  par l'exercice  d'un  recours  gracieux  aupr\u00e8s de la pr\u00e9f\u00e8te du  Rh\u00f4ne. Le silence gard\u00e9 par\nl'administration \u00e0 l'issue d'un d\u00e9lai de deux mois, \u00e0 compter de la r\u00e9ception de la demande, vaut\nd\u00e9cision implicite de rejet ;\n    \u2022 par l'exercice d'un recours contentieux devant le Tribunal Administratif, dans le d\u00e9lai de deux\nmois suivant le refus de recours gracieux.\nLe Tribunal peut \u00eatre saisi d'une requ\u00eate via le site www.telerecours.fr.\nARTICLE 6 :\nLe pr\u00e9fet d\u00e9l\u00e9gu\u00e9 pour la d\u00e9fense et la s\u00e9curit\u00e9, le directeur interd\u00e9partemental de la police nationale,\nla directrice zonale de la police aux fronti\u00e8res, Mme la Commandante du groupement de gendarmerie\ndu Rh\u00f4ne, M. le Commandant de la Compagnie de Gendarmerie des Transports A\u00e9riens de Lyon, la\ndirectrice de la s\u00e9curit\u00e9 de l'aviation civile et les maires de Lyon, Villeurbanne et Caluire-et-Cuire sont\ncharg\u00e9s, chacun en ce qui les concerne, de l'ex\u00e9cution du pr\u00e9sent arr\u00eat\u00e9 qui sera publi\u00e9 au recueil des\nactes administratifs.\n69_Pr\u00e9f_Pr\u00e9fecture du Rh\u00f4ne - 69-2026-04-03-00006 - AP interdiction survol drones ONE HEALTH 69\n69_Pr\u00e9f_Pr\u00e9fecture du Rh\u00f4ne\n69-2026-04-03-00004\nAP p\u00e9rimetre protection ONE HEALTH 2026 \n69_Pr\u00e9f_Pr\u00e9fecture du Rh\u00f4ne - 69-2026-04-03-00004 - AP p\u00e9rimetre protection ONE HEALTH 2026 70\n69_Pr\u00e9f_Pr\u00e9fecture du Rh\u00f4ne - 69-2026-04-03-00004 - AP p\u00e9rimetre protection ONE HEALTH 2026 71\n\u2022\n\u2022\n\u2022\n\u2022\n\u2022\n\u2022\n\u2022\n\u2022\n\u2022\n69_Pr\u00e9f_Pr\u00e9fecture du Rh\u00f4ne - 69-2026-04-03-00004 - AP p\u00e9rimetre protection ONE HEALTH 2026 72\n\u2022\n\u2022\n\u2022\n\u2022\n\u2022\n\u2022\n\u2022\n\u2022\n69_Pr\u00e9f_Pr\u00e9fecture du Rh\u00f4ne - 69-2026-04-03-00004 - AP p\u00e9rimetre protection ONE HEALTH 2026 73\n69_Pr\u00e9f_Pr\u00e9fecture du Rh\u00f4ne - 69-2026-04-03-00004 - AP p\u00e9rimetre protection ONE HEALTH 2026 74\n69_Pr\u00e9f_Pr\u00e9fecture du Rh\u00f4ne - 69-2026-04-03-00004 - AP p\u00e9rimetre protection ONE HEALTH 2026 75\n69_Pr\u00e9f_Pr\u00e9fecture du Rh\u00f4ne - 69-2026-04-03-00004 - AP p\u00e9rimetre protection ONE HEALTH 2026 76\n69_Pr\u00e9f_Pr\u00e9fecture du Rh\u00f4ne\n69-2026-04-03-00001\nARR\u00caT\u00c9 n\u00b02026 - 04 - 03- 0001\nautorisant la captation, l'enregistrement et la\ntransmission\nd'images au moyen de cam\u00e9ras install\u00e9es sur un\na\u00e9ronef les 06 et 07 avril 2026 \u00e0 Lyon\n69_Pr\u00e9f_Pr\u00e9fecture du Rh\u00f4ne - 69-2026-04-03-00001 - ARR\u00caT\u00c9 n\u00b02026 - 04 - 03- 0001\nautorisant la captation, l'enregistrement et la transmission\nd'images au moyen de cam\u00e9ras install\u00e9es sur un a\u00e9ronef les 06 et 07 avril 2026 \u00e0 Lyon\n77\nPr\u00e9fecture\nCabinet du Pr\u00e9fet d\u00e9l\u00e9gu\u00e9 pour \nla d\u00e9fense et la s\u00e9curit\u00e9\nBureau de l'ordre public\nARR\u00caT\u00c9 n\u00b02026 \u2013 04 \u2013 03\u2013 0001\nautorisant la captation, l'enregistrement et la transmission\nd'images au moyen de cam\u00e9ras install\u00e9es sur un a\u00e9ronef les 06 et 07 avril 2026 \u00e0 Lyon\nLa Pr\u00e9f\u00e8te du Rh\u00f4ne,\nCommandeur de la L\u00e9gion d'honneur\nCommandeur de l'ordre national du M\u00e9rite\nVU le Code de la s\u00e9curit\u00e9 int\u00e9rieure et notamment ses articles L. 242-1 \u00e0 L. 242-8 et R. 242-8 \u00e0 R.  \n242-14\u00a0;\nVU la loi n\u00b078-17 du 6 janvier 1978 relative \u00e0 l'informatique, aux fichiers et aux libert\u00e9s \nVU le d\u00e9cret n\u00b0 2004-374 du 29 avril 2004 relatif aux pouvoirs des pr\u00e9fets, \u00e0 l'organisation et \u00e0  \nl'action des services de l'\u00c9tat dans les r\u00e9gions et d\u00e9partements\u00a0;\nVU le d\u00e9cret en Conseil des Ministres du 11 janvier 2023 portant nomination de Madame Fabienne  \nBUCCIO, pr\u00e9f\u00e8te de la r\u00e9gion Auvergne-Rh\u00f4ne-Alpes, pr\u00e9f\u00e8te de la zone de d\u00e9fense et de s\u00e9curit\u00e9  \nSud-Est, pr\u00e9f\u00e8te du Rh\u00f4ne (hors classe) ;\nVU  le d\u00e9cret du 6 novembre 2024 portant nomination du pr\u00e9fet d\u00e9l\u00e9gu\u00e9 pour la d\u00e9fense et la  \ns\u00e9curit\u00e9 aupr\u00e8s de la pr\u00e9f\u00e8te de la r\u00e9gion Auvergne-Rh\u00f4ne-Alpes, pr\u00e9f\u00e8te de la zone de d\u00e9fense et  \nde s\u00e9curit\u00e9 Sud-Est, pr\u00e9f\u00e8te du Rh\u00f4ne \u2013 M. Antoine GUERIN\u00a0; \nVU l'arr\u00eat\u00e9 pr\u00e9fectoral n\u00b069-2026-03-09-0006 du 9 mars 2026 portant d\u00e9l\u00e9gation de signature \u00e0 \nM. Antoine GUERIN en qualit\u00e9 de pr\u00e9fet d\u00e9l\u00e9gu\u00e9 pour la d\u00e9fense et la s\u00e9curit\u00e9 aupr\u00e8s de la  \npr\u00e9f\u00e8te de la r\u00e9gion Auvergne-Rh\u00f4ne-Alpes, pr\u00e9f\u00e8te de la zone de d\u00e9fense et de s\u00e9curit\u00e9 Sud-\nEst, pr\u00e9f\u00e8te du Rh\u00f4ne\u00a0;\nVU l'arr\u00eat\u00e9 du Ministre de l'Int\u00e9rieur et des outre-mer, en date du 19 avril 2023 relatif au nombre  \nmaximal de cam\u00e9ras install\u00e9es sur des a\u00e9ronefs pouvant \u00eatre simultan\u00e9ment utilis\u00e9es dans chaque  \nd\u00e9partement\u00a0et collectivit\u00e9 d'outre-mer ;\nVU l'analyse  d'impact  relative  \u00e0  la  protection  des  donn\u00e9es  (AIPD)  r\u00e9alis\u00e9e  par  le  Minist\u00e8re  de \nl'Int\u00e9rieur en date du 25 janvier 2023\u00a0; \nVU l'organisation par la France, dans le cadre de sa pr\u00e9sidence du G7 , du sommet sur la th\u00e9matique \nde la sant\u00e9 \u00ab \u00a0One Health Summit \u00a0\u00bb\u00a0du 05 au 07 avril 2026 \u00a0; que le pr\u00e9sident de la R\u00e9publique  \nfran\u00e7aise, Monsieur Emmanuel Macron, est attendu le mardi 07 avril 2026\u00a0;\nPr\u00e9fecture du Rh\u00f4ne  \u2013 69419 Lyon cedex 03 1\nwww.rhone.gouv.fr ou t\u00e9l. : 04 72 61 61 61 (co\u00fbt d'un appel local)\n69_Pr\u00e9f_Pr\u00e9fecture du Rh\u00f4ne - 69-2026-04-03-00001 - ARR\u00caT\u00c9 n\u00b02026 - 04 - 03- 0001\nautorisant la captation, l'enregistrement et la transmission\nd'images au moyen de cam\u00e9ras install\u00e9es sur un a\u00e9ronef les 06 et 07 avril 2026 \u00e0 Lyon\n78\nVU la  pr\u00e9sence  de  nombreuses  personnalit\u00e9s,  notamment  plusieurs  chefs  d'\u00c9tat,  ministres  et  \npr\u00e9sidents d'organisations internationales\u00a0; \nVU le contexte international et g\u00e9opolitique actuel (conflit au Moyen-Orient) et ses r\u00e9percussions  \ncontestataires sur le territoire national\u00a0;\nVU le plan vigipirate \u00e0 son niveau sommital \u00ab\u00a0urgence attentats\u00a0\u00bb\u00a0;\nVU la demande du 20 mars 2026, form\u00e9e par la Direction Interd\u00e9partementale de la Police Natio -\nnale du Rh\u00f4ne, visant \u00e0 obtenir l'autorisation de capter, d'enregistrer et de transmettre des images  \nau moyen de quatre cam\u00e9ras \u00e0 l'instant \u00ab \u00a0T\u00a0\u00bb (une par a\u00e9ronef t\u00e9l\u00e9-pilot\u00e9) aux fins de  pr\u00e9vention \ndes atteintes \u00e0 la s\u00e9curit\u00e9 des personnes et des biens, de s\u00e9curisation des rassemblements et de  \npr\u00e9vention d'actes de terrorisme dans le cadre des dispositifs mis en place pour cet \u00e9v\u00e8nement\u00a0;\nCONSID\u00c9RANT que les dispositions susvis\u00e9es permettent aux forces de s\u00e9curit\u00e9 int\u00e9rieure, dans  \nl'exercice de leurs missions de pr\u00e9vention des atteintes \u00e0 l'ordre public et de protection de la  \ns\u00e9curit\u00e9  des  personnes  et  des  biens,  de  proc\u00e9der  \u00e0  la  captation,  \u00e0  l'enregistrement  et  \u00e0  la  \ntransmission d'images au moyen de cam\u00e9ras install\u00e9es sur des a\u00e9ronefs aux fins d'assurer la s\u00e9curit\u00e9 \ndes personnes et des biens, de pr\u00e9venir les troubles \u00e0 l'ordre public dans le cadre des op\u00e9rations de \nr\u00e9tablissement de l'ordre public et de pr\u00e9venir les actes terroristes \u00a0; que notamment, le 1\u00b0, 2\u00b0 et 3\u00b0  \nde l'article L. 242-5 du Code de la s\u00e9curit\u00e9 int\u00e9rieure susvis\u00e9 pr\u00e9voit que ces dispositifs peuvent \u00eatre \nmis en \u0153uvre au titre de la s\u00e9curit\u00e9 des rassemblements de personnes sur la voie publique ou dans  \nles lieux ouverts au public ainsi que de l'appui des personnels au sol, en vue de leur permettre de  \nmaintenir ou de r\u00e9tablir l'ordre public, lorsque ces rassemblements sont susceptibles d'entra\u00eener  \ndes troubles graves \u00e0 l'ordre public, et, dans le cadre de la pr\u00e9vention des actes terroristes, aux  \nseules fins du maintien de l'ordre, de la s\u00e9curit\u00e9 publique et de l'int\u00e9grit\u00e9 des participants \u00e0 ce  \nsommet\u00a0;\nCONSID\u00c9RANT que le sommet One Health est un \u00e9v\u00e8nement phare de la pr\u00e9sidence fran\u00e7aise du  \nG7\u00a0; qu'il pr\u00e9sente \u00e0 ce titre des enjeux de s\u00e9curit\u00e9 importants en raison de la pr\u00e9sence de Chefs  \nd'Etats  et  de  Gouvernements  fran\u00e7ais  et  \u00e9trangers \u00a0;  que  certains  de  ces  responsables  sont  \nsusceptibles de provoquer des mobilisations du fait de leurs prises de positions dans le cadre de  \nl'application de mesures gouvernementales ou europ\u00e9ennes\u00a0;\nCONSID\u00c9RANT que le sommet One Health touche \u00e0 des enjeux globaux en sant\u00e9 mais aussi en  \nenvironnement\u00a0; qu'il constitue un espace strat\u00e9gique d'influence \u00a0; qu'il aura une grande visibilit\u00e9  \nm\u00e9diatique\u00a0; que des militants associatifs et des acteurs locaux pourront donc le cibler\u00a0;\nCONSID\u00c9RANT qu'il convient de souligner la r\u00e9currence d'actions militantes \u00e0 Lyon aussi bien  \nenvironnementales qu'animalistes\u00a0; que ce sommet pourrait motiver des r\u00e9actions militantes ou  \nsyndicales (r\u00e9servoirs zoonotiques et vecteurs de maladies infectieuses, exposition aux pollutions,  \nmarchandisation du syst\u00e8me de sant\u00e9, acc\u00e8s aux soins, IA en sant\u00e9, etc...) telles qu'elles ont pris  \nforme sur le sommet du nucl\u00e9aire le 10 mars dernier (intrusions, blocages, destructions et diverses  \nmobilisations)\u00a0; \nCONSID\u00c9RANT que le secteur hospitalier reste un foyer actif de contestation\u00a0; que le personnel de \nsant\u00e9 a le sentiment de fonctionner en mode tr\u00e8s d\u00e9grad\u00e9\u00a0; que des revendications r\u00e9currentes ont \nlieu sur l'am\u00e9lioration des moyens, l'augmentation des effectifs \u00a0; qu'elles d\u00e9noncent l'allongement  \ndes temps d'attente, l'engorgement des urgences \u00a0; que la visite de la ministre de la sant\u00e9 \u00e0 Lyon a  \nfait l'objet de perturbations \u00a0; que cette frustration des personnels de sant\u00e9 pourrait se cristalliser  \nlors de ce sommet et qu'il en serait la vitrine\u00a0;\nCONSID\u00c9RANT qu'\u00e0 Lyon, le collectif Extinction Rebellion XR est particuli\u00e8rement proactif \u00a0; qu'il a \nles moyens humains, mat\u00e9riels et m\u00e9diatiques de mener \u00e0 bien une action coordonn\u00e9e telle que l'a  \n2\n69_Pr\u00e9f_Pr\u00e9fecture du Rh\u00f4ne - 69-2026-04-03-00001 - ARR\u00caT\u00c9 n\u00b02026 - 04 - 03- 0001\nautorisant la captation, l'enregistrement et la transmission\nd'images au moyen de cam\u00e9ras install\u00e9es sur un a\u00e9ronef les 06 et 07 avril 2026 \u00e0 Lyon\n79\nfait Green Peace lors du sommet du nucl\u00e9aire le 10 mars dernier \u00a0; qu'il est en capacit\u00e9 de mobiliser  \nrapidement lors de rassemblements, d'happenings, d'affichages de banderoles ou de toute autre  \naction m\u00e9diatique\u00a0;\nCONSID\u00c9RANT que  les  dispositifs  de  vid\u00e9oprotection  existants  ne  permettent  pas  de  couvrir  \nl'ensemble du secteur concern\u00e9 particuli\u00e8rement \u00e9tendu\u00a0; que les cam\u00e9ras a\u00e9roport\u00e9es viennent en \ncompl\u00e9mentarit\u00e9  de  ces  derniers  permettant  une  continuit\u00e9  d'observation  sans  d\u00e9placement  \nd'effectifs d'un arrondissement \u00e0 l'autre ; que la mobilit\u00e9 de ces cam\u00e9ras permet de s'affranchir de  \nla topographie urbaine\u00a0; que ces dispositifs offrent une vue d'ensemble et permettent aux forces de \nl'ordre d'anticiper de potentielles atteintes aussi bien dans le p\u00e9rim\u00e8tre des sites mais \u00e9galement  \nsur les trajets arriv\u00e9es et d\u00e9parts des personnalit\u00e9s ; \nCONSID\u00c9RANT l'\u00e9tendue  du  p\u00e9rim\u00e8tre  concern\u00e9 \u00a0;  que  les  dispositifs  de  vid\u00e9o  protection  ne  \npermettent pas une d\u00e9tection et un suivi en temps r\u00e9el et dynamique de toute vell\u00e9it\u00e9 d'atteintes  \naux d\u00e9placements des personnalit\u00e9s  et de diriger au plus pr\u00e8s les effectifs au sol \u00a0;\nCONSID\u00c9RANT qu'une  surveillance  au  sol  du  p\u00e9rim\u00e8tre  demand\u00e9,  sans  l'appui  de  cam\u00e9ras  \na\u00e9roport\u00e9es, ne permet d'en assurer la s\u00e9curit\u00e9 ;\nCONSID\u00c9RANT que seule la mise en \u0153uvre des drones peut permettre un appui efficient pour le  \nDirecteur du Service d'Ordre et les man\u0153uvres qu'il pourrait initier avec ses effectifs au sol en  \nanticipation et non a posteriori\u00a0;\nCONSID\u00c9RANT que la demande porte sur l'engagement de quatre cam\u00e9ras a\u00e9roport\u00e9es \u00a0\u00e0 l'instant \n\u00ab\u00a0T\u00a0\u00bb ; que les lieux surveill\u00e9s sont strictement limit\u00e9s aux lieux o\u00f9 sont susceptibles de survenir les  \natteintes, que l'usage des cam\u00e9ras a\u00e9roport\u00e9es vise \u00e0 pr\u00e9venir \u00a0; que la dur\u00e9e de l'autorisation est  \n\u00e9galement strictement limit\u00e9e \u00e0 la dur\u00e9e des risques de troubles \u00e0 l'ordre public \u00a0et de s\u00e9curit\u00e9 ;  \nqu'au regard des circonstances susmentionn\u00e9es, la demande n'appara\u00eet pas disproportionn\u00e9e\u00a0; \nCONSID\u00c9RANT que  par  exception  au  principe  g\u00e9n\u00e9ral  de  l'information  par  plusieurs  moyens  \nadapt\u00e9s du recours \u00e0 la captation, l'enregistrement et la transmission d'images des art. L. 242-3 et R. \n242-13 du CSI, cette information entre en contradiction avec les objectifs poursuivis parmi les  \nfinalit\u00e9s de l'op\u00e9ration mentionn\u00e9es aux 1\u00b0, 2\u00b0 et 3\u00b0 du I de l'article R. 242-8 du CSI \u00a0; que l'efficacit\u00e9 \nde  cette  op\u00e9ration  sensible  est  conditionn\u00e9e  \u00e0  un  imp\u00e9ratif  de  discr\u00e9tion \u00a0;  que  l'information \nsp\u00e9cifique du public peut alors entrer en contradiction avec les finalit\u00e9s de l'op\u00e9ration, et mettre  \nen p\u00e9ril son efficacit\u00e9 \u00a0; que l'information du public n'aura pas lieu \u00e0 ce titre \u00a0; que le pr\u00e9sent arr\u00eat\u00e9  \nsera publi\u00e9 au recueil des actes administratifs ; \nARR\u00caTE\nArticle  1 er\n \u2013  La  captation,  l'enregistrement  et  la  transmission  d'images  par  la  Direction  \nInterd\u00e9partementale  de  la  Police  Nationale  du  Rh\u00f4ne,  est  autoris\u00e9e  aux  fins  de  pr\u00e9vention  des \natteintes \u00e0 la s\u00e9curit\u00e9 des personnes et des biens et de pr\u00e9vention des troubles \u00e0 l'ordre public dans \nle cadre des op\u00e9rations de r\u00e9tablissement de l'ordre public et de pr\u00e9vention d'actes terroristes dans \nle cadre de ce sommet , le lundi 06 avril 2026 de 09h00 \u00e0 19 h00 sur les communes de Lyon, Caluire \net Cuire et Villeurbanne, dans le p\u00e9rim\u00e8tre d\u00e9finit par un cercle de rayon un kilom\u00e8tre et ayant  \npour centre le toit de l'H\u00f4tel Mariott, 70 quai Charles de Gaulle \u00e0 Lyon 06, coordonn\u00e9es GPS Lat  \n45.78450 et Long 4.885317 .\nArticle  2  \u2013  La  captation,  l'enregistrement  et  la  transmission  d'images  par  la  Direction  \nInterd\u00e9partementale  de  la  Police  Nationale  du  Rh\u00f4ne,  est  autoris\u00e9e  aux  fins  de  pr\u00e9vention  des \natteintes \u00e0 la s\u00e9curit\u00e9 des personnes et des biens et de pr\u00e9vention des troubles \u00e0 l'ordre public dans \nle cadre des op\u00e9rations de r\u00e9tablissement de l'ordre public et de pr\u00e9vention d'actes terroristes dans \nle cadre de ce sommet , le mardi 07 avril 2026\u00a0: \n3\n69_Pr\u00e9f_Pr\u00e9fecture du Rh\u00f4ne - 69-2026-04-03-00001 - ARR\u00caT\u00c9 n\u00b02026 - 04 - 03- 0001\nautorisant la captation, l'enregistrement et la transmission\nd'images au moyen de cam\u00e9ras install\u00e9es sur un a\u00e9ronef les 06 et 07 avril 2026 \u00e0 Lyon\n80\n\u2022 de 08h00 \u00e0 24 h00 sur les  communes de Lyon, Caluire et Cuire et Villeurbanne, dans le  \np\u00e9rim\u00e8tre d\u00e9finit par un cercle de rayon un kilom\u00e8tre et ayant pour centre le toit de l'H\u00f4tel \nMariott,  70  quai Charles de Gaulle \u00e0  Lyon 06,  coordonn\u00e9es GPS Lat 45.78450  et  Long  \n4.885317 .\n\u2022 de 07h00 \u00e0 24h00 sur la commune de Lyon,  dans le p\u00e9rim\u00e8tre d\u00e9finit par un cercle de rayon \nun kilom\u00e8tre et ayant pour centre le b\u00e2timent Moli\u00e8re, angle rue de Bonnel et rue Moli\u00e8re \u00e0  \nLyon 03, coordonn\u00e9es GPS Lat 45.76168 et Long 4.84368.\nArticle  3  \u2013  Le  nombre  maximal  de  cam\u00e9ras  pouvant  proc\u00e9der  simultan\u00e9ment  aux  traitements \nmentionn\u00e9s \u00e0 l'article 1er\n et \u00e0 l'article 2 est fix\u00e9 aux dispositifs suivants\u00a0: \n\u2022 Le lundi 06 avril 2026 - Cit\u00e9 Internationale - 1 x DJI Matrice 4T et 1 x Mavic 3T\n\u2022 Le mardi 07 avril 2026 - Cit\u00e9 Internationale \u2013 3 x DJI Matrice 4T et  1 x Mavic 3T\n- Pr\u00e9fecture - 1 x DJI Matrice 4T et  1 x Matrice 4TD\nArticle 4 \u2013  Le registre mentionn\u00e9 \u00e0 l'article L. 242-4 du Code de la s\u00e9curit\u00e9 int\u00e9rieure est transmis \u00e0  \nla pr\u00e9f\u00e8te du Rh\u00f4ne \u00e0 l'issue de la manifestation.\nArticle 5\u00a0\u2013 Le pr\u00e9sent arr\u00eat\u00e9 est publi\u00e9 au recueil des actes administratifs de la pr\u00e9fecture et peut  \nfaire l'objet d'un recours devant le tribunal administratif de Lyon dans un d\u00e9lai de deux mois \u00e0  \ncompter de sa publication.\nArticle 6 \u2013 Le pr\u00e9fet d\u00e9l\u00e9gu\u00e9 pour la d\u00e9fense et la s\u00e9curit\u00e9, le d irecteur interd\u00e9partemental de la  \nPolice Nationale du Rh\u00f4ne  sont charg\u00e9s chacun en ce qui le concerne de  l'ex\u00e9cution du pr\u00e9sent  \narr\u00eat\u00e9.\nFait \u00e0 Lyon, le 03 avril 2026\nLe pr\u00e9fet d\u00e9l\u00e9gu\u00e9 pour la d\u00e9fense et la s\u00e9curit\u00e9,\n4\nORIGINAL SIGNE\nAntoine GU\u00c9RIN\n69_Pr\u00e9f_Pr\u00e9fecture du Rh\u00f4ne - 69-2026-04-03-00001 - ARR\u00caT\u00c9 n\u00b02026 - 04 - 03- 0001\nautorisant la captation, l'enregistrement et la transmission\nd'images au moyen de cam\u00e9ras install\u00e9es sur un a\u00e9ronef les 06 et 07 avril 2026 \u00e0 Lyon\n81\n69_Pr\u00e9f_Pr\u00e9fecture du Rh\u00f4ne\n69-2025-10-13-00016\nArr\u00eat\u00e9 Portant institution d'une r\u00e9gie d'avances\net de recettes aupr\u00e8s de la Direction\nInterd\u00e9partementale de la Police Nationale du\nRh\u00f4ne\n69_Pr\u00e9f_Pr\u00e9fecture du Rh\u00f4ne - 69-2025-10-13-00016 - Arr\u00eat\u00e9 Portant institution d'une r\u00e9gie d'avances et de recettes aupr\u00e8s de la\nDirection Interd\u00e9partementale de la Police Nationale du Rh\u00f4ne 82\nDirection de la coordination\ndes politiques interminist\u00e9rielles\nLyon, le 13 octobre 2025\nARR\u00caT\u00c9 PR\u00c9FECTORAL N\u00b0  \nPortant institution d'une r\u00e9gie d'avances et de recettes aupr\u00e8s de la Direction Interd\u00e9partementale \nde la Police Nationale du Rh\u00f4ne\nLA PR\u00c9F\u00c8TE DE LA R\u00c9GION AUVERGNE-RH\u00d4NE-ALPES,\nPR\u00c9F\u00c8TE DE LA ZONE DE D\u00c9FENSE ET DE S\u00c9CURIT\u00c9 SUD-EST,\nPR\u00c9F\u00c8TE DU RH\u00d4NE\nCommandeur de la L\u00e9gion d'honneur\nCommandeur de l'ordre national du M\u00e9rite\nVu le chapitre III du code de l'aviation civile\u00a0;\nVu le code de la d\u00e9fense\u00a0;\nVu le code de l'entr\u00e9e et du s\u00e9jour des \u00e9trangers et du droit d'asile\u00a0;\nVu le code de proc\u00e9dure p\u00e9nale\u00a0; \nVu le code de la s\u00e9curit\u00e9 int\u00e9rieure\u00a0;\nVu le code de la route et notamment son article L.121-4\u00a0; \nVu la loi n\u00b089-469 du 10 juillet 1989 relative \u00e0 diverses dispositions en mati\u00e8re de s\u00e9curit\u00e9 routi\u00e8re et \nde contraventions, notamment ses articles 5 \u00e0 10\u00a0;\nVu  le d\u00e9cret  n\u00b0 81-778  du  13  ao\u00fbt  1981 modifi\u00e9 fixant  le  tarif  des  droits  \u00e0  percevoir dans  les  \nchancelleries diplomatiques et consulaires et, en territoire fran\u00e7ais, par le minist\u00e8re des relations  \next\u00e9rieures\u00a0;\nVu le d\u00e9cret n\u00b0 97-199 du 5 mars 1997 modifi\u00e9 relatif au remboursement de certaines d\u00e9penses  \nsupport\u00e9es par les forces de police aux fronti\u00e8res\u00a0;\nVu le d\u00e9cret n\u00b0 2003-734 du 1er ao\u00fbt 2003 modifi\u00e9 portant cr\u00e9ation des services d\u00e9concentr\u00e9s  \ncharg\u00e9s de la police aux fronti\u00e8res\u00a0; \nVu le d\u00e9cret n\u00b02010-1246 du 7 novembre 2012 modifi\u00e9 relatif \u00e0 la gestion budg\u00e9taire et comptable  \npublique\u00a0;\n1/3\n69_Pr\u00e9f_Pr\u00e9fecture du Rh\u00f4ne - 69-2025-10-13-00016 - Arr\u00eat\u00e9 Portant institution d'une r\u00e9gie d'avances et de recettes aupr\u00e8s de la\nDirection Interd\u00e9partementale de la Police Nationale du Rh\u00f4ne 83\nVu le d\u00e9cret n\u00b02019-798 du 26 juillet 2019 modifi\u00e9 relatif aux r\u00e9gies de recettes et d'avances des  \norganismes publics\u00a0; \nVu le d\u00e9cret n\u00b02023-1012 du 31 octobre 2023 modifiant en mati\u00e8re d'organisation de la police  \nnationale le Code de la s\u00e9curit\u00e9 int\u00e9rieure et le d\u00e9cret n\u00b02004- 374 du 29 avril 2004 relatif aux  \npouvoirs  des  pr\u00e9fets,  \u00e0  l'organisation  et  l'action  des  services  de  l'\u00c9tat  dans  les  r\u00e9gions  et  \nd\u00e9partements\u00a0;\nVu le d\u00e9cret n\u00b0 2023-1013 du 2 novembre 2023 relatif aux services d\u00e9concentr\u00e9s et \u00e0 l'organisation  \nde la police nationale\u00a0; \nVu l'arr\u00eat\u00e9 du 28 janvier 2002 relatif au montant par op\u00e9ration des d\u00e9penses de mat\u00e9riel et de  \nfonctionnement payables par l'interm\u00e9diaire d'un r\u00e9gisseur d'avances\u00a0;\nVu l'arr\u00eat\u00e9 du 24 d\u00e9cembre 2012 portant application des articles 25, 26, 32, 34, 35, 39 et 43 du  \nd\u00e9cret 2012-1246 du 7 novembre 2012 relatif \u00e0 la gestion budg\u00e9taire et les moyens d'encaissement  \ndes recettes publiques\u00a0;\nVu l'arr\u00eat\u00e9 du 6 janvier 2014 portant application des articles 22 et 138 du d\u00e9cret 2012-1246 du 7  \nnovembre  2012  relatif  \u00e0  la  gestion  budg\u00e9taire  et  comptable  publique,  relatifs  \u00e0  l'encaisse  des \ncomptables publics, des r\u00e9gisseurs et des tr\u00e9soriers militaires\u00a0;\nVu l'arr\u00eat\u00e9 du 29 avril 2024 modifi\u00e9 habilitant les pr\u00e9fets \u00e0 cr\u00e9er des r\u00e9gies de recettes, des r\u00e9gies  \nd'avances et des r\u00e9gies de recettes et d'avances aupr\u00e8s des services d\u00e9concentr\u00e9s du minist\u00e8re de  \nl'int\u00e9rieur et des outre-mer\u00a0;\nVu l'arr\u00eat\u00e9 du 02 septembre 2025 modifiant l'arr\u00eat\u00e9 du 29 avril 2024 habilitant les pr\u00e9fets \u00e0 cr\u00e9er  \ndes r\u00e9gies de recettes, des r\u00e9gies d'avances et  des r\u00e9gies de recettes et  d'avances aupr\u00e8s des  \nservices d\u00e9concentr\u00e9s du minist\u00e8re de l'int\u00e9rieur et des outre-mer\u00a0;\nVu les avis conformes \u00e9mis par le directeur r\u00e9gional des finances publique de la r\u00e9gion Auvergne-\nRh\u00f4ne-Alpes et du d\u00e9partement du Rh\u00f4ne en date des 19 septembre et 26 septembre 2025\u00a0;\nSur proposition du pr\u00e9fet d\u00e9l\u00e9gu\u00e9 pour la d\u00e9fense et la s\u00e9curit\u00e9\u00a0;\nARR\u00caTE\nArticle 1er\nIl est institu\u00e9 une r\u00e9gie d'avances et de recettes aupr\u00e8s de la Direction Interd\u00e9partementale de la  \nPolice Nationale du Rh\u00f4ne. \nArticle 2\nLe r\u00e9gisseur d'avances est autoris\u00e9 \u00e0 payer les frais de d\u00e9placements temporaires y compris les  \navances sur ces frais conform\u00e9ment \u00e0 l'article 10 du d\u00e9cret n\u00b02019-798 du 26 juillet 2019 susvis\u00e9.\nArticle 3\n2/3\n69_Pr\u00e9f_Pr\u00e9fecture du Rh\u00f4ne - 69-2025-10-13-00016 - Arr\u00eat\u00e9 Portant institution d'une r\u00e9gie d'avances et de recettes aupr\u00e8s de la\nDirection Interd\u00e9partementale de la Police Nationale du Rh\u00f4ne 84\nLe montant maximum de l'avance \u00e0 consentir au r\u00e9gisseur est fix\u00e9 \u00e0 1000 euros. L'avance est vers\u00e9e  \npar le comptable public assignataire sur demande du r\u00e9gisseur vis\u00e9e par l'ordonnateur.\nArticle 4\nLe r\u00e9gisseur de recettes est autoris\u00e9 \u00e0 encaisser les recettes suivantes\u00a0:\n1\u00b0 Le produit des amendes forfaitaires et des consignations\u00a0;\n2\u00b0 Les droits de chancellerie ;\nArticle 5\nLe montant maximum de l'encaisse que le r\u00e9gisseur de recettes est autoris\u00e9 \u00e0 conserver est fix\u00e9 \u00e0  \n5000 euros.\nArticle 7\nLe r\u00e9gisseur de recettes est assist\u00e9 d'un mandataire suppl\u00e9ant, nomm\u00e9 dans les m\u00eames conditions  \nque  lui.  Il  peut  \u00eatre  \u00e9galement  autoris\u00e9  \u00e0  recourir  \u00e0  des  mandataires,  pour  l'assister  dans  les \nop\u00e9rations de la r\u00e9gie, qu'il d\u00e9signe apr\u00e8s autorisation de l'ordonnateur. Ils sont charg\u00e9s d'effectuer \nles op\u00e9rations qui leur sont confi\u00e9es par mandat du r\u00e9gisseur.\nArticle 8\nLe r\u00e9gisseur est tenu de demander l'ouverture d'un compte de d\u00e9p\u00f4t de fonds au Tr\u00e9sor aupr\u00e8s de  \nson comptable public assignataire ou, le cas \u00e9ch\u00e9ant, aupr\u00e8s du comptable public de sa r\u00e9sidence  \nadministrative. \nArticle 9\nLa pr\u00e9f\u00e8te de la r\u00e9gion Auvergne-Rh\u00f4ne-Alpes, pr\u00e9f\u00e8te de la zone de d\u00e9fense et de s\u00e9curit\u00e9 Sud-Est, \npr\u00e9f\u00e8te du Rh\u00f4ne  est charg\u00e9e de l'ex\u00e9cution du pr\u00e9sent arr\u00eat\u00e9  qui sera publi\u00e9 au recueil des actes \nadministratifs de la pr\u00e9fecture du Rh\u00f4ne.\nFait \u00e0 Lyon, le  13 octobre 2025\n\"original sign\u00e9\" \n3/3\nLa pr\u00e9f\u00e8te,\nFabienne BUCCIO\n69_Pr\u00e9f_Pr\u00e9fecture du Rh\u00f4ne - 69-2025-10-13-00016 - Arr\u00eat\u00e9 Portant institution d'une r\u00e9gie d'avances et de recettes aupr\u00e8s de la\nDirection Interd\u00e9partementale de la Police Nationale du Rh\u00f4ne 85\n69_Pr\u00e9f_Pr\u00e9fecture du Rh\u00f4ne\n69-2025-10-13-00017\nArr\u00eat\u00e9 Portant nomination d'un r\u00e9gisseur et de\nsa suppl\u00e9ante aupr\u00e8s de la Direction\nInterd\u00e9partementale de la Police Nationale du\nRh\u00f4ne\n69_Pr\u00e9f_Pr\u00e9fecture du Rh\u00f4ne - 69-2025-10-13-00017 - Arr\u00eat\u00e9 Portant nomination d'un r\u00e9gisseur et de sa suppl\u00e9ante aupr\u00e8s de la\nDirection Interd\u00e9partementale de la Police Nationale du Rh\u00f4ne 86\nDirection de la coordination\ndes politiques interminist\u00e9rielles\nLyon, le 13 octobre 2025\nARR\u00caT\u00c9 PR\u00c9FECTORAL N\u00b0  \nPortant nomination d'un r\u00e9gisseur et de sa suppl\u00e9ante aupr\u00e8s de la Direction Interd\u00e9partementale \nde la Police Nationale du Rh\u00f4ne\nLA PR\u00c9F\u00c8TE DE LA R\u00c9GION AUVERGNE-RH\u00d4NE-ALPES,\nPR\u00c9F\u00c8TE DE LA ZONE DE D\u00c9FENSE ET DE S\u00c9CURIT\u00c9 SUD-EST,\nPR\u00c9F\u00c8TE DU RH\u00d4NE\nCommandeur de la L\u00e9gion d'honneur\nCommandeur de l'ordre national du M\u00e9rite\nVu le d\u00e9cret n\u00b02012-1246 du 7 novembre 2012 modifi\u00e9 relatif \u00e0 la gestion budg\u00e9taire et comptable \npublique ;\nVu le d\u00e9cret n\u00b02019-798 du 26 juillet 2019 modifi\u00e9 relatif aux r\u00e9gies de recettes et d'avances des  \norganismes publics\u00a0;\nVu l'arr\u00eat\u00e9 du 28 mai  1993 relatif aux taux de l'indemnit\u00e9 de responsabilit\u00e9 susceptible d'\u00eatre  \nallou\u00e9e aux r\u00e9gisseurs d'avances et aux r\u00e9gisseurs de recettes relavant des organismes publics et  \nmontant du cautionnement impos\u00e9 \u00e0 ces agents\u00a0;\nVu l'arr\u00eat\u00e9 du 13 f\u00e9vrier 2013 modifi\u00e9 habilitant les pr\u00e9fets \u00e0 instituer des r\u00e9gies de recettes et des  \nr\u00e9gies d'avances aupr\u00e8s des services d\u00e9concentr\u00e9s du minist\u00e8re de l'int\u00e9rieur\u00a0;\nVu l'arr\u00eat\u00e9 pr\u00e9fectoral du 1 er juin 2017 portant institution d'une r\u00e9gie de recettes aupr\u00e8s de la  \ndirection d\u00e9partementale de la s\u00e9curit\u00e9 publique du Rh\u00f4ne ;\nVu l'arr\u00eat\u00e9 pr\u00e9fectoral n\u00b069-2024-05-02-00010 du 02 mai 2024 portant nomination du r\u00e9gisseur en  \ncharge de la r\u00e9gie de recettes aupr\u00e8s de la Direction Interd\u00e9partementale de la Police Nationale du  \nRh\u00f4ne ;\nVu le d\u00e9cret du 11 janvier 2023 en conseil des ministres portant nomination de Mme Fabienne  \nBUCCIO en qualit\u00e9 de pr\u00e9f\u00e8te de la r\u00e9gion Auvergne-Rh\u00f4ne-Alpes, pr\u00e9f\u00e8te de la zone de d\u00e9fense et  \nde s\u00e9curit\u00e9 Sud-Est, pr\u00e9f\u00e8te du Rh\u00f4ne (hors classe)\u00a0;\nVu le d\u00e9cret du 06 novembre 2024 en conseil des ministres portant nomination du pr\u00e9fet d\u00e9l\u00e9gu\u00e9  \npour la d\u00e9fense et la s\u00e9curit\u00e9 aupr\u00e8s de la pr\u00e9f\u00e8te de la r\u00e9gion Auvergne-Rh\u00f4ne-Alpes, pr\u00e9f\u00e8te de la  \nzone de d\u00e9fense et de s\u00e9curit\u00e9 Sud-Est, pr\u00e9f\u00e8te du Rh\u00f4ne (hors classe)\u00a0;\nVu le d\u00e9cret n\u00b02023-1013 du 02 novembre 2023 relatif aux services d\u00e9concentr\u00e9s et \u00e0 l'organisation  \nde la police nationale\u00a0;\nVu l'arr\u00eat\u00e9 du 27 d\u00e9cembre 2022 portant nomination des r\u00e9gisseurs titulaires et de leurs suppl\u00e9ants \ndes r\u00e9gies d'avances et de recettes aupr\u00e8s des directions zonales de police aux fronti\u00e8res, des  \n1/3\n69_Pr\u00e9f_Pr\u00e9fecture du Rh\u00f4ne - 69-2025-10-13-00017 - Arr\u00eat\u00e9 Portant nomination d'un r\u00e9gisseur et de sa suppl\u00e9ante aupr\u00e8s de la\nDirection Interd\u00e9partementale de la Police Nationale du Rh\u00f4ne 87\ndirections d\u00e9partementales et interd\u00e9partementales de police aux fronti\u00e8res relevant de la police  \nnationale du minist\u00e8re de l'int\u00e9rieur et des outre-mer\u00a0;\nVu l'arr\u00eat\u00e9 du 29 avril 2024 modifi\u00e9 habilitant les pr\u00e9fets \u00e0 cr\u00e9er des r\u00e9gies de recettes, des r\u00e9gies  \nd'avances et des r\u00e9gies de recettes et d'avances aupr\u00e8s des services d\u00e9concentr\u00e9s du minist\u00e8re de  \nl'int\u00e9rieur et des outre-mer\u00a0;\nVu les avis conformes \u00e9mis par le directeur r\u00e9gional des finances publique de la r\u00e9gion Auvergne-\nRh\u00f4ne-Alpes et du d\u00e9partement du Rh\u00f4ne en date des 19 septembre et 26 septembre 2025\u00a0;\nVu l'arr\u00eat\u00e9 pr\u00e9fectoral portant modification de l'arr\u00eat\u00e9 pr\u00e9fectoral instituant une r\u00e9gie de recettes  \naupr\u00e8s de la Direction Interd\u00e9partementale de la Police Nationale du Rh\u00f4ne\u00a0;\nSur proposition de Madame la pr\u00e9f\u00e8te de la r\u00e9gion Auvergne-Rh\u00f4ne-Alpes, pr\u00e9f\u00e8te de la zone de \nd\u00e9fense et de s\u00e9curit\u00e9 Sud-Est, pr\u00e9f\u00e8te du Rh\u00f4ne ;\nARR\u00caTE\nArticle 1er\nMonsieur Mounir ABBES, adjoint administratif principal de 2\u00e8me classe, est nomm\u00e9 r\u00e9gisseur aupr\u00e8s \nde la direction interd\u00e9partementale de la police nationale du Rh\u00f4ne. Madame C\u00e9line \nGOUTTEBROZE, Brigadier-Chef, est nomm\u00e9e r\u00e9gisseuse suppl\u00e9ante. Ces nominations prennent effet \n\u00e0 compter du 1er novembre 2025,\n \nArticle 2\nMonsieur Mounir ABBES percevra une indemnit\u00e9 de maniement de fonds dont le montant est fix\u00e9  \npar l'arr\u00eat\u00e9 du 28 mai 1993 modifi\u00e9 susvis\u00e9.\nArticle 3\nEn cas d'absence pour maladie, cong\u00e9 ou tout autre emp\u00eachement exceptionnel, Madame C\u00e9line  \nGOUTTEBROZE, Brigadier-Chef, est nomm\u00e9e mandataire suppl\u00e9ante afin de r\u00e9aliser pour le compte \ndu r\u00e9gisseur toutes les op\u00e9rations aff\u00e9rentes \u00e0 la r\u00e9gie.\nArticle 4\nL'arr\u00eat\u00e9 pr\u00e9fectoral n\u00b069-2024-05-02-00010 du 02 mai 2024 portant nomination du r\u00e9gisseur en  \ncharge de la r\u00e9gie de recettes aupr\u00e8s de la Direction Interd\u00e9partementale de la Police Nationale du  \nRh\u00f4ne est abrog\u00e9.\n2/3\n69_Pr\u00e9f_Pr\u00e9fecture du Rh\u00f4ne - 69-2025-10-13-00017 - Arr\u00eat\u00e9 Portant nomination d'un r\u00e9gisseur et de sa suppl\u00e9ante aupr\u00e8s de la\nDirection Interd\u00e9partementale de la Police Nationale du Rh\u00f4ne 88\nArticle 5\nLa pr\u00e9f\u00e8te de la r\u00e9gion Auvergne-Rh\u00f4ne-Alpes, pr\u00e9f\u00e8te de la zone de d\u00e9fense et de s\u00e9curit\u00e9 Sud-Est, \npr\u00e9f\u00e8te du Rh\u00f4ne est charg\u00e9e de l'ex\u00e9cution du pr\u00e9sent arr\u00eat\u00e9 qui sera publi\u00e9 au recueil des actes  \nadministratifs de la pr\u00e9fecture du Rh\u00f4ne.\nFait \u00e0 Lyon, le 13 octobre 2025\n\"original sign\u00e9\" \n3/3\nLa pr\u00e9f\u00e8te,\nFabienne BUCCIO\n69_Pr\u00e9f_Pr\u00e9fecture du Rh\u00f4ne - 69-2025-10-13-00017 - Arr\u00eat\u00e9 Portant nomination d'un r\u00e9gisseur et de sa suppl\u00e9ante aupr\u00e8s de la\nDirection Interd\u00e9partementale de la Police Nationale du Rh\u00f4ne 89\n69_Pr\u00e9f_Pr\u00e9fecture du Rh\u00f4ne\n69-2025-10-13-00015\nArr\u00eat\u00e9 portant suppression de la r\u00e9gie de\nrecettes install\u00e9e aupr\u00e8s de\nla direction zonale de la police aux fronti\u00e8res\nsud-est\n69_Pr\u00e9f_Pr\u00e9fecture du Rh\u00f4ne - 69-2025-10-13-00015 - Arr\u00eat\u00e9 portant suppression de la r\u00e9gie de recettes install\u00e9e aupr\u00e8s de\nla direction zonale de la police aux fronti\u00e8res sud-est 90\nDirection de la coordination\ndes politiques interminist\u00e9rielles\nLyon, le 13 octobre 2025\nARR\u00caT\u00c9 PR\u00c9FECTORAL N\u00b0  \nportant suppression de la r\u00e9gie de recettes install\u00e9e aupr\u00e8s de\nla direction zonale de la police aux fronti\u00e8res sud-est\nLA PR\u00c9F\u00c8TE DE LA R\u00c9GION AUVERGNE-RH\u00d4NE-ALPES,\nPR\u00c9F\u00c8TE DE LA ZONE DE D\u00c9FENSE ET DE S\u00c9CURIT\u00c9 SUD-EST,\nPR\u00c9F\u00c8TE DU RH\u00d4NE\nCommandeur de la L\u00e9gion d'honneur\nCommandeur de l'ordre national du M\u00e9rite\nVu le chapitre III du code de l'aviation civile ;\nVu le code de la d\u00e9fense ;\nVu le code de l'entr\u00e9e et du s\u00e9jour des \u00e9trangers et du droit d'asile ;\nVu le code de proc\u00e9dure p\u00e9nale ; \nVu le code de la s\u00e9curit\u00e9 int\u00e9rieure ;\nVu le code de la route et notamment son article L.121-4 ; \nVu la loi n\u00b089-469 du 10 juillet 1989 relative \u00e0 diverses dispositions en mati\u00e8re de s\u00e9curit\u00e9 routi\u00e8re et \nde contraventions, notamment ses articles 5 \u00e0 10 ;\nVu  le d\u00e9cret  n\u00b0 81-778  du  13  ao\u00fbt  1981 modifi\u00e9 fixant  le  tarif  des  droits  \u00e0  percevoir dans  les  \nchancelleries diplomatiques et consulaires et, en territoire fran\u00e7ais, par le minist\u00e8re des relations  \next\u00e9rieures ;\nVu le d\u00e9cret n\u00b0 97-199 du 5 mars 1997 modifi\u00e9 relatif au remboursement de certaines d\u00e9penses  \nsupport\u00e9es par les forces de police aux fronti\u00e8res ;\nVu le d\u00e9cret n\u00b0 2003-734 du 1er ao\u00fbt 2003 modifi\u00e9 portant cr\u00e9ation des services d\u00e9concentr\u00e9s  \ncharg\u00e9s de la police aux fronti\u00e8res ; \nVu le d\u00e9cret n\u00b02010-1246 du 7 novembre 2012 modifi\u00e9 relatif \u00e0 la gestion budg\u00e9taire et comptable  \npublique ;\n1/3\n69_Pr\u00e9f_Pr\u00e9fecture du Rh\u00f4ne - 69-2025-10-13-00015 - Arr\u00eat\u00e9 portant suppression de la r\u00e9gie de recettes install\u00e9e aupr\u00e8s de\nla direction zonale de la police aux fronti\u00e8res sud-est 91\nVu le d\u00e9cret n\u00b02019-798 du 26 juillet 2019 modifi\u00e9 relatif aux r\u00e9gies de recettes et d'avances des  \norganismes publics ; \nVu le d\u00e9cret n\u00b0 2003-1012 du 31 octobre 2023 modifiant en mati\u00e8re d'organisation de la police  \nnationale le code de la s\u00e9curit\u00e9 int\u00e9rieure et le d\u00e9cret n\u00b0 2004-374 du 29 avril 2004 relatif aux  \npouvoirs  du  pr\u00e9fet,  \u00e0  l'organisation  et  l'action  des  services  de  l'\u00c9tat  dans  les  r\u00e9gions  et  \nd\u00e9partements ;\nVu le d\u00e9cret n\u00b0 2023-1013 du 2 novembre 2023 relatif aux services d\u00e9concentr\u00e9s et \u00e0 l'organisation  \nde la police nationale ;\nVu l'arr\u00eat\u00e9 du 28 janvier 2002 relatif au montant par op\u00e9ration des d\u00e9penses de mat\u00e9riel et de  \nfonctionnement payables par l'interm\u00e9diaire d'un r\u00e9gisseur d'avances ;\nVu l'arr\u00eat\u00e9 du 24 d\u00e9cembre 2012 portant application des articles 25, 26, 32, 34, 35, 39 et 43 du  \nd\u00e9cret 2012-1246 du 7 novembre 2012 relatif \u00e0 la gestion budg\u00e9taire et les moyens d'encaissement  \ndes recettes publiques ;\nVu l'arr\u00eat\u00e9 du 6 janvier 2014 portant application des articles 22 et 138 du d\u00e9cret 2012-1246 du 7  \nnovembre  2012  relatif  \u00e0  la  gestion  budg\u00e9taire  et  comptable  publique,  relatifs  \u00e0  l'encaisse  des \ncomptables publics, des r\u00e9gisseurs et des tr\u00e9soriers militaires ;\nVu  l'arr\u00eat\u00e9  pr\u00e9fectoral  du  1er juin  2017  portant  cr\u00e9ation  d'une  r\u00e9gie  de  recettes  aupr\u00e8s  de  la  \nDirection D\u00e9partementale de la S\u00e9curit\u00e9 Publique du Rh\u00f4ne ;\nVu l'arr\u00eat\u00e9 du 29 avril 2024 modifi\u00e9 habilitant les pr\u00e9fets \u00e0 cr\u00e9er des r\u00e9gies de recettes, des r\u00e9gies  \nd'avances et des r\u00e9gies de recettes et d'avances aupr\u00e8s des services d\u00e9concentr\u00e9s du minist\u00e8re de  \nl'int\u00e9rieur et des outre-mer ;\nVu l'arr\u00eat\u00e9 du 02 septembre 2025 modifiant l'arr\u00eat\u00e9 du 29 avril 2024 habilitant les pr\u00e9fets \u00e0 cr\u00e9er  \ndes r\u00e9gies de recettes, des r\u00e9gies d'avances et  des r\u00e9gies de recettes et  d'avances aupr\u00e8s des  \nservices d\u00e9concentr\u00e9s du minist\u00e8re de l'int\u00e9rieur et des outre-mer ;\nVu l'avis conforme \u00e9mis par le directeur r\u00e9gional des finances publique de la r\u00e9gion Auvergne-\nRh\u00f4ne-Alpes et du d\u00e9partement du Rh\u00f4ne en date du 26 septembre 2025 ;\nConsid\u00e9rant que l'arr\u00eat\u00e9 minist\u00e9riel du 16 d\u00e9cembre 2022 habilitant le ministre de l'Int\u00e9rieur \u00e0 cr\u00e9er \ndes r\u00e9gies d'avances et de recettes au profit des directions zonales de la police aux fronti\u00e8res  \n(DZPAF),  de  la  direction  centrale,  de  la  direction  des  a\u00e9rodromes  parisiens,  des  directions  \nd\u00e9partementales (DDPAF) et interd\u00e9partementales (DIDPAF) de la police aux fronti\u00e8res est abrog\u00e9 \u00e0 \ncompter du 31 octobre 2025.\nSur proposition du pr\u00e9fet d\u00e9l\u00e9gu\u00e9 pour la d\u00e9fense et la s\u00e9curit\u00e9 \nARR\u00caTE\nArticle 1 :\nLa r\u00e9gie mixte d'avances et de recettes institu\u00e9e aupr\u00e8s de la direction zonale Sud-Est de la police \naux fronti\u00e8res est cl\u00f4tur\u00e9e \u00e0 compter du 31 octobre 2025.\n2/3\n69_Pr\u00e9f_Pr\u00e9fecture du Rh\u00f4ne - 69-2025-10-13-00015 - Arr\u00eat\u00e9 portant suppression de la r\u00e9gie de recettes install\u00e9e aupr\u00e8s de\nla direction zonale de la police aux fronti\u00e8res sud-est 92\nArticle 2 :\nLa pr\u00e9f\u00e8te de la r\u00e9gion Auvergne-Rh\u00f4ne-Alpes, pr\u00e9f\u00e8te de la zone de d\u00e9fense et de s\u00e9curit\u00e9 Sud-Est, \npr\u00e9f\u00e8te du Rh\u00f4ne est charg\u00e9e de l'ex\u00e9cution du pr\u00e9sent arr\u00eat\u00e9 qui sera publi\u00e9 au recueil des actes  \nadministratifs de la pr\u00e9fecture du Rh\u00f4ne.\nA Lyon, le 13 octobre 2025\n                                                                                                                           \"original sign\u00e9\" \n3/3\nLa pr\u00e9f\u00e8te,\nFabienne BUCCIO\n69_Pr\u00e9f_Pr\u00e9fecture du Rh\u00f4ne - 69-2025-10-13-00015 - Arr\u00eat\u00e9 portant suppression de la r\u00e9gie de recettes install\u00e9e aupr\u00e8s de\nla direction zonale de la police aux fronti\u00e8res sud-est 93\n69_Pr\u00e9f_Pr\u00e9fecture du Rh\u00f4ne\n69-2026-04-03-00002\nArr\u00eat\u00e9 pr\u00e9fectoral n\u00b0 2026-04-03-0002\nportant interdiction de cort\u00e8ges, d\u00e9fil\u00e9s et\nrassemblements revendicatifs dans un p\u00e9rim\u00e8tre\nd\u00e9fini les 07 et 08 avril 2026 \u00e0 Lyon, Caluire et\nVilleurbanne\n69_Pr\u00e9f_Pr\u00e9fecture du Rh\u00f4ne - 69-2026-04-03-00002 - Arr\u00eat\u00e9 pr\u00e9fectoral n\u00b0 2026-04-03-0002\nportant interdiction de cort\u00e8ges, d\u00e9fil\u00e9s et rassemblements revendicatifs dans un p\u00e9rim\u00e8tre d\u00e9fini les 07 et 08 avril 2026 \u00e0 Lyon,\nCaluire et Villeurbanne\n94\nPr\u00e9fecture\nCabinet du Pr\u00e9fet d\u00e9l\u00e9gu\u00e9 \npour la d\u00e9fense et la s\u00e9curit\u00e9\nBureau de l'Ordre Public\nArr\u00eat\u00e9 pr\u00e9fectoral n\u00b0 2026-04-03-0002\nportant interdiction de cort\u00e8ges, d\u00e9fil\u00e9s et rassemblements revendicatifs dans un p\u00e9rim\u00e8tre \nd\u00e9fini les 07 et 08 avril 2026 \u00e0 Lyon, Caluire et Villeurbanne\nLa Pr\u00e9f\u00e8te du Rh\u00f4ne\nCommandeur de la L\u00e9gion d'honneur\nCommandeur de l'ordre national du M\u00e9rite\nVU la Constitution, et notamment son Pr\u00e9ambule\u00a0;\nVU  la  Convention  europ\u00e9enne  de  sauvegarde  des  droits  de  l'homme  et  des  libert\u00e9s  \nfondamentales du 4 novembre 1950\u00a0;\nVU le Code de la s\u00e9curit\u00e9 int\u00e9rieure, notamment ses articles L.211-4 et suivants et L.226-1\u00a0;\nVU le Code p\u00e9nal, notamment ses articles 322-11-1, 431-3 et suivants et R.644-4;\nVU le Code g\u00e9n\u00e9ral des collectivit\u00e9s territoriales, notamment ses articles L.2214-4 et L.2215-1;\nVU la loi du 30 juin 1881 sur la libert\u00e9 de r\u00e9union ;\nVU la loi du 29 juillet 1881 sur la libert\u00e9 de presse et notamment ses articles 23, 24, 24 bis ;\nVU  le  d\u00e9cret  n\u00b02004-374  du  29  avril  2004  modifi\u00e9  relatif  aux  pouvoirs  des  pr\u00e9fets,  \u00e0  \nl'organisation et \u00e0 l'action des services de l'\u00c9tat dans les r\u00e9gions et d\u00e9partements\u00a0;\nVU  le  d\u00e9cret  en  Conseil  des  Ministres  du  11  janvier  2023  portant  nomination  de  Madame \nFabienne BUCCIO, pr\u00e9f\u00e8te de la r\u00e9gion Auvergne-Rh\u00f4ne-Alpes, pr\u00e9f\u00e8te de la zone de d\u00e9fense et \nde s\u00e9curit\u00e9 Sud-Est, pr\u00e9f\u00e8te du Rh\u00f4ne (hors classe)\u00a0;\nVU le d\u00e9cret du 6 novembre 2024 portant nomination du pr\u00e9fet d\u00e9l\u00e9gu\u00e9 pour la d\u00e9fense et la  \ns\u00e9curit\u00e9 aupr\u00e8s de la pr\u00e9f\u00e8te de la r\u00e9gion Auvergne-Rh\u00f4ne-Alpes, pr\u00e9f\u00e8te de la zone de d\u00e9fense  \net de s\u00e9curit\u00e9 Sud-Est, pr\u00e9f\u00e8te du Rh\u00f4ne \u2013 M. Antoine GUERIN\u00a0; \nVU l'arr\u00eat\u00e9 pr\u00e9fectoral n\u00b069-2026-03-09-0006 du 9 mars 2026 portant d\u00e9l\u00e9gation de signature \u00e0  \nM. Antoine GUERIN en qualit\u00e9 de pr\u00e9fet d\u00e9l\u00e9gu\u00e9 pour la d\u00e9fense et la s\u00e9curit\u00e9 aupr\u00e8s de la  \n   Pr\u00e9fecture du Rh\u00f4ne \u2013 \n   69419 Lyon cedex 03 \n  04 72 61 60 60\n  www.rhone.gouv.fr 1\n69_Pr\u00e9f_Pr\u00e9fecture du Rh\u00f4ne - 69-2026-04-03-00002 - Arr\u00eat\u00e9 pr\u00e9fectoral n\u00b0 2026-04-03-0002\nportant interdiction de cort\u00e8ges, d\u00e9fil\u00e9s et rassemblements revendicatifs dans un p\u00e9rim\u00e8tre d\u00e9fini les 07 et 08 avril 2026 \u00e0 Lyon,\nCaluire et Villeurbanne\n95\npr\u00e9f\u00e8te de la r\u00e9gion Auvergne-Rh\u00f4ne-Alpes, pr\u00e9f\u00e8te de la zone de d\u00e9fense et de s\u00e9curit\u00e9 Sud-\nEst, pr\u00e9f\u00e8te du Rh\u00f4ne\u00a0;\nVU l'organisation par  la France, dans le cadre de sa pr\u00e9sidence du G7 ,  du sommet  sur  la  \nth\u00e9matique de la sant\u00e9 \u00ab \u00a0One Health Summit\u00a0\u00bb\u00a0du 05 au 07 avril 2026 \u00a0; que le pr\u00e9sident de la  \nR\u00e9publique fran\u00e7aise, Monsieur Emmanuel Macron, est attendu le mardi 07 avril 2026\u00a0;\nVU la pr\u00e9sence de nombreuses personnalit\u00e9s, notamment plusieurs chefs d'\u00c9tat, ministres et  \npr\u00e9sidents d'organisations internationales\u00a0; \nVU le  contexte  international  et  g\u00e9opolitique  actuel  (conflit  au  Moyen-Orient)  et  ses  \nr\u00e9percussions contestataires sur le territoire national\u00a0;\nVU le plan vigipirate \u00e0 son niveau sommital \u00ab\u00a0urgence attentats\u00a0\u00bb\u00a0;\nCONSID\u00c9RANT  qu'en application de l'article L.211-1 du Code de la s\u00e9curit\u00e9 int\u00e9rieure, sont  \nsoumis \u00e0 l'obligation d'une d\u00e9claration pr\u00e9alable tous cort\u00e8ges, d\u00e9fil\u00e9s et rassemblements de  \npersonnes,  et,  d'une  fa\u00e7on  g\u00e9n\u00e9rale,  toutes  manifestations  sur  la  voie  publique \u00a0;  qu'en \napplication de l'article L.211-2 du m\u00eame code, la d\u00e9claration est faite \u00e0 Lyon \u00e0 la pr\u00e9fecture du  \nRh\u00f4ne, trois jours francs au moins et quinze jours au plus avant la date de la manifestation \u00a0; \nqu'enfin en application de l'article L.211-4 du m\u00eame code, si l'autorit\u00e9 administrative estime  \nque la manifestation projet\u00e9e est de nature \u00e0 troubler l'ordre public, elle peut l'interdire par  \narr\u00eat\u00e9\u00a0;\nCONSID\u00c9RANT qu'il appartient aux autorit\u00e9s de l'\u00c9tat d'assurer la pr\u00e9servation de l'ordre  \npublic et sa conciliation avec les libert\u00e9s fondamentales que sont notamment la libert\u00e9 d'aller  \net venir, la libert\u00e9 d'association, la libert\u00e9 de r\u00e9union et la libert\u00e9 d'expression en tenant en  \ncompte des moyens dont elles disposent et des circonstances particuli\u00e8res\u00a0;\nCONSID\u00c9RANT que le sommet One Health est un \u00e9v\u00e8nement phare de la pr\u00e9sidence fran\u00e7aise \ndu G7\u00a0; qu'il pr\u00e9sente \u00e0 ce titre des enjeux de s\u00e9curit\u00e9 importants en raison de la pr\u00e9sence de  \nChefs d'Etats et de Gouvernements fran\u00e7ais et \u00e9trangers \u00a0; que certains de ces responsables  \nsont susceptibles de provoquer des mobilisations du fait de leurs prises de positions dans le  \ncadre de l'application de mesures gouvernementales ou europ\u00e9ennes\u00a0;\nCONSID\u00c9RANT que le sommet One Health touche \u00e0 des enjeux globaux en sant\u00e9 mais aussi en \nenvironnement\u00a0;  qu'il  constitue  un  espace  strat\u00e9gique  d'influence \u00a0;  qu'il  aura  une  grande  \nvisibilit\u00e9 m\u00e9diatique \u00a0; que des militants associatifs et des acteurs locaux pourront donc le  \ncibler\u00a0;\nCONSID\u00c9RANT qu'il convient de souligner la r\u00e9currence d'actions militantes \u00e0 Lyon aussi bien  \nenvironnementales qu'animalistes\u00a0; que ce sommet pourrait motiver des r\u00e9actions militantes  \nou  syndicales  (r\u00e9servoirs  zoonotiques  et  vecteurs  de  maladies  infectieuses,  exposition  aux \npollutions, marchandisation du syst\u00e8me de sant\u00e9, acc\u00e8s aux soins, IA en sant\u00e9, etc...) telles  \nqu'elles ont pris forme sur le sommet du nucl\u00e9aire le 10 mars dernier (intrusions, blocages,  \ndestructions et diverses mobilisations)\u00a0; \nCONSID\u00c9RANT que  le  secteur  hospitalier  reste  un  foyer  actif  de  contestation \u00a0;  que  le  \npersonnel  de  sant\u00e9  a  le  sentiment  de  fonctionner  en  mode  tr\u00e8s  d\u00e9grad\u00e9 \u00a0;  que  des  \n69_Pr\u00e9f_Pr\u00e9fecture du Rh\u00f4ne - 69-2026-04-03-00002 - Arr\u00eat\u00e9 pr\u00e9fectoral n\u00b0 2026-04-03-0002\nportant interdiction de cort\u00e8ges, d\u00e9fil\u00e9s et rassemblements revendicatifs dans un p\u00e9rim\u00e8tre d\u00e9fini les 07 et 08 avril 2026 \u00e0 Lyon,\nCaluire et Villeurbanne\n96\nrevendications  r\u00e9currentes  ont  lieu  sur  l'am\u00e9lioration  des  moyens,  l'augmentation  des  \neffectifs\u00a0; qu'elles d\u00e9noncent l'allongement des temps d'attente, l'engorgement des urgences \u00a0; \nque  la  visite  de  la  ministre  de  la  sant\u00e9  \u00e0  Lyon  a  fait  l'objet  de  perturbations\u00a0;  que  cette \nfrustration des personnels de sant\u00e9 pourrait se cristalliser lors de ce sommet et qu'il en serait la \nvitrine\u00a0;\nCONSID\u00c9RANT qu'\u00e0 Lyon, le collectif Extinction Rebellion XR est particuli\u00e8rement proactif \u00a0; \nqu'il a les moyens humains, mat\u00e9riels et m\u00e9diatiques de mener \u00e0 bien une action coordonn\u00e9e  \ntelle que l'a fait Green Peace lors du sommet du nucl\u00e9aire le 10 mars dernier \u00a0; qu'il est en  \ncapacit\u00e9  de  mobiliser  rapidement  lors  de  rassemblements,  d'happenings,  d'affichages  de  \nbanderoles ou de toute autre action m\u00e9diatique\u00a0;\nCONSID\u00c9RANT par  ailleurs  que  les  forces  de  l'ordre  sont  pleinement  mobilis\u00e9es  sur  la  \ns\u00e9curisation des divers p\u00e9rim\u00e8tres des sites visit\u00e9s par les chefs d'\u00c9tat, ministres et pr\u00e9sidents  \nd'organisations internationales pour assurer leur s\u00e9curit\u00e9, notamment dans le contexte d'une  \nmenace terroriste \u00e0 son niveau sommital \u00a0; que les forces de l'ordre ne sauraient \u00eatre distraites  \nde  leurs  missions  prioritaires  pour  r\u00e9pondre  \u00e0  des  d\u00e9bordements  d'une  foule  d'individus  \nprompts \u00e0 l'action m\u00e9diatique ou \u00e0 l'affrontement\u00a0; \nCONSID\u00c9RANT qu'il y a lieu de pr\u00e9venir les comportements individuels ou collectifs de nature  \n\u00e0 troubler la s\u00e9curit\u00e9 et la tranquillit\u00e9 publique, \u00e0 cr\u00e9er un risque pour l'ordre public ou \u00e0  \nmettre en danger les personnes en provoquant des altercations ou des affrontements\u00a0; \nCONSID\u00c9RANT que le seul moyen de pr\u00e9server la s\u00e9curit\u00e9 des personnes et des biens, au  \nregard des forces de s\u00e9curit\u00e9 mises \u00e0 disposition pour la journ\u00e9e du mardi 07 avril au mercredi  \n08 avril 2026, consiste \u00e0 \u00e9tablir des p\u00e9rim\u00e8tres d'interdiction limit\u00e9s aux abords des sites visit\u00e9s \n\u00e0  Lyon,  Caluire  et  Villeurbanne  ainsi  que  sur  les  arriv\u00e9es  et  les  d\u00e9parts  des  cort\u00e8ges  des \npersonnalit\u00e9s sensibles\u00a0;\nCONSID\u00c9RANT qu'il appartient \u00e0 l'autorit\u00e9 investie du pouvoir de police administrative de  \nconcilier l'exercice du droit de manifester avec les imp\u00e9ratifs de l'ordre public \u00a0; que, dans ce  \ncadre, elle se doit de prendre les mesures n\u00e9cessaires, adapt\u00e9es et proportionn\u00e9es de nature \u00e0  \npr\u00e9venir tant la commission d'infractions p\u00e9nales que les troubles \u00e0 l'ordre public\u00a0; \nCONSID\u00c9RANT que  dans  ces  circonstances,  l'interdiction  de  manifester  sur  les  secteurs  \nconcern\u00e9s et mentionn\u00e9s aux articles 1 er\n , 2, 3 et 4 est seule de nature \u00e0 pr\u00e9venir efficacement  \net de mani\u00e8re proportionn\u00e9e les troubles \u00e0 l'ordre public ;\nA R R \u00ca T E\nArticle 1er\n \u2013 Les cort\u00e8ges, d\u00e9fil\u00e9s et rassemblements revendicatifs sont interdits le mardi 07 avril \n2026 de 06h00 \u00e0 22h00  dans le p\u00e9rim\u00e8tre d\u00e9fini comme suit et incluant les rues et les lieux  \npublics qui le composent et le d\u00e9limitent\u00a0:\n\u2022 boulevard Laurent Bonnevay,\n\u2022 boulevard Niels Bohr,\n\u2022 avenue Pierre de Coubertin,\n\u2022 boulevard du 11 novembre 1918,\n\u2022 avenue Roberto Rossellini,\n69_Pr\u00e9f_Pr\u00e9fecture du Rh\u00f4ne - 69-2026-04-03-00002 - Arr\u00eat\u00e9 pr\u00e9fectoral n\u00b0 2026-04-03-0002\nportant interdiction de cort\u00e8ges, d\u00e9fil\u00e9s et rassemblements revendicatifs dans un p\u00e9rim\u00e8tre d\u00e9fini les 07 et 08 avril 2026 \u00e0 Lyon,\nCaluire et Villeurbanne\n97\n\u2022 all\u00e9e Buster Keaton,\n\u2022 avenue Antoine Dutrievoz\n\u2022 cours Andr\u00e9 Philip,\n\u2022 avenue de Verguin,\n\u2022 rue Montgolfier,\n\u2022 place Puvis de Chavannes,\n\u2022 avenue Mar\u00e9chal Foch,\n\u2022 rue Duquesne,\n\u2022 pont de Lattre de Tassigny,\n\u2022 quai Andr\u00e9 Lassagne,\n\u2022 cours d'Herbouville,\n\u2022 cours Aristide Briand,\n\u2022 grande rue de Saint Clair,\n\u2022 mont\u00e9e des Soldats,\n\u2022 pont Raymond Poincar\u00e9,\n\u2022 boulevard Stalingrad,\n\u2022 boulevard Laurent Bonnevay.\nArticle 2 \u2013 Les cort\u00e8ges, d\u00e9fil\u00e9s et rassemblements revendicatifs sont interdits le mardi 07 avril \n2026 de 07h00 \u00e0 22h00  dans le p\u00e9rim\u00e8tre d\u00e9fini comme suit et incluant les rues et les lieux  \npublics qui le composent et le d\u00e9limitent\u00a0:\n\u2022 pont Lafayette\n\u2022 cours Lafayette,\n\u2022 rue Baraban,\n\u2022 avenue F\u00e9lix Faure,\n\u2022 cours Gambetta,\n\u2022 pont de la Guilloti\u00e8re,\n\u2022 quai Jules Courmont,\n\u2022 pont Lafayette.\nArticle 3 \u2013 Les cort\u00e8ges, d\u00e9fil\u00e9s et rassemblements revendicatifs sont interdits du mardi 07 avril \n2026 \u00e0 07h00 au mercredi 08 avril 2026 \u00e0 08h00  dans le p\u00e9rim\u00e8tre d\u00e9fini comme suit et  \nincluant les rues et les lieux publics qui le composent et le d\u00e9limitent\u00a0:\n\u2022 pont de l'Universit\u00e9,\n\u2022 quai du docteur Gailleton,\n\u2022 place Gailleton,\n\u2022 rue Sainte-H\u00e9l\u00e8ne,\n\u2022 rue Clotilde Bizolon,\n\u2022 quai Tilsitt,\n\u2022 quai des C\u00e9lestins,\n\u2022 quai Saint-Antoine,\n\u2022 rue Grenette,\n\u2022 place des Cordeliers,\n\u2022 pont Lafayette,\n\u2022 quai Victor Augagneur,\n\u2022 quai Claude Bernard,\n69_Pr\u00e9f_Pr\u00e9fecture du Rh\u00f4ne - 69-2026-04-03-00002 - Arr\u00eat\u00e9 pr\u00e9fectoral n\u00b0 2026-04-03-0002\nportant interdiction de cort\u00e8ges, d\u00e9fil\u00e9s et rassemblements revendicatifs dans un p\u00e9rim\u00e8tre d\u00e9fini les 07 et 08 avril 2026 \u00e0 Lyon,\nCaluire et Villeurbanne\n98\n\u2022 pont de l'Universit\u00e9.\nArticle 4 \u2013 Les cort\u00e8ges, d\u00e9fil\u00e9s et rassemblements revendicatifs sont interdits du mardi 07 avril \n2026 \u00e0 17h00 au mercredi 08 avril 2026 \u00e0 02h00  dans le p\u00e9rim\u00e8tre d\u00e9fini comme suit et  \nincluant les rues et les lieux publics qui le composent et le d\u00e9limitent\u00a0:\n\u2022 mont\u00e9e de Choulans,\n\u2022 rue Saint Alexandre,\n\u2022 rue de Trion,\n\u2022 rue Jean Pr\u00e9vost,\n\u2022 rue du Cardinal Gerlier,\n\u2022 rue Roger Radisson,\n\u2022 place de Fourvi\u00e8re,\n\u2022 parc des hauteurs,\n\u2022 mont\u00e9e Saint Barth\u00e9l\u00e9my,\n\u2022 mont\u00e9e du Garillan,\n\u2022 rue de la Fronde,\n\u2022 rue Saint Jean,\n\u2022 place de la Baleine,\n\u2022 rue de la Baleine,\n\u2022 quai Romain Rolland,\n\u2022 quai Fulchiron.\nArticle  5  \u2013  En  application  de  l'article  431-9  du  Code  p\u00e9nal,  le  fait  d'avoir  organis\u00e9  une  \nmanifestation sur la voie publique ayant \u00e9t\u00e9 interdite dans les conditions fix\u00e9es par la loi est  \npuni de six mois d'emprisonnement et de 7\u00a0500\u00a0euros d'amende. \nEn application de l'article R. 644-4 du m\u00eame code, le fait de participer \u00e0 une manifestation  \nayant \u00e9t\u00e9 interdite est passible de l'amende pr\u00e9vue pour les contraventions de la 4  classe.\u1d49\nArticle 6 \u2013 Le pr\u00e9sent arr\u00eat\u00e9 fera l'objet d'une publication au Recueil des Actes Administratifs  \nde la Pr\u00e9fecture du Rh\u00f4ne. \nArticle 7 \u2013 Le pr\u00e9sent arr\u00eat\u00e9 peut faire l'objet d'un recours aupr\u00e8s du Tribunal Administratif de \nLyon dans un d\u00e9lai de 2\u00a0mois \u00e0 compter de sa notification.\nArticle 8 \u2013  Le directeur interd\u00e9partemental de la police nationale et le maire de Lyon sont  \ncharg\u00e9s, chacun en ce qui le concerne, de l'ex\u00e9cution du pr\u00e9sent arr\u00eat\u00e9.\nFait \u00e0 Lyon, le 03 avril 2026\nLe pr\u00e9fet, d\u00e9l\u00e9gu\u00e9 pour la d\u00e9fense\net la s\u00e9curit\u00e9\nORIGINAL SIGNE\nAntoine GU\u00c9RIN\n69_Pr\u00e9f_Pr\u00e9fecture du Rh\u00f4ne - 69-2026-04-03-00002 - Arr\u00eat\u00e9 pr\u00e9fectoral n\u00b0 2026-04-03-0002\nportant interdiction de cort\u00e8ges, d\u00e9fil\u00e9s et rassemblements revendicatifs dans un p\u00e9rim\u00e8tre d\u00e9fini les 07 et 08 avril 2026 \u00e0 Lyon,\nCaluire et Villeurbanne\n99\n69_Pr\u00e9f_Pr\u00e9fecture du Rh\u00f4ne\n69-2025-10-13-00014\nArr\u00eat\u00e9 pr\u00e9fectoral portant suppression de la\nr\u00e9gie de recettes install\u00e9e aupr\u00e8s de \nla direction interd\u00e9partementale de la police\nnationale du Rh\u00f4ne\n69_Pr\u00e9f_Pr\u00e9fecture du Rh\u00f4ne - 69-2025-10-13-00014 - Arr\u00eat\u00e9 pr\u00e9fectoral portant suppression de la r\u00e9gie de recettes install\u00e9e aupr\u00e8s de\nla direction interd\u00e9partementale de la police nationale du Rh\u00f4ne\n100\nDirection de la coordination\ndes politiques interminist\u00e9rielles\nLyon, le 13 octobre 2025\nARR\u00caT\u00c9 PR\u00c9FECTORAL N\u00b0  \nportant suppression de la r\u00e9gie de recettes install\u00e9e aupr\u00e8s de \nla direction interd\u00e9partementale de la police nationale du Rh\u00f4ne\nLA PR\u00c9F\u00c8TE DE LA R\u00c9GION AUVERGNE-RH\u00d4NE-ALPES,\nPR\u00c9F\u00c8TE DE LA ZONE DE D\u00c9FENSE ET DE S\u00c9CURIT\u00c9 SUD-EST,\nPR\u00c9F\u00c8TE DU RH\u00d4NE\nCommandeur de la L\u00e9gion d'honneur\nCommandeur de l'ordre national du M\u00e9rite\nVu le chapitre III du code de l'aviation civile ;\nVu le code de la d\u00e9fense ;\nVu le code de l'entr\u00e9e et du s\u00e9jour des \u00e9trangers et du droit d'asile ;\nVu le code de proc\u00e9dure p\u00e9nale ; \nVu le code de la s\u00e9curit\u00e9 int\u00e9rieure ;\nVu le code de la route et notamment son article L.121-4 ; \nVu la loi n\u00b089-469 du 10 juillet 1989 relative \u00e0 diverses dispositions en mati\u00e8re de s\u00e9curit\u00e9 routi\u00e8re et \nde contraventions, notamment ses articles 5 \u00e0 10 ;\nVu  le d\u00e9cret  n\u00b0 81-778  du  13  ao\u00fbt  1981 modifi\u00e9 fixant  le  tarif  des  droits  \u00e0  percevoir dans  les  \nchancelleries diplomatiques et consulaires et, en territoire fran\u00e7ais, par le minist\u00e8re des relations  \next\u00e9rieures ;\nVu le d\u00e9cret n\u00b0 97-199 du 5 mars 1997 modifi\u00e9 relatif au remboursement de certaines d\u00e9penses  \nsupport\u00e9es par les forces de police aux fronti\u00e8res ;\nVu le d\u00e9cret n\u00b0 2003-734 du 1er ao\u00fbt 2003 modifi\u00e9 portant cr\u00e9ation des services d\u00e9concentr\u00e9s  \ncharg\u00e9s de la police aux fronti\u00e8res ; \nVu le d\u00e9cret n\u00b02010-1246 du 7 novembre 2012 modifi\u00e9 relatif \u00e0 la gestion budg\u00e9taire et comptable  \npublique ;\nVu le d\u00e9cret n\u00b02019-798 du 26 juillet 2019 modifi\u00e9 relatif aux r\u00e9gies de recettes et d'avances des  \norganismes publics ; \n1/2\n69_Pr\u00e9f_Pr\u00e9fecture du Rh\u00f4ne - 69-2025-10-13-00014 - Arr\u00eat\u00e9 pr\u00e9fectoral portant suppression de la r\u00e9gie de recettes install\u00e9e aupr\u00e8s de\nla direction interd\u00e9partementale de la police nationale du Rh\u00f4ne\n101\nVu le d\u00e9cret n\u00b0 2003-1012 du 31 octobre 2023 modifiant en mati\u00e8re d'organisation de la police  \nnationale le code de la s\u00e9curit\u00e9 int\u00e9rieure et le d\u00e9cret n\u00b0 2004-374 du 29 avril 2004 relatif aux  \npouvoirs  du  pr\u00e9fet,  \u00e0  l'organisation  et  l'action  des  services  de  l'\u00c9tat  dans  les  r\u00e9gions  et  \nd\u00e9partements ;\nVu le d\u00e9cret n\u00b0 2023-1013 du 2 novembre 2023 relatif aux services d\u00e9concentr\u00e9s et \u00e0 l'organisation  \nde la police nationale ;\nVu l'arr\u00eat\u00e9 du 28 janvier 2002 relatif au montant par op\u00e9ration des d\u00e9penses de mat\u00e9riel et de  \nfonctionnement payables par l'interm\u00e9diaire d'un r\u00e9gisseur d'avances ;\nVu l'arr\u00eat\u00e9 du 24 d\u00e9cembre 2012 portant application des articles 25, 26, 32, 34, 35, 39 et 43 du  \nd\u00e9cret 2012-1246 du 7 novembre 2012 relatif \u00e0 la gestion budg\u00e9taire et les moyens d'encaissement  \ndes recettes publiques ;\nVu l'arr\u00eat\u00e9 du 6 janvier 2014 portant application des articles 22 et 138 du d\u00e9cret 2012-1246 du 7  \nnovembre  2012  relatif  \u00e0  la  gestion  budg\u00e9taire  et  comptable  publique,  relatifs  \u00e0  l'encaisse  des \ncomptables publics, des r\u00e9gisseurs et des tr\u00e9soriers militaires ;\nVu  l'arr\u00eat\u00e9  pr\u00e9fectoral  du  1er juin  2017  portant  cr\u00e9ation  d'une  r\u00e9gie  de  recettes  aupr\u00e8s  de  la  \nDirection D\u00e9partementale de la S\u00e9curit\u00e9 Publique du Rh\u00f4ne ;\nVu l'arr\u00eat\u00e9 du 29 avril 2024 modifi\u00e9 habilitant les pr\u00e9fets \u00e0 cr\u00e9er des r\u00e9gies de recettes, des r\u00e9gies  \nd'avances et des r\u00e9gies de recettes et d'avances aupr\u00e8s des services d\u00e9concentr\u00e9s du minist\u00e8re de  \nl'int\u00e9rieur et des outre-mer ;\nVu l'arr\u00eat\u00e9 du 02 septembre 2025 modifiant l'arr\u00eat\u00e9 du 29 avril 2024 habilitant les pr\u00e9fets \u00e0 cr\u00e9er  \ndes r\u00e9gies de recettes, des r\u00e9gies d'avances et  des r\u00e9gies de recettes et  d'avances aupr\u00e8s des  \nservices d\u00e9concentr\u00e9s du minist\u00e8re de l'int\u00e9rieur et des outre-mer ;\nVu l'avis conforme \u00e9mis par le directeur r\u00e9gional des finances publique de la r\u00e9gion Auvergne-\nRh\u00f4ne-Alpes et du d\u00e9partement du Rh\u00f4ne en date du 26 septembre 2025 ;\nSur proposition du pr\u00e9fet d\u00e9l\u00e9gu\u00e9 pour la d\u00e9fense et la s\u00e9curit\u00e9 \nARR\u00caTE\nArticle 1 :\nLa r\u00e9gie de recettes institu\u00e9e aupr\u00e8s de la direction interd\u00e9partementale de la police nationale du  \nRh\u00f4ne est cl\u00f4tur\u00e9e \u00e0 compter du 31 octobre 2025.\nArticle 2 :\nLa pr\u00e9f\u00e8te de la r\u00e9gion Auvergne-Rh\u00f4ne-Alpes, pr\u00e9f\u00e8te de la zone de d\u00e9fense et de s\u00e9curit\u00e9 Sud-Est, \npr\u00e9f\u00e8te du Rh\u00f4ne  est charg\u00e9e de l'ex\u00e9cution du pr\u00e9sent arr\u00eat\u00e9 qui sera publi\u00e9 au recueil des actes  \nadministratifs de la pr\u00e9fecture du Rh\u00f4ne.\nFait \u00e0 Lyon, le 13 octobre 2025 \n                                                                                                                          \"original sign\u00e9\" \n2/2\nLa pr\u00e9f\u00e8te,\nFabienne BUCCIO\n69_Pr\u00e9f_Pr\u00e9fecture du Rh\u00f4ne - 69-2025-10-13-00014 - Arr\u00eat\u00e9 pr\u00e9fectoral portant suppression de la r\u00e9gie de recettes install\u00e9e aupr\u00e8s de\nla direction interd\u00e9partementale de la police nationale du Rh\u00f4ne\n102\n84_ARS_Agence R\u00e9gionale de Sant\u00e9\nAuvergne-Rh\u00f4ne-Alpes\n69-2026-04-02-00004\nArr\u00eat\u00e9 portant modification d'agr\u00e9ment pour\neffectuer des transports sanitaires terrestres en\nfaveur de la soci\u00e9t\u00e9 AMBULANCE R \u00e0 GLEIZE\n84_ARS_Agence R\u00e9gionale de Sant\u00e9 Auvergne-Rh\u00f4ne-Alpes - 69-2026-04-02-00004 - Arr\u00eat\u00e9 portant modification d'agr\u00e9ment pour\neffectuer des transports sanitaires terrestres en faveur de la soci\u00e9t\u00e9 AMBULANCE R \u00e0 GLEIZE 103\n Conform\u00e9ment au r\u00e8glement (UE) 2016/679 du Parlement europ\u00e9en et \u00e0 la loi n\u00b0 78-17 du 6 janvier 1978 modifi\u00e9e relative \u00e0 l'informatique, aux fichiers et aux libert\u00e9s, vous pouvez acc\u00e9der aux donn\u00e9es vous concernant ou demander leur effacement. Vous disposez \u00e9galement d'un droit d'opposition, d'un droit de rectification et d'un droit \u00e0 la limitation du traitement de vos donn\u00e9es. Pour exercer ces droits, vous pouvez contacter le D\u00e9l\u00e9gu\u00e9 \u00e0 la protection des donn\u00e9es de l'ARS (ars-ara-dpd@ars.sante.fr). \n \n \n \n84_ARS_Agence R\u00e9gionale de Sant\u00e9 Auvergne-Rh\u00f4ne-Alpes - 69-2026-04-02-00004 - Arr\u00eat\u00e9 portant modification d'agr\u00e9ment pour\neffectuer des transports sanitaires terrestres en faveur de la soci\u00e9t\u00e9 AMBULANCE R \u00e0 GLEIZE 104\n- \n- \n- \n- \n \n \n84_ARS_Agence R\u00e9gionale de Sant\u00e9 Auvergne-Rh\u00f4ne-Alpes - 69-2026-04-02-00004 - Arr\u00eat\u00e9 portant modification d'agr\u00e9ment pour\neffectuer des transports sanitaires terrestres en faveur de la soci\u00e9t\u00e9 AMBULANCE R \u00e0 GLEIZE 105","date":"2026-04-07","first_seen_on":"2026-04-07T08:27:15+00:00","id":"35e807aea6e7f0c3b5483f33440218559580443cf615f6c6eff593d8c7ac23d4","name":"RAA_69-2026-103-030426","pdf_creation_date":"2026-04-07T06:25:14+00:00","pdf_modification_date":"2026-04-07T07:26:07+00:00","timezone":"Europe/Paris","url":"https://www.rhone.gouv.fr/contenu/telechargement/68101/458325/file/RAA_69-2026-103-030426.pdf"}
