{"administration":"pref21","administration_name":"Pr\u00e9fecture de C\u00f4te-d\u2019Or","content":"PR\u00c9FET\nDE LA C\u00d4TE-D'OR\nRECUEIL DES ACTES\nADMINISTRATIFS SP\u00c9CIAL\nN\u00b021-2025-144\nPUBLI\u00c9 LE 22 OCTOBRE 2025\nSommaire\nARS Bourgogne-Franche-Comt\u00e9 /\n21-2025-03-07-00008 - Arr\u00eat\u00e9 conjoint portant convention tripartite\nentre le CHU de Dijon, le CRAA 15, l'ATSU 21 et le SDIS 21 concernant la\nr\u00e9ponse aux sollicitations du SAMU-CRRA 15 en mati\u00e8re de transports\nsanitaires urgents (2 pages) Page 3\nDirection d\u00e9partementale des territoires de la C\u00f4te-d'Or / Service\nPr\u00e9servation et Am\u00e9nagement de l'Espace (SPAE)\n21-2025-10-14-00004 - Arr\u00eat\u00e9 pr\u00e9fectoral du 14 octobre\n2025\nportant arr\u00eat de la cartographie d\u00e9partementale des zones\nd'acc\u00e9l\u00e9ration\npour l'implantation d'installations terrestres de\nproduction d'\u00e9nergies renouvelables, ainsi que de leurs ouvrages\nconnexes (16 pages) Page 6\nPr\u00e9fecture de la C\u00f4te-d'Or / Direction de la coordination, des politiques\npubliques et de l'appui territorial\n21-2025-10-02-00007 - ARRETE PREFECTORAL n\u00b0\u00a01478 du 02 octobre\n2025 portant d\u00e9claration d'utilit\u00e9 publique, au profit de la\ncommune de SAINT-LEGER-TRIEY, du projet d'acquisition de deux\nparcelles (AB 126 et AB 128) n\u00e9cessaires \u00e0 la finalisation d'un chemin\npi\u00e9tonnier le long de la route d\u00e9partementale 104 D, et portant\ncessibilit\u00e9 desdites parcelles (5 pages) Page 23\nPr\u00e9fecture de la C\u00f4te-d'Or / P\u00f4le juridique inter-services\n21-2025-10-22-00001 - Arr\u00eat\u00e9 pr\u00e9fectoral N\u00b0 1564  du 22 octobre\n2025\ndonnant d\u00e9l\u00e9gation de signature \n\u00e0 M. S\u00e9bastien TRES,\nDirecteur des collectivit\u00e9s locales et des \u00e9lections (DCLE) . (7 pages) Page 29\n2\nARS Bourgogne-Franche-Comt\u00e9\n21-2025-03-07-00008\nArr\u00eat\u00e9 conjoint portant convention tripartite\nentre le CHU de Dijon, le CRAA 15, l'ATSU 21 et\nle SDIS 21 concernant la r\u00e9ponse aux\nsollicitations du SAMU-CRRA 15 en mati\u00e8re de\ntransports sanitaires urgents\nARS Bourgogne-Franche-Comt\u00e9 - 21-2025-03-07-00008 - Arr\u00eat\u00e9 conjoint portant convention tripartite entre le CHU de Dijon, le CRAA\n15, l'ATSU 21 et le SDIS 21 concernant la r\u00e9ponse aux sollicitations du SAMU-CRRA 15 en mati\u00e8re de transports sanitaires urgents 3\nEx |PREFETDE LA!C\u00d4TE-D OR @ D Agence R\u00e9gionale de Sant\u00e9Libert\u00e9 Bourgagne-\u00c9galit\u00e9 Franche-Comt\u00e9Fraternit\u00e9ARRETE CONJOINTportant approbation de la convention tripartite entre le centre hospitalier universitaire(CHU) de Dijon, si\u00e8ge du service d'aide m\u00e9dicale urgente (SAMU 15) - centre der\u00e9ception et de r\u00e9gulation des appels au 15 (CRAA15), l'association des transporteurssanitaires d'urgence (ATSU 21) et le service d\u00e9partemental d'incendie et de secours(SDIS 21) concernant la r\u00e9ponse aux sollicitations du SAMU-CRRA15 en mati\u00e8re detransports sanitaires urgentsD\u00e9partement de la C\u00f4te-d'OrN\u00b0 arr\u00eat\u00e9 : ARSBFC/DCPT/2025-17\nLe pr\u00e9fet de la r\u00e9gion Bourgogne-Franche-Comt\u00e9 Le directeur g\u00e9n\u00e9ral de l'Agence r\u00e9gionale deet du d\u00e9partement de la C\u00f4te-d'Or sant\u00e9 de Bourgogne-Franche-Comt\u00e9Chevalier de la L\u00e9gion d'honneur Chevalier de la L\u00e9gion d'honneurChevalier de l'Ordre National du M\u00e9rite\nVu le Code de la Sant\u00e9 Publique, notamment les articles L6311-1 et L6311-2, L6312-1 \u00e0 L6312-5,L6313-1, L6314-1, R6311-1 \u00e0 R6311-5, R6312-1 \u00e0 R6312-43, R6313-1 \u00e0 R6313-7-6, R6314-1 \u00e0 R6314-6 du code de la sant\u00e9 publique ;Vu le Code G\u00e9n\u00e9ral des Collectivit\u00e9s Territoriales, notamment les articles L1424-2 et R1424-42 ;Vu le d\u00e9cret n\u00b0 2022-631 du 22 avril 2022 portant r\u00e9forme des transports sanitaires urgents et de leurparticipation \u00e0 la garde ;Vu le d\u00e9cret n\u00b0 2022-621 du 22 avril 2022 relatif aux actes de soins d'urgence relevant de la comp\u00e9tencedes sapeurs-pompiers ;Vu le d\u00e9cret du 10 octobre 2024, nommant Monsieur Paul MOURIER, pr\u00e9fet de la r\u00e9gion Bourgogne-Franche-Comt\u00e9, pr\u00e9fet de la C\u00f4te-d'Or ;Vu le d\u00e9cret du 02 novembre 2022 nommant Monsieur Jean-Jacques COIPLET, directeur g\u00e9n\u00e9ral del'agence r\u00e9gionale de sant\u00e9 de Bourgogne-Franche-Comt\u00e9\u00e0 compter du 21 novembre 2022 ;Vu l'arr\u00eat\u00e9 du 5 mai 2009 relatif \u00e0 la mise en \u0153uvre du r\u00e9f\u00e9rentiel SAMU-transport sanitaire portantorganisation de la r\u00e9ponse ambulanci\u00e8re \u00e0 l'urgence pr\u00e9-hospitali\u00e8re ;Vu la convention nationale du 26 d\u00e9cembre 2002 consolid\u00e9e, destin\u00e9e \u00e0 organiser les rapports entreles transporteurs priv\u00e9s et les caisses d'assurance maladie ;Vu l'arr\u00eat\u00e9 ARSBFC/DCPT/2022-13 du 31 mai 2022 fixant le cahier des charges pour l'organisation dela garde et de la r\u00e9ponse \u00e0 la demande de transports sanitaires urgents sur le d\u00e9partement de la C\u00f4ted'Or;Vu l'instruction interminist\u00e9rielle n\u00b0DGOS/R2/DSS/DGSCGC/2022/144 du 13 mai 2022 relative \u00e0 lamise en \u0153uvre de la r\u00e9forme des transports sanitaire urgentset de la participation des entreprises detransports sanitaires au service de garde ;Vu l'instruction interminist\u00e9rielle n\u00b0DGOS/R2/DSS/DGSCGC/BOMSIS/2023/27 du 19 avril 2023compl\u00e9tant l'instruction interminist\u00e9rielle n\u00b0DGOS/R2/DSS/DGSCGC/2022/144 du 13 mai 2022 relative\u00e0 la mise en \u0153uvre de la r\u00e9forme des transports sanitaires urgents et de la participation des entreprisesde transports sanitaires au service de garde ;\nARS Bourgogne-Franche-Comt\u00e9 - 21-2025-03-07-00008 - Arr\u00eat\u00e9 conjoint portant convention tripartite entre le CHU de Dijon, le CRAA\n15, l'ATSU 21 et le SDIS 21 concernant la r\u00e9ponse aux sollicitations du SAMU-CRRA 15 en mati\u00e8re de transports sanitaires urgents 4\nPREFETDE LA1COTE-D OR @) Agente R\u00e9gionale de Sant\u00e9Byatt : ; Bourgogne-Puvsraltl . - Franc e-Comt\u00e9ARRETENTArticle 1: La convention tripartite SAMU-CRRA15/ATSU/SDIS, concernant la: r\u00e9ponse auxsollicitations du SAMU-CRRA15 en mati\u00e8re de hii SATA urgents, dans le d\u00e9partement dela C\u00f4te-d'Or, est approuv\u00e9e.Article 2 : La pr\u00e9sente convention a pour objet d'\u00e9tablir les modalit\u00e9s de coop\u00e9ration entre le SAMU -CRAA15 du CHU de DIJON, les entreprises de transports sanitaires repr\u00e9sent\u00e9es par l'ATSU21 et leSDIS21, afin d'optimiser la r\u00e9ponse aux demandes du SAMU dans le cadre des transports sanitairesurgents (TSU).Article3 : La convention pr\u00e9voit une clause de revoyure au plus tard \u00e0 la date de fin des travaux dur\u00e9f\u00e9rentiel commun d' organisation du secours \u00e0 personne et de l'aide m\u00e9dicale d'urgence(mat\u00e9rialis\u00e9e par la mise en \u0153uvre officielle de ce r\u00e9f\u00e9rentiel).Cette convention peut \u00e9galement fairel'objet d'une r\u00e9siliation par l'une ou l'autre des parties apr\u00e8s respect d'un pr\u00e9avis de six mois, par lettrerecommand\u00e9e avec accus\u00e9 de r\u00e9ception adress\u00e9e \u00e0 chacune des parties signataires, avant la dated'\u00e9ch\u00e9ance (article 8 de la convention). \u2014Article 4 : La convention sign\u00e9e prend effet au lendemain de la publication du pr\u00e9sent arr\u00eat\u00e9 auxFSU des actes administratifs de la pr\u00e9fecture de C\u00f4te-d'Or.Article 5 : Le pr\u00e9sent arr\u00eat\u00e9 peut faire l'objet, dans les deux mois qui suivent sa notification ou, \u00e0l'\u00e9gard des tiers, sa publication au recueil des actes administratifs de la pr\u00e9fecture de C\u00f4te-d'Or :\"d'un recours administratif (gracieux et/ou hi\u00e9rarchique)\" d'un recours contentieux devant le tribunal administratif de DIJON, 22 rue d'Assas BP 61616\u2014 21016 DIJON ,Le tribunal administratif peut \u00eatre saisi d'un recours d\u00e9pos\u00e9 via l'application \u00ab T\u00e9l\u00e9recours citoyens \u00bbaccessible par le site Internet https://www.telerecours.fr/Article6 : Monsieur le directeur du cabinet, du pilotage et des territoires de l'Agenc\u00e8 r\u00e9gionale desant\u00e9 de Bourgogne--Franche-Comt\u00e9 et Monsieur le directeur de cabinet de la Pr\u00e9fecture de C\u00f4te d'Orsont charg\u00e9s, chacun en ce qui le concerne, de l'ex\u00e9cution du pr\u00e9sent arr\u00eat\u00e9 qui sera publi\u00e9 au recueildes actes administratifs de la pr\u00e9fecture de C\u00f4te'd'Or et sera notifi\u00e9 \u00e0 l'ATSU 21, au CHU de Dijonsi\u00e8ge du SAMU-CRRA15 et au SDIS 21.Fait \u00e0 DIJON, le 7 mars 2025 |\n. Le directeur g\u00e9n\u00e9ral de l'Agence Le pr\u00e9fet de la r\u00e9gion Bourgogne-R\u00e9gionale de Sant\u00e9 . Franche-Comt\u00e9 et du d\u00e9partementde Bourgogne-Franche-Comt\u00e9 de La C\u00f4te-d'OrPaul MOURIERJean-Jacques COIPLET Sign\u00e9Sign\u00e9\nARS Bourgogne-Franche-Comt\u00e9 - 21-2025-03-07-00008 - Arr\u00eat\u00e9 conjoint portant convention tripartite entre le CHU de Dijon, le CRAA\n15, l'ATSU 21 et le SDIS 21 concernant la r\u00e9ponse aux sollicitations du SAMU-CRRA 15 en mati\u00e8re de transports sanitaires urgents 5\nDirection d\u00e9partementale des territoires de la\nC\u00f4te-d'Or\nService Pr\u00e9servation et Am\u00e9nagement de\nl'Espace (SPAE)\n21-2025-10-14-00004\nArr\u00eat\u00e9 pr\u00e9fectoral du 14 octobre 2025\nportant arr\u00eat de la cartographie d\u00e9partementale\ndes zones d'acc\u00e9l\u00e9ration\npour l'implantation d'installations terrestres de\nproduction d'\u00e9nergies renouvelables, ainsi que\nde leurs ouvrages connexes\nDirection d\u00e9partementale des territoires de la C\u00f4te-d'Or - 21-2025-10-14-00004 - Arr\u00eat\u00e9 pr\u00e9fectoral du 14 octobre 2025\nportant arr\u00eat de la cartographie d\u00e9partementale des zones d'acc\u00e9l\u00e9ration\npour l'implantation d'installations terrestres de production d'\u00e9nergies renouvelables, ainsi que de leurs ouvrages connexes\n6\nEEPREFETDELACOTE-D'ORLibert\u00e9Egalit\u00e9Fraternit\u00e9\nDirection d\u00e9partementale des territoires\nde la C\u00f4te-d'Or\nArr\u00eat\u00e9 pr\u00e9fectoral du 14 octobre 2025\nportant arr\u00eat de la cartographie d\u00e9partementale des zones d'acc\u00e9l\u00e9ration\npour l'implantation d'installations terrestres de production d'\u00e9nergies renouvelables,\nainsi que de leurs ouvrages connexes\nLe pr\u00e9fet de la C\u00f4te-d'Or\nVU le code de l'urbanisme ;\nVU le code g\u00e9n\u00e9ral des collectivit\u00e9s territoriales ;\nVU le code de l'\u00e9nergie notamment les articles L. 141-5-2 et L. 141-5-3 ;\nVU les d\u00e9lib\u00e9rations des communes de la C\u00f4te-d'Or identifiant les zones d'acc\u00e9l\u00e9ration pour \nl'implantation d'installations terrestres de production d'\u00e9nergies renouvelables ainsi que de \nleurs ouvrages connexes sur leur territoire ;\nConsid\u00e9rant  que l'article L.141-5-3 du code de l'\u00e9nergie pr\u00e9voit qu'il revient aux communes  \nd'identifier, selon les principes \u00e9nonc\u00e9s dans ce m\u00eame article, des zones d'acc\u00e9l\u00e9ration pour  \nl'implantation d'installations terrestres de production d'\u00e9nergies renouvelables ainsi que de  \nleurs ouvrages connexes sur le territoire ;\nConsid\u00e9rant que les zones propos\u00e9es doivent permettre d'acc\u00e9l\u00e9rer la production d'\u00e9nergies  \nrenouvelables au sens de l'article L.211-2 du code de l'\u00e9nergie sur le territoire concern\u00e9 pour  \natteindre, \u00e0 terme, les objectifs nationaux de production d'\u00e9nergie d\u00e9carbon\u00e9e ;\nConsid\u00e9rant que l'\u00c9tat a mis \u00e0 disposition des communes l'ensemble des \u00e9l\u00e9ments n\u00e9cessaires \n\u00e0 la bonne d\u00e9finition de ces zones au travers d'un outil cartographique en ligne ;\nConsid\u00e9rant que  les  zones  d'acc\u00e9l\u00e9ration  annex\u00e9e  au  pr\u00e9sent  arr\u00eat\u00e9  sont  conformes  aux \ndispositions du I de l'article L.141-5-3 du code de l'\u00e9nergie ;\nConsid\u00e9rant que le comit\u00e9 r\u00e9gional de l'\u00e9nergie, dans son avis  du 22 novembre 2024, fait le  \nconstat d'un bilan d'\u00e9tape de d\u00e9finition des zones d'acc\u00e9l\u00e9ration  encourageant , valide la  \npremi\u00e8re vague de d\u00e9finition de ces zones, constate que la dynamique doit \u00eatre poursuivie et \nacc\u00e9l\u00e9r\u00e9e au regard des objectifs de d\u00e9veloppement des \u00e9nergies renouvelables inscrits dans  \nle SRADDET de la r\u00e9gion Bourgogne-Franche-Comt\u00e9 ; \n1/16\nDirection d\u00e9partementale des territoires de la C\u00f4te-d'Or - 21-2025-10-14-00004 - Arr\u00eat\u00e9 pr\u00e9fectoral du 14 octobre 2025\nportant arr\u00eat de la cartographie d\u00e9partementale des zones d'acc\u00e9l\u00e9ration\npour l'implantation d'installations terrestres de production d'\u00e9nergies renouvelables, ainsi que de leurs ouvrages connexes\n7\nConsid\u00e9rant que le comit\u00e9 r\u00e9gional de l'\u00e9nergie, dans son avis du 13 mai 2025, fait le constat  \nd'un bilan d'\u00e9tape de d\u00e9finition des zones d'acc\u00e9l\u00e9ration globalement encourageant et valide \nla deuxi\u00e8me vague de d\u00e9finition de ces zones ;\nConsid\u00e9rant que  les  communes  ont  \u00e9t\u00e9  sollicit\u00e9es  pour  avis  conforme  par  courrier  du \n16 mai 2025, conform\u00e9ment au III de l'article L.141-5-3 du code de l'\u00e9nergie ; \nConsid\u00e9rant  que cette cartographie ne pr\u00e9juge pas des d\u00e9cisions administratives requises  \npour l'implantation et l'exploitation d'une installation de production d'\u00e9nergies renouvelables \ndans ces zones ;\nSUR proposition du secr\u00e9taire g\u00e9n\u00e9ral de la pr\u00e9fecture de C\u00f4te-d'Or ; \nARR\u00caTE\nArticle 1er :\nLes zones d'acc\u00e9l\u00e9ration des \u00e9nergies renouvelables, arr\u00eat\u00e9es \u00e0 la date du 15 avril 2025 sur le  \nportail  cartographique  national  des  \u00e9nergies  renouvelables  (https     ://planification.climat-  \nenergie.gouv.fr), figurent en annexe de la pr\u00e9sente d\u00e9cision.\nArticle 2 :\nLe  pr\u00e9sent  arr\u00eat\u00e9  est  publi\u00e9  au  recueil  des  actes  administratifs  de  la  pr\u00e9fecture  de  la \nC\u00f4te-d'Or.\nArticle 3 : \nLe pr\u00e9fet, la directrice d\u00e9partementale des territoires de la C\u00f4te-d'Or, ainsi que les maires des \ncommunes cit\u00e9es en annexe sont charg\u00e9s, chacun en ce qui le concerne, de l'ex\u00e9cution du  \npr\u00e9sent arr\u00eat\u00e9, dont une copie leur est adress\u00e9e.\nFait \u00e0 Dijon, le 14 octobre 2025\n                                                                            \nLe pr\u00e9fet,\nOriginal sign\u00e9\n                             \nPaul MOURIER\n2/16\nDirection d\u00e9partementale des territoires de la C\u00f4te-d'Or - 21-2025-10-14-00004 - Arr\u00eat\u00e9 pr\u00e9fectoral du 14 octobre 2025\nportant arr\u00eat de la cartographie d\u00e9partementale des zones d'acc\u00e9l\u00e9ration\npour l'implantation d'installations terrestres de production d'\u00e9nergies renouvelables, ainsi que de leurs ouvrages connexes\n8\nEEPREFETDELACOTE-D'ORLibert\u00e9Egalit\u00e9Fraternit\u00e9\n           \nDirection d\u00e9partementale des territoires\nde la C\u00f4te-d'Or\nANNEXE \u00e0 l'arr\u00eat\u00e9 du 14 octobre 2025\nportant arr\u00eat de la cartographie d\u00e9partementale des zones d'acc\u00e9l\u00e9ration pour l'implantation \nd'installations terrestres de production d'\u00e9nergies renouvelables ainsi que de leurs ouvrages  \nconnexes\nListe des 227 communes du d \u00e9partement ayant d \u00e9fini des zones d 'acc\u00e9l\u00e9ration figurant \u00e0 la  \ncartographie d\u00e9partementale\nCommunes Fili\u00e8res Nombre de zones\nAhuy Solaire photovolta\u00efque 4\nAignay-le-Duc Solaire photovolta\u00efque 7\nAiserey Solaire photovolta\u00efque 4\nAisy-sous-Thil\nBois-\u00e9nergie / Biomasse 1\nEolien 1\nG\u00e9othermie 1\nSolaire photovolta\u00efque 2\nSolaire thermique 2\nAllerey\nEolien 1\nSolaire photovolta\u00efque 8\nAncey Solaire photovolta\u00efque 2\nArc-sur-Tille Solaire photovolta\u00efque 2\nArrans Solaire photovolta\u00efque 6\nAsni\u00e8res-l\u00e8s-Dijon Solaire photovolta\u00efque 20\nAth\u00e9e Solaire photovolta\u00efque 3\nAubigny-l\u00e8s-Sombernon\nEolien 1\nSolaire photovolta\u00efque 1\nAuvillars-sur-Sa\u00f4ne Solaire photovolta\u00efque 3\nBagnot Solaire photovolta\u00efque 6\nBalot Bois-\u00e9nergie / Biomasse 5\nG\u00e9othermie 5\n3/16\nDirection d\u00e9partementale des territoires de la C\u00f4te-d'Or - 21-2025-10-14-00004 - Arr\u00eat\u00e9 pr\u00e9fectoral du 14 octobre 2025\nportant arr\u00eat de la cartographie d\u00e9partementale des zones d'acc\u00e9l\u00e9ration\npour l'implantation d'installations terrestres de production d'\u00e9nergies renouvelables, ainsi que de leurs ouvrages connexes\n9\nCommunes Fili\u00e8res Nombre de zones\nSolaire photovolta\u00efque 7\nSolaire thermique 1\nBard-le-R\u00e9gulier Solaire photovolta\u00efque 1\nBarges Solaire photovolta\u00efque 3\nBaubigny Solaire photovolta\u00efque 5\nBeaulieu Solaire photovolta\u00efque 1\nBelleneuve Solaire photovolta\u00efque 4\nBeneuvre Solaire photovolta\u00efque 1\nBenoisey Solaire photovolta\u00efque 3\nBilly-l\u00e8s-Chanceaux\nEolien 1\nSolaire photovolta\u00efque 2\nBissey-la-Pierre\nBiogaz / Biom\u00e9thane 1\nBois-\u00e9nergie / Biomasse 1\nEolien 1\nG\u00e9othermie 1\nSolaire photovolta\u00efque 2\nSolaire thermique 1\nSource-Seine\nEolien 1\nG\u00e9othermie 1\nSolaire photovolta\u00efque 3\nBligny-l\u00e8s-Beaune Solaire photovolta\u00efque 4\nBonnencontre\nHydro\u00e9lectricit\u00e9 1\nSolaire photovolta\u00efque 1\nBrazey-en-Plaine\nBiogaz / Biom\u00e9thane 3\nBois-\u00e9nergie / Biomasse 2\nG\u00e9othermie 3\nHydro\u00e9lectricit\u00e9 2\nSolaire photovolta\u00efque 4\nSolaire thermique 3\nBreteni\u00e8re Solaire photovolta\u00efque 10\nBretigny\nHydro\u00e9lectricit\u00e9 3\nSolaire photovolta\u00efque 5\nBrianny G\u00e9othermie 1\nHydro\u00e9lectricit\u00e9 1\nSolaire photovolta\u00efque 3\n4/16\nDirection d\u00e9partementale des territoires de la C\u00f4te-d'Or - 21-2025-10-14-00004 - Arr\u00eat\u00e9 pr\u00e9fectoral du 14 octobre 2025\nportant arr\u00eat de la cartographie d\u00e9partementale des zones d'acc\u00e9l\u00e9ration\npour l'implantation d'installations terrestres de production d'\u00e9nergies renouvelables, ainsi que de leurs ouvrages connexes\n10\nCommunes Fili\u00e8res Nombre de zones\nSolaire thermique 2\nBrochon\nBois-\u00e9nergie / Biomasse 1\nG\u00e9othermie 2\nSolaire photovolta\u00efque 3\nBrognon\nBois-\u00e9nergie / Biomasse 4\nG\u00e9othermie 4\nSolaire photovolta\u00efque 6\nSolaire thermique 5\nBroin Solaire photovolta\u00efque 2\nBuffon\nG\u00e9othermie 7\nHydro\u00e9lectricit\u00e9 2\nSolaire photovolta\u00efque 10\nSolaire thermique 7\nBussy-le-Grand\nBiogaz / Biom\u00e9thane 1\nBois-\u00e9nergie / Biomasse 1\nEolien 1\nG\u00e9othermie 1\nHydro\u00e9lectricit\u00e9 1\nSolaire photovolta\u00efque 2\nSolaire thermique 1\nCessey-sur-Tille\nHydro\u00e9lectricit\u00e9 1\nSolaire photovolta\u00efque 5\nChaignay\nEolien 1\nG\u00e9othermie 1\nSolaire photovolta\u00efque 3\nChailly-sur-Arman\u00e7on\nEolien 1\nSolaire photovolta\u00efque 2\nChambeire Solaire photovolta\u00efque 3\nChampagne-sur-\nVingeanne\nG\u00e9othermie 1\nSolaire photovolta\u00efque 19\nChamp-d'Oiseau  Solaire photovolta\u00efque 1\nChampd\u00f4tre\nBiogaz / Biom\u00e9thane 1\nSolaire photovolta\u00efque 6\nChampeau-en-Morvan Bois-\u00e9nergie / Biomasse 1\nG\u00e9othermie 1\n5/16\nDirection d\u00e9partementale des territoires de la C\u00f4te-d'Or - 21-2025-10-14-00004 - Arr\u00eat\u00e9 pr\u00e9fectoral du 14 octobre 2025\nportant arr\u00eat de la cartographie d\u00e9partementale des zones d'acc\u00e9l\u00e9ration\npour l'implantation d'installations terrestres de production d'\u00e9nergies renouvelables, ainsi que de leurs ouvrages connexes\n11\nCommunes Fili\u00e8res Nombre de zones\nSolaire photovolta\u00efque 1\nCharrey-sur-Sa\u00f4ne\nSolaire photovolta\u00efque 1\nG\u00e9othermie 1\nChassagne-Montrachet Solaire photovolta\u00efque 15\nChaux\nG\u00e9othermie 1\nSolaire photovolta\u00efque 2\nChen\u00f4ve\nBois-\u00e9nergie / Biomasse 1\nSolaire photovolta\u00efque 6\nCheuge Solaire photovolta\u00efque 2\nSolaire thermique 1\nChevigny-Saint-Sauveur\nBois-\u00e9nergie / Biomasse 1\nSolaire photovolta\u00efque 5\nCirey-l\u00e8s-Pontailler\nG\u00e9othermie 1\nSolaire photovolta\u00efque 2\nSolaire thermique 1\nCl\u00e9nay\nHydro\u00e9lectricit\u00e9 2\nSolaire photovolta\u00efque 5\nCollonges-et-Premi\u00e8res Solaire photovolta\u00efque 2\nColombier\nG\u00e9othermie 2\nSolaire photovolta\u00efque 3\nComblanchien Solaire photovolta\u00efque 1\nCorcelles-les-Monts Solaire photovolta\u00efque 6\nCorgoloin\nBois-\u00e9nergie / Biomasse 5\nG\u00e9othermie 5\nSolaire photovolta\u00efque 17\nCormot-Vauchignon Solaire photovolta\u00efque 3\nCourban Solaire photovolta\u00efque 1\nCourcelles-l\u00e8s-Montbard\nEolien 1\nSolaire photovolta\u00efque 2\nCourtivron\nEolien 1\nSolaire photovolta\u00efque 3\nCouternon Solaire photovolta\u00efque 15\nCr\u00e9ancey Solaire photovolta\u00efque 3\nCrugey\nG\u00e9othermie 1\nSolaire photovolta\u00efque 1\n6/16\nDirection d\u00e9partementale des territoires de la C\u00f4te-d'Or - 21-2025-10-14-00004 - Arr\u00eat\u00e9 pr\u00e9fectoral du 14 octobre 2025\nportant arr\u00eat de la cartographie d\u00e9partementale des zones d'acc\u00e9l\u00e9ration\npour l'implantation d'installations terrestres de production d'\u00e9nergies renouvelables, ainsi que de leurs ouvrages connexes\n12\nCommunes Fili\u00e8res Nombre de zones\nCul\u00eatre\nG\u00e9othermie 3\nSolaire photovolta\u00efque 4\nSolaire thermique 4\nCurley\nG\u00e9othermie 1\nSolaire photovolta\u00efque 1\nCussy-le-Ch\u00e2tel\nG\u00e9othermie 1\nSolaire photovolta\u00efque 4\nSolaire thermique 1\nDaix Bois-\u00e9nergie / Biomasse 1\nDarcey\nEolien 1\nSolaire photovolta\u00efque 4\nDijon\nBois-\u00e9nergie / Biomasse 5\nSolaire photovolta\u00efque 8\nEchannay Solaire photovolta\u00efque 2\nEchevannes\nEolien 1\nSolaire photovolta\u00efque 4\nEchevronne\nG\u00e9othermie 1\nSolaire photovolta\u00efque 3\nSolaire thermique 2\nEchigey\nG\u00e9othermie 1\nSolaire photovolta\u00efque 3\nEguilly Solaire photovolta\u00efque 4\nEpagny Solaire photovolta\u00efque 1\nEpernay-sous-Gevrey Solaire photovolta\u00efque 2\nEpoisses Solaire photovolta\u00efque 3\nEsbarres\nG\u00e9othermie 1\nSolaire photovolta\u00efque 3\nEssey Solaire photovolta\u00efque 10\nEtalante\nSolaire photovolta\u00efque 1\nSolaire thermique 1\nFain-l\u00e8s-Montbard Solaire photovolta\u00efque 2\nFauverney Solaire photovolta\u00efque 5\nLe F\u00eate\nG\u00e9othermie 3\nSolaire photovolta\u00efque 3\nSolaire thermique 3\n7/16\nDirection d\u00e9partementale des territoires de la C\u00f4te-d'Or - 21-2025-10-14-00004 - Arr\u00eat\u00e9 pr\u00e9fectoral du 14 octobre 2025\nportant arr\u00eat de la cartographie d\u00e9partementale des zones d'acc\u00e9l\u00e9ration\npour l'implantation d'installations terrestres de production d'\u00e9nergies renouvelables, ainsi que de leurs ouvrages connexes\n13\nCommunes Fili\u00e8res Nombre de zones\nFixin\nBois-\u00e9nergie / Biomasse 2\nG\u00e9othermie 13\nSolaire photovolta\u00efque 7\nFleurey-sur-Ouche\nBois-\u00e9nergie / Biomasse 1\nG\u00e9othermie 1\nSolaire photovolta\u00efque 2\nFontaine-Fran\u00e7aise Solaire photovolta\u00efque 1\nFontaine-l\u00e8s-Dijon Solaire photovolta\u00efque 8\nForl\u00e9ans\nG\u00e9othermie 1\nSolaire photovolta\u00efque 3\nFraignot-et-Vesvrotte Solaire photovolta\u00efque 6\nFranxault\nG\u00e9othermie 1\nSolaire photovolta\u00efque 111\nFresnes Solaire photovolta\u00efque 1\nFr\u00f4lois\nEolien 1\nSolaire photovolta\u00efque 1\nFussey Solaire photovolta\u00efque 1\nGemeaux\nEolien 1\nSolaire photovolta\u00efque 1\nGenlis\nBois-\u00e9nergie / Biomasse 1\nSolaire photovolta\u00efque 1\nGerland\nBois-\u00e9nergie / Biomasse 1\nG\u00e9othermie 5\nSolaire photovolta\u00efque 2\nGevrey-Chambertin\nBiogaz / Biom\u00e9thane 1\nG\u00e9othermie 1\nSolaire photovolta\u00efque 5\nGissey-sous-Flavigny Solaire photovolta\u00efque 5\nGomm\u00e9ville\nHydro\u00e9lectricit\u00e9 1\nSolaire photovolta\u00efque 2\nGr\u00e9signy-Sainte-Reine Solaire photovolta\u00efque 2\nGriselles Solaire photovolta\u00efque 7\nGrosbois-en-Montagne Solaire photovolta\u00efque 2\nGrosbois-l\u00e8s-Tichey Bois-\u00e9nergie / Biomasse 1\nEolien 1\n8/16\nDirection d\u00e9partementale des territoires de la C\u00f4te-d'Or - 21-2025-10-14-00004 - Arr\u00eat\u00e9 pr\u00e9fectoral du 14 octobre 2025\nportant arr\u00eat de la cartographie d\u00e9partementale des zones d'acc\u00e9l\u00e9ration\npour l'implantation d'installations terrestres de production d'\u00e9nergies renouvelables, ainsi que de leurs ouvrages connexes\n14\nCommunes Fili\u00e8res Nombre de zones\nG\u00e9othermie 1\nSolaire photovolta\u00efque 1\nHauteroche\nBiogaz / Biom\u00e9thane 1\nBois-\u00e9nergie / Biomasse 1\nG\u00e9othermie 1\nHydro\u00e9lectricit\u00e9 1\nSolaire photovolta\u00efque 2\nHauteville-l\u00e8s-Dijon\nHydro\u00e9lectricit\u00e9 1\nSolaire photovolta\u00efque 5\nIs-sur-Tille\nBiogaz / Biom\u00e9thane 1\nBois-\u00e9nergie / Biomasse 1\nG\u00e9othermie 2\nHydro\u00e9lectricit\u00e9 1\nSolaire photovolta\u00efque 3\nIzier\nG\u00e9othermie 1\nSolaire photovolta\u00efque 6\nJallanges Solaire photovolta\u00efque 4\nJouey Solaire photovolta\u00efque 7\nJuillenay\nG\u00e9othermie 1\nSolaire photovolta\u00efque 1\nSolaire thermique 1\nJuilly Solaire photovolta\u00efque 1\nLabergement-Foigney Solaire photovolta\u00efque 1\nLabergement-l\u00e8s-Seurre Solaire photovolta\u00efque 21\nLacanche\nSolaire photovolta\u00efque 10\nSolaire thermique 7\nLaignes\nEolien 1\nSolaire photovolta\u00efque 5\nLantenay Solaire photovolta\u00efque 10\nLanthes\nG\u00e9othermie 2\nSolaire photovolta\u00efque 4\nSolaire thermique 2\nLantilly Solaire photovolta\u00efque 3\nLaperri\u00e8re-sur-Sa\u00f4ne\nHydro\u00e9lectricit\u00e9 1\nSolaire photovolta\u00efque 5\n9/16\nDirection d\u00e9partementale des territoires de la C\u00f4te-d'Or - 21-2025-10-14-00004 - Arr\u00eat\u00e9 pr\u00e9fectoral du 14 octobre 2025\nportant arr\u00eat de la cartographie d\u00e9partementale des zones d'acc\u00e9l\u00e9ration\npour l'implantation d'installations terrestres de production d'\u00e9nergies renouvelables, ainsi que de leurs ouvrages connexes\n15\nCommunes Fili\u00e8res Nombre de zones\nLicey-sur-Vingeanne Solaire photovolta\u00efque 2\nLongchamp Solaire photovolta\u00efque 8\nLongeault-Pluvaut Solaire photovolta\u00efque 23\nLongecourt-l\u00e8s-Cul\u00eatre Eolien 1\nMaconge\nG\u00e9othermie 1\nSolaire photovolta\u00efque 2\nMagny-l\u00e8s-Villers\nG\u00e9othermie 1\nSolaire photovolta\u00efque 7\nMagny-sur-Tille\nBiogaz / Biom\u00e9thane 1\nSolaire photovolta\u00efque 8\nSolaire thermique 1\nM\u00e2lain Solaire photovolta\u00efque 1\nMaligny Solaire photovolta\u00efque 1\nMarcigny-sous-Thil\nG\u00e9othermie 2\nSolaire photovolta\u00efque 4\nSolaire thermique 4\nMarey-sur-Tille\nEolien 1\nSolaire photovolta\u00efque 3\nMarmagne\nEolien 1\nSolaire photovolta\u00efque 3\nMarsannay-la-C\u00f4te Solaire photovolta\u00efque 4\nMarsannay-le-Bois\nBiogaz / Biom\u00e9thane 2\nSolaire photovolta\u00efque 6\nMartrois\nBois-\u00e9nergie / Biomasse 1\nG\u00e9othermie 1\nSolaire photovolta\u00efque 2\nSolaire thermique 1\nMeilly-sur-Rouvres\nBiogaz / Biom\u00e9thane 1\nG\u00e9othermie 1\nSolaire photovolta\u00efque 2\nSolaire thermique 1\nLe Meix\nG\u00e9othermie 3\nSolaire photovolta\u00efque 1\nSolaire thermique 2\nMessigny-et-Vantoux Solaire photovolta\u00efque 2\n10/16\nDirection d\u00e9partementale des territoires de la C\u00f4te-d'Or - 21-2025-10-14-00004 - Arr\u00eat\u00e9 pr\u00e9fectoral du 14 octobre 2025\nportant arr\u00eat de la cartographie d\u00e9partementale des zones d'acc\u00e9l\u00e9ration\npour l'implantation d'installations terrestres de production d'\u00e9nergies renouvelables, ainsi que de leurs ouvrages connexes\n16\nCommunes Fili\u00e8res Nombre de zones\nMeuilley\nBois-\u00e9nergie / Biomasse 1\nG\u00e9othermie 1\nSolaire photovolta\u00efque 1\nMillery\nHydro\u00e9lectricit\u00e9 1\nSolaire photovolta\u00efque 7\nMoloy Solaire photovolta\u00efque 2\nMontigny-Montfort Solaire photovolta\u00efque 7\nMontigny-sur-Arman\u00e7on Solaire photovolta\u00efque 1\nMontliot-et-Courcelles\nBiogaz / Biom\u00e9thane 1\nG\u00e9othermie 1\nSolaire photovolta\u00efque 3\nMontmain\nG\u00e9othermie 1\nSolaire photovolta\u00efque 1\nSolaire thermique 1\nMontoillot\nBiogaz / Biom\u00e9thane 1\nBois-\u00e9nergie / Biomasse 1\nG\u00e9othermie 1\nSolaire photovolta\u00efque 1\nMontot Solaire photovolta\u00efque 1\nMoutiers-Saint-Jean\nG\u00e9othermie 2\nSolaire photovolta\u00efque 3\nMusigny\nG\u00e9othermie 3\nSolaire photovolta\u00efque 4\nSolaire thermique 3\nNesle-et-Massoult\nSolaire photovolta\u00efque 12\nSolaire thermique 2\nNeuilly-Crimolois\nHydro\u00e9lectricit\u00e9 1\nSolaire photovolta\u00efque 7\nNogent-l\u00e8s-Montbard Solaire photovolta\u00efque 9\nNorges-la-Ville Solaire photovolta\u00efque 2\nOuges Solaire photovolta\u00efque 11\nPagny-la-Ville Solaire photovolta\u00efque 2\nPagny-le-Ch\u00e2teau\nHydro\u00e9lectricit\u00e9 1\nSolaire photovolta\u00efque 12\nPainblanc Solaire photovolta\u00efque 4\n11/16\nDirection d\u00e9partementale des territoires de la C\u00f4te-d'Or - 21-2025-10-14-00004 - Arr\u00eat\u00e9 pr\u00e9fectoral du 14 octobre 2025\nportant arr\u00eat de la cartographie d\u00e9partementale des zones d'acc\u00e9l\u00e9ration\npour l'implantation d'installations terrestres de production d'\u00e9nergies renouvelables, ainsi que de leurs ouvrages connexes\n17\nCommunes Fili\u00e8res Nombre de zones\nPerrigny-l\u00e8s-Dijon Solaire photovolta\u00efque 8\nPlombi\u00e8res-l\u00e8s-Dijon\nHydro\u00e9lectricit\u00e9 1\nSolaire photovolta\u00efque 6\nPoiseul-l\u00e8s-Saulx Eolien 2\nPontailler-sur-Sa\u00f4ne Solaire photovolta\u00efque 1\nPosanges Solaire photovolta\u00efque 2\nPothi\u00e8res Solaire photovolta\u00efque 1\nPouilly-en-Auxois\nBois-\u00e9nergie / Biomasse 1\nSolaire photovolta\u00efque 2\nPouilly-sur-Sa\u00f4ne Solaire photovolta\u00efque 6\nPouilly-sur-Vingeanne\nBois-\u00e9nergie / Biomasse 1\nG\u00e9othermie 2\nHydro\u00e9lectricit\u00e9 1\nSolaire photovolta\u00efque 2\nPr\u00e2lon Solaire photovolta\u00efque 3\nQuetigny\nBois-\u00e9nergie / Biomasse 1\nSolaire photovolta\u00efque 9\nQuincerot\nBiogaz / Biom\u00e9thane 1\nSolaire photovolta\u00efque 1\nQuincey Solaire photovolta\u00efque 3\nRemilly-en-Montagne Solaire photovolta\u00efque 7\nRemilly-sur-Tille Solaire photovolta\u00efque 6\nLa Rochepot Solaire photovolta\u00efque 5\nRougemont\nSolaire photovolta\u00efque 5\nSolaire thermique 4\nG\u00e9othermie 4\nEolien 3\nRouvres-sous-Meilly\n \nG\u00e9othermie 3\nSolaire photovolta\u00efque 3\nSolaire thermique 3\nRuffey-l\u00e8s-Echirey\nBois-\u00e9nergie / Biomasse 1\nEolien 1\nG\u00e9othermie 1\nSolaire photovolta\u00efque 2\nSolaire thermique 1\n12/16\nDirection d\u00e9partementale des territoires de la C\u00f4te-d'Or - 21-2025-10-14-00004 - Arr\u00eat\u00e9 pr\u00e9fectoral du 14 octobre 2025\nportant arr\u00eat de la cartographie d\u00e9partementale des zones d'acc\u00e9l\u00e9ration\npour l'implantation d'installations terrestres de production d'\u00e9nergies renouvelables, ainsi que de leurs ouvrages connexes\n18\nCommunes Fili\u00e8res Nombre de zones\nSaint-Andeux\nBois-\u00e9nergie / Biomasse 5\nG\u00e9othermie 5\nSolaire photovolta\u00efque 6\nSaint-Anthot\nBois-\u00e9nergie / Biomasse 1\nG\u00e9othermie 1\nSolaire photovolta\u00efque 1\nSaint-Apollinaire Solaire photovolta\u00efque 11\nSaint-Julien\nBois-\u00e9nergie / Biomasse 3\nG\u00e9othermie 6\nSolaire photovolta\u00efque 10\nSolaire thermique 5\nSaint-Marc-sur-Seine Solaire photovolta\u00efque 5\nSainte-Marie-sur-Ouche\nEolien 1\nSolaire photovolta\u00efque 1\nSaint-Martin-de-la-Mer\nG\u00e9othermie 2\nHydro\u00e9lectricit\u00e9 1\nSolaire photovolta\u00efque 5\nSolaire thermique 1\nSaint-Philibert Solaire photovolta\u00efque 1\nSaint-R\u00e9my\nEolien 1\nSolaire photovolta\u00efque 3\nSaint-Seine-l'Abbaye\nEolien 1\nSolaire photovolta\u00efque 2\nSaint-Seine-sur-\nVingeanne\nEolien 1\nSolaire photovolta\u00efque 7\nSaint-Usage Solaire photovolta\u00efque 10\nSaulieu\nBois-\u00e9nergie / Biomasse 1\nG\u00e9othermie 1\nSolaire photovolta\u00efque 4\nSolaire thermique 1\nSaulon-la-Chapelle\nBois-\u00e9nergie / Biomasse 1\nG\u00e9othermie 1\nSolaire photovolta\u00efque 1\nSaulx-le-Duc Solaire photovolta\u00efque 11\nSaussy G\u00e9othermie 1\n13/16\nDirection d\u00e9partementale des territoires de la C\u00f4te-d'Or - 21-2025-10-14-00004 - Arr\u00eat\u00e9 pr\u00e9fectoral du 14 octobre 2025\nportant arr\u00eat de la cartographie d\u00e9partementale des zones d'acc\u00e9l\u00e9ration\npour l'implantation d'installations terrestres de production d'\u00e9nergies renouvelables, ainsi que de leurs ouvrages connexes\n19\nCommunes Fili\u00e8res Nombre de zones\nSolaire photovolta\u00efque 1\nSolaire thermique 1\nSavigny-l\u00e8s-Beaune Solaire photovolta\u00efque 1\nSavoisy\nEolien 1\nSolaire photovolta\u00efque 6\nSavolles\nBiogaz / Biom\u00e9thane 1\nBois-\u00e9nergie / Biomasse 1\nG\u00e9othermie 1\nHydro\u00e9lectricit\u00e9 1\nSolaire photovolta\u00efque 1\nSolaire thermique 1\nSavouges Solaire photovolta\u00efque 1\nSelongey\nBiogaz / Biom\u00e9thane 1\nEolien 2\nSolaire photovolta\u00efque 9\nSemarey\nG\u00e9othermie 1\nSolaire photovolta\u00efque 2\nSolaire thermique 2\nSemur-en-Auxois\nBois-\u00e9nergie / Biomasse 1\nHydro\u00e9lectricit\u00e9 6\nSolaire photovolta\u00efque 11\nSennecey-l\u00e8s-Dijon\nG\u00e9othermie 1\nSolaire photovolta\u00efque 3\nSeurre\nBois-\u00e9nergie / Biomasse 11\nG\u00e9othermie 1\nSolaire photovolta\u00efque 12\nSolaire thermique 1\nSoirans\nBois-\u00e9nergie / Biomasse 4\nSolaire photovolta\u00efque 8\nSolaire thermique 2\nSombernon\nBois-\u00e9nergie / Biomasse 1\nSolaire photovolta\u00efque 5\nSouhey Solaire photovolta\u00efque 2\nSpoy Solaire photovolta\u00efque 6\nTalant Solaire photovolta\u00efque 9\n14/16\nDirection d\u00e9partementale des territoires de la C\u00f4te-d'Or - 21-2025-10-14-00004 - Arr\u00eat\u00e9 pr\u00e9fectoral du 14 octobre 2025\nportant arr\u00eat de la cartographie d\u00e9partementale des zones d'acc\u00e9l\u00e9ration\npour l'implantation d'installations terrestres de production d'\u00e9nergies renouvelables, ainsi que de leurs ouvrages connexes\n20\nCommunes Fili\u00e8res Nombre de zones\nTarsul Solaire photovolta\u00efque 2\nTart-le-Bas Solaire photovolta\u00efque 1\nTart\nG\u00e9othermie 2\nSolaire photovolta\u00efque 8\nThoisy-le-D\u00e9sert\nG\u00e9othermie 1\nSolaire photovolta\u00efque 3\nSolaire thermique 1\nThorey-en-Plaine Solaire photovolta\u00efque 2\nTil-Ch\u00e2tel\nBiogaz / Biom\u00e9thane 1\nEolien 1\nSolaire photovolta\u00efque 11\nTouillon\nBiogaz / Biom\u00e9thane 1\nSolaire photovolta\u00efque 7\nTr\u00e9clun Solaire photovolta\u00efque 1\nTrouhans\nBois-\u00e9nergie / Biomasse 5\nG\u00e9othermie 5\nHydro\u00e9lectricit\u00e9 1\nSolaire thermique 12\nVaranges\nHydro\u00e9lectricit\u00e9 1\nSolaire photovolta\u00efque 2\nVelars-sur-Ouche Solaire photovolta\u00efque 4\nVernois-l\u00e8s-Vesvres\nBois-\u00e9nergie / Biomasse 1\nEolien 1\nG\u00e9othermie 1\nSolaire photovolta\u00efque 2\nSolaire thermique 1\nV\u00e9ronnes\nEolien 1\nSolaire photovolta\u00efque 2\nVillaines-les-Pr\u00e8v\u00f4tes Solaire photovolta\u00efque 4\nVillars-Fontaine Solaire photovolta\u00efque 1\nVillars-et-Villenotte Solaire photovolta\u00efque 2\nVilleberny Solaire photovolta\u00efque 1\nVillecomte\nEolien 1\nSolaire photovolta\u00efque 2\nVillers-la-Faye Solaire photovolta\u00efque 1\n15/16\nDirection d\u00e9partementale des territoires de la C\u00f4te-d'Or - 21-2025-10-14-00004 - Arr\u00eat\u00e9 pr\u00e9fectoral du 14 octobre 2025\nportant arr\u00eat de la cartographie d\u00e9partementale des zones d'acc\u00e9l\u00e9ration\npour l'implantation d'installations terrestres de production d'\u00e9nergies renouvelables, ainsi que de leurs ouvrages connexes\n21\nCommunes Fili\u00e8res Nombre de zones\nVilley-sur-Tille Solaire photovolta\u00efque 1\nVilly-en-Auxois Solaire photovolta\u00efque 3\n16/16\nDirection d\u00e9partementale des territoires de la C\u00f4te-d'Or - 21-2025-10-14-00004 - Arr\u00eat\u00e9 pr\u00e9fectoral du 14 octobre 2025\nportant arr\u00eat de la cartographie d\u00e9partementale des zones d'acc\u00e9l\u00e9ration\npour l'implantation d'installations terrestres de production d'\u00e9nergies renouvelables, ainsi que de leurs ouvrages connexes\n22\nPr\u00e9fecture de la C\u00f4te-d'Or\nDirection de la coordination, des politiques\npubliques et de l'appui territorial\n21-2025-10-02-00007\nARRETE PREFECTORAL n\u00b0\u00a01478 du 02 octobre\n2025 portant d\u00e9claration d'utilit\u00e9 publique, au\nprofit de la commune de SAINT-LEGER-TRIEY, du\nprojet d'acquisition de deux parcelles (AB 126 et\nAB 128) n\u00e9cessaires \u00e0 la finalisation d'un chemin\npi\u00e9tonnier le long de la route d\u00e9partementale\n104 D, et portant cessibilit\u00e9 desdites parcelles\nPr\u00e9fecture de la C\u00f4te-d'Or - 21-2025-10-02-00007 - ARRETE PREFECTORAL n\u00b0\u00a01478 du 02 octobre 2025 portant d\u00e9claration d'utilit\u00e9\npublique, au profit de la commune de SAINT-LEGER-TRIEY, du projet d'acquisition de deux parcelles (AB 126 et AB 128) n\u00e9cessaires \u00e0\nla finalisation d'un chemin pi\u00e9tonnier le long de la route d\u00e9partementale 104 D, et portant cessibilit\u00e9 desdites parcelles\n23\nEnPREFETDE LACOTE-D'ORLibert\u00e9Egalit\u00e9Fraternit\u00e9\nSECR\u00c9TARIAT G\u00c9N\u00c9RAL\nDirection de la coordination des politiques publiques  \net de l'appui territorial\nP\u00f4le environnement et urbanisme\n \nARRETE PREFECTORAL n\u00b0 1478 du 02 octobre 2025\nportant d\u00e9claration d'utilit\u00e9 publique, au profit de la commune de SAINT-LEGER-TRIEY, du \nprojet d'acquisition de deux parcelles (AB 126 et AB 128) n\u00e9cessaires \u00e0 la finalisation d'un \nchemin pi\u00e9tonnier le long de la route d\u00e9partementale 104 D, et portant cessibilit\u00e9 desdites \nparcelles\nLe pr\u00e9fet de la C\u00f4te-d'Or\nVU le code civil, notamment son article 545 ;\nVU le code de l'expropriation pour cause d'utilit\u00e9 publique ;\nVU le code de l'environnement, notamment son article R. 123-5 ;\nVU le d\u00e9cret n\u00b0  64-805 modifi\u00e9 du 29 juillet 1964 fixant les dispositions r\u00e9glementaires  \napplicables  aux  pr\u00e9fets  et  le  d\u00e9cret  n\u00b0 2004-374  modifi\u00e9  du  29  avril  2004  relatif  aux \npouvoirs des pr\u00e9fets, \u00e0 l'organisation et \u00e0 l'action des services de l'\u00c9tat dans les r\u00e9gions et  \nd\u00e9partements ;\nVU le d\u00e9cret du 10 octobre 2024 nommant Monsieur Paul MOURIER, Pr\u00e9fet de la R\u00e9gion  \nBourgogne-Franche-Comt\u00e9, pr\u00e9fet de la C\u00f4te-d'Or ;\nVU le  d\u00e9cret  du  14  novembre  2024  portant  nomination  de  Monsieur  Denis  BRUEL, \nadministrateur  de  l'\u00c9tat  du  deuxi\u00e8me  grade,  en  qualit\u00e9  de  Secr\u00e9taire  g\u00e9n\u00e9ral  de  la \nPr\u00e9fecture de la C\u00f4te-d'Or, sous-pr\u00e9fet de Dijon (groupe II) ;\nVU la d\u00e9lib\u00e9ration en date du 19 d\u00e9cembre 2023 par laquelle le conseil municipal de  \nSAINT-LEGER-TRIEY sollicite l'ouverture concomitante, d'une part de l'enqu\u00eate pr\u00e9alable \u00e0  \nla  d\u00e9claration  d'utilit\u00e9  publique  du  projet  d'acquisition  par  la  commune  des  parcelles \nAB 126 et AB 128 afin de permettre la r\u00e9alisation d'un chemin pi\u00e9tonnier le long de la route  \nd\u00e9partementale 104 D, et d'autre part de l'enqu\u00eate parcellaire correspondante ;\nVU la demande du maire de SAINT-LEGER-TRIEY adress\u00e9e au pr\u00e9fet le 23 f\u00e9vrier 2024  \nd'ouverture concomitante des deux enqu\u00eates publiques susvis\u00e9es ;\nVU le dossier compl\u00e9t\u00e9 d'enqu\u00eate pr\u00e9alable \u00e0 la d\u00e9claration d'utilit\u00e9 publique, joint \u00e0 la  \ndemande susvis\u00e9e ;\nVU le dossier compl\u00e9t\u00e9 d'enqu\u00eate parcellaire, joint \u00e0 la demande susvis\u00e9e ;\nVU la d\u00e9cision n\u00b0 E25000001/21 du 10 janvier 2025 du pr\u00e9sident du tribunal administratif de \nDIJON d\u00e9signant M. Jean-Luc JEOFFROY en qualit\u00e9 de commissaire enqu\u00eateur, et M. Daniel  \nCOLLARD en qualit\u00e9 de commissaire enqu\u00eateur suppl\u00e9ant ;\nVU l'arr\u00eat\u00e9  pr\u00e9fectoral  n\u00b0 348  du  26  f\u00e9vrier  2025  portant  ouverture  concomitante  de \nl'enqu\u00eate publique pr\u00e9alable \u00e0 la d\u00e9claration d'utilit\u00e9 publique, au profit de la commune  \nde  SAINT-LEGER-TRIEY,  du  projet  d'acquisition  de  deux  parcelles  (AB  126  et  AB  128) \nn\u00e9cessaires \u00e0 la finalisation d'un chemin pi\u00e9tonnier le long de la route d\u00e9partementale 104  \nD, et de l'enqu\u00eate parcellaire correspondante ;\n1/3\nPr\u00e9fecture de la C\u00f4te-d'Or - 21-2025-10-02-00007 - ARRETE PREFECTORAL n\u00b0\u00a01478 du 02 octobre 2025 portant d\u00e9claration d'utilit\u00e9\npublique, au profit de la commune de SAINT-LEGER-TRIEY, du projet d'acquisition de deux parcelles (AB 126 et AB 128) n\u00e9cessaires \u00e0\nla finalisation d'un chemin pi\u00e9tonnier le long de la route d\u00e9partementale 104 D, et portant cessibilit\u00e9 desdites parcelles\n24\nVU le  rapport  et  les  conclusions  favorables,  sans  r\u00e9serve  ni  recommandation,  du \ncommissaire enqu\u00eateur remis \u00e0 la pr\u00e9fecture le 18 avril 2025 ;\nVU le plan parcellaire et l'\u00e9tat parcellaire des biens dont l'acquisition est n\u00e9cessaire \u00e0 la  \nr\u00e9alisation du projet ;\nVU l'extrait cadastral ;\nVU les pi\u00e8ces justifiant l'accomplissement des formalit\u00e9s tendant \u00e0 l'avertissement collectif \net  aux  notifications  individuelles  prescrites  par  le  Code  de  l'expropriation  pour  cause \nd'utilit\u00e9 publique ;\nCONSIDERANT que  l'am\u00e9nagement  d'un  chemin  pi\u00e9tonnier  le  long  de  la  route  \nd\u00e9partementale 104 D \u00e0 SAINT-LEGER-TRIEY vise \u00e0 s\u00e9curiser le cheminement des habitants \nse  rendant  \u00e0  un  arr\u00eat  de  bus  situ\u00e9  au  sud  de  la  commune  en  bordure  de  la  route \nd\u00e9partementale  961,  r\u00e9pondant  aux  besoins  de  s\u00e9curit\u00e9  publique  et  de  mobilit\u00e9  du \nterritoire ;\nCONSIDERANT que le projet d'am\u00e9nagement d'un chemin pi\u00e9tonnier le long de la route  \nd\u00e9partementale  104  D  ne  peut  pas  \u00eatre  r\u00e9alis\u00e9  dans  des  conditions  \u00e9quivalentes  sans \nrecourir \u00e0 l'expropriation des deux parcelles cadastr\u00e9es AB 126 et AB 128 vis\u00e9es par la  \ndemande pr\u00e9sent\u00e9e par la commune de SAINT-LEGER-TRIEY ;\nCONSIDERANT que  les  atteintes  \u00e0  la  propri\u00e9t\u00e9  priv\u00e9e,  le  co\u00fbt  financier  et  les  \ninconv\u00e9nients d'ordre social que comporte le projet ne sont pas excessifs par rapport \u00e0  \nl'int\u00e9r\u00eat g\u00e9n\u00e9ral du projet ;\nCONSIDERANT que  l'acquisition  des  parcelles  AB  126  et  AB  128  par  la  commune  de \nSAINT- LEGER-TRIEY  est  ainsi  n\u00e9cessaire  \u00e0  la  r\u00e9alisation  du  projet  d'am\u00e9nagement  du \nchemin pi\u00e9tonnier le long de la route d\u00e9partementale 104 D, afin que la commune dispose  \nde la ma\u00eetrise fonci\u00e8re totale de cette zone ;\nSUR proposition du secr\u00e9taire g\u00e9n\u00e9ral de la pr\u00e9fecture de la C\u00f4te-d'Or,\nARRETE\nArticle 1 : Est d\u00e9clar\u00e9 d'utilit\u00e9 publique, au profit de la commune SAINT-LEGER-TRIEY, le projet \nd'acquisition de deux parcelles (AB 126 et AB 128) n\u00e9cessaires \u00e0 la finalisation d'un chemin  \npi\u00e9tonnier  le  long  de  la  route  d\u00e9partementale  104  D, conform\u00e9ment  au  plan  annex\u00e9  au \npr\u00e9sent arr\u00eat\u00e9.\nArticle  2     :   La  commune  de  SAINT-LEGER-TRIEY  est  autoris\u00e9e  \u00e0  acqu\u00e9rir  par  voie  \nd'expropriation les parcelles AB 126 et AB 128, conform\u00e9ment au plan mentionn\u00e9 \u00e0 l'article 1  \ndu pr\u00e9sent arr\u00eat\u00e9.\nL'expropriation devra \u00eatre r\u00e9alis\u00e9e dans un d\u00e9lai de cinq ans \u00e0 compter de la publication du  \npr\u00e9sent arr\u00eat\u00e9.\nArticle 3  : Les biens pr\u00e9cit\u00e9s, tels que d\u00e9sign\u00e9s dans l'\u00e9tat parcellaire annex\u00e9 au pr\u00e9sent  \narr\u00eat\u00e9,  sont d\u00e9clar\u00e9s cessibles imm\u00e9diatement au profit de la commune SAINT-LEGER-TRIEY.\nArticle 4 : Le pr\u00e9sent arr\u00eat\u00e9 sera notifi\u00e9 aux propri\u00e9taires des biens pr\u00e9cit\u00e9s, tels que d\u00e9sign\u00e9s \n\u00e0 l'\u00e9tat parcellaire annex\u00e9 au pr\u00e9sent arr\u00eat\u00e9.\n2/3\nPr\u00e9fecture de la C\u00f4te-d'Or - 21-2025-10-02-00007 - ARRETE PREFECTORAL n\u00b0\u00a01478 du 02 octobre 2025 portant d\u00e9claration d'utilit\u00e9\npublique, au profit de la commune de SAINT-LEGER-TRIEY, du projet d'acquisition de deux parcelles (AB 126 et AB 128) n\u00e9cessaires \u00e0\nla finalisation d'un chemin pi\u00e9tonnier le long de la route d\u00e9partementale 104 D, et portant cessibilit\u00e9 desdites parcelles\n25\nIl sera \u00e9galement affich\u00e9 pendant deux mois \u00e0 la mairie de SAINT-LEGER-TRIEY et publi\u00e9 au  \nrecueil des actes administratifs de la C\u00f4te-d'Or.\nArticle 5 : Le pr\u00e9sent arr\u00eat\u00e9 peut faire l'objet d'un recours devant le tribunal administratif de  \nDijon selon les modalit\u00e9s suivantes :\n1\u00b0 Par les propri\u00e9taires du bien concern\u00e9, dans un d\u00e9lai de deux mois \u00e0 compter du jour o\u00f9 le  \npr\u00e9sent arr\u00eat\u00e9 leur a \u00e9t\u00e9 notifi\u00e9 ;\n2\u00b0 Par les tiers, dans un d\u00e9lai de deux mois \u00e0 compter de la derni\u00e8re formalit\u00e9 de publication  \naccomplie.\nLedit recours peut \u00eatre d\u00e9pos\u00e9 via l'application T\u00e9l\u00e9recours citoyens, accessible par le site  \ninternet www.telerecours.fr.\nArticle  6  : Le  secr\u00e9taire  g\u00e9n\u00e9ral  de  la  pr\u00e9fecture  de  la  C\u00f4te-d'Or,  le  maire  de  \nSAINT- LEGER- TRIEY, sont charg\u00e9s, chacun en ce qui le concerne, de l'ex\u00e9cution du pr\u00e9sent  \narr\u00eat\u00e9 dont copie sera transmise \u00e0 Monsieur le juge de l'expropriation.\nFait \u00e0 Dijon, le 02/10/2025\n  \nLE PR\u00c9FET,\nPour le pr\u00e9fet et par d\u00e9l\u00e9gation\nLe secr\u00e9taire g\u00e9n\u00e9ral,\nOriginal sign\u00e9 par : Denis BRUEL\n3/3\nPr\u00e9fecture de la C\u00f4te-d'Or - 21-2025-10-02-00007 - ARRETE PREFECTORAL n\u00b0\u00a01478 du 02 octobre 2025 portant d\u00e9claration d'utilit\u00e9\npublique, au profit de la commune de SAINT-LEGER-TRIEY, du projet d'acquisition de deux parcelles (AB 126 et AB 128) n\u00e9cessaires \u00e0\nla finalisation d'un chemin pi\u00e9tonnier le long de la route d\u00e9partementale 104 D, et portant cessibilit\u00e9 desdites parcelles\n26\n- C] Projet d'am\u00e9nagement d'un chemin> pi\u00e9tonnier le long de la RD 104 D\u00abtn P\u00e9rim\u00e9tre portant DUP et cessibilit\u00e9+ (parcelles expropri\u00e9es AB 126 et AB 128)\nPlan  parcellaire  annex\u00e9  \u00e0  l'arr\u00eat\u00e9  pr\u00e9fectoral  n\u00b0     1478  du  02/10/2025    portant \nd\u00e9claration d'utilit\u00e9 publique, au profit de la commune de SAINT-LEGER-TRIEY, du projet  \nd'acquisition de deux parcelles (AB 126 et AB 128) n\u00e9cessaires \u00e0 la finalisation d'un chemin \npi\u00e9tonnier  le  long  de  la  route  d\u00e9partementale  104  D,  et  portant  cessibilit\u00e9  desdites  \nparcelles\nLE PR\u00c9FET,\nPour le pr\u00e9fet et par d\u00e9l\u00e9gation\nLe secr\u00e9taire g\u00e9n\u00e9ral,\nOriginal sign\u00e9 par : Denis BRUEL\n1/2\nPr\u00e9fecture de la C\u00f4te-d'Or - 21-2025-10-02-00007 - ARRETE PREFECTORAL n\u00b0\u00a01478 du 02 octobre 2025 portant d\u00e9claration d'utilit\u00e9\npublique, au profit de la commune de SAINT-LEGER-TRIEY, du projet d'acquisition de deux parcelles (AB 126 et AB 128) n\u00e9cessaires \u00e0\nla finalisation d'un chemin pi\u00e9tonnier le long de la route d\u00e9partementale 104 D, et portant cessibilit\u00e9 desdites parcelles\n27\n\u00c9tat parcellaire annex\u00e9  \u00e0 l'arr\u00eat\u00e9 pr\u00e9fectoral n\u00b0 1478 du 02/10/2025  portant d\u00e9claration  \nd'utilit\u00e9 publique, au profit de la commune de SAINT-LEGER-TRIEY, du projet d'acquisition \nde deux parcelles (AB 126 et AB 128) n\u00e9cessaires \u00e0 la finalisation d'un chemin pi\u00e9tonnier le \nlong de la route d\u00e9partementale 104 D, et portant cessibilit\u00e9 desdites parcelles\nDescription de la parcelle AB 126\nR\u00e9f\u00e9rences cadas-\ntrales\nIdentit\u00e9 des propri\u00e9-\ntaires\nNature \ndu ter-\nrain\nContenance \n(superficie \ntotale en \nm\u00e8tres car-\nr\u00e9s, m\u00b2)\nSuperficie \nd\u00e9clar\u00e9e \ncessible (en \nm\u00e8tres car-\nr\u00e9s, m\u00b2)\nSec-\ntion / n\u00b0 \nde par-\ncelle\nAdresse ou \nlieu-dit\nAB 126\nCommune \nde Saint-\nl\u00e9ger-triey \nPropri\u00e9taire actuel identifi\u00e9 \nau fichier immobilier :\n- M. DE BELLESCIZE\npr\u00e9 326 m\u00b2 326m\u00b2\nDescription de la parcelle AB 128\nR\u00e9f\u00e9rences cadas-\ntrales\nIdentit\u00e9 des propri\u00e9-\ntaires\nNature \ndu ter-\nrain\nContenance \n(superficie \ntotale en \nm\u00e8tres car-\nr\u00e9s, m\u00b2)\nSuperficie \nd\u00e9clar\u00e9e \ncessible (en \nm\u00e8tres car-\nr\u00e9s, m\u00b2)\nSec-\ntion / n\u00b0 \nde par-\ncelle\nAdresse ou \nlieu-dit\nAB 128\nCommune \nde Saint-\nl\u00e9ger-triey \nPropri\u00e9taire actuel identifi\u00e9 \nau fichier immobilier :\n- M. DE BELLESCIZE pr\u00e9 59 m\u00b2 59 m\u00b2\nLE PR\u00c9FET,\nPour le pr\u00e9fet et par d\u00e9l\u00e9gation\nLe secr\u00e9taire g\u00e9n\u00e9ral,\nOriginal sign\u00e9 par : Denis BRUEL\n2/2\nPr\u00e9fecture de la C\u00f4te-d'Or - 21-2025-10-02-00007 - ARRETE PREFECTORAL n\u00b0\u00a01478 du 02 octobre 2025 portant d\u00e9claration d'utilit\u00e9\npublique, au profit de la commune de SAINT-LEGER-TRIEY, du projet d'acquisition de deux parcelles (AB 126 et AB 128) n\u00e9cessaires \u00e0\nla finalisation d'un chemin pi\u00e9tonnier le long de la route d\u00e9partementale 104 D, et portant cessibilit\u00e9 desdites parcelles\n28\nPr\u00e9fecture de la C\u00f4te-d'Or\nP\u00f4le juridique inter-services\n21-2025-10-22-00001\nArr\u00eat\u00e9 pr\u00e9fectoral N\u00b0 1564  du 22 octobre 2025\ndonnant d\u00e9l\u00e9gation de signature \n\u00e0 M. S\u00e9bastien TRES, Directeur des collectivit\u00e9s\nlocales et des \u00e9lections (DCLE) .\nPr\u00e9fecture de la C\u00f4te-d'Or - 21-2025-10-22-00001 - Arr\u00eat\u00e9 pr\u00e9fectoral N\u00b0 1564  du 22 octobre 2025\ndonnant d\u00e9l\u00e9gation de signature \n\u00e0 M. S\u00e9bastien TRES, Directeur des collectivit\u00e9s locales et des \u00e9lections (DCLE) .\n29\nExPREFETDE LACOTE-D'ORLibert\u00e9Egalit\u00e9Fraternit\u00e9\nSECR\u00c9TARIAT G\u00c9N\u00c9RAL\nDirection de la coordination des politiques publiques\net de l'appui territorial\nArr\u00eat\u00e9 pr\u00e9fectoral N\u00b0  1564  du 22 octobre 2025\ndonnant d\u00e9l\u00e9gation de signature \u00e0 Monsieur S\u00e9bastien TRES, Directeur des collectivit\u00e9s \nlocales et des \u00e9lections (DCLE) .\nLe Pr\u00e9fet de la C\u00f4te-d'Or\nVu la loi n\u00b0 82-213 du 2 mars 1982 modifi\u00e9e relative aux droits et libert\u00e9s des communes,  \ndes d\u00e9partements et des r\u00e9gions ;\nVu le d\u00e9cret n\u00b0 2004-374 du 29 avril 2004 relatif aux pouvoirs des pr\u00e9fets, \u00e0 l'organisation  \net \u00e0 l'action des services de l'\u00c9tat dans les r\u00e9gions et d\u00e9partements, modifi\u00e9 par le d\u00e9cret  \nn\u00b0 2010-146 du 16 f\u00e9vrier 2010 et par le d\u00e9cret n\u00b0 2010-687 du 24 juin 2010 ;\nVu le d\u00e9cret n\u00b0 2008-158 du 22 f\u00e9vrier 2008 relatif \u00e0 la suppl\u00e9ance des pr\u00e9fets de r\u00e9gion et  \n\u00e0  la  d\u00e9l\u00e9gation  de  signature  des  pr\u00e9fets  et  hauts-commissaires  de  la  R\u00e9publique  en \nPolyn\u00e9sie fran\u00e7aise et en Nouvelle-Cal\u00e9donie ;\nVu le d\u00e9cret n\u00b0 2009-176 du 16 f\u00e9vrier 2009 modifiant le d\u00e9cret n\u00b0 64-805 du 29 juillet 1964 \nfixant les dispositions r\u00e9glementaires applicables aux pr\u00e9fets et le d\u00e9cret n\u00b0  2004-374 du \n29 avril 2004 relatif aux pouvoirs des pr\u00e9fets, \u00e0 l'organisation et \u00e0 l'action des services de  \nl'\u00c9tat dans les r\u00e9gions et d\u00e9partements ;\nVu le d\u00e9cret du 10 octobre 2024 nommant Monsieur Paul MOURIER, Pr\u00e9fet de la  \nR\u00e9gion Bourgogne-Franche-Comt\u00e9, Pr\u00e9fet de la C\u00f4te-d'Or  ;\nVu l'arr\u00eat\u00e9 pr\u00e9fectoral 1251/SG du 18 d\u00e9cembre 2020 portant organisation des services  \nde la Pr\u00e9fecture de la R\u00e9gion Bourgogne-Franche-Comt\u00e9, Pr\u00e9fecture du d\u00e9partement de  \nla C\u00f4te-d'Or ;\nVu l'arr\u00eat\u00e9 n\u00b0 U14761871072669 du 28 mai 2025 portant prise en charge par voie de  \nd\u00e9tachement  de  Monsieur  S\u00e9bastien  TRES  dans  l'emploi  fonctionnel  de  conseiller \nd'administration de l'int\u00e9rieur et de l'outre-mer de directeur des collectivit\u00e9s locales et des  \n\u00e9lections \u00e0 compter du 1er juillet 2025 ;\nVu  l'arr\u00eat\u00e9 pr\u00e9fectoral  n\u00b0 934/SG du 1 er juillet 2025  donnant d\u00e9l\u00e9gation de signature \u00e0  \nMonsieur  S\u00e9bastien  TRES, conseiller  d'administration  de  l'int\u00e9rieur  et  de  l'outre-mer, \nDirecteur des collectivit\u00e9s locales et des \u00e9lections (DCLE)  ;\n1/7\nPr\u00e9fecture de la C\u00f4te-d'Or - 21-2025-10-22-00001 - Arr\u00eat\u00e9 pr\u00e9fectoral N\u00b0 1564  du 22 octobre 2025\ndonnant d\u00e9l\u00e9gation de signature \n\u00e0 M. S\u00e9bastien TRES, Directeur des collectivit\u00e9s locales et des \u00e9lections (DCLE) .\n30\nARR\u00caTE\nArticle 1     : L'arr\u00eat\u00e9 pr\u00e9fectoral n\u00b0 934/SG du 1er juillet 2025 donnant d\u00e9l\u00e9gation de signature \n\u00e0 Monsieur S\u00e9bastien TRES , conseiller d'administration de l'int\u00e9rieur et de l'outre-mer,  \nDirecteur des collectivit\u00e9s locales et des \u00e9lections (DCLE),  ainsi que  toutes dispositions  \nant\u00e9rieures contraires au pr\u00e9sent arr\u00eat\u00e9 sont abrog\u00e9s \u00e0 compter de l'entr\u00e9e en vigueur du  \npr\u00e9sent arr\u00eat\u00e9.\nArticle 2 : D\u00e9l\u00e9gation de signature est donn\u00e9e \u00e0 Monsieur S\u00e9bastien TRES, Directeur des \ncollectivit\u00e9s locales et des \u00e9lections (DCLE) en ce qui concerne :\nBUREAU DES COLLECTIVIT\u00c9S LOCALES\n\u2013 Les correspondances et les documents  administratifs relevant des attributions et  \ncomp\u00e9tences de sa direction, \u00e0 l'exception :\n\u2022 des arr\u00eat\u00e9s et actes r\u00e9glementaires ;\n\u2022 des circulaires et instructions g\u00e9n\u00e9rales ;\n\u2022 des lettres comportant d\u00e9cision de principe ou ayant une incidence politique ;\n\u2022 tout document comportant saisine du tribunal administratif ou de la chambre  \nr\u00e9gionale des comptes ;\n\u2022 des communiqu\u00e9s de presse.\n\u2013 Les titres de perception et de recouvrement \u00e0 rendre ex\u00e9cutoires ;\n\u2013 Tous documents relatifs aux concours financiers de l'\u00c9tat aux collectivit\u00e9s locales, \u00e0  \nla notification des taux d'imposition des quatre taxes directes locales et de la taxe  \nd'enl\u00e8vement des ordures m\u00e9nag\u00e8res (\u00e9tats n\u00b01253, n\u00b01259 et n\u00b01259 TEOM), ainsi  \nque  les  r\u00f4les  dress\u00e9s  pour  le  recouvrement  des  taxes  ou  cotisations  par  les \nassociations  fonci\u00e8res  de  remembrement  ou  par  les  associations  syndicales  \nautoris\u00e9es ;\n\u2013  La validation \u00e9lectronique des arr\u00eat\u00e9s d'attribution du Fonds de compensation pour \nla TVA ;\n\u2013 Les actes donnant un caract\u00e8re ex\u00e9cutoire aux r\u00e8glements conjoints de la d\u00e9cision  \nbudg\u00e9taire modificative des lyc\u00e9es de la r\u00e9gion Bourgogne-Franche-Comt\u00e9 et coll\u00e8ges  \nde C\u00f4te d'Or ;\n\u2013 Tous documents et pi\u00e8ces relatifs \u00e0 l'ordonnancement des d\u00e9penses imputables sur  \nle budget de l'\u00c9tat ;\n\u2013  Tous documents relatifs aux concours financiers et subventions de l'\u00c9tat aux \ncollectivit\u00e9s locales ;\n\u2013 Les correspondances courantes et bordereaux.\n2/7\nPr\u00e9fecture de la C\u00f4te-d'Or - 21-2025-10-22-00001 - Arr\u00eat\u00e9 pr\u00e9fectoral N\u00b0 1564  du 22 octobre 2025\ndonnant d\u00e9l\u00e9gation de signature \n\u00e0 M. S\u00e9bastien TRES, Directeur des collectivit\u00e9s locales et des \u00e9lections (DCLE) .\n31\nBUREAU  DES ELECTIONS ET DE LA REGLEMENTATION \n\u2022 la d\u00e9livrance des r\u00e9c\u00e9piss\u00e9s provisoires et d\u00e9finitifs des d\u00e9clarations de candidature  \naux \u00e9lections politiques et professionnelles ;\n\u2022 la d\u00e9livrance des attestations ou re\u00e7us de d\u00e9claration effectu\u00e9e par les binationaux  \ndans le cadre du service national ;\n\u2022 la d\u00e9livrance des cartes d'adjoints aux maires\n\u2022 les autorisations de transport de corps hors du territoire national ;\n\u2022 les d\u00e9cisions relatives aux inhumations hors du d\u00e9lai l\u00e9gal ;\n\u2022 la d\u00e9livrance des r\u00e9c\u00e9piss\u00e9s de revendeurs d'objets mobiliers ;\n\u2022 les habilitations d'entreprises de pompes fun\u00e8bres ;\n\u2022 les arr\u00eat\u00e9s portant classement des offices de tourisme et communes touristiques ;\n\u2022 les cartes professionnelles de guide-conf\u00e9rencier ;\n\u2022 la d\u00e9livrance et le refus de d\u00e9livrance  des cartes de conducteur de taxi, de v\u00e9hicules  \nmotoris\u00e9s  \u00e0  deux  ou  trois  roues  et  de  conducteur  de  voiture  de  transport  avec \nchauffeur ;\n\u2022 les  d\u00e9cisions  de  sanction  disciplinaire  \u00e0  l'encontre  des  conducteurs  de  taxi,  de \nv\u00e9hicules motoris\u00e9s \u00e0 deux ou trois roues et de voiture de transport avec chauffeur ;\n\u2022 commission locale des transports publics particuliers de personnes, commission de  \nconciliation  des  baux  commerciaux,  ainsi  que  toutes  correspondances  courantes \nrelatives au fonctionnement de ces commissions.\n\u2022 tous  actes  relatifs  \u00e0  la  d\u00e9livrance  et  \u00e0  l'instruction  des  demandes  de  passeports \ntemporaires, de missions et de services,\n\u2022 le retrait des titres d'identit\u00e9, de voyage et d'immatriculation d\u00e9livr\u00e9s ind\u00fbment,\n\u2022 les d\u00e9cisions relatives aux mesures d'opposition \u00e0 sortie de territoire,\n\u2022 les conventions d'habilitations et d'agr\u00e9ment et les d\u00e9cisions de suspension et de  \nretrait des habilitations et agr\u00e9ments des professionnels de l'automobile,\n\u2022 les attestations relatives aux immatriculations,\n\u2022 la d\u00e9claration d'affectation ou de cessation d'affectation de v\u00e9hicules au transport  \npublic de personnes,\n\u2022 la d\u00e9livrance du num\u00e9ro d'immatriculation des v\u00e9hicules d'exploitants agricoles,\n\u2022 les  r\u00e9c\u00e9piss\u00e9s  concernant  les  d\u00e9p\u00f4ts  par  les  huissiers  des  proc\u00e8s-verbaux  \nd'indisponibilit\u00e9 de certificat d'immatriculation\n\u2022 les  actes  administratifs  du  greffe  des  associations :  bordereaux,  r\u00e9c\u00e9piss\u00e9s  et \ncorrespondances courantes non cr\u00e9atrices de droit.\nArticle 3 : En cas d'absence ou d'emp\u00eachement de  Monsieur S\u00e9bastien TRES, la d\u00e9l\u00e9gation \nqui lui est conf\u00e9r\u00e9e par l'article 2 ci-dessus sera exerc\u00e9e par Madame Julie RODDE, attach\u00e9e  \nprincipale, cheffe du bureau des collectivit\u00e9s locales.\nEn cas d'absence concomitante de Monsieur S\u00e9bastien TRES et de Madame Julie RODDE,  \nla d\u00e9l\u00e9gation est conf\u00e9r\u00e9e \u00e0 Madame Delphine HORNY, attach\u00e9e, cheffe du bureau des  \n\u00e9lections et de la r\u00e9glementation.\n3/7\nPr\u00e9fecture de la C\u00f4te-d'Or - 21-2025-10-22-00001 - Arr\u00eat\u00e9 pr\u00e9fectoral N\u00b0 1564  du 22 octobre 2025\ndonnant d\u00e9l\u00e9gation de signature \n\u00e0 M. S\u00e9bastien TRES, Directeur des collectivit\u00e9s locales et des \u00e9lections (DCLE) .\n32\nArticle 4 : \n1 - D\u00e9l\u00e9gation est donn\u00e9e \u00e0 Madame Julie RODDE , cheffe du bureau du contr\u00f4le de l\u00e9galit\u00e9  \npour :\n\u2022 Les correspondances et documents courants et bordereaux ;\n\u2022 Les lettres de demande de pi\u00e8ces compl\u00e9mentaires au titre du contr\u00f4le de l\u00e9galit\u00e9,  \n\u00e0 l'exception de :\n\u2013 celles qui concernent les collectivit\u00e9s locales des arrondissements de Beaune et \nMontbard ;\n\u2013 celles  qui  concernent  le  conseil  r\u00e9gional  de  Bourgogne-Franche-Comt\u00e9,  le \nconseil d\u00e9partemental de C\u00f4te d'Or, Dijon M\u00e9tropole, la ville de Dijon et toute  \ncollectivit\u00e9 signal\u00e9e par le secr\u00e9taire g\u00e9n\u00e9ral.\n\u2022 Tous documents relatifs aux concours financiers de l'\u00c9tat aux collectivit\u00e9s locales, \u00e0 \nla notification des taux d'imposition des quatre taxes directes locales et de la taxe  \nd'enl\u00e8vement des ordures m\u00e9nag\u00e8res (\u00e9tats n\u00b01253, n\u00b01259 et n\u00b01259 TEOM),  \nainsi que les r\u00f4les dress\u00e9s pour le recouvrement des taxes ou cotisations par les  \nassociations  fonci\u00e8res  de  remembrement  ou  par  les  associations  syndicales \nautoris\u00e9es ;\n\u2022 Les actes donnant un caract\u00e8re ex\u00e9cutoire aux r\u00e8glements conjoints de la d\u00e9cision  \nbudg\u00e9taire  modificative  des  lyc\u00e9es  de  la  r\u00e9gion  Bourgogne-Franche-Comt\u00e9  et \ncoll\u00e8ges de C\u00f4te d'Or.\n2 - D\u00e9l\u00e9gation est donn\u00e9e \u00e0 Madame Patricia LAUWERIER , cheffe du p\u00f4le du conseil et du  \ncontr\u00f4le de l\u00e9galit\u00e9 pour :\n\u2022 Les correspondances et documents courants et bordereaux ;\n\u2022 Les lettres de demande de pi\u00e8ces compl\u00e9mentaires au titre du contr\u00f4le de l\u00e9galit\u00e9,  \n\u00e0 l'exception de :\n\u2013 celles qui concernent les collectivit\u00e9s locales des arrondissements de Beaune et \nMontbard ;\n\u2013 celles  qui  concernent  le  conseil  r\u00e9gional  de  Bourgogne-Franche-Comt\u00e9,  le \nconseil d\u00e9partemental de C\u00f4te d'Or, Dijon M\u00e9tropole, la ville de Dijon et toute  \ncollectivit\u00e9 signal\u00e9e par le secr\u00e9taire g\u00e9n\u00e9ral.\n3 - D\u00e9l\u00e9gation est donn\u00e9e \u00e0  Madame Cl\u00e9mence PERNIN, cheffe du p\u00f4le des finances  \nlocales, pour :\n\u2022 Tous documents relatifs aux concours financiers de l'\u00c9tat aux collectivit\u00e9s locales, \u00e0 \nla notification des taux d'imposition des quatre taxes directes locales et de la taxe  \nd'enl\u00e8vement des ordures m\u00e9nag\u00e8res (\u00e9tats n\u00b01253, n\u00b01259 et n\u00b01259 TEOM),  \nainsi que les r\u00f4les dress\u00e9s pour le recouvrement des taxes ou cotisations par les  \nassociations  fonci\u00e8res  de  remembrement  ou  par  les  associations  syndicales \nautoris\u00e9es ;\n\u2022 Les actes donnant un caract\u00e8re ex\u00e9cutoire aux r\u00e8glements conjoints de la d\u00e9cision  \nbudg\u00e9taire  modificative  des  lyc\u00e9es  de  la  r\u00e9gion  Bourgogne-Franche-Comt\u00e9  et \ncoll\u00e8ges de C\u00f4te d'Or ;\n\u2022 Les correspondances courantes et bordereaux.\n4/7\nPr\u00e9fecture de la C\u00f4te-d'Or - 21-2025-10-22-00001 - Arr\u00eat\u00e9 pr\u00e9fectoral N\u00b0 1564  du 22 octobre 2025\ndonnant d\u00e9l\u00e9gation de signature \n\u00e0 M. S\u00e9bastien TRES, Directeur des collectivit\u00e9s locales et des \u00e9lections (DCLE) .\n33\n4 -  D\u00e9l\u00e9gation est donn\u00e9e \u00e0 Madame Isabelle AMSALLEM, charg\u00e9e de l'intercommunalit\u00e9  \net du contr\u00f4le de l\u00e9galit\u00e9, pour :\nLes bordereaux d'envoi et les correspondances courantes concernant ACTES\nArticle 5 : \n1 - D\u00e9l\u00e9gation de signature est donn\u00e9e \u00e0 Madame Delphine HORNY, cheffe du bureau des \n\u00e9lections et de la r\u00e9glementation, pour :\n\u2022 la d\u00e9livrance des r\u00e9c\u00e9piss\u00e9s provisoires et d\u00e9finitifs des d\u00e9clarations de candidature  \naux \u00e9lections politiques et professionnelles ;\n\u2022 la d\u00e9livrance des attestations ou re\u00e7us de d\u00e9claration effectu\u00e9e par les binationaux  \ndans le cadre du service national ;\n\u2022 les autorisations de transport de corps hors du territoire national ;\n\u2022 les d\u00e9cisions relatives aux inhumations hors d\u00e9lai l\u00e9gal ;\n\u2022 la d\u00e9livrance des r\u00e9c\u00e9piss\u00e9s de revendeurs d'objets mobiliers ;\n\u2022 la d\u00e9livrance des r\u00e9c\u00e9piss\u00e9s de d\u00e9claration des foires et salons ;\n\u2022 la d\u00e9livrance des cartes professionnelles de guide-conf\u00e9rencier ;\n\u2022 la d\u00e9livrance et le refus de d\u00e9livrance des cartes de conducteur de taxi, de v\u00e9hicules  \nmotoris\u00e9s  \u00e0  deux  ou  trois  roues  et  de  conducteur  de  voiture  de  transport  avec \nchauffeur ;\n\u2022 commission locale des transports publics particuliers de personnes, commission de  \nconciliation  des  baux  commerciaux,  ainsi  que  toutes  correspondances  courantes \nrelatives au fonctionnement de ces commissions ;\n\u2022 toutes correspondances courantes concernant les domaines cit\u00e9s ci-dessus, y compris  \nla l\u00e9gislation fun\u00e9raire et le domaine du tourisme,\n\u2022 tous  actes  relatifs  \u00e0  la  d\u00e9livrance  et  \u00e0  l'instruction  des  demandes  de  passeports \ntemporaires, de mission et de service,\n\u2022 le retrait des titres d'identit\u00e9, de voyage et d'immatriculation d\u00e9livr\u00e9s ind\u00fbment,\n\u2022 les d\u00e9cisions relatives aux mesures d'opposition \u00e0 sortie de territoire,\n\u2022 les conventions d'habilitation et d'agr\u00e9ment et les d\u00e9cisions de suspension et de retrait  \ndes habilitations et agr\u00e9ments des professionnels de l'automobile,\n\u2022 les attestations relatives aux immatriculations,\n\u2022 la d\u00e9claration d'affectation ou de cessation d'affectation de v\u00e9hicules au transport  \npublic de personnes,\n\u2022 les  r\u00e9c\u00e9piss\u00e9s  concernant  les  d\u00e9p\u00f4ts  par  les  huissiers  des  proc\u00e8s-verbaux  \nd'indisponibilit\u00e9 de certificat d'immatriculation\n\u2022 les  actes  administratifs  du  greffe  des  associations :  bordereaux,  r\u00e9c\u00e9piss\u00e9s  et \ncorrespondances courantes non cr\u00e9atrices de droit.\nEn l'absence de Monsieur S\u00e9bastien TRES :\n\u2022 les habilitations d'entreprises fun\u00e9raires ;\n\u2022 les arr\u00eat\u00e9s portant classement des offices de tourisme et communes touristiques ;\n\u2022 les  d\u00e9cisions  de  sanctions  disciplinaires  \u00e0  l'encontre  des  conducteurs  de  taxi,  de \nv\u00e9hicules motoris\u00e9s \u00e0 deux ou trois roues et de voiture de transport avec chauffeur ;\n5/7\nPr\u00e9fecture de la C\u00f4te-d'Or - 21-2025-10-22-00001 - Arr\u00eat\u00e9 pr\u00e9fectoral N\u00b0 1564  du 22 octobre 2025\ndonnant d\u00e9l\u00e9gation de signature \n\u00e0 M. S\u00e9bastien TRES, Directeur des collectivit\u00e9s locales et des \u00e9lections (DCLE) .\n34\n2 - D\u00e9l\u00e9gation est donn\u00e9e \u00e0 Monsieur Eric FINOT pour :\n\uf0d8 les  correspondances  courantes  n'emportant  pas  de  d\u00e9cision,  lettre-types, \ncourriers de transmission, bordereaux d'envoi dans les domaines des \u00e9lections,  \net de l'ex\u00e9cution du budget des \u00e9lections ;\n\uf0d8 la  d\u00e9livrance  des  r\u00e9c\u00e9piss\u00e9s  provisoires  et  d\u00e9finitifs  des  d\u00e9clarations  de \ncandidature aux \u00e9lections politiques et professionnelles.\n\uf0d8 la d\u00e9livrance des r\u00e9c\u00e9piss\u00e9s de d\u00e9claration de mandataires financiers.\n3  -  D\u00e9l\u00e9gation  est  donn\u00e9e  \u00e0  Madame  Agn\u00e8s  FONTENILLE,  et  \u00e0  Madame  Delphine \nCHERDON pour :\n\uf0d8 les  correspondances  courantes  n'emportant  pas  de  d\u00e9cision,  lettre-types, \ncourriers de transmission, bordereaux d'envoi dans les domaines du fun\u00e9raire,  \ndes \u00e9lections, des taxis, v\u00e9hicules motoris\u00e9s \u00e0 deux ou trois roues, v\u00e9hicules  \nde transport avec chauffeur ; \n\uf0d8 la  d\u00e9livrance  des  r\u00e9c\u00e9piss\u00e9s  provisoires  et  d\u00e9finitifs  des  d\u00e9clarations  de \ncandidature aux \u00e9lections politiques et professionnelles ;\n\uf0d8 la d\u00e9livrance des r\u00e9c\u00e9piss\u00e9s de d\u00e9claration de mandataires financiers ;\n\uf0d8 la d\u00e9livrance des cartes professionnelles de conducteur de taxi, de v\u00e9hicules  \nmotoris\u00e9s \u00e0 deux ou trois roues et des v\u00e9hicules de transport avec chauffeur.\n4 - D\u00e9l\u00e9gation est donn\u00e9e \u00e0  Madame Emmanuelle SUJOBERT, et \u00e0 Madame Christelle  \nJUREDIEU,  pour \n\u2013 les  bordereaux  d'envoi  et  les  correspondances  courantes  concernant  la  \nr\u00e9glementation des certificats d'immatriculation\n\u2013 les  r\u00e9c\u00e9piss\u00e9s  concernant  les  d\u00e9p\u00f4ts  par  les  huissiers  des  proc\u00e8s-verbaux \nd'indisponibilit\u00e9 du certificat d'immatriculation ;\n\u2013 les attestations relatives aux immatriculations ;\n\u2013 les demandes d'avis et d'enqu\u00eates ;\n\u2013 les  correspondances  li\u00e9es  aux  droits  de  communications  des  informations \nconcernant les certificats d'immatriculations ;\n\u2013 les  d\u00e9clarations  d'affectation  et  de  cessation  d'affectation  de  v\u00e9hicules  au \ntransport de public de personnes.\n\u2013 la  d\u00e9livrance  des  r\u00e9c\u00e9piss\u00e9s  provisoires  et  d\u00e9finitifs  des  d\u00e9clarations  de \ncandidature aux \u00e9lections politiques et professionnelles ;\n6/7\nPr\u00e9fecture de la C\u00f4te-d'Or - 21-2025-10-22-00001 - Arr\u00eat\u00e9 pr\u00e9fectoral N\u00b0 1564  du 22 octobre 2025\ndonnant d\u00e9l\u00e9gation de signature \n\u00e0 M. S\u00e9bastien TRES, Directeur des collectivit\u00e9s locales et des \u00e9lections (DCLE) .\n35\nArticle  6     : Le  Secr\u00e9taire  g\u00e9n\u00e9ral  de  la  Pr\u00e9fecture  de  la  C\u00f4te-d'Or,  le  Directeur  des \ncollectivit\u00e9s locales et des \u00e9lections ainsi que les agents b\u00e9n\u00e9ficiaires de la d\u00e9l\u00e9gation de  \nsignature, sont charg\u00e9s, chacun pour ce qui le concerne, de l'ex\u00e9cution du pr\u00e9sent arr\u00eat\u00e9  \nqui sera publi\u00e9 au recueil des actes administratifs de la pr\u00e9fecture de la C\u00f4te-d'Or. \nFait \u00e0 Dijon, le 22/10/25\nLe pr\u00e9fet\nSIGNE\nPaul MOURIER\n7/7\nPr\u00e9fecture de la C\u00f4te-d'Or - 21-2025-10-22-00001 - Arr\u00eat\u00e9 pr\u00e9fectoral N\u00b0 1564  du 22 octobre 2025\ndonnant d\u00e9l\u00e9gation de signature \n\u00e0 M. S\u00e9bastien TRES, Directeur des collectivit\u00e9s locales et des \u00e9lections (DCLE) .\n36","date":"2025-10-22","first_seen_on":"2025-10-22T16:14:49+00:00","id":"361d894b43f15f1875718559b93f610e40946bdeda1e38da0d59b96f6c6cfd76","name":"RAA n\u00b0 144 du 22 octobre 2025","pdf_creation_date":"2025-10-22T14:11:53+00:00","pdf_modification_date":null,"timezone":"Europe/Paris","url":"https://www.cote-dor.gouv.fr/contenu/telechargement/24510/186765/file/recueil-21-2025-144-recueil-des-actes-administratifs-special.pdf"}
