{"administration":"prefidf","administration_name":"Pr\u00e9fecture de la r\u00e9gion \u00cele-de-France","content":"PREFECTURE\nREGION ILE DE\nFRANCE\nRECUEIL DES ACTES\nADMINISTRATIFS SP\u00c9CIAL\nN\u00b0IDF-039-2025-07\nPUBLI\u00c9 LE 22 JUILLET 2025\nSommaire\nAgence R\u00e9gionale de Sant\u00e9 / Agence r\u00e9gionale de sant\u00e9\nd'Ile-de-France-D\u00e9partement affaires juridiques et march\u00e9s publics\nIDF-2025-07-18-00004 - Arr\u00eat\u00e9 DS n\u00b0024/2025 portant d\u00e9l\u00e9gation\nde signature (4 pages) Page 3\nChambre de commerce et d'industrie de r\u00e9gion Paris - \u00cele-de-France /\nIDF-2025-07-01-00011 - D\u00e9l\u00e9gation de signature - Diverses  (3 pages) Page 8\nIDF-2025-07-01-00012 - D\u00e9l\u00e9gation de signature - Engagement\nd\u00e9penses et recettes (4 pages) Page 12\nIDF-2025-07-01-00013 - D\u00e9l\u00e9gation de signature - Enseignement et\nformations  (3 pages) Page 17\nIDF-2025-07-01-00014 - D\u00e9l\u00e9gation de signature - March\u00e9s publics (2\npages) Page 21\nIDF-2025-07-01-00015 - D\u00e9l\u00e9gation de signature - R\u00e9ponse aux appels\n\u00e0 concurrence  (2 pages) Page 24\nIDF-2025-07-01-00016 - D\u00e9l\u00e9gation de signature - RH (4 pages) Page 27\nRectorat de la r\u00e9gion acad\u00e9mique d'Ile-de-France, rectorat de\nl'acad\u00e9mie de Paris /\nIDF-2025-04-10-00025 - Arr\u00eat\u00e9 n\u00b0 2025-025-RRA portant\nsubd\u00e9l\u00e9gation de signature de Mme C\u00e9cile NICOL, d\u00e9l\u00e9gu\u00e9e\nr\u00e9gionale acad\u00e9mique \u00e0 la jeunesse, \u00e0 l'engagement et aux sports\n(DRAJES), en mati\u00e8re administrative (3 pages) Page 32\nIDF-2025-07-11-00005 - Arr\u00eat\u00e9 n\u00b0 2025-121-RA relatif \u00e0 l'enseignement\nscolaire de l'acad\u00e9mie de Paris portant d\u00e9l\u00e9gation de signature de la\nRectrice de la r\u00e9gion acad\u00e9mique Ile-de France, Rectrice de\nl'acad\u00e9mie de Paris \u00e0 ses chefs de service (3 pages) Page 36\n2\nAgence R\u00e9gionale de Sant\u00e9\nIDF-2025-07-18-00004\nArr\u00eat\u00e9 DS n\u00b0024/2025 portant d\u00e9l\u00e9gation de\nsignature\nAgence R\u00e9gionale de Sant\u00e9 - IDF-2025-07-18-00004 - Arr\u00eat\u00e9 DS n\u00b0024/2025 portant d\u00e9l\u00e9gation de signature 3\nEzREPUBLIQUEFRANCAISELibert\u00e9Egalit\u00e9Fraternit\u00e9\n\u00a9 \u00bb Agence R\u00e9gionale de Sant\u00e9Ile-de-France\n \n \n 1/4 \n \n \n         \n \n \nAGENCE R\u00c9GIONALE DE SANT\u00c9 \u00ceLE-DE-FRANCE \nARR\u00caT\u00c9 DS N\u00b0024/2025 \nportant d\u00e9l\u00e9gation de signature \n \nLE DIRECTEUR G\u00c9N\u00c9RAL DE L'AGENCE R\u00c9GIONALE DE SANT\u00c9 \u00ceLE-DE-FRANCE \n \n \n \nVU  le code de la sant\u00e9 publique et notamment le titre III du livre IV de la premi\u00e8re partie, consacr\u00e9 \naux Agences r\u00e9gionales de sant\u00e9 ; \nVU  le code de l'action sociale et des familles ; \nVU  le code de la s\u00e9curit\u00e9 sociale ; \nVU le code du travail ; \nVU  le code de la d\u00e9fense ; \nVU  le code de l'environnement ; \nVU  le d\u00e9cret du 10 avril 2024 portant nomination de Monsieur Denis ROBIN, Directeur g\u00e9n\u00e9ral de \nl'Agence r\u00e9gionale de sant\u00e9 \u00cele-de-France, \u00e0 compter du 29 avril 2024 ; \n \n \nCONSID\u00c9RANT  les centres de responsabilit\u00e9 budg\u00e9taires (ci-apr\u00e8s d\u00e9nomm\u00e9s CRB) entre \nlesquels sont r\u00e9partis les autorisations d'engagements et cr\u00e9dits de paiements \nbudg\u00e9taires allou\u00e9s \u00e0 l'Agence r\u00e9gionale de sant\u00e9 \u00cele-de-France : \n \n\u2192 CRB Pilotage ci-apr\u00e8s d\u00e9nomm\u00e9 CRB PILOT ; \n\u2192 CRB Moyens g\u00e9n\u00e9raux ci-apr\u00e8s d\u00e9nomm\u00e9 CRH MG ; \n\u2192 CRB Ressources Humaines ci-apr\u00e8s d\u00e9nomm\u00e9 CRB RH ; \n\u2192 CRB Juridique ci-apr\u00e8s d\u00e9nomm\u00e9 CRB JURIS ; \n\u2192 CRB Informatique ci-apr\u00e8s d\u00e9nomm\u00e9 CRB SI ; \n\u2192 CRB Innovation, recherche et transformation num\u00e9rique ci -apr\u00e8s d\u00e9nomm\u00e9 \nCRB DINOV ; \n\u2192 CRB Veille et s\u00e9curit\u00e9 sanitaires ci-apr\u00e8s d\u00e9nomm\u00e9 CRB DVSS ; \n\u2192 CRB Sant\u00e9 publique ci-apr\u00e8s d\u00e9nomm\u00e9 CRB DSP ; \n\u2192 CRB Offre de soins ci-apr\u00e8s d\u00e9nomm\u00e9 CRB DOS ; \n\u2192 CRB Autonomie ci-apr\u00e8s d\u00e9nomm\u00e9 CRB DA ; \n\u2192 CRB D\u00e9mocratie sanitaire ci-apr\u00e8s d\u00e9nomm\u00e9 CRB DEMOS ; \n\u2192 CRB Communication ci-apr\u00e8s d\u00e9nomm\u00e9 CRB COM ; \n\u2192 CRB D\u00e9l\u00e9gation de Paris ci-apr\u00e8s d\u00e9nomm\u00e9 CRB DD75 ; \n\u2192 CRB D\u00e9l\u00e9gation de Seine-et-Marne ci-apr\u00e8s d\u00e9nomm\u00e9 CRB DD77 ; \n\u2192 CRB D\u00e9l\u00e9gation des Yvelines ci-apr\u00e8s d\u00e9nomm\u00e9 CRB DD78 ; \n\u2192 CRB D\u00e9l\u00e9gation de l'Essonne ci-apr\u00e8s d\u00e9nomm\u00e9 CRB DD91 ; \n\u2192 CRB D\u00e9l\u00e9gation des Hauts-de-Seine ci-apr\u00e8s d\u00e9nomm\u00e9 CRB DD92 ; \n\u2192 CRB D\u00e9l\u00e9gation de Seine-Saint-Denis ci-apr\u00e8s d\u00e9nomm\u00e9 CRB DD93 ; \n\u2192 CRB D\u00e9l\u00e9gation du Val-de-Marne ci-apr\u00e8s d\u00e9nomm\u00e9 CRB DD94 ; \n\u2192 CRB D\u00e9l\u00e9gation du Val-d'Oise ci-apr\u00e8s d\u00e9nomm\u00e9 CRB DD95 ; \n  \nAgence R\u00e9gionale de Sant\u00e9 - IDF-2025-07-18-00004 - Arr\u00eat\u00e9 DS n\u00b0024/2025 portant d\u00e9l\u00e9gation de signature 4\n \n \n2/4 \n \n \nARRETE \n \n \nARTICLE 1er \n \n1.1 D\u00e9l\u00e9gation est donn\u00e9e \u00e0 Monsieur \u00c9ric VECHARD, Directeur de la d\u00e9l\u00e9gation d\u00e9partementale du \nVal-de-Marne, \u00e0 effet de signer, pour la d\u00e9l\u00e9gation d\u00e9partementale du Val-de-Marne, tout acte \nunilat\u00e9ral ou convention , co ncernant le d\u00e9partement du Val -de-Marne et relatifs aux domaines \nsuivants : \n \n- Ambulatoire et services aux professionnels de sant\u00e9 \n- Etablissements et services de sant\u00e9 \n- \u00c9tablissements et services m\u00e9dico-sociaux \n- Pr\u00e9vention et promotion de la sant\u00e9 \n- Veille et s\u00e9curit\u00e9 sanitaires \n- D\u00e9mocratie en sant\u00e9 et inspections. \n \n1.2 Cette d\u00e9l\u00e9gation inclut : \na. La signature de tous les actes ou pi\u00e8ces, relatifs aux proc\u00e9dures contentieuses relevant des actes \nfaisant grief, dans les domaines vis\u00e9s ci-dessus et la d\u00e9signation des agents, plac\u00e9s sous son \nautorit\u00e9, charg\u00e9s d'assurer la repr\u00e9sentation du Directeur g\u00e9n\u00e9ral de l'Agence r\u00e9gionale de sant\u00e9 \n\u00cele-de-France \u00e0 l'audience dans le cadre desdites proc\u00e9dures ; \nb. La signature de tous les actes valant engagement juridique inf\u00e9rieur ou \u00e9gal \u00e0 deux cent cinquante \nmille euros (250 000 \u20ac) dans le cadre exclusif des autorisations d'engagement notifi\u00e9es au CRB \nDD94, pour les actes relevant de l'enveloppe d'intervention du budget annexe ; \nc. La signature des  ordres de payer donn\u00e9 s au comptable, dans le cadre exclusif des cr\u00e9dits de \npaiement allou\u00e9s au CRB DD94. \n \n \nARTICLE 2 \n \nDemeurent r\u00e9serv\u00e9s \u00e0 la signature du Directeur g\u00e9n\u00e9ral de l'Agence r\u00e9gionale de sant\u00e9 \u00cele -de-France : \n \n- Les actes de saisine du tribunal administratif et de la chambre r\u00e9gionale des comptes d'\u00cele-de-France, \n- Concernant les \u00e9tablissements et services prenant en charge les personnes \u00e2g\u00e9es et les personnes en \nsituation de handicap, les arr\u00eat\u00e9s autorisant la cr\u00e9ation d'\u00e9tablissements et services, les projets \nd'extension sup\u00e9rieure \u00e0 30% des capacit\u00e9s install\u00e9 es au sens des dispositions de l'article L.313 -1-1 \ndu CASF, la cession d'autorisation ainsi que les actes pronon\u00e7ant la mise sous administration provisoire \nd'\u00e9tablissements, \n- Les arr\u00eat\u00e9s d'autorisation, de modification, de transfert ou de cessation d'activit\u00e9 de toutes les autres \nstructures relevant de la comp\u00e9tence de l'Agence r\u00e9gionale de sant\u00e9 \u00cele -de-France, \u00e0 l'exception de \nceux relatifs aux officines de pharmacie, aux labo ratoires de biologie m\u00e9dicale et aux soci\u00e9t\u00e9s de \ntransport sanitaire, \n- Les correspondances adress\u00e9es au Pr\u00e9sident de la R\u00e9publique, aux Ministres, aux membres du \nGouvernement, aux Parlementaires et aux Pr\u00e9sidents des conseils r\u00e9gionaux et d\u00e9partementaux.  \n \n \nARTICLE 3 \n \nEn cas d'absence ou d'emp\u00eachement du Directeur de la d\u00e9l\u00e9gation d\u00e9partementale  du Val-de-Marne, \nd\u00e9l\u00e9gation de signature est donn\u00e9e \u00e0 Monsieur Matthieu BOUSSARIE, Directeur adjoint de la d\u00e9l\u00e9gation \nd\u00e9partementale du Val -de-Marne, pour les m\u00eames actes et domaines d'intervention que ceux vis\u00e9s \u00e0 \nl'article 1er. \n  \nAgence R\u00e9gionale de Sant\u00e9 - IDF-2025-07-18-00004 - Arr\u00eat\u00e9 DS n\u00b0024/2025 portant d\u00e9l\u00e9gation de signature 5\n \n \n3/4 \n \n \nARTICLE 4 \n \nEn cas d'absence ou d'emp\u00eachement du Directeur de la d\u00e9l\u00e9gation d\u00e9partementale d u Val-de-Marne et \nde son adjoint, d\u00e9l\u00e9gation de signature est donn\u00e9e aux responsables de d\u00e9partement cit\u00e9s ci-apr\u00e8s, dans \nla limite de la comp\u00e9tence de leur d\u00e9partement, \u00e0 l'exclusion des actes financiers (engagements et ordres \nde payer) vis\u00e9s \u00e0 l'article 1.2 b et 1.2 c : \n \nNom des cadres et qualit\u00e9 Mati\u00e8res et domaines concern\u00e9s \nMonsieur Cl\u00e9ment BASSI, responsable d u d\u00e9partement \nsant\u00e9 environnement -d\u00e9fense s\u00e9curit\u00e9 \nVeille et s\u00e9curit\u00e9 sanitaires \nMadame Chrystelle BERTHON, responsable d u \nd\u00e9partement pr\u00e9vention et promotion de la sant\u00e9 \nPr\u00e9vention et promotion de la sant\u00e9 \nMadame Olivia BREDIN, responsable d u d\u00e9partement \nautonomie \nEtablissements et services m\u00e9dico-sociaux \nMonsieur R\u00e9gis GARDIN, responsable d u d\u00e9partement \noffre de soins \nAmbulatoire et services aux professionnels \nde sant\u00e9 \nEtablissements et services de sant\u00e9 \n \n \nARTICLE 5 \n \nEn cas d'absence ou d'emp\u00eachement simultan\u00e9 du Directeur et du Directeur adjoint de la d\u00e9l\u00e9gation \nd\u00e9partementale du Val-de-Marne et des responsables de d\u00e9partement, d\u00e9l\u00e9gation de signature est donn\u00e9e \naux agents suivants, dans la limite de la comp\u00e9tence de leur direction et d\u00e9partement d'affectation , \u00e0 \nl'exclusion des actes financiers (engagements et ordres de payer) vis\u00e9s \u00e0 l'article 1.2 b et 1.2 c  : \n \nNom des agents Domaines concern\u00e9s \nMadame Alice PUECH -PECOT, adjoint e de la  \nresponsable du d\u00e9partement pr\u00e9vention et promotion de \nla sant\u00e9 \nPr\u00e9vention et promotion de la sant\u00e9 \nMadame Marjorie BROU , adjoint e du responsable d u \nd\u00e9partement sant\u00e9 environnement -d\u00e9fense s\u00e9curit\u00e9 \nSant\u00e9 environnement \u2013 d\u00e9fense s\u00e9curit\u00e9 \nMadame C\u00e9line TURREL, adjointe de la responsable du \nd\u00e9partement autonomie \nEtablissements et services m\u00e9dico-sociaux \nMonsieur Renaud BRAY , adjoint du responsable d u \nd\u00e9partement offre de soins \nAmbulatoire et services aux professionnels \nde sant\u00e9 \nEtablissements et services de sant\u00e9 \nMadame Caroline CASSONNET Sant\u00e9 environnement \u2013 d\u00e9fense s\u00e9curit\u00e9 \nMonsieur Emmanuel IBI Sant\u00e9 environnement \u2013 d\u00e9fense s\u00e9curit\u00e9 \nMonsieur Walid TOUIL Sant\u00e9 environnement \u2013 d\u00e9fense s\u00e9curit\u00e9 \nMonsieur Mayoro Kebe MANE Sant\u00e9 environnement \u2013 d\u00e9fense s\u00e9curit\u00e9 \nMadame Hinda MILLIEZ Sant\u00e9 environnement \u2013 d\u00e9fense s\u00e9curit\u00e9 \n \n \nARTICLE 6 \n \nD\u00e9l\u00e9gation de signature est donn\u00e9e \u00e0 Madame Laureen JALLAMION, Directrice de la d\u00e9l\u00e9gation \nd\u00e9partementale du Val-d'Oise, \u00e0 effet de signer, tous les actes relatifs au domaine des eaux conditionn\u00e9es, \nrelevant de la comp\u00e9tence de l'Agence r\u00e9gionale de sant\u00e9 \u00cele-de-France. \n \nEn cas d'absence ou d'emp\u00eachement de la Directrice de la d\u00e9l\u00e9gation d\u00e9partementale du Val-d'Oise, la \nd\u00e9l\u00e9gation qui lui est conf\u00e9r\u00e9e est donn\u00e9e, dans le domaine pr\u00e9cit\u00e9, \u00e0 Monsieur Pierre MARECHAL, \nDirecteur adjoint de la d\u00e9l\u00e9gation d\u00e9partementale du Val-d'Oise. \n  \nAgence R\u00e9gionale de Sant\u00e9 - IDF-2025-07-18-00004 - Arr\u00eat\u00e9 DS n\u00b0024/2025 portant d\u00e9l\u00e9gation de signature 6\n \n \n4/4 \n \n \nEn cas d'absence ou d'emp\u00eachement de la Directrice et du Directeur adjoint de la d\u00e9l\u00e9gation \nd\u00e9partementale du Val-d'Oise, d\u00e9l\u00e9gation de signature est donn\u00e9e, dans le domaine pr\u00e9cit\u00e9, \u00e0 : \n \n- Monsieur Judica\u00ebl LAPORTE, d\u00e9partement sant\u00e9 environnement \n- Madame Helen LE GUEN, d\u00e9partement sant\u00e9 environnement \n- Madame Astrid REVILLON, d\u00e9partement sant\u00e9 environnement. \n \n \nARTICLE 7 \n \nL'arr\u00eat\u00e9 DS N\u00b0009/2025 du 7 avril 2025 portant d\u00e9l\u00e9gation de signature du Directeur g\u00e9n\u00e9ral de l'Agence \nr\u00e9gionale de sant\u00e9 \u00cele-de-France est abrog\u00e9. \n \n \nARTICLE 8 \n \nLe Directeur de la d\u00e9l\u00e9gation d\u00e9partementale du Val-de-Marne est charg\u00e9 de l'ex\u00e9cution du pr\u00e9sent arr\u00eat\u00e9 \nqui sera publi\u00e9 au recueil des actes administratifs de la pr\u00e9fecture de la r\u00e9gion  d'\u00cele-de-France et du Val-\nde-Marne. \n \nLa Directrice de la d\u00e9l\u00e9gation d\u00e9partementale du Val -d'Oise est charg\u00e9e, pour ce qui la concerne, de \nl'ex\u00e9cution du pr\u00e9sent arr\u00eat\u00e9 qui sera publi\u00e9 au recueil des actes administratifs de la pr\u00e9fecture du Val-\nd'Oise. \n \nFait \u00e0 Saint-Denis, le 18 juillet 2025 \n \nLe Directeur g\u00e9n\u00e9ral \nde l'Agence r\u00e9gionale de sant\u00e9 \n\u00cele-de-France \n \n \n \nDenis ROBIN \n \nAgence R\u00e9gionale de Sant\u00e9 - IDF-2025-07-18-00004 - Arr\u00eat\u00e9 DS n\u00b0024/2025 portant d\u00e9l\u00e9gation de signature 7\nChambre de commerce et d'industrie de r\u00e9gion\nParis - \u00cele-de-France\nIDF-2025-07-01-00011\nD\u00e9l\u00e9gation de signature - Diverses \nChambre de commerce et d'industrie de r\u00e9gion Paris - \u00cele-de-France - IDF-2025-07-01-00011 - D\u00e9l\u00e9gation de signature - Diverses 8\nCG CCI PARIS ILE-DE-FRANCE\n*\n*\naes\n \nLe Pr\u00e9sident \n \n Page 1 sur 3 \nChambre de commerce et d'industrie de r\u00e9gion Paris Ile-de-France \n27 avenue de Friedland | 75382 Paris cedex 08 \nT. 01 55 65 44 44 (prix d'un appel local) |  www.cci-paris-idf.fr \n \nD\u00c9CISION \nLe pr\u00e9sident de la Chambre de commerce et d'industrie de r\u00e9gion Paris - \u00cele-de-France, \n\u2b9a vu l'article R. 711-68 du code de commerce, \n\u2b9a vu le r\u00e8glement int\u00e9rieur, \nD\u00e9cide : \nSur proposition du directeur g\u00e9n\u00e9ral, \nArticle 1 \n1. De donner d\u00e9l\u00e9gation de signature aux collaborateurs ci-apr\u00e8s d\u00e9nomm\u00e9s, \u00e0 l'effet de pouvoir signer, dans \nle respect des tarifs et des conventions -type d\u00fbment \u00e9tablis \u00e0 cet effet, les conventions portant location \nde salles situ\u00e9es dans les locaux d\u00e9finis dans le tab leau ci -apr\u00e8s, pour des occupations d'une dur\u00e9e \ninf\u00e9rieure ou \u00e9gale \u00e0 5 jours. \nnom fonction \nen cas d'absence ou d'emp\u00eachement \nlocaux \nnom fonction \nDamien WALKER directeur g\u00e9n\u00e9ral \nd\u00e9l\u00e9gu\u00e9 \nd\u00e9partemental de la \nCCI Paris \nIbtissam HENANE responsable \nadministrative, \nfinanci\u00e8re, \nlogistique \nlocaux CCI situ\u00e9s au 2 \nplace de la bourse \u00e0 \nParis \nMaxime GARRETA directeur g\u00e9n\u00e9ral \nd\u00e9l\u00e9gu\u00e9 \nd\u00e9partemental par \nint\u00e9rim de la CCI \nVersailles-Yvelines \nVal\u00e9rie MARILLAT directrice des \nop\u00e9rations \nlocaux CCI situ\u00e9s aux 21-\n23-25 avenue de Paris \u00e0 \nVersailles \nBernard CAYOL directeur g\u00e9n\u00e9ral \nd\u00e9l\u00e9gu\u00e9 \nd\u00e9partemental de la \nCCI Seine-Saint-Denis \nNadia VALENTE-\nGUIDIS \n \nJean-Daniel GIL  \ndirectrice des \nop\u00e9rations \n \nresponsable p\u00f4le \nfonctionnel \nlocaux CCI situ\u00e9s au 191 \navenue Paul-Vaillant \nCouturier \u00e0 Bobigny \nMarie REIS DE \nBRAGELONGNE \ndirectrice g\u00e9n\u00e9rale \nd\u00e9l\u00e9gu\u00e9e \nd\u00e9partementale de la \nCCI Val-de-Marne \nMattieu \nDESPERBASQUE \ndirecteur des \nop\u00e9rations \nlocaux CCI situ\u00e9s 8 place \nSalvador Allende \u00e0 \nCr\u00e9teil \nLaure DUBOIS-\nIMBERY \ndirectrice g\u00e9n\u00e9rale \nd\u00e9l\u00e9gu\u00e9e \nd\u00e9partementale de la \nCCI Val-d'Oise \nMaureen \nDUJONCQUOY \ndirectrice des \nop\u00e9rations \nlocaux CCI situ\u00e9s au 35 \nboulevard du Port \u00e0 \nCergy \nArticle 2 - gestion des fonds europ\u00e9ens \nDe donner d\u00e9l\u00e9gation de signature \u00e0 Herv\u00e9 PARCINEAU directeur de l'organisme interm\u00e9diaire, en charge de la \ngestion des fonds europ\u00e9ens d\u00e9l\u00e9gu\u00e9s par l'autorit\u00e9 de gestion (la r\u00e9gion \u00cele- de-France), \u00e0 effet de signer tous \nles actes de gestion des cr\u00e9dits FEDER et FSE, \u00e0 savoir : \nChambre de commerce et d'industrie de r\u00e9gion Paris - \u00cele-de-France - IDF-2025-07-01-00011 - D\u00e9l\u00e9gation de signature - Diverses 9\n2 a\nwae\nwae\n \n \n  Page 2 sur 3 \n \n\u25cf au titre des op\u00e9rations relevant des cr\u00e9dits d'intervention : \n- la notification des d\u00e9cisions du comit\u00e9 de programmation des fonds de la Chambre de commerce \net d'industrie Paris \u00cele -de-France, instance technique compos\u00e9e de membres de son assembl\u00e9e \ng\u00e9n\u00e9rale, \n- la convention de mise en \u0153uvre de l'aide, \n- la modification du montant de l'aide par voie d'avenant, \n- la notification du paiement de l'aide, \n- et de mani\u00e8re plus g\u00e9n\u00e9rale, tout acte de gestion, de suivi administratif, technique et financier et \nde contr\u00f4le des cr\u00e9dits de la subvention globale, \n \n\u25cf au titre des op\u00e9rations relevant des cr\u00e9dits d'assistance technique : \n- la demande d'aide, \n- la demande de paiement. \n \nEn cas d'absence ou d'emp\u00eachement, Imane OURRAOUI, charg\u00e9e de Mission Financement et Partenariat au sein \nde l'organisme interm\u00e9diaire, re\u00e7oit d\u00e9l\u00e9gation de signature dans les m\u00eames conditions. \nArticle 3 \u2013 d\u00e9p\u00f4t l\u00e9gal \nDe donner d\u00e9l\u00e9gation de signature aux collaborateurs suivants, dans la limite de leurs attributions \u00e0 effet de \nsigner tout acte n\u00e9cessaire aux formalit\u00e9s du d\u00e9p\u00f4t l\u00e9gal : \n \nnom fonction \nen cas d'absence ou d'emp\u00eachement \nnom fonction \nFrance MOROT-\nVIDELAINE  \ndirectrice g\u00e9n\u00e9rale adjointe \npartenariats, observations, \nprospective, \u00e9tudes \nLaurent TRILLES directeur de projet DGA \nPOPE \nChristian BOYER directeur g\u00e9n\u00e9ral adjoint en charge du \nd\u00e9veloppement commercial et du \nservices aux entreprises \nCynthia LESTABLE \n(\u00e0 compter du 21 \nao\u00fbt 2025) \ndirectrice commerciale & \nmarketing \nPierre MONGRUE  directeur g\u00e9n\u00e9ral adjoint CCI \ninternational Paris Ile-de-France \nChristophe \nBELLANGER \ndirecteur adjoint au DGA \nEva QUICKERT-MENZEL directrice de la communication   \nC\u00e9cile ECALLE directrice de l'apprentissage   \n \nArticle 4 \u2013 carte d'agent immobilier \nDe donner d\u00e9l\u00e9gation de signature aux collaborateurs dont les noms suivent \u00e0 effet de signer : \n\u25cf les demandes de pr\u00e9-contr\u00f4le, \n\u25cf les rejets de demande , \n\u25cf les notifications de radiation de carte suite \u00e0 une cessation d'assurance ou \u00e0 une cessation garantie ; \n\u25cf les confirmations de la suppression du fichier national sans r\u00e9ponse dans les 30 jours suite \u00e0 une cessation \nd'assurance ou \u00e0 une cessation de garantie , \n\u25cf ainsi que tout autre document relatif aux cartes d'agent immobilier pr\u00e9vues \u00e0 l'article 3 de la loi n\u00b0 70-9 du \n2 janvier 1970 r\u00e9glementant les conditions d'exercice des activit\u00e9s relatives \u00e0 certaines op\u00e9rations portant \nsur les immeubles et les fonds de commerce, \u00e0 l'exception des cartes elles-m\u00eames. \nPauline FERRERO,  responsable D\u00e9partement des \nformalit\u00e9s et de l'information juridique  \nCynthia CLEUET, responsable CFPI Isabelle CARRIERRE, \ncharg\u00e9e de mission  \nMarianne CHIRONNIER, chef de projet ma\u00eetrise d'\u0153uvre  \nMarie-Anne DEMACHY, assistante Emilie FARAJI, \nassistante  \nM\u00e9lina GUINTA, charg\u00e9e administrative  \nGa\u00eblle BOUHET, conseiller \nSakina FOUNDI HAMON, conseiller  \nSylvain GISCLARD, conseiller  \nSandrine GORDINHO, conseiller  \nNassur ISMAIL, conseiller  \nFatima EL MEDE, conseiller Sylvie PARIS, conseiller  \nAlix REMON, conseiller  \nChristiane TAILLANDIER, conseiller  \nSophie Ndeye THIAM, conseiller  \nSalah TIGHECHIT, conseiller  \nChambre de commerce et d'industrie de r\u00e9gion Paris - \u00cele-de-France - IDF-2025-07-01-00011 - D\u00e9l\u00e9gation de signature - Diverses 10\non\n \n \n  Page 3 sur 3 \nKarnelle BAFIBA, conseiller  \nAugusta CAMARA, conseiller \nMaryline TREHEUX, conseiller \n \nArticle 5 \u2013 certification conforme \n1. De donner d\u00e9l\u00e9gation de signature \u00e0 France MOROT -VIDELAINE, directrice g\u00e9n\u00e9rale adjointe Partenariats, \nObservations, Prospective, \u00e9tudes , pour la certification conforme des proc\u00e8s -verbaux d'assembl\u00e9e \ng\u00e9n\u00e9rale, de bureau et des d\u00e9cisions sign\u00e9es par le pr\u00e9sident de la Chambre de commerce et d'industrie \nde r\u00e9gion Paris - \u00cele-de-France. En cas d'absence ou d'emp\u00eachement, Sophie MC-CRACKEN, responsable du \np\u00f4le vie des instances, re\u00e7oit d\u00e9l\u00e9gation de signature dans les m\u00eames conditions. \n2. De donner d\u00e9l\u00e9gation de signature \u00e0 Nathalie PIERRE, directeur g\u00e9n\u00e9ral  adjoint en charge des Finances et \nParticipations pour la certification conforme des copies des rapports des commissaires aux comptes de la \nChambre de commerce et d'industrie de r\u00e9gion Paris - \u00cele-de-France, des copies du DC7 et \u00e0 effet de signer \ntoute r\u00e9clamation pr\u00e9contentieuse ou gracieuse aupr\u00e8s de l'administration fiscale, ainsi que les re\u00e7us \nfiscaux en cas de dons. \nArticle 6 \u2013 avis relatifs aux demandes de naturalisation \nDe donner d\u00e9l\u00e9gation \u00e0 France MOROT- VIDELAINE, directrice g\u00e9n\u00e9rale adjointe Partenariats, Observations, \nProspective, \u00e9tudes, \u00e0 l'effet de signer les avis de la CCI Paris \u2013 \u00cele-de-France se rapportant aux demandes de \nnaturalisation de commer\u00e7ants ou de chefs d'entreprises commerciales, tel que requis par les pouvoirs publics \nau titre de la r\u00e9glementation en vigueur. \nEn cas d'absence ou d'emp\u00eachement, Christian BOYER, re\u00e7oit d\u00e9l\u00e9gation de signature dans les m\u00eames \nconditions. \nArticle 7 \u2013 contrat de domiciliation \nDe donner d\u00e9l\u00e9gation de signature aux personnes dont les noms suivent afin de proc\u00e9der \u00e0 la signature et \u00e0 \nl'enregistrement des contrats de domiciliation. \nnom fonction \nen cas d'absence ou d'emp\u00eachement \nnom fonction \n  H\u00e9l\u00e8ne RENAUD  \n \nCCID 94 CFE \nconseill\u00e8re formalit\u00e9s \nR\u00e9gis LAPLANE  \n \nresponsable service Appui aux \nentreprises CCID 95 \nArnaud \nGUILLAUMEAU  \nconseiller formalit\u00e9s  \nCCID 95 \n \nLa pr\u00e9sente d\u00e9cision sera publi\u00e9e au recueil des actes administratifs de la R\u00e9gion Ile-de-France ainsi que sur le \nsite Internet de la Chambre de commerce et d'industrie de r\u00e9gion Paris - \u00cele-de-France et se substitue \u00e0 toute \nautre d\u00e9l\u00e9gation relevant de domaine identique. \n \nFait \u00e0 Paris, le 1er juillet 2025 \nSign\u00e9 \n \nDominique RESTINO \n \n \n \n \nDiffusion : \nSur le site www.cci-paris-idf.fr \nRecueil des actes administratifs de la pr\u00e9fecture de r\u00e9gion Ile -de-France  \nChambre de commerce et d'industrie de r\u00e9gion Paris - \u00cele-de-France - IDF-2025-07-01-00011 - D\u00e9l\u00e9gation de signature - Diverses 11\nChambre de commerce et d'industrie de r\u00e9gion\nParis - \u00cele-de-France\nIDF-2025-07-01-00012\nD\u00e9l\u00e9gation de signature - Engagement d\u00e9penses\net recettes\nChambre de commerce et d'industrie de r\u00e9gion Paris - \u00cele-de-France - IDF-2025-07-01-00012 - D\u00e9l\u00e9gation de signature - Engagement\nd\u00e9penses et recettes 12\nle\nla\n \nLe Pr\u00e9sident \n \n   1 sur 4 \n \nChambre de commerce et d'industrie de r\u00e9gion Paris Ile-de-France \n27 avenue de Friedland | 75382 Paris cedex 08 | T. 01 55 65 71 00 (appel direct) \nT. 01 55 65 44 44 (prix d'un appel local) | www.cci-paris-idf.fr \nD\u00c9CISION \nLe pr\u00e9sident de la Chambre de commerce et d'industrie de r\u00e9gion Paris - Ile-de-France, \n\u2b9a vu l'articles R. 711-68 du code de commerce, \n\u2b9a vu le cadre OBCF du r\u00e9seau des CCI approuv\u00e9 par la tutelle le 14 novembre 2022, \nD\u00e9cide : \nSur proposition du directeur g\u00e9n\u00e9ral, \nde donner d\u00e9l\u00e9gation de signature aux collaborateurs suivants, dans la limite de leurs attributions et des \nbudgets notifi\u00e9s \u00e0 effet de signer : \n1. les engagements de d\u00e9penses, \n2. les actes dont d\u00e9coule une cr\u00e9ance (devis et/ou accord d'une remise) \ndans les conditions d\u00e9finies ci-apr\u00e8s : \n \nnom fonction \nen cas d'absence ou d'emp\u00eachement \nsoci\u00e9t\u00e9s \ncentres \nfinanciers \nd\u00e9penses ou \nrecettes \nnom fonction   \nchambres de commerce et d'industrie d\u00e9partementales \nDamien WALKER directeur g\u00e9n\u00e9ral \nd\u00e9l\u00e9gu\u00e9 \nd\u00e9partemental de la \nCCI Paris \nIbtissam HENANE responsable \nadministrative, \nfinanci\u00e8re, \nlogistique \nsoci\u00e9t\u00e9 n\u00b0 1310 \nCF : tous \nd\u00e9penses et \nrecettes \nMaxime \nGARRETA \ndirecteur g\u00e9n\u00e9ral \nd\u00e9l\u00e9gu\u00e9 \nd\u00e9partemental par \nint\u00e9rim de la CCI \nVersailles-Yvelines \nVal\u00e9rie MARILLAT directrice des \nop\u00e9rations \nsoci\u00e9t\u00e9 n\u00b0 1380 \nCF : tous \nd\u00e9penses et \nrecettes \nWilliam PROST directeur g\u00e9n\u00e9ral \nd\u00e9l\u00e9gu\u00e9 \nd\u00e9partemental de la \nCCI Hauts-de-Seine \n\u00c9liette ROSELL directrice des \nop\u00e9rations \nsoci\u00e9t\u00e9 n\u00b0 1320 \nCF : tous \nd\u00e9penses et \nrecettes \nJean-Baptiste \nPORTEFAIX  \n \nresponsable \nadministratif, \nfinancier et \nlogistique \nBernard CAYOL directeur g\u00e9n\u00e9ral \nd\u00e9l\u00e9gu\u00e9 \nd\u00e9partemental de la \nCCI Seine-Saint-\nDenis  \nNadia VALENTE directrice des \nop\u00e9rations \nsoci\u00e9t\u00e9 n\u00b0 1330 \nCF : tous \nd\u00e9penses et \nrecettes \nJean-Daniel GIL responsable p\u00f4le \nfonctionnel \nMarie REIS DE \nBRAGELONGNE \ndirectrice g\u00e9n\u00e9rale \nd\u00e9l\u00e9gu\u00e9e \n  soci\u00e9t\u00e9 n\u00b0 1340 \nCF : tous \nd\u00e9penses et \nrecettes \nChambre de commerce et d'industrie de r\u00e9gion Paris - \u00cele-de-France - IDF-2025-07-01-00012 - D\u00e9l\u00e9gation de signature - Engagement\nd\u00e9penses et recettes 13\n \n \n \nPage 2 sur 4 \nd\u00e9partementale de \nla CCI Val-de-Marne  \nLaure DUBOIS-\nIMBERY \n \n \ndirectrice g\u00e9n\u00e9rale \nd\u00e9l\u00e9gu\u00e9e \nd\u00e9partementale de \nla CCI Val-d'Oise \nMaureen \nDUJONCQUOY \ndirectrice des \nop\u00e9rations \nsoci\u00e9t\u00e9 n\u00b0 1350 \nCF : tous \nd\u00e9penses et \nrecettes \nVal\u00e9rie \nMARSAULT \ncharg\u00e9e de \nmission finances \ndirections g\u00e9n\u00e9rales et directions rattach\u00e9es \nJacques GARAU  directeur g\u00e9n\u00e9ral \nd\u00e9l\u00e9gu\u00e9 \nLo\u00efc CHOUIN directeur de \nprojet \nsoci\u00e9t\u00e9 n\u00b0 1110 \nCF : C411 \nd\u00e9penses et \nrecettes \nJacques GARAU directeur g\u00e9n\u00e9ral \nd\u00e9l\u00e9gu\u00e9 \n  soci\u00e9t\u00e9 \nn\u00b01920 domaine \ninformatique \nd\u00e9penses \nJacques GARAU directeur g\u00e9n\u00e9ral \nd\u00e9l\u00e9gu\u00e9 \nHerv\u00e9 PARCINEAU  directeur de la \nMission Europe \nsoci\u00e9t\u00e9 n\u00b0 1110 \nCER 2E17 \nd\u00e9penses et \nrecettes \nd\u00e9penses  \nMathieu \nBOULANGER \ndirecteur, direction \naudit et inspection \ng\u00e9n\u00e9rale \n  soci\u00e9t\u00e9 n\u00b0 1110 \nCF : C420 \nd\u00e9penses et \nrecettes \nEva QUICKERT-\nMENZEL \ndirectrice de la \nCommunication \nElodie FLORA  adjointe \u00e0 la \ndirectrice de la \ncommunication  \nsoci\u00e9t\u00e9 n\u00b0 1110 \nCF : C403 \nd\u00e9penses et \nrecettes \nFrance MOROT-\nVIDELAINE \ndirectrice g\u00e9n\u00e9rale \nadjointe \npartenariats, \nobservations, \nprospective, \u00e9tudes \nLaurent TRILLES directeur de \nprojet DGA POPE \nsoci\u00e9t\u00e9 n\u00b0 1400 \nCF : tous \nd\u00e9penses et \nrecettes \nChristian BOYER directeur g\u00e9n\u00e9ral \nadjoint en charge \ndu d\u00e9veloppement \ncommercial et du \nservices aux \nentreprises  \nCynthia LESTABLE \n(\u00e0 compter du 21 \nao\u00fbt 2025) \ndirectrice \ncommerciale & \nmarketing \nsoci\u00e9t\u00e9 n\u00b0 1400 \nCF : tous \nd\u00e9penses et \nrecettes \nIsabelle SAVELLI responsable du p\u00f4le \ndonn\u00e9es \n\u00e9conomiques et \nDATA \n  soci\u00e9t\u00e9 n\u00b01400 \nCF : 2N64 \u00e0 2N69 \nrecettes \nSophie Mc \nCRACKEN \nresponsable vie \ninstitutionnelle \n  soci\u00e9t\u00e9 n\u00b01400 \nCF : 2N61 \nrecettes \nPierre \nMONGRUE \ndirecteur g\u00e9n\u00e9ral \nadjoint CCI \ninternational Paris \nIle-de-France  \nChristophe \nBELLANGER, \n(d\u00e9penses et \nrecettes) \ndirecteur, adjoint \nau DGA CCI \nInternational \nParis IdF \nsoci\u00e9t\u00e9s n\u00b0 1140 \nCF : tous \nd\u00e9penses et \nrecettes \nLuc DARDAUD responsable du \nd\u00e9partement \nfacilitations du \ncommerce ext\u00e9rieur \nChristina VIEIRA  \n(recettes) \nresponsable du \nservice Visa \nsoci\u00e9t\u00e9 n\u00b0 1140 \nCF : 2I91 \nrecettes \nLaurence \nCARRARA \nresponsable du \nservice foires et \nsalons \n  soci\u00e9t\u00e9 n\u00b0 1140 \nCF : 2I92 \nrecettes \nAgn\u00e8s GOMES responsable du \nservice \nd\u00e9partement \n  soci\u00e9t\u00e9 n\u00b0 1140 \nCF : 2I9D  2I9C \n \nrecettes \nChambre de commerce et d'industrie de r\u00e9gion Paris - \u00cele-de-France - IDF-2025-07-01-00012 - D\u00e9l\u00e9gation de signature - Engagement\nd\u00e9penses et recettes 14\n \n \n \nPage 3 sur 4 \n\u00e9v\u00e8nements, \nr\u00e9seaux et \npartenariats \nBenjamin \nTISSOT  \nchef du service \nd\u00e9veloppement \ninternational des \nterritoires \n  soci\u00e9t\u00e9 1140 CF \n2I9G     \nrecettes \nJean-Michel \nJOLLY \nresponsable du \nservice TFE TECH ET \nINDUSTRIE \n  soci\u00e9t\u00e9 n\u00b0 1140 \nCF : 2I9F  \nrecettes \nBenoit MAILLE charg\u00e9 de mission \n\"Intelligence \n\u00e9conomique et \ncoop\u00e9ration\" \n  soci\u00e9t\u00e9 1140 CF \n2I9J  \nrecettes; \nAgathe PACARD responsable TFE \nART DE VIVRE SANTE \nAGROTECH \n  soci\u00e9t\u00e9 n\u00b0 1140 \nCF : 2I9E  \nrecettes \nXiao-Qing \nPELLEMELE \nresponsable du \ncomit\u00e9 d'\u00e9changes \nfranco-chinois \n  soci\u00e9t\u00e9 n\u00b0 1140 \nCF : 2I9C \nrecettes \nSophie LOGEOT responsable du \npilotage num\u00e9rique \n  soci\u00e9t\u00e9 n\u00b0 1140 \nCF : 2I24 \nrecettes \nThierry MENUET directeur S\u00e9curit\u00e9 & \nS\u00fbret\u00e9  \n  soci\u00e9t\u00e9 n\u00b0 1500 \nCF : 6P01 \nd\u00e9penses et \nrecettes \nChristophe \nCHERIOT \ngestionnaire \nmoyens g\u00e9n\u00e9raux \nFriedland \n  soci\u00e9t\u00e9 n\u00b0 1510 \nCF : 2USB, 2USD \nd\u00e9penses et \nrecettes \nFran\u00e7oise \nGUERIN \ndirectrice g\u00e9n\u00e9rale \nadjointe en charge \ndes ressources \nhumaines  \nDiane AUSSEDAT \n \n \n \ndirectrice \nadjointe \n \n \nsoci\u00e9t\u00e9 n\u00b0 1110 \nCF : C410 \nsoci\u00e9t\u00e9s n\u00b0 \n8010, 8020, 8030 \nCF : tous \nd\u00e9penses et \nrecettes \n \n \n \nMarie-France \nZUMOFEN \ndirectrice de \nprojets en \nressources \nhumaines \n(formation \ncontinue) \nSoci\u00e9t\u00e9 n\u00b0 1110 \nCF : 2D04 \nEOTP : \n2D04FCCAT \n \nd\u00e9penses et \nrecettes \nNathalie PIERRE directrice g\u00e9n\u00e9rale \nadjointe en charge \ndes finances et \nparticipations \nChristophe \nDELORME \nresponsable du \npilotage financier \ngroupe \nsoci\u00e9t\u00e9 n\u00b0 1110 \nCF : C426 \nd\u00e9penses et \nrecettes \nNathalie PIERRE directrice g\u00e9n\u00e9rale \nadjointe en charge \ndes finances et \nparticipations \nChristophe \nDELORME \nresponsable du \npilotage financier \ngroupe \nsoci\u00e9t\u00e9s n\u00b0 \n1120, 7010 \nCF : tous \nd\u00e9penses et \nrecettes \nNathalie PIERRE directrice g\u00e9n\u00e9rale \nadjointe en charge \ndes finances et \nparticipations \nChristophe \nDELORME \nresponsable du \npilotage financier \ngroupe \nsoci\u00e9t\u00e9 n\u00b0 2200 \nCF : tous \n2300 esiee 2110 \ndfcta  \nd\u00e9penses et \nrecettes \nThomas \nJEANJEAN \ndirecteur g\u00e9n\u00e9ral \nadjoint en charge \ndu p\u00f4le Education \nC\u00e9cile ECALLE directrice de \nl'apprentissage \nsoci\u00e9t\u00e9s n\u00b0 \n* 2010 \n*2030 \nd\u00e9penses et \nrecettes \nChambre de commerce et d'industrie de r\u00e9gion Paris - \u00cele-de-France - IDF-2025-07-01-00012 - D\u00e9l\u00e9gation de signature - Engagement\nd\u00e9penses et recettes 15\nris, le\ntoute\n \n \n \nPage 4 sur 4 \n \n \n \nLa pr\u00e9sente d\u00e9cision sera publi\u00e9e au recueil des actes administratifs de la R\u00e9gion Ile-de-France ainsi que sur le \nsite Internet de la Chambre de commerce et d'industrie de r\u00e9gion Paris -  \u00cele-de-France et se substitue \u00e0 toute \nautre d\u00e9l\u00e9gation relevant de domaine identique. \n \n \nFait \u00e0 Paris, le 1er juillet 2025 \nSign\u00e9 \nDominique RESTINO \n \n \n \n \n \n \n \n \n \nDiffusion : \nSur le site www.cci-paris-idf.fr \nRecueil des actes administratifs de la pr\u00e9fecture de r\u00e9gion Ile -de-France  \n* 2040, 2150 \nCF : tous \nC\u00e9cile ECALLE directeur de \nl'apprentissage \n  soci\u00e9t\u00e9s n\u00b0  \n*2010 \n*2030 \nCF : tous \nd\u00e9penses et \nrecettes \nPhilippe \nBIDAULT \nresponsable MOA \nstrat\u00e9gique \n  soci\u00e9t\u00e9s n\u00b0  \n*2010 \nCF4A23 \nD\u00e9penses et \nrecettes \nPhilippe \nREGIMBART \ndirecteur de la \npolitique \u00e9ducative \n  soci\u00e9t\u00e9 n\u00b0 2010 \nCF4A17, 4A26, \n4A29, 4A35 \nd\u00e9penses et \nrecettes \nBrigitte POIRE-\nMARAUX \ndirectrice du CFA \ndes sciences \nCatherine \nGOUDOT \nresponsable \nadministration et \nperformance du \nCFA des sciences \nsoci\u00e9t\u00e9 n\u00b0 2030 \nCF : 3Z10 \nd\u00e9penses et \nrecettes \nElodie LUQUET directrice de \nl'attractivit\u00e9 \ninternationale \n \nAlexandre HOLLE responsable \nd\u00e9veloppement et \ninnovation \np\u00e9dagogique \nsoci\u00e9t\u00e9 n\u00b0 2040 \nCF : tous \nd\u00e9penses et \nrecettes \nVal\u00e9rie AILLAUD directrice de \nl'enseignement \nsup\u00e9rieur et \nservices aux \u00e9coles \nThierry \nGAUTHEROT \nresponsable \nadministratif \nsoci\u00e9t\u00e9 n\u00b0 2150 \nCF : tous \n \nd\u00e9penses et \nrecettes \n \nRapha\u00ebl \nGNANOU \nresponsable CCMP \nPublishing \nThierry \nGAUTHEROT \nresponsable \nadministratif \nsoci\u00e9t\u00e9 n\u00b0 2150 \nCF 4E02 \nd\u00e9penses et \nrecettes \nChambre de commerce et d'industrie de r\u00e9gion Paris - \u00cele-de-France - IDF-2025-07-01-00012 - D\u00e9l\u00e9gation de signature - Engagement\nd\u00e9penses et recettes 16\nChambre de commerce et d'industrie de r\u00e9gion\nParis - \u00cele-de-France\nIDF-2025-07-01-00013\nD\u00e9l\u00e9gation de signature - Enseignement et\nformations \nChambre de commerce et d'industrie de r\u00e9gion Paris - \u00cele-de-France - IDF-2025-07-01-00013 - D\u00e9l\u00e9gation de signature - Enseignement\net formations 17\n@ CCI PARIS ILE-DE-FRANCE\n- et\n\u00a9 hement, ~\n \nLe Pr\u00e9sident \n \n  Page 1 sur 3 \nChambre de commerce et d'industrie de r\u00e9gion Paris Ile-de-France \n27 avenue de Friedland | 75382 Paris cedex 08 | T. 01 55 65 71 00 (appel direct) \nT. 01 55 65 44 44 (prix d'un appel local) | www.cci-paris-idf.fr \n \n \nD\u00c9CISION \n \n \nLe pr\u00e9sident de la Chambre de commerce et d'industrie de r\u00e9gion Paris - \u00cele-de-France, \n\u2b9a vu l'article R. 711-68 du code de commerce, \n\u2b9a vu le r\u00e8glement int\u00e9rieur, \n \nD\u00e9cide : \nSur proposition du directeur g\u00e9n\u00e9ral, \n \nArticle 1 - enseignement, recherche et formation \nDe donner d\u00e9l\u00e9gation de signature \u00e0 Thomas JEANJEAN, directeur g\u00e9n\u00e9ral adjoint charg\u00e9 de l'Education, \u00e0 effet \nde signer les conventions li\u00e9es \u00e0 l'activit\u00e9 de nature p\u00e9dagogique et acad\u00e9mique des directions et des \u00e9coles \nrattach\u00e9es \u00e0 la direction g\u00e9n\u00e9rale adjointe en charge de l'enseignement, de la recherche et de la formation, \u00e0 \nl'exclusion des conventions conclues avec une fondation, une filiale de la Chambre de commerce et d'industrie \nde r\u00e9gion Paris - \u00cele-de-France, un \u00e9tablissement du r\u00e9seau consulaire, une chambre de commerce \u00e9trang\u00e8re. \nEn cas d'absence ou d'emp\u00eachement, C\u00e9cile ECALLE, directrice de l'apprentissage, re\u00e7oit d\u00e9l\u00e9gation de signature \ndans les m\u00eames conditions.  \n \nArticle 2 - \u00e9tablissements d'enseignement \nDe donner d\u00e9l\u00e9gation de signature aux collaborateurs dont les noms suivent, dans la limite de leurs attributions, \npour signer : \n\u25cf les d\u00e9cisions prises en application du r\u00e8glement int\u00e9rieur de leur \u00e9tablissement et des r\u00e8glements \np\u00e9dagogiques r\u00e9gissant les formations, \n\u25cf les conventions li\u00e9es \u00e0 l'activit\u00e9 de nature p\u00e9dagogique et acad\u00e9mique de leur \u00e9tablissement, \u00e0 l'exclusion \ndes conventions conclues avec une fondation, une filiale de la Chambre de commerce et d'industrie de \nr\u00e9gion Paris - \u00cele-de-France, un \u00e9tablissement du r\u00e9seau consulaire, une chambre de commerce \u00e9trang\u00e8re, \n\u25cf les autorisations de domiciliation des associations cr\u00e9\u00e9es \u00e0 l'initiative des enseignants ou des \u00e9tudiants, \n\u25cf les conventions portant occupation temporaire des locaux d'une dur\u00e9e inf\u00e9rieure \u00e0 30 jours. \n  \nChambre de commerce et d'industrie de r\u00e9gion Paris - \u00cele-de-France - IDF-2025-07-01-00013 - D\u00e9l\u00e9gation de signature - Enseignement\net formations 18\n7\" et . ..\n \nPage 2 sur 3 \nnom fonction \nen cas d'absence ou d'emp\u00eachement \nnom fonction \nC\u00e9cile ECALLE directrice de \nl'apprentissage \n  \nBrigitte POIRE-MARAUX directrice du CFA des \nsciences \nCatherine GOUDOT responsable Administration \net performance du CFA des \nsciences \nElodie LUQUET directrice de l'attractivit\u00e9 \ninternationale \nAlexandre HOLLE responsable \nd\u00e9veloppement et \ninnovation p\u00e9dagogique \nVal\u00e9rie AILLAUD directrice de \nl'enseignement sup\u00e9rieur et \nservices aux \u00e9coles \nThierry GAUTHEROT responsable administratif \n \nArticle 3 \u2013 formations boissons alcooliques, hygi\u00e8ne alimentaire et cr\u00e9ation d'entreprise \nDe donner d\u00e9l\u00e9gation de signature aux collaborateurs suivants dans la limite de leurs attributions \u00e0 effet de \nsigner les actes et attestations d\u00e9livr\u00e9s dans le cadre de la formation : \n1. sp\u00e9cifique sur les droits et obligations attach\u00e9s \u00e0 la vente \u00e0 emporter de boissons alcooliques entre 22 \nheures et 8 heures pr\u00e9vue \u00e0 l'article R. 3332-4-1 du code de la sant\u00e9 publique, \n2. en mati\u00e8re d'hygi\u00e8ne alimentaire adapt\u00e9e \u00e0 l'activit\u00e9 des \u00e9tablissements de restauration traditionnelle, \ncaf\u00e9t\u00e9rias et autres libres services et restauration de type rapide pr\u00e9vue \u00e0 l'article D. 233-6 du code rural et \nde la p\u00e8che maritime, \n3. \u00e0 la cr\u00e9ation d'entreprise (5 jours pour entreprendre) : \n \nnom fonction \nen cas d'absence ou d'emp\u00eachement boissons alcooliques \nhygi\u00e8ne alimentaire \ncr\u00e9ation d'entreprise nom Fonction \nDamien WALKER \n \ndirecteur g\u00e9n\u00e9ral \nd\u00e9l\u00e9gu\u00e9 \nd\u00e9partemental de la \nCCI Paris \nSabrina COPIN directrice des \nop\u00e9rations et \npartenariats \n \nMaxime \nGARRETA \ndirecteur g\u00e9n\u00e9ral \nd\u00e9l\u00e9gu\u00e9 \nd\u00e9partementale par \nint\u00e9rim de la CCI \nVersailles-Yvelines \nVal\u00e9rie MARILLAT directrice des \nop\u00e9rations \nboissons alcooliques, \nhygi\u00e8ne alimentaire et \ncr\u00e9ation d'entreprise \nWilliam PROST directeur g\u00e9n\u00e9ral \nd\u00e9l\u00e9gu\u00e9 \nd\u00e9partemental de la \nCCI Hauts-de-Seine \nJean-Baptiste \nPORTEFAIX  \n \nresponsable \nadministratif, \nfinancier et \nlogistique \nboissons alcooliques, \nhygi\u00e8ne alimentaire et \ncr\u00e9ation d'entreprise \nBernard CAYOL directeur g\u00e9n\u00e9ral \nd\u00e9l\u00e9gu\u00e9 \nd\u00e9partemental de la \nCCI Seine-Saint-Denis  \nNadia VALENTE-\nGUIDIS  \ndirectrice des \nop\u00e9rations \nboissons alcooliques, \nhygi\u00e8ne alimentaire et \ncr\u00e9ation d'entreprise \nChambre de commerce et d'industrie de r\u00e9gion Paris - \u00cele-de-France - IDF-2025-07-01-00013 - D\u00e9l\u00e9gation de signature - Enseignement\net formations 19\n-de\n \nPage 3 sur 3 \nMarie REIS DE \nBRAGELONGNE \ndirectrice g\u00e9n\u00e9rale \nd\u00e9l\u00e9gu\u00e9e \nd\u00e9partementale de la \nCCI Val-de-Marne \nMathieu \nDESPERBASQUE \ndirecteur des \nop\u00e9rations \nboissons alcooliques, \nhygi\u00e8ne alimentaire et \ncr\u00e9ation d'entreprise \nLaure DUBOIS \nIMBERY \ndirectrice g\u00e9n\u00e9rale \nd\u00e9l\u00e9gu\u00e9e \nd\u00e9partementale de la \nCCI Val-d'Oise \nR\u00e9gine \nCASTAGNET \nresponsable \ncoordination \nr\u00e9gionale \ncomp\u00e9titivit\u00e9 et \nprojets de \nterritoires \nboissons alcooliques, \nhygi\u00e8ne alimentaire et \ncr\u00e9ation d'entreprise \nArticle 4 \u2013 apprentissage \nDe donner d\u00e9l\u00e9gation de signature au collaborateur  dont le nom suit, dans la limite de ses attributions, pour \nsigner les contrats d'apprentissage et les conventions de financement y aff\u00e9rentes. \nnom fonction \nen cas d'absence ou d'emp\u00eachement \nnom Fonction \nC\u00e9cile ECALLE directrice de l'apprentissage   \nBrigitte POIRE-MARAUX directrice du CFA des sciences   \n \n \nLa pr\u00e9sente d\u00e9cision sera publi\u00e9e au recueil des actes administratif s de la R\u00e9gion Ile-de-France ainsi que sur le \nsite Internet de la Chambre de commerce et d'industrie de r\u00e9gion Paris -  \u00cele-de-France et se substitue \u00e0 toute \nautre d\u00e9l\u00e9gation relevant de domaine identique. \n \n \nFait \u00e0 Paris, le 1er juillet 2025 \n \nSign\u00e9 \n \n \nDominique RESTINO \n \n \n \n \n \n \n \nDiffusion : \nSur le site www.cci-paris-idf.fr \nRecueil des actes administratifs de la pr\u00e9fecture de r\u00e9gion Ile-de-France  \nChambre de commerce et d'industrie de r\u00e9gion Paris - \u00cele-de-France - IDF-2025-07-01-00013 - D\u00e9l\u00e9gation de signature - Enseignement\net formations 20\nChambre de commerce et d'industrie de r\u00e9gion\nParis - \u00cele-de-France\nIDF-2025-07-01-00014\nD\u00e9l\u00e9gation de signature - March\u00e9s publics\nChambre de commerce et d'industrie de r\u00e9gion Paris - \u00cele-de-France - IDF-2025-07-01-00014 - D\u00e9l\u00e9gation de signature - March\u00e9s\npublics 21\nnm.\ndirecteur g\u00e9n\u00e9ral,\n__\u2014 T - - - _\n \nLe Pr\u00e9sident \n \nDiffusion : b\u00e9n\u00e9ficiaires - www.cci-paris-idf.fr  - recueil des actes administratifs de la pr\u00e9fecture de r\u00e9gion d'\u00cele-de-France Page 1 sur 2 \n \nChambre de commerce et d'industrie de r\u00e9gion Paris Ile-de-France \n27 avenue de Friedland | 75382 Paris cedex 08  \nT. 01 55 65 44 44 (prix d'un appel local) | www.cci-paris-idf.fr \nD\u00c9CISION \nLe pr\u00e9sident de la Chambre de commerce et d'industrie de r\u00e9gion Paris - \u00cele-de-France, \n\u2b9a vu l'article R. 711-68 du code de commerce, \n\u2b9a vu le code de la commande publique \n\u2b9a vu le r\u00e8glement int\u00e9rieur, \nD\u00e9cide : \nSur proposition du directeur g\u00e9n\u00e9ral, \nArticle 1  \nDe donner d\u00e9l\u00e9gation de signature \u00e0 Beno\u00eet ICARD, directeur de la strat\u00e9gie immobili\u00e8re, \u00e0 effet de signer, dans \nla limite de ses attributions, tous les march\u00e9s relatifs \u00e0 l'ouvrage public ainsi  que les actes se rapportant \u00e0 \npassation et l'ex\u00e9cution de ces march\u00e9s pour l'ensemble des chambres de commerce et d'industrie \nd\u00e9partementales, des directions, \u00e9coles, \u00e9tablissements et services de la Chambre de commerce et d'industrie \nde r\u00e9gion Paris - \u00cele-de-France \u00e0 l'exception des march\u00e9s de maintenance et d'entretien. \nArticle 2 \nDe donner d\u00e9l\u00e9gation de signature aux collaborateurs suivants, dans la limite de leurs attributions et selon les \nconditions ci-apr\u00e8s d\u00e9finies : \n\u25cf march\u00e9s de services (hors prestations juridiques) et de fournitures d'un montant inf\u00e9rieur \u00e0 40.000 \u20ac HT, \n\u25cf march\u00e9s de prestations d'enseignement et d'animation de formation, de location de salles, de location \nd'espaces dans des salons, d'un montant inf\u00e9rieur \u00e0 90.000 \u20ac HT, \n \nnom fonction en cas d'absence ou d'emp\u00eachement \nnom fonction \nchambres de commerce et d'industrie d\u00e9partementales \nDamien WALKER directeur g\u00e9n\u00e9ral d\u00e9l\u00e9gu\u00e9 \nd\u00e9partemental de la CCI Paris \nIbtissam HENANE responsable administrative, \nfinanci\u00e8re, logistique \nMaxime \nGARRETA \ndirecteur g\u00e9n\u00e9ral d\u00e9l\u00e9gu\u00e9 \nd\u00e9partemental par int\u00e9rim de la \nCCI Versailles-Yvelines \nVal\u00e9rie MARILLAT directrice des op\u00e9rations \nWilliam PROST directeur g\u00e9n\u00e9ral d\u00e9l\u00e9gu\u00e9 \nd\u00e9partemental de la CCI Hauts-de-\nSeine \n\u00c9liette ROSELL directrice des op\u00e9rations \nBernard CAYOL  directeur g\u00e9n\u00e9ral d\u00e9l\u00e9gu\u00e9 \nd\u00e9partemental de la CCI Seine-\nSaint-Denis \nNadia VALENTE-\nGUIDIS \ndirectrice des op\u00e9rations \nMarie REIS DE \nBRAGELONGNE \ndirectrice g\u00e9n\u00e9rale d\u00e9l\u00e9gu\u00e9e \nd\u00e9partementale de la CCI Val-de-\nMarne \nMattieu \nDESPERBASQUE \ndirecteur des op\u00e9rations \nLaure DUBOIS-\nIMB\u00c9RY \ndirectrice g\u00e9n\u00e9rale d\u00e9l\u00e9gu\u00e9e \nd\u00e9partementale de la CCI Val- \nd'Oise \nR\u00e9gis BOULAY responsable du d\u00e9partement \nservices aux entreprises  \n  \ndirections g\u00e9n\u00e9rales et directions rattach\u00e9es \nJacques GARAU directeur g\u00e9n\u00e9ral d\u00e9l\u00e9gu\u00e9   \nMathieu \nBOULANGER \ndirecteur, direction Audit et \nInspection g\u00e9n\u00e9rale \n  \nChambre de commerce et d'industrie de r\u00e9gion Paris - \u00cele-de-France - IDF-2025-07-01-00014 - D\u00e9l\u00e9gation de signature - March\u00e9s\npublics 22\nris, le\n \nPage 2 sur 2 \nEva QUICKERT-\nMENZEL \ndirectrice de la communication Elodie FLORA responsable communication \ncorporate et relations presse, \nAdjointe \u00e0 la Directrice de la \nCommunication \nFrance MOROT-\nVIDELAINE \ndirectrice g\u00e9n\u00e9rale adjointe \npartenariats, observations, \nprospective, \u00e9tudes \nLaurent TRILLES directeur de projet DGA POPE \nChristian BOYER directeur g\u00e9n\u00e9ral adjoint en \ncharge du d\u00e9veloppement \nCommercial et du Services aux \nEntreprises \nCynthia \nLESTABLE \n(\u00e0 compter du 21 \nao\u00fbt 2025) \ndirectrice commerciale & \nmarketing \nPierre \nMONGRUE \ndirecteur g\u00e9n\u00e9ral adjoint CCI \ninternational Paris Ile-de-France \nChristophe \nBELLANGER \ndirecteur adjoint au DGA \nFran\u00e7oise \nGUERIN  \ndirectrice g\u00e9n\u00e9rale adjointe en \ncharge des ressources humaines  \nDiane AUSSEDAT directeur adjoint au DGA RH & \nRSE \nNathalie PIERRE directrice g\u00e9n\u00e9rale adjointe en \ncharge des Finances et \nParticipations \nChristophe \nDELORME \nresponsable du pilotage \nfinancier groupe \nThomas \nJEANJEAN \ndirecteur g\u00e9n\u00e9ral adjoint en \ncharge de l'\u00e9ducation  \nC\u00e9cile ECALLE directrice de l'apprentissage \nElodie LUQUET directrice de l'attractivit\u00e9 \ninternationale \nAlexandre HOLLE  responsable d\u00e9veloppement et \ninnovation p\u00e9dagogique \nBrigitte POIR\u00c9-\nMARAUX \ndirectrice du CFA des \nsciences \n \n  \nVal\u00e9rie AILLAUD directrice de l'enseignement \nsup\u00e9rieur et services aux \u00e9coles \nThierry \nGAUTHEROT  \nresponsable administratif \n \n \nLa pr\u00e9sente d\u00e9cision sera publi\u00e9e au recueil des actes administratifs de la R\u00e9gion Ile-de-France ainsi que sur \nle site Internet de la Chambre de commerce et d'industrie de r\u00e9gion Paris - \u00cele-de-France et se substitue \u00e0 \ntoute autre d\u00e9l\u00e9gation relevant de domaine identique. \n \nFait \u00e0 Paris, le 1er juillet 2025 \nSign\u00e9 \nDominique RESTINO \n \n \n \n \n \n \n \n \n \n \n \nDiffusion : \nSur le site www.cci-paris-idf.fr \nRecueil des actes administratifs de la pr\u00e9fecture de r\u00e9gion Ile -de-France  \n \nChambre de commerce et d'industrie de r\u00e9gion Paris - \u00cele-de-France - IDF-2025-07-01-00014 - D\u00e9l\u00e9gation de signature - March\u00e9s\npublics 23\nChambre de commerce et d'industrie de r\u00e9gion\nParis - \u00cele-de-France\nIDF-2025-07-01-00015\nD\u00e9l\u00e9gation de signature - R\u00e9ponse aux appels \u00e0\nconcurrence \nChambre de commerce et d'industrie de r\u00e9gion Paris - \u00cele-de-France - IDF-2025-07-01-00015 - D\u00e9l\u00e9gation de signature - R\u00e9ponse aux\nappels \u00e0 concurrence 24\nParis\nJacques\n \nLe Pr\u00e9sident \n \nChambre de commerce et d'industrie de r\u00e9gion Paris Ile-de-France \n27 avenue de Friedland | 75382 Paris cedex 08 \nT. 01 55 65 44 44 (prix d'un appel local) | www.cci-paris-idf.fr \n Page 1 sur 2 \nD\u00c9CISION \nLe pr\u00e9sident de la Chambre de commerce et d'industrie de r\u00e9gion Paris - \u00cele-de-France, \n\uf0d8 vu l'article R. 711-68 du code de commerce, \n\uf0d8 vu le r\u00e8glement int\u00e9rieur, \nD\u00e9cide : \nDe donner d\u00e9l\u00e9gation de signature \u00e0 St\u00e9phane FRATACCI , directeur g\u00e9n\u00e9ral, \u00e0 l'effet de signer les actes de \ncandidature \u00e0 des mises en concurrence et \u00e0 des appels \u00e0 proposition lanc\u00e9s par des institutions europ\u00e9ennes \nou internationales, des organismes publics fran\u00e7ais (\u00c9tat, collectivit\u00e9s territoriales, \u00e9tablissements publics, \u2026) \net des organismes priv\u00e9s ayant la qualit\u00e9 de pouvoir adjudicateur, ainsi que l'ensemble des documents aff\u00e9rents \naux offres pr\u00e9sent\u00e9es par la Chambre de commerce et d'industrie de r\u00e9gion Paris - \u00cele-de-France et des pi\u00e8ces \nn\u00e9cessaires \u00e0 l'ex\u00e9cution des march\u00e9s, sans limitation de montant des recettes pr\u00e9visionnelles totales des \nop\u00e9rations projet\u00e9es. \nEn cas d'absence ou d'emp\u00eachement et sur proposition de ce dernier, Jacques GARAU, directeur g\u00e9n\u00e9ral d\u00e9l\u00e9gu\u00e9, \nre\u00e7oit d\u00e9l\u00e9gation de signature dans les m\u00eames conditions. \nD\u00e9cide : \nSur proposition du directeur g\u00e9n\u00e9ral, \nDe donner d\u00e9l\u00e9gation de signature aux collaborateurs suivants, dans la limite de leurs attributions et selon les \nconditions ci-apr\u00e8s d\u00e9finies, des actes de candidature \u00e0 des mises en concurrence et des appels \u00e0 proposition \nlanc\u00e9s par des institutions europ\u00e9ennes ou internationales, des organismes publics fran\u00e7ais (\u00c9tat, collectivit\u00e9s \nterritoriales, \u00e9tablissements publics\u2026) et des organismes priv\u00e9s ayant la qualit\u00e9 de pouvoir adjudicateur, ainsi \nque l'ensemble des documents aff\u00e9rents aux offres pr\u00e9sent\u00e9es par la Chambre de commerce et d'industrie de \nr\u00e9gion Paris - \u00cele-de-France et des pi\u00e8ces n\u00e9cessaires \u00e0 l'ex\u00e9cution des march\u00e9s. \nnom fonction \nen cas d'absence ou \nd'emp\u00eachement \nSeuil des \nrecettes \npr\u00e9visionnelles \ntotales de \nl'op\u00e9ration \npour la CCI de \nr\u00e9gion \nnom fonction \nchambres de commerce et d'industrie d\u00e9partementales \nDamien WALKER directeur g\u00e9n\u00e9ral d\u00e9l\u00e9gu\u00e9 d\u00e9partemental \nde la CCI Paris \nSabrina COPIN directrice des \nop\u00e9rations et \npartenariats  \n< 150.000 \u20ac HT \nMaxime GARRETA directeur g\u00e9n\u00e9ral d\u00e9l\u00e9gu\u00e9 d\u00e9partemental \npar int\u00e9rim de la CCI Versailles-Yvelines \nVal\u00e9rie \nMARILLAT \ndirectrice des \nop\u00e9rations \n< 150.000 \u20ac HT \nWilliam PROST directeur g\u00e9n\u00e9ral d\u00e9l\u00e9gu\u00e9 d\u00e9partemental \nde la CCI Hauts-de-Seine \n  < 150.000 \u20ac HT \nBernard CAYOL directeur g\u00e9n\u00e9ral d\u00e9l\u00e9gu\u00e9 d\u00e9partemental \nde la CCI Seine-Saint-Denis \nNadia VALENTE-\nGUIDIS \ndirectrice des \nop\u00e9rations \n< 150.000 \u20ac HT \nMarie REIS DE \nBRAGELONGNE \ndirectrice g\u00e9n\u00e9rale d\u00e9l\u00e9gu\u00e9e \nd\u00e9partementale de la CCI Val-de-Marne \n  < 150.000 \u20ac HT \nLaure DUBOIS -\nIMBERY \ndirectrice g\u00e9n\u00e9rale d\u00e9l\u00e9gu\u00e9e \nd\u00e9partementale de la CCI Val-d'Oise \nMaureen \nDUJONCQUOY \ndirectrice des \nop\u00e9rations \n< 150.000 \u20ac H \nChambre de commerce et d'industrie de r\u00e9gion Paris - \u00cele-de-France - IDF-2025-07-01-00015 - D\u00e9l\u00e9gation de signature - R\u00e9ponse aux\nappels \u00e0 concurrence 25\n-de\n \nPage 2 sur 2 \nnom fonction \nen cas d'absence ou \nd'emp\u00eachement \nSeuil des \nrecettes \npr\u00e9visionnelles \ntotales de \nl'op\u00e9ration \npour la CCI de \nr\u00e9gion \nnom fonction \ndirections g\u00e9n\u00e9rales et directions rattach\u00e9es   \nFrance MOROT-\nVIDELAINE \ndirectrice g\u00e9n\u00e9rale adjointe partenariats, \nobservations, prospective et \u00e9tudes  (DGA \nPOPe) \nLaurent \nTRILLES \ndirecteur de \nprojet DGA \nPOPE \n< 700.000 \u20ac HT \nChristian BOYER directeur g\u00e9n\u00e9ral adjoint en charge du \nd\u00e9veloppement commercial et du Services \naux entreprises (DGA DC-SE) \nCynthia \nLESTABLE \n(\u00e0 compter du \n21 ao\u00fbt 2025 \ndirectrice \ncommerciale & \nmarketing \n< 700.000 \u20ac HT \nPierre MONGRUE directeur g\u00e9n\u00e9ral adjoint CCI international \nParis Ile-de-France \n  < 700.000 \u20ac HT \nThomas JEANJEAN directeur g\u00e9n\u00e9ral adjoint en charge de \nl'\u00e9ducation \nC\u00e9cile ECALLE directrice de \nl'apprentissage \n< 700.000 \u20ac HT \nElodie LUQUET directrice de l'attractivit\u00e9 internationale Alexandre \nHOLLE \nresponsable \nd\u00e9veloppement \net Innovation \np\u00e9dagogique \n< 150.000 \u20ac HT \nVal\u00e9rie AILLAUD directrice de l'enseignement  sup\u00e9rieur et \nservices aux \u00e9coles \nThierry \nGAUTHEROT  \nresponsable \nadministratif \n< 150.000 \u20ac HT \n\u00e9coles   \nBrigitte POIRE-\nMARAUX \ndirectrice du CFA des sciences   < 150.000 \u20ac HT \n \n \nLa pr\u00e9sent la d\u00e9cision sera publi\u00e9e au recueil des actes administratifs de la R\u00e9gion Ile-de-France ainsi que sur \nle site Internet de la Chambre de commerce et d'industrie de r\u00e9gion Paris - \u00cele-de-France et se substitue \u00e0 toute \nautre d\u00e9l\u00e9gation relevant de domaine identique. \n \nFait \u00e0 Paris, le 1er juillet \nSign\u00e9 \nDominique RESTINO \n \n \n \n \n \nDiffusion : \nSur le site www.cci-paris-idf.fr \nRecueil des actes administratifs de la pr\u00e9fecture de r\u00e9gion Ile-de-France  \nChambre de commerce et d'industrie de r\u00e9gion Paris - \u00cele-de-France - IDF-2025-07-01-00015 - D\u00e9l\u00e9gation de signature - R\u00e9ponse aux\nappels \u00e0 concurrence 26\nChambre de commerce et d'industrie de r\u00e9gion\nParis - \u00cele-de-France\nIDF-2025-07-01-00016\nD\u00e9l\u00e9gation de signature - RH\nChambre de commerce et d'industrie de r\u00e9gion Paris - \u00cele-de-France - IDF-2025-07-01-00016 - D\u00e9l\u00e9gation de signature - RH 27\nCG CCI PARIS ILE-DE-FRANCE\ndernier, Jacques GARAU, directeur g\u00e9n\u00e9ral d\u00e9l\u00e9gu\u00e9,\n \nLe Pr\u00e9sident \n \nDiffusion : b\u00e9n\u00e9ficiaires - www.cci-paris-idf.fr  - recueil des actes administratifs de la pr\u00e9fecture de r\u00e9gion d'\u00cele-de-\nFrance Page 1 sur 4 \nChambre de commerce et d'industrie de r\u00e9gion Paris Ile-de-France \n27 avenue de Friedland | 75382 Paris cedex 08 \nT. 01 55 65 44 44 (prix d'un appel local) |  www.cci-paris-idf.fr \n \n \nD\u00c9CISION \nLe pr\u00e9sident de la Chambre de commerce et d'industrie de r\u00e9gion Paris - \u00cele-de-France, \n\uf0d8 vu l'article L. 710-1 du code de commerce, \n\uf0d8 vu l'article L. 711-8 du code de commerce, \n\uf0d8 vu l'article R. 711-68 du code de commerce, \n\uf0d8 vu l'article 40 de la loi n\u00b02019 -486 du 22 mai 2019 relative \u00e0 la croissance et la transformation des \nentreprises, tel que modifi\u00e9 par la loi n\u00b02022 -172 du 14 f\u00e9vrier 2022 en faveur de l'activit\u00e9 professionnelle \nind\u00e9pendante, \n\uf0d8 vu le code du travail, \n\uf0d8 vu le statut du personnel administratif des chambres de commerce et d'industrie pris en application de la \nloi n\u00b052 -1311 du 10 d\u00e9cembre 1952 relative \u00e0 l'\u00e9tablissement obligatoire d'un statut du personnel \nadministratif des chambres d'agriculture, de commerce et des m\u00e9tiers, \n\uf0d8 vu l'accord collectif majoritaire du 6 novembre 2020 portant reconnaissance d'une unit\u00e9 \u00e9conomique et \nsociale et de mise en place d'un comit\u00e9 social et \u00e9conomique et de repr\u00e9sentants de proximit\u00e9,  \n\uf0d8 vu le r\u00e8glement int\u00e9rieur du personnel de la Chambre de commerce et d'industrie de r\u00e9gion Paris - \u00cele-de-\nFrance, \n\uf0d8 vu le dispositif d'accompagnement \u00e0 l'int\u00e9gration du r\u00e9gime sp\u00e9cial d'assurance vieillesse au r\u00e9gime \ng\u00e9n\u00e9ral, \n\uf0d8 vu le r\u00e8glement int\u00e9rieur de la Chambre de commerce et d'industrie de r\u00e9gion Paris - \u00cele-de-France, \nD\u00e9cide : \nArticle 1 \nDe donner d\u00e9l\u00e9gation de signature \u00e0 St\u00e9phane FRATACCI, directeur g\u00e9n\u00e9ral, \u00e0 l'effet de signer les d\u00e9cisions \nindividuelles et les conventions relatives au recrutement et \u00e0 la gestion des collaborateurs exer\u00e7ant les \nfonctions de directeur g\u00e9n\u00e9ral d\u00e9l\u00e9gu\u00e9, de directeur g\u00e9n\u00e9ral adjoint, de directeur g\u00e9n\u00e9ral d\u00e9l\u00e9gu\u00e9 \nd\u00e9partemental, de directeur en charge d'une direction ou d'un service rattach\u00e9 \u00e0 la direction g\u00e9n\u00e9rale, de \ndirecteur d'une \u00e9cole, \u00e0 l'exception des sanctions disciplinaires autres que l'avertissement , des d\u00e9cisions de \nlicenciement prises apr\u00e8s avis du Comit\u00e9 social \u00e9conomique et des radiations des effectifs des agents publics \npour abandon de poste. \nEn cas d'absence ou d'emp\u00eachement sur proposition de ce dernier, Jacques GARAU, directeur g\u00e9n\u00e9ral d\u00e9l\u00e9gu\u00e9, \nre\u00e7oit d\u00e9l\u00e9gation de signature dans les m\u00eames conditions. \nD\u00e9cide : \nSur proposition du directeur g\u00e9n\u00e9ral, \nArticle 2 \nDe donner d\u00e9l\u00e9gation de signature \u00e0 Fran\u00e7oise GUERIN, directrice g\u00e9n\u00e9rale adjointe en charge des ressources \nhumaines, \u00e0 l'effet de signer : \n1. les d\u00e9cisions individuelles et les conventions relatives au recrutement des collaborateurs, en CDI et en CDD, \ndes b\u00e9n\u00e9ficiaires de contrats aid\u00e9s, des apprentis et des stagiaires d'\u00e9cole ainsi qu'au renouvellement des \ncontrats \u00e0 dur\u00e9e d\u00e9termin\u00e9e en cours de la Chambre de commerce et d'industrie de r\u00e9gion Paris \u2013 \u00cele-de-\nFrance \u00e0 l'exception des directeurs g\u00e9n\u00e9raux d\u00e9l\u00e9gu\u00e9s, directeurs g\u00e9n\u00e9raux adjoints, directeurs g\u00e9n\u00e9raux \nd\u00e9l\u00e9gu\u00e9s d\u00e9partementaux, directeurs en charge d'une direction ou d'un service rattach\u00e9 \u00e0 la direction \ng\u00e9n\u00e9rale, de directeurs d'une \u00e9cole, \n2. les d\u00e9cisions individuelles et les conventions relatives \u00e0 la gestion de l'ensemble des collaborateurs de la \nChambre de commerce et d'industrie de r\u00e9gion Paris \u2013 \u00cele-de-France, \u00e0 l'exception des directeurs g\u00e9n\u00e9raux \nd\u00e9l\u00e9gu\u00e9s, directeurs g\u00e9n\u00e9raux adjoints, directeurs g\u00e9n\u00e9raux d\u00e9l\u00e9gu\u00e9s d\u00e9partementaux, dir ecteurs en \ncharge d'une direction ou d'un service rattach\u00e9 \u00e0 la direction g\u00e9n\u00e9rale, de directeurs d'une \u00e9cole, \u00e0 \nl'exclusion des sanctions disciplinaires autres que l'avertissement, des d\u00e9cisions de licenciement prises \napr\u00e8s avis  du Comit\u00e9 social et \u00e9conomique et des d\u00e9cisions de radiation des effectifs des agents publics \npour abandon de poste, \nChambre de commerce et d'industrie de r\u00e9gion Paris - \u00cele-de-France - IDF-2025-07-01-00016 - D\u00e9l\u00e9gation de signature - RH 28\net\nPage 2 sur 4 \n3. les d\u00e9cisions fixant les jours de r\u00e9duction de temps de travail pris \u00e0 l'initiative de la Chambre de commerce \net d'industrie de r\u00e9gion Paris \u2013 \u00cele-de-France ou organisant la fermeture des services relevant de son \nautorit\u00e9, \n4. les r\u00e9quisitions des collaborateurs dont la pr\u00e9sence, en cas de gr\u00e8ve, est indispensable \u00e0 la s\u00e9curit\u00e9 des \npersonnes et des biens, \n5. les conventions de d\u00e9tachement ou de mise \u00e0 disposition des personnels permanents ou contractuels, \n6. les d\u00e9cisions pronon\u00e7ant une suspension de fonctions \u00e0 titre conservatoire, \n7. les conventions relatives \u00e0 la cessation d'un commun accord de la relation de travail des agents publics et \naux ruptures conventionnelles des salari\u00e9s de droit priv\u00e9, \n8. les d\u00e9cisions individuelles relatives \u00e0 l'ancien r\u00e9gime sp\u00e9cial d'assurance maladie et relatives au ch\u00f4mage \nde quelque nature que ce soit, \n9. les d\u00e9cisions relatives \u00e0 l'application de l'article 32 du statut du personnel des chambres de commerce et \nd'industrie, \n10. les d\u00e9cisions portant admission \u00e0 la retraite, \n11. les d\u00e9cisions individuelles relatives \u00e0 l'application du r\u00e8glement de l'ancien r\u00e9gime sp\u00e9cial d'assurance \nvieillesse de la Chambre de commerce et d'industrie de Paris, \n12. les d\u00e9cisions individuelles relatives \u00e0 la mise en \u0153uvre des mesures d'accompagnement de l'int\u00e9gration du \nr\u00e9gime sp\u00e9cial d'assurance vieillesse de la Chambre de commerce et d'industrie de Paris au r\u00e9gime g\u00e9n\u00e9ral \net concernant la retraite, le r\u00e9gime de retraite suppl\u00e9mentaire et la pr\u00e9voyance, \n13. les d\u00e9cisions relatives \u00e0 la mise en place, aux modifications ainsi que celles pouvant r\u00e9sulter des \nchangements de prestataires en mati\u00e8re de plan d'\u00e9pargne entreprise, de plan d'\u00e9pargne pour la retraite \ncollectif, des r\u00e9gimes compl\u00e9mentaires de pr\u00e9voyance et de remboursement de frais de sant\u00e9, ainsi que de \nr\u00e9gime de retraite suppl\u00e9mentaire, les accords portant sur la mise en \u0153uvre de la proc\u00e9dure de suppression \nde postes pr\u00e9vue aux articles 35-1 et suivants du statut du personnel des chambres de commerce et \nd'industrie et de ceux portant sur la mise en \u0153uvre de la proc\u00e9dure de licenciement pour motif \u00e9conomique \npr\u00e9vue aux articles L. 1233-1 et suivants du Code du travail. \nEn cas d'absence ou d'emp\u00eachement, Diane AU SSEDAT, directrice, adjointe au DGA en charge des ressources \nhumaines, re\u00e7oit d\u00e9l\u00e9gation de signature dans les m\u00eames  conditions pour l'ensemble des d\u00e9cisions et \nconventions vis\u00e9es aux points 1 \u00e0 13 ci-dessus. \nArticle 3 \nDe donner d\u00e9l\u00e9gation de signature aux collaborateurs suivants, dans la limite de leurs attributions, \u00e0 l'effet de \nsigner : \n\u2022 les d\u00e9cisions individuelles et les conventions relatives au recrutement des CDD d'usage, des b\u00e9n\u00e9ficiaires \nde contrats aid\u00e9s, des apprentis et des stagiaires d'\u00e9cole de l'ensemble des directions et \u00e9coles rattach\u00e9es \n\u00e0 la direction-g\u00e9n\u00e9rale-adjointe, \n\u2022 les d\u00e9cisions individuelles et les conventions relatives \u00e0 la gestion de l'ensemble des collaborateurs, des \nb\u00e9n\u00e9ficiaires de contrats aid\u00e9s, les apprentis et les stagiaires d'\u00e9cole de l'ensemble des directions et \u00e9coles \nrattach\u00e9es \u00e0 la direction-g\u00e9n\u00e9rale-adjointe, y compris les d\u00e9cisions relatives \u00e0 la gestion des collaborateurs \nexer\u00e7ant les fonctions de directeur en charge d'une direction, d'un \u00e9tablissement, d'une \u00e9cole ou d'un \nservice rattach\u00e9s \u00e0 la direction g\u00e9n\u00e9rale adjointe dont ils ont la charge,  \u00e0 l'exclusion des sanctions \ndisciplinaires, des d\u00e9cisions de licenciement et de rupture anticip\u00e9e de la relation de travail, ainsi que des \nd\u00e9cisions de radiation des effectifs des agents publics pour abandon de poste et des d\u00e9cisions d'admission \n\u00e0 la retraite,  \n\u2022 les d\u00e9cisions fixant les jours de r\u00e9duction de temps de travail organisant la fermeture des services relevant \nde leur autorit\u00e9. \nnom fonction \nen cas d'absence ou d'emp\u00eachement \nnom fonction \nFrance MOROT-\nVIDELAINE \ndirectrice g\u00e9n\u00e9rale adjointe \npartenariats, observations, \nprospective et \u00e9tudes (DGA \nPOPe) \n  \nChristian BOYER directeur g\u00e9n\u00e9ral adjoint en \ncharge du d\u00e9veloppement \ncommercial et du services aux \nentreprises (DGA DC-SE) \nCynthia LESTABLE \n(\u00e0 compter du 21 \nao\u00fbt 2025 \ndirectrice commerciale & \nmarketing \nPierre MONGRUE directeur g\u00e9n\u00e9ral adjoint CCI \ninternational Paris Ile-de-France \nChristophe \nBELLANGER \ndirecteur adjoint au DGA \nNathalie PIERRE directrice g\u00e9n\u00e9rale adjointe en \ncharge des finances et \nparticipations \nChristophe \nDELORME \nresponsable du pilotage \nfinancier groupe \nChambre de commerce et d'industrie de r\u00e9gion Paris - \u00cele-de-France - IDF-2025-07-01-00016 - D\u00e9l\u00e9gation de signature - RH 29\nT7 ; attributions, \u00e0 l'effet de\nPage 3 sur 4 \nnom fonction \nen cas d'absence ou d'emp\u00eachement \nnom fonction \nThomas JEANJEAN directeur g\u00e9n\u00e9ral adjoint en \ncharge de l'\u00e9ducation \nC\u00e9cile ECALLE directrice de l'apprentissage \nArticle 4 \nDe donner d\u00e9l\u00e9gation de signature aux collaborateurs suivants, dans la limite de leurs attributions, \u00e0 l'effet de \nsigner : \n\u2022 les d\u00e9cisions individuelles et les conventions relatives au recrutement des CDD d'usage, des b\u00e9n\u00e9ficiaires \nde contrats aid\u00e9s, des apprentis et des stagiaires d'\u00e9cole, \n\u2022 les d\u00e9cisions individuelles et les conventions relatives \u00e0 la gestion de l'ensemble des collaborateurs des \ndirections, \u00e9tablissements, \u00e9coles ou services rattach\u00e9s \u00e0 la direction dont ils ont la charge, \u00e0 l'exclusion \ndes sanctions disciplinaires, des d\u00e9cisions de licenciement et de rupture anticip\u00e9e de la relation de travail, \nainsi que des d\u00e9cisions  de radiation des effectifs  pour abandon de poste  des agents publics et des \nd\u00e9cisions d'admission \u00e0 la retraite, \n\u2022 les d\u00e9cisions fixant les jours de r\u00e9duction de temps de travail organisant la fermeture des services relevant \nde leur autorit\u00e9. \n \nnom fonction \nEn cas d'absence ou d'emp\u00eachement \nnom fonction \nchambres de commerce et d'industrie d\u00e9partementales \nDamien WALKER directeur g\u00e9n\u00e9ral \nd\u00e9l\u00e9gu\u00e9 d\u00e9partemental \nde la CCI Paris \nSabrina COPIN directrice des op\u00e9rations \nMaxime GARRETA directeur g\u00e9n\u00e9ral \nd\u00e9l\u00e9gu\u00e9 d\u00e9partementale \npar int\u00e9rim de la CCI \nVersailles-Yvelines \nVal\u00e9rie MARILLAT directrice des op\u00e9rations \nWilliam PROST directeur g\u00e9n\u00e9ral \nd\u00e9l\u00e9gu\u00e9 d\u00e9partemental \nde la CCI Hauts-de-Seine  \n\u00c9liette ROSELL directrice des op\u00e9rations \nBernard CAYOL  directeur g\u00e9n\u00e9ral \nd\u00e9l\u00e9gu\u00e9 d\u00e9partemental \nde la CCI Seine-Saint-\nDenis \nNadia VALENTE-GUIDIS directrice des op\u00e9rations \nMarie REIS DE \nBRAGELONGNE \ndirectrice g\u00e9n\u00e9rale \nd\u00e9l\u00e9gu\u00e9e \nd\u00e9partementale de la \nCCI Val-de-Marne \nMathieu DESPERBASQUE directeur des op\u00e9rations \nLaure DUBOIS-\nIMB\u00c9RY \ndirectrice g\u00e9n\u00e9rale \nd\u00e9l\u00e9gu\u00e9e \nd\u00e9partementale de la \nCCI Val- d'Oise  \nMaureen DUJONCQUOY directrice des op\u00e9rations \n \ndirections rattach\u00e9es \nMathieu BOULANGER directeur, direction Audit \net Inspection g\u00e9n\u00e9rale \n  \nEva QUICKERT-\nMENZEL \ndirectrice de la \ncommunication  \nElodie FLORA responsable communication \ncorporate et relations presse, \nAdjointe \u00e0 la Directrice de la \nCommunication \nBeno\u00eet ICARD directeur de la strat\u00e9gie \nimmobili\u00e8re \n  \nChambre de commerce et d'industrie de r\u00e9gion Paris - \u00cele-de-France - IDF-2025-07-01-00016 - D\u00e9l\u00e9gation de signature - RH 30\nPage 4 sur 4 \nC\u00e9cile ECALLE  directrice de \nl'apprentissage \n  \nElodie LUQUET directrice de \nl'attractivit\u00e9  \ninternationale \nAlexandre HOLLE  responsable d\u00e9veloppement et \nInnovation p\u00e9dagogique \nVal\u00e9rie AILLAUD directrice de \nl'enseignement \nsup\u00e9rieur et services aux \n\u00e9coles \nThierry GAUTHEROT  responsable administratif \n\u00e9cole \nBrigitte POIR\u00c9-\nMARAUX \ndirectrice du CFA des \nsciences \n  \n \nLa pr\u00e9sente d\u00e9cision sera publi\u00e9e au recueil des actes administratifs de la R\u00e9gion Ile-de-France ainsi que sur le \nsite Internet de la Chambre de commerce et d'industrie de r\u00e9gion Paris -  \u00cele-de-France et se substitue \u00e0 toute \nautre d\u00e9l\u00e9gation relevant de domaine identique. \n \n \n \nFait \u00e0 Paris, le 1er juillet 2025 \nSign\u00e9 \n \nDominique RESTINO \nChambre de commerce et d'industrie de r\u00e9gion Paris - \u00cele-de-France - IDF-2025-07-01-00016 - D\u00e9l\u00e9gation de signature - RH 31\nRectorat de la r\u00e9gion acad\u00e9mique\nd'Ile-de-France, rectorat de l'acad\u00e9mie de Paris\nIDF-2025-04-10-00025\nArr\u00eat\u00e9 n\u00b0 2025-025-RRA portant subd\u00e9l\u00e9gation\nde signature de Mme C\u00e9cile NICOL, d\u00e9l\u00e9gu\u00e9e\nr\u00e9gionale acad\u00e9mique \u00e0 la jeunesse, \u00e0\nl'engagement et aux sports (DRAJES), en mati\u00e8re\nadministrative\nRectorat de la r\u00e9gion acad\u00e9mique d'Ile-de-France, rectorat de l'acad\u00e9mie de Paris - IDF-2025-04-10-00025 - Arr\u00eat\u00e9 n\u00b0 2025-025-RRA\nportant subd\u00e9l\u00e9gation de signature de Mme C\u00e9cile NICOL, d\u00e9l\u00e9gu\u00e9e r\u00e9gionale acad\u00e9mique \u00e0 la jeunesse, \u00e0 l'engagement et aux sports\n(DRAJES), en mati\u00e8re administrative\n32\nEREGION ACADEMIQUEILE-DE-FRANCELibert\u00e9Egalit\u00e9Fraternit\u00e9\n \n1 \n \n \n \n \nArr\u00eat\u00e9 n\u00b02025-025-RRA portant subd\u00e9l\u00e9gation de signature \nde Mme C\u00e9cile NICOL, d\u00e9l\u00e9gu\u00e9e r\u00e9gionale acad\u00e9mique \u00e0 la jeunesse, \n\u00e0 l'engagement et aux sports, en mati\u00e8re administrative \n \nLA DELEGUEE REGIONALE ACADEMIQUE A LA JEUNESSE, \nA L'ENGAGEMENT ET AUX SPORTS D'\u00ceLE-DE-FRANCE \n \nVu le code de l'\u00e9ducation, notamment ses articles R. 222-17, R.335-5 et R. 551-13 ; \nVu le code du service national et notamment ses articles L.120-2, R.120.9 et R.121-35 ;  \nVu le code de l'action sociale et des familles, notamment ses articles L. 432-1, R.227-21, R.227-22, D.432-11 \net D.432-18 ; \nVu le code du sport, notamment ses articles  L 131-12, II de l'article R.114-13, R.114-17, R.114-18, R.114-22 \n(dernier alin\u00e9a) et R.114-37, R.212-10-8 \u00e0 R.212-10-16, D.211-83 \u00e0 90 ; \nVu la loi n\u00b092-125 du 6 f\u00e9vrier 1992 modifi\u00e9e relative \u00e0 l'administration territoriale de la R\u00e9publique ; \nVu la loi n \u00b02001-624 du 17 juillet 2001 modifi\u00e9e portant diverses dispositions d'ordre social, \u00e9ducatif et \nculturel ; \nVu la loi n\u00b02006-586 du 23 mai 2006 modifi\u00e9e relative \u00e0 l'engagement \u00e9ducatif ; \nVu la loi n\u00b0 2008-1249 du 1er d\u00e9cembre 2008 modifi\u00e9e g\u00e9n\u00e9ralisant le revenu de solidarit\u00e9 active et \nr\u00e9formant les politiques d'insertion et notamment son article 25 ; \nVu le d\u00e9cret n\u00b0 2002-571 du 22 avril 2002 modifi\u00e9 relatif \u00e0 l'agr\u00e9ment des associations de jeunesse et \nd'\u00e9ducation populaire ; \nVu le d\u00e9cret n\u00b02004-374 du 29 avril 2004 modifi\u00e9 relatif aux pouvoirs des pr\u00e9fets, \u00e0 l'organisation et \u00e0 l'action \ndes services de l'\u00c9tat dans les r\u00e9gions et d\u00e9partements et notamment le I de son article 33 ; \nVu le d\u00e9cret n\u00b02015-510 du 7 mai 2015 modifi\u00e9 portant charte de la d\u00e9concentration ; \nVu le d\u00e9cret n\u00b02017-574 du 19 avril 2017 relatif \u00e0 la labellisation des structures information jeunesse ; \nVu le d\u00e9cret n\u00b0 2019-1200 du 20 novembre 2019 relatif \u00e0 l'organisation des services d\u00e9concentr\u00e9s des \nministres charg\u00e9s de l'\u00e9ducation nationale et  de l'enseignement sup\u00e9rieur, de la recherche et de \nl'innovation ; \nVu le d\u00e9cret n\u00b0 2020-922 du 29 juillet 2020 portant diverses dispositions relatives au service national \nuniversel, notamment ses articles 3, 4, et 5 ; \nVu le d\u00e9cret n\u00b02020-1542 du 9 d\u00e9cembre 2020 relatif aux comp\u00e9tences des autorit\u00e9s acad\u00e9miques dans le \ndomaine des politiques de la jeunesse, de l'\u00e9ducation populaire, de la vie associative, de l'engagement \ncivique et des sports et \u00e0 l'organisation des services charg\u00e9s de leur mise en \u0153uvre ; \nVu le d\u00e9cret du Pr\u00e9sident de la R\u00e9publique du 12 mars 2025  nommant Mme Julie BENETTI  rectrice de la \nr\u00e9gion acad\u00e9mique Ile-de-France, rectrice de l'acad\u00e9mie de Paris ; \n \n \nRectorat de la r\u00e9gion acad\u00e9mique d'Ile-de-France, rectorat de l'acad\u00e9mie de Paris - IDF-2025-04-10-00025 - Arr\u00eat\u00e9 n\u00b0 2025-025-RRA\nportant subd\u00e9l\u00e9gation de signature de Mme C\u00e9cile NICOL, d\u00e9l\u00e9gu\u00e9e r\u00e9gionale acad\u00e9mique \u00e0 la jeunesse, \u00e0 l'engagement et aux sports\n(DRAJES), en mati\u00e8re administrative\n33\n \n2 \n \n \nVu l'arr\u00eat\u00e9 n\u00b02020 -32 modifi\u00e9 du recteur de la r\u00e9gion acad\u00e9mique d'\u00cele -de-France du 21 d\u00e9cembre 2020 \nportant organisation de la d\u00e9l\u00e9gation r\u00e9gionale acad\u00e9mique \u00e0 la jeunesse, \u00e0 l'engagement et aux sports et \ndes services d\u00e9partementaux \u00e0 la jeunesse, \u00e0 l'engagement et aux sports de la r\u00e9gion acad\u00e9mique d'\u00cele-de-\nFrance; \nVu l'arr\u00eat\u00e9 minist\u00e9riel en date du 8 d\u00e9cembre 2023 nommant Mme C\u00e9cile NICOL dans l'emploi de d\u00e9l\u00e9gu\u00e9e \nr\u00e9gionale acad\u00e9mique \u00e0 la jeunesse, \u00e0 l'engagement et aux sports d'Ile-de-France ; \nVu l'arr\u00eat\u00e9 n\u00b02025-024-RRA du 27 mars 2025 de la rectrice de la r\u00e9gion acad\u00e9mique d'Ile-de-France, rectrice \nde Paris portant d\u00e9l\u00e9gation de signature \u00e0 Mme C\u00e9cile NICOL, d\u00e9l\u00e9gu\u00e9e r\u00e9gionale acad\u00e9mique \u00e0 la jeunesse, \n\u00e0 l'engagement et aux sports d'Ile-de-France, en mati\u00e8re administrative \n \nARRETE \nARTICLE 1 : \nEn cas d'absence ou d'emp\u00eachement de Mme C\u00e9cile NICOL, d\u00e9l\u00e9gu\u00e9e r\u00e9gionale acad\u00e9mique \u00e0 \nla jeunesse, \u00e0 l'engagement et aux sp orts d'Ile -de-France, subd\u00e9l\u00e9gation de signature, en \nmati\u00e8re administrative, est donn\u00e9e \u00e0 Mme Alexandra NOEL, d\u00e9l\u00e9gu\u00e9e r\u00e9gionale acad\u00e9mique \nadjointe \u00e0 la jeunesse, \u00e0 l'engagement et aux sports d'\u00cele -de-France, \u00e0 l'effet de signer les \narr\u00eat\u00e9s, circulaires, d\u00e9cisions, pi\u00e8ces, conventions et correspondances dans les conditions et \nr\u00e9serves fix\u00e9es aux articles 1 er et 3 de l'arr\u00eat\u00e9 du recteur de la r\u00e9gion acad\u00e9mique d'Ile -de-\nFrance, recteur de Paris n\u00b02025-024-RRA du 27 mars 2025 pr\u00e9cit\u00e9. \nARTICLE 2 : \nEn cas d'absence ou d'emp\u00eachement de Mme C\u00e9cile NICOL, d\u00e9l\u00e9gu\u00e9e r\u00e9gionale acad\u00e9mique \u00e0 \nla jeunesse, \u00e0 l'engagement et aux sports d'Ile-de-France, et de Mme Alexandra NOEL, d\u00e9l\u00e9gu\u00e9e \nr\u00e9gionale acad\u00e9mique adjointe \u00e0 la jeunesse, \u00e0 l'engagement et aux sports d '\u00cele-de-France, \nsubd\u00e9l\u00e9gation de signature est donn\u00e9e \u00e0 l'effet de signer tous actes, arr\u00eat\u00e9s, d\u00e9cisions et \ncorrespondances dans les conditions et r\u00e9serves fix\u00e9es aux articles 1er et 3 de l'arr\u00eat\u00e9 n\u00b02025-\n024-RRA du 27 mars 2025 pr\u00e9cit\u00e9, dans la limite de leurs attributions respectives, \u00e0 : \n\uf0a7 Mme Virginie THOBOR, responsable du p\u00f4le sport ; \n\uf0a7 Mme Cl\u00e9mence LACOUR, adjointe \u00e0 la responsable du p\u00f4le sport ; \n\uf0a7 M. Farid MEBARKI, responsable du p\u00f4le jeunesse, engagement et SNU ; \n\uf0a7 Mme Isabelle MARTIN, responsable du p\u00f4le formation-certification ; \n\uf0a7 Mme Pauline CASADIO LORETI, responsable du p\u00f4le fonctions support. \nARTICLE 3 : \nEn cas d'absence ou d'emp\u00eachement de Mme C\u00e9cile NICOL, d\u00e9l\u00e9gu\u00e9e r\u00e9gionale acad\u00e9mique \u00e0 \nla jeunesse, \u00e0 l'engagement et aux sports d'Ile-de-France, et de Mme Alexandra NOEL, d\u00e9l\u00e9gu\u00e9e \nr\u00e9gionale acad\u00e9mique adjointe \u00e0 la jeunesse, \u00e0 l'engagement et aux sports d'\u00cele -de-France, et \nde Mme Pauline CASADIO LORETI , responsable du p\u00f4le fonctions support, subd\u00e9l\u00e9gation de \nsignature, en mati\u00e8re administrative, est donn\u00e9e, \u00e0 l'effet de signer les actes, arr\u00eat\u00e9s, d\u00e9cisions \net correspondances, dans la limite de ses attributions fonctionnelles et dans les conditions et \nr\u00e9serves fix\u00e9es aux articles 1er et 3 de l'arr\u00eat\u00e9 n\u00b02025-024-RRA du 27 mars 2025 pr\u00e9cit\u00e9 \u00e0 : \n\uf0a7 Mme Safia BENFERROUDJ, adjointe \u00e0 la responsable du p\u00f4le fonctions support. \nARTICLE 4 : \nEn cas d'absence ou d'emp\u00eachement de Mme C\u00e9cile NICOL, d\u00e9l\u00e9gu\u00e9e r\u00e9gionale acad\u00e9mique \u00e0 \nla jeunesse, \u00e0 l'engagement et aux sports d'Ile-de-France, et de Mme Alexandra NOEL, d\u00e9l\u00e9gu\u00e9e \nr\u00e9gionale acad\u00e9mique adjointe \u00e0 la jeunesse, \u00e0 l'engagement et aux sports d'\u00cele -de-France, et \nde M. Farid MEBARKI , responsable du p\u00f4le jeunesse, engagement, service national universel, \nsubd\u00e9l\u00e9gation de signature, en mati\u00e8re administrative, est donn\u00e9e, \u00e0 l'effet de signer les actes, \nRectorat de la r\u00e9gion acad\u00e9mique d'Ile-de-France, rectorat de l'acad\u00e9mie de Paris - IDF-2025-04-10-00025 - Arr\u00eat\u00e9 n\u00b0 2025-025-RRA\nportant subd\u00e9l\u00e9gation de signature de Mme C\u00e9cile NICOL, d\u00e9l\u00e9gu\u00e9e r\u00e9gionale acad\u00e9mique \u00e0 la jeunesse, \u00e0 l'engagement et aux sports\n(DRAJES), en mati\u00e8re administrative\n34\n \n3 \narr\u00eat\u00e9s, d\u00e9cisions et correspondances, dans la limite de ses attributions fonctionnelles et dans \nles conditions et r\u00e9serves fix\u00e9es aux articles 1er et 3 de l'arr\u00eat\u00e9 n\u00b02025-024-RRA du 27 mars 2025 \npr\u00e9cit\u00e9 \u00e0 : \n\uf0a7 Mme Mathilde CARDON, adjointe au responsable du p\u00f4le jeunesse, engagement, service \nnational universel. \nARTICLE 5 : \nEn cas d'absence ou d'emp\u00eachement de Mme C\u00e9cile NICOL, d\u00e9l\u00e9gu\u00e9e r\u00e9gionale acad\u00e9mique \u00e0 \nla jeunesse, \u00e0 l'engagement et aux sports d'Ile-de-France, et de Mme Alexandra NOEL, d\u00e9l\u00e9gu\u00e9e \nr\u00e9gionale acad\u00e9mique adjointe \u00e0 la jeunesse, \u00e0 l'engagement et aux sports d'\u00cele -de-France, et \nde Mme Isabelle MARTIN , responsable du p\u00f4le formation \u2013 certification, subd\u00e9l\u00e9gation de \nsignature, en mati\u00e8re administrative, est donn\u00e9e, \u00e0 l'effet de signer les actes, arr\u00eat\u00e9s, d\u00e9cisions \net correspondance, dans la limite de ses attributions fonctionnelles et dans les conditions et \nr\u00e9serves fix\u00e9es aux articles 1er et 3 de l'arr\u00eat\u00e9 n\u00b02025-024-RRA du 27 mars 2025 pr\u00e9cit\u00e9 \u00e0 : \n\uf0a7 Mme Pauline AUG\u00c9, adjointe \u00e0 la responsable du p\u00f4le formation \u2013 certification ; \n\uf0a7 Mme Anne-Claire MIE, adjointe \u00e0 la responsable du p\u00f4le formation \u2013 certification. \nARTICLE 6 : \nL'arr\u00eat\u00e9 n\u00b0 2024-129-RRA du 4 octobre 2024 portant subd\u00e9l\u00e9gation de signature de  \nMme C\u00e9cile NICOL, d\u00e9l\u00e9gu\u00e9e r\u00e9gionale acad\u00e9mique \u00e0 la jeunesse, \u00e0 l'engagement et aux sports, \nen mati\u00e8re administrative, est abrog\u00e9. \nARTICLE 7 : \nLe secr\u00e9taire g\u00e9n\u00e9ral de la r\u00e9gion acad\u00e9mique \u00cele-de-France est charg\u00e9 de l'ex\u00e9cution du pr\u00e9sent \narr\u00eat\u00e9 qui sera publi\u00e9 au recueil des actes administratifs de la pr\u00e9fecture de r\u00e9gion d'\u00cele -de-\nFrance, pr\u00e9fecture de Paris. \nFait \u00e0 Paris, le 10 avril 2025 \nLa d\u00e9l\u00e9gu\u00e9e r\u00e9gionale acad\u00e9mique \u00e0 la jeunesse, \u00e0 \nl'engagement et aux sports d'Ile-de-France, \n \nSign\u00e9 \n \nC\u00e9cile NICOL \n \nRectorat de la r\u00e9gion acad\u00e9mique d'Ile-de-France, rectorat de l'acad\u00e9mie de Paris - IDF-2025-04-10-00025 - Arr\u00eat\u00e9 n\u00b0 2025-025-RRA\nportant subd\u00e9l\u00e9gation de signature de Mme C\u00e9cile NICOL, d\u00e9l\u00e9gu\u00e9e r\u00e9gionale acad\u00e9mique \u00e0 la jeunesse, \u00e0 l'engagement et aux sports\n(DRAJES), en mati\u00e8re administrative\n35\nRectorat de la r\u00e9gion acad\u00e9mique\nd'Ile-de-France, rectorat de l'acad\u00e9mie de Paris\nIDF-2025-07-11-00005\nArr\u00eat\u00e9 n\u00b0 2025-121-RA relatif \u00e0 l'enseignement\nscolaire de l'acad\u00e9mie de Paris portant\nd\u00e9l\u00e9gation de signature de la Rectrice de la\nr\u00e9gion acad\u00e9mique Ile-de France, Rectrice de\nl'acad\u00e9mie de Paris \u00e0 ses chefs de service\nRectorat de la r\u00e9gion acad\u00e9mique d'Ile-de-France, rectorat de l'acad\u00e9mie de Paris - IDF-2025-07-11-00005 - Arr\u00eat\u00e9 n\u00b0 2025-121-RA\nrelatif \u00e0 l'enseignement scolaire de l'acad\u00e9mie de Paris portant d\u00e9l\u00e9gation de signature de la Rectrice de la r\u00e9gion acad\u00e9mique Ile-de\nFrance, Rectrice de l'acad\u00e9mie de Paris \u00e0 ses chefs de service\n36\nACADEMIEDE PARISLibert\u00e9Egalit\u00e9Fraternit\u00e9\n \n \n \n \n \n \nARRETE N\u00b0 2025-121-RA \nrelatif \u00e0 l'enseignement scolaire de l'acad\u00e9mie de Paris \n \nde la Rectrice de la r\u00e9gion acad\u00e9mique \u00cele-de-France, \nRectrice de l'acad\u00e9mie de Paris, \n \nportant d\u00e9l\u00e9gation de signature \u00e0 ses chefs de service \n \n \nVu le code de l'\u00e9ducation et notamment ses articles R 222 -1 et suivants, R 222 -13 et suivants,              \nR 222-19 et suivants, R 222-24 et suivants, R 222-25 et suivants, R 222-36-1 et suivants ; \n \nVus les articles R 222-21 et D 222-22 du code de l'\u00e9ducation ; \n \nVu le d\u00e9cret du Pr\u00e9sident de la R\u00e9publique du 12 mars 2025  portant nomination de Mme Julie \nBENETTI en qualit\u00e9 de rectrice  de la r\u00e9gion acad\u00e9mique Ile -de-France, rectrice de l'acad\u00e9mie de \nParis, \u00e0 compter du 26 mars 2025 ; \n \nVu le d\u00e9cret du Pr\u00e9sident de la R\u00e9publique du 26 f\u00e9vrier 2025 portant nomination de M. Laurent \nNO\u00c9 en qualit\u00e9 de directeur de l'acad\u00e9mie de Paris \u00e0 compter du 3 mars 2025, pour une dur\u00e9e de \nquatre ans ; \n \nVu le d\u00e9cret du Pr\u00e9sident de la R\u00e9publique en date du 17 novembre 2023 portant nomination de \nM. Jean-Fran\u00e7ois BARLE en qualit\u00e9 de directeur acad\u00e9mique des services de l'\u00e9ducation nationale \nde Paris, \u00e0 compter du 20 novembre 2023 ; \n \nVu le d\u00e9cret du Pr\u00e9siden t de la R\u00e9publique en date du 10 octobre 2022  portant nomination de \nMadame Christelle GAUTHEROT en qualit\u00e9 de directrice acad\u00e9mique des services de l'\u00e9ducation \nnationale de Paris, charg\u00e9 du 1er degr\u00e9, \u00e0 compter du 15 octobre 2022 ; \n \nVu le d\u00e9cret du Pr\u00e9sident de la R\u00e9publique en date du 26 septembre 2022 portant nomination de \nM. S\u00e9bastien TAVERGNE, en qualit\u00e9 de directeur acad\u00e9mique adjoint des services de l'\u00e9ducation \nnationale de Paris, \u00e0 compter du 26 septembre 2022 ; \n \nVu le d\u00e9cret du Pr\u00e9sident de la R\u00e9publique en date du  1er f\u00e9vrier 2024  portant nomination de              \nM. Edouard BERTEAUX, personnel de direction, dans l'emploi de directeur acad\u00e9mique adjoint des \nservices de l'\u00e9ducation nationale de Paris ; \n \nVu l'arr\u00eat\u00e9 minist\u00e9riel en date du 18 juillet 2022 portant nomination de Mme Delphine VIOT -\nLEGOUDA, attach\u00e9e d'administration de l'Etat hors classe, dans l'emploi de secr\u00e9taire g\u00e9n\u00e9rale de \nl'acad\u00e9mie de Paris, en charge de l'enseignement scolaire, pour une premi\u00e8re p\u00e9riode de quatre \nans, du 25 ao\u00fbt 2022 au 24 ao\u00fbt 2026 ; \n \nVu l'arr\u00eat\u00e9 minist\u00e9riel  en date du 2 juillet 2025  portant renouvellement de M. Thibaut PIERRE , \nattach\u00e9 d'administration hors classe,  dans l'emploi d'ad joint au secr\u00e9taire g\u00e9n\u00e9ral d'acad\u00e9mie, \ndirecteur des ressources humaines de l'acad\u00e9mie de Paris , pour une p\u00e9riode de quatre ans du          \n1er juillet 2025 au 30 juin 2029 ; \n \nVu l'arr\u00eat\u00e9 minist\u00e9riel du 17 juillet 2024 portant nomination et classement de Mme Marjorie KOUBI, \nattach\u00e9e territoriale hors classe, dans l'emploi d'adj ointe au secr\u00e9taire g\u00e9n\u00e9ral d'acad\u00e9mie, en \ncharge du p\u00f4le \u00e9l\u00e8ves, des partenaires et des politiques \u00e9ducatives au rectorat de l'acad\u00e9mie de \nParis, pour une premi\u00e8re p\u00e9riode de quatre ans du 1er septembre 2024 au 31 ao\u00fbt 2028 ; \nRectorat de la r\u00e9gion acad\u00e9mique d'Ile-de-France, rectorat de l'acad\u00e9mie de Paris - IDF-2025-07-11-00005 - Arr\u00eat\u00e9 n\u00b0 2025-121-RA\nrelatif \u00e0 l'enseignement scolaire de l'acad\u00e9mie de Paris portant d\u00e9l\u00e9gation de signature de la Rectrice de la r\u00e9gion acad\u00e9mique Ile-de\nFrance, Rectrice de l'acad\u00e9mie de Paris \u00e0 ses chefs de service\n37\n \nVu l'arr\u00eat\u00e9 minist\u00e9riel du 19 juillet 2024 portant nomination et classement de M. Jonathan DUVAL, \nattach\u00e9 statisticien principal de l'Insee, dans l'emploi d'adjoint au secr\u00e9taire g\u00e9n\u00e9ral d'acad\u00e9mie, en \ncharge du p\u00f4le programmation scolaire, pilotage et fonctions supports au rectorat de l'acad\u00e9mie de \nParis, pour une premi\u00e8re p\u00e9riode de quatre ans du 1er septembre 2024 au 31 ao\u00fbt 2028 ; \n \nVu l'arr\u00eat\u00e9 minist\u00e9riel du 27 juin 2024  portant nomination et classement de M. Franck HUGOY, \nattach\u00e9 principal d'administration, dans l'emploi d'adminis trateur de l'\u00e9ducation nationale, de \nl'enseignement sup\u00e9rieur et de la recherche, adjoint du directeur des ressources humaines en \ncharge du second degr\u00e9 au rectorat de l'acad\u00e9mie de Paris, pour une premi\u00e8re p\u00e9riode de cinq ans \ndu 22 ao\u00fbt 2024 au 21 ao\u00fbt 2029 ; \n \nVu l'arr\u00eat\u00e9 minist\u00e9riel du 25 mars 2025 portant nomination et classement de Mme Sandrine GRUZ, \nattach\u00e9e principale d'administration, dans l'emploi d'adjointe du directeur des ressources humaines \nen charge du premier degr\u00e9 au rectorat de l'acad\u00e9mie de Paris, \u00e0 compter du 1er avril 2025 ; \n \n \nARR\u00caTE : \n \n \nArticle 1 \u2014 En cas d 'absence ou d'emp\u00eachement de Mme Julie BENETTI, rectrice  de la r\u00e9gion \nacad\u00e9mique \u00cele-de-France, rectrice de l'acad\u00e9mie de Paris, d\u00e9l\u00e9gation g\u00e9n\u00e9ra le de signature est \ndonn\u00e9e \u00e0 M. Laurent NO\u00c9, directeur de l'acad\u00e9mie de Paris, pour toutes les questions relatives aux \n\u00e9coles, aux coll\u00e8ges, aux lyc\u00e9es et aux \u00e9tablissements d'\u00e9ducation sp\u00e9ciale, \u00e0 la formation et \u00e0 la \ngestion des personnels affect\u00e9s aux enseignements qui y sont dispens\u00e9s, ains i qu'\u00e0 la formation \ncontinue des adultes, pour l'exercice des missions relatives au contenu et \u00e0 l'organisation de l'action \n\u00e9ducatrice ainsi qu'\u00e0 la gestion des personnels et des \u00e9tablissements qui y concourent, pour toutes \nles d\u00e9cisions prises dans les ma ti\u00e8res entrant dans le champ de comp\u00e9tences du ministre charg\u00e9 \nde l'\u00e9ducation exerc\u00e9es \u00e0 l'\u00e9chelon de l'acad\u00e9mie et des services d\u00e9partementaux de l'\u00e9ducation \nnationale.  \n \n \nArticle 2 \u2014 En cas d'absence ou d'emp\u00eachement de Mme Julie BENETTI, rectrice de la r\u00e9gion \nacad\u00e9mique \u00cele-de-France, rectrice de l'acad\u00e9mie de Paris , d\u00e9l\u00e9gation g\u00e9n\u00e9rale de signature est \naccord\u00e9e \u00e0 Mme Delphine VIOT-LEGOUDA, secr\u00e9taire g\u00e9n\u00e9rale de l'enseignement scolaire, pour \nl'administration de l'acad\u00e9mie, pour toutes les questions rela tives aux \u00e9coles, aux coll\u00e8ges, aux \nlyc\u00e9es et aux \u00e9tablissements d'\u00e9ducation sp\u00e9ciale, \u00e0 la formation et \u00e0 la gestion des personnels \naffect\u00e9s aux enseignements qui y sont dispens\u00e9s, ainsi qu'\u00e0 la formation continue des adultes. \n \n \nArticle 3 \u2014 En cas d'absence ou d'emp\u00eachement de M. Laurent NO\u00c9, directeur de l'acad\u00e9mie de \nParis, pour les affaires relevant de leurs comp\u00e9tences, d\u00e9l\u00e9gation est donn\u00e9e \u00e0  Mme Christelle \nGAUTHEROT, directrice acad\u00e9mique des services de l'\u00e9ducation nationale de Paris (\u00e9coles e t \ncoll\u00e8ges) et \u00e0 M. Jean-Fran\u00e7ois BARLE, directeur acad\u00e9mique des services de l'\u00e9ducation nationale \nde Paris (2nd degr\u00e9). \n \n \nArticle 4  \u2014 En cas d'absence ou d'emp\u00eachement de Mme Christelle GAUTHEROT, directrice \nacad\u00e9mique des services de l'\u00e9ducation nationa le de Paris (\u00e9coles et coll\u00e8ges), la d\u00e9l\u00e9gation de \nsignature qui lui est accord\u00e9e \u00e0 l'article 3 sera exerc\u00e9e par son adjoint, M. S\u00e9bastien TAVERGNE, \ndirecteur acad\u00e9mique adjoint des services de l'\u00e9ducation nationale de Paris. \n \n \nArticle 5  \u2014 En cas d'absence ou d'emp\u00eachement de M. Jean -Fran\u00e7ois BARLE, directeur \nacad\u00e9mique des services de l'\u00e9ducation nationale de Paris (2 nd degr\u00e9), la d\u00e9l\u00e9gation de signature \nqui lui est accord\u00e9e \u00e0 l'article 3 sera exerc\u00e9e par son adjoint, M. Edouard BERTEAUX , directeur \nacad\u00e9mique adjoint des services de l'\u00e9ducation nationale de Paris. \n \n \nArticle 6 \u2014 En cas d'absence ou d'emp\u00eachement de Mme Delphine VIOT -LEGOUDA, secr\u00e9taire \ng\u00e9n\u00e9rale de l'enseignement scolaire, d\u00e9l\u00e9gation est donn\u00e9e \u00e0 M. Thibaut PIERRE, \u00e0 Mme Marjorie \nKOUBI et \u00e0 M. Jonathan DUVAL, secr\u00e9taires g\u00e9n\u00e9raux adjoints. \nRectorat de la r\u00e9gion acad\u00e9mique d'Ile-de-France, rectorat de l'acad\u00e9mie de Paris - IDF-2025-07-11-00005 - Arr\u00eat\u00e9 n\u00b0 2025-121-RA\nrelatif \u00e0 l'enseignement scolaire de l'acad\u00e9mie de Paris portant d\u00e9l\u00e9gation de signature de la Rectrice de la r\u00e9gion acad\u00e9mique Ile-de\nFrance, Rectrice de l'acad\u00e9mie de Paris \u00e0 ses chefs de service\n38\n \n \nArticle 7 \u2014 En cas d'absence ou d'emp\u00eachement de M. Thibaut PIERRE, secr\u00e9taire g\u00e9n\u00e9ral adjoint, \ndirecteur des ressources humaines, d\u00e9l\u00e9gation est donn\u00e9e \u00e0 M. Franck HUGOY, adjoint du directeur \ndes ressources humaines pour les questions relatives au 2 nd degr\u00e9, et \u00e0 Mme Sandrine GRUZ, \nadjointe du directeur des ressources humaines pour les questions relatives au 1er degr\u00e9.   \n \n \nArticle 8 \u2014 En cas d'absence de M. Laurent NO\u00c9 et de Mme Delphine VIOT-LEGOUDA, et en cas \nd'absence ou d'emp\u00eachement de M. Thibaut PIERRE, Mme Marjorie KOUBI et M. Jonathan DUVAL, \nd\u00e9l\u00e9gation est accord\u00e9e aux chefs de division du rectorat, dans la limite de leurs attributions \nrespectives :  \n \nMme Lynda AMARA, cheffe de la division des personnels administratifs, techniques, sociaux et de \nsant\u00e9 (DPATSS), \nM. Christian ANTHEAUME, chef de la division de l'intendance et de la logistique (DIL),  \nMme Emmanuelle CARBONNEL, cheffe de la division des personnels enseignants du premier degr\u00e9 \npublic (DE), \nMme Elyane CLAUDE, cheffe du service de la coordination paye et du bureau du ch\u00f4mage (SCP), \nM. Tichan GAJU, chef du bureau des personnels d'encadrement (BPE),  \nM. Philippe GUIRAN, responsable administratif de l'Ecole Acad\u00e9mique de Formation continue, \n \nM. St\u00e9phane JEUDY, chef de la division des personnels du sup\u00e9rieur (DPSUP), \nM. Guillaume LE LAY, chef du bureau de l'assistance \u00e9ducative et des contrats aid\u00e9s (BACA),  \nM. David MALRIC, chef de la division des personnels enseignant s du second degr\u00e9 public (DPE), \nMme St\u00e9phanie MECHINE, cheffe du service des affaires m\u00e9dicales et sociales (SAMS) \nM. Jean-Luc MORVAN, chef du bureau des pensions,  \nMme Hadda NEDJAR, cheffe de la division des personnels enseignants du priv\u00e9 (DEP),  \nM. Franck PACINI, chef de la division de l'organisation et de la programmation scolaire (DOPS), \nM. J\u00e9r\u00f4me POISON, chef de la division des affaires financi\u00e8res (DAF), \nM. F\u00e9lix VILLATTE, chef de la division de la vie de l'\u00e9l\u00e8ve (DVE), \nM. Henrick YERBE, chef du servic e interacad\u00e9mique des affaires juridiques (SIAJ) et chef de la \ndivision des affaires juridiques (DAJ). \n \nArticle 9 \u2014 Les arr\u00eat\u00e9s n\u00b0 2025-103-RA du 27 janvier 2025 et n\u00b0 2025-116-RA du 5 mai 2025 sont \nabrog\u00e9s. \n \n \nArticle 10 \u2014 La secr\u00e9taire g\u00e9n\u00e9rale de l'enseignement scolaire de l'acad\u00e9mie de Paris est charg\u00e9e \nde l'ex\u00e9cution du pr\u00e9sent arr\u00eat\u00e9 qui sera publi\u00e9 au recueil des actes administratifs de la pr\u00e9fecture \nde la r\u00e9gion d'\u00cele-de-France, pr\u00e9fecture de Paris. \n \nFait \u00e0 Paris, le 11 juillet 2025         \n \nLa Rectrice de la r\u00e9gion acad\u00e9mique d'\u00cele-de-France, \nRectrice de l'acad\u00e9mie de Paris, \nChanceli\u00e8re des universit\u00e9s de Paris et d'\u00cele-de France, \n                                                                                                                                             Sign\u00e9 \n \nJulie BENETTI \n \nRectorat de la r\u00e9gion acad\u00e9mique d'Ile-de-France, rectorat de l'acad\u00e9mie de Paris - IDF-2025-07-11-00005 - Arr\u00eat\u00e9 n\u00b0 2025-121-RA\nrelatif \u00e0 l'enseignement scolaire de l'acad\u00e9mie de Paris portant d\u00e9l\u00e9gation de signature de la Rectrice de la r\u00e9gion acad\u00e9mique Ile-de\nFrance, Rectrice de l'acad\u00e9mie de Paris \u00e0 ses chefs de service\n39","date":"2025-07-22","first_seen_on":"2025-07-22T16:36:50+00:00","id":"365c34bcdb99c1f8062b6cacfd1501c2067fda80e2d1069fd564acc5e7f5105d","name":"recueilDS-idf-039-2025-07-recueil-des-actes-administratifs-special du 22.07.2025","pdf_creation_date":"2025-07-22T14:34:34+00:00","pdf_modification_date":null,"timezone":"Europe/Paris","url":"https://www.prefectures-regions.gouv.fr/ile-de-france/irecontenu/telechargement/129688/954706/file/recueilDS-idf-039-2025-07-recueil-des-actes-administratifs-special%20du%2022.07.2025.pdf"}
