{"administration":"ppparis","administration_name":"Pr\u00e9fecture de police de Paris","content":"PREFECTUREDE POLICELibert\u00e9Egalit\u00e9Fraternit\u00e9\nce\nCABINET DU PREFET\nArr\u00eat\u00e9 n\u00b0 2025-01612\nportant mesures de police applicables le dimanche 30 novembre 2025\nLe pr\u00e9fet de police,\nVu le r\u00e8glement (CE) n\u00b0 1272/2008 du Parlement europ\u00e9en et du Conseil du 16 d\u00e9cembre  \n2008 modifi\u00e9 relatif \u00e0 la classification, \u00e0 l'\u00e9tiquetage et \u00e0 l'emballage des substances et des  \nm\u00e9langes\u00a0;\nVu le code de l'environnement, notamment le chapitre VII du titre V du livre V\u00a0;\nVu  le  code  g\u00e9n\u00e9ral  des  collectivit\u00e9s  territoriales,  notamment  ses  articles  L.  2512-13  et \nL. 2512-14\u00a0;\nVu le code p\u00e9nal, notamment ses articles 132-75, 431-9, 431-9-1, R.610-5 et R.644-5\u00a0;\nVu le code de proc\u00e9dure p\u00e9nale, notamment ses articles 78-2-4, 78-2-5 et R.48-1\u00a0;\nVu le code de la s\u00e9curit\u00e9 int\u00e9rieure, notamment ses articles L. 122-1 et L. 211-1 \u00e0 L.\u00a0211-3\u00a0;\nVu  le  d\u00e9cret  n\u00b0  2004-374  du  29  avril  2004  modifi\u00e9  relatif  aux  pouvoirs  des  pr\u00e9fets,  \u00e0 \nl'organisation et \u00e0 l'action des services de l'Etat dans les r\u00e9gions et d\u00e9partements ;\nVu le d\u00e9cret du 22 octobre 2025 par lequel M. Patrice FAURE, administrateur de l'Etat du  \ntroisi\u00e8me grade, directeur de cabinet du Pr\u00e9sident de la R\u00e9publique, est nomm\u00e9 pr\u00e9fet de  \npolice (groupe I), \u00e0 compter du 23 octobre 2025\u00a0;\nConsid\u00e9rant que, en application des articles L. 122-1 du code de la s\u00e9curit\u00e9 int\u00e9rieure et 72  \ndu d\u00e9cret du 29 avril 2004 susvis\u00e9, le pr\u00e9fet de police a la charge \u00e0 Paris, de l'ordre public,  \nnotamment la pr\u00e9vention des atteintes \u00e0 la s\u00e9curit\u00e9 des personnes et des biens\u00a0;\nConsid\u00e9rant que, en application de l'article 439-1 du code p\u00e9nal, le fait d'avoir organis\u00e9 une \nmanifestation sur la voie publique n'ayant pas fait l'objet d'une d\u00e9claration pr\u00e9alable dans  \nles conditions fix\u00e9es par la loi est puni de six mois d'emprisonnement et de 7 500 euros  \nd'amende ;\nConsid\u00e9rant  que,  en  application  de  l'article  431-9-1  du  code  p\u00e9nal,  le  fait  pour  une \npersonne de dissimuler volontairement tout ou partie de son visage sans motif l\u00e9gitime au  \nsein, ou aux abords imm\u00e9diats, d'une manifestation sur la voie publique au cours, ou \u00e0  \nl'issue, de laquelle des troubles \u00e0 l'ordre public sont commis ou risquent d'\u00eatre commis est  \npuni d'un an d'emprisonnement et de 15 000 \u20ac d'amende\u00a0;\nConsid\u00e9rant que sont punis de l'amende pr\u00e9vue pour les contraventions de la 4e classe la  \nviolation des interdictions et le manquement aux obligations \u00e9dict\u00e9es par arr\u00eat\u00e9s pris sur le  \nfondement des pouvoirs de police, en application de l'article R. 644-5 du code p\u00e9nal relatif  \n1\n2025-01612\n\u00e0 l'usage des artifices de divertissement sur la voie publique et le transport de r\u00e9cipients  \ncontenant du carburant \u00e0 l'occasion d'\u00e9v\u00e9nements comportant des risques d'atteinte \u00e0 la  \ns\u00e9curit\u00e9 publique ; que l'article R. 48-1 du code de proc\u00e9dure p\u00e9nale rend applicable la  \nproc\u00e9dure de l'amende forfaitaire pour les contraventions pr\u00e9cit\u00e9es\u00a0;\nConsid\u00e9rant que, en application des r\u00e9quisitions \u00e9crites du procureur de la R\u00e9publique, les  \nofficiers de police judiciaire et, sur l'ordre et sous la responsabilit\u00e9 de ceux-ci, les agents de  \npolice judiciaire, sont autoris\u00e9s \u00e0 proc\u00e9der sur les lieux d'une manifestation et \u00e0 ses abords  \nimm\u00e9diats \u00e0 l'inspection visuelle et \u00e0 la fouille des bagages, ainsi qu'\u00e0 la visite de v\u00e9hicules  \ncirculant, arr\u00eat\u00e9s ou stationnant sur la voie publique, conform\u00e9ment \u00e0 l'article 78-2-5 du  \ncode de proc\u00e9dure p\u00e9nale\u00a0;\nConsid\u00e9rant que  se tiendra le dimanche 30 novembre 2025 \u00e0 Paris 19\u00e8me le concert de  \nl'orchestre philharmonique de Rotterdam \u00e0 la Philharmonie de Paris, dirig\u00e9 par le chef  \nisra\u00e9lien  Lahav  SHANI ;  que  le  concert  de  l'orchestre  philharmonique  d'Isra\u00ebl  \u00e0  la \nPhilharmonie  de  Paris,  \u00e9galement  dirig\u00e9  par  Lahav  SHANI,  qui  s'est  d\u00e9roul\u00e9  le  jeudi  6 \nnovembre dernier, a \u00e9t\u00e9 \u00e9maill\u00e9 d'incidents  ; qu'en effet, des militants pro-palestiniens ont  \nperturb\u00e9 \u00e0 plusieurs reprises la repr\u00e9sentation en prof\u00e9rant des cris hostiles tels que \u00ab Isra\u00ebl \nassassin \u00bb,  en  distribuant  des  tracts  propagandistes,  et  en  allumant  des  fumig\u00e8nes \nentra\u00eenant une \u00e9vacuation partielle et des affrontements physiques entre spectateurs  ; \nque, par ailleurs, un rassemblement non d\u00e9clar\u00e9, annonc\u00e9 en amont sur les r\u00e9seaux sociaux, \na  eu  lieu  aux  abords  de  la  Philharmonie,  au  cours  duquel  plusieurs  militants  ont  \u00e9t\u00e9 \nverbalis\u00e9s ; que ces incidents ont gravement perturb\u00e9 le d\u00e9roulement de la repr\u00e9sentation  \net  mis  en  p\u00e9ril  la  s\u00e9curit\u00e9  des  artistes,  du  public  et  du  personnel,  conduisant  la \nPhilharmonie de Paris a d\u00e9pos\u00e9 plusieurs plaintes ; que ces \u00e9v\u00e9nements surviennent dans  \nun contexte national et international tendu li\u00e9 \u00e0 la situation au Proche-Orient  ; qu'eu \u00e9gard \nau  contexte  pr\u00e9cit\u00e9,  il  existe  un  risque  \u00e9lev\u00e9  que  de  nouveaux  rassemblements  non \nd\u00e9clar\u00e9s aient lieu \u00e0 l'occasion du concert de l'orchestre philharmonique de Rotterdam \u00e0 la \nPhilharmonie de Paris ce dimanche 30 novembre ; que de tels rassemblements pourraient  \n\u00eatre de nature \u00e0 troubler l'ordre public\u00a0;\nConsid\u00e9rant,  enfin,  qu'il  appartient  \u00e0  l'autorit\u00e9  de  police  comp\u00e9tente  de  concilier \nl'exercice du droit de manifester avec les imp\u00e9ratifs de l'ordre public \u00a0; que, dans ce cadre,  \nelle se doit de prendre les mesures de nature \u00e0 pr\u00e9venir, outre les infractions \u00e0 la loi p\u00e9nale, \nles  troubles  \u00e0  l'ordre  public  \u00e0  partir  de  l'appr\u00e9ciation  qu'elle  fait  du  risque  qu'ils \nsurviennent\u00a0; que r\u00e9pond \u00e0 ces objectifs une mesure qui d\u00e9finit un p\u00e9rim\u00e8tre dans lequel  \ndes restrictions sont mises en \u0153uvre, notamment \u00e0 l'\u00e9gard de rassemblements pr\u00e9sentant  \ndes risques de troubles graves \u00e0 l'ordre public, afin de garantir la s\u00e9curit\u00e9 des personnes et  \ndes biens\u00a0;\nARRETE :\nTITRE PREMIER\nMESURES INTERDISANT TOUT RASSEMBLEMENT NON D\u00c9CLAR\u00c9 DANS CERTAINS SECTEURS DE PARIS\nArticle 1er \u2013 La pr\u00e9sence et la circulation des personnes participant \u00e0 des cort\u00e8ges, d\u00e9fil\u00e9s  \net rassemblements qui n'ont pas \u00e9t\u00e9 d\u00e9clar\u00e9s, dans les conditions fix\u00e9es par la loi, sont  \ninterdites le dimanche 30 novembre 2025 de 18h00 \u00e0 23h59 dans le p\u00e9rim\u00e8tre d\u00e9limit\u00e9  \nselon la cartographie figurant en annexe.\n2\n2025-01612\nTITRE II\nMESURES DE POLICE APPLICABLES AUX ABORDS ET AU SEIN DES CORT\u00c8GES, D\u00c9FIL\u00c9S ET RASSEMBLEMENTS \nAU SEIN DU P\u00c9RIM\u00c8TRE\nArticle 2 \u2013 Dans le p\u00e9rim\u00e8tre institu\u00e9 par l'article 1er et durant la p\u00e9riode mentionn\u00e9e par ce \nm\u00eame article sont interdits aux abords et au sein des cort\u00e8ges, d\u00e9fil\u00e9s et rassemblements le \nport et le transport par des particuliers, sans motif l\u00e9gitime\u00a0:\n- d'armes par nature et de tous objets susceptibles de constituer une arme au sens de  \nl'article 132-75 du code p\u00e9nal\u00a0;\n- d'artifices de divertissement et d'articles pyrotechniques\u00a0;\n- dans  des  conteneurs  individuels,  de  substances  ou  de  m\u00e9langes  dangereux,  \ninflammables ou corrosifs, au sens du r\u00e8glement (CE) n\u00b0 1272/2008 du Parlement  \neurop\u00e9en et du Conseil du 16 d\u00e9cembre 2008 susvis\u00e9, tels que l'essence, le p\u00e9trole, le  \ngaz, l'alcool \u00e0 br\u00fbler, le m\u00e9thanol, la t\u00e9r\u00e9benthine, les solvants\u00a0;\n- d'\u00e9quipements de protection destin\u00e9 \u00e0 mettre en \u00e9chec tout ou partie des moyens  \nutilis\u00e9s par les repr\u00e9sentants de la force publique pour le maintien de l'ordre public.\nTITRE III\nDISPOSITIONS FINALES\nArticle 3 \u2013 Le pr\u00e9fet, directeur du cabinet du pr\u00e9fet de police, le directeur de l'ordre public \net de la circulation et le directeur de la s\u00e9curit\u00e9 de proximit\u00e9 de l'agglom\u00e9ration parisienne  \nsont charg\u00e9s, chacun en ce qui le concerne, de l'ex\u00e9cution du pr\u00e9sent arr\u00eat\u00e9 qui entrera en  \nvigueur \u00e0 compter de son affichage aux portes de la pr\u00e9fecture de police, sera publi\u00e9 au  \nrecueil des actes administratifs du d\u00e9partement de Paris, consultable sur le site internet de  \nla pr\u00e9fecture de police ( https://www.prefecturedepolice.interieur.gouv.fr) et transmis \u00e0 la  \nprocureure de la R\u00e9publique pr\u00e8s le tribunal judiciaire de Paris.\nFait \u00e0 Paris, le 28 novembre 2025\nSIGN\u00c9\nPatrice FAURE\n3\n2025-01612\nAnnexe de l'arr\u00eat\u00e9 n\u00b0 2025-01612 du 28 novembre 2025 \nVOIES ET DELAIS DE RECOURS\n_______________________\nSi vous estimez devoir contester le pr\u00e9sent arr\u00eat\u00e9, il vous est possible, dans un d\u00e9lai de deux \nmois \u00e0 compter de la date de son affichage ou de sa publication  au recueil des actes  \nadministratifs du d\u00e9partement de Paris :\n- soit de saisir d'un RECOURS GRACIEUX\nle Pr\u00e9fet de Police\n7/9, boulevard du Palais - 75195 PARIS RP\n- ou de former un RECOURS HIERARCHIQUE\n  aupr\u00e8s du Ministre de l'int\u00e9rieur\n  Direction des libert\u00e9s publiques et des affaires juridiques\n  place Beauvau - 75008 PARIS\n- soit de saisir d'un RECOURS CONTENTIEUX\nle Tribunal administratif comp\u00e9tent\nAucune de ces voies et recours ne suspend l'application de la pr\u00e9sente d\u00e9cision.\nLes recours GRACIEUX et HIERARCHIQUE doivent \u00eatre \u00e9crits, exposer les arguments ou  \nfaits nouveaux et comprendre la copie de l'arr\u00eat\u00e9 contest\u00e9.\nLe recours CONTENTIEUX, qui vise \u00e0 contester la LEGALITE de la pr\u00e9sente d\u00e9cision, doit  \n\u00e9galement \u00eatre \u00e9crit et exposer votre argumentation juridique.\nSi vous n'aviez pas de r\u00e9ponse \u00e0 votre recours GRACIEUX ou HIERARCHIQUE dans un d\u00e9lai  \nde  deux  mois  \u00e0  compter  de  la  r\u00e9ception  de  votre  recours  par  l'administration,  votre \ndemande devra \u00eatre consid\u00e9r\u00e9e comme rejet\u00e9e (d\u00e9cision implicite de rejet).\nEn cas de rejet des recours GRACIEUX ou HIERARCHIQUE, le Tribunal administratif peut  \n\u00eatre saisi d'un recours contentieux dans le d\u00e9lai de deux mois \u00e0 compter de la date de la  \nd\u00e9cision de rejet.\n4\n2025-01612\n5\n2025-01612","date":"2025-11-28","first_seen_on":"2025-11-28T11:05:16+00:00","id":"36d9a1b21e11c0c74c80522bb81c71d328f292430f0362d4835610bcab716710","name":"Arr\u00eat\u00e9 2025-01612 portant mesures de police applicables le dimanche 30 novembre 2025","pdf_creation_date":"2025-11-28T09:30:45+00:00","pdf_modification_date":null,"timezone":"Europe/Paris","url":"https://www.prefecturedepolice.interieur.gouv.fr/sites/default/files/Documents/2025_01612_28112025.pdf"}
