{"administration":"pref30","administration_name":"Pr\u00e9fecture du Gard","content":"PR\u00c9FET\nDU GARD\nRECUEIL DES ACTES\nADMINISTRATIFS SP\u00c9CIAL\nN\u00b030-2025-016\nPUBLI\u00c9 LE 27 JANVIER 2025\nSommaire\nPrefecture du Gard /\n30-2025-01-27-00003 - Arr\u00eat\u00e9 donnant d\u00e9l\u00e9gation de signature au\ntitre du d\u00e9cret du 7 novembre 2012 relatif \u00e0 la gestion budg\u00e9taire et\ncomptable publique \u00e0 M Fr\u00e9d\u00e9ric FORNER, directeur\nd\u00e9partemental de la protection des populations, pour l'ordonnancement\nsecondaire des recettes et des d\u00e9penses des budgets op\u00e9rationnels de\nprogramme 354, 723, 206, 134 et 181. (2 pages) Page 3\n30-2025-01-27-00002 - Arr\u00eat\u00e9 donnant d\u00e9l\u00e9gation de signature et\nmandat de repr\u00e9sentation \u00e0 M. Fr\u00e9d\u00e9ric FORNER, directeur\nd\u00e9partemental de la protection des populations  (2 pages) Page 6\n30-2025-01-27-00001 - Arr\u00eat\u00e9 portant d\u00e9signation de la personne\nresponsable de l'acc\u00e8s aux documents administratifs et questions\nrelatives \u00e0 la r\u00e9utilisation des informations publiques (PRADA) (2 pages) Page 9\n2\nPrefecture du Gard\n30-2025-01-27-00003\nArr\u00eat\u00e9 donnant d\u00e9l\u00e9gation de signature au titre\ndu d\u00e9cret du 7 novembre 2012 relatif \u00e0 la gestion\nbudg\u00e9taire et comptable publique \u00e0 M Fr\u00e9d\u00e9ric\nFORNER, directeur d\u00e9partemental de la\nprotection des populations, pour\nl'ordonnancement secondaire des recettes et\ndes d\u00e9penses des budgets op\u00e9rationnels de\nprogramme 354, 723, 206, 134 et 181.\nPrefecture du Gard - 30-2025-01-27-00003 - Arr\u00eat\u00e9 donnant d\u00e9l\u00e9gation de signature au titre du d\u00e9cret du 7 novembre 2012 relatif \u00e0 la\ngestion budg\u00e9taire et comptable publique \u00e0 M Fr\u00e9d\u00e9ric FORNER, directeur d\u00e9partemental de la protection des populations, pour\nl'ordonnancement secondaire des recettes et des d\u00e9penses des budgets op\u00e9rationnels de programme 354, 723, 206, 134 et 181.3\nPREFET\nDU GARD\nLibert\u00e9\nEgalit\u00e9\nFraternit\u00e9\nDirection de la citoyennet\u00e9, \nde la l\u00e9galit\u00e9 et de la coordination\nService de la coordination, des politiques \npubliques et de l'appui territorial\nArr\u00eat\u00e9\ndonnant d\u00e9l\u00e9gation de signature au titre du d\u00e9cret du 7 novembre 2012\n relatif \u00e0 la gestion budg\u00e9taire et comptable publique\n\u00e0 \nM. Fr\u00e9d\u00e9ric FORNER, directeur d\u00e9partemental de la protection des populations ,\npour l'ordonnancement secondaire des recettes et des d\u00e9penses d es budgets op\u00e9rationnels  \nde programme  354, 723, 206, 134 et 181\nLe pr\u00e9fet du Gard\nChevalier de la L\u00e9gion d'honneur,\nChevalier de l'ordre national du M\u00e9rite \nVU le code des march\u00e9s publics ;\nVU la loi organique n\u00b0 2001-692 du 1er ao\u00fbt 2001 relative aux lois de finances  ;\nVU la loi n\u00b0 82-213 du 2 mars 1982 modifi\u00e9e relative aux droits et libert\u00e9s des communes, des  \nd\u00e9partements et des r\u00e9gions ;\nVU la loi n\u00b02004-809 du 13 ao\u00fbt 2004 relative aux libert\u00e9s et responsabilit\u00e9s locales  ;\nVU le d\u00e9cret n\u00b0 99-89 du 8 f\u00e9vrier 1999 pris en application de l'article 3 du d\u00e9cret n\u00b0 98-81 du  \n11 f\u00e9vrier 1998 modifiant la loi n\u00b0 68.1250 du 31 d\u00e9cembre 1968 relative \u00e0 la prescription des  \ncr\u00e9ances sur l'\u00c9tat, les d\u00e9partements, les communes et leurs \u00e9tablissements publics et relatif  \naux d\u00e9cisions prises par l'\u00c9tat en mati\u00e8re de prescription quadriennale ; \nVU le  d\u00e9cret  n\u00b0  2004-374  du  29  avril  2004  modifi\u00e9  relatif  aux  pouvoirs  des  pr\u00e9fets,  \u00e0  \nl'organisation et \u00e0 l'action des services de l'\u00c9tat dans les r\u00e9gions et les d\u00e9partements  ;\nVU le d\u00e9cret  n\u00b0 2005-54 du 27 juin 2005 relatif au contr\u00f4le financier au sein des administra -\ntions de l'Etat ;\nVU le d\u00e9cret n\u00b0 2012-1246 du 7 novembre 2012 relatif \u00e0 la gestion budg\u00e9taire et comptable  \npublique ;\nVU le d\u00e9cret du 13 juillet 2023 nommant M. J\u00e9r\u00f4me BONET, pr\u00e9fet du Gard ;\nVU l'arr\u00eat\u00e9 du premier ministre du 8 janvier 2025 nommant  M. Fr\u00e9d\u00e9ric FORNER,  directeur \nd\u00e9partemental de la protection des populations  du Gard, \u00e0 compter du 1er f\u00e9vrier 2025 ;\nVu l'arr\u00eat\u00e9 n\u00b030-2023608621600022 du 21 ao\u00fbt 2023 donnant d\u00e9l\u00e9gation de signature au titre  \ndu d\u00e9cret du 7 novembre 2012 relatif \u00e0 la gestion budg\u00e9taire et comptable publique  \u00e0  M. \nClaude COLARDELLE , directeur d\u00e9partemental de la protection des populations,  pour l'or-\ndonnancement secondaire des recettes et des d\u00e9penses d es budgets op\u00e9rationnels de pro -\ngramme  354 et 723 ;\nSur proposition du  s ecr\u00e9taire g\u00e9n\u00e9ral de la pr\u00e9fecture du Gard  ;\nPrefecture du Gard - 30-2025-01-27-00003 - Arr\u00eat\u00e9 donnant d\u00e9l\u00e9gation de signature au titre du d\u00e9cret du 7 novembre 2012 relatif \u00e0 la\ngestion budg\u00e9taire et comptable publique \u00e0 M Fr\u00e9d\u00e9ric FORNER, directeur d\u00e9partemental de la protection des populations, pour\nl'ordonnancement secondaire des recettes et des d\u00e9penses des budgets op\u00e9rationnels de programme 354, 723, 206, 134 et 181.4\nARRETE\nArticle  1 : D\u00e9l\u00e9gation  de  signature  est  donn\u00e9e  \u00e0  M.  Fr\u00e9d\u00e9ric  FORNER,  directeur \nd\u00e9partemental  de  la  protection  des  populations  du  Gard,  en  sa  qualit\u00e9  d'ordonnateur  \nsecondaire d\u00e9l\u00e9gu\u00e9 des BOP 354, 723, 206, 134 et 181,  \u00e0 l'effet de signer, dans la limite des  \nbudgets  notifi\u00e9s,  tous  les  actes  relatifs  \u00e0  l'ex\u00e9cution  des  recettes  et  des  d\u00e9penses,   \u00e0  \nl'exclusion des :\n-  op\u00e9rations  de  fongibilit\u00e9  et  d'utilisation  des  marges  de  man\u0153uvre  qui  rel\u00e8vent  de  la  \ncomp\u00e9tence du responsable du BOP , \n- ordres de r\u00e9quisition du comptable public.\nArticle 2 :  D\u00e9l\u00e9gation de signature est \u00e9galement donn\u00e9e \u00e0 M. Fr\u00e9d\u00e9ric FORNER,  directeur \nd\u00e9partemental de la protection des populations,   pour opposer la prescription quadriennale  \naux titulaires de cr\u00e9ances sur l'\u00c9tat ainsi que pour relever de la prescription ces m\u00eames  \ncr\u00e9anciers sous r\u00e9serve d'avis conforme du comptable assignataire et dans la limite des seuils  \nfix\u00e9s.\nEn cas d'avis non conforme du comptable, le pr\u00e9fet  reste seul comp\u00e9tent.\nArticle 3 :  M. Fr\u00e9d\u00e9ric FORNER,  directeur d\u00e9partemental de la protection des populations,  \nre\u00e7oit d\u00e9l\u00e9gation de signature, \u00e0 l'effet de signer les march\u00e9s de l'\u00c9tat et tous les actes  \nd\u00e9volus \u00e0 la personne responsable des march\u00e9s par le code des march\u00e9s publics en ce qui  \nconcerne  les  affaires  relevant  de  sa  comp\u00e9tence  en  qualit\u00e9  d'ordonnateur  secondaire  \nd\u00e9l\u00e9gu\u00e9 des BOP 354 et 723, 206, 134 et 181.\nArticle    4   :  M.  Fr\u00e9d\u00e9ric FORNER , directeur d\u00e9partemental de la protection des populations   \npeut, sous sa responsabilit\u00e9, subd\u00e9l\u00e9guer sa signature \u00e0 ses collaborateurs \u00e0 l'effet de signer  \ntoutes les d\u00e9cisions concernant les mati\u00e8res \u00e9num\u00e9r\u00e9es aux articles 1, 2 et 3 du pr\u00e9sent  \narr\u00eat\u00e9. Il  d\u00e9finira, \u00e0 cet effet, par arr\u00eat\u00e9, pris en mon nom, la liste de ses collaborateurs  \nhabilit\u00e9s  \u00e0  signer  les  actes  \u00e0  sa  place.  Cette  d\u00e9cision  sera  publi\u00e9e  au  recueil  des  actes  \nadministratifs de la pr\u00e9fecture et visera le pr\u00e9sent arr\u00eat\u00e9.\nArticle   5   : La  signature  du  d\u00e9l\u00e9gataire  ou  du  subd\u00e9l\u00e9gataire  et  sa  qualit\u00e9  devront  \u00eatre  \npr\u00e9c\u00e9d\u00e9es de la mention suivante  : \u00ab pour le pr\u00e9fet et par d\u00e9l\u00e9gation  \u00bb.\nArticle 6 : Toutes dispositions ant\u00e9rieures relatives \u00e0 une d\u00e9l\u00e9gation de signature en mati\u00e8re  \nd'ordonnancement secondaire sont abrog\u00e9es\nArticle 7 : Le pr\u00e9sent arr\u00eat\u00e9 prend effet \u00e0 compter du 1er f\u00e9vrier 2025.\nArticle 8 : Le secr\u00e9taire g\u00e9n\u00e9ral de la pr\u00e9fecture  du Gard, le directeur  r\u00e9gional des finances \npubliques  et  le  directeur  d\u00e9partemental  de  la  protection  des  populations  sont  charg\u00e9s,  \nchacun en ce qui le concerne, de l'ex\u00e9cution du pr\u00e9sent arr\u00eat\u00e9 qui sera publi\u00e9 au recueil des  \nactes administratifs de la pr\u00e9fecture du Gard.\nN\u00eemes, le 27 janvier 2025\nLe pr\u00e9fet,\n sign\u00e9\n  J\u00e9r\u00f4me BONETPrefecture du Gard - 30-2025-01-27-00003 - Arr\u00eat\u00e9 donnant d\u00e9l\u00e9gation de signature au titre du d\u00e9cret du 7 novembre 2012 relatif \u00e0 la\ngestion budg\u00e9taire et comptable publique \u00e0 M Fr\u00e9d\u00e9ric FORNER, directeur d\u00e9partemental de la protection des populations, pour\nl'ordonnancement secondaire des recettes et des d\u00e9penses des budgets op\u00e9rationnels de programme 354, 723, 206, 134 et 181.5\nPrefecture du Gard\n30-2025-01-27-00002\nArr\u00eat\u00e9 donnant d\u00e9l\u00e9gation de signature et\nmandat de repr\u00e9sentation \u00e0 M. Fr\u00e9d\u00e9ric FORNER,\ndirecteur d\u00e9partemental de la protection des\npopulations \nPrefecture du Gard - 30-2025-01-27-00002 - Arr\u00eat\u00e9 donnant d\u00e9l\u00e9gation de signature et mandat de repr\u00e9sentation \u00e0 M. Fr\u00e9d\u00e9ric\nFORNER, directeur d\u00e9partemental de la protection des populations 6\nPREFET\nDU GARD\nLibert\u00e9\nEgalit\u00e9\nFraternit\u00e9\nDirection de la citoyennet\u00e9, \nde la l\u00e9galit\u00e9 et de la coordination\nService de la coordination, des politiques \npubliques et de l'appui territorial\nArr\u00eat\u00e9\ndonnant d\u00e9l\u00e9gation de signature et mandat de repr\u00e9sentation \n\u00e0 M. Fr\u00e9d\u00e9ric FORNER, directeur d\u00e9partemental de la protection des populations\nLe pr\u00e9fet du Gard\nChevalier de la L\u00e9gion d'honneur,\nChevalier de l'ordre national du M\u00e9rite \nVu le code de la consommation ;\nVu le code de commerce ;\nVu le code rural et de la p\u00eache maritime ;\nVu le code de la sant\u00e9 publique ;\nVu le code de l'environnement ;\nVu le d\u00e9cret n\u00b0 97-34 du 15 janvier 1997 modifi\u00e9 relatif \u00e0 la d\u00e9concentration des d\u00e9cisions \nadministratives individuelles ;\nVu  le  d\u00e9cret  n\u00b0  2004-374  du  29  avril  2004  modifi\u00e9  relatif  aux  pouvoirs  des  pr\u00e9fets,  \u00e0  \nl'organisation et \u00e0 l'action des services de l'Etat dans les r\u00e9gions et d\u00e9partements ;\nVu le d\u00e9cret n\u00b0 2008-158 du 22 f\u00e9vrier 2008 relatif \u00e0 la suppl\u00e9ance des pr\u00e9fets de r\u00e9gion et \u00e0 la \nd\u00e9l\u00e9gation de signature des pr\u00e9fets et des hauts commissaires de la R\u00e9publique en Polyn\u00e9sie  \nfran\u00e7aise et en Nouvelle-Cal\u00e9donie ;\nVu le d\u00e9cret n\u00b0 2009-176 du 16 f\u00e9vrier 2009 modifiant le d\u00e9cret n\u00b0 64-805 du 29 juillet 1964  \nfixant  les  dispositions  r\u00e9glementaires  applicables  aux  pr\u00e9fets  et  le  d\u00e9cret  n\u00b0  2004-374  \ndu 29 avril 2004 modifi\u00e9 relatif aux pouvoirs des pr\u00e9fets, \u00e0 l'organisation et \u00e0 l'action des  \nservices de l'Etat dans les r\u00e9gions et d\u00e9partements ;\nVu le  d\u00e9cret  n\u00b0  2009-1484  du  3  d\u00e9cembre  2009  relatif  aux  directions  d\u00e9partementales  \ninterminist\u00e9rielles ;\nVu le d\u00e9cret n\u00b02015-510 du 7 mai 2015 portant charte de la d\u00e9concentration ;\nVu le d\u00e9cret du 13 juillet 2023 nommant M. J\u00e9r\u00f4me BONET, pr\u00e9fet du Gard ;\nVu l'arr\u00eat\u00e9 du premier ministre du 8 janvier 2025 nommant  M.  Fr\u00e9d\u00e9ric FORNER ,  directeur \nd\u00e9partemental de la protection des populations du Gard, \u00e0 compter du 1er f\u00e9vrier 2025 ;\nVu l'arr\u00eat\u00e9  n\u00b0  30-2023-08-21-00021  du  21  ao\u00fbt  2023  donnant  d\u00e9l\u00e9gation  de  signature  et  \nmandat  de  repr\u00e9sentation  \u00e0  M.  Claude  COLARDELLE ,  directeur  d\u00e9partemental  de  la  \nprotection des populations.\nSur proposition du secr\u00e9taire g\u00e9n\u00e9ral de la pr\u00e9fecture du Gard ;\nPrefecture du Gard - 30-2025-01-27-00002 - Arr\u00eat\u00e9 donnant d\u00e9l\u00e9gation de signature et mandat de repr\u00e9sentation \u00e0 M. Fr\u00e9d\u00e9ric\nFORNER, directeur d\u00e9partemental de la protection des populations 7\nARRETE :\nA  rticle    1   :  D\u00e9l\u00e9gation  de  signature  est  donn\u00e9e  \u00e0  M.  Fr\u00e9d\u00e9ric  FORNER,  directeur \nd\u00e9partemental de la protection des populations du Gard, \u00e0 l'effet de signer tous les actes,  \nd\u00e9cisions, circulaires, rapports, correspondances et documents relevant des attributions et  \ncomp\u00e9tences de son service, sous r\u00e9serve des affaires signal\u00e9es soumises \u00e0 la signature du  \npr\u00e9fet.\nArticle 2 : Demeurent r\u00e9serv\u00e9s \u00e0 la signature du pr\u00e9fet :\n-les lettres, d\u00e9cisions et circulaires aux maires,\n-toutes correspondances adress\u00e9es aux cabinets minist\u00e9riels ainsi que celles destin\u00e9es aux  \nadministrations centrales,\n-toutes  correspondances  adress\u00e9es  aux  maires,  pr\u00e9sidents  des  \u00e9tablissements  de  \ncoop\u00e9ration intercommunale et pr\u00e9sidents des assembl\u00e9es r\u00e9gionales et d\u00e9partementales,  \nainsi que les r\u00e9ponses aux interventions des maires, des pr\u00e9sidents des \u00e9tablissements de  \ncoop\u00e9ration  intercommunale,  des  parlementaires,  des  conseillers  d\u00e9partementaux  et  \nr\u00e9gionaux lorsqu'elles portent sur des comp\u00e9tences relevant de l'Etat ;\n-les actes de saisine du tribunal administratif et de la chambre r\u00e9gionale des comptes.\nArticle 3 :  M. Fr\u00e9d\u00e9ric FORNER,  directeur d\u00e9partemental de la protection des populations,  \nest autoris\u00e9 \u00e0 repr\u00e9senter le pr\u00e9fet aux audiences des juridictions administratives pour toutes  \nles affaires relevant de la comp\u00e9tence de la direction d\u00e9partementale de la protection des  \npopulations et dans lesquelles le pr\u00e9fet est partie en qualit\u00e9 de repr\u00e9sentant de l'\u00c9tat. A cet \neffet, il est autoris\u00e9 \u00e0 \u00e9mettre toutes les observations orales n\u00e9cessaires lors des audiences  \ndevant cette juridiction.\nArticle 4 : M.  Fr\u00e9d\u00e9ric FORNER  directeur d\u00e9partemental de la protection des populations,  \npeut, sous sa responsabilit\u00e9, subd\u00e9l\u00e9guer sa signature \u00e0 ses collaborateurs, \u00e0 l'effet de signer  \nles actes vis\u00e9s \u00e0 l'article 1. De m\u00eame, il peut autoriser ses collaborateurs \u00e0 repr\u00e9senter le  \npr\u00e9fet aux audiences de juridictions administratives pour toutes les affaires relevant de la  \ncomp\u00e9tence de la direction d\u00e9partementale de la protection des populations.\nArticle 5 : Toutes dispositions ant\u00e9rieures relatives au m\u00eame objet sont abrog\u00e9es. \nArticle 6 : Le pr\u00e9sent arr\u00eat\u00e9 prend effet \u00e0 compter du 1er f\u00e9vrier 2025. \nArticle 7 : Le secr\u00e9taire g\u00e9n\u00e9ral de la pr\u00e9fecture du Gard et le directeur d\u00e9partemental de la  \nprotection des populations sont charg\u00e9s, chacun en ce qui les concerne, de l'ex\u00e9cution du  \npr\u00e9sent arr\u00eat\u00e9, qui sera publi\u00e9 au recueil des actes administratifs de la pr\u00e9fecture.\nN\u00eemes, le 27 janvier 2025\nLe pr\u00e9fet,\n sign\u00e9\n  J\u00e9r\u00f4me BONETPrefecture du Gard - 30-2025-01-27-00002 - Arr\u00eat\u00e9 donnant d\u00e9l\u00e9gation de signature et mandat de repr\u00e9sentation \u00e0 M. Fr\u00e9d\u00e9ric\nFORNER, directeur d\u00e9partemental de la protection des populations 8\nPrefecture du Gard\n30-2025-01-27-00001\nArr\u00eat\u00e9 portant d\u00e9signation de la personne\nresponsable de l'acc\u00e8s aux documents\nadministratifs et questions relatives \u00e0 la\nr\u00e9utilisation des informations publiques (PRADA)\nPrefecture du Gard - 30-2025-01-27-00001 - Arr\u00eat\u00e9 portant d\u00e9signation de la personne responsable de l'acc\u00e8s aux documents\nadministratifs et questions relatives \u00e0 la r\u00e9utilisation des informations publiques (PRADA) 9\nEx\nPREFET\nDU GARD\nLibert\u00e9\nEgalit\u00e9\nFraternit\u00e9\nDirection de la citoyennet\u00e9, \nde la l\u00e9galit\u00e9 et de la coordination\nService de la coordination des politiques \npubliques et de l'appui territorial\nArr\u00eat\u00e9\nportant d\u00e9signation de la personne responsable de l'acc\u00e8s aux documents administratifs \net des questions relatives \u00e0 la r\u00e9utilisation des informations publiques (PRADA)\nLe pr\u00e9fet du Gard\nChevalier de la L\u00e9gion d'honneur,\nChevalier de l'ordre national du M\u00e9rite \nVu l'ordonnance n\u00b0 2015-1341 du 23 octobre 2015 ;\nVu le d\u00e9cret n\u00b0 2015-13-42 du 23 octobre 2015  ; \nVu le Code des Relations entre le Public et l'Administration, notamment ses articles L330-1 et  \nR330-2 \u00e0 R330 ;\nVu L'arr\u00eat\u00e9 pr\u00e9fectoral n\u00b030-2022-06-14-00007 du 14 juin 2022 portant d\u00e9signation de la  \npersonne responsable de l'acc\u00e8s aux documents administratifs et des questions relatives \u00e0 la  \nr\u00e9utilisation des informations publiques (PRADA)\nSur proposition du secr\u00e9taire g\u00e9n\u00e9ral de la pr\u00e9fecture du Gard  ;\nArr\u00eate :\nArticle     1:    M. Laurent JULITA , secr\u00e9taire administratif de classe sup\u00e9rieure, en poste au  service \nde la coordination des politiques publiques et de l'appui territorial de la direction de la  \ncitoyennet\u00e9 et de la l\u00e9galit\u00e9, \u00e0 la pr\u00e9fecture du Gard, est d\u00e9sign\u00e9e, pour les services plac\u00e9s  \nsous  l'autorit\u00e9  du  pr\u00e9fet  du  Gard,  en  qualit\u00e9  de  personne  responsable  de  l'acc\u00e9s  aux  \ndocuments  administratifs  (PRADA)  et  des  questions  relatives  \u00e0  la  r\u00e9utilisation  des  \ninformations publiques.\nArticle     2:    La personne responsable de l'acc\u00e9s aux documents administratifs (PRADA) et des  \nquestions relatives \u00e0 la r\u00e9utilisation des informations publiques est notamment charg\u00e9e ;\n-de r\u00e9ceptionner les demandes d'acc\u00e8s aux documents administratifs et de licence \nde  r\u00e9utilisation  des  informations  publiques,  de  veiller  \u00e0  leur  instruction  par  les  \nservices concern\u00e9s et de traiter les \u00e9ventuelles r\u00e9clamations ;\n-d'assurer la liaison entre la pr\u00e9fecture et la Commission d'Acc\u00e8s aux documents  \nAdministratifs (CADA).\nPrefecture du Gard - 30-2025-01-27-00001 - Arr\u00eat\u00e9 portant d\u00e9signation de la personne responsable de l'acc\u00e8s aux documents\nadministratifs et questions relatives \u00e0 la r\u00e9utilisation des informations publiques (PRADA) 10\nAr  ticle 3 :    L'arr\u00eat\u00e9 pr\u00e9fectoral n\u00b030-2022-06-14-00007 du 14 juin 2022 portant d\u00e9signation de  \nla personne responsable de l'acc\u00e8s aux documents administratifs et des questions relatives \u00e0  \nla r\u00e9utilisation des informations publiques (PRADA) est abrog\u00e9.\nArticle 4 : Le pr\u00e9sent arr\u00eat\u00e9 prend effet \u00e0 compter du 1er f\u00e9vrier 2025. \nA  rticle   5:   Le secr\u00e9taire g\u00e9n\u00e9ral de la pr\u00e9fecture est charg\u00e9 de l'ex\u00e9cution du pr\u00e9sent arr\u00eat\u00e9,  \nqui sera port\u00e9 \u00e0 la connaissance de la CADA, ins\u00e9r\u00e9 au recueil des actes administratifs de  \nl'\u00c9tat et publi\u00e9 sur le site internet de la pr\u00e9fecture.\nN\u00eemes, le 27 janvier 2025\nLe pr\u00e9fet,\n                                       sign\u00e9\n  J\u00e9r\u00f4me BONETPrefecture du Gard - 30-2025-01-27-00001 - Arr\u00eat\u00e9 portant d\u00e9signation de la personne responsable de l'acc\u00e8s aux documents\nadministratifs et questions relatives \u00e0 la r\u00e9utilisation des informations publiques (PRADA) 11","date":"2025-01-27","first_seen_on":"2025-01-27T17:06:50+00:00","id":"372fd0d3d9d0374c6bb15329f99ece8dc7f05c4b325fe50d24a15f201c6775c7","name":"recueil-30-2025-016-special du 27 01 2025","pdf_creation_date":"2025-01-27T15:17:39+00:00","pdf_modification_date":null,"timezone":"CET","url":"https://www.gard.gouv.fr/contenu/telechargement/61796/458270/file/recueil-30-2025-016-special%20du%2027%2001%202025.pdf"}
