{"administration":"pref13","administration_name":"Pr\u00e9fecture des Bouches-du-Rh\u00f4ne","content":"BOUCHES-DU-\nRH\u00d4NE\nRECUEIL DES ACTES\nADMINISTRATIFS SP\u00c9CIAL\nN\u00b013-2026-053\nPUBLI\u00c9 LE 19 F\u00c9VRIER 2026\nSommaire\nDDETS 13 /\n13-2026-02-18-00019 - R\u00e9c\u00e9piss\u00e9 de d\u00e9claration au titre des\nServices \u00e0 la Personne au b\u00e9n\u00e9fice de Madame  CURET Ambre en\nqualit\u00e9 de micro-entrepreneure domicili\u00e9e au 58 chemin\nd\u00e9partemental 13120 GARDANNE (2 pages) Page 4\n13-2026-02-18-00016 - R\u00e9c\u00e9piss\u00e9 de d\u00e9claration au titre des\nServices \u00e0 la Personne au b\u00e9n\u00e9fice de Madame  DJENNADI Nabyla en\nqualit\u00e9 d'entrepreneure individuelle domicili\u00e9e au 365 chemin du\nVallon du Duc 13880 VELAUX (2 pages) Page 7\n13-2026-02-18-00018 - R\u00e9c\u00e9piss\u00e9 de d\u00e9claration au titre des\nServices \u00e0 la Personne au b\u00e9n\u00e9fice de Madame  OUBAYA Meriem en\nqualit\u00e9 de micro-entrepreneure domicili\u00e9e au 16 rue d'Alger 13006\nMARSEILLE (2 pages) Page 10\n13-2026-02-18-00017 - R\u00e9c\u00e9piss\u00e9 de d\u00e9claration au titre des\nServices \u00e0 la Personne au b\u00e9n\u00e9fice de Madame  SMAHI Yamina en\nqualit\u00e9 de micro-entrepreneure domicili\u00e9e au 25 boulevard Boues\n13003 MARSEILLE  (2 pages) Page 13\nMinist\u00e8re de l'int\u00e9rieur /\n13-2026-02-19-00001 - 20260219 - Arr\u00eat\u00e9 zonal n\u00b0930 - Vent fort -\nLimitation de vitesse A9 d\u00e9pts 11-66 (2 pages) Page 16\nPr\u00e9fecture de police des Bouches-du-Rh\u00f4ne /\n13-2026-02-19-00003 - Arr\u00eat\u00e9 portant interdiction de rassemblements\nfestifs \u00e0 caract\u00e8re musical et interdiction de circulation de tout\nv\u00e9hicule transportant du mat\u00e9riel de sonorisation \u00e0 destination\nd'un rassemblement festif \u00e0 caract\u00e8re musical non autoris\u00e9 \ndans\nle d\u00e9partement des Bouches-du-Rh\u00f4ne \n (3 pages) Page 19\nPr\u00e9fecture des Bouches-du-Rhone / Cabinet\n13-2026-02-18-00022 - Arr\u00eat\u00e9 accordant une m\u00e9daille pour acte de\ncourage et de d\u00e9vouement (1 page) Page 23\nPr\u00e9fecture des Bouches-du-Rhone / Direction de la Citoyennet\u00e9, de la\nL\u00e9galit\u00e9 et de l'Environnement\n13-2026-02-12-00010 - Arr\u00eat\u00e9 portant d\u00e9claration d'utilit\u00e9\npublique et de cessibilit\u00e9, suite au jugement de carence prononc\u00e9 \u00e0\nl'encontre du syndicat des copropri\u00e9taires et propri\u00e9taires, en vue\nde l'acquisition, par la SOLEAM, des immeubles de la r\u00e9sidence \u00ab La\nLune \u00bb sise 1, voie d'Espagne, Z.A. de l'Anjoly, 13127 Vitrolles (3\npages) Page 25\n2\nPr\u00e9fecture des Bouches-du-Rhone / Direction de la S\u00e9curit\u00e9 : Polices\nAdministratives et R\u00e9glementation\n13-2026-02-19-00002 - arr\u00eat\u00e9 autorisant le d\u00e9roulement d'une\nmanifestation motoris\u00e9e d\u00e9nomm\u00e9e \"Deudeuche show\" du samedi 7\nau dimanche 8 mars 2026, le mercredi 11 mars 2016, du samedi 14 au\ndimanche 15 mars 2026, le mercredi 18 mars 2026 et du samedi 21 au\ndimanche 22 mars 2026 dans le d\u00e9partement des Bouches-du-Rh\u00f4ne (3\npages) Page 29\n3\nDDETS 13\n13-2026-02-18-00019\nR\u00e9c\u00e9piss\u00e9 de d\u00e9claration au titre des Services \u00e0\nla Personne au b\u00e9n\u00e9fice de Madame  CURET\nAmbre en qualit\u00e9 de micro-entrepreneure\ndomicili\u00e9e au 58 chemin d\u00e9partemental 13120\nGARDANNE\nDDETS 13 - 13-2026-02-18-00019 - R\u00e9c\u00e9piss\u00e9 de d\u00e9claration au titre des Services \u00e0 la Personne au b\u00e9n\u00e9fice de Madame  CURET Ambre\nen qualit\u00e9 de micro-entrepreneure domicili\u00e9e au 58 chemin d\u00e9partemental 13120 GARDANNE 4\nEnPREFETDES BOUCHES-DU-RHONELibert\u00e9Egalit\u00e9Fraternit\u00e9\n \nDirection D\u00e9partementale\nde l'Emploi, du Travail\n et des Solidarit\u00e9s\ndes Bouches du Rh\u00f4ne\nP\u00f4le \u00c9conomie Emploi Entreprises\nD\u00e9partement Insertion Professionnelle\n      R\u00e9c\u00e9piss\u00e9 de d\u00e9claration n\u00b0 \u2026\u2026\n                   d'un organisme de services \u00e0 la personne\n                      enregistr\u00e9 sous le N\u00b0 SAP101078137\nVu  le  code  du  travail  et  notamment les articles  L.7231-1  \u00e0  L.7233-2,  R.7232-16  \u00e0 \nR.7232-22, D.7231-1 et D.7233-1 \u00e0 D.7233-5,\nLe pr\u00e9fet de la R\u00e9gion Provence-Alpes-C\u00f4te d'Azur  Pr\u00e9fet de la Zone de D\u00e9fense et \nde S\u00e9curit\u00e9 Sud,  Pr\u00e9fet des Bouches-du-Rh\u00f4ne,\nCONSTATE\nQu'une d\u00e9claration d'activit\u00e9s de Services \u00e0 la Personne a \u00e9t\u00e9 d\u00e9pos\u00e9e aupr\u00e8s de la  \nDirection D\u00e9partementale de l'Emploi, du Travail et des Solidarit\u00e9s des Bouches-du-\nRh\u00f4ne  le,  14  f\u00e9vrier  2026  par  Madame  CURET  Ambre  en  qualit\u00e9  de  micro-\nentrepreneure  domicili\u00e9e  au  58  chemin  d\u00e9partemental  13120  GARDANNE  et  \nenregistr\u00e9 sous le N\u00b0 SAP101078137 pour les activit\u00e9s suivantes en mode prestataire :\nA partir du 01 mars 2026\n  \u2022   Entretien de la maison et travaux m\u00e9nagers.\n \nToute  modification  concernant  les  activit\u00e9s  exerc\u00e9es  devra  faire  l'objet  d'une  \nd\u00e9claration modificative pr\u00e9alable.\nSous r\u00e9serve d'\u00eatre exerc\u00e9es \u00e0 titre exclusif au profit de particuliers, \u00e0 leur domicile  \n(ou sous r\u00e9serve d'une comptabilit\u00e9 s\u00e9par\u00e9e pour les personnes morales dispens\u00e9es  \nde cette condition), ces activit\u00e9s ouvrent droit au b\u00e9n\u00e9fice des dispositions des  \narticles L.7233-2 du code du travail et L.241-10 du code de la s\u00e9curit\u00e9 sociale dans les  \nconditions pr\u00e9vues par ces articles.\nLes effets de la d\u00e9claration courent \u00e0 compter du jour du d\u00e9p\u00f4t de la d\u00e9claration  \nsous r\u00e9serve des dispositions de  l'article R.7232-18 du code du travail.\nDDETS 13 - 13-2026-02-18-00019 - R\u00e9c\u00e9piss\u00e9 de d\u00e9claration au titre des Services \u00e0 la Personne au b\u00e9n\u00e9fice de Madame  CURET Ambre\nen qualit\u00e9 de micro-entrepreneure domicili\u00e9e au 58 chemin d\u00e9partemental 13120 GARDANNE 5\nEn application  des articles L.7232-1 et R.7232-1 \u00e0 R.7232-15, les activit\u00e9s n\u00e9cessitant  \nun  agr\u00e9ment  (I  de  l'article  D.7231-1  du  code  du  travail)  n'ouvrent  droit  \u00e0  ces  \ndispositions  que  si  la  structure  a  pr\u00e9alablement  obtenu  l'agr\u00e9ment  ou  le  \nrenouvellement  de  cet  agr\u00e9ment  dans  le  ou  les  d\u00e9partements  d'exercice  de  ses \nactivit\u00e9s.\nDe m\u00eame, en application de l'article D.312-6-2 du code de l'action sociale et des  \nfamilles, les activit\u00e9s n\u00e9cessitant une autorisation n'ouvrent droit \u00e0 ces dispositions  \nque si l'organisme a pr\u00e9alablement obtenu l'autorisation ou le renouvellement de  \ncette autorisation.\nLe pr\u00e9sent r\u00e9c\u00e9piss\u00e9 n'est pas limit\u00e9 dans le temps.  La d\u00e9claration a une port\u00e9e  \nnationale.\nL'enregistrement de la d\u00e9claration peut \u00eatre retir\u00e9 dans les conditions fix\u00e9es aux  \narticles R.7232-20 \u00e0 R.7232-22 du code du travail.\nLe pr\u00e9sent r\u00e9c\u00e9piss\u00e9 sera publi\u00e9 au Recueil des Actes Administratifs de la Pr\u00e9fecture  \ndes Bouches-du-Rh\u00f4ne.\nFait \u00e0 Marseille, le 18 f\u00e9vrier 2026\n                                                                             Pour le Pr\u00e9fet et par d\u00e9l\u00e9gation,\nPar emp\u00eachement de la Directrice D\u00e9par-\ntementale de l'Emploi, du Travail et des \nSolidarit\u00e9s des Bouches-du-Rh\u00f4ne   \nLa Responsable du P\u00f4le emploi et \nentreprises,\nSign\u00e9\nElodie CARITEY\n55 boulevard P\u00e9rier \u2013 13415 cedex 20 MARSEILLE Cedex 20 - T\u00e9l\u00e9phone : 04.91.57.96.00 \nMel : ddets-sap@bouches-du-rhone.gouv.fr\n2\nDDETS 13 - 13-2026-02-18-00019 - R\u00e9c\u00e9piss\u00e9 de d\u00e9claration au titre des Services \u00e0 la Personne au b\u00e9n\u00e9fice de Madame  CURET Ambre\nen qualit\u00e9 de micro-entrepreneure domicili\u00e9e au 58 chemin d\u00e9partemental 13120 GARDANNE 6\nDDETS 13\n13-2026-02-18-00016\nR\u00e9c\u00e9piss\u00e9 de d\u00e9claration au titre des Services \u00e0\nla Personne au b\u00e9n\u00e9fice de Madame  DJENNADI\nNabyla en qualit\u00e9 d'entrepreneure individuelle\ndomicili\u00e9e au 365 chemin du Vallon du Duc\n13880 VELAUX\nDDETS 13 - 13-2026-02-18-00016 - R\u00e9c\u00e9piss\u00e9 de d\u00e9claration au titre des Services \u00e0 la Personne au b\u00e9n\u00e9fice de Madame  DJENNADI\nNabyla en qualit\u00e9 d'entrepreneure individuelle domicili\u00e9e au 365 chemin du Vallon du Duc 13880 VELAUX 7\nEnPREFETDES BOUCHES-DU-RHONELibert\u00e9Egalit\u00e9Fraternit\u00e9\n \nDirection D\u00e9partementale\nde l'Emploi, du Travail\n et des Solidarit\u00e9s\ndes Bouches du Rh\u00f4ne\nP\u00f4le \u00c9conomie Emploi Entreprises\nD\u00e9partement Insertion Professionnelle\n      R\u00e9c\u00e9piss\u00e9 de d\u00e9claration n\u00b0 \u2026\u2026\n                   d'un organisme de services \u00e0 la personne\n                      enregistr\u00e9 sous le N\u00b0 SAP484746060\nVu  le  code  du  travail  et  notamment les articles  L.7231-1  \u00e0  L.7233-2,  R.7232-16  \u00e0 \nR.7232-22, D.7231-1 et D.7233-1 \u00e0 D.7233-5,\nLe pr\u00e9fet de la R\u00e9gion Provence-Alpes-C\u00f4te d'Azur  Pr\u00e9fet de la Zone de D\u00e9fense et \nde S\u00e9curit\u00e9 Sud,  Pr\u00e9fet des Bouches-du-Rh\u00f4ne,\nCONSTATE\nQu'une d\u00e9claration d'activit\u00e9s de Services \u00e0 la Personne a \u00e9t\u00e9 d\u00e9pos\u00e9e aupr\u00e8s de la  \nDirection D\u00e9partementale de l'Emploi, du Travail et des Solidarit\u00e9s des Bouches-du -\nRh\u00f4ne le, 15 f\u00e9vrier 2026 par Madame DJENNADI Nabyla en qualit\u00e9 d'entrepreneure \nindividuelle domicili\u00e9e au 365 chemin du Vallon du Duc 13880 VELAUX et enregistr\u00e9  \nsous le N\u00b0 SAP484746060 pour les activit\u00e9s suivantes en mode prestataire :\n  \u2022   Entretien de la maison et travaux m\u00e9nagers.\n \nToute  modification  concernant  les  activit\u00e9s  exerc\u00e9es  devra  faire  l'objet  d'une  \nd\u00e9claration modificative pr\u00e9alable.\nSous r\u00e9serve d'\u00eatre exerc\u00e9es \u00e0 titre exclusif au profit de particuliers, \u00e0 leur domicile  \n(ou sous r\u00e9serve d'une comptabilit\u00e9 s\u00e9par\u00e9e pour les personnes morales dispens\u00e9es  \nde cette condition), ces activit\u00e9s ouvrent droit au b\u00e9n\u00e9fice des dispositions des  \narticles L.7233-2 du code du travail et L.241-10 du code de la s\u00e9curit\u00e9 sociale dans les  \nconditions pr\u00e9vues par ces articles.\nLes effets de la d\u00e9claration courent \u00e0 compter du jour du d\u00e9p\u00f4t de la d\u00e9claration  \nsous r\u00e9serve des dispositions de  l'article R.7232-18 du code du travail.\nDDETS 13 - 13-2026-02-18-00016 - R\u00e9c\u00e9piss\u00e9 de d\u00e9claration au titre des Services \u00e0 la Personne au b\u00e9n\u00e9fice de Madame  DJENNADI\nNabyla en qualit\u00e9 d'entrepreneure individuelle domicili\u00e9e au 365 chemin du Vallon du Duc 13880 VELAUX 8\nEn application  des articles L.7232-1 et R.7232-1 \u00e0 R.7232-15, les activit\u00e9s n\u00e9cessitant  \nun  agr\u00e9ment  (I  de  l'article  D.7231-1  du  code  du  travail)  n'ouvrent  droit  \u00e0  ces  \ndispositions  que  si  la  structure  a  pr\u00e9alablement  obtenu  l'agr\u00e9ment  ou  le  \nrenouvellement  de  cet  agr\u00e9ment  dans  le  ou  les  d\u00e9partements  d'exercice  de  ses \nactivit\u00e9s.\nDe m\u00eame, en application de l'article D.312-6-2 du code de l'action sociale et des  \nfamilles, les activit\u00e9s n\u00e9cessitant une autorisation n'ouvrent droit \u00e0 ces dispositions  \nque si l'organisme a pr\u00e9alablement obtenu l'autorisation ou le renouvellement de  \ncette autorisation.\nLe pr\u00e9sent r\u00e9c\u00e9piss\u00e9 n'est pas limit\u00e9 dans le temps.  La d\u00e9claration a une port\u00e9e  \nnationale.\nL'enregistrement de la d\u00e9claration peut \u00eatre retir\u00e9 dans les conditions fix\u00e9es aux  \narticles R.7232-20 \u00e0 R.7232-22 du code du travail.\nLe pr\u00e9sent r\u00e9c\u00e9piss\u00e9 sera publi\u00e9 au Recueil des Actes Administratifs de la Pr\u00e9fecture  \ndes Bouches-du-Rh\u00f4ne.\nFait \u00e0 Marseille, le 18 f\u00e9vrier 2026\n                                                                             Pour le Pr\u00e9fet et par d\u00e9l\u00e9gation,\nPar emp\u00eachement de la Directrice D\u00e9par-\ntementale de l'Emploi, du Travail et des \nSolidarit\u00e9s des Bouches-du-Rh\u00f4ne   \nLa Responsable du P\u00f4le emploi et \nentreprises,\nSign\u00e9\nElodie CARITEY\n55 boulevard P\u00e9rier \u2013 13415 cedex 20 MARSEILLE Cedex 20 - T\u00e9l\u00e9phone : 04.91.57.96.00 \nMel : ddets-sap@bouches-du-rhone.gouv.fr\n2\nDDETS 13 - 13-2026-02-18-00016 - R\u00e9c\u00e9piss\u00e9 de d\u00e9claration au titre des Services \u00e0 la Personne au b\u00e9n\u00e9fice de Madame  DJENNADI\nNabyla en qualit\u00e9 d'entrepreneure individuelle domicili\u00e9e au 365 chemin du Vallon du Duc 13880 VELAUX 9\nDDETS 13\n13-2026-02-18-00018\nR\u00e9c\u00e9piss\u00e9 de d\u00e9claration au titre des Services \u00e0\nla Personne au b\u00e9n\u00e9fice de Madame  OUBAYA\nMeriem en qualit\u00e9 de micro-entrepreneure\ndomicili\u00e9e au 16 rue d'Alger 13006 MARSEILLE\nDDETS 13 - 13-2026-02-18-00018 - R\u00e9c\u00e9piss\u00e9 de d\u00e9claration au titre des Services \u00e0 la Personne au b\u00e9n\u00e9fice de Madame  OUBAYA\nMeriem en qualit\u00e9 de micro-entrepreneure domicili\u00e9e au 16 rue d'Alger 13006 MARSEILLE 10\nEnPREFETDES BOUCHES-DU-RHONELibert\u00e9Egalit\u00e9Fraternit\u00e9\n \nDirection D\u00e9partementale\nde l'Emploi, du Travail\n et des Solidarit\u00e9s\ndes Bouches du Rh\u00f4ne\nP\u00f4le \u00c9conomie Emploi Entreprises\nD\u00e9partement Insertion Professionnelle\n      R\u00e9c\u00e9piss\u00e9 de d\u00e9claration n\u00b0 \u2026\u2026\n                   d'un organisme de services \u00e0 la personne\n                      enregistr\u00e9 sous le N\u00b0 SAP910741669 \nVu  le  code  du  travail  et  notamment les articles  L.7231-1  \u00e0  L.7233-2,  R.7232-16  \u00e0 \nR.7232-22, D.7231-1 et D.7233-1 \u00e0 D.7233-5,\nLe pr\u00e9fet de la R\u00e9gion Provence-Alpes-C\u00f4te d'Azur  Pr\u00e9fet de la Zone de D\u00e9fense et \nde S\u00e9curit\u00e9 Sud,  Pr\u00e9fet des Bouches-du-Rh\u00f4ne,\nCONSTATE\nQu'une d\u00e9claration d'activit\u00e9s de Services \u00e0 la Personne a \u00e9t\u00e9 d\u00e9pos\u00e9e aupr\u00e8s de la  \nDirection D\u00e9partementale de l'Emploi, du Travail et des Solidarit\u00e9s des Bouches-du-\nRh\u00f4ne  le,  16  f\u00e9vrier  2026  par  Madame  OUBAYA  Meriem  en  qualit\u00e9  de  micro-\nentrepreneure domicili\u00e9e au 16 rue d'Alger 13006 MARSEILLE et enregistr\u00e9 sous le N\u00b0  \nSAP910741669 pour les activit\u00e9s suivantes en mode prestataire :\n  \u2022   Garde d'enfants de plus de 3 ans \u00e0 domicile ;\n  \u2022   Soutien scolaire ou cours \u00e0 domicile ;\n  \u2022   Accompagnement des enfants de plus de 3 ans dans leurs d\u00e9placements ; \n  \u2022   Entretien de la maison et travaux m\u00e9nagers.\nToute  modification  concernant  les  activit\u00e9s  exerc\u00e9es  devra  faire  l'objet  d'une  \nd\u00e9claration modificative pr\u00e9alable.\nSous r\u00e9serve d'\u00eatre exerc\u00e9es \u00e0 titre exclusif au profit de particuliers, \u00e0 leur domicile  \n(ou sous r\u00e9serve d'une comptabilit\u00e9 s\u00e9par\u00e9e pour les personnes morales dispens\u00e9es  \nde cette condition), ces activit\u00e9s ouvrent droit au b\u00e9n\u00e9fice des dispositions des  \narticles L.7233-2 du code du travail et L.241-10 du code de la s\u00e9curit\u00e9 sociale dans les  \nconditions pr\u00e9vues par ces articles.\nLes effets de la d\u00e9claration courent \u00e0 compter du jour du d\u00e9p\u00f4t de la d\u00e9claration  \nsous r\u00e9serve des dispositions de  l'article R.7232-18 du code du travail.\nDDETS 13 - 13-2026-02-18-00018 - R\u00e9c\u00e9piss\u00e9 de d\u00e9claration au titre des Services \u00e0 la Personne au b\u00e9n\u00e9fice de Madame  OUBAYA\nMeriem en qualit\u00e9 de micro-entrepreneure domicili\u00e9e au 16 rue d'Alger 13006 MARSEILLE 11\nEn application  des articles L.7232-1 et R.7232-1 \u00e0 R.7232-15, les activit\u00e9s n\u00e9cessitant  \nun  agr\u00e9ment  (I  de  l'article  D.7231-1  du  code  du  travail)  n'ouvrent  droit  \u00e0  ces  \ndispositions  que  si  la  structure  a  pr\u00e9alablement  obtenu  l'agr\u00e9ment  ou  le  \nrenouvellement  de  cet  agr\u00e9ment  dans  le  ou  les  d\u00e9partements  d'exercice  de  ses \nactivit\u00e9s.\nDe m\u00eame, en application de l'article D.312-6-2 du code de l'action sociale et des  \nfamilles, les activit\u00e9s n\u00e9cessitant une autorisation n'ouvrent droit \u00e0 ces dispositions  \nque si l'organisme a pr\u00e9alablement obtenu l'autorisation ou le renouvellement de  \ncette autorisation.\nLe pr\u00e9sent r\u00e9c\u00e9piss\u00e9 n'est pas limit\u00e9 dans le temps.  La d\u00e9claration a une port\u00e9e  \nnationale.\nL'enregistrement de la d\u00e9claration peut \u00eatre retir\u00e9 dans les conditions fix\u00e9es aux  \narticles R.7232-20 \u00e0 R.7232-22 du code du travail.\nLe pr\u00e9sent r\u00e9c\u00e9piss\u00e9 sera publi\u00e9 au Recueil des Actes Administratifs de la Pr\u00e9fecture  \ndes Bouches-du-Rh\u00f4ne.\nFait \u00e0 Marseille, le 18 f\u00e9vrier 2026\nPour le Pr\u00e9fet et par d\u00e9l\u00e9gation,\nPar emp\u00eachement de la Directrice D\u00e9par-\ntementale de l'Emploi, du Travail et des \nSolidarit\u00e9s des Bouches-du-Rh\u00f4ne   \nLa Responsable du P\u00f4le emploi et \nentreprises,\nSign\u00e9\nElodie CARITEY\n55 boulevard P\u00e9rier \u2013 13415 cedex 20 MARSEILLE Cedex 20 - T\u00e9l\u00e9phone : 04.91.57.96.00 \nMel : ddets-sap@bouches-du-rhone.gouv.fr\n2\nDDETS 13 - 13-2026-02-18-00018 - R\u00e9c\u00e9piss\u00e9 de d\u00e9claration au titre des Services \u00e0 la Personne au b\u00e9n\u00e9fice de Madame  OUBAYA\nMeriem en qualit\u00e9 de micro-entrepreneure domicili\u00e9e au 16 rue d'Alger 13006 MARSEILLE 12\nDDETS 13\n13-2026-02-18-00017\nR\u00e9c\u00e9piss\u00e9 de d\u00e9claration au titre des Services \u00e0\nla Personne au b\u00e9n\u00e9fice de Madame  SMAHI\nYamina en qualit\u00e9 de micro-entrepreneure\ndomicili\u00e9e au 25 boulevard Boues 13003\nMARSEILLE \nDDETS 13 - 13-2026-02-18-00017 - R\u00e9c\u00e9piss\u00e9 de d\u00e9claration au titre des Services \u00e0 la Personne au b\u00e9n\u00e9fice de Madame  SMAHI Yamina\nen qualit\u00e9 de micro-entrepreneure domicili\u00e9e au 25 boulevard Boues 13003 MARSEILLE 13\nEnPREFETDES BOUCHES-DU-RHONELibert\u00e9Egalit\u00e9Fraternit\u00e9\n \nDirection D\u00e9partementale\nde l'Emploi, du Travail\n et des Solidarit\u00e9s\ndes Bouches du Rh\u00f4ne\nP\u00f4le \u00c9conomie Emploi Entreprises\nD\u00e9partement Insertion Professionnelle\n      R\u00e9c\u00e9piss\u00e9 de d\u00e9claration n\u00b0 \u2026\u2026\n                   d'un organisme de services \u00e0 la personne\n                      enregistr\u00e9 sous le N\u00b0 SAP952847846\nVu  le  code  du  travail  et  notamment les articles  L.7231-1  \u00e0  L.7233-2,  R.7232-16  \u00e0 \nR.7232-22, D.7231-1 et D.7233-1 \u00e0 D.7233-5,\nLe pr\u00e9fet de la R\u00e9gion Provence-Alpes-C\u00f4te d'Azur  Pr\u00e9fet de la Zone de D\u00e9fense et \nde S\u00e9curit\u00e9 Sud,  Pr\u00e9fet des Bouches-du-Rh\u00f4ne,\nCONSTATE\nQu'une d\u00e9claration d'activit\u00e9s de Services \u00e0 la Personne a \u00e9t\u00e9 d\u00e9pos\u00e9e aupr\u00e8s de la  \nDirection D\u00e9partementale de l'Emploi, du Travail et des Solidarit\u00e9s des Bouches-du-\nRh\u00f4ne  le,  16  f\u00e9vrier  2026  par  Madame  SMAHI  Yamina  en  qualit\u00e9  de  micro-\nentrepreneure domicili\u00e9e au 25 boulevard Boues 13003 MARSEILLE et enregistr\u00e9 sous  \nle N\u00b0 SAP952847846 pour les activit\u00e9s suivantes en mode prestataire :\n  \u2022   Garde d'enfants de plus de 3 ans \u00e0 domicile ;\n  \u2022   Accompagnement des enfants de plus de 3 ans dans leurs d\u00e9placements ; \n  \u2022   Entretien de la maison et travaux m\u00e9nagers ;\n  \u2022   Collecte et livraison \u00e0 domicile de linge repass\u00e9 ;\n  \u2022   Livraison de courses \u00e0 domicile ;\n  \u2022   Assistance administrative \u00e0 domicile ;\n  \u2022   Soins et promenade(s) d'animaux pour personnes d\u00e9pendantes ;\n  \u2022   Assistance aux personnes ayant besoin d'une aide temporaire \u00e0 leur domicile. \n \nToute  modification  concernant  les  activit\u00e9s  exerc\u00e9es  devra  faire  l'objet  d'une  \nd\u00e9claration modificative pr\u00e9alable.\nSous r\u00e9serve d'\u00eatre exerc\u00e9es \u00e0 titre exclusif au profit de particuliers, \u00e0 leur domicile  \n(ou sous r\u00e9serve d'une comptabilit\u00e9 s\u00e9par\u00e9e pour les personnes morales dispens\u00e9es  \nde cette condition), ces activit\u00e9s ouvrent droit au b\u00e9n\u00e9fice des dispositions des  \narticles L.7233-2 du code du travail et L.241-10 du code de la s\u00e9curit\u00e9 sociale dans les  \nconditions pr\u00e9vues par ces articles.\nDDETS 13 - 13-2026-02-18-00017 - R\u00e9c\u00e9piss\u00e9 de d\u00e9claration au titre des Services \u00e0 la Personne au b\u00e9n\u00e9fice de Madame  SMAHI Yamina\nen qualit\u00e9 de micro-entrepreneure domicili\u00e9e au 25 boulevard Boues 13003 MARSEILLE 14\nLes effets de la d\u00e9claration courent \u00e0 compter du jour du d\u00e9p\u00f4t de la d\u00e9claration  \nsous r\u00e9serve des dispositions de  l'article R.7232-18 du code du travail.\nEn application  des articles L.7232-1 et R.7232-1 \u00e0 R.7232-15, les activit\u00e9s n\u00e9cessitant  \nun  agr\u00e9ment  (I  de  l'article  D.7231-1  du  code  du  travail)  n'ouvrent  droit  \u00e0  ces  \ndispositions  que  si  la  structure  a  pr\u00e9alablement  obtenu  l'agr\u00e9ment  ou  le  \nrenouvellement  de  cet  agr\u00e9ment  dans  le  ou  les  d\u00e9partements  d'exercice  de  ses \nactivit\u00e9s.\nDe m\u00eame, en application de l'article D.312-6-2 du code de l'action sociale et des  \nfamilles, les activit\u00e9s n\u00e9cessitant une autorisation n'ouvrent droit \u00e0 ces dispositions  \nque si l'organisme a pr\u00e9alablement obtenu l'autorisation ou le renouvellement de  \ncette autorisation.\nLe pr\u00e9sent r\u00e9c\u00e9piss\u00e9 n'est pas limit\u00e9 dans le temps.  La d\u00e9claration a une port\u00e9e  \nnationale.\nL'enregistrement de la d\u00e9claration peut \u00eatre retir\u00e9 dans les conditions fix\u00e9es aux  \narticles R.7232-20 \u00e0 R.7232-22 du code du travail.\nLe pr\u00e9sent r\u00e9c\u00e9piss\u00e9 sera publi\u00e9 au Recueil des Actes Administratifs de la Pr\u00e9fecture  \ndes Bouches-du-Rh\u00f4ne.\nFait \u00e0 Marseille, le 18 f\u00e9vrier 2026\n                                                                             Pour le Pr\u00e9fet et par d\u00e9l\u00e9gation,\nPar emp\u00eachement de la Directrice D\u00e9par-\ntementale de l'Emploi, du Travail et des \nSolidarit\u00e9s des Bouches-du-Rh\u00f4ne   \nLa Responsable du P\u00f4le emploi et \nentreprises,\nSign\u00e9\nElodie CARITEY\n55 boulevard P\u00e9rier \u2013 13415 cedex 20 MARSEILLE Cedex 20 - T\u00e9l\u00e9phone : 04.91.57.96.00 \nMel : ddets-sap@bouches-du-rhone.gouv.fr\n2\nDDETS 13 - 13-2026-02-18-00017 - R\u00e9c\u00e9piss\u00e9 de d\u00e9claration au titre des Services \u00e0 la Personne au b\u00e9n\u00e9fice de Madame  SMAHI Yamina\nen qualit\u00e9 de micro-entrepreneure domicili\u00e9e au 25 boulevard Boues 13003 MARSEILLE 15\nMinist\u00e8re de l'int\u00e9rieur\n13-2026-02-19-00001\n20260219 - Arr\u00eat\u00e9 zonal n\u00b0930 - Vent fort -\nLimitation de vitesse A9 d\u00e9pts 11-66\nMinist\u00e8re de l'int\u00e9rieur - 13-2026-02-19-00001 - 20260219 - Arr\u00eat\u00e9 zonal n\u00b0930 - Vent fort - Limitation de vitesse A9 d\u00e9pts 11-66 16\nE =PR\u00c9FET Secr\u00e9tariat g\u00e9n\u00e9ralDE LA ZONE de la zone de d\u00e9fense et de s\u00e9curit\u00e9 SudDE DEFENSEET DE SECURITESUDLibert\u00e9Egalit\u00e9Fraternit\u00e9Arr\u00eat\u00e9 n\u00b0portant r\u00e8glementation temporaire de la circulationdes v\u00e9hicules sur le r\u00e9seau structurantLe pr\u00e9fet de la r\u00e9gion Provence-Alpes-C\u00f4te d'Azur;pr\u00e9fet de la zone de d\u00e9fense et de s\u00e9curit\u00e9 sud ;pr\u00e9fet des Bouches-du-Rh\u00f4neVu le code de la d\u00e9fense ;Vu le code de la s\u00e9curit\u00e9 int\u00e9rieure, notamment ses articles R122-1 et suivants ;Vu le code g\u00e9n\u00e9ral des collectivit\u00e9s territoriales ;Vu le code de la route, et notamment ses articles R.311-1, R.411-18, R.413-8 ;Vu le code de la voirie routi\u00e8re ;Vu le code p\u00e9nal;Vu le d\u00e9cret n\u00b02005-1499 du 5 d\u00e9cembre 2005 modifi\u00e9 relatif \u00e0 la consistance du r\u00e9seauroutier national:Vu le d\u00e9cret n\u00b02009-615 du 3 juin 2009 modifi\u00e9 fixant la liste des routes \u00e0 grandecirculation ;Vu le d\u00e9cret du 26 ao\u00fbt 2025 portant nomination de monsieur Romain DELMON enqualit\u00e9 d'administrateur de l'\u00c9tat du deuxi\u00e8me grade, secr\u00e9taire g\u00e9n\u00e9ral de la zone ded\u00e9fense et de s\u00e9curit\u00e9 Sud aupr\u00e8s du pr\u00e9fet de la r\u00e9gion Provence-Alpes-C\u00f4te d'Azur,pr\u00e9fet de la zone de d\u00e9fense et de s\u00e9curit\u00e9 Sud, pr\u00e9fet des Bouches-du-Rh\u00f4ne ;Vu l'arr\u00eat\u00e9 interminist\u00e9riel du 24 novembre 1967 modifi\u00e9 relatif \u00e0 la signalisation desroutes et autoroutes ;Vu l'arr\u00eat\u00e9 interminist\u00e9riel du 16 avril 2021 relatif \u00e0 l'interdiction de circulation desv\u00e9hicules de transports de marchandises \u00e0 certaines p\u00e9riodes ;Vu l'arr\u00eat\u00e9 pr\u00e9fectoral n\u00b013-2025-09-22-00003 du 22 septembre 2025 portantd\u00e9l\u00e9gation de signature \u00e0 monsieur Romain DELMON, administrateur de l'\u00c9tat dudeuxi\u00e8me grade, secr\u00e9taire g\u00e9n\u00e9ral de la zone de d\u00e9fense et de s\u00e9curit\u00e9 Sud, aupr\u00e8sdu pr\u00e9fet de la r\u00e9gion Provence-Alpes-C\u00f4te d'Azur, pr\u00e9fet de la zone de d\u00e9fense et des\u00e9curit\u00e9 Sud, pr\u00e9fet des Bouches-du-Rh\u00f4ne;Vu l'arr\u00eat\u00e9 pr\u00e9fectoral n\u00b0R93-2023-01-16-00003 du 16 janvier 2023 du pr\u00e9fet de zonede d\u00e9fense et de s\u00e9curit\u00e9 Sud instituant le plan de gestion de trafic zonal (PGTZ) ;Vu la circulaire des ministres charg\u00e9s de l'int\u00e9rieur et des transports du 28 d\u00e9cembre2011 relative \u00e0 la gestion de la circulation routi\u00e8re, pr\u00e9paration et gestion des situationsde crise routi\u00e8re ;CONSIDERANT le dernier bulletin m\u00e9t\u00e9orologique et les difficult\u00e9s de circulationenvisageables sur les d\u00e9partements de l'Aude (11) et des Pyr\u00e9n\u00e9es-Orientales (66) ;\n \n \n \n \nC e Z O C ,  ( C e n t r e  Z o n a l  O p \u00e9 r a t i o n n e l  d e  C r i s e )  \n6 2  B o u l e v a r d  I C A R D ,  1 3 0 1 0 M a r s e i l l e  \nT \u00e9 l  0 4  9 1  2 4  2 2  0 2  \n \n \n \n \n \n \n \n \n \n \n \nMinist\u00e8re de l'int\u00e9rieur - 13-2026-02-19-00001 - 20260219 - Arr\u00eat\u00e9 zonal n\u00b0930 - Vent fort - Limitation de vitesse A9 d\u00e9pts 11-66 17\nCONSIDERANT que la s\u00e9curit\u00e9 des usagers de la route n\u00e9cessite une coordinationappropri\u00e9e sur la zone Sud, entre les services de l'Etat et les exploitants desinfrastructures routi\u00e8res concern\u00e9es, notamment pour pr\u00e9venir, anticiper ou g\u00e9rer lessituations de crise qui pourraient d\u00e9passer le niveau d\u00e9partemental ;CONSIDERANT que les mesures a mettre en \u0153uvre n\u00e9cessitent un plan de gestion detrafic zonal ;SUR PROPOSITION de |'Etat-major interminist\u00e9riel de zone Sud;ARRETEArticle 1:La circulation des transports de marchandises, y compris les mati\u00e8res dangereuses,dont le PTAC est sup\u00e9rieur a 7,5 tonnes, est limit\u00e9e a 70 km/h avec interdiction ded\u00e9passer, sur les autoroutes A9 et A61, dans les deux sens de circulation, dans lesd\u00e9partements de l'Aude (11) et des Pyr\u00e9n\u00e9es-Orientales (66), \u00e0 compter du jeudi 19f\u00e9vrier 2026 \u00e0 12h00 au vendredi 20 f\u00e9vrier 2026 \u00e0 06h00.La vitesse des v\u00e9hicules l\u00e9gers est abaiss\u00e9e de 20km/h dans la limite de 90km/h, sur lesautoroutes A9 et A61, dans les deux sens de circulation, dans les d\u00e9partements del'Aude (11) et des Pyr\u00e9n\u00e9es-Orientales (66), \u00e0 compter du jeudi 19 f\u00e9vrier 2026 \u00e0 12h00au vendredi 20 f\u00e9vrier 2026 \u00e0 06h00.Article 2 :Les dispositions d\u00e9finies par le pr\u00e9sent arr\u00eat\u00e9 prennent effet d\u00e8s la mise en place de lasignalisation et sur instruction des forces de l'ordre.Article 3 :Le pr\u00e9sent arr\u00eat\u00e9 sera publi\u00e9 au recueil des actes administratifs PACA, Pr\u00e9fecture desBouches du Rh\u00f4ne, sis Place F\u00e9lix Baret - CS 80001 - 13282 - Marseille Cedex 06.Article 4 :Les pr\u00e9fets, les directeurs interd\u00e9partementaux et d\u00e9partementaux de la policenationale, les commandants des groupements de gendarmerie d\u00e9partementale, lesdirecteurs d\u00e9partementaux des territoires, les pr\u00e9sidents des conseils d\u00e9partementauxdes d\u00e9partements concern\u00e9s, les directeurs interd\u00e9partementaux des routesconcern\u00e9es, les directeurs des soci\u00e9t\u00e9s Vinci-autoroutes des secteurs concern\u00e9s sontcharg\u00e9s, de l'ex\u00e9cution du pr\u00e9sent arr\u00eat\u00e9.Fait \u00e0 Marseille le 19/02/2026Pour le pr\u00e9fet de zone de d\u00e9fense et de s\u00e9curit\u00e9 SudPar d\u00e9l\u00e9gation, Le chef de l'EMIZ Sud AdjointSign\u00e9LCL Christophe RATINAUD\n \n \n \n \nC e Z O C ,  ( C e n t r e  Z o n a l  O p \u00e9 r a t i o n n e l  d e  C r i s e )  \n6 2  B o u l e v a r d  I C A R D ,  1 3 0 1 0 M a r s e i l l e  \nT \u00e9 l  0 4  9 1  2 4  2 2  0 2  \n \nConform\u00e9ment aux dispositions des articles R 421-1 et R 421-5 du code de justice administrative, la pr\u00e9sente d\u00e9cision peut faire \nl'objet d'un recours contentieux devant le tribunal administratif de Marseille, sis 31 Rue Jean Fran\u00e7ois Leca, 13002 MARSEILLE,  \ndans le d\u00e9lai de 2 mois \u00e0 compter de sa publication. Le tribunal administratif peut \u00eatre saisi par l'application T\u00e9l\u00e9recours citoyens \naccessible sur le site www.telerecours.fr . \nMinist\u00e8re de l'int\u00e9rieur - 13-2026-02-19-00001 - 20260219 - Arr\u00eat\u00e9 zonal n\u00b0930 - Vent fort - Limitation de vitesse A9 d\u00e9pts 11-66 18\nPr\u00e9fecture de police des Bouches-du-Rh\u00f4ne\n13-2026-02-19-00003\nArr\u00eat\u00e9 portant interdiction de rassemblements\nfestifs \u00e0 caract\u00e8re musical et interdiction de\ncirculation de tout v\u00e9hicule transportant du\nmat\u00e9riel de sonorisation \u00e0 destination d'un\nrassemblement festif \u00e0 caract\u00e8re musical non\nautoris\u00e9 \ndans le d\u00e9partement des Bouches-du-Rh\u00f4ne \nPr\u00e9fecture de police des Bouches-du-Rh\u00f4ne - 13-2026-02-19-00003 - Arr\u00eat\u00e9 portant interdiction de rassemblements festifs \u00e0 caract\u00e8re\nmusical et interdiction de circulation de tout v\u00e9hicule transportant du mat\u00e9riel de sonorisation \u00e0 destination d'un rassemblement\nfestif \u00e0 caract\u00e8re musical non autoris\u00e9 \ndans le d\u00e9partement des Bouches-du-Rh\u00f4ne \n19\n| |PREFETDES BOUCHES-DU-RHONELibert\u00e9Egalit\u00e9Fraternit\u00e9\n \n \nPr\u00e9f\u00e8te de police d\u00e9l\u00e9gu\u00e9e \n \n \n \n \n \n \n \nArr\u00eat\u00e9 portant interdiction de rassemblements festifs \u00e0 caract\u00e8re musical et interdiction de circulation \nde tout v\u00e9hicule transportant du mat\u00e9riel de sonorisation \u00e0 destination d'un rassemblement festif \u00e0 \ncaract\u00e8re musical non autoris\u00e9  \ndans le d\u00e9partement des Bouches-du-Rh\u00f4ne   \n \n \nLa pr\u00e9f\u00e8te de police d\u00e9l\u00e9gu\u00e9e des Bouches-du-Rh\u00f4ne, \n \nVu le code g\u00e9n\u00e9ral des collectivit\u00e9s territoriales, notamment les articles L 2212-2, L 2215-1 et L 2214-4 ; \n \nVu le code de la s\u00e9curit\u00e9 int\u00e9rieure, notamment les articles L 211-5 \u00e0 L 211-8, L 211-15, R 211-2 \u00e0 R 211-9 et R \n211-27 \u00e0 R 211-30 ; \n \nVu  le code p\u00e9nal, notamment les articles 121-2, 131-13, 322-1 et suivants et R 610-5 ; \n \nVu le code de la sant\u00e9 publique, notamment les articles R 1337-6-1\u00b0et R 1337-8 ; \n \nVu le code de l'environnement, notamment l'article 414-19 ; \n \nVu  le Code de la s\u00e9curit\u00e9 int\u00e9rieure et notamment ses articles L. 242-1 \u00e0 L. 242-8 et R. 242-8 \u00e0 R. 242-14 ; \n \nVu  l'article L. 122-1 du Code de la s\u00e9curit\u00e9 int\u00e9rieure ; \n \nVu  le d\u00e9cret n\u00b0 2025-723 du 30 juillet 2025 relatif aux pouvoirs des pr\u00e9fets, \u00e0 l'organisation et \u00e0 l'action \ndes services de l'\u00c9tat dans les r\u00e9gions et d\u00e9partements ; \n \nVu  le d\u00e9cret du Pr\u00e9sident de la R\u00e9publique en date du 19 novembre 2025 portant nomination de \nMonsieur Jacques WITKOWSKI en qualit\u00e9 de pr\u00e9fet de la r\u00e9gion Provence- Alpes-C\u00f4te d'Azur, pr\u00e9fet de \nla zone de d\u00e9fense et de s\u00e9curit\u00e9 Sud, pr\u00e9fet des Bouches-du-Rh\u00f4ne ; \n \nVu le d\u00e9cret du pr\u00e9sident de la R\u00e9publique du 17 juillet 2025 portant nomination de Mme Corinne \nSIMON en qualit\u00e9 de pr\u00e9f\u00e8te de police d\u00e9l\u00e9gu\u00e9e aupr\u00e8s du pr\u00e9fet des Bouches-du-Rh\u00f4ne ; \n \nVu le d\u00e9cret du pr\u00e9sident de la R\u00e9publique du 31 juillet 2025 portant nomination de Mme Lola \nMENAHEM en qualit\u00e9 de sous-pr\u00e9f\u00e8te, directrice de cabinet de la pr\u00e9f\u00e8te de police d\u00e9l\u00e9gu\u00e9e aupr\u00e8s du \npr\u00e9fet des Bouches-du-Rh\u00f4ne ; \n \nVu le d\u00e9cret du pr\u00e9sident de la R\u00e9publique du 23 septembre 2025 portant nomination de M. Pierre \nGILARDEAU en qualit\u00e9 de sous-pr\u00e9fet, directeur de cabinet adjoint de la pr\u00e9f\u00e8te de police d\u00e9l\u00e9gu\u00e9e \naupr\u00e8s du pr\u00e9fet des Bouches-du-Rh\u00f4ne ; \n \nVu  l'arr\u00eat\u00e9 pr\u00e9fectoral du 5 f\u00e9vrier 2026 donnant d\u00e9l\u00e9gation de signature \u00e0 Mme Corinne SIMON, \npr\u00e9f\u00e8te de police d\u00e9l\u00e9gu\u00e9e aupr\u00e8s du pr\u00e9fet des Bouches-du-Rh\u00f4ne ainsi qu'\u00e0 Mme Lola MENAHEM, \nsous-pr\u00e9f\u00e8te, directrice de cabinet de la pr\u00e9f\u00e8te de police d\u00e9l\u00e9gu\u00e9e et de M. Pierre GILARDEAU en \nqualit\u00e9 de sous-pr\u00e9fet, directeur de cabinet adjoint de la pr\u00e9f\u00e8te de police d\u00e9l\u00e9gu\u00e9e ; \n \nCONSID\u00c9RANT qu'en application des dispositions de l'article L 211-5 du code de la s\u00e9curit\u00e9 int\u00e9rieure, \nles rassemblements festifs \u00e0 caract\u00e8re musical doivent faire l'objet d'une d\u00e9claration pr\u00e9alable aupr\u00e8s du \npr\u00e9fet de d\u00e9partement ; \nPr\u00e9fecture de police des Bouches-du-Rh\u00f4ne - 13-2026-02-19-00003 - Arr\u00eat\u00e9 portant interdiction de rassemblements festifs \u00e0 caract\u00e8re\nmusical et interdiction de circulation de tout v\u00e9hicule transportant du mat\u00e9riel de sonorisation \u00e0 destination d'un rassemblement\nfestif \u00e0 caract\u00e8re musical non autoris\u00e9 \ndans le d\u00e9partement des Bouches-du-Rh\u00f4ne \n20\n \nCONSID\u00c9RANT  que ce type de rassemblement se d\u00e9roule tr\u00e8s souvent sur des terrains priv\u00e9s sans en \nobtenir l'autorisation des propri\u00e9taires ; que pour p\u00e9n\u00e9trer sur ces terrains, les organisateurs et \nparticipants d\u00e9gradent les limites de propri\u00e9t\u00e9s afin de prendre possession des lieux ; que ce type \nd'\u00e9v\u00e8nement non d\u00e9clar\u00e9 est susceptible de rassembler plusieurs centaines voire milliers de personnes \ndurant plusieurs jours cons\u00e9cutifs  ; que ces rassemblements mettent ainsi en p\u00e9ril la s\u00e9curit\u00e9 des \nparticipants faute de mesures pr\u00e9alablement valid\u00e9es par l'autorit\u00e9 pr\u00e9fectorale et engendrant de \npotentielles atteintes graves \u00e0 la s\u00e9curit\u00e9, la salubrit\u00e9 et la tranquillit\u00e9 publiques des personnes pr\u00e9sentes \nsur le lieu de rassemblement ainsi que pour le voisinage et sur les axes de circulation pr\u00e9sents aux \nalentours ;  \n \nCONSID\u00c9RANT  que le d\u00e9partement des Bouches-du-Rh\u00f4ne est r\u00e9guli \u00e8rement sujet \u00e0 des \nrassemblements festifs \u00e0 caract\u00e8re musical non d\u00e9clar\u00e9s ; qu'en 2023, 5 rassemblements de ce type, non \nd\u00e9clar\u00e9s aupr\u00e8s des services de la pr\u00e9fecture de d\u00e9partement, ont fait l'objet d'interventions de la part \ndes forces de s\u00e9curit\u00e9 int\u00e9rieure ; que deux rassemblements ont \u00e9t\u00e9 dispers\u00e9s par les effectifs de la \npolice nationale, dans la nuit du 13 au 14 ao\u00fbt 2024, dans les 7 \n\u00e8me  et 8 \u00e8me  arrondissements de Marseille et \nr\u00e9unissant plus de 1000 personnes ; que dans la nuit du 7 au 8 septembre 2024, un nouveau \nrassemblement non d\u00e9clar\u00e9 a r\u00e9uni plus de 300 personnes aux Goudes \u00e0 Marseille, g\u00e9n\u00e9rant des \nnuisances sonores pour les riverains ; qu'enfin, les 21 octobre et 1 er  novembre 2024, les effectifs de la \npolice nationale \u00e9taient de nouveau requis pour des rassemblements de ce type dans le 9 \u00e8me  \narrondissement, \u00e0 hauteur de Luminy et de l'ancienne piscine municipale ; qu'un nouveau \nrassemblement \u00e9tait pr\u00e9vu le 12 avril 2025 ; qu'au regard de l'arr\u00eat\u00e9 pris par Monsieur le pr\u00e9fet de police \ninterdisant tout rassemblement festifs \u00e0 caract\u00e8re musical non d\u00e9clar\u00e9, celui-ci ne s'est pas tenu ; que \ndes militaires de la gendarmerie d\u00e9partementale ont d\u00fb intervenir afin de faire cesser un rassemblement \nmusical non d\u00e9clar\u00e9 le 21 juin 2025 sur la commune de Trets  ; que les 29 et 30 novembre 2025 un \nrassemblement musical interdit rassemblant plusieurs centaines de personnes sur la commune d'Istres \nn\u00e9cessitait l'intervention des forces de l'ordre pour faire cesser le trouble \u00e0 l'ordre public occasionnant \ndes bless\u00e9s parmi ces derniers ; \n \nCONSID\u00c9RANT le rassemblement interdit qui s'est d\u00e9roul\u00e9 le 30 novembre 2025, n\u00e9cessitant un \nimportant d\u00e9ploiement des forces de s\u00e9curit\u00e9 int\u00e9rieure assist\u00e9es de moyens a\u00e9riens ; que pr\u00e8s de 200 \nv\u00e9hicules ont pu \u00eatre identifi\u00e9s transportant 500 personnes; n\u00e9cessitant l'\u00e9vacuation de ce \nregroupement ainsi que des interpellations ; que cet engagement des forces de l'ordre a conduit \u00e0 des \nblessures caus\u00e9es \u00e0 des CRS ainsi qu'\u00e0 la d\u00e9gradation des lieux.  \n \nCONSID\u00c9RANT qu'en l'absence de toute d\u00e9claration pr\u00e9alable aucune mesure de s\u00e9curit\u00e9 ou de s\u00fbret\u00e9 \nnotamment en lien avec l'interdiction d'acc\u00e8s aux massifs forestiers en raison des risques de feux de \nfor\u00eat ne permet pas de garantir la s\u00e9curit\u00e9 des personnes et des biens ;  \n \nCONSID\u00c9RANT  que le d\u00e9partement des Bouches-du-Rh\u00f4ne est fortement expos\u00e9 au risque incendie ; \nque l'alimentation \u00e9lectrique des \u00e9l\u00e9ments de sonorisation repose tr\u00e8s souvent sur l'utilisation de \ngroupes \u00e9lectrog\u00e8nes eux-m\u00eames aliment\u00e9s en carburant ; que cette pratique combin\u00e9e \u00e0 la forte \nconcentration de personnes sur site sont g\u00e9n\u00e9ratrices d'un risque accru d'incendie  ; \n \nCONSID\u00c9RANT  que plusieurs sites d\u00e9sign\u00e9s \u00ab Natura 2000 \u00bb se situent dans le d\u00e9partement des \nBouches-du-Rh\u00f4ne ; que ces sites, dans le cadre de leur pr\u00e9servation, ne peuvent accueillir des \nrassemblements festifs \u00e0 caract\u00e8re musical qu'apr\u00e8s avoir fait l'objet d'une \u00e9valuation des incidences ; \nque cette obligation ne peut \u00eatre remplie en l'absence de d\u00e9claration de ce type d'\u00e9v\u00e8nement ; \n \nCONSID\u00c9RANT que  le niveau \u00e9lev\u00e9 de la menace terroriste mobilise fortement, dans le cadre du plan \nVigipirate port\u00e9 au niveau \u00ab Urgence attentat \u00bb depuis le 24 mars 2024 sur le territoire national ; que la \nmobilisation des services de secours et de s\u00e9curit\u00e9 dans le d\u00e9partement dans le cadre de leurs activit\u00e9s \ncourantes ne permet pas de disposer des effectifs suffisants pour assurer la s\u00e9curit\u00e9 des rassemblements \nfestifs \u00e0 caract\u00e8re musical non d\u00e9clar\u00e9 dont le lieu exact n'est pas pr\u00e9visible \u00e0 l'avance et qu'elles ne \nsauraient \u00eatre d\u00e9tourn\u00e9es de ces missions;   \n \nPr\u00e9fecture de police des Bouches-du-Rh\u00f4ne - 13-2026-02-19-00003 - Arr\u00eat\u00e9 portant interdiction de rassemblements festifs \u00e0 caract\u00e8re\nmusical et interdiction de circulation de tout v\u00e9hicule transportant du mat\u00e9riel de sonorisation \u00e0 destination d'un rassemblement\nfestif \u00e0 caract\u00e8re musical non autoris\u00e9 \ndans le d\u00e9partement des Bouches-du-Rh\u00f4ne \n21\n \nARR\u00caTE : \n \n \nArticle 1 :  La tenue de rassemblements festifs \u00e0 caract\u00e8re musical, quel que soit le nombre de \nparticipants, r\u00e9pondant \u00e0 l'ensemble des caract\u00e9ristiques \u00e9nonc\u00e9es \u00e0 l'article R 211-2 du code de la \ns\u00e9curit\u00e9 int\u00e9rieure, autres que ceux r\u00e9guli\u00e8rement d\u00e9clar\u00e9s en pr\u00e9fecture, est interdite sur l'ensemble du \nterritoire du d\u00e9partement des Bouches-du-Rh\u00f4ne, pour la p\u00e9riode suivante :  \n \n- du vendredi  27 f\u00e9vrier 2026 \u00e0 10h00 au lundi  2 mars 2026 \u00e0 23h59 \n- du vendredi  6 mars 2026 \u00e0 10h00 au lundi  9 mars 2026 \u00e0 23h59 \n- du vendredi 13 mars 2026 \u00e0 10h00 au lundi 16 mars \u00e0 23h59 \n- du vendredi 20 mars 2026 \u00e0 10h00 au lundi 23 mars 2026 \u00e0 23h59 \n- du vendredi 27 mars 2026 \u00e0 10h00 au lundi 30 mars 2026 \u00e0 23h59 \n- du vendredi  3 avril 2026 \u00e0 10h00 au mardi 7 avril 2026 \u00e0 23h59 \n \nArticle 2 : La circulation de tout v\u00e9hicule transportant du mat\u00e9riel de sonorisation et/ou des groupes \n\u00e9lectrog\u00e8nes susceptibles d'\u00eatre utilis\u00e9s dans le cadre d'une manifestation festive \u00e0 caract\u00e8re musical \nr\u00e9pondant aux caract\u00e9ristiques \u00e9nonc\u00e9es \u00e0 l'article R 211-2 du code de la s\u00e9curit\u00e9 int\u00e9rieure est interdite \nsur l'ensemble du r\u00e9seau routier du d\u00e9partement des Bouches-du-Rh\u00f4ne. \n \nArticle 3 : Toute infraction au pr\u00e9sent arr\u00eat\u00e9 est passible des sanctions pr\u00e9vues aux articles R 211-27 \u00e0 \nR 211-29 du code de la s\u00e9curit\u00e9 int\u00e9rieure et peut notamment donner lieu \u00e0 la saisie de la chose qui a \nservi ou \u00e9tait destin\u00e9e \u00e0 commettre l'infraction pour une dur\u00e9e maximale de six mois, en vue de sa \nconfiscation par le tribunal judiciaire. \n \nArticle 4 : Conform\u00e9ment \u00e0 l'article R610-5 du Code P\u00e9nal, la violation des interdictions ou le \nmanquement aux obligations \u00e9dict\u00e9es par les d\u00e9crets et arr\u00eat\u00e9s de police sont punis de l'amende pr\u00e9vue \npour les contraventions de la 2e classe. \n \nArticle 5  : Le pr\u00e9sent arr\u00eat\u00e9 est publi\u00e9 au recueil des actes administratifs des services de l'\u00c9tat dans les \nBouches-du-Rh\u00f4ne. Il peut faire l'objet d'un recours contentieux devant le tribunal administratif de \nMarseille dans un d\u00e9lai de deux mois \u00e0 compter de sa publication. Le tribunal administratif de Marseille \nest comp\u00e9tent pour conna\u00eetre des litiges n\u00e9s de l'application du pr\u00e9sent arr\u00eat\u00e9. La juridiction \nadministrative comp\u00e9tente peut aussi \u00eatre saisie par l'application T\u00e9l\u00e9 recours citoyens accessible \u00e0 \npartir du site www.telerecours.fr  ; \n \nArticle 5 : Les sous-pr\u00e9fets des arrondissements d'Aix-en-Provence, Istres, Arles et Marseille, le directeur \ninterd\u00e9partemental de la police nationale des Bouches-du-Rh\u00f4ne, Monsieur le g\u00e9n\u00e9ral commandant le \ngroupement de gendarmerie d\u00e9partementale des Bouches-du-Rh\u00f4ne, les maires du d\u00e9partement des \nBouches-du-Rh\u00f4ne sont charg\u00e9s, chacun en ce qui le concerne, de l'ex\u00e9cution du pr\u00e9sent arr\u00eat\u00e9 dont \ncopie sera adress\u00e9e \u00e0 Messieurs les procureurs de la R\u00e9publique de Marseille, Aix-en-Provence et \nTarascon. \n  \nMarseille, le 19 f\u00e9vrier 2026 \n \nLa pr\u00e9f\u00e8te de police d\u00e9l\u00e9gu\u00e9e  \n  \n \n \nCorinne SIMON  \n \nPr\u00e9fecture de police des Bouches-du-Rh\u00f4ne - 13-2026-02-19-00003 - Arr\u00eat\u00e9 portant interdiction de rassemblements festifs \u00e0 caract\u00e8re\nmusical et interdiction de circulation de tout v\u00e9hicule transportant du mat\u00e9riel de sonorisation \u00e0 destination d'un rassemblement\nfestif \u00e0 caract\u00e8re musical non autoris\u00e9 \ndans le d\u00e9partement des Bouches-du-Rh\u00f4ne \n22\nPr\u00e9fecture des Bouches-du-Rhone\n13-2026-02-18-00022\nArr\u00eat\u00e9 accordant une m\u00e9daille pour acte de\ncourage et de d\u00e9vouement\nPr\u00e9fecture des Bouches-du-Rhone - 13-2026-02-18-00022 - Arr\u00eat\u00e9 accordant une m\u00e9daille pour acte de courage et de d\u00e9vouement 23\nPREFETDES BOUCHES-DU-RHONELibert\u00e9Egalit\u00e9Fraternit\u00e9\nCabinet\nArr\u00eat\u00e9 accordant une r\u00e9compense\npour acte de courage et de d\u00e9vouement\nLe pr\u00e9fet de la r\u00e9gion Provence-Alpes-C\u00f4te d'Azur\nPr\u00e9fet de la zone de d\u00e9fense et de s\u00e9curit\u00e9 Sud\nPr\u00e9fet des Bouches-du-Rh\u00f4ne\nOfficier dans l'ordre national de la L\u00e9gion d'honneur\nCommandeur dans l'ordre national du M\u00e9rite\nVu le d\u00e9cret du 16 novembre 1901 modifi\u00e9 relatif \u00e0 l'attribution de r\u00e9compenses pour acte de  \ncourage et de d\u00e9vouement ;\nVu le d\u00e9cret n\u00b0 70-221 du 17 mars 1970 portant d\u00e9concentration en mati\u00e8re d'attribution de la  \ndistinction susvis\u00e9e ;\nConsid\u00e9rant l'acte de courage et de bravoure accompli le 8 d\u00e9cembre 2025, en intervenant  \nhors service sur un immeuble en feu pour \u00e9vacuer les r\u00e9sidents et sauver une femme \u00e2g\u00e9e \u00e0  \nmobilit\u00e9  r\u00e9duite,  alors  que  le  plafond  s'est  effondr\u00e9  juste  apr\u00e8s  son  \u00e9vacuation,  sur  la  \ncommune de Salon-de-Provence ;\nSur proposition du sous-pr\u00e9fet, directeur de cabinet ;\nARR\u00caTE\nArticle 1\nUne m\u00e9daille de bronze  pour acte de courage et de d\u00e9vouement est d\u00e9cern\u00e9e aux personnes  \ndont les noms suivent :\nM. ESCAILLON Christophe, brigadier-chef de police nationale\nM.  MOIRET  Mathieu,  capitaine  de  r\u00e9serve  au  groupement  de  gendarmerie  des  \nBouches-du-Rh\u00f4ne, directeur g\u00e9n\u00e9ral des services de la commune de P\u00e9lissanne\nArticle 2\nLe sous-pr\u00e9fet, directeur de cabinet du pr\u00e9fet de la r\u00e9gion Provence-Alpes-C\u00f4te d'Azur, pr\u00e9fet  \ndes Bouches-du-Rh\u00f4ne, est charg\u00e9 de l'ex\u00e9cution du pr\u00e9sent arr\u00eat\u00e9 qui sera publi\u00e9 au recueil  \ndes actes administratifs de l'\u00c9tat.\nMarseille, le 18 f\u00e9vrier 2026\nLe pr\u00e9fet,\nsign\u00e9\nJacques WITKOWSKI\nPlace F\u00e9lix Baret - CS 80001  \u2013 13282 Marseille Cedex 06 -\nT\u00e9l\u00e9phone : 04.84.35.40.00 \nwww.  bouches-du-rhone.  gouv.fr  \nPr\u00e9fecture des Bouches-du-Rhone - 13-2026-02-18-00022 - Arr\u00eat\u00e9 accordant une m\u00e9daille pour acte de courage et de d\u00e9vouement 24\nPr\u00e9fecture des Bouches-du-Rhone\n13-2026-02-12-00010\nArr\u00eat\u00e9 portant d\u00e9claration d'utilit\u00e9 publique et\nde cessibilit\u00e9, suite au jugement de carence\nprononc\u00e9 \u00e0 l'encontre du syndicat des\ncopropri\u00e9taires et propri\u00e9taires, en vue de\nl'acquisition, par la SOLEAM, des immeubles de\nla r\u00e9sidence \u00ab La Lune \u00bb sise 1, voie d'Espagne,\nZ.A. de l'Anjoly, 13127 Vitrolles\nPr\u00e9fecture des Bouches-du-Rhone - 13-2026-02-12-00010 - Arr\u00eat\u00e9 portant d\u00e9claration d'utilit\u00e9 publique et de cessibilit\u00e9, suite au\njugement de carence prononc\u00e9 \u00e0 l'encontre du syndicat des copropri\u00e9taires et propri\u00e9taires, en vue de l'acquisition, par la SOLEAM,\ndes immeubles de la r\u00e9sidence \u00ab La Lune \u00bb sise 1, voie d'Espagne, Z.A. de l'Anjoly, 13127 Vitrolles\n25\nPREFETDES BOUCHES-DU-RHONELibert\u00e9Egalit\u00e9Fraternit\u00e9\nDirection de la citoyennet\u00e9,\nde la l\u00e9galit\u00e9 et de l'environnement\nBureau de l'utilit\u00e9 publique, de la concertation\net de l'environnement\nUtilit\u00e9 publique n\u00b02026-11\nARR\u00caT\u00c9\n portant d\u00e9claration d'utilit\u00e9 publique et de cessibilit\u00e9, suite au jugement de carence\nprononc\u00e9 \u00e0 l'encontre du syndicat des copropri\u00e9taires et propri\u00e9taires,\n en vue de l'acquisition, par la SOLEAM, des immeubles de la r\u00e9sidence\n\u00ab La Lune \u00bb sise 1, voie d'Espagne, Z.A. de l'Anjoly, 13127 Vitrolles\n-----------------------------------------\nLe pr\u00e9fet de la r\u00e9gion Provence-Alpes-C\u00f4te d'Azur,\npr\u00e9fet de la zone de d\u00e9fense et de s\u00e9curit\u00e9 Sud,\npr\u00e9fet des Bouches-du-Rh\u00f4ne\nVU le code de la construction et de l'habitation, notamment les articles L615-6 \u00e0 L615-8; \nVU le code de l'expropriation pour cause d'utilit\u00e9 publique;\nVU le code g\u00e9n\u00e9ral des collectivit\u00e9s territoriales, et notamment ses articles L5217-2 et L5218-2 \nen vertu desquels la m\u00e9tropole Aix-Marseille-Provence exerce, depuis le 1 er janvier 2016, les  \ncomp\u00e9tences qui \u00e9taient \u00e0 la date de sa cr\u00e9ation, transf\u00e9r\u00e9es par les communes membres aux \n\u00e9tablissements publics de coop\u00e9ration intercommunale fusionn\u00e9s, en application du I de  \nl'article L5218-1 dudit code;\nVU  la loi n\u00b02014-58 du 27 janvier 2014 de modernisation de l'action publique territoriale et  \nd'affirmation des m\u00e9tropoles ;\nVU  le d\u00e9cret n\u00b055-22 du 4 janvier 1955 portant r\u00e9forme des r\u00e8gles relatives \u00e0 la publicit\u00e9  \nfonci\u00e8re, modifi\u00e9 et compl\u00e9t\u00e9 par les d\u00e9crets des 12, 14 octobre 1955, 7 janvier 1959, 22  \nd\u00e9cembre 1967 , 12 juin 1970 et 18 juillet 1985 ;\nVU le d\u00e9cret n\u00b02015-1085 du 28 ao\u00fbt 2015 relatif \u00e0 la cr\u00e9ation de la m\u00e9tropole Aix-Marseille-\nProvence ;\nVU le d\u00e9cret du 19 novembre 2025 portant nomination de monsieur Jacques WITKOWSKI en  \nqualit\u00e9 de pr\u00e9fet de la r\u00e9gion Provence-Alpes-C\u00f4te d'Azur, pr\u00e9fet de la zone de d\u00e9fense et de \ns\u00e9curit\u00e9 Sud, pr\u00e9fet des Bouches-du-Rh\u00f4ne ;\nVU le d\u00e9cret du 31 janvier 2025 portant nomination de monsieur Fr\u00e9d\u00e9ric POISOT en qualit\u00e9  \nde secr\u00e9taire g\u00e9n\u00e9ral de la pr\u00e9fecture des Bouches-du-Rh\u00f4ne, sous-pr\u00e9fet de Marseille ;\nPlace F\u00e9lix Baret - CS 80001  \u2013 13282 Marseille Cedex 06                                                                                                                            1/3\nT\u00e9l\u00e9phone : 04 84 35 40 00 \nwww.bouches-du-rhone.gouv.fr   \nPr\u00e9fecture des Bouches-du-Rhone - 13-2026-02-12-00010 - Arr\u00eat\u00e9 portant d\u00e9claration d'utilit\u00e9 publique et de cessibilit\u00e9, suite au\njugement de carence prononc\u00e9 \u00e0 l'encontre du syndicat des copropri\u00e9taires et propri\u00e9taires, en vue de l'acquisition, par la SOLEAM,\ndes immeubles de la r\u00e9sidence \u00ab La Lune \u00bb sise 1, voie d'Espagne, Z.A. de l'Anjoly, 13127 Vitrolles\n26\nVU l'ordonnance  n\u00b0  RG  23/01250  du  26  septembre  2023  du  tribunal  judiciaire  d'Aix-en-\nProvence d\u00e9clarant l'\u00e9tat de carence du syndicat des copropri\u00e9taires et des propri\u00e9taires de  \nla r\u00e9sidence \u00ab La Lune \u00bb sise 1, voie d'Espagne, Z.A. de l'Anjoly, 13127 Vitrolles ;\nVU la d\u00e9lib\u00e9ration n\u00b0 CHL-004-16302/24/BM du 27 juin 2024 du bureau de la m\u00e9tropole Aix-\nMarseille-Provence approuvant le projet simplifi\u00e9 d'acquisition publique de la r\u00e9sidence \u00ab  La \nLune \u00bb\u00e0 Vitrolles et la demande de d\u00e9claration d'utilit\u00e9 publique en vue de l'expropriation  \npar suite de l'ordonnance de d\u00e9claration de carence ;\nVU l'arr\u00eat\u00e9 n\u00b0 24/620/CM du 3 d\u00e9cembre 2024 de la pr\u00e9sidente de la m\u00e9tropole Aix-Marseille-\nProvence, d\u00e9finissant les modalit\u00e9s de mise \u00e0 disposition du public du dossier pr\u00e9sentant le  \nprojet simplifi\u00e9 d'acquisition publique de la copropri\u00e9t\u00e9 \u00ab La Lune \u00bb \u00e0 Vitrolles ;\nVU la d\u00e9lib\u00e9ration n\u00b0 URBA-015-17521/25/CM du 27 f\u00e9vrier 2025 du bureau de la m\u00e9tropole  \nAix-Marseille-Provence,  approuvant la signature d'un trait\u00e9 de concession d'am\u00e9nagement  \navec la SOLEAM relatif au traitement de la copropri\u00e9t\u00e9 \u00ab  La Lune \u00bb \u00e0 Vitrolles et autorisant la  \nSOLEAM \u00e0 poursuivre la proc\u00e9dure d'expropriation  ;\nVU le courrier du 22 juillet 2025 par lequel le directeur g\u00e9n\u00e9ral de la SOLEAM sollicite, en sa  \nqualit\u00e9 de concessionnaire de la m\u00e9tropole Aix-Marseille-Provence, la d\u00e9claration d 'utilit\u00e9  \npublique du projet d'acquisition publique de la r\u00e9sidence \u00ab  La Lune \u00bb \u00e0 Vitrolles, au profit de  \nla SOLEAM, en vue de sa d\u00e9molition ;\nVU le projet simplifi\u00e9 d'acquisition publique et le projet de plan de relogement pr\u00e9sent\u00e9 par  \nla SOLEAM, les observations du public et l'\u00e9valuation g\u00e9n\u00e9rale du service du domaine ;\nCONSID\u00c9RANT qu'il convient, conform\u00e9ment aux articles L615-6 \u00e0 L615-8 du code de la  \nconstruction et de l'habitat, de d\u00e9clarer d'utilit\u00e9 publique l'acquisition des immeubles de la  \nr\u00e9sidence  \u00ab La  Lune \u00bb   sise  1,  voie  d'Espagne,  Z.A.  de  l'Anjoly,  13127  Vitrolles ,  suite  \u00e0  \nl'ordonnance de carence du syndicat des copropri\u00e9taires et des propri\u00e9taires ;\nSUR PROPOSITION du secr\u00e9taire g\u00e9n\u00e9ral de la pr\u00e9fecture des Bouches-du-Rh\u00f4ne ;\nARR\u00caTE\nArticle 1er :\nEst d\u00e9clar\u00e9e d'utilit\u00e9 publique l'acquisition par la SOLEAM, des immeubles de la r\u00e9sidence \u00ab La \nLune \u00bb  sise 1, voie d'Espagne, Z.A. de l'Anjoly, 13127 Vitrolles , suite \u00e0 l'ordonnance judiciaire  \nde carence du syndicat des copropri\u00e9taires et propri\u00e9taires, conform\u00e9ment au plan ci-annex\u00e9 \n(annexe 1, page 1).\nArticle 2 :\nEn application des articles L615-6 \u00e0 L615-8 du code de la construction et de l'habitation,  \nl'acquisition se fera par voie d'expropriation au b\u00e9n\u00e9fice de la SOLEAM.\nPlace F\u00e9lix Baret - CS 80001  \u2013 13282 Marseille Cedex 06                                                                                                                            2/3\nT\u00e9l\u00e9phone : 04 84 35 40 00 \nwww.bouches-du-rhone.gouv.fr   \nPr\u00e9fecture des Bouches-du-Rhone - 13-2026-02-12-00010 - Arr\u00eat\u00e9 portant d\u00e9claration d'utilit\u00e9 publique et de cessibilit\u00e9, suite au\njugement de carence prononc\u00e9 \u00e0 l'encontre du syndicat des copropri\u00e9taires et propri\u00e9taires, en vue de l'acquisition, par la SOLEAM,\ndes immeubles de la r\u00e9sidence \u00ab La Lune \u00bb sise 1, voie d'Espagne, Z.A. de l'Anjoly, 13127 Vitrolles\n27\nArticle 3 :\nSont d\u00e9clar\u00e9s cessibles imm\u00e9diatement, au profit de la SOLEAM et suite \u00e0 l'ordonnance  de  \ncarence du syndicat des copropri\u00e9taires et des propri\u00e9taires, les immeubles de la r\u00e9sidence  \n\u00ab La Lune \u00bb  sise 1, voie d'Espagne, Z.A. de l'Anjoly, 13127 Vitrolles , tels que d\u00e9sign\u00e9s sur l'\u00e9tat  \nparcellaire ci-annex\u00e9  (annexe 2, pages 1 \u00e0 18).\nArticle 4 :\nIl  pourra  \u00eatre  pris  possession  desdits  immeubles  dans  un  d\u00e9lai  de  deux  mois  suite  \u00e0  la \npublication  du  pr\u00e9sent  arr\u00eat\u00e9  au  recueil  des  actes  administratifs  de  la  pr\u00e9fecture  des  \nBouches-du-Rh\u00f4ne, et de son affichage en mairie de Vitrolles, ainsi que sous r\u00e9serve du  \npaiement  aux  propri\u00e9taires,  ou  de  la  consignation  des  indemnit\u00e9s  provisionnelles  fix\u00e9es \nconform\u00e9ment \u00e0 l'\u00e9valuation du service du domaine et annex\u00e9es au pr\u00e9sent arr\u00eat\u00e9 (annexe 3, \npages 1 \u00e0 17).\nArticle 5 :\nLe pr\u00e9sent arr\u00eat\u00e9 sera affich\u00e9 par les soins du maire de la commune de Vitrolles aux lieux  \naccoutum\u00e9s. Il sera, en outre, notifi\u00e9 par lettre recommand\u00e9e avec accus\u00e9 de r\u00e9ception aux  \npropri\u00e9taires int\u00e9ress\u00e9s par l'expropriant.\nArticle 6 :\nLe  secr\u00e9taire  g\u00e9n\u00e9ral  de  la  pr\u00e9fecture  des  Bouches-du-Rh\u00f4ne,  le  directeur  g\u00e9n\u00e9ral  de  la  \nSOLEAM,  le  maire  de  Vitrolles,  la  directrice  r\u00e9gionale  et  d\u00e9partementale  des  finances  \npubliques,  le  directeur  des  services  fiscaux  (cadastre  et  publicit\u00e9  fonci\u00e8re)  sont  charg\u00e9s, \nchacun en ce qui le concerne, de l'ex\u00e9cution du pr\u00e9sent arr\u00eat\u00e9 qui fera l'objet d'une insertion  \nau recueil des actes administratifs de l'\u00c9tat.\n                                                              Fait \u00e0 Marseille, le 12 f\u00e9vrier 2026\nPour le pr\u00e9fet\net par d\u00e9l\u00e9gation,\nle secr\u00e9taire g\u00e9n\u00e9ral\nsign\u00e9\nFr\u00e9d\u00e9ric POISOT\nPlace F\u00e9lix Baret - CS 80001  \u2013 13282 Marseille Cedex 06                                                                                                                            3/3\nT\u00e9l\u00e9phone : 04 84 35 40 00 \nwww.bouches-du-rhone.gouv.fr   \nPr\u00e9fecture des Bouches-du-Rhone - 13-2026-02-12-00010 - Arr\u00eat\u00e9 portant d\u00e9claration d'utilit\u00e9 publique et de cessibilit\u00e9, suite au\njugement de carence prononc\u00e9 \u00e0 l'encontre du syndicat des copropri\u00e9taires et propri\u00e9taires, en vue de l'acquisition, par la SOLEAM,\ndes immeubles de la r\u00e9sidence \u00ab La Lune \u00bb sise 1, voie d'Espagne, Z.A. de l'Anjoly, 13127 Vitrolles\n28\nPr\u00e9fecture des Bouches-du-Rhone\n13-2026-02-19-00002\narr\u00eat\u00e9 autorisant le d\u00e9roulement d'une\nmanifestation motoris\u00e9e d\u00e9nomm\u00e9e\n\"Deudeuche show\" du samedi 7 au dimanche 8\nmars 2026, le mercredi 11 mars 2016, du samedi\n14 au dimanche 15 mars 2026, le mercredi 18\nmars 2026 et du samedi 21 au dimanche 22 mars\n2026 dans le d\u00e9partement des\nBouches-du-Rh\u00f4ne\nPr\u00e9fecture des Bouches-du-Rhone - 13-2026-02-19-00002 - arr\u00eat\u00e9 autorisant le d\u00e9roulement d'une manifestation motoris\u00e9e d\u00e9nomm\u00e9e\n\"Deudeuche show\" du samedi 7 au dimanche 8 mars 2026, le mercredi 11 mars 2016, du samedi 14 au dimanche 15 mars 2026, le\nmercredi 18 mars 2026 et du samedi 21 au dimanche 22 mars 2026 dans le d\u00e9partement des Bouches-du-Rh\u00f4ne\n29\nPREFETDES BOUCHES-DU-RHONELibert\u00e9\u00c9galit\u00e9Fraternit\u00e9\nDirection de la s\u00e9curit\u00e9 : \npolice administrative et r\u00e9glementation\nBureau des polices administratives\nen mati\u00e8re de s\u00e9curit\u00e9\nArr\u00eat\u00e9 autorisant le d\u00e9roulement d'une manifestation motoris\u00e9e d\u00e9nomm\u00e9e\n\u00ab Deudeuche show \u00bb\ndu samedi 7 au dimanche 8 mars 2026, le mercredi 11 mars 2026, du samedi 14 au dimanche \n15 mars 2026, le mercredi 18 mars 2026 et du samedi 21 au dimanche 22 mars 2026 dans le \nd\u00e9partement des Bouches-du-Rh\u00f4ne\nLe pr\u00e9fet de la r\u00e9gion Provence-Alpes-C\u00f4te d'Azur\nPr\u00e9fet de la zone de d\u00e9fense de s\u00e9curit\u00e9 Sud\nPr\u00e9fet des Bouches-du-Rh\u00f4ne\nVu le  code  g\u00e9n\u00e9ral  des  collectivit\u00e9s  territoriales,  notamment  ses  articles  L.2212-1  et \nsuivants, L.2215-1, L.3221-4 et L.3221-5 ;\nVu le code de la route ;\nVu le code du sport et notamment ses articles  L.331-1 \u00e0 L.331-12, R.331-3 \u00e0 R333-45,  \nA.331-1 \u00e0 A.331-32 ;\nVu le code de l'environnement, notamment ses articles L.414-4 et R.414-19 ;\nVu le code de la s\u00e9curit\u00e9 int\u00e9rieure et notamment ses articles L.211-11 et L.332-1 ;\nVu le d\u00e9cret n\u00b0 97-199 du 5 mars 1997 modifi\u00e9 relatif au remboursement de certaines  \nd\u00e9penses support\u00e9es par les forces de police et de gendarmerie ;\nVu le d\u00e9cret n\u00b0 2010-365 du 9 avril 2010 relatif \u00e0 l'\u00e9valuation des incidences natura 2000 ;\nVu le d\u00e9cret n\u00b0 2004-374 du 29 avril 2004 modifi\u00e9 relatif aux pouvoirs des pr\u00e9fets, \u00e0  \nl'organisation et \u00e0 l'action des services de l'\u00c9tat dans les r\u00e9gions et d\u00e9partements ;\nVu  le  d\u00e9cret  du  19  novembre  2025  portant  nomination  de  monsieur  Jacques  \nWITKOWSKI, en qualit\u00e9 de pr\u00e9fet de la r\u00e9gion Provence-Alpes-C\u00f4te d'Azur, pr\u00e9fet de la zone  \nde d\u00e9fense et de s\u00e9curit\u00e9 Sud, pr\u00e9fet des Bouches-du-Rh\u00f4ne ;\nVu  l'arr\u00eat\u00e9  n\u00b0  13-2025-12-01--00039  du  1er  d\u00e9cembre  2025  portant  d\u00e9l\u00e9gation  de  \nsignature \u00e0 madame C\u00e9cile MOVIZZO, conseill\u00e8re d'administration de l'int\u00e9rieur et de l'outre-\nmer, directrice de la s\u00e9curit\u00e9 : police administrative et r\u00e9glementation ;\nVu l'arr\u00eat\u00e9 minist\u00e9riel du 26 d\u00e9cembre 2025 portant interdiction des concentrations ou  \nmanifestations sportives sur les routes \u00e0 grande circulation \u00e0 certaines p\u00e9riodes de l'ann\u00e9e  \n2026 ;\nVu la liste des assureurs agr\u00e9\u00e9s ;\nVu le dossier pr\u00e9sent\u00e9 par monsi eur Franck GONTELLE, \u00e0 l'effet d'obtenir l'autorisation  \nd'organiser, du samedi 7 au dimanche 8 mars 2026, le mercredi 11 mars 2026, du samedi 14 au  \ndimanche 15 mars 2026, le mercredi 18 mars 2026 et du samedi 21 au dimanche 22 mars 2026, \nune manifestation motoris\u00e9e d\u00e9nomm\u00e9e \u00ab Le deudeuche show \u00bb ;\nVu le r\u00e8glement de la manifestation ;\n1/3\nPlace F\u00e9lix Baret - CS 80001 \u2013 13282 Marseille Cedex 06\nT\u00e9l\u00e9phone : 04.84.35.40.00\nwww.bouches-du-rhone.gouv.fr\nPr\u00e9fecture des Bouches-du-Rhone - 13-2026-02-19-00002 - arr\u00eat\u00e9 autorisant le d\u00e9roulement d'une manifestation motoris\u00e9e d\u00e9nomm\u00e9e\n\"Deudeuche show\" du samedi 7 au dimanche 8 mars 2026, le mercredi 11 mars 2016, du samedi 14 au dimanche 15 mars 2026, le\nmercredi 18 mars 2026 et du samedi 21 au dimanche 22 mars 2026 dans le d\u00e9partement des Bouches-du-Rh\u00f4ne\n30\nVu le contrat d'assurance produit par le p\u00e9titionnaire ;\nVu l'avis du maire de Istres ;\nVu l'avis de la direction des services d\u00e9partementaux de l'\u00e9ducation nationale ;\nVu l'avis de la direction d\u00e9partementale des services d'incendie et de secours ;\nVu l'avis de la  direction interd\u00e9partementale de la police nationale des Bouches-du-\nRh\u00f4ne ;\nVu l'avis \u00e9mis par la commission d\u00e9partementale de la s\u00e9curit\u00e9 routi\u00e8re le mardi 13  \njanvier 2026 ;\nSur proposition du secr\u00e9taire g\u00e9n\u00e9ral de la pr\u00e9fecture des Bouches-du-Rh\u00f4ne ;\nARR\u00caTE\nArticle 1 : Caract\u00e9ristiques du p\u00e9titionnaire\nM. Franck GONTELLE, domicili\u00e9 292, chez les vieilles fu mades 30500 All\u00e8gre-les-Fumades, est  \nautoris\u00e9 \u00e0 organiser, sous sa responsabilit\u00e9 exclusive, du samedi 7 au dimanche 8 mars 2026, le \nmercredi 11 mars 2026, du samedi 14 au dimanche 15 mars 2026, le mercredi 18 mars 2026 et  \ndu  samedi  21  au  dimanche  22  mars  2026 ,  une  manifestation motoris\u00e9e  d\u00e9nomm\u00e9e  \u00ab  le \ndeudeuche show \u00bb qui se d\u00e9roulera  dans le d\u00e9partement des Bouches-du-Rh\u00f4ne,  selon les  \nitin\u00e9raires et les horaires d\u00e9clar\u00e9s.\nArticle 2 : Obligations de l'organisateur\nLe p\u00e9titionnaire doit prendre en charge les frais de service d'ordre exceptionnellement mis en \n\u0153uvre \u00e0 l'occasion du d\u00e9roulement de la manifestation.\nL'organisateur  doit  veiller  au  respect  de  la  propri\u00e9t\u00e9  priv\u00e9e  par  les  participants  et  les  \nspectateurs.\nL'organisateur doit respecter les prescriptions des services de police pr\u00e9sents sur l'\u00e9preuve, si  \nles conditions de s\u00e9curit\u00e9 ne se trouvent plus remplies.\nArticle 3 : S\u00e9curit\u00e9 de l'\u00e9preuve et organisation des secours\nLa s\u00e9curit\u00e9 de la manifestation est assur\u00e9e par l'organisateur.\nCette autorisation ne pr\u00e9juge pas des autorisations qu'il doit avoir, au pr\u00e9alable, obtenu au  \ntitre d'autres r\u00e9glementations pour garantir la s\u00e9curit\u00e9 du public et des participants.\nDe plus, dans le contexte actuel, les organisateurs doivent prendre \u00e9galement les mesures de  \ns\u00e9curit\u00e9 n\u00e9cessaires pour assurer la protection des pilotes et des spectateurs, en application  \ndes instructions de la police nationale.\nEn cas de besoin des secours publics, l'organisation de la r\u00e9ponse op\u00e9rationnelle s'effectuera  \nconform\u00e9ment aux dispositions r\u00e9glementaires arr\u00eat\u00e9es en la mati\u00e8re.\nArticle 4 : Utilisation des voies\nL'\u00e9preuve sportive se d\u00e9roule hors des voies de circulation publique.\nArticle 5 : Mesures particuli\u00e8res\nToute  concentration  ou  manifestation  autoris\u00e9e,  comportant  des  v\u00e9hicules  terrestres  \u00e0  \nmoteur,  ne  peut  d\u00e9buter  qu'apr\u00e8s  la  production  par  l'organisateur  technique  d'une  \n2/3\nPlace F\u00e9lix Baret - CS 80001 \u2013 13282 Marseille Cedex 06\nT\u00e9l\u00e9phone : 04.84.35.40.00\nwww.bouches-du-rhone.gouv.fr\nPr\u00e9fecture des Bouches-du-Rhone - 13-2026-02-19-00002 - arr\u00eat\u00e9 autorisant le d\u00e9roulement d'une manifestation motoris\u00e9e d\u00e9nomm\u00e9e\n\"Deudeuche show\" du samedi 7 au dimanche 8 mars 2026, le mercredi 11 mars 2016, du samedi 14 au dimanche 15 mars 2026, le\nmercredi 18 mars 2026 et du samedi 21 au dimanche 22 mars 2026 dans le d\u00e9partement des Bouches-du-Rh\u00f4ne\n31\nattestation \u00e9crite pr\u00e9cisant que toutes les prescriptions mentionn\u00e9es dans l'autorisation ont  \n\u00e9t\u00e9 respect\u00e9es. Ce document est remis aux repr\u00e9sentants des forces de l'ordre.\nTout survol de la manifestation, vente d'objets ou distribution d'imprim\u00e9s, ou autre activit\u00e9  \nsoumise \u00e0 une r\u00e9glementation sp\u00e9ciale doit faire l'objet d'une demande sp\u00e9cifique aupr\u00e8s des \nautorit\u00e9s comp\u00e9tentes.\nToute publicit\u00e9, sous quelque forme que ce soit, pour des loteries ou des op\u00e9rations qui leur  \nsont assimil\u00e9es, est interdite.\nArticle 6 : Sanctions\nTout contrevenant aux dispositions du pr\u00e9sent arr\u00eat\u00e9 s'expose aux sanctions pr\u00e9vues par les  \ntextes en vigueur \u00e0 la date de sa notification (article R610-5 du code p\u00e9nal et R331-17-2 du  \ncode du sport).\nArticle 7 :\nLe pr\u00e9sent arr\u00eat\u00e9 peut \u00eatre contest\u00e9 dans les deux mois suivants sa notification :\n- soit par voie de recours gracieux aupr\u00e8s de monsieur le pr\u00e9fet des Bouches-du-Rh\u00f4ne ;\n- soit par voie de recours hi\u00e9rarchique  aupr\u00e8s de monsieur le ministre de l'int\u00e9rieur,\n- soit par voie de recours contentieux d\u00e9pos\u00e9 devant le tribunal administratif de marseille sis, \n31, rue Jean-Fran\u00e7ois LECA \u2013 13002 Marseille \n- soit par mail www.telerecours.f\nArticle 8 : Ex\u00e9cution\nLe Secr\u00e9taire G\u00e9n\u00e9ral de la pr\u00e9fecture des Bouches-du-Rh\u00f4ne, le maire de Istres, le directeur \ndes  services  d\u00e9partementaux  de  l'\u00e9ducation  nationale , le  directeur  d\u00e9partemental  des  \nservices  d'incendie  et  de  secours,  l'i nspecteur  g\u00e9n\u00e9ral  des  services  actifs  de  la  police  \nnationale,  directeur  interd\u00e9partemental  de  la  police  nationale  des  Bouches-du-Rh\u00f4ne,  la \npr\u00e9f\u00e8te de police d\u00e9l\u00e9gu\u00e9e aupr\u00e8s du pr\u00e9fet des Bouches-du-Rh\u00f4ne ainsi que l'organisateur,  \nsont charg\u00e9s chacun en ce qui le concerne de l'ex\u00e9cution du pr\u00e9sent arr\u00eat\u00e9 qui sera publi\u00e9 au  \nrecueil des actes administratifs de la Pr\u00e9fecture.\nMarseille le 19 f\u00e9vrier 2026\nPour le pr\u00e9fet et par d\u00e9l\u00e9gation\nLa directrice de la s\u00e9curit\u00e9 :\npolice administrative et s\u00e9curit\u00e9\nSIGNE\nC\u00e9cile MOVIZZO\n3/3\nPlace F\u00e9lix Baret - CS 80001 \u2013 13282 Marseille Cedex 06\nT\u00e9l\u00e9phone : 04.84.35.40.00\nwww.bouches-du-rhone.gouv.fr\nPr\u00e9fecture des Bouches-du-Rhone - 13-2026-02-19-00002 - arr\u00eat\u00e9 autorisant le d\u00e9roulement d'une manifestation motoris\u00e9e d\u00e9nomm\u00e9e\n\"Deudeuche show\" du samedi 7 au dimanche 8 mars 2026, le mercredi 11 mars 2016, du samedi 14 au dimanche 15 mars 2026, le\nmercredi 18 mars 2026 et du samedi 21 au dimanche 22 mars 2026 dans le d\u00e9partement des Bouches-du-Rh\u00f4ne\n32","date":"2026-02-19","first_seen_on":"2026-02-19T15:08:41+00:00","id":"37403142901cc2a32a37f37351c7ef36eed0dd8c4fdd8e44a20697cafff6cdee","name":"recueil-13-2026-053-recueil-des-actes-administratifs-special du 19 f\u00e9vrier 2026","pdf_creation_date":"2026-02-19T14:37:47+00:00","pdf_modification_date":null,"timezone":"Europe/Paris","url":"https://www.bouches-du-rhone.gouv.fr/contenu/telechargement/63120/443089/file/recueil-13-2026-053-recueil-des-actes-administratifs-special%20du%2019%20f%C3%A9vrier%202026.pdf"}
