{"administration":"pref83","administration_name":"Pr\u00e9fecture du Var","content":"VAR\nRECUEIL DES ACTES\nADMINISTRATIFS SP\u00c9CIAL\n(NOMINATIFS)\nN\u00b083-2026-022\nPUBLI\u00c9 LE 19 JANVIER 2026\nSommaire\nPr\u00e9fecture du VAR / Direction de la citoyennet\u00e9 et de la l\u00e9galit\u00e9\n83-2026-01-16-00003 - ARR\u00caT\u00c9 PR\u00c9FECTORAL n\u00b0\nDCL/BERG/2025/0276 du 16 janvier 2026 portant renouvellement de\nl'habilitation de l'\u00e9tablissement\n\u00ab\u00a0MAISON COMBA\u00a0\u00bb, 8\navenue Mar\u00e9chal Foch - 83250 LA LONDE-LES-MAURES\ng\u00e9r\u00e9 par\nla SAS \u00ab\u00a0FUNECAP SUD-EST\u00a0\u00bb\nHabilitation N\u00b0 26-83-0109 (2\npages) Page 3\n83-2026-01-16-00002 - ARR\u00caT\u00c9 PR\u00c9FECTORAL n\u00b0\nDCL/BERG/2026/0021 du 16 janvier 2026 portant renouvellement de\nl'habilitation de l'\u00e9tablissement\n\u00ab\u00a0SERVICE FUN\u00c9RAIRE\nVAROIS\u00a0\u00bb\n3, All\u00e9e des Trachycarpus - Les Jardins de Beauvallon\n- 83400 HYERES\nHabilitation N\u00b0 26-83-0166 (2 pages) Page 6\nPr\u00e9fecture du VAR / Direction de la coordination des politiques publiques\net de l'appui territorial\n83-2026-01-19-00004 - D\u00e9cision d'affectation DCL  (1 page) Page 9\n2\nPr\u00e9fecture du VAR\n83-2026-01-16-00003\nARR\u00caT\u00c9 PR\u00c9FECTORAL n\u00b0 DCL/BERG/2025/0276\ndu 16 janvier 2026 portant renouvellement de\nl'habilitation de l'\u00e9tablissement\n\u00ab\u00a0MAISON COMBA\u00a0\u00bb, 8 avenue Mar\u00e9chal Foch -\n83250 LA LONDE-LES-MAURES\ng\u00e9r\u00e9 par la SAS \u00ab\u00a0FUNECAP SUD-EST\u00a0\u00bb\nHabilitation N\u00b0 26-83-0109\nPr\u00e9fecture du VAR - 83-2026-01-16-00003 - ARR\u00caT\u00c9 PR\u00c9FECTORAL n\u00b0 DCL/BERG/2025/0276 du 16 janvier 2026 portant renouvellement\nde l'habilitation de l'\u00e9tablissement\n\u00ab\u00a0MAISON COMBA\u00a0\u00bb, 8 avenue Mar\u00e9chal Foch - 83250 LA LONDE-LES-MAURES\ng\u00e9r\u00e9 par la SAS \u00ab\u00a0FUNECAP SUD-EST\u00a0\u00bb\nHabilitation N\u00b0 26-83-0109\n3\n=mPREFETDU VARLibert\u00e9Egalit\u00e9Fraternit\u00e9\nDirection de la citoyennet\u00e9 et de la l\u00e9galit\u00e9\nBureau des \u00e9lections et de la r\u00e9glementation g\u00e9n\u00e9rale\nARR\u00caT\u00c9 PR\u00c9FECTORAL n\u00b0 DCL/BERG/2025/0276 du 16 janvier 2026\nportant renouvellement de l'habilitation de l'\u00e9tablissement\n\u00ab MAISON COMBA \u00bb, 8 avenue Mar\u00e9chal Foch \u2013 83250 LA LONDE-LES-MAURES\ng\u00e9r\u00e9 par la SAS \u00ab FUNECAP SUD-EST \u00bb\nHabilitation N\u00b0 26-83-0109\nLe Pr\u00e9fet du Var,\nVu le code g\u00e9n\u00e9ral des collectivit\u00e9s territoriales  et notamment ses articles L2223-19, L2223-23 et \nsuivants ;\nVu la loi n\u00b0 2008-1350 du 19 d\u00e9cembre 2008 relative \u00e0 la l\u00e9gislation fun\u00e9raire ;\nVu le d\u00e9cret du Pr\u00e9sident de la R\u00e9publique du 15 mai 2025, portant nomination de Monsieur  \nSimon BABRE, pr\u00e9fet du Var ;\nVu l'arr\u00eat\u00e9 pr\u00e9fectoral n\u00b0 2025/12/MCI du 2 juin 2025 portant d\u00e9l\u00e9gation de signature \u00e0 Monsieur  \nLucien GIUDICELLI, secr\u00e9taire g\u00e9n\u00e9ral de la pr\u00e9fecture du Var, sous-pr\u00e9fet de l'arrondissement de  \nToulon ;\nVu  l'arr\u00eat\u00e9  pr\u00e9fectoral  n\u00b0  DCL/BERG/2021/16  du  20  janvier  2021,  portant  renouvellement \nd'habilitation dans le domaine fun\u00e9raire de l'\u00e9tablissement secondaire \u00ab MAISON COMBA \u00bb sis 8, \navenue Mar\u00e9chal Foch \u00e0 La Londe-les-Maures (83250) jusqu'au 19 janvier 2026 inclus ;\nVu la demande du 21 novembre 2025 de renouvellement  d'habilitation de l'\u00e9tablissement  \n\u00ab MAISON COMBA \u00bb, situ\u00e9 8 avenue Mar\u00e9chal Foch \u00e0 La Londe-les-Maures (83250), formul\u00e9e par \nMonsieur  Gr\u00e9gory LECOUTEUX, directeur ex\u00e9cutif p\u00f4le PACA OUEST de la SAS  \u00ab FUNECAP \nSUD-EST \u00bb dont le si\u00e8ge est situ\u00e9 rue du souvenir fran\u00e7ais, quartier Saint-Roch \u00e0 Cuers (83390) ;\nConsid\u00e9rant la compl\u00e9tude du dossier ;\nSur proposition du secr\u00e9taire g\u00e9n\u00e9ral de la pr\u00e9fecture ;\nARR\u00caTE\nArticle 1  : L'\u00e9tablissement  \u00ab MAISON COMBA  \u00bb,  situ\u00e9 8 avenue Mar\u00e9chal Foch \u00e0 La Londe-les-\nMaures (83250), g\u00e9r\u00e9 par la SAS  \u00ab FUNECAP SUD-EST  \u00bb  dont le si\u00e8ge est situ\u00e9 rue du souvenir  \nfran\u00e7ais, quartier Saint-Roch \u00e0 Cuers (83390), repr\u00e9sent\u00e9 par son directeur ex\u00e9cutif \u2013 p\u00f4le PACA  \nOUEST, Monsieur Gr\u00e9gory LECOUTEUX, est habilit\u00e9 pour exercer les activit\u00e9s suivantes :\n1 - Transport de corps avant et apr\u00e8s mise en bi\u00e8re,\n2 - Organisation des obs\u00e8ques,\n3 - Soins de con servation, en sous-traitance avec l'\u00e9tablissement \u00ab  THANATHOPRAXIE SUD \u00bb, sis \nZI LIZAC Camps Grand - 82202, habilit\u00e9 sous le num\u00e9ro 22-82-124,\n4 - Fourniture  des  housses,  cercueils  et  accessoires  int\u00e9rieur  et  ext\u00e9rieur  ainsi  que  des  urnes\ncin\u00e9raires,\n1/2\nPr\u00e9fecture du VAR - 83-2026-01-16-00003 - ARR\u00caT\u00c9 PR\u00c9FECTORAL n\u00b0 DCL/BERG/2025/0276 du 16 janvier 2026 portant renouvellement\nde l'habilitation de l'\u00e9tablissement\n\u00ab\u00a0MAISON COMBA\u00a0\u00bb, 8 avenue Mar\u00e9chal Foch - 83250 LA LONDE-LES-MAURES\ng\u00e9r\u00e9 par la SAS \u00ab\u00a0FUNECAP SUD-EST\u00a0\u00bb\nHabilitation N\u00b0 26-83-0109\n4\n7 - Fourniture des corbillards et voitures de deuil, list\u00e9s en annexe du pr\u00e9sent arr\u00eat\u00e9,\n8 - Fourniture de personnel et des objets et prestations n\u00e9cessaires aux obs\u00e8ques, inhumations,  \nexhumations et cr\u00e9mations.\nArticle 2     : L'habilitation porte le num\u00e9ro 26-83-0109.\nArticle 3     : La pr\u00e9sente habilitation est accord\u00e9e  pour une dur\u00e9e de cinq ans \u00e0 compter du 20  \njanvier 2026, soit jusqu'au 19 janvier 2031 inclus.\nPour solliciter le renouvellement de la pr\u00e9sente habilitation, le b\u00e9n\u00e9ficiaire devra faire parvenir sa  \ndemande en pr\u00e9fecture au plus tard deux mois avant sa date de fin de validit\u00e9.\nArticle 4     : Conform\u00e9ment aux articles L.2223-25 et R.2223-64 du code g\u00e9n\u00e9ral des collectivit\u00e9s  \nterritoriales, et \u00e0 d\u00e9faut de la production, dans les meilleurs d\u00e9lais, des justificatifs de conformit\u00e9  \ndes \u00e9quipements, la pr\u00e9sente habilitation pourra \u00eatre suspendue pour une dur\u00e9e maximale d'un  \nan ou retir\u00e9e, apr\u00e8s mise en demeure, pour les motifs suivants :\n- non-respect des conditions de sa d\u00e9livrance telles qu'elles sont d\u00e9finies par les dispositions du  \ncode g\u00e9n\u00e9ral des collectivit\u00e9s territoriales ;\n- non exercice ou cessation d'exercice des activit\u00e9s au titre desquelles elle a \u00e9t\u00e9 d\u00e9livr\u00e9e ;\n- atteinte \u00e0 l'ordre public ou danger pour la salubrit\u00e9 publique.\nDans les cas o\u00f9 le b\u00e9n\u00e9ficiaire est un d\u00e9l\u00e9gataire, le retrait d'habilitation entra\u00eene la d\u00e9ch\u00e9ance  \ndes d\u00e9l\u00e9gations.\nArticle 5     : Le secr\u00e9taire g\u00e9n\u00e9ral de la pr\u00e9fecture du Var est charg\u00e9 de l'ex\u00e9cution du pr\u00e9sent arr\u00eat\u00e9 \nqui sera publi\u00e9 au recueil des actes administratifs de la pr\u00e9fecture du Var et dont une copie sera  \nadress\u00e9e au maire de la commune de La Londe-les-Maures pour information.\nFait \u00e0 Toulon, le 16 janvier 2026\nPour le pr\u00e9fet et par d\u00e9l\u00e9gation,\nle secr\u00e9taire g\u00e9n\u00e9ral,\nSign\u00e9\nLucien GIUDICELLI\nDans un d\u00e9lai de deux mois \u00e0 compter de la date de la notification ou de la publication du pr\u00e9sent arr\u00eat\u00e9 au recueil des actes administratifs de la \npr\u00e9fecture, les recours suivants peuvent \u00eatre introduits conform\u00e9ment aux dispositions des articles R. 421-1 et suivants du code de justice \nadministrative :\n- un recours gracieux, adress\u00e9 \u00e0 :\nM. le Pr\u00e9fet du Var - Boulevard du 112\u00e8me r\u00e9giment d'infanterie - CS 31209 - 83070 TOULON CEDEX\n- un recours hi\u00e9rarchique, adress\u00e9 au(x) ministre(s) concern\u00e9(s) ;\nDans ces deux cas, le silence de l'Administration vaut rejet implicite au terme d'un d\u00e9lai de deux mois.\nApr\u00e8s un recours gracieux ou hi\u00e9rarchique, le d\u00e9lai du recours contentieux ne court qu'\u00e0 compter du rejet explicite ou implicite de l'un de ces \nrecours.\n- un recours contentieux, en saisissant le Tribunal Administratif de Toulon : 5 rue Racine -BP 40510 - 83 041 TOULON CEDEX 9\nLe tribunal administratif peut \u00eatre saisi par l'application informatique \u00ab T\u00e9l\u00e9cours \u00bb accessible par le site internet www.telecours.fr.\n2/2\nPr\u00e9fecture du VAR - 83-2026-01-16-00003 - ARR\u00caT\u00c9 PR\u00c9FECTORAL n\u00b0 DCL/BERG/2025/0276 du 16 janvier 2026 portant renouvellement\nde l'habilitation de l'\u00e9tablissement\n\u00ab\u00a0MAISON COMBA\u00a0\u00bb, 8 avenue Mar\u00e9chal Foch - 83250 LA LONDE-LES-MAURES\ng\u00e9r\u00e9 par la SAS \u00ab\u00a0FUNECAP SUD-EST\u00a0\u00bb\nHabilitation N\u00b0 26-83-0109\n5\nPr\u00e9fecture du VAR\n83-2026-01-16-00002\nARR\u00caT\u00c9 PR\u00c9FECTORAL n\u00b0 DCL/BERG/2026/0021\ndu 16 janvier 2026 portant renouvellement de\nl'habilitation de l'\u00e9tablissement\n\u00ab\u00a0SERVICE FUN\u00c9RAIRE VAROIS\u00a0\u00bb\n3, All\u00e9e des Trachycarpus - Les Jardins de\nBeauvallon - 83400 HYERES\nHabilitation N\u00b0 26-83-0166\nPr\u00e9fecture du VAR - 83-2026-01-16-00002 - ARR\u00caT\u00c9 PR\u00c9FECTORAL n\u00b0 DCL/BERG/2026/0021 du 16 janvier 2026 portant renouvellement\nde l'habilitation de l'\u00e9tablissement\n\u00ab\u00a0SERVICE FUN\u00c9RAIRE VAROIS\u00a0\u00bb\n3, All\u00e9e des Trachycarpus - Les Jardins de Beauvallon - 83400 HYERES\nHabilitation N\u00b0 26-83-0166\n6\n=mPREFETDU VARLibert\u00e9Egalit\u00e9Fraternit\u00e9\nDirection de la citoyennet\u00e9 et de la l\u00e9galit\u00e9\nBureau des \u00e9lections et de la r\u00e9glementation g\u00e9n\u00e9rale\nARR\u00caT\u00c9 PR\u00c9FECTORAL n\u00b0 DCL/BERG/2026/0021 du 16 janvier 2026\nportant renouvellement de l'habilitation de l'\u00e9tablissement\n\u00ab SERVICE FUN\u00c9RAIRE VAROIS \u00bb\n3, All\u00e9e des Trachycarpus \u2013 Les Jardins de Beauvallon \u2013 83400 HYERES\nHabilitation N\u00b0 26-83-0166\nLe Pr\u00e9fet du Var,\nVu le code g\u00e9n\u00e9ral des collectivit\u00e9s territoriales  et notamment ses articles L2223-19, L2223-23 \net suivants ;\nVu la loi n\u00b0 2008-1350 du 19 d\u00e9cembre 2008 relative \u00e0 la l\u00e9gislation fun\u00e9raire ;\nVu le d\u00e9cret du Pr\u00e9sident de la R\u00e9publique du 15 mai 2025, portant nomination de Monsieur  \nSimon BABRE, pr\u00e9fet du Var ;\nVu  l'arr\u00eat\u00e9  pr\u00e9fectoral  n\u00b0  2025/12/MCI  du  2  juin  2025  portant  d\u00e9l\u00e9gation  de  signature  \u00e0 \nMonsieur  Lucien  GIUDICELLI,  secr\u00e9taire  g\u00e9n\u00e9ral  de  la  pr\u00e9fecture  du  Var,  sous-pr\u00e9fet  de \nl'arrondissement de Toulon ;\nVu  l'arr\u00eat\u00e9  pr\u00e9fectoral  n\u00b0  DCL/BERG/2021/31  du  20  janvier  2021,  portant  renouvellement \nd'habilitation dans le domaine fun\u00e9raire de l'\u00e9tablissement principal \u00ab SERVICE FUN\u00c9RAIRE \nVAROIS \u00bb sis  3,  All\u00e9e  des  Trachycarpus,  Les  Jardins  de  Beauvallon  \u00e0  Hy\u00e8res  (83400) \njusqu'au 19 janvier 2026 inclus ;\nVu la demande du 26 novembre 2025 de renouvellement  d'habilitation de l'\u00e9tablissement  \n\u00ab SERVICE FUN\u00c9RAIRE VAROIS  \u00bb situ\u00e9 3, All\u00e9e des Trachycarpus, Les Jadins de Beauvallon \u00e0  \nHy\u00e8res  (83400),  formul\u00e9e  par  Madame  Odette  FROQUET  \u00e9pouse  LE  MONTR\u00c9ER,  \nrepr\u00e9sentante l\u00e9gale ;\nConsid\u00e9rant la compl\u00e9tude du dossier ;\nSur proposition du secr\u00e9taire g\u00e9n\u00e9ral de la pr\u00e9fecture ;\nARR\u00caTE\nArticle 1  : L '\u00e9tablissement  \u00ab SERVICE FUN\u00c9RAIRE VAROIS  \u00bb situ\u00e9 3, All\u00e9e des Trachycarpus,  \nLes Jardins de Beauvallon \u00e0 Hy\u00e8res (83400) , g\u00e9r\u00e9 par sa repr\u00e9sentante l\u00e9gale, Madame Odette  \nFROQUET \u00e9pouse LE MONTR\u00c9ER, est habilit\u00e9 pour exercer les activit\u00e9s suivantes :\n2 - Organisation des obs\u00e8ques.\nArticle 2     : L'habilitation porte le num\u00e9ro 26-83-0166.\n1/2\nPr\u00e9fecture du VAR - 83-2026-01-16-00002 - ARR\u00caT\u00c9 PR\u00c9FECTORAL n\u00b0 DCL/BERG/2026/0021 du 16 janvier 2026 portant renouvellement\nde l'habilitation de l'\u00e9tablissement\n\u00ab\u00a0SERVICE FUN\u00c9RAIRE VAROIS\u00a0\u00bb\n3, All\u00e9e des Trachycarpus - Les Jardins de Beauvallon - 83400 HYERES\nHabilitation N\u00b0 26-83-0166\n7\nArticle  3     :  La  pr\u00e9sente  habilitation  est  accord\u00e9e pour  une  dur\u00e9e  de  cinq  ans  \u00e0  compter \ndu 20 janvier 2026, soit jusqu'au 19 janvier 2031 inclus.\nPour  solliciter  le  renouvellement  de  la  pr\u00e9sente  habilitation,  le  b\u00e9n\u00e9ficiaire  devra  faire \nparvenir sa demande en pr\u00e9fecture au plus tard deux mois avant sa date de fin de validit\u00e9.\nArticle  4     :  Conform\u00e9ment  aux  articles  L.2223-25  et  R.2223-64  du  code  g\u00e9n\u00e9ral  des \ncollectivit\u00e9s  territoriales,  et  \u00e0  d\u00e9faut  de  la  production,  dans  les  meilleurs  d\u00e9lais,  des \njustificatifs de conformit\u00e9 des \u00e9quipements, la pr\u00e9sente habilitation pourra \u00eatre suspendue  \npour une dur\u00e9e maximale d'un an ou retir\u00e9e, apr\u00e8s mise en demeure, pour les motifs suivants :\n- non-respect des conditions de sa d\u00e9livrance telles qu'elles sont d\u00e9finies par les dispositions  \ndu code g\u00e9n\u00e9ral des collectivit\u00e9s territoriales ;\n- non exercice ou cessation d'exercice des activit\u00e9s au titre desquelles elle a \u00e9t\u00e9 d\u00e9livr\u00e9e ;\n- atteinte \u00e0 l'ordre public ou danger pour la salubrit\u00e9 publique.\nDans  les  cas  o\u00f9  le  b\u00e9n\u00e9ficiaire  est  un  d\u00e9l\u00e9gataire,  le  retrait  d'habilitation  entra\u00eene  la \nd\u00e9ch\u00e9ance des d\u00e9l\u00e9gations.\nArticle 5     : Le secr\u00e9taire g\u00e9n\u00e9ral de la pr\u00e9fecture du Var est charg\u00e9 de l'ex\u00e9cution du pr\u00e9sent  \narr\u00eat\u00e9 qui sera publi\u00e9 au recueil des actes administratifs de la pr\u00e9fecture du Var et dont une  \ncopie sera adress\u00e9e au maire de la commune de Hy\u00e8res pour information.\nFait \u00e0 Toulon, le 16 janvier 2026\nPour le pr\u00e9fet et par d\u00e9l\u00e9gation,\nle secr\u00e9taire g\u00e9n\u00e9ral,\nSign\u00e9\nLucien GIUDICELLI\nDans un d\u00e9lai de deux mois \u00e0 compter de la date de la notification ou de la publication du pr\u00e9sent arr\u00eat\u00e9 au recueil des actes administratifs de la \npr\u00e9fecture, les recours suivants peuvent \u00eatre introduits conform\u00e9ment aux dispositions des articles R. 421-1 et suivants du code de justice \nadministrative :\n- un recours gracieux, adress\u00e9 \u00e0 :\nM. le Pr\u00e9fet du Var - Boulevard du 112\u00e8me r\u00e9giment d'infanterie - CS 31209 - 83070 TOULON CEDEX\n- un recours hi\u00e9rarchique, adress\u00e9 au(x) ministre(s) concern\u00e9(s) ;\nDans ces deux cas, le silence de l'Administration vaut rejet implicite au terme d'un d\u00e9lai de deux mois.\nApr\u00e8s un recours gracieux ou hi\u00e9rarchique, le d\u00e9lai du recours contentieux ne court qu'\u00e0 compter du rejet explicite ou implicite de l'un de ces \nrecours.\n- un recours contentieux, en saisissant le Tribunal Administratif de Toulon : 5 rue Racine -BP 40510 - 83 041 TOULON CEDEX 9\nLe tribunal administratif peut \u00eatre saisi par l'application informatique \u00ab T\u00e9l\u00e9cours \u00bb accessible par le site internet www.telecours.fr.\n2/2\nPr\u00e9fecture du VAR - 83-2026-01-16-00002 - ARR\u00caT\u00c9 PR\u00c9FECTORAL n\u00b0 DCL/BERG/2026/0021 du 16 janvier 2026 portant renouvellement\nde l'habilitation de l'\u00e9tablissement\n\u00ab\u00a0SERVICE FUN\u00c9RAIRE VAROIS\u00a0\u00bb\n3, All\u00e9e des Trachycarpus - Les Jardins de Beauvallon - 83400 HYERES\nHabilitation N\u00b0 26-83-0166\n8\nPr\u00e9fecture du VAR\n83-2026-01-19-00004\nD\u00e9cision d'affectation DCL \nPr\u00e9fecture du VAR - 83-2026-01-19-00004 - D\u00e9cision d'affectation DCL 9\n=mPREFETDU VARLibert\u00e9Egalit\u00e9Fraternit\u00e9\nSecr\u00e9tariat G\u00e9n\u00e9ral\nD\u00e9cision d'affectation\nMonsieur Lionel GARENTE, directeur-adjoint de la direction citoyennet\u00e9 et de la \nl\u00e9galit\u00e9 (DCL) de la pr\u00e9fecture du Var, par ailleurs chef du bureau du contr\u00f4le de \nl\u00e9galit\u00e9  et  de  l'intercommunalit\u00e9  (BCLI)  au  sein  de  cette  m\u00eame  direction,  est \naffect\u00e9 en qualit\u00e9 de directeur par int\u00e9rim de la DCL.\nFait a Toulon, le 19 janvier 2026\nPr\u00e9fet du Var\nSign\u00e9\nSimon BABRE\nPr\u00e9fecture du Var- Bd du 112eme R\u00e9giment d'infanterie - CS 31 209- 83070 TOULON CEDEX \nTel : 04 9418 83 83 - http://var.gouv.fr\nPr\u00e9fecture du VAR - 83-2026-01-19-00004 - D\u00e9cision d'affectation DCL 10","date":"2026-01-19","first_seen_on":"2026-01-19T15:51:12+00:00","id":"37a27fd6a37e70d2c2a45a762562bbdfd1d8a8a1af4c1b26bb226310960cb33f","name":"RAA N\u00b0022 du 19 janvier 2026","pdf_creation_date":"2026-01-19T15:28:55+00:00","pdf_modification_date":null,"timezone":"Europe/Paris","url":"https://www.var.gouv.fr/contenu/telechargement/44513/290543/file/RAA%20N%C2%B0022%20du%2019%20janvier%202026%20NOMINATIF.pdf"}
