{"administration":"pref30","administration_name":"Pr\u00e9fecture du Gard","content":"PR\u00c9FET\nDU GARD\nRECUEIL DES ACTES\nADMINISTRATIFS\nN\u00b030-2026-064\nPUBLI\u00c9 LE 27 MARS 2026\nSommaire\nDirection D\u00e9partementale des Tetrritoires et de la Mer du Gard /\n30-2026-03-27-00002 - Arr\u00eat\u00e9 pr\u00e9fectoral portant approbation du\nSch\u00e9ma D\u00e9partemental d'Accueil et d'Habitat du Gard 2026-2032 (126\npages) Page 3\nPrefecture du Gard /\n30-2026-03-23-00001 - arr\u00eate portant transfert d office dans le domaine\npublic de la CCRVV de voies priv\u00e9es de la ZAE de l'avenir de\ncomp\u00e9tence communautaire - rue de l'avenir \u00e0 Vestric-et-Candiac. (12\npages) Page 130\n2\nDirection D\u00e9partementale des Tetrritoires et de\nla Mer du Gard\n30-2026-03-27-00002\nArr\u00eat\u00e9 pr\u00e9fectoral portant approbation du\nSch\u00e9ma D\u00e9partemental d'Accueil et d'Habitat\ndu Gard 2026-2032\nDirection D\u00e9partementale des Tetrritoires et de la Mer du Gard - 30-2026-03-27-00002 - Arr\u00eat\u00e9 pr\u00e9fectoral portant approbation du\nSch\u00e9ma D\u00e9partemental d'Accueil et d'Habitat du Gard 2026-2032 3\nDEPARTEMENTAL\nPREFETDU GARDLibert\u00e9Egalit\u00e9Fraternit\u00e9 Be\nARRETEn\u00ae 25-026 - o3-A 4-0 .portant approbation du sch\u00e9ma d\u00e9partemental d'accueilet d'habitat des gens du voyage du Gard 2026-2032\nLe Pr\u00e9fet du GardChevalier de l'ordre de la L\u00e9gion d'honneur,Chevalier de l'ordre national du M\u00e9riteLa Pr\u00e9sidente du Conseil d\u00e9partemental du Gard\nVU le Code g\u00e9n\u00e9ral des collectivit\u00e9s territoriales, et notamment le quatri\u00e8me alin\u00e9a du | de son articleL.5214-16;VU la loi n\u00b0 90-449 du 31 mai 1990 visant \u00e0 la mise en \u0153uvre du droit au logement ;VU la loi n\u00b0 2000-614 du 5 juillet 2000 modifi\u00e9e, relative \u00e0 l'accueil et \u00e0 l'habitat des gens du voyage etnotamment son article 1\u00b0';VU la loi n\u00b0 2003-710 du ter ao\u00fbt 2003 d'orientation et de programmation pour la ville et la r\u00e9novationurbaine et notamment son article 15 ;VU la loi n\u00b0 2017-86 du 27janvier 2017 relative \u00e0 l'\u00e9galit\u00e9 et \u00e0 la citoyennet\u00e9 ;VU la loi n\u00b0 2018-957 du 7 novembre 2018 relative \u00e0 l'accueil des gens du voyage et \u00e0 la lutte contre lesinstallations illicites ;VU le d\u00e9cret n\u00b0 2001-540 du 25 juin 2001 modifi\u00e9 par le d\u00e9cret n\u00b0 2017-921 du 9 mai 2017, relatif a lacomposition et au fonctionnement de la commission d\u00e9partementale consultative des gens du voyage ;VU le d\u00e9cret n\u00b0 2019-171 du 5 mars 2019, relatif aux aires de grands passages ;VU le d\u00e9cret n\u00b02019-815 du 31 juillet 2019 relatif \u00e0 l'agr\u00e9ment d'emplacements provisoires pour les gensdu voyage ;VU le d\u00e9cret n\u00b0 2019-1478 du 26 d\u00e9cembre 2019, relatif aux aires permanentes d'accueil et aux terrainsfamiliaux locatifs destin\u00e9s aux gens du voyage ;VU la circulaire minist\u00e9rielle n\u00b0 2001-49 du 5 juillet 2001 relative \u00e0 l'application de la loi n\u00b02000-614 du 5juillet 2000 ; |VU la circulaire minist\u00e9rielle n\u00b0 INT/D/06/00074/C du 3 ao\u00fbt 2006 relative \u00e0 la mise en \u0153uvre desprescriptions des sch\u00e9mas d\u00e9partementaux d'accueil des gens du voyage ;VU la circulaire minist\u00e9rielle n\u00b0 2012-142 du 2-10-2012 du minist\u00e8re de l'\u00c9ducation Nationale relative \u00e0 lascolarisation des enfants issus de familles itin\u00e9rantes et de voyageurs ;VU la circulaire minist\u00e9rielle n\u00b0 INTD1705027C du 19 avril 2017 relative a la loi n\u00b0 2017-86 du 27 janvier2017 relative \u00e0 l'\u00e9galit\u00e9 et \u00e0 la citoyennet\u00e9 - pr\u00e9sentation des nouvelles dispositions relatives aux gens duvoyage;VU la circulaire minist\u00e9rielle n\u00b0INTK2200421J du 10 janvier 2022 relative \u00e0 la relance des sch\u00e9masd\u00e9partementaux d'accueil et d'habitat des Gens du voyage ;VU l'arr\u00eat\u00e9 pr\u00e9fectoral n\u00b030-2019-07-19-004 du 19 juillet 2019 portant approbation du sch\u00e9mad\u00e9partemental pour l'accueil des gens du voyage dans le Gard ;\nDirection D\u00e9partementale des Tetrritoires et de la Mer du Gard - 30-2026-03-27-00002 - Arr\u00eat\u00e9 pr\u00e9fectoral portant approbation du\nSch\u00e9ma D\u00e9partemental d'Accueil et d'Habitat du Gard 2026-2032 4\nVU l'arr\u00eat\u00e9 pr\u00e9fectoral n\u00b0 30-2024-09-03-00006 du 3 septembre 2025 portant engagement de laproc\u00e9dure de r\u00e9vision du sch\u00e9ma d\u00e9partemental d'accueil et l'habitat des gens du voyage dans le Gard :VU l'arr\u00eat\u00e9 pr\u00e9fectoral n\u00b0 30-2025-10-30-00001 du 30 octobre 2025 portant modification de lacomposition de la commission d\u00e9partementale consultative des gens du voyage ;VU l'avis favorable \u00e9mis par la commission d\u00e9partementale consultative des gens du voyage, dans sas\u00e9ance du 18 novembre 2025, validant le projet de sch\u00e9ma d\u00e9partemental d'accueil et d'habitat des gensdu voyage du Gard \u00e0 17 voix \u00ab pour \u00bb et 2 voix \u00ab contre \u00bb ;CONSID\u00c9RANT que les collectivit\u00e9s concern\u00e9es par le sch\u00e9ma d\u00e9partemental d'accueil et d'habitat desgens du voyage du Gard ont \u00e9t\u00e9 consult\u00e9es par courrier, transmis par voie \u00e9lectronique le 25 novembre2025, leur demandant de rendre un avis sous un d\u00e9lai de 2 mois ;CONSID\u00c9RANT que le sch\u00e9ma d\u00e9partemental d'accueil et d'habitat des gens du voyage du Gard, estr\u00e9vis\u00e9 au moins tous les six ans, \u00e0 compter de sa publication, dans les m\u00eames conditions que son\u00e9laboration ;SUR PROPOSITION conjointe de Monsieur le Directeur D\u00e9partemental des Territoires et de la Mer duGard et de Monsieur le Directeur G\u00e9n\u00e9ral des Services du Conseil d\u00e9partemental du Gard ;\nARR\u00caTENTARTICLE 1\u00b0 :Le sch\u00e9ma d\u00e9partemental d'accueil et d'habitat des gens du voyage du Gard 2026-2032, annex\u00e9 aupr\u00e9sent arr\u00eat\u00e9, est approuv\u00e9.\nARTICLE 2:Les prescriptions inscrites au sch\u00e9ma en mati\u00e9re de cr\u00e9ation d'\u00e9quipements sont :Pour la Communaut\u00e9 d'Agglom\u00e9ration ALES AGGLOMERATION :Say Nombre deCommunes Prescriptions| placesD\u00e9localisation de l'aire permanente d'accueil ou 15ALES r\u00e9novation de l'aire existant si absence de risque sanitaireSAINT-PRIVAT-DES-VIEUX Cr\u00e9ation d'une aire de grands passages 150SAINT-CHRISTOL-LES-ALES Cr\u00e9ation de 10 terrains familiaux locatifs 10 TFLLA GRAND'COMBE (*) Maintien des 6 terrains familiaux locatifs 12 places~ Pour laCommunaut\u00e9 d'Agglom\u00e9ration du GARD RHODANIEN :Le Nombre deCommunes PrescriptionsplacesLAUDUN L'ARDOISE Maintien de l'aire permanente d'accueil 20BAGNOLS SUR CEZE Maintien de l'aire permanente d'accueil 25PONT SAINT ESPRIT Cr\u00e9ation de 10 terrains familiaux locatifs 10 TFLPour la Communaut\u00e9 d'Agglom\u00e9ration du GRAND AVIGNON :nn Nombre deCommunes PrescriptionsplacesVILLENEUVE-LES-AVIGNON,LES ANGLES, ROCHEFORT R\u00e9novation de l'aire permanente d'accueil 42DU GARD, ROQUEMAURE\nDirection D\u00e9partementale des Tetrritoires et de la Mer du Gard - 30-2026-03-27-00002 - Arr\u00eat\u00e9 pr\u00e9fectoral portant approbation du\nSch\u00e9ma D\u00e9partemental d'Accueil et d'Habitat du Gard 2026-2032 5\nPourla Communaut\u00e9 d'Agglom\u00e9ration de NIMES METROPOLE :\nDU ROI\nrin Nombre deCommunes PrescriptionsplacesNIMES Maintien de l'aire permanente d'accueil 80MARGUERITTES Maintien de l'aire permanente d'accueil 22SAINT-GILLES, GARONS, aT , ;BOUILLARGUES Cr\u00e9ation d'une aire de grands passages 200MANDUEL Cr\u00e9ation de 5 terrains familiaux locatifs 5 TFLMILHAUD Cr\u00e9ation de 10 terrains familiaux locatifs 10 TFLPour la Communaut\u00e9 de Communes BEAUCAIRE TERRE D'ARGENCE :a Nombre deCommunes PrescriptionsplacesBEAUCAIRE Cr\u00e9ation d'une aire permanente d'accueil 20BELLEGARDE Cr\u00e9ation de 5 terrains familiaux locatifs 5 TFLPour la Communaut\u00e9 de Communes du PAYS DE SOMMIERES :=i Nombre deCommunes PrescriptionsplacesSOMMIERES Cr\u00e9ation d'une aire permanente d'accueil 20CALVISSON Cr\u00e9ation d'une aire de grands passages 60Pour laCommunaut\u00e9 de Communes du PAYS D'UZES : Pie: Nombre deCommunes PrescriptionsplacesUZES Cr\u00e9ation de 5 terrains familiaux locatifs 5 TFLPour la Communaut\u00e9 de Communes de PETITE CAMARGUE :D} Nombre deCommunes PrescriptionsplacesVAUVERT, BEAUVOISIN Cr\u00e9ation d'une aire de grands passages 80AIMARGUES Cr\u00e9ation d'une aire permanente d'accueil 20Pour la Communaut\u00e9 de Communes RHONY VISTRE VIDOURLE :ai Nombre deCommunes PrescriptionsplacesVERGEZE Cr\u00e9ation de 6 terrains familiaux locatifs 6 TFLPour la Communaut\u00e9 de Communes TERRE DE CAMARGUE :RS Nombre deCommunes PrescriptionsplacesAIGUES-MORTES, LE GRAU Cr\u00e9ation d'une aire de grands passages 60\nDirection D\u00e9partementale des Tetrritoires et de la Mer du Gard - 30-2026-03-27-00002 - Arr\u00eat\u00e9 pr\u00e9fectoral portant approbation du\nSch\u00e9ma D\u00e9partemental d'Accueil et d'Habitat du Gard 2026-2032 6\nARTICLE 3:Les pr\u00e9conisations inscrites au sch\u00e9ma sont :EPCI Pr\u00e9conisationsAL\u00c8S AGGLOM\u00c9RATIONEchanges avec le Conseil D\u00e9partemental pour l'harmonisation desmodalit\u00e9s d'accompagnement socialMobilisation d'une MOUS \u00e0 destination des voyageurs pr\u00e9sents surles sites d'ancrage du territoireGARD RHODANIENMobilisation d'une MOUS \u00e0 destination des voyageurs pr\u00e9sents surles sites d'ancrage du territoireGRAND AVIGNONMobilisation d'une ma\u00eetrise d'\u0153uvre urbaine et sociale (MOUS) \u00e0destination des voyageurs pr\u00e9sents sur les sites d'ancrage duterritoireNIMES METROPOLEAjustement des besoins en TFL sur le territoire de l'EPCI via uneMOUS sp\u00e9cifique GDV \u00e0 l'ensemble des communes n'ayant pasparticip\u00e9 volontairement \u00e0 la MOUS habitat pr\u00e9caireBEAUCAIRE TERRE D'ARGENCEMobilisation d'une MOUS \u00e0 destination des voyageurs pr\u00e9sents surles sites d'ancrage du territoire\nCEZE CEVENNESD\u00e9ployer l'ensemble des moyens permettant de mener \u00e0 terme laconstruction de r\u00e9ponses adapt\u00e9es, \u00e0 m\u00eame de traduiread\u00e9quatement les solutions propos\u00e9es par les familles. Au-del\u00e0 desproc\u00e9dures sp\u00e9cifiques et des alternatives d'habitat devant \u00eatred\u00e9ploy\u00e9es au as par cas, l'\u00e9tude pr\u00e9conise un p e global dansle cadre d'une op\u00e9ration de R\u00e9sorption de |' Habitat IndignePAYS DE SOMMIERESMobilisation d'une MOUS \u00e0 destination des voyageurs-pr\u00e9sents surles sites d'ancrage du territoirePAYS D'UZES Mobilisation d'une MOUS \u00e0 destination des voyageurs pr\u00e9sents surles sites d'ancrage du territoirePAYS VIGANAISInt\u00e9grer une \u00e9valuation des besoins des habitants du site du Viganpar le biais d'une MOUS et d\u00e9ployer des moyens concrets pour\u00e9laborer une solution p\u00e9renne d'habitatPETITE CAMARGUEMobilisation d'une MOUS \u00e0 destination des voyageurs pr\u00e9sents surles sites d'ancrage du territoireRHONY VISTRE VIDOURLEMobilisation d'une MOUS \u00e0 destination des voyageurs pr\u00e9sents surles sites d'ancrage du territoireTERRE DE CAMARGUEMobilisation d'une MOUS \u00e0 destination des voyageurs pr\u00e9sents surles sites d'ancrage du territoire\nARTICLE 4:Le sch\u00e9ma d\u00e9partemental comporte 5 fiches action,auxquelles les Etablissements Publics deCoop\u00e9ration Intercommunale (EPCI) sont tenus de contribuer :*__ Fiche action n\u00b01 : gouvernance et comitologie\u00b0 Fiche action n\u00b02 : m\u00e9diation* Fiche action n\u00b03 : R\u00e9diger des projets sociaux des voyageurs \u00e0 l'\u00e9chelle des EPCI*__ Fiche action n\u00b04 : mission d'accompagnement social+ Fiche action n\u00b05: d\u00e9ployer une m\u00e9diation en sant\u00e9 sur le territoire d\u00e9partemental au b\u00e9n\u00e9ficedes groupes de voyageurs les plus \u00e9loign\u00e9s des syst\u00e8mes de pr\u00e9vention et de soins\nARTICLE 5:Les \u00c9tablissements publics de coop\u00e9ration intercommunale comp\u00e9tents sont tenus de mettre en \u0153uvreles prescriptions du sch\u00e9ma r\u00e9vis\u00e9.\nARTICLE 6:Le suivi de l'ex\u00e9cution du sch\u00e9ma d\u00e9partemental d'accueil et d'habitat des gens du voyage 2026-2032 duGard fait l'objet d'un bilan annuel pr\u00e9sent\u00e9 \u00e0 la commission d\u00e9partementale consultative des gens duvoyage.\nDirection D\u00e9partementale des Tetrritoires et de la Mer du Gard - 30-2026-03-27-00002 - Arr\u00eat\u00e9 pr\u00e9fectoral portant approbation du\nSch\u00e9ma D\u00e9partemental d'Accueil et d'Habitat du Gard 2026-2032 7\nARTICLE 7:Le Directeur D\u00e9partemental des Territoires et de la Mer du Gard et le Directeur G\u00e9n\u00e9ral des Services duConseil D\u00e9partemental du Gard sont charg\u00e9s, chacun en ce qui les concerne, de l'ex\u00e9cution du pr\u00e9sentarr\u00eat\u00e9, qui sera publi\u00e9 au recueil des actes administratifs de la Pr\u00e9fecture du Gard et du D\u00e9partement duGard.\nARTICLE 8 :Le pr\u00e9sent arr\u00eat\u00e9 peut faire l'objet d'un recours contentieux, aupr\u00e8s du Tribunal Administratif de N\u00eemessitu\u00e9 16, Avenue Feuch\u00e8res - CS 88 010 - 30 941 NIMES Cedex 09 dans un d\u00e9lai de deux mois \u00e0 partir dela r\u00e9ponse de l'administration si un recours administratif a \u00e9t\u00e9 d\u00e9pos\u00e9.Le Tribunal Administratif peut \u00e9galement \u00eatre saisi par l'application informatique \u00ab T\u00e9l\u00e9recoursCitoyens \u00bb accessible par le site Internet : www.telerecours.fr.\nN\u00eemes, le 27 MARS 3928\n'LePr\u00e9fet La Pr\u00e9sidentergy,C ilD\u00e9partementalCons il he Presidente duel! D\u00e9bartemLe Vic\u00e9/PracsLe Vic\u00e9{p\u00e0 linsertigJ\u00e9r\u00f4me BONET Fran\u00e7oise LA\nDirection D\u00e9partementale des Tetrritoires et de la Mer du Gard - 30-2026-03-27-00002 - Arr\u00eat\u00e9 pr\u00e9fectoral portant approbation du\nSch\u00e9ma D\u00e9partemental d'Accueil et d'Habitat du Gard 2026-2032 8\nSch\u00e9ma D\u00e9partementald'Accueil et d'Habitatdes Gens du Voyagedu Gard\n2026 \u2014 2032\nDirection D\u00e9partementale des Tetrritoires et de la Mer du Gard - 30-2026-03-27-00002 - Arr\u00eat\u00e9 pr\u00e9fectoral portant approbation du\nSch\u00e9ma D\u00e9partemental d'Accueil et d'Habitat du Gard 2026-2032 9\nS OMMAIRE\nCadre de la poli\u019fque d'accueil, d'habitat  et d'accompagnement des voyageurs______________4\nTextes r\u00e9glementaires___________________________________________________________________4\nLa dimension contractuelle du sch\u00e9ma, assise d'un engagement r\u00e9ciproque_______________________7\nLe bilan des r\u00e9alisa\u019fons du sch\u00e9ma 2019-2024________________________________________10\nAucune r\u00e9alisa\u019fon nouvelle engag\u00e9e depuis 2019___________________________________________10\nUn volet habitat qui se structure tr\u00e8s lentement____________________________________________13\nDes pr\u00e9conisa\u019fons encore moins suivies que les prescrip\u019fons\u2026________________________________14\nUne nouvelle impulsion dans l'anima\u019fon et la gouvernance___________________________________15\nAnalyse des besoins______________________________________________________________20\nL'ac\u019fvit\u00e9 et les usages sur les \u00e9quipements existants________________________________________20\nLes sta\u019fonnements hors des \u00e9quipements agr\u00e9\u00e9s___________________________________________24\nLe point de vue des repr\u00e9sentants des voyageurs____________________________________________31\nL'ancrage et la s\u00e9dentarisa\u019fon___________________________________________________________32\nL'accompagnement social (dans et hors des APA)___________________________________________35\nDiagnos\u019fc territorial et perspec\u019fves________________________________________________44\nCommunaut\u00e9 d'Agglom\u00e9ra\u019fon du Grand Avignon___________________________________________44\nCommunaut\u00e9 d'Agglom\u00e9ra\u019fon de N\u00eemes M\u00e9tropole_________________________________________46\nCommunaut\u00e9 d'Agglom\u00e9ra\u019fon Al\u00e8s Agglom\u00e9ra\u019fon__________________________________________48\nCommunaut\u00e9 d'Agglom\u00e9ra\u019fon du Gard Rhodanien__________________________________________50\nCommunaut\u00e9 de Communes Beaucaire Terre D'Argence______________________________________52\nCommunaut\u00e9 de Communes de Pe\u019fte Camargue____________________________________________53\nCommunaut\u00e9 de Communes Terre de Camargue____________________________________________54\nCommunaut\u00e9 de Communes Rh\u00f4ny, Vistre, Vidourle_________________________________________55\nCommunaut\u00e9 de Communes du Pays de Sommi\u00e8res_________________________________________56\nCommunaut\u00e9 de Communes Pays d'Uz\u00e8s__________________________________________________57\nCommunaut\u00e9 de Communes de C\u00e8ze C\u00e9vennes_____________________________________________58\nCommunaut\u00e9 de Communes Pays Viganais_________________________________________________59\nProgramme d'ac\u019fon du sch\u00e9ma____________________________________________________61\nFiche Ac\u019fon n\u00b0 1 \u2013 Gouvernance et comitologie_____________________________________________62\nFiche Ac\u019fon n\u00b02 \u2013 M\u00e9dia\u019fon____________________________________________________________63\nFiche Ac\u019fon n\u00b0 3 - R\u00e9diger des projets sociaux des voyageurs \u00e0 l'\u00e9chelle des EPCI__________________64\n2\nDirection D\u00e9partementale des Tetrritoires et de la Mer du Gard - 30-2026-03-27-00002 - Arr\u00eat\u00e9 pr\u00e9fectoral portant approbation du\nSch\u00e9ma D\u00e9partemental d'Accueil et d'Habitat du Gard 2026-2032 10\nFiche Ac\u019fon n\u00b0 4 \u2013 Mission d'accompagnement social________________________________________66\nFiche ac\u019fon n\u00b05 - D\u00e9ployer une m\u00e9dia\u019fon en sant\u00e9 sur le territoire d\u00e9partemental au b\u00e9n\u00e9fice \ndes groupes de voyageurs les plus \u00e9loign\u00e9s des syst\u00e8mes de pr\u00e9ven\u019fon et de soins________________67\nAnnexe 1 \u2014 Sites d'ancrage / s\u00e9dentarisa\u019fon\nAnnexe 2 \u2014 Acc\u00e8s aux soins et \u00e0 la sant\u00e9 des voyageurs\nAnnexe 3 \u2014 Les moyens de la branche famille en faveur des personnes issues des communaut\u00e9s \nde gens du voyage\nAnnexe 4 \u2014 Fiches techniques des \u00e9quipements d'accueil\n3\nDirection D\u00e9partementale des Tetrritoires et de la Mer du Gard - 30-2026-03-27-00002 - Arr\u00eat\u00e9 pr\u00e9fectoral portant approbation du\nSch\u00e9ma D\u00e9partemental d'Accueil et d'Habitat du Gard 2026-2032 11\nCadre de la politique d'ac c ueil, d'habitat\net d'ac c ompagnement des voyageurs\nTextes r\u00e9glementaires\nL e s ch\u00e9ma, s upport d'une large contractualis at i on\nLa loi n\u00b0 2000-614 du 5 juillet 2000 modifi\u00e9e rela\u019fve \u00e0 l'accueil et \u00e0 l'habitat des gens du voyage pr\u00e9voit\nl'\u00e9tablissement, dans chaque d\u00e9partement, d'un sch\u00e9ma d'accueil et d'habitat des gens du voyage. Ce\nsch\u00e9ma cons\u019ftue un document juridique de r\u00e9f\u00e9rence mat\u00e9rialisant le partenariat entre les acteurs\nconcern\u00e9s  par  ce\u01a9e  poli\u019fque  (\u00c9tat,  D\u00e9partement,  \u00c9tablissements  publics  de  coop\u00e9ra\u019fon\nintercommunale, communes, associa\u019fons et organismes de presta\u019fons sociales) sur l'ensemble des\nth\u00e9ma\u019fques rela\u019fves \u00e0 la mise en \u0153uvre de ce\u01a9e poli\u019fque publique : l'accueil, le sta\u019fonnement,\nl'habitat, l'accompagnement (la sant\u00e9, l'inser\u019fon professionnelle, la scolarisa\u019fon, l'acc\u00e8s aux droits,\netc.).\nLe sch\u00e9ma d\u00e9partemental d'accueil et d'habitat des gens du voyage est un ou\u019fl de planifica\u019fon, de\nprogramma\u019fon et de mise en \u0153uvre de l'accueil et de l'habitat des gens du voyage pour une dur\u00e9e de\n6 ans.  Il  d\u00e9termine  au  sein  du  d\u00e9partement,  les  secteurs  g\u00e9ographiques  d'implanta\u019fon  et  les\ncommunes o\u00f9 doivent \u00eatre r\u00e9alis\u00e9s :\n\uf0b7 des aires permanentes d'accueil, ainsi que leur capacit\u00e9\u2009;\n\uf0b7 des terrains familiaux loca\u019ffs am\u00e9nag\u00e9s, des\u019fn\u00e9s \u00e0 l'installa\u019fon prolong\u00e9e de r\u00e9sidences\nmobiles, ainsi que le nombre et la capacit\u00e9 des terrains\u2009;\n\uf0b7 des  aires  de  grand  passage,  des\u019fn\u00e9es  \u00e0  l'accueil  des  gens  du  voyage  se  d\u00e9pla\u00e7ant\ncollec\u019fvement \u00e0 l'occasion des rassemblements tradi\u019fonnels ou occasionnels, ainsi que la\ncapacit\u00e9 de ces aires.\nCe sch\u00e9ma d\u00e9finit \u00e9galement :\n\uf0b7 les  condi\u019fons  dans  lesquelles  l'\u00c9tat  intervient  pour  assurer  le  bon  d\u00e9roulement  de  ces\nrassemblements tradi\u019fonnels ou occasionnels et des grands passages\u2009;\n\uf0b7 la nature des ac\u019fons \u00e0 caract\u00e8re social des\u019fn\u00e9es aux gens du voyage.\nSon \u00e9labora\u019fon et son approba\u019fon se font conjointement par le pr\u00e9sident du Conseil D\u00e9partemental\net  le  repr\u00e9sentant  de  l'\u00c9tat  dans  le  D\u00e9partement,  apr\u00e8s  approba\u019fon  par  la  commission\nd\u00e9partementale  consulta\u019fve  des  gens  du  voyage  et  consulta\u019fon  des  \u00e9tablissements  publics  de\ncoop\u00e9ra\u019fon intercommunale et communes concern\u00e9s. \nL es  EPCI acteurs  centraux de la mis e en \u0153uvre du s ch\u00e9ma s ur les  territoires\nConform\u00e9ment \u00e0 ar\u019fcle L. 5214-16 du Code g\u00e9n\u00e9ral des collec\u019fvit\u00e9s territoriales (modifi\u00e9 par la loi\nNOTRe du 7 ao\u00fbt 2015 et la loi \u00c9galit\u00e9 et Citoyennet\u00e9 du 27 janvier 2017), les communaut\u00e9s de\ncommunes et d'agglom\u00e9ra\u019fon exercent \u00ab de plein droit en lieu et place des communes membres les\ncomp\u00e9tences \u00bb en ma\u019f\u00e8re d'accueil des gens du voyage : \u00ab cr\u00e9a\u019fon, am\u00e9nagement, entre\u019fen et\nges\u019fon des aires d'accueil des gens du voyage et des terrains familiaux loca\u019ffs \u00bb.\nLes EPCI comp\u00e9tents sont par ailleurs aujourd'hui directement associ\u00e9s \u00e0 l'\u00e9labora\u019fon du sch\u00e9ma et\nsont repr\u00e9sent\u00e9s  au  sein de la commission consulta\u019fve d\u00e9partementale  des  gens  du voyage \u2014\nar\u019fcle 149 de la LEC. \n4\nDirection D\u00e9partementale des Tetrritoires et de la Mer du Gard - 30-2026-03-27-00002 - Arr\u00eat\u00e9 pr\u00e9fectoral portant approbation du\nSch\u00e9ma D\u00e9partemental d'Accueil et d'Habitat du Gard 2026-2032 12\nUne  \u00e9volut ion  l\u00e9gis lat ive  qui  int\u00e8gre  l'\u00e9volut ion  des  prat iques du  pas s age  vers la\ns \u00e9dentaris at ion et r\u00e9tablit une \u00e9galit\u00e9 de traitement.\n\u00c0 la suite de l'adop\u019fon de la LEC, trois types d'\u00e9quipements peuvent d\u00e9sormais \u00eatre prescrits dans les\nsch\u00e9mas d\u00e9partementaux d'accueil et d'habitat des gens du voyage : les aires d'accueil (AA), les\nterrains familiaux loca\u019ffs (TFL), les aires de grand passage (AGP). L'\u00e9volu\u019fon des modes d'habiter des\ngens du voyage vers un \u00ab ancrage \u00bb territorial (et une s\u00e9dentarisa\u019fon) est ainsi mieux prise en compte.\nCe\u01a9e approche permet de redonner aux aires d'accueil leur voca\u019fon premi\u00e8re d'accueil des personnes\ni\u019fn\u00e9rantes. \nLa LEC a, de plus, abrog\u00e9 la loi du 3 janvier 1969 rela\u019fve au r\u00e9gime applicable aux personnes circulant\nen France sans domicile ni r\u00e9sidence fixe, qui imposait aux gens du voyage un r\u00e9gime par\u019fculier de\n\u019ftres de circula\u019fon (sous la forme de livrets et de carnets de circula\u019fon) et l'obliga\u019fon de choisir une\ncommune de ra\u01a9achement. La suppression de ce statut administra\u019ff sp\u00e9cifique r\u00e9installe le disposi\u019ff\nde  la  \u00ab domicilia\u019fon  des  personnes  sans  domicile  stable \u00bb,  comme  le  socle  du  droit  commun\ns'appliquant \u00e0 ces popula\u019fons.\nUn ens emble de textes  qui s e pr\u00e9cis e depuis  1 990\n\uf0b7 Circulaire du 16 d\u00e9cembre 1986 rela\u019fve au sta\u019fonnement des caravanes des popula\u019fons\nnomades : les maires des communes de moins de 5 000 habitants doivent tol\u00e9rer ou autoriser\npendant ou moins quarante-huit heures le sta\u019fonnement des gens du voyage\n\uf0b7 Loi n\u00b0 90-449 du 31 mai 1990 rela\u019fve \u00e0 la mise en \u0153uvre du droit au logement (art. 28).\n\uf0b7 Loi no 2000-614 du 5 juillet 2000 rela\u019fve \u00e0 l'accueil et \u00e0 l'habitat des gens du voyage et\nCirculaire du 5 juillet 2001 rela\u019fve \u00e0 l'applica\u019fon de la loi no 2000-614 du 5 juillet 2000 rela\u019fve\n\u00e0 l'accueil et \u00e0 l'habitat des gens du voyage.\n\uf0b7 Loi n\u00b0 2003-239 du 18 mars 2003 pour la s\u00e9curit\u00e9 int\u00e9rieure (art. 53 \u00e0 58) sur les sanc\u019fons en\ncas d'occupa\u019fon de terrains sans l'accord de leur propri\u00e9taire.\n\uf0b7 Loi n\u00b0 2007-297 du 5 mars 2007 rela\u019fve \u00e0 la pr\u00e9ven\u019fon de la d\u00e9linquance (art. 27 et 28). Loi\nn\u00b0 2010-1563 du 16 d\u00e9cembre 2010 portant r\u00e9forme des collec\u019fvit\u00e9s territoriales (art. 63).\n\uf0b7 Loi n\u00b0 2014-366 du 24 mars 2014 pour l'acc\u00e8s au logement et un urbanisme r\u00e9nov\u00e9 (art. 132).\n\uf0b7 Loi n\u00b0 2015-991 du 7 ao\u00fbt 2015 portant nouvelle organisa\u019fon territoriale de la R\u00e9publique dite\n\u00ab Loi NOTRe \u00bb.\n\uf0b7 Loi n\u00b0 2017-86 du 27 janvier 2017 rela\u019fve \u00e0 l'\u00e9galit\u00e9 et \u00e0 la citoyennet\u00e9.\n\uf0b7 Loi du 7 novembre 2018 \u00ab loi Carle \u00bb sur la mutualisa\u019fon entre EPCI et la ges\u019fon des grands\ngroupes.\n\uf0b7 D\u00e9cret no 2001-540 du 25 juin 2001 rela\u019ff \u00e0 la composi\u019fon et au fonc\u019fonnement de la\ncommission d\u00e9partementale consulta\u019fve des gens du voyage.\n\uf0b7 D\u00e9cret no 2001-541 du 25 juin 2001 rela\u019ff au financement des aires d'accueil des\u019fn\u00e9es aux\ngens du voyage.\n\uf0b7 D\u00e9cret  no 2001-569  du 29 juin 2001 rela\u019ff aux normes  techniques  applicables aux aires\nd'accueil des gens du voyage. \n\uf0b7 D\u00e9cret n\u00b0 2001-568 du 29 juin 2001 rela\u019ff \u00e0 l'aide aux collec\u019fvit\u00e9s et organismes g\u00e9rant des\naires d'accueil des gens du voyage et modifiant le code de la S\u00e9curit\u00e9 sociale.\n\uf0b7 D\u00e9cret n\u00b0 2007-690 du 3 mai 2007 rela\u019ff \u00e0 l'agr\u00e9ment pr\u00e9vu \u00e0 l'ar\u019fcle 9 de la loi du 5 juillet\n2000 rela\u019fve \u00e0 l'accueil et \u00e0 l'habitat des gens du voyage.\n\uf0b7 D\u00e9cret n\u00b0 2007-1018 du 14 juin 2007 modifiant la par\u019fe r\u00e9glementaire du code de jus\u019fce\nadministra\u019fve.\n\uf0b7 D\u00e9cret no 2014-1742 du 30 d\u00e9cembre 2014 rela\u019ff \u00e0 l'aide vers\u00e9e aux ges\u019fonnaires d'aires\nd'accueil des gens du voyage.\n\uf0b7 D\u00e9crets  n\u00b0 2016-632,  n\u00b0 2016-633,  n\u00b0 2016-641  du  19 mai  2016  portant  r\u00e9forme  de  la\nproc\u00e9dure de domicilia\u019fon des personnes sans domicile fixe.\n5\nDirection D\u00e9partementale des Tetrritoires et de la Mer du Gard - 30-2026-03-27-00002 - Arr\u00eat\u00e9 pr\u00e9fectoral portant approbation du\nSch\u00e9ma D\u00e9partemental d'Accueil et d'Habitat du Gard 2026-2032 13\nDes  d\u00e9crets  r\u00e9cents  qui d\u00e9f inis s ent les  at tendus  des  \u00e9quipements  \n\uf0b7 D\u00e9cret n\u00b0 2019-171 du 5 mars 2019 rela\u019ff aux aires de grand passage\nExtrait (ar\u019fcle 1)\nLe terrain de l'aire de grand passage dispose d'un sol stabilis\u00e9 adapt\u00e9 \u00e0 la saison d'u\u019flisa\u019fon d\u00e9finie par le\nsch\u00e9ma d\u00e9partemental, restant porteur et carrossable en cas d'intemp\u00e9rie, dont la pente permet d'assurer le\nsta\u019fonnement s\u00fbr des caravanes. La surface d'une aire de grand passage est d'au moins 4 hectares. Le pr\u00e9fet,\napr\u00e8s avis du pr\u00e9sident du conseil d\u00e9partemental, peut y d\u00e9roger pour tenir compte des disponibilit\u00e9s fonci\u00e8res,\ndes sp\u00e9cificit\u00e9s topographiques ou des besoins par\u019fculiers d\u00e9finis par le sch\u00e9ma d\u00e9partemental.\n\uf0b7 D\u00e9cret 2019-815 du 31 juillet 2019, rela\u019ff \u00e0 l'agr\u00e9ment d'emplacements provisoires pour les\ngens du voyage.\nExtrait \nLe maire d'une commune, membre ou non d'un EPCI comp\u00e9tent en la ma\u019f\u00e8re, peut interdire le sta\u019fonnement de\nr\u00e9sidences mobiles  hors des  aires et terrains de sta\u019fonnement d\u00e9di\u00e9s, d\u00e8s  lors que l'EPCI ou la commune\n\u00ab dispose d'un emplacement provisoire agr\u00e9\u00e9  par le pr\u00e9fet \u00bb.  La loi  pr\u00e9cise toutefois  que l'agr\u00e9ment d'un\nemplacement provisoire \u00ab est d\u00e9livr\u00e9 pour une dur\u00e9e ne pouvant exc\u00e9der six mois, en fonc\u019fon de la localisa\u019fon,\nde la capacit\u00e9 et de l'\u00e9quipement de l'emplacement concern\u00e9 \u00bb.\n\uf0b7 D\u00e9cret 2019-1478  du  26 d\u00e9cembre  2019,  rela\u019ff  aux  aires  permanentes  d'accueil  et  aux\nterrains familiaux loca\u019ffs des\u019fn\u00e9s aux Gens du Voyage.\nExtrait (ar\u019fcle 2 / disposi\u019fons communes) \nLa place de r\u00e9sidence mobile dispose d'une superficie minimum de 75 m2, hors espaces collec\u019ffs, hors b\u00e2\u019f, hors\nespace r\u00e9serv\u00e9 au sta\u019fonnement de v\u00e9hicules et circula\u019fons internes de l'aire ou du terrain. L'espace r\u00e9serv\u00e9 au\nsta\u019fonnement est con\u019fgu \u00e0 chaque place et sa capacit\u00e9 est d'au moins deux v\u00e9hicules. [\u2026] L'aire et le terrain\ncomportent au moins un acc\u00e8s rou\u019fer et une desserte interne perme\u01a9ant une circula\u019fon appropri\u00e9e.\nExtrait (ar\u019fcle 4) \nLes aires d'accueil sont ouvertes tout au long de l'ann\u00e9e. En cas de fermeture temporaire pour r\u00e9aliser des travaux\nd'am\u00e9nagements de r\u00e9habilita\u019fon et de mise aux normes ou des r\u00e9para\u019fons ou pour un autre mo\u019ff, sup\u00e9rieure \u00e0\nun mois, une d\u00e9roga\u019fon doit \u00eatre demand\u00e9e au pr\u00e9fet, qui peut l'accorder dans la limite de six mois [\u2026].\nExtrait (ar\u019fcle 13) \nLe terrain loca\u019ff familial est cl\u00f4tur\u00e9, raccord\u00e9 \u00e0 un syst\u00e8me d'assainissement et dispose :\n\uf0b7 Au minimum de deux places et d'un espace r\u00e9serv\u00e9 au sta\u019fonnement tel que d\u00e9fini \u00e0 l'ar\u019fcle 2\u2009; \n\uf0b7 De points d'eau et prises \u00e9lectriques ext\u00e9rieurs dont le d\u00e9bit et la puissance sont suffisants pour des\nr\u00e9sidences mobiles. Chaque terrain est \u00e9quip\u00e9 de compteurs individuels pour l'eau et l'\u00e9lectricit\u00e9\u2009;\n\uf0b7 D'une pi\u00e8ce des\u019fn\u00e9e au s\u00e9jour\u2009; [\u2026]\n\uf0b7 Une installa\u019fon perme\u01a9ant un chauffage normal, munie des disposi\u019ffs d'alimenta\u019fon en \u00e9nergie et\nd'\u00e9vacua\u019fon des produits de combus\u019fon et adapt\u00e9e aux caract\u00e9ris\u019fques de la pi\u00e8ce\u2009;\n\uf0b7 Une installa\u019fon d'alimenta\u019fon en eau potable assurant \u00e0 l'int\u00e9rieur des construc\u019fons la distribu\u019fon\navec une pression et un d\u00e9bit suffisants pour l'u\u019flisa\u019fon normale des occupants\u2009;\n\uf0b7 Une installa\u019fon d'\u00e9vacua\u019fon des eaux us\u00e9es emp\u00eachant le refoulement des odeurs et des effluents et\nmunie de siphon\u2009;\n\uf0b7 Un r\u00e9seau \u00e9lectrique perme\u01a9ant l'\u00e9clairage suffisant des construc\u019fons ainsi que le fonc\u019fonnement des\nappareils \u00e9lectriques en lien avec l'usage de ces derni\u00e8res.\nArr\u00eat\u00e9  du 8 juin 2021  en  applica\u019fon  du d\u00e9cret 2019-1478,  pr\u00e9sentant  le mod\u00e8le de conven\u019fon\nd'occupa\u019fon temporaire sur les aires permanentes d'accueil, le mod\u00e8le de bail et un mod\u00e8le de\nrapport  de  v\u00e9rifica\u019fon  des  terrains  familiaux  loca\u019ffs  ainsi  que  des  prescrip\u019fons  techniques\ncompl\u00e9mentaires pour ce dernier type d'\u00e9quipement.\n6\nDirection D\u00e9partementale des Tetrritoires et de la Mer du Gard - 30-2026-03-27-00002 - Arr\u00eat\u00e9 pr\u00e9fectoral portant approbation du\nSch\u00e9ma D\u00e9partemental d'Accueil et d'Habitat du Gard 2026-2032 14\nLa  dimension  c ontrac tuelle  du  sc h\u00e9ma,  assise  d'un\nengagement r\u00e9c iproque\nL 'enjeu de mobilis at ion de l'ens emble des  part ies  prenantes\nLe nouveau SDAHGV du Gard a \u00e9t\u00e9 con\u00e7u \u00e0 la mani\u00e8re d'un document contractuel de nature \u00e0\nmobiliser l'ensemble des par\u019fes prenantes de ce\u01a9e poli\u019fque d'accueil : les 4 EPCI du d\u00e9partement qui\nse trouvent d\u00e9j\u00e0 impliqu\u00e9s au quo\u019fdien aupr\u00e8s des \u00ab voyageurs \u00bb par la ges\u019fon d'\u00e9quipements, les\nautres EPCI disposant d'obliga\u019fon, mais n'ayant pas mis en \u0153uvre ces derni\u00e8res, les pilotes signataires\n(\u00c9tat et D\u00e9partement) du document programma\u019fque, les autres partenaires ins\u019ftu\u019fonnels, tous en\nsitua\u019fon de conforter la r\u00e9ussite de cet accueil par un accompagnement adapt\u00e9 qui favorise, au sein du\ndroit commun, \u00ab l'aller vers \u00bb aupr\u00e8s de ces popula\u019fons et limite ainsi le non-recours et les incivilit\u00e9s.\nLa complexit\u00e9 de ce\u01a9e poli\u019fque implique une alliance de toutes les par\u019fes prenantes. Ce sont les\ncondi\u019fons que la r\u00e9vision a cherch\u00e9 \u00e0 ini\u019fer en se fondant sur un diagnos\u019fc partag\u00e9 dont les \u00e9l\u00e9ments\ncl\u00e9s sont rappel\u00e9s \u00e0 la fois dans le chapitre rela\u019ff aux diagnos\u019fcs territorialis\u00e9s et au chapitre portant\nsur le diagnos\u019fc th\u00e9ma\u019fque, mais \u00e9galement dans la m\u00e9thodologie d'ensemble de la d\u00e9marche de\nr\u00e9vision.\n Le diagnos\u019fc a permis d'iden\u019ffier pr\u00e9cis\u00e9ment les besoins et d'\u00e9laborer des objec\u019ffs n\u00e9goci\u00e9s avec\nchacun des EPCI. L'adh\u00e9sion devant r\u00e9sulter de ce\u01a9e mani\u00e8re de proc\u00e9der devrait \u00eatre de nature \u00e0\ngaran\u019fr la r\u00e9alisa\u019fon effec\u019fve des objec\u019ffs pos\u00e9s. Ce\u01a9e mise \u00e0 niveau en termes d'accueil est un\n\u00e9l\u00e9ment essen\u019fel pour refonder la rela\u019fon contractuelle entre les voyageurs et les collec\u019fvit\u00e9s.\nL a place des  EPCI et des  ins t itut ions  dans  le s ch\u00e9ma\nComme le d\u00e9taille plus loin le bilan des r\u00e9alisa\u019fons du sch\u00e9ma 2019-2024, le d\u00e9partement du Gard\npr\u00e9sente un d\u00e9ficit tr\u00e8s important de l'offre d'accueil \u00e0 des\u019fna\u019fon des voyageurs. Ce d\u00e9ficit impacte\nlourdement  les  voyageurs,  lesquels  pra\u019fquent  par  d\u00e9faut  le  sta\u019fonnement  en  dehors  des\n\u00e9quipements  conven\u019fonn\u00e9s  avec  ce  que  cela  suppose  d'incer\u019ftude  et  de  conflit  poten\u019fel.  Les\ncollec\u019fvit\u00e9s, et plus par\u019fculi\u00e8rement les maires, se trouvent \u00e0 leur tour en difficult\u00e9 pour r\u00e9pondre \u00e0\ndes situa\u019fons souvent probl\u00e9ma\u019fques \u00e0 d\u00e9faut de lieu sp\u00e9cifiquement d\u00e9di\u00e9 au s\u00e9jour des groupes de\nvoyageurs i\u019fn\u00e9rants. Si les n\u00e9gocia\u019fons sont r\u00e9guli\u00e8res et les arrangements fr\u00e9quents, ils ne peuvent\ncons\u019ftuer en eux-m\u00eames une poli\u019fque d'accueil et laissent les groupes face aux al\u00e9as de la ges\u019fon\nlocale du ph\u00e9nom\u00e8ne.\nPar ailleurs, les aires d'accueil cons\u019ftuent des espaces de vie souvent \u00e0 l'\u00e9cart de leur environnement\nsocial. Sur le Gard, les interven\u019fons sur site et en proximit\u00e9 avec les voyageurs pr\u00e9sents sur les\n\u00e9quipements  sont  garan\u019fes  par  une  presta\u019fon  d'accompagnement  port\u00e9e  par  le  Conseil\nD\u00e9partemental et d\u00e9ploy\u00e9e sur la quasi-totalit\u00e9 des aires permanentes d'accueil. Mais au-del\u00e0 et en\ncompl\u00e9ment de ce\u01a9e d\u00e9marche, l'int\u00e9gra\u019fon des \u00e9quipements dans la vie locale et le maillage des\nservices de proximit\u00e9 font encore largement d\u00e9faut. Plus globalement, le renforcement de la qualit\u00e9\nd'accueil et d'accompagnement appelle une structura\u019fon du socle organisa\u019fonnel \u00e0 la fois territorial\net d\u00e9partemental pour la ges\u019fon quo\u019fdienne de l'\u00e9quipement dans ses dimensions techniques et\nsociales. Ce\u01a9e organisa\u019fon repr\u00e9sente une condi\u019fon de garan\u019fe du main\u019fen d'une offre d'accueil de\nqualit\u00e9 et de bonnes condi\u019fons de vie et d'habitat sur l'\u00e9quipement. Les cellules de coordina\u019fon locale\nenvisag\u00e9es par le pr\u00e9c\u00e9dent sch\u00e9ma devaient notamment y par\u019fciper et cons\u019ftuer l'un des principaux\nou\u019fls de pilotage local et de coordina\u019fon territoriale. Toutefois, ces cellules n'ont g\u00e9n\u00e9ralement pas\n\u00e9t\u00e9  mises  en  \u0153uvre  sauf  excep\u019fon.  Les  ateliers  et  les  divers  \u00e9changes  organis\u00e9s  autour  de  la\nth\u00e9ma\u019fque de  l'accompagnement  social dans  le  cadre de  la  r\u00e9vision ont permis  de rep\u00e9rer  un\nensemble  de  pistes  de  travail  \u00e0  inves\u019fr  pour  engager  une  dynamique  d'\u00e9change  entre  les\nges\u019fonnaires,  les  travailleurs  sociaux  de  secteur,  l'intervenant  social  missionn\u00e9  par  le  Conseil\nD\u00e9partemental, les agents d'accueil et l'ensemble des services suscep\u019fbles d'\u00eatre mobilis\u00e9s selon les\n7\nDirection D\u00e9partementale des Tetrritoires et de la Mer du Gard - 30-2026-03-27-00002 - Arr\u00eat\u00e9 pr\u00e9fectoral portant approbation du\nSch\u00e9ma D\u00e9partemental d'Accueil et d'Habitat du Gard 2026-2032 15\nsitua\u019fons \u00e9valu\u00e9es. Mais ce\u01a9e dynamique \u00e0 voca\u019fon \u00e0 \u00eatre relay\u00e9e et soutenue \u00e0 tous les niveaux et \u00e0\nse structurer autour d'un pilotage local p\u00e9renne de l'EPCI g\u00e9rant l'\u00e9quipement.\nLes \u00e9quipements d'accueil doivent disposer d'un projet social. Les aires permanentes d'accueil sont,\ndans cet esprit, un \u00e9quipement public ayant voca\u019fon \u00e0 s'inscrire dans une dynamique de territoire et \u00e0\nconsid\u00e9rer comme un quar\u019fer d'habitat. Si les collec\u019fvit\u00e9s ges\u019fonnaires les plus fortement inves\u019fes\ndans ce\u01a9e comp\u00e9tence peuvent parfois adosser le projet social \u00e0 un comit\u00e9 local impliquant les acteurs\nlocaux et les ins\u019ftu\u019fons par\u019fes prenantes, d'autres formes de coordina\u019fon peuvent \u00eatre envisag\u00e9es\npour  s'appuyer  sur  les  structures  partenariales  existantes.  C'est  l'ambi\u019fon  de  ces  instances  de\ncoordina\u019fon : rep\u00e9rer les lignes de force et les espaces de coordina\u019fon existants pour impulser une\nnouvelle dynamique territoriale en faveur des gens du voyage s\u00e9journant sur les \u00e9quipements ou des\nsites d'ancrage.\nRefonder le contrat social avec les voyageurs suppose de clarifier et de faire appliquer les droits et\ndevoirs  respec\u019ffs figurant dans  les  r\u00e8glements de fonc\u019fonnement des \u00e9quipements  d'accueil.  Il\nsuppose \u00e9galement de cr\u00e9er un lien p\u00e9renne et de confiance, par\u019fculi\u00e8rement avec les personnes qui\nrencontrent des difficult\u00e9s d'inser\u019fon, des probl\u00e9ma\u019fques de scolarisa\u019fon, de sant\u00e9, d'alimenta\u019fon,\netc. Les ingr\u00e9dients d'une dynamique de parcours d'accompagnement social, inscrit dans une rela\u019fon\nde confiance et de libre adh\u00e9sion, se trouvent parfois en contradic\u019fon avec les logiques de contr\u00f4le et\nle cadre r\u00e9glementaire des disposi\u019ffs dans lesquels ils sont ench\u00e2ss\u00e9s et/ou la volont\u00e9 des personnes\nconcern\u00e9es de maintenir une distance \u00e0 l'\u00e9gard des ins\u019ftu\u019fons. Que ce soit \u00e0 l'occasion du diagnos\u019fc\nr\u00e9alis\u00e9 au cours de la pr\u00e9sente r\u00e9vision du sch\u00e9ma d\u00e9partemental d'accueil et d'habitat des gens du\nvoyage du Gard ou dans les nombreux rapports rela\u019ffs \u00e0 l'accompagnement social des gens du voyage,\nplusieurs constats ressortent.  \nDeux difficult\u00e9s sont souvent constat\u00e9es dans la rela\u019fon d'accompagnement : \n- Une tendance g\u00e9n\u00e9rale de d\u00e9fiance de la plupart des voyageurs \u00e0 l'\u00e9gard des ins\u019ftu\u019fons\n(ins\u019ftu\u019fons alors d'abord envisag\u00e9es sous leur dimension norma\u019fve plut\u00f4t que comme des\nressources leur perme\u01a9ant de trouver des solu\u019fons aux \u00e9ventuelles difficult\u00e9s rencontr\u00e9es)\nqui g\u00e9n\u00e8re des difficult\u00e9s chez les travailleurs sociaux pour l'\u00e9tablissement d'une rela\u019fon de\nconfiance, \n- Une difficult\u00e9 \u00e0 maintenir une rela\u019fon d'accompagnement sur la dur\u00e9e et \u00e0 concr\u00e9\u019fser les\nengagements dans le temps (au regard d'un rapport plus global des voyageurs \u00e0 l'\u00e9crit et au\nfonc\u019fonnement ins\u019ftu\u019fonnel peu compa\u019fble avec l'i\u019fn\u00e9rance et les modes d'interven\u019fon).\nDeux types d'a\u01a9entes sont par ailleurs rep\u00e9r\u00e9es, que ce soit par les voyageurs ou les professionnels : \n- Des a \u01a9entes singuli\u00e8res de la part des voyageurs vis-\u00e0-vis de ceux avec qui ils sont en contact\n(et des besoins de la part de professionnels) afin que leurs r\u00e9alit\u00e9s de vie et leurs modes\nd'habitat soient pris en compte (crainte du regard ethnocentriste, absence de prise en compte\nde la dimension familiale et des formes de vie entre i\u019fn\u00e9rance et ancrage territorial),\n- Le besoin d'inscrire la rela\u019fon d'accompagnement dans une forme de contractualisa\u019fon qui\nop\u00e8re davantage avec l'intervenant professionnel qu'avec la structure que celui-ci repr\u00e9sente.\nL'ensemble  des  par\u019fes  prenantes  du  sch\u00e9ma  ont  voca\u019fon  \u00e0  explorer  de  nouvelles  formes\nd'interven\u019fons coordonn\u00e9es, pour r\u00e9pondre \u00e0 ces diff\u00e9rents enjeux. Ce\u01a9e structure partenariale et de\ngouvernance est d\u00e9crite dans le programme d'ac\u019fon du nouveau sch\u00e9ma et concerne les diff\u00e9rentes\n\u00e9chelles (du d\u00e9partement, de chacun des EPCI et des \u00e9quipements) ainsi que les diff\u00e9rentes par\u019fes\nprenantes (les communes, les EPCI, les pilotes du sch\u00e9ma ainsi que les autres ins\u019ftu\u019fons partenaires).\nOutre  une  m\u00e9thode  d'interven\u019fon  coordonn\u00e9e, le  recours  \u00e0  des  ressources  sp\u00e9cifiques  dans  le\ndomaine  de  l'accompagnement  social  a  \u00e9t\u00e9  envisag\u00e9  comme  un  levier  incontournable  et serait\nmat\u00e9rialis\u00e9 par la p\u00e9rennisa\u019fon et l'extension de la presta\u019fon d'accompagnement social d\u00e9di\u00e9e sur les\n\u00e9quipements.\n8\nDirection D\u00e9partementale des Tetrritoires et de la Mer du Gard - 30-2026-03-27-00002 - Arr\u00eat\u00e9 pr\u00e9fectoral portant approbation du\nSch\u00e9ma D\u00e9partemental d'Accueil et d'Habitat du Gard 2026-2032 16\nLes voyageurs sont appel\u00e9s, eux aussi, \u00e0 devenir des partenaires de ce\u01a9e poli\u019fque o\u00f9 se conjuguent\ndroits  et  obliga\u019fons.  Les  deux  termes  sont  indissociables  et  cons\u019ftuent  la  contrepar\u019fe  des\nengagements des pouvoirs publics et des ins\u019ftu\u019fons associ\u00e9es qui s'obligent \u00e0 une \u00e9coute a\u01a9en\u019fve\ndes  besoins  dans  une  logique  de  m\u00e9dia\u019fon  qui  \u00e9vitera  toute  forme  de  st\u00e9r\u00e9otype  et/ou  de\ns\u019fgma\u019fsa\u019fon.\n9\nDirection D\u00e9partementale des Tetrritoires et de la Mer du Gard - 30-2026-03-27-00002 - Arr\u00eat\u00e9 pr\u00e9fectoral portant approbation du\nSch\u00e9ma D\u00e9partemental d'Accueil et d'Habitat du Gard 2026-2032 17\nPierrelatte ye+e eBoll\u00e9ne\n+ &, BagnoC\u00e8 Orange\nj\nMoSporguesiedLe pontYAGNON 2Ganges Li]Ch\u00e9teaurenard\nR Saint-Remy-deQ Aire permanente d'accueil cr\u00e9\u00e9e Provence&Q Habitat adapt\u00e9 / terrain familial cr\u00e9\u00e9Saint-C\u00e9ly-duAire permanente d'accueil \u00e0 cr\u00e9er my A$y Aire mixte accueil et moyen passage \u00e0 cr\u00e9er Casteinau-le Saint-MartinST | & de-CrauJuvignacAire mixte accueil et s\u00e9dentairesa cr\u00e9erLatte\u00bb Aire de grand passage \u00e0 cr\u00e9er aVilleneuve-l\u00e8s-MaguuloneHabitat adapt\u00e9 / terrain familial \u00e0 cr\u00e9er isti&\u00a9 AGPd\u00e9partements limitrophesSaintes-Mariesnan a\u00a9 APA d\u00e9partements limitrophes y ACR Fos-suiMer\nLe bilan des r\u00e9alisations du sc h\u00e9ma\u00a0201 9-2024\nAuc une r\u00e9alisation nouvelle engag\u00e9e depuis 201 9\nL 'accueil, un volet s ous - inves t i dans  un contexte de forte pres s ion et une of fre \u00e0 r\u00e9\u00e9valuer dans\ns es  dif f\u00e9rentes  dimens ions  (volum\u00e9trie, typologie, localis at ion\u2026)\nLe  taux de  r\u00e9alisa\u019fon des  \u00e9quipements  d'accueil sur  le  d\u00e9partement  est extr\u00eamement  faible.  Il\ncorrespond au rapport entre le nombre de places effec\u019fvement mises en \u0153uvre par les collec\u019fvit\u00e9s et\nle nombre de places prescrites par le sch\u00e9ma en fonc\u019fon des besoins d'accueil iden\u019ffi\u00e9s. Ainsi, sur les\n270 places de grands passages et les 170 places de moyens passages, prescrites dans le pr\u00e9c\u00e9dent\nsch\u00e9ma, aucune n'a \u00e9t\u00e9 r\u00e9alis\u00e9e. En ce qui concerne les places d'aire permanente d'accueil, sur les 427\nprescrites dans le pr\u00e9c\u00e9dent sch\u00e9ma, 173 \u00e9taient d\u00e9j\u00e0 r\u00e9alis\u00e9es. Les 80 places r\u00e9habilit\u00e9es sur l'aire\nd'accueil de N\u00eemes perme\u01a9ent de maintenir l'offre existante. Mais aucune place ne\u01a9e n'a \u00e9t\u00e9 cr\u00e9\u00e9e au\ncours du sch\u00e9ma. Ainsi, sur le total des 879 places prescrites tous types d'\u00e9quipements confondus,\nseules 225 sont r\u00e9alis\u00e9es au moment de la r\u00e9vision (en tenant compte des 12 places du terrain familial\nloca\u019ff de la Grand'Combe, soit seulement 26 %.\nFigure 1 . Carte des  pres cript ions  et des  r\u00e9alis at ions\nSource : Arr\u00eat\u00e9 portant r\u00e9vision du SDAHGV \u2014 30-2019-07-19-004 & William Acker pour localisa\u019fons hors \nd\u00e9p.\n10\nDirection D\u00e9partementale des Tetrritoires et de la Mer du Gard - 30-2026-03-27-00002 - Arr\u00eat\u00e9 pr\u00e9fectoral portant approbation du\nSch\u00e9ma D\u00e9partemental d'Accueil et d'Habitat du Gard 2026-2032 18\nEPCI\n427 places d'accueilSA eee |CA Gard Rhodanien | <CC Petite CamargueCC Terre de CamargueCC Beaucaire Terred'ArgenceCC Pays d'Uz\u00e8s 14\nSommi\u00e8resCA Al\u00e8s Agglom\u00e9ration\nCA Grand Avignon\n1\nCC Rhony-VV & P. E\n0 50100 50Volumes pr\u00e9scrits / r\u00e9alis\u00e9s100150\n170 places de moyen passage@ PrescritPrescrit i \u00e9 a2 ee CA Nimes M\u00e9tropole \u00a9 R\u00e9alis\u00e9\u00e9alis\u00e9 CA Gard RhodanienCC Petite CamargueCC Terre de CamargueCC Beaucaire Terred'Argence\nEPCICC Pays d'UzesCC Rhony-VV & P.Sommi\u00e8resCA Ales Agglom\u00e9ration\nCA Grand Avignon100 50 Q 50 100 150Volumes pr\u00e9scrits / r\u00e9alis\u00e9s\n270 places de grand passageCA Nimes M\u00e9tropoleCA Gard RhodanienCC Petite CamargueCC Terre de CamargueCC Beaucaire Terred'Argence\nEPCICC Pays d'Uz\u00e8esCC Rhony-VV & P.Sommi\u00e8resCA Ales Agglom\u00e9rationCA Grand Avignon\n@ Prescrit@\u00ae R\u00e9alis\u00e9\n100 50 0 50 100 150Volumes pr\u00e9scrits / r\u00e9alis\u00e9s\nAinsi, la situa\u019fon de l'offre du territoire se caract\u00e9rise par un d\u00e9ficit tant du point de vue du nombre\nd'aires que du nombre de places pr\u00e9vues. En cons\u00e9quence, le d\u00e9partement n'est pas \u00e0 jour de ses\nobliga\u019fons. Par ailleurs, au regard de l'absence de r\u00e9alisa\u019fon r\u00e9cente et de l'\u00e9volu\u019fon des besoins et\npra\u019fques des voyageurs, les prescrip\u019fons ont \u00e9t\u00e9 r\u00e9examin\u00e9es dans le cadre de ce\u01a9e r\u00e9vision. Celle-ci\na \u00e9t\u00e9 l'occasion d'interroger le caract\u00e8re peu op\u00e9ra\u019fonnel de certaines prescrip\u019fons du pr\u00e9c\u00e9dent\nsch\u00e9ma, par\u019fculi\u00e8rement s'agissant des \u00e9quipements \u00e0 fonc\u019fons mixtes et des terrains de moyens\npassages qui n'entrent pas dans la pale\u01a9e des \u00e9quipements l\u00e9galement pr\u00e9vus. S'agissant de ce\ndernier type (les places de moyen passage), le nouveau sch\u00e9ma confirme le besoin d'\u00e9quipements\nsp\u00e9cifiques d'accueil de groupes de passage de taille interm\u00e9diaire (entre 30 et 50 caravanes) qui ne\ncorrespondent ni aux grands groupes de passage suscep\u019fbles d'\u00eatre accueillis sur les aires de grands\npassages  ni  aux groupes  familiaux jusqu'\u00e0 25-30 caravanes  pouvant \u00eatre accueillies sur  les  aires\npermanentes  d'accueil.  En  revanche,  ni  la  mixit\u00e9  et  la  cohabita\u019fon  avec  les  autres  types\nd'\u00e9quipements, ni l'absence de r\u00e8glementa\u019fon ne seront maintenu dans le nouveau sch\u00e9ma. Le cadre\nconven\u019fonnel de ces \u00e9quipements sera celui de l'aire de grands passages avec d\u00e9roga\u019fon pr\u00e9fectorale\n(en ce qui concerne la surface r\u00e8glementaire des 4 ha selon le d\u00e9cret 2019-171). Ce sch\u00e9ma rela\u019ff \u00e0 la\ntypologie des \u00e9quipements est revu pour correspondre aux caract\u00e9ris\u019fques des \u00e9quipements pouvant\n\u00eatre effec\u019fvement prescrits par cet ou\u019fl de programma\u019fon tout en cherchant \u00e0 \u00e9laborer des solu\u019fons\npragma\u019fques pour r\u00e9pondre aux diff\u00e9rents besoins d'accueil et d'habitat iden\u019ffi\u00e9s sur le territoire.\nAinsi, au regard des prescrip\u019fons du pr\u00e9c\u00e9dent sch\u00e9ma, aucune nouvelle place d'aire permanente\nd'accueil n'a \u00e9t\u00e9 r\u00e9alis\u00e9e ni aucune place de grand et de moyen passage. Les obliga\u019fons inscrites au\npr\u00e9c\u00e9dent sch\u00e9ma ont pourtant cons\u019ftu\u00e9 une augmenta\u019fon de l'offre devant r\u00e9pondre \u00e0 un besoin\nd'accueil  des  groupes  de  passage  exer\u00e7ant  une  forte  pression  sur  la  plupart des  communes  et\nagglom\u00e9ra\u019fons du d\u00e9partement. Comme l'illustre le chapitre rela\u019ff aux sta\u019fonnements ayant eu lieu\nen dehors des \u00e9quipements conven\u019fonn\u00e9s au cours des derni\u00e8res ann\u00e9es sur le d\u00e9partement du Gard,\nnon seulement la quasi-totalit\u00e9 des collec\u019fvit\u00e9s ne r\u00e9pondent pas aux obliga\u019fons minimales d'accueil,\nmais  l'ampleur des  sta\u019fonnements  spontan\u00e9s  souligne l'importance du manque  de lieux de  vie\nadapt\u00e9s \u00e0 l'accueil ou \u00e0 l'habitat des voyageurs.\n Figure 2. Pres cript ions  et r\u00e9alis at i ons  s elon les  3 types  d'\u00e9quipement\n11\nDirection D\u00e9partementale des Tetrritoires et de la Mer du Gard - 30-2026-03-27-00002 - Arr\u00eat\u00e9 pr\u00e9fectoral portant approbation du\nSch\u00e9ma D\u00e9partemental d'Accueil et d'Habitat du Gard 2026-2032 19\n3a\nCA Ales Agglom\u00e9rationCC Pays d'Uz\u00e8s\n& oo\n$ oo\nFE oo\noo\nwo pry \u00b0 190volumes prescrits / r\u00e9sine\nCA Gard RhodanienCE\n| \"2 \"\noo\noo\noo\n9 5 \u00b0 # 100 150Vohumes prasceits / r\u00e9sines\nCC Rhony-V V & CC P Sommi\u00e8res@ PresentE \u00a9 mt\n5 oo\n\u00a3 ve\n3 oo190 \" \u00b0 0 mwVohumas proscrits / reaiags\nCC Petite Camargue@ Presetnsi L \u00a9 tune:me\nee\nwenges\nSaint-G\u00e9ly-duFescCastelnau-le-Lez\nSaint-Jsact\nPierrelatte\npints CA Grand Avignon\nOrange\nTypes d'\u00e9quipementsame\nCET\u00a9 nus\nSaint-Martin 5 lede-Crau\nCC Terre de Camargue@ Pont\u00a9 meanso CLS\nBE. _\nL es  pres cript ions  et r\u00e9alis at ions  par EPCI\nComme l'illustre le graphique ci-dessous, la mise en \u0153uvre des obliga\u019fons est fortement variable d'un\nEPCI \u00e0 un autre (toutes obliga\u019fons confondues, en nombre de places d'accueil, de moyen et grand\npassage, hors place d'habitat adapt\u00e9), certains d'entre eux ayant engag\u00e9 une d\u00e9marche de mise en\n\u0153uvre, tandis que la plupart n'ont aucune r\u00e9alisa\u019fon :\nFigure 3. Ens emble des  pres cript ions  et r\u00e9alis at ions  s ur chacun des  territoires\n12\nDirection D\u00e9partementale des Tetrritoires et de la Mer du Gard - 30-2026-03-27-00002 - Arr\u00eat\u00e9 pr\u00e9fectoral portant approbation du\nSch\u00e9ma D\u00e9partemental d'Accueil et d'Habitat du Gard 2026-2032 20\n12 places de terrain familial locatif 60 m\u00e9nages vers l'habitat adapt\u00e9@ Prescrit @ PrescritCA Nimes M\u00e9tropole \u00a9 R\u00e9alis\u00e9 CA Nimes M\u00e9tropole | so \u00a9 HesliseCA Gard Rhodanien CA Gard RhodanienCC Petite Camargue CC Petite Camargue volCC Terre de Camargue CC Terre de Camargue= CC Beaucaire Terre 5 cc Beaucaire Terrei d'Argence a d'Argence[reui CC Pays d'Uz\u00e8s CC Pays d'UzesCC Rhony-VV & P. cc Rhony-VV & P.Sommieres Sommi\u00e8resCA Al\u00e8s Agglom\u00e9ration ll: 2 CA Al\u00e8s Agglom\u00e9rationCA Grand Avignon CA Grand Avignon100 50 0 50 100 150 100 50 0 50 100 150Volumes pr\u00e9scrits / r\u00e9alis\u00e9s Volumes prescrits / r\u00e9alis\u00e9s\nUn volet habitat qui se struc ture tr\u00e8s lentement\nPlus ieurs obs ervat ions peuvent \u00eatre faites s 'agis s ant des \u00e9quipements \u00e0 us age priv\u00e9 d'habitat\npour les  gens  du voyage\u00a0:\n\u2022 Une \u00e9tude sur l'accueil et l'habitat des gens du voyage sur le territoire intercommunal de Beau\ncaire Terre d'Argence a \u00e9t\u00e9 r\u00e9alis\u00e9e en 2021. Elle portait sur l'analyse des besoins des gens du\nvoyage sur le territoire et a r\u00e9v\u00e9l\u00e9 6 sites d'ancrage sur les communes de Beaucaire et de Belle-\ngarde. Jusqu'au moment de la pr\u00e9sente r\u00e9vision, la collec\u019fvit\u00e9 n'a pas entrepris de d\u00e9marche\npar\u019fculi\u00e8re de r\u00e9solu\u019fon de ces situa\u019fons sous la forme d'une ma\u00eetrise d'\u0153uvre urbaine et so-\nciale ou toute autre interven\u019fon aupr\u00e8s des groupes concern\u00e9s.\n\u2022 Sur le volet des prescriptions d'habitat adapt\u00e9 du pr\u00e9c\u00e9dent sch\u00e9ma, une Ma\u00eetrise d'\u0153uvre Ur-\nbaine et Sociale (MOUS) a \u00e9t\u00e9 engag\u00e9e sur N\u00eemes M\u00e9tropole en fin 2024. Toutefois, parmi les 40 si\ntuations identifi\u00e9es, il n'est pas possible de distinguer les voyageurs des autres populations.\n\u2022 Plus r\u00e9cemment, une Ma\u00eetrise d'\u0153uvre urbaine et sociale (MOUS) pour la s\u00e9dentarisa\u019fon des\ngens du voyage a \u00e9t\u00e9 lanc\u00e9e sur la commune de Saint Ambroix.\n\u2022 Le d\u00e9partement dispose d'un seul terrain familial loca\u019ff de 12 places \u00e0 la Grand'Combe. Sa ges\n\u019fon est en r\u00e9gie directe par la commune\u2009;\n\u2022 La poli\u019fque d\u00e9partementale de lu\u01a9e contre la cabanisa\u019fon (au sens large) cons\u019ftue un levier\nper\u019fnent pour ar\u019fculer le volet habitat adapt\u00e9 du SDAHGDV et celui du PDALHPD\u2009;\nIl en va ainsi \u00e9galement des places d'habitat adapt\u00e9 prescrites ou recommand\u00e9es dans le pr\u00e9c\u00e9dent\nsch\u00e9ma. Dans le premier cas, sur N\u00eemes M\u00e9tropole, le volume de m\u00e9nages concern\u00e9s par une solu\u019fon\nd'habitat adapt\u00e9 sur la commune de Milhaud \u00e9tait \u00e9valu\u00e9 \u00e0 50. Il \u00e9tait de 10 m\u00e9nages sur la commune\nd'Aimargues. 22 autres communes \u00e9taient concern\u00e9es par l'habitat adapt\u00e9, mais seulement sous\nforme de pr\u00e9conisa\u019fon. Malgr\u00e9 l'ensemble de ce\u01a9e programma\u019fon, aucun \u00e9quipement de ce type n'a\n\u00e9t\u00e9 r\u00e9alis\u00e9 au cours du pr\u00e9c\u00e9dent sch\u00e9ma.\nIl est \u00e0 noter que les places d'ancrage ne se r\u00e9sument pas, sur le d\u00e9partement, aux seules op\u00e9ra\u019fons\nd'habitat adapt\u00e9 (terrains familiaux ou autre) en raison de la pr\u00e9sence d'aires \u00e0 usage mixte combinant\nl'accueil de groupes de passage avec la pr\u00e9sence de familles ancr\u00e9es localement. Ce\u01a9e \u00ab offre nouvelle,\nmixte et innovante \u00bb pens\u00e9e dans le cadre du pr\u00e9c\u00e9dent sch\u00e9ma cons\u019ftue un point de vigilance au\nregard des risques de conflits d'usage pouvant \u00eatre g\u00e9n\u00e9r\u00e9s par la con\u019fgu\u00eft\u00e9 de fonc\u019fons dis\u019fnctes au\nsein d'un m\u00eame \u00e9quipement et par l'inad\u00e9qua\u019fon du niveau d'\u00e9quipement d'une aire permanente\nd'accueil pour l'installa\u019fon durable de familles b\u00e9n\u00e9ficiant d'un statut d\u00e9rogatoire.\nFigure 4. Pres cript ions  et r\u00e9alis at ions  en mat i\u00e8re d'habitat\n13\nDirection D\u00e9partementale des Tetrritoires et de la Mer du Gard - 30-2026-03-27-00002 - Arr\u00eat\u00e9 pr\u00e9fectoral portant approbation du\nSch\u00e9ma D\u00e9partemental d'Accueil et d'Habitat du Gard 2026-2032 21\nDes  pr\u00e9c onisations  enc ore  moins  suivies  que  les\npresc riptions\u2026\n\u2022 Si aucune op\u00e9ra\u019fon d'habitat adapt\u00e9 n'a \u00e9t\u00e9 engag\u00e9e au cours du pr\u00e9c\u00e9dent sch\u00e9ma, il est \u00e0\nnoter une op\u00e9ra\u019fon de r\u00e9sorp\u019fon de l'habitat indigne par de l'habitat adapt\u00e9 r\u00e9alis\u00e9e \u00e0\nBagnols-sur-C\u00e8ze. Une ma\u00eetrise d'\u0153uvre urbaine et sociale est par ailleurs en cours sur Saint-\nAmbroix.\n\u2022 Les  pr\u00e9conisa\u019fons  du  pr\u00e9c\u00e9dent  sch\u00e9ma  \u00e9taient  rela\u019fvement  floues  dans  leur  contenu,\nnotamment au sujet des terrains familiaux (publics/priv\u00e9s\u2009?) et de l'habitat adapt\u00e9 et dans leur\nmise en \u0153uvre.\nRappel des  pr\u00e9conis at ions  d'habitat adapt\u00e9 et/ou de terrain familial\n22  communes  gardoises  concern\u00e9es  par  des  pr\u00e9conisa\u019fons  d'habitat  adapt\u00e9  et/ou  de  terrains\nfamiliaux.  Dont  3 communes :  Le Vigan,  Saint-Ambroix  et  Gagni\u00e8res  situ\u00e9es  dans  des  EPCI  sans\nobliga\u019fon relevant du sch\u00e9ma.\nFigure 5. Carte des  communes concern\u00e9es  par des  pr\u00e9conis at i ons  en mat i\u00e8re d'habitat\nadapt\u00e9 et/ou de terrains  familiaux\n14\nDirection D\u00e9partementale des Tetrritoires et de la Mer du Gard - 30-2026-03-27-00002 - Arr\u00eat\u00e9 pr\u00e9fectoral portant approbation du\nSch\u00e9ma D\u00e9partemental d'Accueil et d'Habitat du Gard 2026-2032 22\nUne nouvelle impulsion dans l'animation et la gouvernanc e\nORIENTATION 1 :\nRENFORCER LA GOUVERNANCE ET LE\nPILOTAGE DU SCH\u00c9MA\nAc\u019fon Objec \u019ffs R\u00e9alisa \u019fons / Commentaires Sources\nAc\u019fon 1 : Structurer le \npilotage poli\u019fque et \ntechnique \nd\u00e9partemental\n1.1 / La commission \nconsulta\u019fve \nd\u00e9partementale\nAucune commission consulta\u019fve (CDCGV) n'a eu lieu en 2020 \net 2021. Le cycle des commissions a repris en 2022 \u00e0 raison \nd'une r\u00e9union par an (bien que la fr\u00e9quence requise selon le \nd\u00e9cret 2001-540 soit de deux CDCGV par an) et a permis \nd'aborder les ques\u019fons rela\u019fves \u00e0 la mise en \u0153uvre du \nsch\u00e9ma, du disposi\u019ff d'accompagnement social sur les aires \nd'accueil, la scolarisa\u019fon, la mise en conformit\u00e9 des \nr\u00e8glements int\u00e9rieurs des aires et les occupa\u019fons en dehors \ndes \u00e9quipements conven\u019fonn\u00e9s. Ainsi, au-del\u00e0 de l'instance \nofficielle, la commission a \u00e9t\u00e9 r\u00e9install\u00e9e dans la gouvernance \ndu sch\u00e9ma dans son r\u00f4le de pilotage et de suivi de la mise en \n\u0153uvre.\nProgrammes,\nsupports et\ncompte-rendu\ndes\ncommissions du\n8 novembre\n2022 et du\n17 novembre\n2023\n1.2 / La cellule \ntechnique \nop\u00e9ra\u019fonnelle, \n\u00ab bras arm\u00e9 \u00bb de \nla Commission \nConsulta\u019fve\nCompos\u00e9e des services de l'\u00c9tat et du Conseil D\u00e9partemental, \nla cellule technique op\u00e9ra\u019fonnelle a effec\u019fvement rempli son \nr\u00f4le de pr\u00e9para\u019fon des commissions consulta\u019fves, \nnotamment au travers du travail de bilan. La cellule a par \nailleurs \u00e9t\u00e9 par\u019fculi\u00e8rement ac\u019fve au cours de la d\u00e9marche de\nr\u00e9vision. Le suivi et l'anima\u019fon du sch\u00e9ma se sont \u00e9galement \nappuy\u00e9s sur d'autres modalit\u00e9s compl\u00e9mentaires, notamment \ndu point de vue du dialogue avec les collec\u019fvit\u00e9s. En ce qui \nconcerne le suivi de l'avancement des r\u00e9alisa\u019fons, les services \nde l'\u00c9tat ont engag\u00e9 \u00e0 par\u019fr de 2022 un processus annuel \nd'\u00e9labora\u019fon de bilans partag\u00e9 avec l'ensemble des EPCI \ncomp\u00e9tents soumis \u00e0 prescrip\u019fons se traduisant par une \nrencontre avec chacune des collec\u019fvit\u00e9s pour \u00e9tablir les \navanc\u00e9es et difficult\u00e9s rencontr\u00e9es dans la mise en \u0153uvre des \nprescrip\u019fons. Des d\u00e9marches compl\u00e9mentaires ont \u00e9t\u00e9 \nmen\u00e9es par les services de la DDTM, notamment en ce qui \nconcerne la recherche de foncier. Ce protocole est compl\u00e9t\u00e9 \npar une reprise des contr\u00f4les de conformit\u00e9 des \u00e9quipements \nen 2023 (3 contr\u00f4les) et 2024 (6 contr\u00f4les). Ces contr\u00f4les \nn'avaient pas \u00e9t\u00e9 effectu\u00e9s depuis 2016.\nComptes-rendus\ndes cycles de \nbilans \u00e0 mi-\nparcours avec \nl'ensemble des \nEPCI \ncomp\u00e9tents en \n2022 et 2023\nRapports de \nvisite des \ncontr\u00f4les de \nconformit\u00e9 sur \nl'ensemble des \n\u00e9quipements \nentre 2023 et \n2024\n1.3 La  commission\nth\u00e9ma\u019fque\nLe lancement du \u00ab groupe de travail partenarial pour proposer\net me\u01a9re en \u0153uvre des ac\u019fons visant \u00e0 favoriser la \nscolarisa\u019fon des enfants issus des communaut\u00e9s de \nvoyageur \u00bb est une illustra\u019fon de l'ac\u019fvit\u00e9 r\u00e9engag\u00e9e \u00e0 par\u019fr \nde 2022 : la dynamique d'anima\u019fon fait \u00e9merger d'autres \nini\u019fa\u019fves pour porter les sujets essen\u019fels de ce\u01a9e poli\u019fque et\nconcr\u00e9\u019fser la coordina\u019fon et les mesures perme\u01a9ant de \nrenforcer la qualit\u00e9 de l'accueil et l'accompagnement des \npopula\u019fons concern\u00e9es. Le groupe de travail ini\u019f\u00e9 en mars \n2024 sur les ques\u019fons de l'acc\u00e8s aux soins et \u00e0 la sant\u00e9 des \nvoyageurs est une autre illustra\u019fon de ce\u01a9e dynamique \nappel\u00e9e \u00e0 se poursuivre.\nSupports et \ncompte-rendu \nde la \ncommission du \n17 novembre \n2023\n15\nDirection D\u00e9partementale des Tetrritoires et de la Mer du Gard - 30-2026-03-27-00002 - Arr\u00eat\u00e9 pr\u00e9fectoral portant approbation du\nSch\u00e9ma D\u00e9partemental d'Accueil et d'Habitat du Gard 2026-2032 23\nAc\u019fon 2 :  Installer  des\ncellules  de\n\u00ab coordina\u019fon locale \u00bb \u00e0\nl'\u00e9chelle de chaque EPCI\nAucune cellule de coordina\u019fon locale n'a \u00e9t\u00e9 mise en place au \ncours du pr\u00e9c\u00e9dent sch\u00e9ma sur les diff\u00e9rents territoires \nconcern\u00e9s. Toutefois, il est \u00e0 noter que plusieurs collec\u019fvit\u00e9s \nont ini\u019f\u00e9 ce type d'instance annuelle de suivi des aires en \n2024, telles que l'Agglom\u00e9ra\u019fon de N\u00eemes M\u00e9tropole et du \nGard Rhodanien.\nORIENTATION 2 :\nCONSOLIDER LE R\u00c9SEAU D'ACCUEIL,\nENGAGER DES PROJETS D'HABITAT, PROMOUVOIR DES MODALIT\u00c9S DE\nGESTION ADAPT\u00c9ES.\nAc\u019fon Objec \u019ffs R\u00e9alisa \u019fons / Commentaires Sources\nAc\u019fon 3 : compl\u00e9ter le \nr\u00e9seau des aires \nd'accueil et de grands \npassages\nLe sch\u00e9ma 2019 pointait d\u00e9j\u00e0 un nombre important de non-\nr\u00e9alisa\u019fons \u00e0 l'issue du sch\u00e9ma pr\u00e9c\u00e9dent. Ce m\u00eame sch\u00e9ma a \nproduit de nouvelles prescrip\u019fons venant s'ajouter ou modifier \ndes prescrip\u019fons ant\u00e9rieures.\nLe sch\u00e9ma prescrivait la cr\u00e9a\u019fon de 427 places d'APA, dont 238 \nnouvelles places. Mais aucune cr\u00e9a\u019fon ne\u01a9e de place n'a eu \nlieu au cours de ce dernier sch\u00e9ma : les 213 places actuelles en \naire permanente d'accueil (soit 24 % des prescrip\u019fons) sont \ntoutes ant\u00e9rieures au pr\u00e9c\u00e9dent sch\u00e9ma.\n\u00c9taient \u00e9galement pr\u00e9vues 170 places de moyen passage \n(places sans d\u00e9fini\u019fon l\u00e9gale pr\u00e9cise), s'inscrivant dans une \nvolont\u00e9 des promoteurs du sch\u00e9ma \u00ab d'incite[r] les EPCI \u00e0 \ninnover en proposant des \u00e9quipements \"mixtes\", pouvant \nr\u00e9pondre \u00e0 diff\u00e9rentes formes de besoins avec un m\u00eame \n\u00e9quipement \u00bb. Aucune place de ce type n'a \u00e9t\u00e9 cr\u00e9\u00e9e.\nPar ailleurs, aucune des 270 places de grand passage n'a \u00e9t\u00e9 \ncr\u00e9\u00e9e.\nLa compl\u00e9tude du r\u00e9seau des \u00e9quipements est donc loin d'avoir\na\u01a9eint les objec\u019ffs a\u01a9endus. Elle demeure un enjeu majeur \npour le futur sch\u00e9ma, en par\u019fculier sur le volet grand passage.\nDocumenta\u019fon, \nvisites et \nrencontres dans \nle cadre de la \nr\u00e9vision / \nrapports de \nvisites DDTM des\n\u00e9quipements\nAc\u019fon 4 :  D\u00e9finir  un\nniveau  \u00ab standard \u00bb  de\nqualit\u00e9  d'am\u00e9nagement\net  promouvoir  une\nges\u019fon  coordonn\u00e9e  et\nconcert\u00e9e  \u00e0  l'\u00e9chelle\nd\u00e9partementale\n4.1/ Respecter \u00ab un \nr\u00e9f\u00e9ren\u019fel \nd'am\u00e9nagement \u00bb \nd\u00e9partemental \ncommun\nLe sch\u00e9ma d\u00e9partemental posait en annexe des \nrecommanda\u019fons se situant, pour certaines, au-del\u00e0 des \nnormes en vigueur \u00e0 l'\u00e9poque. Ce\u01a9e proposi\u019fon s'est situ\u00e9e \ndans une temporalit\u00e9 finalement assez proche de la paru\u019fon du\nd\u00e9cret n\u00b0 2019-1478 du 26 d\u00e9cembre 2019 rela\u019ff aux APA.\nLes principales pr\u00e9conisa\u019fons sont les suivantes :\n\u2022 Les aires soient \u00e9quip\u00e9es de sanitaires individuels \n(douches + WC),\n\u2022 Chaque emplacement dispose d'un espace cuisine, \ncouvert, o\u00f9 peuvent \u00eatre entrepos\u00e9s les \u00e9quipements\n\u00e9lectrom\u00e9nagers, b\u00e9n\u00e9ficiant d'une \u00e9vacua\u019fon des \neaux us\u00e9es pour les lave-linges et d'une alimenta\u019fon \n\u00e9lectrique,\n\u2022 Chaque place d'accueil dispose d'un \u00e9quipement \nd'arrimage adapt\u00e9 pour les auvents \u00e0 d\u00e9faut d'auvents \nen dur,\n\u2022 Sur chaque emplacement soit pr\u00e9vu un \u00e9tendoir \ncapable de recevoir au moins 12 ml de fil pour le \ns\u00e9chage des lessives. Il sera de pr\u00e9f\u00e9rence posi\u019fonn\u00e9 \nvers l'arri\u00e8re de l'emplacement familial,\nDocumenta\u019fon, \nvisites et \nrencontres dans \nle cadre de la \nr\u00e9vision / \nrapports de \nvisites DDTM des\n\u00e9quipements\n16\nDirection D\u00e9partementale des Tetrritoires et de la Mer du Gard - 30-2026-03-27-00002 - Arr\u00eat\u00e9 pr\u00e9fectoral portant approbation du\nSch\u00e9ma D\u00e9partemental d'Accueil et d'Habitat du Gard 2026-2032 24\n\u2022 La superficie d'une place de caravane soit si possible \n\u00e9gale ou sup\u00e9rieure \u00e0 100 m\u00b2,\n\u2022 L'individualisa\u019fon des places soit mat\u00e9rialis\u00e9e, la limite\nne pouvant se r\u00e9duire \u00e0 un marquage peint au sol\n\u2022 L'aire sera v\u00e9g\u00e9talis\u00e9e, par des arbres de haute-\u019fge \u00e0 \nfeuillage caduque si possible,\nSi ces pr\u00e9conisa\u019fons paraissent r\u00e9alistes au regard de la vie sur \nles APA, certaines se heurtent n\u00e9anmoins aux formula\u019fons du \nd\u00e9cret qui reste l\u00e9galement sup\u00e9rieur. Par exemple, il semble \ndifficile d'imposer la surface de 100 m2 l\u00e0 o\u00f9 le d\u00e9cret fixe la \nsurface minimale \u00e0 75 m2.\nEnfin, la produc\u019fon d'\u00e9quipement a \u00e9t\u00e9 si faible sur la p\u00e9riode \nque ce r\u00e9f\u00e9ren\u019fel n'a pu \u00eatre mis en \u0153uvre (faute de \nconstruc\u019fon) malgr\u00e9 le bon sens de ses pr\u00e9conisa\u019fons qui \ndevront \u00eatre ajust\u00e9es pour prendre en compte les d\u00e9crets de \n2019 et les retours des voyageurs.\n4.2/ Me\u01a9re en place un\nr\u00e9seau des collec\u019fvit\u00e9s \nges\u019fonnaires,\ntendant vers une \nharmonisa\u019fon des \ncondi\u019fons d'acc\u00e8s et \nd'accueil.\nDepuis le milieu de l'ann\u00e9e 2024 a \u00e9t\u00e9 ini\u019f\u00e9 un r\u00e9seau \ninterd\u00e9partemental des techniciens r\u00e9unissant les \nAgglom\u00e9ra\u019fons d'Avignon, d'Aix-Marseille et de Montpellier, \nl'ensemble des collec\u019fvit\u00e9s ges\u019fonnaires d'aires dans le \nd\u00e9partement du Gard, le Conseil d\u00e9partemental et la pr\u00e9fecture\ndu Vaucluse ainsi que la DDTM 30. Les rencontres organis\u00e9es 2 \n\u00e0 3 fois par an dans le cadre de ce r\u00e9seau perme\u01a9ent \nd'\u00e9changer sur les pra\u019fques et difficult\u00e9s rencontr\u00e9es par les \ndiff\u00e9rents par\u019fcipants.\nAc\u019fon 5 :  Accompagner\nle  processus  de\ns\u00e9dentarisa\u019fon  et\nd'ancrage\n5.1/ Promouvoir la \nr\u00e9alisa\u019fon de l'habitat \nadapt\u00e9 et \nl'accompagner\nAu vu de l'absence de r\u00e9alisa\u019fon dans ce domaine, il pourrait \n\u00eatre d\u00e9duit un d\u00e9ficit de promo\u019fon de l'habitat adapt\u00e9 aupr\u00e8s \ndes EPCI et des communes. Celle-ci a pourtant \u00e9t\u00e9 d\u00e9ploy\u00e9e par\ndiff\u00e9rents canaux. Il s'agit par\u019fculi\u00e8rement des rencontres \nDDTM/collec\u019fvit\u00e9s dans le cadre du suivi des r\u00e9alisa\u019fons \u00e0 mi-\nparcours au cours desquelles a syst\u00e9ma\u019fquement \u00e9t\u00e9 abord\u00e9e \nla ques\u019fon de l'habitat adapt\u00e9. Il en va ainsi \u00e9galement de \nl'autre principal document programma\u019fque dans lequel \ns'inscrivent directement ces \u00e9quipements : un travail a \n\u00e9galement \u00e9t\u00e9 men\u00e9 aupr\u00e8s des EPCI dans le cadre de la \npr\u00e9para\u019fon du comit\u00e9 responsable du Plan D\u00e9partemental \nd'Ac\u019fon pour le Logement et l'H\u00e9bergement des Personnes \nD\u00e9favoris\u00e9es du Gard.\nDocumenta\u019fon \nsuivie de la mise \nen \u0153uvre, \nenqu\u00eate aupr\u00e8s \ndes communes, \n\u00e9changes avec \nles EPCI, acteurs \nins\u019ftu\u019fonnels et\npilotes du \nsch\u00e9ma\n5.2/ R\u00e9aliser des \nterrains familiaux \nloca\u019ffs et de logements\nadapt\u00e9s\nEn dehors de la commune de Bagnols-sur-C\u00e8ze, aucune des \npr\u00e9conisa\u019fons en ma\u019f\u00e8re d'habitat adapt\u00e9 et/ou de terrains \nfamiliaux n'a \u00e9t\u00e9 mise en \u0153uvre, malgr\u00e9 les 22 sites iden\u019ffi\u00e9s \ndans le pr\u00e9c\u00e9dent sch\u00e9ma. Un programme d'habitat adapt\u00e9 a \n\u00e9t\u00e9 engag\u00e9 sur le site de Bazine \u00e0 Bagnols-sur-C\u00e8ze dans le \ncadre d'une op\u00e9ra\u019fon de r\u00e9sorp\u019fon de l'habitat indigne (RHI), \no\u00f9 7 familles \u00e9taient install\u00e9es depuis une trentaine d'ann\u00e9es \nsur une ancienne sta\u019fon d'\u00e9pura\u019fon. Plusieurs condi\u019fons ont \nfavoris\u00e9 la r\u00e9ussite du projet : une Ma\u00eetrise d'\u0152uvre Urbaine et \nSociale a permis de tenir compte des a\u01a9entes des familles dans \nla d\u00e9fini\u019fon du projet et de les accompagner dans la ges\u019fon du \nbudget et les consomma\u019fons d'\u00e9nergie\u2009; l'emploi des \nb\u00e9n\u00e9ficiaires du projet par les entreprises BTP intervenantes\u2009; \nune forte collabora\u019fon entre la ville, le bailleur et les \nBilan \nPDALHPD 2021 \nde l'habitat \nadapt\u00e9 de \nBazine dans le \ncadre de la RHI \u00e0\nBagnols-sur-\nC\u00e8ze\n17\nDirection D\u00e9partementale des Tetrritoires et de la Mer du Gard - 30-2026-03-27-00002 - Arr\u00eat\u00e9 pr\u00e9fectoral portant approbation du\nSch\u00e9ma D\u00e9partemental d'Accueil et d'Habitat du Gard 2026-2032 25\nfinanceurs.\n5.3/ Engager la \nr\u00e9solu\u019fon des \nsitua\u019fons engendr\u00e9es \npar des d\u00e9marches \nill\u00e9gales \nd'am\u00e9nagement de \nterrains n'ayant pas \nvoca\u019fon d'habitat\nAucune d\u00e9marche d'\u00e9labora\u019fon ou de r\u00e9vision de documents \nd'urbanisme PLU/PLUI sur les territoires concern\u00e9s par des sites\nd'ancrage sur des terrains n'ayant pas voca\u019fon d'habitat n'a \nsp\u00e9cifiquement int\u00e9gr\u00e9 de STECAL, d'extension de zonage ou \nd'emplacement r\u00e9serv\u00e9s pour r\u00e9pondre aux probl\u00e9ma\u019fques \ncorrespondantes. La ques\u019fon des Ma\u00eetrises d'\u0152uvre Urbaines \net Sociales est abord\u00e9e dans le point 7 du tableau \u00e9valua\u019ff.\nEnqu\u00eate aupr\u00e8s \ndes communes, \n\u00e9changes avec \nles EPCI\nORIENTATION 3 :\nRENFORCER L'ACCOMPAGNEMENT\nSOCIAL ET L'ACC\u00c8S AUX DROITS :\nSCOLARIT\u00c9, INSERTION SOCIALE ET\nPROFESSIONNELLE\nAc\u019fon Objec \u019ffs R\u00e9alisa \u019fons / Commentaires Sources\nAc\u019fon 6 :  Conforter  les\nac\u019fons  sur  les  aires,\npremiers  relais  vers  le\ndroit commun.\nAssurer sur chacune des\naires  un\naccompagnement\nperme\u01a9ant  d'assurer\nl'informa\u019fon  aux\nfamilles,  le  relai  et\nl'orienta\u019fon  vers  les\nservices  de  droit\ncommun,  la  mise  en\n\u0153uvre  d'ac \u019fons\nadapt\u00e9es  dans  les\ndiff\u00e9rents domaines de\nl'inser\u019fon  sociale  et\nprofessionnelle\nVigilance  sur  l'exercice\nde la domicilia\u019fon\nLa presta\u019fon d'\u00ab accompagnement social \u00bb port\u00e9e par le \nConseil D\u00e9partemental, d'abord men\u00e9e par le CRFP et \nd\u00e9sormais par le Relais G2A repr\u00e9sente une d\u00e9marche \nvolontariste visant \u00e0 garan\u019fr un accompagnement sp\u00e9cifique et\nde proximit\u00e9 aux voyageurs sur les \u00e9quipements. Elle permet de\ncoordonner les r\u00e9ponses \u00e0 l'\u00e9chelle territoriale, d'observer les \nbesoins et leur \u00e9volu\u019fon, de mener une m\u00e9dia\u019fon experte de \nce public entre les services de droit commun et les personnes \nconcern\u00e9es. Le cahier des charges a connu des am\u00e9liora\u019fons \navec notamment une pr\u00e9cision apport\u00e9e au dipl\u00f4me de \nl'intervenant.\nDes diff\u00e9rences entre les territoires sont observ\u00e9es, notamment\nsur l'aire d'Al\u00e8s ou une autre forme d'accompagnement est \npropos\u00e9e.\nVisites et \nobserva\u019fon des \n\u00e9quipements, \nrencontres et \nentre\u019fens avec \nles acteurs du \nsecteur social et \ndes \nrepr\u00e9sentants \ndes voyageurs.\nAc\u019fon 7 :  Me\u01a9re  en\n\u0153uvre  des  MOUS  pour\ndiagnos\u019fquer  et\naccompagner  la\nr\u00e9sorp\u019fon  du  mal-\nlogement\nFavoriser la produc\u019fon \nde logements sociaux \nadapt\u00e9s aux \ncaract\u00e9ris\u019fques des \nm\u00e9nages en situa\u019fon \nde cumul de difficult\u00e9s \nsociales, \u00e9conomiques \net d'appropria\u019fon d'un \nlogement afin de \nd\u00e9clencher un \nprocessus d'inser\u019fon \npar le logement.\nTrois secteurs ont \u00e9t\u00e9 iden\u019ffi\u00e9s comme prioritaires pour mener \n\u00e0 court terme une ma\u00eetrise d'\u0153uvre urbaine et sociale (MOUS) :\nMilhaud, Le Vigan et Aimargues. Aucune de ces trois communes\nn'a ini\u019f\u00e9 une telle d\u00e9marche au cours du pr\u00e9c\u00e9dent sch\u00e9ma. En \nrevanche, deux MOUS ont \u00e9t\u00e9 engag\u00e9es dans ce sens au cours \ndu pr\u00e9c\u00e9dent sch\u00e9ma, sur la commune de Saint-Ambroix \n(figurant en pr\u00e9conisa\u019fon au sch\u00e9ma la commune ayant moins \nde 5 000 habitants) et sur 13 communes volontaires de N\u00eemes \nM\u00e9tropole (hors Milhaud).\nSupports \nd\u00e9marche MOUS\nsur N\u00eemes\nRapport de \ndiagnos\u019fc de la \nMOUS men\u00e9e \nsur Saint-\nAmbroix\nAc\u019fon 8 :  Renforcer  le\ndisposi\u019ff  de  m\u00e9dia\u019fon\nscolaire,  notamment  en\n1er cycle\nFavoriser la \nscolarisa\u019fon des \nenfants de voyageurs \nd\u00e8s 3 ans.\nMe\u01a9re en place un \nr\u00e9seau des partenaires \net usagers\nLimiter le d\u00e9crochage \u00e0 \nl'issue du CM2\nImpulser une \nLe travail du CASNAV sur la scolarisa\u019fon des enfants en \u00e2ge \nmaternelle a port\u00e9 ses fruits, avec une augmenta\u019fon des \neffec\u019ffs EFIV de ce\u01a9e classe d'\u00e2ge. Des difficult\u00e9s persistent sur \nles coll\u00e9giens avec vigilance accrue sur les demandes d'IEF.\nLa propor\u019fon d'enfants scolaris\u00e9s au regard du nombre \nd'enfants pr\u00e9sents et de passages sur les aires, reste faible.\nR\u00e9dac\u019fon et signature d'un protocole d\u00e9partemental de \nscolarisa\u019fon pour harmoniser, coordonner et engager \nl'ensemble des par\u019fes prenantes sur ce\u01a9e th\u00e9ma\u019fque.\nVisites et \nobserva\u019fon des \n\u00e9quipements, \nrencontres et \nentre\u019fens avec \nles acteurs de \nl'enseignement \net du social ainsi \nque des \n18\nDirection D\u00e9partementale des Tetrritoires et de la Mer du Gard - 30-2026-03-27-00002 - Arr\u00eat\u00e9 pr\u00e9fectoral portant approbation du\nSch\u00e9ma D\u00e9partemental d'Accueil et d'Habitat du Gard 2026-2032 26\ndynamique \u00ab l\u00e0 o\u00f9 il n'y\na rien \u00bb, au-del\u00e0 de \nl'existant\nrepr\u00e9sentants \ndes voyageurs.\n19\nDirection D\u00e9partementale des Tetrritoires et de la Mer du Gard - 30-2026-03-27-00002 - Arr\u00eat\u00e9 pr\u00e9fectoral portant approbation du\nSch\u00e9ma D\u00e9partemental d'Accueil et d'Habitat du Gard 2026-2032 27\n/q APA d'Al\u00e9s Les Tamaris : 26 places X\u00a9 Gestion en r\u00e9gie ax\u00e9e sur le lien social\u00a9 Proximit\u00e9 services et commerces\\ Nuisances li\u00e9es \u00e0 l'environnement imm\u00e9diatS\u00e9dentarisation sur le territoire voisinW Projet de r\u00e9habilitation end'\u00e9laboration VS nouveau site prescritW L'EPCI consid\u00e8re que la jauge r\u00e9elle de l'airen'est que de 50 %.\ncours\nq TFL de La Grand Combe : 12 places \u00c0TFL: mod\u00e8le d'habitat pr\u00e9curseur\u00a9 int\u00e9gration des familles dans la vie localeKL Conception ancienne\u00a9 R\u00e9habilitation en cours (subv. 2024)Ne yy,\na. \u00e0ai\nSaint-C\u00e9ly-duFescCastelnau-leLezSaint-Jean-deVedas ?\nSaintes Marie\nD\noO Equipement entretenu, mais tr\u00e9s peuombrag\u00e9\\ Proximit\u00e9 d'une zone de forte cabanisation\\ Plusieurs situations de violence ayant entrain\u00e9\n(f APA de Nimes Saint-C\u00e9saire: 80\nSaint-Martinde-Crau\nAPA de Bagnols sur C\u00e8ze : 25 placesO3 APA situ\u00e9e dans le tissu de la communeL2 Proximit\u00e9 de la voie ferr\u00e9eKL Manque un espace commun (not. pour accueilsocial) yy,(\u00a2 \u00e0APA de Laudun L'Ardoise : 20 places\u00a9 APA de conception circulaire\\ Modules sanitaires et pi\u00e8ce de vie positionn\u00e9s \u00e0l'envers des crit\u00e8res d'intimit\u00e9 (WC vers le centre)\\ Aire excentr\u00e9e D\n2 \u00c9quipement de conception ancienne(douches collectives, absence de zone abrit\u00e9esur emplacements)W Forte proportion defrancophones\nAPA de Villeneuve-l\u00e8s-Avignon: 4\nr\u00e9sidents nonor Emplacement PMR en cours de r\u00e9alisation )\n\\? fermeture temporaire de l'aire D.\nAPA de N\u00eemes Marguerittes : 22 places \u00c0\u00a9 \u00c9quipement r\u00e9habilit\u00e9 r\u00e9cemment\u00a9 Pr\u00e9sence aire de jeux pour enfantsL2 Proximit\u00e9 autoroute et 2x2 voies g\u00e9n\u00e9rant de\\_ fortes nuisances sonores D.\nAnalyse des besoins\nL'ac tivit\u00e9 et les usages sur les \u00e9quipements existants\nCaract\u00e9ris at ion des  \u00e9quipements  exis tants\nLe descrip\u019ff synth\u00e9\u019fque des \u00e9quipements pr\u00e9sent\u00e9 ici est une s\u00e9lec\u019fon des points d'informa\u019fon\nessen\u019fels figurant dans les fiches descrip\u019fves en annexes du sch\u00e9ma.\nFigure 6. S ynth\u00e8s e des \u00e9l\u00e9ments de diagnos t ic relat ifs \u00e0 la qualit\u00e9 des \u00e9quipements\nd'accueil exis tants\n20\nDirection D\u00e9partementale des Tetrritoires et de la Mer du Gard - 30-2026-03-27-00002 - Arr\u00eat\u00e9 pr\u00e9fectoral portant approbation du\nSch\u00e9ma D\u00e9partemental d'Accueil et d'Habitat du Gard 2026-2032 28\n32%F \u00e0 \u00c0\n\u00e9\nTaux d'occupation mensuelAPA Al\u00e8s Tamaris\nVe.AS,\nDD DP PDP\u00c0 D DspFF #PES SZ PS PPee #PF. rid aFaPak 3 Pid ra\nOTe mans. torque26 pisces -@- Toux mens. pmtique 15 paces = Tauxmax\u2014\u2014Mey. th\u00e9o.24 envi \u2014 Moy, pratique24 mois\nterete! te teoma \u2014Se My\nPAR PER D MES PR OPSg Ge HS CHF EP\nTaux d'occupation mensuel APA Bagnols sur C\u00e8ze\nVJ =\"\nFr eea ae\nme Lacs rrmmisi\nSaint-G\u00e9ly-du\nCattoinau-leLex$aint-Jean-deVedas\neo lacetsMar21 wate\n\u20acPDP PD. DPD. 2,2. D.\u00bb + \u00bbCLF OP LS ES CCC FF OGlaw retells mak Moy, Bets\nCRC \u00e0LL PPR\nLL FEF EP EEF LE EEE FEC CEH\nSaintes: Marios\nPiorrotat\ndeSaint-MartinCrau\npo \u00bbDDR SDS > ae Oe Daa  ODPES LLP PSS ES ECEECS \u00e0\nl'Artlo\u00ef:\nIme  tree Mey Freee\nhaEN ppose er\nA tea raresttasut\nPF 2 DP? Peer 2 2 7 \u00bb \u00bb \u00bbCPP POR EEL EE EF FMoy 2h rete\nca#\nTaux d'occupat ion mens uel des  APA\nSur une p\u00e9riode allant de janvier 2023 \u00e0 septembre 2024 (soit 21 mois), il est constat\u00e9 sur les deux \nAPA n\u00eemoises des taux d'occupa\u019fon globaux plus faibles que sur les autres APA du d\u00e9partement. Ces \ntaux t\u00e9moignent d'une forme de vacance. A contrario, sur certaines aires, des taux globaux \nd'occupa\u019fon \u00e9lev\u00e9s peuvent \u00eatre consid\u00e9r\u00e9s comme des indicateurs d'un risque d'ancrage sur \nl'\u00e9quipement. Les indicateurs suivants perme\u01a9ent une caract\u00e9risa\u019fon plus fine des ph\u00e9nom\u00e8nes.\nFigure 7. Taux d'occupat ion en 2023 et 2024 s ur chacun des  \u00e9quipements d'accueil du\nd\u00e9partement\n21\nDirection D\u00e9partementale des Tetrritoires et de la Mer du Gard - 30-2026-03-27-00002 - Arr\u00eat\u00e9 pr\u00e9fectoral portant approbation du\nSch\u00e9ma D\u00e9partemental d'Accueil et d'Habitat du Gard 2026-2032 29\nAPA Bagnols surC\u00e9ze (67 s\u00e9jours)\nAPA NimesMarguerittes (82s\u00e9jours)\nMoins de 3 mois : 66 %\nMoins de 3 mois}: 53 %\nMoins de 3 mois : 89 %\nMoins de 3 mois : 89%\nAPA VilleneuveAvignon (\nMoins de 3 mois : 50%\nMMoinsde 1 mois Mde 1 \u00e0 moins de 3 mois Mde 3 \u00e0 moins de 6 mois Mde 6 \u00e0 moins de 9 mois Mde 9 \u00e0 moins de 12 mois M 12 mois et plus\nDes  \u00e9quipements  is s us  de paradigmes  anciens\nLa plupart des \u00e9quipements sont de concep\u019fon rela\u019fvement ancienne. Ils ont b\u00e9n\u00e9fici\u00e9 (ou doivent\nb\u00e9n\u00e9ficier) d'une ou plusieurs phases de r\u00e9nova\u019fon (compl\u00e8te ou par\u019felle) afin de tendre vers les\nnormes actuelles telles que pr\u00e9cis\u00e9es dans les ar\u019fcles 2 \u00e0 10 du d\u00e9cret n\u00b0 2019-1478 du 26 d\u00e9cembre\n2019.\nDans son ouvrage \u00ab O\u00f9 sont les gens du voyage\u2009? \u00bb (2021, les \u00e9di\u019fons du commun), William Acker\n\u00e9taye l'hypoth\u00e8se que les \u00e9quipements se trouvent syst\u00e9ma\u019fquement \u00e0 l'ext\u00e9rieur des villes, loin de\ntout  service,  ou  dans  des  zones  industrielles  \u00e0  proximit\u00e9 de  diverses  sources  de  nuisances.  La\nlocalisa\u019fon de la majorit\u00e9 des APA du d\u00e9partement lui donne raison. Ce fait invite \u00e0 envisager la\nlocalisa\u019fon des futurs \u00e9quipements dans une g\u00e9ographie qui perme\u01a9e l'acc\u00e8s aux services et ne soit\npas s\u019fgma\u019fsante ou invisibilis\u00e9e, dans le respect des crit\u00e8res \u00e9dict\u00e9s par la DIHAL.\nDes  dur\u00e9es  de s \u00e9jour par APA tr\u00e8s  variables  entre les  s ites\nEn coh\u00e9rence avec des taux d'occupa\u019fon globalement faibles, sur les 2 APA n\u00eemoises, les dur\u00e9es de\ns\u00e9jour  sont  ne\u01a9ement  inf\u00e9rieures  \u00e0  3 mois  (89 %  des  s\u00e9jours  sur  l'APA  N\u00eemes).  Sur  l'APA  de\nMargueri\u01a9es, ce ph\u00e9nom\u00e8ne est accentu\u00e9 par quasiment 2/3 de s\u00e9jours courts de moins de 1 mois\n(65 %).\nSur les APA de l'Est du d\u00e9partement, \u00e0 Bagnols-sur-C\u00e8ze, 66 % des s\u00e9jours ont une dur\u00e9e inf\u00e9rieure \u00e0\n3 mois, tandis que ce\u01a9e propor\u019fon avoisine 50 % sur les APA de Laudun l'Ardoise et de Villeneuve-l\u00e8s-\nAvignon.\nL'APA de Villeneuve-l\u00e8s-Avignon concentre la plus grande part des s\u00e9jours longs de plus de 9 mois.\nUne trentaine de m\u00e9nages (soit 8 % de l'\u00e9chan\u019fllon) a  s\u00e9journ\u00e9 plus de 9 mois sur  les  APA du\nd\u00e9partement. Ces s\u00e9jours longs ques\u019fonnent l'ad\u00e9qua\u019fon \u00e9quipement/besoin et invitent, en lien avec\nces familles, \u00e0 envisager d'autres formes de s\u00e9jour que l'APA.\nFigure 8\u00a0: dur\u00e9es  de s \u00e9jour des  groupes  de pas s age en 2023 et 2024 s ur les  \u00e9quipements\nd'accueil du d\u00e9partement\nBase : 381 s\u00e9jours / Source : donn\u00e9es anonymis\u00e9es SG2A Jan. 2023 Sept. 2024 / Hors donn\u00e9es CA Al\u00e8s Agglom\u00e9ra\u019fon\n22\nDirection D\u00e9partementale des Tetrritoires et de la Mer du Gard - 30-2026-03-27-00002 - Arr\u00eat\u00e9 pr\u00e9fectoral portant approbation du\nSch\u00e9ma D\u00e9partemental d'Accueil et d'Habitat du Gard 2026-2032 30\nR\u00e9currence des  m\u00e9nages  par APA\nLes APA concern\u00e9es par les s\u00e9jours courts sont celles qui accueillent n\u00e9anmoins les m\u00e9nages de fa\u00e7on\nr\u00e9currente, t\u00e9moignant ainsi de l'inscrip\u019fon de ces APA dans leur polygone de vie.\nSur la p\u00e9riode d'\u00e9tude des 21 mois, les APA port\u00e9es par N\u00eemes M\u00e9tropole sont caract\u00e9ris\u00e9es par une\nforte propor\u019fon de retours des m\u00e9nages (43 % Margueri\u01a9es & 54 % Saint-C\u00e9saire) et 20 % de m\u00e9nages\nayant effectu\u00e9 plus de 4 s\u00e9jours sur l'APA\u2009;\n\u00c0 contrario, 19 % des m\u00e9nages venus sur l'APA de Villeneuve-l\u00e8s-Avignon y sont revenus au cours de\nl'ann\u00e9e. Sur l'APA de Bagnols-sur-C\u00e8ze, 34% des m\u00e9nages ayant s\u00e9journ\u00e9 y sont revenus dans l'ann\u00e9e.\nCe\u01a9e propor\u019fon est un peu plus importante sur l'APA de Laudun l'Ardoise avec 42 %.\nFigure 9. R\u00e9currence des  s \u00e9jours  au cours  d'une m\u00eame ann\u00e9e et par les  m\u00eames  groupes\ns ur les  \u00e9quipements  d'accueil du d\u00e9partement\nDes  \u00e9quipements  dont les  us ages  res tent dif f iciles  \u00e0 qualif ier pr\u00e9cis \u00e9ment\nLa  logique  administra\u019fve  de  l'ALT 2  privil\u00e9gie  une  approche  comptable  plut\u00f4t  qu'une approche\n\u00ab d'observa\u019fon sociale \u00bb de l'usage des \u00e9quipements. Ce seul indicateur ne permet pas exactement\nd'a\u01a9ester du ressen\u019f \u00ab du terrain \u00bb (par exemple de la rota\u019fon des m\u00e9nages entre les 3 aires situ\u00e9es le\nlong de l'axe rhodanien).\nMalgr\u00e9 le travail fin r\u00e9alis\u00e9 lors de la r\u00e9vision, des indicateurs nouveaux, tels que la dur\u00e9e de s\u00e9jour par\nm\u00e9nage ou la r\u00e9currence de fr\u00e9quenta\u019fon des m\u00e9nages sur un \u00e9quipement, perme\u01a9ent de d\u00e9crire\nplus finement l'u\u019flisa\u019fon des APA.\nActuellement, ces indicateurs ne sont pas mobilisables simplement. Ils se heurtent \u00e0 une absence de\nprotocole de collecte, aux biais possibles et doivent \u00e9videmment respecter le cadre l\u00e9gal de la CNIL et\ndu RGPD. La ques\u019fon de la produc\u019fon d'indicateurs pourrait \u00eatre envisag\u00e9e dans le cadre du suivi du\nsch\u00e9ma, par exemple en mobilisant le canal de remont\u00e9e d'informa\u019fon de l'ALT2 \u00e0 travers lequel\ncirculent d\u00e9j\u00e0 les donn\u00e9es rela\u019fves aux taux d'occupa\u019fon des places.\n23\nDirection D\u00e9partementale des Tetrritoires et de la Mer du Gard - 30-2026-03-27-00002 - Arr\u00eat\u00e9 pr\u00e9fectoral portant approbation du\nSch\u00e9ma D\u00e9partemental d'Accueil et d'Habitat du Gard 2026-2032 31\nStationnements de petits groupes de passage Stationnements de grands groupes de passageAnn\u00e9es concern\u00e9es\nsey\n2022|\n2023]2024Moins de 5 de 5 \u00e0 moins de 20 de 20 \u00e0 moins de 50 de 50 \u00e0 moins de 100 de 100 \u00e0 moins de 200 200et plus\nNombre de caravanes\nLes stationnements hors des \u00e9quipements agr\u00e9\u00e9s\nL es  donn\u00e9es  recueillies  et analys \u00e9es  dans  le cadre de la r\u00e9vis ion\nDans ce volet diagnos\u019fc, les donn\u00e9es rela\u019fves aux sta\u019fonnements sans autorisa\u019fon en 2024 sont\nexclusivement issues de l'enqu\u00eate men\u00e9e aupr\u00e8s des communes du d\u00e9partement dans le cadre de la\nr\u00e9vision du SDAHGDV du Gard.\nPour les ann\u00e9es 2021, 2022 et 2023, deux sources ont \u00e9t\u00e9 crois\u00e9es : le tableau de suivi des saisines de la\npr\u00e9fecture et le tableau de suivi des sta\u019fonnements de la gendarmerie (lesquels se recoupent ou se\ncompl\u00e8tent par\u019fellement). Du point de vue du volume annuel de groupes de passage, les donn\u00e9es\nissues de l'enqu\u00eate aupr\u00e8s des communes ont globalement permis de corroborer les deux pr\u00e9c\u00e9dentes\nsources de donn\u00e9es. L'ou\u019fl de suivi des sta\u019fonnements sans autorisa\u019fon de groupes de caravanes sur\nle d\u00e9partement via les relev\u00e9s effectu\u00e9s par la gendarmerie au cours de ses interven\u019fons perme\u01a9ent\npar ailleurs d'obtenir un descrip\u019ff rela\u019fvement pr\u00e9cis du contexte sur les diff\u00e9rents sta\u019fonnements,\nnotamment au regard de la typologie des terrains concern\u00e9s et des \u00e9ventuelles d\u00e9marches engag\u00e9es\naupr\u00e8s des groupes que ce soit dans le cadre de n\u00e9gocia\u019fons ou de proc\u00e9dures d'expulsion.\nCependant, les situa\u019fons recens\u00e9es ne refl\u00e8tent pas de fa\u00e7on exhaus\u019fve la totalit\u00e9 des sta\u019fonnements\nayant eu lieu. D'une part, les communes ne signalent pas syst\u00e9ma\u019fquement la pr\u00e9sence d'un groupe\nde  passage.  D'autre part, le  besoin traduit  par  le ph\u00e9nom\u00e8ne  des  sta\u019fonnements hors terrains\nr\u00e9glement\u00e9s est probablement minimis\u00e9, \u00e9tant donn\u00e9 l'effet poten\u019fellement dissuasif induit par le\nd\u00e9ficit de l'offre d'accueil.\nPar ailleurs, les donn\u00e9es de gendarmerie ne sont plus aliment\u00e9es depuis 2024 malgr\u00e9 l'int\u00e9r\u00eat d'un tel\nrecueil et de la centralisa\u019fon aff\u00e9rente des informa\u019fons sur les sta\u019fonnements. Les donn\u00e9es sur\nl'ann\u00e9e 2024 n'ont donc pas pu \u00eatre crois\u00e9es avec les informa\u019fons rela\u019fves aux sta\u019fonnements\ncentralis\u00e9es  par la pr\u00e9fecture et la gendarmerie. Enfin, s'agissant des donn\u00e9es 2024, les taux de\nr\u00e9ponse  au  ques\u019fonnaire  par  les  communes  sont  variables  d'un  EPCI  \u00e0  l'autre.  Ainsi,  le  suivi\nlongitudinal des sta\u019fonnements sur plusieurs ann\u00e9es s'est appuy\u00e9 sur des donn\u00e9es h\u00e9t\u00e9rog\u00e8nes. Les\n\u00e9pisodes  de  confinement  et  la  baisse  des  grands  passages  durant  les  ann\u00e9es  correspondantes\ncons\u019ftuent par ailleurs des facteurs qui impactent l'ac\u019fvit\u00e9 \u00ab habituelle \u00bb de circula\u019fon des groupes\nde passage sur le territoire. L'examen des tendances rela\u019fves au ph\u00e9nom\u00e8ne des sta\u019fonnements sans\nautorisa\u019fon ainsi observables offre cependant une base de travail suffisamment robuste pour l'analyse\ndes besoins en ma\u019f\u00e8re d'accueil. \nFigure 1 0. Nombre de s tat ionnements  entre 2021  et 2024 s elon la taille des  groupes  (en\nnombre de caravanes )\n24\nDirection D\u00e9partementale des Tetrritoires et de la Mer du Gard - 30-2026-03-27-00002 - Arr\u00eat\u00e9 pr\u00e9fectoral portant approbation du\nSch\u00e9ma D\u00e9partemental d'Accueil et d'Habitat du Gard 2026-2032 32\nUn ph\u00e9nom\u00e8ne s ubs tant iel et r\u00e9gulier de pas s ages  dans  un contexte\nde d\u00e9faut de l'of fre\nParmi les  principales tendances appara\u00eet une stabilit\u00e9 rela\u019fve du nombre de grands groupes de\npassage au cours des derni\u00e8res ann\u00e9es du sch\u00e9ma 2019-2024, tandis que les pe\u019fts groupes sont en\nbaisse sur le d\u00e9partement. Dans le premier cas, le nombre annuel moyen de passages de grands\ngroupes de caravanes (de 50 caravanes et plus) varie entre 11 et 13, sauf sur l'ann\u00e9e 2023 o\u00f9 il appara\u00eet\nplus faible (5 grands groupes de passage seulement). Dans le second cas, la tendance \u00e0 la baisse du\nnombre  de  pe\u019fts  groupes  de  passage  est  rela\u019fvement  marqu\u00e9e :  de  77 groupes  en  2021,  le\nd\u00e9partement ne compte plus \u00ab que \u00bb 22 groupes en 2024.\nToutefois, le passage de pe\u019fts groupes reste substan\u019fel et vient souligner le d\u00e9faut de l'offre d'accueil\ndu territoire. Par ailleurs, ce\u01a9e baisse tendancielle ne concerne pas tous les EPCI concern\u00e9s de mani\u00e8re\n\u00e9gale : sur certains territoires, le ph\u00e9nom\u00e8ne de sta\u019fonnement des pe\u019fts groupes de passage s'est\nmaintenu au m\u00eame niveau.\nParmi les communes qui sont r\u00e9guli\u00e8rement, voire syst\u00e9ma\u019fquement impact\u00e9es d'une ann\u00e9e \u00e0 l'autre,\nfigurent plusieurs communes de la communaut\u00e9 d'agglom\u00e9ra\u019fon de N\u00eemes m\u00e9tropole (notamment\nN\u00eemes,  Manduel,  Bouillargues  et  Caissargues).  Les  sta\u019fonnements  sur  l'EPCI  sont  fortement\nconcentr\u00e9s sur les communes de N\u00eemes et Manduel (soit respec\u019fvement 28 % et 27 % de l'ensemble\ndes sta\u019fonnements rencontr\u00e9s sur la collec\u019fvit\u00e9 entre 2021 et 2024. Les sta\u019fonnements majoritaires\nsont le fait de pe\u019fts groupes de 5 \u00e0 20 caravanes s\u00e9journant moins d'un mois. En dehors des deux\nprincipales communes impact\u00e9es par les sta\u019fonnements de tout ordre, deux communes connaissent\ndes sta\u019fonnements r\u00e9guliers de pe\u019fts groupes de passage : Bouillargues et Caissargues. Les 10 autres\ncommunes de l'EPCI ayant connu des sta\u019fonnements au cours des 4 derni\u00e8res ann\u00e9es n'ont \u00e9t\u00e9\nimpact\u00e9es que ponctuellement. Trois communes signalent avoir \u00e9t\u00e9 impact\u00e9es en 2024 en raison d'un\nmanque de place sur les \u00e9quipements existants sur l'EPCI. La commune de Caveirac signale quant \u00e0 elle\nun sta\u019fonnement en 2024 en raison d'un probl\u00e8me de compa\u019fbilit\u00e9 avec les groupes pr\u00e9sents sur le\nou les \u00e9quipement(s).\nParmi les territoires les plus fortement marqu\u00e9s par les sta\u019fonnements figure la communaut\u00e9 de\ncommunes de Terre de Camargue.  Il s'agit majoritairement de pe\u019fts groupes de passage, de 5 \u00e0\n20 caravanes. La seule commune de Saint-Laurent-d'Aigouze a ainsi rencontr\u00e9 7 sta\u019fonnements en\n2022 et Aigues-Mortes conna\u00eet deux sta\u019fonnements par an en moyenne.\nSi l'appr\u00e9cia\u019fon du ph\u00e9nom\u00e8ne des grands passages sur la communaut\u00e9 d'agglom\u00e9ra\u019fon d'Al\u00e8s est\nd\u00e9licate et difficile \u00e0 renseigner pr\u00e9cis\u00e9ment avec un accueil occasionnel, il appara\u00eet ne\u01a9ement que\nce\u01a9e collec\u019fvit\u00e9 est en revanche fortement impact\u00e9e par le sta\u019fonnement des pe\u019fts groupes de\npassage. Les communes  d'Al\u00e8s  et de  Saint-Christol-lez-Al\u00e8s  sont  de  loin les  plus touch\u00e9es  (soit,\nrespec\u019fvement, 9 et 10 sta\u019fonnements entre 2021 et 2024, les communes de Saint-Maurice-de-\nCazevieille,  de  Massillargues-A\u01a9uech/L\u00e9zan  et  de  M\u00e9jannes-l\u00e8s-Al\u00e8s  rencontrent  plus  d'un\nsta\u019fonnement par an. D'autres communes de l'EPCI sont \u00e9galement concern\u00e9es par le ph\u00e9nom\u00e8ne,\nmais dans une moindre mesure.\nEnfin, si la communaut\u00e9 de communes du Pays d'Uz\u00e8s n'a connu aucun sta\u019fonnement de grands\ngroupes  de  passage  au  cours  des  4 derni\u00e8res  ann\u00e9es,  elle  rencontre  en  revanche  de  mul\u019fples\nsta\u019fonnements de pe\u019fts groupes. Foissac, Saint-Siffret, Uz\u00e8s et Saint-Quen\u019fn-la-Poterie sont les\n4 communes les plus concern\u00e9es. Il s'agit de groupes de 2 \u00e0 30 caravanes s\u00e9journant g\u00e9n\u00e9ralement\nmoins d'un mois. Les sta\u019fonnements sont par ailleurs rela\u019fvement dispers\u00e9s sur le territoire, 7 autres\ncommunes ayant connu le ph\u00e9nom\u00e8ne de mani\u00e8re sporadique.\n25\nDirection D\u00e9partementale des Tetrritoires et de la Mer du Gard - 30-2026-03-27-00002 - Arr\u00eat\u00e9 pr\u00e9fectoral portant approbation du\nSch\u00e9ma D\u00e9partemental d'Accueil et d'Habitat du Gard 2026-2032 33\nDur\u00e9es de stationnementStationnements ee Stationnements de grandsde petits groupes groupes de passagede passagede 7 \u00e0 moins de 15 jours\nde 15 \u00e0 moins de 30 jours\nde 1 \u00e0 moins de 3 mois 277\nInstallations 3 mois et plus\nB Moins de 5 Mde 5 \u00e0 moins de 20 Mde 20 \u00e0 moins de 50 M de 50 \u00e0 moins de 100 Mde 100 \u00e0 moins de 200 M 200 et plus\nFigure 1 1 . R\u00e9part it ion des pas s ages entre 2021  et 2024 s elon la taille et la dur\u00e9e de\ns tat ionnement ou d'ins tallat ion (s ur un total de 233 pas s ages )\nPlusieurs secteurs ne connaissent que des sta\u019fonnements occasionnels : ainsi, la communaut\u00e9 de\ncommunes  Beaucaire  Terre  d'Argence rencontre  1  \u00e0  2 groupes  annuellement  sur  Bellegarde  ou\nJonqui\u00e8res-Saint-Vincent. Tel est le cas \u00e9galement de la communaut\u00e9 de communes Rh\u00f4ny-Vistre-\nVidourle. Sur les 10 communes de l'EPCI, seules 4 ont rencontr\u00e9 un ph\u00e9nom\u00e8ne de sta\u019fonnement de\ngroupes de passage au cours des 4 derni\u00e8res ann\u00e9es et, parmi elles, seule la commune de Codognan\nconna\u00eet un passage r\u00e9gulier (presque 1 par an). Le ph\u00e9nom\u00e8ne est \u00e9galement sporadique sur la\ncommunaut\u00e9 d'agglom\u00e9ra\u019fon du Grand Avignon, qui rencontre en revanche des probl\u00e9ma\u019fques de\nsta\u019fonnement des grands groupes malgr\u00e9 la pr\u00e9sence d'une aire de grands passages sur sa par\u019fe\nVauclusienne.\nLa communaut\u00e9 de communes Pays de Sommi\u00e8res fait par\u019fe des secteurs ayant connu une baisse du\nph\u00e9nom\u00e8ne de passage de pe\u019fts groupes. L'EPCI n'a pas connu de sta\u019fonnements depuis 2022 (sauf\nau cours de la r\u00e9vision en 2025). Toutefois ces derniers ont \u00e9t\u00e9 rela\u019fvement nombreux en 2022 et au\ncours des ann\u00e9es pr\u00e9c\u00e9dentes. Il s'agissait exclusivement de pe\u019fts groupes de passage, s\u00e9journant\ng\u00e9n\u00e9ralement moins de 1 mois. Sauf excep\u019fon, l'ensemble des situa\u019fons de sta\u019fonnement recens\u00e9es\nsont concentr\u00e9es sur la seule commune de Sommi\u00e8res. Ce\u01a9e diminu\u019fon du nombre de groupes de\npassage ne traduit pas exclusivement une baisse du besoin : il est \u00e9galement \u00e0 corr\u00e9ler aux diverses\nd\u00e9marches ayant \u00e9t\u00e9 engag\u00e9es par la commune de Sommi\u00e8res \u00e0 l'encontre des groupes de passage,\nnotamment des demandes de mise en demeure et d'\u00e9vacua\u019fon forc\u00e9e aupr\u00e8s du pr\u00e9fet ainsi que des\nd\u00e9marches  aupr\u00e8s  du  juge  administra\u019ff  ou  judiciaire  et  des  plaintes  aupr\u00e8s  des  services  de\ngendarmerie. En 2018, le diagnos\u019fc du pr\u00e9c\u00e9dent sch\u00e9ma effectuait un rapprochement entre la\npopula\u019fon pr\u00e9sente sur la commune en logement social ou ordinaire et \u00ab les sta\u019fonnements des\ncaravanes de m\u00e9nages pouvant rendre visite \u00e0 ceux vivant en appartement et ne pouvant pas les\naccueillir \u00bb. Mais ce\u01a9e corr\u00e9la\u019fon n'est soulign\u00e9e ni par les membres de la communaut\u00e9 s\u00e9dentaris\u00e9e\neux-m\u00eames ni par la collec\u019fvit\u00e9.\n26\nDirection D\u00e9partementale des Tetrritoires et de la Mer du Gard - 30-2026-03-27-00002 - Arr\u00eat\u00e9 pr\u00e9fectoral portant approbation du\nSch\u00e9ma D\u00e9partemental d'Accueil et d'Habitat du Gard 2026-2032 34\n[] Communes n'ayant connu aucun stationnementsans autorisation sur la p\u00e9riode\nNombre moyen de stationnements par communes Taille des groupes de caravane1 seul stationnement au cours des 4 derni\u00e8res ann\u00e9es Groupes de moins de 5 caravanes1 stationnement tous les deux ans Groupes de 5 \u00e0 moins de 20 caravanes1 stationnement par an Groupes de 20 \u00e0 moins de 50 caravanesMoins de 2 stationnements par an2 stationnements par an3 stationnements ou plus par an\nSource : questionnaire Cisame aux communes (donn\u00e9es 2024); tableau de suivi des saisines pr\u00e9fecture (2021-2023) ; tableau de suivi stationnements pargendarmerie (2021-2023); outil de suivi stationnements par CA Al\u00e8s (2021-2023) ; outil de suivi stationnements CA de Grand Avignon (2021-2023)\nFigure 1 2. S tat ionnements (moins de 3\u00a0mois ) de pet its groupes de pas s age (moins de\n50\u00a0caravanes ) entre 2021  et 2024\n27\nDirection D\u00e9partementale des Tetrritoires et de la Mer du Gard - 30-2026-03-27-00002 - Arr\u00eat\u00e9 pr\u00e9fectoral portant approbation du\nSch\u00e9ma D\u00e9partemental d'Accueil et d'Habitat du Gard 2026-2032 35\nUn bes oin av\u00e9r\u00e9 d'aires  de grands  pas s ages\nLe  besoin  d'aire  de  grands  passages  est  confirm\u00e9  par  le  volume,  la  p\u00e9riode  et  la  dur\u00e9e  de\nsta\u019fonnement des grands groupes de passage. La quasi-totalit\u00e9 des communes ayant r\u00e9pondu \u00e0\nl'enqu\u00eate et ayant signal\u00e9 un sta\u019fonnement de grand groupe de passage \u00e9voque comme principale\nraison l'absence d'\u00e9quipement d\u00e9di\u00e9 sur le territoire.\nS'agissant des grands passages es\u019fvaux, quatre territoires sont principalement concern\u00e9s : le secteur\nde  N\u00eemes  et  son  aire  d'a\u01a9rac\u019fon,  la  bande  c\u00f4\u019f\u00e8re  sur  le  bassin  de  vie  d'Aigues-Mortes,  l'aire\nd'a\u01a9rac\u019fon d'Avignon et le bassin de vie d'Al\u00e8s.\nLes grands passages sur le secteur de N\u00eemes sont variables d'une ann\u00e9e \u00e0 l'autre et concernent presque\nexclusivement les communes de N\u00eemes et Manduel. Ainsi, l'EPCI a connu 5 passages en 2022, 1 seul en\n2023 et 3 en 2024. Malgr\u00e9 la fiabilit\u00e9 des relev\u00e9s de gendarmerie qui apportent la connaissance\nprincipale du ph\u00e9nom\u00e8ne sur l'agglom\u00e9ra\u019fon, d'autres communes apparaissent \u00e0 travers l'enqu\u00eate\nr\u00e9alis\u00e9e aupr\u00e8s des. Tel est par\u019fculi\u00e8rement le cas de la commune de Saint-Gilles signalant par ce biais\ndes sta\u019fonnements tous les ans entre 2021 et 2023.\nLa communaut\u00e9 de communes de Terre de Camargue conna\u00eet un passage r\u00e9current de grands groupes\nde caravanes, \u00e0 Saint-Laurent-d'Aigouze et \u00e0 Aigues-Mortes. Les groupes de passage pra\u019fquent des\ns\u00e9jours  courts,  g\u00e9n\u00e9ralement  entre  une  semaine  \u00e0  15 jours.  Les  demandes  transmises  par  les\nassocia\u019fons d\u00e9l\u00e9gataires \u00e0 la pr\u00e9fecture me\u01a9ent en \u00e9vidence un autre aspect du besoin, au-del\u00e0 des\ncapacit\u00e9s r\u00e9elles du territoire que ce soit sur des \u00e9quipements r\u00e8glementaires ou des terrains n\u00e9goci\u00e9s,\nles demandes concernent annuellement des groupes de 60 \u00e0 150 caravanes. Ainsi, l'EPCI est parmi les\nplus sollicit\u00e9s de l'ensemble du d\u00e9partement en ce qui concerne les grands passages, avec deux \u00e0\nquatre demandes par an pour de grands groupes de passage.\nSur la communaut\u00e9 d'agglom\u00e9ra\u019fon du Grand Avignon, les communes de Roquemaure et des Angles\nrencontrent r\u00e9guli\u00e8rement de grands groupes de passage de 100 \u00e0 150 caravanes. Malgr\u00e9 la pr\u00e9sence\nd'une aire de grand passage sur le territoire, les sta\u019fonnements de grands groupes ne sont pas absents\nque ce soit en raison du volume de demandes et/ou des probl\u00e9ma\u019fques rela\u019fves aux situa\u019fons\nd'accueil. Ainsi, deux groupes ont sta\u019fonn\u00e9 sur Roquemaure en 2024 en raison d'un probl\u00e8me de\ncompa\u019fbilit\u00e9 avec les groupes pr\u00e9sents sur l'aire de grand passage de Bonpas, seul \u00e9quipement de ce\ntype sur l'EPCI (hors d\u00e9partement du Gard).\n28\nDirection D\u00e9partementale des Tetrritoires et de la Mer du Gard - 30-2026-03-27-00002 - Arr\u00eat\u00e9 pr\u00e9fectoral portant approbation du\nSch\u00e9ma D\u00e9partemental d'Accueil et d'Habitat du Gard 2026-2032 36\n\u2014 Communes n'ayant connu aucun stationnementsans autorisation sur la p\u00e9riode\nNombre moyen de stationnements par communes Taille des groupes de caravane1 seul stationnement au cours des 4 derni\u00e9res ann\u00e9es Groupes de 50 \u00e0 moins de 100 caravanes1 stationnement tous les deux ans Groupes de 100 \u00e0 moins de 200 caravanes1 stationnement par an Groupes de 200 caravanes et plusMoins de 2 stationnements par an2 stationnements ou plus par an\nSource : questionnaire Cisame aux communes (donn\u00e9es 2024); tableau de suivi des saisines pr\u00e9fecture (2021-2023) ; tableau de suivi stationnements pargendarmerie (2021-2023) ; outil de suivi stationnements par CA Al\u00e8s (2021-2023) ; outil de suivi stationnements CA de Grand Avignon (2021-2023)\nFigure 1 3.  S tat ionnements (moins de 3\u00a0mois ) de grands groupes de pas s age (50\ncaravanes  ou plus ) entre 2021  et 2024\n29\nDirection D\u00e9partementale des Tetrritoires et de la Mer du Gard - 30-2026-03-27-00002 - Arr\u00eat\u00e9 pr\u00e9fectoral portant approbation du\nSch\u00e9ma D\u00e9partemental d'Accueil et d'Habitat du Gard 2026-2032 37\nEn l'abs ence de terrain r\u00e9glement\u00e9, des  s ituat ions  probl\u00e9mat iques  malgr\u00e9 les  n\u00e9gociat ions\nDes n\u00e9gocia\u019fons ont souvent lieu avec les groupes de passage. De nombreuses communes ont engag\u00e9\nune n\u00e9gocia\u019fon avec les groupes au cours de pr\u00e9c\u00e9dentes ann\u00e9es, abou\u019fssant dans la plupart des cas\nsur un accord ou, a minima, sur une tol\u00e9rance du sta\u019fonnement selon une dur\u00e9e convenue. Les\ncommunes ayant engag\u00e9 des mesures coerci\u019fves vis-\u00e0-vis de certains des groupes, en proc\u00e9dant \u00e0 des\ndemandes de mise en demeure et d'\u00e9vacua\u019fon forc\u00e9e aupr\u00e8s du pr\u00e9fet et des d\u00e9marches aupr\u00e8s du\njuge administra\u019ff ou judiciaire, peuvent par ailleurs entrer en n\u00e9gocia\u019fon avec d'autres groupes\nlorsque les condi\u019fons y sont favorables. \nAinsi, des tendances peuvent \u00eatre observ\u00e9es entre les diff\u00e9rents EPCI en ce qui concerne la ges\u019fon des\nsta\u019fonnements  hors  des  \u00e9quipements  conven\u019fonn\u00e9s,  aucun  ne  s'inscrit  dans  une  approche\nexclusivement  s\u00e9curitaire.  Malgr\u00e9  la  raret\u00e9  des  demandes  pr\u00e9alables,  les  sta\u019fonnements  sont\nr\u00e9guli\u00e8rement autoris\u00e9s ou tol\u00e9r\u00e9s  par  les  communes.  Plusieurs communes  ont  ainsi obtenu un\nengagement de respecter les lieux et de les qui\u01a9er dans les d\u00e9lais pr\u00e9vus (conclusion d'une conven\u019fon\nd'occupa\u019fon temporaire du domaine public). Toutefois ces d\u00e9marches ne rel\u00e8vent pas d'une poli\u019fque\nd'accueil territoriale structur\u00e9e et ne peuvent cons\u019ftuer une r\u00e9ponse p\u00e9renne.\nMais les proposi\u019fons de solu\u019fon sur d'autres terrains sont quasiment absentes. Par ailleurs, malgr\u00e9 le\nrecours  courant  \u00e0  la  n\u00e9gocia\u019fon,  les  groupes  font  r\u00e9guli\u00e8rement  l'objet  de  plaintes  et  de\nverbalisa\u019fons. \nPar  ailleurs,  d'autres  formes  d'accueil  n\u00e9goci\u00e9es  se d\u00e9veloppent sur  le territoire en dehors  des\n\u00e9quipements  conven\u019fonn\u00e9s.  Tel  est  le  cas  sur  un  terrain  priv\u00e9  \u00e0  Massillargues-A\u01a9uech/L\u00e9zan\ncons\u019ftuant une aire d'accueil pour des groupes ayant g\u00e9n\u00e9ralement effectu\u00e9 une demande pr\u00e9alable.\nSur la communaut\u00e9 de communes d'Al\u00e8s, deux communes pra\u019fquent la halte tol\u00e9r\u00e9e : des groupes\npr\u00e9viennent ainsi la commune de Tornac en amont de leur venue. Sur Al\u00e8s, les groupes pr\u00e9viennent le\nm\u00e9diateur et les responsables des groupes habituels connaissent les pra\u019fques de la collec\u019fvit\u00e9.\nCertains groupes peuvent effectuer une demande pr\u00e9alable officielle pour des s\u00e9jours sur le site du\nMas d'Avon dans la commune d'Aigues-Mortes. Ce\u01a9e pra\u019fque peut \u00eatre rapproch\u00e9e d'une forme de\nhalte tol\u00e9r\u00e9e. La mairie pr\u00e9cise le protocole : une demande par courrier est adress\u00e9e au maire et une\nprise de contact avec le groupe en ques\u019fon est r\u00e9alis\u00e9e par la police municipale pour recueillir les\ninforma\u019fons rela\u019fves au nombre de personnes et \u00e0 la dur\u00e9e d'installa\u019fon. Tel est le cas \u00e9galement\nsignal\u00e9 par la commune de L\u00e9denon.\nCes arrangements se font sans que ne soit v\u00e9rifi\u00e9e la pr\u00e9sence des installa\u019fons minimales sur ce type\nde terrain (acc\u00e8s eau/\u00e9lectricit\u00e9). Ils sont de plus parfois situ\u00e9s dans des secteurs inadapt\u00e9s en termes\nd'urbanisme (zones inondables par exemple).\n30\nDirection D\u00e9partementale des Tetrritoires et de la Mer du Gard - 30-2026-03-27-00002 - Arr\u00eat\u00e9 pr\u00e9fectoral portant approbation du\nSch\u00e9ma D\u00e9partemental d'Accueil et d'Habitat du Gard 2026-2032 38\n_see\nLe point de vue des repr\u00e9sentants des voyageurs\n Leurs constats Leurs proposi \u019fons\nAPA\nIn\u00e9gale a\u01a9rac\u019fvit\u00e9 des \u00e9quipements : v\u00e9tust\u00e9, prix,\nfamilles/communaut\u00e9s  install\u00e9es,  taille,  cadre\nd'implanta\u019fon,  nuisances,  suroccupa\u019fon  et\nr\u00e9siden\u019falisa\u019fon, pas de r\u00e9el turnover.\n\u2022 Augmenter  le  nombre  d'aires,  avec  des\ncapacit\u00e9s d'accueil variables\n\u2022 Revoir les condi\u019fons de vie et les tarifs pour les\nrendre a\u01a9rac\u019fves, \n\u2022 Associer les voyageurs lors de la concep\u019fon ou\nr\u00e9habilita\u019fon\nAGP\nPas  d'AGP  alors  qu'il y  a  des  besoins  av\u00e9r\u00e9s (au\nmoins sur 2 par\u019fes du d\u00e9partement). Les voyageurs\nencore  i\u019fn\u00e9rants  se  regroupent :  des  groupes\nmoyens  (50  caravanes)  et  tr\u00e8s  gros  (+  de\n200 caravanes) de plus en plus nombreux.\n\u2022 Faire 2 aires de grands passages sup\u00e9rieures \u00e0\n2 hectares,  modulables  de  50  \u00e0  +  de\n200 caravanes,  ouvertes  toute  l'ann\u00e9e  avec\nune limite de dur\u00e9e de s\u00e9jour.\nTerrains\nfamiliaux\nloca\u019ffs\nBesoins av\u00e9r\u00e9s de solu\u019fon adapt\u00e9e (si interm\u00e9diaire\nentre s\u00e9dentarisa\u019fon sur APA ou terrain priv\u00e9 non\nconstruc\u019fble  et  logement).  Actuellement,  pas  de\nrota\u019fon  sur le seul TF du d\u00e9partement (territoire\npeu a\u01a9rac\u019ff pour l'ancrage). \n\u2022 Mul\u019fplier ce type d'\u00e9quipement (corresponds\naux  besoins  de  nombreuses  familles  du\nterritoire) \n\u2022 Le  penser  dans  une  dynamique  d'acc\u00e8s  au\nlogement et non comme une fin en soi.\nHLM  /\nLogement\nAdapt\u00e9\nProbl\u00e8me de  localisa\u019fon des  HLM,  les  voyageurs\nfuient \u00ab les cit\u00e9es \u00bb.\nManque de proposi\u019fons adapt\u00e9es : faire cohabiter\nune vie dans un logement et de l'i\u019fn\u00e9rance es\u019fvale.\n\u2022 Il  faudrait  des  terrains  loca\u019ffs  suffisamment\ngrands pour accueillir un pe\u019ft logement (pi\u00e8ce\nde vie spacieuse et confortable + sanitaires) et\nles  caravanes  pour  des  familles  \u00e9largies  qui\nn'ont pas les moyens de devenir propri\u00e9taires.\nTerrain priv\u00e9s\nfamiliaux  /\nterrains\npublics\n/cabanisa\u019fon\nProbl\u00e9ma\u019fques de construc\u019fons non-conformes et\nill\u00e9galit\u00e9 :  risque  d'expropria\u019fon  (de  personnes\nimplant\u00e9es dans la vie locale).\nPar\u019fcularit\u00e9  des  groupes  sur  terrains  publics :\ninstall\u00e9s  depuis  longtemps,  pr\u00e9carit\u00e9  de  certains,\nfamilles \u00e9largies ne veulent pas se s\u00e9parer, refusent\nles aires ou n'en ont pas les moyens et sont de toute\nfa\u00e7on quasi s\u00e9dentaires.\n\u2022 Accompagnement au cas par cas des projets\nsur les terrains avec des construc\u019fons ill\u00e9gales,\nrepenser la classifica\u019fon de certains terrains\nR\u00f4les  et\nmissions  des\nm\u00e9diateurs et\nrepr\u00e9sentants\nAvoir un nombre suffisant de m\u00e9diateurs et repr\u00e9sentants qui perme\u01a9ent de garan\u019fr la territorialisa\u019fon de la\nrepr\u00e9senta\u019fon.\nD\u00e9finir les missions  des repr\u00e9sentants et des m\u00e9diateurs, rendre ces  fonc\u019fons a\u01a9rac\u019fves  pour a\u01ab rer de\nnouveaux m\u00e9diateurs.\nD\u00e9finir \u00e0 l'\u00e9chelle du sch\u00e9ma le niveau de par\u019fcipa\u019fon des m\u00e9diateurs et repr\u00e9sentants dans les diff\u00e9rents\nprojets et instances qui les concernent.\n31\nDirection D\u00e9partementale des Tetrritoires et de la Mer du Gard - 30-2026-03-27-00002 - Arr\u00eat\u00e9 pr\u00e9fectoral portant approbation du\nSch\u00e9ma D\u00e9partemental d'Accueil et d'Habitat du Gard 2026-2032 39\nL'anc rage et la s\u00e9dentarisation\nAncrage, prat iques  d'it i n\u00e9rances \u00a0et place des  voyageurs  dans  la polit ique d'accueil\nL'ancrage territorial cons\u019ftue \u00e0 la fois un volet et l'un des enjeux majeurs du plan : l'\u00e9cart entre les\nbesoins \u2014 recens\u00e9s dans le sch\u00e9ma, le PDALHPD ou dans les PLH tel que pr\u00e9sent\u00e9 dans le bilan des\nr\u00e9alisa\u019fons en d\u00e9cembre 2021 \u2014 et les r\u00e9alisa\u019fons est tr\u00e8s cons\u00e9quent : sur 60 logements en PLAI\ndevant r\u00e9pondre \u00e0 des besoins d'ancrage de voyageur, aucun n'a \u00e9t\u00e9 r\u00e9alis\u00e9 \u00e0 ce\u01a9e p\u00e9riode. Dans le\npr\u00e9c\u00e9dent  sch\u00e9ma,  79 m\u00e9nages  \u00e9taient  pourtant  concern\u00e9s  par  des  prescrip\u019fons  ou  des\nrecommanda\u019fons d'habitat adapt\u00e9. Toutefois, la mise en \u0153uvre de Ma\u00eetrises d'\u0152uvres Urbaines et\nSociales (MOUS) sur le territoire de N\u00eemes Agglom\u00e9ra\u019fon et la commune de Saint-Ambroix cons\u019ftue\nune occasion bienvenue de valoriser les d\u00e9marches engag\u00e9es par les territoires s'\u00e9tant saisis des\nques\u019fons d'habitat \u00e0 des\u019fna\u019fon des voyageurs.\nLes  remont\u00e9es  des  communes  sur  l'existence  de  sites  d'installa\u019fon  de  voyageurs  en  cours  de\ns\u00e9dentarisa\u019fon au cours de la r\u00e9vision confirment l'importance du besoin. D'autre part, la capacit\u00e9\neffec\u019fve d'accueil du d\u00e9partement est en par\u019fe r\u00e9duite en raison du ph\u00e9nom\u00e8ne d'ancrage qui peut se\nd\u00e9velopper sur certaines aires permanentes d'accueil, parfois masqu\u00e9 par des rota\u019fons entre deux\naires ou des ph\u00e9nom\u00e8nes de \u00ab priva\u019fsa\u019fon \u00bb de l'aire par un groupe familial, r\u00e9duisant l'a\u01a9rait, voire\nla possibilit\u00e9 d'acc\u00e8s \u00e0 l'aire par d'autres familles i\u019fn\u00e9rantes.\nLe terme d'ancrage est \u00e0 privil\u00e9gier sur celui de la s\u00e9dentarisa\u019fon, qui d\u00e9signerait un processus\nd'\u00e9volu\u019fon du mode d'habitat et de vie vers la s\u00e9dentarit\u00e9, ce qui sous-entendrait que l'habitat-\ncaravane et l'i\u019fn\u00e9rance ont voca\u019fon \u00e0 dispara\u00eetre. Or, m\u00eame s'il n'y a plus de mobilit\u00e9 ou une r\u00e9duc\u019fon\nde la mobilit\u00e9, l'ancrage peut se combiner avec le main\u019fen de la r\u00e9sidence mobile. La diversit\u00e9 des\na\u01a9entes des familles dont le mode de vie se caract\u00e9rise par un ancrage territorial (subi ou volontaire)\nsuppose la mise en place d'une d\u00e9marche men\u00e9e en lien et avec les voyageurs eux-m\u00eames.\nDes  bes oins  ident if i\u00e9s  s ur le volet habitat du s ch\u00e9ma\nLe d\u00e9partement du Gard est caract\u00e9ris\u00e9 par un large ph\u00e9nom\u00e8ne de cabanisa\u019fon qui, pour par\u019fe,\nconcerne \u00e9galement la s\u00e9dentarisa\u019fon des voyageurs. La DDTM 30 dispose d'un service \u00ab lu\u01a9e contre\nles construc\u019fons illicites \u00bb et d'ou\u019fls d\u00e9di\u00e9s. \nLa ques\u019fon a \u00e9t\u00e9 explicitement pos\u00e9e \u00e0 l'ensemble des communes du d\u00e9partement par voie de\nques\u019fonnaire. 23 communes ont d\u00e9clar\u00e9 des sites d'ancrage (cf. carte ci-dessous). Chaque situa\u019fon\nest singuli\u00e8re et le sch\u00e9ma ne peut les traiter individuellement. N\u00e9anmoins plusieurs similitudes ont\n\u00e9t\u00e9 iden\u019ffi\u00e9es : \n\u2022 Les situa\u019fons sont souvent anciennes et d\u00e9passent les d\u00e9lais de prescrip\u019fon qui rendent d\u00e8s\nlors l'ac\u019fon complexe ou quasi impossible.\n\u2022 Les maires interrog\u00e9s (principalement de \u00ab pe\u019ftes \u00bb communes) appellent \u00e0 davantage de\nsou\u019fen afin d'exercer leur pouvoir de police lorsqu'il en est encore temps.\n\u2022 Les risques de pollu\u019fon des nappes phr\u00e9a\u019fques sont \u00e9lev\u00e9s.\n\u2022 Les modalit\u00e9s d'\u00e9change de parcelles ou la cr\u00e9a\u019fon de Stecal, (Sous-secteur de zone naturelle\n(N) ou agricole (A) o\u00f9 sont autoris\u00e9es les construc\u019fons, l'am\u00e9nagement des aires d'accueil ou\ndes terrains familiaux pour les gens du voyage) dans les documents d'urbanisme sont peu, voir\npas mobilis\u00e9es.\nEnfin, une modalit\u00e9 de r\u00e9sorp\u019fon de ce ph\u00e9nom\u00e8ne peut \u00eatre envisag\u00e9e via le d\u00e9veloppement de\nl'habitat adapt\u00e9 et des terrains familiaux loca\u019ffs.\n32\nDirection D\u00e9partementale des Tetrritoires et de la Mer du Gard - 30-2026-03-27-00002 - Arr\u00eat\u00e9 pr\u00e9fectoral portant approbation du\nSch\u00e9ma D\u00e9partemental d'Accueil et d'Habitat du Gard 2026-2032 40\nEtiquettesNombre de sitesd'ancrage/s\u00e9dentarisationae Nombre de m\u00e9nagesa. Caravanes{a} Construction[=| Cabanisation\u00c0 MOUS en cours\nLe Vigan\nFond de carte Belv\u00e8zet Saint Geni\u00e8sde ComolasRousson\nisla)\nSt Ambroix\n70828 =\nouiNon\"Je ne sais pas Arpaillargueset Aureillac\n6 ee\nLaudun l'Ardoise19 a\nLes Sallesdu Gardon Al\u00e0| | Non r\u00e9pondu RoquemaureSaint- Mhristol- 4 9 =Anduze GE \u00c0 1788 @Castillon du Gard19nc &BCabri\u00e9resPE1 9 ca10 PRBezouce\nVestric-et | 2 \u00a9 A.-Candillaccee \u00a9St Laurent | 1 y | CALd'Aigouze28 Gl\n3 \u00c0\nQuestionnaire adress\u00e9 aux 351 communes / 147 non-r\u00e9ponses / 22 ne sais pas / 23 communes avec site(s) d'ancrage(s)\nn\nMilhaud\nFigure 1 4. Carte des  s ites  d'ancrage ident if i\u00e9s  au cours  de la r\u00e9vis ion\n(cf. annexe 1 )\nDes  Ma\u00eetris es  d'\u0152 uvre et Urbaines  et S ociales  engag\u00e9es  s ur plus ieurs  territoires\nLa MOUS de Saint-Ambroix a r\u00e9v\u00e9l\u00e9 la pr\u00e9sence de 24 m\u00e9nages et 63 personnes sur le \u00ab terrain de\ns\u00e9dentarisa\u019fon \u00bb  de  la  commune.  Ce  site  d'ancrage  informel,  sous  la  forme  d'une  organisa\u019fon\nspontan\u00e9e  sans  infrastructure,  est  occup\u00e9  de  fa\u00e7on  permanente  et de  longue  date.  Le  site  est\npoten\u019fellement qualifiable de bidonville et pourrait abou\u019fr \u00e0 la mise en place d'une op\u00e9ra\u019fon de\nr\u00e9sorp\u019fon de l'habitat insalubre (RHI). Deux possibilit\u00e9s s'offrent aux 9 sous-groupes iden\u019ffi\u00e9s par\nl'op\u00e9rateur ayant men\u00e9 la MOUS : PLAI-A et TFL. Les r\u00e9flexions engag\u00e9es doivent se poursuivre.\nSur N\u00eemes M\u00e9tropole, une MOUS habitat pr\u00e9caire a \u00e9t\u00e9 lanc\u00e9e en 2024. Les 13 communes qui se sont\nport\u00e9es  volontaires  pour  int\u00e9grer  ce\u01a9e  \u00e9tude  ont  fait  remonter  quelques  270 sites  poten\u019fels\nd'occupa\u019fon illicite. Or, le march\u00e9 est calibr\u00e9 pour mener \u00e0 bien des diagnos\u019fcs sociaux, juridiques et\ntechniques sur 40 sites. Un travail de priorisa\u019fon des sites a donc \u00e9t\u00e9 men\u00e9 avec les communes afin de\nrester dans l'\u00e9pure du march\u00e9, mais surtout de recentrer sur les situa\u019fons o\u00f9 il s'agit, a priori, de\nvoyageurs en cours de s\u00e9dentarisa\u019fon. Plusieurs sites ont \u00e9t\u00e9 rep\u00e9r\u00e9s, mais aucune informa\u019fon\npr\u00e9cise n'est disponible au moment de l'\u00e9criture du pr\u00e9sent sch\u00e9ma.\nParall\u00e8lement, dans le cadre du projet partenarial de l'Agence d'Urbanisme de la R\u00e9gion N\u00eemoise et\nAl\u00e9sienne de 2025, une mission d'iden\u019ffica\u019fon des friches urbaines a \u00e9t\u00e9 lanc\u00e9e. Dans le cadre de la\nrecherche pour de la cr\u00e9a\u019fon d'habitats, et en fonc\u019fon des futures pr\u00e9conisa\u019fons du SDAHGV un\nfocus par\u019fculier sera demand\u00e9 afin d'iden\u019ffier des friches qui pourraient correspondre \u00e0 un TFL et/ou\naire de grand passage. \nSur la CC Pays Viganais, il existe une famille install\u00e9e au Vigan depuis l'apr\u00e8s-guerre et pleinement\nint\u00e9gr\u00e9e \u00e0 la vie locale. Cependant, le site d'ancrage est situ\u00e9 en zone d'al\u00e9as tr\u00e8s forts concernant les\n\u00ab d\u00e9bordements de cours d'eau et la submersion marine \u00bb (cf PPRI). La parcelle cadastr\u00e9e 1495 est\nsitu\u00e9e en zone N du PLU de la commune. Le PPRi de 1998 rela\u019ff au cours d'eau de l'Arre inf\u00e9rieure fait\n33\nDirection D\u00e9partementale des Tetrritoires et de la Mer du Gard - 30-2026-03-27-00002 - Arr\u00eat\u00e9 pr\u00e9fectoral portant approbation du\nSch\u00e9ma D\u00e9partemental d'Accueil et d'Habitat du Gard 2026-2032 41\nd\u00e9j\u00e0 \u00e9tat du posi\u019fonnement d'une \u00ab aire d'accueil des gens du voyage \u00bb en zone inondable. Au cours\ndes derni\u00e8res d\u00e9cennies, la commune a tent\u00e9 par deux fois de trouver des solu\u019fons \u00e0 ce\u01a9e situa\u019fon,\nmais qui n'ont pu abou\u019fr (proposi\u019fon d'un nouveau terrain non adapt\u00e9 / proposi\u019fon de relogement\nen collabora\u019fon avec la sous-pr\u00e9fecture, mais qui n'a pu \u00eatre men\u00e9 \u00e0 terme au vu d'une \u00e9volu\u019fon des\nbesoins). Ce\u01a9e situa\u019fon invite \u00e0 envisager une MOUS mais la commune n'a pas saisi l'opportunit\u00e9\nd'int\u00e9grer le sch\u00e9ma.\nSur la CA du Gard Rhodanien, au regard de la pr\u00e9conisa\u019fon de r\u00e9alisa\u019fon d'op\u00e9ra\u019fons d'habitat\nadapt\u00e9 sur la commune de Bagnols-sur-C\u00e8ze, sept familles ont b\u00e9n\u00e9fici\u00e9 d'une op\u00e9ra\u019fon qui croisait\n\u00e9galement les ques\u019fons d'insalubrit\u00e9. Ces familles occupaient depuis une trentaine d'ann\u00e9es le site\nd'une ancienne sta\u019fon d'\u00e9pura\u019fon de la commune (lieu-dit Bazine). En 2015, la Ville candidate et est\nretenue  par  l'ANAH  pour  le  disposi\u019ff  de  r\u00e9sorp\u019fon  de  l'habitat  insalubre  adapt\u00e9  au  format\n\u00ab bidonville \u00bb. Ce\u01a9e d\u00e9marche s'inscrit dans un large cadre partenarial et en lien avec les orienta\u019fons\ndu PLH et du PDALHPD.\nUn disposi\u019ff de concerta\u019fon a \u00e9t\u00e9 mis en place avec les habitants dans le cadre d'une MOUS en 2017 et\nd'ateliers anim\u00e9s par le CCAS. Le chan\u019fer a d\u00e9but\u00e9 en avril 2019, il incluait une clause d'inser\u019fon qui a\npu b\u00e9n\u00e9ficier aux futurs habitants. Des \u00e9tudes et travaux compl\u00e9mentaires non pr\u00e9vus ont \u00e9t\u00e9 engag\u00e9s\nafin  de  conforter  les  sols.  Les  7 logements  ont  \u00e9t\u00e9  livr\u00e9s  en  juillet  2021  et  les  familles  ont  pu\nemm\u00e9nager.\n34\nDirection D\u00e9partementale des Tetrritoires et de la Mer du Gard - 30-2026-03-27-00002 - Arr\u00eat\u00e9 pr\u00e9fectoral portant approbation du\nSch\u00e9ma D\u00e9partemental d'Accueil et d'Habitat du Gard 2026-2032 42\nL'ac c ompagnement soc ial (dans et hors des APA)\nL'acc\u00e8s  aux  droits sociaux, aux  soins, \u00e0  la  culture et \u00e0  la citoyennet\u00e9  des  personnes issues  des\ncommunaut\u00e9s de voyageurs est un enjeu majeur pour leur inclusion sociale et le bien vivre sur le\nterritoire.  Souvent  entrav\u00e9  par  des  ph\u00e9nom\u00e8nes  de  d\u00e9fiance  et  de  m\u00e9fiance  aliment\u00e9s  par  des\nst\u00e9r\u00e9otypes et une m\u00e9connaissance r\u00e9ciproque, ce public mul\u019fplie ainsi les risques de pr\u00e9carit\u00e9. Il est\ncrucial de reconna\u00eetre ces obstacles pour d\u00e9velopper des ac\u019fons et des efforts conscients en direc\u019fon\nde  ce  public, garan\u019fssant  une  v\u00e9ritable  \u00e9quit\u00e9 d'acc\u00e8s  au  droit  commun et de lu\u01a9e contre  les\ndiscrimina\u019fons qui persistent.\nL a s colarit\u00e9\nUne communaut\u00e9 fortement pr\u00e9sente et des besoins av\u00e9r\u00e9s \n\u2022 Les effec\u019ffs d'EFIV rep\u00e9r\u00e9s marquent l'ampleur de la pr\u00e9sence de ce\u01a9e communaut\u00e9 dans le\nd\u00e9partement.  La  liste  \u00e9tablie  par  le  CASNAV  n'est  pourtant  pas  exhaus\u019fve :  certaines\ncommunes n'ont fait remonter aucune informa\u019fon dans le cadre de l'enqu\u00eate EFIV et diverses\n\u00e9coles ne consid\u00e8rent rapidement plus comme EFIV les enfants de familles ancr\u00e9es sur le\nterritoire, bien que leur rapport \u00e0 l'\u00e9cole et les besoins sp\u00e9cifiques associ\u00e9s rel\u00e8veraient\nfinalement encore du disposi\u019ff. De plus, les effec\u019ffs \u00e9taient en 2023 et d\u00e9but 2024 en baisse,\nce  qui  ne  semblait  pas  correspondre  \u00e0  la  r\u00e9alit\u00e9  des  passages  et  installa\u019fons  sur  le\nd\u00e9partement.\n\u2022 Par ailleurs, en se basant sur les donn\u00e9es d'ac\u019fvit\u00e9 des aires permanentes d'accueil, le nombre\nd'enfants scolarisables pass\u00e9s sur chacun des \u00e9quipements en 2023 est g\u00e9n\u00e9ralement 4 \u00e0 5 fois\nsup\u00e9rieur au nombre d'EFIV recens\u00e9s la m\u00eame ann\u00e9e par les \u00e9coles des secteurs concern\u00e9s. Il\nen r\u00e9sulte des besoins  de  scolarisa\u019fon bien sup\u00e9rieurs au flux d'enfants habituellement\naccueillis par les \u00e9tablissements.\n\u00c0 \u019ftre d'exemple sur des \u00e9quipements et secteurs pour lesquels les donn\u00e9es existent et peuvent \u00eatre\ncrois\u00e9es : le CASNAV a recens\u00e9 sur le Gard Rhodanien 7 EFIV en 2023, alors que 36 enfants en \u00e2ge\nscolaire (3-16 ans) ont \u00e9t\u00e9 recens\u00e9s rien que sur l'APA de Bagnols-sur-C\u00e8ze tout au long de l'ann\u00e9e. De\nm\u00eame \u00e0 Margueri\u01a9es, 37 enfants en \u00e2ge primaire pass\u00e9s sur l'ann\u00e9e contre 7 enfants scolaris\u00e9s \u00e0\nl'\u00e9cole de secteur (\u00e9coles maternelle et \u00e9l\u00e9mentaire De Marcieu).\nPar ailleurs, si, en d\u00e9but d'ann\u00e9e, la mise en place de la scolarit\u00e9 des enfants pr\u00e9sents sur les aires aux\nmois d'ao\u00fbt et septembre b\u00e9n\u00e9ficie d'une a\u01a9en\u019fon sp\u00e9cifique li\u00e9e \u00e0 ce\u01a9e p\u00e9riode de rentr\u00e9e scolaire,\nl'enjeu reste l'assiduit\u00e9 des enfants et la vigilance des professionnels pour maintenir un bon taux de\nscolarisa\u019fon tout au long de l'ann\u00e9e.\nLa pr\u00e9carit\u00e9 : un facteur aggravant\nComme en ma\u019f\u00e8re de sant\u00e9, la pr\u00e9carit\u00e9 repr\u00e9sente un facteur aggravant en ce qui concerne les\ndifficult\u00e9s  de  scolarisa\u019fon  des  enfants.  Elle  est  par\u019fculi\u00e8rement  marqu\u00e9e  dans  certaines  zones\nd'ancrage o\u00f9 les familles n'ayant plus les moyens de voyager se regroupent. Elles doivent d'abord\ns'assurer de remplir les besoins primaires de subsistance, la scolarit\u00e9 vient donc au second plan de\nleurs pr\u00e9occupa\u019fons.\nL'incapacit\u00e9 des parents \u00e0 se d\u00e9placer pour accompagner l'enfant \u00e0 l'\u00e9cole complexifie la scolarisa\u019fon\nlorsque celle-ci est \u00e9loign\u00e9e du lieu de vie ou de l'APA, et notamment pour les m\u00e8res lorsque le p\u00e8re est\npar\u019f travailler  avec le seul  v\u00e9hicule disponible.  Les  familles les  plus  pr\u00e9caires  observ\u00e9es  sur les\n\u00e9quipements peuvent avoir pour seul v\u00e9hicule et habitat des camping-cars, donc non-mobilisables\npour amener les enfants \u00e0 l'\u00e9cole, sauf \u00e0 \u00ab lever le camp \u00bb 2 fois par jour. Ainsi, lorsque l'ille\u01a9risme ou\nle rapport m\u00e9fiant des parents \u00e0 l'\u00e9cole ne cr\u00e9ent d\u00e9j\u00e0 pas des condi\u019fons favorables \u00e0 la scolarisa\u019fon\n35\nDirection D\u00e9partementale des Tetrritoires et de la Mer du Gard - 30-2026-03-27-00002 - Arr\u00eat\u00e9 pr\u00e9fectoral portant approbation du\nSch\u00e9ma D\u00e9partemental d'Accueil et d'Habitat du Gard 2026-2032 43\ndes enfants,  les  difficult\u00e9s  de mobilit\u00e9 et la  pr\u00e9carit\u00e9 \u00e9conomique sont  des facteurs  aggravants\nd'\u00e9vitement scolaire.\nPour autant, les tenta\u019fves de mise en place de ramassage scolaire ne sont que marginalement\nefficaces pour rem\u00e9dier au probl\u00e8me.\nLe retour des adolescents\u2009?\nLe CASNAV remarque que de plus en plus de grands adolescents se pr\u00e9sentent avec une demande en\nlien avec la scolarit\u00e9, apr\u00e8s des ann\u00e9es d'\u00e9vitement scolaires et sont orient\u00e9s vers les missions locales.\nEn effet, leur faible niveau scolaire pose probl\u00e8me pour des retours dans l'enseignement, y compris en\nappren\u019fssage/CFA, ce qui serait souvent leur demande. Toutefois la perspec\u019fve d'une alloca\u019fon, telle\nque la Garan\u019fe Jeunes et maintenant le CEJ, permet parfois d'inciter certains \u00e0 tenter un parcours vers\nl'inser\u019fon professionnelle.\nUn exemple \u00e9clairant (cit\u00e9 par le CASNAV) : ce\u01a9e ann\u00e9e, un adolescent de 15 ans, vivant sur le\nbidonville de la zone de la Croix d'Aspouze (Milhaud) s'est pr\u00e9sent\u00e9 \u00e0 l'Inspec\u019fon acad\u00e9mique pour\ndemander \u00e0 \u00eatre scolaris\u00e9 (suite \u00e0 menaces de la CAF sur l'arr\u00eat du versement des alloca\u019fons). Il n'avait\njamais \u00e9t\u00e9 scolaris\u00e9 et \u00e9tait inconnu de l'Inspec\u019fon acad\u00e9mique alors que sa famille est s\u00e9dentaris\u00e9e\nde longue date et qu'il a grandi l\u00e0. Il a \u00e9t\u00e9 mis en SEGPA, \u00e0 sa demande, mais avec un fort risque d'\u00e9chec\ncompte tenu de sa situa\u019fon d'ille\u01a9risme. Il rel\u00e8verait de l'alphab\u00e9\u019fsa\u019fon, disposi\u019ff qui n'existe pas\npour des enfants de 15 ans sur son territoire.\nLa persistance des difficult\u00e9s de scolarisa\u019fon est notamment li\u00e9e :\n\uf0b7 Au manque de disposi\u019ffs d\u00e9di\u00e9s (UPS) en dehors de N\u00eemes. 10 \u00e9coles fl\u00e9ch\u00e9es en lien avec les APA,\nmais un engagement a\u01a9endu des collec\u019fvit\u00e9s sur le protocole de scolarisa\u019fon,\n\u2022 Au besoin av\u00e9r\u00e9 de m\u00e9dia\u019fon sur les aires : Le CASNAV note l'importance d'un relai sur site faisant\n\u00ab la p\u00e9dagogie \u00bb de la scolarisa\u019fon, ce qui est le cas avec l'Assistante Sociale du Relais G2A, le travail\nde sensibilisa\u019fon men\u00e9 sur les aires commen\u00e7ant \u00e0 porter ses fruits. De plus la scolarit\u00e9 est souvent\nune porte d'entr\u00e9e au dialogue et \u00e0 l'accompagnement social des familles sur d'autres th\u00e9ma\u019fques\nsociales,\n\uf0b7 Au rapport des parents \u00e0 l'\u00e9cole, \u00e0 leur situa\u019fon propre face \u00e0 l'ille\u01a9risme. L\u00e0 encore, \u00ab l'aller\nvers \u00bb est indispensable pour rapprocher les familles de l'\u00e9cole lorsqu'il est \u00e9vident qu'elles ne\nferont pas ce 1er pas. Mais actuellement \u00ab plus personne ne va sur les \u00e9quipements depuis le\nCOVID \u00bb, les ins\u019ftuteurs ont perdu l'habitude de s'y rendre et les habitudes de conven\u019fons avec\ndes associa\u019fons qui faisaient autrefois du sou\u019fen scolaire, de l'alphab\u00e9\u019fsa\u019fon des adultes ou des\nateliers lecture n'existent plus non plus,\n\uf0b7 Aux \u00e2ges de la maternelle et du coll\u00e8ge, bien que de nets progr\u00e8s sur la maternelle soient observ\u00e9s.\nAu coll\u00e8ge, un ph\u00e9nom\u00e8ne de \u00ab conflit de loyaut\u00e9 \u00bb peut \u00eatre observ\u00e9 chez des adolescents qui se\nplaisent ou r\u00e9ussissent au coll\u00e8ge, mais se sentent \u019fraill\u00e9s du fait du discours communautaire\nsouvent n\u00e9ga\u019ff vis-\u00e0-vis des coll\u00e8ges et des professeurs,\n\uf0b7 Des communes qui restent r\u00e9fractaires \u00e0 l'accueil \u00ab group\u00e9 \u00bb d'enfants voyageurs et se r\u00e9servent le\ndroit de r\u00e9orienter des enfants vers d'autres \u00e9coles pour \u00e9viter des effets de surcharge de leurs\nclasses,\n\uf0b7 L'h\u00e9t\u00e9rog\u00e9n\u00e9it\u00e9 des communaut\u00e9s de voyageurs pr\u00e9sents dans le d\u00e9partement et de leur rela\u019fon \u00e0\nl'\u00e9cole. Pour certaines communaut\u00e9s, les professionnels et professeurs se disent d\u00e9munis et avec\npeu de prise pour valoriser l'importance des appren\u019fssages m\u00eame de base. Pourtant, le collec\u019ff\npeut  soutenir une  am\u00e9liora\u019fon de  la  scolarisa\u019fon lorsque,  sur un \u00e9tablissement  ou avec  un\n36\nDirection D\u00e9partementale des Tetrritoires et de la Mer du Gard - 30-2026-03-27-00002 - Arr\u00eat\u00e9 pr\u00e9fectoral portant approbation du\nSch\u00e9ma D\u00e9partemental d'Accueil et d'Habitat du Gard 2026-2032 44\nprofesseur, une rela\u019fon de confiance s'instaure avec une ou deux familles qui ensuite b\u00e9n\u00e9ficie \u00e0\nl'ensemble de la communaut\u00e9.\nLes ac\u019fons du CASNAV en lien avec les EFIV : \n\uf0b7 Un travail de suivi et contr\u00f4le des demandes d'IEF1 (CNED) qui ne repr\u00e9sentent g\u00e9n\u00e9ralement pas\nune bonne solu\u019fon en termes d'acquisi\u019fons pour les enfants du secondaire. La baisse du nombre\nd'accords s'accompagne d'exp\u00e9rimenta\u019fons r\u00e9ussies : scolarisa\u019fon d'un groupe d'adolescents au\ncoll\u00e8ge qui a trouv\u00e9 sa place malgr\u00e9 les craintes de discrimina\u019fons \u00e9nonc\u00e9es au d\u00e9part.\n\uf0b7 La r\u00e9dac\u019fon d'un protocole de scolarisa\u019fon perme\u01a9ant d'harmoniser et clarifier la proc\u00e9dure de\nscolarisa\u019fon et le  suivi  des  EFIV de passage sur les  APA  impliquant les  communes,  les EPCI,\nl'\u00c9duca\u019fon na\u019fonale et le Conseil D\u00e9partemental.\nLes ac\u019fons du Relais G2A en lien avec les EFIV : \n\uf0b7 Facilita\u019fon des d\u00e9marches d'inscrip\u019fon \u00e0 l'\u00e9cole, travail de r\u00e9assurance des familles, de facilita\u019fon\net de valorisa\u019fon de l'importance d'acqu\u00e9rir des savoirs de base plus qu'une \u00ab \u00e9duca\u019fon scolaire \u00bb,\n ce qui parle souvent davantage aux parents r\u00e9\u019fcents,\n\uf0b7 \u00c9changes et partenariat avec les \u00e9tablissements scolaires, le CASNAV et les municipalit\u00e9s.\nBonnes pra\u019fques rep\u00e9r\u00e9es :\n\uf0b7 Mobilisa\u019fon du programme Ouvrir l'\u00c9cole aux Parents pour la R\u00e9ussite des Enfants (OEPRE) \u00e0\ndes\u019fna\u019fon des publics voyageurs,\n\uf0b7 UPR\u00e9ussite (exp\u00e9rimenta\u019fon H\u00e9rault sur disposi\u019ffs d\u00e9di\u00e9s \u00e0 des enfants ille\u01a9r\u00e9s)\nDomiciliat ion \u2014 Acc\u00e8s  aux droits\nDomicilia\u019fon :\nDans les faits, l'acc\u00e8s \u00e0 une domicilia\u019fon ne semble pas r\u00e9ellement poser probl\u00e8me pour la majorit\u00e9\ndes voyageurs : le choix entre associa\u019fons habilit\u00e9es, CCAS ou membre de la famille laisse un panel\nsuffisant de solu\u019fons. Pour autant, ce\u01a9e offre ne r\u00e9sout pas la probl\u00e9ma\u019fque du non-recours.\nLe probl\u00e8me li\u00e9 \u00e0 la domicilia\u019fon \u019fent \u00e0 son caract\u00e8re \u00ab fic\u019ff \u00bb pour les voyageurs : compte-tenu de la\ncomplexit\u00e9 administra\u019fve, il est impensable pour des personnes qui changent de lieu de vie plusieurs\nfois dans l'ann\u00e9e de changer de domicilia\u019fon syst\u00e9ma\u019fquement, or, lorsqu'il y a des d\u00e9placements\ninterd\u00e9partementaux :\n\uf0b7 Le  suivi  du  courrier  n'est  pas  fait  correctement  par  les  personnes  elles-m\u00eames,  donc  des\ninforma\u019fons se perdent,\n\uf0b7 Les  administra\u019fons  et  services  dont  les  droits  sont  li\u00e9s  \u00e0  une  pr\u00e9sence  effec\u019fve  dans  le\nd\u00e9partement (France Travail par exemple) coupent les droits.\nUn exemple \u00e9clairant : une femme i\u019fn\u00e9rante, qui vit sur les aires de plusieurs d\u00e9partements du bassin\nm\u00e9diterran\u00e9en, se d\u00e9place au gr\u00e9 du travail saisonnier et rentre en hiver passer 3 \u00e0 4 mois dans l'est de\nla France chez sa s\u0153ur o\u00f9 elle est domicili\u00e9e. Elle alterne entre des p\u00e9riodes d'emploi et des p\u00e9riodes\nsans travail lors desquels elle devrait b\u00e9n\u00e9ficier d'alloca\u019fons (ch\u00f4mage ou RSA). Or, pour faire valoir\nses droits, il faut qu'elle soit inscrite et honore des rendez-vous dans l'agence France Travail de son\nd\u00e9partement de domicilia\u019fon, ce qu'elle ne peut pas faire. Elle est donc radi\u00e9e r\u00e9guli\u00e8rement et sans\ninscrip\u019fon \u00e0 France Travail, impossible de pr\u00e9tendre \u00e0 l'alloca\u019fon de retour \u00e0 l'emploi ni au RSA. Elle a\ndepuis 2 ans cess\u00e9 d'en faire les demandes et se trouve donc en situa\u019fon de renoncia\u019fon aux droits,\nqu'elle trouve pr\u00e9f\u00e9rable, car la complexit\u00e9 administra\u019fve lui \u00ab cassait la t\u00eate \u00bb.\n1 Instruc\u019fon En Famille\n37\nDirection D\u00e9partementale des Tetrritoires et de la Mer du Gard - 30-2026-03-27-00002 - Arr\u00eat\u00e9 pr\u00e9fectoral portant approbation du\nSch\u00e9ma D\u00e9partemental d'Accueil et d'Habitat du Gard 2026-2032 45\nPlusieurs travailleurs sociaux connaissent sa situa\u019fon et tentent de rouvrir occasionnellement des\ndroits pour lui perme\u01a9re d'avoir un niveau de vie qui se rapproche des minimas sociaux, ce qui n'est\npas le cas actuellement.\n\uf0b7 Photographie de la domicilia\u019fon (connue) des personnes pr\u00e9sentes sur les APA du Gard au\nmois de novembre 2024 :\nLa travailleuse sociale du Relais G2A a r\u00e9alis\u00e9, en novembre 2024, un \u00e9tat des domicilia\u019fons des\npersonnes pr\u00e9sentes sur les APA afin de mieux appr\u00e9hender ce\u01a9e ques\u019fon sur le territoire. Il en ressort\nque, pour les 4 aires couvertes par la presta\u019fon, avec 49 m\u00e9nages pr\u00e9sents sur les \u00e9quipements \u00e0\nl'instant T dont 39 m\u00e9nages pour lesquels le lieu de domicilia\u019fon est connu :\n- 8 d'entre eux sont domicili\u00e9s dans la ville qui porte l'\u00e9quipement, auxquels se rajoutent\n6 m\u00e9nages domicili\u00e9s dans une autre commune du Gard, soit 14 m\u00e9nages domicili\u00e9s dans le\nd\u00e9partement,\n- 25 m\u00e9nages sont domicili\u00e9s dans un autre d\u00e9partement.\nSur l'APA d'Al\u00e8s, l'agent d'accueil et le m\u00e9diateur pensent qu'une majorit\u00e9 des m\u00e9nages pr\u00e9sents sur\nl'aire au moment de la visite sont domicili\u00e9s \u00e0 Al\u00e8s ou dans les communes voisines, confirmant un fort\nancrage des voyageurs fr\u00e9quentant ce\u01a9e aire sur le territoire. En revanche, \u00e0 Villeneuve L\u00e8s Avignon, la\ndomicilia\u019fon des personnes de passage sur l'aire est, d'apr\u00e8s le ges\u019fonnaire et l'assistante sociale, tr\u00e8s\nrarement faite dans la commune ou le d\u00e9partement du Gard, mais davantage \u00e0 Avignon ou dans\nd'autres d\u00e9partements plus \u00e9loign\u00e9s.\nLe sch\u00e9ma d\u00e9partemental de la domicilia\u019fon est actuellement en cours de r\u00e9vision et la DDETS a\nentendu ce\u01a9e difficult\u00e9 li\u00e9e au statut par\u019fculier de ce public \u00e0 prendre en compte dans les axes\nd'am\u00e9liora\u019fon.\nDes facteurs aggravants du non-recours : l'ille\u01a9risme et l'illectronisme\nBien que tous les voyageurs ou presque disposent aujourd'hui d'un smartphone avec un minimum\nd'acc\u00e8s \u00e0 internet, son usage, pour des d\u00e9marches administra\u019fves notamment, reste souvent peu\npra\u019fque  et  restreignant,  ne  serait-ce  que  pour  imprimer  un  document,  d'autant  plus  pour  des\npersonnes en situa\u019fon d'ille\u01a9risme. La possession d'un ordinateur personnel est au contraire peu\nr\u00e9pandue.\nLa mise \u00e0 disposi\u019fon d'un poste informa\u019fque, avec un acc\u00e8s \u00e0 internet et un accompagnement\nminimal sur les proc\u00e9dures d\u00e9mat\u00e9rialis\u00e9es et l'appren\u019fssage de l'autonomie en la ma\u019f\u00e8re, n'est pour\nl'instant  que  rarement  organis\u00e9e  sur  les  \u00e9quipements  (en  cours  \u00e0  Villeneuve-L\u00e8s-Avignon).  Les\nvoyageurs, comme le reste de la popula\u019fon, peuvent s'orienter vers les disposi\u019ffs France Services, ce\nqui est le cas de quelques m\u00e9nages, mais, l\u00e0 encore, entre m\u00e9fiance, peur d'\u00eatre discrimin\u00e9 ou moqu\u00e9\net accessibilit\u00e9 r\u00e9elle des disposi\u019ffs, le recours est faible.\nLa pr\u00e9sence sur site d'un travailleur social rep\u00e9r\u00e9 et avec lequel \u00e9tablir un lien de confiance est une\nplus-value certaine dans une logique de m\u00e9dia\u019fon, d'\u00e9quit\u00e9 d'acc\u00e8s aux droits et d'apaisement de\nsitua\u019fon  de  crispa\u019fon  qui  peut  conduire  \u00e0  des  comportements  inadapt\u00e9s,  au  non-respect  du\nr\u00e8glement int\u00e9rieur et des r\u00e8gles de vie sur l'\u00e9quipement. Nous avons pu observer, lors de la prise de\nposte de la nouvelle travailleuse sociale du Relais G2A, l'instaura\u019fon de ce\u01a9e connaissance du public et\ndu rep\u00e9rage des situa\u019fons de blocage, exper\u019fse et m\u00e9dia\u019fon pr\u00e9cieuse avec ce public.\nAcc\u00e8s aux aides ponctuelles et associa\u019fons carita\u019fves : \nAvec la pr\u00e9carisa\u019fon observ\u00e9e d'un grand nombre de m\u00e9nages depuis la pand\u00e9mie de COVID, le\nrecours \u00e0 des aides financi\u00e8res cons\u019ftue un compl\u00e9ment concret important. Cependant, certaines\n38\nDirection D\u00e9partementale des Tetrritoires et de la Mer du Gard - 30-2026-03-27-00002 - Arr\u00eat\u00e9 pr\u00e9fectoral portant approbation du\nSch\u00e9ma D\u00e9partemental d'Accueil et d'Habitat du Gard 2026-2032 46\naides sont soumises au lieu de domicilia\u019fon et leur obten\u019fon d\u00e9pend donc du d\u00e9partement de\nr\u00e9sidence  officiel  du  demandeur.  De  ce  c\u00f4t\u00e9-l\u00e0,  le  CD  du  Gard  prend  en  compte  l'a\u01a9esta\u019fon\nd'installa\u019fon sur une aire d'accueil du d\u00e9partement comme document valable pour le d\u00e9blocage\nd'aides, ce qui cons\u019ftue une bonne pra\u019fque. De m\u00eame, la possibilit\u00e9 de faire \u00e9voluer les documents\nrecevables dans le r\u00e8glement du FSL afin d'inclure les factures de pr\u00e9paiement des fluides d\u00e9livr\u00e9es sur\nles \u00e9quipements par les ges\u019fonnaires pour le d\u00e9blocage d'une aide qui  n'est pour l'instant pas\naccessible \u00e0 ce public a \u00e9t\u00e9 un axe de travail soulev\u00e9 et pris en compte par le d\u00e9partement au cours du\ndiagnos\u019fc.\nCertains voyageurs sont dans des situa\u019fons de pr\u00e9carit\u00e9 qui jus\u019ffieraient \u00e9galement d'avoir recours \u00e0\nl'aide alimentaire. Quelques-uns, lorsqu'ils y sont invit\u00e9s et avec une orienta\u019fon personnalis\u00e9e, y vont,\nmais c'est rela\u019fvement rare. En effet, culturellement, cela se heurte fortement au principe de dignit\u00e9\net au sen\u019fment de fiert\u00e9 de la communaut\u00e9. Les voyageurs, comme de nombreuses autres personnes,\nn'appr\u00e9cient pas de se montrer en difficult\u00e9 ni de se sen\u019fr s\u019fgma\u019fs\u00e9s. Certains y vont discr\u00e8tement,\nd'autres refusent bien qu'ils en aient besoin. Mais ce n'est pas un besoin g\u00e9n\u00e9ralisable, l\u00e0 encore\nl'h\u00e9t\u00e9rog\u00e9n\u00e9it\u00e9 des communaut\u00e9s est forte.\n L'alimenta\u019fon saine serait un sujet important \u00e0 travailler par la m\u00e9dia\u019fon en sant\u00e9, car des probl\u00e8mes\nd'ob\u00e9sit\u00e9 et de diab\u00e8te chronique touchent davantage les voyageurs que le reste de la popula\u019fon.\nS ant\u00e9 et autonomie\nLa sant\u00e9 globale des voyageurs a fait l'objet d'une a\u01a9en\u019fon par\u019fculi\u00e8re au cours des \u00e9changes autour\ndu diagnos\u019fc avec les par\u019fes prenantes concern\u00e9es. Une note plus exhaus\u019fve est annex\u00e9e \u00e0 la suite du\npr\u00e9sent SDAHGDV. En voici les principaux \u00e9l\u00e9ments \u00e0 retenir :\n\u00c9tat de sant\u00e9 et parcours de soins aggrav\u00e9s par la pr\u00e9carit\u00e9\nL'\u00e9tat de sant\u00e9 g\u00e9n\u00e9ral des voyageurs a fait l'objet d'\u00e9tudes r\u00e9guli\u00e8res et la derni\u00e8re en date (\u00ab \u00e9tude\n\u00e9pid\u00e9miologique sur l'\u00e9tat de sant\u00e9, le recours aux soins et \u00e0 la pr\u00e9ven\u019fon des gens du voyage de\nNouvelle-Aquitaine, 2019-2022 \u00bb)2, ayant apport\u00e9 des r\u00e9sultats alarmants, r\u00e9v\u00e8le des indicateurs de\nsant\u00e9 globale de ce\u01a9e communaut\u00e9, largement plus d\u00e9favorables que ceux du reste de la popula\u019fon.\nIls sont aggrav\u00e9s par la mauvaise compr\u00e9hension des syst\u00e8mes de soins, l'ille\u01a9risme, le faible recours \u00e0\nla pr\u00e9ven\u019fon et leurs condi\u019fons de vie (environnement, mode d'habitat). Leur esp\u00e9rance de vie est\nainsi inf\u00e9rieure de pr\u00e8s de 10 ans  \u00e0 celle du reste de la  popula\u019fon.  Discut\u00e9s avec  le personnel\nges\u019fonnaire des aires et les travailleurs sociaux du Relais G2A et des services sociaux de secteurs, ces\nr\u00e9sultats se confirment de leur point de vue dans le d\u00e9partement, avec comme \u00e9l\u00e9ments notables :\n\u2022 Des pathologies surrepr\u00e9sent\u00e9es : diab\u00e8te, hypertension, h\u00e9pa\u019ftes, probl\u00e8mes dentaires et\nmaladies chroniques graves avec des diagnos\u019fcs tardifs\n\u2022 La sant\u00e9 mentale des voyageurs est \u00e9galement un sujet de plus en plus pr\u00e9occupant et rep\u00e9r\u00e9\ncomme  sensible  sur  certains  \u00e9quipements,  notamment  chez  les  femmes  (d\u00e9pressions,\nburnout\u2026)\n\u2022 Les d\u00e9pistages sont g\u00e9n\u00e9ralement tardifs et les suivis discon\u019fnus, notamment en ma\u019f\u00e8re de\nhandicap des enfants,\n\u2022 La compr\u00e9hension du syst\u00e8me et des parcours de soins peut faire d\u00e9faut, entrainant des\nerrances m\u00e9dicales, erreurs de suivi ou mise en place de traitements, renoncements et refus\nde soins,\n2 h \u01a9ps://www.santepubliquefrance.fr/regions/nouvelle-aquitaine/documents/ar\u019fcle/2024/etude-\nepidemiologique-sur-l-etat-de-sante-le-recours-aux-soins-et-a-la-preven\u019fon-des-gens-du-voyage-en-nouvelle-\naquitaine-2019-2022\n39\nDirection D\u00e9partementale des Tetrritoires et de la Mer du Gard - 30-2026-03-27-00002 - Arr\u00eat\u00e9 pr\u00e9fectoral portant approbation du\nSch\u00e9ma D\u00e9partemental d'Accueil et d'Habitat du Gard 2026-2032 47\n\u2022 Une forte corr\u00e9la\u019fon entre \u00e9tat de sant\u00e9 d\u00e9grad\u00e9 et pr\u00e9carit\u00e9 des condi\u019fons de vie. Des\nfamilles s\u00e9dentaris\u00e9es faute d'avoir encore les moyens de voyager, vivent sur des terrains sans\nacc\u00e8s \u00e0 l'eau potable (forages ill\u00e9gaux non contr\u00f4l\u00e9s), sites pollu\u00e9s et bruits incessants ou sur\ndes APA qui peuvent \u00e9galement \u00eatre install\u00e9es dans des environnements peu propices \u00e0 leur\nbonne sant\u00e9 (proximit\u00e9 de routes tr\u00e8s passantes, bruits, qualit\u00e9 de l'air et poussi\u00e8re, \u00e9loign\u00e9e\ndes services, etc.)\nUn acc\u00e8s aux soins difficile :\n\u2022 Avoir un m\u00e9decin traitant est la plupart du temps impossible et un \u00ab nomadisme m\u00e9dical \u00bb est\nconstat\u00e9 en cas de maladie chronique,\n\u2022 Difficult\u00e9s pour certains professionnels m\u00e9dicaux et param\u00e9dicaux \u00e0 aller sur site (APA ou\nzones de cabanisa\u019fon)\u2009;\n\u2022 Une popula\u019fon mal rep\u00e9r\u00e9e dans les pa\u019fent\u00e8les des structures et services sollicit\u00e9s par\nl'ARS lors du diagnos\u019fc\u2009;\n\u2022 Les pathologies li\u00e9es au vieillissement appellent une adapta\u019fon des prises en charge au mode\nd'habitat parfois difficile \u00e0 accepter par les familles.\nDes d\u00e9marches d'interm\u00e9dia\u019fons existent, mais sont jug\u00e9es insuffisantes depuis la pand\u00e9mie :\n\u2022 La PMI peut \u00eatre sollicit\u00e9e \u00e0 la demande sur toutes les APA (pour consulta\u019fon sur site ou sur\nCMS)\u2009;\n\u2022 Des services ambulatoires de m\u00e9decine sociale et pr\u00e9ven\u019fve pourraient \u00eatre mobilis\u00e9s sur les\naires, et \u00e0 ce jour, le travail partenarial est \u00e0 relancer ;\n\u2022 M\u00e9dia\u019fon en sant\u00e9 : un projet financ\u00e9 par l'ARS et le CD, confi\u00e9 \u00e0 l'associa\u019fon Riposte sur le\nGard Rhodanien, a d\u00e9but\u00e9 en 2024 et permet de faciliter et coordonner des parcours de soins\ncomplexes.\nLa place centrale de la famille et le rapport au syst\u00e8me de soin\nLa personne \u00e2g\u00e9e est g\u00e9n\u00e9ralement prise en charge par ses proches (l'ins\u019ftu\u019fon n'est pas une \nsolu\u019fon envisageable) sur le principe d'une forte solidarit\u00e9 familiale envers les a\u00een\u00e9s et de capacit\u00e9s \nd'organisa\u019fon pour cela remarquables. Mais dans les communaut\u00e9s et/ou les groupes familiaux, les \npra\u019fques \u00e9voluent, malgr\u00e9 la persistance d'une forme de m\u00e9fiance vis-\u00e0-vis du secteur m\u00e9dico-social\net du soin.\nLes d\u00e9pistages sont g\u00e9n\u00e9ralement tardifs et les suivis discon\u019fnus en ma\u019f\u00e8re de handicap des \nenfants : ils r\u00e9clament une r\u00e9gularit\u00e9 et une compr\u00e9hension du syst\u00e8me de soins qui fait souvent \nd\u00e9faut.\nAdapta\u019fon des condi\u019fons de vie aux besoins de la personne d\u00e9pendante\nComme pour les \u00ab s\u00e9dentaires \u00bb, la probl\u00e9ma\u019fque de l'adapta\u019fon et l'am\u00e9nagement de l'espace de \nvie cons\u019ftuent un enjeu. Mais les besoins de mat\u00e9riel et d'espace adapt\u00e9s ne repr\u00e9sentent pas la \nseule focale. La solidarit\u00e9 communautaire et la capacit\u00e9 \u00e0 s'organiser en famille, notamment en cas \nd'urgence, sont remarquables et demandent \u00e0 \u00eatre reconnues et prises en compte. Par ailleurs, le \nretour complexe au domicile et la mise en place d'un suivi suite \u00e0 une hospitalisa\u019fon sont des sujets \nr\u00e9currents pour les professionnels du soin qui recherchent l'alliance avec les familles dans l'int\u00e9r\u00eat \ndes personnes concern\u00e9es.\nUne difficult\u00e9 pour les soignants et services d'aide \u00e0 domicile \u00e0 se rendre au domicile a \u00e9t\u00e9 soulev\u00e9e, \nen par\u019fculier sur des sites d'ancrage. Toutefois, sur les APA, ils pourraient assez facilement s'appuyer\n40\nDirection D\u00e9partementale des Tetrritoires et de la Mer du Gard - 30-2026-03-27-00002 - Arr\u00eat\u00e9 pr\u00e9fectoral portant approbation du\nSch\u00e9ma D\u00e9partemental d'Accueil et d'Habitat du Gard 2026-2032 48\nsur la m\u00e9dia\u019fon sur site \u00e0 condi\u019fon d'en \u00eatre inform\u00e9s (exemple du m\u00e9diateur de Villeneuve-L\u00e8s-\nAvignon pr\u00e9sent lors des 1ers portages de repas \u00e0 domicile pour rassurer les 2 par\u019fes).\nIns ert ion s ociale et profes s ionnelle\nSur la ques\u019fon de l'inser\u019fon professionnelle, peu d'\u00e9l\u00e9ments ont \u00e9t\u00e9 remont\u00e9s au cours des visites et\nrencontres sur le territoire en dehors de l'atelier accompagnement social men\u00e9 avec l'ensemble des\nservices du CD.\nLa ques\u019fon de l'inser\u019fon professionnelle a rapidement \u00e9t\u00e9 coupl\u00e9e avec celle de la mobilit\u00e9, les\n2 th\u00e8mes \u00e9tant li\u00e9s, surtout concernant les femmes de la communaut\u00e9.\nAinsi quelques points ont \u00e9t\u00e9 relev\u00e9s :\n\u2022 Sur la mobilit\u00e9, il existe d'abord un d\u00e9faut d'informa\u019fon, car, lorsqu'ils ont l'informa\u019fon, ils\nsavent s'en saisir. Mais le principal frein est que ce sont le plus souvent les hommes ont le\npermis  et  la  voiture,  le  reste  de  la  famille  et  donc  les  femmes  sont  peu  mobiles\nind\u00e9pendamment de leur mari, ce qui limite leurs possibilit\u00e9s d'acc\u00e8s \u00e0 une ac\u019fvit\u00e9 puisque les\naires sont souvent isol\u00e9es et mal desservies.\n\u2022 L'acc\u00e8s au permis de conduire des femmes peut faire l'objet d'aides, mais une difficult\u00e9\npersiste  concernant  la  ma\u00eetrise  de  la  langue  fran\u00e7aise :  compr\u00e9hension et  \u00e9crit.  Il  serait\nn\u00e9cessaire de travailler sur les repr\u00e9senta\u019fons et avec des auto-\u00e9coles proposant des sessions\nsp\u00e9cifiques  aux  personnes  en  situa\u019fon  d'ille\u01a9risme  pour  contourner  les  craintes  de\ns\u019fgma\u019fsa\u019fon.\n\u2022 Sur l'inser\u019fon professionnelle : les voyageurs connaissent g\u00e9n\u00e9ralement les disposi\u019ffs et les\ndroits li\u00e9s \u00e0 France Travail et au RSA notamment, mais l'accompagnement propos\u00e9 dans le\ncadre du contrat d'engagement ne fonc\u019fonne pas bien faute d'adaptabilit\u00e9 \u00e0 l'i\u019fn\u00e9rance. Le\nRSA reste une porte d'entr\u00e9e u\u019fle vers les services sociaux.\n\u2022 Des choix d'emplois restreints. Le recours au travail ind\u00e9pendant est un r\u00e9el choix en lien avec\nle besoin d'ind\u00e9pendance, tout comme le travail saisonnier ou les CDD. Mais il est aussi induit\npar le manque de qualifica\u019fons et le niveau scolaire faible. Le sou\u019fen \u00e0 la scolarit\u00e9 est\nvraiment important, notamment \u00e0 l'adolescence.\n\u2022 La persistance de discrimina\u019fons \u00e0 l'embauche : il n'existe pas de solu\u019fon magique, mais\nl'inser\u019fon par l'ac\u019fvit\u00e9 \u00e9conomique permet aussi de cibler des publics. Pourquoi ne pas le\ntester avec  les  voyageurs comme cela  est fait  dans d'autres  d\u00e9partements  (exemple de\nl'Aude)\u2009? Certaines comp\u00e9tences ind\u00e9niables ne sont pas valoris\u00e9es comme employables (ex.\nm\u00e9canique).\n\u2022 Des disparit\u00e9s entre s\u00e9dentaires et non-s\u00e9dentaires : l'i\u019fn\u00e9rance est un facteur de rupture\nd'accompagnement.\n\u2022 \u00c9galit\u00e9 homme/femme probl\u00e9ma\u019fque dans l'acc\u00e8s \u00e0 l'emploi. \u00c0 ce jour, il reste difficile de\nvaloriser les comp\u00e9tences informelles souvent d\u00e9velopp\u00e9es par les voyageurs.\nAutres domaines de l'accompagnement social et de la citoyennet\u00e9\nDe fa\u00e7on g\u00e9n\u00e9rale, sur l'ensemble des rencontres, entre\u019fens et \u00e9changes que nous avons pu avoir sur\nl'accompagnement social global, la ques\u019fon de la culture, de l'entrisme, du poids du mod\u00e8le familial et\nde  la d\u00e9fiance  sont  syst\u00e9ma\u019fquement  rapport\u00e9s  par nos  interlocuteurs,  professionnels  du  soin,\ntravailleurs sociaux et b\u00e9n\u00e9voles :\n- Loisirs des enfants,\n- D'acc\u00e8s \u00e0 la culture,\n41\nDirection D\u00e9partementale des Tetrritoires et de la Mer du Gard - 30-2026-03-27-00002 - Arr\u00eat\u00e9 pr\u00e9fectoral portant approbation du\nSch\u00e9ma D\u00e9partemental d'Accueil et d'Habitat du Gard 2026-2032 49\n- De mode de garde des jeunes enfants,\n- D'acc\u00e8s \u00e0 la citoyennet\u00e9,\n- D'\u00e9cologie, de ges\u019fon de l'environnement et des d\u00e9chets,\n- D'aide \u00e9duca\u019fve,\n- D'\u00e9duca\u019fon sexuelle ou alimentaire\nSi les par\u019fcularit\u00e9s culturelles existent, elles n\u00e9cessitent d\u00e8s lors d'\u00eatre prise en compte dans les\npra\u019fques  d'accompagnement,  car chacun s'accorde  sur  le fait que  la  confiance  \u00ab se gagne plus\nfacilement de personne \u00e0 personne \u00bb, le rapport \u00e0 l'ins\u019ftu\u019fon \u00e9tant une des principales sources de\nm\u00e9fiance. \nAinsi \u00e0 l'issue de l'atelier au Conseil D\u00e9partemental, dont l'objec\u019ff \u00e9tait notamment de travailler sur les\ndomaines de l'accompagnement crois\u00e9s aux diff\u00e9rentes \u00e9chelles de non-recours. Ces ateliers ont\npermis \u00e0 des acteurs vari\u00e9s de se retrouver pour croiser leurs vision et constats d'un public et ses\ndifficult\u00e9s sp\u00e9cifiques. Les \u00e9changes ont pu me\u01a9re en lumi\u00e8re le niveau auquel se situe les besoins pour\nlu\u01a9er contre la pr\u00e9carisa\u019fon des m\u00e9nages, afin de r\u00e9fl\u00e9chir aux modalit\u00e9s d'ac\u019fons adapt\u00e9es. Le travail\nen r\u00e9seau et les ac\u019fons cibl\u00e9es \u00ab d'aller vers \u00bb, leviers de r\u00e9assurance d'un public souvent \u00e9loign\u00e9 des\nservices de droit commun, ont \u00e9t\u00e9 mis en avant.\nFonder le contrat social avec les communaut\u00e9s de voyageurs suppose de cr\u00e9er un lien p\u00e9renne et de\nconfiance, en par\u019fculier avec ceux qui rencontrent des difficult\u00e9s d'inser\u019fon, de sant\u00e9, d'acc\u00e8s aux\ndroits ou pr\u00e9sentent des probl\u00e9ma\u019fques de scolarisa\u019fon de leurs enfants.\nOr  la  dynamique  de  parcours  d'accompagnement,  bas\u00e9  sur  la  confiance,  la  par\u019fcipa\u019fon  et\nl'engagement des personnes se heurte souvent aux logiques de contr\u00f4le et au cadre r\u00e9glementaire des\ndisposi\u019ffs dans lesquels les voyageurs sont ench\u00e2ss\u00e9s et/ou \u00e0 la volont\u00e9 des personnes concern\u00e9es de\nmaintenir une distance \u00e0 l'\u00e9gard des ins\u019ftu\u019fons.\nLors  de  l'atelier  organis\u00e9  dans  le  cadre  de  la  d\u00e9marche  de  r\u00e9vision  sur  la  ques\u019fon  de\nl'accompagnement social des voyageurs, plusieurs points saillants ont permis de caract\u00e9riser les\nprobl\u00e9ma\u019fques iden\u019ffi\u00e9es du point de vue des travailleurs sociaux.\nEn premier lieu ressortent les difficult\u00e9s dans la rela\u019fon d'accompagnement. La d\u00e9fiance souvent\nconstat\u00e9e chez les voyageurs rel\u00e8ve d'une vision des ins\u019ftu\u019fons qui d\u00e9nient souvent leur caract\u00e8re de\nressource mobilisable en cas de difficult\u00e9s, entrainant des situa\u019fons de non-recours, une complexit\u00e9\npour les travailleurs sociaux \u00e0 \u00e9tablir une rela\u019fon de confiance et \u00e0 maintenir un lien p\u00e9renne dans le\ntemps pour avancer. Le mode de vie, le rapport au temps et \u00e0 l'\u00e9crit d'une par\u019fe des voyageurs\naccentuent d'autant plus ce\u01a9e difficult\u00e9 d'engagement des voyageurs dans la dur\u00e9e. Ce\u01a9e dimension\nest par\u019fculi\u00e8rement marqu\u00e9e en ce qui concerne les parcours d'inser\u019fon dans le cadre du RSA, m\u00eame\nsi ce dernier reste une porte d'acc\u00e8s privil\u00e9gi\u00e9e vers les services sociaux pour nombre de voyageurs. Par\nailleurs, la place des femmes interroge fortement les travailleurs sociaux quant aux moyens de leur\nperme\u01a9re d'acc\u00e9der aux m\u00eames ressources sociales que les hommes, malgr\u00e9 une probl\u00e9ma\u019fque de\nmobilit\u00e9 souvent constat\u00e9e.\nEnsuite, de nombreuses difficult\u00e9s sont observ\u00e9es, entre les a\u01a9entes respec\u019fves des voyageurs et des\nprofessionnels. Au regard de leurs r\u00e9alit\u00e9s de vie et leur mode d'habitat les voyageurs portent des\na\u01a9entes singuli\u00e8res qui ne sont pas toujours exprim\u00e9es ou prises en compte (crainte du regard\nethnocentriste, absence de prise en compte de la dimension familiale et de l'i\u019fn\u00e9rance li\u00e9 \u00e0 un ancrage\nlocal). Ainsi, la ques\u019fon de la reconnaissance et la valorisa\u019fon des comp\u00e9tences informelles cons\u019ftue\nun enjeu auquel les disposi\u019ffs ne r\u00e9pondent qu'avec difficult\u00e9. Le ph\u00e9nom\u00e8ne de discrimina\u019fon est par\nailleurs largement observ\u00e9 par les travailleurs sociaux s'agissant de l'acc\u00e8s \u00e0 l'emploi. La construc\u019fon\ndu besoin et du choix professionnel reste complexe. Il repr\u00e9sente une construc\u019fon dans un dialogue\nentre les cultures plus ou moins partag\u00e9es entre les groupes de voyageurs et leur environnement\nsocial, ins\u019ftu\u019fonnel et professionnel. \n42\nDirection D\u00e9partementale des Tetrritoires et de la Mer du Gard - 30-2026-03-27-00002 - Arr\u00eat\u00e9 pr\u00e9fectoral portant approbation du\nSch\u00e9ma D\u00e9partemental d'Accueil et d'Habitat du Gard 2026-2032 50\nEnfin, la n\u00e9cessit\u00e9 d'inscrire la rela\u019fon d'accompagnement dans une forme de contractualisa\u019fon,\nn'entre pas toujours en r\u00e9sonnance avec le fonc\u019fonnement des voyageurs qui op\u00e8rent davantage avec\nla personne de l'intervenant social qu'avec la structure repr\u00e9sent\u00e9e par celle-ci. Mais la mobilit\u00e9\ncons\u019ftue une difficult\u00e9 suppl\u00e9mentaire que ce soit du point de vue rela\u019fonnel ou de celui de la\ncon\u019fnuit\u00e9 du recours aux droits et alloca\u019fons (PCH ou autre). De nombreuses barri\u00e8res limitent la\nsollicita\u019fon des services et disposi\u019ffs, que ce soit celle de la langue, de la ma\u00eetrise de l'\u00e9crit, etc.\n  \n43\nDirection D\u00e9partementale des Tetrritoires et de la Mer du Gard - 30-2026-03-27-00002 - Arr\u00eat\u00e9 pr\u00e9fectoral portant approbation du\nSch\u00e9ma D\u00e9partemental d'Accueil et d'Habitat du Gard 2026-2032 51\nDiagnostic  territorial et perspec tives\nCommunaut\u00e9 d'Agglom\u00e9ration du Grand Avignon\nPrescrip\u019fons selon l'arr\u00eat\u00e9 30-2019-0719-004 du \n19 juillet 2019 R\u00e9alisa\u019fons\n\uf0b7 La r\u00e9habilita\u019fon compl\u00e8te de l'aire d'accueil\u2009;oNon r\u00e9alis\u00e9e\n\uf0b7 La cr\u00e9a\u019fon d'emplacement PMR (int\u00e9gra\u019fon des\nobliga\u019fons de la commune de Roquemaure)\u2009;oEn cours de r\u00e9alisa\u019fon (en 2025)\nPr\u00e9conisa\u019fons  selon l'arr\u00eat\u00e9 30-2019-0719-004 du\n19 juillet 2019 R\u00e9alisa\u019fons\n\uf0b7 Habitat adapt\u00e9 et/ou de terrains familiaux, sur les\ncommunes de Pujaut et Les Angles oNon r\u00e9alis\u00e9 (TFL envisag\u00e9 sur par\u019fe Vauclusienne)\nGes\u019fon et fonc\u019fonnement des \u00e9quipements\n\uf0b7 Selon les donn\u00e9es disponibles, 81 % des m\u00e9nages ayant s\u00e9journ\u00e9 sur l'APA de Villeneuve L\u00e8s Avignon n'y sont\npas revenus et aucun n'y a effectu\u00e9 plus de deux s\u00e9jours. N\u00e9anmoins, l'EPCI indique avoir iden\u019ffi\u00e9 des familles\nrevenant tr\u00e8s r\u00e9guli\u00e8rement sur l'aire, ce que les sta\u019fs\u019fques d'occupa\u019fon fournies par le ges\u019fonnaire ne\npeuvent traduire sur la p\u00e9riode d'\u00e9tude.\n\u00c9l\u00e9ments cl\u00e9s du diagnos\u019fc territorialis\u00e9 Prescrip\u019fons du\nsch\u00e9ma d\u00e9partementalPr\u00e9conisa\u019fons\n\uf0b7 L'APA, de construc\u019fon ancienne, pr\u00e9sente des \nprobl\u00e8mes d'usage et de confort minimal, pour se\nrapprocher des a\u01a9entes actualis\u00e9es par le d\u00e9cret \ndu 19 juillet 2019 (douches collec\u019fves ferm\u00e9es le \nsoir et le week-end, espaces cuisines non-abri-\nt\u00e9s...).\noR\u00e9nova\u019fon de l'aire perma-\nnent de 42 places de Ville-\nneuve-L\u00e8s-Avignon.\n44\nDirection D\u00e9partementale des Tetrritoires et de la Mer du Gard - 30-2026-03-27-00002 - Arr\u00eat\u00e9 pr\u00e9fectoral portant approbation du\nSch\u00e9ma D\u00e9partemental d'Accueil et d'Habitat du Gard 2026-2032 52\n\uf0b7 Les communes de Roquemaure et des Angles ren-\ncontrent r\u00e9guli\u00e8rement de grands groupes de \npassage de 100 \u00e0 150 caravanes. Des probl\u00e8mes \nde compa\u019fbilit\u00e9 avec les groupes pr\u00e9sents sur \nl'aire de grand passage de Bompas (seul \u00e9quipe-\nment de ce type sur l'EPCI, hors d\u00e9partement du \nGard) peuvent survenir.\nLe sta\u019fonnement des pe\u019fts groupes de passage \n(moins de 50 caravanes) est moins fr\u00e9quent. Le \nterritoire n'a rencontr\u00e9 aucun ph\u00e9nom\u00e8ne d'ins-\ntalla\u019fon de groupe au-del\u00e0 de 3 mois.\n\uf0b7 4 sites d'ancrage sur terrains priv\u00e9s sont iden\u019ffi\u00e9s\nsur la commune de Roquemaure. 3 d'entre eux \nsont occup\u00e9s depuis plus de 5 ans. L'ensemble de \nces sites sont occup\u00e9s par des familles propri\u00e9-\ntaires. Deux sites pr\u00e9sentent une combinaison de \nconstruc\u019fons en dur et des caravanes et deux \nautres une cabanisa\u019fon avec caravanes.\n\uf0e0Mobilisa\u019fon d'une \nma\u00eetrise d'\u0153uvre ur-\nbaine et sociale \n(MOUS) \u00e0 des\u019fna-\n\u019fon des voyageurs \npr\u00e9sents sur les sites\nd'ancrage du terri-\ntoire.\n45\nDirection D\u00e9partementale des Tetrritoires et de la Mer du Gard - 30-2026-03-27-00002 - Arr\u00eat\u00e9 pr\u00e9fectoral portant approbation du\nSch\u00e9ma D\u00e9partemental d'Accueil et d'Habitat du Gard 2026-2032 53\nCommunaut\u00e9 d'Agglom\u00e9ration de N\u00eemes M\u00e9tropole\nPrescrip\u019fons selon l'arr\u00eat\u00e9 30-2019-0719-004 du \n19 juillet 2019 R\u00e9alisa\u019fons\n\uf0b7 N\u00eemes : r\u00e9nova\u019fon de l'aire existante de 80 placesoR\u00e9nova\u019fon r\u00e9alis\u00e9e en 2021\n\uf0b7 Saint-Gilles : r\u00e9alisa\u019fon d'une APA de 16 placesoNon r\u00e9alis\u00e9e\n\uf0b7 Bouillargues-Manduel :  r\u00e9alisa\u019fon  d'une  aire\nmixte d'accueil et s\u00e9dentaire de 30 placesoNon r\u00e9alis\u00e9e\n\uf0b7 Margueri\u01a9es : r\u00e9alisa\u019fon d'une APA de 22 places.oCr\u00e9\u00e9e en 2016, travaux de r\u00e9habilita\u019fon en 2021\n\uf0b7 Milhaud :  op\u00e9ra\u019fon  d'habitat  adapt\u00e9  pour\n50 m\u00e9nages oNon r\u00e9alis\u00e9e\nPr\u00e9conisa\u019fons  selon l'arr\u00eat\u00e9 30-2019-0719-004 du\n19 juillet 2019 R\u00e9alisa\u019fons\n\uf0b7 Habitat adapt\u00e9 et/ou de terrains familiaux, sur les\ncommunes de Margueri\u01a9es et Redessan. oNon r\u00e9alis\u00e9\nGes\u019fon et fonc\u019fonnement des \u00e9quipements\n\uf0b7 L'APA de N\u00eemes Saint-C\u00e9saire pr\u00e9sente des taux d'occupa\u019fon rela\u019fvement faibles : le taux moyen est de\n24,6 % sur la p\u00e9riode de Janv. 2023 \u00e0 Sept. 2024 avec des varia\u019fons selon les p\u00e9riodes entre 5 % (en mai 2023\net mars 2024) et 40 % (de sept. 2023 \u00e0 janv. 2024).\n\uf0b7 Le taux d'occupa\u019fon moyen de l'APA de Margueri\u01a9es se situe quant \u00e0 lui \u00e0 41,3 % avec des p\u00e9riodes plus\nremplies (taux d'occupa\u019fon d'environ 60 % de mars \u00e0 mai 2023 et de mars \u00e0 juin 2024). Ce\u01a9e APA se\ncaract\u00e9rise par un taux d'occupa\u019fon minimal aux alentours de 20 % en juil. et oct. 2023. \n\uf0b7 Sur les deux APA en service sur N\u00eemes M\u00e9tropole, 89 % des s\u00e9jours ont une dur\u00e9e inf\u00e9rieure \u00e0 3 mois. Sur l'APA\nde Margueri\u01a9es quasiment 2/3 des s\u00e9jours ont m\u00eame une dur\u00e9e inf\u00e9rieure \u00e0 un mois. Sur l'APA de N\u00eemes\nSaint-C\u00e9saire, c'est un peu plus d'un s\u00e9jour sur deux qui dure moins d'un mois. Sur la p\u00e9riode de Janv. 2023 \u00e0\nSept. 2024, 57 % des m\u00e9nages ayant s\u00e9journ\u00e9 une fois sur l'APA de Margueri\u01a9es n'y sont pas revenus. 43 %\n(soit 35 m\u00e9nages) y sont revenus plus de deux fois. La propor\u019fon de m\u00e9nages avec un seul s\u00e9jour est un peu\nplus faible sur l'APA N\u00eemes Saint-C\u00e9saire (46 %). 54 % (soit 61 m\u00e9nages) y sont revenus plus de deux fois.\n46\nDirection D\u00e9partementale des Tetrritoires et de la Mer du Gard - 30-2026-03-27-00002 - Arr\u00eat\u00e9 pr\u00e9fectoral portant approbation du\nSch\u00e9ma D\u00e9partemental d'Accueil et d'Habitat du Gard 2026-2032 54\n\u00c9l\u00e9ments cl\u00e9s du diagnos\u019fc territorialis\u00e9 Prescrip\u019fons du\nsch\u00e9ma d\u00e9partementalPr\u00e9conisa\u019fons\n\uf0b7 Les  sta\u019fonnements  de  l'EPCI  sont  fortement\nconcentr\u00e9s  sur  les  communes  de  N\u00eemes  et\nManduel  (soit  respec\u019fvement  28 %  et  27 %  de\nl'ensemble des sta\u019fonnements rencontr\u00e9s sur les\ncollec\u019fvit\u00e9s entre 2021 et 2024). \u00c0 l'excep\u019fon de\n2023, l'EPCI rencontre chaque ann\u00e9e entre 2 et 3 g\nrands groupes de passage, essen\u019fellement sur ces\ndeux communes. Les sta\u019fonnements majoritaires\nsont le fait de pe\u019fts groupes de 5 \u00e0 20 caravanes\ns\u00e9journant  moins  d'un  mois.  Bouillargues,\nCaissargues  et  Milhaud  connaissent  des\nsta\u019fonnements  r\u00e9guliers  de  pe\u019fts  groupes  de\npassage. Les 10 autres communes de l'EPCI ayant\nconnu  des  sta\u019fonnements  au  cours  des\n4 derni\u00e8res  ann\u00e9es  n'ont  \u00e9t\u00e9  impact\u00e9es  que\nponctuellement.\n\uf0b7 Deux  situa\u019fons  d'installa\u019fon  (sta\u019fonnement\nsup\u00e9rieur \u00e0 3 mois) ont \u00e9t\u00e9 iden\u019ffi\u00e9es au cours des\nderni\u00e8res ann\u00e9es : sur Caissargues, un groupe de\n15 caravanes a s\u00e9journ\u00e9 8 mois entre le 2020 et\n2021  sur  un  parking  priv\u00e9  de  la commune.  Un\nautre  groupe  de  6 caravanes  a  s\u00e9journ\u00e9  sur  la\ncommune de N\u00eemes durant plus d'une ann\u00e9e entre\n2021 et 2022, \u00e9galement sur un parking priv\u00e9. La\ncommune de Cabri\u00e8res signale la pr\u00e9sence d'un\ngroupe de passage en 2024, \u00e0 la recherche d'un\nancrage sur le territoire.\n\uf0b7 Via  le  ques\u019fonnaire  aux  communes,  13 sites\npriv\u00e9s d'ancrage ont \u00e9t\u00e9 signal\u00e9s. Ils sont r\u00e9par\u019fs\nsur  les  communes  de  Rodilhan  (2  sites  de\ncabanisa\u019fon  et  caravanes,  4 m\u00e9nages  depuis\nmoins  de  5 ans,  d\u00e9marches  administra\u019fves\nengag\u00e9es),  Bezouce  (2  sites  priv\u00e9s  d'ancrage,\n11 m\u00e9nages  depuis  plus  de  5 ans,  d\u00e9marches\njudiciaires  engag\u00e9es),  Milhaud  (5  sites  priv\u00e9s,\n72 m\u00e9nages depuis plus de 5 ans), Cabri\u00e8res (1 site\npriv\u00e9, 10 m\u00e9nages depuis moins de 2 ans), Bernis\n(2 sites priv\u00e9s, 7 m\u00e9nages depuis plus de 5 ans),\nSaint-Gervasy (1 site, 5 m\u00e9nages depuis plus de 5 a\nns).\noMain\u019fen d'une aire perma-\nnente d'accueil de 80 \nplaces sur N\u00eemes ;\noMain\u019fen d'une aire perma-\nnente d'accueil de 22 \nplaces sur Margueri\u01a9es ;\no Cr\u00e9a\u019fon d'une aire de \ngrand passage de 200 \nplaces pour le compte des \ntrois communes suivantes : \nSaint-Gilles, Garons, \nBouillargues ;\noCr\u00e9a\u019fon de 5 terrains fami-\nliaux loca\u019ffs pour r\u00e9pondre\n\u00e0 l'obliga\u019fon de la com-\nmune de Manduel ;\noCr\u00e9a\u019fon de 10 terrains fa-\nmiliaux pour r\u00e9pondre \u00e0 \nl'obliga\u019fon de la commune \nde Milhaud ;\n\uf0e0Ajustement des be-\nsoins en TFL sur le \nterritoire de l'EPCI \nvia une MOUS sp\u00e9ci-\nfique GDV \u00e0 l'en-\nsemble des com-\nmunes n'ayant pas \npar\u019fcip\u00e9 volontaire-\nment \u00e0 la MOUS g\u00e9-\nn\u00e9raliste.\n47\nDirection D\u00e9partementale des Tetrritoires et de la Mer du Gard - 30-2026-03-27-00002 - Arr\u00eat\u00e9 pr\u00e9fectoral portant approbation du\nSch\u00e9ma D\u00e9partemental d'Accueil et d'Habitat du Gard 2026-2032 55\nCommunaut\u00e9 d'Agglom\u00e9ration Al\u00e8s Agglom\u00e9ration\nPrescrip\u019fons selon l'arr\u00eat\u00e9 30-2019-0719-004 du \n19 juillet 2019 R\u00e9alisa\u019fons\n\uf0b7 R\u00e9alisa\u019fon  d'une  aire  mixte  d'accueil  et\ns\u00e9dentaires de 26 places, apr\u00e8s fermeture de l'aire\nactuelle \u00e0 Al\u00e8s\noNon r\u00e9alis\u00e9e\n\uf0b7 R\u00e9alisa\u019fon d'une APA 26 places \u00e0 Saint-Privat-Les-\nVieux oNon r\u00e9alis\u00e9e\n\uf0b7 R\u00e9alisa\u019fon d'une aire mixte d'accueil et moyens\npassages 20 + 60 places \u00e0 Saint-Christol-les-Al\u00e8soNon r\u00e9alis\u00e9e\n\uf0b7 Cr\u00e9a\u019fon de 12 places de terrains familiaux \u00e0 La\nGrand'Combe oR\u00e9alis\u00e9es avant sch\u00e9ma actuel\nPr\u00e9conisa\u019fons  selon l'arr\u00eat\u00e9 30-2019-0719-004 du\n19 juillet 2019 R\u00e9alisa\u019fons\n\uf0b7 Habitat  adapt\u00e9  et/ou  terrains  familiaux  sur  les\ncommunes  de  Bagard,  Anduze,  Saint  Hilaire\nde Bretmas et Saint-Christol-Les-Al\u00e8s.\noNon r\u00e9alis\u00e9\nGes\u019fon et fonc\u019fonnement des \u00e9quipements\n\uf0b7 Sur la p\u00e9riode de Jan. 2023 \u00e0 Dec. 2024, le taux d'occupa\u019fon moyen de l'APA d'Al\u00e8s est de 31 %. Pour l'APA\nd'Al\u00e8s en 2024, sur les 112 personnes ayant qui\u01a9\u00e9 l'aire dans l'ann\u00e9e, 56 (soit 50 %) sont rest\u00e9es moins de\n3 mois. La \u00ab sous-occupa\u019fon \u00bb rela\u019fve de l'APA s'explique par une jauge ini\u019fale officielle (26 places) qui ne\ncorrespond plus \u00e0 la pra\u019fque (15 places) et \u00e0 la surface de l'\u00e9quipement.\n\u00c9l\u00e9ments cl\u00e9s du diagnos\u019fc territorialis\u00e9 Prescrip\u019fons du\nsch\u00e9ma d\u00e9partementalPr\u00e9conisa\u019fons\n\uf0b7 Le ph\u00e9nom\u00e8ne des sta\u019fonnements en dehors des\n\u00e9quipements  est  difficile  \u00e0  appr\u00e9cier  sur  Al\u00e8s\nAgglom\u00e9ra\u019fon. Selon l'enqu\u00eate men\u00e9e aupr\u00e8s des\ncommunes,  les  communes  d'Al\u00e8s  et  de  Saint-\nChristol-lez-Al\u00e8s  sont  de  loin  les  plus  touch\u00e9es\n(soit,  respec\u019fvement,  9  et  10 sta\u019fonnements\nentre  2021  et  2024),  les  communes  de  Saint-\nMaurice-de-Cazevieille, de Massillargues-A\u01a9uech\net  de  M\u00e9jannes-l\u00e8s-Al\u00e8s  rencontrent  plus  d'un\nsta\u019fonnement  par  an.  D'autres  communes  de\noAjustement du nombre de \nplaces de l'aire permanente\nd'accueil d'Al\u00e8s \u00e0 15 places \nau regard de la pra\u019fque. \nD\u00e9localisa\u019fon de l'APA ou \nr\u00e9nova\u019fon du site si l'ab-\nsence risque sanitaire est \nd\u00e9montr\u00e9e.\n\uf0e0\u00c9changes avec le \nConseil d\u00e9partemen-\ntal pour l'harmonisa-\n\u019fon des modalit\u00e9s \nd'accompagnement \nsocial.\n\uf0e0Mobilisa\u019fon d'une \nma\u00eetrise d'\u0153uvre ur-\nbaine et sociale \n(MOUS) \u00e0 des\u019fna-\n48\nDirection D\u00e9partementale des Tetrritoires et de la Mer du Gard - 30-2026-03-27-00002 - Arr\u00eat\u00e9 pr\u00e9fectoral portant approbation du\nSch\u00e9ma D\u00e9partemental d'Accueil et d'Habitat du Gard 2026-2032 56\nl'EPCI font \u00e9galement face \u00e0 ce ph\u00e9nom\u00e8ne, mais\ndans une moindre mesure. Il s'agit notamment de\nL\u00e9zan et Anduze.\n\uf0b7 Saint-Christol-lez-Al\u00e8s  a  \u00e9t\u00e9  concern\u00e9  par\nl'installa\u019fon (sta\u019fonnement sup\u00e9rieur \u00e0 3 mois)\nd'un  groupe  de  15 caravanes  sur  une  premi\u00e8re\np\u00e9riode de pr\u00e8s de 9 mois entre le 31/08/2021 et\nle 11/07/2022 puis une p\u00e9riode de pr\u00e8s de 4 mois\nentre le 01/01/2023 et le 25/04/2023.\n\uf0b7 Outre  le  terrain  priv\u00e9  de  Massillargues-A\u01a9uech\nu\u019flis\u00e9 comme terrain d'accueil alterna\u019ff pour des\ngroupes  ayant  g\u00e9n\u00e9ralement  effectu\u00e9  une\ndemande  pr\u00e9alable,  plusieurs  communes  ont\nengag\u00e9 une n\u00e9gocia\u019fon avec les groupes au cours\nde  pr\u00e9c\u00e9dentes  ann\u00e9es,  abou\u019fssant  dans  la\nplupart des cas sur un accord ou, a minima, sur une\ntol\u00e9rance  du  sta\u019fonnement  selon  une  dur\u00e9e\nconvenue.  Tel  est  notamment  le  cas  des\ncommunes d'Anduze ou de M\u00e9jannes-l\u00e8s-Al\u00e8s.\n\uf0b7 Deux  communes  pr\u00e9cisent  plus  sp\u00e9cifiquement\npra\u019fquer  la  halte  tol\u00e9r\u00e9e :  des  groupes\npr\u00e9viennent ainsi la commune de Tornac en amont\nde leur venue. Sur Al\u00e8s, les groupes pr\u00e9viennent le\nm\u00e9diateur local et les responsables des groupes\nhabituels  connaissent  les  pra\u019fques  de  la\ncollec\u019fvit\u00e9 ;\n\uf0b7 Via  le  ques\u019fonnaire  aux  communes  et  les\n\u00e9changes avec la collec\u019fvit\u00e9, 7 sites d'ancrage ont\n\u00e9t\u00e9 signal\u00e9s. Ils sont r\u00e9par\u019fs sur les communes  de\nRousson (1 site priv\u00e9, 1 m\u00e9nage depuis plus de\n5 ans avec cabanisa\u019fon et caravanes), Les Salles-\ndu-Gardon (1 site priv\u00e9, 7 m\u00e9nages depuis plus de\n5 ans  avec  construc\u019fon  en  dur  et  caravanes),\nBrignon  (1  site  priv\u00e9  avec  cabanisa\u019fon  et\ncaravanes), Saint-Christol-lez-Al\u00e8s (1 site priv\u00e9 et\n1 site public, 6 m\u00e9nages sur chaque  site depuis\nplus de 5 ans), Anduze (1 site public, 1 m\u00e9nage\ndepuis plus de 5 ans avec caravanes uniquement),\nSaint-Hilaire-de-Brethmas (1 site).\noCr\u00e9a\u019fon d'une aire de \ngrand passage de 150 \nplaces pour r\u00e9pondre \u00e0 \nl'obliga\u019fon de la commune \nde Saint-Privat-des-Vieux ;\noMain\u019fen des 6 terrains fa-\nmiliaux loca\u019ffs sur la com-\nmune de La Grand'Combe.\noCr\u00e9a\u019fon de 10 terrains fa-\nmiliaux loca\u019ffs pour r\u00e9-\npondre \u00e0 l'obliga\u019fon de la \ncommune de Saint-Christol-\nlez-Al\u00e8s ;\n\u019fon des voyageurs \npr\u00e9sents sur les sites\nd'ancrage du terri-\ntoire.\n49\nDirection D\u00e9partementale des Tetrritoires et de la Mer du Gard - 30-2026-03-27-00002 - Arr\u00eat\u00e9 pr\u00e9fectoral portant approbation du\nSch\u00e9ma D\u00e9partemental d'Accueil et d'Habitat du Gard 2026-2032 57\nCommunaut\u00e9 d'Agglom\u00e9ration du Gard Rhodanien\nPrescrip\u019fons selon l'arr\u00eat\u00e9 30-2019-0719-004 du \n19 juillet 2019 R\u00e9alisa\u019fons\n\uf0b7 AGP de 120 places \u00e0 Pont-Saint-Esprit oNon r\u00e9alis\u00e9e\n\uf0b7 APA 25 places \u00e0 Bagnols-sur-C\u00e8ze oR\u00e9alis\u00e9e (avant sch\u00e9ma actuel)\n\uf0b7 APA 20 places \u00e0 Laudun L'Ardoise oR\u00e9alis\u00e9e (avant sch\u00e9ma actuel)\nPr\u00e9conisa\u019fons  selon l'arr\u00eat\u00e9 30-2019-0719-004 du\n19 juillet 2019 R\u00e9alisa\u019fons\n\uf0b7 Habitat adapt\u00e9 et/ou de terrains familiaux, sur les\ncommunes  de  Pont-Saint-Esprit  et  Bagnols-sur-\nC\u00e8ze.\no7 logements d'HA/RHI livr\u00e9s en juillet 2021 \u00e0 Bagnols-\nsur-C\u00e8ze, lieu-dit Bazine\nGes\u019fon et fonc\u019fonnement des \u00e9quipements\n\uf0b7 Sur la p\u00e9riode de Jan. 2023 \u00e0 Sept. 2024, le taux d'occupa\u019fon moyen de l'APA de Bagnols-sur-C\u00e8ze est de\n63,5 %.  Ce\u01a9e  APA  se  caract\u00e9rise  par  une occupa\u019fon  quasi compl\u00e8te  en  janvier  et octobre 2023,  mais\n\u00e9galement des p\u00e9riodes de sous-occupa\u019fon en juillet 2023 et mai 2024. Sur ce\u01a9e APA, 66 % des s\u00e9jours ont\nune dur\u00e9e inf\u00e9rieure \u00e0 3 mois, ce\u01a9e propor\u019fon avoisine les 53 % sur l'APA de Laudun l'Ardoise. La dur\u00e9e de\ns\u00e9jour \u00ab de base \u00bb des r\u00e8glements int\u00e9rieurs de trois mois est donc majoritaire sur les 2 APA.\n\uf0b7 Le taux d'occupa\u019fon moyen de l'APA de Laudun l'Ardoise se situe \u00e0 67,3 %. Ce\u01a9e APA se caract\u00e9rise par une\nforte occupa\u019fon constante de juin 2023 \u00e0 f\u00e9vrier 2024. La propor\u019fon de m\u00e9nages avec un seul s\u00e9jour est un\npeu plus faible sur ce\u01a9e APA (58 %). 35 % (soit 14 m\u00e9nages) y sont revenus deux fois.\n\u00c9l\u00e9ments cl\u00e9s du diagnos\u019fc territorialis\u00e9 Prescrip\u019fons du\nsch\u00e9ma d\u00e9partementalPr\u00e9conisa\u019fons\n\uf0b7 Si  l'EPCI  est  tr\u00e8s  peu  concern\u00e9  par  les  grands\ngroupes  de  passage,  il  est  en  revanche\nrela\u019fvement  impact\u00e9  par  le  sta\u019fonnement  des\npe\u019fts  groupes  de  passage.  La  commune  de\nChusclan est la plus directement concern\u00e9e avec\nplus d'un sta\u019fonnement par an. Tresques, Pont-\nSaint-Esprit et Laudun-l'Ardoise connaissent une\nr\u00e9currence  rela\u019fve  d'une  ann\u00e9e  \u00e0  l'autre.  Les\ncommunes  de  Saint-Laurent-des-Arbres  et  de\nConnaux  n'ont  connu  quant  \u00e0  elles  qu'un  seul\nsta\u019fonnement au cours des 4 derni\u00e8res ann\u00e9es.\n\uf0b7 Via  le  ques\u019fonnaire  aux  communes,  7 sites\nd'ancrage ont \u00e9t\u00e9 signal\u00e9s. Ils sont r\u00e9par\u019fs sur les\noMain\u019fen d'une aire perma-\nnente d'accueil de 20 \nplaces sur la commune de \nLaudun l'Ardoise ;\noMain\u019fen d'une aire perma-\nnente d'accueil de 25 \nplaces sur la commune de \nBagnols sur C\u00e8ze ;\noCr\u00e9a\u019fon de 10 terrains fa-\nmiliaux loca\u019ffs pour r\u00e9-\npondre \u00e0 l'obliga\u019fon de la \ncommune de Pont-Saint-Es-\n\uf0e0Mobilisa\u019fon d'une \nma\u00eetrise d'\u0153uvre ur-\nbaine et sociale \n(MOUS) \u00e0 des\u019fna-\n\u019fon des voyageurs \npr\u00e9sents sur les sites\nd'ancrage du terri-\ntoire.\n50\nDirection D\u00e9partementale des Tetrritoires et de la Mer du Gard - 30-2026-03-27-00002 - Arr\u00eat\u00e9 pr\u00e9fectoral portant approbation du\nSch\u00e9ma D\u00e9partemental d'Accueil et d'Habitat du Gard 2026-2032 58\ndeux communes  de  Saint-Geni\u00e8s-de-Comolas  (6\nsites priv\u00e9s, 21 m\u00e9nages depuis plus de 5 ans avec\nconstruc\u019fon en dur et caravanes pour 3 sites et\ncaravanes  uniquement  pour  1 site),  Laudun-\nl'Ardoise (1 site public, 9 m\u00e9nages depuis plus de\n5 ans avec caravanes uniquement).\nprit.\n51\nDirection D\u00e9partementale des Tetrritoires et de la Mer du Gard - 30-2026-03-27-00002 - Arr\u00eat\u00e9 pr\u00e9fectoral portant approbation du\nSch\u00e9ma D\u00e9partemental d'Accueil et d'Habitat du Gard 2026-2032 59\nCommunaut\u00e9 de Communes Beauc aire Terre D'Argenc e\nPrescrip\u019fons selon l'arr\u00eat\u00e9 30-2019-0719-004 du \n19 juillet 2019 R\u00e9alisa\u019fons\n\uf0b7 AGP de 150 places \u00e0 Bellegarde oNon r\u00e9alis\u00e9e\n\uf0b7 APA de 20 places \u00e0 Beaucaire oNon r\u00e9alis\u00e9e\nPr\u00e9conisa\u019fons  selon l'arr\u00eat\u00e9 30-2019-0719-004 du\n19 juillet 2019 R\u00e9alisa\u019fons\n\uf0b7 Pr\u00e9conisa\u019fons d'habitat adapt\u00e9 et/ou de terrains\nfamiliaux sur la commune de BellegardeoNon r\u00e9alis\u00e9e\n\u00c9l\u00e9ments cl\u00e9s du diagnos\u019fc territorialis\u00e9 Prescrip\u019fons du\nsch\u00e9ma d\u00e9partementalPr\u00e9conisa\u019fons\n\uf0b7 Deux  communes  de  l'EPCI  sont  principalement\nconcern\u00e9es par les sta\u019fonnements : Bellegarde et\nJonqui\u00e8res-Saint-Vincent, essen\u019fellement par de\npe\u019fts groupes de passage, de 2 \u00e0 30 caravanes.\nL'EPCI  n'a  connu  qu'un  seul  grand  groupe  de\ncaravanes en 2021 sur la commune de Fourques.\nLa  commune  de  Bellegarde  a  rencontr\u00e9  un\nph\u00e9nom\u00e8ne  d'installa\u019fon  \u00e0  par\u019fr  2022 :  un\ngroupe de 15 caravanes a s\u00e9journ\u00e9 5 mois entre\n2022 et 2023.\n\uf0b7 Une \u00e9tude de 2021 a iden\u019ffi\u00e9 5 sites d'ancrage\nr\u00e9par\u019fs  sur  les  communes  de  Beaucaire  et\nBellegarde. Elle a par ailleurs \u00e9galement rep\u00e9r\u00e9 25\nm\u00e9nages  s\u00e9dentaris\u00e9s,  r\u00e9sidents  dans  le centre\nancien de Bellegarde et les logements loca\u019ffs du\nparc  social.  Toutefois,  les  sites  concernant\neffec\u019fvement  des  groupes  de  voyageurs  ayant\nconserv\u00e9 la caravane comme mode d'habiter sont\nplus  restreint. Au moment de la r\u00e9vision,  seuls\nsubsistent  2 sites  et  4 m\u00e9nages :  1  m\u00e9nage\nChemin de Caron et 2 m\u00e9nages et 1 associa\u019fon\n(\u00ab Vie et Lumi\u00e8re \u00bb) Chemin de Connangles.\noMain\u019fen de la prescrip\u019fon \ndu sch\u00e9ma 2019-2024 \nconcernant la cr\u00e9a\u019fon \nd'une aire permanente \nd'accueil de 20 places sur la\ncommune de Beaucaire ;\noCr\u00e9a\u019fon de 5 terrains fami-\nliaux loca\u019ffs pour r\u00e9pondre\n\u00e0 l'obliga\u019fon de la com-\nmune de Bellegarde ;\n\uf0e0Mobilisa\u019fon d'une \nma\u00eetrise d'\u0153uvre ur-\nbaine et sociale \n(MOUS) \u00e0 des\u019fna-\n\u019fon des voyageurs \npr\u00e9sents sur les sites\nd'ancrage du terri-\ntoire.\n52\nDirection D\u00e9partementale des Tetrritoires et de la Mer du Gard - 30-2026-03-27-00002 - Arr\u00eat\u00e9 pr\u00e9fectoral portant approbation du\nSch\u00e9ma D\u00e9partemental d'Accueil et d'Habitat du Gard 2026-2032 60\nCommunaut\u00e9 de Communes de Petite Camargue\nPrescrip\u019fons selon l'arr\u00eat\u00e9 30-2019-0719-004 du \n19 juillet 2019 R\u00e9alisa\u019fons\n\uf0b7 APA de 26 places \u00e0 Vauvert oNon r\u00e9alis\u00e9e\n\uf0b7 Habitat adapt\u00e9 pour 10 m\u00e9nages \u00e0 AimarguesoNon r\u00e9alis\u00e9\nPr\u00e9conisa\u019fons  selon  l'arr\u00eat\u00e9 30-2019-0719-004\ndu 19 juillet 2019 R\u00e9alisa\u019fons\nHabitat adapt\u00e9 et/ou de terrains familiaux sur Le\nCailar oNon r\u00e9alis\u00e9\n\u00c9l\u00e9ments cl\u00e9s du diagnos\u019fc territorialis\u00e9 Prescrip\u019fons du\nsch\u00e9ma d\u00e9partementalPr\u00e9conisa\u019fons\n\uf0b7 Aimargues est la seule commune de l'EPCI ayant\nrencontr\u00e9  un  ph\u00e9nom\u00e8ne  r\u00e9gulier  de\nsta\u019fonnement de groupes de passage (entre 2021\net  2023) : elle  connait  chaque  ann\u00e9e 1  ou\n2 sta\u019fonnements, notamment des grands groupes\nde passage (150 caravanes en 2023 et 80 en 2022).\nLes  communes  du  Cailar  et  de  Vauvert  sont\n\u00e9galement  confront\u00e9es  au  ph\u00e9nom\u00e8ne  de\nsta\u019fonnement, mais de fa\u00e7on plus al\u00e9atoire. Des\naccords  sont  r\u00e9guli\u00e8rement  trouv\u00e9s  par  les\ncommunes  avec  les  groupes  de  passage.  La\ncollec\u019fvit\u00e9 se trouve au c\u0153ur d'un territoire sur\nlequel s'exerce une forte pression en ma\u019f\u00e8re de\nsta\u019fonnement  \u00e9tant  donn\u00e9  l'absence\nd'\u00e9quipement conven\u019fonn\u00e9 ou de halte tol\u00e9r\u00e9e.\n\uf0b7 Un site d'ancrage avait \u00e9t\u00e9 iden\u019ffi\u00e9 en 2018 dans\nle cadre du diagnos\u019fc de la dern\u00e8i\u00e8re r\u00e9vision sur\nla commune du Cailar. Terrain dont les 2 familles\noccupantes \u00e9taient propri\u00e9taires avec pr\u00e9sence de\ncaravanes et cabanons. Bien que la commune du\nCailar ait r\u00e9pondu \u00e0 l'enqu\u00eate dans le cadre de la\npr\u00e9sente r\u00e9vision, elle n'a pas signal\u00e9 ce site qui\nest cependant toujours pr\u00e9sent. Le main\u019fen de ce\nsite d'ancrage  est  notamment  confirm\u00e9  par  les\ndonn\u00e9es  issues  de  l'enqu\u00eate 2023  du  CASNAV\naupr\u00e8s  des  \u00e9tablissements  scolaires  (11 EFIV\nrecens\u00e9s \u00e0 Aimargues).\noCr\u00e9a\u019fon d'une aire de \ngrand passage d\u00e9rogatoire \nde 80 places pour r\u00e9pondre\nl'obliga\u019fon des communes \nde Vauvert et de Beauvoi-\nsin ;\noCr\u00e9a\u019fon d'une aire perma-\nnente d'accueil de 20 \nplaces pour r\u00e9pondre l'obli-\nga\u019fon de la commune d'Ai-\nmargues ;\n\uf0e0Mobilisa\u019fon d'une \nma\u00eetrise d'\u0153uvre ur-\nbaine et sociale \n(MOUS) \u00e0 des\u019fna-\n\u019fon des voyageurs \npr\u00e9sents sur les sites\nd'ancrage du terri-\ntoire.\n53\nDirection D\u00e9partementale des Tetrritoires et de la Mer du Gard - 30-2026-03-27-00002 - Arr\u00eat\u00e9 pr\u00e9fectoral portant approbation du\nSch\u00e9ma D\u00e9partemental d'Accueil et d'Habitat du Gard 2026-2032 61\nCommunaut\u00e9 de Communes Terre de Camargue\nPrescrip\u019fons selon l'arr\u00eat\u00e9 30-2019-0719-004 du \n19 juillet 2019 R\u00e9alisa\u019fons\n\uf0b7 APA 20 places \u00e0 Aigues-Mortes oNon r\u00e9alis\u00e9e\n\uf0b7 Aire Mixte de 20 places d'accueil et de 60 places\nde moyens passages sur la commune du Grau du\nRoi\noNon r\u00e9alis\u00e9e\n\uf0b7 Pr\u00e9conisa\u019fons  selon  l'arr\u00eat\u00e9 30-2019-0719-004\ndu 19 juillet 2019 R\u00e9alisa\u019fons\n\uf0b7 Habitat  adapt\u00e9  et/ou  de  terrains  familiaux  sur\nSaint-Laurent d'Aigouze oNon r\u00e9alis\u00e9\n\u00c9l\u00e9ments cl\u00e9s du diagnos\u019fc territorialis\u00e9 Prescrip\u019fons du\nsch\u00e9ma d\u00e9partementalPr\u00e9conisa\u019fons\n\uf0b7 L'ensemble  des  3 communes  de  l'EPCI  sont\nconcern\u00e9es  par  les  sta\u019fonnements.  Il  s'agit\nmajoritairement de pe\u019fts groupes de passage, de\n5 \u00e0 20 caravanes, mais aussi de grands groupes de\ncaravanes, \u00e0 Saint-Laurent-d'Aigouze et \u00e0 Aigues-\nMortes. Les groupes de passage pra\u019fquent des\ns\u00e9jours courts, g\u00e9n\u00e9ralement entre une semaine\net  15 jours.  Les  demandes  soumises  par  les\nassocia\u019fons d\u00e9l\u00e9gataires \u00e0 la pr\u00e9fecture r\u00e9v\u00e8lent\ndeux  \u00e0  quarte  demandes  annuelles  pour  des\ngroupes de 60 \u00e0 150 caravanes. Ainsi, l'EPCI est\nparmi  les  plus  sollicit\u00e9s  sur  l'ensemble  du\nd\u00e9partement  en  ce  qui  concerne  les  grands\npassages.\n\uf0b7 Dans la quasi-totalit\u00e9 des cas, les groupes ayant\nsta\u019fonn\u00e9  sur  l'EPCI  n'ont  formul\u00e9  aucune\ndemande  pr\u00e9alable.  Toutefois,  certains  groupes\npeuvent  effectuer  une  demande  pr\u00e9alable\ndirectement  aupr\u00e8s  de  la  commune  d'Aigues-\nMortes (deux groupes en 2023, notamment) : un\naccord est g\u00e9n\u00e9ralement donn\u00e9 \u00e0 ces groupes de\npassage.\n\uf0b7 1  site  d'ancrage  priv\u00e9  est  iden\u019ffi\u00e9  sur  Saint-\nLaurent d'Aigouze (2 m\u00e9nages depuis plus de 5 ans\navec cabanisa\u019fon et caravanes).\noCr\u00e9a\u019fon d'une aire de \ngrand passage d\u00e9rogatoire \nde 60 places pour r\u00e9pondre\naux obliga\u019fons des com-\nmunes d'Aigues-Mortes et \nLe Grau-du-Roi.\n\uf0e0Mobilisa\u019fon d'une \nma\u00eetrise d'\u0153uvre ur-\nbaine et sociale \n(MOUS) \u00e0 des\u019fna-\n\u019fon des voyageurs \npr\u00e9sents sur les sites\nd'ancrage du terri-\ntoire.\n54\nDirection D\u00e9partementale des Tetrritoires et de la Mer du Gard - 30-2026-03-27-00002 - Arr\u00eat\u00e9 pr\u00e9fectoral portant approbation du\nSch\u00e9ma D\u00e9partemental d'Accueil et d'Habitat du Gard 2026-2032 62\nCommunaut\u00e9 de Communes Rh\u00f4ny, Vistre, Vidourle\nPrescrip\u019fons selon l'arr\u00eat\u00e9 30-2019-0719-004 du \n19 juillet 2019 R\u00e9alisa\u019fons\n\uf0b7 Aire Mixte de 20 places d'accueil et de 50 places\nde  moyens  passages,  pour  la  commune  de\nVerg\u00e8ze, mutualis\u00e9 avec la commune de Calvisson\n(CC Pays de Sommi\u00e8res)\noNon r\u00e9alis\u00e9e\nPr\u00e9conisa\u019fons  selon l'arr\u00eat\u00e9 30-2019-0719-004 du\n19 juillet 2019 R\u00e9alisa\u019fons\n\uf0b7 Habitat  adapt\u00e9  et/ou  terrains  familiaux  sur  les\ncommunes  de  Gallargues-le-Montueux,  Mus,\nAubais, Aigues-Vives et Verg\u00e8ze\noNon r\u00e9alis\u00e9s\n\u00c9l\u00e9ments cl\u00e9s du diagnos\u019fc territorialis\u00e9 Prescrip\u019fons du\nsch\u00e9ma d\u00e9partementalPr\u00e9conisa\u019fons\n\uf0b7 Sur  les  10 communes  de  l'EPCI,  seules  4  ont\nrencontr\u00e9  un  ph\u00e9nom\u00e8ne  de  sta\u019fonnement  de\ngroupes  de  passage  au  cours  des  4 derni\u00e8res\nann\u00e9es  et  parmi  elles,  seule  la  commune  de\nCodognan conna\u00eet un passage r\u00e9gulier (au moins 1\npar an). Les communes de Verg\u00e8ze et Vestric-et-\nCandiac  ont  connu  respec \u019fvement\n2 sta\u019fonnements  sur la seule ann\u00e9e 2021, mais\nn'ont plus rencontr\u00e9 ce ph\u00e9nom\u00e8ne par la suite.\nLes sta\u019fonnements ont tr\u00e8s r\u00e9guli\u00e8rement lieu sur\nles stades municipaux.\n\uf0b7 Sauf  excep\u019fon,  les  groupes  de  passage \u00e9taient\nform\u00e9s  d'au  moins  40 caravanes.  Les  derniers\ngroupes  ayant  sta\u019fonn\u00e9  sur  Codognan  ont\nrespec\u019fvement  repr\u00e9sent\u00e9  80,  40  et\n120 caravanes.\n\uf0b7 Le site d'ancrage de Verg\u00e8ze rep\u00e9r\u00e9 en 2018 n'a\npas \u00e9t\u00e9 signal\u00e9 lors de la r\u00e9vision : une solu\u019fon a\n\u00e9t\u00e9  trouv\u00e9e  depuis  par  la  commune  avec\nl'a\u01a9ribu\u019fon d'un logement social. Les communes\nde  Mus,  d'Aigues-Vives  et  de  Callargues-le-\nMontueux avaient \u00e9galement \u00e9t\u00e9 rep\u00e9r\u00e9es pour\ndes situa\u019fons d'ancrage, mais aucun retour n'a\n\u00e9t\u00e9 fait dans le cadre de l'enqu\u00eate 2024-2025.\noCr\u00e9a\u019fon de 6 terrains fami-\nliaux loca\u019ffs pour r\u00e9pondre\n\u00e0 l'obliga\u019fon de la com-\nmune de Verg\u00e8ze ;\n\uf0e0Mobilisa\u019fon d'une \nma\u00eetrise d'\u0153uvre ur-\nbaine et sociale \n(MOUS) \u00e0 des\u019fna-\n\u019fon des voyageurs \npr\u00e9sents sur les sites\nd'ancrage du terri-\ntoire.\n55\nDirection D\u00e9partementale des Tetrritoires et de la Mer du Gard - 30-2026-03-27-00002 - Arr\u00eat\u00e9 pr\u00e9fectoral portant approbation du\nSch\u00e9ma D\u00e9partemental d'Accueil et d'Habitat du Gard 2026-2032 63\nCommunaut\u00e9 de Communes du Pays de Sommi\u00e8res\nPrescrip\u019fons selon l'arr\u00eat\u00e9 30-2019-0719-004 du \n19 juillet 2019 R\u00e9alisa\u019fons\n\uf0b7 Aire Mixte de 20 places d'accueil et de 50 places\nde  moyens  passages  pour  la  commune  de\nCalvisson, mutualis\u00e9 avec la commune de Verg\u00e8ze\n(CC Rh\u00f4ny, Vistre, Vidourle)\noNon r\u00e9alis\u00e9e\n\u00c9l\u00e9ments cl\u00e9s du diagnos\u019fc territorialis\u00e9 Prescrip\u019fons du\nsch\u00e9ma d\u00e9partementalPr\u00e9conisa\u019fons\n\uf0b7 Si l'EPCI n'a pas connu de sta\u019fonnements depuis\n2023, ces derniers ont \u00e9t\u00e9 rela\u019fvement nombreux\nen 2022 et les ann\u00e9es pr\u00e9c\u00e9dentes.  Il s'agissait\nexclusivement de pe\u019fts groupes de passage. En\ndehors de la commune de Salinelles qui a connu un\nsta\u019fonnement en 2020 et 2022, l'ensemble des\nsitua\u019fons  de  sta\u019fonnement  recens\u00e9es  sont\nconcentr\u00e9es sur la seule commune de Sommi\u00e8res.\nCes groupes ont g\u00e9n\u00e9ralement s\u00e9journ\u00e9 moins de\n1 mois,  sauf  dans  le  cas  d'un  groupe  de\n12 caravanes, install\u00e9 sur un terrain priv\u00e9 durant\nplus de 3 mois en 2022.\n\uf0b7 Depuis la mise en place en 2023 de disposi\u019ffs an\u019f-\nsta\u019fonnement  sur  les  sites  sensibles  de  la\ncommune,  celle-ci  ne  connait  plus  de  passage.\nParmi les terrains occup\u00e9s figuraient notamment\nun terrain a\u01a9enant  au stade de  foot, un autre\nterrain  situ\u00e9  derri\u00e8re  les  ar\u00e8nes  et  le  camping\nmunicipal, en bordure du Vidourle.\n\uf0b7 Un seul site de s\u00e9dentarisa\u019fon a \u00e9t\u00e9 iden\u019ffi\u00e9 sur la\ncommune de Fontanes, mais sans pr\u00e9cision sur le\nm\u00e9nage,  le  type  de  terrain  et  son  mode\nd'occupa\u019fon.\noCr\u00e9a\u019fon d'une aire perma-\nnente d'accueil de 20 \nplaces pour r\u00e9pondre \u00e0 \nl'obliga\u019fon de la commune \nde Sommi\u00e8res ;\noCr\u00e9a\u019fon d'une aire de \ngrand passage d\u00e9rogatoire \nde 60 places pour r\u00e9pondre\n\u00e0 l'obliga\u019fon de la com-\nmune de Calvisson.\n\uf0e0 Mobilisa\u019fon d'une \nma\u00eetrise d'\u0153uvre \nurbaine et sociale \n(MOUS) \u00e0 des\u019fna-\n\u019fon des voyageurs \npr\u00e9sents sur les \nsites d'ancrage du \nterritoire.\n56\nDirection D\u00e9partementale des Tetrritoires et de la Mer du Gard - 30-2026-03-27-00002 - Arr\u00eat\u00e9 pr\u00e9fectoral portant approbation du\nSch\u00e9ma D\u00e9partemental d'Accueil et d'Habitat du Gard 2026-2032 64\nCommunaut\u00e9 de Communes Pays d'Uz\u00e8s\nPrescrip\u019fons selon l'arr\u00eat\u00e9 30-2019-0719-004 du \n19 juillet 2019 R\u00e9alisa\u019fons\n\uf0b7 R\u00e9alisa\u019fon d'une aire d'accueil 14 places \u00e0 Uz\u00e8soNon r\u00e9alis\u00e9e\nPr\u00e9conisa\u019fons  selon l'arr\u00eat\u00e9 30-2019-0719-004 du\n19 juillet 2019 R\u00e9alisa\u019fons\n\uf0b7 Habitat adapt\u00e9 et/ou terrains familiaux \u00e0 Uz\u00e8soNon r\u00e9alis\u00e9\n\u00c9l\u00e9ments cl\u00e9s du diagnos\u019fc territorialis\u00e9 Prescrip\u019fons du\nsch\u00e9ma d\u00e9partementalPr\u00e9conisa\u019fons\n\uf0b7 Si l'EPCI n'a connu aucun sta\u019fonnement de grands\ngroupes  de  passage  au  cours  des  4 derni\u00e8res\nann\u00e9es,  il  rencontre  en  revanche  de  mul\u019fples\nsta\u019fonnements de pe\u019fts groupes. Foissac, Saint-\nSiffret, Uz\u00e8s et Saint-Quen\u019fn-la-Poterie sont les 4 \ncommunes les plus concern\u00e9es. Il s'agit de groupes\nde  2  \u00e0  30 caravanes  s\u00e9journant  g\u00e9n\u00e9ralement\nmoins  d'un  mois.  Les  sta\u019fonnements  sont  par\nailleurs  rela\u019fvement  dispers\u00e9s  sur  le  territoire,\n7 autres communes ayant connu le ph\u00e9nom\u00e8ne,\nmais  de  fa\u00e7on  ponctuelle.  L'absence\nd'\u00e9quipement sur le territoire est rep\u00e9r\u00e9e comme\nla  principale  cause  de ces  sta\u019fonnements.  Une\ncommune  signale  par  ailleurs  rencontrer  des\nsta\u019fonnements en 2024 en raison de la fermeture\ntemporaire de l'aire permanente d'accueil sur un\nterritoire con\u019fgu.\n\uf0b7 Via  le  ques\u019fonnaire  aux  communes,  4 sites\nd'ancrage ont \u00e9t\u00e9 signal\u00e9s. Ils sont r\u00e9par\u019fs sur les\ncommunes  d'Arpaillargues-et-Aureillac  (2  sites\npriv\u00e9s,  6 m\u00e9nages),  Cas\u019fllon-du-Gard  (1  site),\nBelv\u00e9zet (1 site, 5 m\u00e9nages).\noCr\u00e9a\u019fon de 5 terrains fami-\nliaux loca\u019ffs pour r\u00e9pondre\n\u00e0 l'obliga\u019fon de la com-\nmune d'Uz\u00e8s.\n\uf0e0Mobilisa\u019fon d'une \nma\u00eetrise d'\u0153uvre ur-\nbaine et sociale \n(MOUS) \u00e0 des\u019fna-\n\u019fon des voyageurs \npr\u00e9sents sur les sites\nd'ancrage du terri-\ntoire.\n57\nDirection D\u00e9partementale des Tetrritoires et de la Mer du Gard - 30-2026-03-27-00002 - Arr\u00eat\u00e9 pr\u00e9fectoral portant approbation du\nSch\u00e9ma D\u00e9partemental d'Accueil et d'Habitat du Gard 2026-2032 65\nCommunaut\u00e9 de Communes de C\u00e8ze C\u00e9vennes\nPr\u00e9conisa\u019fons selon l'arr\u00eat\u00e9 30-2019-0719-004 du \n19 juillet 2019 R\u00e9alisa\u019fons\n\uf0b7 Habitat adapt\u00e9 et/ou terrains familiaux sur place\nou  site  d\u00e9localis\u00e9  (communes  de  Gagni\u00e8res  et\nSaint-Ambroix)\noMa\u00eetrise d'\u0153uvre urbaine et sociale engag\u00e9e en 2024 \naupr\u00e8s de groupes pr\u00e9sents sur la commune de Saint-\nAmbroix.\n\u00c9l\u00e9ments cl\u00e9s du diagnos\u019fc territorialis\u00e9 Pr\u00e9conisa \u019fons\n\uf0b7 Le diagnos\u019fc men\u00e9  entre  2024 et 2025 par un\nbureau  d'\u00e9tude  sp\u00e9cialis\u00e9  dans  le  cadre  de  la\nMa\u00eetrise d'\u0152uvre Urbaine et Sociale \u00e0 l'\u00e9chelle de\nla commune de Saint Ambroix fait \u00e9tat d'un site\nd'h\u00e9bergement  informel  en  suroccupa\u019fon  (au\nregard de son usage) r\u00e9par\u019f sur 3 quar\u019fers aux\ndynamiques  dis\u019fnctes.  Sur  ce  site  en  zone\ninondable  vivent  24 m\u00e9nages  (au  sens  d'une\npersonne  seule  ou  d'un  noyau  familial),  soit\n63 personnes  (dont  pr\u00e8s  de  40 %  de  moins  de\n18 ans). 95 % de ces personnes entre\u019fennent un\nlien familial dans un ensemble compos\u00e9 de 5 sous-\ngroupes  et  4 m\u00e9nages  isol\u00e9s.  Trois  modes\nd'occupa\u019fon sont rep\u00e9r\u00e9s sur le premier site : la\npr\u00e9sence permanente (surtout personnes  \u00e2g\u00e9es\nd\u00e9pendantes  et/ou  ayant  des  probl\u00e8mes  de\nsant\u00e9) ; la pr\u00e9sence longue (des m\u00e9nages ancr\u00e9s\nde  longue  date,  conservant  des  p\u00e9riodes  de\nvoyage) ; une pr\u00e9sence saisonni\u00e8re (pra\u019fqu\u00e9 de\nfa\u00e7on minoritaire par certains m\u00e9nages). Des liens\nont  \u00e9t\u00e9  d\u00e9velopp\u00e9s  avec  le  territoire  par  les\nfamilles  (\u00ab appropria\u019fon des lieux,  services\u2026 \u00bb).\nComme le souligne l'\u00e9tude, le bon fonc\u019fonnement\net le \u00ab main\u019fen des solidarit\u00e9s internes sont des\nenjeux forts [\u2026] et s'expriment notamment dans\nles strat\u00e9gies d'occupa\u019fon du site \u00bb. Toutefois, le\nprobl\u00e8me urbain et humain pos\u00e9 par ce site ne\npeut  \u00eatre  \u00ab travaill\u00e9  par  une  quelconque\nr\u00e9gularisa\u019fon  in  situ \u00bb.  Toutes  les  demandes\nformul\u00e9es par les m\u00e9nages portent sur l'habitat\nloca\u019ff avec main\u019fen de la caravane. Par ailleurs,\nhors de ce terrain de s\u00e9dentarisa\u019fon, 8 m\u00e9nages\nont \u00e9t\u00e9 iden\u019ffi\u00e9s dans le c\u0153ur de la commune.\n\uf0e0D\u00e9ployer l'ensemble des moyens perme\u01a9ant de me-\nner \u00e0 terme la construc\u019fon de r\u00e9ponses adapt\u00e9es, \u00e0 \nm\u00eame de traduire ad\u00e9quatement les solu\u019fons pro-\npos\u00e9es par les familles. Au-del\u00e0 des proc\u00e9dures sp\u00e9-\ncifiques et des alterna\u019fves d'habitat devant \u00eatre d\u00e9-\nploy\u00e9es au cas par cas, l'\u00e9tude pr\u00e9conise un portage \nglobal dans le cadre d'une op\u00e9ra\u019fon de R\u00e9sorp\u019fon \nde l'Habitat Indigne.\n58\nDirection D\u00e9partementale des Tetrritoires et de la Mer du Gard - 30-2026-03-27-00002 - Arr\u00eat\u00e9 pr\u00e9fectoral portant approbation du\nSch\u00e9ma D\u00e9partemental d'Accueil et d'Habitat du Gard 2026-2032 66\nCommunaut\u00e9 de Communes Pays Viganais\nPr\u00e9conisa\u019fons selon l'arr\u00eat\u00e9 30-2019-0719-004 du \n19 juillet 2019 R\u00e9alisa\u019fons\n\uf0b7 Habitat  adapt\u00e9  et/ou  terrains  familiaux  sur  la\ncommune du Vigan oNon r\u00e9alis\u00e9\n\u00c9l\u00e9ments cl\u00e9s du diagnos\u019fc territorialis\u00e9 Pr\u00e9conisa \u019fons\n\uf0b7 Un  site  d'ancrage  historique  a  \u00e9t\u00e9  signal\u00e9  et\nrenseign\u00e9 par diff\u00e9rents canaux d'informa\u019fon au\ncours de la d\u00e9marche de diagnos\u019fc. Il s'agit d'une\nfamille install\u00e9e au Vigan depuis l'apr\u00e8s-guerre et\npleinement int\u00e9gr\u00e9e \u00e0 la vie locale. Cependant, le\nsite d'ancrage est situ\u00e9 en zone d'al\u00e9as tr\u00e8s fort\nconcernant les \u00ab d\u00e9bordement de cours d'eau et\nsubmersion  marine \u00bb  (cf  PPRI).  La  parcelle\ncadastr\u00e9e  1495  (quel  statut  public/priv\u00e9 ?)  est\nsitu\u00e9e en zone N du PLU de la commune. Le PPRi\nde 19983 rela\u019ff au cours d'eau de l'Arre inf\u00e9rieure\nfait  d\u00e9j\u00e0  \u00e9tat  du  posi\u019fonnement  d'une  \u00ab aire\nd'accueil des gens du voyage \u00bb (non inscrite au\nsch\u00e9ma) en zone inondable.\n\uf0b7 Au cours des derni\u00e8res d\u00e9cennies, la mairie a tent\u00e9\npar  deux  fois  de  trouver  des  solu\u019fons  \u00e0  ce\u01a9e\nsitua\u019fon mais qui n'ont pu abou\u019fr (proposi\u019fon\nd'un nouveau terrain non adapt\u00e9 / proposi\u019fon de\nrelogement  en  collabora\u019fon  avec  la  sous-\npr\u00e9fecture mais qui n'a pu \u00eatre men\u00e9 \u00e0 terme au\nvu d'une \u00e9volu\u019fon des besoins). \n\uf0b7 Difficult\u00e9  et  enjeux  actuels  iden\u019ffi\u00e9s  par  la\ncommune :  \n-  absence  de  terrain  communal  suffisamment\ngrand (PPRI\u2026) ;\n-  prise  en  compte  des  besoins  des  familles\nconcern\u00e9es :  mobilit\u00e9  et  localisa\u019fon  (rester\nproche  du  centre),  nombre  de  personnes\nconcern\u00e9es ;\n- besoin d'un sou\u019fen des services de l'\u00c9tat.\n\uf0e0Int\u00e9grer une \u00e9valua\u019fon des besoins des habitants de \nce site par le biais d'une MOUS et d\u00e9ployer des \nmoyens concrets pour \u00e9laborer une solu\u019fon p\u00e9renne\nd'habitat adapt\u00e9 ;\n*Nota bene \n3 h\u01a9ps://www.gard.gouv.fr/contenu/telechargement/15571/100036/file/1.1%20-%20Note%20de%20pr\n%C3%A9senta\u019fon.pdf \n59\nDirection D\u00e9partementale des Tetrritoires et de la Mer du Gard - 30-2026-03-27-00002 - Arr\u00eat\u00e9 pr\u00e9fectoral portant approbation du\nSch\u00e9ma D\u00e9partemental d'Accueil et d'Habitat du Gard 2026-2032 67\nLes terrains familiaux loca\u019ffs (TFL). \nSeul le produit \u00ab terrain familial loca\u019ff \u00bb peut \u00eatre prescrit par le Sch\u00e9ma D\u00e9partemental d'Accueil et\nd'Habitat des Gens du Voyage.\nEn lien avec l'\u00e9tude des besoins des familles, notamment via des MOUS d\u00e9di\u00e9es, les prescrip\u019fons de\nTFLP du pr\u00e9sent sch\u00e9ma sont construites autour d'unit\u00e9s de vie. Conform\u00e9ment au d\u00e9cret n\u00b0 2019-\n1478 du 26 d\u00e9cembre 2019, ces unit\u00e9s de vies sont a\u01a9ribu\u00e9es par m\u00e9nage et peuvent accueillir jusqu'\u00e0\n6 caravanes pour un bloc sanitaire.\nLe b\u00e9n\u00e9fice de l'aide au logement n'est pas syst\u00e9ma\u019fque dans les terrains familiaux loca\u019ffs. Les\nsitua\u019fons semblent varier d'une CAF \u00e0 l'autre. Les m\u00e9nages du TFL de la Grand'Combe b\u00e9n\u00e9ficient\nactuellement d'une aide au logement. Dans le cadre du futur sch\u00e9ma, les pilotes du sch\u00e9ma m\u00e8neront\nun travail avec la CAF du Gard afin de s\u00e9curiser le parcours r\u00e9siden\u019fel des voyageurs vers les futurs TFL.\nDeux pistes de travail sont d'ores et d\u00e9j\u00e0 envisageable, via une d\u00e9roga\u019fon ou une adapta\u019fon de la\nr\u00e8gle de d\u00e9cence rela\u019fve \u00e0 la surface minimale habitable par nombre d'occupants (en y incluant les\ncaravanes).\n60\nDirection D\u00e9partementale des Tetrritoires et de la Mer du Gard - 30-2026-03-27-00002 - Arr\u00eat\u00e9 pr\u00e9fectoral portant approbation du\nSch\u00e9ma D\u00e9partemental d'Accueil et d'Habitat du Gard 2026-2032 68\nProgramme d'ac tions du sc h\u00e9ma\nFic he Ac tion n\u00b0\u00a01  \u2013 Gouvernanc e et c omitologie.....................................................................62\nFic he Ac tion n\u00b02 \u2013 M\u00e9diation.......................................................................................................63\nFic he Ac tion n\u00b0 3 - R\u00e9diger des projets soc iaux des voyageurs \u00e0 l'\u00e9c helle des E PCI\n...........................................................................................................................................................64\nFic he Ac tion n\u00b0 4 \u2013 Mission d'ac c ompagnement soc ial..........................................................66\nFic he ac tion n\u00b05 - D\u00e9ployer une m\u00e9diation en sant\u00e9 sur le territoire d\u00e9partemental\nau b\u00e9n\u00e9fic e des groupes de voyageurs les plus \u00e9loign\u00e9s des syst\u00e8mes de \npr\u00e9vention et de soins..................................................................................................................67\n61\nDirection D\u00e9partementale des Tetrritoires et de la Mer du Gard - 30-2026-03-27-00002 - Arr\u00eat\u00e9 pr\u00e9fectoral portant approbation du\nSch\u00e9ma D\u00e9partemental d'Accueil et d'Habitat du Gard 2026-2032 69\nLe ee\nFic he Ac tion n\u00b0\u00a01  \u2013 Gouvernanc e et c omitologie\nLa gouvernance n'est pas un objec\u019ff stricto sensu du SDAHGV, mais elle en cons\u019ftue un des moyens principaux et\ndoit \u00eatre regard\u00e9e comme l'une des condi\u019fons de la r\u00e9ussite du sch\u00e9ma. \nLa p\u00e9riode du pr\u00e9c\u00e9dent SDAGV pr\u00e9sente un bilan in\u00e9gal en ma\u019f\u00e8re de gouvernance, notamment du fait de la\np\u00e9riode de pand\u00e9mie, mais pas seulement, les comit\u00e9s locaux n'ayant pas r\u00e9ussi \u00e0 se me\u01a9re en place.\nLe pilotage \u00ab \u00e0 deux t\u00eates \u00bb \u00c9tat-CD du sch\u00e9ma implique une coordina\u019fon et r\u00e9par\u019f\u019fon des r\u00f4les claire, incarn\u00e9e\nde fa\u00e7on op\u00e9ra\u019fonnelle dans une cellule technique.\nObjec tifs\nCalendrier\nContexte\n\uf0b7 R\u00e9unir la Commission D\u00e9partementale Consulta\u019fve 2 fois\npar an conform\u00e9ment \u00e0 la loi.\n\uf0b7 Piloter la mise en place des cellules de coordina\u019fon locale\net  leur  comitologie  propre  avec  la  d\u00e9signa\u019fon  d'un\nr\u00e9f\u00e9rent.\n\uf0b7 Communiquer  sur  le  nouveau  sch\u00e9ma  aupr\u00e8s  des\nnouveaux \u00e9lus (post-\u00e9lec\u019fons municipales 2026) et des\npartenaires.\n\uf0b7 Dur\u00e9e du sch\u00e9ma\n\uf0b7 Rencontre des r\u00e9f\u00e9rents des cellules de coordina\u019fon locale\nMoyens \u00e0 mettre en \u0153uvre\n\uf0b7 Pr\u00e9voir et transme\u01a9re au d\u00e9but de chaque ann\u00e9e le calendrier des diff\u00e9rentes \u00e9ch\u00e9ances et r\u00e9unions \u00e0 tenir (CDCGV,\nComit\u00e9 techniques op\u00e9ra\u019fonnels, cellules de coordina\u019fon locale, commissions th\u00e9ma\u019fques)\n\uf0b7 Poursuivre le travail r\u00e9engag\u00e9 depuis 2022 s'inscrivant dans une dynamique de suivi du SDAHGV impliquant les EPCI :\nbilan partag\u00e9, contr\u00f4le des \u00e9quipements, par\u019fcipa\u019fon au groupe interd\u00e9partemental d'\u00e9change de pra\u019fques, etc.\n\uf0b7 Organiser une 1re rencontre des r\u00e9f\u00e9rents des cellules de coordina\u019fon territoriales pour lancer la mise en place des\nprojets sociaux territoriaux,\n\uf0b7 Introduire le m\u00e9diateur d\u00e9partemental dans les diff\u00e9rentes instances existantes en lien avec ses missions\n\uf0b7 Engager les travaux des commissions th\u00e9ma\u019fques, notamment sur la sant\u00e9.\nPartenaires impliqu\u00e9s\nPr\u00e9fecture, EPCI, DDETS, ARS, CASNAV, repr\u00e9sentants des \nvoyageurs\nTrouver  l'\u00e9quilibre entre  une  comitologie servant le plan\nd'ac\u019fon  et  le  poids  de  r\u00e9unions  trop  nombreuses  et\nredondantes sur une poli\u019fque complexe.\nImpliquer  l'\u00e9chelle  locale  dans  la  mise  en  \u0153uvre  des\ndiff\u00e9rentes ac\u019fons du pr\u00e9sent SDAHGV les concernant.\nPorteurs de l'Ac tion\n\u00c9tat (DDTM) et Conseil D\u00e9partemental\nE njeux\n62\nDirection D\u00e9partementale des Tetrritoires et de la Mer du Gard - 30-2026-03-27-00002 - Arr\u00eat\u00e9 pr\u00e9fectoral portant approbation du\nSch\u00e9ma D\u00e9partemental d'Accueil et d'Habitat du Gard 2026-2032 70\npene  eee  eee  eee  eee  eee eee ee 1  =A;\nFic he Ac tion n\u00b02 \u2013 M\u00e9diation\nL'offre d'accueil sur le Gard fait lourdement d\u00e9faut. Face \u00e0 ce\u01a9e situa\u019fon,  le territoire est confront\u00e9 \u00e0 de\nnombreux  sta\u019fonnements  en  dehors  des  \u00e9quipements  r\u00e9glementaires  et  n'offre  aucune  d'alterna\u019fve\nsa\u019fsfaisante. Par ailleurs, si les collec\u019fvit\u00e9s assurent autant que possible une forme de m\u00e9dia\u019fon, ce\u01a9e ges\u019fon au\ncas par cas ne peut cons\u019ftuer une poli\u019fque d'accueil. D'une part, les voyageurs subissent l'absence de lieu d\u00e9di\u00e9\nau sta\u019fonnement ou au s\u00e9jour des groupes  de caravanes et l'incer\u019ftude rela\u019fve au caract\u00e8re  al\u00e9atoire et\npoten\u019fellement conflictuel des sta\u019fonnements en dehors des \u00e9quipements. D'autre part, les collec\u019fvit\u00e9s et les\n\u00e9lus  ne  peuvent  trouver  de  sa\u019fsfac\u019fon  dans  la  crainte  des  d\u00e9sagr\u00e9ments  pouvant  \u00eatre  g\u00e9n\u00e9r\u00e9s  par  le\nsta\u019fonnement de groupes sur ou \u00e0 proximit\u00e9 d'\u00e9quipements publics essen\u019fels \u00e0 la vie locale et dans les \u00e9changes\nparfois difficiles.\nObjec tifs\nCalendrier\nContexte\n\uf0b7 \u00c9laborer la fiche de poste d'un m\u00e9diateur devant iden\u019ffier\nles terrains provisoires de d\u00e9lestage ou d'appoint\u0bd7;\n\uf0b7 Rep\u00e9rer les sources de financement et \u00e9laborer un mod\u00e8le\n\u00e9conomique p\u00e9renne pour soutenir le poste\u0bd7;\n\uf0b7 D\u00e9ployer toute l'ing\u00e9nierie  partenariale n\u00e9cessaire  et les\nmoyens  compl\u00e9mentaires  perme\u01a9ant  au  m\u00e9diateur  de\nmener \u00e0 bien ses missions.\nInstalla\u019fon du m\u00e9diateur : premi\u00e8re ann\u00e9e du sch\u00e9ma\u0bd7;\nMise en \u0153uvre des missions du m\u00e9diateur : dur\u00e9e du sch\u00e9ma\nMoyens \u00e0 mettre en \u0153uvre\n\uf0b7 Recrutement d'un m\u00e9diateur \n\uf0b7 Iden\u019ffica\u019fon chaque ann\u00e9e, en pr\u00e9vision des grands passages, des terrains de d\u00e9lestage\n\uf0b7 Organisa\u019fon de la centralisa\u019fon des demandes, \u00e9labora\u019fon d'un calendrier tenant compte des \u00e9quipements\nouverts et terrains mobilisables\u0bd7;\n\uf0b7 Pr\u00e9para\u019fon des (grands) passages \u00e0 travers une r\u00e9union de coordina\u019fon annuelle au printemps avant l'arriv\u00e9e\ndes premiers grands groupes de passage ;\n\uf0b7 Intervenir, autant que de besoin, sur toutes les situa\u019fons appelant, pr\u00e9ven\u019fvement, une m\u00e9dia\u019fon aupr\u00e8s\ndes gens du voyage en veillant \u00e0 la bonne mobilisa\u019fon des terrains provisoires et/ou de d\u00e9lestage\u0bd7;\n\uf0b7 \u00c9tablir, en rela\u019fon avec les services de la pr\u00e9fecture, un bilan annuel des passages\u0bd7; \nPartenaires impliqu\u00e9s\nConseil d\u00e9partement\nEPCI / Centre de ges\u019fon du Gard\nD\u00e9ployer des ressources sp\u00e9cifiques pour garan\u019fr une \norganisa\u019fon et une ges\u019fon des moyens et grands passages \nafin de limiter les d\u00e9sagr\u00e9ments pour les voyageurs et les \ncollec\u019fvit\u00e9s en recherchant pour chacune des situa\u019fons \nrencontr\u00e9es des solu\u019fons sa\u019fsfaisantes de sta\u019fonnement \ntemporaire.\nPorteurs de l'Ac tion\n\u00c9tat\nE njeux\n63\nDirection D\u00e9partementale des Tetrritoires et de la Mer du Gard - 30-2026-03-27-00002 - Arr\u00eat\u00e9 pr\u00e9fectoral portant approbation du\nSch\u00e9ma D\u00e9partemental d'Accueil et d'Habitat du Gard 2026-2032 71\nFic he Ac tion n\u00b0 3 - R\u00e9diger des projets soc iaux des\nvoyageurs \u00e0 l'\u00e9c helle des E PCI\n \nObjectifs\nCalendrier Conditions de r\u00e9ussite\nContexte\nMoyens \u00e0 mettre en \u0153uvre\nDivers services et disposi\u019ffs sont pr\u00e9sents sur le d\u00e9partement et peuvent \u00eatre mobilis\u00e9s au \u019ftre du droit commun \npar les voyageurs. Toutefois, ces moyens sont in\u00e9galement r\u00e9par\u019fs sur le territoire d\u00e9partemental et les aires \nrestent en marge du \u019fssu social local. La Loi Besson n\u00b0 2000-614 du 05/07/2000, dans son ar\u019fcle 6, pr\u00e9voit le \nconven\u019fonnement d'ac\u019fons \u00e0 caract\u00e8re social des\u019fn\u00e9es \u00e0 favoriser l'int\u00e9gra\u019fon des voyageurs pr\u00e9sents sur les \n\u00e9quipements \u00e0 la vie sociale locale et leur acc\u00e8s aux droits.\n\uf0b7 D\u00e9signer dans chaque EPCI un r\u00e9f\u00e9rent ou charg\u00e9 de mission ayant pour r\u00f4le d'animer une cellule de co-\nordina\u019fon locale du projet social de l'aire\u0bd7;\n\uf0b7 D\u00e9finir les membres de la cellule de coordina\u019fon locale et la p\u00e9riodicit\u00e9 de leurs rencontres\u0bd7;\n\uf0b7 Structurer des ac\u019fons prioritaires cibl\u00e9es en lien avec l'acc\u00e8s aux droits et la citoyennet\u00e9 des voyageurs,\nen incluant des personnes concern\u00e9es dans le processus de d\u00e9fini\u019fon des ac\u019fons et de leur mise en\n\u0153uvre\u0bd7; \n\uf0b7 Rep\u00e9rer et mobiliser un r\u00e9seau d'acteurs du social pouvant proposer des ac\u019fons cibl\u00e9es ou adapter leurs\ninterven\u019fons \u00e0 des\u019fna\u019fon de ce public\u0bd7;\n\uf0b7 S'appuyer sur l'exper\u019fse de la mission d'accompagnement social du Conseil D\u00e9partemental d\u00e9ploy\u00e9e sur\nles \u00e9quipements pour mieux appr\u00e9hender les difficult\u00e9s et les besoins du public sur le territoire.\nUn rep\u00e9rage territorial des besoins et des situa\u019fons \nprobl\u00e9ma\u019fques doit perme\u01a9re d'\u00e9crire un projet social \nportant sur des ques\u019fons rela\u019fves \u00e0 l'int\u00e9gra\u019fon sociale et \nterritoriale de l'\u00e9quipement et de ses occupants pour \nfavoriser le bien-vivre ensemble.\n \u00ab Aller vers \u00bb et \u00ab faire avec \u00bb doivent se traduire par du \ntemps de proximit\u00e9 aupr\u00e8s des voyageurs pour rompre avec \nles a\u01ab tudes de d\u00e9fiance.\nPerme\u01a9re aux acteurs locaux de mieux conna\u00eetre le public et \nde construire des r\u00e9ponses concert\u00e9es aux enjeux locaux.  \nPromouvoir une \u00e9quit\u00e9 de prise en compte du public \nvoyageur sur l'ensemble du d\u00e9partement.\n\uf0b7 Choix d'un r\u00e9f\u00e9rent/charg\u00e9 de mission \u00e0 l'issue de la \nsignature du SDAHGV 2025-2030\n\uf0b7 R\u00e9union de lancement de la cellule de coordina\u019fon \nterritoriale dans les 3 mois qui suivent\n\uf0b7 Calendrier semestriel de rencontres de la cellule\n\uf0b7 Rep\u00e9rage des points de blocage locaux et mobilisa\u019fon des \npartenaires\n\uf0b7 Int\u00e9gra\u019fon des voyageurs dans la prise de d\u00e9cision\n\uf0b7 R\u00e9alisme des proposi\u019fons en rela\u019fon avec les moyens exis-\ntants et la capacit\u00e9 \u00e0 r\u00e9pondre des acteurs de la cellule locale\n\uf0b7Harmoniser les offres de service \u00e0 l'\u00e9chelle des \u00e9quipe-\nments et des territoires.\n\uf0b7Lu\u01a9er contre la pr\u00e9carisa\u019fon croissante du public voya-\ngeur de passage ou en voie de s\u00e9dentarisa\u019fon.\n\uf0b7Int\u00e9grer les aires permanentes d'accueil dans les ac\u019fons\nmises en \u0153uvre sur le territoire.\n\uf0b7Faire vivre et \u00e9valuer le projet social.\nPorteurs de l'action\n\uf0b7 EPCI\nPrincipaux partenaires\n\uf0b7 Conseil d\u00e9partemental, DDETS, CAF, \u019fssu associa\u019ff local, CAS-\nNAV\u2026\nEnjeux\n64\nDirection D\u00e9partementale des Tetrritoires et de la Mer du Gard - 30-2026-03-27-00002 - Arr\u00eat\u00e9 pr\u00e9fectoral portant approbation du\nSch\u00e9ma D\u00e9partemental d'Accueil et d'Habitat du Gard 2026-2032 72\nTableau non exhaus\u019ff d'exemples d'ac\u019fons pouvant \u00eatre men\u00e9es dans le cadre des projets sociaux\nterritoriaux\nScolarit\u00e9 \u2013 forma\u019fon Inser \u019fon professionnelle-emploi\n\uf0a7 Protocole scolarisa\u019fon\n\uf0a7 Partenariat sou\u019fen scolaire (r\u00e9serve civique, AFEV, \u2026)\n\uf0a7 Rencontres parents/professeurs sur les \u00e9quipements\n\uf0a7 Cours de fran\u00e7ais, lecture/\u00e9criture, par des associa\u019fons\n\uf0a7\n\uf0a7 Informa\u019fons  de  la  Mission  Locale  et  France\nTravail :  acc\u00e8s  aux  droits,  connaissance  des\ndisposi\u019ffs et aides\n\uf0a7 Lien avec la CCI et la MSA\n\uf0a7 R\u00e9seaux d'autoentrepreneurs \nSant\u00e9 physique et psychique D\u00e9pendance  (vieillissement  handicap-aidants\nfamiliaux)\n\uf0a7 Permanences  sur  site  ou  cr\u00e9neaux  d\u00e9di\u00e9s\ninforma\u019fon/pr\u00e9ven\u019fon vaccina\u019fon\n\uf0a7 R\u00e9seau  de  professionnels  param\u00e9dicaux  qui  se\nd\u00e9placent \u00e0 domicile\n\uf0a7 Atelier  cuisine  associa\u019fons  carita\u019fves,  acc\u00e8s  aux\n\u00e9piceries sociales\n\uf0a7\n\uf0a7 Acc\u00e8s aux droits retraites\n\uf0a7 Acc\u00e8s  aux  disposi\u019ffs  et  structures  d\u00e9di\u00e9s\n(m\u00e9dico-social  et  personnes  \u00e2g\u00e9es\nd\u00e9pendantes)\n\uf0a7 Mise en place d'aides et mat\u00e9riel \u00e0 domicile\n\uf0a7 Sou\u019fen aux aidants familiaux\nAcc\u00e8s aux droits-accompagnement social Habitat \u2013 Condi \u019fons de vie\n\uf0a7 Informa\u019fon  domicilia\u019fon,  travail  sur  le  suivi  de  la\ndomicilia\u019fon et condi\u019fons pour \u00e9viter des ruptures de\ndroits\n\uf0a7 Illectronisme  /  ille\u01a9risme :  acc\u00e8s  \u00e0  du  mat\u00e9riel\nnum\u00e9rique connect\u00e9 sur les aires\n\uf0a7 Acc\u00e8s aux services administra\u019ffs et accompagnement\naux d\u00e9marches, lien Frances Services (i\u019fn\u00e9rants)\n\uf0a7 Connaissance  d'associa\u019fons,  disposi\u019ffs  ou  services\nd\u00e9di\u00e9s\n\uf0a7\n\uf0a7 Condi\u019fons de vie / mal-logement : am\u00e9liora\u019fon\ndes condi\u019fons de vie sur l'\u00e9quipement (travail\nde concerta\u019fon ombrage, \u00e9quipements d\u00e9di\u00e9s\naux enfants\u2026)\n\uf0a7 Usages,  appropria\u019fon  et  risques :  pr\u00e9ven\u019fon\nli\u00e9e  aux  nuisances,  sensibilisa\u019fon  et\naccompagnement \u00e0 la ges\u019fon des d\u00e9chets, suivi\ntri s\u00e9lec\u019ff sur site\n\uf0a7 Acc\u00e8s au Logement\nInclusion soci\u00e9tale et bien vivre\n\uf0a7 Acc\u00e8s aux loisirs (enfants et adultes)\n\uf0a7 Par\u019fcipa\u019fon et citoyennet\u00e9\n\uf0a7 Engagement associa\u019ff, b\u00e9n\u00e9volat, entraide\n\uf0a7 Discrimina\u019fons - s\u019fgma\u019fsa\u019fons\n65\nDirection D\u00e9partementale des Tetrritoires et de la Mer du Gard - 30-2026-03-27-00002 - Arr\u00eat\u00e9 pr\u00e9fectoral portant approbation du\nSch\u00e9ma D\u00e9partemental d'Accueil et d'Habitat du Gard 2026-2032 73\nFic he Ac tion n\u00b0  4 \u2013  Mission d'ac c ompagnement\nsoc ial \nObjectifs\nContexte\nLa mission d'accompagnement social des voyageurs pr\u00e9sents sur les APA mandat\u00e9e par le Conseil D\u00e9partemental du \nGard porte ses fruits. La Loi Besson n\u00b0 2000-614 du 05/07/2000, dans son ar\u019fcle 6 pr\u00e9voit le conven\u019fonnement \nd'ac\u019fons \u00e0 caract\u00e8re social des\u019fn\u00e9es \u00e0 favoriser l'int\u00e9gra\u019fon des voyageurs pr\u00e9sents sur les \u00e9quipements \u00e0 la vie \nsociale locale et leur acc\u00e8s aux droits.\nLimiter la renoncia\u019fon ou le non-recours aux droits et les \nsitua\u019fons de ruptures chroniques : les sources de non-\nrecours sont nombreuses et rel\u00e8vent \u00e0 la fois de la non-\ndemande (non-connaissance, complexit\u00e9 administra\u019fve) et \nde la non-proposi\u019fon (offre insuffisante, discrimina\u019fon ou \nrefus).\n\u00ab Aller vers \u00bb et \u00ab faire avec \u00bb doivent se traduire par du \ntemps de proximit\u00e9 aupr\u00e8s des voyageurs pour rompre avec \nles a\u01ab tudes de d\u00e9fiance.\nUn travailleur social maitrisant les disposi\u019ffs du territoire et \nayant acquis la confiance des familles peut servir de \nm\u00e9diateur entre le public et les services de droit commun.\n\uf0b7Assurer une m\u00e9dia\u019fon sociale entre les disposi\u019ffs et pro-\nfessionnels de droit commun et le public de passage\nsur les aires.\n\uf0b7Faire remonter les besoins et une exper\u019fse de l'accompa-\ngnement sp\u00e9cifique des voyageurs\n\uf0b7Faciliter l'instaura\u019fon d'une rela\u019fon de confiance avec les\nprofessionnels du social\n\uf0b7Lu\u01a9er contre le non-recours ou le renoncement aux droits\nCalendrier Principaux partenaires\nMoyens \u00e0 mettre en \u0153uvre\n\uf0b7 Int\u00e9gra\u019fon du travailleur social dans les cellules de coordina\u019fon locale pour l'\u00e9labora\u019fon des pro-\njets sociaux de chaque territoire\n\uf0b7 Accent sur la mise en r\u00e9seau et l'apport d'une exper\u019fse public : travailler sur la mise en lien et le re\nlai vers le droit commun via une posture de m\u00e9dia\u019fon\n\uf0b7 Organisa\u019fon de temps collec\u019ffs sur l'APA avec intervenant ext\u00e9rieur th\u00e9ma\u019fque (sou\u019fen scolaire,\nalimenta\u019fon, pr\u00e9ven\u019fon-sant\u00e9-bien \u00eatre, cr\u00e9a\u019fon d'entreprise\u2026)\n\uf0b7 Veille sur les situa\u019fons complexes et probl\u00e9ma\u019fques\n\uf0b7 Pr\u00e9senta\u019fon d'un bilan annuel en CDC\n\uf0b7 Dur\u00e9e du sch\u00e9ma \uf0b7 EPCI, DDETS, CCAS, CMS, Centres sociaux\nPorteurs de l'action\n\uf0b7 Conseil D\u00e9partemental du Gard\nEnjeux\n66\nDirection D\u00e9partementale des Tetrritoires et de la Mer du Gard - 30-2026-03-27-00002 - Arr\u00eat\u00e9 pr\u00e9fectoral portant approbation du\nSch\u00e9ma D\u00e9partemental d'Accueil et d'Habitat du Gard 2026-2032 74\nFic he ac tion n\u00b05 - D\u00e9ployer une m\u00e9diation en sant\u00e9\nsur  le territoire d\u00e9partemental  au b\u00e9n\u00e9fic e des\ngroupes  de  voyageurs  les  plus  \u00e9loign\u00e9s  des\nsyst\u00e8mes de pr\u00e9vention et de soins\n \nBesoins Objectifs\nCalendrier Conditions de r\u00e9ussite\nContexte Enjeux\nMoyens \u00e0 mettre en \u0153uvre\n\uf0b7 Les groupes de voyageurs sont peu rep\u00e9r\u00e9s dans les\npa\u019fent\u00e8les des services et \u00e9tablissements sollicit\u00e9s\npar l'ARS dans le cadre du diagnos\u019fc, ce qui t\u00e9-\nmoigne d'un faible recours aux soins malgr\u00e9 l'im-\nportance de la communaut\u00e9 dans le d\u00e9partement.\n\uf0b7 Les sources de non-recours sont nombreuses et re-\nl\u00e8vent \u00e0 la fois de la non-demande (non-connais-\nsance,  appr\u00e9hension,  complexit\u00e9  administra\u019fve.)\net de la non-proposi\u019fon (offre insuffisante, discri-\nmina\u019fon ou refus)\nDivers disposi\u019ffs et ac\u019fons d'accompagnement sont \npr\u00e9sents sur le d\u00e9partement et remplissent au moins \npar\u019fellement une fonc\u019fon d'interface entre les \nvoyageurs et les acteurs en sant\u00e9. Toutefois, ces \nmoyens sont in\u00e9galement r\u00e9par\u019fs sur le territoire \nd\u00e9partemental et concernent presque exclusivement \nles popula\u019fons pr\u00e9sentes sur les \u00e9quipements \nd'accueil.\n\uf0b7 Structurer un  disposi\u019ff de  m\u00e9dia\u019fon  en sant\u00e9 sur\nl'ensemble des EPCI impliquant une diversit\u00e9 de pro-\nfessionnels de sant\u00e9 et de l'ac\u019fon sociale.\n\uf0b7 Prendre appui et s'inscrire en compl\u00e9mentarit\u00e9 avec\nla mission d'accompagnement social du Conseil d\u00e9-\npartemental d\u00e9ploy\u00e9e sur les \u00e9quipements en direc-\n\u019fon des sites d'ancrage hors \u00e9quipement.\n\uf0b7 D\u00e9finir sur chaque EPCI une \u00e9quipe pluridisciplinaire\net/ou un \u019fssu partenarial pour soutenir les missions\nde la m\u00e9dia\u019fon.\nL'aller vers et le faire avec doivent se traduire par du \ntemps de proximit\u00e9 aupr\u00e8s des voyageurs\u0bd7;\nLes comp\u00e9tences, l'engagement et la d\u00e9ontologie \nd'interven\u019fon ainsi que la clart\u00e9 des missions \ncons\u019ftuent des leviers essen\u019fels de r\u00e9ussite\u0bd7;\nLa mission ne peut se d\u00e9velopper ind\u00e9pendamment \nde la mobilisa\u019fon des ressources ins\u019ftu\u019fonnelles et \ndes acteurs de sant\u00e9 sur chacun des territoires \nconcern\u00e9s\u0bd7;\nLes sources de financement associ\u00e9es au PRAPS ne \nsont pas p\u00e9rennes tandis que la stabilit\u00e9 du poste \nde m\u00e9diateur est essen\u019felle. Le montage financier, \norganisa\u019fonnel et ins\u019ftu\u019fonnel de la m\u00e9dia\u019fon \ndoit \u00eatre par\u019fculi\u00e8rement vigilant \u00e0 soutenir les \ncondi\u019fons perme\u01a9ant de garan\u019fr la qualit\u00e9 et \nl'efficacit\u00e9 des interven\u019fons ainsi que le \nVoir page suivante\nDur\u00e9e du sch\u00e9ma\n67\nDirection D\u00e9partementale des Tetrritoires et de la Mer du Gard - 30-2026-03-27-00002 - Arr\u00eat\u00e9 pr\u00e9fectoral portant approbation du\nSch\u00e9ma D\u00e9partemental d'Accueil et d'Habitat du Gard 2026-2032 75\nMoyens \u00e0 mettre en \u0153uvre\n\uf0b7 Poursuivre le travail de rep\u00e9rage des ressources d\u00e9ploy\u00e9es sur les diff\u00e9rents territoires en ma\u019f\u00e8re \nd'accompagnement des voyageurs et de suivi des parcours de soin\u0bd7;\n\uf0b7 Organiser une rencontre avec l'ensemble des EPCI et des principaux acteurs de sant\u00e9 lors d'un ate-\nlier th\u00e9ma\u019fque de lancement du projet de m\u00e9dia\u019fon en sant\u00e9 sur la base du pr\u00e9-rep\u00e9rage des be-\nsoins poten\u019fels, des ressources et leviers.\n\uf0b7 S'appuyer les \u00ab cellules de coordina\u019fon locale \u00bb existantes ou \u00e0 ini\u019fer (comit\u00e9 de ges\u019fon de la po-\nli\u019fque d'accueil et d'accompagnement des voyageurs par les EPCI) et/ou les Contrats locaux de \nsant\u00e9 (CLS) pour structurer, \u00e0 l'\u00e9chelle de chaque EPCI concern\u00e9s, un disposi\u019ff de m\u00e9dia\u019fon en \nsant\u00e9 en mobilisant localement les acteurs de sant\u00e9 et de l'ac\u019fon sociale (ARS, CTPS, CPAM, Re-\nlais G2A, etc.) ainsi que les associa\u019fons repr\u00e9senta\u019fves des voyageurs et les associa\u019fons solidaires\n(FNASAT, etc.)\u0bd7;\n\uf0b7 S'appuyer sur les autres disposi\u019ffs locaux existants ou acteurs de la sant\u00e9 et pouvant cons\u019ftuer \ndes leviers per\u019fnents et perme\u01a9re d'\u00e9largir la m\u00e9dia\u019fon en sant\u00e9 au profit de l'ensemble des po-\npula\u019fons vuln\u00e9rables des territoires d'interven\u019fon\u0bd7;\n\uf0b7 \u00c9laborer la m\u00e9dia\u019fon en sant\u00e9 sur le socle des missions d\u00e9finies dans le r\u00e9f\u00e9ren\u019fel HAS et sur des \nmoyens humains, financiers et d'ing\u00e9nierie, organis\u00e9s au cas par cas (contribu\u019fon de l'EPCI, ARS, \netc.)\u0bd7;\n\uf0b7 Engager une premi\u00e8re \u00e9tape de lancement pour la mise en place du r\u00e9seau des acteurs en sant\u00e9 \nen vue de la coordina\u019fon des parcours et un diagnos\u019fc ini\u019fal des obstacles au recours \u00e0 la pr\u00e9ven-\n\u019fon et aux soins, aux besoins et a\u01a9entes de l'ensemble des groupes de voyageurs pouvant pr\u00e9sen-\nter des vuln\u00e9rabilit\u00e9s sur le territoire (sites d'ancrages, site d'installa\u019fon longue, aires d'accueil, \netc.)\u0bd7;\n\uf0b7  Dimensionner la mission de m\u00e9dia\u019fon en sant\u00e9 aux besoins iden\u019ffi\u00e9s\n\uf0b7 Garan\u019fr les condi\u019fons de r\u00e9alisa\u019fon et le suivi de la mission de m\u00e9dia\u019fon en sant\u00e9 en ar\u019fcula\u019fon\navec le Relais G2A (mutualisa\u019fon dans le travail de collabora\u019fon avec les partenaires).\n68\nDirection D\u00e9partementale des Tetrritoires et de la Mer du Gard - 30-2026-03-27-00002 - Arr\u00eat\u00e9 pr\u00e9fectoral portant approbation du\nSch\u00e9ma D\u00e9partemental d'Accueil et d'Habitat du Gard 2026-2032 76\nSch\u00e9ma D\u00e9partementald'Accueil et d'habitatdes Gens du Voyagedu Gard2026 \u2014 2032\nAnnexe\u00a01 \u00a0: \nSites d'anc rage\n69\nDirection D\u00e9partementale des Tetrritoires et de la Mer du Gard - 30-2026-03-27-00002 - Arr\u00eat\u00e9 pr\u00e9fectoral portant approbation du\nSch\u00e9ma D\u00e9partemental d'Accueil et d'Habitat du Gard 2026-2032 77\nS OMMAIRE\nCommunaut\u00e9 d'Agglom\u00e9ra\u019fon du Grand Avignon___________________________________________71\nCommunaut\u00e9 d'Agglom\u00e9ra\u019fon de N\u00eemes M\u00e9tropole_________________________________________72\nCommunaut\u00e9 d'Agglom\u00e9ra\u019fon Al\u00e8s Agglom\u00e9ra\u019fon__________________________________________74\nCommunaut\u00e9 d'Agglom\u00e9ra\u019fon du Gard Rhodanien__________________________________________75\nCommunaut\u00e9 de Communes Beaucaire Terre D'Argence______________________________________76\nCommunaut\u00e9 de Communes de Pe\u019fte Camargue____________________________________________77\nCommunaut\u00e9 de Communes Terre de Camargue____________________________________________77\nCommunaut\u00e9 de Communes Rh\u00f4ny, Vistre, Vidourle_________________________________________78\nCommunaut\u00e9 de Communes du Pays de Sommi\u00e8res_________________________________________78\nCommunaut\u00e9 de Communes Pays d'Uz\u00e8s__________________________________________________79\nCommunaut\u00e9 de Communes de C\u00e8ze C\u00e9vennes_____________________________________________79\nCommunaut\u00e9 de Communes Pays Viganais_________________________________________________80\n70\nDirection D\u00e9partementale des Tetrritoires et de la Mer du Gard - 30-2026-03-27-00002 - Arr\u00eat\u00e9 pr\u00e9fectoral portant approbation du\nSch\u00e9ma D\u00e9partemental d'Accueil et d'Habitat du Gard 2026-2032 78\nCommunaut\u00e9 d'Agglom\u00e9ration du Grand Avignon\nUn travail de recensement des situa\u019fons de cabanisa\u019fon sur l'ensemble du territoire de l'EPCI est\nprogramm\u00e9 pour l'automne 2025. Il est indiqu\u00e9 par l'EPCI qu'au vu du caract\u00e8re priv\u00e9 des terrains\niden\u019ffi\u00e9s, des proposi\u019fons d'habitat adapt\u00e9 ou de TFL pourraient ne pas \u00eatre adapt\u00e9es.\nCommunes Sites Nbre\nm\u00e9nages Anciennet\u00e9 Terrain Statut \u00c9quipements D\u00e9marches\nengag\u00e9es Sources\nRoquemaur\ne 4\n4 Plus de 5 ans Priv\u00e9 Propri\u00e9taire Construc\u019fon en dur et\ncaravanes\nAucune\nd\u00e9marche Quest. com. 24.\n4 Entre 2 et 5 ans Priv\u00e9 Propri\u00e9taire Cabanisa \u019fon et caravanes D\u00e9marche\njudiciaire Quest. com. 24\n5 Plus de 5 ans Priv\u00e9 Ne sais pas Cabanisa \u019fon et caravanes Aucune\nd\u00e9marche Quest. com. 24\n4 Plus de 5 ans Priv\u00e9 Propri\u00e9taire Construc\u019fon en dur et\ncaravanes\nAucune\nd\u00e9marche Quest. com. 24\n71\nDirection D\u00e9partementale des Tetrritoires et de la Mer du Gard - 30-2026-03-27-00002 - Arr\u00eat\u00e9 pr\u00e9fectoral portant approbation du\nSch\u00e9ma D\u00e9partemental d'Accueil et d'Habitat du Gard 2026-2032 79\nCommunaut\u00e9 d'Agglom\u00e9ration de N\u00eemes M\u00e9tropole\nL'aire permanente d'accueil de N\u00eemes s'inscrit \u00e0 la fois dans la con\u019fnuit\u00e9 d'une zone industrielle et \u00e0\nproximit\u00e9 d'une zone dense de s\u00e9dentarisa\u019fon / cabanisa\u019fon. La ville de N\u00eemes recense 3 des 4 UPS du\nd\u00e9partement, facilitant ainsi la scolarisa\u019fon d'une par\u019fe des enfants \u00e0 besoins sp\u00e9cifiques, la derni\u00e8re\nse trouvant sur la commune voisine de Milhaud o\u00f9 de nombreuses familles sont s\u00e9dentaris\u00e9es. Le\nCASNAV insiste sur l'importance de la m\u00e9dia\u019fon et de la sensibilisa\u019fon qui peut \u00eatre faite sur les aires\npar le personnel ges\u019fonnaire et d'accompagnement social.\nUne MOUS habitat indigne/gens du voyage a \u00e9t\u00e9 lanc\u00e9e en 2024. Les 13 communes qui se sont port\u00e9es\nvolontaires pour int\u00e9grer ce\u01a9e \u00e9tude ont fait remonter quelque 270 sites poten\u019fels d'occupa\u019fon\nillicite. Or, le march\u00e9 est calibr\u00e9 pour mener \u00e0 bien des diagnos\u019fcs sociaux, juridiques et techniques sur\n40 sites. Un travail de priorisa\u019fon des sites a donc \u00e9t\u00e9 men\u00e9 avec les communes afin de rester dans\nl'\u00e9pure du march\u00e9, mais surtout recentr\u00e9 sur les situa\u019fons o\u00f9 il s'agit, a priori, de voyageurs, en cours\nde s\u00e9dentarisa\u019fon.\nL'un des objec\u019ffs de ce\u01a9e \u00e9tude est de mesurer le nombre de voyageurs, s\u00e9dentaris\u00e9s ou en cours de\ns\u00e9dentarisa\u019fon, qui pourraient \u00eatre int\u00e9ress\u00e9s pour s'installer sur un Terrain Familial Loca\u019ff et si le\nbesoin \u00e9tait av\u00e9r\u00e9, de calibrer la taille de l'\u00e9quipement.\nParall\u00e8lement, dans le cadre du projet partenarial de l'Agence d'Urbanisme de la R\u00e9gion N\u00eemoise et\nAl\u00e9sienne de 2025, une mission d'iden\u019ffica\u019fon des friches urbaines a \u00e9t\u00e9 lanc\u00e9e. Il s'agira pour l'A'U de\nfaire l'inventaire des friches poten\u019fellement mobilisables sur notre territoire aux fins d'habitat, de\nCommunes Sites Nbre\nm\u00e9nages Anciennet\u00e9 Terrain Statut \u00c9quipements D\u00e9marches\nengag\u00e9es Sources\nRodilhan 2\n3 Moins de 2 ans Priv\u00e9 Propri\u00e9taire Cabanisa \u019fon et caravanes D\u00e9marche\nadministra\u019fve Quest. com. 24.\n1 Entre 2 et 5 ans Priv\u00e9 Propri\u00e9taire Cabanisa \u019fon et caravanes D\u00e9marche\nadministra\u019fve Quest. com. 24\nBezouce 2\n1 Plus de 5 ans Priv\u00e9 Propri\u00e9taire Cabanisa \u019fon et caravanes D\u00e9marche\njudiciaire Quest. com. 24\n10 Plus de 5 ans Priv\u00e9 Propri\u00e9taire Cabanisa \u019fon et caravanes Quest. com. 24\nMilhaud 5\n17 Plus de 5 ans Priv\u00e9 Ne sais pas Cabanisa \u019fon et caravanes Quest. com. 24\n12 Plus de 5 ans Priv\u00e9 Propri\u00e9taire Construc\u019fon en dur et\ncaravanes Quest. com. 24\n14 Plus de 5 ans Priv\u00e9 Ne sais pas Cabanisa \u019fon et caravanes Quest. com. 24.\n16 Plus de 5 ans Priv\u00e9 Ne sais pas Construc\u019fon en dur et\ncaravanes Quest. com. 24\n13 Entre 2 et 5 ans Priv\u00e9 Ne sais pas Cabanisa \u019fon et caravanes Quest. com. 24\nCabri\u00e8res 1 10 Moins de 2 ans Priv\u00e9 Propri\u00e9taire Caravanes uniquement Aucune\nd\u00e9marche Quest. com. 24\nG\u00e9n\u00e9rac nc nc Quest. com. 24\nBernis 2\n3 Plus de 5 ans Priv\u00e9 Propri\u00e9taire Construc\u019fon en dur et\ncaravanes Quest. com. 24\n2 Plus de 5 ans Priv\u00e9 Propri\u00e9taire Construc\u019fon en dur et\ncaravanes Quest. com. 24.\nSaint-\nGervasy 1 5 Plus de 5 ans Cabanisa \u019fon et caravanes Quest. com. 24\nN\u00eemes MOUS en cours\n72\nDirection D\u00e9partementale des Tetrritoires et de la Mer du Gard - 30-2026-03-27-00002 - Arr\u00eat\u00e9 pr\u00e9fectoral portant approbation du\nSch\u00e9ma D\u00e9partemental d'Accueil et d'Habitat du Gard 2026-2032 80\nd\u00e9veloppement \u00e9conomique, voire mixte, et les friches mobilisables pour de la renatura\u019fon. Dans le\ncadre de la recherche pour de la cr\u00e9a\u019fon d'habitats, et en fonc\u019fon des futures pr\u00e9conisa\u019fons du\nSDHGDV un focus par\u019fculier sera demand\u00e9 afin d'iden\u019ffier des friches qui pourraient correspondre \u00e0\nun TFL et/ou aire de grand passage.\n73\nDirection D\u00e9partementale des Tetrritoires et de la Mer du Gard - 30-2026-03-27-00002 - Arr\u00eat\u00e9 pr\u00e9fectoral portant approbation du\nSch\u00e9ma D\u00e9partemental d'Accueil et d'Habitat du Gard 2026-2032 81\nCommunaut\u00e9 d'Agglom\u00e9ration Al\u00e8s Agglom\u00e9ration\nL'EPCI es\u019fme que le nombre de places pr\u00e9vues apr\u00e8s la r\u00e9habilita\u019fon de l'APA Al\u00e8s r\u00e9pondra aux\nbesoins, \u00e0 condi\u019fon qu'une r\u00e9ponse aux familles s\u00e9dentaris\u00e9es sur l'aire soit trouv\u00e9e via des TFL.\nLa rencontre du 08 octobre 2024 et la visite de l'aire permanente d'accueil par la coop\u00e9ra\u019fve Cisame\ndu 05 novembre ont permis d'iden\u019ffier des familles r\u00e9siden\u019falis\u00e9es sur l'\u00e9quipement via la pr\u00e9sence\nnotamment de cabanes de jardin d\u00e9montables. L'ensemble de la domicilia\u019fon du public des voyageurs\nest fl\u00e9ch\u00e9e vers l'associa\u019fon la Cl\u00e8de, sp\u00e9cialis\u00e9e dans l'accompagnement de publics en situa\u019fon de\npr\u00e9carit\u00e9 (et non au CCAS). De nombreux voyageurs de passage ou s\u00e9dentaris\u00e9s sur le territoire, y\ncompris chez les i\u019fn\u00e9rants, sont domicili\u00e9s \u00e0 la Cl\u00e8de. Ainsi, le Centre Social des Promelles pr\u00e9sente,\ndans sa file ac\u019fve de personnes accompagn\u00e9es, des familles de voyageurs provenant de l'aire, mais\nsurtout des familles s\u00e9dentaris\u00e9es, plus ou moins volontairement, car n'ayant plus les moyens de\nvoyager. Ces familles vivent \u00e0 Al\u00e8s (parfois de passage sur un terrain derri\u00e8re le stade, faute de place\nsur l'aire) ou dans des communes voisines, notamment \u00e0 Saint Christol. Ces derniers sont dans des\nsitua\u019fons de pr\u00e9carit\u00e9 notables en lien avec des difficult\u00e9s d'inser\u019fon, de ressources, d'acc\u00e8s aux\ndroits et d'ille\u01a9risme.\nCommunes Sites Nbre\nm\u00e9nages Anciennet\u00e9 Terrain Statut \u00c9quipements D\u00e9marches\nengag\u00e9es Sources\nRousson 1 1 Plus de 5 ans Priv\u00e9 Ne sais pas Cabanisa \u019fon et caravanes Quest. com. 24.\nLes Salles-du-\nGardon 1 7 Plus de 5 ans Priv\u00e9 Propri\u00e9taire Construc\u019fon en dur et\ncaravanes Quest. com. 24\nBrignon 1 nc Plus de 5 ans Priv\u00e9 Propri\u00e9taire Cabanisa \u019fon et caravanes D\u00e9marche\nadministra\u019fve Quest. com. 24\nSaint-Christol-\nlez-Al\u00e8s 2\n6 Plus de 5 ans Priv\u00e9 Propri\u00e9taire Cabanisa \u019fon et caravanes Quest. com. 24\n6 Plus de 5 ans Public Sans \u019ftre Cabanisa \u019fon et caravanes D\u00e9marche\nadministra\u019fve Quest. com. 24\nAnduze 1 1 Plus de 5 ans Public Sans \u019ftre Caravanes uniquement Aucune\nd\u00e9marche Quest. com. 24\nSaint Hilaire\nde Bretmas 1 Donn\u00e9es Al\u00e8s\nAgglo\n74\nDirection D\u00e9partementale des Tetrritoires et de la Mer du Gard - 30-2026-03-27-00002 - Arr\u00eat\u00e9 pr\u00e9fectoral portant approbation du\nSch\u00e9ma D\u00e9partemental d'Accueil et d'Habitat du Gard 2026-2032 82\nCommunaut\u00e9 d'Agglom\u00e9ration du Gard Rhodanien\nUne propor\u019fon significa\u019fve de la popula\u019fon des gens du voyage est engag\u00e9e dans des dynamiques de\ns\u00e9dentarisa\u019fon sur le territoire. Plusieurs situa\u019fons de s\u00e9dentarisa\u019fon irr\u00e9guli\u00e8re sont constat\u00e9es,\navec des pr\u00e9sences prolong\u00e9es sur certaines aires d'accueil. L'exp\u00e9rience men\u00e9e \u00e0 Bagnols-sur-C\u00e8ze\n(lieu-dit Bazine) cons\u019ftue un exemple r\u00e9ussi de projet d'habitat adapt\u00e9, combinant relogement et lu\u01a9e\ncontre l'insalubrit\u00e9.\nEn  coh\u00e9rence  avec  le  futur  Programme  Local  de  l'Habitat  (PLH) prescrit  en  d\u00e9cembre  2024,  la\ncommunaut\u00e9 d'agglom\u00e9ra\u019fon souhaite inscrire une fiche ac\u019fon d\u00e9di\u00e9e \u00e0 l'habitat des gens du voyage.\nCommunes Sites Nbre\nm\u00e9nages Anciennet\u00e9 Terrain Statut \u00c9quipements D\u00e9marches\nengag\u00e9es Sources\nSaint-Geni\u00e8s-\nde-Comolas 6\n6 Plus de 5 ans Priv\u00e9 Propri\u00e9taire Cabanisa \u019fon et caravanes Aucune\nd\u00e9marche\nQuest. com.\n24.\n8 Plus de 5 ans Priv\u00e9 Propri\u00e9taire Construc\u019fon en dur et\ncaravanes\nD\u00e9marche\nadministra\u019fve Quest. com. 24\n4 Plus de 5 ans Priv\u00e9 Propri\u00e9taire Construc\u019fon en dur et\ncaravanes\nAucune\nd\u00e9marche Quest. com. 24\nnc Moins de\n2 ans Priv\u00e9 Propri\u00e9taire nc Aucune\nd\u00e9marche Quest. com. 24\n1 Plus de 5 ans Priv\u00e9 nc Construc\u019fon en dur et\ncaravanes\nAucune\nd\u00e9marche Quest. com. 24\n2 Plus de 5 ans Priv\u00e9 Propri\u00e9taire Caravanes uniquement Aucune\nd\u00e9marche Quest. com. 24\nLaudun-\nl'Ardoise 1 9 Plus de 5 ans Public Propri\u00e9taire Caravanes uniquement Aucune\nd\u00e9marche\nQuest. com.\n24.\nSt  Julien  de\nPeyrolas 2 100/150\npers Plus de 5 ans Priv\u00e9 Propri\u00e9taire Construc\u019fon en dur et\ncaravanes\nConstat d'huissier\n+ d\u00e9moli\u019fon\nnouvelles\nconstruc\u019fons\nEntre\u019fen\nMaire\n75\nDirection D\u00e9partementale des Tetrritoires et de la Mer du Gard - 30-2026-03-27-00002 - Arr\u00eat\u00e9 pr\u00e9fectoral portant approbation du\nSch\u00e9ma D\u00e9partemental d'Accueil et d'Habitat du Gard 2026-2032 83\nCommunaut\u00e9 de Communes Beauc aire Terre D'Argenc e\nSur Bellegarde, de nombreux m\u00e9nages se sont s\u00e9dentaris\u00e9s et r\u00e9sident dans le centre ancien ou dans\nles logements loca\u019ffs sociaux (sans la caravane). Seuls subsistent 2 sites et 3 m\u00e9nages : 1 m\u00e9nage\nChemin de Caron et 3 m\u00e9nages et 1 associa\u019fon (\u00ab Vie et Lumi\u00e8re \u00bb) Chemin de Connangles.\nEn ce qui concerne le site compos\u00e9 de 7 m\u00e9nages sur la commune de Beaucaire (sur le site dit du\nChemin du Gras Agneau), l'\u00e9tude men\u00e9e en 2021 indique qu'un m\u00e9nage souhaite qui\u01a9er le site,\nnotamment en lien avec les probl\u00e9ma\u019fques de pollu\u019fon due \u00e0 l'ac\u019fvit\u00e9 de la cimenterie (rejets de\npoussi\u00e8res essen\u019fellement). Le site se trouve en effet sur un secteur \u00e0 risques industriel et en zone\nrouge du PPRI. Les terrains sont desservis par le r\u00e9seau d'\u00e9lectricit\u00e9, mais d\u00e9pourvus d'acc\u00e8s \u00e0 l'eau\npotable. Acc\u00e8s via des puits art\u00e9siens. La pr\u00e9sence de caravanes est observ\u00e9e, sans que leur usage ne\npuisse \u00eatre caract\u00e9ris\u00e9.\nL'autre site compos\u00e9 de 4 m\u00e9nages, \u00e9galement situ\u00e9 sur la commune de Beaucaire, au lieu-dit du\nvillage Noir, se trouve \u00e9galement en zone rouge du PPRI. De m\u00eame que le site pr\u00e9c\u00e9dent, les terrains\nsont desservis par le r\u00e9seau d'\u00e9lectricit\u00e9, mais d\u00e9pourvus d'acc\u00e8s \u00e0 l'eau potable.\nL'\u00e9tude men\u00e9e en 2021 indique que le site dit du Mas du Rispe sur la commune de Bellegarde ne\ncons\u019ftuerait pas a priori un lieu d'habitat, mais seulement d'ac\u019fvit\u00e9 m\u00e9canique et de ferraillage pour\ndes m\u00e9nages en logement social sur la commune.\nLa m\u00eame \u00e9tude confirme la pr\u00e9sence sur le site dit du Chemin de Connangles sur la commune de\nBellegarde, d'un ensemble de 6 m\u00e9nages int\u00e9grant la caravane dans un espace d'habitat relevant de la\ncabanisa\u019fon.\nCommunes Sites Nbre\nm\u00e9nages Anciennet\u00e9 Terrain Statut \u00c9quipements D\u00e9marches\nengag\u00e9es\nSources et\ncommentaires\nBellegarde 2\n1 Plus de 5 ans Priv\u00e9 Propri\u00e9taire Construc\u019fon en dur et\ncaravanes\nAucune\nd\u00e9marche Quest. com. 24.\n2 Plus de 5 ans Priv\u00e9 Propri\u00e9taire Construc\u019fon en dur et\ncaravanes\nAucune\nd\u00e9marche Quest. com. 24\nBeaucaire 2\n7 Plus de 5 ans Priv\u00e9 Propri\u00e9taire Construc\u019fon en dur et\ncaravanes\nAucune\nd\u00e9marche \u00c9tude juin 2021.\n 4 Plus de 5 ans Priv\u00e9 Propri\u00e9taire Construc\u019fon en dur et\ncaravanes\nAm\u00e9nagements\npour faciliter la\ncircula\u019fon\n76\nDirection D\u00e9partementale des Tetrritoires et de la Mer du Gard - 30-2026-03-27-00002 - Arr\u00eat\u00e9 pr\u00e9fectoral portant approbation du\nSch\u00e9ma D\u00e9partemental d'Accueil et d'Habitat du Gard 2026-2032 84\nCommunaut\u00e9 de Communes de Petite Camargue\nPas de site d'ancrage / s\u00e9dentarisa\u019fon iden\u019ffi\u00e9 au moyen de l'enqu\u00eate aupr\u00e8s des communes\nUn site d'ancrage ou de s\u00e9dentarisa\u019fon avait \u00e9t\u00e9 iden\u019ffi\u00e9 en 2018 dans le cadre du diagnos\u019fc de la\nderni\u00e8re r\u00e9vision sur la commune du Cailar. Il s'agissait d'un terrain dont les 2 familles occupantes\n\u00e9taient propri\u00e9taires avec pr\u00e9sence de caravanes et cabanons. Bien que la commune de Cailar ait\nr\u00e9pondu \u00e0 l'enqu\u00eate men\u00e9e aupr\u00e8s des communes du d\u00e9partement dans le cadre de la pr\u00e9sente\nr\u00e9vision, elle n'a pas signal\u00e9 ce site.\nLa commune d'Aimargue n'a pas r\u00e9pondu \u00e0 l'enqu\u00eate et aucune informa\u019fon actualis\u00e9e n'est donc\ndisponible sur le site d'ancrage qui avait \u00e9galement \u00e9t\u00e9 iden\u019ffi\u00e9 en 2018, soit un groupe familial\npropri\u00e9taire du terrain, compos\u00e9 de 40 caravanes dont les enfants sont scolaris\u00e9s sur la commune. Il\n\u00e9tait par ailleurs signal\u00e9 en 2018 que le groupe en ques\u019fon \u00e9tait essen\u019fellement pr\u00e9sent sur le terrain\nautour de l'hiver, 6 mois dans l'ann\u00e9e, en conservant une forme d'i\u019fn\u00e9rance le reste de l'ann\u00e9e. Le\nmain\u019fen de ce site d'ancrage est confirm\u00e9 en 2023 par les donn\u00e9es issues de l'enqu\u00eate du CASNAV\naupr\u00e8s des \u00e9tablissements scolaires. Ainsi, l'\u00e9cole \u00e9l\u00e9mentaire Simone Veil et l'\u00e9cole \u00e9l\u00e9mentaire\nF. Guillerme, 11 EFIV (\u00e9l\u00e8ves issus de familles i\u019fn\u00e9rantes et de voyageurs) sont recens\u00e9s par le CASNAV\n\u00e0 Aimargue. Sachant que dans l'EPCI, toutes les communes n'ont pas fait remonter leurs chiffres et que\ndes enfants s\u00e9dentaris\u00e9s ne sont plus compt\u00e9s comme EFIV par les enseignants, bien que leur rapport \u00e0\nl'\u00e9cole et aux appren\u019fssages garde toutes les sp\u00e9cificit\u00e9s des enfants de voyageurs.\nCommunaut\u00e9 de Communes Terre de Camargue\nSur Saint Laurent d'Aigouze, l'octroi d'un permis de construire pour les deux familles en situa\u019fon\nd'ancrage par cabanisa\u019fon, sur un terrain non construc\u019fble avec des al\u00e9as de risques forts / PPRI n'a\npu abou\u019fr \u00e0 une r\u00e9gularisa\u019fon du ph\u00e9nom\u00e8ne.\nCommunes Sites Nbre\nm\u00e9nages Anciennet\u00e9 Terrain Statut \u00c9quipements D\u00e9marches\nengag\u00e9es\nSources et\ncommentaires\nSaint-\nLaurent-\nd'Aigouze\n1 2 Plus de 5 ans Priv\u00e9 Propri\u00e9taire Cabanisa \u019fon et caravanes Aucune\nd\u00e9marche Quest. com. 24.\n77\nDirection D\u00e9partementale des Tetrritoires et de la Mer du Gard - 30-2026-03-27-00002 - Arr\u00eat\u00e9 pr\u00e9fectoral portant approbation du\nSch\u00e9ma D\u00e9partemental d'Accueil et d'Habitat du Gard 2026-2032 85\nCommunaut\u00e9 de Communes Rh\u00f4ny, Vistre, Vidourle\nL'arr\u00eat\u00e9 30-2019-0719-004 portant r\u00e9vision du sch\u00e9ma pr\u00e9conisait la r\u00e9alisa\u019fon d'habitat adapt\u00e9\net/ou de terrains familiaux, afin d'am\u00e9liorer les condi\u019fons d'habitat des gens du voyage, sur les\ncommunes de Gallargues-le-Montueux, du Mus, Aubais, Aigues-Vives et Verg\u00e8ze. Par ailleurs, le site\nd'ancrage signal\u00e9 par la commune d'Aubais avait \u00e9galement \u00e9t\u00e9 rep\u00e9r\u00e9 en 2018 dans le diagnos\u019fc de la\npr\u00e9c\u00e9dente r\u00e9vision. Tel n'\u00e9tait pas le cas en revanche des deux sites sur la commune de Vestric-et-\nCandiac.\nSeules 4 communes sur les 10 que compte l'EPCI ont r\u00e9pondu \u00e0 l'enqu\u00eate. Ainsi, plusieurs autres sites\nn'ont pas \u00e9t\u00e9 signal\u00e9s. Les sites d'ancrage de Verg\u00e8ze (n'ayant pas r\u00e9pondu) le long du Puech Long\nd'une famille locataire d'un terrain public et vivant en caravane n'ont pas \u00e9t\u00e9 signal\u00e9s : il \u00e9tait signal\u00e9\nen 2018 qu'une solu\u019fon d'habitat adapt\u00e9 \u00e9tait recherch\u00e9e pour ce\u01a9e famille. Depuis, une solu\u019fon a\n\u00e9t\u00e9 trouv\u00e9e par la commune avec l'a\u01a9ribu\u019fon d'un logement social. Les communes de Mus, d'Aigues-\nVives et de Callargues-le-Montueux avaient \u00e9galement \u00e9t\u00e9 rep\u00e9r\u00e9es pour des situa\u019fons d'ancrage.\nAvec les deux autres communes d'Aubais et de Verg\u00e8ze, elles ont ainsi fait l'objet de pr\u00e9conisa\u019fons en\nma\u019f\u00e8re d'habitat adapt\u00e9 et/ou de terrains familiaux dans le pr\u00e9c\u00e9dent sch\u00e9ma.\nEn ce qui concerne le site de Verg\u00e8ze, la situa\u019fon des familles qui y \u00e9taient pr\u00e9sentes semble avoir \u00e9t\u00e9\nr\u00e9solue par l'a\u01a9ribu\u019fon par la commune d'un logement social.\nCommunaut\u00e9 de Communes du Pays de Sommi\u00e8res\nUn seul site de s\u00e9dentarisa\u019fon a \u00e9t\u00e9 iden\u019ffi\u00e9 sur la commune de Fontanes, mais sans pr\u00e9cisions sur le\nm\u00e9nage, le type de terrain et son mode d'occupa\u019fon.\nCommunes Sites Nbre\nm\u00e9nages Anciennet\u00e9 Terrain Statut \u00c9quipements D\u00e9marches\nengag\u00e9es\nSources et\ncommentaires\nVestric-et-\nCandiac 2 Plus de 5 ans Priv\u00e9 Propri\u00e9taire Construc\u019fon en dur et\ncaravanes\nAucune\nd\u00e9marche Quest. com. 24.\nVestric-et-\nCandiac Plus de 5 ans Priv\u00e9 Locataire Caravanes uniquement Aucune\nd\u00e9marche Quest. com. 24\nAubais 1 2 Plus de 5 ans Priv\u00e9 Propri\u00e9taire Construc\u019fon en dur et\ncaravanes\nD\u00e9marche\njudiciaire Quest. com. 24\nCommunes Sites Nbre\nm\u00e9nages Anciennet\u00e9 Terrain Statut \u00c9quipements D\u00e9marches\nengag\u00e9es\nSources et\ncommentaires\nFontan\u00e8s 1 1 NC NC NC NC NC Quest. com. 24.\n78\nDirection D\u00e9partementale des Tetrritoires et de la Mer du Gard - 30-2026-03-27-00002 - Arr\u00eat\u00e9 pr\u00e9fectoral portant approbation du\nSch\u00e9ma D\u00e9partemental d'Accueil et d'Habitat du Gard 2026-2032 86\nCommunaut\u00e9 de Communes Pays d'Uz\u00e8s\n2 EFIV (\u00e9l\u00e8ves issus de familles i\u019fn\u00e9rantes et de voyageurs) seulement ont \u00e9t\u00e9 recens\u00e9s par le CASNAV\n\u00e0 UZES sachant que, dans ce\u01a9e communaut\u00e9 de communes, toutes les communes n'ont pas fait\nremonter leurs chiffres et que des enfants s\u00e9dentaris\u00e9s ne sont plus compt\u00e9s comme EFIV par les\nenseignants, bien que leur rapport \u00e0 l'\u00e9cole et aux appren\u019fssages garde les sp\u00e9cificit\u00e9s des enfants de\nvoyageurs.\nCommunaut\u00e9 de Communes de C\u00e8ze C\u00e9vennes\nBien que non soumise \u00e0 obliga\u019fon, la commune a souhait\u00e9 un entre\u019fen avec la coop\u00e9ra\u019fve Cisame en\nraison  d'une  situa\u019fon  de  s\u00e9dentarisa\u019fon  tr\u00e8s  ancienne  pr\u00e9sentant  un  certain  nombre  de\nprobl\u00e9ma\u019fques. \nIl s'agit d'une famille install\u00e9e au Vigan depuis l'apr\u00e8s-guerre et pleinement int\u00e9gr\u00e9e \u00e0 la vie locale.\nCependant, le site d'ancrage est situ\u00e9 en zone d'al\u00e9as tr\u00e8s fort concernant les \u00ab d\u00e9bordements de cours\nd'eau et submersion marine \u00bb (cf PPRI). La parcelle est situ\u00e9e en zone N du PLU de la commune. Le PPRi\nde 19984 rela\u019ff au cours d'eau de l'Arre inf\u00e9rieure fait d\u00e9j\u00e0 \u00e9tat du posi\u019fonnement d'une \u00ab aire\nd'accueil des gens du voyage \u00bb (non inscrite au sch\u00e9ma) en zone inondable.\nAu cours des derni\u00e8res d\u00e9cennies, la mairie a tent\u00e9 par deux fois de trouver des solu\u019fons \u00e0 ce\u01a9e\nsitua\u019fon, mais qui n'ont pu abou\u019fr (proposi\u019fon d'un nouveau terrain non adapt\u00e9 / proposi\u019fon de\nrelogement en collabora\u019fon avec la sous-pr\u00e9fecture, mais qui n'a pu \u00eatre men\u00e9 \u00e0 terme au vu d'une\n\u00e9volu\u019fon des besoins). \nDifficult\u00e9 et enjeux actuels iden\u019ffi\u00e9s par la commune :  \n- absence de terrains communaux suffisamment grands (PPRI\u2026)\u2009;\n- prise en compte des besoins des familles concern\u00e9es : mobilit\u00e9 et localisa\u019fon (rester proche\ndu centre), nombre de personnes concern\u00e9es\u2009;\n- besoin d'un sou\u019fen des services de l'\u00c9tat. \n4 h\u01a9ps://www.gard.gouv.fr/contenu/telechargement/15571/100036/file/1.1%20-%20Note%20de%20pr\n%C3%A9senta\u019fon.pdf \nCommunes Sites Nbre\nm\u00e9nages Anciennet\u00e9 Terrain Statut \u00c9quipements D\u00e9marches\nengag\u00e9es\nSources et\ncommentaires\nArpaillargues-\net-Aureillac 2\n3 Plus de 5 ans Priv\u00e9 Quest. com. 24.\n3 Entre 2 et 5 ans Priv\u00e9 Quest. com. 24\nCas\u019fllon-du-\nGard 1 Quest. com. 24\nBelv\u00e9zet 1 5 Quest. com. 24\n79\nDirection D\u00e9partementale des Tetrritoires et de la Mer du Gard - 30-2026-03-27-00002 - Arr\u00eat\u00e9 pr\u00e9fectoral portant approbation du\nSch\u00e9ma D\u00e9partemental d'Accueil et d'Habitat du Gard 2026-2032 87\nCommunaut\u00e9 de Communes Pays Viganais\nLa MOUS de Saint-Ambroix a r\u00e9v\u00e9l\u00e9 la pr\u00e9sence de 24 m\u00e9nages et 63 personnes sur le \u00ab terrain de\ns\u00e9dentarisa\u019fon \u00bb  de  la  commune.  Ce  site  d'ancrage  informel,  sous  la  forme  d'une  organisa\u019fon\nspontan\u00e9e  sans  infrastructure,  est  occup\u00e9  de  fa\u00e7on  permanente  et de  longue  date.  Le  site  est\npoten\u019fellement qualifiable de bidonville et pourrait abou\u019fr \u00e0 la mise en place d'une op\u00e9ra\u019fon de\nr\u00e9sorp\u019fon de l'habitat insalubre (RHI). Deux possibilit\u00e9s s'offrent aux 9 sous-groupes iden\u019ffi\u00e9s par\nl'op\u00e9rateur ayant men\u00e9 la MOUS : PLAI-A et/ou TFL. Les r\u00e9flexions engag\u00e9es au moment de la r\u00e9vision\nsont amen\u00e9es \u00e0 se poursuivre.\n80\nDirection D\u00e9partementale des Tetrritoires et de la Mer du Gard - 30-2026-03-27-00002 - Arr\u00eat\u00e9 pr\u00e9fectoral portant approbation du\nSch\u00e9ma D\u00e9partemental d'Accueil et d'Habitat du Gard 2026-2032 88\nSch\u00e9ma D\u00e9partementald'Accueil et d'Habitatdes Gens du Voyagedu Gard2026 \u2014 2032 Liber\u00bbBgl FretnsaPREFECTURE DU GARD\nAnnexe\u00a02\u00a0:\nAc c \u00e8s aux soins et \u00e0 la\nsant\u00e9 des voyageurs sur\nle d\u00e9partement du Gard\n81\nDirection D\u00e9partementale des Tetrritoires et de la Mer du Gard - 30-2026-03-27-00002 - Arr\u00eat\u00e9 pr\u00e9fectoral portant approbation du\nSch\u00e9ma D\u00e9partemental d'Accueil et d'Habitat du Gard 2026-2032 89\nLa sant\u00e9\u00a0: un levier d'ac tion non retenu par le pr\u00e9c \u00e9dent\nsc h\u00e9ma,  mais soutenu  par  le d\u00e9ploiement  d'une offre\ndiversifi\u00e9e\nLa th\u00e9ma\u019fque de l'acc\u00e8s aux soins et \u00e0 la sant\u00e9 n'a pas fait l'objet d'une ac\u019fon sp\u00e9cifique dans le\nsch\u00e9ma 2019-2024. Le volet sant\u00e9 cons\u019ftue pourtant un volet obligatoire du sch\u00e9ma d\u00e9partemental\nd'accueil  et  d'habitat  des  gens  du  voyage,  au  m\u00eame  \u019ftre  que  les  autres  th\u00e9ma\u019fques  de\nl'accompagnement social, dont une \u00e9valua\u019fon des besoins et de l'offre doit \u00eatre r\u00e9alis\u00e9e dans le cadre\nde la r\u00e9vision. Il faut se r\u00e9f\u00e9rer au document final du diagnos\u019fc pour retrouver un document d\u00e9di\u00e9 sous\nla forme d'une \u00ab annexe obligatoire \u00bb (l'annexe 1). Outre les recommanda\u019fons g\u00e9n\u00e9riques concernant\nles \u00e9l\u00e9ments pr\u00e9alables \u00e0 la localisa\u019fon d'un terrain d'accueil et \u00e0 ses \u00e9quipements, quatre axes\nfiguraient dans ce\u01a9e annexe : l'axe pr\u00e9ven\u019ff\u2009; l'axe informa\u019ff\u2009; l'axe de la \u00ab n\u00e9gocia\u019fon \u00bb\u2009; l'axe de\nsou\u019fen\nCes pistes d'ac\u019fon n'ont pour autant pas cons\u019ftu\u00e9 des rep\u00e8res et des leviers de mobilisa\u019fon des\nacteurs impliqu\u00e9s. En effet, la vie du sch\u00e9ma 2019-2024 est marqu\u00e9e par l'absence de rencontre et de\nmise au travail de ces diff\u00e9rents axes jusqu'\u00e0 fin 2023. En janvier 2024, la DDARS est toutefois sollicit\u00e9e\npour par\u019fciper \u00e0 des \u00e9changes sur ce\u01a9e ques\u019fon, donnant lieu \u00e0 une r\u00e9union sur la th\u00e9ma\u019fque de la\nsant\u00e9 des voyageurs le 26 mars 2024 (dans la perspec\u019fve de la r\u00e9vision).\nPar ailleurs, l'existence d'une mission d'accompagnement social port\u00e9e par le Conseil d\u00e9partemental\ndepuis 2012 cons\u019ftue un levier concret du point de vue des moyens mis en place en direc\u019fon de\nfamilles  de  voyageurs  pr\u00e9sentes  sur  la  plupart  des  \u00e9quipements  d'accueil  du  d\u00e9partement.  Le\nrenouvellement du march\u00e9 en 2024 s'est accompagn\u00e9 de nouvelles exigences et d'un renforcement de\nla mission d\u00e9sormais exclusivement mise en \u0153uvre par un professionnel dipl\u00f4m\u00e9 d'\u00c9tat.\nLa pr\u00e9sence physique des intervenants sur les \u00e9quipements d'accueil des gens du voyage poursuit\nl'objec\u019ff de construc\u019fon d'un lien avec les services de droit commun. La dimension de m\u00e9dia\u019fon est\ndirectement inscrite dans ce\u01a9e interven\u019fon. Celle-ci d\u00e9passe ainsi un \u00ab simple \u00bb \u00e9tat des lieux des\ndifficult\u00e9s des personnes : l'intervenant est le premier maillon de la cha\u00eene d'interven\u019fon qui rend\npossible la mise en place d'une ac\u019fon coordonn\u00e9e des diff\u00e9rents professionnels suscep\u019fbles de\nr\u00e9pondre aux besoins des personnes concern\u00e9es. \nPar ailleurs, un projet de m\u00e9dia\u019fon en sant\u00e9 est port\u00e9 par l'EPCI du Gard Rhodanien sous la forme d'un\nfinancement  de  l'associa\u019fon  Riposte  charg\u00e9e,  \u00e0  la  demande  de  professionnels  du  soin  ou  des\npersonnes elles-m\u00eames, d'intervenir dans la rela\u019fon pa\u019fent/soignant pour garan\u019fr la mise en place et\nle suivi de soins.\n\u00c9 tat  des  lieux  de  l'offre\u00a0:  Un  ensemble  de  moyens\ndisponibles,  entre les servic es de droit  c ommun  et  les\ndispositifs sp\u00e9c ifiques\nLe programme r\u00e9gional d'acc\u00e8s \u00e0 la pr\u00e9ven\u019fon et aux soins (PRAPAS) 2023-2028 de l'Occitanie d\u00e9fend\nun mode d'interven\u019fon fond\u00e9 sur  l'\u00ab universalisme propor\u019fonn\u00e9 \u00bb : il s'agit de lu\u01a9er contre les\nin\u00e9galit\u00e9s  sociales  de  sant\u00e9  selon  une  \u00e9chelle  et  une  intensit\u00e9  propor\u019fonnelle  au  degr\u00e9  de\n\u00ab d\u00e9favorisa\u019fon \u00bb, notamment en d\u00e9veloppant des ac\u019fons d'aller vers au sens large, c'est-\u00e0-dire en\n\u00ab s'adaptant au public des personnes vuln\u00e9rables et non en lui demandant de s'adapter au syst\u00e8me \u00bb.\nIl pr\u00e9voit ainsi, dans le \u00ab d\u00e9fi 3 \u00bb, de d\u00e9ployer une strat\u00e9gie de pr\u00e9ven\u019fon et de promo\u019fon de la sant\u00e9\nadapt\u00e9e aux besoins des publics prioritaires par le \u00ab d\u00e9ploiement cibl\u00e9 tant des messages que des\ninterven\u019fons \u00bb. Le diagnos\u019fc men\u00e9 dans le cadre de la r\u00e9vision s'est ainsi int\u00e9ress\u00e9 \u00e0 la mise en \u0153uvre\n82\nDirection D\u00e9partementale des Tetrritoires et de la Mer du Gard - 30-2026-03-27-00002 - Arr\u00eat\u00e9 pr\u00e9fectoral portant approbation du\nSch\u00e9ma D\u00e9partemental d'Accueil et d'Habitat du Gard 2026-2032 90\nconcr\u00e8te des moyens perme\u01a9ant de r\u00e9duire les in\u00e9galit\u00e9s sociales de sant\u00e9 auxquelles sont expos\u00e9s les\nvoyageurs.\nLes moyens \u00e9voqu\u00e9s dans le sch\u00e9ma d\u00e9partemental des solidarit\u00e9s sociales viennent en \u00e9cho avec\nce\u01a9e  approche.  Ils  repr\u00e9sentent de  nouvelles  modalit\u00e9s d'ac\u019fon effec\u019fvement d\u00e9ploy\u00e9es  sur  le\nterritoire, tel que l'adapta\u019fon de \u00ab nouveaux modes et lieux de consulta\u019fon \u00bb des professionnels du\nConseil D\u00e9partemental ainsi que la \u00ab m\u00e9dia\u019fon sant\u00e9 \u00bb, ou la poursuite de disposi\u019ffs pr\u00e9existants, tel\nque le barom\u00e8tre du renoncement aux soins et sa mise en \u0153uvre d\u00e9sormais port\u00e9e par la Mission\naccompagnement sant\u00e9 de la CPAM.\nIl a \u00e9t\u00e9 rappel\u00e9 au cours des diff\u00e9rentes rencontres organis\u00e9es dans le cadre de la r\u00e9vision, toute\nl'importance de la mobilisa\u019fon et la mise en \u0153uvre des services de droit commun, tout en adaptant,\nautant  que  possible,  ces  derniers  aux  facteurs  d'in\u00e9galit\u00e9  dans  l'acc\u00e8s  aux  soins.  Tel  est\npar\u019fculi\u00e8rement le cas de la PMI, dont trois caract\u00e9ris\u019fques sont rep\u00e9r\u00e9es au regard de son ac\u019fon\naupr\u00e8s de la popula\u019fon des voyageurs :\n\u2014Ce service intervient aupr\u00e8s des familles de voyageurs comme aupr\u00e8s des autres m\u00e9nages du\nterritoire. En ce qui concerne les modalit\u00e9s de rencontre et d'\u00e9change, il est prioritairement\npropos\u00e9 un rendez-vous dans les centres m\u00e9dico-sociaux, mais des visites \u00e0 domicile peuvent\n\u00eatre pr\u00e9vues.\n\u2014Inversement, le service n'est pas organis\u00e9 comme une presta\u019fon suscep\u019fble de se traduire\nsous la forme de permanences sur les \u00e9quipements, ce\u01a9e interven\u019fon \u00e9tant port\u00e9e par le\nrelais G2A\u2009; par  ailleurs,  il n'existe  plus  de syst\u00e9ma\u019fcit\u00e9 d'une informa\u019fon  de  la  mise \u00e0\ndisposi\u019fon  de  la  PMI  aupr\u00e8s  des  familles  \u00e0  par\u019fr  des  d\u00e9clara\u019fons  de  naissance.  Les\nsollicita\u019fons  proviennent  essen\u019fellement  des  \u00ab liaisons  h\u00f4pital \u00bb  autour  de  situa\u019fons\nsp\u00e9cifiques signal\u00e9es par les professionnels de sant\u00e9 ou par les intervenants sociaux.\n\u2014La PMI cons\u019ftue un service de pr\u00e9ven\u019fon bien rep\u00e9r\u00e9 par les voyageurs et une porte d'entr\u00e9e\nprivil\u00e9gi\u00e9e  pour  aborder  les  ques\u019fons  de  sant\u00e9  avec  les  familles  qui  sollicitent  plus\nvolon\u019fers ce service que les autres acteurs de la sant\u00e9\u2009;\n\u2014Le d\u00e9faut de m\u00e9decin ou la difficult\u00e9 de trouver un m\u00e9decin r\u00e9f\u00e9rent peut entrainer des\nsollicita\u019fons de la PMI par les familles de voyageurs au-del\u00e0 de son p\u00e9rim\u00e8tre d'interven\u019fon,\nc'est-\u00e0-dire pour  des  consulta\u019fons  m\u00e9dicales  et non plus  seulement la pr\u00e9ven\u019fon et  le\ndiagnos\u019fc.\nLe d\u00e9partement et certains des territoires infrad\u00e9partementaux disposent de disposi\u019ffs d'aller-vers\ndans le champ de la sant\u00e9 :\n\u2014Tel est par\u019fculi\u00e8rement le cas des deux m\u00e9dia\u019fons en sant\u00e9 sur le Gard. La m\u00e9dia\u019fon en sant\u00e9\ncons\u019ftue un disposi\u019ff de pr\u00e9ven\u019fon qui n'a pas voca\u019fon \u00e0 r\u00e9aliser des soins, mais \u00e0 \u00e9tablir un\nlien avec les  diff\u00e9rents professionnels de sant\u00e9 dans la perspec\u019fve de l'acc\u00e8s aux droits\ncommuns  et  de  la  mise  en  \u0153uvre  d'un  parcours  de  soins  effec\u019ff,  en  d\u00e9ployant  un\naccompagnement  sp\u00e9cifique  en  fonc\u019fon  des  besoins  de  chaque  personne.  L'une  des\nm\u00e9dia\u019fons est mise en \u0153uvre par l'associa\u019fon Riposte sur la commune de Bagnols, l'autre est\nport\u00e9 par le CPTS de Bess\u00e8ges. La Communaut\u00e9 d'Agglom\u00e9ra\u019fon du Gard Rhodanien a en effet\nlanc\u00e9 avec l'associa\u019fon RISPOSTE une ac\u019fon sur les aires de Bagnols-sur-C\u00e8ze et Laudun\nl'Ardoise. Dans ce cadre, une infirmi\u00e8re intervient deux fois 2 h par mois sur chaque aire\nd'accueil.\n\u2014De m\u00eame, une personne est en  charge de la m\u00e9dia\u019fon sur C\u00e8ze-C\u00e9vennes (et au-del\u00e0),\nnotamment sur Saint-Ambroix. Mais le disposi\u019ff semble souffrir d'un manque de visibilit\u00e9\nglobal aupr\u00e8s de la popula\u019fon des voyageurs. D'o\u00f9 la n\u00e9cessit\u00e9 de rendre plus ac\u019fve la\nm\u00e9dia\u019fon, par\u019fculi\u00e8rement dans un contexte d'instabilit\u00e9 qui rend difficile l'\u00e9tablissement\nd'un lien de confiance avec les familles\u2009;\n83\nDirection D\u00e9partementale des Tetrritoires et de la Mer du Gard - 30-2026-03-27-00002 - Arr\u00eat\u00e9 pr\u00e9fectoral portant approbation du\nSch\u00e9ma D\u00e9partemental d'Accueil et d'Habitat du Gard 2026-2032 91\n\u2014\u00c0 l'\u00e9chelle du d\u00e9partement, une instruc\u019fon de la CPAM a r\u00e9cemment confirm\u00e9 la d\u00e9marche\nd'\u00ab Accompagnement sant\u00e9 \u00bb aupr\u00e8s des personnes qui pr\u00e9sentent des difficult\u00e9s pour se\nsoigner, notamment dans les cas de renoncement\u2009;\n\u2014Le  centre  de  vaccina\u019fon  ambulatoire  d\u00e9partemental peut  r\u00e9aliser  des  op\u00e9ra\u019fons  de\nd\u00e9pistage  et/ou  de  vaccina\u019fon  de  tout public  en  situa\u019fon  de  pr\u00e9carit\u00e9  via  les  \u00e9quipes\nmobiles d\u00e9di\u00e9es et financ\u00e9es pour les campagnes hors les murs (lu\u01a9e contre la tuberculose,\nd\u00e9pistages et pr\u00e9ven\u019fon IST, etc.)\n\u2014Il en va de m\u00eame en ce qui concerne le d\u00e9pistage du cancer du sein : les disposi\u019ffs d\u00e9di\u00e9s ne\nsont pas mobilis\u00e9s en direc\u019fon des familles de voyageurs pr\u00e9sents sur les aires d'accueil ou les\nterrains familiaux. Cela pourrait \u00eatre le cas, \u00e0 l'exemple de ce qui a \u00e9t\u00e9 r\u00e9alis\u00e9 dans certains\nquar\u019fers prioritaires, si un lien est \u00e0 m\u00eame d'\u00eatre \u00e9tabli avec les familles, que ce soit sur les\n\u00e9quipements ou non, par le biais des travailleurs sociaux, de r\u00e9f\u00e9rents sur site ou d'autres\ninterm\u00e9diaires\u2009;\nParmi les ini\u019fa\u019fves existantes ou en cours de d\u00e9veloppement, un certain nombre d'entre elles sont\nd'ores et d\u00e9j\u00e0 iden\u019ffi\u00e9es comme pouvant apporter une am\u00e9liora\u019fon, \u00e0 condi\u019fon de faire \u00e9merger le\npublic des voyageurs en tant que b\u00e9n\u00e9ficiaire poten\u019fel de leurs ac\u019fons ou de leur a\u01a9en\u019fon :\n\u2014Ateliers sant\u00e9-ville du RESEDA \u00e0 Al\u00e8s\u2009;\n\u2014Ouverture d'un p\u00f4le sant\u00e9 ambulatoire \u00e0 Al\u00e8s des\u019fn\u00e9 aux pa\u019fents sans m\u00e9decin traitant\u2009;\n\u2014Un Atelier Sant\u00e9 Ville du Grand Avignon int\u00e9gr\u00e9 au contrat de ville (organisa\u019fon d'ateliers avec\nr\u00e9sidents sur les APA pour iden\u019ffica\u019fon des besoins)\n\u2014Mobilisa\u019fon poten\u019felle de l'associa\u019fon Riposte dans l'ensemble le Gard Rhodanien dans le\ncadre de la m\u00e9dia\u019fon en sant\u00e9\u2009;\n\u2014Les Permanences d'acc\u00e8s aux soins de sant\u00e9 (PASS) de N\u00eemes et Al\u00e8s\u2009;\n\u2014L'inscrip\u019fon dans les CLS (dont celui du Gard Rhodanien en cours de r\u00e9\u00e9criture) du public GDV\ncomme n\u00e9cessitant des ac\u019fons sp\u00e9cifiques\nPrinc ipaux c onstats issus du diagnostic\nLe d\u00e9faut g\u00e9n\u00e9ral de l'offre de soin sur le d\u00e9partement impact par\u019fculi\u00e8rement les voyageurs. Les\ncondi\u019fons perme\u01a9ant un \u00e9quilibre entre r\u00e9ponses aux besoins sp\u00e9cifiques en sant\u00e9, facilita\u019fon par\n\u00ab l'aller vers \u00bb et acc\u00e8s au droit commun ne sont pas r\u00e9unies. Par ailleurs, l'acc\u00e8s \u00e0 l'offre de soin ne\ncons\u019ftue pas une r\u00e9ponse exclusive aux in\u00e9galit\u00e9s : les d\u00e9terminants sociaux rel\u00e8vent \u00e9galement du\ncontexte socio-\u00e9conomique, des condi\u019fons de vie et de travail ainsi que de l'environnement de vie.\nAinsi, l'ARS rel\u00e8ve que les gens du voyage repr\u00e9sentent une popula\u019fon par\u019fculi\u00e8rement touch\u00e9e par le\nnon-recours. S'il est pr\u00e9cis\u00e9 que la pr\u00e9carit\u00e9 et/ou l'absence de droits ouverts en ma\u019f\u00e8re de sant\u00e9 ne\nconcernent pas de fa\u00e7on syst\u00e9ma\u019fque les familles de voyageurs, en revanche, la d\u00e9fiance \u00e0 l'\u00e9gard des\nservices de sant\u00e9 est pr\u00e9gnante, quels que soient les choix et condi\u019fons de vie (part de la mobilit\u00e9,\nplace de la caravane, lieu et configura\u019fon de vie). Ce point est largement confirm\u00e9 sur le terrain par le\ntravail men\u00e9 par l'intervenante sociale du relai G2A aupr\u00e8s des familles de voyageurs pr\u00e9sents sur les\n\u00e9quipements. Celle-ci est principalement sollicit\u00e9e pour des ouvertures de droits ou des probl\u00e8mes\nd'acc\u00e8s \u00e0 AMELI (s'agissant des ressor\u019fssants fran\u00e7ais).\nIl  est  pr\u00e9cis\u00e9  par  l'ARS  que  la  p\u00e9riode  d'\u00e9pid\u00e9mie  de  COVID  a  \u00e9t\u00e9  un  r\u00e9v\u00e9lateur  de  certaines\nrepr\u00e9senta\u019fons et des liens entretenus par les voyageurs avec l'approche ins\u019ftu\u019fonnelle de la sant\u00e9 :\n le d\u00e9pistage y a \u00e9t\u00e9 rep\u00e9r\u00e9 comme un sujet presque tabou dans la plupart des cas, tout comme une\ngrande  difficult\u00e9  de  compr\u00e9hension  de  l'u\u019flit\u00e9  des  gestes  barri\u00e8re.  Malgr\u00e9  l'appui  de  familles\ns\u00e9dentaris\u00e9es appartenant \u00e0 la communaut\u00e9, les craintes vis-\u00e0-vis de la vaccina\u019fon n'ont pu \u00eatre\n84\nDirection D\u00e9partementale des Tetrritoires et de la Mer du Gard - 30-2026-03-27-00002 - Arr\u00eat\u00e9 pr\u00e9fectoral portant approbation du\nSch\u00e9ma D\u00e9partemental d'Accueil et d'Habitat du Gard 2026-2032 92\nsurmont\u00e9es. Le contexte sanitaire a ainsi renforc\u00e9 l'appr\u00e9hension d\u00e9j\u00e0 existante des voyageurs vis-\u00e0-vis\ndes acteurs de la sant\u00e9 et des proc\u00e9dures aff\u00e9rentes.\nMalgr\u00e9 les risques de sant\u00e9 associ\u00e9s \u00e0 la marginalisa\u019fon et la pr\u00e9carit\u00e9 d'une part certainement tr\u00e8s\nimportante des groupes de voyageurs pr\u00e9sents sur le d\u00e9partement, ces derniers sollicitent rarement\nles services de sant\u00e9. Comme le souligne le Relais G2A intervenant aupr\u00e8s des voyageurs pr\u00e9sents sur\nles \u00e9quipements d'accueil du d\u00e9partement, ces derniers ne disposent g\u00e9n\u00e9ralement pas d'un m\u00e9decin\nr\u00e9f\u00e9rent et les consulta\u019fons sont mo\u019fv\u00e9es par des situa\u019fons d'urgence. Les r\u00e9\u019fcences vis-\u00e0-vis de la\nvaccina\u019fon sont \u00e9galement clairement iden\u019ffi\u00e9es.\nLes raisons au non-recours sont mul\u019fples. Au-del\u00e0 des ques\u019fons de repr\u00e9senta\u019fon, le d\u00e9ficit de l'offre\ncons\u019ftue  un  facteur  d\u00e9cisif.  Outre  la  difficult\u00e9  de  trouver  un  m\u00e9decin  traitant,  les  demandes\nsp\u00e9cifiques pouvant \u00eatre port\u00e9es par les familles restent sans r\u00e9ponse. Tel est notamment le cas des\nvisites \u00e0 domicile qui sont d\u00e9sormais pra\u019fqu\u00e9es de plus en plus rarement, quelles que soient les\ncaract\u00e9ris\u019fques de la personne. En revanche, dans le cadre des visites des autres professionnels de\nsant\u00e9 pourtant suscep\u019fbles d'intervenir \u00e0 domicile dans le cadre de leur mission et des pra\u019fques\ncourantes de la profession (notamment kin\u00e9sith\u00e9rapeutes, infirmier\u00b7e\u00b7s, etc.), des freins sont iden\u019ffi\u00e9s\nen lien avec les craintes et st\u00e9r\u00e9otypes vis-\u00e0-vis des gens du voyage. Les ac\u019fons de pr\u00e9ven\u019fon ou de\nd\u00e9pistage de la CPAM ne sont pas non plus mobilis\u00e9es : sans m\u00e9decin r\u00e9f\u00e9rent, il ne peut \u00eatre organis\u00e9\nde prise en charge des soins.\nDans ces condi\u019fons, l'absence d'iden\u019ffica\u019fon par les professionnels de sant\u00e9 des voyageurs parmi leur\npa\u019fent\u00e8le appara\u00eet comme l'une des cons\u00e9quences de la distance ainsi maintenue. Ainsi, \u00e0 l'issue de\nl'enqu\u00eate men\u00e9e par l'ARS dans le cadre de la r\u00e9vision, les diff\u00e9rents professionnels de sant\u00e9 ne font\nremonter aucune informa\u019fon sp\u00e9cifique sur ce\u01a9e popula\u019fon (den\u019fstes, m\u00e9decins, infirmiers, etc.),\nmalgr\u00e9 les difficult\u00e9s de sant\u00e9 clairement iden\u019ffi\u00e9e par les acteurs socio-\u00e9duca\u019ffs et de sant\u00e9 des\ndisposi\u019ffs des\u019fn\u00e9s aux popula\u019fons les plus pr\u00e9caires. \nLes principales probl\u00e9ma\u019fques de sant\u00e9 rep\u00e9r\u00e9es par ces acteurs et corrobor\u00e9es par le Relais G2A sont\nessen\u019fellement :\n\uf0b7 la sant\u00e9 bucco-dentaire (notamment des plus jeunes)\n\uf0b7 et les probl\u00e9ma\u019fques de sant\u00e9 mentale\u2009;\n\uf0b7 l'alimenta\u019fon et la di\u00e9t\u00e9\u019fque\u2009;\n\uf0b7 les suivis de grossesse,\n\uf0b7 la vaccina\u019fon, \n\uf0b7 le suivi des pathologies graves\nPar ailleurs, si diff\u00e9rents disposi\u019ffs, que ce soit de droit commun ou d'aller-vers en direc\u019fon des publics\nles plus pr\u00e9caires, sont bien pr\u00e9sents sur le territoire d\u00e9partemental, leur mobilisa\u019fon par et aupr\u00e8s\ndes voyageurs semble rester marginale ou faible. Le Disposi\u019ff d'appui \u00e0 la coordina\u019fon du Gard n'a pas\niden\u019ffi\u00e9 de demande de la part de ce\u01a9e popula\u019fon. Les \u00e9quipes mobiles m\u00e9dicalis\u00e9es sur N\u00eemes\nn'interviennent que marginalement aupr\u00e8s de personnes issues de la communaut\u00e9 des voyageurs,\nsans droits ouverts, en rupture de droits et/ou de soins, en situa\u019fon de pr\u00e9carit\u00e9. Il en va ainsi\n\u00e9galement des Permanences d'acc\u00e8s aux soins de sant\u00e9 (PASS) de N\u00eemes et Al\u00e8s qui ne sont sollicit\u00e9s\nque de fa\u00e7on tr\u00e8s occasionnelle par des voyageurs pr\u00e9sents sur les aires d'accueil et ponctuellement\npar des groupes ancr\u00e9s sur le territoire.\nLes d\u00e9marches d'accompagnement avec ces derniers s'av\u00e8rent complexes, notamment en raison de\ndroits souvent cl\u00f4tur\u00e9s, l'absence d'assiduit\u00e9 et le main\u019fen d'une mobilit\u00e9 qui rend le suivi difficile. Il\nest par ailleurs not\u00e9 que, pour les personnes voyageant entre plusieurs pays, les condi\u019fons de s\u00e9jour\nen France pour pr\u00e9tendre \u00e0 l'AME ne sont pas toujours possibles. \nLes  corr\u00e9la\u019fons  entre  non-recours,  \u00e9tat  de  sant\u00e9,  condi\u019fons  de  vie  et  inclusion/exclusion  des\nvoyageurs se traduisent dans une cha\u00eene d'\u00e9quivalence et une mise en dialogue qui ne perme\u01a9ent pas\n85\nDirection D\u00e9partementale des Tetrritoires et de la Mer du Gard - 30-2026-03-27-00002 - Arr\u00eat\u00e9 pr\u00e9fectoral portant approbation du\nSch\u00e9ma D\u00e9partemental d'Accueil et d'Habitat du Gard 2026-2032 93\nd'isoler l'un ou l'autre de ces \u00e9l\u00e9ments. Ainsi, le Conseil de l'Europe indique que la \u00ab sant\u00e9 m\u00e9diocre\ndes  Roms  et  des  Gens  du  voyage  est  une  cons\u00e9quence  sous-jacente  de  la  pauvret\u00e9  et  de  la\nmarginalisa\u019fon dans laquelle ils se trouvent, elles-m\u00eames souvent combin\u00e9es \u00e0 diff\u00e9rentes formes de\ndiscrimina\u019fon \u00bb.\nLes nombreux travaux men\u00e9s depuis plusieurs d\u00e9cennies sur la sant\u00e9 des voyageurs confirment de\nfa\u00e7on unanime une situa\u019fon par\u019fculi\u00e8rement d\u00e9grad\u00e9e de ces popula\u019fons, notamment en lien avec\ndes facteurs exog\u00e8nes : les indicateurs de sant\u00e9 sont dans leur ensemble beaucoup plus d\u00e9favorables\npour les gens du voyage que dans la popula\u019fon en g\u00e9n\u00e9ral, qu'il s'agisse de l'esp\u00e9rance de vie, des\npathologies li\u00e9es aux condi\u019fons de vie et de travail, de l'exposi\u019fon environnementale, du gradient\nd'exclusion sociale, du recours et l'acc\u00e8s tardif aux soins, etc. Les tendances rep\u00e9r\u00e9es en 2018 par le\ngroupe de travail sur la sant\u00e9 des Gens du voyage par le r\u00e9seau fran\u00e7ais des Villes-Sant\u00e9 de l'OMS, sont\nconfirm\u00e9es et renforc\u00e9es par la r\u00e9cente \u00e9tude \u00e9pid\u00e9miologique port\u00e9e conjointement par la FNASAT et\nl'ARS en Nouvelle-Aquitaine sur l'ensemble de ces aspects.  \nLa ques\u019fon du relais et du lien de confiance \u00e9tabli sur le temps long avec les familles de voyageurs\ncons\u019ftue un levier essen\u019fel pour engager une d\u00e9marche d'accompagnement en sant\u00e9. Le march\u00e9\nd'accompagnement  social  a\u01a9ribu\u00e9  au  Relais G2A  cons\u019ftue  de  ce  point  de  vue  une  d\u00e9marche\npar\u019fculi\u00e8rement per\u019fnente en direc\u019fon des familles pr\u00e9sentes sur les \u00e9quipements. Elle interroge\ntoutefois  sur  l'approche  diff\u00e9ren\u019f\u00e9e  entre  les  types  de  public  auquel  elle  s'adresse.  Tel  est\npar\u019fculi\u00e8rement le cas sur l'aire permanente d'accueil de Villeneuve-L\u00e8s-Avignon, o\u00f9 se trouvent deux\npopula\u019fons  aux  caract\u00e9ris\u019fques  et  aux  besoins  fortement  dis\u019fncts.  Par  ailleurs,  l'interven\u019fon\nRelais G2A ne r\u00e9sout pas la ques\u019fon du lien devant et pouvant \u00eatre \u00e9tabli avec les familles pr\u00e9sentes\nsur les diff\u00e9rents sites d'ancrage. Ces derniers sont iden\u019ffi\u00e9s sur l'ensemble des EPCI du d\u00e9partement\net les enqu\u00eates internes du CASNAV donnent \u00e0 voir la part largement pr\u00e9dominante des familles de\nvoyageurs ancr\u00e9es sur le territoire par rapport aux familles en i\u019fn\u00e9rance pr\u00e9sentes \u00ab en flux \u00bb sur les\n\u00e9quipements d'accueil.\n86\nDirection D\u00e9partementale des Tetrritoires et de la Mer du Gard - 30-2026-03-27-00002 - Arr\u00eat\u00e9 pr\u00e9fectoral portant approbation du\nSch\u00e9ma D\u00e9partemental d'Accueil et d'Habitat du Gard 2026-2032 94\nLes enjeux  en  mati\u00e8re de sant\u00e9 des voyageurs sur  le\nd\u00e9partement du Gard\n\uf0ee Les indicateurs de sant\u00e9 sont, dans leur ensemble, beaucoup plus d\u00e9favorables pour les gens\ndu  voyage que  dans  la  popula\u019fon  en  g\u00e9n\u00e9ral,  qu'il  s'agisse  de  l'esp\u00e9rance  de  vie,  des\npathologies li\u00e9es aux condi\u019fons de vie et de travail, de l'exposi\u019fon environnementale, du\ngradient d'exclusion sociale, du recours et l'acc\u00e8s tardif aux soins, etc. Les \u00e9l\u00e9ments recueillis\nlors du diagnos\u019fc confirment amplement ce constat pour la plupart des groupes familiaux\npr\u00e9sents sur le d\u00e9partement du Gard, qu'il s'agisse de groupes s\u00e9journant sur les \u00e9quipements\nd'accueil ou sur les sites d'ancrage.\n\uf0ee Les voyageurs sont embl\u00e9ma\u019fques des in\u00e9galit\u00e9s sociales de sant\u00e9 que le PRAPS (Programme\nR\u00e9gional d'Acc\u00e8s \u00e0 la Pr\u00e9ven\u019fon et aux Soins des personnes les plus d\u00e9munies) tend \u00e0 r\u00e9duire.\nSelon certaines \u00e9tudes na\u019fonales, on ne rel\u00e8ve pas de pathologies sp\u00e9cifiques chez les Gens du\nvoyage, mais des probl\u00e8mes de sant\u00e9 li\u00e9s aux effets combin\u00e9s de la pr\u00e9carit\u00e9, de l'habitat, et\ndes condi\u019fons de vie (saturnisme infan\u019fle sous-es\u019fm\u00e9, ob\u00e9sit\u00e9 et diab\u00e8te surrepr\u00e9sent\u00e9\u2026).\nLeur esp\u00e9rance de vie serait ainsi de plusieurs ann\u00e9es inf\u00e9rieures \u00e0 celle de la popula\u019fon\ng\u00e9n\u00e9rale, mais comparable \u00e0 des cat\u00e9gories sociales \u00e9quivalentes, soulignant ainsi que les\nin\u00e9galit\u00e9s de sant\u00e9 sont avant tout des in\u00e9galit\u00e9s sociales.\n\uf0ee Une probl\u00e9ma\u019fque de d\u00e9fiance des voyageurs vis-\u00e0-vis des services de sant\u00e9 est largement\nrep\u00e9r\u00e9e  par  les  professionnels :  l'ARS  rel\u00e8ve  que  les  gens  du  voyage  repr\u00e9sentent  une\npopula\u019fon plus par\u019fculi\u00e8rement touch\u00e9e par le non-recours et l'enqu\u00eate men\u00e9e aupr\u00e8s des\nprofessionnels de sant\u00e9 du territoire confirme une iden\u019ffica\u019fon tr\u00e8s marginale des voyageurs\nparmi les pa\u019fents. S'il est pr\u00e9cis\u00e9 que la pr\u00e9carit\u00e9 et/ou l'absence de droits ouverts en ma\u019f\u00e8re\nde sant\u00e9 ne concernent pas de fa\u00e7on syst\u00e9ma\u019fque les familles de voyageurs, en revanche, la\nd\u00e9fiance \u00e0 l'\u00e9gard des services de sant\u00e9 est pr\u00e9gnante, quels que soient les choix et condi\u019fons\nde vie (part de la mobilit\u00e9, place de la caravane, lieu et configura\u019fon de vie). La p\u00e9riode\nd'\u00e9pid\u00e9mie de COVID a \u00e9t\u00e9 un r\u00e9v\u00e9lateur de certaines repr\u00e9senta\u019fons et des liens entretenus\npar les voyageurs avec l'approche ins\u019ftu\u019fonnelle de la sant\u00e9. \n\uf0ee Les discrimina\u019fons et \u00e9vitements renforcent l'isolement des voyageurs et leur distance vis-\u00e0-\nvis des services de sant\u00e9. Si la d\u00e9marche de diagnos\u019fc ne permet pas d'a\u01a9ester de l'ampleur du\nrisque  discriminatoire  en  ma\u019f\u00e8re  de  sant\u00e9,  dans  le  cadre  des  visites  \u00e0  domicile  des\nprofessionnels  de  sant\u00e9  pourtant  suscep\u019fbles  de  pra\u019fquer  ce\u01a9e  forme  d'interven\u019fon\n(notamment kin\u00e9sith\u00e9rapeutes, infirmier\u00b7e\u00b7s, etc.), des freins sont iden\u019ffi\u00e9s en lien avec les\ncraintes et st\u00e9r\u00e9otypes vis-\u00e0-vis des gens du voyage.\n\uf0ee Au-del\u00e0 des ques\u019fons de repr\u00e9senta\u019fon, le d\u00e9ficit de l'offre cons\u019ftue un facteur d\u00e9cisif du\nnon-recours. Outre la difficult\u00e9 de trouver un m\u00e9decin traitant, les demandes sp\u00e9cifiques\npouvant \u00eatre port\u00e9es par les familles restent sans r\u00e9ponse. Tel est notamment le cas des visites\n\u00e0 domicile qui sont d\u00e9sormais pra\u019fqu\u00e9es de plus en plus rarement, quelles que soient les\ncaract\u00e9ris\u019fques de la personne.\n87\nDirection D\u00e9partementale des Tetrritoires et de la Mer du Gard - 30-2026-03-27-00002 - Arr\u00eat\u00e9 pr\u00e9fectoral portant approbation du\nSch\u00e9ma D\u00e9partemental d'Accueil et d'Habitat du Gard 2026-2032 95\nLes points  saillants issus de l'atelier ac c ompagnement soc ial,\nl'enqu\u00eate ARS  aupr\u00e8s des professionnels de sant\u00e9 et l'atelier\nsant\u00e9\u00a0:\nRecours et non-recours Interven \u019fon des professionnels de sant\u00e9\nL 'acc\u00e8s  aux\ndroits\u00a0:\nConnaissances  des  droits  de  base  par  les\nvoyageurs, mais pas en ce qui concerne des droits\nplus  sp\u00e9cifiques  (ex.  CPH).  L'i\u019fn\u00e9rance\ncomplexifie l'acc\u00e8s aux droits et l'acc\u00e8s aux aides\nqui demandent des suivis de dossier.\nLa  complexit\u00e9 administra\u019fve cons\u019ftue l'un  des\nprincipaux freins dans l'acc\u00e8s aux droits, renforc\u00e9\npar l'illectronisme et l'ille\u01a9risme.\nLa pr\u00e9sence de la carte vitale et l'ouverture des\ndroits sociaux, tels que la CMU ou une mutuelle\nsont fortement variables  d'un groupe  \u00e0 l'autre,\nnotamment selon les condi\u019fons de vie.\nDans le cas des familles les plus mobiles, observa\u019fon\nd'une forme de nomadisme m\u00e9dical et d'un mode de\nvie  incompa\u019fble  avec  l'organisa\u019fon  du  syst\u00e8me  de\nsant\u00e9 (qui n'arrive pas \u00e0 s'adapter).\nInversement,  certains  professionnels  dans  les  MSP\nsuivent  des  familles  s\u00e9dentaris\u00e9es  ou  semi-\ns\u00e9dentaris\u00e9es  avec  lesquelles  la  prise  en  charge  est\nfacilit\u00e9e. \nEn  l'absence  de  carte,  la  tra\u00e7abilit\u00e9  des  historiques\nm\u00e9dicaux est plus difficile, mais certains professionnels\nnotent que cela ne cons\u019ftue pas un frein majeur \u00e0 la\nprise en charge.\nPr\u00e9vent ion,\ndiagnos t ic\npr\u00e9coce\u00a0:\nLa PMI est bien rep\u00e9r\u00e9e par la plupart des groupes\npour les vaccina\u019fons et le suivi grossesse\nPour  certains  groupes,  les  difficult\u00e9s  de\nscolarisa\u019fon et de socialisa\u019fon hors communaut\u00e9\ndu jeune enfant peuvent augmenter la difficult\u00e9\nde rep\u00e9rage pr\u00e9coce des probl\u00e9ma\u019fques de sant\u00e9\nou de handicap.\nLes professionnels observent un manque d'aller vers\nsur  les  \u00e9quipements  et  surtout  sur  les  sites  de\ns\u00e9dentarisa\u019fon.\nUne  n\u00e9cessaire  adapta\u019fon  des  pra \u019fques\nprofessionnelles est observ\u00e9e.\nPerte\nd'autonomie,\nhandicap,\nmaladies  graves\nEn l'absence de m\u00e9decin traitant, les difficult\u00e9s de\nsuivi sont augment\u00e9es.\nGlobalement, persistance d'une r\u00e9\u019fcence pour les\nvisites  \u00e0  domicile  de  la  part  des  soignants\nparam\u00e9dicaux.  Parall\u00e8lement,  une  forme  de\nm\u00e9fiance  de  nombreuses  familles  vis-\u00e0-vis  des\ninterven\u019fons \u00e0 domicile.\nIden\u019ffica\u019fon  dans  la  plupart  des  groupes\nrencontr\u00e9s  d'un  refus  de  fr\u00e9quenter  les\n\u00e9tablissements m\u00e9dico-sociaux.\nUn  fort  sou\u019fen  familial  souvent  rep\u00e9r\u00e9  (maladies\ngraves\u2009; l'inclusion familiale des personnes \u00e2g\u00e9es ou en\nsitua\u019fon  d'handicap) :  il  favorise  le  soin,  mais  peut\n\u00e9galement  compliquer  ou  limiter  l'interven\u019fon  des\nprofessionnels. Par ailleurs, les modalit\u00e9s de sou\u019fen\naux aidants familiaux sont \u00e0 interroger, ainsi que les\nrepr\u00e9senta\u019fons sur le vieillissement \u00e0 domicile.\nLe retour \u00e0 domicile pour maladies chroniques graves\net/ou  complexes  cons\u019ftue  souvent  un  moment\npar\u019fculier,  o\u00f9  les  familles  peuvent  \u00eatre  un  relais\nessen\u019fel.\nS uivi  m\u00e9dical\ncourant\nDes difficult\u00e9s de suivi sont souvent observ\u00e9es en\nl'absence  de  m\u00e9decin  traitant.  Les  prises  en\ncharge,  lorsqu'elles  existent,  sont  souvent\nponctuelles,  sans  suivi  con\u019fnu  possible,\npar\u019fculi\u00e8rement pour les popula\u019fons pra\u019fquant\nl'i\u019fn\u00e9rance.\nAu niveau du suivi dentaire, peu de rep\u00e9rage de\nce\u01a9e pa\u019fent\u00e8le. La compr\u00e9hension des soins et\ndes suivis peut \u00eatre probl\u00e9ma\u019fque, que ce soit li\u00e9\n\u00e0 la barri\u00e8re de la langue, de la lecture ou de la\ncompr\u00e9hension du syst\u00e8me de sant\u00e9.\nDe  nombreuses  carences  alimentaires  observ\u00e9es\naupr\u00e8s  de  plusieurs  groupes :  un  besoin  accru  de\npr\u00e9ven\u019fon  et  d'\u00e9duca\u019fon  \u00e0  la  sant\u00e9  suivant  des\nmodalit\u00e9s cibl\u00e9es.\nLes  principales  difficult\u00e9s  rapport\u00e9es  concernent  les\nrendez-vous non  honor\u00e9s  (environ 1 sur 4 selon un\npra\u019fcien) plut\u00f4t que des obstacles administra\u019ffs.\n88\nDirection D\u00e9partementale des Tetrritoires et de la Mer du Gard - 30-2026-03-27-00002 - Arr\u00eat\u00e9 pr\u00e9fectoral portant approbation du\nSch\u00e9ma D\u00e9partemental d'Accueil et d'Habitat du Gard 2026-2032 96\nLes pistes de travail en mati\u00e8re d'ac c \u00e8s  aux soins  et \u00e0 la sant\u00e9\ndes voyageurs\nLe d\u00e9ploiement du volet acc\u00e8s aux soins et\nsant\u00e9  du  SDAHGV  repose  sur  un  pr\u00e9\nrequis : les condi\u019fons mat\u00e9rielles d'accueil des\nvoyageurs  sur  les  aires  permanentes  du\nd\u00e9partement  doivent  sa\u019fsfaire  aux  normes\nd'hygi\u00e8ne, de telle sorte que l'\u00e9quipement soit \u00e0\ntout  moment  de  nature  \u00e0  proposer  un  mode\nd'habiter digne.\n1.\nL'ac\u019fon de promo\u019fon de la sant\u00e9 aupr\u00e8s\ndes  voyageurs  accueillis  sur  les  aires\npermanentes du d\u00e9partement doit s'appuyer sur\nun  projet  social int\u00e9grant  ce\u01a9e  dimension  et\ns'appuyant  sur  un  partenariat  effec\u019ff.  Le\nprestataire  en  charge  de  la  mission\nd'accompagnement social port\u00e9 par le Conseil\nd\u00e9partemental repr\u00e9sente le premier m\u00e9diateur\nsant\u00e9 de proximit\u00e9. La promo\u019fon de la sant\u00e9\nressort en effet de la m\u00eame d\u00e9marche que la\npromo\u019fon de la scolarisa\u019fon. La mission est \u00e0\nenvisager sur les \u00e9quipements aujourd'hui non\nconcern\u00e9s et/ou \u00e0 relayer par ces derniers.\n2.\nAfin de pallier le manque de suivi de sant\u00e9\ndes  voyageurs  et  lu\u01a9er  contre  les\nin\u00e9galit\u00e9s  sociales  de  sant\u00e9  en  dehors  des\n\u00e9quipements,  la  ques\u019fon  des  moyens  devant\n\u00eatre d\u00e9ploy\u00e9s en ma\u019f\u00e8re de m\u00e9dia\u019fon en sant\u00e9 \nest \u00e0  envisager  pour  assurer  une  interface  de\nproximit\u00e9  entre  les  voyageurs  en  situa\u019fon  de\nvuln\u00e9rabilit\u00e9  et \u00e9loign\u00e9s  sur  syst\u00e8me de  sant\u00e9\n(parmi les familles pr\u00e9sentes sur le d\u00e9partement,\nnotamment sur les sites d'ancrage historiques) et\nles professionnels intervenant dans leur parcours\nde  sant\u00e9  (notamment  sensibilisa\u019fon  des\ndiff\u00e9rents ordres professionnels : kin\u00e9s, m\u00e9decin,\ninfirmier, etc.).\n3.\nPour  conforter  l'acc\u00e8s  aux  soins  des\nvoyageurs, les missions de m\u00e9dia\u019fon en\nsant\u00e9 sont \u00e0 ar\u019fculer avec les divers disposi\u019ffs\npr\u00e9sents  sur  les  diff\u00e9rents  territoires  et\nsuscep\u019fbles  de  renforcer  le  rep\u00e9rage (PMI,\nmaternit\u00e9,  maraudes  Croix-Rouge,  Riposte),  la\npr\u00e9ven\u019fon et  les  ac\u019fons  sp\u00e9cifiques\nd'interven\u019fon en sant\u00e9  (centre  de vaccina\u019fon\nambulatoire  d\u00e9partemental\u2009;  PASS  sur  N\u00eemes,\nAl\u00e8s,  Uz\u00e8s ;   p\u00f4le  sant\u00e9  ambulatoire  \u00e0  Al\u00e8s\u2009;\nAteliers  sant\u00e9-ville \u00e0 Al\u00e8s  et Grand Avignon\u2009;  ,\ncentre ambulatoire de d\u00e9pistage-CLAT\u2009; etc.).\n4.\nEn vue de favoriser la mobilisa\u019fon du droit\ncommun  et  la  pr\u00e9ven\u019fon/sant\u00e9,  des\nateliers  de  sant\u00e9  communautaire  et  session\nd'informa\u019fon avec  et  aupr\u00e8s  des  voyageurs\npr\u00e9sents  sur  les  aires  (en  lien  avec  les\nassocia\u019fons repr\u00e9senta\u019fves) autour de th\u00e8mes\nde  pr\u00e9ven\u019fon  vari\u00e9s :  promo\u019fon  de\nl'alimenta\u019fon  \u00e9quilibr\u00e9e,  pr\u00e9ven\u019fon  des\nconduites addic\u019fves, contracep\u019fon, \u00e9duca\u019fon \u00e0\nla vie sexuelle\u2026\n5.\nLa mobilisa\u019fon des disposi\u019ffs existants et\nla prise en compte des voyageurs dans les\ndisposi\u019ffs  de  sant\u00e9  repr\u00e9sentent  un  volet\nessen\u019fel de l'\u00e9volu\u019fon de l'offre. La d\u00e9marche\n\u00ab d'Accompagnement sant\u00e9 \u00bb et l'examen \u00ab mon\nbilan pr\u00e9ven\u019fon \u00bb port\u00e9e par la CPAM pourrait\n\u00eatre  mobilis\u00e9s  de  fa\u00e7on  effec\u019fve  aupr\u00e8s  des\nvoyageurs gr\u00e2ce \u00e0 l'interven\u019fon de la m\u00e9dia\u019fon\nen sant\u00e9.  L'int\u00e9gra\u019fon des  voyageurs dans les\nContrat Locaux de Sant\u00e9 repr\u00e9sente une autre\ndimension  de  ce\u01a9e  \u00e9volu\u019fon.  Enfin,  la\nmobilisa\u019fon des Communaut\u00e9s professionnelles\nterritoriales de sant\u00e9 (CPTS) pour travailler sur les\nparcours de soin des familles de voyageurs serait\n\u00e9galement  \u00e0  envisager  via  les  missions  de  la\nm\u00e9dia\u019fon en sant\u00e9\n6.\n89\nDirection D\u00e9partementale des Tetrritoires et de la Mer du Gard - 30-2026-03-27-00002 - Arr\u00eat\u00e9 pr\u00e9fectoral portant approbation du\nSch\u00e9ma D\u00e9partemental d'Accueil et d'Habitat du Gard 2026-2032 97\nPerspec tives c onc r\u00e8tes\nPlusieurs ques\u019fonnements perme\u01a9ent d'interroger concr\u00e8tement le type d'organisa\u019fon \u00e0 d\u00e9ployer pour\nr\u00e9pondre aux besoins des familles de voyageurs, qu'ils se situent sur les aires ou en dehors (sites d'ancrage,\nlicites ou illicites) :\n\uf0b7 Quelle est la qualit\u00e9 des \u00e9quipements du point de vue des condi\u019fons de vie et de l'environnement\u0bd7?\n\uf0b7 Quels sont les liens avec les services de sant\u00e9 pour assurer un acc\u00e8s effec\u019ff\u0bd7?\n\uf0b7 La perte d'autonomie est-elle prise en compte dans les moyens d'accompagnement\u0bd7?\n\uf0b7 Comment coconstruire des ac\u019fons de promo\u019fon et de pr\u00e9ven\u019fon avec les familles\u0bd7?\n\uf0b7 Quelles doivent \u00eatre les moyens \u00e0 d\u00e9ployer sur chacun des territoires pour intervenir concr\u00e8tement\nsur les d\u00e9terminants sociaux de sant\u00e9 et am\u00e9liorer les condi\u019fons de vie des familles de voyageurs\u2009?\n\uf0b7 Comment d\u00e9velopper des partenariats avec les diff\u00e9rents acteurs ou disposi\u019ffs afin de garan\u019fr une\ncoordina\u019fon efficace en faveur des familles vuln\u00e9rables\u0bd7?\nLes quatre axes d\u00e9finis par la Haute Autorit\u00e9 de sant\u00e9 cons\u019ftuent des rep\u00e8res structurants devant \u00eatre\nadapt\u00e9s  au  territoire  gardois.  Selon  le  r\u00e9f\u00e9ren\u019fel  de  comp\u00e9tence,  forma\u019fon  et  bonnes  pra\u019fques,  la\nm\u00e9dia\u019fon en sant\u00e9 est un \u00ab processus temporaire de \"l'aller vers\" et du \"faire avec\" \u00bb visant \u00e0 renforcer\n\u00ab l'\u00e9quit\u00e9 de sant\u00e9 en favorisant un retour au droit commun \u00bb. \n\uf0b7 Le premier axe d'interven\u019fon du r\u00e9f\u00e9ren\u019fel de m\u00e9dia\u019fon en sant\u00e9 vise \u00e0 \u00ab (Re)cr\u00e9er la rencontre\navec les popula\u019fons concern\u00e9es \u00bb, \u00e0 travers un rep\u00e9rage \u00e0 la fois des professionnels de sant\u00e9 et de\npublics cibles et \u00e0 travers une pr\u00e9sence ac\u019fve sur les lieux de vie et d'ac\u019fvit\u00e9\u2009; ce premier axe suppose\ndu temps d'interven\u019fon sur site \u00e0 l'image de ce qui est mis en \u0153uvre sur les aires de Bagnols-sur-C\u00e8ze\net  Laudun  l'Ardoise  par  l'associa\u019fon  RISPOSTE,  mais  en  \u00e9largissant  les  p\u00e9rim\u00e8tres  et secteurs\nd'interven\u019fon. \n\uf0b7 Le second axe vise \u00e0 \u00ab faciliter la coordina\u019fon du parcours de sant\u00e9 \u00bb en s'appuyant sur un travail\nd'ouverture des droits en sant\u00e9 (comme cela est notamment r\u00e9alis\u00e9 dans le cadre de la mission\nd'accompagnement du Relais G2A,t sur la plupart des \u00e9quipements du d\u00e9partement), en d\u00e9ployant\ndes ac\u019fons de sensibilisa\u019fon \u00e0 la fois des acteurs de la sant\u00e9 (facteurs de vuln\u00e9rabilit\u00e9s, meilleure\ncoordina\u019fon  de  parcours,  difficult\u00e9s)  et  des  popula\u019fons  vuln\u00e9rables  (compr\u00e9hension  des\ninforma\u019fons de sant\u00e9, fonc\u019fonnement des acteurs, etc.) et en me\u01a9ant en \u0153uvre une d\u00e9marche de\nmise  en  rela\u019fon  entre  les  publics  et  les  professionnels  de  sant\u00e9  (accompagnement  physique,\nmobilisa\u019fon des structures, etc.).\n\uf0b7 Le  troisi\u00e8me  axe  vise  \u00e0  \u00ab favoriser  des  ac\u019fons  collec\u019fves  de  promo\u019fon  de  la  sant\u00e9 \u00bb  (PMI,\nassocia\u019fons, Ateliers Sant\u00e9 Ville, etc.) en collabora\u019fon avec les partenaires locaux.\n\uf0b7 Le  quatri\u00e8me  axe  vise  \u00e0  mobiliser  le  m\u00e9diateur  en  sant\u00e9  afin  de  \u00ab par\u019fciper  aux  ac\u019fons\nstructurantes au  projet \u00bb  en  rep\u00e9rant  les  difficult\u00e9s  et  dysfonc\u019fonnements  dans  les  processus\nd'\u00e9change d'informa\u019fon et de prise en charge des parcours. Plus largement, le travail de m\u00e9dia\u019fon\nen  sant\u00e9  doit  s'appuyer  sur  des  espaces  d'\u00e9change  et  doit  \u00eatre  int\u00e9gr\u00e9  dans  une  \u00e9quipe\npluridisciplinaire \u00e0 m\u00eame d'inscrire son ac\u019fon dans une approche mul\u019fdimensionnelle. Le m\u00e9diateur\ndoit  ainsi  \u00ab mobiliser  son  r\u00e9seau  local  et  pluridisciplinaire  comp\u00e9tent  pour  les  demandes  qui\nd\u00e9passent son champ d'ac\u019fon \u00bb et ne doit pas se \u00ab subs\u019ftuer aux professionnels de sant\u00e9 et d'ac\u019fon\nsociale en place ni compenser l'absence de ceux-ci sur le territoire \u00bb. Ce\u01a9e approche n\u00e9cessiterait\nune ing\u00e9nierie sp\u00e9cifique sur les territoires de d\u00e9ploiement de la m\u00e9dia\u019fon en sant\u00e9 dans le cade du\nSDAHGV.\nUn travail doit \u00eatre men\u00e9 visant \u00e0 l'accepta\u019fon par les professionnels de sant\u00e9 de se d\u00e9placer sur une aire\npermanente d'accueil. L'objec\u019ff global \u00e9tant la r\u00e9duc\u019fon des in\u00e9galit\u00e9s territoriales en sant\u00e9 et d'\u00e9viter les\nsitua\u019fons d'urgence. Le levier social doit int\u00e9grer la probl\u00e9ma\u019fque de sant\u00e9.\n90\nDirection D\u00e9partementale des Tetrritoires et de la Mer du Gard - 30-2026-03-27-00002 - Arr\u00eat\u00e9 pr\u00e9fectoral portant approbation du\nSch\u00e9ma D\u00e9partemental d'Accueil et d'Habitat du Gard 2026-2032 98\nPour rappel\u00a0: les formes du non-rec ours\n9  types  de  non-recours  peuvent  \u00eatre  dis\u019fngu\u00e9s  et/ou  se  trouvent  entrelac\u00e9s  selon  trois  formes\nprincipalement :\nDes proc\u00e9dures dissuasives :\n\uf0b7 Complexit\u00e9 administra\u019fve des d\u00e9marches (non-demande ou abandon)\n\uf0b7 D\u00e9lais de traitement des demandes (non-demande ou abandon)\n\uf0b7 D\u00e9mat\u00e9rialisa\u019fon des d\u00e9marches (non-demande ou abandon)\nUne offre inadapt\u00e9e :\n\uf0b7 Distance g\u00e9ographique des des\u019fnataires aux services (non-demande ou abandon)\n\uf0b7 Hors crit\u00e8res d'\u00e9ligibilit\u00e9/\u00e9volu\u019fon des disposi\u019ffs\n\uf0b7 Non-proposi\u019fon de l'offre sociale par les professionnels aux des\u019fnataires poten\u019fels (par manque\nd'informa\u019fon, de temps, de moyens ou par choix)\nDes probl\u00e9ma\u019fques d'informa\u019fon et de repr\u00e9senta\u019fon :\n\uf0b7 M\u00e9connaissance des d\u00e9marches ou des acteurs par les des\u019fnataires ou mauvaise compr\u00e9hension\n(non-demande)\n\uf0b7 Non-demande en raison d'un retrait des des\u019fnataires d'une par\u019fe de la vie sociale (appr\u00e9hension du\nregard, peur de l'\u00e9chec, etc.)\n\uf0b7 Non-demande  par  crainte  de  s\u019fgma\u019fsa\u019fon  et/ou  besoin  de  dis\u019fnc\u019fon  (vis-\u00e0-vis  des  publics\ndisqualifi\u00e9s)\nPage 91 sur 121\nDirection D\u00e9partementale des Tetrritoires et de la Mer du Gard - 30-2026-03-27-00002 - Arr\u00eat\u00e9 pr\u00e9fectoral portant approbation du\nSch\u00e9ma D\u00e9partemental d'Accueil et d'Habitat du Gard 2026-2032 99\nSch\u00e9ma D\u00e9partementald'Accueil et d'Habitatdes Gens du Voyagedu GardLibert\u00e9 + Egalit\u00e9 \u00bb Fraternit\u00e9+ Fra=a aan2026 \u2014 2032 PREFECTUREDU GARD\nAnnexe\u00a03\u00a0:\nLes moyens de la branc he famille \nen faveur des personnes\nissues des c ommunaut\u00e9s\nde gens du voyage\nPage 92 sur 121\nDirection D\u00e9partementale des Tetrritoires et de la Mer du Gard - 30-2026-03-27-00002 - Arr\u00eat\u00e9 pr\u00e9fectoral portant approbation du\nSch\u00e9ma D\u00e9partemental d'Accueil et d'Habitat du Gard 2026-2032 100\nPage 93 sur 121\nDirection D\u00e9partementale des Tetrritoires et de la Mer du Gard - 30-2026-03-27-00002 - Arr\u00eat\u00e9 pr\u00e9fectoral portant approbation du\nSch\u00e9ma D\u00e9partemental d'Accueil et d'Habitat du Gard 2026-2032 101\nL'offre de servic e de la Caf\nLes Caf sont n\u00e9es de la volont\u00e9 d'apporter une aide \u00e0 toutes les familles, dans leur diversit\u00e9. Qu'il prenne la\nforme de presta\u019fons mon\u00e9taires ou d'aides perme\u01a9ant de d\u00e9velopper des services, l'inves\u019fssement des Caf\nt\u00e9moigne  d'un  engagement  de  la  collec\u019fvit\u00e9,  dans  une  vis\u00e9e  universelle,  pour  accompagner  le\nd\u00e9veloppement de chaque personne, d\u00e8s sa naissance, par une pr\u00e9sence et un sou\u019fen dans son parcours de\nvie, accentuant, s'il le faut, son aide lorsque la famille est dans la difficult\u00e9.\nLa branche Famille est ainsi pr\u00e9sente aupr\u00e8s de chacun tout au long de la vie, aupr\u00e8s de chaque parent,\nfemme ou homme, en fonc\u019fon de sa situa\u019fon, en \u00e9quit\u00e9 : concilia\u019fon vie familiale/vie professionnelle,\naccueil des enfants et des jeunes, lu\u01a9e contre la pauvret\u00e9 sont les domaines prioritaires de l'interven\u019fon des\nCaf, qui prend la forme d'une offre globale de service. \nActeur majeur de la solidarit\u00e9 dans le D\u00e9partement, pr\u00e9sent sur tout le territoire, la Caf du Gard s'associe \u00e0 la\nmobilisa\u019fon des collec\u019fvit\u00e9s et des associa\u019fons pour contribuer \u00e0 la poli\u019fque de la ville dans les contrats de\nville, en combinant le versement des presta\u019fons et la mise en \u0153uvre de disposi\u019ffs d'ac\u019fon familiale. Elle se\nr\u00e9f\u00e8re aux quatre missions embl\u00e9ma\u019fques de la branche Famille dont elle est porteuse dans le cadre des\nmoyens pr\u00e9vus dans la Conven\u019fon d'Objec\u019ffs et de Ges\u019fon 2023-2027 :\n\uf0b7 Aider les familles \u00e0 concilier vie familiale, vie professionnelle et vie sociale ;\n\uf0b7 Faciliter la rela\u019fon parentale, favoriser le d\u00e9veloppement de l'enfant et soutenir les jeunes ;\n\uf0b7 Cr\u00e9er les condi\u019fons favorables \u00e0 l'autonomie, \u00e0 l'inser\u019fon sociale et professionnelle ;\n\uf0b7 Accompagner les familles pour am\u00e9liorer leur cadre de vie et leurs condi\u019fons de logement.\nPour  accompagner  le  d\u00e9veloppement  de  celles-ci,  la  Caf  du  Gard  collabore  depuis  l'origine  avec  ses\npartenaires de terrain, au premier rang desquels l'\u00c9tat et les collec\u019fvit\u00e9s locales. Les communes (et leur\nregroupement) sont en effet par\u019fculi\u00e8rement inves\u019fes dans le champ des poli\u019fques familiales et sociales, au\n\u019ftre de leur clause de comp\u00e9tence g\u00e9n\u00e9rale leur perme\u01a9ant de r\u00e9pondre aux besoins du quo\u019fdien des\ncitoyens.  La Caf du Gard contribue ainsi aux d\u00e9marches de d\u00e9veloppement local en par\u019fculier en ma\u019f\u00e8re de\npe\u019fte enfance, de sou\u019fen \u00e0 la parentalit\u00e9, d'anima\u019fon de la vie sociale et d'inser\u019fon.\nLes territoires se caract\u00e9risent par une grande diversit\u00e9 de situa\u019fons d'habitants, et par de nombreuses\n\u00e9volu\u019fons qui modifient profond\u00e9ment la vie des familles. Leurs a\u01a9entes \u00e9voluent, et la r\u00e9ponse \u00e0 celles-ci\npassent par la volont\u00e9 des acteurs locaux. A ce \u019ftre, la Caf entend poursuivre son sou\u019fen aux collec\u019fvit\u00e9s\nlocales qui s'engagent dans un projet de territoire qui leur est des\u019fn\u00e9.\nEn  ce  sens,  la  Caf  formalise  ses  engagements  aupr\u00e8s  des  collec\u019fvit\u00e9s  partenaires  dans  le  cadre  des\nConven\u019fons Territoriales Globale, s'appuyant sur un diagnos\u019fc partag\u00e9 avec les partenaires concern\u00e9s pour\nd\u00e9finir les priorit\u00e9s et les moyens dans le cadre d'un plan d'ac\u019fons adapt\u00e9. \nLa Caisse d'Allocations Familiales du Gard, dans le cadre de ses missions de service public\nfamilial,  s'engage  \u00e0  accompagner  toutes  les  familles,  y  compris  celles  issues  des\ncommunaut\u00e9s de gens du voyage, confront\u00e9es \u00e0 des difficult\u00e9s particuli\u00e8res d'acc\u00e8s aux\ndroits, \u00e0 l'\u00e9ducation, \u00e0 l'insertion sociale ou au logement.\nForte de son ancrage territorial et de son r\u00e9seau partenarial, la Caf peut intervenir \u00e0 deux niveaux :\n\uf0b7 \u00e0 travers ses travailleurs sociaux aupr\u00e8s des familles,\n\uf0b7 via ses charg\u00e9s de conseil et de d\u00e9veloppement territoriaux (CCDT) dans les espaces de coordina\u019fon\nterritorialis\u00e9e.\nPage 94 sur 121\nDirection D\u00e9partementale des Tetrritoires et de la Mer du Gard - 30-2026-03-27-00002 - Arr\u00eat\u00e9 pr\u00e9fectoral portant approbation du\nSch\u00e9ma D\u00e9partemental d'Accueil et d'Habitat du Gard 2026-2032 102\n1 . L'intervention soc iale de proximit\u00e9 aupr\u00e8s des familles\nLes travailleurs sociaux de la Caf assurent un accompagnement social individualis\u00e9 aux familles, allocataires\navec au moins un enfant \u00e0 charge, adapt\u00e9 aux sp\u00e9cificit\u00e9s des publics en situa\u019fon de pr\u00e9carit\u00e9 et/ou de\nmobilit\u00e9. Ils agissent en lien \u00e9troit avec les services sociaux du D\u00e9partement, les CCAS, les associa\u019fons\nsp\u00e9cialis\u00e9es et les collec\u019fvit\u00e9s locales. \nIls interviennent notamment sur l'accompagnement social visant \u00e0 soutenir les parents dans leurs fonc\u019fons\nparentales et \u00e0 pr\u00e9venir les situa\u019fons de vuln\u00e9rabilit\u00e9 li\u00e9es \u00e0 un \u00e9v\u00e8nement fragilisant tel que :\n\uf0b7 La s\u00e9para\u019fon,\n\uf0b7 Le d\u00e9c\u00e8s d'un parent,\n\uf0b7 Le d\u00e9c\u00e8s d'un enfant,\n\uf0b7 la naissance mul\u019fple,\n\uf0b7 L'impay\u00e9 de loyers signal\u00e9 \u00e0 la Caf par le bailleur (hors Apl).\nCet accompagnement vise \u00e0 s\u00e9curiser le parcours de vie des familles issues de la communaut\u00e9 des gens du\nvoyage et \u00e0 faciliter leur inser\u019fon dans les territoires qu'elles fr\u00e9quentent ou sur lesquels elles s'installent\ndurablement.\n2.  La plac e des c harg\u00e9s de c onseils et  de d\u00e9veloppement\nterritoriaux dans les instanc es de gouvernanc e territoriale\nLes charg\u00e9s de conseil et de d\u00e9veloppement territoriaux de la Caf du Gard par\u019fcipent ac\u019fvement aux\ndynamiques \u00e0 l'\u0153uvre dans le cadre des conven\u019fons territoriales globales. En ce sens, ils par\u019fcipent aux\ninstances locales de gouvernance et de coordina\u019fon.\nLes charg\u00e9s de conseils et de d\u00e9veloppement territoriaux jouent un r\u00f4le cl\u00e9 pour :\n\uf0b7 Apporter une exper\u019fse sur les besoins des familles, y compris i\u019fn\u00e9rantes ou pr\u00e9caires,\n\uf0b7 Construire avec les partenaires des plans d'ac\u019fons adapt\u00e9s aux r\u00e9alit\u00e9s des territoires,\n\uf0b7 Iden\u019ffier les disposi\u019ffs \u00e0 mobiliser dans le cadre de la Conven\u019fon d'Objec\u019ffs et de Ges\u019fon 2023-\n2027,\n\uf0b7 Conseiller les collec\u019fvit\u00e9s locales sur le montage de projets dans les domaines de la pe\u019fte enfance,\nde la parentalit\u00e9, de l'inser\u019fon ou de l'anima\u019fon de la vie sociale,\n\uf0b7 Veiller \u00e0 la coh\u00e9rence des interven\u019fons entre op\u00e9rateurs pour \u00e9viter les ruptures ou doublons\nd'accompagnement.\nLeur par\u019fcipa\u019fon ac\u019fve aux dynamiques partenariales locales perme\u01a9ra de mieux ar\u019fculer les poli\u019fques\npubliques en direc\u019fon des familles vuln\u00e9rables, et de faire remonter les besoins sp\u00e9cifiques des gens du\nvoyage dans les programma\u019fons territoriales.\nPage 95 sur 121\nDirection D\u00e9partementale des Tetrritoires et de la Mer du Gard - 30-2026-03-27-00002 - Arr\u00eat\u00e9 pr\u00e9fectoral portant approbation du\nSch\u00e9ma D\u00e9partemental d'Accueil et d'Habitat du Gard 2026-2032 103\n3. Les leviers d'ac tion et de financ ement mobilisables\nDans le cadre de ses comp\u00e9tences, la Caf du Gard peut mobiliser des financements de droit commun, en lien\navec les axes prioritaires de la Conven\u019fon d'Objec\u019ffs et de Ges\u019fon 2023-2027 :\n\uf0b7 Sou\u019fen \u00e0 la parentalit\u00e9,\n\uf0b7 Acc\u00e8s \u00e0 la pe\u019fte enfance,\n\uf0b7 Accompagnement des jeunes,\n\uf0b7 Anima\u019fon de la vie sociale,\n\uf0b7 Acc\u00e8s aux droits et lu\u01a9e contre les in\u00e9galit\u00e9s territoriales.\nCes financements peuvent soutenir des ini\u019fa\u019fves port\u00e9es par des collec\u019fvit\u00e9s ou des associa\u019fons \u0153uvrant\naupr\u00e8s des gens du voyage, pour am\u00e9liorer l'acc\u00e8s aux services et l'inclusion sociale de ces familles.\nS out i en \u00e0 la parentalit\u00e9 et \u00e0 la pet ite enfance\n\uf0b7 D\u00e9veloppement ou sou\u019fen aux structures mobiles ou adapt\u00e9es (ex. ludobus, relais pe\u019fte enfance\ni\u019fn\u00e9rants) pouvant intervenir sur les aires d'accueil\n\uf0b7 Accompagnement  \u00e0  la  socialisa\u019fon  pr\u00e9coce des  enfants  (acc\u00e8s  aux cr\u00e8ches,  jardins  d'enfants,\naccueils de loisirs) via les aides \u00e0 l'inves\u019fssement et au fonc\u019fonnement.\n\uf0b7 Mobilisa\u019fon de disposi\u019ffs comme le PALA (pr\u00eat \u00e0 l'am\u00e9liora\u019fon du lieu d'accueil) pour des assistants\nmaternels travaillant aupr\u00e8s de ce\u01a9e popula\u019fon.\nAcc\u00e8s  aux lois irs  et \u00e0 la citoyennet\u00e9\n\uf0b7 Aide \u00e0 l'inscrip\u019fon des enfants et adolescents \u00e0 des ac\u019fvit\u00e9s p\u00e9riscolaires, spor\u019fves, culturelles ou\nd'\u00e9duca\u019fon populaire, favorisant la mixit\u00e9 sociale et l'\u00e9duca\u019fon \u00e0 la citoyennet\u00e9.\nAcc\u00e8s  aux droits\n\uf0b7 Ac\u019fons i\u019fn\u00e9rantes ou cibl\u00e9es visant \u00e0 am\u00e9liorer l'acc\u00e8s aux droits sociaux, \u00e0 travers des permanences\nadministra\u019fves, ateliers collec\u019ffs ou partenariats avec des m\u00e9diateurs sociaux.\n\uf0b7 Sou\u019fen \u00e0 des ini\u019fa\u019fves d'accompagnement administra\u019ff ou num\u00e9rique\nAm\u00e9liorat ion des  condit ions  de logement\nEn termes de logement la Caf a deux missions prioritaires :\n\uf0b7 Aider les familles dans leur vie quo\u019fdienne et notamment \u00e0 am\u00e9liorer leurs condi\u019fons de logement\n\uf0b7 D\u00e9velopper l'accompagnement des familles les plus en difficult\u00e9s \nCes deux missions sont men\u00e9es en combinant deux approches :\nLe versement de presta\u019fons familiales et sociales. Pour le public vis\u00e9, il s'agit notamment de l'Alloca\u019fon\nLogement Temporaire. Ce\u01a9e aide a \u00e9t\u00e9 cr\u00e9\u00e9e afin que les communes de plus de 5 000 habitants me\u01a9ent \u00e0 la\ndisposi\u019fon  des gens du voyage  dont  l'habitat tradi\u019fonnel  est cons\u019ftu\u00e9 de  r\u00e9sidences  mobiles,  une  ou\nplusieurs aires d'accueil, am\u00e9nag\u00e9es et entretenues.   L'aide est vers\u00e9e exclusivement aux ges\u019fonnaires\nop\u00e9ra\u019fonnels directs des aires d'accueil, signataires de la conven\u019fon.\nPage 96 sur 121\nDirection D\u00e9partementale des Tetrritoires et de la Mer du Gard - 30-2026-03-27-00002 - Arr\u00eat\u00e9 pr\u00e9fectoral portant approbation du\nSch\u00e9ma D\u00e9partemental d'Accueil et d'Habitat du Gard 2026-2032 104\nLe d\u00e9ploiement d'une poli\u019fque locale d'ac\u019fon sociale. La Caf par\u019fcipe au diagnos\u019fc partag\u00e9 autour des\ncondi\u019fons de vie sur les aires d'accueil (logement, hygi\u00e8ne, s\u00e9curit\u00e9) et mobilise de fonds d'am\u00e9liora\u019fon de\nl'habitat ou d'\u00e9quipements collec\u019ffs.\nLa Caf du Gard, \u00e0 travers ses missions sociales et partenariales, est un acteur mobilisable dans la\nconstruction de r\u00e9ponses adapt\u00e9es aux r\u00e9alit\u00e9s des gens du voyage. Elle met \u00e0 disposition son\nr\u00e9seau de travailleurs sociaux pour l'accompagnement individuel, et ses charg\u00e9s de conseils et de\nd\u00e9veloppement territoriaux pour contribuer \u00e0 la coordination strat\u00e9gique et au d\u00e9veloppement de\nprojets locaux dans les territoires concern\u00e9s.\nC'est pourquoi, dans la perspec\u019fve d'intervenir en coh\u00e9rence avec les orienta\u019fons g\u00e9n\u00e9rales d\u00e9clin\u00e9es, au\nplus pr\u00e8s des besoins du territoire, la Caf du Gard pourra mobiliser les moyens financiers de droit commun\ntel que pr\u00e9vu dans la Conven\u019fon d'Objec\u019ffs et de Ges\u019fon 2023-2027 pour accompagner les ac\u019fons\nrelevant directement de son champ de comp\u00e9tence. Lors de l'instruc\u019fon des demandes de financement, la\nCaf du Gard pourra apporter un avis et mobiliser des moyens d'exper\u019fse pour collaborer \u00e0 une meilleure\nconnaissance du territoire ou soutenir le d\u00e9veloppement de projets.\n\u00c0 ce \u019ftre la Caf sera associ\u00e9e aux diff\u00e9rents niveaux de gouvernance. \nPage 97 sur 121\nDirection D\u00e9partementale des Tetrritoires et de la Mer du Gard - 30-2026-03-27-00002 - Arr\u00eat\u00e9 pr\u00e9fectoral portant approbation du\nSch\u00e9ma D\u00e9partemental d'Accueil et d'Habitat du Gard 2026-2032 105\nSch\u00e9ma D\u00e9partementald'Accueil et d'Habitatdes Gens du Voyagedu GardLibert\u00e9 + Egalit\u00e9 \u00bb Fraternit\u00e9=a ae2026 \u2014 2032 PREFECTUREDU GARD\nAnnexe\u00a04\u00a0:\nFic hes tec hniques\ndes \u00e9quipements d'ac c ueil\nPage 98 sur 121\nDirection D\u00e9partementale des Tetrritoires et de la Mer du Gard - 30-2026-03-27-00002 - Arr\u00eat\u00e9 pr\u00e9fectoral portant approbation du\nSch\u00e9ma D\u00e9partemental d'Accueil et d'Habitat du Gard 2026-2032 106\nmoment de la revisionequipemen\n,\nts existants dans le Gard au See Oportail)\nPage 99 sur 121\nAnalyse des \u00e9quipements existants\nDirection D\u00e9partementale des Tetrritoires et de la Mer du Gard - 30-2026-03-27-00002 - Arr\u00eat\u00e9 pr\u00e9fectoral portant approbation du\nSch\u00e9ma D\u00e9partemental d'Accueil et d'Habitat du Gard 2026-2032 107\nPr\u00e9ambule\u00a0: \u00e9l\u00e9ments  de contexte nat ional s ur les  \u00e9quipements  d\u00e9di\u00e9s  aux gens  du voyage.\nLa  localisa\u019fon  des  aires  d'accueil  des  gens  du  voyage  entre  acc\u00e8s  aux  \u00e9quipements  et  exposi\u019fon\nenvironnementale \nLa localisa\u019fon des aires d'accueil d\u00e9di\u00e9es aux gens du voyage repr\u00e9sente un enjeu central dans l'analyse des\npoli\u019fques publiques de l'habitat i\u019fn\u00e9rant : elle anime la r\u00e9flexion entre jus\u019fce spa\u019fale, droit \u00e0 la citoyennet\u00e9\net responsabilit\u00e9 environnementale.\nUne \u00e9tude sta\u019fs\u019fque publi\u00e9e dans Nature\u202fCi\u019fes et relay\u00e9e par The Conversa\u019fon5 met en lumi\u00e8re une\nin\u00e9galit\u00e9 spa\u019fale manifeste : les zones autour des aires d'accueil pr\u00e9sentent trois fois plus de chances d'\u00eatre\nsitu\u00e9es \u00e0 moins de 300\u202fm\u00e8tres d'une d\u00e9che\u01a9erie, plus du double de probabilit\u00e9 d'\u00eatre \u00e0 moins de 100\u202fm\u00e8tres\nd'une sta\u019fon d'\u00e9pura\u019fon ou d'une autoroute, ainsi qu'un risque accru de 30\u202f% d'\u00eatre \u00e0 proximit\u00e9 d'un site\npollu\u00e9 et jusqu'\u00e0 40\u202f% de chance suppl\u00e9mentaire d'\u00eatre proches d'une installa\u019fon Seveso.\nCes r\u00e9sultats confirment qu'au-del\u00e0 d'une simple probl\u00e9ma\u019fque d'urbanisme, la localisa\u019fon de ces espaces\ncons\u019ftue une probl\u00e9ma\u019fque structurante de vuln\u00e9rabilit\u00e9 environnementale.\nLes travaux de William Acker offrent un \u00e9clairage compl\u00e9mentaire : dans son inventaire cri\u019fque O\u00f9 sont les\n\u00ab\u202fgens du voyage\u202f\u00bb\u202f?6, il indique que sur les 1\u202f358 aires recens\u00e9es, pr\u00e8s de 70\u202f% sont isol\u00e9es des centres\nurbains, tandis que 52\u202f% se trouvent expos\u00e9es \u00e0 des pollu\u019fons industrielles ou environnementales, telles que\nla proximit\u00e9 d'une d\u00e9che\u01a9erie, d'une autoroute, d'un a\u00e9roport ou d'une sta\u019fon d'\u00e9pura\u019fon. Ces donn\u00e9es\nchiffr\u00e9es cons\u019ftuent des preuves tangibles du caract\u00e8re syst\u00e9mique de ce\u01a9e probl\u00e9ma\u019fque.\nCes observa\u019fons perme\u01a9ent de d\u00e9gager deux axes d'analyse essen\u019fels :\nL'accessibilit\u00e9 aux infrastructures publiques : l'\u00e9loignement des centres urbains et des lieux de centralit\u00e9\n(transports en commun, services administra\u019ffs, \u00e9tablissements scolaires ou m\u00e9dicaux) fragilise l'int\u00e9gra\u019fon\nsociale et r\u00e9duit l'autonomie des personnes accueillies.\nL'exposi\u019fon accrue aux risques environnementaux : la localisa\u019fon \u00e0 proximit\u00e9 d'infrastructures polluantes\n(autoroutes, d\u00e9che\u01a9eries\u2026) cons\u019ftue une menace pour la sant\u00e9 des occupants, jus\u019ffiant une r\u00e9\u00e9valua\u019fon\ndes crit\u00e8res d'implanta\u019fon.\nCes constats invitent \u00e0 faire \u00e9voluer les crit\u00e8res d'am\u00e9nagement des sch\u00e9mas d\u00e9partementaux d'accueil et\nd'habitat vers une double exigence :\n\uf0b7 Accessibilit\u00e9 r\u00e9elle, garan\u019fssant l'acc\u00e8s effec\u019ff aux services fondamentaux ;\n\uf0b7 Pr\u00e9ven\u019fon sanitaire et environnementale, en \u00e9vitant de promouvoir des sites expos\u00e9s aux nuisances\nou aux dangers industriels.\nAu-del\u00e0 des consid\u00e9ra\u019fons techniques, ces enjeux s'inscrivent dans une r\u00e9flexion plus vaste sur la jus\u019fce\nterritoriale et la dignit\u00e9 des condi\u019fons de vie des gens du voyage. \nPour les futurs \u00e9quipements (en par\u019fculier les APA et les TFL) \u00e0 cr\u00e9er dans le d\u00e9partement il est n\u00e9cessaire\nEPCI et les pilotes du sch\u00e9ma soient par\u019fculi\u00e8rement a\u01a9en\u019ffs \u00e0 la localisa\u019fon des \u00e9quipements au regard de\nl'accessibilit\u00e9 aux services publics et \u00e0 l'exposi\u019fon aux risques environnementaux.\nNB : les fiches ci-apr\u00e8s n'ont pas voca\u019fon \u00e0 se subs\u019ftuer aux visites de conformit\u00e9 r\u00e9alis\u00e9es \nannuellement. Elles ont pour objec\u019ff de d\u00e9crire qualita\u019fvement les \u00e9quipements pr\u00e9sents sur le \nd\u00e9partement du Gard.\"\n5 h\u01a9ps://theconversa\u019fon.com/pres-des-autoroutes-et-des-deche\u01a9eries-les-gens-du-voyage-face-aux-injus\u019fces-\nenvironnementales-258636 \n6 h\u01a9ps://www.edi\u019fonsducommun.org/products/ou-sont-les-gens-du-voyage-william-acker \nPage 100 sur 121\nDirection D\u00e9partementale des Tetrritoires et de la Mer du Gard - 30-2026-03-27-00002 - Arr\u00eat\u00e9 pr\u00e9fectoral portant approbation du\nSch\u00e9ma D\u00e9partemental d'Accueil et d'Habitat du Gard 2026-2032 108\nAPA Marguerites\nCommunaut\u00e9 d'Agglom\u00e9ration de N\u00eemes M\u00e9tropole\nInformat ions  g\u00e9n\u00e9rales\nLocalisa\u019fon \u00e9quipement Rue Cl\u00e9ment Ader Lieu-dit \u00abla Garne Sud \u00bb 30200 Margueri\u01a9es\nLocalisa\u019fon g\u00e9oportail\nDate de mise en service 2016 et r\u00e9habilita\u019fon en 2021-22\nGes\u019fon SG2A - L'Hacienda\nAnalys e qualitat i ve de l'\u00e9quipement \nDimension\narchitecturale et\nfonc\u019fonnelle\nOrganisa\u019fon spa\u019fale\n(parcelles, acc\u00e8s)\nL'aire poss\u00e8de une forme triangulaire. Son organisa\u019fon est\nen trois zones : un ilot, un emplacement PMR isol\u00e9 et une\nbande d'emplacements parall\u00e8les \u00e0 la route d'Avignon.\nLe plan de circula\u019fon permet d'\u00e9viter la marche arri\u00e8re pour\nla plupart des emplacements.\nLors  de  la  visite,  nous  n'avons  pas  vu  de  panneaux  de\nsignalisa\u019fon de l'aire.\n\u00c9quipements\n(sanitaires, eau,\n\u00e9lectricit\u00e9, accessibilit\u00e9\nPMR)\nLa r\u00e9nova\u019fon a permis d'\u00e9quiper les blocs sanitaires avec des\n\u00e9l\u00e9ments en inox (\u00e9vier, sanitaire) mais lors de l'\u00e9change avec\ndes u\u019flisateurs les rev\u00eatements muraux semblent difficiles \u00e0\nentretenir du fait de leur nature.\nLes zones de cuisine sont int\u00e9gralement ouvertes sur un c\u00f4t\u00e9.\nQualit\u00e9 architecturale et\nentre\u019fen\nLors de la visite, l'aire parait entretenue et propre, y compris\nles abords.\nDimension\npaysag\u00e8re et\nurbaine\nLocalisa\u019fon (centre,\np\u00e9riph\u00e9rie, zone\nurbaine/rurale)\nL'aire est situ\u00e9e \u00e0 l'intersec\u019fon de l'A9 et de la 2x2 voies vers\nAvignon \u00e0 proximit\u00e9 d'une zone commerciale\nTraitement paysager\n(espaces verts, sols,\neaux pluviales)\nSol en b\u00e9ton blanc moins chaud que l'enrob\u00e9 noir classique,\navec des a\u01a9aches pour les auvents (vents forts sur site). La\nd\u00e9limita\u019fon avec le voisinage est rela\u019fvement arbor\u00e9e et\nprot\u00e9g\u00e9e de la vue. Quelques arbres ont \u00e9t\u00e9 plant\u00e9s mais\nsont morts sur pied ou ont \u00e9t\u00e9 coup\u00e9s par les voyageurs\n(selon le ges\u019fonnaire).\nLes eaux sont collect\u00e9es sur les zones de roulement via des\npentes naturelles.\nLes  emplacements  sont  s\u00e9par\u00e9s  par  des  blocs  et  par  les\nPage 101 sur 121\nDirection D\u00e9partementale des Tetrritoires et de la Mer du Gard - 30-2026-03-27-00002 - Arr\u00eat\u00e9 pr\u00e9fectoral portant approbation du\nSch\u00e9ma D\u00e9partemental d'Accueil et d'Habitat du Gard 2026-2032 109\nall\u00e9es.\nVisibilit\u00e9 / int\u00e9gra\u019fon\nurbaine\nL'aire est visible depuis l'autoroute A9 et est s\u00e9par\u00e9e du \u019fssu\nurbain de la commune par la 2x2 voies.\nDimension\nenvironnementale\nProximit\u00e9 de sources de\npollu\u019fon ou risques\n(d\u00e9che\u01a9erie, autoroute,\nSeveso)\nLa  forte  proximit\u00e9  avec  l'autoroute  A9  induit  de  fortes\nnuisances sonores. L'APA est situ\u00e9e sur les courbes isophones\nde d\u00e9passement des valeurs limites (niveau de bruit moyen\npond\u00e9r\u00e9 jour/nuit).\nDimension sociale et\nrela\u019fonnelle\nAccessibilit\u00e9 aux\nservices (transports,\n\u00e9coles, sant\u00e9,\ncommerces)\nL'APA se situe \u00e0 :\n\uf0b7 2,1 km de la mairie de Margueri\u01a9es ;\n\uf0b7 2,4 km du CCAS (Centre Communal d'Ac\u019fon Sociale) de\nMargueri\u01a9es\n\uf0b7 5,8 km du CMS (Centre M\u00e9dico-Social) du Mas de Mingue\n(N\u00eemes).\n\uf0b7 1,4 km du terminus Trambus T4\nCondi\u019fons mat\u00e9rielles\nde l'accompagnement\nsocial sur l'APA.\nPr\u00e9sence d'une travailleuse sociale, 1j / semaine\nLe bureau d'accueil et la salle du personnel servent de bureau\nde permanence pour la travailleuse sociale. Cet espace peut\ngaran\u019fr la confiden\u019falit\u00e9 des \u00e9changes en coordina\u019fon avec\nle ges\u019fonnaire.\n\u00c9valua\u019fon globale Forces du site\n\uf0b7 Un \u00e9quipement \u00e0 taille humaine dont la concep\u019fon \u00e9vite\nl'\u00ab effet parking \u00bb.\n\uf0b7 Une  r\u00e9nova\u019fon  r\u00e9cente  qui  int\u00e8gre  de  nombreuses\nam\u00e9liora\u019fons\n\uf0b7 Pr\u00e9sence d'une aire de jeux pour les enfants\nFaiblesses du site\n\uf0b7 De fortes nuisances sonores \n\uf0b7 Absence de pi\u00e8ce sp\u00e9cifique perme\u01a9ant la confiden\u019falit\u00e9\ndes accompagnements sociaux.\nRecommanda\u019fons\n(techniques,\nenvironnementales,\nsociales)\n\uf0e0 \u00c9tude et r\u00e9alisa\u019fon de solu\u019fons techniques de r\u00e9duc\u019fon\ndu bruit de l'A9 sur l'aire de Margueri\u01a9es.\n\uf0e0 Poursuivre la v\u00e9g\u00e9talisa\u019fon.\n\uf0e0 Envisager une fermeture par\u019felle des espaces de cuisine\nen lien avec les r\u00e9sidents. \n\uf0e0 Am\u00e9nagement de condi\u019fons mat\u00e9rielles d'accueil des\nvoyageurs afin d'assurer une confiden\u019falit\u00e9 permanente\ndes \u00e9changes avec le travailleur social.\nPage 102 sur 121\nDirection D\u00e9partementale des Tetrritoires et de la Mer du Gard - 30-2026-03-27-00002 - Arr\u00eat\u00e9 pr\u00e9fectoral portant approbation du\nSch\u00e9ma D\u00e9partemental d'Accueil et d'Habitat du Gard 2026-2032 110\nVue d'ensemble\nAire de jeux\nCoin cuisine etsanitaires\nProximit\u00e9 autorouteet carte du bruit'.\n\u00a9 me me mme ot Mes CartMserres\n7 h\u01a9ps://carto2.geo-ide.din.developpement-durable.gouv.fr/frontoffice/?map=a49a98fc-49a6-4ad6-af70-b78130f5\u0129 c4\nPage 103 sur 121\nDirection D\u00e9partementale des Tetrritoires et de la Mer du Gard - 30-2026-03-27-00002 - Arr\u00eat\u00e9 pr\u00e9fectoral portant approbation du\nSch\u00e9ma D\u00e9partemental d'Accueil et d'Habitat du Gard 2026-2032 111\nAPA N\u00eemes S aint-C\u00e9saire\nCommunaut\u00e9 d'Agglom\u00e9ration de N\u00eemes M\u00e9tropole\nInformat ions  g\u00e9n\u00e9rales\nLocalisa\u019fon \u00e9quipement 215, chemin de Canteperdrix 30900 N\u00eemes\nLocalisa\u019fon g\u00e9oportail\nDate de mise en service 1997 et r\u00e9habilita\u019fon en 2019-21\nGes\u019fon SG2A - L'Hacienda\nAnalys e qualitat i ve de l'\u00e9quipement \nDimension\narchitecturale et\nfonc\u019fonnelle\nOrganisa\u019fon spa\u019fale\n(parcelles, acc\u00e8s)\nL'aire de forme globalement carr\u00e9e est sch\u00e9ma\u019fquement\ncompos\u00e9e  de  deux  rectangles  s\u00e9par\u00e9s  par  un  terre-plein\ncreux.\nUne  circula\u019fon  \u00e0  sens  unique  permet  de  g\u00e9rer  les\nd\u00e9placements des v\u00e9hicules.\nL'acc\u00e8s \u00e0 l'APA se fait depuis la ZI Saint-C\u00e9saire. Un panneau\nde  signalisa\u019fon  indique  l'\u00e9quipement  au  croisement  en\ncontrebas.\nLa  capacit\u00e9  de  l'APA  correspond  aux  standards  de  son\n\u00e9poque de cr\u00e9a\u019fon [soit 40 emplacements ou 80 places].\nActuellement, les nouvelles APA prescrites sont de plus pe\u019fte\ncapacit\u00e9. \n\u00c9quipements\n(sanitaires, eau,\n\u00e9lectricit\u00e9, accessibilit\u00e9\nPMR)\nLa  r\u00e9nova\u019fon  a  permis  de  redonner  sa  voca\u019fon  \u00e0\nl'\u00e9quipement.  Les  zones  de  cuisine  sont  int\u00e9gralement\nouvertes sur deux c\u00f4t\u00e9s.\nQualit\u00e9 architecturale et\nentre\u019fen\nLors de la visite, l'aire parait entretenue et propre, y compris\nles abords.\nDimension\npaysag\u00e8re et\nurbaine\nLocalisa\u019fon (centre,\np\u00e9riph\u00e9rie, zone\nurbaine/rurale)\nL'APA est situ\u00e9e en bordure imm\u00e9diate du cours d'eau de la\nPondre. Elle est situ\u00e9e \u00e0 la bordure ext\u00e9rieure d'une zone\nindustrielle,  notamment  \u00e0  proximit\u00e9  d'entreprises  de\ntransport (au Sud-Est). \nA l'Ouest de l'\u00e9quipement se trouve une zone de garrigue\nsitu\u00e9e sur la commune de Milhaud. Ce\u01a9e zone comporte de\nnombreux  sites  de  cabanisa\u019fon  notamment  le  long  du\nchemin de la Roussillonne. Ce\u01a9e forte proximit\u00e9 cr\u00e9e, de fait,\nune zone d'usage mixte avec des \u00ab m\u00e9nages de passage \u00bb et\nPage 104 sur 121\nDirection D\u00e9partementale des Tetrritoires et de la Mer du Gard - 30-2026-03-27-00002 - Arr\u00eat\u00e9 pr\u00e9fectoral portant approbation du\nSch\u00e9ma D\u00e9partemental d'Accueil et d'Habitat du Gard 2026-2032 112\ndes \u00ab m\u00e9nages s\u00e9dentaires cabanis\u00e9s \u00bb.\nCe\u01a9e  mixit\u00e9  d'usage  semble  \u00e0  l'origine  de  nombreuses\nincivilit\u00e9s  sur  l'APA.  Ces  incivilit\u00e9s  qui  \u00e9maillent  la  vie\nquo\u019fdienne  de  l'APA  pouvant  se  transformer  en  actes\nd\u00e9lictueux (agression du ges\u019fonnaire, blessures physiques\nsur des r\u00e9sidents\u2026).\nTraitement paysager\n(espaces verts, sols,\neaux pluviales)\nSol  en  enrob\u00e9  noir  qui  accentue  l'effet  parking  de\nl'\u00e9quipement et amplifie la sensa\u019fon de chaleur pour les\nr\u00e9sidents.  \nL'aire est tr\u00e8s peu v\u00e9g\u00e9talis\u00e9e hormis quelques arbustes et\nles bordures enherb\u00e9es.\nDes bassins de r\u00e9ten\u019fon ont \u00e9t\u00e9 cr\u00e9\u00e9s \u00e0 l'occasion de la\nr\u00e9habilita\u019fon ainsi que la mise en place de nouveaux r\u00e9seaux\nhumides et secs. \nVisibilit\u00e9 / int\u00e9gra\u019fon\nurbaine\nL'aire est peu visible depuis la RD40.\nDimension\nenvironnementale\nProximit\u00e9 de sources de\npollu\u019fon ou risques\n(d\u00e9che\u01a9erie, autoroute,\nSeveso)\nLes principales nuisances \u00e9voqu\u00e9es par les r\u00e9sidents d'ordre\nsonore et li\u00e9es \u00e0 la proximit\u00e9 d'entreprises de transport. Les\nges\u019fonnaires \u00e9voquent des intrusions de personnes issues\ndes zones de cabanisa\u019fon alentour.\nDimension sociale et\nrela\u019fonnelle\nAccessibilit\u00e9 aux\nservices (transports,\n\u00e9coles, sant\u00e9,\ncommerces)\nL'APA se situe \u00e0 :\n\uf0b7 7,4 km de la mairie centrale de N\u00eemes ;\n\uf0b7 2,7 km de la mairie annexe de Saint-C\u00e9saire ;\n\uf0b7 5,5 km du CCAS (Centre Communal d'Ac\u019fon Sociale) de\nN\u00eemes ;\n\uf0b7 3,3 km du CMS (Centre M\u00e9dico-Social) \u00ab Espace Diderot \u00bb\nde N\u00eemes-Ouest.\n\uf0b7 Proximit\u00e9 du CHU de N\u00eemes\n\uf0b7 1,8 km de l'arr\u00eat de bus \u00ab Laennec \u00bb\nCondi\u019fons mat\u00e9rielles\nde l'accompagnement\nsocial sur l'APA.\nPr\u00e9sence d'une travailleuse sociale, 1j / semaine\nL'espace d'accueil est spacieux. Le bureau du gardien ainsi\nqu'une grande salle de r\u00e9union perme\u01a9ent d'assurer des\npermanences sociales, des d'ac\u019fvit\u00e9s ou des consulta\u019fons\nm\u00e9dico-sociale.  N\u00e9anmoins  cet  espace  est  souvent\ninaccessible, u\u019flis\u00e9 par d'autres personnes ou r\u00e9unions.\n\u00c9valua\u019fon globale Forces du site \uf0b7 Une  r\u00e9nova\u019fon  r\u00e9cente  qui  am\u00e9liore  l'aspect  de\nl'\u00e9quipement ainsi que le local d'accueil.\nFaiblesses du site\n\uf0b7 Une proximit\u00e9 avec une zone de cabanisa\u019fon qui cr\u00e9e des\nconflits d'usage.\n\uf0b7 Absence de pi\u00e8ce sp\u00e9cifique perme\u01a9ant la confiden\u019falit\u00e9\ndes accompagnements sociaux.\n\uf0b7 Une capacit\u00e9 d'accueil rela\u019fvement importante qui ne\nfacilite  ni  la  ges\u019fon  ni  les  rela\u019fons  interr\u00e9sidentes\nlorsque taux de remplissage est \u00e9lev\u00e9.\n\uf0b7 Une forte exposi\u019fon au soleil et vent\nPage 105 sur 121\nDirection D\u00e9partementale des Tetrritoires et de la Mer du Gard - 30-2026-03-27-00002 - Arr\u00eat\u00e9 pr\u00e9fectoral portant approbation du\nSch\u00e9ma D\u00e9partemental d'Accueil et d'Habitat du Gard 2026-2032 113\nDispositif d'acc\u00e8s etstockage des conteneursd'ordures m\u00e9nag\u00e8res\u00e0 l'entr\u00e9e de l'APA\nS\u00e9paration centrale etvue d'ensemble\nBloc cuisineet sanitaires (dont PMR)\nRecommanda\u019fons\n(techniques,\nenvironnementales,\nsociales)\n\uf0e0 Renforcer la v\u00e9g\u00e9talisa\u019fon afin de lu\u01a9er contre l'effet \u00ab i\nlot de chaleur \u00bb et pour limiter \u00ab l'effet parking \u00bbavec des\nesp\u00e8ces au feuillage persistant et sobre en eau.\n\uf0e0 Envisager une fermeture par\u019felle des espaces de cuisine\nen lien avec les r\u00e9sidents. \n\uf0e0 Am\u00e9nagement de condi\u019fons mat\u00e9rielles d'accueil des\nvoyageurs afin d'assurer une confiden\u019falit\u00e9 permanente\ndes \u00e9changes avec le travailleur social.\nPage 106 sur 121\nDirection D\u00e9partementale des Tetrritoires et de la Mer du Gard - 30-2026-03-27-00002 - Arr\u00eat\u00e9 pr\u00e9fectoral portant approbation du\nSch\u00e9ma D\u00e9partemental d'Accueil et d'Habitat du Gard 2026-2032 114\nAPA Laudun-Lardoise\nCommunaut\u00e9 d'Agglom\u00e9ration du Gard rhodanien\nInformat ions  g\u00e9n\u00e9rales\nLocalisa\u019fon \u00e9quipement\nRoute de Saint-Victor-la-Coste Lieu-dit \u00ab le Bouvet \u00bb\n30290 Laudun-l'Ardoise\nLien (g\u00e9oportail)\nDate de mise en service 2018\nGes\u019fon SG2A - L'Hacienda\nAnalys e qualitat i ve de l'\u00e9quipement \nDimension\narchitecturale et\nfonc\u019fonnelle\nOrganisa\u019fon spa\u019fale\n(parcelles, acc\u00e8s)\nL'aire poss\u00e8de une forme circulaire dite en p\u00e9tales. Chaque\nbloc est posi\u019fonn\u00e9 en p\u00e9riph\u00e9rie du cercle.\nLe plan de circula\u019fon suit l'ilot central \u00e0 la mani\u00e8re d'un rond-\npoint.\nLors  de  la  visite  nous  n'avons  pas  vu  de  panneaux  de\nsignalisa\u019fon de l'aire.\n\u00c9quipements\n(sanitaires, eau,\n\u00e9lectricit\u00e9, accessibilit\u00e9\nPMR)\nLes blocs sanitaires pr\u00e9sentent la caract\u00e9ris\u019fque rare d'une\nzone de cuisine vitr\u00e9e.\nN\u00e9anmoins  ces  blocs  ont  \u00e9t\u00e9  install\u00e9s  \u00ab \u00e0  l'envers \u00bb  en\nme\u01a9ant l'acc\u00e8s aux toile\u01a9es et douches vers le centre de\nl'APA ce qui pose, pour certains, des ques\u019fons de respect de\nl'in\u019fmit\u00e9 des r\u00e9sidents.\nQualit\u00e9 architecturale et\nentre\u019fen\nLors de la visite, l'aire parait entretenue et propre, y compris\nles  abords.  Une  benne  \u00e9tait  mise  \u00e0  disposi\u019fon  sur  l'ilot\ncentral.\nUn bloc \u00e9tait inu\u019flisable en a\u01a9ente de travaux de r\u00e9para\u019fon\n(vitre bris\u00e9e et serrure d\u00e9fectueuse). La derni\u00e8re visite DDTM\npermet d'a\u01a9ester qu'il est r\u00e9par\u00e9 depuis.\nDimension\npaysag\u00e8re et\nurbaine\nLocalisa\u019fon (centre,\np\u00e9riph\u00e9rie, zone\nurbaine/rurale)\nL'aire est situ\u00e9e en zone agricole au sud de Laudun-L'Ardoise.\nTraitement paysager\n(espaces verts, sols,\neaux pluviales)\nL'APA semble adapt\u00e9e au climat gardois avec un rev\u00eatement\nde sol plut\u00f4t clair et la pr\u00e9sence d'arbres en p\u00e9riph\u00e9rie et sur\nl'ilot central. \nPage 107 sur 121\nDirection D\u00e9partementale des Tetrritoires et de la Mer du Gard - 30-2026-03-27-00002 - Arr\u00eat\u00e9 pr\u00e9fectoral portant approbation du\nSch\u00e9ma D\u00e9partemental d'Accueil et d'Habitat du Gard 2026-2032 115\nLes blocs sanitaires sont localis\u00e9s en p\u00e9riph\u00e9rie de l'aire. Les\nemplacements sont principalement s\u00e9par\u00e9s par les \u00e9tendoirs\n\u00e0 linge.\nVisibilit\u00e9 / int\u00e9gra\u019fon\nurbaine\nL'aire est visible depuis la RD 240 malgr\u00e9 la pr\u00e9sence d'arbres\nen p\u00e9riph\u00e9rie de l'\u00e9quipement.\nDimension\nenvironnementale\nProximit\u00e9 de sources de\npollu\u019fon ou risques\n(d\u00e9che\u01a9erie, autoroute,\nSeveso)\nUne usine de traitement d'emballage industriels m\u00e9talliques\nest situ\u00e9e \u00e0 moins de 500 m.\nSitu\u00e9e au c\u0153ur d'une zone agricole, il faudrait s'assurer que\nlors d'u\u019flisa\u019fon de produits \u00ab phytosanitaires \u00bb les distances\nr\u00e9glementaires  et  les  condi\u019fons  m\u00e9t\u00e9orologiques\nd'u\u019flisa\u019fon soient respect\u00e9es.\nDimension sociale et\nrela\u019fonnelle\nAccessibilit\u00e9 aux\nservices (transports,\n\u00e9coles, sant\u00e9,\ncommerces)\nL'APA se situe \u00e0 : \n\uf0b71,9 km de la mairie de Laudun-l'Ardoise ;\n\uf0b71,8 km du CCAS (Centre Communal d'Ac\u019fon Sociale) de\nLaudun-l'Ardoise ; \n\uf0b711,9 km du CMS (Centre M\u00e9dico-Social) de Bagnols-sur-\nC\u00e8ze ;\n\uf0b72km des \u00e9coles de Laudun-l'Ardoise\n\uf0b712km du Coll\u00e8ge de Bagnols-sur-C\u00e8ze ;\nAucune desserte par les transports en commun\nCondi\u019fons mat\u00e9rielles\nde l'accompagnement\nsocial sur l'APA.\nPr\u00e9sence d'une travailleuse sociale 0,5 j /semaine\nLe bureau d'accueil et la salle du personnel servent de bureau\nde permanence pour la travailleuse sociale. Cet espace peut\ngaran\u019fr la confiden\u019falit\u00e9 des \u00e9changes en coordina\u019fon avec\nle ges\u019fonnaire.\n\u00c9valua\u019fon globale Forces du site \uf0b7 Un \u00e9quipement \u00e0 taille humaine dont la concep\u019fon en\np\u00e9tales \u00e9vite l'\u00ab effet parking \u00bb.\nFaiblesses du site\n\uf0b7 Site isol\u00e9 qui n\u00e9cessite d'avoir un v\u00e9hicule.\n\uf0b7 Une  inversion  des  blocs  lors  de  l'installa\u019fon  qui  ne\ngaran\u019ft pas l'in\u019fmit\u00e9 des r\u00e9sidents\n\uf0b7 Absence de pi\u00e8ce sp\u00e9cifique perme\u01a9ant la confiden\u019falit\u00e9\ndes accompagnements sociaux.\nRecommanda\u019fons\n(techniques,\nenvironnementales,\nsociales)\n\uf0e0 Envisager des solu\u019fons qui perme\u01a9ent un acc\u00e8s facilit\u00e9\naux solu\u019fons de mobilit\u00e9 (UGGO) de la CAGR.\n\uf0e0 \u00c9tudier la faisabilit\u00e9 d'un \u00ab retournement \u00bb des blocs \u00e0\nl'occasion d'une future r\u00e9habilita\u019fon ou mise en place\nd'un syst\u00e8me perme\u01a9ant de garan\u019fr l'in\u019fmit\u00e9.\n\uf0e0 Am\u00e9nagement de condi\u019fons mat\u00e9rielles d'accueil des\nvoyageurs afin d'assurer une confiden\u019falit\u00e9 permanente\ndes \u00e9changes avec le travailleur social.\nPage 108 sur 121\nDirection D\u00e9partementale des Tetrritoires et de la Mer du Gard - 30-2026-03-27-00002 - Arr\u00eat\u00e9 pr\u00e9fectoral portant approbation du\nSch\u00e9ma D\u00e9partemental d'Accueil et d'Habitat du Gard 2026-2032 116\nVue d'ensemble\nEntr\u00e9e et syst\u00e8me defiltrageLocal d'accueil\nImplantation d'un blocsanitaire(vue du centre de l''APA)\nSanitaires\nPage 109 sur 121\nDirection D\u00e9partementale des Tetrritoires et de la Mer du Gard - 30-2026-03-27-00002 - Arr\u00eat\u00e9 pr\u00e9fectoral portant approbation du\nSch\u00e9ma D\u00e9partemental d'Accueil et d'Habitat du Gard 2026-2032 117\nAPA Bagnols-sur-C\u00e8ze\nCommunaut\u00e9 d'Agglom\u00e9ration du Gard rhodanien\nInformat ions  g\u00e9n\u00e9rales\nLocalisa\u019fon \u00e9quipement Avenue de la Roque\u01a9e - 30200 Bagnols-sur-C\u00e8ze\nLocalisa\u019fon g\u00e9oportail\nDate de mise en service 2012\nGes\u019fon SG2A - L'Hacienda\nAnalys e qualitat i ve de l'\u00e9quipement \nDimension\narchitecturale et\nfonc\u019fonnelle\nOrganisa\u019fon spa\u019fale\n(parcelles, acc\u00e8s)\nL'aire est situ\u00e9e sur un site en l\u00e9gers d\u00e9vers qui \u00e0 n\u00e9cessit\u00e9\ndes  terrassements  pour  garan\u019fr  une  plan\u00e9it\u00e9  des\nemplacements.\nL'APA est organis\u00e9e en quatre zones, dont une centrale. Les\ntrois autres sont accol\u00e9es aux limites mitoyennes.\nLe plan de circula\u019fon est organis\u00e9 autour de la zone centrale.\nUn panneau de signalisa\u019fon de l'aire est pr\u00e9sent sur la RD\n121.\n\u00c9quipements\n(sanitaires, eau,\n\u00e9lectricit\u00e9, accessibilit\u00e9\nPMR)\nLes blocs sanitaires sont de concep\u019fon classique. Les par\u019fes\ncuisine sont ferm\u00e9es sur 3 c\u00f4t\u00e9s.\nQualit\u00e9 architecturale et\nentre\u019fen\nLors de la visite, l'aire parait entretenue et propre, y compris\nles abords. \nAu regard de l'anciennet\u00e9 de l'\u00e9quipement, les b\u00e2\u019fments\nsemblent entretenus. \nDimension\npaysag\u00e8re et\nurbaine\nLocalisa\u019fon (centre,\np\u00e9riph\u00e9rie, zone\nurbaine/rurale)\nL'aire est situ\u00e9e en zone urbaine entre des habita\u019fons, une\nzone spor\u019fve et une zone d'ac\u019fvit\u00e9.\nTraitement paysager\n(espaces verts, sols,\neaux pluviales)\nOutre  sa  par\u019fe  grillag\u00e9e  qui  longe  la  RD  121,  l'APA  est\nentour\u00e9e de murs. Des arbres sont pr\u00e9sents \u00e0 proximit\u00e9 du\nbassin de r\u00e9ten\u019fon ainsi qu'\u00e0 plusieurs endroits de l'APA.\nLes toitures des b\u00e2\u019fments ne disposent pas de ch\u00e9neaux et la\nges\u019fon  des  eaux pluviales  est effectu\u00e9e  par  un  caniveau\ncentral sur la voie de circula\u019fon en pente. L'eau est ensuite\nPage 110 sur 121\nDirection D\u00e9partementale des Tetrritoires et de la Mer du Gard - 30-2026-03-27-00002 - Arr\u00eat\u00e9 pr\u00e9fectoral portant approbation du\nSch\u00e9ma D\u00e9partemental d'Accueil et d'Habitat du Gard 2026-2032 118\ncanalis\u00e9e vers un bassin de r\u00e9ten\u019fon situ\u00e9 \u00e0 l'intersec\u019fon\nentre la RD 121 et le chemin de Signac.\nDes poteaux \u00e9lectriques en b\u00e9ton sont implant\u00e9s sur l'aire\nVisibilit\u00e9 / int\u00e9gra\u019fon\nurbaine\nL'aire est sur\u00e9lev\u00e9e par rapport au niveau de le la RD 121 dont\nelle est s\u00e9par\u00e9e par un simple grillage. Elle est donc visible\ndepuis ce\u01a9e route ainsi que depuis les  trains passant de\nl'autre c\u00f4t\u00e9 de l'axe rou\u019fer.\nUn mur haut s\u00e9pare l'APA de la zone spor\u019fve mitoyenne.\nDimension\nenvironnementale\nProximit\u00e9 de sources de\npollu\u019fon ou risques\n(d\u00e9che\u01a9erie, autoroute,\nSeveso)\nL'aire surplombe un couloir compos\u00e9 successivement de la\nRD 121, d'une voie ferr\u00e9e puis de la RN 580.\nCes nuisances sonores intermi\u01a9entes sont partag\u00e9es avec les\nhabita\u019fons mitoyennes.\nDimension sociale et\nrela\u019fonnelle\nAccessibilit\u00e9 aux\nservices (transports,\n\u00e9coles, sant\u00e9,\ncommerces)\nL'APA se situe \u00e0 : \n\uf0b72,8 km de la mairie de Bagnols-sur-C\u00e8ze ;\n\uf0b73,7 km du CCAS (Centre Communal d'Ac\u019fon Sociale) de\nBagnols-sur-C\u00e8ze ; \n\uf0b72,7 km  du  CMS  (Centre  M\u00e9dico-Social)  de  Bagnols-sur-\nC\u00e8ze.\n\uf0b72,8 km des \u00e9coles \nBonne desserte par les transports en commun\nCondi\u019fons mat\u00e9rielles\nde l'accompagnement\nsocial sur l'APA.\nPr\u00e9sence d'une travailleuse sociale 0,5 j /semaine\nLe local d'accueil est de taille tr\u00e8s modeste \u00e0 la fois pour le\nbureau du ges\u019fonnaire et pour la salle du personnel. Ce\u01a9e\nsalle  servant  \u00e9galement  de  lieu  de  permanence  pour  la\ntravailleuse sociale. L'espace tr\u00e8s exigu, ne permet pas des\ncondi\u019fons de travail (confiden\u019falit\u00e9 minimale) et de s\u00e9curit\u00e9\nadapt\u00e9es pour l'intervenante sociale. \n\u00c9valua\u019fon globale Forces du site \uf0b7 Un \u00e9quipement situ\u00e9 en zone urbaine.\n\uf0b7 Une bonne desserte en transports publics\nFaiblesses du site\n\uf0b7 Une APA de concep\u019fon ancienne.\n\uf0b7 Absence de pi\u00e8ce sp\u00e9cifique perme\u01a9ant la confiden\u019falit\u00e9\ndes accompagnements sociaux.\nRecommanda\u019fons\n(techniques,\nenvironnementales,\nsociales)\n\uf0e0 Am\u00e9nagement d'une zone de collecte.\n\uf0e0 Am\u00e9nagement de condi\u019fons mat\u00e9rielles d'accueil des\nvoyageurs afin d'assurer une confiden\u019falit\u00e9 permanente\ndes \u00e9changes avec le travailleur social.\nPage 111 sur 121\nDirection D\u00e9partementale des Tetrritoires et de la Mer du Gard - 30-2026-03-27-00002 - Arr\u00eat\u00e9 pr\u00e9fectoral portant approbation du\nSch\u00e9ma D\u00e9partemental d'Accueil et d'Habitat du Gard 2026-2032 119\nVue d'ensemble deentr\u00e9e et du locald'accueil\nBloc sanitaire avecchambre mobile accol\u00e9e\nCuisine et sanitaires\nCaniveau centrald'\u00e9vacuation des eauxpluviales et bassin der\u00e9tention\nPage 112 sur 121\nDirection D\u00e9partementale des Tetrritoires et de la Mer du Gard - 30-2026-03-27-00002 - Arr\u00eat\u00e9 pr\u00e9fectoral portant approbation du\nSch\u00e9ma D\u00e9partemental d'Accueil et d'Habitat du Gard 2026-2032 120\nAPA Villeneuve-L\u00e8s-Avignon\nCommunaut\u00e9 d'Agglom\u00e9ration du Grand Avignon\nInformat ions  g\u00e9n\u00e9rales\nLocalisa\u019fon \u00e9quipement Les Sableyes 30400 Villeneuve-lez-Avignon\n Localisa\u019fon g\u00e9oportail\nDate de mise en service 2014\nGes\u019fon SG2A - L'Hacienda\nAnalys e qualitat i ve de l'\u00e9quipement \nDimension\narchitecturale et\nfonc\u019fonnelle\nOrganisa\u019fon spa\u019fale\n(parcelles, acc\u00e8s)\nL'aire est organis\u00e9e de mani\u00e8re longitudinale sur une bande\nd'environ 150m.\nLes blocs individuels sont r\u00e9par\u019fs de part et d'autre de l'axe\ncentral de circula\u019fon.\nAu fond de l'aire un espace est am\u00e9nag\u00e9 afin de perme\u01a9re\ndes man\u0153uvres de retournement.\nUn panneau de signalisa\u019fon est pr\u00e9sent au niveau du rond-\npoint entre la RD 6580 et la RD 377. Un second se trouve au\nniveau de l'APA sur la RD 377 en direc\u019fon de Pujaut.\n\u00c9quipements\n(sanitaires, eau,\n\u00e9lectricit\u00e9, accessibilit\u00e9\nPMR)\nLes blocs individuels sont minimalistes et ne comportent ni\ndouche priva\u019fve ni d'auvent afin de prot\u00e9ger le mat\u00e9riel\n\u00e9lectrom\u00e9nager.\nLors de la visite un nouvel emplacement PMR \u00e9tait en projet\nimminent \u00e0 l'entr\u00e9e de l'APA (sur base d'un module de type\ncontainer).\nQualit\u00e9 architecturale et\nentre\u019fen\nLors de la visite, l'aire parait entretenue et propre.\nAu regard de l'anciennet\u00e9 de l'\u00e9quipement, les b\u00e2\u019fments\nsemblent entretenus notamment les douches pr\u00e9sentes au\nlocal d'accueil (dont seulement deux sur huit sont accessibles\n24/24).\nDimension\npaysag\u00e8re et\nurbaine\nLocalisa\u019fon (centre,\np\u00e9riph\u00e9rie, zone\nurbaine/rurale)\nL'aire est situ\u00e9e dans une zone mixte qui m\u00eale des zones\nd'ac\u019fvit\u00e9  et  des  espaces  naturels.  Elle  est  rela\u019fvement\n\u00e9loign\u00e9e du \u019fssu urbain.\nTraitement paysagerLa voie de  circula\u019fon est  en enrob\u00e9 noir, des bandes  de\npeinture verte y d\u00e9signent des zones de parking pour les\nPage 113 sur 121\nDirection D\u00e9partementale des Tetrritoires et de la Mer du Gard - 30-2026-03-27-00002 - Arr\u00eat\u00e9 pr\u00e9fectoral portant approbation du\nSch\u00e9ma D\u00e9partemental d'Accueil et d'Habitat du Gard 2026-2032 121\n(espaces verts, sols,\neaux pluviales)\nv\u00e9hicules l\u00e9gers. Les emplacements b\u00e9n\u00e9ficient d'un sol plus\nclair. Des arbres sont pr\u00e9sents entre les emplacements et des\nhaies (in\u00e9gales) plant\u00e9es \u00e0 l'ext\u00e9rieur du grillage qui ceinture\nl'APA.  L'\u00e9quipement  est  globalement  inscrit  dans  un\nenvironnement proche de type for\u00eat/garrigue.\nVisibilit\u00e9 / int\u00e9gra\u019fon\nurbaine\nL'aire est ceintur\u00e9e d'un simple grillage. Elle est donc visible\npar\u019fellement  depuis  la  RD  6580.  La  v\u00e9g\u00e9ta\u019fon  pr\u00e9sente\noffrant un brise vue in\u00e9gal sur la longueur de l'APA.\nDimension\nenvironnementale\nProximit\u00e9 de sources de\npollu\u019fon ou risques\n(d\u00e9che\u01a9erie, autoroute,\nSeveso)\nL'APA est proche \u00e0 la fois de sites industriels (dont site de\nproduc\u019fon de structures en b\u00e9ton), \u00e0 proximit\u00e9 du SMICTOM\nRh\u00f4ne  Garrigues  (qui  exerce  la  comp\u00e9tence\nde collecte et traitement des d\u00e9chets m\u00e9nagers et assimil\u00e9s\npour une dizaine de communes) et a proximit\u00e9 d'une usine de\nrecyclage du papier. Des effluves ont \u00e9t\u00e9 constat\u00e9es lors de la\nvisite.\nDimension sociale et\nrela\u019fonnelle\nAccessibilit\u00e9 aux\nservices (transports,\n\u00e9coles, sant\u00e9,\ncommerces)\nL'APA se situe \u00e0 : \n\uf0b7 8,4 km de la mairie de Villeneuve-lez-Avignon ;\n\uf0b7 7 km du CCAS (Centre Communal d'Ac\u019fon Sociale) de\nVilleneuve-lez-Avignon ; \n\uf0b7 2,6 km du CMS (Centre M\u00e9dico-Social) des Angles\n\uf0b7 3,2 km des \u00e9coles \nLes arr\u00eats de transports en commun les plus proches sont \u00e0\nplus de 2 km, mais l'APA est desservie par les transports\nscolaires.\nCondi\u019fons mat\u00e9rielles\nde l'accompagnement\nsocial sur l'APA.\nPr\u00e9sence d'une accompagnatrice sociale (2 fois/sem) et d'un\nm\u00e9diateur (3 fois/sem) dans le cadre du march\u00e9 de ges\u019fon\nde l'aire.\nLe bureau d'accueil est de type ouvert. Le b\u00e2\u019fment d'accueil\nne  dispose  pas  de  salle  autre  pouvant  servir  de  bureau\nd'entre\u019fen aux intervenants sociaux. Il est donc impossible\nde garan\u019fr la confiden\u019falit\u00e9 des \u00e9changes dans cet espace\nUn poste informa\u019fque est mis \u00e0 disposi\u019fon des r\u00e9sidents \u00e0\ncet endroit.\n\u00c9valua\u019fon globale Forces du site\n\uf0b7 Un \u00e9quipement inscrit dans un environnement proche de\ntype for\u00eat/garrigue.\n\uf0b7 Pr\u00e9sence  d'une accompagnatrice  sociale  et  d'un\nm\u00e9diateur\n\uf0b7 Un poste informa\u019fque a disposi\u019fon des r\u00e9sidents\nFaiblesses du site\n\uf0b7 Une APA de concep\u019fon ancienne qui n'offre ni douche\npriva\u019fve ni coin cuisine abrit\u00e9.\n\uf0b7 Absence de pi\u00e8ce sp\u00e9cifique perme\u01a9ant la confiden\u019falit\u00e9\ndes accompagnements sociaux.\nRecommanda\u019fons\n(techniques,\nenvironnementales,\nsociales)\n\uf0e0 Envisager une r\u00e9habilita\u019fon des blocs individuels avec\ndouche et zone de cuisine abrit\u00e9e.\n\uf0e0 Am\u00e9nagement de condi\u019fons mat\u00e9rielles d'accueil des\nvoyageurs afin d'assurer une confiden\u019falit\u00e9 permanente\nPage 114 sur 121\nDirection D\u00e9partementale des Tetrritoires et de la Mer du Gard - 30-2026-03-27-00002 - Arr\u00eat\u00e9 pr\u00e9fectoral portant approbation du\nSch\u00e9ma D\u00e9partemental d'Accueil et d'Habitat du Gard 2026-2032 122\nVue d'ensemble del'entr\u00e9e et du locald'accueil et douchescollectives|SS= tyCREER _1=\nVue d'ensemble depuisl'int\u00e9rieur de l'APA\nBlocs individuels\nDouches collectives\ndes \u00e9changes avec les intervenants sociaux.\nPage 115 sur 121\nDirection D\u00e9partementale des Tetrritoires et de la Mer du Gard - 30-2026-03-27-00002 - Arr\u00eat\u00e9 pr\u00e9fectoral portant approbation du\nSch\u00e9ma D\u00e9partemental d'Accueil et d'Habitat du Gard 2026-2032 123\n APA Al\u00e8s Tamaris\nCommunaut\u00e9 d'Agglom\u00e9ration d'Al\u00e8s Agglom\u00e9ration\nInformat ions  g\u00e9n\u00e9rales\nLocalisa\u019fon \u00e9quipement\n381, rue Philippe Lebon Tamaris\n30100 Al\u00e8s\n Localisa\u019fon g\u00e9oportail\nDate de mise en service 2000\nGes\u019fon En r\u00e9gie par l'EPCI.\nAnalys e qualitat i ve de l'\u00e9quipement \nDimension\narchitecturale et\nfonc\u019fonnelle\nOrganisa\u019fon spa\u019fale\n(parcelles, acc\u00e8s)\nL'aire est de forme quasi rectangulaire. Un espace central est\nd\u00e9gag\u00e9 devant le b\u00e2\u019fment d'accueil, celui-ci d\u00e9bouche sur\nune all\u00e9e centrale. L'EPCI, au regard de l'\u00e9volu\u019fon de la taille\ndes  v\u00e9hicules  des  voyageurs  et  pour  se  rapprocher  des\nnormes du d\u00e9cret de 2019, consid\u00e8re qu'une place \u00e9gale un\nemplacement et que la capacit\u00e9 r\u00e9elle de l'APA ne serait que\nde 15 places pour une surface totale de 4340m2.\nDeux blocs sanitaires collec\u019ffs sont r\u00e9par\u019fs de part et d'autre\nde l'axe de circula\u019fon central.\nL'acc\u00e8s impose de passer par des tunnels soit sous la voie\nferr\u00e9e soit sous l'usine adjacente. Nous n'avons pas vu de\npanneaux de signalisa\u019fon rela\u019ffs \u00e0 l'APA.\nPr\u00e9sence d'un gardien, vivant sur le site.\n\u00c9quipements\n(sanitaires, eau,\n\u00e9lectricit\u00e9, accessibilit\u00e9\nPMR)\nLes  sanitaires  sont  collec\u019ffs.  Le  premier  bloc  pr\u00e8s  du\nb\u00e2\u019fment d'accueil comporte 7 douches / WC. Celui situ\u00e9 au\nfond de l'APA comporte 4 douches/WC.\nChaque emplacement dispose d'une borne donnant acc\u00e8s\naux  fluides.  Certains  r\u00e9sidents  \u00e9voquent  des  risques  de\ns\u00e9curit\u00e9 notamment li\u00e9 au  fait que  l'\u00e9lectro-m\u00e9nager  est\nu\u019flis\u00e9 en plein air.\nQualit\u00e9 architecturale et\nentre\u019fen\nLors de la visite, l'aire parait entretenue et propre.\nLe rev\u00eatement de sol comporte des irr\u00e9gularit\u00e9s.\nAu regard de l'anciennet\u00e9 de l'\u00e9quipement, les b\u00e2\u019fments\nsemblent entretenus notamment les sanitaires.\nPage 116 sur 121\nDirection D\u00e9partementale des Tetrritoires et de la Mer du Gard - 30-2026-03-27-00002 - Arr\u00eat\u00e9 pr\u00e9fectoral portant approbation du\nSch\u00e9ma D\u00e9partemental d'Accueil et d'Habitat du Gard 2026-2032 124\nNous  avons  pu  noter  la  pr\u00e9sence,  \u00e0  l'entr\u00e9e  du  site,  de\nvoli\u00e8res contenant des gallinac\u00e9s.\nDimension\npaysag\u00e8re et\nurbaine\nLocalisa\u019fon (centre,\np\u00e9riph\u00e9rie, zone\nurbaine/rurale)\nL'aire  est  situ\u00e9e  dans  une  zone  industrielle  mais  est\nrela\u019fvement  proche  du  quar\u019fer  Tamaris.  Certaines\nr\u00e9sidentes vont faire leurs courses \u00e0 pied.\nUn site de s\u00e9dentarisa\u019fon relevant des crit\u00e8res de l'habitat\nindigne jouxte l'APA.\nTraitement paysager\n(espaces verts, sols,\neaux pluviales)\nAucune  v\u00e9g\u00e9ta\u019fon  n'est  pr\u00e9sente  sur  l'aire.  Certaines\nfamilles sont s\u00e9dentaris\u00e9es sur l'APA et pra\u019fquent une auto-\nconstruc\u019fon  l\u00e9g\u00e8re  et  d\u00e9montable  (mais  \u00e9galement\nremontable).\nVisibilit\u00e9 / int\u00e9gra\u019fon\nurbaine\nL'aire est \u00e9tant ceintur\u00e9e de murs de toutes part, elle est peu\nvisible de l'ext\u00e9rieur.\nDimension\nenvironnementale\nProximit\u00e9 de sources de\npollu\u019fon ou risques\n(d\u00e9che\u01a9erie, autoroute,\nSeveso)\nL'APA  cumule  les  nuisances  de  proximit\u00e9  puisqu'elle  est\nencercl\u00e9e par une voie ferr\u00e9e, un centre de tri des d\u00e9chets, et\nune scierie \nDimension sociale et\nrela\u019fonnelle\nAccessibilit\u00e9 aux\nservices (transports,\n\u00e9coles, sant\u00e9,\ncommerces)\nL'APA se situe \u00e0 : \n\uf0b7 3,2 km de la mairie d'Al\u00e8s ;\n\uf0b7 3,7 km de la MDS /CCAS;\n\uf0b7 1,1 km du CMS (Centre M\u00e9dico-Social) les Volubilis ;\n\uf0b7  Moins de 1 km des \u00e9coles \n\uf0b7 2 km pour enseignement secondaire\nL'APA est bien desservie par les transports en commun.\nCondi\u019fons mat\u00e9rielles\nde l'accompagnement\nsocial sur l'APA.\nPr\u00e9sence d'un m\u00e9diateur qui fait le lien entre les voyageurs et\nle centre social Les H\u00e9rissons.\nUne salle d'anima\u019fon am\u00e9nag\u00e9e (coin cuisine, biblioth\u00e8que,\ntables  et  banc  pour  anima\u019fons  de  groupe)  sert  de  salle\nd'ac\u019fvit\u00e9s  et  de  permanence  pour  des  consulta\u019fons\n(vaccina\u019fon, PMI\u2026).\n\u00c9valua\u019fon globale Forces du site\n\uf0b7 Un \u00e9quipement proche d'un quar\u019fer d'habitat.\n\uf0b7 Pr\u00e9sence d'un m\u00e9diateur\n\uf0b7 Pr\u00e9sence d'un gardien\nFaiblesses du site\n\uf0b7 Une APA de concep\u019fon ancienne qui n'offre ni sanitaires\npriva\u019ffs ni coin cuisine abrit\u00e9.\n\uf0b7 un environnement industriel poten\u019fellement source de\nrisques pour la sant\u00e9 des occupants\nRecommanda\u019fons\n(techniques,\nenvironnementales,\nsociales)\n\uf0e0 Envisager  une  r\u00e9habilita\u019fon  totale  du  site  o\u00f9  une\nd\u00e9localisa\u019fon au regard des risques de pollu\u019fon.\n\uf0e0 Si r\u00e9habilita\u019fon, me\u01a9re  en  ad\u00e9qua\u019fon le nombre  de\nplaces d'accueil avec la capacit\u00e9 r\u00e9elle.\nPage 117 sur 121\nDirection D\u00e9partementale des Tetrritoires et de la Mer du Gard - 30-2026-03-27-00002 - Arr\u00eat\u00e9 pr\u00e9fectoral portant approbation du\nSch\u00e9ma D\u00e9partemental d'Accueil et d'Habitat du Gard 2026-2032 125\nVue d'ensemble du locald'accueil et des cages agallinac\u00e9s.\nVue d'ensemble depuisl'int\u00e9rieur de l'APA\nSanitaires collectifs\nBorne individuelle et\u00e9lectrom\u00e9nager \u00e0 lairlibre\nExemple d'auto-construction\nPage 118 sur 121\nDirection D\u00e9partementale des Tetrritoires et de la Mer du Gard - 30-2026-03-27-00002 - Arr\u00eat\u00e9 pr\u00e9fectoral portant approbation du\nSch\u00e9ma D\u00e9partemental d'Accueil et d'Habitat du Gard 2026-2032 126\nTFL La Grand'Combe\nCommunaut\u00e9 d'Agglom\u00e9ration d'Al\u00e8s Agglom\u00e9ration\nInformat ions  g\u00e9n\u00e9rales\nLocalisa\u019fon \u00e9quipement\n55, rue de Trescol\n30110 La Grand'Combe\n Localisa\u019fon g\u00e9oportail\nDate de mise en service 2015\nContexte\nCes TFL cons\u019ftuent un mod\u00e8le d'habitat pr\u00e9curseur sur le d\u00e9partement.\nIl a favoris\u00e9 l'int\u00e9gra\u019fon des familles dans la vie locale.\nCet \u00e9quipement est historiquement g\u00e9r\u00e9 par la commune de La Gran-\nd'Combe malgr\u00e9 l'exercice de la comp\u00e9tence par l'EPCI. Une conven\u019fon \nde ges\u019fon est envisag\u00e9e entre l'EPCI et la commune. Pour rappel, la com-\nmune est repass\u00e9e sous le seuil des 5000 habitants en 2022.\nAnalys e qualitat i ve de l'\u00e9quipement \nDimension\narchitecturale et\nfonc\u019fonnelle\nOrganisa\u019fon spa\u019fale\n(parcelles, acc\u00e8s)\nLa  parcelle  est  divis\u00e9e  en  6  lots,  chacun  dot\u00e9  d'une\nconstruc\u019fon en dur. \nUn cheminement en dur permet l'acc\u00e8s aux TFL.\n\u00c9quipements\n(sanitaires, eau,\n\u00e9lectricit\u00e9, accessibilit\u00e9\nPMR)\nChaque  b\u00e2\u019fment  dispose  de  sanitaires,  d'un  espace  de\nrangement et d'un auvent-cuisine. \nDepuis  le  1er janvier  2025,  les  locataires  disposent  d'un\ncompteur \u00e9lectrique individuel.\nQualit\u00e9 architecturale et\nentre\u019fen\nLa  concep\u019fon  des  locaux  est  ancienne  (faible  luminosit\u00e9\nint\u00e9rieure, absence de cheneaux et chauffage \u00ab grille-pain \u00bb\nfavorisant l'humidit\u00e9\u2026). \nUn programme de r\u00e9habilita\u019fon est en cours (subven\u019fons\n2024) afin de tendre vers les a\u01a9endus du d\u00e9cret de 2019. Ces\ntravaux ne pourront par pallier l'ensemble des limites de\nconcep\u019fon ini\u019fale. \nD'autres perspec\u019fves sont \u00e9galement envisag\u00e9es comme la\nfermeture  de  la  terrasse  qui  augmenterait  la  surface\nhabitable. \nPage 119 sur 121\nDirection D\u00e9partementale des Tetrritoires et de la Mer du Gard - 30-2026-03-27-00002 - Arr\u00eat\u00e9 pr\u00e9fectoral portant approbation du\nSch\u00e9ma D\u00e9partemental d'Accueil et d'Habitat du Gard 2026-2032 127\nDimension\npaysag\u00e8re et\nurbaine\nLocalisa\u019fon (centre,\np\u00e9riph\u00e9rie, zone\nurbaine/rurale)\nLe TFL est situ\u00e9 dans le quar\u019fer de Trescol\nTraitement paysager\n(espaces verts, sols,\neaux pluviales)\nLes parcelles sont s\u00e9par\u00e9es par des haies v\u00e9g\u00e9tales.\nLe terrain est en terre nue, certaines familles ont fait livrer du\ngravier pour \u00e9viter la boue produite par le ruissellement du\ntoit en l'absence de collecte du pluvial.\nLe site est qualifi\u00e9 de \u00ab sombre et humide \u00bb par certains\nr\u00e9sidents. Il surplombe le Gardon d'Al\u00e8s.\nVisibilit\u00e9 / int\u00e9gra\u019fon\nurbaine\nLe TFL faiblement visible depuis la RD 286.\nDimension\nenvironnementale\nProximit\u00e9 de sources de\npollu\u019fon ou risques\n(d\u00e9che\u01a9erie, autoroute,\nSeveso)\nLe TFL est situ\u00e9 en mitoyennet\u00e9 d'un garage automobile et\nd'une friche industrielle. \nDimension sociale et\nrela\u019fonnelle\nAccessibilit\u00e9 aux\nservices (transports,\n\u00e9coles, sant\u00e9,\ncommerces)\nL'APA se situe \u00e0 : \n\uf0b7 2,4 km de la mairie de la Grand'Combe ;\n\uf0b7 2,2 km du CCAS;\n\uf0b7 1,1 km du CMS (Centre M\u00e9dico-Social) les Volubilis ;\n\uf0b7  Moins de 1 km des \u00e9coles \n\u00c9valua\u019fon globale Forces du site \uf0b7 Un \u00e9quipement pr\u00e9curseur\n\uf0b7 Un \u00e9quipement proche d'un quar\u019fer \nFaiblesses du site \uf0b7 Une concep\u019fon ancienne \nRecommanda\u019fons\n(techniques,\nenvironnementales,\nsociales)\n\uf0e0 R\u00e9aliser les travaux d'am\u00e9liora\u019fon pr\u00e9vus.\nPage 120 sur 121\nDirection D\u00e9partementale des Tetrritoires et de la Mer du Gard - 30-2026-03-27-00002 - Arr\u00eat\u00e9 pr\u00e9fectoral portant approbation du\nSch\u00e9ma D\u00e9partemental d'Accueil et d'Habitat du Gard 2026-2032 128\nPlan d'ensemble\nHaies v\u00e9g\u00e9tales et zonede desserte desparcelles en enrob\u00e9\nAuvent cuisine\nPiece de vie\nSanitaires\nPage 121 sur 121\nDirection D\u00e9partementale des Tetrritoires et de la Mer du Gard - 30-2026-03-27-00002 - Arr\u00eat\u00e9 pr\u00e9fectoral portant approbation du\nSch\u00e9ma D\u00e9partemental d'Accueil et d'Habitat du Gard 2026-2032 129\nPrefecture du Gard\n30-2026-03-23-00001\narr\u00eate portant transfert d office dans le domaine\npublic de la CCRVV de voies priv\u00e9es de la ZAE de\nl'avenir de comp\u00e9tence communautaire - rue de\nl'avenir \u00e0 Vestric-et-Candiac.\nPrefecture du Gard - 30-2026-03-23-00001 - arr\u00eate portant transfert d office dans le domaine public de la CCRVV de voies priv\u00e9es de\nla ZAE de l'avenir de comp\u00e9tence communautaire - rue de l'avenir \u00e0 Vestric-et-Candiac. 130\nE = Pr\u00e9fecture - Direction de la coordination,PREFET de la l\u00e9galit\u00e9 et des collectivit\u00e9s localesDU GARD Service des \u00e9lections, des r\u00e9glementationsLibert\u00e9 et de l'utilit\u00e9 publiqueEgalit\u00e9 \u2014 Bureau des proc\u00e9dures environnementales et fonci\u00e8resFraternit\u00e9\nArr\u00eat\u00e9portant transfert d'office dans le domaine public de la Communaut\u00e9 de Communes Rh\u00f4ny-Vistre-Vidourle de voies priv\u00e9es de la Zone d'Activit\u00e9 Economique (ZAE) de l'avenir decomp\u00e9tence communautaire - rue de l'Avenir \u00e0 Vestric-et-candiac (30600)Le pr\u00e9fet du Gard,chevalier de la L\u00e9gion d'honneur,officier de l'ordre national du M\u00e9rite,VU le code de l'urbanisme ;VU le code de la voirie routi\u00e8re ;VU le code des collectivit\u00e9s territoriales ;VU le d\u00e9cret du 13juillet 2023 portant nomination de Monsieur J\u00e9r\u00f4me BONET en qualit\u00e9 de pr\u00e9fet duGard ;VU l'arr\u00eat\u00e9 pr\u00e9fectoral n\u00b030-2024-05-06-00001 en date du 06 mai 2024 donnant d\u00e9l\u00e9gation de signature\u00e0 Monsieur Yann GERARD, secr\u00e9taire g\u00e9n\u00e9ral de la pr\u00e9fecture du Gard, sous-pr\u00e9fet de N\u00eemes ;VU la d\u00e9lib\u00e9ration n\u00b02016-69 du conseil communautaire en date du 8 octobre 2016, pour laquelle lacommunaut\u00e9 de communes Rh\u00f4ny-Vistre-Vidourle est comp\u00e9tente pour la gestion et l'entretien de laZone d'Activit\u00e9 Economique de l'Avenir situ\u00e9e sur la commune de Vestric-et Candiac ;VU la d\u00e9lib\u00e9ration n\u00b02025-44 en date du 26 juin 2025 du conseil communautaire Rh\u00f4ny-Vistre-Vidourlequi approuve le recours \u00e0 la proc\u00e9dure de transfert d'office dans le domaine public communautaire,pr\u00e9vue \u00e0 l'article L.318-3 du code de l'urbanisme de cette partie de la rue l'Avenir traversant lelotissement de l'Avenir ;VU la d\u00e9lib\u00e9ration n\u00b02025-582 en date du 19 septembre 2025 qui prescrit l'enqu\u00eate publique et d\u00e9signeMonsieur BENDEJAC, g\u00e9om\u00e8tre retrait\u00e9, en qualit\u00e9 de commissaire enqu\u00eateur.VU le dossier d'enqu\u00eate publique ;VU le plan parcellaire valant plan d'alignement ;\nPr\u00e9fecture du Gard10 avenue Feuch\u00e9res - 30 045 NIMES CEDEX 9T\u00e9l. 04 66 36 43 90www.gard.gouv.fr\nPrefecture du Gard - 30-2026-03-23-00001 - arr\u00eate portant transfert d office dans le domaine public de la CCRVV de voies priv\u00e9es de\nla ZAE de l'avenir de comp\u00e9tence communautaire - rue de l'avenir \u00e0 Vestric-et-Candiac. 131\nVU l'\u00e9tat parcellaire ;VU les notifications individuelles du d\u00e9p\u00f4t du dossier au si\u00e8ge de la communaut\u00e9 de communes Rh\u00f4ny-Vistre-Vidourle \u00e0 chacun des propri\u00e9taires des parcelles comprises dans l'emprise du projet sous plirecommand\u00e9 avec accus\u00e9 de r\u00e9ception ;VU le respect des modalit\u00e9s de publicit\u00e9 dans deux journaux d'annonces l\u00e9gales ;VU que l'enqu\u00eate publique s'est d\u00e9roul\u00e9e du 27 octobre 2025 au 12 novembre 2025 au si\u00e8ge de lacommunaut\u00e9 de communes Rh\u00f4ny-Vistre-Vidourle, soit 17 jours ;VU le rapport, les conclusions et l'avis favorable de M. le commissaire enqu\u00eateur en date du 1d\u00e9cembre 2025 ;VU d\u00e9lib\u00e9ration n\u00b02025-80 en date du 11 d\u00e9cembre 2025 du conseil communautaire donnant un avisfavorable au transfert d'office des voies du lotissement ;VU le courrier de saisine de la communaut\u00e9 de communes de Rh\u00f4ny-Vistre-Vidourle en date du 23d\u00e9cembre 2025 ;CONSIDERANT que l'enqu\u00eate publique est close depuis le 12 novembre 2025, soit depuis moins d'unan \u00e0 la date du pr\u00e9sent arr\u00eat\u00e9 ;CONSIDERANT que le commissaire enqu\u00eateur a relev\u00e9 l'opposition d'un des propri\u00e9taires d'uneparcelle formant une partie de l'assiette de la voie;CONSIDERANT que la communaut\u00e9 de communes Rh\u00f4ny-Vistre-Vidourle est comp\u00e9tente, pour lagestion et l'entretien de la Z.A.E. de l'Avenir situ\u00e9e sur la commune de Vestric-et Candiac, et \u00e9galementpour la gestion de la voirie, des r\u00e9seaux, des espaces verts et de l'\u00e9clairage public de cette zone;CONSIDERANT que le classement de la rue de l'Avenir dans le domaine public intercommunal avait\u00e9t\u00e9 pr\u00e9vu d\u00e8s sa construction et inscrit au cahier des charges du lotissement en date du 24 mars 2005publi\u00e9 au service de la publicit\u00e9 fonci\u00e8re de N\u00eemes le 20 d\u00e9cembre 2006 volume 2006P n\u00b015585 ;CONIDERANT que le classement de la voie de la ZAE de l'Avenir dans le domaine public ait \u00e9t\u00e9 pr\u00e9vumais jamais finalis\u00e9;CONSIDERANT que la rue de l'Avenir est une voie ouverte \u00e0 la circulation publique depuis sa cr\u00e9ation,permettant la desserte des entreprises et la travers\u00e9e de la zone de l'Avenir sans restriction ;CONSIDERANT que le classement de la rue l'Avenir dans le domaine public pr\u00e9sente un int\u00e9r\u00eat g\u00e9n\u00e9ralpour la communaut\u00e9 de communes Rh\u00f4ny-Vistre-Vidourle qui pourra en assurer plus efficacementl'entretien et la mise en s\u00e9curit\u00e9 ;\nSUR PROPOSITION du secr\u00e9taire g\u00e9n\u00e9ral de la pr\u00e9fecture ;\nPr\u00e9fecture du Gard10 avenue Feuch\u00e8res \u2014 30 045 NIMES CEDEX 9T\u00e9l. 04 66 36 43 90www.gard.gouv.fr\nPrefecture du Gard - 30-2026-03-23-00001 - arr\u00eate portant transfert d office dans le domaine public de la CCRVV de voies priv\u00e9es de\nla ZAE de l'avenir de comp\u00e9tence communautaire - rue de l'avenir \u00e0 Vestric-et-Candiac. 132\nARRETE :Article 1er : sont transf\u00e9r\u00e9es d'office, sans indemnit\u00e9, dans le domaine public de la communaut\u00e9 decommunes Rh\u00f4ny-Vistre-Vidourle au titre de l'article L.318-3 du code de l'urbanisme, les parcellesconstituant la rue l'Avenir dont les caract\u00e9ristiques sont les suivantes :- AE 92 pour emprise de 805 m\u00b0- AE 1 pour une emprise 527 m?- AE 96 en totalit\u00e9 soit 275 m?- AE 107 en totalit\u00e9 pour 1108 m?Les parcelles sont d\u00e9crites dans l'\u00e9tat parcellaire et le plan parcellaire annex\u00e9 ci-apr\u00e8s.Le pr\u00e9sent arr\u00eat\u00e9 vaut classement dans le domaine public des emprises concern\u00e9es et \u00e9teint par lui-m\u00eame, \u00e0 sa date, tous droits r\u00e9els et personnels autres sur les biens transf\u00e9r\u00e9s.Article 2 : Le plan annex\u00e9 au pr\u00e9sent arr\u00eat\u00e9 vaut plan d'alignement.Article 3 : Les parcelles concern\u00e9es sont d\u00e9sign\u00e9es conform\u00e9ment aux dispositions du d\u00e9cret 55-22 du4 janvier 1955 portant r\u00e9forme de la publicit\u00e9 fonci\u00e8re.Article 4 : La communaut\u00e9 de commune Rh\u00f4ny-Vistre-Vidourle assure la notification du pr\u00e9sent arr\u00eat\u00e9aux propri\u00e9taires et ayants droit figurant \u00e0 l'\u00e9tat parcellaire par lettre recommand\u00e9e avec accus\u00e9 der\u00e9ception.Article 5: le pr\u00e9sent arr\u00eat\u00e9 sera affich\u00e9 en mairie de Vestric-et-Candiac, et \u00e0 la communaut\u00e9 decommunes Rh\u00f4ny-Vistre-Vidourle. Les certificats justifiant l'accomplissement de cette mesure depublicit\u00e9 seront transmis sans d\u00e9lai au pr\u00e9fet du Gard, direction de la coordination, de la l\u00e9galit\u00e9 et descollectivit\u00e9s locales, SERUP, bureau des proc\u00e9dures environnementales et fonci\u00e8res, 10 avenueFeuch\u00e9res 30045 Nimes cedex 9.Article 6 : le pr\u00e9sent arr\u00eat\u00e9 et ses annexes sont consultables, \u00e0 la communaut\u00e9 de communes Rh\u00f4ny-Vistre-Vidourle ainsi qu'a la pr\u00e9fecture du Gard, direction de la coordination, de la l\u00e9galit\u00e9 et descollectivit\u00e9s locales, SERUP bureau des proc\u00e9dures environnementales et fonci\u00e9res.Article 7 : Le pr\u00e9sent arr\u00eat\u00e9 peut faire l'objet d'un recours contentieux devant le tribunal administratifde N\u00eemes dans un d\u00e9lai de deux mois suivant sa publication ou sa notification. Ce recours contentieuxpeut \u00eatre pr\u00e9c\u00e9d\u00e9 dans ce d\u00e9lai d'un recours gracieux aupr\u00e8s du signataire de l'acte ou d'un recourshi\u00e9rarchique aupr\u00e8s du ministre de l'int\u00e9rieur. Cette proc\u00e9dure prolonge le d\u00e9lai de recours contentieuxqui doit alors \u00eatre introduit dans les deux mois suivant la r\u00e9ponse au recours gracieux ou hi\u00e9rarchique(une absence de r\u00e9ponse vaut rejet implicite \u00e0 l'issue d'un d\u00e9lai de deux mois).Le tribunal administratif peut \u00eatre saisi par l'application informatique \u00ab T\u00e9l\u00e9recours citoyens \u00bbaccessible par le site Internet www.telerecours.fr.Article 8 : Le secr\u00e9taire g\u00e9n\u00e9ral de la pr\u00e9fecture et le pr\u00e9sident de la Communaut\u00e9 de communesRh\u00f4ny-Vistre-Vidourle sont charg\u00e9s, chacun en ce qui le concerne, de l'ex\u00e9cution du pr\u00e9sent arr\u00eat\u00e9 quisera publi\u00e9 au recueil des actes administratifs de la pr\u00e9fecture et des services de l'Etat.A N\u00eemes, 7 3 MARS 2026Le pr\u00e9fet,pour le pr\u00e9fet et par d\u00e9l\u00e9gation,le secr\u00e9taire g\u00e9n\u00e9ral,le pr\u00e9fet,le secr\u00e9taire g\u00e9n\u00e9ralPr\u00e9fecture du Gard . E10 avenue Feuch\u00e8res \u2014 30 045 NIMES CEDEX 9 Yann GERARDT\u00e9l. 04 66 36 43 90www.gard.gouv.fr\nPrefecture du Gard - 30-2026-03-23-00001 - arr\u00eate portant transfert d office dans le domaine public de la CCRVV de voies priv\u00e9es de\nla ZAE de l'avenir de comp\u00e9tence communautaire - rue de l'avenir \u00e0 Vestric-et-Candiac. 133\nPour \u00eatre annex\u00e9 2mon arr\u00e9t\u00e9 de ce jour| firnes. te \u00c9 \u00e0 ais os\n25m|104ECHELLE :\u2014_le se :r\u00e9taire g\u00e9n\u00e9ralYarin GERARD\ns\n\\El242a %,il3Si\\et ty\u00a3= 27 18 \u00a9 23ap aS 2583 si:4 \\e8s 5bled  * DE  |=  ge3  \u00a3 \u00e0 EdCRETE ee \u00c05325 Fe .Cr J 3>232 LA Le]2883 a =- e_ ar$333 a aeE<os T \u00cejeges \u00e0 iZs  HE  <  Le?\"2 |\u00a328F4 L\u00c9ES %.2 36555 *Le Egesoos\n3588Zz a5225 JTE 7See  A  #3843 e HT8328 be >= S= -ag a3Ogwn \u2014 \u20acs1$28 LSESEs ae s\u00e92223 a \"~~ ?acto s FA = ps ate ie \u2014 \u20ac .i a Br A \u00c8 Vsolz azzHE 28235 gO R\u00c9:z\u00c8 273su =3]i| legs== =\nla\nPlan Parcellaire&QO\ncEstoetrne-mrent\nNIVELLEMENT INDEPENDANTNIVELLEMENT IGN 69\nPlanche n\u00b01/1\nDOSSIER:NI225148\nRue de l'Avenir\nDEPARTEMENT DU GARDCOMMUNE DE VESTRIC-ET-CANDIAC\nParcelles AE n\u00b01, 92, 96, 107\nECHELLE: 1/500\nCOORDONN\u00c9ES IND\u00c9PENDANTESCOORDONN\u00c9ES RGF93 - CC44\ngeofit\nPrefecture du Gard - 30-2026-03-23-00001 - arr\u00eate portant transfert d office dans le domaine public de la CCRVV de voies priv\u00e9es de\nla ZAE de l'avenir de comp\u00e9tence communautaire - rue de l'avenir \u00e0 Vestric-et-Candiac. 134\nYann GERARD\n141V71139d4VdALANONSA.G43ISSOQ141V11394Vd1V13YINSAV,130AVZ14005S9I1AN&,PSOSUPNeW\nsaunWwWwodepayneunuWoseBeiano,psale\nPrefecture du Gard - 30-2026-03-23-00001 - arr\u00eate portant transfert d office dans le domaine public de la CCRVV de voies priv\u00e9es de\nla ZAE de l'avenir de comp\u00e9tence communautaire - rue de l'avenir \u00e0 Vestric-et-Candiac. 135\nur etre annex\u00e9 \u00e0mon areLAfu FDt 948 ce jour\n=\nMARS 202634Hisy\npvegeai fedrove_At\u00e8t\n(anbi6jeg)1NOHYAAWOSvz+Ule|djyoaeHUEA100}SE4}ueneweqIO1V14VSe1epjue196-09'uiuefusgLOYNVYAIN8ISUON(enbibjeg)STTSdVMSWVYLO\u00a3S+die1oqjueunowegq191%THVSe1ap}u8196-09'suey137110INSISUON(euBeuue||y)94341314Z6eceZpeydswywyjueineweqIQ1V14vSelepjueIgB-09'jeosedHLHIHINSISUOW(00\u20ac09)SIINAS\u2014enge|epauenbsgy)jueinowegIQTVTHVSB|epjuesg6-09'yoursHANHOF1N8ISUON(0\u00a3Z22)311309-N3-NILHVNNVA\u2014JepyJUEWEIDEns276'9/905EIEpa}IANOB,PWedaaI|IolWOG066222766\u20ac:OJQUINU8]SNOS(27)XNVAI8PSONNesginowyewuyLCO00066ZCC66E:LAYIS.NujweluegLOYNVYAJNelsuoW}9SUEH13711041N8ISUON'}eosegHLHIHAN8ISUON'YOUeJ4HANHOFJNalsuo89/919X9Uasjue196-00sasJedaajuaseidalITY1HVS(0\u00a3ZZ2)31309-N3-NILHVWINVA\u201418pY}USWE!DEn226'21809e|apSHANIE,PegS8IIDIWOQAINDVdWOO13IGTVWSVSelepjuepisaud'1q1v14vS(O\u20acZLZ)31309-N3-NILHVWNVA\u201418PYJU8W8[98NJ1ZG'81809|APSHANDE,PEdSgI[IOIWIOG8\u20ac989SBLE:oJeuunu8jSnos(1/7)XNVAN2PSOWnesginowyewy|\u20acv0008\u00a3989S8ZE:LAYIS.NIDTVTHVS291918XeUejuepiseiduosJedsgjuesaidei3INOVAWOO13IQTVNNISVS:341V131Hd0\u00f9d\n(al81oueuuosi84)LNVLN3S3Hd14NOSNo(anbiskydeuuosi8q)12142HIV131IHdOHdOb2131HdOUdOVIONVO-L3-9I4LS3A30ANNWNODYINSAAV.1350AVZsalleoudoidsap93517\n9ZOZ/E0/61c-ebed341V711394Vd1V13\nPrefecture du Gard - 30-2026-03-23-00001 - arr\u00eate portant transfert d office dans le domaine public de la CCRVV de voies priv\u00e9es de\nla ZAE de l'avenir de comp\u00e9tence communautaire - rue de l'avenir \u00e0 Vestric-et-Candiac. 136\npur atre annexe \u00e0LEle\u00e9 jour2 4e { \u00e9mor arr\u00e9i\u00e9 MARS 707nes.\u00a9ina3Le\npr\u00e9fet,Pourle secr\u00e9taig\u00e9n\u00e9ral\nYann GERARD\n'118q-J1P919Op}e1}UODUn,pUONNOEXeUSUONdO,pBare]OUN,p21PE92]SUEPo}UB/\\:JUSW9|dW0T\nnesljqnd'(\u00a36)\n'9109.Ud6L0ZSWUNIOA'6107/60/9181SANIN8PSgIOUOYayoljqndeB]apsolesNILNWd\u20acSJIEJOU\"HALHVOSMENJed11419'6LOZ/FO/6LNP8198UO[SSGGEYOOZZZCUPWUNU8jSNOSSUBAPSOYNe8JUOSUITIVWAODIOVSBIJedeJU8A:ejeudoidapsulbuCS08l8J0L9\u20ac6CLqS08eLVLEbSIOAAG312crS19S|C6dV(89no,wWueseoRjins)SOBLNSoNSOBWNSoNuejde9ennswaq-nerySJINJENoN'pessuoleniesqoeyseyesuduzwhNajeujsepeosousigjoyOVIGNVO-LS-OINLSSA3dANNWWOD\nYINAAV.130AVZ\n'sollejaiidoidsap95179COC/\u00a3O/6L\u00a3-o6ed\n341V711394Vd1V13\nPrefecture du Gard - 30-2026-03-23-00001 - arr\u00eate portant transfert d office dans le domaine public de la CCRVV de voies priv\u00e9es de\nla ZAE de l'avenir de comp\u00e9tence communautaire - rue de l'avenir \u00e0 Vestric-et-Candiac. 137\nF etre annexe &mon arr\u00e9t\u00e9 cde ce jour\n\u00a35 ;Ply\nde 23 MARS. 2076Vars\n=9702/90/0}:J8JS,POUIQXS8JEQSZOZ/IO/OL:ANIAIBIXE,PSUIQIXSJEQ%\u20ac6'Z:}@J9IUL,PXNELUNF00'O9L'Sr:SaulossadyYNF00'008'Ovz:IEdIOULIAJUEJUOIN>'E8STUA\u00cbLOZOWNIOA'ELOZ/OL/LL81SANIN\"SP-O1GIOUOY9y91|qnde|epsoiuesnegiqnd(0\u20ac)AZAOYAA&S!E}OU'HAILLNVIdayeJed1148)LOZ/0L/LONPayeUO|as'6\u00a39Z09OPPOJPWUNU8jSNOSYSITTad.LNOW8PSOUNEsH1JOSUlSIONVHAOSEI8jU09608YOZ9hOJEUUNU8]SNOSXNWAGHOEPSOYNesy9sul1SSNOANSOIDEIepwoudnesisiuepepsunejaudepebaliaudTUSUSIAUOD\n\"LGOLoUdELOZSWNIOA'ELOZ/LO/L}81SANINOPB9IDUO)a}!91|GNde|epad1AJasneguand'(0\u20ac)AZAOYAA\u20ace1ejou\"YAILNVIdSewJed114239'\u20acL0Z/Z0/70NP89eUO|asZ\u00ff2Z80SLOJEUUNU8jSNOSSOWIIN8pSOYNeSWJOsUlVILALSOTIOS\u20ac]JedSJU8A:aje1doudapaulbuoOLOG18]OL762VqLese6187SIOAAG31epue||dV(e9no,Wueseoeuns)e9EpHNnsoNsoeYNSoNue|de9eunsWqQ-ner]aINJeNoN'29Ssuol}eAlesqoe}soyesiidwy;SUN2|21}S2pE9sousuajay(00++E)SANOYVUYNLVS\u2014JONE|8penuareZjuBINSWAaqSAONVYSOSBIapjue196'gupuySIONVHAINEISUON(00b+E)SANOUVUNLVS\u2014JEWeB]epenuereZaaI|IN1LWOG6E9209Ory:O1QUUNU9]SNOS(\u00ff\u00a3)YAITTAdLNOW8PSOWneegjnouyewU|\u20ac10006\u20ac9Z09Orr:LAYIS.NPUYSAONVYSIN8ISUONeolduexeUejue196uosJedagjuaseidasSAONVHSOS:FYIVLAlWdOdd\n(a/esowWeuuosie4)LNVLNASAYdaYNOSNo(enbiskydeuuosied)11343HIVL31HdOHd022131HdOHdOVIONVO-L3-9141S3AAdANNWANOD\nYINSAV.14303AVZ\n|salieoudoidsep91517\n9cC0C/\u00a30/6Ly-bed34IVT11394VdLVLA\nPrefecture du Gard - 30-2026-03-23-00001 - arr\u00eate portant transfert d office dans le domaine public de la CCRVV de voies priv\u00e9es de\nla ZAE de l'avenir de comp\u00e9tence communautaire - rue de l'avenir \u00e0 Vestric-et-Candiac. 138\njour2 3 MARS 2026& cle ce[e\u00eaeon arr\u00e9fu dour \u00eatre annexe 3iiCU&\norn\u00e9ralPourfe Nr\u00e9fie secr\u00e9tair\u00e9\n16&G6AVU\u00aeSSIAPso\nG9FVa1]}90ed|'\u20acG,U49007SWNIOA'900Z/L0/P01SAINOP8120U0yEy91\\GnNde]apsouesnea1|qnd8900Z/L.0/P0NP8JEPUSMAPSG,US1JSEPEONpjeqeA-Se001qUO]aSdllej|joddedUOISIAIG'O90E1L.UdZ00ZSWINJOA'Z00Z/LL/61FISANIN2P21elou0}8y91gnde|epe,IuesG9LoyvEPOJSUINU8]SNOSSOWINOPSOYNe8JU9SUILYWYHOIDSeB]Jedaju8A59JVOponss|ojjooledneguqnd'(0\u20ac)SZAOUAAeeurejou'HAILNVIdSHIENJed1qe}9'ZOOZ/OL/L|NPajoeuojesZ:jeudoidapaulbuOGloJB}OL0GLZGloSI0A3Q371|ANeqe818L|96dV(eono.,uiueeeaejns)SORLINSoNS0EHNSoNuejd|eoepnsWa-nerySINJENoNpesSUOleAesqOejsoyesuduizram|ajesjsepeosousJajay(0Z90\u20ac)anvHON-SepenBinonsepend/jueineweqHIN3AYIOSe1apjue196'AUSIUL73434JNeISUON(0290\u20ac)anvHON\u2014seyenBinowsepani/ealloiwoqLLZ280Ebr:OJeUNU9]SNOS(OE)SANIN2PSOYNesgjnowyewyy21000LZ2Z280Evy:LAYIS.NAWAY.ZAYAdIN8ISUON291918X9uejue196uosJedaajuaseidadYINAAVIOS-14IVL314dO\u00f9d0\u20ac2111HdO0\u00f9d\n(ajesoWWeuuos184)LNVIN3S3Hd14NOSNo(anbiskydauuosieg)11143HIVLAIHdOHdOVIGNVO-LA-OlNLSSA3dANNWWOOYINSAV.14503V2Zsoileyalidoidsap93517\n9ZOZ/E0/61LG-abe,341V77394VdLVLA\nPrefecture du Gard - 30-2026-03-23-00001 - arr\u00eate portant transfert d office dans le domaine public de la CCRVV de voies priv\u00e9es de\nla ZAE de l'avenir de comp\u00e9tence communautaire - rue de l'avenir \u00e0 Vestric-et-Candiac. 139\nur \u00eatre annex\u00e9 \u00e0mon arr\u00eat\u00e9 de ce jour2.3 MARS 2076.\nRD\n40]\u20acJUBSHOINEGOOZ?/LO/ELNPapUeOVIGNVOLAOINLSAAep21enpjediojunwayaTENTETT[NTYe)\nra'ZBSSLoU49007SWNIOA'900Z/ZL/0Z1SANINOP818100}#yo1qnd'60L\u20acOOLAVUP29SIAIPjsoEGued|'6/GGL.Ud900ZSWINIOA'900Z/ZL/0Z81SANIN8P2181U0}gyOI|GNde|apsoiuesneatiqndJe9002/90/90NPe}epUSDLAS,USSEPEONp[EJSA-S20014UOIAS91802184UOISIAIG'962SL.UdLOOZOWNIOA'LOOZ/ZL/LZ81SANIN2P21210U0}guolignde|epeojuesnegygnd'(0\u20ac)SZNOOIV.G-LNAYNVT-LNIVS2B2}0U'ANVNHNOASHIENJed114818'LOOZ/LL/0ZNP819Uojes8161/20/0821SUTAANUOJedaJu8A:gJadoudapaulBUOSOLL|IeloL0801LSOLLSI0A3Q372191|/0Lqv(eono,Wueseen)SOeYNSoN99EUNSoNuedECTS1q-n211EMEoN'pesSUOH}EAISSGOa}soyesuduzaNa[81}S2pe9soUusIaJOY(090\u20ac)GNWHON\u2014suewe]sependsiggjueINaWegVAL'110Se]epajuese6'esesoy|-eveWANO71VOVIOewepey(0090\u20ac)OVIGNVO-LS-SINLSAA\u2014SI0A9Q979919100Ely2S8ver:OIUNUBjSNOS(OE)SAWIN2PSOYnesajnowyeww]81000EL\"ZS8ver:LAYIS.N9SQU9UL-EUENINOIVOVIOSwepey201918xeueajueJofesJedasajusseidesWAL'119S7dJuIVLolddOud\n(9/es0WeUUoSI84)LNVIN3S3Hd14NOSNo(anbiskydsuuosiad)13234JuIVlalddOudOv2131HdOUdOVIGNVO-LA-OINLSSAA30ANNNWOOYINSAV.1450AVZsaleoudoidsapaj}si7q\n9ZOZ/EO/6L9-bed341V771394Vd1V13\nPrefecture du Gard - 30-2026-03-23-00001 - arr\u00eate portant transfert d office dans le domaine public de la CCRVV de voies priv\u00e9es de\nla ZAE de l'avenir de comp\u00e9tence communautaire - rue de l'avenir \u00e0 Vestric-et-Candiac. 140\nTu Pour UC aINIERe fmon arr\u00e9t\u00e9 de ce foJ1 2 HAS 005our le pr\u00e9fet,le secr\u00e9taire g\u00e9n\u00e9ralfines.fe\n=\nYann GERARD\nJVIGNVO-LA-OIN.LSAA8peunuUiwod14IV1119\u00e04VdALANONA.CYAISSOCAILVINLIdVOSYNVATEVLYINAAV,130AVZHJ005SoSuUJeNS91AN&,pSoBeiano,psale\nPrefecture du Gard - 30-2026-03-23-00001 - arr\u00eate portant transfert d office dans le domaine public de la CCRVV de voies priv\u00e9es de\nla ZAE de l'avenir de comp\u00e9tence communautaire - rue de l'avenir \u00e0 Vestric-et-Candiac. 141\n\u00e6L 2tu pout \u00e9tre annexemon arr\u00e9t\u00e9 de ce jour\neso2euns=3|a25)+aw\u2014(\u00a9co\"oOcS\u01532-9212:WLOLBOLLLOLAVOVIGNVO-LS-OINLSSAVAL'119SOVGlZ96AVOVIGNVO-LS-OINLSSAYINSAVIOSO\u20ac\u00a3\u00a3GLAVOVIGNVO-LA-SINLSSAASSONVYSOS0cO18c6dVOVIGNVO-LS-OINLSSAAINDVdWODS13IQ1VANISVSOL\nw,ejessepe9aulejjoouedaseeudoidue4uonboeMindonU01}99SUENPoNeunwwossoulejaidoigsapSWONoreuirie\nPrefecture du Gard - 30-2026-03-23-00001 - arr\u00eate portant transfert d office dans le domaine public de la CCRVV de voies priv\u00e9es de\nla ZAE de l'avenir de comp\u00e9tence communautaire - rue de l'avenir \u00e0 Vestric-et-Candiac. 142","date":"2026-03-27","first_seen_on":"2026-03-27T17:18:06+00:00","id":"37f3247d41e8b257ebcbc01d70496215e85bad34e1adc2d1d2520537628d073c","name":"recueil-30-2026-064-normal du 27 03 2026.","pdf_creation_date":"2026-03-27T15:46:23+00:00","pdf_modification_date":null,"timezone":"Europe/Paris","url":"https://www.gard.gouv.fr/contenu/telechargement/67451/495799/file/recueil-30-2026-064-normal%20du%2027%2003%202026.pdf"}
