{"administration":"prefidf","administration_name":"Pr\u00e9fecture de la r\u00e9gion \u00cele-de-France","content":"PREFECTURE\nREGION ILE DE\nFRANCE\nRECUEIL DES ACTES\nADMINISTRATIFS SP\u00c9CIAL\nN\u00b0IDF-004-2025-09\nPUBLI\u00c9 LE  1 SEPTEMBRE 2025\nSommaire\nDirection r\u00e9gionale et interd\u00e9partementale de l'\u00e9conomie, de l'emploi,\ndu travail et des solidarit\u00e9s d'\u00cele-de-France / P\u00f4le Politiques du\nTravail\nIDF-2025-09-01-00016 - Arr\u00eat\u00e9 portant agr\u00e9ment d'un organisme\npour la formation \u00e9conomique des repr\u00e9sentants du personnel au\ncomit\u00e9 social et \u00e9conomique (CSE) (2 pages) Page 3\n2\nDirection r\u00e9gionale et interd\u00e9partementale de\nl'\u00e9conomie, de l'emploi, du travail et des\nsolidarit\u00e9s d'\u00cele-de-France\nIDF-2025-09-01-00016\nArr\u00eat\u00e9 portant agr\u00e9ment d'un organisme pour la\nformation \u00e9conomique des repr\u00e9sentants du\npersonnel au comit\u00e9 social et \u00e9conomique (CSE)\nDirection r\u00e9gionale et interd\u00e9partementale de l'\u00e9conomie, de l'emploi, du travail et des solidarit\u00e9s d'\u00cele-de-France -\nIDF-2025-09-01-00016 - Arr\u00eat\u00e9 portant agr\u00e9ment d'un organisme pour la formation \u00e9conomique des repr\u00e9sentants du personnel au\ncomit\u00e9 social et \u00e9conomique (CSE)\n3\n|PREFET .DE LA REGION\u00ceLE-DE-FRANCELibert\u00e9Egalit\u00e9Fraternit\u00e9\n Direction r\u00e9gionale et interd\u00e9partementale \nde l'\u00e9conomie, de l'emploi, \ndu travail et des solidarit\u00e9s \n \n \n \n \nDRIEETS d'\u00cele-de-France \n21 rue Madeleine  Vionnet \n93300 AUBERVILLIERS \nARR\u00caT\u00c9 N\u00b0 2025-365 \n \nPORTANT AGR\u00c9MENT D'UN ORGANISME POUR LA FORMATION \u00c9CONOMIQUE  \nDES REPRESENTANTS DU PERSONNEL AU COMIT\u00c9 SOCIAL ET \u00c9CONOMIQUE (CSE) \n \nLE PR\u00c9FET DE LA R\u00c9GION D'\u00ceLE-DE-FRANCE,  \nPR\u00c9FET DE PARIS,  \nCOMMANDEUR DE LA L\u00c9GION D'HONNEUR \nOFFICIER DE L'ORDRE NATIONAL DU M\u00c9RITE \n \n \nVu le code du travail et notamment ses articles L. 2315-17 et L. 2315-63 relatifs \u00e0 la formation \u00e9conomique \ndes repr\u00e9sentants du personnel au comit\u00e9 social et \u00e9conomique ; \n \nVu l'arr\u00eat\u00e9 de Monsieur Marc G uillaume, Pr\u00e9fet de la r\u00e9gion d'Ile de France, Pr\u00e9fet de Paris, portant \nd\u00e9l\u00e9gation de signature \u00e0 Monsieur Fabrice MASI, Directeur r\u00e9gional et interd\u00e9partemental de l'\u00c9conomie, \nde l'Emploi, du Travail et des Solidarit\u00e9s d'\u00cele-de-France (DRIEETS) en mati\u00e8re administrative ; \n \nVu la d\u00e9cision n\u00b0 2025-164 du 28 ao\u00fbt 2025 portant subd\u00e9l\u00e9gation de signature de Monsieur Fabrice MASI, \nDirecteur r\u00e9gional et interd\u00e9partemental de l'\u00c9conomie, de l'Emploi, du Travail et des Solidarit\u00e9s d'\u00cele-de-\nFrance, aux agents de l'unit\u00e9 r\u00e9gional; \n \nVu la demande  pr\u00e9sent\u00e9e le 5 f\u00e9vrier 20 25 par l a S.A.S. \u00ab  CSEFORMAS \u00bb, soci\u00e9t\u00e9 enregistr\u00e9e comme \norganisme de formation sous le n\u00b0 11 93 11331 93  aupr\u00e8s de la D RIEETS d'\u00cele-de-France, en vue d'\u00eatre \nautoris\u00e9e \u00e0 dispenser aux repr\u00e9sentants du personnel des comit\u00e9s so ciaux et \u00e9conomiques la formation \n\u00e9conomique pr\u00e9vue par l'article L.2315-63 du code du travail ; \n \nVu la consultation et l'avis favorable \u00e9mis le 7 juillet 2025 par le Comit\u00e9 R\u00e9gional pour l'Emploi (CRPE) d'\u00cele-\nde-France ;  \n \nConsid\u00e9rant que l'instruction de la demande atteste de la capacit\u00e9 de l'organisme demandeur \u00e0 dispenser \naux repr\u00e9sentants du personnel des comit\u00e9s sociaux et \u00e9conomiques la formation \u00e9conomique pr\u00e9vue par \nl'article L.2315-63 du Code du travail conform\u00e9ment \u00e0 la r\u00e9glementation en vigueur ;  \n \nARR\u00caTE \n \nArticle 1er :  L'agr\u00e9ment pr\u00e9 fectoral requis pour dispenser aux repr\u00e9sentants du personnel des Comit\u00e9s \nSociaux et Economiques (CSE) la formation \u00e9conomique pr\u00e9vue par l'article L.2315-63 du code du travail \nest accord\u00e9 \u00e0 l'organisme de formation suivant :  \n \nS.A.S. \u00ab CSEFORMA \u00bb  \nnum\u00e9ro de d\u00e9claration : 11 93 11331 93 \n3 all\u00e9e Georges Bizet \n93430 Villetaneuse \n \nArticle 2 :  Les formations dispens\u00e9es dans le cadre du pr\u00e9sent agr\u00e9ment d evront \u00eatre conforme \u00e0 celle s \nexpos\u00e9es dans la demande pr\u00e9sent\u00e9e par l'organisme. Toute modification portant sur le contenu de ce s \nformations devra \u00eatre pr\u00e9alablement signal\u00e9e au service de la DRIEETS d'\u00cele-de-France sollicit\u00e9 dans le \nDirection r\u00e9gionale et interd\u00e9partementale de l'\u00e9conomie, de l'emploi, du travail et des solidarit\u00e9s d'\u00cele-de-France -\nIDF-2025-09-01-00016 - Arr\u00eat\u00e9 portant agr\u00e9ment d'un organisme pour la formation \u00e9conomique des repr\u00e9sentants du personnel au\ncomit\u00e9 social et \u00e9conomique (CSE)\n4\n \n 2 \ncadre de la pr\u00e9sente demande d'agr\u00e9ment. \n \n \nArticle 3 :  Les formations concern\u00e9es par le pr\u00e9sent agr\u00e9ment devra imp\u00e9rativement \u00eatre dispens\u00e9es par \nle formateur dont le curriculum vitae a \u00e9t\u00e9 annex\u00e9 \u00e0 la demande d'agr\u00e9ment. L'intervention de tout autre \nformateur implique ra la transmission pr\u00e9alable de son curriculum vitae au service de la DRIEET S  \nd'\u00cele- de-France sollicit\u00e9 dans le cadre de la pr\u00e9sente demande d'agr\u00e9ment. \n \n \nArticle 4 : Une attestation d'assiduit\u00e9, destin\u00e9e \u00e0 l'employeur, devra \u00eatre d\u00e9livr\u00e9e par l'organisme de \nformation aux repr\u00e9sentants du personnel ayant suivi la formation (art. R.2315-15 du code du travail). \n \n \nArticle 5 : L'organisme devra transmettre au service de la DRIEETS d'\u00cele-de-France, avant le 30  mars de \nchaque ann\u00e9e , un compte rendu de s formations \u00e9conomiques dispens\u00e9es \u00e0 des repr\u00e9sentants du \npersonnel au cours de l'ann\u00e9e pr\u00e9c\u00e9dente (art. R. 2315-16 du code du travail). \n \n \nArticle 6 :  Conform\u00e9ment aux dispositions de l'article R. 2315-14 du code du travail, le pr\u00e9sent agr\u00e9ment \npeut faire l'objet d'un retrait si l'organisme concern\u00e9 cesse de r\u00e9pondre aux qualifications ayant justifi\u00e9 \nson inscription sur la liste pr\u00e9fectorale concernant notamment son aptitude \u00e0 assurer la formation, les \ncapacit\u00e9s de ses formateurs, la non remise ou la remise incompl\u00e8te du compte rendu annuel d'activit\u00e9.  \n \n \nArticle 7 : Le pr\u00e9fet, secr\u00e9taire g\u00e9n\u00e9ral pour les affaires de la pr\u00e9fecture de la r\u00e9gion d'\u00cele -de-France, \npr\u00e9fecture de Paris et le directeur r\u00e9gional et interd\u00e9partemental de l'\u00e9conomie, de l'emploi, du travail et \ndes solidarit\u00e9s d'\u00cele-de-France sont charg\u00e9s, chacun en ce qui le s concerne, de l'ex\u00e9cution du pr\u00e9sent \narr\u00eat\u00e9, qui sera publi\u00e9 au recueil des actes administratifs de la  pr\u00e9fecture de la r\u00e9gion d'\u00cele -de-France, \npr\u00e9fecture de Paris.  \n \n \n \nFait \u00e0 Aubervilliers, le 1er septembre 2025 \n \nPour le directeur r\u00e9gional et par d\u00e9l\u00e9gation, \nLe responsable du service relations du travail, \n \n Sign\u00e9\n \n \nGuy LEBON \n \n \n \n \n \n \n \nVoie de recours : \n \nLa pr\u00e9sente d\u00e9cision peut faire l'objet, dans un d\u00e9lai maximum de 2 mois \u00e0 compter de sa r\u00e9ception, d'un recours \ncontentieux aupr\u00e8s du tribunal administratif comp\u00e9tent. La d\u00e9cision contest\u00e9e doit \u00eatre jointe au recours. Ce \ntribunal peut aussi \u00eatre saisi par l'application T\u00e9l\u00e9recours citoyens www.telerecours.fr \nDirection r\u00e9gionale et interd\u00e9partementale de l'\u00e9conomie, de l'emploi, du travail et des solidarit\u00e9s d'\u00cele-de-France -\nIDF-2025-09-01-00016 - Arr\u00eat\u00e9 portant agr\u00e9ment d'un organisme pour la formation \u00e9conomique des repr\u00e9sentants du personnel au\ncomit\u00e9 social et \u00e9conomique (CSE)\n5","date":"2025-09-01","first_seen_on":"2025-09-01T17:28:56+00:00","id":"3930aca34e912465f6ed0ac74106d6523e3a5fae542ae501ae0711b7d03efc3f","name":"recueil-idf-004-2025-09-recueil-des-actes-administratifs-special du 01.09.2025","pdf_creation_date":"2025-09-01T16:53:48+00:00","pdf_modification_date":null,"timezone":"Europe/Paris","url":"https://www.prefectures-regions.gouv.fr/ile-de-france/irecontenu/telechargement/130594/960422/file/recueil-idf-004-2025-09-recueil-des-actes-administratifs-special%20du%2001.09.2025.pdf"}
