{"administration":"pref83","administration_name":"Pr\u00e9fecture du Var","content":"VAR\nRECUEIL DES ACTES\nADMINISTRATIFS\nN\u00b083-2026-076\nPUBLI\u00c9 LE  5 MARS 2026\nSommaire\nPr\u00e9fecture du VAR / Direction de la citoyennet\u00e9 et de la l\u00e9galit\u00e9\n83-2026-02-25-00003 - ARR\u00caT\u00c9 PR\u00c9FECTORAL n\u00b0\n61/2026-BCLI\nportant modification statutaire de la communaut\u00e9 de\ncommunes Provence Verdon \n (15 pages) Page 3\nPr\u00e9fecture du VAR / Direction des s\u00e9curit\u00e9s\n83-2026-03-05-00001 - Arr\u00eat\u00e9 pr\u00e9fectoral N\u00b02026-02-003 portant\nr\u00e9glementation temporaire de la circulation sur l'autoroute A8 sur le\nterritoire de la commune de Saint-Maximin-la-sainte-Baume (3 pages) Page 19\n83-2026-03-05-00002 - Arr\u00eat\u00e9 pr\u00e9fectoral N\u00b02026-03-001 ESC\nportant r\u00e9glementation temporaire de la circulation sur l'autoroute A8\nsur le territoire des communes du Muy, Puget-sur-Argens, et Fr\u00e9jus (4\npages) Page 23\nSous-pr\u00e9fecture Draguignan / Bureau de l'administration et de la\nr\u00e9glementation g\u00e9n\u00e9rale SPD\n83-2026-02-10-00010 - RAA P\u00e9rim\u00e9tre de protection de Cavalaire  (3\npages) Page 28\n83-2026-02-10-00009 - RAA P\u00e9rim\u00e9tre de protection de Ste Maxime V1\n(3 pages) Page 32\n2\nPr\u00e9fecture du VAR\n83-2026-02-25-00003\nARR\u00caT\u00c9 PR\u00c9FECTORAL n\u00b0 61/2026-BCLI\nportant modification statutaire de la\ncommunaut\u00e9 de communes Provence Verdon \nPr\u00e9fecture du VAR - 83-2026-02-25-00003 - ARR\u00caT\u00c9 PR\u00c9FECTORAL n\u00b0 61/2026-BCLI\nportant modification statutaire de la communaut\u00e9 de communes Provence Verdon 3\n=mPREFETDU VARLibert\u00e9Egalit\u00e9Fraternit\u00e9\nDirection de la citoyennet\u00e9 et de la l\u00e9galit\u00e9\nBureau du contr\u00f4le de l\u00e9galit\u00e9 et de l'intercommunalit\u00e9\nARR\u00caT\u00c9 PR\u00c9FECTORAL n\u00b0 61/2026-BCLI\nportant modification statutaire de la communaut\u00e9 de communes \nProvence Verdon \nVu le code g\u00e9n\u00e9ral des collectivit\u00e9s territoriales (CGCT) et notamment les articles L.5211-17 et \nL.5214-16 ; \nVu le  d\u00e9cret  du  Pr\u00e9sident  de  la  R\u00e9publique  du  15  mai  2025  portant  nomination  de  \nMonsieur Simon BABRE, pr\u00e9fet du Var ;\nVu  l'arr\u00eat\u00e9  pr\u00e9fectoral  n\u00b02025/12/MCI  du  2  juin  2025,  portant  d\u00e9l\u00e9gation  de  signature  \u00e0 \nMonsieur  Lucien  GIUDICELLI,  secr\u00e9taire  g\u00e9n\u00e9ral  de  la  pr\u00e9fecture  du  Var,  sous-pr\u00e9fet  de  \nl'arrondissement de Toulon ; \nVu  l'arr\u00eat\u00e9 pr\u00e9fectoral  du  31  mai  2013  modifi\u00e9,  portant  cr\u00e9ation  de  la  communaut\u00e9  de  \ncommunes Provence Verdon ; \nVu la d\u00e9lib\u00e9ration du 28 octobre 2025 du conseil communautaire de la communaut\u00e9 de  \ncommunes Provence Verdon approuvant la modification des statuts relative \u00e0 l'ajustement de \nla comp\u00e9tence facultative \u00ab vie sociale \u00bb ;\nVu les courriers de notification aux membres de la communaut\u00e9 de communes Provence  \nVerdon, en date du 17 novembre 2025 ;\nVu les d\u00e9lib\u00e9rations favorables des conseils municipaux des communes de Artigues (18/12/25), \nBarjols  (09/12/25),  Brue-Auriac  (18/12/25),  Esparron-de-Palli\u00e8res  (03/12/25),  \nFox Amphoux (18/12/25), Ginasservis (18/12/25), La Verdi\u00e8re (10/12/25), Pontev\u00e8s (02/12/25),  \nRians  (11/12/25),  Saint-Julien-le-Montagnier  (11/12/25),  Seillons-Source-d'Argens  (29/01/26),  \nTavernes  (08/12/25)  et  Varages  (01/12/25)  approuvant  la  modification  statutaire  de  la  \ncommunaut\u00e9  de  communes  Provence  Verdon  relative  \u00e0  l'ajustement  de  la  comp\u00e9tence  \nfacultative \u00ab vie sociale \u00bb  ; \nConsid\u00e9rant que les conditions de majorit\u00e9 qualifi\u00e9e requises pour la modification statutaire  \nsont remplies ;\nSur proposition de monsieur le secr\u00e9taire g\u00e9n\u00e9ral de la pr\u00e9fecture du Var ;\nARR\u00caTE\nArticle  1  er   :  La  comp\u00e9tence  facultative  \u00ab  Vie  sociale \u00bb  de  la  communaut\u00e9  de  communes \nProvence Verdon est modifi\u00e9e comme suit :\n \n1/3\nPr\u00e9fecture du VAR - 83-2026-02-25-00003 - ARR\u00caT\u00c9 PR\u00c9FECTORAL n\u00b0 61/2026-BCLI\nportant modification statutaire de la communaut\u00e9 de communes Provence Verdon 4\n\u00ab 3/3 Vie Sociale     :\n\u2022  Autorit\u00e9 organisatrice de l'accueil  des enfants \u00e2g\u00e9s de moins de 3 ans :\n1 - Recenser les besoins des enfants \u00e2g\u00e9s de moins de 3 ans et de leurs familles                   \nen mati\u00e8re de services familles ainsi que les modes d'accueil disponibles sur le           \nterritoire de la Communaut\u00e9  de Communes Provence Verdon ;\n2 - Informer et accompagner les familles ayant un ou plusieurs enfants \u00e2g\u00e9s de moins      \nde 3 ans ainsi que les futurs parents du territoire communautaire ;\n3 - Planifier, au vu du recensement des besoins, le d\u00e9veloppement des modes d'accueil \nsur le territoire de la Communaut\u00e9 de Communes Provence Verdon ; \n4 \u2013 Soutenir la qualit\u00e9 des modes d'accueil.\n\u2022 Cr\u00e9er, g\u00e9rer des structures multi accueil pour les enfants de 0 \u00e0 6 ans de type cr\u00e8ches,  \nRelais Petite Enfance (RPE) et Lieu d'Accueil Enfants Parents (LAEP).\n\u2022 Signer les contrats avec la CAF et les autres partenaires relatifs aux actions li\u00e9es aux cr\u00e8ches, \nau RPE, au LAEP et \u00e9ventuellement \u00e0 toutes les autres tranches d'\u00e2ge.\n\u2022 D\u00e9velopper et mettre en \u0153uvre des actions \u00e9ducatives, culturelles, sportives et pr\u00e9ventives  \navec et pour les jeunes du territoire \u00e2g\u00e9s de 11 \u00e0 26 ans. Les conseils des jeunes de 11 \u00e0 17 ans  \net leurs actions seront maintenus \u00e0 l'\u00e9chelon communal.\n\u2022 Cr\u00e9er, g\u00e9rer et animer l'ensemble des \u00e9quipements affect\u00e9s \u00e0 l'accueil et \u00e0 l'information des \njeunes \u00e2g\u00e9s de 11 \u00e0 26 ans.\n\u2022 Mettre en \u0153uvre les supports de communication internes et externes pour informer des  \nactions communautaires (journal, sites Internet\u2026). \u00bb\nArticle 2  : La communaut\u00e9 de communes Provence Verdon est r\u00e9gie par les statuts annex\u00e9s  \nau pr\u00e9sent arr\u00eat\u00e9.\nArticle  3  : Le  secr\u00e9taire  g\u00e9n\u00e9ral  de  la  pr\u00e9fecture  du  Var,  la  sous-pr\u00e9f\u00e8te  de  Brignoles,  le \npr\u00e9sident  de  la  communaut\u00e9  de  communes  Provence  Verdon,  les  maires  des  communes \nconcern\u00e9es, le directeur d\u00e9partemental des finances publiques du Var et le responsable du  \nservice de gestion comptable de  Brignoles sont charg\u00e9s, chacun en ce qui le concerne, de  \nl'ex\u00e9cution  du  pr\u00e9sent  arr\u00eat\u00e9  qui  sera  publi\u00e9  au  recueil  des  actes  administratifs  de  la  \npr\u00e9fecture du Var et dont copie sera transmise au directeur des archives d\u00e9partementales.\nFait \u00e0 Toulon, le 25 F\u00e9vrier 2026\nPour le Pr\u00e9fet et par d\u00e9l\u00e9gation\nle secr\u00e9taire g\u00e9n\u00e9ral,\nSIGN\u00c9\nLucien GIUDICELLI  \n2/3\nPr\u00e9fecture du VAR - 83-2026-02-25-00003 - ARR\u00caT\u00c9 PR\u00c9FECTORAL n\u00b0 61/2026-BCLI\nportant modification statutaire de la communaut\u00e9 de communes Provence Verdon 5\nDans un d\u00e9lai de deux mois \u00e0 compter de la date de la notification ou de la publication du pr\u00e9sent arr\u00eat\u00e9, les recours suivants \npeuvent \u00eatre introduits conform\u00e9ment aux dispositions des articles R. 421-1 et suivants du code de justice administrative :\n- un recours gracieux, adress\u00e9 \u00e0 : M. le Pr\u00e9fet du Var \u2013 Bd du 112\u00e8me r\u00e9giment d'infanterie- CS 31209 - 83070 TOULON CEDEX\n- un recours hi\u00e9rarchique, adress\u00e9 au ministre de l'int\u00e9rieur - Place Beauvau - 75800 PARIS\nDans les deux cas, le silence de l'administration vaut rejet implicite au terme d'un d\u00e9lai de deux mois.\nApr\u00e8s un recours gracieux ou hi\u00e9rarchique, le d\u00e9lai du recours contentieux ne court qu'\u00e0 compter du rejet explicite ou implicite \nde l'un de ces recours.\n- un recours contentieux, en saisissant le Tribunal Administratif de Toulon : 5 rue Racine -BP 40510 - 83 041 TOULON CEDEX 9\nLe tribunal administratif peut \u00eatre saisi par l'application informatique \u00ab T\u00e9l\u00e9recours citoyens \u00bb accessible par le site internet \n\u00ab www.telerecours.fr \u00bb\n3/3\nPr\u00e9fecture du VAR - 83-2026-02-25-00003 - ARR\u00caT\u00c9 PR\u00c9FECTORAL n\u00b0 61/2026-BCLI\nportant modification statutaire de la communaut\u00e9 de communes Provence Verdon 6\n25 FEV, 2026pr\u00e9fet et paf delegation,Folio n\u00b0 be g\u00e9n\u00e9ralPour le\\eCOMMUNAUTE DE Lucien GIUDICELCOMMUNESPROVENCE VERDONSTATUTSARTICLE 1: CREATIONEn application des articles L5214-1 \u00e0 L5214-29 du Code G\u00e9n\u00e9ral des Collectivit\u00e9s Territoriales,il est cr\u00e9\u00e9 une Communaut\u00e9 de Communes, \u00e9tablissement public de coop\u00e9rationintercommunale \u00e0 fiscalit\u00e9 propre, entre les communes d'Artigues, Barjols, Brue-Auriac,Esparron de Palli\u00e8res, Fox-Amphoux, Ginasservis, Montmeyan, Ponteves, Rians, Saint Julien leMontagnier, Saint Martin de Palli\u00e8res, Seillons Sources d'Argens, Tavernes, Varages, LaVerdi\u00e8re. |\nARTICLE 2 : DENOMINATIONLa Communaut\u00e9 de Communes prend le nom de Communaut\u00e9 de Communes ProvenceVerdon.ARTICLE 3 : DUREE DE LA COMMUNAUTE DE COMMUNES\nLa Communaut\u00e9 de Communes est form\u00e9e pour une dur\u00e9eillimit\u00e9e.\nARTICLE 4 : SI\u00c8GE DE LA COMMUNAUT\u00c9 DE COMMUNES\nLe si\u00e8ge de la Communaut\u00e9 de Communes est fix\u00e9 \u00e0 Varages, avenue de la Foux.ARTICLE 5 : ADMINISTRATION\nLa Communaut\u00e9 de Communes est administr\u00e9e par un Conseil compos\u00e9 de d\u00e9l\u00e9gu\u00e9s descommunes membres \u00e9lus dans le cadre de l'\u00e9lection municipale, selon les dispositions fix\u00e9es\nD\u00e9lib\u00e9ration n\u00b02025/129\nPr\u00e9fecture du VAR - 83-2026-02-25-00003 - ARR\u00caT\u00c9 PR\u00c9FECTORAL n\u00b0 61/2026-BCLI\nportant modification statutaire de la communaut\u00e9 de communes Provence Verdon 7\nFolio n\u00b0\u00e0 l'article L5211-6 du CGCT et \u00e0 l'article L5211-6-1 du CGCT pour la mise en place d'un accordlocal.La population retenue par commune est la derni\u00e9re population officielle connue.\nARTICLE 6 : COMPETENCES\nLa Communaut\u00e9 de Communes a pour objet de favoriser la mise en ceuvre de projets ded\u00e9veloppement et de g\u00e9rer des services en lieu et place des communes dans un souci decoh\u00e9rence globale.Selon les dispositions de l'article L 5214-16 du CGCT, ses comp\u00e9tences sont les suivantes :\n1 \u2014 Comp\u00e9tences obligatoires (5/5)1/1 Am\u00e9nagement de l'espace communautaire :La Communaut\u00e9 de communes favorisera une bonne organisation de l'espace intercommunaltel que:Participer ou mener diverses r\u00e9flexions sur l'am\u00e9nagement du territoire hors Plan Locald'Urbanisme (PLU) et Programme d'Am\u00e9nagement et de D\u00e9veloppement Durable(PADD).Participer au Pays de la Provence Verte pour affirmer et garantir l'identit\u00e9 rurale de laCommunaut\u00e9 de communes.Elaborer, approuver, r\u00e9viser et suivre le Sch\u00e9ma de Coh\u00e9rence Territoriale.Soutenir toute action de bonne gestion de l'espace, de pr\u00e9servation, de r\u00e9habilitationet de mise en valeur des paysages naturels et urbains, en particulier appuyer lescommunes qui souhaitent d\u00e9finir un projet de d\u00e9veloppement villageois, ou desexpertises paysag\u00e8res.Aider les communes \u00e0 r\u00e9aliser des acquisitions fonci\u00e8res ou immobili\u00e8res en vue d'und\u00e9veloppement urbain dans le respect de leur identit\u00e9 rurale par convention avecl'Etablissement Public Foncier R\u00e9gional PACA.Mettre en place une politique de construction de r\u00e9serves fonci\u00e8res en vue ded\u00e9velopper des projets en lien direct avec les comp\u00e9tences communautaires.G\u00e9rer les Zones d'Am\u00e9nagement Concert\u00e9es (ZAC) d'int\u00e9r\u00eat communautaire d\u00e9finiessur les futures zones d'activit\u00e9s \u00e9conomiques.\n'1/2 Actions de d\u00e9veloppement \u00e9conomique dans les conditions pr\u00e9vues \u00e0 l'article L4251.17du CGCT:\nD\u00e9lib\u00e9ration n\u00b02025/129\nPr\u00e9fecture du VAR - 83-2026-02-25-00003 - ARR\u00caT\u00c9 PR\u00c9FECTORAL n\u00b0 61/2026-BCLI\nportant modification statutaire de la communaut\u00e9 de communes Provence Verdon 8\nFolio n\u00b0Accompagner a la cr\u00e9ation, a la reprise, au d\u00e9veloppement et au maintiend'entreprises sur le territoire communautaire.Cr\u00e9er, am\u00e9nager, g\u00e9rer et entretenir des zones d'activit\u00e9 industrielle, commerciale,tertiaire, artisanale, touristique, portuaire ou a\u00e9roportuaire.Requalifier totalement ou partiellement a des fins \u00e9conomiques des frichesindustrielles, artisanales, agricoles, propri\u00e9t\u00e9s communautaires.Soutenir des activit\u00e9s commerciales d'int\u00e9r\u00e9t communautaire d\u00e9finies sous la formed'op\u00e9rations collectives d'aide \u00e0 l'artisanat et aux commerces telles que les FISAC.D\u00e9velopper une politique locale du commerce et de l'artisanat d'int\u00e9r\u00e9tcommunautaire d\u00e9finie par la tenue d'un observatoire de l'immobilier d'entreprise.G\u00e9rer les propri\u00e9t\u00e9s immobili\u00e8res \u00e0 vocation \u00e9conomique de la Communaut\u00e9 decommunes.G\u00e9rer, exploiter et am\u00e9nager la zone des Bourdas.Elaborer un projet de territoire et signer les contrats de d\u00e9veloppementcorrespondants en partenariat avec le Conseil G\u00e9n\u00e9ral, le Conseil R\u00e9gional, de l'Etat etde l'Europe. |Agir en faveur de projets de d\u00e9veloppement agricole, tertiaire, industriel d'int\u00e9r\u00eatcommunautaire, d\u00e9fini par des projets impliquants au moins deux communes etconcernant des projets dont la conduite au niveau intercommunal g\u00e9n\u00e8re une\u00e9conomique d'\u00e9chelle. (Par exemple en employant un expert ou un agent charg\u00e9 de lacoordination qui serait sous employ\u00e9 s'il \u00e9tait recrut\u00e9 par une seule commune).Assurer la promotion du tourisme en participant \u00e0 l'Office Intercommunal de Tourisme_de la Provence Verte et en soutenant ses antennes communautaires pour r\u00e9pondre auxbesoins touristiques de la Communaut\u00e9 de communes.\n1/3 Collecte et traitement des d\u00e9chets m\u00e9nagers et d\u00e9chets assimil\u00e9s.Assurer la collecte des d\u00e9chets m\u00e9nagers et assimil\u00e9s par des bacs de regroupementou en point d'apport volontaire.Assurer la collecte s\u00e9lective en Point d'Apport Volontaire et/ ou en porte \u00e0 porte.Cr\u00e9er, am\u00e9nager et exploiter un r\u00e9seau de d\u00e9chetteries.Assurer le traitement des d\u00e9chets m\u00e9nagers et assimil\u00e9s par des op\u00e9rations de mise end\u00e9charge des d\u00e9chets ultimes, la valorisation, le tri, le transport et le traitement desd\u00e9chets m\u00e9nagers et assimil\u00e9s et la gestion d'un centre de tri de stockage de d\u00e9chetsultimes.\n1/4 Am\u00e9nagement, entretien et gestion des aires d'accueil des gens du voyage et des terrainsfamiliaux locatifs d\u00e9finis aux 1\u00b0 et 3\u00b0 du Il de l'article 1\u00b0\" de la loi n\u00b02000-614 du 5 juillet 2000relative \u00e0 l'accueil et \u00e0 l'habitat des gens du voyage.\nD\u00e9lib\u00e9ration n\u00b02025/129\nPr\u00e9fecture du VAR - 83-2026-02-25-00003 - ARR\u00caT\u00c9 PR\u00c9FECTORAL n\u00b0 61/2026-BCLI\nportant modification statutaire de la communaut\u00e9 de communes Provence Verdon 9\nFolio n\u00b0\n1/5 Gestion des milieux aquatiques et pr\u00e9vention des inondations dans les conditionspr\u00e9vues \u00e0 l'article L.211-7 du Code de l'environnement.\n2 \u2014\nGestion des Milieux Aquatiques et Pr\u00e9vention des Inondations sur le bassin versant del'Argens, au travers du Syndicat Mixte de l'Argens, notamment la d\u00e9finition et la miseen \u0153uvre de strat\u00e9gies d'am\u00e9nagement de bassin, l'entretien et l'am\u00e9nagement descours d'eau, la d\u00e9fense contre les inondations, la protection et la restauration des sites,des \u00e9cosyst\u00e8mes et des zones humides et des formations bois\u00e9es riveraines.Gestion des Milieux Aquatiques et Pr\u00e9vention des Inondations sur le bassin versant duVerdon, au travers du Syndicat Mixte du Parc Naturel R\u00e9gional du Verdon, notammentla d\u00e9finition et la mise en \u0153uvre de strat\u00e9gies d'am\u00e9nagement de bassins, l'entretienet l'am\u00e9nagement des cours d'eau, la d\u00e9fense contre les inondations, la protection etla restauration des sites, des \u00e9cosyst\u00e8mes et des zones humides et des formationsbois\u00e9es riveraines. |Gestion des Milieux Aquatiques et Pr\u00e9vention des Inondations sur le bassin versant dela Durance, notamment la d\u00e9finition et la mise en \u0153uvre de strat\u00e9gies d'am\u00e9nagementde bassin au travers du Syndicat Mixte d'Am\u00e9nagement de la Vall\u00e9e de la Durance,l'entretien et l'am\u00e9nagement des cours d'eau, la d\u00e9fense contre les inondations, laprotection et la restauration des sites, des \u00e9cosyst\u00e8mes et des zones humides et desformations bois\u00e9es riveraines.\nComp\u00e9tences optionnelles :2/1 Politique du logement social d'int\u00e9r\u00eat communautaire et action, par des op\u00e9rationsd'int\u00e9r\u00eat communautaire, en faveur du logement des personnes d\u00e9favoris\u00e9es :e Politique du logement social d'int\u00e9r\u00eat communautaire d\u00e9fini selon les r\u00e8glessuivantes :- (Cr\u00e9ation de logements sociaux via un programme int\u00e9grant la cr\u00e9ation de plusde 7 logements sociaux en une seule op\u00e9ration pour les communes de moinsde 1 000 habitants ;- Cr\u00e9ation de logements sociaux via un programme int\u00e9grant la cr\u00e9ation de plusde 22 logements sociaux en une seule op\u00e9ration pour les communes dont lapopulation est comprise entre 1 001 habitants et moins de 2 000 habitants ;- Cr\u00e9ation de logements sociaux via un programme int\u00e9grant la cr\u00e9ation de plusde 30 logements sociaux en une seule op\u00e9ration pour les communes de plus de2 001 habitants;e Op\u00e9rations d'int\u00e9r\u00eat communautaire, en faveur du logement des personnesd\u00e9favoris\u00e9es, d\u00e9finies comme l'\u00e9tude et la mise en \u0153uvre un Programme d'Int\u00e9r\u00e9tG\u00e9n\u00e9ral d'am\u00e9lioration de l'Habitat.\nD\u00e9lib\u00e9ration n\u00b02025/129\nPr\u00e9fecture du VAR - 83-2026-02-25-00003 - ARR\u00caT\u00c9 PR\u00c9FECTORAL n\u00b0 61/2026-BCLI\nportant modification statutaire de la communaut\u00e9 de communes Provence Verdon 10\nFolio n\u00b0\ne Elaborer et r\u00e9viser-un Plan Local de l'Habitat.e Soutenir la cr\u00e9ation de logements sociaux d'urgence.\n2/2 Cr\u00e9ation et gestion de Maison France Services :e Cr\u00e9er et g\u00e9rer les Maisons France Services.\n2/3 Protection et mise en valeur de l'environnemente Coordonner les actions relatives \u00e0 la transition \u00e9nerg\u00e9tique et \u00e9cologique.e Elaborer et G\u00e9rer les Plans Intercommunaux de D\u00e9broussaillement etd'Am\u00e9nagements Forestiers du territoire. (PIDAF)e Assurer la production d'\u00e9lectricit\u00e9 d'origine \u00e9olienne, au travers de la Soci\u00e9t\u00e9d'Economie Mixte Eoliennes des Palli\u00e9res.e Aider les projets de Haute Qualit\u00e9 Environnementale et d'Energie renouvelable port\u00e9spar les particuliers.e Soutenir des projets de gisements des \u00e9nergies renouvelables d\u00e9velopp\u00e9s par lescommunes.2/4 Cr\u00e9ation ou am\u00e9nagement et entretien de voirie d'int\u00e9r\u00eat communautaire.e Les voiries d'int\u00e9r\u00eat communautaire sont les voiries communales ou chemins rurauxd'acc\u00e8s, aux \u00e9quipements relevant d'une comp\u00e9tence communautaire.La liste est d\u00e9finie limitativement comme suit : |VY Ginasservis : de la D36 \u00e0 l'entr\u00e9e du site de traitement des d\u00e9chets.Barjols : De la D60 \u00e0 l'entr\u00e9e de la d\u00e9chetterie.Rians : De la D23 \u00e0 l'entr\u00e9e de la d\u00e9chetterie.St Julien le Montagnier : Du chemin de la Plaine \u00e0 la station de d\u00e9potage.\nSKK NAN\nSeillons Source d'Argens: De l'entr\u00e9e de la d\u00e9chetterie jusqu'\u00e0 la D560 etjusqu'\u00e0 la D270.\n2/5 Construction, am\u00e9nagement, entretien et gestion des \u00e9quipements sportifs d'int\u00e9r\u00eatcommunautaire.e Les \u00e9quipements sportifs d'int\u00e9r\u00eat communautaire sont les gymnases du territoireaffect\u00e9s aux coll\u00e8ges.\n2/6 Politique de la ville :e laborer le diagnostic du territoire.\nD\u00e9lib\u00e9ration n\u00b02025/129\nPr\u00e9fecture du VAR - 83-2026-02-25-00003 - ARR\u00caT\u00c9 PR\u00c9FECTORAL n\u00b0 61/2026-BCLI\nportant modification statutaire de la communaut\u00e9 de communes Provence Verdon 11\nFolio n\u00b0\nAnimer et coordonner des dispositifs contractuels de d\u00e9veloppement local etd'insertion \u00e9conomique et sociale ainsi que des dispositifs contractuels ded\u00e9veloppement local et d'insertion \u00e9conomique et sociale ainsi que des dispositifslocaux de pr\u00e9vention de la d\u00e9linquance.Soutenir le tissu associatif porteur d'activit\u00e9s collectives, de manifestations culturelleset sportives impactant une large partie du territoire communautaire.Soutenir le tissu associatif porteur d'actions sociales et \u0153uvrant sur l'ensemble duterritoire communautaire ou ouvert a plusieurs communes.Porter ou soutenir des chantiers d'insertion.Mettre en place des actions en faveur de l'emploi et de la formation.Participer a la Mission Locale Ouest Haut Var.Favoriser des actions d'information aupr\u00e9s des publics seniors.2/7 Mobilit\u00e9 :\u00catre Autorit\u00e9 Organisatrice de la Mobilit\u00e9 selon les dispositions de la loi n\u00b02019-1428du 24 d\u00e9cembre 2019 d'orientation des mobilit\u00e9s et notamment son article 8 tel quemodifi\u00e9 par l'ordonnance n\u00b02020-391 du 1\u00b0' avril 2020;\n3 \u2014 Comp\u00e9tences facultatives.3/1 Am\u00e9nagement num\u00e9rique du territoire communautaireG\u00e9rer l'am\u00e9nagement num\u00e9rique, selon les dispositions de l'article L1425-1 du CGCT :- _ l'\u00e9tablissement d'infrastructures en vue de cr\u00e9er un r\u00e9seau de communications\u00e9lectroniques ;- la gestion de ces infrastructures ;- l'\u00e9tablissement d'un r\u00e9seau de communications \u00e9lectroniques et toutes lesop\u00e9rations n\u00e9cessaires pour y parvenir;- l'exploitation de ces r\u00e9seau et toutes les formes d'actions tendant \u00e0 y parvenir ;- la fourniture de services de communications \u00e9lectroniques aux utilisateursfinaux en cas d'insuffisance de l'initiative priv\u00e9e.3/2 Gestion des cours d'eau et des milieux naturelsEntretenir et restaurer les berges des rivi\u00e8res et des ruisseauxsur le territoire descommunes du bassin versant de la Durance \u00e0 l'exception du Verdon.Participer aux Sch\u00e9mas d'Am\u00e9nagement et de Gestion des Eaux (SAGE) de l'Argens etdu Verdon.Favoriser et soutenir toute action de pr\u00e9servation, de surveillance et de gestion desmilieux naturels remarquables, dont la mise en r\u00e9seau permet de confirmer lecaract\u00e8re naturel du territoire de la Communaut\u00e9.\nD\u00e9lib\u00e9ration n\u00b02025/129\nPr\u00e9fecture du VAR - 83-2026-02-25-00003 - ARR\u00caT\u00c9 PR\u00c9FECTORAL n\u00b0 61/2026-BCLI\nportant modification statutaire de la communaut\u00e9 de communes Provence Verdon 12\nFolio n\u00b0e \u00c9tudier et mettre en \u0153uvre toute op\u00e9ration favorisant la protection et la mise en valeurdu patrimoine b\u00e2ti relevant de l'identit\u00e9 territoriale de la Communaut\u00e9 de communes.Il s'agit de b\u00e2timents remarquables, historiques ou industriels faisant partie dupatrimoine des communes membres ou de ses habitants, ou permettant d'accueillirdes entreprises ou commerces contribuant \u00e0 redynamiser l'\u00e9conomie des communesmembres.\n3/3 Vie sociale :e Autorit\u00e9 organisatrice de l'accueil des enfants de moins de 3 ans:1 - Recenser les besoins des enfants \u00e2g\u00e9s de moins de 3 ans et de leurs famillesen mati\u00e8re de services familles ainsi que les modes d'accueil disponibles sur leterritoire de la Communaut\u00e9 de Communes Provence Verdon ;2 \u2014 Informer et accompagner les familles ayant un ou plusieurs enfants \u00e2g\u00e9s demoins de 3 ans ainsi que les futurs parents du territoire communautaire ;3 \u2014 Planifier, au vu du recensement des besoins, le d\u00e9veloppement des modesd'accueil sur le territoire de la Communaut\u00e9 de Communes Provence Verdon ;4 \u2014 Soutenir la qualit\u00e9 des modes d'accueil.e Cr\u00e9er, g\u00e9rer des structures multi accueil pour les enfants de 0 \u00e0 6 ans de type cr\u00e8ches,Relais Petite Enfance (RPE) et Lieu d'Accueil Enfants Parents (LAEP).e Signer les contrats avec la CAF et les autres partenaires relatifs aux actions li\u00e9es auxcr\u00e8ches, au RPE, au LAEP et \u00e9ventuellement \u00e0 toutes les autres tranches d'\u00e2ge.e D\u00e9velopper et mettre en \u0153uvre des actions \u00e9ducatives, culturelles, sportives etpr\u00e9ventives avec et pour les jeunes du territoire \u00e2g\u00e9s de 11 \u00e0 26 ans. Les conseils desjeunes de 11\u00e0 17 ans et leurs actions seront maintenus \u00e0 l'\u00e9chelon communal.e Cr\u00e9er, g\u00e9rer et animer l'ensemble des \u00e9quipements affect\u00e9s \u00e0 l'accueil et \u00e0information des jeunes \u00e2g\u00e9s de 11 \u00e0 26 ans.e Mettre en \u0153uvre les supports de communication interne et externes pour informerdes actions communautaires (journal, sites Internet, ...).\n3/4 Mutualisation :e D\u00e9velopperdes actions de mutualisation de moyens techniques, humains et d'\u00e9tudeentre la Communaut\u00e9 de communes et ses communes membres.\n3/5 Participation au Service D\u00e9partemental d'Incendie et de Secours (SDIS) :e Participation aux contributions du Service D\u00e9partemental d'Incendie et de Secours duVar.\nD\u00e9lib\u00e9ration n\u00b02025/129\nPr\u00e9fecture du VAR - 83-2026-02-25-00003 - ARR\u00caT\u00c9 PR\u00c9FECTORAL n\u00b0 61/2026-BCLI\nportant modification statutaire de la communaut\u00e9 de communes Provence Verdon 13\nFolio n\u00b0\nARTICLE 7 : RESSOURCES DE LA COMMUNAUTE\nLe r\u00e9gime fiscal de la communaut\u00e9 de communes est la fiscalit\u00e9 directe professionnelle uniquecompl\u00e9t\u00e9e par les taxes locales : Taxe d'Habitation, Taxe Fonci\u00e9re Batie, Taxe Fonci\u00e9re NonB\u00e2tie, selon les dispositions de l'article 1609 nonies C du Code G\u00e9n\u00e9ral des Imp\u00f4ts.Les ressources de la communaut\u00e9 sont constitu\u00e9es conform\u00e9ment \u00e0 l'article L.5214-23 duCGCT et comprennent notamment : |- les ressources fiscales mentionn\u00e9es \u00e0 l'article 1609 nonies C du Code G\u00e9n\u00e9ral desImp\u00f4ts;- la DGF et les autres concours financiers de l'\u00c9tat ;- le revenu des biens, meubles et immeubles;- les sommes qu'elle re\u00e7oit des administrations publiques, des associations, desparticuliers, en \u00e9change d'un service rendu ;- des subventions de l'Union Europ\u00e9enne, de l'\u00c9tat, de la R\u00e9gion, du D\u00e9partement et desCommunes, etc. ;- les produits des dons et legs ;- le produit des taxes, redevances et contributions correspondant aux services assur\u00e9s ;- le produit des emprunts ;- ou toutes autres recettes permises par les comp\u00e9tences et les statuts.\nARTICLE 8 : REUNION DU CONSEIL\nSelon les dispositions de l'article L5211-11 du Code G\u00e9n\u00e9ral des Collectivit\u00e9s Territoriales, leConseil se r\u00e9unit en assembl\u00e9e ordinaire au moins quatre fois par an, sur convocation duPr\u00e9sident avec ordre du jour. Il est convoqu\u00e9 en s\u00e9ance extraordinaire, par son Pr\u00e9sident surla demande motiv\u00e9e du repr\u00e9sentant de l'\u00c9tat dans le D\u00e9partement, ou sur la demandemotiv\u00e9e du tiers au moins du conseil dans un d\u00e9lai maximum de 30 jours.\nLe conseil d\u00e9lib\u00e8re sur toutes les questions qui lui sont soumises et qui int\u00e9ressent lefonctionnement de la communaut\u00e9 de communes. Il approuve les \u00e9tudes et vote les moyensfinanciers correspondants. Il vote le budget, fixe les taux de fiscalit\u00e9 et approuve les comptes.Il d\u00e9cide de toutes modifications \u00e9ventuelles des statuts, selon la proc\u00e9dure pr\u00e9vue au codeg\u00e9n\u00e9ral des collectivit\u00e9s territoriales. Le conseil fixe les indemnit\u00e9s de fonction et de mission \u00e0verser aux membres du bureau, conform\u00e9ment \u00e0 la r\u00e9glementation en vigueur.En s\u00e9ance extraordinaire, le Conseil ne peut d\u00e9lib\u00e9rer que sur les questions nomm\u00e9mentinscrites \u00e0 l'ordre du jour.\nD\u00e9lib\u00e9ration n\u00b02025/129\nPr\u00e9fecture du VAR - 83-2026-02-25-00003 - ARR\u00caT\u00c9 PR\u00c9FECTORAL n\u00b0 61/2026-BCLI\nportant modification statutaire de la communaut\u00e9 de communes Provence Verdon 14\nFolio n\u00b0Le Pr\u00e9sident consultera les maires de toutes les communes membres, \u00e0 la demande de |l'organe d\u00e9lib\u00e9rant ou du tiers des maires de ces communes.\nARTICLE 9 : D\u00c9LIB\u00c9RATIONS DU CONSEIL\nLe conseil ne peut d\u00e9lib\u00e9rer que lorsque la majorit\u00e9 de ses membres en exercice assiste \u00e0 las\u00e9ance.Quand, apr\u00e8s une premi\u00e8re convocation r\u00e9guli\u00e8rement faite selon les dispositions du CodeG\u00e9n\u00e9ral des Collectivit\u00e9s Territoriales, le conseil ne s'est pas r\u00e9uni en nombre suffisant, lad\u00e9lib\u00e9ration prise apr\u00e8s la seconde convocation \u00e0 trois jours au moins d'intervalle est valablequel que soit le nombre de membres pr\u00e9sents.\nARTICLE 10 : DISPOSITIONS G\u00c9N\u00c9RALES DE FONCTIONNEMENT DE LA COMMUNAUT\u00c9 DECOMMUNES\nLe fonctionnement de la communaut\u00e9 de communes est r\u00e9gi selon les dispositions en vigueurdu Code G\u00e9n\u00e9ral des Collectivit\u00e9s Territoriales.1) Selonles articles L5211-18 du Code G\u00e9n\u00e9ral des Collectivit\u00e9s Territoriales, le p\u00e9rim\u00e8trecommunautaire peut \u00eatre \u00e9tendu post\u00e9rieurement \u00e0 sa cr\u00e9ation par adjonction decommunes nouvelles sous r\u00e9serve de l'absence d'opposition de plus du 1/3 desconseils municipaux des communes membres. L'extension est prononc\u00e9e par arr\u00eat\u00e9 durepr\u00e9sentant de l'\u00c9tat. L'extension du p\u00e9rim\u00e8tre d'une Communaut\u00e9 de Communesentra\u00eene le transfert des comp\u00e9tences des communes nouvelles \u00e0 la Communaut\u00e9 deCommunes, ainsi que la mise \u00e0 disposition obligatoire de celui-ci de l'ensemble desbiens, \u00e9quipements et services publics n\u00e9cessaires \u00e0 l'exercice des comp\u00e9tencestransf\u00e9r\u00e9es et des droits et obligations rattach\u00e9s \u00e0 ces derniers.2) Selon les articles L5211-17 et L5211-20 du Code G\u00e9n\u00e9ral des Collectivit\u00e9s Territoriales,les communes membres de la Communaut\u00e9 peuvent \u00e0 tout moment transf\u00e9rer \u00e0 cedernier des comp\u00e9tences dont le transfert n'est pr\u00e9vu ni par la loi, ni par la d\u00e9cisioninstitutive de l'EPCI. Ce transfert entra\u00eene de plein droit, \u00e0 la date o\u00f9 il est effectu\u00e9, lamise \u00e0 disposition de l'ensemble des biens, \u00e9quipements et services publicsn\u00e9cessaires \u00e0 l'exercice des comp\u00e9tences transf\u00e9r\u00e9es et, bien entendu, des droits etobligations rattach\u00e9s \u00e0 ces derniers. |3) Le retrait de communes de la Communaut\u00e9 de communes sera organis\u00e9 selon lesarticles L5211-19, L5211-25-1 et L5214-26 du Code G\u00e9n\u00e9ral des Collectivit\u00e9sTerritoriales.\nD\u00e9lib\u00e9ration n\u00b02025/129\nPr\u00e9fecture du VAR - 83-2026-02-25-00003 - ARR\u00caT\u00c9 PR\u00c9FECTORAL n\u00b0 61/2026-BCLI\nportant modification statutaire de la communaut\u00e9 de communes Provence Verdon 15\nFolio n\u00b0Le conseil communautaire \u00e9lit pour constituer un bureau, un pr\u00e9sident, des vice-pr\u00e9sidents et plusieurs membres afin que chaque communey soit repr\u00e9sent\u00e9e, selonl'article L5211-10 du Code G\u00e9n\u00e9ral des Collectivit\u00e9s Territoriales.Le bureau peut avoir d\u00e9l\u00e9gation pour l'administration des affaires courantes, \u00e0 la suited'une d\u00e9lib\u00e9ration du conseil communautaire.4) L'adh\u00e9sion de la communaut\u00e9 de communes \u00e0 tout syndicat mixte, pour l'exercice deses comp\u00e9tences, pourra s'effectuer par d\u00e9lib\u00e9ration du conseil de communaut\u00e9,conform\u00e9ment aux dispositions de l'article L.5214-27 du code g\u00e9n\u00e9ral des collectivit\u00e9sterritoriales.\nARTICLE 11 : PERSONNEL\nLa Communaut\u00e9 de Communes prendra en charge le personnel, n\u00e9cessaire \u00e0 son bonfonctionnement.En application de l'article L. 5211-4-1 du CGCT, l'affectation des personnels des communes etcollectivit\u00e9s membres employ\u00e9s dans les services transf\u00e9r\u00e9s \u00e0 la communaut\u00e9 de communesdoit \u00eatre r\u00e9gl\u00e9e de mani\u00e8re concomitante \u00e0 tout transfert de comp\u00e9tence.Les personnels n\u00e9cessaires seront :- soit transf\u00e9r\u00e9s- soit mis \u00e0 disposition- soit d\u00e9tach\u00e9s par les communes membres- soit recrut\u00e9s par la communaut\u00e9 de communes dans les conditions pr\u00e9vues par les textesrelatifs \u00e0 la fonction publique territoriale\nARTICLE 12 : REGLEMENT INTERIEUR\nEn vertu de l'article L. 5211-1 du CGCT qui rend applicable les dispositions relatives aufonctionnement du conseil municipal \u00e0 l'organe d\u00e9lib\u00e9rant des EPCI, l'article L. 2121-8 disposeque le r\u00e8glement int\u00e9rieur doit \u00eatre \u00e9tabli dans les 6 mois qui suivent l'installation de l'organed\u00e9lib\u00e9rant.\nARTICLE 13 : DELIBERATION DES CONSEILS MUNICIPAUX\nLes pr\u00e9sents statuts sont annex\u00e9s aux d\u00e9lib\u00e9rations des conseils municipaux d\u00e9cidant lacr\u00e9ation de la Communaut\u00e9 de Communes. 10D\u00e9lib\u00e9ration n\u00b02025/129\nPr\u00e9fecture du VAR - 83-2026-02-25-00003 - ARR\u00caT\u00c9 PR\u00c9FECTORAL n\u00b0 61/2026-BCLI\nportant modification statutaire de la communaut\u00e9 de communes Provence Verdon 16\nFolio n\u00b0\nARTICLE 14 : DISPOSITION DIVERSES\nToutes les dispositions, non pr\u00e9vues par les pr\u00e9sents statuts, seront r\u00e9gl\u00e9es conform\u00e9ment auCode G\u00e9n\u00e9ral des Collectivit\u00e9s Territoriales et par les orientations l\u00e9gislatives etr\u00e9glementaires en vigueur.\n_ Fait \u00e0 VARAGES les jours, mois et an susdits.LE PRESIDENTHerv\u00e9 PHILIBERT\n11D\u00e9lib\u00e9ration n\u00b02025/129\nPr\u00e9fecture du VAR - 83-2026-02-25-00003 - ARR\u00caT\u00c9 PR\u00c9FECTORAL n\u00b0 61/2026-BCLI\nportant modification statutaire de la communaut\u00e9 de communes Provence Verdon 17\nPr\u00e9fecture du VAR - 83-2026-02-25-00003 - ARR\u00caT\u00c9 PR\u00c9FECTORAL n\u00b0 61/2026-BCLI\nportant modification statutaire de la communaut\u00e9 de communes Provence Verdon 18\nPr\u00e9fecture du VAR\n83-2026-03-05-00001\nArr\u00eat\u00e9 pr\u00e9fectoral N\u00b02026-02-003 portant\nr\u00e9glementation temporaire de la circulation sur\nl'autoroute A8 sur le territoire de la commune de\nSaint-Maximin-la-sainte-Baume\nPr\u00e9fecture du VAR - 83-2026-03-05-00001 - Arr\u00eat\u00e9 pr\u00e9fectoral N\u00b02026-02-003 portant r\u00e9glementation temporaire de la circulation sur\nl'autoroute A8 sur le territoire de la commune de Saint-Maximin-la-sainte-Baume 19\n=mPREFETDU VARLibert\u00e9Egalit\u00e9Fraternit\u00e9\nDirection des s\u00e9curit\u00e9s\nService de l'\u00e9ducation et\nde la s\u00e9curit\u00e9 routi\u00e8res\nP\u00f4le \u00e9tudes et ing\u00e9nierie\n                     ARR\u00caT\u00c9 PR\u00c9FECTORAL n\u00b0 2026-02-003 ESC du 05 mars 202602/07/2020\nportant r\u00e9glementation temporaire de la circulation sur l'autoroute A8\nsur le territoire de la commune de Saint-Maximin-la-Sainte-Baume\nLe Pr\u00e9fet du Var,\nChevalier de la L\u00e9gion d'Honneur,\nChevalier de l'Ordre National du M\u00e9rite,\nVu le Code de la route ;\nVu le Code de la voirie routi\u00e8re ;\nVu  le d\u00e9cret du 29 novembre 1982 approuvant la convention de concession pass\u00e9e entre  \nl'\u00c9tat et la soci\u00e9t\u00e9 de l'autoroute Est\u00e9rel, C\u00f4te d'Azur, Provence Alpes (ESCOTA) en vue de la  \nconstruction, de l'entretien et de l'exploitation des autoroutes conc\u00e9d\u00e9es et ses avenants  \nult\u00e9rieurs ;\nVu le d\u00e9cret n\u00b0 2015-1045 du 21 ao\u00fbt 2015 approuvant le transfert de la travers\u00e9e autorouti\u00e8re \nde  Toulon  entre  l'\u00c9tat  et  la  soci\u00e9t\u00e9  des  autoroutes  Est\u00e9rel,  C\u00f4te  d'Azur,  Provence  Alpes \n(ESCOTA) ;\nVu le d\u00e9cret du Pr\u00e9sident de la R\u00e9publique du 15 mai 2025 portant nomination de M. Simon  \nBABRE, pr\u00e9fet du Var ;\nVu  l'arr\u00eat\u00e9  interminist\u00e9riel  du  24  novembre  1967  relatif  \u00e0  la  signalisation  des  routes  et  \nautoroutes et des textes subs\u00e9quents ;\nVu  l'arr\u00eat\u00e9 pr\u00e9fectoral n\u00b0 2020-12-001 BR du 16 d\u00e9cembre 2020, portant modification de  \nl'arr\u00eat\u00e9 pr\u00e9fectoral n\u00b0 2523 du 20 mars 2018, portant r\u00e9glementation de la circulation des  \nv\u00e9hicules de transport de bois ronds dans le d\u00e9partement du Var ;\nVu  l'arr\u00eat\u00e9 pr\u00e9fectoral n\u00b0 2023-06-004 en date du 26 juin 2023, autorisant l'ouverture de  \nchantiers d'entretien courant ou de r\u00e9paration sur les autoroutes A8, A50 et A57 dans la  \ntravers\u00e9e du d\u00e9partement du Var ;\nVu l'arr\u00eat\u00e9 pr\u00e9fectoral n\u00b0 2025-06-001 PC du 05 juin 2025 portant r\u00e9glementation de la police  \nde circulation sur les autoroutes A8, A50 et A57 ;\nVu l'arr\u00eat\u00e9 pr\u00e9fectoral n\u00b0 2026/07/MCI du 18 f\u00e9vrier 2026 portant d\u00e9l\u00e9gation de signature \u00e0  \nMme Jos\u00e9phine GUIGLIANO-BOUTONNET, directrice de cabinet du pr\u00e9fet du Var ;\nVu la note technique du 14 avril 2016 du minist\u00e8re de l'Environnement, de l'\u00c9nergie et de la  \nMer (DGITM/DIT) relative \u00e0 la coordination des chantiers sur le r\u00e9seau routier national (RRN) ;\nVu le r\u00e8glement d'exploitation de la soci\u00e9t\u00e9 des autoroutes ESCOTA en date du 02 juin 2025 ;\nVu la demande de la Soci\u00e9t\u00e9 des autoroutes ESCOTA en date du 28 janvier 2026 ;\nVu  l'avis  favorable  de  la  Direction  G\u00e9n\u00e9rale  des  Infrastructures,  des  Transports  et  des  \nMobilit\u00e9s sur le dossier d'exploitation sous chantier n\u00b0 2026-020 en date du 30 janvier 2026;\nVu l'avis favorable du conseil d\u00e9partemental du Var en date du 26 f\u00e9vrier 2026;\nArr\u00eat\u00e9 pr\u00e9fectoral n\u00b0 2026-02-003 ESC Page 1/3\nPr\u00e9fecture du VAR - 83-2026-03-05-00001 - Arr\u00eat\u00e9 pr\u00e9fectoral N\u00b02026-02-003 portant r\u00e9glementation temporaire de la circulation sur\nl'autoroute A8 sur le territoire de la commune de Saint-Maximin-la-sainte-Baume 20\nConsid\u00e9rant que pour assurer la s\u00e9curit\u00e9 des usagers de l'autoroute, des agents de la soci\u00e9t\u00e9  \ndes  autoroutes  Est\u00e9rel,  C\u00f4te  d'Azur,  Provence  Alpes  (ESCOTA)  et  des  personnels  de  \nl'entreprise charg\u00e9s d'effectuer des travaux de r\u00e9paration d'att\u00e9nuateur de choc et de fibre  \noptique au droit du diffuseur N\u00b034 \u00ab  Saint-Maximin \u00bb au PR 57 .700, il convient de r\u00e9glementer \nla circulation sur le territoire du d\u00e9partement du Var, sur l'autoroute A8, dans les deux sens de \ncirculation, la semaine 11/2026. Les semaines 12/2026 et 13/2026 constituent les semaines de  \nr\u00e9serve.\nSur proposition de la directrice de cabinet du pr\u00e9fet du Var,\nARR\u00caTE :\nArticle 1  er   : En raison des travaux de r\u00e9paration d'att\u00e9nuateur de choc et de fibre optique au  \ndroit du diffuseur N\u00b034 \u00ab Saint-Maximin \u00bb au PR 57 .700 , sur l'autoroute A8, la circulation de  \ntous les v\u00e9hicule s est r\u00e9glement\u00e9e, dans les deux sens de circulation de 21h00 \u00e0 05h00 du  \nmatin, du lundi 09 mars 2026 au vendredi 13 mars 2026. Les semaines 12/2026 et 13/2026  \nconstituent les semaines de r\u00e9serve.\nArticle 2 : Ces travaux n\u00e9cessitent de mettre en place les itin\u00e9raires de d\u00e9viations suivants :\nAutoroute A8\nDans les deux sens de circulation     \nDe 21h00 \u00e0 05h00, du lundi 09 mars 2026 au vendredi 13 mars 2026\n     - Fermeture de la bretelle de sortie du diffuseur N\u00b034 \u00ab Saint-Maximin \u00bb au PR 57 .700\nDans le sens Aix-en-Provence vers Nice \nLes v\u00e9hicules en provenance d'Aix-en-Provence sur l'autoroute A8 ne pouvant prendre la  \nsortie du diffuseur N\u00b034 \u00ab  Saint-Maximin \u00bb au PR 57 .700 en direction de Nice, doivent sortir \nen amont au diffuseur N\u00b032 \u00ab  Fuveau \u00bb au PR 26.800 et suivre la DN7 , la D560 afin de  \nrejoindre Saint-Maximin-la-Sainte-Baume.\nLes v\u00e9hicules en provenance d'Aubagne sur l'autoroute A52 ne pouvant prendre la sortie du \ndiffuseur N\u00b034 \u00ab Saint-Maximin \u00bb au PR 57 .700 en direction de Nice, doivent sortir en amont \nau diffuseur N\u00b032 \u00ab Fuveau \u00bb au PR 26.800, puis emprunter la D96, la DN7 , la D560 et la  \nD560A afin de rejoindre Saint-Maximin-la-Sainte-Baume.\nDans le sens Nice vers Aix-en-Provence \nLes v\u00e9hicules en provenance de Nice sur l'autoroute A8 ne pouvant prendre la sortie du  \ndiffuseur N\u00b034 \u00ab Saint-Maximin \u00bb au PR 57 .700  en direction de Nice, doivent sortir en amont \nau diffuseur N\u00b035 \u00ab  Brignoles \u00bb au PR 73.800 puis suivre la DN7 afin de rejoindre Saint-  \nMaximin-la-Sainte-Baume. \nArticle 3  : Au regard des contraintes de phasage, l'arr\u00eat\u00e9 pr\u00e9fectoral n\u00b02023-06-004 en date  \ndu 26 juin 2023 autorisant l'ouverture de chantiers d'entretien courant ou de r\u00e9paration sur  \nles autoroutes A8, A50 et A57 dans la travers\u00e9e du d\u00e9partement du Var est d\u00e9rog\u00e9 .\nL'inter-distance  de  jour  comme  de  nuit  avec  tout  chantier  n\u00e9cessaire  \u00e0  l'entretien  de  \nl'autoroute A8, est ramen\u00e9e \u00e0 z\u00e9ro (0) kilom\u00e8tre, dans les deux sens de circulation, pendant  \nla dur\u00e9e de ces travaux.\nArr\u00eat\u00e9 pr\u00e9fectoral n\u00b0 2026-02-003 ESC Page 2/3\nPr\u00e9fecture du VAR - 83-2026-03-05-00001 - Arr\u00eat\u00e9 pr\u00e9fectoral N\u00b02026-02-003 portant r\u00e9glementation temporaire de la circulation sur\nl'autoroute A8 sur le territoire de la commune de Saint-Maximin-la-sainte-Baume 21\nArticle  4  :  Une  information  concernant  l'avancement  des  travaux  ainsi  que  le  planning  \npr\u00e9visionnel  des  fermetures  est  transmise  le  vendredi,  avant  09h00,  aux  destinataires  \nsuivants :\n\uf0b7 Pr\u00e9fecture du Var (pref-derogations-routes@var.gouv.fr)\n\uf0b7 Conseil d\u00e9partemental du Var (bce@var.fr)\n\uf0b7 Direction d\u00e9partementale des territoires et de la mer du Var\n\uf0b7 Radio Vinci-Autoroutes (107 .7)\nArticle  5  : Les  signalisations  temporaires  et  l'information  des  usagers,  r\u00e9pondant  \u00e0  la  \ndescription du pr\u00e9sent arr\u00eat\u00e9, sont mises en place, entretenues et surveill\u00e9es par les services  \nd'exploitation de la soci\u00e9t\u00e9 des autoroutes Est\u00e9rel, C\u00f4te d'Azur, Provence Alpes (ESCOTA)  \npendant toute la p\u00e9riode des travaux.\nLes usagers sont inform\u00e9s des travaux et des modifications des conditions de circulation :\n-  prioritairement par la diffusion de messages sur Radio Vinci Autoroutes (107 .7).\n-  par  affichage  sur  Panneau  \u00e0  Messages  Variables  (PMV)  (sous  r\u00e9serve  d'informations  \nd'urgence).\nLes d\u00e9viations sont annonc\u00e9es suffisamment en amont pour permettre \u00e0 l'usager d'anticiper \nle changement d'itin\u00e9raire.\nLe cas \u00e9ch\u00e9ant, ces messages sont compl\u00e9t\u00e9s par des panneaux d'affichage temporaires et  \npar  une  information  sur  le  site  internet  \u00ab  Vinci  Autoroutes/Infos  Travaux  \u00bb  www.vinci-\nautoroutes.com/fr-infos-travaux/\nArticle 6 : La directrice de cabinet du pr\u00e9fet du Var, le pr\u00e9sident du conseil d\u00e9partemental du \nVar,  le  directeur  interd\u00e9partemental  de  la  police  nationale  du  Var,  le  commandant  du  \ngroupement de gendarmerie d\u00e9partementale du Var, le directeur d\u00e9partemental des services  \nd'incendie et de secours du Var, le maire de la commune de Saint-Maximin-la-Sainte-Baume, le \ndirecteur de la soci\u00e9t\u00e9 des autoroutes Est\u00e9rel, C\u00f4te d'Azur, Provence Alpes, sont charg\u00e9s,  \nchacun en ce qui le concerne, de l'ex\u00e9cution du pr\u00e9sent arr\u00eat\u00e9 qui sera publi\u00e9 au recueil des  \nactes administratifs de la pr\u00e9fecture du Var.\nFait \u00e0 Toulon, le 05 mars 2026\n \n                                                               Pour le Pr\u00e9fet et par d\u00e9l\u00e9gation, \n                                                            La cheffe du service \n                                                           de l'\u00e9ducation et de la s\u00e9curit\u00e9 routi\u00e8res\n                                                          sign\u00e9 :  Sophie BARASTIER\nConform\u00e9ment aux dispositions de l'article R. 421-1 et suivants du code de justice administrative, le pr\u00e9sent arr\u00eat\u00e9 peut faire l'objet  \ndans un d\u00e9lai de deux mois \u00e0 compter de sa parution :\n\u2013  d'un recours administratif (recours gracieux aupr\u00e8s du pr\u00e9fet du Var ou recours hi\u00e9rarchique aupr\u00e8s du ministre de l'int\u00e9rieur)\n\u2013 d'un recours contentieux devant le tribunal administratif de Toulon. Le tribunal administratif peut \u00eatre saisi par l'application  \ninformatique \u00ab T\u00e9l\u00e9recours citoyens \u00bb accessible par le site Internet www.telerecours.fr\nArr\u00eat\u00e9 pr\u00e9fectoral n\u00b0 2026-02-003 ESC Page 3/3\nPr\u00e9fecture du VAR - 83-2026-03-05-00001 - Arr\u00eat\u00e9 pr\u00e9fectoral N\u00b02026-02-003 portant r\u00e9glementation temporaire de la circulation sur\nl'autoroute A8 sur le territoire de la commune de Saint-Maximin-la-sainte-Baume 22\nPr\u00e9fecture du VAR\n83-2026-03-05-00002\nArr\u00eat\u00e9 pr\u00e9fectoral N\u00b02026-03-001 ESC portant\nr\u00e9glementation temporaire de la circulation sur\nl'autoroute A8 sur le territoire des communes du\nMuy, Puget-sur-Argens, et Fr\u00e9jus\nPr\u00e9fecture du VAR - 83-2026-03-05-00002 - Arr\u00eat\u00e9 pr\u00e9fectoral N\u00b02026-03-001 ESC portant r\u00e9glementation temporaire de la circulation\nsur l'autoroute A8 sur le territoire des communes du Muy, Puget-sur-Argens, et Fr\u00e9jus 23\n=mPREFETDU VARLibert\u00e9Egalit\u00e9Fraternit\u00e9\nDirection des s\u00e9curit\u00e9s\nService de l'\u00e9ducation et\nde la s\u00e9curit\u00e9 routi\u00e8res\nP\u00f4le \u00e9tudes et ing\u00e9nierie\nARR\u00caT\u00c9 PR\u00c9FECTORAL n\u00b0 2026-03-001 ESC  du 05 mars 2026\nportant r\u00e9glementation temporaire de la circulation sur l'autoroute A8\nsur le territoire des communes du Muy, Puget-sur-Argens et Fr\u00e9jus \nLe Pr\u00e9fet du Var,\nChevalier de la L\u00e9gion d'Honneur,\nChevalier de l'Ordre National du M\u00e9rite,\nVu le Code de la route ;\nVu le Code de la voirie routi\u00e8re ;\nVu  le d\u00e9cret du 29 novembre 1982 approuvant la convention de concession pass\u00e9e entre  \nl'\u00c9tat et la soci\u00e9t\u00e9 de l'autoroute Est\u00e9rel, C\u00f4te d'Azur, Provence Alpes (ESCOTA) en vue de la  \nconstruction, de l'entretien et de l'exploitation des autoroutes conc\u00e9d\u00e9es et ses avenants  \nult\u00e9rieurs ;\nVu le d\u00e9cret n\u00b0 2015-1045 du 21 ao\u00fbt 2015 approuvant le transfert de la travers\u00e9e autorouti\u00e8re \nde  Toulon  entre  l'\u00c9tat  et  la  soci\u00e9t\u00e9  des  autoroutes  Est\u00e9rel,  C\u00f4te  d'Azur,  Provence  Alpes \n(ESCOTA) ;\nVu le d\u00e9cret du Pr\u00e9sident de la R\u00e9publique du 15 mai 2025 portant nomination de M. Simon  \nBABRE, pr\u00e9fet du Var ;\nVu  l'arr\u00eat\u00e9  interminist\u00e9riel  du  24  novembre  1967  relatif  \u00e0  la  signalisation  des  routes  et  \nautoroutes et des textes subs\u00e9quents ;\nVu  l'arr\u00eat\u00e9 pr\u00e9fectoral n\u00b0 2020-12-001 BR du 16 d\u00e9cembre 2020, portant modification de  \nl'arr\u00eat\u00e9 pr\u00e9fectoral n\u00b0 2523 du 20 mars 2018, portant r\u00e9glementation de la circulation des  \nv\u00e9hicules de transport de bois ronds dans le d\u00e9partement du Var ;\nVu  l'arr\u00eat\u00e9 pr\u00e9fectoral n\u00b0 2023-06-004 en date du 26 juin 2023, autorisant l'ouverture de  \nchantiers d'entretien courant ou de r\u00e9paration sur les autoroutes A8, A50 et A57 dans la  \ntravers\u00e9e du d\u00e9partement du Var ;\nVu l'arr\u00eat\u00e9 pr\u00e9fectoral n\u00b0 2025-06-001 PC du 05 juin 2025 portant r\u00e9glementation de la police  \nde circulation sur les autoroutes A8, A50 et A57 ;\nVu l'arr\u00eat\u00e9 pr\u00e9fectoral n\u00b0 2026/07/MCI du 18 f\u00e9vrier 2026 portant d\u00e9l\u00e9gation de signature \u00e0  \nMme Jos\u00e9phine GUIGLIANO-BOUTONNET, directrice de cabinet du pr\u00e9fet du Var ;\nVu la note technique du 14 avril 2016 du minist\u00e8re de l'Environnement, de l'\u00c9nergie et de la  \nMer (DGITM/DIT) relative \u00e0 la coordination des chantiers sur le r\u00e9seau routier national (RRN) ;\nVu le r\u00e8glement d'exploitation de la soci\u00e9t\u00e9 des autoroutes ESCOTA en date du 02 juin 2025 ;\nVu la demande de la Soci\u00e9t\u00e9 des autoroutes ESCOTA en date du 28 janvier 2026 ;\nVu  l'avis  favorable  de  la  Direction  G\u00e9n\u00e9rale  des  Infrastructures,  des  Transports  et  des  \nMobilit\u00e9s sur le dossier d'exploitation sous chantier n\u00b0 2025-019 en date du 30 janvier 2026 ;\nVu l'avis favorable du conseil d\u00e9partemental du Var en date du 02 f\u00e9vrier 2026;\nArr\u00eat\u00e9 pr\u00e9fectoral n\u00b0 2026 \u2013 03 \u2013 001 ESC Page 1/4\nPr\u00e9fecture du VAR - 83-2026-03-05-00002 - Arr\u00eat\u00e9 pr\u00e9fectoral N\u00b02026-03-001 ESC portant r\u00e9glementation temporaire de la circulation\nsur l'autoroute A8 sur le territoire des communes du Muy, Puget-sur-Argens, et Fr\u00e9jus 24\nConsid\u00e9rant que pour assurer la s\u00e9curit\u00e9 des usagers de l'autoroute, des agents de la soci\u00e9t\u00e9  \ndes  autoroutes  Est\u00e9rel,  C\u00f4te  d'Azur,  Provence  Alpes  (ESCOTA)  et  des  personnels  des  \nentreprises charg\u00e9s d'effectuer les travaux d'enrob\u00e9s \u00e0 proximit\u00e9 des diffuseurs N\u00b037 \u00ab  Puget-\nsur-Argens \u00bb et N\u00b038 \u00ab  Fr\u00e9jus \u00bb du PR 118.000 au PR 132.900, il convient de r\u00e9glementer la  \ncirculation sur le territoire du d\u00e9partement du Var, sur l'autoroute A8, dans les deux sens de  \ncirculation, de la semaine 11/2026 \u00e0 la semaine 16/2026. Les semaines 17/2026 \u00e0 19/2026  \nconstituent les semaines de r\u00e9serve.\nSur proposition de la directrice de cabinet du pr\u00e9fet du Var,\nARR\u00caTE :\nArticle  1er : En  raison  des  travaux  d'enrob\u00e9s  \u00e0  proximit\u00e9  des  diffuseurs  N\u00b037  \u00ab Puget-sur-\nArgens \u00bb et N\u00b038 \u00ab  Fr\u00e9jus \u00bb du PR 118.000 au PR 132.900, sur l'autoroute A8, la circulation de  \ntous les v\u00e9hicule s est r\u00e9glement\u00e9e,  dans les deux sens de circulation ,  de 21h00 \u00e0 05h00 du  \nmatin, hors week-end et jours hors chantier, d u lundi 09 mars 2026 au vendredi 17 avril 2026.  \nLes semaines 17/2026 \u00e0 19/2026 constituent les semaines de r\u00e9serve.\nArticle 2 : Ces travaux n\u00e9cessitent de mettre en place les itin\u00e9raires de d\u00e9viation suivants :\nAutoroute A8\nSens Aix-en-Provence vers Nice\nDe 21h00 \u00e0 05h00, du lundi 09 mars 2026 au vendredi 17 avril 2026\n- Fermeture des bretelles d'entr\u00e9e et de sortie du diffuseur N\u00b037 \u00ab Puget-sur-Argens \u00bb au PR 129.200\n         - Fermeture de la bretelle de sortie du diffuseur N\u00b038 \u00ab Fr\u00e9jus-Ouest \u00bb\nau PR 132.900\nSens Aix-en-Provence vers Nice\nFermeture de la bretelle d'entr\u00e9e du diffuseur N\u00b037 \u00ab     Puget-sur-Argens     \u00bb  \nLes  v\u00e9hicules  souhaitant  entrer  sur  l'autoroute  A8  au  diffuseur  N\u00b037  \u00ab  Puget-sur-Argens \u00bb  au  PR \n129.200, doivent emprunter la RDN7 , la RD4 puis la D37 pour rejoindre l'autoroute A8 au diffuseur  \nN\u00b038 \u00ab Fr\u00e9jus-Est \u00bb au PR 134.000 en direction de Nice.\nFermeture de la bretelle de sortie du diffuseur N\u00b037 \u00ab     Puget-sur-Argens     \u00bb  \nLes v\u00e9hicules souhaitant sortir au diffuseur N\u00b037 \u00ab Puget sur Argens \u00bb PR 129.200, devront emprunter\nla sortie du diffuseur N\u00b036 \u00ab Le Muy \u00bb puis suivre la DN7 jusqu'\u00e0 Puget-sur-Argens.\nFermeture de la bretelle de sortie du diffuseur N\u00b038 \u00ab     Fr\u00e9jus-Ouest     \u00bb  \nLes v\u00e9hicules souhaitant sortir  au diffuseur N\u00b038 \u00ab  Fr\u00e9jus-Ouest \u00bb au PR 132.900, doivent sortir au  \ndiffuseur N\u00b036 \u00ab  Le Muy \u00bb au PR 117 .600 puis suivre la DN7 , la D4, et enfin la D4A jusqu'\u00e0 Puget-sur-\nArgens.\nArr\u00eat\u00e9 pr\u00e9fectoral n\u00b0 2026 \u2013 03 \u2013 001 ESC Page 2/4\nPr\u00e9fecture du VAR - 83-2026-03-05-00002 - Arr\u00eat\u00e9 pr\u00e9fectoral N\u00b02026-03-001 ESC portant r\u00e9glementation temporaire de la circulation\nsur l'autoroute A8 sur le territoire des communes du Muy, Puget-sur-Argens, et Fr\u00e9jus 25\nAutoroute A8\nSens Nice vers Aix-en-Provence\nDe 21h00 \u00e0 05h00, du lundi 09 mars 2026 au vendredi 17 avril 2026\n- Fermeture de la bretelle d'entr\u00e9e du diffuseur N\u00b037 \u00ab Puget-sur-Argens \u00bb\nau PR 129.200\nLes v\u00e9hicules souhaitant entrer sur l'autoroute A8 au diffuseur N\u00b037 \u00ab  Puget-sur-Argens \u00bb au \nPR 129.200, doivent emprunter la RDN7 puis rejoindre l'autoroute A8 au diffuseur N\u00b036 \u00ab Le \nMuy \u00bb au PR 117 .600 en direction d'Aix-en-Provence.\nArticle 3  : Au regard des contraintes de phasage, l'arr\u00eat\u00e9 pr\u00e9fectoral n\u00b02023-06-004 en date  \ndu 26 juin 2023 autorisant l'ouverture de chantiers d'entretien courant ou de r\u00e9paration sur  \nles autoroutes A8, A50 et A57 dans la travers\u00e9e du d\u00e9partement du Var est d\u00e9rog\u00e9.\nL'inter-distance  de  jour  comme  de  nuit  avec  tout  chantier  n\u00e9cessaire  \u00e0  l'entretien  de  \nl'autoroute A8, est ramen\u00e9e \u00e0 z\u00e9ro (0) kilom\u00e8tre, dans les deux sens de circulation, pendant  \nla dur\u00e9e de ces travaux.\nLes longueurs de restriction seront port\u00e9es \u00e0 10 kilom\u00e8tres dans les deux sens de circulation.\nUne partie des travaux sera r\u00e9alis\u00e9e sous basculement de chauss\u00e9e, dans la zone \u00e0 double  \nsens, la vitesse sera limit\u00e9e \u00e0 80 km/h.\nArticle  4  :  Une  information  concernant  l'avancement  des  travaux  ainsi  que  le  planning  \npr\u00e9visionnel des fermetures est transmise hebdomadairement le vendredi, avant 09h00, aux  \ndestinataires suivants :\n\uf0b7 Pr\u00e9fecture du Var (pref-derogations-routes@var.gouv.fr)\n\uf0b7 Conseil d\u00e9partemental du Var (bce@var.fr)\n\uf0b7 Direction d\u00e9partementale des territoires et de la mer du Var\n\uf0b7 Radio Vinci-Autoroutes (107 .7)\nArticle  5  : Les  signalisations  temporaires  et  l'information  des  usagers,  r\u00e9pondant  \u00e0  la  \ndescription du pr\u00e9sent arr\u00eat\u00e9, sont mises en place, entretenues et surveill\u00e9es par les services  \nd'exploitation de la soci\u00e9t\u00e9 des autoroutes Est\u00e9rel, C\u00f4te d'Azur, Provence Alpes (ESCOTA)  \npendant toute la p\u00e9riode des travaux.\nLes usagers sont inform\u00e9s des travaux et des modifications des conditions de circulation :\n-  prioritairement par la diffusion de messages sur Radio Vinci Autoroutes (107 .7).\n-  par  affichage  sur  Panneau  \u00e0  Messages  Variables  (PMV)  (sous  r\u00e9serve  d'informations  \nd'urgence).\nLes d\u00e9viations sont annonc\u00e9es suffisamment en amont pour permettre \u00e0 l'usager d'anticiper \nle changement d'itin\u00e9raire.\nLe cas \u00e9ch\u00e9ant, ces messages sont compl\u00e9t\u00e9s par des panneaux d'affichage temporaires et  \npar  une  information  sur  le  site  internet  \u00ab  Vinci  Autoroutes/Infos  Travaux  \u00bb  www.vinci-\nautoroutes.com/fr-infos-travaux/\nArr\u00eat\u00e9 pr\u00e9fectoral n\u00b0 2026 \u2013 03 \u2013 001 ESC Page 3/4\nPr\u00e9fecture du VAR - 83-2026-03-05-00002 - Arr\u00eat\u00e9 pr\u00e9fectoral N\u00b02026-03-001 ESC portant r\u00e9glementation temporaire de la circulation\nsur l'autoroute A8 sur le territoire des communes du Muy, Puget-sur-Argens, et Fr\u00e9jus 26\nArticle 6 : La directrice de cabinet du pr\u00e9fet du Var, le pr\u00e9sident du conseil d\u00e9partemental du \nVar,  le  directeur  interd\u00e9partemental  de  la  police  nationale  du  Var,  le  commandant  du  \ngroupement de gendarmerie d\u00e9partementale du Var, le directeur d\u00e9partemental des services  \nd'incendie et de secours du Var, les maires des communes du Muy, Puget-sur-Argens et Fr\u00e9jus, \nle directeur de la soci\u00e9t\u00e9 des autoroutes Est\u00e9rel, C\u00f4te d'Azur, Provence Alpes, sont charg\u00e9s,  \nchacun en ce qui le concerne, de l'ex\u00e9cution du pr\u00e9sent arr\u00eat\u00e9 qui sera publi\u00e9 au recueil des  \nactes administratifs de la pr\u00e9fecture du Var.\nFait \u00e0 Toulon, le 05 mars 2026\n                                                      Pour le Pr\u00e9fet et par d\u00e9l\u00e9gation, \n                                                           La cheffe du service \n                                                           de l'\u00e9ducation et de la s\u00e9curit\u00e9 routi\u00e8res\n                                                          sign\u00e9 :  Sophie BARASTIER\nConform\u00e9ment aux dispositions de l'article R. 421-1 et suivants du code de justice administrative, le pr\u00e9sent arr\u00eat\u00e9 peut faire l'objet  \ndans un d\u00e9lai de deux mois \u00e0 compter de sa parution :\n\u2013  d'un recours administratif (recours gracieux aupr\u00e8s du pr\u00e9fet du Var ou recours hi\u00e9rarchique aupr\u00e8s du ministre de l'int\u00e9rieur)\n\u2013 d'un recours contentieux devant le tribunal administratif de Toulon. Le tribunal administratif peut \u00eatre saisi par l'application  \ninformatique \u00ab T\u00e9l\u00e9recours citoyens \u00bb accessible par le site Internet www.telerecours.fr\nArr\u00eat\u00e9 pr\u00e9fectoral n\u00b0 2026 \u2013 03 \u2013 001 ESC Page 4/4\nPr\u00e9fecture du VAR - 83-2026-03-05-00002 - Arr\u00eat\u00e9 pr\u00e9fectoral N\u00b02026-03-001 ESC portant r\u00e9glementation temporaire de la circulation\nsur l'autoroute A8 sur le territoire des communes du Muy, Puget-sur-Argens, et Fr\u00e9jus 27\nSous-pr\u00e9fecture Draguignan\n83-2026-02-10-00010\nRAA P\u00e9rim\u00e9tre de protection de Cavalaire \nSous-pr\u00e9fecture Draguignan - 83-2026-02-10-00010 - RAA P\u00e9rim\u00e9tre de protection de Cavalaire 28\ncsPREFETDU VARLibert\u00e9Egalit\u00e9Fraternit\u00e9\nSOUS-PR\u00c9FECTURE DE DRAGUIGNAN\nBureau de l'Administration et de la R\u00e9glementation G\u00e9n\u00e9rale\nSection : Police Administrative et des S\u00e9curit\u00e9s\nArr\u00eat\u00e9 pr\u00e9fectoral instaurant un p\u00e9rim\u00e8tre de protection\nsur la commune de Cavalaire sur Mer du 10 f\u00e9vrier 2026\nLe Pr\u00e9fet du Var,\nChevalier de la L\u00e9gion d'Honneur,\nChevalier de l'Ordre National du M\u00e9rite,\nVu le Code de la s\u00e9curit\u00e9 int\u00e9rieure, notamment ses articles  L.211-11-1, L.226-1, L.511-1 et L.611-\n1 ;\nVu le Code de proc\u00e9dure p\u00e9nale, et notamment ses articles 16, 20 et 21 ;\nVu le Code p\u00e9nal, et notamment son article R 610-5 ;\nVu la loi N\u00b0 2017-1510 du 30 octobre 2017 renfor\u00e7ant la s\u00e9curit\u00e9 int\u00e9rieure et la lutte contre le \nterrorisme ;\nVu le  d\u00e9cret  n\u00b0  2004-374  du  29  avril  2004  modifi\u00e9,  relatif  aux  pouvoirs  des  pr\u00e9fets,  \u00e0  \nl'organisation et l'action des services de l'\u00c9tat dans les r\u00e9gions et d\u00e9partements ;\nVu le d\u00e9cret du 15 mai 2025 portant nomination de monsieur Simon BABRE, pr\u00e9fet du Var ;\nVu l'arr\u00eat\u00e9  pr\u00e9fectoral  n\u00b0  2025/73/MCI  du  17  d\u00e9cembre  2025  accordant  d\u00e9l\u00e9gation  de  \nsignature \u00e0 madame Myriam GARCIA, sous-pr\u00e9f\u00e8te de l'arrondissement de Draguignan ;\nVu la d\u00e9claration du 25 novembre 2025 de la manifestation \u00ab  Marathon international du  \nGolfe de Saint-Tropez  \u00bb  organis\u00e9e par l'Association Azur Sport Organisation   pr\u00e9vue le 29  \nmars 2026 sur la commune de Cavalaire sur Mer;\nVu l'accord de la commune de Cavalaire sur Mer (83), formalis\u00e9 lors de la r\u00e9union du 29 jan -\nvier 2026, tendant \u00e0 la participation des agents de la police municipale aux op\u00e9rations pr\u00e9 -\nvues au pr\u00e9sent arr\u00eat\u00e9 ;\nCONSID\u00c9RANT qu'en application de l'article L.226-1 du Code de la s\u00e9curit\u00e9 int\u00e9rieure, \u00ab afin \nd'assurer la s\u00e9curit\u00e9 d'un lieu ou d'un \u00e9v\u00e9nement expos\u00e9 \u00e0 un risque d'actes de terrorisme \u00e0  \nraison de la nature et de l'ampleur de sa fr\u00e9quentation, le repr\u00e9sentant de l'\u00c9tat dans le  \nd\u00e9partement est autoris\u00e9 \u00e0 instituer un p\u00e9rim\u00e8tre de protection au sein duquel l'acc\u00e8s et la  \ncirculation des personnes sont r\u00e9glement\u00e9s \u00bb ;\nCONSID\u00c9RANT la pr\u00e9gnance de la menace terroriste sur le territoire national et la n\u00e9cessit\u00e9  \nde mettre en \u0153uvre les postures Vigipirate d\u00e9cid\u00e9es par le gouvernement ;\nCONSID\u00c9RANT que le Var est un d\u00e9partement touristique \u00e0 forte fr\u00e9quentation et conna\u00eet  \nun afflux important de population tout au long de l'ann\u00e9e ;\nCONSID\u00c9RANT que le 29 mars 2026  l'Association Azur Sport Organisation  organise une  \nmanifestation sportive sur la commune de Cavalaire sur Mer, station baln\u00e9aire ; que cet  \n\u00e9v\u00e9nement devrait rassembler selon l'organisateur plus de 15  000 personnes ; qu'il constitue \nainsi un enjeu symbolique de premi\u00e8re importance ;\nCONSID\u00c9RANT que cette manifestation peut g\u00e9n\u00e9rer des circonstances particuli\u00e8res de  \nnature \u00e0 faire peser des menaces graves pour la s\u00e9curit\u00e9 publique et exposer les populations  \n\u00e0 un risque d'acte de terrorisme et qu'il convient, de fait, de prendre des mesures renforc\u00e9es \nde surveillance et de s\u00e9curit\u00e9 ;\n1\nSous-pr\u00e9fecture Draguignan - 83-2026-02-10-00010 - RAA P\u00e9rim\u00e9tre de protection de Cavalaire 29\nCONSID\u00c9RANT d\u00e8s lors qu'il y a lieu d'instaurer un p\u00e9rim\u00e8tre de protection aux fins de  \npr\u00e9vention  d'un  acte  de  terrorisme ;  que  compte  tenu  de  la  topographie  des  lieux,  ce  \np\u00e9rim\u00e8tre doit englober la zone mat\u00e9rialis\u00e9e dans le plan pr\u00e9sent en annexe 1  ; que ce  \np\u00e9rim\u00e8tre doit \u00eatre instaur\u00e9 durant la journ\u00e9e du dimanche 30 mars 2025 en raison des  \nimportants flux et rassemblements de personnes ;\nSUR PROPOSITION de madame la secr\u00e9taire g\u00e9n\u00e9rale de la sous-pr\u00e9fecture de Draguignan ;\nARR\u00caTE\nArticle 1  er     :   Il est instaur\u00e9 un p\u00e9rim\u00e8tre de protection sur la commune de Cavalaire sur Mer,  \npour la manifestation \u00ab  Marathon international du Golfe de Saint-Tropez  \u00bb, le dimanche 29  \nmars 2026.\nArticle 2     :   Ce p\u00e9rim\u00e8tre est d\u00e9limit\u00e9 selon le plan joint en annexe 1. Il sera mat\u00e9rialis\u00e9 sur site \npar des barri\u00e8res physiques et sera rendu impossible \u00e0 la circulation des v\u00e9hicules \u00e0 l'aide de  \ndispositifs pare-b\u00e9liers.\nArticle 3     :   Le p\u00e9rim\u00e8tre de protection sera arm\u00e9 et d\u00e9sarm\u00e9 sur ordre de l'officier de police  \njudiciaire  territorialement  comp\u00e9tent.  Pendant  les  p\u00e9riodes  d'armement,  l'acc\u00e8s  et  la  \ncirculation des personnes et des v\u00e9hicules y sont r\u00e9glement\u00e9s.\nArticle 4     :   p our acc\u00e9der dans le p\u00e9rim\u00e8tre de la zone de s\u00e9curit\u00e9, il est cr\u00e9\u00e9 07 points de  \ncontr\u00f4les d'acc\u00e8s mat\u00e9rialis\u00e9s sur l'annexe 1 (tenus pour chaque point p ar des agents de  \ns\u00e9curit\u00e9 priv\u00e9 et / ou des policiers municipaux) et \u00e9nonc\u00e9s ci-dessous :\n\u2022 Rond-point Saint-Exup\u00e9ry,\n\u2022 Rue des Cigales,\n\u2022 Rue des Bruy\u00e8res,\n\u2022 Promenade de la mer.\n\u2022 Rue du Port.\n\u2022 Esplanade Saint-Estelle.\n\u2022 Avenue Gabriel PERI.\nArticle 5 : Les op\u00e9rations de v\u00e9rification sur les personnes et les v\u00e9hicules, d\u00e9taill\u00e9es ci-apr\u00e8s, \nsont  plac\u00e9es  sous  la  responsabilit\u00e9  d'un  officier  de  police  judiciaire  territorialement  \ncomp\u00e9tent, tels que ceux  mentionn\u00e9s aux 2\u00b0 \u00e0 4\u00b0 de l'article 16 du Code de proc\u00e9dure  \np\u00e9nale.\nArticle 6     :   Les op\u00e9rations de v\u00e9rification sur les personnes et d\u00e9taill\u00e9es ci-apr\u00e8s, peuvent \u00eatre \nr\u00e9alis\u00e9es par des officiers de police judiciaire mentionn\u00e9s aux 2\u00b0 \u00e0 4\u00b0 de l'article 16 du Code  \nde proc\u00e9dure p\u00e9nale, et, sous la responsabilit\u00e9 de ceux-ci, par des agents de police judiciaire  \nmentionn\u00e9s  \u00e0  l'article  20  du  m\u00eame  code,  par  des  agents  de  police  judiciaire  adjoints  \nmentionn\u00e9s aux 1\u00b0, 1\u00b0 bis, 1\u00b0 ter de l'article 21 du m\u00eame code, par des agents de police  \nmunicipale mentionn\u00e9s \u00e0 l'article L.511-1 du code de la s\u00e9curit\u00e9 int\u00e9rieure, ou par des agents  \nde s\u00e9curit\u00e9 priv\u00e9e exer\u00e7ant l'activit\u00e9 mentionn\u00e9e au 1\u00b0 de l'article L.611 du m\u00eame code.\nArticle 7     :   Les op\u00e9rations de v\u00e9rification effectu\u00e9es sur les v\u00e9hicules et d\u00e9taill\u00e9es ci-apr\u00e8s, ne  \npeuvent \u00eatre accomplies que par des officiers de police judiciaire mentionn\u00e9s aux 2\u00b0 \u00e0 4\u00b0 de  \nl'article 16 du code de proc\u00e9dure p\u00e9nale, et, sous la responsabilit\u00e9 de ceux-ci, par des agents  \nde police judiciaires mentionn\u00e9s \u00e0 l'article 20 du m\u00eame code, par des agents de police  \njudiciaires adjoints mentionn\u00e9s aux 1\u00b0, 1\u00b0 bis, 1\u00b0 ter de l'article 21 du m\u00eame code.\nArticle 8     :   Pr\u00e9alablement \u00e0 l'armement du p\u00e9rim\u00e8tre de protection indiqu\u00e9 \u00e0 l'article 3, la  \nzone situ\u00e9e \u00e0 l'int\u00e9rieur de l'enceinte cr\u00e9\u00e9e sera v\u00e9rifi\u00e9e selon les modalit\u00e9s d\u00e9taill\u00e9es ci-\napr\u00e8s.\nArticle 9     :   Pour toute personne, l'acc\u00e8s au p\u00e9rim\u00e8tre de protection et la pr\u00e9sence \u00e0 l'int\u00e9rieur \nde celui-ci sont conditionn\u00e9s aux mesures de contr\u00f4le pr\u00e9alable suivantes  :  d\u00e9tection de  \nm\u00e9taux, palpations de s\u00e9curit\u00e9, inspections visuelles, fouilles de sacs et de bagages.\nLa palpation de s\u00e9curit\u00e9 est effectu\u00e9e par une personne de m\u00eame sexe que celle qui en fait  \nl'objet.\n2\nSous-pr\u00e9fecture Draguignan - 83-2026-02-10-00010 - RAA P\u00e9rim\u00e9tre de protection de Cavalaire 30\nArticle 10     :   \u00c0 l'int\u00e9rieur du p\u00e9rim\u00e8tre de protection, la circulation et le stationnement de  \nv\u00e9hicules sont interdits \u00e0 l'exception des v\u00e9hicules des forces de l'ordre et de secours dans le \ncadre des interventions urgentes.\nApr\u00e8s identification et v\u00e9rification, ces v\u00e9hicules sont autoris\u00e9s \u00e0 acc\u00e9der, \u00e0 circuler et \u00e0  \nstationner  dans  le  p\u00e9rim\u00e8tre  sur  ordre  de  l'officier  de  police  judiciaire,  territorialement \ncomp\u00e9tent.\nArticle 11     :   T outes les mesures de v\u00e9rification, d\u00e9taill\u00e9es ci-dessus, sont subordonn\u00e9es au  \nconsentement des personnes. En cas de refus de s'y soumettre, les personnes et/ou les  \nv\u00e9hicules ne sont pas admis \u00e0 y p\u00e9n\u00e9trer. Le cas \u00e9ch\u00e9ant, ils sont reconduits \u00e0 l'ext\u00e9rieur du  \np\u00e9rim\u00e8tre.\nCes derni\u00e8res op\u00e9rations sont effectu\u00e9es uniquement par un officier de police judiciaire  \nmentionn\u00e9 aux 2\u00b0 \u00e0 4\u00b0 de l'article 16 du code de proc\u00e9dure p\u00e9nale, ou sous la responsabilit\u00e9  \nde celui-ci, par un agent de police judiciaire mentionn\u00e9 \u00e0 l'article 20 ou par un agent de  \npolice judiciaire adjoint mentionn\u00e9 aux 1\u00b0, 1\u00b0 bis, 1\u00b0 ter de l'article 21 du m\u00eame code\nArticle 12     :   Pour toutes les op\u00e9rations d\u00e9crites ci-dessus, l'absence d'objets interdits sera  \nv\u00e9rifi\u00e9.\nLes objets suivants sont proscrits \u00e0 l'int\u00e9rieur de ce p\u00e9rim\u00e8tre :\n\u2022 les articles pyrotechniques et p\u00e9tards,\n\u2022 les pointeurs laser,\n\u2022 les couteaux, cutter et tout objet tranchant,\n\u2022 les outils (marteau, pince, tournevis,...),\n\u2022 les objets non list\u00e9s qui pourraient \u00eatre utilis\u00e9s comme projectiles ou \u00eatre consid\u00e9r\u00e9s  \ncomme une arme par destination \u00e0 l'appr\u00e9ciation des forces de l'ordre.\nLa pr\u00e9sente disposition ne s'applique pas aux secours et aux forces de l'ordre employ\u00e9s sur le \np\u00e9rim\u00e8tre pour leurs missions respectives.\nLes fonctionnaires de la police nationale et les militaires de la gendarmerie nationale qui  \nsouhaitent acc\u00e9der au p\u00e9rim\u00e8tre de protection, en dehors de leurs heures de services, avec  \nleurs armes de service conform\u00e9ment aux r\u00e8gles en vigueur, devront \u00eatre contr\u00f4l\u00e9s par un  \nofficier de police judiciaire mentionn\u00e9 aux 2 \u00b0 \u00e0 4\u00b0 de l'article 16 du code de proc\u00e9dure  \np\u00e9nale, ou sous la responsabilit\u00e9 de celui-ci, par un agent de police judiciaire mentionn\u00e9 \u00e0  \nl'article 20 ou par un agent de police judiciaire adjoint mentionn\u00e9 aux 1\u00b0, 1\u00b0 bis, 1\u00b0 ter de  \nl'article 21 du m\u00eame code. L'acc\u00e8s \u00e0 l'enceinte sera possible uniquement apr\u00e8s identification \nconforme et \u00e0 la condition que le port de l'arme ne soit pas apparent.\nArticle 13     :   Des commerces et d\u00e9bits de boissons peuvent avoir une activit\u00e9 \u00e0 l'int\u00e9rieur du  \np\u00e9rim\u00e8tre  de  protection  institu\u00e9,  sous  r\u00e9serve  qu'ils  d\u00e9tiennent  les  autorisations  \nadministratives n\u00e9cessaires et qu'ils respectent les r\u00e8gles relatives aux objets interdits vis\u00e9es  \n\u00e0 l'article 12.\nArticle 14     :   Madame la  secr\u00e9taire g\u00e9n\u00e9rale de la sous-pr\u00e9fecture de Draguignan et monsieur  \nle commandant de compagnie de la gendarmerie nationale de Gassin / Saint-Tropez  sont \ncharg\u00e9s, chacun en ce qui le concerne, de l'ex\u00e9cution du pr\u00e9sent arr\u00eat\u00e9 qui sera publi\u00e9 au  \nrecueil des actes administratifs de la pr\u00e9fecture du Var.\nUn exemplaire sera transmis, sans d\u00e9lai, \u00e0 monsieur  procureur de la R\u00e9publique, a monsieur  \nle  maire de la commune de Cavalaire-sur-Mer et \u00e0 l'organisateur de l'\u00e9v\u00e8nement.\nDraguignan, le 10 f\u00e9vrier 2026\nPour le pr\u00e9fet et par d\u00e9l\u00e9gation,\nLa sous-pr\u00e9f\u00e8te de Draguignan,\nsign\u00e9\n                      Myriam GARCIA\n3\nSous-pr\u00e9fecture Draguignan - 83-2026-02-10-00010 - RAA P\u00e9rim\u00e9tre de protection de Cavalaire 31\nSous-pr\u00e9fecture Draguignan\n83-2026-02-10-00009\nRAA P\u00e9rim\u00e9tre de protection de Ste Maxime V1\nSous-pr\u00e9fecture Draguignan - 83-2026-02-10-00009 - RAA P\u00e9rim\u00e9tre de protection de Ste Maxime V1 32\ncsPREFETDU VARLibert\u00e9Egalit\u00e9Fraternit\u00e9\nSOUS-PR\u00c9FECTURE DE DRAGUIGNAN\nBureau de l'Administration et de la R\u00e9glementation G\u00e9n\u00e9rale\nSection : Police Administrative et des S\u00e9curit\u00e9s\nArr\u00eat\u00e9 pr\u00e9fectoral instaurant un p\u00e9rim\u00e8tre de protection\nsur la commune de Sainte-Maxime du 10 f\u00e9vrier 2026\nLe Pr\u00e9fet du Var,\nChevalier de la L\u00e9gion d'Honneur,\nChevalier de l'Ordre National du M\u00e9rite,\nVu le Code de la s\u00e9curit\u00e9 int\u00e9rieure, notamment ses articles L.211-11-1, L.226-1, L.511-1 et L.611-\n1 ;\nVu le Code de proc\u00e9dure p\u00e9nale, et notamment ses articles 16, 20 et 21 ;\nVu le Code p\u00e9nal, et notamment son article R.610-5 ;\nVu la loi n\u00b0 2017-1510 du 30 octobre 2017 renfor\u00e7ant la s\u00e9curit\u00e9 int\u00e9rieure et la lutte contre le \nterrorisme ;\nVu le  d\u00e9cret  n\u00b0  2004-374  du  29  avril  2004  modifi\u00e9,  relatif  aux  pouvoirs  des  pr\u00e9fets,  \u00e0  \nl'organisation et l'action des services de l'\u00c9tat dans les r\u00e9gions et d\u00e9partements ;\nVu le d\u00e9cret du 15 mai 2025 portant nomination de monsieur Simon BABRE, pr\u00e9fet du Var ;\nVu l'arr\u00eat\u00e9  pr\u00e9fectoral  n\u00b0  2025/73/MCI  du  17  d\u00e9cembre  2025  accordant  d\u00e9l\u00e9gation  de  \nsignature \u00e0 madame Myriam GARCIA, sous-pr\u00e9f\u00e8te de l'arrondissement de Draguignan ;\nVu la d\u00e9claration en date du 25 novembre 2025 de la manifestation \u00ab Marathon international \ndu Golfe de Saint-Tropez \u00bb, organis\u00e9e par l'Association Azur Sport Organisation, pr\u00e9vue le 29 \nmars 2026 sur la commune de Sainte-Maxime ;\nVu l'accord de la commune de Sainte-Maxime (83), formalis\u00e9 lors de la r\u00e9union du 29 janvier  \n2026, tendant \u00e0 la participation des agents de la police municipale aux op\u00e9rations pr\u00e9vues  \nau pr\u00e9sent arr\u00eat\u00e9 ;\nCONSID\u00c9RANT qu'en application de l'article L. 226-1 du Code de la s\u00e9curit\u00e9 int\u00e9rieure, \u00ab afin \nd'assurer la s\u00e9curit\u00e9 d'un lieu ou d'un \u00e9v\u00e9nement expos\u00e9 \u00e0 un risque d'actes de terrorisme \u00e0  \nraison de la nature et de l'ampleur de sa fr\u00e9quentation, le repr\u00e9sentant de l'\u00c9tat dans le  \nd\u00e9partement est autoris\u00e9 \u00e0 instituer un p\u00e9rim\u00e8tre de protection au sein duquel l'acc\u00e8s et la  \ncirculation des personnes sont r\u00e9glement\u00e9s \u00bb ;\nCONSID\u00c9RANT la pr\u00e9gnance de la menace terroriste sur le territoire national et la n\u00e9cessit\u00e9  \nde mettre en \u0153uvre les postures Vigipirate d\u00e9cid\u00e9es par le gouvernement ;\nCONSID\u00c9RANT que le Var est un d\u00e9partement touristique \u00e0 forte fr\u00e9quentation et conna\u00eet  \nun afflux  important de population tout au long de l'ann\u00e9e ;\nCONSID\u00c9RANT que le 29 mars 2026  l'Association Azur Sport Organisation  organise une  \nmanifestation  sportive  sur  la  commune  de  Sainte-Maxime,  station  baln\u00e9aire;  que  cet  \n\u00e9v\u00e9nement devrait rassembler selon l'organisateur plus de 15  000 personnes ; qu'il constitue \nainsi un enjeu symbolique de premi\u00e8re importance ;\nCONSID\u00c9RANT que cette manifestation peut g\u00e9n\u00e9rer des circonstances particuli\u00e8res de  \nnature \u00e0 faire peser des menaces graves pour la s\u00e9curit\u00e9 publique et exposer les populations  \n\u00e0 un risque d'acte de terrorisme et qu'il convient, de fait, de prendre des mesures renforc\u00e9es \nde surveillance et de s\u00e9curit\u00e9 ;\n1\nSous-pr\u00e9fecture Draguignan - 83-2026-02-10-00009 - RAA P\u00e9rim\u00e9tre de protection de Ste Maxime V1 33\nCONSID\u00c9RANT d\u00e8s lors qu'il y a lieu d'instaurer un p\u00e9rim\u00e8tre de protection aux fins de  \npr\u00e9vention  d'un  acte  de  terrorisme ;  que  compte  tenu  de  la  topographie  des  lieux,  ce  \np\u00e9rim\u00e8tre doit englober la zone mat\u00e9rialis\u00e9e dans le plan pr\u00e9sent en annexe 1  ; que ce  \np\u00e9rim\u00e8tre doit \u00eatre instaur\u00e9 durant la journ\u00e9e du dimanche 29 mars 2026 en  raison des  \nimportants flux et rassemblements de personnes ;\nSUR PROPOSITION de madame la secr\u00e9taire g\u00e9n\u00e9rale de la sous-pr\u00e9fecture de Draguignan ;\nARR\u00caTE\nArticle 1  er     :   Il est instaur\u00e9 un p\u00e9rim\u00e8tre de protection sur la commune de Sainte-Maxime  \npour la manifestation \u00ab Marathon international du Golfe de Saint-Tropez  \u00bb, le dimanche 29  \nmars 2026.\nArticle 2     :   Ce p\u00e9rim\u00e8tre est d\u00e9limit\u00e9 selon le plan joint en annexe 1. Il sera mat\u00e9rialis\u00e9 sur site \npar des barri\u00e8res physiques et sera rendu impossible \u00e0 la circulation des v\u00e9hicules \u00e0 l'aide de  \ndispositifs pare-b\u00e9liers.\nArticle 3     :   Le p\u00e9rim\u00e8tre de protection sera arm\u00e9 et d\u00e9sarm\u00e9 sur ordre de l'officier de police  \njudiciaire,  territorialement  comp\u00e9tent.  Pendant  les  p\u00e9riodes  d'armement,  l'acc\u00e8s  et  la  \ncirculation des personnes et des v\u00e9hicules y sont r\u00e9glement\u00e9s.\nArticle 4     :   p our acc\u00e9der dans le p\u00e9rim\u00e8tre de la zone de s\u00e9curit\u00e9, il est cr\u00e9\u00e9 06 points de  \ncontr\u00f4les d'acc\u00e8s mat\u00e9rialis\u00e9s sur l'annexe 1 (tenus pour chaque point p ar des agents de  \ns\u00e9curit\u00e9 priv\u00e9 et / ou des policiers municipaux) et \u00e9nonc\u00e9s ci-dessous :\n\u2022 Rue Magali,\n\u2022 Rue Th\u00e9odore Botrel,\n\u2022 Avenue De Lattre de Tassigny,\n\u2022 Angle de l'avenue De Lattre de Tassigny et rue de la plage,\n\u2022 Avenue Charles De Gaulle (devant le Casino)\n\u2022 Promenade Aymeric Simon Lori\u00e8re (derri\u00e8re le Casino).\nArticle 5 : Les op\u00e9rations de v\u00e9rification sur les personnes et les v\u00e9hicules, d\u00e9taill\u00e9es ci-apr\u00e8s, \nsont  plac\u00e9es  sous  la  responsabilit\u00e9  d'un  officier  de  police  judiciaire,  territorialement  \ncomp\u00e9tent, tels que ceux  mentionn\u00e9s aux 2\u00b0 \u00e0 4\u00b0 de l'article 16 du Code de proc\u00e9dure  \np\u00e9nale.\nArticle 6     :   Les op\u00e9rations de v\u00e9rification sur les personnes et d\u00e9taill\u00e9es ci-apr\u00e8s, peuvent \u00eatre \nr\u00e9alis\u00e9es par des officiers de police judiciaire mentionn\u00e9s aux 2\u00b0 \u00e0 4\u00b0 de l'article 16 du Code  \nde  proc\u00e9dure  p\u00e9nale,  et,  sous  la  responsabilit\u00e9  de  ceux-ci,  par  des  agents  de  police  \njudiciaires mentionn\u00e9s \u00e0 l'article 20 du m\u00eame code, par des agents de police judiciaire  \nadjoints mentionn\u00e9s aux 1\u00b0, 1\u00b0 bis, 1\u00b0 ter de l'article 21 du m\u00eame code, par des agents de  \npolice municipale mentionn\u00e9s \u00e0 l'article L.511-1 du code de la s\u00e9curit\u00e9 int\u00e9rieure, ou par des  \nagents de s\u00e9curit\u00e9 priv\u00e9e exer\u00e7ant l'activit\u00e9 mentionn\u00e9e au 1\u00b0 de l'article L. 611 du m\u00eame  \ncode.\nArticle 7     :   Les op\u00e9rations de v\u00e9rification effectu\u00e9es sur les v\u00e9hicules et d\u00e9taill\u00e9es ci-apr\u00e8s, ne  \npeuvent \u00eatre accomplies que par des officiers de police judiciaire mentionn\u00e9s aux 2\u00b0 \u00e0 4\u00b0 de  \nl'article 16 du code de proc\u00e9dure p\u00e9nale, et, sous la responsabilit\u00e9 de ceux-ci, par des agents  \nde police judiciaires mentionn\u00e9s \u00e0 l'article 20 du m\u00eame code, par des agents de police  \njudiciaires adjoints mentionn\u00e9s aux 1\u00b0, 1\u00b0 bis, 1\u00b0 ter de l'article 21 du m\u00eame code.\nArticle 8     :   pr\u00e9alablement \u00e0 l'armement du p\u00e9rim\u00e8tre de protection indiqu\u00e9 \u00e0 l'article 3, la  \nzone situ\u00e9e \u00e0 l'int\u00e9rieur de l'enceinte cr\u00e9\u00e9e sera v\u00e9rifi\u00e9e selon les modalit\u00e9s d\u00e9taill\u00e9es ci-\napr\u00e8s.\nArticle  9     :   pour  toute  personne,  l'acc\u00e8s  au  p\u00e9rim\u00e8tre  de  protection  et  la  pr\u00e9sence  \u00e0  \nl'int\u00e9rieur  de  celui-ci  sont  conditionn\u00e9s  aux  mesures  de  contr\u00f4le  pr\u00e9alable  suivantes  : \nd\u00e9tection de m\u00e9taux,  palpations de s\u00e9curit\u00e9, inspections visuelles, fouilles de sacs et de  \nbagages.\nLa palpation de s\u00e9curit\u00e9 est effectu\u00e9e par une personne de m\u00eame sexe que celle qui en fait  \nl'objet.\n2\nSous-pr\u00e9fecture Draguignan - 83-2026-02-10-00009 - RAA P\u00e9rim\u00e9tre de protection de Ste Maxime V1 34\nArticle 10     :   \u00c0 l'int\u00e9rieur du p\u00e9rim\u00e8tre de protection, la circulation et le stationnement de  \nv\u00e9hicules sont interdits \u00e0 l'exception des v\u00e9hicules des forces de l'ordre et de secours dans le \ncadre des interventions urgentes.\nApr\u00e8s identification et v\u00e9rification, ces v\u00e9hicules sont autoris\u00e9s \u00e0 acc\u00e9der, \u00e0 circuler et \u00e0  \nstationner  dans  le  p\u00e9rim\u00e8tre  sur  ordre  de  l'officier  de  police  judiciaire,  territorialement \ncomp\u00e9tent.\nArticle 11     :   T outes les mesures de v\u00e9rification, d\u00e9taill\u00e9es ci-dessus, sont subordonn\u00e9es au  \nconsentement des personnes. En cas de refus de s'y soumettre, les personnes et/ou les  \nv\u00e9hicules ne sont pas admis \u00e0 y p\u00e9n\u00e9trer. Le cas \u00e9ch\u00e9ant, ils sont reconduits \u00e0 l'ext\u00e9rieur du  \np\u00e9rim\u00e8tre.\nCes derni\u00e8res op\u00e9rations sont effectu\u00e9es uniquement par un officier de police judiciaire  \nmentionn\u00e9 aux 2\u00b0 \u00e0 4\u00b0 de l'article 16 du code de proc\u00e9dure p\u00e9nale, ou sous la responsabilit\u00e9  \nde celui-ci, par un agent de police judiciaire mentionn\u00e9 \u00e0 l'article 20 ou par un agent de  \npolice judiciaire adjoint mentionn\u00e9 aux 1\u00b0, 1\u00b0 bis, 1\u00b0 ter de l'article 21 du m\u00eame code.\nArticle 12     :   Pour toutes les op\u00e9rations d\u00e9crites ci-dessus, l'absence d'objets interdits sera  \nv\u00e9rifi\u00e9.\nLes objets suivants sont proscrits \u00e0 l'int\u00e9rieur de ce p\u00e9rim\u00e8tre :\n\u2022 les articles pyrotechniques et p\u00e9tards,\n\u2022 les pointeurs laser,\n\u2022 les couteaux, cutter et tout objet tranchant,\n\u2022 les outils (marteau, pince, tournevis,...),\n\u2022 les objets non list\u00e9s qui pourraient \u00eatre utilis\u00e9s comme projectiles ou \u00eatre consid\u00e9r\u00e9s  \ncomme une arme par destination \u00e0 l'appr\u00e9ciation des forces de l'ordre.\nLa pr\u00e9sente disposition ne s'applique pas aux secours et aux forces de l'ordre employ\u00e9s sur le \np\u00e9rim\u00e8tre pour leurs missions respectives.\nLes fonctionnaires de la police nationale et les militaires de la gendarmerie nationale qui  \nsouhaitent acc\u00e9der au p\u00e9rim\u00e8tre de protection, en dehors de leurs heures de services, avec  \nleurs armes de service conform\u00e9ment aux r\u00e8gles en vigueur, devront \u00eatre contr\u00f4l\u00e9s par un  \nofficier de police judiciaire mentionn\u00e9 aux 2 \u00b0 \u00e0 4\u00b0 de l'article 16 du code de proc\u00e9dure  \np\u00e9nale, ou sous la responsabilit\u00e9 de celui-ci, par un agent de police judiciaire mentionn\u00e9 \u00e0  \nl'article 20 ou par un agent de police judiciaire adjoint mentionn\u00e9 aux 1\u00b0, 1\u00b0 bis, 1\u00b0 ter de  \nl'article 21 du m\u00eame code. L'acc\u00e8s \u00e0 l'enceinte sera possible uniquement apr\u00e8s identification \nconforme et \u00e0 la condition que le port de l'arme ne soit pas apparent.\nArticle 13     :   Des commerces et d\u00e9bits de boissons peuvent avoir une activit\u00e9 \u00e0 l'int\u00e9rieur du  \np\u00e9rim\u00e8tre  de  protection  institu\u00e9,  sous  r\u00e9serve  qu'ils  d\u00e9tiennent  les  autorisations  \nadministratives n\u00e9cessaires et qu'ils respectent les r\u00e8gles relatives aux objets interdits vis\u00e9es  \n\u00e0 l'article 12.\nArticle 14     :   Madame la  secr\u00e9taire g\u00e9n\u00e9rale de la sous-pr\u00e9fecture de Draguignan et monsieur  \nle commandant de compagnie de la gendarmerie nationale de Gassin / Saint-Tropez  sont \ncharg\u00e9s, chacun en ce qui le concerne, de l'ex\u00e9cution du pr\u00e9sent arr\u00eat\u00e9 qui sera publi\u00e9 au  \nrecueil des actes administratifs de la pr\u00e9fecture du Var.\nUn  exemplaire  sera  transmis,  sans  d\u00e9lai,  \u00e0  monsieur  le  procureur  de  la  R\u00e9publique,  a  \nmonsieur le maire de la commune de Sainte-Maxime et \u00e0 l'organisateur de l'\u00e9v\u00e8nement.\nDraguignan, le 10 f\u00e9vrier 2026\nPour le pr\u00e9fet et par d\u00e9l\u00e9gation,\nLa sous-pr\u00e9f\u00e8te de Draguignan,\n   sign\u00e9\n                      Myriam GARCIA\n3\nSous-pr\u00e9fecture Draguignan - 83-2026-02-10-00009 - RAA P\u00e9rim\u00e9tre de protection de Ste Maxime V1 35","date":"2026-03-05","first_seen_on":"2026-03-05T15:56:31+00:00","id":"399d7f4615ab9d7afc77c8269eaf2bda793cb8c7cf907bf95cebbb45b7b25130","name":"RAA N\u00b076 du 5 mars 2026","pdf_creation_date":"2026-03-05T15:27:06+00:00","pdf_modification_date":null,"timezone":"Europe/Paris","url":"https://www.var.gouv.fr/contenu/telechargement/45276/295292/file/RAA%20N%C2%B076%20du%205%20mars%202026.pdf"}
