{"administration":"pref69","administration_name":"Pr\u00e9fecture du Rh\u00f4ne","content":"PR\u00c9F\u00c8TE\nDU RH\u00d4NE\nRECUEIL DES ACTES\nADMINISTRATIFS SP\u00c9CIAL\nN\u00b069-2025-235\nPUBLI\u00c9 LE 17 SEPTEMBRE 2025\nSommaire\n69_Direction G\u00e9n\u00e9rale des Finances Publiques /\n69-2025-09-01-00036 - DELEGATION DE SIGNATURE AVEC AUTORISATION\nPOUR ORDONNANCEMENT SECONDAIRE EN SEPTEMBRE 2025 (4 pages) Page 3\n69_Pr\u00e9f_Pr\u00e9fecture du Rh\u00f4ne / Direction de la s\u00e9curit\u00e9 et de la\nprotection civile\n69-2025-09-15-00011 - AP autorisant l'enregistrement audiovisuel des\ninterventions des agents de police municipale du 15 septembre 2025\ncommune de Sainte-Foy-Les-Lyon (2 pages) Page 8\n69-2025-09-17-00001 - Metropole Lyon habilitation Formation premiers\nsecours 2025 (3 pages) Page 11\n69_Pr\u00e9f_Pr\u00e9fecture du Rh\u00f4ne / Pr\u00e9fet d\u00e9l\u00e9gu\u00e9 pour la\nd\u00e9fense et la s\u00e9curit\u00e9\n69-2025-09-16-00002 - ARR\u00caT\u00c9 PR\u00c9FECTORAL N\u00b0\n69-2025-09-16-00001\nportant interdiction de stationnement, de\ncirculation sur la voie publique et d'acc\u00e8s\nau stade Armand Chouffet\n\u00e0 Villefranche-sur-Sa\u00f4ne \u00e0 l'occasion du match de football\ndu 19\nseptembre 2025 opposant le Football Club de Villefranche Beaujolais\n(FCVB) au Football club de Sochaux-Montb\u00e9liard (FCSM) (4 pages) Page 15\n84_ARS_Agence R\u00e9gionale de Sant\u00e9 Auvergne-Rh\u00f4ne-Alpes /\n69-2025-09-16-00001 - arr\u00eat\u00e9 r\u00e9quisition pharmacies gardes 18 au 24\nseptembre 2025 (9 pages) Page 20\n2\n69_Direction G\u00e9n\u00e9rale des Finances Publiques\n69-2025-09-01-00036\nDELEGATION DE SIGNATURE AVEC\nAUTORISATION POUR ORDONNANCEMENT\nSECONDAIRE EN SEPTEMBRE 2025\n69_Direction G\u00e9n\u00e9rale des Finances Publiques - 69-2025-09-01-00036 - DELEGATION DE SIGNATURE AVEC AUTORISATION POUR\nORDONNANCEMENT SECONDAIRE EN SEPTEMBRE 2025 3\nREPUBLIQUE | De +751-SD\nFRAN\u00c7AISE . an: | _ FINANCES PUBLIQUESLibert\u00e9 \u2014\u00c9galit\u00e9Fraternit\u00e9\nDIRECTIONPUBLIQUESCENTRE-ESTDIRECTION SPECIALISEE DE CONTROLE FISCAL |53, Boulevard Vivier Merle .69422 LYON CEDEX 03 | ae CENTRE ESTT\u00e9l\u00e9phone : 04 8118 32 00 ; AM\u00e9l. : dircofi-centre-est@dgfip.finances.gouv.fr |\nG\u00c9N\u00c9RALE DES FINANCES|\nL'ADMINISTRATEUR DE L'ETAT DIRECTEUR DE LA DIRCOFI\nfs MONSIEUR LE DIRECTEUR REGIONAL DES FINANCES PUBLIQUES\nfrancoise-1.dubois@dgfip.finances.gouv.fr@ 04 81 18 31 60\nPOUR NOUS JOINDRE : DE LA REGION AUVERGNE RHONE ALPES ET DU DEPARTEMENT: = \u2014 = DU RHONEAffaire suivie par Fran\u00e7oise DUBOIS = 3 DIVISION DE LA DEPENSE\nd\u00e9l\u00e9guer ma signature.\nLyon, le 1/09/2025Objet : D\u00e9l\u00e9gation de signature - Ordonnancement secondaire actualisation au 01/09/2025Madame, Monsieur,\n_ Faisant suite au pr\u00e9c\u00e9dent courrier du 3/03/2025, 'auquel le pr\u00e9sent courrier se substitue\u00e0 compter du01/09/2025, je vous prie de trouver ci-dessous la liste actualis\u00e9e des agents auxquels je souhaite4 5En mati\u00e8re de gestion des frais de d\u00e9placement (application FDD), je subd\u00e9l\u00e8gue ma signature, \u00e0compter du 01/09/2025, aux collaborateurs dont les noms suivent :- Fran\u00e7oise DUBOIS, AFIPA, en charge de la division des ressources.- J\u00e9r\u00f4me FRELING, inspecteur au service des ressources humaines;- Val\u00e9rie RAVEL, inspectrice au service des ressources humaines;- Ouafa SLIM, contr\u00f4leuse des Finances publiques au service des ressources humaines ;- Marjorie DARGAUD, contr\u00f4leuse des Finances publiques au service des ressources humaines ;- Cl\u00e9mentine AKYOL, agent administratif au service des ressources humaines;Ces collaborateurs sont donc autoris\u00e9s \u00e0 valider les frais dans |' application FDD et, \u00e0 les transmettrepar cette m\u00eame application au CGF pour mise en paiement. ,Pour toutes les d\u00e9penses cet CHORUS), j'ai l'honneur de vous faire conna\u00eetre que jesubd\u00e9l\u00e8gue ma signature, \u00e0 compter du 01/09/2025, aux collaborateurs dont les noms suivent :'- Thomas DOUCET, Administrateur d'\u00c9tat ;- Fran\u00e7ois HUPPERT, Administrateur d'\u00c9tat ; |- Fran\u00e7oise DUBOIS, AFIPA, en charge de la division des ressources;- J\u00e9r\u00f4me FRELING, inspecteur au service des ressources humaines ;- Val\u00e9rie RAVEL, inspectrice au service des ressources humaines;- Quafa SLIM, contr\u00f4leuse des Finances publiques au service des ressources humaines :- C\u00e9line PERRIN, inspectrice au service du budget immobilier et logistique ;- R\u00e9gine ETHEVE, inspectrice au service du budget immobilier et logistique;- Fr\u00e9d\u00e9ric JOUBERT, agent administratif au service budget immobilier et logistique;- Thomas REY, agent administratif au service budget immobilier et logistique.- Cynthia CHAVANNE, agent administratif au service budget immobilier et logistique\nae:\n69_Direction G\u00e9n\u00e9rale des Finances Publiques - 69-2025-09-01-00036 - DELEGATION DE SIGNATURE AVEC AUTORISATION POUR\nORDONNANCEMENT SECONDAIRE EN SEPTEMBRE 2025 4\nREPUBLIQUE |FRAN\u00c7AISE | FINANCES PUBLIQUES \u2014Libert\u00e9 | .Egalit\u00e9Fraternit\u00e9\nSPECIMEN DE SIGNATURES :~REMI VAN LEDE\nHUPPERT FRANCOIS\nDOUCET THOMAS\nDUBOIS FRANCOISE\nETHEVE REGINE\nPERRIN CELINE\nREY THOMAS\n69_Direction G\u00e9n\u00e9rale des Finances Publiques - 69-2025-09-01-00036 - DELEGATION DE SIGNATURE AVEC AUTORISATION POUR\nORDONNANCEMENT SECONDAIRE EN SEPTEMBRE 2025 5\nEuREPUBLIQUEFRAN\u00c7AISELibert\u00e9Egalit\u00e9Fraternit\u00e9\n+FINANCES PUBLIQUES\nJOUBERT FREDERIC\nFRELING JEROME\nDARGAUD MARJORIE\nAKYOL CLEMENTINE\nRAVEL VALERIE\nCHAVANNC Gti\n/\n69_Direction G\u00e9n\u00e9rale des Finances Publiques - 69-2025-09-01-00036 - DELEGATION DE SIGNATURE AVEC AUTORISATION POUR\nORDONNANCEMENT SECONDAIRE EN SEPTEMBRE 2025 6\n69_Direction G\u00e9n\u00e9rale des Finances Publiques - 69-2025-09-01-00036 - DELEGATION DE SIGNATURE AVEC AUTORISATION POUR\nORDONNANCEMENT SECONDAIRE EN SEPTEMBRE 2025 7\n69_Pr\u00e9f_Pr\u00e9fecture du Rh\u00f4ne\n69-2025-09-15-00011\nAP autorisant l'enregistrement audiovisuel des\ninterventions des agents de police municipale du\n15 septembre 2025 commune de\nSainte-Foy-Les-Lyon\n69_Pr\u00e9f_Pr\u00e9fecture du Rh\u00f4ne - 69-2025-09-15-00011 - AP autorisant l'enregistrement audiovisuel des interventions des agents de police\nmunicipale du 15 septembre 2025 commune de Sainte-Foy-Les-Lyon 8\nE -PR\u00c9F\u00c8TEDU RH\u00d4NELibert\u00e9Egalit\u00e9Fraternit\u00e9\nPr\u00e9fectureDirection de la s\u00e9curit\u00e9 et de la protection civileBureau des polices administratives\nARR\u00caT\u00c9 n\u00b0 du 15 septembre 2025AUTORISANT L'ENREGISTREMENT AUDIOVISUELDES INTERVENTIONS DES AGENTS DE POLICE MUNICIPALEla pr\u00e9f\u00e8te du Rh\u00f4neCommandeur de la L\u00e9gion d'honneurCommandeur de l'ordre national du M\u00e9rite\nVU le code de s\u00e9curit\u00e9 int\u00e9rieure, notamment ses articles L. 241-1 et suivants ;VU la loi n\u00b078-17 du 6 janvier 1978 modifi\u00e9e relative \u00e0 l'informatique, aux fichiers et aux libert\u00e9s, notamment sesarticles 26 et 41 ;VU l'article 14 de la loi responsabilit\u00e9 p\u00e9nale et s\u00e9curit\u00e9 int\u00e9rieure du 24 janvier 2022VU le d\u00e9cret n\u00b0 2019-140 du 27 f\u00e9vrier 2019 portant application de l'article L. 241-2 du code de la s\u00e9curit\u00e9int\u00e9rieure et relatif \u00e0 la mise en \u0153uvre de traitements de donn\u00e9es \u00e0 caract\u00e8re personnel provenant des cam\u00e9rasindividuelles des agents de la police municipale ;VU le d\u00e9cret 2022-1395 du 2 novembre 2022 modifiant les dispositions du code de la s\u00e9curit\u00e9 int\u00e9rieure relativesaux traitements de donn\u00e9es \u00e0 caract\u00e8re personnel provenant des cam\u00e9ras individuelles des agents de policemunicipale ;VU le d\u00e9cret en Conseil des Ministres du 11 janvier 2023 portant nomination de Madame Fabienne BUCCIO,pr\u00e9f\u00e8te de la r\u00e9gion Auvergne-Rh\u00f4ne-Alpes, pr\u00e9f\u00e8te de la zone de d\u00e9fense et de s\u00e9curit\u00e9 Sud-Est, pr\u00e9f\u00e8te du Rh\u00f4ne(hors classe) ;VU le d\u00e9cret du 6 novembre 2024 portant nomination de Monsieur Antoine GUERIN, pr\u00e9fet d\u00e9l\u00e9gu\u00e9 pour lad\u00e9fense et la s\u00e9curit\u00e9 aupr\u00e8s de la pr\u00e9f\u00e8te de la r\u00e9gion Auvergne-Rh\u00f4ne-Alpes, pr\u00e9f\u00e8te de la zone de d\u00e9fense et des\u00e9curit\u00e9 Sud-Est, pr\u00e9f\u00e8te du Rh\u00f4ne ;VU l'arr\u00eat\u00e9 pr\u00e9fectoral n\u00b069-2025-05-23-00010 du 23 mai 2025 portant d\u00e9l\u00e9gation de signature \u00e0 MonsieurAntoine GUERIN, pr\u00e9fet d\u00e9l\u00e9gu\u00e9 pour la d\u00e9fense et la s\u00e9curit\u00e9 aupr\u00e8s de la pr\u00e9f\u00e8te de la r\u00e9gion Auvergne-Rh\u00f4ne-Alpes, pr\u00e9f\u00e8te de la zone de d\u00e9fense et de s\u00e9curit\u00e9 Sud-Est, pr\u00e9f\u00e8te du Rh\u00f4ne ;VU la demande adress\u00e9e par le Maire de la commune de SAINTE-FOY-LES-LYON en vue d'obtenirl'autorisation de proc\u00e9der \u00e0 l'enregistrement audiovisuel des interventions des agents de police municipale de sacommune;\nVU la convention de coordination de la police municipale de SAINTE-FOY-LES-LYON et des forces de s\u00e9curit\u00e9de l'\u00c9tat du Rh\u00f4ne, valable trois ans \u00e0 compter du 4 juillet 2025 ;\nPr\u00e9fecture du Rh\u00f4ne \u2014 69419 Lyon cedex 03 - 04 72 61 61 61 - wwwrhone.gouv.fr 1/2\n69_Pr\u00e9f_Pr\u00e9fecture du Rh\u00f4ne - 69-2025-09-15-00011 - AP autorisant l'enregistrement audiovisuel des interventions des agents de police\nmunicipale du 15 septembre 2025 commune de Sainte-Foy-Les-Lyon 9\nConsid\u00e9rant que la demande transmise par le Maire de la commune de SAINTE-FOY-LES-LYON est compl\u00e8te etconforme aux exigences du d\u00e9cret du 27 f\u00e9vrier 2019 susvis\u00e9 ;\nSUR proposition de Monsieur le Directeur de la s\u00e9curit\u00e9 et de la protection civile,\nARRETE\nArticle ler : l'enregistrement audiovisuel des interventions des agents de police municipale de la commune deSAINTE-FOY-LES-LYON est autoris\u00e9 au moyen de 7 cam\u00e9ras individuelles.Le support informatique s\u00e9curis\u00e9 sur lequel sont transf\u00e9r\u00e9es les donn\u00e9es enregistr\u00e9es par les cam\u00e9ras individuelles estinstall\u00e9 dans la commune de SAINTE-FOY-LES-LYON.\nArticle 2 : le public doit \u00eatre inform\u00e9 de l'\u00e9quipement des agents de police municipale de la commune de SAINTE-FOY-LES-LYON en cam\u00e9ras individuelles et des mcdalit\u00e9s d'acc\u00e8s aux images.\nArticle 3 : Les enregistrements sont conserv\u00e9s pendant une dur\u00e9e d'un mois. A l'issue de ce d\u00e9lai, ils sont d\u00e9truits.\nArticle 4 : L'enregistrement audiovisuel des interventions des agents de police municipale autoris\u00e9 par le pr\u00e9sentarr\u00eat\u00e9 ne peut \u00eatre mis en \u0153uvre qu'apr\u00e9s r\u00e9ception du r\u00e9c\u00e9piss\u00e9 de la Commission nationale informatique et libert\u00e9s.\nArticle 5 : La pr\u00e9sente autorisation est publi\u00e9e au recueil des actes administratifs. Elle peut faire l'objet d'un recoursdevant le tribunal administratif de Lyon dans un d\u00e9lai de deux mois \u00e0 compter de sa publication, notamment via le sitewww.telerecours.fr .\nArticle 6 : Toute modification portant sur le nombre de cam\u00e9ras individuelles ou sur la commune d'installation dusupport informatique s\u00e9curis\u00e9 doit faire l'objet d'une demande d'autorisation aupr\u00e8s des services de la pr\u00e9fecture duRh\u00f4ne.\nArticle 7 : Le Directeur de la s\u00e9curit\u00e9 et de la protection civile et le Maire de la commune de SAINTE-FOY-LES-LYON sont charg\u00e9s, chacun en ce qui le concerne, de l'ex\u00e9cution du pr\u00e9sent arr\u00eat\u00e9.DIU - 4 ANT LOS se nant |ee rain EE at /\u2014#\npour la Pr\u00e9f\u00e8te e par d\u00e9l\u00e9gation,le Directeur de la S\u00e9curi JE la Protection CivileAl}.\nSi vous entendez contester le pr\u00e9sent arr\u00e9t\u00e9, vous pouvez utiliser les voies de recours suivantes :- un recours gracieux motiv\u00e9 peut \u00eatre adress\u00e9 aupr\u00e8s de mes services dans un d\u00e9lai de deux mois \u00e0 compter de la notification du pr\u00e9sent arr\u00eat\u00e9,- un recours hi\u00e9rarchique peut \u00eatre introduit aupr\u00e8s de M. le Ministre de l'Int\u00e9rieur, Direction des libert\u00e9s publiques et Affaires juridiques, Bureau des polices Administratives,En l'absence de r\u00e9ponse dans un d\u00e9lai de deux mois \u00e0 compter de la r\u00e9ception de votre recours, celui-ci doit \u00eatre consid\u00e9r\u00e9 comme implicitement rejet\u00e9.- un recours contentieux : aupr\u00e8s du Tribunal Administratif de Lyon dans un d\u00e9lai de deux mois \u00e0 compter de la notification du pr\u00e9sent arr\u00eat\u00e9 ou \u00e0 partir de la d\u00e9cisionImplicite ou explicite de rejet du recours gracieux ou hi\u00e9rarchique. Le tribunal administratif peut \u00eatre saisi d'une requ\u00eate d\u00e9pos\u00e9e sur le site www.telerecours.fr 2/2\n69_Pr\u00e9f_Pr\u00e9fecture du Rh\u00f4ne - 69-2025-09-15-00011 - AP autorisant l'enregistrement audiovisuel des interventions des agents de police\nmunicipale du 15 septembre 2025 commune de Sainte-Foy-Les-Lyon 10\n69_Pr\u00e9f_Pr\u00e9fecture du Rh\u00f4ne\n69-2025-09-17-00001\nMetropole Lyon habilitation Formation premiers\nsecours 2025\n69_Pr\u00e9f_Pr\u00e9fecture du Rh\u00f4ne - 69-2025-09-17-00001 - Metropole Lyon habilitation Formation premiers secours 2025 11\neaPREFETEDU RHONELibert\u00e9Egalit\u00e9Fraternit\u00e9\nDirection de la S\u00e9curit\u00e9 et\nde la Protection civile\nService interminist\u00e9riel\nde d\u00e9fense et de protection civiles\nARR\u00caT\u00c9 N\u00b0\nportant habilitation de la M\u00e9tropole de LYON\npour les formations aux premiers secours\nLa Pr\u00e9f\u00e8te de la Zone de d\u00e9fense et de s\u00e9curit\u00e9 sud-est, \nPr\u00e9f\u00e8te de la R\u00e9gion Auvergne-Rh\u00f4ne-Alpes,\nPr\u00e9f\u00e8te du Rh\u00f4ne,\nCommandeur de la L\u00e9gion d'honneur\nCommandeur de l'ordre national du m\u00e9rite\nVu le code de la s\u00e9curit\u00e9 int\u00e9rieure notamment ses articles L. 726-1, L.726-2, et R.726-3, 2\u00b0 et suivants ;\nVu l'arr\u00eat\u00e9 du 15 juin 2024 relatif \u00e0 la fili\u00e8re citoyenne de s\u00e9curit\u00e9 civile dans le domaine de la formation aux  \npremiers secours ;\nVu l'arr\u00eat\u00e9 du 15 juin 2024 relatif \u00e0 la fili\u00e8re p\u00e9dagogique de s\u00e9curit\u00e9 civile ;\nVu l'arr\u00eat\u00e9 du 17 juin 2024 relatif \u00e0 l'habilitation pour la formation aux premiers secours ;\nVu le d\u00e9cret du 11 janvier 2023 portant nomination de la pr\u00e9f\u00e8te de la r\u00e9gion Auvergne-Rh\u00f4ne-Alpes, pr\u00e9f\u00e8te de \nla zone de d\u00e9fense et de s\u00e9curit\u00e9 Sud-Est, pr\u00e9f\u00e8te du Rh\u00f4ne - Mme BUCCIO ;\nVu le d\u00e9cret du 6 novembre 2024 portant nomination de Monsieur Antoine GU\u00c9RIN, pr\u00e9fet d\u00e9l\u00e9gu\u00e9 pour la  \nd\u00e9fense et la s\u00e9curit\u00e9 aupr\u00e8s de la pr\u00e9f\u00e8te de la r\u00e9gion Auvergne-Rh\u00f4ne-Alpes, pr\u00e9f\u00e8te de la zone de d\u00e9fense et \nde s\u00e9curit\u00e9 Sud-Est, pr\u00e9f\u00e8te du Rh\u00f4ne ;\nVu l'arr\u00eat\u00e9 pr\u00e9fectoral n\u00b069-2024-11-15-00001 du 15 novembre 2024 portant d\u00e9l\u00e9gation de signature \u00e0 Monsieur \nAntoine GU\u00c9RIN, pr\u00e9fet d\u00e9l\u00e9gu\u00e9 pour la d\u00e9fense et la s\u00e9curit\u00e9 aupr\u00e8s de la pr\u00e9f\u00e8te de la r\u00e9gion Auvergne-\nRh\u00f4ne-Alpes, pr\u00e9f\u00e8te de la zone de d\u00e9fense et de s\u00e9curit\u00e9 Sud-Est, pr\u00e9f\u00e8te du Rh\u00f4ne ;\nVu  la  demande  de  renouvellement  de  l'habilitation  d\u00e9partementale  d e  la  M\u00e9tropole  de  Lyon,  pour  les \nformations aux premiers secours ; \nVu l'avis de la direction g\u00e9n\u00e9rale de la s\u00e9curit\u00e9 civile et de la gestion des crises sur les r\u00e9f\u00e9rentiels internes de  \nformation et de certification pr\u00e9sent\u00e9s ;\nSur proposition du Directeur de la S\u00e9curit\u00e9 et de la Protection Civile ;\nARRETE\nArticle 1 :\nLa  M\u00e9tropole  de  Lyon  est  habilit\u00e9  pour  les  formations  initiales  et  continues  des  unit\u00e9s  d'enseignements \nsuivantes :\n- Sensibilisation aux gestes qui sauvent (GQS),\n- Premiers secours citoyen (PSC),\nPr\u00e9fecture du Rh\u00f4ne \u2013 adresse postale : 69419 Lyon cedex 03 \u2013 adresse d'accueil : 18, rue de Bonnel 69003 Lyon \u2013 t\u00e9l. : 04.72.61.61.61 - www.rhone.gouv.fr\n69_Pr\u00e9f_Pr\u00e9fecture du Rh\u00f4ne - 69-2025-09-17-00001 - Metropole Lyon habilitation Formation premiers secours 2025 12\nArticle 2 :\nLes formations mentionn\u00e9es \u00e0 l'article 1er seront dispens\u00e9es suivant les r\u00e9f\u00e9rentiels internes de formation et de \ncertification enregistr\u00e9s aupr\u00e8s de la direction g\u00e9n\u00e9rale de la s\u00e9curit\u00e9 civile et de la gestion des crises et  \nr\u00e9f\u00e9renc\u00e9es en annexe 1 du pr\u00e9sent arr\u00eat\u00e9.\nArticle 3 :\nLes formations pourront \u00eatre dispens\u00e9es uniquement au sein du d\u00e9partement du Rh\u00f4ne.\nArticle 4 :\nLe public cible des formations mentionn\u00e9es \u00e0 l'article 1er est pr\u00e9cis\u00e9 en annexe 1 du pr\u00e9sent arr\u00eat\u00e9.\nArticle 5 :\nLa pr\u00e9sente habilitation ne peut \u00eatre ni c\u00e9d\u00e9e ni d\u00e9l\u00e9gu\u00e9e et seul l'organisme habilit\u00e9 peut dispenser les  \nformations mentionn\u00e9es \u00e0 l'article 1er du pr\u00e9sent arr\u00eat\u00e9.\nArticle 6 :\nToute modification du dossier ayant servi \u00e0 la demande d'habilitation, notamment la composition de l'\u00e9quipe  \np\u00e9dagogique ou la liste d'aptitude p\u00e9dagogique, doit \u00eatre communiqu\u00e9e sans d\u00e9lai \u00e0 la connaissance du  \nPr\u00e9fet.\nArticle 7 :\nLe Pr\u00e9fet du d\u00e9partement est comp\u00e9tent pour contr\u00f4ler, en application de l'article L.751-3 du code de la  \ns\u00e9curit\u00e9 int\u00e9rieure, les organismes habilit\u00e9s au titre de l'article R.726-3 du m\u00eame code.\nArticle 8 :\nSans pr\u00e9judice des articles L.242-1 \u00e0 L.242-4 du code des relations entre le public et l'administration, lorsque  \nl'organisme  ne  se  conforme  pas  \u00e0  ses  obligations  ou  ne  remplit  plus  les  conditions  qui  ont  permis  son  \nhabilitation, ou s'il est constat\u00e9 des fautes graves ou r\u00e9p\u00e9t\u00e9es dans la mise en \u0153uvre de l'habilitation, le Pr\u00e9fet  \npeut appliquer les dispositions pr\u00e9vues \u00e0 l'article R.726-15 du Code de la s\u00e9curit\u00e9 int\u00e9rieure.\nArticle 9 :\nLa pr\u00e9sente habilitation est d\u00e9livr\u00e9e pour une dur\u00e9e de trois ans \u00e0 compter du lendemain de la date de  \nsignature du pr\u00e9sent arr\u00eat\u00e9.\nArticle 10 :\nLa demande de renouvellement doit parvenir au Pr\u00e9fet au moins six mois avant l'\u00e9ch\u00e9ance de la pr\u00e9sente  \nhabilitation.\nArticle 11 :\nLe pr\u00e9fet d\u00e9l\u00e9gu\u00e9 pour la d\u00e9fense et la s\u00e9curit\u00e9 est charg\u00e9 de l'ex\u00e9cution du pr\u00e9sent arr\u00eat\u00e9 qui sera notifi\u00e9 \u00e0 la \nM\u00e9tropole de Lyon et publi\u00e9 au recueil des actes administratifs des services du Rh\u00f4ne\n Fait \u00e0 Lyon, le 17 septembre 2025\nPour la Pr\u00e9f\u00e8te,\nSign\u00e9 : le Pr\u00e9fet d\u00e9l\u00e9gu\u00e9 pour la d\u00e9fense \net la s\u00e9curit\u00e9\nAntoine GU\u00c9RIN\n69_Pr\u00e9f_Pr\u00e9fecture du Rh\u00f4ne - 69-2025-09-17-00001 - Metropole Lyon habilitation Formation premiers secours 2025 13\nAnnexe 1\nListe des r\u00e9f\u00e9rentiels internes de formation et de certification enregistr\u00e9s aupr\u00e8s  \nde la direction g\u00e9n\u00e9rale de la s\u00e9curit\u00e9 civile et de la gestion des crises et devant  \n\u00eatre utilis\u00e9s pour dispenser les formations mentionn\u00e9es \u00e0 l'article 1 er du pr\u00e9sent  \narr\u00eat\u00e9. \nUnit\u00e9 \nd'enseignement \ndispens\u00e9e\nNum\u00e9ro \nd'enregistrement du \nr\u00e9f\u00e9rentiel \u00e0 la \nDGSCGC\nPublic cible Observations\nGQS N\u00e9ant Tous publics\nN\u00e9ant\nPSC OD69-PSC-144-28 Agents du service public\n---\nApr\u00e8s  consultation  de  la  DGSCGC,  le  code  orga  \u00ab \u00a0LYON\u00a0\u00bb  sera  utilis\u00e9  pour  \nl'identification des attestations et certificats de comp\u00e9tences.\n69_Pr\u00e9f_Pr\u00e9fecture du Rh\u00f4ne - 69-2025-09-17-00001 - Metropole Lyon habilitation Formation premiers secours 2025 14\n69_Pr\u00e9f_Pr\u00e9fecture du Rh\u00f4ne\n69-2025-09-16-00002\nARR\u00caT\u00c9 PR\u00c9FECTORAL N\u00b0 69-2025-09-16-00001\nportant interdiction de stationnement, de\ncirculation sur la voie publique et d'acc\u00e8s\nau stade Armand Chouffet \u00e0\nVillefranche-sur-Sa\u00f4ne \u00e0 l'occasion du match de\nfootball\ndu 19 septembre 2025 opposant le Football Club\nde Villefranche Beaujolais (FCVB) au Football club\nde Sochaux-Montb\u00e9liard (FCSM)\n69_Pr\u00e9f_Pr\u00e9fecture du Rh\u00f4ne - 69-2025-09-16-00002 - ARR\u00caT\u00c9 PR\u00c9FECTORAL N\u00b0 69-2025-09-16-00001\nportant interdiction de stationnement, de circulation sur la voie publique et d'acc\u00e8s\nau stade Armand Chouffet \u00e0 Villefranche-sur-Sa\u00f4ne \u00e0 l'occasion du match de football\ndu 19 septembre 2025 opposant le Football Club de Villefranche Beaujolais (FCVB) au Football club de Sochaux-Montb\u00e9liard (FCSM)\n15\nPREFETEDU RHONELibert\u00e9Egalit\u00e9Fraternit\u00e9\nBureau de l'ordre public\nCabinet du pr\u00e9fet d\u00e9l\u00e9gu\u00e9\npour la d\u00e9fense et la s\u00e9curit\u00e9\nARR\u00caT\u00c9 PR\u00c9FECTORAL N\u00b0 69-2025-09-16-00001\nportant interdiction de stationnement, de circulation sur la voie publique et d'acc\u00e8s\nau stade Armand Chouffet \u00e0 Villefranche-sur-Sa\u00f4ne \u00e0 l'occasion du match de football\ndu 19 septembre 2025 opposant le Football Club de Villefranche Beaujolais (FCVB) au \nFootball club de Sochaux-Montb\u00e9liard (FCSM)\nLa Pr\u00e9f\u00e8te du Rh\u00f4ne\nCommandeur de la L\u00e9gion d'honneur,\nCommandeur de l'ordre national du M\u00e9rite\nVu le code p\u00e9nal ;\nVu le code du sport, en particulier les articles L.332-1 \u00e0 L.332-18 relatifs aux manifestations  \nsportives, ainsi que les articles R.332-1 \u00e0 R.332-9 relatifs \u00e0 l'interdiction de p\u00e9n\u00e9trer ou de se  \nrendre aux abords d'une enceinte o\u00f9 se d\u00e9roule une manifestation sportive ;\nVu l'article L.2214-4 du code g\u00e9n\u00e9ral des collectivit\u00e9s territoriales ;\nVu la loi du 2 mars 2010 renfor\u00e7ant la lutte contre les violences de groupes et la protection  \ndes personnes charg\u00e9es d'une mission de service public ;\nVu le  d\u00e9cret  N\u00b0  2004-374  du  29  avril  2004  modifi\u00e9  relatif  aux  pouvoirs  des  pr\u00e9fets,  \u00e0 \nl'organisation et \u00e0 l'action des services de l'\u00c9tat dans les r\u00e9gions et d\u00e9partements ;\nVu le d\u00e9cret en Conseil des Ministres du 11 janvier 2023 portant nomination de Madame  \nFabienne BUCCIO, pr\u00e9f\u00e8te de la r\u00e9gion Auvergne-Rh\u00f4ne-Alpes, pr\u00e9f\u00e8te de la zone de d\u00e9fense  \net de s\u00e9curit\u00e9 Sud-Est, pr\u00e9f\u00e8te du Rh\u00f4ne (hors classe) ;\nVu l'arr\u00eat\u00e9 du 28 ao\u00fbt 2007 portant cr\u00e9ation d'un traitement automatis\u00e9 de donn\u00e9es \u00e0  \ncaract\u00e8re personnel relatif aux personnes interdites de stade.\nConsid\u00e9rant qu'en vertu de l'article L.332-16-2 du code du sport, le repr\u00e9sentant de l'\u00c9tat  \ndans le d\u00e9partement peut, par arr\u00eat\u00e9, restreindre la libert\u00e9 d'aller et de venir des personnes  \nse pr\u00e9valant de la qualit\u00e9 de supporter d'une \u00e9quipe ou se comportant comme tel sur les  \nlieux d'une manifestation sportive et dont la pr\u00e9sence est susceptible d'occasionner des  \ntroubles graves pour l'ordre public ;\nConsid\u00e9rant que  dans  le  cadre  de  le  7\u1d49 journ\u00e9e  du  Championnat  National  de  Football, \nl'\u00e9quipe du Football Club de Villefranche Beaujolais (FCVB) rencontrera celle du Football club  \nde  Sochaux-Montb\u00e9liard  (FCSM)  au  stade  Armand  Chouffet  \u00e0  Villefranche-sur-Sa\u00f4ne  le \nvendredi 19 septembre \u00e0 19h30 ;\nSous-pr\u00e9fecture de Villefranche-sur-Sa\u00f4ne\n36, rue de la R\u00e9publique - B.P. 462\n69658 Villefranche-sur-Sa\u00f4ne Cedex\nTel     : 04-72-61-60-60   \n \n69_Pr\u00e9f_Pr\u00e9fecture du Rh\u00f4ne - 69-2025-09-16-00002 - ARR\u00caT\u00c9 PR\u00c9FECTORAL N\u00b0 69-2025-09-16-00001\nportant interdiction de stationnement, de circulation sur la voie publique et d'acc\u00e8s\nau stade Armand Chouffet \u00e0 Villefranche-sur-Sa\u00f4ne \u00e0 l'occasion du match de football\ndu 19 septembre 2025 opposant le Football Club de Villefranche Beaujolais (FCVB) au Football club de Sochaux-Montb\u00e9liard (FCSM)\n16\nConsid\u00e9rant que sportivement, cette rencontre rev\u00eat un enjeu sportif important pour les  \ndeux clubs ; que le club de FCSM occupe la t\u00eate du championnat de Nationale 1 \u00e0 l'issue de la  \n6e journ\u00e9e ;\nConsid\u00e9rant la pr\u00e9sence attendue au stade Armand Chouffet d'au moins une cinquantaine  \nde supporters \u00ab ultras \u00bb du FCSM ;\nConsid\u00e9rant la cr\u00e9ation d'un groupe d'ultras supporters du FCVB depuis l'automne 2023 et  \nleur souhait d'adopter le comportement du support\u00e9risme \u00ab ultra \u00bb ;\nConsid\u00e9rant la pr\u00e9sence d'ultras lyonnais \u00e0 chaque rencontre dans la tribune des supporters  \nlocaux et pouvant saisir la moindre opportunit\u00e9 pour marquer et d\u00e9fendre leur territoire de  \nmani\u00e8re belliqueuse ;\nConsid\u00e9rant que dans le cadre du Championnat National de Football, les \u00e9quipes du FCVB et  \ndu FCSM se sont rencontr\u00e9es le 30 mars 2024  ; que lors de cette rencontre, la police a rep\u00e9r\u00e9  \nplusieurs  individus  affili\u00e9s  aux  ultras  lyonnais  avec  des  intentions  hostiles  envers  les \nsupporters du FCSM  ; que l'identification par les forces de l'ordre a permis l'abandon de  \ntoute action belliqueuse ; \nConsid\u00e9rant que le 30 mars 2024 lors de la rencontre contre le FC Sochaux-Montb\u00e9liard \u00e0  \nVillefranche-sur-Sa\u00f4ne,  le  bus  de  supporters  adverses  a  \u00e9t\u00e9  pris  \u00e0  partie  provoquant  un \naffrontement entre les deux clans ce qui a contraint les fonctionnaires de la police nationale  \npr\u00e9sents \u00e0 intervenir ;\nConsid\u00e9rant que le 6 d\u00e9cembre 2024 lors de la r\u00e9ception du FC Dijon de nouveaux incidents  \nse sont produits (bagarre, jets de projectiles et insultes racistes) et qu'il a \u00e9t\u00e9 n\u00e9cessaire de  \nfaire intervenir une nouvelle fois des fonctionnaires de la police nationale pour s'interposer  \nentre les groupes d'ultras, les agents de s\u00e9curit\u00e9 priv\u00e9e \u00e9tant d\u00e9pass\u00e9s par l'importance des  \nincidents ; qu'\u00e0 cette occasion d'importantes d\u00e9gradations de l'infrastructure (grillages de la  \ntribune visiteurs) ainsi que l'utilisation d'engins pyrotechniques ont \u00e9t\u00e9 observ\u00e9es ;\nConsid\u00e9rant les d\u00e9bordements observ\u00e9s au cours de la saison 2024-2025 par le fait des  \nsupporters du FCSM lors de rencontres sur terrain adverse  ; que notamment \u00e0 Nancy le 14  \nf\u00e9vrier 2025, des d\u00e9bordements entre les supporters des deux clubs se sont produits causant  \ndes d\u00e9gradations aux installations du stade et la blessure d'un agent de s\u00e9curit\u00e9 priv\u00e9 ;\nConsid\u00e9rant la  condamnation  de  cinq  supporters  ultras  sochaliens,  tous  membres  de  la \nTribune Nord Sochaux (TNS), le 27 mai 2025 par le tribunal judiciaire de Montb\u00e9liard, \u00e0 la  \nsuite de heurts avec les forces de l'ordre dans la soir\u00e9e du 14 f\u00e9vrier 2025 apr\u00e8s un match  \ncontre l'AS Nancy Lorraine  ; que les cinq pr\u00e9venus ont \u00e9t\u00e9 condamn\u00e9s \u00e0 un an d'interdiction  \nde para\u00eetre au stade Bonal, ainsi qu'\u00e0 des peines de prison avec sursis allant de 6 \u00e0 16 mois ;\nConsid\u00e9rant l'arrestation le 12 septembre 2025 aux abords du stade Bonnal, de plusieurs  \nsupporters du FCSM qui projetaient de caillasser des minibus de supporters caennais  ; que les \nmis en cause seront jug\u00e9s en d\u00e9cembre 2025 ;\nConsid\u00e9rant que la facilit\u00e9 d'acc\u00e8s \u00e0 Villefranche-sur-Sa\u00f4ne et les renseignements port\u00e9s \u00e0 la  \nconnaissance des services laissent \u00e0 penser que certains supporters sochaliens pourraient se  \nrendre au stade par leurs propres moyens et ainsi \u00eatre plac\u00e9s sans encadrement en dehors de  \nla tribune visiteurs ;\n69_Pr\u00e9f_Pr\u00e9fecture du Rh\u00f4ne - 69-2025-09-16-00002 - ARR\u00caT\u00c9 PR\u00c9FECTORAL N\u00b0 69-2025-09-16-00001\nportant interdiction de stationnement, de circulation sur la voie publique et d'acc\u00e8s\nau stade Armand Chouffet \u00e0 Villefranche-sur-Sa\u00f4ne \u00e0 l'occasion du match de football\ndu 19 septembre 2025 opposant le Football Club de Villefranche Beaujolais (FCVB) au Football club de Sochaux-Montb\u00e9liard (FCSM)\n17\nConsid\u00e9rant que le risque de troubles graves \u00e0 l'ordre public est av\u00e9r\u00e9, compte tenu des faits  \npr\u00e9c\u00e9demment d\u00e9crits ;\nConsid\u00e9rant que, dans un contexte sportif concurrentiel, toute provocation mat\u00e9rialis\u00e9e par  \ndes arriv\u00e9es isol\u00e9es de supporters du FCSM aux abords du stade, risque d'engendrer des  \nr\u00e9actions violentes de la part des supporteurs locaux ;\nConsid\u00e9rant que la mobilisation des forces de s\u00e9curit\u00e9, m\u00eame renforc\u00e9es, de la CSP de  \nVillefranche-sur-Sa\u00f4ne n'est pas suffisante, en toutes circonstances et en tous lieux, pour  \nassurer  la  s\u00e9curit\u00e9  des  personnes  et  notamment  celle  des  supporters  eux-m\u00eames ;  Que, \nd'autant plus, ce m\u00eame soir se joue au Groupama stadium le match Olympique Lyonnais \u2013  \nAngers SCO pour le compte de la cinqui\u00e8me journ\u00e9e de championnat de football de L1 ;\nConsid\u00e9rant qu'en raison du contexte rappel\u00e9 ci-dessus, de la difficult\u00e9 d'assurer en toute  \ns\u00e9curit\u00e9 la r\u00e9ception des supporters adverses, une restriction de l'acc\u00e8s du secteur visiteur  \nest mise en \u0153uvre \u00e0 hauteur de 100 places  ; que cette restriction s'effectue avec l'accord des  \ndeux clubs organisateurs ;\nConsid\u00e9rant que dans ces conditions, la pr\u00e9sence aux alentours et dans l'enceinte du stade  \nArmand Chouffet \u00e0 Villefranche-sur-Sa\u00f4ne le vendredi 19 septembre 2025, de personnes qui,  \nbien que n'\u00e9tant pas parvenues sur les lieux dans le cadre du d\u00e9placement organis\u00e9 par une  \nassociation de supporters sochaliens reconnue et de ce fait n'\u00e9tant pas en possession d'un  \nbillet ouvrant acc\u00e8s \u00e0 la tribune visiteurs, se pr\u00e9valent de la qualit\u00e9 de supporter du FCSM  \net/ou  se  comportent  comme  tel,  impliquent  des  risques  s\u00e9rieux  pour  la  s\u00e9curit\u00e9  des \npersonnes et des biens,\nARR\u00caTE :\nArticle 1     :  \nIl est interdit d'acc\u00e9der au stade Armand Chouffet et \u00e0 ses abords le vendredi 19 septembre  \n2025 de 16h00 \u00e0 23h00 \u00e0 toute personne se pr\u00e9valant de la qualit\u00e9 de supporter du FCSM, ou  \nse  comportant  comme  tel,  n'ayant  pas  respect\u00e9  l'obligation  de  d\u00e9placement  collectif \norganis\u00e9 par une association de supporters sochalienne reconnue et plac\u00e9e sous escorte  \npolici\u00e8re \u00e0 compter de 18  h  au niveau de la sortie n\u00b0 31.1 sur l'autoroute A6. Le retour des  \nsupporters concern\u00e9s s'effectuera selon les m\u00eames modalit\u00e9s d'escorte jusqu'au parking du  \np\u00e9age susmentionn\u00e9e.\nA d\u00e9faut, toute personne se pr\u00e9valant de la qualit\u00e9 de supporter du FCSM, ou se comportant  \ncomme tel, n'ayant pas respect\u00e9 les modalit\u00e9s \u00e9nonc\u00e9es supra sera interdite d'acc\u00e8s au stade \nArmand  Chouffet,  de  circulation  et  de  stationnement  dans  le  p\u00e9rim\u00e8tre  situ\u00e9  sur  les \ncommunes de Villefranche-sur-Sa\u00f4ne et Gleiz\u00e9 et d\u00e9limit\u00e9 par les voies suivantes  : route de \nMontmelas, rue du stade Pierre Montmartin, boulevard Roger Salengro, boulevard du g\u00e9n\u00e9ral  \nLeclerc et avenue du Beaujolais.\nArticle 2     :  \nSont interdits le vendredi 19 septembre 2025 de 16h00 \u00e0 23h00 dans le p\u00e9rim\u00e8tre d\u00e9fini \u00e0  \nl'article 1er, dans l'enceinte et aux abords du stade la possession, le transport et l'utilisation de  \ntous p\u00e9tards, engins pyrotechniques et tout objet pouvant \u00eatre utilis\u00e9 comme projectile.\n69_Pr\u00e9f_Pr\u00e9fecture du Rh\u00f4ne - 69-2025-09-16-00002 - ARR\u00caT\u00c9 PR\u00c9FECTORAL N\u00b0 69-2025-09-16-00001\nportant interdiction de stationnement, de circulation sur la voie publique et d'acc\u00e8s\nau stade Armand Chouffet \u00e0 Villefranche-sur-Sa\u00f4ne \u00e0 l'occasion du match de football\ndu 19 septembre 2025 opposant le Football Club de Villefranche Beaujolais (FCVB) au Football club de Sochaux-Montb\u00e9liard (FCSM)\n18\nArticle 3     :  \nSont interdits le vendredi 19 septembre 2025 de 16h00 \u00e0 23h00 dans le p\u00e9rim\u00e8tre d\u00e9fini \u00e0  \nl'article 1er, soit aux abords du stade, la possession et le transport de toute boisson alcoolis\u00e9e.\nArticle 4     :  \nLe pr\u00e9sent arr\u00eat\u00e9 est publi\u00e9 au recueil des actes administratifs de la pr\u00e9fecture du Rh\u00f4ne.  \nConform\u00e9ment  aux  dispositions  de  l'article  R.421-1  et  suivants  du  code  de  justice \nadministrative, le pr\u00e9sent arr\u00eat\u00e9 peut faire l'objet d'un recours contentieux devant le tribunal  \nadministratif de Lyon, dans un d\u00e9lai de 2 mois \u00e0 compter de sa notification.\nArticle 5     :  \nLe pr\u00e9fet d\u00e9l\u00e9gu\u00e9 pour la d\u00e9fense et la s\u00e9curit\u00e9 et le directeur interd\u00e9partemental de la  \npolice nationale sont charg\u00e9s, chacun en ce qui les concerne, de l'ex\u00e9cution du pr\u00e9sent  \narr\u00eat\u00e9,  qui  sera  adress\u00e9 au  procureur  de  la  R\u00e9publique  pr\u00e8s  le  tribunal  judiciaire  de \nVillefranche-sur-Sa\u00f4ne, aux deux pr\u00e9sidents de clubs et affich\u00e9 aux abords imm\u00e9diats du  \np\u00e9rim\u00e8tre d\u00e9fini \u00e0 l'article 1er.\nFait \u00e0 Lyon le 16 septembre 2025\nLe pr\u00e9fet,\nd\u00e9l\u00e9gu\u00e9 pour la d\u00e9fense et la\ns\u00e9curit\u00e9\nORIGINAL SIGNE\nAntoine GUERIN\n69_Pr\u00e9f_Pr\u00e9fecture du Rh\u00f4ne - 69-2025-09-16-00002 - ARR\u00caT\u00c9 PR\u00c9FECTORAL N\u00b0 69-2025-09-16-00001\nportant interdiction de stationnement, de circulation sur la voie publique et d'acc\u00e8s\nau stade Armand Chouffet \u00e0 Villefranche-sur-Sa\u00f4ne \u00e0 l'occasion du match de football\ndu 19 septembre 2025 opposant le Football Club de Villefranche Beaujolais (FCVB) au Football club de Sochaux-Montb\u00e9liard (FCSM)\n19\n84_ARS_Agence R\u00e9gionale de Sant\u00e9\nAuvergne-Rh\u00f4ne-Alpes\n69-2025-09-16-00001\narr\u00eat\u00e9 r\u00e9quisition pharmacies gardes 18 au 24\nseptembre 2025\n84_ARS_Agence R\u00e9gionale de Sant\u00e9 Auvergne-Rh\u00f4ne-Alpes - 69-2025-09-16-00001 - arr\u00eat\u00e9 r\u00e9quisition pharmacies gardes 18 au 24\nseptembre 2025 20\nExPR\u00c9F\u00c8TEDU RHONE |Libert\u00e9Egalit\u00e9Fraternit\u00e9\nArr\u00eat\u00e9 n\u00b0 2025 |Portant r\u00e9quisition d'officines de pharmacie pour assurer un service de garde et d'urgence dansle d\u00e9partement\nLa Pr\u00e9f\u00e8te de la r\u00e9gion Auvergne-Rh\u00f4ne-AlpesPr\u00e9f\u00e8te de la zone de d\u00e9fense et de s\u00e9curit\u00e9 Sud EstPr\u00e9f\u00e8te du Rh\u00f4neCommandeur de la L\u00e9gion d'honneur,Commandeur de l'Ordre national du m\u00e9rite\nVu le code de la sant\u00e9 publique, notamment les articles L. 5125-17, L. 5125-1-1 A et R. 4235-49 ;Vu le code g\u00e9n\u00e9ral des collectivit\u00e9s territoriales, notamment le quatri\u00e8me alin\u00e9a de l'article L.2215-1;Vu le d\u00e9cret du 11 janvier 2023 portant nominationde la Pr\u00e9f\u00e8te de la r\u00e9gion Auvergne-Rh\u00f4ne-Alpes, Pr\u00e9f\u00e9te de la zone de d\u00e9fense et de s\u00e9curit\u00e9 Sud-Est, Pr\u00e9f\u00e8te du Rh\u00f4ne, MadameFabienne Buccio;Vu le communiqu\u00e9 de presse de l'Union des syndicats de pharmacien d'officine (USPO) du 24juin 2025 appelant ses adh\u00e9rents \u00e0 ne pas assurer le service de garde et d'urgence \u00e0 compter du1\u00b0 juillet 2025 ;Vu le courrier de l'Union des Syndicats de Pharmaciens d'Officine (USPO) Auvergne-Rh\u00f4ne-Alpes du 24 juin 2025, informant la Directrice g\u00e9n\u00e9rale de l'ARS Auvergne-Rh\u00f4ne-Alpes de lad\u00e9cision collective de suspendre la participation au service de garde et d'urgence \u00e0 compter du1\u00b0 juillet 2025 ; |Vu le courrier du Syndicat des pharmaciens du Rh\u00f4ne (FSPF 69) du 27 juin 2025 informant laDirectrice g\u00e9n\u00e9rale de l'ARS Auvergne-Rh\u00f4ne-Alpes relayant l'appel \u00e0 une mouvement de gr\u00e8vedes gardes \u00e0 partir du 1\" juillet 2025 et ce jusqu'\u00e0 nouvel ordre ;Vu les courriers et courriers \u00e9lectroniques transmis \u00e0 l'ARS par les pharmaciens titulairesd'officine du Rh\u00f4ne, indiquant leur intention de ne pas assurer le service de gardes et d'urgence\u00e0 compter du 1\u00b0 juillet 2025.Consid\u00e9rant que l'article L. 5125-17 du code de la sant\u00e9 publique dispose qu'un \u00ab service degarde est organis\u00e9 pour r\u00e9pondre aux besoins du public en dehors des jours d'ouvertureg\u00e9n\u00e9ralement pratiqu\u00e9s par les officines dans une zone d\u00e9termin\u00e9es. Un service d'urgence estorganis\u00e9 pour r\u00e9pondre aux demandes urgentes en dehors des heures d'ouverture g\u00e9n\u00e9ralementpratiqu\u00e9es par ces officines \u00bb, et que \u00ab toutes les officines de la zone [...] sont tenues de participer\u00e0 ces services [...];\n84_ARS_Agence R\u00e9gionale de Sant\u00e9 Auvergne-Rh\u00f4ne-Alpes - 69-2025-09-16-00001 - arr\u00eat\u00e9 r\u00e9quisition pharmacies gardes 18 au 24\nseptembre 2025 21\nConsid\u00e9rant que l'article R. 4235-49 du code de la sant\u00e9 publique dispose que \u00ab les pharmacienssont tenus de participer aux services de garde et d'urgence pr\u00e9vus \u00e0 l'article L. 5125-17 \u00bb, et que\u00ab les pharmaciens titulaires veillent 4 ce que leur officine satisfasse aux obligations impos\u00e9es parce service \u00bb ;Consid\u00e9rant que le 4\u00b0 de l'article L. 2215-1 du code g\u00e9n\u00e9ral des collectivit\u00e9s territoriales susvis\u00e9dispose \"En cas d'urgence, lorsque l'atteinte constat\u00e9e ou pr\u00e9visible au bon ordre, a la salubrit\u00e9, \u00e0la tranquillit\u00e9 et \u00e0 la s\u00e9curit\u00e9 publiques l'exige et que les moyens dont dispose le pr\u00e9fet nepermettent plus de poursuivre les objectifs pour lesquels il d\u00e9tient des pouvoirs de police, celui-cipeut, par arr\u00eat\u00e9 motiv\u00e9, pour toutes les communes du d\u00e9partement ou plusieurs ou une seuled'entre elles, r\u00e9quisitionner tout bien ou service, requ\u00e9rir toute personne n\u00e9cessaire aufonctionnement de ce service ou \u00e0 l'usage de ce bien et prescrire toute mesure utile jusqu'\u00e0 ceque l'atteinte \u00e0 l'ordre public ait pris fin ou que les conditions de son maintien soient assur\u00e9es ;Consid\u00e9rant que le service de garde d'urgence est organis\u00e9 de mani\u00e8re que chaque zone soitdesservie, \u00e0 tout moment, par une des officines qui y est implant\u00e9e ;Consid\u00e9rant que la fermeture d'une pharmacie de garde pourrait alors priver toute une zone deson approvisionnement en m\u00e9dicaments durant la p\u00e9riode de garde ;Consid\u00e9rant ainsi le risque de difficult\u00e9 d'approvisionnement en m\u00e9dicaments de la populationdans le cas o\u00f9 le service de gardes et d'urgence des officines de pharmacie ne serait pas assur\u00e9,et par voie de cons\u00e9quence le risque sanitaire pour les patients;Consid\u00e9rant que le mouvement remet en cause la continuit\u00e9 des soins et compromet, de cefait, la sant\u00e9 publique de la population du d\u00e9partement, que l'atteinte \u00e0 la salubrit\u00e9 publiqueest donc caract\u00e9ris\u00e9e ;Consid\u00e9rant que les pharmaciens titulaires ont fait \u00e9tat de leur intention de ne pas assurer leurservice de garde et d'urgence \u00e0 compter du 1\" juillet 2025, qu'il y a donc urgence \u00e0 agir;Consid\u00e9rant l'impossibilit\u00e9 pour l'administration de faire face au risque pour la sant\u00e9 publiqueen utilisant d'autres moyens ;Consid\u00e9rant l'imp\u00e9rieuse n\u00e9cessit\u00e9 d'assurer la protection de la sant\u00e9 publique et la continuit\u00e9de cette mission de service public ainsi que l'existence d'une situation d'urgence ;Sur proposition de la directrice g\u00e9n\u00e9rale de l'agence r\u00e9gionale de sant\u00e9 Auvergne-Rh\u00f4ne-Alpes,\nARR\u00caTEArticle 1\u00b0 : Les officines de pharmacie et les pharmaciens figurant sur la liste en annexe sontrequis pour assurer le service pharmaceutique de garde et d'urgence pour la p\u00e9riode indiqu\u00e9edans le tableau ci-joint conform\u00e9ment au tableau pr\u00e9visionnel de garde et d'urgence transmispar la FSPF 69 le 15 septembre 2025.Article 2 : Les pharmaciens titulaires pr\u00e9vus pour participer au service de garde dans lespharmacies r\u00e9quisitionn\u00e9es sont tenus de se faire remplacer en cas d'absence pour forcemajeure.Article 3 : En cas de remplacement pour force majeure, le pharmacien titulaire est tenud'indiquer au Pr\u00e9fet la personne qui le remplace.\n84_ARS_Agence R\u00e9gionale de Sant\u00e9 Auvergne-Rh\u00f4ne-Alpes - 69-2025-09-16-00001 - arr\u00eat\u00e9 r\u00e9quisition pharmacies gardes 18 au 24\nseptembre 2025 22\nArticle 4: Le pr\u00e9sent arr\u00eat\u00e9 peut faire l'objet, dans un d\u00e9lai de deux mois \u00e0 compter de date denotification \u00e0 l'int\u00e9ress\u00e9 et de sa publication pour les tiers, d'un recours contentieux aupr\u00e8s dutribunal administratif territorialement comp\u00e9tent, pouvant \u00eatre introduit par l'applicationinformatique ''T\u00e9l\u00e9recours citoyens\" sur le site internet www.telerecours.fr.Article 5 : La Pr\u00e9f\u00e8te de la r\u00e9gion Auvergne-Rh\u00f4ne-Alpes, Pr\u00e9f\u00e8te de la zone de d\u00e9fense et des\u00e9curit\u00e9 Sud-Est, Pr\u00e9f\u00e8te du Rh\u00f4ne et la directrice g\u00e9n\u00e9rale de l'agence r\u00e9gionale de sant\u00e9Auvergne-Rh\u00f4ne-Alpes sont charg\u00e9es, chacune en ce qui la concerne, de l'ex\u00e9cution du pr\u00e9sentarr\u00eat\u00e9.\nFait \u00e0 Lyon, le 16 septembre 2025Pour la Pr\u00e9f\u00e8te,\u00e9fet d\u00e9l\u00e9gu\u00e9KA pr s\u00e9curit\u00e9\n84_ARS_Agence R\u00e9gionale de Sant\u00e9 Auvergne-Rh\u00f4ne-Alpes - 69-2025-09-16-00001 - arr\u00eat\u00e9 r\u00e9quisition pharmacies gardes 18 au 24\nseptembre 2025 23\nCWBHND|006|GX\u00c604Hi|Weenbipndky|apary'grerbipndey|-ELEAPLY-0REL-970/69,U0060SOUN\\IAESND012)Buia-EUEUS]|e004|GAZ60ANEMAULINENAIS|Oba@DEU\"ANDUNRENHEAZ-Snbpluy-060.49,U0060BYUBUILAN5-SNBOHZH|\u00ab=8008|SaazJOWHNENIWALUS|09969ONANS02H|AN|SDSBLO\u00a7-AQUOOLZ|JEREMYSepMIE]-dSIPOESIOWOW|\u00a90048|SAOCAOATHSXEHHH|aw|=sSlenoupxrepsspavey/e\u00a2CATIERWSSID|\u00a918L8HF-96201.-S7069.U.LOLEN0080SVOTNE|NNO/PEUYENCORE|E\u0152G|GX60ANSSTISTES|\u0152aIPSSQyUdesorFHJeENORMEAENEsepheegPIN-/Z1\u0152U0080INYESOOHNITYSMANV|ECO|GEAHOAVENXI|&0\u00ae\u00e6bimye|peyZZMAN]|alrbse4tof-Z00089,U0080SNPPung5VOUIg|20002|SAZAORISHHIS|0089UBLONYPDELLLUG)SLED)dySpeuY|=-12Ne]S-ILH5-goaqu|008098D-UDLOI-SUELELDS6ySOT0/ELPEENICOH|200X|SAO.=NWEYETIN|0069esseLLYLEA'9z\"ADALIRDSO\"SULEQUINS||-L.0.69,U0060OS|unEu)ADMHOX/\u00c6INAOO|2006|GX604US=HINESTIN|00OPLDIFNSY966PISSEE|-eZPHPLEIN-9Z06Q.U\n0080DPACOEHDL|20002|SAXE-XEBSNY\\|00269Sus]PEN6pPepsisp|S015-XPSSLE\\-106Q.U0080US&]40485TONHNNINTO|20002|SaZAORNTVEIVINESUL|0969NOSW\\EDVH'1DH|RIENNET-35WA]-U|0060;INVEDMoW|2006|GXA0Ayen.|O69ON4ISTOCHINADWIEKHY|-ELAPLY-OREL-SAI\u0152U0060|COUNSEIAEISND|SEDAU\u00c9EN-EUEUE]|e008|SAZHOANEZUINENNIS|O4PILEDSUZ\"ANDWNRENEETzu-snbpluy-060.69,U0060CDBYUBUILAN5-QUD-EP-EDEA\\/S\u00c6USEND|\u00a90048|SAZAORUSNEMOHHASIS|0%APENTPSEHEyNO|SDSURLOAUE5-AQU001Z1884|SepMLE1-dSIFCESOWINWN|004|GAZ608TSSXENMEEH|aSEPXEPSPEH/ESITIEVSUID/HE|\u00a91928F-26211.-Sz0169,ULOLA0080SVOTMEENOMA/PEULYENO|E\u0152&G|GX60ANIETMNTE|\u0152aIPSSQyUdesorFAJEENCGEENEsepheegPIN-/Z1\u0152U\n|\n9e1sod|9118[N11L|J18210H91eounuuuo)|2p0)9SS9JpYoI>eUEUdWON1n9)295S'\u00a7ZOZ21queidespzneg1apoliadejinod4451e|Jed114239s2u981n,p19op1e3apjeuuoisiho1dneajqe]a]INSnaA91denbJa}sDuaZIN,p18sp1e3OPSdIAJAS9]181ns$e1nodsssuuonsinbsiquosInb'sas11918soe[29pjuosassauie|n3nsuoloeueudsaJUOP'saiseueudsapaqsi|elasidaidsnossap-ioneajqe}27S$ZOZ_uUJes02DaJaud919112,eIXINNV\n84_ARS_Agence R\u00e9gionale de Sant\u00e9 Auvergne-Rh\u00f4ne-Alpes - 69-2025-09-16-00001 - arr\u00eat\u00e9 r\u00e9quisition pharmacies gardes 18 au 24\nseptembre 2025 24\nJENNOCEN/PEUXENOCHOCA|SCOCAOIZNSSTVSTES|\u0152aIPSSQqUdesorFEJeENOMEANNEsepheagPIN-/7069.ULDL\u0152&SWORE|ENOA/PEUYENCOKE|0080|GEONISTIQTE|\u0152aIPSSQyUdesorFAJeENOMEENESEPPEGPIN-/\u00c6L\u0152@U004\u00c6UEL-SLWOWACDHIODENWT]|20060|SCOZADIZNHAASES\u00c9D|VE|NINY2TIENENOTHSJOETISAI|-Aeuuoce.p-sqr)-\u00a2z0169,u0080INYESOONAT|20002|GEOJENXAI|0erbiprdgyejapayZSSMabsHU]-Z00069,U0080MNEU5YOHO|E00X|WEAMOEISHHIS|0089UBUDED\u00c6ELLLUT)Sue)sedysspepQy|-LOJE15-5145-gaequ|0080||_DSED-UDOL-SUETELD)|Sy/SOTQ/ELPEENICDH|200|SX60XSNWEYETIN|0069:ESSLUBYLEG\"ADALIRDSO)__.\"BUUEQUTE|IN-}.0,69,U0060NOs|sunDHONNA/SCINGHNOH|004|SezBONSHOT|OKOpe.BulrsepaygaWHENRAIND|-ZPD:aAPLEIB|I\\-970169,U0080|DPhOTAHOL|E00X|SHANXEESNA\\|004.EULSIPRONE6PHPSIQEP|SOJE-XESSLE\\-HU0060|SOUNFSIIAE|SNDogAENSEEBS\u00c9EMRIION|2006|GXZ\u00c660XEMCASTWHL|obecSULIEQYS98706BH\\SVOTMENO\"Zyl-sincepLuy-060169,U|0080URSS]019$TONDH\\NINTD|00|GEOX=NTIWEOVINESWL|CONOTDVE'1SDMH10|LRIENNEISWA]-U001ZSepIOLE}-dSIDANN|28008|GX|SHINEVOIS|agSHLD|JAeuuey\\|ej812H5211.-S70.69.U.ALBULWIRED0060NONL/SUISLLDJXRTREENNHME|2004|GXA\u00c6OXUBYENEDING|06169up.A\\speusgg|<NGNLVT|-ELDLOY-2.2.2]-970/69,U0060|SIMSSD|2004|SezAKSTE|coregATOHUAICON85ONSr6EzypP\\-aluLOLA0080SVOTKE|ENOGA/PEUXYENCOHE|E\u0152G|GEOXNITISTES|\u0152aIPSSQyUdesorFEJeENORMEANNEslepheagPIN-270.6Q.uU0080INYESOOHNT|E00X|GXJEENXI|\u00ab70069ebimdyelpay7MNabsLOA)-Z00089,U0080|SIWepPUL5JOHO|=e000z|SX60AISSEHIS|00869UBUDDELL)SUED)SedysepeLQy|-Lene]5-S2145-gaequ0080||O8HD-UDLOL-SUETELDSL6/SCTQ/ELPEENICOH|EO0X|SaUZAOAENNEMI|0069SEELILYNLEN7GE\"ADAIRSOUE|IN\\-1.0,69,U0060INXSHOWOHunSULPUESHCHEINDYH|=8004|GX606SONT|00JDUBLUD.YMPSNUENe|COSDINHHAINED|-SZPD:APUEJEII\\-970.6Q,U\n0080PPAGOEHDL|200|GXAOEXEESNH\\|004eULE]PE/ONEGyPHPSHASP|S015-XESSLE\\-1069.U0080|US]40495TONDANINTO|O0|SazA0A-NTIWEOVINESYL|0g69\u2014NOOWEDV'1=DMH10|SRIENNEISOA]-Uu\n0060\n84_ARS_Agence R\u00e9gionale de Sant\u00e9 Auvergne-Rh\u00f4ne-Alpes - 69-2025-09-16-00001 - arr\u00eat\u00e9 r\u00e9quisition pharmacies gardes 18 au 24\nseptembre 2025 25\nSDHDI/SCNEHNOT|20060|SZ0ZKOZBST|00re9PR\u00c9UIESPENUSA|IMHSNIHITKAIND|-ZPD:APLEIPIIN\\-SUU0060DOssurD'HOINKA/SCNEHNOH|2006|GXA\u00c6OUZSHOT|00peHulepepenygaWKHSNCHTETRUINED|-5Z2D:eLoueJpiN\\-970.6Q,U\n0080DPAGOEHDL|EO0E|EEXEESNA\\|004_SUL]Puerecg6ppremsepgyssp|SO]5-XOSSU\\-106Q.USUILELD00a.CHENTH/SUWSEXE|20060|SCOCDIZYCHESNS\\|00%MHEMHROTYBySENOHMNSU|S045-XEESSLE\\-HU__0060|SOUN\\SIIAE|SNDOTANSEESHLELEBIIN|200&|SCOZAOLZSMOCESTVZHL|00UEYEPeTOI(SBASVOTKENOzu-snbpluy-C6CL4Q,u|004.|SOUN\\BSE]SICHORABNSEERSHELEFBIININ|20060|SCOZADAZSHCESIVZHL|OreSULEQYS097010GDAN\\SVOMesTa\"AZULSincePLY-Cu006US]019$VOHLHNASORS|20060|SCOZADIZ=NTIWEOVINESYL|+0969TOMENVISISNAW67|-NTIVAIVIOIKAIND|2RIPNNEI-SSLA]-gogeu00:80USS]40155TONDANNINTO|20002|SHZKOIZ=NTIWEOVINESYL|+0969NCHW\\EDV7H'4DH|SRIENNEISLA-geu004|SLEDSUAUSNONDNES|20060|SZOZADAZWVISNDIS|(ezSLOI|RSPEAULENDHNONQ|JLS1PH-SUI|D-0zoeQ,U004|SIOLET-dSIDAN|20060|GX\u00c6604ZSHINESVOIS|09aypepLAL\u00c6uE/\\|212124F-21404.-S7069,U001Z|||SPMIET-dSIDMN|2008|SCOZADIZSHINESVOIS|ogeeSYSpUueH|)\u00c6ue/\\|[9184BH.-S7069.UALBUL\\NAETTO0060NON|./SUISLLDJOTENNME|E00&|SCOZADIZHBVEOINYI|06169upA\\epeusygNONLVIT|-2uJeUpLQY-8.2.2]-97046Q,uUALPULWVEBIED004.NON|/SUISULDJORTEENHBEE|20060|GAX\u00c6OIZUBYEEDING|HDupA\\spausyggNONLVIEO|-ELEPLY-9PE]-97060,USOMLHUEPENMND008.|WENEU\"ABLELY/2|BUYSIVKENDDICITES|20060|SCOZAOIZSOSSSTIEN|05259CHTHIONNTH\u00c0NSW\\O|<UELO-S0]IPD-ZH\u00e6mU008.|||PIN-SILAAND/XIWAND|20060|SZOZAOAZSOETON|O3IHMVIEOUDV+ANNE|SEUDA]FDpueDH+1.0008Q.U0060|SIVSESVHD|2004|SZADIZSTE|coreXTIWOdEDEINOY85SONsrezypP\\-72069,U004.|ATYSES/AID|20060|GXAMOIZSTEN|00HATOUT86SONTSr\u00c9EZ7pF\\-72069,U004.UOSEUF/\\SOTVaCO|20060|GX6OIZSO|OWEDsoprgserboer-e9/e8NME|APIINALBID5.016-1Z0.60U|006||\"JEUN=DIWHOEH/LEU/\\CCHA/0]|20060|SCOCADAZISONDEKED|EDUP.SparanyLESHEDS|-Bounde.p-sev61g-sS-gaAgu004|SHEDSANNANKEDVWAINEDH|20060|SezKOIZNOS|00%PUYPREY9ZNOVNMANED|UIR\\Lexn,-WE-gaequ|.__WIEN0080SVOMGH||\n84_ARS_Agence R\u00e9gionale de Sant\u00e9 Auvergne-Rh\u00f4ne-Alpes - 69-2025-09-16-00001 - arr\u00eat\u00e9 r\u00e9quisition pharmacies gardes 18 au 24\nseptembre 2025 26\n99ANISVEEESEELISEBIIN\\\nAZ)-Snbpluy-080.69,U\n2008|SOCKORZEMO\u0152STWHL|oreoSUUEQYS997)05DNSWoOmMesra0080:uss]019$STONDANNINTD|200|SZADK=NTIWEQVINESYL|+0969NOGW\\=DV7H'4OMHTO|2RIPINEI-SWA-oooeQU\n0060NISH-DNHD|8004|SACOHAL|O1OHOppsceyCHH\u00c8ONN|-24J2UpLQ4-82.2-870.69,U001Z|SME1-4TIDAN\\|E00G|GXZ60ZFINDVOIS|ageaYPEDL/\u00c6ue/\\|221245-21.-S7069,U0080|GBIEIOMNAD|8066|GX|STEAMVW]|0TRACNHDVHSCSHW:DSEPFEZPIN-270.69,U00DOV|-SPURSNH/S\\\\BO|E000|SCOOIZSVOINGNXT|GaGi.da-2\u00c6$5811027LA]L00D.By-Z10.69,U004INYESOOW|||edILHASD|20060|GXAOUZ:SINEBNDAT|600\"BINESSEHOSTZZSIN6NESS-604\u0152@U004INYESOCLa\\eurCHHVIOT|20060|SAOZAOIZJENXI|\u00ab20069JOWUNVEDIN4NONLED-28LA]-g00ULEANTOD\\H/SLBPUNETO|20060|SCOZADIZNI|90069|DCAERSDYUNIDNRYSYODSrEMXp9LA]-900,6Q,U006INYESOOsoDues-SuLeg|/\\JVENHOMON|0060|SHUZAOIZSENDA|0SIRE]SINDOZSLANDSO|=-FLDLO-S}P]1/\\21-GO\u0152U.00a.INYESOONUE_SP\u00c6ECYNHNH|0060|SCOZADIZJENXI|0|SPEMbofieAyjoverpayZ|TRAINSKODPHelse4LOA]-7Z00089,U|004INYESONHSOLBETENNOEMED|20060|SCOCAOIZJENXAI|+00JTWSSvTSH2gSWSEEVIOessXDDLOA]-7O.4Q.U0048.INYESOO3|C\u00c6J\u00c6TONNEET1|20060|SCOCKOAZJENXI|900AXTETNAY95AXE2.2810]/F5woh]-/04U|0080INYESOO|NETSSNANBOW|E0O0X|SAX6OLZENXI|0merbiprcgyejepary7HNels4UA]-2000U0080SMPug5__VOHO|20002|SCLZDIZISHHIS|008UBLPDEULUDSILEDSdySpeyy|-LeE]\u00a7-F21y5-a.aaqu|006OMEU5PASnboer=D1v1|20060|SAZ\u00c6HOLZHYUIENEIS|0769e|re6epSHALPENUEYE5MNISUDHE|-LOJE7]B-521yB-gaeQu|004.\"INESS|20060|SCAOIZHAVE|OHLBINeue])ery770EHESS71/1-21NF)-900.69,U004|SCHLEEMIEUS|20060|GZ6OLZ.(ASN|\u0152DEUMEPEDAU\u20acIWOWNZEN-sung]-6.0.69,UTOTEENVSOINTS004_98JED-UDLOL-SeULEdLEL)OLD01/4SEAT|20060|SCOZAONZSINEHETIN|OUofers\u00c6fyeaneny'99,VOIVEID\"SULEQUE|I\\-.0.69,U0080De}PH-UDLO]-SUEdELD)SU6/SCOT0/PENICDH|200|SzOZADIZENT|+0069ESSLLLE9\"BDASO\"SULEQ.IE|I/\\-.0.69,U004.DOs.sun\n84_ARS_Agence R\u00e9gionale de Sant\u00e9 Auvergne-Rh\u00f4ne-Alpes - 69-2025-09-16-00001 - arr\u00eat\u00e9 r\u00e9quisition pharmacies gardes 18 au 24\nseptembre 2025 27\n29UBNISEESEEMIN2008|SAOSHCESTVZHL|04SULEQYEPOFSASTONzu-snbpluy-060.69,U0080USS]0125TONB\\NINTO|E00X|SX60PCANTNEIVINESAL|+069NOXW\\=DVH4OH|-2RIENNEI-SSLA-EU0060|ZNISH-DNHD|2004|GEGOAZBen|MOHoppsceyyyCEPHEOION|-ELAPLQ-8.2.2]-97069,UOOLZSpMIE1-dFIDAAW|E006|SaOASHINEVOIS|ageaypPEDL/\u00c6ue/\\|eJ218H5-24\".-GJ\u0152LU\n0080\nSUBIEIORED|E\u0152G[GX|STEEN|0/99TRENDSCSHIDEsepheayPIN-/Z0.6Q.u|0080INYESOONIV|EO0X|SCOZAOKZVENXI|20abimye|pay7HMNXAIelseHO-Z000LU__008SIPEU5VOWHIMO|200Z|SOZKOKZISHHIS|00869UBLONYPDEULUDSILE)dypoly|-Lere]B-SIH5-goequ-009%98JED-UDLO]SeuELDSeuUBYSOETO/ELPEENICDH|00|SAX60EZSINEYETIN|OUSSSNQUEQLUBYenuany'gzADALIRDSO\"SUUEQUE|I\\-1.0.69,U\n0080DPACOEHDL|000d|SCUZAOKZXEESNY\\|004ULE]PESNEGyPemsspyssp|S015-XPSSLE\\-HU0060SOuy\\S2IIAE|SNDoy\u00c2ENSEESHEFIN|2006|GX\u00c66O\u00a3ZSMCESIVZHL|ObaDUESPO70J(SDENSWOMsra\"Az-sndbpluy-060.69,U0080|URSS]40195STONQHNINTD|200|GX\u00c6OEZ=NTIVEQVINESYL|02\u00ae@NOGW\\=DV7H'4SDMH1|SRIENNEI-LA]-OU.0060|=NISH-DNHD|2004|GX6OEZShen|MEob}opscey|_GFHRDION|-2-LELpLOY-SEEL-97069,U001Z||\u2014SHIMIEI-4FIDAN|2004|GAX60EZSHINEEVOIS|ageape\u00c6ue/\\|e|818H52101.-S7069.U0060urAPEHN/SIR\u00c6ESLUNE|2004|SCOZKOKZSWAN|coregOOSECANMNVIO|-ZPD:eypueJpyiy\\-97069,U|0080|CORIEIGWYD|28064|GEO|STEAM]|O0TRENDHSCSSWSSDsepheegPIN-/70.60.uU0080INYESOO|NEITPSNANEMW|200|GX60EZENXI|A0enbipndayejepeny7MN]els4LA-Z00089,U0080SIWEpPug5VONHIMO|EX|SROISHHIS|00869UBLED\u00c6EULUDSILEDdySpeyy|-Lere]8-914B-goeQu0080OSHED-UDLOI-SUETELD)Sy/SOTQ/ELPEENICOH|=BOD|GOENEMETI\\|0069SSSQEQULERYLE'gz\"ADAS\"SULEQE|I/\\-1.0.69,U0060NSsunANTON|004|SocaSH|00XPTEPereNEOXERONO|-Z2D:eupueupii\\-920.69,U0080|DPACHEHDL|e000|SHOR_XEESNT\\|004SUS]PEOITEGypempssyqyssp|S045-XWOSSLE\\-HOAQU\n0060\nSOUN\\BOIL]SIND\n84_ARS_Agence R\u00e9gionale de Sant\u00e9 Auvergne-Rh\u00f4ne-Alpes - 69-2025-09-16-00001 - arr\u00eat\u00e9 r\u00e9quisition pharmacies gardes 18 au 24\nseptembre 2025 28\n0080INYESOONITYSMANV|200|GXVEENXI\u00e6bimnye|peyZZSMOabHU-Z700089,U|0080||EMEPug5JONIMO|EX|GAMEISHHISUNED\u00c6ULUD)SILRD)dype}|-LOE]5-3145-AO\u0152U008098D-UDLOIL-SUETELD)SySOTQ/ELPEENICDH|\u00a9EO0X|SAZ6OACENKOfETISEELEAL|HDALMOS<u\u00c6qre|[\\-1.0.69,U0060|Ossun\"NOMNEY|2006|GEDSONTSRLOINAUZEEp}|-ZPD:APLEIPIIA\\-9Z0.EQuU0080|DPAGOEHOL|E00X|SXXEESNA\\SUL]PEN6pPHPSHQEP|s045-XWESSLE\\-1.06Q.U\n0060\nSUNBSE]SID\n84_ARS_Agence R\u00e9gionale de Sant\u00e9 Auvergne-Rh\u00f4ne-Alpes - 69-2025-09-16-00001 - arr\u00eat\u00e9 r\u00e9quisition pharmacies gardes 18 au 24\nseptembre 2025 29","date":"2025-09-17","first_seen_on":"2025-09-17T14:37:24+00:00","id":"3a1413d034d6a853a92d3b8e80283149ab889a1d8379182431c75fe651a14668","name":"RAA_69-2025-235-170925","pdf_creation_date":"2025-09-17T14:07:36+00:00","pdf_modification_date":"2025-09-17T15:08:23+00:00","timezone":"Europe/Paris","url":"https://www.rhone.gouv.fr/contenu/telechargement/65476/441667/file/RAA_69-2025-235-170925.pdf"}
