{"administration":"pref83","administration_name":"Pr\u00e9fecture du Var","content":"VAR\nRECUEIL DES ACTES\nADMINISTRATIFS\nN\u00b083-2026-139\nPUBLI\u00c9 LE 23 AVRIL 2026\nSommaire\nAgence r\u00e9gionale de sant\u00e9 du Var / Direction de l'ARS du var\n83-2026-04-21-00006 - Arr\u00eat\u00e9 portant renforts exceptionnels de la PDSA\ndans le Var en p\u00e9riode de tension estivale 2026 (3 pages) Page 3\nPr\u00e9fecture du VAR / Direction des s\u00e9curit\u00e9s\n83-2026-04-23-00001 - \nArr\u00eat\u00e9 pr\u00e9fectoral portant interdiction de\nrassemblements festifs \u00e0 caract\u00e8re musical et interdiction de circulation\nde tout v\u00e9hicule transportant du mat\u00e9riel de sons \u00e0 destination\nd'un rassemblement festif \u00e0 caract\u00e8re musical non autoris\u00e9 dans le\nd\u00e9partement du Var (3 pages) Page 7\n2\nAgence r\u00e9gionale de sant\u00e9 du Var\n83-2026-04-21-00006\nArr\u00eat\u00e9 portant renforts exceptionnels de la PDSA\ndans le Var en p\u00e9riode de tension estivale 2026\nAgence r\u00e9gionale de sant\u00e9 du Var - 83-2026-04-21-00006 - Arr\u00eat\u00e9 portant renforts exceptionnels de la PDSA dans le Var en p\u00e9riode de\ntension estivale 2026 3\nEuREPUBLIQUEFRAN\u00c7AISELibert\u00e9Egalit\u00e9Fraternit\u00e9\nAr@ D Agence R\u00e9gionale de Sant\u00e9Provence-AlpesC\u00f4te d'Azur\n.  \nAgence r\u00e9gionale de sant\u00e9 Provence-Alpes-C\u00f4te d'Azur\u2014d\u00e9l\u00e9gation d\u00e9partementale du Var \nCit\u00e9 administrative de Lorgues \u2013 b\u00e2t C \n201 rue Saint Bernard \u2013 CS 50015 \n83076 TOULON           Page 1/3 \n \n \nARR\u00caTE N\u00b0 DD83-0426-3846-D DU 21 AVRIL 2026 PORTANT RENFORTS EXCEPTIONNELS  \nDE LA PERMANENCE DES SOINS AMBULATOIRES DANS LE DEPARTEMENT DU VAR  \nEN PERIODE DE TENSION ESTIVALE 2026 \n \n \nLe directeur g\u00e9n\u00e9ral de l'Agence R\u00e9gionale de Sant\u00e9 Provence-Alpes-C\u00f4te d'Azur \n \nVu le code de la sant\u00e9 publique et notamment ses articles L.1435-5, L.6314-1 et R.6315-1 \u00e0 R.6315-6 ; \n \nVu le code de la S\u00e9curit\u00e9 Sociale ; \n \nVu la loi n\u00b0 2016-41 du 26 janvier 2016 de modernisation de notre syst\u00e8me de sant\u00e9 ; \n \nVu la loi n\u00b0 2019 -774 du 24 juillet 2019 relative \u00e0 l'organisation et \u00e0 la transformation du syst\u00e8me de \nsant\u00e9 ; \n \nVu la loi n\u00b02021-1465 du 10 novembre 2021 portant diverses dispositions de vigilance sanitaire  ; \n \nVu le d\u00e9cret n\u00b0 2010-336 du 31 mars 2010 portant cr\u00e9ation des Agences r\u00e9gionales de sant\u00e9 ;  \n \nVu le d\u00e9cret n\u00b0 2010 -809 du 13 juillet 2010 relatif aux modalit\u00e9s d'organisation de la permanence des \nsoins ; \n \nVu le d\u00e9cret du 16 juillet 2024 portant nomination de Monsieur Yann BUBIEN, en qualit\u00e9 de Directeur \ng\u00e9n\u00e9ral de l'Agence r\u00e9gionale de sant\u00e9 Provence-Alpes-C\u00f4te d'Azur) compter du 18 juillet 2024 ; \n \nVu l'arr\u00eat\u00e9 du Directeur g\u00e9n\u00e9ral de l'Agence r\u00e9gionale de sant\u00e9 Provence -Alpes-C\u00f4te d'Azur en date du \n18 juillet 2024 portant d\u00e9l\u00e9gation de signature de Monsieur S\u00e9bastien MONIE, directeur de la d\u00e9l\u00e9gation \nd\u00e9partementale du Var ; \n \nVu l'arr\u00eat\u00e9 du 2 3 d\u00e9cembre 202 4 fixant le cahier des charges de la Permanence des Soins \nAmbulatoires pour la r\u00e9gion PACA ; \n \nVu l'arr\u00eat\u00e9 du 17 octobre 2025 portant d\u00e9termination des p\u00e9riodes de tension et des journ\u00e9es strat\u00e9giques \nen Permanence des Soins Ambulatoires pour l'exercice 2026 en r\u00e9gion Provence-Alpes-C\u00f4te d'Azur ; \n \nConsid\u00e9rant que la Permanence des Soins Ambulatoires est organis\u00e9e conform\u00e9ment au cahier des \ncharges r\u00e9gional qui pr\u00e9voit que son organisation est susceptible de rencontrer des difficult\u00e9s sur certains \nterritoires de la r\u00e9gion, \u00e0 certaines p\u00e9riodes de l'ann\u00e9e, telles que les jours f\u00e9ri\u00e9s et ponts, la saisonnalit\u00e9 \ntouristique et les p\u00e9riodes \u00e9pid\u00e9miques ; \n \nConsid\u00e9rant qu'en fonction de la situation pr\u00e9visible sur les territoires en mati\u00e8re de couverture des \nbesoins de permanence des soins, le cahier des charges r\u00e9gional indique que des renforts exceptionnels \npeuvent \u00eatre propos\u00e9s par le directeur d\u00e9partemental de l'ARS ; \n \nConsid\u00e9rant que la p\u00e9riode estivale 202 6 est susceptible de porter atteinte \u00e0 l'organisation de la \nPermanence des Soins Ambulatoires au regard des difficult\u00e9s qu'elle induit sur certains territoires du \nd\u00e9partement du Var ;  \n \nAgence r\u00e9gionale de sant\u00e9 du Var - 83-2026-04-21-00006 - Arr\u00eat\u00e9 portant renforts exceptionnels de la PDSA dans le Var en p\u00e9riode de\ntension estivale 2026 4\nAgence R\u00e9gionale de Sant\u00e9 Provence-Alpes-C\u00f4te d'Azur Si\u00e8ge : 132, boulevard de Paris - CS 50039 - 13331 Marseille Cedex 03 \nT\u00e9l 04.13.55.80.10 / Fax : 04.13.55.80.40   \nhttp:// www.ars.paca.sante.fr          Page 2/3 \n \n \nARR\u00caTE \n \nArticle 1er :  \n \nLa p\u00e9riode estivale 2026, soit du lundi 6 juillet au dimanche 16 ao\u00fbt 2026 inclus, est consid\u00e9r\u00e9e comme \nune p\u00e9riode de tension pendant laquelle la r\u00e9ponse aux besoins en offre de soins est susceptible de \nrencontrer des difficult\u00e9s. Cette p\u00e9riode int\u00e8gre les journ\u00e9es strat\u00e9giques suivantes  :  \n\u27a2 du samedi 11 juillet au mardi 14 juillet inclus \n\u27a2 du samedi 15 ao\u00fbt au dimanche 16 ao\u00fbt inclus \n \nDurant cette p\u00e9riode, certains lieux ou organisations de soins non programm\u00e9s seront mobilis\u00e9s pour \nr\u00e9pondre aux tensions. \n \nPour la r\u00e9gulation : \n \nUne ligne suppl\u00e9mentaire e st activ\u00e9e en renfort par rapport \u00e0 celles pr\u00e9vues au cahier des charges \nr\u00e9gional de la PDSA pour la r\u00e9gion Provence-Alpes-C\u00f4te d'Azur : \n\u27a2 du lundi au vendredi de 20h \u00e0 24h \n\u27a2 les jours strat\u00e9giques de 08h \u00e0 24h \n\u27a2 les week-ends hors jours strat\u00e9giques de la p\u00e9riode de 8h \u00e0 24h \n \nPour l'effection : \n \nUne ligne de renfort des plages habituelles d'intervention des effecteurs est retenue, par rapport \u00e0 celles \npr\u00e9vues au cahier des charges r\u00e9gional de la PDSA pour la r\u00e9gion Provence -Alpes-C\u00f4te d'Azur, pour : \n- les maisons m\u00e9dicales de garde (MMG) adoss\u00e9es \u00e0 un service des urgences  \n- le cabinet m\u00e9dical de l'Ile du Levant/Port-Cros  \n- les associations de SOS m\u00e9decins \n \n\u27a2 Pendant la p\u00e9riode du lundi 6 juillet au dimanche 16 ao\u00fbt 2026 inclus : \n- MMG de Brignoles \n- MMG de Draguignan \n- MMG de Fr\u00e9jus/Saint-Rapha\u00ebl \n- MMG de Gassin \n- MMG de Toulon \n- MMG de Hy\u00e8res \n- MMG de La Seyne-sur-mer \n- Cabinet m\u00e9dical de l'Ile du Levant/Port-Cros \n \n\u27a2 Uniquement les jours strat\u00e9giques du samedi 1 1 juillet au mardi 14 juillet inclus et du samedi 15 \nao\u00fbt au dimanche 16 ao\u00fbt inclus : \n- SOS M\u00e9decins Fr\u00e9jus/Saint-Rapha\u00ebl \n- SOS M\u00e9decins Toulon-Provence-M\u00e9diterran\u00e9e (TPM) \nLe paiement des forfaits s'effectuera dans les conditions pr\u00e9vues par le cahier des charges r\u00e9gional de \nla PDSA. \n  \nAgence r\u00e9gionale de sant\u00e9 du Var - 83-2026-04-21-00006 - Arr\u00eat\u00e9 portant renforts exceptionnels de la PDSA dans le Var en p\u00e9riode de\ntension estivale 2026 5\nAgence R\u00e9gionale de Sant\u00e9 Provence-Alpes-C\u00f4te d'Azur Si\u00e8ge : 132, boulevard de Paris - CS 50039 - 13331 Marseille Cedex 03 \nT\u00e9l 04.13.55.80.10 / Fax : 04.13.55.80.40   \nhttp:// www.ars.paca.sante.fr          Page 3/3 \n \n \nLe paiement des actes sera effectu\u00e9 sur la base des montants correspondants aux actes et majorations \nfactur\u00e9s dans le cadre de la PDSA (C+CRD, C+CRN, C+CRM ou acte CCAM + majoration CRD/CRN ou \nCRM). \n \n \nArticle 2 :  \n \nLe pr\u00e9sent arr\u00eat\u00e9 prend effet \u00e0 compter du lundi 6 juillet 2026 et prend fin au dimanche 16 ao\u00fbt 2026 \u00e0 \nminuit.  \n \n \n \n Fait \u00e0 Toulon, le 21 avril 2026 \n \n \n  \nPour Le Directeur G\u00e9n\u00e9ral de \nl'Agence R\u00e9gionale de Sant\u00e9 PACA \n \nSign\u00e9 \n \n \n \nS\u00e9bastien Moni\u00e9 \nDirecteur d\u00e9partemental du Var \n \nAgence r\u00e9gionale de sant\u00e9 du Var - 83-2026-04-21-00006 - Arr\u00eat\u00e9 portant renforts exceptionnels de la PDSA dans le Var en p\u00e9riode de\ntension estivale 2026 6\nPr\u00e9fecture du VAR\n83-2026-04-23-00001\nArr\u00eat\u00e9 pr\u00e9fectoral portant interdiction de\nrassemblements festifs \u00e0 caract\u00e8re musical et\ninterdiction de circulation de tout v\u00e9hicule\ntransportant du mat\u00e9riel de sons \u00e0 destination\nd'un rassemblement festif \u00e0 caract\u00e8re musical\nnon autoris\u00e9 dans le d\u00e9partement du Var\nPr\u00e9fecture du VAR - 83-2026-04-23-00001 - \nArr\u00eat\u00e9 pr\u00e9fectoral portant interdiction de rassemblements festifs \u00e0 caract\u00e8re musical et interdiction de circulation de tout v\u00e9hicule\ntransportant du mat\u00e9riel de sons \u00e0 destination d'un rassemblement festif \u00e0 caract\u00e8re musical non autoris\u00e9 dans le d\u00e9partement du\nVar\n7\nPr\u00e9fecture\nCabinet du Pr\u00e9fet\nDirection des S\u00e9curit\u00e9s\nArr\u00eat\u00e9 pr\u00e9fectoral 2026-BSP-OP-056\nportant interdiction de rassemblements festifs \u00e0 caract\u00e8re musical et interdiction\nde circulation de tout v\u00e9hicule transportant du mat\u00e9riel de sons \u00e0 destination d'un\nrassemblement festif \u00e0 caract\u00e8re musical non autoris\u00e9 dans le d\u00e9partement du Var\nLe pr\u00e9fet du Var,\nVu le code de la s\u00e9curit\u00e9 int\u00e9rieure, notamment ses articles L. 211-5 \u00e0 L. 211-8, L. 211-15, R.\n211-2 \u00e0 R. 211-9 et R.211-27 \u00e0 R. 211-30 ;\nVu le Code G\u00e9n\u00e9ral des Collectivit\u00e9s Territoriales, notamment l'article L. 2215-1  ;\nVu le Code de la Sant\u00e9 Publique, notamment ses articles L.3131-12 \u00e0 L.3131-17 et L. 3136-1 ;\nVu le Code P\u00e9nal ;\nVu le d\u00e9cret du 3 mai 2002 modifi\u00e9 relatif \u00e0 certains rassemblements festifs \u00e0 caract\u00e8re\nmusical ;\nVu le d\u00e9cret n\u00b02004-374 du 29 avril 2004 modifi\u00e9 relatif aux pouvoirs des pr\u00e9fets, \u00e0\nl'organisation et \u00e0 l'action des services de l'\u00c9tat dans les r\u00e9gions et d\u00e9partements,\nnotamment son article 1er ;\nVu le d\u00e9cret du  15 mai 2025 portant nomination de Monsieur Simon BABRE, pr\u00e9fet du\nVar ;\nVu l'arr\u00eat\u00e9 pr\u00e9fectoral n\u00b02025/12/MCI du 2 juin 2025 portant d\u00e9l\u00e9gation de signature \u00e0 M.\nLucien GIUDICELLI, Secr\u00e9taire g\u00e9n\u00e9ral de la pr\u00e9feture du Var, sous-pr\u00e9fet de\nl'arrondissement de Toulon ;\nVu la posture Vigipirate maintenue \u00e0 un niveau \u00e9lev\u00e9, \u00ab S\u00e9curit\u00e9 renforc\u00e9e \u2013 Urgence\nAttentat \u00bb ;\nConsid\u00e9rant que selon les \u00e9l\u00e9ments d'information recueillis, des rassemblements festifs \u00e0\ncaract\u00e8re musical de type rave-party sont susceptibles d'\u00eatre organis\u00e9s dans le Var durant\nle mois de mai 2026 et que ceux-ci pourraient r\u00e9unir plusieurs centaines voire milliers de\npersonnes \u00e0 chaque fois ;\nConsid\u00e9rant qu'en application des dispositions de l'article L. 211-5 du Code de la s\u00e9curit\u00e9\nint\u00e9rieure, un rassemblement festif \u00e0 caract\u00e8re musical est soumis \u00e0 l'obligation de\nd\u00e9claration pr\u00e9alable aupr\u00e8s du pr\u00e9fet du d\u00e9partement ;\nPr\u00e9fecture du VAR - 83-2026-04-23-00001 - \nArr\u00eat\u00e9 pr\u00e9fectoral portant interdiction de rassemblements festifs \u00e0 caract\u00e8re musical et interdiction de circulation de tout v\u00e9hicule\ntransportant du mat\u00e9riel de sons \u00e0 destination d'un rassemblement festif \u00e0 caract\u00e8re musical non autoris\u00e9 dans le d\u00e9partement du\nVar\n8\nConsid\u00e9rant qu'aucune d\u00e9claration pr\u00e9alable n'a \u00e9t\u00e9 d\u00e9pos\u00e9e aupr\u00e8s du pr\u00e9fet du Var\npour toute la dur\u00e9e du mois de mai 2026, pr\u00e9cisant notamment les mesures envisag\u00e9es par\nl'organisateur de l'\u00e9v\u00e8nement pour garantir la s\u00e9curit\u00e9, la salubrit\u00e9, l'hygi\u00e8ne et la\ntranquillit\u00e9 publiques, alors m\u00eame que ce dernier en a l'obligation au plus tard un mois\navant la date pr\u00e9vue de la manifestation ;\nConsid\u00e9rant la n\u00e9cessit\u00e9 de pr\u00e9venir le risque \u00e9lev\u00e9 de troubles \u00e0 l'ordre public ; que ce\ntype de rassemblement se d\u00e9roule tr\u00e8s souvent sur des terrains priv\u00e9s sans obtenir\nl'autorisation des propri\u00e9taires ; que pour p\u00e9n\u00e9trer sur ces terrains, les organisateurs et\nparticipants d\u00e9gradent les limites de propri\u00e9t\u00e9 afin de prendre possession des lieux ; que\nce type d'\u00e9v\u00e8nement non d\u00e9clar\u00e9 est susceptible de rassembler plusieurs centaines voire\nmilliers de personnes durant plusieurs jours cons\u00e9cutifs, mettant ainsi en p\u00e9ril leur propre\ns\u00e9curit\u00e9 faute de mesures pr\u00e9alablement valid\u00e9es par l'autorit\u00e9 pr\u00e9fectorale ; que les\nmoyens appropri\u00e9s en mati\u00e8re de lutte contre l'incendie et de secours aux personnes, ainsi\nqu'en mati\u00e8re de s\u00e9curit\u00e9 sanitaire et routi\u00e8re ne peuvent \u00eatre r\u00e9unis ; que, dans ces\nconditions, ces rassemblements comportent des risques s\u00e9rieux de d\u00e9sordres ;\nConsid\u00e9rant que ces rassemblements sont \u00e9galement \u00e0 l'origine d'atteintes \u00e0 la tranquillit\u00e9\net \u00e0 la salubrit\u00e9 publiques d\u00e8s lors que le voisinage est victime de la diffusion de musique\namplifi\u00e9e  \u00e0  haut  volume  et  qu'une  quantit\u00e9  importante  de  d\u00e9chets  sont\nsyst\u00e9matiquement laiss\u00e9s au sol \u00e0 l'issue ; \nConsid\u00e9rant que le d\u00e9partement du Var est r\u00e9guli\u00e8rement sujet \u00e0 des rassemblements\nfestifs \u00e0 caract\u00e8re musical non d\u00e9clar\u00e9s ; que dix-huit rassemblements musicaux ill\u00e9gaux\nont \u00e9t\u00e9 organis\u00e9s dans le Var durant l'ann\u00e9e 2025 ;  qu'un rassemblement musical ill\u00e9gal de\nplus d'une centaine de personnes a eu lieu \u00e0 Seillans du 21 au 22 d\u00e9cembre 2025 ; qu'un\nrassemblement a eu lieu le 17 janvier 2026 sur la commune du Muy ; qu'un  rassemblement\na eu lieu le 28 f\u00e9vrier 2026 sur la commune du Thoronet regroupant une cinquantaine de\npersonnes ; qu'un autre rassemblement a eu lieu le 12 avril 2026 \u00e0 Baudinard-sur-Verdon\nregroupant une centaine de personnes et quarante v\u00e9hicules ; que ces rassemblements\nont entra\u00een\u00e9 la verbalisation de nombreux participants ; que la veille des r\u00e9seaux sociaux,\neffectu\u00e9e par la gendarmerie, r\u00e9v\u00e8le la possibilit\u00e9 d'un \u00e9v\u00e8nement semblable sur le\nd\u00e9partement du Var en mai 2026 ; \nConsid\u00e9rant que persistent des tensions au plan international en particulier dans le cadre\ndu conflit au Proche-Orient ; que le niveau tr\u00e8s \u00e9lev\u00e9 de la menace terroriste continue de\npeser sur la France ; que le plan Vigipirate est rehauss\u00e9 depuis le 24 mars 2025 au niveau\n\u00ab s\u00e9curit\u00e9 renforc\u00e9e \u2013 urgence attentat \u00bb ; que par cons\u00e9quent, les forces de s\u00e9curit\u00e9 sont\nfortement mobilis\u00e9es ;\nConsid\u00e9rant que le d\u00e9partement du Var est fortement expos\u00e9 au risque incendie ; que\nl'alimentation \u00e9lectrique des \u00e9l\u00e9ments de sonorisation repose tr\u00e8s souvent sur l'utilisation\nde groupes \u00e9lectrog\u00e8nes eux-m\u00eames aliment\u00e9s en carburant ; que cette pratique\ncombin\u00e9e \u00e0 la forte concentration de personnes sur site est g\u00e9n\u00e9ratrice d'un risque accru\nd'incendie ; que le 11 juin 2024, plus de 600 hectares ont br\u00fbl\u00e9 dans le massif des Maures,\nmassif propice aux rassemblements musicaux ill\u00e9gaux ; que de mani\u00e8re g\u00e9n\u00e9rale, le risque\nincendie est d\u00e9multipli\u00e9 dans les massifs o\u00f9 sont organis\u00e9es des \u00ab Rave party \u00bb qui\nrassemblent r\u00e9guli\u00e8rement plusieurs centaines de personnes ; que cette situation oblige \u00e0\ninterdire ce type de rassemblements dans l'ensemble du d\u00e9partement du Var qui\ncomptabilise plusieurs milliers d'hectares de massifs forestiers ainsi que de nombreux\nespaces prot\u00e9g\u00e9s ;\nPr\u00e9fecture du VAR - 83-2026-04-23-00001 - \nArr\u00eat\u00e9 pr\u00e9fectoral portant interdiction de rassemblements festifs \u00e0 caract\u00e8re musical et interdiction de circulation de tout v\u00e9hicule\ntransportant du mat\u00e9riel de sons \u00e0 destination d'un rassemblement festif \u00e0 caract\u00e8re musical non autoris\u00e9 dans le d\u00e9partement du\nVar\n9\nConsid\u00e9rant que l'ensemble de ces troubles est de nature \u00e0 perturber gravement la\ns\u00e9curit\u00e9, la tranquillit\u00e9 et la sant\u00e9 publiques ;\nConsid\u00e9rant l'urgence \u00e0 pr\u00e9venir les risques d'atteinte grave \u00e0 l'ordre public et les pouvoirs\nde police administrative g\u00e9n\u00e9rale que le pr\u00e9fet tient des dispositions de l'article L.2215-1\ndu Code g\u00e9n\u00e9ral des collectivit\u00e9s territoriales ;\nSur proposition de la sous-pr\u00e9f\u00e8te, directrice de cabinet du pr\u00e9fet du Var ;\nARR\u00caTE  \n   :   \nArticle 1     :    La tenue des rassemblements festifs \u00e0 caract\u00e8re musical r\u00e9pondant \u00e0 l'ensemble\ndes caract\u00e9ristiques \u00e9nonc\u00e9es \u00e0 l'article R. 211-2 du Code de la s\u00e9curit\u00e9 int\u00e9rieure est\ninterdite sur l'ensemble du territoire du d\u00e9partement du Var du jeudi 30 avril 2026 \u00e0 18h00\nau lundi 1er juin 2026 \u00e0 09h00.\nArticle 2     :    Le transport du mat\u00e9riel de sonorisation ou d'amplification de type \u00ab sound\nsystem \u00bb susceptible d'\u00eatre utilis\u00e9 pour les rassemblements mentionn\u00e9s \u00e0 l'article 1er du\npr\u00e9sent arr\u00eat\u00e9 est interdit sur l'ensemble des r\u00e9seaux routiers (r\u00e9seaux national et\nsecondaire) varois ainsi que dans les massifs forestiers du d\u00e9partement du Var du jeudi 30\navril 2026 \u00e0 18h00 au lundi 1er juin 2026 \u00e0 09h00.\nArticle 3   :   Toute infraction au pr\u00e9sent arr\u00eat\u00e9 est passible des sanctions pr\u00e9vues par l'article\nR.211-27 du Code de la s\u00e9curit\u00e9 int\u00e9rieure et peut donner lieur \u00e0 la saisie du mat\u00e9riel en\nvue de sa confiscation par le tribunal.\nArticle 4     :     Le pr\u00e9sent arr\u00eat\u00e9 sera publi\u00e9 au recueil des actes administratifs de la pr\u00e9fecture\ndu Var. Il peut faire l'objet, dans un d\u00e9lai de deux mois \u00e0 compter de sa publication :\n\u2013 d'un recours administratif (recours gracieux aupr\u00e8s du Pr\u00e9fet du Var ou d'un recours\nhi\u00e9rarchique aupr\u00e8s du Minist\u00e8re de l'Int\u00e9rieur)\n\u2013 d'un recours contentieux devant le Tribunal Administratif de Toulon 5 rue Racine \u2013 CS\n40510 \u2013 83 041 TOULON cedex 9\nLe Tribunal Administratif peut \u00eatre saisi par l'application informatique \u00ab T\u00e9l\u00e9secours\ncitoyens \u00bb accessible par le site internet www.telerecours.fr\nArticle 5  :   La sous-pr\u00e9f\u00e8te, directrice de cabinet, le colonel, commandant le groupement\nde gendarmerie d\u00e9partementale du Var, le directeur interd\u00e9partemental de la police\nnationale, et les maires des communes du d\u00e9partement, sont charg\u00e9s, chacun en ce qui le\nconcerne, de l'ex\u00e9cution du pr\u00e9sent arr\u00eat\u00e9 qui sera transmis pour information aux\nprocureurs de la R\u00e9publique pr\u00e8s les tribunaux de judiciaires de Toulon et de Draguignan.\nFait \u00e0 Toulon, le 23 avril 2026\nPour le pr\u00e9fet et par d\u00e9l\u00e9gation,\n        le secr\u00e9taire g\u00e9n\u00e9ral\nSign\u00e9\nLucien GIUDICELLI\n                                                                     \nPr\u00e9fecture du VAR - 83-2026-04-23-00001 - \nArr\u00eat\u00e9 pr\u00e9fectoral portant interdiction de rassemblements festifs \u00e0 caract\u00e8re musical et interdiction de circulation de tout v\u00e9hicule\ntransportant du mat\u00e9riel de sons \u00e0 destination d'un rassemblement festif \u00e0 caract\u00e8re musical non autoris\u00e9 dans le d\u00e9partement du\nVar\n10","date":"2026-04-23","first_seen_on":"2026-04-23T14:54:55+00:00","id":"3a78fb909faa30829f6fbf9a706a044d015b0e523ed8f970ab0d9d1cb3acd2fe","name":"RAA N\u00b0139 du 23 avril 2026","pdf_creation_date":"2026-04-23T14:46:30+00:00","pdf_modification_date":null,"timezone":"Europe/Paris","url":"https://www.var.gouv.fr/contenu/telechargement/46125/300465/file/RAA%20N%C2%B0139%20du%2023%20avril%202026.pdf"}
