{"administration":"pref83","administration_name":"Pr\u00e9fecture du Var","content":"VAR\nRECUEIL DES ACTES\nADMINISTRATIFS\nN\u00b083-2024-294\nPUBLI\u00c9 LE 22 OCTOBRE 2024\nSommaire\nDirection d\u00e9partementale des territoires et de la mer du Var / Service\nagriculture et for\u00eat de la DDTM\n83-2024-10-17-00011 - Arr\u00eat\u00e9 pr\u00e9fectoral n\u00b0DDTM/SAF-05 du\n17/10/2024 portant autorisation d'exploitation de terres incultes sur la\ncommune de Villecroze (3 pages) Page 4\nDirection d\u00e9partementale des territoires et de la mer du Var / Service eau\net biodiversit\u00e9 de la DDTM\n83-2024-06-21-00006 - ARR\u00caT\u00c9 PR\u00c9FECTORAL n\u00b0\nDDTM/SEBIO/2023-134\nnum\u00e9ro d'ordre du 21 JUIN 2024\nportant\nprescription au titre de l'article L.214-1 du Code de\nl'Environnement\nconcernant le syst\u00e8me d'assainissement relatif \u00e0 la\nstation d'\u00e9puration de Porquerolles\nsur la commune de\nHy\u00e8res-Les-Palmiers (17 pages) Page 8\nPr\u00e9fecture du VAR / Direction de la coordination des politiques publiques\net de l'appui territorial\n83-2024-10-22-00001 - ARR\u00caT\u00c9 PR\u00c9FECTORAL n\u00b0 2024/48/MCI du 22\noctobre 2024\nportant d\u00e9l\u00e9gation de signature \u00e0 M. Thibaut\nDARGON,\ndirecteur de la citoyennet\u00e9 et de la l\u00e9galit\u00e9 de la\npr\u00e9fecture du Var (4 pages) Page 26\n83-2024-10-22-00004 - ARR\u00caT\u00c9 PR\u00c9FECTORAL n\u00b02024/44/MCI du 22\noctobre 2024\nportant d\u00e9l\u00e9gation de signature pour\nl'ordonnancement secondaire \ndes d\u00e9penses et des recettes\nde la\npr\u00e9fecture de TOULON et des sous-pr\u00e9fectures de DRAGUIGNAN et\nBRIGNOLES \n imput\u00e9es sur le budget de l'\u00c9tat (7 pages) Page 31\n83-2024-10-22-00005 - ARR\u00caT\u00c9 PR\u00c9FECTORAL n\u00b02024/46/MCI du 22\noctobre 2024\nportant d\u00e9l\u00e9gation de signature \u00e0 M. Edward de\nLUMLEY,\nDirecteur r\u00e9gional des affaires culturelles de la r\u00e9gion\nProvence-Alpes-C\u00f4te d'Azur  (3 pages) Page 39\n83-2024-10-22-00006 - ARR\u00caT\u00c9 PR\u00c9FECTORAL n\u00b02024/47/MCI du 22\noctobre 2024\nportant d\u00e9l\u00e9gation de signature \u00e0 M. David\nDOLIQUE,\nattach\u00e9 principal d'administration de l'\u00c9tat, chef du\nbureau de l'environnement et du\nd\u00e9veloppement durable, assurant\nl'int\u00e9rim du directeur de la direction de la coordination\ndes\npolitiques publiques et de l'appui territorial (DCPPAT); (3 pages) Page 43\nPr\u00e9fecture du VAR / Direction des s\u00e9curit\u00e9s\n83-2024-10-22-00003 - Arr\u00eat\u00e9 pr\u00e9fectoral  n\u00b02024-10-006 ESC du 22\noctobre 2024 portant r\u00e9glementation temporaire de la circulation sur\nl'autoroute A8 sur le territoire des communes des Adrets-de-l'Est\u00e9rel,\nFr\u00e9jus et Tannreron (2 pages) Page 47\n2\n83-2024-10-22-00002 - Arr\u00eat\u00e9 pr\u00e9fectoral n\u00b02024-10-004 ESC du 22\noctobre 2024 portant r\u00e9glementation temporaire de la circulation sur\nl'autoroute A57 sur le territoire des communes de La Garde, La Farl\u00e8de,\nSollies-Ville, Sollies-Pont, Cuers et Puget-Ville (6 pages) Page 50\n3\nDirection d\u00e9partementale des territoires et de la\nmer du Var\n83-2024-10-17-00011\nArr\u00eat\u00e9 pr\u00e9fectoral n\u00b0DDTM/SAF-05 du\n17/10/2024 portant autorisation d'exploitation\nde terres incultes sur la commune de Villecroze\nDirection d\u00e9partementale des territoires et de la mer du Var - 83-2024-10-17-00011 - Arr\u00eat\u00e9 pr\u00e9fectoral n\u00b0DDTM/SAF-05 du 17/10/2024\nportant autorisation d'exploitation de terres incultes sur la commune de Villecroze 4\n=m\nPREFET\nDU  VAR\nLibert\u00e9\nEgalit\u00e9\nFraternit\u00e9\nDirection d\u00e9partementale\ndes territoires et de la mer du Var\nARR\u00caT\u00c9 PR\u00c9FECTORAL n\u00b0 DDTM/SAF -05 du 17/10/2024\nportant autorisation d'exploitation de terres incultes sur la commune de Villecroze\nLe pr\u00e9fet du Var,\nVu le d\u00e9cret du 13 juillet 2023 portant nomination de Monsieur Philippe MAHE en qualit\u00e9 de pr\u00e9fet  \ndu Var \u00e0 compter du 21 ao\u00fbt 2023 ;\nVu l'arr\u00eat\u00e9 pr\u00e9fectoral n\u00b02023/63/MCI du 21 ao\u00fbt 2023 portant d\u00e9l\u00e9gation de signature \u00e0 Monsieur  \nLaurent BOULET, directeur d\u00e9partemental des territoires et de la mer du Var  ;\nVu le code rural et de la p\u00eache maritime (CRPM), notamment ses articles L. 125-1 et suivants et  \nR. 125-1 et suivants ;\nVu la demande de mise en valeur d'une terre inculte ou manifestement sous-exploit\u00e9e, portant sur la  \nparcelle  149AC0075  localis\u00e9e  sur  la  commune  de  Villecroze,  d\u00e9pos\u00e9e le  6  septembre  2023  par \nM. Olivier ZIEGLER-WERMESCHER, dont le si\u00e8ge d'exploitation est situ\u00e9 323 chemin Font Marthe  \n83690 Villecroze ;\nVu  la  d\u00e9lib\u00e9ration  de  la  commission  d\u00e9partementale  d'am\u00e9nagement  foncier  du  Var  du  30  \nnovembre 2023 de mettre en \u0153uvre la proc\u00e9dure de mise en valeur des terres incultes sur la parc elle \n149AC0075 localis\u00e9e sur la commune de Villecroze ;\nVu le courrier du 20 d\u00e9cembre 2023 de mise en demeure du propri\u00e9taire d'exploiter sa parcelle  \n149AC0075 ;\nVu l'arr\u00eat\u00e9 pr\u00e9fectoral n\u00b0DDTM/SAF/BDR/2024-01 du 29 mai 2024 constatant la renonciation du  \npropri\u00e9taire \u00e0 remettre en valeur la parcelle inculte  ;\nVu la demande d'autorisation d'exploiter et le plan de remise en valeur, portants sur la parcelle  \n149AC0075 localis\u00e9e sur la commune de Villecroze, d\u00e9pos\u00e9s le 17 juin 2024 par M. Olivier ZIEGLER-\nWERMESCHER ;\nVu l'absence  de  d\u00e9p\u00f4t  de  demande  concurrente  \u00e0  celle  d\u00e9pos\u00e9e  par  M.  Olivier  ZIEGLER-\nWERMESCHER ;\nVu l'avis  de  la  consultation  \u00e9lectronique  de  la  commission  d\u00e9partementale  d'orientation  de  \nl'agriculture du 22 juillet au 09 ao\u00fbt 2024 sur le plan de remise en valeur de fonds propos\u00e9 par  \nM. Olivier ZIEGLER-WERMESCHER, qui s'est tenue en pr\u00e9sentiel le 18 juillet 2024  ;\nConsid\u00e9rant que selon l'article L125-4 du code rural et de la p\u00eache maritime, le pr\u00e9fet peut attribuer  \nl'autorisation d'exploiter, apr\u00e8s avis de la commission d\u00e9partementale d'orientation de l'agriculture  \nsur le plan de remise en valeur  ;\nSur proposition du directeur d\u00e9partemental des territoires et de la mer du Var,\nARR\u00caTE\nArticle 1er : M. Olivier ZIEGLER-WERMESCHER dont le si\u00e8ge d'exploitation est situ\u00e9 323 chemin Font  \nMarthe 83690 Villecroze, est autoris\u00e9 \u00e0 exploiter la parcelle 149AC0075 repr\u00e9sent\u00e9e graphiquement  \nen annexe 1, situ\u00e9e sur la commune de Villecroze, pour une superficie de 00ha 52a 30ca.\nArticle 2 : La pr\u00e9sente autorisation emporte de plein droit l'existence d'un bail \u00e0 ferme.\n1/3\nDirection d\u00e9partementale des territoires et de la mer du Var - 83-2024-10-17-00011 - Arr\u00eat\u00e9 pr\u00e9fectoral n\u00b0DDTM/SAF-05 du 17/10/2024\nportant autorisation d'exploitation de terres incultes sur la commune de Villecroze 5\nArticle 3 : Sous peine de r\u00e9siliation, les fonds, objet de la pr\u00e9sente autorisation, doivent \u00eatre mis en  \nvaleur dans le d\u00e9lai d'un an \u00e0 compter de la date \u00e0 laquelle la pr\u00e9sente d\u00e9cision sera ex\u00e9cutoire.\nArticle 4 : Le pr\u00e9sent arr\u00eat\u00e9 sera publi\u00e9 au recueil des actes administratifs de la pr\u00e9fecture du Var et  \naffich\u00e9 pendant un mois en mairie  de Villecroze.\nArticle  5 :  Le  pr\u00e9sent  arr\u00eat\u00e9  est  susceptible  de  faire  l'objet  d'un  recours  contentieux  devant  le  \nTribunal administratif de Toulon dans un d\u00e9lai de deux mois \u00e0 compter de sa notification.\nIl peut \u00eatre saisi via l'application T\u00e9l\u00e9recours citoyen accessible \u00e0 partir du site www.telerecours.fr  ou \npar requ\u00eate d\u00e9pos\u00e9e sur place ou envoy\u00e9e par courrier au greffe de la juridiction comp\u00e9tente.\nIl est \u00e9galement susceptible de faire l'objet d'un recours gracieux aupr\u00e8s de mes services ainsi que  \nd'un recours hi\u00e9rarchique aupr\u00e8s du Ministre dans le m\u00eame d\u00e9lai.\nUn recours contentieux peut ensuite \u00eatre form\u00e9 aupr\u00e8s du Tribunal administratif de Toulon dans le  \nd\u00e9lai de deux mois suivant le rejet explicite ou implicite du recours gracieux ou hi\u00e9rarchique.\nArticle 6 : Le secr\u00e9taire g\u00e9n\u00e9ral de la pr\u00e9fecture du Var, le directeur d\u00e9partemental des territoires et  \nde la mer du Var et le maire de la commune de  Villecroze, sont charg\u00e9s, chacun en ce qui le  \nconcerne, de l'ex\u00e9cution du pr\u00e9sent arr\u00eat\u00e9.\nFait \u00e0 Toulon, le 17/10/2024\nPour le Pr\u00e9fet du Var et par d\u00e9l\u00e9gation,\nLe directeur d\u00e9partemental des territoires et de  \nla mer du Var\nSIGNE\nLaurent BOULET\n2/3Direction d\u00e9partementale des territoires et de la mer du Var - 83-2024-10-17-00011 - Arr\u00eat\u00e9 pr\u00e9fectoral n\u00b0DDTM/SAF-05 du 17/10/2024\nportant autorisation d'exploitation de terres incultes sur la commune de Villecroze 6\nANNEXE 1\nArr\u00eat\u00e9 pr\u00e9fectoral autorisant l'exploitation de terres incultes ou sous-exploit\u00e9es sur la \ncommune de Villecroze parcelle AC0075 par M. Olivier ZIEGLER-WERMESCHER\nDirection d\u00e9partementale des territoires et de la mer du Var - 83-2024-10-17-00011 - Arr\u00eat\u00e9 pr\u00e9fectoral n\u00b0DDTM/SAF-05 du 17/10/2024\nportant autorisation d'exploitation de terres incultes sur la commune de Villecroze 7\nDirection d\u00e9partementale des territoires et de la\nmer du Var\n83-2024-06-21-00006\nARR\u00caT\u00c9 PR\u00c9FECTORAL n\u00b0 DDTM/SEBIO/2023-134\nnum\u00e9ro d'ordre du 21 JUIN 2024\nportant prescription au titre de l'article L.214-1\ndu Code de l'Environnement\nconcernant le syst\u00e8me d'assainissement relatif \u00e0\nla station d'\u00e9puration de Porquerolles\nsur la commune de Hy\u00e8res-Les-Palmiers\nDirection d\u00e9partementale des territoires et de la mer du Var - 83-2024-06-21-00006 - ARR\u00caT\u00c9 PR\u00c9FECTORAL n\u00b0 DDTM/SEBIO/2023-134\nnum\u00e9ro d'ordre du 21 JUIN 2024\nportant prescription au titre de l'article L.214-1 du Code de l'Environnement\nconcernant le syst\u00e8me d'assainissement relatif \u00e0 la station d'\u00e9puration de Porquerolles\nsur la commune de Hy\u00e8res-Les-Palmiers8\n=m\nPREFET\nDU  VAR\nLibert\u00e9\nEgalit\u00e9\nFraternit\u00e9\n B  \nARR\u00caT\u00c9 PR\u00c9FECTORAL n\u00b0 DDTM/SEBIO/2023-134\nnum\u00e9ro d'ordre du 21 JUIN 2024\nportant prescription au titre de l'article L.214-1 du Code de l'Environnement\nconcernant le syst\u00e8me d'assainissement relatif \u00e0 la station d'\u00e9puration de  \nPorquerolles\nsur la commune de Hy\u00e8res-Les-Palmiers       \nLe pr\u00e9fet du Var,\nVu la directive-cadre sur l'eau (2000/60/CE),\nVu la directive europ\u00e9enne n\u00b091/271/CEE du 21 mai 1991 relative au traitement des eaux  \nr\u00e9siduaires urbaines,\nVu le code de l'environnement,\nVu le code de l'urbanisme,\nVu le code g\u00e9n\u00e9ral des collectivit\u00e9s territoriales et notamment ses articles L.2224-7 \u00e0  \nL.2224-11 et R.2224-6 \u00e0 R.2224-16,\nVu  le  d\u00e9cret  portant  approbation  de  la  charte  du  parc  national  de  Port-Cros  du  30  \nd\u00e9cembre 2015,\nVu le d\u00e9cret du pr\u00e9sident de la r\u00e9publique du 13 juillet 2023 portant nomination de  \nMonsieur Philippe MAH\u00c9 en qualit\u00e9 de pr\u00e9fet du Var,\nVu l'arr\u00eat\u00e9 interminist\u00e9riel du 21 juillet 2015 modifi\u00e9 relatif aux syst\u00e8mes d'assainissement  \ncollectif et aux installations d'assainissement non collectif, \u00e0 l'exception des installations  \nd'assainissement non collectif recevant une charge brute de pollution organique inf\u00e9rieure  \nou \u00e9gale \u00e0 1,2 kg/j de DBO5,\nVu les fascicules 70, 71 et 81 titre II relatifs \u00e0 la conception et \u00e0 l'ex\u00e9cution d'installations  \nd'\u00e9puration d'eaux us\u00e9es, annex\u00e9s \u00e0 l'arr\u00eat\u00e9 du 30 mai 2012,\nVu l'arr\u00eat\u00e9 pr\u00e9fectoral n\u00b0  2023/63/MCI du 21 ao\u00fbt 2023 portant d\u00e9l\u00e9gation de signature \u00e0  \nM. Laurent BOULET, directeur d\u00e9partemental des territoires et de la mer du Var  ;\nVu  l'arr\u00eat\u00e9  pr\u00e9fectoral  du  21  mars  2022  portant  approbation  du  sch\u00e9ma  directeur  \nd'am\u00e9nagement  et  de  gestion  des  eaux  du  bassin  Rh\u00f4ne-M\u00e9diterran\u00e9e  et  arr\u00eatant  le  \nprogramme pluriannuel de mesures correspondant,\nVu  l'arr\u00eat\u00e9  pr\u00e9fectoral  portant  approbation  du  sch\u00e9ma  r\u00e9gional  d'am\u00e9nagement,  de  \nd\u00e9veloppement durable et d'\u00e9galit\u00e9 des territoires (SRADDET) de la r\u00e9gion Provence Alpes  \nC\u00f4te d'Azur du 15 octobre 2019,\n1/17Direction d\u00e9partementale\n         des territoires et de la mer du Var\nDirection d\u00e9partementale des territoires et de la mer du Var - 83-2024-06-21-00006 - ARR\u00caT\u00c9 PR\u00c9FECTORAL n\u00b0 DDTM/SEBIO/2023-134\nnum\u00e9ro d'ordre du 21 JUIN 2024\nportant prescription au titre de l'article L.214-1 du Code de l'Environnement\nconcernant le syst\u00e8me d'assainissement relatif \u00e0 la station d'\u00e9puration de Porquerolles\nsur la commune de Hy\u00e8res-Les-Palmiers9\nVu le plan r\u00e9gional de pr\u00e9vention et de gestion des d\u00e9chets (PRPGD) PACA approuv\u00e9 le 26  \njuin 2019,\nVu  l'arr\u00eat\u00e9  pr\u00e9fectoral  du  2  mars  2016  portant  prescriptions  concernant  le  syst\u00e8me  \nd'assainissement relatif \u00e0 la station d'\u00e9puration de Porquerolles sur la commune de Hy\u00e8res,\nVu l'arr\u00eat\u00e9 pr\u00e9fectoral du 4 f\u00e9vrier 2022 autorisant la r\u00e9utilisation des eaux us\u00e9es trait\u00e9es  \nissues de la station d'\u00e9puration de Porquerolles en irrigation,\nVu le dossier de demande pr\u00e9sent\u00e9 par la m\u00e9tropole Toulon-Provence-M\u00e9diterran\u00e9e  le 16 \njanvier 2024,\nVu les observations de la m\u00e9tropole Toulon-Provence-M\u00e9diterran\u00e9e par courriel dat\u00e9 du 2  \navril 2024 sur ce projet d'arr\u00eat\u00e9,\nVu les observations du Parc national de Port-Cros par courriel dat\u00e9 du 18 avril 2024 sur ce  \nprojet d'arr\u00eat\u00e9,\nVu les observations de l'Agence R\u00e9gionale de sant\u00e9 par courriel dat\u00e9 du 12 f\u00e9vrier 2024 et  \ndont les prescriptions ont \u00e9t\u00e9 reprises dans ce projet d'arr\u00eat\u00e9,\nVu les observations de l'Office Fran\u00e7ais de la Biodiversit\u00e9 par courriel dat\u00e9 du 27 f\u00e9vrier  \n2024 sur ce projet d'arr\u00eat\u00e9,\nConsid\u00e9rant que cet ouvrage et son bon fonctionnement concourent \u00e0 la pr\u00e9servation des  \nint\u00e9r\u00eats  d\u00e9fendus  par  l'article  L.211-1  du  code  de  l'environnement  et  par  le  sch\u00e9ma  \ndirecteur d'am\u00e9nagement et de gestion des eaux du bassin Rh\u00f4ne-M\u00e9diterran\u00e9e,\nSur proposition du directeur d\u00e9partemental des territoires et de la mer du Var,\nARR\u00caTE\nTITRE 1ER : OBJET DE LA PRESCRIPTION\nARTICLE 1 \u2013 OBJET DE LA PRESCRIPTION\nLe syst\u00e8me d'assainissement de Porquerolles sur la commune de  Hy\u00e8res-les-palmiers est  \nautoris\u00e9 par le pr\u00e9sent arr\u00eat\u00e9 .\nMa\u00eetre d'ouvrage :\nLa m\u00e9tropole Toulon-Provence-M\u00e9diterrann\u00e9e (MTPM)  est ma\u00eetre d'ouvrage du r\u00e9seau de  \ncollecte des eaux us\u00e9es et de la station d'\u00e9puration .\nLa rubrique de la nomenclature concern\u00e9e par le syst\u00e8me d'assainissement est la suivante  :\nn\u00b0 de la \nrubriqueIntitul\u00e9 de la rubrique R\u00e9gime applicable\n2.1.1.0.Syst\u00e8mes d'assainissement collectif des eaux us\u00e9es et  \ninstallations d'assainissement non collectif destin\u00e9s \u00e0  \ncollecter et traiter une charge brute de pollution or -\nganique au sens de l'article R.2224-6 du code g\u00e9n\u00e9ral  \ndes collectivit\u00e9s territoriales :\n2\u00b0 Sup\u00e9rieure \u00e0 12 kg de DBO5, mais inf\u00e9rieure ou  \n\u00e9gale \u00e0 600 kg de DBO5 (D)D\u00e9claration\n2/17Direction d\u00e9partementale des territoires et de la mer du Var - 83-2024-06-21-00006 - ARR\u00caT\u00c9 PR\u00c9FECTORAL n\u00b0 DDTM/SEBIO/2023-134\nnum\u00e9ro d'ordre du 21 JUIN 2024\nportant prescription au titre de l'article L.214-1 du Code de l'Environnement\nconcernant le syst\u00e8me d'assainissement relatif \u00e0 la station d'\u00e9puration de Porquerolles\nsur la commune de Hy\u00e8res-Les-Palmiers10\nARTICLE 2 \u2013 CONDITIONS G\u00c9N\u00c9RALES\nLes  installations  de  collecte,  de  traitement  et  de  rejet  sont  r\u00e9alis\u00e9es  et  exploit\u00e9es  \nconform\u00e9ment aux plans et donn\u00e9es techniques contenus dans les documents figurant au  \ndossier de d\u00e9claration, porter \u00e0 connaissance et sch\u00e9ma directeur d'assainissement, en  \ntout ce qui n'est pas contraire \u00e0 la r\u00e9glementation en vigueur et au pr\u00e9sent arr\u00eat\u00e9.\nARTICLE 3 \u2013 DESCRIPTION DU SYST\u00c8ME D'ASSAINISSEMENT\n3.1.Syst\u00e8me de collecte - situation actuelle\nLe r\u00e9seau d'assainissement est de type s\u00e9paratif, avec 5,5 km de r\u00e9seau gravitaire et 1,5 km  \nde r\u00e9seau en refoulement.\nLe syst\u00e8me comprend 2 postes de rel\u00e8vement  :\n\u2022le  poste  du  port  (2  pompes  -  80  m\u00b3/h),  situ\u00e9  sur  le  port  de  l'\u00eele,  canalisation  \nprincipale de refoulement DN 200 \u00e9quip\u00e9e d'un d\u00e9bitm\u00e8tre \u00e9lectromagn\u00e9tique, qui  \ncomprend un d\u00e9versoir d'orage (avec mesure du d\u00e9bit) vers le bassin portuaire,\n\u2022et le poste du hameau du Cap d'Armes (20 m\u00b3/h) situ\u00e9 \u00e0 proximit\u00e9 des lagunes,  \ncanalisation  secondaire  de  refoulement  DN  90,  \u00e9quip\u00e9e  d'un  d\u00e9bitm\u00e8tre  \n\u00e9lectromagn\u00e9tique.\n3.2.Syst\u00e8me de collecte - situation \u00e0 terme\nUn diagnostic exhaustif de l'\u00e9tat du r\u00e9seau de collecte est r\u00e9alis\u00e9 d'ici le 31 d\u00e9cembre 2029  \nau plus tard. Le programme de travaux qui conclura ce diagnostic sera mis en \u0153uvre \u00e0 la  \nsuite. Dans tous les cas, un ratio de renouvellement du r\u00e9seau de collecte de 1,3  % par an \ndu  lin\u00e9aire  total  est  attendu  \u00e0  compter  de  2030  sur  la  dur\u00e9e  de  vie  du  syst\u00e8me  \nd'assainissement. Ce taux est calcul\u00e9 sur une moyenne de 5 ans.\n3.3.Syst\u00e8me de traitement (station d'\u00e9puration de Porquerolles)\nCapacit\u00e9 de traitement\nLe syst\u00e8me d'\u00e9puration est dimensionn\u00e9e pour traiter des flux de mati\u00e8res polluantes  \ncorrespondant \u00e0 une capacit\u00e9 de 6 500 EH et est en capacit\u00e9 de supporter des variations  \nde charges importantes entre l'hiver et l'\u00e9t\u00e9 .\nLa concentration en chlorures dans les effluents ne d\u00e9passe pas 2g/l en entr\u00e9e de la  \nstation d'\u00e9puration.\nLa m\u00e9tropole proc\u00e8de \u00e0 la reconstruction de la station d'\u00e9puration actuelle. La mise en  \neau devra intervenir avant le 31 d\u00e9cembre 2026.\nTITRE 2 : PRESCRIPTIONS TECHNIQUES\nLes  diff\u00e9rentes  composantes  du  syst\u00e8me  d'assainissement  (syst\u00e8me  de  collecte  et  de  \ntransfert,  station  d'\u00e9puration)  sont  dimensionn\u00e9es,  con\u00e7ues,  r\u00e9habilit\u00e9es,  exploit\u00e9es  \ncomme des ensembles techniquement coh\u00e9rents.\n3/17Direction d\u00e9partementale des territoires et de la mer du Var - 83-2024-06-21-00006 - ARR\u00caT\u00c9 PR\u00c9FECTORAL n\u00b0 DDTM/SEBIO/2023-134\nnum\u00e9ro d'ordre du 21 JUIN 2024\nportant prescription au titre de l'article L.214-1 du Code de l'Environnement\nconcernant le syst\u00e8me d'assainissement relatif \u00e0 la station d'\u00e9puration de Porquerolles\nsur la commune de Hy\u00e8res-Les-Palmiers11\nARTICLE 4 \u2013 PRESCRIPTIONS RELATIVES A LA COLLECTE\n4.1.Dimensionnement, conception et gestion des ouvrages\nLe syst\u00e8me de collecte est r\u00e9alis\u00e9 et g\u00e9r\u00e9 de mani\u00e8re \u00e0 assurer une collecte efficace du  \nvolume  des  effluents  produits  sur  l'ensemble  de  la  zone  d'assainissement  collectif,  \nconform\u00e9ment aux prescriptions de l'arr\u00eat\u00e9 du 21 juillet 2015.\nLes ouvrages sont con\u00e7us, r\u00e9alis\u00e9s, entretenus et exploit\u00e9s de mani\u00e8re \u00e0 \u00e9viter les fuites  \nd'eaux us\u00e9es et les apports d'eaux claires parasites et acheminer au syst\u00e8me de traitement  \ntous les flux polluants collect\u00e9s, dans la limite au minimum du d\u00e9bit de r\u00e9f\u00e9rence de la  \nstation.\nLe  r\u00e9seau  d'eau  potable  est  \u00e9quip\u00e9  d'un  dispositif  de  protection  adapt\u00e9  permettant  \nd'\u00e9viter tout risque de retour d'eaux us\u00e9es dans le r\u00e9seau d'eau potable communal.\nLes plans des r\u00e9seaux et des branchements sont tenus \u00e0 jour par le ma\u00eetre d'ouvrage.\nL'exploitant s'assure, \u00e0 tout moment, du bon fonctionnement des ouvrages, du r\u00e9seau de  \nt\u00e9l\u00e9surveillance,  des  dispositifs  d'auto-surveillance  et  des  dispositifs  de  secours.  Il  \ncomptabilise la quantit\u00e9 annuelle de sous-produits de curage et de d\u00e9cantation du r\u00e9seau  \n(mati\u00e8re s\u00e8che).\n4.2.Am\u00e9lioration et travaux sur les r\u00e9seaux\nLes travaux sont r\u00e9alis\u00e9s conform\u00e9ment au sch\u00e9ma directeur d'assainissement.\nLes nouveaux tron\u00e7ons sont r\u00e9ceptionn\u00e9s au vu des tests et v\u00e9rifications effectu\u00e9s sur les  \ncanalisations, les branchements et regards, conform\u00e9ment \u00e0 l'arr\u00eat\u00e9 du 21 juillet 2015, et  \naux  fascicules  70  et  71  du  cahier  des  clauses  techniques  g\u00e9n\u00e9rales.  Cette  r\u00e9ception  \ns'applique aux ouvrages nouvellement construits et aux ouvrages d'origine priv\u00e9e lors de  \nleur raccordement au r\u00e9seau.\n4.3.D\u00e9versoirs d'orage et surverses de poste de refoulement vers le milieu naturel\nSeules sont autoris\u00e9es les surverses associ\u00e9es aux postes de refoulement pr\u00e9vus \u00e0 l'article  \n3.1.\nLes d\u00e9versoirs ou surverses ou d\u00e9rivations \u00e9ventuelles font l'objet de l'auto-surveillance  \nr\u00e9glementaire en fonction des charges re\u00e7ues (cf. article 9).\nToutes les dispositions sont mises en \u0153uvre pour \u00e9viter tout d\u00e9versement d'eaux brutes  \ndans le milieu naturel (particuli\u00e8rement, lors des op\u00e9rations de maintenance).\nTout nouvel ouvrage est port\u00e9 \u00e0 la connaissance du pr\u00e9fet avant sa r\u00e9alisation et fait  \nl'objet de cette auto-surveillance.\n4.4.Raccordements\nLe type et la nature des raccordements sont conformes aux prescriptions suivantes  :\n\u2022tout  raccordement  d'effluents  non  domestiques  fait  l'objet  d'une  autorisation  \ncompl\u00e9t\u00e9e  si  n\u00e9cessaire  d'une  convention  de  d\u00e9versement  entre  le  ma\u00eetre  \nd'ouvrage et le p\u00e9titionnaire. Les prescriptions d\u00e9finies dans l'arr\u00eat\u00e9 du 21 juillet  \n2015  (article  13)  sont  mises  en  \u0153uvre.  Cette  autorisation  ne  dispense  pas  ces  \nd\u00e9versements  des  obligations  auxquelles  ils  sont,  le  cas  \u00e9ch\u00e9ant,  soumis  en  \napplication des dispositions relatives aux installations class\u00e9es pour la protection de  \nl'environnement et de toute autre r\u00e9glementation qui leur serait applicable et au  \nr\u00e8glement d'assainissement m\u00e9tropolitatin.\n4/17Direction d\u00e9partementale des territoires et de la mer du Var - 83-2024-06-21-00006 - ARR\u00caT\u00c9 PR\u00c9FECTORAL n\u00b0 DDTM/SEBIO/2023-134\nnum\u00e9ro d'ordre du 21 JUIN 2024\nportant prescription au titre de l'article L.214-1 du Code de l'Environnement\nconcernant le syst\u00e8me d'assainissement relatif \u00e0 la station d'\u00e9puration de Porquerolles\nsur la commune de Hy\u00e8res-Les-Palmiers12\nLes effluents collect\u00e9s ne doivent pas contenir  :\n\u2022les substances vis\u00e9es par le d\u00e9cret n\u00b02005-378 du 20 avril 2005, ni celles figurant \u00e0  \nl'article 13 de l'arr\u00eat\u00e9 du 21 juillet 2015 (dans les conditions d\u00e9finies par cet arr\u00eat\u00e9),\n\u2022de mati\u00e8res solides, liquides ou gazeuses susceptibles d'\u00eatre la cause, directement  \nou  indirectement  apr\u00e8s  m\u00e9lange  avec  d'autres  effluents,  des  gaz  ou  vapeurs  \ntoxiques ou inflammables,\n\u2022des  substances  susceptibles  d'\u00eatre  la  cause  de  d\u00e9gradation  des  ouvrages  \nd'assainissement et de traitement, soit d'une g\u00eane dans leur fonctionnement,\n\u2022de  substances  nuisant  \u00e0  la  destination  finale  des  boues  produites  et  \u00e0  la  \npr\u00e9servation du milieu.\nSont adress\u00e9s tous les deux ans au service charg\u00e9 de la police de l'eau (voir bilan annuel  \nrelatif \u00e0 l'auto-surveillance des r\u00e9seaux  ; article 9) :\n\u2022la liste actualis\u00e9e des effluents non domestiques raccord\u00e9s sur le r\u00e9seau,\n\u2022la liste actualis\u00e9e des conventions de d\u00e9versement d\u00e9livr\u00e9es aux \u00e9tablissements  \nconcern\u00e9s,\n\u2022les r\u00e9sultats des mesures prescrites dans les conventions de d\u00e9versement.\n4.5.Odeurs et bruit\nToutes les pr\u00e9cautions sont prises pour \u00e9viter les nuisances dues \u00e0 la propagation des  \nodeurs \u00e0 l'ext\u00e9rieur du syst\u00e8me de collecte. \u00c0 cet effet, les installations comprennent, l\u00e0  \no\u00f9 cela est n\u00e9cessaire, des ouvrages ferm\u00e9s, la mise en d\u00e9pression de ces b\u00e2timents et la  \nd\u00e9sodorisation de l'air vici\u00e9 ou toute autre mesure qui s'av\u00e9rerait n\u00e9cessaire.\nDans tous les cas, pour les riverains, les normes suivantes sont respect\u00e9es  :\nH2S (hydrog\u00e8ne sulfur\u00e9) < 0,1 mg/Nm\u00b3\nRSH (mercaptans) < 0,1 mg/Nm\u00b3\nNH3 (ammoniac) < 1 mg/Nm\u00b3\nR-NH (amines) < 20 mg/Nm\u00b3\nAld\u00e9hydes C\u00e9tones < 0,4 mg/Nm\u00b3\nNm\u00b3 = normo m\u00e8tres cubes (aux conditions normales : 0\u00b0C et 101,3 kPa)\nToutes les pr\u00e9cautions sont prises pour \u00e9viter la formation et la diffusion d'a\u00e9rosols. Des  \ndispositifs sp\u00e9cifiques destin\u00e9s \u00e0 supprimer l'\u00e9mission ou la dispersion d'a\u00e9rosols sont mis  \nen \u0153uvre (y compris \u00e0 l'int\u00e9rieur de l'ouvrage d'\u00e9puration).\nLes  \u00e9quipements  bruyants  \u00e0  proximit\u00e9  de  pr\u00e9sence  humaine  sont  isol\u00e9s  sur  le  plan  \nphonique.\n5/17Direction d\u00e9partementale des territoires et de la mer du Var - 83-2024-06-21-00006 - ARR\u00caT\u00c9 PR\u00c9FECTORAL n\u00b0 DDTM/SEBIO/2023-134\nnum\u00e9ro d'ordre du 21 JUIN 2024\nportant prescription au titre de l'article L.214-1 du Code de l'Environnement\nconcernant le syst\u00e8me d'assainissement relatif \u00e0 la station d'\u00e9puration de Porquerolles\nsur la commune de Hy\u00e8res-Les-Palmiers13\nARTICLE 5 \u2013 PRESCRIPTIONS RELATIVES AU TRAITEMENT\nLe syst\u00e8me d'\u00e9puration est dimensionn\u00e9, con\u00e7u, construit et exploit\u00e9 de mani\u00e8re telle qu'il  \npuisse recevoir et traiter les flux de mati\u00e8res polluantes d'une capacit\u00e9 estivale de 6 500  \nEH  correspondant  aux  valeurs  de  dimensionnement  suivantes,  en  supportant  des  \nvariations de charges importantes entre l'hiver et l'\u00e9t\u00e9:\nBasse saison Haute saison\nCapacit\u00e9 de la station  \nd'\u00e9puration300 EH 6 500 EH\nCapacit\u00e9 \nhydrauliqueD\u00e9bit de \nr\u00e9f\u00e9rence de la \nstation(m3/j)700 700\nD\u00e9bit horaire de \npointe (m\u00b3/h)80 80\nCharge \npolluante \nnominaleMEST(kg/j) 27 585\nDBO5(kg/j) 18 390\nDCO(kg/j) 39 845\nNK(kg/j) 4,2 91\nPt(kg/j) 0,75 16,25\nLa recirculation sera adapt\u00e9e en p\u00e9riode de temps de pluie pour \u00e9viter tout d\u00e9part de  \nboue.\nLa haute saison s'\u00e9tale du 15 avril au 15 octobre.\nLa station d'\u00e9puration est \u00e9quip\u00e9e de fa\u00e7on \u00e0 ce que les flux polluants \u00e0 l'entr\u00e9e de la  \nstation soient soumis \u00e0 un traitement biologique jusqu'au d\u00e9bit de r\u00e9f\u00e9rence.\nDans  tous  les  cas,  le  syst\u00e8me  d'assainissement  est  capable  de  traiter,  sans  aucun \nd\u00e9versement au milieu naturel d'effluents non trait\u00e9s, pour des pluies de p\u00e9riodes de  \nretour inf\u00e9rieures ou \u00e9gales \u00e0 1 mois.\nLe d\u00e9bit de r\u00e9f\u00e9rence est le d\u00e9bit de dimensionnement pour le fonctionnement normal de  \nla station. Il permet de traiter tous les effluents collect\u00e9s.\nDescription sommaire de l'ouvrage\nPour la file eau :\n\u2022un d\u00e9versoir d'orage en t\u00eate de station (PR du port),\n\u2022un d\u00e9grillage,\n\u2022une fili\u00e8re de pr\u00e9traitements (dessablage, d\u00e9graissage), dimensionn\u00e9e pour un d\u00e9bit  \nde 80 m\u00b3/h, avec une fili\u00e8re de traitement des graisses (la station peut traiter les  \ngraisses ext\u00e9rieures : capacit\u00e9 maximum de d\u00e9potage de 5 m\u00b3/semaine, soit 1 m\u00b3/j  \nouvr\u00e9),\n\u2022une  fili\u00e8re  boues  activ\u00e9es  a\u00e9ration  prolong\u00e9e  \u00ab  classique \u00bb  (bassin  d'a\u00e9ration  +  \nclarificateur), scind\u00e9e en 2 files au moins, pour s'adapter aux variations saisonni\u00e8res.\nPour la file boue :\n6/17Direction d\u00e9partementale des territoires et de la mer du Var - 83-2024-06-21-00006 - ARR\u00caT\u00c9 PR\u00c9FECTORAL n\u00b0 DDTM/SEBIO/2023-134\nnum\u00e9ro d'ordre du 21 JUIN 2024\nportant prescription au titre de l'article L.214-1 du Code de l'Environnement\nconcernant le syst\u00e8me d'assainissement relatif \u00e0 la station d'\u00e9puration de Porquerolles\nsur la commune de Hy\u00e8res-Les-Palmiers14\n\u2022une unit\u00e9 de s\u00e9chage des boues apr\u00e8s d\u00e9shydratation  ; les boues sont d\u00e9shydrat\u00e9es  \nsur site pour obtenir une siccit\u00e9 de 20% \u00b1 2 %, elles sont ensuite s\u00e9ch\u00e9es sur site  \npour \u00eatre \u00e9vacu\u00e9es vers le continent avec une siccit\u00e9 minimale de 70%.\nLe fonctionnement de la station d'\u00e9puration est conforme \u00e0 la description qui en est faite  \ndans le dossier loi sur l'eau EKOS d\u00e9pos\u00e9 par la m\u00e9tropole Toulon-Provence-M\u00e9diterran\u00e9e  \nle 16 janvier 2024 (ref DIOTA-240115-161424-412-009).\nFiabilit\u00e9 des installations et formation du personnel\nL'ensemble des am\u00e9nagements est conforme aux normes de s\u00e9curit\u00e9.\nLe personnel d'exploitation a re\u00e7u une formation ad\u00e9quate lui permettant de r\u00e9agir en  \ns\u00e9curit\u00e9 dans toutes les situations de fonctionnement de la station.\nPhase chantier\nLes travaux se d\u00e9roulent en 3 phases distinctes d\u00e9crites dans le dossier loi sur l'eau d\u00e9pos\u00e9  \npar la m\u00e9tropole Toulon-Provence-M\u00e9diterran\u00e9e le 16 janvier 2024.\nToutes les mesures n\u00e9cessaires sont prises pour qu'aucune nuisance ne soit g\u00e9n\u00e9r\u00e9e en  \nphase chantier et notamment ce qui suit.\nLa production de d\u00e9chets est minimis\u00e9e. Les d\u00e9chets sont trait\u00e9s de mani\u00e8re responsable,  \nle tri selon leur nature de tous les d\u00e9chets et le traitement ou valorisation adapt\u00e9s et  \nconformes  \u00e0  la  l\u00e9gislation  par  fili\u00e8res  agr\u00e9\u00e9es,  notamment  en  fin  de  chantier.  Les  \ntravailleurs  sont  sensibilis\u00e9s  aux  enjeux  environnementaux  de  la  construction  de  \nb\u00e2timents :  des  formations  sont  organis\u00e9es  et  des  programmes  de  sensibilisation  \nenvironnementale sur le chantier sont mis en place.\nAu pr\u00e9alable et durant la p\u00e9riode de pr\u00e9paration du chantier, les entreprises \u00e9laborent un \ndocument de gestion et d'\u00e9limination des d\u00e9chets, le plan des installations de chantier, le  \nplan des assainissements provisoires, les diverses proc\u00e9dures d'intervention d'urgence en  \ncas de pollution accidentelle qui sont contr\u00f4l\u00e9s par le ma\u00eetre d'\u0153uvre.\nLes zones de stockage, apr\u00e8s avis de l'\u00e9cologue, sont d\u00e9finies en accord avec le Parc  \nnational de Port-Cros et le service en charge de la police de l'eau.\nIl convient de mettre \u00e0 disposition des kits de produits absorbants \u00ab anti-pollution \u00bb sur les  \ninstallations  de  chantier  et  d'en  \u00e9quiper  chaque  engin  de  chantier.  Le  nettoyage  du  \nmat\u00e9riel  et  engins  de  chantier  se  fait  sur  des  zones  \u00e9tanches  \u00e9quip\u00e9es  de  dispositifs  \npermettant de r\u00e9cup\u00e9rer, traiter et filtrer les eaux de lavage avant rejet dans le milieu  \nnaturel.\nLes zones mises \u00e0 nu sont rev\u00e9g\u00e9talis\u00e9es en accord avec le Parc national de Port-Cros, afin  \nd'assurer un couvert concurrentiel, la terre v\u00e9g\u00e9tale de surface (les quinze premiers cms)  \nest replac\u00e9e en surface.\nToutes les mesures ERC formul\u00e9es dans le dossier compl\u00e9mentaire de Naturalia datant du  \n18 mars 2024 et annex\u00e9es en annexe 2, seront suivies.\nLa DDTM sera inform\u00e9e (ddtm-assainissement@var.gouv.fr et ddtm-biodiv@var.gouv.fr) du  \nd\u00e9but des travaux avec, au moins, quinze jours ouvr\u00e9s de pr\u00e9avis en pr\u00e9cisant le planning  \nde chantier. De m\u00eame, le rapport post-travaux sera transmis \u00e0 la fin du chantier.\n7/17Direction d\u00e9partementale des territoires et de la mer du Var - 83-2024-06-21-00006 - ARR\u00caT\u00c9 PR\u00c9FECTORAL n\u00b0 DDTM/SEBIO/2023-134\nnum\u00e9ro d'ordre du 21 JUIN 2024\nportant prescription au titre de l'article L.214-1 du Code de l'Environnement\nconcernant le syst\u00e8me d'assainissement relatif \u00e0 la station d'\u00e9puration de Porquerolles\nsur la commune de Hy\u00e8res-Les-Palmiers15\nAfin de pr\u00e9server la ressource en eau et conform\u00e9ment \u00e0 l'avis de l'Agence R\u00e9gionale de  \nSant\u00e9 :\n\u2022seules les \u00e9quipes d'intervention form\u00e9es et sp\u00e9cialis\u00e9es sont habilit\u00e9es \u00e0 effectuer  \nles travaux,\n\u2022le p\u00e9titionnaire porte une attention particuli\u00e8re sur l'importation de tout produit  \nliquide ou gazeux susceptible d'alt\u00e9rer la qualit\u00e9 de l'eau dans ces zones,\n\u2022 l'organisation et les mesures \u00e0 mettre en \u0153uvre en cas de pollution accidentelle  \nsont d\u00e9finies pr\u00e9alablement au commencement du chantier,\n\u2022des  affiches  sont  mises  \u00e0  disposition  sur  le  chantier  rappelant  aux  ouvriers  la  \nconduite \u00e0 tenir : comportement ad\u00e9quat requis et vie de chantier modifi\u00e9e dus \u00e0  \nla pr\u00e9sence de p\u00e9rim\u00e8tres de protection de captage,\n\u2022le chantier et ses abords sont maintenus dans un \u00e9tat de propret\u00e9 compatible avec  \nla protection de la ressource,\n\u2022un syst\u00e8me de d\u00e9p\u00f4t sur r\u00e9tention est mis en place pour tous les produits \u00e0 risque,\n\u2022tout rejet, d\u00e9p\u00f4t et/ou d\u00e9chets susceptible de polluer la ressource est interdit,\n\u2022un kit anti-pollution est \u00e0 disposition sur le chantier afin de contenir une \u00e9ventuelle  \npollution,\n\u2022en cas de risque de pollution accidentelle, la d\u00e9l\u00e9gation d\u00e9partementale du Var de  \nl'ARS PACA, le gestionnaire de captage de la ressource, et le Parc national de Port-\nCros, sont inform\u00e9s (ARS aux adresses suivantes  : pour les heures et jours ouvr\u00e9s  : \nars-paca-dt83-sante-environnement@ars.sante.fr  ; hors heures et jours ouvr\u00e9s  :  ars13-\nalerte@ars.sante.fr  ou 04 13 55 80 00  ; Parc national de Port-Cros \u00e0 direction@portcros-\nparcnational.fr).\nR\u00e9utilisation des eaux us\u00e9es trait\u00e9es\nLa r\u00e9utilisation des eaux us\u00e9es trait\u00e9es est r\u00e9alis\u00e9e conform\u00e9ment \u00e0 l'arr\u00eat\u00e9 pr\u00e9fectoral du  \n4 f\u00e9vrier 2022.\nARTICLE 6 \u2013 PRESCRIPTIONS RELATIVES AUX REJETS DANS LES MILIEUX NATURELS\n6.1.Syst\u00e8me de collecte\nToutes les dispositions sont mises en \u0153uvre pour \u00e9viter tout d\u00e9versement d'eaux brutes  \ndans le milieu naturel. Les d\u00e9versements par temps sec ne sont pas autoris\u00e9s.\nLes d\u00e9versements de temps de pluie ne sont pas autoris\u00e9s, sauf dans le cas de situations  \ninhabituelles, notamment de celles dues \u00e0 des pluies dont l'occurrence est sup\u00e9rieure \u00e0 la  \npluie mensuelle.\n6.2.Eaux issues de la station d'\u00e9puration\nLes rejets de boues d'\u00e9puration dans le milieu aquatique, par quelque moyen que ce soit,  \nsont interdits.\nEn situation normale, toutes les eaux issues du syst\u00e8me d'assainissement font l'objet d'un  \nrejet dans la lagune amont. Les coordonn\u00e9es g\u00e9ographiques du rejet sont  : 42,9884\u00b0N et \n6,2022\u00b0 E (r\u00e9f\u00e9rentiel GPS, WGS84, d\u00e9gr\u00e9s d\u00e9cimaux)  ; 961324 ; 6215222 (RGF93).\n8/17Direction d\u00e9partementale des territoires et de la mer du Var - 83-2024-06-21-00006 - ARR\u00caT\u00c9 PR\u00c9FECTORAL n\u00b0 DDTM/SEBIO/2023-134\nnum\u00e9ro d'ordre du 21 JUIN 2024\nportant prescription au titre de l'article L.214-1 du Code de l'Environnement\nconcernant le syst\u00e8me d'assainissement relatif \u00e0 la station d'\u00e9puration de Porquerolles\nsur la commune de Hy\u00e8res-Les-Palmiers16\n6.3.Performances minimales de traitement attendues pour les param\u00e8tres DBO5, DCO  \net MES\nLa  valeur  de  la  concentration  maximale  \u00e0  respecter  ou  le  rendement  minimum  sont  \nappliqu\u00e9s :\nParam\u00e8treConcentration maximale \u00e0  \nrespecter, moyenne journali\u00e8reRendement minimum \u00e0  \natteindre, moyenne  \njournali\u00e8re\nMEST 35 mg/L 90 %\nDBO5 25 mg/L 80 %\nDCO 90 mg/L 75 %\nNGL 10 mg/l -\nNTK 5 mg/l -\nPt - 50 %\nLes analyses sont effectu\u00e9es \u00e0 partir des \u00e9chantillons \u00ab  moyens 24h \u00bb homog\u00e9n\u00e9is\u00e9s, non  \nfiltr\u00e9s ni d\u00e9cant\u00e9s, avec les m\u00e9thodes normalis\u00e9es.\nLes effluents ne doivent pas contenir de substances de nature \u00e0 favoriser la manifestation  \nd'odeurs. Leur pH doit \u00eatre compris entre 6 et 8,5 (pour les \u00e9chantillons ponctuels et  \nmoyens journaliers).\n6.4.Performance annuelle - r\u00e8gle de tol\u00e9rance par rapport aux param\u00e8tres MEST, DBO5  \net DCO \nEn dehors des situations inhabituelles d\u00e9crites dans l'article 19 de l'arr\u00eat\u00e9 du 21 juillet 2015,  \nles param\u00e8tres MEST, DBO5 et DCO peuvent \u00eatre jug\u00e9s conformes si  :\n\u2022les concentrations mesur\u00e9es dans les eaux rejet\u00e9es ne d\u00e9passent pas les valeurs  \nr\u00e9dhibitoires (tableau ci-apr\u00e8s),\net\n\u2022le nombre annuel d'\u00e9chantillons journaliers non conformes aux seuils relatifs aux  \nnormes de rejet (cf. article 6.3.) ne d\u00e9passe pas le nombre maximal d'\u00e9chantillons  \nnon conformes (tableau ci-apr\u00e8s).\nparam\u00e8tresfr\u00e9quence minimale  \ndes mesures\n(nombre de jours par  \nan)nombre maximal \nd'\u00e9chantillons non  \nconformes (cf. article  \n6.3.)valeurs maximales\nconcentration (mg/l)\n MEST 14 2 85\n DBO5 14 2 50\n DCO 14 2 180\nDurant les mois de juillet et ao\u00fbt, deux bilans sont r\u00e9alis\u00e9s chaque mois (un par mois le  \nreste de l'ann\u00e9e).\n9/17Direction d\u00e9partementale des territoires et de la mer du Var - 83-2024-06-21-00006 - ARR\u00caT\u00c9 PR\u00c9FECTORAL n\u00b0 DDTM/SEBIO/2023-134\nnum\u00e9ro d'ordre du 21 JUIN 2024\nportant prescription au titre de l'article L.214-1 du Code de l'Environnement\nconcernant le syst\u00e8me d'assainissement relatif \u00e0 la station d'\u00e9puration de Porquerolles\nsur la commune de Hy\u00e8res-Les-Palmiers17\nARTICLE 7 \u2013 PRESCRIPTIONS RELATIVES AUX SOUS-PRODUITS\nLes sous-produits sont \u00e9vacu\u00e9s conform\u00e9ment  :\n\u2022aux dispositions de la loi du 13 juillet 1992 relative \u00e0 l'\u00e9limination des d\u00e9chets,\n\u2022la r\u00e9glementation en vigueur relative \u00e0 la gestion des d\u00e9chets m\u00e9nagers et assimil\u00e9s  \net des d\u00e9chets de l'assainissement du Var.\nLes boues sont pomp\u00e9es et \u00e9vacu\u00e9es, avant et apr\u00e8s la saison estivale, avec une siccit\u00e9  \nminimale de 70%. Une seule \u00e9vacuation annuelle pourra \u00eatre envisag\u00e9e sous r\u00e9serve d'une  \ncapacit\u00e9 r\u00e9siduelle suffisante pour toute la saison estivale.\nLes r\u00e9sidus solides (refus de grille) sont \u00e9vacu\u00e9s avec une siccit\u00e9 minimum de 30  %;\net les sables, avec une siccit\u00e9 sup\u00e9rieure \u00e0 50  %.\nLe  traitement  des  graisses  permet  un  rendement  d'\u00e9limination  des  MEH  (mati\u00e8res  \nextractibles  \u00e0  l'hexane)  sup\u00e9rieur  \u00e0  80  %  et  un  rendement  d'\u00e9limination  de  la  DCO  \nsup\u00e9rieur \u00e0 50 %.\nTITRE 3 : SURVEILLANCE ET CONTR\u00d4LE\nARTICLE 8 \u2013 FIABILIT\u00c9 ET ENTRETIEN DU SYST\u00c8ME D'ASSAINISSEMENT\nLes ma\u00eetres d'ouvrage et exploitants peuvent justifier \u00e0 tout moment des dispositions  \nprises pour assurer un niveau de fiabilit\u00e9 du syst\u00e8me d'assainissement compatible avec les  \ntermes du pr\u00e9sent arr\u00eat\u00e9. Pour cela, ils proc\u00e8dent \u00e0 toutes campagnes d'inspection et de  \nmaintenance du syst\u00e8me de collecte et de traitement, par tous les moyens appropri\u00e9s.\nL'exploitant tient \u00e0 jour un registre mentionnant  :\n\u2022les incidents, les pannes et d\u00e9fauts de mat\u00e9riels recens\u00e9s et les mesures prises pour  \ny rem\u00e9dier,\n\u2022les proc\u00e9dures \u00e0 observer par le personnel d'entretien,\n\u2022un  calendrier  pr\u00e9visionnel  d'entretien  pr\u00e9ventif  des  ouvrages  de  collecte  et  de  \ntraitement.\nEntretien des ouvrages - op\u00e9rations d'urgence\nLes programmes des travaux d'entretien susceptibles d'avoir un impact sur la qualit\u00e9 des  \neaux r\u00e9ceptrices et l'environnement (station d'\u00e9puration et/ou r\u00e9seau de collecte) sont  \ncommuniqu\u00e9s au service de la police de l'eau et au Parc national de Port-Cros au minimum  \nun mois avant le d\u00e9but des op\u00e9rations. Les caract\u00e9ristiques des d\u00e9versements (d\u00e9bits,  \ncharges) pendant cette p\u00e9riode sont pr\u00e9cis\u00e9es ainsi que les mesures prises pour en r\u00e9duire  \nl'importance et l'impact sur le milieu r\u00e9cepteur.\nLe  service  charg\u00e9  de  la  police  de  l'eau  peut,  si  n\u00e9cessaire,  demander  le  report  des  \nop\u00e9rations ou \u00e9dicter des r\u00e8gles d'interventions permettant de pr\u00e9server la qualit\u00e9 du  \nmilieu dans un d\u00e9lai de 15 jours ouvr\u00e9s suivant la r\u00e9ception des informations.\nTous les travaux d'entretien, d'urgence ou incidents impr\u00e9visibles se traduisant par une  \nbaisse des performances du syst\u00e8me d'assainissement (station d'\u00e9puration et/ou r\u00e9seau de  \ncollecte et/ou \u00e9missaire), sont imm\u00e9diatement signal\u00e9s au service charg\u00e9 de la police de  \nl'eau et au Parc national de Port-Cros selon la fiche annex\u00e9e au pr\u00e9sent arr\u00eat\u00e9.\n10/17Direction d\u00e9partementale des territoires et de la mer du Var - 83-2024-06-21-00006 - ARR\u00caT\u00c9 PR\u00c9FECTORAL n\u00b0 DDTM/SEBIO/2023-134\nnum\u00e9ro d'ordre du 21 JUIN 2024\nportant prescription au titre de l'article L.214-1 du Code de l'Environnement\nconcernant le syst\u00e8me d'assainissement relatif \u00e0 la station d'\u00e9puration de Porquerolles\nsur la commune de Hy\u00e8res-Les-Palmiers18\nARTICLE 9 \u2013 SURVEILLANCE DU SYST\u00c8ME DE COLLECTE\nLes r\u00e9sultats des donn\u00e9es de l'auto-surveillance du mois n sont transmis dans le courant du  \nmois n+1 au service charg\u00e9 de la police de l'eau et \u00e0 l'Agence de l'Eau Rh\u00f4ne-M\u00e9diterran\u00e9e-\nCorse.\nManuel d'autosurveillance\nLes modalit\u00e9s d'auto-surveillance des r\u00e9seaux de collecte et de leurs \u00e9quipements sont  \nfix\u00e9es dans un manuel d'autosurveillance.\nLe manuel d\u00e9crit de mani\u00e8re pr\u00e9cise les m\u00e9thodes d'analyse, de contr\u00f4le et d'exploitation,\n\u2022la localisation des points de mesure et de pr\u00e9l\u00e8vements,\n\u2022les \u00e9quipements et mat\u00e9riels utilis\u00e9s,\n\u2022les organismes ext\u00e9rieurs auxquels il confie tout ou partie de la surveillance,\n\u2022la qualification des personnes associ\u00e9es \u00e0 ce dispositif.\nLe manuel apporte toutes les informations vis\u00e9es dans l'arr\u00eat\u00e9 du 21 juillet 2015.\nCe  manuel  fait  mention  des  normes  auxquelles  souscrivent  les  \u00e9quipements  et  les  \nproc\u00e9d\u00e9s utilis\u00e9s.\nIl  est  transmis  au  service  charg\u00e9  de  la  police  de  l'eau  et  \u00e0  l'Agence  de  l'Eau,  et  est  \nr\u00e9guli\u00e8rement tenu \u00e0 jour. L'exploitant s'engage \u00e0 respecter les informations report\u00e9es  \ndans le manuel d'auto-surveillance.\nBilan annuel\nL'exploitant adresse au service charg\u00e9 de la police de l'eau, \u00e0 l'Agence de l'Eau Rh\u00f4ne-\nM\u00e9diterran\u00e9e-Corse et au Parc national de Port-Cros, chaque ann\u00e9e avant le 1er mars, un \nbilan  annuel  concernant  l'ann\u00e9e  pr\u00e9c\u00e9dente.  Le  bilan  fait  appara\u00eetre  l'ensemble  des  \nparam\u00e8tres justifiant la bonne marche et la fiabilit\u00e9 du syst\u00e8me de collecte dont il a la  \ncharge.\nIl comporte notamment  :\n\u2022les r\u00e9sultats de l'auto-surveillance du r\u00e9seau (nombre de d\u00e9versements annuels  ; \ncalendrier des d\u00e9versements  ; volumes en m\u00b3),\n\u2022les  r\u00e9sultats  des  contr\u00f4les  annuels  du  fonctionnement  du  dispositif  d'auto-\nsurveillance (article 17 de l'arr\u00eat\u00e9 du 21 juillet 2015 ),\n\u2022les inspections de r\u00e9seau,\n\u2022les proc\u00e8s verbaux de r\u00e9ception des travaux sur les ouvrages de collecte par un  \nop\u00e9rateur accr\u00e9dit\u00e9,\n\u2022un r\u00e9capitulatif des curages r\u00e9seaux,\n\u2022la quantit\u00e9 annuelle de sous-produits de curage et de d\u00e9cantation du r\u00e9seau de  \ncollecte (mati\u00e8res s\u00e8ches) ainsi que leur destination,\n\u2022la liste des autorisations de raccordement et leurs dates d'effets,\n\u2022le plan du r\u00e9seau y compris les postes de relevage et les d\u00e9versoirs d'orages (charges  \net capacit\u00e9s hydrauliques) et le nombre de branchements \u00e0 jour.\n11/17Direction d\u00e9partementale des territoires et de la mer du Var - 83-2024-06-21-00006 - ARR\u00caT\u00c9 PR\u00c9FECTORAL n\u00b0 DDTM/SEBIO/2023-134\nnum\u00e9ro d'ordre du 21 JUIN 2024\nportant prescription au titre de l'article L.214-1 du Code de l'Environnement\nconcernant le syst\u00e8me d'assainissement relatif \u00e0 la station d'\u00e9puration de Porquerolles\nsur la commune de Hy\u00e8res-Les-Palmiers19\nARTICLE 10 \u2013 AUTO-SURVEILLANCE DU SYST\u00c8ME DE TRAITEMENT\nManuel d'auto-surveillance.\nLes modalit\u00e9s d'auto-surveillance de la station d'\u00e9puration sont fix\u00e9es dans un manuel  \nd'auto-surveillance.\nL'exploitant r\u00e9dige un manuel d\u00e9crivant de mani\u00e8re pr\u00e9cise  :\n\u2022son organisation interne,\n\u2022ses m\u00e9thodes d'analyse, de contr\u00f4le et d'exploitation,\n\u2022la localisation des points de mesure et de pr\u00e9l\u00e8vements,\n\u2022les \u00e9quipements et mat\u00e9riels utilis\u00e9s,\n\u2022les organismes ext\u00e9rieurs auxquels il confie tout ou partie de la surveillance,\n\u2022la qualification des personnes associ\u00e9es \u00e0 ce dispositif.\nLe manuel apporte toutes les informations vis\u00e9es dans l'arr\u00eat\u00e9 du 21 juillet 2015.\nCe  manuel  fait  mention  des  normes  auxquelles  souscrivent  les  \u00e9quipements  et  les  \nproc\u00e9d\u00e9s utilis\u00e9s.\nIl est transmis au service charg\u00e9 de la police de l'eau et \u00e0 l'Agence de l'Eau dans un d\u00e9lai  \nd'un mois \u00e0 compter de la validation des dispositifs d'autosurveillance par l'Agence de  \nl'Eau, et est r\u00e9guli\u00e8rement tenu \u00e0 jour. L'exploitant s'engage \u00e0 respecter les informations  \nreport\u00e9es dans le manuel d'auto-surveillance.\nFili\u00e8re Eau\nLes  mesures  de  d\u00e9bits  font  l'objet  d'un  enregistrement  en  continu.  Les  mesures  \ns'appliquent \u00e0 l'entr\u00e9e et la sortie de la station.\nDans le cas d'une non-conformit\u00e9 sur les \u00e9chantillons pr\u00e9lev\u00e9s, un bilan sur 24 heures est  \nprogramm\u00e9. Le service en charge de la police de l'eau et le Parc national de Port-Cros sont  \ninform\u00e9s de la date du bilan un mois \u00e0 l'avance au minimum. Les pr\u00e9leveurs d'entr\u00e9e et de  \nsortie de la station d'\u00e9puration sont r\u00e9frig\u00e9r\u00e9s, thermostat\u00e9s \u00e0 4\u00b0C, asservis aux d\u00e9bits,  \npermettant ainsi de mesurer les flux de pollution sur 24 heures. Pour chaque pr\u00e9l\u00e8vement  \nun bidon de 3 litres est conserv\u00e9 pendant 48 heures, \u00e0 4\u00b0C, plus ou moins 2\u00b0C.\nMesures des pr\u00e9cipitations\n\u00c0 d\u00e9faut de station m\u00e9t\u00e9orologique proche, l'exploitant assure un suivi journalier de la  \npluviom\u00e9trie (suivi r\u00e9alis\u00e9 dans le p\u00e9rim\u00e8tre du syst\u00e8me d'assainissement).\nFr\u00e9quence des mesures et des analyses\nL'auto-surveillance  est  r\u00e9alis\u00e9e  selon  le  programme  suivant  (entr\u00e9e  et  sortie  station  \nd'\u00e9puration):\nParam\u00e8tresFr\u00e9quence minimale des mesures  \n(nombre de jours par an)\nD\u00e9bit 365\nMEST 14\nDBO5 14\nDCO 14\nCl- 14\n12/17Direction d\u00e9partementale des territoires et de la mer du Var - 83-2024-06-21-00006 - ARR\u00caT\u00c9 PR\u00c9FECTORAL n\u00b0 DDTM/SEBIO/2023-134\nnum\u00e9ro d'ordre du 21 JUIN 2024\nportant prescription au titre de l'article L.214-1 du Code de l'Environnement\nconcernant le syst\u00e8me d'assainissement relatif \u00e0 la station d'\u00e9puration de Porquerolles\nsur la commune de Hy\u00e8res-Les-Palmiers20\nNTK 4\nNH4 4\nNO2 4\nNO3 4\nPt 4\nBoues (quantit\u00e9 de mati\u00e8res s\u00e8ches) 4\nLe bilan annuel pr\u00e9sente une synth\u00e8se et interpr\u00e9tation des donn\u00e9es obtenues.\nUne fr\u00e9quence plus soutenue d'analyse des param\u00e8tres de pollution peut \u00eatre demand\u00e9e  \npar le service charg\u00e9 de la police de l'eau.\nLe  programme  des  contr\u00f4les  d'auto-surveillance  est  envoy\u00e9,  avant  le  31  d\u00e9cembre  de  \nl'ann\u00e9e n-1, au service charg\u00e9 de la police de l'eau et \u00e0 l'Agence de l'Eau .\nLes  r\u00e9sultats  des  analyses  d'auto-surveillance  sont  adress\u00e9s  dans  le  mois  suivant  leur  \nr\u00e9alisation par l'exploitant au service charg\u00e9 de la police de l'eau, \u00e0 l'Agence de l'Eau  \nRh\u00f4ne-M\u00e9diterran\u00e9e et Corse et au ma\u00eetre d'ouvrage.\nEn cas de d\u00e9passement de seuils autoris\u00e9s et lors des circonstances exceptionnelles, la  \ntransmission  est  imm\u00e9diate  et  accompagn\u00e9e  de  commentaires  sur  les  causes  des  \nd\u00e9passements  constat\u00e9s  ainsi  que  sur  les  actions  correctives  mises  en  \u0153uvre  ou  \nenvisag\u00e9es. Ces informations sont transmises au ma\u00eetre d'ouvrage, au service charg\u00e9 de la  \npolice de l'eau et au Parc national de Port-Cros .\nLe service charg\u00e9 de la police de l'eau s'assure de la bonne repr\u00e9sentativit\u00e9 des donn\u00e9es  \nfournies et de la pertinence du dispositif d'auto-surveillance mis en place. Pour ce faire, le  \nservice police de l'eau et l'Agence de l'Eau peuvent mandater un organisme ind\u00e9pendant  \naux frais du ma\u00eetre d'ouvrage.\nL'exploitant adresse au service charg\u00e9 de la police de l'eau et au Parc national de Port-Cros , \nchaque ann\u00e9e avant le 1er mars, un bilan de synth\u00e8se concernant l'ann\u00e9e pr\u00e9c\u00e9dente. Le  \nbilan fait appara\u00eetre l'ensemble des param\u00e8tres justifiant la bonne marche et la fiabilit\u00e9 du  \nsyst\u00e8me de traitement et rejet dont il a la charge.\nLe bilan mentionne notamment  :\n- les r\u00e9sultats de l'auto-surveillance avec  :\n\u2022un r\u00e9capitulatif ligne par ligne des bilans 24h et pr\u00e9l\u00e8vements ponctuels avec dates,  \nd\u00e9bits, concentrations, charges, rendements et le respect du calendrier valid\u00e9 par le  \nservice charg\u00e9 de la police de l'eau,\n\u2022un r\u00e9capitulatif annuel des d\u00e9bits (sous forme de courbe ou de tableur) avec le seuil  \nde d\u00e9bit de r\u00e9f\u00e9rence inclus,\n\u2022un r\u00e9capitulatif des d\u00e9passements de la capacit\u00e9 nominale (charges et volumes  \njournaliers) ;\n- le diagnostic, r\u00e9alis\u00e9 par le ma\u00eetre d'ouvrage, du contr\u00f4le du fonctionnement du dispositif  \nd'auto-surveillance (article 17 de l'arr\u00eat\u00e9 du 21 juillet 2015)  ;\n- un bilan d\u00e9taill\u00e9 de l'utilisation des by-pass (nombre de d\u00e9versements annuels  ; calendrier \ndes d\u00e9versements  ; d\u00e9bits en m\u00b3/j et charge polluante estim\u00e9s)  ;\n- un bilan sur la consommation en \u00e9nergie et r\u00e9actifs  ;\n- un r\u00e9capitulatif des sous-produits de l'\u00e9puration (graisses, refus de grilles)  ;\n-  un  r\u00e9capitulatif  des  incidents,  d\u00e9fauts  ou  \u00e9v\u00e9nements  exceptionnels  (installation  \nd'appareils, op\u00e9rations d'entretien, pannes, situations inhabituelles, etc.) survenus sur la  \n13/17Direction d\u00e9partementale des territoires et de la mer du Var - 83-2024-06-21-00006 - ARR\u00caT\u00c9 PR\u00c9FECTORAL n\u00b0 DDTM/SEBIO/2023-134\nnum\u00e9ro d'ordre du 21 JUIN 2024\nportant prescription au titre de l'article L.214-1 du Code de l'Environnement\nconcernant le syst\u00e8me d'assainissement relatif \u00e0 la station d'\u00e9puration de Porquerolles\nsur la commune de Hy\u00e8res-Les-Palmiers21\nstation, en indiquant  :\n\u2022si le fonctionnement normal de la station a \u00e9t\u00e9 affect\u00e9, accompagn\u00e9 de tous les  \ncommentaires appropri\u00e9s,\n\u2022les  mesures  prises  pour  rem\u00e9dier  \u00e0  ces  incidents  et  d\u00e9fauts,  limiter  leurs  \ncons\u00e9quences et \u00e9viter leur renouvellement  ;\n- un r\u00e9capitulatif des fiches de non-conformit\u00e9s (FNC)  ;\n- une analyse critique du fonctionnement de la station faite par l'exploitant  ;\n- les \u00e9ventuels projets de travaux sur la station.\nARTICLE 11 \u2013 CONTR\u00d4LES INOPIN\u00c9S\nLes agents charg\u00e9s de la police de l'eau ont libre acc\u00e8s aux installations, ouvrages, travaux  \nou  activit\u00e9s  relatifs  au  pr\u00e9sent  arr\u00eat\u00e9,  dans  les  conditions  fix\u00e9es  par  le  code  de  \nl'environnement. Ils peuvent demander communication de toute pi\u00e8ce utile au contr\u00f4le  \nde la bonne ex\u00e9cution du pr\u00e9sent arr\u00eat\u00e9.\nLe service charg\u00e9 de la police de l'eau proc\u00e8de \u00e0 des contr\u00f4les inopin\u00e9s. Les agents charg\u00e9s  \nde la police de l'eau sont \u00e9galement comp\u00e9tents pour effectuer ces contr\u00f4les sur la lagune  \nd'entr\u00e9e.\nUn double des \u00e9chantillons est remis \u00e0 l'exploitant. Le co\u00fbt des analyses est \u00e0 la charge du  \nma\u00eetre d'ouvrage.\nARTICLE 12 \u2013 SURVEILLANCE DU MILIEU R\u00c9CEPTEUR\n Une  surveillance  du  milieu  sera  r\u00e9alis\u00e9e  sur  les  param\u00e8tres  suivants  (pr\u00e9l\u00e8vement  \nponctuel), en sortie de 1\u00e8re lagune (extr\u00e9mit\u00e9 sud de la lagune, au niveau de la martelli\u00e8re),  \n4 fois par an (\u00e0 chaque saison):\nParam\u00e8tres Fr\u00e9quence des mesures\nMEST 4\nDCO 4\nNGL 4\nNO3 4\nPt 4\nLes r\u00e9sultats sont transmis de la m\u00eame mani\u00e8re et avec les m\u00eames d\u00e9lais de transmission  \nque les r\u00e9sultats de l'autosurveillance.\nCette surveillance est r\u00e9alis\u00e9e dans le but de suivre les param\u00e8tres qui peuvent influencer  \nles conditions \u00e9cologiques, le d\u00e9veloppement de la flore (notamment lentilles et azollas).  \nAu  regard  des  r\u00e9sultats  de  celle-ci,  le  pr\u00e9fet  pourra  prescrire  le  suivi  de  param\u00e8tres  \ncompl\u00e9mentaires.\n14/17Direction d\u00e9partementale des territoires et de la mer du Var - 83-2024-06-21-00006 - ARR\u00caT\u00c9 PR\u00c9FECTORAL n\u00b0 DDTM/SEBIO/2023-134\nnum\u00e9ro d'ordre du 21 JUIN 2024\nportant prescription au titre de l'article L.214-1 du Code de l'Environnement\nconcernant le syst\u00e8me d'assainissement relatif \u00e0 la station d'\u00e9puration de Porquerolles\nsur la commune de Hy\u00e8res-Les-Palmiers22\nTITRE 4 : DISPOSITIONS SP\u00c9CIFIQUES\nARTICLE 13 \u2013 R\u00c9COLEMENT DES INSTALLATIONS\nLe  ma\u00eetre  d'ouvrage  fournit  un  plan  de  r\u00e9colement  de  l'ensemble  des  ouvrages  de  \ntraitement, un descriptif de la station d'\u00e9puration et de son fonctionnement.\nARTICLE 14 \u2013 SYNTH\u00c8SE DES \u00c9CH\u00c9ANCES ET PI\u00c8CES \u00c0 FOURNIR\n\u00c9ch\u00e9ances Objet Articles\nMise \u00e0 jour \nr\u00e9guli\u00e8reauto-surveillance de la station et manuel d'auto-surveillance 10\nChaque mois r\u00e9sultats des donn\u00e9es d'auto-surveillance du syst\u00e8me  \nd'assainissement 9\n10\nChaque ann\u00e9e, \navant le 1er marsbilan annuel de synth\u00e8se  ; interpr\u00e9tation des donn\u00e9es obtenues  \npar l'auto-surveillance du syst\u00e8me de traitement concernant  \nl'ann\u00e9e pr\u00e9c\u00e9dente  ; et synth\u00e8se des travaux r\u00e9alis\u00e9s sur les r\u00e9 -\nseaux et programme des actions restant \u00e0 mener10\n3.2\nChaque ann\u00e9e, \navant le 1er marsbilan de synth\u00e8se annuel d'auto-surveillance des r\u00e9seaux  \nconcernant l'ann\u00e9e pr\u00e9c\u00e9dente4.4\n9\nTITRE 5 : DISPOSITIONS G\u00c9N\u00c9RALES\nARTICLE 15 \u2013 Caract\u00e8re de l'autorisation\nL'autorisation est accord\u00e9e \u00e0 titre personnel, pr\u00e9caire et r\u00e9vocable, sans indemnit\u00e9 de  \nl'\u00c9tat exer\u00e7ant ses pouvoirs de police.\nFaute,  par  le  ma\u00eetre  d'ouvrage,  de  se  conformer,  dans  le  d\u00e9lai  fix\u00e9,  aux  dispositions  \nprescrites, le pr\u00e9fet peut prononcer la d\u00e9ch\u00e9ance de la pr\u00e9sente autorisation et prendre  \nles mesures n\u00e9cessaires pour faire dispara\u00eetre, aux frais du ma\u00eetre d'ouvrage, tout dommage  \nprovenant de son fait ou pour pr\u00e9venir ces dommages, dans l'int\u00e9r\u00eat de l'environnement,  \nde la s\u00e9curit\u00e9 et de la sant\u00e9 publiques, sans pr\u00e9judice de l'application des dispositions  \np\u00e9nales relatives aux contraventions au code de l'environnement.\nIl en est de m\u00eame dans le cas o\u00f9, apr\u00e8s s'\u00eatre conform\u00e9 aux dispositions prescrites, le  \nma\u00eetre d'ouvrage changerait l'\u00e9tat des lieux fix\u00e9 par la pr\u00e9sente autorisation, sans y \u00eatre  \npr\u00e9alablement autoris\u00e9, ou s'il ne maintenait pas constamment les installations en \u00e9tat  \nnormal de bon fonctionnement.\nLa  pr\u00e9sente  autorisation  ne  dispense,  en  aucun  cas,  le  ma\u00eetre  d'ouvrage  de  faire  les  \nd\u00e9clarations  ou  d'obtenir  les  autorisations  requises  par  d'autres  r\u00e9glementations  \n(notamment au titre de l'occupation du domaine public maritime et de l'urbanism e).\nARTICLE 16 \u2013 D\u00e9claration des incidents ou accidents\nLe ma\u00eetre d'ouvrage est tenu de d\u00e9clarer, sans d\u00e9lai, au pr\u00e9fet, au service charg\u00e9 de la  \npolice  de  l'eau  (DDTM)  et  au  Parc  national  de  Port-Cros,  les  accidents  ou  incidents  \nint\u00e9ressant les installations, ouvrages, travaux ou activit\u00e9s faisant l'objet de la pr\u00e9sente  \nautorisation qui sont de nature \u00e0 porter atteinte aux int\u00e9r\u00eats mentionn\u00e9s \u00e0 l'article L.211-1  \ndu code de l'environnement. Pour ce faire, le ma\u00eetre d'ouvrage ou son exploitant transmet  \n15/17Direction d\u00e9partementale des territoires et de la mer du Var - 83-2024-06-21-00006 - ARR\u00caT\u00c9 PR\u00c9FECTORAL n\u00b0 DDTM/SEBIO/2023-134\nnum\u00e9ro d'ordre du 21 JUIN 2024\nportant prescription au titre de l'article L.214-1 du Code de l'Environnement\nconcernant le syst\u00e8me d'assainissement relatif \u00e0 la station d'\u00e9puration de Porquerolles\nsur la commune de Hy\u00e8res-Les-Palmiers23\nimm\u00e9diatement une fiche de non-conformit\u00e9 renseign\u00e9e. Cette fiche de non-conformit\u00e9  \nstandardis\u00e9e est jointe en annexe au pr\u00e9sent arr\u00eat\u00e9.\nSans pr\u00e9judice des mesures que pourra prescrire le pr\u00e9fet, le ma\u00eetre d'ouvrage prend ou  \nfait prendre toutes dispositions n\u00e9cessaires pour mettre fin aux causes de l'incident ou  \naccident, pour \u00e9valuer ses cons\u00e9quences et y rem\u00e9dier.\nLe ma\u00eetre d'ouvrage demeure responsable des accidents ou dommages qui seraient la  \ncons\u00e9quence de l'activit\u00e9 ou de l'ex\u00e9cution des travaux et de l'am\u00e9nagement.\nARTICLE 17 \u2013 Publication et information des tiers\nLa pr\u00e9sente autorisation est notifi\u00e9e \u00e0 la m\u00e9tropole Toulon-Provence-M\u00e9diterran\u00e9e, ma\u00eetre  \nd'ouvrage de la station d'\u00e9puration.\nEn vue de l'information des tiers :\n\u2022une copie du pr\u00e9sent arr\u00eat\u00e9 d 'autorisation est d\u00e9pos\u00e9e \u00e0 l'h\u00f4tel de la m\u00e9tropole et  \nen mairie de Hy\u00e8res et peut y \u00eatre consult\u00e9e  ; copie est adress\u00e9e au conseil m\u00e9tropolitain  \net au conseil municipal.\n\u2022un extrait de cet arr\u00eat\u00e9 est affich\u00e9 pendant une dur\u00e9e minimale d'un mois \u00e0 l'h\u00f4tel  \nde la m\u00e9tropole et en mairie de Hy\u00e8res; les proc\u00e8s verbaux de l'accomplissement de cette  \nformalit\u00e9 sont dress\u00e9s par les soins du pr\u00e9sident de la m\u00e9tropole et du maire de Hy\u00e8res.\n\u2022l'arr\u00eat\u00e9  est  publi\u00e9  au  recueil  des  actes  administratifs  (RAA)  du  Var,  sur  le  site  \ninternet des services de l'\u00c9tat dans le d\u00e9partement du Var pendant une dur\u00e9e minimale de  \nquatre mois.\nARTICLE 18 \u2013 Recours - droit des tiers - responsabilit\u00e9\nI \u2013 Le pr\u00e9sent arr\u00eat\u00e9 est susceptible de recours devant le tribunal administratif de Toulon  :\n\u2022 par le b\u00e9n\u00e9ficiaire, dans un d\u00e9lai de deux mois \u00e0 compter de la date de de publication au  \nRAA de la pr\u00e9fecture du Var ;\n\u2022 par les tiers, en raison des inconv\u00e9nients ou des dangers que le projet pr\u00e9sente pour les  \nint\u00e9r\u00eats mentionn\u00e9s \u00e0 l'article L.211-1 du code de l'environnement, dans un d\u00e9lai de quatre  \nmois \u00e0 compter de  :\na) l'affichage dans les conditions pr\u00e9vues \u00e0 l'article 17 du pr\u00e9sent arr\u00eat\u00e9  ;\nb) la date de de publication au RAA de la pr\u00e9fecture du Var.\nLe d\u00e9lai court \u00e0 compter de la derni\u00e8re formalit\u00e9 accomplie. Si l'affichage constitue cette  \nderni\u00e8re formalit\u00e9, le d\u00e9lai court \u00e0 compter du premier jour d'affichage du pr\u00e9sent arr\u00eat\u00e9.\nLe  tribunal  administratif  peut  \u00eatre  saisi  par  l'application  informatique  \u00ab  T\u00e9l\u00e9recours  \ncitoyens \u00bb, accessible sur le site internet : \u00ab www.telerecours.fr \u00bb.\nII \u2013 La pr\u00e9sente autorisation peut faire l'objet d'un recours gracieux ou hi\u00e9rarchique dans le  \nd\u00e9lai de deux mois. Ce recours administratif prolonge de deux mois les d\u00e9lais mentionn\u00e9s  \nci-dessus.\nLe b\u00e9n\u00e9ficiaire de l'autorisation est tenu inform\u00e9 d'un tel recours.\nIII \u2013 Sans pr\u00e9judice des d\u00e9lais et voies de recours mentionn\u00e9s au I. et II., les tiers peuvent  \nd\u00e9poser une r\u00e9clamation aupr\u00e8s de l'autorit\u00e9 administrative comp\u00e9tente, \u00e0 compter de la  \nmise en service du projet, aux seules fins de contester l'insuffisance ou l'inadaptation des  \n16/17Direction d\u00e9partementale des territoires et de la mer du Var - 83-2024-06-21-00006 - ARR\u00caT\u00c9 PR\u00c9FECTORAL n\u00b0 DDTM/SEBIO/2023-134\nnum\u00e9ro d'ordre du 21 JUIN 2024\nportant prescription au titre de l'article L.214-1 du Code de l'Environnement\nconcernant le syst\u00e8me d'assainissement relatif \u00e0 la station d'\u00e9puration de Porquerolles\nsur la commune de Hy\u00e8res-Les-Palmiers24\nprescriptions d\u00e9finies dans la pr\u00e9sente autorisation, en raison des inconv\u00e9nients ou des  \ndangers que le projet pr\u00e9sente pour le respect des int\u00e9r\u00eats mentionn\u00e9s \u00e0 l'article L.211-1 du  \ncode de l'environnement.\nL'autorit\u00e9 comp\u00e9tente dispose d'un d\u00e9lai de deux mois, \u00e0 compter de la r\u00e9ception de la  \nr\u00e9clamation,  pour  y  r\u00e9pondre  de  mani\u00e8re  motiv\u00e9e.  \u00c0  d\u00e9faut,  la  r\u00e9ponse  est  r\u00e9put\u00e9e  \nn\u00e9gative.\nSi elle estime que la r\u00e9clamation est fond\u00e9e, l'autorit\u00e9 comp\u00e9tente fixe des prescriptions  \ncompl\u00e9mentaires.\nEn cas de rejet implicite ou explicite, les int\u00e9ress\u00e9s disposent d'un d\u00e9lai de deux mois pour  \nse pourvoir contre cette d\u00e9cision.\nLes droits des tiers sont express\u00e9ment r\u00e9serv\u00e9s.\nARTICLE 19 \u2013 Ex\u00e9cution\nLe secr\u00e9taire g\u00e9n\u00e9ral de la pr\u00e9fecture du Var, le directeur d\u00e9partemental des territoires et  \nde la mer du Var, le pr\u00e9sident de la m\u00e9tropole Toulon-Provence-M\u00e9diterran\u00e9e et  le maire \nde la commune de Hy\u00e8res sont charg\u00e9s, chacun en ce qui le concerne, de l'ex\u00e9cution du  \npr\u00e9sent arr\u00eat\u00e9 dont copie leur est adress\u00e9e.\nFait \u00e0 Toulon, le 21 juin 2024\nPour le pr\u00e9fet et par d\u00e9l\u00e9gation,\nle secr\u00e9taire g\u00e9n\u00e9ral\nSign\u00e9\nLucien GIUDICELLI\nANNEXES\nANNEXE 1 -  Fiche de Non-Conformit\u00e9\nANNEXE 2 - MESURES ERC CHANTIER (dossier naturalia 18/3/24)\n17/17Direction d\u00e9partementale des territoires et de la mer du Var - 83-2024-06-21-00006 - ARR\u00caT\u00c9 PR\u00c9FECTORAL n\u00b0 DDTM/SEBIO/2023-134\nnum\u00e9ro d'ordre du 21 JUIN 2024\nportant prescription au titre de l'article L.214-1 du Code de l'Environnement\nconcernant le syst\u00e8me d'assainissement relatif \u00e0 la station d'\u00e9puration de Porquerolles\nsur la commune de Hy\u00e8res-Les-Palmiers25\nPr\u00e9fecture du VAR\n83-2024-10-22-00001\nARR\u00caT\u00c9 PR\u00c9FECTORAL n\u00b0 2024/48/MCI du 22\noctobre 2024\nportant d\u00e9l\u00e9gation de signature \u00e0 M. Thibaut\nDARGON,\ndirecteur de la citoyennet\u00e9 et de la l\u00e9galit\u00e9 de la\npr\u00e9fecture du Var\nPr\u00e9fecture du VAR - 83-2024-10-22-00001 - ARR\u00caT\u00c9 PR\u00c9FECTORAL n\u00b0 2024/48/MCI du 22 octobre 2024\nportant d\u00e9l\u00e9gation de signature \u00e0 M. Thibaut DARGON,\ndirecteur de la citoyennet\u00e9 et de la l\u00e9galit\u00e9 de la pr\u00e9fecture du Var26\n=m\nPREFET\nDU  VAR\nLibert\u00e9\nEgalit\u00e9\nFraternit\u00e9\nDirection de la coordination\n des politiques publiques\net de l'appui territorial\nMission de coordination interminist\u00e9rielle\nARR\u00caT\u00c9 PR\u00c9FECTOR AL n\u00b0 2024/48/MCI du 22 octobre 2024\nportant d\u00e9l\u00e9gation de signature \u00e0 M. Thibaut DARGON,  \ndirecteur de la citoyennet\u00e9 et de la l\u00e9galit\u00e9 de la pr\u00e9fecture du Var \nLe Pr\u00e9fet du Var,\nOfficier de la L\u00e9gion d'Honneur\nVu la loi n\u00b0 82-213 du 2 mars 1982 modifi\u00e9e, relative aux droits et libert\u00e9s des communes, des \nd\u00e9partements et des r\u00e9gions  ;\nVu la loi n\u00b0 83-8 du 7 janvier 1983 modifi\u00e9e, relative \u00e0 la r\u00e9partition des comp\u00e9tences entre les\ncommunes, les d\u00e9partements, les r\u00e9gions et l'\u00c9tat  ;\nVu  la  loi  d'orientation  n\u00b0  92-125  du  6  f\u00e9vrier  1992  modifi\u00e9e  relative  \u00e0  l'administration\nterritoriale de la R\u00e9publique ;\nVu la loi n\u00b0 2004-809 du 13 ao\u00fbt 2004 modifi\u00e9e relative aux libert\u00e9s et responsabilit\u00e9s locales  ;\nVu le d\u00e9cret n\u00b0 97-34 du 15 janvier 1997 modifi\u00e9 relatif \u00e0 la d\u00e9concentration des d\u00e9cisions\nadministratives individuelles  ;\nVu  le  d\u00e9cret  n\u00b0  2004-374  du  29  avril  2004  modifi\u00e9  relatif  aux  pouvoirs  des  pr\u00e9fets,  \u00e0\nl'organisation et \u00e0 l'action des services de l'\u00c9tat dans les r\u00e9gions et d\u00e9partements  ;\nVu  le  d\u00e9cret  n\u00b0  2007-1488  du  17  octobre  2007  modifi\u00e9  relatif  \u00e0  l'emploi  de  conseiller\nd'administration de l'int\u00e9rieur et de l'outre-mer ;\nVu le d\u00e9cret n\u00b0 2015-510 du 7 mai 2015 portant charte de la d\u00e9concentration  ;\nVu  le  d\u00e9cret  du  Pr\u00e9sident  de  la  R\u00e9publique  du  15  avril  2022  portant  nomination  de\nM.  Lucien  GIUDICELLI,  secr\u00e9taire  g\u00e9n\u00e9ral  de  la  pr\u00e9fecture  du  Var,  sous-pr\u00e9fet  de\nl'arrondissement de Toulon  ; \nVu  le  d\u00e9cret  du  Pr\u00e9sident  de  la  R\u00e9publique  du  13  juillet  2023  portant  nomination  de\nM. Philippe MAHE, pr\u00e9fet du Var ;\nVu l'arr\u00eat\u00e9 pr\u00e9fectoral n\u00b0 2024/46/MCI du 19 f\u00e9vrier 2024 port ant organisation de la pr\u00e9fecture\ndu Var ; \nVu l'arr\u00eat\u00e9 pr\u00e9fectoral  n\u00b0 2023/52/MCI du 21 ao\u00fbt 2023  portant d\u00e9l\u00e9gation de signature \u00e0\nM. Thibaut DARGON, directeur de la citoyennet\u00e9 et de la l\u00e9galit\u00e9 de la pr\u00e9fecture du Var  ;\n1/4\nPr\u00e9fecture du VAR - 83-2024-10-22-00001 - ARR\u00caT\u00c9 PR\u00c9FECTORAL n\u00b0 2024/48/MCI du 22 octobre 2024\nportant d\u00e9l\u00e9gation de signature \u00e0 M. Thibaut DARGON,\ndirecteur de la citoyennet\u00e9 et de la l\u00e9galit\u00e9 de la pr\u00e9fecture du Var27\nConsid\u00e9rant la r\u00e9organisation en cours des services de la pr\u00e9fecture, dont la validation en\nCSA est fix\u00e9e au 29 novembre 2024  ;\nSur proposition du secr\u00e9taire g\u00e9n\u00e9ral de la pr\u00e9fecture du Var  ;\nARR\u00caT\u00c9 :\nARTICLE 1er :  D\u00e9l\u00e9gation est donn\u00e9e \u00e0 M. Thibaut DARGON, conseiller d'administration de\nl'int\u00e9rieur et de l'outre-mer, directeur de la citoyennet\u00e9 et de la l\u00e9galit\u00e9, aux fins de signer,\ndans  les  limites  des  attributions  de  cette  direction,  tous actes,  documents  et\ncorrespondances ne pr\u00e9sentant pas un caract\u00e8re d\u00e9cisionnel, \u00e0 l'exclusion des requ\u00eates et\nm\u00e9moires devant les juridictions, des lettres circulaires et des lettres personnelles aux \u00e9lus.\nARTICLE 2 : D\u00e9l\u00e9gation est \u00e9galement donn\u00e9e \u00e0  M.  Thibaut DARGON  pour signer les actes\n\u00e9num\u00e9r\u00e9s ci-apr\u00e8s,  \u00e0 l'exclusion des d\u00e9cisions d\u00e9favorables ou des d\u00e9cisions portant retrait\nd'autorisation ou retrait d'agr\u00e9ment  :\na)    les d\u00e9cisions relatives \u00e0 l'activit\u00e9 de conducteur de taxi,  de conducteur de voiture de\ntransport avec chauffeur (VTC), de conducteur de v\u00e9hicule motoris\u00e9 \u00e0 deux ou trois roues,\n(VMDTR), les cartes professionnelles correspondantes  ;\nb)   l'agr\u00e9ment des centres de formation habilit\u00e9s \u00e0 dispenser la formation initiale et continue\ndes conducteurs de taxi et des conducteurs de voiture de transport avec chauffeur (VTC) et \u00e0\ndispenser la formation \u00e0 la mobilit\u00e9 des conducteurs de taxi  ;\nc)   les cartes de guide conf\u00e9rencier, les r\u00e9c\u00e9piss\u00e9s de d\u00e9claration de revendeur  d'objets\nmobiliers ;\nd) les attestations en vue de l'\u00e9tablissement d'un duplicata de permis de chasser  ;\ne)les  actes  relatifs  \u00e0  l'instruction  des  demandes  de  remboursement  de  frais\nd'indemnisation des gardiens de fourri\u00e8res automobiles et leur mise en recouvrement aupr\u00e8s\ndes propri\u00e9taires des v\u00e9hicules abandonn\u00e9s ;\nf) l'agr\u00e9ment des soci\u00e9t\u00e9s domiciliataires d'entreprises ;\ng) les titres de ma\u00eetre-restaurateur  ;\nh)     les d\u00e9cisions relatives aux appels \u00e0 la g\u00e9n\u00e9rosit\u00e9 publique, les qu\u00eates  ;\ni) l'habilitation des entreprises fun\u00e9raires  ;\nj) les laissez-passer de corps et urnes cin\u00e9raires vers l'\u00e9tranger, les a utorisations de transport\nde corps et urnes cin\u00e9raires vers l'\u00e9tranger, les d\u00e9rogations au d\u00e9lai r\u00e9glementaire de six  jours\nen  vue  de  l'inhumation  ou  de  l'incin\u00e9ration  des  corps  des  personnes  d\u00e9c\u00e9d\u00e9es,  les\nautorisations d'inhumation en propri\u00e9t\u00e9 priv\u00e9e  ;\nk) les  r\u00e9c\u00e9piss\u00e9s  de  d\u00e9p\u00f4t  d'une  d\u00e9claration  de  mandataire  financier  d'un  candidat\npotentiel aux \u00e9lections politiques, les re\u00e7us de d\u00e9p\u00f4t d'une d\u00e9claration de candidature pour\n                                                                                                                                                                                                                               2/4Pr\u00e9fecture du VAR - 83-2024-10-22-00001 - ARR\u00caT\u00c9 PR\u00c9FECTORAL n\u00b0 2024/48/MCI du 22 octobre 2024\nportant d\u00e9l\u00e9gation de signature \u00e0 M. Thibaut DARGON,\ndirecteur de la citoyennet\u00e9 et de la l\u00e9galit\u00e9 de la pr\u00e9fecture du Var28\nle 1er tour de scrutin et les r\u00e9c\u00e9piss\u00e9s d\u00e9finitifs d'une d\u00e9claration de candidature pour le 2\u00e8me\ntour de scrutin aux \u00e9lections politiques  ;\nl)les d\u00e9cisions relatives aux d\u00e9clarations d'option pour l'incorporation dans les services\nnationaux fran\u00e7ais des jeunes bi-nationaux  ;\nm)  les lettres de demande de pi\u00e8ces et d'informations compl\u00e9mentaires en mati\u00e8re de\ncontr\u00f4le de l\u00e9galit\u00e9 et budg\u00e9taire ne valant pas recours gracieux  ;\nn) toutes  correspondances  relatives  aux  certificats  d'immatriculation  ainsi  que  les\nconventions d'habilitation et d'agr\u00e9ment au syst\u00e8me d'immatriculation des v\u00e9hicules (S.I.V.).\no) l'autorisation de qu\u00eate sur la voie publique  ;\np) l'habilitation des agents de police judiciaire adjoints et des gardes champ\u00eatres en vue de\nl'acc\u00e8s au SIV.\nARTICLE  3     :  D\u00e9l\u00e9gation  de  signature  est  donn\u00e9e  \u00e0  Mme  Nicole  VIEL-SORGUS,  attach\u00e9e\nprincipale d'administration de l'\u00c9tat, cheffe du bureau du greffe associatif , pour la gestion du\ngreffe des associations Lois 1901 et 1905 et le suivi des dossiers associatifs sp\u00e9cifiques  : dons\net  legs,  associations  syndicales  libres  (ASL),  associations  fonci\u00e8res  urbaines  libres  (AFUL),\nfondations et fonds de dotation. \nARTICLE  4 : D\u00e9l\u00e9gation  de  signature  est  donn\u00e9e  \u00e0  M.  Thibaud  RIVIECCIO,  attach\u00e9\nd'administration de l'\u00c9tat, chef du bureau des \u00e9lections et de la r\u00e9glementation g\u00e9n\u00e9rale,\npour les actes vis\u00e9s \u00e0 l'article 2 ci-dessus relevant des attributions de ce bureau et pour les\nattributions mentionn\u00e9es aux a), c), d), h), j), k), l), n), o) et p) de l'article 3 ci-dessus.\nEn cas d'absence ou d'emp\u00eachement de M. Thibaud RIVIECCIO, la d\u00e9l\u00e9gation qui lui est\naccord\u00e9e par le pr\u00e9sent article est exerc\u00e9e dans les m\u00eames conditions par Mme Chantal\nHERNANDEZ, attach\u00e9e d'administration de l'\u00c9tat, adjointe au chef de bureau.\nARTICLE 5     :  D\u00e9l\u00e9gation de signature est donn\u00e9e \u00e0 M. Lionel GARENTE, attach\u00e9 principal\nd'administration de l'\u00c9tat, adjoint au directeur, chef du bureau du contr\u00f4le de l\u00e9galit\u00e9 et de\nl'intercommunalit\u00e9, pour les actes vis\u00e9s \u00e0 l'article 2 ci-dessus relevant des missions de ce\nbureau et pour les attributions mentionn\u00e9es au m) de l'article 3 ci-dessus en mati\u00e8re de\ncontr\u00f4le de l\u00e9galit\u00e9.\nEn  cas  d'absence  ou  d'emp\u00eachement  de  M.  Lionel  GARENTE,  la  d\u00e9l\u00e9gation  qui  lui  est\naccord\u00e9e  par  le  pr\u00e9sent  article  est  exerc\u00e9e  dans  les  m\u00eames  conditions  par  Mme  Rachel\nBOURDARIAT, attach\u00e9e d'administration de l'\u00c9tat, adjointe au chef de bureau.\nARTICLE  6 : D\u00e9l\u00e9gation  de  signature  est  donn\u00e9e  \u00e0  Mme  Laure  RESSEGUIER,  attach\u00e9e\nd'administration de l'\u00c9tat, cheffe du bureau des finances locales, pour les actes mentionn\u00e9s \u00e0\nl'article 1 ci-dessus relevant des missions de ce bureau et pour les attributions mentionn\u00e9es au\nm) de l'article 2 ci-dessus en mati\u00e8re de contr\u00f4le budg\u00e9taire.\nEn cas d'absence ou d'emp\u00eachement de Mme Laure RESSEGUIER, la d\u00e9l\u00e9gation qui lui est\naccord\u00e9e par le pr\u00e9sent article, est exerc\u00e9e dans les m\u00eames conditions par  M. Jean-Fran\u00e7ois\nRUIZ, secr\u00e9taire administratif de classe sup\u00e9rieure,  adjoint \u00e0 la cheffe de bureau.\n3/4Pr\u00e9fecture du VAR - 83-2024-10-22-00001 - ARR\u00caT\u00c9 PR\u00c9FECTORAL n\u00b0 2024/48/MCI du 22 octobre 2024\nportant d\u00e9l\u00e9gation de signature \u00e0 M. Thibaut DARGON,\ndirecteur de la citoyennet\u00e9 et de la l\u00e9galit\u00e9 de la pr\u00e9fecture du Var29\nARTICLE 7 : En cas d'absence ou d'emp\u00eachement de M. Thibaut DARGON, la d\u00e9l\u00e9gation qui\nlui est consentie aux articles 2 et 3 du pr\u00e9sent arr\u00eat\u00e9 est exerc\u00e9e dans les m\u00eames conditions\ndans l'ordre suivant par  :\n- M. Lionel GARENTE, attach\u00e9 principal d'administration de l'\u00c9tat, adjoint au directeur, chef\ndu bureau du contr\u00f4le de l\u00e9galit\u00e9 et de l'intercommunalit\u00e9  ; \n- M. Thibaud RIVIECCIO, attach\u00e9 d'administration de l'\u00c9tat, chef du bureau des \u00e9lections et\nde la r\u00e9glementation g\u00e9n\u00e9rale  ;\n- Mme Laure RESSEGUIER, attach\u00e9e d'administration de l'\u00c9tat, cheffe du bureau des finances\nlocales ;\n- Mme Nicole VIEL-SORGUS, attach\u00e9e principale d'administration de l'\u00c9tat, cheffe du bureau\ndu greffe associatif.\nARTICLE 8   : L'arr\u00eat\u00e9 pr\u00e9fectoral  n\u00b0 2023/52/MCI du 21 ao\u00fbt 2023  portant d\u00e9l\u00e9gation de\nsignature \u00e0 M. Thibaut DARGON, directeur de la citoyennet\u00e9 et de la l\u00e9galit\u00e9 de la pr\u00e9fecture\ndu Var, est abrog\u00e9.\nARTICLE 9 : Le secr\u00e9taire g\u00e9n\u00e9ral de la pr\u00e9fecture e t le directeur de la citoyennet\u00e9 et de la\nl\u00e9galit\u00e9 sont charg\u00e9s, chacun en ce qui le concerne, de l'ex\u00e9cution du pr\u00e9sent arr\u00eat\u00e9 qui  sera\npubli\u00e9 au recueil des actes administratifs de la pr\u00e9fecture du Var.  \nFait \u00e0 Toulon, le 22 octobre 2024\nLe pr\u00e9fet du Var\nSign\u00e9 :\nPhilippe MAH\u00c9 \n                                                                                                                                                                                                                               4/4Pr\u00e9fecture du VAR - 83-2024-10-22-00001 - ARR\u00caT\u00c9 PR\u00c9FECTORAL n\u00b0 2024/48/MCI du 22 octobre 2024\nportant d\u00e9l\u00e9gation de signature \u00e0 M. Thibaut DARGON,\ndirecteur de la citoyennet\u00e9 et de la l\u00e9galit\u00e9 de la pr\u00e9fecture du Var30\nPr\u00e9fecture du VAR\n83-2024-10-22-00004\nARR\u00caT\u00c9 PR\u00c9FECTORAL n\u00b02024/44/MCI du 22\noctobre 2024\nportant d\u00e9l\u00e9gation de signature pour\nl'ordonnancement secondaire \ndes d\u00e9penses et des recettes\nde la pr\u00e9fecture de TOULON et des\nsous-pr\u00e9fectures de DRAGUIGNAN et\nBRIGNOLES \n imput\u00e9es sur le budget de l'\u00c9tat\nPr\u00e9fecture du VAR - 83-2024-10-22-00004 - ARR\u00caT\u00c9 PR\u00c9FECTORAL n\u00b02024/44/MCI du 22 octobre 2024\nportant d\u00e9l\u00e9gation de signature pour l'ordonnancement secondaire \ndes d\u00e9penses et des recettes\nde la pr\u00e9fecture de TOULON et des sous-pr\u00e9fectures de DRAGUIGNAN et BRIGNOLES \n imput\u00e9es sur le budget de l'\u00c9tat31\n=m\nPREFET\nDU  VAR\nLibert\u00e9\nEgalit\u00e9\nFraternit\u00e9\n Direction de la coordination \ndes politiques publiques\net de l'appui territorial\nMission de coordination interminist\u00e9rielle\nARR\u00caT\u00c9 PR\u00c9FECTORAL n\u00b02024/44/MCI du  22 octobre 2024\nportant d\u00e9l\u00e9gation de signature pour l'ordonnancement secondaire \ndes d\u00e9penses et des recettes\nde la pr\u00e9fecture de TOULON et des sous-pr\u00e9fectures de DRAGUIGNAN et BRIGNOLES \n imput\u00e9es sur le budget de l'\u00c9tat\nLe Pr\u00e9fet du Var,\nOfficier de la L\u00e9gion d'Honneur,\nVu la loi n\u00b0 82-213 du 2 mars 1982 modifi\u00e9e relative aux droits et libert\u00e9s des communes, des \nd\u00e9partements et des r\u00e9gions  ;\nVu la loi n\u00b0 83-8 du 7 janvier 1983 modifi\u00e9e relative \u00e0 la r\u00e9partition des comp\u00e9tences entre les\ncommunes, les d\u00e9partements, les r\u00e9gions et l'\u00c9tat  ;\nVu  la  loi  d'orientation  n\u00b0  92-125  du  6  f\u00e9vrier  1992  modifi\u00e9e  relative  \u00e0  l'administration\nterritoriale de la R\u00e9publique ;\nVu la loi n\u00b0 2004-809 du 13 ao\u00fbt 2004 modifi\u00e9e relative aux libert\u00e9s et responsabilit\u00e9s locales  ;\nVu le d\u00e9cret n\u00b0 97-34 du 15 janvier 1997 modifi\u00e9 relatif \u00e0 la d\u00e9concentration des d\u00e9cisions\nadministratives individuelles  ;\nVu  le  d\u00e9cret  n\u00b0  2004-374  du  29  avril  2004  modifi\u00e9  relatif  aux  pouvoirs  des  pr\u00e9fets,  \u00e0\nl'organisation et \u00e0 l'action des services de l'\u00c9tat dans les r\u00e9gions et d\u00e9partements  ;\nVu  le  d\u00e9cret  n\u00b0  2007-1488  du  17  octobre  2007  modifi\u00e9  relatif  \u00e0  l'emploi  de  conseiller\nd'administration de l'int\u00e9rieur et de l'outre-mer ;\nVu le d\u00e9cret n\u00b0 2011-1317 du 17 octobre 2011 modifi\u00e9 portant statut particulier du corps\ninterminist\u00e9riel des attach\u00e9s d'administration de l'\u00c9tat ;\nVu le d\u00e9cret n\u00b0 2012-1246 du 7 novembre 2012 modifi\u00e9 relatif \u00e0 la gestion budg\u00e9taire et\ncomptable publique  ;\nVu le d\u00e9cret n\u00b0 2012-1247 du 7 novembre 2012 modifi\u00e9 portant adaptation de divers textes\naux nouvelles r\u00e8gles de la gestion budg\u00e9taire et comptable publique  ;\nVu  le  d\u00e9cret  du  Pr\u00e9sident  de  la  R\u00e9publique  du  15  avril  2022  portant  nomination  de\nM.  Lucien  GIUDICELLI,  secr\u00e9taire  g\u00e9n\u00e9ral  de  la  pr\u00e9fecture  du  Var,  sous-pr\u00e9fet  de\nl'arrondissement de Toulon  ;\n1/7\nPr\u00e9fecture du VAR - 83-2024-10-22-00004 - ARR\u00caT\u00c9 PR\u00c9FECTORAL n\u00b02024/44/MCI du 22 octobre 2024\nportant d\u00e9l\u00e9gation de signature pour l'ordonnancement secondaire \ndes d\u00e9penses et des recettes\nde la pr\u00e9fecture de TOULON et des sous-pr\u00e9fectures de DRAGUIGNAN et BRIGNOLES \n imput\u00e9es sur le budget de l'\u00c9tat32\nVu  le  d\u00e9cret  du  Pr\u00e9sident  de  la  R\u00e9publique  du  6  juillet  2023  portant  nomination  de\nMme Myriam GARCIA, sous-pr\u00e9f\u00e8te de l'arrondissement de Draguignan  ;\nVu  le  d\u00e9cret  du  Pr\u00e9sident  de  la  R\u00e9publique  du  13  juillet  2023  portant  nomination  de\nM. Philippe MAHE, pr\u00e9fet du Var ;\nVu  le  d\u00e9cret  du  Pr\u00e9sident  de  la  R\u00e9publique  du  3  avril  2024  portant  nomination  de\nMme Jos\u00e9phine GUIGLIANO-BOUTONNET, sous-pr\u00e9f\u00e8te, directrice de cabinet du pr\u00e9fet du\nVar ;\nVu le d\u00e9cret du Pr\u00e9sident de la R\u00e9publique du 21 septembre 2024 portant nomination de\nM.  Jean-Baptiste  MORINAUD,  sous-pr\u00e9fet  charg\u00e9  de  mission  aupr\u00e8s  du  pr\u00e9fet  du  Var,\nsecr\u00e9taire g\u00e9n\u00e9ral adjoint de la pr\u00e9fecture du Var  ;\nVu  l'arr\u00eat\u00e9  pr\u00e9fectoral  n\u00b02020/96/MCI  du  29  d\u00e9cembre  2020  portant  organisation  du\nsecr\u00e9tariat  g\u00e9n\u00e9ral  commun  d\u00e9partemental  du  Var,  modifi\u00e9  par  l'arr\u00eat\u00e9  pr\u00e9fectoral\nn\u00b02022/18/MCI du 10 juin 2022  et par l'arr\u00eat\u00e9 pr\u00e9fectoral  n\u00b0 2022/45/ MCI du 7 novembre\n2022;\nVu l'arr\u00eat\u00e9 pr\u00e9fectoral n\u00b02024/03/MCI du 19 f\u00e9vrier 2024 portant organisation de la pr\u00e9fecture\ndu Var ;\nVu l'arr\u00eat\u00e9 pr\u00e9fectoral n\u00b02024/17/MCI du 12 avril 2024 portant d\u00e9l\u00e9gation de signature pour\nl'ordonnancement secondaire des d\u00e9penses et des recettes de la pr\u00e9fecture de TOULON et\ndes sous-pr\u00e9fectures de DRAGUIGNAN et BRIGNOLES imput\u00e9es sur le budget de l'\u00c9tat  ;\nVu l'arr\u00eat\u00e9 pr\u00e9fectoral n\u00b02024/37/MCI du 25 septembre 2024 portant d\u00e9l\u00e9gation de signature\n\u00e0 Mme Myriam GARCIA, sous-pr\u00e9f\u00e8te de l'arrondissement de Draguignan, assurant l'int\u00e9rim\ndu sous-pr\u00e9fet de l'arrondissement de Brignoles  ;\nVu l'arr\u00eat\u00e9 pr\u00e9fectoral n\u00b02024/47/MCI du                                  portant d\u00e9l\u00e9gation de signature \u00e0 \nM.  David  DOLIQUE,  attach\u00e9  principal  d'administration  de  l'\u00c9tat,  chef  du  bureau  de\nl'environnement et du d\u00e9veloppement durable , assurant l'int\u00e9rim du directeur de la  direction\nde la coordination des politiques publiques et de l'appui territorial (DCPPAT) ;\nConsid\u00e9rant la r\u00e9organisation en cours des services de la pr\u00e9fecture, dont la validation en\nCSA est fix\u00e9e au 29 novembre 2024  ;\nSur proposition du secr\u00e9taire g\u00e9n\u00e9ral de la pr\u00e9fecture  ;\nARR\u00caT\u00c9 :\nARTICLE  1 : D\u00e9l\u00e9gation  est  donn\u00e9e,  en  qualit\u00e9  d'ordonnateur  secondaire  d\u00e9l\u00e9gu\u00e9,  \u00e0\nM.  Lucien  GIUDICELLI,  secr\u00e9taire  g\u00e9n\u00e9ral  de  la  pr\u00e9fecture  du  Var,  sous-pr\u00e9fet  de\nl'arrondissement de Toulon, aux fins de proc\u00e9der \u00e0 toutes les op\u00e9rations et de signer tous les\nactes se traduisant par l'ordonnancement secondaire des recettes et des d\u00e9penses de l'\u00c9tat\npour les cr\u00e9dits ex\u00e9cut\u00e9s \u00e0 l'\u00e9chelon d\u00e9partemental, notamment les march\u00e9s et les arr\u00eat\u00e9s\nattributifs de subvention ou d'allocation relevant de tous les programmes.\nCette d\u00e9l\u00e9gation porte sur l'engagement, la liquidation et le mandatement des d\u00e9penses,\nainsi que sur l'\u00e9mission et la signature des titres de recettes.\nSont exclus de la d\u00e9l\u00e9gation les actes de r\u00e9quisition du comptable public assignataire et les\nd\u00e9cisions de passer outre au refus de visa du contr\u00f4leur budg\u00e9taire local. \n                                                                                                                                                                                                                              2/7Pr\u00e9fecture du VAR - 83-2024-10-22-00004 - ARR\u00caT\u00c9 PR\u00c9FECTORAL n\u00b02024/44/MCI du 22 octobre 2024\nportant d\u00e9l\u00e9gation de signature pour l'ordonnancement secondaire \ndes d\u00e9penses et des recettes\nde la pr\u00e9fecture de TOULON et des sous-pr\u00e9fectures de DRAGUIGNAN et BRIGNOLES \n imput\u00e9es sur le budget de l'\u00c9tat33\nARTICLE 2 : D\u00e9l\u00e9gation est donn\u00e9e \u00e0 M. Jean-Baptiste MORINAUD , sous-pr\u00e9fet charg\u00e9 de\nmission aupr\u00e8s du pr\u00e9fet du Var, secr\u00e9taire g\u00e9n\u00e9ral adjoint de la pr\u00e9fecture du Var , aux fins de\nsigner, dans son domaine de comp\u00e9tence, tous actes, documents ou d\u00e9cisions se traduisant\npar l'ordonnancement secondaire des recettes et des d\u00e9penses de l'\u00c9tat et imput\u00e9es sur les\nprogrammes suivants :\n\uf0a7147  \u00ab  Politique de la ville  \u00bb ;\n\uf0a7177 \u00ab Pr\u00e9vention de l'exclusion et insertion des personnes vuln\u00e9rables \u00bb;\n\uf0a7135 \u00ab Urbanisme, territoires et am\u00e9lioration de l'habitat  \u00bb ;\n\uf0a7216 \u00ab Conduite et pilotage des politiques de l'int\u00e9rieur  \u00bb, en ce qu'elles concernent\nl'action 6 \u00ab Conseil juridique et traitement du contentieux  \u00bb, hors d\u00e9penses d'action\nsociale ;\n\uf0a7303 \u00ab Immigration et asile  \u00bb ;\n\uf0a7104 \u00ab Int\u00e9gration et acc\u00e8s \u00e0 la nationalit\u00e9 fran\u00e7aise  \u00bb;\n\uf0a7304 \u00ab Inclusion sociale et protection des personnes  \u00bb ;\n\uf0a7157 \u00abHandicap et d\u00e9pendance\u00bb;\n\uf0a7129 \u00abLutte contre le racisme, l'antis\u00e9mitisme et la haine anti-LGBT \u00bb.\nEn  cas  d'absence  ou  d'emp\u00eachement  de  M.  Jean-Baptiste  MORINAUD,  la  d\u00e9l\u00e9gation  de\nsignature qui lui est consentie au titre du pr\u00e9sent article est exerc\u00e9e par Mme Nelcie FERRERE,\ndirectrice d\u00e9partementale adjointe de l'emploi, du travail et des solidarit\u00e9s du Var, assurant\nl'int\u00e9rim du directeur d\u00e9partemental .\nARTICLE 3 : D\u00e9l\u00e9gation est donn\u00e9e \u00e0 Mme Jos\u00e9phine GUIGLIANO-BOUTONNET, sous-pr\u00e9f\u00e8te,\ndirectrice de cabinet du pr\u00e9fet du Var, aux fins de signer, dans son domaine de comp\u00e9tence,\ntous  actes,  documents  ou  d\u00e9cisions  se  traduisant  par  l'ordonnancement  secondaire  des\nrecettes et des d\u00e9penses de l'\u00c9tat et imput\u00e9es sur les programmes suivants :\n\uf0a7122 \"Concours sp\u00e9cifiques et administration\"  ;\n\uf0a7129 \"Coordination du travail gouvernemental\" (MILDECA) ;\n\uf0a7161 \"S\u00e9curit\u00e9 civile\"  ;\n\uf0a7207 \"S\u00e9curit\u00e9 et \u00e9ducation routi\u00e8res\"  ;\n\uf0a7216 \"Conduite et pilotage des politiques de l'int\u00e9rieur\", hors d\u00e9penses d'action sociale.\nARTICLE  4 : D\u00e9l\u00e9gation  est  donn\u00e9e  \u00e0  M  Vincent  BARASTIER,  attach\u00e9  hors  classe\nd'administration de l'\u00c9tat, directeur des s\u00e9curit\u00e9s, aux fins de signer  tous actes, documents ou\nd\u00e9cisions se traduisant par l'ordonnancement secondaire des recettes et des d\u00e9penses de\nl'\u00c9tat relevant des attributions et du fonctionnement  de cette direction et imput\u00e9es sur les\nprogrammes suivants  : \n\uf0a7122 \"Concours sp\u00e9cifiques et administration\"  ;\n\uf0a7129 \"Coordination du travail gouvernemental\" (MILDECA)  ;\n\uf0a7161 \"S\u00e9curit\u00e9 civile\"  ;\n\uf0a7207 \"S\u00e9curit\u00e9 et \u00e9ducation routi\u00e8res\" ;\n\uf0a7216 \"Conduite et pilotage des politiques de l'int\u00e9rieur\", hors d\u00e9penses d'action sociale.\n \nEn cas d'absence ou d'emp\u00eachement de M. Vincent BARASTIER,  la d\u00e9l\u00e9gation de signature\nqui lui est accord\u00e9e au titre du pr\u00e9sent article, est exerc\u00e9e par Mme Audrey BORGO, c heffe\ndu cabinet, directrice adjointe des s\u00e9curit\u00e9s.\n3/7Pr\u00e9fecture du VAR - 83-2024-10-22-00004 - ARR\u00caT\u00c9 PR\u00c9FECTORAL n\u00b02024/44/MCI du 22 octobre 2024\nportant d\u00e9l\u00e9gation de signature pour l'ordonnancement secondaire \ndes d\u00e9penses et des recettes\nde la pr\u00e9fecture de TOULON et des sous-pr\u00e9fectures de DRAGUIGNAN et BRIGNOLES \n imput\u00e9es sur le budget de l'\u00c9tat34\nEn cas d'absence ou d'emp\u00eachement de M. Vincent BARASTIER et de Mme Audrey BORGO, la\nd\u00e9l\u00e9gation de signature qui leur est accord\u00e9e au titre du pr\u00e9sent article, est exerc\u00e9e par  :\n   \n - M. R\u00e9mi PIERRET, attach\u00e9 d'administration de l'\u00c9tat, chef du bureau de la s\u00e9curit\u00e9\npublique,  Mme Sandrine DE RIDDER, attach \u00e9e d'administration de l'\u00c9tat, adjointe au\nchef du bureau de la s\u00e9curit\u00e9 publique, dans la limite de leurs attributions relevant des\nprogrammes 122, 129 et 216 exclusivement, ainsi que Mme H\u00e9l\u00e8ne ADELAIDE, secr\u00e9taire\nadministratif de classe sup\u00e9rieure, cheffe de la section \u00ab  Pr\u00e9vention de la d\u00e9linquance  \u00bb\net  Mme  France  FOUGERE,  adjointe  administrative  principale  2\u00e8me  classe,  pour  les\nprogrammes 216 et 219 exclusivement ;\n- Mme La\u00ebtitia PELLISSIER. attach\u00e9e d'administration de l'\u00c9tat, cheffe du bureau des\npolices  administratives  de  s\u00e9curit\u00e9,  dans  la  limite  de  ses  attributions  relevant  du\nprogramme 216 exclusivement  ;\n-  Mme  Florence  MILLONI,  attach\u00e9e  principale  d' administration  de  l'\u00c9tat ,  cheffe  du\nservice  interminist\u00e9riel  de  d\u00e9fense  et  de  protection  civile  dans  la  limite  de  ses\nattributions relevant du programme 161 exclusivement  ;\n-  Mme  Sophie  BARASTIER,  attach\u00e9e  principale  d'administration  de  l'\u00c9tat,  cheffe  du\nservice  de  l'\u00e9ducation  et  de  la  s\u00e9curit\u00e9  routi\u00e8res,  M.  Thierry  LE  GRAND,  attach\u00e9\nd'administration  de  l'Etat,  M.  St\u00e9phane  C\u00c9SARI,  Technicien  sup\u00e9rieur  en  chef  du\nd\u00e9veloppement durable, M. Dominique THIEL, d\u00e9l\u00e9gu\u00e9 au permis de conduire et \u00e0 la\ns\u00e9curit\u00e9  routi\u00e8re,  M.  Roland  ESQUIVA,  inspecteur  des  permis  de  conduire  et  de  la\ns\u00e9curit\u00e9  routi\u00e8re  de  1\u00e8re  classe,  Mme  Isabelle  DELECOURT,  adjointe  administrative\nprincipale de 1\u00e8re classe, Mme Isabelle BOURIQUAT, adjointe administrative principale\nde 1\u00e8re classe, pour effectuer tous les actes et op\u00e9rations d'ordonnancement de la\nd\u00e9pense  (saisie,  validation,  certification  de  service  fait,  ordre  \u00e0  payer)  dans  les\napplications Chorus Formulaires et Chorus DT ainsi que la consultation dans Chorus-\ncoeur,  dans  la  limite  des  attributions  du  service  relevant  du  programme  207\nexclusivement.\nARTICLE 5 : D\u00e9l\u00e9gation est donn\u00e9e \u00e0 Mme Myriam GARCIA, sous-pr\u00e9f\u00e8te de l'arrondissement\nde  DRAGUIGNAN,  aux fins de signer tous actes, documents ou d\u00e9cisions se traduisant par\nl'ordonnancement secondaire des recettes et des d\u00e9penses de l'\u00c9tat relevant des attributions\net du fonctionnement  des services et de la r\u00e9sidence de la sous-pr\u00e9fecture et imput\u00e9es sur les\nprogrammes suivants :\n\uf0a7216 \"Conduite et pilotage des politiques de l'int\u00e9rieur\", en ce qu'elles concernent\nl'action 6  \"Conseil juridique et traitement du contentieux\"  .\nEn  cas  d'absence  ou  d'emp\u00eachement  de  Mme  Myriam  GARCIA,  la  d\u00e9l\u00e9gation  qui  lui  est\naccord\u00e9e  au  titre  du  pr\u00e9sent  article  est  exerc\u00e9e  par  M.  Philippe  SAVIGNAT ,  conseiller\nd'administration de l'int\u00e9rieur et de l'outre-mer, secr\u00e9taire g\u00e9n\u00e9ral de la sous-pr\u00e9fecture de\nDRAGUIGNAN, en ce qui concerne le programme 216. \nMme Christelle CHARLES, secr\u00e9taire administrative de classe sup\u00e9rieure, responsable de la\nsection logement/expulsion, a en charge tous les actes de gestion dans Chorus-formulaire.\nARTICLE 6 : D\u00e9l\u00e9gation est donn\u00e9e \u00e0 Mme Myriam GARCIA, sous-pr\u00e9f\u00e8te de l'arrondissement\nde DRAGUIGNAN, assurant l'int\u00e9rim du sous-pr\u00e9fet de l'arrondissement de BRIGNOLES, aux\n                                                                                                                                                                                                                              4/7Pr\u00e9fecture du VAR - 83-2024-10-22-00004 - ARR\u00caT\u00c9 PR\u00c9FECTORAL n\u00b02024/44/MCI du 22 octobre 2024\nportant d\u00e9l\u00e9gation de signature pour l'ordonnancement secondaire \ndes d\u00e9penses et des recettes\nde la pr\u00e9fecture de TOULON et des sous-pr\u00e9fectures de DRAGUIGNAN et BRIGNOLES \n imput\u00e9es sur le budget de l'\u00c9tat35\nfins  de  signer  tous  actes,  documents  ou  d\u00e9cisions  se  traduisant  par  l'ordonnancement\nsecondaire  des  recettes  et  des  d\u00e9penses  de  l'\u00c9tat  relevant  des  attributions  et  du\nfonctionnement des services et de la r\u00e9sidence de la sous-pr\u00e9fecture et imput\u00e9es sur les\nprogrammes suivants :\n\uf0a7216 \"Conduite et pilotage des politiques de l'int\u00e9rieur\", en ce qu'elles concernent\nl'action 6 \"Conseil juridique et traitement du contentieux\"  ;\nEn cas d'absence ou d'emp\u00eachement de Mme Myriam GARCIA , la d\u00e9l\u00e9gation de signature qui\nlui est accord\u00e9e au titre du pr\u00e9sent article est exerc\u00e9e par  M. Serge ORTIS, attach\u00e9 principal\nd'administration de l'\u00c9tat, secr\u00e9taire g\u00e9n\u00e9ral de la sous-pr\u00e9fecture de BRIGNOLES,  en ce qui\nconcerne le programme 216.\nEn cas d'absence ou d'emp\u00eachement de  M. Serge ORTIS, d\u00e9l\u00e9gation est donn\u00e9e, dans les\nm\u00eames conditions et sous son contr\u00f4le, \u00e0  : \n- Monsieur GUILBERT Pascal, secr\u00e9taire administratif de classe exceptionnelle, chef du Bureau\nde l'Administration et la R\u00e9glementation G\u00e9n\u00e9rale, pour tous les actes de gestion dans chorus\nformulaires.\nARTICLE 7 : D\u00e9l\u00e9gation est donn\u00e9e \u00e0 M. Thibaut DARGON, conseiller d'administration de\nl'int\u00e9rieur et de l'outre-mer,  directeur de la citoyennet\u00e9 et de la l\u00e9galit\u00e9,  aux fins de signer\ntous  actes,  documents  ou  d\u00e9cisions  se  traduisant  par  l'ordonnancement  secondaire  des\nrecettes et des d\u00e9penses de l'\u00c9tat relevant des attributions et du fonctionnement  de cette\ndirection et imput\u00e9es sur les programmes suivants :\n\uf0a7119 \u00ab  Concours financiers aux communes et groupements de communes  \u00bb;\n\uf0a7122 \"Concours sp\u00e9cifiques et administration\"  ;\n\uf0a7176 \"Police nationale   en ce qu'elles concernent les demandes de remboursement de\nfrais d'indemnisation des gardiens de fourri\u00e8res automobiles \" ;\n\uf0a7216 \"Conduite et pilotage des politiques de l'int\u00e9rieur\", en ce qu'elles concernent les\nd\u00e9penses de contentieux de la direction de la citoyennet\u00e9 et de la l\u00e9galit\u00e9  ;\n\uf0a7218 \"Conduite et pilotage des politiques \u00e9conomique et financi\u00e8re\" en ce qu'elles\nconcernent  les  f rais  d'organisation  des  \u00e9lections  des  juges  des  tribunaux  de\ncommerce ;\n\uf0a7232 \"Vie politique, cultuelle et associative\", dans la limite de 15 000 \u20ac TTC  ;\n\uf0a7754 \"Contribution \u00e0 l'\u00e9quipement des collectivit\u00e9s territoriales pour l'am\u00e9lioration\ndes transports en commun, de la s\u00e9curit\u00e9 et de la circulation routi\u00e8res\".\nEn cas d'absence ou d'emp\u00eachement de M. Thibaut DARGON, la d\u00e9l\u00e9gation de signature qui\nlui est accord\u00e9e au titre du pr\u00e9sent article est exerc\u00e9e  par : \n- M. Lionel GARENTE, attach\u00e9 principal d'administration de l'\u00c9tat, chef du bureau du contr\u00f4le\nde l\u00e9galit\u00e9 et de l'intercommunalit\u00e9, adjoint au directeur,  pour les d\u00e9penses  li\u00e9es \u00e0 l'exercice\ndes  attributions  de  ce  bureau  et  relevant  du  programme  216  exclusivement, ou,  en  cas\nd'absence  ou  d'emp\u00eachement  de  celui-ci,  par  Mme  Rachel  BOURDARIAT,  attach\u00e9e\nd'administration de l'\u00c9tat, adjointe au chef de bureau ; \n5/7Pr\u00e9fecture du VAR - 83-2024-10-22-00004 - ARR\u00caT\u00c9 PR\u00c9FECTORAL n\u00b02024/44/MCI du 22 octobre 2024\nportant d\u00e9l\u00e9gation de signature pour l'ordonnancement secondaire \ndes d\u00e9penses et des recettes\nde la pr\u00e9fecture de TOULON et des sous-pr\u00e9fectures de DRAGUIGNAN et BRIGNOLES \n imput\u00e9es sur le budget de l'\u00c9tat36\n- Mme Laure RESSEGUIER, attach\u00e9e d'administration de l'\u00c9tat, cheffe du bureau des finances\nlocales, pour les d\u00e9penses li\u00e9es \u00e0 l'exercice des attributions de ce bureau et relevant des\nprogrammes 119, 122, 216 et 754 exclusivement, ou, en cas d'absence ou d'emp\u00eachement de\ncelle-ci, par  M. Jean-Fran\u00e7ois RUIZ, secr\u00e9taire administratif de classe sup\u00e9rieure,  adjoint \u00e0 la\ncheffe de bureau  ;\n- M. Thibaud RIVIECCIO , attach\u00e9 d'administration de l'\u00c9tat, chef de bureau des \u00e9lections et\nde la r\u00e9glementation g\u00e9n\u00e9rale, pour les d\u00e9penses li\u00e9es \u00e0 l'exercice des attributions de ce\nbureau et relevant des p rogrammes 216, 218, 232 et 176 exclusivement, et dans la limite de 2\n300 \u20ac TTC pour ces trois derniers programmes, ou, en cas d'absence ou d'emp\u00eachement de\ncelui-ci, par Mme Chantal HERNANDEZ, attach\u00e9e d'administration de l'\u00c9tat, adjointe au chef\nde bureau, dans la m\u00eame limite de ce montant.\nARTICLE 8 : D\u00e9l\u00e9gation est donn\u00e9e \u00e0 M. David DOLIQUE, attach\u00e9 principal d'administration\nde l'\u00c9tat, chef du bureau de l'environnement et du d\u00e9veloppement durable, assurant l'int\u00e9rim\ndu  directeur  de  la  direction  de  la  coordination  des  politiques  publiques  et  de  l'appui\nterritorial (DCPPAT),  aux fins de signer tous actes, documents ou d\u00e9cisions se traduisant par\nl'ordonnancement secondaire des recettes et des d\u00e9penses de l'\u00c9tat relevant des attributions\net du fonctionnement  de cette direction et imput\u00e9es sur les programmes suivants  :\n112 \u00abImpulsion et coordination de la politique d'am\u00e9nagement du territoire   \u00bb ;\n119 \u00ab  Concours financiers aux communes et groupements de communes  \u00bb;\n122 \u00ab Concours sp\u00e9cifiques et administration  \u00bb ;\n216 \u00ab Conduite et pilotage des politiques de l'int\u00e9rieur  \u00bb, hors d\u00e9penses d'action sociale  ;\n362 \u00ab Plan de relance - \u00e9cologie  \u00bb;\n363 \u00ab Comp\u00e9titivit\u00e9 \u00bb ;\n364 \" Coh\u00e9sion\"  ;\n380 \u00ab Fonds d'acc\u00e9l\u00e9ration de la transition \u00e9cologique  \u00bb ;\n      En cas d'absence ou d'emp\u00eachement de M. David DOLIQUE, la d\u00e9l\u00e9gation de signature qui lui\nest accord\u00e9e au titre du pr\u00e9sent article est exerc\u00e9e par  :\n-  Mme  Catherine  LEPECUCHEL,  en  sa  qualit\u00e9  de  cheffe  du  Bureau  des  subventions\nd'investissement, aux fins de signer tous actes, documents ou d\u00e9cisions se traduisant par\nl'ordonnancement secondaire des recettes et des d\u00e9penses de l'\u00c9tat, relevant des attributions\net du fonctionnement du bureau et imput\u00e9es sur les programmes suivants  :\n\u25aa112 \u00abImpulsion et coordination de la politique d'am\u00e9nagement du territoire\u00bb  ;\n\u25aa119 \u00ab Concours financiers aux communes et groupements de communes  \u00bb;\n\u25aa122 \u00ab Concours sp\u00e9cifiques et administration\u00bb  ;\n\u25aa362 \u00ab Plan de relance - \u00e9cologie  \u00bb;\n\u25aa363 \u00ab comp\u00e9titivit\u00e9\u00bb ;\n\u25aa364 \" Coh\u00e9sion\"  ;\n\u25aa380 \u00ab Fonds d'acc\u00e9l\u00e9ration de la transition \u00e9cologique\u00bb.\nAinsi que :\n\u2022la validation des demandes de subventions et la constatation et la certification des\nservices faits dans l'application Chorus formulaires  ;\n\u2022la visualisation des actes de gestion dans l'application Chorus coeur  ;\n\u2022la validation des ordres de mission et \u00e9tats de frais relatifs aux personnels du bureau\nsous chorus DT.\n                                                                                                                                                                                                                              6/7Pr\u00e9fecture du VAR - 83-2024-10-22-00004 - ARR\u00caT\u00c9 PR\u00c9FECTORAL n\u00b02024/44/MCI du 22 octobre 2024\nportant d\u00e9l\u00e9gation de signature pour l'ordonnancement secondaire \ndes d\u00e9penses et des recettes\nde la pr\u00e9fecture de TOULON et des sous-pr\u00e9fectures de DRAGUIGNAN et BRIGNOLES \n imput\u00e9es sur le budget de l'\u00c9tat37\nD\u00e9l\u00e9gation est \u00e9galement donn\u00e9e, pour tous les actes de gestion dans Chorus Formulaires et\nChorus  coeur,  \u00e0  Mmes  Agn\u00e8s  HELUIN  et  Martine  LUBRANO,  adjointes  administratives\nprincipales de 1\u00e8re clas se.      \n                                                                                      \nARTICLE 9 : D\u00e9l\u00e9gation est donn \u00e9e \u00e0 M. Emmanuel SADOUX,  conseiller d'administration de\nl'int\u00e9rieur et de l'outre-mer,  directeur des titres d'identit\u00e9 et de l'immigration , aux fins de\nsigner tous actes, documents ou d\u00e9cisions se traduisant par l'ordonnancement secondaire des\nrecettes et des d\u00e9penses de l'\u00c9tat relevant des attributions  et du fonctionnement  de la\ndirection des titres d'identit\u00e9 et de l'immigration et imput\u00e9es sur les programmes suivants :\n\u25aa 216 \"Conduite et pilotage des politiques de l'int\u00e9rieur\" en ce qu'elles concernent  l'action 6\n\"Conseil juridique et traitement du contentieux\"  ;\nEn cas d'absence ou d'emp\u00eachement de M. Emmanuel SADOUX , la d\u00e9l\u00e9gation de signature\nqui lui est accord\u00e9e au titre du pr\u00e9sent article est exerc\u00e9e par M. Alexandre PROUD, attach\u00e9\nprincipal  d'administration  de  l'Etat,  chef  du  CERT,  Mme  Anne-Sophie  GADIN,  attach\u00e9e\nd'administration de l'\u00c9tat, adjointe au chef du CERT pour ce qui concerne les attributions du\nCERT et par  M. Thomas LORMAILLE, attach\u00e9 principal d'administration de l'\u00c9tat, chef du\nbureau de l'immigration , pour ce qui concerne les attributions du bureau de l'immigration.  \nD\u00e9l\u00e9gation est \u00e9galement donn\u00e9e, pour tous les actes de gestion dans chorus formulaires, \u00e0  :\n-  Mme  Coralie  OTULAKOWSKI,  attach\u00e9e  d'administration  de  l'\u00c9tat,  adjointe  au  chef  du\nbureau de l'immigration\n- Mme Anne BELLEC, bureau de l'immigration\n- Mme Marie-Christine CLOTAIRE, bureau de l'immigration\n- Mme Caroline RAYMOND, bureau de l'immigration.\nARTICLE  10     : L'arr\u00eat\u00e9  pr\u00e9fectoral  n\u00b02024/17/MCI  du  12  avril  2024  portant  d\u00e9l\u00e9gation  de\nsignature pour l'ordonnancement secondaire des d\u00e9penses et des recettes de la pr\u00e9fecture de\nTOULON et des sous-pr\u00e9fectures de DRAGUIGNAN et BRIGNOLES imput\u00e9es sur le budget de\nl'\u00c9tat, susvis\u00e9, est abrog\u00e9.\nARTICLE  11     :   Le  secr\u00e9taire  g\u00e9n\u00e9ral  de  la  pr\u00e9fecture  du  Var,  la  sous-pr\u00e9f\u00e8te,  directrice  de\ncabinet, le sous-pr\u00e9fet charg\u00e9 de mission aupr\u00e8s du pr\u00e9fet , secr\u00e9taire g\u00e9n\u00e9ral adjoint de la\npr\u00e9fecture du Var, la  sous-pr\u00e9f\u00e8te de l'arrondissement de DRAGUIGNAN, assurant l'int\u00e9rim du\nsous-pr\u00e9fet de l'arrondissement de BRIGNOLES,  sont charg\u00e9s, chacun en ce qui le concerne,\nde l'ex\u00e9cution du pr\u00e9sent arr\u00eat\u00e9 qui  sera publi\u00e9 au recueil des actes administratifs de la\npr\u00e9fecture du Var.\n                                                                                          Fait \u00e0 Toulon, le 22 octobre 2024\n            Le Pr\u00e9fet du Var\n                                                                                                    Sign\u00e9  :\n                                                                                                    Philippe MAH\u00c9\n7/7Pr\u00e9fecture du VAR - 83-2024-10-22-00004 - ARR\u00caT\u00c9 PR\u00c9FECTORAL n\u00b02024/44/MCI du 22 octobre 2024\nportant d\u00e9l\u00e9gation de signature pour l'ordonnancement secondaire \ndes d\u00e9penses et des recettes\nde la pr\u00e9fecture de TOULON et des sous-pr\u00e9fectures de DRAGUIGNAN et BRIGNOLES \n imput\u00e9es sur le budget de l'\u00c9tat38\nPr\u00e9fecture du VAR\n83-2024-10-22-00005\nARR\u00caT\u00c9 PR\u00c9FECTORAL n\u00b02024/46/MCI du 22\noctobre 2024\nportant d\u00e9l\u00e9gation de signature \u00e0 M. Edward de\nLUMLEY,\nDirecteur r\u00e9gional des affaires culturelles de la\nr\u00e9gion Provence-Alpes-C\u00f4te d'Azur \nPr\u00e9fecture du VAR - 83-2024-10-22-00005 - ARR\u00caT\u00c9 PR\u00c9FECTORAL n\u00b02024/46/MCI du 22 octobre 2024\nportant d\u00e9l\u00e9gation de signature \u00e0 M. Edward de LUMLEY,\nDirecteur r\u00e9gional des affaires culturelles de la r\u00e9gion Provence-Alpes-C\u00f4te d'Azur 39\n=m\nPREFET\nDU  VAR\nLibert\u00e9\nEgalit\u00e9\nFraternit\u00e9\nDirection de la coordination\n des politiques publiques\net de l'appui territorial\nMission de coordination interminist\u00e9rielle\nARR\u00caT\u00c9 PR\u00c9FECTORAL n\u00b02024/46/MCI du 22 octobre 2024\nportant d\u00e9l\u00e9gation de signature \u00e0 M. Edward de LUMLEY,\nDirecteur r\u00e9gional des affaires culturelles de la r\u00e9gion Provence-Alpes-C\u00f4te d'Azur \n    Le Pr\u00e9fet du Var ,\n    Officier de la L\u00e9gion d'Honneur\n     \nVu le code de l'environnement ;\nVu le code du patrimoine  ;\nVu le code de l'urbanisme  ;\nVu  le  d\u00e9cret  n\u00b0  2004-374  du  29  avril  2004  modifi\u00e9  relatif  aux  pouvoirs  des  pr\u00e9fets,  \u00e0\nl'organisation et \u00e0 l'action des services de l'Etat dans les r\u00e9gions et d\u00e9partements ;\nVu le d\u00e9cret n\u00b0 2010-633 du 8 juin 2010 modifi\u00e9 relatif \u00e0 l'organisation et aux missions des\ndirections r\u00e9gionales des affaires culturelles  ;\nVu  le  d\u00e9cret  du  Pr\u00e9sident  de  la  R\u00e9publique  du  15  avril  2022  portant  nomination  de\nM.  Lucien  GIUDICELLI,  secr\u00e9taire  g\u00e9n\u00e9ral  de  la  pr\u00e9fecture  du  Var,  sous-pr\u00e9fet  de\nl'arrondissement de Toulon  ;\nVu le d\u00e9cret du Pr\u00e9sident de la R\u00e9publique du 13 juillet 2023 portant nomination de\nM. Philippe MAHE, pr\u00e9fet du Var ;\nVu l'arr\u00eat\u00e9 de la ministre de la culture du 28 ao\u00fbt 2024 portant nomination de M. Edward\nde LUMLEY, en qualit\u00e9 de directeur r\u00e9gional des affaires culturelles de la r\u00e9gion Provence-\nAlpes-C\u00f4te d'Azur\nVu  l'arr\u00eat\u00e9  pr\u00e9fectoral  n\u00b02024/33/MCI  du  3  septembre  2024  portant  d\u00e9l\u00e9gation  de\nsignature \u00e0 M. Louis BURLE,  directeur  r\u00e9gional des affaires culturelles de Provence-Alpes-\nC\u00f4te d'Azur par int\u00e9rim;\nSur proposition du secr\u00e9taire g\u00e9n\u00e9ral de la pr\u00e9fecture  ;\nARRETE\nARTICLE 1     :   D\u00e9l\u00e9gation est donn\u00e9e \u00e0 M. Edward de LUMLEY, directeur r\u00e9gional des affaires\nculturelles de la r\u00e9gion Provence-Alpes-C\u00f4te d'Azur, \u00e0 l'effet de signer, dans le cadre de ses\nattributions et comp\u00e9tences, les actes et d\u00e9cisions suivants  :\n1/3\nPr\u00e9fecture du VAR - 83-2024-10-22-00005 - ARR\u00caT\u00c9 PR\u00c9FECTORAL n\u00b02024/46/MCI du 22 octobre 2024\nportant d\u00e9l\u00e9gation de signature \u00e0 M. Edward de LUMLEY,\nDirecteur r\u00e9gional des affaires culturelles de la r\u00e9gion Provence-Alpes-C\u00f4te d'Azur 40\n1 - Monuments historiques \u2013 Immeubles\n-  arr\u00eat\u00e9  d'occupation  temporaire  des  immeubles  class\u00e9s  et  des  immeubles  voisins  sur\nlesquels il est n\u00e9cessaire de p\u00e9n\u00e9trer pour assurer l'ex\u00e9cution de travaux faute desquels la\nconservation de l'immeuble serait compromise (art. L. 621-15 du code du patrimoine)  ;\n- remise en place et recherche d'immeubles ou partie d'immeuble d\u00e9pec\u00e9, class\u00e9 ou inscrit\n(art. L 621-33 du code du patrimoine)  ;\n2 \u2013 Abords de monuments historiques\n- d\u00e9cision d'autorisation ou refus de travaux sur les immeubles situ\u00e9s dans le champ de\nvisibilit\u00e9  d'un  immeuble  class\u00e9  ou  inscrit  non  soumis  \u00e0  formalit\u00e9  au  titre  du  code  de\nl'urbanisme ou du code de l'environnement (art. L 621-32 du code du patrimoine, art. R\n621-96 et suivants du code du patrimoine et art. R 422-2 du code de l'urbanisme)  ;\n3 \u2013 Sites patrimoniaux remarquables \u2013 Sites class\u00e9s et inscrits\n- autorisation sp\u00e9ciale d\u00e9livr\u00e9e pour les travaux ex\u00e9cut\u00e9s en site patrimonial remarquable,\nsauf  ceux  relevant  du  permis  de  construire,  de  la  d\u00e9claration  pr\u00e9alable  ou  d'autres\nautorisations d'occuper le sol (art. L. 632-1 et D. 632-1 du code du patrimoine)  ;\n- avis pr\u00e9alable sur demande de travaux en site inscrit hors permis de d\u00e9molir (art  L. 341-1\net R. 341-9 du code de l'environnement, art. R.  422-2 et R. 425-30 du code de l'urbanisme)  ;\n- d\u00e9cision d'autorisation ou de refus de travaux en site class\u00e9, champ d\u00e9concentr\u00e9 (art\nL. 341-7 , L. 341-10, R. 341-10 et R. 341-11 du code de l'environnement, art. R.  425-17 du code\nde l'urbanisme) ;\n4 - Objets mobiliers\n- d\u00e9cision d'accr\u00e9ditation d'agents auxquels les propri\u00e9taires sont tenus de pr\u00e9senter leurs\nobjets mobiliers class\u00e9s lors du r\u00e9colement  ; r\u00e9quisition de pr\u00e9senter lesdits objets (art.\nL. 622-8 et R. 622-25 du code du patrimoine)  ;\n- mise  en  demeure  de  prendre  les  mesures  n\u00e9cessaires  afin  d'assurer  la  conservation\nd'objets mobiliers class\u00e9s  (art L. 622-9 et R. 622-26 du code du patrimoine);\n-  d\u00e9cision  d'ex\u00e9cution  d'office  des  mesures  n\u00e9cessaires  afin  d'assurer  la  conservation\nd'objets mobiliers class\u00e9s (art. L. 622-9 et R. 622-26 du code du patrimoine)  ;\n- arr\u00eat\u00e9 de mesures conservatoires ou de transfert provisoire d'un objet class\u00e9 dont la\nconservation  ou  la  s\u00e9curit\u00e9  est  mise  en  p\u00e9ril  (art.  L.  622-10  et  R.  622-27  du  code  du\npatrimoine) ;\n- d\u00e9cision de mesures de sauvegarde d'une d\u00e9couverte fortuite ou \u00e0 l'occasion de travaux\nsur  un  objet  mobilier  class\u00e9  et  portant  sur  un  \u00e9l\u00e9ment  nouveau  li\u00e9  \u00e0  l'histoire,\nl'architecture ou le d\u00e9cor de l'immeuble (art. R. 622-56 du code du patrimoine) ;\n                                                                                                                                                                                                                               2/3 Pr\u00e9fecture du VAR - 83-2024-10-22-00005 - ARR\u00caT\u00c9 PR\u00c9FECTORAL n\u00b02024/46/MCI du 22 octobre 2024\nportant d\u00e9l\u00e9gation de signature \u00e0 M. Edward de LUMLEY,\nDirecteur r\u00e9gional des affaires culturelles de la r\u00e9gion Provence-Alpes-C\u00f4te d'Azur 41\n5 \u2013 \u00c9tablissements d'enseignement de la danse\n- r\u00e9c\u00e9piss\u00e9 de d\u00e9claration d'ouverture, de fermeture ou de modification d'activit\u00e9 d'un\n\u00e9tablissement o\u00f9 est dispens\u00e9 un enseignement de la danse (art. L462-1 et R462-5 du code\nde l'\u00e9ducation).\nARTICLE 2 : M. Edward de LUMLEY peut, sous sa responsabilit\u00e9, subd\u00e9l\u00e9guer sa signature \u00e0\ndes agents de cat\u00e9gorie A de la direction r\u00e9gionale des affaires culturelles de la r\u00e9gion\nProvence-Alpes-C\u00f4te  d'Azur  et  de  l'Unit\u00e9  d\u00e9partementale  de  l'architecture  et  du\npatrimoine (UDAP) dans le cadre de leurs comp\u00e9tences et attributions respectives. Cette\nsubd\u00e9l\u00e9gation fera l'objet d'un arr\u00eat\u00e9 sp\u00e9cifique pris en mon nom, qui sera publi\u00e9 au\nrecueil des actes administratifs de la pr\u00e9fecture du Var.\nARTICLE 3     : Les correspondances adress\u00e9es aux parlementaires du d\u00e9partement du Var,\nau pr\u00e9sident du Conseil r\u00e9gional, au pr\u00e9sident du Conseil d\u00e9partemental du Var, ainsi que\nles circulaires adress\u00e9es aux maires du d\u00e9partement sont r\u00e9serv\u00e9es \u00e0 la signature du pr\u00e9fet\ndu Var.\nARTICLE 4     :  Dans l'exercice de la pr\u00e9sente d\u00e9l\u00e9gation,  M. Edward de LUMLEY, directeur\nr\u00e9gional des affaires culturelles de la r\u00e9gion Provence-Alpes-C\u00f4te d'Azur , prend l'avis du\nsous-pr\u00e9fet territorialement comp\u00e9tent pour les affaires le concernant.\nIl peut participer aux r\u00e9unions que le pr\u00e9fet est amen\u00e9 \u00e0 organiser en raison de l'actualit\u00e9\nou du caract\u00e8re sensible que pourrait pr\u00e9senter un dossier. \nIl informe le pr\u00e9fet des r\u00e9unions qu'il organise dans le d\u00e9partement.\nIl  \u00e9tablit  un  compte-rendu  d\u00e9taill\u00e9  et  argument\u00e9  de  l'exercice  de  sa  d\u00e9l\u00e9gation  de\nsignature.\nLe pr\u00e9fet du Var pourra \u00e9voquer \u00e0 tout moment les dossiers entrant dans le champ de\ncette d\u00e9l\u00e9gation en fonction du caract\u00e8re sensible qu'ils pourraient pr\u00e9senter.\nARTICLE 5     :   L'arr\u00eat\u00e9 pr\u00e9fectoral n\u00b02024/33/MCI du 3 septembre 2024 portant d\u00e9l\u00e9gation\nde signature \u00e0 M. Louis BURLE,  directeur  r\u00e9gional des affaires culturelles de Provence-\nAlpes-C\u00f4te d'Azur  par int\u00e9rim est abrog\u00e9.\nARTICLE 6  :  Le secr\u00e9taire g\u00e9n\u00e9ral de la pr\u00e9fecture du Var et le directeur r\u00e9gional des\naffaires culturelles de la r\u00e9gion Provence-Alpes-C\u00f4te d'Azur sont charg\u00e9s, chacun en ce qui\nle  concerne,  de  l'ex\u00e9cution  du  pr\u00e9sent  arr\u00eat\u00e9  qui  sera  publi\u00e9  au  recueil  des  actes\nadministratifs de la pr\u00e9fecture du Var.\nFait \u00e0 Toulon, le 22 octobre 2024\nLe pr\u00e9fet du Var\n                                                                                 \n                                                                                 Sign\u00e9  :\nPhilippe MAH\u00c9 \n3/3Pr\u00e9fecture du VAR - 83-2024-10-22-00005 - ARR\u00caT\u00c9 PR\u00c9FECTORAL n\u00b02024/46/MCI du 22 octobre 2024\nportant d\u00e9l\u00e9gation de signature \u00e0 M. Edward de LUMLEY,\nDirecteur r\u00e9gional des affaires culturelles de la r\u00e9gion Provence-Alpes-C\u00f4te d'Azur 42\nPr\u00e9fecture du VAR\n83-2024-10-22-00006\nARR\u00caT\u00c9 PR\u00c9FECTORAL n\u00b02024/47/MCI du 22\noctobre 2024\nportant d\u00e9l\u00e9gation de signature \u00e0 M. David\nDOLIQUE,\nattach\u00e9 principal d'administration de l'\u00c9tat, chef\ndu bureau de l'environnement et du\nd\u00e9veloppement durable, assurant l'int\u00e9rim du\ndirecteur de la direction de la coordination des\npolitiques publiques et de l'appui territorial\n(DCPPAT);\nPr\u00e9fecture du VAR - 83-2024-10-22-00006 - ARR\u00caT\u00c9 PR\u00c9FECTORAL n\u00b02024/47/MCI du 22 octobre 2024\nportant d\u00e9l\u00e9gation de signature \u00e0 M. David DOLIQUE,\nattach\u00e9 principal d'administration de l'\u00c9tat, chef du bureau de l'environnement et du\nd\u00e9veloppement durable, assurant l'int\u00e9rim du directeur de la direction de la coordination des\npolitiques publiques et de l'appui territorial (DCPPAT);43\n=m\nPREFET\nDU  VAR\nLibert\u00e9\nEgalit\u00e9\nFraternit\u00e9\nDirection de la coordination\ndes politiques publiques\net de l'appui territorial\nMission de coordination interminist\u00e9rielle\nARR\u00caT\u00c9 PR\u00c9FECTORAL n\u00b02024/47/MCI du 22 octobre 2024\nportant d\u00e9l\u00e9gation de signature \u00e0 M. David DOLIQUE,\nattach\u00e9 principal d'administration de l'\u00c9tat, chef du bureau de l'environnement et du\nd\u00e9veloppement durable , assurant l'int\u00e9rim du directeur de la  direction de la coordination des\npolitiques publiques et de l'appui territorial (DCPPAT) ;\nLe Pr\u00e9fet du Var,\nOfficier de la L\u00e9gion d'Honneur\nVu la loi n\u00b0 82-213 du 2 mars 1982 modifi\u00e9e relative aux droits et libert\u00e9s des communes, des\nd\u00e9partements et des r\u00e9gions  ;\nVu la loi n\u00b0 83-8 du 7 janvier 1983 modifi\u00e9e relative \u00e0 la r\u00e9partition des comp\u00e9tences entre les\ncommunes, les d\u00e9partements, les r\u00e9gions et l'\u00c9tat  ;\nVu  la  loi  d'orientation  n\u00b0  92-125  du  6  f\u00e9vrier  1992  modifi\u00e9e  relative  \u00e0  l'administration\nterritoriale de la R\u00e9publique ;\nVu la loi n\u00b0 2004-809 du 13 ao\u00fbt 2004 modifi\u00e9e relative aux libert\u00e9s et responsabilit\u00e9s locales  ;\nVu le d\u00e9cret n\u00b0 97-34 du 15 janvier 1997 modifi\u00e9 relatif \u00e0 la d\u00e9concentration des d\u00e9cisions\nadministratives individuelles  ;\nVu  le  d\u00e9cret  n\u00b0  2004-374  du  29  avril  2004  modifi\u00e9  relatif  aux  pouvoirs  des  pr\u00e9fets,  \u00e0\nl'organisation et \u00e0 l'action des services de l'\u00c9tat dans les r\u00e9gions et d\u00e9partements  ;\nVu  le  d\u00e9cret  n\u00b0  2007-1488  du  17  octobre  2007  modifi\u00e9  relatif  \u00e0  l'emploi  de  conseiller\nd'administration de l'int\u00e9rieur et de l'outre-mer ;\nVu le d\u00e9cret n\u00b0 2015-510 du 7 mai 2015 portant charte de la d\u00e9concentration  ;\nVu  le  d\u00e9cret  du  Pr\u00e9sident  de  la  R\u00e9publique  du  15  avril  2022  portant  nomination  de\nM.  Lucien  GIUDICELLI,  secr\u00e9taire  g\u00e9n\u00e9ral  de  la  pr\u00e9fecture  du  Var,  sous-pr\u00e9fet  de\nl'arrondissement de Toulon  ; \nVu  le  d\u00e9cret  du  Pr\u00e9sident  de  la  R\u00e9publique  du  13  juillet  2023  portant  nomination  de\nM. Philippe MAHE, pr\u00e9fet du Var ;\nVu l'arr\u00eat\u00e9 pr\u00e9fectoral n\u00b0 2023/99/MCI du 20 octobre 2023 portant d\u00e9l\u00e9gation de signature \u00e0\nM. S\u00e9bastien ODDONE, directeur de la coordination des politiques publiques et de l'appui\nterritorial de la pr\u00e9fecture du Var  ;\n1/3\nPr\u00e9fecture du VAR - 83-2024-10-22-00006 - ARR\u00caT\u00c9 PR\u00c9FECTORAL n\u00b02024/47/MCI du 22 octobre 2024\nportant d\u00e9l\u00e9gation de signature \u00e0 M. David DOLIQUE,\nattach\u00e9 principal d'administration de l'\u00c9tat, chef du bureau de l'environnement et du\nd\u00e9veloppement durable, assurant l'int\u00e9rim du directeur de la direction de la coordination des\npolitiques publiques et de l'appui territorial (DCPPAT);44\nVu  l'arr\u00eat\u00e9  du  Premier  ministre  et  du  ministre  de  l'int\u00e9rieur  du  3  octobre  2024  portant\nnomination de M. S\u00e9bastien ODDONE, attach\u00e9 d'administration hors classe, directeur du\nsecr\u00e9tariat g\u00e9n\u00e9ral commun d\u00e9partemental du Var pour une dur\u00e9e de quatre ans  ;\nVu  l'arr\u00eat\u00e9  pr\u00e9fectoral  n\u00b0  2024/03/MCI  du 19  f\u00e9vrier  2024  portant  organisation  de  la\npr\u00e9fecture du Var ;\nConsid\u00e9rant la r\u00e9organisation en cours des services de la pr\u00e9fecture, dont la validation en\nCSA est fix\u00e9e au 29 novembre 2024  ;\nSur proposition du secr\u00e9taire g\u00e9n\u00e9ral de la pr\u00e9fecture  ; \nARR\u00caTE :\nARTICLE 1er : D\u00e9l\u00e9gation est donn\u00e9e \u00e0 M. David DOLIQUE, attach\u00e9 principal d'administration\nde l'\u00c9tat, chef du bureau de l'environnement et du d\u00e9veloppement durable , assurant l'int\u00e9rim\ndu  directeur  de  la  direction  de  la  coordination  des  politiques  publiques  et  de  l'appui\nterritorial (DCPPAT) , aux fins de signer, dans la limite des attributions de cette direction, tous\nactes,  documents  et  cor respondances  ne  pr\u00e9sentant  pas  un  caract\u00e8re  d\u00e9cisionnel,  \u00e0\nl'exclusion des requ\u00eates et m\u00e9moires aupr\u00e8s des juridictions, des lettres circulaires et des\nlettres personnelles aux \u00e9lus.\nARTICLE 2  : D\u00e9l\u00e9gation est \u00e9galement donn\u00e9e \u00e0 M. David DOLIQUE  aux fins de signer, dans la\nlimite  des  attributions  de  cette  direction,  les  actes  \u00e9num\u00e9r\u00e9s  ci-apr\u00e8s,  \u00e0  l'exception  des\nd\u00e9cisions d\u00e9favorables ou portant retrait d'autorisation  :\na)  les  r\u00e9c\u00e9piss\u00e9s  de  d\u00e9clarations  d'installations  class\u00e9es  pour  la  protection  de\nl'environnement,  de  d\u00e9clarations  de  transports  de  d\u00e9chets,  de  d\u00e9clarations  de\ncourtage ou n\u00e9goce de d\u00e9chets  ;\nb) les d\u00e9rogations \u00e0 la r\u00e9glementation sur le bruit pour travaux de nuit  ;\nc) les certifications conformes des actes des Domaines  ;\nd) les actes de  gestion financi\u00e8re des  subventions d'investissement accord\u00e9es par le\npr\u00e9fet et li\u00e9es \u00e0 l'am\u00e9nagement du territoire (hors contrat de plan \u00c9tat-R\u00e9gion) :  DSIL \u2013\nFNADT \u2013 DETR \u2013 MSAP \u2013 Fonds vert...\nARTICLE  3 :  D\u00e9l\u00e9gation de  signature  est  donn\u00e9e  \u00e0  M.  David  DOLIQUE ,  attach\u00e9  principal\nd'administration de l'\u00c9tat, adjoint au directeur,  chef du bureau de l'environnement et du\nd\u00e9veloppement durable, pour les actes vis\u00e9s \u00e0 l'article 1er dans les limites des attributions de\nce bureau et pour les attributions mentionn\u00e9es aux a ) et b) de l'article 2.\nEn cas d'absence ou d'emp\u00eachement de M. David DOLIQUE, la d\u00e9l\u00e9gation de signature vis\u00e9e\nau pr\u00e9sent article est exerc\u00e9e dans les m\u00eames conditions par Mme Catherine FALOURD,\nattach\u00e9e d'administration de l'\u00c9tat, adjointe au chef du bureau.\nARTICLE  4 : D\u00e9l\u00e9gation de  signature  est  donn\u00e9e  \u00e0  Mme  Anne-Laure  BARREIRO ,  attach\u00e9e\nprincipale d'administration de l'\u00c9tat,  cheffe du bureau  du d\u00e9veloppement des territoires ,\npour les actes vis\u00e9s \u00e0 l'article 1er dans les limites des attributions de ce bureau.\n                                                                                                                                                                                                                               2/3Pr\u00e9fecture du VAR - 83-2024-10-22-00006 - ARR\u00caT\u00c9 PR\u00c9FECTORAL n\u00b02024/47/MCI du 22 octobre 2024\nportant d\u00e9l\u00e9gation de signature \u00e0 M. David DOLIQUE,\nattach\u00e9 principal d'administration de l'\u00c9tat, chef du bureau de l'environnement et du\nd\u00e9veloppement durable, assurant l'int\u00e9rim du directeur de la direction de la coordination des\npolitiques publiques et de l'appui territorial (DCPPAT);45\nARTICLE  5 :  D\u00e9l\u00e9gation  de  signature  est  donn\u00e9e  \u00e0  Mme  Viviane  SCHULER,  attach\u00e9e\nd'administration de l'\u00c9tat, cheffe de la mission de coordination interminist\u00e9rielle,  pour les\nactes vis\u00e9s \u00e0 l'article 1er ci-dessus relevant des missions de ce service et pour l'attribution\nmentionn\u00e9e au c) de l'article 2. \nARTICLE 6     : D\u00e9l\u00e9gation de signature est donn\u00e9e \u00e0  Mme Catherine LEPECUCHEL, attach\u00e9e\nd'administration de l'\u00c9tat, chef du bureau des subventions d'investissement , pour les actes\nvis\u00e9s  \u00e0  l'article  1er ci-dessus  relevant  des  missions  de  ce  service  et  pour  l'attribution\nmentionn\u00e9e au d) de l'article 2.\nARTICLE 7 : En cas d'absence ou d'emp\u00eachement de M. David DOLIQUE , la d\u00e9l\u00e9gation qui lui\nest consentie aux articles 1er et 2 du pr\u00e9sent arr\u00eat\u00e9, est exerc\u00e9e dans les m\u00eames conditions\npar :\n\u2022Mme Anne-Laure BARREIRO, attach\u00e9e principale d'administration de l'\u00c9tat, cheffe\ndu bureau du d\u00e9veloppement des territoires .\nARTICLE 8 : L'arr\u00eat\u00e9 pr\u00e9fectoral n\u00b02023/99/MCI du 20 octobre 2023 portant d\u00e9l\u00e9gation de\nsignature \u00e0 M. S\u00e9bastien ODDONE, directeur de la coordination des politiques publiques et\nde l'appui territorial est abrog\u00e9.\n \nARTICLE 9 : Le  secr\u00e9taire g\u00e9n\u00e9ral de la pr\u00e9fecture  et le  directeur de la coordination des\npolitiques publiques et de l'appui territorial par int\u00e9rim  sont charg\u00e9s, chacun en ce qui le\nconcerne, de l'ex\u00e9cution du pr\u00e9sent arr\u00eat\u00e9 qui  sera publi\u00e9 au recueil des actes administratifs\nde la pr\u00e9fecture du Var.\nFait \u00e0 Toulon, le 22 octobre 2024\nLe Pr\u00e9fet du Var\nSign\u00e9 :\nPhilippe MAH\u00c9 \n3/3Pr\u00e9fecture du VAR - 83-2024-10-22-00006 - ARR\u00caT\u00c9 PR\u00c9FECTORAL n\u00b02024/47/MCI du 22 octobre 2024\nportant d\u00e9l\u00e9gation de signature \u00e0 M. David DOLIQUE,\nattach\u00e9 principal d'administration de l'\u00c9tat, chef du bureau de l'environnement et du\nd\u00e9veloppement durable, assurant l'int\u00e9rim du directeur de la direction de la coordination des\npolitiques publiques et de l'appui territorial (DCPPAT);46\nPr\u00e9fecture du VAR\n83-2024-10-22-00003\nArr\u00eat\u00e9 pr\u00e9fectoral  n\u00b02024-10-006 ESC du 22\noctobre 2024 portant r\u00e9glementation\ntemporaire de la circulation sur l'autoroute A8\nsur le territoire des communes des\nAdrets-de-l'Est\u00e9rel, Fr\u00e9jus et Tannreron\nPr\u00e9fecture du VAR - 83-2024-10-22-00003 - Arr\u00eat\u00e9 pr\u00e9fectoral  n\u00b02024-10-006 ESC du 22 octobre 2024 portant r\u00e9glementation\ntemporaire de la circulation sur l'autoroute A8 sur le territoire des communes des Adrets-de-l'Est\u00e9rel, Fr\u00e9jus et Tannreron 47\n=m\nPREFET\nDU  VAR\nLibert\u00e9\nEgalit\u00e9\nFraternit\u00e9\nDirection des s\u00e9curit\u00e9s\nService de l'\u00e9ducation et\nde la s\u00e9curit\u00e9 routi\u00e8res\nP\u00f4le \u00e9tudes et ing\u00e9nierie\nARR\u00caT\u00c9 PR\u00c9FECTORAL n\u00b0 2024 -10-006 ESC du 22 octobre 2024\nportant r\u00e9glementation temporaire de la circulation sur l'autoroute A8 \nsur le territoire des communes des Adrets de l'Esterel, Fr\u00e9jus et Tanneron\nLe Pr\u00e9fet du Var,\nVu le Code de la route  ;\nVu le Code de la voirie routi\u00e8re  ;\nVu  le d\u00e9cret du 29 novembre 1982 approuvant la convention de concession pass\u00e9e entre\nl'\u00c9tat et la soci\u00e9t\u00e9 de l'autoroute Est\u00e9rel, C\u00f4te d'Azur, Provence Alpes (ESCOTA) en vue de la\nconstruction, de l'entretien et de l'exploitation des autoroutes conc\u00e9d\u00e9es et ses avenants\nult\u00e9rieurs ;\nVu le d\u00e9cret n\u00b0 2015-1045 du 21 ao\u00fbt 2015 approuvant le transfert de la travers\u00e9e autorouti\u00e8re\nde  Toulon  entre  l'\u00c9tat  et  la  soci\u00e9t\u00e9  des  autoroutes  Est\u00e9rel,  C\u00f4te  d'Azur,  Provence  Alpes\n(ESCOTA) ;\nVu  l'arr\u00eat\u00e9  interminist\u00e9riel  du  24  novembre  1967  relatif  \u00e0  la  signalisation  des  routes  et\nautoroutes et des textes subs\u00e9quents  ;\nVu  l'arr\u00eat\u00e9 pr\u00e9fectoral n\u00b0 2461 en date du 17 mars 2014, portant approbation du Plan de\ngestion et de Trafic de la liaison A50 / A57 et des itin\u00e9raires associ\u00e9s  ;\nVu  l'arr\u00eat\u00e9 pr\u00e9fectoral n\u00b0 2020-12-001 BR du 16 d\u00e9cembre 2020, portant modification de\nl'arr\u00eat\u00e9 pr\u00e9fectoral n\u00b0 2523 du 20 mars 2018, portant r\u00e9glementation de la circulation des\nv\u00e9hicules de transport de bois ronds dans le d\u00e9partement du Var  ;\nVu  l'arr\u00eat\u00e9  pr\u00e9fectoral  n\u00b02023-06-004  en  date  du  26  juin  2023,  autorisant  l'ouverture  de\nchantiers d'entretien courant ou de r\u00e9paration sur les autoroutes A8, A50 et A57 dans la\ntravers\u00e9e du d\u00e9partement du Var  ;\nVu l'arr\u00eat\u00e9 pr\u00e9fectoral n\u00b0 2024/13/MCI du 12 avril 2024  portant d\u00e9l\u00e9gation de signature \u00e0 Mme\nJos\u00e9phine GUIGLIANO-BOUTONNET, directrice de cabinet du pr\u00e9fet du Var;\nVu la note technique du 14 avril 2016 du minist\u00e8re de l'Environnement, de l'\u00c9nergie et de la\nMer (DGITM/DIT) relative \u00e0 la coordination des chantiers sur le r\u00e9seau routier national (RRN)  ;\nVu le r\u00e8glement d'exploitation de la soci\u00e9t\u00e9 des autoroutes ESCOTA en date du 27 juin 2023  ;\nVu la demande de la soci\u00e9t\u00e9 des autoroutes ESCOTA en date du 3 octobre 2024  ;\nVu  l'avis  favorable  de  la  Direction  G\u00e9n\u00e9rale  des  Infrastructures,  des  Transports  et  des\nMobilit\u00e9s  sur  le  dossier  d'exploitation  sous  chantier  n\u00b0  2024-182  en  date  du  09  octobre\n2024 ;\nArr\u00eat\u00e9 pr\u00e9fectoral n\u00b02024-10-006 ESC Page 1/2\nPr\u00e9fecture du VAR - 83-2024-10-22-00003 - Arr\u00eat\u00e9 pr\u00e9fectoral  n\u00b02024-10-006 ESC du 22 octobre 2024 portant r\u00e9glementation\ntemporaire de la circulation sur l'autoroute A8 sur le territoire des communes des Adrets-de-l'Est\u00e9rel, Fr\u00e9jus et Tannreron 48\nConsid\u00e9rant que pour assurer la s\u00e9curit\u00e9 des usagers de l'autoroute, des agents de la soci\u00e9t\u00e9\ndes  autoroutes  Est\u00e9rel,  C\u00f4te  d'Azur,  Provence  Alpes  (ESCOTA)  et  des  personnels  des\nentreprises charg\u00e9s d'effectuer les travaux de renforcement du talus au PR 149.600 et de\nl'interdistance li\u00e9e aux chantiers limitrophes avec le d\u00e9partement des Alpes-Maritimes sur\nl'autoroute A8, il convient de r\u00e9glementer la circulation sur le territoire du d\u00e9partement du\nVar, sur l'autoroute A8, dans les deux sens de circulation, de la semaine 45/2024 \u00e0 la semaine\n19/2025.\nSur proposition de la directrice de cabinet du pr\u00e9fet du Var,\nARR\u00caTE :\nArticle 1er : En raison des travaux de renforcement du talus au PR 149.600 et de l'interdistance\nli\u00e9e aux chantiers limitrophes avec le d\u00e9partement des Alpes-Maritimes sur l'autoroute A8 ,\nl'interdistance sera ramen\u00e9e \u00e0 0 dans les 2 sens de circulation  du mardi 05 novembre au 05\nmai 2025.\nArticle 2 : L'arr\u00eat\u00e9 pr\u00e9fectoral n\u00b0 2023-06-004 en date du 26 juin 2023 autorisant l'ouverture\nde chantiers d'entretien courant ou de r\u00e9paration sur les autoroutes A8, A50 et A57 dans la\ntravers\u00e9e du d\u00e9partement du Var est d\u00e9rog\u00e9 de la semaine 45/2024 \u00e0 la semaine 19/2025  :\nL'inter-distance  de  jour  comme  de  nuit  avec  tout  chantier  n\u00e9cessaire  \u00e0  l'entretien  des\nautoroutes A8, est ramen\u00e9e \u00e0 z\u00e9ro (0) kilom\u00e8tre pendant la dur\u00e9e de ces travaux entre le PR\n120.000 et le PR 151.954 limite du d\u00e9partement du Var.\nArticle 3 : La directrice de cabinet du pr\u00e9fet du Var, le pr\u00e9sident du conseil d\u00e9partemental\ndu Var, le directeur de la direction interd\u00e9partementale de la police nationale du Var, le chef\ndu  d\u00e9tachement  de  Toulon  de  la  CRS  autorouti\u00e8re  Provence,  le  commandant  du\ngroupement  de  gendarmerie  d\u00e9partementale  du  Var,  le  directeur  d\u00e9partemental  des\nservices d'incendie et secours du Var, les maires des communes des A drets de l'Esterel, Fr\u00e9jus\net Tanneron, le directeur de la soci\u00e9t\u00e9 des autoroutes Est\u00e9rel, C\u00f4te d'Azur, Provence Alpes,\nsont charg\u00e9s, chacun en ce qui le concerne, de l'ex\u00e9cution du pr\u00e9sent arr\u00eat\u00e9 qui sera inscrit\nau recueil des actes administratifs de la pr\u00e9fecture du Var.\n                                                                                  Fait \u00e0 Toulon, le 22 octobre 2024\n                                                         Pour le Pr\u00e9fet et par d\u00e9l\u00e9gation, \n                                                          l'adjoint \u00e0 la cheffe du service\n                                                           de l'\u00e9ducation et de la s\u00e9curit\u00e9 routi\u00e8res\n                                                          sign\u00e9  :  Thierry LE GRAND\nConform\u00e9ment aux dispositions de l'article R. 421-1 et suivants du code de justice administrative, le pr\u00e9sent arr\u00eat\u00e9 peut faire l'objet\ndans un d\u00e9lai de deux mois \u00e0 compter de sa parution  :\n\u2013  d'un recours administratif (recours gracieux aupr\u00e8s du pr\u00e9fet du Var ou recours hi\u00e9rarchique aupr\u00e8s du ministre de l'Int\u00e9rieur)\n\u2013 d'un recours contentieux devant le tribunal administratif de Toulon. Le tribunal administratif peut \u00eatre saisi par l'application\ninformatique \u00ab T\u00e9l\u00e9recours citoyens \u00bb accessible par le site Internet www.telerecours.fr\nArr\u00eat\u00e9 pr\u00e9fectoral n\u00b02024-10-006 ESC Page 2/2Pr\u00e9fecture du VAR - 83-2024-10-22-00003 - Arr\u00eat\u00e9 pr\u00e9fectoral  n\u00b02024-10-006 ESC du 22 octobre 2024 portant r\u00e9glementation\ntemporaire de la circulation sur l'autoroute A8 sur le territoire des communes des Adrets-de-l'Est\u00e9rel, Fr\u00e9jus et Tannreron 49\nPr\u00e9fecture du VAR\n83-2024-10-22-00002\nArr\u00eat\u00e9 pr\u00e9fectoral n\u00b02024-10-004 ESC du 22\noctobre 2024 portant r\u00e9glementation\ntemporaire de la circulation sur l'autoroute A57\nsur le territoire des communes de La Garde, La\nFarl\u00e8de, Sollies-Ville, Sollies-Pont, Cuers et\nPuget-Ville\nPr\u00e9fecture du VAR - 83-2024-10-22-00002 - Arr\u00eat\u00e9 pr\u00e9fectoral n\u00b02024-10-004 ESC du 22 octobre 2024 portant r\u00e9glementation\ntemporaire de la circulation sur l'autoroute A57 sur le territoire des communes de La Garde, La Farl\u00e8de, Sollies-Ville, Sollies-Pont,\nCuers et Puget-Ville50\n=m\nPREFET\nDU  VAR\nLibert\u00e9\nEgalit\u00e9\nFraternit\u00e9\nDirection des s\u00e9curit\u00e9s\nService de l'\u00e9ducation et\nde la s\u00e9curit\u00e9 routi\u00e8res\nP\u00f4le \u00e9tudes et ing\u00e9nierie\n               ARR\u00caT\u00c9 PR\u00c9FECTORAL n\u00b0 2024-10-004 ESC du  22 octobre 202402/07/2020\nportant r\u00e9glementation temporaire de la circulation sur l'autoroute A57\nsur le territoire des communes de La Garde, La Farl\u00e8de, Solli\u00e8s-Ville, Solli\u00e8s-Pont, Cuers,\nPuget-Ville\nLe Pr\u00e9fet du Var,\nVu le Code de la route  ;\nVu le Code de la voirie routi\u00e8re  ;\nVu le d\u00e9cret du 29 novembre 1982 approuvant la convention de concession pass\u00e9e entre\nl'\u00c9tat et la soci\u00e9t\u00e9 de l'autoroute Est\u00e9rel, C\u00f4te d'Azur, Provence Alpes (ESCOTA) en vue de\nla  construction,  de  l'entretien  et  de  l'exploitation  des  autoroutes  conc\u00e9d\u00e9es  et  ses\navenants ult\u00e9rieurs  ;\nVu le  d\u00e9cret  n\u00b0  2015-1045  du  21  ao\u00fbt  2015  approuvant  le  transfert  de  la  travers\u00e9e\nautorouti\u00e8re  de  Toulon  entre  l'\u00c9tat  et  la  soci\u00e9t\u00e9  des  autoroutes  Est\u00e9rel,  C\u00f4te  d'Azur,\nProvence Alpes (ESCOTA)  ;\nVu l'arr\u00eat\u00e9 interminist\u00e9riel du 24 novembre 1967 relatif \u00e0 la signalisation des routes et\nautoroutes et des textes subs\u00e9quents  ;\nVu l'arr\u00eat\u00e9 pr\u00e9fectoral n\u00b0 2461 en date du 17 mars 2014, portant approbation du Plan de\ngestion et de Trafic de la liaison A50 / A57 et des itin\u00e9raires associ\u00e9s  ;\nVu l'arr\u00eat\u00e9 pr\u00e9fectoral n\u00b0 2020-12-001 BR du 16 d\u00e9cembre 2020, portant modification de\nl'arr\u00eat\u00e9 pr\u00e9fectoral n\u00b0 2523 du 20 mars 2018, portant r\u00e9glementation de la circulation des\nv\u00e9hicules de transport de bois ronds dans le d\u00e9partement du Var  ;\nVu l'arr\u00eat\u00e9 pr\u00e9fectoral n\u00b0 2021-03-001 PC  en date du 23 mars 2021, portant modification de\nl'arr\u00eat\u00e9 pr\u00e9fectoral  n\u00b0 2483 en date du 23 f\u00e9vrier 2016, portant r\u00e9glementation de la police\nde la circulation sur l'autoroute A57  ;\nVu l'arr\u00eat\u00e9 pr\u00e9fectoral n\u00b0 2023-06-004 ESC en date du 26 juin 2023, autorisant l'ouverture\nde chantiers d'entretien courant ou de r\u00e9paration sur les autoroutes A8, A50 et A57 dans\nla travers\u00e9e du d\u00e9partement du Var  ;\nVu l'arr\u00eat\u00e9 pr\u00e9fectoral  n\u00b0 2024/13/MCI du 12 avril 2024  portant d\u00e9l\u00e9gation de signature \u00e0\nMme Jos\u00e9phine GUIGLIANO-BOUTONNET, directrice de cabinet du pr\u00e9fet du Var;\nVu la note technique du 14 avril 2016 du Minist\u00e8re de l'Environnement, de l'\u00c9nergie et de la\nMer (DGITM/DIT) relative \u00e0 la coordination des chantiers sur le r\u00e9seau routier national\n(RRN) ;\nVu  le r\u00e8glement d'exploitation de la soci\u00e9t\u00e9 des autoroutes ESCOTA en date du 27 juin\n2023 ;\nVu la demande de la soci\u00e9t\u00e9 des autoroutes ESCOTA en date du 04 septembre 2024;\nVu l'avis favorable de la Direction G\u00e9n\u00e9rale des Infrastructures, des Transports et des\nMobilit\u00e9s sur le dossier d'exploitation sous chantier n\u00b0 2024-151 en date du 04 septembre\n2024 ;   \nVu l'avis favorable du conseil d\u00e9partemental du Var en date du  18 octobre 2024 ;\nArr\u00eat\u00e9 pr\u00e9fectoral n\u00b0 2024-10-004 ESC                Page 1/6\nPr\u00e9fecture du VAR - 83-2024-10-22-00002 - Arr\u00eat\u00e9 pr\u00e9fectoral n\u00b02024-10-004 ESC du 22 octobre 2024 portant r\u00e9glementation\ntemporaire de la circulation sur l'autoroute A57 sur le territoire des communes de La Garde, La Farl\u00e8de, Sollies-Ville, Sollies-Pont,\nCuers et Puget-Ville51\nConsid\u00e9rant  que pour assurer la s\u00e9curit\u00e9 des usagers de l'autoroute, des agents de la\nsoci\u00e9t\u00e9 des autoroutes Est\u00e9rel, C\u00f4te d'Azur, Provence Alpes (ESCOTA) et des personnels de\nl'entreprise charg\u00e9e d'effectuer les travaux d'entretien des chauss\u00e9es, des dispositifs de\nretenue  et  de  la  signalisation  horizontale  et  verticale,  il  convient  de  r\u00e9glementer  la\ncirculation sur le territoire du d\u00e9partement du Var, sur l'autoroute A57 , dans les deux sens\nde  circulation,  de  la  semaine  44/2024  \u00e0  la  semaine  46/2024.  Les  semaines  47/2024  \u00e0\n49/2024 constituent les semaines de r\u00e9serve. \nSur proposition de la directrice de cabinet du pr\u00e9fet du Var,\nARR\u00caTE :\nArticle 1er : En raison des travaux d'entretien des chauss\u00e9es, des dispositifs de retenue et\nde la signalisation horizontale et verticale sur l'autoroute A57 , la circulation de tous les\nv\u00e9hicules sera r\u00e9glement\u00e9e, dans les deux sens de circulation, entre la bifurcation de l'A57\net de l'A570 au PR 6.750 jusqu'\u00e0 la barri\u00e8re pleine voie de Puget-Ville au PR 24.100, de 21h00\n\u00e0 05h00, \u00e0 partir du lundi 28 octobre 2024 jusqu'au mercredi 13 novembre 2024. Les\nsemaines 47/2024 \u00e0 49/2024 constituent les semaines de r\u00e9serve. \nArticle 2 : Ces travaux n\u00e9cessitent de mettre en place les itin\u00e9raires de d\u00e9viation suivants  :\nAutoroute A57 / A570\nDans le sens Toulon vers Nice \nDe 21h00 \u00e0 05h00, la nuit du lundi 28 octobre 2024 au mardi 29 octobre 2024 \nFermeture de la bifurcation A57/A570 au PR 6.800\n- Fermeture de la section courante entre la bifurcation A57/A570 au PR 6.800 et le\ndiffuseur N\u00b06 \u00ab La Farl\u00e8de \u00bb au PR 8.700 \n- Fermeture de la bretelle d'entr\u00e9e depuis l'autoroute A570 en direction de l'A57  \nLa fin de la semaine 44 et les semaines 45 et 46 constituent les semaines de r\u00e9serve.\nSens Toulon vers Nice     \nLes v\u00e9hicules en provenance de l'A570 ne pouvant emprunter l'A57 en direction de Nice\ndevront sortir au diffuseur N\u00b06 \u00ab  La Bastide verte \u00bb sur l'A570 puis traverser la zone\nindustrielle Toulon Est en empruntant la RD67 puis la RD554, jusqu'au diffuseur N\u00b06\n\u00ab La Farl\u00e8de \u00bb au PR 8.700 pour regagner l'autoroute A57 en direction de Nice.\nAutoroute A57\nDans le sens Nice vers Toulon\nDe 21h00 \u00e0 05h00, la nuit du mardi 29 octobre 2024 au mercredi 30 octobre 2024\nFermeture du diffuseur N\u00b010 \u00ab     Puget Ville     \u00bb au PR 21.500  \n- Fermeture de la section courante entre le diffuseur N\u00b010 \u00ab  Puget-Ville \u00bb au PR 21.500 et\nle diffuseur N\u00b08 \u00ab  Zone artisanale \u00bb au PR 14.800\n- Fermeture des bretelles d'entr\u00e9e du diffuseur N\u00b010 \u00ab  Puget-Ville \u00bb\nau PR 21.500 et PR 21.000\n- Fermeture de la bretelle d'entr\u00e9e du diffuseur N\u00b09 \u00ab  Cuers \u00bb au PR 17 .500\nLa fin de la semaine 44 et les semaines 45 et 46 constituent les semaines de r\u00e9serve.\n             Arr\u00eat\u00e9 pr\u00e9fectoral n\u00b0 2024-10-004 ESC         Page 2/6Pr\u00e9fecture du VAR - 83-2024-10-22-00002 - Arr\u00eat\u00e9 pr\u00e9fectoral n\u00b02024-10-004 ESC du 22 octobre 2024 portant r\u00e9glementation\ntemporaire de la circulation sur l'autoroute A57 sur le territoire des communes de La Garde, La Farl\u00e8de, Sollies-Ville, Sollies-Pont,\nCuers et Puget-Ville52\nSens Nice vers Toulon\nLes v\u00e9hicules circulant sur l'A57 en direction de Toulon et ceux ne pouvant entrer sur\nl'autoroute A57 au diffuseur N\u00b010 Puget-Ville en direction de Toulon devront traverser la\ncommune de Cuers et suivre la RD97 en direction de Solli\u00e8s-Pont pour emprunter le\ndiffuseur N\u00b08 \u00ab Zone Artisanale \u00bb au PR 14.800 en direction de Toulon. \nLes poids-lourds et convois exceptionnels circulant en direction de Toulon devront sortir\nau diffuseur N\u00b010 \u00ab  Puget-Ville \u00bb au PR 21.500 et suivront les RD14, RD412, RD12, RD559A,\nRD98 puis reprendront l'A570 et rejoindront l'A57 en direction de Toulon.\nAutoroute A57\nDans le sens Nice vers Toulon\nDe 21h00 \u00e0 05h00, la nuit du mercredi 30 octobre 2024 au jeudi 31 octobre 2024\nFermeture du diffuseur N\u00b08 \u00ab     Zone Artisanale     \u00bb au PR 14.800  \n- Fermeture de la section courante entre le diffuseur N\u00b0 8 \u00ab  Zone artisanale \u00bb au\nPR 14.800 et le diffuseur N\u00b07 \u00ab  Sollies-Toucas \u00bb au PR 13.500\n- Fermeture de la bretelle d'entr\u00e9e du diffuseur N\u00b08 \u00ab  Zone Artisanale \u00bb au PR 14.800\nLes semaines 45, 46 et 47 constituent les semaines de r\u00e9serves.\nSens Nice vers Toulon\nLes  v\u00e9hicules  souhaitant  rentrer  sur  l'A57  devront  sortir  au  diffuseur  N\u00b08  \u00ab  Zone\nartisanale \u00bb au PR 14.800, emprunteront la RD97 , la RD554 pour rejoindre le diffuseur N\u00b07\n\u00ab Solli\u00e8s-Toucas \u00bb au PR 13.500 en direction de Toulon.\nLes poids-lourds et convois exceptionnels circulant en direction de Toulon devront sortir\nau diffuseur N\u00b010 \u00ab  Puget-Ville \u00bb au PR 21.500 et suivront les RD14, RD412, RD12, RD559A,\npuis la RD98 puis reprendront l'A570 et rejoindront l'A57 en direction de Toulon  .\nLes  poids-lourds  et  convois  exceptionnels  circulant  en  direction  de  Toulon  qui  ne\nrespecteront  pas  l'itin\u00e9raire  conseill\u00e9  \u00e0  la  sortie  N\u00b0  10  \u00ab  Puget-Ville \u00bb  au  PR  21.500,\ndevront sortir au diffuseur N\u00b08 \u00ab  Zone Artisanale \u00bb au PR 14.800 et reprendront l'A57 en\ndirection de Nice pour reprendre l'itin\u00e9raire conseill\u00e9 avec la sortie au diffuseur N\u00b010\n\u00ab Puget-Ville \u00bb au PR 21.500.\nAutoroute A57\nDans le sens Toulon vers Nice\nDe 21h00 \u00e0 05h00, la nuit du lundi 04 novembre 2024 au mardi 05 novembre 2024\nFermeture du diffuseur N\u00b06 \u00ab     La Farl\u00e8de     \u00bb au PR 8.700   \n- Fermeture de la section courante entre le diffuseur N\u00b06 \u00ab  La Farl\u00e8de \u00bb au PR 8.700 et le\ndiffuseur N\u00b08  \u00ab Zone artisanale \u00bb au PR 14.800\n- Fermeture de la bretelle d'entr\u00e9e du diffuseur N\u00b06 \u00ab  La Farl\u00e8de \u00bb au PR 8.700\nLa fin de la semaine 45 et les semaines 46 et 47 constituent les semaines de r\u00e9serves.\nSens Toulon vers Nice\nLes v\u00e9hicules souhaitant prendre la direction de Nice devront emprunter l'A570 et sortir\n\u00e0 l'\u00e9changeur N\u00b06 \u00ab  La Bastide Verte \u00bb, puis traverser la zone industrielle Toulon Est et\nprendre la RD554   jusqu'\u00e0 la bretelle d'entr\u00e9e du diffuseur N\u00b08 \u00ab  Zone artisanale \u00bb au PR\n14.800 en direction de Nice. \n             Arr\u00eat\u00e9 pr\u00e9fectoral n\u00b0 2024-10-004 ESC         Page 3/6Pr\u00e9fecture du VAR - 83-2024-10-22-00002 - Arr\u00eat\u00e9 pr\u00e9fectoral n\u00b02024-10-004 ESC du 22 octobre 2024 portant r\u00e9glementation\ntemporaire de la circulation sur l'autoroute A57 sur le territoire des communes de La Garde, La Farl\u00e8de, Sollies-Ville, Sollies-Pont,\nCuers et Puget-Ville53\nLes poids-lourds et convois exceptionnels souhaitant prendre la direction de Nice seront\nd\u00e9vi\u00e9s sur l'A570 (avant la bifurcation) jusqu'\u00e0 Hy\u00e8res et suivront la RD98, la RD559A puis\nla RD12, la RD412 et la RD14, pour rejoindre l'A57 par les entr\u00e9es du diffuseur  N\u00b010\n\u00ab Puget Ville \u00bb au PR 21.000 et 21.500.\nAutoroute A57\nDans le sens Nice vers Toulon\nDe 21h00 \u00e0 05h00, la nuit du mardi 05 novembre 2024 au mercredi 06 novembre 2024\nFermeture du diffuseur N\u00b07 \u00ab     Solli\u00e8s-Toucas     \u00bb au PR 13.500  \n- Fermeture de la section courante entre le diffuseur N\u00b07 \u00ab  Sollies-Toucas \u00bb au PR 13.500\net le diffuseur N\u00b06 \u00ab  La Farl\u00e8de \u00bb au PR 8.700 \n- Fermeture de la bretelle d'entr\u00e9e du diffuseur N\u00b07 \u00ab  Solli\u00e8s-Toucas \u00bb au PR 13.500 \nLa fin de la semaine 45 et les semaines 46, 47 et 48 constituent les semaines de r\u00e9serves\nSens Nice vers Toulon\nLes v\u00e9hicules circulant sur l'A57 et ceux ne pouvant entrer sur l'A57 au diffuseur N\u00b07\n\u00ab Sollies-Toucas \u00bb en direction de Toulon emprunteront la RD97 , traverseront Solli\u00e8s-Pont,\net prendront la RD58, la RD258 en direction de La Farl\u00e8de et rejoindront la bretelle\nd'entr\u00e9e du diffuseur N\u00b06 \u00ab  La Farl\u00e8de \u00bb au PR 8.700 en direction de Toulon.\nLes poids-lourds et convois exceptionnels circulant en direction de Toulon devront sortir\nau diffuseur N\u00b010 \u00ab  Puget-Ville \u00bb au PR 21.500 et suivront les RD14, RD412, RD12, RD559A\npuis la RD98 puis reprendront l'A570 et rejoindront l'A57 en direction de Toulon  .\nLes  poids-lourds  et  convois  exceptionnels  circulant  en  direction  de  Toulon  qui  ne\nrespecteront pas l'itin\u00e9raire conseill\u00e9 \u00e0 la sortie N\u00b0 10 \u00ab  Puget-Ville \u00bb au PR 21.500, devront\nsortir au diffuseur N\u00b08 \u00ab  Zone Artisanale \u00bb au PR 14.800 et reprendront l'A57 en direction\nde Nice afin de reprendre l'itin\u00e9raire conseill\u00e9 avec la sortie au diffuseur N\u00b010 \u00ab  Puget-\nVille \u00bb au PR 21.500.\nAutoroute A57\nDans le sens Toulon vers Nice\nDe 21h00 \u00e0 05h00, la nuit du mercredi 06 novembre 2024 au jeudi 07 novembre 2024\nFermeture du diffuseur     N\u00b08 \u00ab     Zone Artisanale     \u00bb au PR 14.800  \n- Fermeture de la section courante entre le diffuseur N\u00b08  \u00ab  Zone artisanale \u00bb au PR\n14.800 et le diffuseur N\u00b010 \u00ab  Puget-Ville \u00bb au PR 21.500\n- Fermeture de la bretelle d'entr\u00e9e du diffuseur N\u00b08 \u00ab  Zone Artisanale \u00bb  au PR 14.800 \nLa fin de la semaine 45 et les semaines 46, 47 et 48 constituent les semaines de r\u00e9serves.\nSens Toulon vers Nice\nLes v\u00e9hicules circulant sur l'A57 et ceux ne pouvant entrer sur l'A57 au diffuseur N\u00b0 8\n\u00ab Zone artisanale \u00bb au PR 14.800 en direction de Nice prendront la RD97 , traverseront\nCuers et reprendront la bretelle d'entr\u00e9e du diffuseur N\u00b010 \u00ab  Puget-Ville \u00bb au PR 21.500.\nLes poids-lourds et convois exceptionnels souhaitant prendre la direction de Nice seront\nd\u00e9vi\u00e9s sur l'A570 (avant la bifurcation) jusqu'\u00e0 Hy\u00e8res et suivront la RD98, la RD559A puis\nla RD12, la RD412 et la RD14, pour rejoindre l'A57 par les entr\u00e9es du diffuseur  N\u00b010\n\u00ab Puget Ville \u00bb au PR 21.000 et 21.500.\n             Arr\u00eat\u00e9 pr\u00e9fectoral n\u00b0 2024-10-004 ESC         Page 4/6Pr\u00e9fecture du VAR - 83-2024-10-22-00002 - Arr\u00eat\u00e9 pr\u00e9fectoral n\u00b02024-10-004 ESC du 22 octobre 2024 portant r\u00e9glementation\ntemporaire de la circulation sur l'autoroute A57 sur le territoire des communes de La Garde, La Farl\u00e8de, Sollies-Ville, Sollies-Pont,\nCuers et Puget-Ville54\nAutoroute A57\nDans le sens Nice vers Toulon\nDe 21h00 \u00e0 05h00, la nuit du jeudi 07 novembre 2024 au vendredi 08 novembre 2024\nFermeture du diffuseur N\u00b06 \u00ab     La Farl\u00e8de     \u00bb au PR 8.700  \n- Fermeture de la section courante entre le PR 9.100 et la bifurcation de l'A57 et l'A570\nau PR 6.800 \n- Fermeture de la bretelle d'entr\u00e9e du diffuseur N\u00b06 \u00ab  La Farl\u00e8de \u00bb au PR 8.700\n- Fermeture de l'aire de service de la Garde au PR 7 .400\nLes semaines 46, 47 et 48 constituent des semaines de r\u00e9serves.\nSens     Nice vers Toulon  \nLes v\u00e9hicules circulant sur l'A57 en direction de Toulon et ceux ne pouvant entrer sur\nl'A57 au diffuseur N\u00b06 \u00ab  La Farl\u00e8de \u00bb en direction de Toulon, emprunteront la RD67 ,\ntraverseront la zone industrielle Toulon Est et arriveront au rond-point de la Bastide\nVerte pour rejoindre l'A57 . \nAutoroute A57\nDans les deux sens de circulation\nDe 21h00 \u00e0 05h00, la nuit du mardi 12 novembre 2024 au mercredi 13 novembre 2024\nFermeture du diffuseur N\u00b010 \u00ab     Puget Ville     \u00bb au PR 21.500  \n- Fermeture de la section courante entre le diffuseur N\u00b010 \u00ab  Puget-Ville \u00bb au PR 21.500 et\nla barri\u00e8re pleine voie de Puget-Ville au PR 24.100 dans le sens Toulon vers Nice\n- Fermeture de la bretelle d'entr\u00e9e du diffuseur N\u00b010 \u00ab  Puget-Ville \u00bb au PR 21.500\ndans le sens de Toulon vers Nice\n- Fermeture de la bretelle de sortie du diffuseur N\u00b010 \u00ab  Puget-Ville \u00bb au PR 21.500\ndans le sens de Nice vers Toulon\nLa fin de la semaine 46 et les semaines 47 , 48 et 49 constituent les semaines de r\u00e9serves.\nSens Toulon vers Nice\nLes v\u00e9hicules ne pouvant rentrer sur l'A57 au diffuseur N\u00b010 \u00ab  Puget-Ville \u00bb au PR 21.500\nen direction de Nice devront prendre la bretelle d'entr\u00e9e du diffuseur N\u00b010 \u00ab  Puget-\nVille \u00bb en direction de Toulon et faire demi-tour au diffuseur N\u00b08 \u00ab  Zone artisanale \u00bb\npour continuer sur l'A57 en direction de Nice.\nSens Nice vers Toulon\nLes v\u00e9hicules ne pouvant sortir de l'A57 au diffuseur N\u00b010 \u00ab  Puget-Ville \u00bb au PR 21.500 en\ndirection de Toulon sortiront au diffuseur N\u00b08 \u00ab  Zone artisanale \u00bb et faire demi-tour au\ndiffuseur N\u00b08 \u00ab Zone artisanale \u00bb pour sortir au diffuseur N\u00b010 \u00ab  Puget-Ville \u00bb.\nLa signalisation des itin\u00e9raires de d\u00e9viation et du jalonnement sera constitu\u00e9e, au d\u00e9but de\nchaque itin\u00e9raire, par un panneau de confirmation de d\u00e9viation du type KD22 et par une\nsignalisation  de  jalonnement  aux  premiers  changements  de  direction,  carrefours\nimportants ou ambigus et aux intersections.\n             Arr\u00eat\u00e9 pr\u00e9fectoral n\u00b0 2024-10-004 ESC         Page 5/6Pr\u00e9fecture du VAR - 83-2024-10-22-00002 - Arr\u00eat\u00e9 pr\u00e9fectoral n\u00b02024-10-004 ESC du 22 octobre 2024 portant r\u00e9glementation\ntemporaire de la circulation sur l'autoroute A57 sur le territoire des communes de La Garde, La Farl\u00e8de, Sollies-Ville, Sollies-Pont,\nCuers et Puget-Ville55\nArticle 3 :  Au regard des contraintes de phasage et de la position des interruptions de\nterre-plein central,  l'arr\u00eat\u00e9 pr\u00e9fectoral n\u00b02023-06-004 en date du 26 juin 2023 autorisant\nl'ouverture de chantiers d'entretien courant ou de r\u00e9paration sur les autoroutes A8, A50 et\nA57  dans  la  travers\u00e9e  du  d\u00e9partement  du  Var  est  d\u00e9rog\u00e9  comme  suit  de  la  semaine\n44/2024 \u00e0 la semaine 49/2025  :\nL'inter distance de jour comme de nuit avec tout chantier n\u00e9cessaire \u00e0 l'entretien des\nautoroutes A57 sera ramen\u00e9e \u00e0 z\u00e9ro (0) kilom\u00e8tre pendant la dur\u00e9e de ces travaux dans les\ndeux sens de circulation.\nArticle 4 : Une information concernant l'avancement des travaux ainsi que le planning \npr\u00e9visionnel des fermetures sera transmise hebdomadairement le vendredi avant 09h00 \naux destinataires suivants  :\n\uf0b7Pr\u00e9fecture du Var (pref-derogations-routes@var.gouv.fr) \n\uf0b7Conseil D\u00e9partemental du Var (bce@var.fr)\n\uf0b7Direction D\u00e9partementale des Territoires et de la Mer du Var\n\uf0b7Radio Vinci-Autoroutes (107 .7)\nArticle  5 :  Les  signalisations  temporaires  et  l'information  des  usagers,  r\u00e9pondant  \u00e0  la\ndescription du pr\u00e9sent arr\u00eat\u00e9, seront mises en place, entretenues et surveill\u00e9es par les\nservices d'exploitation de la soci\u00e9t\u00e9 des autoroutes Est\u00e9rel, C\u00f4te d'Azur, Provence Alpes\n(ESCOTA) pendant toute la p\u00e9riode des travaux.\nLes  usagers  seront  inform\u00e9s  des  travaux  par  l'affichage  de  messages  sur  Panneau  \u00e0\nMessages Variables (PMV) sur les autoroutes A50 et A57 et par la diffusion de messages\nRadio Vinci Autoroutes (107 .7). \nArticle 6 : La directrice de cabinet du pr\u00e9fet du Var, le pr\u00e9sident du conseil d\u00e9partemental\ndu Var, le directeur de la direction interd\u00e9partementale de la police nationale du Var, le\nchef du d\u00e9tachement de Toulon de la CRS autorouti\u00e8re Provence, le commandant du\ngroupement  de  Gendarmerie  d\u00e9partementale  du  Var,  le  directeur  d\u00e9partemental  des\nservices d'incendie et de secours du Var, les maires des communes de La Garde, La Farl\u00e8de,\nSolli\u00e8s-Ville,  Solli\u00e8s-Pont,  Cuers,  Puget-Ville,  le  directeur  de  la  soci\u00e9t\u00e9  des  autoroutes\nEst\u00e9rel,  C\u00f4te  d'Azur,  Provence  Alpes,  sont  charg\u00e9s,  chacun  en  ce  qui  le  concerne,  de\nl'ex\u00e9cution  du  pr\u00e9sent  arr\u00eat\u00e9  qui  sera  publi\u00e9  au  recueil  des  actes  administratifs  de  la\npr\u00e9fecture du Var.\n      Fait \u00e0 Toulon, le 22 octobre 2024\n                                                          Pour le Pr\u00e9fet et par d\u00e9l\u00e9gation, \n                                                          l'adjoint \u00e0 la cheffe du service\n                                                           de l'\u00e9ducation et de la s\u00e9curit\u00e9 routi\u00e8res\n                                                          sign\u00e9  :  Thierry LE GRAND\nConform\u00e9ment aux dispositions de l'article R. 421-1 et suivants du code de justice administrative, le pr\u00e9sent arr\u00eat\u00e9 peut faire\nl'objet dans un d\u00e9lai de deux mois \u00e0 compter de sa parution  :\n\u2013  d'un recours administratif (recours gracieux aupr\u00e8s du pr\u00e9fet du Var ou recours hi\u00e9rarchique aupr\u00e8s du ministre de l'int\u00e9rieur)\n\u2013 d'un recours contentieux devant le tribunal administratif de Toulon. Le tribunal administratif peut \u00eatre saisi par l'application\ninformatique \u00ab T\u00e9l\u00e9recours citoyens \u00bb accessible par le site Internet www.telerecours.fr\n             Arr\u00eat\u00e9 pr\u00e9fectoral n\u00b0 2024-10-004 ESC         Page 6/6Pr\u00e9fecture du VAR - 83-2024-10-22-00002 - Arr\u00eat\u00e9 pr\u00e9fectoral n\u00b02024-10-004 ESC du 22 octobre 2024 portant r\u00e9glementation\ntemporaire de la circulation sur l'autoroute A57 sur le territoire des communes de La Garde, La Farl\u00e8de, Sollies-Ville, Sollies-Pont,\nCuers et Puget-Ville56","date":"2024-10-22","first_seen_on":"2024-10-22T15:21:33+00:00","id":"3a907d29dc7ee2fd04b8f42ce26a7bec7b14f404bc0d0273996d58e532bf59e2","name":"RAA N\u00b0294 du 22 octobre 2024","pdf_creation_date":"2024-10-22T14:28:37+00:00","pdf_modification_date":null,"timezone":"Europe/Paris","url":"https://www.var.gouv.fr/contenu/telechargement/36763/243411/file/RAA%20N%C2%B0294%20du%2022%20octobre%202024.pdf"}
