{"administration":"prefidf","administration_name":"Pr\u00e9fecture de la r\u00e9gion \u00cele-de-France","content":"PREFECTURE\nREGION ILE DE\nFRANCE\nRECUEIL DES ACTES\nADMINISTRATIFS SP\u00c9CIAL\n(NOMINATIFS)\nN\u00b0IDF-039-2025-10\nPUBLI\u00c9 LE 20 OCTOBRE 2025\nSommaire\nAgence R\u00e9gionale de Sant\u00e9 / service r\u00e9gional des transports sanitaires\nIDF-2025-10-20-00008 - Arr\u00eat\u00e9 n\u00b0DOS-2025- 4438\nPortant\nagr\u00e9ment de la SARL ANGEL AMBULANCES (2 pages) Page 3\nIDF-2025-10-20-00009 - Arr\u00eat\u00e9 n\u00b0DOS-2025-3801\nPortant agr\u00e9ment\nde la SAS ESUD 91 (2 pages) Page 6\nDirection r\u00e9gionale et interd\u00e9partementale de l'\u00e9conomie, de l'emploi,\ndu travail et des solidarit\u00e9s d'\u00cele-de-France / P\u00f4le Politique du travail\nIDF-2025-10-16-00006 - D\u00e9cision n\u00b0 2025-198 du 16 octobre 2025\nportant affectation d'agents au sein du r\u00e9seau des risques particuliers\nli\u00e9s \u00e0 l'amiante d'Ile-de-France (2 pages) Page 9\nRectorat de l'acad\u00e9mie de Versailles /\nIDF-2025-10-03-00009 - Arr\u00eat\u00e9 portant nomination des membres du\nconseil de discipline d\u00e9partemental de l'Essonne (1 page) Page 12\n2\nAgence R\u00e9gionale de Sant\u00e9\nIDF-2025-10-20-00008\nArr\u00eat\u00e9 n\u00b0DOS-2025- 4438\nPortant agr\u00e9ment de la SARL ANGEL\nAMBULANCES\nAgence R\u00e9gionale de Sant\u00e9 - IDF-2025-10-20-00008 - Arr\u00eat\u00e9 n\u00b0DOS-2025- 4438\nPortant agr\u00e9ment de la SARL ANGEL AMBULANCES 3\nREPUBLIQUEFRANCAISELibert\u00e9Egalit\u00e9Fraternit\u00e9\ne \u00bb Agence R\u00e9gionale de Sant\u00e9Ile-de-France\n \n \n \n \n \n \n \nAGENCE R\u00c9GIONALE DE SANT\u00c9 \u00ceLE-DE-FRANCE \nARR\u00caT\u00c9 N\u00b0DOS-2025- 4438 \nPortant agr\u00e9ment de la SARL ANGEL AMBULANCES \n(78700 \u2013 CONFLANS-SAINTE-HONORINE)  \n \nLE DIRECTEUR G\u00c9N\u00c9RAL DE L'AGENCE R\u00c9GIONALE DE SANT\u00c9 \u00ceLE-DE-FRANCE \n \n \nVU le Code de la Sant\u00e9 Publique et notamment ses articles L.6311-1 \u00e0 L.6311-2, L.6312-1 \u00e0 L.6312-\n5, L.6313-1, R.6312-1 \u00e0 R.6312-23, R.6312-29 \u00e0 R.6312-43, R.6313-5 \u00e0 R.6313-7-1 ;   \n \nVU la loi n\u00b0 2009-879 du 21 juillet 2009 portant r\u00e9forme de l'h\u00f4pital et relative aux patients, \u00e0 la sant\u00e9 \net aux territoires ; \n \nVU le d\u00e9cret n\u00b0 2010 -344 du 31 mars 2010 tirant les cons\u00e9quences, au niveau r\u00e8glementaire, de \nl'intervention de la loi n\u00b0 2009 -879 du 21 juillet 2009 portant r\u00e9forme de l'h\u00f4pital et relative aux \npatients, \u00e0 la sant\u00e9 et aux territoires ;  \n \nVU le d\u00e9cret du 10 avril 2024  portant nomination de Monsieur Denis ROBIN, Directeur g\u00e9n\u00e9ral de \nl'Agence r\u00e9gionale de sant\u00e9 \u00cele de France \u00e0 compter du 29 avril 2024 ; \n \nVU l'arr\u00eat\u00e9 minist\u00e9riel du 21 d\u00e9cembre 1987 modifi\u00e9 relatif \u00e0 la composition du dossier d'agr\u00e9ment \ndes personnes effectuant des transports sanitaires terrestres et au contr\u00f4le des v\u00e9hicules \naffect\u00e9s aux transports sanitaires ; \n \nVU l'arr\u00eat\u00e9 du 12 d\u00e9cembre 2017  modifi\u00e9 fixant les caract\u00e9ristiques et les installations mat\u00e9rielles \nexig\u00e9es pour les v\u00e9hicules affect\u00e9s aux transports sanitaires terrestres ; \n \nVU l'arr\u00eat\u00e9 DS N\u00b0034/2024 du Directeur g\u00e9n\u00e9ral de l'Agence r\u00e9gionale  de sant\u00e9 \u00cele de France en \ndate du 29 avril 2024, portant d\u00e9l\u00e9gation de signature \u00e0 Monsieur Arnaud CORVAISIER, \nDirecteur de l'offre de soins, et \u00e0 certains de ses collaborateurs ; \n \nVU le dossier de demande d'agr\u00e9ment  pr\u00e9sent\u00e9 pa r Messieurs Andr\u00e9 KRIEF et Jean -Marc DE \nSAMPAIO, responsables l\u00e9gaux de la SARL ANGEL AMBULANCES, sise 29, rue des Cayennes \n\u2013 78700 CONFLANS-SAINTE-HONORINE ; \n \nCONSIDERANT l'accord de transfert de l'autorisation de mise en service de trois v\u00e9hicules de cat\u00e9gorie \nA type B immatricul\u00e9s FZ-036-SE, FA-482-GJ et DH-587-QD provenant respectivement des soci\u00e9t\u00e9s \nAMBULANCES DIDIER (Sartrouville), CONFLANS AMBULANCES (Conflans-Sainte-Honorine) et \nAMBULANCES EUROPE SECOURS (Conflans-Sainte-Honorine) d\u00e9livr\u00e9 par les services de l'ARS Ile \nde France le 19 juin 2025 ; \n \nCONSIDERANT la conformit\u00e9 du dossier de demande d'agr\u00e9ment, des installations mat\u00e9rielles, des \nv\u00e9hicules et des \u00e9quipages, aux dispositions du code de la sant\u00e9 publique et des arr\u00eat\u00e9s ci -dessus \nvis\u00e9s relatifs \u00e0 la composition du dossier d'agr\u00e9ment et fixant les carac t\u00e9ristiques exig\u00e9es pour les \nv\u00e9hicules et les installations mat\u00e9rielles affect\u00e9s aux transports sanitaires terrestres  ; \n \nAgence R\u00e9gionale de Sant\u00e9 - IDF-2025-10-20-00008 - Arr\u00eat\u00e9 n\u00b0DOS-2025- 4438\nPortant agr\u00e9ment de la SARL ANGEL AMBULANCES 4\n2 \n \nCONSIDERANT l'attestation sur l'honneur du responsable l\u00e9gal de la soci\u00e9t\u00e9 relative \u00e0 la conformit\u00e9 \ndes installations mat\u00e9rielles, aux normes d\u00e9finies par l'arr\u00eat\u00e9 du 12 d\u00e9cembre 2017 ci-dessus vis\u00e9 ainsi \nqu'aux normes d'hygi\u00e8ne et de salubrit\u00e9 ; \n \nCONSIDERANT les attestations sur l'honneur du responsable l\u00e9gal de la soci\u00e9t\u00e9 relative \u00e0 la conformit\u00e9 \ndes v\u00e9hicules de transports sanitaires, aux normes d\u00e9finies par l'arr\u00eat\u00e9 du 12 d\u00e9cembre 2017 ci-dessus \nvis\u00e9 ; \n \n \nARR\u00caTE \n \n \nARTICLE 1er :  La SARL ANGEL AMBULANCES, sise 29, rue des Cayennes \u2013 78700 CONFLANS-\nSAINTE-HONORINE dont les co-g\u00e9rants sont Messieurs Andr\u00e9 KRIEF et Jean-Marc DE SAMPAIO est \nagr\u00e9\u00e9e sous le n\u00b0 ARS-IDF-TS/ 422 \u00e0 compter de la date du pr\u00e9sent arr\u00eat\u00e9. \n \n ARTICLE 2 : La liste des v\u00e9hicules et des personnels composant les \u00e9quipages est pr\u00e9cis\u00e9e en annexe \nau pr\u00e9sent arr\u00eat\u00e9. \n \nARTICLE 3  : La pr\u00e9sente d\u00e9cision peut faire l'objet d'un recours gracieux aupr\u00e8s de Monsieur le \nDirecteur g\u00e9n\u00e9ral de l'Agence r\u00e9gionale de sant\u00e9, sise 13, rue du Landy 93200 Saint-Denis. \n Un recours contentieux peut \u00e9galement \u00eatre d\u00e9pos\u00e9 aupr\u00e8s du tribunal administratif comp\u00e9tent.   \n Le d\u00e9lai de recours est de deux mois \u00e0 compter de la notification de l'arr\u00eat\u00e9 pour l'int\u00e9ress\u00e9 ou de sa \npublication pour les tiers. \n Ces recours n'ont pas pour effet de suspendre le caract\u00e8re ex\u00e9cutoire de la pr\u00e9sente d\u00e9cision.    \n \nARTICLE 4 : Le Directeur de l'offre de soins est charg\u00e9 de l'ex\u00e9cution du pr\u00e9sent arr\u00eat\u00e9, qui sera publi\u00e9 \nau Recueil des Actes Administratifs des services de l'\u00c9tat. \n \n \nFait \u00e0 Saint-Denis, le    20/10/2025                          \n \nP/Le Directeur g\u00e9n\u00e9ral \nde l'Agence r\u00e9gionale de sant\u00e9 \nIle-de-France, \nLa Responsable du Service r\u00e9gional \ndes transports sanitaires, \n \n \nSIGNE \n \nS\u00e9verine TEISSEDRE \n \n \nAgence R\u00e9gionale de Sant\u00e9 - IDF-2025-10-20-00008 - Arr\u00eat\u00e9 n\u00b0DOS-2025- 4438\nPortant agr\u00e9ment de la SARL ANGEL AMBULANCES 5\nAgence R\u00e9gionale de Sant\u00e9\nIDF-2025-10-20-00009\nArr\u00eat\u00e9 n\u00b0DOS-2025-3801\nPortant agr\u00e9ment de la SAS ESUD 91\nAgence R\u00e9gionale de Sant\u00e9 - IDF-2025-10-20-00009 - Arr\u00eat\u00e9 n\u00b0DOS-2025-3801\nPortant agr\u00e9ment de la SAS ESUD 91 6\nREPUBLIQUEFRANCAISELibert\u00e9Egalit\u00e9Fraternit\u00e9\ne \u00bb Agence R\u00e9gionale de Sant\u00e9Ile-de-France\n \n \n \n \n \n \n \nAGENCE R\u00c9GIONALE DE SANT\u00c9 \u00ceLE-DE-FRANCE \nARR\u00caT\u00c9 N\u00b0DOS-2025-3801 \nPortant agr\u00e9ment de la SAS ESUD 91 \n(91250- TIGERY)  \n \nLE DIRECTEUR G\u00c9N\u00c9RAL DE L'AGENCE R\u00c9GIONALE DE SANT\u00c9 \u00ceLE-DE-FRANCE \n \n \nVU le Code de la Sant\u00e9 Publique et notamment ses articles L.6311-1 \u00e0 L.6311-2, L.6312-1 \u00e0 L.6312-\n5, L.6313-1, R.6312-1 \u00e0 R.6312-23, R.6312-29 \u00e0 R.6312-43, R.6313-5 \u00e0 R.6313-7-1 ;   \n \nVU la loi n\u00b0 2009-879 du 21 juillet 2009 portant r\u00e9forme de l'h\u00f4pital et relative aux patients, \u00e0 la sant\u00e9 \net aux territoires ; \n \nVU le d\u00e9cret n\u00b0 2010 -344 du 31 mars 2010 tirant les cons\u00e9quences, au niveau r\u00e8glementaire, de \nl'intervention de la loi n\u00b0 2009 -879 du 21 juillet 2009 portant r\u00e9forme de l'h\u00f4pital et relative aux \npatients, \u00e0 la sant\u00e9 et aux territoires ;  \n \nVU le d\u00e9cret du 10 avril 2024  portant nomination de Monsieur Denis ROBIN, Directeur g\u00e9n\u00e9ral de \nl'Agence r\u00e9gionale de sant\u00e9 \u00cele de France \u00e0 compter du 29 avril 2024 ; \n \nVU l'arr\u00eat\u00e9 minist\u00e9riel du 21 d\u00e9cembre 1987  modifi\u00e9 relatif \u00e0 la composition du dossier d'agr\u00e9ment \ndes personnes effectuant des transports sanitaires terrestres et au contr\u00f4le des v\u00e9hicules \naffect\u00e9s aux transports sanitaires ; \n \nVU l'arr\u00eat\u00e9 du 12 d\u00e9cembre 2017 modifi\u00e9 fixant les caract\u00e9ristiques et les installations mat\u00e9rielles \nexig\u00e9es pour les v\u00e9hicules affect\u00e9s aux transports sanitaires terrestres ; \n \nVU l'arr\u00eat\u00e9 DS N\u00b0034/2024 du Directeur g\u00e9n\u00e9ral de l'Agence r\u00e9gionale de sant\u00e9 \u00cele de France en \ndate du 29 avril 2024, portant d\u00e9l\u00e9gation de signature \u00e0 Monsieur Arnaud CORVAISIER, \nDirecteur de l'offre de soins, et \u00e0 certains de ses collaborateurs ; \n \nVU le dossier de demande d'agr\u00e9ment pr\u00e9sent\u00e9 par le s responsables l\u00e9gaux, Monsieur Manuel \nCARVALHO et Madame Aurore MORAIS , pour la SAS ESUD 91 , sise 15, rue Camille \nDECAUVILLE - 91250 Tigery ; \n \nCONSIDERANT l'accord de transfert de  l'autorisation de mise en service de deux v\u00e9hicules de \ncat\u00e9gorie A type B immatricul\u00e9s GC-043-HP et GS-749-LL provenant de la soci\u00e9t\u00e9 UMPSA Pro (Tigery) \nd\u00e9livr\u00e9 par les services de l'ARS Ile de France le 14 avril 2025 ; \n \nCONSIDERANT la conformit\u00e9 du dossier de demande d'agr\u00e9ment, des installations mat\u00e9rielles, des \nv\u00e9hicules et des \u00e9quipages, aux dispositions du code de la sant\u00e9 publique et des arr\u00eat\u00e9s ci -dessus \nvis\u00e9s relatifs \u00e0 la composition du dossier d'agr\u00e9ment et fixant les carac t\u00e9ristiques exig\u00e9es pour les \nv\u00e9hicules et les installations mat\u00e9rielles affect\u00e9s aux transports sanitaires terrestres  ; \n \nAgence R\u00e9gionale de Sant\u00e9 - IDF-2025-10-20-00009 - Arr\u00eat\u00e9 n\u00b0DOS-2025-3801\nPortant agr\u00e9ment de la SAS ESUD 91 7\n2 \n \nCONSIDERANT l'attestation sur l'honneur du responsable l\u00e9gal de la soci\u00e9t\u00e9 relative \u00e0 la conformit\u00e9 \ndes installations mat\u00e9rielles, aux normes d\u00e9finies par l'arr\u00eat\u00e9 du 12 d\u00e9cembre 2017 ci-dessus vis\u00e9 ainsi \nqu'aux normes d'hygi\u00e8ne et de salubrit\u00e9 ; \n \nCONSIDERANT les attestations sur l'honneur du responsable l\u00e9gal de la soci\u00e9t\u00e9 relative \u00e0 la conformit\u00e9 \ndes v\u00e9hicules de transports sanitaires, aux normes d\u00e9finies par l'arr\u00eat\u00e9 du 12 d\u00e9cembre 2017 ci-dessus \nvis\u00e9 ; \n \n \nARR\u00caTE \n \n \nARTICLE 1er :  La SAS ESUD 91, sise 15, rue Camille Decauville \u2013 91250 TIGERY, dont le directeur \nest Monsieur Manuel CARVALHO et la pr\u00e9sidente est Madame Aurore MORAIS, est agr\u00e9\u00e9e sous le n\u00b0 \nARS-IDF-TS/428 \u00e0 compter de la date du pr\u00e9sent arr\u00eat\u00e9. \n \n ARTICLE 2 : La liste des v\u00e9hicules et des personnels composant les \u00e9quipages est pr\u00e9cis\u00e9e en annexe \nau pr\u00e9sent arr\u00eat\u00e9. \n \nARTICLE 3  : La pr\u00e9sente d\u00e9cision peut faire l'objet d'un recours gracieux aupr\u00e8s de Monsieur le \nDirecteur g\u00e9n\u00e9ral de l'Agence r\u00e9gionale de sant\u00e9, sise 13, rue du Landy 93200 Saint -Denis. \n Un recours contentieux peut \u00e9galement \u00eatre d\u00e9pos\u00e9 aupr\u00e8s du tribunal administratif comp\u00e9tent.   \n Le d\u00e9lai de recours est de deux mois \u00e0 compter de la notification de l'arr\u00eat\u00e9 pour l'int\u00e9ress\u00e9 ou de sa \npublication pour les tiers. \n Ces recours n'ont pas pour effet de suspendre le caract\u00e8re ex\u00e9cutoire de la pr\u00e9sente d\u00e9cision.    \n \nARTICLE 4 : Le Directeur de l'offre de soins est charg\u00e9 de l'ex\u00e9cution du pr\u00e9sent arr\u00eat\u00e9, qui sera publi\u00e9 \nau Recueil des Actes Administratifs des services de l'\u00c9tat. \n \n \n \n \nFait \u00e0 Saint-Denis, le 20/10/2025 \n \nP/Le Directeur g\u00e9n\u00e9ral \nde l'Agence r\u00e9gionale de sant\u00e9 \nIle-de-France, \nLa Responsable du Service r\u00e9gional \ndes transports sanitaires, \n \nSIGNE \n \n \nS\u00e9verine TEISSEDRE \n \n \n \nAgence R\u00e9gionale de Sant\u00e9 - IDF-2025-10-20-00009 - Arr\u00eat\u00e9 n\u00b0DOS-2025-3801\nPortant agr\u00e9ment de la SAS ESUD 91 8\nDirection r\u00e9gionale et interd\u00e9partementale de\nl'\u00e9conomie, de l'emploi, du travail et des\nsolidarit\u00e9s d'\u00cele-de-France\nIDF-2025-10-16-00006\nD\u00e9cision n\u00b0 2025-198 du 16 octobre 2025\nportant affectation d'agents au sein du r\u00e9seau\ndes risques particuliers li\u00e9s \u00e0 l'amiante\nd'Ile-de-France\nDirection r\u00e9gionale et interd\u00e9partementale de l'\u00e9conomie, de l'emploi, du travail et des solidarit\u00e9s d'\u00cele-de-France -\nIDF-2025-10-16-00006 - D\u00e9cision n\u00b0 2025-198 du 16 octobre 2025 portant affectation d'agents au sein du r\u00e9seau des risques\nparticuliers li\u00e9s \u00e0 l'amiante d'Ile-de-France\n9\nMINISTEREDU TRAVAIL, DE LA SANTE,DES SOLIDARITESET DES FAMILLESLibert\u00e9\u00c9galit\u00e9Fraternit\u00e9\nDRIEETS Ile de France  \n32 rue Jean Jaur\u00e8s \n93 200 SAINT-DENIS \nhttps://idf.drieets.gouv.fr/                                                                                                                                                                       1/2 \n \nDirection r\u00e9gionale et interd\u00e9partementale \nde l'\u00e9conomie, de l'emploi, \ndu travail et des solidarit\u00e9s  \nd'Ile-de-France \n \n \n \n \n \n \n \nD\u00e9cision n\u00b0 2025-198 du 16 octobre 2025 portant affectation d'agents  \nau sein du r\u00e9seau des risques particuliers li\u00e9s \u00e0 l'amiante d'Ile-de-France \n \n \nLe directeur r\u00e9gional et interd\u00e9partemental de l'\u00e9conomie, de l'emploi, du travail et des solidarit\u00e9s \nd'Ile-de-France, \n \nVu l'article R.8122-9 du code du travail,  \n \nVu l'arr\u00eat\u00e9 interminist\u00e9riel du 12 ao\u00fbt 2025 nommant monsieur Fabrice MASI directeur r\u00e9gional de \nla direction r\u00e9gionale et interd\u00e9partemental e de l'\u00e9conomie, de l'emploi, du travail et des \nsolidarit\u00e9s d'Ile-de-France \u00e0 compter du 25 ao\u00fbt 2025, \n \nVu l'information du Comit\u00e9 Technique R\u00e9gional d'Ile-de-France en date du 4 f\u00e9vrier 2014, \n \nDECIDE : \n \nArticle 1er  \n \nSont d\u00e9sign\u00e9s pour assurer un appui aux unit\u00e9s de contr\u00f4le et pour mener une action r\u00e9gionale en \nIle-de-France dans le cadre du r\u00e9seau des risques particuliers li\u00e9s \u00e0 l'amiante les agents suivants : \n \n\u2212 Delphine MUNIER (unit\u00e9 d\u00e9partementale de Paris) \n\u2212 Mathilde HERMIER (direction d\u00e9partementale de l'emploi, du travail et des solidarit\u00e9s de Seine-\net-Marne)  \n\u2212 Guillaume LETERREUX (direction d\u00e9partementale de l'emploi, du travail et des solidarit\u00e9s des \nYvelines) \n\u2212 Na\u00efla OTT (direction d\u00e9partementale de l'emploi, du travail et des solidarit\u00e9s de l'Essonne)  \n\u2212 B\u00e9atrice CHARPENTIER (direction d\u00e9partementale de l'emploi, du travail et des solidarit\u00e9s de \nl'Essonne) \n\u2212 Youssef CHEHADY (unit\u00e9 d\u00e9partementale des Hauts-de-Seine) \n\u2212 Madison FLUCHER (unit\u00e9 d\u00e9partementale de Seine-Saint-Denis) \n\u2212 Audrey GEHIN (unit\u00e9 d\u00e9partementale du Val-de-Marne)  \n\u2212 Sophie TAN (unit\u00e9 d\u00e9partementale du Val-de-Marne)  \n\u2212 Juliette JANECZEK (unit\u00e9 d\u00e9partementale du Val-de-Marne)  \n\u2212 Marielle GUEZOU (direction d\u00e9partementale de l'emploi, du travail et des solidarit\u00e9s du Val -\nd'Oise) \n\u2212 Cyril LATOUR (unit\u00e9 r\u00e9gionale d'appui et de contr\u00f4le des grands chantiers)  \n \n \nDirection r\u00e9gionale et interd\u00e9partementale de l'\u00e9conomie, de l'emploi, du travail et des solidarit\u00e9s d'\u00cele-de-France -\nIDF-2025-10-16-00006 - D\u00e9cision n\u00b0 2025-198 du 16 octobre 2025 portant affectation d'agents au sein du r\u00e9seau des risques\nparticuliers li\u00e9s \u00e0 l'amiante d'Ile-de-France\n10\nDRIEETS Ile de France  \n32 rue Jean Jaur\u00e8s \n93 200 SAINT-DENIS \nhttps://idf.drieets.gouv.fr/                                                                                                                                                                       2/2 \nArticle 2  \n \nLa pr\u00e9sente d\u00e9cision entre en vigueur \u00e0 la date de sa publication.  \n \nArticle 3 \n \nLa d\u00e9cision n\u00b0 2022-037 du 23 mars 2022 portant affectation d'agents au sein du r\u00e9seau des risques \nparticuliers li\u00e9s \u00e0 l'amiante d'Ile-de-France est abrog\u00e9e. \n \nArticle 4  \n \nLe directeur r\u00e9gional de la direction r\u00e9gionale et interd\u00e9partementale de l'\u00e9conomie, de l'emploi, \ndu travail et des solidarit\u00e9s d'Ile-de-France est charg\u00e9 de l'application de la pr\u00e9sente d\u00e9cision, qui \nsera publi\u00e9e au recueil des actes administratifs de la r\u00e9gion Ile de France.  \n \n \n \n \n \n \nFait \u00e0 Aubervilliers, le 16 octobre 2025, \nLe directeur r\u00e9gional, \n \nSIGN\u00c9 \n \n \nFabrice MASI \n \n \n \nDirection r\u00e9gionale et interd\u00e9partementale de l'\u00e9conomie, de l'emploi, du travail et des solidarit\u00e9s d'\u00cele-de-France -\nIDF-2025-10-16-00006 - D\u00e9cision n\u00b0 2025-198 du 16 octobre 2025 portant affectation d'agents au sein du r\u00e9seau des risques\nparticuliers li\u00e9s \u00e0 l'amiante d'Ile-de-France\n11\nRectorat de l'acad\u00e9mie de Versailles\nIDF-2025-10-03-00009\nArr\u00eat\u00e9 portant nomination des membres du\nconseil de discipline d\u00e9partemental de l'Essonne\nRectorat de l'acad\u00e9mie de Versailles - IDF-2025-10-03-00009 - Arr\u00eat\u00e9 portant nomination des membres du conseil de discipline\nd\u00e9partemental de l'Essonne 12\nEnACADEMIEDE VERSAILLESLibert\u00e9Egalit\u00e9Fraternit\u00e9\n  \n \nRectorat de Versailles \n \nDACES 3 \nBureau de la Vie de l'\u00e9l\u00e8ve \nAffaire suivie par : \nS\u00e9bastien Lecl\u00e8re \nT\u00e9l : 01 30 83 44 31  \nM\u00e9l : disciplinaire-\neleves.daces3 \n@ac-versailles.fr \n3 boulevard de Lesseps  \n78017 Versailles Cedex  \n \n \nARRETE PORTANT NOMINATION DES MEMBRES DU CONSEIL DE  DISCIPLINE \nDEPARTEMENTAL DE L'ESSONNE \n \nLe Recteur de l'Acad\u00e9mie de Versailles \n \n \nVu  :  \n- le code de l'\u00e9ducation, et notamment ses articles  R. 511-44 et R. 511-45 ; \n- les propositions de Madame la Directrice acad\u00e9mique  des services de l'Education \nnationale de l'Essonne ; \nARRETE \n \nArticle 1 er  : Le conseil de discipline d\u00e9partemental de l'Esson ne, pr\u00e9sid\u00e9 par la directrice acad\u00e9mique des \nservices de l'Education nationale de l'Essonne ou s on repr\u00e9sentant, comprend pour une dur\u00e9e d'un an le s \nmembres suivants : \n \nRepr\u00e9sentants des personnels de direction : \n \nMonsieur LABURTHE TOLRA Marc, proviseur du lyc\u00e9e Fustel de Coulanges \u00e0 Massy \nMadame ROELS Jennifer, principale du coll\u00e8ge Le Village \u00e0 Evry-Courcouronnes \n \nRepr\u00e9sentantes des personnels d'enseignement : \n \nMonsieur LANGLAIS Beno\u00eet, professeur au coll\u00e8ge Les Sablons \u00e0 Viry-Ch\u00e2tillon  \nMonsieur MESTDAGH Sylvain, professeur au lyc\u00e9e l'Essouriau aux Ulis \n \nRepr\u00e9sentante des personnels administratifs, sociaux et de sant\u00e9, techniques, ouvriers et de service : \n \nMadame LYON Isabelle, secr\u00e9taire g\u00e9n\u00e9rale d'EPLE au lyc\u00e9e Cl\u00e9ment Ader \u00e0 Athis-Mons \n \nRepr\u00e9sentante des personnels d'\u00e9ducation : \n \nMadame DANIEL Manuela, CPE au lyc\u00e9e Paul Belmondo \u00e0 Arpajon \n \nRepr\u00e9sentants des parents d'\u00e9l\u00e8ves : \n \nMonsieur JAMIN Fabrice, CAPE 91, membre du conseil de discipline du lyc\u00e9e Poincar\u00e9 \u00e0 Palaiseau \nMonsieur ALIOUA Samir, FCPE, membre du conseil de discipline du coll\u00e8ge Chantemerle \u00e0 Corbeil-Essonnes \n \nRepr\u00e9sentantes des \u00e9l\u00e8ves : \n \nMadame DIAGOURAGA Lany,  T\nale  ASSP au lyc\u00e9e Charles Baudelaire \u00e0 Evry-Courcouronnes \nMadame BRUNIAUX Aliya, Tale  g\u00e9n\u00e9rale au lyc\u00e9e Marcel Pagnol \u00e0 Athis-Mons \n  \nArticle 2 : La Directrice acad\u00e9mique des services de l'Educatio n nationale de l'Essonne est charg\u00e9e de \nl'ex\u00e9cution du pr\u00e9sent arr\u00eat\u00e9. \n \n \nFait \u00e0 Versailles, le 3 octobre 2025 \n \n \n \nSign\u00e9 : \u00c9tienne CHAMPION \nRectorat de l'acad\u00e9mie de Versailles - IDF-2025-10-03-00009 - Arr\u00eat\u00e9 portant nomination des membres du conseil de discipline\nd\u00e9partemental de l'Essonne 13","date":"2025-10-20","first_seen_on":"2025-10-20T16:57:25+00:00","id":"3aef1ade626a59480e4bf0eb3fdba37c72510033efe780d0f66acbb35568d4de","name":"recueil-idf-039-2025-10-RAA-nominatifs du 20.10.2025","pdf_creation_date":"2025-10-20T15:16:24+00:00","pdf_modification_date":null,"timezone":"Europe/Paris","url":"https://www.prefectures-regions.gouv.fr/ile-de-france/irecontenu/telechargement/131930/968617/file/recueil-idf-039-2025-10-RAA-nominatifs%20du%2020.10.2025.pdf"}
