{"administration":"pref83","administration_name":"Pr\u00e9fecture du Var","content":"VAR\nRECUEIL DES ACTES\nADMINISTRATIFS\nN\u00b083-2025-406\nPUBLI\u00c9 LE  2 D\u00c9CEMBRE 2025\nSommaire\nAgence r\u00e9gionale de sant\u00e9 PACA /\n83-2025-11-25-00014 - agr\u00e9ment tacite Acc\u00e8s Vision Fr\u00e9jus (2 pages) Page 5\n83-2025-11-25-00015 - agr\u00e9ment tacite Acces Vision La Seyne (2 pages) Page 8\n83-2025-11-25-00016 - agr\u00e9ment tacite Clinadent Toulon (2 pages) Page 11\n83-2025-11-25-00017 - agr\u00e9ment tacite Dentego Draguignan (2 pages) Page 14\n83-2025-11-25-00018 - agr\u00e9ment tacite Dentego La Seyne sur mer (2\npages) Page 17\n83-2025-11-25-00019 - agr\u00e9ment tacite Dentego St Raphael (2 pages) Page 20\n83-2025-11-25-00020 - agr\u00e9ment tacite Jean Jaures Hy\u00e8res (2 pages) Page 23\n83-2025-11-25-00021 - agr\u00e9ment tacite Klarity Toulon (2 pages) Page 26\n83-2025-11-25-00022 - agr\u00e9ment tacite Les Lauriers Fr\u00e9jus (2 pages) Page 29\n83-2025-11-25-00023 - agr\u00e9ment tacite Meinier Ste Maxime (2 pages) Page 32\n83-2025-11-25-00024 - agr\u00e9ment tacite Mutualit\u00e9 Fran\u00e7aise Brignoles\n(2 pages) Page 35\n83-2025-11-25-00025 - agr\u00e9ment tacite Mutualit\u00e9 Fran\u00e7aise\nDraguignan (2 pages) Page 38\n83-2025-11-25-00026 - agr\u00e9ment tacite Mutualit\u00e9 Fran\u00e7aise Hy\u00e8res (2\npages) Page 41\n83-2025-11-25-00028 - agr\u00e9ment tacite Mutualit\u00e9 Fran\u00e7aise Tourrettes\n(2 pages) Page 44\n83-2025-11-25-00029 - agr\u00e9ment tacite Mutuelles de France Le Luc (2\npages) Page 47\n83-2025-11-25-00030 - agr\u00e9ment tacite Mutuelles de france Ollioules (2\npages) Page 50\n83-2025-11-25-00031 - agr\u00e9ment tacite Mutuelles de france Toulon (2\npages) Page 53\n83-2025-11-25-00032 - agr\u00e9ment tacite Vertuo Draguignan (2 pages) Page 56\n83-2025-11-25-00033 - agr\u00e9ment tacite VYV3 Cogolin (2 pages) Page 59\n83-2025-11-25-00034 - agr\u00e9ment tacite VYV3 Toulon (2 pages) Page 62\n83-2025-11-25-00027 - Mutuailt\u00e9 Fran\u00e7aise Saint Rapha\u00ebl (2 pages) Page 65\nDirection d\u00e9partementale des territoires et de la mer du Var / Service eau\net biodiversit\u00e9 de la DDTM\n83-2025-12-01-00002 - Arr\u00eat\u00e9 pr\u00e9fectoral n\u00b0 DDTM / SEBIO / 2025-167\ndu 01 d\u00e9cembre 2025 portant prorogation du r\u00e9c\u00e9piss\u00e9 de\nd\u00e9claration n\u00b0 83-2022-00121 (D2296) en date du 07/12/2022 relatif \u00e0\nla cr\u00e9ation du projet de parc solaire du Clos de la Blaque sur la commune\nde Varages.\n\n (3 pages) Page 68\n2\n83-2025-12-01-00003 - Arr\u00eat\u00e9 pr\u00e9fectoral n\u00b0 DDTM /SEBIO / 2025-172 \ndu 01 d\u00e9cembre 2025 portant prorogation du r\u00e9c\u00e9piss\u00e9 de\nd\u00e9claration n\u00b0 83-2022-00122 (D2297) en date du 24/07/2023 relatif \u00e0\nla cr\u00e9ation du projet de parc solaire de Bayol sur la commune de\nVARAGES.\t (3 pages) Page 72\nPr\u00e9fecture du VAR / Direction des s\u00e9curit\u00e9s\n83-2025-11-20-00015 - ARR\u00caT\u00c9 INTER-PR\u00c9FECTORAL\nPORTANT\nAPPROBATION DE L'\u00c9VALUATION DE S\u00dbRET\u00c9 PORTUAIRE \nDU\n\u00ab\u00a0PORT DE SAINT-TROPEZ\u00a0\u00bb - (\u00ab\u00a0FRSTP\u00a0\u00bb\u00a0 - \u00ab\u00a08500\u00a0\u00bb)\n(2 pages) Page 76\n83-2025-11-20-00022 - ARR\u00caT\u00c9 INTER-PR\u00c9FECTORAL\nPORTANT\nAPPROBATION DE L'\u00c9VALUATION DE S\u00dbRET\u00c9 PORTUAIRE \nDU\n\u00ab\u00a0PORT DE SANARY-SUR-MER\u00a0\u00bb - (\u00ab\u00a0FRYNR\u00a0\u00bb\u00a0 -\n\u00ab\u00a08200\u00a0\u00bb) (2 pages) Page 79\n83-2025-11-20-00016 - ARR\u00caT\u00c9 INTER-PR\u00c9FECTORAL\nPORTANT\nCREATION DES LIMITES PORTUAIRES DE S\u00dbRET\u00c9\nDU \u00ab\u00a0PORT DE\nSAINT-TROPEZ\u00a0\u00bb - (\u00ab\u00a0FRSTP\u00a0\u00bb\u00a0 - \u00ab\u00a08500\u00a0\u00bb)-11  DU 20 11\n2025 APPROUVANT LPS PORT DE SAINT TROPEZ (3 pages) Page 82\n83-2025-11-20-00023 - ARR\u00caT\u00c9 INTER-PR\u00c9FECTORAL\nPORTANT\nCREATION DES LIMITES PORTUAIRES DE S\u00dbRET\u00c9\nDU \u00ab\u00a0PORT DE\nSANARY-SUR-MER\u00a0\u00bb - (\u00ab\u00a0FRYNR\u00a0\u00bb\u00a0 - \u00ab\u00a08200\u00a0\u00bb) (3 pages) Page 86\n83-2025-11-20-00011 - ARR\u00caT\u00c9 N\u00b0 2025-BSP-SUR-07 DU 20 NOVEMBRE\n2025    \nPORTANT APPROBATION DE  LA D\u00c9LIMITATION DE\n\nL'INSTALLATION PORTUAIRE N\u00b0 8501\n\u00ab\u00a0EMBARCAD\u00c8RE DU\nPORT DE SAINT-TROPEZ\u00a0\u00bb - (\u00ab\u00a0FRSTP-0001\u00a0\u00bb\u00a0 -\n\u00a0\u00ab\u00a08501\u00a0\u00bb) (2 pages) Page 90\n83-2025-11-20-00012 - ARR\u00caT\u00c9 N\u00b0 2025-BSP-SUR-08 DU 20 NOVEMBRE\n2025\nPORTANT APPROBATION DE LA D\u00c9LIMITATION DE LA ZONE\nD'ACC\u00c8S RESTREINT \u00abN\u00b08501-1 - L'ESTACADE\u00a0\u00bb DANS\nL'INSTALLATION PORTUAIRE N\u00b08501\n\u00ab\u00a0EMBARCAD\u00c8RE DU\nPORT DE SAINT-TROPEZ\u00a0\u00bb (\u00ab\u00a0FRSTP-0001\u00a0\u00bb - \u00ab\u00a08501\u00a0\u00bb) (2\npages) Page 93\n83-2025-11-20-00013 - ARR\u00caT\u00c9 N\u00b0 2025-BSP-SUR-09 DU 20 NOVEMBRE\n2025                      \nFIXANT LES MODALIT\u00c9S, LES TAUX DE CONTR\u00d4LES\nET D'INSPECTIONS FILTRAGES\nDANS LA ZONE D'ACC\u00c8S\nRESTREINT \u00ab\u00a0N\u00b08501-1 - \u00a0L'ESTACADE\u00a0\u00bb \nDE\nL'INSTALLATION PORTUAIRE N\u00b08501\n\u00ab\u00a0EMBARCAD\u00c8RE DU\nPORT DE SAINT-TROPEZ\u00a0\u00bb (\u00ab\u00a0FRSTP-0001\u00a0\u00bb - \u00ab\u00a08501\u00a0\u00bb) (2\npages) Page 96\n83-2025-11-20-00018 - ARR\u00caT\u00c9 N\u00b0 2025-BSP-SUR-14 DU 20 NOVEMBRE\n2025\nPORTANT APPROBATION DE LA D\u00c9LIMITATION\nDE\nL'INSTALLATION PORTUAIRE N\u00b0 8201\n\u00ab\u00a0EMBARCAD\u00c8RE DU\nPORT DE SANARY-SUR-MER\u00a0\u00bb - (\u00ab\u00a0FRYNR-0001\u00a0\u00bb - \u00ab\u00a08201\u00a0\u00bb)\n(2 pages) Page 99\n3\n83-2025-11-20-00019 - ARR\u00caT\u00c9 N\u00b0 2025-BSP-SUR-15 DU 20 NOVEMBRE\n2025\nPORTANT APPROBATION DE LA D\u00c9LIMITATION DE LA ZONE\nD'ACC\u00c8S RESTREINT \u00abN\u00b08201-1 -\u00a0EMBARCAD\u00c8RE\nCROISI\u00c8RE\u00a0\u00bb DANS L'INSTALLATION PORTUAIRE N\u00b0 8201\n\n\u00ab\u00a0EMBARCAD\u00c8RE DU PORT DE SANARY-SUR-MER\u00a0\u00bb\n(\u00ab\u00a0FRYNR\u00a0-0001\u00a0\u00bb - \u00ab\u00a08201\u00a0\u00bb) (2 pages) Page 102\n83-2025-11-20-00020 - ARR\u00caT\u00c9 N\u00b0 2025-BSP-SUR-16 DU 20 NOVEMBRE\n2025\nFIXANT LES MODALIT\u00c9S, LES TAUX DE CONTR\u00d4LES ET\nD'INSPECTIONS FILTRAGES\nDANS LA ZONE D'ACC\u00c8S RESTREINT\n\u00ab\u00a0N\u00b0 8201-1 - EMBARCAD\u00c8RE CROISI\u00c8RE\u00a0\u00bb\nDE\nL'INSTALLATION PORTUAIRE N\u00b0 8201 \n\u00ab\u00a0EMBARCAD\u00c8RE DU\nPORT DE SANARY-SUR-MER\u00a0\u00bb (\u00ab\u00a0FRYNR-0001\u00a0\u00bb - \u00ab\u00a08201\u00a0\u00bb)\n(2 pages) Page 105\n83-2025-11-20-00017 - ARR\u00caT\u00c9 PR\u00c9FECTORAL N\u00b0 2021-BSP-SUR-13 DU\n20 NOVEMBRE 2025\nPORTANT APPROBATION DU PLAN DE S\u00dbRET\u00c9\nPORTUAIRE\nDU \u00ab\u00a0PORT DE SAINT-TROPEZ\u00a0\u00bb - (\u00ab\u00a0FRSTP\u00a0\u00bb\u00a0 -\n\u00ab\u00a08500\u00a0\u00bb) (2 pages) Page 108\n83-2025-11-20-00024 - ARR\u00caT\u00c9 PR\u00c9FECTORAL N\u00b0 2021-BSP-SUR-20 DU\n20 NOVEMBRE 2025\nPORTANT APPROBATION DU PLAN DE S\u00dbRET\u00c9\nPORTUAIRE\nDU \u00ab\u00a0PORT DE SANARY-SUR-MER\u00a0\u00bb -\n(\u00ab\u00a0FRYNR\u00a0\u00bb\u00a0 - \u00ab\u00a08200\u00a0\u00bb) (2 pages) Page 111\n83-2025-11-20-00014 - ARR\u00caT\u00c9 PR\u00c9FECTORAL N\u00b0 2025-BSP-SUR-10 DU\n20 NOVEMBRE 2025\nPORTANT APPROBATION DE L'\u00c9VALUATION DE\nS\u00dbRET\u00c9 DE L'INSTALLATION PORTUAIRE ET DU PLAN DE S\u00dbRET\u00c9\nDE L'INSTALLATION PORTUAIRE N\u00b08501\n\u00ab\u00a0EMBARCAD\u00c8RE DU\nPORT DE SAINT-TROPEZ\u00a0\u00bb (\u00ab\u00a0FRSTP-0001\u00a0\u00bb - \u00ab\u00a08501\u00a0\u00bb) (2\npages) Page 114\n83-2025-11-20-00021 - ARR\u00caT\u00c9 PR\u00c9FECTORAL N\u00b0 2025-BSP-SUR-17 DU\n20 NOVEMBRE 2025          \nPORTANT APPROBATION DE\nL'\u00c9VALUATION DE S\u00dbRET\u00c9 DE L'INSTALLATION\nPORTUAIRE ET\nPLAN DE S\u00dbRET\u00c9 DE L'INSTALLATION PORTUAIRE N\u00b0\n8201\n\u00abEMBARCAD\u00c8RE DU PORT DE SANARY-SUR-MER\u00a0\u00bb\n(\u00ab\u00a0FRYNR-0001\u00a0\u00bb - \u00ab\u00a08201\u00a0\u00bb) (2 pages) Page 117\n4\nAgence r\u00e9gionale de sant\u00e9 PACA\n83-2025-11-25-00014\nagr\u00e9ment tacite Acc\u00e8s Vision Fr\u00e9jus\nAgence r\u00e9gionale de sant\u00e9 PACA - 83-2025-11-25-00014 - agr\u00e9ment tacite Acc\u00e8s Vision Fr\u00e9jus 5\nEREPUBLIQUEFRAN\u00c7AISELibert\u00e9Egalit\u00e9Fraternit\u00e9\nia\nAr@ DAgence R\u00e9gionale de Sant\u00e9Provence-AlpesC\u00f4te d'Azur\n \nAgence r\u00e9gionale de sant\u00e9 Provence-Alpes-C\u00f4te d'Azur - Direction d\u00e9partementale du Var - immeuble TOVA 2 - 177, boulevard du Docteur Charles Barnier  - \nCS 31302 - 83076 Toulon cedex \nT\u00e9l.: 04.13.55.80.10 / Fax: 04.13.55.80.40 \nhttps://www.paca.ars.sante.fr/  \n  \n \n \n \n \n \n \n \n \n \n \nLe Directeur G\u00e9n\u00e9ral  Toulon, le 25/11/2025 \nD\u00e9l\u00e9gation d\u00e9partementale du Var \nService soins de proximit\u00e9 \nAffaire suivie par : Marie-Laure Verdalle \nT\u00e9l : 04.13.55.89.52 \nars-paca-dd83-soins-proximite@ars.sante.fr \nR\u00e9f : DD83-1025-9943-D \nOctroi d'un agr\u00e9ment d\u00e9finitif tacite \n \n \n \nMonsieur, \n \nEn application de l'article L.6323-1-11 du code de la sant\u00e9 publique, un agr\u00e9ment provisoire pour exercer une \nactivit\u00e9 ophtalmologique et orthoptique a \u00e9t\u00e9 accord\u00e9 le 21/11/2024 pour le centre de sant\u00e9 suivant : \n \n- Centre de sant\u00e9 Acc\u00e8s Vision Fr\u00e9jus \n194 rue de la R\u00e9publique 83600 Fr\u00e9jus \nNum\u00e9ro Finess : 83 002 577 1 \n \nConform\u00e9ment aux dispositions du m\u00eame article L.6323-1-11, en son paragraphe III, l'agr\u00e9ment provisoire ne \ndevient d\u00e9finitif qu'\u00e0 l'expiration d'une dur\u00e9e d'un an.  \nJe vous informe que sous le silence gard\u00e9  de l'agence r\u00e9gionale de sant\u00e9 Provence-Alpes-C\u00f4te d'Azur un \nagr\u00e9ment d\u00e9finitif tacite vous est accord\u00e9 le 21/11/2025 pour exercer les activit\u00e9s \nophtalmologiques/orthoptiques au sein du centre de sant\u00e9 susmentionn\u00e9. \n \nL'agr\u00e9ment vaut autorisation de dispenser des soins aux assur\u00e9s sociaux dans le centre de sant\u00e9 et sera \nnotifi\u00e9 aupr\u00e8s de la Caisse Primaire d'Assurance Maladie du d\u00e9partement concern\u00e9.  \n \nToute modification substantielle du projet de sant\u00e9, notamment du r\u00e8glement de fonctionnement, ou des autres \n\u00e9l\u00e9ments mentionn\u00e9s \u00e0 l'article D.6323 -9-1 du code de la sant\u00e9 publique, le changement de l'organisme \ngestionnaire ou de son repr\u00e9sentant l\u00e9gal, la modification d'implantation g\u00e9ographique du centre ou de son ou \nses antennes lorsqu'elles existent, la fermeture d'une antenne, la modification qualitative ou quantitative du \nplateau technique, notamment l'installation d'un ou de plusieurs fauteuils dentaires suppl\u00e9mentaires, ainsi que \ntoute modification susceptible d'avoir une incidence sur la politique men\u00e9e par le centre de sant\u00e9 en mati\u00e8re \nde qualit\u00e9 et de s\u00e9curit\u00e9 des soins, est port\u00e9e \u00e0 la connaissance du directeur g\u00e9n\u00e9ral de l'agence r\u00e9gionale \nde sant\u00e9 au plus tard dans les quinze jours par tout moyen conf\u00e9rant date certaine \u00e0 sa r\u00e9ception. \n \nA d\u00e9faut, le centre de sant\u00e9 peut  s'exposer au prononc\u00e9 d'une amende administrative, en application des \narticles L.6323-1-12 (I) et D.6323-14 du code de la sant\u00e9 publique. \n \nL'ensemble des pi\u00e8ces mentionn\u00e9es aux articles L. 6323 -1-4, L. 6323 -1-11 et aux  articles D. 6323 -8 \u00e0 D. \n6323-9-1 ainsi que leur mise \u00e0 jour sont transmises sous format d\u00e9mat\u00e9rialis\u00e9 sur la \nplateforme \u00ab DEMARCHES SIMPLIFIEES \u00bb. \n \n \n \n \nAgence r\u00e9gionale de sant\u00e9 PACA - 83-2025-11-25-00014 - agr\u00e9ment tacite Acc\u00e8s Vision Fr\u00e9jus 6\n \nAgence r\u00e9gionale de sant\u00e9 Provence-Alpes-C\u00f4te d'Azur - Direction d\u00e9partementale du Var - immeuble TOVA 2 - 177, boulevard du Docteur Charles Barnier  - \nCS 31302 - 83076 Toulon cedex \nT\u00e9l.: 04.13.55.80.10 / Fax: 04.13.55.80.40 \nhttps://www.paca.ars.sante.fr/  \n  \n \n \nL'agr\u00e9ment d\u00e9finitif peut \u00eatre retir\u00e9 lorsqu'il est constat\u00e9 un non-respect des r\u00e8gles applicables aux centres de \nsant\u00e9 dans le champ des activit\u00e9s concern\u00e9es ou des manquements compromettant la qualit\u00e9 ou la s\u00e9curit\u00e9 \ndes soins, apr\u00e8s notification \u00e0 l'organisme gestionnaire par le directeur g\u00e9n\u00e9ral de l'agence r\u00e9gionale de sant\u00e9 \net observations de l'organisme gestionnaire dans les conditions pr\u00e9vues au I de l'article L.6323 -1-12 du code \nde la sant\u00e9 publique.  \n \n \nJe vous prie de croire, Monsieur, en l'assurance de mes salutations les meilleures.  \n \n \n \n \n \n \n \n \n \n \n \nToulon, le 25/11/2025 \nPour le Directeur g\u00e9n\u00e9ral de l'ARS PACA \nLe Directeur d\u00e9partemental du Var \n \n \n \n \n \n \nS\u00e9bastien Moni\u00e9 \n \n \n \n \n \n \nsign\u00e9\n \nAgence r\u00e9gionale de sant\u00e9 PACA - 83-2025-11-25-00014 - agr\u00e9ment tacite Acc\u00e8s Vision Fr\u00e9jus 7\nAgence r\u00e9gionale de sant\u00e9 PACA\n83-2025-11-25-00015\nagr\u00e9ment tacite Acces Vision La Seyne\nAgence r\u00e9gionale de sant\u00e9 PACA - 83-2025-11-25-00015 - agr\u00e9ment tacite Acces Vision La Seyne 8\nEREPUBLIQUEFRAN\u00c7AISELibert\u00e9Egalit\u00e9Fraternit\u00e9\nAr@ DAgence R\u00e9gionale de Sant\u00e9Provence-AlpesC\u00f4te d'Azur\n \nAgence r\u00e9gionale de sant\u00e9 Provence -Alpes-C\u00f4te d'Azur - Direction d\u00e9partementale du Var - immeuble TOVA 2 - 177, boulevard du Docteur Charles Barnier  - \nCS 31302 - 83076 Toulon cedex \nT\u00e9l.: 04.13.55.80.10 / Fax: 04.13.55.80.40 \nhttps://www.paca.ars.sante.fr/  \n  \n \n \n \n \n \n \n \n \n \n \nLe Directeur G\u00e9n\u00e9ral  Toulon, le 25/11/2025 \nD\u00e9l\u00e9gation d\u00e9partementale du Var \nService soins de proximit\u00e9 \nAffaire suivie par : Marie-Laure Verdalle \nT\u00e9l : 04.13.55.89.52 \nars-paca-dd83-soins-proximite@ars.sante.fr \nR\u00e9f : DD83-1125-11631-D \nOctroi d'un agr\u00e9ment d\u00e9finitif tacite \n \n \n \nMonsieur, \n \nEn application de l'article L.6323-1-11 du code de la sant\u00e9 publique, un agr\u00e9ment provisoire pour exercer une \nactivit\u00e9 ophtalmologique et orthoptique a \u00e9t\u00e9 accord\u00e9 le 21/11/2024 pour le centre de sant\u00e9 suivant : \n \n- Centre de sant\u00e9 Acc\u00e8s Vision La Seyne sur Mer \nCcial Auchan, boulevard de l'Europe 83500 La Seyne sur Mer \nNum\u00e9ro Finess : 83 002 640 7 \n \nConform\u00e9ment aux dispositions du m\u00eame article L.6323-1-11, en son paragraphe III, l'agr\u00e9ment provisoire ne \ndevient d\u00e9finitif qu'\u00e0 l'expiration d'une dur\u00e9e d'un an.  \nJe vous informe que sous le silence gard\u00e9  de l'agence r\u00e9gionale de sant\u00e9 Provence-Alpes-C\u00f4te d'Azur un \nagr\u00e9ment d\u00e9finitif tacite vous est accord\u00e9 le  21/11/2025 pour exercer les activit\u00e9s \nophtalmologiques/orthoptiques au sein du centre de sant\u00e9 susmentionn\u00e9. \n \nL'agr\u00e9ment vaut autorisation de dispenser des soins aux assur\u00e9s sociaux dans le centre de sant\u00e9 et sera \nnotifi\u00e9 aupr\u00e8s de la Caisse Primaire d'Assurance Maladie du d\u00e9partement concern\u00e9.  \n \nToute modification substantielle du projet de sant\u00e9, notamment du r\u00e8glement de fonctionnement, ou des autres \n\u00e9l\u00e9ments mentionn\u00e9s \u00e0 l'article D.6323 -9-1 du code de la sant\u00e9 publique, le changement de l'organisme \ngestionnaire ou de son repr\u00e9sentant l\u00e9gal, la modification d'implantation g\u00e9ographique du centre ou de son ou \nses antennes lorsqu'elles existent, la fermeture d'une antenne, la modification qualitative ou quantitative du \nplateau technique, notamment l'installation d'un ou de plusieurs fauteuils dentaires suppl\u00e9mentaires, ainsi que \ntoute modification susceptible d'avoir une incidence sur la politique men\u00e9e par le centre de sant\u00e9 en mati\u00e8re \nde qualit\u00e9 et de s\u00e9curit\u00e9 des soins, est port\u00e9e \u00e0 la connaissance du directeur g\u00e9n\u00e9ral de l'agence r\u00e9gionale \nde sant\u00e9 au plus tard dans les quinze jours par tout moyen conf\u00e9rant date certaine \u00e0 sa r\u00e9ception. \n \nA d\u00e9faut, le centre de sant\u00e9 peut  s'exposer au prononc\u00e9 d'une amende administrative, en application des \narticles L.6323-1-12 (I) et D.6323-14 du code de la sant\u00e9 publique. \n \nL'ensemble des pi\u00e8ces mentionn\u00e9es aux articles L. 6323 -1-4, L. 6323 -1-11 et aux  articles D. 6323 -8 \u00e0 D. \n6323-9-1 ainsi que leur mise \u00e0 jour sont transmises sous format d\u00e9mat\u00e9rialis\u00e9 sur la \nplateforme \u00ab DEMARCHES SIMPLIFIEES \u00bb. \n \n \n \n \nAgence r\u00e9gionale de sant\u00e9 PACA - 83-2025-11-25-00015 - agr\u00e9ment tacite Acces Vision La Seyne 9\nOROSree\n \nAgence r\u00e9gionale de sant\u00e9 Provence -Alpes-C\u00f4te d'Azur - Direction d\u00e9partementale du Var - immeuble TOVA 2 - 177, boulevard du Docteur Charles Barnier  - \nCS 31302 - 83076 Toulon cedex \nT\u00e9l.: 04.13.55.80.10 / Fax: 04.13.55.80.40 \nhttps://www.paca.ars.sante.fr/  \n  \n \n \nL'agr\u00e9ment d\u00e9finitif peut \u00eatre retir\u00e9 lorsqu'il est constat\u00e9 un non-respect des r\u00e8gles applicables aux centres de \nsant\u00e9 dans le champ des activit\u00e9s concern\u00e9es ou des manquements compromettant la qualit\u00e9 ou la s\u00e9curit\u00e9 \ndes soins, apr\u00e8s notification \u00e0 l'organisme gestionnaire par le directeur g\u00e9n\u00e9ral de l'agence r\u00e9gionale de sant\u00e9 \net observations de l'organisme gestionnaire dans les conditions pr\u00e9vues au I de l'article L.6323 -1-12 du code \nde la sant\u00e9 publique.  \n \n \nJe vous prie de croire, Monsieur, en l'assurance de mes salutations les meilleures. \n \n \n \n \n \n \n \n \n \n \nToulon, le 25/11/2025 \nPour le Directeur g\u00e9n\u00e9ral de l'ARS PACA \nLe Directeur d\u00e9partemental du Var \n \n \n \n \n \n \nS\u00e9bastien Moni\u00e9 \n \n \n \nsign\u00e9\n \nAgence r\u00e9gionale de sant\u00e9 PACA - 83-2025-11-25-00015 - agr\u00e9ment tacite Acces Vision La Seyne 10\nAgence r\u00e9gionale de sant\u00e9 PACA\n83-2025-11-25-00016\nagr\u00e9ment tacite Clinadent Toulon\nAgence r\u00e9gionale de sant\u00e9 PACA - 83-2025-11-25-00016 - agr\u00e9ment tacite Clinadent Toulon 11\nEREPUBLIQUEFRAN\u00c7AISELibert\u00e9Egalit\u00e9Fraternit\u00e9\nAr@ DAgence R\u00e9gionale de Sant\u00e9Provence-AlpesC\u00f4te d'Azur\nAgence r\u00e9gionale de sant\u00e9 Provence-Alpes-C\u00f4te d'Azur - Direction d\u00e9partementale du Var - immeuble TOVA 2 - 177, boulevard du Docteur Charles Barnier  - \nCS 31302 - 83076 Toulon cedex \nT\u00e9l.: 04.13.55.80.10 / Fax: 04.13.55.80.40 \nhttps://www.paca.ars.sante.fr/  \n  \n \n \n \n \n \n \n \n \n \n \nLe Directeur G\u00e9n\u00e9ral  Toulon, le 25/11/2025 \nD\u00e9l\u00e9gation d\u00e9partementale du Var \nService soins de proximit\u00e9 \nAffaire suivie par : Marie-Laure Verdalle \nT\u00e9l : 04.13.55.89.52 \nars-paca-dd83-soins-proximite@ars.sante.fr \nR\u00e9f : DD83-1125-11643-D \nOctroi d'un agr\u00e9ment d\u00e9finitif tacite \n \n \n \nMonsieur, \n \nEn application de l'article L.6323-1-11 du code de la sant\u00e9 publique, un agr\u00e9ment provisoire pour exercer une \nactivit\u00e9 dentaire a \u00e9t\u00e9 accord\u00e9 le 15/11/2024 pour le centre de sant\u00e9 suivant : \n \n- Centre de sant\u00e9 Clinadent Toulon \n5 avenue St Roch 83200 Toulon \nNum\u00e9ro Finess : 83 002 583 9 \n \nConform\u00e9ment aux dispositions du m\u00eame article L.6323-1-11, en son paragraphe III, l'agr\u00e9ment provisoire ne \ndevient d\u00e9finitif qu'\u00e0 l'expiration d'une dur\u00e9e d'un an.  \nJe vous informe que sous le silence gard\u00e9  de l'agence r\u00e9gionale de sant\u00e9 Provence-Alpes-C\u00f4te d'Azur un \nagr\u00e9ment d\u00e9finitif tacite vous est accord\u00e9 le 15/11/2025 pour exercer les activit\u00e9s dentaires au sein du centre \nde sant\u00e9 susmentionn\u00e9. \n \nL'agr\u00e9ment vaut autorisation de dispenser des soins aux assur\u00e9s sociaux dans le centre de sant\u00e9 et sera \nnotifi\u00e9 aupr\u00e8s de la Caisse Primaire d'Assurance Maladie du d\u00e9partement concern\u00e9.  \n \nToute modification substantielle du projet de sant\u00e9, notamment du r\u00e8glement de fonctionnement, ou des autres \n\u00e9l\u00e9ments mentionn\u00e9s \u00e0 l'article D.6323 -9-1 du code de la sant\u00e9 publique, le changement de l'organisme \ngestionnaire ou de son repr\u00e9sentant l\u00e9gal, la modification d'implantation g\u00e9ographique du centre ou de son ou \nses antennes lorsqu'elles existent, la fermeture d'une antenne, la modification qualitative ou quantitative du \nplateau technique, notamment l'installation d'un ou de plusieurs fauteuils dentaires suppl\u00e9mentaires, ainsi que \ntoute modification susceptible d'avoir une incidence sur la politique men\u00e9e par le centre de sant\u00e9 en mati\u00e8re \nde qualit\u00e9 et de s\u00e9curit\u00e9 des soins, est port\u00e9e \u00e0 la connaissance du directeur g\u00e9n\u00e9ral de l'agence r\u00e9gionale \nde sant\u00e9 au plus tard dans les quinze jours par tout moyen conf\u00e9rant date certaine \u00e0 sa r\u00e9ception. \n \nA d\u00e9faut, le centre de sant\u00e9 peut  s'exposer au prononc\u00e9 d'une amende administrative, en application des \narticles L.6323-1-12 (I) et D.6323-14 du code de la sant\u00e9 publique. \n \nL'ensemble des pi\u00e8ces mentionn\u00e9es aux articles L. 6323 -1-4, L. 6323 -1-11 et aux  articles D. 6323 -8 \u00e0 D. \n6323-9-1 ainsi que leur mise \u00e0 jour sont transmises sous format d\u00e9mat\u00e9rialis\u00e9 sur la \nplateforme \u00ab DEMARCHES SIMPLIFIEES \u00bb. \n \n \n \n \nAgence r\u00e9gionale de sant\u00e9 PACA - 83-2025-11-25-00016 - agr\u00e9ment tacite Clinadent Toulon 12\nAgence r\u00e9gionale de sant\u00e9 Provence-Alpes-C\u00f4te d'Azur - Direction d\u00e9partementale du Var - immeuble TOVA 2 - 177, boulevard du Docteur Charles Barnier  - \nCS 31302 - 83076 Toulon cedex \nT\u00e9l.: 04.13.55.80.10 / Fax: 04.13.55.80.40 \nhttps://www.paca.ars.sante.fr/  \n  \n \n \nL'agr\u00e9ment d\u00e9finitif peut \u00eatre retir\u00e9 lorsqu'il est constat\u00e9 un non-respect des r\u00e8gles applicables aux centres de \nsant\u00e9 dans le champ des activit\u00e9s concern\u00e9es ou des manquements compromettant la qualit\u00e9 ou la s\u00e9curit\u00e9 \ndes soins, apr\u00e8s notification \u00e0 l'organisme gestionnaire par le directeur g\u00e9n\u00e9ral de l'agence r\u00e9gionale de sant\u00e9 \net observations de l'organisme gestionnaire dans les conditions pr\u00e9vues au I de l'article L.6323 -1-12 du code \nde la sant\u00e9 publique.  \n \n \nJe vous prie de croire, Monsieur, en l'assurance de mes salutations les meilleures. \n \n \n \n \n \n \n \n \n \n \n \nToulon, le 25/11/2025 \nPour le Directeur g\u00e9n\u00e9ral de l'ARS PACA \nLe Directeur d\u00e9partemental du Var \n \n \n \n \n \n \nS\u00e9bastien Moni\u00e9 \n \n \n \nsign\u00e9\n \nAgence r\u00e9gionale de sant\u00e9 PACA - 83-2025-11-25-00016 - agr\u00e9ment tacite Clinadent Toulon 13\nAgence r\u00e9gionale de sant\u00e9 PACA\n83-2025-11-25-00017\nagr\u00e9ment tacite Dentego Draguignan\nAgence r\u00e9gionale de sant\u00e9 PACA - 83-2025-11-25-00017 - agr\u00e9ment tacite Dentego Draguignan 14\nEREPUBLIQUEFRAN\u00c7AISELibert\u00e9Egalit\u00e9Fraternit\u00e9\nAr@ DAgence R\u00e9gionale de Sant\u00e9Provence-AlpesC\u00f4te d'Azur\nAgence r\u00e9gionale de sant\u00e9 Provence-Alpes-C\u00f4te d'Azur - Direction d\u00e9partementale du Var - immeuble TOVA 2 - 177, boulevard du Docteur Charles Barnier  - \nCS 31302 - 83076 Toulon cedex \nT\u00e9l.: 04.13.55.80.10 / Fax: 04.13.55.80.40 \nhttps://www.paca.ars.sante.fr/  \n  \n \n \n \n \n \n \n \n \n \n \nLe Directeur G\u00e9n\u00e9ral  Toulon, le 25/11/2025 \nD\u00e9l\u00e9gation d\u00e9partementale du Var \nService soins de proximit\u00e9 \nAffaire suivie par : Marie-Laure Verdalle \nT\u00e9l : 04.13.55.89.52 \nars-paca-dd83-soins-proximite@ars.sante.fr \nR\u00e9f : DD83-1125-11645-D \nOctroi d'un agr\u00e9ment d\u00e9finitif tacite \n \n \n \nMadame, \n \nEn application de l'article L.6323-1-11 du code de la sant\u00e9 publique, un agr\u00e9ment provisoire pour exercer une \nactivit\u00e9 dentaire a \u00e9t\u00e9 accord\u00e9 le 19/11/2024 pour le centre de sant\u00e9 suivant : \n \n- Centre de sant\u00e9 Dentego Draguignan \n16 rue Pierre Cl\u00e9ment 83300 Draguignan \nNum\u00e9ro Finess : 83 002 659 7 \n \nConform\u00e9ment aux dispositions du m\u00eame article L.6323-1-11, en son paragraphe III, l'agr\u00e9ment provisoire ne \ndevient d\u00e9finitif qu'\u00e0 l'expiration d'une dur\u00e9e d'un an.  \nJe vous informe que sous le silence gard\u00e9  de l'agence r\u00e9gionale de sant\u00e9 Provence-Alpes-C\u00f4te d'Azur un \nagr\u00e9ment d\u00e9finitif tacite vous est accord\u00e9 le 19/11/2025 pour exercer les activit\u00e9s dentaires au sein du centre \nde sant\u00e9 susmentionn\u00e9. \n \nL'agr\u00e9ment vaut autorisation de dispenser des soins aux assur\u00e9s sociaux dans le centre de sant\u00e9 et sera \nnotifi\u00e9 aupr\u00e8s de la Caisse Primaire d'Assurance Maladie du d\u00e9partement concern\u00e9.  \n \nToute modification substantielle du projet de sant\u00e9, notamment du r\u00e8glement de fonctionnement, ou des autres \n\u00e9l\u00e9ments mentionn\u00e9s \u00e0 l'article D.6323 -9-1 du code de la sant\u00e9 publique, le changement de l'organisme \ngestionnaire ou de son repr\u00e9sentant l\u00e9gal, la modification d'implantation g\u00e9ographique du centre ou de son ou \nses antennes lorsqu'elles existent, la fermeture d'une antenne, la modification qualitative ou quantitative du \nplateau technique, notamment l'installation d'un ou de plusieurs fauteuils dentaires suppl\u00e9mentaires, ainsi que \ntoute modification susceptible d'avoir une incidence sur la politique men\u00e9e par le centre de sant\u00e9 en mati\u00e8re \nde qualit\u00e9 et de s\u00e9curit\u00e9 des soins, est port\u00e9e \u00e0 la connaissance du directeur g\u00e9n\u00e9ral de l'agence r\u00e9gionale \nde sant\u00e9 au plus tard dans les quinze jours par tout moyen conf\u00e9rant date certaine \u00e0 sa r\u00e9ception. \n \nA d\u00e9faut, le centre de sant\u00e9 peut  s'exposer au prononc\u00e9 d'une amende administrative, en application des \narticles L.6323-1-12 (I) et D.6323-14 du code de la sant\u00e9 publique. \n \nL'ensemble des pi\u00e8ces mentionn\u00e9es aux articles L. 6323 -1-4, L. 6323 -1-11 et aux  articles D. 6323 -8 \u00e0 D. \n6323-9-1 ainsi que leur mise \u00e0 jour sont transmises sous format d\u00e9mat\u00e9rialis\u00e9 sur la \nplateforme \u00ab DEMARCHES SIMPLIFIEES \u00bb. \n \n \n \n \nAgence r\u00e9gionale de sant\u00e9 PACA - 83-2025-11-25-00017 - agr\u00e9ment tacite Dentego Draguignan 15\nAgence r\u00e9gionale de sant\u00e9 Provence-Alpes-C\u00f4te d'Azur - Direction d\u00e9partementale du Var - immeuble TOVA 2 - 177, boulevard du Docteur Charles Barnier  - \nCS 31302 - 83076 Toulon cedex \nT\u00e9l.: 04.13.55.80.10 / Fax: 04.13.55.80.40 \nhttps://www.paca.ars.sante.fr/  \n  \n \n \nL'agr\u00e9ment d\u00e9finitif peut \u00eatre retir\u00e9 lorsqu'il est constat\u00e9 un non-respect des r\u00e8gles applicables aux centres de \nsant\u00e9 dans le champ des activit\u00e9s concern\u00e9es ou des manquements compromettant la qualit\u00e9 ou la s\u00e9curit\u00e9 \ndes soins, apr\u00e8s notification \u00e0 l'organisme gestionnaire par le directeur g\u00e9n\u00e9ral de l'agence r\u00e9gionale de sant\u00e9 \net observations de l'organisme gestionnaire dans les conditions pr\u00e9vues au I de l'article L.6323 -1-12 du code \nde la sant\u00e9 publique.  \n \n \nJe vous prie de croire, Madame, en l'assurance de mes salutations les meilleures. \n \n \n \n \n \n \n \n \n \n \n \nToulon, le 25/11/2025 \nPour le Directeur g\u00e9n\u00e9ral de l'ARS PACA \nLe Directeur d\u00e9partemental du Var \n \n \n \n \n \n \nS\u00e9bastien Moni\u00e9 \n \n \nsign\u00e9\n \nAgence r\u00e9gionale de sant\u00e9 PACA - 83-2025-11-25-00017 - agr\u00e9ment tacite Dentego Draguignan 16\nAgence r\u00e9gionale de sant\u00e9 PACA\n83-2025-11-25-00018\nagr\u00e9ment tacite Dentego La Seyne sur mer\nAgence r\u00e9gionale de sant\u00e9 PACA - 83-2025-11-25-00018 - agr\u00e9ment tacite Dentego La Seyne sur mer 17\nEREPUBLIQUEFRAN\u00c7AISELibert\u00e9Egalit\u00e9Fraternit\u00e9\nAr@ DAgence R\u00e9gionale de Sant\u00e9Provence-AlpesC\u00f4te d'Azur\n \nAgence r\u00e9gionale de sant\u00e9 Provence -Alpes-C\u00f4te d'Azur - Direction d\u00e9partementale du Var - immeuble TOVA 2 - 177, boulevard du Docteur Charles Barnier  - \nCS 31302 - 83076 Toulon cedex \nT\u00e9l.: 04.13.55.80.10 / Fax: 04.13.55.80.40 \nhttps://www.paca.ars.sante.fr/  \n  \n \n \n \n \n \n \n \n \n \n \nLe Directeur G\u00e9n\u00e9ral  Toulon, le 25/11/2025 \nD\u00e9l\u00e9gation d\u00e9partementale du Var \nService soins de proximit\u00e9 \nAffaire suivie par : Marie-Laure Verdalle \nT\u00e9l : 04.13.55.89.52 \nars-paca-dd83-soins-proximite@ars.sante.fr \nR\u00e9f : DD83-1125-11596-D \nOctroi d'un agr\u00e9ment d\u00e9finitif tacite \n \n \n \nMadame, \n \nEn application de l'article L.6323-1-11 du code de la sant\u00e9 publique, un agr\u00e9ment provisoire pour exercer une \nactivit\u00e9 dentaire a \u00e9t\u00e9 accord\u00e9 le 16/10/2024 pour le centre de sant\u00e9 suivant : \n \n- Centre de sant\u00e9 dentaire La Seyne sur Mer \n223 all\u00e9e Maurice Blanc 83500 La Seyne sur Mer \nNum\u00e9ro Finess : 83 002 657 1 \n \nConform\u00e9ment aux dispositions du m\u00eame article L.6323-1-11, en son paragraphe III, l'agr\u00e9ment provisoire ne \ndevient d\u00e9finitif qu'\u00e0 l'expiration d'une dur\u00e9e d'un an.  \nJe vous informe que sous le silence gard\u00e9 de l'agence r\u00e9gionale de sant\u00e9 Provence-Alpes-C\u00f4te d'Azur un \nagr\u00e9ment d\u00e9finitif tacite vous est accord\u00e9 le 16/10/2025 pour exercer les activit\u00e9s dentaires au sein du centre \nde sant\u00e9 susmentionn\u00e9. \n \nL'agr\u00e9ment vaut autorisation de dispenser des soins aux assur\u00e9s sociaux dans le centre de sant\u00e9 et sera \nnotifi\u00e9 aupr\u00e8s de la Caisse Primaire d'Assurance Maladie du d\u00e9partement concern\u00e9.  \n \nToute modification substantielle du projet de sant\u00e9, notamment du r\u00e8glement de fonctionnement, ou des autres \n\u00e9l\u00e9ments mentionn\u00e9s \u00e0 l'article D.6323 -9-1 du code de la sant\u00e9 publique, le changement de l'organisme \ngestionnaire ou de son repr\u00e9sentant l\u00e9gal, la modification d'implantation g\u00e9ographique du centre ou de son ou \nses antennes lorsqu'elles existent, la fermeture d'une antenne, la modification qualitative ou quantitative du \nplateau technique, notamment l'installation d'un ou de plusieurs fauteuils dentaires suppl\u00e9mentaires, ainsi que \ntoute modification susceptible d'avoir une incidence sur la politique men\u00e9e par le centre de sant\u00e9 en mati\u00e8re \nde qualit\u00e9 et de s\u00e9curit\u00e9 des soins, est port\u00e9e \u00e0 la connaissance du directeur g\u00e9n\u00e9ral de l'agence r\u00e9gionale \nde sant\u00e9 au plus tard dans les quinze jours par tout moyen conf\u00e9rant date certaine \u00e0 sa r\u00e9ception. \n \nA d\u00e9faut, le centre de sant\u00e9 peut  s'exposer au prononc\u00e9 d'une amende administrative, en application des \narticles L.6323-1-12 (I) et D.6323-14 du code de la sant\u00e9 publique. \n \nL'ensemble des pi\u00e8ces mentionn\u00e9es aux articles L. 6323 -1-4, L. 6323 -1-11 et aux  articles D. 6323 -8 \u00e0 D. \n6323-9-1 ainsi que leur mise \u00e0 jour sont transmises sous format d\u00e9mat\u00e9rialis\u00e9 sur la \nplateforme \u00ab DEMARCHES SIMPLIFIEES \u00bb. \n \n \n \n \nAgence r\u00e9gionale de sant\u00e9 PACA - 83-2025-11-25-00018 - agr\u00e9ment tacite Dentego La Seyne sur mer 18\n \nAgence r\u00e9gionale de sant\u00e9 Provence -Alpes-C\u00f4te d'Azur - Direction d\u00e9partementale du Var - immeuble TOVA 2 - 177, boulevard du Docteur Charles Barnier  - \nCS 31302 - 83076 Toulon cedex \nT\u00e9l.: 04.13.55.80.10 / Fax: 04.13.55.80.40 \nhttps://www.paca.ars.sante.fr/  \n  \n \n \nL'agr\u00e9ment d\u00e9finitif peut \u00eatre retir\u00e9 lorsqu'il est constat\u00e9 un non-respect des r\u00e8gles applicables aux centres de \nsant\u00e9 dans le champ des activit\u00e9s concern\u00e9es ou des manquements compromettant la qualit\u00e9 ou la s\u00e9curit\u00e9 \ndes soins, apr\u00e8s notification \u00e0 l'organisme gestionnaire par le directeur g\u00e9n\u00e9ral de l'agence r\u00e9gionale de sant\u00e9 \net observations de l'organisme gestionnaire dans les conditions pr\u00e9vues au I de l'article L.6323 -1-12 du code \nde la sant\u00e9 publique.  \n \n \nJe vous prie de croire, Madame, en l'assurance de mes salutations les meilleures. \n \n \n \n \n \n \n \n \n \n \n \nToulon, le 25/11/2025 \nPour le Directeur g\u00e9n\u00e9ral de l'ARS PACA \nLe Directeur d\u00e9partemental du Var \n \n \n \n \n \n \nS\u00e9bastien Moni\u00e9 \n \n \n \nsign\u00e9\n \nAgence r\u00e9gionale de sant\u00e9 PACA - 83-2025-11-25-00018 - agr\u00e9ment tacite Dentego La Seyne sur mer 19\nAgence r\u00e9gionale de sant\u00e9 PACA\n83-2025-11-25-00019\nagr\u00e9ment tacite Dentego St Raphael\nAgence r\u00e9gionale de sant\u00e9 PACA - 83-2025-11-25-00019 - agr\u00e9ment tacite Dentego St Raphael 20\nEREPUBLIQUEFRAN\u00c7AISELibert\u00e9Egalit\u00e9Fraternit\u00e9\nOh0)\nAr@ DAgence R\u00e9gionale de Sant\u00e9Provence-AlpesC\u00f4te d'Azur\nAgence r\u00e9gionale de sant\u00e9 Provence-Alpes-C\u00f4te d'Azur - Direction d\u00e9partementale du Var - immeuble TOVA 2 - 177, boulevard du Docteur Charles Barnier  - \nCS 31302 - 83076 Toulon cedex \nT\u00e9l.: 04.13.55.80.10 / Fax: 04.13.55.80.40 \nhttps://www.paca.ars.sante.fr/  \n  \n \n \n \n \n \n \n \n \n \n \nLe Directeur G\u00e9n\u00e9ral  Toulon, le 25/11/2025 \nD\u00e9l\u00e9gation d\u00e9partementale du Var \nService soins de proximit\u00e9 \nAffaire suivie par : Marie-Laure Verdalle \nT\u00e9l : 04.13.55.89.52 \nars-paca-dd83-soins-proximite@ars.sante.fr \nR\u00e9f : DD83-1125-11685-D \nOctroi d'un agr\u00e9ment d\u00e9finitif tacite \n \n \n \nMonsieur, \n \nEn application de l'article L.6323-1-11 du code de la sant\u00e9 publique, un agr\u00e9ment provisoire pour exercer une \nactivit\u00e9 dentaire a \u00e9t\u00e9 accord\u00e9 le 21/11/2024 pour le centre de sant\u00e9 suivant : \n \n- Centre de sant\u00e9 Dentego Saint-Rapha\u00ebl \n131 boulevard G\u00e9n\u00e9ral de Gaulle 83700 Saint-Rapha\u00ebl \nNum\u00e9ro Finess : 83 002 463 4 \n \nConform\u00e9ment aux dispositions du m\u00eame article L.6323-1-11, en son paragraphe III, l'agr\u00e9ment provisoire ne \ndevient d\u00e9finitif qu'\u00e0 l'expiration d'une dur\u00e9e d'un an.  \nJe vous informe que sous le silence gard\u00e9 de l'agence r\u00e9gionale de sant\u00e9 Provence-Alpes-C\u00f4te d'Azur un \nagr\u00e9ment d\u00e9finitif tacite vous est accord\u00e9 le 21/11/2025 pour exercer les activit\u00e9s dentaires au sein du centre \nde sant\u00e9 susmentionn\u00e9. \n \nL'agr\u00e9ment vaut autorisation de dispenser des soins aux assur\u00e9s sociaux dans le centre de sant\u00e9 et sera \nnotifi\u00e9 aupr\u00e8s de la Caisse Primaire d'Assurance Maladie du d\u00e9partement concern\u00e9.  \n \nToute modification substantielle du projet de sant\u00e9, notamment du r\u00e8glement de fonctionnement, ou des autres \n\u00e9l\u00e9ments mentionn\u00e9s \u00e0 l'article D.6323 -9-1 du code de la sant\u00e9 publique, le changement de l'organisme \ngestionnaire ou de son repr\u00e9sentant l\u00e9gal, la modification d'implantation g\u00e9ographique du centre ou de son ou \nses antennes lorsqu'elles existent, la fermeture d'une antenne, la modification qualitative ou quantitative du \nplateau technique, notamment l'installation d'un ou de plusieurs fauteuils dentaires suppl\u00e9mentaires, ainsi que \ntoute modification susceptible d'avoir une incidence sur la politique men\u00e9e par le centre de sant\u00e9 en mati\u00e8re \nde qualit\u00e9 et de s\u00e9curit\u00e9 des soins, est port\u00e9e \u00e0 la connaissance du directeur g\u00e9n\u00e9ral de l'agence r\u00e9gionale \nde sant\u00e9 au plus tard dans les quinze jours par tout moyen conf\u00e9rant date certaine \u00e0 sa r\u00e9ception. \n \nA d\u00e9faut, le centre de sant\u00e9 peut  s'exposer au prononc\u00e9 d'une amende administrative, en application des \narticles L.6323-1-12 (I) et D.6323-14 du code de la sant\u00e9 publique. \n \nL'ensemble des pi\u00e8ces mentionn\u00e9es aux articles L. 6323 -1-4, L. 6323 -1-11 et aux  articles D. 6323 -8 \u00e0 D. \n6323-9-1 ainsi que leur mise \u00e0 jour sont transmises sous format d\u00e9mat\u00e9rialis\u00e9 sur la \nplateforme \u00ab DEMARCHES SIMPLIFIEES \u00bb. \n \n \n \n \nAgence r\u00e9gionale de sant\u00e9 PACA - 83-2025-11-25-00019 - agr\u00e9ment tacite Dentego St Raphael 21\n4-28]\nAgence r\u00e9gionale de sant\u00e9 Provence-Alpes-C\u00f4te d'Azur - Direction d\u00e9partementale du Var - immeuble TOVA 2 - 177, boulevard du Docteur Charles Barnier  - \nCS 31302 - 83076 Toulon cedex \nT\u00e9l.: 04.13.55.80.10 / Fax: 04.13.55.80.40 \nhttps://www.paca.ars.sante.fr/  \n  \n \n \nL'agr\u00e9ment d\u00e9finitif peut \u00eatre retir\u00e9 lorsqu'il est constat\u00e9 un non-respect des r\u00e8gles applicables aux centres de \nsant\u00e9 dans le champ des activit\u00e9s concern\u00e9es ou des manquements compromettant la qualit\u00e9 ou la s\u00e9curit\u00e9 \ndes soins, apr\u00e8s notification \u00e0 l'organisme gestionnaire par le directeur g\u00e9n\u00e9ral de l'agence r\u00e9gionale de sant\u00e9 \net observations de l'organisme gestionnaire dans les conditions pr\u00e9vues au I de l'article L.6323 -1-12 du code \nde la sant\u00e9 publique.  \n \n \nJe vous prie de croire, Monsieur, en l'assurance de mes salutations les meilleures. \n \n \n \n \n \n \n \n \n \nToulon, le 25/11/2025 \nPour le Directeur g\u00e9n\u00e9ral de l'ARS PACA \nLe Directeur d\u00e9partemental du Var \n \n \n \n \n \n \nS\u00e9bastien Moni\u00e9 \n \n \n \nsign\u00e9\n \nAgence r\u00e9gionale de sant\u00e9 PACA - 83-2025-11-25-00019 - agr\u00e9ment tacite Dentego St Raphael 22\nAgence r\u00e9gionale de sant\u00e9 PACA\n83-2025-11-25-00020\nagr\u00e9ment tacite Jean Jaures Hy\u00e8res\nAgence r\u00e9gionale de sant\u00e9 PACA - 83-2025-11-25-00020 - agr\u00e9ment tacite Jean Jaures Hy\u00e8res 23\nEREPUBLIQUEFRAN\u00c7AISELibert\u00e9Egalit\u00e9Fraternit\u00e9\nAr@ DAgence R\u00e9gionale de Sant\u00e9Provence-AlpesC\u00f4te d'Azur\nAgence r\u00e9gionale de sant\u00e9 Provence -Alpes-C\u00f4te d'Azur - Direction d\u00e9partementale du Var - immeuble TOVA 2 - 177, boulevard du Docteur Charles Barnier  - \nCS 31302 - 83076 Toulon cedex \nT\u00e9l.: 04.13.55.80.10 / Fax: 04.13.55.80.40 \nhttps://www.paca.ars.sante.fr/  \n  \n \n \n \n \n \n \n \n \n \n \nLe Directeur G\u00e9n\u00e9ral  Toulon, le 25/11/2025 \nD\u00e9l\u00e9gation d\u00e9partementale du Var \nService soins de proximit\u00e9 \nAffaire suivie par : Marie-Laure Verdalle \nT\u00e9l : 04.13.55.89.52 \nars-paca-dd83-soins-proximite@ars.sante.fr \nR\u00e9f : DD83-1125-11640-D \nOctroi d'un agr\u00e9ment d\u00e9finitif tacite \n \n \n \nMonsieur, \n \nEn application de l'article L.6323-1-11 du code de la sant\u00e9 publique, un agr\u00e9ment provisoire pour exercer une \nactivit\u00e9 ophtalmologique et orthoptique a \u00e9t\u00e9 accord\u00e9 le 15/11/2024 pour le centre de sant\u00e9 suivant : \n \n- Centre de sant\u00e9 Jean Jaur\u00e8s \n1 avenue Jean Jaur\u00e8s 83400 Hy\u00e8res \nNum\u00e9ro Finess : 83 002 652 2 \n \nConform\u00e9ment aux dispositions du m\u00eame article L.6323-1-11, en son paragraphe III, l'agr\u00e9ment provisoire ne \ndevient d\u00e9finitif qu'\u00e0 l'expiration d'une dur\u00e9e d'un an.  \nJe vous informe que sous le silence gard\u00e9 de l'agence r\u00e9gionale de sant\u00e9 Provence-Alpes-C\u00f4te d'Azur un \nagr\u00e9ment d\u00e9finitif tacite vous est accord\u00e9 le 15/11/2025 pour exercer les activit\u00e9s \nophtalmologiques/orthoptiques au sein du centre de sant\u00e9 susmentionn\u00e9. \n \nL'agr\u00e9ment vaut autorisation de dispenser des soins aux assur\u00e9s sociaux dans le centre de sant\u00e9 et sera \nnotifi\u00e9 aupr\u00e8s de la Caisse Primaire d'Assurance Maladie du d\u00e9partement concern\u00e9.  \n \nToute modification substantielle du projet de sant\u00e9, notamment du r\u00e8glement de fonctionnement, ou des autres \n\u00e9l\u00e9ments mentionn\u00e9s \u00e0 l'article D.6323 -9-1 du code de la sant\u00e9 publique, le changement de l'organisme \ngestionnaire ou de son repr\u00e9sentant l\u00e9gal, la modification d'implantation g\u00e9ographique du centre ou de son ou \nses antennes lorsqu'elles existent, la fermeture d'une antenne, la modification qualitative ou quantitative du \nplateau technique, notamment l'installation d'un ou de plusieurs fauteuils dentaires suppl\u00e9mentaires, ainsi que \ntoute modification susceptible d'avoir une incidence sur la politique men\u00e9e par le centre de sant\u00e9 en mati\u00e8re \nde qualit\u00e9 et de s\u00e9curit\u00e9 des soins, est port\u00e9e \u00e0 la connaissance du directeur g\u00e9n\u00e9ral de l'agence r\u00e9gionale \nde sant\u00e9 au plus tard dans les quinze jours par tout moyen conf\u00e9rant date certaine \u00e0 sa r\u00e9ception. \n \nA d\u00e9faut, le centre de sant\u00e9 peut  s'exposer au prononc\u00e9 d'une amende administrative, en application des \narticles L.6323-1-12 (I) et D.6323-14 du code de la sant\u00e9 publique. \n \nL'ensemble des pi\u00e8ces mentionn\u00e9es aux articles L. 6323 -1-4, L. 6323 -1-11 et aux  articles D. 6323 -8 \u00e0 D. \n6323-9-1 ainsi que leur mise \u00e0 jour sont transmises sous format d\u00e9mat\u00e9rialis\u00e9 sur la \nplateforme \u00ab DEMARCHES SIMPLIFIEES \u00bb. \n \n \n \n \nAgence r\u00e9gionale de sant\u00e9 PACA - 83-2025-11-25-00020 - agr\u00e9ment tacite Jean Jaures Hy\u00e8res 24\nAgence r\u00e9gionale de sant\u00e9 Provence -Alpes-C\u00f4te d'Azur - Direction d\u00e9partementale du Var - immeuble TOVA 2 - 177, boulevard du Docteur Charles Barnier  - \nCS 31302 - 83076 Toulon cedex \nT\u00e9l.: 04.13.55.80.10 / Fax: 04.13.55.80.40 \nhttps://www.paca.ars.sante.fr/  \n  \n \n \nL'agr\u00e9ment d\u00e9finitif peut \u00eatre retir\u00e9 lorsqu'il est constat\u00e9 un non-respect des r\u00e8gles applicables aux centres de \nsant\u00e9 dans le champ des activit\u00e9s concern\u00e9es ou des manquements compromettant la qualit\u00e9 ou la s\u00e9curit\u00e9 \ndes soins, apr\u00e8s notification \u00e0 l'organisme gestionnaire par le directeur g\u00e9n\u00e9ral de l'agence r\u00e9gionale de sant\u00e9 \net observations de l'organisme gestionnaire dans les conditions pr\u00e9vues au I de l'article L.6323 -1-12 du code \nde la sant\u00e9 publique.  \n \n \nJe vous prie de croire, Monsieur, en l'assurance de mes salutations les meilleures. \n \n \n \n \n \n \n \n \n \n \n \n \nToulon, le 25/11/2025 \nPour le Directeur g\u00e9n\u00e9ral de l'ARS PACA \nLe Directeur d\u00e9partemental du Var \n \n \n \n \n \n \nS\u00e9bastien Moni\u00e9 \n \n \n \nsign\u00e9\n \nAgence r\u00e9gionale de sant\u00e9 PACA - 83-2025-11-25-00020 - agr\u00e9ment tacite Jean Jaures Hy\u00e8res 25\nAgence r\u00e9gionale de sant\u00e9 PACA\n83-2025-11-25-00021\nagr\u00e9ment tacite Klarity Toulon\nAgence r\u00e9gionale de sant\u00e9 PACA - 83-2025-11-25-00021 - agr\u00e9ment tacite Klarity Toulon 26\nEREPUBLIQUEFRAN\u00c7AISELibert\u00e9Egalit\u00e9Fraternit\u00e9\nOhio)f=]\nAr@ D Agence R\u00e9gionale de Sant\u00e9Provence-AlpesC\u00f4te d'Azur\n \nAgence r\u00e9gionale de sant\u00e9 Provence-Alpes-C\u00f4te d'Azur - Direction d\u00e9partementale du Var - immeuble TOVA 2 - 177, boulevard du Docteur Charles Barnier  - \nCS 31302 - 83076 Toulon cedex \nT\u00e9l.: 04.13.55.80.10 / Fax: 04.13.55.80.40 \nhttps://www.paca.ars.sante.fr/  \n  \n \n \n \n \n \n \n \n \n \n \nLe Directeur G\u00e9n\u00e9ral  Toulon, le 25/11/2025 \nD\u00e9l\u00e9gation d\u00e9partementale du Var \nService soins de proximit\u00e9 \nAffaire suivie par : Marie-Laure Verdalle \nT\u00e9l : 04.13.55.89.52 \nars-paca-dd83-soins-proximite@ars.sante.fr \nR\u00e9f : DD83-1125-11588-D \nOctroi d'un agr\u00e9ment d\u00e9finitif tacite \n \n \n \nMadame, \n \nEn application de l'article L.6323-1-11 du code de la sant\u00e9 publique, un agr\u00e9ment provisoire pour exercer une \nactivit\u00e9 ophtalmologique et orthoptique.  a \u00e9t\u00e9 accord\u00e9 le 06/08/2024 pour le centre de sant\u00e9 suivant : \n \n- Centre de sant\u00e9 Klarity Toulon \n18 rue Henri Seillon 83000 Toulon \nNum\u00e9ro Finess : 83 002 740 5 \n \nConform\u00e9ment aux dispositions du m\u00eame article L.6323-1-11, en son paragraphe III, l'agr\u00e9ment provisoire ne \ndevient d\u00e9finitif qu'\u00e0 l'expiration d'une dur\u00e9e d'un an.  \nJe vous informe que sous le silence gard\u00e9 de l'agence r\u00e9gionale de sant\u00e9 Provence-Alpes-C\u00f4te d'Azur un \nagr\u00e9ment d\u00e9finitif tacite vous est accord\u00e9 le 06/08/2025 pour exercer les activit\u00e9s ophtalmologiques et \northoptiques au sein du centre de sant\u00e9 susmentionn\u00e9. \n \nL'agr\u00e9ment vaut autorisation de dispenser des soins aux assur\u00e9s sociaux dans le centre de sant\u00e9 et sera \nnotifi\u00e9 aupr\u00e8s de la Caisse Primaire d'Assurance Maladie du d\u00e9partement concern\u00e9.  \n \nToute modification substantielle du projet de sant\u00e9, notamment du r\u00e8glement de fonctionnement, ou des autres \n\u00e9l\u00e9ments mentionn\u00e9s \u00e0 l'article D.6323 -9-1 du code de la sant\u00e9 publique, le changement de l'organisme \ngestionnaire ou de son repr\u00e9sentant l\u00e9gal, la modification d'implantation g\u00e9ographique du centre ou de son ou \nses antennes lorsqu'elles existent, la fermeture d'une antenne, la modification qualitative ou quantitative du \nplateau technique, notamment l'installation d'un ou de plusieurs fauteuils dentaires suppl\u00e9mentaires, ainsi que \ntoute modification susceptible d'avoir une incidence sur la politique men\u00e9e par le centre de sant\u00e9 en mati\u00e8re \nde qualit\u00e9 et de s\u00e9curit\u00e9 des soins, est port\u00e9e \u00e0 la connaissance du directeur g\u00e9n\u00e9ral de l'agence r\u00e9gionale \nde sant\u00e9 au plus tard dans les quinze jours par tout moyen conf\u00e9rant date certaine \u00e0 sa r\u00e9ception. \n \nA d\u00e9faut, le centre de sant\u00e9 peut  s'exposer au prononc\u00e9 d'une amende administrative, en application des \narticles L.6323-1-12 (I) et D.6323-14 du code de la sant\u00e9 publique. \n \nL'ensemble des pi\u00e8ces mentionn\u00e9es aux articles L. 6323 -1-4, L. 6323 -1-11 et aux  articles D. 6323 -8 \u00e0 D. \n6323-9-1 ainsi que leur mise \u00e0 jour sont transmises sous format d\u00e9mat\u00e9rialis\u00e9 sur la \nplateforme \u00ab DEMARCHES SIMPLIFIEES \u00bb. \n \n \n \n \nAgence r\u00e9gionale de sant\u00e9 PACA - 83-2025-11-25-00021 - agr\u00e9ment tacite Klarity Toulon 27\nOhio)\n \nAgence r\u00e9gionale de sant\u00e9 Provence-Alpes-C\u00f4te d'Azur - Direction d\u00e9partementale du Var - immeuble TOVA 2 - 177, boulevard du Docteur Charles Barnier  - \nCS 31302 - 83076 Toulon cedex \nT\u00e9l.: 04.13.55.80.10 / Fax: 04.13.55.80.40 \nhttps://www.paca.ars.sante.fr/  \n  \n \n \nL'agr\u00e9ment d\u00e9finitif peut \u00eatre retir\u00e9 lorsqu'il est constat\u00e9 un non-respect des r\u00e8gles applicables aux centres de \nsant\u00e9 dans le champ des activit\u00e9s concern\u00e9es ou des manquements compromettant la qualit\u00e9 ou la s\u00e9curit\u00e9 \ndes soins, apr\u00e8s notification \u00e0 l'organisme gestionnaire par le directeur g\u00e9n\u00e9ral de l'agence r\u00e9gionale de sant\u00e9 \net observations de l'organisme gestionnaire dans les conditions pr\u00e9vues au I de l'article L.6323 -1-12 du code \nde la sant\u00e9 publique.  \n \n \nJe vous prie de croire, Madame, en l'assurance de mes salutations les meilleures. \n \n \n \n \n \n \n \n \n \n \n \n \nToulon, le 25/11/2025 \nPour le Directeur g\u00e9n\u00e9ral de l'ARS PACA \nLe Directeur d\u00e9partemental du Var \n \n \n \n \n \n \nS\u00e9bastien Moni\u00e9 \n \n \n \n \nsign\u00e9\n \nAgence r\u00e9gionale de sant\u00e9 PACA - 83-2025-11-25-00021 - agr\u00e9ment tacite Klarity Toulon 28\nAgence r\u00e9gionale de sant\u00e9 PACA\n83-2025-11-25-00022\nagr\u00e9ment tacite Les Lauriers Fr\u00e9jus\nAgence r\u00e9gionale de sant\u00e9 PACA - 83-2025-11-25-00022 - agr\u00e9ment tacite Les Lauriers Fr\u00e9jus 29\nEREPUBLIQUEFRAN\u00c7AISELibert\u00e9Egalit\u00e9Fraternit\u00e9\nAr@ DAgence R\u00e9gionale de Sant\u00e9Provence-AlpesC\u00f4te d'Azur\n \nAgence r\u00e9gionale de sant\u00e9 Provence -Alpes-C\u00f4te d'Azur - Direction d\u00e9partementale du Var - immeuble TOVA 2 - 177, boulevard du Docteur Charles Barnier  - \nCS 31302 - 83076 Toulon cedex \nT\u00e9l.: 04.13.55.80.10 / Fax: 04.13.55.80.40 \nhttps://www.paca.ars.sante.fr/  \n  \n \n \n \n \n \n \n \n \n \n \nLe Directeur G\u00e9n\u00e9ral  Toulon, le 25/11/2025 \nD\u00e9l\u00e9gation d\u00e9partementale du Var \nService soins de proximit\u00e9 \nAffaire suivie par : Marie-Laure Verdalle \nT\u00e9l : 04.13.55.89.52 \nars-paca-dd83-soins-proximite@ars.sante.fr \nR\u00e9f : DD83-1025-9946-D \nOctroi d'un agr\u00e9ment d\u00e9finitif tacite \n \n \n \nMonsieur, \n \nEn application de l'article L.6323-1-11 du code de la sant\u00e9 publique, un agr\u00e9ment provisoire pour exercer une \nactivit\u00e9 dentaire a \u00e9t\u00e9 accord\u00e9 le 09/10/2024 pour le centre de sant\u00e9 suivant : \n \n- Centre de sant\u00e9 dentaire Les Lauriers Fr\u00e9jus \n237 rue Jean Giono 83600 Fr\u00e9jus \nNum\u00e9ro Finess : 83 002 811 4 \n \nConform\u00e9ment aux dispositions du m\u00eame article L.6323-1-11, en son paragraphe III, l'agr\u00e9ment provisoire ne \ndevient d\u00e9finitif qu'\u00e0 l'expiration d'une dur\u00e9e d'un an.  \nJe vous informe que sous le silence gard\u00e9 de l'agence r\u00e9gionale de sant\u00e9 Provence-Alpes-C\u00f4te d'Azur un \nagr\u00e9ment d\u00e9finitif tacite vous est accord\u00e9 le 09/10/2025 pour exercer les activit\u00e9s dentaires au sein du centre \nde sant\u00e9 susmentionn\u00e9. \n \nL'agr\u00e9ment vaut autorisation de dispenser des soins aux assur\u00e9s sociaux dans le centre de sant\u00e9 et sera \nnotifi\u00e9 aupr\u00e8s de la Caisse Primaire d'Assurance Maladie du d\u00e9partement concern\u00e9.  \n \nToute modification substantielle du projet de sant\u00e9, notamment du r\u00e8glement de fonctionnement, ou des autres \n\u00e9l\u00e9ments mentionn\u00e9s \u00e0 l'article D.6323 -9-1 du code de la sant\u00e9 publique, le changement de l'organisme \ngestionnaire ou de son repr\u00e9sentant l\u00e9gal, la modification d'implantation g\u00e9ographique du centre ou de son ou \nses antennes lorsqu'elles existent, la fermeture d'une antenne, la modification qualitative ou quantitative du \nplateau technique, notamment l'installation d'un ou de plusieurs fauteuils dentaires suppl\u00e9mentaires, ainsi que \ntoute modification susceptible d'avoir une incidence sur la politique men\u00e9e par le centre de sant\u00e9 en mati\u00e8re \nde qualit\u00e9 et de s\u00e9curit\u00e9 des soins, est port\u00e9e \u00e0 la connaissance du directeur g\u00e9n\u00e9ral de l'agence r\u00e9gionale \nde sant\u00e9 au plus tard dans les quinze jours par tout moyen conf\u00e9rant date certaine \u00e0 sa r\u00e9ception. \n \nA d\u00e9faut, le centre de sant\u00e9 peut  s'exposer au prononc\u00e9 d'une amende administrative, en application des \narticles L.6323-1-12 (I) et D.6323-14 du code de la sant\u00e9 publique. \n \nL'ensemble des pi\u00e8ces mentionn\u00e9es aux articles L. 6323 -1-4, L. 6323 -1-11 et aux  articles D. 6323 -8 \u00e0 D. \n6323-9-1 ainsi que leur mise \u00e0 jour sont transmises sous format d\u00e9mat\u00e9rialis\u00e9 sur la \nplateforme \u00ab DEMARCHES SIMPLIFIEES \u00bb. \n \n \n \n \nAgence r\u00e9gionale de sant\u00e9 PACA - 83-2025-11-25-00022 - agr\u00e9ment tacite Les Lauriers Fr\u00e9jus 30\n \nAgence r\u00e9gionale de sant\u00e9 Provence -Alpes-C\u00f4te d'Azur - Direction d\u00e9partementale du Var - immeuble TOVA 2 - 177, boulevard du Docteur Charles Barnier  - \nCS 31302 - 83076 Toulon cedex \nT\u00e9l.: 04.13.55.80.10 / Fax: 04.13.55.80.40 \nhttps://www.paca.ars.sante.fr/  \n  \n \n \nL'agr\u00e9ment d\u00e9finitif peut \u00eatre retir\u00e9 lorsqu'il est constat\u00e9 un non-respect des r\u00e8gles applicables aux centres de \nsant\u00e9 dans le champ des activit\u00e9s concern\u00e9es ou des manquements compromettant la qualit\u00e9 ou la s\u00e9curit\u00e9 \ndes soins, apr\u00e8s notification \u00e0 l'organisme gestionnaire par le directeur g\u00e9n\u00e9ral de l'agence r\u00e9gionale de sant\u00e9 \net observations de l'organisme gestionnaire dans les conditions pr\u00e9vues au I de l'article L.6323 -1-12 du code \nde la sant\u00e9 publique.  \n \n \nJe vous prie de croire, Monsieur, en l'assurance de mes salutations les meilleures.  \n \n \n \n \n \n \n \n \n \n \n \n \nToulon, le 25/11/2025 \nPour le Directeur g\u00e9n\u00e9ral de l'ARS PACA \nLe Directeur d\u00e9partemental du Var \n \n \n \n \n \n \nS\u00e9bastien Moni\u00e9 \n \n \n \n \n \nsign\u00e9\n \nAgence r\u00e9gionale de sant\u00e9 PACA - 83-2025-11-25-00022 - agr\u00e9ment tacite Les Lauriers Fr\u00e9jus 31\nAgence r\u00e9gionale de sant\u00e9 PACA\n83-2025-11-25-00023\nagr\u00e9ment tacite Meinier Ste Maxime\nAgence r\u00e9gionale de sant\u00e9 PACA - 83-2025-11-25-00023 - agr\u00e9ment tacite Meinier Ste Maxime 32\nEREPUBLIQUEFRAN\u00c7AISELibert\u00e9Egalit\u00e9Fraternit\u00e9\nAr@ DAgence R\u00e9gionale de Sant\u00e9Provence-AlpesC\u00f4te d'Azur\n \nAgence r\u00e9gionale de sant\u00e9 Provence -Alpes-C\u00f4te d'Azur - Direction d\u00e9partementale du Var - immeuble TOVA 2 - 177, boulevard du Docteur Charles Barnier  - \nCS 31302 - 83076 Toulon cedex \nT\u00e9l.: 04.13.55.80.10 / Fax: 04.13.55.80.40 \nhttps://www.paca.ars.sante.fr/  \n  \n \n \n \n \n \n \n \n \n \n \nLe Directeur G\u00e9n\u00e9ral  Toulon, le 25/11/2025 \nD\u00e9l\u00e9gation d\u00e9partementale du Var \nService soins de proximit\u00e9 \nAffaire suivie par : Marie-Laure Verdalle \nT\u00e9l : 04.13.55.89.52 \nars-paca-dd83-soins-proximite@ars.sante.fr \nR\u00e9f : DD83-1125-11629-D \nOctroi d'un agr\u00e9ment d\u00e9finitif tacite \n \n \n \nMadame, \n \nEn application de l'article L.6323-1-11 du code de la sant\u00e9 publique, un agr\u00e9ment provisoire pour exercer une \nactivit\u00e9 dentaire a \u00e9t\u00e9 accord\u00e9 le 16/10/2024 pour le centre de sant\u00e9 suivant : \n \n- Centre de sant\u00e9 dentaire Sainte Meinier \n60 avenue Mathias 83120 Sainte Maxime \nNum\u00e9ro Finess : 83 002 644 9 \n \nConform\u00e9ment aux dispositions du m\u00eame article L.6323-1-11, en son paragraphe III, l'agr\u00e9ment provisoire ne \ndevient d\u00e9finitif qu'\u00e0 l'expiration d'une dur\u00e9e d'un an.  \nJe vous informe que sous le silence gard\u00e9  de l'agence r\u00e9gionale de sant\u00e9 Provence-Alpes-C\u00f4te d'Azur un \nagr\u00e9ment d\u00e9finitif tacite vous est accord\u00e9 le 16/10/2025 pour exercer les activit\u00e9s dentaires au sein du centre \nde sant\u00e9 susmentionn\u00e9. \n \nL'agr\u00e9ment vaut autorisation de dispenser des soins aux assur\u00e9s sociaux dans le centre de sant\u00e9 et sera \nnotifi\u00e9 aupr\u00e8s de la Caisse Primaire d'Assurance Maladie du d\u00e9partement concern\u00e9.  \n \nToute modification substantielle du projet de sant\u00e9, notamment du r\u00e8glement de fonctionnement, ou des autres \n\u00e9l\u00e9ments mentionn\u00e9s \u00e0 l'article D.6323 -9-1 du code de la sant\u00e9 publique, le changement de l'organisme \ngestionnaire ou de son repr\u00e9sentant l\u00e9gal, la modification d'implantation g\u00e9ographique du centre ou de son ou \nses antennes lorsqu'elles existent, la fermeture d'une antenne, la modification qualitative ou quantitative du \nplateau technique, notamment l'installation d'un ou de plusieurs fauteuils dentaires suppl\u00e9mentaires, ainsi que \ntoute modification susceptible d'avoir une incidence sur la politique men\u00e9e par le centre de sant\u00e9 en mati\u00e8re \nde qualit\u00e9 et de s\u00e9curit\u00e9 des soins, est port\u00e9e \u00e0 la connaissance du directeur g\u00e9n\u00e9ral de l'agence r\u00e9gionale \nde sant\u00e9 au plus tard dans les quinze jours par tout moyen conf\u00e9rant date certaine \u00e0 sa r\u00e9ception. \n \nA d\u00e9faut, le centre de sant\u00e9 peut  s'exposer au prononc\u00e9 d'une amende administrative, en application des \narticles L.6323-1-12 (I) et D.6323-14 du code de la sant\u00e9 publique. \n \nL'ensemble des pi\u00e8ces mentionn\u00e9es aux articles L. 6323 -1-4, L. 6323 -1-11 et aux  articles D. 6323 -8 \u00e0 D. \n6323-9-1 ainsi que leur mise \u00e0 jour sont transmises sous format d\u00e9mat\u00e9rialis\u00e9 sur la \nplateforme \u00ab DEMARCHES SIMPLIFIEES \u00bb. \n \n \n \n \nAgence r\u00e9gionale de sant\u00e9 PACA - 83-2025-11-25-00023 - agr\u00e9ment tacite Meinier Ste Maxime 33\n \nAgence r\u00e9gionale de sant\u00e9 Provence -Alpes-C\u00f4te d'Azur - Direction d\u00e9partementale du Var - immeuble TOVA 2 - 177, boulevard du Docteur Charles Barnier  - \nCS 31302 - 83076 Toulon cedex \nT\u00e9l.: 04.13.55.80.10 / Fax: 04.13.55.80.40 \nhttps://www.paca.ars.sante.fr/  \n  \n \n \nL'agr\u00e9ment d\u00e9finitif peut \u00eatre retir\u00e9 lorsqu'il est constat\u00e9 un non-respect des r\u00e8gles applicables aux centres de \nsant\u00e9 dans le champ des activit\u00e9s concern\u00e9es ou des manquements compromettant la qualit\u00e9 ou la s\u00e9curit\u00e9 \ndes soins, apr\u00e8s notification \u00e0 l'organisme gestionnaire par le directeur g\u00e9n\u00e9ral de l'agence r\u00e9gionale de sant\u00e9 \net observations de l'organisme gestionnaire dans les conditions pr\u00e9vues au I de l'article L.6323 -1-12 du code \nde la sant\u00e9 publique.  \n \n \nJe vous prie de croire, Madame, en l'assurance de mes salutations les meilleures. \n \n \n \n \n \n \n \n \n \n \n \nToulon, le 25/11/2025 \nPour le Directeur g\u00e9n\u00e9ral de l'ARS PACA \nLe Directeur d\u00e9partemental du Var \n \n \n \n \n \n \nS\u00e9bastien Moni\u00e9 \n \n \n \nsign\u00e9\n \nAgence r\u00e9gionale de sant\u00e9 PACA - 83-2025-11-25-00023 - agr\u00e9ment tacite Meinier Ste Maxime 34\nAgence r\u00e9gionale de sant\u00e9 PACA\n83-2025-11-25-00024\nagr\u00e9ment tacite Mutualit\u00e9 Fran\u00e7aise Brignoles\nAgence r\u00e9gionale de sant\u00e9 PACA - 83-2025-11-25-00024 - agr\u00e9ment tacite Mutualit\u00e9 Fran\u00e7aise Brignoles 35\nEREPUBLIQUEFRAN\u00c7AISELibert\u00e9Egalit\u00e9Fraternit\u00e9\nLis\nAr@ DAgence R\u00e9gionale de Sant\u00e9Provence-AlpesC\u00f4te d'Azur\n \nAgence r\u00e9gionale de sant\u00e9 Provence -Alpes-C\u00f4te d'Azur - Direction d\u00e9partementale du Var - immeuble TOVA 2 - 177, boulevard du Docteur Charles Barnier  - \nCS 31302 - 83076 Toulon cedex \nT\u00e9l.: 04.13.55.80.10 / Fax: 04.13.55.80.40 \nhttps://www.paca.ars.sante.fr/  \n  \n \n \n \n \n \n \n \n \n \n \nLe Directeur G\u00e9n\u00e9ral  Toulon, le 25/11/2025 \nD\u00e9l\u00e9gation d\u00e9partementale du Var \nService soins de proximit\u00e9 \nAffaire suivie par : Marie-Laure Verdalle \nT\u00e9l : 04.13.55.89.52 \nars-paca-dd83-soins-proximite@ars.sante.fr \nR\u00e9f : DD83-1025-9950-D \nOctroi d'un agr\u00e9ment d\u00e9finitif tacite \n \n \n \nMonsieur, \n \nEn application de l'article L.6323-1-11 du code de la sant\u00e9 publique, un agr\u00e9ment provisoire pour exercer une \nactivit\u00e9 dentaire a \u00e9t\u00e9 accord\u00e9 le 19/11/2024 pour le centre de sant\u00e9 suivant : \n \n- Centre de sant\u00e9 dentaire Mutualit\u00e9 Fran\u00e7aise PACA SSAM Brignoles \n101 avenue des Gueules Rouges 83170 Brignoles \nNum\u00e9ro Finess : 83 000 400 8 \n \nConform\u00e9ment aux dispositions du m\u00eame article L.6323-1-11, en son paragraphe III, l'agr\u00e9ment provisoire ne \ndevient d\u00e9finitif qu'\u00e0 l'expiration d'une dur\u00e9e d'un an.  \nJe vous informe que sous le silence gard\u00e9  de l'agence r\u00e9gionale de sant\u00e9 Provence-Alpes-C\u00f4te d'Azur un \nagr\u00e9ment d\u00e9finitif tacite vous est accord\u00e9 le 19/11/2025 pour exercer les activit\u00e9s dentaires au sein du centre \nde sant\u00e9 susmentionn\u00e9. \n \nL'agr\u00e9ment vaut autorisation de dispenser des soins aux assur\u00e9s sociaux dans le centre de sant\u00e9 et sera \nnotifi\u00e9 aupr\u00e8s de la Caisse Primaire d'Assurance Maladie du d\u00e9partement concern\u00e9.  \n \nToute modification substantielle du projet de sant\u00e9, notamment du r\u00e8glement de fonctionnement, ou des autres \n\u00e9l\u00e9ments mentionn\u00e9s \u00e0 l'article D.6323 -9-1 du code de la sant\u00e9 publique, le changement de l'organisme \ngestionnaire ou de son repr\u00e9sentant l\u00e9gal, la modification d'implantation g\u00e9ographique du centre ou de son ou \nses antennes lorsqu'elles existent, la fermeture d'une antenne, la modification qualitative ou quantitative du \nplateau technique, notamment l'installation d'un ou de plusieurs fauteuils dentaires suppl\u00e9mentaires, ainsi que \ntoute modification susceptible d'avoir une incidence sur la politique men\u00e9e par le centre de sant\u00e9 en mati\u00e8re \nde qualit\u00e9 et de s\u00e9curit\u00e9 des soins, est port\u00e9e \u00e0 la connaissance du directeur g\u00e9n\u00e9ral de l'agence r\u00e9gionale \nde sant\u00e9 au plus tard dans les quinze jours par tout moyen conf\u00e9rant date certaine \u00e0 sa r\u00e9ception. \n \nA d\u00e9faut, le centre de sant\u00e9 peut  s'exposer au prononc\u00e9 d'une amende administrative, en application des \narticles L.6323-1-12 (I) et D.6323-14 du code de la sant\u00e9 publique. \n \nL'ensemble des pi\u00e8ces mentionn\u00e9es aux articles L. 6323 -1-4, L. 6323 -1-11 et aux  articles D. 6323 -8 \u00e0 D. \n6323-9-1 ainsi que leur mise \u00e0 jour sont transmises sous format d\u00e9mat\u00e9rialis\u00e9 sur la \nplateforme \u00ab DEMARCHES SIMPLIFIEES \u00bb. \n \n \n \n \nAgence r\u00e9gionale de sant\u00e9 PACA - 83-2025-11-25-00024 - agr\u00e9ment tacite Mutualit\u00e9 Fran\u00e7aise Brignoles 36\n \nAgence r\u00e9gionale de sant\u00e9 Provence -Alpes-C\u00f4te d'Azur - Direction d\u00e9partementale du Var - immeuble TOVA 2 - 177, boulevard du Docteur Charles Barnier  - \nCS 31302 - 83076 Toulon cedex \nT\u00e9l.: 04.13.55.80.10 / Fax: 04.13.55.80.40 \nhttps://www.paca.ars.sante.fr/  \n  \n \n \nL'agr\u00e9ment d\u00e9finitif peut \u00eatre retir\u00e9 lorsqu'il est constat\u00e9 un non-respect des r\u00e8gles applicables aux centres de \nsant\u00e9 dans le champ des activit\u00e9s concern\u00e9es ou des manquements compromettant la qualit\u00e9 ou la s\u00e9curit\u00e9 \ndes soins, apr\u00e8s notification \u00e0 l'organisme gestionnaire par le directeur g\u00e9n\u00e9ral de l'agence r\u00e9gionale de sant\u00e9 \net observations de l'organisme gestionnaire dans les conditions pr\u00e9vues au I de l'article L.6323 -1-12 du code \nde la sant\u00e9 publique.  \n \n \nJe vous prie de croire, Monsieur, en l'assurance de mes salutations les meilleures.  \n \n \n \n \n \n \n \n \n \n \n \nToulon, le 25/11/2025 \nPour le Directeur g\u00e9n\u00e9ral de l'ARS PACA \nLe Directeur d\u00e9partemental du Var \n \n \n \n \n \n \nS\u00e9bastien Moni\u00e9 \n \n \n \n \n \nsign\u00e9\n \nAgence r\u00e9gionale de sant\u00e9 PACA - 83-2025-11-25-00024 - agr\u00e9ment tacite Mutualit\u00e9 Fran\u00e7aise Brignoles 37\nAgence r\u00e9gionale de sant\u00e9 PACA\n83-2025-11-25-00025\nagr\u00e9ment tacite Mutualit\u00e9 Fran\u00e7aise Draguignan\nAgence r\u00e9gionale de sant\u00e9 PACA - 83-2025-11-25-00025 - agr\u00e9ment tacite Mutualit\u00e9 Fran\u00e7aise Draguignan 38\nEREPUBLIQUEFRAN\u00c7AISELibert\u00e9Egalit\u00e9Fraternit\u00e9\nAr@ DAgence R\u00e9gionale de Sant\u00e9Provence-AlpesC\u00f4te d'Azur\n \nAgence r\u00e9gionale de sant\u00e9 Provence -Alpes-C\u00f4te d'Azur - Direction d\u00e9partementale du Var - immeuble TOVA 2 - 177, boulevard du Docteur Charles Barnier  - \nCS 31302 - 83076 Toulon cedex \nT\u00e9l.: 04.13.55.80.10 / Fax: 04.13.55.80.40 \nhttps://www.paca.ars.sante.fr/  \n  \n \n \n \n \n \n \n \n \n \n \nLe Directeur G\u00e9n\u00e9ral  Toulon, le 25/11/2025 \nD\u00e9l\u00e9gation d\u00e9partementale du Var \nService soins de proximit\u00e9 \nAffaire suivie par : Marie-Laure Verdalle \nT\u00e9l : 04.13.55.89.52 \nars-paca-dd83-soins-proximite@ars.sante.fr \nR\u00e9f : DD83-1025-9961-D \nOctroi d'un agr\u00e9ment d\u00e9finitif tacite \n \n \n \nMonsieur, \n \nEn application de l'article L.6323-1-11 du code de la sant\u00e9 publique, un agr\u00e9ment provisoire pour exercer une \nactivit\u00e9 dentaire a \u00e9t\u00e9 accord\u00e9 le 19/11/2024 pour le centre de sant\u00e9 suivant : \n \n- Centre de sant\u00e9 dentaire Mutualit\u00e9 Fran\u00e7aise PACA SSAM Draguignan  \n206 rue Emile Zola 83330 Draguignan \nNum\u00e9ro Finess : 83 002 116 8  \n \nConform\u00e9ment aux dispositions du m\u00eame article L.6323-1-11, en son paragraphe III, l'agr\u00e9ment provisoire ne \ndevient d\u00e9finitif qu'\u00e0 l'expiration d'une dur\u00e9e d'un an.  \nJe vous informe que sous le silence gard\u00e9  de l'agence r\u00e9gionale de sant\u00e9 Provence-Alpes-C\u00f4te d'Azur un \nagr\u00e9ment d\u00e9finitif tacite vous est accord\u00e9 le 19/11/2025 pour exercer les activit\u00e9s dentaires au sein du centre \nde sant\u00e9 susmentionn\u00e9. \n \nL'agr\u00e9ment vaut autorisation de dispenser des soins aux assur\u00e9s sociaux dans le centre de sant\u00e9 et sera \nnotifi\u00e9 aupr\u00e8s de la Caisse Primaire d'Assurance Maladie du d\u00e9partement concern\u00e9.  \n \nToute modification substantielle du projet de sant\u00e9, notamment du r\u00e8glement de fonctionnement, ou des autres \n\u00e9l\u00e9ments mentionn\u00e9s \u00e0 l'article D.6323 -9-1 du code de la sant\u00e9 publique, le changement de l'organisme \ngestionnaire ou de son repr\u00e9sentant l\u00e9gal, la modification d'implantation g\u00e9ographique du centre ou de son ou \nses antennes lorsqu'elles existent, la fermeture d'une antenne, la modification qualitative ou quantitative du \nplateau technique, notamment l'installation d'un ou de plusieurs fauteuils dentaires suppl\u00e9mentaires, ainsi que \ntoute modification susceptible d'avoir une incidence sur la politique men\u00e9e par le centre de sant\u00e9 en mati\u00e8re \nde qualit\u00e9 et de s\u00e9curit\u00e9 des soins, est port\u00e9e \u00e0 la connaissance du directeur g\u00e9n\u00e9ral de l'agence r\u00e9gionale \nde sant\u00e9 au plus tard dans les quinze jours par tout moyen conf\u00e9rant date certaine \u00e0 sa r\u00e9ception. \n \nA d\u00e9faut, le centre de sant\u00e9 peut  s'exposer au prononc\u00e9 d'une amende administrative, en application des \narticles L.6323-1-12 (I) et D.6323-14 du code de la sant\u00e9 publique. \n \nL'ensemble des pi\u00e8ces mentionn\u00e9es aux articles L. 6323 -1-4, L. 6323 -1-11 et aux  articles D. 6323 -8 \u00e0 D. \n6323-9-1 ainsi que leur mise \u00e0 jour sont transmises sous format d\u00e9mat\u00e9rialis\u00e9 sur la \nplateforme \u00ab DEMARCHES SIMPLIFIEES \u00bb. \n \n \n \n \nAgence r\u00e9gionale de sant\u00e9 PACA - 83-2025-11-25-00025 - agr\u00e9ment tacite Mutualit\u00e9 Fran\u00e7aise Draguignan 39\n \nAgence r\u00e9gionale de sant\u00e9 Provence -Alpes-C\u00f4te d'Azur - Direction d\u00e9partementale du Var - immeuble TOVA 2 - 177, boulevard du Docteur Charles Barnier  - \nCS 31302 - 83076 Toulon cedex \nT\u00e9l.: 04.13.55.80.10 / Fax: 04.13.55.80.40 \nhttps://www.paca.ars.sante.fr/  \n  \n \n \nL'agr\u00e9ment d\u00e9finitif peut \u00eatre retir\u00e9 lorsqu'il est constat\u00e9 un non-respect des r\u00e8gles applicables aux centres de \nsant\u00e9 dans le champ des activit\u00e9s concern\u00e9es ou des manquements compromettant la qualit\u00e9 ou la s\u00e9curit\u00e9 \ndes soins, apr\u00e8s notification \u00e0 l'organisme gestionnaire par le directeur g\u00e9n\u00e9ral de l'agence r\u00e9gionale de sant\u00e9 \net observations de l'organisme gestionnaire dans les conditions pr\u00e9vues au I de l'article L.6323 -1-12 du code \nde la sant\u00e9 publique.  \n \n \nJe vous prie de croire, Monsieur, en l'assurance de mes salutations les meilleures.  \n \n \n \n \n \n \n \n \n \n \n \nToulon, le 25/11/2025 \nPour le Directeur g\u00e9n\u00e9ral de l'ARS PACA \nLe Directeur d\u00e9partemental du Var \n \n \n \n \n \n \nS\u00e9bastien Moni\u00e9 \n \n \n \n \nsign\u00e9\n \nAgence r\u00e9gionale de sant\u00e9 PACA - 83-2025-11-25-00025 - agr\u00e9ment tacite Mutualit\u00e9 Fran\u00e7aise Draguignan 40\nAgence r\u00e9gionale de sant\u00e9 PACA\n83-2025-11-25-00026\nagr\u00e9ment tacite Mutualit\u00e9 Fran\u00e7aise Hy\u00e8res\nAgence r\u00e9gionale de sant\u00e9 PACA - 83-2025-11-25-00026 - agr\u00e9ment tacite Mutualit\u00e9 Fran\u00e7aise Hy\u00e8res 41\nEREPUBLIQUEFRAN\u00c7AISELibert\u00e9Egalit\u00e9Fraternit\u00e9\nAr@ DAgence R\u00e9gionale de Sant\u00e9Provence-AlpesC\u00f4te d'Azur\n \nAgence r\u00e9gionale de sant\u00e9 Provence -Alpes-C\u00f4te d'Azur - Direction d\u00e9partementale du Var - immeuble TOVA 2 - 177, boulevard du Docteur Charles Barnier  - \nCS 31302 - 83076 Toulon cedex \nT\u00e9l.: 04.13.55.80.10 / Fax: 04.13.55.80.40 \nhttps://www.paca.ars.sante.fr/  \n  \n \n \n \n \n \n \n \n \n \n \nLe Directeur G\u00e9n\u00e9ral  Toulon, le 25/11/2025 \nD\u00e9l\u00e9gation d\u00e9partementale du Var \nService soins de proximit\u00e9 \nAffaire suivie par : Marie-Laure Verdalle \nT\u00e9l : 04.13.55.89.52 \nars-paca-dd83-soins-proximite@ars.sante.fr \nR\u00e9f : DD83-1025-9968-D \nOctroi d'un agr\u00e9ment d\u00e9finitif tacite \n \n \n \nMonsieur, \n \nEn application de l'article L.6323-1-11 du code de la sant\u00e9 publique, un agr\u00e9ment provisoire pour exercer une \nactivit\u00e9 dentaire a \u00e9t\u00e9 accord\u00e9 le 19/11/2024 pour le centre de sant\u00e9 suivant : \n \n- Centre de sant\u00e9 dentaire Mutualit\u00e9 Fran\u00e7aise PACA SSAM Hy\u00e8res \n18 boulevard de Belgique 83400 Hy\u00e8res \nNum\u00e9ro Finess : 83 002 440 2 \n \nConform\u00e9ment aux dispositions du m\u00eame article L.6323-1-11, en son paragraphe III, l'agr\u00e9ment provisoire ne \ndevient d\u00e9finitif qu'\u00e0 l'expiration d'une dur\u00e9e d'un an.  \nJe vous informe que sous le silence gard\u00e9  de l'agence r\u00e9gionale de sant\u00e9 Provence-Alpes-C\u00f4te d'Azur un \nagr\u00e9ment d\u00e9finitif tacite vous est accord\u00e9 le 19/11/2025 pour exercer les activit\u00e9s dentaires au sein du centre \nde sant\u00e9 susmentionn\u00e9. \n \nL'agr\u00e9ment vaut autorisation de dispenser des soins aux assur\u00e9s sociaux dans le centre de sant\u00e9 et sera \nnotifi\u00e9 aupr\u00e8s de la Caisse Primaire d'Assurance Maladie du d\u00e9partement concern\u00e9.  \n \nToute modification substantielle du projet de sant\u00e9, notamment du r\u00e8glement de fonctionnement, ou des autres \n\u00e9l\u00e9ments mentionn\u00e9s \u00e0 l'article D.6323 -9-1 du code de la sant\u00e9 publique, le changement de l'organisme \ngestionnaire ou de son repr\u00e9sentant l\u00e9gal, la modification d'implantation g\u00e9ographique du centre ou de son ou \nses antennes lorsqu'elles existent, la fermeture d'une antenne, la modification qualitative ou quantitative du \nplateau technique, notamment l'installation d'un ou de plusieurs fauteuils dentaires suppl\u00e9mentaires, ainsi que \ntoute modification susceptible d'avoir une incidence sur la politique men\u00e9e par le centre de sant\u00e9 en mati\u00e8re \nde qualit\u00e9 et de s\u00e9curit\u00e9 des soins, est port\u00e9e \u00e0 la connaissance du directeur g\u00e9n\u00e9ral de l'agence r\u00e9gionale \nde sant\u00e9 au plus tard dans les quinze jours par tout moyen conf\u00e9rant date certaine \u00e0 sa r\u00e9ception. \n \nA d\u00e9faut, le centre de sant\u00e9 peut  s'exposer au prononc\u00e9 d'une amende administrative, en application des \narticles L.6323-1-12 (I) et D.6323-14 du code de la sant\u00e9 publique. \n \nL'ensemble des pi\u00e8ces mentionn\u00e9es aux articles L. 6323 -1-4, L. 6323 -1-11 et aux  articles D. 6323 -8 \u00e0 D. \n6323-9-1 ainsi que leur mise \u00e0 jour sont transmises sous format d\u00e9mat\u00e9rialis\u00e9 sur la \nplateforme \u00ab DEMARCHES SIMPLIFIEES \u00bb. \n \n \n \n \nAgence r\u00e9gionale de sant\u00e9 PACA - 83-2025-11-25-00026 - agr\u00e9ment tacite Mutualit\u00e9 Fran\u00e7aise Hy\u00e8res 42\n[a]1waORO\n \nAgence r\u00e9gionale de sant\u00e9 Provence -Alpes-C\u00f4te d'Azur - Direction d\u00e9partementale du Var - immeuble TOVA 2 - 177, boulevard du Docteur Charles Barnier  - \nCS 31302 - 83076 Toulon cedex \nT\u00e9l.: 04.13.55.80.10 / Fax: 04.13.55.80.40 \nhttps://www.paca.ars.sante.fr/  \n  \n \n \nL'agr\u00e9ment d\u00e9finitif peut \u00eatre retir\u00e9 lorsqu'il est constat\u00e9 un non-respect des r\u00e8gles applicables aux centres de \nsant\u00e9 dans le champ des activit\u00e9s concern\u00e9es ou des manquements compromettant la qualit\u00e9 ou la s\u00e9curit\u00e9 \ndes soins, apr\u00e8s notification \u00e0 l'organisme gestionnaire par le directeur g\u00e9n\u00e9ral de l'agence r\u00e9gionale de sant\u00e9 \net observations de l'organisme gestionnaire dans les conditions pr\u00e9vues au I de l'article L.6323 -1-12 du code \nde la sant\u00e9 publique.  \n \n \nJe vous prie de croire, Monsieur, en l'assurance de mes salutations les meilleures.  \n \n \n \n \n \n \n \n \n \n \nToulon, le 25/11/2025 \nPour le Directeur g\u00e9n\u00e9ral de l'ARS PACA \nLe Directeur d\u00e9partemental du Var \n \n \n \n \n \n \nS\u00e9bastien Moni\u00e9 \n \n \n \n \nsign\u00e9\n \nAgence r\u00e9gionale de sant\u00e9 PACA - 83-2025-11-25-00026 - agr\u00e9ment tacite Mutualit\u00e9 Fran\u00e7aise Hy\u00e8res 43\nAgence r\u00e9gionale de sant\u00e9 PACA\n83-2025-11-25-00028\nagr\u00e9ment tacite Mutualit\u00e9 Fran\u00e7aise Tourrettes\nAgence r\u00e9gionale de sant\u00e9 PACA - 83-2025-11-25-00028 - agr\u00e9ment tacite Mutualit\u00e9 Fran\u00e7aise Tourrettes 44\nEREPUBLIQUEFRAN\u00c7AISELibert\u00e9Egalit\u00e9Fraternit\u00e9\nDE[els\nAr@ D Agence R\u00e9gionale de Sant\u00e9Provence-AlpesC\u00f4te d'Azur\n \nAgence r\u00e9gionale de sant\u00e9 Provence -Alpes-C\u00f4te d'Azur - Direction d\u00e9partementale du Var - immeuble TOVA 2 - 177, boulevard du Docteur Charles Barnier  - \nCS 31302 - 83076 Toulon cedex \nT\u00e9l.: 04.13.55.80.10 / Fax: 04.13.55.80.40 \nhttps://www.paca.ars.sante.fr/  \n  \n \n \n \n \n \n \n \n \n \n \nLe Directeur G\u00e9n\u00e9ral  Toulon, le 25/11/2025 \nD\u00e9l\u00e9gation d\u00e9partementale du Var \nService soins de proximit\u00e9 \nAffaire suivie par : Marie-Laure Verdalle \nT\u00e9l : 04.13.55.89.52 \nars-paca-dd83-soins-proximite@ars.sante.fr \nR\u00e9f : DD83-1025-9941-D \nOctroi d'un agr\u00e9ment d\u00e9finitif tacite \n \n \n \nMonsieur, \n \nEn application de l'article L.6323-1-11 du code de la sant\u00e9 publique, un agr\u00e9ment provisoire pour exercer une \nactivit\u00e9 dentaire a \u00e9t\u00e9 accord\u00e9 le 19/11/2024 pour le centre de sant\u00e9 suivant : \n \n- Centre de sant\u00e9 dentaire Mutualit\u00e9 Fran\u00e7aise PACA SSAM Tourrettes \nQuartier Tassy-RD 19, 83440 Tourrettes \nNum\u00e9ro Finess : 83 002 056 6 \n \nConform\u00e9ment aux dispositions du m\u00eame article L.6323-1-11, en son paragraphe III, l'agr\u00e9ment provisoire ne \ndevient d\u00e9finitif qu'\u00e0 l'expiration d'une dur\u00e9e d'un an.  \nJe vous informe que sous le silence gard\u00e9  de l'agence r\u00e9gionale de sant\u00e9 Provence-Alpes-C\u00f4te d'Azur un \nagr\u00e9ment d\u00e9finitif tacite vous est accord\u00e9 le 19/11/2025 pour exercer les activit\u00e9s dentaires au sein du centre \nde sant\u00e9 susmentionn\u00e9. \n \nL'agr\u00e9ment vaut autorisation de dispenser des soins aux assur\u00e9s sociaux dans le centre de sant\u00e9 et sera \nnotifi\u00e9 aupr\u00e8s de la Caisse Primaire d'Assurance Maladie du d\u00e9partement concern\u00e9.  \n \nToute modification substantielle du projet de sant\u00e9, notamment du r\u00e8glement de fonctionnement, ou des autres \n\u00e9l\u00e9ments mentionn\u00e9s \u00e0 l'article D.6323 -9-1 du code de la sant\u00e9 publique, le changement de l'organisme \ngestionnaire ou de son repr\u00e9sentant l\u00e9gal, la modification d'implantation g\u00e9ographique du centre ou de son ou \nses antennes lorsqu'elles existent, la fermeture d'une antenne, la modification qualitative ou quantitative du \nplateau technique, notamment l'installation d'un ou de plusieurs fauteuils dentaires suppl\u00e9mentaires, ainsi que \ntoute modification susceptible d'avoir une incidence sur la politique men\u00e9e par le centre de sant\u00e9 en mati\u00e8re \nde qualit\u00e9 et de s\u00e9curit\u00e9 des soins, est port\u00e9e \u00e0 la connaissance du directeur g\u00e9n\u00e9ral de l'agence r\u00e9gionale \nde sant\u00e9 au plus tard dans les quinze jours par tout moyen conf\u00e9rant date certaine \u00e0 sa r\u00e9ception. \n \nA d\u00e9faut, le centre de sant\u00e9 peut  s'exposer au prononc\u00e9 d'une amende administrative, en application des \narticles L.6323-1-12 (I) et D.6323-14 du code de la sant\u00e9 publique. \n \nL'ensemble des pi\u00e8ces mentionn\u00e9es aux articles L. 6323 -1-4, L. 6323 -1-11 et aux  articles D. 6323 -8 \u00e0 D. \n6323-9-1 ainsi que leur mise \u00e0 jour sont transmises sous format d\u00e9mat\u00e9rialis\u00e9 sur la \nplateforme \u00ab DEMARCHES SIMPLIFIEES \u00bb. \n \n \n \n \nAgence r\u00e9gionale de sant\u00e9 PACA - 83-2025-11-25-00028 - agr\u00e9ment tacite Mutualit\u00e9 Fran\u00e7aise Tourrettes 45\nDE[els\n \nAgence r\u00e9gionale de sant\u00e9 Provence -Alpes-C\u00f4te d'Azur - Direction d\u00e9partementale du Var - immeuble TOVA 2 - 177, boulevard du Docteur Charles Barnier  - \nCS 31302 - 83076 Toulon cedex \nT\u00e9l.: 04.13.55.80.10 / Fax: 04.13.55.80.40 \nhttps://www.paca.ars.sante.fr/  \n  \n \n \nL'agr\u00e9ment d\u00e9finitif peut \u00eatre retir\u00e9 lorsqu'il est constat\u00e9 un non-respect des r\u00e8gles applicables aux centres de \nsant\u00e9 dans le champ des activit\u00e9s concern\u00e9es ou des manquements compromettant la qualit\u00e9 ou la s\u00e9curit\u00e9 \ndes soins, apr\u00e8s notification \u00e0 l'organisme gestionnaire par le directeur g\u00e9n\u00e9ral de l'agence r\u00e9gionale de sant\u00e9 \net observations de l'organisme gestionnaire dans les conditions pr\u00e9vues au I de l'article L.6323 -1-12 du code \nde la sant\u00e9 publique.  \n \n \nJe vous prie de croire, Monsieur, en l'assurance de mes salutations les meilleures.  \n \n \n \n \n \n \n \n \n \n \n \nToulon, le 25/11/2025 \nPour le Directeur g\u00e9n\u00e9ral de l'ARS PACA \nLe Directeur d\u00e9partemental du Var \n \n \n \n \n \n \nS\u00e9bastien Moni\u00e9 \n \n \n \n \n \nsign\u00e9\n \nAgence r\u00e9gionale de sant\u00e9 PACA - 83-2025-11-25-00028 - agr\u00e9ment tacite Mutualit\u00e9 Fran\u00e7aise Tourrettes 46\nAgence r\u00e9gionale de sant\u00e9 PACA\n83-2025-11-25-00029\nagr\u00e9ment tacite Mutuelles de France Le Luc\nAgence r\u00e9gionale de sant\u00e9 PACA - 83-2025-11-25-00029 - agr\u00e9ment tacite Mutuelles de France Le Luc 47\nEREPUBLIQUEFRAN\u00c7AISELibert\u00e9Egalit\u00e9Fraternit\u00e9\nAr@ DAgence R\u00e9gionale de Sant\u00e9Provence-AlpesC\u00f4te d'Azur\nAgence r\u00e9gionale de sant\u00e9 Provence-Alpes-C\u00f4te d'Azur - Direction d\u00e9partementale du Var - immeuble TOVA 2 - 177, boulevard du Docteur Charles Barnier  - \nCS 31302 - 83076 Toulon cedex \nT\u00e9l.: 04.13.55.80.10 / Fax: 04.13.55.80.40 \nhttps://www.paca.ars.sante.fr/  \n  \n \n \n \n \n \n \n \n \n \n \nLe Directeur G\u00e9n\u00e9ral  Toulon, le 25/11/2025 \nD\u00e9l\u00e9gation d\u00e9partementale du Var \nService soins de proximit\u00e9 \nAffaire suivie par : Marie-Laure Verdalle \nT\u00e9l : 04.13.55.89.52 \nars-paca-dd83-soins-proximite@ars.sante.fr \nR\u00e9f : DD83-1125-11686-D \nOctroi d'un agr\u00e9ment d\u00e9finitif tacite \n \n \n \nMadame, \n \nEn application de l'article L.6323-1-11 du code de la sant\u00e9 publique, un agr\u00e9ment provisoire pour exercer une \nactivit\u00e9 dentaire a \u00e9t\u00e9 accord\u00e9 le 21/11/2024 pour le centre de sant\u00e9 suivant : \n \n- Centre de sant\u00e9 Mutuelles de France du Var \n38 bis rue Lamartine 83340 Le Luc \nNum\u00e9ro Finess : 83 020 811 2 \n \nConform\u00e9ment aux dispositions du m\u00eame article L.6323-1-11, en son paragraphe III, l'agr\u00e9ment provisoire ne \ndevient d\u00e9finitif qu'\u00e0 l'expiration d'une dur\u00e9e d'un an.  \nJe vous informe que sous le silence gard\u00e9  de l'agence r\u00e9gionale de sant\u00e9 Provence-Alpes-C\u00f4te d'Azur un \nagr\u00e9ment d\u00e9finitif tacite vous est accord\u00e9 le 21/11/2025 pour exercer les activit\u00e9s dentaires au sein du centre \nde sant\u00e9 susmentionn\u00e9. \n \nL'agr\u00e9ment vaut autorisation de dispenser des soins aux assur\u00e9s sociaux dans le centre de sant\u00e9 et sera \nnotifi\u00e9 aupr\u00e8s de la Caisse Primaire d'Assurance Maladie du d\u00e9partement concern\u00e9.  \n \nToute modification substantielle du projet de sant\u00e9, notamment du r\u00e8glement de fonctionnement, ou des autres \n\u00e9l\u00e9ments mentionn\u00e9s \u00e0 l'article D.6323 -9-1 du code de la sant\u00e9 publique, le changement de l'organisme \ngestionnaire ou de son repr\u00e9sentant l\u00e9gal, la modification d'implantation g\u00e9ographique du centre ou de son ou \nses antennes lorsqu'elles existent, la fermeture d'une antenne, la modification qualitative ou quantitative du \nplateau technique, notamment l'installation d'un ou de plusieurs fauteuils dentaires suppl\u00e9mentaires, ainsi que \ntoute modification susceptible d'avoir une incidence sur la politique men\u00e9e par le centre de sant\u00e9 en mati\u00e8re \nde qualit\u00e9 et de s\u00e9curit\u00e9 des soins, est port\u00e9e \u00e0 la connaissance du directeur g\u00e9n\u00e9ral de l'agence r\u00e9gionale \nde sant\u00e9 au plus tard dans les quinze jours par tout moyen conf\u00e9rant date certaine \u00e0 sa r\u00e9ception. \n \nA d\u00e9faut, le centre de sant\u00e9 peut  s'exposer au prononc\u00e9 d'une amende administrative, en application des \narticles L.6323-1-12 (I) et D.6323-14 du code de la sant\u00e9 publique. \n \nL'ensemble des pi\u00e8ces mentionn\u00e9es aux articles L. 6323 -1-4, L. 6323 -1-11 et aux  articles D. 6323 -8 \u00e0 D. \n6323-9-1 ainsi que leur mise \u00e0 jour sont transmises sous format d\u00e9mat\u00e9rialis\u00e9 sur la \nplateforme \u00ab DEMARCHES SIMPLIFIEES \u00bb. \n \n \n \n \nAgence r\u00e9gionale de sant\u00e9 PACA - 83-2025-11-25-00029 - agr\u00e9ment tacite Mutuelles de France Le Luc 48\nAgence r\u00e9gionale de sant\u00e9 Provence-Alpes-C\u00f4te d'Azur - Direction d\u00e9partementale du Var - immeuble TOVA 2 - 177, boulevard du Docteur Charles Barnier  - \nCS 31302 - 83076 Toulon cedex \nT\u00e9l.: 04.13.55.80.10 / Fax: 04.13.55.80.40 \nhttps://www.paca.ars.sante.fr/  \n  \n \n \nL'agr\u00e9ment d\u00e9finitif peut \u00eatre retir\u00e9 lorsqu'il est constat\u00e9 un non-respect des r\u00e8gles applicables aux centres de \nsant\u00e9 dans le champ des activit\u00e9s concern\u00e9es ou des manquements compromettant la qualit\u00e9 ou la s\u00e9curit\u00e9 \ndes soins, apr\u00e8s notification \u00e0 l'organisme gestionnaire par le directeur g\u00e9n\u00e9ral de l'agence r\u00e9gionale de sant\u00e9 \net observations de l'organisme gestionnaire dans les conditions pr\u00e9vues au I de l'article L.6323 -1-12 du code \nde la sant\u00e9 publique.  \n \n \nJe vous prie de croire, Madame, en l'assurance de mes salutations les meilleures. \n \n \n \n \n \n \n \n \n \n \n \nToulon, le 25/11/2025 \nPour le Directeur g\u00e9n\u00e9ral de l'ARS PACA \nLe Directeur d\u00e9partemental du Var \n \n \n \n \n \n \nS\u00e9bastien Moni\u00e9 \n \n \n \nsign\u00e9\n \nAgence r\u00e9gionale de sant\u00e9 PACA - 83-2025-11-25-00029 - agr\u00e9ment tacite Mutuelles de France Le Luc 49\nAgence r\u00e9gionale de sant\u00e9 PACA\n83-2025-11-25-00030\nagr\u00e9ment tacite Mutuelles de france Ollioules\nAgence r\u00e9gionale de sant\u00e9 PACA - 83-2025-11-25-00030 - agr\u00e9ment tacite Mutuelles de france Ollioules 50\nEREPUBLIQUEFRAN\u00c7AISELibert\u00e9Egalit\u00e9Fraternit\u00e9\ngai\nAr@ D Agence R\u00e9gionale de Sant\u00e9Provence-AlpesC\u00f4te d'Azur\nAgence r\u00e9gionale de sant\u00e9 Provence-Alpes-C\u00f4te d'Azur - Direction d\u00e9partementale du Var - immeuble TOVA 2 - 177, boulevard du Docteur Charles Barnier  - \nCS 31302 - 83076 Toulon cedex \nT\u00e9l.: 04.13.55.80.10 / Fax: 04.13.55.80.40 \nhttps://www.paca.ars.sante.fr/  \n   \n \n \n \n \n \n \n \n \n \n \nLe Directeur G\u00e9n\u00e9ral  Toulon, le 25/11/2025 \nD\u00e9l\u00e9gation d\u00e9partementale du Var \nService soins de proximit\u00e9 \nAffaire suivie par : Marie-Laure Verdalle \nT\u00e9l : 04.13.55.89.52 \nars-paca-dd83-soins-proximite@ars.sante.fr \nR\u00e9f : DD83-1125-11687-D \nOctroi d'un agr\u00e9ment d\u00e9finitif tacite \n \n \n \nMadame, \n \nEn application de l'article L.6323-1-11 du code de la sant\u00e9 publique, un agr\u00e9ment provisoire pour exercer une \nactivit\u00e9 dentaire a \u00e9t\u00e9 accord\u00e9 le 21/11/2024 pour le centre de sant\u00e9 suivant : \n \n- Centre de sant\u00e9 Mutuelles de France du Var \n203 chemin de Faveyrolles 83190 Ollioules \nNum\u00e9ro Finess : 83 001 032 8 \n \nConform\u00e9ment aux dispositions du m\u00eame article L.6323-1-11, en son paragraphe III, l'agr\u00e9ment provisoire ne \ndevient d\u00e9finitif qu'\u00e0 l'expiration d'une dur\u00e9e d'un an.  \nJe vous informe que sous le silence gard\u00e9 de l'agence r\u00e9gionale de sant\u00e9 Provence-Alpes-C\u00f4te d'Azur un \nagr\u00e9ment d\u00e9finitif tacite vous est accord\u00e9 le 21/11/2025 pour exercer les activit\u00e9s dentaires au sein du centre \nde sant\u00e9 susmentionn\u00e9. \n \nL'agr\u00e9ment vaut autorisation de dispenser des soins aux assur\u00e9s sociaux dans le centre de sant\u00e9 et sera \nnotifi\u00e9 aupr\u00e8s de la Caisse Primaire d'Assurance Maladie du d\u00e9partement concern\u00e9.  \n \nToute modification substantielle du projet de sant\u00e9, notamment du r\u00e8glement de fonctionnement, ou des autres \n\u00e9l\u00e9ments mentionn\u00e9s \u00e0 l'article D.6323 -9-1 du code de la sant\u00e9 publique, le changement de l'organisme \ngestionnaire ou de son repr\u00e9sentant l\u00e9gal, la modification d'implantation g\u00e9ographique du centre ou de son ou \nses antennes lorsqu'elles existent, la fermeture d'une antenne, la modification qualitative ou quantitative du \nplateau technique, notamment l'installation d'un ou de plusieurs fauteuils dentaires suppl\u00e9mentaires, ainsi que \ntoute modification susceptible d'avoir une incidence sur la politique men\u00e9e par le centre de sant\u00e9 en mati\u00e8re \nde qualit\u00e9 et de s\u00e9curit\u00e9 des soins, est port\u00e9e \u00e0 la connaissance du directeur g\u00e9n\u00e9ral de l'agence r\u00e9gionale \nde sant\u00e9 au plus tard dans les quinze jours par tout moyen conf\u00e9rant date certaine \u00e0 sa r\u00e9ception. \n \nA d\u00e9faut, le centre de sant\u00e9 peut  s'exposer au prononc\u00e9 d'une amende administrative, en application des \narticles L.6323-1-12 (I) et D.6323-14 du code de la sant\u00e9 publique. \n \nL'ensemble des pi\u00e8ces mentionn\u00e9es aux articles L. 6323 -1-4, L. 6323 -1-11 et aux  articles D. 6323 -8 \u00e0 D. \n6323-9-1 ainsi que leur mise \u00e0 jour sont transmises sous format d\u00e9mat\u00e9rialis\u00e9 sur la \nplateforme \u00ab DEMARCHES SIMPLIFIEES \u00bb. \n \n \n \n \nAgence r\u00e9gionale de sant\u00e9 PACA - 83-2025-11-25-00030 - agr\u00e9ment tacite Mutuelles de france Ollioules 51\nAgence r\u00e9gionale de sant\u00e9 Provence-Alpes-C\u00f4te d'Azur - Direction d\u00e9partementale du Var - immeuble TOVA 2 - 177, boulevard du Docteur Charles Barnier  - \nCS 31302 - 83076 Toulon cedex \nT\u00e9l.: 04.13.55.80.10 / Fax: 04.13.55.80.40 \nhttps://www.paca.ars.sante.fr/  \n   \n \n \nL'agr\u00e9ment d\u00e9finitif peut \u00eatre retir\u00e9 lorsqu'il est constat\u00e9 un non-respect des r\u00e8gles applicables aux centres de \nsant\u00e9 dans le champ des activit\u00e9s concern\u00e9es ou des manquements compromettant la qualit\u00e9 ou la s\u00e9curit\u00e9 \ndes soins, apr\u00e8s notification \u00e0 l'organisme gestionnaire par le directeur g\u00e9n\u00e9ral de l'agence r\u00e9gionale de sant\u00e9 \net observations de l'organisme gestionnaire dans les conditions pr\u00e9vues au I de l'article L.6323 -1-12 du code \nde la sant\u00e9 publique.  \n \n \nJe vous prie de croire, Madame, en l'assurance de mes salutations les meilleures. \n \n \n \n \n \n \n \n \n \n \nToulon, le 25/11/2025 \nPour le Directeur g\u00e9n\u00e9ral de l'ARS PACA \nLe Directeur d\u00e9partemental du Var \n \n \n \n \n \n \nS\u00e9bastien Moni\u00e9 \n \n \n \nsign\u00e9\n \nAgence r\u00e9gionale de sant\u00e9 PACA - 83-2025-11-25-00030 - agr\u00e9ment tacite Mutuelles de france Ollioules 52\nAgence r\u00e9gionale de sant\u00e9 PACA\n83-2025-11-25-00031\nagr\u00e9ment tacite Mutuelles de france Toulon\nAgence r\u00e9gionale de sant\u00e9 PACA - 83-2025-11-25-00031 - agr\u00e9ment tacite Mutuelles de france Toulon 53\nEREPUBLIQUEFRAN\u00c7AISELibert\u00e9Egalit\u00e9Fraternit\u00e9\nAr@ DAgence R\u00e9gionale de Sant\u00e9Provence-AlpesC\u00f4te d'Azur\nAgence r\u00e9gionale de sant\u00e9 Provence -Alpes-C\u00f4te d'Azur - Direction d\u00e9partementale du Var - immeuble TOVA 2 - 177, boulevard du Docteur Charles Barnier  - \nCS 31302 - 83076 Toulon cedex \nT\u00e9l.: 04.13.55.80.10 / Fax: 04.13.55.80.40 \nhttps://www.paca.ars.sante.fr/  \n  \n \n \n \n \n \n \n \n \n \n \nLe Directeur G\u00e9n\u00e9ral  Toulon, le 25/11/2025 \nD\u00e9l\u00e9gation d\u00e9partementale du Var \nService soins de proximit\u00e9 \nAffaire suivie par : Marie-Laure Verdalle \nT\u00e9l : 04.13.55.89.52 \nars-paca-dd83-soins-proximite@ars.sante.fr \nR\u00e9f : DD83-1125-11684-D \nOctroi d'un agr\u00e9ment d\u00e9finitif tacite \n \n \n \nMadame, \n \nEn application de l'article L.6323-1-11 du code de la sant\u00e9 publique, un agr\u00e9ment provisoire pour exercer une \nactivit\u00e9 dentaire a \u00e9t\u00e9 accord\u00e9 le 21/11/2024 pour le centre de sant\u00e9 suivant : \n \n- Centre de sant\u00e9 Mutuelles de France Toulon \n38 avenue Philippe Lebon-31 avenue Marcel Casti\u00e9 83000 Toulon \nNum\u00e9ro Finess : 83 021 446 6 \n \nConform\u00e9ment aux dispositions du m\u00eame article L.6323-1-11, en son paragraphe III, l'agr\u00e9ment provisoire ne \ndevient d\u00e9finitif qu'\u00e0 l'expiration d'une dur\u00e9e d'un an.  \nJe vous informe que sous le silence gard\u00e9  de l'agence r\u00e9gionale de sant\u00e9 Provence-Alpes-C\u00f4te d'Azur un \nagr\u00e9ment d\u00e9finitif tacite vous est accord\u00e9 le 21/11/2025 pour exercer les activit\u00e9s dentaires au sein du centre \nde sant\u00e9 susmentionn\u00e9. \n \nL'agr\u00e9ment vaut autorisation de dispenser des soins aux assur\u00e9s sociaux dans le centre de sant\u00e9 et sera \nnotifi\u00e9 aupr\u00e8s de la Caisse Primaire d'Assurance Maladie du d\u00e9partement concern\u00e9.  \n \nToute modification substantielle du projet de sant\u00e9, notamment du r\u00e8glement de fonctionnement, ou des autres \n\u00e9l\u00e9ments mentionn\u00e9s \u00e0 l'article D.6323 -9-1 du code de la sant\u00e9 publique, le changement de l'organisme \ngestionnaire ou de son repr\u00e9sentant l\u00e9gal, la modification d'implantation g\u00e9ographique du centre ou de son ou \nses antennes lorsqu'elles existent, la fermeture d'une antenne, la modification qualitative ou quantitative du \nplateau technique, notamment l'installation d'un ou de plusieurs fauteuils dentaires suppl\u00e9mentaires, ainsi que \ntoute modification susceptible d'avoir une incidence sur la politique men\u00e9e par le centre de sant\u00e9 en mati\u00e8re \nde qualit\u00e9 et de s\u00e9curit\u00e9 des soins, est port\u00e9e \u00e0 la connaissance du directeur g\u00e9n\u00e9ral de l'agence r\u00e9gionale \nde sant\u00e9 au plus tard dans les quinze jours par tout moyen conf\u00e9rant date certaine \u00e0 sa r\u00e9ception. \n \nA d\u00e9faut, le centre de sant\u00e9 peut  s'exposer au prononc\u00e9 d'une amende administrative, en application des \narticles L.6323-1-12 (I) et D.6323-14 du code de la sant\u00e9 publique. \n \nL'ensemble des pi\u00e8ces mentionn\u00e9es aux articles L. 6323 -1-4, L. 6323 -1-11 et aux  articles D. 6323 -8 \u00e0 D. \n6323-9-1 ainsi que leur mise \u00e0 jour sont transmises sous format d\u00e9mat\u00e9rialis\u00e9 sur la \nplateforme \u00ab DEMARCHES SIMPLIFIEES \u00bb. \n \n \n \n \nAgence r\u00e9gionale de sant\u00e9 PACA - 83-2025-11-25-00031 - agr\u00e9ment tacite Mutuelles de france Toulon 54\nAgence r\u00e9gionale de sant\u00e9 Provence -Alpes-C\u00f4te d'Azur - Direction d\u00e9partementale du Var - immeuble TOVA 2 - 177, boulevard du Docteur Charles Barnier  - \nCS 31302 - 83076 Toulon cedex \nT\u00e9l.: 04.13.55.80.10 / Fax: 04.13.55.80.40 \nhttps://www.paca.ars.sante.fr/  \n  \n \n \nL'agr\u00e9ment d\u00e9finitif peut \u00eatre retir\u00e9 lorsqu'il est constat\u00e9 un non-respect des r\u00e8gles applicables aux centres de \nsant\u00e9 dans le champ des activit\u00e9s concern\u00e9es ou des manquements compromettant la qualit\u00e9 ou la s\u00e9curit\u00e9 \ndes soins, apr\u00e8s notification \u00e0 l'organisme gestionnaire par le directeur g\u00e9n\u00e9ral de l'agence r\u00e9gionale de sant\u00e9 \net observations de l'organisme gestionnaire dans les conditions pr\u00e9vues au I de l'article L.6323 -1-12 du code \nde la sant\u00e9 publique.  \n \n \nJe vous prie de croire, Madame, en l'assurance de mes salutations les meilleures. \n \n \n \n \n \nToulon, le 25/11/2025 \nPour le Directeur g\u00e9n\u00e9ral de l'ARS PACA \nLe Directeur d\u00e9partemental du Var \n \n \n \n \n \n \nS\u00e9bastien Moni\u00e9 \n \nsign\u00e9\n \nAgence r\u00e9gionale de sant\u00e9 PACA - 83-2025-11-25-00031 - agr\u00e9ment tacite Mutuelles de france Toulon 55\nAgence r\u00e9gionale de sant\u00e9 PACA\n83-2025-11-25-00032\nagr\u00e9ment tacite Vertuo Draguignan\nAgence r\u00e9gionale de sant\u00e9 PACA - 83-2025-11-25-00032 - agr\u00e9ment tacite Vertuo Draguignan 56\nEREPUBLIQUEFRAN\u00c7AISELibert\u00e9Egalit\u00e9Fraternit\u00e9\nAr@ DAgence R\u00e9gionale de Sant\u00e9Provence-AlpesC\u00f4te d'Azur\n \nAgence r\u00e9gionale de sant\u00e9 Provence -Alpes-C\u00f4te d'Azur - Direction d\u00e9partementale du Var - immeuble TOVA 2 - 177, boulevard du Docteur Charles Barnier  - \nCS 31302 - 83076 Toulon cedex \nT\u00e9l.: 04.13.55.80.10 / Fax: 04.13.55.80.40 \nhttps://www.paca.ars.sante.fr/  \n  \n \n \n \n \n \n \n \n \n \n \nLe Directeur G\u00e9n\u00e9ral  Toulon, le 25/11/2025  \nD\u00e9l\u00e9gation d\u00e9partementale du Var \nService soins de proximit\u00e9 \nAffaire suivie par : Marie-Laure Verdalle \nT\u00e9l : 04.13.55.89.52 \nars-paca-dd83-soins-proximite@ars.sante.fr \nR\u00e9f : DD83-1025-9972-D \nOctroi d'un agr\u00e9ment d\u00e9finitif tacite \n \n \n \nMonsieur, \n \nEn application de l'article L.6323-1-11 du code de la sant\u00e9 publique, un agr\u00e9ment provisoire pour exercer une \nactivit\u00e9 dentaire a \u00e9t\u00e9 accord\u00e9 le 08/08/2024 pour le centre de sant\u00e9 suivant : \n \n- Centre de sant\u00e9 dentaire Vertuo Draguignan \nCentre Commercial Carrefour Draguignan, zone industrielle, Saint Hermentaire 83300 Draguignan \nNum\u00e9ro Finess : 83 002 614 2 \n \nConform\u00e9ment aux dispositions du m\u00eame article L.6323-1-11, en son paragraphe III, l'agr\u00e9ment provisoire ne \ndevient d\u00e9finitif qu'\u00e0 l'expiration d'une dur\u00e9e d'un an.  \nJe vous informe que sous le silence gard\u00e9  de l'agence r\u00e9gionale de sant\u00e9 Provence-Alpes-C\u00f4te d'Azur un \nagr\u00e9ment d\u00e9finitif tacite vous est accord\u00e9 le 08/08/2025 pour exercer les activit\u00e9s dentaires au sein du centre \nde sant\u00e9 susmentionn\u00e9. \n \nL'agr\u00e9ment vaut autorisation de dispenser des soins aux assur\u00e9s sociaux dans le centre de sant\u00e9 et sera \nnotifi\u00e9 aupr\u00e8s de la Caisse Primaire d'Assurance Maladie du d\u00e9partement concern\u00e9.  \n \nToute modification substantielle du projet de sant\u00e9, notamment du r\u00e8glement de fonctionnement, ou des autres \n\u00e9l\u00e9ments mentionn\u00e9s \u00e0 l'article D.6323 -9-1 du code de la sant\u00e9 publique, le changement de l'organisme \ngestionnaire ou de son repr\u00e9sentant l\u00e9gal, la modification d'implantation g\u00e9ographique du centre ou de son ou \nses antennes lorsqu'elles existent, la fermeture d'une antenne, la modification qualitative ou quantitative du \nplateau technique, notamment l'installation d'un ou de plusieurs fauteuils dentaires suppl\u00e9mentaires, ainsi que \ntoute modification susceptible d'avoir une incidence sur la politique men\u00e9e par le centre de sant\u00e9 en mati\u00e8re \nde qualit\u00e9 et de s\u00e9curit\u00e9 des soins, est port\u00e9e \u00e0 la connaissance du directeur g\u00e9n\u00e9ral de l'agence r\u00e9gionale \nde sant\u00e9 au plus tard dans les quinze jours par tout moyen conf\u00e9rant date certaine \u00e0 sa r\u00e9ception. \n \nA d\u00e9faut, le centre de sant\u00e9 peut  s'exposer au prononc\u00e9 d'une amende administrative, en application des \narticles L.6323-1-12 (I) et D.6323-14 du code de la sant\u00e9 publique. \n \nL'ensemble des pi\u00e8ces mentionn\u00e9es aux articles L. 6323 -1-4, L. 6323 -1-11 et aux  articles D. 6323 -8 \u00e0 D. \n6323-9-1 ainsi que leur mise \u00e0 jour sont transmises sous format d\u00e9mat\u00e9rialis\u00e9 sur la \nplateforme \u00ab DEMARCHES SIMPLIFIEES \u00bb. \n \n \n \n \nAgence r\u00e9gionale de sant\u00e9 PACA - 83-2025-11-25-00032 - agr\u00e9ment tacite Vertuo Draguignan 57\n \nAgence r\u00e9gionale de sant\u00e9 Provence -Alpes-C\u00f4te d'Azur - Direction d\u00e9partementale du Var - immeuble TOVA 2 - 177, boulevard du Docteur Charles Barnier  - \nCS 31302 - 83076 Toulon cedex \nT\u00e9l.: 04.13.55.80.10 / Fax: 04.13.55.80.40 \nhttps://www.paca.ars.sante.fr/  \n  \n \n \nL'agr\u00e9ment d\u00e9finitif peut \u00eatre retir\u00e9 lorsqu'il est constat\u00e9 un non-respect des r\u00e8gles applicables aux centres de \nsant\u00e9 dans le champ des activit\u00e9s concern\u00e9es ou des manquements compromettant la qualit\u00e9 ou la s\u00e9curit\u00e9 \ndes soins, apr\u00e8s notification \u00e0 l'organisme gestionnaire par le directeur g\u00e9n\u00e9ral de l'agence r\u00e9gionale de sant\u00e9 \net observations de l'organisme gestionnaire dans les conditions pr\u00e9vues au I de l'article L.6323 -1-12 du code \nde la sant\u00e9 publique.  \n \n \nJe vous prie de croire, Monsieur, en l'assurance de mes salutations les meilleures.  \n \n \n \n \n \n \n \n \n \n \n \n \nToulon, le 25/11/2025 \nPour le Directeur g\u00e9n\u00e9ral de l'ARS PACA \nLe Directeur d\u00e9partemental du Var \n \n \n \n \n \n \nS\u00e9bastien Moni\u00e9 \n \n \n \n \n \nsign\u00e9\n \nAgence r\u00e9gionale de sant\u00e9 PACA - 83-2025-11-25-00032 - agr\u00e9ment tacite Vertuo Draguignan 58\nAgence r\u00e9gionale de sant\u00e9 PACA\n83-2025-11-25-00033\nagr\u00e9ment tacite VYV3 Cogolin\nAgence r\u00e9gionale de sant\u00e9 PACA - 83-2025-11-25-00033 - agr\u00e9ment tacite VYV3 Cogolin 59\nEREPUBLIQUEFRAN\u00c7AISELibert\u00e9Egalit\u00e9Fraternit\u00e9\nAr@ DAgence R\u00e9gionale de Sant\u00e9Provence-AlpesC\u00f4te d'Azur\n \nAgence r\u00e9gionale de sant\u00e9 Provence -Alpes-C\u00f4te d'Azur - Direction d\u00e9partementale du Var - immeuble TOVA 2 - 177, boulevard du Docteur Charles Barnier  - \nCS 31302 - 83076 Toulon cedex \nT\u00e9l.: 04.13.55.80.10 / Fax: 04.13.55.80.40 \nhttps://www.paca.ars.sante.fr/  \n  \n \n \n \n \n \n \n \n \n \n \nLe Directeur G\u00e9n\u00e9ral  Toulon, le 25/11/2025 \nD\u00e9l\u00e9gation d\u00e9partementale du Var \nService soins de proximit\u00e9 \nAffaire suivie par : Marie-Laure Verdalle \nT\u00e9l : 04.13.55.89.52 \nars-paca-dd83-soins-proximite@ars.sante.fr \nR\u00e9f : DD83-1025-9973-D \nOctroi d'un agr\u00e9ment d\u00e9finitif tacite \n \n \n \nMadame, \n \nEn application de l'article L.6323-1-11 du code de la sant\u00e9 publique, un agr\u00e9ment provisoire pour exercer une \nactivit\u00e9 dentaire a \u00e9t\u00e9 accord\u00e9 le 19/11/2024 pour le centre de sant\u00e9 suivant : \n \n- Centre de sant\u00e9 dentaire VYV3 Sud-Est Cogolin \n8 avenue Sigismond Coulet, Centre Commercial Agora 83310 Cogolin  \nNum\u00e9ro Finess : 83 020 808 8 \n \nConform\u00e9ment aux dispositions du m\u00eame article L.6323-1-11, en son paragraphe III, l'agr\u00e9ment provisoire ne \ndevient d\u00e9finitif qu'\u00e0 l'expiration d'une dur\u00e9e d'un an.  \nJe vous informe que sous le silence gard\u00e9  de l'agence r\u00e9gionale de sant\u00e9 Provence-Alpes-C\u00f4te d'Azur un \nagr\u00e9ment d\u00e9finitif tacite vous est accord\u00e9 le 19/11/2025 pour exercer les activit\u00e9s dentaires au sein du centre \nde sant\u00e9 susmentionn\u00e9. \n \nL'agr\u00e9ment vaut autorisation de dispenser des soins aux assur\u00e9s sociaux dans le centre de sant\u00e9 et sera \nnotifi\u00e9 aupr\u00e8s de la Caisse Primaire d'Assurance Maladie du d\u00e9partement concern\u00e9.  \n \nToute modification substantielle du projet de sant\u00e9, notamment du r\u00e8glement de fonctionnement, ou des autres \n\u00e9l\u00e9ments mentionn\u00e9s \u00e0 l'article D.6323 -9-1 du code de la sant\u00e9 publique, le changement de l'organisme \ngestionnaire ou de son repr\u00e9sentant l\u00e9gal, la modification d'implantation g\u00e9ographique du centre ou de son ou \nses antennes lorsqu'elles existent, la fermeture d'une antenne, la modification qualitative ou quantitative du \nplateau technique, notamment l'installation d'un ou de plusieurs fauteuils dentaires suppl\u00e9mentaires, ainsi que \ntoute modification susceptible d'avoir une incidence sur la politique men\u00e9e par le centre de sant\u00e9 en mati\u00e8re \nde qualit\u00e9 et de s\u00e9curit\u00e9 des soins, est port\u00e9e \u00e0 la connaissance du directeur g\u00e9n\u00e9ral de l'agence r\u00e9gionale \nde sant\u00e9 au plus tard dans les quinze jours par tout moyen conf\u00e9rant date certaine \u00e0 sa r\u00e9ception. \n \nA d\u00e9faut, le centre de sant\u00e9 peut  s'exposer au prononc\u00e9 d'une amende administrative, en application des \narticles L.6323-1-12 (I) et D.6323-14 du code de la sant\u00e9 publique. \n \nL'ensemble des pi\u00e8ces mentionn\u00e9es aux articles L. 6323 -1-4, L. 6323 -1-11 et aux  articles D. 6323 -8 \u00e0 D. \n6323-9-1 ainsi que leur mise \u00e0 jour sont transmises sous format d\u00e9mat\u00e9rialis\u00e9 sur la \nplateforme \u00ab DEMARCHES SIMPLIFIEES \u00bb. \n \n \n \n \nAgence r\u00e9gionale de sant\u00e9 PACA - 83-2025-11-25-00033 - agr\u00e9ment tacite VYV3 Cogolin 60\n \nAgence r\u00e9gionale de sant\u00e9 Provence -Alpes-C\u00f4te d'Azur - Direction d\u00e9partementale du Var - immeuble TOVA 2 - 177, boulevard du Docteur Charles Barnier  - \nCS 31302 - 83076 Toulon cedex \nT\u00e9l.: 04.13.55.80.10 / Fax: 04.13.55.80.40 \nhttps://www.paca.ars.sante.fr/  \n  \n \n \nL'agr\u00e9ment d\u00e9finitif peut \u00eatre retir\u00e9 lorsqu'il est constat\u00e9 un non-respect des r\u00e8gles applicables aux centres de \nsant\u00e9 dans le champ des activit\u00e9s concern\u00e9es ou des manquements compromettant la qualit\u00e9 ou la s\u00e9curit\u00e9 \ndes soins, apr\u00e8s notification \u00e0 l'organisme gestionnaire par le directeur g\u00e9n\u00e9ral de l'agence r\u00e9gionale de sant\u00e9 \net observations de l'organisme gestionnaire dans les conditions pr\u00e9vues au I de l'article L.6323 -1-12 du code \nde la sant\u00e9 publique.  \n \n \nJe vous prie de croire, Madame, en l'assurance de mes salutations les meilleures. \n \n \n \n \n \n \n \n \n \n \n \nToulon, le 25/11/2025 \nPour le Directeur g\u00e9n\u00e9ral de l'ARS PACA \nLe Directeur d\u00e9partemental du Var \n \n \n \n \n \n \nS\u00e9bastien Moni\u00e9 \n \n \n \n \n \nsign\u00e9\n \nAgence r\u00e9gionale de sant\u00e9 PACA - 83-2025-11-25-00033 - agr\u00e9ment tacite VYV3 Cogolin 61\nAgence r\u00e9gionale de sant\u00e9 PACA\n83-2025-11-25-00034\nagr\u00e9ment tacite VYV3 Toulon\nAgence r\u00e9gionale de sant\u00e9 PACA - 83-2025-11-25-00034 - agr\u00e9ment tacite VYV3 Toulon 62\nEREPUBLIQUEFRAN\u00c7AISELibert\u00e9Egalit\u00e9Fraternit\u00e9\nMrD]\nAr@ DAgence R\u00e9gionale de Sant\u00e9Provence-AlpesC\u00f4te d'Azur\n \nAgence r\u00e9gionale de sant\u00e9 Provence-Alpes-C\u00f4te d'Azur - Direction d\u00e9partementale du Var - immeuble TOVA 2 - 177, boulevard du Docteur Charles Barnier  - \nCS 31302 - 83076 Toulon cedex \nT\u00e9l.: 04.13.55.80.10 / Fax: 04.13.55.80.40 \nhttps://www.paca.ars.sante.fr/  \n  \n \n \n \n \n \n \n \n \n \n \nLe Directeur G\u00e9n\u00e9ral  Toulon, le 25/11/2025 \nD\u00e9l\u00e9gation d\u00e9partementale du Var \nService soins de proximit\u00e9 \nAffaire suivie par : Marie-Laure Verdalle \nT\u00e9l : 04.13.55.89.52 \nars-paca-dd83-soins-proximite@ars.sante.fr \nR\u00e9f : DD83-1025-9975-D \nOctroi d'un agr\u00e9ment d\u00e9finitif tacite \n \n \n \nMadame, \n \nEn application de l'article L.6323-1-11 du code de la sant\u00e9 publique, un agr\u00e9ment provisoire pour exercer une \nactivit\u00e9 dentaire a \u00e9t\u00e9 accord\u00e9 le 19/11/2024 pour le centre de sant\u00e9 suivant : \n \n- Centre de sant\u00e9 dentaire VYV3 Sud-Est Toulon \n5 rue Berrier Fontaine CS 90605, 83041 Toulon \nNum\u00e9ro Finess : 83 020 807 0 \n \nConform\u00e9ment aux dispositions du m\u00eame article L.6323-1-11, en son paragraphe III, l'agr\u00e9ment provisoire ne \ndevient d\u00e9finitif qu'\u00e0 l'expiration d'une dur\u00e9e d'un an.  \nJe vous informe que sous le silence gard\u00e9 de l'agence r\u00e9gionale de sant\u00e9 Provence-Alpes-C\u00f4te d'Azur un \nagr\u00e9ment d\u00e9finitif tacite vous est accord\u00e9 le 19/11/2025 pour exercer les activit\u00e9s dentaires au sein du centre \nde sant\u00e9 susmentionn\u00e9. \n \nL'agr\u00e9ment vaut autorisation de dispenser des soins aux assur\u00e9s sociaux dans le centre de sant\u00e9 et sera \nnotifi\u00e9 aupr\u00e8s de la Caisse Primaire d'Assurance Maladie du d\u00e9partement concern\u00e9.  \n \nToute modification substantielle du projet de sant\u00e9, notamment du r\u00e8glement de fonctionnement, ou des autres \n\u00e9l\u00e9ments mentionn\u00e9s \u00e0 l'article D.6323 -9-1 du code de la sant\u00e9 publique, le changement de l'organisme \ngestionnaire ou de son repr\u00e9sentant l\u00e9gal, la modification d'implantation g\u00e9ographique du centre ou de son ou \nses antennes lorsqu'elles existent, la fermeture d'une antenne, la modification qualitative ou quantitative du \nplateau technique, notamment l'installation d'un ou de plusieurs fauteuils dentaires suppl\u00e9mentaires, ainsi que \ntoute modification susceptible d'avoir une incidence sur la politique men\u00e9e par le centre de sant\u00e9 en mati\u00e8re \nde qualit\u00e9 et de s\u00e9curit\u00e9 des soins, est port\u00e9e \u00e0 la connaissance du directeur g\u00e9n\u00e9ral de l'agence r\u00e9gionale \nde sant\u00e9 au plus tard dans les quinze jours par tout moyen conf\u00e9rant date certaine \u00e0 sa r\u00e9ception. \n \nA d\u00e9faut, le centre de sant\u00e9 peut  s'exposer au prononc\u00e9 d'une amende administrative, en application des \narticles L.6323-1-12 (I) et D.6323-14 du code de la sant\u00e9 publique. \n \nL'ensemble des pi\u00e8ces mentionn\u00e9es aux articles L. 6323 -1-4, L. 6323 -1-11 et aux  articles D. 6323 -8 \u00e0 D. \n6323-9-1 ainsi que leur mise \u00e0 jour sont transmises sous format d\u00e9mat\u00e9rialis\u00e9 sur la \nplateforme \u00ab DEMARCHES SIMPLIFIEES \u00bb. \n \n \n \n \nAgence r\u00e9gionale de sant\u00e9 PACA - 83-2025-11-25-00034 - agr\u00e9ment tacite VYV3 Toulon 63\n \nAgence r\u00e9gionale de sant\u00e9 Provence-Alpes-C\u00f4te d'Azur - Direction d\u00e9partementale du Var - immeuble TOVA 2 - 177, boulevard du Docteur Charles Barnier  - \nCS 31302 - 83076 Toulon cedex \nT\u00e9l.: 04.13.55.80.10 / Fax: 04.13.55.80.40 \nhttps://www.paca.ars.sante.fr/  \n  \n \n \nL'agr\u00e9ment d\u00e9finitif peut \u00eatre retir\u00e9 lorsqu'il est constat\u00e9 un non-respect des r\u00e8gles applicables aux centres de \nsant\u00e9 dans le champ des activit\u00e9s concern\u00e9es ou des manquements compromettant la qualit\u00e9 ou la s\u00e9curit\u00e9 \ndes soins, apr\u00e8s notification \u00e0 l'organisme gestionnaire par le directeur g\u00e9n\u00e9ral de l'agence r\u00e9gionale de sant\u00e9 \net observations de l'organisme gestionnaire dans les conditions pr\u00e9vues au I de l'article L.6323 -1-12 du code \nde la sant\u00e9 publique.  \n \n \nJe vous prie de croire, Madame, en l'assurance de mes salutations les meilleures. \n \n \n \n \n \n \n \n \n \n \n \n \nToulon, le 25/11/2025 \nPour le Directeur g\u00e9n\u00e9ral de l'ARS PACA \nLe Directeur d\u00e9partemental du Var \n \n \n \n \n \n \nS\u00e9bastien Moni\u00e9 \n \n \n \n \nsign\u00e9\n \nAgence r\u00e9gionale de sant\u00e9 PACA - 83-2025-11-25-00034 - agr\u00e9ment tacite VYV3 Toulon 64\nAgence r\u00e9gionale de sant\u00e9 PACA\n83-2025-11-25-00027\nMutuailt\u00e9 Fran\u00e7aise Saint Rapha\u00ebl\nAgence r\u00e9gionale de sant\u00e9 PACA - 83-2025-11-25-00027 - Mutuailt\u00e9 Fran\u00e7aise Saint Rapha\u00ebl 65\nEREPUBLIQUEFRAN\u00c7AISELibert\u00e9Egalit\u00e9Fraternit\u00e9\nAr@ DAgence R\u00e9gionale de Sant\u00e9Provence-AlpesC\u00f4te d'Azur\n \nAgence r\u00e9gionale de sant\u00e9 Provence -Alpes-C\u00f4te d'Azur - Direction d\u00e9partementale du Var - immeuble TOVA 2 - 177, boulevard du Docteur Charles Barnier  - \nCS 31302 - 83076 Toulon cedex \nT\u00e9l.: 04.13.55.80.10 / Fax: 04.13.55.80.40 \nhttps://www.paca.ars.sante.fr/  \n  \n \n \n \n \n \n \n \n \n \n \nLe Directeur G\u00e9n\u00e9ral  Toulon, le 25/11/2025 \nD\u00e9l\u00e9gation d\u00e9partementale du Var \nService soins de proximit\u00e9 \nAffaire suivie par : Marie-Laure Verdalle \nT\u00e9l : 04.13.55.89.52 \nars-paca-dd83-soins-proximite@ars.sante.fr \nR\u00e9f : DD83-1025-9953-D \nOctroi d'un agr\u00e9ment d\u00e9finitif tacite \n \n \n \nMonsieur, \n \nEn application de l'article L.6323-1-11 du code de la sant\u00e9 publique, un agr\u00e9ment provisoire pour exercer une \nactivit\u00e9 dentaire a \u00e9t\u00e9 accord\u00e9 le 19/11/2024 pour le centre de sant\u00e9 suivant : \n \n- Centre de sant\u00e9 dentaire Mutualit\u00e9 Fran\u00e7aise PACA SSAM St Rapha\u00ebl  \nEpsilon III, b\u00e2t 8-57 avenue Archim\u00e8de 83700 Saint-Rapha\u00ebl \nNum\u00e9ro Finess : 83 021 390 6 \n \nConform\u00e9ment aux dispositions du m\u00eame article L.6323-1-11, en son paragraphe III, l'agr\u00e9ment provisoire ne \ndevient d\u00e9finitif qu'\u00e0 l'expiration d'une dur\u00e9e d'un an.  \nJe vous informe que sous le silence gard\u00e9  de l'agence r\u00e9gionale de sant\u00e9 Provence-Alpes-C\u00f4te d'Azur un \nagr\u00e9ment d\u00e9finitif tacite vous est accord\u00e9 le 19/11/2025 pour exercer les activit\u00e9s dentaires au sein du centre \nde sant\u00e9 susmentionn\u00e9. \n \nL'agr\u00e9ment vaut autorisation de dispenser des soins aux assur\u00e9s sociaux dans le centre de sant\u00e9 et sera \nnotifi\u00e9 aupr\u00e8s de la Caisse Primaire d'Assurance Maladie du d\u00e9partement concern\u00e9.  \n \nToute modification substantielle du projet de sant\u00e9, notamment du r\u00e8glement de fonctionnement, ou des autres \n\u00e9l\u00e9ments mentionn\u00e9s \u00e0 l'article D.6323 -9-1 du code de la sant\u00e9 publique, le changement de l'organisme \ngestionnaire ou de son repr\u00e9sentant l\u00e9gal, la modification d'implantation g\u00e9ographique du centre ou de son ou \nses antennes lorsqu'elles existent, la fermeture d'une antenne, la modification qualitative ou quantitative du \nplateau technique, notamment l'installation d'un ou de plusieurs fauteuils dentaires suppl\u00e9mentaires, ainsi que \ntoute modification susceptible d'avoir une incidence sur la politique men\u00e9e par le centre de sant\u00e9 en mati\u00e8re \nde qualit\u00e9 et de s\u00e9curit\u00e9 des soins, est port\u00e9e \u00e0 la connaissance du directeur g\u00e9n\u00e9ral de l'agence r\u00e9gionale \nde sant\u00e9 au plus tard dans les quinze jours par tout moyen conf\u00e9rant date certaine \u00e0 sa r\u00e9ception. \n \nA d\u00e9faut, le centre de sant\u00e9 peut  s'exposer au prononc\u00e9 d'une amende administrative, en application des \narticles L.6323-1-12 (I) et D.6323-14 du code de la sant\u00e9 publique. \n \nL'ensemble des pi\u00e8ces mentionn\u00e9es aux articles L. 6323 -1-4, L. 6323 -1-11 et aux  articles D. 6323 -8 \u00e0 D. \n6323-9-1 ainsi que leur mise \u00e0 jour sont transmises sous format d\u00e9mat\u00e9rialis\u00e9 sur la \nplateforme \u00ab DEMARCHES SIMPLIFIEES \u00bb. \n \n \n \n \nAgence r\u00e9gionale de sant\u00e9 PACA - 83-2025-11-25-00027 - Mutuailt\u00e9 Fran\u00e7aise Saint Rapha\u00ebl 66\n \nAgence r\u00e9gionale de sant\u00e9 Provence -Alpes-C\u00f4te d'Azur - Direction d\u00e9partementale du Var - immeuble TOVA 2 - 177, boulevard du Docteur Charles Barnier  - \nCS 31302 - 83076 Toulon cedex \nT\u00e9l.: 04.13.55.80.10 / Fax: 04.13.55.80.40 \nhttps://www.paca.ars.sante.fr/  \n  \n \n \nL'agr\u00e9ment d\u00e9finitif peut \u00eatre retir\u00e9 lorsqu'il est constat\u00e9 un non-respect des r\u00e8gles applicables aux centres de \nsant\u00e9 dans le champ des activit\u00e9s concern\u00e9es ou des manquements compromettant la qualit\u00e9 ou la s\u00e9curit\u00e9 \ndes soins, apr\u00e8s notification \u00e0 l'organisme gestionnaire par le directeur g\u00e9n\u00e9ral de l'agence r\u00e9gionale de sant\u00e9 \net observations de l'organisme gestionnaire dans les conditions pr\u00e9vues au I de l'article L.6323 -1-12 du code \nde la sant\u00e9 publique.  \n \n \nJe vous prie de croire, Monsieur, en l'assurance de mes salutations les meilleures.  \n \n \n \n \n \n \n \n \n \n \n \nToulon, le 25/11/2025 \nPour le Directeur g\u00e9n\u00e9ral de l'ARS PACA \nLe Directeur d\u00e9partemental du Var \n \n \n \n \n \n \nS\u00e9bastien Moni\u00e9 \n \n \n \n \nsign\u00e9\n \nAgence r\u00e9gionale de sant\u00e9 PACA - 83-2025-11-25-00027 - Mutuailt\u00e9 Fran\u00e7aise Saint Rapha\u00ebl 67\nDirection d\u00e9partementale des territoires et de la\nmer du Var\n83-2025-12-01-00002\nArr\u00eat\u00e9 pr\u00e9fectoral n\u00b0 DDTM / SEBIO / 2025-167\ndu 01 d\u00e9cembre 2025 portant prorogation du\nr\u00e9c\u00e9piss\u00e9 de d\u00e9claration n\u00b0 83-2022-00121\n(D2296) en date du 07/12/2022 relatif \u00e0 la\ncr\u00e9ation du projet de parc solaire du Clos de la\nBlaque sur la commune de Varages.\nDirection d\u00e9partementale des territoires et de la mer du Var - 83-2025-12-01-00002 - Arr\u00eat\u00e9 pr\u00e9fectoral n\u00b0 DDTM / SEBIO / 2025-167\ndu 01 d\u00e9cembre 2025 portant prorogation du r\u00e9c\u00e9piss\u00e9 de d\u00e9claration n\u00b0 83-2022-00121 (D2296) en date du 07/12/2022 relatif \u00e0 la\ncr\u00e9ation du projet de parc solaire du Clos de la Blaque sur la commune de Varages.\n68\n=mPREFETDU VARLibert\u00e9Egalit\u00e9Fraternit\u00e9\nARR\u00caT\u00c9 PR\u00c9FECTORAL n\u00b0 DDTM/SEBIO/2025-167 du 01 d\u00e9cembre 2025        \nportant prorogation du r\u00e9cepiss\u00e9 de d\u00e9claration n\u00b0 83-2022-00121 (D2296) en date du \n07/12/2022 relatif \u00e0 la cr\u00e9ation du projet de parc solaire du Clos de la Blaque\nCommune de VARAGES\nLe pr\u00e9fet du Var,\nVu le code de l'environnement et notamment ses articles L. 211-1, L. 214-1 \u00e0 L. 214-6, et R. 214-1 \n\u00e0 R. 214-56 ;\nVu le code g\u00e9n\u00e9ral des collectivit\u00e9s territoriales ;\nVu le code civil, et notamment ses articles 640 et suivants ;\nVu l'arr\u00eat\u00e9 du pr\u00e9fet coordonnateur de bassin n\u00b0 22-064 du 21 mars 2022 portant approbation \ndu sch\u00e9ma directeur d'am\u00e9nagement et de gestion des eaux du bassin Rh\u00f4ne-M\u00e9diterran\u00e9e et \narr\u00eatant le programme pluriannuel de mesures correspondant ;\nVu l'arr\u00eat\u00e9 du 21 mars 2022 portant approbation du plan de gestion des risques d'inondation  \ndu bassin Rh\u00f4ne-M\u00e9diterran\u00e9e ;\nVu le d\u00e9cret du Pr\u00e9sident de la R\u00e9publique du 15 mai 2025 portant nomination de M. Simon  \nBABRE, pr\u00e9fet du Var ;\nVu l'arr\u00eat\u00e9 pr\u00e9fectoral n\u00b0 2025/25/MCI du 2 juin  2025 portant d\u00e9l\u00e9gation de signature \u00e0 M.  \nLaurent BOULET, directeur d\u00e9partemental des territoires et de la mer du Var ;\nVu l'arr\u00eat\u00e9 pr\u00e9fectoral n\u00b0 DDTM/MPCA/2025-04 du 5 juin 2025 donnant subd\u00e9l\u00e9gation de  \nsignature \u00e0 des agents de la direction d\u00e9partementale des territoires et de la mer du Var ;\nVu le dossier de d\u00e9claration d\u00e9pos\u00e9 au titre de l'article L. 214-3 du code de l'environnement  \nconsid\u00e9r\u00e9 complet en date du 09/11/2022, pr\u00e9sent\u00e9 par la SAS PARC SOLAIRE DU CLOS DE LA \nBLAQUE, repr\u00e9sent\u00e9(e) par Mme C\u00e9cile LACOUR, enregistr\u00e9e sous le num\u00e9ro 83-2022-00121  \n(D2296) et relative au projet de  projet de parc solaire du clos de la Blaque \u00e0 VARAGES ;\nVu le r\u00e9c\u00e9piss\u00e9 de d\u00e9claration n\u00b0 83-2022-00121 (D 2296) en date du 07/12/2022 concernant la \nr\u00e9alisation parc solaire du clos de la Blaque \u00e0 VARAGES ;\nDirection d\u00e9partementale\ndes territoires et de la mer du Var\nService eau et biodiversit\u00e9\nDirection d\u00e9partementale des territoires et de la mer du Var - 83-2025-12-01-00002 - Arr\u00eat\u00e9 pr\u00e9fectoral n\u00b0 DDTM / SEBIO / 2025-167\ndu 01 d\u00e9cembre 2025 portant prorogation du r\u00e9c\u00e9piss\u00e9 de d\u00e9claration n\u00b0 83-2022-00121 (D2296) en date du 07/12/2022 relatif \u00e0 la\ncr\u00e9ation du projet de parc solaire du Clos de la Blaque sur la commune de Varages.\n69\nVu la demande de prorogation de d\u00e9lai de 3 ans adress\u00e9e au pr\u00e9fet et enregistr\u00e9e au guichet  \nunique police de l'eau \u00e0 la date du 17/08/2025 sous le num\u00e9ro identifiant PAC 1375 ;\nConsid\u00e9rant qu'en application de l'article R. 214-40-3 du code sus-vis\u00e9, la mise en service de  \nl'installation, la construction des ouvrages, l'ex\u00e9cution des travaux, et l'exercice de l'activit\u00e9  \nobjets de la d\u00e9claration, doivent intervenir dans un d\u00e9lai de 3 ans \u00e0 compter dudit r\u00e9c\u00e9piss\u00e9,  \nsoit jusqu'au 07/12/2025 \u00e0 d\u00e9faut de quoi la d\u00e9claration sera caduque ;\nConsid\u00e9rant  la  justification  de  la  demande  de  prorogation  par  la  d\u00e9livrance  tardive  de \nl'autorisation de d\u00e9frichement le 14 ao\u00fbt 2025, un permis de construire toujours en attente  \nde d\u00e9cision ainsi qu'un raccordement pr\u00e9vu au r\u00e9seau ENEDIS en 2027 ;\nConsid\u00e9rant  que  la  pr\u00e9sente  demande  ne  modifie  ni  la  nature  ni  la  consistance  ou  les \nconditions de r\u00e9alisation des travaux pr\u00e9sent\u00e9s dans les plans et le dossier initial ayant fait  \nl'objet du r\u00e9c\u00e9piss\u00e9 de d\u00e9claration n\u00b0 83-2022-00121 (D 2296) en date du 07/12/2022.\nARR\u00caTE\nArticle 1  er     :   Objet de l'arr\u00eat\u00e9\nLa dur\u00e9e de validit\u00e9 de la d\u00e9claration  n\u00b0  83-2022-00121 (D 2296) relative \u00e0 le cr\u00e9ation du  \nprojet de parc solaire du Clos de la Blaque sur la commune de VARAGES est prorog\u00e9e d'une  \ndur\u00e9e de trois ans soit jusqu'au 07/12/2028.\nAucune  autre  prorogation  ne  sera  d\u00e9livr\u00e9e  au-del\u00e0  de  cette  date.  A  d\u00e9faut,  un  nouveau \ndossier de d\u00e9claration devra \u00eatre d\u00e9pos\u00e9 aupr\u00e8s du pr\u00e9fet du Var.\nToute  modification  apport\u00e9e  aux  ouvrages,  installations,  \u00e0  leur  mode  d'utilisation,  \u00e0  la \nr\u00e9alisation des travaux ou \u00e0 l'am\u00e9nagement en r\u00e9sultant, \u00e0 l'exercice des activit\u00e9s ou \u00e0 leur  \nvoisinage et entra\u00eenant un changement notable des \u00e9l\u00e9ments du dossier de d\u00e9claration doit  \n\u00eatre port\u00e9e, avant sa r\u00e9alisation, \u00e0 la connaissance du pr\u00e9fet qui peut exiger une nouvelle  \nd\u00e9claration.\nArticle 2     :   Publication et information des tiers\nUne copie du pr\u00e9sent arr\u00eat\u00e9 sera transmise \u00e0 la mairie de  VARAGES, pour affichage pendant  \nune dur\u00e9e minimale d'un mois. A l'issue de la p\u00e9riode d'affichage, le maire en dressera proc\u00e8s-\nverbal qu'il adressera \u00e0 la direction d\u00e9partementale des territoires et de la mer.\nLe pr\u00e9sent arr\u00eat\u00e9 sera mis \u00e0 disposition du public sur le site Internet de la pr\u00e9fecture du Var  \npendant une dur\u00e9e d'au moins six mois.\nArticle 3     :   Voies et d\u00e9lais de recours\nCette d\u00e9cision sera susceptible de recours contentieux devant le tribunal administratif de  \nToulon, conform\u00e9ment \u00e0 l'article R. 514-3-1 du code de l'environnement qui stipule :\nDirection d\u00e9partementale des territoires et de la mer du Var - 83-2025-12-01-00002 - Arr\u00eat\u00e9 pr\u00e9fectoral n\u00b0 DDTM / SEBIO / 2025-167\ndu 01 d\u00e9cembre 2025 portant prorogation du r\u00e9c\u00e9piss\u00e9 de d\u00e9claration n\u00b0 83-2022-00121 (D2296) en date du 07/12/2022 relatif \u00e0 la\ncr\u00e9ation du projet de parc solaire du Clos de la Blaque sur la commune de Varages.\n70\nSans pr\u00e9judice de l'article L. 411-2 du code des relations entre le public et l'administration , les \nd\u00e9cisions mentionn\u00e9es aux articles L. 211-6 et L. 214-10 et au I de l'article L. 514-6 peuvent \u00eatre \nd\u00e9f\u00e9r\u00e9es \u00e0 la juridiction administrative :\n1\u00b0 Par les tiers int\u00e9ress\u00e9s en raison des inconv\u00e9nients ou des dangers que le fonctionnement  \nde l'installation pr\u00e9sente pour les int\u00e9r\u00eats mentionn\u00e9s aux articles L. 211-1 et L. 511-1 dans un \nd\u00e9lai de deux mois \u00e0 compter du premier jour de la publication ou de l'affichage de ces  \nd\u00e9cisions ;\n2\u00b0 Par les demandeurs ou exploitants, dans un d\u00e9lai de deux mois \u00e0 compter de la date \u00e0  \nlaquelle la d\u00e9cision leur a \u00e9t\u00e9 notifi\u00e9e.\nCette d\u00e9cision peut \u00e9galement faire l'objet d'un recours gracieux ou hi\u00e9rarchique dans un  \nd\u00e9lai de deux mois. Ce recours administratif prolonge de deux mois les d\u00e9lais mentionn\u00e9s ci-\ndessus.\nLe tribunal administratif peut \u00eatre saisi par l'application informatique \"T\u00e9l\u00e9recours citoyen\"  \naccessible par le site internet www.telerecours.fr\nArticle 4     :   Ex\u00e9cution\nLe  secr\u00e9taire  g\u00e9n\u00e9ral  de  la  pr\u00e9fecture  du  Var,  la  sous-pr\u00e9f\u00e8te  de  Brignoles,  le  directeur \nd\u00e9partemental des territoires et de la mer, l e maire de VARAGES sont charg\u00e9s, chacun en ce  \nqui le concerne, de l'ex\u00e9cution du pr\u00e9sent arr\u00eat \u00e9 dont une copie sera tenue \u00e0 la disposition  \ndu public \u00e0 la mairie de VARAGES.\nFait \u00e0 Toulon, le 01 d\u00e9cembre 2025\nPour le pr\u00e9fet et par d\u00e9l\u00e9gation,\nPour le directeur d\u00e9partemental des territoires et de la mer, et par subd\u00e9l\u00e9gation\nLe chef du bureau r\u00e9glementation eau et Natura 2000,\nSign\u00e9\nS\u00e9bastien LERDA\nConform\u00e9ment au r\u00e8glement g\u00e9n\u00e9ral sur la protection des donn\u00e9es du 27 avril 2016, applicable depuis le 25 mai 2018 et \u00e0 la loi\n\u00ab informatique et libert\u00e9 \u00bb dans sa derni\u00e8re version modifi\u00e9e du 20 juin 2018, vous disposez d'un droit d'acc\u00e8s, de rectification,  \nde suppression et d'opposition des informations qui vous concernent. \nSi vous d\u00e9sirez exercer ce droit et obtenir une communication des informations vous concernant, veuillez adresser un courrier ou \nun courriel au guichet unique de police de l'eau o\u00f9 vous avez d\u00e9pos\u00e9 votre dossier. Cette demande \u00e9crite est accompagn\u00e9e  \nd'une copie du titre d'identit\u00e9 avec signature du titulaire de la pi\u00e8ce, en pr\u00e9cisant l'adresse \u00e0 laquelle la r\u00e9ponse doit \u00eatre  \nenvoy\u00e9e.\nToute d\u00e9cision susceptible de recours devant le tribunal administratif territorialement comp\u00e9tent l'est au moyen de l'application \nT\u00e9l\u00e9recours (https://www.telerecours.fr/)\nDirection d\u00e9partementale des territoires et de la mer du Var - 83-2025-12-01-00002 - Arr\u00eat\u00e9 pr\u00e9fectoral n\u00b0 DDTM / SEBIO / 2025-167\ndu 01 d\u00e9cembre 2025 portant prorogation du r\u00e9c\u00e9piss\u00e9 de d\u00e9claration n\u00b0 83-2022-00121 (D2296) en date du 07/12/2022 relatif \u00e0 la\ncr\u00e9ation du projet de parc solaire du Clos de la Blaque sur la commune de Varages.\n71\nDirection d\u00e9partementale des territoires et de la\nmer du Var\n83-2025-12-01-00003\nArr\u00eat\u00e9 pr\u00e9fectoral n\u00b0 DDTM /SEBIO / 2025-172 \ndu 01 d\u00e9cembre 2025 portant prorogation du\nr\u00e9c\u00e9piss\u00e9 de d\u00e9claration n\u00b0 83-2022-00122\n(D2297) en date du 24/07/2023 relatif \u00e0 la\ncr\u00e9ation du projet de parc solaire de Bayol sur la\ncommune de VARAGES.\t\nDirection d\u00e9partementale des territoires et de la mer du Var - 83-2025-12-01-00003 - Arr\u00eat\u00e9 pr\u00e9fectoral n\u00b0 DDTM /SEBIO / 2025-172 \ndu 01 d\u00e9cembre 2025 portant prorogation du r\u00e9c\u00e9piss\u00e9 de d\u00e9claration n\u00b0 83-2022-00122 (D2297) en date du 24/07/2023 relatif \u00e0 la\ncr\u00e9ation du projet de parc solaire de Bayol sur la commune de VARAGES.\t\n72\n=mPREFETDU VARLibert\u00e9Egalit\u00e9Fraternit\u00e9\nARR\u00caT\u00c9 PR\u00c9FECTORAL n\u00b0 DDTM/SEBIO/2025-172  du 01 d\u00e9cembre 2025         \nportant prorogation du r\u00e9cepiss\u00e9 de d\u00e9claration n\u00b0 83-2022-00122 (D2297) en date du \n24/07/2023 relatif \u00e0 la cr\u00e9ation du projet de parc solaire de Bayol\nCommune de VARAGES\nLe pr\u00e9fet du Var,\nVu le code de l'environnement et notamment ses articles L. 211-1, L. 214-1 \u00e0 L. 214-6, et R. 214-1 \n\u00e0 R. 214-56 ;\nVu le code g\u00e9n\u00e9ral des collectivit\u00e9s territoriales ;\nVu le code civil, et notamment ses articles 640 et suivants ;\nVu l'arr\u00eat\u00e9 du pr\u00e9fet coordonnateur de bassin n\u00b0 22-064 du 21 mars 2022 portant approbation \ndu sch\u00e9ma directeur d'am\u00e9nagement et de gestion des eaux du bassin Rh\u00f4ne-M\u00e9diterran\u00e9e et \narr\u00eatant le programme pluriannuel de mesures correspondant ;\nVu l'arr\u00eat\u00e9 du 21 mars 2022 portant approbation du plan de gestion des risques d'inondation  \ndu bassin Rh\u00f4ne-M\u00e9diterran\u00e9e ;\nVu le d\u00e9cret du Pr\u00e9sident de la R\u00e9publique du 15 mai 2025 portant nomination de M. Simon  \nBABRE, pr\u00e9fet du Var ;\nVu l'arr\u00eat\u00e9 pr\u00e9fectoral n\u00b0 2025/25/MCI du 2 juin  2025 portant d\u00e9l\u00e9gation de signature \u00e0 M.  \nLaurent BOULET, directeur d\u00e9partemental des territoires et de la mer du Var ;\nVu l'arr\u00eat\u00e9 pr\u00e9fectoral n\u00b0 DDTM/MPCA/2025-04 du 5 juin 2025 donnant subd\u00e9l\u00e9gation de  \nsignature \u00e0 des agents de la direction d\u00e9partementale des territoires et de la mer du Var ;\nVu le dossier de d\u00e9claration d\u00e9pos\u00e9 au titre de l'article L. 214-3 du code de l'environnement  \nconsid\u00e9r\u00e9 complet en date du 30/05/2023, pr\u00e9sent\u00e9 par la  SAS PARC SOLAIRE DE BAYOL,  \nrepr\u00e9sent\u00e9(e) par Mme C\u00e9cile LACOUR, enregistr\u00e9e sous le num\u00e9ro 83-2022-00122 (D2297) et  \nrelative au projet de  projet de parc solaire DE BAYOL \u00e0 VARAGES ;\nVu le r\u00e9c\u00e9piss\u00e9 de d\u00e9claration n\u00b0 83-2022-00122 (D 2297) en date du 24/07/2023 concernant la \nr\u00e9alisation parc solaire de Bayol \u00e0 VARAGES ;\nVu la demande de prorogation de d\u00e9lai de 3 ans adress\u00e9e au pr\u00e9fet et enregistr\u00e9e au guichet  \nunique police de l'eau \u00e0 la date du 12/09/2025 sous le num\u00e9ro identifiant PAC 1372 ;\n1/3\nDirection d\u00e9partementale\ndes territoires et de la mer du Var\nService eau et biodiversit\u00e9\nDirection d\u00e9partementale des territoires et de la mer du Var - 83-2025-12-01-00003 - Arr\u00eat\u00e9 pr\u00e9fectoral n\u00b0 DDTM /SEBIO / 2025-172 \ndu 01 d\u00e9cembre 2025 portant prorogation du r\u00e9c\u00e9piss\u00e9 de d\u00e9claration n\u00b0 83-2022-00122 (D2297) en date du 24/07/2023 relatif \u00e0 la\ncr\u00e9ation du projet de parc solaire de Bayol sur la commune de VARAGES.\t\n73\nConsid\u00e9rant qu'en application de l'article R. 214-40-3 du code sus-vis\u00e9, la mise en service de  \nl'installation, la construction des ouvrages, l'ex\u00e9cution des travaux, et l'exercice de l'activit\u00e9  \nobjets de la d\u00e9claration, doivent intervenir dans un d\u00e9lai de 3 ans \u00e0 compter dudit r\u00e9c\u00e9piss\u00e9,  \nsoit jusqu'au 24/07/2026 \u00e0 d\u00e9faut de quoi la d\u00e9claration sera caduque ;\nConsid\u00e9rant la justification de la demande de prorogation par des d\u00e9lais d'instruction plus  \nlongs que pr\u00e9vus concernant la demande de d\u00e9frichement et le permis de construire ainsi  \nqu'un raccordement pr\u00e9vu au r\u00e9seau ENEDIS en 2027 ;\nConsid\u00e9rant  que  la  pr\u00e9sente  demande  ne  modifie  ni  la  nature  ni  la  consistance  ou  les \nconditions de r\u00e9alisation des travaux pr\u00e9sent\u00e9s dans les plans et le dossier initial ayant fait  \nl'objet du r\u00e9c\u00e9piss\u00e9 de d\u00e9claration n\u00b0 83-2022-00122 (D 2297) en date du 24/07/2023.\nARR\u00caTE\nArticle 1  er     :   Objet de l'arr\u00eat\u00e9\nLa dur\u00e9e de validit\u00e9 de la d\u00e9claration  n\u00b0  83-2022-00122 (D 2297) relative \u00e0 le cr\u00e9ation du  \nprojet de parc solaire de Bayol sur la commune de VARAGES est prorog\u00e9e d'une dur\u00e9e de  \ntrois ans soit jusqu'au 24/07/2029.\nAucune  autre  prorogation  ne  sera  d\u00e9livr\u00e9e  au-del\u00e0  de  cette  date.  A  d\u00e9faut,  un  nouveau \ndossier de d\u00e9claration devra \u00eatre d\u00e9pos\u00e9 aupr\u00e8s du pr\u00e9fet du Var.\nLe pr\u00e9sent arr\u00eat\u00e9 a pour objet la prorogation du d\u00e9lai de trois ans concernant  la mise en  \nservice de l'installation, la construction des ouvrages, l'ex\u00e9cution des travaux et l'exercice de  \nl'activit\u00e9  objets  du  r\u00e9c\u00e9piss\u00e9  de  d\u00e9claration  en  date  du  24/07/2023  donn\u00e9e  \u00e0 SAS  PARC \nSOLAIRE DE BAYOL repr\u00e9sent\u00e9(e) par Mme C\u00e9cile LACOUR ,  enregistr\u00e9e sous le num\u00e9ro 83-\n2022-00122 (D2297) et relative au projet de  projet de parc solaire de Bayol \u00e0 VARAGES ;\nArticle 2     :   Publication et information des tiers\nUne copie du pr\u00e9sent arr\u00eat\u00e9 sera transmise \u00e0 la mairie de  VARAGES, pour affichage pendant  \nune dur\u00e9e minimale d'un mois. A l'issue de la p\u00e9riode d'affichage, le maire en dressera proc\u00e8s-\nverbal qu'il adressera \u00e0 la direction d\u00e9partementale des territoires et de la mer.\nLe pr\u00e9sent arr\u00eat\u00e9 sera mis \u00e0 disposition du public sur le site Internet de la pr\u00e9fecture du Var  \npendant une dur\u00e9e d'au moins six mois.\nArticle 3     :   Voies et d\u00e9lais de recours\nCette d\u00e9cision sera susceptible de recours contentieux devant le tribunal administratif de  \nToulon, conform\u00e9ment \u00e0 l'article R. 514-3-1 du code de l'environnement qui stipule :\nSans pr\u00e9judice de l'article L. 411-2 du code des relations entre le public et l'administration , les \nd\u00e9cisions mentionn\u00e9es aux articles L. 211-6 et L. 214-10 et au I de l'article L. 514-6 peuvent \u00eatre \nd\u00e9f\u00e9r\u00e9es \u00e0 la juridiction administrative :\n2/3\nDirection d\u00e9partementale des territoires et de la mer du Var - 83-2025-12-01-00003 - Arr\u00eat\u00e9 pr\u00e9fectoral n\u00b0 DDTM /SEBIO / 2025-172 \ndu 01 d\u00e9cembre 2025 portant prorogation du r\u00e9c\u00e9piss\u00e9 de d\u00e9claration n\u00b0 83-2022-00122 (D2297) en date du 24/07/2023 relatif \u00e0 la\ncr\u00e9ation du projet de parc solaire de Bayol sur la commune de VARAGES.\t\n74\n1\u00b0 Par les tiers int\u00e9ress\u00e9s en raison des inconv\u00e9nients ou des dangers que le fonctionnement  \nde l'installation pr\u00e9sente pour les int\u00e9r\u00eats mentionn\u00e9s aux articles L. 211-1 et L. 511-1 dans un \nd\u00e9lai de deux mois \u00e0 compter du premier jour de la publication ou de l'affichage de ces  \nd\u00e9cisions ;\n2\u00b0 Par les demandeurs ou exploitants, dans un d\u00e9lai de deux mois \u00e0 compter de la date \u00e0  \nlaquelle la d\u00e9cision leur a \u00e9t\u00e9 notifi\u00e9e.\nCette d\u00e9cision peut \u00e9galement faire l'objet d'un recours gracieux ou hi\u00e9rarchique dans un  \nd\u00e9lai de deux mois. Ce recours administratif prolonge de deux mois les d\u00e9lais mentionn\u00e9s ci-\ndessus.\nLe tribunal administratif peut \u00eatre saisi par l'application informatique \"T\u00e9l\u00e9recours citoyen\"  \naccessible par le site internet www.telerecours.fr\nArticle 4     :   Ex\u00e9cution\nLe  secr\u00e9taire  g\u00e9n\u00e9ral  de  la  pr\u00e9fecture  du  Var,  la  sous-pr\u00e9f\u00e8te  de  Brignoles,  le  directeur \nd\u00e9partemental des territoires et de la mer, le maire de VARAGES sont charg\u00e9s, chacun en ce  \nqui le concerne, de l'ex\u00e9cution du pr\u00e9sent arr\u00eat\u00e9 dont une copie sera tenue \u00e0 la disposition  \ndu public \u00e0 la mairie de VARAGES.\nFait \u00e0 Toulon, le 01 d\u00e9cembre 2025\nPour le pr\u00e9fet et par d\u00e9l\u00e9gation,\nPour le directeur d\u00e9partemental des territoires et de la mer, et par subd\u00e9l\u00e9gation\nLe chef du bureau r\u00e9glementation eau et Natura 2000,\nSign\u00e9\nS\u00e9bastien LERDA\nConform\u00e9ment au r\u00e8glement g\u00e9n\u00e9ral sur la protection des donn\u00e9es du 27 avril 2016, applicable depuis le 25 mai 2018 et \u00e0 la loi\n\u00ab informatique et libert\u00e9 \u00bb dans sa derni\u00e8re version modifi\u00e9e du 20 juin 2018, vous disposez d'un droit d'acc\u00e8s, de rectification,  \nde suppression et d'opposition des informations qui vous concernent. \nSi vous d\u00e9sirez exercer ce droit et obtenir une communication des informations vous concernant, veuillez adresser un courrier ou \nun courriel au guichet unique de police de l'eau o\u00f9 vous avez d\u00e9pos\u00e9 votre dossier. Cette demande \u00e9crite est accompagn\u00e9e  \nd'une copie du titre d'identit\u00e9 avec signature du titulaire de la pi\u00e8ce, en pr\u00e9cisant l'adresse \u00e0 laquelle la r\u00e9ponse doit \u00eatre  \nenvoy\u00e9e.\nToute d\u00e9cision susceptible de recours devant le tribunal administratif territorialement comp\u00e9tent l'est au moyen de l'application \nT\u00e9l\u00e9recours (https://www.telerecours.fr/)\n3/3\nDirection d\u00e9partementale des territoires et de la mer du Var - 83-2025-12-01-00003 - Arr\u00eat\u00e9 pr\u00e9fectoral n\u00b0 DDTM /SEBIO / 2025-172 \ndu 01 d\u00e9cembre 2025 portant prorogation du r\u00e9c\u00e9piss\u00e9 de d\u00e9claration n\u00b0 83-2022-00122 (D2297) en date du 24/07/2023 relatif \u00e0 la\ncr\u00e9ation du projet de parc solaire de Bayol sur la commune de VARAGES.\t\n75\nPr\u00e9fecture du VAR\n83-2025-11-20-00015\nARR\u00caT\u00c9 INTER-PR\u00c9FECTORAL\nPORTANT APPROBATION DE L'\u00c9VALUATION DE\nS\u00dbRET\u00c9 PORTUAIRE \nDU \u00ab\u00a0PORT DE SAINT-TROPEZ\u00a0\u00bb - (\u00ab\u00a0FRSTP\u00a0\u00bb\u00a0 -\n\u00ab\u00a08500\u00a0\u00bb)\nPr\u00e9fecture du VAR - 83-2025-11-20-00015 - ARR\u00caT\u00c9 INTER-PR\u00c9FECTORAL\nPORTANT APPROBATION DE L'\u00c9VALUATION DE S\u00dbRET\u00c9 PORTUAIRE \nDU \u00ab\u00a0PORT DE SAINT-TROPEZ\u00a0\u00bb - (\u00ab\u00a0FRSTP\u00a0\u00bb\u00a0 - \u00ab\u00a08500\u00a0\u00bb)\n76\nPREFETMARITIMEDE LA MEDITERRANEELibert\u00e9\u00c9galit\u00e9Fraternit\u00e9\nPR\u00c9FETDU VARLibert\u00e9\u00c9galit\u00e9Fraternit\u00e9\nARR\u00caT\u00c9 INTER-PR\u00c9FECTORAL\nPORTANT APPROBATION DE L'\u00c9VALUATION DE S\u00dbRET\u00c9 PORTUAIRE \nDU \u00ab PORT DE SAINT-TROPEZ \u00bb - (\u00ab FRSTP \u00bb  - \u00ab 8500 \u00bb)\n  Arr\u00eat\u00e9 N\u00b0 2025-BSP-SUR-12\n                      du 20 novembre 2025\nLe pr\u00e9fet maritime de la M\u00e9diterran\u00e9e, Le pr\u00e9fet du Var,\nVu le r\u00e8glement du Parlement et du Conseil europ\u00e9en n\u00b0 725/2004 du 31 mars 2004\n(modifi\u00e9)  relatif  \u00e0  l'am\u00e9lioration  de  la  s\u00fbret\u00e9  des  navires  et  des  installations\nportuaires ;\nVu la directive du Parlement et du Conseil europ\u00e9en n\u00b0 2005/65/CE du 26 octobre  \n2005, relative \u00e0 l'am\u00e9lioration de la s\u00fbret\u00e9 des ports ;\nVu le code des transports, notamment ses articles  L. 5331-2,  L. 5332-1 \u00e0  L. 5332-7 , \nR. 5332-17 et R. 5332-18, R. 5332-5 ;\nVu le d\u00e9cret n\u00b02004-112 du 6 f\u00e9vrier 2004 (modifi\u00e9) relatif \u00e0 l'organisation de l'action  \nde l'\u00c9tat en mer ;\nVu le d\u00e9cret n\u00b02004-374 du 29 avril 2004 (modifi\u00e9) relatif aux pouvoirs des pr\u00e9fets, \u00e0  \nl'organisation  et  \u00e0  l'action  des  services  de  l'\u00c9tat  dans  les  r\u00e9gions  et  les  \nd\u00e9partements ;\nVu le d\u00e9cret du 26 juin 2024 portant nomination du vice-amiral d'escadre Christophe  \nLUCAS, pr\u00e9fet maritime de la M\u00e9diterran\u00e9e ;\nVu le  d\u00e9cret  du  pr\u00e9sident  de  la  R\u00e9publique  en  date  du  15  mai  2025  portant\nnomination de M. Simon BABRE, pr\u00e9fet du Var ;\nVu l'arr\u00eat\u00e9  minist\u00e9riel  du  22  avril  2008  (modifi\u00e9)  d\u00e9finissant  les  modalit\u00e9s  \nd'\u00e9tablissement  des  \u00e9valuations,  des  plans  de  s\u00fbret\u00e9  portuaires  et  des  \ninstallations portuaires ; \nVu l'arr\u00eat\u00e9 minist\u00e9riel du 26 avril 2024 relatif \u00e0 la reconnaissance de soci\u00e9t\u00e9s comme \norganismes de s\u00fbret\u00e9 habilit\u00e9s ;\nVu l'arr\u00eat\u00e9 minist\u00e9riel du 22 mai 2025 portant codification de diverses dispositions\nrelatives \u00e0 la s\u00fbret\u00e9 portuaire et notamment son article A. 5332-2 ;\nVu l'arr\u00eat\u00e9 pr\u00e9fectoral n\u00b0 2020-BSP-SUR-06 du 28 janvier 2020 portant constitution  \nd'un groupe d'experts au titre de la s\u00fbret\u00e9 portuaire pour le port de Saint-Tropez ;\nVu l'arr\u00eat\u00e9 pr\u00e9fectoral n\u00b0 2020-BSP-SUR-07 du 28 janvier 2020 portant constitution  \nd'un comit\u00e9 local de s\u00fbret\u00e9 portuaire pour le port de Saint-Tropez ;\nVu l'arr\u00eat\u00e9 du maire de la commune de Saint-Tropez n\u00b0 984/2020 du 18 juin 2020  \nportant d\u00e9limitation du domaine public portuaire de Saint-Tropez ;\nPr\u00e9fecture du VAR - 83-2025-11-20-00015 - ARR\u00caT\u00c9 INTER-PR\u00c9FECTORAL\nPORTANT APPROBATION DE L'\u00c9VALUATION DE S\u00dbRET\u00c9 PORTUAIRE \nDU \u00ab\u00a0PORT DE SAINT-TROPEZ\u00a0\u00bb - (\u00ab\u00a0FRSTP\u00a0\u00bb\u00a0 - \u00ab\u00a08500\u00a0\u00bb)\n77\nVu l'arr\u00eat\u00e9  pr\u00e9fectoral  du  pr\u00e9fet  maritime  de  la  M\u00e9diterran\u00e9e  n\u00b0  236/2025  du\n09 juillet 2025 portant d\u00e9l\u00e9gation de signature ;\nConsid\u00e9rant l'avis favorable en date du 7 mai 2025 des membres du groupe d'experts de  \ns\u00fbret\u00e9 portuaire ;\nConsid\u00e9rant l'avis favorable en date du 15 septembre 2025 des membres du comit\u00e9 local  \nde s\u00fbret\u00e9 portuaire, \u00e9mis par voie \u00e9lectronique ;\nSur proposition de la sous-pr\u00e9f\u00e8te, directrice de cabinet du pr\u00e9fet du Var ;\n  \nARR\u00caTENT\nArticle  1er : L e  pr\u00e9sent  arr\u00eat\u00e9  abroge  l'arr\u00eat\u00e9  inter-pr\u00e9fectoral  N\u00b0  BSP-SUR-02  du  28 \njanvier 2021 du pr\u00e9fet du Var et N\u00b0 22/2021 du 5 f\u00e9vrier 2021  du pr\u00e9fet maritime de la  \nM\u00e9diterran\u00e9e portant approbation de l'\u00e9valuation de s\u00fbret\u00e9 portuaire d u port de Saint-\nTropez N\u00b08500 ;\nArticle 2  : L'\u00e9valuation de s\u00fbret\u00e9 portuaire (ESP) du port de Saint-Tropez (\u00ab  FRSTP \u00bb  -  \n\u00ab 8500 \u00bb),  jointe  au  pr\u00e9sent  arr\u00eat\u00e9,  est  approuv\u00e9e,  pour  une  dur\u00e9e  de  cinq  ans,  soit \njusqu'au 14 novembre 2030 inclus ; \nArticle 3  : L'\u00e9valuation de s\u00fbret\u00e9 portuaire (ESP) du port de Saint-Tropez (\u00ab  FRSTP \u00bb  -  \n\u00ab 8500 \u00bb) ne  sera  pas  publi\u00e9e  au  recueil  des  actes  administratifs,  en  raison  de  son \ncaract\u00e8re confidentiel ;\nArticle  4 :  Le  pr\u00e9fet  maritime  de  la  M\u00e9diterran\u00e9e,  le  pr\u00e9fet  du  Var,  le  directeur  \nd\u00e9partemental  des  territoires  et  de  la  mer,  le  commandant  du  groupement  de  \ngendarmerie, la directrice r\u00e9gionale des douanes, le maire de la commune de Saint-\nTropez, autorit\u00e9 portuaire et l'agent de s\u00fbret\u00e9 portuaire sont charg\u00e9s, chacun en ce qui  \nle  concerne,  de  l'ex\u00e9cution  du  pr\u00e9sent  arr\u00eat\u00e9  qui  sera  publi\u00e9  au  recueil  des  actes \nadministratifs de la pr\u00e9fecture.\n \nPour le pr\u00e9fet maritime de la M\u00e9diterran\u00e9e et par d\u00e9l\u00e9gation,\n                        adjoint au pr\u00e9fet maritime,\n                  charg\u00e9 de l'action de l'Etat en mer,\n \n  \n                                                         A Toulon, le 20 novembre 2025\nLe pr\u00e9fet,\nSign\u00e9\nSimon BABRE \n  \n  \n  \n  \nVoies et d\u00e9lais de recours  \u2013 Conform\u00e9ment aux dispositions des articles R.421-1 \u00e0 R.421-5 du Code de justice  \nadministrative, le pr\u00e9sent arr\u00eat\u00e9 peut faire l'objet d'un recours contentieux devant le tribunal administratif de  \nToulon dans le d\u00e9lai de deux mois \u00e0 compter de sa notification ou de sa publication. Le tribunal administratif  \npeut \u00eatre saisi par l'application \u00ab T\u00e9l\u00e9recours citoyens \u00bb accessible par le site internet www.telerecours.fr\nPr\u00e9fecture du VAR - 83-2025-11-20-00015 - ARR\u00caT\u00c9 INTER-PR\u00c9FECTORAL\nPORTANT APPROBATION DE L'\u00c9VALUATION DE S\u00dbRET\u00c9 PORTUAIRE \nDU \u00ab\u00a0PORT DE SAINT-TROPEZ\u00a0\u00bb - (\u00ab\u00a0FRSTP\u00a0\u00bb\u00a0 - \u00ab\u00a08500\u00a0\u00bb)\n78\nPr\u00e9fecture du VAR\n83-2025-11-20-00022\nARR\u00caT\u00c9 INTER-PR\u00c9FECTORAL\nPORTANT APPROBATION DE L'\u00c9VALUATION DE\nS\u00dbRET\u00c9 PORTUAIRE \nDU \u00ab\u00a0PORT DE SANARY-SUR-MER\u00a0\u00bb -\n(\u00ab\u00a0FRYNR\u00a0\u00bb\u00a0 - \u00ab\u00a08200\u00a0\u00bb)\nPr\u00e9fecture du VAR - 83-2025-11-20-00022 - ARR\u00caT\u00c9 INTER-PR\u00c9FECTORAL\nPORTANT APPROBATION DE L'\u00c9VALUATION DE S\u00dbRET\u00c9 PORTUAIRE \nDU \u00ab\u00a0PORT DE SANARY-SUR-MER\u00a0\u00bb - (\u00ab\u00a0FRYNR\u00a0\u00bb\u00a0 - \u00ab\u00a08200\u00a0\u00bb)\n79\nPREFETMARITIME |DE LA M\u00c9DITERRAN\u00c9ELibert\u00e9\u00c9galit\u00e9Fraternit\u00e9\nPR\u00c9FETDU VARLibert\u00e9\u00c9galit\u00e9Fraternit\u00e9\nARR\u00caT\u00c9 INTER-PR\u00c9FECTORAL\nPORTANT APPROBATION DE L'\u00c9VALUATION DE S\u00dbRET\u00c9 PORTUAIRE \nDU \u00ab PORT DE SANARY-SUR-MER \u00bb - (\u00ab FRYNR \u00bb  - \u00ab 8200 \u00bb)\n  Arr\u00eat\u00e9 N\u00b0 2025-BSP-SUR-19\n                      du 20 novembre 2025\nLe pr\u00e9fet maritime de la M\u00e9diterran\u00e9e, Le pr\u00e9fet du Var,\nVu le r\u00e8glement du Parlement et du Conseil europ\u00e9en n\u00b0 725/2004 du 31 mars 2004\n(modifi\u00e9)  relatif  \u00e0  l'am\u00e9lioration  de  la  s\u00fbret\u00e9  des  navires  et  des  installations\nportuaires ;\nVu la directive du Parlement et du Conseil europ\u00e9en n\u00b0 2005/65/CE du 26 octobre  \n2005, relative \u00e0 l'am\u00e9lioration de la s\u00fbret\u00e9 des ports ;\nVu le code des transports, notamment ses articles L. 5331-2, L. 5332-1 \u00e0 L. 5332-7,  \nR. 5332-17 et R. 5332-18, R. 5332-5 ;\nVu le d\u00e9cret n\u00b02004-112 du 6 f\u00e9vrier 2004 (modifi\u00e9) relatif \u00e0 l'organisation de l'action  \nde l'\u00c9tat en mer ;\nVu le d\u00e9cret n\u00b02004-374 du 29 avril 2004 (modifi\u00e9) relatif aux pouvoirs des pr\u00e9fets, \u00e0  \nl'organisation  et  \u00e0  l'action  des  services  de  l'\u00c9tat  dans  les  r\u00e9gions  et  les  \nd\u00e9partements ;\nVu le d\u00e9cret du 26 juin 2024 portant nomination du vice-amiral d'escadre Christophe  \nLUCAS, pr\u00e9fet maritime de la M\u00e9diterran\u00e9e ;\nVu le  d\u00e9cret  du  pr\u00e9sident  de  la  R\u00e9publique  en  date  du  15  mai  2025  portant\nnomination de M. Simon BABRE, pr\u00e9fet du Var ;\nVu l'arr\u00eat\u00e9  minist\u00e9riel  du  22  avril  2008  (modifi\u00e9)  d\u00e9finissant  les  modalit\u00e9s  \nd'\u00e9tablissement  des  \u00e9valuations,  des  plans  de  s\u00fbret\u00e9  portuaires  et  des  \ninstallations portuaires ; \nVu l'arr\u00eat\u00e9 minist\u00e9riel du 26 avril 2024 relatif \u00e0 la reconnaissance de soci\u00e9t\u00e9s comme \norganismes de s\u00fbret\u00e9 habilit\u00e9s ;\nVu l'arr\u00eat\u00e9 minist\u00e9riel du 22 mai 2025 portant codification de diverses dispositions\nrelatives \u00e0 la s\u00fbret\u00e9 portuaire et notamment son article A. 5332-2 ;\nVu l'arr\u00eat\u00e9 pr\u00e9fectoral n\u00b0 2020-BSP-SUR-10 du 28 janvier 2020 portant constitution  \nd'un groupe d'experts au titre de la s\u00fbret\u00e9 portuaire pour le port de Sanary-sur-\nMer ;\nVu l'arr\u00eat\u00e9 pr\u00e9fectoral n\u00b0 2020-BSP-SUR-11 du 28 janvier 2020 portant constitution  \nd'un comit\u00e9 local de s\u00fbret\u00e9 portuaire pour le port de Sanary-sur-Mer ;\nPr\u00e9fecture du VAR - 83-2025-11-20-00022 - ARR\u00caT\u00c9 INTER-PR\u00c9FECTORAL\nPORTANT APPROBATION DE L'\u00c9VALUATION DE S\u00dbRET\u00c9 PORTUAIRE \nDU \u00ab\u00a0PORT DE SANARY-SUR-MER\u00a0\u00bb - (\u00ab\u00a0FRYNR\u00a0\u00bb\u00a0 - \u00ab\u00a08200\u00a0\u00bb)\n80\nVu l'extrait du registre des d\u00e9lib\u00e9rations du conseil municipal n\u00b0 257 du 19 d\u00e9cembre \n2019 approuvant les limites du domaine portuaire de Sanary-sur-Mer ;\nVu l'arr\u00eat\u00e9  pr\u00e9fectoral  du  pr\u00e9fet  maritime  de  la  M\u00e9diterran\u00e9e  n\u00b0  236/2025  du\n09 juillet 2025 portant d\u00e9l\u00e9gation de signature ;\nConsid\u00e9rant l'avis favorable en date du 28 mai 2025 des membres du groupe d'experts  \nde s\u00fbret\u00e9 portuaire ;\nConsid\u00e9rant l'avis favorable en date du 15 septembre 2025 des membres du comit\u00e9 local  \nde s\u00fbret\u00e9 portuaire, \u00e9mis par voie \u00e9lectronique ;\nSur proposition de la sous-pr\u00e9f\u00e8te, directrice de cabinet du pr\u00e9fet du Var ;\n  \nARR\u00caTENT\nArticle  1er : L e  pr\u00e9sent  arr\u00eat\u00e9  abroge  l'arr\u00eat\u00e9  inter-pr\u00e9fectoral  N\u00b0  BSP-SUR-01  du  28 \njanvier 2021 du pr\u00e9fet du Var et N\u00b0 21/2021 du 5 f\u00e9vrier 2021  du pr\u00e9fet maritime de la  \nM\u00e9diterran\u00e9e portant approbation de l'\u00e9valuation de s\u00fbret\u00e9 portuaire du port de Sanary-\nsur-Mer N\u00b08200 ;\nArticle 2 : L'\u00e9valuation de s\u00fbret\u00e9 portuaire (ESP) du port de Sanary-sur-Mer (\u00ab  FRYNR \u00bb  - \n\u00ab 8200 \u00bb), annex\u00e9e au pr\u00e9sent arr\u00eat\u00e9, est approuv\u00e9e,  pour une dur\u00e9e de cinq ans,  soit \njusqu'au 14 novembre 2030 inclus ; \nArticle 3 : L'\u00e9valuation de s\u00fbret\u00e9 portuaire (ESP) du port de Sanary-sur-Mer (\u00ab  FRYNR \u00bb  - \n\u00ab 8200 \u00bb) ne  sera  pas  publi\u00e9e  au  recueil  des  actes  administratifs,  en  raison  de  son  \ncaract\u00e8re confidentiel ;\nArticle  4 :  Le  pr\u00e9fet  maritime  de  la  M\u00e9diterran\u00e9e,  le  pr\u00e9fet  du  Var,  le  directeur  \nd\u00e9partemental  des  territoires  et  de  la  mer,  la  directrice  r\u00e9gionale  des  douanes,  le  \ndirecteur  de  la  direction  interd\u00e9partementale  de  la  police  nationale,  le  maire  de  la \ncommune  de  Sanary-sur-Mer,  autorit\u00e9  portuaire  et  l'agent  de  s\u00fbret\u00e9  portuaire  sont  \ncharg\u00e9s, chacun en ce qui le concerne, de l'ex\u00e9cution du pr\u00e9sent arr\u00eat\u00e9 qui sera publi\u00e9  \nau recueil des actes administratifs de la pr\u00e9fecture.\n  \n  \n Pour le pr\u00e9fet maritime de la M\u00e9diterran\u00e9e et par d\u00e9l\u00e9gation,\n                        adjoint au pr\u00e9fet maritime,\n                  charg\u00e9 de l'action de l'Etat en mer,\n \n       A Toulon, le 20 novembre 2025\nLe pr\u00e9fet,\nSign\u00e9\nSimon BABRE\n  \nVoies et d\u00e9lais de recours  \u2013 Conform\u00e9ment aux dispositions des articles R.421-1 \u00e0 R.421-5 du Code de justice  \nadministrative, le pr\u00e9sent arr\u00eat\u00e9 peut faire l'objet d'un recours contentieux devant le tribunal administratif de  \nToulon dans le d\u00e9lai de deux mois \u00e0 compter de sa notification ou de sa publication. Le tribunal administratif  \npeut \u00eatre saisi par l'application \u00ab T\u00e9l\u00e9recours citoyens \u00bb accessible par le site internet www.telerecours.fr\nPr\u00e9fecture du VAR - 83-2025-11-20-00022 - ARR\u00caT\u00c9 INTER-PR\u00c9FECTORAL\nPORTANT APPROBATION DE L'\u00c9VALUATION DE S\u00dbRET\u00c9 PORTUAIRE \nDU \u00ab\u00a0PORT DE SANARY-SUR-MER\u00a0\u00bb - (\u00ab\u00a0FRYNR\u00a0\u00bb\u00a0 - \u00ab\u00a08200\u00a0\u00bb)\n81\nPr\u00e9fecture du VAR\n83-2025-11-20-00016\nARR\u00caT\u00c9 INTER-PR\u00c9FECTORAL\nPORTANT CREATION DES LIMITES PORTUAIRES\nDE S\u00dbRET\u00c9\nDU \u00ab\u00a0PORT DE SAINT-TROPEZ\u00a0\u00bb - (\u00ab\u00a0FRSTP\u00a0\u00bb\u00a0 -\n\u00ab\u00a08500\u00a0\u00bb)-11  DU 20 11 2025 APPROUVANT LPS\nPORT DE SAINT TROPEZ\nPr\u00e9fecture du VAR - 83-2025-11-20-00016 - ARR\u00caT\u00c9 INTER-PR\u00c9FECTORAL\nPORTANT CREATION DES LIMITES PORTUAIRES DE S\u00dbRET\u00c9\nDU \u00ab\u00a0PORT DE SAINT-TROPEZ\u00a0\u00bb - (\u00ab\u00a0FRSTP\u00a0\u00bb\u00a0 - \u00ab\u00a08500\u00a0\u00bb)-11  DU 20 11 2025 APPROUVANT LPS PORT DE SAINT TROPEZ\n82\nPREFETMARITIME |DE LA M\u00c9DITERRAN\u00c9ELibert\u00e9Egalit\u00e9Fraternit\u00e9\nPR\u00c9FETDU VARLibert\u00e9\u00c9galit\u00e9Fraternit\u00e9\n  \n                                                                        \nARR\u00caT\u00c9 INTER-PR\u00c9FECTORAL\nPORTANT CREATION DES LIMITES PORTUAIRES DE S\u00dbRET\u00c9\nDU \u00ab PORT DE SAINT-TROPEZ \u00bb - (\u00ab FRSTP \u00bb  - \u00ab 8500 \u00bb)\n                                                                                \nArr\u00eat\u00e9 N\u00b0 2025-BSP-SUR-11\n                      du 20 novembre 2025\n                                                                                \nLe pr\u00e9fet maritime de la M\u00e9diterran\u00e9e, Le pr\u00e9fet du Var,\nVu le r\u00e8glement du Parlement et du Conseil europ\u00e9en n\u00b0 725/2004 du 31 mars 2004\n(modifi\u00e9)  relatif  \u00e0  l'am\u00e9lioration  de  la  s\u00fbret\u00e9  des  navires  et  des  installations\nportuaires ;\nVu la directive du Parlement et du Conseil europ\u00e9en n\u00b0 2005/65/CE du 26 octobre\n2005, relative \u00e0 l'am\u00e9lioration de la s\u00fbret\u00e9 dans les ports ;\nVu le code des transports, notamment les articles L5332-1, L5332-6, R5332-18, R5332-19,\nR5332-20 ;\nVu le d\u00e9cret n\u00b0 2004-112 du 6 f\u00e9vrier 2004 (modifi\u00e9) relatif \u00e0 l'organisation de l'action de\nl'\u00c9tat en mer ;\nVu le d\u00e9cret n\u00b0 2004-374 du 29 avril 2004 (modifi\u00e9) relatif aux pouvoirs des pr\u00e9fets, \u00e0\nl'organisation des services de l'\u00c9tat dans les r\u00e9gions et les d\u00e9partements ;\nVu le d\u00e9cret du 26 juin 2024 portant nomination du vice-amiral d'escadre Christophe  \nLUCAS, pr\u00e9fet maritime de la M\u00e9diterran\u00e9e ;\nVu le  d\u00e9cret  du  pr\u00e9sident  de  la  R\u00e9publique  en  date  du  15  mai  2025  portant\nnomination de M. Simon BABRE, pr\u00e9fet du Var ;\nVu l'arr\u00eat\u00e9  minist\u00e9riel  du  22  avril  2008  (modifi\u00e9)  d\u00e9finissant  les  modalit\u00e9s\nd'\u00e9tablissement  des  \u00e9valuations  et  des  plans  de  s\u00fbret\u00e9  portuaires  et  des\ninstallations portuaires ;\nVu l'arr\u00eat\u00e9  minist\u00e9riel  du  22  mai  2025  portant  codification  de  diverses  \ndispositions relatives \u00e0 la s\u00fbret\u00e9 portuaire;\nVu l'arr\u00eat\u00e9 pr\u00e9fectoral n\u00b0 2020-BSP-SUR-06 du 28 janvier 2020 portant constitution d'un \ngroupe d'experts au titre de la s\u00fbret\u00e9 portuaire pour le port de Saint-Tropez ;\nVu l'arr\u00eat\u00e9 pr\u00e9fectoral n\u00b0 2020-BSP-SUR-07 du 28 janvier 2020 portant constitution  \nd'un comit\u00e9 local de s\u00fbret\u00e9 portuaire pour le port de Saint-Tropez ; \nVu l'arr\u00eat\u00e9  du  maire  de  la  commune  de  Saint-Tropez  n\u00b0  984/2020  du  18  juin  2020\nportant d\u00e9limitation du domaine public portuaire de Saint-Tropez ;\nVu l'arr\u00eat\u00e9 inter-pr\u00e9fectoral N\u00b02025-BSP-SUR-12 du pr\u00e9fet du Var et du pr\u00e9fet maritime \nde la M\u00e9diterran\u00e9e, approuvant l'\u00e9valuation de s\u00fbret\u00e9 portuaire du port de Saint-\nTropez (\u00ab FRSTP \u00bb  - \u00ab 8500 \u00bb);\n1/3\nPr\u00e9fecture du VAR - 83-2025-11-20-00016 - ARR\u00caT\u00c9 INTER-PR\u00c9FECTORAL\nPORTANT CREATION DES LIMITES PORTUAIRES DE S\u00dbRET\u00c9\nDU \u00ab\u00a0PORT DE SAINT-TROPEZ\u00a0\u00bb - (\u00ab\u00a0FRSTP\u00a0\u00bb\u00a0 - \u00ab\u00a08500\u00a0\u00bb)-11  DU 20 11 2025 APPROUVANT LPS PORT DE SAINT TROPEZ\n83\nVu l'arr\u00eat\u00e9 du pr\u00e9fet maritime de la M\u00e9diterran\u00e9e n\u00b011/1995 du 09 juin 1995 portant  \nlimitation  de  la  vitesse  des  navires,  embarcations  et  engins  de  toute  nature,  et \nr\u00e9glementant la pratique du ski nautique et des engins tract\u00e9s dans la Golfe de  \nSaint-Tropez et au large de la commune de Ramatuelle ;\nVu l'arr\u00eat\u00e9  du  pr\u00e9fet  maritime  de  la  M\u00e9diterran\u00e9e  n\u00b059/2021  du  1er  avril  2021  \nr\u00e9glementant les plans d'eau de M\u00e9diterran\u00e9e utilis\u00e9s par les a\u00e9ronefs amphibies  \ncharg\u00e9s de lutte contre les incendies de for\u00eat ;\nVu l'arr\u00eat\u00e9 du pr\u00e9fet maritime de la M\u00e9diterran\u00e9e n\u00b0157/2024 du 23 mai  2024 \nr\u00e9glementant  le  mouillage  et  l'arr\u00eat  des  navires  de  longueur  hors-tout  \nsup\u00e9rieure ou \u00e9gale \u00e0 45 m\u00e8tres, ou dont la jauge brute est sup\u00e9rieure ou  \n\u00e9gale \u00e0 300 UMS, dans les eaux int\u00e9rieures et la mer territoriale fran\u00e7aises de  \nM\u00e9diterran\u00e9e ; \nVu l'arr\u00eat\u00e9  du  pr\u00e9fet  maritime  de  la  M\u00e9diterran\u00e9e  n\u00b0\u00a0236/2025  du  09  juillet  2025 \nportant d\u00e9l\u00e9gation de signature\u00a0;\nConsid\u00e9rant l'avis favorable en date du 7 mai 2025 des membres du groupe d'experts de  \ns\u00fbret\u00e9 portuaire ;\nConsid\u00e9rant l'avis favorable en date du 15 septembre 2025 des membres du comi-\nt\u00e9 local de s\u00fbret\u00e9 portuaire, \u00e9mis par voie \u00e9lectronique ;\nConsid\u00e9rant la  n\u00e9cessit\u00e9  de  cr\u00e9er  les  limites  portuaires  de  s\u00fbret\u00e9  dans  lesquelles \ns'appliquent les mesures de s\u00fbret\u00e9 selon l'\u00e9valuation de s\u00fbret\u00e9 du port de Saint-Tropez ; \nSur proposition de la sous-pr\u00e9f\u00e8te, directrice de cabinet du pr\u00e9fet du Var ;\n  \nARR\u00caTENT :\nArticle 1er : Le pr\u00e9sent arr\u00eat\u00e9 abroge l'arr\u00eat\u00e9 pr\u00e9fectoral n\u00b0 2024-BSP-SUR-07 du 23 f\u00e9vrier \n2024 ;\nArticle  2 :  Les  limites  portuaires  de  s\u00fbret\u00e9  (LPS)  du  port  de  Saint-Tropez  sont \nd\u00e9limit\u00e9es conform\u00e9ment au plan annex\u00e9 au pr\u00e9sent arr\u00eat\u00e9 (annexe I) ;\nAu  sein  de  ces  LPS,  rel\u00e8ve  de  la  comp\u00e9tence  du  pr\u00e9fet  maritime  la  partie  maritime \ncomprenant  la  zone  de  mouillage  et  d'attente  des  navires  de  croisi\u00e8res  et  le  chenal \nd'acc\u00e8s des tenders vers le port ;\nAu sein de ces LPS, rel\u00e8ve de la comp\u00e9tence du pr\u00e9fet de d\u00e9partement la partie terrestre  \ncomprenant le port dans ses limites administratives (sauf le port du Pilon), l'installation  \nportuaire N\u00b08501 et sa ZAR N\u00b08501-1, la capitainerie, le transformateur EDF 25 KV, la  \nstation d'avitaillement (stockage combustibles), le Centre de Surveillance Urbain (CSU), la \ncaserne  des  pompiers,  les  rues  adjacentes  au  vieux  port,  les  parkings  contigus,  \nl'h\u00e9lisurface en bout du parking du port (annexe II).\nArticle 3 : Les plans en annexes, ne seront pas publi\u00e9s au recueil des actes administratifs  \nen raison de leur caract\u00e8re confidentiel.\n2/3\nPr\u00e9fecture du VAR - 83-2025-11-20-00016 - ARR\u00caT\u00c9 INTER-PR\u00c9FECTORAL\nPORTANT CREATION DES LIMITES PORTUAIRES DE S\u00dbRET\u00c9\nDU \u00ab\u00a0PORT DE SAINT-TROPEZ\u00a0\u00bb - (\u00ab\u00a0FRSTP\u00a0\u00bb\u00a0 - \u00ab\u00a08500\u00a0\u00bb)-11  DU 20 11 2025 APPROUVANT LPS PORT DE SAINT TROPEZ\n84\nArticle  4 :  Le  pr\u00e9fet  maritime  de  la  M\u00e9diterran\u00e9e,  le  pr\u00e9fet  du  Var,  le  maire  de  la \ncommune de Saint-Tropez, autorit\u00e9 portuaire et l'agent de s\u00fbret\u00e9 portuaire, sont charg\u00e9s, \nchacun en ce qui le concerne, de l'ex\u00e9cution du pr\u00e9sent arr\u00eat\u00e9 qui sera publi\u00e9 au recueil  \ndes actes administratifs de la pr\u00e9fecture.\nPour le pr\u00e9fet maritime de la M\u00e9diterran\u00e9e et par d\u00e9l\u00e9gation,\n           le commissaire g\u00e9n\u00e9ral Jean-Emmanuel Perrin          \n                        adjoint au pr\u00e9fet maritime,\n                  charg\u00e9 de l'action de l'Etat en mer,\n  \n    A Toulon, le 20 novembre 2025\nLe pr\u00e9fet,\nSign\u00e9\nSimon BABRE\n  \n  \n                                                      \n  \n       \nVoies et d\u00e9lais de recours  \u2013 Conform\u00e9ment aux dispositions des articles R.421-1 \u00e0 R.421-5 du Code de justice  \nadministrative, le pr\u00e9sent arr\u00eat\u00e9 peut faire l'objet d'un recours contentieux devant le tribunal administratif de  \nToulon dans le d\u00e9lai de deux mois \u00e0 compter de sa notification ou de sa publication. Le tribunal administratif  \npeut \u00eatre saisi par l'application \u00ab T\u00e9l\u00e9recours citoyens \u00bb accessible par le site internet www.telerecours.fr\n3/3\nPr\u00e9fecture du VAR - 83-2025-11-20-00016 - ARR\u00caT\u00c9 INTER-PR\u00c9FECTORAL\nPORTANT CREATION DES LIMITES PORTUAIRES DE S\u00dbRET\u00c9\nDU \u00ab\u00a0PORT DE SAINT-TROPEZ\u00a0\u00bb - (\u00ab\u00a0FRSTP\u00a0\u00bb\u00a0 - \u00ab\u00a08500\u00a0\u00bb)-11  DU 20 11 2025 APPROUVANT LPS PORT DE SAINT TROPEZ\n85\nPr\u00e9fecture du VAR\n83-2025-11-20-00023\nARR\u00caT\u00c9 INTER-PR\u00c9FECTORAL\nPORTANT CREATION DES LIMITES PORTUAIRES\nDE S\u00dbRET\u00c9\nDU \u00ab\u00a0PORT DE SANARY-SUR-MER\u00a0\u00bb -\n(\u00ab\u00a0FRYNR\u00a0\u00bb\u00a0 - \u00ab\u00a08200\u00a0\u00bb)\nPr\u00e9fecture du VAR - 83-2025-11-20-00023 - ARR\u00caT\u00c9 INTER-PR\u00c9FECTORAL\nPORTANT CREATION DES LIMITES PORTUAIRES DE S\u00dbRET\u00c9\nDU \u00ab\u00a0PORT DE SANARY-SUR-MER\u00a0\u00bb - (\u00ab\u00a0FRYNR\u00a0\u00bb\u00a0 - \u00ab\u00a08200\u00a0\u00bb)\n86\nPREFETMARITIME |DE LA M\u00c9DITERRAN\u00c9ELibert\u00e9Egalit\u00e9Fraternit\u00e9\nPR\u00c9FETDU VARLibert\u00e9\u00c9galit\u00e9Fraternit\u00e9\n  \nARR\u00caT\u00c9 INTER-PR\u00c9FECTORAL\nPORTANT CREATION DES LIMITES PORTUAIRES DE S\u00dbRET\u00c9\nDU \u00ab PORT DE SANARY-SUR-MER \u00bb - (\u00ab FRYNR \u00bb  - \u00ab 8200 \u00bb)\n                                                                                        \nArr\u00eat\u00e9 N\u00b0 2025-BSP-SUR-18\n                      du 20 novembre 2025\nLe pr\u00e9fet maritime de la M\u00e9diterran\u00e9e, Le pr\u00e9fet du Var,\nVu le r\u00e8glement du Parlement et du Conseil europ\u00e9en n\u00b0 725/2004 du 31 mars 2004\n(modifi\u00e9)  relatif  \u00e0  l'am\u00e9lioration  de  la  s\u00fbret\u00e9  des  navires  et  des  installations\nportuaires ;\nVu la directive du Parlement et du Conseil europ\u00e9en n\u00b0 2005/65/CE du 26 octobre\n2005, relative \u00e0 l'am\u00e9lioration de la s\u00fbret\u00e9 dans les ports ;\nVu le code des transports, notamment les articles L5332-1, L5332-6, R5332-18, R5332-19,\nR5332-20 ;\nVu le d\u00e9cret n\u00b0 2004-112 du 6 f\u00e9vrier 2004 (modifi\u00e9) relatif \u00e0 l'organisation de l'action de\nl'\u00c9tat en mer ;\nVu le d\u00e9cret n\u00b0 2004-374 du 29 avril 2004 (modifi\u00e9) relatif aux pouvoirs des pr\u00e9fets, \u00e0\nl'organisation des services de l'\u00c9tat dans les r\u00e9gions et les d\u00e9partements ;\nVu le d\u00e9cret du 26 juin 2024 portant nomination du vice-amiral d'escadre Christophe  \nLUCAS, pr\u00e9fet maritime de la M\u00e9diterran\u00e9e ;\nVu le  d\u00e9cret  du  pr\u00e9sident  de  la  R\u00e9publique  en  date  du  15  mai  2025  portant\nnomination de M. Simon BABRE, pr\u00e9fet du Var ;\nVu l'arr\u00eat\u00e9  minist\u00e9riel  du  22  avril  2008  (modifi\u00e9)  d\u00e9finissant  les  modalit\u00e9s\nd'\u00e9tablissement  des  \u00e9valuations  et  des  plans  de  s\u00fbret\u00e9  portuaires  et  des\ninstallations portuaires ;\nVu l'arr\u00eat\u00e9  minist\u00e9riel  du  22  mai  2025  portant  codification  de  diverses  dispositions\nrelatives \u00e0 la s\u00fbret\u00e9 portuaire ;\nVu l'arr\u00eat\u00e9 pr\u00e9fectoral n\u00b0 2020-BSP-SUR-10 du 28 janvier 2020 portant constitution d'un \ngroupe d'experts au titre de la s\u00fbret\u00e9 portuaire pour le port de Sanary-sur-Mer ;\nVu l'arr\u00eat\u00e9 pr\u00e9fectoral n\u00b0 2020-BSP-SUR-11 du 28 janvier 2020 portant constitution d'un \ncomit\u00e9 local de s\u00fbret\u00e9 portuaire pour le port de Sanary-sur-Mer ;\nVu l'extrait du registre des d\u00e9lib\u00e9rations du conseil municipal n\u00b0 257 du 19 d\u00e9cembre \n2019 approuvant les limites du domaine portuaire de Sanary-sur-Mer ;\n1/3\nPr\u00e9fecture du VAR - 83-2025-11-20-00023 - ARR\u00caT\u00c9 INTER-PR\u00c9FECTORAL\nPORTANT CREATION DES LIMITES PORTUAIRES DE S\u00dbRET\u00c9\nDU \u00ab\u00a0PORT DE SANARY-SUR-MER\u00a0\u00bb - (\u00ab\u00a0FRYNR\u00a0\u00bb\u00a0 - \u00ab\u00a08200\u00a0\u00bb)\n87\nVu l'arr\u00eat\u00e9  inter-pr\u00e9fectoral  N\u00b02025-BSP-SUR-20  du  pr\u00e9fet  du  Var  et  du  pr\u00e9fet  \nmaritime de  la  M\u00e9diterran\u00e9e,  portant  approbation  de  l'\u00e9valuation  de  s\u00fbret\u00e9  \nportuaire du port de Sanary-sur-Mer (\u00ab FRYNR \u00bb  - \u00ab 8200 \u00bb) ;\nVu l'arr\u00eat\u00e9 du pr\u00e9fet maritime n\u00b0 129-2025 du 11 juin 2021 r\u00e9glementant le mouillage, la  \nbaignade et la plong\u00e9e sous-marine aux abords d'un coffre en baie de Sanary, fixant  \nles obligations et encadrant les activit\u00e9s durant l'amarrage au coffre (commune de  \nSanary-sur-Mer \u2013 Var) ;\nVu  l'arr\u00eat\u00e9  du  pr\u00e9fet  maritime  de  la  M\u00e9diterran\u00e9e  n\u00b0157/2024  du  23  mai  2024  \nr\u00e9glementant le mouillage et l'arr\u00eat des navires de longueur hors-tout sup\u00e9rieure ou  \n\u00e9gale \u00e0 45 m\u00e8tres, ou dont la jauge brute est sup\u00e9rieure ou \u00e9gale \u00e0 300 UMS, dans  \nles eaux int\u00e9rieures et la mer territoriale fran\u00e7aises de M\u00e9diterran\u00e9e ;\nVu l'arr\u00eat\u00e9  du  pr\u00e9fet  maritime  de  la  M\u00e9diterran\u00e9e  n\u00b0 236/2025  du  09  juillet  2025 \nportant d\u00e9l\u00e9gation de signature ;\nConsid\u00e9rant l'avis favorable en date du 28 mai 2025 des membres du groupe d'experts de \ns\u00fbret\u00e9 portuaire ;\nConsid\u00e9rant l'avis favorable en date du 15 septembre 2025 des membres du comit\u00e9 local  \nde s\u00fbret\u00e9 portuaire, \u00e9mis par voie \u00e9lectronique ;\nConsid\u00e9rant la  n\u00e9cessit\u00e9  de  cr\u00e9er  les  limites  portuaires  de  s\u00fbret\u00e9  dans  lesquelles  \ns'appliquent les mesures de s\u00fbret\u00e9 selon l'\u00e9valuation de s\u00fbret\u00e9 du port de Sanary-sur-\nMer ; \nSur proposition de la sous-pr\u00e9f\u00e8te, directrice de cabinet du pr\u00e9fet du Var ;\n  \nARR\u00caTENT :\nArticle  1er : le  pr\u00e9sent  arr\u00eat\u00e9  abroge  l'arr\u00eat\u00e9  pr\u00e9fectoral  n\u00b0  2022-BSP-SUR-57  du  30 \nnovembre 2022 ;\nArticle 2 : Les limites portuaires de s\u00fbret\u00e9 (LPS) du port de Sanary-sur-Mer sont d\u00e9limit\u00e9es \nconform\u00e9ment au plan annex\u00e9 au pr\u00e9sent arr\u00eat\u00e9 (annexe I) ;\nAu  sein  de  ces  LPS,  rel\u00e8ve  de  la  comp\u00e9tence  du  pr\u00e9fet  maritime  la  partie  maritime \ncomprenant  la  zone  d'\u00e9vitage  des  navires  au  mouillage,  la  zone  d'\u00e9vitage  du  coffre \nd'amarrage d\u00e9di\u00e9e principalement aux navires de croisi\u00e8re, ainsi que la zone de chenalage \ndes tenders effectuant leurs liaisons depuis le coffre d'amarrage vers le port de Sanary-\nsur-Mer.\nAu sein de ces LPS, rel\u00e8ve de la comp\u00e9tence du pr\u00e9fet de d\u00e9partement la partie terrestre  \ncomprenant le port dans ses limites administratives, l'installation portuaire \u00ab  IP N\u00b08201 \u00bb \net sa \u00ab ZAR N\u00b08201-1 \u00bb, la capitainerie, la station d'avitaillement, le Centre de Surveillance  \nUrbain (CSU), la zone d'embarquement des passagers c\u00f4tiers \u2013 Quai De Gaulle (annexe II).\nArticle 3  : les plans en annexes, ne seront pas publi\u00e9s au recueil des actes administratifs  \nen raison de leur caract\u00e8re confidentiel ;\n2/3\nPr\u00e9fecture du VAR - 83-2025-11-20-00023 - ARR\u00caT\u00c9 INTER-PR\u00c9FECTORAL\nPORTANT CREATION DES LIMITES PORTUAIRES DE S\u00dbRET\u00c9\nDU \u00ab\u00a0PORT DE SANARY-SUR-MER\u00a0\u00bb - (\u00ab\u00a0FRYNR\u00a0\u00bb\u00a0 - \u00ab\u00a08200\u00a0\u00bb)\n88\nArticle  4 :  Le  pr\u00e9fet  maritime  de  la  M\u00e9diterran\u00e9e,  le  pr\u00e9fet  du  Var,  le  maire  de  la \ncommune  de  Sanary-sur-Mer,  autorit\u00e9  portuaire  et  l'agent  de  s\u00fbret\u00e9  portuaire,  sont \ncharg\u00e9s, chacun en ce qui le concerne, de l'ex\u00e9cution du pr\u00e9sent arr\u00eat\u00e9 qui sera publi\u00e9 au \nrecueil des actes administratifs de la pr\u00e9fecture du Var.\n        \n           \nPour le pr\u00e9fet maritime de la M\u00e9diterran\u00e9e et par d\u00e9l\u00e9gation,\n           le commissaire g\u00e9n\u00e9ral Jean-Emmanuel Perrin             \n                        adjoint au pr\u00e9fet maritime,\n                  charg\u00e9 de l'action de l'Etat en mer,\n  \n     A Toulon, le 20 novembre 2025\nLe pr\u00e9fet,\nSign\u00e9\nSimon BABRE\n      \n     \n                 \n                                                                     \nVoies et d\u00e9lais de recours  \u2013 Conform\u00e9ment aux dispositions des articles R.421-1 \u00e0 R.421-5 du Code de justice  \nadministrative, le pr\u00e9sent arr\u00eat\u00e9 peut faire l'objet d'un recours contentieux devant le tribunal administratif de  \nToulon dans le d\u00e9lai de deux mois \u00e0 compter de sa notification ou de sa publication. Le tribunal administratif  \npeut \u00eatre saisi par l'application \u00ab T\u00e9l\u00e9recours citoyens \u00bb accessible par le site internet www.telerecours.fr\n3/3\nPr\u00e9fecture du VAR - 83-2025-11-20-00023 - ARR\u00caT\u00c9 INTER-PR\u00c9FECTORAL\nPORTANT CREATION DES LIMITES PORTUAIRES DE S\u00dbRET\u00c9\nDU \u00ab\u00a0PORT DE SANARY-SUR-MER\u00a0\u00bb - (\u00ab\u00a0FRYNR\u00a0\u00bb\u00a0 - \u00ab\u00a08200\u00a0\u00bb)\n89\nPr\u00e9fecture du VAR\n83-2025-11-20-00011\nARR\u00caT\u00c9 N\u00b0 2025-BSP-SUR-07 DU 20 NOVEMBRE\n2025    \nPORTANT APPROBATION DE  LA D\u00c9LIMITATION\nDE \nL'INSTALLATION PORTUAIRE N\u00b0 8501\n\u00ab\u00a0EMBARCAD\u00c8RE DU PORT DE SAINT-TROPEZ\u00a0\u00bb\n- (\u00ab\u00a0FRSTP-0001\u00a0\u00bb\u00a0 - \u00a0\u00ab\u00a08501\u00a0\u00bb)\nPr\u00e9fecture du VAR - 83-2025-11-20-00011 - ARR\u00caT\u00c9 N\u00b0 2025-BSP-SUR-07 DU 20 NOVEMBRE 2025    \nPORTANT APPROBATION DE  LA D\u00c9LIMITATION DE \nL'INSTALLATION PORTUAIRE N\u00b0 8501\n\u00ab\u00a0EMBARCAD\u00c8RE DU PORT DE SAINT-TROPEZ\u00a0\u00bb - (\u00ab\u00a0FRSTP-0001\u00a0\u00bb\u00a0 - \u00a0\u00ab\u00a08501\u00a0\u00bb)\n90\n=mPREFETDU VARLibert\u00e9Egalit\u00e9Fraternit\u00e9\nDirection des s\u00e9curit\u00e9s\nBureau de la s\u00e9curit\u00e9 publique\nARR\u00caT\u00c9 N\u00b0 2025-BSP-SUR-07 DU 20 NOVEMBRE 2025    \nPORTANT APPROBATION DE  LA D\u00c9LIMITATION DE \nL'INSTALLATION PORTUAIRE N\u00b0 8501\n\u00ab EMBARCAD\u00c8RE DU PORT DE SAINT-TROPEZ \u00bb - (\u00ab FRSTP-0001 \u00bb  -  \u00ab 8501 \u00bb)\nLe pr\u00e9fet du Var,\n  \nVu le r\u00e8glement du Parlement et du Conseil europ\u00e9en n\u00b0 725/2004 du 31 mars 2004\n(modifi\u00e9)  relatif  \u00e0  l'am\u00e9lioration  de  la  s\u00fbret\u00e9  des  navires  et  des  installations\nportuaires ;\nVu la directive du Parlement et du Conseil europ\u00e9en n\u00b0 2005/65/CE du 26 octobre\n2005, relative \u00e0 l'am\u00e9lioration de la s\u00fbret\u00e9 dans les ports ;\nVu le code des transports, notamment ses articles L5332-1 et R5332-26 \u00e0 R5332-33 ;\nVu le d\u00e9cret n\u00b0 2004-112 du 6 f\u00e9vrier 2004 (modifi\u00e9) relatif \u00e0 l'organisation de l'action de\nl'\u00c9tat en mer ;\nVu le d\u00e9cret n\u00b0 2004-374 du 29 avril 2004 (modifi\u00e9) relatif aux pouvoirs des pr\u00e9fets, \u00e0\nl'organisation des services de l'\u00c9tat dans les r\u00e9gions et les d\u00e9partements ;\nVu le d\u00e9cret n\u00b0 2015-1756 du 24 d\u00e9cembre 2015, modifi\u00e9, rel atif \u00e0 la s\u00fbret\u00e9 des ports\nmaritimes ;\nVu le d\u00e9cret n\u00b0 2020-806 du 29 juin 2020 relatif \u00e0 certaines commissions \u00e0 caract\u00e8re\nconsultatif  relevant  du  minist\u00e8re  de  la  transition  \u00e9cologique  et  solidaire  et  du\nminist\u00e8re  de  la  coh\u00e9sion  des  territoires  et  des  relations  avec  les  collectivit\u00e9s\nterritoriales ;\nVu le  d\u00e9cret  du  pr\u00e9sident  de  la  R\u00e9publique  en  date  du  15  mai  2025  portant\nnomination de M. Simon BABRE, pr\u00e9fet du Var ;\nVu le  d\u00e9cret  du  pr\u00e9sident  de  la  R\u00e9publique  en  date  du  03  avril  2024  portant\nnomination de Mme Jos\u00e9phine GUIGLIANO-BOUTONNET , directrice de cabinet du\npr\u00e9fet du Var ;\nVu l'arr\u00eat\u00e9  minist\u00e9riel  du  22  avril  2008  (modifi\u00e9)  d\u00e9finissant  les  modalit\u00e9s\nd'\u00e9tablissement  des  \u00e9valuations  et  des  plans  de  s\u00fbret\u00e9  portuaires  et  des\ninstallations portuaires ;\nVu l'arr\u00eat\u00e9  minist\u00e9riel  du  22  mai  2025  portant  codification  de  diverses  dispositions\nrelatives \u00e0 la s\u00fbret\u00e9 portuaire ;\nVu l'arr\u00eat\u00e9  pr\u00e9fectoral  n\u00b0  2025/54/MCI  du  15  juillet  2025  portant  d\u00e9l\u00e9gation  de  \nsignature  \u00e0  Mme  Jos\u00e9phine  GUIGLIANO-BOUTONNET,  directrice  de  cabinet  du  \npr\u00e9fet du Var ;\nPr\u00e9fecture du Var - Boulevard du 112\u00e8me R.I. - CS 31 209 - 83 070 TOULON CEDEX \nStandard t\u00e9l\u00e9phonique : 04 94 18 83 83 - Portail Internet : www.var.gouv.fr 1/2\nPr\u00e9fecture du VAR - 83-2025-11-20-00011 - ARR\u00caT\u00c9 N\u00b0 2025-BSP-SUR-07 DU 20 NOVEMBRE 2025    \nPORTANT APPROBATION DE  LA D\u00c9LIMITATION DE \nL'INSTALLATION PORTUAIRE N\u00b0 8501\n\u00ab\u00a0EMBARCAD\u00c8RE DU PORT DE SAINT-TROPEZ\u00a0\u00bb - (\u00ab\u00a0FRSTP-0001\u00a0\u00bb\u00a0 - \u00a0\u00ab\u00a08501\u00a0\u00bb)\n91\nConsid\u00e9rant la  proposition  \u00e9mise  par  l'autorit\u00e9  portuaire  de  fixer  la  d\u00e9limitation  de \nl'installation portuaire N \u00b08501  \u00ab EMBARCAD\u00c8RE DU PORT DE SAINT-TROPEZ  \u00bb (\u00ab  FRSTP-\n0001 \u00bb  - \u00ab 8501 \u00bb);\nSur proposition de la sous-pr\u00e9f\u00e8te, directrice de cabinet du pr\u00e9fet du Var ;\nARR\u00caTE :\nArticle 1er : Le pr\u00e9sent arr\u00eat\u00e9 abroge l'arr\u00eat\u00e9 pr\u00e9fectoral N\u00b0 2021-BSP-SUR-17 du 05 f\u00e9vrier \n2021 portant  cr\u00e9ation  et  d\u00e9limitation  de  l'installation  portuaire  N\u00b0  8501  \n\u00ab EMBARCAD\u00c8RES DU PORT DE SAINT-TROPEZ ;\nArticle 2  : L 'installation portuaire N\u00b0 8501, d\u00e9nomm\u00e9e  \u00ab EMBARCAD\u00c8RE DU PORT DE  \nSAINT-TROPEZ \u00bb est  compos\u00e9e  d'une  partie  du  quai  de  l'Estacade  principalement  \nexploit\u00e9 pour accueillir les tenders des passagers des navires de croisi\u00e8res au mouillage.  \nL'autre partie du quai accueille les navettes \u00e0 passagers de transports c\u00f4tiers. L'installation \nportuaire est d\u00e9limit\u00e9e selon le plan joint en annexe du pr\u00e9sent arr\u00eat\u00e9 ;\nArticle 3 : Le plan ne sera pas publi\u00e9 au recueil des actes administratifs, en raison de son  \ncaract\u00e8re confidentiel ;\nArticle 4 : La commune de Saint-Tropez est d\u00e9sign\u00e9e exploitant au sens de la s\u00fbret\u00e9. A ce  \ntitre, elle est responsable de l'\u00e9laboration et de la mise en \u0153uvre du plan de s\u00fbret\u00e9 de  \nl'installation portuaire ;\nArticle 5  : La sous-pr\u00e9f\u00e8te, directrice de cabinet du pr\u00e9fet du Var, l'autorit\u00e9 portuaire,  \nmaire de la commune de Saint-Tropez, l'agent de s\u00fbret\u00e9 de l'installation portuaire sont  \ncharg\u00e9s, chacun en ce qui le concerne, de l'ex\u00e9cution du pr\u00e9sent arr\u00eat\u00e9 qui sera publi\u00e9 au \nrecueil des actes administratifs de la pr\u00e9fecture du Var.\nA Toulon, le 20 novembre 2025\nLe pr\u00e9fet,\nSign\u00e9\nSimon BABRE \n  \n    \nVoies et d\u00e9lais de recours  \u2013 Conform\u00e9ment aux dispositions des articles R.421-1 \u00e0 R.421-5 du Code de justice  \nadministrative, le pr\u00e9sent arr\u00eat\u00e9 peut faire l'objet d'un recours contentieux devant le tribunal administratif de  \nToulon dans le d\u00e9lai de deux mois \u00e0 compter de sa notification ou de sa publication. Le tribunal administratif  \npeut \u00eatre saisi par l'application \u00ab T\u00e9l\u00e9recours citoyens \u00bb accessible par le site intenet www.telerecours.fr\nPr\u00e9fecture du Var - Boulevard du 112\u00e8me R.I. - CS 31 209 - 83 070 TOULON CEDEX \nStandard t\u00e9l\u00e9phonique : 04 94 18 83 83 - Portail Internet : www.var.gouv.fr 2/2\nPr\u00e9fecture du VAR - 83-2025-11-20-00011 - ARR\u00caT\u00c9 N\u00b0 2025-BSP-SUR-07 DU 20 NOVEMBRE 2025    \nPORTANT APPROBATION DE  LA D\u00c9LIMITATION DE \nL'INSTALLATION PORTUAIRE N\u00b0 8501\n\u00ab\u00a0EMBARCAD\u00c8RE DU PORT DE SAINT-TROPEZ\u00a0\u00bb - (\u00ab\u00a0FRSTP-0001\u00a0\u00bb\u00a0 - \u00a0\u00ab\u00a08501\u00a0\u00bb)\n92\nPr\u00e9fecture du VAR\n83-2025-11-20-00012\nARR\u00caT\u00c9 N\u00b0 2025-BSP-SUR-08 DU 20 NOVEMBRE\n2025\nPORTANT APPROBATION DE LA D\u00c9LIMITATION\nDE LA ZONE D'ACC\u00c8S RESTREINT \u00abN\u00b08501-1 -\nL'ESTACADE\u00a0\u00bb DANS L'INSTALLATION\nPORTUAIRE N\u00b08501\n\u00ab\u00a0EMBARCAD\u00c8RE DU PORT DE SAINT-TROPEZ\u00a0\u00bb\n(\u00ab\u00a0FRSTP-0001\u00a0\u00bb - \u00ab\u00a08501\u00a0\u00bb)\nPr\u00e9fecture du VAR - 83-2025-11-20-00012 - ARR\u00caT\u00c9 N\u00b0 2025-BSP-SUR-08 DU 20 NOVEMBRE 2025\nPORTANT APPROBATION DE LA D\u00c9LIMITATION DE LA ZONE D'ACC\u00c8S RESTREINT \u00abN\u00b08501-1 - L'ESTACADE\u00a0\u00bb DANS L'INSTALLATION\nPORTUAIRE N\u00b08501\n\u00ab\u00a0EMBARCAD\u00c8RE DU PORT DE SAINT-TROPEZ\u00a0\u00bb (\u00ab\u00a0FRSTP-0001\u00a0\u00bb - \u00ab\u00a08501\u00a0\u00bb)\n93\n=mPREFETDU VARLibert\u00e9Egalit\u00e9Fraternit\u00e9\nDirection des s\u00e9curit\u00e9s\nBureau de la s\u00e9curit\u00e9 publique\nARR\u00caT\u00c9 N\u00b0 2025-BSP-SUR-08 DU 20 NOVEMBRE 2025\nPORTANT APPROBATION DE LA D\u00c9LIMITATION DE LA ZONE D'ACC\u00c8S RESTREINT \n\u00abN\u00b08501-1 - L'ESTACADE \u00bb DANS L'INSTALLATION PORTUAIRE N\u00b08501\n\u00ab EMBARCAD\u00c8RE DU PORT DE SAINT-TROPEZ \u00bb (\u00ab FRSTP-0001 \u00bb - \u00ab 8501 \u00bb)\nLe pr\u00e9fet du Var,\nVu le r\u00e8glement du Parlement et du Conseil europ\u00e9en n\u00b0 725/2004 du 31 mars 2004\n(modifi\u00e9)  relatif  \u00e0  l'am\u00e9lioration  de  la  s\u00fbret\u00e9  des  navires  et  des  installations\nportuaires ;\nVu la directive du Parlement et du Conseil europ\u00e9en n\u00b0 2005/65/CE du 26 octobre\n2005, relative \u00e0 l'am\u00e9lioration de la s\u00fbret\u00e9 dans les ports ;\nVu le code des transports, notamment les articles L5332-2, R5332-34, R5332-35, R5332-\n37 et R5332-38 ;\nVu le d\u00e9cret n\u00b0 2004-112 du 6 f\u00e9vrier 2004 (modifi\u00e9) relatif \u00e0 l'organisation de l'action de\nl'\u00c9tat en mer ;\nVu le d\u00e9cret n\u00b0 2004-374 du 29 avril 2004 (modifi\u00e9) relatif aux pouvoirs des pr\u00e9fets, \u00e0\nl'organisation des services de l'\u00c9tat dans les r\u00e9gions et les d\u00e9partements ;\nVu le d\u00e9cret n\u00b0 2015-1756 du 24 d\u00e9cembre 2015 (modifi\u00e9) rel atif \u00e0 la s\u00fbret\u00e9 des ports\nmaritimes ;\nVu le d\u00e9cret n\u00b0 2020-806 du 29 juin 2020 relatif \u00e0 certaines commissions \u00e0 caract\u00e8re\nconsultatif  relevant  du  minist\u00e8re  de  la  transition  \u00e9cologique  et  solidaire  et  du\nminist\u00e8re  de  la  coh\u00e9sion  des  territoires  et  des  relations  avec  les  collectivit\u00e9s\nterritoriales ;\nVu le  d\u00e9cret  du  pr\u00e9sident  de  la  R\u00e9publique  en  date  du  15  mai  2025  portant\nnomination de M. Simon BABRE, pr\u00e9fet du Var ;\nVu le  d\u00e9cret  du  pr\u00e9sident  de  la  R\u00e9publique  en  date  du  03  avril  2024  portant\nnomination de Mme Jos\u00e9phine GUIGLIANO-BOUTONNET , directrice de cabinet du\npr\u00e9fet du Var ;\nVu l'arr\u00eat\u00e9  minist\u00e9riel  du  22  avril  2008,  modifi\u00e9,  d\u00e9finissant  les  modalit\u00e9s\nd'\u00e9tablissement  des  \u00e9valuations  et  des  plans  de  s\u00fbret\u00e9  portuaires  et  des\ninstallations portuaires ;\nVu l'arr\u00eat\u00e9  minist\u00e9riel  du  22  mai  2025  portant  codification  de  diverses  dispositions\nrelatives \u00e0 la s\u00fbret\u00e9 portuaire ;\nVu l'arr\u00eat\u00e9  pr\u00e9fectoral  n\u00b0  2025/54/MCI  du  15  juillet  2025  portant  d\u00e9l\u00e9gation  de\nsignature \u00e0  Mme  Jos\u00e9phine  GUIGLIANO-BOUTONNET,  directrice  de  cabinet  du\npr\u00e9fet du Var ;\nPr\u00e9fecture du Var - Boulevard du 112\u00e8me R.I. - CS 31 209 - 83 070 TOULON CEDEX \nStandard t\u00e9l\u00e9phonique : 04 94 18 83 83 - Portail Internet : www.var.gouv.fr 1/2\nPr\u00e9fecture du VAR - 83-2025-11-20-00012 - ARR\u00caT\u00c9 N\u00b0 2025-BSP-SUR-08 DU 20 NOVEMBRE 2025\nPORTANT APPROBATION DE LA D\u00c9LIMITATION DE LA ZONE D'ACC\u00c8S RESTREINT \u00abN\u00b08501-1 - L'ESTACADE\u00a0\u00bb DANS L'INSTALLATION\nPORTUAIRE N\u00b08501\n\u00ab\u00a0EMBARCAD\u00c8RE DU PORT DE SAINT-TROPEZ\u00a0\u00bb (\u00ab\u00a0FRSTP-0001\u00a0\u00bb - \u00ab\u00a08501\u00a0\u00bb)\n94\nVu l'arr\u00eat\u00e9 pr\u00e9fectoral N\u00b0 2025-BSP-SUR-07 approuvant la d\u00e9limitation de l'installation  \nportuaire  N\u00b08501  \u00abEMBARCAD\u00c8RE  DU  PORT  DE  SAINT-TROPEZ \u00bb  (\u00ab FRSTP-0001 \u00bb  - \n\u00ab 8501 \u00bb);\nConsid\u00e9rant  la proposition \u00e9mise par l'autorit\u00e9 portuaire de fixer la d\u00e9limitation de la  \nzone d'acc\u00e8s restreint (ZAR) dans laquelle s'appliquent les mesures de s\u00fbret\u00e9 ;\nSur proposition de la sous-pr\u00e9f\u00e8te, directrice de cabinet du pr\u00e9fet du Var ;\nARR\u00caTE :\nArticle 1er : Le pr\u00e9sent arr\u00eat\u00e9 abroge l'arr\u00eat\u00e9 pr\u00e9fectoral N\u00b0 2024-BSP-SUR-08 du 23 f\u00e9vrier \n2024  portant  modification  des  d\u00e9limitations  des  deux  zones  d'acc\u00e8s  restreint  \n\u00ab L'ESTACADE \u00bb N\u00b0 8501-1 et \u00ab  QUAI D'ACCUEIL \u00bb N\u00b0 8501-2 dans l'installation portuaire  \nN\u00b0 8501 du port de Saint-Tropez ;\nArticle 2 : La d\u00e9limitation de la zone d'acc\u00e8s restreint (ZAR) \u00abN\u00b08501-1 -  L'ESTACADE \u00bb est \nidentique \u00e0 la d\u00e9limitation de l'installation portuaire N\u00b0 8501 \u00ab EMBARCAD\u00c8RE DU PORT \nDE  SAINT-TROPEZ \u00bb  (\u00ab FRSTP-0001 \u00bb  -  \u00ab 8501 \u00bb).  Le  p\u00e9rim\u00e8tre  est  mat\u00e9rialis\u00e9  par  des \ncl\u00f4tures  rigides  d'une  hauteur  de  2,5  m\u00e8tres.  Des  panneaux  signalisant  l'interdiction \nd'acc\u00e8s en zone d'acc\u00e8s restreint sont mis en place \u00e0 l'entr\u00e9e de la ZAR .\nLa zone d'acc\u00e8s restreint est d\u00e9limit\u00e9e selon le plan joint en annexe du pr\u00e9sent arr\u00eat\u00e9 ;\nArticle 3 : Le plan ne sera pas publi\u00e9 au recueil des actes administratifs, en raison de son  \ncaract\u00e8re confidentiel ;\nArticle  4 :  cette  zone  d'acc\u00e8s  restreint  (ZAR),  d\u00e9di\u00e9e  \u00e0  l'accueil  des  croisi\u00e9ristes,  est \npermanente \u00e0 activation temporaire. Elle est activ\u00e9e 30 minutes avant l'arriv\u00e9e du navire \n\u00e0 passagers et pendant toute la dur\u00e9e de l'escale du navire ;\nArticle 5  : La sous-pr\u00e9f\u00e8te, directrice de cabinet du pr\u00e9fet du Var, l'autorit\u00e9 portuaire,  \nmaire de la commune de Saint-Tropez, l'agent de s\u00fbret\u00e9 de l'installation portuaire sont  \ncharg\u00e9s, chacun en ce qui le concerne, de l'ex\u00e9cution du pr\u00e9sent arr\u00eat\u00e9 qui sera publi\u00e9 au \nrecueil des actes administratifs de la pr\u00e9fecture du Var.\nA Toulon, le 20 novembre 2025\nLe pr\u00e9fet,\nSign\u00e9\nSimon BABRE \n  \n    \n  \nVoies et d\u00e9lais de recours  \u2013 Conform\u00e9ment aux dispositions des articles R.421-1 \u00e0 R.421-5 du Code de justice  \nadministrative, le pr\u00e9sent arr\u00eat\u00e9 peut faire l'objet d'un recours contentieux devant le tribunal administratif de  \nToulon dans le d\u00e9lai de deux mois \u00e0 compter de sa notification ou de sa publication. Le tribunal administratif  \npeut \u00eatre saisi par l'application \u00ab T\u00e9l\u00e9recours citoyens \u00bb accessible par le site internet www.telerecours.fr\nPr\u00e9fecture du Var - Boulevard du 112\u00e8me R.I. - CS 31 209 - 83 070 TOULON CEDEX \nStandard t\u00e9l\u00e9phonique : 04 94 18 83 83 - Portail Internet : www.var.gouv.fr 2/2\nPr\u00e9fecture du VAR - 83-2025-11-20-00012 - ARR\u00caT\u00c9 N\u00b0 2025-BSP-SUR-08 DU 20 NOVEMBRE 2025\nPORTANT APPROBATION DE LA D\u00c9LIMITATION DE LA ZONE D'ACC\u00c8S RESTREINT \u00abN\u00b08501-1 - L'ESTACADE\u00a0\u00bb DANS L'INSTALLATION\nPORTUAIRE N\u00b08501\n\u00ab\u00a0EMBARCAD\u00c8RE DU PORT DE SAINT-TROPEZ\u00a0\u00bb (\u00ab\u00a0FRSTP-0001\u00a0\u00bb - \u00ab\u00a08501\u00a0\u00bb)\n95\nPr\u00e9fecture du VAR\n83-2025-11-20-00013\nARR\u00caT\u00c9 N\u00b0 2025-BSP-SUR-09 DU 20 NOVEMBRE\n2025                      \nFIXANT LES MODALIT\u00c9S, LES TAUX DE\nCONTR\u00d4LES ET D'INSPECTIONS FILTRAGES\nDANS LA ZONE D'ACC\u00c8S RESTREINT \u00ab\u00a0N\u00b08501-1\n- \u00a0L'ESTACADE\u00a0\u00bb \nDE L'INSTALLATION PORTUAIRE N\u00b08501\n\u00ab\u00a0EMBARCAD\u00c8RE DU PORT DE SAINT-TROPEZ\u00a0\u00bb\n(\u00ab\u00a0FRSTP-0001\u00a0\u00bb - \u00ab\u00a08501\u00a0\u00bb)\nPr\u00e9fecture du VAR - 83-2025-11-20-00013 - ARR\u00caT\u00c9 N\u00b0 2025-BSP-SUR-09 DU 20 NOVEMBRE 2025                      \nFIXANT LES MODALIT\u00c9S, LES TAUX DE CONTR\u00d4LES ET D'INSPECTIONS FILTRAGES\nDANS LA ZONE D'ACC\u00c8S RESTREINT \u00ab\u00a0N\u00b08501-1 - \u00a0L'ESTACADE\u00a0\u00bb \nDE L'INSTALLATION PORTUAIRE N\u00b08501\n\u00ab\u00a0EMBARCAD\u00c8RE DU PORT DE SAINT-TROPEZ\u00a0\u00bb (\u00ab\u00a0FRSTP-0001\u00a0\u00bb - \u00ab\u00a08501\u00a0\u00bb)\n96\n=mPREFETDU VARLibert\u00e9Egalit\u00e9Fraternit\u00e9\nDirection des s\u00e9curit\u00e9s\nDirection des s\u00e9curit\u00e9s\nBureau de la s\u00e9curit\u00e9 publique\n          ARR\u00caT\u00c9 N\u00b0 2025-BSP-SUR-09 DU 20 NOVEMBRE 2025                      \nFIXANT LES MODALIT\u00c9S, LES TAUX DE CONTR\u00d4LES ET D'INSPECTIONS FILTRAGES\nDANS LA ZONE D'ACC\u00c8S RESTREINT \u00ab N\u00b08501-1 -  L'ESTACADE \u00bb \nDE L'INSTALLATION PORTUAIRE N\u00b08501\n\u00ab EMBARCAD\u00c8RE DU PORT DE SAINT-TROPEZ \u00bb (\u00ab FRSTP-0001 \u00bb - \u00ab 8501 \u00bb)\nLe pr\u00e9fet du Var,\nVu le r\u00e8glement du Parlement et du Conseil europ\u00e9en n\u00b0 725/2004 du 31 mars 2004\n(modifi\u00e9)  relatif  \u00e0  l'am\u00e9lioration  de  la  s\u00fbret\u00e9  des  navires  et  des  installations\nportuaires ;\nVu la directive du Parlement et du Conseil europ\u00e9en n\u00b0 2005/65/CE du 26 octobre\n2005,relative \u00e0 l'am\u00e9lioration de la s\u00fbret\u00e9 dans les ports ;\nVu le code des transports, notamment les articles R5332-36 \u00e0 R5332-43 et R5332-45 \u00e0\nR5332-50 ;\nVu le d\u00e9cret n\u00b0 2004-112 du 6 f\u00e9vrier 2004 (modifi\u00e9) relatif \u00e0 l'organisation de l'action de\nl'\u00c9tat en mer ;\nVu le d\u00e9cret n\u00b0 2004-374 du 29 avril 2004 (modifi\u00e9) relatif aux pouvoirs des pr\u00e9fets, \u00e0\nl'organisation des services de l'\u00c9tat dans les r\u00e9gions et les d\u00e9partements ;\nVu le d\u00e9cret n\u00b0 2015-1756 du 24 d\u00e9cembre 2015 (modifi\u00e9) rel atif \u00e0 la s\u00fbret\u00e9 des ports\nmaritimes ;\nVu le d\u00e9cret n\u00b0 2020-806 du 29 juin 2020 relatif \u00e0 certaines commissions \u00e0 caract\u00e8re\nconsultatif  relevant  du  minist\u00e8re  de  la  transition  \u00e9cologique  et  solidaire  et  du\nminist\u00e8re  de  la  coh\u00e9sion  des  territoires  et  des  relations  avec  les  collectivit\u00e9s\nterritoriales ;\nVu le  d\u00e9cret  du  pr\u00e9sident  de  la  R\u00e9publique  en  date  du  15  mai  2025  portant\nnomination de M. Simon BABRE, pr\u00e9fet du Var ;\nVu le  d\u00e9cret  du  pr\u00e9sident  de  la  R\u00e9publique  en  date  du  03  avril  2024  portant\nnomination de Mme Jos\u00e9phine GUIGLIANO-BOUTONNET , directrice de cabinet du\npr\u00e9fet du Var ;\nVu l'arr\u00eat\u00e9  minist\u00e9riel  du  4  juin  2008  (modifi\u00e9)  relatif  aux  conditions  d'acc\u00e8s  et  de\ncirculation en zone d'acc\u00e8s restreint des ports et des installations portuaires et \u00e0 la\nd\u00e9livrance des titres de circulations ;\nVu l'arr\u00eat\u00e9  minist\u00e9riel  du  22  mai  2025  portant  codification  de  diverses  dispositions\nrelatives \u00e0 la s\u00fbret\u00e9 portuaire ;\nVu l'arr\u00eat\u00e9  pr\u00e9fectoral  n\u00b0  2025/54/MCI  du  15  juillet  2025  portant  d\u00e9l\u00e9gation  de\nsignature  \u00e0  Mme  Jos\u00e9phine  GUIGLIANO-BOUTONNET,  directrice  de  cabinet  du\npr\u00e9fet du Var ;\nPr\u00e9fecture du Var - Boulevard du 112\u00e8me R.I. - CS 31 209 - 83 070 TOULON CEDEX\nStandard t\u00e9l\u00e9phonique : 04 94 18 83 83 - Portail Internet : www.var.gouv.fr 1/2\nPr\u00e9fecture du VAR - 83-2025-11-20-00013 - ARR\u00caT\u00c9 N\u00b0 2025-BSP-SUR-09 DU 20 NOVEMBRE 2025                      \nFIXANT LES MODALIT\u00c9S, LES TAUX DE CONTR\u00d4LES ET D'INSPECTIONS FILTRAGES\nDANS LA ZONE D'ACC\u00c8S RESTREINT \u00ab\u00a0N\u00b08501-1 - \u00a0L'ESTACADE\u00a0\u00bb \nDE L'INSTALLATION PORTUAIRE N\u00b08501\n\u00ab\u00a0EMBARCAD\u00c8RE DU PORT DE SAINT-TROPEZ\u00a0\u00bb (\u00ab\u00a0FRSTP-0001\u00a0\u00bb - \u00ab\u00a08501\u00a0\u00bb)\n97\nDirection des s\u00e9curit\u00e9s\nVu l'arr\u00eat\u00e9 pr\u00e9fectoral N\u00b0 2025-BSP-SUR-07  approuvant la  d\u00e9limitation de l'installation \nportuaire N\u00b0 8501 \u00abEMBARCAD\u00c8RE DU PORT DE SAINT-TROPEZ \u00bb - (\u00ab FRSTP-0001 \u00bb - \n\u00ab 8501 \u00bb) ;\nVu l'arr\u00eat\u00e9  pr\u00e9fectoral  N\u00b0  2025-BSP-SUR-08 approuvant  la  d\u00e9limitation  de  la  zone \nd'acc\u00e8s  restreint  \u00abN\u00b08501-1  -   L'ESTACADE \u00bb  dans  l'installation  portuaire  N\u00b08501 \n\u00abEMBARCAD\u00c8RE DU PORT DE SAINT-TROPEZ \u00bb (\u00ab FRSTP-0001 \u00bb - \u00ab 8501 \u00bb) ;\nConsid\u00e9rant la pr\u00e9gnance de la menace terroriste \u00e9lev\u00e9e sur le territoire national et la  \nn\u00e9cessit\u00e9 de mettre en \u0153uvre le plan VIGIPIRATE en vigueur, compl\u00e9t\u00e9es des postures  \napplicables ;\nSur proposition de la sous-pr\u00e9f\u00e8te, directrice de cabinet du pr\u00e9fet du Var ;\nARR\u00caTE :\n                                                                                   \nArticle 1 er : Le pr\u00e9sent arr\u00eat\u00e9 abroge l'arr\u00eat\u00e9 pr\u00e9fectoral N\u00b0 2023-BSP-SUR-20 du 2 juin  \n2023 fixant les modalit\u00e9s, les taux de contr\u00f4les et d'inspections filtrages dans les zones  \nd'acc\u00e8s restreint N\u00b0 8501-1 et N\u00b0 8501-2 de l'installation portuaire N\u00b0 8501 FRSTP-0001 du  \nport de SAINT-TROPEZ N\u00b0 8500 FRSTP ;\nArticle 2 : Les modalit\u00e9s et les taux de contr\u00f4le figurent en annexe du pr\u00e9sent arr\u00eat\u00e9 ;\nArticle 3 : L'annexe du pr\u00e9sent arr\u00eat\u00e9 \u00e9tablissant les taux de contr\u00f4le en ZAR ne sera pas  \npubli\u00e9e au recueil des actes administratifs en raison de son caract\u00e8re confidentiel ;\nArticle 4 : Le pr\u00e9fet notifie aux agents de s\u00fbret\u00e9 portuaire (ASP) du port de Saint-Tropez  ; \nles modalit\u00e9s et les taux de contr\u00f4le qu'il a fix\u00e9 en fonction du niveau ISPS pour chacune  \ndes cat\u00e9gories de personnes, des bagages et des v\u00e9hicules ;\nCette ZAR se situant dans une installation portuaire, les ASP communiquent aux agents  \nde  s\u00fbret\u00e9  des  installations  portuaires  (ASIP)  les  taux  applicables,  conform\u00e9ment  aux \ndispositions de l'article 49 de l'arr\u00eat\u00e9 du 4 juin 2008 modifi\u00e9 ;\nArticle 5  : Il appartient \u00e0 l'exploitant de mettre en \u0153uvre les mesures op\u00e9rationnelles  \ncit\u00e9s par l'arr\u00eat\u00e9 du 4 juin 2008 visant \u00e0 emp\u00eacher :\n\u2022 l'acc\u00e8s aux zones d'acc\u00e8s restreint du port de Saint-Tropez et aux navires qui y sont \namarr\u00e9s, \u00e0 toute personne ou v\u00e9hicule non autoris\u00e9 ;\n\u2022 l'introduction d'articles prohib\u00e9s d\u00e9finis \u00e0 l'article 3 de l'arr\u00eat\u00e9 du 4 juin 2008  \nmodifi\u00e9 dans ces zones d'acc\u00e8s restreint ou \u00e0 bord des navires qui y sont amarr\u00e9s.\nArticle 6  : L a sous-pr\u00e9f\u00e8te, directrice de cabinet du pr\u00e9fet du Var , l'autorit\u00e9 portuaire,  \nmaire de la commune de Saint-Tropez, le commandant du groupement de gendarmerie  \nd\u00e9partementale  du  Var,  la  directrice  des  douanes,  le  directeur  d\u00e9partemental  des \nterritoires et de la mer du Var, l'agent de s\u00fbret\u00e9 de l'installation portuaire sont charg\u00e9s,  \nchacun en ce qui le concerne, de l'ex\u00e9cution du pr\u00e9sent arr\u00eat\u00e9, qui sera  publi\u00e9 au recueil \ndes actes administratifs de la pr\u00e9fecture du Var. \nA Toulon, le 20 novembre 2025\nLe pr\u00e9fet,\nSign\u00e9\nSimon BABRE \nVoies et d\u00e9lais de recours  \u2013 Conform\u00e9ment aux dispositions des articles R.421-1 \u00e0 R.421-5 du Code de justice  \nadministrative, le pr\u00e9sent arr\u00eat\u00e9 peut faire l'objet d'un recours contentieux devant le tribunal administratif de  \nToulon dans le d\u00e9lai de deux mois \u00e0 compter de sa notification ou de sa publication. Le tribunal administratif  \npeut \u00eatre saisi par l'application \u00ab T\u00e9l\u00e9recours citoyens \u00bb accessible par le site internet www.telerecours.fr\nPr\u00e9fecture du Var - Boulevard du 112\u00e8me R.I. - CS 31 209 - 83 070 TOULON CEDEX \nStandard t\u00e9l\u00e9phonique : 04 94 18 83 83 - Portail Internet : www.var.gouv.fr 2/2\nPr\u00e9fecture du VAR - 83-2025-11-20-00013 - ARR\u00caT\u00c9 N\u00b0 2025-BSP-SUR-09 DU 20 NOVEMBRE 2025                      \nFIXANT LES MODALIT\u00c9S, LES TAUX DE CONTR\u00d4LES ET D'INSPECTIONS FILTRAGES\nDANS LA ZONE D'ACC\u00c8S RESTREINT \u00ab\u00a0N\u00b08501-1 - \u00a0L'ESTACADE\u00a0\u00bb \nDE L'INSTALLATION PORTUAIRE N\u00b08501\n\u00ab\u00a0EMBARCAD\u00c8RE DU PORT DE SAINT-TROPEZ\u00a0\u00bb (\u00ab\u00a0FRSTP-0001\u00a0\u00bb - \u00ab\u00a08501\u00a0\u00bb)\n98\nPr\u00e9fecture du VAR\n83-2025-11-20-00018\nARR\u00caT\u00c9 N\u00b0 2025-BSP-SUR-14 DU 20 NOVEMBRE\n2025\nPORTANT APPROBATION DE LA D\u00c9LIMITATION\nDE\nL'INSTALLATION PORTUAIRE N\u00b0 8201\n\u00ab\u00a0EMBARCAD\u00c8RE DU PORT DE\nSANARY-SUR-MER\u00a0\u00bb - (\u00ab\u00a0FRYNR-0001\u00a0\u00bb -\n\u00ab\u00a08201\u00a0\u00bb)\nPr\u00e9fecture du VAR - 83-2025-11-20-00018 - ARR\u00caT\u00c9 N\u00b0 2025-BSP-SUR-14 DU 20 NOVEMBRE 2025\nPORTANT APPROBATION DE LA D\u00c9LIMITATION DE\nL'INSTALLATION PORTUAIRE N\u00b0 8201\n\u00ab\u00a0EMBARCAD\u00c8RE DU PORT DE SANARY-SUR-MER\u00a0\u00bb - (\u00ab\u00a0FRYNR-0001\u00a0\u00bb - \u00ab\u00a08201\u00a0\u00bb)\n99\nExPREFETDU VARLibert\u00e9Egalit\u00e9Fraternit\u00e9\nDirection des s\u00e9curit\u00e9s\nBureau de la s\u00e9curit\u00e9 publique\nARR\u00caT\u00c9 N\u00b0 2025-BSP-SUR-14 DU 20 NOVEMBRE 2025\nPORTANT APPROBATION DE LA D\u00c9LIMITATION DE\nL'INSTALLATION PORTUAIRE N\u00b0 8201\n\u00ab EMBARCAD\u00c8RE DU PORT DE SANARY-SUR-MER \u00bb - (\u00ab FRYNR-0001 \u00bb - \u00ab 8201 \u00bb)\nLe pr\u00e9fet du Var,\nVu le r\u00e8glement du Parlement et du Conseil europ\u00e9en n\u00b0 725/2004 du 31 mars 2004\n(modifi\u00e9)  relatif  \u00e0  l'am\u00e9lioration  de  la  s\u00fbret\u00e9  des  navires  et  des  installations\nportuaires ;\nVu la directive du Parlement et du Conseil europ\u00e9en n\u00b0 2005/65/CE du 26 octobre\n2005, relative \u00e0 l'am\u00e9lioration de la s\u00fbret\u00e9 dans les ports ;\nVu le code des transports, notamment ses articles L5332-1 et R5332-26 \u00e0 R5332-33 ;\nVu le d\u00e9cret n\u00b0 2004-112 du 6 f\u00e9vrier 2004 (modifi\u00e9) relatif \u00e0 l'organisation de l'action de\nl'\u00c9tat en mer ;\nVu le d\u00e9cret n\u00b0 2004-374 du 29 avril 2004 (modifi\u00e9) relatif aux pouvoirs des pr\u00e9fets, \u00e0\nl'organisation des services de l'\u00c9tat dans les r\u00e9gions et les d\u00e9partements ;\nVu le d\u00e9cret n\u00b0 2015-1756 du 24 d\u00e9cembre 2015, modifi\u00e9, rel atif \u00e0 la s\u00fbret\u00e9 des ports\nmaritimes ;\nVu le d\u00e9cret n\u00b0 2020-806 du 29 juin 2020 relatif \u00e0 certaines commissions \u00e0 caract\u00e8re\nconsultatif  relevant  du  minist\u00e8re  de  la  transition  \u00e9cologique  et  solidaire  et  du\nminist\u00e8re de la coh\u00e9sion des territoires et des relations  avec  les  collectivit\u00e9s\nterritoriales ;\nVu le  d\u00e9cret  du  pr\u00e9sident  de  la  R\u00e9publique  en  date  du  15  mai  2025  portant\nnomination de M. Simon BABRE, pr\u00e9fet du Var ;\nVu le  d\u00e9cret  du  pr\u00e9sident  de  la  R\u00e9publique  en  date  du  03  avril  2024  portant\nnomination de Mme Jos\u00e9phine GUIGLIANO-BOUTONNET , directrice de cabinet du\npr\u00e9fet du Var ;\nVu l'arr\u00eat\u00e9  minist\u00e9riel  du  22  avril  2008  (modifi\u00e9)  d\u00e9finissant  les  modalit\u00e9s\nd'\u00e9tablissement  des  \u00e9valuations  et  des  plans  de  s\u00fbret\u00e9  portuaires  et  des\ninstallations portuaires ;\nVu l'arr\u00eat\u00e9  minist\u00e9riel  du  22  mai  2025  portant  codification  de  diverses  dispositions\nrelatives \u00e0 la s\u00fbret\u00e9 portuaire ; \nVu l'arr\u00eat\u00e9  pr\u00e9fectoral  n\u00b0  2025/54/MCI  du  15  juillet  2025  portant  d\u00e9l\u00e9gation  de\nsignature  \u00e0  Mme  Jos\u00e9phine  GUIGLIANO-BOUTONNET,  directrice  de  cabinet  du\npr\u00e9fet du Var ;\nPr\u00e9fecture du Var - Boulevard du 112\u00e8me R.I. - CS 31 209 - 83 070 TOULON CEDEX \nStandard t\u00e9l\u00e9phonique : 04 94 18 83 83 - Portail Internet : www.var.gouv.fr 1/2\nPr\u00e9fecture du VAR - 83-2025-11-20-00018 - ARR\u00caT\u00c9 N\u00b0 2025-BSP-SUR-14 DU 20 NOVEMBRE 2025\nPORTANT APPROBATION DE LA D\u00c9LIMITATION DE\nL'INSTALLATION PORTUAIRE N\u00b0 8201\n\u00ab\u00a0EMBARCAD\u00c8RE DU PORT DE SANARY-SUR-MER\u00a0\u00bb - (\u00ab\u00a0FRYNR-0001\u00a0\u00bb - \u00ab\u00a08201\u00a0\u00bb)\n100\nConsid\u00e9rant la  proposition  \u00e9mise  par  l'autorit\u00e9  portuaire  de  fixer  la  d\u00e9limitation  de \nl'installation  portuaire  N\u00b08201  \u00ab EMBARCAD\u00c8RE  DU  PORT  DE  SANARY-SUR-MER \u00bb  - \n(\u00ab FRYNR-0001 \u00bb - \u00ab 8201 \u00bb) ;\nSur proposition de la sous-pr\u00e9f\u00e8te, directrice de cabinet du pr\u00e9fet du Var ;\nARR\u00caTE :\nArticle 1er : Le pr\u00e9sent arr\u00eat\u00e9 abroge l'arr\u00eat\u00e9 pr\u00e9fectoral N\u00b0 2021-BSP-SUR-16 du 05 f\u00e9vrier \n2021 portant cr\u00e9ation et d\u00e9limitation de l'installation portuaire N\u00b0 8201 \u00ab  EMBARCAD\u00c8RE \nDU PORT DE SANARY-SUR-MER \u00bb ;\nArticle  2 :  L'installation  portuaire  N\u00b0  8201  d\u00e9nomm\u00e9e  \u00ab EMBARCAD\u00c8RE  DU  PORT  DE \nSANARY-SUR-MER \u00bb est  compos\u00e9e  d'un  ponton  flottant  principalement  exploit\u00e9  pour \naccueillir les tenders des passagers des navires de croisi\u00e8res au mouillage , d'une panne  \npermettant  l'acc\u00e8s  du  quai  \u00e0  l'embarcad\u00e8re.  Elle  est  d\u00e9limit\u00e9e  selon  le  plan  joint  en \nannexe ;\nArticle 3 : Le plan ne sera pas publi\u00e9 au recueil des actes administratifs, en raison de son  \ncaract\u00e8re confidentiel ;\nArticle 4 : La commune de Sanary-sur-Mer est d\u00e9sign\u00e9e exploitant au sens de la s\u00fbret\u00e9. A  \nce titre, elle est responsable de l'\u00e9laboration et de la mise en \u0153uvre du plan de s\u00fbret\u00e9 de  \nl'installation portuaire ;\nArticle 5  : La sous-pr\u00e9f\u00e8te, directrice de cabinet du pr\u00e9fet du Var, l'autorit\u00e9 portuaire,  \nmaire de la commune de Sanary-sur-Mer, l'agent de s\u00fbret\u00e9 de l'installation portuaire sont  \ncharg\u00e9s, chacun en ce qui le concerne de l'ex\u00e9cution du pr\u00e9sent arr\u00eat\u00e9 qui sera publi\u00e9 au  \nrecueil des actes administratifs de la pr\u00e9fecture du Var.\nA Toulon, le 20 novembre 2025\nLe pr\u00e9fet,\nSign\u00e9\nSimon BABRE\nVoies et d\u00e9lais de recours  \u2013 Conform\u00e9ment aux dispositions des articles R.421-1 \u00e0 R.421-5 du Code de justice  \nadministrative, le pr\u00e9sent arr\u00eat\u00e9 peut faire l'objet d'un recours contentieux devant le tribunal administratif de  \nToulon dans le d\u00e9lai de deux mois \u00e0 compter de sa notification ou de sa publication. Le tribunal administratif  \npeut \u00eatre saisi par l'application \u00ab T\u00e9l\u00e9recours citoyens \u00bb accessible par le site internet www.telerecours.fr\nPr\u00e9fecture du Var - Boulevard du 112\u00e8me R.I. - CS 31 209 - 83 070 TOULON CEDEX \nStandard t\u00e9l\u00e9phonique : 04 94 18 83 83 - Portail Internet : www.var.gouv.fr 2/2\nPr\u00e9fecture du VAR - 83-2025-11-20-00018 - ARR\u00caT\u00c9 N\u00b0 2025-BSP-SUR-14 DU 20 NOVEMBRE 2025\nPORTANT APPROBATION DE LA D\u00c9LIMITATION DE\nL'INSTALLATION PORTUAIRE N\u00b0 8201\n\u00ab\u00a0EMBARCAD\u00c8RE DU PORT DE SANARY-SUR-MER\u00a0\u00bb - (\u00ab\u00a0FRYNR-0001\u00a0\u00bb - \u00ab\u00a08201\u00a0\u00bb)\n101\nPr\u00e9fecture du VAR\n83-2025-11-20-00019\nARR\u00caT\u00c9 N\u00b0 2025-BSP-SUR-15 DU 20 NOVEMBRE\n2025\nPORTANT APPROBATION DE LA D\u00c9LIMITATION\nDE LA ZONE D'ACC\u00c8S RESTREINT \u00abN\u00b08201-1\n-\u00a0EMBARCAD\u00c8RE CROISI\u00c8RE\u00a0\u00bb DANS\nL'INSTALLATION PORTUAIRE N\u00b0 8201 \n\u00ab\u00a0EMBARCAD\u00c8RE DU PORT DE\nSANARY-SUR-MER\u00a0\u00bb (\u00ab\u00a0FRYNR\u00a0-0001\u00a0\u00bb -\n\u00ab\u00a08201\u00a0\u00bb)\nPr\u00e9fecture du VAR - 83-2025-11-20-00019 - ARR\u00caT\u00c9 N\u00b0 2025-BSP-SUR-15 DU 20 NOVEMBRE 2025\nPORTANT APPROBATION DE LA D\u00c9LIMITATION DE LA ZONE D'ACC\u00c8S RESTREINT \u00abN\u00b08201-1 -\u00a0EMBARCAD\u00c8RE CROISI\u00c8RE\u00a0\u00bb DANS\nL'INSTALLATION PORTUAIRE N\u00b0 8201 \n\u00ab\u00a0EMBARCAD\u00c8RE DU PORT DE SANARY-SUR-MER\u00a0\u00bb (\u00ab\u00a0FRYNR\u00a0-0001\u00a0\u00bb - \u00ab\u00a08201\u00a0\u00bb)\n102\n=mPREFETDU VARLibert\u00e9Egalit\u00e9Fraternit\u00e9\nDirection des s\u00e9curit\u00e9s\nBureau de la s\u00e9curit\u00e9 publique\nARR\u00caT\u00c9 N\u00b0 2025-BSP-SUR-15 DU 20 NOVEMBRE 2025\nPORTANT APPROBATION DE LA D\u00c9LIMITATION DE LA ZONE D'ACC\u00c8S RESTREINT \n\u00abN\u00b08201-1 - EMBARCAD\u00c8RE CROISI\u00c8RE \u00bb DANS L'INSTALLATION PORTUAIRE N\u00b0 8201 \n\u00ab EMBARCAD\u00c8RE DU PORT DE SANARY-SUR-MER \u00bb (\u00ab FRYNR -0001 \u00bb - \u00ab 8201 \u00bb)\nLe pr\u00e9fet du Var,\nVu le r\u00e8glement du Parlement et du Conseil europ\u00e9en n\u00b0 725/2004 du 31 mars 2004\n(modifi\u00e9)  relatif  \u00e0  l'am\u00e9lioration  de  la  s\u00fbret\u00e9  des  navires  et  des  installations\nportuaires ;\nVu la directive du Parlement et du Conseil europ\u00e9en n\u00b0 2005/65/CE du 26 octobre\n2005, relative \u00e0 l'am\u00e9lioration de la s\u00fbret\u00e9 dans les ports ;\nVu le code des transports, notamment les articles L5332-2, R5332-34, R5332-35, R5332-\n37 et R5332-38 ;\nVu le d\u00e9cret n\u00b0 2004-112 du 6 f\u00e9vrier 2004 (modifi\u00e9) relatif \u00e0 l'organisation de l'action de\nl'\u00c9tat en mer ;\nVu le d\u00e9cret n\u00b0 2004-374 du 29 avril 2004 (modifi\u00e9) relatif aux pouvoirs des pr\u00e9fets, \u00e0\nl'organisation des services de l'\u00c9tat dans les r\u00e9gions et les d\u00e9partements ;\nVu le d\u00e9cret n\u00b0 2015-1756 du 24 d\u00e9cembre 2015 (modifi\u00e9) rel atif \u00e0 la s\u00fbret\u00e9 des ports\nmaritimes ;\nVu le d\u00e9cret n\u00b0 2020-806 du 29 juin 2020 relatif \u00e0 certaines commissions \u00e0 caract\u00e8re\nconsultatif  relevant  du  minist\u00e8re  de  la  transition  \u00e9cologique  et  solidaire  et  du\nminist\u00e8re  de  la  coh\u00e9sion  des  territoires  et  des  relations  avec  les  collectivit\u00e9s\nterritoriales ;\nVu le  d\u00e9cret  du  pr\u00e9sident  de  la  R\u00e9publique  en  date  du  15  mai  2025  portant\nnomination de M. Simon BABRE, pr\u00e9fet du Var ;\nVu le  d\u00e9cret  du  pr\u00e9sident  de  la  R\u00e9publique  en  date  du  03  avril  2024  portant\nnomination de Mme Jos\u00e9phine GUIGLIANO-BOUTONNET , directrice de cabinet du\npr\u00e9fet du Var ;\nVu l'arr\u00eat\u00e9  minist\u00e9riel  du  22  avril  2008  (modifi\u00e9)  d\u00e9finissant  les  modalit\u00e9s\nd'\u00e9tablissement  des  \u00e9valuations  et  des  plans  de  s\u00fbret\u00e9  portuaires  et  des\ninstallations portuaires ;\nVu l'arr\u00eat\u00e9  minist\u00e9riel  du  22  mai  2025  portant  codification  de  diverses  dispositions\nrelatives \u00e0 la s\u00fbret\u00e9 portuaire ;\nVu l'arr\u00eat\u00e9  pr\u00e9fectoral  n\u00b0  2025/54/MCI  du  15  juillet  2025  portant  d\u00e9l\u00e9gation  de\nsignature  \u00e0  Mme  Jos\u00e9phine  GUIGLIANO-BOUTONNET,  directrice  de  cabinet  du\npr\u00e9fet du Var ;\nPr\u00e9fecture du Var - Boulevard du 112\u00e8me R.I. - CS 31 209 - 83 070 TOULON CEDEX \nStandard t\u00e9l\u00e9phonique : 04 94 18 83 83 - Portail Internet : www.var.gouv.fr 1/2\nPr\u00e9fecture du VAR - 83-2025-11-20-00019 - ARR\u00caT\u00c9 N\u00b0 2025-BSP-SUR-15 DU 20 NOVEMBRE 2025\nPORTANT APPROBATION DE LA D\u00c9LIMITATION DE LA ZONE D'ACC\u00c8S RESTREINT \u00abN\u00b08201-1 -\u00a0EMBARCAD\u00c8RE CROISI\u00c8RE\u00a0\u00bb DANS\nL'INSTALLATION PORTUAIRE N\u00b0 8201 \n\u00ab\u00a0EMBARCAD\u00c8RE DU PORT DE SANARY-SUR-MER\u00a0\u00bb (\u00ab\u00a0FRYNR\u00a0-0001\u00a0\u00bb - \u00ab\u00a08201\u00a0\u00bb)\n103\nVu l'arr\u00eat\u00e9  pr\u00e9fectoral  N\u00b0  2025-BSP-SUR-14 portant  d\u00e9limitation  de  l'installation  \nportuaire  N\u00b08201  \u00ab EMBARCAD\u00c8RE DU PORT DE SANARY-SUR-MER  \u00bb - (\u00ab  FRYNR-0001 - \n8201 \u00bb) ;\nConsid\u00e9rant  la proposition \u00e9mise par l'autorit\u00e9 portuaire de fixer la d\u00e9limitation de la  \nzone d'acc\u00e8s restreint (ZAR) dans laquelle s'appliquent les mesures de s\u00fbret\u00e9 ;\nSur proposition de la sous-pr\u00e9f\u00e8te, directrice de cabinet du pr\u00e9fet du Var ;\nARR\u00caTE :\nArticle 1er : Le pr\u00e9sent arr\u00eat\u00e9 abroge l'arr\u00eat\u00e9 pr\u00e9fectoral N\u00b0 2021-BSP-SUR-19 du 05 f\u00e9vrier \n2021  portant  cr\u00e9ation  et  d\u00e9limitation  d'une  zone  d'acc\u00e8s  restreint  \u00ab EMBARCADERE \nCROISIERE \u00bb N\u00b0 8201-1 dans l'installation portuaire N\u00b0 8201 du port de Sanary-sur-Mer ;\nArticle 2 : La d\u00e9limitation de la zone d'acc\u00e8s restreint (ZAR) \u00abN\u00b08201-1 - \u00ab EMBARCADERE \nCROISIERE\u00bb est mat\u00e9rialis\u00e9 par des barri\u00e8res basses \u00ab  garde-corps \u00bb sur 3 c\u00f4t\u00e9s. L'acc\u00e8s  \nprincipal est ferm\u00e9 par un portail renforc\u00e9. Des panneaux signalisant l'interdiction d'acc\u00e8s \nen zone d'acc\u00e8s restreint sont mis en place \u00e0 l'entr\u00e9e de la ZAR.\nLa zone d'acc\u00e8s restreint est d\u00e9limit\u00e9e selon le plan joint en annexe du pr\u00e9sent arr\u00eat\u00e9 ;\nArticle 3 : Le plan ne sera pas publi\u00e9 au recueil des actes administratifs, en raison de son  \ncaract\u00e8re confidentiel ;\nArticle 4  :  Cette zone d'acc\u00e8s restreint (ZAR), d\u00e9di\u00e9es \u00e0 l'accueil des croisi\u00e9ristes, est  \npermanente \u00e0 activation temporaire. Elle est activ\u00e9e 30 minutes avant l'arriv\u00e9e du navire \n\u00e0 passagers et pendant toute la dur\u00e9e de l'escale du navire ;\nArticle 5  : La sous-pr\u00e9f\u00e8te, directrice de cabinet du pr\u00e9fet du Var, l'autorit\u00e9 portuaire,  \nmaire de la commune de Sanary-sur-Mer, l'agent de s\u00fbret\u00e9 de l'installation portuaire sont \ncharg\u00e9s, chacun en ce qui le concerne de l'ex\u00e9cution du pr\u00e9sent arr\u00eat\u00e9 qui sera  publi\u00e9 au \nrecueil des actes administratifs de la pr\u00e9fecture du Var.\nA Toulon, le 20 novembre 2025\nLe pr\u00e9fet,\nSign\u00e9\nSimon BABRE\n      \nVoies et d\u00e9lais de recours  \u2013 Conform\u00e9ment aux dispositions des articles R.421-1 \u00e0 R.421-5 du Code de justice  \nadministrative, le pr\u00e9sent arr\u00eat\u00e9 peut faire l'objet d'un recours contentieux devant le tribunal administratif de  \nToulon dans le d\u00e9lai de deux mois \u00e0 compter de sa notification ou de sa publication. Le tribunal administratif  \npeut \u00eatre saisi par l'application \u00ab T\u00e9l\u00e9recours citoyens \u00bb accessible par le site internet www.telerecours.fr\nPr\u00e9fecture du Var - Boulevard du 112\u00e8me R.I. - CS 31 209 - 83 070 TOULON CEDEX \nStandard t\u00e9l\u00e9phonique : 04 94 18 83 83 - Portail Internet : www.var.gouv.fr 2/2\nPr\u00e9fecture du VAR - 83-2025-11-20-00019 - ARR\u00caT\u00c9 N\u00b0 2025-BSP-SUR-15 DU 20 NOVEMBRE 2025\nPORTANT APPROBATION DE LA D\u00c9LIMITATION DE LA ZONE D'ACC\u00c8S RESTREINT \u00abN\u00b08201-1 -\u00a0EMBARCAD\u00c8RE CROISI\u00c8RE\u00a0\u00bb DANS\nL'INSTALLATION PORTUAIRE N\u00b0 8201 \n\u00ab\u00a0EMBARCAD\u00c8RE DU PORT DE SANARY-SUR-MER\u00a0\u00bb (\u00ab\u00a0FRYNR\u00a0-0001\u00a0\u00bb - \u00ab\u00a08201\u00a0\u00bb)\n104\nPr\u00e9fecture du VAR\n83-2025-11-20-00020\nARR\u00caT\u00c9 N\u00b0 2025-BSP-SUR-16 DU 20 NOVEMBRE\n2025\nFIXANT LES MODALIT\u00c9S, LES TAUX DE\nCONTR\u00d4LES ET D'INSPECTIONS FILTRAGES\nDANS LA ZONE D'ACC\u00c8S RESTREINT \u00ab\u00a0N\u00b0\n8201-1 - EMBARCAD\u00c8RE CROISI\u00c8RE\u00a0\u00bb\nDE L'INSTALLATION PORTUAIRE N\u00b0 8201 \n\u00ab\u00a0EMBARCAD\u00c8RE DU PORT DE\nSANARY-SUR-MER\u00a0\u00bb (\u00ab\u00a0FRYNR-0001\u00a0\u00bb -\n\u00ab\u00a08201\u00a0\u00bb)\nPr\u00e9fecture du VAR - 83-2025-11-20-00020 - ARR\u00caT\u00c9 N\u00b0 2025-BSP-SUR-16 DU 20 NOVEMBRE 2025\nFIXANT LES MODALIT\u00c9S, LES TAUX DE CONTR\u00d4LES ET D'INSPECTIONS FILTRAGES\nDANS LA ZONE D'ACC\u00c8S RESTREINT \u00ab\u00a0N\u00b0 8201-1 - EMBARCAD\u00c8RE CROISI\u00c8RE\u00a0\u00bb\nDE L'INSTALLATION PORTUAIRE N\u00b0 8201 \n\u00ab\u00a0EMBARCAD\u00c8RE DU PORT DE SANARY-SUR-MER\u00a0\u00bb (\u00ab\u00a0FRYNR-0001\u00a0\u00bb - \u00ab\u00a08201\u00a0\u00bb)\n105\n=mPREFETDU VARLibert\u00e9Egalit\u00e9Fraternit\u00e9\nDirection des s\u00e9curit\u00e9s\nBureau de la s\u00e9curit\u00e9 publique\nARR\u00caT\u00c9 N\u00b0 2025-BSP-SUR-16 DU 20 NOVEMBRE 2025\nFIXANT LES MODALIT\u00c9S, LES TAUX DE CONTR\u00d4LES ET D'INSPECTIONS FILTRAGES\nDANS LA ZONE D'ACC\u00c8S RESTREINT \u00ab N\u00b0 8201-1 \u2013 EMBARCAD\u00c8RE CROISI\u00c8RE \u00bb\nDE L'INSTALLATION PORTUAIRE N\u00b0 8201 \n\u00ab EMBARCAD\u00c8RE DU PORT DE SANARY-SUR-MER \u00bb (\u00ab FRYNR-0001 \u00bb - \u00ab 8201 \u00bb)\nLe pr\u00e9fet du Var,\nVu le r\u00e8glement du Parlement et du Conseil europ\u00e9en n\u00b0 725/2004 du 31 mars 2004\n(modifi\u00e9)  relatif  \u00e0  l'am\u00e9lioration  de  la  s\u00fbret\u00e9  des  navires  et  des  installations\nportuaires ;\nVu la directive du Parlement et du Conseil europ\u00e9en n\u00b0 2005/65/CE du 26 octobre 2005,\nrelative \u00e0 l'am\u00e9lioration de la s\u00fbret\u00e9 dans les ports ;\nVu le code des transports, notamment les articles R5332-36 \u00e0 R5332-43 et R5332-45 \u00e0\nR5332-50 ;\nVu le d\u00e9cret n\u00b0 2004-112 du 6 f\u00e9vrier 2004 (modifi\u00e9) relatif \u00e0 l'organisation de l'action de\nl'\u00c9tat en mer ;\nVu le d\u00e9cret n\u00b0 2004-374 du 29 avril 2004 (modifi\u00e9) relatif aux pouvoirs des pr\u00e9fets, \u00e0\nl'organisation des services de l'\u00c9tat dans les r\u00e9gions et les d\u00e9partements ;\nVu le d\u00e9cret n\u00b0 2015-1756 du 24 d\u00e9cembre 2015 (modifi\u00e9) rel atif \u00e0 la s\u00fbret\u00e9 des ports\nmaritimes ;\nVu le d\u00e9cret n\u00b0 2020-806 du 29 juin 2020 relatif \u00e0 certaines commissions \u00e0 caract\u00e8re\nconsultatif  relevant  du  minist\u00e8re  de  la  transition  \u00e9cologique  et  solidaire  et  du\nminist\u00e8re  de  la  coh\u00e9sion  des  territoires  et  des  relations  avec  les  collectivit\u00e9s\nterritoriales ;\nVu le  d\u00e9cret  du  pr\u00e9sident  de  la  R\u00e9publique  en  date  du  15  mai  2025  portant\nnomination de M. Simon BABRE, pr\u00e9fet du Var ;\nVu le  d\u00e9cret  du  pr\u00e9sident  de  la  R\u00e9publique  en  date  du  03  avril  2024  portant\nnomination de  Mme Jos\u00e9phine GUIGLIANO-BOUTONNET ,  directrice de cabinet du\npr\u00e9fet du Var ;\nVu l'arr\u00eat\u00e9  minist\u00e9riel  du  4  juin  2008  (modifi\u00e9)  relatif  aux  conditions  d'acc\u00e8s  et  de\ncirculation en zone d'acc\u00e8s restreint des ports et des installations portuaires et \u00e0 la\nd\u00e9livrance des titres de circulations ;\nVu l'arr\u00eat\u00e9  minist\u00e9riel  du  22  mai  2025  portant  codification  de  diverses  dispositions\nrelatives \u00e0 la s\u00fbret\u00e9 portuaire ;\nVu l'arr\u00eat\u00e9  pr\u00e9fectoral  n\u00b0  2025/54/MCI  du  15  juillet  2025  portant  d\u00e9l\u00e9gation  de\nsignature \u00e0  Mme  Jos\u00e9phine  GUIGLIANO-BOUTONNET,  directrice  de  cabinet  du\npr\u00e9fet du Var ;\nPr\u00e9fecture du Var - Boulevard du 112\u00e8me R.I. - CS 31 209 - 83 070 TOULON CEDEX \nStandard t\u00e9l\u00e9phonique : 04 94 18 83 83 - Portail Internet : www.var.gouv.fr 1/2\nPr\u00e9fecture du VAR - 83-2025-11-20-00020 - ARR\u00caT\u00c9 N\u00b0 2025-BSP-SUR-16 DU 20 NOVEMBRE 2025\nFIXANT LES MODALIT\u00c9S, LES TAUX DE CONTR\u00d4LES ET D'INSPECTIONS FILTRAGES\nDANS LA ZONE D'ACC\u00c8S RESTREINT \u00ab\u00a0N\u00b0 8201-1 - EMBARCAD\u00c8RE CROISI\u00c8RE\u00a0\u00bb\nDE L'INSTALLATION PORTUAIRE N\u00b0 8201 \n\u00ab\u00a0EMBARCAD\u00c8RE DU PORT DE SANARY-SUR-MER\u00a0\u00bb (\u00ab\u00a0FRYNR-0001\u00a0\u00bb - \u00ab\u00a08201\u00a0\u00bb)\n106\nVu l'arr\u00eat\u00e9  pr\u00e9fectoral  N\u00b0  2025-BSP-SUR-14  portant  d\u00e9limitation  de  l'installation  \nportuaire N\u00b08201 \u00ab EMBARCAD\u00c8RE DU PORT DE SANARY-SUR-MER \u00bb - (\u00ab FRYNR-0001 \n- 8201 \u00bb) ;\nVu l'arr\u00eat\u00e9  pr\u00e9fectoral  N\u00b0  2025-BSP-SUR-15 portant  d\u00e9limitation  de  la  zone  d'acc\u00e8s \nrestreint  \u00abN\u00b08201-1  - EMBARCAD\u00c8RE  CROISI\u00c8RE \u00bb  dans  l'installation  portuaire  N\u00b0 \n8201 \u00ab EMBARCAD\u00c8RE DU PORT DE SANARY-SUR-MER \u00bb (\u00ab FRYNR -0001 - \u00ab 8201 \u00bb\nConsid\u00e9rant la pr\u00e9gnance de la menace terroriste \u00e9lev\u00e9e sur le territoire national et la  \nn\u00e9cessit\u00e9 de mettre en \u0153uvre le plan VIGIPIRATE en vigueur, compl\u00e9t\u00e9es des postures  \napplicables ;\nSur proposition de la sous-pr\u00e9f\u00e8te, directrice de cabinet du pr\u00e9fet du Var ;\n                                                                                       \nARR\u00caTE :\n                                                                                     \nArticle 1 er : Le pr\u00e9sent arr\u00eat\u00e9 abroge l'arr\u00eat\u00e9 pr\u00e9fectoral N\u00b0 2023-BSP-SUR-19 du 2 juin  \n2023  fixant les modalit\u00e9s, les taux de contr\u00f4les et d'inspections filtrages dans la zone  \nd'acc\u00e8s restreint N\u00b0 8201-1 de l'installation portuaire N\u00b0 8201 FRYNR-0001 du port de  \nSANARY-SUR-MER N\u00b0 8200 FRYNR ;\nArticle 2 : Les modalit\u00e9s et les taux de contr\u00f4le figurant en annexe du pr\u00e9sent arr\u00eat\u00e9 ;\nArticle 3  : L'annexe du pr\u00e9sent arr\u00eat\u00e9 \u00e9tablissant les taux de contr\u00f4le en ZAR ne sera pas  \npubli\u00e9e au recueil des actes administratifs en raison de son caract\u00e8re confidentiel ;\nArticle 4  : Le pr\u00e9fet notifie aux agents de s\u00fbret\u00e9 portuaire (ASP) du port de Sanary-sur-\nMer ; les modalit\u00e9s et les taux de contr\u00f4le qu'il a fix\u00e9 en fonction du niveau ISPS pour  \nchacune des cat\u00e9gories de personnes, des bagages et des v\u00e9hicules ;\nCette ZAR se situant dans une installation portuaire, les ASP communiquent aux agents de \ns\u00fbret\u00e9  des  installations  portuaires  (ASIP)  les  taux  applicables,  conform\u00e9ment  aux  \ndispositions de l'article 49 de l'arr\u00eat\u00e9 du 4 juin 2008 modifi\u00e9.\nArticle 5 : Il appartient \u00e0 l'exploitant de mettre en \u0153uvre les mesures op\u00e9rationnelles cit\u00e9s \npar l'arr\u00eat\u00e9 du 4 juin 2008 visant \u00e0 emp\u00eacher :\n\u2022 l'acc\u00e8s \u00e0 la zone d'acc\u00e8s restreint du port de Sanary-sur-Mer et aux navires qui y  \nsont amarr\u00e9s, \u00e0 toute personne ou v\u00e9hicule non autoris\u00e9 ;\n\u2022 l'introduction  d'articles  prohib\u00e9s  d\u00e9finis  \u00e0  l'article  3  de  l'arr\u00eat\u00e9  du  4  juin  2008 \nmodifi\u00e9 dans cette zone d'acc\u00e8s restreint ou \u00e0 bord des navires qui y sont amarr\u00e9s.\nArticle 6  : L a sous-pr\u00e9f\u00e8te, directrice de cabinet du pr\u00e9fet du Var,  l'autorit\u00e9 portuaire,  \nmaire  de  la  commune  de  Sanary-sur-Mer,  la  directrice  d\u00e9partementale  de  la  s\u00e9curit\u00e9 \npublique du Var, la directrice des douanes, le directeur d\u00e9partemental des territoires et de \nla mer du Var, l'agent de s\u00fbret\u00e9 de l'installation portuaire sont charg\u00e9s, chacun en ce qui le \nconcerne,  de  l'ex\u00e9cution  du  pr\u00e9sent  arr\u00eat\u00e9,  qui  sera publi\u00e9  au  recueil  des  actes  \nadministratifs de la pr\u00e9fecture du Var.\nA Toulon, le 20 novembre 2025\nLe pr\u00e9fet,\nSign\u00e9\n   Simon BABRE     \n  \nVoies et d\u00e9lais de recours  \u2013 Conform\u00e9ment aux dispositions des articles R.421-1 \u00e0 R.421-5 du Code de justice  \nadministrative, le pr\u00e9sent arr\u00eat\u00e9 peut faire l'objet d'un recours contentieux devant le tribunal administratif de  \nToulon dans le d\u00e9lai de deux mois \u00e0 compter de sa notification ou de sa publication. Le tribunal administratif  \npeut \u00eatre saisi par l'application \u00ab T\u00e9l\u00e9recours citoyens \u00bb accessible par le site internet www.telerecours.fr\nPr\u00e9fecture du Var - Boulevard du 112\u00e8me R.I. - CS 31 209 - 83 070 TOULON CEDEX \nStandard t\u00e9l\u00e9phonique : 04 94 18 83 83 - Portail Internet : www.var.gouv.fr 2/2\nPr\u00e9fecture du VAR - 83-2025-11-20-00020 - ARR\u00caT\u00c9 N\u00b0 2025-BSP-SUR-16 DU 20 NOVEMBRE 2025\nFIXANT LES MODALIT\u00c9S, LES TAUX DE CONTR\u00d4LES ET D'INSPECTIONS FILTRAGES\nDANS LA ZONE D'ACC\u00c8S RESTREINT \u00ab\u00a0N\u00b0 8201-1 - EMBARCAD\u00c8RE CROISI\u00c8RE\u00a0\u00bb\nDE L'INSTALLATION PORTUAIRE N\u00b0 8201 \n\u00ab\u00a0EMBARCAD\u00c8RE DU PORT DE SANARY-SUR-MER\u00a0\u00bb (\u00ab\u00a0FRYNR-0001\u00a0\u00bb - \u00ab\u00a08201\u00a0\u00bb)\n107\nPr\u00e9fecture du VAR\n83-2025-11-20-00017\nARR\u00caT\u00c9 PR\u00c9FECTORAL N\u00b0 2021-BSP-SUR-13 DU\n20 NOVEMBRE 2025\nPORTANT APPROBATION DU PLAN DE S\u00dbRET\u00c9\nPORTUAIRE\nDU \u00ab\u00a0PORT DE SAINT-TROPEZ\u00a0\u00bb - (\u00ab\u00a0FRSTP\u00a0\u00bb\u00a0 -\n\u00ab\u00a08500\u00a0\u00bb)\nPr\u00e9fecture du VAR - 83-2025-11-20-00017 - ARR\u00caT\u00c9 PR\u00c9FECTORAL N\u00b0 2021-BSP-SUR-13 DU 20 NOVEMBRE 2025\nPORTANT APPROBATION DU PLAN DE S\u00dbRET\u00c9 PORTUAIRE\nDU \u00ab\u00a0PORT DE SAINT-TROPEZ\u00a0\u00bb - (\u00ab\u00a0FRSTP\u00a0\u00bb\u00a0 - \u00ab\u00a08500\u00a0\u00bb)\n108\nEsPREFETDU VARLibert\u00e9Egalit\u00e9Fraternit\u00e9\nDirection des s\u00e9curit\u00e9s\nBureau de la s\u00e9curit\u00e9 publique\nARR\u00caT\u00c9 PR\u00c9FECTORAL N\u00b0 2021-BSP-SUR-13 DU 20 NOVEMBRE 2025\nPORTANT APPROBATION DU PLAN DE S\u00dbRET\u00c9 PORTUAIRE\nDU \u00ab PORT DE SAINT-TROPEZ \u00bb - (\u00ab FRSTP \u00bb  - \u00ab 8500 \u00bb)\nLe pr\u00e9fet du Var,\nVu le r\u00e8glement du Parlement et du Conseil europ\u00e9en n\u00b0 725/2004 du 31 mars 2004\n(modifi\u00e9)  relatif  \u00e0  l'am\u00e9lioration  de  la  s\u00fbret\u00e9  des  navires  et  des  installations\nportuaires ;\nVu la directive du Parlement et du Conseil europ\u00e9en n\u00b0 2005/65/CE du 26 octobre 2005,\nrelative \u00e0 l'am\u00e9lioration de la s\u00fbret\u00e9 des ports ;\nVu le code des transports, notamment ses articles L3332-7 et R5332-19 \u00e0 R5332-22 ;\nVu le d\u00e9cret n\u00b0 2004-112 du 6 f\u00e9vrier 2004 (modifi\u00e9) relatif \u00e0 l'organisation de l'action de\nl'\u00c9tat en mer ;\nVu le d\u00e9cret n\u00b0 2004-374 du 29 avril 2004 (modifi\u00e9) relatif aux pouvoirs des pr\u00e9fets, \u00e0\nl'organisation des services de l'\u00c9tat dans les r\u00e9gions et les d\u00e9partements ;\nVu le d\u00e9cret n\u00b0 2015-1756 du 24 d\u00e9cembre 2015 (modifi\u00e9) rel atif \u00e0 la s\u00fbret\u00e9 des ports\nmaritimes ;\nVu le d\u00e9cret n\u00b0 2020-806 du 29 juin 2020 relatif \u00e0 certaines commissions \u00e0 caract\u00e8re\nconsultatif  relevant  du  minist\u00e8re  de  la  transition  \u00e9cologique  et  solidaire  et  du\nminist\u00e8re  de  la  coh\u00e9sion  des  territoires  et  des  relations  avec  les  collectivit\u00e9s\nterritoriales ; \nVu le  d\u00e9cret  du  pr\u00e9sident  de  la  R\u00e9publique  en  date  du  15  mai  2025  portant\nnomination de M. Simon BABRE, pr\u00e9fet du Var ;\nVu le  d\u00e9cret  du  pr\u00e9sident  de  la  R\u00e9publique  en  date  du  03  avril  2024  portant\nnomination de Mme Jos\u00e9phine GUIGLIANO-BOUTONNET, directrice de cabinet du \npr\u00e9fet du Var ;\nVu l'arr\u00eat\u00e9  minist\u00e9riel  du  22  avril  2008  (modifi\u00e9)  d\u00e9finissant  les  modalit\u00e9s\nd'\u00e9tablissement  des  \u00e9valuations  et  des  plans  de  s\u00fbret\u00e9  portuaires  et  des\ninstallations portuaires ;\nVu l'arr\u00eat\u00e9 minist\u00e9riel du 26 avril 2024 relatif \u00e0 la reconnaissance de soci\u00e9t\u00e9s comme \norganismes de s\u00fbret\u00e9 habilit\u00e9s ;\nVu l'arr\u00eat\u00e9  minist\u00e9riel  du  22  mai  2025  portant  codification  de  diverses  dispositions\nrelatives \u00e0 la s\u00fbret\u00e9 portuaire ;\nVu l'arr\u00eat\u00e9  inter-pr\u00e9fectoral  N\u00b02025-BSP-SUR-12,  pr\u00e9fet  maritime  de  la  M\u00e9diterran\u00e9e,\npr\u00e9fet du Var, portant approbation de l'\u00e9valuation de s\u00fbret\u00e9 portuaire du port de\nSaint-Tropez (\u00ab FRSTP \u00bb  - \u00ab 8500 \u00bb);\nPr\u00e9fecture du Var - Boulevard du 112\u00e8me R.I. - CS 31 209 - 83 070 TOULON CEDEX \nStandard t\u00e9l\u00e9phonique : 04 94 18 83 83 - Portail Internet : www.var.gouv.fr 1/2\nPr\u00e9fecture du VAR - 83-2025-11-20-00017 - ARR\u00caT\u00c9 PR\u00c9FECTORAL N\u00b0 2021-BSP-SUR-13 DU 20 NOVEMBRE 2025\nPORTANT APPROBATION DU PLAN DE S\u00dbRET\u00c9 PORTUAIRE\nDU \u00ab\u00a0PORT DE SAINT-TROPEZ\u00a0\u00bb - (\u00ab\u00a0FRSTP\u00a0\u00bb\u00a0 - \u00ab\u00a08500\u00a0\u00bb)\n109\nVu l'arr\u00eat\u00e9  inter-pr\u00e9fectoral  N\u00b02025-BSP-SUR-11 pr\u00e9fet  maritime  de  la  M\u00e9diterran\u00e9e,\npr\u00e9fet du Var, portantd\u00e9limitation des limites portuaire de s\u00fbret\u00e9 du port de Saint-\nTropez (\u00ab FRSTP \u00bb  - \u00ab 8500 \u00bb) ; \nVu l'arr\u00eat\u00e9 pr\u00e9fectoral n\u00b0 2020-BSP-SUR-06 du 28 janvier 2020 portant constitution d'un \ngroupe d'experts au titre de la s\u00fbret\u00e9 portuaire pour le port de Saint-Tropez ;\nVu l'arr\u00eat\u00e9 pr\u00e9fectoral n\u00b0 2020-BSP-SUR-07 du 28 janvier 2020 portant constitution d'un \ncomit\u00e9 local de s\u00fbret\u00e9 portuaire pour le port de Saint-Tropez ;\nVu l'arr\u00eat\u00e9  pr\u00e9fectoral  n\u00b0  2025/54/MCI  du  15  juillet  2025  portant  d\u00e9l\u00e9gation  de\nsignature  \u00e0  Mme  Jos\u00e9phine  GUIGLIANO-BOUTONNET,  directrice  de  cabinet  du\npr\u00e9fet du Var ;\nConsid\u00e9rant l'avis favorable en date du 22 mai 2025 des membres du groupe d'experts de \ns\u00fbret\u00e9 portuaire ;\nConsid\u00e9rant  l'avis favorable du 15 septembre 2025 des membres du comit\u00e9 local de  \ns\u00fbret\u00e9 portuaire, \u00e9mis par voie \u00e9lectronique ;\nSur proposition de la sous-pr\u00e9f\u00e8te, directrice de cabinet du pr\u00e9fet du Var ;\nARR\u00caTE :\nArticle  1er : Le  pr\u00e9sent  arr\u00eat\u00e9  abroge  l'arr\u00eat\u00e9  pr\u00e9fectoral  n\u00b0  2022-BSP-SUR-52  du  30 \nnovembre 2022 ;\nArticle 2 : Le plan de s\u00fbret\u00e9 portuaire (PSP) du port de Saint-Tropez (\u00ab FRSTP \u00bb  - \u00ab 8500 \u00bb), \nannex\u00e9 au pr\u00e9sent arr\u00eat\u00e9, est approuv\u00e9e,  pour une dur\u00e9e de cinq ans,  soit jusqu'au 14  \nnovembre 2030 inclus ; \nArticle 3 : Le plan de s\u00fbret\u00e9 portuaire (PSP) du port de Saint-Tropez (\u00ab FRSTP \u00bb  - \u00ab 8500 \u00bb) \nne  sera  pas  publi\u00e9  au  recueil  des  actes  administratifs,  en  raison  de  son  caract\u00e8re \nconfidentiel ;\nArticle 4  : L e pr\u00e9fet du Var, le pr\u00e9fet maritime de la M\u00e9diterran\u00e9e, le maire de Saint-\nTropez, autorit\u00e9 portuaire et l'agent de s\u00fbret\u00e9 portuaire sont charg\u00e9s, chacun en ce qui le \nconcerne,  de  l'ex\u00e9cution  du  pr\u00e9sent  arr\u00eat\u00e9  qui  sera  publi\u00e9  au  recueil  des  actes \nadministratifs de la pr\u00e9fecture. \n       A Toulon, le 20 novembre 2025\nLe pr\u00e9fet,\nSign\u00e9\nSimon BABRE\nVoies et d\u00e9lais de recours  \u2013 Conform\u00e9ment aux dispositions des articles R.421-1 \u00e0 R.421-5 du Code de justice  \nadministrative, le pr\u00e9sent arr\u00eat\u00e9 peut faire l'objet d'un recours contentieux devant le tribunal administratif de  \nToulon dans le d\u00e9lai de deux mois \u00e0 compter de sa notification ou de sa publication. Le tribunal administratif  \npeut \u00eatre saisi par l'application \u00ab T\u00e9l\u00e9recours citoyens \u00bb accessible par le site internet www.telerecours.fr\nPr\u00e9fecture du Var - Boulevard du 112\u00e8me R.I. - CS 31 209 - 83 070 TOULON CEDEX \nStandard t\u00e9l\u00e9phonique : 04 94 18 83 83 - Portail Internet : www.var.gouv.fr 2/2\nPr\u00e9fecture du VAR - 83-2025-11-20-00017 - ARR\u00caT\u00c9 PR\u00c9FECTORAL N\u00b0 2021-BSP-SUR-13 DU 20 NOVEMBRE 2025\nPORTANT APPROBATION DU PLAN DE S\u00dbRET\u00c9 PORTUAIRE\nDU \u00ab\u00a0PORT DE SAINT-TROPEZ\u00a0\u00bb - (\u00ab\u00a0FRSTP\u00a0\u00bb\u00a0 - \u00ab\u00a08500\u00a0\u00bb)\n110\nPr\u00e9fecture du VAR\n83-2025-11-20-00024\nARR\u00caT\u00c9 PR\u00c9FECTORAL N\u00b0 2021-BSP-SUR-20 DU\n20 NOVEMBRE 2025\nPORTANT APPROBATION DU PLAN DE S\u00dbRET\u00c9\nPORTUAIRE\nDU \u00ab\u00a0PORT DE SANARY-SUR-MER\u00a0\u00bb -\n(\u00ab\u00a0FRYNR\u00a0\u00bb\u00a0 - \u00ab\u00a08200\u00a0\u00bb)\nPr\u00e9fecture du VAR - 83-2025-11-20-00024 - ARR\u00caT\u00c9 PR\u00c9FECTORAL N\u00b0 2021-BSP-SUR-20 DU 20 NOVEMBRE 2025\nPORTANT APPROBATION DU PLAN DE S\u00dbRET\u00c9 PORTUAIRE\nDU \u00ab\u00a0PORT DE SANARY-SUR-MER\u00a0\u00bb - (\u00ab\u00a0FRYNR\u00a0\u00bb\u00a0 - \u00ab\u00a08200\u00a0\u00bb)\n111\nEsPREFETDU VARLibert\u00e9Egalit\u00e9Fraternit\u00e9\nDirection des s\u00e9curit\u00e9s\nBureau de la s\u00e9curit\u00e9 publique\nARR\u00caT\u00c9 PR\u00c9FECTORAL N\u00b0 2021-BSP-SUR-20 DU 20 NOVEMBRE 2025\nPORTANT APPROBATION DU PLAN DE S\u00dbRET\u00c9 PORTUAIRE\nDU \u00ab PORT DE SANARY-SUR-MER \u00bb - (\u00ab FRYNR \u00bb  - \u00ab 8200 \u00bb)\nLe pr\u00e9fet du Var,\nVu le r\u00e8glement du Parlement et du Conseil europ\u00e9en n\u00b0 725/2004 du 31 mars 2004\n(modifi\u00e9)  relatif  \u00e0  l'am\u00e9lioration  de  la  s\u00fbret\u00e9  des  navires  et  des  installations\nportuaires ;\nVu la directive du Parlement et du Conseil europ\u00e9en n\u00b0 2005/65/CE du 26 octobre 2005,\nrelative \u00e0 l'am\u00e9lioration de la s\u00fbret\u00e9 des ports ;\nVu le code des transports, notamment ses articles L3332-7 et R5332-19 \u00e0 R5332-22 ;\nVu le d\u00e9cret n\u00b0 2004-112 du 6 f\u00e9vrier 2004 (modifi\u00e9) relatif \u00e0 l'organisation de l'action de\nl'\u00c9tat en mer ;\nVu le d\u00e9cret n\u00b0 2004-374 du 29 avril 2004 (modifi\u00e9) relatif aux pouvoirs des pr\u00e9fets, \u00e0\nl'organisation des services de l'\u00c9tat dans les r\u00e9gions et les d\u00e9partements ;\nVu le d\u00e9cret n\u00b0 2015-1756 du 24 d\u00e9cembre 2015 (modifi\u00e9) rel atif \u00e0 la s\u00fbret\u00e9 des ports\nmaritimes ;\nVu le d\u00e9cret n\u00b0 2020-806 du 29 juin 2020 relatif \u00e0 certaines commissions \u00e0 caract\u00e8re\nconsultatif  relevant  du  minist\u00e8re  de  la  transition  \u00e9cologique  et  solidaire  et  du\nminist\u00e8re  de  la  coh\u00e9sion  des  territoires  et  des  relations  avec  les  collectivit\u00e9s\nterritoriales ; \nVu le  d\u00e9cret  du  pr\u00e9sident  de  la  R\u00e9publique  en  date  du  15  mai  2025  portant\nnomination de M. Simon BABRE, pr\u00e9fet du Var ;\nVu le  d\u00e9cret  du  pr\u00e9sident  de  la  R\u00e9publique  en  date  du  03  avril  2024  portant\nnomination de Mme Jos\u00e9phine GUIGLIANO-BOUTONNET , directrice de cabinet du\npr\u00e9fet du Var ;\nVu l'arr\u00eat\u00e9  minist\u00e9riel  du  22  avril  2008  (modifi\u00e9)  d\u00e9finissant  les  modalit\u00e9s\nd'\u00e9tablissement  des  \u00e9valuations  et  des  plans  de  s\u00fbret\u00e9  portuaires  et  des\ninstallations portuaires ;\nVu l'arr\u00eat\u00e9 minist\u00e9riel du 26 avril 2024 relatif \u00e0 la reconnaissance de soci\u00e9t\u00e9s comme\norganismes de s\u00fbret\u00e9 habilit\u00e9s ;\nVu l'arr\u00eat\u00e9  minist\u00e9riel  du  22  mai  2025  portant  codification  de  diverses  dispositions\nrelatives \u00e0 la s\u00fbret\u00e9 portuaire ;\nVu l'arr\u00eat\u00e9 inter-pr\u00e9fectoral N\u00b0 2025-BSP-SUR-19 pr\u00e9fet maritime de la M\u00e9diterran\u00e9e,  \npr\u00e9fet du Var, portantapprobation de l'\u00e9valuation de s\u00fbret\u00e9 portuaire du port de  \nSanary-sur-Mer (\u00ab FRYNR \u00bb  - \u00ab 8200 \u00bb);\nPr\u00e9fecture du Var - Boulevard du 112\u00e8me R.I. - CS 31 209 - 83 070 TOULON CEDEX \nStandard t\u00e9l\u00e9phonique : 04 94 18 83 83 - Portail Internet : www.var.gouv.fr 1/2\nPr\u00e9fecture du VAR - 83-2025-11-20-00024 - ARR\u00caT\u00c9 PR\u00c9FECTORAL N\u00b0 2021-BSP-SUR-20 DU 20 NOVEMBRE 2025\nPORTANT APPROBATION DU PLAN DE S\u00dbRET\u00c9 PORTUAIRE\nDU \u00ab\u00a0PORT DE SANARY-SUR-MER\u00a0\u00bb - (\u00ab\u00a0FRYNR\u00a0\u00bb\u00a0 - \u00ab\u00a08200\u00a0\u00bb)\n112\nVu l'arr\u00eat\u00e9 inter-pr\u00e9fectoral N\u00b02025-BSP-SUR-18 pr\u00e9fet maritime de la M\u00e9diterran\u00e9e,\npr\u00e9fet du Var, portantd\u00e9limitation  des  limites  portuaire  de  s\u00fbret\u00e9  du  port  de\nSanary-sur-Mer (\u00ab FRYNR \u00bb  - \u00ab 8200 \u00bb);\nVu l'arr\u00eat\u00e9 pr\u00e9fectoral n\u00b0 2020-BSP-SUR-11 du 28 janvier 2020 portant constitutiond'un \ncomit\u00e9 local de s\u00fbret\u00e9 portuaire pour le port de Sanary-sur-Mer ;\nVu l'arr\u00eat\u00e9 pr\u00e9fectoral n\u00b0 2020-BSP-SUR-11 du 28 janvier 2020 portant constitution d'un  \ncomit\u00e9 local de s\u00fbret\u00e9 portuaire pour le port de Sanary-sur-Mer ;\nVu l'arr\u00eat\u00e9  pr\u00e9fectoral  n\u00b0  2025/54/MCI  du  15  juillet  2025  portant  d\u00e9l\u00e9gation  de\nsignature  \u00e0  Mme  Jos\u00e9phine  GUIGLIANO-BOUTONNET,  directrice  de  cabinet  du\npr\u00e9fet du Var ;\nConsid\u00e9rant l'avis favorable en date du 12 juin 2025 des membres du groupe d'experts de \ns\u00fbret\u00e9 portuaire ;\nConsid\u00e9rant  l'avis favorable du 15 septembre 2025 des membres du comit\u00e9 local de  \ns\u00fbret\u00e9 portuaire, \u00e9mis par voie \u00e9lectronique ;\nSur proposition de la sous-pr\u00e9f\u00e8te, directrice de cabinet du pr\u00e9fet du Var ;\nARR\u00caTE :\nArticle  1er : Le  pr\u00e9sent  arr\u00eat\u00e9  abroge  l'arr\u00eat\u00e9  pr\u00e9fectoral  n\u00b0  2022-BSP-SUR-51  du  30 \nnovembre 2022 ;\nArticle  2 : L e  plan  de  s\u00fbret\u00e9  portuaire  (PSP)  du  port  de  Sanary-sur-Mer  (\u00ab FRYNR \u00bb  -  \n\u00ab 8200 \u00bb), annex\u00e9 au pr\u00e9sent arr\u00eat\u00e9, est approuv\u00e9e,  pour une dur\u00e9e de cinq ans,  soit \njusqu'au 14 novembre 2030 inclus ; \nArticle  3 :  Le  plan  de  s\u00fbret\u00e9  portuaire  (PSP)  du  port  de  Sanary-sur-Mer  (\u00ab FRYNR \u00bb  -  \n\u00ab 8200 \u00bb) ne sera pas publi\u00e9 au recueil des actes administratifs, en raison de son caract\u00e8re \nconfidentiel ;\nArticle 4 : Le pr\u00e9fet du Var, le pr\u00e9fet maritime de la M\u00e9diterran\u00e9e, le maire de Sanary-sur-\nMer, autorit\u00e9 portuaire et l'agent de s\u00fbret\u00e9 portuaire sont charg\u00e9s, chacun en ce qui le  \nconcerne,  de  l'ex\u00e9cution  du  pr\u00e9sent  arr\u00eat\u00e9  qui  sera  publi\u00e9  au  recueil  des  actes \nadministratifs de la pr\u00e9fecture.\nA Toulon, le 20 novembre 2025\nLe pr\u00e9fet,\nSign\u00e9\nSimon BABRE\nVoies et d\u00e9lais de recours  \u2013 Conform\u00e9ment aux dispositions des articles R.421-1 \u00e0 R.421-5 du Code de justice  \nadministrative, le pr\u00e9sent arr\u00eat\u00e9 peut faire l'objet d'un recours contentieux devant le tribunal administratif de  \nToulon dans le d\u00e9lai de deux mois \u00e0 compter de sa notification ou de sa publication. Le tribunal administratif  \npeut \u00eatre saisi par l'application \u00ab T\u00e9l\u00e9recours citoyens \u00bb accessible par le site internet www.telerecours.fr\nPr\u00e9fecture du Var - Boulevard du 112\u00e8me R.I. - CS 31 209 - 83 070 TOULON CEDEX \nStandard t\u00e9l\u00e9phonique : 04 94 18 83 83 - Portail Internet : www.var.gouv.fr 2/2\nPr\u00e9fecture du VAR - 83-2025-11-20-00024 - ARR\u00caT\u00c9 PR\u00c9FECTORAL N\u00b0 2021-BSP-SUR-20 DU 20 NOVEMBRE 2025\nPORTANT APPROBATION DU PLAN DE S\u00dbRET\u00c9 PORTUAIRE\nDU \u00ab\u00a0PORT DE SANARY-SUR-MER\u00a0\u00bb - (\u00ab\u00a0FRYNR\u00a0\u00bb\u00a0 - \u00ab\u00a08200\u00a0\u00bb)\n113\nPr\u00e9fecture du VAR\n83-2025-11-20-00014\nARR\u00caT\u00c9 PR\u00c9FECTORAL N\u00b0 2025-BSP-SUR-10 DU\n20 NOVEMBRE 2025\nPORTANT APPROBATION DE L'\u00c9VALUATION DE\nS\u00dbRET\u00c9 DE L'INSTALLATION PORTUAIRE ET DU\nPLAN DE S\u00dbRET\u00c9 DE L'INSTALLATION\nPORTUAIRE N\u00b08501\n\u00ab\u00a0EMBARCAD\u00c8RE DU PORT DE SAINT-TROPEZ\u00a0\u00bb\n(\u00ab\u00a0FRSTP-0001\u00a0\u00bb - \u00ab\u00a08501\u00a0\u00bb)\nPr\u00e9fecture du VAR - 83-2025-11-20-00014 - ARR\u00caT\u00c9 PR\u00c9FECTORAL N\u00b0 2025-BSP-SUR-10 DU 20 NOVEMBRE 2025\nPORTANT APPROBATION DE L'\u00c9VALUATION DE S\u00dbRET\u00c9 DE L'INSTALLATION PORTUAIRE ET DU PLAN DE S\u00dbRET\u00c9 DE L'INSTALLATION\nPORTUAIRE N\u00b08501\n\u00ab\u00a0EMBARCAD\u00c8RE DU PORT DE SAINT-TROPEZ\u00a0\u00bb (\u00ab\u00a0FRSTP-0001\u00a0\u00bb - \u00ab\u00a08501\u00a0\u00bb)\n114\nEsPREFETDU VARLibert\u00e9Egalit\u00e9Fraternit\u00e9\nDirection des s\u00e9curit\u00e9s\nBureau de la s\u00e9curit\u00e9 publique\nARR\u00caT\u00c9 PR\u00c9FECTORAL N\u00b0 2025-BSP-SUR-10 DU 20 NOVEMBRE 2025\nPORTANT APPROBATION DE L'\u00c9VALUATION DE S\u00dbRET\u00c9 DE L'INSTALLATION \nPORTUAIRE ET DU PLAN DE S\u00dbRET\u00c9 DE L'INSTALLATION PORTUAIRE N\u00b08501\n\u00ab EMBARCAD\u00c8RE DU PORT DE SAINT-TROPEZ \u00bb (\u00ab FRSTP-0001 \u00bb - \u00ab 8501 \u00bb)\nLe pr\u00e9fet du Var,\nVu le r\u00e8glement du Parlement et du Conseil europ\u00e9en n\u00b0 725/2004 du 31 mars 2004\n(modifi\u00e9)  relatif  \u00e0  l'am\u00e9lioration  de  la  s\u00fbret\u00e9  des  navires  et  des  installations\nportuaires ;\nVu la directive du Parlement et du Conseil europ\u00e9en n\u00b0 2005/65/CE du 26 octobre 2005,\nrelative \u00e0 l'am\u00e9lioration de la s\u00fbret\u00e9 des ports ;\nVu le  code  des  transports,  notamment  ses  articles  L.5332-1,  L.5332-9,  L.5332-10,\nR.5332- 23 \u00e0 R.5332-28 ;\nVu le d\u00e9cret n\u00b0 2004-112 du 6 f\u00e9vrier 2004 (modifi\u00e9) relatif \u00e0 l'organisation de l'action de\nl'\u00c9tat en mer ;\nVu le d\u00e9cret n\u00b0 2004-374 du 29 avril 2004 (modifi\u00e9) relatif aux pouvoirs des pr\u00e9fets, \u00e0\nl'organisation des services de l'\u00c9tat dans les r\u00e9gions et les d\u00e9partements ;\nVu le d\u00e9cret n\u00b0 2015-1756 du 24 d\u00e9cembre 2015, modifi\u00e9, rel atif \u00e0 la s\u00fbret\u00e9 des ports\nmaritimes ;\nVu le d\u00e9cret n\u00b0 2020-806 du 29 juin 2020 relatif \u00e0 certaines commissions \u00e0 caract\u00e8re\nconsultatif  relevant  du  minist\u00e8re  de  la  transition  \u00e9cologique  et  solidaire  et  du\nminist\u00e8re  de  la  coh\u00e9sion  des  territoires  et  des  relations  avec  les  collectivit\u00e9s\nterritoriales ; \nVu le  d\u00e9cret  du  pr\u00e9sident  de  la  R\u00e9publique  en  date  du  15  mai  2025  portant\nnomination de M. Simon BABRE, pr\u00e9fet du Var ;\nVu le  d\u00e9cret  du  pr\u00e9sident  de  la  R\u00e9publique  en  date  du  03  avril  2024  portant\nnomination de Mme Jos\u00e9phine GUIGLIANO-BOUTONNET, directrice de cabinet du \npr\u00e9fet du Var ;\nVu l'arr\u00eat\u00e9  minist\u00e9riel  du  22  avril  2008  (modifi\u00e9)  d\u00e9finissant  les  modalit\u00e9s\nd'\u00e9tablissement  des  \u00e9valuations  et  des  plans  de  s\u00fbret\u00e9  portuaires  et  des\ninstallations portuaires ;\nVu l'arr\u00eat\u00e9 minist\u00e9riel du 26 avril 2024 relatif \u00e0 la reconnaissance de soci\u00e9t\u00e9s comme \norganismes de s\u00fbret\u00e9 habilit\u00e9s ;\nVu l'arr\u00eat\u00e9  minist\u00e9riel  du  22  mai  2025  portant  codification  de  diverses  dispositions\nrelatives \u00e0 la s\u00fbret\u00e9 portuaire ;\nPr\u00e9fecture du Var - Boulevard du 112\u00e8me R.I. - CS 31 209 - 83 070 TOULON CEDEX \nStandard t\u00e9l\u00e9phonique : 04 94 18 83 83 - Portail Internet : www.var.gouv.fr 1/2\nPr\u00e9fecture du VAR - 83-2025-11-20-00014 - ARR\u00caT\u00c9 PR\u00c9FECTORAL N\u00b0 2025-BSP-SUR-10 DU 20 NOVEMBRE 2025\nPORTANT APPROBATION DE L'\u00c9VALUATION DE S\u00dbRET\u00c9 DE L'INSTALLATION PORTUAIRE ET DU PLAN DE S\u00dbRET\u00c9 DE L'INSTALLATION\nPORTUAIRE N\u00b08501\n\u00ab\u00a0EMBARCAD\u00c8RE DU PORT DE SAINT-TROPEZ\u00a0\u00bb (\u00ab\u00a0FRSTP-0001\u00a0\u00bb - \u00ab\u00a08501\u00a0\u00bb)\n115\nVu l'arr\u00eat\u00e9 pr\u00e9fectoral n\u00b0 2020-BSP-SUR-06 du 28 janvier 2020 portant constitution d'un \ngroupe d'experts au titre de la s\u00fbret\u00e9 portuaire pour le port de Saint-Tropez ; \nVu l'arr\u00eat\u00e9 pr\u00e9fectoral n\u00b0 2020-BSP-SUR-07 du 28 janvier 2020 portant constitution d'un \ncomit\u00e9 local de s\u00fbret\u00e9 portuaire pour le port de Saint-Tropez ;\nVu l'arr\u00eat\u00e9  pr\u00e9fectoral  n\u00b0  2025/54/MCI  du  15  juillet  2025  portant  d\u00e9l\u00e9gation  de\nsignature  \u00e0  Mme  Jos\u00e9phine  GUIGLIANO-BOUTONNET,  directrice  de  cabinet  du\npr\u00e9fet du Var ;\nVu l'arr\u00eat\u00e9  pr\u00e9fectoral  n\u00b02025-BSP-SUR-07  portant  d\u00e9limitation  de  l'installation  \nportuaire N\u00b0 8501 \u00abEMBARCAD\u00c8RE DU PORT DE SAINT-TROPEZ \u00bb - (\u00ab FRSTP- 0001 \u00bb \n- \u00ab 8501 \u00bb) ;\nConsid\u00e9rant l'avis favorable en date du 06 mars 2025 pour l'ESIP et du 20 mars 2025 pour \nle PSIP des membres du groupe d'experts de s\u00fbret\u00e9 portuaire ;\nConsid\u00e9rant  l'avis favorable du 15 septembre 2025 des membres du comit\u00e9 local de  \ns\u00fbret\u00e9 portuaire, \u00e9mis par voie \u00e9lectronique ;\nSur proposition de la sous-pr\u00e9f\u00e8te, directrice de cabinet du pr\u00e9fet du Var ;\nARR\u00caTE :\nArticle 1er : Le pr\u00e9sent arr\u00eat\u00e9 abroge l'arr\u00eat\u00e9 pr\u00e9fectoral N\u00b0 2021-BSP-SUR-14 du 05 f\u00e9vrier \n2021 approuvant l'\u00e9valuation de s\u00fbret\u00e9 et le plan de s\u00fbret\u00e9 de l'installation portuaire N\u00b0 \n8501 du port de SAINT-TROPEZ ;\nArticle  2 :  L'\u00e9valuation  et  le  plan  de  s\u00fbret\u00e9  de  l'installation  portuaire  N\u00b08501  \n\u00abEMBARCAD\u00c8RE DU PORT DE SAINT-TROPEZ \u00bb (\u00ab FRSTP-0001 \u00bb - \u00ab 8501 \u00bb) sont approuv\u00e9s \npour une dur\u00e9e de cinq ans, soit jusqu'au 14 novembre 2030 inclus;\nArticle 3 : L'\u00e9valuation et le plan de s\u00fbret\u00e9 de l'installation portuaire ne seront pas publi\u00e9s \nau recueil des actes administratifs en raison de leur caract\u00e8re confidentiel ;\nArticle 4  : La sous-pr\u00e9f\u00e8te, directrice de cabinet du pr\u00e9fet du Var , le maire de Saint-\nTropez, autorit\u00e9 portuaire et l'agent de s\u00fbret\u00e9 de l'installation portuaire sont charg\u00e9s  \nchacun en ce qui le concerne de l'ex\u00e9cution du pr\u00e9sent arr\u00eat\u00e9 qui sera  publi\u00e9 au recueil  \ndes actes administratifs de la pr\u00e9fecture du Var. \nA Toulon, le 20 novembre 2025\nLe pr\u00e9fet,\nSign\u00e9\nSimon BABRE \n  \nVoies et d\u00e9lais de recours  \u2013 Conform\u00e9ment aux dispositions des articles R.421-1 \u00e0 R.421-5 du Code de justice  \nadministrative, le pr\u00e9sent arr\u00eat\u00e9 peut faire l'objet d'un recours contentieux devant le tribunal administratif de  \nToulon dans le d\u00e9lai de deux mois \u00e0 compter de sa notification ou de sa publication. Le tribunal administratif  \npeut \u00eatre saisi par l'application \u00ab T\u00e9l\u00e9recours citoyens \u00bb accessible par le site internet www.telerecours.fr\nPr\u00e9fecture du Var - Boulevard du 112\u00e8me R.I. - CS 31 209 - 83 070 TOULON CEDEX \nStandard t\u00e9l\u00e9phonique : 04 94 18 83 83 - Portail Internet : www.var.gouv.fr 2/2\nPr\u00e9fecture du VAR - 83-2025-11-20-00014 - ARR\u00caT\u00c9 PR\u00c9FECTORAL N\u00b0 2025-BSP-SUR-10 DU 20 NOVEMBRE 2025\nPORTANT APPROBATION DE L'\u00c9VALUATION DE S\u00dbRET\u00c9 DE L'INSTALLATION PORTUAIRE ET DU PLAN DE S\u00dbRET\u00c9 DE L'INSTALLATION\nPORTUAIRE N\u00b08501\n\u00ab\u00a0EMBARCAD\u00c8RE DU PORT DE SAINT-TROPEZ\u00a0\u00bb (\u00ab\u00a0FRSTP-0001\u00a0\u00bb - \u00ab\u00a08501\u00a0\u00bb)\n116\nPr\u00e9fecture du VAR\n83-2025-11-20-00021\nARR\u00caT\u00c9 PR\u00c9FECTORAL N\u00b0 2025-BSP-SUR-17 DU\n20 NOVEMBRE 2025          \nPORTANT APPROBATION DE L'\u00c9VALUATION DE\nS\u00dbRET\u00c9 DE L'INSTALLATION\nPORTUAIRE ET PLAN DE S\u00dbRET\u00c9 DE\nL'INSTALLATION PORTUAIRE N\u00b0 8201\n\u00abEMBARCAD\u00c8RE DU PORT DE\nSANARY-SUR-MER\u00a0\u00bb (\u00ab\u00a0FRYNR-0001\u00a0\u00bb -\n\u00ab\u00a08201\u00a0\u00bb)\nPr\u00e9fecture du VAR - 83-2025-11-20-00021 - ARR\u00caT\u00c9 PR\u00c9FECTORAL N\u00b0 2025-BSP-SUR-17 DU 20 NOVEMBRE 2025          \nPORTANT APPROBATION DE L'\u00c9VALUATION DE S\u00dbRET\u00c9 DE L'INSTALLATION\nPORTUAIRE ET PLAN DE S\u00dbRET\u00c9 DE L'INSTALLATION PORTUAIRE N\u00b0 8201\n\u00abEMBARCAD\u00c8RE DU PORT DE SANARY-SUR-MER\u00a0\u00bb (\u00ab\u00a0FRYNR-0001\u00a0\u00bb - \u00ab\u00a08201\u00a0\u00bb)\n117\nEsPREFETDU VARLibert\u00e9Egalit\u00e9Fraternit\u00e9\nDirection des s\u00e9curit\u00e9s\nBureau de la s\u00e9curit\u00e9 Publique\nARR\u00caT\u00c9 PR\u00c9FECTORAL N\u00b0 2025-BSP-SUR-17 DU 20 NOVEMBRE 2025          \nPORTANT APPROBATION DE L'\u00c9VALUATION DE S\u00dbRET\u00c9 DE L'INSTALLATION\nPORTUAIRE ET PLAN DE S\u00dbRET\u00c9 DE L'INSTALLATION PORTUAIRE N\u00b0 8201\n\u00abEMBARCAD\u00c8RE DU PORT DE SANARY-SUR-MER \u00bb (\u00ab FRYNR-0001 \u00bb - \u00ab 8201 \u00bb)\nLe pr\u00e9fet du Var,\nVu le r\u00e8glement du Parlement et du Conseil europ\u00e9en n\u00b0 725/2004 du 31 mars 2004\n(modifi\u00e9)  relatif  \u00e0  l'am\u00e9lioration  de  la  s\u00fbret\u00e9  des  navires  et  des  installations\nportuaires ;\nVu la directive du Parlement et du Conseil europ\u00e9en n\u00b0 2005/65/CE du 26 octobre 2005,\nrelative \u00e0 l'am\u00e9lioration de la s\u00fbret\u00e9 des ports ;\nVu le  code  des  transports,  notamment  ses  articles  L.5332-1,  L.5332-9,  L.5332-10,\nR.5332- 23 \u00e0 R.5332-28 ;\nVu le d\u00e9cret n\u00b0 2004-112 du 6 f\u00e9vrier 2004 (modifi\u00e9) relatif \u00e0 l'organisation de l'action de\nl'\u00c9tat en mer ;\nVu le d\u00e9cret n\u00b0 2004-374 du 29 avril 2004 (modifi\u00e9) relatif aux pouvoirs des pr\u00e9fets, \u00e0\nl'organisation des services de l'\u00c9tat dans les r\u00e9gions et les d\u00e9partements ;\nVu le d\u00e9cret n\u00b0 2015-1756 du 24 d\u00e9cembre 2015  (modifi\u00e9) relatif \u00e0 la s\u00fbret\u00e9 des ports\nmaritimes ;\nVu le d\u00e9cret n\u00b0 2020-806 du 29 juin 2020 relatif \u00e0 certaines commissions \u00e0 caract\u00e8re\nconsultatif  relevant  du  minist\u00e8re  de  la  transition  \u00e9cologique  et  solidaire  et  du\nminist\u00e8re  de  la  coh\u00e9sion  des  territoires  et  des  relations  avec  les  collectivit\u00e9s\nterritoriales ; \nVu le  d\u00e9cret  du  pr\u00e9sident  de  la  R\u00e9publique  en  date  du  15  mai  2025  portant\nnomination de M. Simon BABRE, pr\u00e9fet du Var ;\nVu le  d\u00e9cret  du  pr\u00e9sident  de  la  R\u00e9publique  en  date  du  03  avril  2024  portant\nnomination de Mme Jos\u00e9phine GUIGLIANO-BOUTONNET , directrice de cabinet du\npr\u00e9fet du Var ;\nVu l'arr\u00eat\u00e9  minist\u00e9riel  du  22  avril  2008  (modifi\u00e9) d\u00e9finissant  les  modalit\u00e9s\nd'\u00e9tablissement  des  \u00e9valuations  et  des  plans  de  s\u00fbret\u00e9  portuaires  et  des\ninstallations portuaires ;\nVu l'arr\u00eat\u00e9 minist\u00e9riel du 26 avril 2024 relatif \u00e0 la reconnaissance de soci\u00e9t\u00e9s comme\norganismes de s\u00fbret\u00e9 habilit\u00e9s ;\nVu l'arr\u00eat\u00e9  minist\u00e9riel  du  22  mai  2025  portant  codification  de  diverses  dispositions\nrelatives \u00e0 la s\u00fbret\u00e9 portuaire ;\nPr\u00e9fecture du Var - Boulevard du 112\u00e8me R.I. - CS 31 209 - 83 070 TOULON CEDEX \nStandard t\u00e9l\u00e9phonique : 04 94 18 83 83 - Portail Internet : www.var.gouv.fr 1/2\nPr\u00e9fecture du VAR - 83-2025-11-20-00021 - ARR\u00caT\u00c9 PR\u00c9FECTORAL N\u00b0 2025-BSP-SUR-17 DU 20 NOVEMBRE 2025          \nPORTANT APPROBATION DE L'\u00c9VALUATION DE S\u00dbRET\u00c9 DE L'INSTALLATION\nPORTUAIRE ET PLAN DE S\u00dbRET\u00c9 DE L'INSTALLATION PORTUAIRE N\u00b0 8201\n\u00abEMBARCAD\u00c8RE DU PORT DE SANARY-SUR-MER\u00a0\u00bb (\u00ab\u00a0FRYNR-0001\u00a0\u00bb - \u00ab\u00a08201\u00a0\u00bb)\n118\nVu l'arr\u00eat\u00e9  pr\u00e9fectoral  n\u00b0  2020-BSP-SUR-11  du  28  janvier  2020  portant  constitution\nd'un comit\u00e9 local de s\u00fbret\u00e9 portuaire pour le port de Sanary-sur-Mer ; \nVu l'arr\u00eat\u00e9 pr\u00e9fectoral n\u00b0 2020-BSP-SUR-11 du 28 janvier 2020 portant constitution d'un \ncomit\u00e9 local de s\u00fbret\u00e9 portuaire pour le port du port de Sanary-sur-Mer ;\nVu l'arr\u00eat\u00e9  pr\u00e9fectoral  N\u00b0  2025/08/MCI  du  25  mars  2025  portant  d\u00e9l\u00e9gation  de\nsignature  \u00e0  Mme  Jos\u00e9phine  GUIGLIANO-BOUTONNET,  directrice  de  cabinet  du\npr\u00e9fet du Var ;\nVu l'arr\u00eat\u00e9  pr\u00e9fectoral  n\u00b0  2025-BSP-SUR-14 portant  d\u00e9limitation  de  l'installation\nportuaire N\u00b08201 \u00ab EMBARCAD\u00c8RE DU PORT DE SANARY-SUR-MER \u00bb - (\u00ab FRYNR-\n0001 \u00bb - \u00ab 8201 \u00bb) ;\nConsid\u00e9rant l'avis favorable en date du 27 mars 2025 pour l'ESIP et le 10 avril 2025 pour le \nPSIP des membres du groupe d'experts de s\u00fbret\u00e9 portuaire ;\nConsid\u00e9rant  l'avis favorable du 15 septembre 2025 des membres du comit\u00e9 local de  \ns\u00fbret\u00e9 portuaire, \u00e9mis par voie \u00e9lectronique ;\nSur proposition de la sous-pr\u00e9f\u00e8te, directrice de cabinet du pr\u00e9fet du Var ;\nARR\u00caTE :\nArticle 1er : le pr\u00e9sent arr\u00eat\u00e9 abroge l'arr\u00eat\u00e9 pr\u00e9fectoral N\u00b0 2021-BSP-SUR-13 du 05 f\u00e9vrier \n2021 approuvant l'\u00e9valuation de s\u00fbret\u00e9 et le plan de s\u00fbret\u00e9 de l'installation portuaire N\u00b0 \n8201 du port de SANARY-SUR-MER ;\nArticle  2 :  l'\u00e9valuation  et  le  plan  de  s\u00fbret\u00e9  de  l'installation  portuaire  N\u00b08201  \n\u00abEMBARCAD\u00c8RE  DU  PORT  DE  SANARY-SUR-MER \u00bb  (\u00ab FRYNR-0001 \u00bb  -  \u00ab 8201 \u00bb)  sont \napprouv\u00e9s pour une dur\u00e9e de cinq ans, soit jusqu'au 14 novembre 2030 inclus;\nArticle 3 : l'\u00e9valuation et le plan de s\u00fbret\u00e9 de l'installation portuaire ne seront pas publi\u00e9s  \nau recueil des actes administratifs en raison de leur caract\u00e8re confidentiel ;\nArticle 5  : La sous-pr\u00e9f\u00e8te, directrice de cabinet du pr\u00e9fet du Var, l'autorit\u00e9 portuaire,  \nmaire de la commune de Sanary-sur-Mer, l'agent de s\u00fbret\u00e9 de l'installation portuaire sont  \ncharg\u00e9s, chacun en ce qui le concerne de l'ex\u00e9cution du pr\u00e9sent arr\u00eat\u00e9 qui sera publi\u00e9 au  \nrecueil des actes administratifs de la pr\u00e9fecture du Var.\nA Toulon, le 20 novembre 2025\nLe pr\u00e9fet,\nSign\u00e9\nSimon BABRE\nVoies et d\u00e9lais de recours  \u2013 Conform\u00e9ment aux dispositions des articles R.421-1 \u00e0 R.421-5 du Code de justice  \nadministrative, le pr\u00e9sent arr\u00eat\u00e9 peut faire l'objet d'un recours contentieux devant le tribunal administratif de  \nToulon dans le d\u00e9lai de deux mois \u00e0 compter de sa notification ou de sa publication. Le tribunal administratif  \npeut \u00eatre saisi par l'application \u00ab T\u00e9l\u00e9recours citoyens \u00bb accessible par le site internet www.telerecours.fr\nPr\u00e9fecture du Var - Boulevard du 112\u00e8me R.I. - CS 31 209 - 83 070 TOULON CEDEX \nStandard t\u00e9l\u00e9phonique : 04 94 18 83 83 - Portail Internet : www.var.gouv.fr 2/2\nPr\u00e9fecture du VAR - 83-2025-11-20-00021 - ARR\u00caT\u00c9 PR\u00c9FECTORAL N\u00b0 2025-BSP-SUR-17 DU 20 NOVEMBRE 2025          \nPORTANT APPROBATION DE L'\u00c9VALUATION DE S\u00dbRET\u00c9 DE L'INSTALLATION\nPORTUAIRE ET PLAN DE S\u00dbRET\u00c9 DE L'INSTALLATION PORTUAIRE N\u00b0 8201\n\u00abEMBARCAD\u00c8RE DU PORT DE SANARY-SUR-MER\u00a0\u00bb (\u00ab\u00a0FRYNR-0001\u00a0\u00bb - \u00ab\u00a08201\u00a0\u00bb)\n119","date":"2025-12-02","first_seen_on":"2025-12-02T17:55:11+00:00","id":"3b050dc0f8aa2fd3a7ac8f007a878eef67e1c006f2edcef0e699a091b10b845a","name":"RAA N\u00b0406 du 2 d\u00e9cembre 2025","pdf_creation_date":"2025-12-02T16:13:21+00:00","pdf_modification_date":null,"timezone":"Europe/Paris","url":"https://www.var.gouv.fr/contenu/telechargement/43830/286233/file/RAA%20N%C2%B0406%20du%202%20d%C3%A9cembre%202025.pdf"}
