{"administration":"pref83","administration_name":"Pr\u00e9fecture du Var","content":"VAR\nRECUEIL DES ACTES\nADMINISTRATIFS\nN\u00b083-2025-033\nPUBLI\u00c9 LE  4 F\u00c9VRIER 2025\nSommaire\nDirection d\u00e9partementale des territoires et de la mer du Var / Service eau\net biodiversit\u00e9 de la DDTM\n83-2025-02-01-00001 - ARR\u00caT\u00c9 PR\u00c9FECTORAL n\u00b0\nDDTM/SEBIO/2025-07 du 01 f\u00e9vrier 2025\nportant d\u00e9rogation \u00e0 la\ncapture ou l'enl\u00e8vement et la perturbation intentionnelle\nde\nsp\u00e9cimens d'esp\u00e8ces animales prot\u00e9g\u00e9es\nd\u00e9finie \u00e0 l'article\n4\u00b0 du L.411-2 du Code de l'Environnement\n\nau b\u00e9n\u00e9fice du\nconservatoire d'espaces naturels (CEN)\nde Provence-Alpes-C\u00f4te d'Azur\n(PACA)\n\npour proc\u00e9der ou faire proc\u00e9der\nsur le territoire des\ncommunes de\nVidauban, Collobri\u00e8res, Flassans-sur-Issole, Ramatuelle, la\nCroix-Valmer,\nla M\u00f4le, Cabasse, le Cannet-des-Maures, le Luc\n\n\u00e0 la\ncapture temporaire avec rel\u00e2cher imm\u00e9diat sur place de\nTortue\nd'Hermann - Testudo hermanni (Gmelin, 1789)\npour les ann\u00e9es 2025\n\u00e0 2027 inclus. (9 pages) Page 3\nEHPAD L'Escandihado Flassans sur Issole / Direction de l'EHPAD de Flassan\n83-2025-01-23-00003 - Dc d\u00e9l\u00e9gation signature (3 pages) Page 13\n83-2025-01-23-00004 - D\u00c9CISION DELEGATION DE SIGNATURE (3 pages) Page 17\n83-2025-01-23-00005 - DECISION ordonnateur suppl\u00e9ant (3 pages) Page 21\nPr\u00e9fecture du VAR / Direction de la coordination des politiques publiques\net de l'appui territorial\n83-2025-02-03-00008 - ARR\u00caT\u00c9 du 3 f\u00e9vrier 2025\nportant liquidation\npartielle d'une astreinte administrative impos\u00e9e \u00e0\nMonsieur\nM\u00c9RIC St\u00e9phane, propri\u00e9taire de la parcelle AC 406\nsitu\u00e9e sur la\ncommune de Toulon (2 pages) Page 25\n83-2025-02-03-00006 - ARR\u00caT\u00c9 PR\u00c9FECTORAL n\u00b02025/02/MCI du 3\nf\u00e9vrier 2025 portant d\u00e9l\u00e9gation de signature \u00e0 Mme Sandrine\nPOLYCHRONOPOULOS\ndirectrice d\u00e9partementale de l'emploi, du\ntravail et des solidarit\u00e9s du Var (3 pages) Page 28\n83-2025-02-03-00007 - ARR\u00caT\u00c9 PR\u00c9FECTORAL portant interdiction\ntemporaire d'exploitation et d'\u00e9volution d'a\u00e9ronefs circulant\nsans \u00e9quipage \u00e0 bord (drones), au-dessus de tout le territoire de la\ncommune de Saint-Maximin-la-Sainte-Baume, le samedi 08 f\u00e9vrier 2025\nde 7h00 \u00e0 12h00 (heures locales) (2 pages) Page 32\nPr\u00e9fecture du VAR / Direction des s\u00e9curit\u00e9s\n83-2025-02-04-00001 - ARR\u00caT\u00c9 PR\u00c9FECTORAL n\u00b0\n2025/BSP/PP/002\ninstaurant un p\u00e9rim\u00e8tre de protection \u00e0 Toulon\naux abords\net sur le parvis du Stade F\u00e9lix Mayol (7 pages) Page 35\n2\nDirection d\u00e9partementale des territoires et de la\nmer du Var\n83-2025-02-01-00001\nARR\u00caT\u00c9 PR\u00c9FECTORAL n\u00b0 DDTM/SEBIO/2025-07\ndu 01 f\u00e9vrier 2025\nportant d\u00e9rogation \u00e0 la capture ou l'enl\u00e8vement\net la perturbation intentionnelle\nde sp\u00e9cimens d'esp\u00e8ces animales prot\u00e9g\u00e9es\nd\u00e9finie \u00e0 l'article 4\u00b0 du L.411-2 du Code de\nl'Environnement\nau b\u00e9n\u00e9fice du conservatoire d'espaces naturels\n(CEN)\nde Provence-Alpes-C\u00f4te d'Azur (PACA)\npour proc\u00e9der ou faire proc\u00e9der\nsur le territoire des communes de\nVidauban, Collobri\u00e8res, Flassans-sur-Issole,\nRamatuelle, la Croix-Valmer,\nla M\u00f4le, Cabasse, le Cannet-des-Maures, le Luc\n\u00e0 la capture temporaire avec rel\u00e2cher imm\u00e9diat\nsur place de\nTortue d'Hermann - Testudo hermanni (Gmelin,\n1789)\npour les ann\u00e9es 2025 \u00e0 2027 inclus.\nDirection d\u00e9partementale des territoires et de la mer du Var - 83-2025-02-01-00001 - ARR\u00caT\u00c9 PR\u00c9FECTORAL n\u00b0 DDTM/SEBIO/2025-07\ndu 01 f\u00e9vrier 2025\nportant d\u00e9rogation \u00e0 la capture ou l'enl\u00e8vement et la perturbation intentionnelle\nde sp\u00e9cimens d'esp\u00e8ces animales prot\u00e9g\u00e9es\nd\u00e9finie \u00e0 l'article 4\u00b0 du L.411-2 du Code de l'Environnement\nau b\u00e9n\u00e9fice du conservatoire d'espaces naturels (CEN)\nde Provence-Alpes-C\u00f4te d'Azur (PACA)\npour proc\u00e9der ou faire proc\u00e9der\nsur le territoire des communes de\nVidauban, Collobri\u00e8res, Flassans-sur-Issole, Ramatuelle, la Croix-Valmer,\nla M\u00f4le, Cabasse, le Cannet-des-Maures, le Luc\n\u00e0 la capture temporaire avec rel\u00e2cher imm\u00e9diat sur place de\nTortue d'Hermann - Testudo hermanni (Gmelin, 1789)\npour les ann\u00e9es 2025 \u00e0 2027 inclus.\n3\n=mPREFETDU VARLibert\u00e9Egalit\u00e9Fraternit\u00e9\nARR\u00caT\u00c9 PR\u00c9FECTORAL n\u00b0 DDTM/SEBIO/2025-07 du 01 f\u00e9vrier 2025\nportant d\u00e9rogation \u00e0 la capture ou l'enl\u00e8vement et la perturbation intentionnelle\nde sp\u00e9cimens d'esp\u00e8ces animales prot\u00e9g\u00e9es\nd\u00e9finie \u00e0 l'article 4\u00b0 du L.411-2 du Code de l'Environnement\nau b\u00e9n\u00e9fice du conservatoire d'espaces naturels (CEN)\nde Provence-Alpes-C\u00f4te d'Azur (PACA)\npour proc\u00e9der ou faire proc\u00e9der\nsur le territoire des communes de\nVidauban, Collobri\u00e8res, Flassans-sur-Issole, Ramatuelle, la Croix-Valmer,\nla M\u00f4le, Cabasse, le Cannet-des-Maures, le Luc\n\u00e0 la capture temporaire avec rel\u00e2cher imm\u00e9diat sur place de\nTortue d'Hermann - Testudo hermanni (Gmelin, 1789)\npour les ann\u00e9es 2025 \u00e0 2027 inclus.\nLe pr\u00e9fet du Var,\nVU  la  directive  europ\u00e9enne  n\u00b092/43/CEE  du  Conseil  du  21  mai  1992  concernant  la \nconservation des habitats naturels ainsi que de la faune et de la flore sauvages ;\nVU la loi n\u00b02002-276 du 27 f\u00e9vrier 2002 relative \u00e0 la d\u00e9mocratie de proximit\u00e9, et notamment  \nson article 109 ;\nVU  la  loi  n\u00b02012-1460  du  27  d\u00e9cembre  2012  relative  \u00e0  la  mise  en  \u0153uvre  du  principe  de \nparticipation du public d\u00e9fini \u00e0 l'article 7 de la charte de l'environnement ;\nVU le d\u00e9cret n\u00b02004-374 du 29 avril 2004, relatif aux pouvoirs des pr\u00e9fets, \u00e0 l'organisation et \u00e0 \nl'action  des  services  de  l'\u00c9tat  dans  les  r\u00e9gions  et  les  d\u00e9partements,  et  notamment  son \narticle 11 ;\nVU  le  d\u00e9cret  du  Pr\u00e9sident  de  la  R\u00e9publique  du  13  juillet  2023  portant  nomination  de \nM. Philippe MAH\u00c9, en qualit\u00e9 de pr\u00e9fet du Var ;\nVU le code de l'environnement, notamment ses articles L.411-1 \u00e0 L.411-3 et R.411-1 \u00e0 R.411-14, et \nR.412-11 ;\nVU le code des relations entre le public et l'administration, notamment son article L.131-1 et  \nson article R.132-10 ;\nAP2025 d\u00e9rogation capture rel\u00e2cher Tortue d'Hermann - t\u00e9l\u00e9m\u00e9trie - CEN PACA - page 1/9\nDirection d\u00e9partementale\ndes territoires et de la mer du Var\nService Eau et Biodiversit\u00e9\nAdresse postale : Pr\u00e9fecture \u2013 DDTM/Service Eau et Biodiversit\u00e9 - CS 31 209 - 83070 TOULON CEDEX\nAccueil du public : 244 avenue de l'infanterie de marine \u00e0 Toulon face aux pompiers\nT\u00e9l\u00e9phone 04 94 46 83 83\nCourriel : ddtm-dep@var.gouv.fr\nwww.var.gouv.fr\nDirection d\u00e9partementale des territoires et de la mer du Var - 83-2025-02-01-00001 - ARR\u00caT\u00c9 PR\u00c9FECTORAL n\u00b0 DDTM/SEBIO/2025-07\ndu 01 f\u00e9vrier 2025\nportant d\u00e9rogation \u00e0 la capture ou l'enl\u00e8vement et la perturbation intentionnelle\nde sp\u00e9cimens d'esp\u00e8ces animales prot\u00e9g\u00e9es\nd\u00e9finie \u00e0 l'article 4\u00b0 du L.411-2 du Code de l'Environnement\nau b\u00e9n\u00e9fice du conservatoire d'espaces naturels (CEN)\nde Provence-Alpes-C\u00f4te d'Azur (PACA)\npour proc\u00e9der ou faire proc\u00e9der\nsur le territoire des communes de\nVidauban, Collobri\u00e8res, Flassans-sur-Issole, Ramatuelle, la Croix-Valmer,\nla M\u00f4le, Cabasse, le Cannet-des-Maures, le Luc\n\u00e0 la capture temporaire avec rel\u00e2cher imm\u00e9diat sur place de\nTortue d'Hermann - Testudo hermanni (Gmelin, 1789)\npour les ann\u00e9es 2025 \u00e0 2027 inclus.\n4\nVU l'arr\u00eat\u00e9 minist\u00e9riel du 19 novembre 2007 fixant les listes des amphibiens et des reptiles  \nprot\u00e9g\u00e9s sur l'ensemble du territoire et les modalit\u00e9s de leur protection ;\nVU l'arr\u00eat\u00e9 minist\u00e9riel du 18 d\u00e9cembre 2014 fixant les conditions et limites dans lesquelles des \nd\u00e9rogations \u00e0 l'interdiction de capture de sp\u00e9cimens d'esp\u00e8ces animales prot\u00e9g\u00e9es peuvent  \n\u00eatre accord\u00e9es par les pr\u00e9fets pour certaines op\u00e9rations pour lesquelles la capture est suivie  \nd'un rel\u00e2cher sur place, imm\u00e9diat ou diff\u00e9r\u00e9 ;\nVU  l'arr\u00eat\u00e9  minist\u00e9riel  du  08  janvier  2021  fixant  la  liste  des  amphibiens  et  des  reptiles \nrepr\u00e9sent\u00e9s sur le territoire m\u00e9tropolitain prot\u00e9g\u00e9s sur l'ensemble du territoire national et les  \nmodalit\u00e9s de leur protection ;\nVU l'arr\u00eat\u00e9 pr\u00e9fectoral n\u00b02023/63/MCI du 21 ao\u00fbt 2023 portant d\u00e9l\u00e9gation de signature de  \nmonsieur le pr\u00e9fet du Var \u00e0 monsieur Laurent BOULET, directeur d\u00e9partemental des territoires \net de la mer du Var ;\nVU l'arr\u00eat\u00e9 pr\u00e9fectoral n\u00b0DDTM/MPCA/2023-03 du 26 septembre 2023 portant subd\u00e9l\u00e9gation  \nde signature \u00e0 des agents de la DDTM, notamment monsieur Olivier BIELEN, chef du service  \neau et biodiversit\u00e9 ;\nVU le R\u00e8glement Sanitaire D\u00e9partemental du Var ;\nVU le plan national d'actions (PNA) 2018-2027 en faveur de la Tortue d'Hermann du Minist\u00e8re  \nde la Transition \u00e9cologique et solidaire (MTES) d'ao\u00fbt 2018, visant notamment \u00e0 p\u00e9renniser les \nactions en \u00e9laborant une gouvernance solide post-PNA et des outils op\u00e9rationnels adapt\u00e9s  \naux probl\u00e9matiques de l'esp\u00e8ce et du territoire ;\nVU la note de la Direction r\u00e9gionale de l'environnement, de l'am\u00e9nagement et du logement  \n(DREAL) de Provence-Alpes-C\u00f4te d'Azur (PACA) du 04 janvier 2010 relative aux modalit\u00e9s de  \nprise en compte de la Tortue d'Hermann et de ses habitats dans les projets d'am\u00e9nagement ;\nVU la demande de d\u00e9rogation dat\u00e9e du 03 d\u00e9cembre 2024 par le conservatoire d'espaces  \nnaturels (CEN) de Provence-Alpes-C\u00f4te d'Azur (PACA) ; demande compos\u00e9e du formulaire  \nCERFA n\u00b013 616*01 et de sa pi\u00e8ce annexe ;\nVU  la  mise  \u00e0  disposition  du  public  men\u00e9e  du  09  janvier  au  29  janvier  2025  inclus  en \napplication de l'article L.123-19-1 et l'absence d'observation formul\u00e9e durant cette p\u00e9riode ;\nVU la note exposant les r\u00e9sultats de la mise \u00e0 disposition du public ;\nCONSID\u00c9RANT que, conform\u00e9ment \u00e0 l'article L.411-2 du code de l'environnement, le projet  \ntel que pr\u00e9sent\u00e9 est autoris\u00e9 dans le cadre de la protection de la faune et de la flore sauvages  \net de la conservation des habitats naturels, de repeuplement et de r\u00e9introduction de ces  \nesp\u00e8ces et pour des op\u00e9rations de reproduction n\u00e9cessaires \u00e0 ces fins ;\nCONSID\u00c9RANT  que  ce  projet  tel  que  pr\u00e9sent\u00e9  est  int\u00e9gr\u00e9  dans  une  strat\u00e9gie  nationale \nop\u00e9rationnelle au travers des actions de plans nationaux d\u00e9di\u00e9s \u00e0 la protection et la gestion  \nde ces sp\u00e9cimens prot\u00e9g\u00e9s, et participe \u00e0 la mise en \u0153uvre des PNA, sous l'\u00e9gide du Minist\u00e8re \net de l'ensemble des partenaires impliqu\u00e9s dans la conservation de l'esp\u00e8ce (COPIL) , et de la  \nDREAL PACA (coordinateur r\u00e9gional), notamment l' \"Objectif 5 : Am\u00e9liorer la prise en compte \nde l'esp\u00e8ce dans les pratiques de gestion foresti\u00e8re et agricole\" - \"Action 5.2 : Am\u00e9liorer la  \nprise en compte de l'esp\u00e8ce dans les pratiques agricoles\" ;\nAP2025 d\u00e9rogation capture rel\u00e2cher Tortue d'Hermann - t\u00e9l\u00e9m\u00e9trie - CEN PACA - page 2/9\nDirection d\u00e9partementale des territoires et de la mer du Var - 83-2025-02-01-00001 - ARR\u00caT\u00c9 PR\u00c9FECTORAL n\u00b0 DDTM/SEBIO/2025-07\ndu 01 f\u00e9vrier 2025\nportant d\u00e9rogation \u00e0 la capture ou l'enl\u00e8vement et la perturbation intentionnelle\nde sp\u00e9cimens d'esp\u00e8ces animales prot\u00e9g\u00e9es\nd\u00e9finie \u00e0 l'article 4\u00b0 du L.411-2 du Code de l'Environnement\nau b\u00e9n\u00e9fice du conservatoire d'espaces naturels (CEN)\nde Provence-Alpes-C\u00f4te d'Azur (PACA)\npour proc\u00e9der ou faire proc\u00e9der\nsur le territoire des communes de\nVidauban, Collobri\u00e8res, Flassans-sur-Issole, Ramatuelle, la Croix-Valmer,\nla M\u00f4le, Cabasse, le Cannet-des-Maures, le Luc\n\u00e0 la capture temporaire avec rel\u00e2cher imm\u00e9diat sur place de\nTortue d'Hermann - Testudo hermanni (Gmelin, 1789)\npour les ann\u00e9es 2025 \u00e0 2027 inclus.\n5\nCONSID\u00c9RANT que dans le cadre de ses missions d'animateur du PNA Tortue d'Hermann, de  \ngestion  de  sites  (dont  certains  issus  de  mesures  compensatoires  cadr\u00e9s  par  arr\u00eat\u00e9s \npr\u00e9fectoraux) ou diagnostics ponctuels, le CEN PACA est amen\u00e9 \u00e0 r\u00e9aliser des op\u00e9rations  \nd'inventaires, de suivis de populations de cette esp\u00e8ce sur les communes du Var ;\nCONSID\u00c9RANT  que  la  pr\u00e9sente  demande  r\u00e9pond  \u00e0  des  fins  scientifiques,  pour  capturer, \nenlever  et  manipuler  de  fa\u00e7on  temporaire  en  vue  de  rel\u00e2cher  imm\u00e9diat  sur  place  des \nsp\u00e9cimens d'esp\u00e8ces animales prot\u00e9g\u00e9es ;\nCONSID\u00c9RANT que la d\u00e9rogation ne nuit pas au maintien, dans un \u00e9tat de conservation  \nfavorable, des populations d'esp\u00e8ces, objets de la demande, dans leur aire de r\u00e9partition  \nnaturelle et vise \u00e0 un renforcement de l'esp\u00e8ce pour assurer sa survie et sa reproduction dans  \nle d\u00e9partement du Var ;\nSur proposition du directeur d\u00e9partemental des territoires et de la mer du Var,\nARR\u00caTE\nArticle 1  er   : Identit\u00e9 du b\u00e9n\u00e9ficiaire et champ d'application de l'arr\u00eat\u00e9\nLe b\u00e9n\u00e9ficiaire de l'autorisation est le conservatoire d'espaces naturels (CEN) de Provence-\nAlpes-C\u00f4te d'Azur (PACA), repr\u00e9sent\u00e9 par monsieur Henri SPINI, en sa qualit\u00e9 de pr\u00e9sident.\nLe si\u00e8ge administratif du CEN PACA est : 4, avenue Marcel Pagnol - Immeuble Atrium B\u00e2t B -  \n13100 Aix-en-Provence - Provence-Alpes-C\u00f4te d'Azur - France.\nEmail : contact@cen-paca.org\nwww.cen-paca.org\nLe repr\u00e9sentant dans le d\u00e9partement du Var est monsieur Vincent MARIANI, responsable P\u00f4le \nVar.\nL'adresse de l'antenne varoise du CEN PACA est : CEN PACA P\u00f4le Var - 888 chemin des  \nCostettes - L'Astragale - 83340 Le Cannet-des-Maures - Var - Provence-Alpes-C\u00f4te d'Azur -  \nFrance. T\u00e9l : 04 94 50 38 39\nLa mission s'inscrit dans le cadre des op\u00e9rations d'inventaire, de suivi des populations de  \nl'esp\u00e8ce prot\u00e9g\u00e9e, \u00e0 savoir la Tortue d'Hermann. \nL'ensemble des op\u00e9rations est encadr\u00e9 par le chef de projet r\u00e9f\u00e9rent Tortue d'Hermann,  \nanimateur du PNA 2018-2027 en faveur de la Tortue d'Hermann, monsieur Joseph CELSE.\nLes personnels associ\u00e9s, en charge d'appliquer la pr\u00e9sente d\u00e9rogation, nomm\u00e9s ci-apr\u00e8s \u00ab  les \nmandataires \u00bb, sont d\u00e9nomm\u00e9s ci-apr\u00e8s : \n\u2022 Joseph  CELSE,  titulaire  d'un  MASTER  PRO  Expertise  \u00e9cologique  et  gestion  de  la \nbiodiversit\u00e9 ;\n\u2022 Gwenola BIAU, titulaire d'un Master Biodiversit\u00e9, \u00c9cologie, Evolution ; \n\u2022 Maxence GASNIER, titulaire d'un BTS GPN et apprenti \u00e9cologue en cours d'obtention  \nd'une licence professionnelle Entom'aid ;\n\u2022 Baptiste  PLANA,  titulaire  d'une  licence  professionnelle  Analyses  et  techniques \nd'inventaires de la biodiversit\u00e9 et en cours d'obtention d'un Master 1 Biologie, \u00c9cologie, \nEvolution ;\n\u2022 Alexis MALIN-DOZINEL, apprenti technicien du p\u00f4le Var du CEN PACA en BTS GPN ;\nAP2025 d\u00e9rogation capture rel\u00e2cher Tortue d'Hermann - t\u00e9l\u00e9m\u00e9trie - CEN PACA - page 3/9\nDirection d\u00e9partementale des territoires et de la mer du Var - 83-2025-02-01-00001 - ARR\u00caT\u00c9 PR\u00c9FECTORAL n\u00b0 DDTM/SEBIO/2025-07\ndu 01 f\u00e9vrier 2025\nportant d\u00e9rogation \u00e0 la capture ou l'enl\u00e8vement et la perturbation intentionnelle\nde sp\u00e9cimens d'esp\u00e8ces animales prot\u00e9g\u00e9es\nd\u00e9finie \u00e0 l'article 4\u00b0 du L.411-2 du Code de l'Environnement\nau b\u00e9n\u00e9fice du conservatoire d'espaces naturels (CEN)\nde Provence-Alpes-C\u00f4te d'Azur (PACA)\npour proc\u00e9der ou faire proc\u00e9der\nsur le territoire des communes de\nVidauban, Collobri\u00e8res, Flassans-sur-Issole, Ramatuelle, la Croix-Valmer,\nla M\u00f4le, Cabasse, le Cannet-des-Maures, le Luc\n\u00e0 la capture temporaire avec rel\u00e2cher imm\u00e9diat sur place de\nTortue d'Hermann - Testudo hermanni (Gmelin, 1789)\npour les ann\u00e9es 2025 \u00e0 2027 inclus.\n6\nToute  autre  personne   (administrateurs,  conservateurs,  naturalistes,  scientifiques,  gardes, \ncontractuels,  vacataires,  stagiaires,  services  civiques,  b\u00e9n\u00e9voles,  ...),  venant  en  appui \ntechnique, permanent ou ponctuel, \u00e0 ces op\u00e9rations d'inventaires et de suivi, doit \u00e9galement  \nappliquer les r\u00e8gles fix\u00e9es dans la pr\u00e9sente d\u00e9rogation, sous la responsabilit\u00e9 et la pr\u00e9sence du \nb\u00e9n\u00e9ficiaire ou d'un mandataire du CEN PACA. Ces derniers auront au pr\u00e9alable pr\u00e9sent\u00e9 aux \nparticipants de l'op\u00e9ration, la d\u00e9marche, le protocole et les motivations en lien avec le Plan  \nnational d'actions relatif \u00e0 la Tortue d'Hermann.\nLe  suivi  scientifique  et  technique  s'\u00e9tablit en  \u00e9troite  collaboration  avec  la  station \nd'observation et de protection des tortues et de leurs milieux (SOPTOM).\nLe b\u00e9n\u00e9ficiaire est responsable de la bonne mise en \u0153uvre de l'ensemble de l'arr\u00eat\u00e9 de  \nd\u00e9rogation, y compris en cas de recours \u00e0 tierce personne.\nArticle 2 : Nature de l'autorisation\nAfin d'am\u00e9liorer les connaissances sur l'esp\u00e8ce, de proc\u00e9der \u00e0 des op\u00e9rations d'inventaires et  \nde suivis de l'esp\u00e8ce, le b\u00e9n\u00e9ficiaire et les mandataires du CEN PACA vis\u00e9s \u00e0 l'article 1 sont  \nautoris\u00e9s,  sous  r\u00e9serve  des  dispositions  d\u00e9finies  dans  le  pr\u00e9sent  arr\u00eat\u00e9,  \u00e0  proc\u00e9der  \u00e0  la \ncapture,  l'enl\u00e8vement  temporaire  avec  rel\u00e2cher  imm\u00e9diat  sur  place,  dans  un  objectif  de \nconnaissance et de protection de population, de l'esp\u00e8ce unique suivante :\n- Tortue d'Hermann - Testudo hermanni (Gmelin, 1789).\nNombre d'individus\nS'agissant d'une action de connaissance et de protection de l'esp\u00e8ce, la quantit\u00e9 d'individus \u00e0 \ncapturer de fa\u00e7on temporaire et \u00e0 manipuler est non d\u00e9finie.\nTypologie d'individus\nElle concerne les individus adultes pesant au minimum 600 grammes, de tous sexes (m\u00e2les et  \nfemelles). Sont exclus de toute manipulation, les \u0153ufs.\nLieu des op\u00e9rations sur le d\u00e9partement du Var : \n\u2022 Vidauban,  Collobri\u00e8res,  Flassans-sur-Issole,  Ramatuelle,  la  Croix-Valmer,  la  M\u00f4le, \nCabasse, le Cannet-des-Maures, le Luc,\n\u2022 sur les domaines viticoles et parcelles associ\u00e9es,\n\u2022 et sp\u00e9cifiquement sur toute la zone suppos\u00e9e de pr\u00e9sence de l'esp\u00e8ce.\nAutorisation d\u00e9livr\u00e9e pour les cas suivants :\n- inventaire initial pr\u00e9alable li\u00e9 \u00e0 l'esp\u00e8ce sur les parcelles identifi\u00e9es ;\n- prises de mensurations et photographies ;\n- marquage temporaire au feutre de tortues ;\n- mise en place d'\u00e9quipement avec un logger GPS et un \u00e9metteur VHF et changement du  \nmat\u00e9riel lors des recaptures ;\n- suivi des individus sur place ;\n- d\u00e9s\u00e9quipement des individus ;\n- si n\u00e9cessaire, transfert d'un individu en d\u00e9tresse ou bless\u00e9, ou de sp\u00e9cimens morts, de son  \nsite naturel d'origine, vers le centre de la SOPTOM.\nLa  d\u00e9rogation  n'autorise  pas  le  d\u00e9placement  des  individus  hors  secteur,  ni  la  \nmanipulation/l'enl\u00e8vement des \u0153ufs, et encore moins la destruction directe de sp\u00e9cimens. En \ncas de destruction par inadvertance, le motif devra \u00eatre justifi\u00e9 dans le bilan annuel. \nAP2025 d\u00e9rogation capture rel\u00e2cher Tortue d'Hermann - t\u00e9l\u00e9m\u00e9trie - CEN PACA - page 4/9\nDirection d\u00e9partementale des territoires et de la mer du Var - 83-2025-02-01-00001 - ARR\u00caT\u00c9 PR\u00c9FECTORAL n\u00b0 DDTM/SEBIO/2025-07\ndu 01 f\u00e9vrier 2025\nportant d\u00e9rogation \u00e0 la capture ou l'enl\u00e8vement et la perturbation intentionnelle\nde sp\u00e9cimens d'esp\u00e8ces animales prot\u00e9g\u00e9es\nd\u00e9finie \u00e0 l'article 4\u00b0 du L.411-2 du Code de l'Environnement\nau b\u00e9n\u00e9fice du conservatoire d'espaces naturels (CEN)\nde Provence-Alpes-C\u00f4te d'Azur (PACA)\npour proc\u00e9der ou faire proc\u00e9der\nsur le territoire des communes de\nVidauban, Collobri\u00e8res, Flassans-sur-Issole, Ramatuelle, la Croix-Valmer,\nla M\u00f4le, Cabasse, le Cannet-des-Maures, le Luc\n\u00e0 la capture temporaire avec rel\u00e2cher imm\u00e9diat sur place de\nTortue d'Hermann - Testudo hermanni (Gmelin, 1789)\npour les ann\u00e9es 2025 \u00e0 2027 inclus.\n7\nEn cas de blessures du sp\u00e9cimen suite \u00e0 l'intervention humaine, il sera transf\u00e9r\u00e9 dans un  \ncentre  de  soin  habilit\u00e9.  Dans  ce  cas  exceptionnel,  la  pr\u00e9sente  autorisation  tient  lieu \nd'autorisation de transport ; le transport doit se faire dans la journ\u00e9e. La dur\u00e9e du transport  \nest  inf\u00e9rieure  \u00e0  trois  heures.  La  temp\u00e9rature  lors  du  transport  est  comprise  entre  18  et \n25 degr\u00e9s. Les frais \u00e9ventuels sont \u00e0 la charge du b\u00e9n\u00e9ficiaire.\nLe pr\u00e9sent arr\u00eat\u00e9 ne se substitue pas et ne fait pas obstacle aux autres r\u00e9glementations  \n\u00e9ventuellement applicables.\nLa pr\u00e9sente autorisation ne dispense pas d'autres accords ou autorisations qui pourraient \u00eatre \npar  ailleurs  n\u00e9cessaires  pour  la  r\u00e9alisation  de  l'op\u00e9ration, au  titre  d'autres  l\u00e9gislations, \nnotamment des propri\u00e9taires, des propri\u00e9taires et gestionnaires de sites ou espaces prot\u00e9g\u00e9s, \net en fonction de la localisation de l'op\u00e9ration, du responsable scientifique du Parc National  \nde Port-Cros ou du conservateur de la R\u00e9serve Naturelle Nationale de la Plaine des Maures.\nLes droits des tiers sont et demeurent express\u00e9ment r\u00e9serv\u00e9s. En particulier, cet arr\u00eat\u00e9 ne  \nvaut  pas  autorisation  de  p\u00e9n\u00e9tration  dans  des  propri\u00e9t\u00e9s  priv\u00e9es  ou  publiques,  o\u00f9  la \nmat\u00e9rialisation priv\u00e9e ou r\u00e9glement\u00e9e du lieu est effective (panneaux, signal\u00e9tiques, cl\u00f4tures,  \nhaies, barri\u00e8res, ...) ou connue, de fa\u00e7on permanente ou temporaire (acc\u00e8s aux massifs en  \np\u00e9riode estivale, par exemple).\nArticle 3 : Dur\u00e9e et p\u00e9riode d'intervention\nLa  pr\u00e9sente  d\u00e9rogation  est  accord\u00e9e  pour  une  dur\u00e9e  globale  d'intervention  li\u00e9e  \u00e0  ces \nop\u00e9rations d'inventaires et de suivis de trois ann\u00e9es civiles successives, \u00e0 savoir de 2025 \u00e0  \n2027 inclus.\nLe  b\u00e9n\u00e9ficiaire  doit  privil\u00e9gier  les  interventions  de  capture  temporaire  et  de  rel\u00e2cher \nimm\u00e9diat en dehors des p\u00e9riodes de reproduction.\nLes op\u00e9rations d'inventaires, de suivis, avec manipulation et rel\u00e2cher des sp\u00e9cimens, ont lieu  \navant l'hibernation, et \u00e0 des temp\u00e9ratures sup\u00e9rieures \u00e0 15\u00b0C.\nArticle 4 : Modalit\u00e9s de mise en \u0153uvre de l'autorisation\nLes personnes r\u00e9alisant les op\u00e9rations sur site doivent pouvoir justifier qu'elles ont suivi une  \nformation adapt\u00e9e pour identifier les esp\u00e8ces.\nTechnique de d\u00e9tection / perturbation : \n- visuelle et prise en main manuelle,\n- couple ma\u00eetre chien/chien accr\u00e9dit\u00e9.\nD\u00e9tection sur zone d'\u00e9tude :\nD\u00e8s qu'un individu Tortue d'Hermann est d\u00e9tect\u00e9, la zone est not\u00e9e \u00abpositive\u00bb, localis\u00e9e avec \npr\u00e9cision l'individu (GPS). \nSi aucune Tortue d'Hermann n'est d\u00e9tect\u00e9e lors du premier passage, la zone sera not\u00e9e  \n\u00abn\u00e9gative\u00bb et fera l'objet d'un deuxi\u00e8me passage.\nSi des \u0153ufs sont rep\u00e9r\u00e9s, ils ne doivent pas \u00eatre manipul\u00e9s. La zone sera identifi\u00e9e (GPS). Une  \ncarte avec coordonn\u00e9es GPS sera produite par le b\u00e9n\u00e9ficiaire et transmise avec le bilan  \nannuel. Il appartient au b\u00e9n\u00e9ficiaire de v\u00e9rifier que ces emplacements soient conserv\u00e9s et  \nrespect\u00e9s pendant toute la dur\u00e9e de l'op\u00e9ration.\nAP2025 d\u00e9rogation capture rel\u00e2cher Tortue d'Hermann - t\u00e9l\u00e9m\u00e9trie - CEN PACA - page 5/9\nDirection d\u00e9partementale des territoires et de la mer du Var - 83-2025-02-01-00001 - ARR\u00caT\u00c9 PR\u00c9FECTORAL n\u00b0 DDTM/SEBIO/2025-07\ndu 01 f\u00e9vrier 2025\nportant d\u00e9rogation \u00e0 la capture ou l'enl\u00e8vement et la perturbation intentionnelle\nde sp\u00e9cimens d'esp\u00e8ces animales prot\u00e9g\u00e9es\nd\u00e9finie \u00e0 l'article 4\u00b0 du L.411-2 du Code de l'Environnement\nau b\u00e9n\u00e9fice du conservatoire d'espaces naturels (CEN)\nde Provence-Alpes-C\u00f4te d'Azur (PACA)\npour proc\u00e9der ou faire proc\u00e9der\nsur le territoire des communes de\nVidauban, Collobri\u00e8res, Flassans-sur-Issole, Ramatuelle, la Croix-Valmer,\nla M\u00f4le, Cabasse, le Cannet-des-Maures, le Luc\n\u00e0 la capture temporaire avec rel\u00e2cher imm\u00e9diat sur place de\nTortue d'Hermann - Testudo hermanni (Gmelin, 1789)\npour les ann\u00e9es 2025 \u00e0 2027 inclus.\n8\nManipulation et pr\u00e9cautions d'usage : \nLorsqu'un individu est d\u00e9tect\u00e9, la manipulation est br\u00e8ve et temporaire. Ces manipulations  \nsont r\u00e9alis\u00e9es avec pr\u00e9cautions,  et en un temps limit\u00e9 de manipulation et mise en enclos  \npotentielles (moins de 15 minutes).\nAfin  de  pouvoir  distinguer  les  deux  sous-esp\u00e8ces  Testudo  hermanni  hermanni et  Testudo \nhermanni boettgeri , il convient de prendre une photo du plastron.\nLe  mat\u00e9riel  utilis\u00e9  sera  r\u00e9guli\u00e8rement  d\u00e9sinfect\u00e9  pour  \u00e9viter  le  transfert  de  maladies.  La \nd\u00e9sinfection des mains entre chaque individu manipul\u00e9 est obligatoire. Ceux qui manipulent  \ndevront se laver les mains avec des produits de type \"gels anti-bact\u00e9riens\", non impactant  \npour l'esp\u00e8ce manipul\u00e9e et son habitat.\nL'utilisation d'un gel hydro-alcoolique sans perturbateur endocrinien est recommand\u00e9, avant  \nchaque manipulation d'un individu, et apr\u00e8s. \n\u00c9quipements et interventions :\nChaque individu est mesur\u00e9, marqu\u00e9 avec un marquage temporaire au feutre de peinture et  \n\u00e9quip\u00e9 d'un logger GPS et d'un \u00e9metteur VHF fix\u00e9s sur la carapace avec de la r\u00e9sine arm\u00e9e.  \nChacun d'eux est ensuite recherch\u00e9 \u00e0 l'aide d'un r\u00e9cepteur VHF entre 1 et 2 fois par mois  \npendant la p\u00e9riode d'activit\u00e9 afin de r\u00e9cup\u00e9rer le logger GPS d\u00e9charg\u00e9 et de le remplacer par  \nun autre. L'\u00e9quipement ne d\u00e9passera pas 10% du poids de l'individu.\nMesures de protection durant l'op\u00e9ration et de rel\u00e2cher :\nLe rel\u00e2cher de chaque individu est effectu\u00e9  dans le secteur d'origine,  \u00e0 l'endroit o\u00f9 il a \u00e9t\u00e9  \npr\u00e9lev\u00e9  pr\u00e9c\u00e9demment.  Si  les  conditions  ne  sont  pas  r\u00e9unies  (bord  de  route,  zone \nescarp\u00e9e, ...), le rel\u00e2cher est effectu\u00e9 sur un site attenant, aux caract\u00e9ristiques similaires. Le  \nsite identifi\u00e9 est g\u00e9o-r\u00e9f\u00e9renc\u00e9.\nLe b\u00e9n\u00e9ficiaire est responsable de la bonne mise en \u0153uvre de l'ensemble de l'arr\u00eat\u00e9 de  \nd\u00e9rogation, y compris en cas de recours \u00e0 tierce personne.\nIl est recommand\u00e9 de consulter le Document d'Objectifs (DOCOB) des sites Natura  2000 \npouvant \u00eatre concern\u00e9s, pour v\u00e9rifier si des secteurs sensibles sont recens\u00e9s, et de consulter  \nle Plan National d'Action (PNA) concernant l'esp\u00e8ce et les modalit\u00e9s d'actions.\nArticle 5 : Mesures de r\u00e9ductions et d'accompagnement\nEn compl\u00e9ment des op\u00e9rations identifi\u00e9es dans la note explicative et des pr\u00e9cautions qui  \nseront prises, il est indispensable de participer \u00e0 la conservation des habitats.\nCertaines  pr\u00e9conisations  ou  gestes  simples  peuvent  permettre  le  maintien  de  conditions \nfavorables \u00e0 l'esp\u00e8ce :\n\u2022 collecter des d\u00e9chets et des plastiques proche de la zone de capture,\n\u2022 limiter les intrants dans le point d'eau, en signalant les \u00e9ventuelles pollutions constat\u00e9es,\n\u2022 veiller \u00e0 ne pas d\u00e9truire la v\u00e9g\u00e9tation au moment du pr\u00e9l\u00e8vement,\n\u2022 ne pas effectuer des captures proches des sites de pontes identifi\u00e9s.\nEn  compl\u00e9ment  des  op\u00e9rations  pr\u00e9-cit\u00e9es,  le  b\u00e9n\u00e9ficiaire  pr\u00e9cise  dans  le  cadre  de  ses \npublications que les op\u00e9rations sont r\u00e9alis\u00e9es sous couvert d'une autorisation pr\u00e9fectorale,  \nrelative aux d\u00e9rogations d'esp\u00e8ces prot\u00e9g\u00e9es.\nAP2025 d\u00e9rogation capture rel\u00e2cher Tortue d'Hermann - t\u00e9l\u00e9m\u00e9trie - CEN PACA - page 6/9\nDirection d\u00e9partementale des territoires et de la mer du Var - 83-2025-02-01-00001 - ARR\u00caT\u00c9 PR\u00c9FECTORAL n\u00b0 DDTM/SEBIO/2025-07\ndu 01 f\u00e9vrier 2025\nportant d\u00e9rogation \u00e0 la capture ou l'enl\u00e8vement et la perturbation intentionnelle\nde sp\u00e9cimens d'esp\u00e8ces animales prot\u00e9g\u00e9es\nd\u00e9finie \u00e0 l'article 4\u00b0 du L.411-2 du Code de l'Environnement\nau b\u00e9n\u00e9fice du conservatoire d'espaces naturels (CEN)\nde Provence-Alpes-C\u00f4te d'Azur (PACA)\npour proc\u00e9der ou faire proc\u00e9der\nsur le territoire des communes de\nVidauban, Collobri\u00e8res, Flassans-sur-Issole, Ramatuelle, la Croix-Valmer,\nla M\u00f4le, Cabasse, le Cannet-des-Maures, le Luc\n\u00e0 la capture temporaire avec rel\u00e2cher imm\u00e9diat sur place de\nTortue d'Hermann - Testudo hermanni (Gmelin, 1789)\npour les ann\u00e9es 2025 \u00e0 2027 inclus.\n9\nArticle 6 : Documents de suivis et de bilans \nLe  b\u00e9n\u00e9ficiaire  rendra  compte  \u00e0  la  DREAL  PACA  et  \u00e0  la  DDTM  du  Var,  des  conditions \nd'ex\u00e9cution de la pr\u00e9sente d\u00e9rogation, sous la forme de :\n1) Un bilan annuel d\u00e9taill\u00e9 et complet  des op\u00e9rations est \u00e9tabli et sign\u00e9 par le b\u00e9n\u00e9ficiaire. Il  \nest fourni tous les ans en fin d'ann\u00e9e. Il porte notamment sur les inventaires et les suivis  \neffectu\u00e9s,  les  lieux  prospect\u00e9s,  les  conditions  d'ex\u00e9cutions,  les  descriptifs  des  individus \nrel\u00e2ch\u00e9s.\nLa communication du bilan annuel, interviendra avant le 31 d\u00e9cembre de l'ann\u00e9e courante,  \nd\u00e9lai de rigueur.\n2) Un rapport de synth\u00e8se en fin d'op\u00e9ration  d\u00e9taill\u00e9 est fourni \u00e0 l'issue des trois ann\u00e9es afin  \nd'envisager les suites \u00e0 donner \u00e0 cette op\u00e9ration, afin de s'assurer de son succ\u00e8s en termes de \nconservation de la population, sur les secteurs d'\u00e9tude.\nLa communication du rapport interviendra avant le 31 d\u00e9cembre 2027 , ou \u00e0 d\u00e9faut avant le  \n31 janvier 2028, d\u00e9lai de rigueur.\nLa transmission se fait en version modifiable sous LibreOffice (.odt, calc, \u2026) et au format pdf  \npar courriel simultan\u00e9ment aux deux adresses suivantes :\nsbep.dreal-paca@developpement-durable.gouv.fr\nddtm-dep@var.gouv.fr\nLes donn\u00e9es d'inventaire seront vers\u00e9es au syst\u00e8me d'information sur la nature et les paysages \n(base r\u00e9gionale SILENE) par le b\u00e9n\u00e9ficiaire.\nLes donn\u00e9es produites seront des donn\u00e9es de propri\u00e9t\u00e9 patrimoniale publique. \nArticle 7 : Dur\u00e9e de validit\u00e9 de l'autorisation\nLa pr\u00e9sente d\u00e9cision est valable \u00e0 compter de la date de notification et jusqu'au 31 d\u00e9cembre \n2027 inclus pour ce qui rel\u00e8ve des op\u00e9rations sur le terrain.\nArticle 8 : Mesures de contr\u00f4les et sanctions encourues\nConform\u00e9ment  aux  articles  L.171-1  et  suivants  du  code  de  l'environnement,  relatifs  aux \ncontr\u00f4les  administratifs  et  mesures  de  police,  les  fonctionnaires  et  agents  charg\u00e9s  des \ncontr\u00f4les sont habilit\u00e9s \u00e0 v\u00e9rifier la bonne mise en \u0153uvre de la pr\u00e9sente autorisation. Les  \ncontr\u00f4les pourraient porter sur :\n- le respect de l'ensemble des conditions d'octroi de la d\u00e9rogation,\n- les documents de suivis et les bilans.\nLa mise en \u0153uvre des dispositions d\u00e9finies au pr\u00e9sent arr\u00eat\u00e9 peut faire l'objet de contr\u00f4le par \nles agents charg\u00e9s de constater les infractions mentionn\u00e9es \u00e0 l'article L.415-3 du code de  \nl'environnement.\nL'Office fran\u00e7ais de la biodiversit\u00e9 (OFB), ainsi que la DDTM du Var, devront \u00eatre avertis par le \nb\u00e9n\u00e9ficiaire ou le responsable de l'op\u00e9ration au CEN PACA du d\u00e9marrage de chacune des  \nop\u00e9rations, au moins 48 heures (jours ouvr\u00e9s) \u00e0 l'avance, par courriel de pr\u00e9f\u00e9rence.\nOFB\nService d\u00e9partemental du Var\n399, avenue Paul Ar\u00e8ne\nAP2025 d\u00e9rogation capture rel\u00e2cher Tortue d'Hermann - t\u00e9l\u00e9m\u00e9trie - CEN PACA - page 7/9\nDirection d\u00e9partementale des territoires et de la mer du Var - 83-2025-02-01-00001 - ARR\u00caT\u00c9 PR\u00c9FECTORAL n\u00b0 DDTM/SEBIO/2025-07\ndu 01 f\u00e9vrier 2025\nportant d\u00e9rogation \u00e0 la capture ou l'enl\u00e8vement et la perturbation intentionnelle\nde sp\u00e9cimens d'esp\u00e8ces animales prot\u00e9g\u00e9es\nd\u00e9finie \u00e0 l'article 4\u00b0 du L.411-2 du Code de l'Environnement\nau b\u00e9n\u00e9fice du conservatoire d'espaces naturels (CEN)\nde Provence-Alpes-C\u00f4te d'Azur (PACA)\npour proc\u00e9der ou faire proc\u00e9der\nsur le territoire des communes de\nVidauban, Collobri\u00e8res, Flassans-sur-Issole, Ramatuelle, la Croix-Valmer,\nla M\u00f4le, Cabasse, le Cannet-des-Maures, le Luc\n\u00e0 la capture temporaire avec rel\u00e2cher imm\u00e9diat sur place de\nTortue d'Hermann - Testudo hermanni (Gmelin, 1789)\npour les ann\u00e9es 2025 \u00e0 2027 inclus.\n10\n83300 Draguignan\nsd83@ofb.gouv.fr\nPr\u00e9fecture du Var/DDTM83/SEBIO/ENV-DEP\nBoulevard du 112\u00e8me R\u00e9giment d'Infanterie\nCS 31209\n83070 TOULON CEDEX\nddtm-dep@var.gouv.fr\nDurant l'ensemble de l'op\u00e9ration, les intervenants doivent \u00eatre en mesure de pr\u00e9senter une  \ncopie du pr\u00e9sent arr\u00eat\u00e9 \u00e0 toute autorit\u00e9 dot\u00e9e d'un pouvoir de police en la mati\u00e8re.\nLe non-respect du pr\u00e9sent arr\u00eat\u00e9 est puni des sanctions d\u00e9finies \u00e0 l'article L.415-3 du code de  \nl'environnement. En cas de non-respect de l'ensemble des prescriptions du pr\u00e9sent arr\u00eat\u00e9 le  \nb\u00e9n\u00e9ficiaire  s'expose  aux  sanctions  administratives  pr\u00e9vues  \u00e0  l'article  L.171-8  du  code  de \nl'environnement, dont la suspension des travaux jusqu'\u00e0 ex\u00e9cution compl\u00e8te des conditions  \nimpos\u00e9es.\nModifications,  suspensions,  retrait,  renouvellement :  l'arr\u00eat\u00e9  de  d\u00e9rogation  pourra  \u00eatre \nmodifi\u00e9, suspendu ou retir\u00e9 si l'une des obligations faites au b\u00e9n\u00e9ficiaire n'\u00e9tait pas respect\u00e9e. \nLa modification, la suspension ou le retrait ne feront pas obstacle \u00e0 d'\u00e9ventuelles poursuites,  \nnotamment au titre de l'article L.415-1 \u00e0 6 du code de l'environnement.\nArticle 9 : Voies et d\u00e9lais de recours\nConform\u00e9ment  aux  dispositions  de  l'article  R.421-1  du  code  de  justice  administrative,  le \npr\u00e9sent arr\u00eat\u00e9 peut faire l'objet d'un recours gracieux ou hi\u00e9rarchique dans un d\u00e9lai de 2 mois \n\u00e0 compter de sa notification. Il peut aussi faire l'objet d'un recours contentieux devant le  \ntribunal administratif de Toulon dans ce m\u00eame d\u00e9lai.\nLes tiers \u00e0 la d\u00e9cision peuvent, dans les m\u00eames conditions que le demandeur, exercer leur  \ndroit de recours dans un d\u00e9lai de deux mois \u00e0 compter de la publication au RAA du pr\u00e9sent  \narr\u00eat\u00e9.\nLe d\u00e9faut de r\u00e9ponse de l'administration au recours gracieux ou hi\u00e9rarchique dans un d\u00e9lai de \n2 mois apr\u00e8s sa r\u00e9ception fait na\u00eetre une d\u00e9cision implicite de rejet qui peut elle-m\u00eame faire  \nl'objet d'un recours contentieux devant le tribunal administratif dans un d\u00e9lai de 2 mois.\nLe tribunal administratif peut-\u00eatre saisi par l'application informatique \u00ab T\u00e9l\u00e9recours citoyens \u00bb, \naccessible sur le site internet : \u00ab www.telerecours.fr \u00bb.\nArticle 10 : Ex\u00e9cution et transmission\nLe secr\u00e9taire g\u00e9n\u00e9ral de la pr\u00e9fecture du Var, le directeur r\u00e9gional de l'environnement, de  \nl'am\u00e9nagement  et  du  logement  de  la  r\u00e9gion  Provence-Alpes-C\u00f4te  d'Azur,  la  directrice \nd\u00e9partementale de la protection des populations du Var, le chef du service d\u00e9partemental de \nl'Office fran\u00e7ais de la biodiversit\u00e9, le directeur d\u00e9partemental des territoires et de la mer du  \nVar, sont charg\u00e9s chacun en ce qui les concerne de l'ex\u00e9cution du pr\u00e9sent arr\u00eat\u00e9, qui sera  \npubli\u00e9 au recueil des actes administratifs de la pr\u00e9fecture du Var. \nLe pr\u00e9sent arr\u00eat\u00e9 sera, en outre, transmis en copie :\n\u2022 au directeur de la station d'observation et de protection des tortues et de leurs milieux ;\n\u2022 au conservateur du conservatoire du littoral ;\nAP2025 d\u00e9rogation capture rel\u00e2cher Tortue d'Hermann - t\u00e9l\u00e9m\u00e9trie - CEN PACA - page 8/9\nDirection d\u00e9partementale des territoires et de la mer du Var - 83-2025-02-01-00001 - ARR\u00caT\u00c9 PR\u00c9FECTORAL n\u00b0 DDTM/SEBIO/2025-07\ndu 01 f\u00e9vrier 2025\nportant d\u00e9rogation \u00e0 la capture ou l'enl\u00e8vement et la perturbation intentionnelle\nde sp\u00e9cimens d'esp\u00e8ces animales prot\u00e9g\u00e9es\nd\u00e9finie \u00e0 l'article 4\u00b0 du L.411-2 du Code de l'Environnement\nau b\u00e9n\u00e9fice du conservatoire d'espaces naturels (CEN)\nde Provence-Alpes-C\u00f4te d'Azur (PACA)\npour proc\u00e9der ou faire proc\u00e9der\nsur le territoire des communes de\nVidauban, Collobri\u00e8res, Flassans-sur-Issole, Ramatuelle, la Croix-Valmer,\nla M\u00f4le, Cabasse, le Cannet-des-Maures, le Luc\n\u00e0 la capture temporaire avec rel\u00e2cher imm\u00e9diat sur place de\nTortue d'Hermann - Testudo hermanni (Gmelin, 1789)\npour les ann\u00e9es 2025 \u00e0 2027 inclus.\n11\n\u2022 au conservateur du conservatoire d'espaces naturels Provence Alpes-C\u00f4te d'Azur ;\n\u2022 au directeur du parc national de Port-Cros ;\n\u2022 au directeur de la r\u00e9serve naturelle nationale de la plaine des Maures ;\n\u2022 au pr\u00e9sident du conseil d\u00e9partemental du Var ;\n\u2022 au pr\u00e9sident de l'association des maires du Var.\nFait \u00e0 Toulon, le 01 f\u00e9vrier 2025\nPour le Pr\u00e9fet et par sub-d\u00e9l\u00e9gation,\nLe chef du service eau et biodiversit\u00e9,\nSign\u00e9\nOlivier BIELEN\nAP2025 d\u00e9rogation capture rel\u00e2cher Tortue d'Hermann - t\u00e9l\u00e9m\u00e9trie - CEN PACA - page 9/9\nDirection d\u00e9partementale des territoires et de la mer du Var - 83-2025-02-01-00001 - ARR\u00caT\u00c9 PR\u00c9FECTORAL n\u00b0 DDTM/SEBIO/2025-07\ndu 01 f\u00e9vrier 2025\nportant d\u00e9rogation \u00e0 la capture ou l'enl\u00e8vement et la perturbation intentionnelle\nde sp\u00e9cimens d'esp\u00e8ces animales prot\u00e9g\u00e9es\nd\u00e9finie \u00e0 l'article 4\u00b0 du L.411-2 du Code de l'Environnement\nau b\u00e9n\u00e9fice du conservatoire d'espaces naturels (CEN)\nde Provence-Alpes-C\u00f4te d'Azur (PACA)\npour proc\u00e9der ou faire proc\u00e9der\nsur le territoire des communes de\nVidauban, Collobri\u00e8res, Flassans-sur-Issole, Ramatuelle, la Croix-Valmer,\nla M\u00f4le, Cabasse, le Cannet-des-Maures, le Luc\n\u00e0 la capture temporaire avec rel\u00e2cher imm\u00e9diat sur place de\nTortue d'Hermann - Testudo hermanni (Gmelin, 1789)\npour les ann\u00e9es 2025 \u00e0 2027 inclus.\n12\nEHPAD L'Escandihado Flassans sur Issole\n83-2025-01-23-00003\nDc d\u00e9l\u00e9gation signature\nEHPAD L'Escandihado Flassans sur Issole - 83-2025-01-23-00003 - Dc d\u00e9l\u00e9gation signature 13\nMaison de RetraiteL'ESCANDIHADO\nANS\nMaison de Retraite l'Escandihado \u2013 560 avenue du G\u00e9n\u00e9ral de Gaulle \u2013 83340 FLASSANS SUR ISSOLE \nT\u00e9l : 04.94.80.99.20 \u2013 Fax : 04.94.86.14.01 \u2013 directeur.lescandihado@orange.fr \u2013 site : www.lescandihado.fr  \n \n \n \n \n \n \nDECISION \n \nPORTANT DELEGATION DE SIGNATURE \n \n \n \nLe Directeur de L'EHPAD L'ESCANDIHADO de FLASSANS-SUR-ISSOLE, \n \n \nVu  le Code de l'action sociale et des familles , et notamment ses articles L315 -17, D315 -67 et \nsuivants ; \n \nVu  le Code de la commande publique ; \n \nVu  la loi n\u00b083-634 du 13 juillet 1983 modifi\u00e9e portant droits et obligations des fonctionnaires ; \n \nVu la loi n\u00b086-33 du 9 janvier 1986 modifi\u00e9e portant dispositions statutaires relatives \u00e0 la fonction \npublique hospitali\u00e8re ; \n \nVu le d\u00e9cret n\u00b02005 -921 du 2 ao\u00fbt 2005 portant statut particulier des grades et emplois des \npersonnels de direction des \u00e9tablissements mentionn\u00e9s \u00e0 l'article 2 (1\u00b0, 2\u00b0 et 3\u00b0) de la loi du 9 \njanvier 1986 portant dispositions statutaires relatives \u00e0 la fonction publique hospitali\u00e8 re, \nmodifi\u00e9 par le d\u00e9cret n\u00b02007-704 du 4 mai 2007, le d\u00e9cret n\u00b02007 -1927 du 26 d\u00e9cembre 2007 \net le d\u00e9cret n\u00b02010-259 du 11 mars 2010 ; \n \nVu le d\u00e9cret n\u00b02010-262 du 11 mars 2010 modifiant le d\u00e9cret n\u00b02007 -1930 du 26 d\u00e9cembre 2007 \nportant statut particulier du corps des directeurs d'\u00e9tablissements sanitaires, sociaux et \nm\u00e9dico-sociaux de la fonction publique hospitali\u00e8re ; \n \nVu la convention de direction commune  en date du 26 octobre 2020 entre les centres hospitaliers \nde Brignoles, du Luc-en-Provence et l'EHPAD de Flassans-sur-Issole ;  \n \nVu l'arr\u00eat\u00e9 du Directeur G\u00e9n\u00e9ral de l'Agence R\u00e9gionale de Sant\u00e9 PACA, du 22 juin 2021, \nN\u00b02021FUSION06-0045 portant fusion absorption du Centre Hospitalier du Luc en Provence \npar le Centre Hospitalier Jean Marcel de BRIGNOLES, au 1er janvier 2022;  \n \nVu l'avenant N\u00b01 en date du 23 juillet 2021 \u00e0 la convention de direction commune en date du 26 \noctobre 2020, entre le Centre Hospitalier de Brignoles \u2013 Le Luc en Provence et l'EHPAD \nl'Escandihado de Flassans sur Issole ; \n \nVu l'arr\u00eat\u00e9 de la Directrice G\u00e9n\u00e9rale du Centre National de Gestion, nommant M. Damien \nFLOUREZ, Directeur au Centre Hospitalier Intercommunal de Brignoles - Le Luc -en-\nProvence et de l'EHPAD l'Escandihado de Flassans-sur-Issole, \u00e0 compter du 1er mars 2022 ; \nEHPAD L'Escandihado Flassans sur Issole - 83-2025-01-23-00003 - Dc d\u00e9l\u00e9gation signature 14\nMaison de Retraite l'Escandihado \u2013 560 avenue du G\u00e9n\u00e9ral de Gaulle \u2013 83340 FLASSANS SUR ISSOLE \nT\u00e9l : 04.94.80.99.20 \u2013 Fax : 04.94.86.14.01 \u2013 directeur.lescandihado@orange.fr \u2013 site : www.lescandihado.fr  \n \n \nVu l'arr\u00eat\u00e9 de la Directrice G\u00e9n\u00e9rale du Centre National de Gestion, nommant M. Julien ABBA, \nDirecteur \u00e0 l'EHPAD de PIGNANS (Var), \u00e0 compter du 1er janvier 2023 ; \n \nVu  la convention de mise \u00e0 disposition du 23 janvier 2025 , de M. Julien ABBA , au profit d e \nl'EHPAD l'ESCANDIHADO; \n \nVu l'arr\u00eat\u00e9 n\u00b0MSO000051887371 du Ministre du travail, de la sant\u00e9 et des solidarit\u00e9s, en date du \n14 mars 2024, pla\u00e7ant Mme Solange SCHNEIDER, attach\u00e9e d'administration, en position de \nd\u00e9tachement aupr\u00e8s de l'EHPAD l'Escandihado, en qualit\u00e9 d e responsable des services \nadministratifs et techniques, \u00e0 compter du 1er avril 2024; \n \n \n \nDECIDE \n \n \nARTICLE I  : Sont de la comp\u00e9tence sp\u00e9cifique du Directeur de l'EHPAD l'Escandihado de \nFlassans-sur-Issole: \n \n\uf02d Les conventions de transactions conclues en application de l'article 2044 du Code civil ; \n\uf02d Les autres conventions et accords conclus avec des organismes ext\u00e9rieurs g\u00e9n\u00e9rant ou \nsusceptibles de g\u00e9n\u00e9rer des charges financi\u00e8res impr\u00e9vues pour l'institution ; \n\uf02d Les actes relatifs aux op\u00e9rations immobili\u00e8res ; \n\uf02d Les d\u00e9cisions relatives aux dons et legs. \n \n \nARTICLE II :  \nEn cas d'absence ou d'emp\u00eachement du Directeur g\u00e9n\u00e9ral de l'EHPAD l'Escandihado, et du Directeur \ncharg\u00e9 de la direction d\u00e9l\u00e9gu\u00e9e de l'EHPAD l'Escandihado de Flassans -sur-Issole, M. Julien ABBA, \nd\u00e9l\u00e9gation de signature est donn\u00e9e \u00e0 Mme Solange SCHNEIDER , Attach\u00e9e d'administration, \nresponsables des services administratifs et techniques de l'EHPAD l'Escandihado de Flassans -sur-\nIssole, \u00e0 l'effet de signer tous actes administratifs, documents et correspondances relevant des services \nplac\u00e9s sous sa responsabilit\u00e9, y compris les contrats d'embauche.  \n \n \nARTICLE III : Cette d\u00e9l\u00e9gation de signature doit \u00eatre exerc\u00e9e dans le cadre du strict respect des \nautorisations budg\u00e9taires, des d\u00e9cisions internes, du respect d es lois, r\u00e8glements et dispositions en \nvigueur. \n \n \nARTICLE IV : Le d\u00e9l\u00e9gataire rendra compte p\u00e9riodiquement de sa d\u00e9l\u00e9gation au Directeur, ainsi que \nde toute difficult\u00e9 s\u00e9rieuse, av\u00e9r\u00e9e, pr\u00e9visionnelle ou pressentie et toute situation particuli\u00e8re \nrencontr\u00e9e dans son exercice. \n \nARTICLE V : La pr\u00e9sente d\u00e9cision prend fin \u00e0 l'initiative du D\u00e9l\u00e9gant soussign\u00e9 , \u00e0 tout moment,  et \nnotamment en cas de non-ex\u00e9cution des obligations ou dans le cas d'un changement dans la personne \ndu d\u00e9l\u00e9gataire. \n \n \nARTICLE VII : La pr\u00e9sente d\u00e9cision prend effet \u00e0 compter du 1er f\u00e9vrier 2025. \nEHPAD L'Escandihado Flassans sur Issole - 83-2025-01-23-00003 - Dc d\u00e9l\u00e9gation signature 15\nMaison de Retraite l'Escandihado \u2013 560 avenue du G\u00e9n\u00e9ral de Gaulle \u2013 83340 FLASSANS SUR ISSOLE \nT\u00e9l : 04.94.80.99.20 \u2013 Fax : 04.94.86.14.01 \u2013 directeur.lescandihado@orange.fr \u2013 site : www.lescandihado.fr  \n \n \nARTICLE VIII : Conform\u00e9ment aux exigences de l'article D315-70 du code de l'action sociale et des \nfamilles, la pr\u00e9sente d\u00e9cision est transmise pour attribution \u00e0 Mme Solange SCHNEIDER, Attach\u00e9e \nd'administration, responsables des services administratifs et techniques de l'EHPAD l'Escandihado de \nFlassans-sur-Issole, et pour information, au comptable de l'\u00e9tablissement. \nElle est communiqu\u00e9e au Conseil d'Administration de l'EHPAD l'Escandihado de Flassans-sur-Issole.  \nElle fait l'objet d'une publication au sein de l'\u00e9tablissement ainsi qu'au recueil des actes administratifs \nde la pr\u00e9fecture du VAR.  \n \n \nARTICLE IX : La pr\u00e9sente d\u00e9cision pourra faire l'objet d'un recours pour exc\u00e8s de pouvoir qui sera \nport\u00e9 devant le Tribunal Administratif de Toulon dans un d\u00e9lai de deux mois \u00e0 compter de sa \nnotification aux int\u00e9ress\u00e9s et de sa publication pour les tiers. \n \nFAIT A FLASSANS-SUR-ISSOLE, LE 23 JANVIER 2025, \n \nLe Directeur, \n \nSign\u00e9 \n \nDamien FLOUREZ \n \nEHPAD L'Escandihado Flassans sur Issole - 83-2025-01-23-00003 - Dc d\u00e9l\u00e9gation signature 16\nEHPAD L'Escandihado Flassans sur Issole\n83-2025-01-23-00004\nD\u00c9CISION DELEGATION DE SIGNATURE\nEHPAD L'Escandihado Flassans sur Issole - 83-2025-01-23-00004 - D\u00c9CISION DELEGATION DE SIGNATURE 17\nMaison de RetraiteL'ESCANDIHADO\nANS\nMaison de Retraite l'Escandihado \u2013 560 avenue du G\u00e9n\u00e9ral de Gaulle \u2013 83340 FLASSANS SUR ISSOLE \nT\u00e9l : 04.94.80.99.20 \u2013 Fax : 04.94.86.14.01 \u2013 directeur.lescandihado@orange.fr \u2013 site : www.lescandihado.fr  \n \n \n \n \n \n \nDECISION \n \nPORTANT DELEGATION DE SIGNATURE \n \n \n \nLe Directeur de L'EHPAD L'ESCANDIHADO de FLASSANS-SUR-ISSOLE, \n \n \nVu  le Code de l'action sociale et des familles , et notamment ses articles L315 -17, D315 -67 et \nsuivants ; \n \nVu  le Code de la commande publique ; \n \nVu  la loi n\u00b083-634 du 13 juillet 1983 modifi\u00e9e portant droits et obligations des fonctionnaires ; \n \nVu la loi n\u00b086-33 du 9 janvier 1986 modifi\u00e9e portant dispositions statutaires relatives \u00e0 la fonction \npublique hospitali\u00e8re ; \n \nVu le d\u00e9cret n\u00b02005 -921 du 2 ao\u00fbt 2005 portant statut particulier des grades et emplois des \npersonnels de direction des \u00e9tablissements mentionn\u00e9s \u00e0 l'article 2 (1\u00b0, 2\u00b0 et 3\u00b0) de la loi du 9 \njanvier 1986 portant dispositions statutaires relatives \u00e0 la fonction publique hospitali\u00e8 re, \nmodifi\u00e9 par le d\u00e9cret n\u00b02007-704 du 4 mai 2007, le d\u00e9cret n\u00b02007 -1927 du 26 d\u00e9cembre 2007 \net le d\u00e9cret n\u00b02010-259 du 11 mars 2010 ; \n \nVu le d\u00e9cret n\u00b02010-262 du 11 mars 2010 modifiant le d\u00e9cret n\u00b02007 -1930 du 26 d\u00e9cembre 2007 \nportant statut particulier du corps des directeurs d'\u00e9tablissements sanitaires, sociaux et \nm\u00e9dico-sociaux de la fonction publique hospitali\u00e8re ; \n \nVu la convention de direction commune  en date du 26 octobre 2020 entre les centres hospitaliers \nde Brignoles, du Luc-en-Provence et l'EHPAD de Flassans-sur-Issole ;  \n \nVu l'arr\u00eat\u00e9 du Directeur G\u00e9n\u00e9ral de l'Agence R\u00e9gionale de Sant\u00e9 PACA, du 22 juin 2021, \nN\u00b02021FUSION06-0045 portant fusion absorption du Centre Hospitalier du Luc en Provence \npar le Centre Hospitalier Jean Marcel de BRIGNOLES, au 1er janvier 2022;  \n \nVu l'avenant N\u00b01 en date du 23 juillet 2021 \u00e0 la convention de direction commune en date du 26 \noctobre 2020, entre le Centre Hospitalier de Brignoles \u2013 Le Luc en Provence et l'EHPAD \nl'Escandihado de Flassans sur Issole ; \n \nVu l'arr\u00eat\u00e9 de la Directrice G\u00e9n\u00e9rale du Centre National de Gestion, nommant M. Damien \nFLOUREZ, Directeur au Centre Hospitalier Intercommunal de Brignoles - Le Luc -en-\nProvence et de l'EHPAD l'Escandihado de Flassans-sur-Issole, \u00e0 compter du 1er mars 2022 ; \nEHPAD L'Escandihado Flassans sur Issole - 83-2025-01-23-00004 - D\u00c9CISION DELEGATION DE SIGNATURE18\nMaison de Retraite l'Escandihado \u2013 560 avenue du G\u00e9n\u00e9ral de Gaulle \u2013 83340 FLASSANS SUR ISSOLE \nT\u00e9l : 04.94.80.99.20 \u2013 Fax : 04.94.86.14.01 \u2013 directeur.lescandihado@orange.fr \u2013 site : www.lescandihado.fr  \n \n \nVu l'arr\u00eat\u00e9 de la Directrice G\u00e9n\u00e9rale du Centre National de Gestion, nommant M. Julien ABBA, \nDirecteur \u00e0 l'EHPAD de PIGNANS (Var), \u00e0 compter du 1er janvier 2023 ; \n \nVu  la convention de mise \u00e0 disposition du 23 janvier 2025 , de M. Julien ABBA , au profit de \nl'EHPAD l'ESCANDIHADO; \n \n \n \n \nDECIDE \n \n \nARTICLE I  : Sont de la comp\u00e9tence sp\u00e9cifique du Directeur de l'EHPAD l'Escandihado de \nFlassans-sur-Issole: \n \n\uf02d Les conventions de transactions conclues en application de l'article 2044 du Code civil ; \n\uf02d Les autres conventions et accor ds conclus avec des organismes ext\u00e9rieurs g\u00e9n\u00e9rant ou \nsusceptibles de g\u00e9n\u00e9rer des charges financi\u00e8res impr\u00e9vues pour l'institution ; \n\uf02d Les actes relatifs aux op\u00e9rations immobili\u00e8res ; \n\uf02d Les d\u00e9cisions relatives aux dons et legs. \n \n \nARTICLE II :  \nD\u00e9l\u00e9gation est d onn\u00e9e \u00e0 M. Julien ABBA , Directeur charg\u00e9 de la direction d\u00e9l\u00e9gu\u00e9e de l'EHPAD \nl'Escandihado de Flassans -sur-Issole, \u00e0 l'effet de signer  tous actes administratifs, documents et \ncorrespondances relevant de la gestion courante relative aux besoin s de fonctionn ement de \nl'\u00e9tablissement, \u00e0 l'accueil et au suivi des personnes b\u00e9n\u00e9ficiaires d'une prise en charge et aux \npersonnels. \n \n \nARTICLE III : Cette d\u00e9l\u00e9gation de signature doit \u00eatre exerc\u00e9e dans le cadre du strict respect des \nautorisations budg\u00e9taires, des d\u00e9cisi ons internes, du respect des lois, r\u00e8glements et dispositions en \nvigueur. \n \n \nARTICLE IV : Le d\u00e9l\u00e9gataire rendra compte p\u00e9riodiquement de sa d\u00e9l\u00e9gation au Directeur, ainsi que \nde toute difficult\u00e9 s\u00e9rieuse, av\u00e9r\u00e9e, pr\u00e9visionnelle ou pressentie et toute situat ion particuli\u00e8re \nrencontr\u00e9e dans son exercice. \n \nARTICLE V : La pr\u00e9sente d\u00e9cision prend fin \u00e0 l'initiative du D\u00e9l\u00e9gant soussign\u00e9 , \u00e0 tout moment,  et \nnotamment en cas de non-ex\u00e9cution des obligations ou dans le cas d'un changement dans la personne \ndu d\u00e9l\u00e9gataire. \n \n \nARTICLE VII : La pr\u00e9sente d\u00e9cision prend effet \u00e0 compter du 1er f\u00e9vrier 2025. \n \n \nARTICLE VIII : Conform\u00e9ment aux exigences de l'article D315-70 du code de l'action sociale et des \nfamilles, la pr\u00e9sente d\u00e9cision est transmise pour attribution \u00e0 M. Julien ABBA, Directeur charg\u00e9 de la \nEHPAD L'Escandihado Flassans sur Issole - 83-2025-01-23-00004 - D\u00c9CISION DELEGATION DE SIGNATURE19\nMaison de Retraite l'Escandihado \u2013 560 avenue du G\u00e9n\u00e9ral de Gaulle \u2013 83340 FLASSANS SUR ISSOLE \nT\u00e9l : 04.94.80.99.20 \u2013 Fax : 04.94.86.14.01 \u2013 directeur.lescandihado@orange.fr \u2013 site : www.lescandihado.fr  \ndirection d\u00e9l\u00e9gu\u00e9e de l'EHPAD l'Escandihado de Flassans -sur-Issole, et pour information, au \ncomptable de l'\u00e9tablissement. \nElle est communiqu\u00e9e au Conseil d'Administration de l'EHPAD l'Escandihado de Flassans-sur-Issole.  \nElle fait l'objet d'une publication au sein de l'\u00e9tablissement ainsi qu'au recueil des actes administratifs \nde la pr\u00e9fecture du VAR.  \n \n \nARTICLE IX : La pr\u00e9sente d\u00e9cision pourra faire l'objet d'un recours pour exc\u00e8s de pouvoir qui sera \nport\u00e9 devant le Tribunal  Administratif de Toulon dans un d\u00e9lai de deux mois \u00e0 compter de sa \nnotification aux int\u00e9ress\u00e9s et de sa publication pour les tiers. \n \nFAIT A FLASSANS-SUR-ISSOLE, LE 23 JANVIER 2025, \n \n \nLe Directeur, \n \nSign\u00e9 \n \nDamien FLOUREZ \n \n \nEHPAD L'Escandihado Flassans sur Issole - 83-2025-01-23-00004 - D\u00c9CISION DELEGATION DE SIGNATURE20\nEHPAD L'Escandihado Flassans sur Issole\n83-2025-01-23-00005\nDECISION ordonnateur suppl\u00e9ant\nEHPAD L'Escandihado Flassans sur Issole - 83-2025-01-23-00005 - DECISION ordonnateur suppl\u00e9ant 21\nMaison de RetraiteL'ESCANDIHADO\nANS\nMaison de Retraite l'Escandihado \u2013 560 avenue du G\u00e9n\u00e9ral de Gaulle \u2013 83340 FLASSANS SUR ISSOLE \nT\u00e9l : 04.94.80.99.20 \u2013 Fax : 04.94.86.14.01 \u2013 directeur.lescandihado@orange.fr \u2013 site : www.lescandihado.fr  \n \n \n \n \n \n \nDECISION \nPORTANT DESIGNATION D'ORDONNATEUR SUPPLEANT  \n \n \nLe Directeur de L'EHPAD L'ESCANDIHADO de FLASSANS-SUR-ISSOLE, \n \n \nVu  le Code de l'action sociale et des familles, et notamment ses articles L315 -17, D315 -67 et \nsuivants ; \n \nVu  le Code de la commande publique ; \n \nVu  la loi n\u00b083-634 du 13 juillet 1983 modifi\u00e9e portant droits et obligations des fonctionnaires ; \n \nVu la loi n\u00b086-33 du 9 janvier 1986 modifi\u00e9e portant dispositions statutaires relatives \u00e0 la fonction \npublique hospitali\u00e8re ; \n \nVu le d\u00e9cret  n\u00b02005-921 du 2 ao\u00fbt 2005 portant statut particulier des grades et emplois des \npersonnels de direction des \u00e9tablissements mentionn\u00e9s \u00e0 l'article 2 (1\u00b0, 2\u00b0 et 3\u00b0) de la loi du 9 \njanvier 1986 portant dispositions statutaires relatives \u00e0 la fonction publique  hospitali\u00e8re, \nmodifi\u00e9 par le d\u00e9cret n\u00b02007-704 du 4 mai 2007, le d\u00e9cret n\u00b02007 -1927 du 26 d\u00e9cembre 2007 \net le d\u00e9cret n\u00b02010-259 du 11 mars 2010 ; \n \nVu le d\u00e9cret n\u00b02010-262 du 11 mars 2010 modifiant le d\u00e9cret n\u00b02007 -1930 du 26 d\u00e9cembre 2007 \nportant statut p articulier du corps des directeurs d'\u00e9tablissements sanitaires, sociaux et \nm\u00e9dico-sociaux de la fonction publique hospitali\u00e8re ; \n \nVu la convention de direction commune en date du 26 octobre 2020 entre les centres hospitaliers \nde Brignoles, du Luc-en-Provence et l'EHPAD de Flassans-sur-Issole ;  \n \nVu l'arr\u00eat\u00e9 du Directeur G\u00e9n\u00e9ral de l'Agence R\u00e9gionale de Sant\u00e9 PACA, du 22 juin 2021, \nN\u00b02021FUSION06-0045 portant fusion absorption du Centre Hospitalier du Luc en Provence \npar le Centre Hospitalier Jean Marcel de BRIGNOLES, au 1er janvier 2022;  \n \nVu l'avenant N\u00b01 en date du 23 juillet 2021 \u00e0 la convention de direction commune en date du 26 \noctobre 2020, entre le Centre Hospitalier de Brignoles \u2013 Le Luc en Provence et l'EHPAD \nl'Escandihado de Flassans sur Issole ; \n \nVu l'arr\u00eat\u00e9 de la Directrice G\u00e9n\u00e9rale du Centre National de Gestion, nommant M. Damien \nFLOUREZ, Directeur au Centre Hospitalier Intercommunal de Brignoles - Le Luc -en-\nProvence et de l'EHPAD l'Escandihado de Flassans-sur-Issole, \u00e0 compter du 1er mars 2022 ; \n \n \nEHPAD L'Escandihado Flassans sur Issole - 83-2025-01-23-00005 - DECISION ordonnateur suppl\u00e9ant22\nMaison de Retraite l'Escandihado \u2013 560 avenue du G\u00e9n\u00e9ral de Gaulle \u2013 83340 FLASSANS SUR ISSOLE \nT\u00e9l : 04.94.80.99.20 \u2013 Fax : 04.94.86.14.01 \u2013 directeur.lescandihado@orange.fr \u2013 site : www.lescandihado.fr  \nVu l'arr\u00eat\u00e9 de la Directrice G\u00e9n\u00e9rale du Centre National de Gestion, nommant M. Julien ABBA, \nDirecteur \u00e0 l'EHPAD de PIGNANS (Var), \u00e0 compter du 1er janvier 2023 ; \n \nVu  la convention de mise \u00e0 disposition du 23 janvier 2025 , de M. Julien ABBA , au profit d e \nl'EHPAD l'ESCANDIHADO; \n \n \n \nDECIDE \n \n \nARTICLE I  : Sont de la comp\u00e9tence sp\u00e9cifique du Directeur  de l'EHPAD l'Escandihado de \nFlassans-sur-Issole: \n \n\uf02d Les conventions de transactions conclues en application de l'article 2044 du Code civil ; \n\uf02d Les autres convention s et accords conclus avec des organismes ext\u00e9rieurs g\u00e9n\u00e9rant ou \nsusceptibles de g\u00e9n\u00e9rer des charges financi\u00e8res impr\u00e9vues pour l'institution ; \n\uf02d Les actes relatifs aux op\u00e9rations immobili\u00e8res ; \n\uf02d Les d\u00e9cisions relatives aux dons et legs. \n \n \nARTICLE II  : Par d\u00e9l \u00e9gation de signature du Directeur de l'EHPAD de Flassans -sur-Issole, est \nd\u00e9sign\u00e9 en qualit\u00e9 d'ordonnateur suppl\u00e9ant , \u00e0 l'effet de signer les actes li\u00e9s aux fonctions \nd'ordonnateurs des recettes et des d\u00e9penses : \n \n\uf0d8 M. Julien ABBA , Directeur  charg\u00e9 de la Dire ction d\u00e9l\u00e9gu\u00e9e de l'EHPAD \nl'Escandihado de Flassans-sur-Issole; \n \n \nARTICLE III : Cette d\u00e9l\u00e9gation de signature doit \u00eatre exerc\u00e9e dans le cadre du strict respect des \nautorisations budg\u00e9taires, des d\u00e9cisions internes, du respect des lois, r\u00e8glements et dispos itions en \nvigueur. \n \n \nARTICLE IV : Le d\u00e9l\u00e9gataire rendra compte p\u00e9riodiquement de sa d\u00e9l\u00e9gation au Directeur, ainsi que \nde toute difficult\u00e9 s\u00e9rieuse, av\u00e9r\u00e9e, pr\u00e9visionnelle ou pressentie et toute situation particuli\u00e8re \nrencontr\u00e9e dans son exercice. \n \n \nARTICLE V : La pr\u00e9sente d\u00e9cision prend fin \u00e0 l'initiative du D\u00e9l\u00e9gant soussign\u00e9, \u00e0 tout moment, et \nnotamment en cas de non -ex\u00e9cution des obligations ou dans le cas d'un changement dans la personne \ndu d\u00e9l\u00e9gataire. \n \n \nARTICLE VI : La pr\u00e9sente d\u00e9cision prend effet \u00e0 compter du 1er f\u00e9vrier 2025. \n \n \nARTICLE VII: Conform\u00e9ment aux exigences de l'article D315-70 du code de l'action sociale et des \nfamilles, la pr\u00e9sente d\u00e9cision est transmise pour attribution \u00e0 M. Julien ABBA, Directeur charg\u00e9 de la \ndirection d\u00e9l\u00e9gu\u00e9e de l'E HPAD l'Escandihado de Flassans -sur-Issole, et pour information, au \ncomptable de l'\u00e9tablissement. \nElle est communiqu\u00e9e au Conseil d'Administration de l'EHPAD l'Escandihado de Flassans-sur-Issole.  \nEHPAD L'Escandihado Flassans sur Issole - 83-2025-01-23-00005 - DECISION ordonnateur suppl\u00e9ant23\nMaison de Retraite l'Escandihado \u2013 560 avenue du G\u00e9n\u00e9ral de Gaulle \u2013 83340 FLASSANS SUR ISSOLE \nT\u00e9l : 04.94.80.99.20 \u2013 Fax : 04.94.86.14.01 \u2013 directeur.lescandihado@orange.fr \u2013 site : www.lescandihado.fr  \nElle fait l'objet d'une publication au sein de l'\u00e9tablisseme nt ainsi qu'au recueil des actes administratifs \nde la pr\u00e9fecture du VAR.  \n \n \nARTICLE VIII : La pr\u00e9sente d\u00e9cision pourra faire l'objet d'un recours pour exc\u00e8s de pouvoir qui sera \nport\u00e9 devant le Tribunal Administratif de Toulon dans un d\u00e9lai de deux mois \u00e0 c ompter de sa \nnotification aux int\u00e9ress\u00e9s et de sa publication pour les tiers. \n \n \n \nFAIT A FLASSANS-SUR-ISSOLE, LE 23 JANVIER 2025, \n \n \nLe Directeur, \n \nSign\u00e9 \n \nDamien FLOUREZ \n \nEHPAD L'Escandihado Flassans sur Issole - 83-2025-01-23-00005 - DECISION ordonnateur suppl\u00e9ant24\nPr\u00e9fecture du VAR\n83-2025-02-03-00008\nARR\u00caT\u00c9 du 3 f\u00e9vrier 2025\nportant liquidation partielle d'une astreinte\nadministrative impos\u00e9e \u00e0\nMonsieur M\u00c9RIC St\u00e9phane, propri\u00e9taire de la\nparcelle AC 406\nsitu\u00e9e sur la commune de Toulon\nPr\u00e9fecture du VAR - 83-2025-02-03-00008 - ARR\u00caT\u00c9 du 3 f\u00e9vrier 2025\nportant liquidation partielle d'une astreinte administrative impos\u00e9e \u00e0\nMonsieur M\u00c9RIC St\u00e9phane, propri\u00e9taire de la parcelle AC 406\nsitu\u00e9e sur la commune de Toulon\n25\n=mPREFETDU VARLibert\u00e9Egalit\u00e9Fraternit\u00e9\nDirection r\u00e9gionale de l'environnement,\nde l'am\u00e9nagement et du logement de \nla r\u00e9gion Provence-Alpes-C\u00f4te d'Azur \nService biodiversit\u00e9, eau et paysages\nARR\u00caT\u00c9 du 3 f\u00e9vrier 2025\nportant liquidation partielle d'une astreinte administrative impos\u00e9e \u00e0\nMonsieur M\u00c9RIC St\u00e9phane, propri\u00e9taire de la parcelle AC 406\nsitu\u00e9e sur la commune de Toulon\nLe pr\u00e9fet du Var, \nVu le Code de l'environnement, notamment les articles L171-7 et suivants, L341-1, L341-10,  \nR341-10 \u00e0 13, R365-2 ;\nVu le d\u00e9cret du pr\u00e9sident de la r\u00e9publique du 13 juillet 2023 nommant M.Philippe MAH\u00c9,  \npr\u00e9fet du Var ;\nVu  le  d\u00e9cret  du  pr\u00e9sident  de  la  r\u00e9publique  du  15  avril  2022  nommant  M.Lucien \nGIUDICELLI, secr\u00e9taire g\u00e9n\u00e9ral de la pr\u00e9fecture du Var, sous-pr\u00e9fet de l'arrondissement du \nToulon ;\nVu  l'arr\u00eat\u00e9  pr\u00e9fectoral  n\u00b0  2024/56/MCI  du  10  d\u00e9cembre  2024  portant  d\u00e9l\u00e9gation  de \nsignature \u00e0 M.Lucien GIUDICELLI, secr\u00e9taire g\u00e9n\u00e9ral de la pr\u00e9fecture du Var ;\nVu l'arr\u00eat\u00e9 pr\u00e9fectoral du 22 mai 2023 mettant en demeure Monsieur St\u00e9phane M\u00c9RIC,  \npropri\u00e9taire  de  la  parcelle  AC  406  sur  la  commune  de  Toulon,  de  proc\u00e9der  \u00e0  la \nr\u00e9gularisation administrative des constructions, installations et am\u00e9nagements pr\u00e9sents  \nsur cette propri\u00e9t\u00e9 ;\nVu l'arr\u00eat\u00e9  pr\u00e9fectoral  du  20  d\u00e9cembre  2023  rendant  redevable  d'une  astreinte \nadministrative Monsieur St\u00e9phane M\u00c9RIC, propri\u00e9taire de la parcelle AC 406 situ\u00e9e sur la  \ncommune de Toulon ;\nVu la notification, le 5 f\u00e9vrier 2024, de l'arr\u00eat\u00e9 pr\u00e9fectoral du 20 d\u00e9cembre 2023 pr\u00e9cit\u00e9 ;\nVu  l'arr\u00eat\u00e9  pr\u00e9fectoral  du  19  juin  2024  portant  liquidation  partielle  de  l'astreinte \nadministrative pour la p\u00e9riode du 6 f\u00e9vrier 2024 au 11 avril 2024 ;\nConsid\u00e9rant qu'\u00e0  la  date  d'\u00e9diction  du  pr\u00e9sent  arr\u00eat\u00e9  les  dispositions  de  l'arr\u00eat\u00e9 \npr\u00e9fectoral de mise en demeure du 22 mai 2023 ne sont toujours pas respect\u00e9es ;\nConsid\u00e9rant qu'en application de l'arr\u00eat\u00e9 pr\u00e9fectoral du 20 d\u00e9cembre 2023 il y a lieu de  \nliquider, \u00e0 nouveau, partiellement le montant de l'astreinte administrative journali\u00e8re ;\nSur  proposition  du  directeur  r\u00e9gional  de  l'environnement,  de  l'am\u00e9nagement  et  du \nlogement ;\n1/2\nPr\u00e9fecture du VAR - 83-2025-02-03-00008 - ARR\u00caT\u00c9 du 3 f\u00e9vrier 2025\nportant liquidation partielle d'une astreinte administrative impos\u00e9e \u00e0\nMonsieur M\u00c9RIC St\u00e9phane, propri\u00e9taire de la parcelle AC 406\nsitu\u00e9e sur la commune de Toulon\n26\nARR\u00caTE\nArticle 1 : objet\nL'astreinte administrative visant Monsieur M\u00c9RIC St\u00e9phane est liquid\u00e9e partiellement pour  \nla p\u00e9riode du 12 avril au 12 d\u00e9cembre 2024. A cet effet, un titre de perception d'un  \nmontant de dix neuf mille cinq cent vingt euros (19 520\u20ac), correspondant \u00e0 244  jours \nd'astreinte,  est  rendu  imm\u00e9diatement  ex\u00e9cutoire  aupr\u00e8s  de  Monsieur  le  directeur \nd\u00e9partemental des finances publiques du d\u00e9partement du Var.\nArticle 2 : voies et d\u00e9lais de recours\nLe pr\u00e9sent arr\u00eat\u00e9 peut faire l'objet d'un recours gracieux adress\u00e9 au pr\u00e9fet du Var, ou d'un  \nrecours hi\u00e9rarchique aupr\u00e8s du ministre de tutelle ou d'un recours contentieux devant le  \ntribunal administratif de Toulon, dans un d\u00e9lai de deux mois \u00e0 compter de sa date de  \nnotification ou de publication. Le rejet d'un recours gracieux peut \u00e9galement \u00eatre contest\u00e9 \ndevant le tribunal administratif de Toulon dans un d\u00e9lai de deux mois.\nLe silence gard\u00e9 par l'administration pendant plus de deux mois sur la demande de recours \ngracieux emporte d\u00e9cision implicite de rejet de cette demande conform\u00e9ment \u00e0 l'article  \nR421-2 du code de justice administrative. \nLa pr\u00e9sente d\u00e9cision est soumise \u00e0 un contentieux de pleine juridiction.\nDans le cas o\u00f9 un recours contentieux serait engag\u00e9 devant le tribunal administratif de  \nToulon, il intervient par un d\u00e9p\u00f4t de requ\u00eate, soit aupr\u00e8s de l'accueil de la juridiction, soit  \npar courrier ou au moyen de l'application informatique \"T\u00e9l\u00e9recours citoyen\" accessible  \npar le site internet www.telerecours.fr  .  \nArticle 3 : notification et publicit\u00e9\nLe pr\u00e9sent arr\u00eat\u00e9 sera notifi\u00e9 \u00e0  Monsieur St\u00e9phane M\u00c9RIC  et, en application de l'article  \nR171-1 du code de l'environnement, sera publi\u00e9 sur le site Internet de la pr\u00e9fecture du Var  \npendant une dur\u00e9e minimale de deux mois.\nArticle 4 : publicit\u00e9\nLe secr\u00e9taire g\u00e9n\u00e9ral de la pr\u00e9fecture du Var et le directeur r\u00e9gional de l'environnement,  \nde l'am\u00e9nagement et du logement Provence-Alpes-C\u00f4te d'Azur, sont charg\u00e9s, chacun en ce \nqui  le  concerne,  de  l'ex\u00e9cution  du  pr\u00e9sent  arr\u00eat\u00e9,  dont  copie  sera  adress\u00e9e,  pour \ninformation, au maire de Toulon, au directeur d\u00e9partemental des territoires et de la mer et \n\u00e0 la cheffe du service de l'unit\u00e9 d\u00e9partementale de l'architecture et du patrimoine.\nPour le pr\u00e9fet, et par d\u00e9l\u00e9gation,\nLe secr\u00e9taire g\u00e9n\u00e9ral,\nSIGNE : Lucien GIUDICELLI\nToulon, le 3 f\u00e9vrier 2025\n2/2\nPr\u00e9fecture du VAR - 83-2025-02-03-00008 - ARR\u00caT\u00c9 du 3 f\u00e9vrier 2025\nportant liquidation partielle d'une astreinte administrative impos\u00e9e \u00e0\nMonsieur M\u00c9RIC St\u00e9phane, propri\u00e9taire de la parcelle AC 406\nsitu\u00e9e sur la commune de Toulon\n27\nPr\u00e9fecture du VAR\n83-2025-02-03-00006\nARR\u00caT\u00c9 PR\u00c9FECTORAL n\u00b02025/02/MCI du 3\nf\u00e9vrier 2025 portant d\u00e9l\u00e9gation de signature \u00e0\nMme Sandrine POLYCHRONOPOULOS\ndirectrice d\u00e9partementale de l'emploi, du travail\net des solidarit\u00e9s du Var\nPr\u00e9fecture du VAR - 83-2025-02-03-00006 - ARR\u00caT\u00c9 PR\u00c9FECTORAL n\u00b02025/02/MCI du 3 f\u00e9vrier 2025 portant d\u00e9l\u00e9gation de signature \u00e0\nMme Sandrine POLYCHRONOPOULOS\ndirectrice d\u00e9partementale de l'emploi, du travail et des solidarit\u00e9s du Var\n28\n|PREFETDU VARLibert\u00e9Egalit\u00e9Fraternit\u00e9\nDirection de la coordination des politiques publiques\net de l'appui territorial\nMission de coordination interminist\u00e9rielle\nARR\u00caT\u00c9 PR\u00c9FECTORAL n\u00b02025/02/MCI du 3 f\u00e9vrier 2025\nportant d\u00e9l\u00e9gation de signature \u00e0 Mme Sandrine POLYCHRONOPOULOS\ndirectrice d\u00e9partementale de l'emploi, du travail et des solidarit\u00e9s du Var\nLe Pr\u00e9fet du Var,\nOfficier de la L\u00e9gion d'Honneur,\nVu la loi n\u00b0 82-213 du 2 mars modifi\u00e9e, relative aux droits et libert\u00e9s des communes, des  \nd\u00e9partements et des r\u00e9gions ;\nVu la loi n\u00b0 83-8 du 7 janvier 1983 compl\u00e9t\u00e9e par la loi n\u00b0 3-663 du 22 juillet 1983 modifi\u00e9e par \nla loi n\u00b086-17 du 6 janvier 1986 relative \u00e0 la r\u00e9partition des comp\u00e9tences entre les communes, \nles d\u00e9partements, les r\u00e9gions et l'\u00c9tat ;\nVu la loi n\u00b0 83-634 du 13 juillet 1983 modifi\u00e9e portant droits et obligations des fonctionnaires, \nensemble la loi n\u00b0 84-16 du 11 janvier 1984 modifi\u00e9e portant dispositions statutaires relatives a \nla fonction publique de l'\u00c9tat ;\nVu la loi d'orientation n\u00b0 92-125 du 6 f\u00e9vrier 1992 relative \u00e0 !'administration territoriale de la  \nR\u00e9publique ;\nVu le d\u00e9cret n\u00b0 92-604 du 1er juillet 1992 portant charte de la d\u00e9concentration, modifi\u00e9 par le \nd\u00e9cret n\u00b097-463 du 09 mai 1997 ;\nVu  le  d\u00e9cret  n\u00b0  2004-374  du  29  avril  2004  modifi\u00e9  relatif  aux  pouvoirs  des  pr\u00e9fets,  \u00e0 \nl'organisation et a l'action des services de l'\u00c9tat dans les r\u00e9gions et les d\u00e9partements ;\nVu le d\u00e9cret n\u00b0 2009-360 du 31 mars 2009 relatif aux emplois de direction de l'administration \nterritoriale de l'\u00c9tat ;\nVu le d\u00e9cret n\u00b0 2009-1484 du 3 d\u00e9cembre 2009 modifi\u00e9 relatif aux directions d\u00e9partementales \ninterminist\u00e9rielles ;\nVu le d\u00e9cret n\u00b02015-510 du 7 mai 2015 portant charte de la d\u00e9concentration ;\nVu le d\u00e9cret n\u00b0 2020-1545 du 9 d\u00e9cembre 2020 relatif \u00e0 l'organisation et aux missions des  \nDirections R\u00e9gionales de l'\u00c9conomie, de l'Emploi, du Travail et des Solidarit\u00e9s, des Directions \nD\u00e9partementales de l'Emploi, du Travail et des Solidarit\u00e9s ;\nVu le d\u00e9cret du Pr\u00e9sident de la R\u00e9publique du 15 avril 2022 portant nomination de M. Lucien \nGIUDICELLI, Secr\u00e9taire g\u00e9n\u00e9ral de la Pr\u00e9fecture du Var, sous-pr\u00e9fet de l'arrondissement de  \nToulon ;\nVu le d\u00e9cret du Pr\u00e9sident de la R\u00e9publique du 13 juillet 2023 portant nomination de M.  \nPhilippe MAH\u00c9, Pr\u00e9fet du Var ;\n1\nPr\u00e9fecture du VAR - 83-2025-02-03-00006 - ARR\u00caT\u00c9 PR\u00c9FECTORAL n\u00b02025/02/MCI du 3 f\u00e9vrier 2025 portant d\u00e9l\u00e9gation de signature \u00e0\nMme Sandrine POLYCHRONOPOULOS\ndirectrice d\u00e9partementale de l'emploi, du travail et des solidarit\u00e9s du Var\n29\nVu l'arr\u00eat\u00e9 du Premier ministre et du ministre de l'Int\u00e9rieur en date du 22 mars 2021 portant  \nnomination de Mme Nelcie FERRERE, directrice d\u00e9partementale adjointe de l'emploi, du  \ntravail et des solidarit\u00e9s du Var ;\nVu  l'arr\u00eat\u00e9  du  Premier  ministre  et  du  ministre  de  l'Int\u00e9rieur  du  29  mars  2024  portant \nnomination de Mme Pascale ROBERDEAU-BEAUGE, directrice d\u00e9partementale adjointe de  \nl'emploi, du travail et des solidarit\u00e9s du Var ;\nVu  l'arr\u00eat\u00e9  du  Premier  ministre  et  du  ministre  de  l'Int\u00e9rieur  du  \n17 janvier 2025 portant nomination de Mme Sandrine POLYCHRONOPOULOS, directrice  \nd\u00e9partementale de l'emploi, du travail et des solidarit\u00e9s du Var \u00e0 compter du 17 f\u00e9vrier  \n2025 ;\nVu l'arr\u00eat\u00e9 pr\u00e9fectoral du 25 mars 2021 portant organisation de la direction d\u00e9partementale  \nde l'emploi, du travail et des solidarit\u00e9s du Var \u00e0 compter du 1er avril 2021.\nVu l'arr\u00eat\u00e9 pr\u00e9fectoral n\u00b02024/38/MCI du 30 septembre 2024 portant d\u00e9l\u00e9gation de signature \n\u00e0 Mme Nelcie FERRERE pour assurer l'interim du directeur d\u00e9partemental \u00e0 compter du 1er  \noctobre 2024,\nSur proposition du Secr\u00e9taire g\u00e9n\u00e9ral de la pr\u00e9fecture,\nARR\u00caTE\nArticle 1er\nD\u00e9l\u00e9gation est donn\u00e9e \u00e0 Mme Sandrine POLYCHRONOPOULOS, directrice d\u00e9partementale  \nde l'emploi, du travail et des solidarit\u00e9s du Var, \u00e0 effet de signer tous actes de gestion interne a \nsa  direction  et  tous  actes,  d\u00e9cisions,  documents  administratifs,  rapports,  conventions, \ncertificats, correspondances dans les limites des attributions de cette direction, sous r\u00e9serve \ndes dispositions de l'article 2 du pr\u00e9sent arr\u00eat\u00e9.\nArticle 2\nSont exclus de la d\u00e9l\u00e9gation : \n\u2022 les actes \u00e0 port\u00e9e r\u00e9glementaire,\n\u2022 les  arr\u00eat\u00e9s  portant  nomination  des  membres  de  commissions  et  de  comit\u00e9s \nd\u00e9partementaux,\n\u2022 les d\u00e9cisions attributives de subventions de fonctionnement d'un montant sup\u00e9rieur \u00e0 \n50 000 \u20ac et des subventions d'investissement quel qu'en soit le montant,\n\u2022 les circulaires aux maires et aux collectivit\u00e9s territoriales,\n\u2022 toutes correspondances adress\u00e9es aux cabinets minist\u00e9riels ainsi que celles adress\u00e9es  \naux administrations centrales,\n\u2022 toutes correspondances adress\u00e9es au pr\u00e9fet de r\u00e9gion,\n\u2022 toutes  correspondances  adress\u00e9es  aux  pr\u00e9sidents  des  assembl\u00e9es  r\u00e9gionales  et \nd\u00e9partementales ainsi que les r\u00e9ponses aux interventions des parlementaires et des  \n2\nPr\u00e9fecture du VAR - 83-2025-02-03-00006 - ARR\u00caT\u00c9 PR\u00c9FECTORAL n\u00b02025/02/MCI du 3 f\u00e9vrier 2025 portant d\u00e9l\u00e9gation de signature \u00e0\nMme Sandrine POLYCHRONOPOULOS\ndirectrice d\u00e9partementale de l'emploi, du travail et des solidarit\u00e9s du Var\n30\nconseillers  d\u00e9partementaux  lorsqu'elles  portent  sur  des  comp\u00e9tences  relevant  de \nl'\u00c9tat,\n\u2022 les actes portant constitution et composition des comites et commissions institu\u00e9es  \npar des textes l\u00e9gislatifs ou r\u00e9glementaires,\n\u2022 la saisine du tribunal administratif au titre des recours contentieux,\n\u2022 la saisine de la chambre r\u00e9gionale des comptes et du tribunal administratif au titre du  \ncontr\u00f4le de la l\u00e9galit\u00e9 des d\u00e9lib\u00e9rations des \u00e9tablissements sociaux,\n\u2022 la saisine du tribunal administratif au titre du contr\u00f4le de la l\u00e9galit\u00e9 des actes du  \nconseil  d\u00e9partemental  en  mati\u00e8re  sociale,  ainsi  que  pour  les  recours  gracieux \npr\u00e9alables.\nArticle 3\nEn cas d'absence ou d'emp\u00eachement de Mme Sandrine POLYCHRONOPOULOS, directrice  \nd\u00e9partementale de l'emploi, du travail et des solidarit\u00e9s du Var, la d\u00e9l\u00e9gation de signature qui \nlui est accord\u00e9e par les articles 1 et 2 du pr\u00e9sent arr\u00eat est exerc\u00e9e par Mme Nelcie FERRERE et \nMme Pascale ROBERDEAU-BEAUGE, directrices d\u00e9partementales adjointes de l'emploi, du  \ntravail et des solidarit\u00e9s.\nArticle 4\nL'arr\u00eat\u00e9 pr\u00e9fectoral n\u00b02024/38/MCI du 30 septembre 2024 portant d\u00e9l\u00e9gation de signature \u00e0  \nMme  Nelcie  FERRERE,  directrice  d\u00e9partementale  adjointe  de  l'emploi,  du  travail  et  des \nsolidarit\u00e9s du Var pour assurer l'int\u00e9rim du directeur d\u00e9partemental est abrog\u00e9 \u00e0 compter du \n17 f\u00e9vrier 2025.\nArticle 5\nLe secr\u00e9taire g\u00e9n\u00e9ral de la pr\u00e9fecture du Var et la directrice d\u00e9partementale de l'emploi, du \ntravail et des solidarit\u00e9s du Var, sont charg\u00e9s, chacun en ce qui les concerne, de l'ex\u00e9cution \ndu pr\u00e9sent arr\u00eat\u00e9 qui sera publi\u00e9 au recueil des actes administratifs de la pr\u00e9fecture du Var.\nFait \u00e0 Toulon, le 3 f\u00e9vrier 2025\nLe Pr\u00e9fet du Var\nSign\u00e9\n            Philippe MAH\u00c9\n3\nPr\u00e9fecture du VAR - 83-2025-02-03-00006 - ARR\u00caT\u00c9 PR\u00c9FECTORAL n\u00b02025/02/MCI du 3 f\u00e9vrier 2025 portant d\u00e9l\u00e9gation de signature \u00e0\nMme Sandrine POLYCHRONOPOULOS\ndirectrice d\u00e9partementale de l'emploi, du travail et des solidarit\u00e9s du Var\n31\nPr\u00e9fecture du VAR\n83-2025-02-03-00007\nARR\u00caT\u00c9 PR\u00c9FECTORAL portant interdiction\ntemporaire d'exploitation et d'\u00e9volution\nd'a\u00e9ronefs circulant sans \u00e9quipage \u00e0 bord\n(drones), au-dessus de tout le territoire de la\ncommune de Saint-Maximin-la-Sainte-Baume, le\nsamedi 08 f\u00e9vrier 2025 de 7h00 \u00e0 12h00 (heures\nlocales)\nPr\u00e9fecture du VAR - 83-2025-02-03-00007 - ARR\u00caT\u00c9 PR\u00c9FECTORAL portant interdiction temporaire d'exploitation et d'\u00e9volution\nd'a\u00e9ronefs circulant sans \u00e9quipage \u00e0 bord (drones), au-dessus de tout le territoire de la commune de Saint-Maximin-la-Sainte-Baume,\nle samedi 08 f\u00e9vrier 2025 de 7h00 \u00e0 12h00 (heures locales)\n32\nPREFETDU VARLibert\u00e9Egalit\u00e9Fraternit\u00e9\nPr\u00e9fecture\nCabinet \u2013 Direction des S\u00e9curit\u00e9s\nBureau des Polices Administratives de S\u00e9curit\u00e9\nARR\u00caT\u00c9 PR\u00c9FECTORAL \nportant interdiction temporaire d'exploitation et d'\u00e9volution d'a\u00e9ronefs \ncirculant sans \u00e9quipage \u00e0 bord (drones), au-dessus de tout le territoire de la commune de \nSaint-Maximin-la-Sainte-Baume, le samedi 08 f\u00e9vrier 2025 de 7h00 \u00e0 12h00 (heures locales)\nLe Pr\u00e9fet du Var, \nVu le r\u00e8glement d\u00e9l\u00e9gu\u00e9 (UE) 2019/945 de la Commission du 12 mars 2019 relatif aux syst\u00e8mes  \nd'a\u00e9ronefs sans \u00e9quipage \u00e0 bord et aux exploitants, issus de pays tiers, de syst\u00e8mes d'a\u00e9ronefs  \nsans \u00e9quipage \u00e0 bord ; \nVu le r\u00e8glement d'ex\u00e9cution (UE) 2019/947 de la Commission du 24 mai 2019 concernant les r\u00e8gles \net proc\u00e9dures applicables \u00e0 l'exploitation d'a\u00e9ronefs sans \u00e9quipage \u00e0 bord ; \nVu le code des transports, notamment les articles L.6232-12 et L.6232-13 ;\nVu le code p\u00e9nal, notamment les articles 223-1 et R.610-5 ;\nVu le code de l'aviation civile ;\nVu le d\u00e9cret du Pr\u00e9sident de la R\u00e9publique du 13 juillet 2023 portant nomination de M. Philippe  \nMAHE, pr\u00e9fet du Var ;\nVu le d\u00e9cret du Pr\u00e9sident de la R\u00e9publique du 3 avril 2024 portant nomination de Mme Jos\u00e9phine  \nGUIGLIANO-BOUTONNET, sous pr\u00e9f\u00e8te, directrice de cabinet du pr\u00e9fet du Var ;\nVu l'arr\u00eat\u00e9 du 3 d\u00e9cembre 2020 relatif \u00e0 la d\u00e9finition des sc\u00e9narios standard nationaux et fixant  \nles conditions applicables aux missions d'a\u00e9ronefs civils sans \u00e9quipage \u00e0 bord exclues du champ  \nd'application du r\u00e8glement (UE) 2018/1139 ; \nVu  l'arr\u00eat\u00e9 du 3 d\u00e9cembre 2020 relatif \u00e0 l'utilisation de l'espace a\u00e9rien par les a\u00e9ronefs sans  \n\u00e9quipage \u00e0 bord ;\nVu  l'arr\u00eat\u00e9 pr\u00e9fectoral n\u00b0 2024/41/MCI du 29 octobre 2024 portant d\u00e9l\u00e9gation de signature \u00e0  \nMme Jos\u00e9phine GUIGLIANO-BOUTONNET, directrice de cabinet du pr\u00e9fet du Var , et publi\u00e9 au  \nrecueil des actes administratifs ;\nVu l'arr\u00eat\u00e9 pr\u00e9fectoral n\u00b02025-BSP-OP-03 du 15 janvier 2025 portant autorisation des services de  \ngendarmerie nationale \u00e0 utiliser un dispositif de brouillage destin\u00e9 \u00e0 rendre inop\u00e9rant un a\u00e9ronef  \ncirculant sans personne \u00e0 bord \u00e0 l'occasion d'une c\u00e9r\u00e9monie religieuse \u00e0 Saint-Maximin-la-Sainte-\nBaume ;\nVu la demande formul\u00e9e par le groupement de gendarmerie d\u00e9partementale du Var qui sollicite  \nune interdiction de survol, le samedi 08 f\u00e9vrier 2025, au-dessus de la commune de Saint-Maximin-\nla-Sainte-Baume, lors d'une c\u00e9r\u00e9monie religieuse d'obs\u00e8ques sur la voie publique ;\nConsid\u00e9rant que le point 1 de l'article 6 de l'arr\u00eat\u00e9 du 3 d\u00e9cembre 2020 relatif \u00e0 l'utilisation de  \nl'espace a\u00e9rien par les a\u00e9ronefs sans \u00e9quipage \u00e0 bord pr\u00e9voit notamment que \u00ab  Les vols effectu\u00e9s \nen  zone  peupl\u00e9e  sont  soumis  \u00e0  une  d\u00e9claration  pr\u00e9alable  aupr\u00e8s  du  pr\u00e9fet  territorialement \ncomp\u00e9tent pouvant donner lieu \u00e0 une interdiction ou une restriction de vol\u2026. \u00bb ;\nBd du 112\u00e8me R\u00e9giment d'Infanterie\nCS 31 209 - 83070 TOULON CEDEX\nT\u00e9l : 04 94 18 82 62, le mardi et le jeudi de 9h00 \u00e0 12h00\nM\u00e8l : pref-aeronautique@var.gouv.fr \n1/2\nPr\u00e9fecture du VAR - 83-2025-02-03-00007 - ARR\u00caT\u00c9 PR\u00c9FECTORAL portant interdiction temporaire d'exploitation et d'\u00e9volution\nd'a\u00e9ronefs circulant sans \u00e9quipage \u00e0 bord (drones), au-dessus de tout le territoire de la commune de Saint-Maximin-la-Sainte-Baume,\nle samedi 08 f\u00e9vrier 2025 de 7h00 \u00e0 12h00 (heures locales)\n33\nConsid\u00e9rant  que la c\u00e9r\u00e9monie religieuse, qui se d\u00e9roulera sur la commune de  Saint-Maximin-la-\nSainte-Baume le 08 f\u00e9vrier 2025, est susceptible d'accueillir un large public et d'engendrer des  \nrisques pour les biens et les personnes ; \nConsid\u00e9rant qu'il convient, pour des motifs d'ordre et de s\u00e9curit\u00e9 publics, d'interdire le survol de  \nla commune de Saint-Maximin-la-Sainte-Baume \u00e0 l'occasion cet \u00e9v\u00e8nement ; \nSur proposition de la sous-pr\u00e9f\u00e8te, directrice de cabinet ;\nARRETE\nArticle 1 : \nL'exploitation  et  l'\u00e9volution  de  tout  vol  au  moyen  d'a\u00e9ronef  circulant  sans  \u00e9quipage  \u00e0  bord \n(drones) est interdit le samedi 08 f\u00e9vrier 2025 de 7h00 \u00e0 12h00 (heures locales) au-dessus de tout \nle territoire de la commune de Saint-Maximin-la-Sainte-Baume.\nArticle 2     :  \nL'article  1  du  pr\u00e9sent  arr\u00eat\u00e9  ne  s'applique  pas  aux  a\u00e9ronefs  circulant  sans  \u00e9quipage  \u00e0  bord \n(drones) autoris\u00e9s et mis en \u0153uvre pour assurer la s\u00e9curit\u00e9 de cet \u00e9v\u00e8nement ainsi qu'\u00e0 ceux  \nutilis\u00e9s, dans le cadre de missions de recherche et de sauvetage, de lutte contre l'incendie, de  \ndouane, de police ou de s\u00e9curit\u00e9 civile ou activit\u00e9s analogues sous le contr\u00f4le et la responsabilit\u00e9  \nde l'\u00c9tat, lorsque les circonstances de la mission le justifient.\nArticle 3     :  \nLes infractions au pr\u00e9sent arr\u00eat\u00e9 exposent les auteurs aux peines et sanctions pr\u00e9vues par les  \ndispositions du code des transports et du code p\u00e9nal.\nArticle 4     :  \nLa sous-pr\u00e9f\u00e8te, directrice de cabinet du pr\u00e9fet du Var, le colonel, commandant le groupement de \ngendarmerie  d\u00e9partementale  du  Var,  la  cheffe  d'escadron,  commandant  la  compagnie  de  \ngendarmerie des transports a\u00e9riens de Nice et le maire de  Saint-Maximin-la-Sainte-Baume sont  \ncharg\u00e9s, chacun en ce qui le concerne, de l'ex\u00e9cution du pr\u00e9sent arr\u00eat\u00e9 dont copie est adress\u00e9e  \nau d\u00e9l\u00e9gu\u00e9 C\u00f4te d'Azur \u2013 direction de la s\u00e9curit\u00e9 de l'aviation civile Sud-Est et au chef de corps de \nla base \u00e9cole - 2e r\u00e9giment d'h\u00e9licopt\u00e8res de combat du Cannet-des-Maures.\nCet arr\u00eat\u00e9 fera l'objet d'une publication aux recueils des actes administratifs de la pr\u00e9fecture du  \nVar.\nToulon, le 03/02/2025\nPour le pr\u00e9fet et par d\u00e9l\u00e9gation,\nLa Directrice de Cabinet\nSign\u00e9\nJos\u00e9phine GUIGLIANO-BOUTONNET\nDans un d\u00e9lai de deux mois \u00e0 compter de la date de la notification ou de la publication du pr\u00e9sent arr\u00eat\u00e9 au recueil des actes administratifs de la pr\u00e9fecture, les recours suivants \npeuvent \u00eatre introduits conform\u00e9ment aux dispositions des articles R. 421-1 et suivants du code de justice administrative :\n- un recours gracieux, adress\u00e9 \u00e0 :\nM. le Pr\u00e9fet du Var \u2013 Boulevard du 112\u00e8me r\u00e9giment d'infanterie - CS 31209 - 83070 TOULON CEDEX\n- un recours hi\u00e9rarchique, adress\u00e9 au(x) ministre(s) concern\u00e9(s) ;\nDans ces deux cas, le silence de l'Administration vaut rejet implicite au terme d'un d\u00e9lai de deux mois.\nApr\u00e8s un recours gracieux ou hi\u00e9rarchique, le d\u00e9lai du recours contentieux ne court qu'\u00e0 compter du rejet explicite ou implicite de l'un de ces recours.\n- un recours contentieux d\u00e9pos\u00e9 devant le Tribunal Administratif , 5 rue Racine, CS 40510, 83 041 TOULON Cedex 09 ou par l'application informatique \u00ab  T\u00e9l\u00e9recours citoyens \u00bb \naccessible par le site internet www.telerecours.fr\nBd du 112\u00e8me R\u00e9giment d'Infanterie\nCS 31 209 - 83070 TOULON CEDEX\nT\u00e9l : 04 94 18 82 62, le mardi et le jeudi de 9h00 \u00e0 12h00\nM\u00e8l : pref-aeronautique@var.gouv.fr \n2/2\nPr\u00e9fecture du VAR - 83-2025-02-03-00007 - ARR\u00caT\u00c9 PR\u00c9FECTORAL portant interdiction temporaire d'exploitation et d'\u00e9volution\nd'a\u00e9ronefs circulant sans \u00e9quipage \u00e0 bord (drones), au-dessus de tout le territoire de la commune de Saint-Maximin-la-Sainte-Baume,\nle samedi 08 f\u00e9vrier 2025 de 7h00 \u00e0 12h00 (heures locales)\n34\nPr\u00e9fecture du VAR\n83-2025-02-04-00001\nARR\u00caT\u00c9 PR\u00c9FECTORAL n\u00b0 2025/BSP/PP/002\ninstaurant un p\u00e9rim\u00e8tre de protection \u00e0 Toulon\naux abords\net sur le parvis du Stade F\u00e9lix Mayol\nPr\u00e9fecture du VAR - 83-2025-02-04-00001 - ARR\u00caT\u00c9 PR\u00c9FECTORAL n\u00b0 2025/BSP/PP/002\ninstaurant un p\u00e9rim\u00e8tre de protection \u00e0 Toulon aux abords\net sur le parvis du Stade F\u00e9lix Mayol\n35\n=mPREFETDU VARLibert\u00e9Egalit\u00e9Fraternit\u00e9\nCabinet du Pr\u00e9fet\nDirection des s\u00e9curit\u00e9s\nBureau de la s\u00e9curit\u00e9 publique\nARR\u00caT\u00c9 PR\u00c9FECTORAL n\u00b0 2025/BSP/PP/002\ninstaurant un p\u00e9rim\u00e8tre de protection \u00e0 Toulon aux abords\net sur le parvis du Stade F\u00e9lix Mayol\nLe Pr\u00e9fet du Var,\nVu le code de la s\u00e9curit\u00e9 int\u00e9rieure, notamment ses articles L.226-1, L.511-1 et L.611 ;\nVu le code de proc\u00e9dure p\u00e9nale, notamment ses articles 16, 20 et 21 ;\nVu le  d\u00e9cret  n\u00b0  2004-374  du  29  avril  2004  modifi\u00e9,  relatif  aux  pouvoirs  des  pr\u00e9fets,  \u00e0  \nl'organisation et \u00e0 l'action des services de l'\u00c9tat dans les r\u00e9gions et d\u00e9partements ;\nVu le d\u00e9cret du 13 juillet 2023 portant nomination de Monsieur Philippe MAHE, pr\u00e9fet du Var ;\nVu l'arr\u00eat\u00e9 n\u00b0 2024/41/MCI du 29 octobre 2024 portant d\u00e9l\u00e9gation de signature \u00e0 Madame  \nJos\u00e9phine GUIGLIANO-BOUTONNET, directrice de cabinet du pr\u00e9fet du Var ;\nVu la rencontre sportive de rugby organis\u00e9e au Stade F\u00e9lix Mayol de Toulon, par le Rugby Club \nToulonnais (RCT) le 22 f\u00e9vrier 2025 ;\nConsid\u00e9rant qu'en application de l'article L.226-1 du code de la s\u00e9curit\u00e9 int\u00e9rieure, \u00ab  afin \nd'assurer la s\u00e9curit\u00e9 d'un lieu ou d'un \u00e9v\u00e9nement expos\u00e9 \u00e0 un risque d'actes de terrorisme \u00e0  \nraison de la nature et de l'ampleur de sa fr\u00e9quentation, le repr\u00e9sentant de l'\u00c9tat dans le  \nd\u00e9partement est autoris\u00e9 \u00e0 instituer un p\u00e9rim\u00e8tre de protection au sein duquel l'acc\u00e8s et la  \ncirculation des personnes sont r\u00e9glement\u00e9s \u00bb ;\nConsid\u00e9rant la pr\u00e9gnance de la menace terroriste sur le territoire national et la n\u00e9cessit\u00e9 de  \nmettre en \u0153uvre les postures Vigipirate d\u00e9cid\u00e9es par le gouvernement ;\nConsid\u00e9rant que le Var est un d\u00e9partement touristique \u00e0 forte fr\u00e9quentation et conna\u00eet un  \nafflux important de population tout au long de l'ann\u00e9e ;\nConsid\u00e9rant l'implantation particuli\u00e8re du stade F\u00e9lix Mayol, situ\u00e9 au c\u0153ur du centre-ville de  \nToulon, jouxtant plusieurs \u00e9tablissements recevant du public, limitrophe du premier port  \nmilitaire fran\u00e7ais ;\nConsid\u00e9rant que les abords et le parvis du stade sont compos\u00e9s en grande partie de trottoirs  \npublics et de voies de circulation routi\u00e8re ;\n1/5\nPr\u00e9fecture du VAR - 83-2025-02-04-00001 - ARR\u00caT\u00c9 PR\u00c9FECTORAL n\u00b0 2025/BSP/PP/002\ninstaurant un p\u00e9rim\u00e8tre de protection \u00e0 Toulon aux abords\net sur le parvis du Stade F\u00e9lix Mayol\n36\nConsid\u00e9rant que les rencontres sportives peuvent g\u00e9n\u00e9rer des circonstances particuli\u00e8res de  \nnature \u00e0 faire peser des menaces graves pour la s\u00e9curit\u00e9 publique et exposer les populations \u00e0 \nun risque d'acte de terrorisme que ce soit \u00e0 l'int\u00e9rieur ou \u00e0 l'ext\u00e9rieur du stade et  qu'il \nconvient, de fait, de prendre des mesures renforc\u00e9es de surveillance et de s\u00e9curit\u00e9 ;\nConsid\u00e9rant que lors des matchs, il y a lieu d'instaurer un p\u00e9rim\u00e8tre de protection aux abords  \ndu stade F\u00e9lix Mayol aux fins de pr\u00e9vention d'un acte de terrorisme  ; que compte tenu de la  \ntopographie des lieux, ce p\u00e9rim\u00e8tre doit englober la zone mat\u00e9rialis\u00e9e dans le plan pr\u00e9sent en \nannexe  1 ;  que  ce  p\u00e9rim\u00e8tre  doit  \u00eatre  instaur\u00e9  pour  les  jours  de  match  en  raison  des  \nimportants flux et rassemblements de personnes aux abords du stade ;\nSur proposition de la sous-pr\u00e9f\u00e8te, directrice de cabinet du pr\u00e9fet du Var :\nARR\u00caTE     :\nArticle 1  er     :   En vue du match pr\u00e9vu le 22 f\u00e9vrier 2025, il est instaur\u00e9 aux abords du stade Mayol \nun p\u00e9rim\u00e8tre de protection le 22 f\u00e9vrier 2025 de 13h30 \u00e0 20h30.\nArticle 2     :   ce p\u00e9rim\u00e8tre est d\u00e9limit\u00e9 selon le plan joint en annexe 1. Il sera mat\u00e9rialis\u00e9 sur site  \npar des barri\u00e8res physiques et sera rendu impossible \u00e0 la circulation des v\u00e9hicules \u00e0 l'aide de  \ndispositifs pare-b\u00e9liers.\nArticle 3     :   le p\u00e9rim\u00e8tre de protection sera arm\u00e9 et d\u00e9sarm\u00e9 sur ordre de l'officier de police  \njudiciaire, responsable du dispositif police nationale, en accord avec l'autorit\u00e9 municipale et  \nle poste de commandement op\u00e9rationnel du stade Mayol. Pendant les p\u00e9riodes d'armement,  \nl'acc\u00e8s et la circulation des personnes et des v\u00e9hicules y sont r\u00e9glement\u00e9s.\nArticle 4     :   trois points d'acc\u00e8s \u00e0 ce p\u00e9rim\u00e8tre de protection sont pr\u00e9vus et mat\u00e9rialis\u00e9s sur le  \nplan joint en annexe 1.\nArticle 5     :   les op\u00e9rations de v\u00e9rification sur les personnes et les v\u00e9hicules, d\u00e9taill\u00e9es ci-apr\u00e8s,  \nsont  plac\u00e9es  sous  la  responsabilit\u00e9  d'un  officier  de  policier  judiciaire,  territorialement  \ncomp\u00e9tent, tel que ceux mentionn\u00e9s aux 2\u00b0 \u00e0 4\u00b0 de l'article 16 du code de proc\u00e9dure p\u00e9nale.\nArticle 6     :   celles effectu\u00e9es sur les personnes et d\u00e9taill\u00e9es ci-apr\u00e8s, peuvent \u00eatre r\u00e9alis\u00e9es par  \ndes officiers de police judiciaire mentionn\u00e9s aux 2\u00b0 \u00e0 4\u00b0 de l'article 16 du code de proc\u00e9dure  \np\u00e9nale, et, sous la responsabilit\u00e9 de ceux-ci, par des agents de police judiciaire mentionn\u00e9s \u00e0  \nl'article 20 du m\u00eame code, par des agents de police judiciaire adjoints mentionn\u00e9s aux 1\u00b0, 1\u00b0  \nbis, 1\u00b0 ter de l'article 21 du m\u00eame code, par des agents de police municipale mentionn\u00e9s \u00e0  \nl'article L.511-1 du code de la s\u00e9curit\u00e9 int\u00e9rieure, ou par des agents de s\u00e9curit\u00e9 priv\u00e9e exer\u00e7ant \nl'activit\u00e9 mentionn\u00e9e au 1\u00b0 de l'article L.611 du m\u00eame code.\nArticle 7     :   celles effectu\u00e9es sur les v\u00e9hicules et d\u00e9taill\u00e9es ci-apr\u00e8s, ne peuvent \u00eatre accomplies \nque par des officiers de police judiciaire mentionn\u00e9s aux 2\u00b0 \u00e0 4\u00b0 de l'article 16 du code de  \nproc\u00e9dure p\u00e9nale, et, sous la responsabilit\u00e9 de ceux-ci, par des agents de police judiciaire  \nmentionn\u00e9s  \u00e0  l'article  20  du  m\u00eame  code,  par  des  agents  de  police  judiciaire  adjoints  \nmentionn\u00e9s aux 1\u00b0, 1\u00b0 bis, 1\u00b0 ter de l'article 21 du m\u00eame code.\n2/5\nPr\u00e9fecture du VAR - 83-2025-02-04-00001 - ARR\u00caT\u00c9 PR\u00c9FECTORAL n\u00b0 2025/BSP/PP/002\ninstaurant un p\u00e9rim\u00e8tre de protection \u00e0 Toulon aux abords\net sur le parvis du Stade F\u00e9lix Mayol\n37\nArticle  8     :   pr\u00e9alablement  \u00e0  l'armement  du  p\u00e9rim\u00e8tre  de  protection  indiqu\u00e9  \u00e0  l'article  3,  \nl'int\u00e9rieur de l'enceinte cr\u00e9\u00e9e sera v\u00e9rifi\u00e9 selon les modalit\u00e9s d\u00e9taill\u00e9es ci-apr\u00e8s.\nArticle 9     :   pour toute personne, l'acc\u00e8s au p\u00e9rim\u00e8tre de protection et la pr\u00e9sence \u00e0 l'int\u00e9rieur  \nde celui-ci sont conditionn\u00e9s aux mesures de contr\u00f4le pr\u00e9alable suivantes  : palpations de  \ns\u00e9curit\u00e9, inspections visuelles, fouilles de sacs et de bagages.\nLa palpation de s\u00e9curit\u00e9 est effectu\u00e9e par une personne de m\u00eame sexe que celle qui en fait  \nl'objet.\nArticle 10     :   \u00e0 l'int\u00e9rieur du p\u00e9rim\u00e8tre de protection,  la circulation et le stationnement de  \nv\u00e9hicules sont interdits \u00e0 l'exception des v\u00e9hicules des forces de l'ordre et de secours dans le  \ncadre des interventions urgentes. Apr\u00e8s identification, ces v\u00e9hicules sont autoris\u00e9s \u00e0 acc\u00e9der,  \n\u00e0  circuler  et  \u00e0  stationner  dans  le  p\u00e9rim\u00e8tre  sur  ordre  de  l'officier  de  police  nationale  \nresponsable du dispositif, en concertation avec le poste de commandement op\u00e9rationnel du  \nstade Mayol.\nArticle  11     :   t outes  les  mesures  de  v\u00e9rification,  d\u00e9taill\u00e9es  ci-dessus,  sont  subordonn\u00e9es  au \nconsentement  des  personnes.  En  cas  de  refus  de  s'y  soumettre,  les  personnes  et/ou  les \nv\u00e9hicules ne sont pas admis \u00e0 y p\u00e9n\u00e9trer. Le cas \u00e9ch\u00e9ant, ils sont reconduits \u00e0 l'ext\u00e9rieur du  \np\u00e9rim\u00e8tre.\nCes op\u00e9rations sont effectu\u00e9es uniquement par un officier de police judiciaire mentionn\u00e9 aux \n2\u00b0 \u00e0 4\u00b0 de l'article 16 du code de proc\u00e9dure p\u00e9nale, ou sous la responsabilit\u00e9 de celui-ci, par un \nagent de police judiciaire mentionn\u00e9 \u00e0 l'article 20 ou par un agent de police judiciaire adjoint  \nmentionn\u00e9 aux 1\u00b0, 1\u00b0 bis, 1\u00b0 ter de l'article 21 du m\u00eame code.\nArticle 12     :   lors de toutes les op\u00e9rations d\u00e9crites ci-dessus, il sera v\u00e9rifi\u00e9 l'absence d'objets  \ninterdits, conform\u00e9ment \u00e0 la liste jointe en annexe 2.\nLa pr\u00e9sente disposition ne s'applique pas aux secours et aux forces de l'ordre employ\u00e9s sur le  \np\u00e9rim\u00e8tre pour leurs missions respectives.\nLes fonctionnaires de la police nationale et les militaires de la gendarmerie nationale qui  \nsouhaitent acc\u00e9der au p\u00e9rim\u00e8tre de protection, en dehors de leurs heures de service et avec  \nleurs armes de service conform\u00e9ment aux r\u00e8gles en vigueur, devront \u00eatre contr\u00f4l\u00e9s par un  \nofficier de police judiciaire mentionn\u00e9 aux 2\u00b0 \u00e0 4\u00b0 de l'article 16 du code de proc\u00e9dure p\u00e9nale, \nou  sous  la  responsabilit\u00e9  de  celui-ci,  par  un  agent  de  police  judiciaire  mentionn\u00e9  \u00e0  \nl'article 20 ou par un agent de police judiciaire adjoint mentionn\u00e9 aux 1\u00b0, 1\u00b0 bis, 1\u00b0 ter de  \nl'article 21 du m\u00eame code. L'acc\u00e8s \u00e0 l'enceinte sera possible uniquement apr\u00e8s identification  \nconforme et \u00e0 la condition que le port de l'arme ne soit pas apparent.\nArticle 13     :   des commerces et d\u00e9bits de boissons peuvent avoir une activit\u00e9 \u00e0 l'int\u00e9rieur du  \np\u00e9rim\u00e8tre  de  protection  institu\u00e9,  sous  r\u00e9serve  qu'ils  d\u00e9tiennent  les  autorisations  \nadministratives n\u00e9cessaires et qu'ils respectent les r\u00e8gles relatives aux objets interdits vis\u00e9es \u00e0  \nl'article 12.\n3/5\nPr\u00e9fecture du VAR - 83-2025-02-04-00001 - ARR\u00caT\u00c9 PR\u00c9FECTORAL n\u00b0 2025/BSP/PP/002\ninstaurant un p\u00e9rim\u00e8tre de protection \u00e0 Toulon aux abords\net sur le parvis du Stade F\u00e9lix Mayol\n38\nArticle 14     :   la directrice de cabinet et le directeur interd\u00e9partemental de la police nationale  \ndu Var sont charg\u00e9s, chacun en ce qui le concerne, de l'ex\u00e9cution du pr\u00e9sent arr\u00eat\u00e9 qui sera  \npubli\u00e9 au recueil des actes administratifs de la pr\u00e9fecture du Var.\nUn exemplaire sera transmis, au procureur de la R\u00e9publique pr\u00e8s le tribunal de justice de  \nToulon,  \u00e0  la  maire  de  la  ville  de  Toulon  et  au  directeur  interd\u00e9partemental  de  la  police \nnationale  du  Var.  Il sera,  par  ailleurs,  notifi\u00e9  au  Rugby  Club  Toulonnais,  organisateur  de  \nl'\u00e9v\u00e8nement.\nFait \u00e0 Toulon, 04 f\u00e9vrier 2025\nPour le Pr\u00e9fet et par d\u00e9l\u00e9gation,\nLa Directrice de cabinet\nSign\u00e9\nJos\u00e9phine GUIGLIANO-BOUTONNET\nDans un d\u00e9lai de deux mois \u00e0 compter de la date de la notification ou de la publication du pr\u00e9sent arr\u00eat\u00e9 au recueil des actes administratifs de la pr\u00e9fecture, \n4/5\nPr\u00e9fecture du VAR - 83-2025-02-04-00001 - ARR\u00caT\u00c9 PR\u00c9FECTORAL n\u00b0 2025/BSP/PP/002\ninstaurant un p\u00e9rim\u00e8tre de protection \u00e0 Toulon aux abords\net sur le parvis du Stade F\u00e9lix Mayol\n39\nles recours suivants peuvent \u00eatre introduits conform\u00e9ment aux dispositions des articles R. 421-1 et suivants du code de justice administrative :\n- un recours gracieux, adress\u00e9 \u00e0 :\n M. le Pr\u00e9fet du Var \u2013 Boulevard du 112\u00e8me r\u00e9giment d'infanterie - CS 31209 - 83070 TOULON CEDEX\n- un recours hi\u00e9rarchique, adress\u00e9 au(x) ministre(s) concern\u00e9(s) ;\nDans ces deux cas, le silence de l'Administration vaut rejet implicite au terme d'un d\u00e9lai de deux mois.\nApr\u00e8s un recours gracieux ou hi\u00e9rarchique, le d\u00e9lai du recours contentieux ne court qu'\u00e0 compter du rejet explicite ou implicite de l'un de ces recours.\n- un recours contentieux, en saisissant le Tribunal Administratif de Toulon  : 5 rue Racine -BP 40510 - 83  041 TOULON CEDEX 9. Le tribunal  \nadministratif peut \u00e9galement \u00eatre saisi par l'application informatique \"T\u00e9l\u00e9recours citoyens\", accessible par le site internet www.telerecours.fr.\n5/5\nPr\u00e9fecture du VAR - 83-2025-02-04-00001 - ARR\u00caT\u00c9 PR\u00c9FECTORAL n\u00b0 2025/BSP/PP/002\ninstaurant un p\u00e9rim\u00e8tre de protection \u00e0 Toulon aux abords\net sur le parvis du Stade F\u00e9lix Mayol\n40\nFAN ZONE\nMBS Dispositif S\u00e9curit\u00e9 / S\u00fbret\u00e9 Ker FAN ZONE i> |\nEntr\u00e9e Fan ZoneLafontan Stade Mayol\n2x ..\u00a3 \u00bbns  ..\nEntr\u00e9e Fan Zone% Viragexf \u00e0\nFan Zone\nEntr\u00e9e Fan ZoneLEGENDE BonnusBameres wen9 COP Fan zoneoe Bouclier& Plot[4]Fan zone \"Palpation\"\na\nANNEXE 1\nMatch RCT 2023 - 2024\nPr\u00e9fecture du VAR - 83-2025-02-04-00001 - ARR\u00caT\u00c9 PR\u00c9FECTORAL n\u00b0 2025/BSP/PP/002\ninstaurant un p\u00e9rim\u00e8tre de protection \u00e0 Toulon aux abords\net sur le parvis du Stade F\u00e9lix Mayol\n41\nObjets interditsProhibited items\nAE p\u00e9bard M\u00e9gaphone Drone Perche dselFies Bouteille, canette Vuvuzelo, laser Animalet autres articles et tout autre (sauf chienpurotechniques QUE L plus quide)eb0C\nObjets soumis \u00e0 autorisationItems subject to prior authorisation\nmie th ealHampe de Banderole, Tambour Parapluie Bouteille et Appareil photo Valises, bagage Casque ebdrapeauxeC drapeou, voile et autre contenant eC SOc sup\u00e9rieurs encombrantele \" maillot g\u00e9ant de moins de 50 cl \u00f9 45x36x20 cmanderole\n\u00a2 Tout objet pouvant servir d'arme par destination(couteau, outils...) : ces objets ne peuvent pas donnerlieu \u00e0 un d\u00e9p\u00f4t en consigne.\u00a2 L'acc\u00e8s au stade est interdit \u00e0 toute personne en\u00e9tat d'\u00e9bri\u00e9t\u00e9 ou sous l'emprise de stup\u00e9fiant.\n\u00a2 Les banderoles, drapeaux ou panneaux contenant unmessage \u00e0 caract\u00e8re raciste, x\u00e9nophobe, politique,philosophique sont interdits (contr\u00f4le visuel obligatoire).\u00a2 Si un propri\u00e9taire d'objet non autoris\u00e9 refuse de s'ens\u00e9parer, l'acc\u00e8s au stade lui sera interdit.\nANNEXE 2\nPr\u00e9fecture du VAR - 83-2025-02-04-00001 - ARR\u00caT\u00c9 PR\u00c9FECTORAL n\u00b0 2025/BSP/PP/002\ninstaurant un p\u00e9rim\u00e8tre de protection \u00e0 Toulon aux abords\net sur le parvis du Stade F\u00e9lix Mayol\n42","date":"2025-02-04","first_seen_on":"2025-02-04T17:33:28+00:00","id":"3b22f7bff236d5be72dbe5f0e0b2f9bd093e4235671337f4e0e564c40189187a","name":"RAA N\u00b033 du 4 f\u00e9vrier 2025","pdf_creation_date":"2025-02-04T16:13:06+00:00","pdf_modification_date":null,"timezone":"CET","url":"https://www.var.gouv.fr/contenu/telechargement/39112/257141/file/RAA%20N%C2%B033%20du%204%20f%C3%A9vrier%202025.pdf"}
