{"administration":"prefidf","administration_name":"Pr\u00e9fecture de la r\u00e9gion \u00cele-de-France","content":"PREFECTURE\nREGION ILE DE\nFRANCE\nRECUEIL DES ACTES\nADMINISTRATIFS SP\u00c9CIAL\nN\u00b0IDF-010-2026-01\nPUBLI\u00c9 LE  7 JANVIER 2026\nSommaire\nCentre p\u00e9nitentiaire de Paris La Sant\u00e9 /\nIDF-2026-01-06-00001 - Arr\u00eat\u00e9 portant d\u00e9l\u00e9gation de signature  (1\npage) Page 3\n2\nCentre p\u00e9nitentiaire de Paris La Sant\u00e9\nIDF-2026-01-06-00001\nArr\u00eat\u00e9 portant d\u00e9l\u00e9gation de signature \nCentre p\u00e9nitentiaire de Paris La Sant\u00e9 - IDF-2026-01-06-00001 - Arr\u00eat\u00e9 portant d\u00e9l\u00e9gation de signature 3\nESMINIST\u00c8REDE LA JUSTICELibert\u00e9Egalit\u00e9Fraternit\u00e9\n \n \nMinist\u00e8re de la Justice \nDirection interr\u00e9gionale des services p\u00e9nitentiaires de Paris \nCentre p\u00e9nitentiaire de Paris-La Sant\u00e9 \n\u00c0 PARIS \nLe  06/01/2025 \nArr\u00eat\u00e9 portant d\u00e9l\u00e9gation de signature \nVu l'article R. 361- 3 du code p\u00e9nitentiaire ; \nVu l'arr\u00eat\u00e9 du ministre de la justice en date du 30 /07/2025 nommant Monsieur Andr\u00e9 VARIGNON \nen qualit\u00e9 de chef d'\u00e9tablissement du centre p\u00e9nite ntiaire de Paris-La Sant\u00e9. \nLe chef de l'\u00e9tablissement du centre p\u00e9nitentiaire de Paris-La Sant\u00e9 \nARR\u00caTE \nArticle \n1e': D\u00e9l\u00e9gation de signature est donn\u00e9e \u00e0 Mme Audrey BIL LARD, attach\u00e9e principale, \nresponsable du greffe au centre p\u00e9nitentiaire de Pa ris-La Sant\u00e9 \u00e0 l'effet de signer toutes d\u00e9cisions e t \ndocuments se rapportant aux attributions relatives \u00e0 l'inscription sur les listes \u00e9lectorales et au vo te \npar correspondance des personnes d\u00e9tenues et d\u00e9fini es \u00e0 l'article R. 361-3 du code p\u00e9nitentiaire. \nArticle 2: Mme Audrey BILLARD, attach\u00e9e principale, responsabl e du greffe au centre p\u00e9nitentiaire de \nParis-La Sant\u00e9, assiste en tant que de besoin le ch ef de l'\u00e9tablissement de Paris-La Sant\u00e9 dans les \nattributions pour lesquelles il a re\u00e7u d\u00e9l\u00e9gation d e signature \u00e0 l'article 1e r  de l'arr\u00eat\u00e9 du chef de \nl'\u00e9tablissement de Paris-La Sant\u00e9 lui donnant d\u00e9l\u00e9g ation de signature. \nArticle 3: Le pr\u00e9sent arr\u00eat\u00e9 est publi\u00e9 au recueil des actes a dministratifs du d\u00e9partement dans lequel \nl'\u00e9tablissement a son si\u00e8ge et affich\u00e9 au sein de l '\u00e9tablissement p\u00e9nitentiaire. \n \n \nLe chef d'\u00e9tablissement \n \nSign\u00e9 \n \nAndr\u00e9 VARIGNON \n \nCentre p\u00e9nitentiaire de Paris La Sant\u00e9 - IDF-2026-01-06-00001 - Arr\u00eat\u00e9 portant d\u00e9l\u00e9gation de signature 4","date":"2026-01-07","first_seen_on":"2026-01-07T18:12:54+00:00","id":"3b9f1e3c2bd7bc36ed5eb296de0ef5e52ceb262af86b2d59a32d0b26df51ff16","name":"recueilDS-idf-010-2026-01-recueil-des-actes-administratifs-special du 07.01.2026","pdf_creation_date":"2026-01-07T16:16:42+00:00","pdf_modification_date":null,"timezone":"Europe/Paris","url":"https://www.prefectures-regions.gouv.fr/ile-de-france/irecontenu/telechargement/134385/984632/file/recueilDS-idf-010-2026-01-recueil-des-actes-administratifs-special%20du%2007.01.2026.pdf"}
