{"administration":"pref21","administration_name":"Pr\u00e9fecture de C\u00f4te-d\u2019Or","content":"PR\u00c9FET\nDE LA C\u00d4TE-D'OR\nRECUEIL DES ACTES\nADMINISTRATIFS SP\u00c9CIAL\nN\u00b021-2026-031\nPUBLI\u00c9 LE 10 F\u00c9VRIER 2026\nSommaire\nDirection d\u00e9partementale des territoires de la C\u00f4te-d'Or / Cellule\n\u00c9ducation routi\u00e8re\n21-2026-02-06-00009 - Arr\u00eat\u00e9 N\u00b0 318 portant cr\u00e9ation de\nl'agr\u00e9ment permettant \u00e0 Monsieur Jonathan F\u00c9VRIER d'exploiter\nun \u00e9tablissement d'enseignement, \u00e0 titre on\u00e9reux, de  la conduite\ndes v\u00e9hicules \u00e0 moteur et de la s\u00e9curit\u00e9 routi\u00e8re, sous le n\u00b0 E 25\n021 0004 0\nd\u00e9nomm\u00e9 \u00ab\u00a0AUTO-\u00c9COLE LES CHILENES\nNOLAY\u00a0\u00bb\nsitu\u00e9 1, avenue Lazare Carnot 21340 NOLAY (3 pages) Page 4\nDirection d\u00e9partementale des territoires de la C\u00f4te-d'Or / Service\nPr\u00e9servation et Am\u00e9nagement de l'Espace (SPAE)\n21-2026-02-06-00008 - Arr\u00eat\u00e9 pr\u00e9fectoral DDT/SPAE/BCF n\u00b001-2026\ndu 6 f\u00e9vrier 2026 2025 portant application du r\u00e9gime forestier\nGRANCEY (2 pages) Page 8\n21-2026-02-06-00006 - Arr\u00eat\u00e9 pr\u00e9fectoral DDT/SPAE/BCF n\u00b002-2026\ndu 6 f\u00e9vrier 2026 portant application et distraction du r\u00e9gime forestier\nLAMARCHE-SUR-SAONE (2 pages) Page 11\n21-2026-02-06-00005 - Arr\u00eat\u00e9 pr\u00e9fectoral DDT/SPAE/BCF n\u00b003-2026\ndu 6 f\u00e9vrier 2026 portant application du r\u00e9gime forestier CHANCEAUX\n(2 pages) Page 14\n21-2026-02-06-00007 - Arr\u00eat\u00e9 pr\u00e9fectoral DDT/SPAE/BCF n\u00b004-2026\ndu 6 f\u00e9vrier 2026 portant application et distraction du r\u00e9gime forestier\nSAINT-BROING-LES-MOINES (2 pages) Page 17\nDREAL Bourgogne-Franche-Comt\u00e9 /\n21-2026-02-06-00011 - D\u00e9cision portant subd\u00e9l\u00e9gation de signature\naux agents de la DREAL pour les missions sous autorit\u00e9 du pr\u00e9fet de la\nC\u00f4te-d'Or (3 pages) Page 20\nPr\u00e9fecture de la C\u00f4te-d'Or /\n21-2026-02-06-00004 - Arr\u00eat\u00e9 pr\u00e9fectoral n\u00b0 313 du 06 f\u00e9vrier 2026\nabrogeant l'arr\u00eat\u00e9 pr\u00e9fectoral n\u00b0 641 du 10 mars 2016 portant\napprobation du programme d'action sur le captage du Puits de la M\u00e2le\nRaie situ\u00e9e sur la commune de Magny-l\u00e8s-Aubigny et d\u00e9finissant un\nnouveau programme d'action \u00e0 la suite de la r\u00e9vision de la zone de\nprotection de ce captage. (8 pages) Page 24\nSDIS de C\u00f4te-d'Or /\n21-2026-02-10-00001 - Liste d'aptitude 2026 de l'Unit\u00e9 Sp\u00e9cialis\u00e9e en\nCYNOTECHNIE_ Modificatif 1 (1 page) Page 33\n21-2026-02-10-00002 - Liste d'aptitude 2026 de l'Unit\u00e9 Sp\u00e9cialis\u00e9e en\nSecours en Milieu P\u00e9rilleux et Montagne_ Modificatif 1 (2 pages) Page 35\n2\nSous-pr\u00e9fecture de Beaune / P\u00f4le Collectivit\u00e9s locales\n21-2026-02-06-00003 - Arr\u00eat\u00e9 pr\u00e9fectoral n\u00b0310 du 6 f\u00e9vrier 2026\nportant modification de la composition de la commission de contr\u00f4le des\nlistes \u00e9lectorales de la commune de VIANGES (1 page) Page 38\nSous-pr\u00e9fecture de Montbard / P\u00f4le collectivit\u00e9s locales et\nd\u00e9veloppement territorial\n21-2026-01-29-00008 - AP d\u00e9signation commission contr\u00f4le listes\n\u00e9lectorales Grancey sur Ource raa (2 pages) Page 40\n21-2026-02-06-00002 - AP d\u00e9signation commission contr\u00f4le listes\n\u00e9lectorales La Roche en Brenil d\u00e9l\u00e9gu\u00e9 suppl\u00e9ant raa (2 pages) Page 43\n3\nDirection d\u00e9partementale des territoires de la\nC\u00f4te-d'Or\nCellule \u00c9ducation routi\u00e8re\n21-2026-02-06-00009\nArr\u00eat\u00e9 N\u00b0 318 portant cr\u00e9ation de l'agr\u00e9ment\npermettant \u00e0 Monsieur Jonathan F\u00c9VRIER\nd'exploiter un \u00e9tablissement d'enseignement, \u00e0\ntitre on\u00e9reux, de  la conduite des v\u00e9hicules \u00e0\nmoteur et de la s\u00e9curit\u00e9 routi\u00e8re, sous le n\u00b0 E 25\n021 0004 0\nd\u00e9nomm\u00e9 \u00ab\u00a0AUTO-\u00c9COLE LES CHILENES\nNOLAY\u00a0\u00bb\nsitu\u00e9 1, avenue Lazare Carnot 21340 NOLAY\nDirection d\u00e9partementale des territoires de la C\u00f4te-d'Or - 21-2026-02-06-00009 - Arr\u00eat\u00e9 N\u00b0 318 portant cr\u00e9ation de l'agr\u00e9ment\npermettant \u00e0 Monsieur Jonathan F\u00c9VRIER d'exploiter un \u00e9tablissement d'enseignement, \u00e0 titre on\u00e9reux, de  la conduite des v\u00e9hicules\n\u00e0 moteur et de la s\u00e9curit\u00e9 routi\u00e8re, sous le n\u00b0 E 25 021 0004 0\nd\u00e9nomm\u00e9 \u00ab\u00a0AUTO-\u00c9COLE LES CHILENES NOLAY\u00a0\u00bb\nsitu\u00e9 1, avenue Lazare Carnot 21340 NOLAY\n4\n=xPREFETDELACOTE-D'ORLibert\u00e9Egalit\u00e9Fraternit\u00e9\nDirection d\u00e9partementale des territoires\nde la C\u00f4te-d'Or\nService de la S\u00e9curit\u00e9 et de l'\u00c9ducation Routi\u00e8re\nBureau de l'\u00c9ducation Routi\u00e8re\nT\u00e9l. : 03 80 29 42 84\nM\u00e9l : ddt-ber@cote-dor.gouv.fr     \n Dijon, le 6 f\u00e9vrier 2026 \nArr\u00eat\u00e9 N\u00b0 318\nportant cr\u00e9ation de l'agr\u00e9ment permettant \u00e0 Monsieur Jonathan F\u00c9VRIER d'exploiter un\n\u00e9tablissement d'enseignement, \u00e0 titre on\u00e9reux, de  la conduite des v\u00e9hicules \u00e0 moteur et\nde la s\u00e9curit\u00e9 routi\u00e8re, \nsous le n\u00b0 E 25 021 0004 0\nd\u00e9nomm\u00e9 \u00ab AUTO-\u00c9COLE LES CHILENES NOLAY \u00bb\nsitu\u00e9 1, avenue Lazare Carnot\n21340 NOLAY\nLe pr\u00e9fet de la C\u00f4te-d'Or\nVU le code de la route, notamment ses articles L.213-1 \u00e0 R.213-9 ;\nVU l'ordonnance n\u00b0 2014-1090 du 26 septembre 2014 relative \u00e0 la mise en accessibilit\u00e9 des\n\u00e9tablissements recevant du public, des transports publics, des b\u00e2timents d'habitation et\nde la voirie pour des personnes handicap\u00e9es ;\nVU la loi n\u00b0 2015-990 du 06 ao\u00fbt 2015 pour la croissance, l'activit\u00e9 et l'\u00e9galit\u00e9 des chances\n\u00e9conomiques, et notamment son article 23 modifiant l'article L.213-1 du code de la route ;\nVU l'arr\u00eat\u00e9 du 08 janvier 2001 relatif \u00e0 l'exploitation des \u00e9tablissements d'enseignement, \u00e0\ntitre on\u00e9reux, de la conduite des v\u00e9hicules \u00e0 moteur et de la s\u00e9curit\u00e9 routi\u00e8re ;\nVU l'arr\u00eat\u00e9 du 08 janvier 2001 cr\u00e9ant un registre national de l'enseignement de la conduite\ndes v\u00e9hicules \u00e0 moteur et de la s\u00e9curit\u00e9 routi\u00e8re ;\nDirection d\u00e9partementale des territoires de la C\u00f4te-d'Or\n57 rue de Mulhouse- BP 53317 - 21033 DIJON cedex\nt\u00e9l : 03 80 29 44 44 \u2013 Courriel : ddt@cote-dor.gouv.fr\nDirection d\u00e9partementale des territoires de la C\u00f4te-d'Or - 21-2026-02-06-00009 - Arr\u00eat\u00e9 N\u00b0 318 portant cr\u00e9ation de l'agr\u00e9ment\npermettant \u00e0 Monsieur Jonathan F\u00c9VRIER d'exploiter un \u00e9tablissement d'enseignement, \u00e0 titre on\u00e9reux, de  la conduite des v\u00e9hicules\n\u00e0 moteur et de la s\u00e9curit\u00e9 routi\u00e8re, sous le n\u00b0 E 25 021 0004 0\nd\u00e9nomm\u00e9 \u00ab\u00a0AUTO-\u00c9COLE LES CHILENES NOLAY\u00a0\u00bb\nsitu\u00e9 1, avenue Lazare Carnot 21340 NOLAY\n5\n2\nVU  l'arr\u00eat\u00e9 pr\u00e9fectoral n\u00b0 507/SG du 28 mars 2025 donnant d\u00e9l\u00e9gation de signature \u00e0\nMadame Manuelle DUPUY, directrice d\u00e9partementale des territoires de C\u00f4te-d'Or ;\nVU l'arr\u00eat\u00e9 pr\u00e9fectoral du 17 avril 2025 ;\nVU l'arr\u00eat\u00e9 pr\u00e9fectoral du 29 d\u00e9cembre 2025 ;\nConsid\u00e9rant le dossier pr\u00e9sent\u00e9 par Monsieur Jonathan F\u00c9VRIER en date du 02/12/2025 en\nvue du renouvellement quinquennal de son agr\u00e9ment ;\nConsid\u00e9rant que la demande remplit les conditions r\u00e9glementaires ;\nSUR proposition de la Directrice D\u00e9partementale des Territoires de la C\u00f4te-d'Or ;\nARR\u00caTE\nArticle 1er : Monsieur Jonathan F\u00c9VRIER est autoris\u00e9 \u00e0 exploiter, sous le n\u00b0 E 25 021 0004 0\nun \u00e9tablissement d'enseignement, \u00e0 titre on\u00e9reux, de la conduite des v\u00e9hicules \u00e0 moteur\net  de  la  s\u00e9curit\u00e9  routi\u00e8re,  d\u00e9nomm\u00e9  \u00abAUTO-\u00c9COLE  LES  CHILENES  NOLAY\u00bb  situ\u00e9\n1, avenue Lazare Carnot - 21340 NOLAY.\nArticle 2  : Cet agr\u00e9ment est valable pour une dur\u00e9e de cinq ans \u00e0 compter de la date du\npr\u00e9sent  arr\u00eat\u00e9.  Sur  demande  de  l'exploitant  pr\u00e9sent\u00e9e  deux  mois  avant  la  date\nd'expiration  de  la  validit\u00e9  de  son  agr\u00e9ment,  celui-ci  sera  renouvel\u00e9  si  l'\u00e9tablissement\nremplit toutes les conditions requises.\nArticle  3 :  L'\u00e9tablissement  est  habilit\u00e9,  au  vu  des  autorisations  d'enseigner  fournies,  \u00e0\ndispenser les formations pour les cat\u00e9gories de permis suivantes : \n\u27a2 AM Cyclo\n\u27a2 A1\n\u27a2 A2\n\u27a2 A\n\u27a2 B/B1/AM-Quadri l\u00e9ger\n\u27a2 B96\n\u27a2 BE\nArticle 4 : Le pr\u00e9sent agr\u00e9ment n'est valable que pour l'exploitation d'un \u00e9tablissement, \u00e0\ntitre personnel par son titulaire, sous r\u00e9serve de l 'application des prescriptions de l'arr\u00eat\u00e9\ndu 8 janvier 2001 susvis\u00e9.\nArticle 5 : L'arr\u00eat\u00e9 pr\u00e9fectoral n\u00b0 581 du  17 avril 2025 et l'arr\u00eat\u00e9 pr\u00e9fectoral n\u00b0 16 du          \n29 d\u00e9cembre 2025  sont abrog\u00e9s.\nDirection d\u00e9partementale des territoires de la C\u00f4te-d'Or\n57 rue de Mulhouse- BP 53317 - 21033 DIJON cedex\nt\u00e9l : 03 80 29 44 44 \u2013 Courriel : ddt@cote-dor.gouv.fr\nDirection d\u00e9partementale des territoires de la C\u00f4te-d'Or - 21-2026-02-06-00009 - Arr\u00eat\u00e9 N\u00b0 318 portant cr\u00e9ation de l'agr\u00e9ment\npermettant \u00e0 Monsieur Jonathan F\u00c9VRIER d'exploiter un \u00e9tablissement d'enseignement, \u00e0 titre on\u00e9reux, de  la conduite des v\u00e9hicules\n\u00e0 moteur et de la s\u00e9curit\u00e9 routi\u00e8re, sous le n\u00b0 E 25 021 0004 0\nd\u00e9nomm\u00e9 \u00ab\u00a0AUTO-\u00c9COLE LES CHILENES NOLAY\u00a0\u00bb\nsitu\u00e9 1, avenue Lazare Carnot 21340 NOLAY\n6\n3\nArticle 6 : En cas de changement d'adresse ou de reprise du local par un autre exploitant,\nune  nouvelle  demande  d'agr\u00e9ment  devra  \u00eatre  pr\u00e9sent\u00e9e  deux  mois  avant  la  date  du\nchangement ou de la reprise.\nArticle 7 : Pour toute transformation du local d'activit\u00e9, tout abandon ou toute extension\nd'une  formation,  l'exploitant  est  tenu  d'adresser  une  demande  de  modification  du\npr\u00e9sent arr\u00eat\u00e9.\nArticle  8 : L'agr\u00e9ment peut \u00eatre \u00e0 tout moment suspendu ou retir\u00e9 selon les conditions\nfix\u00e9es par les articles 12 \u00e0 14 de l'arr\u00eat\u00e9 susvis\u00e9.\nArticle  9 : Le pr\u00e9sent agr\u00e9ment et toute d\u00e9cision affectant sa validit\u00e9 seront enregistr\u00e9s\ndans le registre national de l'enseignement de la conduite des v\u00e9hicules \u00e0 moteur et de la\ns\u00e9curit\u00e9 routi\u00e8re cr\u00e9\u00e9 par l'arr\u00eat\u00e9 du 8 janvier 2001 pr\u00e9cit\u00e9. Conform\u00e9ment \u00e0 la loi n\u00b0 78-17\ndu 6 janvier 1978 relative \u00e0 l'informatique, aux fichiers et aux libert\u00e9s, toute personne peut\nobtenir communication et, le cas \u00e9ch\u00e9ant, rectification ou suppression des informations\nla concernant, en s'adressant \u00e0 la direction d\u00e9partementale des territoires.\nArticle 10 : Si vous estimez devoir contester la pr\u00e9sente d\u00e9cision, vous pouvez former :\n\u2022 un recours gracieux aupr\u00e8s de mes services\n\u2022 un recours hi\u00e9rarchique aupr\u00e8s du ministre charg\u00e9 de la s\u00e9curit\u00e9 routi\u00e8re\n\u2022 un recours contentieux devant le tribunal administratif du lieu de votre r\u00e9sidence,\nque  vous  pouvez  saisir  au  moyen  de  l'application  informatique  t\u00e9l\u00e9recours  citoyen\naccessible par le biais du site www.telerecours.fr dans un d\u00e9lai de deux mois \u00e0 compter de\nsa notification ou de sa publication.\nLes recours administratifs doivent \u00eatre pr\u00e9sent\u00e9s dans ce m\u00eame d\u00e9lai de deux mois si vous\nsouhaitez conserver la possibilit\u00e9 de saisir ult\u00e9rieurement le juge administratif. Ces voies\nde recours n'ont pas d'effet suspensif.\nArticle  11 : La directrice  d\u00e9partementale des  territoires  est  charg\u00e9e de l'ex\u00e9cution du\npr\u00e9sent arr\u00eat\u00e9, qui sera publi\u00e9 au recueil des actes administratifs de la pr\u00e9fecture de C\u00f4te-\nd'Or, et dont copie sera adress\u00e9e \u00e0 Monsieur Jonathan F\u00c9VRIER.\nFait \u00e0 Dijon, le  6 f\u00e9vrier 2026\nLa directrice d\u00e9partementale des territoires,\nOriginal sign\u00e9\nManuelle DUPUY\nDirection d\u00e9partementale des territoires de la C\u00f4te-d'Or\n57 rue de Mulhouse- BP 53317 - 21033 DIJON cedex\nt\u00e9l : 03 80 29 44 44 \u2013 Courriel : ddt@cote-dor.gouv.fr\nDirection d\u00e9partementale des territoires de la C\u00f4te-d'Or - 21-2026-02-06-00009 - Arr\u00eat\u00e9 N\u00b0 318 portant cr\u00e9ation de l'agr\u00e9ment\npermettant \u00e0 Monsieur Jonathan F\u00c9VRIER d'exploiter un \u00e9tablissement d'enseignement, \u00e0 titre on\u00e9reux, de  la conduite des v\u00e9hicules\n\u00e0 moteur et de la s\u00e9curit\u00e9 routi\u00e8re, sous le n\u00b0 E 25 021 0004 0\nd\u00e9nomm\u00e9 \u00ab\u00a0AUTO-\u00c9COLE LES CHILENES NOLAY\u00a0\u00bb\nsitu\u00e9 1, avenue Lazare Carnot 21340 NOLAY\n7\nDirection d\u00e9partementale des territoires de la\nC\u00f4te-d'Or\nService Pr\u00e9servation et Am\u00e9nagement de\nl'Espace (SPAE)\n21-2026-02-06-00008\nArr\u00eat\u00e9 pr\u00e9fectoral DDT/SPAE/BCF n\u00b001-2026 du 6\nf\u00e9vrier 2026 2025 portant application du r\u00e9gime\nforestier GRANCEY\nDirection d\u00e9partementale des territoires de la C\u00f4te-d'Or - 21-2026-02-06-00008 - Arr\u00eat\u00e9 pr\u00e9fectoral DDT/SPAE/BCF n\u00b001-2026 du 6\nf\u00e9vrier 2026 2025 portant application du r\u00e9gime forestier GRANCEY 8\nExPREFETDE LACOTE-D'ORLibert\u00e9Egalit\u00e9Fraternit\u00e9\nDirection d\u00e9partementale des territoires de la \nC\u00f4te-d'Or\nService pr\u00e9servation et am\u00e9nagement de l'espace\nBureau chasse-for\u00eat\nArr\u00eat\u00e9 pr\u00e9fectoral DDT/SPAE/BCF n\u00b001-2026 du 6 f\u00e9vrier 2026uillet 2025\nportant application du r\u00e9gime forestier\nLe pr\u00e9fet de la C\u00f4te-d'Or\nVU les articles L.214-3, R.214-2 et R.214-8 du Code forestier ;\nVU  l'arr\u00eat\u00e9  pr\u00e9fectoral  n\u00b0  507/SG  du  28 mars  2025 donnant  d\u00e9l\u00e9gation  de  signature  \u00e0  Madame \nManuelle DUPUY, directrice d\u00e9partementale des territoires de la C\u00f4te-d'Or  ;\nVU l'arr\u00eat\u00e9 pr\u00e9fectoral n\u00b01333 du 28 ao\u00fbt 2025 portant d\u00e9l\u00e9gation de signature aux agents de la  \nDirection d\u00e9partementale des territoires de la C\u00f4te-d'Or ;\nVU la d\u00e9lib\u00e9ration en date du 28 mai 2025, rendue ex\u00e9cutoire par d\u00e9p\u00f4t en pr\u00e9fecture du  \n6 juin 2025, par laquelle le conseil municipal de la commune de Grancey-sur-Ource sollicite  \nl'application  du  r\u00e9gime  forestier  pour  des  parcelles  bois\u00e9es  situ\u00e9es  sur  son  territoire \ncommunal ;\nVU l'avis favorable de l'Office national des for\u00eats du 22 janvier 2026 ;\nSUR proposition de Madame la Directrice d\u00e9partementale des territoires de C\u00f4te-d'Or ;\nARR\u00caTE\nARTICLE  1     :  D\u00c9SIGNATION  DES  TERRAINS  CONCERNANT  L'APPLICATION  DU  R\u00c9GIME   \nFORESTIER\nL'application du r\u00e9gime forestier est prononc\u00e9e pour des terrains d'une surface totale de  \n7,5540 hectares appartenant \u00e0 la commune de Grancey-sur-Ource et ainsi cadastr\u00e9s :\nDirection d\u00e9partementale des territoires de la C\u00f4te-d'Or\n57 , rue de Mulhouse - BP 53317 - 21033 Dijon CEDEX\nT\u00e9l. : 03 80 29 44 44\nCourriel : ddt@cote-dor.gouv.fr\n1\nDirection d\u00e9partementale des territoires de la C\u00f4te-d'Or - 21-2026-02-06-00008 - Arr\u00eat\u00e9 pr\u00e9fectoral DDT/SPAE/BCF n\u00b001-2026 du 6\nf\u00e9vrier 2026 2025 portant application du r\u00e9gime forestier GRANCEY 9\nCommune de situation R\u00e9f\u00e9rence \ncadastrale\nSurface cadastrale \ntotale (ha)\nSurface concern\u00e9e\n(ha)\nGrancey-sur-Ource\nG 2 1,0390 1,0390\nG 31 0,4700 0,4700\nG 47 0,6730 0,6730\nG 88 0,6200 0,6200\nG 129 0,6550 0,6550\nH 309 1,0010 1,0010\nZM 113 0,0380 0,0380\nZM 117 3,0580 3,0580\nTotal 7 ,5540\nARTICLE 2     : DATE D'EFFET ET PUBLICATION  \nLa pr\u00e9sente d\u00e9cision sera affich\u00e9e en mairie et l'accomplissement de cette formalit\u00e9 sera  \ncertifi\u00e9e aupr\u00e8s de la Direction d\u00e9partementale des territoires par le maire de la commune  \nconcern\u00e9e.\nLe  pr\u00e9sent  arr\u00eat\u00e9  sera  par  ailleurs  ins\u00e9r\u00e9  dans  le  recueil  des  actes  administratifs  du \nd\u00e9partement.\nARTICLE 3     : NOTIFICATION DE L'ARR\u00caTE PR\u00c9FECTORAL  \nLa pr\u00e9sente d\u00e9cision sera notifi\u00e9e \u00e0 :\n\u2022 Monsieur le Maire de la commune de Grancey-sur-Ource ;\n\u2022 Monsieur le Directeur de l'Agence Bourgogne-Est de l'Office national des for\u00eats.\nARTICLE 4     : EX\u00c9CUTION DE L'ARR\u00caTE PR\u00c9FECTORAL  \nLe maire de Grancey-sur-Ource, le directeur de l'Agence Bourgogne-Est de l'Office national  \ndes  for\u00eats  et  la  directrice  d\u00e9partementale  des  territoires  sont  charg\u00e9s  de  l'ex\u00e9cution  du \npr\u00e9sent arr\u00eat\u00e9.\nPour la directrice d\u00e9partementale des territoires,\nle responsable du bureau chasse-for\u00eat,\nSIGN\u00c9\nEmeric BUSSY\nDirection d\u00e9partementale des territoires de la C\u00f4te-d'Or\n57 , rue de Mulhouse - BP 53317 - 21033 Dijon CEDEX\nT\u00e9l. : 03 80 29 44 44\nCourriel : ddt@cote-dor.gouv.fr\n2\nDirection d\u00e9partementale des territoires de la C\u00f4te-d'Or - 21-2026-02-06-00008 - Arr\u00eat\u00e9 pr\u00e9fectoral DDT/SPAE/BCF n\u00b001-2026 du 6\nf\u00e9vrier 2026 2025 portant application du r\u00e9gime forestier GRANCEY 10\nDirection d\u00e9partementale des territoires de la\nC\u00f4te-d'Or\nService Pr\u00e9servation et Am\u00e9nagement de\nl'Espace (SPAE)\n21-2026-02-06-00006\nArr\u00eat\u00e9 pr\u00e9fectoral DDT/SPAE/BCF n\u00b002-2026 du\n6 f\u00e9vrier 2026 portant application et distraction\ndu r\u00e9gime forestier LAMARCHE-SUR-SAONE\nDirection d\u00e9partementale des territoires de la C\u00f4te-d'Or - 21-2026-02-06-00006 - Arr\u00eat\u00e9 pr\u00e9fectoral DDT/SPAE/BCF n\u00b002-2026 du 6\nf\u00e9vrier 2026 portant application et distraction du r\u00e9gime forestier LAMARCHE-SUR-SAONE 11\nExPREFETDE LACOTE-D'ORLibert\u00e9Egalit\u00e9Fraternit\u00e9\nDirection d\u00e9partementale des territoires de la \nC\u00f4te-d'Or\nService pr\u00e9servation et am\u00e9nagement de l'espace\nBureau chasse-for\u00eat\nArr\u00eat\u00e9 pr\u00e9fectoral DDT/SPAE/BCF n\u00b002-2026 du 6 f\u00e9vrier 2026juillet 2025\nportant application et distraction du r\u00e9gime forestier\nLe pr\u00e9fet de la C\u00f4te-d'Or\nVU les articles L.214-3, R.214-2 et R.214-8 du Code forestier ;\nVU  l'arr\u00eat\u00e9  pr\u00e9fectoral  n\u00b0  507/SG  du  28 mars  2025 donnant  d\u00e9l\u00e9gation  de  signature  \u00e0  Madame \nManuelle DUPUY, directrice d\u00e9partementale des territoires de la C\u00f4te-d'Or  ;\nVU l'arr\u00eat\u00e9 pr\u00e9fectoral n\u00b01333 du 28 ao\u00fbt 2025 portant d\u00e9l\u00e9gation de signature aux agents de la  \nDirection d\u00e9partementale des territoires de la C\u00f4te-d'Or ;\nVU les d\u00e9lib\u00e9rations du 17 novembre et du 2 d\u00e9cembre 2025, rendues ex\u00e9cutoires par d\u00e9p\u00f4t  \nen pr\u00e9fecture du 21 novembre et du 8 d\u00e9cembre 2025, par lesquelles le conseil municipal de  \nla  commune  de  Lamarche-sur-Sa\u00f4ne  sollicite  la  distraction  d'une  parcelle  agricole  et \nl'application du r\u00e9gime forestier pour une parcelle bois\u00e9e de son territoire communal ;\nVU l'avis favorable de l'Office national des for\u00eats du 22 janvier 2026 ;\nCONSID\u00c9RANT que la parcelle objet de la distraction n'est plus bois\u00e9e (agricole) depuis au  \nmoins 6 ann\u00e9es ;\nCONSID\u00c9RANT que l'op\u00e9ration de distraction est compens\u00e9e par l'application d'une surface  \nforesti\u00e8re sup\u00e9rieure en surface ;\nSUR proposition de Madame la Directrice d\u00e9partementale des territoires de la C\u00f4te-d'Or ;\nARR\u00caTE\nARTICLE 1  er     :    D\u00c9SIGNATION D  ES   TERRAINS CONCERNANT LA DISTRACTION DU R\u00c9GIME   \nFORESTIER\nLa distraction du  r\u00e9gime forestier est prononc\u00e9e pour un terrain d'une surface totale de  \n0,5955 hectare ayant appartenu \u00e0 la commune de Lamarche-sur-Sa\u00f4ne et ainsi cadastr\u00e9 :\nDirection d\u00e9partementale des territoires de la C\u00f4te-d'Or\n57 , rue de Mulhouse - BP 53317 - 21033 Dijon CEDEX\nT\u00e9l. : 03 80 29 44 44\nCourriel : ddt@cote-dor.gouv.fr\n1\nDirection d\u00e9partementale des territoires de la C\u00f4te-d'Or - 21-2026-02-06-00006 - Arr\u00eat\u00e9 pr\u00e9fectoral DDT/SPAE/BCF n\u00b002-2026 du 6\nf\u00e9vrier 2026 portant application et distraction du r\u00e9gime forestier LAMARCHE-SUR-SAONE 12\nCommune de situation R\u00e9f\u00e9rence \ncadastrale\nSurface cadastrale \ntotale (ha)\nSurface concern\u00e9e\n(ha)\nLamarche-sur-Sa\u00f4ne F 486 0,5955 0,5955\nTotal 0,5955\nARTICLE  2     :  D\u00c9SIGNATION  DES  TERRAINS  CONCERNANT  L'APPLICATION  DU  R\u00c9GIME   \nFORESTIER\nL'application  du  r\u00e9gime  forestier  est  prononc\u00e9e  pour  un  terrain  d'une  surface  totale  de \n1,5587 hectares appartenant \u00e0 la commune de Lamarche-sur-Sa\u00f4ne et ainsi cadastr\u00e9 :\nCommune de situation R\u00e9f\u00e9rence \ncadastrale\nSurface cadastrale \ntotale (ha)\nSurface concern\u00e9e\n(ha)\nLamarche-sur-Sa\u00f4ne G 17 1,5587 1,5587\nTotal 1,5587\nARTICLE 3     : DATE D'EFFET ET PUBLICATION  \nLa pr\u00e9sente d\u00e9cision sera affich\u00e9e en mairie et l'accomplissement de cette formalit\u00e9 sera  \ncertifi\u00e9e aupr\u00e8s de la Direction d\u00e9partementale des territoires par le maire de la commune  \nconcern\u00e9e.\nLe  pr\u00e9sent  arr\u00eat\u00e9  sera  par  ailleurs  ins\u00e9r\u00e9  dans  le  recueil  des  actes  administratifs  du \nd\u00e9partement.\nARTICLE 4     : NOTIFICATION DE L'ARR\u00caTE PR\u00c9FECTORAL  \nLa pr\u00e9sente d\u00e9cision sera notifi\u00e9e \u00e0 :\n\u2022 Monsieur le Maire de la commune de Lamarche-sur-Sa\u00f4ne ;\n\u2022 Monsieur le Directeur de l'Agence Bourgogne-Est de l'Office national des for\u00eats.\nARTICLE 5     : EX\u00c9CUTION DE L'ARR\u00caTE PR\u00c9FECTORAL  \nLe maire de Lamarche-sur-Sa\u00f4ne, le directeur de l'Agence Bourgogne-Est de l'Office national  \ndes  for\u00eats  et  la  directrice  d\u00e9partementale  des  territoires  sont  charg\u00e9s  de  l'ex\u00e9cution  du \npr\u00e9sent arr\u00eat\u00e9.\nPour la directrice d\u00e9partementale des territoires,\nle responsable du bureau chasse-for\u00eat,\nSIGN\u00c9\nEmeric BUSSY\nDirection d\u00e9partementale des territoires de la C\u00f4te-d'Or\n57 , rue de Mulhouse - BP 53317 - 21033 Dijon CEDEX\nT\u00e9l. : 03 80 29 44 44\nCourriel : ddt@cote-dor.gouv.fr\n2\nDirection d\u00e9partementale des territoires de la C\u00f4te-d'Or - 21-2026-02-06-00006 - Arr\u00eat\u00e9 pr\u00e9fectoral DDT/SPAE/BCF n\u00b002-2026 du 6\nf\u00e9vrier 2026 portant application et distraction du r\u00e9gime forestier LAMARCHE-SUR-SAONE 13\nDirection d\u00e9partementale des territoires de la\nC\u00f4te-d'Or\nService Pr\u00e9servation et Am\u00e9nagement de\nl'Espace (SPAE)\n21-2026-02-06-00005\nArr\u00eat\u00e9 pr\u00e9fectoral DDT/SPAE/BCF n\u00b003-2026 du\n6 f\u00e9vrier 2026 portant application du r\u00e9gime\nforestier CHANCEAUX\nDirection d\u00e9partementale des territoires de la C\u00f4te-d'Or - 21-2026-02-06-00005 - Arr\u00eat\u00e9 pr\u00e9fectoral DDT/SPAE/BCF n\u00b003-2026 du 6\nf\u00e9vrier 2026 portant application du r\u00e9gime forestier CHANCEAUX 14\nExPREFETDE LACOTE-D'ORLibert\u00e9Egalit\u00e9Fraternit\u00e9\nDirection d\u00e9partementale des territoires de la \nC\u00f4te-d'Or\nService pr\u00e9servation et am\u00e9nagement de l'espace\nBureau chasse-for\u00eat\nArr\u00eat\u00e9 pr\u00e9fectoral DDT/SPAE/BCF n\u00b003-2026 du 6 f\u00e9vrier 2026illet 2025\nportant application du r\u00e9gime forestier\nLe pr\u00e9fet de la C\u00f4te-d'Or\nVU les articles L.214-3, R.214-2 et R.214-8 du Code forestier ;\nVU l'article 713 du Code civil ;\nVU  l'arr\u00eat\u00e9  pr\u00e9fectoral  n\u00b0  507/SG  du  28 mars  2025 donnant  d\u00e9l\u00e9gation  de  signature  \u00e0  Madame \nManuelle DUPUY, directrice d\u00e9partementale des territoires de la C\u00f4te-d'Or  ;\nVU l'arr\u00eat\u00e9 pr\u00e9fectoral n\u00b01333 du 28 ao\u00fbt 2025 portant d\u00e9l\u00e9gation de signature aux agents de la  \nDirection d\u00e9partementale des territoires de la C\u00f4te-d'Or ;\nVU la d\u00e9lib\u00e9ration en date du 24 juillet 2024, rendue ex\u00e9cutoire par d\u00e9p\u00f4t en pr\u00e9fecture du  \n30  juillet  2024,  par  laquelle  le  conseil  municipal  de  la  commune  de  Chanceaux  sollicite \nl'application  du  r\u00e9gime  forestier  pour  des  parcelles  bois\u00e9es  situ\u00e9es  sur  son  territoire \ncommunal ;\nVU l'avis favorable de l'Office national des for\u00eats du 17 novembre 2025 ;\nSUR proposition de Madame la Directrice d\u00e9partementale des territoires de la C\u00f4te-d'Or ;\nARR\u00caTE\nARTICLE  1     :  D\u00c9SIGNATION  DES  TERRAINS  CONCERNANT  L'APPLICATION  DU  R\u00c9GIME   \nFORESTIER\nL'application du r\u00e9gime forestier est prononc\u00e9e pour des terrains d'une surface totale de  \n3,4906 hectares appartenant \u00e0 la commune de Chanceaux et ainsi cadastr\u00e9s :\nDirection d\u00e9partementale des territoires de la C\u00f4te-d'Or\n57 , rue de Mulhouse - BP 53317 - 21033 Dijon CEDEX\nT\u00e9l. : 03 80 29 44 44\nCourriel : ddt@cote-dor.gouv.fr\n1\nDirection d\u00e9partementale des territoires de la C\u00f4te-d'Or - 21-2026-02-06-00005 - Arr\u00eat\u00e9 pr\u00e9fectoral DDT/SPAE/BCF n\u00b003-2026 du 6\nf\u00e9vrier 2026 portant application du r\u00e9gime forestier CHANCEAUX 15\nCommune de situation R\u00e9f\u00e9rence \ncadastrale\nSurface cadastrale \ntotale (ha)\nSurface concern\u00e9e\n(ha)\nChanceaux\nB 294 0,3800 0,3800\nC 204 0,3506 0,3506\nZS 36 0,1000 0,1000\nZS 37 0,0300 0,0300\nZT 9 0,9810 0,9810\nZT 22 0,1890 0,1890\nZW 37 0,5640 0,5640\nZW 38 0,8960 0,8960\nTotal 3,4906\nARTICLE 2     : DATE D'EFFET ET PUBLICATION  \nLa pr\u00e9sente d\u00e9cision sera affich\u00e9e en mairie et l'accomplissement de cette formalit\u00e9 sera  \ncertifi\u00e9e aupr\u00e8s de la Direction d\u00e9partementale des territoires par le maire de la commune  \nconcern\u00e9e.\nLe  pr\u00e9sent  arr\u00eat\u00e9  sera  par  ailleurs  ins\u00e9r\u00e9  dans  le  recueil  des  actes  administratifs  du \nd\u00e9partement.\nARTICLE 3     : NOTIFICATION DE L'ARR\u00caTE PR\u00c9FECTORAL  \nLa pr\u00e9sente d\u00e9cision sera notifi\u00e9e \u00e0 :\n\u2022 Monsieur le Maire de la commune de Chanceaux ;\n\u2022 Monsieur le Directeur de l'Agence Bourgogne-Est de l'Office national des for\u00eats.\nARTICLE 4     : EX\u00c9CUTION DE L'ARR\u00caTE PR\u00c9FECTORAL  \nLe maire de Chanceaux, le directeur de l'Agence Bourgogne-Est de l'Office national des for\u00eats \net la directrice d\u00e9partementale des territoires sont charg\u00e9s de l'ex\u00e9cution du pr\u00e9sent arr\u00eat\u00e9.\nPour la directrice d\u00e9partementale des territoires,\nle responsable du bureau chasse-for\u00eat,\nSIGN\u00c9\nEmeric BUSSY\nDirection d\u00e9partementale des territoires de la C\u00f4te-d'Or\n57 , rue de Mulhouse - BP 53317 - 21033 Dijon CEDEX\nT\u00e9l. : 03 80 29 44 44\nCourriel : ddt@cote-dor.gouv.fr\n2\nDirection d\u00e9partementale des territoires de la C\u00f4te-d'Or - 21-2026-02-06-00005 - Arr\u00eat\u00e9 pr\u00e9fectoral DDT/SPAE/BCF n\u00b003-2026 du 6\nf\u00e9vrier 2026 portant application du r\u00e9gime forestier CHANCEAUX 16\nDirection d\u00e9partementale des territoires de la\nC\u00f4te-d'Or\nService Pr\u00e9servation et Am\u00e9nagement de\nl'Espace (SPAE)\n21-2026-02-06-00007\nArr\u00eat\u00e9 pr\u00e9fectoral DDT/SPAE/BCF n\u00b004-2026 du\n6 f\u00e9vrier 2026 portant application et distraction\ndu r\u00e9gime forestier SAINT-BROING-LES-MOINES\nDirection d\u00e9partementale des territoires de la C\u00f4te-d'Or - 21-2026-02-06-00007 - Arr\u00eat\u00e9 pr\u00e9fectoral DDT/SPAE/BCF n\u00b004-2026 du 6\nf\u00e9vrier 2026 portant application et distraction du r\u00e9gime forestier SAINT-BROING-LES-MOINES 17\nExPREFETDE LACOTE-D'ORLibert\u00e9Egalit\u00e9Fraternit\u00e9\nDirection d\u00e9partementale des territoires de la \nC\u00f4te-d'Or\nService pr\u00e9servation et am\u00e9nagement de l'espace\nBureau chasse-for\u00eat\nArr\u00eat\u00e9 pr\u00e9fectoral DDT/SPAE/BCF n\u00b004-2026 du 6 f\u00e9vrier 2026uillet 2025\nportant application et distraction du r\u00e9gime forestier\nLe pr\u00e9fet de la C\u00f4te-d'Or\nVU les articles L.214-3, R.214-2 et R.214-8 du Code forestier ;\nVU  l'arr\u00eat\u00e9  pr\u00e9fectoral  n\u00b0  507/SG  du  28 mars  2025 donnant  d\u00e9l\u00e9gation  de  signature  \u00e0  Madame \nManuelle DUPUY, directrice d\u00e9partementale des territoires de la C\u00f4te-d'Or ;\nVU l'arr\u00eat\u00e9 pr\u00e9fectoral n\u00b01333 du 28 ao\u00fbt 2025 portant d\u00e9l\u00e9gation de signature aux agents de la  \nDirection d\u00e9partementale des territoires de la C\u00f4te-d'Or ;\nVU la d\u00e9lib\u00e9ration en date du 25 septembre 2025, rendue ex\u00e9cutoire par d\u00e9p\u00f4t en pr\u00e9fecture \nle 29 septembre 2025, par laquelle le conseil municipal de la commune de Saint-Broing-les-\nMoines sollicite la distraction et l'application du r\u00e9gime forestier pour des parcelles situ\u00e9es  \nsur son territoire communal ;\nVU l'avis favorable de l'Office national des for\u00eats du 7 octobre 2025 ;\nCONSID\u00c9RANT que la parcelle objet de la distraction est la cons\u00e9quence de sa vente \u00e0 un  \nparticulier en 2009 ;\nCONSID\u00c9RANT que la parcelle objet de la distraction  n'est plus bois\u00e9e depuis au moins  \n6 ann\u00e9es ;\nSUR proposition de Madame la Directrice d\u00e9partementale des territoires de la C\u00f4te-d'Or ;\nARR\u00caTE\nARTICLE 1  er     :    D\u00c9SIGNATION D  ES   TERRAINS CONCERNANT LA DISTRACTION DU R\u00c9GIME   \nFORESTIER\nLa distraction du  r\u00e9gime forestier est prononc\u00e9e pour un terrain d'une surface totale de  \n0,3215 hectare n'appartenant plus \u00e0 la commune de Saint-Broing-les-Moines et ainsi cadastr\u00e9 :\nDirection d\u00e9partementale des territoires de la C\u00f4te-d'Or\n57 , rue de Mulhouse - BP 53317 - 21033 Dijon CEDEX\nT\u00e9l. : 03 80 29 44 44\nCourriel : ddt@cote-dor.gouv.fr\n1\nDirection d\u00e9partementale des territoires de la C\u00f4te-d'Or - 21-2026-02-06-00007 - Arr\u00eat\u00e9 pr\u00e9fectoral DDT/SPAE/BCF n\u00b004-2026 du 6\nf\u00e9vrier 2026 portant application et distraction du r\u00e9gime forestier SAINT-BROING-LES-MOINES 18\nCommune de situation R\u00e9f\u00e9rence \ncadastrale\nSurface cadastrale \ntotale (ha)\nSurface concern\u00e9e\n(ha)\nSaint-Broing-les-Moines ZB 222 0,3215 0,3215\nTotal 0,3215\nARTICLE  2     :  D\u00c9SIGNATION  DES  TERRAINS  CONCERNANT  L'APPLICATION  DU  R\u00c9GIME   \nFORESTIER\nL'application  du  r\u00e9gime  forestier  est  prononc\u00e9e  pour  un  terrain  d'une  surface  totale  de \n0,0711 hectare appartenant \u00e0 la commune de Saint-Broing-les-Moines et ainsi cadastr\u00e9 :\nCommune de situation R\u00e9f\u00e9rence \ncadastrale\nSurface cadastrale \ntotale (ha)\nSurface concern\u00e9e\n(ha)\nSaint-Broing-les-Moines C 311 0,0711 0,0711\nTotal 0,0711\nARTICLE 3     : DATE D'EFFET ET PUBLICATION  \nLa pr\u00e9sente d\u00e9cision sera affich\u00e9e en mairie et l'accomplissement de cette formalit\u00e9 sera  \ncertifi\u00e9e aupr\u00e8s de la Direction d\u00e9partementale des territoires par le maire de la commune  \nconcern\u00e9e.\nLe  pr\u00e9sent  arr\u00eat\u00e9  sera  par  ailleurs  ins\u00e9r\u00e9  dans  le  recueil  des  actes  administratifs  du \nd\u00e9partement.\nARTICLE 4     : NOTIFICATION DE L'ARR\u00caTE PR\u00c9FECTORAL  \nLa pr\u00e9sente d\u00e9cision sera notifi\u00e9e \u00e0 :\n\u2022 Monsieur le Maire de la commune de Saint-Broing-les-Moines ;\n\u2022 Monsieur le Directeur de l'Agence Bourgogne-Est de l'Office national des for\u00eats.\nARTICLE 5     : EX\u00c9CUTION DE L'ARR\u00caTE PR\u00c9FECTORAL  \nLe  maire  de  Saint-Broing-les-Moines,  le  directeur  de  l'agence  Bourgogne-Est  de  l'Office \nnational des for\u00eats et la directrice d\u00e9partementale des territoires sont charg\u00e9s de l'ex\u00e9cution  \ndu pr\u00e9sent arr\u00eat\u00e9.\nPour la directrice d\u00e9partementale des territoires,\nle responsable du bureau chasse-for\u00eat,\nSIGN\u00c9\nEmeric BUSSY\nDirection d\u00e9partementale des territoires de la C\u00f4te-d'Or\n57 , rue de Mulhouse - BP 53317 - 21033 Dijon CEDEX\nT\u00e9l. : 03 80 29 44 44\nCourriel : ddt@cote-dor.gouv.fr\n2\nDirection d\u00e9partementale des territoires de la C\u00f4te-d'Or - 21-2026-02-06-00007 - Arr\u00eat\u00e9 pr\u00e9fectoral DDT/SPAE/BCF n\u00b004-2026 du 6\nf\u00e9vrier 2026 portant application et distraction du r\u00e9gime forestier SAINT-BROING-LES-MOINES 19\nDREAL Bourgogne-Franche-Comt\u00e9\n21-2026-02-06-00011\nD\u00e9cision portant subd\u00e9l\u00e9gation de signature aux\nagents de la DREAL pour les missions sous\nautorit\u00e9 du pr\u00e9fet de la C\u00f4te-d'Or\nDREAL Bourgogne-Franche-Comt\u00e9 - 21-2026-02-06-00011 - D\u00e9cision portant subd\u00e9l\u00e9gation de signature aux agents de la DREAL pour\nles missions sous autorit\u00e9 du pr\u00e9fet de la C\u00f4te-d'Or 20\nPREFET |DE LA C\u00d4TE-D'ORLibert\u00e9Egalit\u00e9Fraternit\u00e9\nDirection r\u00e9gionale de l'environnement,\nde l'am\u00e9nagement et du logement\nBourgogne Franche-Comt\u00e9\nD\u00e9cision n\u00b0 21 \u2013 2026 -\nportant subd\u00e9l\u00e9gation de signature aux agents de la DREAL pour les missions\nsous autorit\u00e9 du pr\u00e9fet de la C\u00f4te d'Or\nLa Directrice r\u00e9gionale par int\u00e9rim de l'environnement, de l'am\u00e9nagement et du logement\nde Bourgogne-Franche-Comt\u00e9\nVU\nLe  d\u00e9cret  n\u00b0  2004-374  du  29  avril  2004,  modifi\u00e9,  relatif  aux  pouvoirs  des  pr\u00e9fets,  \u00e0\nl'organisation et \u00e0 l'action des services de l'\u00c9tat dans les r\u00e9gions et d\u00e9partements,\nLe  d\u00e9cret  n\u00b02009-235  du  27  f\u00e9vrier  2009  relatif  \u00e0  l'organisation  et  aux  missions  des\ndirections r\u00e9gionales de l'environnement, de l'am\u00e9nagement et du logement\u00a0;\nLe d\u00e9cret du 10 octobre 2024 nommant Paul MOURIER, pr\u00e9fet de la r\u00e9gion Bourgogne-\nFranche-Comt\u00e9, pr\u00e9fet de la C\u00f4te d'Or ;\nL'arr\u00eat\u00e9 minist\u00e9riel du 26 f\u00e9vrier 2024 nommant Thierry DELORME, directeur r\u00e9gional\nadjoint\u00a0;\nL'arr\u00eat\u00e9  minist\u00e9riel  du  1er juillet  2024  nommant  C\u00e9cile  BRENNE,  directrice  r\u00e9gionale\nadjointe\u00a0;\nl'arr\u00eat\u00e9 de M. le pr\u00e9fet de R\u00e9gion  n\u00b0 25-09 BAG du 14 janvier 2025 portant organisation\nde la DREAL Bourgogne-Franche-Comt\u00e9 \u00a0;\nL'arr\u00eat\u00e9 minist\u00e9riel du 13 janvier 2026 portant attribution par int\u00e9rim des fonctions de\ndirectrice  r\u00e9gionale  de  l'environnement,  de  l'am\u00e9nagement  et  du  logement  (r\u00e9gion\nBourgogne-Franche-Comt\u00e9) \u00e0 Mme C\u00e9cile BRENNE \u00a0;\nL'arr\u00eat\u00e9 de M. le pr\u00e9fet de la C\u00f4te d'Or n\u00b0274 du 4 f\u00e9vrier 2026  portant d\u00e9l\u00e9gation de\nsignature \u00e0 Mme C\u00e9cile BRENNE.\nDECIDE\nArticle 1\nPour  toutes  d\u00e9cisions  et  tous  documents  relevant  des  attributions  et  des  domaines\nd'activit\u00e9s mentionn\u00e9s dans l'arr\u00eat\u00e9 de M. le pr\u00e9fet du d\u00e9partement de la C\u00f4te d'Or vis\u00e9\nci-dessus, d\u00e9l\u00e9gation de signature est conf\u00e9r\u00e9e, selon les missions dont ils ont la charge, \u00e0\u00a0:\n\u2022 Thierry DELORME, directeur r\u00e9gional adjoint \u00a0;\n\u2022 Yann DUFOUR chef de service Transports Mobilit\u00e9s, Fr\u00e9d\u00e9ric GUIBOURG et Xavier \nCURELY , adjoints ;\n\u2022 Vanessa GROLLEMUND, cheffe du service Pr\u00e9vention des Risques, Sarah KASSIMI et \nNicolas GUERIN, adjoints ;\n\u2022 Hadrien MAURIAC, chef du service Biodiversit\u00e9-eau-patrimoine, Antoine SION et Jean-\nYves PESEUX , adjoints\u00a0;\n\u2022 Muriel  CHABERT  cheffe  du  service  Transition  Ecologique,  Katy  POJER  et Olivier\nBOUJARD, adjoints\u00a0;\n1/3\nDREAL Bourgogne-Franche-Comt\u00e9 - 21-2026-02-06-00011 - D\u00e9cision portant subd\u00e9l\u00e9gation de signature aux agents de la DREAL pour\nles missions sous autorit\u00e9 du pr\u00e9fet de la C\u00f4te-d'Or 21\n\u2022 Pierre  CHRISMENT,  chef  de  l'unit\u00e9  d\u00e9partementale  de  la  C\u00f4te  d'Or,  Nicolas\nBONAFY son adjoint ainsi que S\u00e9verine SOWINSKI et Pauline COUSINAT  en cas\nd'emp\u00eachement.\nArticle 2\nConcernant la protection des esp\u00e8ces de faune et de flore sauvages, sans pr\u00e9judice des\nd\u00e9l\u00e9gations conf\u00e9r\u00e9es \u00e0 l'article 1, d\u00e9l\u00e9gation de signature est donn\u00e9e pour les d\u00e9cisions et\ndocuments li\u00e9s \u00e0 la r\u00e9glementation CITES et \u00e0 la r\u00e9glementation esp\u00e8ces prot\u00e9g\u00e9es hormis\nles arr\u00eat\u00e9s de \u00a0d\u00e9rogation :\n\u2022 Dominique ORTH, cheffe de d\u00e9partement\n\u2022 Jenny BERTHIER, cheffe de d\u00e9partement adjointe\n\u2022 Pierre DZIADKOWIAK, chef de d\u00e9partement adjoint\nArticle 3\nEn mati\u00e8re d'installations class\u00e9es pour la protection de l'environnement, de d\u00e9chets et\nsubstances  chimiques,  de  canalisations  et  d'\u00e9quipements  sous  pression,  de  mines,  de\nd\u00e9chets, et s ans pr\u00e9judice des d\u00e9l\u00e9gations conf\u00e9r\u00e9es \u00e0 l'article 1 , d\u00e9l\u00e9gation de signature\nest donn\u00e9e \u00e0 :\n\u2022 Carole  MORTAS,  cheffe  du  d\u00e9partement  risques  chroniques,  et  Soizick  GUERN,\ncheffe de d\u00e9partement adjointe ;\n\u2022 Franck MARZORATI, chef du d\u00e9partement risques accidentels, et Alain PARADIS,\nchef de d\u00e9partement adjoint\u00a0;\n\u2022 Beno\u00eet CHESNEAU, chef du p\u00f4le interr\u00e9gional ESP , en mati\u00e8re d'\u00e9quipements sous\npression\u00a0;\nArticle 4\nEn  mati\u00e8re  de  risques  naturels  et  d'ouvrages  hydrauliques,  et  sans  pr\u00e9judice  des\nd\u00e9l\u00e9gations  conf\u00e9r\u00e9es  \u00e0  l'article  1,  d\u00e9l\u00e9gation  de  signature  est  donn\u00e9e  \u00e0  Malika\nLACHAMBRE,  cheffe  du  d\u00e9partement  risques  naturels  et  ouvrages  hydrauliques,  et\nThomas DEVILLERS, chef de d\u00e9partement adjoint.\nArticle 5\nSans pr\u00e9judice des d\u00e9l\u00e9gations conf\u00e9r\u00e9es \u00e0 l'article 1 , d\u00e9l\u00e9gation de signature est donn\u00e9e\nElisabeth De JESUS, cheffe du d\u00e9partement Transition \u00c9nerg\u00e9tique et St\u00e9phanie \u00a0VUILLOT\nson adjointe dans les mati\u00e8res suivantes :\n\u2022 production, transport et distribution de gaz et d'\u00e9lectricit\u00e9 ;\n\u2022 utilisation de l'\u00e9nergie, certificat d'\u00e9conomie d'\u00e9nergie, consultation pr\u00e9alable en\nmati\u00e8re d'action de ma\u00eetrise de l'\u00e9nergie ;\n\u2022 certificat ouvrant droit \u00e0 l'obligation d'achat d'\u00e9lectricit\u00e9.\nArticle 6\nEn  mati\u00e8re  de  transports  (r\u00e9ception,  diverses  autorisations  et  contr\u00f4le  technique  des\nv\u00e9hicules), sans pr\u00e9judice des d\u00e9l\u00e9gations conf\u00e9r\u00e9es \u00e0 l'article 1,  d\u00e9l\u00e9gation de signature\nest  donn\u00e9e  \u00e0  Lionel  PERRETTE,  chef  du  d\u00e9partement  R\u00e9gulation  des  transports,  ainsi\nqu'aux agents habilit\u00e9s selon les attributions et les domaines d'activit\u00e9s dont ils ont la\ncharge\u00a0:\n\u2022 Alain AUPECLE\n\u2022 Eric GIROUD\n\u2022 Jean-Michel GLOMBARD\n\u2022 Jean-Paul SEQUEIRA\n2/3\nDREAL Bourgogne-Franche-Comt\u00e9 - 21-2026-02-06-00011 - D\u00e9cision portant subd\u00e9l\u00e9gation de signature aux agents de la DREAL pour\nles missions sous autorit\u00e9 du pr\u00e9fet de la C\u00f4te-d'Or 22\n\u2022 J\u00e9r\u00f4me NICOLAS\n\u2022 Laurent LAGARDE\n\u2022 Ludovic HERLIN\n\u2022 Mathieu AMAURY\n\u2022 Olivier PARIGOT\n\u2022 Philippe GUYOT\n\u2022 Radouane FIKRI\n\u2022 S\u00e9bastien RYCHTER\n\u2022 J\u00e9r\u00f4me BOILLON\n\u2022 Christophe LEBEUF\n\u2022 Claire ANDRE\nArticle 7\nLorsqu'ils  effectuent  une  p\u00e9riode  d'astreinte,  ont  subd\u00e9l\u00e9gation  pour  signer  les  actes\nurgents n\u00e9cessaires \u00e0 la gestion d'un accident ou incident les personnes :\n\u2022 Anne LEFRANC\n\u2022 Antoine SION\n\u2022 C\u00e9cile BRENNE\n\u2022 Dominique VANDERSPEETEN\n\u2022 Emmanuel DIVERS\n\u2022 Franck NASS\n\u2022 Fr\u00e9d\u00e9ric GUIBOURG\n\u2022 Hadrien MAURIAC\n\u2022 Jean-Yves PESEUX\n\u2022 J\u00e9rome VOULAND\n\u2022 Katy POJER\n\u2022 Muriel CHABERT\n\u2022 Na\u00efma ATILLAH\n\u2022 Nicolas GU\u00c9RIN\n\u2022 Oc\u00e9ane LACHAUSSEE\n\u2022 Olivier BOUJARD\n\u2022 Pierre CHRISMENT\n\u2022 Quentin CHABERNAUD\n\u2022 Sarah KASSIMI\n\u2022 Thierry DELORME\n\u2022 Vanessa GROLLEMUND\n\u2022 Xavier BERTUIT\n\u2022 Xavier CURELY\n\u2022 Yann DUFOUR\nArticle 8\nCette d\u00e9cision sera notifi\u00e9e \u00e0 M. le pr\u00e9fet de la C\u00f4te d'Or, \u00e0 la directrice d\u00e9partementale\ndes  finances publiques de la C\u00f4te d'Or ainsi qu'aux agents ci-dessus d\u00e9sign\u00e9s,  et sera\npubli\u00e9e au recueil des actes administratifs de la pr\u00e9fecture de C\u00f4te d'Or.\nArticle 9\nToute d\u00e9l\u00e9gation ant\u00e9rieure \u00e0 la pr\u00e9sente d\u00e9cision et toutes dispositions contraires \u00e0 celle-\nci sont abrog\u00e9es.\nFait \u00e0 Besan\u00e7on, le 6 f\u00e9vrier 2026\nLa directrice r\u00e9gionale par int\u00e9rim de\nl'environnement,\nde l'am\u00e9nagement et du logement\nSign\u00e9\u00a0: C\u00e9cile BRENNE\n3/3\nDREAL Bourgogne-Franche-Comt\u00e9 - 21-2026-02-06-00011 - D\u00e9cision portant subd\u00e9l\u00e9gation de signature aux agents de la DREAL pour\nles missions sous autorit\u00e9 du pr\u00e9fet de la C\u00f4te-d'Or 23\nPr\u00e9fecture de la C\u00f4te-d'Or\n21-2026-02-06-00004\nArr\u00eat\u00e9 pr\u00e9fectoral n\u00b0 313 du 06 f\u00e9vrier 2026\nabrogeant l'arr\u00eat\u00e9 pr\u00e9fectoral n\u00b0 641 du 10 mars\n2016 portant approbation du programme\nd'action sur le captage du Puits de la M\u00e2le Raie\nsitu\u00e9e sur la commune de Magny-l\u00e8s-Aubigny et\nd\u00e9finissant un nouveau programme d'action \u00e0 la\nsuite de la r\u00e9vision de la zone de protection de\nce captage.\nPr\u00e9fecture de la C\u00f4te-d'Or - 21-2026-02-06-00004 - Arr\u00eat\u00e9 pr\u00e9fectoral n\u00b0 313 du 06 f\u00e9vrier 2026 abrogeant l'arr\u00eat\u00e9 pr\u00e9fectoral n\u00b0 641\ndu 10 mars 2016 portant approbation du programme d'action sur le captage du Puits de la M\u00e2le Raie situ\u00e9e sur la commune de\nMagny-l\u00e8s-Aubigny et d\u00e9finissant un nouveau programme d'action \u00e0 la suite de la r\u00e9vision de la zone de protection de ce captage.\n24\nzsPREFETDELACOTE-D'ORLibert\u00e9Egalit\u00e9Fraternit\u00e9\nDirection d\u00e9partementale des territoires\nde la C\u00f4te-d'Or\nAffaire suivie par :\nService de l'eau et des risques\nBureau  pr\u00e9servation de la qualit\u00e9 de l'eau \net des milieux aquatiques\nT\u00e9l : 03.80.29 42 22\nm\u00e9l :  ddt-ser-ope@cote-dor.gouv.fr\nArr\u00eat\u00e9 pr\u00e9fectoral n\u00b0 313 du 06 f\u00e9vrier 2026\nabrogeant l'arr\u00eat\u00e9 pr\u00e9fectoral n\u00b0 641 du 10 mars 2016 portant approbation du programme \nd'action sur le captage du Puits de la M\u00e2le Raie situ\u00e9e sur la commune de Magny-l\u00e8s-\nAubigny et d\u00e9finissant un nouveau programme d'action \u00e0 la suite de la r\u00e9vision de la zone \nde protection de ce captage\nLe Pr\u00e9fet de la C\u00f4te-d'Or\nVU la directive 2000/60/CE du Parlement europ\u00e9en et du Conseil du 23 octobre 2000 \u00e9tablissant \nun cadre pour une politique communautaire dans le domaine de l'eau et notamment les articles  \n6 et 7 ;\nVU la directive 2006/118/CE du Parlement europ\u00e9en et du Conseil  du 12 d\u00e9cembre 2006 sur la  \nprotection des eaux souterraines contre la pollution et la d\u00e9t\u00e9rioration ;\nVU le code de l'environnement et notamment les articles L.120-1, L.211-1 \u00e0 L.211-3, L.211-7 et L.212-\n1 ;\nVU le code rural et de la p\u00eache maritime et notamment les articles R.114-1 \u00e0 R.114-10 ;\nVU  l'arr\u00eat\u00e9 du 21 mars 2022 portant approbation du sch\u00e9ma directeur d'am\u00e9nagement et de  \ngestion des eaux (SDAGE) du bassin Rh\u00f4ne-M\u00e9diterran\u00e9e et arr\u00eatant le programme pluriannuel de \nmesures ;\nVU l'arr\u00eat\u00e9 pr\u00e9fectoral en date du 9 ao\u00fbt 2024 \u00e9tablissant le programme d'action r\u00e9gional en vue \nde la protection des eaux contre la pollution par les nitrates d'origine agricole pour la r\u00e9gion  \nBourgogne Franche Comt\u00e9 ;\nDirection d\u00e9partementale des territoires de la C\u00f4te-d'Or\n57 , rue de Mulhouse - BP 53317 - 21033 Dijon CEDEX\nT\u00e9l. : 03 80 29 44 44\nCourriel : ddt@cote-dor.gouv.fr - Site internet : \nhttp://www.cote-dor.gouv.fr\nPr\u00e9fecture de la C\u00f4te-d'Or - 21-2026-02-06-00004 - Arr\u00eat\u00e9 pr\u00e9fectoral n\u00b0 313 du 06 f\u00e9vrier 2026 abrogeant l'arr\u00eat\u00e9 pr\u00e9fectoral n\u00b0 641\ndu 10 mars 2016 portant approbation du programme d'action sur le captage du Puits de la M\u00e2le Raie situ\u00e9e sur la commune de\nMagny-l\u00e8s-Aubigny et d\u00e9finissant un nouveau programme d'action \u00e0 la suite de la r\u00e9vision de la zone de protection de ce captage.\n25\nVU l'arr\u00eat\u00e9 pr\u00e9fectoral du 20 mai 1991 portant d\u00e9claration d'utilit\u00e9 publique de la cr\u00e9ation des  \np\u00e9rim\u00e8tres de protection ; \nVU  l'arr\u00eat\u00e9 pr\u00e9fectoral n\u00b0 848 en date du 12 juin 2025 abrogeant l'arr\u00eat\u00e9 pr\u00e9fectoral n\u00b0 201 du 23 \navril 2015 et r\u00e9visant la d\u00e9limitation de la zone de protection de l'aire d'alimentation du captage  \ndu Puits de la M\u00e2le Raie situ\u00e9 sur la commune de Magny-l\u00e8s-Aubigny ; \nVU l'avis de la chambre d'agriculture de C\u00f4te-d'Or en date du 19 d\u00e9cembre 2025 ;\nVU l'avis de l'agence r\u00e9gionale de sant\u00e9 de Bourgogne-Franche-Comt\u00e9 du 5 novembre 2025 ;\nVU l'absence de remarque de la CLE de la Vouge ;\nVU l'absence de remarque du syndicat du bassin versant de la Vouge;\nVU l a  synth\u00e8se  des  observations  du  public  d\u00e9pos\u00e9e  lors  de  la  consultation  r\u00e9alis\u00e9e  du   12 \nd\u00e9cembre 2025 au 5 janvier 2026 ;\nVU l'avis  du  comit\u00e9  d\u00e9partemental  de  l'environnement  et  des  risques  sanitaires  et \ntechnologiques (CODERST) du 9 d\u00e9cembre 2025;\nCONSIDERANT le principe de gestion \u00e9quilibr\u00e9e et durable de la ressource en eau qui doit \npermettre notamment de satisfaire les exigences de la sant\u00e9, de la salubrit\u00e9 publiques et  \nde l'alimentation en eau potable de la population ;\nCONSIDERANT qu'il convient, afin de reconqu\u00e9rir la qualit\u00e9 de la ressource, d'\u00e9tablir,  \nconform\u00e9ment \u00e0 l'article L211-3-5 du code de l'environnement et aux articles R114-6 \u00e0 R114-\n10 du code rural, un programme d'action applicable sur la zone de protection de l'aire  \nd'alimentation du captage ;\nCONSIDERANT  que le Puits de la M\u00e2le Raie est class\u00e9 prioritaire dans le SDAGE Rh\u00f4ne-\nM\u00e9diterran\u00e9e Corse en raison de sa contamination par des pesticides ;\nCONSIDERANT que des d\u00e9passements importants en pesticides ont \u00e9t\u00e9 d\u00e9tect\u00e9s dans les  \nanalyses d'eau \u00e0 partir de 2018 malgr\u00e9 un engagement important des exploitants agricoles  \ndans l'animation, avec notamment plusieurs conversions en agriculture biologique ;\nCONSIDERANT que les \u00e9tudes hydrog\u00e9ologiques compl\u00e9mentaires r\u00e9alis\u00e9es en 2023 et le  \ndiagnostic agricole finalis\u00e9 en 2024 ont permis, au comit\u00e9 de pilotage, de proposer un  \nprogramme d'action \u00e0 mettre en \u0153uvre sur la zone de protection de l'aire d'alimentation  \ndu captage d\u00e9limit\u00e9e par arr\u00eat\u00e9 pr\u00e9fectoral en date du 12 juin 2025, afin de reconqu\u00e9rir la  \nqualit\u00e9 de la ressource ;\nSUR proposition du secr\u00e9taire g\u00e9n\u00e9ral de la pr\u00e9fecture de la C\u00f4te-d'Or ;\nDirection d\u00e9partementale des territoires de la C\u00f4te-d'Or\n57 , rue de Mulhouse - BP 53317 - 21033 Dijon CEDEX\nT\u00e9l. : 03 80 29 44 44\nCourriel : ddt@cote-dor.gouv.fr - Site internet : \nhttp://www.cote-dor.gouv.fr\nPr\u00e9fecture de la C\u00f4te-d'Or - 21-2026-02-06-00004 - Arr\u00eat\u00e9 pr\u00e9fectoral n\u00b0 313 du 06 f\u00e9vrier 2026 abrogeant l'arr\u00eat\u00e9 pr\u00e9fectoral n\u00b0 641\ndu 10 mars 2016 portant approbation du programme d'action sur le captage du Puits de la M\u00e2le Raie situ\u00e9e sur la commune de\nMagny-l\u00e8s-Aubigny et d\u00e9finissant un nouveau programme d'action \u00e0 la suite de la r\u00e9vision de la zone de protection de ce captage.\n26\nA R R \u00ca T E\nTITRE I : PORTEE DU PROGRAMME D'ACTION\nARTICLE 1 : \nLe pr\u00e9sent arr\u00eat\u00e9 abroge l'arr\u00eat\u00e9 pr\u00e9fectoral n\u00b0641 du 10 mars 2016 et d\u00e9finit le programme \nd'action  \u00e0  mettre  en  \u0153uvre  par  les  propri\u00e9taires  et  les  exploitants  agricoles  sur  les \nparcelles agricoles comprises dans la zone de protection de l'aire d'alimentation (ZPAAC)  \ndu puits de la M\u00e2le Raie situ\u00e9e sur la commune de Magny-l\u00e8s-Aubigny telle que d\u00e9finie par  \nl'arr\u00eat\u00e9 pr\u00e9fectoral du 12 juin 2025 sus-vis\u00e9. \nARTICLE 2 :\nL'objectif du programme d'action est de reconqu\u00e9rir de fa\u00e7on p\u00e9renne la qualit\u00e9 de la  \nressource en eau dans un d\u00e9lai de 5 ans:\n- maintenir  une concentration moyenne annuelle en nitrates inf\u00e9rieure \u00e0 25 mg/L sur eaux  \nbrutes sans pics sup\u00e9rieurs \u00e0 50 mg/L;\n- parvenir \u00e0 des concentrations en produits phytosanitaires sur eaux brutes inf\u00e9rieures \u00e0  \n0,1 g/L par compos\u00e9 et inf\u00e9rieures \u00e0 0,5 g/L au total\u00b5 \u00b5  ;\n- r\u00e9duire le nombre de mol\u00e9cules pr\u00e9sentes \u00e0 l'\u00e9tat  de traces.\nTITRE II : MESURES AGRICOLES D'APPLICATION VOLONTAIRE\nLes  mesures  du  pr\u00e9sent  titre  sont  d'application  volontaire.  Conform\u00e9ment  \u00e0  l'article \nR.114-8 du code rural et de la p\u00eache maritime, le pr\u00e9fet peut, \u00e0 l'expiration d'un d\u00e9lai de 3  \nans suivant la publication du pr\u00e9sent arr\u00eat\u00e9 et en fonction des indicateurs de mise en  \n\u0153uvre, rendre obligatoire tout ou partie des mesures agricoles pr\u00e9conis\u00e9es.\nARTICLE 3 : Maintien des couverts herbac\u00e9s et des zones bois\u00e9es\nTous les couverts herbac\u00e9s, bosquets, haies et for\u00eats seront maintenus sur la totalit\u00e9 de la  \nsurface  de  l'AAC.  Les  prairies  permanentes  seront  exploit\u00e9es  par  broyage,  fauche  ou \np\u00e2turage. La destruction par labour des prairies permanentes n'est autoris\u00e9e qu'en cas de  \nressemis.\nUn inventaire de l'ensemble des surfaces enherb\u00e9es et bois\u00e9es \u00e0 la date de signature du  \npr\u00e9sent arr\u00eat\u00e9, sera r\u00e9alis\u00e9.\nARTICLE 4 : Gestion raisonn\u00e9e des traitements phytosanitaires \n Afin de limiter le transfert de mol\u00e9cules vers la source, il convient de g\u00e9rer les traitements  \nphytosanitaires de mani\u00e8re raisonn\u00e9e.\nPr\u00e9fecture de la C\u00f4te-d'Or - 21-2026-02-06-00004 - Arr\u00eat\u00e9 pr\u00e9fectoral n\u00b0 313 du 06 f\u00e9vrier 2026 abrogeant l'arr\u00eat\u00e9 pr\u00e9fectoral n\u00b0 641\ndu 10 mars 2016 portant approbation du programme d'action sur le captage du Puits de la M\u00e2le Raie situ\u00e9e sur la commune de\nMagny-l\u00e8s-Aubigny et d\u00e9finissant un nouveau programme d'action \u00e0 la suite de la r\u00e9vision de la zone de protection de ce captage.\n27\nPour toutes les parcelles en grandes cultures les objectifs suivants sont fix\u00e9s :\n\u2022 l'Indice de Fr\u00e9quence de Traitement Herbicides (IFT H) inf\u00e9rieur ou \u00e9gal \u00e0  \n90 %  de  l'IFT  H  de  r\u00e9f\u00e9rence  r\u00e9gionale  (et  r\u00e9f\u00e9rence  nationale  en  cas \nd'absence de r\u00e9f\u00e9rence r\u00e9gionale) sur la zone sensible identifi\u00e9e dans l'arr\u00eat\u00e9 \npr\u00e9fectoral du 12 juin 2025 ;\n\u2022 l'IFT H inf\u00e9rieur ou \u00e9gal \u00e0 l'IFT H  de r\u00e9f\u00e9rence  r\u00e9gionale (et r\u00e9f\u00e9rence  \nnationale en cas d'absence de r\u00e9f\u00e9rence r\u00e9gionale) en dehors de la zone  \nsensible.\nARTICLE 5 : Absence de rin\u00e7age des pulv\u00e9risateurs\nLe rin\u00e7age des pulv\u00e9risateurs hors zone de lavage et rin\u00e7age \u00e9tanche peut engendrer des  \nrisques accidentels de pollutions.\nAinsi, les pulv\u00e9risateurs ne seront pas rinc\u00e9s en dehors d'une zone de lavage et de rin\u00e7age  \n\u00e9tanche.\nARTICLE 6 : Non-utilisation de la bentazone\nLa bentazone est une mol\u00e9cule herbicide toujours utilisable, qui passe facilement dans  \nl'eau et qui est retrouv\u00e9e de fa\u00e7on r\u00e9currente au-dessus de la norme de 0,1 g/L dans l'eau\u00b5  \ndu Puits de la M\u00e2le Raie.\nL'objectif est donc qu'aucune dose de bentazone ne soit appliqu\u00e9e sur l'ensemble de  \nl'AAC du Puits de la M\u00e2le Raie.\nARTICLE 7:  Diversification de l'assolement\nL'allongement des rotations avec l'introduction de cultures dites bas niveau d'intrants  \n(BNI) permet de diluer le risque des pollutions.\nL'objectif est d'introduire 2 cultures BNI tous les 6 ans sur chaque parcelle.\nListe non exhaustive de cultures BNI  : surface en l\u00e9gumineuses non d\u00e9sherb\u00e9es avec de la  \nbentazone,  tournesol,  chanvre,  surfaces  en  agriculture  biologique,  surface  en  herbe, \nluzerne\u2026.\nARTICLE 8 : Zones tampons\nLe foss\u00e9 du Bachet conna\u00eet des pertes d'eau en direction de la nappe et est donc une zone \npr\u00e9f\u00e9rentielle d'entr\u00e9e des polluants. \nAinsi, afin de prot\u00e9ger le foss\u00e9 de pollutions dues \u00e0 la d\u00e9rive lors de l'utilisation de produits \nphytosanitaires, une zone de non-traitement de 3 m ou une haie le long du foss\u00e9 du  \nBachet sera install\u00e9e. Si un chemin est pr\u00e9sent le long du foss\u00e9, il fait office de protection  \net vaut application de la mesure.\nPr\u00e9fecture de la C\u00f4te-d'Or - 21-2026-02-06-00004 - Arr\u00eat\u00e9 pr\u00e9fectoral n\u00b0 313 du 06 f\u00e9vrier 2026 abrogeant l'arr\u00eat\u00e9 pr\u00e9fectoral n\u00b0 641\ndu 10 mars 2016 portant approbation du programme d'action sur le captage du Puits de la M\u00e2le Raie situ\u00e9e sur la commune de\nMagny-l\u00e8s-Aubigny et d\u00e9finissant un nouveau programme d'action \u00e0 la suite de la r\u00e9vision de la zone de protection de ce captage.\n28\nARTICLE 9 : Indicateurs de mise en \u0153uvre des mesures, objectifs et d\u00e9lais de r\u00e9alisation\nMesure Objectif de \nr\u00e9alisation\nD\u00e9lai de r\u00e9alisation Indicateur de mise \nen \u0153uvre\nMaintien des couverts \nherbac\u00e9s et des \nespaces bois\u00e9s\nMaintien de 100 % des \nsurfaces herbac\u00e9es et \nbois\u00e9es identifi\u00e9es lors \nde l'inventaire \nD\u00e8s la publication de \nl'arr\u00eat\u00e9 \n% de surfaces \nherbac\u00e9es et bois\u00e9es \nidentifi\u00e9s lors de \nl'inventaire maintenu\nGestion raisonn\u00e9e des \ntraitements \nphytosanitaires\n100 % des parcelles de \nla zone sensible en \ngrandes cultures ont un \nIFTH\u226490 %IFTH de \nr\u00e9f\u00e9rence r\u00e9gionale (ou \nnationale en cas \nd'absence de r\u00e9f\u00e9rence \nr\u00e9gionale)\nD\u00e8s la publication de \nl'arr\u00eat\u00e9 \n% de parcelles et % de \nsurface de la zone \nsensible en grandes \ncultures ayant un IFTH \n\u2264 90 % IFTH de \nr\u00e9f\u00e9rence r\u00e9gionale (ou \nnationale en cas \nd'absence de r\u00e9f\u00e9rence \nr\u00e9gionale)\nHors zone sensible, \n100 % des parcelles en \ngrandes cultures ont un \nIFTH \u2264  IFTH de \nr\u00e9f\u00e9rence r\u00e9gionale (ou \nnationale en cas \nd'absence de r\u00e9f\u00e9rence \nr\u00e9gionale)\n% de parcelles et % de \nsurface hors zone \nsensible en grandes \ncultures ayant un IFTH \n\u2264 IFTH de r\u00e9f\u00e9rence \nr\u00e9gionale (ou nationale \nen cas d'absence de \nr\u00e9f\u00e9rence r\u00e9gionale)\nRin\u00e7age des \npulv\u00e9risateurs\n100 % des rin\u00e7ages de \npulv\u00e9risateurs sont \nr\u00e9alis\u00e9s dans une zone \nde lavage et rin\u00e7age \n\u00e9tanche\nD\u00e8s la publication de \nl'arr\u00eat\u00e9 \n% des rin\u00e7ages de \npulv\u00e9risateurs r\u00e9alis\u00e9s \ndans une zone de \nlavage et rin\u00e7age \n\u00e9tanche\nUtilisation de la \nbentazone\n100 % des surfaces de \nla ZPAAC ne re\u00e7oivent \naucune dose de \nbentazone\nD\u00e8s la publication de \nl'arr\u00eat\u00e9 \n% des surfaces de la \nZPAAC ayant re\u00e7u 0 \ndose de bentazone\nDiversification de \nl'assolement\nPour 100 % des \nparcelles , 2 cultures \nBNI ont \u00e9t\u00e9 introduites \nsur 6 ans \n 6 ans % de parcelle ayant \u00e9t\u00e9 \nimplant\u00e9e avec 2 BNI \nsur 6 ans\nImplantation d'une \nzone tampon\n100 % de la longueur du \nfoss\u00e9 du Bachet est \nprot\u00e9g\u00e9 par une zone \nde non-traitement de \n3m, une haie ou un \nchemin\nD\u00e8s la publication de \nl'arr\u00eat\u00e9 \n% de la longueur du \nfoss\u00e9 du Bachet \nprot\u00e9g\u00e9e par une zone \nde non traitement de \n3m, une haie ou un \nchemin\nPr\u00e9fecture de la C\u00f4te-d'Or - 21-2026-02-06-00004 - Arr\u00eat\u00e9 pr\u00e9fectoral n\u00b0 313 du 06 f\u00e9vrier 2026 abrogeant l'arr\u00eat\u00e9 pr\u00e9fectoral n\u00b0 641\ndu 10 mars 2016 portant approbation du programme d'action sur le captage du Puits de la M\u00e2le Raie situ\u00e9e sur la commune de\nMagny-l\u00e8s-Aubigny et d\u00e9finissant un nouveau programme d'action \u00e0 la suite de la r\u00e9vision de la zone de protection de ce captage.\n29\nTITRE III : OBLIGATIONS DES EXPLOITANTS ET OBJECTIFS DE MOYENS \nArticle 10 :\nChaque exploitant et/ou propri\u00e9taire sur la zone de protection de l'aire d'alimentation du  \ncaptage du Puits de la M\u00e2le Raie doit imp\u00e9rativement transmettre les informations sur ses  \npratiques  agricoles  \u00e0  la  structure  charg\u00e9e  de  l'animation  agricole  conform\u00e9ment  au \ntableau ci-dessous afin de suivre et \u00e9valuer le programme d'action d\u00e9fini par le pr\u00e9sent  \narr\u00eat\u00e9. Si aucune structure n'a \u00e9t\u00e9 d\u00e9sign\u00e9e pour assurer l'animation, ces informations sont \ntransmises directement au ma\u00eetre d'ouvrage.\nMoyens Mesures \nconcern\u00e9es\nObjectifs de \nr\u00e9alisation\nD\u00e9lai de \nr\u00e9alisation\nIndicateurs de mise \nen \u0153uvre\nTransmission des \ncahiers \nd'enregistrements \nphytosanitaires\nGestion raisonn\u00e9e \ndes traitements \nphytosanitaires et \nnon-utilisation de \nbentazone\n100 % des cahiers \nd'enregistrements \ntransmis \u00e0 la cellule \nd'animation\n1er d\u00e9cembre \nde chaque \nann\u00e9e d\u00e8s la \npublication de \nl'arr\u00eat\u00e9\n% de cahiers \nd'enregistrements \ntransmis \u00e0 la cellule \nd'animation\nTITRE IV: MISE EN \u0152UVRE\nARTICLE 11 : Ma\u00eetrise d'ouvrage\nLe syndicat d'adduction des eaux de Seurre Val de Sa\u00f4ne  assure la mise en \u0153uvre du  \nprogramme d 'action d\u00e9fini par le pr\u00e9sent arr\u00eat\u00e9.\nARTICLE 12 : Animation\nAfin de s'assurer de la mise en \u0153uvre du programme d'action,  le syndicat d'adduction des \neaux de Seurre Val de Sa\u00f4ne peut confier l'animation du plan d'action \u00e0 une structure  \ncomp\u00e9tente.\nARTICLE 13 : Comit\u00e9 de pilotage\nLe ma\u00eetre d'ouvrage s'appuie sur un comit\u00e9 de pilotage charg\u00e9 du suivi du programme  \nd'action dont il assure la pr\u00e9sidence.\nIl est compos\u00e9 au moins de :\n- la  structure  charg\u00e9e  de  l'animation  du  programme  d'action  mentionn\u00e9e  au  pr\u00e9sent \narr\u00eat\u00e9.\n- la chambre d'agriculture de C\u00f4te-d'Or,\n- l'agence de l'eau Rh\u00f4ne M\u00e9diterran\u00e9e,\n-  du conseil d\u00e9partemental de la C\u00f4te-d'Or,\nPr\u00e9fecture de la C\u00f4te-d'Or - 21-2026-02-06-00004 - Arr\u00eat\u00e9 pr\u00e9fectoral n\u00b0 313 du 06 f\u00e9vrier 2026 abrogeant l'arr\u00eat\u00e9 pr\u00e9fectoral n\u00b0 641\ndu 10 mars 2016 portant approbation du programme d'action sur le captage du Puits de la M\u00e2le Raie situ\u00e9e sur la commune de\nMagny-l\u00e8s-Aubigny et d\u00e9finissant un nouveau programme d'action \u00e0 la suite de la r\u00e9vision de la zone de protection de ce captage.\n30\n- l'agence r\u00e9gionale de la sant\u00e9 de Bourgogne-Franche-Comt\u00e9,\n- la direction d\u00e9partementale des territoires,\n- la Commission Locale de l'Eau de la Vouge ;\nLe  ma\u00eetre  d'ouvrage  pourra  y  associer  autant  que  de  besoin  des  repr\u00e9sentants  des \nexploitants de la zone de protection de l'aire d'alimentation, des prescripteurs agricoles,  \ndes  repr\u00e9sentants  de  consommateurs,  ou  des  associations  de  protection  de \nl'environnement.\nARTICLE 14 : Indicateurs de suivi de la qualit\u00e9 de l'eau\nLes objectifs de qualit\u00e9 sont d\u00e9finis \u00e0 l'article 2 du pr\u00e9sent arr\u00eat\u00e9.\nLe syndicat d'adduction des eaux de Seurre Val de Sa\u00f4ne r \u00e9alisera des analyses sur eaux  \nbrutes, sur la dur\u00e9e du programme d'action, pour compl\u00e9ter le cas \u00e9ch\u00e9ant les donn\u00e9es  \ndisponibles dans le cadre des r\u00e9seaux de surveillance RCO-DCE, et  atteindre au total 4  \nanalyses par an, par pr\u00e9l\u00e8vements trimestriels non cibl\u00e9s, pour les produits phytosanitaires \nfigurant sur la liste \u00e9tablie Rh\u00f4ne M\u00e9diterran\u00e9e et pour les nitrates.\nARTICLE 15 : Suivi du programme d'action\nLe ma\u00eetre d'ouvrage veillera \u00e0 la r\u00e9alisation d'un suivi annuel de la mise en \u0153uvre du  \nprogramme d'actions qui portera sur le suivi des indicateurs d\u00e9finis  aux articles 9 et 10 du \npr\u00e9sent arr\u00eat\u00e9. Il sera transmis \u00e0 la direction d\u00e9partementale des territoires ainsi qu'aux  \nmembres du comit\u00e9 de pilotage et communiqu\u00e9 aux exploitants agricoles apr\u00e8s validation.\nTous  les  3 ans,  ce  suivi  annuel  sera  compl\u00e9t\u00e9  par  le  ma\u00eetre  d'ouvrage  ou  la  structure \ncomp\u00e9tente  afin  d'\u00e9laborer  un  bilan  analytique  qui  portera  sur  les  changements  de \npratiques  op\u00e9r\u00e9s  et  leurs  effets  sur  la  qualit\u00e9  de  l'eau.  Ce  bilan  a  pour  objectif  de \npermettre au COPIL de conclure sur la d\u00e9marche \u00e0 suivre. En fonction des tendances  \nobserv\u00e9es, le COPIL pourra maintenir le programme d'action sans modification, rendre  \ncertaines  actions  du  programme  obligatoires ou  r\u00e9viser  le  programme  d'action  pour \nint\u00e9grer de nouvelles actions.\nAinsi, ce bilan devra \u00eatre pr\u00e9sent\u00e9 aux membres du comit\u00e9 de pilotage r\u00e9unis \u00e0 cet effet et \ncommuniqu\u00e9 aux exploitants agricoles apr\u00e8s validation par la direction d\u00e9partementale  \ndes territoires. \nTITRE IV: EXECUTION-DELAIS ET VOIES DE RECOURS\nARTICLE 16 : Notification et publicit\u00e9 \nLe pr\u00e9sent arr\u00eat\u00e9 est notifi\u00e9 au syndicat d'adduction des eaux de Seurre Val de Sa\u00f4ne,  \nma\u00eetre d'ouvrage. \nIl sera en outre affich\u00e9 dans les mairies de Magny-l\u00e8s-Aubigny, Aubigny-en-Plaine, Charrey-\nSur-Sa\u00f4ne et Esbarres pour une dur\u00e9e minimale de 1  mois, publi\u00e9 au recueil des actes  \nPr\u00e9fecture de la C\u00f4te-d'Or - 21-2026-02-06-00004 - Arr\u00eat\u00e9 pr\u00e9fectoral n\u00b0 313 du 06 f\u00e9vrier 2026 abrogeant l'arr\u00eat\u00e9 pr\u00e9fectoral n\u00b0 641\ndu 10 mars 2016 portant approbation du programme d'action sur le captage du Puits de la M\u00e2le Raie situ\u00e9e sur la commune de\nMagny-l\u00e8s-Aubigny et d\u00e9finissant un nouveau programme d'action \u00e0 la suite de la r\u00e9vision de la zone de protection de ce captage.\n31\nadministratifs de la pr\u00e9fecture de la C\u00f4te-d'Or et mis \u00e0 a disposition du public sur le  \nportail des services de l'\u00c9tat en C\u00f4te-d'Or pendant une dur\u00e9e minimale d'un an.\nIl est applicable \u00e0 compter du jour de sa publication au recueil des actes administratifs de  \nla pr\u00e9fecture de la C\u00f4te-d'Or. Il continuera de produire ses effets jusqu'\u00e0 publication d'un  \narr\u00eat\u00e9 modificatif.\nARTICLE 17 : Ex\u00e9cution\nLe secr\u00e9taire g\u00e9n\u00e9ral de la pr\u00e9fecture de la C\u00f4te-d'Or, la directrice d\u00e9partementale des  \nterritoires, le chef du service d\u00e9partemental de l'Office fran\u00e7ais de la biodiversit\u00e9 et le  \nsyndicat d'adduction des eaux de Seurre Val de Sa\u00f4ne  sont charg\u00e9s, chacun en ce qui le  \nconcerne, de l'application du pr\u00e9sent arr\u00eat\u00e9.\nARTICLE 18 : Voies et d\u00e9lais de recours\nLe pr\u00e9sent arr\u00eat\u00e9 peut faire l'objet d'un recours contentieux devant le tribunal \nadministratif de Dijon dans un d\u00e9lai de deux mois \u00e0 compter de sa publication au recueil \ndes actes administratifs de la pr\u00e9fecture de la C\u00f4te-d'Or.\nLe tribunal administratif peut \u00eatre saisi par un recours d\u00e9pos\u00e9 via l'application T\u00e9l\u00e9recours \ncitoyens accessible par le site internet www.telerecours.fr.\nFait \u00e0 Dijon, le 06 f\u00e9vrier 2026\n   Le Pr\u00e9fet,\n                                                                                     sign\u00e9 \n                \n                                                                                  Paul MOURIER\nPr\u00e9fecture de la C\u00f4te-d'Or - 21-2026-02-06-00004 - Arr\u00eat\u00e9 pr\u00e9fectoral n\u00b0 313 du 06 f\u00e9vrier 2026 abrogeant l'arr\u00eat\u00e9 pr\u00e9fectoral n\u00b0 641\ndu 10 mars 2016 portant approbation du programme d'action sur le captage du Puits de la M\u00e2le Raie situ\u00e9e sur la commune de\nMagny-l\u00e8s-Aubigny et d\u00e9finissant un nouveau programme d'action \u00e0 la suite de la r\u00e9vision de la zone de protection de ce captage.\n32\nSDIS de C\u00f4te-d'Or\n21-2026-02-10-00001\nListe d'aptitude 2026 de l'Unit\u00e9 Sp\u00e9cialis\u00e9e en\nCYNOTECHNIE_ Modificatif 1\nSDIS de C\u00f4te-d'Or - 21-2026-02-10-00001 - Liste d'aptitude 2026 de l'Unit\u00e9 Sp\u00e9cialis\u00e9e en CYNOTECHNIE_ Modificatif 1 33\nPREFETDELACOTE-D'ORLibert\u00e9Egalit\u00e9Fraternit\u00e9\nHLS\u00c0Cf\n22 D Boulevard Winston ChurchillCS 16209 - 21 062 DIJON CedexSDIS de la C\u00f4te-d'Or\nLe pr\u00e9fet,Pour le pr\u00e9fet et par d\u00e9l\u00e9gation,La sous-pr\u00e9f\u00e8te, directrice de cabinet,Sign\u00e9Aur\u00e9lie CONTRECIVILE\nArr\u00eat\u00e9\nPortant sur la liste d'aptitude op\u00e9rationnelle\nUnit\u00e9 de secours cynotechnique\nAnn\u00e9e 2026 \u2013modificatif n\u00b0 1\nLe pr\u00e9fet de la C\u00f4te-d'Or\nVu le code g\u00e9n\u00e9ral des collectivit\u00e9s territoriales et particuli\u00e8rement l'article R 1424-54 ;\nVu l'arr\u00eat\u00e9 du 22 ao\u00fbt 2019 relatif aux formations des sapeurs-pompiers professionnels et volontaires ;\nVu l'arr\u00eat\u00e9 du 15 juillet 2022 relatif \u00e0 la d\u00e9signation et aux missions des r\u00e9f\u00e9rents de sp\u00e9cialit\u00e9s mentionn\u00e9s \u00e0 l'article\nR. 722-1 du code de la s\u00e9curit\u00e9 int\u00e9rieure ;\nVu l'arr\u00eat\u00e9 pr\u00e9fectoral du 18 septembre 2020 fixant la liste des unit\u00e9s op\u00e9rationnelles ;\nVu le r\u00e8glement op\u00e9rationnel du service d\u00e9partemental d'incendie et de secours de la C\u00f4te-d'Or en date du 06 octobre\n2021 ;\nVu le SDACR approuv\u00e9 par arr\u00eat\u00e9 pr\u00e9fectoral n\u00b0 1808 du 22 d\u00e9cembre 2023 ;\nVu le guide de doctrine op\u00e9rationnelle \u00ab engagement des \u00e9quipes cynotechniques \u00bb de novembre 2022 ;\nVu la participation des agents d\u00e9sign\u00e9s aux activit\u00e9s de formation et de maintien et de perfectionnement des acquis ;\nVu le nombre de chefs d'unit\u00e9 cynotechnique (2), de conducteur cynotechnique (1) ;\nSur proposition de monsieur le directeur d\u00e9partemental des services d'incendie et de secours ;\nARR\u00caTE\nArticle 1 : La liste annuelle d'aptitude op\u00e9rationnelle de l'unit\u00e9 de secours cynotechnique du d\u00e9partement de\nla C\u00f4te-d'Or, s'\u00e9tablit comme suit :\nMAITRE-CHIEN CHIEN\nNom Pr\u00e9nom Emploi Nom N\u00b0 de tatouage ou de\npuce Race\nBOURGETEL Sylvain* Chef d'unit\u00e9\ncynotechnique Ruben Puce\nn\u00b0 250269608747639\nBerger belge\nmalinois\nGENTILHOMME Damien Chef d'unit\u00e9\ncynotechnique Sly Puce\nn\u00b0 250268780777049\nBerger\nhollandais\nWALLET Florent Conducteur\ncynotechnique Uanna Puce\nn\u00b0 250269300274520\nBerger belge\nmalinois\n* R\u00e9f\u00e9rent de sp\u00e9cialit\u00e9 secours cynotechnique\nArticle 2 : La sous-pr\u00e9f\u00e8te, directrice de cabinet, et le directeur d\u00e9partemental des services d'incendie et de\nsecours sont charg\u00e9s, chacun en ce qui le concerne, de l'ex\u00e9cution du pr\u00e9sent arr\u00eat\u00e9 qui sera publi\u00e9 au\nrecueil des actes administratifs de la pr\u00e9fecture de la C\u00f4te-d'Or.\nDijon, le 10 f\u00e9vrier 2026\nSDIS de C\u00f4te-d'Or - 21-2026-02-10-00001 - Liste d'aptitude 2026 de l'Unit\u00e9 Sp\u00e9cialis\u00e9e en CYNOTECHNIE_ Modificatif 1 34\nSDIS de C\u00f4te-d'Or\n21-2026-02-10-00002\nListe d'aptitude 2026 de l'Unit\u00e9 Sp\u00e9cialis\u00e9e en\nSecours en Milieu P\u00e9rilleux et Montagne_\nModificatif 1\nSDIS de C\u00f4te-d'Or - 21-2026-02-10-00002 - Liste d'aptitude 2026 de l'Unit\u00e9 Sp\u00e9cialis\u00e9e en Secours en Milieu P\u00e9rilleux et Montagne_\nModificatif 1 35\nPREFETDE LACOTE-D'ORLibert\u00e9Egalit\u00e9Fraternit\u00e9\n\u00ebaYK\n22 D Boulevard Winston ChurchillCS 16209 - 21 062 DIJON CedexSDIS de la C\u00e9te-d'Or\nArr\u00eat\u00e9\nPortant sur la liste d'aptitude op\u00e9rationnelle\nUnit\u00e9 secours en milieu p\u00e9rilleux et montagne\nAnn\u00e9e 2026 \u2013modificatif n\u00b0 1\nLe pr\u00e9fet de la C\u00f4te-d'Or\nVu le code g\u00e9n\u00e9ral des collectivit\u00e9s territoriales et particuli\u00e8rement l'article R 1424-54 ;\nVu l'arr\u00eat\u00e9 du 6 mai 2000 modifi\u00e9 fixant les conditions d'aptitudes m\u00e9dicales des sapeurs-pompiers professionnels et\nvolontaires ;\nVu l'arr\u00eat\u00e9 du 22 ao\u00fbt 2019 relatif aux formations des sapeurs-pompiers professionnels et volontaires ;\nVu l'arr\u00eat\u00e9 du 15 juillet 2022 relatif \u00e0 la d\u00e9signation et aux missions des r\u00e9f\u00e9rents de sp\u00e9cialit\u00e9s mentionn\u00e9s \u00e0 l'article\nR. 722-1 du code de la s\u00e9curit\u00e9 int\u00e9rieure ;\nVu l'arr\u00eat\u00e9 pr\u00e9fectoral du 18 septembre 2020 fixant la liste des unit\u00e9s op\u00e9rationnelles ;\nVu le r\u00e8glement op\u00e9rationnel du service d\u00e9partemental d'incendie et de secours de la C\u00f4te-d'Or en date du 06 octobre\n2021 ;\nVu le SDACR approuv\u00e9 par arr\u00eat\u00e9 pr\u00e9fectoral n\u00b0 1808 du 22 d\u00e9cembre 2023 ;\nVu le guide de doctrine op\u00e9rationnelle \u00ab interventions en milieux p\u00e9rilleux et montagne \u00bb de juin 2021 ;\nVu la participation des agents d\u00e9sign\u00e9s aux activit\u00e9s de formation de maintien et de perfectionnement des acquis ;\nVu le nombre de chefs d'unit\u00e9 (8), de sauveteurs (19) ;\nSur proposition de monsieur le directeur d\u00e9partemental des services d'incendie et de secours;\nARR\u00caTE\nArticle 1 : La liste annuelle d\u00e9partementale d'aptitude op\u00e9rationnelle des sapeurs-pompiers de l'unit\u00e9\n\u00ab secours en milieu p\u00e9rilleux et montagne \u00bb du d\u00e9partement de la C\u00f4te-d'Or s'\u00e9tablit comme suit :\nNom Pr\u00e9nom Emploi op\u00e9rationnel Mention compl\u00e9mentaire\nJALLAT G\u00e9rard * Chef d'unit\u00e9 SMPM Intervention en site souterrain\nCOLLIN Julien ** Chef d'unit\u00e9 SMPM Intervention en site souterrain\nBERNARD S\u00e9bastien Chef d'unit\u00e9 SMPM Intervention en site souterrain\nCUFF Nicolas Chef d'unit\u00e9 SMPM Intervention en site souterrain\nFARNIER R\u00e9mi Chef d'unit\u00e9 SMPM Intervention en site souterrain\nGUERARD S\u00e9bastien Chef d'unit\u00e9 SMPM Intervention en site souterrain\nLEGRAND S\u00e9bastien Chef d'unit\u00e9 SMPM Intervention en site souterrain\nVANDENSKRICK Damien Chef d'unit\u00e9 SMPM Intervention en site souterrain\nSDIS de C\u00f4te-d'Or - 21-2026-02-10-00002 - Liste d'aptitude 2026 de l'Unit\u00e9 Sp\u00e9cialis\u00e9e en Secours en Milieu P\u00e9rilleux et Montagne_\nModificatif 1 36\nLe pr\u00e9fet,Pour le pr\u00e9fet et par d\u00e9l\u00e9gation,La sous-pr\u00e9f\u00e9te, directrice de cabinet,Sign\u00e9Aur\u00e9lie CONTRECIVILE\nNom Pr\u00e9nom Emploi op\u00e9rationnel Mention compl\u00e9mentaire\nBOUTIN L\u00e9o Sauveteur SMPM Intervention en site souterrain\nCOMMARET Guillaume Sauveteur SMPM Intervention en site souterrain\nCORDIER Emmanuel Sauveteur SMPM Intervention en site souterrain\nCORTOT Tony Sauveteur SMPM Intervention en site souterrain\nDAMIENS Jean-Baptiste Sauveteur SMPM Intervention en site souterrain\nDEVAUX Jean-Christophe Sauveteur SMPM Intervention en site souterrain\nDUCHESNE Bertrand Sauveteur SMPM Intervention en site souterrain\nDURUPT Quentin Sauveteur SMPM Intervention en site souterrain\nGOUJON S\u00e9bastien Sauveteur SMPM Intervention en site souterrain\nHAETTICH Jordan Sauveteur SMPM Intervention en site souterrain\nHERMAIZE Anthony Sauveteur SMPM Intervention en site souterrain\nHOBENICHE Anthony Sauveteur SMPM Intervention en site souterrain\nINTILIA Damien Sauveteur SMPM Intervention en site souterrain\nPALLEGOIX Julien Sauveteur SMPM Intervention en site souterrain\nPOUESSEL Wilfried Sauveteur SMPM Intervention en site souterrain\nRAPHA Anthony Sauveteur SMPM Intervention en site souterrain\nRENAUD Lucas Sauveteur SMPM Intervention en site souterrain\nRESZKIEWICZ Bruno Sauveteur SMPM Intervention en site souterrain\nWRAZEN Lo\u00efc Sauveteur SMPM Intervention en site souterrain\n* R\u00e9f\u00e9rent de sp\u00e9cialit\u00e9 \u00ab secours en milieu p\u00e9rilleux et montagne \u00bb\n** R\u00e9f\u00e9rent de sp\u00e9cialit\u00e9 adjoint \u00ab secours en milieu p\u00e9rilleux et montagne \u00bb\nArticle 2 : La sous-pr\u00e9f\u00e8te, directrice de cabinet, et le directeur d\u00e9partemental des services d'incendie et de\nsecours sont charg\u00e9s, chacun en ce qui le concerne, de l'ex\u00e9cution du pr\u00e9sent arr\u00eat\u00e9 qui sera publi\u00e9 au\nrecueil des actes administratifs de la pr\u00e9fecture de la C\u00f4te-d'Or.\nDijon, le 10 f\u00e9vrier 2026\nSDIS de C\u00f4te-d'Or - 21-2026-02-10-00002 - Liste d'aptitude 2026 de l'Unit\u00e9 Sp\u00e9cialis\u00e9e en Secours en Milieu P\u00e9rilleux et Montagne_\nModificatif 1 37\nSous-pr\u00e9fecture de Beaune\nP\u00f4le Collectivit\u00e9s locales\n21-2026-02-06-00003\nArr\u00eat\u00e9 pr\u00e9fectoral n\u00b0310 du 6 f\u00e9vrier 2026\nportant modification de la composition de la\ncommission de contr\u00f4le des listes \u00e9lectorales de\nla commune de VIANGES\nSous-pr\u00e9fecture de Beaune - 21-2026-02-06-00003 - Arr\u00eat\u00e9 pr\u00e9fectoral n\u00b0310 du 6 f\u00e9vrier 2026 portant modification de la composition\nde la commission de contr\u00f4le des listes \u00e9lectorales de la commune de VIANGES 38\nEnPREFETDE LACOTE-D'ORLibert\u00e9Egalit\u00e9Fraternit\u00e9\nSOUS-PR\u00c9FECTURE DE BEAUNE\nBureau des collectivit\u00e9s locales\nAffaire suivie par : Mme Sylvie POISOT\nT\u00e9l : 03 45 43 80 05\nm\u00e9l :sylvie.poisot  @cote-dor.gouv.fr  \nARR\u00caT\u00c9 PR\u00c9FECTORAL N\u00b0310 du 6 f\u00e9vrier 2026\nportant modification de la composition de la commission de contr\u00f4le\ndes listes \u00e9lectorales de la commune de VIANGES\nLe sous-pr\u00e9fet de Beaune\nVU le code \u00e9lectoral, notamment, ses articles L.19 et R7 \u00e0 R11 ;\nVU l'arr\u00eat\u00e9 pr\u00e9fectoral n\u00b0 815/SG du 13 juin 2025 donnant d\u00e9l\u00e9gation de signature \u00e0 Monsieur Beno\u00eet  \nBYRSKI, sous-pr\u00e9fet de Beaune ;\nVU l'arr\u00eat\u00e9 pr\u00e9fectoral n\u00b0 662 du 11 avril 2024 portant renouvellement des commissions de contr\u00f4le  \ndes listes \u00e9lectorales des communes de l'arrondissement de Beaune ;\nConsid\u00e9rant le courrier de Monsieur Pierre POILLOT, maire de Vianges, en date du 5 f\u00e9vrier 2026,  \nfaisant suite \u00e0 la d\u00e9mission de Madame Viviane TONELLI et sollicitant la d\u00e9signation d'un nouveau  \nd\u00e9l\u00e9gu\u00e9 du pr\u00e9fet de la commission de contr\u00f4le des listes \u00e9lectorales de la commune de Vianges ;\nA R R \u00ca T E\nArticle 1 \u2013 Madame Marie Christine AZAM est d\u00e9sign\u00e9e membre de la commission de contr\u00f4le des  \nlistes \u00e9lectorales de la commune de Vianges en qualit\u00e9 de d\u00e9l\u00e9gu\u00e9e du pr\u00e9fet et ce, jusqu'au prochain  \nrenouvellement g\u00e9n\u00e9ral de ses membres.\nArticle 2  \u2013 Le sous-pr\u00e9fet de Beaune  et le maire de Vianges sont charg\u00e9s chacun en ce qui le  \nconcerne, de l'ex\u00e9cution du pr\u00e9sent arr\u00eat\u00e9 qui sera publi\u00e9 au recueil des actes administratifs de la  \npr\u00e9fecture de la C\u00f4te d'Or.\nFait \u00e0 Beaune, le 6 f\u00e9vrier 2026\nLe sous-pr\u00e9fet de Beaune,\n   sign\u00e9\nBeno\u00eet BYRSKI\nSous-pr\u00e9fecture de Beaune - 10 rue Edouard Fraisse - 21200 BEAUNE\nT\u00e9l : 03 45 43 80 03 - m\u00e8l : sp-beaune  @cote-dor.pref.gouv.fr  \nsite internet : http://www.cote-dor.gouv.fr\nSous-pr\u00e9fecture de Beaune - 21-2026-02-06-00003 - Arr\u00eat\u00e9 pr\u00e9fectoral n\u00b0310 du 6 f\u00e9vrier 2026 portant modification de la composition\nde la commission de contr\u00f4le des listes \u00e9lectorales de la commune de VIANGES 39\nSous-pr\u00e9fecture de Montbard\nP\u00f4le collectivit\u00e9s locales et d\u00e9veloppement\nterritorial\n21-2026-01-29-00008\nAP d\u00e9signation commission contr\u00f4le listes\n\u00e9lectorales Grancey sur Ource raa\nSous-pr\u00e9fecture de Montbard - 21-2026-01-29-00008 - AP d\u00e9signation commission contr\u00f4le listes \u00e9lectorales Grancey sur Ource raa 40\nExPREFETDE LACOTE-D'ORLibert\u00e9Egalit\u00e9Fraternit\u00e9\nSous-Pr\u00e9fecture de Montbard\nP\u00f4le collectivit\u00e9s locales et d\u00e9veloppement territorial                           Montbard, le 29 janvier 2026\nAffaire suivie par : Am\u00e9lie MILLOT-VIDET\nT\u00e9l :03.45.43.80.63\nm\u00e9l :amelie.millot-videt@cote-dor.gouv.fr\nArr\u00eat\u00e9\nPortant d\u00e9signation d'un d\u00e9l\u00e9gu\u00e9 titulaire de l'administration au sein de la commission de\ncontr\u00f4le des listes \u00e9lectorales de Grancey-sur-Ource\nLe sous-pr\u00e9fet de l'arrondissement de Montbard\nVU le code \u00e9lectoral et notamment son article L19 ;\nVU  l'instruction NOR/INTA 18301205 du 21 novembre 2018,  notamment le paragraphe 3\nalin\u00e9a b relatif \u00e0 la suppl\u00e9ance des membres de la commission de contr\u00f4le de la liste\n\u00e9lectorale ;\nVU le d\u00e9cret du 17 novembre 2023 portant nomination de Monsieur S\u00e9bastien LANOYE,\nsous-pr\u00e9fet de Montbard ;\nVU l'arr\u00eat\u00e9  pr\u00e9fectoral  du  7  mai  2024  portant  renouvellement  des  commissions  de\ncontr\u00f4le des listes \u00e9lectorales des communes du d\u00e9partement de la C\u00f4te d'Or ;\nVU  l'arr\u00eat\u00e9  pr\u00e9fectoral  n\u00b0817/SG  du  13  juin  2025  donnant  d\u00e9l\u00e9gation  de  signature  \u00e0\nMonsieur S\u00e9bastien LANOYE, sous-pr\u00e9fet de Montbard ;\nCONSIDERANT le d\u00e9c\u00e8s de Madame Yonne Gamblin, d\u00e9l\u00e9gu\u00e9e titulaire de l'administration\nau sein de la commission de contr\u00f4le des listes \u00e9lectorales de Grancey-Sur-Ource survenu\nle 3 mars 2025 ;\nVU la demande de la commune de Grancey-sur-Ource de d\u00e9signer un d\u00e9l\u00e9gu\u00e9 titulaire de\nl'administration et les propositions formul\u00e9es \u00e0 cet effet;\nSOUS-PR\u00c9FECTURE DE MONTBARD \u2013 54 rue Champfleury -  21500 Montbard\nt\u00e9l : 03.45.43.80.50 - m\u00e8l : sp-montbard@cote-dor.gouv.fr\nSite internet : http://www.cote-dor.gouv.fr\nSous-pr\u00e9fecture de Montbard - 21-2026-01-29-00008 - AP d\u00e9signation commission contr\u00f4le listes \u00e9lectorales Grancey sur Ource raa 41\nARRETE\nArticle 1er  :  Est nomm\u00e9, d\u00e9l\u00e9gu\u00e9e titulaire de l'administration au sein de la commission de\ncontr\u00f4le  des  listes  \u00e9lectorales  de  la  commune  de  Grancey-sur-Ource,  Monsieur\nC\u00e9dric DIPAYEN n\u00e9 le 6 f\u00e9vrier 1986 \u00e0 Clamart.\nArticle 2  : Monsieur le sous-pr\u00e9fet de Montbard et Monsieur le Maire de Grancey-sur-Ource\nsont charg\u00e9s, chacun en ce qui le concerne, de l'ex\u00e9cution du pr\u00e9sent arr\u00eat\u00e9 qui sera publi\u00e9\nau recueil des actes administratifs de la pr\u00e9fecture de la C\u00f4te d'Or, affich\u00e9 aux emplacements\nofficiels de la commune et notifi\u00e9 \u00e0 l'int\u00e9ress\u00e9e.\nFait \u00e0 Montbard, le 29 janvier 2026\nLe sous-pr\u00e9fet,\nsign\u00e9\nS\u00e9bastien LANOYE\nSOUS-PR\u00c9FECTURE DE MONTBARD \u2013 54 rue Champfleury -  21500 Montbard\nt\u00e9l : 03.45.43.80.50 - m\u00e8l : sp-montbard@cote-dor.gouv.fr\nSite internet : http://www.cote-dor.gouv.fr\nSous-pr\u00e9fecture de Montbard - 21-2026-01-29-00008 - AP d\u00e9signation commission contr\u00f4le listes \u00e9lectorales Grancey sur Ource raa 42\nSous-pr\u00e9fecture de Montbard\nP\u00f4le collectivit\u00e9s locales et d\u00e9veloppement\nterritorial\n21-2026-02-06-00002\nAP d\u00e9signation commission contr\u00f4le listes\n\u00e9lectorales La Roche en Brenil d\u00e9l\u00e9gu\u00e9 suppl\u00e9ant\nraa\nSous-pr\u00e9fecture de Montbard - 21-2026-02-06-00002 - AP d\u00e9signation commission contr\u00f4le listes \u00e9lectorales La Roche en Brenil\nd\u00e9l\u00e9gu\u00e9 suppl\u00e9ant raa 43\nExPREFETDE LACOTE-D'ORLibert\u00e9Egalit\u00e9Fraternit\u00e9\nSous-Pr\u00e9fecture de Montbard\nP\u00f4le collectivit\u00e9s locales et d\u00e9veloppement territorial                           Montbard, le 6 f\u00e9vrier 2026\nAffaire suivie par : Am\u00e9lie MILLOT-VIDET\nT\u00e9l :03.45.43.80.63\nm\u00e9l :amelie.millot-videt@cote-dor.gouv.fr\nArr\u00eat\u00e9\nPortant d\u00e9signation d'une d\u00e9l\u00e9gu\u00e9e suppl\u00e9ante du conseil municipal au sein de la\ncommission de contr\u00f4le des listes \u00e9lectorales de La Roche-en-Brenil\nLe sous-pr\u00e9fet de l'arrondissement de Montbard\nVU le code \u00e9lectoral et notamment son article L19 ;\nVU  l'instruction NOR/INTA 18301205 du 21 novembre 2018,  notamment le paragraphe 3\nalin\u00e9a b relatif \u00e0 la suppl\u00e9ance des membres de la commission de contr\u00f4le de la liste\n\u00e9lectorale ;\nVU le d\u00e9cret du 17 novembre 2023 portant nomination de Monsieur S\u00e9bastien LANOYE,\nsous-pr\u00e9fet de Montbard ;\nVU l'arr\u00eat\u00e9  pr\u00e9fectoral  du  7  mai  2024  portant  renouvellement  des  commissions  de\ncontr\u00f4le des listes \u00e9lectorales des communes du d\u00e9partement de la C\u00f4te d'Or ;\nVU  l'arr\u00eat\u00e9  pr\u00e9fectoral  n\u00b0817/SG  du  13  juin  2025  donnant  d\u00e9l\u00e9gation  de  signature  \u00e0\nMonsieur S\u00e9bastien LANOYE, sous-pr\u00e9fet de Montbard ;\nVU la d\u00e9signation par la commune de La Roche-en-Brenil d'un d\u00e9l\u00e9gu\u00e9 suppl\u00e9ant membre\ndu  conseil  municipal  pour  si\u00e9ger  au  sein  de  sa  commission  de  contr\u00f4le  des  listes\n\u00e9lectorales;\nARRETE\nSOUS-PR\u00c9FECTURE DE MONTBARD \u2013 54 rue Champfleury -  21500 Montbard\nt\u00e9l : 03.45.43.80.50 - m\u00e8l : sp-montbard@cote-dor.gouv.fr\nSite internet : http://www.cote-dor.gouv.fr\nSous-pr\u00e9fecture de Montbard - 21-2026-02-06-00002 - AP d\u00e9signation commission contr\u00f4le listes \u00e9lectorales La Roche en Brenil\nd\u00e9l\u00e9gu\u00e9 suppl\u00e9ant raa 44\nArticle 1er : Est nomm\u00e9e, d\u00e9l\u00e9gu\u00e9e suppl\u00e9ante du conseil municipal au sein de la commission\nde  contr\u00f4le  des  listes  \u00e9lectorales  de  la  commune  de  La  Roche-en-Brenil,  Madame\nMarie-H\u00e9l\u00e8ne LOUVET \u00e9pouse LESNIEWSKA n\u00e9e le 7 juin 1964 \u00e0 La Roche-en-Brenil.\nArticle 2  : Monsieur le sous-pr\u00e9fet de Montbard et Monsieur le Maire de La Roche-en-Brenil\nsont charg\u00e9s, chacun en ce qui le concerne, de l'ex\u00e9cution du pr\u00e9sent arr\u00eat\u00e9 qui sera publi\u00e9\nau recueil des actes administratifs de la pr\u00e9fecture de la C\u00f4te d'Or, affich\u00e9 aux emplacements\nofficiels de la commune et notifi\u00e9 \u00e0 l'int\u00e9ress\u00e9.\nFait \u00e0 Montbard, le 6 f\u00e9vrier 2026\nLe sous-pr\u00e9fet,\nsign\u00e9\nS\u00e9bastien LANOYE\nSOUS-PR\u00c9FECTURE DE MONTBARD \u2013 54 rue Champfleury -  21500 Montbard\nt\u00e9l : 03.45.43.80.50 - m\u00e8l : sp-montbard@cote-dor.gouv.fr\nSite internet : http://www.cote-dor.gouv.fr\nSous-pr\u00e9fecture de Montbard - 21-2026-02-06-00002 - AP d\u00e9signation commission contr\u00f4le listes \u00e9lectorales La Roche en Brenil\nd\u00e9l\u00e9gu\u00e9 suppl\u00e9ant raa 45","date":"2026-02-10","first_seen_on":"2026-02-10T17:17:54+00:00","id":"3be4a648020fab3707b17b0750c46e67def02eb49a162b55f750f6ae4d67b71b","name":"RAA n\u00b0 031 du 10 f\u00e9vrier 2026","pdf_creation_date":"2026-02-10T15:17:00+00:00","pdf_modification_date":null,"timezone":"Europe/Paris","url":"https://www.cote-dor.gouv.fr/contenu/telechargement/25566/195595/file/recueil-21-2026-031-recueil-des-actes-administratifs-special.pdf"}
