{"administration":"pref75","administration_name":"Pr\u00e9fecture de Paris","content":"PREFECTURE\nDE PARIS\nRECUEIL DES ACTES\nADMINISTRATIFS SP\u00c9CIAL\nN\u00b075-2025-770\nPUBLI\u00c9 LE 23 D\u00c9CEMBRE 2025\nSommaire\nAgence R\u00e9gionale de Sant\u00e9 d'Ile-de-France / D\u00e9l\u00e9gation\nD\u00e9partementale de Paris\n75-2025-11-04-00023 - Arr\u00eat\u00e9 n\u00b0 2025 - 297 portant renouvellement\nde l'autorisation de l'EAM (Etablissement d'Accueil M\u00e9dicalis\u00e9)\nHOVIA Paris 16, sis 29 rue F\u00e9licien David \u00e0 PARIS (75116),g\u00e9r\u00e9 par\nl'association HOVIA (4 pages) Page 4\n75-2025-11-04-00022 - Arr\u00eat\u00e9 n\u00b0 2025 - 298 portant renouvellement\nde l'autorisation de l'\u00c9tablissement d'Accueil M\u00e9dicalis\u00e9\nSimone Veil sis \u00e0 5 All\u00e9e Eug\u00e9nie \u00e0 Paris 75015 g\u00e9r\u00e9 par\nl'association Autisme en Ile-de-France (3 pages) Page 9\n75-2025-11-04-00021 - Arr\u00eat\u00e9 n\u00b0 2025 - 299 portant renouvellement\nde l'autorisation du Service d'accompagnement m\u00e9dico-social pour\nadultes handicap\u00e9s (SAMSAH) OEuvre Falret sis 27 rue Pajol \u00e0 Paris\n75018, g\u00e9r\u00e9 par La Fondation FALRET (3 pages) Page 13\n75-2025-11-04-00020 - Arr\u00eat\u00e9 n\u00b0 2025 - 300 portant renouvellement\nde l'autorisation de l'EAM Sainte Genevi\u00e8ve\nsis au 6 rue Giordano\nBruno 75015 Paris g\u00e9r\u00e9 par l'association Notre Dame de Bon Secours\n(4 pages) Page 17\n75-2025-11-04-00019 - Arr\u00eat\u00e9 n\u00b0 2025 - 301 portant renouvellement\nd'autorisation du Service d'Accompagnement M\u00e9dico-Social pour\nAdultes Handicap\u00e9s (SAMSAH) au sis au 14, rue de la Fontaine \u00e0 Mulard\n75013 Paris\ng\u00e9r\u00e9 par l'association R\u00e9seau de sant\u00e9 Prepsy (4\npages) Page 22\nDirection r\u00e9gionale et interd\u00e9partementale de l'\u00e9conomie, de l'emploi,\ndu travail et des solidarit\u00e9s d'\u00cele-de-France / Unit\u00e9 d\u00e9partementale\nde Paris\n75-2025-12-23-00001 - D\u00e9cision relative \u00e0  l'agr\u00e9ment entreprise\nsolidaire d'utilit\u00e9 sociale (ESUS) (Terre d'ocre) (2 pages) Page 27\nPr\u00e9fecture de Police / Cabinet\n75-2025-12-22-00016 - Arr\u00eat\u00e9 2025-01697 du 22 d\u00e9cembre 2025 \nautorisant la captation, l'enregistrement et la transmission d'images\nau moyen de cam\u00e9ras install\u00e9es sur des a\u00e9ronefs les 23 et 24\nd\u00e9cembre 2025 \u00e0 l'occasion \u00e0 l'occasion de matchs de poule de\nla Coupe d'Afrique des Nations 2025 (5 pages) Page 30\n75-2025-12-22-00015 - Arr\u00eat\u00e9 n\u00b02025-01696 du 22 d\u00e9cembre 2025\nportant mesures de police applicables \u00e0 Paris du 23 d\u00e9cembre 2025 au\n1er janvier 2026 \u00e0 l'occasion des matchs de poule de la Coupe\nd'Afrique des Nations 2025 (5 pages) Page 36\n2\n75-2025-12-22-00017 - Arr\u00eat\u00e9 n\u00b02025-01698 du 22 d\u00e9cembre\n2025\nmodifiant l'arr\u00eat\u00e9 n\u00b02025-01691 du 22 d\u00e9cembre 2025\nportant interdiction temporaire de port et de transport sans motif\nl\u00e9gitime d'armes et d'objets pouvant constituer une arme \u00e0 Paris\net dans les d\u00e9partements des Hauts-de-Seine, de la Seine-Saint-Denis et\ndu Val-de-Marne du 23 d\u00e9cembre 2025 au 1er janvier 2026 inclus (2\npages) Page 42\nPr\u00e9fecture de Police / D\u00e9l\u00e9gation pour la s\u00e9curit\u00e9 et la suret\u00e9 des\nplateformes a\u00e9roportuaires de Paris\n75-2025-12-18-00007 - Arr\u00eat\u00e9  pr\u00e9fectoral n\u00b0 2025 - 437 du 18\nd\u00e9cembre 2025 prolongeant la dur\u00e9e de validit\u00e9 de l'arr\u00eat\u00e9\n2025-287 du 28 ao\u00fbt 2025 r\u00e9glementant\ntemporairement les\nconditions de circulation pour permettre le remplacement des passerelles\nau niveau du Sheraton, gare TGV - Module MN du terminal 2 de\nl'a\u00e9roport Paris-Charles de Gaulle   (2 pages) Page 45\n75-2025-12-18-00008 - Arr\u00eat\u00e9  pr\u00e9fectoral n\u00b02025 - 435 du 18\nd\u00e9cembre 2025 r\u00e9glementant temporairement les conditions de\ncirculation pour permettre\nle remplacement d'un mobilier publicitaire\nen bordure de l'axe rouge de l'A\u00e9roport Paris-Charles de Gaulle (3\npages) Page 48\n75-2025-12-18-00009 - Arr\u00eat\u00e9 pr\u00e9fectoral n\u00b02025-430 du 18\nd\u00e9cembre 2025 prolongeant la dur\u00e9e de validit\u00e9 de l'arr\u00eat\u00e9\n2025-278 du 4 aout 2025 r\u00e8glementant temporairement les conditions de\ncirculation pour permettre la mise aux normes des ouvrages d'art K12A\nK12B et K11 de l'a\u00e9roport Paris-Charles de Gaulle (2 pages) Page 52\n3\nAgence R\u00e9gionale de Sant\u00e9 d'Ile-de-France\n75-2025-11-04-00023\nArr\u00eat\u00e9 n\u00b0 2025 - 297 portant renouvellement de\nl'autorisation de l'EAM (Etablissement d'Accueil\nM\u00e9dicalis\u00e9) HOVIA Paris 16, sis 29 rue F\u00e9licien\nDavid \u00e0 PARIS (75116),g\u00e9r\u00e9 par l'association\nHOVIA\nAgence R\u00e9gionale de Sant\u00e9 d'Ile-de-France - 75-2025-11-04-00023 - Arr\u00eat\u00e9 n\u00b0 2025 - 297 portant renouvellement de l'autorisation de\nl'EAM (Etablissement d'Accueil M\u00e9dicalis\u00e9) HOVIA Paris 16, sis 29 rue F\u00e9licien David \u00e0 PARIS (75116),g\u00e9r\u00e9 par l'association HOVIA 4\nREPUBLIQUEFRAN\u00c7AISELibert\u00e9Egalit\u00e9Fraternit\u00e9\nVILLE DEPARIS\u00a9 \u00bb Agence R\u00e9gionale de Sant\u00e9Ile-de-France\n \n      \n \n \n \n \n \n \n \nAGENCE R\u00c9GIONALE DE SANT\u00c9 \u00ceLE-DE-FRANCE \n \nARRETE N\u00b0   2025 \u2013 297  \n \nportant renouvellement de l'autorisation de l'EAM (Etablissement d'Accueil M\u00e9dicalis\u00e9) \nHOVIA Paris 16, sis 29 rue F\u00e9licien David \u00e0 PARIS (75116), \ng\u00e9r\u00e9 par l'association HOVIA  \n \n \n \nLE DIRECTEUR G\u00c9N\u00c9RAL DE L'AGENCE R\u00c9GIONALE DE SANT\u00c9 \u00ceLE-DE-France \nLA MAIRE DE PARIS \n \n \nVU le code de l'action sociale et des familles et notamment les articles L. 312-1, L. 313-1,  \nL. 314-3 et suivants ; \n \nVU        le d\u00e9cret du 10 avril 2024 portant nomination de Monsieur Denis ROBIN, Directeur g\u00e9n\u00e9ral \nde l'Agence r\u00e9gionale de sant\u00e9 \u00cele-de-France \u00e0 compter du 29 avril 2024 ; \n \nVU l'arr\u00eat\u00e9 DS n\u00b0018/2025 portant d\u00e9l\u00e9gation de signature du Directeur G\u00e9n\u00e9ral de l'Agence \nR\u00e9gionale de Sant\u00e9 d'\u00cele -de-France vers le Directeur D\u00e9partementale de Paris dat\u00e9 du 17 \njuillet 2025 ; \n \nVU       l'arr\u00eat\u00e9 du 17 mars 2025 portant d\u00e9l\u00e9gation de signature de la Maire de Paris ; \n \nVU l'arr\u00eat\u00e9 n\u00b0 DIRNOV-2023/08 de la Directrice g\u00e9n\u00e9rale de l'Agence r\u00e9gionale de sant\u00e9 \u00cele-de-\nFrance en date du 26 octobre 2023 portant adoption du cadre d'orientation strat\u00e9gique 2018-\n2028 du projet r\u00e9gional de sant\u00e9 d'\u00cele-de-France ; \n \nVU l'arr\u00eat\u00e9 n\u00b0 DIRNOV-2023/09 de la Directrice g\u00e9n\u00e9rale de l'Agence r\u00e9gionale de sant\u00e9 \u00cele-de-\nFrance en date du 26 octobre 2023 portant adoption du sch\u00e9ma r\u00e9gional de sant\u00e9 2023-2028 \ndu projet r\u00e9gional de sant\u00e9 d'\u00cele-de-France, modifi\u00e9 par l'arr\u00eat\u00e9 n\u00b0DIRNOV-2023/09 en date \ndu 12 janvier 2024 ; \n \nVU l'arr\u00eat\u00e9 n\u00b0 2023-346 de la Directrice g\u00e9n\u00e9rale de l'Agence r\u00e9gionale de sant\u00e9 \u00cele-de-France \nen date du 4 d\u00e9cembre 2023 \u00e9tablissant le programme interd\u00e9partemental \nd'accompagnement des handicaps et de la perte d'autonomie (PRIAC) 2023 -2027 pour la \nr\u00e9gion \u00cele-de-France ; \n \nVU  le Sch\u00e9ma d\u00e9partemental en faveur des personnes handicap\u00e9es ; \n \nVU l'arr\u00eat\u00e9 n\u00b0 2010-166 portant autorisation de cr\u00e9ation du Foyer d'Accueil M\u00e9dicalis\u00e9 de 40 \nplaces en date du 05 octobre 2010, port\u00e9 par l'association \u0152uvre de l'Hospitalit\u00e9 du Travail, \nsis au 52 Avenue de Versailles 75016 Paris. \n  \nVU  l'arr\u00eat\u00e9 n\u00b02019-241 portant cession en date du 19 d\u00e9cembre 2019 de l'autorisation de l'EAM \n(Etablissement d'accueil m\u00e9dicalis\u00e9) de l'\u0153uvre de l'Hospitalit\u00e9 du Travail (OHT) , g\u00e9r\u00e9 par \nl'association \u00ab \u0152uvre de l'Hospitalit\u00e9 du Travail \u00bb au profit de l'association \u00ab Le Moulin Vert \u00bb ; \nAgence R\u00e9gionale de Sant\u00e9 d'Ile-de-France - 75-2025-11-04-00023 - Arr\u00eat\u00e9 n\u00b0 2025 - 297 portant renouvellement de l'autorisation de\nl'EAM (Etablissement d'Accueil M\u00e9dicalis\u00e9) HOVIA Paris 16, sis 29 rue F\u00e9licien David \u00e0 PARIS (75116),g\u00e9r\u00e9 par l'association HOVIA 5\n       2 \n \nVU l'arr\u00eat\u00e9 conjoint N\u00b02022-164 ent\u00e9rinant le changement de d\u00e9nomination de l'association \u00ab le \nMoulin Vert \u00bb en association \u00ab  HOVIA \u00bb et autorisant le changement de d\u00e9nomination des \n\u00e9tablissements CAMSP HOVIA Paris 15, CMPP HOVIA Paris 18, IME HOVIA Paris 17, ESAT \nHOVIA Paris 16 et EAM Hovia Paris 16, en date du 28 septembre 2022 ; \n \nVU      l'arr\u00eat\u00e9 2024-380 portant autorisation d'extension de capacit\u00e9 de 40 \u00e0 60 places de l'EAM \nHOVIA Paris 16 ; \n \nVU les conclusions du rapporteur de l'\u00e9valuation externe adress\u00e9es \u00e0 l'Agence r\u00e9gionale de \nsant\u00e9 \u00cele-de-France le 28 juin 2024. \n \n \nCONSID\u00c9RANT   que l'\u00e9valuateur externe AFNOR CERTIFICATION indique que les r\u00e9sultats \nde l'ensemble des crit\u00e8res imp\u00e9ratifs \u00e9valu\u00e9s sont satisfaisants  ; \n \nCONSID\u00c9RANT  que le projet r\u00e9pond \u00e0 un besoin de d\u00e9veloppement de l'offre m\u00e9dico-sociale \nidentifi\u00e9 \u00e0 Paris pour les personnes concern\u00e9es par des troubles psychiques \nstabilis\u00e9s associ\u00e9s \u00e0 d'autres troubles et/ou chronicis\u00e9s ;  \n \nCONSID\u00c9RANT qu'il est  compatible avec les objectifs et r\u00e9pond aux besoins sociaux et \nm\u00e9dico-sociaux fix\u00e9s par le sch\u00e9ma r\u00e9gional de sant\u00e9 ;  \n \nCONSID\u00c9RANT qu'il satisfait aux r\u00e8gles d'organisation et de fonctionnement pr\u00e9vues par le \ncode de l'action sociale et des familles ;  \n \nCONSID\u00c9RANT qu'il pr\u00e9sente un co\u00fbt de fonctionnement en ann\u00e9e pleine compatible avec le \nPRIAC \u00cele-de-France et avec le montant de l'une des dotations mentionn\u00e9 es \n\u00e0 l'article L. 314-3 du code de l'action sociale et des familles ; \n \nCONSID\u00c9RANT  que l'op\u00e9ration peut s'effectuer \u00e0 moyens constants et n'entra\u00eene donc aucun \nsurco\u00fbt ; \n \n \n \nARR\u00caTENT  \n \nARTICLE 1er : L'autorisation d\u00e9livr\u00e9e \u00e0 l'EAM (Etablissement d'Accueil M\u00e9dicalis\u00e9) HOVIA Paris 16 sis \nau 29, rue F\u00e9licien David \u00e0 PARIS (75116) est renouvel\u00e9e \u00e0 compter du 06 octobre 2025 \npour une dur\u00e9e de quinze ans. \n \n \nARTICLE 2e :  La capacit\u00e9 totale de l'\u00e9tablissement est de 60 places destin\u00e9es \u00e0 des personnes adultes \n\u00e0 partir de 20 ans en situation de handicap psychique, r\u00e9parties comme suit : \n \n\u2022 40 places d'internat \n\u2022 20 places en milieu ordinaire \n \nARTICLE 3e :   Conform\u00e9ment aux termes du dernier alin\u00e9a du I de l'article D. 312 -0-3 du code de   \nl'action sociale et des familles, a ucune sp\u00e9cialisation n'exclut la prise en charge des \npersonnes pr\u00e9sentant des troubles associ\u00e9s \u00e0 ceux qui font l'objet de la pr\u00e9sente \nautorisation. \n \nARTICLE 4e :   Cette structure est r\u00e9pertori\u00e9e dans le Fichier National des Etablissements Sanitaires \net Sociaux (FINESS) de la fa\u00e7on suivante : \nAgence R\u00e9gionale de Sant\u00e9 d'Ile-de-France - 75-2025-11-04-00023 - Arr\u00eat\u00e9 n\u00b0 2025 - 297 portant renouvellement de l'autorisation de\nl'EAM (Etablissement d'Accueil M\u00e9dicalis\u00e9) HOVIA Paris 16, sis 29 rue F\u00e9licien David \u00e0 PARIS (75116),g\u00e9r\u00e9 par l'association HOVIA 6\nsigneSigne\n       3 \n \nN\u00b0 FINESS de l'\u00e9tablissement : 75 004 869 6 \n \nCode \ncat\u00e9gorie : \n[448] \u2013 Etablissement d'Accueil M\u00e9dicalis\u00e9 pour \nAdultes Handicap\u00e9s (E.A.M.) \nCode \ndiscipline :  \n \n[966] Accueil et accompagnement \nm\u00e9dicalis\u00e9 personnes handicap\u00e9es]  \n \nCode \nfonctionnement  \n(mode d'accueil et \nd'accompagnement) :  \n \n[11] H\u00e9bergement Complet Internat \n[16] Prestation en milieu ordinaire \n40 places \n20 places \nCode client\u00e8le : \n \n[206] Handicap psychique 60 places \n \nCode mode de fixation des tarifs : [09] ARS PCD mixte (2 arr\u00eat\u00e9s), habilit\u00e9 aide sociale \nN\u00b0 FINESS du gestionnaire : 75 072 102 9 \n     Code statut : [61] Association Loi 1901 Reconnue d'Utilit\u00e9 Publique \n \n \nARTICLE 5e :   Tout changement important dans l'activit\u00e9, l'installation, l'organisation, la direction ou le \nfonctionnement de l'\u00e9tablissement  ou du service  doit \u00eatre port\u00e9 \u00e0 la connaissance de \nl'autorit\u00e9 comp\u00e9tente. \n \n \nARTICLE 6e :  Un recours contre le pr\u00e9sent arr\u00eat\u00e9 peut \u00eatre form\u00e9 devant le tribunal administratif \ncomp\u00e9tent dans un d\u00e9lai de deux mois \u00e0 compter de sa notification ou, pour les tiers, \u00e0 \ncompter de sa publication.   \n \n \nARTICLE 7e :   Le Directeur de la d\u00e9l\u00e9gation d\u00e9partementale de Paris de l'Agence r\u00e9gionale de sant\u00e9 \n\u00cele-de-France et la Maire de Paris  sont charg\u00e9s, chacun en ce qui le concerne, de \nl'ex\u00e9cution du pr\u00e9sent arr\u00eat\u00e9  qui sera publi\u00e9 au recueil des acte s administratifs de la \nR\u00e9gion \u00cele-de-France et au portail des publications administratives de la Ville de Paris/ \n \n \n Fait \u00e0 Saint-Denis, le 4 nov. 2025  \n \n \nPour le Directeur g\u00e9n\u00e9ral \nde l'Agence r\u00e9gionale de sant\u00e9 \n\u00cele-de-France et par d\u00e9l\u00e9gation \n \n \n \n \n \nEsther LEPAICHEUX \nDirectrice adjointe de la D\u00e9l\u00e9gation \nD\u00e9partementale de Paris \n \n Pour la Maire de Paris \nLe Directeur adjoint des Solidarit\u00e9s \n \n \n \n \n \n \nJacques BERGER  \n \n \n  \nAgence R\u00e9gionale de Sant\u00e9 d'Ile-de-France - 75-2025-11-04-00023 - Arr\u00eat\u00e9 n\u00b0 2025 - 297 portant renouvellement de l'autorisation de\nl'EAM (Etablissement d'Accueil M\u00e9dicalis\u00e9) HOVIA Paris 16, sis 29 rue F\u00e9licien David \u00e0 PARIS (75116),g\u00e9r\u00e9 par l'association HOVIA 7\n       4 \n \n \n \n \n \n \n \n \nAgence R\u00e9gionale de Sant\u00e9 d'Ile-de-France - 75-2025-11-04-00023 - Arr\u00eat\u00e9 n\u00b0 2025 - 297 portant renouvellement de l'autorisation de\nl'EAM (Etablissement d'Accueil M\u00e9dicalis\u00e9) HOVIA Paris 16, sis 29 rue F\u00e9licien David \u00e0 PARIS (75116),g\u00e9r\u00e9 par l'association HOVIA 8\nAgence R\u00e9gionale de Sant\u00e9 d'Ile-de-France\n75-2025-11-04-00022\nArr\u00eat\u00e9 n\u00b0 2025 - 298 portant renouvellement de\nl'autorisation de l'\u00c9tablissement d'Accueil\nM\u00e9dicalis\u00e9 Simone Veil sis \u00e0 5 All\u00e9e Eug\u00e9nie \u00e0\nParis 75015 g\u00e9r\u00e9 par l'association Autisme en\nIle-de-France\nAgence R\u00e9gionale de Sant\u00e9 d'Ile-de-France - 75-2025-11-04-00022 - Arr\u00eat\u00e9 n\u00b0 2025 - 298 portant renouvellement de l'autorisation de\nl'\u00c9tablissement d'Accueil M\u00e9dicalis\u00e9 Simone Veil sis \u00e0 5 All\u00e9e Eug\u00e9nie \u00e0 Paris 75015 g\u00e9r\u00e9 par l'association Autisme en Ile-de-France 9\nREPUBLIQUEFRANCAISELibert\u00e9Egalit\u00e9Fraternit\u00e9\nVILLE DEPARIS\u00a9 D Agence R\u00e9gionale de Sant\u00e9lle-de-France\n \n \n \n \n \n \n \n \n \n \n \nAGENCE R\u00c9GIONALE DE SANT\u00c9 \u00ceLE-DE-FRANCE \n \nARRETE N\u00b02025 \u2013 298  \n  \nportant renouvellement de l'autorisation de l'Etablissement d'Accueil M\u00e9dicalis\u00e9 Simone \nVeil sis \u00e0 5 All\u00e9e Eug\u00e9nie \u00e0 Paris 75015 \ng\u00e9r\u00e9 par l'association Autisme en Ile-de-France \n \n \nLE DIRECTEUR G\u00c9N\u00c9RAL DE L'AGENCE R\u00c9GIONALE DE SANT\u00c9 \u00ceLE-DE-FRANCE \nLa MAIRIE DE PARIS \n \n \n \nVU le code de l'action sociale et des familles et notamment les articles L. 312-1, L. 313-1,   L. \n314-3 et suivants ; \n \nVU le code g\u00e9n\u00e9ral des collectivit\u00e9s territoriales ; \n \nVU        le d\u00e9cret du 10 avril 2024 portant nomination de Monsieur Denis ROBIN, Directeur g\u00e9n\u00e9ral \nde l'Agence r\u00e9gionale de sant\u00e9 \u00cele-de-France \u00e0 compter du 29 avril 2024 ; \n \nVU l'arr\u00eat\u00e9 DS n\u00b001 8/2025 portant d\u00e9l\u00e9gation de signature du Directeur G\u00e9n\u00e9ral de l'ARS \nvers le directeur de la d\u00e9l\u00e9gation d\u00e9partementale de Paris en date du 17 juillet 2025 ; \n \nVU l'arr\u00eat\u00e9 du 17 mars 2025 portant d\u00e9l\u00e9gation de signature de la Maire de Paris ; \n \nVU l'arr\u00eat\u00e9 n\u00b0 DIRNOV-2023/08 de la Directrice g\u00e9n\u00e9rale de l'Agence r\u00e9gionale de sant\u00e9 \u00cele-\nde-France en date du 26 octobre 2023 portant adoption du cadre d'orientation strat\u00e9gique \n2018-2028 du projet r\u00e9gional de sant\u00e9 d'\u00cele-de-France ; \n \nVU l'arr\u00eat\u00e9 n\u00b0 DIRNOV-2023/09 de la Directrice g\u00e9n\u00e9rale de l'Agence r\u00e9gionale de sant\u00e9 \u00cele-\nde-France en date du 26 octobre 2023 portant adoption du sch\u00e9ma r\u00e9gional de sant\u00e9 \n2023-2028 du projet r\u00e9gional de sant\u00e9 d' \u00cele-de-France, modifi\u00e9 par l'arr\u00eat\u00e9 n\u00b0DIRNOV -\n2023/09 en date du 12 janvier 2024 ; \n \nVU l'arr\u00eat\u00e9 n\u00b0 2023-346 de la Directrice g\u00e9n\u00e9rale de l'Agence r\u00e9gionale de sant\u00e9 \u00cele-de-France \nen date du 4 d\u00e9cembre 2023 \u00e9tablissant le programme interd\u00e9partemental \nd'accompagnement des handicaps et de la perte d'autonomie (PRIAC) 2023-2027 pour la \nr\u00e9gion \u00cele-de-France ; \n \nVU  le Sch\u00e9ma d\u00e9partemental en faveur des personnes handicap\u00e9es ; \n \nVU l'arr\u00eat\u00e9 n\u00b02010-171 portant cr\u00e9ation du Foyer d'accueil m\u00e9dicalis\u00e9  Simone Veil sis \u00e0 5 \nAll\u00e9e Eug\u00e9nie \u00e0 Paris 75015 g\u00e9r\u00e9 par l'association Autisme 75 ; \nAgence R\u00e9gionale de Sant\u00e9 d'Ile-de-France - 75-2025-11-04-00022 - Arr\u00eat\u00e9 n\u00b0 2025 - 298 portant renouvellement de l'autorisation de\nl'\u00c9tablissement d'Accueil M\u00e9dicalis\u00e9 Simone Veil sis \u00e0 5 All\u00e9e Eug\u00e9nie \u00e0 Paris 75015 g\u00e9r\u00e9 par l'association Autisme en Ile-de-France 10\n       2 \n \n \nVU     l'arr\u00eat\u00e9 n\u00b02019-177 portant autorisation d'extension de capacit\u00e9 de 19 places de l'EAM \nSimone Veil, g\u00e9r\u00e9 par l'association Autisme en Ile-de-France \n \nVU les conclusions du rapporteur de l'\u00e9valuation externe adress\u00e9es \u00e0 l'Agence r\u00e9gionale de \nsant\u00e9 \u00cele-de-France le 19 mars 2024. \n \n \n \n \nCONSID\u00c9RANT  que le projet r\u00e9pond \u00e0 un besoin de d\u00e9veloppement de l'offre m\u00e9dico -\nsociale identifi\u00e9 sur le d\u00e9partement de Paris destin\u00e9es \u00e0 des adultes \npr\u00e9sentant des troubles du spectre de l'autisme. \n \nCONSID\u00c9RANT qu'il est compatible avec les objectifs et r\u00e9pond aux besoins sociaux et \nm\u00e9dico-sociaux fix\u00e9s par le sch\u00e9ma r\u00e9gional de sant\u00e9 ;  \n \nCONSID\u00c9RANT qu'il satisfait aux r\u00e8gles d'organisation et de fonctionnement pr\u00e9vues par le \ncode de l'action sociale et des familles ;  \n \nCONSID\u00c9RANT qu'il pr\u00e9sente un co\u00fbt de fonctionnement en ann\u00e9e pleine compatible avec \nle PRIAC  \u00cele-de-France et avec le montant de l'une des dotations \nmentionn\u00e9es \u00e0 l'article L. 314-3 du code de l'action sociale et des familles ; \n \nCONSID\u00c9RANT  que l'op\u00e9ration peut s'effectuer  \u00e0 moyens constants et n'entra\u00eene donc \naucun surco\u00fbt ; \n \n \n      \nARR\u00caTE  \n \nARTICLE 1er : L'autorisation d\u00e9livr\u00e9e \u00e0 l'association Autisme en Ile -de-France relative \u00e0 la gestion \nde l'EAM Simone Veil sis 5 All\u00e9e Eugenie \u00e0 Paris 75015 destin\u00e9 \u00e0 accueillir des \nadultes \u00e0 partir de 20 ans , est renouvel\u00e9e \u00e0 compter du 5 octobre 2025  pour une \ndur\u00e9e de quinze ans. \n \n \nARTICLE 2e :  La capacit\u00e9 totale de l'EAM Simone Veil est de 49 places destin\u00e9es \u00e0 des adultes \npr\u00e9sentant des troubles du spectre de l'autisme. \n \nDans la limite de cette capacit\u00e9, il est en mesure d'assurer aux personnes qu'il accueille \nen fonction de leurs besoins, et dans la limite des places disponibles, les modalit\u00e9s \nd'accueil et d'accompagnement suivantes : \u00e0 titre permanent, temporaire ou selon un \nmode s\u00e9quentiel, \u00e0 temps complet ou partiel, avec ou sans h\u00e9bergement.  \n \nARTICLE 3e : Conform\u00e9ment aux termes du dernier alin\u00e9a du I de l'article D. 312 -0-3 du code de \nl'action sociale et des familles, a ucune sp\u00e9cialisation n'exclut la prise en charge de \npersonnes pr\u00e9sentant des troubles associ\u00e9s \u00e0 ceux qui font l'objet de la pr\u00e9sente \nautorisation.  \n \nARTICLE 4e : Cette structure est r\u00e9pertori\u00e9e dans le Fichier National des Etablissements Sanitaires \net Sociaux (FINESS) de la fa\u00e7on suivante : \nN\u00b0 FINESS de l'\u00e9tablissement : 750 04 875 3 \n \nAgence R\u00e9gionale de Sant\u00e9 d'Ile-de-France - 75-2025-11-04-00022 - Arr\u00eat\u00e9 n\u00b0 2025 - 298 portant renouvellement de l'autorisation de\nl'\u00c9tablissement d'Accueil M\u00e9dicalis\u00e9 Simone Veil sis \u00e0 5 All\u00e9e Eug\u00e9nie \u00e0 Paris 75015 g\u00e9r\u00e9 par l'association Autisme en Ile-de-France 11\nsig\"Sige\n       3 \n \nCode cat\u00e9gorie : [448] - Etablissement d'Accueil M\u00e9dicalis\u00e9 pour personnes \nhandicap\u00e9es \nCode discipline :  [966] - Accueil et Accompagnement m\u00e9dicalis\u00e9 personnes \nhandicap\u00e9es \n \nCode fonctionnement  \n(mode d'accueil et \nd'accompagnement) :  \n[21] - Accueil de Jour 16 places  \n[11] \u2013 H\u00e9bergement Complet Internat 33 places \n \nCode client\u00e8le : \n \n[437] - Troubles du spectre de l'autisme \n \n49 places \n \nCode mode de fixation des tarifs : [09] ARS PCD mixte HAS \nN\u00b0 FINESS du gestionnaire : 75 006 352 1 \n \nCode statut : 60 (Association type loi 1901 non reconnue d'utilit\u00e9 publique) \n \n \n \nARTICLE 5e :   Tout changement important dans l'activit\u00e9, l'installation, l'organisation, la direction ou \nle fonctionnement de l'\u00e9tablissement ou du service doit \u00eatre port\u00e9 \u00e0 la connaissance \nde l'autorit\u00e9 comp\u00e9tente. \n \n \nARTICLE 6e :  Un recours contre le pr\u00e9sent arr\u00eat\u00e9 peut \u00eatre form\u00e9 devant le tribunal administratif \ncomp\u00e9tent dans un d\u00e9lai de deux mois \u00e0 compter de sa notification ou, pour les tiers, \n\u00e0 compter de sa publication.   \n \n \nARTICLE 7e :   Le Directeur de la d\u00e9l\u00e9gation d\u00e9partementale de Paris de l'Agence r\u00e9gionale de sant\u00e9 \n\u00cele-de-France et la Maire de Paris  sont charg\u00e9s, chacun en ce qui le concerne, de \nl'ex\u00e9cution du pr\u00e9sent arr\u00eat\u00e9 qui sera publi\u00e9 aux recueils des actes administratifs de \nla R\u00e9gion \u00cele -de-France et au portail des publications administratives de la Ville de \nParis. \n \n        \n       Fait \u00e0 Saint-Denis, le 4 nov. 2025  \n \n \n         \nPour le Directeur g\u00e9n\u00e9ral \nde l'Agence r\u00e9gionale sant\u00e9 \nd'\u00cele-de-France et par d\u00e9l\u00e9gation \n \n \n \n \n \nEsther LEPAICHEUX \nDirectrice adjointe de la D\u00e9l\u00e9gation \nD\u00e9partementale de Paris \n \nPour la Maire de Paris \nLe Directeur adjoint des solidarit\u00e9s \n \n \n \n \n \nJacques BERGER  \n \n \n \n \n \n \n \nAgence R\u00e9gionale de Sant\u00e9 d'Ile-de-France - 75-2025-11-04-00022 - Arr\u00eat\u00e9 n\u00b0 2025 - 298 portant renouvellement de l'autorisation de\nl'\u00c9tablissement d'Accueil M\u00e9dicalis\u00e9 Simone Veil sis \u00e0 5 All\u00e9e Eug\u00e9nie \u00e0 Paris 75015 g\u00e9r\u00e9 par l'association Autisme en Ile-de-France 12\nAgence R\u00e9gionale de Sant\u00e9 d'Ile-de-France\n75-2025-11-04-00021\nArr\u00eat\u00e9 n\u00b0 2025 - 299 portant renouvellement de\nl'autorisation du Service d'accompagnement\nm\u00e9dico-social pour adultes handicap\u00e9s\n(SAMSAH) OEuvre Falret sis 27 rue Pajol \u00e0 Paris\n75018, g\u00e9r\u00e9 par La Fondation FALRET\nAgence R\u00e9gionale de Sant\u00e9 d'Ile-de-France - 75-2025-11-04-00021 - Arr\u00eat\u00e9 n\u00b0 2025 - 299 portant renouvellement de l'autorisation du\nService d'accompagnement m\u00e9dico-social pour adultes handicap\u00e9s (SAMSAH) OEuvre Falret sis 27 rue Pajol \u00e0 Paris 75018, g\u00e9r\u00e9 par La\nFondation FALRET\n13\nREPUBLIQUEFRANCAISELibert\u00e9Egalit\u00e9Fraternit\u00e9\nVILLE DEPARIS\u00a9 D Agence R\u00e9gionale de Sant\u00e9lle-de-France\n \n \n \n \n \n \n \n \n \n \nAGENCE R\u00c9GIONALE DE SANT\u00c9 \u00ceLE-DE-FRANCE \n \nARRETE N\u00b02025 \u2013 299  \n  \nportant renouvellement de l'autorisation du Service d'accompagnement m\u00e9dico-social \npour adultes handicap\u00e9s (SAMSAH) \u0152uvre Falret sis 27 rue Pajol \u00e0 Paris 75018, \ng\u00e9r\u00e9 par La Fondation FALRET \n \n \n \nLE DIRECTEUR G\u00c9N\u00c9RAL DE L'AGENCE R\u00c9GIONALE DE SANT\u00c9 \u00ceLE-DE-FRANCE \nLa MAIRIE DE PARIS \n \n \n \nVU le code de l'action sociale et des familles et notamment les articles L. 312-1, L. 313-1,   L. \n314-3 et suivants ; \n \nVU le code g\u00e9n\u00e9ral des collectivit\u00e9s territoriales ; \n \nVU        le d\u00e9cret du 10 avril 2024 portant nomination de Monsieur Denis ROBIN, Directeur g\u00e9n\u00e9ral \nde l'Agence r\u00e9gionale de sant\u00e9 \u00cele-de-France \u00e0 compter du 29 avril 2024 ; \n \nVU l'arr\u00eat\u00e9 DS n\u00b00 18/2025 portant d\u00e9l\u00e9gation de signature du Directeur G\u00e9n\u00e9ral de l'ARS \nvers le directeur de la d\u00e9l\u00e9gation d\u00e9partementale de Paris en date du 17 juillet 2025 ; \n \nVU l'arr\u00eat\u00e9 du 17 mars 2025 portant d\u00e9l\u00e9gation de signature de la Maire de Paris ; \n \nVU l'arr\u00eat\u00e9 n\u00b0 DIRNOV-2023/08 de la Directrice g\u00e9n\u00e9rale de l'Agence r\u00e9gionale de sant\u00e9 \u00cele-\nde-France en date du 26 octobre 2023 portant adoption du cadre d'orientation strat\u00e9gique \n2018-2028 du projet r\u00e9gional de sant\u00e9 d'\u00cele-de-France ; \n \nVU l'arr\u00eat\u00e9 n\u00b0 DIRNOV-2023/09 de la Directrice g\u00e9n\u00e9rale de l'Agence r\u00e9gionale de sant\u00e9 \u00cele-\nde-France en date du 26 octobre 2023 portant adoption du sch\u00e9ma r\u00e9gional de sant\u00e9 \n2023-2028 du projet r\u00e9gional de sant\u00e9 d' \u00cele-de-France, modifi\u00e9 par l'arr\u00eat\u00e9 n\u00b0DIRNOV -\n2023/09 en date du 12 janvier 2024 ; \n \nVU l'arr\u00eat\u00e9 n\u00b0 2023-346 de la Directrice g\u00e9n\u00e9rale de l'Agence r\u00e9gionale de sant\u00e9 \u00cele-de-France \nen date du 4 d\u00e9cembre 2023 \u00e9tablissant le programme interd\u00e9partemental \nd'accompagnement des handicaps et de la perte d'autonomie (PRIAC) 2023-2027 pour la \nr\u00e9gion \u00cele-de-France ; \n \nVU  le Sch\u00e9ma d\u00e9partemental en faveur des personnes handicap\u00e9es ; \n \nVU l'arr\u00eat\u00e9 n\u00b02010-167 portant cr\u00e9ation du Service d'accompagnement m\u00e9dico -social pour \nadultes handicap\u00e9s \u0152uvre Falret sis 27 rue Pajol \u00e0 Paris 75018, g\u00e9r\u00e9 par  l'association \n\u0152uvre Falret ; \nAgence R\u00e9gionale de Sant\u00e9 d'Ile-de-France - 75-2025-11-04-00021 - Arr\u00eat\u00e9 n\u00b0 2025 - 299 portant renouvellement de l'autorisation du\nService d'accompagnement m\u00e9dico-social pour adultes handicap\u00e9s (SAMSAH) OEuvre Falret sis 27 rue Pajol \u00e0 Paris 75018, g\u00e9r\u00e9 par La\nFondation FALRET\n14\n       2 \n \n \nVU l'arr\u00eat\u00e9 n\u00b0 2024 -412 portant autorisation d'extension de capacit\u00e9 de 43 \u00e0 52 places du \nSAMSAH \u0152uvre Falret g\u00e9r\u00e9 par la Fondation Falret ; \n \nVU les conclusions du rapporteur de l'\u00e9valuation externe adress\u00e9es \u00e0 l'Agence r\u00e9gionale de \nsant\u00e9 \u00cele-de-France le 19 juillet 2024 \n \n \n \n \n \nCONSID\u00c9RANT  que le projet r\u00e9pond \u00e0 un besoin de d\u00e9veloppement de l'offre m\u00e9dico -\nsociale identifi\u00e9 sur le d\u00e9partement de Paris destin\u00e9es \u00e0 des personnes en \nsituation de handicap psychique ; \n \nCONSID\u00c9RANT qu'il est compatible avec les objectifs et r\u00e9pond aux besoins sociaux et \nm\u00e9dico-sociaux fix\u00e9s par le sch\u00e9ma r\u00e9gional de sant\u00e9 ;  \n \nCONSID\u00c9RANT qu'il satisfait aux r\u00e8gles d'organisation et de fonctionnement pr\u00e9vues par le \ncode de l'action sociale et des familles ;  \n \nCONSID\u00c9RANT qu'il pr\u00e9sente un co\u00fbt de fonctionnement en ann\u00e9e pleine compatible avec \nle PRIAC  \u00cele-de-France et avec le montant de l'une des dotations \nmentionn\u00e9es \u00e0 l'article L. 314-3 du code de l'action sociale et des familles ; \n \nCONSID\u00c9RANT  que l'op\u00e9ration peut s'effectuer  \u00e0 moyens constants et n'entra\u00eene donc \naucun surco\u00fbt ; \n      \n \n \n \nARR\u00caTE  \n \nARTICLE 1er : L'autorisation d\u00e9livr\u00e9e \u00e0 la Fondation FALRET  relative \u00e0 la gestion du Service \nd'accompagnement m\u00e9dico-social pour adultes handicap\u00e9s (SAMSAH) \u0152uvre Falret \nsis 27 rue Pajol \u00e0 Paris 75018 destin\u00e9 \u00e0 accueillir des adultes \u00e0 partir de 20 ans, est \nrenouvel\u00e9e \u00e0 compter du 5 octobre 2025 pour une dur\u00e9e de quinze ans. \n \nARTICLE 2e :  La capacit\u00e9 totale  du SAMSAH \u0152uvre Falret est de 52 places en milieu ordinaire \ndestin\u00e9es \u00e0 des personnes en situation de handicap psychique ; \n \nDans la limite de cette capacit\u00e9, il est en mesure d'assurer aux personnes qu'il accueille \nen fonction de leurs besoins, et dans la limite des places disponibles, les modalit\u00e9s \nd'accueil et d'accompagnement suivantes : \u00e0 titre permanent, temporaire ou selon un \nmode s\u00e9quentiel, \u00e0 temps complet ou partiel, avec ou sans h\u00e9bergement.  \n \nARTICLE 3e : Conform\u00e9ment aux termes du dernier alin\u00e9a du I de l'article D. 312 -0-3 du code de \nl'action sociale et des familles, a ucune sp\u00e9cialisation n'exclut la prise en charge de \npersonnes pr\u00e9sentant des troubles associ\u00e9s \u00e0 ceux qui font l'objet de la pr\u00e9sente \nautorisation.  \n \nARTICLE 4e : Cette structure est r\u00e9pertori\u00e9e dans le Fichier National des Etablissements Sanitaires \net Sociaux (FINESS) de la fa\u00e7on suivante : \n \nAgence R\u00e9gionale de Sant\u00e9 d'Ile-de-France - 75-2025-11-04-00021 - Arr\u00eat\u00e9 n\u00b0 2025 - 299 portant renouvellement de l'autorisation du\nService d'accompagnement m\u00e9dico-social pour adultes handicap\u00e9s (SAMSAH) OEuvre Falret sis 27 rue Pajol \u00e0 Paris 75018, g\u00e9r\u00e9 par La\nFondation FALRET\n15\ncg gigne\n       3 \n \nN\u00b0 FINESS de l'\u00e9tablissement : 750 048 70 4 \n \n \nCode cat\u00e9gorie : [445] - Service d'accompagnement m\u00e9dico-social adultes handicap\u00e9s \nCode discipline :  [966] - Accueil et Accompagnement m\u00e9dicalis\u00e9 personnes \nhandicap\u00e9es \nCode fonctionnement  \n(mode d'accueil et \nd'accompagnement) :  \n[16] \u2013 Prestation en milieu ordinaire 52 places  \nCode client\u00e8le : [206] \u2013 Handicap psychique 52 places \n \nCode mode de fixation des tarifs : 09 + ARS PCD mixte (2 arr\u00eat\u00e9s), habilit\u00e9 aide sociale \n \nN\u00b0 FINESS du gestionnaire : 750804767 \n \nCode statut : 63 + Fondation \n \n \n \nARTICLE 5e :   Tout changement important dans l'activit\u00e9, l'installation, l'organisation, la direction ou \nle fonctionnement de l'\u00e9tablissement ou du service doit \u00eatre port\u00e9 \u00e0 la connaissance \nde l'autorit\u00e9 comp\u00e9tente. \n \n \nARTICLE 6e :  Un recours contre le pr\u00e9sent arr\u00eat\u00e9 peut \u00eatre form\u00e9 devant le tribunal administratif \ncomp\u00e9tent dans un d\u00e9lai de deux mois \u00e0 compter de sa notification ou, pour les tiers, \n\u00e0 compter de sa publication.   \n \n \nARTICLE 7e :   Le Directeur de la d\u00e9l\u00e9gation d\u00e9partementale de Paris de l'Agence r\u00e9gionale de sant\u00e9 \n\u00cele-de-France et la Maire de Paris  sont charg\u00e9s, chacun en ce qui le concerne, de \nl'ex\u00e9cution du pr\u00e9sent arr\u00eat\u00e9 qui sera publi\u00e9 aux recueils des actes administratifs de \nla R\u00e9gion \u00cele -de-France et au portail des publications administratives de la Ville de \nParis. \n \n \n       \n Fait \u00e0 Saint-Denis, le 4 nov. 2025  \n \n         \nPour le Directeur g\u00e9n\u00e9ral \nde l'Agence r\u00e9gionale sant\u00e9 \nd'\u00cele-de-France et par d\u00e9l\u00e9gation \n \n \n \n \n \nEsther LEPAICHEUX \nDirectrice adjointe de la D\u00e9l\u00e9gation \nD\u00e9partementale de Paris \n \nPour la Maire de Paris \nLe Directeur adjoint des solidarit\u00e9s \n \n \n \n \n \n \nJacques BERGER  \n \nAgence R\u00e9gionale de Sant\u00e9 d'Ile-de-France - 75-2025-11-04-00021 - Arr\u00eat\u00e9 n\u00b0 2025 - 299 portant renouvellement de l'autorisation du\nService d'accompagnement m\u00e9dico-social pour adultes handicap\u00e9s (SAMSAH) OEuvre Falret sis 27 rue Pajol \u00e0 Paris 75018, g\u00e9r\u00e9 par La\nFondation FALRET\n16\nAgence R\u00e9gionale de Sant\u00e9 d'Ile-de-France\n75-2025-11-04-00020\nArr\u00eat\u00e9 n\u00b0 2025 - 300 portant renouvellement de\nl'autorisation de l'EAM Sainte Genevi\u00e8ve\nsis au 6 rue Giordano Bruno 75015 Paris g\u00e9r\u00e9 par\nl'association Notre Dame de Bon Secours\nAgence R\u00e9gionale de Sant\u00e9 d'Ile-de-France - 75-2025-11-04-00020 - Arr\u00eat\u00e9 n\u00b0 2025 - 300 portant renouvellement de l'autorisation de\nl'EAM Sainte Genevi\u00e8ve\nsis au 6 rue Giordano Bruno 75015 Paris g\u00e9r\u00e9 par l'association Notre Dame de Bon Secours\n17\nExREPUBLIQUEFRAN\u00c7AISELibert\u00e9Egalit\u00e9Fraternit\u00e9\nVILLE DEPARIS4\u00a9 D Agence R\u00e9gionale de Sant\u00e9lle-de-France\n  \n \n \n \n \nAGENCE R\u00c9GIONALE DE SANT\u00c9 \u00ceLE-DE-FRANCE \n \nARRETE N\u00b02025 \u2013 300  \n  \n \nportant renouvellement de l'autorisation de l'EAM Sainte Genevi\u00e8ve  \nsis au 6 rue Giordano Bruno 75015 Paris \ng\u00e9r\u00e9 par l'association Notre Dame de Bon Secours   \n \n \nLE DIRECTEUR G\u00c9N\u00c9RAL DE L'AGENCE R\u00c9GIONALE DE SANT\u00c9 \u00ceLE-DE-FRANCE \nLA MAIRE DE PARIS \n \n \n \nVU le code de l'action sociale et des familles et notamment les articles L. 312 -1, L. 313-1, L. \n314-3 et suivants ; \n \n                  VU le code g\u00e9n\u00e9ral des collectivit\u00e9s territoriales ;  \n \nVU         le d\u00e9cret du 10 avril 2024 portant nomination de Monsieur Denis ROBIN, Directeur \ng\u00e9n\u00e9ral de l'Agence r\u00e9gionale de sant\u00e9 \u00cele-de-France \u00e0 compter du 29 avril 2024 ; \n \nVU l'arr\u00eat\u00e9 DS n\u00b0018/2025 portant d\u00e9l\u00e9gation de signature du Directeur G\u00e9n\u00e9ral de l'Agence \nR\u00e9gionale de Sant\u00e9 d'\u00cele-de-France vers le Directeur D\u00e9partementale de Paris dat\u00e9 du 17 \njuillet 2025 ; \n \nVU l'arr\u00eat\u00e9 du 17 mars 2025 portant d\u00e9l\u00e9gation de signature de la maire de Paris ; \n \nVU l'arr\u00eat\u00e9 n\u00b0 DIRNOV-2023/08 de la Directrice g\u00e9n\u00e9rale de l'Agence r\u00e9gionale de sant\u00e9 \u00cele-\nde-France en date du 26 octobre 2023 portant adoption du cadre d'orientation strat\u00e9gique \n2018-2028 du projet r\u00e9gional de sant\u00e9 d'\u00cele-de-France ; \n \nVU l'arr\u00eat\u00e9 n\u00b0 DIRNOV-2023/09 de la Directrice g\u00e9n\u00e9rale de l'Agence r\u00e9gionale de sant\u00e9 \u00cele-\nde-France en date du 26 octobre 2023 portant adoption du sch\u00e9ma r\u00e9gional de sant\u00e9 \n2023-2028 du projet r\u00e9gional de sant\u00e9 d' \u00cele-de-France, modifi\u00e9 par l'arr\u00eat\u00e9 n\u00b0DIRNOV -\n2023/09 en date du 12 janvier 2024 ; \n \nVU l'arr\u00eat\u00e9 n\u00b0 2023-346 de la Directrice g\u00e9n\u00e9rale de l'Agence r\u00e9gionale de sant\u00e9 \u00cele-de-France \nen date du 4 d\u00e9cembre 2023 \u00e9tablissant le programme interd\u00e9partemental \nd'accompagnement des handicaps et de la perte d'autonomie (PRIAC) 2023-2027 pour la \nr\u00e9gion \u00cele-de-France ; \n \nVU  le Sch\u00e9ma d\u00e9partemental en faveur des personnes handicap\u00e9es ; \n \nVU l'arr\u00eat\u00e9 conjoint n\u00b0 2010-169 du Directeur g\u00e9n\u00e9ral de l'Agence r\u00e9gionale de sant\u00e9 Ile de \nFrance et du Pr\u00e9sident du Conseil de Paris si\u00e9geant en formation du Conseil \nD\u00e9partemental en date du 5 octobre 2010 portant autorisation de cr\u00e9ation du FAM de \nl'Association Notre Dame de Bon Secours ; \nAgence R\u00e9gionale de Sant\u00e9 d'Ile-de-France - 75-2025-11-04-00020 - Arr\u00eat\u00e9 n\u00b0 2025 - 300 portant renouvellement de l'autorisation de\nl'EAM Sainte Genevi\u00e8ve\nsis au 6 rue Giordano Bruno 75015 Paris g\u00e9r\u00e9 par l'association Notre Dame de Bon Secours\n18\n2 \n \n \n \nVU     l'arr\u00eat\u00e9 n\u00b02018-53 portant autorisation de requalification de 14 places dest in\u00e9es \u00e0 des \npersonnes atteintes de la maladie d'Alzheimer du FAM Ste Genevi\u00e8ve ; \n \nVU les conclusions du rapporteur de l'\u00e9valuation externe adress\u00e9es \u00e0 l'Agence r\u00e9gionale de \nsant\u00e9 \u00cele-de-France le 08 d\u00e9cembre 2023. \n \n \n \n \nCONSID\u00c9RANT           que AM CONSULTANTS NORD, l'\u00e9valuateur externe, reconnait que tous \nles crit\u00e8res imp\u00e9ratifs ont donn\u00e9 des r\u00e9sultats satisfaisants par \nl'\u00e9tablissement ; \n \nCONSID\u00c9RANT       que le projet r\u00e9pond \u00e0 un besoin de d\u00e9veloppement de l'offre m\u00e9dico- social \nidentifi\u00e9 sur le d\u00e9partement Paris pour les personnes concern\u00e9es par des \ntroubles neurologiques ; \n \nCONSID\u00c9RANT qu'il est compatible avec les objectifs et r\u00e9pond aux besoins sociaux et \nm\u00e9dico-sociaux fix\u00e9s par le sch\u00e9ma r\u00e9gional de sant\u00e9 ;  \n \nCONSID\u00c9RANT qu'il satisfait aux r\u00e8gles d'organisation et de fonctionnement pr\u00e9vues par le \ncode de l'action sociale et des familles ;  \n \nCONSID\u00c9RANT qu'il pr\u00e9sente un co\u00fbt de fonctionnement en ann\u00e9e pleine compatible avec \nle PRIAC \u00cele-de-France et avec le montant de l'une des dotations \nmentionn\u00e9es \u00e0 l'article L. 314-3 du code de l'action sociale et des familles ; \n \nCONSID\u00c9RANT  que l'op\u00e9ration peut s'effectuer \u00e0 moyens constants  et n'entra\u00eene donc \naucun surco\u00fbt ; \n \n       \n \nARR\u00caTENT  \n \n \nARTICLE 1er : L'autorisation d\u00e9livr\u00e9e \u00e0 l'EAM Sainte Genevi\u00e8ve sis(e) au 6, rue Giordano Bruno \ndestin\u00e9 \u00e0 accueillir des adultes est renouvel\u00e9e \u00e0 compter du 06 octobre 2025 pour \nune dur\u00e9e de quinze ans. \n \n \n \nARTICLE 2e :  La capacit\u00e9 totale de l'\u00e9tablissement d'Accueil M\u00e9dicalis\u00e9 SAINT GENEVIEVE est de \n66 destin\u00e9es \u00e0 toutes personnes adultes en situation de handicap, atteintes de \ntroubles neurologiques, y compris neuro-d\u00e9g\u00e9n\u00e9ratifs, r\u00e9parties comme suit  \n- 66 places, pour personnes adultes en situation de handicap, atteintes de troubles \nneurologiques, y compris neuro-d\u00e9g\u00e9n\u00e9ratifs ;  \n \n \nARTICLE 3e : Conform\u00e9ment aux termes du dernier alin\u00e9a du I de l'article D. 312 -0-3 du code de \nl'action sociale et des familles, aucune sp\u00e9cialisation n'exclut la prise en charge de \npersonnes pr\u00e9sentant des troubles associ\u00e9s \u00e0 ceux qui font l'objet de la pr\u00e9sente \nautorisation.  \nAgence R\u00e9gionale de Sant\u00e9 d'Ile-de-France - 75-2025-11-04-00020 - Arr\u00eat\u00e9 n\u00b0 2025 - 300 portant renouvellement de l'autorisation de\nl'EAM Sainte Genevi\u00e8ve\nsis au 6 rue Giordano Bruno 75015 Paris g\u00e9r\u00e9 par l'association Notre Dame de Bon Secours\n19\n3 \n \n \n \n \nARTICLE 4e : Cette structure est r\u00e9pertori\u00e9e dans le Fichier National des Etablissements Sanitaires \net Sociaux (FINESS) de la fa\u00e7on suivante : \n \n \n \n \nN\u00b0 FINESS de l'\u00e9tablissement : 75 004 873 8 \n \n \nCode \ncat\u00e9gorie : \n \n[448] - Etab.Acc.M\u00e9dicalis\u00e9 en tout ou partie personnes \nhandicap\u00e9es \n \nCode \ndiscipline :  \n \n \n[966] - Accueil et accompagnement \nm\u00e9dicalis\u00e9 personnes handicap\u00e9es \n \n \nCode \nfonctionnement  \n(mode d'accueil et \nd'accompagnement) :  \n \n[11] - H\u00e9bergement Complet Internat \n 66 \nplaces \n \nCode client\u00e8le : \n \n \n[438] - C\u00e9r\u00e9bro l\u00e9s\u00e9s \n66 \nplaces \n \nCode mode de fixation des tarifs : [09] ARS PCD mixte (2 arr\u00eat\u00e9s), habilit\u00e9 aide sociale \n \nN\u00b0 FINESS du gestionnaire : 75 080 367 8 \n \nCode statut : [61] Association Loi 1901 Reconnue d'Utilit\u00e9 Publique \n \n \n \n \n \nARTICLE 5e :   Tout changement important dans l'activit\u00e9, l'installation, l'organisation, la direction ou \nle fonctionnement de l'\u00e9tablissement ou du service doit \u00eatre port\u00e9 \u00e0 la connaissance \ndes autorit\u00e9s comp\u00e9tentes. \n \n \nARTICLE 6e :  Un recours contre le pr\u00e9sent arr\u00eat\u00e9 peut \u00eatre form\u00e9 devant le tribunal administratif \ncomp\u00e9tent dans un d\u00e9lai de deux mois \u00e0 compter de sa notification ou, pour les tiers, \n\u00e0 compter de sa publication.   \n  \nAgence R\u00e9gionale de Sant\u00e9 d'Ile-de-France - 75-2025-11-04-00020 - Arr\u00eat\u00e9 n\u00b0 2025 - 300 portant renouvellement de l'autorisation de\nl'EAM Sainte Genevi\u00e8ve\nsis au 6 rue Giordano Bruno 75015 Paris g\u00e9r\u00e9 par l'association Notre Dame de Bon Secours\n20\ncan signe\n4 \n \n \nARTICLE 7e :   Le Directeur de la d\u00e9l\u00e9gation d\u00e9partementale de Paris de l'Agence r\u00e9gionale de sant\u00e9 \n\u00cele-de-France et le Pr\u00e9sident du Conseil d\u00e9partemental de Paris sont charg\u00e9s, chacun \nen ce qui le concerne, de l'ex\u00e9cution du pr\u00e9sent arr\u00eat\u00e9 qui sera publi\u00e9 aux recueils \ndes actes administratifs de la R\u00e9gion \u00cele-de-France et au bulletin officiel du \nD\u00e9partement de Paris.  \n \n \n \n        \n Fait \u00e0 Saint-Denis, le 4 nov. 2025  \n \n \n         \nPour le Directeur g\u00e9n\u00e9ral \nde l'Agence r\u00e9gionale sant\u00e9 \n\u00cele-de-France et par d\u00e9l\u00e9gation \n \n \n \n \n \nEsther LEPAICHEUX \nDirectrice adjointe de la D\u00e9l\u00e9gation \nD\u00e9partementale de Paris \n \nPour La Maire de Paris \nLe Directeur adjoint des solidarit\u00e9s \n \n \n \n  \n \n \nJacques BERGER \n \nAgence R\u00e9gionale de Sant\u00e9 d'Ile-de-France - 75-2025-11-04-00020 - Arr\u00eat\u00e9 n\u00b0 2025 - 300 portant renouvellement de l'autorisation de\nl'EAM Sainte Genevi\u00e8ve\nsis au 6 rue Giordano Bruno 75015 Paris g\u00e9r\u00e9 par l'association Notre Dame de Bon Secours\n21\nAgence R\u00e9gionale de Sant\u00e9 d'Ile-de-France\n75-2025-11-04-00019\nArr\u00eat\u00e9 n\u00b0 2025 - 301 portant renouvellement\nd'autorisation du Service d'Accompagnement\nM\u00e9dico-Social pour Adultes Handicap\u00e9s\n(SAMSAH) au sis au 14, rue de la Fontaine \u00e0\nMulard 75013 Paris\ng\u00e9r\u00e9 par l'association R\u00e9seau de sant\u00e9 Prepsy\nAgence R\u00e9gionale de Sant\u00e9 d'Ile-de-France - 75-2025-11-04-00019 - Arr\u00eat\u00e9 n\u00b0 2025 - 301 portant renouvellement d'autorisation du\nService d'Accompagnement M\u00e9dico-Social pour Adultes Handicap\u00e9s (SAMSAH) au sis au 14, rue de la Fontaine \u00e0 Mulard 75013 Paris\ng\u00e9r\u00e9 par l'association R\u00e9seau de sant\u00e9 Prepsy\n22\nEMREPUBLIQUEFRAN CAI SE \u00a9 D Agence R\u00e9gionale de Sant\u00e9VILLE DE \u00cele-de-FranceLibert\u00e9i PARISFraternit\u00e9\n  \n \n \n \n \n \n \nAGENCE R\u00c9GIONALE DE SANT\u00c9 \u00ceLE-DE-FRANCE \n \nARRETE N\u00b02025 \u2013 301  \n  \n \nportant renouvellement d'autorisation du Service d'Accompagnement M\u00e9dico-Social  \npour Adultes Handicap\u00e9s (SAMSAH) au sis au 14, rue de la Fontaine \u00e0 Mulard 75013 Paris  \ng\u00e9r\u00e9 par l'association R\u00e9seau de sant\u00e9 Prepsy \n  \n \n \n \nLE DIRECTEUR G\u00c9N\u00c9RAL DE L'AGENCE R\u00c9GIONALE DE SANT\u00c9 \u00ceLE-DE-FRANCE \nLA MAIRE DE PARIS \n \n \n \nVU le code de l'action sociale et des familles et notamment les articles L. 312 -1, L. 313-1, L. \n314-3 et suivants ; \n \n                  VU le code g\u00e9n\u00e9ral des collectivit\u00e9s territoriales ;  \n \nVU         le d\u00e9cret du 10 avril 2024 portant nomination de Monsieur Denis ROBIN, Directeur \ng\u00e9n\u00e9ral de l'Agence r\u00e9gionale de sant\u00e9 \u00cele-de-France \u00e0 compter du 29 avril 2024 ; \n \nVU l'arr\u00eat\u00e9 DS n\u00b0018/2025 portant d\u00e9l\u00e9gation de signature du Directeur G\u00e9n\u00e9ral de l'Agence \nR\u00e9gionale de Sant\u00e9 d'\u00cele-de-France vers le Directeur D\u00e9partementale de Paris dat\u00e9 du 17 \njuillet 2025 ; \n \nVU l'arr\u00eat\u00e9 du 17 mars 2025 portant d\u00e9l\u00e9gation de signature de la maire de Paris ; \n \nVU l'arr\u00eat\u00e9 n\u00b0 DIRNOV-2023/08 de la Directrice g\u00e9n\u00e9rale de l'Agence r\u00e9gionale de sant\u00e9 \u00cele-\nde-France en date du 26 octobre 2023 portant adoption du cadre d'orientation strat\u00e9gique \n2018-2028 du projet r\u00e9gional de sant\u00e9 d'\u00cele-de-France ; \n \nVU l'arr\u00eat\u00e9 n\u00b0 DIRNOV-2023/09 de la Directrice g\u00e9n\u00e9rale de l'Agence r\u00e9gionale de sant\u00e9 \u00cele-\nde-France en date du 26 octobre 2023 portant adoption du sch\u00e9ma r\u00e9gional de sant\u00e9 \n2023-2028 du projet r\u00e9gional de sant\u00e9 d' \u00cele-de-France, modifi\u00e9 par l'arr\u00eat\u00e9 n\u00b0DIRNOV-\n2023/09 en date du 12 janvier 2024 ; \n \nVU l'arr\u00eat\u00e9 n\u00b0 2023-346 de la Directrice g\u00e9n\u00e9rale de l'Agence r\u00e9gionale de sant\u00e9 \u00cele-de-France \nen date du 4 d\u00e9cembre 2023 \u00e9tablissant le programme interd\u00e9partemental \nd'accompagnement des handicaps et de la perte d'autonomie (PRIAC) 2023-2027 pour la \nr\u00e9gion \u00cele-de-France ; \n \nAgence R\u00e9gionale de Sant\u00e9 d'Ile-de-France - 75-2025-11-04-00019 - Arr\u00eat\u00e9 n\u00b0 2025 - 301 portant renouvellement d'autorisation du\nService d'Accompagnement M\u00e9dico-Social pour Adultes Handicap\u00e9s (SAMSAH) au sis au 14, rue de la Fontaine \u00e0 Mulard 75013 Paris\ng\u00e9r\u00e9 par l'association R\u00e9seau de sant\u00e9 Prepsy\n23\n2 \n \n \nVU  le Sch\u00e9ma d\u00e9partemental en faveur des personnes handicap\u00e9es ; \n \nVU l'arr\u00eat\u00e9 conjoint n\u00b0 2010-168 du Directeur g\u00e9n\u00e9ral de l'Agence r\u00e9gionale de sant\u00e9 Ile de \nFrance et du Pr\u00e9sident du Conseil de Paris si\u00e9geant en formation du Conseil \nD\u00e9partemental en date du 5 octobre 2010 , portant autorisation de cr\u00e9ation de 40 places \npar le r\u00e9seau de sant\u00e9 Prepsy qui r\u00e9pond \u00e0 un besoin d'accompagnement de jeunes de \n18 \u00e0 25 ayant des troubles psychiques ; \n \nVU      l'arr\u00eat\u00e9 n\u00b02017-265 du 31 juillet 2017 portant autorisation d'extension de capacit\u00e9 de 10 \nplaces de SAMSAH destin\u00e9es \u00e0 l'accompagnement de  jeunes adultes pr\u00e9sentant des \ntroubles psychiques ; \n \nVU les conclusions du rapporteur de l'\u00e9valuation externe adress\u00e9es \u00e0 l'Agence r\u00e9gionale de \nsant\u00e9 \u00cele-de-France le 15 octobre 2025. \n \n \n \nCONSID\u00c9RANT          que l'\u00e9valuateur externe AB CERTIFICATION indique que les r\u00e9sultats de \nl'ensemble des crit\u00e8res imp\u00e9ratifs \u00e9valu\u00e9s sont satisfaisants ; \n \nCONSID\u00c9RANT       que le projet r\u00e9pond \u00e0 un besoin de d\u00e9veloppement de l'offre m\u00e9dico- social \nidentifi\u00e9 sur le d\u00e9partement Paris pour les p ersonnes concern\u00e9es par un \nhandicap psychique ; \n \nCONSID\u00c9RANT qu'il est compatible avec les objectifs et r\u00e9pond aux besoins sociaux et \nm\u00e9dico-sociaux fix\u00e9s par le sch\u00e9ma r\u00e9gional de sant\u00e9 ;  \n \nCONSID\u00c9RANT qu'il satisfait aux r\u00e8gles d'organisation et de fonctionnement pr\u00e9vues par le \ncode de l'action sociale et des familles ;  \n \nCONSID\u00c9RANT qu'il pr\u00e9sente un co\u00fbt de fonctionnement en ann\u00e9e pleine compatible avec \nle PRIAC \u00cele-de-France et avec le montant de l'une des dotations \nmentionn\u00e9es \u00e0 l'article L. 314-3 du code de l'action sociale et des familles ; \n \nCONSID\u00c9RANT  que l'op\u00e9ration peut s'effectuer \u00e0 moyens constants  et n'entra\u00eene donc \naucun surco\u00fbt ; \n \n       \n \n \n \nARR\u00caTENT  \n \n \n \nARTICLE 1er : L'autorisation d\u00e9livr\u00e9e au SAMSAH PREPSY sis(e) au 14, rue de la Fontaine \u00e0 Mulard \n75013 Paris, destin\u00e9 \u00e0 accueillir des adultes en situation de handicap psychique est \nrenouvel\u00e9e \u00e0 compter du 06 octobre 2025 pour une dur\u00e9e de quinze ans. \n \n \n \nARTICLE 2e :  La capacit\u00e9 totale du SAMSAH PRESPY est de 50 places destin\u00e9es \u00e0 des adultes en \nsituation de handicap psychique. \nAgence R\u00e9gionale de Sant\u00e9 d'Ile-de-France - 75-2025-11-04-00019 - Arr\u00eat\u00e9 n\u00b0 2025 - 301 portant renouvellement d'autorisation du\nService d'Accompagnement M\u00e9dico-Social pour Adultes Handicap\u00e9s (SAMSAH) au sis au 14, rue de la Fontaine \u00e0 Mulard 75013 Paris\ng\u00e9r\u00e9 par l'association R\u00e9seau de sant\u00e9 Prepsy\n24\n3 \n \n \n \n \nARTICLE 3e : Conform\u00e9ment aux termes du dernier alin\u00e9a du I de l'article D. 312 -0-3 du code de \nl'action sociale et des familles, aucune sp\u00e9cialisation n'exclut la prise en charge de \npersonnes pr\u00e9sentant des troubles associ\u00e9s \u00e0 ceux qui font l'objet de la pr\u00e9sente \nautorisation.  \n \n \nARTICLE 4e : Cette structure est r\u00e9pertori\u00e9e dans le Fichier National des Etablissements Sanitaires \net Sociaux (FINESS) de la fa\u00e7on suivante : \n \n \n \nN\u00b0 FINESS de l'\u00e9tablissement : 75 004 872 0 \n \n \nCode \ncat\u00e9gorie : \n \n[445]- Service d'accompagnement m\u00e9dico-social adultes \nhandicap\u00e9s \n \nCode \ndiscipline :  \n \n \n[966] - Accueil et accompagnement \nm\u00e9dicalis\u00e9 personnes handicap\u00e9es \n \n \nCode \nfonctionnement  \n(mode d'accueil et \nd'accompagnement) :  \n \n[16] - Prestation en milieu ordinaire \n \n50 \nplaces \n \nCode client\u00e8le : \n \n \n[206] - Handicap psychique \n50 \nplaces \n \nCode mode de fixation des tarifs : [09] ARS PCD mixte (2 arr\u00eat\u00e9s), habilit\u00e9 aide sociale \n \nN\u00b0 FINESS du gestionnaire : 75 004 871 2 \n \nCode statut : [61] Association Loi 1901 Reconnue d'Utilit\u00e9 Publique \n \n \n \nARTICLE 5e :   Tout changement important dans l'activit\u00e9, l'installation, l'organisation, la direction ou \nle fonctionnement de l'\u00e9tablissement ou du service doit \u00eatre port\u00e9 \u00e0 la connaissance \ndes autorit\u00e9s comp\u00e9tentes. \n \n \nARTICLE 6e :  Un recours contre le pr\u00e9sent arr\u00eat\u00e9 peut \u00eatre form\u00e9 devant le tribunal administratif \ncomp\u00e9tent dans un d\u00e9lai de deux mois \u00e0 compter de sa notification ou, pour les tiers, \n\u00e0 compter de sa publication.   \n \n \n \n \n \n \nAgence R\u00e9gionale de Sant\u00e9 d'Ile-de-France - 75-2025-11-04-00019 - Arr\u00eat\u00e9 n\u00b0 2025 - 301 portant renouvellement d'autorisation du\nService d'Accompagnement M\u00e9dico-Social pour Adultes Handicap\u00e9s (SAMSAH) au sis au 14, rue de la Fontaine \u00e0 Mulard 75013 Paris\ng\u00e9r\u00e9 par l'association R\u00e9seau de sant\u00e9 Prepsy\n25\nsignesigne\n4 \n \n \nARTICLE 7e :   Le Directeur de la d\u00e9l\u00e9gation d\u00e9partementale de Paris de l'Agence r\u00e9gionale de sant\u00e9 \n\u00cele-de-France et le Pr\u00e9sident du Conseil d\u00e9partemental de Paris sont charg\u00e9s, chacun \nen ce qui le concerne, de l'ex\u00e9cution du pr\u00e9sent arr\u00eat\u00e9 qui sera publi\u00e9 aux recueils \ndes actes administratifs de la R\u00e9gion \u00cele-de-France et au bulletin officiel du \nD\u00e9partement de Paris.  \n \n \n       \n Fait \u00e0 Saint-Denis, le 4 nov. 2025  \n \n         \nPour le Directeur g\u00e9n\u00e9ral \nde l'Agence r\u00e9gionale sant\u00e9 \n\u00cele-de-France et par d\u00e9l\u00e9gation \n \n \n \n \n \n \nEsther LEPAICHEUX \nDirectrice adjointe de la D\u00e9l\u00e9gation \nD\u00e9partementale de Paris \n \nPour la Maire de Paris \nLe Directeur adjoint des solidarit\u00e9s \n \n \n \n  \n \n \n \nJacque BERGER \n \nAgence R\u00e9gionale de Sant\u00e9 d'Ile-de-France - 75-2025-11-04-00019 - Arr\u00eat\u00e9 n\u00b0 2025 - 301 portant renouvellement d'autorisation du\nService d'Accompagnement M\u00e9dico-Social pour Adultes Handicap\u00e9s (SAMSAH) au sis au 14, rue de la Fontaine \u00e0 Mulard 75013 Paris\ng\u00e9r\u00e9 par l'association R\u00e9seau de sant\u00e9 Prepsy\n26\nDirection r\u00e9gionale et interd\u00e9partementale de\nl'\u00e9conomie, de l'emploi, du travail et des\nsolidarit\u00e9s d'\u00cele-de-France\n75-2025-12-23-00001\nD\u00e9cision relative \u00e0  l'agr\u00e9ment entreprise\nsolidaire d'utilit\u00e9 sociale (ESUS) (Terre d'ocre)\nDirection r\u00e9gionale et interd\u00e9partementale de l'\u00e9conomie, de l'emploi, du travail et des solidarit\u00e9s d'\u00cele-de-France -\n75-2025-12-23-00001 - D\u00e9cision relative \u00e0  l'agr\u00e9ment entreprise solidaire d'utilit\u00e9 sociale (ESUS) (Terre d'ocre) 27\nPREFET |DE LA REGIOND'\u00ceLE-DE-FRANCELibert\u00e9Egalit\u00e9Fraternit\u00e9\n Direction r\u00e9gionale et interd\u00e9partementale \nde l'\u00e9conomie, de l'emploi, \ndu travail et des solidarit\u00e9s \n \nUnit\u00e9 d\u00e9partementale de Paris \n  \n \n \n \n \nDECISION RELATIVE A  \n \nL'AGREMENT ENTREPRISE SOLIDAIRE D'UTILITE SOCIALE (ESUS)  \n \n \nVU la loi N\u00b0 2014-856 du 31 juillet 2014 relative \u00e0 l'\u00e9conomie sociale et solidaire (articles \n1, 2 et 7) \n \nVU l'article L. 3332-17-1 du Code du Travail,  \n \nVU l'accus\u00e9 de r\u00e9ception de la demande d'agr\u00e9ment au titre d'entreprise solidaire \nd'utilit\u00e9 sociale pr\u00e9sent\u00e9e par la SAS \u00ab TERRES D'OCRE \u00bb en date du 23/07/2025, \n \nVU les pi\u00e8ces justificatives accompagnant la demande compl\u00e8te au 15/12/2025,  \n \n \n  \n \n \n \nDECIDE \n \n \n \n \nARTICLE 1 : La SAS \u00ab TERRES D'OCRE \u00bb sise 20, rue du Rhin - 75019 Paris (num\u00e9ro RCS : \n988 127 676) est agr\u00e9\u00e9e en qualit\u00e9 d' entreprise solidaire d'utilit\u00e9 sociale au sens de \nl'article L.3332-17-1 du Code du Travail. \n \n \nARTICLE 2 : Sauf modification de nature \u00e0 remettre en cause la qualit\u00e9 d'entreprise \nsolidaire en rapport avec l'article L 3332 -17-1, le pr\u00e9sent agr\u00e9ment est accord\u00e9 pour \nune dur\u00e9e de deux ans compter de sa date de notification. \n \nDirection r\u00e9gionale et interd\u00e9partementale de l'\u00e9conomie, de l'emploi, du travail et des solidarit\u00e9s d'\u00cele-de-France -\n75-2025-12-23-00001 - D\u00e9cision relative \u00e0  l'agr\u00e9ment entreprise solidaire d'utilit\u00e9 sociale (ESUS) (Terre d'ocre) 28\nARTICLE 3 : Le pr\u00e9fet de la r\u00e9gion Ile de France, Pr\u00e9fet de Paris  et le responsable de \nl'Unit\u00e9 d\u00e9partementale de Paris \u2013 UD 75 - de la Direction r\u00e9gionale et \ninterd\u00e9partementale de l'\u00e9conomie, de l'emploi, du travail et des solidarit\u00e9s - DRIEETS \nd'Ile-de-France, sont charg\u00e9s, chacun en ce qui le concerne, de l'ex\u00e9cution de la \npr\u00e9sente d\u00e9cision qui sera publi\u00e9e au Recueil des Actes Administratifs de la pr\u00e9fecture \nde la r\u00e9gion d'Ile de France, pr\u00e9fecture de Paris, accessible sur le site internet de la \npr\u00e9fecture de la r\u00e9gion d'Ile de France, pr\u00e9fecture de Paris : www.ile-de-france.gouv.fr \n \n \nFait \u00e0 Paris, le 23/12/2025 \n \nP/Pour le pr\u00e9fet, par d\u00e9l\u00e9gation et \npar subd\u00e9l\u00e9gation du Directeur \nr\u00e9gional et interd\u00e9partemental de \nl'\u00e9conomie, de l'emploi, du travail \net des solidarit\u00e9s d'Ile de France, \n \nLa Directrice du P\u00f4le entreprises, \nemploi et solidarit\u00e9s  \n \nSign\u00e9 \n \nMarie MARCENA \n \n \n \nVoies et d\u00e9lais de recours : La pr\u00e9sente d\u00e9cision peut faire l'objet, dans un d\u00e9lai de deux mois \u00e0 \ncompter de sa notification, d'un recours gracieux devant le Responsable de l'Unit\u00e9 \nD\u00e9partementale de Paris (35 rue de la Gare \u2013 CS60003 \u2013 75144 Paris cedex 19), d'un recours \nhi\u00e9rarchique devant le Ministre (Minist\u00e8re du Travail, 127 rue de Grenelle 75007 PARIS 07), d'un \nrecours contentieux devant le tribunal administratif de Paris (7 rue de Jouy \u2013 75181 Paris cedex \n04). Ces recours ne sont pas suspensifs. \nDirection r\u00e9gionale et interd\u00e9partementale de l'\u00e9conomie, de l'emploi, du travail et des solidarit\u00e9s d'\u00cele-de-France -\n75-2025-12-23-00001 - D\u00e9cision relative \u00e0  l'agr\u00e9ment entreprise solidaire d'utilit\u00e9 sociale (ESUS) (Terre d'ocre) 29\nPr\u00e9fecture de Police\n75-2025-12-22-00016\nArr\u00eat\u00e9 2025-01697 du 22 d\u00e9cembre 2025 \nautorisant la captation, l'enregistrement et la\ntransmission d'images au moyen de cam\u00e9ras\ninstall\u00e9es sur des a\u00e9ronefs les 23 et 24 d\u00e9cembre\n2025 \u00e0 l'occasion \u00e0 l'occasion de matchs de\npoule de la Coupe d'Afrique des Nations 2025\nPr\u00e9fecture de Police - 75-2025-12-22-00016 - Arr\u00eat\u00e9 2025-01697 du 22 d\u00e9cembre 2025  autorisant la captation, l'enregistrement et la\ntransmission d'images au moyen de cam\u00e9ras install\u00e9es sur des a\u00e9ronefs les 23 et 24 d\u00e9cembre 2025 \u00e0 l'occasion \u00e0 l'occasion de\nmatchs de poule de la Coupe d'Afrique des Nations 2025\n30\nPREFECTURE gpDE POLICE\nFraternit\u00e9\nCABINET DU PREFET\nArr\u00eat\u00e9 n\u00b0 2025-01697\nautorisant la captation, l'enregistrement et la transmission d'images au moyen de cam\u00e9ras\ninstall\u00e9es sur des a\u00e9ronefs les 23 et 24 d\u00e9cembre 2025 \u00e0 l'occasion \u00e0 l'occasion de matchs\nde poule de la Coupe d'Afrique des Nations 2025\nLe pr\u00e9fet de police,\nVu le code de la s\u00e9curit\u00e9 int\u00e9rieure, notamment ses articles L. 242-1 \u00e0 L. 242-8 et R. 242-8 \u00e0\nR. 242-14 ;\nVu le d\u00e9cret n\u00b0 2004-374 du 29 avril 2004  modifi\u00e9 relatif aux pouvoirs des pr\u00e9fets, \u00e0\nl'organisation et \u00e0 l'action des services de l'Etat dans les r\u00e9gions et d\u00e9partements ;\nVu l'arr\u00eat\u00e9 du 19 avril 2023 relatif au nombre maxi mal de cam\u00e9ras install\u00e9es sur des\na\u00e9ronefs pouvant \u00eatre simultan\u00e9ment utilis\u00e9es dans chaque d\u00e9partement et collectivit\u00e9\nd'outre-mer ;\nVu l'instruction minist\u00e9rielle NOR IOMD2311883J du 30 avril 2023 relative \u00e0 la proc\u00e9dure\nd'autorisation des cam\u00e9ras install\u00e9es sur des a\u00e9ron efs pour des missions de police\nadministrative ;\nVu le d\u00e9cret du 22 octobre 2025 par lequel M. Patri ce FAURE, administrateur de l'\u00c9tat du\ntroisi\u00e8me grade, directeur de cabinet du Pr\u00e9sident de la R\u00e9publique, est nomm\u00e9 pr\u00e9fet de\npolice (groupe I), \u00e0 compter du 23 octobre 2025 ;\nVu la demande en date du 22 d\u00e9cembre 2025 form\u00e9e par la direction de l'ordre public et\nde la circulation visant \u00e0 obtenir l'autorisation d e capter, d'enregistrer et de transmettre\ndes images au moyen de 2 cam\u00e9ras install\u00e9es sur des a\u00e9ronefs t\u00e9l\u00e9-pilot\u00e9s afin d'assurer la\npr\u00e9vention des atteintes \u00e0 la s\u00e9curit\u00e9 des personne s et des biens, la s\u00e9curit\u00e9 des\nrassemblements et la pr\u00e9vention d'actes de terrorisme \u00e0 Paris les 23 et 24 d\u00e9cembre 2025\n\u00e0 l'occasion de matchs de poule de la Coupe d'Afrique des Nations 2025 ;\nConsid\u00e9rant que les dispositions du I de l'article L. 242-5 du code de la s\u00e9curit\u00e9 int\u00e9rieure\npermettent aux forces de s\u00e9curit\u00e9 int\u00e9rieure, dans l'exercice de leurs missions de\npr\u00e9vention des atteintes \u00e0 l'ordre public et de pro tection de la s\u00e9curit\u00e9 des personnes et\ndes biens, de proc\u00e9der \u00e0 la captation, \u00e0 l'enregist rement et \u00e0 la transmission d'images au\nmoyen de cam\u00e9ras install\u00e9es sur des a\u00e9ronefs aux fi ns d'assurer la pr\u00e9vention des\natteintes \u00e0 la s\u00e9curit\u00e9 des personnes et des biens, la s\u00e9curit\u00e9 des rassemblements ainsi que\nl'appui des personnels au sol, en vue de leur permettre de maintenir ou de r\u00e9tablir l'ordre\npublic lorsque ces rassemblements sont susceptibles  d'entra\u00eener des troubles graves \u00e0\nl'ordre public et la pr\u00e9vention d'actes de terrorisme ;\nConsid\u00e9rant qu'a lieu au Maroc depuis 21 d\u00e9cembre 2 025 et jusqu'au 18 janvier 2026 la\nCoupe d'Afrique des Nations 2025 ; que les \u00e9quipes du S\u00e9n\u00e9gal, de la Tunisie, de l'Alg\u00e9rie,\nde la C\u00f4te d'Ivoire et du Cameroun disputeront des matchs de poule les 23 et 24\nd\u00e9cembre 2025 ; qu'il existe un risque s\u00e9rieux que durant ces rencontres, en amont de\ncelles-ci ou \u00e0 leur issue, des supporters des \u00e9quip es disputant les matchs se rassemblent\ndans  le  secteur  des  Champs-\u00c9lys\u00e9es  et  fassent  notam ment  usage  d'engins\npyrotechniques ; qu'il s'agit d'un secteur touristi que majeur et embl\u00e9matique g\u00e9n\u00e9rant\nPr\u00e9fecture de Police - 75-2025-12-22-00016 - Arr\u00eat\u00e9 2025-01697 du 22 d\u00e9cembre 2025  autorisant la captation, l'enregistrement et la\ntransmission d'images au moyen de cam\u00e9ras install\u00e9es sur des a\u00e9ronefs les 23 et 24 d\u00e9cembre 2025 \u00e0 l'occasion \u00e0 l'occasion de\nmatchs de poule de la Coupe d'Afrique des Nations 2025\n31\nune forte affluence, particuli\u00e8rement lors des fest ivit\u00e9s de fin d'ann\u00e9e ; que plusieurs\nb\u00e2timents institutionnels s'y situent ; que de pr\u00e9c \u00e9dentes \u00e9ditions de cette comp\u00e9tition\nont \u00e9t\u00e9 le cadre de d\u00e9bordements, de d\u00e9gradations d e mobilier public et de troubles \u00e0\nl'ordre public sur les Champs-\u00c9lys\u00e9es et dans leurs  environs, de la part de supporters et\nsympathisants d'\u00e9quipes nationales engag\u00e9es dans de s matchs les 23 et 24 d\u00e9cembre  ;\nque ces rassemblements ont donn\u00e9 lieu \u00e0 plusieurs i nterpellations, notamment pour jets\nde projectiles et d\u00e9gradations volontaires de bien priv\u00e9s ; que plusieurs policiers et\ngendarmes ont \u00e9t\u00e9 bless\u00e9s lors de rassemblements sp ontan\u00e9s de supporters durant les\npr\u00e9c\u00e9dentes \u00e9ditions de la comp\u00e9tition ; que des  ra ssemblements  spontan\u00e9s de\nsupporters sont susceptibles d'engendrer de graves perturbations de la circulation, de\nmenacer la s\u00e9curit\u00e9 des nombreux touristes pr\u00e9sents  et de troubler l'ordre public ; qu'en\noutre plusieurs attentats ou tentatives d'attentats r\u00e9cents traduisent le niveau \u00e9lev\u00e9 de la\nmenace terroriste actuelle en France dans le cadre du plan VIGIPIRATE \u00ab urgence\nattentat \u00bb en vigueur sur l'ensemble du territoire national depuis le 24 mars 2024 ; que\ndans le contexte actuel de menace tr\u00e8s \u00e9lev\u00e9e, de t els rassemblements sont susceptibles\nde constituer une cible privil\u00e9gi\u00e9e et symbolique pour des actes de nature terroriste ;\nConsid\u00e9rant que le recours \u00e0 des cam\u00e9ras a\u00e9roport\u00e9es permet de disposer d'une vision en\ngrand angle tout en limitant l'engagement des forces au sol, et le cas \u00e9ch\u00e9ant, d'organiser\nde mani\u00e8re r\u00e9active et efficace leur d\u00e9ploiement op \u00e9rationnel, notamment en cas de\nmouvement de foule ou d'actions violentes de groupe s d'individus ; qu'il n'existe pas de\ndispositif moins intrusif permettant de parvenir aux m\u00eames fins ;\nConsid\u00e9rant que la demande de la direction de l'ordre public et de la circulation porte sur\nl'engagement de 2 cam\u00e9ras a\u00e9roport\u00e9es en vue de capter, d'enregistrer et de transmettre\ndes images ; que les aires survol\u00e9es sont strictement limit\u00e9es aux zones o\u00f9 seront mises en\n\u0153uvre les finalit\u00e9s susvis\u00e9es  ; que la dur\u00e9e de l'autorisation demand\u00e9e n'appara\u00ee t pas\ndisproportionn\u00e9e au regard de ces finalit\u00e9s ;\nSur proposition de la direction de l'ordre public et de la circulation,\nARRETE     :   \nArticle 1er \u2013 La captation, l'enregistrement et la transmission d'images par la direction de\nl'ordre public et de la circulation sont autoris\u00e9s \u00e0 Paris \u00e0 l'occasion de la manifestation\nsusvis\u00e9e aux titres de :\n- la pr\u00e9vention des atteintes \u00e0 la s\u00e9curit\u00e9 des pers onnes et des biens ;\n- la s\u00e9curit\u00e9 des rassemblements  ;\n- la pr\u00e9vention d'actes de terrorisme .\nArticle  2 \u2013 Le nombre maximal de cam\u00e9ras pouvant proc\u00e9der simu ltan\u00e9ment \u00e0 des\nenregistrements est fix\u00e9 \u00e0 2 cam\u00e9ras embarqu\u00e9es sur des a\u00e9ronefs t\u00e9l\u00e9-pilot\u00e9s.\nArticle 3 \u2013 La pr\u00e9sente autorisation est limit\u00e9e au p\u00e9rim\u00e8tre g\u00e9ographique figurant sur le\nplan transmis en annexe au pr\u00e9sent arr\u00eat\u00e9.\nArticle  4 \u2013 La pr\u00e9sente autorisation est d\u00e9livr\u00e9e pour la mise  en \u0153uvre des finalit\u00e9s\npr\u00e9cit\u00e9es pour :\n- le mardi 23 d\u00e9cembre 2025 de 17h00 \u00e0 23h59 ;\n- le mercredi 24 d\u00e9cembre 2025 de 15h00 \u00e0 23h00. \n2025-01697      2\nPr\u00e9fecture de Police - 75-2025-12-22-00016 - Arr\u00eat\u00e9 2025-01697 du 22 d\u00e9cembre 2025  autorisant la captation, l'enregistrement et la\ntransmission d'images au moyen de cam\u00e9ras install\u00e9es sur des a\u00e9ronefs les 23 et 24 d\u00e9cembre 2025 \u00e0 l'occasion \u00e0 l'occasion de\nmatchs de poule de la Coupe d'Afrique des Nations 2025\n32\nArticle 5 \u2013 L'information du public est assur\u00e9e par la publication de l'arr\u00eat\u00e9 au recueil des\nactes administratifs mentionn\u00e9 \u00e0 l'article 7, sa mi se en ligne sur le site internet de la\npr\u00e9fecture de police ainsi que par une information sur les r\u00e9seaux sociaux.\nArticle 6 \u2013 Le registre mentionn\u00e9 \u00e0 l'article L. 242-4 du code  de la s\u00e9curit\u00e9 int\u00e9rieure est\ntransmis au pr\u00e9fet de police, \u00e0 l'issue de la p\u00e9riode d'autorisation.\nArticle 7 \u2013 Le pr\u00e9fet, directeur du cabinet du pr\u00e9fet de polic e et le directeur de l'ordre\npublic et de la circulation sont charg\u00e9s, chacun en  ce qui le concerne, de l'ex\u00e9cution du\npr\u00e9sent arr\u00eat\u00e9 qui entrera en vigueur \u00e0 compter de son affichage aux portes de la\npr\u00e9fecture de police, sera publi\u00e9 au recueil des ac tes administratifs des d\u00e9partements de\nParis  et  consultable  sur  le  site  internet  de  la  pr\u00e9 fecture  de  police\n(https://www.prefecturedepolice.interieur.gouv.fr ).\nFait \u00e0 Paris, le 22 d\u00e9cembre 2025\nSIGN\u00c9\nPour le pr\u00e9fet de police\nLe sous-pr\u00e9fet, directeur adjoint de\nCabinet\nCharles BARBIER\n2025-01697 3 3\nPr\u00e9fecture de Police - 75-2025-12-22-00016 - Arr\u00eat\u00e9 2025-01697 du 22 d\u00e9cembre 2025  autorisant la captation, l'enregistrement et la\ntransmission d'images au moyen de cam\u00e9ras install\u00e9es sur des a\u00e9ronefs les 23 et 24 d\u00e9cembre 2025 \u00e0 l'occasion \u00e0 l'occasion de\nmatchs de poule de la Coupe d'Afrique des Nations 2025\n33\nAnnexe de l'arr\u00eat\u00e9 n\u00b02025-01697 du 22 d\u00e9cembre 2025\nVOIES ET DELAIS DE RECOURS\n_______________________\nSi vous estimez devoir contester la pr\u00e9sente autori sation, il vous est possible, dans un\nd\u00e9lai de deux mois \u00e0 compter de la date de son affichage ou de sa publication :\n- soit de saisir d'un RECOURS GRACIEUX\nle Pr\u00e9fet de Police\n7/9, boulevard du Palais - 75195 PARIS RP\n- ou de former un RECOURS HIERARCHIQUE\n  aupr\u00e8s du Ministre de l'int\u00e9rieur et des outre-mer\n  Direction des libert\u00e9s publiques et des affaires juridiques\n  place Beauvau - 75008 PARIS\n- soit de saisir d'un RECOURS CONTENTIEUX\nle Tribunal administratif comp\u00e9tent\nAucune de ces voies et recours ne suspend l'application de la pr\u00e9sente d\u00e9cision.\nLes recours GRACIEUX et HIERARCHIQUE doivent \u00eatre \u00e9 crits, exposer les arguments ou\nfaits nouveaux et comprendre la copie de la d\u00e9cision contest\u00e9e.\nLe recours contentieux, qui vise \u00e0 contester la LEG ALITE de la pr\u00e9sente d\u00e9cision, doit\n\u00e9galement \u00eatre \u00e9crit et exposer votre argumentation juridique.\nSi vous n'aviez pas de r\u00e9ponse \u00e0 votre recours GRAC IEUX ou HIERARCHIQUE dans un\nd\u00e9lai de deux mois \u00e0 compter de la r\u00e9ception de vot re recours par l'administration, votre\ndemande devra \u00eatre consid\u00e9r\u00e9e comme rejet\u00e9e (d\u00e9cision implicite de rejet).\nEn cas de rejet des RECOURS GRACIEUX ou HIERARCHIQUE, le Tribunal administratif peut\n\u00eatre saisi d'un recours contentieux dans le d\u00e9lai d e deux mois \u00e0 compter de la date de la\nd\u00e9cision de rejet.\n2025-01697      4\nPr\u00e9fecture de Police - 75-2025-12-22-00016 - Arr\u00eat\u00e9 2025-01697 du 22 d\u00e9cembre 2025  autorisant la captation, l'enregistrement et la\ntransmission d'images au moyen de cam\u00e9ras install\u00e9es sur des a\u00e9ronefs les 23 et 24 d\u00e9cembre 2025 \u00e0 l'occasion \u00e0 l'occasion de\nmatchs de poule de la Coupe d'Afrique des Nations 2025\n34\naEee|S,ow\n2025-01697 5 5\nPr\u00e9fecture de Police - 75-2025-12-22-00016 - Arr\u00eat\u00e9 2025-01697 du 22 d\u00e9cembre 2025  autorisant la captation, l'enregistrement et la\ntransmission d'images au moyen de cam\u00e9ras install\u00e9es sur des a\u00e9ronefs les 23 et 24 d\u00e9cembre 2025 \u00e0 l'occasion \u00e0 l'occasion de\nmatchs de poule de la Coupe d'Afrique des Nations 2025\n35\nPr\u00e9fecture de Police\n75-2025-12-22-00015\nArr\u00eat\u00e9 n\u00b02025-01696 du 22 d\u00e9cembre 2025\nportant mesures de police applicables \u00e0 Paris du\n23 d\u00e9cembre 2025 au 1er janvier 2026 \u00e0\nl'occasion des matchs de poule de la Coupe\nd'Afrique des Nations 2025\nPr\u00e9fecture de Police - 75-2025-12-22-00015 - Arr\u00eat\u00e9 n\u00b02025-01696 du 22 d\u00e9cembre 2025 portant mesures de police applicables \u00e0 Paris\ndu 23 d\u00e9cembre 2025 au 1er janvier 2026 \u00e0 l'occasion des matchs de poule de la Coupe d'Afrique des Nations 2025 36\nPREFECTUREDE POLICELibert\u00e9Egalit\u00e9Fraternit\u00e9\n05(es:\nCABINET DU PREFET\nArr\u00eat\u00e9 n\u00b0 2025-01696\nportant mesures de police applicables \u00e0 Paris du 23 d\u00e9cembre 2025 au 1er janvier 2026 \u00e0\nl'occasion des matchs de poule de la Coupe d'Afrique des Nations 2025\nLe pr\u00e9fet de police,\nVu le r\u00e8glement (CE) n\u00b0 1272/2008 du Parlement euro p\u00e9en et du Conseil du 16 d\u00e9cembre\n2008 modifi\u00e9 relatif \u00e0 la classification, \u00e0 l'\u00e9tiqu etage et \u00e0 l'emballage des substances et\ndes m\u00e9langes ;\nVu le code de l'environnement, notamment le chapitre VII du titre V du livre V ;\nVu le code g\u00e9n\u00e9ral des collectivit\u00e9s territoriales, notamment son article L. 2512-13 ;\nVu le code p\u00e9nal, notamment ses articles 132-75, 431-9, 431-9-1, R.610-5 et R.644-5 ;\nVu le code de proc\u00e9dure p\u00e9nale, notamment ses articles 78-2-4, 78-2-5 et R.48-1 ;\nVu le code de la s\u00e9curit\u00e9 int\u00e9rieure, notamment ses articles L. 122-1 et L. 211-1 \u00e0 L. 211-3 ;\nVu le d\u00e9cret n\u00b0 2004-374 du 29 avril 2004 modifi\u00e9 r elatif aux pouvoirs des pr\u00e9fets, \u00e0\nl'organisation et \u00e0 l'action des services de l'Etat  dans les r\u00e9gions et d\u00e9partements,\nnotamment son article 72 ;\nVu le d\u00e9cret du 22 octobre 2025 par lequel M. Patrice FAURE, administrateur de l'\u00c9tat du\ntroisi\u00e8me grade, directeur de cabinet du Pr\u00e9sident de la R\u00e9publique, est nomm\u00e9 pr\u00e9fet de\npolice (groupe I), \u00e0 compter du 23 octobre 2025 ;\nConsid\u00e9rant que, en application des articles L. 122-1 du code de la s\u00e9curit\u00e9 int\u00e9rieure et 72\ndu d\u00e9cret du 29 avril 2004 susvis\u00e9, le pr\u00e9fet de police a la charge \u00e0 Paris, de l'ordre public,\nnotamment la pr\u00e9vention des atteintes \u00e0 la s\u00e9curit\u00e9 des personnes et des biens ;\nConsid\u00e9rant que, en application de l'article 431-9 du code p\u00e9nal, est puni de six mois\nd'emprisonnement et de 7 500 euros d'amende le fait  d'avoir organis\u00e9 une manifestation\nsur la voie publique n'ayant pas fait l'objet d'une d\u00e9claration pr\u00e9alable dans les conditions\nfix\u00e9es par la loi ;\nConsid\u00e9rant que, en application de l'article 431-9- 1 du code p\u00e9nal, le fait pour une\npersonne de dissimuler volontairement tout ou partie de son visage sans motif l\u00e9gitime au\nsein, ou aux abords imm\u00e9diats, d'une manifestation sur la voie publique au cours, ou \u00e0\nl'issue, de laquelle des troubles \u00e0 l'ordre public sont commis ou risquent d'\u00eatre commis est\npuni d'un an d'emprisonnement et de 15 000 \u20ac d'amende ;\nConsid\u00e9rant que sont punis de l'amende pr\u00e9vue pour les contraventions de la 4e classe la\nviolation des interdictions et le manquement aux ob ligations \u00e9dict\u00e9es par arr\u00eat\u00e9s pris sur\nle fondement des pouvoirs de police, en application  de l'article R. 644-5 du code p\u00e9nal\nrelatif \u00e0 l'usage des artifices de divertissement s ur la voie publique et le transport de\nPr\u00e9fecture de Police - 75-2025-12-22-00015 - Arr\u00eat\u00e9 n\u00b02025-01696 du 22 d\u00e9cembre 2025 portant mesures de police applicables \u00e0 Paris\ndu 23 d\u00e9cembre 2025 au 1er janvier 2026 \u00e0 l'occasion des matchs de poule de la Coupe d'Afrique des Nations 2025 37\nr\u00e9cipients contenant du carburant \u00e0 l'occasion d'\u00e9v \u00e9nements comportant des risques\nd'atteinte \u00e0 la s\u00e9curit\u00e9 publique ; que l'article R . 48-1 du code de proc\u00e9dure p\u00e9nale rend\napplicable la proc\u00e9dure de l'amende forfaitaire pour les contraventions pr\u00e9cit\u00e9es ;\nConsid\u00e9rant que, en application des r\u00e9quisitions \u00e9crites du procureur de la R\u00e9publique, les\nofficiers de police judiciaire et, sur l'ordre et s ous la responsabilit\u00e9 de ceux-ci, les agents\nde police judiciaire, sont autoris\u00e9s \u00e0 proc\u00e9der sur  les lieux d'une manifestation et \u00e0 ses\nabords imm\u00e9diats \u00e0 l'inspection visuelle et \u00e0 la fo uille des bagages, ainsi qu'\u00e0 la visite de\nv\u00e9hicules circulant, arr\u00eat\u00e9s ou stationnant sur la voie publique, conform\u00e9ment \u00e0 l'article\n78-2-5 du code de proc\u00e9dure p\u00e9nale ;\nConsid\u00e9rant qu'a lieu au Maroc depuis 21 d\u00e9cembre 2 025 et jusqu'au 18 janvier 2026 la\nCoupe d'Afrique des Nations 2025 ; que les matchs d e poule se d\u00e9rouleront jusqu'au 31\nd\u00e9cembre 2025 ; qu'il existe un risque s\u00e9rieux que durant les rencontres de cette\ncomp\u00e9tition, en amont de celles-ci ou \u00e0 leur issue,  des supporters des \u00e9quipes disputant\nles matchs se rassemblent dans le secteur des Champ s-\u00c9lys\u00e9es et fassent notamment\nusage  d'engins  pyrotechniques ;  qu'il  s'agit  d'un  s ecteur  touristique  majeur  et\nembl\u00e9matique g\u00e9n\u00e9rant une forte affluence, particul i\u00e8rement lors des festivit\u00e9s de fin\nd'ann\u00e9e ; que plusieurs b\u00e2timents institutionnels s'y situent ; que de pr\u00e9c\u00e9dentes \u00e9ditions\nde cette comp\u00e9tition ont \u00e9t\u00e9 le cadre de d\u00e9bordemen ts, de d\u00e9gradations de mobilier\npublic et de troubles \u00e0 l'ordre public sur les Cham ps-\u00c9lys\u00e9es et dans leurs environs, de la\npart de supporters et de sympathisants de diff\u00e9rent es \u00e9quipes nationales africaines ; que\nces rassemblements ont donn\u00e9 lieu \u00e0 plusieurs inter pellations, notamment pour jets de\nprojectiles et d\u00e9gradations volontaires de bien pri v\u00e9s ; que plusieurs policiers et\ngendarmes ont \u00e9t\u00e9 bless\u00e9s lors de rassemblements sp ontan\u00e9s de supporters durant les\npr\u00e9c\u00e9dentes  \u00e9ditions  de  la  comp\u00e9tition ;  que  des  rassemblements  spontan\u00e9s  de\nsupporters sont susceptibles d'engendrer de graves perturbations de la circulation, de\nmenacer la s\u00e9curit\u00e9 des nombreux touristes pr\u00e9sents  et de troubler l'ordre public ; qu'en\noutre, le plan Vigipirate a \u00e9t\u00e9 rehauss\u00e9 par le Pre mier ministre \u00e0 son niveau sommital\n\u00ab urgence attentat \u00bb le 24 mars 2024 ; que le durcissement de la posture Vigipirate associ\u00e9\n\u00e0 l'\u00e9volution de l'\u00e9tat de la menace en France fait  porter un effort plus particulier sur la\ns\u00e9curit\u00e9 des sites institutionnels et touristiques et de leurs abords ; que dans le contexte\nactuel national et international de menace tr\u00e8s \u00e9lev\u00e9, les dispositifs de s\u00e9curisation de ces\nsites ont \u00e9t\u00e9 renforc\u00e9s ;\nConsid\u00e9rant que les forces de s\u00e9curit\u00e9 int\u00e9rieure s eront particuli\u00e8rement mobilis\u00e9es\njusqu'au d\u00e9but de l'ann\u00e9e 2026 \u00e0 Paris et en petite  couronne, sans pr\u00e9judice de leurs\nsuj\u00e9tions habituelles, pour la s\u00e9curisation d'\u00e9v\u00e8ne ments sur la voie publique, des sites\ninstitutionnels sensibles et des festivit\u00e9s de fin d'ann\u00e9e ;\nConsid\u00e9rant, enfin, qu'il appartient \u00e0 l'autorit\u00e9 d e police comp\u00e9tente de concilier\nl'exercice du droit de manifester avec les imp\u00e9ratifs de l'ordre public ; que, dans ce cadre,\nelle se doit de prendre les mesures de nature \u00e0 pr\u00e9 venir, outre les infractions \u00e0 la loi\np\u00e9nale, les troubles \u00e0 l'ordre public \u00e0 partir de l 'appr\u00e9ciation qu'elle fait du risque qu'ils\nsurviennent ; que r\u00e9pond \u00e0 ces objectifs une mesure qui d\u00e9finit  un p\u00e9rim\u00e8tre dans lequel\ndes restrictions sont mises en \u0153uvre, notamment \u00e0 l'\u00e9gard de rassemblements pr\u00e9sentant\ndes risques de troubles graves \u00e0 l'ordre public, afin de garantir la s\u00e9curit\u00e9 des personnes et\ndes biens ;\n2\n2025-01696\nPr\u00e9fecture de Police - 75-2025-12-22-00015 - Arr\u00eat\u00e9 n\u00b02025-01696 du 22 d\u00e9cembre 2025 portant mesures de police applicables \u00e0 Paris\ndu 23 d\u00e9cembre 2025 au 1er janvier 2026 \u00e0 l'occasion des matchs de poule de la Coupe d'Afrique des Nations 2025 38\nARRETE :\nArticle 1er \u2013 Les regroupements de personne se pr\u00e9valant de la q ualit\u00e9 de supporter des\n\u00e9quipes de football disputant les matchs au titre de la Coupe d'Afrique des Nations 2025\nou se comportant comme tel sont interdits du mardi 23 d\u00e9cembre 2025 \u00e0 18h00 au jeudi\n1er janvier 2026 \u00e0 02h00 dans le p\u00e9rim\u00e8tre d\u00e9limit\u00e9 se lon la cartographie figurant en\nannexe.\nArticle 2 \u2013 Dans le p\u00e9rim\u00e8tre et durant la p\u00e9riode mentionn\u00e9s \u00e0 l'article 1\ner sont interdits le\nport et le transport sans motif l\u00e9gitime par des pe rsonnes se pr\u00e9valant de la qualit\u00e9 de\nsupporter des \u00e9quipes de football disputant les matchs au titre de la Coupe d'Afrique des\nNations 2025 ou se comportant comme tel :\n- d'armes par nature et de tous objets susceptibles de constituer une arme au sens de\nl'article 132-75 du code p\u00e9nal ;\n- d'artifices de divertissement et d'articles pyrotechniques ;\n- dans  des  conteneurs individuels, de substances  ou d e  m\u00e9langes dangereux,\ninflammables ou corrosifs, au sens du r\u00e8glement (CE ) n\u00b0 1272/2008 du Parlement\neurop\u00e9en et du Conseil du 16 d\u00e9cembre 2008 susvis\u00e9, tels que l'essence, le p\u00e9trole, le\ngaz, l'alcool \u00e0 br\u00fbler, le m\u00e9thanol, la t\u00e9r\u00e9benthine, les solvants ;\n- d'\u00e9quipements de protection destin\u00e9 \u00e0 mettre en \u00e9ch ec tout ou partie des moyens\nutilis\u00e9s par les repr\u00e9sentants de la force publique pour le maintien de l'ordre public.\nArticle 3 \u2013  Le pr\u00e9fet, directeur du cabinet du pr\u00e9fet de police , le directeur de l'ordre\npublic et de la circulation et le directeur de la s \u00e9curit\u00e9 de proximit\u00e9 de l'agglom\u00e9ration\nparisienne sont charg\u00e9s, chacun en ce qui le concer ne, de l'ex\u00e9cution du pr\u00e9sent arr\u00eat\u00e9\nqui entrera en vigueur \u00e0 compter de son affichage a ux portes de la pr\u00e9fecture de police,\nsera publi\u00e9 au recueil des actes administratifs du d\u00e9partement de Paris, consultable sur le\nsite internet de la pr\u00e9fecture de police ( https://www.prefecturedepolice.interieur.gouv.fr)\net transmis \u00e0 la procureure de la R\u00e9publique pr\u00e8s le tribunal judiciaire de Paris.\nFait \u00e0 Paris, le 22 d\u00e9cembre 2025\nSIGN\u00c9\nPour le pr\u00e9fet de police\nLe sous-pr\u00e9fet, directeur adjoint de\nCabinet\nCharles BARBIER\n3\n2025-01696\nPr\u00e9fecture de Police - 75-2025-12-22-00015 - Arr\u00eat\u00e9 n\u00b02025-01696 du 22 d\u00e9cembre 2025 portant mesures de police applicables \u00e0 Paris\ndu 23 d\u00e9cembre 2025 au 1er janvier 2026 \u00e0 l'occasion des matchs de poule de la Coupe d'Afrique des Nations 2025 39\nAnnexe de l'arr\u00eat\u00e9 n\u00b02025-01696 du 22 d\u00e9cembre 2025\nVOIES ET DELAIS DE RECOURS\n_______________________\nSi vous estimez devoir contester le pr\u00e9sent arr\u00eat\u00e9,  il vous est possible, dans un d\u00e9lai de\ndeux mois \u00e0 compter de la date de son affichage ou de sa publication au recueil des actes\nadministratifs du d\u00e9partement de Paris :\n- soit de saisir d'un RECOURS GRACIEUX\nle Pr\u00e9fet de Police\n7/9, boulevard du Palais - 75195 PARIS RP\n- ou de former un RECOURS HIERARCHIQUE\n  aupr\u00e8s du Ministre de l'int\u00e9rieur\n  Direction des libert\u00e9s publiques et des affaires juridiques\n  place Beauvau - 75008 PARIS\n- soit de saisir d'un RECOURS CONTENTIEUX\nle Tribunal administratif comp\u00e9tent\nAucune de ces voies et recours ne suspend l'application de la pr\u00e9sente d\u00e9cision.\nLes recours GRACIEUX et HIERARCHIQUE doivent \u00eatre \u00e9 crits, exposer les arguments ou\nfaits nouveaux et comprendre la copie de l'arr\u00eat\u00e9 contest\u00e9.\nLe recours CONTENTIEUX, qui vise \u00e0 contester la LEG ALITE de la pr\u00e9sente d\u00e9cision, doit\n\u00e9galement \u00eatre \u00e9crit et exposer votre argumentation juridique.\nSi vous n'aviez pas de r\u00e9ponse \u00e0 votre recours GRACIEUX ou HIERARCHIQUE dans un d\u00e9lai\nde deux mois \u00e0 compter de la r\u00e9ception de votre rec ours par l'administration, votre\ndemande devra \u00eatre consid\u00e9r\u00e9e comme rejet\u00e9e (d\u00e9cision implicite de rejet).\nEn cas de rejet des recours GRACIEUX ou HIERARCHIQU E, le Tribunal administratif peut\n\u00eatre saisi d'un recours contentieux dans le d\u00e9lai d e deux mois \u00e0 compter de la date de la\nd\u00e9cision de rejet.\n4\n2025-01696\nPr\u00e9fecture de Police - 75-2025-12-22-00015 - Arr\u00eat\u00e9 n\u00b02025-01696 du 22 d\u00e9cembre 2025 portant mesures de police applicables \u00e0 Paris\ndu 23 d\u00e9cembre 2025 au 1er janvier 2026 \u00e0 l'occasion des matchs de poule de la Coupe d'Afrique des Nations 2025 40\n5\n2025-01696\nPr\u00e9fecture de Police - 75-2025-12-22-00015 - Arr\u00eat\u00e9 n\u00b02025-01696 du 22 d\u00e9cembre 2025 portant mesures de police applicables \u00e0 Paris\ndu 23 d\u00e9cembre 2025 au 1er janvier 2026 \u00e0 l'occasion des matchs de poule de la Coupe d'Afrique des Nations 2025 41\nPr\u00e9fecture de Police\n75-2025-12-22-00017\nArr\u00eat\u00e9 n\u00b02025-01698 du 22 d\u00e9cembre 2025\nmodifiant l'arr\u00eat\u00e9 n\u00b02025-01691 du 22 d\u00e9cembre\n2025 portant interdiction temporaire de port et\nde transport sans motif l\u00e9gitime d'armes et\nd'objets pouvant constituer une arme \u00e0 Paris et\ndans les d\u00e9partements des Hauts-de-Seine, de la\nSeine-Saint-Denis et du Val-de-Marne du 23\nd\u00e9cembre 2025 au 1er janvier 2026 inclus\nPr\u00e9fecture de Police - 75-2025-12-22-00017 - Arr\u00eat\u00e9 n\u00b02025-01698 du 22 d\u00e9cembre 2025\nmodifiant l'arr\u00eat\u00e9 n\u00b02025-01691 du 22 d\u00e9cembre 2025 portant interdiction temporaire de port et de transport sans motif l\u00e9gitime\nd'armes et d'objets pouvant constituer une arme \u00e0 Paris et dans les d\u00e9partements des Hauts-de-Seine, de la Seine-Saint-Denis et du\nVal-de-Marne du 23 d\u00e9cembre 2025 au 1er janvier 2026 inclus\n42\nPREFECTUREDE POLICELibert\u00e9Egalit\u00e9Fraternit\u00e9\nAtUai\nCABINET DU PREFET\nArr\u00eat\u00e9 n\u00b0 2025-01698\nmodifiant l'arr\u00eat\u00e9 n\u00b02025-01691 du 22 d\u00e9cembre 2025 portant interdiction temporaire de\nport et de transport sans motif l\u00e9gitime d'armes et d'objets pouvant constituer une arme \u00e0\nParis et dans les d\u00e9partements des Hauts-de-Seine, de la Seine-Saint-Denis et du Val-de-\nMarne du 23 d\u00e9cembre 2025 au 1er janvier 2026 inclus \nLe Pr\u00e9fet de police,\nVu l'arr\u00eat\u00e9 n\u00b02025-01691 du 22 d\u00e9cembre 2025 portant interdiction temporaire de port et de\ntransport sans motif l\u00e9gitime d'armes et d'objets pouvant constituer une arme \u00e0 Paris et dans\nles d\u00e9partements des Hauts-de-Seine, de la Seine-Sa int-Denis et du Val-de-Marne du 23\nd\u00e9cembre 2025 au 1er janvier 2026 inclus ;\nVu le d\u00e9cret du 22 octobre 2025 par lequel M. Patri ce FAURE, administrateur de l'\u00c9tat du\ntroisi\u00e8me grade, directeur de cabinet du Pr\u00e9sident de la R\u00e9publique, est nomm\u00e9 pr\u00e9fet de\npolice (groupe I), \u00e0 compter du 23 octobre 2025 ; \nARR\u00caTE  :\nArticle 1 \u2013 A l'article 1\ner de l'arr\u00eat\u00e9 2025-01691 susvis\u00e9, les mots \u00ab 29 d\u00e9ce mbre 2025 \u00bb sont\nremplac\u00e9s par \u00ab 23 d\u00e9cembre 2025 \u00bb. \nArticle 2 \u2013 Le pr\u00e9fet des Hauts-de-Seine, le pr\u00e9fet de la Seine-Saint-Denis, le pr\u00e9fet du Val-de-\nMarne, le pr\u00e9fet, directeur du cabinet du pr\u00e9fet de  police, le directeur de la s\u00e9curit\u00e9 de\nproximit\u00e9 de l'agglom\u00e9ration parisienne, le directeur de l'ordre public et de la circulation et le\ndirecteur de la police judiciaire sont charg\u00e9s, chacun en ce qui le concerne, de l'ex\u00e9cution du\npr\u00e9sent arr\u00eat\u00e9 qui entrera en vigueur d\u00e8s son affichage aux portes de la pr\u00e9fecture de police,\nsera publi\u00e9 aux recueils des actes administratifs du d\u00e9partement de Paris et des pr\u00e9fectures\ndes Hauts-de-Seine, de la Seine-Saint-Denis et du Val-de-Marne, transmis aux procureurs de la\nR\u00e9publique pr\u00e8s les tribunaux judiciaires de Paris, Nanterre, Bobigny et Cr\u00e9teil, et consultable\nsur le site de la pr\u00e9fecture de police (https://www.prefecturedepolice.interieur.gouv.fr).\nFait \u00e0 Paris, le 22 d\u00e9cembre 2025\nSIGN\u00c9\nPour le pr\u00e9fet de police\nLe  sous-pr\u00e9fet,  directeur  adjoint  de\nCabinet\nCharles BARBIER\nPr\u00e9fecture de Police - 75-2025-12-22-00017 - Arr\u00eat\u00e9 n\u00b02025-01698 du 22 d\u00e9cembre 2025\nmodifiant l'arr\u00eat\u00e9 n\u00b02025-01691 du 22 d\u00e9cembre 2025 portant interdiction temporaire de port et de transport sans motif l\u00e9gitime\nd'armes et d'objets pouvant constituer une arme \u00e0 Paris et dans les d\u00e9partements des Hauts-de-Seine, de la Seine-Saint-Denis et du\nVal-de-Marne du 23 d\u00e9cembre 2025 au 1er janvier 2026 inclus\n43\nAnnexe de l'arr\u00eat\u00e9 n\u00b0 2025-01698 du 22 d\u00e9cembre 2025\nVOIES ET DELAIS DE RECOURS\n_______________________\nSi vous estimez devoir contester le pr\u00e9sent arr\u00eat\u00e9,  il vous est possible, dans un\nd\u00e9lai de deux mois \u00e0 compter de la date de sa publication au recueil des actes administratifs\ndu d\u00e9partement de Paris : \n- soit de saisir d'un RECOURS GRACIEUX\nle Pr\u00e9fet de Police\n7/9, boulevard du Palais - 75195 PARIS RP\n- ou de former un RECOURS HIERARCHIQUE\n  aupr\u00e8s du Ministre de l'int\u00e9rieur\n  Direction des libert\u00e9s publiques et des affaires juridiques\n  place Beauvau - 75008 PARIS\n- soit de saisir d'un RECOURS CONTENTIEUX\nle Tribunal administratif comp\u00e9tent\nAucune de ces voies et recours ne suspend l'application de la pr\u00e9sente d\u00e9cision.\nLes recours GRACIEUX et  HIERARCHIQUE doivent  \u00eatre  \u00e9 crits, exposer  les\narguments ou faits nouveaux et comprendre la copie de l'arr\u00eat\u00e9 contest\u00e9.\nLe recours CONTENTIEUX, qui vise \u00e0 contester la LEG ALITE de la pr\u00e9sente\nd\u00e9cision, doit \u00e9galement \u00eatre \u00e9crit et exposer votre argumentation juridique.\nSi vous n'aviez pas de r\u00e9ponse \u00e0 votre recours GRACIEUX ou HIERARCHIQUE dans\nun d\u00e9lai de deux mois \u00e0 compter de la r\u00e9ception de votre recours par l'administration, votre\ndemande devra \u00eatre consid\u00e9r\u00e9e comme rejet\u00e9e (d\u00e9cision implicite de rejet).\nEn  cas  de  rejet  des  recours  GRACIEUX  ou  HIERARCHIQU E,  le  Tribunal\nadministratif peut \u00eatre saisi d'un recours contentieux dans le d\u00e9lai de deux mois \u00e0 compter\nde la date de la d\u00e9cision de rejet.\n2\nPr\u00e9fecture de Police - 75-2025-12-22-00017 - Arr\u00eat\u00e9 n\u00b02025-01698 du 22 d\u00e9cembre 2025\nmodifiant l'arr\u00eat\u00e9 n\u00b02025-01691 du 22 d\u00e9cembre 2025 portant interdiction temporaire de port et de transport sans motif l\u00e9gitime\nd'armes et d'objets pouvant constituer une arme \u00e0 Paris et dans les d\u00e9partements des Hauts-de-Seine, de la Seine-Saint-Denis et du\nVal-de-Marne du 23 d\u00e9cembre 2025 au 1er janvier 2026 inclus\n44\nPr\u00e9fecture de Police\n75-2025-12-18-00007\nArr\u00eat\u00e9  pr\u00e9fectoral n\u00b0 2025 - 437 du 18\nd\u00e9cembre 2025 prolongeant la dur\u00e9e de validit\u00e9\nde l'arr\u00eat\u00e9 2025-287 du 28 ao\u00fbt 2025\nr\u00e9glementant\ntemporairement les conditions de circulation\npour permettre le remplacement des passerelles\nau niveau du Sheraton, gare TGV - Module MN\ndu terminal 2 de l'a\u00e9roport Paris-Charles de\nGaulle  \nPr\u00e9fecture de Police - 75-2025-12-18-00007 - Arr\u00eat\u00e9  pr\u00e9fectoral n\u00b0 2025 - 437 du 18 d\u00e9cembre 2025 prolongeant la dur\u00e9e de validit\u00e9\nde l'arr\u00eat\u00e9 2025-287 du 28 ao\u00fbt 2025 r\u00e9glementant\ntemporairement les conditions de circulation pour permettre le remplacement des passerelles au niveau du Sheraton, gare TGV -\nModule MN du terminal 2 de l'a\u00e9roport Paris-Charles de Gaulle  \n45\n \nDELEGATION DE LA PREFECTURE DE POLICE \n1, rue de La Haye \u2013 CS 10977 \u2013 95733 Roissy Cedex \n    T\u00e9l: 01 75 41 60 00  \nM\u00e9l : \nsecretariat-roissy@interieur.gouv.fr  \nD\u00e9l\u00e9gation de la pr\u00e9fecture de police  \npour la s\u00e9curit\u00e9 et la s\u00fbret\u00e9 \ndes plates-formes a\u00e9roportuaires de Paris \n \n \n \n \nARRETE PREFECTORAL N\u00b0 2024 - 437 \n \nProlongeant la dur\u00e9e de validit\u00e9 de l'arr\u00eat\u00e9 2025-287 du 28 ao\u00fbt 2025 r\u00e9glementant \ntemporairement les conditions de circulation pour permettre le remplacement des \npasserelles au niveau du Sheraton, gare TGV - Module MN du terminal 2 \nde l'a\u00e9roport Paris-Charles de Gaulle,  \n \n \n \nLe Pr\u00e9fet d\u00e9l\u00e9gu\u00e9,  \n                            \nVu le Code P\u00e9nal ; \n \nVu le Code de la Route  ; \n \nVu le Code des Transports  ; \n   \nVu la loi n\u00b02017-257 du 28 f\u00e9vrier 2017 relative au statut de Paris et \u00e0 l'am\u00e9nagement m\u00e9tropolitain  ; \n \nVu le d\u00e9cret du 26 juin 2024 par lequel Monsieur St\u00e9phane DAGUIN est nomm\u00e9 pr\u00e9fet d\u00e9l\u00e9gu\u00e9 pour la \ns\u00e9curit\u00e9 et la s\u00fbret\u00e9 des plates-formes a\u00e9roportuai res de Paris-Charles de Gaulle, du Bourget \net de Paris-Orly aupr\u00e8s du pr\u00e9fet de police ; \n \nVu le d\u00e9cret du 24 ao\u00fbt 2024 par lequel Monsieur Yv es Bossuyt est nomm\u00e9 sous-pr\u00e9fet charg\u00e9 de \nmission, adjoint au pr\u00e9fet d\u00e9l\u00e9gu\u00e9 pour la s\u00e9curit\u00e9  et la s\u00fbret\u00e9 des plates-formes a\u00e9roportuaires de \nParis - Charles de Gaulle, du Bourget et de Paris-Orly aupr\u00e8s du pr\u00e9fet de police  ; \n \nVu le d\u00e9cret du 22 octobre 2025 portant nomination de Monsieur Patrice FAURE, en tant que pr\u00e9fet \nde police  ; \n \nVu l'arr\u00eat\u00e9 interminist\u00e9riel du 24 novembre 1967 mo difi\u00e9 relatif \u00e0 la signalisation des routes et \nautoroutes et notamment l'article 1 \ner  ; \n \nVu l'arr\u00eat\u00e9 pr\u00e9fectoral n\u00b0 2003-0487 du 5 f\u00e9vrier 2003 modifi\u00e9 relatif \u00e0 la signalisation sur les voies de la \nzone publique de l'a\u00e9roport Paris-Charles-de-Gaulle ; \n \nVu l'arr\u00eat\u00e9 pr\u00e9fectoral n\u00b0 2003-2545 du 2 juin 2003 , r\u00e9glementant la circulation sur les voies de la z one \npublique de l'a\u00e9roport de Paris-Charles-de-Gaulle, modifiant l'arr\u00eat\u00e9 pr\u00e9fectoral n\u00b0 1999-5363 du  22 \nd\u00e9cembre 1999 ; \n \nVu l'arr\u00eat\u00e9 pr\u00e9fectoral n\u00b0 2015-3248 du 03 d\u00e9cembre  2015 relatif \u00e0 la police sur l'a\u00e9roport de Paris-\nCharles-de-Gaulle  ; \n \nVu l'arr\u00eat\u00e9 pr\u00e9fectoral 2025-287 du 25 ao\u00fbt 2025 r\u00e9 glementant temporairement les conditions de \ncirculation pour permettre le remplacement des passerelles au niveau du Sheraton, gare TGV - Module \nMN du terminal 2 de l'a\u00e9roport Paris-Charles de Gaulle  ; \n \nPr\u00e9fecture de Police - 75-2025-12-18-00007 - Arr\u00eat\u00e9  pr\u00e9fectoral n\u00b0 2025 - 437 du 18 d\u00e9cembre 2025 prolongeant la dur\u00e9e de validit\u00e9\nde l'arr\u00eat\u00e9 2025-287 du 28 ao\u00fbt 2025 r\u00e9glementant\ntemporairement les conditions de circulation pour permettre le remplacement des passerelles au niveau du Sheraton, gare TGV -\nModule MN du terminal 2 de l'a\u00e9roport Paris-Charles de Gaulle  \n46\n2 \nVu l'arr\u00eat\u00e9 n\u00b0 2025-01369 du 23 octobre 2025 portan t d\u00e9l\u00e9gation de signature au pr\u00e9fet d\u00e9l\u00e9gu\u00e9 pour \nla s\u00e9curit\u00e9 et la s\u00fbret\u00e9 des plates-formes a\u00e9roport uaires de Paris-Charles de Gaulle, du Bourget et de  \nParis-Orly aupr\u00e8s du pr\u00e9fet de police  ; \n \nVu l'instruction interminist\u00e9rielle sur la signalis ation routi\u00e8re du 22 octobre 1963 et notamment la \nhuiti\u00e8me partie \u00ab  signalisation temporaire  \u00bb modifi\u00e9e  ; \n \nVu la demande du groupe ADP, en date du 24 novembre 2025  ; \n \nVu l'avis favorable du Service d'Etude et d'Impact de la Direction de l'Ordre Public de la Pr\u00e9fecture de \nPolice, en date du 2 d\u00e9cembre 2025 ; \n \nCONSIDERANT que pour permettre le remplacement des passerelles au niveau du Sheraton, gare TGV \n- Module MN du terminal 2 de l'a\u00e9roport Paris-Charl es de Gaulle et pour assurer la s\u00e9curit\u00e9 des usager s \net des personnes charg\u00e9es des travaux,  il convient de r\u00e9glementer temporairement la circul ation aux \nabords du chantier, \n \n \nARRETE \n \nArticle 1  : \n \nLa p\u00e9riode de travaux mentionn\u00e9e au premier alin\u00e9a de l'article 1 de l'arr\u00eat\u00e9 n\u00b0 2025-287 du 25 ao\u00fbt \n2025 est prolong\u00e9e jusqu'au 30 avril 2026. \n \nArticle 2  :  \n \nLe directeur de l'a\u00e9roport de Paris-Charles de Gaulle, le directeur de la direction de l'ordre public et de \nla circulation, la directrice de la direction de s\u00e9 curisation de proximit\u00e9 de l'agglom\u00e9ration parisien ne \nde la pr\u00e9fecture de police sont charg\u00e9s, chacun en ce qui le concerne, de l'ex\u00e9cution du pr\u00e9sent arr\u00eat\u00e9 \nqui sera publi\u00e9 aux recueils des actes administratifs de la pr\u00e9fecture de police. \n \nParis-Charles de Gaulle, le 18 DEC. 2025 \n \nPour le pr\u00e9fet d\u00e9l\u00e9gu\u00e9 pour la s\u00e9curit\u00e9 et la s\u00fbret\u00e9  \ndes plates-formes a\u00e9roportuaires de Paris \nLe sous-pr\u00e9fet \n \nSign\u00e9 \n \nYves BOSSUYT \n \n \nVOIES ET D\u00c9LAIS DE RECOURS  : \n \nLe pr\u00e9sent arr\u00eat\u00e9 peut \u00eatre contest\u00e9 dans un d\u00e9lai de deux mois \u00e0 compter de sa notification : \n \n\uf0a7 soit par voie d'un recours gracieux aupr\u00e8s du pr\u00e9fe t de police \u2013 D\u00e9l\u00e9gation de la pr\u00e9fecture de \npolice pour la s\u00e9curit\u00e9 et la s\u00fbret\u00e9 des plates-for mes a\u00e9roportuaires de Paris, Roissyp\u00f4le \u2013 Le \nD\u00f4me, 1 rue de la Haye \u2013 CS 10977 \u2013 95733 Roissy Cedex ; \n\uf0a7 soit par voie d'un recours hi\u00e9rarchique aupr\u00e8s du ministre de l'int\u00e9rieur ; \n\uf0a7 soit par voie de recours contentieux aupr\u00e8s du trib unal administratif de Montreuil \u2013 07 rue \nCatherine Puig \u2013 93100 Montreuil. \n \nEn cas de rejet explicite ou implicite du recours a dministratif gracieux ou hi\u00e9rarchique, un recours \ncontentieux peut \u00eatre form\u00e9 conform\u00e9ment \u00e0 l'alin\u00e9a  pr\u00e9c\u00e9dent. Le d\u00e9lai du recours contentieux est \nalors prorog\u00e9 par l'exercice de ces recours administratifs.\n \n \nPr\u00e9fecture de Police - 75-2025-12-18-00007 - Arr\u00eat\u00e9  pr\u00e9fectoral n\u00b0 2025 - 437 du 18 d\u00e9cembre 2025 prolongeant la dur\u00e9e de validit\u00e9\nde l'arr\u00eat\u00e9 2025-287 du 28 ao\u00fbt 2025 r\u00e9glementant\ntemporairement les conditions de circulation pour permettre le remplacement des passerelles au niveau du Sheraton, gare TGV -\nModule MN du terminal 2 de l'a\u00e9roport Paris-Charles de Gaulle  \n47\nPr\u00e9fecture de Police\n75-2025-12-18-00008\nArr\u00eat\u00e9  pr\u00e9fectoral n\u00b02025 - 435 du 18 d\u00e9cembre\n2025 r\u00e9glementant temporairement les\nconditions de circulation pour permettre\nle remplacement d'un mobilier publicitaire en\nbordure de l'axe rouge de l'A\u00e9roport\nParis-Charles de Gaulle\nPr\u00e9fecture de Police - 75-2025-12-18-00008 - Arr\u00eat\u00e9  pr\u00e9fectoral n\u00b02025 - 435 du 18 d\u00e9cembre 2025 r\u00e9glementant temporairement les\nconditions de circulation pour permettre\nle remplacement d'un mobilier publicitaire en bordure de l'axe rouge de l'A\u00e9roport Paris-Charles de Gaulle\n48\n \nDELEGATION DE LA PREFECTURE DE POLICE \n1, rue de La Haye \u2013 CS 10977 \u2013 95733 Roissy Cedex \n    T\u00e9l: 01 75 41 60 00  \nM\u00e9l : \nsecretariat-roissy@interieur.gouv.fr  \n D\u00e9l\u00e9gation de la pr\u00e9fecture de police  \npour la s\u00e9curit\u00e9 et la s\u00fbret\u00e9 \ndes plates-formes a\u00e9roportuaires de Paris  \n \n \n \n \nARRETE PREFECTORAL N\u00b0 2025 - 435 \n \nR\u00e9glementant temporairement les conditions de circulation pour permettre  \nle remplacement d'un mobilier publicitaire en bordure de l'axe rouge de \n l'A\u00e9roport Paris-Charles de Gaulle,  \n \n \n \n \nLe Pr\u00e9fet d\u00e9l\u00e9gu\u00e9, \n                            \nVu le Code P\u00e9nal ; \n \nVu le Code de la Route  ; \n \nVu le Code des Transports  ; \n   \nVu la loi n\u00b02017-257 du 28 f\u00e9vrier 2017 relative au statut de Paris et \u00e0 l'am\u00e9nagement m\u00e9tropolitain  ; \n \nVu le d\u00e9cret du 26 juin 2024 par lequel Monsieur St\u00e9phane DAGUIN est nomm\u00e9 pr\u00e9fet d\u00e9l\u00e9gu\u00e9 pour la \ns\u00e9curit\u00e9 et la s\u00fbret\u00e9 des plates-formes a\u00e9roportuai res de Paris-Charles de Gaulle, du Bourget \net de Paris-Orly aupr\u00e8s du pr\u00e9fet de police ; \n \nVu le d\u00e9cret du 24 ao\u00fbt 2024 par lequel Monsieur Yv es Bossuyt est nomm\u00e9 sous-pr\u00e9fet charg\u00e9 de \nmission, adjoint au pr\u00e9fet d\u00e9l\u00e9gu\u00e9 pour la s\u00e9curit\u00e9  et la s\u00fbret\u00e9 des plates-formes a\u00e9roportuaires de \nParis - Charles de Gaulle, du Bourget et de Paris-Orly aupr\u00e8s du pr\u00e9fet de police  ; \n \nVu le d\u00e9cret du 22 octobre 2025 portant nomination de Monsieur Patrice FAURE, en tant que pr\u00e9fet \nde police  ; \n \nVu l'arr\u00eat\u00e9 interminist\u00e9riel du 24 novembre 1967 mo difi\u00e9 relatif \u00e0 la signalisation des routes et \nautoroutes et notamment l'article 1 \ner  ; \n \nVu l'arr\u00eat\u00e9 pr\u00e9fectoral n\u00b0 2003-0487 du 5 f\u00e9vrier 2003 modifi\u00e9 relatif \u00e0 la signalisation sur les voies de la \nzone publique de l'a\u00e9roport Paris-Charles-de-Gaulle ; \n \nVu l'arr\u00eat\u00e9 pr\u00e9fectoral n\u00b0 2003-2545 du 2 juin 2003 , r\u00e9glementant la circulation sur les voies de la z one \npublique de l'a\u00e9roport de Paris-Charles-de-Gaulle, modifiant l'arr\u00eat\u00e9 pr\u00e9fectoral n\u00b0 1999-5363 du 22 \nd\u00e9cembre 1999 ; \n \nVu l'arr\u00eat\u00e9 pr\u00e9fectoral n\u00b0 2015-3248 du 03 d\u00e9cembre  2015 relatif \u00e0 la police sur l'a\u00e9roport de Paris-\nCharles-de-Gaulle  ; \n \nVu l'arr\u00eat\u00e9 n\u00b0 2025-01369 du 23 octobre 2025 portan t d\u00e9l\u00e9gation de signature au pr\u00e9fet d\u00e9l\u00e9gu\u00e9 pour \nla s\u00e9curit\u00e9 et la s\u00fbret\u00e9 des plates-formes a\u00e9roport uaires de Paris-Charles de Gaulle, du Bourget et de  \nParis-Orly aupr\u00e8s du pr\u00e9fet de police  ; \n \nPr\u00e9fecture de Police - 75-2025-12-18-00008 - Arr\u00eat\u00e9  pr\u00e9fectoral n\u00b02025 - 435 du 18 d\u00e9cembre 2025 r\u00e9glementant temporairement les\nconditions de circulation pour permettre\nle remplacement d'un mobilier publicitaire en bordure de l'axe rouge de l'A\u00e9roport Paris-Charles de Gaulle\n49\n2 \nVu l'instruction interminist\u00e9rielle sur la signalis ation routi\u00e8re du 22 octobre 1963 et notamment la \nhuiti\u00e8me partie \u00ab  signalisation temporaire  \u00bb modifi\u00e9e  ; \n \nVu la demande du groupe ADP, en date du 21 novembre 2025 ; \n \nVu l'avis favorable du Service d'Etude et d'Impact de la Direction de l'Ordre Public de la Pr\u00e9fecture de \nPolice, en date 27 novembre 2025  ; \n \nCONSIDERANT que pour permettre \n le remplacement d'un mobilier publicitaire en bordu re de l'axe \nrouge  de l'A\u00e9roport Paris-Charles de Gaulle et pour assur er la s\u00e9curit\u00e9 des usagers et des personnes \ncharg\u00e9es des travaux, il convient de r\u00e9glementer temporairement la circulation aux abords du chantier, \n \n \nARRETE \n \n \nArticle 1  : \n \nLes travaux pour permettre le remplacement du mobil ier publicitaire Renault sur le r\u00e9seau rouge de \nl'A\u00e9roport Paris-Charles de Gaulle auront lieu, sur 4 nuits (23h00-04h00) du 9 au 20 f\u00e9vrier 2026. \n \nIls n\u00e9cessitent la mise en place d'un balisage pour  r\u00e9duire la circulation \u00e0 une voie sur l'axe rouge dans \nle sens CDG Paris aux abords du chantier. \n \nLa signalisation sera effectu\u00e9e par des panneaux de  chantier de type AK5, AK3, B1, BK21, BK14, K5c, \nK8, KD et FLDR.\n \n \nLa signalisation temporaire sera conforme aux plans annex\u00e9s au pr\u00e9sent arr\u00eat\u00e9. \n \nArticle 2  :  \n \nLa pr\u00e9-signalisation et la signalisation mises en \u0153 uvre par l'entreprise ou les entreprises sous-traitantes \nsont conformes aux prescriptions pr\u00e9vues dans la hu iti\u00e8me partie \u00absignalisation temporaire\u00bb du livre I  \nde l'instruction interminist\u00e9rielle sur la signalis ation routi\u00e8re (manuel du chef de chantier-Signalis ation \ntemporaire-\u00c9dition du SETRA). \n \nArticle 3  : \n \nLe d\u00e9lai d'ex\u00e9cution des travaux peut \u00eatre modifi\u00e9 en fonction de l'\u00e9tat d'avancement du chantier ou \ndes intemp\u00e9ries. \n \n \nArticle 4 : \n \nLa vitesse sera  limit\u00e9e \u00e0 30 km/h au droit de l'em prise afin d'assurer en toute s\u00e9curit\u00e9 les entr\u00e9es et \nsorties des flux de v\u00e9hicules chantier et de service. \n \nArticle 5  : \n \nLes mesures de s\u00e9curit\u00e9 doivent \u00eatre respect\u00e9es scrupuleusement par les diff\u00e9rents intervenants. \n \nLa direction de l'ordre public et de la circulation  de la pr\u00e9fecture de police sera inform\u00e9e de toutes  \nmodifications ou de changement d'horaires et pourra  \u00e9ventuellement proc\u00e9der \u00e0 la fermeture du \nchantier. \n \nArticle 6  : \nPr\u00e9fecture de Police - 75-2025-12-18-00008 - Arr\u00eat\u00e9  pr\u00e9fectoral n\u00b02025 - 435 du 18 d\u00e9cembre 2025 r\u00e9glementant temporairement les\nconditions de circulation pour permettre\nle remplacement d'un mobilier publicitaire en bordure de l'axe rouge de l'A\u00e9roport Paris-Charles de Gaulle\n50\n3 \n \nToute infraction au pr\u00e9sent arr\u00eat\u00e9 sera constat\u00e9e e t poursuivie conform\u00e9ment aux lois et r\u00e8glements \nen vigueur.  \n \nArticle 7 : \n \nLe directeur de l'a\u00e9roport de Paris-Charles de Gaulle, le directeur de la direction de l'ordre public et de \nla circulation, la directrice de la direction de s\u00e9 curisation de proximit\u00e9 de l'agglom\u00e9ration parisien ne \nde la pr\u00e9fecture de police sont charg\u00e9s, chacun en ce qui le concerne, de l'ex\u00e9cution du pr\u00e9sent arr\u00eat\u00e9 \nqui sera publi\u00e9 aux recueils des actes administratifs de la pr\u00e9fecture de police. \n \n \nParis-Charles de Gaulle, le 18 DEC. 2025 \n \nPour le pr\u00e9fet d\u00e9l\u00e9gu\u00e9 pour la s\u00e9curit\u00e9 et la s\u00fbret\u00e9  \ndes plates-formes a\u00e9roportuaires de Paris \nLe sous-pr\u00e9fet \n \nSign\u00e9 \n \nYves BOSSUYT \n \n \n \n \n \n \n \n \n \n \n \n \nVOIES ET D\u00c9LAIS DE RECOURS  : \n \nLe pr\u00e9sent arr\u00eat\u00e9 peut \u00eatre contest\u00e9 dans un d\u00e9lai de deux mois \u00e0 compter de sa notification : \n \n\uf0a7 soit par voie d'un recours gracieux aupr\u00e8s du pr\u00e9fet de police \u2013 D\u00e9l\u00e9gation de la pr\u00e9fecture de \npolice pour la s\u00e9curit\u00e9 et la s\u00fbret\u00e9 des plates-formes a\u00e9roportuaires de Paris, Roissyp\u00f4le \u2013 Le \nD\u00f4me, 1 rue de la Haye \u2013 CS 10977 \u2013 95733 Roissy Cedex ; \n\uf0a7 soit par voie d'un recours hi\u00e9rarchique aupr\u00e8s du ministre de l'int\u00e9rieur ; \n\uf0a7 soit par voie de recours contentieux aupr\u00e8s du tribunal administratif de Montreuil \u2013 07 rue \nCatherine Puig \u2013 93100 Montreuil. \n \nEn cas de rejet explicite ou implicite du recours administratif gracieux ou hi\u00e9rarchique, un recours \ncontentieux peut \u00eatre form\u00e9 conform\u00e9ment \u00e0 l'alin\u00e9a pr\u00e9c\u00e9dent. Le d\u00e9lai du recours contentieux est \nalors prorog\u00e9 par l'exercice de ces recours administratifs. \n \nPr\u00e9fecture de Police - 75-2025-12-18-00008 - Arr\u00eat\u00e9  pr\u00e9fectoral n\u00b02025 - 435 du 18 d\u00e9cembre 2025 r\u00e9glementant temporairement les\nconditions de circulation pour permettre\nle remplacement d'un mobilier publicitaire en bordure de l'axe rouge de l'A\u00e9roport Paris-Charles de Gaulle\n51\nPr\u00e9fecture de Police\n75-2025-12-18-00009\nArr\u00eat\u00e9 pr\u00e9fectoral n\u00b02025-430 du 18 d\u00e9cembre\n2025 prolongeant la dur\u00e9e de validit\u00e9 de l'arr\u00eat\u00e9\n2025-278 du 4 aout 2025 r\u00e8glementant\ntemporairement les conditions de circulation\npour permettre la mise aux normes des ouvrages\nd'art K12A K12B et K11 de l'a\u00e9roport\nParis-Charles de Gaulle\nPr\u00e9fecture de Police - 75-2025-12-18-00009 - Arr\u00eat\u00e9 pr\u00e9fectoral n\u00b02025-430 du 18 d\u00e9cembre 2025 prolongeant la dur\u00e9e de validit\u00e9 de\nl'arr\u00eat\u00e9 2025-278 du 4 aout 2025 r\u00e8glementant temporairement les conditions de circulation pour permettre la mise aux normes des\nouvrages d'art K12A K12B et K11 de l'a\u00e9roport Paris-Charles de Gaulle\n52\n \nDELEGATION DE LA PREFECTURE DE POLICE \n1, rue de La Haye \u2013 CS 10977 \u2013 95733 Roissy Cedex \n    T\u00e9l: 01 75 41 60 00  \nM\u00e9l : \nsecretariat-roissy@interieur.gouv.fr  \nD\u00e9l\u00e9gation de la pr\u00e9fecture de police  \npour la s\u00e9curit\u00e9 et la s\u00fbret\u00e9 \ndes plates-formes a\u00e9roportuaires de Paris \n \n \n \n \nARRETE PREFECTORAL N\u00b0 2025 - 430 \n \nProlongant la dur\u00e9e de validit\u00e9 de l'arr\u00eat\u00e9 2025-278 du 4 a\u00f4ut 2025 r\u00e9glementant \ntemporairement les conditions de circulation pour permettre la mise aux normes des \nouvrages d'art K12a, K12b et K11 de l'a\u00e9roport Paris-Charles de Gaulle, \n \n \nLe Pr\u00e9fet d\u00e9l\u00e9gu\u00e9,  \n                            \nVu le Code P\u00e9nal ; \n \nVu le Code de la Route  ; \n \nVu le Code des Transports  ; \n   \nVu la loi n\u00b02017-257 du 28 f\u00e9vrier 2017 relative au statut de Paris et \u00e0 l'am\u00e9nagement m\u00e9tropolitain  ; \n \nVu le d\u00e9cret du 26 juin 2024 par lequel Monsieur St\u00e9phane DAGUIN est nomm\u00e9 pr\u00e9fet d\u00e9l\u00e9gu\u00e9 pour la \ns\u00e9curit\u00e9 et la s\u00fbret\u00e9 des plates-formes a\u00e9roportuai res de Paris-Charles de Gaulle, du Bourget \net de Paris-Orly aupr\u00e8s du pr\u00e9fet de police ; \n \nVu le d\u00e9cret du 24 ao\u00fbt 2024 par lequel Monsieur Yv es Bossuyt est nomm\u00e9 sous-pr\u00e9fet charg\u00e9 de \nmission, adjoint au pr\u00e9fet d\u00e9l\u00e9gu\u00e9 pour la s\u00e9curit\u00e9  et la s\u00fbret\u00e9 des plates-formes a\u00e9roportuaires de \nParis - Charles de Gaulle, du Bourget et de Paris-Orly aupr\u00e8s du pr\u00e9fet de police  ; \n \nVu le d\u00e9cret du 22 octobre 2025 portant nomination de Monsieur Patrice FAURE, en tant que pr\u00e9fet \nde police  ; \n \nVu l'arr\u00eat\u00e9 interminist\u00e9riel du 24 novembre 1967 mo difi\u00e9 relatif \u00e0 la signalisation des routes et \nautoroutes et notamment l'article 1 \ner  ; \n \nVu l'arr\u00eat\u00e9 pr\u00e9fectoral n\u00b0 2003-0487 du 5 f\u00e9vrier 2003 modifi\u00e9 relatif \u00e0 la signalisation sur les voies de la \nzone publique de l'a\u00e9roport Paris-Charles-de-Gaulle ; \n \nVu l'arr\u00eat\u00e9 pr\u00e9fectoral n\u00b0 2003-2545 du 2 juin 2003 , r\u00e9glementant la circulation sur les voies de la z one \npublique de l'a\u00e9roport de Paris-Charles-de-Gaulle, modifiant l'arr\u00eat\u00e9 pr\u00e9fectoral n\u00b0 1999-5363 du  22 \nd\u00e9cembre 1999 ; \n \nVu l'arr\u00eat\u00e9 pr\u00e9fectoral n\u00b0 2015-3248 du 03 d\u00e9cembre  2015 relatif \u00e0 la police sur l'a\u00e9roport de Paris-\nCharles-de-Gaulle  ; \n \nVu l'arr\u00eat\u00e9 pr\u00e9fectoral 2025-278 du 4 ao\u00fbt 2025 r\u00e9g lementant temporairement les conditions de \ncirculation pour permettre la mise aux normes des ouvrages d'art K12a, K12b et K11 de l'a\u00e9roport Paris-\nCharles de Gaulle  ; \n \nVu l'arr\u00eat\u00e9 n\u00b0 2025-01369 du 23 octobre 2025 portan t d\u00e9l\u00e9gation de signature au pr\u00e9fet d\u00e9l\u00e9gu\u00e9 pour \nla s\u00e9curit\u00e9 et la s\u00fbret\u00e9 des plates-formes a\u00e9roport uaires de Paris-Charles de Gaulle, du Bourget et de  \nParis-Orly aupr\u00e8s du pr\u00e9fet de police  ; \nPr\u00e9fecture de Police - 75-2025-12-18-00009 - Arr\u00eat\u00e9 pr\u00e9fectoral n\u00b02025-430 du 18 d\u00e9cembre 2025 prolongeant la dur\u00e9e de validit\u00e9 de\nl'arr\u00eat\u00e9 2025-278 du 4 aout 2025 r\u00e8glementant temporairement les conditions de circulation pour permettre la mise aux normes des\nouvrages d'art K12A K12B et K11 de l'a\u00e9roport Paris-Charles de Gaulle\n53\n2 \n \nVu l'instruction interminist\u00e9rielle sur la signalis ation routi\u00e8re du 22 octobre 1963 et notamment la \nhuiti\u00e8me partie \u00ab  signalisation temporaire  \u00bb modifi\u00e9e  ; \n \nVu la demande du groupe ADP, en date du 12 novembre 2025  ; \n \nVu l'avis favorable du Service d'Etude et d'Impact de la Direction de l'Ordre Public de la Pr\u00e9fecture de \nPolice, en date du 21 novembre 2025 ; \n \nCONSIDERANT que pour permettre la mise aux normes d es ouvrages d'art K12a, K12b et K11 sur \nl'a\u00e9roport Paris-Charles de Gaulle et pour assurer la s\u00e9curit\u00e9 des usagers et des personnes charg\u00e9es des \ntravaux, il convient de r\u00e9glementer temporairement la circulation aux abords du chantier, \n \n \nARRETE \n \nArticle 1  : \n \nLa p\u00e9riode de travaux mentionn\u00e9e au premier alin\u00e9a de l'article 1 de l'arr\u00eat\u00e9 n\u00b0 2025-278 du 4 ao\u00fbt  \n2025 est prolong\u00e9e jusqu'au 15 d\u00e9cembre 2026. \n \nArticle 2  :  \n \nLe directeur de l'a\u00e9roport de Paris-Charles de Gaulle, le directeur de la direction de l'ordre public et de \nla circulation, la directrice de la direction de s\u00e9 curisation de proximit\u00e9 de l'agglom\u00e9ration parisien ne \nde la pr\u00e9fecture de police sont charg\u00e9s, chacun en ce qui le concerne, de l'ex\u00e9cution du pr\u00e9sent arr\u00eat\u00e9 \nqui sera publi\u00e9 aux recueils des actes administratifs de la pr\u00e9fecture de police. \n \n \nParis-Charles de Gaulle, le 18 DEC. 2025 \n \nPour le pr\u00e9fet d\u00e9l\u00e9gu\u00e9 pour la s\u00e9curit\u00e9 et la s\u00fbret\u00e9  \ndes plates-formes a\u00e9roportuaires de Paris \nLe sous-pr\u00e9fet \n \nSign\u00e9 \n \nYves BOSSUYT \n \n \n \n \nVOIES ET D\u00c9LAIS DE RECOURS  : \n \nLe pr\u00e9sent arr\u00eat\u00e9 peut \u00eatre contest\u00e9 dans un d\u00e9lai de deux mois \u00e0 compter de sa notification : \n \n\uf0a7 soit par voie d'un recours gracieux aupr\u00e8s du pr\u00e9fe t de police \u2013 D\u00e9l\u00e9gation de la pr\u00e9fecture de \npolice pour la s\u00e9curit\u00e9 et la s\u00fbret\u00e9 des plates-for mes a\u00e9roportuaires de Paris, Roissyp\u00f4le \u2013 Le \nD\u00f4me, 1 rue de la Haye \u2013 CS 10977 \u2013 95733 Roissy Cedex ; \n\uf0a7 soit par voie d'un recours hi\u00e9rarchique aupr\u00e8s du ministre de l'int\u00e9rieur ; \n\uf0a7 soit par voie de recours contentieux aupr\u00e8s du trib unal administratif de Montreuil \u2013 07 rue \nCatherine Puig \u2013 93100 Montreuil. \n \nEn cas de rejet explicite ou implicite du recours a dministratif gracieux ou hi\u00e9rarchique, un recours \ncontentieux peut \u00eatre form\u00e9 conform\u00e9ment \u00e0 l'alin\u00e9a  pr\u00e9c\u00e9dent. Le d\u00e9lai du recours contentieux est \nalors prorog\u00e9 par l'exercice de ces recours administratifs.\n \nPr\u00e9fecture de Police - 75-2025-12-18-00009 - Arr\u00eat\u00e9 pr\u00e9fectoral n\u00b02025-430 du 18 d\u00e9cembre 2025 prolongeant la dur\u00e9e de validit\u00e9 de\nl'arr\u00eat\u00e9 2025-278 du 4 aout 2025 r\u00e8glementant temporairement les conditions de circulation pour permettre la mise aux normes des\nouvrages d'art K12A K12B et K11 de l'a\u00e9roport Paris-Charles de Gaulle\n54","date":"2025-12-23","first_seen_on":"2025-12-23T17:46:01+00:00","id":"3c106cfea3038dff74c5ff6dd4b58f05c8d41d8409c5afe61a52a26cab2f81aa","name":"recueil-75-2025-770-recueil-des-actes-administratifs-special du 23.12.2025","pdf_creation_date":"2025-12-23T15:55:07+00:00","pdf_modification_date":null,"timezone":"Europe/Paris","url":"https://www.prefectures-regions.gouv.fr/ile-de-france/irecontenu/telechargement/134025/982168/file/recueil-75-2025-770-recueil-des-actes-administratifs-special%20du%2023.12.2025.pdf"}
