{"administration":"pref83","administration_name":"Pr\u00e9fecture du Var","content":"VAR\nRECUEIL DES ACTES\nADMINISTRATIFS\nN\u00b083-2026-110\nPUBLI\u00c9 LE 30 MARS 2026\nSommaire\nAgence r\u00e9gionale de sant\u00e9 PACA /\n83-2026-03-27-00001 - agr\u00e9ment provisoire cds TOULON Mayol (3 pages) Page 3\nDirection d\u00e9partementale des territoires et de la mer du Var / Service\nagriculture et for\u00eat de la DDTM\n83-2026-03-25-00006 - AP n\u00b0DDTM/SAF/2026-4 du 25/03/2026 \nd\u00e9signant les organismes agr\u00e9\u00e9s pour effectuer les missions d'audit\nglobal et de suivi technico-\u00e9conomique de l'exploitation agricole (3\npages) Page 7\nPr\u00e9fecture du VAR / Direction de la citoyennet\u00e9 et de la l\u00e9galit\u00e9\n83-2026-03-23-00008 - ARR\u00caT\u00c9 n\u00b0 DCL/BERG/2026/97 du 23 mars\n2026\naccordant la d\u00e9nomination de commune touristique \u00e0 la\ncommune de Puget-sur-Argens. (3 pages) Page 11\nPr\u00e9fecture du VAR / Direction des s\u00e9curit\u00e9s\n83-2026-03-30-00002 - AP Cr\u00e9ation Agr\u00e9ment sign\u00e9 (3 pages) Page 15\n83-2026-03-30-00001 - APCr\u00e9ation sign\u00e9 (3 pages) Page 19\n2\nAgence r\u00e9gionale de sant\u00e9 PACA\n83-2026-03-27-00001\nagr\u00e9ment provisoire cds TOULON Mayol\nAgence r\u00e9gionale de sant\u00e9 PACA - 83-2026-03-27-00001 - agr\u00e9ment provisoire cds TOULON Mayol 3\nREPUBLIQUEFRANCAISELibert\u00e9Egalit\u00e9Fraternit\u00e9\nAT@ D Agence R\u00e9gionale de Sant\u00e9Provence-AlpesC\u00f4te d'Azur\nPage 1/3 \n \n \n \n \n \n \n \n \n \n \nDD83-0326-3053-D \n \nArr\u00eat\u00e9 portant agr\u00e9ment provisoire du centre de sant\u00e9 Toulon Mayol  \nN\u00b0FINESS : 83 002 930 2 \n \nLe Directeur G\u00e9n\u00e9ral de l'Agence R\u00e9gionale de Sant\u00e9 Provence-Alpes-C\u00f4te d'Azur \n \n \n \nVu le code de la sant\u00e9 publiq ue et notamment ses articles L.6323 -1 \u00e0 L.  6323-1-15 et D.6323 -1 \u00e0 \nD.6323-12 ; \n \nVu le code de la s\u00e9curit\u00e9 sociale ;  \n \nVu la loi n\u00b02023-378 du 19 mai 2023 visant \u00e0 am\u00e9liorer l'encadrement des centres de sant\u00e9 ; \n \nVu le d\u00e9cret n\u00b02010-336 du 31 mars 2010 portant cr\u00e9ation des agences r\u00e9gionales de sant\u00e9 ; \n \nVu le d\u00e9cret du 20 juin 2024 visant \u00e0 am\u00e9liorer l'encadrement des centres de sant\u00e9  ; \n \nVu le d\u00e9cret du 16 juillet 2024 portant nomination de Monsieur Yann BUBIEN en qualit\u00e9 de directeur g\u00e9n\u00e9ral de \nl'agence r\u00e9gionale de sant\u00e9 Provence-Alpes-C\u00f4te d'Azur ; \n \nVu l'arr\u00eat\u00e9 du 27 f\u00e9vrier 2018 relatif aux centres de sant\u00e9, modifi\u00e9 par l'arr\u00eat\u00e9 du 20 juin 2024 ; \n \nVu l'arr\u00eat\u00e9 du 26 octobre 2023 du Directeur g\u00e9n\u00e9ral de l'agence r\u00e9gionale de sant\u00e9 portant adoption \ndu Projet R\u00e9gional de Sant\u00e9 Provence-Alpes-C\u00f4te d'Azur 2023-2028 ; \n \nVu le dossier adress\u00e9 le 01/02/2024 par Monsieur Zhengxi REN, gestionnaire du centre de sant\u00e9 \nToulon Mayol, sis, Centre Commercial Mayol, Rue du Murier, 83000 Toulon, au Directeur g\u00e9n\u00e9ral de \nl'agence r\u00e9gionale de sant\u00e9 Provence -Alpes-C\u00f4te d'Azur , en vue de l'obtention d'un agr\u00e9ment \nprovisoire aux fins d'exercer les activit\u00e9s dentaires au sein de ce centre ;  \n \n \nConsid\u00e9rant qu'en application de l'article L.6323-1-11 du code de la sant\u00e9 publique, les centres de \nsant\u00e9 ou leurs antennes ayant une activit\u00e9 dentaire, ophtalmologique ou orthoptique sont soumis, \u00e0 \nl'agr\u00e9ment du directeur g\u00e9n\u00e9ral de l'agence r\u00e9gionale de sant\u00e9 ; qu'\u00e0 cet effet, le repr\u00e9sentant l\u00e9gal \nde l'organisme gestionnaire adresse au directeur g\u00e9n\u00e9ral de l'agence r\u00e9gionale de sant\u00e9 un dossier \nen vue de l'obtention de cet agr\u00e9ment ; \n \nConsid\u00e9rant que le dossier de demande d'agr\u00e9ment susvis\u00e9 remplit les objectifs de conformit\u00e9  \nnotamment en termes de locaux, d'installations mat\u00e9rielles, d'organisation des soins, d'exp\u00e9rience et \nde qualification du personnel et appara\u00eet compatible avec les objectifs et les besoins d\u00e9finis dans le \ncadre du projet r\u00e9gional de sant\u00e9 ;  \n \n \n \n \nAgence r\u00e9gionale de sant\u00e9 PACA - 83-2026-03-27-00001 - agr\u00e9ment provisoire cds TOULON Mayol 4\nPage 2/3 \n \n \nARR\u00caTE \n \n \nArticle 1er : Le centre de sant\u00e9 dont la raison sociale est centre de sant\u00e9 Toulon Mayol \n                   situ\u00e9 \u00e0 l'adresse suivante  Centre Commercial Mayol, Rue du Murier, 83000 Toulon \n                   dont le num\u00e9ro FINESS ET est  83 002 930 2 \n                   et dont la structure juridique de  l'organisme gestionnaire est Association Sant\u00e9 Plus Toulon \nMayol \n                   dont le si\u00e8ge social est situ\u00e9 \u00e0 Centre Commercial Mayol, Rue du Murier, 83000 Toulon, \n \n                   EST AGR\u00c9\u00c9 pour ses activit\u00e9s dentaires \n \nCet agr\u00e9ment vaut autorisation de dispenser des soins aux assur\u00e9s sociaux dans le centre ou \nl'antenne concern\u00e9e.  \n \nDans le cadre des activit\u00e9s dentaires :  \n \nLe centre dispose de 1 fauteuil dentaire. \n \nLes professionnels de sant\u00e9 exer\u00e7ant au sein du centre de sant\u00e9 sont les suivants : \n \nDocteur Linda REDJEB - Chirurgien-dentiste- RPPS N\u00b0 : 10111744925 \n \nMadame Mary VILLEGAS AVENDANO - Assistante dentaire qualifi\u00e9e - RPPS N\u00b0 : 10109622570 \nMadame Laurence FONTES - Assistante dentaire qualifi\u00e9e - RPPS N\u00b0 : 10111585807 \n \nLe recrutement de 1 ETP de chirurgien-dentiste est pr\u00e9vu le 04/05/2026. \n \n \nArticle 2 : Le pr\u00e9sent agr\u00e9ment est provisoire et ne devient d\u00e9finitif qu'\u00e0 l'expiration d'une dur\u00e9e d'un \nan \u00e0 compter de l'ouverture du centre le 23/03/2026. \n \n \nArticle 3 : Au cours de l'ann\u00e9e suivant la d\u00e9livrance de l'agr\u00e9ment provisoire, l'agence r\u00e9gionale de \nsant\u00e9 peut organiser une visite de conformit\u00e9, dont les r\u00e9sultats sont transmis au directeur de la caisse \nlocale d'assurance maladie, en application du dernier alin\u00e9a de l'article L6323-1-11, III, du code de la \nsant\u00e9 publique, \n \nL'agr\u00e9ment est retir\u00e9 lorsque la visite r\u00e9v\u00e8le des non-conformit\u00e9s ou une incompatibilit\u00e9 de la gestion \net de l'offre de soins du centre avec le projet r\u00e9gional de sant\u00e9. \n \n \nArticle 4: \n \nEn application de l'article D.6323-10 du code de la sant\u00e9 publique, toute modification substantielle du \nprojet de sant\u00e9, notamment du r\u00e8glement de fonctionnement, le changement de l'organisme \ngestionnaire ou de son repr\u00e9sentant l\u00e9gal, la modification d'implantation g\u00e9ographique du centre ou \nde son ou ses antennes lorsqu'el les existent, la fermeture d'une antenne, la modification qualitative \nou quantitative du plateau technique, notamment l'installation d'un ou de plusieurs fauteuils dentaires \nsuppl\u00e9mentaires, ainsi que toute modification susceptible d'avoir une incidence sur la politique men\u00e9e \npar le centre de sant\u00e9 en mati\u00e8re de qualit\u00e9 et de s\u00e9curit\u00e9 des soins, est port\u00e9e \u00e0 la connaissance du \ndirecteur g\u00e9n\u00e9ral de l'agence r\u00e9gionale de sant\u00e9 au plus tard dans les quinze jours par tout moyen \nconf\u00e9rant date certaine \u00e0 sa r\u00e9ception. \n \n \n \nAgence r\u00e9gionale de sant\u00e9 PACA - 83-2026-03-27-00001 - agr\u00e9ment provisoire cds TOULON Mayol 5\nPage 3/3 \n \n \nArticle 5: \n \nLe pr\u00e9sent arr\u00eat\u00e9  peut faire l'objet d'un recours contentieux devant le Tribunal Administratif \nterritorialement comp\u00e9tent dans un d\u00e9lai de deux mois \u00e0 compter de sa notification ou de sa \npublication pour les tiers. \n \nArticle 6:  \n \nLe Directeur de la d\u00e9l\u00e9gation d\u00e9partementale d u Var de l'Agence R\u00e9gionale de Sant\u00e9 PACA est \ncharg\u00e9 de l'ex\u00e9cution du pr\u00e9sent arr\u00eat\u00e9 qui sera publi\u00e9 au recueil des actes administratifs de la \npr\u00e9fecture de r\u00e9gion Provence-Alpes-C\u00f4te d'Azur. \n \n         \nToulon, le 27/03/2026 \n \nPour le Directeur g\u00e9n\u00e9ral de l'ARS PACA \nLe Directeur d\u00e9partemental du Var \n \n \n  \n \n \nS\u00e9bastien Moni\u00e9 \nsign\u00e9 \nAgence r\u00e9gionale de sant\u00e9 PACA - 83-2026-03-27-00001 - agr\u00e9ment provisoire cds TOULON Mayol 6\nDirection d\u00e9partementale des territoires et de la\nmer du Var\n83-2026-03-25-00006\nAP n\u00b0DDTM/SAF/2026-4 du 25/03/2026 \nd\u00e9signant les organismes agr\u00e9\u00e9s pour effectuer\nles missions d'audit global et de suivi\ntechnico-\u00e9conomique de l'exploitation agricole\nDirection d\u00e9partementale des territoires et de la mer du Var - 83-2026-03-25-00006 - AP n\u00b0DDTM/SAF/2026-4 du 25/03/2026 \nd\u00e9signant les organismes agr\u00e9\u00e9s pour effectuer les missions d'audit global et de suivi technico-\u00e9conomique de l'exploitation agricole 7\n=mPREFETDU VARLibert\u00e9Egalit\u00e9Fraternit\u00e9\nDirection d\u00e9partementale\ndes territoires et de la mer du Var\nARR\u00caT\u00c9 PR\u00c9FECTORAL n\u00b0 DDTM/SAF/2026-4 du 25/03/2026\nd\u00e9signant les organismes agr\u00e9\u00e9s pour effectuer les missions d'audit global et de \nsuivi technico-\u00e9conomique de l'exploitation agricole\nLe pr\u00e9fet du Var,\nVu les articles D 354-1 \u00e0 D 354-15 du Code rural et de la p\u00eache maritime ;\nVu le d\u00e9cret du Pr\u00e9sident de la R\u00e9publique du 15 mai 2025 nommant Monsieur Simon BABRE, pr\u00e9fet \ndu Var ;\nVu l'arr\u00eat\u00e9 pr\u00e9fectoral n\u00b02025/25/MCI du 02 juin 2025 portant d\u00e9l\u00e9gation de signature \u00e0 Monsieur  \nLaurent BOULET, directeur d\u00e9partemental des territoires et de la mer du Var et, en cas d'absence  \nou d'emp\u00eachement, \u00e0 Monsieur Xavier PRUD'HON, directeur d\u00e9partemental adjoint ou \u00e0 Monsieur  \nLionel HOULLIER, directeur d\u00e9partemental adjoint d\u00e9l\u00e9gu\u00e9 \u00e0 la mer et au littoral ;\nVu l'arr\u00eat\u00e9 pr\u00e9fectoral n\u00b0DDTM/MPCA/2025-04 du 05 juin 2025 donnant subd\u00e9l\u00e9gation de signature \n\u00e0 des agents de la Direction d\u00e9partementale des territoires et de la mer du Var ;\nVu  l'arr\u00eat\u00e9 du 5 ao\u00fbt 2022  fixant le montant  et certaines modalit\u00e9s de mise en \u0153uvre  des aides  \npour les exploitations agricoles en difficult\u00e9 ;\nVu l'instruction technique DGPE/SCPE/SDC/2022-797 du 25 octobre 2022 relative \u00e0 l'audit global de \nl'exploitation agricole ;\nVu l'instruction technique DGPE/SDPE/SDC/2022-810 du 27 octobre 2022 relative aux modalit\u00e9s de \nmise en \u0153uvre du dispositif d'aide \u00e0 la relance de l'exploitation agricole (AREA) ;\nVu l'arr\u00eat\u00e9 du 13 f\u00e9vrier 2019 d\u00e9signant les organismes agr\u00e9\u00e9s pour effectuer les missions d'audit  \nglobal de l'exploitation agricole\nSUR proposition de la direction d\u00e9partementale des territoires e de la mer du Var ,\nARR\u00caTE\nArticle 1  er     :  \nLes organismes agr\u00e9\u00e9s pour effectuer les missions d'audit global de l'exploitation agricole et de suivi \ntechnico-\u00e9conomique  de  l'exploitation  agricole  dans  le  d\u00e9partement  du  Var ,  telles  que  \nrespectivement d\u00e9crites dans les instructions techniques DGPE/SCPE/SDC/2022-797 du 25 octobre \n2022 et DGPE/SDPE/SDC/2022-810 du 27 octobre 2022, sont les suivants :\no Chambre d'agriculture du Var\no Cerfrance Provence\no Solidarit\u00e9 Paysans Provence Alpes\nDirection d\u00e9partementale des territoires et de la mer du Var - 83-2026-03-25-00006 - AP n\u00b0DDTM/SAF/2026-4 du 25/03/2026 \nd\u00e9signant les organismes agr\u00e9\u00e9s pour effectuer les missions d'audit global et de suivi technico-\u00e9conomique de l'exploitation agricole 8\nCes organismes peuvent exercer les missions correspondantes apr\u00e8s signature d'une convention  \nd'expertise avec les services de la Pr\u00e9fecture.\nLe  nom  des  experts  habilit\u00e9s \u00e0  effectuer  un  audit  global  et  le  cas  \u00e9ch\u00e9ant  un  suivi  technico-\n\u00e9conomique figurent en annexe du pr\u00e9sent arr\u00eat\u00e9.\nArticle 2     :  \nLe pr\u00e9sent arr\u00eat\u00e9 abroge l'arr\u00eat\u00e9 d\u00e9signant les organismes agr\u00e9\u00e9s pour effectuer les missions d'audit \nglobal de l'exploitation agricole du 13 f\u00e9vrier 2019.\nArticle 3     :  \nLe Secr\u00e9taire G\u00e9n\u00e9ral de la Pr\u00e9fecture du Var et le Directeur D\u00e9partemental des Territoires et de la \nMer du Var sont charg\u00e9s, chacun en ce qui le concerne, de l'application du pr\u00e9sent arr\u00eat\u00e9 qui sera  \npubli\u00e9 au Recueil des Actes Administratifs de la Pr\u00e9fecture du Var.\nFait \u00e0 Toulon , le 25/03/2026\nLe Directeur d\u00e9partemental \ndes territoires et de la Mer du Var\nSign\u00e9                  \nLaurent BOULET         \nDirection d\u00e9partementale des territoires et de la mer du Var - 83-2026-03-25-00006 - AP n\u00b0DDTM/SAF/2026-4 du 25/03/2026 \nd\u00e9signant les organismes agr\u00e9\u00e9s pour effectuer les missions d'audit global et de suivi technico-\u00e9conomique de l'exploitation agricole 9\nANNEXE\nListe des experts habilit\u00e9s \u00e0 effectuer un audit global de l'exploitation agricole et le cas \u00e9ch\u00e9ant un \nsuivi technico-\u00e9conomique\nOrganisme Nom - Pr\u00e9nom Habilitation\n(pr\u00e9ciser \u00ab audit global \u00bb ou \u00ab audit global & \nsuivi technico-\u00e9conomique \u00bb)\nChambre d'agriculture \ndu Var\nVEY Bertille\nVERNIER Fanny\nBRUNO Marine\nHARS Julie\nFOURMENT Franck\nROBIN Marie\nRINGUET Alice\nPASTORELLI S\u00e9verine\nAudit global\nAudit global & suivi technico-\u00e9conomique \nAudit global & suivi technico-\u00e9conomique \nAudit global & suivi technico-\u00e9conomique \nAudit global & suivi technico-\u00e9conomique \nAudit global & suivi technico-\u00e9conomique \nAudit global & suivi technico-\u00e9conomique \nAudit global & suivi technico-\u00e9conomique \nCerfrance Provence TERRISSE Sandrine Audit global & suivi technico-\u00e9conomique \n Solidarit\u00e9 Paysans \nProvence Alpes\nANDRIEUX Elisabeth\nTREMOULET BRETON Coline\nAudit global & suivi technico-\u00e9conomique \nAudit global & suivi technico-\u00e9conomique\nDirection d\u00e9partementale des territoires et de la mer du Var - 83-2026-03-25-00006 - AP n\u00b0DDTM/SAF/2026-4 du 25/03/2026 \nd\u00e9signant les organismes agr\u00e9\u00e9s pour effectuer les missions d'audit global et de suivi technico-\u00e9conomique de l'exploitation agricole 10\nPr\u00e9fecture du VAR\n83-2026-03-23-00008\nARR\u00caT\u00c9 n\u00b0 DCL/BERG/2026/97 du 23 mars 2026\naccordant la d\u00e9nomination de commune\ntouristique \u00e0 la commune de Puget-sur-Argens.\nPr\u00e9fecture du VAR - 83-2026-03-23-00008 - ARR\u00caT\u00c9 n\u00b0 DCL/BERG/2026/97 du 23 mars 2026\naccordant la d\u00e9nomination de commune touristique \u00e0 la commune de Puget-sur-Argens. 11\n=mPREFETDU VARLibert\u00e9Egalit\u00e9Fraternit\u00e9\nDirection de la citoyennet\u00e9 et de la l\u00e9galit\u00e9\nBureau des \u00e9lections et de la r\u00e9glementation g\u00e9n\u00e9rale\nARR\u00caT\u00c9 n\u00b0 DCL/BERG/2026/97 du 23 mars 2026\naccordant la d\u00e9nomination de commune touristique \n\u00e0 la commune de Puget-sur-Argens.\nLe Pr\u00e9fet du Var,\nVu  le code du tourisme, notamment ses articles L. 133-11, L. 133-12, L. 133-15, R. 133-32 et  \nsuivants ;\nVu le d\u00e9cret n\u00b02008-884 du 2 septembre 2008 modifi\u00e9 relatif aux communes touristiques et  \naux stations class\u00e9es de tourisme, notamment son article 3 ;\nVu le d\u00e9cret du Pr\u00e9sident de la R\u00e9publique du 15 mai 2025 portant nomination de Monsieur  \nSimon BABRE, pr\u00e9fet du Var ;\nVu l'arr\u00eat\u00e9 pr\u00e9fectoral n\u00b0 2025/12/MCI du 02 juin 2025 portant d\u00e9l\u00e9gation de signature \u00e0  \nMonsieur  Lucien  GIUDICELLI,  secr\u00e9taire  g\u00e9n\u00e9ral  de  la  pr\u00e9fecture  du  Var,  sous-pr\u00e9fet  de  \nl'arrondissement de Toulon ;\nVu l'arr\u00eat\u00e9 pr\u00e9fectoral n\u00b025/259 en date du 07 octobre 2025 relatif au classement dans la  \ncat\u00e9gorie II de l'Office de Tourisme Intercommunal Puget-sur-Argens et les Adrets de l'Est\u00e9rel ; \nVu la d\u00e9lib\u00e9ration n\u00b0 4 du 02 octobre 2025, du conseil municipal de la commune de Puget-sur-\nArgens, autorisant le maire \u00e0 solliciter la d\u00e9nomination de commune touristique\nVu la demande  re\u00e7ue  le 18 d\u00e9cembre 2025, \u00e0 la pr\u00e9fecture,  de d\u00e9nomination en commune  \ntouristique de la commune de Puget-sur-Argens pr\u00e9sent\u00e9e par le maire ;\nConsid\u00e9rant que la demande pr\u00e9sent\u00e9e est conforme aux textes en vigueur, et notamment  \nque la commune satisfait aux conditions fix\u00e9es par les textes susvis\u00e9s ;\nSur proposition du secr\u00e9taire g\u00e9n\u00e9ral de la pr\u00e9fecture ;\nA R R E T E\nArticle 1  : La commune de Puget-sur-Argens est d\u00e9nomm\u00e9e commune touristique, pour une \ndur\u00e9e de cinq ans.\nArticle 2 : Le pr\u00e9sent arr\u00eat\u00e9 prendra effet \u00e0 compter de sa date de notification.\n1/2\nPr\u00e9fecture du VAR - 83-2026-03-23-00008 - ARR\u00caT\u00c9 n\u00b0 DCL/BERG/2026/97 du 23 mars 2026\naccordant la d\u00e9nomination de commune touristique \u00e0 la commune de Puget-sur-Argens. 12\nArticle 3 : Le dossier de la demande de d\u00e9nomination en commune touristique est annex\u00e9 au  \npr\u00e9sent arr\u00eat\u00e9. Il est consultable \u00e0 la pr\u00e9fecture du Var.\nArticle 4  : Le secr\u00e9taire g\u00e9n\u00e9ral de la pr\u00e9fecture du Var et le maire de Puget-sur-Argens sont \ncharg\u00e9s, chacun en ce qui le concerne, de l'ex\u00e9cution du pr\u00e9sent arr\u00eat\u00e9, qui sera publi\u00e9 au  \nrecueil  des  actes  administratifs  de  la  pr\u00e9fecture  du  Var,  et  dont  copie  sera  adress\u00e9e  au \nministre de l'\u00e9conomie des finances et de la souverainet\u00e9 industrielle et \u00e9nerg\u00e9tique,  et au  \ndirecteur des archives d\u00e9partementales.\nFait \u00e0 Toulon, le 23 mars 2026\nPour le Pr\u00e9fet et par d\u00e9l\u00e9gation,\nle secr\u00e9taire g\u00e9n\u00e9ral,\nSign\u00e9 : Lucien GIUDICELLI\nDans un d\u00e9lai de deux mois \u00e0 compter de la date de notification du pr\u00e9sent arr\u00eat\u00e9, les recours suivants peuvent \u00eatre introduits \nconform\u00e9ment aux dispositions des articles R. 421-1 et suivants du code de justice administrative :\n- un recours gracieux, adress\u00e9 \u00e0 : M. le pr\u00e9fet du Var \u2013 Bd du 112\u00e8me r\u00e9giment d'infanterie- CS 31209 - 83070 TOULON CEDEX\n- un recours hi\u00e9rarchique adress\u00e9 au ministre de l'int\u00e9rieur .\nDans ce cas, le silence de l'administration vaut rejet implicite au terme d'un d\u00e9lai de deux mois.\nApr\u00e8s un recours gracieux ou hi\u00e9rarchique, le d\u00e9lai du recours contentieux ne court qu'\u00e0 compter du rejet explicite ou implicite \nde l'un de ces recours.\n- un recours contentieux, en saisissant le tribunal administratif de Toulon : 5 rue Racine -BP 40510 - 83 041 TOULON CEDEX 9\nLe tribunal administratif peut \u00eatre saisi par l'application informatique \u00ab T\u00e9l\u00e9recours citoyens \u00bb accessible par le site internet \n\u00ab www.telerecours.fr \u00bb.\n2/2\nPr\u00e9fecture du VAR - 83-2026-03-23-00008 - ARR\u00caT\u00c9 n\u00b0 DCL/BERG/2026/97 du 23 mars 2026\naccordant la d\u00e9nomination de commune touristique \u00e0 la commune de Puget-sur-Argens. 13\nAnnexe \u00e0 l'arr\u00eat\u00e9 n\u00b0 DCL/BERG/2026/97 du 23 mars 2026\nportant d\u00e9nomination en commune touristique\nde la commune de Puget-sur-Argens.\nListe  des  documents  annex\u00e9s  et  consultables  \u00e0  la  pr\u00e9fecture  du  Var  /direction  de  la \ncitoyennet\u00e9 et de la l\u00e9galit\u00e9 /bureau des \u00e9lections et de la r\u00e9glementation g\u00e9n\u00e9rale :\n- d\u00e9lib\u00e9ration n\u00b0 4 du 02 octobre 2025, du conseil municipal de la commune de Puget-sur-\nArgens , autorisant le maire \u00e0 solliciter la d\u00e9nomination de commune touristique\n-  demande  re\u00e7ue  le 18 d\u00e9cembre 2025, \u00e0 la pr\u00e9fecture,  de d\u00e9nomination en commune  \ntouristique de la commune de Puget-sur-Argens, pr\u00e9sent\u00e9e par le maire ;\n-  arr\u00eat\u00e9 pr\u00e9fectoral n\u00b025/259 en date du 07 octobre 2025 relatif au classement dans la  \ncat\u00e9gorie  II  de  l'Office  de  Tourisme  Intercommunal  Puget-sur-Argens  et  les  Adrets  de \nl'Est\u00e9rel ; \n- capacit\u00e9s d'h\u00e9bergement de la population non permanente ;\n- pi\u00e8ces justificatives des capacit\u00e9s d'h\u00e9bergement de la population non permanente ;\n- animations touristiques organis\u00e9es en 2024 et 2025.\nPr\u00e9fecture du VAR - 83-2026-03-23-00008 - ARR\u00caT\u00c9 n\u00b0 DCL/BERG/2026/97 du 23 mars 2026\naccordant la d\u00e9nomination de commune touristique \u00e0 la commune de Puget-sur-Argens. 14\nPr\u00e9fecture du VAR\n83-2026-03-30-00002\nAP Cr\u00e9ation Agr\u00e9ment sign\u00e9\nPr\u00e9fecture du VAR - 83-2026-03-30-00002 - AP Cr\u00e9ation Agr\u00e9ment sign\u00e9 15\n=mPREFETDU VARLibert\u00e9Egalit\u00e9Fraternit\u00e9\nDirection des s\u00e9curit\u00e9s\nService de l'\u00e9ducation et\n de la s\u00e9curit\u00e9 routi\u00e8res\nP\u00f4le \u00e9ducation routi\u00e8re\nARR\u00caT\u00c9 PR\u00c9FECTORAL n\u00b0 2026- 03-002 - ECC du 30/03/2026\nportant cr\u00e9ation de l'agr\u00e9ment n\u00b0 E 26 083 0002 0 relatif \u00e0 un \u00e9tablissement \nd'enseignement de la conduite des v\u00e9hicules \u00e0 moteur et de la s\u00e9curit\u00e9 routi\u00e8re\nLe pr\u00e9fet du Var,\nChevalier de la L\u00e9gion d'honneur\nChevalier de l'Ordre National du M\u00e9rite\nVu le Code de la Route et notamment ses articles L 212-1 et suivants, L 213-1 \u00e0 L 213-8 et R 213-1  \n\u00e0 R 213-7 ;\nVu le Code des relations entre le public et l'administration, notamment ses articles L, 121-1 et  \nsuivants ;\nVu  le  d\u00e9cret  n\u00b0  2025-1437  du  31  d\u00e9cembre  2025  relatif  aux  conditions  d'agr\u00e9ment  des  \norganismes charg\u00e9s de l'organisation des \u00e9preuves du permis de conduire et \u00e0 la simplification  \nde diverses mesures relatives \u00e0 l'\u00e9ducation routi\u00e8re ;\nVu l'arr\u00eat\u00e9 minist\u00e9riel du 8 janvier 2001 modifi\u00e9 cr\u00e9ant un registre national de l'enseignement  \nde la conduite des v\u00e9hicules \u00e0 moteur et de la s\u00e9curit\u00e9 routi\u00e8re ;\nVu l'arr\u00eat\u00e9 minist\u00e9riel du 9 f\u00e9vrier 2026 relatif \u00e0 l'enseignement de la conduite des v\u00e9hicules \u00e0  \nmoteur et de la s\u00e9curit\u00e9 routi\u00e8re ;\nVu l'arr\u00eat\u00e9 pr\u00e9fectoral n\u00b0 2026/07/MCI du 18 f\u00e9vrier  2026 portant d\u00e9l\u00e9gation de signature \u00e0 \nMadame Jos\u00e9phine GUIGLIANO-BOUTONNET, directrice de cabinet du pr\u00e9fet du Var ;\nConsid\u00e9rant la demande r\u00e9ceptionn\u00e9e le  8 janvier 2026  par laquelle  Monsieur Mohamed \nSAHLI  sollicite  la  d\u00e9livrance  d'un  agr\u00e9ment  en  vue  d'exploiter,  \u00e0  titre  on\u00e9reux,  un  \n\u00e9tablissement d'enseignement de la conduite des v\u00e9hicules \u00e0 moteur et de la s\u00e9curit\u00e9  \nrouti\u00e8re d\u00e9nomm\u00e9  \u00abAUTO-ECOLE ELITE\u00bb situ\u00e9 25 boulevard Stalingrad \u2013 Square Etienne  \nGueirard 83500 LA SEYNE-sur-MER ;\nConsid\u00e9rant les diff\u00e9rentes demandes de compl\u00e9tude du dossier ;\nConsid\u00e9rant que le dossier est d\u00e9sormais complet et qu'il remplit toutes les conditions  \nr\u00e9glementaires ;\nSur proposition de Madame la directrice de cabinet du pr\u00e9fet du Var ;\nArr\u00eat\u00e9 pr\u00e9fectoral n\u00b0 2026 \u2013 03 \u2013 002 ECC\nPage 1/3\nPr\u00e9fecture du VAR - 83-2026-03-30-00002 - AP Cr\u00e9ation Agr\u00e9ment sign\u00e9 16\nARR  \u00ca  TE  \nARTICLE 1er     :\nMonsieur  Mohamed  SAHLI,  repr\u00e9sentant  l\u00e9gal  de  l'entreprise  \u00ab  AUTO-ECOLE  ELITE \u00bb, \ninscrite sous le num\u00e9ro  SIREN 994 934 131 , est autoris\u00e9 \u00e0 exploiter dans le respect des  \ndispositions  de  l'arr\u00eat\u00e9  minist\u00e9riel  du  9  f\u00e9vrier  2026  susvis\u00e9,  sous  le  num\u00e9ro  \nE 26 083 0002 0, l'\u00e9tablissement  d'enseignement,  \u00e0  titre  on\u00e9reux,  de  la  conduite  des  \nv\u00e9hicules \u00e0 moteur et de la s\u00e9curit\u00e9 routi\u00e8re suivant :\n\u2022 Etablissement principal (r\u00e9f\u00e9renc\u00e9 dans RDV Permis) :\nAUTO-ECOLE ELITE : 25 boulevard Stalingrad \u2013 Square Etienne Gueirard LA SEYNE-sur-MER  \n(83500).\nCet agr\u00e9ment est d\u00e9livr\u00e9 pour une dur\u00e9e de six ans \u00e0 compter de la date de publication au  \nrecueil des actes administratifs de la Pr\u00e9fecture du Var.\nARTICLE 2 :\nL'\u00e9tablissement mentionn\u00e9 \u00e0 l'article 1er du pr\u00e9sent arr\u00eat\u00e9 est autoris\u00e9, conform\u00e9ment aux  \nmoyens p\u00e9dagogiques d\u00e9clar\u00e9s, \u00e0 dispenser les formations pour les cat\u00e9gories de permis  \nde conduire suivantes : \n- B/B1/AAC ;\nARTICLE 3 :\nToute demande  de  renouvellement  du  pr\u00e9sent  agr\u00e9ment  doit  imp\u00e9rativement  \u00eatre  \nadress\u00e9e par l'exploitant au moins deux mois avant la date d'expiration de sa validit\u00e9. En  \ncas de non-respect de ce d\u00e9lai  ou lorsque le dossier de demande de renouvellement ne  \nremplit  pas  les  conditions  requises  par  l'arr\u00eat\u00e9  minist\u00e9riel  du  9  f\u00e9vrier  2026  relatif  \u00e0  \nl'enseignement de la conduite des v\u00e9hicules \u00e0 moteur et de la s\u00e9curit\u00e9 routi\u00e8re , le pr\u00e9fet \npeut surseoir au renouvellement de l'agr\u00e9ment concern\u00e9.\nARTICLE 4     :\nTout  agr\u00e9ment  non  renouvel\u00e9  dans  les  d\u00e9lais,  perd  sa  validit\u00e9  pour  l'ensemble  des  \n\u00e9tablissements (principal et secondaires) cit\u00e9s \u00e0 l'article 1er.\nARTICLE 5     :\nToute demande de modification des \u00e9l\u00e9ments fournis pour l'obtention de l'agr\u00e9ment doit  \n\u00eatre adress\u00e9e au pr\u00e9fet du Var au moins deux mois avant la mise en \u0153uvre effective de ces \nchangements.\nPour toute transformation du local de formation, tout abandon ou toute extension d'une  \nformation, l'exploitant est tenu d'adresser une demande de modification de son agr\u00e9ment.\n \nARTICLE 6     :\nLorsque  le  dossier  de  demande  de  renouvellement  d'un  agr\u00e9ment  ne  remplit  pas  les  \nconditions requises par l'arr\u00eat\u00e9 minist\u00e9riel du 9 f\u00e9vrier 2026  relatif \u00e0 l'enseignement de la  \nconduite  des  v\u00e9hicules  \u00e0  moteur  et  de  la  s\u00e9curit\u00e9  routi\u00e8re,  le  pr\u00e9fet  peut  adresser  \u00e0 \nl'exploitant une demande de mise en conformit\u00e9 de son dossier, et le cas \u00e9ch\u00e9ant, une  \nd\u00e9cision de suspension ou d'abrogation de l'agr\u00e9ment.\nArr\u00eat\u00e9 pr\u00e9fectoral n\u00b0 2026 \u2013 03 \u2013 002 ECC\nPage 2/3\nPr\u00e9fecture du VAR - 83-2026-03-30-00002 - AP Cr\u00e9ation Agr\u00e9ment sign\u00e9 17\nARTICLE 7     :\nEn cas de rachat de l'entreprise, du fonds de commerce ou d'un local , ou de changement \nde dirigeant de l'entreprise,  sous r\u00e9serve que le nouvel exploitant ou repr\u00e9sentant l\u00e9gal  \nrespecte les prescriptions de l'arr\u00eat\u00e9 minist\u00e9riel du 9 f\u00e9vrier 2026 susvis\u00e9, l'agr\u00e9ment est  \nmaintenu pendant l'instruction de sa demande.\nUn arr\u00eat\u00e9 pr\u00e9fectoral modificatif sera adress\u00e9 au nouvel exploitant.\nARTICLE 8 :\nEn cas de changement ou d'ajout d'un ou plusieurs \u00e9tablissements dans le d\u00e9partement du \nVar, sous r\u00e9serve que l'exploitant de ce nouvel \u00e9tablissement adresse une d\u00e9claration au  \npr\u00e9fet au moins deux mois avant le d\u00e9but de l'activit\u00e9, l'agr\u00e9ment de cet \u00e9tablissement est \nmaintenu sur l'ancienne d\u00e9claration tant que le pr\u00e9fet n'a pas modifi\u00e9 le pr\u00e9sent arr\u00eat\u00e9.\nARTICLE 9     :\nL'agr\u00e9ment peut \u00eatre, \u00e0 tout moment, suspendu ou retir\u00e9 selon les dispositions des articles  \n5, 14 et 15 de l'arr\u00eat\u00e9 du 9 f\u00e9vrier 2026 susvis\u00e9 ;\nARTICLE 10     :\nL'agr\u00e9ment et toute d\u00e9cision affectant sa validit\u00e9 sont enregistr\u00e9s au registre national de  \nl'enseignement de la conduite des v\u00e9hicules \u00e0 moteur et de la s\u00e9curit\u00e9 routi\u00e8re cr\u00e9\u00e9 par  \nl'arr\u00eat\u00e9 minist\u00e9riel du 8 janvier 2001 pr\u00e9cit\u00e9 modifi\u00e9.  Conform\u00e9ment \u00e0 la loi n\u00b0 78-17 du 6  \njanvier 1978 relative \u00e0 l'informatique, aux fichiers et aux libert\u00e9s, toute personne peut  \nobtenir communication et, le cas \u00e9ch\u00e9ant, rectification ou suppression des informations la  \nconcernant, en adressant une demande \u00e0 la Pr\u00e9fecture du Var - Service de l'\u00e9ducation et  \nde la s\u00e9curit\u00e9 routi\u00e8res \u2013 Boulevard du 112\u00e8 R\u00e9giment d'Infanterie \u2013 CS 31209 \u2013 83070  \nTOULON Cedex.\nARTICLE 11 :\nMadame la directrice de cabinet du pr\u00e9fet du Var  est charg\u00e9e de l'ex\u00e9cution du pr\u00e9sent  \narr\u00eat\u00e9 qui sera publi\u00e9 au recueil des actes administratifs de la Pr\u00e9fecture du Var.\nFait \u00e0 Toulon, le 30 mars 2026\nPour le Pr\u00e9fet et par d\u00e9l\u00e9gation,\nLa Directrice de Cabinet\nSign\u00e9\nJos\u00e9phine GUIGLIANO-BOUTONNET\nConform\u00e9ment aux dispositions de l'article R. 421-1 et suivants du code de justice administrative, le pr\u00e9sent  \narr\u00eat\u00e9 peut faire l'objet dans un d\u00e9lai de deux mois \u00e0 compter de sa parution :\n\u2013  d'un recours administratif (recours gracieux aupr\u00e8s du pr\u00e9fet du Var ou recours hi\u00e9rarchique aupr\u00e8s du  \nministre de l'int\u00e9rieur)\n\u2013 d'un recours contentieux devant le tribunal administratif de Toulon. Le tribunal administratif peut \u00eatre saisi  \npar l'application informatique \u00ab T\u00e9l\u00e9recours citoyens \u00bb accessible par le site Internet www.telerecours.fr\nArr\u00eat\u00e9 pr\u00e9fectoral n\u00b0 2026 \u2013 03 \u2013 002 ECC\nPage 3/3\nPr\u00e9fecture du VAR - 83-2026-03-30-00002 - AP Cr\u00e9ation Agr\u00e9ment sign\u00e9 18\nPr\u00e9fecture du VAR\n83-2026-03-30-00001\nAPCr\u00e9ation sign\u00e9\nPr\u00e9fecture du VAR - 83-2026-03-30-00001 - APCr\u00e9ation sign\u00e9 19\n=mPREFETDU VARLibert\u00e9Egalit\u00e9Fraternit\u00e9\nDirection des s\u00e9curit\u00e9s\nService de l'\u00e9ducation et\n de la s\u00e9curit\u00e9 routi\u00e8res\nP\u00f4le \u00e9ducation routi\u00e8re\nARR\u00caT\u00c9 PR\u00c9FECTORAL n\u00b0 2026- 03-001 - ECC du 30/03/2026\nportant cr\u00e9ation de l'agr\u00e9ment n\u00b0 E 26 083 0001 0 relatif \u00e0 un \u00e9tablissement \nd'enseignement de la conduite des v\u00e9hicules \u00e0 moteur et de la s\u00e9curit\u00e9 routi\u00e8re\nLe pr\u00e9fet du Var,\nChevalier de la L\u00e9gion d'honneur\nChevalier de l'Ordre National du M\u00e9rite\nVu le Code de la Route et notamment ses articles L 212-1 et suivants, L 213-1 \u00e0 L 213-8 et R 213-1  \n\u00e0 R 213-7 ;\nVu le Code des relations entre le public et l'administration, notamment ses articles L, 121-1 et  \nsuivants ;\nVu  le  d\u00e9cret  n\u00b0  2025-1437  du  31  d\u00e9cembre  2025  relatif  aux  conditions  d'agr\u00e9ment  des  \norganismes charg\u00e9s de l'organisation des \u00e9preuves du permis de conduire et \u00e0 la simplification  \nde diverses mesures relatives \u00e0 l'\u00e9ducation routi\u00e8re ;\nVu l'arr\u00eat\u00e9 minist\u00e9riel du 8 janvier 2001 modifi\u00e9 cr\u00e9ant un registre national de l'enseignement  \nde la conduite des v\u00e9hicules \u00e0 moteur et de la s\u00e9curit\u00e9 routi\u00e8re ;\nVu l'arr\u00eat\u00e9 minist\u00e9riel du 9 f\u00e9vrier 2026 relatif \u00e0 l'enseignement de la conduite des v\u00e9hicules \u00e0  \nmoteur et de la s\u00e9curit\u00e9 routi\u00e8re ;\nVu l'arr\u00eat\u00e9 pr\u00e9fectoral n\u00b0 2026/07/MCI du 18 f\u00e9vrier  2026 portant d\u00e9l\u00e9gation de signature \u00e0 \nMadame Jos\u00e9phine GUIGLIANO-BOUTONNET, directrice de cabinet du pr\u00e9fet du Var ;\nConsid\u00e9rant la demande r\u00e9ceptionn\u00e9e le  11 d\u00e9cembre 2025  par laquelle  Monsieur Walid \nESSID sollicite  la  d\u00e9livrance  d'un  agr\u00e9ment  en  vue  d'exploiter,  \u00e0  titre  on\u00e9reux,  un  \n\u00e9tablissement d'enseignement de la conduite des v\u00e9hicules \u00e0 moteur et de la s\u00e9curit\u00e9  \nrouti\u00e8re d\u00e9nomm\u00e9 \u00abLA SEYNE CONDUITE\u00bb situ\u00e9 51 All\u00e9e des Pivoines 83500 LA SEYNE-sur-\nMER ;\nConsid\u00e9rant les diff\u00e9rentes demandes de compl\u00e9tude du dossier ;\nConsid\u00e9rant que le dossier est d\u00e9sormais complet et qu'il remplit toutes les conditions  \nr\u00e9glementaires ;\nSur proposition de Madame la directrice de cabinet du pr\u00e9fet du Var ;\nArr\u00eat\u00e9 pr\u00e9fectoral n\u00b0 2026 \u2013 03 \u2013 001 ECC\nPage 1/3\nPr\u00e9fecture du VAR - 83-2026-03-30-00001 - APCr\u00e9ation sign\u00e9 20\nARR  \u00ca  TE  \nARTICLE 1er     :\nMonsieur Walid ESSID, repr\u00e9sentant l\u00e9gal de l'entreprise \u00ab LA SEYNE CONDUITE \u00bb, inscrite \nsous le num\u00e9ro SIREN 994 509 586, est autoris\u00e9 \u00e0 exploiter dans le respect des dispositions \nde  l'arr\u00eat\u00e9  minist\u00e9riel  du  9  f\u00e9vrier  2026  susvis\u00e9,  sous  le  num\u00e9ro  E  26  083  0001  0,  \nl'\u00e9tablissement d'enseignement, \u00e0 titre on\u00e9reux, de la conduite des v\u00e9hicules \u00e0 moteur et  \nde la s\u00e9curit\u00e9 routi\u00e8re suivant :\n\u2022 Etablissement principal (r\u00e9f\u00e9renc\u00e9 dans RDV Permis) :\nLA SEYNE CONDUITE : 51 All\u00e9e des Pivoines \u00e0 la SEYNE-sur-MER (83500).\nConform\u00e9ment au bail commercial d\u00e9rogatoire, cet agr\u00e9ment est d\u00e9livr\u00e9 pour une dur\u00e9e  \nde dix-huit mois \u00e0 compter de la date de publication au recueil des actes administratifs de  \nla Pr\u00e9fecture du Var sans toutefois exc\u00e9der la fin du bail.\nARTICLE 2 :\nL'\u00e9tablissement mentionn\u00e9 \u00e0 l'article 1er du pr\u00e9sent arr\u00eat\u00e9 est autoris\u00e9, conform\u00e9ment aux  \nmoyens p\u00e9dagogiques d\u00e9clar\u00e9s, \u00e0 dispenser les formations pour les cat\u00e9gories de permis  \nde conduire suivantes : \n- B/B1/AAC ;\nARTICLE 3 :\nToute demande  de  renouvellement  du  pr\u00e9sent  agr\u00e9ment  doit  imp\u00e9rativement  \u00eatre  \nadress\u00e9e par l'exploitant au moins deux mois avant la date d'expiration de sa validit\u00e9. En  \ncas de non-respect de ce d\u00e9lai  ou lorsque le dossier de demande de renouvellement ne  \nremplit  pas  les  conditions  requises  par  l'arr\u00eat\u00e9  minist\u00e9riel  du  9  f\u00e9vrier  2026  relatif  \u00e0  \nl'enseignement de la conduite des v\u00e9hicules \u00e0 moteur et de la s\u00e9curit\u00e9 routi\u00e8re , le pr\u00e9fet \npeut surseoir au renouvellement de l'agr\u00e9ment concern\u00e9.\nARTICLE 4     :\nTout  agr\u00e9ment  non  renouvel\u00e9  dans  les  d\u00e9lais,  perd  sa  validit\u00e9  pour  l'ensemble  des  \n\u00e9tablissements (principal et secondaires) cit\u00e9s \u00e0 l'article 1er.\nARTICLE 5     :\nToute demande de modification des \u00e9l\u00e9ments fournis pour l'obtention de l'agr\u00e9ment doit  \n\u00eatre adress\u00e9e au pr\u00e9fet du Var au moins deux mois avant la mise en \u0153uvre effective de ces \nchangements.\nPour toute transformation du local de formation, tout abandon ou toute extension d'une  \nformation, l'exploitant est tenu d'adresser une demande de modification de son agr\u00e9ment.\n \nARTICLE 6     :\nLorsque  le  dossier  de  demande  de  renouvellement  d'un  agr\u00e9ment  ne  remplit  pas  les  \nconditions requises par l'arr\u00eat\u00e9 minist\u00e9riel du 9 f\u00e9vrier 2026  relatif \u00e0 l'enseignement de la  \nconduite  des  v\u00e9hicules  \u00e0  moteur  et  de  la  s\u00e9curit\u00e9  routi\u00e8re,  le  pr\u00e9fet  peut  adresser  \u00e0 \nl'exploitant une demande de mise en conformit\u00e9 de son dossier, et le cas \u00e9ch\u00e9ant, une  \nd\u00e9cision de suspension ou d'abrogation de l'agr\u00e9ment.\nArr\u00eat\u00e9 pr\u00e9fectoral n\u00b0 2026 \u2013 03 \u2013 001 ECC\nPage 2/3\nPr\u00e9fecture du VAR - 83-2026-03-30-00001 - APCr\u00e9ation sign\u00e9 21\nARTICLE 7     :\nEn cas de rachat de l'entreprise, du fonds de commerce ou d'un local , ou de changement \nde dirigeant de l'entreprise,  sous r\u00e9serve que le nouvel exploitant ou repr\u00e9sentant l\u00e9gal  \nrespecte les prescriptions de l'arr\u00eat\u00e9 minist\u00e9riel du 9 f\u00e9vrier 2026 susvis\u00e9, l'agr\u00e9ment est  \nmaintenu pendant l'instruction de sa demande.\nUn arr\u00eat\u00e9 pr\u00e9fectoral modificatif sera adress\u00e9 au nouvel exploitant.\nARTICLE 8 :\nEn cas de changement ou d'ajout d'un ou plusieurs \u00e9tablissements dans le d\u00e9partement du \nVar, sous r\u00e9serve que l'exploitant de ce nouvel \u00e9tablissement adresse une d\u00e9claration au  \npr\u00e9fet au moins deux mois avant le d\u00e9but de l'activit\u00e9, l'agr\u00e9ment de cet \u00e9tablissement est \nmaintenu sur l'ancienne d\u00e9claration tant que le pr\u00e9fet n'a pas modifi\u00e9 le pr\u00e9sent arr\u00eat\u00e9.\nARTICLE 9     :\nL'agr\u00e9ment peut \u00eatre, \u00e0 tout moment, suspendu ou retir\u00e9 selon les dispositions des articles  \n5, 14 et 15 de l'arr\u00eat\u00e9 du 9 f\u00e9vrier 2026 susvis\u00e9 ;\nARTICLE 10     :\nL'agr\u00e9ment et toute d\u00e9cision affectant sa validit\u00e9 sont enregistr\u00e9s au registre national de  \nl'enseignement de la conduite des v\u00e9hicules \u00e0 moteur et de la s\u00e9curit\u00e9 routi\u00e8re cr\u00e9\u00e9 par  \nl'arr\u00eat\u00e9 minist\u00e9riel du 8 janvier 2001 pr\u00e9cit\u00e9 modifi\u00e9.  Conform\u00e9ment \u00e0 la loi n\u00b0 78-17 du 6  \njanvier 1978 relative \u00e0 l'informatique, aux fichiers et aux libert\u00e9s, toute personne peut  \nobtenir communication et, le cas \u00e9ch\u00e9ant, rectification ou suppression des informations la  \nconcernant, en adressant une demande \u00e0 la Pr\u00e9fecture du Var - Service de l'\u00e9ducation et  \nde la s\u00e9curit\u00e9 routi\u00e8res \u2013 Boulevard du 112\u00e8 R\u00e9giment d'Infanterie \u2013 CS 31209 \u2013 83070  \nTOULON Cedex.\nARTICLE 11 :\nMadame la directrice de cabinet du pr\u00e9fet du Var  est charg\u00e9e de l'ex\u00e9cution du pr\u00e9sent  \narr\u00eat\u00e9 qui sera publi\u00e9 au recueil des actes administratifs de la Pr\u00e9fecture du Var.\nFait \u00e0 Toulon, le 30 mars 2026\nPour le Pr\u00e9fet et par d\u00e9l\u00e9gation,\nLa Directrice de Cabinet\nSign\u00e9\nJos\u00e9phine GUIGLIANO-BOUTONNET\nConform\u00e9ment aux dispositions de l'article R. 421-1 et suivants du code de justice administrative, le pr\u00e9sent  \narr\u00eat\u00e9 peut faire l'objet dans un d\u00e9lai de deux mois \u00e0 compter de sa parution :\n\u2013  d'un recours administratif (recours gracieux aupr\u00e8s du pr\u00e9fet du Var ou recours hi\u00e9rarchique aupr\u00e8s du  \nministre de l'int\u00e9rieur)\n\u2013 d'un recours contentieux devant le tribunal administratif de Toulon. Le tribunal administratif peut \u00eatre saisi  \npar l'application informatique \u00ab T\u00e9l\u00e9recours citoyens \u00bb accessible par le site Internet www.telerecours.fr\nArr\u00eat\u00e9 pr\u00e9fectoral n\u00b0 2026 \u2013 03 \u2013 001 ECC\nPage 3/3\nPr\u00e9fecture du VAR - 83-2026-03-30-00001 - APCr\u00e9ation sign\u00e9 22","date":"2026-03-30","first_seen_on":"2026-03-30T16:43:09+00:00","id":"3c99cfe373717c139d7088f1a15756818be81e82c65ad6da1e0c947a853af362","name":"RAA N\u00b0110 du 30 mars 2026","pdf_creation_date":"2026-03-30T15:15:29+00:00","pdf_modification_date":null,"timezone":"Europe/Paris","url":"https://www.var.gouv.fr/contenu/telechargement/45713/297986/file/RAA%20N%C2%B0110%20du%2030%20mars%202026%20(Non%20nominatif).pdf"}
