{"administration":"pref69","administration_name":"Pr\u00e9fecture du Rh\u00f4ne","content":"PR\u00c9F\u00c8TE\nDU RH\u00d4NE\nRECUEIL DES ACTES\nADMINISTRATIFS SP\u00c9CIAL\n(NOMINATIFS)\nN\u00b069-2025-283\nPUBLI\u00c9 LE  3 NOVEMBRE 2025\nSommaire\n69_Pr\u00e9f_Pr\u00e9fecture du Rh\u00f4ne / Direction de la Coordination des\nPolitiques Interminist\u00e9rielles\n69-2025-11-03-00002 - AP portant d\u00e9l\u00e9gation de signature aux agents\nde la pr\u00e9fecture (7 pages) Page 3\n2\n69_Pr\u00e9f_Pr\u00e9fecture du Rh\u00f4ne\n69-2025-11-03-00002\nAP portant d\u00e9l\u00e9gation de signature aux agents de\nla pr\u00e9fecture\n69_Pr\u00e9f_Pr\u00e9fecture du Rh\u00f4ne - 69-2025-11-03-00002 - AP portant d\u00e9l\u00e9gation de signature aux agents de la pr\u00e9fecture 3\nesPREFETEDU RHONELibert\u00e9Egalit\u00e9Fraternit\u00e9\nDirection de la coordination\ndes politiques interminist\u00e9rielles\nLyon, le 03 novembre 2025\nARR\u00caT\u00c9 PR\u00c9FECTORAL N\u00b0                                        \nportant d\u00e9l\u00e9gation de signature aux agents de la pr\u00e9fecture\nLA PR\u00c9F\u00c8TE DE LA R\u00c9GION AUVERGNE-RH\u00d4NE-ALPES,\nPR\u00c9F\u00c8TE DE LA ZONE DE D\u00c9FENSE ET DE S\u00c9CURIT\u00c9 SUD-EST,\nPR\u00c9F\u00c8TE DU RH\u00d4NE\nCommandeur de la L\u00e9gion d'honneur\nCommandeur de l'ordre national du M\u00e9rite\nVu la loi n\u00b0 82-213 du 2 mars 1982 modifi\u00e9e relative aux droits et libert\u00e9s des communes, des  \nd\u00e9partements et des r\u00e9gions ;\nVu la loi n\u00b0 92-125 du 6 f\u00e9vrier 1992 modifi\u00e9e relative \u00e0 l'administration territoriale de la R\u00e9publique ;\nVu la loi n\u00b0 2004-809 du 13 ao\u00fbt 2004 modifi\u00e9e relative aux libert\u00e9s et responsabilit\u00e9s locales ;\nVu le d\u00e9cret n\u00b0 2004-374 du 29 avril 2004 modifi\u00e9 relatif aux pouvoirs des pr\u00e9fets, \u00e0 l'organisation et \n\u00e0 l'action des services de l'\u00c9tat dans les r\u00e9gions et d\u00e9partements ;\nVu  le  d\u00e9cret  n\u00b0  2019-38  du  23  janvier  2019  relatif  aux  comp\u00e9tences  des  pr\u00e9fets  en  mati\u00e8re \nd'enregistrement de la demande d'asile et de mise en \u0153uvre des proc\u00e9dures relevant du r\u00e8glement  \ndu 26 juin 2013 dit \u00ab Dublin III \u00bb  et l'a rr\u00eat\u00e9 du 12 d\u00e9cembre 2018 portant r\u00e9gionalisation de la  \nproc\u00e9dure de d\u00e9termination de l'\u00c9tat responsable de l'examen de la demande d'asile dans la r\u00e9gion \nAuvergne-Rh\u00f4ne-Alpes ;\nVu le d\u00e9cret du  11 janvier 2023  en conseil des ministres portant nomination de Mme Fabienne  \nBUCCIO en qualit\u00e9 de pr\u00e9f\u00e8te de la r\u00e9gion Auvergne-Rh\u00f4ne-Alpes, pr\u00e9f\u00e8te de la zone de d\u00e9fense et  \nde s\u00e9curit\u00e9 Sud-Est, pr\u00e9f\u00e8te du Rh\u00f4ne (hors classe) ;\nVu le proc\u00e8s-verbal d'installation de Mme Fabienne BUCCIO en qualit\u00e9 de pr\u00e9f\u00e8te de la r\u00e9gion  \nAuvergne-Rh\u00f4ne-Alpes, pr\u00e9f\u00e8te de la zone de d\u00e9fense et de s\u00e9curit\u00e9 Sud-Est, pr\u00e9f\u00e8te du Rh\u00f4ne , \u00e0 \ncompter du 30 janvier 2023 ;\nVu le d\u00e9cret du 15 mai 2025 portant nomination du pr\u00e9fet, secr\u00e9taire g\u00e9n\u00e9ral de la pr\u00e9fecture du  \nRh\u00f4ne, pr\u00e9fet d\u00e9l\u00e9gu\u00e9 pour l'\u00e9galit\u00e9 des chances aupr\u00e8s de la pr\u00e9f\u00e8te de la r\u00e9gion Auvergne-Rh\u00f4ne-\nAlpes, pr\u00e9f\u00e8te de la zone de d\u00e9fense et de s\u00e9curit\u00e9 Sud-Est, pr\u00e9f\u00e8te du Rh\u00f4ne - M. Fabrice ROSAY ;\nVu  les  d\u00e9cisions  pr\u00e9fectorales  portant  affectation  des  personnels  au  sein  des  services  de  la \npr\u00e9fecture ;\nSur proposition du pr\u00e9fet, secr\u00e9taire g\u00e9n\u00e9ral de la pr\u00e9fecture du Rh\u00f4ne ;\n1/7\n69_Pr\u00e9f_Pr\u00e9fecture du Rh\u00f4ne - 69-2025-11-03-00002 - AP portant d\u00e9l\u00e9gation de signature aux agents de la pr\u00e9fecture 4\nARR\u00caTE\nArticle 1  : D\u00e9l\u00e9gation de signature est donn\u00e9e aux directeurs et aux chefs de bureau d\u00e9sign\u00e9s  \nci-apr\u00e8s  \u00e0 l'effet  de  signer  d'une  mani\u00e8re  permanente  les  actes  administratifs,  \u00e9tablis  par  leur \ndirection,  ou  bureau,  \u00e0  l'exception  des  actes  \u00e0  caract\u00e8re  r\u00e9glementaire,  des  circulaires,  des \ninstructions g\u00e9n\u00e9rales et des correspondances destin\u00e9es aux \u00e9lus :\n\u2022 Mme Maud BESSON, directrice des migrations et de l'int\u00e9gration,\n\u2022 Mme Lucie RIGAUX, directrice des affaires juridiques et de l'administration locale,\n\u2022 M. Ernest MOUTOUSSAMY, directeur de la s\u00e9curit\u00e9 et de la protection civile,\n\u2022 M. St\u00e9phane TRONTIN, directeur de la coordination des politiques interminist\u00e9rielles,\n\u2022 M. Nordine SAOUDI, directeur du centre d'expertise et de ressources titres,\n\u2022 M. Chaouki AMARA, chef de cabinet,\n\u2022 M. Fabien DESPINASSE, chef du service r\u00e9gional de la communication interminist\u00e9rielle.\nArticle 2  : En cas d'absence ou d'emp\u00eachement des personnes cit\u00e9es \u00e0 l'article 1, d\u00e9l\u00e9gation de  \nsignature est donn\u00e9e aux agents dont les noms suivent, \u00e0 l'effet de signer la totalit\u00e9 des actes  \n\u00e9tablis  par  la  direction  dont  ils  d\u00e9pendent,  dans  leurs  domaines  de  comp\u00e9tence  respectifs,  \u00e0 \nl'exception des actes \u00e0 caract\u00e8re r\u00e9glementaire, des circulaires, des instructions g\u00e9n\u00e9rales et des  \ncorrespondances destin\u00e9es aux \u00e9lus :\nDIRECTION DES MIGRATIONS ET DE L'INT\u00c9GRATION\n\u2022 Mme  Maryke  LE  MOGNE,  attach\u00e9e  principale,  directrice  adjointe  des  migrations  et  de \nl'int\u00e9gration,\n\u2022 Mme Margaux LARUE, attach\u00e9e principale, cheffe du bureau de l'accueil et de l'admission au \ns\u00e9jour,\n\u2022 Mme Aude SIGNOUREL, attach\u00e9e principale, cheffe du bureau des examens sp\u00e9cialis\u00e9s,\n\u2022 Mme G\u00e9raldine SEMOULIN, attach\u00e9e principale, cheffe du bureau de l'\u00e9loignement,\n\u2022 Mme Anna EUZET, attach\u00e9e principale,  cheffe du bureau de l'asile et de l'h\u00e9bergement -  \nguichet unique des demandeurs d'asile de Lyon,\n\u2022 M.  Patrick  LAFABRIER,  attach\u00e9  principal,  chef  du  bureau  des  affaires  g\u00e9n\u00e9rales  et  du \ncontentieux,\n\u2022 M.  Olivier  VERCASSON,  attach\u00e9  principal,  responsable  de  la  plateforme  \ninterd\u00e9partementale des naturalisations,\n\u2022 Mme Jessica PERON, attach\u00e9e, cheffe du p\u00f4le r\u00e9gional Dublin.\nDIRECTION DES AFFAIRES JURIDIQUES ET DE L'ADMINISTRATION LOCALE\n\u2022 Mme Agn\u00e8s RAICHL, attach\u00e9e principale, cheffe du bureau de l'urbanisme et de l'utilit\u00e9  \npublique,\n\u2022 M. Jamal BENZIK , attach\u00e9 principal, chef du bureau des r\u00e9glementations, des \u00e9lections et  \ndes associations,\n\u2022 Mme A\u00efda CHAMBE, attach\u00e9e, cheffe du bureau du contr\u00f4le budg\u00e9taire et des dotations de \nl'\u00c9tat,\n\u2022 M. Bastien MORIN, attach\u00e9, chef du bureau du contr\u00f4le de l\u00e9galit\u00e9 et de l'intercommunalit\u00e9,\n\u2022 M. Thibault PICHON-MATHIEU, attach\u00e9, chef du p\u00f4le juridique.\nDIRECTION DE LA S\u00c9CURIT\u00c9 ET DE LA PROTECTION CIVILE\n\u2022 M. Emmanuel BERNE, ing\u00e9nieur divisionnaire, chef du service interminist\u00e9riel de d\u00e9fense et  \nde protection civiles,\n\u2022 M. Richard WILPOTTE attach\u00e9 principal, chef du bureau des polices administratives,\n\u2022 Mme Sylvia LEGRIS, attach\u00e9e, cheffe du bureau de la planification, de la d\u00e9fense et des  \nrisques sanitaires,\n\u2022 Mme Marie PAUGET, attach\u00e9e, cheffe du bureau de la pr\u00e9vention,\n\u2022 Mme Carole ZMYSLONY, attach\u00e9e, cheffe du bureau de la s\u00e9curit\u00e9 routi\u00e8re.\n2/7\n69_Pr\u00e9f_Pr\u00e9fecture du Rh\u00f4ne - 69-2025-11-03-00002 - AP portant d\u00e9l\u00e9gation de signature aux agents de la pr\u00e9fecture 5\nDIRECTION DE LA COORDINATION DES POLITIQUES INTERMINIST\u00c9RIELLES\n\u2022 Mme  Sandrine  CANDELA,  attach\u00e9e  principale,  cheffe  du  centre  de  services  partag\u00e9s \nr\u00e9gional CHORUS (CSPR),\n\u2022 Mme Fran\u00e7oise CONRAD, attach\u00e9e principale, cheffe de la mission d'appui territorial.\nCENTRE D'EXPERTISE ET DE RESSOURCES DES TITRES PERMIS DE CONDUIRE\n\u2022 Mme  Nadine  CHANAVAT,  attach\u00e9e,  adjointe  au  directeur  du  CERT,  cheffe  du  p\u00f4le \ninstruction.\nArticle 3 : Sans pr\u00e9judice des dispositions de l'article 1 er, d\u00e9l\u00e9gation de signature est donn\u00e9e \u00e0 Mme  \nMaud BESSON, directrice des migrations et de l'int\u00e9gration, \u00e0 l'effet de signer :\n\u2022 les  d\u00e9cisions  concernant  l'aide  sociale  en  mati\u00e8re  d'h\u00e9bergement  pour  les  demandeurs \nd'asile et les r\u00e9fugi\u00e9s ;\n\u2022 les d\u00e9cisions concernant l'orientation, l'admission ou la sortie d'un centre d'accueil pour  \ndemandeurs d'asile ou d'un centre provisoire d'h\u00e9bergement ;\n\u2022 tout  courrier  pr\u00e9paratoire  \u00e0  la  signature  de  conventions  avec  les  associations  priv\u00e9es, \ncentres  communaux  d'action  sociale,  municipalit\u00e9s,  pour  l'octroi  des  cr\u00e9dits  destin\u00e9s  \u00e0 \nl'action  sociale  en  faveur  des  demandeurs  d'asile,  des  r\u00e9fugi\u00e9s  et  des  \u00e9trangers  primo-\narrivants ;\n\u2022 les d\u00e9cisions et conventions avec les associations priv\u00e9es pour l'octroi de cr\u00e9dits destin\u00e9s \u00e0  \nl'action  sociale  en  faveur  des  demandeurs  d'asile,  des  r\u00e9fugi\u00e9s  et  des  \u00e9trangers  primo-\narrivants ;\n\u2022 les proc\u00e9dures et d\u00e9cisions de tarification des \u00e9tablissements sociaux d'h\u00e9bergement pour  \ndemandeurs d'asile et r\u00e9fugi\u00e9s (centre de transit, CADA et CPH) ;\n\u2022 les requ\u00eates introductives d'instance, m\u00e9moires en d\u00e9fense et actes d'ex\u00e9cution relatifs \u00e0 la  \nproc\u00e9dure d'expulsion des structures d'h\u00e9bergement en mati\u00e8re de r\u00e9f\u00e9r\u00e9s mesures-utiles.\nArticle 4 : En cas d'absence ou d'emp\u00eachement de Mme Maud BESSON, d\u00e9l\u00e9gation de signature est \ndonn\u00e9e \u00e0 l'effet de signer les actes vis\u00e9s \u00e0 l'article 3, \u00e0 : \n\u2022 Mme  Maryke  LE  MOGNE,  attach\u00e9e  principale,  directrice  adjointe  des  migrations  et  de \nl'int\u00e9gration,\n\u2022 Mme Anna EUZET, attach\u00e9e principale,  cheffe du bureau de l'asile et de l'h\u00e9bergement -  \nguichet unique des demandeurs d'asile de Lyon,\nArticle 5 : D\u00e9l\u00e9gation de signature est donn\u00e9e \u00e0 Mme Maud BESSON, directrice des migrations et de \nl'int\u00e9gration, \u00e0 l'effet de signer de mani\u00e8re permanente les actes de saisine, les m\u00e9moires et les  \nrequ\u00eates en premi\u00e8re instance et en appel aupr\u00e8s des diff\u00e9rents ordres de juridiction en mati\u00e8re  \nd'entr\u00e9e, de s\u00e9jour des \u00e9trangers et du droit d'asile, et en mati\u00e8re de contentieux y aff\u00e9rent.\nArticle 6 : En cas d'absence ou d'emp\u00eachement de Mme Maud BESSON, d\u00e9l\u00e9gation de signature est \ndonn\u00e9e \u00e0 l'effet de signer les actes vis\u00e9s \u00e0 l'article 5, \u00e0  :\n\u2022 Mme  Maryke  LE  MOGNE,  attach\u00e9e  principale,  directrice  adjointe  des  migrations  et  de \nl'int\u00e9gration,\n\u2022 M.  Patrick  LAFABRIER,  attach\u00e9  principal,  chef  du  bureau  des  affaires  g\u00e9n\u00e9rales  et  du \ncontentieux,\n\u2022 M.  Alexandre  FOREL,  attach\u00e9,  adjoint  au  chef  de  bureau  des  affaires  g\u00e9n\u00e9rales  et  du \ncontentieux, chef de la section contentieux,\n\u2022 Mme G\u00e9raldine SEMOULIN, attach\u00e9e principale, cheffe du bureau de l'\u00e9loignement,\n\u2022 M. Fr\u00e9d\u00e9ric DEHEUNYNCK, d\u00e9l\u00e9gu\u00e9 principal au permis de conduire et \u00e0 la s\u00e9curit\u00e9 routi\u00e8re, \nadjoint \u00e0 la cheffe du bureau de l'\u00e9loignement,\n\u2022 M. Joris ARNAUDIES, attach\u00e9, adjoint \u00e0 la cheffe du bureau de l'\u00e9loignement.\n3/7\n69_Pr\u00e9f_Pr\u00e9fecture du Rh\u00f4ne - 69-2025-11-03-00002 - AP portant d\u00e9l\u00e9gation de signature aux agents de la pr\u00e9fecture 6\nArticle 7 : D\u00e9l\u00e9gation de signature est donn\u00e9e \u00e0 Mme Maud BESSON, directrice des migrations et de \nl'int\u00e9gration, \u00e0 l'effet de signer de mani\u00e8re permanente les mesures aff\u00e9rentes au transfert des  \ndemandeurs d'asile plac\u00e9s sous proc\u00e9dure Dublin et ce, \u00e0 l'\u00e9chelle r\u00e9gionale, ainsi que les mesures  \nd'ex\u00e9cution  \u00e9ventuelles  telles  que  les  d\u00e9cisions  d'assignation  \u00e0  r\u00e9sidence  et  de  placement  en \nr\u00e9tention, les m\u00e9moires et les requ\u00eates en premi\u00e8re instance et en appel aupr\u00e8s des diff\u00e9rents  \nordres de juridiction relatifs \u00e0 la proc\u00e9dure Dublin.\nArticle 8 : En cas d'absence ou d'emp\u00eachement de Mme Maud BESSON, d\u00e9l\u00e9gation de signature est \ndonn\u00e9e \u00e0 l'effet de signer les actes vis\u00e9s \u00e0 l'article 7 , \u00e0 :\n\u2022 Mme  Maryke  LE  MOGNE,  attach\u00e9e  principale,  directrice  adjointe  des  migrations  et  de \nl'int\u00e9gration,\n\u2022 Mme Jessica PERON, attach\u00e9e, cheffe du p\u00f4le r\u00e9gional Dublin,\n\u2022 Mme Cl\u00e9mentine ELONGBIL EWANE, attach\u00e9e, adjointe \u00e0 la cheffe du p\u00f4le r\u00e9gional Dublin,  \nchef de la section instruction,\n\u2022 M. Nicolas MUGUET, secr\u00e9taire administratif de classe normale, chef de la section accueil au \np\u00f4le r\u00e9gional Dublin,\n\u2022 Mme Marine BIANCO, secr\u00e9taire administrative de classe normale au p\u00f4le r\u00e9gional Dublin,\n\u2022 Mme G\u00e9raldine SEMOULIN, attach\u00e9e principale, cheffe du bureau de l'\u00e9loignement,\n\u2022 M. Fr\u00e9d\u00e9ric DEHEUNYNCK, d\u00e9l\u00e9gu\u00e9 principal au permis de conduire et \u00e0 la s\u00e9curit\u00e9 routi\u00e8re, \nadjoint \u00e0 la cheffe du bureau de l'\u00e9loignement,\n\u2022 M. Joris ARNAUDIES, attach\u00e9, adjoint \u00e0 la cheffe du bureau de l'\u00e9loignement.\nArticle  9 : Sans  pr\u00e9judice  des  dispositions  de  l'article  1, d\u00e9l\u00e9gation  de  signature  est  plus \nparticuli\u00e8rement  donn\u00e9e  \u00e0  Mme  Lucie  RIGAUX,  directrice  des  affaires  juridiques  et  de  \nl'administration locale, \u00e0 l'effet de signer :\nEn mati\u00e8re d'actes r\u00e9glementaires (par d\u00e9rogation \u00e0 l'article 1) :\n\u2022 les conventions de t\u00e9l\u00e9transmissions des actes et leurs avenants ;\n\u2022 les  arr\u00eat\u00e9s  fixant  la  composition  des  commissions  d\u00e9partementales  d'am\u00e9nagement \ncommercial (CDAC) ;\n\u2022 les  arr\u00eat\u00e9s  fixant  la  composition  des  commissions  d\u00e9partementales  d'am\u00e9nagement \ncin\u00e9matographique (CDACi) ;\n\u2022 les arr\u00eat\u00e9s portant habilitation des organismes en application du III de l'article L. 752-6 et de \nl'article L.752-23 du code de commerce ;\n\u2022 les actes relatifs \u00e0 la r\u00e9glementation fun\u00e9raire ;\n\u2022 les actes relatifs \u00e0 la domiciliation d'entreprises ;\n\u2022 les arr\u00eat\u00e9s fixant le taux des indemnit\u00e9s repr\u00e9sentatives de logement des instituteurs (IRL).\nEn mati\u00e8re de correspondances destin\u00e9es aux \u00e9lus (par d\u00e9rogation \u00e0 l'article 1) :\n\u2022 les accus\u00e9s de r\u00e9ception et les demandes de pi\u00e8ces compl\u00e9mentaires adress\u00e9es aux maires  \ndans le cadre du contr\u00f4le de l\u00e9galit\u00e9 et budg\u00e9taire, \u00e0 l'exception des lettres d'observation et \np\u00e9dagogique, des recours gracieux, et des requ\u00eates et m\u00e9moires en d\u00e9f\u00e9r\u00e9 ;\n\u2022 les actes et correspondances relatifs \u00e0 l'examen conjoint des dispositions propos\u00e9es pour  \nassurer la mise en compatibilit\u00e9 des documents d'urbanisme pr\u00e9vu aux articles L 143-44 et L  \n153-54 du code de l'urbanisme.\nEn mati\u00e8re d'actes individuels (liste indicative non exhaustive) :\n\u2022 les arr\u00eat\u00e9s d'indemnisation des commissaires enqu\u00eateurs ;\n\u2022 les r\u00e9c\u00e9piss\u00e9s d\u00e9finitifs d'enregistrement de candidatures pour le second tour des \u00e9lections  \nmunicipales,  d\u00e9partementales,  m\u00e9tropolitaines,  r\u00e9gionales  et  l\u00e9gislatives  g\u00e9n\u00e9rales  et \npartielles ;\n\u2022 les d\u00e9rogations au d\u00e9lai d'inhumation et de cr\u00e9mation, les transports de corps et d'urnes  \nfun\u00e9raires, et les laissez-passer mortuaires ;\n\u2022 les r\u00e9c\u00e9piss\u00e9s de d\u00e9claration de revendeurs d'objets mobiliers ;\n\u2022 les cartes de guide conf\u00e9rencier et les titres de ma\u00eetre restaurateur.\n4/7\n69_Pr\u00e9f_Pr\u00e9fecture du Rh\u00f4ne - 69-2025-11-03-00002 - AP portant d\u00e9l\u00e9gation de signature aux agents de la pr\u00e9fecture 7\nArticle 10 : En cas d'absence ou d'emp\u00eachement de Mme Lucie RIGAUX, d\u00e9l\u00e9gation de signature est \ndonn\u00e9e, \u00e0 l'effet de signer les actes vis\u00e9s \u00e0 l'article 9 dans leurs domaines de comp\u00e9tence respectifs, \n\u00e0 :\n\u2022 Mme Agn\u00e8s RAICHL, attach\u00e9e principale , cheffe du bureau de l'urbanisme et de l'utilit\u00e9  \npublique,\n\u2022 M. Youssef BELLAHBIB, attach\u00e9 principal, adjoint \u00e0 la cheffe  de bureau de l'urbanisme et de  \nl'utilit\u00e9 publique,\n\u2022 Mme Ouarda BELAHCENE, attach\u00e9e, adjointe \u00e0 la cheffe de bureau de l'urbanisme et de  \nl'utilit\u00e9 publique,\n\u2022 M. Jamal BENZIK, attach\u00e9 principal, chef du bureau des r\u00e9glementations, des \u00e9lections et  \ndes associations,\n\u2022 Mme Delphine LOPEZ-PERSAT, attach\u00e9e, adjointe au chef du bureau des r\u00e9glementations,  \ndes \u00e9lections et des associations,\n\u2022 Mme A\u00efda CHAMBE, attach\u00e9e, cheffe du bureau du contr\u00f4le budg\u00e9taire et des dotations de  \nl'\u00c9tat,\n\u2022 M.  S\u00e9bastien  GAUDERAT,  attach\u00e9  principal,  adjoint  \u00e0  la  cheffe  de  bureau  du  contr\u00f4le \nbudg\u00e9taire et des dotations de l'\u00c9tat,\n\u2022 M. Bastien MORIN, attach\u00e9, chef du bureau du contr\u00f4le de l\u00e9galit\u00e9 et de l'intercommunalit\u00e9,\n\u2022 M. Thibault PICHON-MATHIEU, attach\u00e9, chef du p\u00f4le juridique,\n\u2022 M. Robin DESCOMBES, attach\u00e9, adjoint au chef du p\u00f4le juridique.\nArticle  11 : D\u00e9l\u00e9gation  est  donn\u00e9e  pour  la  signature  des  documents  vis\u00e9s  \u00e0  l'article  1er en  cas \nd'absence ou d'emp\u00eachement :\nDIRECTION DES MIGRATIONS ET DE L'INT\u00c9GRATION\n\u2022 de  Mme  Margaux  LARUE,  attach\u00e9e  principale,  cheffe  du  bureau  de  l'accueil  et  de \nl'admission au s\u00e9jour, \u00e0 :\n\u25e6 Mme  C\u00e9line  MEYRAND,  attach\u00e9e,  adjointe  \u00e0  la  cheffe  de  bureau  de  l'accueil  et  de \nl'admission au s\u00e9jour, cheffe de la section motifs professionnels,\n\u25e6 M. Adrien LHEUREUX, attach\u00e9 principal, chef de la section accueil et d\u00e9marches rapides,\n\u25e6 M. Ivan SABATIER, secr\u00e9taire administratif de classe exceptionnelle, chef de la section  \nfamille et vuln\u00e9rabilit\u00e9s.\n\u25e6\nPar ailleurs, pour la signature de certains documents vis\u00e9s \u00e0 l'article 1 er, \u00e0 savoir les attestations de  \nremboursement de timbres fiscaux, les d\u00e9cisions de d\u00e9livrance de titres de s\u00e9jour, les d\u00e9cisions de  \nrefus simple de d\u00e9livrance de cartes de r\u00e9sidents et les d\u00e9cisions de refus de d\u00e9p\u00f4t de demandes  \nde titre de s\u00e9jour, d\u00e9l\u00e9gation est donn\u00e9e en cas d'absence ou d'emp\u00eachement de Mme C\u00e9line  \nMEYRAND, attach\u00e9e, adjointe \u00e0 la cheffe de bureau de l'accueil et de l'admission au s\u00e9jour, cheffe  \nde la section motifs professionnels, de M. Adrien LHEUREUX, attach\u00e9 principal, chef de la section  \naccueil  et  d\u00e9marches  rapides  et  de  M.  Ivan  SABATIER,  secr\u00e9taire  administratif  de  classe \nexceptionnelle, chef de la section famille et vuln\u00e9rabilit\u00e9s, \u00e0 :\n\u25aa M.  Thomas  COURTAUD,  secr\u00e9taire  administratif  de  classe  normale,  adjoint  \u00e0  la \ncheffe de la section motifs professionnels,\n\u25aa Mme Cam\u00e9lia BELOUCIF, secr\u00e9taire administrative de premi\u00e8re classe, adjointe au  \nchef de section accueil et d\u00e9marches rapides,\n\u25aa Mme Magdalena CORNECI, secr\u00e9taire administrative de classe sup\u00e9rieure, adjointe  \nau chef de section famille et vuln\u00e9rabilit\u00e9s.\n\u2022 de Mme Aude SIGNOUREL , attach\u00e9e principale, cheffe du bureau des examens sp\u00e9cialis\u00e9s,  \n\u00e0 :\n\u25e6 Mme M\u00e9lanie BOULAY, attach\u00e9e, adjointe \u00e0 la cheffe de bureau,\n\u25e6 Mme  Isabelle  FETROT-FAVROT,  secr\u00e9taire  administrative  de  classe  exceptionnelle, \nadjointe \u00e0 la cheffe de bureau,\n5/7\n69_Pr\u00e9f_Pr\u00e9fecture du Rh\u00f4ne - 69-2025-11-03-00002 - AP portant d\u00e9l\u00e9gation de signature aux agents de la pr\u00e9fecture 8\n\u2022 de Mme G\u00e9raldine SEMOULIN, attach\u00e9e principale, cheffe du bureau de l'\u00e9loignement, \u00e0 :\n\u25e6 M. Fr\u00e9d\u00e9ric DEHEUNYNCK, d\u00e9l\u00e9gu\u00e9 principal au permis de conduire et \u00e0 la s\u00e9curit\u00e9  \nrouti\u00e8re, adjoint \u00e0 la cheffe du bureau de l'\u00e9loignement,\n\u25e6 M. Joris ARNAUDIES, attach\u00e9, adjoint \u00e0 la cheffe du bureau de l'\u00e9loignement.\n\u2022 de Mme Anna EUZET, attach\u00e9e principale, cheffe du bureau de l'asile et de l'h\u00e9bergement -  \nguichet unique des demandeurs d'asile de Lyon, \u00e0 :\n\u25e6 Mme Anne-Laure ZERR, attach\u00e9e, cheffe de la section instruction,\n\u25e6 Mme Ingrid DELAHAYE, attach\u00e9e, cheffe de la section accueil,\n\u25e6 Mme Carole SOULARD, secr\u00e9taire administrative de classe exceptionnelle, adjointe \u00e0 la  \ncheffe de section accueil.\n\u2022 de M. Patrick LAFABRIER , attach\u00e9 principal, chef du bureau des affaires g\u00e9n\u00e9rales et du  \ncontentieux, \u00e0 :\n\u25e6 M. Alexandre FOREL, attach\u00e9, adjoint au chef de bureau, chef de la section contentieux,\n\u25e6 Mme M\u00e9ry-Pierre LEROY, secr\u00e9taire administrative de classe exceptionnelle, cheffe de la  \nsection relation avec les usagers,\n\u25e6 M.  MEDDOUR  Amar,  secr\u00e9taire  administratif  de  classe  normale,  chef  de  la  section \naffaires g\u00e9n\u00e9rales.\n\u2022 de  M.  Olivier  VERCASSON ,  attach\u00e9  principal,  responsable  de  la  plateforme  \ninterd\u00e9partementale des naturalisations, \u00e0 :\n\u25e6 Mme  Magali  DONNET,  attach\u00e9e ,  adjointe  au  responsable  de  la  plateforme  \ninterd\u00e9partementale des naturalisations.\n\u2022 de Mme Jessica PERON, attach\u00e9e, cheffe du p\u00f4le r\u00e9gional Dublin, \u00e0 :\n\u25e6 Mme Cl\u00e9mentine ELONGBIL EWANE, attach\u00e9e, adjointe \u00e0 la cheffe de p\u00f4le, cheffe de la  \nsection instruction,\n\u25e6 M.  Nicolas  MUGUET,  secr\u00e9taire  administratif  de  classe  normale,  chef  de  la  section \naccueil au p\u00f4le r\u00e9gional Dublin,\n\u25e6 Mme  Marine  BIANCO,  secr\u00e9taire  administrative  de  classe  normale  au  p\u00f4le  r\u00e9gional \nDublin.\nDIRECTION DE LA S\u00c9CURIT\u00c9 ET DE LA PROTECTION CIVILE\n\u2022 de M. Richard WILPOTTE, attach\u00e9 principal, chef du bureau des polices administratives, \u00e0 :\n\u25e6 Mme Alice TARDY, attach\u00e9e, adjointe au chef de bureau,\n\u25e6 Mme C\u00e9cile DAFFIX, secr\u00e9taire administrative de classe exceptionnelle, cheffe de la  \nsection r\u00e9glementation routi\u00e8re.\nPar ailleurs, pour la signature de certains documents vis\u00e9s \u00e0 l'article 1 er, \u00e0 savoir les actes relatifs aux \nsous-commissions  issues  de  la  commission  consultative  d\u00e9partementale  de  s\u00e9curit\u00e9  et  \nd'accessibilit\u00e9  (CCDSA),  d\u00e9l\u00e9gation  est  donn\u00e9e  en  cas  d'absence  ou  d'emp\u00eachement  de  \nM. Emmanuel  BERNE,  ing\u00e9nieur  divisionnaire,  chef  du  service  interminist\u00e9riel  de  d\u00e9fense  et  de \nprotection civiles et de Mme Marie PAUGET, attach\u00e9e, cheffe du bureau de la pr\u00e9vention, \u00e0 :\n\u25aa Mme Mathilde VIRAT, secr\u00e9taire administrative de classe normale, charg\u00e9e du suivi  \nde  la  commission  s\u00e9curit\u00e9  incendie  /  r\u00e9glementation  ERP/IGH,  de  la  commission \nconsultative d\u00e9partementale de s\u00e9curit\u00e9 et d'accessibilit\u00e9,\n\u25aa Mme  Chlo\u00e9  GAYET,  contractuelle  de  cat\u00e9gorie  B,  charg\u00e9e  du  suivi  des  sous-\ncommissions de s\u00e9curit\u00e9.\n6/7\n69_Pr\u00e9f_Pr\u00e9fecture du Rh\u00f4ne - 69-2025-11-03-00002 - AP portant d\u00e9l\u00e9gation de signature aux agents de la pr\u00e9fecture 9\nDIRECTION DE LA COORDINATION DES POLITIQUES INTERMINIST\u00c9RIELLES\n\u2022 de Mme Sandrine CANDELA , attach\u00e9e  principale, cheffe du centre de services partag\u00e9s  \nr\u00e9gional CHORUS (CSPR), \u00e0 :\n\u25e6 M. Jean-Luc BUCHSBAUM, attach\u00e9, adjoint \u00e0 la cheffe du centre de services partag\u00e9s  \nr\u00e9gional Chorus et chef de la section subventions et recettes,\n\u25e6 Mme Aur\u00e9lie HOARAU, attach\u00e9e, cheffe de la section d\u00e9penses de fonctionnement et  \nresponsables des demandes de paiement,\n\u25e6 M. Franck BEQIRAJ, attach\u00e9, chef de la section d\u00e9penses sur march\u00e9s,\n\u25e6 Mme G\u00e9raldine GRANGE, attach\u00e9e, charg\u00e9e de mission,\n\u25e6 Mme V\u00e9ronique REYNAUD, secr\u00e9taire administrative de classe sup\u00e9rieure, responsable  \ndes prestations financi\u00e8res,\n\u25e6 Mme Sylvie BOUCHAKER, adjointe administrative principale de 2 \u00e8me classe, responsable \ndes engagements juridiques,\n\u25e6 Mme Isabelle PEILLON, adjointe administrative principale de 1 \u00e8re classe, responsable des  \ndemandes de paiement.\nCABINET DE LA PR\u00c9F\u00c8TE DE R\u00c9GION, PR\u00c9F\u00c8TE DU RH\u00d4NE\n\u2022 M. Chaouki AMARA, attach\u00e9 principal, chef de cabinet, \u00e0 :\n\u25e6 Mme May KARMY, attach\u00e9e, adjointe au chef de cabinet ;\nArticle  12  : Le  pr\u00e9sent  arr\u00eat\u00e9  peut  faire  l'objet  d'un  recours  contentieux  devant  le  tribunal \nadministratif  de  Lyon  dans  un  d\u00e9lai  de  deux  mois  \u00e0  compter  de  sa  publication.  Le  tribunal \nadministratif peut \u00eatre saisi d'une requ\u00eate d\u00e9pos\u00e9e sur le site www.telerecours.fr.\nArticle 13 :  Le pr\u00e9fet, secr\u00e9taire g\u00e9n\u00e9ral de la pr\u00e9fecture, pr\u00e9fet d\u00e9l\u00e9gu\u00e9 pour l'\u00e9galit\u00e9 des chances,  \nest charg\u00e9 de l'ex\u00e9cution du pr\u00e9sent arr\u00eat\u00e9 qui sera publi\u00e9 au recueil des actes administratifs de la  \npr\u00e9fecture du Rh\u00f4ne.\n7/7\nLa pr\u00e9f\u00e8te,\nSign\u00e9 : Fabienne BUCCIO\n69_Pr\u00e9f_Pr\u00e9fecture du Rh\u00f4ne - 69-2025-11-03-00002 - AP portant d\u00e9l\u00e9gation de signature aux agents de la pr\u00e9fecture 10","date":"2025-11-03","first_seen_on":"2025-11-03T15:32:56+00:00","id":"3d5ea3576deff8333e63b701b638087ec51c703e1931844de32d7e7d2a50fef0","name":"RAA_69-2025-283-031125","pdf_creation_date":"2025-11-03T15:11:55+00:00","pdf_modification_date":"2025-11-03T15:12:21+00:00","timezone":"Europe/Paris","url":"https://www.rhone.gouv.fr/contenu/telechargement/66078/445045/file/RAA_69-2025-283-031125.pdf"}
