{"administration":"pref50","administration_name":"Pr\u00e9fecture de la Manche","content":"RECUEIL DES ACTES\nADMINISTRATIFS\nDE LA MANCHE\nDOCUMENTATION\nET\nINFORMATIONS\nAO\u00dbT 2023\nNUMERO SPECIAL N\u00b0 72\nLe contenu int\u00e9gral des textes et/ou les documents et plans annex\u00e9s\npeut \u00eatre consult\u00e9 aupr\u00e8s du service sous le timbre duquel la publication\nest r\u00e9alis\u00e9e et sur le site Internet de la pr\u00e9fecture :\nhttp://www.manche.gouv.fr\nRubrique : Publications - Annonces et avis - Recueil des actes administratifs\n\nS O M M A I R E\nAGENCE REGIONALE DE SANTE DE NORMANDIE..............................................................................................................................................2\nD\u00e9cision du 24 ao\u00fbt 2023 portant subd\u00e9l\u00e9gation de signature du Directeur g\u00e9n\u00e9ral de l'agence r\u00e9gionale de sant\u00e9 de Normandie pour \nconduire les entretiens d'\u00e9valuation de certains personnels de direction des \u00e9tablissements publics de sant\u00e9 et des \u00e9tablissements \nsociaux et m\u00e9dico-sociaux publics au titre de l'ann\u00e9e 2023.......................................................................................................................................2\nDIRECTION DEPARTEMENTALE DE L'EMPLOI, DU TRAVAIL ET DES SOLIDARITES.....................................................................................4\nArr\u00eat\u00e9 modificatif du 9 ao\u00fbt 2023 portant composition de la commission de m\u00e9diation.........................................................................................4\nArr\u00eat\u00e9 du 24 ao\u00fbt 2023 donnant subd\u00e9l\u00e9gation de signature du directeur d\u00e9partemental de l'emploi, du travail et des solidarit\u00e9s de la \nManche........................................................................................................................................................................................................................4\nArr\u00eat\u00e9 du 24 ao\u00fbt 2023 donnant subd\u00e9l\u00e9gation de signature du directeur d\u00e9partemental de l'emploi, du travail et des solidarit\u00e9s pour \nl'ordonnancement secondaire des recettes et des d\u00e9penses imput\u00e9es sur les programmes cit\u00e9s \u00e0 l'article 1 du pr\u00e9sent arr\u00eat\u00e9 du budget \nde l'Etat........................................................................................................................................................................................................................7\nDIRECTION DEPARTEMENTALE DES TERRITOIRES ET DE LA MER.................................................................................................................7\nArr\u00eat\u00e9 n\u00b0DDTM - CM-S-2023-007 du 25 ao\u00fbt 2023 portant lev\u00e9e de la modification temporaire du classement de salubrit\u00e9 de la zone \nde production 50.07 (Saint-Vaast-la-Hougue) pour les coquillages du groupe 3 (bivalves non fouisseurs) et abrogeant l'arr\u00eat\u00e9 pr\u00e9fectoral \nn\u00b0 CM-S-2023-006 du 10 ao\u00fbt 2023...........................................................................................................................................................................7\nDIVERS........................................................................................................................................................................................................................8\nDIRM : DIRECTION INTERR\u00c9GIONALE DE LA MER MANCHE EST-MER DU NORD...............................................................................................................8\nArr\u00eat\u00e9 n\u00b0 144/2023 du 23 ao\u00fbt 2023 portant subd\u00e9l\u00e9gation de signature du directeur interr\u00e9gional de la mer Manche Est \u2014 mer du \nNord aux personnes plac\u00e9es sous sa responsabilit\u00e9 pour les actes et les d\u00e9cisions en mati\u00e8re de police sanitaire pour les zones de \np\u00eache des pectinid\u00e9s en Manche Est \u2014 mer du Nord................................................................................................................................................8\nDSDEN - DIRECTION DES SERVICES D\u00c9PARTEMENTAUX DE L'EDUCATION NATIONALE DE LA MANCHE............................................................................9\nArr\u00eat\u00e9 n\u00b0 SUSPENSION-PREYNAT/2023 du 24 ao\u00fbt 2023 portant suspension d'exercer quelque fonction que ce soit aupr\u00e8s de \nmineurs accueillis dans le cadre de l'article L.227-4 et suivants du code de l'action sociale et des familles............................................................ 9\n\uf0bf\nAGENCE REGIONALE DE SANTE DE NORMANDIE\nD\u00e9cision du 24 ao\u00fbt 2023 portant subd\u00e9l\u00e9gation de signature du Directeur g\u00e9n\u00e9ral de l'agence r\u00e9gionale de sant\u00e9 de Normandie pour\nconduire les entretiens d'\u00e9valuation de certains personnels de direction des \u00e9tablissements publics de sant\u00e9 et des \u00e9tablissements\nsociaux et m\u00e9dico-sociaux publics au titre de l'ann\u00e9e 2023\nVu Code g\u00e9n\u00e9ral de la fonction publique (partie l\u00e9gislative) ;\nVu D\u00e9cret n\u00b0 2005-921 du 2 ao\u00fbt 2005 modifi\u00e9 portant statut particulier des grades et emplois des personnels de direction des \u00e9tablissements\nmentionn\u00e9s \u00e0 l'article 2 (1\u00b0 et 2\u00b0) de la loi n\u00b0 86-33 du 9 janvier 1986 portant dispositions statutaires relatives \u00e0 la fonction publique hospitali\u00e8re ;\nVu D\u00e9cret n\u00b0 2007-1930 du 26 d\u00e9cembre 2007 modifi\u00e9 portant statut particulier du corps des directeurs d'\u00e9tablissements sanitaires, sociaux et\nm\u00e9dico-sociaux de la fonction publique hospitali\u00e8re ;\nVu D\u00e9cret n\u00b0 2012-749 du 9 mai 2012 modifi\u00e9 relatif \u00e0 la prime de fonctions et de r\u00e9sultats des corps ou emplois fonctionnels des personnels de\ndirection et des directeurs des soins de la fonction publique hospitali\u00e8re ;\nVu D\u00e9cret n\u00b0 2018-255 du 9 avril 2018 relatif aux modalit\u00e9s d'indemnisation des p\u00e9riodes d'int\u00e9rim et \u00e0 l'indemnit\u00e9 de direction commune pour\ncertains personnels de la fonction publique hospitali\u00e8re ;\nVu D\u00e9cret n\u00b0 2020-719 du 12 juin 2020 relatif aux conditions g\u00e9n\u00e9rales de l'appr\u00e9ciation de la valeur professionnelle des fonctionnaires de la\nfonction publique hospitali\u00e8re ;\nVu D\u00e9cret du 17 juin 2020 portant nomination du Directeur g\u00e9n\u00e9ral de l'Agence r\u00e9gionale de sant\u00e9 de  Normandie,  Monsieur  Thomas\nDEROCHE, \u00e0 compter du 15 juillet 2020 ;\nVu Arr\u00eat\u00e9 du 1er septembre 2005 modifi\u00e9 relatif aux modalit\u00e9s d'\u00e9valuation des personnels de direction et des directeurs des soins des\n\u00e9tablissements mentionn\u00e9s \u00e0 l'article 2 de la loi n\u00b0 86-33 du 9 janvier 1986 modifi\u00e9e portant dispositions statutaires relatives \u00e0 la fonction\npublique hospitali\u00e8re ;\nVu Arr\u00eat\u00e9 du 9 mai 2012 modifi\u00e9 fixant les montants de r\u00e9f\u00e9rence de la prime de fonctions et de r\u00e9sultats applicables aux corps ou emplois\nfonctionnels des personnels de direction et des directeurs de soins de la fonction publique hospitali\u00e8re ;\nVu Arr\u00eat\u00e9 du 9 mai 2012 fixant la liste des indemnit\u00e9s relevant des exceptions pr\u00e9Vues \u00e0 l'article 7 du d\u00e9cret n\u00b0 2012-749 du 9 mai 2012\nmodifi\u00e9 relatif \u00e0 la prime de fonctions et de r\u00e9sultats des corps ou emplois fonctionnels des personnels de direction et des directeurs de soins de\nla fonction publique hospitali\u00e8re ;\nVu Arr\u00eat\u00e9 du 9 avril 2018 fixant les montants de l'indemnisation des p\u00e9riodes d'int\u00e9rim et de l'indemnit\u00e9 de direction commune pour certains\npersonnels de la fonction publique hospitali\u00e8re \nVu l'instruction N\u00b0 CNG/DGD/2023/79 du 6 juin 2023 relative \u00e0 l'\u00e9valuation et \u00e0 la prime de fonctions et de r\u00e9sultats des directeurs d'h\u00f4pital,\ndirecteurs d'\u00e9tablissements sanitaires, sociaux et m\u00e9dico-sociaux, et des directeurs des soins des \u00e9tablissements mentionn\u00e9s \u00e0 l'article L. 5 du\ncode g\u00e9n\u00e9ral de la fonction publique, portant dispositions statutaires relatives \u00e0 la fonction publique hospitali\u00e8re, au titre de l'ann\u00e9e 2023;\nArt. 1 : D\u00e9l\u00e9gation est accord\u00e9e \u00e0 l'effet de conduire les entretiens d'\u00e9valuation au nom du Directeur g\u00e9n\u00e9ral de l'agence r\u00e9gionale de sant\u00e9 de\nNormandie au titre de l'ann\u00e9e 2023, aux responsables de l'A.R.S. ci-apr\u00e8s d\u00e9sign\u00e9s :\nMme D\u00e9borah CVETOJEVIC,\nDirectrice  de  l'Autonomie  ARS\nde Normandie\n- M. Amar BENSMINA, directeur de la direction commune des Ehpad d'Agon-Coutainville et\nSaint Sauveur Village (50)\n- Mme Sylvie BLOCKET, directrice de l'ETP de Saint James (50)\n- Mme Anne-Laure BUTAULT, directrice de l'Ehpad de Ducey l\u00e8s Ch\u00e9ris (50)\n- Mme  Aline  DANSETTE,  directrice  de  la  direction  commune  des  Ehpad  d'Aumale,\nGaillefontaine et de Forges les Eaux (76)\n- Mme Elise GAMBIER, directrice de l'Ehpad de Villers-Bocage (14)\n- M. Christophe GUILARD, directeur de l'Ehpad de Sauveur le Vicomte (50)\nMme D\u00e9borah CVETOJEVIC,\nDirectrice  de  l'Autonomie  ARS\nde Normandie\n- Mme Lucie HERVE, directrice de la direction commune des Ehpad de La Haye Pesnel,\nBr\u00e9hal et de Sartilly (50)\n- Mme Ga\u00eblle LE DIZES, directrice de la direction commune des Ehpad d'Argences et de\nTroarn (14)\n- Mme Mathilde MAIRY, directrice de l'EPM de Grugny (76)\n- Mme Marie-Pascale MONGAUX, directrice de la direction commune du Trait d'Union du\nCailly, Ehpad de Maromme, de Notre Dame de Bondeville et de Montville (76)\n- Mme  Anne  PARIS,  directrice  de  la  direction  commune  des  Ehpad  du  Havre  et  de\nMontivilliers (76)\n- M. Emmanuel PHILIPPE, directeur de la direction commune des Ehpad de Carquebut et de\nSainte M\u00e8re Eglise (50)\n- M.  J\u00e9r\u00f4me  TRIQUET,  directeur  du  centre  d'h\u00e9bergement  et  d'accompagnement\ng\u00e9rontologique de Pacy sur Eure (27)\nM. J\u00e9r\u00f4me DUPONT,\nAdjoint  \u00e0  la  directrice  de\nl'Autonomie ARS de Normandie\nM. J\u00e9r\u00f4me DUPONT,\nAdjoint  \u00e0  la  directrice  de\nl'Autonomie ARS de Normandie\n- M. Pierre BERTHE, directeur de la direction commune de l'Ehpad de P\u00e9riers, de l'Ehpa de\nMontsenelle, La Haye et de Neufmesnil\n- Mme Anne CABARET, directrice de l'EPIFAJ de Bacqueville en Caux (76)\n- Mme Mathilde CHAPELLE, directrice du Foyer d'H\u00e9bergement, de l'Atelier de Jour et du\nService d'Accompagnement \u00e0 la Vie Sociale d'Yvetot (76)\n- M. Thierry DANOS, directeur contractuel de l'IMS de Bolbec (76)\n- Mme Myl\u00e8ne FLAMENT, directrice de l'IDEFHI de Canteleu (76)\n- Mme Corinne GODEL, directrice de la direction commune des Ehpad de Buchy et de la\nFeuillie (76)\n- Mme Ludivine GROULT, directrice du Foyer Occupationnel A de Maromme (76)\n- Mme Sandrine HANOTEAUX, directrice de l'IME de Grand Couronne (76)\n- Mme Clothilde HARITCHABALET, directrice de l'EPA Helen Keller du Havre (76)\n- Mme Florence LE GUEN, directrice de l'Ehpad de Saint Sa\u00ebns (76)\n- Mme Valentine MEHEUT, directrice de l'Ehpad de Caudebec les Elbeuf (76)\n- Mme Paola MORCAM, directrice de l'IME d'Yvetot (76)\n- Mme Isabelle PLAUD, directrice du Centre d'H\u00e9bergement G\u00e9rontologique de D\u00e9ville les\nRouen (76)\n- Mme Sylvie SCHRUB, directrice de la direction commune des Ehpad de Fauville en Caux\net de Grainville la Teinturi\u00e8re (76)\nM. Philippe ROMAC,\nDirecteur d\u00e9partemental ARS de\nSeine-Maritime\n- M. Franck DELIEZ, directeur de l'Ehpad de Blangy sur Bresle (76)\n- Mme St\u00e9phanie PANCHOUT, directrice de l'EPMS de F\u00e9camp (76)\n- Mme Kiefer SCHILHANECK, directrice de l'Ehpad de Mesnil Esnard (76)\nMme Magali JACQUET,\nDirectrice  d\u00e9partementale  ARS\ndu Calvados\n- Mme Dina ABIDOS, directrice de l'Ehpad de Saint Sever (Noue de Sienne) (14)\n- Mme Delphine GUILLO, directrice de l'Ehpad de Cesny Bois Halbout (14)\nMme C\u00e9cile LHEUREUX,\nD\u00e9l\u00e9gu\u00e9e  territoriale  ARS  du\nCalvados\n- Mme Sophie VINCENT, directrice de l'Ehpad d'Isigny sur Mer (14)\n- Mme Agn\u00e8s BERTIN, directrice de l'Ehpad de Caen (14)\nM.  Philippe  LUCCIONI-\nMICHAUX,\nDirecteur  d\u00e9partemental  de\nl'Eure\n- M. Andr\u00e9 MINYEMECK, directeur de l'Ehpad de Conches en Ouche (27\n- Mme Catherine SAUVEPLANE, directrice de la direction commune des Ehpad d'Harcourt,\nBrionne et de Pont Authou (27)\nM. Yoann BRIDOU,\nDirecteur d\u00e9partemental ARS de\nla Manche\n- M. Jean-Michel BROSSAT, directeur de la direction commune des Ehpad de Percy et\nCanisy/Dangy\n- Mme Lise COUEFFEUR, directrice de l'Ehpad de Torigny les Villes (50)\n- M. Guillaume HURET, directeur de l'Ehpad de Saint Vaast La Hougue (50)\n- Mme Ana\u00eblle LAMIRAULT, directrice de l'Ehpad de Montebourg (50)\nMme Anne-Catherine SUDRE,\nDirectrice  d\u00e9partementale  ARS\nde l'Orne\n- M. Laurent VIVIER, directeur de la direction commune des Ehpad de Barenton, Le Teilleul\net des Andaines (61)\nArt. 2 : La pr\u00e9sente d\u00e9cision peut faire l'objet d'un recours contentieux devant le tribunal administratif comp\u00e9tent dans un d\u00e9lai de deux mois \u00e0\ncompter de sa notification ou publication pour les tiers.\nSign\u00e9 : Pour le Directeur g\u00e9n\u00e9ral, le Directeur g\u00e9n\u00e9ral adjoint : S\u00e9bastien DELESCLUSE\n\uf0bf\nDIRECTION DEPARTEMENTALE DE L'EMPLOI, DU TRAVAIL ET DES SOLIDARITES\nArr\u00eat\u00e9 modificatif du 9 ao\u00fbt 2023 portant composition de la commission de m\u00e9diation\nVu la loi n\u00b0 2009-323 du 25 mars 2009 portant mobilisation pour le logement et ses d\u00e9crets d'application ;\nVu l'article L. 441-2-3 du code de la construction et de l'habitation, dans sa r\u00e9daction issue de la loi n\u00b0 2007-290 du 5 mars 2007 instituant le \ndroit au logement opposable et portant diverses mesures en faveur de la coh\u00e9sion sociale ;\nVu les articles R.441-13 \u00e0 R. 441-18 du code de la construction et de l'habitation, modifi\u00e9s par le d\u00e9cret n\u00b0 2007-1677 du 28 novembre 2007 sur\nle droit opposable au logement ;\nVu le d\u00e9cret du 3 novembre 2021 portant nomination de Monsieur Fr\u00e9d\u00e9ric PERISSAT, pr\u00e9fet de la Manche ;\nVu le d\u00e9cret d'application du 22 avril 2010 autorisant la d\u00e9signation de plusieurs suppl\u00e9ants pour un titulaire ;\nVu le d\u00e9cret n\u00b0 2014-116 du 11 f\u00e9vrier 2014 portant \u00e0 deux fois le nombre maximum de renouvellement des mandats des membres de la \ncommission de m\u00e9diation ;\nVu l'arr\u00eat\u00e9 en date du 28 d\u00e9cembre 2007 portant cr\u00e9ation dans le d\u00e9partement de la Manche de la commission de m\u00e9diation institu\u00e9e par la loi \nsur le droit opposable au logement n\u00b02007-290 du 5 mars 2007 ;\nVu l'arr\u00eat\u00e9 du 11 octobre 2022 portant renouvellement de la commission de m\u00e9diation ; \nArt. 1 : La composition de la commission de m\u00e9diation est modifi\u00e9e comme suit ;\n6\u00b0) Deux repr\u00e9sentants des associations de d\u00e9fense des personnes en situation d'exclusion :\nTitulaire : Madame Marie-H\u00e9l\u00e8ne BLANDIN\nCoordinatrice \u00e0 la Fondation du Bon Sauveur\nSuppl\u00e9ante : Madame Delphine HELAINE\nAssistante sociale \u00e0 la Fondation du Bon Sauveur ;\nLe reste sans changement.\nSign\u00e9 : Le Pr\u00e9fet : Fr\u00e9d\u00e9ric PERISSAT\n\uf0bf\nArr\u00eat\u00e9 du 24 ao\u00fbt 2023 donnant subd\u00e9l\u00e9gation de signature du directeur d\u00e9partemental de l'emploi, du travail et des solidarit\u00e9s de la\nManche\nVu le code de l'action sociale et des familles ;\nVu le code de la sant\u00e9 publique ;\nVu le code g\u00e9n\u00e9ral des collectivit\u00e9s territoriales ;\nVu le code civil ;\nVu le code du commerce ;\nVu le code de la consommation\nVu le code de l'entr\u00e9e et du s\u00e9jour des \u00e9trangers et du droit d'asile ;\nVu le code du travail ;\nVu la loi du 4 juillet 1837 modifi\u00e9e relative au syst\u00e8me m\u00e9trique et \u00e0 la v\u00e9rification des poids et mesures ;\nVu la loi du 1er juillet 1901 relative au contrat d'association ;\nVu la loi n\u00b0 68-5 du 3 janvier 1968 modifi\u00e9e relative \u00e0 la r\u00e9forme du droit des incapables majeurs ;\nVu la loi n\u00b0 82-213 du 2 mars 1982 modifi\u00e9e relative aux droits et libert\u00e9s des communes, des d\u00e9partements et des r\u00e9gions ;\nVu la loi n\u00b0 84-16 du 11 janvier 1984 modifi\u00e9e portant dispositions statutaires relatives \u00e0 la fonction publique de l'\u00c9tat ;\nVu la loi d'orientation n\u00b0 92-125 du 6 f\u00e9vrier 1992 modifi\u00e9e relative \u00e0 l'administration territoriale de la R\u00e9publique ;\nVu le d\u00e9cret n\u00b0 86-442 du 14 mars 1986 modifi\u00e9 relatif \u00e0 la d\u00e9signation des m\u00e9decins agr\u00e9\u00e9s, \u00e0 l'organisation des comit\u00e9s m\u00e9dicaux et des\ncommissions de r\u00e9forme, aux conditions d'aptitude physique pour l'admission aux emplois publics et au r\u00e9gime de cong\u00e9s de maladie des\nfonctionnaires ;\nVu le d\u00e9cret n\u00b0 97-34 du 15 janvier 1997 modifi\u00e9 relatif \u00e0 la d\u00e9concentration des d\u00e9cisions individuelles ;\nVu le d\u00e9cret n\u00b0 2004-374 du 29 avril 2004 modifi\u00e9 relatif aux pouvoirs des pr\u00e9fets, \u00e0 l'organisation et \u00e0 l'action des services de l'\u00c9tat dans les\nr\u00e9gions et d\u00e9partements et notamment ses articles 44 et 59 ; \nVu le d\u00e9cret n\u00b0 2009-1484 du 3 d\u00e9cembre 2009 modifi\u00e9 relatif aux directions d\u00e9partementales interminist\u00e9rielles ;\nVu le d\u00e9cret n\u00b0 2015-510 du 7 mai 2015 portant charte de la d\u00e9concentration ;\nVu  le  d\u00e9cret  N\u00b0  2015-1689  du  17  d\u00e9cembre  2015  portant  diverses  mesures  d'organisation  et  de  fonctionnement  dans  les  r\u00e9gions  de\nl'administration territoriale de l'\u00c9tat et des commissions administratives ;\nVu le d\u00e9cret n\u00b0 2018-514 du 25 juin 2018 relatif aux subventions de l'\u00c9tat pour des projets d'investissement ;\nVu le d\u00e9cret N\u00b0 2020-1545 du 9 d\u00e9cembre 2020 relatif \u00e0 l'organisation et aux missions des directions r\u00e9gionales de l'\u00e9conomie, de l'emploi, du\ntravail et des solidarit\u00e9s, des directions d\u00e9partementales de l'emploi, du travail et des solidarit\u00e9s et des directions d\u00e9partementales de l'emploi,\ndu travail, des solidarit\u00e9s et de la protection des populations ;\nVu le d\u00e9cret du 13 juillet 2023 portant nomination de M. Xavier BRUNETIERE, pr\u00e9fet de la Manche ;\nVu l'arr\u00eat\u00e9 minist\u00e9riel du 31 mars 2011 portant d\u00e9concentration des d\u00e9cisions relatives \u00e0 la situation individuelle des fonctionnaires et agents\nnon titulaires exer\u00e7ant leurs fonctions dans les directions d\u00e9partementales interminist\u00e9rielles ;\nVu l'arr\u00eat\u00e9 du ministre de l'int\u00e9rieur et des outre-mer du 1er septembre 2022 portant nomination de M. Christophe LECOMTE, inspecteur de\nclasse exceptionnelle de l'action sanitaire et sociale, en qualit\u00e9 de directeur d\u00e9partemental de l'emploi, du travail et des solidarit\u00e9s de la Manche\n\u00e0 compter du 1er octobre 2022 ;\nVu l'arr\u00eat\u00e9 pr\u00e9fectoral du 29 mars 2021 portant organisation de la direction d\u00e9partementale de l'emploi, du travail et des solidarit\u00e9s ;\nVu l'arr\u00eat\u00e9 du 14 janvier 2022 portant nomination de M. Gr\u00e9gory LABORDE, directeur d\u00e9partemental adjoint de l'emploi, du travail et des\nsolidarit\u00e9s de la Manche ;\nVu l'arr\u00eat\u00e9 pr\u00e9fectoral N\u00b0 2023 - 35 du 21 ao\u00fbt 2023 donnant d\u00e9l\u00e9gation de signature \u00e0 M. Christophe LECOMTE, directeur d\u00e9partemental de\nl'emploi, du travail et des solidarit\u00e9s ;\nArt. 1 : Subd\u00e9l\u00e9gation de signature est donn\u00e9e \u00e0 M. Gr\u00e9gory LABORDE, directeur adjoint de la direction d\u00e9partementale de l'emploi, du travail\net des solidarit\u00e9s \u00e0 l'effet de signer tous actes, d\u00e9cisions, rapports, arr\u00eat\u00e9s, correspondances, documents et mesures de gestion relevant de la\ncomp\u00e9tence de la direction d\u00e9partementale de l'emploi, du travail et des solidarit\u00e9s, selon les annexes jointes, \u00e0 l'exception de :\n1 - des courriers aux parlementaires, au pr\u00e9sident du conseil r\u00e9gional et au pr\u00e9sident du conseil         d\u00e9partemental ;\n2 - des r\u00e9ponses aux courriers r\u00e9serv\u00e9s du pr\u00e9fet et les d\u00e9cisions sur les dossiers faisant l'objet d'une \u00e9vocation par le pr\u00e9fet ;\n3 - des courriers adress\u00e9s aux minist\u00e8res, sauf ceux entrant dans le cadre du fonctionnement administratif courant ;\n4 - des d\u00e9cisions ou arr\u00eat\u00e9s pr\u00e9fectoraux \u00e0 port\u00e9e r\u00e9glementaire ;\n5 - des circulaires, ainsi que des courriers aux maires, pr\u00e9sidents d'\u00e9tablissements publics de coop\u00e9ration intercommunale (EPCI) et pr\u00e9sidents\ndes chambres consulaires faisant part de la position de l'Etat sur une question d'ordre g\u00e9n\u00e9ral ;\n6 - des arr\u00eat\u00e9s pr\u00e9fectoraux portant composition des commissions d\u00e9partementales et les arr\u00eat\u00e9s pr\u00e9fectoraux de d\u00e9signation ;\n7 -  de l'approbation des chartes, protocoles, conventions et sch\u00e9mas d\u00e9partementaux ;\n8  - des conventions, contrats ou chartes de port\u00e9e g\u00e9n\u00e9rale avec une collectivit\u00e9 territoriale ou un EPCI ;\n9 - les d\u00e9cisions ou arr\u00eat\u00e9s pr\u00e9fectoraux suivants :\n- les fermetures, les suspensions d'activit\u00e9, et les suspensions ou retraits d'agr\u00e9ment, des \u00e9tablissements \u00e0 caract\u00e8re, social et associatif ;\n- les agr\u00e9ments d'organismes en vue d'assurer la gestion locative et sociale de r\u00e9sidences sociales ;\n- les agr\u00e9ments d'associations dont l'un des objets est l'insertion ou le logement des personnes d\u00e9favoris\u00e9es ou des associations de d\u00e9fense\ndes personnes en situation d'exclusion pouvant accompagner les m\u00e9nages aupr\u00e8s de la commission de m\u00e9diation ;\n- les d\u00e9cisions d'attribution de subventions ou dotations d'un montant \u00e9gal ou sup\u00e9rieur \u00e0 23 000 \u20ac.\n10 - les d\u00e9clinatoires de comp\u00e9tence et arr\u00eat\u00e9s de conflit r\u00e9gis par la loi du 24 mai 1872 modifi\u00e9e relative au Tribunal des conflits.\nArt. 2 : Subd\u00e9l\u00e9gation de signature est donn\u00e9e aux agents d\u00e9sign\u00e9s ci-apr\u00e8s dans la limite des r\u00e9f\u00e9rences indiqu\u00e9es ci-dessous et figurant dans\nles annexes de la d\u00e9l\u00e9gation de signature du 21 ao\u00fbt 2023 conf\u00e9r\u00e9e \u00e0 M. Christophe LECOMTE, directeur d\u00e9partemental de l'emploi, du travail\net des solidarit\u00e9s, \u00e0 l'exception des sanctions disciplinaires du premier groupe (l'avertissement et le bl\u00e2me) qui demeurent soumises \u00e0 la\nsignature de M. Christophe LECOMTE, directeur M. Gr\u00e9gory LABORDE, directeur-adjoint.\n- Pour le p\u00f4le solidarit\u00e9s actives, \u00e0 Mme Sylvie LEFRANCOIS, inspectrice de l'action sanitaire et sociale, cheffe de p\u00f4le dans les domaines\nrelevant de l'annexe 2. En cas d'absence ou d'emp\u00eachement de la cheffe du p\u00f4le solidarit\u00e9s actives  : les actes de gestion courante concernant\nle conseil de famille des pupilles de l'\u00c9tat et la tutelle, la CCAPEX et le DALO peuvent \u00eatre mis \u00e0 la signature de M. Arnaud MASSE VAN\nROSSEN, attach\u00e9 de l'administration de l'\u00c9tat ;\n- Pour le p\u00f4le \u00e9galit\u00e9 des chances, entreprises et comp\u00e9tences, \u00e0 Mme Perrine BLAY, inspectrice du travail, cheffe de p\u00f4le dans les domaines\nrelevant de l'emploi, formation professionnelle, travail et politique de la ville  ; vis\u00e9s dans les annexes 3, 6 et 7 (\u00e0 compter du 01/09/2023). En\ncas d'absence ou d'emp\u00eachement de la cheffe du p\u00f4le \u00e9galit\u00e9 des chances, entreprises et comp\u00e9tences tous les documents, d\u00e9cisions ou\ncorrespondances peuvent \u00eatre mis \u00e0 la signature de :\n- Mme Nathalie PLAZA \u2013 PETIT, attach\u00e9e principale de l'administration de l'Etat,\n- M. Bruno COLLOMB, directeur adjoint du travail,\n- Mme Pamela GBETI, directrice adjointe du travail,\n- Mme V\u00e9ronique LABICHE, attach\u00e9e principale d'administration de l'\u00c9tat,\n- Mme Aude FORESTIER-GIRARD, attach\u00e9e de l'administration de l'\u00c9tat\n- Mme Ludivine LEJUEZ, charg\u00e9e de mission d\u00e9partementale de l'insertion par l'activit\u00e9 \u00e9conomique, \n- Mme Gwladys ALLENO, charg\u00e9e de mission handicap et insertion par l'emploi.   \nArt. 3 : Toute disposition ant\u00e9rieure est abrog\u00e9e.\nSign\u00e9 : Le directeur d\u00e9partemental de l'emploi, du travail et des solidarit\u00e9s : Christophe LECOMTE\nANNEXE 1 : ADMINISTRATION ET ORGANISATION GENERALE\nToutes les d\u00e9cisions et mesures de gestion des personnels titulaires et non titulaires en application de l'arr\u00eat\u00e9 minist\u00e9riel du 31 mars\n2011 modifi\u00e9 portant  d\u00e9concentration des d\u00e9cisions  relatives \u00e0 la situation individuelle des fonctionnaires  et agents non titulaires\nexer\u00e7ant leur fonction dans les directions d\u00e9partementales interminist\u00e9rielles, y compris les sanctions disciplinaires du premier groupe\n(l'avertissement et le bl\u00e2me).\nSont express\u00e9ment exclus  les actes relatifs \u00e0 la situation individuelle des membres des corps de l'inspection et des contr\u00f4leurs du\ntravail qui rel\u00e8vent du ministre charg\u00e9 du travail et de l'emploi conform\u00e9ment aux dispositions de l'article 5 du d\u00e9cret N\u00b0 2020-1545 du 9\nd\u00e9cembre 2020 relatif \u00e0 l'organisation et aux missions des directions r\u00e9gionales de l'\u00e9conomie, de l'emploi, du travail et des solidarit\u00e9s,\ndes directions d\u00e9partementales de l'emploi, du travail et des solidarit\u00e9s et des directions d\u00e9partementales de l'emploi, du travail, des\nsolidarit\u00e9s et de la protection des populations.\nAffectations \u00e0 des postes de travail des agents, \u00e0 l'exclusion des mutations qui entra\u00eenent un changement de r\u00e9sidence ou une\nmodification de la situation de l'agent int\u00e9ress\u00e9 au sens de l'article 60 de la loi du 11 janvier 1984 susvis\u00e9e.\nFixation des droits acquis par les agents pouvant donner lieu \u00e0 r\u00e9mun\u00e9ration ou \u00e0 indemnisation.\nArr\u00eat\u00e9 de d\u00e9finition des fonctions ouvrant droit \u00e0 l'attribution de points de NBI et d\u00e9termination du nombre de points correspondant \u00e0\nchacune de ces fonctions. Arr\u00eat\u00e9s individuels d'attribution de points d'indice dans le cadre de la nouvelle bonification indiciaire.\nNotation et \u00e9valuation des agents\nTous actes, d\u00e9cisions, rapports, correspondances, documents et mesures de gestion concernant :\n- le r\u00e8glement int\u00e9rieur local\n- le comit\u00e9 technique (CT) et le comit\u00e9 d'hygi\u00e8ne de s\u00e9curit\u00e9 et des conditions de travail (CHSCT)\n- les plans de continuit\u00e9 d'activit\u00e9s et autres plans de pand\u00e9mie\n- les d\u00e9placements des agents (ordres de missions uniquement)\n- la s\u00e9curit\u00e9 du b\u00e2timent sis 1 bis Rue de la Lib\u00e9ration \u00e0 Saint-L\u00f4 (en qualit\u00e9 de chef d'\u00e9tablissement uniquement)\nArr\u00eat\u00e9 pr\u00e9fectoral portant d\u00e9signation des membres du comit\u00e9 social d'administration.\nANNEXE 2 : POLITIQUES SOCIALES\nTous actes, d\u00e9cisions, rapports, correspondances, documents et mesures de gestion concernant :\n- l'h\u00e9bergement \n- les centres d'h\u00e9bergement et de r\u00e9insertion sociale (CHRS)\n- les centres d'accueil des demandeurs d'asile (CADA)\n- les centres provisoires d'h\u00e9bergement (CPH)\n- l'int\u00e9gration des b\u00e9n\u00e9ficiaires de la protection internationale et des primo-arrivants\n- le plan d\u00e9partemental d'action pour le logement et l'h\u00e9bergement des personnes d\u00e9favoris\u00e9es (PDALHPD) et son annexe le sch\u00e9ma\nde la domiciliation\n- le diagnostic partag\u00e9 360\u00b0\n- l'aide m\u00e9dicale \u00e0 titre humanitaire\n- le droit au logement opposable (DALO)\n- la commission d\u00e9partementale de coordination des actions de pr\u00e9ventions des expulsions locatives (CCAPEX)\n- le plan hivernal (ou plan saisonnier)\n- la veille sociale (115, accueil de jour, \u00e9quipes mobiles, service int\u00e9gr\u00e9 de l'accueil et de l'orientation \u2013 SIAO)\n- le logement adapt\u00e9 \u2013 r\u00e9sidences sociales, maisons relais, pensions de famille, interm\u00e9diation locative, l'accompagnement vers et dans\nle logement (AVDL)\n- l'aide sociale\n- le plan \u00ab logement d'abord \u00bb\n- l'aide alimentaire\n- le sch\u00e9ma des services aux familles\n- le conseil de famille et le suivi des pupilles de l'\u00c9tat\n- le conseil m\u00e9dical\n- la protection juridique des majeurs\n- les points conseil budget\n- les contrats pluri-annuels d'objectifs et de moyens (C.P.O.M)\n- la gestion de crises notamment sanitaires ou humanitaires\n- les missions d'inspection, \u00e9valuation et contr\u00f4le (ICE)\nANNEXE 3 : POLITIQUE DE LA VILLE\nTous actes, d\u00e9cisions, rapports, correspondances, documents et mesures de gestion concernant :\n- les subventions ANCT (Politique de la ville)\n- les adultes relais\nANNEXE 4 : DROIT DES FEMMES et EGALITE\nTous actes, d\u00e9cisions, rapports, correspondances, documents de gestion, hors des exceptions mentionn\u00e9es \u00e0 l'article  1 du pr\u00e9sent\narr\u00eat\u00e9\nANNEXE 5 : GREFFE DES ASSOCIATIONS\nTous actes, d\u00e9cisions, rapports, correspondances, documents et mesures de gestion concernant :\n- d\u00e9livrance des r\u00e9c\u00e9piss\u00e9s de cr\u00e9ation, de modification, de dissolution des associations\nANNEXE  6 : EMPLOI ET FORMATION PROFESSIONNELLE\nTous actes, d\u00e9cisions, rapports, correspondances, documents et mesures de gestion concernant :\n- Fonds national de l'Emploi\n- Activit\u00e9 partielle\n- Obligation de revitalisation\n- Travailleurs priv\u00e9s d'emploi\n- Promotion de l'Emploi\n- Travailleurs handicap\u00e9s\n- S.C.O.P\n- Comit\u00e9s de bassin d'emploi\nANNEXE  7 : TRAVAIL\nTous actes, d\u00e9cisions, rapports, correspondances, documents et mesures de gestion concernant :\n- Salaires et cong\u00e9s pay\u00e9s\n- Conseillers du salari\u00e9\n- Repos hebdomadaire et d\u00e9cisions de fermeture\n- M\u00e9dailles du travail\n- Placement priv\u00e9\n- Enfants et jeunes de moins de 18 ans\n- Apprentissage alternance\n- H\u00e9bergement du personnel\n\uf0bf\nArr\u00eat\u00e9 du 24 ao\u00fbt 2023 donnant subd\u00e9l\u00e9gation de signature du directeur d\u00e9partemental de l'emploi, du travail et des solidarit\u00e9s pour\nl'ordonnancement secondaire des recettes et des d\u00e9penses imput\u00e9es sur les programmes cit\u00e9s \u00e0 l'article 1 du pr\u00e9sent arr\u00eat\u00e9 du\nbudget de l'Etat\nVu la loi organique n\u00b0 2001-692 du 1er ao\u00fbt modifi\u00e9e relative aux lois des finances ;\nVu  la loi  n\u00b0  68-1250  du  31  d\u00e9cembre  1968  relative  \u00e0  la prescription  des  cr\u00e9ances  de  l'\u00c9tat,  les  d\u00e9partements,  les  communes  et  les\n\u00e9tablissements publics modifi\u00e9es ;\nVu la loi n\u00b0 82-213 du 2 mars 1982 relative aux droits et libert\u00e9s des communes, des d\u00e9partements et des r\u00e9gions ;\nVu la loi d'orientation n\u00b0 92-125 du 6 f\u00e9vrier 1992 modifi\u00e9e relative \u00e0 l'administration territoriale de la R\u00e9publique ;\nVu le d\u00e9cret n\u00b0 2004-374 du 29 avril 2004 modifi\u00e9 relatif aux pouvoirs des pr\u00e9fets, \u00e0 l'organisation et \u00e0 l'action des services de l'\u00c9tat dans les\nr\u00e9gions et d\u00e9partements ; \nVu le d\u00e9cret n\u00b0 2009-1484 du 3 d\u00e9cembre 2009 relatif aux directions interminist\u00e9rielles modifi\u00e9es par le d\u00e9cret n\u00b0 2020-1050 du 14 ao\u00fbt 2020 et\npar le d\u00e9cret n\u00b0 2020-1545 du 9 d\u00e9cembre 2020 ;\nVu le d\u00e9cret n\u00b0 2012-1246 du 7 novembre 2012 relatif \u00e0 la gestion budg\u00e9taire et comptable publique ;\nVu le d\u00e9cret n\u00b0 2020-99 du 7 f\u00e9vrier 2020 entrant en vigueur le 1er janvier 2021 relatif \u00e0 l'organisation et aux missions des secr\u00e9tariats\ng\u00e9n\u00e9raux communs d\u00e9partementaux ;\nVu le d\u00e9cret N\u00b0 2020-1545 du 9 d\u00e9cembre 2020 relatif \u00e0 l'organisation et aux missions des directions r\u00e9gionales de l'\u00e9conomie, de l'emploi, du\ntravail et des solidarit\u00e9s, des directions d\u00e9partementales de l'emploi, du travail et des solidarit\u00e9s et des directions d\u00e9partementales de l'emploi,\ndu travail, des solidarit\u00e9s et de la protection des populations ;\nVu le d\u00e9cret du 13 juillet 2023 portant nomination de M. Xavier BRUNETIERE, pr\u00e9fet de la Manche ;\nVu l'arr\u00eat\u00e9 du ministre de l'int\u00e9rieur et des outre-mer du 1er septembre 2022 portant nomination de M, Christophe LECOMTE, inspecteur de\nclasse exceptionnelle de l'action sanitaire et sociale, en qualit\u00e9 de directeur d\u00e9partemental de l'emploi, du travail et des solidarit\u00e9s de la Manche\n\u00e0 compter du 1er octobre 2022 ;\nVu l'arr\u00eat\u00e9 du 14 janvier 2022 portant nomination de M. Gr\u00e9gory LABORDE, en qualit\u00e9 de directeur d\u00e9partemental adjoint de l'emploi, du travail\net des solidarit\u00e9s de la Manche ;\nVu l'arr\u00eat\u00e9 pr\u00e9fectoral du 29 mars 2021 portant organisation de la direction d\u00e9partementale de l'emploi, du travail et des solidarit\u00e9s ;\nVu l'arr\u00eat\u00e9 2023 - 84 VN du 23 ao\u00fbt 2023 donnant d\u00e9l\u00e9gation de signature \u00e0 M. Christophe LECOMTE  directeur d\u00e9partemental de l'emploi, du\ntravail et des solidarit\u00e9s pour l'ordonnancement secondaire des recettes et des d\u00e9penses imput\u00e9es sur les programmes cit\u00e9s \u00e0 l'article 1 du\npr\u00e9sent arr\u00eat\u00e9 ;\nArt. 1 : Subd\u00e9l\u00e9gation est donn\u00e9e \u00e0 M. Gr\u00e9gory LABORDE et Mme Sylvie LEFRANCOIS \u00e0 l'effet de proc\u00e9der \u00e0 l'ordonnancement secondaire\ndes recettes et des d\u00e9penses de l'\u00c9tat imput\u00e9es sur titres relevant des programmes cit\u00e9s ci-apr\u00e8s dans le cadre des budgets op\u00e9rationnels de\nprogramme (BOP) suivants :\nLibell\u00e9s des programmes N\u00b0 BOP\nInt\u00e9gration et acc\u00e8s \u00e0 la nationalit\u00e9 fran\u00e7aise 104\nUrbanisme, territoires et am\u00e9lioration de l'habitat 135\nPolitique de la ville 147\nHandicap et d\u00e9pendance 157\nH\u00e9bergement, parcours vers le logement et insertion des personnes\nvuln\u00e9rables\n177\nProtection maladie 183\nImmigration et asile 303\nInclusion sociale et protection des personnes 304\nAdministration territoriale de l'\u00c9tat 354\nCette subd\u00e9l\u00e9gation porte sur l'engagement, la liquidation et l'ordonnancement des d\u00e9penses et sur l'ex\u00e9cution des recettes (constatation des\ndroits et obligations, liquidations des recettes et \u00e9mission des ordres de recouvrement) sous r\u00e9serve de dispositions de l'article 2. Cette\nsubd\u00e9l\u00e9gation est \u00e9galement donn\u00e9e pour opposer la prescription quadriennale aux cr\u00e9anciers.\nArt. 2 : La d\u00e9l\u00e9gation de signature relative au BOP 354, intitul\u00e9 \u00ab  administration territoriale de l'Etat  \u00bb est accord\u00e9e dans la limite du montant\ndes cr\u00e9dits au titre du centre de co\u00fbt et de son p\u00e9rim\u00e8tre d'intervention.\nL'arr\u00eat\u00e9 du 14 juin 2023 est abrog\u00e9.\nCet arr\u00eat\u00e9 doit faire l'objet d'une publication au recueil des actes administratifs de la pr\u00e9fecture. La signature de l'ensemble des personnes\nconcern\u00e9es devra \u00eatre accr\u00e9dit\u00e9e aupr\u00e8s du comptable assignataire.\nArt. 3 : Demeurent r\u00e9serv\u00e9s \u00e0 la signature du pr\u00e9fet, quel qu'en soit le montant :\n- les ordres de r\u00e9quisition du comptable public,\n- la d\u00e9cision de passer outre aux refus de visas ou aux avis d\u00e9favorables de l'autorit\u00e9 charg\u00e9e du contr\u00f4le financier en mati\u00e8re d'engagement\ndes d\u00e9penses.\nArt. 4 : Ces dispositions sont applicables un jour franc apr\u00e8s publication du pr\u00e9sent arr\u00eat\u00e9 au recueil des actes administratifs.\nSign\u00e9 : Le directeur d\u00e9partemental de l'emploi, du travail et des solidarit\u00e9s : Christophe LECOMTE\n\uf0bf\nDIRECTION DEPARTEMENTALE DES TERRITOIRES ET DE LA MER\nArr\u00eat\u00e9 n\u00b0DDTM - CM-S-2023-007 du 25 ao\u00fbt 2023 portant lev\u00e9e de la modification temporaire du classement de salubrit\u00e9 de la zone de\nproduction 50.07 (Saint-Vaast-la-Hougue) pour les coquillages du groupe 3 (bivalves non fouisseurs) et abrogeant l'arr\u00eat\u00e9 pr\u00e9fectoral\nn\u00b0 CM-S-2023-006 du 10 ao\u00fbt 2023\nConsid\u00e9rant les r\u00e9sultats des tests effectu\u00e9s sur des hu\u00eetres (bivalves non fouisseurs - groupe 3) pr\u00e9lev\u00e9s les 16 et 22 ao\u00fbt 2023 dans la zone\nde Saint-Vaast-la-Hougue (zone 50-07), \u00e9mis par le laboratoire d'analyses de la Manche (LABEO 50) les 21 et 24 ao\u00fbt 2023 ;\nConsid\u00e9rant la non persistance de la contamination bact\u00e9rienne ;\nArt. 1 : L'arr\u00eat\u00e9 pr\u00e9fectoral n\u00b0 CM-S-2023-006 du 10 ao\u00fbt 2023 est abrog\u00e9. En cons\u00e9quence, la zone de production de Saint-Vaast-la-Hougue\n(zone 50-07) est reclass\u00e9e en cat\u00e9gorie A pour les coquillages du groupe 3 (bivalves non fouisseurs).\nArt. 2  : Le porter \u00e0 connaissance de cet acte sera r\u00e9alis\u00e9 aupr\u00e8s du comit\u00e9 r\u00e9gional des p\u00eaches  maritimes et des \u00e9levages  marins de\nNormandie (CRPMEM), du comit\u00e9 r\u00e9gional de la conchyliculture Normandie \u2013 Mer du Nord (CRC), du maire de la commune de Saint-Vaast-la-\nHougue et aupr\u00e8s du public par affichage par le maire de la commune sur les sites concern\u00e9s. L'information des professionnels est assur\u00e9e par\nle CRC et par le CRPMEM.\nSign\u00e9 : Pour le Pr\u00e9fet, la Secr\u00e9taire g\u00e9n\u00e9rale de la Pr\u00e9fecture : Perrine SERRE\n\uf0bf\nDIVERS\nDIRM : Direction Interr\u00e9gionale de la mer Manche Est-Mer du Nord\nArr\u00eat\u00e9 n\u00b0 144/2023 du 23 ao\u00fbt 2023 portant subd\u00e9l\u00e9gation de signature du directeur interr\u00e9gional de la mer Manche Est \u2014 mer du\nNord aux personnes plac\u00e9es sous sa responsabilit\u00e9 pour les actes et les d\u00e9cisions en mati\u00e8re de police sanitaire pour les zones de\np\u00eache des pectinid\u00e9s en Manche Est \u2014 mer du Nord\nVu le r\u00e8glement CE/178/2002 du Parlement europ\u00e9en et du Conseil du 28 janvier 2002 modifi\u00e9 \u00e9tablissant les principes g\u00e9n\u00e9raux et les \nprescriptions g\u00e9n\u00e9rales de la l\u00e9gislation alimentaire, instituant l'Autorit\u00e9 europ\u00e9enne de s\u00e9curit\u00e9 des aliments et fixant les proc\u00e9dures relatives \u00e0\nla s\u00e9curit\u00e9 des denr\u00e9es alimentaires ;\nVu le r\u00e8glement CE/853/2004 du Parlement europ\u00e9en et du Conseil du 29 avril 2004 modifi\u00e9 fixant les r\u00e8gles sp\u00e9cifiques d'hygi\u00e8ne applicables \naux denr\u00e9es alimentaires d'origine animale ;\nVu le r\u00e8glement CE/854/2004 du Parlement europ\u00e9en et du Conseil du 29 avril 2004 modifi\u00e9 fixant les r\u00e8gles sp\u00e9cifiques d'organisation des \ncontr\u00f4les officiels concernant les produits d'origine animale destin\u00e9s \u00e0 la consommation humaine ;\nVu le r\u00e8glement (UE) 2017/625 du Parlement europ\u00e9en et du Conseil du 15 mars 2017 concernant les contr\u00f4les officiels et les autres activit\u00e9s \nofficielles servant \u00e0 assurer le respect de la l\u00e9gislation alimentaire et de la l\u00e9gislation relative aux aliments pour animaux ainsi que des r\u00e8gles \nrelatives \u00e0 la sant\u00e9 et au bien-\u00eatre des animaux, \u00e0 la sant\u00e9 des v\u00e9g\u00e9taux et aux produits phytopharmaceutiques, modifiant les r\u00e8glements du \nParlement europ\u00e9en et du Conseil (CE) n\u00b0 999/2001, (CE) n\u00b0 396/2005, (CE) n\u00b0 1069/2009, (CE) n\u00b0 1107/2009, (UE) n\u00b0 1151/2012, (UE) n\u00b0 \n652/2014, (UE) 2016/429 et (UE) 2016/2031, les r\u00e8glements du Conseil (CE) n\u00b0 1/2005 et (CE) n\u00b0 1099/2009 ainsi que les directives du Conseil\n98/58/CE, 1999/74/CE, 2007/43/CE, 2008/119/CE et 2008/120/CE, et abrogeant les r\u00e8glements du Parlement europ\u00e9en et du Conseil (CE) n\u00b0 \n854/2004 et (CE) n\u00b0 882/2004, les directives du Conseil 89/608/CEE, 89/662/CEE, 90/425/CEE, 91/496/CEE, 96/23/CE, 96/93/CE et 97/78/CE \nainsi que la d\u00e9cision 92/438/CEE du Conseil (r\u00e8glement sur les contr\u00f4les officiels)Texte pr\u00e9sentant de l'int\u00e9r\u00eat pour l'EEE ;\nVu le code des relations entre le public et l'administration, notamment son article L.221-2 ;\nVu le code rural et de la p\u00eache maritime, et notamment ses articles R.231-35 et suivants ;\nVu la loi n\u00b0 82-213 du 2 mars 1982 modifi\u00e9e relative aux droits et libert\u00e9s des communes, des d\u00e9partements et des r\u00e9gions ;\nVu la loi d'orientation n\u00b092-125 du 6 f\u00e9vrier 1992 modifi\u00e9e relative \u00e0 l'administration territoriale de la R\u00e9publique ;\nVu le d\u00e9cret n\u00b02004-374 du 29 avril 2004 modifi\u00e9 relatif aux pouvoirs des pr\u00e9fets, \u00e0 l'organisation et \u00e0 l'action des services de l'\u00c9tat dans les \nr\u00e9gions et d\u00e9partements, et notamment son article 29 ;\nVu le d\u00e9cret n\u00b0 2010-130 du 11 f\u00e9vrier 2010 relatif \u00e0 l'organisation et aux missions des directions interr\u00e9gionales de la mer ;\nVu le d\u00e9cret n\u00b02010-429 du 29 avril 2010 relatif \u00e0 l'organisation et aux missions des directions r\u00e9gionales de l'alimentation, de l'agriculture et de\nla for\u00eat ;\nVu le d\u00e9cret n\u00b02015-510 du 7 mai 2015 portant charte de la d\u00e9concentration ;\nVu le d\u00e9cret du 11 janvier 2023 nommant M. Jean-Beno\u00eet ALBERTINI pr\u00e9fet de la r\u00e9gion Normandie, pr\u00e9fet de la Seine-Maritime ;\nVu l'arr\u00eat\u00e9 minist\u00e9riel du 21 ao\u00fbt 2020 portant nomination de Monsieur Herv\u00e9 THOMAS, directeur interr\u00e9gional de la mer Manche-Est \u2013 mer du \nNord, \u00e0 compter du 1er septembre 2020 ;\nVu l'arr\u00eat\u00e9 pr\u00e9fectoral du 2 mai 2018 portant cr\u00e9ation de la d\u00e9l\u00e9gation interservices charg\u00e9e d'assurer la police sanitaire de la p\u00eache des \npectinid\u00e9s pour les zones de p\u00eache non class\u00e9es dans les eaux au large de la fa\u00e7ade maritime Manche-Est \u2013 mer du Nord (DIS Manche \n\u00ab pectinid\u00e9s \u00bb Manche-Est \u2013 mer du Nord) ;\nVu la convention de coop\u00e9ration interservices du 11 d\u00e9cembre 2017 des pr\u00e9fets de la Manche, du Calvados, de la Somme, du Pas-de-Calais, \nde la pr\u00e9f\u00e8te de la r\u00e9gion Normandie, pr\u00e9f\u00e8te de la Seine-Maritime et du pr\u00e9fet de la r\u00e9gion Hauts-de-France, pour la cr\u00e9ation d'une d\u00e9l\u00e9gation \ninterservices charg\u00e9e d'assurer la police sanitaire de la p\u00eache des pectinid\u00e9s pour les zones de p\u00eache non class\u00e9es dans les eaux au large de \nla fa\u00e7ade maritime Manche-Est \u2013 mer du Nord, assur\u00e9e par le directeur interr\u00e9gional de la mer Manche Est \u2013 mer du Nord (DIRM MEMN) ;\nVu les circulaires du Premier ministre n\u00b05316/SG du 7 juillet 2008 et n\u00b05359/SG du 31 d\u00e9cembre 2008, relatives \u00e0 l'organisation de \nl'administration d\u00e9partementale de l'\u00c9tat ;\nVu la circulaire du Premier ministre n\u00b05506/SG du 13 d\u00e9cembre 2010 relative \u00e0 l'application du d\u00e9cret n\u00b02010-146 du 16 f\u00e9vrier 2010 modifiant \nle d\u00e9cret n\u00b02004-374 du 29 avril 2004 relatif aux pouvoirs des pr\u00e9fets, \u00e0 l'organisation et \u00e0 l'action des services de l'\u00c9tat dans les r\u00e9gions et \nd\u00e9partements ;\nVu l'arr\u00eat\u00e9 du pr\u00e9fet du Pas-de-Calais du 10 ao\u00fbt 2022 portant d\u00e9l\u00e9gation de signature \u00e0 M. Herv\u00e9 THOMAS, directeur interr\u00e9gional de la mer \nManche-Est - mer du Nord, \u00e0 l'effet de signer les actes en rapport avec les attributions de la DIS \u00ab pectinid\u00e9s \u00bb Manche-Est \u2014 mer du Nord du \nPas-de-Calais ;\nVu l'arr\u00eat\u00e9 du pr\u00e9fet de la Somme du 24 juillet 2023 portant d\u00e9l\u00e9gation de signature \u00e0 M. Herv\u00e9 THOMAS, directeur interr\u00e9gional de la mer \nManche-Est - mer du Nord, \u00e0 l'effet de signer les actes en rapport avec les attributions de la DIS \u00ab pectinid\u00e9s \u00bb Manche-Est \u2014 mer du Nord de \nla Somme ;\nVu l'arr\u00eat\u00e9 no 23-016 du pr\u00e9fet de la Seine-Maritime du 30 janvier 2023 portant d\u00e9l\u00e9gation de signature \u00e0 M. Herv\u00e9 THOMAS, directeur \ninterr\u00e9gional de la mer Manche-Est - mer du Nord, \u00e0 l'effet de signer les actes en rapport avec les attributions de la DIS \u00ab pectinid\u00e9s \u00bb Manche-\nEst \u2014 mer du Nord de la Seine-Maritime ;\nVu l'arr\u00eat\u00e9 n\u00b0 2023-60-VN du pr\u00e9fet de la Manche du 21 ao\u00fbt 2023 portant d\u00e9l\u00e9gation de signature \u00e0 M. Herv\u00e9 THOMAS, directeur interr\u00e9gional \nde la mer Manche-Est - mer du Nord, \u00e0 l'effet de signer les actes en rapport avec les attributions de la d\u00e9l\u00e9gation interservices \u00ab pectinid\u00e9s \u00bb \nManche-Est \u2014 mer du Nord du d\u00e9partement de la Manche ;\nVu l'arr\u00eat\u00e9 du Pr\u00e9fet du Calvados du 21 ao\u00fbt 2023 portant d\u00e9l\u00e9gation de signature \u00e0 M. Herv\u00e9 THOMAS, Directeur Interr\u00e9gional de la mer\nManche-Est - mer du Nord, \u00e0 l'effet de signer les actes en rapport avec les attributions de la DIS \u00ab pectinid\u00e9s \u00bb Manche-Est - mer du Nord\ndu Calvados ;\nArt 1 : Les d\u00e9l\u00e9gations de signature au directeur interr\u00e9gional de la mer Manche-Est - mer du Nord pour les actes et les d\u00e9cisions en mati\u00e8re de\npolice sanitaire pour les zones de p\u00eache des pectinid\u00e9s en Manche Est \u2014 mer du Nord conf\u00e9r\u00e9es par les arr\u00eat\u00e9s pr\u00e9fectoraux susvis\u00e9s des \npr\u00e9fets des d\u00e9partements du Pas-de-Calais, de la Somme, de la Seine-Maritime, du Calvados et de la Manche sont subd\u00e9l\u00e9gu\u00e9es aux chefs de\nservice suivants de la direction interr\u00e9gionale de la mer :\n- M. S\u00e9bastien ROUX, Adjoint au Directeur Interr\u00e9gional de la Mer\n- Mme Muriel ROUYER, Cheffe du Service Formation et Emploi Maritimes\n- Mme Sophie SANQUER, Directrice Interr\u00e9gionale adjointe de la Mer\nArt 2 : L'arr\u00eat\u00e9 130/2023 du 26 juillet 2023 est abrog\u00e9.\nSign\u00e9 : Le directeur interr\u00e9gional de la Mer Manche Est \u2013 Mer du Nord : Herv\u00e9 THOMAS\n\uf0bf\nDSDEN - Direction des Services D\u00e9partementaux de l'Education Nationale de la Manche\nArr\u00eat\u00e9 n\u00b0 SUSPENSION-PREYNAT/2023 du 24 ao\u00fbt 2023 portant suspension d'exercer quelque fonction que ce soit aupr\u00e8s de\nmineurs accueillis dans le cadre de l'article L.227-4 et suivants du code de l'action sociale et des familles\nArt. 1  : Monsieur Emmanuel PREYNAT, n\u00e9 le 06/05/1991 \u00e0 Le Chesnay, r\u00e9sidant 68 Rue de la Sabli\u00e8re \u2013 42000 SAINT-ETIENNE, est\nsuspendu \u00e0 partir de la date de notification du pr\u00e9sent arr\u00eat\u00e9, de l'exercice de quelque fonction que ce soit aupr\u00e8s des mineurs accueillis dans\nle cadre des dispositions de l'article L.227-4 du code de l'action sociale et des familles, sous peine des sanctions pr\u00e9vues \u00e0 l'article L227-8 de\nce m\u00eame code.\nArt. 2 :Cette mesure est limit\u00e9e \u00e0 six mois sauf si l'int\u00e9ress\u00e9 fait l'objet de poursuites p\u00e9nales. Dans ce cas, la pr\u00e9sente mesure s'applique\njusqu'\u00e0 l'intervention d'une d\u00e9cision d\u00e9finitive rendue par la juridiction comp\u00e9tente. \nSign\u00e9 : Le Pr\u00e9fet : Xavier BRUNETIERE\n\uf0bf\nD\u00e9partement de la Manche - Imprimerie administrative - Directeur de la publication : Mme la Secr\u00e9taire g\u00e9n\u00e9rale","date":"2023-08-25","first_seen_on":"2025-07-18T12:08:27+00:00","id":"3d7542ea9598cc4caf2be0da30fedf31e11c9b62f0c15a09072db9e12160ea87","name":"RAA sp\u00e9cial n\u00b0 72","pdf_creation_date":"2023-08-25T14:32:25+00:00","pdf_modification_date":null,"timezone":"Europe/Paris","url":"https://www.manche.gouv.fr/contenu/telechargement/57443/446012/file/SP%2072.pdf"}
