{"administration":"pref75","administration_name":"Pr\u00e9fecture de Paris","content":"PREFECTURE\nDE PARIS\nRECUEIL DES ACTES\nADMINISTRATIFS SP\u00c9CIAL\nN\u00b075-2024-594\nPUBLI\u00c9 LE 17 SEPTEMBRE 2024\nSommaire\nDirection r\u00e9gionale des affaires culturelles d'Ile-de-France  / Unit\u00e9\nd\u00e9partementale de l'architecture et du patrimoine de Paris\n75-2024-09-17-00001 - Arr\u00eat\u00e9 n\u00b0 2024-181 autorisant l'abattage d'un\narbre mort - d\u00e9pos\u00e9e par la Ville de Paris - Direction des Espaces\nVerts et de l'Environnement  - 9 avenue de la porte d'Auteuil - Site\nclass\u00e9 du Bois de Boulogne - 16\u00e8me arrondissement de Paris\n (2 pages) Page 3\nDirection r\u00e9gionale et interd\u00e9partementale de l'h\u00e9bergement et du\nlogement / Unit\u00e9 d\u00e9partementale de  Paris\n75-2024-09-17-00008 - Arr\u00eat\u00e9 approuvant l'augmentation de capital\nde la soci\u00e9t\u00e9 anonyme d'habitations \u00e0 loyer mod\u00e9r\u00e9  \u00ab RATP\nHABITAT \u00bb\n (2 pages) Page 6\nPr\u00e9fecture de la R\u00e9gion d'Ile de France, Pr\u00e9fecture de Paris  / Service de\nla coordination des affaires parisiennes\n75-2024-09-17-00007 - Arr\u00eat\u00e9 pr\u00e9fectoral accordant \u00e0 la SAS SLINE\nune autorisation pour d\u00e9roger \u00e0 la r\u00e8gle du repos dominical (3 pages) Page 9\nPr\u00e9fecture de Police / Cabinet\n75-2024-09-17-00004 - Arr\u00eat\u00e9 n\u00b02024-01373 modifiant provisoirement\nle stationnement \u00e0 Paris 15\u00e8me le 21 octobre 2024 (4 pages) Page 13\n75-2024-09-17-00003 - Arr\u00eat\u00e9 n\u00b02024-01374 instituant un p\u00e9rim\u00e8tre\nde protection et diff\u00e9rentes mesures de police \u00e0 l'occasion de la\n1\u00e8re journ\u00e9e de la Ligue des Champions de football au Parc des Princes\nle mercredi 18 septembre 2024  (7 pages) Page 18\n75-2024-09-17-00005 - Arr\u00eat\u00e9 n\u00b02024-01375 autorisant la captation,\nl'enregistrement et la transmission d'images au moyen de cam\u00e9ras\ninstall\u00e9es sur des a\u00e9ronefs \u00e0 l'occasion de la 1\u00e8re journ\u00e9e de la\nLigue des Champions de football au Parc des Princes le mercredi 18\nseptembre 2024  (5 pages) Page 26\n2\nDirection r\u00e9gionale des affaires culturelles\nd'Ile-de-France \n75-2024-09-17-00001\nArr\u00eat\u00e9 n\u00b0 2024-181 autorisant l'abattage d'un\narbre mort - d\u00e9pos\u00e9e par la Ville de Paris -\nDirection des Espaces Verts et de\nl'Environnement  - 9 avenue de la porte d'Auteuil\n- Site class\u00e9 du Bois de Boulogne - 16\u00e8me\narrondissement de Paris\nDirection r\u00e9gionale des affaires culturelles d'Ile-de-France  - 75-2024-09-17-00001 - Arr\u00eat\u00e9 n\u00b0 2024-181 autorisant l'abattage d'un arbre\nmort - d\u00e9pos\u00e9e par la Ville de Paris - Direction des Espaces Verts et de l'Environnement  - 9 avenue de la porte d'Auteuil - Site class\u00e9\ndu Bois de Boulogne - 16\u00e8me arrondissement de Paris3\nE 3\nPR\u00c9FET  .\nDE LA R\u00c9GION\nD'\u00ceLE-DE-FRANCE\nLibert\u00e9\nEgalit\u00e9\nFraternit\u00e9\n \n \n47, rue Le Peletier \u2013 75009 PARIS \nT\u00e9l. : 01.56.06.50.00 \n1  \n   Direction r\u00e9gionale \n                  des affaires culturelles \n                  d'\u00cele-de-France  \n \n \n       Unit\u00e9 d\u00e9partementale de l'architecture  \n                                    et du patrimoin e de Paris \n \n \nPR\u00c9FET DE LA REGION D'\u00ceLE DE FRANCE \n                            PR\u00c9FET DE PARIS  \n \nARR\u00caT\u00c9 N\u00b0 2024 - 181 \n \n \nPortant approbation \u00e0 la d\u00e9claration pr\u00e9alable de t ravaux N\u00b0 075 116 24 V0492,  \nd\u00e9pos\u00e9e par la Ville de Paris \u2013 Direction des Espac es Verts et de l'Environnement (DEVE), \nvisant des travaux sur le domaine public  : abattage d'un arbre mort. \nIl sera remplac\u00e9 par un jeune sujet d'essence simil aire lors de la plantation 2024/2025 \nsis 9 avenue de la porte d'Auteuil \nsitu\u00e9s dans le site class\u00e9 du Bois de Boulogne dans  le 16 \u00e8me  arrondissement de Paris \n \n \nVu le code de l'environnement et notamment ses arti cles L. 341-7 et L. 341-10  ; \n \nVu le code de l'urbanisme et notamment ses articles  R. 421-7 \u00e0 R. 421-12  ; \n \nVu l'arr\u00eat\u00e9 n\u00b02023-078 \u2013 75-2023-09-15-00004 du 15/ 09/2023 de Monsieur Laurent Roturier, Directeur R\u00e9g ional \ndes Affaires culturelles d'\u00cele-de-France (DRAC), po rtant subd\u00e9l\u00e9gation de signature \u00e0 Monsieur Fr\u00e9d\u00e9ri c Masviel, \nchef de l'unit\u00e9 d\u00e9partementale de l'architecture et  du patrimoine de Paris, en mati\u00e8re d'espaces prot\u00e9 g\u00e9s, \narticles R.341-10 et 11 du code de l'environnement  ; \n \nVu la d\u00e9claration pr\u00e9alable de travaux (DP) N\u00b0 075 116 24 V0492, d\u00e9pos\u00e9e par la Ville de Paris - DEVE,  visant des \ntravaux sur le domaine public  : abattage d'un arbre mort. Il sera remplac\u00e9 par un  jeune sujet d'essence similaire \nlors de la plantation 2024/2025, sis 9 avenue de la  porte d'Auteuil situ\u00e9s dans le site class\u00e9 du Bois  de Boulogne \ndans le 16 \u00e8me  arrondissement de Paris ; \n \nVu la transmission de la DP N\u00b0 075 116 24 V0492, vi sant des travaux sur le domaine public  : abattage d'un arbre \nmort. Il sera remplac\u00e9 par un jeune sujet d'essence  similaire lors de la plantation 2024/2025  ; sis 9 avenue de la \nporte d'Auteuil, situ\u00e9s dans le site class\u00e9 du Bois  de Boulogne dans le 16 \u00e8me  arrondissement de Paris par la \nDirection de l'Urbanisme de la Ville de Paris en da te du 02/08/2024; \n \nVu l'avis favorable de l'architecte des b\u00e2timents d e France en date du 26/08/2024. \n \n \nARR\u00caTE \n \n \nARTICLE 1 er  : Les travaux li\u00e9s \u00e0 la DP N\u00b0 075 116 24 V0492, d\u00e9pos \u00e9e par la Ville de Paris - DEVE, visant des travaux  \nsur le domaine public  : abattage d'un arbre mort. Il sera remplac\u00e9 par un  jeune sujet d'essence similaire lors de \nla plantation 2024/2025, sis 9 avenue de la porte d 'Auteuil, situ\u00e9s dans le site class\u00e9 du Bois de Bou logne dans le \n16 \u00e8me  arrondissement de Paris sont autoris\u00e9s. \n \nDirection r\u00e9gionale des affaires culturelles d'Ile-de-France  - 75-2024-09-17-00001 - Arr\u00eat\u00e9 n\u00b0 2024-181 autorisant l'abattage d'un arbre\nmort - d\u00e9pos\u00e9e par la Ville de Paris - Direction des Espaces Verts et de l'Environnement  - 9 avenue de la porte d'Auteuil - Site class\u00e9\ndu Bois de Boulogne - 16\u00e8me arrondissement de Paris4\n \n \n47, rue Le Peletier \u2013 75009 PARIS \nT\u00e9l. : 01.56.06.50.00 \n2 ARTICLE 2  : Le pr\u00e9fet de Paris, pr\u00e9fet de la r\u00e9gion d'\u00cele de F rance et le Chef de l'Unit\u00e9 D\u00e9partementale de \nl'Architecture et du Patrimoine de Paris sont charg \u00e9s, chacun en ce qui le concerne, de l'ex\u00e9cution du  pr\u00e9sent \narr\u00eat\u00e9 qui sera publi\u00e9 au recueil des actes adminis tratifs de la pr\u00e9fecture de r\u00e9gion d'\u00cele-de-France.  \n \n \n \n \n \n \nFait \u00e0 Paris, le 17 septembre 2024 \n \nPour le Pr\u00e9fet de la R\u00e9gion d'\u00cel-de-France,  \nPr\u00e9fet de Paris \net par subd\u00e9l\u00e9gation, \nle Chef de l'unit\u00e9 d\u00e9partementale \nde l'architecture et du patrimoine de Paris \n \nSign\u00e9 \n \nFr\u00e9d\u00e9ric MASVIEL \n \n \n \n \n \n \n \n \nInformations importantes \n\u2022 Le pr\u00e9sent arr\u00eat\u00e9 est d\u00e9livr\u00e9 sans pr\u00e9judice du dro it des tiers (obligations contractuelles, servitude s de \ndroit priv\u00e9, etc\u2026) \n\u2022 L'autorisation est sous r\u00e9serve de l'obtention de l 'accord du propri\u00e9taire de l'immeuble. \n\u2022 Recours  : le titulaire de la pr\u00e9sente d\u00e9cision, qui d\u00e9sire la contester, peut saisir le tribunal administratif  \ncomp\u00e9tent, d'un recours contentieux dans les 2 mois  \u00e0 partir de la notification de l'arr\u00eat\u00e9 attaqu\u00e9. I l peut \n\u00e9galement saisir le pr\u00e9fet d'un recours gracieux. C ette derni\u00e8re d\u00e9marche prolonge le d\u00e9lai du recours  \ncontentieux qui doit, alors, \u00eatre introduit dans le s 2 mois suivant la r\u00e9ponse (l'absence de r\u00e9ponse a u terme \nd'un d\u00e9lai de 4 mois vaut rejet implicite). \n \n \n \n \n \n \n \n \n \n Direction r\u00e9gionale des affaires culturelles d'Ile-de-France  - 75-2024-09-17-00001 - Arr\u00eat\u00e9 n\u00b0 2024-181 autorisant l'abattage d'un arbre\nmort - d\u00e9pos\u00e9e par la Ville de Paris - Direction des Espaces Verts et de l'Environnement  - 9 avenue de la porte d'Auteuil - Site class\u00e9\ndu Bois de Boulogne - 16\u00e8me arrondissement de Paris5\nDirection r\u00e9gionale et interd\u00e9partementale de\nl'h\u00e9bergement et du logement\n75-2024-09-17-00008\nArr\u00eat\u00e9 approuvant l'augmentation de capital de\nla soci\u00e9t\u00e9 anonyme d'habitations \u00e0 loyer mod\u00e9r\u00e9\n \u00ab RATP HABITAT \u00bb\nDirection r\u00e9gionale et interd\u00e9partementale de l'h\u00e9bergement et du logement - 75-2024-09-17-00008 - Arr\u00eat\u00e9 approuvant\nl'augmentation de capital de la soci\u00e9t\u00e9 anonyme d'habitations \u00e0 loyer mod\u00e9r\u00e9  \u00ab RATP HABITAT \u00bb 6\nPREFET\nDE PARIS\nLibert\u00e9\nEgalit\u00e9\nFraternit\u00e9Direction  r\u00e9gionale\net interd\u00e9partementale\nde l'H\u00e9bergement\net du Logement\nDrihl\nUNITE  DEPARTEMENTALE\nPARIS\n \n   \n \n \nPr\u00e9fecture de la r\u00e9gion d'\u00cele-de-France, pr\u00e9fecture  de Paris \n5, rue Leblanc 75 911 Paris Cedex 15 |  Standard : 01 82 52 40 00 \nSite internet : https://www.prefectures-regions.gou v.fr/ile-de-france \n \n \n \nARR\u00caT\u00c9 \n \napprouvant l'augmentation de capital de la soci\u00e9t\u00e9 anonyme d'habitations \u00e0 loyer mod\u00e9r\u00e9 \n \u00ab RATP HABITAT \u00bb \n \n \nLe pr\u00e9fet de la r\u00e9gion d'\u00cele-de-France, \nPr\u00e9fet de Paris, \nCommandeur de la L\u00e9gion d'honneur, \nOfficier de l'ordre national du M\u00e9rite \n \n \n \n \nVu le code de commerce, notamment son article L. 22 5-127 ; \n \nVu le code de la construction et de l'habitation, n otamment son article R. 422-1, et son annexe 18 (co mposition \net modification du capital social) ; \n \nVu l'arr\u00eat\u00e9 du 4 mars 2022 portant renouvellement d e l'agr\u00e9ment de la soci\u00e9t\u00e9 anonyme d'habitations \u00e0 loyer \nmod\u00e9r\u00e9 RATP HABITAT ; \n \nVu l'extrait de proc\u00e8s-verbal de l'assembl\u00e9e g\u00e9n\u00e9ra le mixte et de l'assembl\u00e9e g\u00e9n\u00e9rale des porteurs de  titres du \n13 juin 2024 de la SA d'HLM \u00ab RATP HABITAT \u00bb statua nt sur une augmentation de capital ; \n \nVu l'extrait de la d\u00e9lib\u00e9ration du conseil d'admini stration du 25 avril 2024 ; \n \nVu les statuts modifi\u00e9s \u00e0 l'article 6 \u00ab composition  et modification du capital social \u00bb et \u00e0 l'article  21 \u00ab admission \naux assembl\u00e9es \u2013 voix \u00bb adopt\u00e9s lors de l'assembl\u00e9e  g\u00e9n\u00e9rale mixte du 13 juin 2024 ; \n \nVu l'attestation notari\u00e9e de souscription et de ver sement du 29 juillet 2024 \u00e9tablie lors de l'augment ation de \ncapital par le cabinet \u00ab 14 Pyramides Notaires \u00bb ; \n \nVu la liste des actionnaires de la soci\u00e9t\u00e9 anonyme d'HLM \u00ab RATP HABITAT \u00bb avant et apr\u00e8s augmentation du \ncapital en date du 24 juillet 2024 ; \n \nConsid\u00e9rant que l'instruction des pi\u00e8ces vers\u00e9es au  dossier n'appelle aucune observation ; \n \n \n \n \n \n  \n \n \n \n \n \n \n \n Direction r\u00e9gionale et interd\u00e9partementale de l'h\u00e9bergement et du logement - 75-2024-09-17-00008 - Arr\u00eat\u00e9 approuvant\nl'augmentation de capital de la soci\u00e9t\u00e9 anonyme d'habitations \u00e0 loyer mod\u00e9r\u00e9  \u00ab RATP HABITAT \u00bb 7\n \n2  \n \n \n \n \n \n \nARRETE  \n \n \nArticle 1er : Est approuv\u00e9e, au titre de la l\u00e9gisla tion sur les habitations \u00e0 loyer mod\u00e9r\u00e9, l'augmenta tion de capital \nde la soci\u00e9t\u00e9 anonyme d'HLM \u00ab RATP HABITAT \u00bb par un  apport en num\u00e9raire d'un montant de 1 702 182,40 \neuros. Le capital social de la soci\u00e9t\u00e9 anonyme d'HL M \u00ab RATP HABITAT \u00bb est en cons\u00e9quence, port\u00e9 de \n38 912 008 \u20ac \u00e0 40 614 190,40 \u20ac, par l'\u00e9mission de 1  063 864 actions nouvelles de 1,60 euros chacune. \n \nArticle 2 : Le pr\u00e9fet de la r\u00e9gion d'\u00cele-de-France,  pr\u00e9fet de Paris et le directeur r\u00e9gional et interd \u00e9partemental de \nl'h\u00e9bergement et du logement d'\u00cele-de-France, sont charg\u00e9s de l'ex\u00e9cution du pr\u00e9sent arr\u00eat\u00e9 qui sera p ubli\u00e9 au \nrecueil des actes administratifs de la pr\u00e9fecture d e la r\u00e9gion d'\u00cele-de-France, pr\u00e9fecture de Paris. \n \nFait \u00e0 Paris, le 17 septembre 2024 \n \n \n \nPour le pr\u00e9fet de la r\u00e9gion d'\u00cele-de-France, pr\u00e9fet  de Paris, et \npar d\u00e9l\u00e9gation, l'adjointe au directeur r\u00e9gional et  \ninterd\u00e9partemental adjoint de l'h\u00e9bergement et du l ogement de \nla r\u00e9gion \u00cele-de-France, directeur de l'unit\u00e9 d\u00e9par tementale de \nParis \n \n \nSIGN\u00c9  \n \n \n \nRosaline FOUQUEREAU \n Direction r\u00e9gionale et interd\u00e9partementale de l'h\u00e9bergement et du logement - 75-2024-09-17-00008 - Arr\u00eat\u00e9 approuvant\nl'augmentation de capital de la soci\u00e9t\u00e9 anonyme d'habitations \u00e0 loyer mod\u00e9r\u00e9  \u00ab RATP HABITAT \u00bb 8\nPr\u00e9fecture de la R\u00e9gion d'Ile de France,\nPr\u00e9fecture de Paris \n75-2024-09-17-00007\nArr\u00eat\u00e9 pr\u00e9fectoral accordant \u00e0 la SAS SLINE une\nautorisation pour d\u00e9roger \u00e0 la r\u00e8gle du repos\ndominical\nPr\u00e9fecture de la R\u00e9gion d'Ile de France, Pr\u00e9fecture de Paris  - 75-2024-09-17-00007 - Arr\u00eat\u00e9 pr\u00e9fectoral accordant \u00e0 la SAS SLINE une\nautorisation pour d\u00e9roger \u00e0 la r\u00e8gle du repos dominical 9\nPREFET\nDE PARIS\nLibert\u00e9\nEgalit\u00e9\nFraternit\u00e9\nCabinet  \nService de la coordination des affaires parisiennes  \nBureau des \u00e9lections, du m\u00e9c\u00e9nat et de la r\u00e9glement ation \u00e9conomique  \n \nTel : 01 82 52 40 00 \nMel: pref-reglementationeconomique@paris.gouv.fr  \n5 rue Leblanc -75911 Paris cedex 15 \n  1/3             \n      \nArr\u00eat\u00e9 pr\u00e9fectoral accordant \u00e0 la SAS SLINE \n     une autorisation pour d\u00e9roger \u00e0 la r\u00e8gle du re pos dominical \n \nLe Pr\u00e9fet de la r\u00e9gion d'\u00cele-de-France, pr\u00e9fet de P aris, \nCommandeur de la L\u00e9gion d'honneur, \nOfficier de l'ordre national du M\u00e9rite, \n \n \nVu le Code du travail, et notamment la troisi\u00e8me pa rtie, livre 1 er , les articles L. 3132-3, L. 3132-20,            \nL. 3132-25-3, L. 3132-25-4 et R. 3132-16  ; \n \nVu la demande pr\u00e9sent\u00e9e par la SAS SLINE, dont le s i\u00e8ge social est situ\u00e9 50 rue de la Bo\u00e9tie \u00e0       \nParis 8 e, sollicitant, en application des articles pr\u00e9cit\u00e9s , l'autorisation d'accorder le repos \nhebdomadaire du dimanche apr\u00e8s-midi au lundi midi \u00e0  tout ou partie du personnel salari\u00e9 de son \n\u00e9tablissement charg\u00e9, en t\u00e9l\u00e9travail \u00e0 domicile, de  missions d'astreintes pouvant donner lieu \u00e0 des \nmissions ponctuelles le dimanche ; \n \nVu la demande adress\u00e9e \u00e0 la Ville de Paris aux fins  de consultation du conseil de Paris et en \nl'absence de r\u00e9ponse  ; \n \nVu la r\u00e9ponse du pr\u00e9sident de la M\u00e9tropole du Grand  Paris aux fins de consultation du Conseil de la \nM\u00e9tropole du Grand Paris qui laisse courir un avis conforme ; \nVu l'avis favorable de la Chambre de commerce et d' industrie d\u00e9partementale de Paris  ; \n \nVu l'avis favorable du Mouvement des entreprises de  France \u2013 MEDEF  ; \n \nVu l'avis favorable de l'Union d\u00e9partementale UNSA de Paris  ; \n \nVu l'avis d\u00e9favorable de la F\u00e9d\u00e9ration nationale du  personnel de l'encadrement des soci\u00e9t\u00e9s de \nservice Informatique, des Etudes, du Conseil et de l'Ing\u00e9nierie  ;  \n \nEn l'absence de r\u00e9ponse de la Chambre de m\u00e9tiers et  de l'artisanat de Paris  ; \n \nEn l'absence de r\u00e9ponse de l'Union d\u00e9partementale F O de Paris  ; \n \nEn l'absence de r\u00e9ponse du Syndicat BETOR PUB - CFD T  ;  \n \nEn l'absence de r\u00e9ponse de la F\u00e9d\u00e9ration CINOV  ; \n \nEn l'absence de r\u00e9ponse du Syndicat SICSTI CFTC \u2013 S ection ing\u00e9nierie et services  ; \n \nEn l'absence de r\u00e9ponse du Syndicat national de l'E ncadrement des Soci\u00e9t\u00e9s de services \ninformatiques \u2013 SNEPSSI  ; \n \nEn l'absence de r\u00e9ponse du Syndicat SYNTEC ETUDES  ; \n \nEn l'absence de r\u00e9ponse de l'Union d\u00e9partementale C FTC de Paris  ; \n Pr\u00e9fecture de la R\u00e9gion d'Ile de France, Pr\u00e9fecture de Paris  - 75-2024-09-17-00007 - Arr\u00eat\u00e9 pr\u00e9fectoral accordant \u00e0 la SAS SLINE une\nautorisation pour d\u00e9roger \u00e0 la r\u00e8gle du repos dominical 10\n \n \nTel : 01 82 52 40 00 \nMel: pref-reglementationeconomique@paris.gouv.fr  2 /3 \n5 rue Leblanc -75911 Paris cedex 15 \n En l'absence de r\u00e9ponse de l'Union d\u00e9partementale C GT de Paris  ; \n \nEn l'absence de r\u00e9ponse de l'Union d\u00e9partementale S OLIDAIRES de Paris  ; \n \nConsid\u00e9rant que la SAS SLINE a pour activit\u00e9 princi pale le d\u00e9veloppement, l'exploitation et la \ncommercialisation de sites Internet et d'outils log iciels \u00e0 destination des particuliers, des \nprofessionnels et des entreprises aux fins de leur offrir un service de locations de biens  ; \n \nConsid\u00e9rant que la SAS SLINE \u00e9dite une solution log icielle pour laquelle certaines entreprises \nclientes exigent contractuellement un support en li gne, technique (r\u00e9solution de bug informatique) \net commercial (service apr\u00e8s-vente)  ; \n \nConsid\u00e9rant que l'entreprise de commerce FNAC est u n client majeur de la SAS SLINE  ; \n \nConsid\u00e9rant que l'entreprise de commerce FNAC pr\u00e9vo it d'utiliser la solution logicielle de la          \nSAS SLINE dans le but de proposer \u00e0 ses clients ses  produits High Tech \u00e0 la location  ; \n \nConsid\u00e9rant que de nombreux magasins FNAC ouvrent l es dimanches car \u00e9tant situ\u00e9s en zones \ntouristiques internationales ou dans les a\u00e9rogares  ; \n \nConsid\u00e9rant que l'enseigne FNAC impose \u00e0 la SAS SLI NE un haut niveau de service durant ses \nplages horaires d'ouverture tous les jours de la se maine, y compris les dimanches, pour  : \n\uf0a7 corriger sans d\u00e9lai les bugs techniques impactant l a bonne r\u00e9alisation du parcours de \nsouscription des locations, \n\uf0a7 r\u00e9pondre par t\u00e9l\u00e9phone aux questions pouvant \u00eatre p os\u00e9es par les vendeurs de la FNAC, \npour le service de ses clients, quant \u00e0 l'utilisati on du logiciel propos\u00e9  ; \n \nConsid\u00e9rant, en cons\u00e9quence, que la SAS SLINE pr\u00e9vo it de faire travailler ses salari\u00e9s les dimanches, \npour des interventions ponctuelles  ; \n \nConsid\u00e9rant, dans ces conditions, que le repos simu ltan\u00e9, les dimanches, du personnel porterait \natteinte au fonctionnement normal de l'entreprise d emanderesse si elle n'\u00e9tait pas en mesure \nd'effectuer la mission pour laquelle elle a \u00e9t\u00e9 man dat\u00e9e et serait \u00e9galement pr\u00e9judiciable au public, \nen l'occurrence les clients de la FNAC  ; \n \nConsid\u00e9rant que la SAS SLINE a fourni, dans sa dema nde de d\u00e9rogation, les garanties n\u00e9cessaires en \ntermes de salaire et de repos compensateur  ; \n \nConsid\u00e9rant que les salari\u00e9s volontaires pour trava iller les dimanches, ont donn\u00e9 leur accord par \n\u00e9crit, conform\u00e9ment \u00e0 l'article L. 3132-25-4 du Cod e du travail  ; \n \nA R R E T E  : \n \nARTICLE 1er  : La SAS SLINE est autoris\u00e9e \u00e0 accorder le repos heb domadaire du dimanche         \napr\u00e8s-midi au lundi midi \u00e0 tout ou partie du person nel salari\u00e9 de son \u00e9tablissement charg\u00e9, en \nt\u00e9l\u00e9travail \u00e0 domicile, de missions d'astreintes po uvant donner lieu \u00e0 des missions ponctuelles le \ndimanche. \n \nARTICLE 2  : La pr\u00e9sente autorisation est d\u00e9livr\u00e9e  pour une dur\u00e9e de trois ans \u00e0 compter de la date \ndu pr\u00e9sent arr\u00eat\u00e9.  \n \nARTICLE 3  : Cette autorisation ne permet pas de d\u00e9roger \u00e0 l'a rticle L. 3132-1 du Code du travail qui \ndispose qu'  \u00ab il est interdit de faire travailler un m\u00eame salari\u00e9  plus de six jours par semaine  \u00bb. Pr\u00e9fecture de la R\u00e9gion d'Ile de France, Pr\u00e9fecture de Paris  - 75-2024-09-17-00007 - Arr\u00eat\u00e9 pr\u00e9fectoral accordant \u00e0 la SAS SLINE une\nautorisation pour d\u00e9roger \u00e0 la r\u00e8gle du repos dominical 11\n \nTel : 01 82 52 40 00 \nMel: pref-reglementationeconomique@paris.gouv.fr  3 /3 \n5 rue Leblanc -75911 Paris cedex 15 \n ARTICLE 4  : Le pr\u00e9sent arr\u00eat\u00e9 peut faire l'objet d'un recours c ontentieux, aupr\u00e8s du tribunal \nadministratif de Paris, dans le d\u00e9lai de deux mois,  \u00e0 compter de sa notification. Il peut \u00e9galement, \ndans le m\u00eame d\u00e9lai, faire l'objet d'un recours grac ieux aupr\u00e8s du pr\u00e9fet de la r\u00e9gion d'\u00cele-de-France,  \npr\u00e9fet de Paris et/ou d'un recours hi\u00e9rarchique aup r\u00e8s de la ministre du travail, de la sant\u00e9 et de la  \nsolidarit\u00e9. Le recours gracieux et/ou hi\u00e9rarchique prolonge le d\u00e9lai de recours contentieux qui doit \nalors \u00eatre introduit dans les deux mois suivant la d\u00e9cision implicite ou explicite de l'autorit\u00e9 \ncomp\u00e9tente (le silence de l'administration pendant un d\u00e9lai de deux mois valant d\u00e9cision implicite \nde rejet).  \nARTICLE 5  : Le pr\u00e9fet, directeur de cabinet du pr\u00e9fet de la r \u00e9gion d'\u00cele-de-France, pr\u00e9fet de Paris et \nle directeur de l'unit\u00e9 d\u00e9partementale de Paris de la direction r\u00e9gionale et interd\u00e9partementale de \nl'\u00e9conomie, de l'emploi, du travail et des solidari t\u00e9s (DRIEETS)  sont charg\u00e9s, chacun en ce qui le \nconcerne, de l'ex\u00e9cution du pr\u00e9sent arr\u00eat\u00e9, qui ser a notifi\u00e9 \u00e0 la SAS SLINE et publi\u00e9 au recueil des \nactes administratifs de la pr\u00e9fecture de la r\u00e9gion d'\u00cele-de-France, pr\u00e9fecture de Paris, accessible su r \nle site internet  : http://www.prefectures-regions.gouv.fr/ile-de-franc e . \n \n                             \n \n                     Fait \u00e0 Paris, le 17 septembre 2024  \n \n                           \n   \n        Pour le Pr\u00e9fet, et par d\u00e9l\u00e9gation, \nLe Directeur adjoint de cabinet \n du Pr\u00e9fet de la r\u00e9gion d'Ile-de-France, Pr\u00e9fet de Paris, \nSIGN\u00c9 \n     Marc ZARROUATI \n \n \n   \n           \n Pr\u00e9fecture de la R\u00e9gion d'Ile de France, Pr\u00e9fecture de Paris  - 75-2024-09-17-00007 - Arr\u00eat\u00e9 pr\u00e9fectoral accordant \u00e0 la SAS SLINE une\nautorisation pour d\u00e9roger \u00e0 la r\u00e8gle du repos dominical 12\nPr\u00e9fecture de Police\n75-2024-09-17-00004\nArr\u00eat\u00e9 n\u00b02024-01373 modifiant provisoirement le\nstationnement \u00e0 Paris 15\u00e8me le 21 octobre 2024\nPr\u00e9fecture de Police - 75-2024-09-17-00004 - Arr\u00eat\u00e9 n\u00b02024-01373 modifiant provisoirement le stationnement \u00e0 Paris 15\u00e8me le 21\noctobre 2024 13\nPREFECTURE\nDE POLICE\nLibert\u00e9\nEgalit\u00e9\nFraternit\u00e9niU\na\nCABINET DU PREFET\nParis, le 17 septembre 2024\nARRETE N\u00b02024-01373\nmodifiant provisoirement le stationnement\n\u00e0 Paris 15\u00e8me le 21 octobre 2024\nLE PREFET DE POLICE\nVu le code g\u00e9n\u00e9ral des collectivit\u00e9s territoriales, notamment ses articles L.2512-13 et\nL.2512-14\u00a0;\nVu  le  code  de  la  route,  notamment  ses  articles  L.325-1  \u00e0  L.325-3,  R.411-8  et\nR.411-25 ;\nVu l'avis de la Ville de Paris en date du 10 septembre 2024 ;\nConsid\u00e9rant le tournage de la s\u00e9rie t\u00e9l\u00e9vis\u00e9e \u00ab NADIE NOS VIO PARTIR \u00bb le 21 octobre\n2024 \u00e0 Paris 15\u00e8me ;\nConsid\u00e9rant que pour garantir le bon d\u00e9roulement de ce tournage, il convient de\nmodifier les r\u00e8gles de stationnement \u00e0 Paris 15\u00e8me ;\nSur proposition du directeur de l'ordre public et de la circulation \u00a0:\nARRETE\nArticle 1  er     \nLe stationnement de tout type de v\u00e9hicule est interdit  le 21 octobre 2024, entre\n08h00 et 22h00 dans les portions de voies suivantes \u00e0 Paris 15\u00e8me :\n-rue Valentin Ha\u00fcy, du n\u00b08 au n\u00b018 et du n\u00b05 au n\u00b015 \u00a0;\n-rue Bouchut, du n\u00b06 au n\u00b08 et du n\u00b05 au n\u00b07 \u00a0; \n-rue C\u00e9sar Franck, du n\u00b04 au n\u00b08 et du n\u00b03 au n\u00b05 .\nArticle 2\nLes dispositions du pr\u00e9sent arr\u00eat\u00e9 ne sont pas applicables aux v\u00e9hicules d'int\u00e9r\u00eat\ng\u00e9n\u00e9ral prioritaires au sens des dispositions de l'article R.311-1 6.5 du code de la route.\nArticle 3\nSans  pr\u00e9judice  des  sanctions  p\u00e9nales  auxquelles  s'exposent  les  personnes  en\ninfraction avec les dispositions du pr\u00e9sent arr\u00eat\u00e9, les v\u00e9hicules ayant servi \u00e0 commettrePr\u00e9fecture de Police - 75-2024-09-17-00004 - Arr\u00eat\u00e9 n\u00b02024-01373 modifiant provisoirement le stationnement \u00e0 Paris 15\u00e8me le 21\noctobre 2024 14\nces infractions peuvent \u00eatre immobilis\u00e9s et mis en fourri\u00e8re dans les conditions pr\u00e9vues\naux articles L.325-1 \u00e0 L.325-3 du code de la route.\n2024-01373Pr\u00e9fecture de Police - 75-2024-09-17-00004 - Arr\u00eat\u00e9 n\u00b02024-01373 modifiant provisoirement le stationnement \u00e0 Paris 15\u00e8me le 21\noctobre 2024 15\nArticle 4\nLe directeur de l'ordre public et de la circulation, la directrice de la s\u00e9curit\u00e9 de\nproximit\u00e9 de l'agglom\u00e9ration parisienne de la Pr\u00e9fecture de Police, le directeur de la\nvoirie et des d\u00e9placements et le directeur de la police municipale et de la pr\u00e9vention de\nla Ville de Paris sont charg\u00e9s, chacun en ce qui le concerne, de l'ex\u00e9cution du pr\u00e9sent\narr\u00eat\u00e9 qui sera publi\u00e9 au recueil des actes administratifs de la pr\u00e9fecture de la r\u00e9gion\nd'\u00cele-de-France, pr\u00e9fecture de Paris et de la pr\u00e9fecture de police et sur le site internet de\nla pr\u00e9fecture de police de Paris \u00a0: www.prefecturedepolice.interieur.gouv.fr . Ces mesures\nprendront  effet  apr\u00e8s  leur  publication  et  d\u00e8s  la  mise  en  place  de  la  signalisation\ncorrespondante.\nPour le pr\u00e9fet de police,\nLa sous-pr\u00e9f\u00e8te\nDirectrice adjointe du cabinet\nSign\u00e9\nElise LAVIELLE\n2024-01373Pr\u00e9fecture de Police - 75-2024-09-17-00004 - Arr\u00eat\u00e9 n\u00b02024-01373 modifiant provisoirement le stationnement \u00e0 Paris 15\u00e8me le 21\noctobre 2024 16\nAnnexe \u00e0 l'arr\u00eat\u00e9 n\u00b02024-01373 du 17 septembre 2024 \nVOIES ET DELAIS DE RECOURS\n_______________________\nSi vous estimez devoir contester la pr\u00e9sente d\u00e9cision, il vous est possible, dans un d\u00e9lai de\ndeux mois \u00e0 compter de la date de sa publication \u00a0:\n-soit de saisir d'un RECOURS GRACIEUX\nle Pr\u00e9fet de Police\n7/9, boulevard du Palais - 75195 PARIS RP\n-ou de former un RECOURS HIERARCHIQUE\n  aupr\u00e8s du Ministre de l'int\u00e9rieur et des outre-mer\n  Direction des libert\u00e9s publiques et des affaires juridiques\n  place Beauvau - 75008 PARIS\n-soit de saisir d'un RECOURS CONTENTIEUX\nle Tribunal administratif comp\u00e9tent\nAucune de ces voies et recours ne suspend l'application de la pr\u00e9sente d\u00e9cision.\nLes recours GRACIEUX et HIERARCHIQUE doivent \u00eatre \u00e9crits, exposer les arguments ou faits\nnouveaux et comprendre la copie de la d\u00e9cision contest\u00e9e.\nLe  recours  contentieux,  qui  vise  \u00e0  contester  la  LEGALITE  de  la  pr\u00e9sente  d\u00e9cision,  doit\n\u00e9galement \u00eatre \u00e9crit et exposer votre argumentation juridique.\nSi vous n'aviez pas de r\u00e9ponse \u00e0 votre recours GRACIEUX ou HIERARCHIQUE dans un d\u00e9lai\nde  deux  mois  \u00e0  compter  de  la  r\u00e9ception  de  votre  recours  par  l'administration,  votre\ndemande devra \u00eatre consid\u00e9r\u00e9e comme rejet\u00e9e (d\u00e9cision implicite de rejet).\nEn cas de rejet des RECOURS GRACIEUX ou HIERARCHIQUE, le Tribunal administratif peut\n\u00eatre saisi d'un recours contentieux dans le d\u00e9lai de deux mois \u00e0 compter de la date de la\nd\u00e9cision de rejet.\n2024-01373Pr\u00e9fecture de Police - 75-2024-09-17-00004 - Arr\u00eat\u00e9 n\u00b02024-01373 modifiant provisoirement le stationnement \u00e0 Paris 15\u00e8me le 21\noctobre 2024 17\nPr\u00e9fecture de Police\n75-2024-09-17-00003\nArr\u00eat\u00e9 n\u00b02024-01374 instituant un p\u00e9rim\u00e8tre de\nprotection et diff\u00e9rentes mesures de police \u00e0\nl'occasion de la 1\u00e8re journ\u00e9e de la Ligue des\nChampions de football au Parc des Princes le\nmercredi 18 septembre 2024 \nPr\u00e9fecture de Police - 75-2024-09-17-00003 - Arr\u00eat\u00e9 n\u00b02024-01374 instituant un p\u00e9rim\u00e8tre de protection et diff\u00e9rentes mesures de\npolice \u00e0 l'occasion de la 1\u00e8re journ\u00e9e de la Ligue des Champions de football au Parc des Princes le mercredi 18 septembre 2024 18\nEx\nPREFECTURE  = |=)\nDE POLICE\nLibert\u00e9  vy\nEgalit\u00e9\nFraternit\u00e9\nCABINET DU PREFET\nArr\u00eat\u00e9 n\u00b02024-01374\ninstituant un p\u00e9rim\u00e8tre de protection et diff\u00e9rentes mesures de police \u00e0 l'occasion de la\n1\u00e8re journ\u00e9e de la Ligue des Champions de football au Parc des Princes le mercredi 18\nseptembre 2024 \nVu le code g\u00e9n\u00e9ral des collectivit\u00e9s territoriales, notamment ses articles L. 2215-1, L. 2512-13\net L. 2512-14 ;\nVu le code p\u00e9nal\u00a0;\nVu le code de proc\u00e9dure p\u00e9nale \u00a0;\nVu le code la route, notamment son article L. 411-2 \u00a0;\nVu le code rural et de la p\u00eache maritime, notamment ses articles L. 211-11 et L. \u00a0211\u00a0-12\u00a0;\nVu le code de la s\u00e9curit\u00e9 int\u00e9rieure, notamment ses articles L. 122-1, L. 122-2 ,\u00a0L.\u00a0226-1, L.\n611-1 et L. 613-2\u00a0;\nVu le d\u00e9cret n\u00b0 2004-374 du 29 avril 2004 modifi\u00e9 relatif aux pouvoirs des pr\u00e9fets, \u00e0\nl'organisation  et  \u00e0  l'action  des  services  de  l'Etat  dans  les  r\u00e9gions  et  d\u00e9partements,\nnotamment ses articles 70, 72 et 73 \u00a0;\nVu le d\u00e9cret du 20 juillet 2022 par lequel M. Laurent NU\u00d1EZ,  pr\u00e9fet,  coordonnateur\nnational du renseignement et de la lutte contre le terrorisme, est nomm\u00e9 pr\u00e9fet de police\n(hors classe)\u00a0;\nConsid\u00e9rant  que,  en  application  des  articles  L.122-1  et  L.  122-2  du  code  de  s\u00e9curit\u00e9\nint\u00e9rieure et 72 et 73 du d\u00e9cret du 29 avril 2004 susvis\u00e9, le pr\u00e9fet de police a la charge de\nl'ordre public, notamment la pr\u00e9vention des atteintes \u00e0 la s\u00e9curit\u00e9 des personnes et des\nbiens, dans les d\u00e9partements de Paris et des Hauts-de-Seine ;\nConsid\u00e9rant  que,  en  application  du  3\u00b0  de  l'article  L.  2215-1  du  code  g\u00e9n\u00e9ral  des\ncollectivit\u00e9s  territoriales,  le  repr\u00e9sentant  de  l'Etat  dans  le  d\u00e9partement  est  seul\ncomp\u00e9tent pour prendre les mesures relatives \u00e0 l'ordre, \u00e0 la s\u00fbret\u00e9, \u00e0 la s\u00e9curit\u00e9 et \u00e0 la\nsalubrit\u00e9 publiques, dont le champ d'application exc\u00e8de le territoire d'une commune ;\nque, conform\u00e9ment \u00e0 l'article 73 du d\u00e9cret du 29 avril 2004 susvis\u00e9, le pr\u00e9fet de police\nexerce dans le d\u00e9partement des Hauts-de-Seine les attributions d\u00e9volues au repr\u00e9sentant\nde l'Etat dans le d\u00e9partement par l'article L. 2215-1 ;\nConsid\u00e9rant que, en application de l'article L. 226-1 du code de la s\u00e9curit\u00e9 int\u00e9rieure, le\npr\u00e9fet de police peut, en vue d'assurer la s\u00e9curit\u00e9 d'un lieu ou d'un \u00e9v\u00e9nement expos\u00e9 \u00e0\nun risque d'actes de terrorisme \u00e0 raison de sa nature et de l'ampleur de sa fr\u00e9quentation,\ninstituer  par  arr\u00eat\u00e9  motiv\u00e9  un  p\u00e9rim\u00e8tre  de  protection  au  sein  duquel  l'acc\u00e8s  et  la\ncirculation des personnes sont r\u00e9glement\u00e9s \u00a0; que cet arr\u00eat\u00e9 peut autoriser les agents\nmentionn\u00e9s  aux  2\u00b0  \u00e0  4\u00b0  de  l'article  16  du  code  de  proc\u00e9dure  p\u00e9nale  et,  sous  la\n1Pr\u00e9fecture de Police - 75-2024-09-17-00003 - Arr\u00eat\u00e9 n\u00b02024-01374 instituant un p\u00e9rim\u00e8tre de protection et diff\u00e9rentes mesures de\npolice \u00e0 l'occasion de la 1\u00e8re journ\u00e9e de la Ligue des Champions de football au Parc des Princes le mercredi 18 septembre 2024 19\nresponsabilit\u00e9 de ces agents, ceux mentionn\u00e9s \u00e0 l'article 20 et aux 1\u00b0, 1\u00b0bis et 1\u00b0ter de\nl'article 21 du m\u00eame code \u00e0 proc\u00e9der, au sein d'un p\u00e9rim\u00e8tre de protection, avec le\nconsentement  des  personnes  faisant  l'objet  de  ces  v\u00e9rifications,  \u00e0 des  palpations  de\ns\u00e9curit\u00e9 ainsi qu'\u00e0 l'inspection visuelle et \u00e0 la fouille des bagages, ainsi qu'\u00e0 la visite des\nv\u00e9hicules susceptibles de p\u00e9n\u00e9trer au sein de ce p\u00e9rim\u00e8tre ; qu'aux termes de l'article 73\ndu d\u00e9cret du 29 avril 2004 susvis\u00e9, le pr\u00e9fet de police exerce dans le d\u00e9partement des\nHauts-de-Seine les attributions d\u00e9volues au repr\u00e9sentant de l'Etat dans le d\u00e9partement\npar l'article L. 226-1 du code de la s\u00e9curit\u00e9 int\u00e9rieure \u00a0;\nConsid\u00e9rant que, en application de l'article L. 613-2 du code de la s\u00e9curit\u00e9 int\u00e9rieure, les\npersonnes physiques exer\u00e7ant l'activit\u00e9 mentionn\u00e9e au 1\u00b0 de l'article L. 611-1 du m\u00eame\ncode peuvent, lorsqu'un p\u00e9rim\u00e8tre de protection a \u00e9t\u00e9 institu\u00e9 en application de l'article\nL. 226-1 du m\u00eame code, proc\u00e9der, avec le consentement expr\u00e8s des personnes, \u00e0 des\npalpations de s\u00e9curit\u00e9 ;\nConsid\u00e9rant que se tiendra le mercredi 18 septembre 2024 \u00e0 21h00 un match de football\npour le compte de la 1\u00e8re journ\u00e9e de la Ligue des Champions de football au stade du Parc\ndes Princes \u00e0 Paris 16\u00e8me, qui opposera les \u00e9quipes du Paris Saint-Germain et de G\u00e9rone \u00a0;\nqu'\u00e0 cette  occasion,  un nombre important de supporters  ainsi que  des  personnalit\u00e9s\nseront pr\u00e9sents aux abords et \u00e0 l'int\u00e9rieur du stade \u00a0; que dans le contexte actuel de\nmenace  tr\u00e8s  \u00e9lev\u00e9e,  cette  rencontre  sportive  est  susceptible  de  constituer  une  cible\nprivil\u00e9gi\u00e9e et symbolique pour des actes de nature terroriste \u00a0;\nConsid\u00e9rant que plusieurs attentats ou tentatives d'attentats r\u00e9cents traduisent le niveau\n\u00e9lev\u00e9  de  la  menace  terroriste  actuelle  en  France  dans  le  cadre  du  plan  VIGIPIRATE\n\u00ab\u00a0urgence attentat \u00a0\u00bb en vigueur sur l'ensemble du territoire national depuis le 24 mars\n2024\u00a0;\nConsid\u00e9rant qu'il appartient \u00e0 l'autorit\u00e9 de police comp\u00e9tente de prendre les mesures\nadapt\u00e9es, n\u00e9cessaires et proportionn\u00e9es visant \u00e0 garantir la s\u00e9curit\u00e9 des personnes et des\nbiens  pendant  cet  \u00e9v\u00e8nement  ;  que  la  mise  en  place  d'un  p\u00e9rim\u00e8tre  de  protection\ncomprenant  diff\u00e9rentes  mesures  de  police  \u00e0  l'occasion  du  match  de  la  Ligue  des\nChampions entre le Paris Saint-Germain et G\u00e9rone au Parc des Princes \u00e0 Paris 16\u00e8me le\nmercredi 18 septembre 2024 r\u00e9pond \u00e0 ces objectifs \u00a0; \nARRETE :\nTITRE PREMIER\nINSTITUTION D'UN P\u00c9RIM\u00c8TRE DE PROTECTION  \nArticle 1er \u2013 Du mercredi 18 septembre 2024 \u00e0 17h00 au jeudi 19 septembre 2024 \u00e0 01h00\nest  institu\u00e9  un  p\u00e9rim\u00e8tre  de  protection  au  sein  duquel  l'acc\u00e8s  et  la  circulation  des\npersonnes sont r\u00e9glement\u00e9s dans les conditions fix\u00e9es par le pr\u00e9sent arr\u00eat\u00e9.\nArticle  2  \u2013  Le p\u00e9rim\u00e8tre  de  protection  institu\u00e9  par  l'article  1er du  pr\u00e9sent  arr\u00eat\u00e9  est\nd\u00e9limit\u00e9 par les voies suivantes qui y sont incluses, sauf mentions contraires :\n-rue Nungesser et Coli, dans sa partie comprise entre le rond-point de la place de\nl'Europe et l'avenue de la Porte Molitor \u00e0 Paris 16\u00e8me;\n-all\u00e9e Charles Brennus \u00e0 Paris 16\u00e8me ;\n2\n2024-01374Pr\u00e9fecture de Police - 75-2024-09-17-00003 - Arr\u00eat\u00e9 n\u00b02024-01374 instituant un p\u00e9rim\u00e8tre de protection et diff\u00e9rentes mesures de\npolice \u00e0 l'occasion de la 1\u00e8re journ\u00e9e de la Ligue des Champions de football au Parc des Princes le mercredi 18 septembre 2024 20\n-avenue du G\u00e9n\u00e9ral Sarrail, dans sa partie comprise entre la rue Raffa\u00eblli et l'all\u00e9e\nCharles Brennus \u00e0 Paris 16\u00e8me ;\n-avenue du G\u00e9n\u00e9ral Sarrail, dans sa partie comprise entre la rue Raffa\u00eblli et la rue\nLecomte du No\u00fcy \u00e0 Paris 16\u00e8me ;\n-rue Lecomte du No\u00fcy \u00e0 Paris 16\u00e8me\u00a0;\n-rue de l'Arioste \u00e0 Paris 16\u00e8me\u00a0;\n-rue du Sergent Maginot \u00e0 Paris 16\u00e8me\u00a0;\n-rue du G\u00e9n\u00e9ral Roques \u00e0 Paris 16\u00e8me\u00a0;\n-avenue du Parc des Princes, dans sa partie comprise entre le n\u00b0 31 de l'avenue du\nParc des Princes et l'avenue du G\u00e9n\u00e9ral Sarrail \u00e0 Paris 16\u00e8me ;\n-passerelle surplombant le p\u00e9riph\u00e9rique,  en vis-\u00e0-vis du magasin Carglass,  depuis\nl'avenue du Parc des Princes \u00a0;\n-rue du Commandant Guilbaud \u00e0 Paris 16\u00e8me\u00a0;\n-rue du Parc \u00e0 Boulogne-Billancourt (92) \u00a0;\n-parking du complexe omnisports G\u00e9o Andr\u00e9 \u00e0 Paris 16\u00e8me\u00a0;\n-place de l'Europe \u00e0 Boulogne-Billancourt (92), dans sa partie comprise entre la rue\nMarcel Loyau \u00e0 Boulogne-Billancourt (92) et le rond-point de la place de l'Europe \u00e0\nParis 16\u00e8me ;\n-rond-point de la place de l'Europe \u00e0 Paris 16\u00e8me ;\n-rue Joseph-Bernard \u00e0 Boulogne-Billancourt (92), dans sa partie comprise entre la rue\nde la Tourelle \u00e0 Boulogne-Billancourt (92) et la rue Nungesser et Coli  \u00e0 Paris 16\u00e8me.\nArticle 3 - Les points d'acc\u00e8s au p\u00e9rim\u00e8tre, sur lesquels des dispositifs de pr\u00e9-filtrage et de\nfiltrage sont mis en place, sont situ\u00e9s \u00a0:\n-\u00e0 l'angle form\u00e9 par l'avenue du G\u00e9n\u00e9ral-Sarrail, la rue Raffa\u00eblli (c\u00f4t\u00e9 impair) et l'all\u00e9e\nCharles Brennus \u00e0 Paris 16\u00e8me ;\n-rue Lecomte du No\u00fcy \u00e0 Paris 16\u00e8me\u00a0;\n-\u00e0 l'angle form\u00e9 par la rue du Sergent Maginot et la place du G\u00e9n\u00e9ral Stefanik \u00e0 Paris\n16\u00e8me\u00a0;\n-\u00e0 l'angle form\u00e9 par la rue du G\u00e9n\u00e9ral Roques et la place du G\u00e9n\u00e9ral Stefanik \u00e0 Paris\n16\u00e8me\u00a0;\n-au n\u00b0 31 de l'avenue du Parc des Princes \u00e0 Paris 16\u00e8me\u00a0;\n-\u00e0 l'angle form\u00e9 par l'avenue de la Porte de Saint-Cloud et la rue du Commandant\nGuilbaud \u00e0 Paris 16\u00e8me\u00a0;\n-rue du Parc \u00e0 Boulogne-Billancourt (92)\u00a0;\n-\u00e0 l'angle form\u00e9 par la rue de la Tourelle et l'entr\u00e9e du Jardin Guilbaud \u00e0 Boulogne-\nBillancourt (92)\u00a0;\n-\u00e0 l'angle form\u00e9 par la place de l'Europe et l'entr\u00e9e du Jardin Guilbaud \u00e0 Boulogne-\nBillancourt (92)\u00a0;\n-place de l'Europe \u00e0 Boulogne-Billancourt (92), dans sa partie comprise entre la rue\nMarcel Loyau \u00e0 Boulogne-Billancourt (92) et le rond-point de la place de l'Europe \u00e0\nParis 16\u00e8me\u00a0;\n3\n2024-01374Pr\u00e9fecture de Police - 75-2024-09-17-00003 - Arr\u00eat\u00e9 n\u00b02024-01374 instituant un p\u00e9rim\u00e8tre de protection et diff\u00e9rentes mesures de\npolice \u00e0 l'occasion de la 1\u00e8re journ\u00e9e de la Ligue des Champions de football au Parc des Princes le mercredi 18 septembre 2024 21\n-\u00e0 l'angle  form\u00e9  par  la  rue  Joseph  Bernard  et la  rue  de  la Tourelle  \u00e0 Boulogne-\nBillancourt (92)\u00a0;\n-\u00e0 l'angle form\u00e9 par la rue Nungesser et Coli et l'avenue de la Porte Molitor \u00a0\u00e0 Paris\n16\u00e8me ;\n-\u00e0 l'angle de la rue Nungesser et Coli \u00e0 Paris 16\u00e8me et de la rue Joseph Bernard \u00e0\nBoulogne-Billancourt (92).\nTITRE II\nMESURES DE POLICE APPLICABLES \u00c0 L'INT\u00c9RIEUR DU P\u00c9RIM\u00c8TRE DE PROTECTION\nArticle 4 - Dans le p\u00e9rim\u00e8tre institu\u00e9 et durant la p\u00e9riode mentionn\u00e9e par l'article 1er, les\nmesures suivantes sont applicables \u00a0:\n1\u00b0 Mesures applicables aux usagers de la voie publique \u00a0:\na) Sont interdits\u00a0:\n- Tout rassemblement de nature revendicative ;\n-  Le  port,  le  transport  et  l'utilisation  des  artifices  de  divertissement,  des  articles\npyrotechniques, des armes \u00e0 feu, y compris factices, et des munitions, ainsi que de\ntous objets susceptibles de constituer une arme au sens de l'article 132-75 du code\np\u00e9nal  ou  pouvant  servir  de  projectile  pr\u00e9sentant  un  danger  pour  la  s\u00e9curit\u00e9  des\npersonnes et des biens \u00a0;\n- L'acc\u00e8s des animaux dangereux au sens des articles L. 211-11 et suivants du code rural\net de la p\u00eache maritime, en particulier les chiens des 1\u00e8re et 2\u00e8me cat\u00e9gories\u00a0;\nb) Les  personnes ont l'obligation, pour acc\u00e9der par les points de pr\u00e9-filtrage et de\nfiltrage pr\u00e9vus \u00e0 l'article 3 ou circuler \u00e0 l'int\u00e9rieur du p\u00e9rim\u00e8tre, de se soumettre, \u00e0 la\ndemande  des  agents  autoris\u00e9s  par  le pr\u00e9sent arr\u00eat\u00e9 \u00e0 proc\u00e9der  \u00e0 ces v\u00e9rifications,  \u00e0\nl'inspection visuelle des bagages et \u00e0 leur fouille, ainsi qu'\u00e0 des palpations de s\u00e9curit\u00e9 et,\nexclusivement par des officiers de police judiciaire et, sous leur responsabilit\u00e9, par des\nagents  de  police  judiciaire  et  agents  de  police  judiciaire  adjoints,  \u00e0  la  visite  de  leur\nv\u00e9hicule\u00a0;\n c) Les personnes qui, pour des raisons professionnelles, de r\u00e9sidence ou familiales\ndoivent acc\u00e9der \u00e0 l'int\u00e9rieur du p\u00e9rim\u00e8tre de protection et y circuler, sont invit\u00e9es \u00e0 se\nsignaler aupr\u00e8s de l'autorit\u00e9 de police sur place afin de pouvoir faire l'objet d'une mesure\nde filtrage adapt\u00e9e \u00a0;\n 2\u00b0 Mesures accordant des comp\u00e9tences suppl\u00e9mentaires aux personnels charg\u00e9s de la\ns\u00e9curit\u00e9\u00a0:\n- Les officiers de police judiciaire mentionn\u00e9s aux 2\u00b0 \u00e0 4\u00b0 de l'article 16 du code de\nproc\u00e9dure  p\u00e9nale  et,  sous  leur  responsabilit\u00e9,  les  agents  de  police  judiciaire\nmentionn\u00e9s  \u00e0  l'article  20  du  m\u00eame  code  sont  autoris\u00e9s  \u00e0  proc\u00e9der,  avec  le\nconsentement des personnes faisant l'objet de ces v\u00e9rifications, \u00e0 des palpations de\ns\u00e9curit\u00e9, \u00e0 l'inspection visuelle des bagages et \u00e0 leur fouille, ainsi qu'\u00e0 la visite des\nv\u00e9hicules\u00a0;\n4\n2024-01374Pr\u00e9fecture de Police - 75-2024-09-17-00003 - Arr\u00eat\u00e9 n\u00b02024-01374 instituant un p\u00e9rim\u00e8tre de protection et diff\u00e9rentes mesures de\npolice \u00e0 l'occasion de la 1\u00e8re journ\u00e9e de la Ligue des Champions de football au Parc des Princes le mercredi 18 septembre 2024 22\n- les personnes exer\u00e7ant l'activit\u00e9 mentionn\u00e9e au 1\u00b0 de l'article L. 611-1 du code de la\ns\u00e9curit\u00e9  int\u00e9rieure  peuvent,  aux  points  de  filtrage,  proc\u00e9der,  sous  l'autorit\u00e9  des\nofficiers de police judiciaire et aupr\u00e8s des agents de police judiciaire qu'ils assistent et\navec le consentement expr\u00e8s des personnes, outre \u00e0 l'inspection visuelle des bagages\net \u00e0 leur fouille, \u00e0 des palpations de s\u00e9curit\u00e9.\nArticle 5 - Sans pr\u00e9judice des sanctions p\u00e9nales auxquelles s'exposent les personnes en\ninfraction avec les dispositions du pr\u00e9sent titre,  celles qui refusent de se soumettre \u00e0\nl'inspection visuelle de leurs bagages \u00e0 main, \u00e0 leur fouille, \u00e0 des palpations de s\u00e9curit\u00e9 ou\n\u00e0 la visite de leur v\u00e9hicule  peuvent se voir interdire l'acc\u00e8s au p\u00e9rim\u00e8tre institu\u00e9 par\nl'article 1er ou \u00eatre conduites \u00e0 l'ext\u00e9rieur de celui-ci .\nTITRE III\nDISPOSITIONS FINALES\nArticle 6 - Les mesures pr\u00e9vues par le pr\u00e9sent arr\u00eat\u00e9 peuvent \u00eatre lev\u00e9es et r\u00e9tablies sur\nd\u00e9cision du repr\u00e9sentant sur place de l'autorit\u00e9 de police, en fonction de l'\u00e9volution de la\nsituation.\nArticle 7 \u2013 Le pr\u00e9fet des Hauts-de-Seine, la pr\u00e9f\u00e8te, directrice de cabinet, le directeur de\nl'ordre  public  et  de  la  circulation,  la  directrice  de  la  s\u00e9curit\u00e9  de  proximit\u00e9  de\nl'agglom\u00e9ration  parisienne  et  la  secr\u00e9taire  g\u00e9n\u00e9rale  de  la  ville  de  Paris  sont  charg\u00e9s,\nchacun en ce qui le concerne, de l'ex\u00e9cution du pr\u00e9sent arr\u00eat\u00e9 qui entrera en vigueur d\u00e8s\nson affichage  aux portes  de la pr\u00e9fecture  de police, sera  publi\u00e9 aux  recueils  des  actes\nadministratifs du d\u00e9partement de Paris et de la pr\u00e9fecture des Hauts-de-Seine, consultable\nsur le site de la pr\u00e9fecture de police ( https://www.prefecturedepolice.interieur.gouv.fr )  et\ntransmis  aux  procureurs  de  la  R\u00e9publique  pr\u00e8s  les  tribunaux  judiciaires  de  Paris  et  de\nNanterre.\nFait \u00e0 Paris, le 17 septembre 2024 \nSIGNE\nPour le pr\u00e9fet de police\nLa pr\u00e9f\u00e8te, directrice du cabinet\nMagali CHARBONNEAU\n5\n2024-01374Pr\u00e9fecture de Police - 75-2024-09-17-00003 - Arr\u00eat\u00e9 n\u00b02024-01374 instituant un p\u00e9rim\u00e8tre de protection et diff\u00e9rentes mesures de\npolice \u00e0 l'occasion de la 1\u00e8re journ\u00e9e de la Ligue des Champions de football au Parc des Princes le mercredi 18 septembre 2024 23\nAnnexe de l'arr\u00eat\u00e9 n\u00b02024-01374 du 17 septembre 2024\nVOIES ET DELAIS DE RECOURS\n_______________________\nSi vous estimez devoir contester le pr\u00e9sent arr\u00eat\u00e9, il vous est possible, dans un\nd\u00e9lai de deux mois \u00e0 compter de la date de son affichage ou de sa publication au recueil\ndes actes administratifs de la pr\u00e9fecture de police :\n-soit de saisir d'un RECOURS GRACIEUX\nle Pr\u00e9fet de Police\n7/9, boulevard du Palais - 75195 PARIS RP\n- ou de former un RECOURS HIERARCHIQUE\n  aupr\u00e8s du Ministre de l'int\u00e9rieur\n  Direction des libert\u00e9s publiques et des affaires juridiques\n  place Beauvau - 75008 PARIS\n- soit de saisir d'un RECOURS CONTENTIEUX\nle Tribunal administratif comp\u00e9tent\nAucune de ces voies et recours ne suspend l'application de la pr\u00e9sente d\u00e9cision.\nLes  recours  GRACIEUX  et  HIERARCHIQUE  doivent  \u00eatre  \u00e9crits,  exposer  les\narguments ou faits nouveaux et comprendre la copie de l'arr\u00eat\u00e9 contest\u00e9.\nLe  recours  CONTENTIEUX,  qui  vise  \u00e0  contester  la  LEGALITE  de  la  pr\u00e9sente\nd\u00e9cision, doit \u00e9galement \u00eatre \u00e9crit et exposer votre argumentation juridique.\nSi vous n'aviez pas de r\u00e9ponse \u00e0 votre recours GRACIEUX ou HIERARCHIQUE\ndans un d\u00e9lai de deux mois \u00e0 compter de la r\u00e9ception de votre recours par l'administration,\nvotre demande devra \u00eatre consid\u00e9r\u00e9e comme rejet\u00e9e (d\u00e9cision implicite de rejet).\nEn  cas  de  rejet  des  recours  GRACIEUX  ou  HIERARCHIQUE,  le  Tribunal\nadministratif peut \u00eatre saisi d'un recours contentieux dans le d\u00e9lai de deux mois \u00e0 compter\nde la date de la d\u00e9cision de rejet.\n6\n2024-01374Pr\u00e9fecture de Police - 75-2024-09-17-00003 - Arr\u00eat\u00e9 n\u00b02024-01374 instituant un p\u00e9rim\u00e8tre de protection et diff\u00e9rentes mesures de\npolice \u00e0 l'occasion de la 1\u00e8re journ\u00e9e de la Ligue des Champions de football au Parc des Princes le mercredi 18 septembre 2024 24\nde la PortePARC  DES  PRINCES\nPERIMETRE  SILT\n7\n2024-01374Pr\u00e9fecture de Police - 75-2024-09-17-00003 - Arr\u00eat\u00e9 n\u00b02024-01374 instituant un p\u00e9rim\u00e8tre de protection et diff\u00e9rentes mesures de\npolice \u00e0 l'occasion de la 1\u00e8re journ\u00e9e de la Ligue des Champions de football au Parc des Princes le mercredi 18 septembre 2024 25\nPr\u00e9fecture de Police\n75-2024-09-17-00005\nArr\u00eat\u00e9 n\u00b02024-01375 autorisant la captation,\nl'enregistrement et la transmission d'images au\nmoyen de cam\u00e9ras install\u00e9es sur des a\u00e9ronefs \u00e0\nl'occasion de la 1\u00e8re journ\u00e9e de la Ligue des\nChampions de football au Parc des Princes le\nmercredi 18 septembre 2024 \nPr\u00e9fecture de Police - 75-2024-09-17-00005 - Arr\u00eat\u00e9 n\u00b02024-01375 autorisant la captation, l'enregistrement et la transmission d'images\nau moyen de cam\u00e9ras install\u00e9es sur des a\u00e9ronefs \u00e0 l'occasion de la 1\u00e8re journ\u00e9e de la Ligue des Champions de football au Parc des\nPrinces le mercredi 18 septembre 2024 26\nPREFECTURE\nDE POLICE\nLibert\u00e9\nEgalit\u00e9\nFraternit\u00e9niq\nGi\nCABINET DU PREFET\nArr\u00eat\u00e9 n\u00b02024-01375\nautorisant la captation, l'enregistrement et la transmission d'images au moyen\nde cam\u00e9ras install\u00e9es sur des a\u00e9ronefs \u00e0 l'occasion de la 1\u00e8re journ\u00e9e de la Ligue des\nChampions de football au Parc des Princes le mercredi 18 septembre 2024 \nLe pr\u00e9fet de police,\nVu le code de la s\u00e9curit\u00e9 int\u00e9rieure, notamment ses articles L. 242-1 \u00e0 L. \u00a0242-8 et R.\u00a0242-8 \u00e0 R.\n242-15 ;\nVu  le  d\u00e9cret  n\u00b0  2004-374  du  29  avril  2004  modifi\u00e9  relatif  aux  pouvoirs  des  pr\u00e9fets,  \u00e0\nl'organisation  et  \u00e0  l'action  des  services  de  l'Etat  dans  les  r\u00e9gions  et  d\u00e9partements,\nnotamment ses articles 70, 72 et 73 \u00a0;\nVu l'arr\u00eat\u00e9 du 19 avril 2023 relatif au nombre maximal de cam\u00e9ras install\u00e9es sur des a\u00e9ronefs\npouvant \u00eatre simultan\u00e9ment utilis\u00e9es dans chaque d\u00e9partement et collectivit\u00e9 d'outre-mer \u00a0;\nVu l'instruction minist\u00e9rielle NOR IOMD2311883J du 30 avril 2023 relative \u00e0 la proc\u00e9dure\nd'autorisation  des  cam\u00e9ras  install\u00e9es  sur  des  a\u00e9ronefs  pour  des  missions  de  police\nadministrative\u00a0;\nVu le d\u00e9cret du 20 juillet 2022 par lequel M. Laurent NU\u00d1EZ, pr\u00e9fet, coordonnateur national\ndu renseignement et de la lutte contre le terrorisme, est nomm\u00e9 pr\u00e9fet de police (hors\nclasse)\u00a0;\nVu la demande en date du 11 septembre 2024  form\u00e9e par la direction de l'ordre public et de\nla circulation visant \u00e0 obtenir l'autorisation de capter, d'enregistrer et de transmettre des\nimages au moyen de deux cam\u00e9ras install\u00e9es sur des a\u00e9ronefs t\u00e9l\u00e9-pilot\u00e9s afin d'assurer la\npr\u00e9vention  des  atteintes  \u00e0  la  s\u00e9curit\u00e9  des  personnes  et  des  biens,  la  s\u00e9curit\u00e9  des\nrassemblements,  la  pr\u00e9vention  d'actes  de  terrorisme  ainsi que  la  r\u00e9gulation  des  flux  de\ntransport  \u00e0  l'occasion  de  la  1\u00e8re journ\u00e9e  de  la  Ligue  des  Champions  de  football  ce  18\nseptembre 2024 au stade du Parc des Princes \u00e0 Paris 16\u00e8me\u00a0;\nConsid\u00e9rant que les dispositions du I de l'article L. 242-5 du code de la s\u00e9curit\u00e9 int\u00e9rieure\npermettent aux forces de s\u00e9curit\u00e9 int\u00e9rieure, dans l'exercice de leurs missions de pr\u00e9vention\ndes atteintes \u00e0 l'ordre public et de protection de la s\u00e9curit\u00e9 des personnes et des biens, de\nproc\u00e9der  \u00e0  la  captation,  \u00e0  l'enregistrement  et  \u00e0  la  transmission  d'images  au  moyen  de\ncam\u00e9ras install\u00e9es sur des a\u00e9ronefs aux fins d'assurer la pr\u00e9vention des atteintes \u00e0 la s\u00e9curit\u00e9\ndes  personnes  et  des  biens  dans  des  lieux  particuli\u00e8rement  expos\u00e9s,  la  s\u00e9curit\u00e9  des\nrassemblements de personnes sur la voie publique ainsi que l'appui des personnels au sol, en\nvue de leur permettre de maintenir ou de r\u00e9tablir l'ordre public lorsque ces rassemblements\nsont susceptibles d'entra\u00eener des troubles graves \u00e0 l'ordre public, la pr\u00e9vention d'actes de\nterrorisme et la r\u00e9gulation des flux de transports ; \n1Pr\u00e9fecture de Police - 75-2024-09-17-00005 - Arr\u00eat\u00e9 n\u00b02024-01375 autorisant la captation, l'enregistrement et la transmission d'images\nau moyen de cam\u00e9ras install\u00e9es sur des a\u00e9ronefs \u00e0 l'occasion de la 1\u00e8re journ\u00e9e de la Ligue des Champions de football au Parc des\nPrinces le mercredi 18 septembre 2024 27\nConsid\u00e9rant que se d\u00e9roulera le mercredi 18 septembre 2024 \u00e0 21h00, un match de football\npour le compte de la 1\u00e8re journ\u00e9e de la Ligue des Champions de football au stade du Parc des\nPrinces \u00e0 Paris 16\u00e8me, qui opposera le Paris Saint-Germain \u00e0 G\u00e9rone\u00a0; qu'\u00e0 cette occasion, un\nnombre important de supporters ainsi que des personnalit\u00e9s seront pr\u00e9sents aux abords et \u00e0\nl'int\u00e9rieur du stade du Parc des Princes \u00a0; que dans le contexte actuel de menace tr\u00e8s \u00e9lev\u00e9e,\ncette rencontre sportive est susceptible de constituer une cible privil\u00e9gi\u00e9e et symbolique\npour des actes de nature terroriste \u00a0;\nConsid\u00e9rant \u00e9galement que plusieurs attentats ou tentatives d'attentats r\u00e9cents traduisent le\nniveau \u00e9lev\u00e9 de la menace terroriste actuelle en France , dans le cadre du plan VIGIPIRATE\n\u00ab\u00a0urgence attentat\u00a0\u00bb en vigueur sur l'ensemble du territoire national \u00a0;\nConsid\u00e9rant,  en  outre,  qu'au-del\u00e0  de  la  seule  s\u00e9curisation  du  match  qui  fait  l'objet  de\nmesures de police sur le fondement de l'article L. \u00a0226-1 du code de la s\u00e9curit\u00e9 int\u00e9rieure et\npour lequel un service d'ordre est mis en place par la direction de l'ordre public et de la\ncirculation, il est n\u00e9cessaire de disposer d'un moyen de surveillance permettant de s\u00e9curiser\nla voie  publique en amont et en aval de  cet \u00e9v\u00e8nement pour  pr\u00e9venir ou mettre fin \u00e0\nd'\u00e9ventuelles rixes entre spectateurs et personnes \u00e0 l'ext\u00e9rieur du Parc des Princes ou \u00e0 des\natteintes \u00e0 la s\u00e9curit\u00e9 des personnes et des biens, se pr\u00e9munir contre d'\u00e9ventuels actes\nterroristes et\u00a0r\u00e9guler les flux de transport autour de l'enceinte \u00a0;\nConsid\u00e9rant que la demande de la direction de l'ordre public et de la circulation porte sur\nl'engagement de deux cam\u00e9ras a\u00e9roport\u00e9es qui pourront \u00eatre en vol simultan\u00e9ment en vue\nde  capter,  d'enregistrer  et  de  transmettre  des  images \u00a0;  que  les  aires  survol\u00e9es  sont\nstrictement limit\u00e9es aux zones o\u00f9 seront mises en \u0153uvre les finalit\u00e9s susvis\u00e9es ; que la dur\u00e9e\nde  l'autorisation  demand\u00e9e  n'appara\u00eet  pas  disproportionn\u00e9e  au  regard  de  ces  m\u00eames\nfinalit\u00e9s ;\nConsid\u00e9rant que le recours \u00e0 des cam\u00e9ras a\u00e9roport\u00e9es permet de disposer d'une vision en\ngrand angle tout en limitant l'engagement des forces au sol ; qu'il n'existe pas de dispositif\nmoins intrusif permettant de parvenir aux m\u00eames fins ;\nSur proposition du directeur de l'ordre public et de la circulation ;\nARRETE  \u00a0  :  \nArticle 1er \u2013 La captation, l'enregistrement et la transmission d'images par la direction de\nl'ordre public et de la circulation sont autoris\u00e9s \u00e0 l'occasion du match de football de la Ligue\ndes Champions pr\u00e9cit\u00e9 au Parc des Princes le mercredi 18 septembre 2024 aux titres de \u00a0:\n-la pr\u00e9vention des atteintes \u00e0 la s\u00e9curit\u00e9 des personnes et des biens \u00a0;\n-la s\u00e9curit\u00e9 des rassemblements \u00a0;\n-la pr\u00e9vention d'actes de terrorisme \u00a0;\n-la r\u00e9gulation des flux de transport.\nArticle  2 \u2013  Le  nombre  maximal  de  cam\u00e9ras  pouvant  proc\u00e9der  simultan\u00e9ment  \u00e0  des\nenregistrements est fix\u00e9 \u00e0 2 cam\u00e9ras embarqu\u00e9es sur des a\u00e9ronefs t\u00e9l\u00e9-pilot\u00e9s.\n2024-01375 \u00a0\u00a0\u00a0\u00a0\u00a0\u00a0\u00a0\u00a0\u00a0\u00a0\u00a0\u00a0\u00a0\u00a0\u00a0\u00a0\u00a0\u00a0\u00a0\u00a0\u00a0\u00a0\u00a0\u00a0\u00a0\u00a0\u00a0\u00a0\u00a0\u00a0\u00a0\u00a0\u00a0\u00a0\u00a0\u00a0\u00a0\u00a0\u00a0\u00a0\u00a0\u00a0\u00a0\u00a0\u00a0\u00a0\u00a0\u00a0\u00a0\u00a0\u00a0\u00a0\u00a0\u00a0\u00a0\u00a0\u00a0\u00a0\u00a0\u00a0\u00a0\u00a0\u00a0\u00a0\u00a0\u00a0\u00a0\u00a0\u00a0\u00a0\u00a0\u00a0\u00a0\u00a0\u00a0\u00a0\u00a0\u00a0\u00a0\u00a0\u00a0\u00a0\u00a0\u00a0\u00a0\u00a0\u00a0\u00a0\u00a0\u00a0\u00a0\u00a0\u00a0\u00a0\u00a0\u00a0\u00a0\u00a0\u00a0\u00a0\u00a0\u00a0\u00a0\u00a0\u00a0\u00a0\u00a0\u00a0\u00a0\u00a0\u00a0\u00a0\u00a0\u00a0\u00a0\u00a0\u00a0\u00a0\u00a0\u00a0\u00a0\u00a0\u00a0\u00a0\u00a0\u00a0\u00a0\u00a0\u00a0\u00a0\u00a0\u00a0\u00a0\u00a0\u00a0\u00a0\u00a0\u00a0\u00a0\u00a0\u00a0\u00a0\u00a0\u00a0\u00a0\u00a0\u00a0\u00a0\u00a0\u00a0\u00a0\u00a0\u00a0\u00a0\u00a0\u00a0\u00a0\u00a0\u00a0\u00a0\u00a0\u00a0\u00a0\u00a0\u00a0\u00a0\u00a0\u00a0\u00a0\u00a0\u00a0\u00a0\u00a02Pr\u00e9fecture de Police - 75-2024-09-17-00005 - Arr\u00eat\u00e9 n\u00b02024-01375 autorisant la captation, l'enregistrement et la transmission d'images\nau moyen de cam\u00e9ras install\u00e9es sur des a\u00e9ronefs \u00e0 l'occasion de la 1\u00e8re journ\u00e9e de la Ligue des Champions de football au Parc des\nPrinces le mercredi 18 septembre 2024 28\nArticle 3 \u2013 La pr\u00e9sente autorisation s'applique au p\u00e9rim\u00e8tre g\u00e9ographique figurant sur le plan\nen annexe au pr\u00e9sent arr\u00eat\u00e9.\nArticle 4 \u2013 La pr\u00e9sente autorisation est d\u00e9livr\u00e9e mercredi 18 septembre 2024 \u00e0 17h00 au jeudi\n19 septembre 2024 \u00e0 01h00 pour l'ensemble des finalit\u00e9s pr\u00e9cit\u00e9es.\nArticle 5 \u2013  L'information du public est assur\u00e9e par la publication du pr\u00e9sent arr\u00eat\u00e9 aux\nrecueils des actes administratifs mentionn\u00e9s \u00e0 l'article 7, sa mise en ligne sur le site internet\nde la pr\u00e9fecture de police ainsi que par une information sur les r\u00e9seaux sociaux.\nArticle 6 \u2013  Le registre mentionn\u00e9 \u00e0 l'article L. 242-4 du code de la s\u00e9curit\u00e9 int\u00e9rieure est\ntransmis au pr\u00e9fet de police, \u00e0 l'issue de la p\u00e9riode d'autorisation.\nArticle 7 \u2013 Le pr\u00e9fet des Hauts-de-Seine, la pr\u00e9f\u00e8te, directrice du cabinet du pr\u00e9fet de police\net le  directeur  de  l'ordre  public  et de  la  circulation  sont charg\u00e9s,  chacun  en  ce  qui  le\nconcerne, de l'ex\u00e9cution du pr\u00e9sent arr\u00eat\u00e9 qui entrera en vigueur d\u00e8s son affichage aux\nportes  de  la  pr\u00e9fecture  de  police,  sera  publi\u00e9  aux  recueils  des  actes  administratifs  du\nd\u00e9partement  de  Paris  et  de  la  pr\u00e9fecture  des  Hauts-de-Seine  et  consultable  sur  le  site\ninternet de la pr\u00e9fecture de police ( https://www.prefecturedepolice.interieur.gouv.fr ). \nFait \u00e0 Paris, le 17 septembre 2024 \nSIGNE\nPour le pr\u00e9fet de police\nLa pr\u00e9f\u00e8te, directrice de cabinet\nMagali CHARBONNEAU\n2024-01375 \u00a0\u00a0\u00a0\u00a0\u00a0\u00a0\u00a0\u00a0\u00a0\u00a0\u00a0\u00a0\u00a0\u00a0\u00a0\u00a0\u00a0\u00a0\u00a0\u00a0\u00a0\u00a0\u00a0\u00a0\u00a0\u00a0\u00a0\u00a0\u00a0\u00a0\u00a0\u00a0\u00a0\u00a0\u00a0\u00a0\u00a0\u00a0\u00a0\u00a0\u00a0\u00a0\u00a0\u00a0\u00a0\u00a0\u00a0\u00a0\u00a0\u00a0\u00a0\u00a0\u00a0\u00a0\u00a0\u00a0\u00a0\u00a0\u00a0\u00a0\u00a0\u00a0\u00a0\u00a0\u00a0\u00a0\u00a0\u00a0\u00a0\u00a0\u00a0\u00a0\u00a0\u00a0\u00a0\u00a0\u00a0\u00a0\u00a0\u00a0\u00a0\u00a0\u00a0\u00a0\u00a0\u00a0\u00a0\u00a0\u00a0\u00a0\u00a0\u00a0\u00a0\u00a0\u00a0\u00a0\u00a0\u00a0\u00a0\u00a0\u00a0\u00a0\u00a0\u00a0\u00a0\u00a0\u00a0\u00a0\u00a0\u00a0\u00a0\u00a0\u00a0\u00a0\u00a0\u00a0\u00a0\u00a0\u00a0\u00a0\u00a0\u00a0\u00a0\u00a0\u00a0\u00a0\u00a0\u00a0\u00a0\u00a0\u00a0\u00a0\u00a0\u00a0\u00a0\u00a0\u00a0\u00a0\u00a0\u00a0\u00a0\u00a0\u00a0\u00a0\u00a0\u00a0\u00a0\u00a0\u00a0\u00a0\u00a0\u00a0\u00a0\u00a0\u00a0\u00a0\u00a0\u00a0\u00a0\u00a0\u00a0\u00a0\u00a0\u00a0\u00a0\u00a0\u00a0\u00a0\u00a0\u00a0\u00a0\u00a0\u00a03Pr\u00e9fecture de Police - 75-2024-09-17-00005 - Arr\u00eat\u00e9 n\u00b02024-01375 autorisant la captation, l'enregistrement et la transmission d'images\nau moyen de cam\u00e9ras install\u00e9es sur des a\u00e9ronefs \u00e0 l'occasion de la 1\u00e8re journ\u00e9e de la Ligue des Champions de football au Parc des\nPrinces le mercredi 18 septembre 2024 29\nAnnexe de l'arr\u00eat\u00e9 n\u00b02024-01375 du 17 septembre 2024  \nVOIES ET DELAIS DE RECOURS\n_______________________\nSi vous estimez devoir contester la pr\u00e9sente autorisation, il vous est possible, dans un d\u00e9lai\nde deux mois \u00e0 compter de la date de son affichage ou de sa publication \u00a0:\n-soit de saisir d'un RECOURS GRACIEUX\nle Pr\u00e9fet de Police\n7/9, boulevard du Palais - 75195 PARIS RP\n- ou de former un RECOURS HIERARCHIQUE\n  aupr\u00e8s du Ministre de l'int\u00e9rieur et des outre-mer\n  Direction des libert\u00e9s publiques et des affaires juridiques\n  place Beauvau - 75008 PARIS\n- soit de saisir d'un RECOURS CONTENTIEUX\nle Tribunal administratif comp\u00e9tent\nAucune de ces voies et recours ne suspend l'application de la pr\u00e9sente d\u00e9cision.\nLes recours GRACIEUX et HIERARCHIQUE doivent \u00eatre \u00e9crits, exposer les arguments \nou faits nouveaux et comprendre la copie de la d\u00e9cision contest\u00e9e.\nLe recours contentieux, qui vise \u00e0 contester la LEGALITE de la pr\u00e9sente d\u00e9cision, doit \n\u00e9galement \u00eatre \u00e9crit et exposer votre argumentation juridique.\nSi vous n'aviez pas de r\u00e9ponse \u00e0 votre recours GRACIEUX ou HIERARCHIQUE dans un\nd\u00e9lai de deux mois \u00e0 compter de la r\u00e9ception de votre recours par l'administration, \nvotre demande devra \u00eatre consid\u00e9r\u00e9e comme rejet\u00e9e (d\u00e9cision implicite de rejet).\nEn cas de rejet des RECOURS GRACIEUX ou HIERARCHIQUE, le Tribunal administratif\npeut \u00eatre saisi d'un recours contentieux dans le d\u00e9lai de deux mois \u00e0 compter de la \ndate de la d\u00e9cision de rejet.\n2024-01375 \u00a0\u00a0\u00a0\u00a0\u00a0\u00a0\u00a0\u00a0\u00a0\u00a0\u00a0\u00a0\u00a0\u00a0\u00a0\u00a0\u00a0\u00a0\u00a0\u00a0\u00a0\u00a0\u00a0\u00a0\u00a0\u00a0\u00a0\u00a0\u00a0\u00a0\u00a0\u00a0\u00a0\u00a0\u00a0\u00a0\u00a0\u00a0\u00a0\u00a0\u00a0\u00a0\u00a0\u00a0\u00a0\u00a0\u00a0\u00a0\u00a0\u00a0\u00a0\u00a0\u00a0\u00a0\u00a0\u00a0\u00a0\u00a0\u00a0\u00a0\u00a0\u00a0\u00a0\u00a0\u00a0\u00a0\u00a0\u00a0\u00a0\u00a0\u00a0\u00a0\u00a0\u00a0\u00a0\u00a0\u00a0\u00a0\u00a0\u00a0\u00a0\u00a0\u00a0\u00a0\u00a0\u00a0\u00a0\u00a0\u00a0\u00a0\u00a0\u00a0\u00a0\u00a0\u00a0\u00a0\u00a0\u00a0\u00a0\u00a0\u00a0\u00a0\u00a0\u00a0\u00a0\u00a0\u00a0\u00a0\u00a0\u00a0\u00a0\u00a0\u00a0\u00a0\u00a0\u00a0\u00a0\u00a0\u00a0\u00a0\u00a0\u00a0\u00a0\u00a0\u00a0\u00a0\u00a0\u00a0\u00a0\u00a0\u00a0\u00a0\u00a0\u00a0\u00a0\u00a0\u00a0\u00a0\u00a0\u00a0\u00a0\u00a0\u00a0\u00a0\u00a0\u00a0\u00a0\u00a0\u00a0\u00a0\u00a0\u00a0\u00a0\u00a0\u00a0\u00a0\u00a0\u00a0\u00a0\u00a0\u00a0\u00a0\u00a0\u00a0\u00a0\u00a0\u00a0\u00a0\u00a0\u00a0\u00a0\u00a0\u00a04Pr\u00e9fecture de Police - 75-2024-09-17-00005 - Arr\u00eat\u00e9 n\u00b02024-01375 autorisant la captation, l'enregistrement et la transmission d'images\nau moyen de cam\u00e9ras install\u00e9es sur des a\u00e9ronefs \u00e0 l'occasion de la 1\u00e8re journ\u00e9e de la Ligue des Champions de football au Parc des\nPrinces le mercredi 18 septembre 2024 30\nPARC  DES  PRINCES\nDu Mercredi  18 Septembre  2024  a 17h00\nau Jeudi  19 Septembre  2024  \u00e0 01h00\n21h00  : PSG - GIRONE  FC\nAutoroute  ALD\nJe Ce 12 porte  \u20ac ActedAn de le porte  & Auteuil\n+> ws\n \n2024-01375 \u00a0\u00a0\u00a0\u00a0\u00a0\u00a0\u00a0\u00a0\u00a0\u00a0\u00a0\u00a0\u00a0\u00a0\u00a0\u00a0\u00a0\u00a0\u00a0\u00a0\u00a0\u00a0\u00a0\u00a0\u00a0\u00a0\u00a0\u00a0\u00a0\u00a0\u00a0\u00a0\u00a0\u00a0\u00a0\u00a0\u00a0\u00a0\u00a0\u00a0\u00a0\u00a0\u00a0\u00a0\u00a0\u00a0\u00a0\u00a0\u00a0\u00a0\u00a0\u00a0\u00a0\u00a0\u00a0\u00a0\u00a0\u00a0\u00a0\u00a0\u00a0\u00a0\u00a0\u00a0\u00a0\u00a0\u00a0\u00a0\u00a0\u00a0\u00a0\u00a0\u00a0\u00a0\u00a0\u00a0\u00a0\u00a0\u00a0\u00a0\u00a0\u00a0\u00a0\u00a0\u00a0\u00a0\u00a0\u00a0\u00a0\u00a0\u00a0\u00a0\u00a0\u00a0\u00a0\u00a0\u00a0\u00a0\u00a0\u00a0\u00a0\u00a0\u00a0\u00a0\u00a0\u00a0\u00a0\u00a0\u00a0\u00a0\u00a0\u00a0\u00a0\u00a0\u00a0\u00a0\u00a0\u00a0\u00a0\u00a0\u00a0\u00a0\u00a0\u00a0\u00a0\u00a0\u00a0\u00a0\u00a0\u00a0\u00a0\u00a0\u00a0\u00a0\u00a0\u00a0\u00a0\u00a0\u00a0\u00a0\u00a0\u00a0\u00a0\u00a0\u00a0\u00a0\u00a0\u00a0\u00a0\u00a0\u00a0\u00a0\u00a0\u00a0\u00a0\u00a0\u00a0\u00a0\u00a0\u00a0\u00a0\u00a0\u00a0\u00a0\u00a0\u00a0\u00a0\u00a0\u00a0\u00a0\u00a0\u00a0\u00a05Pr\u00e9fecture de Police - 75-2024-09-17-00005 - Arr\u00eat\u00e9 n\u00b02024-01375 autorisant la captation, l'enregistrement et la transmission d'images\nau moyen de cam\u00e9ras install\u00e9es sur des a\u00e9ronefs \u00e0 l'occasion de la 1\u00e8re journ\u00e9e de la Ligue des Champions de football au Parc des\nPrinces le mercredi 18 septembre 2024 31","date":"2024-09-17","first_seen_on":"2024-09-17T16:40:11+00:00","id":"3d79ae71292148bcdd9c09f9ea6185d42335c7e51aedd041218a55cfcde747fc","name":"recueil-75-2024-594-recueil-des-actes-administratifs-special du 17.09.2024","pdf_creation_date":"2024-09-17T14:58:02+00:00","pdf_modification_date":null,"timezone":"Europe/Paris","url":"https://www.prefectures-regions.gouv.fr/ile-de-france/irecontenu/telechargement/120262/893114/file/recueil-75-2024-594-recueil-des-actes-administratifs-special%20du%2017.09.2024.pdf"}
