{"administration":"pref13","administration_name":"Pr\u00e9fecture des Bouches-du-Rh\u00f4ne","content":"BOUCHES-DU-\nRH\u00d4NE\nRECUEIL DES ACTES\nADMINISTRATIFS SP\u00c9CIAL\nN\u00b013-2024-286\nPUBLI\u00c9 LE 12 NOVEMBRE 2024\nSommaire\nDDETS 13 /\n13-2024-11-08-00010 - R\u00e9c\u00e9piss\u00e9 de d\u00e9claration au titre des Services\n\u00e0 la Personne au b\u00e9n\u00e9fice de  Madame GARCIA DE PEREDA\nRODRIGUEZ Blanca en qualit\u00e9 d'entrepreneur individuel situ\u00e9 1 rue\nJean Moulin - 13500 MARTGUES (2 pages) Page 3\nDirection Departementale des Territoires et de la Mer 13 /\n13-2024-11-08-00011 - Arr\u00eat\u00e9 portant r\u00e9glementation temporaire de la\ncirculation sur l'autoroute A51 pour permettre la r\u00e9alisation d'un\nexercice de s\u00e9curit\u00e9 annuel dans le tunnel de Mirabeau (3 pages) Page 6\nDirection R\u00e9gionale des Douanes /\n13-2024-11-04-00022 - D\u00e9cision du directeur interr\u00e9gional des douanes\net droits indirects de PACA-Corse portant d\u00e9l\u00e9gation de signature et\nannexe  (2 pages) Page 10\nPr\u00e9fecture des Bouches-du-Rhone /\n13-2024-10-31-00010 - Arr\u00eat\u00e9 du 31 octobre 2024\nportant ouverture\nd'un recrutement contractuel de travailleur handicap\u00e9 pour\nl'acc\u00e8s au grade d'adjoint administratif principal de 2\u00e8me classe\nde l'int\u00e9rieur et de l'outre-mer (3 pages) Page 13\n13-2024-11-08-00012 - Arr\u00eat\u00e9 du 8 novembre 2024\nportant\nmodification de la composition de la commission de s\u00e9lection d'un\nrecrutement  par voie de PACTE pour l'acc\u00e8s au grade d'adjoint\nadministratif  de l'int\u00e9rieur et de l'outre-mer pour la r\u00e9gion\nProvence-Alpes-C\u00f4te-d'Azur au titre de l'ann\u00e9e 2024 (2 pages) Page 17\nSous pr\u00e9fecture de l'arrondissement d'Istres /\n13-2024-11-12-00001 - Arr\u00eat\u00e9 pr\u00e9fectoral n\u00b02024-134 de traitement\nde l'insalubrit\u00e9 du logement situ\u00e9 22 rue Emile ZOLA \u00e0 Rognac (13340)\n(3 pages) Page 20\n2\nDDETS 13\n13-2024-11-08-00010\nR\u00e9c\u00e9piss\u00e9 de d\u00e9claration au titre des Services \u00e0\nla Personne au b\u00e9n\u00e9fice de  Madame GARCIA DE\nPEREDA RODRIGUEZ Blanca en qualit\u00e9\nd'entrepreneur individuel situ\u00e9 1 rue Jean Moulin\n- 13500 MARTGUES\nDDETS 13 - 13-2024-11-08-00010 - R\u00e9c\u00e9piss\u00e9 de d\u00e9claration au titre des Services \u00e0 la Personne au b\u00e9n\u00e9fice de  Madame GARCIA DE\nPEREDA RODRIGUEZ Blanca en qualit\u00e9 d'entrepreneur individuel situ\u00e9 1 rue Jean Moulin - 13500 MARTGUES 3\nEn\nPREFET\nDES  BOUCHES-\nDU-RHONE\nLibert\u00e9\nEgalit\u00e9\nFraternit\u00e9\n \nDirection D\u00e9partementale\nde l'Emploi, du Travail\n et des Solidarit\u00e9s\ndes Bouches du Rh\u00f4ne\nP\u00f4le \u00c9conomie Emploi Entreprises\nD\u00e9partement Insertion Professionnelle\n      R\u00e9c\u00e9piss\u00e9 de d\u00e9claration n\u00b0 \u2026\u2026\n                   d'un organisme de services \u00e0 la personne\n                      enregistr\u00e9 sous le N\u00b0  SAP934864034\nVu  le  code  du  travail  et  notamment les articles  L.7231-1  \u00e0  L.7233-2,  R.7232-16  \u00e0 \nR.7232-22, D.7231-1 et D.7233-1 \u00e0 D.7233-5,\nLe pr\u00e9fet de la R\u00e9gion Provence-Alpes-C\u00f4te d'Azur  Pr\u00e9fet de la Zone de D\u00e9fense et \nde S\u00e9curit\u00e9 Sud,  Pr\u00e9fet des Bouches-du-Rh\u00f4ne,\nCONSTATE\nQu'une d\u00e9claration d'activit\u00e9s de Services \u00e0 la Personne a \u00e9t\u00e9 d\u00e9pos\u00e9e aupr\u00e8s de la  \nDirection D\u00e9partementale de l'Emploi, du Travail et des Solidarit\u00e9s des Bouches-du-\nRh\u00f4ne le, 6 novembre 2024 par Madame GARCIA DE PEREDA RODRIGUEZ Blanca  en \nqualit\u00e9  d'entrepreneur  individuel  situ\u00e9  1  rue  Jean  Moulin  -  13500  MARTGUES  et  \nenregistr\u00e9  sous  le  N\u00b0  SAP934864034  pour  les  activit\u00e9s  suivantes  en  mode  \nprestataire :\n  \u2022   Entretien de la maison et travaux m\u00e9nagers \n \nToute  modification  concernant  les  activit\u00e9s  exerc\u00e9es  devra  faire  l'objet  d'une  \nd\u00e9claration modificative pr\u00e9alable.\nSous r\u00e9serve d'\u00eatre exerc\u00e9es \u00e0 titre exclusif au profit de particuliers, \u00e0 leur domicile  \n(ou sous r\u00e9serve d'une comptabilit\u00e9 s\u00e9par\u00e9e pour les personnes morales dispens\u00e9es  \nde cette condition), ces activit\u00e9s ouvrent droit au b\u00e9n\u00e9fice des dispositions des  \narticles L.7233-2 du code du travail et L.241-10 du code de la s\u00e9curit\u00e9 sociale dans les  \nconditions pr\u00e9vues par ces articles.\nLes effets de la d\u00e9claration courent \u00e0 compter du jour du d\u00e9p\u00f4t de la d\u00e9claration  \nsous r\u00e9serve des dispositions de  l'article R.7232-18 du code du travail.\nEn application  des articles L.7232-1 et R.7232-1 \u00e0 R.7232-15, les activit\u00e9s n\u00e9cessitant  \nun  agr\u00e9ment  (I  de  l'article  D.7231-1  du  code  du  travail)  n'ouvrent  droit  \u00e0  ces  \ndispositions  que  si  la  structure  a  pr\u00e9alablement  obtenu  l'agr\u00e9ment  ou  le  DDETS 13 - 13-2024-11-08-00010 - R\u00e9c\u00e9piss\u00e9 de d\u00e9claration au titre des Services \u00e0 la Personne au b\u00e9n\u00e9fice de  Madame GARCIA DE\nPEREDA RODRIGUEZ Blanca en qualit\u00e9 d'entrepreneur individuel situ\u00e9 1 rue Jean Moulin - 13500 MARTGUES 4\nrenouvellement  de  cet  agr\u00e9ment  dans  le  ou  les  d\u00e9partements  d'exercice  de  ses  \nactivit\u00e9s.\nDe m\u00eame, en application de l'article D.312-6-2 du code de l'action sociale et des  \nfamilles, les activit\u00e9s n\u00e9cessitant une autorisation n'ouvrent droit \u00e0 ces dispositions  \nque si l'organisme a pr\u00e9alablement obtenu l'autorisation ou le renouvellement de  \ncette autorisation.\nLe pr\u00e9sent r\u00e9c\u00e9piss\u00e9 n'est pas limit\u00e9 dans le temps.  La d\u00e9claration a une port\u00e9e  \nnationale.\nL'enregistrement de la d\u00e9claration peut \u00eatre retir\u00e9 dans les conditions fix\u00e9es aux  \narticles R.7232-20 \u00e0 R.7232-22 du code du travail.\nLe pr\u00e9sent r\u00e9c\u00e9piss\u00e9 sera publi\u00e9 au Recueil des Actes Administratifs de la Pr\u00e9fecture  \ndes Bouches-du-Rh\u00f4ne.\nFait \u00e0 Marseille, le  8 novembre 2024\nPar emp\u00eachement de la Directrice  \nD\u00e9partementale de l'Emploi, du Travail et  \ndes Solidarit\u00e9s des Bouches-du-Rh\u00f4ne,\nLa Responsable du d\u00e9partement \naccompagnement des mutations \n\u00e9conomiques et d\u00e9veloppement des \ncomp\u00e9tences,\nSign\u00e9\nElodie  CARITEYDDETS 13 - 13-2024-11-08-00010 - R\u00e9c\u00e9piss\u00e9 de d\u00e9claration au titre des Services \u00e0 la Personne au b\u00e9n\u00e9fice de  Madame GARCIA DE\nPEREDA RODRIGUEZ Blanca en qualit\u00e9 d'entrepreneur individuel situ\u00e9 1 rue Jean Moulin - 13500 MARTGUES 5\nDirection Departementale des Territoires et de\nla Mer 13\n13-2024-11-08-00011\nArr\u00eat\u00e9 portant r\u00e9glementation temporaire de la\ncirculation sur l'autoroute A51 pour permettre la\nr\u00e9alisation d'un exercice de s\u00e9curit\u00e9 annuel dans\nle tunnel de Mirabeau\nDirection Departementale des Territoires et de la Mer 13 - 13-2024-11-08-00011 - Arr\u00eat\u00e9 portant r\u00e9glementation temporaire de la\ncirculation sur l'autoroute A51 pour permettre la r\u00e9alisation d'un exercice de s\u00e9curit\u00e9 annuel dans le tunnel de Mirabeau 6\n=n\nPREFET\nDES  BOUCHES-\nDU-RHONE\nLibert\u00e9\nEgalit\u00e9\nFraternit\u00e9\nDirection d\u00e9partementale\ndes Territoires et de la Mer\ndes Bouches-du-Rh\u00f4ne\nArr\u00eat\u00e9 portant r\u00e9glementation temporaire de la circulation sur l'autoroute A51\npour permettre la r\u00e9alisation d'un exercice de s\u00e9curit\u00e9 annuel dans le tunnel de\nMirabeau\nLe Pr\u00e9fet de la r\u00e9gion Provence-Alpes-C\u00f4te d'Azur\nPr\u00e9fet de la zone de d\u00e9fense et de s\u00e9curit\u00e9 Sud\nPr\u00e9fet des Bouches-du-Rh\u00f4ne\nVU la Loi n\u00b0 55.435 du 18 avril 1955 modifi\u00e9e portant statut des autoroutes ;\nVU la Loi n\u00b0 82.213 du 2 mars 1982 sur les droits et libert\u00e9s des communes, des d\u00e9partements et des r\u00e9gions,\nmodifi\u00e9e ;\nVU le Code de la route ;\nVU le Code de la voirie routi\u00e8re ;\nVU le d\u00e9cret du 29 novembre 1982, approuvant la convention de concession pass\u00e9e entre l'\u00c9tat et la Soci\u00e9t\u00e9\ndes Autoroutes Est\u00e9rel Cote d'Azur Provence Alpes (ESCOTA) pour la concession de la construction, de l'entre-\ntien et de l'exploitation des Autoroutes Conc\u00e9d\u00e9es et ses avenants ult\u00e9rieurs ;\nVU le d\u00e9cret n\u00b02001-942 en date du 9 octobre 2001 modifi\u00e9, relatif au contr\u00f4le des soci\u00e9t\u00e9s concessionnaires\nd'autoroutes ou d'ouvrages d'art ;\nVU le d\u00e9cret n\u00b02004-374 du 29 avril 2004 modifi\u00e9, relatif aux pouvoirs des Pr\u00e9fets, \u00e0 l'organisation et \u00e0 l'action\ndes services de l'\u00c9tat dans les r\u00e9gions et d\u00e9partements ;\nVU l'arr\u00eat\u00e9 interminist\u00e9riel du 24 novembre 1967 modifi\u00e9, relatif \u00e0 la signalisation des routes et autoroutes ;\nVU la note technique du 14 avril 2016, relative \u00e0 la coordination des chantiers du r\u00e9seau routier national (RRN) ;\nVU le r\u00e8glement de l'exploitation de la Soci\u00e9t\u00e9 ESCOTA, en date du 27 juin 2023 ;\nVU l'arr\u00eat\u00e9 permanent n\u00b013-2019-10-23-003 de chantiers courants pour les autoroutes A8, A50, A51, A52, A501\net A520 dans leurs parties conc\u00e9d\u00e9es \u00e0 la soci\u00e9t\u00e9 ESCOTA dans le d\u00e9partement des Bouches-du-Rh\u00f4ne en\ndate du 23 octobre 2019 ;\nVU l'arr\u00eat\u00e9 n\u00b013-2024-07-11-00002 du 11 juillet 2024 portant d\u00e9l\u00e9gation de signature \u00e0 M. Patrick VAUTERIN,\nDirecteur D\u00e9partemental interminist\u00e9riel des Territoires et de la Mer des Bouches-du-Rh\u00f4ne ;\nVU l'arr\u00eat\u00e9 n\u00b013-2024-09-16-00007 du 16 septembre 2024 portant d\u00e9l\u00e9gation de signature aux agents de la\nDirection D\u00e9partementale des Territoires et de la Mer des Bouches-du-Rh\u00f4ne ;\n16, rue Antoine Zattara  \u2013 13332 Marseille Cedex 3\nT\u00e9l\u00e9phone : 04 91 28 40 40\nwww.bouches-du-rhone.gouv.fr\nDirection Departementale des Territoires et de la Mer 13 - 13-2024-11-08-00011 - Arr\u00eat\u00e9 portant r\u00e9glementation temporaire de la\ncirculation sur l'autoroute A51 pour permettre la r\u00e9alisation d'un exercice de s\u00e9curit\u00e9 annuel dans le tunnel de Mirabeau 7\nCONSID\u00c9RANT la demande de la Soci\u00e9t\u00e9 ESCOTA en date du 30 octobre 2024 ;\nCONSID\u00c9RANT l'avis de la Direction G\u00e9n\u00e9rale des Infrastructures, des Transports et des Mobilit\u00e9s en\ndate du 05 novembre 2024 ;\nCONSID\u00c9RANT qu'il importe d'assurer la s\u00e9curit\u00e9 des usagers de l'autoroute ainsi que celle des agents de\nla Soci\u00e9t\u00e9 ESCOTA, et du personnel des entreprises charg\u00e9es d'effectuer l'exercice de s\u00e9curit\u00e9 annuel, il y a\nlieu de r\u00e9glementer  temporairement la circulation sur l'autoroute A51,  le 9 d\u00e9cembre 2024  (semaine\n50/2024) .\nSur Proposition de Monsieur le Directeur D\u00e9partemental des Territoires et de la Mer des Bouches-du-Rh\u00f4ne ;\nARR\u00caTE\nArticle   p      remier   :\nPour permettre la r\u00e9alisation d'un exercice de s\u00e9curit\u00e9 annuel dans le tunnel de Mirabeau (PR 20.900/20.351),\nsur la section comprise entre le diffuseur n\u00b0 15 \u00ab Pertuis \u00bb PR 35.500 et 35.900 et le diffuseur n\u00b0 17 \u00ab Cada-\nrache \u00bb (PR 56.700), la circulation est r\u00e9glement\u00e9e, le lundi 09 d\u00e9cembre 2024 de 08h00 \u00e0 17h00, comme\nsuit :\nDans le sens Aix-en-Provence vers Gap , du PR 50.380 au PR 52.000 la circulation est bascul\u00e9e sur la chaus-\ns\u00e9e oppos\u00e9e et la circulation s'effectue sur une voie dans les deux sens de circulation, sur la m\u00eame chauss\u00e9e.\nArticle         2   : Information planning pr\u00e9visionnel\nUne information concernant l'avancement des travaux ainsi que le planning pr\u00e9visionnel de fermetures de bre-\ntelles est transmise chaque fin de semaine, le vendredi au plus tard avant 09h00, aux destinataires suivants :\n\u2022La Radio Vinci-Autoroutes (107.7) ;\n\u2022La Pr\u00e9fecture des Bouches-du-Rh\u00f4ne ;\n\u2022Le Conseil D\u00e9partemental des Bouches-du-Rh\u00f4ne ;\n\u2022La Cellule de crise de la DDTM des Bouches-du-Rh\u00f4ne.\nA  rticle         3   : Suivi des signalisations et s\u00e9curit\u00e9\nLes signalisations correspondant aux prescriptions du pr\u00e9sent arr\u00eat\u00e9 sont conformes \u00e0 la 8\u1d49 partie relative \u00e0 la\nsignalisation temporaire de l'Instruction interminist\u00e9rielle sur la signalisation routi\u00e8re (IISR). Elles sont\nmises en place, entretenues et surveill\u00e9es par les services de l'exploitation  de la soci\u00e9t\u00e9 ESCOTA pendant toute\nla p\u00e9riode des travaux.\nLes usagers sont inform\u00e9s des travaux par la mise en place de panneaux d'information, par l'affichage de\nmessages sur Panneau \u00e0 messages variables (PMV) sur les autoroutes A50 \u2013 A52 et A501 et la diffusion de\nmessages via Radio Vinci  Autoroutes (107.7).\nArt  i  cle         4   : Recours\nLe pr\u00e9sent arr\u00eat\u00e9 peut faire l'objet d'un recours contentieux devant le tribunal administratif de Marseille dans\nun d\u00e9lai de deux mois \u00e0 compter de sa publication au recueil des actes administratifs de la pr\u00e9fecture des\nBouches-du-Rh\u00f4ne.\nLa juridiction administrative comp\u00e9tente peut aussi \u00eatre saisie par l'application T\u00e9l\u00e9recours citoyen accessible\n\u00e0 partir du site web www.telerecours.fr .\n16, rue Antoine Zattara  \u2013 13332 Marseille Cedex 3\nT\u00e9l\u00e9phone : 04 91 28 40 40\nwww.bouches-du-rhone.gouv.frDirection Departementale des Territoires et de la Mer 13 - 13-2024-11-08-00011 - Arr\u00eat\u00e9 portant r\u00e9glementation temporaire de la\ncirculation sur l'autoroute A51 pour permettre la r\u00e9alisation d'un exercice de s\u00e9curit\u00e9 annuel dans le tunnel de Mirabeau 8\nArt  i  cle         5   : Diffusion\nLe pr\u00e9sent arr\u00eat\u00e9 est adress\u00e9 aux destinataires suivants :\n\u2022Le Secr\u00e9taire G\u00e9n\u00e9ral de la Pr\u00e9fecture des Bouches-du-Rh\u00f4ne ;\n\u2022Le Directeur D\u00e9partemental des Territoires et de la Mer des Bouches-du-Rh\u00f4ne ;\n\u2022La Pr\u00e9sidente du Conseil D\u00e9partemental des Bouches-du-Rh\u00f4ne ;\n\u2022Le Directeur de la Soci\u00e9t\u00e9 des Autoroutes Est\u00e9rel, C\u00f4te d'Azur, Provence, Alpes ;\n\u2022Le Directeur Interd\u00e9partemental de la Police Nationale des Bouches-du-Rh\u00f4ne ;\n\u2022Le Colonel Commandant du Groupement de Gendarmerie des Bouches-du-Rh\u00f4ne ;\n\u2022Le Commandant du Peloton Autoroutier de Gendarmerie d'Aubagne ;\n\u2022Les maires des communes de Pertuis, Jouques et Saint-Paul-lez-Durance.\nCharg\u00e9s chacun en ce qui le concerne, d'en assurer l'ex\u00e9cution, ainsi que pour information \u00e0 la Direction inter-\nd\u00e9partementale des routes M\u00e9diterran\u00e9e (DIR de Zone SUD).\nMarseille, le 08/11/2024\nPour le Pr\u00e9fet et par d\u00e9l\u00e9gation,\nLe Chef de P\u00f4le Gestion de Crise, Transports\nAnne-Ga\u00eblle COUSSEAU\n16, rue Antoine Zattara  \u2013 13332 Marseille Cedex 3\nT\u00e9l\u00e9phone : 04 91 28 40 40\nwww.bouches-du-rhone.gouv.frSign\u00e9Direction Departementale des Territoires et de la Mer 13 - 13-2024-11-08-00011 - Arr\u00eat\u00e9 portant r\u00e9glementation temporaire de la\ncirculation sur l'autoroute A51 pour permettre la r\u00e9alisation d'un exercice de s\u00e9curit\u00e9 annuel dans le tunnel de Mirabeau 9\nDirection R\u00e9gionale des Douanes\n13-2024-11-04-00022\nD\u00e9cision du directeur interr\u00e9gional des douanes\net droits indirects de PACA-Corse portant\nd\u00e9l\u00e9gation de signature et annexe \nDirection R\u00e9gionale des Douanes - 13-2024-11-04-00022 - D\u00e9cision du directeur interr\u00e9gional des douanes et droits indirects de\nPACA-Corse portant d\u00e9l\u00e9gation de signature et annexe 10\nDECISION  DU DIRECTEUR  INTERREGIONAL  DES DOUANES  ET DROITS  INDIRECTS\nDE PROVENCE-ALPES-COTE  D' AZUR-CORSE!\nPORTANT  DELEGATION  DE SIGNATURE  |\n(N\u00b001-2024)\nVU le livre des proc\u00e9dures  fiscales  et notamment  ses articles  L.286  BA et R*286  BA-] ;\nArticle  1*\u2014 Re\u00e7oivent  d\u00e9l\u00e9gation  permanente  \u00e0 l'effet de signer  en mon nom, et dans la limite de leurs\nattributions,  les agents  ayant au moins le grade de directeur  des services  douaniers  ou un grade \u00e9quivalent\ndont les nom, pr\u00e9nom  et grade sont repris en annexe  de la pr\u00e9sente  d\u00e9cision,  pour les d\u00e9cisions  autorisant  les\nagents  de la direction\"  \u00e0 b\u00e9n\u00e9ficier  de la protection  l\u00e9gale de l'identit\u00e9  des agents  des douanes  pr\u00e9vue  \u00e0\nl'article  L.286 BA du livre des proc\u00e9dures  fiscales,  en cas de risque  pour leur vie, leur int\u00e9grit\u00e9  physique  ou\ncelles  de leurs proches,  en mati\u00e8re  de contributions  indirectes.\nArticle  2 \u2014 La pr\u00e9sente  d\u00e9cision  et son annexe,  sont publi\u00e9es  au recueil  des actes administratifs  du\nd\u00e9partement  du si\u00e8ge de la direction  interr\u00e9gionale  et de celui du b\u00e9n\u00e9ficiaire  de la d\u00e9l\u00e9gation  de signature  si\nce b\u00e9n\u00e9ficiaire  est en poste dans un d\u00e9partement  diff\u00e9rent  de celui du si\u00e8ge de la direction.\nFait \u00e0 Marseille,  le 04 novembre  2024\nSign\u00e9\nFranck  TESTANIERE\n| Retenir  la mention  ad\u00e9quate  selon la direction  concern\u00e9e  [interr\u00e9gion,  direction  r\u00e9gionale  dans les d\u00e9partements\nd'outre-mer  (DOM)  ou direction  \u00e0 comp\u00e9tence  nationale]  |\n2 Ils'agit  ici, selon le cas, des directions  interr\u00e9gionales,  directions  r\u00e9gionales  (pour les DOM) et directions  \u00e0\ncomp\u00e9tence  nationale.\nDirection R\u00e9gionale des Douanes - 13-2024-11-04-00022 - D\u00e9cision du directeur interr\u00e9gional des douanes et droits indirects de\nPACA-Corse portant d\u00e9l\u00e9gation de signature et annexe 11\n\"opeuoreu doUd}9dWIOD RB SUOT}OAIIP 19 (INO SPI mod) sajeuol891 SUOTIDOIIP 'SA[EUOIBQLOIUI SUONIAJIP SEP 'suo a] UOTAS LOI WSB.S |] T'[ajeuoneu soudjaduiod B UOOAIp NO - WO \u2014 2W-2NN0.P sjuowiayedgp so] Suep a[eUOISal UONaAIP \"UOTS9.L19}UT] 99UIZOUOS UOHISIP BJ UO[SS ayenbape uoruauu e] HUAOY |4D MAL SUAINVNOG SHDIAUIS SAG WNA.LIAAIG ayjoep-ouuy AAYAHANANODAT SUFINVNOM SADIAUAS SAG UNALOAUIA eIuoS ALNODAT\"DAZ SUAINVNOG SADIAUAS SAG WNALOAUIA eijuBUeS NOUNAYAA19 ANAL SUAINVNOM SAOIANAS SAG UNALOAMIG 1980Y AAINODawos9f SATVSTOIT SUAINVNOG SADIANAS SAG HNALITAIG41D ANAL SUAINVNOT SADIAUAS SAG UNALOAUIA aueydas TaN19 MAL SUFINVNO SADIAUAS SAG UNALOAUIG vapuexaty HTIN\u00d4OSVASUAINVNOC SAOIAUAS TVdd ANALOTAIA als ADVAVT4D ANAL SUFINVNOM SAOIAUAS SAC UNALOAUIG WBUAN V'1NOS2pr19 wougid WON =pTOT TUANAIAON pQ 14SA LOGMIGNI SNOLLAIRLLNOOD 3G AUALLVN NA *SAHOOUd SAATAQ SATA) 10 AN\u00d4ISAHA JLIADGLNI WAT \"ALA AAT HAO4 ANOSNI AA SVI NA 'Sq IVOSLA SAUNGIOONd SAG ANAT NA VA 9877 PILLAY (1 VY ANAFUA SANVAOG SAC SLNIODVS4Q FLLLNAGI,T AG ATVOIT NOLLOALOUd VT Ad MAHIOIAANIA Y -NOLLOAMIG VI Ad SINFDV STI LNVSIMOLAY SNOISIOGG SAT HNAO4 HAALYNOIS AG NOLLVOITIG INV.LUOd, IsNOD-wzZy ,4 ALQQ-SAdTY JONAAON AGSIDANIGNI SLIOUG LA SANVIO SAG TVNOIDFAAALNI AIILOTUIG NA NOISIOGd V1 V' AXANNV\nDirection R\u00e9gionale des Douanes - 13-2024-11-04-00022 - D\u00e9cision du directeur interr\u00e9gional des douanes et droits indirects de\nPACA-Corse portant d\u00e9l\u00e9gation de signature et annexe 12\nPr\u00e9fecture des Bouches-du-Rhone\n13-2024-10-31-00010\nArr\u00eat\u00e9 du 31 octobre 2024\nportant ouverture d'un recrutement contractuel\nde travailleur handicap\u00e9 pour l'acc\u00e8s au grade\nd'adjoint administratif principal de 2\u00e8me classe\nde l'int\u00e9rieur et de l'outre-mer\nPr\u00e9fecture des Bouches-du-Rhone - 13-2024-10-31-00010 - Arr\u00eat\u00e9 du 31 octobre 2024\nportant ouverture d'un recrutement contractuel de travailleur handicap\u00e9 pour l'acc\u00e8s au grade d'adjoint administratif principal de\n2\u00e8me classe de l'int\u00e9rieur et de l'outre-mer13\nPREFET\nDES  BOUCHES-\nDU-RHONE\nLibert\u00e9\nEgalit\u00e9\nFraternit\u00e9\n  Secr\u00e9tariat G\u00e9n\u00e9ral Commun\nService des Ressources Humaines\nMission du d\u00e9veloppement des ressources humaines\nArr\u00eat\u00e9 du 31 octobre 2024\nportant ouverture d'un recrutement contractuel de travailleur handicap\u00e9 pour l'acc\u00e8s  \nau grade d'adjoint administratif principal de 2\u00e8me classe de l'int\u00e9rieur et de l'outre-mer\nLe Pr\u00e9fet de la r\u00e9gion Provence-Alpes-C\u00f4te-d'Azur\nPr\u00e9fet de la zone de d\u00e9fense et de s\u00e9curit\u00e9 sud\nPr\u00e9fet des Bouches-du-Rh\u00f4ne\nVu la loi n\u00b0 83-634 du 13 juillet 1983 portant droits et obligations des fonctionnaires, ensemble  \nla loi n\u00b0 84-16 du 11 janvier 1984 modifi\u00e9e portant dispositions statutaires, relatives \u00e0 la  \nFonction Publique de l'\u00c9tat, modifi\u00e9e  ;\nVu  le  d\u00e9cret  n\u00b095-979  du  25  ao\u00fbt  1995  modifi\u00e9  relatif  au  recrutement  des  travailleurs  \nhandicap\u00e9s dans la fonction publique pris pour l'application de l'article 27 de la loi n\u00b0 84-16 du  \n11 janvier 1984 portant dispositions statutaires relatives \u00e0 la fonction publique de l'\u00c9tat  ;\nVu le d\u00e9cret n\u00b0 2002-1228 du 29 septembre 2005 relatif \u00e0 l'organisation des carri\u00e8res de  \nfonctionnaires de cat\u00e9gorie C modifi\u00e9 par le d\u00e9cret n\u00b02006-1458 du 27 novembre 2006  ;\nVu le d\u00e9cret n\u00b0 2006-1760 du 23 d\u00e9cembre 2006 relatif aux dispositions statutaires communes  \napplicables aux corps d'adjoints administratifs des administrations de l'\u00c9tat  ;\nVu l'arr\u00eat\u00e9 du 19 f\u00e9vrier  2024 fixant le nombre et la r\u00e9partition g\u00e9ographique des postes \nofferts au titre de l'ann\u00e9e 2024 aux concours externe et interne pour le recrutement d'adjoints \nadministratifs principaux de 2e classe de l'int\u00e9rieur et de l'outre-mer  ;\nVu  le  BAL  du  15  octobre  2024  pr\u00e9cisant  les  autorisations  de  recrutement  pour  le  corps  \nd'adjoint administratif, le recrutement de travailleurs handicap\u00e9s et d'emplois r\u00e9serv\u00e9s dans le  \ncadre du PCR ;\nVu l'arr\u00eat\u00e9 pr\u00e9fectoral du 16 octobre 2023 portant d\u00e9l\u00e9gation de signature \u00e0 Monsieur Cyrille  \nLE VELY, Secr\u00e9taire G\u00e9n\u00e9ral de la Pr\u00e9fecture des Bouches-du-Rh\u00f4ne  ;\nSur proposition du secr\u00e9taire g\u00e9n\u00e9ral de la pr\u00e9fecture des Bouches-du-Rh\u00f4ne, chef lieu de la \nr\u00e9gion Provence-Alpes-C\u00f4te-d'Azur  ;\nPr\u00e9fecture des Bouches-du-Rh\u00f4ne, Place F\u00e9lix Baret - CS 80001 \u2013 13282 Marseille Cedex 06 -\u2013 T\u00e9l\u00e9phone : 04.84.35.40.00 \u2013 T\u00e9l\u00e9copie : 04.84.35.48.55\nPr\u00e9fecture des Bouches-du-Rhone - 13-2024-10-31-00010 - Arr\u00eat\u00e9 du 31 octobre 2024\nportant ouverture d'un recrutement contractuel de travailleur handicap\u00e9 pour l'acc\u00e8s au grade d'adjoint administratif principal de\n2\u00e8me classe de l'int\u00e9rieur et de l'outre-mer14\nA R R \u00ca T E\nArticle 1 : Un recrutement contractuel pour l'acc\u00e8s au grade d'adjoint administratif principal de  \nseconde classe  de l'int\u00e9rieur et de l'outre-mer est  ouvert en vue de pourvoir  un poste au \nSecr\u00e9tariat G\u00e9n\u00e9ral pour l'Administration du Minist\u00e8re de l'Int\u00e9rieur  (SGAMI) \u00e0 Marseille.\nArticle 2 : Peuvent faire acte de candidature, sans condition de dipl\u00f4me, les personnes titulaires  \nd'une reconnaissance de la qualit\u00e9  de travailleur handicap\u00e9 en cours de validit\u00e9 \u00e0 la cl\u00f4ture des  \ninscriptions.\nArticle 3 : Les dossiers de candidature sont constitu\u00e9s des pi\u00e8ces suivantes  :\n-reconnaissance de la qualit\u00e9 de travailleur handicap\u00e9\n-curriculum vitae\n-lettre de motivation\n-copie carte nationale d'identit\u00e9 en cours de validit\u00e9\nIls seront transmis \u00e0 l'adresse suivante  :\nPr\u00e9fecture des Bouches-du-Rh\u00f4ne \nSGC/SRH/MDRH\nUnit\u00e9 concours\nPlace F\u00e9lix Baret \n13282 Marseille Cedex 06\nArticle 4 : La cl\u00f4ture des inscriptions est fix\u00e9e au  dimanche 1er d\u00e9cembre  2024, le cachet de \nla poste faisant foi.\nArticle  5 :  Les  candidatures  re\u00e7ues  feront  l'objet  d'un  examen  par  une  commission  de  \ns\u00e9lection. Seuls les candidats pr\u00e9s\u00e9lectionn\u00e9s apr\u00e8s examen des candidatures seront convoqu\u00e9s  \n\u00e0 l'entretien de s\u00e9lection.\nArticle     6   : Les candidats s\u00e9lectionn\u00e9s seront recrut\u00e9s par contrat de droit public. \nAu terme du contrat, l'appr\u00e9ciation de l'aptitude professionnelle de l'agent par l'autorit\u00e9 dispo-\nsant du pouvoir de nomination est effectu\u00e9e au vu du dossier de l'int\u00e9ress\u00e9 et apr\u00e8s un entretien \nde celui-ci avec un jury organis\u00e9 par l'administration charg\u00e9e du recrutement. \nI. - Si l'agent est d\u00e9clar\u00e9 apte \u00e0 exercer les fonctions, l'autorit\u00e9 administrative ayant pouvoir de \nnomination proc\u00e8de \u00e0 sa titularisation apr\u00e8s avis de la commission administrative paritaire du \ncorps concern\u00e9. \nLors de la titularisation, la p\u00e9riode accomplie en tant qu'agent contractuel est prise en compte \ndans les conditions pr\u00e9vues pour une p\u00e9riode \u00e9quivalente de stage par le statut particulier. \nLors de la titularisation, l'agent est affect\u00e9 dans l'emploi pour lequel il a \u00e9t\u00e9 recrut\u00e9 comme \nagent non titulaire. \nPr\u00e9fecture des Bouches-du-Rh\u00f4ne, Place F\u00e9lix Baret - CS 80001 \u2013 13282 Marseille Cedex 06 -\u2013 T\u00e9l\u00e9phone : 04.84.35.40.00 \u2013 T\u00e9l\u00e9copie : 04.84.35.48.55Pr\u00e9fecture des Bouches-du-Rhone - 13-2024-10-31-00010 - Arr\u00eat\u00e9 du 31 octobre 2024\nportant ouverture d'un recrutement contractuel de travailleur handicap\u00e9 pour l'acc\u00e8s au grade d'adjoint administratif principal de\n2\u00e8me classe de l'int\u00e9rieur et de l'outre-mer15\nII. - Si l'agent, sans s'\u00eatre r\u00e9v\u00e9l\u00e9 inapte \u00e0 exercer ses fonctions, n'a pas fait la preuve de capaci-\nt\u00e9s professionnelles suffisantes, l'autorit\u00e9 administrative ayant pouvoir de nomination prononce \nle renouvellement du contrat pour la p\u00e9riode pr\u00e9vue \u00e0 l'article 27 de la loi du 11 janvier 1984 \nsusvis\u00e9e, apr\u00e8s avis de la commission administrative paritaire du corps au sein duquel l'agent a \nvocation \u00e0 \u00eatre titularis\u00e9. \nUne \u00e9valuation des comp\u00e9tences de l'int\u00e9ress\u00e9 est effectu\u00e9e de fa\u00e7on \u00e0 favoriser son int\u00e9gration \nprofessionnelle. \nSi l'appr\u00e9ciation de l'aptitude de l'agent ne permet pas d'envisager qu'il puisse faire preuve de \ncapacit\u00e9s professionnelles suffisantes dans le corps dans lequel il a vocation \u00e0 \u00eatre titularis\u00e9, le \nrenouvellement du contrat peut \u00eatre prononc\u00e9, apr\u00e8s avis de la commission administrative pari-\ntaire de ce corps, en vue d'une titularisation \u00e9ventuelle dans un corps de niveau hi\u00e9rarchique in-\nf\u00e9rieur. \nSi l'appr\u00e9ciation de l'aptitude de l'agent ne permet pas d'envisager qu'il puisse faire preuve de \ncapacit\u00e9s professionnelles suffisantes, le contrat n'est pas renouvel\u00e9, apr\u00e8s avis de la commis-\nsion administrative paritaire du corps concern\u00e9. L'int\u00e9ress\u00e9 peut b\u00e9n\u00e9ficier des allocations d'as-\nsurance ch\u00f4mage en application de l'article L. 351-12 du code du travail.\nArticle  7 :  Le  secr\u00e9taire  g\u00e9n\u00e9ral  de  la  pr\u00e9fecture  des  Bouches-du-Rh\u00f4ne  est  charg\u00e9  de  \nl'ex\u00e9cution du pr\u00e9sent arr\u00eat\u00e9.\n      Fait \u00e0 Marseille, le 31 octobre 2024\nPour le pr\u00e9fet \net par d\u00e9l\u00e9gation\nle Secr\u00e9taire g\u00e9n\u00e9ral\nSIGNE\n       Cyrille LE VELY\nConform\u00e9ment aux dispositions de l'article R,421-1 et suivants  du code de justice administrative, cet arr\u00eat\u00e9 peut faire l'objet \nd'un recours contentieux devant le tribunal administratif, dans un d\u00e9lai de deux mois courant \u00e0 compter de sa notification.\nLa juridiction administrative comp\u00e9tente peut-\u00eatre saisie par l'application T\u00e9l\u00e9recours citoyens accessible \u00e0 partir du site \nwww.telerecours.fr\nPr\u00e9fecture des Bouches-du-Rh\u00f4ne, Place F\u00e9lix Baret - CS 80001 \u2013 13282 Marseille Cedex 06 -\u2013 T\u00e9l\u00e9phone : 04.84.35.40.00 \u2013 T\u00e9l\u00e9copie : 04.84.35.48.55Pr\u00e9fecture des Bouches-du-Rhone - 13-2024-10-31-00010 - Arr\u00eat\u00e9 du 31 octobre 2024\nportant ouverture d'un recrutement contractuel de travailleur handicap\u00e9 pour l'acc\u00e8s au grade d'adjoint administratif principal de\n2\u00e8me classe de l'int\u00e9rieur et de l'outre-mer16\nPr\u00e9fecture des Bouches-du-Rhone\n13-2024-11-08-00012\nArr\u00eat\u00e9 du 8 novembre 2024\nportant modification de la composition de la\ncommission de s\u00e9lection d'un recrutement  par\nvoie de PACTE pour l'acc\u00e8s au grade d'adjoint\nadministratif  de l'int\u00e9rieur et de l'outre-mer\npour la r\u00e9gion Provence-Alpes-C\u00f4te-d'Azur au\ntitre de l'ann\u00e9e 2024\nPr\u00e9fecture des Bouches-du-Rhone - 13-2024-11-08-00012 - Arr\u00eat\u00e9 du 8 novembre 2024\nportant modification de la composition de la commission de s\u00e9lection d'un recrutement  par voie de PACTE pour l'acc\u00e8s au grade\nd'adjoint administratif  de l'int\u00e9rieur et de l'outre-mer pour la r\u00e9gion Provence-Alpes-C\u00f4te-d'Azur au titre de l'ann\u00e9e 202417\nPREFET\nDES  BOUCHES-\nDU-RHONE\nLibert\u00e9\nEgalit\u00e9\nFraternit\u00e9\nSecr\u00e9tariat G\u00e9n\u00e9ral Commun\nService des Ressources Humaines\nMission du D\u00e9veloppement des Ressources Humaines\nArr\u00eat\u00e9 du 8 novembre 2024\nportant modification de la composition de la commission de s\u00e9lection d'un recrutement \npar voie de PACTE pour l'acc\u00e8s au grade d'adjoint administratif  de l'int\u00e9rieur et de \nl'outre-mer pour la r\u00e9gion Provence-Alpes-C\u00f4te-d'Azur au titre de l'ann\u00e9e 2024\nLe Pr\u00e9fet de la R\u00e9gion Provence-Alpes-C\u00f4te d'Azur\nPr\u00e9fet de la zone de d\u00e9fense et de s\u00e9curit\u00e9 sud\nPr\u00e9fet des Bouches-du-Rh\u00f4ne\nVu la loi n\u00b0 83-634 du 13 juillet 1983 modifi\u00e9e portant droits et obligations des fonctionnaires  ;\nVu la loi n\u00b0 84-16 du 11 janvier 1984 modifi\u00e9e portant dispositions statutaires relatives \u00e0 la  \nfonction publique de l'\u00c9tat  ;\nVu la loi n\u00b0 2017-86 du 27 janvier 2017 relative \u00e0 l'\u00e9galit\u00e9 et \u00e0 la citoyennet\u00e9  ;\nVu  le  d\u00e9cret  n\u00b0  2004-1105  du  19  octobre  2004  relatif  \u00e0  l'ouverture  des  proc\u00e9dures  de  \nrecrutement dans la fonction publique de l'\u00c9tat  ;\nVu l'ordonnance n\u00b0 2005-901  du 2 ao\u00fbt 2005 instituant une nouvelle voie d'acc\u00e8s dans les  \ncorps et cadres d'emplois de la cat\u00e9gorie C par un contrat de droit public donnant vocation \u00e0  \n\u00eatre  titularis\u00e9  et  nomm\u00e9  PACTE  (parcours  d'acc\u00e8s  aux  Carri\u00e8res  de  la  fonction  publique  \nterritoriale, de la fonction publique hospitali\u00e8re et de la fonction publique d'\u00c9tat)  ;\nVu le d\u00e9cret n\u00b0 2006-1760 du 23 d\u00e9cembre 2006 modifi\u00e9 relatif aux dispositions statutaires  \ncommunes applicables aux corps d'adjoints administratifs des administrations de l'\u00c9tat  ;\nVu le d\u00e9cret n\u00b0 2010-311 du 22 mars 2010 relatif aux modalit\u00e9s de recrutements et d'accueil  \ndes ressortissants des \u00c9tats membres de l'Union europ\u00e9enne ou d'un autre \u00c9tat partie \u00e0 l'accord  \nsur l'Espace \u00e9conomique europ\u00e9en dans un corps, un cadre d'emplois ou un emploi de la  \nfonction publique fran\u00e7aise  ;\nVu le d\u00e9cret n\u00b0 2016-1084 du 3 ao\u00fbt 2016 modifiant le d\u00e9cret n\u00b0 2016-580 du 11 mai 2016  \nrelatif \u00e0 l'organisation des carri\u00e8res des fonctionnaires de cat\u00e9gorie C de la fonction publique de  \nl'\u00c9tat  ;\nVu le d\u00e9cret n\u00b0 2013-908 du 10 octobre 2013 relatif aux modalit\u00e9s de d\u00e9signation des membres  \ndes jurys et des comit\u00e9s de s\u00e9lection pour le recrutement et la promotion des fonctionnaires  \nrelevant de la fonction publique de l'\u00c9tat, de la fonction publique territoriale et de la fonction  \npublique hospitali\u00e8re  ;\nVu le d\u00e9cret n\u00b0 2017-1470 du 12 octobre 2017 relatif \u00e0 l'acc\u00e8s  corps et cadres d'emplois de la  \ncat\u00e9gorie C de la fonction publique par la voie d'acc\u00e8s du parcours d'acc\u00e8s aux carri\u00e8res de la  \nPr\u00e9fecture des Bouches-du-Rh\u00f4ne, Place F\u00e9lix Baret - CS 80001 \u2013 13282 Marseille Cedex 06 -\u2013 T\u00e9l\u00e9phone : 04.84.35.40.00 \u2013 T\u00e9l\u00e9copie : 04.84.35.48.55\nPr\u00e9fecture des Bouches-du-Rhone - 13-2024-11-08-00012 - Arr\u00eat\u00e9 du 8 novembre 2024\nportant modification de la composition de la commission de s\u00e9lection d'un recrutement  par voie de PACTE pour l'acc\u00e8s au grade\nd'adjoint administratif  de l'int\u00e9rieur et de l'outre-mer pour la r\u00e9gion Provence-Alpes-C\u00f4te-d'Azur au titre de l'ann\u00e9e 202418\nfonction publique territoriale, de la fonction publique hospitali\u00e8re et de la fonction publique  \nd'\u00c9tat ;\nVu l'arr\u00eat\u00e9 minist\u00e9riel du 19 octobre 2018 portant d\u00e9l\u00e9gation de pouvoir en mati\u00e8re de recrute -\nment et de gestion des personnels administratifs du minist\u00e8re de l'int\u00e9rieur  ;\nVu l'arr\u00eat\u00e9 minist\u00e9riel du 18 d\u00e9cembre 2023 autorisant au titre de l'ann\u00e9e 2024 l'ouverture d'un  \nrecrutement par voie de PACTE pour l'acc\u00e8s au corps des adjoints administratifs de l'int\u00e9rieur  \net de l'outre-mer ;\nVu l'arr\u00eat\u00e9 pr\u00e9fectoral  du 24 juillet 2024  portant ouverture en r\u00e9gion Provence-Alpes-C\u00f4te-\nd'Azur d'un recrutement par voie de PACTE pour l'acc\u00e8s au grade d'adjoint administratif de  \nl'int\u00e9rieur et de l'outre-mer au titre de l'ann\u00e9e 2024  ;\nVu l'arr\u00eat\u00e9 pr\u00e9fectoral du 16 octobre 2023 portant d\u00e9l\u00e9gation de signature \u00e0 Monsieur Cyrille  \nLE VELY , Secr\u00e9taire G\u00e9n\u00e9ral de la Pr\u00e9fecture des Bouches-du-Rh\u00f4ne  ;\nSur proposition du secr\u00e9taire g\u00e9n\u00e9ral de la pr\u00e9fecture des Bouches-du-Rh\u00f4ne, chef lieu de la  \nr\u00e9gion Provence-Alpes-C\u00f4te-d'Azur  ;\nA R R \u00ca T \u00c9\nArticle 1 : L'article 1 de l'arr\u00eat\u00e9 du 14 octobre 2024 fixant la composition de la commission de  \ns\u00e9lection  du  recrutement  PACTE  d'adjoints  administratifs  pour  la  Direction  \nInterd\u00e9partementale de la Police Nationale des Bouches-du-Rh\u00f4ne est modifi\u00e9 comme suit   :\n- Madame Nathalie ARTAUD,  attach\u00e9e principale d'administration  \nest remplac\u00e9 par : \n- Un conseiller mobilit\u00e9 carri\u00e8re de la pr\u00e9fecture des Bouches-du-Rh\u00f4ne\nArticle  2 :  Le  secr\u00e9taire  g\u00e9n\u00e9ral  de  la  pr\u00e9fecture  des  Bouches-du-Rh\u00f4ne  est  charg\u00e9  de  \nl'ex\u00e9cution du pr\u00e9sent arr\u00eat\u00e9.\n \n   Fait \u00e0 Marseille, le 8 novembre 2024\nPour le pr\u00e9fet \net par d\u00e9l\u00e9gation\nle Secr\u00e9taire g\u00e9n\u00e9ral\nSIGNE\n       Cyrille LE VELY\nConform\u00e9ment aux dispositions de l'article R,421-1 et suivants  du code de justice administrative, cet arr\u00eat\u00e9 peut faire l'objet \nd'un recours contentieux devant le tribunal administratif, dans un d\u00e9lai de deux mois courant \u00e0 compter de sa notification.\nLa juridiction administrative comp\u00e9tente peut-\u00eatre saisie par l'application T\u00e9l\u00e9recours citoyens accessible \u00e0 partir du site \nwww.telerecours.frPr\u00e9fecture des Bouches-du-Rhone - 13-2024-11-08-00012 - Arr\u00eat\u00e9 du 8 novembre 2024\nportant modification de la composition de la commission de s\u00e9lection d'un recrutement  par voie de PACTE pour l'acc\u00e8s au grade\nd'adjoint administratif  de l'int\u00e9rieur et de l'outre-mer pour la r\u00e9gion Provence-Alpes-C\u00f4te-d'Azur au titre de l'ann\u00e9e 202419\nSous pr\u00e9fecture de l'arrondissement d'Istres\n13-2024-11-12-00001\nArr\u00eat\u00e9 pr\u00e9fectoral n\u00b02024-134 de traitement de\nl'insalubrit\u00e9 du logement situ\u00e9 22 rue Emile ZOLA\n\u00e0 Rognac (13340)\nSous pr\u00e9fecture de l'arrondissement d'Istres - 13-2024-11-12-00001 - Arr\u00eat\u00e9 pr\u00e9fectoral n\u00b02024-134 de traitement de l'insalubrit\u00e9 du\nlogement situ\u00e9 22 rue Emile ZOLA \u00e0 Rognac (13340) 20\nPREFET\nDES  BOUCHES-\nDU-RHONE\nLibert\u00e9\nEgalit\u00e9\nFraternit\u00e9\nAGENCE REGIONALE DE SANTE PACA\nDELEGATION DEPARTEMENTALE\nDES BOUCHES-DU-RHONE\nPROC\u00c9DURE D'URGENCE\nARR\u00caT\u00c9 N\u00b0 2024 \u2013 134\nde traitement de l'insalubrit\u00e9 du logement situ\u00e9 au 22 rue Emile Zola, 13340 ROGNAC\nParcelle cadastrale BI 48 de la ville de ROGNAC\nVU\u00a0le\u00a0Code \u00a0de\u00a0la\u00a0construction \u00a0et\u00a0de\u00a0l'habitation, \u00a0notamment \u00a0ses\u00a0articles \u00a0L.511-19 \u00a0\u00e0\u00a0L.511-22, \u00a0L.521-1 \u00a0\u00e0\u00a0\nL.521-4, \u00a0L.541-1 \u00a0et\u00a0suivants \u00a0et\u00a0R.511-1 \u00a0\u00e0\u00a0R.511-13\u00a0;\nVU\u00a0le\u00a0Code \u00a0de\u00a0la\u00a0sant\u00e9 \u00a0publique, \u00a0notamment \u00a0ses\u00a0articles \u00a0L.1331-22 \u00a0et\u00a0L.1331-24\u00a0;\nVU\u00a0l'arr\u00eat\u00e9 \u00a0N\u00b0\u00a013-2024-09-30-00006 \u00a0du\u00a030\u00a0septembre \u00a02024 \u00a0portant \u00a0d\u00e9l\u00e9gation \u00a0de\u00a0signature \u00a0\u00e0\u00a0\nMonsieur \u00a0Christophe \u00a0BORGUS, \u00a0sous-pr\u00e9fet \u00a0de\u00a0l'arrondissement \u00a0d'Istres\u00a0;\nVU\u00a0le\u00a0rapport \u00a0du\u00a0directeur \u00a0g\u00e9n\u00e9ral \u00a0de\u00a0l'Agence \u00a0r\u00e9gionale \u00a0de\u00a0sant\u00e9 \u00a0Provence-Alpes-C\u00f4te\u00a0d'Azur \u00a0du\u00a06\u00a0\nnovembre \u00a02024, \u00a0relatant \u00a0les\u00a0faits \u00a0constat\u00e9s \u00a0au\u00a0sein\u00a0du\u00a0logement \u00a0situ\u00e9 \u00a0au\u00a022\u00a0rue\u00a0Emile \u00a0Zola \u00a013340\u00a0\nRognac\u00a0;\nCONSID\u00c9RANT\u00a0que \u00a0le\u00a0logement \u00a0faisant \u00a0l'objet \u00a0du\u00a0rapport \u00a0susvis\u00e9 \u00a0fait\u00a0appara\u00eetre \u00a0un\u00a0danger\u00a0\nimminent \u00a0pour \u00a0la\u00a0sant\u00e9 \u00a0ou\u00a0la\u00a0s\u00e9curit\u00e9 \u00a0de\u00a0l'occupante\u00a0;\nCONSID\u00c9RANT\u00a0que\u00a0les\u00a0principales \u00a0causes \u00a0de\u00a0danger \u00a0imminent \u00a0pour \u00a0la\u00a0sant\u00e9 \u00a0ou\u00a0la\u00a0s\u00e9curit\u00e9 \u00a0de\u00a0\nl'occupante \u00a0sont \u00a0un\u00a0r\u00e9seau \u00a0d'\u00e9vacuation \u00a0des\u00a0eaux \u00a0us\u00e9es \u00a0non\u00a0\u00e9tanche, \u00a0une\u00a0installation \u00a0\u00e9lectrique \u00a0non\u00a0\ns\u00e9curis\u00e9e \u00a0et\u00a0un\u00a0syst\u00e8me \u00a0de\u00a0ventilation \u00a0insuffisant \u00a0et\u00a0incoh\u00e9rent\u00a0;\nCONSID\u00c9RANT\u00a0que\u00a0cette \u00a0situation \u00a0de\u00a0danger \u00a0imminent \u00a0est\u00a0susceptible \u00a0d'engendrer \u00a0les\u00a0risques\u00a0\nsanitaires \u00a0suivants \u00a0:\n\uf0b7Risques \u00a0de\u00a0survenue \u00a0ou\u00a0d'aggravation \u00a0de\u00a0pathologies \u00a0notamment \u00a0maladies \u00a0pulmonaires,\u00a0\nasthmes \u00a0et\u00a0allergies \u00a0:\u00a0Confort \u00a0thermique, \u00a0Humidit\u00e9, \u00a0Pr\u00e9sence \u00a0d'allerg\u00e8nes\u00a0;\n\uf0b7Risques \u00a0de\u00a0survenue \u00a0ou\u00a0d'aggravation \u00a0de\u00a0pathologies \u00a0notamment \u00a0maladies \u00a0infectieuses \u00a0ou\u00a0\nparasitaires\u00a0;\n\uf0b7Risques \u00a0de\u00a0survenue \u00a0d'accidents \u00a0(chocs \u00a0\u00e9lectriques).\nSUR  PROPOSITION \u00a0du\u00a0directeur \u00a0g\u00e9n\u00e9ral \u00a0de\u00a0l'Agence \u00a0r\u00e9gionale \u00a0de\u00a0sant\u00e9 \u00a0de\u00a0la\u00a0r\u00e9gion\u00a0\nProvence-Alpes-C\u00f4te\u00a0d'Azur\u00a0;\nAgence \u00a0r\u00e9gionale \u00a0de\u00a0sant\u00e9 \u00a0Provence-Alpes-C\u00f4te \u00a0d'Azur \u00a0\u2013\u00a0D\u00e9l\u00e9gation \u00a0d\u00e9partementale \u00a0des\u00a0Bouches-du-Rh\u00f4ne\n132,\u00a0boulevard \u00a0de\u00a0Paris \u00a013003 \u00a0MARSEILLE \u00a0Adresse \u00a0postale \u00a0:\u00a0CS\u00a050039 \u00a013331 \u00a0MARSEILLE \u00a0CEDEX \u00a003\nT\u00e9l\u00e9phone \u00a0:\u00a004\u00a013\u00a055\u00a080\u00a010\u00a0\u00a0\u00a0\u00a0\u00a0\u00a0https//www.paca.ars.sante.fr\n1/3\nSous pr\u00e9fecture de l'arrondissement d'Istres - 13-2024-11-12-00001 - Arr\u00eat\u00e9 pr\u00e9fectoral n\u00b02024-134 de traitement de l'insalubrit\u00e9 du\nlogement situ\u00e9 22 rue Emile ZOLA \u00e0 Rognac (13340) 21\nARR\u00caTE\nArticle 1er : D\u00e9cision et travaux\nAfin \u00a0de\u00a0faire \u00a0cesser \u00a0le\u00a0danger \u00a0imminent \u00a0dans \u00a0le\u00a0logement \u00a0situ\u00e9 \u00a0au\u00a022\u00a0rue\u00a0Emile \u00a0Zola \u00a013340 \u00a0Rognac,\u00a0\nles\u00a0propri\u00e9taires,\u00a0Madame \u00a0DUCOS \u00a0Jocelyne, \u00a0n\u00e9e\u00a0le\u00a031\u00a0mai\u00a01973 \u00a0et\u00a0domicili\u00e9e \u00a0106\u00a0boulevard \u00a0Paul\u00a0C\u00e9zanne\u00a0\n13340 \u00a0Rognac, \u00a0et\u00a0Madame \u00a0DUCOS \u00a0Rolande, \u00a0n\u00e9e\u00a0le\u00a03\u00a0janvier \u00a01933 \u00a0et\u00a0domicili\u00e9e \u00a061\u00a0impasse \u00a0de\u00a0Saragousse \u00a0III\u00a0\nVilla \u00a05\u00a013340 \u00a0Rognac, \u00a0sont \u00a0tenues \u00a0de\u00a0r\u00e9aliser \u00a0les\u00a0mesures \u00a0suivantes \u00a0dans un d\u00e9lai de 15 jours \u00a0:\n\u00a0\n\uf0b7Prendre \u00a0toutes \u00a0dispositions \u00a0pour \u00a0que\u00a0le\u00a0r\u00e9seau \u00a0d'\u00e9vacuation \u00a0des\u00a0eaux \u00a0us\u00e9es \u00a0soit\u00a0\nfonctionnel, \u00a0sans \u00a0risque \u00a0de\u00a0reflux \u00a0et\u00a0d'odeur \u00a0;\n\uf0b7Mettre \u00a0en\u00a0s\u00e9curit\u00e9 \u00a0l'installation \u00a0\u00e9lectrique \u00a0et\u00a0fournir \u00a0l'attestation \u00a0de\u00a0conformit\u00e9 \u00a0de\u00a0mise\u00a0\nen\u00a0s\u00e9curit\u00e9 \u00a0valid\u00e9e \u00a0par\u00a0un\u00a0organisme \u00a0agr\u00e9\u00e9 \u00a0pour \u00a0exercer \u00a0le\u00a0contr\u00f4le \u00a0de\u00a0la\u00a0conformit\u00e9 \u00a0des\u00a0\ninstallations \u00a0\u00e9lectriques \u00a0int\u00e9rieures \u00a0(type \u00a0Consuel \u00a0ou\u00a0diagnostic \u00a0\u00e9lectrique) \u00a0;\n\uf0b7Prendre \u00a0toutes \u00a0dispositions \u00a0n\u00e9cessaires \u00a0afin \u00a0d'assurer \u00a0la\u00a0ventilation \u00a0g\u00e9n\u00e9rale \u00a0et\u00a0\npermanente \u00a0du\u00a0logement \u00a0dans \u00a0le\u00a0respect \u00a0des\u00a0prescriptions \u00a0r\u00e9glementaires \u00a0en\u00a0mati\u00e8re\u00a0\nd'a\u00e9ration \u00a0des\u00a0logements.\nArticle 2 : Interdiction d'habiter et droit des occupants\nCompte \u00a0tenu \u00a0de\u00a0la\u00a0gravit\u00e9 \u00a0des\u00a0risques \u00a0encourus \u00a0par\u00a0l'occupante, \u00a0le\u00a0logement \u00a0est\u00a0interdit\u00a0\ntemporairement \u00a0\u00e0\u00a0l'habitation \u00a0dans \u00a0un\u00a0d\u00e9lai de 7 jours\u00a0\u00e0\u00a0compter \u00a0de\u00a0la\u00a0notification \u00a0du\u00a0pr\u00e9sent\u00a0\narr\u00eat\u00e9, \u00a0jusqu'\u00e0 \u00a0la\u00a0mainlev\u00e9e \u00a0de\u00a0l'arr\u00eat\u00e9 \u00a0de\u00a0traitement \u00a0de\u00a0l'insalubrit\u00e9.\u00a0\nLes\u00a0personnes \u00a0mentionn\u00e9es \u00a0\u00e0\u00a0l'article \u00a01er\u00a0sont \u00a0tenues \u00a0de\u00a0respecter \u00a0les\u00a0droits \u00a0de\u00a0l'occupante \u00a0dans \u00a0les\u00a0\nconditions \u00a0pr\u00e9cis\u00e9es \u00a0aux\u00a0articles \u00a0L.521-1 \u00a0\u00e0\u00a0L.521-3-2 \u00a0du\u00a0Code \u00a0de\u00a0la\u00a0construction \u00a0et\u00a0de\u00a0l'habitation,\u00a0\nreproduits \u00a0en\u00a0annexe \u00a0du\u00a0pr\u00e9sent \u00a0arr\u00eat\u00e9.\u00a0\nElles \u00a0doivent \u00a0avoir \u00a0inform\u00e9 \u00a0les\u00a0services \u00a0du\u00a0pr\u00e9fet \u00a0de\u00a0l'offre \u00a0d'h\u00e9bergement \u00a0qu'elles \u00a0ont\u00a0faite \u00a0\u00e0\u00a0\nl'occupante \u00a0en\u00a0application \u00a0des\u00a0articles \u00a0L.521-1 \u00a0et\u00a0L.521-3-2 \u00a0du\u00a0Code \u00a0de\u00a0la\u00a0construction \u00a0et\u00a0de\u00a0\nl'habitation, \u00a0dans \u00a0un\u00a0d\u00e9lai \u00a0de\u00a07\u00a0jours \u00a0\u00e0\u00a0compter \u00a0de\u00a0la\u00a0notification \u00a0du\u00a0pr\u00e9sent \u00a0arr\u00eat\u00e9.\u00a0\nArticle 3 : Ex\u00e9cution d'office\nFaute \u00a0pour \u00a0les\u00a0personnes \u00a0mentionn\u00e9es \u00a0\u00e0\u00a0l'article \u00a01er\u00a0d'avoir \u00a0r\u00e9alis\u00e9 \u00a0les\u00a0travaux \u00a0prescrits \u00a0au\u00a0m\u00eame\u00a0\narticle, \u00a0il\u00a0y\u00a0sera \u00a0proc\u00e9d\u00e9 \u00a0d'office \u00a0\u00e0\u00a0leurs \u00a0frais, \u00a0ou\u00a0\u00e0\u00a0ceux \u00a0de\u00a0leurs \u00a0ayants \u00a0droit, \u00a0dans \u00a0les\u00a0conditions\u00a0\npr\u00e9cis\u00e9es \u00a0\u00e0\u00a0l'article \u00a0L.511-16\u00a0du\u00a0Code \u00a0de\u00a0la\u00a0construction \u00a0et\u00a0de\u00a0l'habitation. \u00a0\nArticle 4 :\u00a0Mainlev\u00e9e\nA\u00a0l'issue \u00a0des\u00a0travaux, \u00a0les\u00a0personnes \u00a0mentionn\u00e9es \u00a0\u00e0\u00a0l'article \u00a01er\u00a0doivent \u00a0informer \u00a0sans \u00a0d\u00e9lai \u00a0les\u00a0services\u00a0\nde\u00a0l'Agence \u00a0r\u00e9gionale \u00a0de\u00a0sant\u00e9.\nLa\u00a0mainlev\u00e9e \u00a0du\u00a0pr\u00e9sent \u00a0arr\u00eat\u00e9 \u00a0ne\u00a0pourra \u00a0\u00eatre \u00a0prononc\u00e9e \u00a0qu'apr\u00e8s \u00a0constatation, \u00a0par\u00a0les\u00a0agents\u00a0\ncomp\u00e9tents, \u00a0de\u00a0la\u00a0r\u00e9alisation \u00a0des\u00a0mesures \u00a0prescrites \u00a0lorsqu'elles \u00a0mettent \u00a0fin\u00a0durablement \u00a0au\u00a0danger\u00a0\ndes\u00a0personnes, \u00a0ou\u00a0en\u00a0cas\u00a0de\u00a0poursuite \u00a0de\u00a0la\u00a0proc\u00e9dure \u00a0en\u00a0ordinaire, \u00a0de\u00a0la\u00a0r\u00e9alisation \u00a0des\u00a0mesures\u00a0\npermettant \u00a0de\u00a0rem\u00e9dier \u00a0durablement \u00a0\u00e0\u00a0l'insalubrit\u00e9 \u00a0des\u00a0lieux.\u00a0\nLes\u00a0personnes \u00a0mentionn\u00e9es \u00a0\u00e0\u00a0l'article \u00a01er\u00a0tiennent \u00a0\u00e0\u00a0la\u00a0disposition \u00a0de\u00a0l'administration \u00a0tous \u00a0justificatifs\u00a0\nattestant \u00a0de\u00a0la\u00a0bonne \u00a0r\u00e9alisation \u00a0des\u00a0travaux.\nArticle 5 :\u00a0Sanctions p\u00e9nales\nLe\u00a0non-respect \u00a0des\u00a0prescriptions \u00a0du\u00a0pr\u00e9sent \u00a0arr\u00eat\u00e9 \u00a0et\u00a0des\u00a0obligations \u00a0qui\u00a0en\u00a0d\u00e9coulent \u00a0sont \u00a0passibles\u00a0\ndes\u00a0sanctions \u00a0p\u00e9nales \u00a0pr\u00e9vues \u00a0par\u00a0l'article \u00a0L.511-22 \u00a0du\u00a0Code \u00a0de\u00a0la\u00a0construction \u00a0et\u00a0de\u00a0l'habitation.\u00a0\nLe\u00a0non-respect \u00a0des\u00a0dispositions \u00a0protectrices \u00a0de\u00a0l'occupant, \u00a0pr\u00e9vues \u00a0par\u00a0les\u00a0articles \u00a0L.521-1 \u00a0et\u00a0\nsuivants \u00a0du\u00a0Code \u00a0de\u00a0la\u00a0construction \u00a0et\u00a0de\u00a0l'habitation \u00a0est\u00a0\u00e9galement \u00a0passible \u00a0de\u00a0poursuites \u00a0p\u00e9nales\u00a0\ndans \u00a0les\u00a0conditions \u00a0pr\u00e9vues \u00a0par\u00a0l'article \u00a0L.521-4 \u00a0du\u00a0Code \u00a0de\u00a0la\u00a0construction \u00a0et\u00a0de\u00a0l'habitation.\nAgence \u00a0r\u00e9gionale \u00a0de\u00a0sant\u00e9 \u00a0Provence-Alpes-C\u00f4te \u00a0d'Azur \u00a0\u2013\u00a0D\u00e9l\u00e9gation \u00a0d\u00e9partementale \u00a0des\u00a0Bouches-du-Rh\u00f4ne\n132,\u00a0boulevard \u00a0de\u00a0Paris \u00a013003 \u00a0MARSEILLE \u00a0Adresse \u00a0postale \u00a0:\u00a0CS\u00a050039 \u00a013331 \u00a0MARSEILLE \u00a0CEDEX \u00a003\nT\u00e9l\u00e9phone \u00a0:\u00a004\u00a013\u00a055\u00a080\u00a010\u00a0\u00a0\u00a0\u00a0\u00a0\u00a0https//www.paca.ars.sante.fr\n2/3Sous pr\u00e9fecture de l'arrondissement d'Istres - 13-2024-11-12-00001 - Arr\u00eat\u00e9 pr\u00e9fectoral n\u00b02024-134 de traitement de l'insalubrit\u00e9 du\nlogement situ\u00e9 22 rue Emile ZOLA \u00e0 Rognac (13340) 22\nArticle 6 : Notification et affichage\nLe\u00a0pr\u00e9sent \u00a0arr\u00eat\u00e9 \u00a0sera \u00a0notifi\u00e9 \u00a0aux\u00a0personnes \u00a0mentionn\u00e9es \u00a0\u00e0\u00a0l'article \u00a01er\u00a0ci-dessus \u00a0par\u00a0lettre \u00a0remise\u00a0\ncontre \u00a0signature \u00a0ou\u00a0tout \u00a0autre \u00a0moyen \u00a0conf\u00e9rant \u00a0date \u00a0certaine \u00a0\u00e0\u00a0la\u00a0r\u00e9ception. \u00a0\u00a0\nIl\u00a0sera\u00a0\u00e9galement \u00a0notifi\u00e9 \u00a0aux\u00a0occupants \u00a0du\u00a0logement, \u00a0\u00e0\u00a0savoir \u00a0\u00e0\u00a0:\u00a0\n\uf0b7Mme \u00a0CIPRES \u00a0Marie-France, \u00a0domicili\u00e9e \u00a022\u00a0rue\u00a0Emile \u00a0Zola \u00a013340 \u00a0Rognac \u00a0et\u00a0sa\u00a0famille\u00a0\nLe\u00a0pr\u00e9sent \u00a0arr\u00eat\u00e9 \u00a0sera \u00a0affich\u00e9 \u00a0sur\u00a0la\u00a0fa\u00e7ade \u00a0de\u00a0l'immeuble \u00a0ainsi \u00a0qu'\u00e0 \u00a0la\u00a0mairie \u00a0o\u00f9\u00a0est\u00a0situ\u00e9 \u00a0le\u00a0\nlogement, \u00a0ce\u00a0qui\u00a0vaudra \u00a0notification, \u00a0dans \u00a0les\u00a0conditions \u00a0pr\u00e9vues \u00a0\u00e0\u00a0l'article \u00a0L.511-12\u00a0du\u00a0Code \u00a0de\u00a0la\u00a0\nconstruction \u00a0et\u00a0de\u00a0l'habitation.\nArticle 7 : Recours\nLe\u00a0pr\u00e9sent \u00a0arr\u00eat\u00e9 \u00a0peut \u00a0faire \u00a0l'objet \u00a0d'un \u00a0recours \u00a0gracieux \u00a0aupr\u00e8s \u00a0de\u00a0Monsieur \u00a0le\u00a0Pr\u00e9fet \u00a0des\u00a0\nBouches-du-Rh\u00f4ne \u00a0(Place \u00a0F\u00e9lix \u00a0Baret \u00a0CS\u00a080001 \u00a013282 \u00a0Marseille \u00a0Cedex \u00a006)\u00a0dans \u00a0le\u00a0d\u00e9lai \u00a0de\u00a0deux \u00a0mois\u00a0\n\u00e0\u00a0compter \u00a0de\u00a0sa\u00a0notification. \u00a0L'absence \u00a0de\u00a0r\u00e9ponse \u00a0dans \u00a0un\u00a0d\u00e9lai \u00a0de\u00a0deux \u00a0mois \u00a0vaut \u00a0d\u00e9cision\u00a0\nimplicite \u00a0de\u00a0rejet. \u00a0\u00a0\nLe\u00a0pr\u00e9sent \u00a0arr\u00eat\u00e9 \u00a0peut \u00a0\u00e9galement \u00a0faire \u00a0l'objet \u00a0d'un \u00a0recours \u00a0hi\u00e9rarchique \u00a0aupr\u00e8s \u00a0du\u00a0ministre \u00a0charg\u00e9\u00a0\nde\u00a0la\u00a0sant\u00e9 \u00a0(Direction \u00a0g\u00e9n\u00e9rale \u00a0de\u00a0la\u00a0sant\u00e9- \u00a0EA\u00a02\u00a0-\u00a014\u00a0avenue \u00a0Duquesne \u00a075350 \u00a0Paris \u00a007\u00a0SP)\u00a0dans \u00a0le\u00a0\nd\u00e9lai \u00a0de\u00a0deux \u00a0mois \u00a0\u00e0\u00a0compter \u00a0de\u00a0sa\u00a0notification. \u00a0L'absence \u00a0de\u00a0r\u00e9ponse \u00a0dans \u00a0un\u00a0d\u00e9lai \u00a0de\u00a0deux \u00a0mois\u00a0\nvaut \u00a0d\u00e9cision \u00a0implicite \u00a0de\u00a0rejet. \u00a0\u00a0\nUn\u00a0recours \u00a0contentieux \u00a0peut \u00a0\u00eatre \u00a0d\u00e9pos\u00e9 \u00a0aupr\u00e8s \u00a0du\u00a0tribunal \u00a0administratif \u00a0de\u00a0Marseille, \u00a031\u00a0rue\u00a0\nJean-Fran\u00e7ois \u00a0Leca \u00a013002 \u00a0Marseille, \u00a0\u00e9galement \u00a0dans \u00a0le\u00a0d\u00e9lai \u00a0de\u00a0deux \u00a0mois \u00a0\u00e0\u00a0compter \u00a0de\u00a0la\u00a0\nnotification, \u00a0ou\u00a0dans \u00a0le\u00a0d\u00e9lai \u00a0de\u00a0deux \u00a0mois \u00a0\u00e0\u00a0partir \u00a0de\u00a0la\u00a0r\u00e9ponse \u00a0de\u00a0l'administration \u00a0si\u00a0un\u00a0recours\u00a0\nadministratif \u00a0a\u00a0\u00e9t\u00e9\u00a0d\u00e9pos\u00e9. \u00a0La\u00a0juridiction \u00a0administrative \u00a0comp\u00e9tente \u00a0peut \u00a0aussi \u00a0\u00eatre \u00a0saisie \u00a0par\u00a0\nl'application \u00a0T\u00e9l\u00e9recours \u00a0citoyens \u00a0accessible \u00a0\u00e0\u00a0partir \u00a0du\u00a0site\u00a0www.telerecours.fr .\nArticle 8 : Publication et transmission\nLe\u00a0pr\u00e9sent \u00a0arr\u00eat\u00e9 \u00a0est\u00a0publi\u00e9 \u00a0au\u00a0fichier \u00a0immobilier \u00a0dont \u00a0d\u00e9pend \u00a0l'immeuble. \u00a0\nLe\u00a0pr\u00e9sent \u00a0arr\u00eat\u00e9 \u00a0est\u00a0transmis \u00a0\u00e0\u00a0la\u00a0maire \u00a0de\u00a0Rognac, \u00a0\u00e0\u00a0la\u00a0pr\u00e9sidente \u00a0de\u00a0la\u00a0m\u00e9tropole \u00a0Aix-Marseille-\nProvence, \u00a0au\u00a0procureur \u00a0de\u00a0la\u00a0R\u00e9publique \u00a0pr\u00e8s \u00a0le\u00a0Tribunal \u00a0judiciaire \u00a0d'Aix-en-Provence, \u00a0aux\u00a0\norganismes \u00a0payeurs \u00a0des\u00a0allocations \u00a0de\u00a0logement \u00a0et\u00a0de\u00a0l'aide \u00a0personnalis\u00e9e \u00a0au\u00a0logement \u00a0du\u00a0lieu\u00a0de\u00a0\nsituation \u00a0de\u00a0l'immeuble, \u00a0ainsi \u00a0qu'aux \u00a0gestionnaires \u00a0du\u00a0fonds \u00a0de\u00a0solidarit\u00e9 \u00a0pour \u00a0le\u00a0logement \u00a0du\u00a0\nd\u00e9partement, \u00a0conform\u00e9ment \u00a0\u00e0\u00a0l'article \u00a0R.511-7 \u00a0du\u00a0Code \u00a0de\u00a0la\u00a0construction \u00a0et\u00a0de\u00a0l'habitation.\nArticle 9 : Ex\u00e9cution\nLe\u00a0pr\u00e9fet \u00a0des\u00a0Bouches-du-Rh\u00f4ne, \u00a0la\u00a0maire \u00a0de\u00a0Rognac, \u00a0la\u00a0pr\u00e9sidente \u00a0de\u00a0la\u00a0m\u00e9tropole \u00a0Aix-Marseille-Provence,\u00a0\nle\u00a0directeur \u00a0g\u00e9n\u00e9ral \u00a0de\u00a0l'Agence \u00a0r\u00e9gionale \u00a0de\u00a0sant\u00e9 \u00a0Provence-Alpes-C\u00f4te\u00a0d'Azur, \u00a0le\u00a0directeur\u00a0\nd\u00e9partemental \u00a0des\u00a0territoires \u00a0et\u00a0de\u00a0la\u00a0mer\u00a0des\u00a0Bouches-du-Rh\u00f4ne, \u00a0la\u00a0directrice \u00a0d\u00e9partementale \u00a0de\u00a0\nl'emploi, \u00a0du\u00a0travail \u00a0et\u00a0des\u00a0solidarit\u00e9s \u00a0des\u00a0Bouches-du-Rh\u00f4ne, \u00a0sont \u00a0charg\u00e9s, \u00a0chacun \u00a0en\u00a0ce\u00a0qui\u00a0le\u00a0\nconcerne, \u00a0de\u00a0l'ex\u00e9cution \u00a0du\u00a0pr\u00e9sent \u00a0arr\u00eat\u00e9.\nFait\u00a0\u00e0\u00a0Istres, \u00a0le\u00a012\u00a0novembre \u00a02024\nLe\u00a0Sous-pr\u00e9fet \u00a0d'Istres\nSIGNE\nChristophe \u00a0BORGUS\nAgence \u00a0r\u00e9gionale \u00a0de\u00a0sant\u00e9 \u00a0Provence-Alpes-C\u00f4te \u00a0d'Azur \u00a0\u2013\u00a0D\u00e9l\u00e9gation \u00a0d\u00e9partementale \u00a0des\u00a0Bouches-du-Rh\u00f4ne\n132,\u00a0boulevard \u00a0de\u00a0Paris \u00a013003 \u00a0MARSEILLE \u00a0Adresse \u00a0postale \u00a0:\u00a0CS\u00a050039 \u00a013331 \u00a0MARSEILLE \u00a0CEDEX \u00a003\nT\u00e9l\u00e9phone \u00a0:\u00a004\u00a013\u00a055\u00a080\u00a010\u00a0\u00a0\u00a0\u00a0\u00a0\u00a0https//www.paca.ars.sante.fr\n3/3Sous pr\u00e9fecture de l'arrondissement d'Istres - 13-2024-11-12-00001 - Arr\u00eat\u00e9 pr\u00e9fectoral n\u00b02024-134 de traitement de l'insalubrit\u00e9 du\nlogement situ\u00e9 22 rue Emile ZOLA \u00e0 Rognac (13340) 23","date":"2024-11-12","first_seen_on":"2024-11-12T15:09:24+00:00","id":"3d966694a3707c71bb05c127d50599f9fa4e648b879cb29d9ff61e571ece0fad","name":"recueil-13-2024-286-recueil-des-actes-administratifs-special du 12 novembre 2024","pdf_creation_date":"2024-11-12T14:31:16+00:00","pdf_modification_date":null,"timezone":"Europe/Paris","url":"https://www.bouches-du-rhone.gouv.fr/contenu/telechargement/57633/411327/file/recueil-13-2024-286-recueil-des-actes-administratifs-special%20du%2012%20novembre%202024.pdf"}
