{"administration":"prefidf","administration_name":"Pr\u00e9fecture de la r\u00e9gion \u00cele-de-France","content":"PREFECTURE\nREGION ILE DE\nFRANCE\nRECUEIL DES ACTES\nADMINISTRATIFS SP\u00c9CIAL\nN\u00b0IDF-013-2025-11\nPUBLI\u00c9 LE  6 NOVEMBRE 2025\nSommaire\nAgence R\u00e9gionale de Sant\u00e9 /\nIDF-2025-10-27-00011 - Arr\u00eat\u00e9 n\u00b0 2025-296 portant autorisation de\nmodification de capacit\u00e9 de l'EHPAD                  \u00ab R\u00e9sidence les\nQuatre Saisons \u00bb g\u00e9r\u00e9 par le   CIAS de Bagnolet - Romainville\n (3\npages) Page 3\nDirection r\u00e9gionale et interd\u00e9partementale de l'h\u00e9bergement et du\nlogement / Service de l'accueil, de l'h\u00e9bergement et de l'insertion\nIDF-2025-10-27-00012 - Arr\u00eat\u00e9 de tarification fixant la dotation globale\nde financement 2025 du  CPH FADS (2 pages) Page 7\nIDF-2025-11-05-00004 - Arr\u00eat\u00e9 de tarification fixant la dotation globale\nde financement 2025 du CADA Porcheville (3 pages) Page 10\nIDF-2025-11-05-00005 - Arr\u00eat\u00e9 de tarification fixant la dotation globale\nde financement 2025 du CPH EQUALIS (3 pages) Page 14\nPr\u00e9fecture de la r\u00e9gion d'Ile-de-France, pr\u00e9fecture de\nParis-Secr\u00e9tariat g\u00e9n\u00e9ral aux politiques publiques / Bureau de la\ncoordination et de l'investissement territorial\nIDF-2025-11-06-00001 - Arr\u00eat\u00e9 n\u00b02025-517 modifiant l'arr\u00eat\u00e9 n\u00b0\n2018-495 du 23 novembre 2018 portant attribution de subvention au titre\nde \nla dotation de soutien \u00e0 l'investissement local \u00e0 la\nCommunaut\u00e9 urbaine Grand Paris Seine et Oise\n (2 pages) Page 18\n2\nAgence R\u00e9gionale de Sant\u00e9\nIDF-2025-10-27-00011\nArr\u00eat\u00e9 n\u00b0 2025-296 portant autorisation de\nmodification de capacit\u00e9 de l'EHPAD                  \u00ab\nR\u00e9sidence les Quatre Saisons \u00bb g\u00e9r\u00e9 par le   CIAS\nde Bagnolet - Romainville\nAgence R\u00e9gionale de Sant\u00e9 - IDF-2025-10-27-00011 - Arr\u00eat\u00e9 n\u00b0 2025-296 portant autorisation de modification de capacit\u00e9 de l'EHPAD  \n               \u00ab R\u00e9sidence les Quatre Saisons \u00bb g\u00e9r\u00e9 par le   CIAS de Bagnolet - Romainville 3\nie | \u20ac seine Saint DenisNEPARTEFRAN CAIS E @ \u00bb Agence R\u00e9gionale de Sant\u00e9 LELibert\u00e9 \u00cele-de-France\u00c9galit\u00e9Fraternit\u00e9\n \n \n                                       \n \n \n \n \nARR\u00caT\u00c9 N\u00b0 2025 - 296 \n \nportant autorisation de modification de capacit\u00e9 de l'\u00e9tablissement d'h\u00e9bergement                              \npour personnes \u00e2g\u00e9es d\u00e9pendantes (EHPAD) \u00ab R\u00e9sidence les Quatre Saisons \u00bb \nsitu\u00e9 73, rue Louise Michel \u00e0 Bagnolet (93170)  \ng\u00e9r\u00e9 par le Centre Intercommunal d'Action Sociale (CIAS) de Bagnolet \u2013 Romainville \n \n \nLE DIRECTEUR G\u00c9N\u00c9RAL DE L'AGENCE R\u00c9GIONALE DE SANT\u00c9 \u00ceLE-DE-FRANCE \n \nLE PRESIDENT DU CONSEIL DEPARTEMENTAL DE SEINE-SAINT-DENIS \n \n \nVU le Code de l'action sociale et des familles et notamment les articles L312-1, L313-1, L314-3 et suivants ; \n \nVU le Code de la sant\u00e9 publique ; \n \nVU le Code de la s\u00e9curit\u00e9 sociale ;    \n \nVU le Code g\u00e9n\u00e9ral des collectivit\u00e9s territoriales ; \n \nVU le d\u00e9cret du 10 avril 2024 portant nomination de Monsieur Denis ROBIN en qualit\u00e9 de Directeur g\u00e9n\u00e9ral \nde l'Agence r\u00e9gionale de sant\u00e9 \u00cele-de-France ; \n \nVU l'arr\u00eat\u00e9 DS N\u00b0115/2024 du 25 septembre 2024 portant d\u00e9l\u00e9gation de signature \u00e0 Madame St\u00e9phanie \nTALBOT, Directrice de l'autonomie ; \n \nVU  l'arr\u00eat\u00e9 n\u00b0 DIRNOV -2023/08 du 26 octobre 2023 de la Directrice g\u00e9n\u00e9rale de l'Agence r\u00e9gionale de \nsant\u00e9 \u00cele-de-France portant modification du cadre d'orientation strat\u00e9gique 2018 -2028 du projet \nr\u00e9gional de sant\u00e9 \u00cele-de-France ; \n \nVU l'arr\u00eat\u00e9 n\u00b0 DIRNOV -2023/09 du 26 octobre 2023 de la Directrice g\u00e9n\u00e9rale de l'Agence r\u00e9gionale de \nsant\u00e9 \u00cele-de-France portant adoption du sch\u00e9ma r\u00e9gional de sant\u00e9 2023 -2028 du projet r\u00e9gional de \nsant\u00e9 \u00cele-de-France ; \n \nVU l'arr\u00eat\u00e9 n\u00b0 2023-162 du 19 juin 2023 \u00e9tablissant le programme interd\u00e9partemental d'accompagnement \ndes handicaps et de la perte d'autonomie (PRIAC) 2022-2026 pour la r\u00e9gion \u00cele-de-France ; \n \nVU l'\u00e9lection le 1 er juillet 2021 de M. St\u00e9phane Troussel \u00e0 la pr\u00e9sidence du Conseil D\u00e9partemental de la \nSeine-Saint-Denis ; \n \nVU l'arr\u00eat\u00e9 du Pr\u00e9sident du Conseil d\u00e9partemental n\u00b02021 -271 du 1 er juillet 2021 donnant d\u00e9l\u00e9gation de \nsignature \u00e0 Monsieur Olivier Veber, Directeur g\u00e9n\u00e9ral des services du D\u00e9partement ;  \n \nVU le sch\u00e9ma d\u00e9partemental Autonomie et Inclusion 2019-2024 ; \n \nVU le r\u00e8glement d\u00e9partemental d'aide sociale en faveur des personnes \u00e2g\u00e9es et personnes handicap\u00e9es ; \n \nVU la demande du gestionnaire visant l'autorisation d'extension d'une place d'h\u00e9bergement permanent, et \nla transformation de 3 places d'h\u00e9bergement temporaire en 3 places d'h\u00e9bergement permanent, pour \nporter la capacit\u00e9 totale de l'EHPAD \u00e0 66 places (64 places d'h\u00e9bergement permanent et 2 places \nd'h\u00e9bergement temporaire) , afin de stabiliser et p\u00e9renniser un fonctionnement en \u00e9quilibre de \nl'\u00e9tablissement ; \nAgence R\u00e9gionale de Sant\u00e9 - IDF-2025-10-27-00011 - Arr\u00eat\u00e9 n\u00b0 2025-296 portant autorisation de modification de capacit\u00e9 de l'EHPAD  \n               \u00ab R\u00e9sidence les Quatre Saisons \u00bb g\u00e9r\u00e9 par le   CIAS de Bagnolet - Romainville 4\n \n  \n   CONSID\u00c9RANT       que la demande en h\u00e9bergement temporaire est insuffisante ;  \n \n  CONSID\u00c9RANT que l'\u00e9tablissement dispose  au niveau b\u00e2timentaire d'un e chambre \nsuppl\u00e9mentaire non autoris\u00e9e et non install\u00e9e permettant l'extension d'une place \nd'h\u00e9bergement permanent ; \n  \nCONSID\u00c9RANT qu'il convient d'autoriser l'extension d'une place d'h\u00e9bergement permanent et la \ntransformation de 3 places d'h\u00e9bergement temporaire en 3 places d'h\u00e9bergement \npermanent \u00e0 compter du 1er janvier 2025 portant la capacit\u00e9 totale de l'EHPAD  \u00e0 \n66 places ( 64 places d'h\u00e9bergement permanent et 2 places d'h\u00e9bergement \ntemporaire) \u00e0 compter du 1er janvier 2025 ; \n  \nCONSID\u00c9RANT que le financement de cette nouvelle place d'h\u00e9bergement permanent allou\u00e9 par \nl'ARS sera d\u00e9termin\u00e9 dans la limite de la dotation r\u00e9gionale limitative et \nconform\u00e9ment \u00e0 la r\u00e9glementation sur la tarification des \u00e9tablissements et \nservices m\u00e9dico -sociaux en vigueur lors de l'ouverture, sous condition \nd'installation des places ; \n \n CONSID\u00c9RANT      que ce projet satisfait aux r\u00e8gles d'organisation et de fonctionnement pr\u00e9vues par \nle code de l'action sociale et des familles. \n \n \nARR\u00caTENT  \n \n \nARTICLE 1er :  L'autorisation de transformation de 3 places d'h\u00e9bergement temporaire en 3 places \nd'h\u00e9bergement permanent au sein de l'EHPAD  \u00ab R\u00e9sidence les Quatre Saisons \u00bb, situ\u00e9 73, \nrue Louise Michel \u00e0 Bagnolet (93170), est accord\u00e9e au  Centre Intercommunal d'Action \nSociale (CIAS) de Bagnolet \u2013 Romainville. \n \nARTICLE 2 :  L'autorisation d'extension de capacit\u00e9 d 'une place d'h\u00e9bergement permanent de l'EHPAD \u00ab \nR\u00e9sidence les Quatre Saisons \u00bb situ\u00e9 73, rue Louise Michel \u00e0 Bagnolet (93170), est accord\u00e9e \nau Centre Intercommunal d'Action Sociale (CIAS) de Bagnolet \u2013 Romainville. \n \nARTICLE 3 :  La capacit\u00e9 totale de l'EHPAD \u00ab R\u00e9sidence les Quatre Saisons \u00bb  est fix\u00e9e \u00e0 66 places \nr\u00e9parties comme suit : \n- 64 places d'h\u00e9bergement permanent, \n- 2 places d'h\u00e9bergement temporaire. \n \nARTICLE 4 : L'\u00e9tablissement est r\u00e9pertori\u00e9 dans le Fichier National des Etablissements Sanitaires et \nSociaux (FINESS) de la fa\u00e7on suivante : \n \nEntit\u00e9 \u00e9tablissement \nNum\u00e9ro FINESS \u00e9tablissement : 93 001 934 4 \nCode cat\u00e9gorie : [500] EHPAD \n \nCode discipline : [924] Accueil pour Personnes \u00c2g\u00e9es \nCode fonctionnement (type d'activit\u00e9) : [11] H\u00e9bergement Complet Internat  \nCode client\u00e8le : [711] Personnes Ag\u00e9es d\u00e9pendantes \n Capacit\u00e9 : 64 \n \nCode discipline : [657] Accueil temporaire pour Personnes \u00c2g\u00e9es \nCode fonctionnement (type d'activit\u00e9) : [11] H\u00e9bergement Complet Internat  \nCode client\u00e8le : [711] Personnes Ag\u00e9es d\u00e9pendantes \n Capacit\u00e9 : 2 \n \n \n \n \nAgence R\u00e9gionale de Sant\u00e9 - IDF-2025-10-27-00011 - Arr\u00eat\u00e9 n\u00b0 2025-296 portant autorisation de modification de capacit\u00e9 de l'EHPAD  \n               \u00ab R\u00e9sidence les Quatre Saisons \u00bb g\u00e9r\u00e9 par le   CIAS de Bagnolet - Romainville 5\n \nEntit\u00e9 gestionnaire  \nNum\u00e9ro FINESS gestionnaire : 93 001 933 6 \nCode statut : [08] CIAS \n \n \nARTICLE 5 :   Le pr\u00e9sent arr\u00eat\u00e9 est sans effet sur l'\u00e9ch\u00e9ance de l'autorisation initialement accord\u00e9e lors de \nla cr\u00e9ation de l'\u00e9tablissement pour 15 ans, conform\u00e9ment aux conditions pr\u00e9vues aux articles \nL.312-8 et L.313-5 du code de l'action sociale et des familles. \n \nARTICLE 6 : Tout changement important dans l'activit\u00e9, l'installation, l'organisation, la direction ou le \nfonctionnement de l'\u00e9tablissement ou du service doit \u00eatre port\u00e9 \u00e0 la connaissance des \nautorit\u00e9s comp\u00e9tentes. \n \nARTICLE 7 : Un recours contre le pr\u00e9sent arr\u00eat\u00e9 peut \u00eatre form\u00e9 devant le tribunal administratif comp\u00e9tent \ndans un d\u00e9lai de deux mois \u00e0 compter de sa notification. \n \nARTICLE 8 : La Directrice de la D\u00e9l\u00e9gation d\u00e9partementale de Seine-Saint-Denis de l'Agence r\u00e9gionale de \nsant\u00e9 \u00cele-de-France et le Directeur G\u00e9n\u00e9ral des Services du Conseil D\u00e9partemental de Seine-\nSaint-Denis sont charg\u00e9s, chacun en ce qui le concerne, de l'ex\u00e9cution du pr\u00e9sent arr\u00eat\u00e9 qui \nsera notifi\u00e9 au demandeur, publi\u00e9 aux recueils des actes administratifs de la R\u00e9gion \u00cele -de-\nFrance et publi\u00e9 sur le site internet du D\u00e9partement de Seine-Saint-Denis. \n \n \n       Fait \u00e0 Saint-Denis, le 27/10/2025 \n \n \nPour le Directeur g\u00e9n\u00e9ral \nde l'Agence r\u00e9gionale de sant\u00e9  \nIle-de-France et par d\u00e9l\u00e9gation \n \nSt\u00e9phanie TALBOT \nDirectrice de l'autonomie \n \nLe Pr\u00e9sident du Conseil d\u00e9partemental                          \nde Seine-Saint-Denis \net par d\u00e9l\u00e9gation \n            \n           Olivier VEBER \n \n \n \n  \n \n \nAgence R\u00e9gionale de Sant\u00e9 - IDF-2025-10-27-00011 - Arr\u00eat\u00e9 n\u00b0 2025-296 portant autorisation de modification de capacit\u00e9 de l'EHPAD  \n               \u00ab R\u00e9sidence les Quatre Saisons \u00bb g\u00e9r\u00e9 par le   CIAS de Bagnolet - Romainville 6\nDirection r\u00e9gionale et interd\u00e9partementale de\nl'h\u00e9bergement et du logement\nIDF-2025-10-27-00012\nArr\u00eat\u00e9 de tarification fixant la dotation globale\nde financement 2025 du  CPH FADS\nDirection r\u00e9gionale et interd\u00e9partementale de l'h\u00e9bergement et du logement - IDF-2025-10-27-00012 - Arr\u00eat\u00e9 de tarification fixant la\ndotation globale de financement 2025 du  CPH FADS 7\n \n \n1\n                                               Direction R\u00e9gionale et Interd\u00e9partementale \nde l'H\u00e9bergement et du Logement \nDRIHL \n \n \n \n \n \n \n \n \nD\nIRECTION REGIONALE ET INTERDEPARTEMENTALE \nDE L 'HEBERGEMENT ET DU LOGEMENT  \n \n \n \n \nOp\u00e9rateur : FONDATION ARMEE DU SALUT  \nN\u00b0 SIRET  Si\u00e8ge FADS : 431 968 601 00010 \nN\u00b0 EJ Chorus  : 210 461 379 6 \n \n \n \nARR\u00caT\u00c9 n\u00b0 \n \n \nLE PR\u00c9FET DE LA R\u00c9GION D'\u00ceLE-DE-FRANCE  \nCOMMANDEUR DE LA L\u00c9GION D'HONNEUR  \nOFFICIER DE L'ORDRE NATIONAL DU M\u00c9RITE  \n \n \n \nVu le code de l'action sociale et des familles, notamm ent les articles L 312-1, L 314-1 et suivants, \nL348- 1 \u00e0 L348-4, L351-1 et suivants et dans sa partie r\u00e9glementaire les articles R314-1 et suivants, \nR348-1 \u00e0 R348-5, R351-1 et suivants ; \n \nVu l'arr\u00eat\u00e9 minist\u00e9riel du 19 mai 2025 fixant les dota tions r\u00e9gionales limitatives relatives \naux frais de fonctionnement des centres provisoires d'h\u00e9bergement pour 2025, publi\u00e9 \nau Journal Officiel du 22 mai 2025 ;  \n \nVu  le budget op\u00e9rationnel de programme 0303 7 Immigra tion et asile 8 de la r\u00e9gion \u00cele-de-France, \npour 2025 ; \n \nVu  l'arr\u00eat\u00e9 du 25 octobre 2019 fixant le contenu du c ahier des charges du contrat pluriannuel \nd'objectifs et de moyens pr\u00e9vu \u00e0 l'article L.313-11-2 du code de l'action sociale et des familles ; \n \nVu le contrat pluriannuel d'objectifs et de moyens du 23 juillet 2024 entre la Fondation de l'Arm\u00e9e \ndu Salut et l'\u00c9tat, en r\u00e9gion \u00cele-de-France, pour l'activit\u00e9 asile pour la p\u00e9riode du 1er janvier 2024 \nau 31 d\u00e9cembre 2028 ;  \n \nVu l'avenant du  contrat pluriannuel d'objectifs et de moyens en dat e du 7 ao\u00fbt 2025 entre la \nFondation de l'Arm\u00e9e du Salut et l'\u00c9tat, en r\u00e9gion \u00cele-de-France, pour l'activit\u00e9 asile pour la \np\u00e9riode du 1er janvier 2024 au 31 d\u00e9cembre 2028. \n \n \n \n \n \n \n \n \nDirection r\u00e9gionale et interd\u00e9partementale de l'h\u00e9bergement et du logement - IDF-2025-10-27-00012 - Arr\u00eat\u00e9 de tarification fixant la\ndotation globale de financement 2025 du  CPH FADS 8\n \n \n2\n \n \n \n \nARR\u00caTE \n \n \nArticle 1 er : \n \nPour l'exercice budg\u00e9taire 2025, la dotation global is\u00e9e du Centre provisoire d'h\u00e9bergement valid\u00e9e pou r \nl'association FADS, dont le si\u00e8ge social est situ\u00e9 au 60 rue des Fr\u00e8res Flavien, 75020, Paris, a \u00e9t\u00e9 fix\u00e9e \u00e0 1 993 612\u20ac. \n \nLa dotation globalis\u00e9e finance 195 places de CPH. \n \nEn application de l'article R. 314-107 du code de l 'action sociale et des familles, la fraction forfai taire \u00e9gale au \ndouzi\u00e8me de la dotation globale de financement s'\u00e9l\u00e8ve \u00e0 166 134,33 \u20ac \n \nLe co\u00fbt journalier \u00e0 la place pour l'exercice 2025 est de 28,01 \u20ac pour les CPH. Ce co\u00fbt est calcul\u00e9 \u00e0 partir de la \ndotation globalis\u00e9e commune allou\u00e9e sur un fonctionnement \u00e0 365 jours. \n \nArticle 2 : \n \nCette dotation est imput\u00e9e sur les cr\u00e9dits du programme 303 7 Immigration et asile 8 du Minist\u00e8re de l'Int\u00e9rieur \nsur le centre financier 7 0303-DR75-DRIH 8, domaine  fonctionnel 7 0303-02-21 8, activit\u00e9 7 0303 13 09 01 01 8, \ncentre de co\u00fbts 7 IHLUTHL075 8. \n \nL'ordonnateur de la d\u00e9pense est le Pr\u00e9fet de la R\u00e9gion d'\u00cele-de-France \u2013 Pr\u00e9fet de Paris. Le comptable assignataire \nest le Directeur r\u00e9gional des finances publiques du Val-de-Marne. \n \n \nArticle 3 : \n \nLes recours dirig\u00e9s contre le pr\u00e9sent arr\u00eat\u00e9 doivent \u00eatre port\u00e9s devant le tribunal administratif de Paris, sis 7 rue \nde Jouy, 75181 Paris Cedex 04, dans le d\u00e9lai d'un m ois \u00e0 compter de sa publication ou, pour les person nes \nauxquelles il sera notifi\u00e9, \u00e0 compter de sa notification. \n \n \nArticle 4 : \n \nLe pr\u00e9fet, secr\u00e9taire g\u00e9n\u00e9ral aux politiques publiques de la pr\u00e9fecture de la r\u00e9gion d'\u00cele-de-France, pr\u00e9fecture de \nParis et le directeur r\u00e9gional et interd\u00e9partementa l de l'h\u00e9bergement et du logement d'\u00cele-de-France s ont \ncharg\u00e9s, chacun en ce qui le concerne, de l'ex\u00e9cuti on du pr\u00e9sent arr\u00eat\u00e9 qui sera publi\u00e9 au recueil des  actes \nadministratifs de la pr\u00e9fecture de la r\u00e9gion d'\u00cele-de-France, pr\u00e9fecture de Paris. \n \n \n \n \nFait \u00e0 Paris, le  27/10/2025 \n \n \nPour le Pr\u00e9fet de la R\u00e9gion d'\u00cele-de-France, \nPr\u00e9fet de Paris et par d\u00e9l\u00e9gation, \nLe Directeur adjoint \nde l'H\u00e9bergement et du Logement \n \nSIGNE \n \nJacques-Bertrand de REBOUL \n \nDirection r\u00e9gionale et interd\u00e9partementale de l'h\u00e9bergement et du logement - IDF-2025-10-27-00012 - Arr\u00eat\u00e9 de tarification fixant la\ndotation globale de financement 2025 du  CPH FADS 9\nDirection r\u00e9gionale et interd\u00e9partementale de\nl'h\u00e9bergement et du logement\nIDF-2025-11-05-00004\nArr\u00eat\u00e9 de tarification fixant la dotation globale\nde financement 2025 du CADA Porcheville\nDirection r\u00e9gionale et interd\u00e9partementale de l'h\u00e9bergement et du logement - IDF-2025-11-05-00004 - Arr\u00eat\u00e9 de tarification fixant la\ndotation globale de financement 2025 du CADA Porcheville 10\nE 3PREFET _DE LA REGIOND'\u00ceLE-DE-FRANCELibert\u00e9Egalit\u00e9Fraternit\u00e9\n 1\n \nDirection R\u00e9gionale et Interd\u00e9partementale  \nde l'H\u00e9bergement et du Logement \nDRIHL  \n \n \n \n \n \n \nCENTRE : CADA de Porcheville \nN\u00b0 SIRET : 775 680 309 006 11 \n \nN\u00b0 EJ Chorus : 2104624047  \n \n \n \n \nARR\u00caTE n \u00b0 \n \n \n \n \nLE PR\u00c9FET DE LA R\u00c9GION D'\u00ceLE-DE-FRANCE, PR\u00c9FET DE PARIS  \nCOMMANDEUR DE LA L\u00c9GION D'HONNEUR  \nOFFICIER DE L'ORDRE NATIONAL DU M\u00c9RITE  \n \n \n \n \nVu le code de l'action sociale et des familles, notamm ent les articles L 312-1, L 314-1 et suivants, L348 -\n1 \u00e0 L348-4, L351-1 et suivants et dans sa partie r\u00e9 glementaire les articles R314-1 et suivants, R348-\n5 R348-6-1, R351-1 et suivants ; \n \n \nVu  le code de l'entr\u00e9e et du s\u00e9jour des \u00e9trangers et du droit d'asile ; \n \n \nVu l'arr\u00eat\u00e9 minist\u00e9riel du 19 mai 2025 fixant les dota tions r\u00e9gionales limitatives relatives aux frais de  \nfonctionnement des centres d'accueil pour demandeurs d'asile et centres de transit, publi\u00e9 au Journal \nOfficiel le 22 mai 2025 ; \n \n \nVu l'arr\u00eat\u00e9 pr\u00e9fectoral du 20 juin 2000 autorisant la cr\u00e9ation du centre d'accueil pour demandeurs d'asile \n(CADA), sis 19 rue des Feuilleux \u2013 78440 PORCHEVILL E et g\u00e9r\u00e9 par l'association COALLIA ;\n \n \n \nVu  le courrier transmis le 31 octobre 2024 par lequel  la personne ayant qualit\u00e9 pour repr\u00e9senter le centre \nd'accueil pour demandeurs d'asile de l'association COALLIA a adress\u00e9 ses propositions budg\u00e9taires \net leurs annexes pour l'exercice 2025 ; \n \n \n \nVu  la d\u00e9cision d'attribution budg\u00e9taire du 15 juillet 2025 ; \n \n \n \n \nDirection r\u00e9gionale et interd\u00e9partementale de l'h\u00e9bergement et du logement - IDF-2025-11-05-00004 - Arr\u00eat\u00e9 de tarification fixant la\ndotation globale de financement 2025 du CADA Porcheville 11\n 2\nARR\u00caTE \n \n \nArticle 1 \ner : \n \nPour l'exercice budg\u00e9taire 2025, les d\u00e9penses et le s recettes pr\u00e9visionnelles du CADA COALLIA de \nPorcheville g\u00e9r\u00e9 par l'association COALLIA, dont la capacit\u00e9 est de 127 places, sont autoris\u00e9es comme suit :\n \n \n \n \n \nGroupes fonctionnels Montants \nen Euros \nTotal \nen Euros \nD\u00e9penses \nGroupe I :  \nD\u00e9penses aff\u00e9rentes \u00e0 l'exploitation courante \nDont CNR : \n32 695,00 \u20ac \n1 107 728,00 \u20ac \nGroupe II : \nD\u00e9penses aff\u00e9rentes au personnel  \nDont CNR  : \n462 729,00 \u20ac \nGroupe III : \nD\u00e9penses aff\u00e9rentes \u00e0 la structure \nDont CNR  : \n612 304,00 \u20ac \nRecettes \nGroupe I : \nProduits de la tarification \nDont CNR  : \n1 093 728,00 \u20ac  \n1 107 728,00 \u20ac \nGroupe II : \nAutres produits relatifs \u00e0 l'exploitation 14 000,00 \u20ac \nGroupe III : \nProduits financiers et produits non encaissables 0,00 \u20ac \nReprise du r\u00e9sultat (exc\u00e9dent) 0,00 \u20ac \n \n \n \nArticle 2 : \n \nPour l'exercice budg\u00e9taire 2025, la dotation global e de financement du CADA COALLIA de Porcheville est  \nfix\u00e9e \u00e0 1 093 728,00 \u20ac. \n \n \nEn application de l'article R. 314-107 du code de l'action sociale et des familles, la fraction forfaitaire \u00e9gale au \ndouzi\u00e8me de la dotation globale de financement s'\u00e9l\u00e8ve \u00e0 91 144 \u20ac. \n \n \nLes 127 places du CADA sont financ\u00e9es au co\u00fbt journ alier de 23,59 \u20ac sur la base d'un fonctionnement en  \nann\u00e9e pleine (365 jours). \n \n \n \nArticle 3 : \n \nCette dotation sera imput\u00e9e sur les cr\u00e9dits du prog ramme 303 \u00ab Immigration et asile \u00bb du Minist\u00e8re de \nl'Int\u00e9rieur, et fera l'objet d'une d\u00e9l\u00e9gation de cr \u00e9dits aupr\u00e8s de l'Unit\u00e9 Op\u00e9rationnelle du d\u00e9parteme nt des \nYvelines. L'ordonnateur de la d\u00e9pense est le Pr\u00e9fet  de la R\u00e9gion Ile-de-France \u2013 Pr\u00e9fet de Paris, et p ar \nd\u00e9l\u00e9gation, Monsieur le directeur d\u00e9partemental de l'emploi, du travail et des solidarit\u00e9s. Le comptab le \nassignataire est le Directeur r\u00e9gional des finances publiques d'\u00cele-de-France et du d\u00e9partement de Paris.  \n \n \nArticle 4 : \n \nLes recours dirig\u00e9s contre le pr\u00e9sent arr\u00eat\u00e9 doivent \u00eatre port\u00e9s devant le tribunal administratif de Versailles sis \n56, avenue de Saint Cloud 78011 Versailles dans le d\u00e9lai d'un mois \u00e0 compter de sa publication ou, pou r les \npersonnes auxquelles il sera notifi\u00e9, \u00e0 compter de sa notification. \n \n \nDirection r\u00e9gionale et interd\u00e9partementale de l'h\u00e9bergement et du logement - IDF-2025-11-05-00004 - Arr\u00eat\u00e9 de tarification fixant la\ndotation globale de financement 2025 du CADA Porcheville 12\n 3\nArticle 5 : \n \nLe pr\u00e9fet, secr\u00e9taire g\u00e9n\u00e9ral aux politiques publiques de la pr\u00e9fecture de la r\u00e9gion d'\u00cele-de-France, pr\u00e9fecture \nde Paris et le directeur r\u00e9gional et interd\u00e9parteme ntal de l'h\u00e9bergement et du logement d'\u00cele-de-Franc e sont \ncharg\u00e9s, chacun en ce qui le concerne, de l'ex\u00e9cuti on du pr\u00e9sent arr\u00eat\u00e9 qui sera publi\u00e9 au recueil des  actes \nadministratifs de la pr\u00e9fecture de la r\u00e9gion d'\u00cele-de-France, pr\u00e9fecture de Paris. \n \n \n \nFait \u00e0 Paris, le 05/11/2025 \n \n \nPour le pr\u00e9fet de la r\u00e9gion d'\u00cele-de-France, \nPr\u00e9fet de Paris et par d\u00e9l\u00e9gation  \nLe Directeur adjoint \nde l'H\u00e9bergement et du Logement \n \nSIGNE \n \nJacques-Bertrand de REBOUL \n \n \n \nDirection r\u00e9gionale et interd\u00e9partementale de l'h\u00e9bergement et du logement - IDF-2025-11-05-00004 - Arr\u00eat\u00e9 de tarification fixant la\ndotation globale de financement 2025 du CADA Porcheville 13\nDirection r\u00e9gionale et interd\u00e9partementale de\nl'h\u00e9bergement et du logement\nIDF-2025-11-05-00005\nArr\u00eat\u00e9 de tarification fixant la dotation globale\nde financement 2025 du CPH EQUALIS\nDirection r\u00e9gionale et interd\u00e9partementale de l'h\u00e9bergement et du logement - IDF-2025-11-05-00005 - Arr\u00eat\u00e9 de tarification fixant la\ndotation globale de financement 2025 du CPH EQUALIS 14\nE 3PREFET _DE LA REGIOND'\u00ceLE-DE-FRANCELibert\u00e9Egalit\u00e9Fraternit\u00e9\n 1\n \nDirection R\u00e9gionale et Interd\u00e9partementale \nde l'H\u00e9bergement et du Logement \nDRIHL \n \n \n \n \n \n \nCENTRE : CPH EQUALIS \nN\u00b0 SIRET : 882 043 672 00014 \n \nN\u00b0 EJ Chorus : 2104628559  \n \n \n \n \nARR\u00caTE n \u00b0 \n \n \n \n \nLE PR\u00c9FET DE LA R\u00c9GION D'\u00ceLE-DE-FRANCE, PR\u00c9FET DE PARIS  \nCOMMANDEUR DE LA L\u00c9GION D'HONNEUR  \nOFFICIER DE L'ORDRE NATIONAL DU M\u00c9RITE  \n \n \n \n \nVu le code de l'action sociale et des familles, notamm ent les articles L 312-1, L 314-1 et suivants, L349 -\n1 \u00e0 L349-4, L351-1 et suivants et dans sa partie r\u00e9 glementaire les articles R314-1 et suivants, L349-\n1 \u00e0 R349-3, R351-1 et suivants ; \n \n \nVu l'arr\u00eat\u00e9 minist\u00e9riel du 19 mai 2025 fixant les dota tions r\u00e9gionales limitatives relatives aux frais de  \nfonctionnement des centres provisoires d'h\u00e9bergement pour 2025, publi\u00e9 au Journal Officiel du 22 mai \n2025 ;  \n \n \nVu l'arr\u00eat\u00e9 pr\u00e9fectoral N\u00b0 78-2018-12-27-005 du 27 d\u00e9c embre 2018 autorisant la cr\u00e9ation d'un centre \nprovisoire d'h\u00e9bergement (CPH), sis 50 route de Sartrouville \u2013 78230 Le Pecq et g\u00e9r\u00e9 par l'association \nEQUALIS ;\n \n \n \nVu  le courrier transmis le 29 octobre 2024 par lequel  la personne ayant qualit\u00e9 pour repr\u00e9senter le centre \nprovisoire d'h\u00e9bergement de l'association EQUALIS a  adress\u00e9 ses propositions budg\u00e9taires et leurs \nannexes pour l'exercice 2025 ;\n \n \n \nVu la d\u00e9cision d'attribution budg\u00e9taire du 15 juillet 2025 ; \n \n \n \n \nDirection r\u00e9gionale et interd\u00e9partementale de l'h\u00e9bergement et du logement - IDF-2025-11-05-00005 - Arr\u00eat\u00e9 de tarification fixant la\ndotation globale de financement 2025 du CPH EQUALIS 15\n 2\nARR\u00caTE \n \n \n \nArticle 1 \ner : \nPour l'exercice budg\u00e9taire 2025, les d\u00e9penses et le s recettes pr\u00e9visionnelles du CPH EQUALIS g\u00e9r\u00e9 par \nl'association EQUALIS, dont la capacit\u00e9 est de 100 places, sont autoris\u00e9es comme suit : \n \n \n \nGroupes fonctionnels Montants \nen Euros \nTotal \nen Euros \nD\u00e9penses \nGroupe I :  \nD\u00e9penses aff\u00e9rentes \u00e0 l'exploitation courante \nDont CNR : 0 \n123 910,00 \u20ac \n1 057 365,00 \u20ac \nGroupe II : \nD\u00e9penses aff\u00e9rentes au personnel  \nDont CNR : 0  \n423 325,00 \u20ac \nGroupe III : \nD\u00e9penses aff\u00e9rentes \u00e0 la structure \nDont CNR : 0 \n510 130,00 \u20ac \nRecettes \nGroupe I : \nProduits de la tarification \nDont CNR : 0 \n1 022 365,00 \u20ac  \n1 057 365,00 \u20ac Groupe II : \nAutres produits relatifs \u00e0 l'exploitation 35 000,00 \u20ac \nGroupe III : \nProduits financiers et produits non encaissables \n0.00 \u20ac \n \n \n \nArticle 2 : \nPour l'exercice budg\u00e9taire 2025, la dotation global e de financement du CPH EQUALIS est fix\u00e9e \u00e0                               \n1 022 365,00 \u20ac.  \n \nEn application de l'article R. 314-107 du code de l'action sociale et des familles, la fraction forfaitaire \u00e9gale au \ndouzi\u00e8me de la dotation globale de financement s'\u00e9l\u00e8ve \u00e0 85 197,083 \u20ac. \n \n \nLes 100 places du CPH sont financ\u00e9es au co\u00fbt journalier de 28,01 \u20ac sur la base d'un fonctionnement en ann\u00e9e \npleine (365 jours). \n \n \n \nArticle 3 : \nCette dotation sera imput\u00e9e sur les cr\u00e9dits du prog ramme 303 \u00ab Immigration et Asile \u00bb, et fera l'objet  d'une \nd\u00e9l\u00e9gation de cr\u00e9dits aupr\u00e8s de l'Unit\u00e9 Op\u00e9rationne lle du d\u00e9partement des Yvelines. L'ordonnateur de l a \nd\u00e9pense est le Pr\u00e9fet de la R\u00e9gion Ile-de-France \u2013 Pr\u00e9fet de Paris, et par d\u00e9l\u00e9gation, Monsieur le dir ecteur \nd\u00e9partemental de l'emploi, du travail et des solidarit\u00e9s. Le comptable assignataire est le Directeur r\u00e9gional des \nfinances publiques d'\u00cele-de-France et du d\u00e9partement de Paris.  \n \n \nArticle 4 : \nLes recours dirig\u00e9s contre le pr\u00e9sent arr\u00eat\u00e9 doivent \u00eatre port\u00e9s devant le tribunal administratif de Versailles sis \n56, avenue de Saint Cloud 78011 Versailles, dans le d\u00e9lai d'un mois \u00e0 compter de sa publication ou, po ur les \npersonnes auxquelles il sera notifi\u00e9, \u00e0 compter de sa notification. \n \n \n \nDirection r\u00e9gionale et interd\u00e9partementale de l'h\u00e9bergement et du logement - IDF-2025-11-05-00005 - Arr\u00eat\u00e9 de tarification fixant la\ndotation globale de financement 2025 du CPH EQUALIS 16\n 3\n \nArticle 5 : \nLe pr\u00e9fet, secr\u00e9taire g\u00e9n\u00e9ral aux politiques publiques de la pr\u00e9fecture de la r\u00e9gion d'\u00cele-de-France, pr\u00e9fecture \nde Paris et le directeur r\u00e9gional et interd\u00e9parteme ntal de l'h\u00e9bergement et du logement d'\u00cele-de-Franc e sont \ncharg\u00e9s, chacun en ce qui le concerne, de l'ex\u00e9cuti on du pr\u00e9sent arr\u00eat\u00e9 qui sera publi\u00e9 au recueil des  actes \nadministratifs de la pr\u00e9fecture de la r\u00e9gion d'\u00cele-de-France, pr\u00e9fecture de Paris. \n \n \nFait \u00e0 Paris, le 05/11/2025 \n \n \nPour le pr\u00e9fet de la r\u00e9gion d'\u00cele-de-France, \npr\u00e9fet de Paris et par d\u00e9l\u00e9gation  \nLe Directeur adjoint \nde l'H\u00e9bergement et du Logement \n \nSIGNE \n \nJacques-Bertrand de REBOUL \n  \n \nDirection r\u00e9gionale et interd\u00e9partementale de l'h\u00e9bergement et du logement - IDF-2025-11-05-00005 - Arr\u00eat\u00e9 de tarification fixant la\ndotation globale de financement 2025 du CPH EQUALIS 17\nPr\u00e9fecture de la r\u00e9gion d'Ile-de-France,\npr\u00e9fecture de Paris-Secr\u00e9tariat g\u00e9n\u00e9ral aux\npolitiques publiques\nIDF-2025-11-06-00001\nArr\u00eat\u00e9 n\u00b02025-517 modifiant l'arr\u00eat\u00e9 n\u00b0 2018-495\ndu 23 novembre 2018 portant attribution de\nsubvention au titre de \nla dotation de soutien \u00e0 l'investissement local \u00e0\nla Communaut\u00e9 urbaine Grand Paris Seine et\nOise\nPr\u00e9fecture de la r\u00e9gion d'Ile-de-France, pr\u00e9fecture de Paris-Secr\u00e9tariat g\u00e9n\u00e9ral aux politiques publiques - IDF-2025-11-06-00001 - Arr\u00eat\u00e9\nn\u00b02025-517 modifiant l'arr\u00eat\u00e9 n\u00b0 2018-495 du 23 novembre 2018 portant attribution de subvention au titre de \nla dotation de soutien \u00e0 l'investissement local \u00e0 la Communaut\u00e9 urbaine Grand Paris Seine et Oise\n18\nPREFET .DE LA REGIOND'\u00ceLE-DE-FRANCELibert\u00e9Egalit\u00e9Fraternit\u00e9\n                \n \n \n \n \n \n \n \n \n \nPr\u00e9fecture de la r\u00e9gion d'Ile-de-France, pr\u00e9fecture de Paris \nSecr\u00e9tariat g\u00e9n\u00e9ral aux politiques publiques \nBureau de la coordination et de l'investissement territorial \n               \n \n \n \n 1 \n \nARR\u00caT\u00c9 N\u00b0 2025-517 \nmodifiant l'arr\u00eat\u00e9 n\u00b0 2018-495 du 23 novembre 2018 portant attribution de subvention au titre de  \nla dotation de soutien \u00e0 l'investissement local  \n \nLE PR\u00c9FET DE LA R\u00c9GION D'\u00ceLE-DE-FRANCE \nPR\u00c9FET DE PARIS \nGRAND OFFICIER DE LA L\u00c9GION D'HONNEUR \nOFFICIER DE L'ORDRE NATIONAL DU M\u00c9RITE \n \n \nVU le code g\u00e9n\u00e9ral des collectivit\u00e9s territoriales et notamment ses articles L. 2334-42, L.1111-10 et R.2334-39 ; \nVU le d\u00e9cret n\u00b0  2004-374 du 29  avril 2004 relatif aux pouvoirs des pr\u00e9fets, \u00e0 l'organisation et \u00e0 l'action des \nservices de l'Etat dans les r\u00e9gions et d\u00e9partements ; \n \nVU le d\u00e9cret n\u00b0 2018-428 du 1er juin 2018 relatif aux dotations de l'Etat aux collectivit\u00e9s territoriales ;  \n \nVU le d\u00e9cret n\u00b0 2020-412 du 8 avril 2020 relatif au droit de d\u00e9rogation reconnu au pr\u00e9fet ; \n \nVU le d\u00e9cret n\u00b0 2020 -1129 du 14 septembre 2020 pris pour l'application de l'article L.1111 -11 du code g\u00e9n\u00e9ral \ndes collectivit\u00e9s territoriales ; \nVU l'arr\u00eat\u00e9 n\u00b0  2018-495 du 23 novembre 2018 modifi\u00e9 portant attribution d'une subvention d'un montant \nmaximum pr\u00e9visionnel de 800 000 \u20ac \u00e0 la communaut\u00e9 urbaine de Grand Paris Seine et Oise  au titre de la \ndotation de soutien \u00e0 l'investissement local pour la requalification de la boucle dite de Chanteloup (phase 2) ;  \nVU l'arr\u00eat\u00e9 n\u00b0 2024-06 du 12 f\u00e9vrier 2024 modifiant l'intitul\u00e9 du projet et prorogeant l'op\u00e9ration \nsusmentionn\u00e9e jusqu'au 14 novembre 2025; \nVU le courrier en date du 6 octobre 2025 de la pr\u00e9sidente  de la communaut\u00e9 urbaine de Grand Paris Seine et \nOise sollicitant une prorogation exceptionnelle du d\u00e9lai d'ach\u00e8vement de l'op\u00e9ration mentionn\u00e9e dans l'arr\u00eat\u00e9 \nsusvis\u00e9, qui a d\u00e9marr\u00e9 le 14 novembre 2019 ; \nCONSIDERANT qu'il est n\u00e9cessaire de d\u00e9roger \u00e0 l'article R .2334-29 du code g\u00e9n\u00e9ral des collectivit\u00e9s \nterritoriales afin de proroger le d\u00e9lai d'ach\u00e8vement de l'op\u00e9ration susvis\u00e9e ; \nCONSIDERANT que cette d\u00e9rogation est justifi\u00e9e par la n\u00e9cessit\u00e9 d'un d\u00e9lai suppl\u00e9mentaire pour d\u00e9ployer les \ninstallations de s\u00e9curisation de la phase 2 de l'op\u00e9ration;  \n \nCONSIDERANT que cette d\u00e9rogation a pour effet de favoriser l'acc\u00e8s aux aides publiques ; \n \n \nCONSIDERANT que cette d\u00e9rogation ne porte pas atteinte aux int\u00e9r\u00eats de la d\u00e9fense ou \u00e0 la s\u00e9curit\u00e9 des \npersonnes et des biens, ni une atteinte disproportionn\u00e9e aux objectifs poursuivis par les dispositions auxquelles \nil est d\u00e9rog\u00e9 et qu'elle est compatible avec les engagements europ\u00e9ens et internationaux de la France ;  \n \nPr\u00e9fecture de la r\u00e9gion d'Ile-de-France, pr\u00e9fecture de Paris-Secr\u00e9tariat g\u00e9n\u00e9ral aux politiques publiques - IDF-2025-11-06-00001 - Arr\u00eat\u00e9\nn\u00b02025-517 modifiant l'arr\u00eat\u00e9 n\u00b0 2018-495 du 23 novembre 2018 portant attribution de subvention au titre de \nla dotation de soutien \u00e0 l'investissement local \u00e0 la Communaut\u00e9 urbaine Grand Paris Seine et Oise\n19\n \n 2 \nARR\u00caTE \n \nARTICLE 1er \n \nEn application du d\u00e9cret n\u00b0  2020-412 du 8 avril 2020 , par d\u00e9rogation aux dispositions de l'article R .2334-29 du \ncode g\u00e9n\u00e9ral des collectivit\u00e9s territoriales,  le d\u00e9lai de quatre ans pr\u00e9vu \u00e0 compter de la date de d\u00e9marrage de \nl'op\u00e9ration pour d\u00e9clarer l'ach\u00e8vement des travaux, fix\u00e9 au 4\u00e8me alin\u00e9a de l'artic le 3 de l'arr\u00eat\u00e9 pr\u00e9fectoral n \u00b0 \n2018-495 du 23 novembre 2018  modifi\u00e9, est prorog\u00e9 jusqu'au 14 novembre 2029 . L'ach\u00e8vement des travaux \ndevra intervenir avant le 14 novembre 2029. \n \nARTICLE 2 \n \nLes autres dispositions de l'arr\u00eat\u00e9 pr\u00e9fectoral susvis\u00e9 demeurent inchang\u00e9es. \n \nARTICLE 3 \n \nLa pr\u00e9f\u00e8te, secr\u00e9taire g\u00e9n\u00e9rale aux politiques publiques de la pr\u00e9fecture de la r\u00e9gion d'\u00cele -de-France, pr\u00e9fecture \nde Paris, le pr\u00e9fet du d\u00e9partement des Yvelines et le directeur r\u00e9gional des finances publiques d'\u00cele-de-France et \nde Paris sont charg\u00e9s, chacun en ce qui le concerne, de l'ex\u00e9cution du pr\u00e9sent arr\u00eat\u00e9.  \n  \n \n \n \nFait \u00e0 Paris, le 6 novembre 2025 \n \n \n  \nLe Pr\u00e9fet de la r\u00e9gion d'\u00cele-de-France, \nPr\u00e9fet de Paris \n \n \nSign\u00e9 \n \n \nMarc GUILLAUME \n \n \n \n \n \n \n \n \nPr\u00e9fecture de la r\u00e9gion d'Ile-de-France, pr\u00e9fecture de Paris-Secr\u00e9tariat g\u00e9n\u00e9ral aux politiques publiques - IDF-2025-11-06-00001 - Arr\u00eat\u00e9\nn\u00b02025-517 modifiant l'arr\u00eat\u00e9 n\u00b0 2018-495 du 23 novembre 2018 portant attribution de subvention au titre de \nla dotation de soutien \u00e0 l'investissement local \u00e0 la Communaut\u00e9 urbaine Grand Paris Seine et Oise\n20","date":"2025-11-06","first_seen_on":"2025-11-06T18:09:36+00:00","id":"3d9c209506ca1cc39da39fe57e448ebbc104407e48673d74edf983a52964bd6d","name":"recueil-idf-013-2025-11-recueil-des-actes-administratifs-special du 06.11.2025","pdf_creation_date":"2025-11-06T15:56:05+00:00","pdf_modification_date":null,"timezone":"Europe/Paris","url":"https://www.prefectures-regions.gouv.fr/ile-de-france/irecontenu/telechargement/132469/972242/file/recueil-idf-013-2025-11-recueil-des-actes-administratifs-special%20du%2006.11.2025.pdf"}
