{"administration":"pref01","administration_name":"Pr\u00e9fecture de l\u2019Ain","content":"AIN\nRECUEIL DES ACTES\nADMINISTRATIFS SP\u00c9CIAL\nN\u00b001-2025-287\nPUBLI\u00c9 LE 10 SEPTEMBRE 2025\nSommaire\n01_DDETS_Direction d\u00e9partementale de l'emploi, du travail et des\nsolidarit\u00e9s de l'Ain / Direction\n01-2025-08-21-00005 - R\u00e9c\u00e9piss\u00e9 de d\u00e9claration\nd'un organisme\nde services \u00e0 la personne\nenregistr\u00e9 sous le N\u00b0\nSAP988357265\nTania CARTIS (TT NETTOYAGE) (2 pages) Page 3\n01-2025-08-21-00006 - R\u00e9c\u00e9piss\u00e9 de d\u00e9claration\nd'un organisme\nde services \u00e0 la personne\nenregistr\u00e9 sous le N\u00b0\nSAP989286141\nRACINES DE VI' (2 pages) Page 6\n01_Pref_Pr\u00e9fecture de l'Ain /\n01-2025-06-25-00049 - AP - LA POSTE Belley (2 pages) Page 9\n01-2025-09-09-00006 - Arr\u00eat\u00e9 autorisant la captation,\nl'enregistrement et la transmission \nd'images au moyen de\ncam\u00e9ras install\u00e9es sur des a\u00e9ronefs (2 pages) Page 12\n2\n01_DDETS_Direction d\u00e9partementale de\nl'emploi, du travail et des solidarit\u00e9s de l'Ain\n01-2025-08-21-00005\nR\u00e9c\u00e9piss\u00e9 de d\u00e9claration\nd'un organisme de services \u00e0 la personne\nenregistr\u00e9 sous le N\u00b0 SAP988357265\nTania CARTIS (TT NETTOYAGE)\n01_DDETS_Direction d\u00e9partementale de l'emploi, du travail et des solidarit\u00e9s de l'Ain - 01-2025-08-21-00005 - R\u00e9c\u00e9piss\u00e9 de\nd\u00e9claration\nd'un organisme de services \u00e0 la personne\nenregistr\u00e9 sous le N\u00b0 SAP988357265\nTania CARTIS (TT NETTOYAGE)\n3\nPREFETE Direction d\u00e9partementale de l'emploi, du travail et desDE L'AIN solidarit\u00e9sLibert\u00e9\u00c9galit\u00e9Fraternit\u00e9\nR\u00e9c\u00e9piss\u00e9 de d\u00e9clarationd'un organisme de services \u00e0 la personneenregistr\u00e9 sous le N\u00b0 SAP988357265\nVu le code du travail et notamment les articles L.7231-1 \u00e0 L.7233-2, R.7232-16 \u00e0 R.7232-22, D.7231-1 etD.7233-1 \u00e0 D.7233-5;\nVu la demande de d\u00e9claration d\u00e9pos\u00e9e par l'organisme TT NETTOYAGE, 15 Rue du Port Trevoux01600 TREVOUX, le 07/08/2025 ;\nLa pr\u00e9f\u00e8te de l'AinConstate :Qu'une d\u00e9claration d'activit\u00e9s de services \u00e0 la personne a \u00e9t\u00e9 d\u00e9pos\u00e9e aupr\u00e8s du service instructeurde l'Ain, le 07/08/2025 par Mme. Cartis Tania en qualit\u00e9 de dirigeante, pour l'organisme TTNETTOYAGE dont l'\u00e9tablissement principal est situ\u00e9 15 Rue du Port Trevoux 01600 TREVOUX etenregistr\u00e9 sous le N\u00b0 SAP988357265 pour les activit\u00e9s suivantes :\u00a2 Entretien de la maison et travaux m\u00e9nagers (mode d'intervention Prestataire)\u00a2 Collecte et livraison \u00e0 domicile de linge repass\u00e9 (mode d'intervention Prestataire)\u00a2 Livraison de courses a domicile (mode d'intervention Prestataire)\u00a2 Assistance aux personnes ayant besoin d'une aide temporaire \u00e0 leur domicile (moded'intervention Prestataire)Toute modification concernant les activit\u00e9s exerc\u00e9es devra faire l'objet d'une d\u00e9claration modificativepr\u00e9alable.Sous r\u00e9serve d'\u00eatre exerc\u00e9es \u00e0 titre exclusif (ou sous r\u00e9serve d'une comptabilit\u00e9 s\u00e9par\u00e9e pour lespersonnes morales dispens\u00e9es de cette condition), ces activit\u00e9s ouvrent droit au b\u00e9n\u00e9fice desdispositions des articles L. 7233-2 du code du travail et L.241-10 du code de la s\u00e9curit\u00e9 sociale dans lesconditions pr\u00e9vues par ces articles.Les effets de la d\u00e9claration courent \u00e0 compter du jour du d\u00e9p\u00f4t de la d\u00e9claration sous r\u00e9serve desdispositions de l'article R.7232-18 du code du travail. Le pr\u00e9sent r\u00e9c\u00e9piss\u00e9 n'est pas limit\u00e9 dans letemps. La d\u00e9claration a une port\u00e9e nationale.Le cas \u00e9ch\u00e9ant:En application des articles L.7232-1 et R.7232-1 \u00e0 R.7232-15, les activit\u00e9s n\u00e9cessitant un agr\u00e9ment (Ide l'article D.7231-1 du code du travail) n'ouvrent droit \u00e0 ces dispositions que si l'organisme apr\u00e9alablement obtenu l'agr\u00e9ment ou le renouvellement de cet agr\u00e9ment dans le ou lesd\u00e9partement(s) d'exercice de ses activit\u00e9s.De m\u00eame, en application de l'article D.312-6-2 du code de l'action sociale et des familles, les activit\u00e9sn\u00e9cessitant une autorisation n'ouvrent droit \u00e0 ces dispositions que si l'organisme a pr\u00e9alablementobtenu l'autorisation ou le renouvellement de cette autorisation.L'enregistrement de la d\u00e9claration peut \u00eatre retir\u00e9 dans les conditions fix\u00e9es aux articles R.7232-20 \u00e0 R.7232-22 du code du travail.Le pr\u00e9sent r\u00e9c\u00e9piss\u00e9 sera publi\u00e9 au recueil des actes administratifs de la pr\u00e9fecture.Le pr\u00e9sent r\u00e9c\u00e9piss\u00e9 peut, \u00e0 compter de sa notification, faire l'objet d'un recours gracieux aupr\u00e8sservice instructeur de I' Ain ou d'un recours hi\u00e9rarchique adress\u00e9 au ministre charg\u00e9 de l'\u00e9conomie -Direction g\u00e9n\u00e9rale des entreprises \u2014 sous-direction des services marchands, 61 Boulevard VincentAuriol, 75703 PARIS CEDEX 13.Il peut \u00e9galement faire l'objet d'un recours contentieux dans un d\u00e9lai de deux mois \u00e0 compter de sanotification aupr\u00e8s du tribunal administratif Lyon.\n \n01_DDETS_Direction d\u00e9partementale de l'emploi, du travail et des solidarit\u00e9s de l'Ain - 01-2025-08-21-00005 - R\u00e9c\u00e9piss\u00e9 de\nd\u00e9claration\nd'un organisme de services \u00e0 la personne\nenregistr\u00e9 sous le N\u00b0 SAP988357265\nTania CARTIS (TT NETTOYAGE)\n4\nLe tribunal administratif peut aussi \u00eatre saisi par l'application informatique \u00ab T\u00e9l\u00e9recours citoyen \u00bbaccessible sur le site internet http://www.telerecours.fr/En cas de rejet du recours gracieux ou hi\u00e9rarchique ou en l'absence de r\u00e9ponse a ce recours (rejetimplicite), un recours contentieux devant le tribunal administratif Lyon peut \u00e9galement \u00eatre form\u00e9contre la d\u00e9cision initiale dans un d\u00e9lai de deux mois \u00e0 compter de ce rejet.\nFait \u00e0 Bourg-en-Bresse, le 21/08/2025Pour la pr\u00e9f\u00e8te et par d\u00e9l\u00e9gation du directeurd\u00e9partemental de l'emploi, du travail et dessolidarit\u00e9s de l'AinLe responsable du P\u00f4le Insertion Emploi etSolidarit\u00e9s\nJean-Eudes BENTATA\n01_DDETS_Direction d\u00e9partementale de l'emploi, du travail et des solidarit\u00e9s de l'Ain - 01-2025-08-21-00005 - R\u00e9c\u00e9piss\u00e9 de\nd\u00e9claration\nd'un organisme de services \u00e0 la personne\nenregistr\u00e9 sous le N\u00b0 SAP988357265\nTania CARTIS (TT NETTOYAGE)\n5\n01_DDETS_Direction d\u00e9partementale de\nl'emploi, du travail et des solidarit\u00e9s de l'Ain\n01-2025-08-21-00006\nR\u00e9c\u00e9piss\u00e9 de d\u00e9claration\nd'un organisme de services \u00e0 la personne\nenregistr\u00e9 sous le N\u00b0 SAP989286141\nRACINES DE VI'\n01_DDETS_Direction d\u00e9partementale de l'emploi, du travail et des solidarit\u00e9s de l'Ain - 01-2025-08-21-00006 - R\u00e9c\u00e9piss\u00e9 de\nd\u00e9claration\nd'un organisme de services \u00e0 la personne\nenregistr\u00e9 sous le N\u00b0 SAP989286141\nRACINES DE VI'\n6\nPREFETE Direction d\u00e9partementale de l'emploi, du travail et desDE L'AIN solidarit\u00e9sLibert\u00e9\u00c9galit\u00e9Fraternit\u00e9\nR\u00e9c\u00e9piss\u00e9 de d\u00e9clarationd'un organisme de services \u00e0 la personneenregistr\u00e9 sous le N\u00b0 SAP989286141\nVu le code du travail et notamment les articles L.7231-1 \u00e0 L.7233-2, R.7232-16 \u00e0 R.7232-22, D.7231-1 etD.7233-1 \u00e0 D.7233-5;\nVu la demande de d\u00e9claration d\u00e9pos\u00e9e par l'organisme RACINES DE VI', 715 ROUTE DE CHANOZ01800 RIGNIEUX-LE-FRANC, le 05/08/2025;\nLa pr\u00e9f\u00e8te de l'AinConstate :Qu'une d\u00e9claration d'activit\u00e9s de services \u00e0 la personne a \u00e9t\u00e9 d\u00e9pos\u00e9e aupr\u00e8s du service instructeurde l'Ain, le 05/08/2025 par Mme. Poute de Puybaudet Viannette en qualit\u00e9 de dirigeante, pourl'organisme RACINES DE VI' dont l'\u00e9tablissement principal est situ\u00e9 715 ROUTE DE CHANOZ 01800RIGNIEUX-LE-FRANC et enregistr\u00e9 sous le N\u00b0 SAP989286141 pour les activit\u00e9s suivantes :\u00a2 Entretien de la maison et travaux m\u00e9nagers (mode d'intervention Prestataire)\u00ab Petits travaux dejardinage (mode d'intervention Prestataire)\u00a2 Travaux de petit bricolage (mode d'intervention Prestataire)\u00ab Pr\u00e9paration de repas \u00e0 domicile (mode d'intervention Prestataire)\u00a2 Livraison de repas \u00e0 domicile (mode d'intervention Prestataire)\u00a2 Collecte et livraison \u00e0 domicile de linge repass\u00e9 (mode d'intervention Prestataire)\u00ab Livraison de courses \u00e0 domicile (mode d'intervention Prestataire)\u00a2\u00ab Maintenance, entretien et vigilance temporaires \u00e0 domicile (mode d'intervention Prestataire)\u00ab Assistance informatique a domicile (mode d'intervention Prestataire)\u00ab Assistance administrative a domicile (mode d'intervention Prestataire)Toute modification concernant les activit\u00e9s exerc\u00e9es devra faire l'objet d'une d\u00e9claration modificativepr\u00e9alable.Sous r\u00e9serve d'\u00eatre exerc\u00e9es \u00e0 titre exclusif (ou sous r\u00e9serve d'une comptabilit\u00e9 s\u00e9par\u00e9e pour lespersonnes morales dispens\u00e9es de cette condition), ces activit\u00e9s ouvrent droit au b\u00e9n\u00e9fice desdispositions des articles L. 7233-2 du code du travail et L.241-10 du code de la s\u00e9curit\u00e9 sociale dans lesconditions pr\u00e9vues par ces articles.Les effets de la d\u00e9claration courent \u00e0 compter du jour du d\u00e9p\u00f4t de la d\u00e9claration sous r\u00e9serve desdispositions de l'article R.7232-18 du code du travail. Le pr\u00e9sent r\u00e9c\u00e9piss\u00e9 n'est pas limit\u00e9 dans letemps. La d\u00e9claration a une port\u00e9e nationale.Le cas \u00e9ch\u00e9ant:En application des articles L.7232-1 et R.7232-1 \u00e0 R.7232-15, les activit\u00e9s n\u00e9cessitant un agr\u00e9ment (Ide l'article D.7231-1 du code du travail) n'ouvrent droit \u00e0 ces dispositions que si l'organisme apr\u00e9alablement obtenu l'agr\u00e9ment ou le renouvellement de cet agr\u00e9ment dans le ou lesd\u00e9partement(s) d'exercice de ses activit\u00e9s.De m\u00eame, en application de l'article D.312-6-2 du code de l'action sociale et des familles, les activit\u00e9sn\u00e9cessitant une autorisation n'ouvrent droit \u00e0 ces dispositions que si l'organisme a pr\u00e9alablementobtenu l'autorisation ou le renouvellement de cette autorisation.L'enregistrement de la d\u00e9claration peut \u00eatre retir\u00e9 dans les conditions fix\u00e9es aux articles R.7232-20 \u00e0 R.7232-22 du code du travail.\n \n01_DDETS_Direction d\u00e9partementale de l'emploi, du travail et des solidarit\u00e9s de l'Ain - 01-2025-08-21-00006 - R\u00e9c\u00e9piss\u00e9 de\nd\u00e9claration\nd'un organisme de services \u00e0 la personne\nenregistr\u00e9 sous le N\u00b0 SAP989286141\nRACINES DE VI'\n7\nLe pr\u00e9sent r\u00e9c\u00e9piss\u00e9 sera publi\u00e9 au recueil des actes administratifs de la pr\u00e9fecture.Le pr\u00e9sent r\u00e9c\u00e9piss\u00e9 peut, \u00e0 compter de sa notification, faire l'objet d'un recours gracieux aupr\u00e8sservice instructeur de |' Ain ou d'un recours hi\u00e9rarchique adress\u00e9 au ministre charg\u00e9 de l'\u00e9conomie -Direction g\u00e9n\u00e9rale des entreprises \u2014 sous-direction des services marchands, 61 Boulevard VincentAuriol, 75703 PARIS CEDEX 13.Il peut \u00e9galement faire l'objet d'un recours contentieux dans un d\u00e9lai de deux mois \u00e0 compter de sanotification aupr\u00e8s du tribunal administratif Lyon.Le tribunal administratif peut aussi \u00eatre saisi par l'application informatique \u00ab T\u00e9l\u00e9recours citoyen \u00bbaccessible sur le site internet http://www.telerecours.fr/En cas de rejet du recours gracieux ou hi\u00e9rarchique ou en l'absence de r\u00e9ponse \u00e0 ce recours (rejetimplicite), un recours contentieux devant le tribunal administratif Lyon peut \u00e9galement \u00eatre form\u00e9contre la d\u00e9cision initiale dans un d\u00e9lai de deux mois \u00e0 compter de ce rejet.\nFait \u00e0 Bourg-en-Bresse, le 21/08/2025Pour la pr\u00e9f\u00e8te et par d\u00e9l\u00e9gation du directeurd\u00e9partemental de l'emploi, du travail et dessolidarit\u00e9s de l'AinLe responsable du P\u00f4le Insertion Emploi etSolidarit\u00e9s\nJean-Eudes BENTATA\n01_DDETS_Direction d\u00e9partementale de l'emploi, du travail et des solidarit\u00e9s de l'Ain - 01-2025-08-21-00006 - R\u00e9c\u00e9piss\u00e9 de\nd\u00e9claration\nd'un organisme de services \u00e0 la personne\nenregistr\u00e9 sous le N\u00b0 SAP989286141\nRACINES DE VI'\n8\n01_Pref_Pr\u00e9fecture de l'Ain\n01-2025-06-25-00049\nAP - LA POSTE Belley\n01_Pref_Pr\u00e9fecture de l'Ain - 01-2025-06-25-00049 - AP - LA POSTE Belley 9\n01_Pref_Pr\u00e9fecture de l'Ain - 01-2025-06-25-00049 - AP - LA POSTE Belley 10\nArticle 5: Hormis le cas d'une enqu\u00eate de flagrant d\u00e9lit, d'une enqu\u00eate pr\u00e9liminaire ou d'uneinformation judiciaire, les enregistrements seront d\u00e9truits dans un d\u00e9lai maximum de 30 jours.Article 6 : Le p\u00e9titionnaire, responsable de la mise en \u0153uvre du syst\u00e8me doit se porter garant despersonnes susceptibles d'intervenir dans l'exploitation ou le visionnage des images, ainsi que dansla maintenance du syst\u00e8me mis en place. Des consignes tr\u00e8s pr\u00e9cises sur la confidentialit\u00e9 desimages capt\u00e9es ou/et enregistr\u00e9es et des atteintes \u00e0 la vie priv\u00e9e qu'elles peuvent \u00e9ventuellementimpliquer seront donn\u00e9es \u00e0 toutes les personnes concern\u00e9es.Les personnes habilit\u00e9es \u00e0 acc\u00e9der aux images sont :- Directeur de secteur ou son repr\u00e9sentant- Directeur de la S\u00fbret\u00e9 et de la pr\u00e9vention des incivilit\u00e9s ou ses repr\u00e9sentants- Les techniciens des services de maintenance de la poste- Les enqu\u00eateurs du service national des enqu\u00eates de la poste et t\u00e9l\u00e9surveilleur.Les modifications relatives aux personnes habilit\u00e9es \u00e0 acc\u00e9der aux images doivent \u00eatre signal\u00e9es \u00e0 lapr\u00e9f\u00e8te par le responsable du dispositif de vid\u00e9oprotection par \u00e9crit et ajout\u00e9es au dossier.Article 7 : Toute modification pr\u00e9sentant un caract\u00e8re substantiel doit faire l'objet d'une nouvelleanalyse au vu d'un dossier de demande d'autorisation complet transmis via l'application devid\u00e9oprotection www.televideoprotection.interieur.gouv.fr.Article 8: Le syst\u00e8me concern\u00e9 devra faire l'objet d'une nouvelle autorisation administrativepr\u00e9alable au terme du d\u00e9lai des cing ans: un dossier complet devra \u00eatre transmis a la pr\u00e9fectureentre le 25 f\u00e9vrier et le 25 juin 2030 via l'application de vid\u00e9oprotectionwww.televideoprotection.interieur.gouv.fr.Article 9: Sans pr\u00e9judice des sanctions p\u00e9nales applicables, la pr\u00e9sente autorisation, peut, apr\u00e8sque l'int\u00e9ress\u00e9 aura \u00e9t\u00e9 mis \u00e0 m\u00eame de pr\u00e9senter ses observations, \u00eatre retir\u00e9e en cas demanquement aux dispositions figurant aux articles L. 251-2, L. 251-3, L. 252-1 \u00e0 L. 252-6, L. 253-1 \u00e0 L.253-5 et R. 251-1 \u00e0 R. 253-4 du Code de la s\u00e9curit\u00e9 int\u00e9rieure ou encore en cas de modification desconditions au vu desquelles cette autorisation a \u00e9t\u00e9 d\u00e9livr\u00e9e.Article 10: La pr\u00e9sente autorisation sera publi\u00e9e au recueil des actes administratifs de la pr\u00e9fecturede l'Ain et pourra faire l'objet d'un recours contentieux devant le tribunal administratif de Lyondans un d\u00e9lai de deux mois \u00e0 compter de la date de sa notification, ou de mani\u00e8re d\u00e9mat\u00e9rialis\u00e9esur le site citoyens.telerecours.fr.Article 11: La directrice de cabinet de la pr\u00e9f\u00e8te est charg\u00e9e de l'ex\u00e9cution du pr\u00e9sent arr\u00eat\u00e9 quisera notifi\u00e9 au p\u00e9titionnaire et dont un exemplaire sera adress\u00e9 au sous-pr\u00e9fet de Belley et au mairede la commune de Belley.\nFait \u00e0 Bourg-en-Bresse, le 25 juin 2025\nLa pr\u00e9f\u00e8te,Pour la pr\u00e9f\u00e8te et par d\u00e9l\u00e9gation,L'adjoint du directeur des s\u00e9curit\u00e9s,\nSign\u00e9 J\u00e9r\u00e9my TESTA\n01_Pref_Pr\u00e9fecture de l'Ain - 01-2025-06-25-00049 - AP - LA POSTE Belley 11\n01_Pref_Pr\u00e9fecture de l'Ain\n01-2025-09-09-00006\nArr\u00eat\u00e9 autorisant la captation, l'enregistrement\net la transmission \nd'images au moyen de cam\u00e9ras install\u00e9es sur des\na\u00e9ronefs\n01_Pref_Pr\u00e9fecture de l'Ain - 01-2025-09-09-00006 - Arr\u00eat\u00e9 autorisant la captation, l'enregistrement et la transmission \nd'images au moyen de cam\u00e9ras install\u00e9es sur des a\u00e9ronefs 12\nE 3PR\u00c9F\u00c8TEDE L'AINLibert\u00e9Egalit\u00e9Fraternit\u00e9\nCabinet de la pr\u00e9f\u00e8te \nDirection des s\u00e9curit\u00e9s\nBureau de la s\u00e9curit\u00e9 int\u00e9rieure\nArr\u00eat\u00e9 autorisant la captation, l'enregistrement et la transmission \nd'images au moyen de cam\u00e9ras install\u00e9es sur des a\u00e9ronefs\nLa pr\u00e9f\u00e8te de l'Ain,\nChevalier de la L\u00e9gion d'honneur\nOfficier de l'ordre national du M\u00e9rite\nVU le Code de la s\u00e9curit\u00e9 int\u00e9rieure \u00a0et notamment ses articles L. 242-1 \u00e0 L. 242-8 et R. 242-8 \u00e0 R. 242-\n14\u00a0;\nVU le d\u00e9cret n\u00b0 2004-374 du 29 avril 2004 modifi\u00e9, relatif aux pouvoirs des pr\u00e9fets, \u00e0 l'organisation et \u00e0 l'action \ndes services de l'\u00c9tat dans les r\u00e9gions et d\u00e9partements\u00a0;\nVU le d\u00e9cret du 22 mars 2023 portant nomination de Mme Chantal MAUCHET, en qualit\u00e9 de pr\u00e9f\u00e8te de l'Ain\u00a0;\nVU l'arr\u00eat\u00e9 du ministre de l'Int\u00e9rieur et des outre-mer, en date du 19 avril 2023 relatif au nombre maximal de \ncam\u00e9ras  install\u00e9es  sur  des  a\u00e9ronefs  pouvant  \u00eatre  simultan\u00e9ment  utilis\u00e9es  dans  chaque  d\u00e9partement  et \ncollectivit\u00e9 d'outre-mer\u00a0;\nVU la demande du 05 septembre 2025, form\u00e9e par le groupement de gendarmerie d\u00e9partementale de l'Ain, \nvisant \u00e0 obtenir l'autorisation de capter, d'enregistrer et de  transmettre des images au moyen d'une \ncam\u00e9ra install\u00e9e sur un a\u00e9ronef t\u00e9l\u00e9-pilot\u00e9 aux fins d'assurer la s\u00e9curit\u00e9 des rassemblements de personnes sur la \nvoie publique ou dans des lieux ouverts au public pouvant se d\u00e9rouler le 10 septembre 2025 \u00e0 la suite d'un appel \n\u00e0 manifester et au blocage susceptible d'entra\u00eener des troubles graves \u00e0 l'ordre public sur le d\u00e9partement de \nl'Ain\u00a0;\nConsid\u00e9rant que les dispositions susvis\u00e9es permettent aux forces de s\u00e9curit\u00e9 int\u00e9rieure, dans l'exercice  \nde leurs missions de pr\u00e9vention des atteintes \u00e0 l'ordre public et de protection de la s\u00e9curit\u00e9 des  \npersonnes et des biens, de proc\u00e9der \u00e0 la captation, \u00e0 l'enregistrement et \u00e0 la transmission d'images au  \nmoyen de cam\u00e9ras install\u00e9es sur des a\u00e9ronefs aux fins d'assurer la s\u00e9curit\u00e9 des personnes et des biens  \net pr\u00e9venir les troubles \u00e0 l'ordre public dans le cadre des op\u00e9rations de r\u00e9tablissement de l'ordre  \npublic\u00a0; que notamment, le 2\u00b0 de l'article L. 242-5 susvis\u00e9 pr\u00e9voit que ces dispositifs peuvent \u00eatre mis  \nen \u0153uvre au titre de la s\u00e9curit\u00e9 des rassemblements de personnes sur la voie publique ou dans les lieux \nouverts au public ainsi que de l'appui des personnels au sol, en vue de leur permettre de maintenir ou  \nde r\u00e9tablir l'ordre public, lorsque ces rassemblements sont susceptibles d'entra\u00eener des troubles graves \n\u00e0 l'ordre public\u00a0; \nConsid\u00e9rant  que, compte tenu du risque de troubles \u00e0 l'ordre public durant le rassemblement, de  \nl'ampleur de la zone \u00e0 s\u00e9curiser, de l'int\u00e9r\u00eat de disposer d'une vision en grand angle pour permettre le  \nmaintien et le r\u00e9tablissement de l'ordre public tout en limitant l'engagement des forces au sol, le  \nrecours  aux  dispositifs  de  captation  install\u00e9s  sur  l'h\u00e9licopt\u00e8re  et  sur  l'a\u00e9ronef  t\u00e9l\u00e9-pilot\u00e9  sont  \nn\u00e9cessaires et  adapt\u00e9s \u00a0;  qu'il  n'existe  pas  de  dispositif  moins  intrusif  permettant  de  parvenir  aux \nm\u00eames fins\u00a0;\nCabinet de la pr\u00e9f\u00e8te \u2013 Direction des s\u00e9curit\u00e9s\nLe bureau de la s\u00e9curit\u00e9 int\u00e9rieure\npref-cabinet-prefet@ain.gouv.fr \n1/2\n01_Pref_Pr\u00e9fecture de l'Ain - 01-2025-09-09-00006 - Arr\u00eat\u00e9 autorisant la captation, l'enregistrement et la transmission \nd'images au moyen de cam\u00e9ras install\u00e9es sur des a\u00e9ronefs 13\nConsid\u00e9rant que ce type de rassemblement regroupant un grand nombre de v\u00e9hicules et de personnes  \npeut provoquer des troubles \u00e0 l'ordre public\u00a0;\nConsid\u00e9rant que la demande porte sur l'engagement d'une cam\u00e9ra a\u00e9roport\u00e9e pendant cette p\u00e9riode\u00a0; \nque les lieux surveill\u00e9s sont strictement limit\u00e9s  au d\u00e9partement de l'Ain \u00a0; que la dur\u00e9e de l'autorisation \nest  \u00e9galement  strictement  limit\u00e9e  \u00e0  la  dur\u00e9e  estim\u00e9e  du  rassemblement \u00a0;  qu'au  regard  des  \ncirconstances sus-mentionn\u00e9es, la demande n'appara\u00eet pas disproportionn\u00e9e\u00a0;\nConsid\u00e9rant l'urgence et sur le fait que l'information du public entrerait en contradiction avec les  \nobjectifs poursuivis par le pr\u00e9sent arr\u00eat\u00e9, le recours \u00e0 la captation, l'enregistrement et la transmission  \nd'images ne fera pas l'objet d'une information par plusieurs moyens adapt\u00e9s\u00a0; \nSur proposition de la directrice de cabinet de la pr\u00e9f\u00e8te\u00a0;\nARR\u00caTE\nArticle 1er\n La captation, l'enregistrement et la transmission d'images par le groupement de gendarmerie  \nd\u00e9partementale  de  l'Ain,  sont  autoris\u00e9s  au  titre  de  la  pr\u00e9vention  des  atteintes  \u00e0  la  s\u00e9curit\u00e9  des  \npersonnes et des biens dans des lieux particuli\u00e8rement expos\u00e9s, en raison de leurs caract\u00e9ristiques ou  \ndes faits qui s'y sont d\u00e9j\u00e0 d\u00e9roul\u00e9s, ainsi que la protection des b\u00e2timents et installations publics et de  \nleurs  abords  imm\u00e9diats,  lorsqu'ils  sont  particuli\u00e8rement  expos\u00e9s  \u00e0  des  risques  d'intrusion  ou  de  \nd\u00e9gradation, en l'appui des personnels au sol, en vue de leur permettre de maintenir ou de r\u00e9tablir  \nl'ordre public.\nArticle  2  \u2013  Le  nombre  maximal  de  cam\u00e9ras  pouvant  proc\u00e9der  simultan\u00e9ment  aux  traitements  \nmentionn\u00e9s \u00e0 l'article 1er\n est fix\u00e9 \u00e0 une.\nArticle 3 \u2013 La pr\u00e9sente autorisation est d\u00e9livr\u00e9e pour la dur\u00e9e estim\u00e9e du mouvement contestataire,  \nsoit  le 10 septembre 2025 de 08 \u00a0heures 00 \u00e0 23\u00a0heures 00, sur l'ensemble des communes de l'Ain de la  \ncomp\u00e9tence du groupement de gendarmerie d\u00e9partementale de l'Ain.\nArticle 4 \u2013 L'information du public est assur\u00e9e comme suit \u00a0: publication du pr\u00e9sent arr\u00eat\u00e9 au recueil  \ndes actes administratifs\u00a0;\nArticle 5 \u2013  Le registre mentionn\u00e9 \u00e0 l'article L. 242-4 du Code de la s\u00e9curit\u00e9 int\u00e9rieure est transmis au  \npr\u00e9fet de l'Ain.\nArticle 6\u00a0\u2013 Le pr\u00e9sent arr\u00eat\u00e9 est publi\u00e9 au recueil des actes administratifs de la pr\u00e9fecture et peut faire  \nl'objet d'un recours devant le tribunal administratif de Lyon dans un d\u00e9lai de deux mois \u00e0 compter de  \nsa publication.\nArticle 7 \u2013  La secr\u00e9taire g\u00e9n\u00e9rale, sous-pr\u00e9f\u00e8te de l'arrondissement de Bourg-en-Bresse, les sous-pr\u00e9fets des \narrondissements de Belley, de Gex et de Nantua, le colonel, commandant le groupement de gendarmerie de \nl'Ain, sont charg\u00e9s, chacun en ce qui les concerne, de l'ex\u00e9cution de la pr\u00e9sente d\u00e9cision.\nBourg-en-Bresse, le 09 septembre 2025\nLa pr\u00e9f\u00e8te,\nSign\u00e9\u00a0: Chantal MAUCHET\nCabinet de la pr\u00e9f\u00e8te \u2013 Direction des s\u00e9curit\u00e9s\nLe bureau de la s\u00e9curit\u00e9 int\u00e9rieure\npref-cabinet-prefet@ain.gouv.fr \n2/2\n01_Pref_Pr\u00e9fecture de l'Ain - 01-2025-09-09-00006 - Arr\u00eat\u00e9 autorisant la captation, l'enregistrement et la transmission \nd'images au moyen de cam\u00e9ras install\u00e9es sur des a\u00e9ronefs 14","date":"2025-09-10","first_seen_on":"2025-09-10T09:06:05+00:00","id":"3dadc39e7227ceab2eb1c6ac3d5661b0472addb2cfc22bcd9da8d237f4fdefa5","name":"recueil-01-2025-287-recueil-des-actes-administratifs-special 10-09-2025","pdf_creation_date":"2025-09-10T08:32:08+00:00","pdf_modification_date":null,"timezone":"Europe/Paris","url":"https://www.ain.gouv.fr/contenu/telechargement/33149/231907/file/recueil-01-2025-287-recueil-des-actes-administratifs-special%2010-09-2025%20.pdf"}
