{"administration":"pref09","administration_name":"Pr\u00e9fecture de l\u2019Ari\u00e8ge","content":"ARI\u00c8GE\nRECUEIL DES ACTES\nADMINISTRATIFS\nN\u00b009-2024-023\nPUBLI\u00c9 LE  5 MARS 2024\nSommaire\n09-2024-03-04-00003 - Arr\u00eat\u00e9 modificatif portant r\u00e9organisation des\nservices de la pr\u00e9fecture (2 pages) Page 3\n09-2024-03-04-00002 - Arr\u00eat\u00e9 pr\u00e9fectoral portant habilitation dans le\ndomaine fun\u00e9raire (1 page) Page 5\n09 \u25a1 PREFECTURE - DIRECTION DE LA COORDINATION\nINTERMINISTERIELLE ET DE L'APPUI TERRITORIAL / CELLULE\nENVIRONNEMENT\n09-2024-03-05-00002 - Arr\u00eat\u00e9 pr\u00e9fectoral portant ouverture d'enqu\u00eates\nconjointes\u00a0: enqu\u00eate pr\u00e9alable \u00e0 la d\u00e9claration d'utilit\u00e9 publique du projet\nde restructuration de l\u25a1\u00eelot sis n\u00b039, 41 et 43 \u25a1 Cours Gabriel Faur\u00e9 \u25a1\nCommune de Foix (09000) et enqu\u00eate parcellaire en vue de l'acquisition de\nl'emprise des parcelles n\u00e9cessaires \u00e0 l'op\u00e9ration (3 pages) Page 6\n09 \u25a1 PREFECTURE DE L\u25a1ARIEGE \u25a1 DIRECTION DE LA COORDINATION\nINTERMINISTERIELLE ET DE L\u25a1APPUI TERRITORIAL / BUREAU DE LA\nCOORDINATION INTERMINISTERIELLE\n09-2024-03-05-00003 - Arr\u00eat\u00e9 pr\u00e9fectoral portant d\u00e9l\u00e9gation de signature \u00e0\nM. Jean-Philippe DARGENT\nSecr\u00e9taire g\u00e9n\u00e9ral de la pr\u00e9fecture de\nl\u25a1Ari\u00e8ge (2 pages) Page 9\n2\nEx\nPR\u00c9FET  .\nDE L'ARI\u00c8GE\nLibert\u00e9\nEgalit\u00e9\nFraternit\u00e9\nSecr\u00e9tariat g\u00e9n\u00e9ral commun d\u00e9partemental\nService des ressources humaines \nAffaire suivie par : Alain.CANAL\nT\u00e9l : 05 61 02 11 14\nCourriel : alain.canal@ariege.gouv.fr\nArr\u00eat\u00e9 modificatif\nportant r\u00e9organisation des services de la pr\u00e9fecture\nLe pr\u00e9fet de l'Ari\u00e8ge\nVu la loi n\u00b0 82-213 du 2 mars 1982 modifi\u00e9e relative aux droits et libert\u00e9s des communes, des\nd\u00e9partements et des r\u00e9gions  ;\nVu  la  loi  n\u00b0  92-125  du  6  f\u00e9vrier  1992  modifi\u00e9e  relative  l'administration  territoriale  de  la\nR\u00e9publique;\nVu le d\u00e9cret n\u00b0 92-604 du 1er juillet 1992 modifi\u00e9 portant charte de la d\u00e9concentration  ;\nVu le d\u00e9cret modifi\u00e9 n\u00b0 2004-374 du 29 avril 2004 relatif aux pouvoirs des pr\u00e9fets, \u00e0 l'organisation\net \u00e0 l'action des services de l'\u00c9tat dans les r\u00e9gions et d\u00e9partements  ;\nVu le d\u00e9cret n\u00b0 2020-99 du 7 f\u00e9vrier 2020 du Premier ministre relatif \u00e0 l'organisation et aux\nmissions des secr\u00e9tariats g\u00e9n\u00e9raux communs d\u00e9partementaux  ;\nVu le d\u00e9cret du  13 juillet 2023, portant nomination de M. Simon Bertoux, pr\u00e9fet de l'Ari\u00e8ge \u00e0\ncompter du 21 ao\u00fbt 2023  ;\nVu l'arr\u00eat\u00e9 pr\u00e9fectoral modifi\u00e9 du 15 d\u00e9cembre 2016 portant r\u00e9organisation des services de la\npr\u00e9fecture ;\nVu les arr\u00eat\u00e9s pr\u00e9fectoraux modificatifs des 8 janvier 2021, 1er mars 2022 et 25 avril 2023 portant\nr\u00e9organisation des services de la pr\u00e9fecture  ;\nVu l'avis du comit\u00e9 social d'administration (CSA) du 5 f\u00e9vrier 2024  concernant des modifications\nau sein d'une part de la direction de la coordination interminist\u00e9rielle et de l'appui territorial\net d'autre part du cabinet ; \nSur proposition du secr\u00e9taire g\u00e9n\u00e9ral de la pr\u00e9fecture de l'Ari\u00e8ge,\nA R R \u00ca T E\nArticle    1   :  L'organisation  de  la  direction  de  la  coordination  interminist\u00e9rielle  et  de  l'appui\nterritorial pr\u00e9vue \u00e0 l 'article 1 de l'arr\u00eat\u00e9 pr\u00e9fectoral du 8 janvier 2021 est modifi\u00e9 comme suit  :\nLa direction de la coordination interminist\u00e9rielle et de l'appui territorial est compos\u00e9e de la\nmani\u00e8re suivante :\n- un adjoint au directeur ;\n- le bureau de la coordination interminist\u00e9rielle ;\n- la mission ruralit\u00e9 et services publics ;\n- le bureau de l'appui territorial, compos\u00e9 d'une cellule \u00ab Financement des projets \u00bb et d'une\ncellule \u00ab Environnement et utilit\u00e9 publique \u00bb.\n2 rue de la Pr\u00e9fecture - Pr\u00e9fet Claude - Erignac B.P . 40087 - 09007 Foix Cedex \u2013 T\u00e9l : 05 61 02 10 00\nSite internet : www.ariege.gouv.fr - 09-2024-03-04-00003 - Arr\u00eat\u00e9 modificatif portant r\u00e9organisation des services de la pr\u00e9fecture 3\nArticle 2 : L'organisation du cabinet pr\u00e9vue \u00e0 l'article 2 de l'arr\u00eat\u00e9 pr\u00e9fectoral du 8  janvier 2021\nest modifi\u00e9 comme suit  :\nCabinet\nLe cabinet plac\u00e9 sous l'autorit\u00e9 du pr\u00e9fet comprend  :\n- la direction des s\u00e9curit\u00e9s, dont le directeur des s\u00e9curit\u00e9s assure les fonctions d'adjoint du\ndirecteur de cabinet, compos\u00e9e du :\n- bureau de la s\u00e9curit\u00e9 int\u00e9rieure,\n- service interminist\u00e9riel de d\u00e9fense et de protection civiles (SIDPC),\n-  le  bureau  de  la  repr\u00e9sentation  de  l'\u00c9tat  et  de  la  communication  interminist\u00e9rielle\nnotamment  compos\u00e9  du  garage  et  de  la  cellule  intendance.  La  charg\u00e9e  de  la\ncommunication interminist\u00e9rielle assure les fonctions d'adjointe au chef de bureau.\nArticle 3 : Ces changements prennent effet \u00e0 compter du 1er mars 2024.\nArticle   4     : Le secr\u00e9taire g\u00e9n\u00e9ral de la pr\u00e9fecture de l'Ari\u00e8ge est charg\u00e9 de l'ex\u00e9cution du pr\u00e9sent \narr\u00eat\u00e9, qui sera publi\u00e9 au recueil des actes administratifs de l'Ari\u00e8ge.\nFait \u00e0 Foix, le 4 mars 2024\nLe pr\u00e9fet,\nsign\u00e9\nSimon BERTOUX\n2 - 09-2024-03-04-00003 - Arr\u00eat\u00e9 modificatif portant r\u00e9organisation des services de la pr\u00e9fecture 4\nEx\nPR\u00c9FET  .\nDE L'ARI\u00c8GE\nLibert\u00e9\nEgalit\u00e9\nFraternit\u00e9\nPR\u00c9FECTURE\nDirection de la citoyennet\u00e9 et de la l\u00e9galit\u00e9\nBureau migration et int\u00e9gration\nAffaire suivie par Sonia RIEUBLAND\nT\u00e9l : 05 61 02 10 52\nCourriel : pref-reglementation@ariege.gouv.fr\nArr\u00eat\u00e9 pr\u00e9fectoral portant habilitation dans le domaine fun\u00e9raire\nLe pr\u00e9fet de l'Ari\u00e8ge\nVu  le code g\u00e9n\u00e9ral des collectivit\u00e9s territoriales  ;\nVu la demande d'habilitation compl\u00e8te re\u00e7ue par courrier, le 18 novembre 2023, de l'entreprise\nindividuelle Denis VERGNES dont le si\u00e8ge social est situ\u00e9 12 rue Jean Moulin \u00e0 Villeneuve du\nPar\u00e9age (09100), en vue d'obtenir l'habilitation \u00e0 exercer des activit\u00e9s fun\u00e9raires  ;\nConsid\u00e9rant que le dossier constitu\u00e9 comporte l'ensemble des justifications requises par la\nr\u00e9glementation en vigueur  ;\nSur proposition du secr\u00e9taire g\u00e9n\u00e9ral de la pr\u00e9fecture de l'Ari\u00e8ge  :\nA R R \u00ca T E\nArticle 1\nL'entreprise individuelle Denis VERGNES , sise 2 rue Jean Moulin \u00e0 Villeneuve du Par\u00e9age (09100) , \nest habilit\u00e9e pour exercer l'activit\u00e9 fun\u00e9raire suivante :\n\ue004 la fourniture de personnel et d'objets et prestations n\u00e9cessaires aux obs\u00e8ques, inhumations,\nexhumations et cr\u00e9mation  .\nArticle 2\nLe num\u00e9ro de l'habilitation est : 13-09-0036\nArticle 3\nL'habilitation est accord\u00e9e pour une dur\u00e9e de cinq ans \u00e0 compter du 18 novembre 2023.\nArticle 4\nToute modification intervenue apr\u00e8s la demande du pr\u00e9sent agr\u00e9ment doit \u00eatre d\u00e9clar\u00e9e dans \nun d\u00e9lai de deux mois au pr\u00e9fet qui a d\u00e9livr\u00e9 l'habilitation.\nArticle 5\nLe secr\u00e9taire g\u00e9n\u00e9ral de la pr\u00e9fecture de l'Ari\u00e8ge est charg\u00e9 de l'ex\u00e9cution du pr\u00e9sent arr\u00eat\u00e9  qui \nsera publi\u00e9 au recueil des actes administratif et dont une copie sera adress\u00e9e au demandeur .\nFoix, le 4 mars 2024\nPour le pr\u00e9fet et par d\u00e9l\u00e9gation,\nLe directeur de la citoyennet\u00e9 et de la l\u00e9galit\u00e9\nsign\u00e9\nEtienne-Jean DUBOIS\n2 rue de la Pr\u00e9fecture - Pr\u00e9fet Claude - Erignac B.P . 40087 - 09007 Foix Cedex \u2013 T\u00e9l : 05 61 02 10 00\nSite internet : www.ariege.gouv.fr - 09-2024-03-04-00002 - Arr\u00eat\u00e9 pr\u00e9fectoral portant habilitation dans le domaine fun\u00e9raire 5\nEx\nPR\u00c9FET  .\nDE L'ARI\u00c8GE\nLibert\u00e9\nEgalit\u00e9\nFraternit\u00e9\nPR\u00c9FECTURE\nDirection de la coordination interminist\u00e9rielle\net de l'appui territorial\nBureau de l'appui territorial\nCellule environnement\nAffaire suivie par Sylviane R\u00e9galon\nT\u00e9l : 05 61 02 10 14\nCourriel : pref-environnement@ariege.gouv.fr\nArr\u00eat\u00e9 pr\u00e9fectoral portant ouverture d'enqu\u00eates conjointes  :\n-  enqu\u00eate pr\u00e9alable \u00e0 la d\u00e9claration d'utilit\u00e9 publique du projet de restructuration\nde l'\u00eelot sis n\u00b039, 41 et 43 \u2013 Cours Gabriel Faur\u00e9 \u2013 Commune de Foix (09000)\n-  enqu\u00eate parcellaire en vue de l'acquisition de l'emprise des parcelles n\u00e9cessaires \n\u00e0 l'op\u00e9ration.\nP\u00e9titionnaire : commune de Foix\nLe pr\u00e9fet de l'Ari\u00e8ge\nVu le code de l'expropriation pour cause d'utilit\u00e9 publique, et notamment ses articles L.131-1 et suivants,\nR.131-1 et suivants, L.311-1 et suivants, R.111-4 et R.311-1 et suivants ;\nVu la convention op\u00e9rationnelle n\u00b0 0343AR2017 conclue le 19 d\u00e9cembre 2017 entre la commune de\nFoix,  la  communaut\u00e9  d'agglom\u00e9ration  Pays  Foix-Varilhes  et  l'\u00c9tablissement  Public  Foncier  (EPF)\nd'Occitanie confiant \u00e0 l'EPF d'Occitanie une mission d'acquisitions fonci\u00e8res sur le secteur \u00ab  Il\u00f4t Rival \u2013\nIl\u00f4t  de  La  Faurie \u00bb  en  vue  de  r\u00e9aliser  une  op\u00e9ration  de  logement  comprenant  au  moins  25  %  de\nlogements locatifs sociaux  ;\nVu l'avenant n\u00b01 \u00e0 la convention op\u00e9rationnelle n\u00b0 0343AR2017 du 25 janvier 2019, int\u00e9grant le secteur\ndu Cours Gabriel Faur\u00e9 dans le p\u00e9rim\u00e8tre d'intervention et ajustant le budget pr\u00e9visionnel  ;\nVu la d\u00e9lib\u00e9ration du 12 f\u00e9vrier 2024 par laquelle le conseil municipal autorise Madame le maire \u00e0\nsolliciter  aupr\u00e8s  du  pr\u00e9fet  de  l'Ari\u00e8ge  l'ouverture  d'enqu\u00eates  conjointes  :  enqu\u00eate  pr\u00e9alable  \u00e0  la\nd\u00e9claration  d'utilit\u00e9  publique  du  projet  de  restructuration  de  l'il\u00f4t  du  Cours  Gabriel Faur\u00e9, sur  la\ncommune de Foix  et enqu\u00eate parcellaire en vue de l'acquisition par l'EPF d'Occitanie de l'emprise des\nparcelles n\u00e9cessaires \u00e0 l'op\u00e9ration  ;\nVu la d\u00e9cision E24000026/31 en date du 26 f\u00e9vrier 2024 de la pr\u00e9sidente du tribunal administratif de\nToulouse  portant  d\u00e9signation  de  M.  Robert,  en  qualit\u00e9  de  commissaire  enqu\u00eateur  et  Mme\nMarie-Chantal GARRETA, en qualit\u00e9 de commissaire enqu\u00eateur suppl\u00e9ant;\nVu les pi\u00e8ces du dossier transmises par la commune de Foix et re\u00e7ues en pr\u00e9fecture le 22 f\u00e9vrier 2024 en\nvue d'\u00eatre soumis \u00e0 l'enqu\u00eate pr\u00e9alable \u00e0 la d\u00e9claration d'utilit\u00e9 publique et \u00e0 l'enqu\u00eate parcellaire ;\nVu le plan et l'\u00e9tat parcellaire des parcelles dont l'acquisition de l'emprise est n\u00e9cessaire ;\nApr\u00e8s avoir consult\u00e9 le commissaire enqu\u00eateur sur les modalit\u00e9s d'organisation de l'enqu\u00eate  ;\nSur proposition du secr\u00e9taire g\u00e9n\u00e9ral de la pr\u00e9fecture,\nARR\u00caTE\nArticle 1\nIl sera proc\u00e9d\u00e9 de fa\u00e7on conjointe \u00e0 :\n\u2022enqu\u00eate pr\u00e9alable \u00e0 la d\u00e9claration d'utilit\u00e9 publique du projet de restructuration de l'\u00eelot sis\nn\u00b039, 41 et 43 \u2013 Cours Gabriel Faur\u00e9 \u2013 Commune de Foix (09000), \n\u2022enqu\u00eate parcellaire en vue de l'acquisition de l'emprise des parcelles n\u00e9cessaires \u00e0 l'op\u00e9ration.\nCes enqu\u00eates se d\u00e9rouleront \u00e0 la mairie de Foix, si\u00e8ge de l'enqu\u00eate, du  mardi 2 avril 2024 \u00e0 9h au\nmercredi 17 avril 2024 \u00e0 17h.\n2 rue de la Pr\u00e9fecture - Pr\u00e9fet Claude - Erignac B.P . 40087 - 09007 Foix Cedex \u2013 T\u00e9l : 05 61 02 10 00\nSite internet : www.ariege.gouv.fr09 \u25a1 PREFECTURE - DIRECTION DE LA COORDINATION INTERMINISTERIELLE ET DE L'APPUI TERRITORIAL - 09-2024-03-05-00002 -\nArr\u00eat\u00e9 pr\u00e9fectoral portant ouverture d'enqu\u00eates conjointes\u00a0: enqu\u00eate pr\u00e9alable \u00e0 la d\u00e9claration d'utilit\u00e9 publique du projet de\nrestructuration de l\u25a1\u00eelot sis n\u00b039, 41 et 43 \u25a1 Cours Gabriel Faur\u00e9 \u25a1 Commune de Foix (09000) et enqu\u00eate parcellaire en vue de\nl'acquisition de l'emprise des parcelles n\u00e9cessaires \u00e0 l'op\u00e9ration6\nArticle 2\nM.  Robert  CLARACO  a  \u00e9t\u00e9  d\u00e9sign\u00e9  en  qualit\u00e9  de  commissaire  enqu\u00eateur.  Mme  Marie-Chantal\nGARRETA a \u00e9t\u00e9 d\u00e9sign\u00e9e en qualit\u00e9 de commissaire enqu\u00eateur suppl\u00e9ant.\nEnqu\u00eate d'utilit\u00e9 publique\nArticle 3\nMise \u00e0 disposition du dossier d'enqu\u00eate\nUn dossier restera d\u00e9pos\u00e9 \u00e0 la mairie de Foix pendant toute la dur\u00e9e de l'enqu\u00eate, o\u00f9 le public\npourra en prendre connaissance aux jours et heures d'ouverture des bureau x.\nCe dossier est \u00e9galement disponible aux heures de pr\u00e9sence du commissaire enqu\u00eateur pr\u00e9cis\u00e9es \u00e0\nl'article 4 du pr\u00e9sent arr\u00eat\u00e9. \nPendant la dur\u00e9e de l'enqu\u00eate, le dossier de l'enqu\u00eate est mis en ligne sur le site des services de\nl'\u00c9tat  :  http://www.ariege.gouv.fr/Publications/Enquetes-publiques/Infrastructures-Declaration-d-\nUtilite-Publique-D.U.P .\nObservations du public\nLes  personnes  int\u00e9ress\u00e9es  pourront  consigner  leurs  observations  sur  les  registres  des  enqu\u00eates\nouverts  \u00e0  cet  effet  \u00e0  la  mairie  de  Foix.  Les  observations,  propositions  et  contre-propositions\npourront \u00eatre \u00e9galement adress\u00e9es par correspondance directement \u00e0 Monsieur le commissaire\nenqu\u00eateur au si\u00e8ge de l'enqu\u00eate  : H\u00f4tel de ville \u2013 45, cours Gabriel Faur\u00e9 \u2013 09000 Foix ou  par courrier\n\u00e9lectronique  sur  la  bo\u00eete  fonctionnelle  de  la  pr\u00e9fecture  \u00e0  l'adresse  suivante  :  pref-utilite-\npublique@ariege.gouv.fr .\nLes  observations  et  propositions  du  public  transmises  par  voie  postale  ou  par  courriel  sont\nconsultables \u00e0 la mairie de Foix, si\u00e8ge de l'enqu\u00eate. Les observations et propositions du public\ntransmises par voie \u00e9lectronique sont consultables sur le site internet des services de l'\u00c9tat de\nl'Ari\u00e8ge mentionn\u00e9 \u00e0 l'alin\u00e9a 1 de l'article 3 ci-dessus.\nSeules seront prises en compte les observations qui seront parvenues \u00e0 Monsieur le commissaire\nenqu\u00eateur avant la cl\u00f4ture de l'enqu\u00eate, le mercredi 17 avril 2024 \u00e0 17h00.\nArticle 4\nLe commissaire enqu\u00eateur recevra les personnes int\u00e9ress\u00e9es par le projet \u00e0 la mairie :\n\u2022le mardi 2 avril 2024 de 9h \u00e0 12h, \n\u2022le mercredi 17 avril 2024 de 15h \u00e0 17h. \nArticle 5\nLe commissaire enqu\u00eateur examinera les observations consign\u00e9es ou annex\u00e9es au registre d'enqu\u00eate\net  entendra  toutes  personnes  qu'il  para\u00eet  utile  de  consulter  ainsi  que  les  expropriants  s'ils  le\ndemandent. A l'expiration du d\u00e9lai d'enqu\u00eate, les registres des enqu\u00eates sont clos et sign\u00e9s par le\nmaire, qui les transmet au commissaire enqu\u00eateur.\nLe  commissaire  enqu\u00eateur  a  un  mois  \u00e0  compter  de  la  date  de  la  cl\u00f4ture  de  l'enqu\u00eate  pour\ntransmettre \u00e0 la direction de la coordination interminist\u00e9rielle et de l'appui territorial (DCIAT), par\nvoie postale et par voie \u00e9lectronique \u00e0 l'adresse suivante  :  pref-environnement@ariege.gouv.fr , le\ndossier et le registre accompagn\u00e9s de ses conclusions motiv\u00e9es, en pr\u00e9cisant si elles sont favorables\nou non \u00e0 l'op\u00e9ration. Si les conclusions du commissaire enqu\u00eateur sont d\u00e9favorables \u00e0 l'adoption du\nprojet, le conseil municipal est appel\u00e9 \u00e0 \u00e9mettre son avis par une d\u00e9lib\u00e9ration motiv\u00e9e dont le\nproc\u00e8s-verbal est joint au dossier transmis au pr\u00e9fet. Faute de d\u00e9lib\u00e9ration dans un d\u00e9lai de trois\nmois \u00e0 compter de la transmission du dossier au maire, le conseil municipal est regard\u00e9 comme\nayant renonc\u00e9 \u00e0 l'op\u00e9ration.\nEnqu\u00eate parcellaire\nArticle 6\nPr\u00e9alablement \u00e0 l'ouverture de l'enqu\u00eate, la notification du d\u00e9p\u00f4t du dossier \u00e0 la mairie sera faite\npar la maire aux propri\u00e9taires figurant sur la liste \u00e9tablie en application de l'article R 131-3 du code\nde  l'expropriation  pour  cause  d'utilit\u00e9  publique,  lorsque  leur  domicile  est  connu  d'apr\u00e8s  les\nrenseignements  recueillis  par  l'expropriant  ou  \u00e0  leurs  mandataires,  g\u00e9rants,  administrateurs  ou\nsyndics. En cas de domicile inconnu, la notification est faite en double copie au maire, qui en fait\nafficher une, et, le cas \u00e9ch\u00e9ant, aux locataires et aux preneurs \u00e0 bail rural.09 \u25a1 PREFECTURE - DIRECTION DE LA COORDINATION INTERMINISTERIELLE ET DE L'APPUI TERRITORIAL - 09-2024-03-05-00002 -\nArr\u00eat\u00e9 pr\u00e9fectoral portant ouverture d'enqu\u00eates conjointes\u00a0: enqu\u00eate pr\u00e9alable \u00e0 la d\u00e9claration d'utilit\u00e9 publique du projet de\nrestructuration de l\u25a1\u00eelot sis n\u00b039, 41 et 43 \u25a1 Cours Gabriel Faur\u00e9 \u25a1 Commune de Foix (09000) et enqu\u00eate parcellaire en vue de\nl'acquisition de l'emprise des parcelles n\u00e9cessaires \u00e0 l'op\u00e9ration7\nArticle 7\nLe plan parcellaire et l'\u00e9tat parcellaire seront d\u00e9pos\u00e9s \u00e0 la mairie de Foix pendant toute la dur\u00e9e de\nl'enqu\u00eate o\u00f9 le public pourra en prendre connaissance aux jours et heures d'ouverture des bureaux.\nLes observations sur les limites des biens \u00e0 exproprier seront consign\u00e9es par les int\u00e9ress\u00e9s sur le\nregistre d'enqu\u00eate  parcellaire ou  adress\u00e9es  par  \u00e9crit  au  maire,  qui les  joindra  au  registre.  Elles\npeuvent \u00e9galement \u00eatre adress\u00e9es au commissaire enqu\u00eateur.\nArticle 8\nA l'expiration du d\u00e9lai d'enqu\u00eate, le registre d'enqu\u00eate est clos et sign\u00e9 par la maire et remis dans les\nvingt-quatre  heures  au  commissaire  enqu\u00eateur.  Le  commissaire  enqu\u00eateur  donne  son  avis  sur\nl'emprise des ouvrages projet\u00e9s et dresse le proc\u00e8s-verbal de l'op\u00e9ration apr\u00e8s avoir entendu toutes\npersonnes susceptibles de l'\u00e9clairer.\nCes op\u00e9rations doivent \u00eatre termin\u00e9es dans un d\u00e9lai qui ne peut exc\u00e9der trente jours.\nLe  commissaire  enqu\u00eateur  transmet  le  dossier  \u00e0  la  pr\u00e9fecture  de  l'Ari\u00e8ge,  direction  de  la\ncoordination interminist\u00e9rielle et de l'appui territorial par voie postale et par voie \u00e9lectronique \u00e0\nl'adresse suivante : pref-environnement@ariege.gouv.fr . \nUne copie des rapports et conclusions du commissaire enqu\u00eateur restera d\u00e9pos\u00e9e, pendant un an \u00e0\ncompter de la date de cl\u00f4ture de l'enqu\u00eate, \u00e0 la mairie de Foix, \u00e0 la pr\u00e9fecture de l'Ari\u00e8ge (DCIAT \u2013\nbureau de l'appui territorial - cellule environnement) et sur le site internet des services de l'\u00c9tat en\nAri\u00e8ge :  http://www.ariege.gouv.fr/Publications/Enquetes-publiques/Infrastructures-Declaration-d-\nUtilite-Publique-D.U.P .\nPublicit\u00e9 commune aux deux enqu\u00eates\nArticle 9\nPublication dans la presse\nUn avis au public relatif \u00e0 l'ouverture des enqu\u00eates sera publi\u00e9 par les soins des services de la\npr\u00e9fecture  selon le calendrier suivant  :\n\u20221er avis dans la D\u00e9p\u00eache du Midi le mardi 19 mars 2024,\n\u20221er avis dans la Gazette Ari\u00e9geoise le vendredi 22 mars 2024,\n\u20222nd avis dans la D\u00e9p\u00eache du Midi le mardi 2 avril 2024,\n\u20222nd avis dans la Gazette Ari\u00e9geoise le vendredi 5 avril 2024.\nAffichage \u00e0 la mairie\nCet avis sera par ailleurs affich\u00e9 8 jours au moins avant le d\u00e9but des enqu\u00eates et pendant toute la\ndur\u00e9e de celles-ci \u00e0 la mairie de Foix. Cette formalit\u00e9 devra \u00eatre justifi\u00e9e par un certificat d'affichage\ndu maire transmis \u00e0 la pr\u00e9fecture et qui sera annex\u00e9 au dossier.\nArticle 10\nLe pr\u00e9fet de l'Ari\u00e8ge est l'autorit\u00e9 comp\u00e9tente pour prendre l'arr\u00eat\u00e9 d\u00e9clarant d'utilit\u00e9 publique le\nprojet de restructuration de l'\u00eelot sis n\u00b039, 41 et 43 \u2013 Cours Gabriel Faur\u00e9 \u2013 Commune de Foix (09000)\net, le cas \u00e9ch\u00e9ant, l'arr\u00eat\u00e9 portant cessibilit\u00e9 des parcelles n\u00e9cessaires \u00e0 l'op\u00e9ration.\nArticle 11\nLe secr\u00e9taire g\u00e9n\u00e9ral de la pr\u00e9fecture de l'Ari\u00e8ge, la maire de Foix et le commissaire enqu\u00eateur sont\ncharg\u00e9s, chacun en ce qui le concerne, de l'ex\u00e9cution du pr\u00e9sent arr\u00eat\u00e9, qui sera publi\u00e9 au recueil\nd\u00e9partemental des actes administratifs.\nFait \u00e0 Foix, le 5 mars 2024\nPour le Pr\u00e9fet et par d\u00e9l\u00e9gation\nLe Secr\u00e9taire g\u00e9n\u00e9ral\nSign\u00e9\nJean-Philippe DARGENT09 \u25a1 PREFECTURE - DIRECTION DE LA COORDINATION INTERMINISTERIELLE ET DE L'APPUI TERRITORIAL - 09-2024-03-05-00002 -\nArr\u00eat\u00e9 pr\u00e9fectoral portant ouverture d'enqu\u00eates conjointes\u00a0: enqu\u00eate pr\u00e9alable \u00e0 la d\u00e9claration d'utilit\u00e9 publique du projet de\nrestructuration de l\u25a1\u00eelot sis n\u00b039, 41 et 43 \u25a1 Cours Gabriel Faur\u00e9 \u25a1 Commune de Foix (09000) et enqu\u00eate parcellaire en vue de\nl'acquisition de l'emprise des parcelles n\u00e9cessaires \u00e0 l'op\u00e9ration8\nEx\nPR\u00c9FET  .\nDE L'ARI\u00c8GE\nLibert\u00e9\nEgalit\u00e9\nFraternit\u00e9\nPR\u00c9FECTURE\nDirection de la coordination interminist\u00e9rielle\net de l'appui territorial\nBureau de la coordination interminist\u00e9rielle\nCourriel : pref-coordination@ariege.gouv.fr\nArr\u00eat\u00e9 pr\u00e9fectoral portant d\u00e9l\u00e9gation de signature \u00e0 M. Jean-Philippe DARGENT\nSecr\u00e9taire g\u00e9n\u00e9ral de la pr\u00e9fecture de l'Ari\u00e8ge\nLe Pr\u00e9fet de l'Ari\u00e8ge\nVula loi organique n\u00b0 2001-692 du 1er ao\u00fbt 2001 modifi\u00e9e relative aux lois de finances  ;\nVula  loi  n\u00b0  82-213  du  2  mars  1982  modifi\u00e9e  relative  aux  droits  et  libert\u00e9s  des  communes,  des\nd\u00e9partements et des r\u00e9gions, notamment son article 34  ;\nVula loi n\u00b0 92-125 du 6 f\u00e9vrier 1992 relative \u00e0 l'administration territoriale de la R\u00e9publique  ;\nVule  d\u00e9cret  n\u00b0  97-34  du  15  janvier  1997  modifi\u00e9  relatif  \u00e0  la  d\u00e9concentration  des  d\u00e9cisions\nadministratives individuelles ;\nVule d\u00e9cret n\u00b0 2004-374 du 29 avril 2004 modifi\u00e9 relatif aux pouvoirs des pr\u00e9fets, \u00e0 l'organisation et \n\u00e0 l'action des services de l'\u00c9tat dans les r\u00e9gions et d\u00e9partements  ;\nVule d\u00e9cret n\u00b0 2015-510 du 7 mai 2015 portant charte de la d\u00e9concentration  ;\nVule d\u00e9cret du 22 avril 2021 portant nomination de Mme Catherine LUPION en qualit\u00e9 de sous-\npr\u00e9f\u00e8te de l'arrondissement de Saint-Girons  ;\nVu le  d\u00e9cret  du  4  juillet  2022  portant  nomination  de  M.  Jean-Baptiste  MORINAUD,  conseiller\nd'administration de l'int\u00e9rieur et de l'outre-mer en qualit\u00e9 de sous-pr\u00e9fet de l'arrondissement de \nPamiers ;\nVu le  d\u00e9cret  du  15  juillet  2022  portant  nomination  de  M.  Guillaume  AFONSO,  administrateur  \nterritorial, en qualit\u00e9 de sous-pr\u00e9fet, directeur d e cabinet du pr\u00e9fet de l'Ari\u00e8ge  ;\nVule d\u00e9cret du 13 juillet 2023 portant nomination de M. Simon BERTOUX en qualit\u00e9 de pr\u00e9fet du\nd\u00e9partement de l'Ari\u00e8ge  ;\nVule d\u00e9cret du 31 octobre 2023 portant nomination de M. Jean-Philippe DARGENT en qualit\u00e9 de  \nSecr\u00e9taire g\u00e9n\u00e9ral de la pr\u00e9fecture de l'Ari\u00e8ge, sous-pr\u00e9fet de Foix  ;\nSurproposition du secr\u00e9taire g\u00e9n\u00e9ral de la pr\u00e9fecture de l'Ari\u00e8ge,\nARR\u00caTE\nArticle 1  er  \nD\u00e9l\u00e9gation de signature est donn\u00e9e \u00e0 M. Jean-Philippe DARGENT, sous-pr\u00e9fet, secr\u00e9taire g\u00e9n\u00e9ral de la\npr\u00e9fecture de l'Ari\u00e8ge, \u00e0 l'effet de signer tous arr\u00eat\u00e9s, d\u00e9cisions, circulaires, rapports, correspondances\net documents en toutes mati\u00e8res relevant des attributions de l'\u00c9tat dans le d\u00e9partement de l'Ari\u00e8ge,\nainsi que toutes les requ\u00eates, m\u00e9moires et saisines devant les juridictions administratives et judiciaires \u00e0\nl'exception :\n\u2022 des d\u00e9cisions de r\u00e9quisition du comptable public ;\n\u2022 des d\u00e9cisions de r\u00e9quisitions de la force arm\u00e9e ;\n\u2022 des arr\u00eat\u00e9s portant \u00e9l\u00e9vation de conflit.\n2 rue de la Pr\u00e9fecture - Pr\u00e9fet Claude - Erignac B.P . 40087 - 09007 Foix Cedex \u2013 T\u00e9l : 05 61 02 10 00\nSite internet : www.ariege.gouv.fr09 \u25a1 PREFECTURE DE L\u25a1ARIEGE \u25a1 DIRECTION DE LA COORDINATION INTERMINISTERIELLE ET DE L\u25a1APPUI TERRITORIAL -\n09-2024-03-05-00003 - Arr\u00eat\u00e9 pr\u00e9fectoral portant d\u00e9l\u00e9gation de signature \u00e0 M. Jean-Philippe DARGENT\nSecr\u00e9taire g\u00e9n\u00e9ral de la pr\u00e9fecture de l\u25a1Ari\u00e8ge9\nArticle 2\nEn cas d'absence ou d'emp\u00eachement de M. Jean-Philippe DARGENT , secr\u00e9taire g\u00e9n\u00e9ral de la pr\u00e9fecture\nde l'Ari\u00e8ge, la d\u00e9l\u00e9gation de signature qui lui est consentie par le pr\u00e9sent arr\u00eat\u00e9 est exerc\u00e9e par M.\nGuillaume AFONSO, directeur de cabinet du pr\u00e9fet. \nEn cas d'absence ou d'emp\u00eachement de  M. Jean-Philippe DARGENT , secr\u00e9taire g\u00e9n\u00e9ral de la pr\u00e9fecture\nde l'Ari\u00e8ge et de M. Guillaume AFONSO, directeur de cabinet du pr\u00e9fet, la d\u00e9l\u00e9gation de signature qui\nest  consentie par  le pr\u00e9sent  arr\u00eat\u00e9  \u00e0  M. Jean-Philippe DARGENT , est  exerc\u00e9e par  Mme Catherine\nLUPION, sous-pr\u00e9f\u00e8te de l'arrondissement de Saint-Girons. \nEn cas d'absence ou d'emp\u00eachement de M. Jean-Philippe DARGENT , secr\u00e9taire g\u00e9n\u00e9ral de la pr\u00e9fecture\nde l'Ari\u00e8ge, de M. Guillaume AFONSO, directeur de cabinet du pr\u00e9fet et de Mme Catherine LUPION,\nsous-pr\u00e9f\u00e8te de l'arrondissement de Saint-Girons, la d\u00e9l\u00e9gation de signature qui est consentie par le\npr\u00e9sent arr\u00eat\u00e9 \u00e0  M. Jean-Philippe DARGENT , est exerc\u00e9e par M. Jean-Baptiste MORINAUD, sous-pr\u00e9fet\nde l'arrondissement de Pamiers. \nArticle 3\nLe pr\u00e9sent arr\u00eat\u00e9 abroge l'arr\u00eat\u00e9 pr\u00e9fectoral du 15 novembre 2023 portant d\u00e9l\u00e9gation de signature \u00e0 M.\nJean-Philippe DARGENT, secr\u00e9taire g\u00e9n\u00e9ral de la pr\u00e9fecture de l'Ari\u00e8ge.\nArticle 4\nLe pr\u00e9sent arr\u00eat\u00e9 peut faire l'objet d'un recours devant le tribunal administratif de Toulouse, dans un\nd\u00e9lai  de  deux  mois  \u00e0  compter  de  sa  publication,  par  courrier  et  \u00e9galement  par  l'application\ninformatique T\u00e9l\u00e9recours, accessible par le lien  :   http://www.telerecours.fr  .  \nArticle 5\nLe secr\u00e9taire g\u00e9n\u00e9ral de la pr\u00e9fecture de l'Ari\u00e8ge, le directeur de cabinet du pr\u00e9fet, le sous-pr\u00e9fet de\nl'arrondissement de Pamiers et la sous-pr\u00e9f\u00e8te de l'arrondissement de Saint-Girons sont charg\u00e9s, chacun\nen  ce  qui  le  concerne,  de  l'ex\u00e9cution  du  pr\u00e9sent  arr\u00eat\u00e9,  qui  sera  publi\u00e9  au  recueil  des  actes\nadministratifs de la pr\u00e9fecture de l'Ari\u00e8ge.\nFait \u00e0 Foix, le 05 MARS 2024\nLe Pr\u00e9fet,\nSign\u00e9\nSimon  BERTOUX    09 \u25a1 PREFECTURE DE L\u25a1ARIEGE \u25a1 DIRECTION DE LA COORDINATION INTERMINISTERIELLE ET DE L\u25a1APPUI TERRITORIAL -\n09-2024-03-05-00003 - Arr\u00eat\u00e9 pr\u00e9fectoral portant d\u00e9l\u00e9gation de signature \u00e0 M. Jean-Philippe DARGENT\nSecr\u00e9taire g\u00e9n\u00e9ral de la pr\u00e9fecture de l\u25a1Ari\u00e8ge10","date":"2024-03-05","first_seen_on":"2024-08-21T18:33:02+00:00","id":"3e2b8ca4e9e77dacb89636f7f2f851072853a4970fa059a9896aedadddb6cafa","name":"recueil-09-2024-023-recueil-des-actes-administratifs","pdf_creation_date":"2024-03-05T14:01:55+00:00","pdf_modification_date":null,"timezone":"Europe/Paris","url":"https://www.ariege.gouv.fr/contenu/telechargement/29419/199838/file/recueil-09-2024-023-recueil-des-actes-administratifs.pdf"}
