{"administration":"ppparis","administration_name":"Pr\u00e9fecture de police de Paris","content":"PREFECTUREDE POLICELibert\u00e9Egalit\u00e9Fraternit\u00e9\nAtUai\nCABINET DU PREFET\nParis, le 19 d\u00e9cembre 2025\nARRETE N\u00b02025-01687\nmodifiant provisoirement le stationnement et la circulation dans plusieurs voies \nde Paris 8\u00e8me, 16\u00e8me et 17\u00e8me du 30 d\u00e9cembre 2025 au 1er janvier 2026\n\u00e0 l'occasion du passage \u00e0 l'ann\u00e9e 2026\nLE PREFET DE POLICE\nVu le code g\u00e9n\u00e9ral des collectivit\u00e9s territoriales, notamment ses articles L.2512-13 et  \nL.2512-14 II ;\nVu  le  code  de  la  route,  notamment  ses  articles  L.325-1  \u00e0  L.325-3,  R.411-8  et\nR.411-25\u00a0;\nVu l'avis de la Ville de Paris en date du 17 d\u00e9cembre 2025 ;\nConsid\u00e9rant  les risques de trouble \u00e0 l'ordre public li\u00e9s au passage \u00e0 la nouvelle  \nann\u00e9e dans certains arrondissements de Paris ;\nConsid\u00e9rant  qu'il  convient  d\u00e8s  lors  de  prendre  des  mesures  n\u00e9cessaires  et \nproportionn\u00e9es  de  stationnement  et  de  circulation  dans  les  8\u00e8me,  16\u00e8me et  17 \u00e8me \narrondissements de Paris  afin d'assurer la s\u00e9curit\u00e9 des personnes et des biens \u00e0 cette  \noccasion\u00a0;\nSur proposition du directeur de l'ordre public et de la circulation\u00a0:\nA R R E T E \nArticle 1  er  \nLe stationnement de tout type de v\u00e9hicule est interdit du 30 d\u00e9cembre 2025 \u00e0 22h00  \nau 1er janvier 2026 \u00e0 04h00 \u00e0 Paris 8 \u00e8me, 16\u00e8me et 17 \u00e8me, dans les voies et portions de voies sui -\nvantes\u00a0:\n- place Charles de Gaulle\u00a0;\n- rue de Tilsitt\u00a0; \n- rue de Presbourg\u00a0;\n- avenue Marceau, entre la place Charles de Gaulle et la rue Newton ;\n- avenue d'I\u00e9na, entre la place Charles de Gaulle et la rue Newton ;\n- avenue Kl\u00e9ber, entre la place Charles de Gaulle et l'avenue des Portugais ;\n- avenue Victor Hugo, entre la place Charles de Gaulle et la rue de Presbourg ;\n- avenue Foch, entre la place Charles de Gaulle et la rue de Presbourg ;\n- avenue de la Grande Arm\u00e9e, entre la place Charles de Gaulle et les rues de Tilsitt /  \nde Presbourg ;\n- avenue Carnot, entre la place Charles de Gaulle et la rue de Tilsitt ;\n- avenue Mac-Mahon, entre la place Charles de Gaulle et la rue de Tilsitt ;\n- avenue de Wagram, entre la place Charles de Gaulle et la rue de Tilsitt.\n- avenue Hoche, entre la place Charles de Gaulle et la rue Beaujon ;\n- avenue de Friedland, entre la place Charles de Gaulle et la rue Lord Byron ;\n- avenue des Champs-\u00c9lys\u00e9es, entre la place Charles de Gaulle et la place de la  \nConcorde ;\n- rue Ars\u00e8ne Houssaye, entre l'avenue des Champs-Elys\u00e9es et la rue Lord Byron ;\n- rue Lord Byron, entre la rue Ars\u00e8ne Houssaye et la rue Balzac ;\n- rue Balzac, entre l'avenue des Champs-Elys\u00e9es et rue de Chateaubriand ;\n- rue Washington, entre l'avenue des Champs-Elys\u00e9es et la rue Chateaubriand ;\n- rue de Berri, entre l'avenue des Champs-Elys\u00e9es et la rue de Ponthieu ;\n- rue La Bo\u00ebtie, entre l'avenue des Champs-Elys\u00e9es et la rue de Ponthieu ;\n- rue du Colis\u00e9e, entre l'avenue des Champs-Elys\u00e9es et la rue de Ponthieu ;\n- rond-point des Champs Elys\u00e9es-Marcel Dassault ;\n- avenue  Franklin  D.  Roosevelt  entre  le  rond-point  des  Champs  Elys\u00e9es-Marcel\nDassault et la rue de Ponthieu ;\n- rue Jean Mermoz entre la rue de Ponthieu et le rond-Point des Champs Elys\u00e9es-  \nMarcel Dassault\n- avenue Matignon, entre la rue de Ponthieu et le rond-point des Champs \u00c9lys\u00e9es-\nMarcel Dassault ;\n- avenue Dutuit ;\n- avenue Edward Tuck ;\n- avenue Winston Churchill ;\n- avenue Charles Girault ;\n- place Clemenceau ;\n- avenue du G\u00e9n\u00e9ral Eisenhower ;\n- avenue de Selves ;\n- avenue  Franklin  D.  Roosevelt,  entre  le  rond-point  des  Champs  Elys\u00e9es-Marcel\nDassault et la rue Jean Goujon ;\n- avenue Montaigne, entre l'avenue des Champs-Elys\u00e9es et la rue Fran\u00e7ois 1er ;\n- rue de Marignan ;\n- rue Marbeuf, entre l'avenue des Champs-Elys\u00e9es et la rue Fran\u00e7ois 1er ;\n- rue Pierre Charron, entre l'avenue des Champs-Elys\u00e9es et la rue Fran\u00e7ois 1er ;\n- rue Lincoln ;\n- rue Quentin Bauchart, entre l'avenue des Champs-Elys\u00e9es et la place Paul-Emile\nVictor ;\n- avenue Georges V, entre l'avenue des Champs-Elys\u00e9es et la place Paul-Emile Victor ;\n2\n2025-01687\n- rue de Bassano, entre l'avenue des Champs-Elys\u00e9es et la rue Magellan ;\n- rue Galil\u00e9e, entre l'avenue des Champs-Elys\u00e9es et l'avenue Marceau ;\n- rue Vernet ;\n- rue Dumont d'Urville, entre l'avenue d'I\u00e9na et la rue Jean Giraudoux ;\n- rue La P\u00e9rouse, entre l'avenue d'I\u00e9na et la rue Jean Giraudoux.\nCes voies et portions de voies figurent en annexe 2 (secteurs en vert) au pr\u00e9sent  \narr\u00eat\u00e9.\nArticle 2\nLa circulation de tout type de v\u00e9hicule est interdite du 31 d\u00e9cembre 2025 \u00e0 14h00 au  \n1er janvier 2026 \u00e0 04h00 , au sein du p\u00e9rim\u00e8tre d\u00e9limit\u00e9 par les voies et portions de voies sui -\nvantes \u00e0 Paris 8\u00e8me, 16\u00e8me et 17\u00e8me, qui restent ouvertes \u00e0 la circulation, sauf mention contraire\u00a0:\n- place de la Porte Maillot ;\n- boulevard Pereire, de la place de la Porte Maillot \u00e0 l'avenue des Ternes\u00a0;\n- avenue des Ternes\u00a0;\n- place des Ternes\n- rue du Faubourg Saint-Honor\u00e9, entre la place des Ternes et la place du R\u00e9v\u00e9rend  \nP\u00e8re Carr\u00e9\u00a0;\n- place du R\u00e9v\u00e9rend P\u00e8re Carr\u00e9\u00a0;\n- rue Berryer\u00a0;\n- avenue de Friedland, entre la rue Berryer et la rue Washington\u00a0;\n- place Maurice Couve de Murville\u00a0;\n- rue Washington, ferm\u00e9e \u00e0 la circulation \u00e0 partir de 15h00\u00a0;\n- avenue des Champs Elys\u00e9es dans sa portion comprise entre la rue de Washington  \net l'avenue Georges V, ferm\u00e9e \u00e0 la circulation \u00e0 partir de 15h00\u00a0;\n- avenue Georges V, entre l'avenue des Champs-Elys\u00e9es et la place Paul Emile-Victor,  \nferm\u00e9e \u00e0 la circulation \u00e0 partir de 15h00 ; \n- place Paul-Emile Victor, ferm\u00e9e \u00e0 la circulation \u00e0 partir de 15h ;\n- avenue Georges V entre la place Paul-Emile Victor et l'avenue Pierre 1 er de Serbie,  \nferm\u00e9e \u00e0 la circulation \u00e0 partir de 15h00 ;\n- avenue Pierre 1 er de Serbie, entre l'avenue Georges V et la place de Beyrouth, fer -\nm\u00e9e \u00e0 la circulation \u00e0 partir de 15h00 ;\n- place de Beyrouth ;\n- avenue Pierre 1er de Serbie, entre la place de Beyrouth et la rue Georges V ;\n- rue Georges Bizet, entre l'avenue Pierre 1er de Serbie et l'avenue d'I\u00e9na ;\n- avenue d'I\u00e9na, entre la rue Georges Bizet et la place des Etats-Unis ;\n- rue de Belloy\u00a0;\n3\n2025-01687\n- rue Copernic\u00a0;\n- place Victor Hugo ;\n- avenue Raymond Poincar\u00e9, entre la place Victor Hugo et l'Avenue Foch\u00a0;\n- avenue Foch, entre l'avenue Raymond Poincar\u00e9 et l'avenue de Malakoff ;\n- avenue de Malakoff.\nLe p\u00e9rim\u00e8tre constitu\u00e9 par ces voies et portions de voies figure en annexe 2 (pointill\u00e9  \norange) au pr\u00e9sent arr\u00eat\u00e9.\nArticle 3\nLa circulation de tout type de v\u00e9hicule est interdite du 31 d\u00e9cembre 2025 \u00e0 15h00 au  \n1er janvier \u00e0 04h00, au sein du p\u00e9rim\u00e8tre d\u00e9limit\u00e9 par les voies et portions de voies suivantes \u00e0  \nParis 8\u00e8me, 16\u00e8me et 17\u00e8me, qui restent ouvertes \u00e0 la circulation\u00a0:\n- place de la Porte Maillot ;\n- boulevard Pereire, de la place de la Porte Maillot \u00e0 l'avenue des Ternes\u00a0;\n- avenue des Ternes\u00a0;\n- place des Ternes\n- rue du Faubourg Saint-Honor\u00e9, entre la place des Ternes et la place du R\u00e9v\u00e9rend  \nP\u00e8re Carr\u00e9\u00a0;\n- place du R\u00e9v\u00e9rend P\u00e8re Carr\u00e9\u00a0;\n- rue Berryer ;\n- avenue de Friedland, entre la rue Berryer et la rue du Faubourg Saint-Honor\u00e9 ;\n- rue du Faubourg Saint-Honor\u00e9, entre l'avenue de Friedland et l'avenue de Mati -\ngnon\u00a0;\n- avenue de Matignon, entre la rue du Faubourg Saint-Honor\u00e9 et la rue de Pen -\nthi\u00e8vre\u00a0;\n- rue de Penthi\u00e8vre, entre l'avenue Matignon et la rue Cambac\u00e9r\u00e8s\u00a0;\n- rue Cambac\u00e9r\u00e8s, entre la rue de Penthi\u00e8vre et la place des Saussaies ;\n- place des Saussaies ;\n- rue de Sur\u00e8ne, entre la place des Saussaies et la rue d'Anjou ;\n- rue d'Anjou, entre la rue de Sur\u00e8ne et la rue du Faubourg Saint-Honor\u00e9 ;\n- rue du Faubourg Saint-Honor\u00e9, entre la rue d'Anjou et la rue Boissy d'Anglas ;\n- rue  Boissy  d'Anglas,  entre  la  rue  du  Faubourg  Saint-Honor\u00e9  et  la  place  de  la \nConcorde ;\n- place de la Concorde, barreau ouest, entre la rue Boissy d'Anglas et le cours la  \nReine\u00a0;\n- cours la Reine\u00a0;\n4\n2025-01687\n- place du Canada\u00a0;\n- cours Albert 1er\u00a0;\n- place de l'Alma\u00a0;\n- avenue du Pr\u00e9sident Wilson, entre la place de l'Alma et l'avenue Marceau ;\n- avenue Marceau, entre l'avenue du Pr\u00e9sident Wilson et la place de Beyrouth ;\n- place de Beyrouth ;\n- avenue Pierre 1er de Serbie, entre la place de Beyrouth et la rue Georges V ;\n- rue Georges Bizet, entre l'avenue Pierre 1er de Serbie et l'avenue d'I\u00e9na ;\n- avenue d'I\u00e9na, entre la rue Georges Bizet et la place des Etats-Unis ;\n- rue de Belloy\u00a0;\n- rue Copernic\u00a0;\n- place Victor Hugo \n- avenue Raymond Poincar\u00e9, entre la place Victor Hugo et l'Avenue Foch\u00a0;\n- avenue Foch, entre l'avenue Raymond Poincar\u00e9 et l'avenue de Malakoff ;\n- avenue de Malakoff.\nLe p\u00e9rim\u00e8tre constitu\u00e9 par ces voies et portions de voies figure en annexe 2 (pointill\u00e9  \nbleu) au pr\u00e9sent arr\u00eat\u00e9.\nArticle 4\nSans pr\u00e9judice des sanctions p\u00e9nales auxquelles s'exposent les personnes en infraction \navec les dispositions du pr\u00e9sent arr\u00eat\u00e9, les v\u00e9hicules ayant servi \u00e0 commettre ces infractions  \npeuvent \u00eatre immobilis\u00e9s et mis en fourri\u00e8re dans les conditions pr\u00e9vues aux articles L.325-1 \u00e0  \nL.325-3 du code de la route.\nArticle 5\nLes dispositions du pr\u00e9sent arr\u00eat\u00e9 ne sont pas applicables aux v\u00e9hicules officiels des  \norganisateurs des festivit\u00e9s li\u00e9es \u00e0 cet \u00e9v\u00e8nement ainsi qu'aux v\u00e9hicules d'int\u00e9r\u00eat g\u00e9n\u00e9ral  \nprioritaires au sens des dispositions de l'article R.311-1 6.5 du code de la route.\nArticle 6\nLes mesures pr\u00e9vues par le pr\u00e9sent arr\u00eat\u00e9 peuvent \u00eatre avanc\u00e9es, \u00e9largies, lev\u00e9es ou  \nr\u00e9tablies  sur  d\u00e9cision  prise  par  le  repr\u00e9sentant  sur  place  de  l'autorit\u00e9  de  police  si  les \ncirconstances les rendent n\u00e9cessaires.\nArticle 7\nLe directeur de l'ordre public et de la circulation, le directeur de la s\u00e9curit\u00e9 de  \nproximit\u00e9 de l'agglom\u00e9ration parisienne de la Pr\u00e9fecture de Police, le directeur de la  \nvoirie et des d\u00e9placements et le directeur de la police municipale et de la pr\u00e9vention de  \nla Ville de Paris sont charg\u00e9s, chacun en ce qui le concerne, de l'ex\u00e9cution du pr\u00e9sent  \n5\n2025-01687\narr\u00eat\u00e9 qui entrera en vigueur \u00e0 compter de son affichage aux portes de la pr\u00e9fecture de  \npolice  (1  rue  de  Lut\u00e8ce).  Il  sera  \u00e9galement  affich\u00e9  aux  portes  de  la  mairie  et  du \ncommissariat  des  arrondissements  concern\u00e9s  et  sera  publi\u00e9  au  recueil  des  actes \nadministratifs de la pr\u00e9fecture de la r\u00e9gion d'\u00cele-de-France, pr\u00e9fecture de Paris et de la  \npr\u00e9fecture  de  police et  sur  le  site  internet  de  la  pr\u00e9fecture  de  police  de  Paris\u00a0: \nwww.prefecturedepolice.interieur.gouv.fr.\nPour le Pr\u00e9fet de Police,\nLe sous-pr\u00e9fet\nDirectreur adjoint de cabinet\nSign\u00e9\nCharles BARBIER\n6\n2025-01687\n \nANNEXE 1 A L'ARRETE N\u00b02025-01687 du 19 d\u00e9cembre 2025\nVOIES ET DELAIS DE RECOURS\n_______________________\nSi vous estimez devoir contester la pr\u00e9sente d\u00e9cision, il vous est possible, dans un d\u00e9lai de  \ndeux mois \u00e0 compter de la date de son affichage\u00a0:\n- soit de saisir d'un RECOURS GRACIEUX\nle Pr\u00e9fet de Police\n7/9, boulevard du Palais - 75195 PARIS RP\n- ou de former un RECOURS HIERARCHIQUE\n  aupr\u00e8s du Ministre de l'int\u00e9rieur et des outre-mer\n  Direction des libert\u00e9s publiques et des affaires juridiques\n  place Beauvau - 75008 PARIS\n- soit de saisir d'un RECOURS CONTENTIEUX\nle Tribunal administratif comp\u00e9tent\nAucune de ces voies et recours ne suspend l'application de la pr\u00e9sente d\u00e9cision.\nLes recours GRACIEUX et HIERARCHIQUE doivent \u00eatre \u00e9crits, exposer les arguments ou faits  \nnouveaux et comprendre la copie de la d\u00e9cision contest\u00e9e.\nLe  recours  contentieux,  qui  vise  \u00e0  contester  la  LEGALITE  de  la  pr\u00e9sente  d\u00e9cision,  doit \n\u00e9galement \u00eatre \u00e9crit et exposer votre argumentation juridique.\nSi vous n'aviez pas de r\u00e9ponse \u00e0 votre recours GRACIEUX ou HIERARCHIQUE dans un d\u00e9lai  \nde  deux  mois  \u00e0  compter  de  la  r\u00e9ception  de  votre  recours  par  l'administration,  votre \ndemande devra \u00eatre consid\u00e9r\u00e9e comme rejet\u00e9e (d\u00e9cision implicite de rejet).\nEn cas de rejet des RECOURS GRACIEUX ou HIERARCHIQUE, le Tribunal administratif peut  \n\u00eatre saisi d'un recours contentieux dans le d\u00e9lai de deux mois \u00e0 compter de la date de la  \nd\u00e9cision de rejet.\n7\n2025-01687\nNUIT-DE LA SAINT SYLVESTRE2025-2026\nINTERDICTIONSDE STATIONNEMENT ET DE CIRCULATION\nanansonsenesnnnenesoysete msesenninhELVSES\npue\" ner\u00c9n\u00e9min\n~ee\nenecot ora conn\n%\n\u00e0 oletm elt 'gue\nCOURSCONFERENCE\nbnpe\nrte \"WEahachatvie*FAnf\nSTATIONNEMENT INTERDIT DE TOUT V\u00c9HICULE\u00c0 PARTIRDU MARDI 30 D\u00c9CEMBRE2025 \u00e0 22H00,CIRCULATION INTERDITE DE TOUT V\u00c9HICULE\u00c0 PARTIRDU MERCREDI 31 D\u00c9CEMBRE 2025 \u00c0 14H00,JUSQU'AU JEUDI 1\u00b0 JANVIER 2026 \u00c0 04H00.CIRCULATION INTERDITE DE TOUT V\u00c9HICULE \u00c0 PARTIRDU MERCREDI 31 D\u00c9CEMBRE 2025\u00c0 15H00,JUSQU'AUJEUDI 1\" JANVIER 2026 \u00c0 04H00.\nJUSQU'AU JEUDI 1\" JANVIER 2026 \u00c0 04H00.\n|ced\nANNEXE 2 A L'ARRETE N\u00b02025-01687 du 19 d\u00e9cembre 2025\n8\n2025-01687","date":"2025-12-19","first_seen_on":"2025-12-19T17:04:39+00:00","id":"3e6c32ff3d4ac7de0469aae8b2d39758a7c1f79dd2cbbb29313bbc6244b7b6bf","name":"Arr\u00eat\u00e9 n\u00b02025-01687 du 19 d\u00e9cembre 2025 modifiant provisoirement le stationnement et la circulation dans plusieurs voies de Paris 8\u00e8me, 16\u00e8me et 17\u00e8me du 30 d\u00e9cembre 2025 au 1er janvier 2026 \u00e0 l\u2019occasion du passage \u00e0 l\u2019ann\u00e9e 2026","pdf_creation_date":"2025-12-19T14:55:22+00:00","pdf_modification_date":null,"timezone":"Europe/Paris","url":"https://www.prefecturedepolice.interieur.gouv.fr/sites/default/files/Documents/arrete_ndeg2025-01687_du_19_decembre_2025_modifiant_provisoirement_le_stationnement_et_la_circulation_dans_plusieurs_voies_de_paris_8eme_16eme_et_17eme_du_30_decembre_2025_au_1er_janvier_2026.pdf"}
