{"administration":"pref83","administration_name":"Pr\u00e9fecture du Var","content":"VAR\nRECUEIL DES ACTES\nADMINISTRATIFS SP\u00c9CIAL\n(NOMINATIFS)\nN\u00b083-2025-265\nPUBLI\u00c9 LE  5 AO\u00dbT 2025\nSommaire\nDirection d\u00e9partementale de l'emploi, du travail et des solidarit\u00e9s du Var\n/ Direction de la DDETS\n83-2025-08-05-00010 - arrete avis appel candidaturesMJPMi20250805 (8\npages) Page 3\n83-2025-08-05-00011 - arrete calendrier previsionnel appel\ncandidaturesMJPMi20250805 (3 pages) Page 12\n83-2025-08-04-00001 - ODDS Arr\u00eat\u00e9 d\u00e9signation membres juin 2025\nVEJ (2 pages) Page 16\n2\nDirection d\u00e9partementale de l'emploi, du travail\net des solidarit\u00e9s du Var\n83-2025-08-05-00010\narrete avis appel candidaturesMJPMi20250805\nDirection d\u00e9partementale de l'emploi, du travail et des solidarit\u00e9s du Var - 83-2025-08-05-00010 - arrete avis appel\ncandidaturesMJPMi20250805 3\nDirection D\u00e9partementale\n de l'Emploi, du Travail\net des Solidarit\u00e9s\nService acc\u00e8s \u00e0 l'autonomie\ndes populations vuln\u00e9rables\nARR\u00caT\u00c9 PR\u00c9FECTORAL \nportant avis d'appel \u00e0 candidatures \naux fins d'agr\u00e9ment dans le d\u00e9partement du Var \nde mandataires judiciaires \u00e0 la protection des majeurs\nexer\u00e7ant \u00e0 titre individuel \nLe Pr\u00e9fet du Var,\nVu le Code de l'action sociale et des familles, notamment les articles L. 312-5, L. 472-1, L. 472-1-\n1 et D. 472-5-1 ; \nVu le Code civil, notamment son article 450 ;\nVu l'arr\u00eat\u00e9 du 12 juillet 2017 relatif au formulaire de dossier de candidature aux fins\nd'agr\u00e9ment en qualit\u00e9 de mandataire judiciaire \u00e0 la protection des majeurs \u00e0 titre individuel ;\nVu le d\u00e9cret n\u00b0 2025-373 du 24 avril 2025 relatif \u00e0 l'agr\u00e9ment des mandataires judiciaires \u00e0 la\nprotection des majeurs exer\u00e7ant \u00e0 titre individuel ;\nVu le sch\u00e9ma r\u00e9gional de la protection juridique des majeurs et des d\u00e9l\u00e9gu\u00e9s aux prestations\nfamiliales de la r\u00e9gion Provence-Alpes-C\u00f4te d'Azur du 21 d\u00e9cembre 2020 ;\nConsid\u00e9rant les objectifs mentionn\u00e9s au sch\u00e9ma r\u00e9gi onal des mandataires judiciaires \u00e0 la\nprotection des majeurs et d\u00e9l\u00e9gu\u00e9s aux prestations familiales en r\u00e9gion Provence-Alpes-C\u00f4te\nd'Azur pour la p\u00e9riode 2021-2025, apr\u00e8s consultatio n \u00e9crite des tribunaux judiciaires et de\nproximit\u00e9 concernant le nombre de mandataires indiv iduels n\u00e9cessaire afin de couvrir les\nbesoins identifi\u00e9s ;\nSur proposition de la directrice d\u00e9partementale de l'emploi, du travail et des solidarit\u00e9s,\nARR\u00caTE :\nArticle 1  \ner     : L'avis d'appel \u00e0 candidatures aux fins d'agr\u00e9ment en qualit\u00e9 de mandataire \njudiciaire \u00e0 la protection des majeurs exer\u00e7ant \u00e0 titre individuel pour le d\u00e9partement du Var \nest d\u00e9fini en annexe au pr\u00e9sent arr\u00eat\u00e9.\nDirection d\u00e9partementale de l'emploi, du travail et des solidarit\u00e9s du Var - 83-2025-08-05-00010 - arrete avis appel\ncandidaturesMJPMi20250805 4\nArticle 2     :    La pr\u00e9sente d\u00e9cision peut faire l'objet d'un recours administratif gracieux aupr\u00e8s de\nmonsieur le Pr\u00e9fet du Var dans les deux mois suivan t sa publication. Un recours contentieux\npeut \u00eatre d\u00e9pos\u00e9 aupr\u00e8s du tribunal administratif d e Toulon, situ\u00e9 au 5 rue Racine BP 40510\n83041 Toulon cedex 9, \u00e9galement dans un d\u00e9lai de deux mois \u00e0 compter de sa publication, ou\ndans le d\u00e9lai de deux mois \u00e0 partir de la r\u00e9ponse d e l'administration si un recours\nadministratif a \u00e9t\u00e9 d\u00e9pos\u00e9, l'absence de r\u00e9ponse au  terme d'un d\u00e9lai de deux mois valant\nrejet implicite. La juridiction administrative comp\u00e9tente peut aussi \u00eatre saisie par l'application\n\u00ab T\u00e9l\u00e9recours citoyens \u00bb accessible \u00e0 partir du site www.telerecours.fr\nArticle 3     : Une copie du pr\u00e9sent arr\u00eat\u00e9 sera notifi\u00e9e au procureur de la R\u00e9publique du tribunal\njudiciaire de Toulon.\nArticle 4  \n   : Le pr\u00e9sent arr\u00eat\u00e9 sera publi\u00e9 au recueil des actes administratifs de l'\u00c9tat dans le Var\net rentrera en vigueur d\u00e8s sa publication.\nArticle 5\n: l'arr\u00eat\u00e9 83-2025-07-25-00006 du 25 juillet 2025 est abrog\u00e9.\nArticle 6:  Le secr\u00e9taire g\u00e9n\u00e9ral de la pr\u00e9fecture du Var et la  directrice d\u00e9partementale de\nl'emploi, du travail et des solidarit\u00e9s du Var, son t charg\u00e9s, chacun en ce qui le concerne, de\nl'ex\u00e9cution du pr\u00e9sent arr\u00eat\u00e9.\nFait \u00e0 Toulon, le 5 ao\u00fbt 2025\nLe Pr\u00e9fet \nSign\u00e9 : Simon BABRE\nDirection d\u00e9partementale de l'emploi, du travail et des solidarit\u00e9s du Var - 83-2025-08-05-00010 - arrete avis appel\ncandidaturesMJPMi20250805 5\nDirection D\u00e9partementale\n de l'Emploi, du Travail\net des Solidarit\u00e9s\nService acc\u00e8s \u00e0 l'autonomie\ndes populations vuln\u00e9rables\nAvis d'appel \u00e0 candidatures \naux fins d'agr\u00e9ment dans le d\u00e9partement du VAR\nde 20 mandataires judiciaires \u00e0 la protection des majeurs \nexer\u00e7ant \u00e0 titre individuel \nSeul seront examin\u00e9s les dossiers de candidature adress\u00e9s par courrier recommand\u00e9 avec \naccus\u00e9 de r\u00e9ception entre le 15 septembre 2025 et le 15 novembre 2025 \u00e0 minuit (cachet de \nla poste faisant foi) \u00e0 l'adresse suivante :\nPr\u00e9fecture du Var \nDirection d\u00e9partementale de l'emploi, du travail et des solidarit\u00e9s du Var\nService acc\u00e8s \u00e0 l'autonomie des populations vuln\u00e9rables\nd\u00e9partement protection des majeurs\nCS 31209 \n83070 Toulon cedex \nLes candidats devront \u00e9galement transmettre leur dossier, dans les m\u00eames d\u00e9lais :\n1) \u00e0 l'adresse \u00e9lectronique suivante :\nddets-saapv@var.gouv.fr \n2) au procureur de la R\u00e9publique pr\u00e8s le tribunal judiciaire de Toulon, aux adresses \n\u00e9lectroniques suivantes :\npr.tj-toulon@justice.fr \ncab.pr.tj-toulon@justice.fr \nsec.pr.tj-toulon@justice.fr \nLes dossiers transmis par l'interm\u00e9diaire d'un service d'envoi de fichiers devront rester \nconsultables pendant 20 jours, via le lien de connexion communiqu\u00e9 \u00e0 l'administration.\n1. Contexte. \nEn application du premier alin\u00e9a de l'article L. 47 2-1-1 du Code de l'action sociale et des\nfamilles, l'agr\u00e9ment aux fins d'exercice de la fonction de mandataire judiciaire \u00e0 la protection\ndes majeurs \u00e0 titre individuel est d\u00e9livr\u00e9 apr\u00e8s un  appel \u00e0 candidatures \u00e9mis par le\nrepr\u00e9sentant de l'\u00c9tat dans le d\u00e9partement. Aux termes de l'article D. 472-5-1 du code pr\u00e9cit\u00e9,\nDirection d\u00e9partementale de l'emploi, du travail et des solidarit\u00e9s du Var - 83-2025-08-05-00010 - arrete avis appel\ncandidaturesMJPMi20250805 6\nl'avis d'appel \u00e0 candidatures est sign\u00e9 par le repr \u00e9sentant de l'\u00c9tat dans le d\u00e9partement et\npubli\u00e9 au recueil des actes administratifs de la pr\u00e9fecture, il pr\u00e9cise les dates de d\u00e9p\u00f4t et de\nfin de r\u00e9ception des candidatures ainsi que les obj ectifs et les besoins mentionn\u00e9s dans le\nsch\u00e9ma que cet appel \u00e0 candidatures a pour finalit\u00e9 de satisfaire. \nLe sch\u00e9ma r\u00e9gional de la protection juridique des m ajeurs et des d\u00e9l\u00e9gu\u00e9s aux prestations\nfamiliales de la r\u00e9gion Provence Alpes C\u00f4tes d'Azur  \u00e9tabli pour la p\u00e9riode 2021-2025 par\narr\u00eat\u00e9 pr\u00e9fectoral n\u00b0 R93-2020-1997 du 21 d\u00e9cembre 2020 du pr\u00e9fet de la r\u00e9gion Provence\nAlpes C\u00f4tes d'Azur en application du b) du 2\u00b0 de l'article L. 312-5 du code pr\u00e9cit\u00e9, mentionne\nun objectif de 89 mandataires individuels pour le d \u00e9partement du Var afin de couvrir l'offre\nn\u00e9cessaire aux besoins identifi\u00e9s.\nIl est proc\u00e9d\u00e9, dans ce cadre, \u00e0 un recrutement sur le d\u00e9partement du Var de 20 mandataires\njudiciaires \u00e0 la protection des majeurs exer\u00e7ant \u00e0 titre individuel.\n2. Qualit\u00e9 et adresse des autorit\u00e9s comp\u00e9tentes pour d\u00e9livrer l'agr\u00e9ment\nEn application du quatri\u00e8me alin\u00e9a de l'article L. 472-1-1 du code pr\u00e9cit\u00e9, l'agr\u00e9ment est\nd\u00e9livr\u00e9 par le pr\u00e9fet de d\u00e9partement apr\u00e8s avis conforme du procureur de la R\u00e9publique pr\u00e8s\nle tribunal judiciaire de Toulon. \n- le pr\u00e9fet du Var\nH\u00f4tel de la Pr\u00e9fecture \nBoulevard du 112\u00e8me RI \n 83000 Toulon\n- le procureur de la R\u00e9publique pr\u00e8s le tribunal judiciaire de Toulon\nPlace Gabriel P\u00e9ri\nBP 506 \n83041 Toulon\n3. Modalit\u00e9s de publication de l'avis d'appel \u00e0 candidatures\nEn compl\u00e9ment de la publication au recueil des actes administratifs de la pr\u00e9fecture du Var, le\npr\u00e9sent avis d'appel \u00e0 candidatures sera publi\u00e9 sur le site internet de la pr\u00e9fecture du Var.\n4. Objectifs et besoins que l'appel \u00e0 candidatures a pour objet de satisfaire\nL'appel \u00e0 candidature a pour objet l'agr\u00e9ment de 20 mandataires individuels en vue de \nl'exercice de mandats sp\u00e9ciaux auxquels il peut \u00eatre recouru dans le cadre de la sauvegarde \nde justice, de mesures de curatelle ou tutelle. \nIl vise \u00e0 r\u00e9pondre aux besoins de 20 mandataires suppl\u00e9mentaires, \u00e0 comp\u00e9tence \nd\u00e9partementale, d\u00e9sign\u00e9s sur les tribunaux du Var suivants : \nTribunal de proximit\u00e9 de Brignoles 1 mandataire indi viduel\nTribunal judiciaire de Draguignan 2 mandataires indi viduels\nTribunal de proximit\u00e9 de Fr\u00e9jus 6 mandataires indivi duels\nTribunal judiciaire de Toulon 11 mandataires individ uels\nDirection d\u00e9partementale de l'emploi, du travail et des solidarit\u00e9s du Var - 83-2025-08-05-00010 - arrete avis appel\ncandidaturesMJPMi20250805 7\n5. Modalit\u00e9s de d\u00e9p\u00f4t des dossiers de candidature \nPeuvent candidater toutes les personnes satisfaisan t aux conditions pr\u00e9vues aux articles L.\n471-4 et L. 472-2 du Code de l'action sociale et des familles (conditions de moralit\u00e9, d'\u00e2ge, de\nformation, d'exp\u00e9rience professionnelle et d'assurance en responsabilit\u00e9 civile).\n5. 1. Date limite de d\u00e9p\u00f4t des dossiers de candidature \nLes dossiers de candidature devront \u00eatre d\u00e9pos\u00e9s en tre le 15 septembre 2025 et le  15\nnovembre 2025 \u00e0 minuit, selon les modalit\u00e9s pr\u00e9cis\u00e9 es en premi\u00e8re page du pr\u00e9sent avis\nd'appel \u00e0 candidatures.\n5.2. Contenu du dossier de candidature et pi\u00e8ces justificatives exigibles \nLa r\u00e9ponse \u00e0 l'appel \u00e0 candidatures s'effectue au m oyen du formulaire Cerfa n\u00b0 13913*02\nintitul\u00e9 \u00ab dossier de candidature aux fins d'agr\u00e9ment en qualit\u00e9 de mandataire judiciaire \u00e0 la\nprotection des majeurs \u00e0 titre individuel \u00bb documen t \u00e0 compl\u00e9ter \u00e0 l'aide de la notice\nexplicative 51367 #09.\nCes documents sont t\u00e9l\u00e9chargeables \u00e0 l'adresse suivante :\nhttps://www.service-public.fr/particuliers/vosdroits/R1898 \nLe dossier de candidature doit obligatoirement \u00eatre  accompagn\u00e9 de l'ensemble des pi\u00e8ces\nmentionn\u00e9es au II de l'article D. 472-5-2 du CASF ( la liste de ces pi\u00e8ces est rappel\u00e9e dans le\nformulaire). :\n1\u00b0 un acte de naissance\n2\u00b0 le bulletin n\u00b0 3 du casier judiciaire\n3\u00b0 un justificatif de domicile\n4\u00b0 la copie du certificat national de comp\u00e9tence mentionn\u00e9 \u00e0 l'article D.471-4 du\ncode pr\u00e9cit\u00e9 et de toutes autres pi\u00e8ces justificati ves relatives aux autres formations\nsuivies\n5\u00b0 un curriculum vitae et toutes pi\u00e8ces justificati ves relatives \u00e0 l'exp\u00e9rience\nprofessionnelle du candidat\n6\u00b0 un devis pour le contrat d'assurance en responsabilit\u00e9 civile\n7\u00b0 les projets de notice d'information et le docume nt individuel de protection des\nmajeurs\n8\u00b0 le cas \u00e9ch\u00e9ant, tout document attestant du projet de recours \u00e0 du personnel pour\nle poste de secr\u00e9taire sp\u00e9cialis\u00e9, notamment les pr ojets de contrat de travail ou de\ncontrat de prestation de services\n9\u00b0 le cas \u00e9ch\u00e9ant, tout document attestant de la recherche, de la location ou de la\npossession de locaux professionnels \nDirection d\u00e9partementale de l'emploi, du travail et des solidarit\u00e9s du Var - 83-2025-08-05-00010 - arrete avis appel\ncandidaturesMJPMi20250805 8\n10\u00b0 les documents relatifs aux moyens pr\u00e9vus pour a ssurer les d\u00e9placements\nn\u00e9cessaires \u00e0 l'exercice de la fonction de mandatai re, notamment la carte grise, le\ntitre de propri\u00e9t\u00e9 ou de location de ses moyens de locomotion\n11\u00b0 le projet professionnel du candidat, qui pr\u00e9cis e notamment la qualit\u00e9 du r\u00e9seau\npluridisciplinaire de professionnels, en projet ou d\u00e9j\u00e0 constitu\u00e9, comprenant\nnotamment d'autres mandataires judiciaires \u00e0 la protection des majeurs, les modalit\u00e9s\npr\u00e9vues pour prot\u00e9ger les donn\u00e9es personnelles, garantir la qualit\u00e9 du service rendu\net organiser la continuit\u00e9 de la prise en charge ou de l'accompagnement.\nPar ailleurs, si \u00e0 la date du d\u00e9p\u00f4t de son dossier, le candidat exerce la fonction de mandataire\nen qualit\u00e9 de d\u00e9l\u00e9gu\u00e9 d'un service mandataire ou de  pr\u00e9pos\u00e9 d'\u00e9tablissement et qu'il a\nl'intention de poursuivre cet autre mode d'exercice  apr\u00e8s l'obtention de l'agr\u00e9ment, il doit\n\u00e9galement transmettre :\n1\u00b0 les informations relatives \u00e0 l'activit\u00e9 exerc\u00e9e au moment de la demande d'agr\u00e9ment\n2\u00b0 la copie du contrat de travail ou de la d\u00e9cision de nomination\n3\u00b0 le courrier par lequel il a inform\u00e9 son employeur de son intention de demander un\nagr\u00e9ment\n4\u00b0 les moyens permettant, au regard de l'activit\u00e9 de votre travail salari\u00e9 ou d'agent\npublic, d'assurer une continuit\u00e9 de la prise en cha rge ou de l'accompagnement des\npersonnes dont le juge vous a confi\u00e9 la protection juridique.\nUne notice explicative est jointe au formulaire Cerfa afin d'aider les candidats \u00e0 pr\u00e9parer leur\ndossier de candidature. \n6. Modalit\u00e9s d'instruction des demandes de candidature \nL'instruction des demandes de candidature s'effectue en quatre phases : \n1\u00e8   \nre   phase   : v\u00e9rification de la compl\u00e9tude des dossiers de candidatures \nLa direction d\u00e9partementale de l'emploi, du travail et des solidarit\u00e9s du Var dispose d'un d\u00e9lai\nde 20 jours \u00e0 compter de la r\u00e9ception des dossiers pour en accuser r\u00e9ception ou demander\nles pi\u00e8ces manquantes. \nLe dossier de candidature est d\u00e9clar\u00e9 complet s'il comprend le formulaire Cerfa renseign\u00e9 et\nl'ensemble des pi\u00e8ces mentionn\u00e9es au II de l'article D. 472-5-2 du CASF. \n2\u00e8m  \ne   phase   : v\u00e9rification de la recevabilit\u00e9 des candidatures \nLa direction d\u00e9partementale de l'emploi, du travail et des solidarit\u00e9s du Var proc\u00e8de ensuite \u00e0\nl'examen de la recevabilit\u00e9 des candidatures dont le dossier est complet.\nLes crit\u00e8res de recevabilit\u00e9 des candidatures sont les conditions pr\u00e9vues aux articles L.471-4, \nL.472-2, D.472-3 et D.471-4 du Code de l'action sociale et des familles :\n- moralit\u00e9 : l'avis du procureur de la R\u00e9publique du tribunal judiciaire de Toulon sera \nrecueilli pour examiner ce crit\u00e8re,\n- age : les candidats doivent \u00eatre \u00e2g\u00e9s au minimum de 25 ans,\nDirection d\u00e9partementale de l'emploi, du travail et des solidarit\u00e9s du Var - 83-2025-08-05-00010 - arrete avis appel\ncandidaturesMJPMi20250805 9\n- formation : les candidats doivent \u00eatre titulaires du certificat national de \ncomp\u00e9tence,\n- exp\u00e9rience professionnelle : les candidats doivent justifier d'une exp\u00e9rience \nprofessionnelle d'une dur\u00e9e minimale de trois ans dans un des domaines n\u00e9cessaires \u00e0\nl'exercice des fonctions de mandataire judiciaire,\n- assurance en responsabilit\u00e9 civile : les candidats doivent justifier de garanties des \ncons\u00e9quences p\u00e9cuniaires de sa responsabilit\u00e9 civile en raison des dommages subis \npar les personnes qu'il prenne en charge.\nUn arr\u00eat\u00e9 fixant la liste des candidats d\u00e9clar\u00e9s recevables sera publi\u00e9 au terme de cette \u00e9tape.\n3\u00e8me  \n   phase   : audition des candidats\nLes candidats dont le dossier de candidature est co mplet et la candidature recevable sont\nauditionn\u00e9s par la commission d\u00e9partementale d'agr\u00e9 ment qui est charg\u00e9e de donner son\navis sur chacune des candidatures. \nLa composition de cette commission pr\u00e9vue \u00e0 l'article D.472-5-3 du CASF est arr\u00eat\u00e9e par le\npr\u00e9fet de d\u00e9partement, apr\u00e8s avis du procureur de l a R\u00e9publique du tribunal judiciaire de\nToulon pour la d\u00e9signation de certains de ces membres.\n4\u00e8me  \n   phase   : classement des candidatures et d\u00e9cisions \nDans la limite du nombre d'agr\u00e9ments que l'appel \u00e0 candidatures vise \u00e0 satisfaire, les\nagr\u00e9ments seront d\u00e9livr\u00e9s par le pr\u00e9fet de d\u00e9partement apr\u00e8s avis conforme du procureur de\nla R\u00e9publique du tribunal judiciaire de Toulon aux candidats les mieux class\u00e9s en fonction des\nobjectifs et des besoins d\u00e9finis par le sch\u00e9ma r\u00e9gi onal, des crit\u00e8res mentionn\u00e9s au 3e alin\u00e9a\nde l'article L. 472-1-1 et \u00e0 l'article R. 472-1 du Code de l'action sociale et des familles et des\n\u00e9l\u00e9ments d'information fournis par les candidats dans leur dossier de candidature et lors de\nleur audition devant la commission d\u00e9partementale d'agr\u00e9ment. \nLe candidat devra \u00e9galement pour \u00eatre agr\u00e9\u00e9 respect er les conditions relatives au cumul\nmentionn\u00e9es aux articles L. 471-2-1 et R. 471-2-1 du Code de l'action sociale et des familles.\nLes crit\u00e8res de classement et de s\u00e9lection des candidatures sont les suivants en application de\nl'article R. 472-1 du Code de l'action sociale et des familles : \n1\u00b0 Au titre de la qualit\u00e9 et de la continuit\u00e9 de la prise en charge ou de l'accompagnement :\na) Les moyens mat\u00e9riels pr\u00e9vus pour l'activit\u00e9, notamment les mat\u00e9riels, en particulier\ninformatiques, et les locaux d\u00e9di\u00e9s \u00e0 cette activit \u00e9, les moyens pr\u00e9vus pour la\nprotection des donn\u00e9es personnelles des personnes prot\u00e9g\u00e9es ; \nb)  Les moyens humains pr\u00e9vus pour l'activit\u00e9, notammen t le temps disponible pour\ncette activit\u00e9, du mandataire et, le cas \u00e9ch\u00e9ant, d u secr\u00e9taire sp\u00e9cialis\u00e9, au regard du\nvolume  d'activit\u00e9  envisag\u00e9,  les  formations  obtenues  et  les  exp\u00e9riences\nprofessionnelles, autres que celles obligatoires pour l'exercice de la fonction ;\nc) Les moyens pr\u00e9vus pour l'accueil de la personne prot\u00e9g\u00e9e et pour les \u00e9changes entre\nle mandataire et la personne prot\u00e9g\u00e9e ; \nDirection d\u00e9partementale de l'emploi, du travail et des solidarit\u00e9s du Var - 83-2025-08-05-00010 - arrete avis appel\ncandidaturesMJPMi20250805 10\nd)  La formalisation et la pertinence de la notice d'in formation et du projet de\ndocument individuel de protection des majeurs ;\ne) La formalisation et la pertinence de son projet professionnel. Pour l'appr\u00e9ciation de\nce dernier, sont pris en compte, notamment, la qual it\u00e9 du r\u00e9seau pluridisciplinaire de\nprofessionnels, en projet ou d\u00e9j\u00e0 constitu\u00e9, compre nant notamment d'autres\nmandataires judiciaires \u00e0 la protection des majeurs , les modalit\u00e9s pr\u00e9vues pour\nprot\u00e9ger les donn\u00e9es personnelles, garantir la qualit\u00e9 du service rendu et organiser la\ncontinuit\u00e9 de la prise en charge ou de l'accompagnement. \n2\u00b0 Au titre de la proximit\u00e9 de prise en charge ou d'accompagnement : \na)  La proximit\u00e9 des locaux d'activit\u00e9 professionnelle du mandataire par rapport aux\nbesoins que l'appel \u00e0 candidature a pour objet de satisfaire ;\n \nb)  Les moyens pr\u00e9vus pour assurer les d\u00e9placements n\u00e9c essaires \u00e0 l'exercice de la\nfonction de mandataire, notamment les moyens de locomotion ;\n \nc) Les moyens pr\u00e9vus pour les \u00e9changes entre le mandataire et la personne prot\u00e9g\u00e9e.\nL'appr\u00e9ciation de ces crit\u00e8res tient compte des besoins que l'appel \u00e0 candidature a pour objet\nde satisfaire et qui sont rappel\u00e9s dans l'avis d'appel \u00e0 candidature.\n7 . Calendrier global de la proc\u00e9dure \nD\u00e9lai de retour des candidatures 15 novembre 2025\nPublication de l'arr\u00eat\u00e9 fixant la liste des candidatures \nrecevables 6 d\u00e9cembre 2025\nAuditions par la commission \u00c0 partir de fin janvier 2025\nClassement des candidatures et d\u00e9livrance des \nagr\u00e9ments\n\u00c0 partir de la mi-f\u00e9vrier 2025\n8. Personnes \u00e0 contacter \nContact pour tout renseignement compl\u00e9mentaire :\nddets-saapv@var.gouv.fr \nindiquer dans le sujet du mail \u00ab contact CDA \u00bb\nDirection d\u00e9partementale de l'emploi, du travail et des solidarit\u00e9s du Var - 83-2025-08-05-00010 - arrete avis appel\ncandidaturesMJPMi20250805 11\nDirection d\u00e9partementale de l'emploi, du travail\net des solidarit\u00e9s du Var\n83-2025-08-05-00011\narrete calendrier previsionnel appel\ncandidaturesMJPMi20250805\nDirection d\u00e9partementale de l'emploi, du travail et des solidarit\u00e9s du Var - 83-2025-08-05-00011 - arrete calendrier previsionnel appel\ncandidaturesMJPMi20250805 12\n=mPREFETDU VARLibert\u00e9Egalit\u00e9Fraternit\u00e9\nDirection D\u00e9partementale\n de l'Emploi, du Travail\net des Solidarit\u00e9s\nService acc\u00e8s \u00e0 l'autonomie\ndes populations vuln\u00e9rables\nARR\u00caT\u00c9 PR\u00c9FECTORAL \nfixant pour l'ann\u00e9e le calendrier pr\u00e9visionnel de l'appel \u00e0 candidatures \naux fins d'agr\u00e9ment dans le d\u00e9partement du Var \nde mandataires judiciaires \u00e0 la protection des majeurs\nexer\u00e7ant \u00e0 titre individuel \nLe Pr\u00e9fet du Var,\nVu le Code de l'action sociale et des familles, notamment les articles L. 312-5, L. 472-1, L. 472-1-\n1 et D. 472-5-1 ; \nVu le Code civil, notamment son article 450 ;\nVu le sch\u00e9ma r\u00e9gional de la protection juridique des majeurs et des d\u00e9l\u00e9gu\u00e9s aux prestations  \nfamiliales de la r\u00e9gion Provence-Alpes-C\u00f4te d'Azur du 21 d\u00e9cembre 2020 ;\nVu l'avis du procureur de la R\u00e9publique pr\u00e8s le tribunal judiciaire de Toulon ;\nConsid\u00e9rant les objectifs mentionn\u00e9s au sch\u00e9ma r\u00e9gional des mandataires judiciaires \u00e0 la  \nprotection des majeurs et d\u00e9l\u00e9gu\u00e9s aux prestations familiales en r \u00e9gion Provence-Alpes-C\u00f4te \nd'Azur pour la p\u00e9riode 2021-2025, apr\u00e8s consultation \u00e9crite des tribunaux judiciaires et de  \nproximit\u00e9 concernant le nombre de mandataires individuels n\u00e9cessaire afin de couvrir les  \nbesoins identifi\u00e9s ;\nSur proposition de la directrice d\u00e9partementale de l'emploi, du travail et des solidarit\u00e9s,\nARR\u00caTE :\nArticle 1  er     : Le calendrier pr\u00e9visionnel pour l'ann\u00e9e 2025 de l'appel \u00e0 candidatures aux fins \nd'agr\u00e9ment des mandataires judiciaires \u00e0 la protection des majeurs exer\u00e7ant \u00e0 titre individuel \npour le d\u00e9partement du Var est fix\u00e9 en annexe au pr\u00e9sent arr\u00eat\u00e9.\nArticle 2     :   La pr\u00e9sente d\u00e9cision peut faire l'objet d'un recours administratif gracieux aupr\u00e8s de \nmonsieur le Pr\u00e9fet du Var dans les deux mois suivant sa publication. Un recours contentieux  \nDirection d\u00e9partementale de l'emploi, du travail et des solidarit\u00e9s du Var - 83-2025-08-05-00011 - arrete calendrier previsionnel appel\ncandidaturesMJPMi20250805 13\npeut \u00eatre d\u00e9pos\u00e9 aupr\u00e8s du tribunal administratif de Toulon, situ\u00e9 au 5 rue Racine BP 40510  \n83041 Toulon cedex 9, \u00e9galement dans un d\u00e9lai de deux mois \u00e0 compter de sa publication, ou \ndans  le  d\u00e9lai  de  deux  mois  \u00e0  partir  de  la  r\u00e9ponse  de  l'administration  si  un  recours \nadministratif a \u00e9t\u00e9 d\u00e9pos\u00e9, l'absence de r\u00e9ponse au terme d'un d\u00e9lai de deux mois valant  \nrejet implicite. La juridiction administrative comp\u00e9tente peut aussi \u00eatre saisie par l'application \n\u00ab T\u00e9l\u00e9recours citoyens \u00bb accessible \u00e0 partir du site www.telerecours.fr \nArticle 3     : Une copie du pr\u00e9sent arr\u00eat\u00e9 sera notifi\u00e9e au procureur de la R\u00e9publique du tribunal \njudiciaire de Toulon.\nArticle 4     : Le pr\u00e9sent arr\u00eat\u00e9 sera publi\u00e9 au recueil des actes administratifs de l'\u00c9tat dans le Var \net rentrera en vigueur d\u00e8s sa publication.\nArticle 5 :  Le secr\u00e9taire g\u00e9n\u00e9ral de la pr\u00e9fecture du Var et  la directrice d\u00e9partementale de  \nl'emploi, du travail et des solidarit\u00e9s du Var, so nt charg\u00e9s, chacun en ce qui le concerne, de  \nl'ex\u00e9cution du pr\u00e9sent arr\u00eat\u00e9. \nFait \u00e0 Toulon, le 5 ao\u00fbt 2025\nLe Pr\u00e9fet\nSign\u00e9 Simon BABRE\nDirection d\u00e9partementale de l'emploi, du travail et des solidarit\u00e9s du Var - 83-2025-08-05-00011 - arrete calendrier previsionnel appel\ncandidaturesMJPMi20250805 14\n=mPREFETDU VARLibert\u00e9Egalit\u00e9Fraternit\u00e9\nDirection D\u00e9partementale\n de l'Emploi, du Travail\net des Solidarit\u00e9s\nService acc\u00e8s \u00e0 l'autonomie\ndes populations vuln\u00e9rables\nCalendrier pr\u00e9visionnel pour l'ann\u00e9e 2025 de l'appel \u00e0 candidatures aux fins d'agr\u00e9ment des \nmandataires judiciaires \u00e0 la protection des majeurs exer\u00e7ant \u00e0 titre individuel \npour le d\u00e9partement du Var\nPublication pr\u00e9visionnelle de \nl'avis d'appel \u00e0 candidatures\nNombre de mandataires\njudiciaire \u00e0 la protection des \nmajeurs susceptibles d'\u00eatre \nagr\u00e9\u00e9s\nCat\u00e9gorie de mesures de \nprotection\n28 juillet 2025 20\nSauvegarde de justice\nCuratelle\nTutelle\nDirection d\u00e9partementale de l'emploi, du travail et des solidarit\u00e9s du Var - 83-2025-08-05-00011 - arrete calendrier previsionnel appel\ncandidaturesMJPMi20250805 15\nDirection d\u00e9partementale de l'emploi, du travail\net des solidarit\u00e9s du Var\n83-2025-08-04-00001\nODDS Arr\u00eat\u00e9 d\u00e9signation membres juin 2025 VEJ\nDirection d\u00e9partementale de l'emploi, du travail et des solidarit\u00e9s du Var - 83-2025-08-04-00001 - ODDS Arr\u00eat\u00e9 d\u00e9signation membres\njuin 2025 VEJ 16\nMINISTEREDU TRAVAIL, DE LA SANTE,DES SOLIDARITESET DES FAMILLESLibert\u00e9\u00c9galit\u00e9Fraterwit\u00e9\nDirection d\u00e9partementale  \nde l'emploi, du travail \net des solidarit\u00e9s du Var\nARR\u00caT\u00c9 DDETS \u2013 SART \u2013 N\u00b0 2025 \u201304\nfixant la composition de l'observatoire d'analyse et d'appui\nau dialogue social et \u00e0 la negociation collective\nLa directrice d\u00e9partementale de l'emploi , du travail et des solidarit\u00e9s du Var\nVu le code du travail notamment ses articles L.2234-4 \u00e0 7 et R.2234-1 \u00e0 4 et D.2622-4\u00a0;\nVu l'arr\u00eat\u00e9 conjoint du Premier ministre et du ministre de l'int\u00e9rieur en date du 17 janvier 2025 portant  \nnomination de Madame Sandrine POLYCHRONOPOULOS directrice d\u00e9partementale de l'emploi, du  \ntravail et des solidarit\u00e9s \u00e0 compter du 15 f\u00e9vrier 2025 ;\nVu  la  d\u00e9cision  du  Directeur  r\u00e9gional  de  l'\u00e9conomie,  de  l'emploi,  du  travail  et  des  solidarit\u00e9s  de  \nProvence-Alpes-C\u00f4te d'Azur en date du 10 f\u00e9vrier 2022 relative \u00e0 la liste des organisations syndicales  \npouvant  d\u00e9signer  un  membre  au  sein  des  observatoires  d\u00e9partementaux  d'analyse  et  d'appui  au  \ndialogue social de la r\u00e9gion Provence-Alpes-C\u00f4te d'Azur au titre des articles L.2234-5 et R.2234-2 du  \ncode du travail ;\nVu l'arr\u00eat\u00e9 du 12 avril 2024 publi\u00e9 le 30 avril 2024 fixant la composition de l'observatoire d'analyse et  \nd'appui au dialogue social et \u00e0 la n\u00e9gociation collective du Var\u00a0;\nVu la  d\u00e9signation  de  leurs  repr\u00e9sentants  effectu\u00e9e  par  les  organisations  professionnelles,  \ninterprofessionnelles  ou  multi  professionnelles  repr\u00e9sentatives  au  niveau  national,  et  par  les  \norganisations  syndicales  pouvant  d\u00e9signer  un  membre  au  sein  de  l'observatoire  d\u00e9partemental  \nd'analyse et d'appui au dialogue social du d\u00e9partement du Var\u00a0;\nARR\u00caT\u00c9\nArticle 1  er  \u00a0:\nL'observatoire d'analyse et d'appui au dialogue social et \u00e0 la n\u00e9gociation du d\u00e9partement du Var est  \ncompos\u00e9, outre du directeur d\u00e9partemental de l'emploi, du travail et des solidarit\u00e9s du Var ou de son  \nsuppl\u00e9ant, de la fa\u00e7on suivante\u00a0:\nPour les organisations professionnelles :\n- Au titre du MEDEF\u00a0:\nTitulaire\u00a0: Mme. Claire ROUYER\nSuppl\u00e9ant\u00a0: M. Marc-Antoine MOCHE\n- Au titre de la CPME\u00a0:\nTitulaire\u00a0: Monsieur Ouanongo OUATTARA\nSuppl\u00e9ant\u00a0: Mme Nathalie CHAUVIN\n- Au titre de l'U2P\u00a0:\nTitulaire\u00a0: M. Jean-Marc DE GAETANO\nSuppl\u00e9ant\u00a0: M. Jean-Luc REYNAUD\nDirection d\u00e9partementale de l'emploi, du travail et des solidarit\u00e9s du Var - 83-2025-08-04-00001 - ODDS Arr\u00eat\u00e9 d\u00e9signation membres\njuin 2025 VEJ 17\nEMINIST\u00c8REDU TRAVAIL, DE LA SANT\u00c9,DES SOLIDARIT\u00c9SET DES FAMILLESLaderteEgalit\u00e9Fraterwit\u00e9\nDirection d\u00e9partementale  \nde l'emploi, du travail \net des solidarit\u00e9s du Var\n- Au titre de l'UDES\u00a0:\nTitulaire\u00a0: Mme Marie-Aude MATHIEU\nSuppl\u00e9ante\u00a0: Mme Isabelle PUDEPIECE\n- Au titre de la FESAC\u00a0:\nTitulaire\u00a0: M. Matthieu IRLES\nSuppl\u00e9ant\u00a0: non d\u00e9sign\u00e9\nPour les organisations syndicales\u00a0:\n- Au titre de la CFDT\u00a0:\nTitulaire\u00a0: M. Marc DALMASSO\nSuppl\u00e9ant\u00a0: M. Thierry GUYOT\n- Au titre de la CFE-CGC\u00a0:\nTitulaire\u00a0: M. Didier CHAINTREUIL\nSuppl\u00e9ante\u00a0: Mme Fabienne HUDELOT\n- Au titre de la CFTC\u00a0:\nTitulaire\u00a0: M. Roland CHEVALIER\nSuppl\u00e9ante\u00a0: Mme V\u00e9ronique LIONS\n- Au titre de la CGT-FO\u00a0:\nTitulaire\u00a0: Mme Myriam BARNEL\nSuppl\u00e9ante\u00a0: Mme Christelle PEYRE\n- Au titre de l'UNSA\u00a0:\nTitulaire\u00a0: Mme G\u00e9raldine COMPAIN\nSuppl\u00e9ant\u00a0: M. Christophe LANDI\nArticle 2\u00a0:\nL'arr\u00eat\u00e9 du 12 avril 2024 publi\u00e9 le 30 avril 2024 fixant  la composition de l'observatoire d'analyse et  \nd'appui au dialogue social et \u00e0 la n\u00e9gociation du d\u00e9partement du Var est abrog\u00e9.\nArticle 3 : \nLa directrice  d\u00e9partementale de l'emploi, du travail et des solidarit\u00e9s du Var est charg\u00e9 de l'ex\u00e9cution  \ndu pr\u00e9sent arr\u00eat\u00e9 qui sera publi\u00e9 au recueil des actes administratifs du d\u00e9partement du Var. \nFait \u00e0 Toulon, le 04 juillet 2025\nLa directrice d\u00e9partementale \nSandrine POLYCHRONOPOULOS\nVoie de recours\u00a0:\nLa pr\u00e9sente d\u00e9cision peut faire l'objet d'un recours dans le d\u00e9lai de 2 mois \u00e0 compter de la date de la publication du pr\u00e9sent  \narr\u00eat\u00e9 au recueil des actes administratifs de la pr\u00e9fecture en saisissant le Tribunal Administratif de Toulon : 5 rue Racine -BP  \n40510 - 83 041 TOULON CEDEX 9. \nLe tribunal administratif peut \u00e9galement \u00eatre saisi par l'application informatique TELERECOURS CITOYEN accessible par le site  \nwww.telerecours.fr\nDirection d\u00e9partementale de l'emploi, du travail et des solidarit\u00e9s du Var - 83-2025-08-04-00001 - ODDS Arr\u00eat\u00e9 d\u00e9signation membres\njuin 2025 VEJ 18","date":"2025-08-05","first_seen_on":"2025-08-05T16:47:44+00:00","id":"3ed45c333d84cdd0f8521badebb6f11b2012c10777983e3148675a33ca7a357e","name":"RAA N\u00b0265 du 5 ao\u00fbt 2025","pdf_creation_date":"2025-08-05T14:58:52+00:00","pdf_modification_date":null,"timezone":"Europe/Paris","url":"https://www.var.gouv.fr/contenu/telechargement/42256/276500/file/RAA%20N%C2%B0265%20du%205%20ao%C3%BBt%202025%20NOMINATIF.pdf"}
