{"administration":"pref69","administration_name":"Pr\u00e9fecture du Rh\u00f4ne","content":"PR\u00c9F\u00c8TE\nDU RH\u00d4NE\nRECUEIL DES ACTES\nADMINISTRATIFS SP\u00c9CIAL\nN\u00b069-2025-229\nPUBLI\u00c9 LE  9 SEPTEMBRE 2025\nSommaire\n69_Pr\u00e9f_Pr\u00e9fecture du Rh\u00f4ne / Direction de la Coordination des\nPolitiques Interminist\u00e9rielles\n69-2025-09-08-00005 - Arr\u00eat\u00e9 pr\u00e9fectoral portant autorisation de\nsignature pour l'engagement juridique et la liquidation des d\u00e9penses\nhors programme 354 (3 pages) Page 4\n69-2025-09-08-00006 - Arr\u00eat\u00e9 pr\u00e9fectoral portant d\u00e9l\u00e9gation de\nsignature aux agents de la pr\u00e9fecture (7 pages) Page 8\n69_Pr\u00e9f_Pr\u00e9fecture du Rh\u00f4ne / Direction de la s\u00e9curit\u00e9 et de la\nprotection civile\n69-2025-09-09-00002 - Arr\u00eat\u00e9 Pr\u00e9fectoral du 9 septembre 2025 \nportant autorisations de mesures de palpations gares du Rh\u00f4ne du 9 au 18\nseptembre 2025 (2 pages) Page 16\n69_Pr\u00e9f_Pr\u00e9fecture du Rh\u00f4ne / Pr\u00e9fet d\u00e9l\u00e9gu\u00e9 pour la\nd\u00e9fense et la s\u00e9curit\u00e9\n69-2025-09-09-00003 - Arr\u00eat\u00e9 n\u00b02025-09-09-0001 portant retrait de\nl'arr\u00eat\u00e9 n\u00b02025-09-05-0002 du 5 septembre 2025 la captation,\nl'enregistrement et la transmission d'images au moyen de cam\u00e9ras\ninstall\u00e9es sur un a\u00e9ronef le mercredi 10 septembre 2025 \u00e0 Lyon (2\npages) Page 19\n69-2025-09-09-00004 - Arr\u00eat\u00e9 n\u00b02025-09-09-0002 portant retrait de\nl'arr\u00eat\u00e9 n\u00b02025-09-05-0003 du 5 septembre 2025 autorisant la\ncaptation, l'enregistrement et la transmission d'images au moyen de\ncam\u00e9ras install\u00e9es sur un a\u00e9ronef le mercredi 10 et le jeudi 11\nseptembre 2025 \u00e0 Lyon  (2 pages) Page 22\n69-2025-09-09-00005 - Arr\u00eat\u00e9 n\u00b02025-09-09-0003 portant retrait de\nl'arr\u00eate n\u00b02025-09-05-0004 du 5 septembre 2025 autorisant la captation,\nl'enregistrement et la transmission d'images au moyen de cam\u00e9ras\ninstall\u00e9es sur un a\u00e9ronef le mercredi 10 et le jeudi 11 septembre \u00e0\nSathonay-Camp (2 pages) Page 25\n69_SDMIS_Service d\u00e9partemental et m\u00e9tropolitain d'incendie et de\nsecours /\n69-2025-08-13-00003 - AP N\u00b02025 53 SDMIS_GPREV-Conformit\u00e9-CTS\n-C-069-2025-002-E38E38300726-Mr Fr\u00e9d\u00e9ric CORNERO- rue du docteur\nPujol-13110 PORT BOUC (3 pages) Page 28\n69-2025-08-13-00004 - AP N\u00b02025 54\nSDMIS_GPREV-Conformit\u00e9-CTS-C-069-2025-003-E38300727-Mr\nCorenthin DEMARTHE -11 rie Jean Moulin -69300 CALUIRE ET CUIRE (2\npages) Page 32\n2\n84_EMIZSE_Etat major interminist\u00e9riel de zone Sud-Est / Bureau\nadministration et soutien\n69-2025-09-09-00001 - Arr\u00eat\u00e9 portant d\u00e9signation des r\u00e9f\u00e9rents\nzonaux de sp\u00e9cialit\u00e9s, des r\u00e9f\u00e9rents zonaux fonctionnels des SIS (6\npages) Page 35\n3\n69_Pr\u00e9f_Pr\u00e9fecture du Rh\u00f4ne\n69-2025-09-08-00005\nArr\u00eat\u00e9 pr\u00e9fectoral portant autorisation de\nsignature pour l'engagement juridique et la\nliquidation des d\u00e9penses hors programme 354\n69_Pr\u00e9f_Pr\u00e9fecture du Rh\u00f4ne - 69-2025-09-08-00005 - Arr\u00eat\u00e9 pr\u00e9fectoral portant autorisation de signature pour l'engagement\njuridique et la liquidation des d\u00e9penses hors programme 354 4\nesPREFETEDU RHONELibert\u00e9Egalit\u00e9Fraternit\u00e9\nDirection de la coordination\ndes politiques interminist\u00e9rielles\nLyon, le 08 septembre 2025\nARR\u00caT\u00c9 PR\u00c9FECTORAL N\u00b0                                        \nportant autorisation de signature pour l'engagement juridique\net la liquidation des d\u00e9penses hors programme 354\nLA PR\u00c9F\u00c8TE DE LA R\u00c9GION AUVERGNE-RH\u00d4NE-ALPES,\nPR\u00c9F\u00c8TE DE LA ZONE DE D\u00c9FENSE ET DE S\u00c9CURIT\u00c9 SUD-EST,\nPR\u00c9F\u00c8TE DU RH\u00d4NE\nCommandeur de la L\u00e9gion d'honneur\nCommandeur de l'ordre national du M\u00e9rite\nVu la loi organique n\u00b0 2001-692 du 1er ao\u00fbt 2001 modifi\u00e9e relative aux lois de finances ;\nVu la loi d'orientation n\u00b0 92-125 du 6 f\u00e9vrier 1992 modifi\u00e9e relative \u00e0 l'administration territoriale de  \nla R\u00e9publique ; \nVu la loi n\u00b0 82-213 du 2 mars 1982 modifi\u00e9e relative aux droits et libert\u00e9s des communes, des  \nd\u00e9partements et des r\u00e9gions ; \nVu la loi n\u00b0 2015-29 du 16 janvier 2015 relative \u00e0 la d\u00e9limitation des r\u00e9gions, aux \u00e9lections r\u00e9gionales  \net d\u00e9partementales et modifiant le calendrier \u00e9lectoral ;\nVu le d\u00e9cret n\u00b0 2002-84 du 16 janvier 2002 modifi\u00e9 relatif aux pouvoirs des pr\u00e9fets de zone ;\nVu le d\u00e9cret n\u00b0 2004-374 du 29 avril 2004 modifi\u00e9 relatif aux pouvoirs des pr\u00e9fets, \u00e0 l'organisation et \n\u00e0 l'action des services de l'\u00c9tat dans les r\u00e9gions et d\u00e9partements ; \nVu  le  d\u00e9cret  n\u00b0  2012-1246  du  7  novembre  2012  relatif  \u00e0  la  gestion  budg\u00e9taire  et  comptable \npublique ;\nVu le d\u00e9cret n\u00b0 2015-510 du 7 mai 2015 portant charte de la d\u00e9concentration ;\nVu le d\u00e9cret du 11 janvier 2023 en conseil des ministres portant nomination de Mme Fabienne  \nBUCCIO en qualit\u00e9 de pr\u00e9f\u00e8te de la r\u00e9gion Auvergne-Rh\u00f4ne-Alpes, pr\u00e9f\u00e8te de la zone de d\u00e9fense et  \nde s\u00e9curit\u00e9 Sud-Est, pr\u00e9f\u00e8te du Rh\u00f4ne (hors classe) ;\nVu le proc\u00e8s-verbal d'installation de Mme Fabienne BUCCIO en qualit\u00e9 de pr\u00e9f\u00e8te de la r\u00e9gion  \nAuvergne-Rh\u00f4ne-Alpes, pr\u00e9f\u00e8te de la zone de d\u00e9fense et de s\u00e9curit\u00e9 Sud-Est, pr\u00e9f\u00e8te du Rh\u00f4ne, \u00e0  \ncompter du 30 janvier 2023 ;\nVu le d\u00e9cret du 15 mai 2025 portant nomination du pr\u00e9fet, secr\u00e9taire g\u00e9n\u00e9ral de la pr\u00e9fecture du  \nRh\u00f4ne, pr\u00e9fet d\u00e9l\u00e9gu\u00e9 pour l'\u00e9galit\u00e9 des chances aupr\u00e8s de la pr\u00e9f\u00e8te de la r\u00e9gion Auvergne-Rh\u00f4ne-\nAlpes, pr\u00e9f\u00e8te de la zone de d\u00e9fense et de s\u00e9curit\u00e9 Sud-Est, pr\u00e9f\u00e8te du Rh\u00f4ne - M. Fabrice ROSAY ;\nVu  les  d\u00e9cisions  pr\u00e9fectorales  portant  affectation  des  personnels  au  sein  des  services  de  la \npr\u00e9fecture ;\n1/3\n69_Pr\u00e9f_Pr\u00e9fecture du Rh\u00f4ne - 69-2025-09-08-00005 - Arr\u00eat\u00e9 pr\u00e9fectoral portant autorisation de signature pour l'engagement\njuridique et la liquidation des d\u00e9penses hors programme 354 5\nSur proposition du pr\u00e9fet, secr\u00e9taire g\u00e9n\u00e9ral de la pr\u00e9fecture du Rh\u00f4ne ;\nARR\u00caTE\nArticle 1     :   Dans le cadre de la gestion des cr\u00e9dits pour lesquels la pr\u00e9f\u00e8te du d\u00e9partement du Rh\u00f4ne \nest ordonnateur secondaire, et dans le strict cadre de leurs attributions, d\u00e9l\u00e9gation est donn\u00e9e  \npour la signature des bons et des lettres de commandes (engagements juridiques), la constatation  \ndu  service  fait  et  l'\u00e9tablissement  de  certificats  administratifs  n\u00e9cessaires  \u00e0  certaines  mises  en \npaiement :\n\u2022 Pour un montant limit\u00e9 \u00e0 8 000 euros par commande     :  \n\u25e6 \u00e0 Mme Catherine MERIC , directrice des affaires juridiques et de l'administration locale,  \npour les affaires juridiques et contentieuses (programme 216-6) et  pour les op\u00e9rations  \nfinanci\u00e8res  li\u00e9es  \u00e0  l'organisation  des  \u00e9lections  politiques  (programme  232)  et  \nprofessionnelles.\nEn cas d'absence ou d'emp\u00eachement de Mme Catherine MERIC, d\u00e9l\u00e9gation est donn\u00e9e \u00e0  \nM. Thibault  PICHON-MATHIEU,  attach\u00e9,  chef  du  p\u00f4le  juridique  et  documentaire,  pour  le  \nprogramme 216-6.\n\u25e6 \u00e0 M. Ernest MOUTOUSSAMY, directeur de la s\u00e9curit\u00e9 et de la protection civile, pour les  \nprogrammes  161,  207  (commissions  m\u00e9dicales,  d\u00e9marches  interminist\u00e9rielles  et  \ncommunication) et 216 (affaires juridiques et contentieuses des expulsions locatives).\nEn cas d'absence ou d'emp\u00eachement de M. Ernest MOUTOUSSAMY, d\u00e9l\u00e9gation est donn\u00e9e \u00e0 \nM. Emmanuel BERNE, ing\u00e9nieur divisionnaire, chef du service interminist\u00e9riel de d\u00e9fense et de  \nprotection civiles, pour le programme 161 et \u00e0 M.  Richard WILPOTTE, attach\u00e9 principal, chef du  \nbureau des polices administratives pour les programmes 207 et 216.\n\u25e6 \u00e0  Mme  Maud  BESSON,  directrice  des  migrations  et  de  l'int\u00e9gration  pour  les  \nprogrammes  104  (int\u00e9gration  et  acc\u00e8s  \u00e0  la  nationalit\u00e9  fran\u00e7aise),  216-6  (affaires  \njuridiques et contentieuses) et 303 (immigration et asile).\nEn cas d'absence ou d'emp\u00eachement de Mme Maud BESSON, d\u00e9l\u00e9gation est donn\u00e9e \u00e0 Mme \nMaryke LE MOGNE, attach\u00e9e principale, directrice adjointe des migrations et de l'int\u00e9gration, pour  \nles programmes 104, 216-6 et 303, \u00e0 M me Anna EUZET, attach\u00e9e principale,  cheffe du bureau de  \nl'asile et de l'h\u00e9bergement - guichet unique des demandeurs d'asile de Lyon, pour les programmes  \n104 et 303, et \u00e0 M. Patrick LAFABRIER, attach\u00e9 principal, chef du bureau des affaires g\u00e9n\u00e9rales et du \ncontentieux, pour le programme 216-6.\n\u2022 Pour un montant limit\u00e9 \u00e0 4 000 euros     par commande     :  \n\u25e6 Pour la direction des affaires juridiques et de l'administration locale :\n\u25aa \u00e0 M. Jamal BENZIK , attach\u00e9 principal, chef du bureau des r\u00e9glementations, des  \n\u00e9lections et des associations, pour le programme 232.\nEn cas d'absence ou d'emp\u00eachement de M. Jamal BENZIK, d\u00e9l\u00e9gation est donn\u00e9e \u00e0 Mme  \nDelphine LOPEZ-PERSAT, attach\u00e9e, adjointe au chef de bureau, pour un montant limit\u00e9 \u00e0 800 euros.\n\u25aa \u00e0 M. Thibault PICHON-MATHIEU , attach\u00e9, chef du p\u00f4le juridique et documentaire,  \npour le programme 216-6.\n2/3\n69_Pr\u00e9f_Pr\u00e9fecture du Rh\u00f4ne - 69-2025-09-08-00005 - Arr\u00eat\u00e9 pr\u00e9fectoral portant autorisation de signature pour l'engagement\njuridique et la liquidation des d\u00e9penses hors programme 354 6\n\u2022 Pour un montant limit\u00e9 \u00e0 800 euros par commande     :  \n\u25e6 Pour la direction de la s\u00e9curit\u00e9 et de la protection civile :\n\u25aa \u00e0 Mme Carole ZMYSLONY, attach\u00e9e, cheffe du bureau de la s\u00e9curit\u00e9 routi\u00e8re, pour  \nle programme 207 (s\u00e9curit\u00e9 routi\u00e8re).\n\u25aa \u00e0 Mme Marie PAUGET , attach\u00e9e, cheffe du bureau pr\u00e9vention, pour le programme  \n161.\n\u25aa \u00e0  M.  Richard  WILPOTTE ,  attach\u00e9  principal,  chef  du  bureau  des  polices  \nadministratives,  pour  les  programmes  207  (commissions  m\u00e9dicales,  d\u00e9marches \ninterminist\u00e9rielles et communication) et 216 (affaires juridiques et contentieuses des \nexpulsions locatives).\n\u25aa XXX, adjoint au chef de bureau, chef de la section r\u00e9glementation \u00e0 caract\u00e8re  \ns\u00e9curitaire, pour les programmes 207 et 216.\n\u25aa \u00e0 Mme C\u00e9cile DAFFIX , secr\u00e9taire administrative de classe exceptionnelle, cheffe de  \nla section r\u00e9glementation routi\u00e8re, pour les programmes 207 et 216.\n\u2022 Pour la constatation du service fait en ce qui concerne les d\u00e9penses d'honoraires d'avocats  \nsur le programme 216 action 6 (affaires juridiques et contentieuses)\nEn cas d'absence ou d'emp\u00eachement de Mme Maud BESSON, d\u00e9l\u00e9gation est donn\u00e9e \u00e0 Mme  \nMaryke  LE  MOGNE,  attach\u00e9e  principale,  directrice  adjointe  des  migrations  et  de  l'int\u00e9gration, \nM. Patrick LAFABRIER, attach\u00e9 principal, chef du bureau des affaires g\u00e9n\u00e9rales et du contentieux, \u00e0  \nM.  Alexandre  FOREL,  attach\u00e9,  adjoint  au  chef  de  bureau,  chef  de  la  section  contentieux,  \u00e0 \nMme Val\u00e9rie IKANDAKPEYE, secr\u00e9taire administrative de classe sup\u00e9rieure, \u00e0 M. Bruno COLLET,  \nadjoint administratif, et \u00e0 M. Philippe ALCARAZ, adjoint administratif.\nArticle  2  : Le  pr\u00e9sent  arr\u00eat\u00e9  peut  faire  l'objet  d'un  recours  contentieux  devant  le  tribunal  \nadministratif  de  Lyon  dans  un  d\u00e9lai  de  deux  mois  \u00e0  compter  de  sa  publication.  Le  tribunal \nadministratif peut \u00eatre saisi d'une requ\u00eate d\u00e9pos\u00e9e sur le site www.telerecours.fr.\nArticle 3 :  Le pr\u00e9fet, secr\u00e9taire g\u00e9n\u00e9ral de la pr\u00e9fecture, pr\u00e9fet d\u00e9l\u00e9gu\u00e9 pour l'\u00e9galit\u00e9 des chances,  \nest charg\u00e9 de l'ex\u00e9cution du pr\u00e9sent arr\u00eat\u00e9 qui sera publi\u00e9 au recueil des actes administratifs de la  \npr\u00e9fecture du Rh\u00f4ne.\n3/3\nLa pr\u00e9f\u00e8te,\nSign\u00e9\nFabienne BUCCIO\n69_Pr\u00e9f_Pr\u00e9fecture du Rh\u00f4ne - 69-2025-09-08-00005 - Arr\u00eat\u00e9 pr\u00e9fectoral portant autorisation de signature pour l'engagement\njuridique et la liquidation des d\u00e9penses hors programme 354 7\n69_Pr\u00e9f_Pr\u00e9fecture du Rh\u00f4ne\n69-2025-09-08-00006\nArr\u00eat\u00e9 pr\u00e9fectoral portant d\u00e9l\u00e9gation de\nsignature aux agents de la pr\u00e9fecture\n69_Pr\u00e9f_Pr\u00e9fecture du Rh\u00f4ne - 69-2025-09-08-00006 - Arr\u00eat\u00e9 pr\u00e9fectoral portant d\u00e9l\u00e9gation de signature aux agents de la pr\u00e9fecture 8\nesPREFETEDU RHONELibert\u00e9Egalit\u00e9Fraternit\u00e9\nDirection de la coordination\ndes politiques interminist\u00e9rielles\nLyon, le 08 septembre 2025\nARR\u00caT\u00c9 PR\u00c9FECTORAL N\u00b0                                        \nportant d\u00e9l\u00e9gation de signature aux agents de la pr\u00e9fecture\nLA PR\u00c9F\u00c8TE DE LA R\u00c9GION AUVERGNE-RH\u00d4NE-ALPES,\nPR\u00c9F\u00c8TE DE LA ZONE DE D\u00c9FENSE ET DE S\u00c9CURIT\u00c9 SUD-EST,\nPR\u00c9F\u00c8TE DU RH\u00d4NE\nCommandeur de la L\u00e9gion d'honneur\nCommandeur de l'ordre national du M\u00e9rite\nVu la loi n\u00b0 82-213 du 2 mars 1982 modifi\u00e9e relative aux droits et libert\u00e9s des communes, des  \nd\u00e9partements et des r\u00e9gions ;\nVu la loi n\u00b0 92-125 du 6 f\u00e9vrier 1992 modifi\u00e9e relative \u00e0 l'administration territoriale de la R\u00e9publique ;\nVu la loi n\u00b0 2004-809 du 13 ao\u00fbt 2004 modifi\u00e9e relative aux libert\u00e9s et responsabilit\u00e9s locales ;\nVu le d\u00e9cret n\u00b0 2004-374 du 29 avril 2004 modifi\u00e9 relatif aux pouvoirs des pr\u00e9fets, \u00e0 l'organisation et \n\u00e0 l'action des services de l'\u00c9tat dans les r\u00e9gions et d\u00e9partements ;\nVu  le  d\u00e9cret  n\u00b0  2019-38  du  23  janvier  2019  relatif  aux  comp\u00e9tences  des  pr\u00e9fets  en  mati\u00e8re \nd'enregistrement de la demande d'asile et de mise en \u0153uvre des proc\u00e9dures relevant du r\u00e8glement  \ndu 26 juin 2013 dit \u00ab Dublin III \u00bb  et l'a rr\u00eat\u00e9 du 12 d\u00e9cembre 2018 portant r\u00e9gionalisation de la  \nproc\u00e9dure de d\u00e9termination de l'\u00c9tat responsable de l'examen de la demande d'asile dans la r\u00e9gion \nAuvergne-Rh\u00f4ne-Alpes ;\nVu le d\u00e9cret du  11 janvier 2023  en conseil des ministres portant nomination de Mme Fabienne  \nBUCCIO en qualit\u00e9 de pr\u00e9f\u00e8te de la r\u00e9gion Auvergne-Rh\u00f4ne-Alpes, pr\u00e9f\u00e8te de la zone de d\u00e9fense et  \nde s\u00e9curit\u00e9 Sud-Est, pr\u00e9f\u00e8te du Rh\u00f4ne (hors classe) ;\nVu le proc\u00e8s-verbal d'installation de Mme Fabienne BUCCIO en qualit\u00e9 de pr\u00e9f\u00e8te de la r\u00e9gion  \nAuvergne-Rh\u00f4ne-Alpes, pr\u00e9f\u00e8te de la zone de d\u00e9fense et de s\u00e9curit\u00e9 Sud-Est, pr\u00e9f\u00e8te du Rh\u00f4ne , \u00e0 \ncompter du 30 janvier 2023 ;\nVu le d\u00e9cret du 15 mai 2025 portant nomination du pr\u00e9fet, secr\u00e9taire g\u00e9n\u00e9ral de la pr\u00e9fecture du  \nRh\u00f4ne, pr\u00e9fet d\u00e9l\u00e9gu\u00e9 pour l'\u00e9galit\u00e9 des chances aupr\u00e8s de la pr\u00e9f\u00e8te de la r\u00e9gion Auvergne-Rh\u00f4ne-\nAlpes, pr\u00e9f\u00e8te de la zone de d\u00e9fense et de s\u00e9curit\u00e9 Sud-Est, pr\u00e9f\u00e8te du Rh\u00f4ne - M. Fabrice ROSAY ;\nVu  les  d\u00e9cisions  pr\u00e9fectorales  portant  affectation  des  personnels  au  sein  des  services  de  la \npr\u00e9fecture ;\nSur proposition du pr\u00e9fet, secr\u00e9taire g\u00e9n\u00e9ral de la pr\u00e9fecture du Rh\u00f4ne ;\n1/7\n69_Pr\u00e9f_Pr\u00e9fecture du Rh\u00f4ne - 69-2025-09-08-00006 - Arr\u00eat\u00e9 pr\u00e9fectoral portant d\u00e9l\u00e9gation de signature aux agents de la pr\u00e9fecture 9\nARR\u00caTE\nArticle 1  : D\u00e9l\u00e9gation de signature est donn\u00e9e aux directeurs et aux chefs de bureau d\u00e9sign\u00e9s  \nci-apr\u00e8s  \u00e0 l'effet  de  signer  d'une  mani\u00e8re  permanente  les  actes  administratifs,  \u00e9tablis  par  leur \ndirection,  ou  bureau,  \u00e0  l'exception  des  actes  \u00e0  caract\u00e8re  r\u00e9glementaire,  des  circulaires,  des \ninstructions g\u00e9n\u00e9rales et des correspondances destin\u00e9es aux \u00e9lus :\n\u2022 Mme Maud BESSON, directrice des migrations et de l'int\u00e9gration,\n\u2022 Mme Catherine M\u00c9RIC, directrice des affaires juridiques et de l'administration locale\n\u2022 M. Ernest MOUTOUSSAMY, directeur de la s\u00e9curit\u00e9 et de la protection civile,\n\u2022 M. St\u00e9phane TRONTIN, directeur de la coordination des politiques interminist\u00e9rielles,\n\u2022 M. Nordine SAOUDI, directeur du centre d'expertise et de ressources titres,\n\u2022 M. Chaouki AMARA, chef de cabinet,\n\u2022 M. Fabien DESPINASSE, chef du service r\u00e9gional de la communication interminist\u00e9rielle.\nArticle 2  : En cas d'absence ou d'emp\u00eachement des personnes cit\u00e9es \u00e0 l'article 1, d\u00e9l\u00e9gation de  \nsignature est donn\u00e9e aux agents dont les noms suivent, \u00e0 l'effet de signer la totalit\u00e9 des actes  \n\u00e9tablis  par  la  direction  dont  ils  d\u00e9pendent,  dans  leurs  domaines  de  comp\u00e9tence  respectifs,  \u00e0 \nl'exception des actes \u00e0 caract\u00e8re r\u00e9glementaire, des circulaires, des instructions g\u00e9n\u00e9rales et des  \ncorrespondances destin\u00e9es aux \u00e9lus :\nDIRECTION DES MIGRATIONS ET DE L'INT\u00c9GRATION\n\u2022 Mme  Maryke  LE  MOGNE,  attach\u00e9e  principale,  directrice  adjointe  des  migrations  et  de \nl'int\u00e9gration,\n\u2022 Mme Margaux LARUE, attach\u00e9e principale, cheffe du bureau de l'accueil et de l'admission au \ns\u00e9jour,\n\u2022 Mme Aude SIGNOUREL, attach\u00e9e principale, cheffe du bureau des examens sp\u00e9cialis\u00e9s,\n\u2022 Mme G\u00e9raldine SEMOULIN, attach\u00e9e principale, cheffe du bureau de l'\u00e9loignement,\n\u2022 Mme Anna EUZET, attach\u00e9e principale,  cheffe du bureau de l'asile et de l'h\u00e9bergement -  \nguichet unique des demandeurs d'asile de Lyon,\n\u2022 M.  Patrick  LAFABRIER,  attach\u00e9  principal,  chef  du  bureau  des  affaires  g\u00e9n\u00e9rales  et  du \ncontentieux,\n\u2022 M.  Olivier  VERCASSON,  attach\u00e9  principal,  responsable  de  la  plateforme  \ninterd\u00e9partementale des naturalisations,\n\u2022 Mme Jessica PERON, attach\u00e9e, cheffe du p\u00f4le r\u00e9gional Dublin.\nDIRECTION DES AFFAIRES JURIDIQUES ET DE L'ADMINISTRATION LOCALE\n\u2022 Mme Agn\u00e8s RAICHL, attach\u00e9e principale, cheffe du bureau de l'urbanisme et de l'utilit\u00e9  \npublique,\n\u2022 M. Jamal BENZIK , attach\u00e9 principal, chef du bureau des r\u00e9glementations, des \u00e9lections et  \ndes associations,\n\u2022 Mme A\u00efda CHAMBE, attach\u00e9e, cheffe du bureau du contr\u00f4le budg\u00e9taire et des dotations de \nl'\u00c9tat,\n\u2022 M. Bastien MORIN, attach\u00e9, chef du bureau du contr\u00f4le de l\u00e9galit\u00e9 et de l'intercommunalit\u00e9,\n\u2022 M. Thibault PICHON-MATHIEU, attach\u00e9, chef du p\u00f4le juridique.\nDIRECTION DE LA S\u00c9CURIT\u00c9 ET DE LA PROTECTION CIVILE\n\u2022 M. Emmanuel BERNE, ing\u00e9nieur divisionnaire, chef du service interminist\u00e9riel de d\u00e9fense et  \nde protection civiles,\n\u2022 M. Richard WILPOTTE attach\u00e9 principal, chef du bureau des polices administratives,\n\u2022 Mme Sylvia LEGRIS, attach\u00e9e, cheffe du bureau de la planification, de la d\u00e9fense et des  \nrisques sanitaires,\n2/7\n69_Pr\u00e9f_Pr\u00e9fecture du Rh\u00f4ne - 69-2025-09-08-00006 - Arr\u00eat\u00e9 pr\u00e9fectoral portant d\u00e9l\u00e9gation de signature aux agents de la pr\u00e9fecture 10\n\u2022 Mme Marie PAUGET, attach\u00e9e, cheffe du bureau de la pr\u00e9vention,\n\u2022 Mme Carole ZMYSLONY, attach\u00e9e, cheffe du bureau de la s\u00e9curit\u00e9 routi\u00e8re.\nDIRECTION DE LA COORDINATION DES POLITIQUES INTERMINIST\u00c9RIELLES\n\u2022 Mme  Sandrine  CANDELA,  attach\u00e9e  principale,  cheffe  du  centre  de  services  partag\u00e9s \nr\u00e9gional CHORUS (CSPR),\n\u2022 Mme Fran\u00e7oise CONRAD, attach\u00e9e principale, cheffe de la mission d'appui territorial.\nCENTRE D'EXPERTISE ET DE RESSOURCES DES TITRES PERMIS DE CONDUIRE\n\u2022 Mme  Nadine  CHANAVAT,  attach\u00e9e,  adjointe  au  directeur  du  CERT,  cheffe  du  p\u00f4le \ninstruction.\nArticle 3 : Sans pr\u00e9judice des dispositions de l'article 1 er, d\u00e9l\u00e9gation de signature est donn\u00e9e \u00e0 Mme  \nMaud BESSON, directrice des migrations et de l'int\u00e9gration, \u00e0 l'effet de signer :\n\u2022 les  d\u00e9cisions  concernant  l'aide  sociale  en  mati\u00e8re  d'h\u00e9bergement  pour  les  demandeurs \nd'asile et les r\u00e9fugi\u00e9s ;\n\u2022 les d\u00e9cisions concernant l'orientation, l'admission ou la sortie d'un centre d'accueil pour  \ndemandeurs d'asile ou d'un centre provisoire d'h\u00e9bergement ;\n\u2022 tout  courrier  pr\u00e9paratoire  \u00e0  la  signature  de  conventions  avec  les  associations  priv\u00e9es, \ncentres  communaux  d'action  sociale,  municipalit\u00e9s,  pour  l'octroi  des  cr\u00e9dits  destin\u00e9s  \u00e0 \nl'action  sociale  en  faveur  des  demandeurs  d'asile,  des  r\u00e9fugi\u00e9s  et  des  \u00e9trangers  primo-\narrivants ;\n\u2022 les d\u00e9cisions et conventions avec les associations priv\u00e9es pour l'octroi de cr\u00e9dits destin\u00e9s \u00e0  \nl'action  sociale  en  faveur  des  demandeurs  d'asile,  des  r\u00e9fugi\u00e9s  et  des  \u00e9trangers  primo-\narrivants ;\n\u2022 les proc\u00e9dures et d\u00e9cisions de tarification des \u00e9tablissements sociaux d'h\u00e9bergement pour  \ndemandeurs d'asile et r\u00e9fugi\u00e9s (centre de transit, CADA et CPH) ;\n\u2022 les requ\u00eates introductives d'instance, m\u00e9moires en d\u00e9fense et actes d'ex\u00e9cution relatifs \u00e0 la  \nproc\u00e9dure d'expulsion des structures d'h\u00e9bergement en mati\u00e8re de r\u00e9f\u00e9r\u00e9s mesures-utiles.\nArticle 4 : En cas d'absence ou d'emp\u00eachement de Mme Maud BESSON, d\u00e9l\u00e9gation de signature est \ndonn\u00e9e \u00e0 l'effet de signer les actes vis\u00e9s \u00e0 l'article 3, \u00e0 : \n\u2022 Mme  Maryke  LE  MOGNE,  attach\u00e9e  principale,  directrice  adjointe  des  migrations  et  de \nl'int\u00e9gration,\n\u2022 Mme Anna EUZET, attach\u00e9e principale,  cheffe du bureau de l'asile et de l'h\u00e9bergement -  \nguichet unique des demandeurs d'asile de Lyon,\nArticle 5 : D\u00e9l\u00e9gation de signature est donn\u00e9e \u00e0 Mme Maud BESSON, directrice des migrations et de \nl'int\u00e9gration, \u00e0 l'effet de signer de mani\u00e8re permanente les actes de saisine, les m\u00e9moires et les  \nrequ\u00eates en premi\u00e8re instance et en appel aupr\u00e8s des diff\u00e9rents ordres de juridiction en mati\u00e8re  \nd'entr\u00e9e, de s\u00e9jour des \u00e9trangers et du droit d'asile, et en mati\u00e8re de contentieux y aff\u00e9rent.\nArticle 6 : En cas d'absence ou d'emp\u00eachement de Mme Maud BESSON, d\u00e9l\u00e9gation de signature est \ndonn\u00e9e \u00e0 l'effet de signer les actes vis\u00e9s \u00e0 l'article 5, \u00e0  :\n\u2022 Mme  Maryke  LE  MOGNE,  attach\u00e9e  principale,  directrice  adjointe  des  migrations  et  de \nl'int\u00e9gration,\n\u2022 M.  Patrick  LAFABRIER,  attach\u00e9  principal,  chef  du  bureau  des  affaires  g\u00e9n\u00e9rales  et  du \ncontentieux,\n3/7\n69_Pr\u00e9f_Pr\u00e9fecture du Rh\u00f4ne - 69-2025-09-08-00006 - Arr\u00eat\u00e9 pr\u00e9fectoral portant d\u00e9l\u00e9gation de signature aux agents de la pr\u00e9fecture 11\n\u2022 M.  Alexandre  FOREL,  attach\u00e9,  adjoint  au  chef  de  bureau  des  affaires  g\u00e9n\u00e9rales  et  du \ncontentieux, chef de la section contentieux,\n\u2022 Mme G\u00e9raldine SEMOULIN, attach\u00e9e principale, cheffe du bureau de l'\u00e9loignement,\n\u2022 M. Fr\u00e9d\u00e9ric DEHEUNYNCK, d\u00e9l\u00e9gu\u00e9 principal au permis de conduire et \u00e0 la s\u00e9curit\u00e9 routi\u00e8re, \nadjoint \u00e0 la cheffe du bureau de l'\u00e9loignement,\n\u2022 M. Joris ARNAUDIES, attach\u00e9, adjoint \u00e0 la cheffe du bureau de l'\u00e9loignement.\nArticle 7 : D\u00e9l\u00e9gation de signature est donn\u00e9e \u00e0 Mme Maud BESSON, directrice des migrations et de \nl'int\u00e9gration, \u00e0 l'effet de signer de mani\u00e8re permanente les mesures aff\u00e9rentes au transfert des  \ndemandeurs d'asile plac\u00e9s sous proc\u00e9dure Dublin et ce, \u00e0 l'\u00e9chelle r\u00e9gionale, ainsi que les mesures  \nd'ex\u00e9cution  \u00e9ventuelles  telles  que  les  d\u00e9cisions  d'assignation  \u00e0  r\u00e9sidence  et  de  placement  en \nr\u00e9tention, les m\u00e9moires et les requ\u00eates en premi\u00e8re instance et en appel aupr\u00e8s des diff\u00e9rents  \nordres de juridiction relatifs \u00e0 la proc\u00e9dure Dublin.\nArticle 8 : En cas d'absence ou d'emp\u00eachement de Mme Maud BESSON, d\u00e9l\u00e9gation de signature est \ndonn\u00e9e \u00e0 l'effet de signer les actes vis\u00e9s \u00e0 l'article 7 , \u00e0 :\n\u2022 Mme  Maryke  LE  MOGNE,  attach\u00e9e  principale,  directrice  adjointe  des  migrations  et  de \nl'int\u00e9gration,\n\u2022 Mme Jessica PERON, attach\u00e9e, cheffe du p\u00f4le r\u00e9gional Dublin,\n\u2022 Mme Cl\u00e9mentine ELONGBIL EWANE, attach\u00e9e, adjointe \u00e0 la cheffe du p\u00f4le r\u00e9gional Dublin,  \nchef de la section instruction,\n\u2022 M. Nicolas MUGUET, secr\u00e9taire administratif de classe normale, chef de la section accueil au \np\u00f4le r\u00e9gional Dublin,\n\u2022 Mme Marine BIANCO, secr\u00e9taire administrative de classe normale au p\u00f4le r\u00e9gional Dublin,\n\u2022 Mme G\u00e9raldine SEMOULIN, attach\u00e9e principale, cheffe du bureau de l'\u00e9loignement,\n\u2022 M. Fr\u00e9d\u00e9ric DEHEUNYNCK, d\u00e9l\u00e9gu\u00e9 principal au permis de conduire et \u00e0 la s\u00e9curit\u00e9 routi\u00e8re, \nadjoint \u00e0 la cheffe du bureau de l'\u00e9loignement,\n\u2022 M. Joris ARNAUDIES, attach\u00e9, adjoint \u00e0 la cheffe du bureau de l'\u00e9loignement.\nArticle  9 : Sans  pr\u00e9judice  des  dispositions  de  l'article  1, d\u00e9l\u00e9gation  de  signature  est  plus \nparticuli\u00e8rement  donn\u00e9e  \u00e0  Mme  Catherine  M\u00c9RIC,  directrice  des  affaires  juridiques  et  de \nl'administration locale, \u00e0 l'effet de signer :\nEn mati\u00e8re d'actes r\u00e9glementaires (par d\u00e9rogation \u00e0 l'article 1) :\n\u2022 les conventions de t\u00e9l\u00e9transmissions des actes et leurs avenants ;\n\u2022 les  arr\u00eat\u00e9s  fixant  la  composition  des  commissions  d\u00e9partementales  d'am\u00e9nagement \ncommercial (CDAC) ;\n\u2022 les  arr\u00eat\u00e9s  fixant  la  composition  des  commissions  d\u00e9partementales  d'am\u00e9nagement \ncin\u00e9matographique (CDACi) ;\n\u2022 les arr\u00eat\u00e9s portant habilitation des organismes en application du III de l'article L. 752-6 et de \nl'article L.752-23 du code de commerce ;\n\u2022 les actes relatifs \u00e0 la r\u00e9glementation fun\u00e9raire ;\n\u2022 les actes relatifs \u00e0 la domiciliation d'entreprises ;\n\u2022 les arr\u00eat\u00e9s fixant le taux des indemnit\u00e9s repr\u00e9sentatives de logement des instituteurs (IRL).\nEn mati\u00e8re de correspondances destin\u00e9es aux \u00e9lus (par d\u00e9rogation \u00e0 l'article 1) :\n\u2022 les accus\u00e9s de r\u00e9ception et les demandes de pi\u00e8ces compl\u00e9mentaires adress\u00e9es aux maires  \ndans le cadre du contr\u00f4le de l\u00e9galit\u00e9 et budg\u00e9taire, \u00e0 l'exception des lettres d'observation et \np\u00e9dagogique, des recours gracieux, et des requ\u00eates et m\u00e9moires en d\u00e9f\u00e9r\u00e9 ;\n\u2022 les actes et correspondances relatifs \u00e0 l'examen conjoint des dispositions propos\u00e9es pour  \nassurer la mise en compatibilit\u00e9 des documents d'urbanisme pr\u00e9vu aux articles L 143-44 et L  \n153-54 du code de l'urbanisme.\n4/7\n69_Pr\u00e9f_Pr\u00e9fecture du Rh\u00f4ne - 69-2025-09-08-00006 - Arr\u00eat\u00e9 pr\u00e9fectoral portant d\u00e9l\u00e9gation de signature aux agents de la pr\u00e9fecture 12\nEn mati\u00e8re d'actes individuels (liste indicative non exhaustive) :\n\u2022 les arr\u00eat\u00e9s d'indemnisation des commissaires enqu\u00eateurs ;\n\u2022 les r\u00e9c\u00e9piss\u00e9s d\u00e9finitifs d'enregistrement de candidatures pour le second tour des \u00e9lections  \nmunicipales,  d\u00e9partementales,  m\u00e9tropolitaines,  r\u00e9gionales  et  l\u00e9gislatives  g\u00e9n\u00e9rales  et \npartielles ;\n\u2022 les d\u00e9rogations au d\u00e9lai d'inhumation et de cr\u00e9mation, les transports de corps et d'urnes  \nfun\u00e9raires, et les laissez-passer mortuaires ;\n\u2022 les r\u00e9c\u00e9piss\u00e9s de d\u00e9claration de revendeurs d'objets mobiliers ;\n\u2022 les cartes de guide conf\u00e9rencier et les titres de ma\u00eetre restaurateur.\nArticle 10 : En cas d'absence ou d'emp\u00eachement de Mme Catherine M\u00c9RIC, d\u00e9l\u00e9gation de signature \nest donn\u00e9e, \u00e0 l'effet de signer les actes vis\u00e9s \u00e0 l'article 9 dans leurs domaines de comp\u00e9tence  \nrespectifs, \u00e0 :\n\u2022 Mme Agn\u00e8s RAICHL, attach\u00e9e principale , cheffe du bureau de l'urbanisme et de l'utilit\u00e9  \npublique,\n\u2022 M. Youssef BELLAHBIB, attach\u00e9 principal, adjoint \u00e0 la cheffe  de bureau de l'urbanisme et de  \nl'utilit\u00e9 publique,\n\u2022 Mme Ouarda BELAHCENE, attach\u00e9e, adjointe \u00e0 la cheffe de bureau de l'urbanisme et de  \nl'utilit\u00e9 publique,\n\u2022 M. Jamal BENZIK, attach\u00e9 principal, chef du bureau des r\u00e9glementations, des \u00e9lections et  \ndes associations,\n\u2022 Mme Delphine LOPEZ-PERSAT, attach\u00e9e, adjointe au chef du bureau des r\u00e9glementations,  \ndes \u00e9lections et des associations,\n\u2022 Mme A\u00efda CHAMBE, attach\u00e9e, cheffe du bureau du contr\u00f4le budg\u00e9taire et des dotations de  \nl'\u00c9tat,\n\u2022 M.  S\u00e9bastien  GAUDERAT,  attach\u00e9  principal,  adjoint  \u00e0  la  cheffe  de  bureau  du  contr\u00f4le \nbudg\u00e9taire et des dotations de l'\u00c9tat,\n\u2022 M. Bastien MORIN, attach\u00e9, chef du bureau du contr\u00f4le de l\u00e9galit\u00e9 et de l'intercommunalit\u00e9,\n\u2022 M. Thibault PICHON-MATHIEU, attach\u00e9, chef du p\u00f4le juridique,\n\u2022 M. Robin DESCOMBES, attach\u00e9, adjoint au chef du p\u00f4le juridique.\nArticle  11 : D\u00e9l\u00e9gation  est  donn\u00e9e  pour  la  signature  des  documents  vis\u00e9s  \u00e0  l'article  1er en  cas \nd'absence ou d'emp\u00eachement :\nDIRECTION DES MIGRATIONS ET DE L'INT\u00c9GRATION\n\u2022 de  Mme  Margaux  LARUE,  attach\u00e9e  principale,  cheffe  du  bureau  de  l'accueil  et  de \nl'admission au s\u00e9jour, \u00e0 :\n\u25e6 Mme  C\u00e9line  MEYRAND,  attach\u00e9e,  adjointe  \u00e0  la  cheffe  de  bureau  de  l'accueil  et  de \nl'admission au s\u00e9jour, cheffe de la section motifs professionnels,\n\u25e6 M. Adrien LHEUREUX, attach\u00e9 principal, chef de la section accueil et d\u00e9marches rapides,\n\u25e6 M. Ivan SABATIER, secr\u00e9taire administratif de classe exceptionnelle, chef de la section  \nfamille et vuln\u00e9rabilit\u00e9s.\nPar ailleurs, pour la signature de certains documents vis\u00e9s \u00e0 l'article 1 er, \u00e0 savoir les attestations de  \nremboursement de timbres fiscaux, les d\u00e9cisions de d\u00e9livrance de titres de s\u00e9jour, les d\u00e9cisions de  \nrefus simple de d\u00e9livrance de cartes de r\u00e9sidents et les d\u00e9cisions de refus de d\u00e9p\u00f4t de demandes  \nde titre de s\u00e9jour, d\u00e9l\u00e9gation est donn\u00e9e en cas d'absence ou d'emp\u00eachement de Mme C\u00e9line  \nMEYRAND, attach\u00e9e, adjointe \u00e0 la cheffe de bureau de l'accueil et de l'admission au s\u00e9jour, cheffe  \nde la section motifs professionnels, de M. Adrien LHEUREUX, attach\u00e9 principal, chef de la section  \naccueil  et  d\u00e9marches  rapides  et  de  M.  Ivan  SABATIER,  secr\u00e9taire  administratif  de  classe \nexceptionnelle, chef de la section famille et vuln\u00e9rabilit\u00e9s, \u00e0 :\n5/7\n69_Pr\u00e9f_Pr\u00e9fecture du Rh\u00f4ne - 69-2025-09-08-00006 - Arr\u00eat\u00e9 pr\u00e9fectoral portant d\u00e9l\u00e9gation de signature aux agents de la pr\u00e9fecture 13\n\u25aa M.  Thomas  COURTAUD,  secr\u00e9taire  administratif  de  classe  normale,  adjoint  \u00e0  la \ncheffe de la section motifs professionnels,\n\u25aa Mme  Aline  LESPAGNOL-RIZZI,  secr\u00e9taire  administrative  de  classe  exceptionnelle, \nadjointe au chef de section accueil et d\u00e9marches rapides,\n\u25aa Mme Magdalena CORNECI, secr\u00e9taire administrative de classe sup\u00e9rieure, adjointe  \nau chef de section famille et vuln\u00e9rabilit\u00e9s.\n\u2022 de Mme Aude SIGNOUREL , attach\u00e9e principale, cheffe du bureau des examens sp\u00e9cialis\u00e9s,  \n\u00e0 :\n\u25e6 M. Omar HABI, attach\u00e9, adjoint \u00e0 la cheffe de bureau,\n\u25e6 Mme  Isabelle  FETROT-FAVROT,  secr\u00e9taire  administrative  de  classe  exceptionnelle, \nadjointe \u00e0 la cheffe de bureau,\n\u2022 de Mme G\u00e9raldine SEMOULIN, attach\u00e9e principale, cheffe du bureau de l'\u00e9loignement, \u00e0 :\n\u25e6 M. Fr\u00e9d\u00e9ric DEHEUNYNCK, d\u00e9l\u00e9gu\u00e9 principal au permis de conduire et \u00e0 la s\u00e9curit\u00e9  \nrouti\u00e8re, adjoint \u00e0 la cheffe du bureau de l'\u00e9loignement,\n\u25e6 M. Joris ARNAUDIES, attach\u00e9, adjoint \u00e0 la cheffe du bureau de l'\u00e9loignement.\n\u2022 de Mme Anna EUZET, attach\u00e9e principale, cheffe du bureau de l'asile et de l'h\u00e9bergement -  \nguichet unique des demandeurs d'asile de Lyon, \u00e0 :\n\u25e6 Mme Anne-Laure ZERR, attach\u00e9e, cheffe de la section instruction,\n\u25e6 Mme Ingrid DELAHAYE, attach\u00e9e, cheffe de la section accueil,\n\u25e6 Mme Carole SOULARD, secr\u00e9taire administrative de classe exceptionnelle, adjointe \u00e0 la  \ncheffe de section accueil.\n\u2022 de M. Patrick LAFABRIER , attach\u00e9 principal, chef du bureau des affaires g\u00e9n\u00e9rales et du  \ncontentieux, \u00e0 :\n\u25e6 M. Alexandre FOREL, attach\u00e9, adjoint au chef de bureau, chef de la section contentieux,\n\u25e6 Mme M\u00e9ry-Pierre LEROY, secr\u00e9taire administrative de classe exceptionnelle, cheffe de la  \nsection relation avec les usagers,\n\u25e6 M.  MEDDOUR  Amar,  secr\u00e9taire  administratif  de  classe  normale,  chef  de  la  section \naffaires g\u00e9n\u00e9rales.\n\u2022 de  M.  Olivier  VERCASSON ,  attach\u00e9  principal,  responsable  de  la  plateforme  \ninterd\u00e9partementale des naturalisations, \u00e0 :\n\u25e6 Mme  Magali  DONNET,  attach\u00e9e ,  adjointe  au  responsable  de  la  plateforme  \ninterd\u00e9partementale des naturalisations.\n\u2022 de Mme Jessica PERON, attach\u00e9e, cheffe du p\u00f4le r\u00e9gional Dublin, \u00e0 :\n\u25e6 Mme Cl\u00e9mentine ELONGBIL EWANE, attach\u00e9e, adjointe \u00e0 la cheffe de p\u00f4le, cheffe de la  \nsection instruction,\n\u25e6 M.  Nicolas  MUGUET,  secr\u00e9taire  administratif  de  classe  normale,  chef  de  la  section \naccueil au p\u00f4le r\u00e9gional Dublin,\n\u25e6 Mme  Marine  BIANCO,  secr\u00e9taire  administrative  de  classe  normale  au  p\u00f4le  r\u00e9gional \nDublin.\nDIRECTION DE LA S\u00c9CURIT\u00c9 ET DE LA PROTECTION CIVILE\n\u2022 de M. Richard WILPOTTE, attach\u00e9 principal, chef du bureau des polices administratives, \u00e0 :\n\u25e6 XXX, adjoint au chef de bureau,\n\u25e6 Mme C\u00e9cile DAFFIX, secr\u00e9taire administrative de classe exceptionnelle, cheffe de la  \nsection r\u00e9glementation routi\u00e8re.\n6/7\n69_Pr\u00e9f_Pr\u00e9fecture du Rh\u00f4ne - 69-2025-09-08-00006 - Arr\u00eat\u00e9 pr\u00e9fectoral portant d\u00e9l\u00e9gation de signature aux agents de la pr\u00e9fecture 14\nPar ailleurs, pour la signature de certains documents vis\u00e9s \u00e0 l'article 1 er, \u00e0 savoir les actes relatifs aux \nsous-commissions  issues  de  la  commission  consultative  d\u00e9partementale  de  s\u00e9curit\u00e9  et  \nd'accessibilit\u00e9  (CCDSA),  d\u00e9l\u00e9gation  est  donn\u00e9e  en  cas  d'absence  ou  d'emp\u00eachement  de  \nM. Emmanuel  BERNE,  ing\u00e9nieur  divisionnaire,  chef  du  service  interminist\u00e9riel  de  d\u00e9fense  et  de \nprotection civiles et de Mme Marie PAUGET, attach\u00e9e, cheffe du bureau de la pr\u00e9vention, \u00e0 :\n\u25aa Mme Mathilde VIRAT, secr\u00e9taire administrative de classe normale, charg\u00e9e du suivi  \nde  la  commission  s\u00e9curit\u00e9  incendie  /  r\u00e9glementation  ERP/IGH,  de  la  commission \nconsultative d\u00e9partementale de s\u00e9curit\u00e9 et d'accessibilit\u00e9,\n\u25aa Mme  Chlo\u00e9  GAYET,  contractuelle  de  cat\u00e9gorie  B,  charg\u00e9e  du  suivi  des  sous-\ncommissions de s\u00e9curit\u00e9.\nDIRECTION DE LA COORDINATION DES POLITIQUES INTERMINIST\u00c9RIELLES\n\u2022 de Mme Sandrine CANDELA , attach\u00e9e  principale, cheffe du centre de services partag\u00e9s  \nr\u00e9gional CHORUS (CSPR), \u00e0 :\n\u25e6 M. Jean-Luc BUCHSBAUM, attach\u00e9, adjoint \u00e0 la cheffe du centre de services partag\u00e9s  \nr\u00e9gional Chorus et chef de la section subventions et recettes,\n\u25e6 Mme Aur\u00e9lie HOARAU, attach\u00e9e, cheffe de la section d\u00e9penses de fonctionnement et  \nresponsables des demandes de paiement,\n\u25e6 M. Franck BEQIRAJ, attach\u00e9, chef de la section d\u00e9penses sur march\u00e9s,\n\u25e6 Mme G\u00e9raldine GRANGE, attach\u00e9e, charg\u00e9e de mission,\n\u25e6 Mme V\u00e9ronique REYNAUD, secr\u00e9taire administrative de classe sup\u00e9rieure, responsable  \ndes prestations financi\u00e8res,\n\u25e6 Mme Sylvie BOUCHAKER, adjointe administrative principale de 2 \u00e8me classe, responsable \ndes engagements juridiques,\n\u25e6 Mme Isabelle PEILLON, adjointe administrative principale de 1 \u00e8re classe, responsable des  \ndemandes de paiement.\nCABINET DE LA PR\u00c9F\u00c8TE DE R\u00c9GION, PR\u00c9F\u00c8TE DU RH\u00d4NE\n\u2022 M. Chaouki AMARA, attach\u00e9 principal, chef de cabinet, \u00e0 :\n\u25e6 Mme May KARMY, attach\u00e9e, adjointe au chef de cabinet ;\nArticle  12  : Le  pr\u00e9sent  arr\u00eat\u00e9  peut  faire  l'objet  d'un  recours  contentieux  devant  le  tribunal \nadministratif  de  Lyon  dans  un  d\u00e9lai  de  deux  mois  \u00e0  compter  de  sa  publication.  Le  tribunal \nadministratif peut \u00eatre saisi d'une requ\u00eate d\u00e9pos\u00e9e sur le site www.telerecours.fr.\nArticle 13 :  Le pr\u00e9fet, secr\u00e9taire g\u00e9n\u00e9ral de la pr\u00e9fecture, pr\u00e9fet d\u00e9l\u00e9gu\u00e9 pour l'\u00e9galit\u00e9 des chances,  \nest charg\u00e9 de l'ex\u00e9cution du pr\u00e9sent arr\u00eat\u00e9 qui sera publi\u00e9 au recueil des actes administratifs de la  \npr\u00e9fecture du Rh\u00f4ne.\n7/7\nLa pr\u00e9f\u00e8te,\nSign\u00e9\nFabienne BUCCIO\n69_Pr\u00e9f_Pr\u00e9fecture du Rh\u00f4ne - 69-2025-09-08-00006 - Arr\u00eat\u00e9 pr\u00e9fectoral portant d\u00e9l\u00e9gation de signature aux agents de la pr\u00e9fecture 15\n69_Pr\u00e9f_Pr\u00e9fecture du Rh\u00f4ne\n69-2025-09-09-00002\nArr\u00eat\u00e9 Pr\u00e9fectoral du 9 septembre 2025  portant\nautorisations de mesures de palpations gares du\nRh\u00f4ne du 9 au 18 septembre 2025\n69_Pr\u00e9f_Pr\u00e9fecture du Rh\u00f4ne - 69-2025-09-09-00002 - Arr\u00eat\u00e9 Pr\u00e9fectoral du 9 septembre 2025  portant autorisations de mesures de\npalpations gares du Rh\u00f4ne du 9 au 18 septembre 2025 16\nesPREFETEDU RHONELibert\u00e9Egalit\u00e9Fraternit\u00e9\nPr\u00e9fecture\nDirection de la s\u00e9curit\u00e9 et de la protection civile\nBureau des polices administratives\nARR\u00caT\u00c9 PR\u00c9FECTORAL\nportant autorisations de mesures de palpations dans certaines gares du Rh\u00f4ne\ndu 09/09/2025 au 18/09/2025\nLA PR\u00c9F\u00c8TE DU RH\u00d4NE\nCommandeur de la L\u00e9gion d'honneur\nCommandeur de l'ordre national du M\u00e9rite\nVU le code de la s\u00e9curit\u00e9 int\u00e9rieure, notamment son article L 613-2;\nVU le code des transports, notamment son article L2251-9;\nVU le d\u00e9cret n\u00b02004-374 du 29 avril 2004 modifi\u00e9 relatif aux pouvoirs des pr\u00e9fets, \u00e0 l'organisation et \u00e0\nl'action des services de l'\u00c9tat dans les r\u00e9gions et d\u00e9partements ;\nVU le d\u00e9cret du 11 janvier 2023 portant nomination de Mme Fabienne BUCCIO en qualit\u00e9 de pr\u00e9f\u00e8te de\nla r\u00e9gion Auvergne-Rh\u00f4ne-Alpes, pr\u00e9f\u00e8te de la zone de d\u00e9fense et de s\u00e9curit\u00e9 Sud-Est, pr\u00e9fet du Rh\u00f4ne\n(hors classe) ;\nVU le d\u00e9cret du 6 novembre 2024 portant nomination de Monsieur Antoine GUERIN, pr\u00e9fet d\u00e9l\u00e9gu\u00e9 pour\nla d\u00e9fense et la s\u00e9curit\u00e9 aupr\u00e8s de la pr\u00e9f\u00e8te de la r\u00e9gion Auvergne-Rh\u00f4ne-Alpes, pr\u00e9f\u00e8te de la zone de\nd\u00e9fense et de s\u00e9curit\u00e9 Sud-Est, pr\u00e9f\u00e8te du Rh\u00f4ne ;\nVU l'arr\u00eat\u00e9 pr\u00e9fectoral n\u00b069-2024-11-15-00001 du 15 novembre 2024 portant d\u00e9l\u00e9gation de signature \u00e0\nMonsieur Antoine GUERIN, pr\u00e9fet d\u00e9l\u00e9gu\u00e9 pour la d\u00e9fense et la s\u00e9curit\u00e9 aupr\u00e8s de la pr\u00e9f\u00e8te de la r\u00e9gion\nAuvergne-Rh\u00f4ne-Alpes, pr\u00e9f\u00e8te de la zone de d\u00e9fense et de s\u00e9curit\u00e9 Sud-Est, pr\u00e9f\u00e8te du Rh\u00f4ne ;\nVU la demande de la SNCF du 5 septembre 2025 formul\u00e9e par la SNCF, sollicitant l'autorisation de faire\neffectuer des palpations de s\u00e9curit\u00e9 par les personnels de son service interne de s\u00e9curit\u00e9 ;\nCONSID\u00c9RANT  la pr\u00e9gnance et le niveau \u00e9lev\u00e9 de la menace terroriste sur le plan national   et les\nmanifestations pr\u00e9vues entre le 9 et 18 septembre 2025 ;\nCONSID\u00c9RANT  que  la  ville  de  Lyon  accueille  chaque  ann\u00e9e  de  nombreux  touristes  et  plus\nparticuli\u00e8rement en fin d'ann\u00e9e (2 \u00e0 3 millions de touristes en d\u00e9cembre) ;\nCONSID\u00c9RANT  sa  situation  au  coeur  d'un  site  class\u00e9  UNESCO,  son  exposition  m\u00e9diatique,  son\ninterconnexion aux r\u00e9seaux sociaux et ses symboles notamment religieux exposent la ville \u00e0 une risque\nd'actes terroristes ;\n   Pr\u00e9fecture du Rh\u00f4ne \n  69419 Lyon cedex 03\n   04 72 61 61 61\n   www.rhone.gouv.fr 1/2\n69_Pr\u00e9f_Pr\u00e9fecture du Rh\u00f4ne - 69-2025-09-09-00002 - Arr\u00eat\u00e9 Pr\u00e9fectoral du 9 septembre 2025  portant autorisations de mesures de\npalpations gares du Rh\u00f4ne du 9 au 18 septembre 2025 17\nCONSID\u00c9RANT qu'il est n\u00e9cessaire de garantir une s\u00e9curit\u00e9 pour tous les voyageurs lors de ces p\u00e9riodes\nde fort trafic ; \nCONSID\u00c9RANT que les circonstances particuli\u00e8res sont justifi\u00e9es dans les gares, stations, arr\u00eats et dans\nles v\u00e9hicules de transport affect\u00e9s aux passagers de la SNCF situ\u00e9s dans le Rh\u00f4ne ;\nSUR PROPOSITION de Monsieur le directeur de la s\u00e9curit\u00e9 et de la protection civile ;\nARR\u00caTE\n Article 1  er   :   les circonstances particuli\u00e8res susvis\u00e9es justifient,  du 09 septembre 2025 d\u00e8s 8 h au\n18 septembre 2025 minuit, le recours aux mesures de palpations de s\u00e9curit\u00e9 pr\u00e9vues \u00e0 l'article 613-2 du\ncode de la s\u00e9curit\u00e9 int\u00e9rieure dans les gares, stations, arr\u00eat\u00e9s et v\u00e9hiculent de transport relevant de la\nSNCF dans les limites du d\u00e9partement du Rh\u00f4ne, ainsi que dans les lieux indiqu\u00e9s ci-dessous :\n-gare de Perrache, 14 cours de Verdun 69002 Lyon,\n-gare de la Part-Dieu, 5 place Charles B\u00e9raudier, 69003 Lyon,\n-gare Saint-Paul, 11 bis place Saint-Paul 69005 Lyon ,\n-gare Jean Mac\u00e9, place Jean Mac\u00e9 69007 Lyon\n-gare Gorge de Loup rue du professeur Gu\u00e9rin 69009 Lyon,\ngare Saint-Exupery, \u00e0 Colombier Saugnieu. \nArticle 2 : La palpation de s\u00e9curit\u00e9   doit \u00eatre faite par une personne de m\u00eame sexe que la personne qui en\nfait l'objet, avec son consentement expr\u00e8s. Cette palpation est r\u00e9alis\u00e9e par les agents internes de s\u00e9curit\u00e9\nde la SNCF pour la p\u00e9riode mentionn\u00e9e \u00e0 l'article 1er.\nArticle 3  : Le directeur du service g\u00e9n\u00e9ral de la SNCF,  le directeur interd\u00e9partemental de la s\u00e9curit\u00e9\npublique du Rh\u00f4ne, la colonelle commandant du groupement de gendarmerie du Rh\u00f4ne sont charg\u00e9s\nchacun  en ce qui  le  concerne  de  l'ex\u00e9cution  du  pr\u00e9sent  arr\u00eat\u00e9 qui  sera  publi\u00e9  au  recueil  des actes\nadministratifs.\nArticle 4 des ampliations seront adress\u00e9es au :\n-maire de Lyon,\n-maire de Colombier Saugnieu,\n-procureur de la R\u00e9publique. \nFait \u00e0 Lyon, le 9 septembre 2025\nLa pr\u00e9f\u00e8te,\nLe Pr\u00e9fet d\u00e9l\u00e9gu\u00e9 pour la d\u00e9fense \net la s\u00e9curit\u00e9\nV oies et d\u00e9lais de recours :\nSi vous entendez contester le pr\u00e9sent arr\u00eat\u00e9, vous pouvez utiliser les voies de recours suivantes  :\n- Un recours gracieux  motiv\u00e9 peut \u00eatre adress\u00e9 aupr\u00e8s de mes services dans un d\u00e9lai de deux mois \u00e0 compter de la notification du pr\u00e9sent arr\u00eat\u00e9  ;  \n- Un recours hi\u00e9rarchique peut \u00eatre introduit aupr\u00e8s de Monsieur le ministre l'int\u00e9rieur, Direction des libert\u00e9s publiques et des affaires juridiques, Cabinet, Bureau des\npolices administratives. En l'absence de r\u00e9ponse de l'administration dans un d\u00e9lai de deux mois \u00e0 compter de la date de r\u00e9ception de votre recours, celui-ci doit \u00eatre\nconsid\u00e9r\u00e9 comme implicitement rejet\u00e9.-Un recours contentieux  : aupr\u00e8s du tribunal administratif de Lyon dans un d\u00e9lai de deux mois \u00e0 compter de la notification du\npr\u00e9sent arr\u00eat\u00e9 notamment via le site www.telerecours.fr..\n \n \n2/2\n69_Pr\u00e9f_Pr\u00e9fecture du Rh\u00f4ne - 69-2025-09-09-00002 - Arr\u00eat\u00e9 Pr\u00e9fectoral du 9 septembre 2025  portant autorisations de mesures de\npalpations gares du Rh\u00f4ne du 9 au 18 septembre 2025 18\n69_Pr\u00e9f_Pr\u00e9fecture du Rh\u00f4ne\n69-2025-09-09-00003\nArr\u00eat\u00e9 n\u00b02025-09-09-0001 portant retrait de\nl'arr\u00eat\u00e9 n\u00b02025-09-05-0002 du 5 septembre 2025\nla captation, l'enregistrement et la transmission\nd'images au moyen de cam\u00e9ras install\u00e9es sur un\na\u00e9ronef le mercredi 10 septembre 2025 \u00e0 Lyon\n69_Pr\u00e9f_Pr\u00e9fecture du Rh\u00f4ne - 69-2025-09-09-00003 - Arr\u00eat\u00e9 n\u00b02025-09-09-0001 portant retrait de l'arr\u00eat\u00e9 n\u00b02025-09-05-0002 du 5\nseptembre 2025 la captation, l'enregistrement et la transmission d'images au moyen de cam\u00e9ras install\u00e9es sur un a\u00e9ronef le mercredi\n10 septembre 2025 \u00e0 Lyon\n19\nPREFETEDU RHONELibert\u00e9Egalit\u00e9Fraternit\u00e9\nPr\u00e9fecture\nCabinet du Pr\u00e9fet d\u00e9l\u00e9gu\u00e9 pour \nla d\u00e9fense et la s\u00e9curit\u00e9\nBureau de l'ordre public\nARR\u00caT\u00c9 n\u00b02025 \u2013 09 \u2013 09 \u2013 0001\nportant retrait de l'arr\u00eat\u00e9 n\u00b02025-09-05-0002 du 5 septembre 2025 autorisant la captation, \nl'enregistrement et la transmission d'images au moyen de cam\u00e9ras install\u00e9es sur un a\u00e9ronef le \nmercredi 10 septembre 2025 \u00e0 Lyon\nLa Pr\u00e9f\u00e8te du Rh\u00f4ne,\nCommandante de la L\u00e9gion d'honneur\nCommandante de l'ordre national du M\u00e9rite\nVU le Code de la s\u00e9curit\u00e9 int\u00e9rieure et notamment ses articles L. 242-1 \u00e0 L. 242-8 et R. 242-8 \u00e0 R. 242-\n14\u00a0;\nVU le code des relations entre le public et l'administration, notamment l'article L243-3 ;\nVU le d\u00e9cret n\u00b0 2004-374 du 29 avril 2004 relatif aux pouvoirs des pr\u00e9fets, \u00e0 l'organisation et \u00e0  \nl'action des services de l'\u00c9tat dans les r\u00e9gions et d\u00e9partements\u00a0;\nVU le d\u00e9cret en Conseil des Ministres du 11 janvier 2023 portant nomination de Madame Fabienne  \nBUCCIO, pr\u00e9f\u00e8te de la r\u00e9gion Auvergne-Rh\u00f4ne-Alpes, pr\u00e9f\u00e8te de la zone de d\u00e9fense et de s\u00e9curit\u00e9  \nSud-Est, pr\u00e9f\u00e8te du Rh\u00f4ne (hors classe) ;\nVU  le d\u00e9cret du 6 novembre 2024 portant nomination du pr\u00e9fet d\u00e9l\u00e9gu\u00e9 pour la d\u00e9fense et la  \ns\u00e9curit\u00e9 aupr\u00e8s de la pr\u00e9f\u00e8te de la r\u00e9gion Auvergne-Rh\u00f4ne-Alpes, pr\u00e9f\u00e8te de la zone de d\u00e9fense et  \nde s\u00e9curit\u00e9 Sud-Est, pr\u00e9f\u00e8te du Rh\u00f4ne \u2013 M. Antoine GUERIN\u00a0; \nVU l'arr\u00eat\u00e9 pr\u00e9fectoral n\u00b069-2025-07-04-00005 du 4 juillet 2025 portant d\u00e9l\u00e9gation de signature \u00e0 M. \nAntoine GUERIN en qualit\u00e9 de pr\u00e9fet d\u00e9l\u00e9gu\u00e9 pour la d\u00e9fense et la s\u00e9curit\u00e9 aupr\u00e8s de la pr\u00e9f\u00e8te de  \nla r\u00e9gion Auvergne-Rh\u00f4ne-Alpes, pr\u00e9f\u00e8te de la zone de d\u00e9fense et de s\u00e9curit\u00e9 Sud-Est, pr\u00e9f\u00e8te du  \nRh\u00f4ne\u00a0;\nVU l'arr\u00eat\u00e9 n\u00b02025-09-05-0002 du 5 septembre 2025 autorisant la captation, l'enregistrement et la  \ntransmission d'images au moyen de cam\u00e9ras install\u00e9es sur un a\u00e9ronef le mercredi 10 septembre  \n2025 \u00e0 Lyon\u00a0;\nVU l'ordonnance  N\u00b02511260  du  8  septembre  2025  rendue  par  le  juge  des  r\u00e9f\u00e9r\u00e9s  du  tribunal \nadministratif de Lyon suspendant l'ex\u00e9cution de l'arr\u00eat\u00e9 n\u00b02025-09-05-001 autorisant la captation, \nl'enregistrement et la transmission d'images au moyen de cam\u00e9ras install\u00e9es sur un a\u00e9ronef le lundi  \n8 septembre 2025 \u00e0 Lyon\u00a0;\nPr\u00e9fecture du Rh\u00f4ne  \u2013 69419 Lyon cedex 03 1\nwww.rhone.gouv.fr ou t\u00e9l. : 04 72 61 61 61 (co\u00fbt d'un appel local)\n69_Pr\u00e9f_Pr\u00e9fecture du Rh\u00f4ne - 69-2025-09-09-00003 - Arr\u00eat\u00e9 n\u00b02025-09-09-0001 portant retrait de l'arr\u00eat\u00e9 n\u00b02025-09-05-0002 du 5\nseptembre 2025 la captation, l'enregistrement et la transmission d'images au moyen de cam\u00e9ras install\u00e9es sur un a\u00e9ronef le mercredi\n10 septembre 2025 \u00e0 Lyon\n20\nCONSID\u00c9RANT les motifs expos\u00e9s dans l'ordonnance du juge des r\u00e9f\u00e9r\u00e9s susmentionn\u00e9e, il y a lieu  \nde proc\u00e9der au retrait de l'arr\u00eat\u00e9 n\u00b02025-09-05-002 en date du 5 septembre 2025, autorisant la  \ncaptation,  l'enregistrement  et  la  transmission  d'images  au  moyen  de  cam\u00e9ras  install\u00e9es  sur  un \na\u00e9ronef les 10 et 11 septembre 2025 \u00e0 Lyon ;\nSur proposition du Pr\u00e9fet d\u00e9l\u00e9gu\u00e9 pour la d\u00e9fense et la s\u00e9curit\u00e9 \u00e0 Lyon\u00a0;\nARR\u00caTE\nArticle  1 er\n \u2013  L'arr\u00eat\u00e9  n\u00b02025-09-05-0002  du  5  septembre  2025  autorisant  la  captation,  \nl'enregistrement et la transmission d'images au moyen de cam\u00e9ras install\u00e9es sur un a\u00e9ronef le  \nmercredi 10 septembre 2025 \u00e0 Lyon est retir\u00e9.\nArticle 2 \u00a0\u2013 Le pr\u00e9sent arr\u00eat\u00e9 est publi\u00e9 au recueil des actes administratifs de la pr\u00e9fecture et peut  \nfaire l'objet d'un recours devant le tribunal administratif de Lyon dans un d\u00e9lai de deux mois \u00e0  \ncompter de sa publication.\nArticle 3 \u2013 Le pr\u00e9fet d\u00e9l\u00e9gu\u00e9 pour la d\u00e9fense et la s\u00e9curit\u00e9, le directeur interd\u00e9partemental de la  \npolice nationale sont charg\u00e9s chacun en ce qui le concerne de l'ex\u00e9cution du pr\u00e9sent arr\u00eat\u00e9.\nFait \u00e0 Lyon, le 09 septembre 2025\nLe pr\u00e9fet d\u00e9l\u00e9gu\u00e9 pour la d\u00e9fense et la s\u00e9curit\u00e9,\nORIGINAL SIGNE\nAntoine GUERIN\n2\n69_Pr\u00e9f_Pr\u00e9fecture du Rh\u00f4ne - 69-2025-09-09-00003 - Arr\u00eat\u00e9 n\u00b02025-09-09-0001 portant retrait de l'arr\u00eat\u00e9 n\u00b02025-09-05-0002 du 5\nseptembre 2025 la captation, l'enregistrement et la transmission d'images au moyen de cam\u00e9ras install\u00e9es sur un a\u00e9ronef le mercredi\n10 septembre 2025 \u00e0 Lyon\n21\n69_Pr\u00e9f_Pr\u00e9fecture du Rh\u00f4ne\n69-2025-09-09-00004\nArr\u00eat\u00e9 n\u00b02025-09-09-0002 portant retrait de\nl'arr\u00eat\u00e9 n\u00b02025-09-05-0003 du 5 septembre 2025\nautorisant la captation, l'enregistrement et la\ntransmission d'images au moyen de cam\u00e9ras\ninstall\u00e9es sur un a\u00e9ronef le mercredi 10 et le jeudi\n11 septembre 2025 \u00e0 Lyon \n69_Pr\u00e9f_Pr\u00e9fecture du Rh\u00f4ne - 69-2025-09-09-00004 - Arr\u00eat\u00e9 n\u00b02025-09-09-0002 portant retrait de l'arr\u00eat\u00e9 n\u00b02025-09-05-0003 du 5\nseptembre 2025 autorisant la captation, l'enregistrement et la transmission d'images au moyen de cam\u00e9ras install\u00e9es sur un a\u00e9ronef le\nmercredi 10 et le jeudi 11 septembre 2025 \u00e0 Lyon \n22\nPREFETEDU RHONELibert\u00e9Egalit\u00e9Fraternit\u00e9\nPr\u00e9fecture\nCabinet du Pr\u00e9fet d\u00e9l\u00e9gu\u00e9 pour \nla d\u00e9fense et la s\u00e9curit\u00e9\nBureau de l'ordre public\nARR\u00caT\u00c9 n\u00b02025 \u2013 09 \u2013 09 \u2013 0002\nportant retrait de l'arr\u00eat\u00e9 n\u00b02025-09-05-0003 du 5 septembre 2025 autorisant la captation, \nl'enregistrement et la transmission d'images au moyen de cam\u00e9ras install\u00e9es sur un a\u00e9ronef le \nmercredi 10 et le jeudi 11 septembre 2025 \u00e0 Lyon\nLa Pr\u00e9f\u00e8te du Rh\u00f4ne,\nCommandante de la L\u00e9gion d'honneur\nCommandante de l'ordre national du M\u00e9rite\nVU le Code de la s\u00e9curit\u00e9 int\u00e9rieure et notamment ses articles L. 242-1 \u00e0 L. 242-8 et R. 242-8 \u00e0 R. 242-\n14\u00a0;\nVU le code des relations entre le public et l'administration, notamment l'article L243-3 ;\nVU le d\u00e9cret n\u00b0 2004-374 du 29 avril 2004 relatif aux pouvoirs des pr\u00e9fets, \u00e0 l'organisation et \u00e0  \nl'action des services de l'\u00c9tat dans les r\u00e9gions et d\u00e9partements\u00a0;\nVU le d\u00e9cret en Conseil des Ministres du 11 janvier 2023 portant nomination de Madame Fabienne  \nBUCCIO, pr\u00e9f\u00e8te de la r\u00e9gion Auvergne-Rh\u00f4ne-Alpes, pr\u00e9f\u00e8te de la zone de d\u00e9fense et de s\u00e9curit\u00e9  \nSud-Est, pr\u00e9f\u00e8te du Rh\u00f4ne (hors classe) ;\nVU  le d\u00e9cret du 6 novembre 2024 portant nomination du pr\u00e9fet d\u00e9l\u00e9gu\u00e9 pour la d\u00e9fense et la  \ns\u00e9curit\u00e9 aupr\u00e8s de la pr\u00e9f\u00e8te de la r\u00e9gion Auvergne-Rh\u00f4ne-Alpes, pr\u00e9f\u00e8te de la zone de d\u00e9fense et  \nde s\u00e9curit\u00e9 Sud-Est, pr\u00e9f\u00e8te du Rh\u00f4ne \u2013 M.Antoine GUERIN\u00a0; \nVU l'arr\u00eat\u00e9 pr\u00e9fectoral n\u00b069-2025-07-04-00005 du 4 juillet 2025 portant d\u00e9l\u00e9gation de signature \u00e0  \nM.Antoine GUERIN en qualit\u00e9 de pr\u00e9fet d\u00e9l\u00e9gu\u00e9 pour la d\u00e9fense et la s\u00e9curit\u00e9 aupr\u00e8s de la pr\u00e9f\u00e8te  \nde la r\u00e9gion Auvergne-Rh\u00f4ne-Alpes, pr\u00e9f\u00e8te de la zone de d\u00e9fense et de s\u00e9curit\u00e9 Sud-Est, pr\u00e9f\u00e8te du \nRh\u00f4ne\u00a0;\nVU l'arr\u00eat\u00e9 n\u00b02025-09-05-0003 du 5 septembre 2025 autorisant la captation, l'enregistrement et la  \ntransmission d'images au moyen de cam\u00e9ras install\u00e9es sur un a\u00e9ronef le mercredi 10 et le jeudi 11  \nseptembre 2025 \u00e0 Lyon\u00a0;\nVU l'ordonnance  N\u00b02511260  du  8  septembre  2025  rendue  par  le  juge  des  r\u00e9f\u00e9r\u00e9s  du  tribunal \nadministratif de Lyon suspendant l'ex\u00e9cution de l'arr\u00eat\u00e9 n\u00b02025-09-05-001 autorisant la captation, \nl'enregistrement et la transmission d'images au moyen de cam\u00e9ras install\u00e9es sur un a\u00e9ronef le lundi  \n8 septembre 2025 \u00e0 Lyon\u00a0;\nPr\u00e9fecture du Rh\u00f4ne  \u2013 69419 Lyon cedex 03 1\nwww.rhone.gouv.fr ou t\u00e9l. : 04 72 61 61 61 (co\u00fbt d'un appel local)\n69_Pr\u00e9f_Pr\u00e9fecture du Rh\u00f4ne - 69-2025-09-09-00004 - Arr\u00eat\u00e9 n\u00b02025-09-09-0002 portant retrait de l'arr\u00eat\u00e9 n\u00b02025-09-05-0003 du 5\nseptembre 2025 autorisant la captation, l'enregistrement et la transmission d'images au moyen de cam\u00e9ras install\u00e9es sur un a\u00e9ronef le\nmercredi 10 et le jeudi 11 septembre 2025 \u00e0 Lyon \n23\nCONSID\u00c9RANT les motifs expos\u00e9s dans l'ordonnance du juge des r\u00e9f\u00e9r\u00e9s susmentionn\u00e9e, il y a lieu  \nde proc\u00e9der au retrait de l'arr\u00eat\u00e9 n\u00b02025-09-05-0003 en date du 5 septembre 2025, autorisant la  \ncaptation,  l'enregistrement  et  la  transmission  d'images  au  moyen  de  cam\u00e9ras  install\u00e9es  sur  un \na\u00e9ronef les 10 et 11 septembre 2025 \u00e0 Lyon\u00a0; \nSur proposition du Pr\u00e9fet d\u00e9l\u00e9gu\u00e9 pour la d\u00e9fense et la s\u00e9curit\u00e9 \u00e0 Lyon\u00a0;\nARR\u00caTE\nArticle  1 er\n \u2013  L'arr\u00eat\u00e9  n\u00b02025-09-05-0003  du  5  septembre  2025  autorisant  la  captation,  \nl'enregistrement et la transmission d'images au moyen de cam\u00e9ras install\u00e9es sur un a\u00e9ronef le  \nmercredi 10 et le jeudi 11 septembre 2025 \u00e0 Lyon\u00a0est retir\u00e9.\nArticle 2 \u00a0\u2013 Le pr\u00e9sent arr\u00eat\u00e9 est publi\u00e9 au recueil des actes administratifs de la pr\u00e9fecture et peut  \nfaire l'objet d'un recours devant le tribunal administratif de Lyon dans un d\u00e9lai de deux mois \u00e0  \ncompter de sa publication.\nArticle 3 \u2013 Le pr\u00e9fet d\u00e9l\u00e9gu\u00e9 pour la d\u00e9fense et la s\u00e9curit\u00e9, la commandante de groupement de  \ngendarmerie du Rh\u00f4ne sont charg\u00e9s chacun en ce qui le concerne de l'ex\u00e9cution du pr\u00e9sent arr\u00eat\u00e9.\nFait \u00e0 Lyon, le 09 septembre 2025\nLe pr\u00e9fet d\u00e9l\u00e9gu\u00e9 pour la d\u00e9fense et la s\u00e9curit\u00e9,\nORIGINAL SIGNE\nAntoine GUERIN\n2\n69_Pr\u00e9f_Pr\u00e9fecture du Rh\u00f4ne - 69-2025-09-09-00004 - Arr\u00eat\u00e9 n\u00b02025-09-09-0002 portant retrait de l'arr\u00eat\u00e9 n\u00b02025-09-05-0003 du 5\nseptembre 2025 autorisant la captation, l'enregistrement et la transmission d'images au moyen de cam\u00e9ras install\u00e9es sur un a\u00e9ronef le\nmercredi 10 et le jeudi 11 septembre 2025 \u00e0 Lyon \n24\n69_Pr\u00e9f_Pr\u00e9fecture du Rh\u00f4ne\n69-2025-09-09-00005\nArr\u00eat\u00e9 n\u00b02025-09-09-0003 portant retrait de\nl'arr\u00eate n\u00b02025-09-05-0004 du 5 septembre 2025\nautorisant la captation, l'enregistrement et la\ntransmission d'images au moyen de cam\u00e9ras\ninstall\u00e9es sur un a\u00e9ronef le mercredi 10 et le jeudi\n11 septembre \u00e0 Sathonay-Camp\n69_Pr\u00e9f_Pr\u00e9fecture du Rh\u00f4ne - 69-2025-09-09-00005 - Arr\u00eat\u00e9 n\u00b02025-09-09-0003 portant retrait de l'arr\u00eate n\u00b02025-09-05-0004 du 5\nseptembre 2025 autorisant la captation, l'enregistrement et la transmission d'images au moyen de cam\u00e9ras install\u00e9es sur un a\u00e9ronef le\nmercredi 10 et le jeudi 11 septembre \u00e0 Sathonay-Camp\n25\nPREFETEDU RHONELibert\u00e9Egalit\u00e9Fraternit\u00e9\nPr\u00e9fecture\nCabinet du Pr\u00e9fet d\u00e9l\u00e9gu\u00e9 pour \nla d\u00e9fense et la s\u00e9curit\u00e9\nBureau de l'ordre public\nARR\u00caT\u00c9 n\u00b02025 \u2013 09 \u2013 09 \u2013 0003\nportant retrait de l'arr\u00eat\u00e9 n\u00b02025-09-05-0004 du 5 septembre 2025 autorisant la captation, \nl'enregistrement et la transmission d'images au moyen de cam\u00e9ras install\u00e9es sur un a\u00e9ronef le \nmercredi 10 et le jeudi 11 septembre 2025 \u00e0 Sathonay-Camp\nLa Pr\u00e9f\u00e8te du Rh\u00f4ne,\nCommandante de la L\u00e9gion d'honneur\nCommandante de l'ordre national du M\u00e9rite\nVU le Code de la s\u00e9curit\u00e9 int\u00e9rieure et notamment ses articles L. 242-1 \u00e0 L. 242-8 et R. 242-8 \u00e0 R. 242-\n14\u00a0;\nVU le code des relations entre le public et l'administration, notamment l'article L243-3 ;\nVU le d\u00e9cret n\u00b0 2004-374 du 29 avril 2004 relatif aux pouvoirs des pr\u00e9fets, \u00e0 l'organisation et \u00e0  \nl'action des services de l'\u00c9tat dans les r\u00e9gions et d\u00e9partements\u00a0;\nVU le d\u00e9cret en Conseil des Ministres du 11 janvier 2023 portant nomination de Madame Fabienne  \nBUCCIO, pr\u00e9f\u00e8te de la r\u00e9gion Auvergne-Rh\u00f4ne-Alpes, pr\u00e9f\u00e8te de la zone de d\u00e9fense et de s\u00e9curit\u00e9  \nSud-Est, pr\u00e9f\u00e8te du Rh\u00f4ne (hors classe) ;\nVU  le d\u00e9cret du 6 novembre 2024 portant nomination du pr\u00e9fet d\u00e9l\u00e9gu\u00e9 pour la d\u00e9fense et la  \ns\u00e9curit\u00e9 aupr\u00e8s de la pr\u00e9f\u00e8te de la r\u00e9gion Auvergne-Rh\u00f4ne-Alpes, pr\u00e9f\u00e8te de la zone de d\u00e9fense et  \nde s\u00e9curit\u00e9 Sud-Est, pr\u00e9f\u00e8te du Rh\u00f4ne \u2013 M.Antoine GUERIN\u00a0; \nVU l'arr\u00eat\u00e9 pr\u00e9fectoral n\u00b069-2025-07-04-00005 du 4 juillet 2025 portant d\u00e9l\u00e9gation de signature \u00e0  \nM.Antoine GUERIN en qualit\u00e9 de pr\u00e9fet d\u00e9l\u00e9gu\u00e9 pour la d\u00e9fense et la s\u00e9curit\u00e9 aupr\u00e8s de la pr\u00e9f\u00e8te  \nde la r\u00e9gion Auvergne-Rh\u00f4ne-Alpes, pr\u00e9f\u00e8te de la zone de d\u00e9fense et de s\u00e9curit\u00e9 Sud-Est, pr\u00e9f\u00e8te du \nRh\u00f4ne\u00a0;\nVU l'arr\u00eat\u00e9 n\u00b02025-09-05-0003 du 5 septembre 2025 autorisant la captation, l'enregistrement et la  \ntransmission d'images au moyen de cam\u00e9ras install\u00e9es sur un a\u00e9ronef le mercredi 10 et le jeudi 11  \nseptembre 2025 \u00e0 Lyon\u00a0;\nVU l'ordonnance  N\u00b02511260  du  8  septembre  2025  rendue  par  le  juge  des  r\u00e9f\u00e9r\u00e9s  du  tribunal \nadministratif de Lyon suspendant l'ex\u00e9cution de l'arr\u00eat\u00e9 n\u00b02025-09-05-001 autorisant la captation, \nl'enregistrement et la transmission d'images au moyen de cam\u00e9ras install\u00e9es sur un a\u00e9ronef le lundi  \n8 septembre 2025 \u00e0 Lyon\u00a0;\nPr\u00e9fecture du Rh\u00f4ne  \u2013 69419 Lyon cedex 03 1\nwww.rhone.gouv.fr ou t\u00e9l. : 04 72 61 61 61 (co\u00fbt d'un appel local)\n69_Pr\u00e9f_Pr\u00e9fecture du Rh\u00f4ne - 69-2025-09-09-00005 - Arr\u00eat\u00e9 n\u00b02025-09-09-0003 portant retrait de l'arr\u00eate n\u00b02025-09-05-0004 du 5\nseptembre 2025 autorisant la captation, l'enregistrement et la transmission d'images au moyen de cam\u00e9ras install\u00e9es sur un a\u00e9ronef le\nmercredi 10 et le jeudi 11 septembre \u00e0 Sathonay-Camp\n26\nCONSID\u00c9RANT les motifs expos\u00e9s dans l'ordonnance du juge des r\u00e9f\u00e9r\u00e9s susmentionn\u00e9e, il y a lieu  \nde  proc\u00e9der  au  retrait  de  l'arr\u00eat\u00e9  l'arr\u00eat\u00e9  n\u00b02025-09-05-0004  en  date  du  5  septembre  2025, \nautorisant la captation, l'enregistrement et la transmission d'images au moyen de cam\u00e9ras install\u00e9es \nsur un a\u00e9ronef les 10 et 11 septembre 2025 \u00e0 Sathonay-Camp\u00a0; \nSur proposition du Pr\u00e9fet d\u00e9l\u00e9gu\u00e9 pour la d\u00e9fense et la s\u00e9curit\u00e9 \u00e0 Lyon\u00a0;\nARR\u00caTE\nArticle  1er\n \u2013  L'arr\u00eat\u00e9  n\u00b02025-09-05-0004  du  5  septembre  2025  autorisant  la  captation,  \nl'enregistrement et la transmission d'images au moyen de cam\u00e9ras install\u00e9es sur un a\u00e9ronef le  \nmercredi 10 et le jeudi 11 septembre 2025 \u00e0 Sathonay-Camp est retir\u00e9.\nArticle 2 \u00a0\u2013 Le pr\u00e9sent arr\u00eat\u00e9 est publi\u00e9 au recueil des actes administratifs de la pr\u00e9fecture et peut  \nfaire l'objet d'un recours devant le tribunal administratif de Lyon dans un d\u00e9lai de deux mois \u00e0  \ncompter de sa publication.\nArticle 3 \u2013 Le pr\u00e9fet d\u00e9l\u00e9gu\u00e9 pour la d\u00e9fense et la s\u00e9curit\u00e9 et la commandante de groupement de  \ngendarmerie du Rh\u00f4ne sont charg\u00e9s chacun en ce qui le concerne de l'ex\u00e9cution du pr\u00e9sent arr\u00eat\u00e9.\nFait \u00e0 Lyon, le 09 septembre 2025\nLe pr\u00e9fet d\u00e9l\u00e9gu\u00e9 pour la d\u00e9fense et la s\u00e9curit\u00e9,\nORIGINAL SIGNE\nAntoine GUERIN\n2\n69_Pr\u00e9f_Pr\u00e9fecture du Rh\u00f4ne - 69-2025-09-09-00005 - Arr\u00eat\u00e9 n\u00b02025-09-09-0003 portant retrait de l'arr\u00eate n\u00b02025-09-05-0004 du 5\nseptembre 2025 autorisant la captation, l'enregistrement et la transmission d'images au moyen de cam\u00e9ras install\u00e9es sur un a\u00e9ronef le\nmercredi 10 et le jeudi 11 septembre \u00e0 Sathonay-Camp\n27\n69_SDMIS_Service d\u00e9partemental et\nm\u00e9tropolitain d'incendie et de secours\n69-2025-08-13-00003\nAP N\u00b02025 53 SDMIS_GPREV-Conformit\u00e9-CTS\n-C-069-2025-002-E38E38300726-Mr Fr\u00e9d\u00e9ric\nCORNERO- rue du docteur Pujol-13110 PORT\nBOUC\n69_SDMIS_Service d\u00e9partemental et m\u00e9tropolitain d'incendie et de secours - 69-2025-08-13-00003 - AP N\u00b02025 53\nSDMIS_GPREV-Conformit\u00e9-CTS -C-069-2025-002-E38E38300726-Mr Fr\u00e9d\u00e9ric CORNERO- rue du docteur Pujol-13110 PORT BOUC 28\nE 3 Service d\u00e9partemental-m\u00e9tropolitainPR\u00c9F\u00c8TE d'incendie et de secoursDU RHONELibert\u00e9Egalit\u00e9Fraternit\u00e9\nDirection de la pr\u00e9vention et de l'organisation des secoursGroupement pr\u00e9vention des risques\nARRETE N\u00b0 SDMIS DPOS GPR\u00c9V 2025 054portant d\u00e9livrance de l'attestation de conformit\u00e9 \u00e0 la r\u00e9glementation de s\u00e9curit\u00e9de chapiteaux, tentes et structures (CTS)La Pr\u00e9f\u00e8te de la r\u00e9gion Auvergne-Rh\u00f4ne-AlpesPr\u00e9f\u00e8te de la zone de d\u00e9fense et de s\u00e9curit\u00e9 Sud-EstPr\u00e9f\u00e8te du Rh\u00f4neCommandeur de la L\u00e9gion d'honneurCommandeur de l'ordre national du M\u00e9rite\nVu le code de la construction et de l'habitation et, notamment, les articles R*143-1 \u00e0 R*143-47 ;Vu l'arr\u00eat\u00e9 du 25 juin 1980 modifi\u00e9 portant approbation des dispositions g\u00e9n\u00e9rales du r\u00e8glement de s\u00e9curit\u00e9contre les risques d'incendie et de panique dans les \u00e9tablissements recevant du public ;Vu l'arr\u00eat\u00e9 pr\u00e9fectoral n\u00b0 69-2025-06-11-00001 du 11 juin 2025 portant renouvellement de lasous-commission d\u00e9partementale pour la s\u00e9curit\u00e9 contre les risques d'incendie et de paniquedans les \u00e9tablissements recevant du public et les immeubles de grande hauteur ;Vu le dossier de demande de d\u00e9livrance d'attestation de conformit\u00e9 d\u00e9pos\u00e9 par AVERTEK \u2014 23 route deRenneville - 50430 LESSAYVu l'avis favorable de la sous-commission d\u00e9partementale pour la s\u00e9curit\u00e9 contre les risques d'incendieet de panique dans les ERP et IGH en date du 03 juillet 2025 ;Sur proposition de madame la pr\u00e9sidente de la sous-commission d\u00e9partementale pour la s\u00e9curit\u00e9 contreles risques d'incendie et de panique dans les \u00e9tablissements recevant du public et les immeublesde grande hauteur ; ARR\u00caTEArticle1 : L'attestation de conformit\u00e9 pr\u00e9vue \u00e0 l'article CTS 3 de l'arr\u00eat\u00e9 du 25 juin 1980 modifi\u00e9 estaccord\u00e9e \u00e0 l'\u00e9tablissement recevant du public (ERP) suivant :Nom du propri\u00e9taire (ou raison sociale) Mr Corenthin DEMARTHEAdresse 11 rue Jean Moulin \u2014 69300 CALUIRE ET CUIREN\u00b0 ERP E38300727Classement CTS/CDescriptif 1 chapiteau de type toile tendue juxtaposableDimensions 15m x 20m (300 m?)Num\u00e9ro d'identification C-069-2025-003\nT\u00e9l : 04 72 60 50 11M\u00e9l : cts@sdmis.fr17 rue Rabelais \u2014 69421 LYON CEDEX 03\n69_SDMIS_Service d\u00e9partemental et m\u00e9tropolitain d'incendie et de secours - 69-2025-08-13-00003 - AP N\u00b02025 53\nSDMIS_GPREV-Conformit\u00e9-CTS -C-069-2025-002-E38E38300726-Mr Fr\u00e9d\u00e9ric CORNERO- rue du docteur Pujol-13110 PORT BOUC 29\n69_SDMIS_Service d\u00e9partemental et m\u00e9tropolitain d'incendie et de secours - 69-2025-08-13-00003 - AP N\u00b02025 53\nSDMIS_GPREV-Conformit\u00e9-CTS -C-069-2025-002-E38E38300726-Mr Fr\u00e9d\u00e9ric CORNERO- rue du docteur Pujol-13110 PORT BOUC 30\n(2)Article2 : Le num\u00e9ro d'identification attribu\u00e9 \u00e0 l'article 1 est appos\u00e9 sur la toile de mani\u00e8re visibleet permanente \u00e0 l'int\u00e9rieur et sur chaque panneau formant la couverture, la double couverture et la ceinturede l'ERP.Article 3 : Toute modification du CTS et de coordonn\u00e9es du propri\u00e9taire doit \u00eatre signal\u00e9e sans d\u00e9lai\u00e0 l'adresse suivante :Service d\u00e9partemental-m\u00e9tropolitain d'incendie et de secoursDirection de la pr\u00e9vention et de l'organisation des secoursGroupement pr\u00e9vention des risques17 rue Rabelais69421 Lyon Cedex 03cts@sdmis.fr\nArticle4 : Le pr\u00e9sent arr\u00eat\u00e9 peut faire l'objet d'un recours aupr\u00e8s du tribunal administratif de Lyon(184 rue Duguesclin \u2014 69433 Lyon Cedex 03) dans un d\u00e9lai de deux mois \u00e0 compter de sa publication.Article 5 : Le Pr\u00e9fet d\u00e9l\u00e9gu\u00e9 pour la d\u00e9fense et la s\u00e9curit\u00e9, le directeur d\u00e9partemental et m\u00e9tropolitaindes services d'incendie et de secours, les services de police et de gendarmerie, les services d\u00e9concentr\u00e9sde l'\u00c9tat et les maires des communes concern\u00e9es sont charg\u00e9s, chacun en ce qui le concerne, de l'ex\u00e9cutiondu pr\u00e9sent arr\u00eat\u00e9 qui sera publi\u00e9 au recueil des actes administratifs de la pr\u00e9fecture du Rh\u00f4ne.\nFait\u00e0 Lyon, le 1 3 AO\u00db 2025\nPour la Pr\u00e9f\u00e8te et par d\u00e9l\u00e9gation,le Pr\u00e9fet d\u00e9l\u00e9gu\u00e9 pour la d\u00e9fense et la s\u00e9curit\u00e9,\nntoine GUERIN\n69_SDMIS_Service d\u00e9partemental et m\u00e9tropolitain d'incendie et de secours - 69-2025-08-13-00003 - AP N\u00b02025 53\nSDMIS_GPREV-Conformit\u00e9-CTS -C-069-2025-002-E38E38300726-Mr Fr\u00e9d\u00e9ric CORNERO- rue du docteur Pujol-13110 PORT BOUC 31\n69_SDMIS_Service d\u00e9partemental et\nm\u00e9tropolitain d'incendie et de secours\n69-2025-08-13-00004\nAP N\u00b02025 54\nSDMIS_GPREV-Conformit\u00e9-CTS-C-069-2025-003-\nE38300727-Mr Corenthin DEMARTHE -11 rie Jean\nMoulin -69300 CALUIRE ET CUIRE\n69_SDMIS_Service d\u00e9partemental et m\u00e9tropolitain d'incendie et de secours - 69-2025-08-13-00004 - AP N\u00b02025 54\nSDMIS_GPREV-Conformit\u00e9-CTS-C-069-2025-003-E38300727-Mr Corenthin DEMARTHE -11 rie Jean Moulin -69300 CALUIRE ET CUIRE 32\nEH Service d\u00e9partemental-m\u00e9tropolitainPR\u00c9F\u00c8TE d'incendie et de secoursDU RH\u00d4NELibert\u00e9Egalit\u00e9Fraternit\u00e9\nDirection de la pr\u00e9vention et de l'organisation des secoursGroupement pr\u00e9vention des risques\nARRETE N\u00b0 SDMIS DPOS GPR\u00c9V 2025 053portant d\u00e9livrance de l'attestation de conformit\u00e9 \u00e0 la r\u00e9glementation de s\u00e9curit\u00e9de chapiteaux, tentes et structures (CTS)La Pr\u00e9f\u00e8te de la r\u00e9gion Auvergne-Rh\u00f4ne-AlpesPr\u00e9f\u00e9te de la zone de d\u00e9fense et de s\u00e9curit\u00e9 Sud-EstPr\u00e9f\u00e8te du Rh\u00f4neCommandeur de la L\u00e9gion d'honneurCommandeur de l'ordre national du M\u00e9rite\nVu le code de la construction et de l'habitation et, notamment, les articles R*143-1 \u00e0 R*143-47 :Vu l'arr\u00eat\u00e9 du 25 juin 1980 modifi\u00e9 portant approbation des dispositions g\u00e9n\u00e9rales du r\u00e8glement de s\u00e9curit\u00e9contre les risques d'incendie et de panique dans les \u00e9tablissements recevant du public ;Vu l'arr\u00eat\u00e9 pr\u00e9fectoral n\u00b0 69-2025-06-11-00001 du 11 juin 2025 portant renouvellement de lasous-commission d\u00e9partementale pour la s\u00e9curit\u00e9 contre les risques d'incendie et de paniquedans les \u00e9tablissements recevant du public et les immeubles de grande hauteur ;Vu le dossier de demande de d\u00e9livrance d'attestation de conformit\u00e9 d\u00e9pos\u00e9 par CONTROLESEVENEMENTIELS STRUCTURES - 37 avenue des Ternes \u2014 75017 PARISVu l'avis favorable de la sous-commission d\u00e9partementale pour la s\u00e9curit\u00e9 contre les risques d'incendieet de panique dans les ERP et IGH en date du 03 juillet 2025 ;Sur proposition de madame la pr\u00e9sidente de la sous-commission d\u00e9partementale pour la s\u00e9curit\u00e9 contreles risques d'incendie et de panique dans les \u00e9tablissements recevant du public et les immeublesde grande hauteur ; ARR\u00caTEArticle1 : L'attestation de conformit\u00e9 pr\u00e9vue \u00e0 l'article CTS 3 de l'arr\u00eat\u00e9 du 25 juin 1980 modifi\u00e9 estaccord\u00e9e \u00e0 l'\u00e9tablissement recevant du public (ERP) suivant :Nom du propri\u00e9taire (ou raison sociale) Mr Fr\u00e9d\u00e9ric CORNEROAdresse Rue du docteur PUJOL \u2014 13110 PORT BOUCN\u00b0 ERP E38300726Classement CTS/CDescriptif 1 chapiteau de type cirqueDimensions 16 m de diam\u00e8treNum\u00e9ro d'identification C-069-2025-002\nT\u00e9l : 04 72 60 50 11M\u00e9l : cts@sdmis.fr17 rue Rabelais \u2014 69421 LYON CEDEX 03\n69_SDMIS_Service d\u00e9partemental et m\u00e9tropolitain d'incendie et de secours - 69-2025-08-13-00004 - AP N\u00b02025 54\nSDMIS_GPREV-Conformit\u00e9-CTS-C-069-2025-003-E38300727-Mr Corenthin DEMARTHE -11 rie Jean Moulin -69300 CALUIRE ET CUIRE 33\n(2)Article2 : Le num\u00e9ro d'identification attribu\u00e9 \u00e0 l'article 1 est appos\u00e9 sur la toile de mani\u00e8re visibleet permanente \u00e0 l'int\u00e9rieur et sur chaque panneau formant la couverture, la double couverture et la ceinturede l'ERP.Article 3 : Toute modification du CTS et de coordonn\u00e9es du propri\u00e9taire doit \u00eatre signal\u00e9e sans d\u00e9lai\u00e0 l'adresse suivante :Service d\u00e9partemental-m\u00e9tropolitain d'incendie et de secoursDirection de la pr\u00e9vention et de l'organisation des secoursGroupement pr\u00e9vention des risques17 rue Rabelais69421 Lyon Cedex 03cts@sdmis.fr\nArticle 4 : Le pr\u00e9sent arr\u00eat\u00e9 peut faire l'objet d'un recours aupr\u00e8s du tribunal administratif de Lyon(184 rue Duguesclin \u2014 69433 Lyon Cedex 03) dans un d\u00e9lai de deux mois \u00e0 compter de sa publication.\ndes services d'incendie et de secours, les services de police et de gendarmerie, les services d\u00e9concentr\u00e9sde l'Etat et les maires des communes concern\u00e9es sont charg\u00e9s, chacun en ce qui le concerne, de l'ex\u00e9cutiondu pr\u00e9sent arr\u00eat\u00e9 qui sera publi\u00e9 au recueil des actes administratifs de la pr\u00e9fecture du Rh\u00f4ne.\nArticle 5 : Le Pr\u00e9fet d\u00e9l\u00e9gu\u00e9 pour la d\u00e9fense et la s\u00e9curit\u00e9, le directeur d\u00e9partemental et m\u00e9tropolitain\nFait \u00e0 Lyon, le \u00ce 3 AOUT 2025\nPour la Pr\u00e9f\u00e9te et par d\u00e9l\u00e9gation,le Pr\u00e9fet d\u00e9l\u00e9gu\u00e9 pour la d\u00e9fense et la s\u00e9curit\u00e9,\nAntbine GYERIN\n69_SDMIS_Service d\u00e9partemental et m\u00e9tropolitain d'incendie et de secours - 69-2025-08-13-00004 - AP N\u00b02025 54\nSDMIS_GPREV-Conformit\u00e9-CTS-C-069-2025-003-E38300727-Mr Corenthin DEMARTHE -11 rie Jean Moulin -69300 CALUIRE ET CUIRE 34\n84_EMIZSE_Etat major interminist\u00e9riel de zone\nSud-Est\n69-2025-09-09-00001\nArr\u00eat\u00e9 portant d\u00e9signation des r\u00e9f\u00e9rents zonaux\nde sp\u00e9cialit\u00e9s, des r\u00e9f\u00e9rents zonaux fonctionnels\ndes SIS\n84_EMIZSE_Etat major interminist\u00e9riel de zone Sud-Est - 69-2025-09-09-00001 - Arr\u00eat\u00e9 portant d\u00e9signation des r\u00e9f\u00e9rents zonaux de\nsp\u00e9cialit\u00e9s, des r\u00e9f\u00e9rents zonaux fonctionnels des SIS 35\n||PREFETEDE LA ZONEDE DEFENSE |ET DE SECURITESUD-ESTLibert\u00e9Egalit\u00e9Fraternit\u00e9\n\u00c9tat-major interminist\u00e9riel\nde zone de d\u00e9fense et de s\u00e9curit\u00e9 sud-est\nARR\u00caT\u00c9 PR\u00c9FECTORAL n\u00b0 69-2025-09-\nportant d\u00e9signation des r\u00e9f\u00e9rents zonaux de sp\u00e9cialit\u00e9s, des r\u00e9f\u00e9rents zonaux fonctionnels des SIS\net portant constitution de groupes de travail zonaux\n-----\nLA PR\u00c9F\u00c8TE DE LA ZONE DE D\u00c9FENSE ET DE S\u00c9CURIT\u00c9 SUD-EST\nPR\u00c9F\u00c8TE DE LA R\u00c9GION AUVERGNE-RH\u00d4NE-ALPES\nPR\u00c9F\u00c8TE DU RH\u00d4NE\nCommandeur de la L\u00e9gion d'honneur\nCommandeur de l'ordre national du M\u00e9rite\nVU le Code de la d\u00e9fense ;\nVU le Code de la s\u00e9curit\u00e9 int\u00e9rieure ;\nVU le Code g\u00e9n\u00e9ral des collectivit\u00e9s territoriales ;\nVU la loi n\u00b0 2004-811 du 13 ao\u00fbt 2004 relative \u00e0 la modernisation de la s\u00e9curit\u00e9 civile ;\nVU le d\u00e9cret n\u00b0 2010-224 du 4 mars 2010 relatif aux pouvoirs du pr\u00e9fet de zone ;\nVU le d\u00e9cret n\u00b0 2022-557 du 14 avril 2022 modifiant diverses dispositions relatives aux sapeurs-pompiers\nVU l'arr\u00eat\u00e9 du 15 juillet 2022 relatif \u00e0 la d\u00e9signation et aux missions des r\u00e9f\u00e9rents de sp\u00e9cialit\u00e9s ;\nVU l'arr\u00eat\u00e9 n\u00b0 69-2025-01-14-00001 du 14 janvier 2025  portant nomination de conseillers techniques de zone et\ncr\u00e9ation de groupes de travail zonaux ;\nVU les avis des directeurs des services d'incendie et de secours concern\u00e9s ;\nCONSID\u00c9RANT les qualifications d\u00e9tenues par les int\u00e9ress\u00e9s ;\nCONSID\u00c9RANT les besoins de coordination interd\u00e9partementale ;\nSUR proposition du chef d'\u00e9tat-major interminist\u00e9riel de zone de d\u00e9fense et de s\u00e9curit\u00e9 sud-est ;\nA R R \u00ca T E\nArticle 1er : D\u00e9signation des r\u00e9f\u00e9rents zonaux de sp\u00e9cialit\u00e9s et de leurs adjoints\nLa Pr\u00e9f\u00e8te de la zone de d\u00e9fense et de s\u00e9curit\u00e9 sud-est d\u00e9signe en qualit\u00e9 de r\u00e9f\u00e9rents zonaux de sp\u00e9cialit\u00e9s et\nr\u00e9f\u00e9rents zonaux adjoints de sp\u00e9cialit\u00e9s les r\u00e9f\u00e9rents de sp\u00e9cialit\u00e9s mentionn\u00e9s en annexe 1.\nArticle 2 : Missions des r\u00e9f\u00e9rents zonaux de sp\u00e9cialit\u00e9s\nLes r\u00e9f\u00e9rents zonaux assurent la coordination des r\u00e9f\u00e9rents des services d'incendie et de secours relevant de leurs\nsp\u00e9cialit\u00e9s. Sous l'autorit\u00e9 du chef d'\u00e9tat-major interminist\u00e9riel de zone de d\u00e9fense et de s\u00e9curit\u00e9 (CEMIZ), ils sont\nnotamment charg\u00e9s :\n\u2022 d'animer le r\u00e9seau des r\u00e9f\u00e9rents des services d'incendie et de secours, en lien avec le r\u00e9f\u00e9rent national et la\ndirection g\u00e9n\u00e9rale de la s\u00e9curit\u00e9 civile et de la gestion de crise. Dans ce cadre, ils animent au moins une\nr\u00e9union annuelle organis\u00e9e par le CEMIZ ;\nPr\u00e9fecture de la zone de d\u00e9fense et de s\u00e9curit\u00e9 sud-est \n69 419 Lyon cedex \n84_EMIZSE_Etat major interminist\u00e9riel de zone Sud-Est - 69-2025-09-09-00001 - Arr\u00eat\u00e9 portant d\u00e9signation des r\u00e9f\u00e9rents zonaux de\nsp\u00e9cialit\u00e9s, des r\u00e9f\u00e9rents zonaux fonctionnels des SIS 36\n\u2022 de proposer, en lien avec les r\u00e9f\u00e9rents des services d'incendie et de secours, une r\u00e9partition des moyens\nmat\u00e9riels et humains pour r\u00e9pondre aux objectifs du contrat territorial de r\u00e9ponses aux risques et aux effets\nde menaces et aux enjeux du pacte capacitaire ;\n\u2022 d'accompagner les r\u00e9f\u00e9rents des services d'incendie et de secours dans la d\u00e9clinaison de la doctrine\nop\u00e9rationnelle nationale. Ils sont alors les r\u00e9f\u00e9rents du CEMIZ pour la diffusion de l'information technique\naux services d'incendie et de secours ;\n\u2022 de participer, \u00e0 l'\u00e9chelle de la zone, \u00e0 l'organisation et \u00e0 l'encadrement de stages, et \u00e0 la pr\u00e9paration\nd'exercices dans sa sp\u00e9cialit\u00e9 ;\n\u2022 d'\u00e9mettre un avis sur les dossiers de demandes d'agr\u00e9ment des services d'incendie et de secours pour les\nformations relevant de sa sp\u00e9cialit\u00e9.\nIls peuvent \u00eatre amen\u00e9s \u00e0 participer \u00e0 des travaux nationaux.\n\u00c0 la demande et sous l'autorit\u00e9 du chef d'\u00e9tat-major interminist\u00e9riel de zone de d\u00e9fense et de s\u00e9curit\u00e9, les r\u00e9f\u00e9rents\nzonaux peuvent \u00eatre amen\u00e9s \u00e0 :\n\u2022 conduire un retour d'exp\u00e9rience ou un audit technique dans leur domaine d'activit\u00e9 ou de sp\u00e9cialit\u00e9 ;\n\u2022 apporter leur contribution \u00e0 la r\u00e9alisation de documents de planification relevant de la comp\u00e9tence de la\npr\u00e9f\u00e8te de zone de d\u00e9fense et de s\u00e9curit\u00e9 ;\n\u2022 restituer annuellement, au besoin en sollicitant les  r\u00e9f\u00e9rents de sp\u00e9cialit\u00e9s des d\u00e9partements , un bilan\nsynth\u00e9tique de l'\u00e9tat des pratiques dans leur domaine d'activit\u00e9 ou de sp\u00e9cialit\u00e9.\nEn fonction de situations op\u00e9rationnelles particuli\u00e8res, les r\u00e9f\u00e9rents zonaux pourront \u00eatre amen\u00e9s,  dans  leurs\ndomaines de comp\u00e9tences, \u00e0 conseiller la Pr\u00e9f\u00e8te de zone de d\u00e9fense et de s\u00e9curit\u00e9 sud-est, le chef d'\u00e9tat-major\ninterminist\u00e9riel  de zone de d\u00e9fense et de s\u00e9curit\u00e9 et, le cas \u00e9ch\u00e9ant, tout Pr\u00e9fet de d\u00e9partement ou directeur de\nservices d'incendie et de secours de la zone sud-est qui en ferait la demande.\nArticle 3 : Mise \u00e0 jour et diffusion de la liste des r\u00e9f\u00e9rents zonaux ainsi que de leurs adjoints\nLa liste des r\u00e9f\u00e9rents zonaux de sp\u00e9cialit\u00e9s et de leurs adjoints est \u00e9tablie chaque ann\u00e9e. Elle est mise \u00e0 jour autant\nque de besoin en cours d'ann\u00e9e.\nElle est communiqu\u00e9e \u00e0 la direction g\u00e9n\u00e9rale de la s\u00e9curit\u00e9 civile et de la gestion des crises (DGSCGC), aux chefs\nd'\u00e9tat-major interminist\u00e9riels des zones de d\u00e9fense et de s\u00e9curit\u00e9, aux secr\u00e9tariats g\u00e9n\u00e9raux des zones de d\u00e9fense\nd'\u00cele-de-France et Sud, ainsi qu'aux directeurs des services d'incendie et de secours de la zone de d\u00e9fense sud-est.\nArticle 4 : Constitution de groupes de travail permanents\nDes groupes de travail permanents, traitant notamment de sujets concernant les services d'incendie et de secours,\nsont institu\u00e9s aupr\u00e8s du  chef d'\u00e9tat-major  interminist\u00e9riel de zone de d\u00e9fense et de s\u00e9curit\u00e9 .  Celui-ci fixe les\nobjectifs  de  ces  groupes  de  travail  et,  si  besoin,  les  modalit\u00e9s  g\u00e9n\u00e9rales  de  leur  organisation  et  de  leur\nfonctionnement.\nCes groupes sont compos\u00e9s de repr\u00e9sentants d\u00e9sign\u00e9s par le chef d'\u00e9tat-major interminist\u00e9riel de zone de d\u00e9fense et\nde s\u00e9curit\u00e9, en accord avec les directeurs des services d'incendie et de secours de la zone sud-est.\nIls sont anim\u00e9s par un cadre de l'EMIZ et/ou un cadre d'un service d'incendie et de secours  d\u00e9sign\u00e9 par le chef\nd'\u00e9tat-major  interminist\u00e9riel  de  zone  de  d\u00e9fense  et  de  s\u00e9curit\u00e9.  Ce  dernier  assure  la  programmation  et  la\nconvocation des r\u00e9unions de ces groupes.\nLa liste des groupes constitu\u00e9s pour l'ann\u00e9e 2025 figure en annexe 2 du pr\u00e9sent arr\u00eat\u00e9. Elle ne fait pas obstacle \u00e0 la\nconstitution ponctuelle, et selon les besoins, de groupes de travail dans d'autres domaines.\nPr\u00e9fecture de la zone de d\u00e9fense et de s\u00e9curit\u00e9 sud-est \n69 419 Lyon cedex \n84_EMIZSE_Etat major interminist\u00e9riel de zone Sud-Est - 69-2025-09-09-00001 - Arr\u00eat\u00e9 portant d\u00e9signation des r\u00e9f\u00e9rents zonaux de\nsp\u00e9cialit\u00e9s, des r\u00e9f\u00e9rents zonaux fonctionnels des SIS 37\nArticle 5 : D\u00e9marche \u00ab pacte capacitaire \u00bb\nAfin  d'accompagner  localement  la  d\u00e9marche  \u00ab pacte  capacitaire \u00bb  impuls\u00e9e  par  l'administration  centrale\n(DGSCGC), les groupes de travail et de sp\u00e9cialit\u00e9 pourront \u00eatre utilement accompagn\u00e9s par un directeur ou\ndirecteur adjoint d'un service d'incendie et de secours r\u00e9f\u00e9rent, conform\u00e9ment aux annexes 1 et 2 du pr\u00e9sent arr\u00eat\u00e9.\nArticle 6 : l'arr\u00eat\u00e9 pr\u00e9fectoral n\u00b0 69-2025-01-14-00001 du 14 janvier 2025 est abrog\u00e9.\nArticle 7 : Ex\u00e9cution\nLe chef d'\u00e9tat-major interminist\u00e9riel de zone sud-est, les directeurs des services d'incendie et de secours de la zone\nsud-est, les r\u00e9f\u00e9rents zonaux de sp\u00e9cialit\u00e9s,  ainsi que leurs adjoints, et les animateurs de groupes de travail zonaux\nmentionn\u00e9s dans le pr\u00e9sent arr\u00eat\u00e9 sont charg\u00e9s, chacun en ce qui le concerne, de l'ex\u00e9cution du pr\u00e9sent arr\u00eat\u00e9 qui\nsera publi\u00e9 au recueil des actes administratifs de la pr\u00e9fecture du Rh\u00f4ne.\nFait \u00e0 LYON, le 9 septembre 2025\nSign\u00e9 par Antoine GU\u00c9RIN, \npr\u00e9fet d\u00e9l\u00e9gu\u00e9 pour la d\u00e9fense et la s\u00e9curit\u00e9\nPr\u00e9fecture de la zone de d\u00e9fense et de s\u00e9curit\u00e9 sud-est \n69 419 Lyon cedex \n84_EMIZSE_Etat major interminist\u00e9riel de zone Sud-Est - 69-2025-09-09-00001 - Arr\u00eat\u00e9 portant d\u00e9signation des r\u00e9f\u00e9rents zonaux de\nsp\u00e9cialit\u00e9s, des r\u00e9f\u00e9rents zonaux fonctionnels des SIS 38\nANNEXE 1\n\u00e0 l'arr\u00eat\u00e9 N\u00b0 69-2025-09-\nportant d\u00e9signation des r\u00e9f\u00e9rents zonaux de sp\u00e9cialit\u00e9s, des r\u00e9f\u00e9rents zonaux fonctionnels des SIS et portant constitution de groupes de travail zonaux\n------\nListe des r\u00e9f\u00e9rents zonaux de sp\u00e9cialit\u00e9s et des r\u00e9f\u00e9rents zonaux fonctionnels des SIS, ainsi que de leurs adjoints,\npour la zone de d\u00e9fense et de s\u00e9curit\u00e9 sud-est\n------\nAnn\u00e9e 2025\nDomaines R\u00e9f\u00e9rents zonaux Adjoints - Coordinateurs zonaux Directeurs r\u00e9f\u00e9rents\nSecours en milieu p\u00e9rilleux et \nmontagne SMPM\nInterventions en milieu p\u00e9rilleux     :  \nCDT S\u00e9bastien RAVEL (SDIS 42) LTN St\u00e9phane VIALLE (SDIS 07)\nCOL Philippe BRIOLS\n(DDA 74)\nInterventions en sites souterrains     :  \nLTN St\u00e9phane VIALLE (SDIS 07)\nADC J\u00e9r\u00f4me ROBERT (SDIS 38)\nADC Fr\u00e9d\u00e9ric MIKULSKI (SDIS 73)\nSecours en montagne     :  \nADC St\u00e9phane VISENTIN (SDIS 73)\nLTN Olivier MARTINAND (SDIS 26)\nLTN Martial SAULNIER (SDIS 74)\nSecours et s\u00e9curit\u00e9 en milieu \naquatique et hyperbare\nSAL\nSAV\nCDT C\u00e9dric HERITIER (SDIS 43)\nR\u00e9f\u00e9rent sauveteurs de surface     :  \nADJ Jo\u00ebl TREMBLY (SDMIS)\nCNE Alexandre VAUTEY (SDIS 74)\nLTN Guillaume SANGLIER (SDIS 63)\nLTN Luc DAVID (SDMIS)\nCOL Yannick TARDIEU\n(DDSIS 15)\nUnit\u00e9 de sauvetage, d'appui et \nde recherche USAR CDT Marc SCHMIDLIN (SDIS 74)\n(focal point Insarag)\nLCL J\u00e9r\u00f4me GIRON (SDIS 42)\nCDT Herv\u00e9 SCHARLY (SDMIS)\nCDT Bertrand TEPAS (SDIS 73)\nCOL R\u00e9mi POMERET\n(DDA 73)\nCynotechnie CYN ADJ Vincent WALL (SDIS 73) LTN Christophe MOGEON (SDIS 74) COL R\u00e9mi POMERET\n(DDA 73)\nRisques radiologiques RAD LCL Fr\u00e9d\u00e9ric LUNEL (SDMIS) CDT Laurent CHEYNIS (SDIS 38)\nCDT Sylvain SAUREL (SDIS 07)\nCGL St\u00e9phane GOUEZEC\n(DDMIS)\nRisques biologiques BIO VCL Olivier RIFFARD (SDMIS) CCH Jehanne OUDOT (SDIS 26) CGL St\u00e9phane GOUEZEC\n(DDMIS)\nRisques chimiques RCH LCL Christophe GAY (SDIS 73) LCL Nicolas RAYMOND (SDIS 63)\nLCL Herv\u00e9 HIGONET (SDIS 74)\nCGL St\u00e9phane GOUEZEC\n(DDMIS)\n84_EMIZSE_Etat major interminist\u00e9riel de zone Sud-Est - 69-2025-09-09-00001 - Arr\u00eat\u00e9 portant d\u00e9signation des r\u00e9f\u00e9rents zonaux de\nsp\u00e9cialit\u00e9s, des r\u00e9f\u00e9rents zonaux fonctionnels des SIS 39\nDomaines R\u00e9f\u00e9rents zonaux Adjoints - Coordinateurs zonaux Directeur-r\u00e9f\u00e9rent\nSant\u00e9 SSSM M\u00e9decin r\u00e9f\u00e9rent zonal\nMCL Na\u00efma BALADI (SDMIS)\nPharmacien coordinateur zonal\nPCL B\u00e9renger BORDAS (SDMIS)\nV\u00e9t\u00e9rinaire coordinateur zonal\nVCL Olivier RIFFARD (SDMIS)\nCadre de sant\u00e9 coordinateur zonal\nCCD Val\u00e9rie DIEMOZ (SDIS 26)\nPsychologue coordinateur zonal\nPSY Guillaume CHABOUD (SDMIS)\nIGL Fr\u00e9d\u00e9ric DELCROIX\n(CEMIZ)\nFeux de for\u00eats FDF LCL Alain PRADON (SDIS 26)\nLCL Pascal THOMAS (SDIS 63)\nCDT Jean-Baptiste MERLEY (SDIS 42)\nLCL Beno\u00eet ROSSOW (SDIS 01)\nCHC Vincent HONOR\u00c9\n(DDSIS 07)\nSyst\u00e8mes d'information et de \ncommunication - Transmissions\nSIC\nTRS\nDSI\nCDT St\u00e9phane COLLARD (SDIS 42)\nDirecteur des syst\u00e8mes d'information     :  \nM. Baptiste DOUCET (SDMIS)\nCDT Anthony GALBOIS (SDIS 03)\nLCL Eric PENNE (SDIS 73) CGL Eric MEUNIER\n(DDSIS 42)\nEncadrement des activit\u00e9s \nphysiques et sportives EAP LTN J\u00e9r\u00f4me LABROSSE (SDMIS) LTN Florent MAGNE (SDIS 73)\nLTN Thomas SKRZYNSKI (SDIS 42)\nCGL Christophe GLASIAN\n(DDSIS 63)\nSecourisme\nSecours d'urgence aux \npersonnes\nSUAP ADC St\u00e9phanie BUSTAFFA (SDIS 73)\nADC Fr\u00e9d\u00e9ric DELMAS (SDIS 15)\nCNE M\u00e9lissa AKLI-CARDIN (SDIS 42)\nLTN Fabrice REYBARD (SDMIS)\nCHC Nicolas MARILLET\n(DDSIS 74)\nPr\u00e9vention PRV LCL Alain GIRY (SDMIS) CDT Thierry DABERT (SDIS 63) COL Guillaume OTTAVI\n(DDA 43)\nPr\u00e9vision PRS LCL David MARCHANDEAU (SDIS 38) CDT Gr\u00e9gory TOINON (SDMIS)\nM. Olivier NEWINGER (SDIS 63)\nCOL Guillaume OTTAVI\n(DDA 43)\nFormation et d\u00e9veloppement des\ncomp\u00e9tences FOR CDT Eric PEREZ (SDIS 43) LCL Beno\u00eet MAURIN (SDIS 26) COL Pierre-Marie\nGRANDCOLAS (DDA 01)\n84_EMIZSE_Etat major interminist\u00e9riel de zone Sud-Est - 69-2025-09-09-00001 - Arr\u00eat\u00e9 portant d\u00e9signation des r\u00e9f\u00e9rents zonaux de\nsp\u00e9cialit\u00e9s, des r\u00e9f\u00e9rents zonaux fonctionnels des SIS 40\nANNEXE 2\n\u00e0 l'arr\u00eat\u00e9 N\u00b0 69-2025-09-\nportant d\u00e9signation des r\u00e9f\u00e9rents zonaux de sp\u00e9cialit\u00e9s, des r\u00e9f\u00e9rents zonaux fonctionnels des SIS et portant constitution de groupes de travail zonaux\nListe des groupes de travail zonaux\n------\nAnn\u00e9e 2025\nIntitul\u00e9 du groupe Animateurs et\ncomposition indicative Objectifs principaux Directeur-r\u00e9f\u00e9rent\nCoordination \nop\u00e9rationnelle des \nSIS\nLCL Nicolas BLEYON (EMIZ)\nLCL Fr\u00e9d\u00e9ric GAY (SDIS 42)\nResponsables Op\u00e9rations des SIS\nInformations op\u00e9rationnelles de niveau zonal et de niveau national\nConstitution et formatage des groupes \u00e0 vocation interd\u00e9partementale\nMise en commun des probl\u00e8mes avec les organismes ext\u00e9rieurs\nCadrage de l'\u00e9volution des sp\u00e9cialit\u00e9s \u00e0 vocation interd\u00e9partementale\nIGL Fr\u00e9d\u00e9ric DELCROIX\n(CEMIZ)\nOrganisation et \ndoctrine \nop\u00e9rationnelles dans\nle domaine nautique\nLCL Pascal PACHE (SDMIS)\nLCL David MARCHANDEAU (SDIS 38)\nR\u00e9f\u00e9rents SAL et SAV\nOrganisation et fonctionnement actuels et dans le cadre d'un dispositif\nzonal dans les domaines du risque fluvial et des activit\u00e9s de plong\u00e9e, \nde sauvetage en surface et de navigation en eaux int\u00e9rieures\nCHC Bertrand BARAY\n(DDA 26)\nEmploi des a\u00e9ronefs\nt\u00e9l\u00e9 pilot\u00e9s de lutte, \nappui et secours\nCDT VOGEL (SDIS 63)\nCNE DUCHAMP (SDMIS)\nT\u00e9l\u00e9 pilotes des SIS de la zone\nOrientations zonales en mati\u00e8re d'emploi et de mutualisation\nVeilles technologiques et r\u00e9glementaire d'emploi des drones et \nd'usage des images\nCHC Nicolas MARILLET\n(DDSIS 74)\nPilotage par la \nperformance \nglobale\nDirecteurs des SIS de la zone\nou cadres d\u00e9sign\u00e9s par eux\nAnalyse et mise en \u0153uvre de la d\u00e9marche EFQH - CAF - PPG\nD\u00e9clinaison au plan zonal de l'approche nationale\nCHC Philippe SANSA\n(DDSIS 03)\nSant\u00e9, s\u00e9curit\u00e9 et \nqualit\u00e9 de vie en \nservice (SSQVS)\nMme \u00c9milie BARRAT (SDIS 63)\nPr\u00e9venteurs des SIS de la zone\nR\u00e9f\u00e9rents zonaux SSQVS pour la DGSCGC - IGSCGC\nAnimation du r\u00e9seau des pr\u00e9venteurs des SIS de la zone sud-est\nCGL Christophe GLASIAN\n(DDSIS 63)\nTechnique et \nlogistique\nMme Anne-C\u00e9cile LI\u00c8VRE (SDIS 38)\nResponsables Techniques et Logistique \ndes SIS de la zone\nAnimation du r\u00e9seau des responsables techniques et logistique des\nSIS\nPartage des bonnes pratiques, des \u00e9volutions techniques et des alertes\nde s\u00e9curit\u00e9 sur les mat\u00e9riels et \u00e9quipements\nIdentifier les besoins communs, partager la r\u00e9daction des cahiers des\ncharges et favoriser les achats group\u00e9s entre SIS\nCGL J\u00e9r\u00f4me PETITPOISSON\n(DDSIS 38)\nProtection du \npatrimoine culturel\nCDT R\u00e9mi FOREY (SDMIS)\nLTN St\u00e9phane GODEFROY (SDIS 74)\nD\u00e9finir et partager une doctrine/m\u00e9thodologie op\u00e9rationnelle zonale\nD\u00e9finir une r\u00e9ponse op\u00e9rationnelle et une couverture zonale int\u00e9grant\nune r\u00e9partition des acquisitions de mat\u00e9riels entre SIS\nProposer des formations et exercices interd\u00e9partementaux de mise en\n\u0153uvre\n84_EMIZSE_Etat major interminist\u00e9riel de zone Sud-Est - 69-2025-09-09-00001 - Arr\u00eat\u00e9 portant d\u00e9signation des r\u00e9f\u00e9rents zonaux de\nsp\u00e9cialit\u00e9s, des r\u00e9f\u00e9rents zonaux fonctionnels des SIS 41","date":"2025-09-09","first_seen_on":"2025-09-09T11:18:30+00:00","id":"3f24055916e9a40ff73a6ce762b54ac38223026ed63ecbfc98f0fdc0f3fca72a","name":"RAA_69-2025-229-090925","pdf_creation_date":"2025-09-09T10:45:15+00:00","pdf_modification_date":"2025-09-09T11:46:58+00:00","timezone":"Europe/Paris","url":"https://www.rhone.gouv.fr/contenu/telechargement/65371/441022/file/RAA_69-2025-229-090925.pdf"}
