{"administration":"prefidf","administration_name":"Pr\u00e9fecture de la r\u00e9gion \u00cele-de-France","content":"PREFECTURE\nREGION ILE DE\nFRANCE\nRECUEIL DES ACTES\nADMINISTRATIFS SP\u00c9CIAL\nN\u00b0IDF-046-2026-01\nPUBLI\u00c9 LE 26 JANVIER 2026\nSommaire\nChambre r\u00e9gionale des comptes d'Ile-de-France /\nIDF-2026-01-26-00003 - Arr\u00eat\u00e9 n\u00b0 26-10 portant d\u00e9l\u00e9gation de\nsignature  (N. Turon-Cherrat PS 1\u00e8re section) (2 pages) Page 3\nIDF-2026-01-26-00004 - Arr\u00eat\u00e9 n\u00b0 26-11 portant d\u00e9l\u00e9gation de\nsignature  (P. Prioleaud PS 2\u00e8me section) (2 pages) Page 6\nIDF-2026-01-26-00005 - Arr\u00eat\u00e9 n\u00b0 26-12 portant d\u00e9l\u00e9gation de\nsignature (A. Gagnepain PS 3\u00e8me section) (2 pages) Page 9\nIDF-2026-01-26-00006 - Arr\u00eat\u00e9 n\u00b0 26-13 portant d\u00e9l\u00e9gation de\nsignature (P. Vidal PS 4\u00e8me section) (2 pages) Page 12\nIDF-2026-01-26-00007 - Arr\u00eat\u00e9 n\u00b0 26-14 portant d\u00e9l\u00e9gation de\nsignature (H. Merlin PS 5\u00e8me section) (2 pages) Page 15\nIDF-2026-01-26-00008 - Arr\u00eat\u00e9 n\u00b0 26-15 portant d\u00e9l\u00e9gation de\nsignature (C. Royer PS 6\u00e8me section) (2 pages) Page 18\nIDF-2026-01-26-00009 - Arr\u00eat\u00e9 n\u00b0 26-16 portant d\u00e9l\u00e9gation de\nsignature (A. Dezitter PS 7\u00e8me section) (2 pages) Page 21\nDirection r\u00e9gionale et interd\u00e9partementale de l'\u00e9conomie, de l'emploi,\ndu travail et des solidarit\u00e9s d'\u00cele-de-France / secr\u00e9tariat de direction\nIDF-2026-01-26-00002 - Arr\u00eat\u00e9 n\u00b0 2026-005 du 26 janvier 2026 portant\nsubd\u00e9l\u00e9gation de signature en mati\u00e8re d'ordonnancement\nsecondaire des recettes et des d\u00e9penses de l'\u00c9tat aux agents de la\nDRIEETS d'\u00cele-de-France (15 pages) Page 24\nGIP-IFITS (Groupement d'Int\u00e9r\u00eat Public - Institut de Formation\nInterhospitalier Th\u00e9odore Simon) /\nIDF-2025-11-17-00025 - D\u00e9cision 2025-08 portant d\u00e9l\u00e9gation de\nsignature au b\u00e9n\u00e9fice de madame Gina Picard (1 page) Page 40\n2\nChambre r\u00e9gionale des comptes d'Ile-de-France\nIDF-2026-01-26-00003\nArr\u00eat\u00e9 n\u00b0 26-10 portant d\u00e9l\u00e9gation de signature \n(N. Turon-Cherrat PS 1\u00e8re section)\nChambre r\u00e9gionale des comptes d'Ile-de-France - IDF-2026-01-26-00003 - Arr\u00eat\u00e9 n\u00b0 26-10 portant d\u00e9l\u00e9gation de signature  (N.\nTuron-Cherrat PS 1\u00e8re section) 3\nChambre territorialedes comptesSaint-Pierre-et-MiquelonChambre r\u00e9gionaledes comptes\u00cele-de-France\n1/2 \n  \nARR\u00caT\u00c9 N\u00b0 26 - 10 \n \nPORTANT D\u00c9L\u00c9GATION DE SIGNATURE \n \n \nLe conseiller ma\u00eetre \u00e0 la Cour des comptes, pr\u00e9sident de la chambre r\u00e9gionale des comptes \n\u00cele-de-France, pr\u00e9sident de la chambre territoriale des comptes Saint-Pierre-et-Miquelon ; \n \nVU le code des juridictions financi\u00e8res, notamment les articles R. 212-4 et R. 212-10 ; \n \nVU l'arr\u00eat\u00e9 du Premier pr\u00e9sident de la Cour des comptes en date du 29 janvier 2019 par \nlequel Madame Nicole Turon-Cherrat, pr\u00e9sidente de section, est affect\u00e9e \u00e0 la chambre \nr\u00e9gionale des comptes Ile-de-France \u00e0 compter du 23 juin 2019 ; \nVU l'arr\u00eat\u00e9 n\u00b0 26-01 du 5 janvier 2026 du pr\u00e9sident de la chambre r\u00e9gionale des comptes \u00cele-\nde-France affectant Madame Nicole Turon-Cherrat en qualit\u00e9 de pr\u00e9sidente de la \n1\u00e8re section, \u00e0 compter du 14 f\u00e9vrier 2023 ; \n \n \n \nA R R \u00ca T E \n \n \nARTICLE 1 : Dans les mati\u00e8res \u00e9num\u00e9r\u00e9es \u00e0 l'article 2 du pr\u00e9sent arr\u00eat\u00e9 et pour les affaires \nrelevant de la comp\u00e9tence de la 1\u00e8re section, d\u00e9l\u00e9gation est donn\u00e9e \u00e0 Madame Nicole Turon-\nCherrat, pr\u00e9sidente de section, pour signer aux lieu et place du pr\u00e9sident de la chambre \nr\u00e9gionale des comptes d'\u00cele-de-France et de la chambre territoriale des comptes de Saint-\nPierre-et-Miquelon. \n \n \nARTICLE 2 : La d\u00e9l\u00e9gation de signature consentie \u00e0 Madame Nicole Turon-Cherrat, \ns'exerce dans les mati\u00e8res ci-apr\u00e8s : \n \n\uf0fc Lettres octroyant des d\u00e9lais suppl\u00e9mentaires de r\u00e9ponse aux rapports \nd'observations ; \n\uf0fc Lettres de r\u00e9ponse aux signalements re\u00e7us directement \u00e0 la chambre, sans passer \npar la plate-forme d\u00e9di\u00e9e ; \n\uf0fc Lettres informant le pr\u00e9fet et le comptable public des personnes charg\u00e9es de \nl'instruction des demandes d'avis budg\u00e9taires ; \n\uf0fc Lettres indiquant aux ordonnateurs la date limite de pr\u00e9sentation de leurs \nobservations en mati\u00e8re de contr\u00f4le des actes budg\u00e9taires (CJF, article R. 244-1) ; \n\uf0fc Ordres de distribution des affaires aux rapporteurs de la section, lorsqu'il ne s'agit \npas des affaires attribu\u00e9es par la d\u00e9cision annuelle r\u00e9partissant les travaux entre \nles magistrats et ses modificatifs. \n \n \n \nChambre r\u00e9gionale des comptes d'Ile-de-France - IDF-2026-01-26-00003 - Arr\u00eat\u00e9 n\u00b0 26-10 portant d\u00e9l\u00e9gation de signature  (N.\nTuron-Cherrat PS 1\u00e8re section) 4\n2/2 \n \n \n \n \n \nARTICLE 3 : Les signatures donn\u00e9es en vertu des dispositions de l'article 2 du pr\u00e9sent \narr\u00eat\u00e9 sont pr\u00e9c\u00e9d\u00e9es de la mention : \u00ab Pour le pr\u00e9sident et par d\u00e9l\u00e9gation \u00bb. \n \nLe pr\u00e9sident de la chambre est destinataire d'une copie des correspondances sign\u00e9es en \napplication desdites dispositions. \n \nIl est tenu inform\u00e9 par Madame Nicole Turon-Cherrat, de toute difficult\u00e9 relative \u00e0 l'exercice \nde la d\u00e9l\u00e9gation de signature. \n \n \nARTICLE 4 : L'arr\u00eat\u00e9 n\u00b0 23-60 du 22 mai 2023 est abrog\u00e9. \n \n \nARTICLE 5 : Le secr\u00e9taire g\u00e9n\u00e9ral de la chambre r\u00e9gionale des comptes \u00cele-de-France est \ncharg\u00e9 de l'ex\u00e9cution du pr\u00e9sent arr\u00eat\u00e9, qui sera publi\u00e9 au recueil des actes administratifs de \nla pr\u00e9fecture de la r\u00e9gion \u00cele-de-France. \n \n \n \n \n \n \nFait \u00e0 Noisiel, le 26 janvier 2026 \n \n \n \n \n \nSign\u00e9   \n \n     Thierry VUGHT \nChambre r\u00e9gionale des comptes d'Ile-de-France - IDF-2026-01-26-00003 - Arr\u00eat\u00e9 n\u00b0 26-10 portant d\u00e9l\u00e9gation de signature  (N.\nTuron-Cherrat PS 1\u00e8re section) 5\nChambre r\u00e9gionale des comptes d'Ile-de-France\nIDF-2026-01-26-00004\nArr\u00eat\u00e9 n\u00b0 26-11 portant d\u00e9l\u00e9gation de signature \n(P. Prioleaud PS 2\u00e8me section)\nChambre r\u00e9gionale des comptes d'Ile-de-France - IDF-2026-01-26-00004 - Arr\u00eat\u00e9 n\u00b0 26-11 portant d\u00e9l\u00e9gation de signature  (P. Prioleaud\nPS 2\u00e8me section) 6\nChambre territorialedes comptesSaint-Pierre-et-MiquelonChambre r\u00e9gionaledes comptes\u00cele-de-France\n1/2 \n  \nARR\u00caT\u00c9 N\u00b0 26 - 11 \n \nPORTANT D\u00c9L\u00c9GATION DE SIGNATURE \n \n \nLe conseiller ma\u00eetre \u00e0 la Cour des comptes, pr\u00e9sident de la chambre r\u00e9gionale des comptes \n\u00cele-de-France, pr\u00e9sident de la chambre territoriale des comptes Saint-Pierre-et-Miquelon ; \n \n \nVU le code des juridictions financi\u00e8res, notamment les articles R. 212-4 et R. 212-10 ; \n \nVU l'arr\u00eat\u00e9 du Premier pr\u00e9sident de la Cour des comptes en date du 26 d\u00e9cembre 2017 par \nlequel Monsieur Patrick Prioleaud, pr\u00e9sident de section, est affect\u00e9 \u00e0 la chambre r\u00e9gionale \ndes comptes \u00cele-de-France, \u00e0 compter du 1er janvier 2018 ; \n \nVU l'arr\u00eat\u00e9 n\u00b0 26-01 du 5 janvier 2026 du pr\u00e9sident de la chambre r\u00e9gionale des comptes \u00cele-\nde-France affectant Monsieur Patrick Prioleaud en qualit\u00e9 de pr\u00e9sident de la 2\u00e8me section ; \n \n \n \nA R R \u00ca T E \n \n \nARTICLE 1 : Dans les mati\u00e8res \u00e9num\u00e9r\u00e9es \u00e0 l'article 2 du pr\u00e9sent arr\u00eat\u00e9 et pour les affaires \nrelevant de la comp\u00e9tence de la 2\u00e8me section, d\u00e9l\u00e9gation est donn\u00e9e \u00e0 Monsieur Patrick \nPrioleaud, pr\u00e9sident de section, pour signer aux lieu et place du pr\u00e9sident de la chambre \nr\u00e9gionale des comptes d'\u00cele-de-France et de la chambre territoriale des comptes de Saint-\nPierre-et-Miquelon. \n \n \nARTICLE 2 : La d\u00e9l\u00e9gation de signature consentie \u00e0 Monsieur Patrick Prioleaud, s'exerce \ndans les mati\u00e8res ci-apr\u00e8s : \n \n\uf0fc Lettres octroyant des d\u00e9lais suppl\u00e9mentaires de r\u00e9ponse aux rapports \nd'observations ; \n\uf0fc Lettres de r\u00e9ponse aux signalements re\u00e7us directement \u00e0 la chambre, sans passer \npar la plate-forme d\u00e9di\u00e9e ; \n\uf0fc Lettres informant le pr\u00e9fet et le comptable public des personnes charg\u00e9es de \nl'instruction des demandes d'avis budg\u00e9taires ; \n\uf0fc Lettres indiquant aux ordonnateurs la date limite de pr\u00e9sentation de leurs \nobservations en mati\u00e8re de contr\u00f4le des actes budg\u00e9taires (CJF, article R. 244-1) ; \n\uf0fc Ordres de distribution des affaires aux rapporteurs de la section, lorsqu'il ne s'agit \npas des affaires attribu\u00e9es par la d\u00e9cision annuelle r\u00e9partissant les travaux entre \nles magistrats et ses modificatifs. \n \n \n \nChambre r\u00e9gionale des comptes d'Ile-de-France - IDF-2026-01-26-00004 - Arr\u00eat\u00e9 n\u00b0 26-11 portant d\u00e9l\u00e9gation de signature  (P. Prioleaud\nPS 2\u00e8me section) 7\n2/2 \n \n \n \n \n \n \nARTICLE 3 : Les signatures donn\u00e9es en vertu des dispositions de l'article 2 du pr\u00e9sent \narr\u00eat\u00e9 sont pr\u00e9c\u00e9d\u00e9es de la mention : \u00ab Pour le pr\u00e9sident et par d\u00e9l\u00e9gation \u00bb. \n \nLe pr\u00e9sident de la chambre est destinataire d'une copie des correspondances sign\u00e9es en \napplication desdites dispositions. \n \nIl est tenu inform\u00e9 par Monsieur Patrick Prioleaud, de toute difficult\u00e9 relative \u00e0 l'exercice de \nla d\u00e9l\u00e9gation de signature. \n \n \n \nARTICLE 4 : L'arr\u00eat\u00e9 n\u00b0 23-61 du 22 mai 2023 est abrog\u00e9. \n \n \n \nARTICLE 5 : Le secr\u00e9taire g\u00e9n\u00e9ral de la chambre r\u00e9gionale des comptes \u00cele-de-France est \ncharg\u00e9 de l'ex\u00e9cution du pr\u00e9sent arr\u00eat\u00e9, qui sera publi\u00e9 au recueil des actes administratifs de \nla pr\u00e9fecture de la r\u00e9gion \u00cele-de-France. \n \n \n \n \n \n \nFait \u00e0 Noisiel, le 26 janvier 2026 \n \n \n \n \n \n \nSign\u00e9   \n \n     Thierry VUGHT \n \n \n \n \n \n \n \nChambre r\u00e9gionale des comptes d'Ile-de-France - IDF-2026-01-26-00004 - Arr\u00eat\u00e9 n\u00b0 26-11 portant d\u00e9l\u00e9gation de signature  (P. Prioleaud\nPS 2\u00e8me section) 8\nChambre r\u00e9gionale des comptes d'Ile-de-France\nIDF-2026-01-26-00005\nArr\u00eat\u00e9 n\u00b0 26-12 portant d\u00e9l\u00e9gation de signature\n(A. Gagnepain PS 3\u00e8me section)\nChambre r\u00e9gionale des comptes d'Ile-de-France - IDF-2026-01-26-00005 - Arr\u00eat\u00e9 n\u00b0 26-12 portant d\u00e9l\u00e9gation de signature (A.\nGagnepain PS 3\u00e8me section) 9\nChambre territorialedes comptesSaint-Pierre-et-MiquelonChambre r\u00e9gionaledes comptes\u00cele-de-France\n1/2 \n  \nARR\u00caT\u00c9 N\u00b0 26 - 12  \n \nPORTANT D\u00c9L\u00c9GATION DE SIGNATURE \n \n \nLe conseiller ma\u00eetre \u00e0 la Cour des comptes, pr\u00e9sident de la chambre r\u00e9gionale des comptes \n\u00cele-de-France, pr\u00e9sident de la chambre territoriale des comptes Saint-Pierre-et-Miquelon ; \n \nVU le code des juridictions financi\u00e8res, notamment les articles R. 212-4 et R. 212-10 ; \nVU le d\u00e9cret de la premi\u00e8re ministre en date du 22 juin 2023, par lequel Monsieur Alexandre \nGagnepain, premier conseiller de chambre r\u00e9gionale des comptes, est promu pr\u00e9sident de \nsection de chambre r\u00e9gionale des comptes \u00e0 compter du 1er juillet 2023 ; \nVU l'arr\u00eat\u00e9 du Premier pr\u00e9sident de la Cour des comptes en date du 23 juin 2023, par lequel \nMonsieur Alexandre Gagnepain, promu au grade de pr\u00e9sident de section de chambre \nr\u00e9gionale des comptes \u00e0 compter du 1er juillet 2023, est affect\u00e9 \u00e0 la chambre r\u00e9gionale des \ncomptes \u00cele-de-France \u00e0 cette m\u00eame date ; \nVU l'arr\u00eat\u00e9 n\u00b0 n\u00b0 26-01 du 5 janvier 2026 du pr\u00e9sident de la chambre r\u00e9gionale des comptes \n\u00cele-de-France affectant Monsieur Alexandre Gagnepain en qualit\u00e9 de pr\u00e9sident de la \n3\u00e8me section ; \n \n \n \nA R R \u00ca T E \n \n \nARTICLE 1 : Dans les mati\u00e8res \u00e9num\u00e9r\u00e9es \u00e0 l'article 2 du pr\u00e9sent arr\u00eat\u00e9 et pour les affaires \nrelevant de la comp\u00e9tence de la 3\u00e8me section, d\u00e9l\u00e9gation est donn\u00e9e \u00e0 Monsieur Alexandre \nGagnepain, pr\u00e9sident de section, pour signer aux lieu et place du pr\u00e9sident de la chambre \nr\u00e9gionale des comptes d'\u00cele-de-France et de la chambre territoriale des comptes de Saint-\nPierre-et-Miquelon. \n \n \nARTICLE 2 : La d\u00e9l\u00e9gation de signature consentie \u00e0 Monsieur Alexandre Gagnepain \ns'exerce dans les mati\u00e8res ci-apr\u00e8s : \n \n\uf0fc Lettres octroyant des d\u00e9lais suppl\u00e9mentaires de r\u00e9ponse aux rapports \nd'observations ; \n\uf0fc Lettres de r\u00e9ponse aux signalements re\u00e7us directement \u00e0 la chambre, sans passer \npar la plate-forme d\u00e9di\u00e9e ; \nChambre r\u00e9gionale des comptes d'Ile-de-France - IDF-2026-01-26-00005 - Arr\u00eat\u00e9 n\u00b0 26-12 portant d\u00e9l\u00e9gation de signature (A.\nGagnepain PS 3\u00e8me section) 10\n2/2 \n\uf0fc Lettres informant le pr\u00e9fet et le comptable public des personnes charg\u00e9es de \nl'instruction des demandes d'avis budg\u00e9taires ; \n\uf0fc Lettres indiquant aux ordonnateurs la date limite de pr\u00e9sentation de leurs \nobservations en mati\u00e8re de contr\u00f4le des actes budg\u00e9taires (CJF, article R. 244-1) ; \n\uf0fc Ordres de distribution des affaires aux rapporteurs de la section, lorsqu'il ne s'agit \npas des affaires attribu\u00e9es par la d\u00e9cision annuelle r\u00e9partissant les travaux entre \nles magistrats et ses modificatifs. \n \n \n \nARTICLE 3 : Les signatures donn\u00e9es en vertu des dispositions de l'article 2 du pr\u00e9sent \narr\u00eat\u00e9 sont pr\u00e9c\u00e9d\u00e9es de la mention : \u00ab Pour le pr\u00e9sident et par d\u00e9l\u00e9gation \u00bb. \n \nLe pr\u00e9sident de la chambre est destinataire d'une copie des correspondances sign\u00e9es en \napplication desdites dispositions. \n \nIl est tenu inform\u00e9 par Monsieur Alexandre Gagnepain, de toute difficult\u00e9 relative \u00e0 l'exercice \nde la d\u00e9l\u00e9gation de signature. \n \n \n \nARTICLE 4 : L'arr\u00eat\u00e9 n\u00b0 23-77 du 5 juillet 2023 est abrog\u00e9. \n \n \n \nARTICLE 5 : Le secr\u00e9taire g\u00e9n\u00e9ral de la chambre r\u00e9gionale des comptes d'\u00cele-de-France est \ncharg\u00e9 de l'ex\u00e9cution du pr\u00e9sent arr\u00eat\u00e9, qui sera publi\u00e9 au recueil des actes administratifs de \nla pr\u00e9fecture de la r\u00e9gion \u00cele-de-France. \n \n \n \n \nFait \u00e0 Noisiel, le 26 janvier 2026 \n \n \n \n \n \nSign\u00e9   \n \n     Thierry VUGHT \n \nChambre r\u00e9gionale des comptes d'Ile-de-France - IDF-2026-01-26-00005 - Arr\u00eat\u00e9 n\u00b0 26-12 portant d\u00e9l\u00e9gation de signature (A.\nGagnepain PS 3\u00e8me section) 11\nChambre r\u00e9gionale des comptes d'Ile-de-France\nIDF-2026-01-26-00006\nArr\u00eat\u00e9 n\u00b0 26-13 portant d\u00e9l\u00e9gation de signature\n(P. Vidal PS 4\u00e8me section)\nChambre r\u00e9gionale des comptes d'Ile-de-France - IDF-2026-01-26-00006 - Arr\u00eat\u00e9 n\u00b0 26-13 portant d\u00e9l\u00e9gation de signature (P. Vidal PS\n4\u00e8me section) 12\nChambre territorialedes comptesSaint-Pierre-et-Miquelon\nChambre r\u00e9gionaledes comptes\u00cele-de-France\n1/2 \n  \nARR\u00caT\u00c9 N\u00b0 26 - 13 \n \nPORTANT D\u00c9L\u00c9GATION DE SIGNATURE \n \n \nLe conseiller ma\u00eetre \u00e0 la Cour des comptes, pr\u00e9sident de la chambre r\u00e9gionale des comptes \n\u00cele-de-France, pr\u00e9sident de la chambre territoriale des comptes Saint-Pierre-et-Miquelon ; \n \n \nVU le code des juridictions financi\u00e8res, notamment les articles R. 212-4 et R. 212-10 ; \n \nVU l'arr\u00eat\u00e9 du Premier ministre en date du 23 ao\u00fbt 2018 par lequel Monsieur Philippe Vidal, \npr\u00e9sident de section, d\u00e9tach\u00e9, est r\u00e9int\u00e9gr\u00e9 dans le corps des magistrats de chambre \nr\u00e9gionale des comptes \u00e0 compter du 1er octobre 2018 et affect\u00e9 \u00e0 la m\u00eame date au sein de la \nchambre r\u00e9gionale des comptes Ile-de-France ; \n \nVU l'arr\u00eat\u00e9 n\u00b0 26-01 du 5 janvier 2026 du pr\u00e9sident de la chambre r\u00e9gionale des comptes \nd'\u00cele-de-France affectant Monsieur Philippe Vidal en qualit\u00e9 de pr\u00e9sident de la 4\u00e8me section ; \n \n \n \nA R R \u00ca T E \n \n \nARTICLE 1 : Dans les mati\u00e8res \u00e9num\u00e9r\u00e9es \u00e0 l'article 2 du pr\u00e9sent arr\u00eat\u00e9 et pour les affaires \nrelevant de la comp\u00e9tence de la 4\u00e8me section, d\u00e9l\u00e9gation est donn\u00e9e \u00e0 Monsieur Philippe \nVidal, pr\u00e9sident de section, pour signer aux lieu et place du pr\u00e9sident de la chambre \nr\u00e9gionale des comptes d'\u00cele-de-France et de la chambre territoriale des comptes de Saint-\nPierre-et-Miquelon. \n \n \nARTICLE 2 : La d\u00e9l\u00e9gation de signature consentie \u00e0 Monsieur Philippe Vidal s'exerce dans \nles mati\u00e8res ci-apr\u00e8s : \n \n\uf0fc Lettres octroyant des d\u00e9lais suppl\u00e9mentaires de r\u00e9ponse aux rapports \nd'observations ; \n\uf0fc Lettres de r\u00e9ponse aux signalements re\u00e7us directement \u00e0 la chambre, sans passer \npar la plate-forme d\u00e9di\u00e9e ; \n\uf0fc Lettres informant le pr\u00e9fet et le comptable public des personnes charg\u00e9es de \nl'instruction des demandes d'avis budg\u00e9taires ; \n\uf0fc Lettres indiquant aux ordonnateurs la date limite de pr\u00e9sentation de leurs \nobservations en mati\u00e8re de contr\u00f4le des actes budg\u00e9taires (CJF, article R. 244-1) ; \n\uf0fc Ordres de distribution des affaires aux rapporteurs de la section, lorsqu'il ne s'agit \npas des affaires attribu\u00e9es par la d\u00e9cision annuelle r\u00e9partissant les travaux entre \nles magistrats et ses modificatifs. \nChambre r\u00e9gionale des comptes d'Ile-de-France - IDF-2026-01-26-00006 - Arr\u00eat\u00e9 n\u00b0 26-13 portant d\u00e9l\u00e9gation de signature (P. Vidal PS\n4\u00e8me section) 13\n2/2 \n \n \n \n \nARTICLE 3 : Les signatures donn\u00e9es en vertu des dispositions de l'article 2 du pr\u00e9sent \narr\u00eat\u00e9 sont pr\u00e9c\u00e9d\u00e9es de la mention : \u00ab Pour le pr\u00e9sident et par d\u00e9l\u00e9gation \u00bb. \n \nLe pr\u00e9sident de la chambre est destinataire d'une copie des correspondances sign\u00e9es en \napplication desdites dispositions. \n \nIl est tenu inform\u00e9 par Monsieur Philippe Vidal, de toute difficult\u00e9 relative \u00e0 l'exercice de la \nd\u00e9l\u00e9gation de signature. \n \n \n \nARTICLE 4 : L'arr\u00eat\u00e9 n\u00b0 23-63 du 22 mai 2023 est abrog\u00e9. \n \n \n \nARTICLE 5 : Le secr\u00e9taire g\u00e9n\u00e9ral de la chambre r\u00e9gionale des comptes d'\u00cele-de-France est \ncharg\u00e9 de l'ex\u00e9cution du pr\u00e9sent arr\u00eat\u00e9, qui sera publi\u00e9 au recueil des actes administratifs de \nla pr\u00e9fecture de la r\u00e9gion \u00cele-de-France. \n \n \n \n \n \n \nFait \u00e0 Noisiel, le 26 janvier 2026 \n \n \n \n \n \n \nSign\u00e9   \n \n     Thierry VUGHT \n \nChambre r\u00e9gionale des comptes d'Ile-de-France - IDF-2026-01-26-00006 - Arr\u00eat\u00e9 n\u00b0 26-13 portant d\u00e9l\u00e9gation de signature (P. Vidal PS\n4\u00e8me section) 14\nChambre r\u00e9gionale des comptes d'Ile-de-France\nIDF-2026-01-26-00007\nArr\u00eat\u00e9 n\u00b0 26-14 portant d\u00e9l\u00e9gation de signature\n(H. Merlin PS 5\u00e8me section)\nChambre r\u00e9gionale des comptes d'Ile-de-France - IDF-2026-01-26-00007 - Arr\u00eat\u00e9 n\u00b0 26-14 portant d\u00e9l\u00e9gation de signature (H. Merlin PS\n5\u00e8me section) 15\nChambre territorialedes comptesSaint-Pierre-et-MiquelonChambre r\u00e9gionaledes comptes\u00cele-de-France\n1/2 \n  \nARR\u00caT\u00c9 N\u00b0 26 - 14 \n \nPORTANT D\u00c9L\u00c9GATION DE SIGNATURE \n \n \nLe conseiller ma\u00eetre \u00e0 la Cour des comptes, pr\u00e9sident de la chambre r\u00e9gionale des comptes \n\u00cele-de-France, pr\u00e9sident de la chambre territoriale des comptes Saint-Pierre-et-Miquelon ; \n \n \nVU le code des juridictions financi\u00e8res, notamment les articles R. 212-4 et R. 212-10 ; \n \nVU le d\u00e9cret du premier ministre en date du 18 d\u00e9cembre 2024 par lequel Monsieur Herv\u00e9 \nMerlin, premier conseiller, est promu conseiller pr\u00e9sident de chambre r\u00e9gionale des \ncomptes, \u00e0 compter du 1er janvier 2025 ; \nVU l'arr\u00eat\u00e9 du Premier pr\u00e9sident de la Cour des comptes en date du 8 avril 2025, par lequel \nMonsieur Herv\u00e9 Merlin, conseiller pr\u00e9sident, est nomm\u00e9 dans les fonctions de pr\u00e9sident de \nsection \u00e0 la chambre r\u00e9gionale des comptes \u00cele-de-France et Saint-Pierre-et-Miquelon, \u00e0 \ncompter du 1er mai 2025, pour une dur\u00e9e de trois ans ; \n \nVU l'arr\u00eat\u00e9 de composition des sections n\u00b0 26-01 du 5 janvier 2026 du pr\u00e9sident de la \nchambre r\u00e9gionale des comptes \u00cele-de-France affectant Monsieur Herv\u00e9 Merlin en qualit\u00e9 de \npr\u00e9sident de la 5\u00e8me section ; \n \n \nA R R \u00ca T E \n \n \nARTICLE 1 : Dans les mati\u00e8res \u00e9num\u00e9r\u00e9es \u00e0 l'article 2 du pr\u00e9sent arr\u00eat\u00e9 et pour les affaires \nrelevant de la comp\u00e9tence de la 5\u00e8me section, d\u00e9l\u00e9gation est donn\u00e9e \u00e0 Monsieur Herv\u00e9 \nMerlin, pr\u00e9sident de section, pour signer aux lieu et place du pr\u00e9sident de la chambre \nr\u00e9gionale des comptes d'\u00cele-de-France et de la chambre territoriale des comptes de Saint-\nPierre-et-Miquelon. \n \n \n \nARTICLE 2 : La d\u00e9l\u00e9gation de signature consentie \u00e0 Monsieur Herv\u00e9 Merlin, s'exerce dans \nles mati\u00e8res ci-apr\u00e8s : \n \n\uf0fc Lettres octroyant des d\u00e9lais suppl\u00e9mentaires de r\u00e9ponse aux rapports \nd'observations ; \n\uf0fc Lettres de r\u00e9ponse aux signalements re\u00e7us directement \u00e0 la chambre, sans passer \npar la plate-forme d\u00e9di\u00e9e ; \n\uf0fc Lettres indiquant aux ordonnateurs la date limite de pr\u00e9sentation de leurs \nobservations en mati\u00e8re de contr\u00f4le des actes budg\u00e9taires (CJF, article R. 244-1) ; \nChambre r\u00e9gionale des comptes d'Ile-de-France - IDF-2026-01-26-00007 - Arr\u00eat\u00e9 n\u00b0 26-14 portant d\u00e9l\u00e9gation de signature (H. Merlin PS\n5\u00e8me section) 16\n2/2 \n\uf0fc Ordres de distribution des affaires aux rapporteurs de la section, lorsqu'il ne s'agit \npas des affaires attribu\u00e9es par la d\u00e9cision annuelle r\u00e9partissant les travaux entre \nles magistrats et ses modificatifs. \n \n \n \n \n \n \nARTICLE 3 : Les signatures donn\u00e9es en vertu des dispositions de l'article 2 du pr\u00e9sent \narr\u00eat\u00e9 sont pr\u00e9c\u00e9d\u00e9es de la mention : \u00ab Pour le pr\u00e9sident et par d\u00e9l\u00e9gation \u00bb. \n \nLe pr\u00e9sident de la chambre est destinataire d'une copie des correspondances sign\u00e9es en \napplication desdites dispositions. \n \nIl est tenu inform\u00e9 par Monsieur Herv\u00e9 Merlin, de toute difficult\u00e9 relative \u00e0 l'exercice de la \nd\u00e9l\u00e9gation de signature. \n \n \nARTICLE 4 : L'arr\u00eat\u00e9 n\u00b0 25-36 du 9 avril 2025 est abrog\u00e9. \n \n \nARTICLE 5 : Le secr\u00e9taire g\u00e9n\u00e9ral de la chambre r\u00e9gionale des comptes \u00cele-de-France est \ncharg\u00e9 de l'ex\u00e9cution du pr\u00e9sent arr\u00eat\u00e9, qui sera publi\u00e9 au recueil des actes administratifs de \nla pr\u00e9fecture de la r\u00e9gion \u00cele-de-France. \n \n \n \n \n \n \nFait \u00e0 Noisiel, le 26 janvier 2026 \n \n \n \n \n \n \nSign\u00e9   \n \n     Thierry VUGHT \n \nChambre r\u00e9gionale des comptes d'Ile-de-France - IDF-2026-01-26-00007 - Arr\u00eat\u00e9 n\u00b0 26-14 portant d\u00e9l\u00e9gation de signature (H. Merlin PS\n5\u00e8me section) 17\nChambre r\u00e9gionale des comptes d'Ile-de-France\nIDF-2026-01-26-00008\nArr\u00eat\u00e9 n\u00b0 26-15 portant d\u00e9l\u00e9gation de signature\n(C. Royer PS 6\u00e8me section)\nChambre r\u00e9gionale des comptes d'Ile-de-France - IDF-2026-01-26-00008 - Arr\u00eat\u00e9 n\u00b0 26-15 portant d\u00e9l\u00e9gation de signature (C. Royer PS\n6\u00e8me section) 18\nChambre territorialedes comptesSaint-Pierre-et-Miquelon\nChambre r\u00e9gionaledes comptes\u00cele-de-France\n1/2 \n  \nARR\u00caT\u00c9 N\u00b0 26 - 15 \n \nPORTANT D\u00c9L\u00c9GATION DE SIGNATURE \n \n \nLe conseiller ma\u00eetre \u00e0 la Cour des comptes, pr\u00e9sident de la chambre r\u00e9gionale des comptes \n\u00cele-de-France, pr\u00e9sident de la chambre territoriale des comptes Saint-Pierre-et-Miquelon ; \n \n \nVU le code des juridictions financi\u00e8res, notamment les articles R. 212-4 et R. 212-10 ; \n \nVU l'arr\u00eat\u00e9 du Premier pr\u00e9sident de la Cour des comptes en date du 6 janvier 2017 par \nlequel Monsieur Christophe Royer, pr\u00e9sident de section, est affect\u00e9 \u00e0 la chambre r\u00e9gionale \ndes comptes \u00cele-de-France, \u00e0 compter du 1er f\u00e9vrier 2017 ; \n \nVU l'arr\u00eat\u00e9 n\u00b0 26-01 du 5 janvier 2026 du pr\u00e9sident de la chambre r\u00e9gionale des comptes \u00cele-\nde-France affectant Monsieur Christophe Royer en qualit\u00e9 de pr\u00e9sident de la 6\u00e8me section ; \n \n \n \nA R R \u00ca T E \n \n \nARTICLE 1 : Dans les mati\u00e8res \u00e9num\u00e9r\u00e9es \u00e0 l'article 2 du pr\u00e9sent arr\u00eat\u00e9 et pour les affaires \nrelevant de la comp\u00e9tence de la 6\u00e8me section, d\u00e9l\u00e9gation est donn\u00e9e \u00e0 Monsieur Christophe \nRoyer, pr\u00e9sident de section, pour signer aux lieu et place du pr\u00e9sident de la chambre \nr\u00e9gionale des comptes d'\u00cele-de-France et de la chambre territoriale des comptes de Saint-\nPierre-et-Miquelon. \n \n \nARTICLE 2 : La d\u00e9l\u00e9gation de signature consentie \u00e0 Monsieur Christophe Royer s'exerce \ndans les mati\u00e8res ci-apr\u00e8s : \n \n\uf0fc Lettres octroyant des d\u00e9lais suppl\u00e9mentaires de r\u00e9ponse aux rapports \nd'observations ; \n\uf0fc Lettres de r\u00e9ponse aux signalements re\u00e7us directement \u00e0 la chambre, sans passer \npar la plate-forme d\u00e9di\u00e9e ; \n\uf0fc Lettres informant le pr\u00e9fet et le comptable public des personnes charg\u00e9es de \nl'instruction des demandes d'avis budg\u00e9taires ; \n\uf0fc Lettres indiquant aux ordonnateurs la date limite de pr\u00e9sentation de leurs \nobservations en mati\u00e8re de contr\u00f4le des actes budg\u00e9taires (CJF, article R. 244-1) ; \n\uf0fc Ordres de distribution des affaires aux rapporteurs de la section, lorsqu'il ne s'agit \npas des affaires attribu\u00e9es par la d\u00e9cision annuelle r\u00e9partissant les travaux entre les \nmagistrats et ses modificatifs. \n \nChambre r\u00e9gionale des comptes d'Ile-de-France - IDF-2026-01-26-00008 - Arr\u00eat\u00e9 n\u00b0 26-15 portant d\u00e9l\u00e9gation de signature (C. Royer PS\n6\u00e8me section) 19\n2/2 \n \n \n \nARTICLE 3 : Les signatures donn\u00e9es en vertu des dispositions de l'article 2 du pr\u00e9sent \narr\u00eat\u00e9 sont pr\u00e9c\u00e9d\u00e9es de la mention : \u00ab Pour le pr\u00e9sident et par d\u00e9l\u00e9gation \u00bb. \n \nLe pr\u00e9sident de la chambre est destinataire d'une copie des correspondances sign\u00e9es en \napplication desdites dispositions. \n \nIl est tenu inform\u00e9 par Monsieur Christophe Royer, de toute difficult\u00e9 relative \u00e0 l'exercice de \nla d\u00e9l\u00e9gation de signature. \n \n \n \nARTICLE 4 : L'arr\u00eat\u00e9 n\u00b0 23-65 du 22 mai 2023 est abrog\u00e9. \n \n \n \nARTICLE 5 : Le secr\u00e9taire g\u00e9n\u00e9ral de la chambre r\u00e9gionale des comptes \u00cele-de-France est \ncharg\u00e9 de l'ex\u00e9cution du pr\u00e9sent arr\u00eat\u00e9, qui sera publi\u00e9 au recueil des actes administratifs de \nla pr\u00e9fecture de la r\u00e9gion \u00cele-de-France. \n \n \n \n \nFait \u00e0 Noisiel, le 26 janvier 2026 \n \n \n \n \n \n \nSign\u00e9   \n \n     Thierry VUGHT \n \n \nChambre r\u00e9gionale des comptes d'Ile-de-France - IDF-2026-01-26-00008 - Arr\u00eat\u00e9 n\u00b0 26-15 portant d\u00e9l\u00e9gation de signature (C. Royer PS\n6\u00e8me section) 20\nChambre r\u00e9gionale des comptes d'Ile-de-France\nIDF-2026-01-26-00009\nArr\u00eat\u00e9 n\u00b0 26-16 portant d\u00e9l\u00e9gation de signature\n(A. Dezitter PS 7\u00e8me section)\nChambre r\u00e9gionale des comptes d'Ile-de-France - IDF-2026-01-26-00009 - Arr\u00eat\u00e9 n\u00b0 26-16 portant d\u00e9l\u00e9gation de signature (A. Dezitter\nPS 7\u00e8me section) 21\nChambre territorialedes comptesSaint-Pierre-et-Miquelon\nChambre r\u00e9gionaledes comptes\u00cele-de-France\n1/2 \n  \nARR\u00caT\u00c9 N\u00b0 26 - 16 \n \nPORTANT D\u00c9L\u00c9GATION DE SIGNATURE \n \n \nLe conseiller ma\u00eetre \u00e0 la Cour des comptes, pr\u00e9sident de la chambre r\u00e9gionale des comptes \n\u00cele-de-France, pr\u00e9sident de la chambre territoriale des comptes Saint-Pierre-et-Miquelon ; \n \nVU le code des juridictions financi\u00e8res, notamment ses articles R. 212-4 et R. 212-10 ; \nVU le d\u00e9cret du Premier ministre en date du 27 mars 2024 par lequel Monsieur Arnaud \nDezitter, premier conseiller de chambre r\u00e9gionale des comptes, est promu conseiller \npr\u00e9sident de chambre r\u00e9gionale des comptes, \u00e0 compter du 1er avril 2024 ; \nVU l'arr\u00eat\u00e9 du Premier pr\u00e9sident de la Cour des comptes en date du 4 juin 2024 par lequel \nMonsieur Arnaud Dezitter, conseiller pr\u00e9sident de chambre r\u00e9gionale des comptes, est \nnomm\u00e9 dans les fonctions de pr\u00e9sident de section pr\u00e8s la chambre r\u00e9gionale des comptes \n\u00cele-de-France, \u00e0 compter du 15 juillet 2024, pour une dur\u00e9e de trois ans ; \nVU l'arr\u00eat\u00e9 n\u00b0 26-01 du 5 janvier 2026 fixant la composition des sections de la chambre \nr\u00e9gionale des comptes \u00cele-de-France et affectant Monsieur Arnaud Dezitter, conseiller \npr\u00e9sident, en qualit\u00e9 de pr\u00e9sident de la 7\u00e8me section ; \n \nA R R \u00ca T E \n \n \n \nARTICLE 1er : Dans les mati\u00e8res \u00e9num\u00e9r\u00e9es \u00e0 l'article 2 du pr\u00e9sent arr\u00eat\u00e9 et pour les \naffaires relevant de la comp\u00e9tence de la 7\u00e8me section, d\u00e9l\u00e9gation est donn\u00e9e \u00e0 Monsieur \nArnaud Dezitter pr\u00e9sident de section, pour signer aux lieu et place du pr\u00e9sident de la \nchambre r\u00e9gionale des comptes d'\u00cele-de-France et de la chambre territoriale des comptes de \nSaint-Pierre-et-Miquelon. \n \n \nARTICLE 2 : La d\u00e9l\u00e9gation de signature consentie \u00e0 Monsieur Arnaud Dezitter s'exerce \ndans les mati\u00e8res ci-apr\u00e8s : \n\uf0fc Lettres octroyant des d\u00e9lais suppl\u00e9mentaires de r\u00e9ponse aux rapports \nd'observations ; \n\uf0fc Lettres de r\u00e9ponse aux signalements re\u00e7us directement \u00e0 la chambre, sans passer \npar la plate-forme d\u00e9di\u00e9e ; \n\uf0fc Lettres informant le pr\u00e9fet et le comptable public des personnes charg\u00e9es de \nl'instruction des demandes d'avis budg\u00e9taires ; \n\uf0fc Lettres indiquant aux ordonnateurs la date limite de pr\u00e9sentation de leurs \nobservations en mati\u00e8re de contr\u00f4le des actes budg\u00e9taires (CJF, article R. 244-1) ; \nChambre r\u00e9gionale des comptes d'Ile-de-France - IDF-2026-01-26-00009 - Arr\u00eat\u00e9 n\u00b0 26-16 portant d\u00e9l\u00e9gation de signature (A. Dezitter\nPS 7\u00e8me section) 22\n2/2 \n\uf0fc Ordres de distribution des affaires aux rapporteurs de la section, lorsqu'il ne s'agit \npas des affaires attribu\u00e9es par la d\u00e9cision annuelle r\u00e9partissant les travaux entre \nles magistrats et ses modificatifs. \n \n \n \n \nARTICLE 3 : Les signatures donn\u00e9es en vertu des dispositions de l'article 2 du pr\u00e9sent \narr\u00eat\u00e9 sont pr\u00e9c\u00e9d\u00e9es de la mention : \u00ab Pour le pr\u00e9sident et par d\u00e9l\u00e9gation \u00bb. \n \nLe pr\u00e9sident de la chambre est destinataire d'une copie des correspondances sign\u00e9es en \napplication desdites dispositions. \n \nIl est tenu inform\u00e9 par Monsieur Arnaud Dezitter, de toute difficult\u00e9 relative \u00e0 l'exercice de la \nd\u00e9l\u00e9gation de signature. \n \n \n \nARTICLE 4 : L'arr\u00eat\u00e9 n\u00b0 24-84 du 16 juillet 2024 portant d\u00e9l\u00e9gation de signature est abrog\u00e9. \n \n \n \nARTICLE 5 : Le secr\u00e9taire g\u00e9n\u00e9ral de la chambre r\u00e9gionale des comptes d'\u00cele-de-France est \ncharg\u00e9 de l'ex\u00e9cution du pr\u00e9sent arr\u00eat\u00e9, qui sera publi\u00e9 au recueil des actes administratifs de \nla pr\u00e9fecture de la r\u00e9gion \u00cele-de-France. \n \n \n \n \n \nFait \u00e0 Noisiel, le 26 janvier 2026 \n \n \n \n \n \n \nSign\u00e9   \n \n     Thierry VUGHT \n \nChambre r\u00e9gionale des comptes d'Ile-de-France - IDF-2026-01-26-00009 - Arr\u00eat\u00e9 n\u00b0 26-16 portant d\u00e9l\u00e9gation de signature (A. Dezitter\nPS 7\u00e8me section) 23\nDirection r\u00e9gionale et interd\u00e9partementale de\nl'\u00e9conomie, de l'emploi, du travail et des\nsolidarit\u00e9s d'\u00cele-de-France\nIDF-2026-01-26-00002\nArr\u00eat\u00e9 n\u00b0 2026-005 du 26 janvier 2026 portant\nsubd\u00e9l\u00e9gation de signature en mati\u00e8re\nd'ordonnancement secondaire des recettes et\ndes d\u00e9penses de l'\u00c9tat aux agents de la DRIEETS\nd'\u00cele-de-France\nDirection r\u00e9gionale et interd\u00e9partementale de l'\u00e9conomie, de l'emploi, du travail et des solidarit\u00e9s d'\u00cele-de-France -\nIDF-2026-01-26-00002 - Arr\u00eat\u00e9 n\u00b0 2026-005 du 26 janvier 2026 portant subd\u00e9l\u00e9gation de signature en mati\u00e8re d'ordonnancement\nsecondaire des recettes et des d\u00e9penses de l'\u00c9tat aux agents de la DRIEETS d'\u00cele-de-France\n24\nPREFET |DE LA REGIOND'\u00ceLE-DE-FRANCELibert\u00e9Egalit\u00e9Fraternit\u00e9\n Direction r\u00e9gionale et interd\u00e9partementale \nde l'\u00e9conomie, de l'emploi, du travail  \net des solidarit\u00e9s d'\u00cele-de-France  \n \n \nDRIEETS d'Ile de France \n21 rue Madeleine Vionnet \n93300 AUBERVILLIERS \n \n \n \nArr\u00eat\u00e9 n\u00b0 2026-005 du 26 janvier 2026 \n \nPortant subd\u00e9l\u00e9gation de signature en mati\u00e8re d'ordonnancement secondaire des recettes et des \nd\u00e9penses de l'\u00c9tat aux agents de la DRIEETS d'\u00cele-de-France \n \nLE PR\u00c9FET DE LA R\u00c9GION D'\u00ceLE-DE-FRANCE \nPR\u00c9FET DE PARIS \nGRAND OFFICIER DE LA L\u00c9GION D'HONNEUR \nOFFICIER DE L'ORDRE NATIONAL DU M\u00c9RITE \n \n \nVU le code de la commande publique ;  \n \nVU la loi organique n\u00b0 2001-692 du 1er ao\u00fbt 2001 modifi\u00e9e relative aux lois de finances ;  \n \nVU la loi du 4 juillet 1837 modifi\u00e9e relative aux poids et mesures ;  \n \nVU l'ordonnance n\u00b02020-921 du 29 juillet 2020 portant diverses mesures d'accompagnement des salari\u00e9s \ndans le cadre de la fermeture des centrales \u00e0 charbon, notant son article 19  ; \n \nVU le d\u00e9cret n\u00b0 98 -81 du 11 f\u00e9vrier 1998 modifi\u00e9, modifiant la loi n\u00b0 68 -1250 du 31 d\u00e9cembre 1968, et \nrelatif aux d\u00e9cisions prises par l'\u00c9tat en mati\u00e8re de prescription quadriennale ;  \n \nVU le d\u00e9cret n\u00b0 2004-374 du 29 avril 2004 modifi\u00e9 par le d\u00e9cret n\u00b0 2010-146 du 16 f\u00e9vrier 2010, relatif aux \npouvoir des pr\u00e9fets, \u00e0 l'organisation et \u00e0 l'action des services de l'\u00c9tat dans les r\u00e9gions et les \nd\u00e9partements ;  \n \nVU le d\u00e9cret n\u00b02020 -139 du 19 f\u00e9vrier 2020 modifi\u00e9 modifiant certaines dispositions relatives \u00e0 la \npr\u00e9fecture de la r\u00e9gion d'Ile de France, pr\u00e9fecture de Paris ;  \n \nVU le d\u00e9cret n\u00b0 2010-687 du 24 juin 2010 modifi\u00e9 relatif \u00e0 l'organisation et aux missions des services de \nl'\u00c9tat dans la r\u00e9gion et les d\u00e9partements d'\u00cele-de-France ;  \n \nVU le d\u00e9cret n\u00b0 2012 -1246 du 7 novembre 2012 modifi\u00e9 relatif \u00e0 la gestion budg\u00e9taire et comptable \npublique et autorisant diverses exp\u00e9rimentations ;  \n \nVU le d\u00e9cret n\u00b0 2015-510 du 7 mai 2015 modifi\u00e9 portant charte de la d\u00e9concentration ;  \n \nVU le d\u00e9cret n\u00b0 2019-1594 du 31 d\u00e9cembre 2019 modifi\u00e9 relatif aux emplois de direction de l'\u00c9tat ;  \n \nVU le d\u00e9cret n\u00b02020 -1545 du 9 d\u00e9cembre 2020 modifi\u00e9 relatif \u00e0 l'organisation et aux missions des \ndirections r\u00e9gionales de l'\u00e9conomie, de l'emploi, du travail et des solidarit\u00e9s, des directions \nd\u00e9partementales de l'emploi, du travail et des solidarit\u00e9s et des directions d\u00e9partementales de l'emploi, \ndu travail, des solidarit\u00e9s et de la protection des populations ;  \n \nDirection r\u00e9gionale et interd\u00e9partementale de l'\u00e9conomie, de l'emploi, du travail et des solidarit\u00e9s d'\u00cele-de-France -\nIDF-2026-01-26-00002 - Arr\u00eat\u00e9 n\u00b0 2026-005 du 26 janvier 2026 portant subd\u00e9l\u00e9gation de signature en mati\u00e8re d'ordonnancement\nsecondaire des recettes et des d\u00e9penses de l'\u00c9tat aux agents de la DRIEETS d'\u00cele-de-France\n25\n \n2 / 15 \nVU le d\u00e9cret n\u00b0 2021-297 du 18 mars 2021 relatif aux conditions d'application de l'ordonnance n\u00b0 2020 -\n921 du 29 juillet 2020 portant diverses mesures d'accompagnement des salari\u00e9s dans le cadre de la \nfermeture des centrales \u00e0 charbon, notant ses articles 21 \u00e0 24 ; \n \nVU le d\u00e9cret du 22 juillet 2020 portant nomination de Monsieur Marc GUILLAUME en qualit\u00e9 de pr\u00e9fet \nde la r\u00e9gion d'\u00cele-de-France, pr\u00e9fet de Paris ;  \n \nVU l'arr\u00eat\u00e9 minist\u00e9riel du 20 avril 2020 relatif au r\u00e9gime des allocations pour la diversit\u00e9 dans la fonction \npublique ; \n \nVU l'arr\u00eat\u00e9 interminist\u00e9riel du 12 ao\u00fbt  2025 nommant Fabrice MASI  directeur r\u00e9gional et \ninterd\u00e9partemental de l'\u00e9conomie, de l'emploi, du travail et des solidarit\u00e9s d'\u00cele-de-France \u00e0 compter du \n25 ao\u00fbt 2025 ; \n \nVU l'arr\u00eat\u00e9 pr\u00e9fectoral n\u00b0 75 -2021-03-30-00003 du 30 mars 2021 portant organisation de la direction \nr\u00e9gionale et interd\u00e9partementale de l'\u00e9conomie, de l'emploi, du travail, et des solidarit\u00e9s d'\u00cele -de-\nFrance ;  \n \nVU l'arr\u00eat\u00e9 pr\u00e9fectoral  n\u00b0IDF-2025-08-27-00003 du 27 ao\u00fbt 2025 p ortant d\u00e9l\u00e9gation de signature \u00e0 M. \nFabrice MASI , directeur r\u00e9gional et interd\u00e9partemental de l'\u00e9conomie, de l'emploi, du travail et des \nsolidarit\u00e9s d'\u00cele-de-France, en mati\u00e8re d'ordonnancement secondaire au titre de ses responsabilit\u00e9s de \nniveau r\u00e9gional ; \n \nVU l'arr\u00eat\u00e9 pr\u00e9fectoral n\u00b0 n\u00b0 75-2025-08-27-00003 du 27/08/2025 po rtant d\u00e9l\u00e9gation de signature \u00e0 M. \nFabrice MASI , directeur r\u00e9gional et interd\u00e9partemental de l'\u00e9conomie, de l'emploi, du travail et des \nsolidarit\u00e9s d'\u00cele-de-France, en mati\u00e8re d'ordonnancement secondaire au titre du d\u00e9partement de Paris ; \n \nVU l'arr\u00eat\u00e9 pr\u00e9fectoral n\u00b0 2025-34 du 22 ao\u00fbt 2025 du pr\u00e9fet des Hauts-de-Seine, portant d\u00e9l\u00e9gation de \nsignature \u00e0 M. Fabrice MASI, directeur r\u00e9gional et interd\u00e9partemental de l'\u00e9conomie, de l'emploi, du \ntravail et des solidarit\u00e9s d'\u00cele -de-France, en mati\u00e8re d'ordonnancement secondaire au titre du \nd\u00e9partement des Hauts-de-Seine ; \n \nVU l'arr\u00eat\u00e9 pr\u00e9fectoral n\u00b0 2025-3389 du 29 ao\u00fbt 2025 du pr\u00e9fet de Seine-Saint-Denis, portant d\u00e9l\u00e9gation \nde signature \u00e0 M. Fabrice MASI, directeur r\u00e9gional et interd\u00e9partemental de l'\u00e9conomie, de l'emploi, du \ntravail et des solidarit\u00e9s d'\u00cele -de-France, en mati\u00e8re d'ordonnancement secondaire au titre du \nd\u00e9partement de la Seine-Saint-Denis ; \n \nVU l'arr\u00eat\u00e9 pr\u00e9fectoral n\u00b0 2025/03345 du 25 ao\u00fbt 2025 du pr\u00e9fet du Val-de-Marne, portant d\u00e9l\u00e9gation \nde signature \u00e0 M. Fabrice MASI, directeur r\u00e9gional et interd\u00e9partemental de l'\u00e9conomie, de l'emploi, du \ntravail et des solidarit\u00e9s d'\u00cele -de-France, en mati\u00e8re d'ordonnancement secondaire au titre du \nd\u00e9partement du Val-de-Marne ;  \n \n \n \n \n \n \n \n \n \n \n \n \nDirection r\u00e9gionale et interd\u00e9partementale de l'\u00e9conomie, de l'emploi, du travail et des solidarit\u00e9s d'\u00cele-de-France -\nIDF-2026-01-26-00002 - Arr\u00eat\u00e9 n\u00b0 2026-005 du 26 janvier 2026 portant subd\u00e9l\u00e9gation de signature en mati\u00e8re d'ordonnancement\nsecondaire des recettes et des d\u00e9penses de l'\u00c9tat aux agents de la DRIEETS d'\u00cele-de-France\n26\n \n3 / 15 \nARR\u00caTE \n \nSECTION 1 \u2013 SUBD\u00c9L\u00c9GATION DE SIGNATURE AUX AGENTS DE L'UNIT\u00c9 R\u00c9GIONALE  \n \nARTICLE 1 : Fabrice MASI en qualit\u00e9 de responsable de budget op\u00e9rationnel de programme d\u00e9l\u00e9gu\u00e9, \ndonne subd\u00e9l\u00e9gation de signature \u00e0 :  \n \n\u27a2 Evelyne LE-GALL, cheffe de la mission du pilotage budg\u00e9taire r\u00e9gional ; \n\u27a2 Pierre-Hadrien JANNES, gestionnaire budg\u00e9taire ; \n\u27a2 C\u00e9cile BARCELO, responsable coordination cellule programmation du p\u00f4le Emploi, \u00c9conomie, \nSolidarit\u00e9s \n\u27a2 Camille AUBRIEL, adjointe \u00e0 la responsable coordination cellule programmation du p\u00f4le Emploi, \n\u00c9conomie, Solidarit\u00e9s \n \nPour recevoir et mettre \u00e0 disposition des services responsables d'unit\u00e9s op\u00e9rationnelles les cr\u00e9dits des \nbudgets op\u00e9rationnels des programmes r\u00e9gionaux suivants :  \n \n\u27a2 102 \u00ab Acc\u00e8s et retour \u00e0 l'emploi \u00bb ;  \n\u27a2 103 \u00ab Accompagnement des mutations \u00e9conomiques et d\u00e9veloppement de l'emploi \u00bb ;  \n\u27a2 104 \u00ab Int\u00e9gration et acc\u00e8s \u00e0 la nationalit\u00e9 fran\u00e7aise \u00bb - actions 12 et 16 ; \n\u27a2 177 \u00ab H\u00e9bergement, parcours vers le logement et insertion des personnes vuln\u00e9rables \u00bb - actions \n11 et 12 ;  \n\u27a2 304 \u00ab Inclusion sociale et protection des personnes \u00bb.  \n \nPour proc\u00e9der \u00e0 des r\u00e9allocations en  cours d'exercice budg\u00e9taire entre les services charg\u00e9s de \nl'ex\u00e9cution de la d\u00e9pense au titre des budgets des programmes cit\u00e9s, ci-dessus.  \n \nARTICLE 2  : Subd\u00e9l\u00e9gation de signature est donn\u00e9e sous la forme d'une habilitation \u00e0 valider dans \nl'application financi\u00e8re CHORUS, les op\u00e9rations d'ordonnancement secondaire et les actes de gestion \nen qualit\u00e9 de service prescripteur pour les recettes et les d\u00e9penses de l'\u00c9tat, aux agents d\u00e9sign\u00e9s ci-apr\u00e8s \n:  \n \n- Au titre des programmes vis\u00e9s \u00e0 l'article 4 \n\u27a2 Evelyne LE-GALL, cheffe de la mission du pilotage budg\u00e9taire r\u00e9gional ; \n\u27a2 Pierre-Hadrien JANNES, gestionnaire budg\u00e9taire. \n \n- Au titre des cr\u00e9dits communautaires vis\u00e9s \u00e0 l'article 10 \n\u27a2 R\u00e9gis WAJSBROT, chef du d\u00e9partement du Fonds social europ\u00e9en \u00e0 compter du 1 er septembre \n2025  \n\u27a2 Yannick YAO, chef du service gestion financi\u00e8re et m\u00e9thodes ; \n\u27a2 Arthur POTOT, adjoint au chef du service Gestion financi\u00e8re et m\u00e9thodes ; \n\u27a2 Nathalie EMIDOF, responsable de la cellule financi\u00e8re ; \n\u27a2 Jeanie FAIRFORT, gestionnaire financier ; \n\u27a2 Sylvie GUEZODJE, gestionnaire financier. \n \nARTICLE 3 : Subd\u00e9l\u00e9gation de signature est donn\u00e9e \u00e0 Evelyne LE GALL, cheffe de la mission du pilotage \nbudg\u00e9taire r\u00e9gional, \u00e0 l'effet de signer tous actes budg\u00e9taires et comptables ou pi\u00e8ces dans le p\u00e9rim\u00e8tre \nde la mission du pilotage budg\u00e9taire r\u00e9gional. \n \nARTICLE 4  : En cas d'absence ou d'emp\u00eachement de Fabrice MASI , directeur r\u00e9gional et \ninterd\u00e9partemental de l'\u00e9conomie, de l'emploi, du travail et des solidarit\u00e9s d'\u00cele -de-France, \nsubd\u00e9l\u00e9gation de signature est donn\u00e9e \u00e0 :  \n \nDirection r\u00e9gionale et interd\u00e9partementale de l'\u00e9conomie, de l'emploi, du travail et des solidarit\u00e9s d'\u00cele-de-France -\nIDF-2026-01-26-00002 - Arr\u00eat\u00e9 n\u00b0 2026-005 du 26 janvier 2026 portant subd\u00e9l\u00e9gation de signature en mati\u00e8re d'ordonnancement\nsecondaire des recettes et des d\u00e9penses de l'\u00c9tat aux agents de la DRIEETS d'\u00cele-de-France\n27\n \n4 / 15 \n\u27a2 M\u00e9lanie CACHET, directrice de cabinet ; \n\u27a2 Jean-Fran\u00e7ois DALVAI, responsable du p\u00f4le politique du travail (p\u00f4le T)  \n\u27a2 Murielle LIZZI, responsable du p\u00f4le concurrence, consommation, r\u00e9pression des fraudes et \nm\u00e9trologie l\u00e9gale (p\u00f4le C) ; \n\u27a2 Alexandre MARTINET, directeur r\u00e9gional adjoint, charg\u00e9 des fonctions de directeur r\u00e9gional \nd\u00e9l\u00e9gu\u00e9 ; \n\u27a2 Marc ROHFRITSCH, responsable du p\u00f4le \u00e9conomie, emploi et solidarit\u00e9s (p\u00f4le EES) \n\u00e0 l'effet de signer, tous actes budg\u00e9taires et comptables, arr\u00eat\u00e9s, d\u00e9cisions, pi\u00e8ces ou conventions, y \ncompris les prescriptions quadriennales, pour proc\u00e9der \u00e0 l'ordonnancement secondaire des d\u00e9penses \net des recettes de l'\u00c9tat dans le cadre des programmes suivants :  \n \n\u27a2 102 \u00ab Acc\u00e8s et retour \u00e0 l'emploi \u00bb,  \n\u27a2 103 \u00ab Accompagnement des mutations \u00e9conomiques et d\u00e9veloppement de l'emploi \u00bb,  \n\u27a2 104 \u00ab Int\u00e9gration et acc\u00e8s \u00e0 la nationalit\u00e9 fran\u00e7aise \u00bb actions 12 et 16,  \n\u27a2 111 \u00ab Am\u00e9lioration de la qualit\u00e9 de l'emploi et des relations du travail \u00bb, \n\u27a2 134 \u00ab D\u00e9veloppement des entreprises et de l'emploi \u00bb,  \n\u27a2 148 \u00ab Fonction publique \u00bb, \n\u27a2 155 \u00ab Soutien des minist\u00e8res sociaux \u00bb,  \n\u27a2 157 \u00ab Handicap et d\u00e9pendance \u00bb,  \n\u27a2 174 \u00ab Energie, climat et apr\u00e8s mines \u00bb action 1 \u00ab Politique de l'\u00e9nergie \u00bb  \n\u27a2 177 \u00ab H\u00e9bergement, parcours vers le logement et insertion des personnes vuln\u00e9rables \u00bb - actions \n11 et 12,  \n\u27a2 304 \u00ab Inclusion sociale et protection des personnes \u00bb, \n\u27a2 305 \u00ab Strat\u00e9gies \u00e9conomiques \u00bb,  \n\u27a2 354 \u00ab Administration territoriale de l'\u00c9tat \u00bb  \n\u27a2 362 \u00ab \u00c9cologie \u00bb,  \n\u27a2 363 \u00ab Comp\u00e9titivit\u00e9 \u00bb,  \n\u27a2 723 \u00ab Op\u00e9rations immobili\u00e8res et entretiens des b\u00e2timents de l'\u00c9tat \u00bb.  \n \n \nCABINET \n \nARTICLE 5 : En cas d'absence ou d'emp\u00eachement de Fabrice MASI et de M\u00e9lanie CACHET, subd\u00e9l\u00e9gation \nde signature est donn\u00e9e \u00e0 :  \n \n\u27a2 Laurence GR\u00c8ZE, cheffe du service communication ; \n\u27a2 David HOYRUP, chef du service - \u00c9tudes, statistiques et \u00e9valuation \n\u00e0 l'effet de signer, dans la limite de leurs attributions, tous arr\u00eat\u00e9s, d\u00e9cisions, pi\u00e8ces ou conventions pour \nproc\u00e9der \u00e0 l'ordonnancement secondaire des d\u00e9penses et recettes de l'\u00c9tat, dans le cadre des \nprogrammes suivants :  \n \n- 155 \u00ab Soutien des minist\u00e8res sociaux \u00bb,  \n- 354 \u00ab Administration territoriale de l'\u00c9tat \u00bb,  \n \nToute d\u00e9pense sup\u00e9rieure \u00e0 400 000 euros pour le  dernier programme cit\u00e9 devra faire l'objet d'un visa \npr\u00e9alable du Pr\u00e9fet de la r\u00e9gion d'\u00cele-de-France.  \n \n \n \n \n \n \n \nDirection r\u00e9gionale et interd\u00e9partementale de l'\u00e9conomie, de l'emploi, du travail et des solidarit\u00e9s d'\u00cele-de-France -\nIDF-2026-01-26-00002 - Arr\u00eat\u00e9 n\u00b0 2026-005 du 26 janvier 2026 portant subd\u00e9l\u00e9gation de signature en mati\u00e8re d'ordonnancement\nsecondaire des recettes et des d\u00e9penses de l'\u00c9tat aux agents de la DRIEETS d'\u00cele-de-France\n28\n \n5 / 15 \nP\u00d4LE APPUI AUX M\u00c9TIERS  \n \nARTICLE 6 : En cas d'absence ou d'e mp\u00eachement de Fabrice MASI  et d 'Alexandre MARTINET , \nsubd\u00e9l\u00e9gation de signature est donn\u00e9e \u00e0 :  \n \n\u27a2 Anne SCANDELLA, secr\u00e9taire g\u00e9n\u00e9rale ; \n\u27a2 Hae-Ok PYUN, secr\u00e9taire g\u00e9n\u00e9rale adjointe ; \n\u27a2 Freddy FRAN\u00c7OISE, chef du service des syst\u00e8mes d'information et de communication ; \n\u27a2 Guilhem GOUBERT, adjoint au chef du service des syst\u00e8mes d'information et de communication ; \n\u27a2 Jacky HAZIZA, chef du service interd\u00e9partemental des conseils m\u00e9dicaux ; \n\u27a2 Zahira MONJOIN, adjointe au chef du service interd\u00e9partemental des conseils m\u00e9dicaux ; \n\u27a2 Marika DEMORTIER, cheffe du service pilotage des ressources humaines  ; \n\u27a2 Yasmina REDOUANE, adjointe \u00e0 la cheffe du service pilotage des ressources humaines ;  \n\u27a2 Patricia D\u00c9SERT, adjointe \u00e0 la cheffe du service pilotage des ressources humaines ;  \n\u27a2 B\u00e9atrice JEAN-MARIE, cheffe du service pr\u00e9vention et qualit\u00e9 de vie au travail  \n\u00e0 l'effet de signer, dans la limite de leurs attributions, tous arr\u00eat\u00e9s, d\u00e9cisions, pi\u00e8ces ou conventions pour \nproc\u00e9der \u00e0 l'ordonnancement secondaire des d\u00e9penses et recettes de l'\u00c9tat, dans le cadre des \nprogrammes suivants :  \n \n- 155 \u00ab Soutien des minist\u00e8res sociaux \u00bb,  \n- 354 \u00ab Administration territoriale de l'\u00c9tat \u00bb,  \n- 362 \u00ab \u00c9cologie \u00bb,  \n- 363 \u00ab Comp\u00e9titivit\u00e9 \u00bb,  \n- 723 \u00ab Op\u00e9rations immobili\u00e8res et entretiens des b\u00e2timents de l'\u00c9tat \u00bb.  \n \nToute d\u00e9pense sup\u00e9rieure \u00e0 400 000 euros pour les quatre derniers programmes cit\u00e9s devra faire l'objet \nd'un visa pr\u00e9alable du pr\u00e9fet de la r\u00e9gion d'\u00cele-de-France. \n \n \nP\u00d4LE \u00c9CONOMIE, EMPLOI ET SOLIDARIT\u00c9S \n \nARTICLE 7  : En cas d'absence ou d'emp\u00eachement de Fabrice MASI, Directeur r\u00e9gional et \ninterd\u00e9partemental de l'\u00e9conomie, de l'emploi, du travail et des solidarit\u00e9s d'\u00cele -de-France, et de Marc \nROHFRITSCH, d\u00e9l\u00e9gation de signature est donn\u00e9e \u00e0 :  \n \n\u27a2 Erwan SAMYN, adjoint au responsable du p\u00f4le EES  \n \n\u00e0 l'effet de signer, dans la limite des attributions du p\u00f4le, tous arr\u00eat\u00e9s, d\u00e9cisions, pi\u00e8ces ou conventions, \ny compris ceux relatifs \u00e0 la prescription quadriennale pour proc\u00e9der \u00e0 l'ordonnancement secondaire des \nd\u00e9penses et recettes de l'\u00c9tat dans le cadre des programmes suivants :  \n \n- 102 \u00ab Acc\u00e8s et retour \u00e0 l'emploi \u00bb,  \n- 103 \u00ab Accompagnement des mutations \u00e9conomiques et d\u00e9veloppement de l'emploi \u00bb,  \n- 104 \u00ab Int\u00e9gration et acc\u00e8s \u00e0 la nationalit\u00e9 fran\u00e7aise \u00bb actions 12 et 16,  \n- 148 \u00ab Fonction publique \u00bb,  \n- 155 \u00ab Soutien des minist\u00e8res sociaux \u00bb, action 7 \u2013 FSE,  \n- 174 \u00ab \u00c9nergie, climat et apr\u00e8s mines \u00bb - Action 1 : \u00ab Politique de l'\u00e9nergie \u00bb,  \n- 177 \u00ab H\u00e9bergement, parcours vers le logement et insertion des personnes vuln\u00e9rables \u00bb actions \n11 et 12,  \n- 183 \u00ab Protection maladie \u00bb,  \n- 304 \u00ab Inclusion sociale et protection des personnes \u00bb,  \n- 305 \u00ab Strat\u00e9gies \u00e9conomiques \u00bb,  \n- 354 \u00ab Administration territoriale de l'\u00c9tat (uniquement carte mobilit\u00e9 insertion).  \nDirection r\u00e9gionale et interd\u00e9partementale de l'\u00e9conomie, de l'emploi, du travail et des solidarit\u00e9s d'\u00cele-de-France -\nIDF-2026-01-26-00002 - Arr\u00eat\u00e9 n\u00b0 2026-005 du 26 janvier 2026 portant subd\u00e9l\u00e9gation de signature en mati\u00e8re d'ordonnancement\nsecondaire des recettes et des d\u00e9penses de l'\u00c9tat aux agents de la DRIEETS d'\u00cele-de-France\n29\n \n6 / 15 \n \nARTICLE 8 : En cas d'absence ou d'emp\u00eachement  de Fabrice MASI, de Marc ROHFRITSCH et  d'Erwan \nSAMYN, d\u00e9l\u00e9gation de signature est donn\u00e9e \u00e0 :  \n \n\u27a2 Emmanuel BEZY, chef du d\u00e9partement solidarit\u00e9s et emploi ; \n\u27a2 Geoffrey HOUPERT, chef du d\u00e9partement entreprises ; \n\u27a2 Cl\u00e9ment MAYOT, adjoint au chef du d\u00e9partement entreprises ; \n\u27a2 Isabelle ANTOINE, cheffe du d\u00e9partement certifications ; \n\u00e0 l'effet de signer, dans la limite de leurs attributions, tous arr\u00eat\u00e9s, d\u00e9cisions, pi\u00e8ces ou conventions pour \nproc\u00e9der \u00e0 l'ordonnancement secondaire des d\u00e9penses et recettes de l'\u00c9tat dans le cadre des \nprogrammes cit\u00e9s \u00e0 l'article 7. \n \n \nARTICLE 9 : En cas d'absence ou d'emp\u00eachement des personnes mentionn\u00e9es \u00e0 l'article 8, subd\u00e9l\u00e9gation \nde signature est donn\u00e9e \u00e0 :  \n \n\u27a2 Jean MENJON, adjoint au chef du d\u00e9partement solidarit\u00e9s et emploi ; \n\u27a2 S\u00e9bastien AGOT, chef du service protection et insertion des jeunes ; \n\u27a2 David ANGLARET, chef du service d\u00e9veloppement des comp\u00e9tences ; \n\u27a2 Laurent SANDERS, chef du service des professions param\u00e9dicales ; \n\u27a2 Adrien EHLINGER, chef du service des professions sociales ; \n\u27a2 Catherine GWET, cheffe du service des titres ; \n\u27a2 Mathilde MANDONNET, cheffe du service protection et insertion des majeurs ; \n\u27a2 Julien GALLOIS, adjoint \u00e0 la cheffe du service protection et insertion des majeurs  \n\u00e0 l'effet de signer, dans la limite de leurs attributions, tous arr\u00eat\u00e9s, d\u00e9cisions, pi\u00e8ces ou conventions pour \nproc\u00e9der \u00e0 l'ordonnancement secondaire des d\u00e9penses et recettes de l'\u00c9tat dans le cadre des \nprogrammes cit\u00e9s \u00e0 l'article 7.  \n \nARTICLE 10 : En cas d'absence ou d'emp\u00eachement de Fabrice MASI , Directeur r\u00e9gional et \ninterd\u00e9partemental de l'\u00e9conomie, de l'emploi, du travail et des solidarit\u00e9s d'\u00cele -de-France, \nsubd\u00e9l\u00e9gation est donn\u00e9e \u00e0 :  \n \n\u27a2 Marc ROHFRITSCH, responsable du p\u00f4le EES ; \n\u27a2 Erwan SAMYN, adjoint au responsable du p\u00f4le EES ; \n\u00e0 l'effet de signer, dans la limite de leurs attributions, tous actes budg\u00e9taires et comptables, arr\u00eat\u00e9s, \nd\u00e9cisions, pi\u00e8ces ou conventions y compris ceux relatifs \u00e0 la prescription quadriennale, pour proc\u00e9der \u00e0 \nl'ordonnancement des recettes et des d\u00e9penses relatives aux cr\u00e9dits communautaires du \u00ab Fonds social \neurop\u00e9en \u00bb (FSE), du \u00ab Fonds social europ\u00e9en plus \u00bb (FSE+) et de \u00abl'Initiative pour l'emploi des jeunes \u00bb \n(IEJ) et au programme 155, action 7 (FSE). \n \nARTICLE 1 1 : En cas d'absence ou d'emp\u00eachement des personnes mentionn\u00e9es \u00e0 l'article 10, \nsubd\u00e9l\u00e9gation est donn\u00e9e \u00e0 : \n \n\u27a2 R\u00e9gis WAJSBROT, chef du d\u00e9partement du Fonds social europ\u00e9en ; \n\u27a2 Liana CAMARUT, cheffe du service programmation et organismes interm\u00e9diaires ; \n\u27a2 Emilie REUGE, cheffe du service projets r\u00e9gionaux ; \n\u27a2 Yannick YAO, chef du service gestion financi\u00e8re et m\u00e9thodes \n\u00e0 l'effet de signer, dans la limite de leurs attributions, tous actes budg\u00e9taires et comptables, arr\u00eat\u00e9s, \nd\u00e9cisions, pi\u00e8ces ou conventions pour proc\u00e9der \u00e0 l'ordonnancement des recettes et des d\u00e9penses \nrelatives aux cr\u00e9dits c ommunautaires du \u00ab Fonds social  europ\u00e9en \u00bb (FSE) , du \u00ab  Fonds social europ\u00e9en \nplus \u00bb (FSE+) et de \u00abl'initiative pour l'emploi des jeunes \u00bb (IEJ) et au programme 155, action 7 (FSE).  \n \n \nDirection r\u00e9gionale et interd\u00e9partementale de l'\u00e9conomie, de l'emploi, du travail et des solidarit\u00e9s d'\u00cele-de-France -\nIDF-2026-01-26-00002 - Arr\u00eat\u00e9 n\u00b0 2026-005 du 26 janvier 2026 portant subd\u00e9l\u00e9gation de signature en mati\u00e8re d'ordonnancement\nsecondaire des recettes et des d\u00e9penses de l'\u00c9tat aux agents de la DRIEETS d'\u00cele-de-France\n30\n \n7 / 15 \nP\u00d4LE CONCURRENCE, CONSOMMATION, R\u00c9PRESSION DES FRAUDES ET M\u00c9TROLOGIE L\u00c9GALE  \n \nARTICLE 12 : En cas d'absence ou d'emp\u00eachement de Fabrice MASI et de Murielle LIZZI, subd\u00e9l\u00e9gation \nde signature est donn\u00e9e \u00e0 : \n \n\u27a2 Aur\u00e9lie LEHOUCK, cheffe du service Pilotage ; \n\u27a2 Micha\u00ebl DELHAIE, chef de service Appui aux r\u00e9seaux ; \n\u27a2 Aur\u00e9lien NICOT, chef de la brigade interr\u00e9gionale d'enqu\u00eates concurrence (BIEC) et de la \ncommande publique (CP) ; \n\u27a2 Marion VIRUEGA, cheffe de la Brigade des relations interentreprises (BRIE) ;  \n\u27a2 Philippe RICHARD, charg\u00e9 de mission ; \n\u27a2 Nathalie CAUVIN, cheffe du service M\u00e9trologie l\u00e9gale \n\u00e0 l'effet de signer, dans la limite de leurs attributions, tous arr\u00eat\u00e9s, d\u00e9cisions, pi\u00e8ces ou conventions pour \nproc\u00e9der \u00e0 l'ordonnancement secondaire des d\u00e9penses et recettes de l'\u00c9tat, du programme 134 \u00ab \nD\u00e9veloppement des entreprises et de l'emploi \u00bb, relevant de la comp\u00e9tence du P\u00f4le C.  \n \n \nP\u00d4LE TRAVAIL \n \nARTICLE 1 3 : En cas d'absence ou d'emp\u00eachement de Fabrice MASI  et de Jean -Fran\u00e7ois DALVAI , \nsubd\u00e9l\u00e9gation de signature est donn\u00e9e \u00e0 :  \n \n\u27a2 Dominique-Anne MICHEL, adjointe du responsable du p\u00f4le T \n\u27a2 Jean-No\u00ebl PONZEVERA, adjoint du responsable du p\u00f4le T \n\u00e0 l'effet de signer, dans la limite de leurs attributions, tous arr\u00eat\u00e9s, d\u00e9cisions, pi\u00e8ces ou conventions, y \ncompris ceux relatifs \u00e0 la prescription quadriennale, pour proc\u00e9der \u00e0 l'ordonnancement des d\u00e9penses \net des recettes de l'\u00c9tat dans le cadre du programme 111 \u00abAm\u00e9lioration de la qualit\u00e9 de l'emploi et des \nrelations du travail \u00bb.  \n \nARTICLE 1 4 : En cas d'absence ou d'emp\u00eachement des personnes mentionn\u00e9es \u00e0 l'article 1 3, \nsubd\u00e9l\u00e9gation est donn\u00e9e \u00e0 :  \n \n\u27a2 Guy LEBON, chef du service relations du travail  \n\u27a2 Kathia BRANDT, cheffe du service 2ARM \n\u00e0 l'effet de signer, dans la limite de ses attributions, tous actes, arr\u00eat\u00e9s, d\u00e9cisions, pi\u00e8ces ou conventions \npour proc\u00e9der \u00e0 l'ordonnancement secondaire des d\u00e9penses et des recettes de l'\u00c9tat, dans le cadre du \nprogramme indiqu\u00e9 \u00e0 l'article 13. \n \n  \nDirection r\u00e9gionale et interd\u00e9partementale de l'\u00e9conomie, de l'emploi, du travail et des solidarit\u00e9s d'\u00cele-de-France -\nIDF-2026-01-26-00002 - Arr\u00eat\u00e9 n\u00b0 2026-005 du 26 janvier 2026 portant subd\u00e9l\u00e9gation de signature en mati\u00e8re d'ordonnancement\nsecondaire des recettes et des d\u00e9penses de l'\u00c9tat aux agents de la DRIEETS d'\u00cele-de-France\n31\n \n8 / 15 \nSECTION 2 \u2013 SUBD\u00c9L\u00c9GATION DE SIGNATURE AUX AGENTS DES UNIT\u00c9S D\u00c9PARTEMENTALES  \n \nARTICLE 15 : Subd\u00e9l\u00e9gation de signature est donn\u00e9e \u00e0 l'effet de signer, dans la limite de leurs attributions \ntous actes, arr\u00eat\u00e9s, d\u00e9cisions, pi\u00e8ces ou conventions, y compris ceux relatifs \u00e0 la prescription \nquadriennale pour proc\u00e9der \u00e0 l'ordonnancement secondaire des d\u00e9penses et des recettes de l'\u00c9tat dans \nle cadre des programmes suivants : 102, 103, 111, 104, 157, 177 , 304, 305, et 354 (uniquement carte \nmobilit\u00e9 insertion) \u00e0 :  \n \n\u27a2 Riad BOUHAFS, directeur de l'unit\u00e9 d\u00e9partementale de Paris, pour le territoire de Paris ; \n\u27a2 Azadeh AKRAMI-CASTANON, directrice de l'unit\u00e9 d\u00e9partementale des Hauts-de-Seine, pour le \nterritoire des Hauts-de-Seine ; \n\u27a2 David SOUBRI\u00c9, directeur de l'unit\u00e9 d\u00e9partementale de la Seine-Saint-Denis, pour le territoire de \nSeine-Saint-Denis ; \n\u27a2 Didier TILLET, directeur de l'unit\u00e9 d\u00e9partementale du Val-de-Marne, pour le territoire du Val-de-\nMarne. \n \n \nUNIT\u00c9 D\u00c9PARTEMENTALE DE PARIS \n \nARTICLE 16 : En cas d'absence ou d'emp\u00eachement de Riad BOUHAFS, subd\u00e9l\u00e9gation est donn\u00e9e \u00e0  : \n\u27a2 Martine BAUDOIN, directrice adjointe de l'unit\u00e9 d\u00e9partementale \n\u00e0 l'effet de signer, dans la limite des attributions de l'unit\u00e9 d\u00e9partementale de Paris, tous actes, arr\u00eat\u00e9s, \nd\u00e9cisions, pi\u00e8ces ou conventions, pour proc\u00e9der \u00e0 l'ordonnancement secondaire des d\u00e9penses et des \nrecettes de l'\u00c9tat dans le cadre des programmes indiqu\u00e9s \u00e0 l'article 15. \n \nARTICLE 17 : Subd\u00e9l\u00e9gation de signature est donn\u00e9e sous la forme d'une habilitation \u00e0 valider dans \nl'application financi\u00e8re chorus, les op\u00e9rations d'ordonnancement secondaire et les actes de gestion en \nqualit\u00e9 de service prescripteur pour les recettes et les d\u00e9penses de l'\u00c9tat, aux agents d\u00e9sign\u00e9s ci-apr\u00e8s : \n \n\u27a2 Rapha\u00ebl BUZULIER, chef du service de l'activit\u00e9 partielle au sein du d\u00e9partement \naccompagnement des entreprises ; \n\u27a2 Eric REMERAND, chef du service protection au sein du d\u00e9partement protection et insertion des \nadultes ; \n\u27a2 Sylviane DUNAJSKA, gestionnaire budg\u00e9taire et comptable. \n \n \nP\u00d4LE EMPLOI SOLIDARIT\u00c9S \n \nARTICLE 18 : En cas d'ab sence ou d'emp\u00eachement de Riad BOUHAFS  et de Martine BAUDOIN , \nsubd\u00e9l\u00e9gation est donn\u00e9e \u00e0 :  \n \n\u27a2 Marie MARCENA, cheffe du p\u00f4le entreprises, emploi et solidarit\u00e9s \n\u27a2 V\u00e9ronique DELARUE, adjointe \u00e0 la cheffe du p\u00f4le entreprises, emploi et solidarit\u00e9s, cheffe de la \nmission animation territoriale \n\u00e0 l'effet de signer, dans la limite de ses attributions, tous actes, arr\u00eat\u00e9s, d\u00e9cisions, pi\u00e8ces ou conventions \npour proc\u00e9der \u00e0 l'ordonnancement secondaire des d\u00e9penses et des recettes de l'\u00c9tat dans le cadre des \nprogrammes indiqu\u00e9s \u00e0 l'article 15.  \n \nARTICLE 1 9 : En cas d'absence ou d'emp\u00eachement des personnes mentionn\u00e9es \u00e0 l'article  18, \nsubd\u00e9l\u00e9gation est donn\u00e9e \u00e0 :  \n \n\u27a2 Jean-Philippe DEVOUCOUX, chef du d\u00e9partement accompagnement des entreprises ; \n\u27a2 Patricia RENUCCI, chef du d\u00e9partement protection et insertion des jeunes ; \nDirection r\u00e9gionale et interd\u00e9partementale de l'\u00e9conomie, de l'emploi, du travail et des solidarit\u00e9s d'\u00cele-de-France -\nIDF-2026-01-26-00002 - Arr\u00eat\u00e9 n\u00b0 2026-005 du 26 janvier 2026 portant subd\u00e9l\u00e9gation de signature en mati\u00e8re d'ordonnancement\nsecondaire des recettes et des d\u00e9penses de l'\u00c9tat aux agents de la DRIEETS d'\u00cele-de-France\n32\n \n9 / 15 \n\u27a2 Corinne ROUXEL, chef du d\u00e9partement protection et insertion des adultes  \n\u00e0 l'effet de signer, dans la limite de leurs attributions, tous actes, arr\u00eat\u00e9s, d\u00e9cisions, pi\u00e8ces ou \nconventions pour proc\u00e9der \u00e0 l'ordonnancement secondaire des d\u00e9penses et des recettes de l'\u00c9tat dans \nle cadre des programmes indiqu\u00e9s \u00e0 l'article 15.  \n \n \nP\u00d4LE TRAVAIL \n \nARTICLE 20 : En cas d'absence ou d'emp\u00eachement de Riad BOUHAFS  et de Martine BAUDOIN , \nsubd\u00e9l\u00e9gation est donn\u00e9e \u00e0 :  \n \n\u27a2 Herv\u00e9 LEGRAND, chef du p\u00f4le politiques du travail \n\u00e0 l'effet de signer, dans la limite de ses attributions, tous actes, arr\u00eat\u00e9s, d\u00e9cisions, pi\u00e8ces ou conventions \npour proc\u00e9der \u00e0 l'ordonnancement secondaire des d\u00e9penses et des recettes de l'\u00c9tat dans le cadre, des \nprogrammes indiqu\u00e9s \u00e0 l'article 15.  \n \nARTICLE 2 1 : En cas d'absence ou d'emp\u00eachement des personnes mentionn\u00e9es \u00e0 l'article 20, \nsubd\u00e9l\u00e9gation est donn\u00e9e \u00e0 :  \n \n\u27a2 Niklas VASSEUX, adjoint au chef du p\u00f4le politiques du travail, responsable, par int\u00e9rim, du \nd\u00e9partement d'appui au syst\u00e8me d'inspection du travail ; \n\u27a2 Catherine BARRAS, directrice de secteur nord des services de l'inspection du travail  ; \n\u27a2 M\u00e9linda MARONE, directrice de secteur sud des services de l'inspection du travail  ; \n\u00e0 l'effet de signer, dans la limite de leurs attributions, tous actes, arr\u00eat\u00e9s, d\u00e9cisions, pi\u00e8ces ou \nconventions pour proc\u00e9der \u00e0 l'ordonnancement secondaire des d\u00e9penses et des recettes de l'\u00c9tat dans \nle cadre, des programmes indiqu\u00e9s \u00e0 l'article 15.  \n \n \nUNIT\u00c9 D\u00c9PARTEMENTALE DES HAUTS-DE-SEINE \n \nARTICLE 22 : En cas d'absence ou d'emp\u00eachement d'Azadeh AKRAMI -CASTANON, subd\u00e9l\u00e9gation est \ndonn\u00e9e \u00e0 : \n \n\u27a2  Gwena\u00eblle BOISARD, directrice adjointe de l'unit\u00e9 d\u00e9partementale  \n\u00e0 l'effet de signer, dans la limite des attributions de l'unit\u00e9 d\u00e9partementale des Hauts -de-Seine, tous \nactes, arr\u00eat\u00e9s, d\u00e9cisions, pi\u00e8ces ou conventions, pour proc\u00e9der \u00e0 l'ordonnancement secondaire des \nd\u00e9penses et des recettes de l'\u00c9tat dans le cadre des programmes indiqu\u00e9s \u00e0 l'article 1 5. \n \nARTICLE 23 : Subd\u00e9l\u00e9gation de signature est donn\u00e9e sous la forme d'une habilitation \u00e0 valider dans \nl'application financi\u00e8re chorus, les op\u00e9rations d'ordonnancement secondaire et les actes de gestion en \nqualit\u00e9 de service prescripteur pour les recettes et les d\u00e9penses de l'\u00c9tat \u00e0 : \n \n\u27a2 Nicole MONSIGNY, gestionnaire budg\u00e9taire et comptable ; \n\u27a2 Marianne GABET, gestionnaire des dispositifs d'int\u00e9gration. \n \nP\u00d4LE EMPLOI SOLIDARIT\u00c9S \n \nARTICLE 2 4 : En cas d'absence ou d'emp\u00eachement d'Azadeh AKRAMI -CASTANON et Gwena\u00eblle \nBOISARD, subd\u00e9l\u00e9gation est donn\u00e9e \u00e0 :  \n \n\u27a2 Val\u00e9rie GUERN, responsable du p\u00f4le Entreprises, Emploi, Solidarit\u00e9s ; \n\u27a2 D\u00e9borah GILBERT, adjointe de la responsable du p\u00f4le Entreprises, Emploi, Solidarit\u00e9s  \nDirection r\u00e9gionale et interd\u00e9partementale de l'\u00e9conomie, de l'emploi, du travail et des solidarit\u00e9s d'\u00cele-de-France -\nIDF-2026-01-26-00002 - Arr\u00eat\u00e9 n\u00b0 2026-005 du 26 janvier 2026 portant subd\u00e9l\u00e9gation de signature en mati\u00e8re d'ordonnancement\nsecondaire des recettes et des d\u00e9penses de l'\u00c9tat aux agents de la DRIEETS d'\u00cele-de-France\n33\n \n10 / 15 \n\u00e0 l'effet de signer, dans la limite de ses attributions, tous actes, arr\u00eat\u00e9s, d\u00e9cisions, pi\u00e8ces ou conventions, \npour proc\u00e9der \u00e0 l'ordonnancement secondaire des d\u00e9penses et des recettes de l'\u00c9tat dans le cadre des \nprogrammes indiqu\u00e9s \u00e0 l'article 15. \n \n \nARTICLE 2 5 : En cas d'absence ou d'emp\u00eachement des perso nnes mentionn\u00e9es \u00e0 l'article 24, \nsubd\u00e9l\u00e9gation est donn\u00e9e \u00e0 :  \n \n\u27a2 C\u00e9lia PINCON, cheffe du d\u00e9partement accompagnement des entreprises ; \n\u27a2 Isabelle CHABBERT , cheffe du d\u00e9partement protection et insertion des jeunes et des primo -\narrivants ; \n\u27a2 Nathalie LASMARRIGUES-MARQUIS, cheffe du d\u00e9partement protection et insertion des adultes  \n\u00e0 l'effet de signer, dans la limite de leurs attributions, tous actes, arr\u00eat\u00e9s, d\u00e9cisions, pi\u00e8ces ou \nconventions pour proc\u00e9der \u00e0 l'ordonnancement secondaire des d\u00e9penses et des recettes de l'\u00c9tat dans \nle cadre des programmes indiqu\u00e9s \u00e0 l'article 15.  \n \nARTICLE 26 : En cas d'absence ou d'emp\u00eachement des perso nnes mentionn\u00e9es aux articles 24 et 25, \nsubd\u00e9l\u00e9gation est donn\u00e9e \u00e0 :  \n \n\u27a2 Nadia BOURAS, cheffe du service de protection des majeurs vuln\u00e9rables ; \n\u27a2 St\u00e9phanie MEDARD, cheffe du service protection de l'enfance et int\u00e9gration ; \n\u27a2 Mariama CONDE, cheffe du service d\u00e9veloppement de l'emploi et des comp\u00e9tences  ; \n\u27a2 Julien KERLEAU, chef du service des restructurations \n\u00e0 l'effet de signer, dans la limite de leurs attributions, tous actes, arr\u00eat\u00e9s, d\u00e9cisions, pi\u00e8ces ou \nconventions pour proc\u00e9der \u00e0 l'ordonnancement secondaire des d\u00e9penses et des recettes de l'\u00c9tat dans \nle cadre des programmes indiqu\u00e9s \u00e0 l'article 15.  \n \nP\u00d4LE TRAVAIL \n \nARTICLE 2 7 : En cas d'absence ou d'emp\u00eachement d'Azadeh AKRAMI -CASTANON et  Gwena\u00eblle \nBOISARD, subd\u00e9l\u00e9gation est donn\u00e9e \u00e0 : \n \n\u27a2 J\u00e9r\u00f4me SAJOT, responsable du p\u00f4le travail ; \n\u27a2 Lolita REINA-RICO, adjointe du responsable du p\u00f4le travail  \n\u00e0 l'effet de signer, dans la limite de leurs attributions, tous actes, arr\u00eat\u00e9s, d\u00e9cisions, pi\u00e8ces ou \nconventions pour proc\u00e9der \u00e0 l'ordonnancement secondaire des d\u00e9penses et des recettes de l'\u00c9tat dans \nle cadre des programmes indiqu\u00e9s \u00e0 l'article 15.  \n \n \n \nUNIT\u00c9 D\u00c9PARTEMENTALE DE LA SEINE-SAINT-DENIS \n \n \nARTICLE 2 8 : Subd\u00e9l\u00e9gation de signature est donn\u00e9e sous la forme d'une habilitation \u00e0 valider dans \nl'application financi\u00e8re chorus, les op\u00e9rations d'ordonnancement secondaire et les actes de gestion en \nqualit\u00e9 de service prescripteur pour les recettes et les d\u00e9penses de l'\u00c9tat, \u00e0 : \n \n\u27a2 Ghania ATMANI, gestionnaire ; \n\u27a2 Nathalie BEAUBRUN, gestionnaire ; \n\u27a2 Ang\u00e9lica TRINDADE-CHADEAU, responsable du d\u00e9partement animation territoriale ; \n\u27a2 Th\u00e9o COPPEL, responsable du d\u00e9partement protection et insertion des jeunes ; \n\u27a2 Elodie ALMERAS, responsable du d\u00e9partement protection et insertion des adultes ;  \n\u27a2 Maureen LE BIAN, charg\u00e9e de mission protection des adultes ; \nDirection r\u00e9gionale et interd\u00e9partementale de l'\u00e9conomie, de l'emploi, du travail et des solidarit\u00e9s d'\u00cele-de-France -\nIDF-2026-01-26-00002 - Arr\u00eat\u00e9 n\u00b0 2026-005 du 26 janvier 2026 portant subd\u00e9l\u00e9gation de signature en mati\u00e8re d'ordonnancement\nsecondaire des recettes et des d\u00e9penses de l'\u00c9tat aux agents de la DRIEETS d'\u00cele-de-France\n34\n \n11 / 15 \n\u27a2 Matthieu CHAPELON, responsable du p\u00f4le entreprises, emploi et solidarit\u00e9s.  \n \n \nARTICLE 29 : En cas d'absence ou d'emp\u00eachement de David SOUBRI\u00c9, subd\u00e9l\u00e9gation est donn\u00e9e \u00e0  : \n \n\u27a2 Laurence DEGENNE-SHORTEN directrice adjointe de l'unit\u00e9 d\u00e9partementale,  \n\u00e0 l'effet de signer, dans la limite des attributions de l'unit\u00e9 d\u00e9partementale de la Seine-Saint-Denis, tous \nactes, arr\u00eat\u00e9s, d\u00e9cisions, pi\u00e8ces ou conventions, pour proc\u00e9der \u00e0 l'ordonnancement secondaire des \nd\u00e9penses et des recettes de l'\u00c9tat dans le cadre des programmes indiqu\u00e9es \u00e0 l'article 15. \n \nP\u00d4LE ENTREPRISES, EMPLOI SOLIDARITES \n \nARTICLE 30 : En cas d'absence ou d'emp\u00eachement de David SOUBRI\u00c9 et de Laurence DEGENNE -\nSHORTEN subd\u00e9l\u00e9gation est donn\u00e9e \u00e0 : \n \n\u27a2 Matthieu CHAPELON, responsable du p\u00f4le entreprises, emploi et solidarit\u00e9s  \n\u00e0 l'effet de signer, dans la limite de ses attributions, tous actes, arr\u00eat\u00e9s, d\u00e9cisions, pi\u00e8ces ou conventions \npour proc\u00e9der \u00e0 l'ordonnancement secondaire des d\u00e9penses et des recettes de l'\u00c9tat dans le cadre des \nprogrammes indiqu\u00e9s \u00e0 l'article 15. \n \nARTICLE 3 1 : En cas d'absence ou d'emp\u00eachement des personnes mentionn\u00e9es \u00e0 l'article 30 \nsubd\u00e9l\u00e9gation est donn\u00e9e \u00e0 : \n \n\u27a2 Th\u00e9o COPPEL, responsable du d\u00e9partement protection et insertion des jeunes  ; \n\u27a2 Yves DOUBLIER, responsable du d\u00e9partement accompagnement des entreprises ; \n\u27a2 Ang\u00e9lica TRINDADE-CHADEAU, responsable du d\u00e9partement animation territoriale ; \n\u27a2 Elodie ALMERAS, responsable du d\u00e9partement protection et insertion des adultes  \n\u00e0 l'effet de signer, dans la limite de leurs attributions, tous actes, arr\u00eat\u00e9s, d\u00e9cisions, pi\u00e8ces ou \nconventions pour proc\u00e9der \u00e0 l'ordonnancement secondaire des d\u00e9penses et des recettes de l'\u00c9tat dans \nle cadre des programmes indiqu\u00e9s \u00e0 l'article 15.  \n \nARTICLE 32 : En cas d'absence ou d'emp\u00eachement des personnes mentionn\u00e9es aux articles 30 et 31 \nsubd\u00e9l\u00e9gation est donn\u00e9e \u00e0 :  \n \n\u27a2 Sayaf EL MABROUK, chef du service int\u00e9gration, adjoint du responsable du d\u00e9partement \nprotection et insertion des jeunes \n\u27a2 M\u00e9lissa CHOLLET \u2013 MAKOUCHE, cheffe du service d\u00e9veloppement de l'emploi et des \ncomp\u00e9tences, adjointe au responsable du d\u00e9partement accompagnement des entreprises,  \n\u27a2 Maureen Le BIAN, charg\u00e9e de mission protection des adultes, \n\u00e0 l'effet de signer, dans la limite de leurs attributions, tous actes, arr\u00eat\u00e9s, d\u00e9cisions, pi\u00e8ces ou \nconventions pour proc\u00e9der \u00e0 l'ordonnancement secondaire des d\u00e9penses et des recettes de l'\u00c9tat dans \nle cadre des programmes indiqu\u00e9s \u00e0 l'article 15.  \n \nP\u00d4LE TRAVAIL \n \nARTICLE 3 3 : En cas d'absence ou d'emp\u00eachement de David SOUBRI\u00c9 et de Laurence DEGENNE -\nSHORTEN, subd\u00e9l\u00e9gation est donn\u00e9e \u00e0 :  \n \n\u27a2 Alexandre AZARI, responsable du p\u00f4le des politiques du travail ; \n\u27a2 Pierre-Yves HANNUS, responsable adjoint du p\u00f4le politique du travail, chef du service d'appui \ndu syst\u00e8me d'inspection du travail \nDirection r\u00e9gionale et interd\u00e9partementale de l'\u00e9conomie, de l'emploi, du travail et des solidarit\u00e9s d'\u00cele-de-France -\nIDF-2026-01-26-00002 - Arr\u00eat\u00e9 n\u00b0 2026-005 du 26 janvier 2026 portant subd\u00e9l\u00e9gation de signature en mati\u00e8re d'ordonnancement\nsecondaire des recettes et des d\u00e9penses de l'\u00c9tat aux agents de la DRIEETS d'\u00cele-de-France\n35\n \n12 / 15 \n\u00e0 l'effet de signer, dans la limite de leurs attributions tous actes, arr\u00eat\u00e9s, d\u00e9cisions, pi\u00e8ces ou conventions \npour proc\u00e9der \u00e0 l'ordonnancement secondaire des d\u00e9penses et des recettes de l'\u00c9tat dans le cadre des \nprogrammes indiqu\u00e9s \u00e0 l'article 15.  \n \n \nARTICLE 3 4 : En cas d'absence ou d'emp\u00eachement des personnes mentionn\u00e9es \u00e0 l'article 3 2 \nsubd\u00e9l\u00e9gation est donn\u00e9e \u00e0 :  \n \n\u27a2 Kaevin TALON, chef de la section centrale du travail \n\u00e0 l'effet de signer, dans la limite de leurs attributions, tous actes, arr\u00eat\u00e9s, d\u00e9cisions, pi\u00e8ces ou \nconventions pour proc\u00e9der \u00e0 l'ordonnancement secondaire des d\u00e9penses et des recettes de l'\u00c9tat dans \nle cadre des programmes indiqu\u00e9s \u00e0 l'article 15.  \n \n \nUNIT\u00c9 D\u00c9PARTEMENTALE DU VAL-DE-MARNE \n \n \nARTICLE 35 : Subd\u00e9l\u00e9gation de signature est donn\u00e9e sous la forme d'une habilitation \u00e0 valider dans \nl'application financi\u00e8re chorus, les op\u00e9rations d'ordonnancement secondaire et les actes de gestion en \nqualit\u00e9 de service prescripteur pour les recettes et les d\u00e9penses de l'\u00c9tat, \u00e0 : \n \n\u27a2 C\u00e9lia CLEMENT -DEMANGE, adjointe de la cheffe du d\u00e9partement protection et insertion des \njeunes, int\u00e9gration ; \n\u27a2 Audrey VENTADOUR, cheffe du d\u00e9partement protection et insertion des adultes. \n \n \nP\u00d4LE ENTREPRISES, EMPLOI SOLIDARIT\u00c9S \n \nARTICLE 36 : En cas d'absence ou d'emp\u00eachement de Didier TILLET, subd\u00e9l\u00e9gation est donn\u00e9e \u00e0 :  \n \n\u27a2 Virginie RUE, responsable du p\u00f4le entreprises, emploi et solidarit\u00e9s ; \n\u27a2 Ra\u00efssa SEKKAI, responsable adjointe du p\u00f4le entreprises, emploi et solidarit\u00e9s \n\u00e0 l'effet de signer, dans la limite de leurs attributions, tous actes, arr\u00eat\u00e9s, d\u00e9cisions, pi\u00e8ces ou \nconventions pour proc\u00e9der \u00e0 l'ordonnancement secondaire des d\u00e9penses et des recettes de l'\u00c9tat dans \nle cadre des programmes indiqu\u00e9s \u00e0 l'article 15.  \n \nARTICLE 37 : En cas d'absence ou d'emp\u00eachement des personnes mentionn\u00e9es \u00e0 l'article 3 6, \nsubd\u00e9l\u00e9gation est donn\u00e9e \u00e0 :  \n \n\u27a2 Karima HALLAL, cheffe du d\u00e9partement protection et insertion des jeunes, int\u00e9gration  ; \n\u27a2 Peggy TRONY, cheffe du d\u00e9partement accompagnement des entreprises ; \n\u27a2 Audrey VENTADOUR, cheffe du d\u00e9partement protection et insertion des adultes \n\u00e0 l'effet de signer, dans la limite de leurs attributions, tous actes, arr\u00eat\u00e9s, d\u00e9cisions, pi\u00e8ces ou \nconventions pour proc\u00e9der \u00e0 l'ordonnancement secondaire des d\u00e9penses et des recettes de l'\u00c9tat dans \nle cadre des programmes indiqu\u00e9s \u00e0 l'article 14. \n \nArticle 38 : En cas d'absence ou d'emp\u00eachement des personnes mentionn\u00e9es aux articles 3 6 et 3 7 \nsubd\u00e9l\u00e9gation est donn\u00e9e \u00e0 :  \n \n\u27a2 C\u00e9lia CLEMENT -DEMANGE, adjointe de  la cheffe du d\u00e9partement protection et insertion des \njeunes, int\u00e9gration ; \n\u27a2 Clara SCHMID  et Marie K ARSELADZE, adjointe s de la cheffe du d\u00e9partement protection et \ninsertion des adultes \nDirection r\u00e9gionale et interd\u00e9partementale de l'\u00e9conomie, de l'emploi, du travail et des solidarit\u00e9s d'\u00cele-de-France -\nIDF-2026-01-26-00002 - Arr\u00eat\u00e9 n\u00b0 2026-005 du 26 janvier 2026 portant subd\u00e9l\u00e9gation de signature en mati\u00e8re d'ordonnancement\nsecondaire des recettes et des d\u00e9penses de l'\u00c9tat aux agents de la DRIEETS d'\u00cele-de-France\n36\n \n13 / 15 \n\u00e0 l'effet de signer, dans la limite de leurs attributions, tous actes, arr\u00eat\u00e9s, d\u00e9cisions, pi\u00e8ces ou \nconventions pour proc\u00e9der \u00e0 l'ordonnancement secondaire des d\u00e9penses et des recettes de l'\u00c9tat dans \nle cadre des programmes indiqu\u00e9s \u00e0 l'article 15. \n \nP\u00d4LE TRAVAIL \n \nARTICLE 39 : En cas d'absence ou d'emp\u00eachement de Didier TILLET, subd\u00e9l\u00e9gation est donn\u00e9e \u00e0 :  \n \n\u27a2 Joseph-Marie NDZANAH, responsable du p\u00f4le politique du travail ; \n\u27a2 Ism\u00e9rie L'HOSTIS, responsable adjointe du p\u00f4le politique du travail , \u00e0 partir du 1er f\u00e9vrier 2026, \n\u00e0 l'effet de signer, dans la limite de leurs attributions, tous actes, arr\u00eat\u00e9s, d\u00e9cisions, pi\u00e8ces ou \nconventions pour proc\u00e9der \u00e0 l'ordonnancement secondaire des d\u00e9penses et des recettes de l'\u00c9tat dans \nle cadre des programmes indiqu\u00e9s \u00e0 l'article 15.  \n \nARTICLE 4 0 : En cas d'absence ou d'emp\u00eachement des personnes mentionn\u00e9es \u00e0 l'article 40, \nsubd\u00e9l\u00e9gation est donn\u00e9e \u00e0 :  \n\u27a2 Nad\u00e8ge LETONDEUR, cheffe du service d'appui \u00e0 l'inspection du travail  ; \n\u00e0 l'effet de signer, dans la limite de ses attributions, tous actes, arr\u00eat\u00e9s, d\u00e9cisions, pi\u00e8ces ou conventions \npour proc\u00e9der \u00e0 l'ordonnancement secondaire des d\u00e9penses et des recettes de l'\u00c9tat dans le cadre des \nprogrammes indiqu\u00e9s \u00e0 l'article 15.  \n \n \nSECTION 3 \u2013 SUBD\u00c9L\u00c9GATION DE SIGNATURE POUR LE REMBOURSEMENT DES FRAIS DE \nD\u00c9PLACEMENT  \n \nARTICLE 41 : Subd\u00e9l\u00e9gation de signature est donn\u00e9e \u00e0 l'effet de valider tout ordre de mission et \u00e9tat de \nfrais dans l'application CHORUS DT \u00e0 :  \n \nPOUR L'UNIT\u00c9 R\u00c9GIONALE \n \n\u27a2 Nathalie CAUVIN, cheffe du service m\u00e9trologie l\u00e9gale \u2013 P\u00f4le C ; \n\u27a2 Aur\u00e9lie LEHOUCK, cheffe du service pilotage g\u00e9n\u00e9ral \u2013 P\u00f4le C ; \n\u27a2 Marion VIRUEGA, cheffe de la brigade des relactions interentreprises (BRIE) \u2013 P\u00f4le C ; \n\u27a2 Jean GRENON-MUR, adjoint \u00e0 la cheffe de la brigade des relations interentreprises (BRIE) \u2013 P\u00f4le \nC ; \n\u27a2 Micha\u00ebl DELHAIE, chef de service Appui aux r\u00e9seaux \u2013 P\u00f4le C ; \n\u27a2 Aur\u00e9lien NICOT, chef de la brigade interr\u00e9gionale d'enqu\u00eates concurrence (BIEC) et de la \ncommande publique (CP) \u2013 P\u00f4le C ; \n\u27a2 Philippe RICHARD, chef du service accueil des publics \u2013 P\u00f4le C ; \n\u27a2 Fran\u00e7oise CHADUC, charg\u00e9e de formation \u2013 P\u00f4le C ; \n\u27a2 Guy LEBON, chef du service relations du travail \u2013 P\u00f4le T ; \n\u27a2 Kathia BRANDT, cheffe du service 2ARM \u2013 P\u00f4le T ; \n\u27a2 Thierry DAB\u00c9E, chef de l'unit\u00e9 de lutte contre le travail ill\u00e9gal \u2013 P\u00f4le T ; \n\u27a2 Val\u00e9rie VICENS, cheffe de l'unit\u00e9 contr\u00f4le grands chantiers \u2013 P\u00f4le T ; \n\u27a2 Marion QUENEDEY, adjointe au chef de l'unit\u00e9 de lutte contre le travail ill\u00e9gal \u2013 P\u00f4le T ; \n\u27a2 Th\u00e9r\u00e8se ROSSI, cheffe du d\u00e9partement du contr\u00f4le de la formation professionnelle \u2013 P\u00f4le EES ; \n\u27a2 Isabelle ANTOINE, cheffe du d\u00e9partement certifications, \u00e0 compter du 1er mars, P\u00f4le EES ; \n\u27a2 B\u00e9atrice JEAN-MARIE, cheffe du service pr\u00e9vention et qualit\u00e9 de vie au travail - PAM. \n \n \n \nDirection r\u00e9gionale et interd\u00e9partementale de l'\u00e9conomie, de l'emploi, du travail et des solidarit\u00e9s d'\u00cele-de-France -\nIDF-2026-01-26-00002 - Arr\u00eat\u00e9 n\u00b0 2026-005 du 26 janvier 2026 portant subd\u00e9l\u00e9gation de signature en mati\u00e8re d'ordonnancement\nsecondaire des recettes et des d\u00e9penses de l'\u00c9tat aux agents de la DRIEETS d'\u00cele-de-France\n37\n \n14 / 15 \nPOUR L'UNIT\u00c9 D\u00c9PARTEMENTALE DE PARIS \n \n\u27a2 Riad BOUHAFS, directeur de l'unit\u00e9 d\u00e9partementale de Paris ; \n\u27a2 Martine BAUDOIN, directrice adjointe de l'unit\u00e9 d\u00e9partementale de Paris ; \n\u27a2 Herv\u00e9 LEGRAND, chef du p\u00f4le T de l'unit\u00e9 d\u00e9partementale de Paris ; \n\u27a2 Marie MARCENA, cheffe du P\u00f4le EES de l'unit\u00e9 d\u00e9partementale de Paris  ; \n\u27a2 V\u00e9ronique DELARUE, adjointe \u00e0 la responsable du P\u00f4le EES de l'unit\u00e9 d\u00e9partementale de Paris,  \n\u27a2 Niklas VASSEUX, adjoint au responsable du p\u00f4le travail ; \n\u27a2 Catherine BARRAS, directrice de secteur nord des services de l'inspection du travail  ; \n\u27a2 M\u00e9linda MARONE, directrice de secteur sud des services de l'inspection du travail.  \n \nPOUR L'UNIT\u00c9 D\u00c9PARTEMENTALE DES HAUTS-DE-SEINE  \n \n\u27a2 Azadeh AKRAMI-CASTANON, directrice de l'unit\u00e9 d\u00e9partementale des Hauts-de-Seine ; \n\u27a2 Gwena\u00eblle BOISARD, directrice adjointe de l'unit\u00e9 d\u00e9partementale des Hauts -de-Seine ; \n\u27a2 Val\u00e9rie GUERN, responsable du p\u00f4le \u00c9conomie, Emploi, Solidarit\u00e9s ; \n\u27a2 D\u00e9borah GILBERT, adjointe de la responsable du p\u00f4le Entreprises, Emploi, Solidarit\u00e9s ; \n\u27a2 J\u00e9r\u00f4me SAJOT, responsable du p\u00f4le travail ; \n\u27a2 Lolita REINA-RICO, adjointe du responsable du p\u00f4le travail. \n \nPOUR L'UNIT\u00c9 D\u00c9PARTEMENTALE DE LA SEINE-SAINT-DENIS  \n \n\u27a2 David SOUBRI\u00c9, directeur de l'unit\u00e9 d\u00e9partementale de la Seine-Saint-Denis ; \n\u27a2 Laurence DEGENNE-SHORTEN, directrice adjointe de l'unit\u00e9 d\u00e9partementale ; \n\u27a2 Yves DOUBLIER, responsable du d\u00e9partement accompagnement des entreprises ; \n\u27a2 Matthieu CHAPELON, responsable du p\u00f4le entreprises, emploi et solidarit\u00e9s  ; \n\u27a2 Alexandre AZARI, responsable du p\u00f4le politiques du travail ; \n\u27a2 Pierre-Yves HANNUS, adjoint au responsable du p\u00f4le politiques du travail  ; \n\u27a2 Th\u00e9o COPPEL, responsable du d\u00e9partement protection et insertion des jeunes  ; \n\u27a2 Elodie ALMERAS, responsable du d\u00e9partement protection et insertion des adultes,  \n\u27a2 Ang\u00e9lica TRINDADE-CHADEAU, cheffe du d\u00e9partement animation territoriale ; \n\u27a2 Linda ABERKAN, responsable de l'unit\u00e9 de contr\u00f4le de l'inspection du travail 1  ; \n\u27a2 Elodie GIRON, responsable de l'unit\u00e9 de contr\u00f4le de l'inspection du travail 2  ; \n\u27a2 Lynda KEHILA, responsable de l'unit\u00e9 de contr\u00f4le de l'inspection du travail 3  ; \n\u27a2 St\u00e9phanie CARRASSET, responsable de l'unit\u00e9 de contr\u00f4le de l'inspection du travail 4 ; \n\u27a2 Ingrid BURGUNDER, responsable de l'unit\u00e9 de contr\u00f4le de l'inspection du travail 5.  \n \nPOUR L'UNIT\u00c9 D\u00c9PARTEMENTALE DU VAL-DE-MARNE  \n \n\u27a2 Didier TILLET, directeur de l'unit\u00e9 d\u00e9partementale du Val-de-Marne ; \n\u27a2 Virginie RUE, responsable du p\u00f4le entreprises, emploi et solidarit\u00e9s ; \n\u27a2 Joseph-Marie NDZANAH, responsable du p\u00f4le politique du travail. \n \n \nARTICLE 42 : Demeurent r\u00e9serv\u00e9s \u00e0 la signature du pr\u00e9fet de la r\u00e9gion d'\u00cele -de-France :  \n- Les ordres de r\u00e9quisition du comptable public,  \n- Les d\u00e9cisions de passer outre \u00e0 l'avis d\u00e9favorable du contr\u00f4leur budg\u00e9taire r\u00e9gional,  \n- Les conventions avec les collectivit\u00e9s territoriales et leurs \u00e9tablissements publics,  \n- Les contrats de bail.  \n \nARTICLE 43 : Un exemplaire du pr\u00e9sent arr\u00eat\u00e9 et les sp\u00e9cimens de signature des subd\u00e9l\u00e9gataires sont \nadress\u00e9s au comptable assignataire de la r\u00e9gion d'\u00cele-de-France. \nDirection r\u00e9gionale et interd\u00e9partementale de l'\u00e9conomie, de l'emploi, du travail et des solidarit\u00e9s d'\u00cele-de-France -\nIDF-2026-01-26-00002 - Arr\u00eat\u00e9 n\u00b0 2026-005 du 26 janvier 2026 portant subd\u00e9l\u00e9gation de signature en mati\u00e8re d'ordonnancement\nsecondaire des recettes et des d\u00e9penses de l'\u00c9tat aux agents de la DRIEETS d'\u00cele-de-France\n38\n \n15 / 15 \n \nARTICLE 44 : L'arr\u00eat\u00e9 n\u00b0 2025-254 du 10 d\u00e9cembre 2025 portant subd\u00e9l\u00e9gation de signature en mati\u00e8re \nd'ordonnancement secondaire des recettes et d\u00e9penses de l'\u00c9tat aux agents de la DRIEETS \u00cele-de-France \nest abrog\u00e9.  \n \nARTICLE 45 : Le Directeur r\u00e9gional et interd\u00e9partemental de l'\u00e9conomie, de l'emploi, du travail et des \nsolidarit\u00e9s d'\u00cele-de-France, et les subd\u00e9l\u00e9gataires d\u00e9sign\u00e9s, chacun en ce qui le concerne, sont charg\u00e9s \nde l'ex\u00e9cution du pr\u00e9sent arr\u00eat\u00e9 qui sera publi\u00e9 aux recueils des actes administratifs de la pr\u00e9fecture de \nla r\u00e9gion d'\u00cele-de-France, pr\u00e9fecture de Paris.  \n \n \nFait \u00e0 Aubervilliers le 26 janvier 2026 \n \nLe Directeur r\u00e9gional et interd\u00e9partemental de \nl'\u00e9conomie, de l'emploi, du travail et des \nsolidarit\u00e9s, \n \nSIGN\u00c9 \n            \nFabrice MASI \n \n \nDirection r\u00e9gionale et interd\u00e9partementale de l'\u00e9conomie, de l'emploi, du travail et des solidarit\u00e9s d'\u00cele-de-France -\nIDF-2026-01-26-00002 - Arr\u00eat\u00e9 n\u00b0 2026-005 du 26 janvier 2026 portant subd\u00e9l\u00e9gation de signature en mati\u00e8re d'ordonnancement\nsecondaire des recettes et des d\u00e9penses de l'\u00c9tat aux agents de la DRIEETS d'\u00cele-de-France\n39\nGIP-IFITS (Groupement d'Int\u00e9r\u00eat Public - Institut\nde Formation Interhospitalier Th\u00e9odore Simon)\nIDF-2025-11-17-00025\nD\u00e9cision 2025-08 portant d\u00e9l\u00e9gation de\nsignature au b\u00e9n\u00e9fice de madame Gina Picard\nGIP-IFITS (Groupement d'Int\u00e9r\u00eat Public - Institut de Formation Interhospitalier Th\u00e9odore Simon) - IDF-2025-11-17-00025 - D\u00e9cision\n2025-08 portant d\u00e9l\u00e9gation de signature au b\u00e9n\u00e9fice de madame Gina Picard 40\nSigne Signe\nINSTITUTDE FORMATIONINTERHOSPITALIERTHEODORE SIMONGROUPEMENT D'INT\u00c9R\u00caT PUBLIC\n19, avenue de Maison Blanche R\u00e9gion93331 Neuilly-sur-Marne CEDEX \u00a5 jleceFranceT\u00e9l. 01 49 44 36 00 \u00b0, GHU PARIS Grand Parts Nord-Est = \\Fax O1 49 44 36 O1administration@ifits.fr PSYCHIATRIE & Grand Paris Nord-Estwww..ifits.fr < di Auinay-sous-Bois\u00ab Le Ralncy-Montfermell + Montreuilaison Blanche\n \n \n \n \n \n \n \n \n \n \n \n \nDECISION N\u00b008/2025 \n \nPORTANT D\u00c9L\u00c9GATION DE SIGNATURE AU BENEFICE DE \nMADAME GINA PICARD \n \n \nLe Directeur du Groupement d'Int\u00e9r\u00eat Public de l'Institut de Formation Interhospitalier Th\u00e9odore \nSimon (GIP-IFITS), \n \nVu la loi n\u00b0 2011-525 du 17 mai 2011 de simplification et d'am\u00e9lioration de la qualit\u00e9 du droit, notamment ses \narticles 98 et suivants relatifs au statut des groupements d'int\u00e9r\u00eat public (GIP), \nVu le d\u00e9cret n\u00b02012-91 du 26 janvier 2012 relatif aux groupements d'int\u00e9r\u00eat public (GIP), \nVu l'arr\u00eat\u00e9 du 23 mars 2012 pris en application de l'article 3 du d\u00e9cret n\u00b02012-91 du 26 janvier 2012, \nVu l'arr\u00eat\u00e9 n\u00b001-4171 du 26 septembre 2001 portant approbation de la convention constitutive du GIP-IFITS \nsign\u00e9e le 29 d\u00e9cembre 2000 par le Directeur de l'Etablissement Public de Sant\u00e9 de Maison Blanche et le \nDirecteur du Centre Hospitalier Intercommunal de Montfermeil, \nVu l'arr\u00eat\u00e9 n\u00b02012-0868 du 14 mai 2012 portant prorogation de la convention constitutive du GIP IFITS sign\u00e9e \nle 29 mai 2011 par le Directeur de l'Etablissement Public de Sant\u00e9 de Maison Blanche \u00e0 Paris et le Directeur \ndu Groupe Hospitalier Intercommunal Le Raincy-Montfermeil, \nVu l'arr\u00eat\u00e9 n\u00b02014-0255 du 10 f\u00e9vrier 2014 portant approbation de la nouvelle convention constitutive du \nGIP-IFITS sign\u00e9e le 16  septembre 2013 par le Directeur de l'Etablissement Public de Sant\u00e9 de Maison \nBlanche \u00e0 Paris et le Directeur du Groupe Hospitalier Intercommunal Le Raincy-Montfermeil,  \nVu l'arr\u00eat\u00e9 n\u00b02019-2493 du 24 septembre 2019 et l'arr\u00eat\u00e9 n\u00b02023-1299 du 31 mai 2023, portant approbation \ndes avenants n\u00b01, n\u00b02 et n\u00b03 de la nouvelle convention constitutive du GIP -IFITS sign\u00e9e le \n16 septembre 2013, \nVu la derni\u00e8re convention constitutive du GIP-IFITS en date du 16 septembre 2013 et les avenants aff\u00e9rents,  \nVu la d\u00e9cision n\u00b005 AG/2025 du 29 octobre 2025 portant nomination de Monsieur St\u00e9phane PIERREFITTE \nen qualit\u00e9 de Directeur du GIP-IFITS \u00e0 compter du 17 novembre 2025, \nVu l'engagement de Madame Gina PICARD en date du 2 f\u00e9vrier 2021 en qualit\u00e9 de gestionnaire comptable \ndu GIP-IFITS, \nVu l'organigramme du GIP-IFITS. \n \nD\u00c9CIDE \n \nARTICLE 1 - D\u00e9l\u00e9gation permanente est donn\u00e9e \u00e0 Madame Gina PICARD, gestionnaire comptable du GIP \nIFITS, \u00e0 l'effet de signer, en qualit\u00e9 d'ordonnateur suppl\u00e9ant et au nom et pour le compte de l'ordonnateur \nprincipal, tous actes, pi\u00e8ces et documents administratifs et financiers aff\u00e9rents au GIP susmentionn\u00e9. \n \nARTICLE 2 - La pr\u00e9sente d\u00e9cision prend effet au jour de sa signature et annule et remplace, le cas \u00e9ch\u00e9ant, \ntoute d\u00e9cision de d\u00e9l\u00e9gation ant\u00e9rieure en ce sens. \n \n Fait \u00e0 Neuilly-sur-Marne, le 17 novembre 2025 \n \n \nLa gestionnaire comptable   Le Directeur du GIP-IFITS \nGina PICARD  St\u00e9phane PIERREFITTE \nGIP-IFITS (Groupement d'Int\u00e9r\u00eat Public - Institut de Formation Interhospitalier Th\u00e9odore Simon) - IDF-2025-11-17-00025 - D\u00e9cision\n2025-08 portant d\u00e9l\u00e9gation de signature au b\u00e9n\u00e9fice de madame Gina Picard 41","date":"2026-01-26","first_seen_on":"2026-01-26T18:29:58+00:00","id":"3f848db6602894efa33460be1ffade854560ed70b8f7ebd9b642967c70b0f9d4","name":"recueilDS-idf-046-2026-01-recueil-des-actes-administratifs-special du 26.01.2026","pdf_creation_date":"2026-01-26T16:16:05+00:00","pdf_modification_date":null,"timezone":"Europe/Paris","url":"https://www.prefectures-regions.gouv.fr/ile-de-france/irecontenu/telechargement/134956/988172/file/recueilDS-idf-046-2026-01-recueil-des-actes-administratifs-special%20du%2026.01.2026.pdf"}
