{"administration":"pref75","administration_name":"Pr\u00e9fecture de Paris","content":"PREFECTURE\nDE PARIS\nRECUEIL DES ACTES\nADMINISTRATIFS SP\u00c9CIAL\n(NOMINATIFS)\nN\u00b075-2024-387\nPUBLI\u00c9 LE  1 JUILLET 2024\nSommaire\nRectorat de l'acad\u00e9mie de Paris /\n75-2024-06-24-00021 - Arr\u00eat\u00e9 du 24 juin 2024 modifiant l\u25a1arr\u00eat\u00e9 du 03\njuillet 2023 portant d\u00e9signation des membres du comit\u00e9 social\nd\u25a1administration sp\u00e9cial acad\u00e9mique (CSA SA) de l\u25a1acad\u00e9mie de Paris (2\npages) Page 3\n2\nRectorat de l'acad\u00e9mie de Paris\n75-2024-06-24-00021\nArr\u00eat\u00e9 du 24 juin 2024 modifiant l\u25a1arr\u00eat\u00e9 du 03\njuillet 2023 portant d\u00e9signation des membres du\ncomit\u00e9 social d\u25a1administration sp\u00e9cial\nacad\u00e9mique (CSA SA) de l\u25a1acad\u00e9mie de Paris\nRectorat de l'acad\u00e9mie de Paris - 75-2024-06-24-00021 - Arr\u00eat\u00e9 du 24 juin 2024 modifiant l\u25a1arr\u00eat\u00e9 du 03 juillet 2023 portant\nd\u00e9signation des membres du comit\u00e9 social d\u25a1administration sp\u00e9cial acad\u00e9mique (CSA SA) de l\u25a1acad\u00e9mie de Paris 3\nEn\nACADEMIE\nDE PARIS\nLibert\u00e9\nEgalit\u00e9\nFraternit\u00e9\n \n1 \n \n \n \nArr\u00eat\u00e9 du 24 juin  2024  modifiant l'arr\u00eat\u00e9 du 03 juillet 2023 portant d\u00e9signation  \ndes membres du comit\u00e9 social d'administration  sp\u00e9cial acad\u00e9mique  de l'acad\u00e9mie de Paris  \n \n  \nLE RECTEUR  DE LA REGION ACADEMIQUE  \nILE-DE FRANCE  \nRECTEUR DE L'ACADEMIE DE PARIS  \nCHANCELIER DES UNIVERSIT\u00c9S  \nDE PARIS ET D'\u00ceLE -DE-FRANCE  \n \n \nVu le code g\u00e9n\u00e9ral de la fonction publique  ;  \n \nVu le d\u00e9cret n\u00b0 2020 -1427 du 20 novembre 2020 modifi\u00e9 relatif aux comit\u00e9s sociaux  d'administration dans \nles administrations et les \u00e9tablissements publics de l'Etat  ;  \n \nVu l'arr\u00eat\u00e9 du 28 avril 2022 portant cr\u00e9ation de comit\u00e9s sociaux d'administration minist\u00e9riels, de \nl'administration centrale, des services d\u00e9concentr\u00e9s et des \u00e9tablissem ents publics des minist\u00e8res \ncharg\u00e9s de l'\u00e9ducation nationale, de la jeunesse, des sports, de l'enseignement sup\u00e9rieur et de la \nrecherche  ; \nVu l'arr\u00eat\u00e9 rectoral du 16 mai 2023 portant les modalit\u00e9s d'organisation du vote \u00e9lectronique par internet \npour l'\u00e9le ction des repr\u00e9sentants des personnels au comit\u00e9 social d'administration sp\u00e9cial aca d\u00e9mique \nde l'acad\u00e9mie de Paris  ; \nVu le proc\u00e8s -verbal de d\u00e9pouillement du scrutin relatif au comit\u00e9 social d'administration sp\u00e9cial \nacad\u00e9mique  de l'acad\u00e9mie de Paris  et de r \u00e9partition des si\u00e8ges  lors des \u00e9lections du 30 juin 2023  ; \n \nVu l'arr\u00eat\u00e9 du 03 juillet 2023 portant d\u00e9signation  des membres du comit\u00e9 social d'administration sp\u00e9cial \nacad\u00e9mique de l'acad\u00e9mie de Paris  ; \n \nVus ensemble  la d\u00e9mission de Monsieur MAZIERAS  par courriel du 09 janvier 2024  et la d\u00e9signation \nde son rempla\u00e7ant par FNEC -FP-FO par courriel du 24 juin 2024.  \n \n  \n \nARRETE :  \n \nArticle 1er \n \nL'article 2 \u2013 1. b) de l'arr\u00eat\u00e9 du 03 juillet 2023 susvis\u00e9 est modifi\u00e9 comme suit  en ce qui concerne la liste \ndes suppl\u00e9ants au titre de la F\u00e9d\u00e9ration Nationale de l'Enseignement, de la Culture et de la Formation \nProfessionnelle \u2013 Force Ouvri\u00e8re (FNEC -FP-FO) : \n \nb) Repr\u00e9sentants suppl\u00e9ants  : 4 si\u00e8ges  \n \n- Monsieur J\u00e9r\u00f4me LAMEUL  \n- Madame Emeline WEISS  \n- Monsieur Olivier Le CAM  \n- Madame Sophie AROUS  Rectorat de l'acad\u00e9mie de Paris - 75-2024-06-24-00021 - Arr\u00eat\u00e9 du 24 juin 2024 modifiant l\u25a1arr\u00eat\u00e9 du 03 juillet 2023 portant\nd\u00e9signation des membres du comit\u00e9 social d\u25a1administration sp\u00e9cial acad\u00e9mique (CSA SA) de l\u25a1acad\u00e9mie de Paris 4\nEn\nACADEMIE\nDE PARIS\nLibert\u00e9\nEgalit\u00e9\nFraternit\u00e9\n \n2 \n \n \n \nArticle 2  \n \nLe reste de l'article 2 et de l'ensemble de l'arr\u00eat\u00e9 du 03 juillet 2023 pr\u00e9cit\u00e9 reste inchang\u00e9.  \n    \n \nArticle 3 \n \nLa secr\u00e9taire g\u00e9n\u00e9ral e de l'acad\u00e9mie de Paris  est charg\u00e9 e de l'ex\u00e9cution du pr\u00e9sent arr\u00eat\u00e9 qui fera \nl'objet d'un affichage au sein  des services acad\u00e9miques.  \n \n     Fait \u00e0 Paris, le 24 juin 2024  \n \n \n \nLE RECTEUR DE LA REGION ACADEMIQUE  \nILE-DE FRANCE  \nRECTEUR DE L'ACADEMIE DE PARIS  \nCHANCELIER DES UNIVERSIT\u00c9S  \nDE PARIS ET D'\u00ceLE -DE-FRANCE  \n \n \n         Sign\u00e9 \n \n \nBernard BEIGNER  \n Rectorat de l'acad\u00e9mie de Paris - 75-2024-06-24-00021 - Arr\u00eat\u00e9 du 24 juin 2024 modifiant l\u25a1arr\u00eat\u00e9 du 03 juillet 2023 portant\nd\u00e9signation des membres du comit\u00e9 social d\u25a1administration sp\u00e9cial acad\u00e9mique (CSA SA) de l\u25a1acad\u00e9mie de Paris 5","date":"2024-07-01","first_seen_on":"2024-07-01T16:47:56+00:00","id":"4036d28c653cc9fd543ab61c2276faaf7cfa6b7f1127628d75c9958a2276009a","name":"recueil-75-2024-387-RAA-nominatifs du 01.07.2024","pdf_creation_date":"2024-07-01T14:43:52+00:00","pdf_modification_date":null,"timezone":"Europe/Paris","url":"https://www.prefectures-regions.gouv.fr/ile-de-france/irecontenu/telechargement/117966/878708/file/recueil-75-2024-387-RAA-nominatifs%20du%2001.07.2024.pdf"}
