{"administration":"pref83","administration_name":"Pr\u00e9fecture du Var","content":"VAR\nRECUEIL DES ACTES\nADMINISTRATIFS\nN\u00b083-2026-127\nPUBLI\u00c9 LE 15 AVRIL 2026\nSommaire\nAgence r\u00e9gionale de sant\u00e9 du Var / Direction de l'ARS du var\n83-2026-04-13-00006 - AP Portant habilitation pour le constat\nd'infractions dans le domaine sanitaire de Mme BONIFACCINO (1 page) Page 3\n83-2026-04-13-00005 - AP Portant habilitation pour le constat\nd'infractions dans le domaine sanitaire de Mme VAHE LELOUP (1 page) Page 5\nDirection d\u00e9partementale des territoires et de la mer du Var / Service\nagriculture et for\u00eat de la DDTM\n83-2026-04-15-00002 - ARR\u00caT\u00c9 PR\u00c9FECTORAL n\u00b0\nDDTM/SAF/BCFSP/2026 - 020 du 15/04/2026 portant \u00e9tablissement\ndes d\u00e9cisions valid\u00e9es par la commission d\u00e9partementale de la\nchasse et de la faune sauvage dans sa formation \u00ab d\u00e9g\u00e2ts de gibiers \u00bb\ndans le d\u00e9partement du Var pour l'ann\u00e9e 2025 (6 pages) Page 7\nPr\u00e9fecture du VAR / Direction des s\u00e9curit\u00e9s\n83-2026-04-15-00001 - Arr\u00eat\u00e9 n\u00b0 2026-BSP-OP-47\nautorisant la\ncaptation, l'enregistrement et la transmission d'images au moyen de\ncam\u00e9ras install\u00e9es sur des a\u00e9ronefs sans \u00e9quipage \u00e0 bord (5\npages) Page 14\n2\nAgence r\u00e9gionale de sant\u00e9 du Var\n83-2026-04-13-00006\nAP Portant habilitation pour le constat\nd'infractions dans le domaine sanitaire de Mme\nBONIFACCINO\nAgence r\u00e9gionale de sant\u00e9 du Var - 83-2026-04-13-00006 - AP Portant habilitation pour le constat d'infractions dans le domaine\nsanitaire de Mme BONIFACCINO 3\nExPREFETDU VARLibert\u00e9Egalit\u00e9Fraternit\u00e9\n 1 \nD\u00e9l\u00e9gation D\u00e9partementale  \nde l'Agence R\u00e9gionale de Sant\u00e9 \nPACA \n \n                       \nARRETE PREFECTORAL  \nPortant habilitation pour le constat d'infractions dans le domaine sanitaire \n \nLe pr\u00e9fet du Var \nVU le Code de la Sant\u00e9 Publique, notamment les articles L1312-1, L1421-6, R1312-1 \u00e0 R1312-7 ; \nVU le d\u00e9cret n\u00b02010 -344 du 31mars 2010  tirant les cons\u00e9quences , au niveau r\u00e9glementaire, de \nl'intervention de la loi  n\u00b02009-879 du 21 juillet 2009 portant r\u00e9forme de l'h\u00f4pital et relatives aux \npatients, \u00e0 la sant\u00e9 et aux territoires ; \nVU la demande en date du 24 f\u00e9vrier 2026  de M onsieur le maire de La Seyne sur mer  pour \nl'habilitation de Mme BONIFACCINO Magali ; \nVU l'arr\u00eat\u00e9 municipal de la commune de LA SEYNE SUR MER portant titularisation \u00e0 compter du 14 \nd\u00e9cembre 2024 d e Mme BONIFACCINO Magali au service communal d'hygi\u00e8ne et de sant\u00e9 en tant \nque technicien territorial ; \nSur proposition du directeur d\u00e9partemental de la d\u00e9l\u00e9gation du Var de l' agence r\u00e9gionale de sant\u00e9 de \nProvence-Alpes-C\u00f4te d'Azur ; \nARRETE \nArticle 1 \nMme BONIFACCINO Magali , technicien territorial affect\u00e9e au service communal d'hygi\u00e8ne et de \nsant\u00e9 de LA SEYNE, est habilit\u00e9e dans le cadre de ses comp\u00e9tences, et dans les limites du territoire \nde la commune LA SEYNE , \u00e0 constater les infractions aux dispositions du livre III de la premi\u00e8re \npartie l\u00e9gislative du code de la sant\u00e9 publique, ainsi que des r\u00e8glements pris pour leur application. \n \nArticle 2 \nConform\u00e9ment aux dispositions de l'article R131 2-7 vis\u00e9 ci -dessus, la mention de prestation de \nserment de cet agent sera port\u00e9e sur la carte professionnelle ou, \u00e0 d\u00e9faut, sur le pr\u00e9sent arr\u00eat\u00e9 \nd'habilitation de cet agent. \n \n \n \n \nFait \u00e0 TOULON, le 13 avril 2026 \n \n \n \nSign\u00e9  \npour le Pr\u00e9fet et par d\u00e9l\u00e9gation  \nLe secr\u00e9taire g\u00e9n\u00e9ral \nLucien GIUDICELLI \nAgence r\u00e9gionale de sant\u00e9 du Var - 83-2026-04-13-00006 - AP Portant habilitation pour le constat d'infractions dans le domaine\nsanitaire de Mme BONIFACCINO 4\nAgence r\u00e9gionale de sant\u00e9 du Var\n83-2026-04-13-00005\nAP Portant habilitation pour le constat\nd'infractions dans le domaine sanitaire de Mme\nVAHE LELOUP\nAgence r\u00e9gionale de sant\u00e9 du Var - 83-2026-04-13-00005 - AP Portant habilitation pour le constat d'infractions dans le domaine\nsanitaire de Mme VAHE LELOUP 5\nExPREFETDU VARLibert\u00e9Egalit\u00e9Fraternit\u00e9\n 1 \nD\u00e9l\u00e9gation D\u00e9partementale  \nde l'Agence R\u00e9gionale de Sant\u00e9 \nPACA \n \n                       \nARRETE PREFECTORAL  \nPortant habilitation pour le constat d'infractions dans le domaine sanitaire \n \nLe pr\u00e9fet du Var \nVU le Code de la Sant\u00e9 Publique, notamment les articles L1312-1, L1421-6, R1312-1 \u00e0 R1312-7 ; \nVU le d\u00e9cret n\u00b02010 -344 du 31mars 2010  tirant les cons\u00e9quences , au niveau r\u00e9glementaire, de \nl'intervention de la loi  n\u00b02009-879 du 21 juillet 2009 portant r\u00e9forme de l'h\u00f4pital et relatives aux \npatients, \u00e0 la sant\u00e9 et aux territoires ; \nVU la demande en date du 24 f\u00e9vrier 2026  de M onsieur le maire de La Seyne sur mer  pour \nl'habilitation de Mme VAHE LELOUP Isabelle ; \nVU l'arr\u00eat\u00e9 municipal de la commune de LA SEYNE SUR MER portant titularisation \u00e0 compter du  14 \nd\u00e9cembre 2024 de Mme VAHE LELOUP Isabelle au service communal d'hygi\u00e8ne et de sant\u00e9 en tant \nque technicien territorial ; \nSur proposition du directeur d\u00e9partemental de la d\u00e9l\u00e9gation du Var de l' agence r\u00e9gionale de sant\u00e9 de \nProvence-Alpes-C\u00f4te d'Azur ; \nARRETE \nArticle 1 \nMme VAHE LELOUP, technicien territorial affect\u00e9e au service communal d'hygi\u00e8ne et de sant\u00e9 de LA \nSEYNE, est habilit\u00e9 e dans le cadre de ses comp\u00e9tences, et dans les limites du territoire de  la \ncommune LA SEYNE , \u00e0 constater les infractions aux dispositions du livre III de la premi\u00e8re partie \nl\u00e9gislative du code de la sant\u00e9 publique, ainsi que des r\u00e8glements pris pour leur application. \n \nArticle 2 \nConform\u00e9ment aux dispositions de l'article R131 2-7 vis\u00e9 ci -dessus, la mention de prestation de \nserment de cet agent sera port\u00e9e sur la carte professionnelle ou, \u00e0 d\u00e9faut, sur le pr\u00e9sent arr\u00eat\u00e9 \nd'habilitation de cet agent. \n \n \n \nFait \u00e0 TOULON, le 13 avril 2026 \n \n \n \nSign\u00e9  \npour le Pr\u00e9fet et par d\u00e9l\u00e9gation  \nLe secr\u00e9taire g\u00e9n\u00e9ral \nLucien GIUDICELLI \nAgence r\u00e9gionale de sant\u00e9 du Var - 83-2026-04-13-00005 - AP Portant habilitation pour le constat d'infractions dans le domaine\nsanitaire de Mme VAHE LELOUP 6\nDirection d\u00e9partementale des territoires et de la\nmer du Var\n83-2026-04-15-00002\nARR\u00caT\u00c9 PR\u00c9FECTORAL n\u00b0\nDDTM/SAF/BCFSP/2026 - 020 du 15/04/2026\nportant \u00e9tablissement des d\u00e9cisions valid\u00e9es par\nla commission d\u00e9partementale de la chasse et\nde la faune sauvage dans sa formation \u00ab d\u00e9g\u00e2ts\nde gibiers \u00bb dans le d\u00e9partement du Var pour\nl'ann\u00e9e 2025\nDirection d\u00e9partementale des territoires et de la mer du Var - 83-2026-04-15-00002 - ARR\u00caT\u00c9 PR\u00c9FECTORAL n\u00b0 DDTM/SAF/BCFSP/2026\n- 020 du 15/04/2026 portant \u00e9tablissement des d\u00e9cisions valid\u00e9es par la commission d\u00e9partementale de la chasse et de la faune\nsauvage dans sa formation \u00ab d\u00e9g\u00e2ts de gibiers \u00bb dans le d\u00e9partement du Var pour l'ann\u00e9e 2025\n7\n=mPREFETDU VARLibert\u00e9Egalit\u00e9Fraternit\u00e9\nDirection d\u00e9partementale\ndes territoires et de la mer du Var\nARR\u00caT\u00c9 PR\u00c9FECTORAL n\u00b0 DDTM/SAF/BCFSP/2026 \u2013 020 du 15/04/2026\nportant \u00e9tablissement des d\u00e9cisions valid\u00e9es par la commission d\u00e9partementale de la \nchasse et de la faune sauvage dans sa formation \u00ab d\u00e9g\u00e2ts de gibiers \u00bb dans le \nd\u00e9partement du Var pour l'ann\u00e9e 2025\nLe pr\u00e9fet du Var,\nVU le code de l'environnement, et notamment ses articles L. 426-5 et R. 426-1 \u00e0 R. 426-19 ;\nVU  le  d\u00e9cret  n\u00b0  2004-374  du  29  avril  2004  modifi\u00e9  relatif  aux  pouvoirs  des  pr\u00e9fets,  \u00e0  \nl'organisation et \u00e0 l'action des services de l'\u00c9tat dans les r\u00e9gions et d\u00e9partements ;\nVU  l'arr\u00eat\u00e9  pr\u00e9fectoral  n\u00b02025/25/MCI  du  2  juin  2025  portant  d\u00e9l\u00e9gation  de  signature  \u00e0 \nM.Laurent BOULET, directeur d\u00e9partemental des territoires et de la mer du Var ;\nVU les bar\u00e8mes fix\u00e9s par la commission nationale d'indemnisation (CNI) des d\u00e9g\u00e2ts de gibier  \npour l'ann\u00e9e 2025 ;\nVU les avis de la com mission d\u00e9partementale de la chasse et de la faune sauvage dans sa  \nformation \u00ab d\u00e9g\u00e2ts de gibiers \u00bb en dates du 14/03/25, 10/10/25, 15/12/25 et 05/03/26 ;\nSUR proposition du directeur d\u00e9partemental des territoires et de la mer ;\nARR\u00caTE\nArticle 1  er   :\nLes d\u00e9cisions valid\u00e9es par la commission d\u00e9partementale de la chasse et de la faune sauvage  \ndans  sa  formation  \u00ab  d\u00e9g\u00e2ts  de  gibiers  \u00bb  pour  la  saison  2025-2026  sont  list\u00e9es  dans  le  \ndocument annex\u00e9 \u00e0 cet arr\u00eat\u00e9 pr\u00e9fectoral.\nArticle 2 :\nLe secr\u00e9taire g\u00e9n\u00e9ral de la pr\u00e9fecture du Var et le directeur d\u00e9partemental des territoires et \nde la mer du Var sont charg\u00e9s de l'ex\u00e9cution du pr\u00e9sent arr\u00eat\u00e9 qui sera publi\u00e9 au recueil des \nactes administratifs de la pr\u00e9fecture du Var.\nFait \u00e0 Toulon, le 15/04/2026\nLe pr\u00e9fet du Var\nSign\u00e9\nSimon BABRE\nDirection d\u00e9partementale des territoires et de la mer du Var - 83-2026-04-15-00002 - ARR\u00caT\u00c9 PR\u00c9FECTORAL n\u00b0 DDTM/SAF/BCFSP/2026\n- 020 du 15/04/2026 portant \u00e9tablissement des d\u00e9cisions valid\u00e9es par la commission d\u00e9partementale de la chasse et de la faune\nsauvage dans sa formation \u00ab d\u00e9g\u00e2ts de gibiers \u00bb dans le d\u00e9partement du Var pour l'ann\u00e9e 2025\n8\nEsPREFETDU VARLibert\u00e9Egalit\u00e9Fraternit\u00e9\nAnnexe\u00a0:\u00a0d\u00e9cisions valid\u00e9es par la commission d\u00e9partementale de la chasse et de la faune  \nsauvage dans sa formation \u00ab d\u00e9g\u00e2ts de gibiers \u00bb pour la saison 2025-2026.\n\uf0b7 Remise\u00a0en\u00a0\u00e9tat\u00a0des\u00a0prairies\u00a0et\u00a0ressemis\u00a0des\u00a0cultures \u00a0(vot\u00e9s en CDCFS du  14 mars\u00a0\n2025)\u00a0:\nPour les travaux r\u00e9alis\u00e9s du 1er janvier au 31 d\u00e9cembre 2025 :\nRemise\u00a0en\u00a0\u00e9tat\u00a0des\u00a0prairies\u00a0\u2013\u00a0tarif\u00a0unitaire\u00a0\u00e0\u00a0l'hectare\u00a0sauf\u00a0pour\u00a0manuelle\u00a0au\u00a0taux\u00a0horaire\nManuelle 22,81 \u20ac/heure\nHerse (2 passages crois\u00e9s) 96,36 \u20ac/ha\nHerse \u00e0 prairie, \u00e9taupinoir 73,58 \u20ac/ha\nHerse rotative ou alternative (seule) 98,57 \u20ac/ha\nHerse rotative ou alternative + semoir 141,44 \u20ac/ha\nBroyeur \u00e0 marteaux \u00e0 axe horizontal 104,05 \u20ac/ha\nRouleau 40,05 \u20ac/ha\nCharrue 144,98\u20ac/ha\nRotavator 104,04 \u20ac/ha\nSemoir 73,58 \u20ac/ha\nTraitement 54,26 \u20ac/ha\nSemoir \u00e0 semis direct 84,20 \u20ac/ha\nRessemis\u00a0des\u00a0principales\u00a0cultures\u00a0\u2013\u00a0tarif\u00a0unitaire\u00a0\u00e0\u00a0l'hectare\u00a0\nHerse rotative ou alternative + semoir 141,44 \u20ac/ha\nSemoir 73,58 \u20ac/ha\nTraitement 54,26 \u20ac/ha\nSemoir \u00e0 semis direct 84,20 \u20ac/ha\nSemence certifi\u00e9e de c\u00e9r\u00e9ales 121,15 \u20ac/ha\nSemence certifi\u00e9e de ma\u00efs 216,37 \u20ac/ha\nSemence certifi\u00e9e de pois 226,12 \u20ac/ha\nSemence certifi\u00e9e de colza 109,23 \u20ac/ha\nSemences fourrag\u00e8res 186,58 \u20ac/ha\nPour rappel, en zone de montagne, les bar\u00e8mes des outils de ressemis sont major\u00e9s de  \n15 %.\n\u00a0\u00a0\u00a0\u00a0\u00a0\u00a0\u00a0\u00a0\u00a0\u00a0\u00a0\u00a0\u00a0Direction\u00a0d\u00e9partementale\u00a0\ndes\u00a0territoires\u00a0et\u00a0de\u00a0la\u00a0mer\u00a0du\u00a0Var\nDirection d\u00e9partementale des territoires et de la mer du Var - 83-2026-04-15-00002 - ARR\u00caT\u00c9 PR\u00c9FECTORAL n\u00b0 DDTM/SAF/BCFSP/2026\n- 020 du 15/04/2026 portant \u00e9tablissement des d\u00e9cisions valid\u00e9es par la commission d\u00e9partementale de la chasse et de la faune\nsauvage dans sa formation \u00ab d\u00e9g\u00e2ts de gibiers \u00bb dans le d\u00e9partement du Var pour l'ann\u00e9e 2025\n9\n\uf0b7 Le\u00a0bar\u00e8me\u00a0mara\u00eechage\u00a0(vot\u00e9 en CDCFS du 14 mars\u00a02025)\u00a0:\nPour  les  cultures  en  mara\u00eechage  (fruits  et  l\u00e9gumes),  le  bar\u00e8me  est  bas\u00e9  sur  les  cours  \nFranceAgrimer au moment de la constatation des d\u00e9g\u00e2ts, apr\u00e8s d\u00e9duction des frais de  \nconditionnement et des frais de r\u00e9coltes.\n\uf0b7 Les\u00a0frais\u00a0de\u00a0conditionnement\u00a0des\u00a0cultures\u00a0mara\u00eech\u00e8res\u00a0(vot\u00e9s en CDCFS du 14 mars\u00a0\n2025) :\nFrais\u00a0de\u00a0conditionnement\u00a0\u00e0\u00a040\u00a0%\nToute culture avec conditionnement \u00e0 la main\nSafran\nCultures florales : toutes fleurs\nCultures l\u00e9gumi\u00e8res : petits pois, haricots verts, salade m\u00e2che, salade mesclun et jeunes \npousses\nCultures fruiti\u00e8res : amandes, cerises, fraises, figues, framboises, m\u00fbres, pistaches\nFrais\u00a0de\u00a0conditionnement\u00a0\u00e0\u00a020\u00a0%\nToute culture avec conditionnement m\u00e9canique\nAromatiques : toutes aromatiques\nCultures l\u00e9gumi\u00e8res : toutes cultures hors celles cit\u00e9es ci-dessus\nCultures fruiti\u00e8res : toutes cultures hors celles cit\u00e9es ci-dessus\n\uf0b7 Les\u00a0frais\u00a0de\u00a0r\u00e9coltes\u00a0(vot\u00e9s en CDCFS du 14 mars\u00a02025) :\nPour les frais de r\u00e9coltes, l'utilisation du bar\u00e8me des calamit\u00e9s agricoles a \u00e9t\u00e9 valid\u00e9e.\n\uf0b7 Le\u00a0bar\u00e8me\u00a0pour\u00a0les\u00a0cultures\u00a0en\u00a0agriculture\u00a0biologique \u00a0(vot\u00e9 en CDCFS du 1 4\u00a0mars\u00a0\n2025) :\nPour le bar\u00e8me \u00ab agriculture biologique \u00bb, une majoration de 30 % est appliqu\u00e9e au bar\u00e8me \nconventionnel, \u00e0 l'exception de la viticulture et des cultures bio r\u00e9pertori\u00e9es dans les cours  \nFranceAgrimer.\n\uf0b7 La\u00a0liste\u00a0des\u00a0cultures\u00a0\u00e0\u00a0haute\u00a0valeur\u00a0ajout\u00e9e\u00a0(vot\u00e9e en CDCFS du 14 mars\u00a02025) :\n\u2013 mara\u00eechage (fruits et l\u00e9gumes) ;\n\u2013 safran ;\n\u2013 aromatiques ;\n\u2013 cultures de semences ;\n\u2013 fleurs (toutes les fleurs y compris les bulbes) ;\n\u2013 fleurs comestibles et jeunes pousses ;\n\u2013 pois-chiche ;\n\u2013 lentilles.\nLes  agriculteurs  concern\u00e9s  doivent  se  faire  conna\u00eetre  aupr\u00e8s  de  la  f\u00e9d\u00e9ration  \nd\u00e9partementale des chasseurs du Var pour l'adaptation de la pression de chasse sur les  \nparcelles sensibles.\nDirection d\u00e9partementale des territoires et de la mer du Var - 83-2026-04-15-00002 - ARR\u00caT\u00c9 PR\u00c9FECTORAL n\u00b0 DDTM/SAF/BCFSP/2026\n- 020 du 15/04/2026 portant \u00e9tablissement des d\u00e9cisions valid\u00e9es par la commission d\u00e9partementale de la chasse et de la faune\nsauvage dans sa formation \u00ab d\u00e9g\u00e2ts de gibiers \u00bb dans le d\u00e9partement du Var pour l'ann\u00e9e 2025\n10\n\uf0b7 Les\u00a0dates\u00a0d'enl\u00e8vement\u00a0des\u00a0r\u00e9coltes\u00a0(vot\u00e9es en CDCFS du 14 mars\u00a02025) :\nESP\u00c8CES DATE\nSorgho 15/11/25\nC\u00e9r\u00e9ales \u00e0 paille 31/08/25\nTournesol 15/09/25\nSoja 30/10/25\nMa\u00efs 31/12/25\nColza 15/08/25\nPois 15/09/25\nPois chiche 15/09/25\nVigne 30/10/25\n\uf0b7 La\u00a0liste\u00a0des\u00a0estimateurs\u00a0de\u00a0la\u00a0f\u00e9d\u00e9ration\u00a0d\u00e9partementale \u00a0des\u00a0chasseurs (vot\u00e9e en  \nCDCFS du 14 mars\u00a02025) :\n\u2013 M. Luc ANDR\u00c9 ;\n\u2013 M. Denis DURAND ;\n\u2013 M. Jean-Christophe DELHAYE ;\n\u2013 M. Eric MORALES.\n\uf0b7 Le\u00a0rendement\u00a0moyen\u00a0en\u00a0fourrage\u00a0des\u00a0prairies\u00a0(vot\u00e9 en CDCFS d\u00e9g\u00e2ts du 10\u00a0octobre\u00a0\n2025) :\nType\u00a0de\u00a0fourrage P\u00e9riode\u00a0de\u00a0r\u00e9colte Rendement\u00a0moyen\u00a0en\u00a0tonne\u00a0\nde\u00a0mati\u00e8re\u00a0s\u00e8che/ha\nC\u00e9r\u00e9ales immatures Janvier-f\u00e9vrier 3\nAvril 3\nTotal 6\nColza fourrager Total 9\nLuzerne seule Printemps-\u00e9t\u00e9 7\nAutomne 2\nTotal sec 9\nPrintemps-\u00e9t\u00e9 9\nAutomne 4\nTotal irrigu\u00e9 13\nPrairie temporaire gramin\u00e9es  \n(pur/m\u00e9lange)\nPrintemps-\u00e9t\u00e9 6\nAutomne 2\nTotal sec 8\nPrintemps-\u00e9t\u00e9 6\nAutomne 3\nTotal irrigu\u00e9 9\nPrairie  temporaire  m\u00e9lange  \ngramin\u00e9es et l\u00e9gumineuses\nPrintemps-\u00e9t\u00e9 6\nAutomne 3\nTotal sec 9\nPrintemps-\u00e9t\u00e9 7\nDirection d\u00e9partementale des territoires et de la mer du Var - 83-2026-04-15-00002 - ARR\u00caT\u00c9 PR\u00c9FECTORAL n\u00b0 DDTM/SAF/BCFSP/2026\n- 020 du 15/04/2026 portant \u00e9tablissement des d\u00e9cisions valid\u00e9es par la commission d\u00e9partementale de la chasse et de la faune\nsauvage dans sa formation \u00ab d\u00e9g\u00e2ts de gibiers \u00bb dans le d\u00e9partement du Var pour l'ann\u00e9e 2025\n11\nAutomne 3\nTotal irrigu\u00e9 10\nPrairie naturelle Mai-juin 4\nJuillet 1,5\nOctobre 1,5\nTotal 7\nSainfoin seul Printemps-\u00e9t\u00e9 5,5\nAutomne 3,5\nTotal 9\nSorgho fourrager Juillet 4,5\nAo\u00fbt 3,5\nSeptembre-Novembre 2\nTotal 10\nVesce-Avoine Total 9\n\uf0b7 La\u00a0perte\u00a0de\u00a0r\u00e9colte\u00a0des\u00a0prairies\u00a0(vot\u00e9 en CDCFS d\u00e9g\u00e2ts du 10\u00a0octobre\u00a02025) :\nPour la perte de r\u00e9colte des prairies, le montant de 11,89\u20ac/quintal a \u00e9t\u00e9 valid\u00e9.\n\uf0b7 Les \u00a0 bar\u00e8mes \u00a0 des \u00a0 c\u00e9r\u00e9ales \u00a0 \u00e0 \u00a0 paille, \u00a0 ol\u00e9agineux \u00a0 et \u00a0 prot\u00e9agineux (vot\u00e9s  en CDCFS  \nd\u00e9g\u00e2ts du 15 d\u00e9cembre\u00a02025) :\nBar\u00e8mes\u00a0c\u00e9r\u00e9ales,\u00a0colza,\u00a0prot\u00e9agineux \u2013 en euros par quintal\nAvoine noire 16,80 \u20ac/quintal\nBl\u00e9 dur 24,60 \u20ac/quintal\nBl\u00e9 tendre 16,90 \u20ac/quintal\nColza 43,80 \u20ac/quintal\nF\u00e9veroles 22,50 \u20ac/quintal\nOrge brassicole d'hiver 16,20 \u20ac/quintal\nOrge brassicole de printemps 18,00 \u20ac/quintal\nOrge mouture 16,00 \u20ac/quintal\nPois 24,30 \u20ac/quintal\nTriticale 14,80 \u20ac/quintal\nAvoine noire 16,80 \u20ac/quintal\n\uf0b7 Les \u00a0 bar\u00e8mes \u00a0 du \u00a0 ma\u00efs, \u00a0 du \u00a0 tournesol \u00a0 et \u00a0 du \u00a0 sorgho (vot\u00e9s en CDCFS d\u00e9g\u00e2ts du  15\u00a0\nd\u00e9cembre\u00a02025) :\nBar\u00e8mes\u00a0ma\u00efs,\u00a0tournesol,\u00a0sorgho \u2013 en euros par quintal\nTournesol 47,00 \u20ac/quintal\nMa\u00efs grain 12,60 \u20ac/quintal\nMa\u00efs ensilage 3,65 \u20ac/quintal\nSorgho grain Au  prix  du  cours  des  mercuriales  le  cas  \n\u00e9ch\u00e9ant\nDirection d\u00e9partementale des territoires et de la mer du Var - 83-2026-04-15-00002 - ARR\u00caT\u00c9 PR\u00c9FECTORAL n\u00b0 DDTM/SAF/BCFSP/2026\n- 020 du 15/04/2026 portant \u00e9tablissement des d\u00e9cisions valid\u00e9es par la commission d\u00e9partementale de la chasse et de la faune\nsauvage dans sa formation \u00ab d\u00e9g\u00e2ts de gibiers \u00bb dans le d\u00e9partement du Var pour l'ann\u00e9e 2025\n12\n\uf0b7 Les\u00a0bar\u00e8mes\u00a0pour\u00a0la\u00a0viticulture (vot\u00e9s en CDCFS d\u00e9g\u00e2ts du 05\u00a0mars\u00a02026) :\nBar\u00e8mes\u00a0viticulture\u00a0conventionnelle \u2013 en euros par kilogramme\nAOP Bandol 2,35\nAOP C\u00f4tes d'Aix-en-Provence 1,16\nAOP C\u00f4tes de Provence 1,77\nAOP C\u00f4teaux Varois en Provence 1,29\nIGP Var 0,72\nVin sans IGP 0,72\nBar\u00e8mes\u00a0viticulture\u00a0biologique \u2013 en euros par kilogramme\nAOP Bandol 2,65\nAOP C\u00f4tes d'Aix-en-Provence 1,33\nAOP C\u00f4tes de Provence 1,93\nAOP C\u00f4teaux Varois en Provence 1,52\nIGP Var 0,84\nVin sans IGP 0,84\nPour les bar\u00e8mes viticoles, la p\u00e9riode de prise en compte des cours est celle allant du  \n31/07/2025\u00a0au\u00a031/01/2026.\nDirection d\u00e9partementale des territoires et de la mer du Var - 83-2026-04-15-00002 - ARR\u00caT\u00c9 PR\u00c9FECTORAL n\u00b0 DDTM/SAF/BCFSP/2026\n- 020 du 15/04/2026 portant \u00e9tablissement des d\u00e9cisions valid\u00e9es par la commission d\u00e9partementale de la chasse et de la faune\nsauvage dans sa formation \u00ab d\u00e9g\u00e2ts de gibiers \u00bb dans le d\u00e9partement du Var pour l'ann\u00e9e 2025\n13\nPr\u00e9fecture du VAR\n83-2026-04-15-00001\nArr\u00eat\u00e9 n\u00b0 2026-BSP-OP-47\nautorisant la captation, l'enregistrement et la\ntransmission d'images au moyen de cam\u00e9ras\ninstall\u00e9es sur des a\u00e9ronefs sans \u00e9quipage \u00e0 bord\nPr\u00e9fecture du VAR - 83-2026-04-15-00001 - Arr\u00eat\u00e9 n\u00b0 2026-BSP-OP-47\nautorisant la captation, l'enregistrement et la transmission d'images au moyen de cam\u00e9ras install\u00e9es sur des a\u00e9ronefs sans \u00e9quipage \u00e0\nbord\n14\n=mPREFETDU VARLibert\u00e9Egalit\u00e9Fraternit\u00e9\nCabinet du Pr\u00e9fet\nDirection des s\u00e9curit\u00e9s\nBureau de la s\u00e9curit\u00e9 publique\nArr\u00eat\u00e9 n\u00b0 2026-BSP-OP-47\nautorisant la captation, l'enregistrement et la transmission \nd'images au moyen de cam\u00e9ras install\u00e9es sur des a\u00e9ronefs sans \u00e9quipage \u00e0 bord\nVu le code de la s\u00e9curit\u00e9 int\u00e9rieure et notamment ses articles L. 242-1 \u00e0 L. 242-8 et R. 242-8 \u00e0  \nR. 242-14 ;\nVu le  d\u00e9cret  n\u00b0  2004-374  du  29  avril  2004  modifi\u00e9  relatif  aux  pouvoirs  des  pr\u00e9fets,  \u00e0  \nl'organisation et \u00e0 l'action des services de l'\u00c9tat dans les r\u00e9gions et d\u00e9partements ;\nVu le d\u00e9cret du 15 mai 2025 portant nomination de Monsieur Simon BABRE, pr\u00e9fet du Var ;\nVu l'arr\u00eat\u00e9 n\u00b0 2026/07/MCI du 18 f\u00e9vrier 2026 portant d\u00e9l\u00e9gation de signature \u00e0 Madame Jo -\ns\u00e9phine GUIGLIANO-BOUTONNET, directrice de cabinet du pr\u00e9fet du Var ;\nVu l'arr\u00eat\u00e9 du ministre de l'Int\u00e9rieur et des outre-mer, en date du 19 avril 2023 relatif au  \nnombre maximal de cam\u00e9ras install\u00e9es sur des a\u00e9ronefs pouvant \u00eatre simultan\u00e9ment utilis\u00e9es  \ndans chaque d\u00e9partement et collectivit\u00e9 d'outre-mer ;\nVu la demande en date du 13 avril 2026, formul\u00e9e par la direction interd\u00e9partementale de la  \npolice  nationale  du  Var,  visant  \u00e0  obtenir  l'autorisation  de  capter,  d'enregistrer  et  de  \ntransmettre des images au moyen de  deux cam\u00e9ras install\u00e9es sur des drones  aux fins de  \nr\u00e9aliser des op\u00e9rations de pr\u00e9vention des atteintes \u00e0 la s\u00e9curit\u00e9 des personnes et des biens  \nsur la commune de Hy\u00e8res, notamment dans le secteur du Val des Rougi\u00e8res, le jeudi 16 avril  \n2026 de 12h00 \u00e0 20h00 ;\nConsid\u00e9rant que les dispositions susvis\u00e9es permettent aux forces de s\u00e9curit\u00e9 int\u00e9rieure, dans  \nl'exercice de leurs missions de pr\u00e9vention des atteintes \u00e0 l'ordre public et de protection de la  \ns\u00e9curit\u00e9 des personnes et des biens, de proc\u00e9der \u00e0 la captation, \u00e0 l'enregistrement et \u00e0 la  \ntransmission d'images au moyen d'une cam\u00e9ra install\u00e9e sur un a\u00e9ronef aux fins d'assurer la  \ns\u00e9curit\u00e9 des personnes et des biens et pr\u00e9venir les troubles \u00e0 l'ordre public dans le cadre des  \nop\u00e9rations de r\u00e9tablissement de l'ordre public  ;  que notamment, le 1\u00b0 de l'article L. 242-5  \nsusvis\u00e9  pr\u00e9voit  que  ces  dispositifs  peuvent  \u00eatre  mis  en  \u0153uvre  aux  fins  de  pr\u00e9venir  les  \natteintes \u00e0 la s\u00e9curit\u00e9 des personnes et des biens dans les lieux particuli\u00e8rement expos\u00e9s, en  \nraison  de  leurs  caract\u00e9ristiques  ou  des  faits  qui  s'y  sont  d\u00e9j\u00e0  d\u00e9roul\u00e9s,  \u00e0  des  risques  \nd'agression, de vol ou de trafic d'armes, d'\u00eatres humains ou de stup\u00e9fiants ; \nConsid\u00e9rant que depuis plusieurs ann\u00e9es, les forces de police ont conduit de nombreuses  \nop\u00e9rations visant \u00e0 pr\u00e9venir les troubles \u00e0 l'ordre public dans le quartier prioritaire du Val des \nRougi\u00e8res ; que lors de ces interventions, des atteintes \u00e0 la s\u00e9curit\u00e9 des personnes et des  \nbiens ont pu \u00eatre constat\u00e9es ;\n1/4\nPr\u00e9fecture du VAR - 83-2026-04-15-00001 - Arr\u00eat\u00e9 n\u00b0 2026-BSP-OP-47\nautorisant la captation, l'enregistrement et la transmission d'images au moyen de cam\u00e9ras install\u00e9es sur des a\u00e9ronefs sans \u00e9quipage \u00e0\nbord\n15\nConsid\u00e9rant que le 1 er d\u00e9cembre 2025, la brigade anti-criminalit\u00e9 de la CPN de Hy\u00e8res est  \nintervenue dans un logement sis chemin de l'Excelsior \u00e0 Hy\u00e8res pour constater un vol \u00e0 main  \narm\u00e9e, que la victime a d\u00e9clar\u00e9 avoir fait l'objet de coups et de blessures par deux individus  \npour obtenir de sa part de l'argent ainsi que les armes d\u00e9tenues dans son logement  ; que les \nauteurs ont ainsi d\u00e9rob\u00e9 un sac \u00e0 dos de marque \u00ab MYPOS \u00bb, 500 euros en liquide, 1 000 euros \ndans un coffre-fort du requ\u00e9rant, un fusil \u00e0 pompe de type \u00ab  3 MOSSBERG \u00bb, une arme de  \ntype  \u00ab calibre  12 \u00bb  et  une  douzaine  de  cartouches  ainsi  que  divers  objets  de  marque  \n\u00ab HERMES \u00bb ;\nConsid\u00e9rant que le 29 d\u00e9cembre 2025, lors d'une patrouille dans une rue jouxtant le Val des  \nRougi\u00e8res, le groupe de s\u00e9curit\u00e9 et de proximit\u00e9 de la CPN de Hy\u00e8res a proc\u00e9d\u00e9 au contr\u00f4le  \net \u00e0 la verbalisation d'un individu en possession de produits stup\u00e9fiants ;\nConsid\u00e9rant que depuis le d\u00e9but de l'ann\u00e9e 2026, le groupe de s\u00e9curit\u00e9 de proximit\u00e9 (GSP) et  \nle  service  local  de  s\u00e9curit\u00e9  publique  (SLSP)  de  la  CPN  de  Hy\u00e8res  ont  conduit  plusieurs  \nop\u00e9rations de police administrative visant \u00e0 pr\u00e9venir les troubles \u00e0 l'ordre public dans le  \nquartier prioritaire du Val des Rougi\u00e8res  ; que lors de ces interventions, des atteintes \u00e0 la  \ns\u00e9curit\u00e9 des personnes et des biens ont pu \u00eatre constat\u00e9es ;\nConsid\u00e9rant qu'en outre, le GSP de la CPN de Hy\u00e8res est intervenu le 5 janvier 2026 chemin  \nde l'Excelsior du Val des Rougi\u00e8res \u00e0 Hy\u00e8res (83 400) pour assister la BAC locale lors d'un d\u00e9lit \nde fuite ; que lors de cette op\u00e9ration, une importante quantit\u00e9 de produits stup\u00e9fiants a \u00e9t\u00e9  \nd\u00e9couverte et saisie au domicile de l'un des individus interpell\u00e9s ;\nConsid\u00e9rant que le 10 mars 2026, un \u00e9quipage du GSP de la CPN de Hy\u00e8res, en surveillance  \nau  niveau  du  chemin  de  l'Excelsior,  dans  le  quartier  du  Val  des  Rougi\u00e8res  \u00e0  Hy\u00e8res,  a  \nintercept\u00e9 un individu qui redescendait d'un point de deal  ; que cet individu a remis aux  \npoliciers un sachet contenant de la coca\u00efne, qu'il a reconnu avoir achet\u00e9 imm\u00e9diatement  \navant le contr\u00f4le, au sein de la cit\u00e9 ;\nConsid\u00e9rant que les 25 et 26 mars 2026, une \u00e9quipe de la brigade anti-criminalit\u00e9 de la CPN  \nde  Hy\u00e8res  a  proc\u00e9d\u00e9  \u00e0  l'interpellation  de  plusieurs  individus  ayant  vendu  des  produits  \nstup\u00e9fiants ; que ces individus \u00e9taient en possession d'une sacoche contenant des produits  \nstup\u00e9fiants ainsi qu'une somme d'argent ;\nConsid\u00e9rant que le 29 mars 2026, un \u00e9quipage de la Brigade anti-criminalit\u00e9 de la CPN de  \nHy\u00e8res,  en  surveillance  au  Val  des  Rougi\u00e8res,  a  constat\u00e9,  au  niveau  du  b\u00e2timent  14,  la  \npr\u00e9sence  d'une  personne  qui  effectuait  \u00e0  plusieurs  reprises  de  la  vente  de  produits  \nstup\u00e9fiants ; que ledit vendeur a \u00e9t\u00e9 interpell\u00e9 apr\u00e8s s'\u00eatre d\u00e9barrass\u00e9, durant sa fuite, d'un  \nsac \u00e0 dos noir contenant une quantit\u00e9 importante de produits stup\u00e9fiants ;\nConsid\u00e9rant que le 1er avril 2026, plusieurs personnes ont \u00e9t\u00e9 identifi\u00e9es par les policiers de la  \nBrigade anti-criminalit\u00e9 de la CPN de Hy\u00e8res au niveau du b\u00e2timent 14, lieu connu des forces  \nde l'ordre comme point de vente de produits stup\u00e9fiants au Val des Rougi\u00e8res  ; qu'une vente \nde produits stup\u00e9fiants a \u00e9t\u00e9 constat\u00e9e  ; que ledit vendeur interpell\u00e9 \u00e9tait en possession  \nd'une  somme  d'argent  et  de  r\u00e9sine  de  cannabis  ;  qu'un  homme,  agissant  en  qualit\u00e9  de  \n\u00ab guetteur \u00bb, a \u00e9galement fait l'objet d'une interpellation ;\nConsid\u00e9rant que le 04 avril 2026, lors d'une patrouille devant le b\u00e2timent 14 du quartier du  \nVal des Rougi\u00e8res, l'\u00e9quipage du GSP de la CPN de Hy\u00e8res a proc\u00e9d\u00e9 au contr\u00f4le et \u00e0 la  \nverbalisation de deux individus qui effectuaient une activit\u00e9 de \u00ab guetteur \u00bb ;\nConsid\u00e9rant  que le risque pour la s\u00e9curit\u00e9 des personnes est consubstantiel au trafic de  \nstup\u00e9fiants, en ce qu'il suppose l'occupation du lieu de trafic en recourant \u00e0 la pression, aux  \nmenaces et violences sur les riverains  ; qu 'il g \u00e9n\u00e8re des violences entre les individus ou les  \ngroupes qui s'y livrent pour s'assurer le caract\u00e8re exclusif de cette occupation  ; violences qui \n2/4\nPr\u00e9fecture du VAR - 83-2026-04-15-00001 - Arr\u00eat\u00e9 n\u00b0 2026-BSP-OP-47\nautorisant la captation, l'enregistrement et la transmission d'images au moyen de cam\u00e9ras install\u00e9es sur des a\u00e9ronefs sans \u00e9quipage \u00e0\nbord\n16\npeuvent impliquer le recours \u00e0 des armes ou des m\u00e9thodes particuli\u00e8rement dangereuses  \nexposant ainsi les riverains et les forces de s\u00e9curit\u00e9 int\u00e9rieures qui interviennent, \u00e0 des risques \n\u00e9lev\u00e9s d'atteinte \u00e0 leur s\u00e9curit\u00e9 et \u00e0 leur int\u00e9grit\u00e9 physique;\nConsid\u00e9rant  que  des  personnes  toxicomanes  peuvent  elles-m\u00eames  recourir  \u00e0 la  violence  \ncontre les habitants dans le but de se fournir les moyens d 'acqu\u00e9rir le produit stup\u00e9fiant  \nqu'elles recherchent ; que des personnes sont souvent recrut \u00e9es de gr \u00e9 ou de force par ces  \nr\u00e9seaux pour assurer la surveillance du quartier et entraver l 'action des forces de s \u00e9curit\u00e9 \nint\u00e9rieure, r\u00e9duisant ainsi l 'effectivit\u00e9 de leur action  ; que compte tenu de la sp\u00e9cificit\u00e9 de  \ncette activit\u00e9 criminelle et des troubles, \u00e0 la fois graves et nombreux, qu'elle engendre et qu'il \nappartient \u00e0 l'autorit\u00e9 de police de pr\u00e9venir, seule une pr\u00e9sence polici\u00e8re continue serait de  \nnature \u00e0 d\u00e9courager les vell\u00e9it\u00e9s de ces r\u00e9seaux \u00e0 s'implanter et maintenir durablement leurs  \nactivit\u00e9s  sur  un  p\u00e9rim\u00e8tre  et  \u00e0  r\u00e9tablir  l'ordre  public  ;  qu'une  telle  pr\u00e9sence  exposerait \ncependant les agents \u00e0 des risques importants pour leur s\u00e9curit\u00e9 ;\nConsid\u00e9rant que, dans ce contexte et compte tenu de l'int\u00e9r\u00eat pour les forces de police de  \ndisposer d'une vision en grand angle au regard de l'ampleur de la zone \u00e0 s\u00e9curiser et de la  \nconfiguration particuli\u00e8re des lieux, le recours aux dispositifs de captation install\u00e9s sur des  \na\u00e9ronefs est n\u00e9cessaire et adapt\u00e9  ; qu'il n'existe pas de dispositif moins intrusif permettant  \nde parvenir aux m\u00eames fins ;\nConsid\u00e9rant que la demande porte sur l'engagement de deux cam\u00e9ras a\u00e9roport\u00e9es dans le  \nseul  secteur  d\u00e9limit\u00e9  en  annexe  du  pr\u00e9sent  arr\u00eat\u00e9  qui  correspond  \u00e0  la  zone  o\u00f9  sont  \nsusceptibles  de  se  commettre  les  atteintes  que  l'usage  des  cam\u00e9ras  a\u00e9roport\u00e9es  vise  \u00e0 \npr\u00e9venir ; que la dur \u00e9e de l 'autorisation est  \u00e9galement limit\u00e9e  \u00e0 une dur \u00e9e de huit heures  ; \nqu'au  regard  des  circonstances  susmentionn\u00e9es,  la  demande  n'appara\u00eet  pas  \ndisproportionn\u00e9e ;\nConsid\u00e9rant qu'en vertu de l'article R. 242-13 du code de la s\u00e9curit\u00e9 int\u00e9rieure, il y a lieu de  \nd\u00e9roger  au  principe  d'information  du  public  d\u00e8s  lors  que  cette  information  entre  en  \ncontradiction avec les finalit\u00e9s pour lesquelles le dispositif est autoris\u00e9  ; que cependant, cet  \narr\u00eat\u00e9 fera l'objet d'une publication au recueil des actes administratifs de la pr\u00e9fecture ;\nSur proposition de la sous-pr\u00e9f\u00e8te, directrice de cabinet du Var ;\nARR\u00caTE\nArticle 1er \u2013 La captation, l'enregistrement et la transmission d'images au moyen de cam\u00e9ras  \ninstall\u00e9es sur des a\u00e9ronefs sans \u00e9quipage \u00e0 bord par la direction interd\u00e9partementale de la  \nPolice Nationale du Var, est autoris\u00e9e au titre de la pr\u00e9vention des atteintes \u00e0 la s\u00e9curit\u00e9 des  \npersonnes et des biens, de la d\u00e9linquance et de la lutte anti-stup\u00e9fiants sur la commune de  \nHy\u00e8res, le jeudi 16 avril 2026 de 12h00 \u00e0 20h00.\nArticle 2 \u2013 Le nombre maximal de cam\u00e9ras pouvant proc\u00e9der simultan\u00e9ment aux traitements  \nmentionn\u00e9s \u00e0 l'article 1er est fix\u00e9 \u00e0 deux, install\u00e9es sur un drone DJI Mavic 3  T et sur un drone  \nDJI Mavic 4 T.\nArticle 3 \u2013 La pr\u00e9sente autorisation est limit\u00e9e au p\u00e9rim\u00e8tre g\u00e9ographique figurant sur le plan  \njoint en annexe.\n3/4\nPr\u00e9fecture du VAR - 83-2026-04-15-00001 - Arr\u00eat\u00e9 n\u00b0 2026-BSP-OP-47\nautorisant la captation, l'enregistrement et la transmission d'images au moyen de cam\u00e9ras install\u00e9es sur des a\u00e9ronefs sans \u00e9quipage \u00e0\nbord\n17\nArticle 4 \u2013 Le pr\u00e9sent arr\u00eat\u00e9 est publi\u00e9 au recueil des actes administratifs de la pr\u00e9fecture et  \npeut faire l'objet d'un recours devant le tribunal administratif de  Toulon dans un d\u00e9lai de  \ndeux mois \u00e0 compter de sa publication.\nArticle  5  \u2013  La  sous-pr\u00e9f\u00e8te,  directrice  de  cabinet  du  pr\u00e9fet  du  Var  et  le  directeur  \ninterd\u00e9partemental  de  la  Police  Nationale  du  Var,  sont  charg\u00e9s,  chacun  en  ce  qui  les  \nconcerne, de l'ex\u00e9cution du pr\u00e9sent arr\u00eat\u00e9.\nToulon, le 15 avril 2026\nPour le pr\u00e9fet et par d\u00e9l\u00e9gation\n               La directrice de cabinet\nSign\u00e9\n                                                        Jos\u00e9phine GUIGLIANO-BOUTONNET\n4/4\nPr\u00e9fecture du VAR - 83-2026-04-15-00001 - Arr\u00eat\u00e9 n\u00b0 2026-BSP-OP-47\nautorisant la captation, l'enregistrement et la transmission d'images au moyen de cam\u00e9ras install\u00e9es sur des a\u00e9ronefs sans \u00e9quipage \u00e0\nbord\n18\nPr\u00e9fecture du VAR - 83-2026-04-15-00001 - Arr\u00eat\u00e9 n\u00b0 2026-BSP-OP-47\nautorisant la captation, l'enregistrement et la transmission d'images au moyen de cam\u00e9ras install\u00e9es sur des a\u00e9ronefs sans \u00e9quipage \u00e0\nbord\n19","date":"2026-04-15","first_seen_on":"2026-04-15T14:59:52+00:00","id":"406dabffe227863b45dbff9f9329cd9c0ff8f7137dc4d6b5dc8620e17ed5ca90","name":"RAA N\u00b0127 du 15 avril 2026","pdf_creation_date":"2026-04-15T13:53:43+00:00","pdf_modification_date":null,"timezone":"Europe/Paris","url":"https://www.var.gouv.fr/contenu/telechargement/46034/299918/file/RAA%20N%C2%B0127%20du%2015%20avril%202026.pdf"}
