{"administration":"pref92","administration_name":"Pr\u00e9fecture des Hauts-de-Seine","content":"Ex\nPREFET\nDES  HAUTS-DE-SEINE\nLibert\u00e9\nEgalit\u00e9\nFraternit\u00e9 1  \n \n \n \n \nRECUEIL \n  \nDES  \n \nACTES ADMINISTRATIFS \n \nPREFECTURE DE POLICE \n  \nCabinet du Pr\u00e9fet \n \n \n \n \n \n \n \n \n \nN\u00b0 Sp\u00e9cial 07 janvier 2025 \n\n 2  \nPREFET DES HAUTS-DE-SEINE  \n \nRECUEIL DES ACTES ADMINISTRATIFS  \n \nN\u00b0 Sp\u00e9cial Pr\u00e9fecture de Police du 07 janvier 2025  \n \nSOMMAIRE  \n \nArr\u00eat\u00e9s Dates PREFECTURE DE POLICE Pages \nn\u00b02024-00692 27.05.2024 Arr\u00eat\u00e9 autorisant les agents agr\u00e9\u00e9s du service \ninterne de s\u00e9curit\u00e9 de la SNCF \u00e0 proc\u00e9der \u00e0 des \npalpations de s\u00e9curit\u00e9 sur les lignes E, P et T4 du \nr\u00e9seau Transilien, entre le samedi 1er juin 2024 au \nlundi 30 septembre 2024 inclus 8 \nAnnexe \u00e0 l'arr\u00eat\u00e9 n\u00b02024 -00692 du 27 mai 2024 : voies et d\u00e9lais de recours  10 \nn\u00b02024-00707 28.05.2024 Arr\u00eat\u00e9 instituant des p\u00e9rim\u00e8tres de s\u00e9curit\u00e9 et de \nprotection et fixant diff\u00e9rentes mesures de police \u00e0 \nParis en vue de la c\u00e9r\u00e9monie d'ouverture des Jeux \nOlympiques de Paris 11 \nAnnexes de l'arr\u00eat\u00e9 n\u00b02024 -00707 du 28 mai 2024 35-44 \nn\u00b02024-00719 30.05.2024 Arr\u00eat\u00e9 autorisant la captation, l'enregistrement et \nla transmission d'images au moyen de cam\u00e9ras \ninstall\u00e9es sur des a\u00e9ronefs \u00e0 l'occasion d'une \nmanifestation dans les Hauts de Seine (92)  45 \nAnnexe de l'arr\u00eat\u00e9 n\u00b02024 -00719 du 30 mai 2024 : voies et d\u00e9lais de recours 47 \nn\u00b02024-00806 15.06.2024 Arr\u00eat\u00e9 autorisant la captation, l'enregistrement et \nla transmission d'images au moyen de cam\u00e9ras \ninstall\u00e9es sur des a\u00e9ronefs \u00e0 l'occasion d'un \nexercice de s\u00e9curisation de la c\u00e9r\u00e9monie \nd'ouverture des Jeux Olympiques \u00e0 Paris et dans \nles d\u00e9partements des Hauts-de-Seine et du Val-de-\nMarne le lundi 17 juin 2024 48 \nAnnexe \u00e0 l'arr\u00eat\u00e9 n\u00b02024 -00806 du 15 juin 2024 : voies et d\u00e9lais de recours  51-52 \nn\u00b02024-00906 04.07.2024 Arr\u00eat\u00e9  accordant d\u00e9l\u00e9gation de la signature \npr\u00e9fectorale au sein de la direction de l'ordre \npublic et de la circulation  53 \n 3 n\u00b02024-00915 05.07.2024 Arr\u00eat\u00e9 modifiant l'arr\u00eat\u00e9 n\u00b0 2024 -00813 du \n17 juin 2024 portant d\u00e9l\u00e9gation de signature au \npr\u00e9fet des Hauts-de-Seine 57 \nn\u00b02024-0922 08.07.2024 Arr\u00eat\u00e9 relatif \u00e0 la composition de la formation \nrestreinte de la commission locale des transports \npublics particuliers de personnes d\u00e9di\u00e9e aux \naffaires propres aux taxis 58 \nn\u00b02024-01150 03.08.2024 Arr\u00eat\u00e9 autorisant la circulation des v\u00e9hicules \nterrestres \u00e0 moteur transportant certaines mati\u00e8res \ndangereuses dans les p\u00e9rim\u00e8tres d'interdiction de \nla circulation \u00e0 l'occasion des Jeux olympiques et \nparalympiques 2024 62 \nAnnexes de l'arr\u00eat\u00e9 n\u00b02024 -01150 du 03 ao\u00fbt 2024 66-68 \nn\u00b02024-01181 09.08.2024 Arr\u00eat\u00e9  r\u00e9glementant temporairement la d\u00e9tention, \nle transport et l'utilisation d'armes ou d'objets \npouvant constituer une arme par destination, \nl'achat, la vente, le transport et l'utilisation \nd'artifices de divertissement, d'articles \npyrotechniques, de produits explosifs et \npr\u00e9curseurs d'explosifs ainsi que la vente au d\u00e9tail \net le transport en r\u00e9cipients de carburants ou tous \nproduits inflammables ou corrosifs \u00e0 Paris et dans \nles d\u00e9partements de la petite couronne du mardi \n27 ao\u00fbt 2024 \u00e0 00h00 au jeudi 29 ao\u00fbt 2024 \u00e0 \n06h00 et du samedi 7 septembre 2024 \u00e0 00h00 au \nlundi 9 septembre 2024 \u00e0 06h00 69 \nAnnexe \u00e0 l'arr\u00eat\u00e9 n\u00b02024 -01181 du 09 ao\u00fbt 2024 : voies et d\u00e9lais de recours 73 \nn\u00b02024-01193 10.08.2024 Arr\u00eat\u00e9 autorisant la captation, l'enregistrement et \nla transmission d'images au moyen de cam\u00e9ras \ninstall\u00e9es sur des a\u00e9ronefs \u00e0 l'occasion des Jeux \nParalympiques de Paris du jeudi 29 ao\u00fbt au \nsamedi 7 septembre 2024 sur le site de l'Arena La \nD\u00e9fense \u00e0 Nanterre (92) 74 \nAnnexe de l'arr\u00eat\u00e9 n\u00b02024 -01193 du 10 ao\u00fbt 2024 : voies et d\u00e9lais de recours  77 \nn\u00b02024-01217 16.08.2024 Arr\u00eat\u00e9 accordant d\u00e9l\u00e9gation de la signature \npr\u00e9fectorale au sein de la direction de \nl'innovation, de la logistique et des technologies  78 \n 4 n\u00b02024-01228 19.08.2024 Arr\u00eat\u00e9 portant mesures de police applicables \u00e0 \nl'occasion des Jeux Paralympiques de Paris du \njeudi 29 ao\u00fbt 2024 au samedi 7 septembre 2024 \nsur le site de l'Arena Paris Sud \u2013  Porte de \nVersailles 98 \nAnnexes de l'arr\u00eat\u00e9 n\u00b02024 -01228 du 19 ao\u00fbt 2024 102-103 \nn\u00b02024-01237 20.08.2024 Arr\u00eat\u00e9 modifiant l'arr\u00eat\u00e9 n\u00b02024 -01176 du 08 ao\u00fbt \n2024 instituant un p\u00e9rim\u00e8tre de protection et \ndiff\u00e9rentes mesures de police \u00e0 l'occasion des \nJeux Paralympiques de Paris du jeudi 29 ao\u00fbt au \nsamedi 7 septembre 2024 sur le site de Paris La \nD\u00e9fense Arena (92) 104 \nAnnexe de l'arr\u00eat\u00e9 n\u00b02024 -01237 du 20 ao\u00fbt 2024 : voies et d\u00e9lais de recours  105 \nn\u00b02024-01244 21.08.2024 Arr\u00eat\u00e9 autorisant la captation, l'enregistrement et \nla transmission d'images au moyen de cam\u00e9ras \ninstall\u00e9es sur des a\u00e9ronefs \u00e0 l'occasion du festival \nde musique Rock en Seine \u00e0 Saint-Cloud (92) du \nmercredi 21 ao\u00fbt 2024 au dimanche 25 ao\u00fbt 2024 \ninclus  106 \nAnnexes de l'arr\u00eat\u00e9 n\u00b02024 -01244 du 21 ao\u00fbt 2024  109-110 \nn\u00b02024-01247 21.08.2024 Arr\u00eat\u00e9 portant mesures de police applicables \u00e0 \nl'occasion des Jeux Paralympiques de Paris du \njeudi 29 ao\u00fbt au samedi 7 septembre 2024 sur le \nsite de l'Arena la D\u00e9fense (92)  111 \nAnnexes de l'arr\u00eat\u00e9 n\u00b02024 -01247 du 21 ao\u00fbt 2024 115-116 \nn\u00b02024-01248 21.08.2024 Arr\u00eat\u00e9 instituant un p\u00e9rim\u00e8tre de protection et \ndiff\u00e9rentes mesures de police \u00e0 l'occasion de la \n2\u00e8me journ\u00e9e du championnat de France de football \nde Ligue 1 au Parc des Princes le \nvendredi 23 ao\u00fbt 2024 117 \nAnnexes de l'arr\u00eat\u00e9 n\u00b02024 -01248 du 21 ao\u00fbt 2024 122-123 \n 5 n\u00b02024-01249 21.08.2024 Arr\u00eat\u00e9 portant encadrement du d\u00e9placement de \nsupporters et instaurant un p\u00e9rim\u00e8tre comportant \ncertaines mesures de police \u00e0 l'occasion de la \nrencontre de football de Ligue 1 du \nvendredi 23 ao\u00fbt 2024 entre les \u00e9quipes du PARIS \nSAINT-GERMAIN et de MONTPELLIER \nH\u00c9RAULT SPORT CLUB au Parc des Princes \u00e0 \nParis 124 \nAnnexe \u00e0 l'arr\u00eat\u00e9 n\u00b02024 -01249 du 21 ao\u00fbt 2024 : voies et d\u00e9lais de recours 128 \nn\u00b02024-01250 21.08.2024 Arr\u00eat\u00e9 autorisant la captation, l'enregistrement et \nla transmission d'images au moyen de cam\u00e9ras \ninstall\u00e9es sur des a\u00e9ronefs \u00e0 l'occasion de la 2\u00e8me \njourn\u00e9e du championnat de France de football de \nLigue 1 au Parc des Princes le \nvendredi 23 ao\u00fbt 2024  129 \nAnnexes de l'arr\u00eat\u00e9 n\u00b02024 -01250 du 21 ao\u00fbt 2024 132-133 \nn\u00b02024-01254 21.08.2024 Arr\u00eat\u00e9 portant mesures de police applicables \u00e0 \nl'occasion des Jeux Paralympiques de Paris du \nvendredi 30 ao\u00fbt 2024 au samedi 7 septembre \n2024 sur le site Roland-Garros 134 \nAnnexes de l'arr\u00eat\u00e9 n\u00b02024 -01254 du 21 ao\u00fbt 2024 138-139 \nn\u00b02024-01298 29.08.2024 Arr\u00eat\u00e9 relatif aux missions et \u00e0 l'organisation de la \ndirection de la police judiciaire de la pr\u00e9fecture de \npolice  140 \nn\u00b02024-01299 29.08.2024 Arr\u00eat\u00e9  accordant d\u00e9l\u00e9gation de la signature \npr\u00e9fectorale au sein de la direction de la police \njudiciaire de la pr\u00e9fecture de police  144 \nn\u00b02024-01318 03.09.2024 Arr\u00eat\u00e9 instituant un p\u00e9rim\u00e8tre de protection et \ndiff\u00e9rentes mesures de police \u00e0 l'occasion de la \n1\u00e8re journ\u00e9e de la Ligue des Nations au Parc des \nPrinces le vendredi 6 septembre 2024 148 \nAnnexes \u00e0 l'arr\u00eat\u00e9 n\u00b02024 -01318 du 03 septembre 2024 153-154 \nn\u00b02024-01379 18.09.2024 Arr\u00eat\u00e9 autorisant la captation, l'enregistrement et \nla transmission d'images au moyen  de cam\u00e9ras \ninstall\u00e9es sur des a\u00e9ronefs \u00e0 l'occasion de \nl'inauguration du campus ARBORETUM \u00e0 \nNanterre (92) le jeudi 19 septembre 2024 155 \n 6 Annexes de l'arr\u00eat\u00e9 n\u00b02024 -01379 du 18 septembre 2024  160-161 \nn\u00b02024-01407 26.09.2024 Arr\u00eat\u00e9 portant encadrement du d\u00e9placement de \nsupporters et instaurant un p\u00e9rim\u00e8tre comportant \ncertaines mesures de police \u00e0 l'occasion de la \nrencontre de football de Ligue 1 du \nvendredi 27 septembre 2024 entre les \u00e9quipes du \nPARIS SAINT-GERMAIN et du STADE \nRENNAIS FOOTBALL CLUB au Parc des \nPrinces \u00e0 Paris 162 \nAnnexe de l'arr\u00eat\u00e9 n\u00b02024 -01407 du 26 septembre 2024 : voies et d\u00e9lais de recours  167 \nn\u00b02024-01411 26.09.2024 Arr\u00eat\u00e9 autorisant les agents agr\u00e9\u00e9s du service \ninterne de s\u00e9curit\u00e9 de la RATP \u00e0 proc\u00e9der \u00e0 des \npalpations de s\u00e9curit\u00e9 dans certaines stations, \ngares et arr\u00eats du r\u00e9seau francilien du mardi \n1er octobre 2024 au mardi 31 d\u00e9cembre 2024 \ninclus 168 \nAnnexe \u00e0 l'arr\u00eat\u00e9 n\u00b02024 -01411 du 26 septembre 2024 : voies et d\u00e9lais de recours  173 \nn\u00b02024-01414 26.09.2024 Arr\u00eat\u00e9 autorisant les agents agr\u00e9\u00e9s du service \ninterne de s\u00e9curit\u00e9 de la SNCF \u00e0 proc\u00e9der \u00e0 des \npalpations de s\u00e9curit\u00e9 dans les gares de la ligne C \ndu r\u00e9seau Transilien du mardi 1er octobre 2024 au \nmardi 31 d\u00e9cembre 2024 inclus 174 \nAnnexe \u00e0 l'arr\u00eat\u00e9 n\u00b02024 -01414 du 26 septembre 2024 : voies et d\u00e9lais de recours  176 \nn\u00b02024-01417 26.09.2024 Arr\u00eat\u00e9 autorisant les agents agr\u00e9\u00e9s du service \ninterne de s\u00e9curit\u00e9 de la SNCF \u00e0 proc\u00e9der \u00e0 des \npalpations de s\u00e9curit\u00e9 dans certaines gares de la \nligne N du r\u00e9seau Transilien du mardi 1er octobre \n2024 au mardi 31 d\u00e9cembre 2024 inclus 177 \nAnnexe de l'arr\u00eat\u00e9 n\u00b02024 -01417 du 26 septembre 2024 : voies et d\u00e9lais de recours  180 \nn\u00b02024-01419 26.09.2024 Arr\u00eat\u00e9 autorisant les agents agr\u00e9\u00e9s du service \ninterne de s\u00e9curit\u00e9 de la SNCF \u00e0 proc\u00e9der \u00e0 des \npalpations de s\u00e9curit\u00e9 dans les gares des lignes A, \nJ et L du r\u00e9seau Transilien du mardi 1er octobre \n2024 au mardi 31 d\u00e9cembre 2024 inclus 181 \nAnnexe \u00e0 l'arr\u00eat\u00e9 n\u00b02024 -01419 du 26 septembre 2024 : voies et d\u00e9lais de recours  183 \n 7 n\u00b02024-01423 26.09.2024 Arr\u00eat\u00e9 autorisant les agents agr\u00e9\u00e9s du service \ninterne de s\u00e9curit\u00e9 de la SNCF \u00e0 proc\u00e9der \u00e0 des \npalpations de s\u00e9curit\u00e9 sur les lignes E, P et T4 du \nr\u00e9seau Transilien, entre le mardi 1er octobre 2024 \nau mardi 31 d\u00e9cembre 2024 inclus 184 \nAnnexe \u00e0 l'arr\u00eat\u00e9 n\u00b02024 -01423 du 26 septembre 2024 : voies et d\u00e9lais de recours  186 \nn\u00b02024T14642 30.07.2024 Arr\u00eat\u00e9 modifiant les arr\u00eat\u00e9s n\u00b0 2024T14261 du \n28 juin 2024 et n\u00b0 2024T14379 du 15 juillet 2024 \nportant modification des conditions de circulation \ndes v\u00e9hicules sur les voies d\u00e9finies par le d\u00e9cret \nn\u00b0 2022-786 du 4 mai 2022 fixant la liste des \nvoies et portions de voie r\u00e9serv\u00e9es \u00e0 certains \nv\u00e9hicules pour les jeux Olympiques et \nParalympiques de 2024 187 \nEs\nPREFECTURE\nDE POLICE\nLibert\u00e9\n\u00c9galit\u00e9\nFraternit\u00e9CABINET  DU PREFET\n2024-00692\nArr\u00eat\u00e9  n\u00b0\nautorisant  les agents  agr\u00e9\u00e9s  du service  interne  de s\u00e9curit\u00e9  de la SNCF  \u00e0 proc\u00e9der  \u00e0\ndes  palpations  de s\u00e9curit\u00e9  sur les lignes  E, P et T4 du r\u00e9seau  Transilien,  entre  le\nsamedi  1\u00b0 juin  2024  au lundi  30 septembre  2024  inclus\nLe pr\u00e9fet  de police,\nVu le code  des  transports,  notamment  ses articles  L. 2251-9,  R. *2250-2  et R. 2251-49  aR.\n2251-52;\nVu le code  de la s\u00e9curit\u00e9  int\u00e9rieure,  notamment  son  article  L. 613-2;\nVu le d\u00e9cret  n\u00b0 2004-374  du 29 avril  2004  modifi\u00e9  relatif  aux  pouvoirs  des  pr\u00e9fets,  \u00e0\nl'organisation  et \u00e0 l'action  des  services  de l'Etat  dans  les r\u00e9gions  et d\u00e9partements  ;\nVu l'arr\u00eat\u00e9  du 28 septembre  2016  relatif  \u00e0 la formation  des  agents  des  services  internes  de\ns\u00e9curit\u00e9  de la SNCF  et de la RATP;\nVu la saisine  en date  du 15 avril  2024  de la direction  de la s\u00fbret\u00e9  ferroviaire  de la Soci\u00e9t\u00e9\nnationale  des  chemins  de fer fran\u00e7ais  (SNCF)  ;\nConsid\u00e9rant  que,  en application  de l'article  R. 2251-52  du code  des  transports,  les agents\ndu service  interne  de s\u00e9curit\u00e9  de la Soci\u00e9t\u00e9  nationale  des  chemins  de fer fran\u00e7ais,  dans  les\nconditions  pr\u00e9vues  par  l'article  R. *2250-2  du m\u00eame  code,  ne peuvent  r\u00e9aliser  des\npalpations  de s\u00e9curit\u00e9  dans  les gares,  stations,  arr\u00eats  et v\u00e9hicules  de transports  que  dans  les\nlimites  de la dur\u00e9e  et des  lieux  ou cat\u00e9gories  de lieux  d\u00e9termin\u00e9s  par  l'arr\u00eat\u00e9  constatant  les\ncirconstances  particuli\u00e8res  li\u00e9es  \u00e0 l'existence  de menaces  graves  pour  la s\u00e9curit\u00e9  publique\nmentionn\u00e9es  \u00e0 l'article  L. 613-2  du code  de la s\u00e9curit\u00e9  int\u00e9rieure  ; que  cet  arr\u00eat\u00e9  est pris\npour  les transports  en commun  de voyageurs  par  voie  ferr\u00e9e  de la r\u00e9gion  d'Ile-de-France\npar  le pr\u00e9fet  de police  ;\nConsid\u00e9rant  que  le plan  VIGIPIRATE  au niveau  \u00ab urgence  attentat  \u00bb est en vigueur  sur\nl'ensemble  du territoire  national  et dans  les transports  publics  depuis  le 24 mars  2024;\nConsid\u00e9rant  par  ailleurs  que  plusieurs  gares  des  lignes  E, P et T4 du r\u00e9seau  ferr\u00e9  francilien\nconnaissent  une  recrudescence  de violences  entre  les personnes,  notamment  de rixes  entre\nbandes  au sein  des  installations  ferroviaires  ; que  des  armes  sont  r\u00e9guli\u00e8rement  d\u00e9couvertes\nsur certains  voyageurs  ;\nConsid\u00e9rant  \u00e9galement  la persistance  d'une  d\u00e9linquance  acquisitive  importante,\ncaract\u00e9ris\u00e9e  par  de nombreux  vols  commis  sur des  usagers,  parfois  avec  violences  ; que  des\nmesures  doivent  \u00eatre  prises  pour  lutter  contre  ces  ph\u00e9nom\u00e8nes  et ce notamment  \u00e0\nl'occasion  des  Jeux  Olympiques  et Paralympiques  de Paris  2024  ;\nConsid\u00e9rant  que  cette  situation  caract\u00e9rise  les circonstances  particuli\u00e8res  li\u00e9es  \u00e0\nl'existence  de menaces  graves  pour  la s\u00e9curit\u00e9  publique  mentionn\u00e9es  \u00e0 l'article  L.613-2  du\ncode  de la s\u00e9curit\u00e9  int\u00e9rieure  ;\nConsid\u00e9rant  en outre  que  les forces  de s\u00e9curit\u00e9  int\u00e9rieure,  fortement  mobilis\u00e9es  pour\nassurer  la s\u00e9curisation  g\u00e9n\u00e9rale  de la r\u00e9gion  d'Ile-de-France  dans  un contexte  de menace\nterroriste  particuli\u00e8rement  \u00e9lev\u00e9,  ne sauraient  assurer  seules  les contr\u00f4les  sp\u00e9cifiques\n\nn\u00e9cessaires  \u00e0 la s\u00e9curit\u00e9  des  usagers  de la SNCF,  qui rel\u00e8ve  au premier  chef  de la\nresponsabilit\u00e9  de l'exploitant  ;\nConsid\u00e9rant  ainsi  qu'il  appartient  \u00e0 l'autorit\u00e9  de police  comp\u00e9tente  de prendre  les\nmesures  adapt\u00e9es,  n\u00e9cessaires  et proportionn\u00e9es  visant  \u00e0 garantir  la s\u00e9curit\u00e9  des  personnes\net des  biens  ; qu'une  mesure  autorisant  les agents  agr\u00e9\u00e9s  du service  interne  de s\u00e9curit\u00e9  de\nla SNCF  \u00e0 proc\u00e9der  \u00e0 des  palpations  de s\u00e9curit\u00e9  dans  les gares  et stations  des  lignes  E, P et\nT4 du r\u00e9seau  Transilien  ainsi  que  dans  les v\u00e9hicules  de transport  les desservant,  du samedi\n1\u00b0 juin  2024  au lundi  30 septembre  2024  inclus  r\u00e9pond  \u00e0 ces  objectifs  ;\nARR\u00caTE\nArticle  1\u00b0 - Les agents  du service  interne  de s\u00e9curit\u00e9  de la Soci\u00e9t\u00e9  nationale  des  chemins  de\nfer fran\u00e7ais,  agr\u00e9\u00e9s  dans  les conditions  pr\u00e9vues  par  l'article  R. *2250-2  du code  des\ntransports,  peuvent  proc\u00e9der,  outre  \u00e0 l'inspection  visuelle  des  bagages  \u00e0 main  et, avec  le\nconsentement  de leur  propri\u00e9taire,  \u00e0 leur  fouille,  \u00e0 des  palpations  du samedi  1\u00b0' juin  2024\nau lundi  30 septembre  2024  inclus,  dans  les gares  et stations  des  lignes  E, P et T4 du r\u00e9seau\nTransilien  et dans  les v\u00e9hicules  de transport  les desservant,  de leur  ouverture  \u00e0 leur\nfermeture.\nArticle  2 - Le pr\u00e9fet  de la Seine-et-Marne,  le pr\u00e9fet  des  Hauts-de-Seine,  le pr\u00e9fet  de la Seine-\nSaint-Denis,  la pr\u00e9f\u00e8te  du Val-de-Marne,  la pr\u00e9f\u00e8te,  directrice  de cabinet  du pr\u00e9fet  de\npolice,  la directrice  de la s\u00e9curit\u00e9  de proximit\u00e9  de l'agglom\u00e9ration  parisienne  et le pr\u00e9sident\nde la Soci\u00e9t\u00e9  nationale  des  chemins  de fer fran\u00e7ais  sont  charg\u00e9s,  chacun  en ce qui le concerne,\nde l'ex\u00e9cution  du pr\u00e9sent  arr\u00eat\u00e9,  qui sera  publi\u00e9  aux  recueils  des  actes  administratifs  du\nd\u00e9partement  de Paris  et des  pr\u00e9fectures  de la Seine-et-Marne,  des  Hauts-de-Seine,  de la Seine-\nSaint-Denis  et du Val-de-Marne,  et consultable  sur le site  internet  de la pr\u00e9fecture  de police\nhttps://www.prefecturedepolice.interieur.gouv.fr).\nFait \u00e0 Paris,le  27 MAI 200%\nLaurent  NUNEZ\npr\u00e9f\u00e8te,  ditectrice  du cahinet\nMaaali  CHARRONNEAI!\n2024-00692\n\nAnnexe  de l'arr\u00eat\u00e9  n\u00b0 2024-09692  du 27  MAI  2p\nVOIES  ET DELAIS  DE RECOURS\nSi vous  estimez  devoir  contester  le pr\u00e9sent  arr\u00e9t\u00e9,  il vous  est possible,  dans  un\nd\u00e9lai  de deux  mois  \u00e0 compter  de la date  de sa publication  au recueil  des  actes  administratifs\ndu d\u00e9partement  de Paris  :\n- soit  de saisir  d'un  RECOURS  GRACIEUX\nle Pr\u00e9fet  de Police\n7/9,  boulevard  du Palais  - 75195  PARIS  RP\n- ou de former  un RECOURS  HIERARCHIQUE\naupr\u00e8s  du Ministre  de l'int\u00e9rieur\nDirection  des  libert\u00e9s  publiques  et des  affaires  juridiques\nplace  Beauvau  - 75008  PARIS\n- soit  de saisir  d'un  RECOURS  CONTENTIEUX\nle Tribunal  administratif  comp\u00e9tent\nAucune  de ces  voies  et recours  ne suspend  l'application  de la pr\u00e9sente  d\u00e9cision.\nLes  recours  GRACIEUX  et HIERARCHIQUE  doivent  \u00eatre  \u00e9crits,  exposer  les\narguments  ou faits  nouveaux  et comprendre  la copie  de l'arr\u00eat\u00e9  contest\u00e9.\nLe recours  CONTENTIEUX,  qui  vise  \u00e0 contester  la LEGALITE  de la pr\u00e9sente\nd\u00e9cision,  doit  \u00e9galement  \u00eatre  \u00e9crit  et exposer  votre  argumentation  juridique.\nSi vous  n'aviez  pas  de r\u00e9ponse  \u00e0 votre  recours  GRACIEUX  ou HIERARCHIQUE\ndans  un d\u00e9lai  de deux  mois  \u00e0 compter  de la r\u00e9ception  de votre  recours  par l'administration,\nvotre  demande  devra  \u00eatre  consid\u00e9r\u00e9e  comme  rejet\u00e9e  (d\u00e9cision  implicite  de rejet).\nEn cas  de rejet  des  recours  GRACIEUX  ou HIERARCHIQUE,  le Tribunal\nadministratif  peut  \u00eatre  saisi  d'un  recours  contentieux  dans  le d\u00e9lai  de deux  mois  \u00e0 compter\nde la date  de la d\u00e9cision  de rejet.\n\nPREFECTURE\nDE POLICE\nLibert\u00e9\n\u00c9galir\u00e9\nFraternit\u00e9ap\n7 \nCABINET DU PREFET  \n \n1 \n \n \n \n \n \nArr\u00eat \u00e9 n\u00b02024-00707 \ninst it uant  des p\u00e9rim\u00e8t res de s\u00e9curit \u00e9 et  de prot ect ion et  fixant  diff\u00e9rent es mesures \nde police \u00e0 Paris en vue \n  \n \n \n \n \n \n \n \n \n \n \n \n \n \n \n \n \n \n \nVu le code  des  relations  entre  le public  et l'administration\net Paralympiques  de 2024,  ainsi  qu'a  la comp\u00e9tence  territoriale  de certaines \n2 \nArr\u00eat\u00e9 n\u00b02024-00707 du 28 mai 2024  Le Pr\u00e9fet  de police, \nVu le code g\u00e9n\u00e9ral des collect ivit \u00e9s t errit oriales, not amment  ses art icles L.  2512-13, \nL. 2512-14 et  L.  2214-1  ; \nVu le code p\u00e9nal  ; \nVu le code de proc\u00e9dure p\u00e9nale, not amment  son art ic le 78-2 ; \n ; \nVu le code de la rout e  ; \nVu le code rural et  de la p\u00eache marit ime  ; \nVu le code de la s\u00e9curit \u00e9 int \u00e9rieure, not amment  ses  art icles L. 122-1, L. 122-2, \nL. 211-11-1 et  L. 226-1  ; \nVu la loi n\u00b0 2023-380 du 19 mai 2023 relat ive aux j eux Olympiques et  Paralympiques \nde 2024 et  port ant  diverses aut res disposit ions  ; \nVu le d\u00e9cret  n\u00b02004-374 du 29 avril 2004 relat if au x pouvoirs des pr\u00e9fet s, \u00e0 \nl'organisat ion et  \u00e0 l'act ion des services de l'Et at  dans les r\u00e9gions et  d\u00e9part ement s, \nnot amment  ses art icles 72 et  73  ; \nVu le d\u00e9cret  du 20 juillet  2022 par lequel M. Laure nt  NU\u00d1EZ, pr\u00e9fet , coordonnat eur \nnat ional du renseignement  et  de la lut t e cont re le t errorisme, a \u00e9t\u00e9 nomm\u00e9 pr\u00e9fet  de \npolice ; \nVu le d\u00e9cret  n\u00b0 2024-107 du 14 f\u00e9vrier 2024 relat if  aux comp\u00e9t ences du pr\u00e9fet  de \npolice et  \u00e0 celles du pr\u00e9fet  de police des Bouches- du-Rh\u00f4ne pour les jeux Olympiques \ndirect ions de la pr\u00e9fect ure de police  ; \nVu le d\u00e9cret  n\u00b0 2024-431 du 14 mai 2024 port ant  app licat ion de l'art icle L. 211-11-1 du \ncode de la s\u00e9curit \u00e9 int \u00e9rieure \u00e0 la c\u00e9r\u00e9monie d'ouv ert ure des jeux Olympiques de \n2024  ; \narr\u00eat \u00e9 du 2 mai 2011 modifi\u00e9 relat if aux t rait ement s aut omat is\u00e9s de donn\u00e9es \u00e0 \ncaract \u00e8re personnel d\u00e9nomm\u00e9s \u00ab fichiers des r\u00e9siden t s des zones de s\u00e9curit \u00e9 \u00bb cr\u00e9\u00e9s \n\u00e0 l'occasion d'un \u00e9v\u00e9nement  majeur  ; \n \nConsid\u00e9rant  que se t iendront  \u00e0 Paris du 26 juillet  au 11 ao\u00fbt  2024 les J eux de la \nXXXIII\u00e8me olympiade  ; que la c\u00e9r\u00e9monie d'ouvert ure se d\u00e9roulera le vend redi 26 \njuillet  2024 le long de la Seine devant  plusieurs ce nt aines de milliers de spect at eurs  ; \nqu'\u00e0 raison de sa nat ure, de sa localisat ion et  de l'ampleur de sa fr\u00e9quent at ion, la \nc\u00e9r\u00e9monie d'ouvert ure const it ue un \u00e9v\u00e8nement  int ern at ional hors norme aux enjeux \nexposition  m\u00e9diatique,  leur  concentration  de foules  et l'accueil  de personnalit\u00e9s\nde Paris  2024  et plus  sp\u00e9cifiquement  la c\u00e9r\u00e9monie  d'ouverture  font  l'objet  d'une\nmenace  pr\u00e9gnante  de par  l'exposition  de la France,  la pr\u00e9sence  de nombreuses\nmesures  applicables  \u00e0 compter  de 13h00  le jour  de la c\u00e9r\u00e9monie  d'ouverture  et\nLes modalit\u00e9s  d'\n| \n3 \nArr\u00eat\u00e9 n\u00b02024-00707 du 28 mai 2024  de s\u00e9curit \u00e9 in\u00e9dit s  ; que les grands \u00e9v\u00e8nement s sport ifs, compt e t enu d e  leur \npubliques, const it uent  des cibles de choix pour des  act ions t errorist es  ; que les J eux \n \nd\u00e9l\u00e9gat ions \u00e9t rang\u00e8res \nde t errorisme est  av\u00e9r\u00e9  ; qu\nprendre les mesures adapt \u00e9es, n\u00e9cessaires et  propor t ionn\u00e9es visant  \u00e0 garant ir la \ns\u00e9curit \u00e9 des personnes et  des biens et  le bon d\u00e9rou lement  de la c\u00e9r\u00e9monie \n ; que des mesures applicables du 18 juillet  2024 \u00e0 5h00 au 26 juillet  2024 \n\u00e0 12h59 inst it uant  un p\u00e9rim\u00e8t re de prot ect ion perme t t ent  d\n assurer la s\u00e9curisat ion \ndes abords des quais de Seine en amont  de la c\u00e9r\u00e9mo nie d\n ouvert ure  ; que des \nssurer la s\u00e9curit \u00e9 de cet  \u00e9v\u00e8nement , son \nbon d\u00e9roulement  et  la r\u00e9gulat ion des flux de personn es ; que l\n acc\u00e8s et  le \nst at ionnement  de v\u00e9hicules sur la voie publique en amont  et  durant  la c\u00e9r\u00e9monie \nes at t eint es \u00e0 la s\u00e9curit \u00e9 \ndes personnes et  des biens  ; \n \n \n \nARR\u00caTE  : \n \nTITRE 1er : \nDisposit ions g\u00e9n\u00e9rales  : \nArt icle 1er : E\n\u00e8me olympiade du \n26 juillet  2024 le long de la Seine \u00e0 Paris, plusieu rs p\u00e9rim\u00e8t res de s\u00e9curit \u00e9 et  de \nprot ect ion sont  inst aur\u00e9s aut our des \nla s\u00e9curit \u00e9 de personnes et  des biens. \nacc\u00e8s et  les condit ions de circulat ion au sein de c es diff\u00e9rent s \np\u00e9rim\u00e8t res font  \n diff\u00e9rent es rest rict ions de circulat ion d\u00e9finies au  pr\u00e9sent  \narr\u00eat \u00e9. \n \napplicables  durant  la p\u00e9riode  de pr\u00e9paration  de la c\u00e9r\u00e9monie  d'ouverture\nc\u00e9r\u00e9monie  d'ouverture  des  Jeux\nLes points  d'acc\u00e8s  au p\u00e9rim\u00e8tre  sont\n. \u00e0 l'entr\u00e9e  sur sous\nla rampe  d'acc\u00e8s\nau niveau  de la rampe  d'acc\u00e8s  \u00e0 la Seine  situ\u00e9e\n6 rue de Schomberg,  \u00e0 l'angle  du boulevard  Morland\nLouis  en l'Ile,  \u00e0 l'angle  du quai  d'Anjou \n4 \nArr\u00eat\u00e9 n\u00b02024-00707 du 28 mai 2024  TITRE 2  :  \nMesures \ndes J eux \n \nChapit re 1  :  \nP\u00e9rim\u00e8t re de prot ect ion (SILT) port ant  sur la p\u00e9rio de de pr\u00e9parat ion de la \n \n \nSect ion 1  :  \nD\u00e9limit at ion du p\u00e9rim\u00e8t re de prot ect ion \nArt icle 2  : A compt er du 18 juillet  2024 \u00e0 05h00 \n 12h59, est  inst it u\u00e9 \nun p\u00e9rim\u00e8t re de prot ect ion, d\u00e9limit \u00e9 selon la cart o graphie en annexe 1 . \nArt icle 3  : \n fix\u00e9s comme suit  : \n\uf02d en vis-\u00e0-vis du 238 quai de Bercy  ; \n\uf02d en vis-\u00e0-vis du 22 quai de la Rap\u00e9e  ; \n\uf02d au niveau du 30 quai de la R\u00e2p\u00e9e\n -t errain depuis le port  de \nla R\u00e2p\u00e9e  ; \n\uf02d au niveau de \n  \u00e0 la Seine sit u\u00e9e en vis-\u00e0-vis du 54 quai de la \nRap\u00e9e  ; \n\uf02d au niveau des escaliers sit u\u00e9s en vis-\u00e0-vis du 60 q uai de la Rap\u00e9e  ; \n\uf02d au niveau des escaliers sit u\u00e9s en vis-\u00e0-vis du 70 q uai de la Rap\u00e9e  ; \n\uf02d \n en vis-\u00e0-vis du 76 quai de la \nRap\u00e9e  ; \n\uf02d 1 boulevard Morland  ; \n\uf02d \n  ; \n\uf02d 9 rue Agrippa d'aubign\u00e9  ; \n\uf02d 19 boulevard Morland \n\uf02d 22 rue de Sully  ; \n\uf02d 12 boulevard Henri IV  ; \n\uf02d 1 rue Saint -\n  ; \n\uf02d 2 rue du Pet it  Musc  ; \n\uf02d 5 rue Saint -Paul  ; \n\uf02d 28 quai des C\u00e9lest ins  ; \n \n5 \nArr\u00eat\u00e9 n\u00b02024-00707 du 28 mai 2024  \uf02d 22 rue de l'Ave Maria  ; \n\uf02d 1 rue du Figuier  ; \n\uf02d 8 rue des Nonnains d'Hy\u00e8res  ; \n\uf02d 7 rue Geoffroy l'Asnier  ; \n\uf02d 60 rue de l'H\u00f4t el de Ville  ; \n\uf02d 87 rue de l'H\u00f4t el de Ville  ; \n\uf02d 1 rue de Brosse  ; \n\uf02d 1 place Saint -Gervais  ; \n\uf02d 29 rue de Rivoli  ; \n\uf02d 4 place de l'H\u00f4t el de Ville  ; \n\uf02d 3 rue de la Tacherie  ; \n\uf02d 9 avenue Vict oria  ; \n\uf02d 17 quai de la Corse  ; \n\uf02d 11 avenue Vict oria  ; \n\uf02d 2 place Louis L\u00e9pine  ; \n\uf02d 5 rue Adolphe Adam  ; \n\uf02d 2 place du Ch\u00e2t elet  ; \n\uf02d 1 rue des Lavandi\u00e8res Saint e-Opport une  ; \n\uf02d 3 rue Bert in Poir\u00e9e  ; \n\uf02d 5 rue des Bourdonnais  ; \n\uf02d 7 rue Boucher  ; \n\uf02d 6 rue du Pont -Neuf  ; \n\uf02d 4 rue du Pont -Neuf  ; \n\uf02d 11 rue de la Monnaie  ; \n\uf02d 1 rue Baillet  ; \n\uf02d 12 rue Baillet  ; \n\uf02d 5 place de l'Ecole  ; \n\uf02d 3 place du Louvre  ; \n\uf02d 93 rue de Rivoli  ; \n\uf02d 3 rue de Rohan  ; \n\uf02d 1 rue de l'Echelle  ; \nrue d'Alger\n2 rue Rouget  de l'Isle\n\u00e0 l'angle  de la place  de la Concorde  et de l'avenue  Edward  Tuck \n6 \nArr\u00eat\u00e9 n\u00b02024-00707 du 28 mai 2024  \uf02d 2 place des Pyramides  ; \n\uf02d 2 rue Saint -Roch  ;  \n\uf02d 2 rue du 29 J uillet  ; \n\uf02d 2 \n  ;  \n\uf02d 2 rue de Cast iglione  ;  \n\uf02d \n  ;  \n\uf02d 2 rue Cambon  ; \n\uf02d 2 rue de Mondovi  ; \n\uf02d 1 rue Saint -Florent in  ; \n\uf02d 2 rue du Faubourg Saint -Honor\u00e9  ; \n\uf02d 2 rue Boissy d'Anglas  ; \n\uf02d \n  ; \n\uf02d 8 avenue Dut uit  ; \n\uf02d 1 avenue Franklin Delano Roosevelt  ; \n\uf02d 1 rue Fran\u00e7ois 1er ; \n\uf02d 10 place Fran\u00e7ois 1er ; \n\uf02d 8 place Fran\u00e7ois 1er ; \n\uf02d 39 rue J ean Goujon  ; \n\uf02d 2 avenue Mont aigne  ; \n\uf02d 1 avenue George V  ; \n\uf02d 1 avenue Marceau  ; \n\uf02d 1 rue Freycinet  ; \n\uf02d 2 rue de Galliera  ; \n\uf02d 1 rue Maria Brignole  ; \n\uf02d 2 place d'I\u00e9na  ; \n\uf02d 10 avenue d'I\u00e9na  ; \n\uf02d 10 place d'I\u00e9na  ; \n\uf02d 40 rue de L\u00fcbeck  ; \n\uf02d 2 place du Trocadero  ; \n\uf02d 1 avenue Raymond Poincar\u00e9  ; \n\uf02d 2 avenue d'Eylau  ; \nau niveau  de la rampe  d'acc\u00e8s  \u00e0 la voie  Georges  Pompidou  situ\u00e9e  en vis\nau niveau  de la rampe  d'acc\u00e8s  \u00e0 la voie  Georges  Pompidou  situ\u00e9e  en vis\nau niveau  de la rampe  d'acc\u00e8s  \u00e0 la voie  Georges  Pompidou  situ\u00e9e  en vis\nau niveau  de l'acc\u00e8s  pi\u00e9ton  \u00e0 la voie  Georges  Pompidou  situ\u00e9e  en vis\nau niveau  de la rampe  d'acc\u00e8s  \u00e0 la Seine  situ\u00e9e  en vis\nau niveau  des  escaliers  d'acc\u00e8s  \u00e0 la voie  Georges  Pompidou  situ\u00e9s  en vis\nau niveau  de la rampe  d'acc\u00e8s  \u00e0 la voie  Georges  Pompidou  situ\u00e9e  en vis\n5 \u00e0 la voie  Georges  Pompidou  situ\u00e9e  en vis\nau niveau  des  escaliers  d'acc\u00e8s  \u00e0 la voie  Georges  Pompidou  situ\u00e9s  en vis\nau niveau  de l'acc\u00e8s  \u00e0 la boucle  $ \n7 \nArr\u00eat\u00e9 n\u00b02024-00707 du 28 mai 2024  \uf02d 2 avenue Georges Mandel  ; \n\uf02d 1 avenue Paul Doumer  ; \n\uf02d 35 rue Benjamin Franklin  ; \n\uf02d 2 rue Scheffer  ; \n\uf02d 2 rue Vineuse  ; \n\uf02d 1 rue de la Tour  ; \n\uf02d 2 rue de Passy  ; \n\uf02d 2 rue Raynouard  ; \n\uf02d 22 square Alboni  ; \n\uf02d 2 rue des Eaux  ; \n\uf02d 2 avenue Fremiet  ; \n\uf02d \n -\u00e0-vis \ndu 30 avenue du Pr\u00e9sident  Kennedy  ; \n\uf02d \n -\u00e0-vis \ndu 34 avenue du Pr\u00e9sident  Kennedy  ; \n\uf02d 46 avenue du Pr\u00e9sident  Kennedy  ; \n\uf02d \n -\u00e0-vis \ndu 104 avenue du Pr\u00e9sident  Kennedy  ; \n\uf02d \n -\u00e0-vis du \n9 rue Eug\u00e8ne Poubelle  ; \n\uf02d \n -\u00e0-vis du 18 quai Louis \nBl\u00e9riot ,  ; \n\uf02d au niveau des escaliers sit u\u00e9s en vis-\u00e0-vis du 62 q uai Louis Bl\u00e9riot  ; \n\uf02d \n -\u00e0-vis \ndu 64 quai Louis Bl\u00e9riot  ; \n\uf02d \n -\u00e0-vis \ndu 100 quai Louis Bl\u00e9riot  ; \n\uf02d au niveau de la ramp\n -\u00e0-vis \ndu 136 bis quai Llouis Bl\u00e9riot  ; \n\uf02d \n -\u00e0-vis \ndu 164 quai Louis Bl\u00e9riot  ; \n\uf02d 168 quai Louis Bl\u00e9riot  ; \n\uf02d \n eine Sud sit u\u00e9e 2 quai d'issy-les-\nMoulineaux  ; \n, au niveau  de l'acc\u00e8s  au port  de Javel  depuis  le quai\nau niveau  de l'acc\u00e8s  au port  de Javel  bas  depuis  le pont  M\nau niveau  de l'acc\u00e8s  au port  de Javel  Haut\nau de l'acc\u00e8s  au port  de Javel  h\nmpe  d'acc\u00e8s  au port  de Javel  haut  situ\u00e9e\nau niveau  de la rampe  d'acc\u00e8s  au port  de Javel  haut  situ\u00e9e\nde la rampe  d'acc\u00e8s  au port  de Javel  haut  depuis  le pont  d \n8 \nArr\u00eat\u00e9 n\u00b02024-00707 du 28 mai 2024  \uf02d 9001 port  de J avel bas\nAndr\u00e9 Cit ro\u00ebn  ; \n\uf02d 9001 port  de J avel bas, au niveau du parc Andr\u00e9 Cit ro\u00ebn  ; \n\uf02d \n irabeau  ; \n\uf02d \n  depuis le pont  Mirabeau  ;  \n\uf02d 37 quai Andr\u00e9 Cit ro\u00ebn, au niveau des escaliers du R ER C qui donnent  acc\u00e8s \nau port  de J avel Haut  ; \n\uf02d au nive\n aut  depuis le pont  de Grenelle  ; \n\uf02d au niv\n en vis-\u00e0-vis du 71 \nquai de Grenelle  ; \n\uf02d \n en vis-\u00e0-vis du 39 \nquai de Grenelle  ; \n\uf02d au nivea\n e \nGrenelle  ; \n\uf02d 1 boulevard de Grenelle  ; \n\uf02d 27 boulevard de Grenelle  ; \n\uf02d 28 rue de la F\u00e9d\u00e9rat ion  ; \n\uf02d 2 rue de la F\u00e9d\u00e9rat ion  ; \n\uf02d 2 rue J ean Rey  ; \n\uf02d 15 avenue de Suffren  ; \n\uf02d 4 avenue Oct ave Greard  ; \n\uf02d 6 avenue Gust ave Eiffel  ; \n\uf02d 3 avenue Silvest re de Sacy  ; \n\uf02d 12 avenue de la Bourdonnais  ; \n\uf02d 2 avenue de la Bourdonnais  ; \n\uf02d 9 avenue de la Bourdonnais  ; \n\uf02d 206 rue de l'Universit \u00e9  ; \n\uf02d 192 rue de l'Universit \u00e9  ; \n\uf02d 2 avenue Rapp  ; \n\uf02d 23 rue Cognacq J ay  ; \n\uf02d 1 rue Cognacq J ay  ; \n\uf02d 1 rue du Colonel Combes  ; \nCeUr\nau niveau  de l'acc\u00e9s  au pont  Saint \n9 \nArr\u00eat\u00e9 n\u00b02024-00707 du 28 mai 2024  \uf02d 11 avenue Robert  Schuman  ; \n\uf02d 5 avenue Sully-Prudhomme  ; \n\uf02d 6 rue Surcouf  ; \n\uf02d 1 rue Desgenet t es  ; \n\uf02d 144 rue de l'Universit \u00e9  ; \n\uf02d 1 rue Fabert  ; \n\uf02d 1 rue Robert  Esnault -Pelt erie  ; \n\uf02d 2 rue Arist ide Briand  ; \n\uf02d 86 rue de Lille  ; \n\uf02d 3 rue de Solf\u00e9rino  ; \n\uf02d 79 rue de Lille  ; \n\uf02d 8 rue du Bac  ; \n\uf02d 10 rue de Beaune  ; \n\uf02d 6 rue des Saint s-P\u00e8res  ; \n\uf02d 14 rue des Beaux-Art s  ; \n\uf02d 1 rue des Beaux-Art s  ; \n\uf02d 2 rue J acques Callot  ; \n\uf02d 51 rue Mazarine  ; \n\uf02d 29 rue Dauphine  ; \n\uf02d 18 rue Dauphine  ; \n\uf02d 1 rue des Grands August ins  ; \n\uf02d 35 quai des Grands August ins  ; \n\uf02d 1 rue G\u00eet -le-C\n  ; \n\uf02d \n -Michel sit u\u00e9 en vis-\u00e0-vis du 2 place Saint -\nMichel  ; \n\uf02d 1 place Saint -Michel  ; \n\uf02d 13 quai Saint -Michel  ; \n\uf02d 9 quai Saint -Michel  ; \n\uf02d 5 quai Saint -Michel  ; \n\uf02d 1 rue du Pet it  Pont  ; \n\uf02d 6 rue de la Cit \u00e9  ; \nsterlitz  et le pont  Charles  de Gaulle, \n10 \nArr\u00eat\u00e9 n\u00b02024-00707 du 28 mai 2024  \uf02d 5 rue de la Cit \u00e9  ; \n\uf02d 2 rue Saint -J ulien le Pauvre  ; \n\uf02d 4 rue Lagrange  ; \n\uf02d 13 rue de la Bucherie  ; \n\uf02d 9 rue des Grands Degr\u00e9s  ; \n\uf02d 73 quai de la Tournelle  ;  \n\uf02d 3 rue de Bi\u00e8vre  ; \n\uf02d 30 rue des Bernardins  ; \n\uf02d 34 boulevard Saint -Germain  ; \n\uf02d 23 boulevard Saint -Germain  ; \n\uf02d 12 boulevard Saint -Germain  ; \n\uf02d 1 boulevard Saint -Germain  ; \n\uf02d 4 rue des Foss\u00e9s Saint -Bernard  ; \n\uf02d 12 quai de B\u00e9t hune  ; \n\uf02d 44 rue des Foss\u00e9s Saint -Bernard  ; \n\uf02d 1 rue J ussieu  ; \n\uf02d 1 boulevard de l'H\u00f4pit al  ; \n\uf02d 26 port  de Paris-Aust erlit z  ; \n\uf02d 86 quai d'Aust erlit z, \nau niveau du rest aurant  OFF Paris Seine  ; \n\uf02d 36 quai d'Aust erlit z, ent re le pont  Charles de Gaul le et  la Cit \u00e9 de la Mode  ; \n\uf02d 75 quai de la gare, sur les quais bas, aux abords de  la piscine J os\u00e9phine \nBaker  ; \n\uf02d ent re le 14 et  le 16 port  de Paris-La Gare  ; \n\uf02d ent re le 10 et  le 12 port  de Paris-La Gare  ; \n\uf02d 4 port  de Paris-La Gare. \n \nS'agissa  justifie  de l'autorisation\nes de billet  leur  permettant  d'assister  en tant  que\nspectateur  \u00e0 la c\u00e9r\u00e9monie  d'ouverture  des  Jeux  ne peuvent,  en cette  qualit\u00e9,  acc\u00e9der\ndurant  la p\u00e9riode  d\u00e9finie  \u00e0 l'article  2\nnotamment  \u00e0 l'article  R.\n2 et durant  la p\u00e9riode  institu\u00e9e  par l'article\nes personnes  ont  l'obligation  de se soumettre,  \u00e0 la demande  des  agents  autoris\u00e9s\npar le pr\u00e9sent  arr\u00eat\u00e9  \u00e0 proc\u00e9der  \u00e0 des  palpations  de s\u00e9curit\u00e9,  \u00e0 l'inspection  visuelle \n11 \nArr\u00eat\u00e9 n\u00b02024-00707 du 28 mai 2024   \nSect ion 2  :  \nR\u00e8gles d\n acc\u00e8s et  de circulat ion dans le p\u00e9rim\u00e8t re de prot ec t ion \nArt icle 4  : \n  \npersonnes et  v\u00e9hicules t errest res \u00e0 mot eur au sens \n -1 du code de la \nrout e, just ifiant  \n  PARIS 2024-Comit \u00e9 \nd'organisat ion des jeux Olympiques et  Paralympiques  \u00bb ou \n , \nd\u00e9nomm\u00e9e \u00ab  Pass jeux  \u00bb, d\u00e9livr\u00e9e selon les condit ions d\u00e9finies au t it re 4 du pr\u00e9sent  \narr\u00eat \u00e9. \nnt  de la circulat ion des v\u00e9hicules, le conduct eur \n\u00ab Pass jeux  \u00bb aff\u00e9rent e au v\u00e9hicule et  de son aut orisat ion \u00ab  Pass jeux  \u00bb personnelle, \nainsi que, le cas \u00e9ch\u00e9ant , de celle des occupant s d u v\u00e9hicule. \nArt icle 5  : Les personnes muni\nau p\u00e9rim\u00e8t re \n . \nArt icle 6  : Durant  \n v\u00e9hicules t errest res \u00e0 \nmot eur est  possible sous r\u00e9serve des condit ions de d\u00e9finies par le code de la rout e, \n 417-4 du code de la rout e. \nArt icle 7  : Durant  \n  et  en dehors des parcs de \nst at ionnement s publics ou priv\u00e9s, le st at ionnement  des v\u00e9hicules t errest res \u00e0 mot eur \nest  int erdit  sur \n  la voirie publique sit u\u00e9e au sein du p\u00e9rim\u00e8t re, y \ncompris sur les emplacement s r\u00e9serv\u00e9s \u00e0 cet  effet . \nPar except ion, le st at ionnement  dest in\u00e9 aux livrais ons des op\u00e9rat eurs \u00e9conomiques \nrest e aut oris\u00e9, pendant  la seule dur\u00e9e n\u00e9cessaire \u00e0  la livraison. \n \nSect ion 3  :  \nDisposit ions relat ives aux v\u00e9rificat ions applicable s \nArt icle 8  : \n 2, les mesures \nsuivant es sont  applicables  : \n1\u00b0 l\net  \u00e0 la fouille des bagages ainsi que, le cas \u00e9ch\u00e9an t , \u00e0 la visit e de v\u00e9hicule \u00e0 bord \nduquel elles circulent  ; \n2\u00b0 les officiers de police judiciaire ment ionn\u00e9s au x 2\u00b0 \u00e0 4\u00b0 de l'art icle 16 du code de \nproc\u00e9dure p\u00e9nale et , sous leur responsabilit \u00e9, les agent s de police judiciaire \nment ionn\u00e9s \u00e0 l'art icle 20 du m\u00eame code, ainsi que l es agent s de police judiciaire \nadjoints  mentionn\u00e9s  aux  1\u00b0, 1\u00b0 bis et 1\u00b0 ter de l'article  21 du m\u00eame  code,  sont\nfouille,  ainsi  qu'\u00e0  la visite  des  v\u00e9hicules.\nPour  la mise  en \u0153uvre  de ces op\u00e9rations  aux  points  de filtrage,  ils peuvent  \u00eatre\nse conformer  aux  dispositions  de l'article  9\nICCES  OU reconduites  d'office  a l'ext\u00e9rieur  du\nd\u00e9finies  \u00e0 l'article  L. 226\n1\u00e0 l'int\u00e9rieur  du p\u00e9rim\u00e9tre  de protection\ntu\u00e9s  par  l'article\ne port  et le transport,  sans  motif  l\u00e9gitime,  d'armes  et d'objets  pouvant\nconstituer  une  arme  au sens  de l'article  132\nsens  des  articles  L. 211\nP\u00e9rim\u00e8tre  d'interdiction  de la circulation  motoris\u00e9e\npr\u00e9paration  de la c\u00e9r\u00e9monie  d'ouverture  des  Jeux \n12 \nArr\u00eat\u00e9 n\u00b02024-00707 du 28 mai 2024  \naut oris\u00e9s \u00e0 proc\u00e9der, avec le consent ement  des pers onnes faisant  l'objet  de ces \nv\u00e9rificat ions, \u00e0 des palpat ions de s\u00e9curit \u00e9, \u00e0 l'in spect ion visuelle des bagages et  \u00e0 leur \n \nassist \u00e9s par des agent s exer\u00e7ant  l'act ivit \u00e9 ment ionn \u00e9e au 1\u00b0 de l'art icle L. 611-1 du \ncode de la s\u00e9curit \u00e9 int \u00e9rieure, sous l'aut orit \u00e9 et  le cont r\u00f4le effect if et  cont inu d'un \nofficier de police judiciaire. \n \nArt icle 9  : En cas de refus de \n , les \npersonnes se voient  \n sont  \np\u00e9rim\u00e8t re \n -1 du code de la s\u00e9curit \u00e9 \nint \u00e9rieure. \n \nSect ion 4  : \nMesures de police applicables \n  \nArt icle 10  : Dans le p\u00e9rim\u00e8t re et  durant  la p\u00e9riode inst \n 2, sont  \nint erdit s : \n\uf02d l\n-75 du code p\u00e9nal  ;  \n\uf02d l\n -11 et  suivant s du \ncode rural et  de la p\u00eache marit ime. \n \nChapit re 2  :  \n durant  la p\u00e9riode de \n \nArt icle 11  : A compt er du 18 juillet  2024 \u00e0 05h00 \n  2024 \u00e0 12h59, la \ncirculat ion des v\u00e9hicules t errest res \u00e0 mot eur \n -1 du code de la \nrout e est  int erdit e dans le p\u00e9rim\u00e8t re dit  \u00ab  zone rouge  \u00bb, d\u00e9fini selon la cart ographie \nfigurant  en annexe 2. \nArt icle 12  : P\n  \n  pr\u00e9c\u00e9dent , peuvent  \ncirculer durant  cet t e p\u00e9riode les v\u00e9hicules just ifi ant  \n un mot if parmi ceux d\u00e9finis en \nannexe 5. \nLe conduct eur d\n  v\u00e9hicule mot oris\u00e9 circulant  dans le p\u00e9rim\u00e8t re dit  \u00ab zone rouge  \u00bb \npr\u00e9sent e, lors des cont r\u00f4les, t out  document  permet t ant  de just ifier de la n\u00e9cessit \u00e9 \nfinissant  les \nd\u00e9rogations  d'acc\u00e9s  aux  zones  restreintes  a la circulation  motoris\u00e9e\napplicables  \u00e0 la c\u00e9r\u00e9monie  d'ouverture  des  Jeux\nc\u00e9r\u00e9monie  d'ouverture  des  Jeux\njusqu'au  terme  de la c\u00e9r\u00e9monie\nd'ouverture,\nes points  d'acc\u00e8s  \u00e0 ce \n13 \nArr\u00eat\u00e9 n\u00b02024-00707 du 28 mai 2024  \n, sans pr\u00e9judice \ndes disposit ions du code de la rout e relat ives aux cont r\u00f4les rout iers. \n \nTITRE 3  :  \nMesures \n  du 26 juillet  2024 \n \nChapit re 1  :  \nP\u00e9rim\u00e8t re de prot ect ion (SILT) lors de la \n  \n \nSect ion 1  :  \nD\u00e9limit at ion du p\u00e9rim\u00e8t re de prot ect ion \nArt icle 13  : A compt er du 26 juillet  2024 \u00e0 13h00 \nle p\u00e9rim\u00e8t re de prot ect ion est  red\u00e9fini, selon les limit es figurant  sur la \ncart ographie en annexe 3 . \nArt icle 14  : L\n  p\u00e9rim\u00e8t re sont  fix\u00e9s comme suit  : \nCharent on-le-Pont  (94) \n\uf02d 84 quai des carri\u00e8res  ; \n\uf02d 4 quai de Bercy, au niveau du pont  Nelson Mandela.  \n \nParis (75) \n\uf02d 9001 port  de Bercy, au niveau du pont  Nat ional  ; \n\uf02d 2 avenue des Terroirs de France  ; \n\uf02d 1 avenue des Terroirs de France  ; \n\uf02d 2 rue des Pirogues de Bercy  ; \n\uf02d 1 rue Fran\u00e7ois Truffaut  ; \n\uf02d 1 rue J oseph Kessel  ; \n\uf02d 2 boulevard de Bercy  ; \n\uf02d 1 boulevard de Bercy  ; \n\uf02d 155 rue de Bercy  ; \n\uf02d 197 rue de Bercy  ; \n\uf02d 201 rue de Bercy  ; \n6 rue de Schomberg,  \u00e0 l'angle  du boulevard  Morland\nLouis  en l'Ile,  \u00e0 'angle  du quai  d'Anjou \n14 \nArr\u00eat\u00e9 n\u00b02024-00707 du 28 mai 2024  \uf02d 10 rue Traversi\u00e8re  ; \n\uf02d 1 boulevard Diderot  ; \n\uf02d 4 avenue Ledru-Rollin  ; \n\uf02d 6 boulevard de la Bast ille  ; \n\uf02d 1 boulevard Bourdon  ; \n\uf02d 1 rue de Brissac  ; \n\uf02d \n  ; \n\uf02d 9 rue Agrippa d'aubign\u00e9  ; \n\uf02d 19 boulevard Morland \n\uf02d 22 rue de Sully  ; \n\uf02d 12 boulevard Henri IV  ; \n\uf02d 2 rue du Pet it  Musc  ; \n\uf02d 1 rue Saint -\n  ; \n\uf02d 5 rue Saint -Paul  ; \n\uf02d 28 quai des C\u00e9lest ins  ; \n\uf02d 22 rue de l'Ave Maria  ; \n\uf02d 1 rue du Figuier ; \n\uf02d 8 rue des Nonnains d'Hy\u00e8res ; \n\uf02d 7 rue Geoffroy l'Asnier ; \n\uf02d 60 rue de l'H\u00f4t el de Ville ; \n\uf02d 87 rue de l'H\u00f4t el de Ville ; \n\uf02d 1 rue de Brosse ; \n\uf02d 1 place Saint -Gervais ; \n\uf02d 4 place de l'H\u00f4t el de Ville ; \n\uf02d 3 rue de la Tacherie ; \n\uf02d 9 avenue Vict oria ; \n\uf02d 11 avenue Vict oria  ; \n\uf02d 5 rue Adolphe Adam  ; \n\uf02d 2 place du Ch\u00e2t elet  ; \n\uf02d 1 rue des Lavandi\u00e8res Saint e-Opport une  ; \n\uf02d 3 rue Bert in Poir\u00e9e  ; \n2 rue d'Alger  ;\n2 rue Rouget  de l'Isle  ;\n\u00e0 l'angle  de la place  de la Concorde  et de l'avenue  Edward  Tuck; \n15 \nArr\u00eat\u00e9 n\u00b02024-00707 du 28 mai 2024  \uf02d 5 rue des Bourdonnais  ; \n\uf02d 7 rue Boucher ; \n\uf02d 6 rue du Pont -Neuf ; \n\uf02d 4 rue du Pont -Neuf ; \n\uf02d 11 rue de la Monnaie ; \n\uf02d 1 rue Baillet  ; \n\uf02d 12 rue Baillet  ; \n\uf02d 5 place de l'Ecole ; \n\uf02d 3 place du Louvre ; \n\uf02d 93 rue de Rivoli ; \n\uf02d 3 rue de Rohan ; \n\uf02d 1 rue de l'Echelle ; \n\uf02d 2 place des Pyramides ; \n\uf02d 2 rue Saint -Roch ;  \n\uf02d 2 rue du 29 J uillet  ; \n\uf02d \n  \n\uf02d 2 rue de Cast iglione ;  \n\uf02d \n  \n\uf02d 2 rue Cambon ; \n\uf02d 2 rue de Mondovi ; \n\uf02d 1 rue Saint -Florent in ; \n\uf02d 2 rue du Faubourg Saint -Honor\u00e9 ; \n\uf02d 2 rue Boissy d'Anglas ; \n\uf02d \n  \n\uf02d 8 avenue Dut uit  ; \n\uf02d 1 avenue Franklin Delano Roosevelt  ; \n\uf02d 1 rue Fran\u00e7ois 1er ; \n\uf02d 10 place Fran\u00e7ois 1er ; \n\uf02d 8 place Fran\u00e7ois 1er ; \n\uf02d 39 rue J ean Goujon ; \n\uf02d 2 avenue Mont aigne ; \n \n16 \nArr\u00eat\u00e9 n\u00b02024-00707 du 28 mai 2024  \uf02d 1 avenue George V ; \n\uf02d 1 avenue Marceau ; \n\uf02d 1 rue Freycinet  ; \n\uf02d 2 rue de Galliera ; \n\uf02d 1 rue Maria Brignole ; \n\uf02d 1 avenue Pierre 1er de Serbie  ; \n\uf02d 7 avenue d'i\u00e9na  ; \n\uf02d 21 rue de L\u00fcbeck  ; \n\uf02d 2 rue de l'Amiral Hamelin  ; \n\uf02d 23 rue de l'Amiral Hamelin  ; \n\uf02d 25 rue de l'Amiral Hamelin  ; \n\uf02d 3 rue de Belloy  ; \n\uf02d 23 rue la P\u00e9rouse  ; \n\uf02d 5 rue de Presbourg  ; \n\uf02d 2 rue Laurist on  ; \n\uf02d 25 rue Laurist on  ; \n\uf02d 13 rue Paul Val\u00e9ry  ; \n\uf02d 67 rue Laurist on  ; \n\uf02d 77 rue Laurist on  ; \n\uf02d 89 rue Laurist on  ; \n\uf02d 101 rue Laurist on  ; \n\uf02d 117 rue Laurist on  ; \n\uf02d 23 avenue Raymond Poincar\u00e9  ; \n\uf02d 72 rue de Longchamp  ; \n\uf02d 87 rue de Longchamp  ; \n\uf02d 39 avenue d'Eylau  ; \n\uf02d 20 rue des Sablons  ; \n\uf02d 32 rue Greuze  ; \n\uf02d 36 avenue Georges Mandel  ; \n\uf02d 47 rue Scheffer  ; \n\uf02d 2 rue Louis David  ; \n \n17 \nArr\u00eat\u00e9 n\u00b02024-00707 du 28 mai 2024  \uf02d 1 rue Bellini  ; \n\uf02d 11 rue Scheffer  ; \n\uf02d 29 rue Vineuse  ; \n\uf02d 17 rue Benjamin Franklin  ; \n\uf02d 2 rue Vineuse  ; \n\uf02d 1 rue de la Tour ; \n\uf02d 2 rue de Passy ; \n\uf02d 2 rue Raynouard ; \n\uf02d 22 square Alboni ; \n\uf02d 2 rue des Eaux ; \n\uf02d 2 avenue Fremiet  ; \n\uf02d 15 avenue Ren\u00e9 Boylesve  ; \n\uf02d 7 rue d'Ankara  ; \n\uf02d 7 avenue de Lamballe  ; \n\uf02d 21 avenue du G\u00e9n\u00e9ral Mangin  ; \n\uf02d 9 rue du doct eur Germain S\u00e9e  ; \n\uf02d 2 rue du Ranelagh  ; \n\uf02d 1 rue de Boulainvilliers  ; \n\uf02d 1 rue Gros  ; \n\uf02d 7 avenue de Versailles  ; \n\uf02d 43bis avenue de Versailles  ; \n\uf02d 59 avenue de Versailles  ; \n\uf02d 6 rue Wilhem  ; \n\uf02d 131 avenue de Versailles  ; \n\uf02d 155 avenue de Versailles  ; \n\uf02d 5 rue Chapu  ; \n\uf02d 2 boulevard Exelmans  ; \n\uf02d 16 quai d'Issy-les-Moulineaux  ; \n\uf02d 2 quai d'Issy-les-Moulineaux  ; \n\uf02d 2 rue du Professeur Florian Delbarre  ; \n\uf02d 4 rue Cauchy  ; \n \n18 \nArr\u00eat\u00e9 n\u00b02024-00707 du 28 mai 2024  \uf02d 85 quai Andr\u00e9 Cit ro\u00ebn  ; \n\uf02d 1 rue Balard  ; \n\uf02d 1 rue de la Convent ion  ; \n\uf02d 6 avenue Emile Zola  ; \n\uf02d 35 quai Andr\u00e9 Cit ro\u00ebn  ; \n\uf02d 1 rue de l'Ing\u00e9nieur Robert  Keller  ; \n\uf02d 2 rue Linois  ; \n\uf02d 4 place de Brazzaville  ; \n\uf02d 39 A quai de Grenelle  ; \n\uf02d 27 quai de Grenelle  ; \n\uf02d 1 rue Nocard  ; \n\uf02d 1 boulevard de Grenelle  ; \n\uf02d 27 boulevard de Grenelle  ; \n\uf02d 28 rue de la F\u00e9d\u00e9rat ion  ; \n\uf02d 2 rue de la F\u00e9d\u00e9rat ion  ; \n\uf02d 2 rue J ean Rey  ; \n\uf02d 15 avenue de Suffren  ; \n\uf02d 4 avenue Oct ave Greard  ; \n\uf02d 6 avenue Gust ave Eiffel  ; \n\uf02d 3 avenue Silvest re de Sacy  ; \n\uf02d 12 avenue de la Bourdonnais  ; \n\uf02d 2 avenue de la Bourdonnais  ; \n\uf02d 9 avenue de la Bourdonnais  ; \n\uf02d 206 rue de l'Universit \u00e9  ; \n\uf02d 192 rue de l'Universit \u00e9  ; \n\uf02d 2 avenue Rapp  ; \n\uf02d 23 rue Cognacq J ay  ; \n\uf02d 1 rue Cognacq J ay  ; \n\uf02d 1 rue du Colonel Combes  ; \n\uf02d 11 avenue Robert  Schuman  ; \n\uf02d 5 avenue Sully-Prudhomme  ; \nCoeur\nau niveau  de l'acc\u00e8s  au pont  Saint \n19 \nArr\u00eat\u00e9 n\u00b02024-00707 du 28 mai 2024  \uf02d 6 rue Surcouf  ; \n\uf02d 1 rue Desgenet t es  ; \n\uf02d 144 rue de l'Universit \u00e9  ; \n\uf02d 1 rue Fabert  ; \n\uf02d 1 rue Robert  Esnault -Pelt erie  ; \n\uf02d 2 rue Arist ide Briand  ; \n\uf02d 86 rue de Lille  ; \n\uf02d 3 rue de Solf\u00e9rino  ; \n\uf02d 79 rue de Lille  ; \n\uf02d 8 rue du Bac  ; \n\uf02d 10 rue de Beaune  ; \n\uf02d 6 rue des Saint s-P\u00e8res  ; \n\uf02d 14 rue des Beaux-Art s  ; \n\uf02d 1 rue des Beaux-Art s  ; \n\uf02d 2 rue J acques Callot  ; \n\uf02d 51 rue Mazarine  ; \n\uf02d 29 rue Dauphine  ; \n\uf02d 18 rue Dauphine  ; \n\uf02d 1 rue des Grands August ins  ; \n\uf02d 35 quai des Grands August ins  ; \n\uf02d 1 rue G\u00eet -le-\n  ; \n\uf02d \n -Michel sit u\u00e9 en vis-\u00e0-vis du 2 place Saint -\nMichel  ; \n\uf02d 1 place Saint -Michel  ; \n\uf02d 13 quai Saint -Michel  ; \n\uf02d 9 quai Saint -Michel  ; \n\uf02d 5 quai Saint -Michel  ; \n\uf02d 1 rue du Pet it  Pont  ; \n\uf02d 1 rue du Pet it  Pont  ; \n\uf02d 2 rue Saint -J ulien le Pauvre  ; \n\uf02d 4 rue Lagrange  ; \n \n20 \nArr\u00eat\u00e9 n\u00b02024-00707 du 28 mai 2024  \uf02d 13 rue de la Bucherie  ; \n\uf02d 9 rue des Grands Degr\u00e9s  ; \n\uf02d 73 quai de la Tournelle  ;  \n\uf02d 3 rue de Bi\u00e8vre  ; \n\uf02d 30 rue des Bernardins  ; \n\uf02d 34 boulevard Saint -Germain  ; \n\uf02d 23 boulevard Saint -Germain  ; \n\uf02d 12 boulevard Saint -Germain  ; \n\uf02d 1 boulevard Saint -Germain  ; \n\uf02d 12 quai de B\u00e9t hune  ; \n\uf02d 4 rue des Foss\u00e9s Saint -Bernard  ; \n\uf02d 42 rue des Foss\u00e9s Saint -Bernard  ; \n\uf02d 1 rue J ussieu  ; \n\uf02d 3 boulevard de l'H\u00f4pit al  ; \n\uf02d 64 avenue Pierre Mend\u00e8s France  ; \n\uf02d 36 avenue Pierre Mend\u00e8s France  ; \n\uf02d 7 rue Fult on  ; \n\uf02d 19 rue de Bellievre  ; \n\uf02d 4 boulevard Vincent  Auriol  ; \n\uf02d 9 boulevard Vincent  Auriol  ; \n\uf02d 5 rue George Balanchine  ; \n\uf02d 8 rue Raymond Aron  ; \n\uf02d 6 rue Emile D\u00fcrkheim  ; \n\uf02d 5 rue Neuve Tolbiac  ; \n\uf02d 7 rue Primo Levi  ; \n\uf02d 9 rue des Frigos  ; \n\uf02d 12 rue Thomas Mann  ; \n\uf02d 22 rue Fran\u00e7oise Dolt o  ; \n\uf02d 15 rue H\u00e9l\u00e8ne Brion  ; \n\uf02d 2 rue H\u00e9l\u00e8ne Brion  ; \n\uf02d 2 rue Alice Domont  et  L\u00e9onie Duquet  ; \nR\u00e8gles  d'acc\u00e8s  et de circulation  dans  le p\u00e9rim\u00e8tre  de protection\nl'occasion  de la c\u00e9r\u00e9monie  d'ouverture  des  Jeux  de la XXXIII\ncc\u00e8s  au p\u00e9rim\u00e8tre  de s\u00e9curit\u00e9  est interdit  \u00e0 toute  personne,  \u00e0\nant  d'une  accr\u00e9ditation  d\u00e9livr\u00e9e  par l'association\n2024  en application  de l'article  , permet  \u00e9galement  \u00e0 son  b\u00e9n\u00e9ficiaire  d'acc\u00e9der  au\np\u00e9rim\u00e8tre,  \u00e0 la condition  de se pr\u00e9senter  au point  d'acc\u00e8s  le plus  proche  du lieu  de\n'acces\nUt v\u00e9hicule,  a l'exception  des  v\u00e9hicules  des  services  de secours  et de \n21 \nArr\u00eat\u00e9 n\u00b02024-00707 du 28 mai 2024  \uf02d 1 rue jean-ant oine de baif paris 13e \n\uf02d 31 boulevard du G\u00e9n\u00e9ral J ean Simon  ; \n\uf02d 23 quai d'Ivry  ; \n\uf02d 1 quai d'Ivry. \n \nIvry-sur-Seine (94) \n\uf02d 1 rue Bruneseau  ; \n\uf02d 11 quai Marcel Boyer  ; \n\uf02d 15 rue Vict or Hugo  ; \n\uf02d 4 rue J ules Vanzuppe  ; \n\uf02d 9002 Cent re Commercial Quais d'Ivry  ; \n\uf02d 1 rue L\u00e9nine. \n \nSect ion 2  :  \n \nArt icle 15  : A \n\u00e8me \nolympiade, l\n : \n1\u00b0 des spect at eurs just ifiant  personnellement  de le urs billet s  ; \n2\u00b0 de t out e personne just ifi\n\u00ab PARIS 2024-Comit \u00e9 d'organisat ion des jeux Olympiques  et  Paralympiques  \u00bb ou \nd\nune aut orisat ion, d\u00e9nomm\u00e9e \u00ab  Pass jeux  \u00bb, d\u00e9livr\u00e9e selon les condit ions d\u00e9finies au \nt it re 4 du pr\u00e9sent  arr\u00eat \u00e9. \nArt icle 16  : L\naut orisat ion qui a \u00e9t \u00e9 accord\u00e9e aux personnes \u00e0 com pt er du 18 juillet  \n4\ndest inat ion au sein du p\u00e9rim\u00e8t re. \nArt icle 17  : L\n et  le st at ionnement  au sein du p\u00e9rim\u00e8t re de s\u00e9curit \u00e9 sont  \nint erdit s \ns\u00e9curit \u00e9. \n \n \ndurant  la p\u00e9riode  institu\u00e9e  par l'article\nes personnes  ont  l'obligation  de se soumettre,  \u00e0 la demande  des  agents  autoris\u00e9s\nadjoints  mentionn\u00e9s  aux  1\u00b0, 1\u00b0 bis et 1\u00b0 ter de l'article  21 du m\u00eame  code,  sont\nfouille,  ainsi  qu'\u00e0  la visite  des  v\u00e9hicules.\non de l'article  20\npersonnes  se volent  interdire  l'acc\u00e8s  ou sont  reconduites  d'office  \u00e0 l'ext\u00e9rieur  du\np\u00e9rim\u00e8tre  dans  les conditions  d\u00e9finies  \u00e0 l'article  L. 226\na l'int\u00e9ri\nDans  le p\u00e9rim\u00e8tre  et durant  la p\u00e9riode  institu\u00e9s  par l'article\ne port  et le transport,  sans  motif  l\u00e9gitime,  d'armes  et d'objets  pouvant\nconstituer  une  arme  au sens  de l'article  132\nd'armes  et\nconstituer  une  arme  par  destination  au sens  de l'article  pr\u00e9cit\u00e9  du code\nl'acc\u00e8s  des  animaux  dangereux  au sens  des  articles  L. 271 \n22 \nArr\u00eat\u00e9 n\u00b02024-00707 du 28 mai 2024  Sect ion 3  :  \nDisposit ions relat ives aux v\u00e9rificat ions applicable s \nArt icle 18  : \n 13, les \nmesures suivant es sont  applicables  : \n1\u00b0 l\npar le pr\u00e9sent  arr\u00eat \u00e9 \u00e0 proc\u00e9der \u00e0 des palpat i\net  \u00e0 la fouille des bagages ainsi que, le cas \u00e9ch\u00e9an t , \u00e0 la visit e de v\u00e9hicule \u00e0 bord \nduquel elles circulent  ; \n2\u00b0 les officiers de police judiciaire ment ionn\u00e9s au x 2\u00b0 \u00e0 4\u00b0 de l'art icle 16 du code de \nproc\u00e9dure p\u00e9nale et , sous leur responsabilit \u00e9, les agent s de police judiciaire \nment ionn\u00e9s \u00e0 l'art icle 20 du m\u00eame code, ainsi que l es agent s de police judiciaire \naut oris\u00e9s \u00e0 proc\u00e9der, avec le consent ement  des pers onnes faisant  l'objet  de ces \nv\u00e9rificat ions, \u00e0 des palpat ions de s\u00e9curit \u00e9, \u00e0 l'in spect ion visuelle des bagages et  \u00e0 leur \n \nvent  \u00eat re \nassist \u00e9s par des agent s exer\u00e7ant  l'act ivit \u00e9 ment ionn \u00e9e au 1\u00b0 de l'art icle L. 611-1 du \npr\u00e9sent  code, sous l'aut orit \u00e9 et  le cont r\u00f4le effect if et  cont inu d'un officier de police \njudiciaire. \n \nArt icle 19  : En cas de refus de se conformer aux disposit i\n , les \n-1 du code de la s\u00e9curit \u00e9 \nint \u00e9rieure. \n \nSect ion 4  : \nMesures de police applicables \n eur du p\u00e9rim\u00e8t re de prot ect ion \nArt icle 20  : \n 13, sont \nint erdit s  : \n\uf02d l\n-75 du code p\u00e9nal  ;  \n\uf02d la vent e \n de t ous objet s coupant s ou cont ondant s suscept ibles  de \np\u00e9nal  ; \n\uf02d \n -11 et  suivant s du \ncode rural et  de la p\u00eache marit ime. \njusqu'au  terme  de la c\u00e9r\u00e9monie\nd'ouverture,\nprotection  cit\u00e9  \u00e0 l'article  13\nd'acc\u00e8s  aux  p\u00e9rim\u00e8tres\nb\u00e9n\u00e9ficiaire  d'une  autorisation  doit  \u00eatre  en mesure  de justifier  son  identit\u00e9.\nLes conditions  permettant  l'instruction  et la d\u00e9livrance  des  autorisation\nd'acc\u00e8s  aux  p\u00e9rim\u00e8tres  sont  d\u00e9finies  dans  le tableau  figurant  en ann\npr\u00e9judice  des  dispositions  de l'article  L. 211 \n23 \nArr\u00eat\u00e9 n\u00b02024-00707 du 28 mai 2024  Chapit re 2  :  \nP\u00e9rim\u00e8t re d\n int erdict ion de la circulat ion mot oris\u00e9e \nArt icle 21  :  A compt er du 26 juillet  2024 \u00e0 13h00 \nla circulat ion des v\u00e9hicules t errest res \u00e0 mot eur es t  int erdit e dans le \np\u00e9rim\u00e8t re dit  \u00ab  zone rouge  \u00bb, red\u00e9fini selon la cart ographie figurant  en annexe  4. \nSeuls les v\u00e9hicules de secours et  des forces de s\u00e9c urit \u00e9 sont  aut oris\u00e9s \u00e0 acc\u00e9der \u00e0 ce \np\u00e9rim\u00e8t re. \nSont  \u00e9galement  aut oris\u00e9s \u00e0 circuler dans le p\u00e9rim\u00e8t r e dit  \u00ab zone rouge  \u00bb les \ne \n, \u00e0 compt er du 12 juillet  \u00e0 13 heures. \n \n \nTITRE 4 : \nDisposit ions communes relat ives aux aut orisat ions \n  d\u00e9finis au \nchapit re 1 du t it re II et  au chapit re 1 du t it re II I et  cont r\u00f4les \nArt icle 22  : Tout e personne d\u00e9sirant  b\u00e9n\u00e9ficier ou faire b\u00e9n\u00e9fic ier un t iers ou un \nv\u00e9hicule \n en vue \n  \n s d\u00e9fini au chapit re \n1 du t it re II et  au chapit re 1 du t it re III du pr\u00e9s ent  arr\u00eat \u00e9 pr\u00e9sent e sa demande, \nalt ernat ivement  : \n\uf02d de fa\u00e7on d\u00e9mat \u00e9rialis\u00e9e, au moyen du disposit if \u00ab  Pass jeux  \u00bb \u00e0 l\n adresse \nwww.pass-jeux.gouv.fr ; \n\uf02d Pour les personnes ne disposant  pas d'un acc\u00e8s \u00e0 in t ernet  et  d'une adresse \nm\u00e9l, \nParis qui se chargeront  des d\u00e9marches pour son compt e \u00e0 l'adresse pr\u00e9-cit \u00e9e. \nArt icle 23  : Sous r\u00e9serve \n favorable \n st rat ive ment ionn\u00e9e \u00e0 \n-11-1 du code de la s\u00e9curit \u00e9 int \u00e9rieure, les aut ori sat ions sont  d\u00e9livr\u00e9es, \napr\u00e8s inst ruct ion, sous la forme \n -passer num\u00e9rique ou \u00ab  QR Code  \u00bb. Cet t e \naut orisat ion est  pr\u00e9sent \u00e9e en format  papier ou num\u00e9 rique lors des cont r\u00f4les. Le \n \nArt icle 24  : \nexe 5, sans \n-11-1 du code de la s\u00e9curit \u00e9 int \u00e9rieure.  \nArt icle 25  : \np\u00e9rim\u00e8t res ou en leur sein, \n  \naut orisat ion ou les just ificat ifs des mot ifs \npermet t ant  aux personnes ou \n s \ndiff\u00e9rent s p\u00e9rim\u00e8t res d\u00e9finis au pr\u00e9sent  arr\u00eat \u00e9 son t , selon le cas, pr\u00e9sent \u00e9s aux \ncontr\u00e9le  d'identit\u00e9\nEn l'absence  d'autorisation  ou de justificatif,  la personne  ou le v\u00e9hicule\nn'acc\u00e9de  pas  au p\u00e9rim\u00e8tre  concern\u00e9  ou est reconduit  \u00e0 l'ext\u00e9rieur  de ce p\u00e9rim\u00e8tre,\ncabinet,  le directeur  de l'ordre  public  et de la circulation,  la directrice  de la s\u00e9curit\u00e9\nde proximit\u00e9  de l'agglom\u00e9ration  p\nconcerne,  de l'ex\u00e9cution  du pr\u00e9sent  arr\u00eat\u00e9  qui sera  publi\u00e9  au recueil  des  actes\nqu'au  bulletin  officiel  de la Ville  de Paris. \n24 \nArr\u00eat\u00e9 n\u00b02024-00707 du 28 mai 2024  agent s de police et  de gendarmerie, sans pr\u00e9judice de s \u00e9vent uelles op\u00e9rat ions de \n ou de cont r\u00f4les rout iers.  \nArt icle 26  : \nsans pr\u00e9judice des sanct ions p\u00e9nales encourues. \n \n \nTITRE 5  :  \nDisposit ions finales \nArt icle 27  : La pr\u00e9f\u00e8t e, direct rice du cabinet , la sous-pr\u00e9f\u00e8t e,  direct rice adjoint e de \narisienne, sont  charg\u00e9s, chacun en ce qui le \nadminist rat ifs du d\u00e9part ement  de Paris, des Haut s-d e-Seine et  du Val-de-Marne, ainsi \n \nLe pr\u00e9sent  arr\u00eat \u00e9 sera \u00e9galement  consult able sur le sit e int ernet  de la pr\u00e9fect ure de \npolice (www.prefect uredepolice.int erieur.gouv.fr) et  sur le port ail des publicat ions \nadminist rat ives de la Ville de Paris. \nLe 28 mai 2024 \nSIGN\u00c9 \nLaurent  NU\u00d1EZ \n'fog + x = . Cane\ndns M  UN fe  Hea.  URS >  - oh  D\nCr  > 4 ANR\nEmAnnexe 1 de l\n arr\u00eat\u00e9 n\u00b02024-00707 du 28 mai 2024 \n \n25 \n\nAnnexe 2 de l\n arr\u00eat\u00e9 n\u00b02024-00707 du 28 mai 2024 \n \n26 \n\n\\Lh .\n.sfAnnexe 3 de l\n arr\u00eat\u00e9 n\u00b02024-00707 du 28 mai 2024 \n27 \n\nFe  ES CUIR  Se  f i NG E \u00c07 ce ' \"7  2 \\ \u00e9 2 cree  | a) oe. \" \" % . = a \u2014_ py Si\nce  \"Per\n' >  D LE\n' mmsAnnexe 4 de l\n arr\u00eat\u00e9 n\u00b02024-00707 du 28 mai 2024 \n28 \n\nAcc\u00e9s  motoris\u00e9  au\n- .P\u00e9rim\u00e8tres  SILT J-X CER 1\nAcc\u00e8s  au p\u00e9rim\u00e8tre  Tout  acc\u00e8s  {motoris\u00e9  et non\nd'interdiction  de la | NA1:  Hormis  pour les spectateurset  | Motoris\u00e9)  au p\u00e9rim\u00e8tre  SILT  le\ncirculation  accr\u00e9dit\u00e9s,  QR code  obligatoire  pour toute  26/07  \u00e0 partir  de 13h00\nmotoris\u00e9e(rouge)  entr\u00e9e  dans  ce p\u00e9rim\u00e8tre,  y compris  en\n\" urgence,  y compris  pi\u00e9tons  (saut  NB: Hormis  pour les spectateurs  et\nsi autorisation  expresse  d\u00e9livr\u00e9e  en conduite  | accr\u00e9dit\u00e9s,  QR code  obligatoire  pourNB : l'acc\u00e8s  en zone  op\u00e9rartionnelle)\nrouge en CERI j-X et toute entr\u00e9e  dans ce p\u00e9rim\u00e8tre,  y\nF = CER jour)  n'est pas | ae 2: quand il est interdit en VL, l'acc\u00e8s \u00e0 TOR  ten CS CE SAR \u00c9S deCat\u00e9gories  des  usagers  soumis  \u00e0 QR Code pied reste possible  pour les cat\u00e9gories  conduite  op\u00e9rartionnelle)\nd'usagers  ci-dessous  sur QR Code  ou\nacer\u00e9ditation\n- V\u00e9hicules  des  professionnels  de d\u00e9pannage  dans  le cadre  d'interventions  Oui  N N\nne pr\u00e9sentant  pas  un caract\u00e8re  d'urgence  (maintenance  programm\u00e9e...)\nV\u00e9hicules  de services  - soins  \u00e0 la personne\n12 V\u00e9hicules  des  professionnels  assurant  les soins  \u00e0 domicile  hors  urgence  Oui  Non  Non\nV\u00e9hicules  des professionnels  assurant  les soins  \u00e0 domicile  si urgence  ou Oui Oui  Non  (demeure  possible  \u00e0 pied  si\nprise  en charge  de personne  vuln\u00e9rable  n\u00e9cessit\u00e9  stricte  d'acc\u00e8s)\nse V\u00e9hicules  assurant  le portage  de repas  (pr\u00e9par\u00e9s  ou issus  de l\u00e0 Non  N Non\nrestauration)  et de courses  alimentaires  et domestiques\nV\u00e9hicules  de services  associatifs  ou communaux  assurant  le portage  de\n15 repas  pour  personne  vuln\u00e9rable  (pr\u00e9par\u00e9s  o\u00f9 issus  de la restauration)  et Ovi  Oui  Non\nde courses  alimentaires  et domestiques\n16 V\u00e9hicules  des  personnes  assurant  les services  \u00e0 domicile  (aide  4 domicile,  Non  N Non\ngarde  d'enfants,  propret\u00e9...)  hors  urgence\n17 V\u00e9hicules  ces  personnels  assurant  les services  \u00e0 domicile  (aide  \u00e0 domicile,  Ovi  N N\ngarde  d'enfants,  propret\u00e9,  ...) pour  urgence  ou personne  vuln\u00e9rable\n18 V\u00e9hicules  des  Pompes  fun\u00e8bres  Oui  Oui  Oui  sur autorisation  expresse\nV\u00e9hicules  de transport  de personnes\nOvi\n> pour  d\u00e9pose,  le\nclient  devra  \u00e9tre  muni\n- Taxis  du justificatif  Non  (sauf  PMR  r\u00e9sidant  ou travaillant  N\n>Pour  reprise  sur\nr\u00e9servation  3\npr\u00e9senter  lors  du\ncontr\u00f4le  d'acc\u00e8sdans  le p\u00e9rim\u00e8tre)Annexe 5 de l\n arr\u00eat\u00e9 n\u00b02024-00707 du 28 mai 2024 \n29  \n\nPARTIE\"  Acc\u00e8s  motoris\u00e9  au p\u00e9rim\u00e8tre\nPerimetres  SILT J-X CER1\nAcc\u00e9s  au p\u00e9rim\u00e9tre  Tout  acc\u00e9s  (motoris\u00e9  et non\nd'interdiction  de la N\u00ae 1: Hormis  pour les spectateurs  et motoris\u00e9)  au p\u00e9rim\u00e8tre  SILT  le\ncirculation  accr\u00e9dit\u00e9s,  QA code  obligatoire  pour  toute\nmotoris\u00e9e(rouge)entr\u00e9e  dans  ce p\u00e9rim\u00e8tre,  y compris  en\nurgence,  y compris  pi\u00e9tons  (sauf\nexpresse  d\u00e9livr\u00e9e  en conduite\nop\u00e9rartionnelle)26/07  \u00e0 partir  de 13h00\nNB : l'acc\u00e8s  en rone\nrouge  en CER1  }-X et\nCER  jour]  n'est  pas\nCat\u00e9gories  des  usagersNB:  Hormis  pour  let spectateurs  et\naccr\u00e9dit\u00e9s,  QR code  obligatoire  pour\ntoute  entr\u00e9e  dans  ce p\u00e9rim\u00e8tre,  y\ncompris  en urgence,  y compris  pi\u00e9tons\nNB  2 : quand  il est interdit  en VL, l'acc\u00e8s  \u00e0 | (sauf  autorisation  expresse  d\u00e9livr\u00e9e  en\nsoumis  \u00e0 QR Code  pied reste  pousible  pour les cat\u00e9gories  conduite  op\u00e9rartionnelle)\nd'usagers  ci-dessous  sur QR Code  ov\naccr\u00e9ditation\nQui\n> pour  d\u00e9pose,  le\nclient  devra  \u00eatre  muni\ndu justificatif\n>Pour  reprise  surNon  (sauf  PMR  r\u00e9sidant  ou travaillant\nr\u00e9servation  \u00e0dans  le p\u00e9rim\u00e9tre)Non\npr\u00e9senter  lors  du\ncontr\u00f4le  d'acc\u00e8s\nNon,  sauf\nimpossibilit\u00e9  totale  de : Vasre  Non,  sauf impossibilit\u00e9  totale  de\nd\u00e9viation,  avec  . '\n, : .. |d\u00e9viation,  avec  d\u00e9rogation  accord\u00e9e  parTransports  publics  (bus  RATP)  d\u00e9rogation  accord\u00e9e  Non\nle PP (sous  r\u00e9serve  des  \u00e9changes  en\npar  le PP {sous  r\u00e9serve\ncours  avec  les transporteurs)des  \u00e9changes  en cours\navec  les transporteurs)\nBus  devant  partir  ou rentrer  aux centres  de d\u00e9p\u00f4t  des  bus  de transport\" | public \u00b0 \u00e9s Qui Non concern\u00e9  Non concern\u00e9\n{ '\nCars  routiers  / Autocars  de tourisme  Non  Non  Non\nOui  pour  les PMR  dont  le domicile  ou\nV\u00e9hicules  assurant  le transport  de personnes  en situation  de handicap  Ovi  l'activit\u00e9  professionnelle  se situe  dans  le | Non,  sauf  PMR  r\u00e9sidant  dans  le SILT\nSILT\n. Oui  pour  les PMR  dont  le domicile  ou\nV\u00e9hicules  utilis\u00e9s  par les personnes  handicap\u00e9es  avec  justificatif  (hors  ! -. | P P : F \u2014  Oui activit\u00e9  professionnelle  se situe  dans  te | Non,  sauf PMR r\u00e9sidant  dans  le SILT\ntaxi/VTC  agr\u00e9\u00e9s  PMR)\nSILT\nV\u00e9hicules  des  Auto  \u00e9coles  Non  Non  Non\nQui,  uniquement  pour\nV\u00e9hicules  Ges Auto  \u00e9coles  pour  une  activit\u00e9  hors  zone  rouge  et bleu,  mats  quitter  le parking\nayant  un parking  dans  ces  zones  sans  exercice  de la profession  dans  la avant  activit\u00e9  et y Non  Non\nzone  rouge  revenir  en fin\nd'activit\u00e9 \n30 \n\nP\u00e9rim\u00e8tres\nAcc\u00e8s  au p\u00e9rim\u00e8tre\nd'interdiction  de la\ncirculation\nmotoris\u00e9e(rouge)Acc\u00e8s  motoris\u00e9  au p\u00e9rim\u00e8tre\nSILT  J-X CER?\nNB  1: Hormis  pour  les spectateurs  et\naccr\u00e9dit\u00e9s,  QR code  obligatoire  pour  toute\nentr\u00e9e  dans  ce p\u00e9rim\u00e8tre,  y compris  enTout  acc\u00e9s  (motoris\u00e9  et non\nmotoris\u00e9)  au p\u00e9rim\u00e8tre  SILT  le\n26/07  \u00e0 partir  de 13h00\n\u00e0 urgence,  y compris  pi\u00e9tons  (sauf  NE  : Hormis  pour  let  spectateurs  et\nautorisation  expresse  d\u00e9livr\u00e9e  en conduite  i NB: l'acc\u00e8s  en tone  sn  accr\u00e9dit\u00e9s,  QR code  obligatoire  pour\nen CERI  J-X et op\u00e9rartionnelle)  toute  entr\u00e9e  dans  ce p\u00e9rim\u00e8tre,  y\nCER jour} n'est pas ' re  y pris ( zr \u00b0 NB  2 : quand  il est interdit  en VL, l'occ\u00e8s  & | (sauf  autorisation  expresse  d\u00e9livr\u00e9e  enCat\u00e9gories  des  usagers  soumis  \u00e0 QR Code pied reste possible  pour les cat\u00e9gories  conduite  op\u00e9rartionnelle)\nd'usagers  ci-dessous  sur QR Code  ou\naccr\u00e9ditation\nOui,  uniquement  pour\nquitter  le parking  en\n& Soci\u00e9t\u00e9s  de location  de v\u00e9hicules  disposant  de parking  dans  ces  zones  d\u00e9but  de location  et  y Non  Non\nrevenir  en fin\nd'activit\u00e9\nV\u00e9hicules  des  acteurs  de la logistique\nV\u00e9hicules  de  livraisons  n\u00e9cessaires  pour  le r\u00e9aporovisonnement  -29 : \u00ab FE PP Qui Oui Nond'\u00e9tablissements  d'activit\u00e9  professionnelle  (commerciaux,  m\u00e9dicaux,  etc.)\n30 V\u00e9hicules  de transport  de fonds  ou de valeurs  Qui  Oui  Non\na | V\u00e9hicules  de transport  de mati\u00e8res  dangereuses  Non  Non  Non\nV\u00e9hicules  de  transport  de  mati\u00e8res  dangereuses  de  premi\u00e8re  n\u00e9cessit\u00e9\n32 (O2,  CO2,  Azote  hquide,  ac\u00e9tyl\u00e8ne,  ..) \u00e0 livrer  sur site  Ov \u00e0 \u00e9vacuer  du site  Oui  Qui  Non\nsans  urgence\nV\u00e9hicules  assurant  le transport  de mati\u00e8res  dangereuses  de premier  e\n33 n\u00e9cessit\u00e9  (O2,  CO2,  azote  liquide,  ac\u00e9tyi\u00e9ne,  ...) \u00e0 livrer  sur site  ou \u00e0 Out  Ovi  Oui,  sur  autorisation  expresse\n1 \u00e9vacuer  du site  en urgence\n34 V\u00e9hicules  pour  l'approvisionnement  des  march\u00e9s  Oui  Non  Non\nas | V\u00e9hicules  d'exposants  (puces,  brocantes}  Non  Non  Non\n36 V\u00e9hicules  de d\u00e9m\u00e9nagement  si le d\u00e9m\u00e9nagement  ne peut  \u00eatre  report\u00e9  Oui  Non  Non \n31 \n\nP\u00e9rim\u00e8t  Acc\u00e8s  motoris\u00e9  au p\u00e9rim\u00e8tre\nerimetres  SILT  J-X CER1\nAcc\u00e9s  au p\u00e9rim\u00e9tre  Tout  acc\u00e8s  (motoris\u00e9  et non\nd'interdiction  de la NB  1: Hormis  pour  les spectateurs  et\ncirculation  sccr\u00e9dit\u00e9s,  QR code  obligatoire  pour  toute\nmotoris\u00e9e(rouge)motoris\u00e9)  au p\u00e9rim\u00e8tre  SILT  le\n26/07  \u00e0 partir  de 13h00\nentr\u00e9e  dans  ce p\u00e9rim\u00e9tre,  y compris  an\nurgence,  y compris  pi\u00e9tons  (sauf  NS : Hormis  pour  les spectateurs  et\nM:  bocnisen  sons  avtorisation  expresse  d\u00e9livr\u00e9e  an conduite\nrouge  en CERT  }-X et\nCER  Jour}  n'est  pas: e NB 2 : if est interdit  en VL, l'accks  & | (sauf  sutorisation  d\u00e9livr\u00e9eCat\u00e9gories  des usagers  soumis  \u00e0 Qu Code [PS  RE peur fer colon des dires  =\nd'usagers  ci-dessous  sur  QR Code  ou\n37V\u00e9hicules  pour  le transport  d'\u0153uvres  d'art  pour  mus\u00e9es Qui  au cas  par  cas Non  (sauf  exception  d\u00e9ment  justifi\u00e9e)  Non\nV\u00e9hicules  li\u00e9s  aux  travaux\nNon,  sauf  travaux\nd\u00fbment  autoris\u00e9s\n34 V\u00e9hicules  de livraisons  chantier  entit\u00e9s  publiques  durant  la p\u00e9riode,  en Non  Non\napplication  de la\ndoctrine\nNon,  sauf  travaux\nd\u00fbment  autoris\u00e9s\n39 V\u00e9hicules  de livraison  chantier  particuliers  durant  la p\u00e9riode,  en Non  Non\napplication  de la\ndoctrine\nV\u00e9hicules  des  riverains\nV\u00e9hicules  des  personnes  disposant  d'un  abonnement  dans  un parking  :40 public  P 8 Oui Oui pour  les abonnements  longue  dur\u00e9e  Non\n4) V\u00e9hicules  des  personnes  ayant  un parking  priv\u00e9  dans  le p\u00e9rim\u00e8tre  Oui  Oui  Non\nV\u00e9hicules  des  r\u00e9sidents  justifiant  d'un  abonnement  r\u00e9sidentiel  dans  la :, Oui  Non  Non\nzone  concern\u00e9e\nV\u00e9hicules  des  personnes  travaillant  dans  la zone  / Personnel  des  sites  de\ncomp\u00e9tition/  agents  ville  / accr\u00e9dit\u00e9s\nV\u00e9hicules  des  personnes  exer\u00e7ant  leur  activit\u00e9  dans  le secteur  et ne Oui  Oui\npouvant  se d\u00e9placer  autrement  qu'en  v\u00e9hicule  (disposant  d'un  parking)Non\nPape  5 \n32 \n\nP\u00e9rim\u00e8tresAcc\u00e8s  motoris\u00e9  au p\u00e9rim\u00e8tre\nSILT  J-X CER1\nTout  acc\u00e9s  (motoris\u00e9  et nonAcc\u00e8s  au p\u00e9rim\u00e8tre\n| d'interdiction  de la | NB 1: Hormis  pour les spectateurs  et motoris\u00e9)  au p\u00e9rim\u00e8tre  SILT  le\ncirculation  accr\u00e9dit\u00e9s,  QR code  obligatoire  pour toute  26/07  \u00e0 partir  de 13h00\n: entr\u00e9e  dans  ce p\u00e9rim\u00e8tre,  y compris  enmotoris\u00e9e(rouge)  ere# urgence,  y compris  pi\u00e9tons  (sauf  NB:  Hormis  pour les spectateurs  et\nautorisation  expresse  d\u00e9livr\u00e9e  en conduite  cr\u00e9di  : HNE : l'acc\u00e8s  en zone sccr\u00e9dit\u00e9s,  QR code obligatoire  pour\nrouge  en CERI j-X et p\u00e9rartionnalle)  soute  entr\u00e9e  dans ce p\u00e9rim\u00e8tre  y\nCER jour] n'est par . $ ae  *} (apn., \u00b0 NB 2 : quand  il est interdit  en VL, 'acces  \u00e0 | (sauf  autorisation  expresse  d\u00e9livr\u00e9e  anCat\u00e9gories  des  usagers  soumis  \u00e0 QR Code pied reste possible  pour tes cat\u00e9gories  conduite  op\u00e9rartionnelle)\nd'usagers  ci-dessous  sur QR  Code  ov\naccr\u00e9ditation\na V\u00e9hicules  de personnels  de services  publics,  dont  la prise  de service  est  Ovi  Non  Non\nsituee  en  zone  rouge\n45 V\u00e9hicules  affect\u00e9s  \u00e0 un servic  crie  cadre  d'une  mission  justifi\u00e9e  Oui Non, sauf v\u00e9hicule  VAPP  Non, sauf v\u00e9hicule  VAPP\n46 V\u00e9hicules  des  professionnels  juridiques  r\u00e9glement\u00e9s  (huissiers,  avocats...)  Oui  Non  Non\n47 V\u00e9hicules  des  agents  immobiliers  Non  Non  Non\n. Non  {demeure  possible  & pied si48 V\u00e9hicule  des op\u00e9rateurs  de r\u00e9seaux  (t\u00e9l\u00e9communication,  \u00e9nergie,  OlV...)  Qui Non, sauf urgence  Seeder  be cepa\n19 V\u00e9hicules  assurant  le ramassage  des  ordures  Ovi  Oui  sur  mission  programm\u00e9e  Oui  sur  mission  programm\u00e9e\nsc V\u00e9hicules  assurant  le nettoyage  des  rues  Oui  Oui  sur  mission  programm\u00e9e  Qui  sur  mission  programm\u00e9e\n51 V\u00e9hicules  du personnel  travaillant  sur les sites olympiques  Non ve  Non, sauf v\u00e9hicule  VAPP  Non\n62 V\u00e9hicules  des  personnes  exer\u00e7ant  leur  activit\u00e9  dans  le secteur  et qui  Non  Non  Non\nn'entrent  dans  aucune  autre  categore\nAcc\u00e8s  aux  \u00e9tablissements  accueillant  du public \n33 \n\nCat\u00e9gories  des  usagers\nvole  publique\nV\u00e9hicules  des  visiteurs  de lieux  recevant  du public  (mus\u00e9es,  \u00e9coles,  etc.)V\u00e9hicules  de r\u00e9sidents  dans  des  h\u00f4tels  disposant  de parking  situ\u00e9  hors\nV\u00e9hicules  pour  se rendre  a un EHPAD  (visite  des  proches)  - pour  visiteur\nvuln\u00e9rable  uniquement\nV\u00e9hicules  des  maraudes\nVL Accr\u00e9dit\u00e9s  /VIP\nV\u00e9hicules  des  Athl\u00e8tes,  journalistes  accr\u00e9dit\u00e9s,  Paris  2024\nV\u00e9hicules  des  journalistes  non  accr\u00e9dit\u00e9s\nV\u00e9hicules  du public  des  maisons  des  Comit\u00e9s  nationaux  olympiquesRARE  Acc\u00e8s  motoris\u00e9  au p\u00e9rim\u00e8tre\nPerimetres  SILT J-X CER  1\nAcc\u00e8s  au p\u00e9rim\u00e8tre  Tout  acc\u00e8s  (motoris\u00e9  et non\n| d'interdiction  dela  | MEd:  Homes  pour  les spectateurs  et motoris\u00e9)  au p\u00e9rim\u00e8tre  SILT  le\ncirculation  accr\u00e9dit\u00e9s,  QR code  obligatoire  pour  toute  26/07  \u00e0 partir  de 13h00\nmotoris\u00e9e(rouge  entr\u00e9e  dans  ce p\u00e9rim\u00e8tre,  y compris  enge) urgence,  y compris  pi\u00e9tons (sauf NB : Hormis pour les spectateurs  et\ndus: Velen  annie  autorisation  expresse  d\u00e9livr\u00e9e  en conduite  | accr\u00e9dit\u00e9s,  QR code  obligatoire  pour\nrouge  en CERT j-X et oP onnene)  toute entr\u00e9e  dans ce p\u00e9rim\u00e8tre,  y\nCER Jour} n'est pas | . ' CORRES  GELUTRENER,  \u00a5 CONNIE  ReSSOnNB2  : quand  il est interdit  en VL, l'acc\u00e8s  \u00e0 | (sauf  autorisation  expresse  d\u00e9livr\u00e9e  an\nsoumis  \u00e0 QR Code  pied reste possible  pour les cat\u00e9gories  conduite  op\u00e9rartionnelle)\nd'usagers  ci-dessous  sur QR Code  ou\naccr\u00e9ditation\nQui  Oui  Non\nNon,  sauf  PMR  Non,  sauf  PMR  Non\n| Non  sauf  parking  situ\u00e9  Non,  sauf  parking  situ\u00e9  hors  voie\n: - > Nonhors  voie  publique  publique\nQui Non  Non\nOvi,  si VAPP  Oui,  si VAPP  Oui  si VAPP,  sur axes  valid\u00e9s\nNon  Non  Non\nNon sauf PMR se Non, sauf PMR ou parking  Non, sauf PMR\nparking \n34  \n \n\nPREFECTURE\nDE POLICE\nLibert\u00e9\n\u00c9galit\u00e9\nFraternit\u00e9CABINET  DU  PREFET\nArr\u00e9t\u00e9  n\u00b02024-00719\nautorisant  la captation,  'enregistrement  et la transmission  d'images  au moyen  de cam\u00e9ras\ninstall\u00e9es  sur des  a\u00e9ronefs  \u00e0 l'occasion  d'une  manifestation  dans  les Hauts  de Seine  (92)\nLe pr\u00e9fet  de police,\nVu le code  de la s\u00e9curit\u00e9  int\u00e9rieure,  notamment  ses articles  L. 242-1  \u00e0 L. 242-8  et R. 242-\n8 aR.  242-14;\nVu le d\u00e9cret  n\u00b0 2004-374  modifi\u00e9  du 29 avril  2004  relatif  aux  pouvoirs  des  pr\u00e9fets,  &\nl'organisation  et \u00e0 l'action  des  services  de l'Etat  dans  les r\u00e9gions  et d\u00e9partements,  notamment\nson  article  73;\nVu le d\u00e9cret  du 20 juillet  2022  par  lequel  M. Laurent  NUNEZ,  pr\u00e9fet,  coordonnateur\nnational  du renseignement  et de la lutte  contre  le terrorisme,  est nomm\u00e9  pr\u00e9fet  de police  (hors\nclasse)  ;\nVu Varr\u00e9t\u00e9  du 19 avril  2023  relatif  au nombre  maximal  de cam\u00e9ras  install\u00e9es  sur des\na\u00e9ronefs  pouvant  \u00eatre  simultan\u00e9ment  utilis\u00e9es  dans  chaque  d\u00e9partement  et collectivit\u00e9\nd'outre-mer  ;\nVu l'instruction  minist\u00e9rielle  NOR  IOMD2311883]  du 30 avril  2023  relative  \u00e0 la proc\u00e9dure\nd'autorisation  des  cam\u00e9ras  install\u00e9es  sur des  a\u00e9ronefs  pour  des  missions  de police\nadministrative  ;\nVu la demande  en date  du 30 mai  2024  form\u00e9e  par  la direction  de l'ordre  public  et de la\ncirculation  visant  \u00e0 obtenir  l'autorisation  de capter,  d'enregistrer  et de transmettre  des  images\nau moyen.  de deux  cam\u00e9ras  install\u00e9es  sur des  a\u00e9ronefs  t\u00e9l\u00e9-pilot\u00e9s  afin  d'assurer  la pr\u00e9vention\ndes  atteintes  \u00e0 la s\u00e9curit\u00e9  des  personnes  et des  biens,  la s\u00e9curit\u00e9  des  rassemblements  et la\npr\u00e9vention  d'actes  de terrorisme  dans  plusieurs  communes  des  Hauts-de-Seine  \u00e0 l'occasion\nd'une  manifestation  de voie  publique  le 30 mai  2024  ;\nConsid\u00e9rant  que  les dispositions  du | de l'article  L. 242-5  du code  de la s\u00e9curit\u00e9  int\u00e9rieure\npermettent  aux  forces  de s\u00e9curit\u00e9  int\u00e9rieure,  dans  l'exercice  de leurs  missions  de pr\u00e9vention\ndes  atteintes  \u00e0 l'ordre  public  et de protection  de la s\u00e9curit\u00e9  des  personnes  et des  biens,  de\nproc\u00e9der  \u00e0 la captation,  \u00e0 l'enregistrement  et \u00e0 la transmission  d'images  au moyen  de cam\u00e9ras\ninstall\u00e9es  sur des  a\u00e9ronefs  aux  fins  d'assurer  ia pr\u00e9vention  des  atteintes  \u00e0 la s\u00e9curit\u00e9  des\npersonnes  et des  biens,  la s\u00e9curit\u00e9  des  rassemblements  de personnes  sur  la voie  publique  ainsi\nque  l'appui  des  personnels  au sol,  en vue  de leur  permettre  de maintenir  ou de r\u00e9tablir  l'\u00e9rdre\npublic  lorsque  ces  rassemblements  sont  susceptibles  d'entra\u00eener  des  troubles  graves  \u00e0 l'ordre\npublic  et ia pr\u00e9vention  d'actes  de terrorisme  ;\nConsid\u00e9rant  l'organisation  d'une  manifestation  en soutien  au peuple  palestinien  \u00e0\nl'occasion  d'une  interview  annonc\u00e9e  dans  le journal  de 20 heures  de TF1 ce jeudi  30 mai  2024\ndu Premier  ministre  isra\u00e9lien  ; qu'eu  \u00e9gard  au contexte  tendu  au Proche-Orient  alors  qu'une\nop\u00e9ration  isra\u00e9lienne  se poursuit  \u00e0 Rafah,  il convient  de pr\u00e9venir  les troubles  \u00e9ventuels  \u00e0 l'ordre\npublic  \u00e0 l'occasion  de cette  manifestation  ;\n\nConsid\u00e9rant  par  ailleurs,  que  la menace  terroriste  sollicite  \u00e0 un niveau  \u00e9lev\u00e9  les forces  de\ns\u00e9curit\u00e9  int\u00e9rieure  dans  le cadre  du pian  VIGIPIRATE  \u00ab urgence  attentat\u00bb  en vigueur  sur\nl'ensemble  du territoire  national  depuis  le 24 mars  2024;\nConsid\u00e9rant  que  le recours  \u00e0 des  cam\u00e9ras  a\u00e9roport\u00e9es  permet  de disposer  d'une  vision\nen grand  angle  tout  en limitant  l'engagement  des  forces  au sol  ; qu'il  n'existe  pas  de dispositif\nmoins  intrusif  permettant  de parvenir  aux  m\u00eames  fins  :\nConsid\u00e9rant  que  la demande  de la direction  de l'ordre  public  et de la circulation  porte\nsur l'engagement  de deux  cam\u00e9ras  a\u00e9roport\u00e9es  qui pourront  \u00eatre  en vol simultan\u00e9ment  en vue\nde capter,  d'enregistrer  et de transmettre  des  images  ; que  les aires  survol\u00e9es  sont  strictement\nlimit\u00e9es  aux  zones  o\u00f9 des  troubles  \u00e0 l'ordre  public  sont  susceptibles  de se produire  ; que  la dur\u00e9e\nde l'autorisation  demand\u00e9e  n'appara\u00eet  pas  disproportionn\u00e9e  au regard  des  finalit\u00e9s  poursuivies  ;\nSur  proposition  de la direction  de l'ordre  public  et de la circulation,\nARRETE:\nArticle  1* - La captation,  l'enregistrement  et la transmission  d'images  par la direction  de l'ordre\npublic  et de la circulation  sont  autoris\u00e9s  dans  les Hauts-de-Seine  \u00e0 l'occasion  d'une\nmanifestation  de voie  publique  aux  titres  de :\n- la pr\u00e9vention  des  atteintes  \u00e0 la s\u00e9curit\u00e9  des  personnes  et des  biens  ;\n- la s\u00e9curit\u00e9  des  rassemblements  ;\n- la pr\u00e9vention  d'actes  de terrorisme.\nArticle  2 - Le nombre  maximal  de cam\u00e9ras  pouvant  proc\u00e9der  simultan\u00e9ment  \u00e0 des\nenregistrements  est fix\u00e9  \u00e0 2 cam\u00e9ras  embarqu\u00e9es  sur des  a\u00e9ronefs  t\u00e9l\u00e9-pilot\u00e9s.\nArticle  3 - La pr\u00e9sente  autorisation  s'applique  aux  communes  de Boulogne-Billancourt,  d'Issy-\nles-Moulineaux  et de Vanves.\nArticle  4 - La pr\u00e9sente  autorisation  est d\u00e9livr\u00e9e  du jeudi  30 mai  2024  \u00e0 19h00  au vendredi  31 mai\n2024  \u00e0 02h00  pour  l'ensemble  des  finalit\u00e9s  pr\u00e9cit\u00e9es.\nArticle  5 \u2014 L'information  du public  est assur\u00e9e  par  la publication  de l'arr\u00eat\u00e9  aux  recueilx  des\nactes  administratifs  du d\u00e9partement  de Paris  et de la pr\u00e9fecture  des  Hauts-de-Seine,  sa mise  en\nligne  sur le site  internet  de la pr\u00e9fecture  de police  ainsi  que  par  une  information  sur les r\u00e9seaux\nsociaux.\nArticle  6 \u2014 Le registre  mentionn\u00e9  \u00e0 l'article  L. 242-4  du code  de la s\u00e9curit\u00e9  int\u00e9rieure  est transmis\nau pr\u00e9fet  de police,  \u00e0 l'issue  de la p\u00e9riode  d'autorisation.\nArticle  7 - Le pr\u00e9fet  des  Hauts-de-Seine,  la pr\u00e9f\u00e8te,  directrice  du cabinet  du pr\u00e9fet  de police  et le\ndirecteur  de l'ordre  public  et de la circulation  sont  charg\u00e9s,  chacun  en ce qui le concerne,  de l'ex\u00e9cution\ndu pr\u00e9sent  arr\u00eat\u00e9  qui entrera  en vigueur  d\u00e8s  son  affichage  aux  portes  de la pr\u00e9fecture  de police,  sera\npubli\u00e9  aux  recueil  des  actes  administratifs  du d\u00e9partement  de Paris  et de la pr\u00e9fecture  des  Hauts-de-\nSeine,  et . consultable  sur le site  internet  de la pr\u00e9fecture  de police\n(https:/Awww.prefecturedepolice.interieur.gouv.fr).\nFait  \u00e0 Paris,  le 30 mai  2024\nLe pr\u00e9fet  de police\nlise LAVIELLE,ta Zous-pr\u00e9fete  ee2024-00718  directrice  adjointe  du cabinet  2\n\nAnnexe  de f'arr\u00eat\u00e9  n\u00b02024-00719  du 30 mai  2024\nVOIES  ET DELAIS  DE RECOURS\nSi vous  estimez  devoir  contester  la pr\u00e9sente  autorisation,  ii vous  est possible,  dans  un d\u00e9iai\nde deux  mois  \u00e0 compter  de la date  de son  affichage  ou de sa publication  :\n- soit  de saisir  d'un  RECOURS  GRACIEUX\nle Pr\u00e9fet  de Police\n71/9,  boulevard  du Palais  - 75195  PARIS  RP\n- ou de former  un RECOURS  HIERARCHIQUE\naupr\u00e8s  du Ministre  de l'int\u00e9rieur  et des  outre-mer\nDirection  des  libert\u00e9s  publiques  et des  affaires  juridiques\nplace  Beauvau  - 75008  PARIS\n- soit  de saisir  d'un  RECOURS  CONTENTIEUX\nle Tribunal  administratif  comp\u00e9tent\nAucune  de ces  voies  et recours  ne suspend  l'application  de ia pr\u00e9sente  d\u00e9cision.\nLes  recours  GRACIEUX  et HIERARCHIQUE  doivent  \u00eatre  \u00e9crits,  exposer  les arguments  ou\nfaits  nouveaux  et comprendre  la copie  de la d\u00e9cision  contest\u00e9e.\nLe recours  contentieux,  qui  vise  \u00e0 contester  la LEGALITE  de la pr\u00e9sente  d\u00e9cision,  doit\n\u00e9galement  \u00eatre  \u00e9crit  et exposer  votre  argumentation  juridique.\nSi vous  n'aviez  pas  de r\u00e9ponse  \u00e0 votre  recours  GRACIEUX  ou HIERARCHIQUE  dans  un d\u00e9lai\nde deux  mois  \u00e0 compter  de la r\u00e9ception  de votre  recours  par l'administration,  votre\ndemande  devra  \u00eatre  consid\u00e9r\u00e9e  comme  rejet\u00e9e  (d\u00e9cision  implicite  de rejet).\nEn cas  de rejet  des  RECOURS  GRACIEUX  ou HIERARCHIQUE,  le Tribunal  administratif  peut\n\u00eatre  saisi  d'un  recours  contentieux  dans  le d\u00e9lai  de deux  mois  \u00e0 compter  de la date  de la\nd\u00e9cision  de rejet.\n2024-00719  3\n\nEs  CABINET  DU PREFET\nPREFECTURE  aP\nDE POLICE  a\nLibert\u00e9\n\u00c9galit\u00e9\nFraternit\u00e9\nArr\u00eat\u00e9n\u00ae  2024-06806\nautorisant  la captation,  l'enregistrement  et la transmission  d'images  au moyen  de cam\u00e9ras\ninstall\u00e9es  sur  des  a\u00e9ronefs  \u00e0 l'occasion  d'un  exercice  de s\u00e9curisation  de la c\u00e9r\u00e9monie\nd'ouverture  des  Jeux  Olympiques  \u00e0 Paris  et dans  les d\u00e9partements  des  Hauts-de-Seine  et du\nVal-de-Marne  le lundi  17 juin  2024\nLe pr\u00e9fet  de police,\nVu le code  de la s\u00e9curit\u00e9  int\u00e9rieure,  notamment  ses  articles  L. 242-1  \u00e0 L. 242-8  et R. 242-\n8\u00e0R.242-14;\nVu le d\u00e9cret  n\u00b0 2004-374  modifi\u00e9  du 29 avril  2004  relatif  aux  pouvoirs  des  pr\u00e9fets,  \u00e0\nl'organisation  et \u00e0 l'action  des  services  de l'Etat  dans  les r\u00e9gions  et d\u00e9partements,  notamment\nses articles  72 et 73;\nVu le d\u00e9cret  du 20 juillet  2022  par  lequel  M. Laurent  NUNEZ,  pr\u00e9fet,  coordonnateur\nnational  du renseignement  et de la lutte  contre  le terrorisme,  est  nomm\u00e9  pr\u00e9fet  de police  (hors\nclasse);\nVu l'arr\u00eat\u00e9  du 19 avril  2023  relatif  au nombre  maximal  de cam\u00e9ras  install\u00e9es  sur des\na\u00e9ronefs  pouvant  \u00eatre  simultan\u00e9ment  utilis\u00e9es  dans  chaque  d\u00e9partement  et collectivit\u00e9\nd'outre-mer  ;\nVu l'instruction  minist\u00e9rielle  NOR  IOMD2311883]  du 30 avril  2023  relative  \u00e0 la proc\u00e9dure\nd'autorisation  des  cam\u00e9ras  install\u00e9es  sur des  a\u00e9ronefs  pour  des  missions  de police\nadministrative  ;\nVu la demande  en date  du 13 juin  2024  form\u00e9e  par  la direction  de l'ordre  public  et de la\ncirculation  visant  \u00e0 obtenir  l'autorisation  de capter,  d'enregistrer  et de transmettre  des  images\nau moyen  de deux  cam\u00e9ras  install\u00e9es  sur  des  a\u00e9ronefs  t\u00e9l\u00e9-pilot\u00e9s  afin  d'assurer  la pr\u00e9vention\ndes  atteintes  \u00e0 la s\u00e9curit\u00e9  des  personnes  et des  biens,  la s\u00e9curit\u00e9  des  rassemblements,  la\npr\u00e9vention  d'actes  de terrorisme  et la r\u00e9gulation  des  flux  de transport  le lundi  17 juin  2024  \u00e0\nl'occasion  d'un  exercice  de s\u00e9curisation  de la c\u00e9r\u00e9monie  d'ouverture  des  Jeux  Olympiques  sur\nla Seine  ;\nConsid\u00e9rant  que  les dispositions  du | de l'article  L. 242-5  du code  de la s\u00e9curit\u00e9  int\u00e9rieure\npermettent  aux  forces  de s\u00e9curit\u00e9  int\u00e9rieure,  dans  l'exercice  de leurs  missions  de pr\u00e9vention\ndes  atteintes  \u00e0 l'ordre  public  et de protection  de la s\u00e9curit\u00e9  des  personnes  et des  biens,  de\nproc\u00e9der  \u00e0 la captation,  \u00e0 l'enregistrement  et \u00e0 la transmission  d'images  au moyen  de cam\u00e9ras\ninstall\u00e9es  sur  des  a\u00e9ronefs  aux  fins  d'assurer  la pr\u00e9vention  des  atteintes  \u00e0 la s\u00e9curit\u00e9  des\npersonnes  et des  biens,  la s\u00e9curit\u00e9  des  rassemblements  de personnes  sur la voie  publique  ainsi\nque  l'appui  des  personnels  au sol,  en vue  de leur  permettre  de maintenir  ou de r\u00e9tablir  l'ordre\npublic  lorsque  ces  rassemblements  sont  susceptibles  d'entra\u00eener  des  troubles  graves  \u00e0 l'ordre\npublic,  la pr\u00e9vention  d'actes  de terrorisme  et la r\u00e9gulation  des  flux  de transport  ;\n\nConsid\u00e9rant  que  se tiendra  le lundi  17 juin  2024  un exercice  pour  la s\u00e9curisation  de la\nc\u00e9r\u00e9monie  d'ouverture  des  Jeux  Olympiques  sur toute  la longueur  du parcours  pr\u00e9vu  sur la\nSeine  ; qu' il convient  de pr\u00e9venir  les troubles  \u00e9ventuels  \u00e0 l'ordre  public  \u00e0 l'occasion  de ce test;\nConsid\u00e9rant  par ailleurs,  que  la menace  terroriste  sollicite  \u00e0 un niveau  \u00e9lev\u00e9  les forces  de\ns\u00e9curit\u00e9  int\u00e9rieure  dans  le cadre  du plan  VIGIPIRATE  \u00ab urgence  attentat\u00bb  en vigueur  sur\nl'ensemble  du territoire  national  depuis  le 24 mars  2024  ;\nConsid\u00e9rant  que  le recours  \u00e0 des  cam\u00e9ras  a\u00e9roport\u00e9es  permet  de disposer  d'une  vision\nen grand  angle  tout  en limitant  l'engagement  des  forces  au sol;  qu'il  n'existe  pas  de dispositif\nmoins  intrusif  permettant  de parvenir  aux  m\u00eames  fins  ;\nConsid\u00e9rant  que  la demande  de la direction  de l'ordre  public  et de la circulation  porte\nsur l'engagement  de deux  cam\u00e9ras  a\u00e9roport\u00e9es  qui pourront  \u00eatre  en vol simultan\u00e9ment  en vue\nde capter,  d'enregistrer  et de transmettre  des  images  ; que  les aires  survol\u00e9es  sont  strictement\nlimit\u00e9es  aux  zones  o\u00f9 des  troubles  \u00e0 l'ordre  public  sont  susceptibles  de se produire  ; que  la dur\u00e9e\nde l'autorisation  demand\u00e9e  n'appara\u00eet  pas  disproportionn\u00e9e  au regard  des  finalit\u00e9s  poursuivies  ;\nSur proposition  de la direction  de l'ordre  public  et de la circulation,\nARRETE  :\nArticle  1\u00b0 - La captation,  l'enregistrement  et la transmission  d'images  par  la direction  de l'ordre\npublic  et de la circulation  sont  autoris\u00e9s  \u00e0 Paris  \u00e0 l'occasion  d'un  exercice  de s\u00e9curisation  de la\nc\u00e9r\u00e9monie  d'ouverture  des  Jeux  Olympiques  aux  titres  de :\n- la pr\u00e9vention  des  atteintes  \u00e0 la s\u00e9curit\u00e9  des  personnes  et des  biens  ;\nla s\u00e9curit\u00e9  des  rassemblements  ;\nla pr\u00e9vention  d'actes  de terrorisme  ;\nla r\u00e9gulation  des  flux  de transports.\nArticle  2 - Le nombre  maximal  de cam\u00e9ras  pouvant  proc\u00e9der  simultan\u00e9ment  \u00e0 des\nenregistrements  est fix\u00e9  \u00e0 2 cam\u00e9ras  embarqu\u00e9es  sur des  a\u00e9ronefs  t\u00e9l\u00e9-pilot\u00e9s.\nArticle  3 - La pr\u00e9sente  autorisation  s'applique  au p\u00e9rim\u00e8tre  g\u00e9ographique  figurant  sur le plan\nen annexe  au pr\u00e9sent  arr\u00eat\u00e9.\nArticle  4 - La pr\u00e9sente  autorisation  est d\u00e9livr\u00e9e  le lundi  17 juin  2024  de 05h00  \u00e0 13h00  pour\nl'ensemble  des  finalit\u00e9s  pr\u00e9cit\u00e9es.\nArticle  5 - L'information  du public  est assur\u00e9e  par  la publication  de l'arr\u00eat\u00e9  aux  recueils  des\nactes  administratifs  du d\u00e9partement  de Paris,  des  Hauts-de-Seine  et du Val-de-Marne,  sa mise\nen ligne  sur le site  internet  de la pr\u00e9fecture  de police  ainsi  que  par  une  information  sur les\nr\u00e9seaux  sociaux.\nArticle  6 - Le registre  mentionn\u00e9  \u00e0 l'article  L. 242-4  du code  de la s\u00e9curit\u00e9  int\u00e9rieure  est transmis\nau pr\u00e9fet  de police,  \u00e0 l'issue  de la p\u00e9riode  d'autorisation.\nArticle  7 \u2014 Le pr\u00e9fet  des  Hauts-de-Seine,  la pr\u00e9f\u00e8te  du Val-de-Marne,  la pr\u00e9f\u00e8te,  directrice  du cabinet\ndu pr\u00e9fet  de police  et le directeur  de l'ordre  public  et de la circulation  sont  charg\u00e9s,  chacun  en ce qui le\nconcerne,  de l'ex\u00e9cution  du pr\u00e9sent  arr\u00eat\u00e9  qui entrera  en vigueur  d\u00e8s son  affichage  aux  portes  de la\n\npr\u00e9fecture  de police,  sera  publi\u00e9  aux  recueils  des  actes  administratifs  des  d\u00e9partements  de Paris,  des\nHauts-de-Seine  et du Val-de-Marne  et consultable  sur le site  internet  de la pr\u00e9fecture  de police\n(https://www.prefecturedepolice.interieur.gouv.fr).\nFait  a Paris,  le1 5 JUIN 2024\n|! Laurent  NUNEZ\nLa pr\u00e9f\u00e8t  du cabinet\nagali  CHARBONNEAU\n2024-00806\n\nAnnexe  de l'arr\u00eat\u00e9  n\u00b0 2024-00806  du 15 JUIN 2024\nVOIES  ET DELAIS  DE RECOURS\nSi vous  estimez  devoir  contester  la pr\u00e9sente  autorisation,  il vous  est possible,  dans  un d\u00e9lai\nde deux  mois  \u00e0 compter  de la date  de son  affichage  ou de sa publication  :\n- soit  de saisir  d'un  RECOURS  GRACIEUX\nle Pr\u00e9fet  de Police\n719,  boulevard  du Palais  - 75195  PARIS  RP\n- ou de former  un RECOURS  HIERARCHIQUE\naupr\u00e8s  du Ministre  de l'int\u00e9rieur  et des  outre-mer\nDirection  des  libert\u00e9s  publiques  et des  affaires  juridiques\nplace  Beauvau  - 75008  PARIS\n- soit  de saisir  d'un  RECOURS  CONTENTIEUX\nle Tribunal  administratif  comp\u00e9tent\nAucune  de ces  voies  et recours  ne suspend  l'application  de la pr\u00e9sente  d\u00e9cision.\nLes  recours  GRACIEUX  et HIERARCHIQUE  doivent  \u00eatre  \u00e9crits,  exposer  les arguments  ou\nfaits  nouveaux  et comprendre  la copie  de la d\u00e9cision  contest\u00e9e.\nLe recours  contentieux,  qui  vise  \u00e0 contester  la LEGALITE  de la pr\u00e9sente  d\u00e9cision,  doit\n\u00e9galement  \u00eatre  \u00e9crit  et exposer  votre  argumentation  juridique.\nSi vous  n'aviez  pas  de r\u00e9ponse  \u00e0 votre  recours  GRACIEUX  o\u00f9 HIERARCHIQUE  dans  un d\u00e9lai\nde deux  mois  \u00e0 compter  de la r\u00e9ception  de votre  recours  par  l'administration,  votre\ndemande  devra  \u00eatre  consid\u00e9r\u00e9e  comme  rejet\u00e9e  (d\u00e9cision  implicite  de rejet).\nEn cas  de rejet  des  RECOURS  GRACIEUX  ou HIERARCHIQUE,  le Tribunal  administratif  peut\n\u00eatre  saisi  d'un  recours  contentieux  dans  le d\u00e9lai  de deux  mois  \u00e0 compter  de la date  de la\nd\u00e9cision  de rejet.\n\n2024-00806\n\nPREFECTURE  oP Cabinet  du pr\u00e9fet\nDE POLICE  @\nLibert\u00e9\n\u00c9galit\u00e9\nFraternit\u00e9\narr\u00eat\u00e9  n\u00b0 2024-00906\naccordant  d\u00e9l\u00e9gation  de la signature  pr\u00e9fectorale\nau sein  de la direction  de l'ordre  public  et de la circulation\nLe pr\u00e9fet  de police,\nVU le code  g\u00e9n\u00e9ral  des  collectivit\u00e9s  territoriales  ;\nVU le code  de la s\u00e9curit\u00e9  int\u00e9rieure  ;\nVU le d\u00e9cret  n\u00b0 95-1197  du 6 novembre  1995  modifi\u00e9,  portant  d\u00e9concentration  en mati\u00e8re  de\ngestion  des  personnels  de la police  nationale  ;\nVU le d\u00e9cret  n\u00b097199  du 5 mars  1997  modifi\u00e9,  relatif  au remboursement  de certaines  d\u00e9penses\nsupport\u00e9es  par  les forces  de police  et de gendarmerie  ;\nVU le d\u00e9cret  n\u00b0 2004-374  du 29 avril  2004  modifi\u00e9  relatif  aux  pouvoirs  des  pr\u00e9fets,  \u00e0 l'organisation  et\n\u00e0 l'action  des  services  de l'\u00c9tat  dans  les r\u00e9gions  et d\u00e9partements  et notamment  son  article  77  ;\nVU le d\u00e9cret  n\u00b0 2006-1780  du 23 d\u00e9cembre  2006  modifi\u00e9,  portant  d\u00e9l\u00e9gation  de pouvoir  en mati\u00e8re\nde recrutement  et de gestion  de certains  personnels  relevant  du minist\u00e8re  de l'int\u00e9rieur  ;\nVU le d\u00e9cret  n\u00b0 2009-898  du 24 juillet  2009  modifi\u00e9  relatif  \u00e0 la comp\u00e9tence  territoriale  de certaines\ndirections  et de certains  services  de la pr\u00e9fecture  de police  ;\nVU le d\u00e9cret  n\u00b0 2010-1298  du 28 octobre  2010  portant  attribution  de produits  au budget  du\nminist\u00e8re  de l'int\u00e9rieur,  de l'outre-mer  et des  collectivit\u00e9s  territoriales  en application  du d\u00e9cret\nn\u00b0 97199  du 5 mars  1997  modifi\u00e9  relatif  au remboursement  de certaines  d\u00e9penses  support\u00e9es  par\nles forces  de police  et de gendarmerie  et du d\u00e9cret  n\u00b0 2008-252  du 12 mars  2008  modifi\u00e9  relatif  \u00e0 la\nr\u00e9mun\u00e9ration  de certains  services  rendus  par  le minist\u00e8re  de l'int\u00e9rieur,  de l'outre-mer  et des\ncollectivit\u00e9s  territoriales  ;\nVU l'arr\u00eat\u00e9  minist\u00e9riel  du 30 d\u00e9cembre  2005  modifi\u00e9  portant  d\u00e9concentration  en mati\u00e8re  de\ngestion  des  fonctionnaires  actifs  des  services  de la police  nationale  ;\nVU l'arr\u00eat\u00e9  pr\u00e9fectoral  n\u00b0 2009-00641  du 7 ao\u00fbt  2009  modifi\u00e9  relatif  \u00e0 l'organisation  de la pr\u00e9fecture\nde police  ;\nVU l'arr\u00eat\u00e9  pr\u00e9fectoral  n\u00b0 2023-01566  du 20 d\u00e9cembre  2023  relatif  aux  missions  et \u00e0 l'organisation\nde la direction  de l'ordre  public  et de la circulation  ;\nVU l'arr\u00eat\u00e9  n\u00b0 2019-00079  du 24 janvier  2019  autorisant  l'installation  du syst\u00e8me  de vid\u00e9oprotection\nde la pr\u00e9fecture  de police,  notamment  son  article  6 ;\nVU le d\u00e9cret  du 20 juillet  2022  par  lequel  M. Laurent  NUNEZ,  pr\u00e9fet,  coordonnateur  national  du\nrenseignement  et de la lutte  contre  le terrorisme,  est nomm\u00e9  pr\u00e9fet  de police  (hors  classe)  ;\nVU le d\u00e9cret  du 15 mars  2019  par  lequel  M. J\u00e9r\u00f4me  FOUCAUD,  inspecteur  g\u00e9n\u00e9ral  des  services  actifs\nde la police  nationale,  directeur  adjoint  des  ressources  humaines  \u00e0 la pr\u00e9fecture  de police,  est\nnomm\u00e9  directeur  des  services  actifs  de police  de la pr\u00e9fecture  de police,  directeur  de l'ordre  public\net de la circulation  de la pr\u00e9fecture  de police  ;\nSUR  proposition  de la pr\u00e9f\u00e8te,  directrice  de cabinet,\n\nARRETE\nArticle  1\u00b0\nD\u00e9l\u00e9gation  est donn\u00e9e  \u00e0 M. J\u00e9r\u00f4me  FOUCAUD,  directeur  des  services  actifs  de police,  directeur  de\nl'ordre  public  et de la circulation,  \u00e0 l'effet  de signer,  au nom  du pr\u00e9fet  de police  :\na) les actes  n\u00e9cessaires  \u00e0 l'exercice  des  missions  de police  administrative  fix\u00e9es  par  l'arr\u00eat\u00e9  du\n20 d\u00e9cembre  2023  susvis\u00e9.\nb) les d\u00e9cisions  individuelles  relatives  \u00e0 l'octroi  des  cong\u00e9s  annuels  et de maladie  ordinaire  des\npersonnels  relevant  de son  autorit\u00e9.\nc) les conventions  fixant  les modalit\u00e9s  d'ex\u00e9cution  techniques  et financi\u00e8res  du concours  apport\u00e9\nconjointement  par  les forces  de police  et de gendarmerie,  avec  les b\u00e9n\u00e9ficiaires  de ces prestations,\nen application  de l'article  4 du d\u00e9cret  n\u00b0 97199  du 5 mars  1997  susvis\u00e9  ainsi  que  les factures\ncorrespondantes.\nd) les ordres  de mission.\ne) les actes  de gestion  et d'ordonnancement  portant  sur :\n- le visa  de diverses  pi\u00e8ces  comptables  de r\u00e9gie  d'avance  ;\n- les d\u00e9penses  par  voie  de carte  achats  ;\n- l'utilisation  du module  d'expression  de besoin  \u00abCHORUS  Formulaires\u00bb,  application\ninformatique  remettante  \u00e0 CHORUS.\nf) les actes  d\u00e9signant  individuellement  et habilitant  les agents  relevant  de son  autorit\u00e9  autoris\u00e9s  \u00e0\n\u00eatre  destinataires  des  images  et enregistrements  issus  des  cam\u00e9ras  du plan  de vid\u00e9oprotection  de la\npr\u00e9fecture  de police.\nArticle  2\nD\u00e9l\u00e9gation  est donn\u00e9e  \u00e0 M. J\u00e9r\u00f4me  FOUCAUD  \u00e0 l'effet  de prononcer,  au nom  du pr\u00e9fet  de police,\nles sanctions  disciplinaires  de l'avertissement  et du bl\u00e2me,  inflig\u00e9es  aux  personnels  ci-apr\u00e8s\nd\u00e9sign\u00e9s,  plac\u00e9s  sous  son  autorit\u00e9  :\n- les fonctionnaires  du corps  d'encadrement  et d'application  de la police  nationale  ;\n- les adjoints  administratifs  de l'int\u00e9rieur  et de l'outre-mer  ;\n- les policiers  adjoints  affect\u00e9s  \u00e0 Paris  ;\n- les personnels  administratifs,  techniques,  scientifiques  et sp\u00e9cialis\u00e9s.\nArticle  3\nEn cas  d'absence  ou d'emp\u00eachement  de M. J\u00e9r\u00f4me  FOUCAUD,  la d\u00e9l\u00e9gation  qui lui est consentie\naux  articles  1 et 2 est exerc\u00e9e  par  M. Antoine  SALMON,  inspecteur  g\u00e9n\u00e9ral  des  services  actifs  de la\npolice  nationale,  directeur  adjoint  de l'ordre  public  et de la circulation.\nArticle  4\nEn cas d'absence  ou d'emp\u00eachement  de M. J\u00e9r\u00f4me  FOUCAUD  et de M. Antoine  SALMON,  la\nd\u00e9l\u00e9gation  qui  leur  est consentie  pour  les mati\u00e8res  mentionn\u00e9es  \u00e0 l'article  1 est exerc\u00e9e,  dans  la\nlimite  de ses attributions,  par  M. Eric  MOYSE,  contr\u00f4leur  g\u00e9n\u00e9ral,  chef  d'\u00e9tat-major,  et, en cas\nd'absence  ou d'emp\u00e9chement  de ce dernier,  par  :\n- M. Dimitri  KALININE,  commissaire  divisionnaire,  chef  d'\u00e9tat-major  adjoint  ;\n- M. Jo\u00ebl  TURLIER,  commissaire  g\u00e9n\u00e9ral,  adjoint  au chef  d'\u00e9tat-major  ;\n- M. Antoine  MORDACQ,  commissaire  divisionnaire,  adjoint  au chef  d'\u00e9tat-major  ;\n- Mme  Laetitia  VALLAR,  commissaire  divisionnaire,  adjointe  au chef  d'\u00e9tat-major.\n2024-00906\n\nArticle  5\nEn cas  d'absence  ou d'emp\u00eachement  de M. J\u00e9r\u00f4me  FOUCAUD  et de M. Antoine  SALMON,  la\nd\u00e9l\u00e9gation  qui  leur  est consentie  pour  les mati\u00e8res  mentionn\u00e9es  \u00e0 l'article  1 est exerc\u00e9e,  dans  la\nlimite  de ses attributions,  par M. Olivier  BOURDE,  contr\u00f4leur  g\u00e9n\u00e9ral,  sous-directeur  de l'ordre\npublic  de l'agglom\u00e9ration  parisienne  et par  M. Paul-Antoine  TOMI,  commissaire  divisionnaire,\nadjoint  au sous-directeur  de l'ordre  public  de l'agglom\u00e9ration  parisienne.\nEn cas  d'absence  ou d'emp\u00eachement  de M. Olivier  BOURDE  et de M. Paul-Antoine  TOMI,  la\nd\u00e9l\u00e9gation  qui  leur  est consentie  par  le pr\u00e9sent  article  est exerc\u00e9e,  dans  la limite  de leurs\nattributions  respectives,  par M. Alexandre  SEL,  commissaire  de police,  chef  de la division\nd'information  et d'intervention,  et par Mme  Caroline  DUCATILLION,  commissaire  de police,  cheffe\nde la division  des  unit\u00e9s  op\u00e9rationnelles  sp\u00e9cialis\u00e9es.\nArticle  6\nEn cas d'absence  ou d'emp\u00eachement  de M. J\u00e9r\u00f4me  FOUCAUD  et de M. Antoine  SALMON,  la\nd\u00e9l\u00e9gation  qui leur  est consentie  pour  les mati\u00e8res  mentionn\u00e9es  \u00e0 l'article  1 est exerc\u00e9e,  dans  la\nlimite  de leurs  attributions  respectives,  par  Mme  Estelle  BALIT,  contr\u00f4leuse  g\u00e9n\u00e9rale  des  services\nactifs  de la police  nationale,  sous-directrice  r\u00e9gionale  de la circulation  et de la s\u00e9curit\u00e9  routi\u00e8res,  et,\nen cas  d'absence  ou d'emp\u00eachement  de cette  derni\u00e8re,  par  M. Arnaud  DESJARDINS,  commissaire\ndivisionnaire,  adjoint  \u00e0 la sous-directrice  r\u00e9gionale  de la circulation  et de la s\u00e9curit\u00e9  routi\u00e8res.\nEn cas  d'absence  ou d'emp\u00eachement  de Mme  Estelle  BALIT  et de M. Arnaud  DESJARDINS,  la\nd\u00e9l\u00e9gation  qui  leur  est consentie  par  le pr\u00e9sent  article  est exerc\u00e9e,  dans  la limite  de leurs\nattributions  respectives,  par  Mme  Tania  POPOFF,  commissaire  de police,  cheffe  de la division\nr\u00e9gionale  de la circulation,  par  M. Nicolas  BENDERITTER,  commissaire  de police,  chef  de la division\nr\u00e9gionale  motocycliste  et par M. Jean-S\u00e9bastien  ROSADONI,  commissaire  de police,  chef  de la\ndivision  r\u00e9gionale  de la s\u00e9curit\u00e9  routi\u00e8re.\nD\u00e9l\u00e9gation  est donn\u00e9e  \u00e0 M. Herv\u00e9  BLAISE,  capitaine  de police,  coordonnateur  s\u00e9curit\u00e9  routi\u00e8re,\nchef  du p\u00f4le  de pr\u00e9vention  et de s\u00e9curit\u00e9  routi\u00e8re,  dans  l'application  informatique  financi\u00e8re  de\nl'\u00c9tat  \u00ab CHORUS  Formulaires  \u00bb, aux fins  de gestion  du budget  du plan  d\u00e9partemental  d'actions  de\ns\u00e9curit\u00e9  routi\u00e8re.\nArticle  7\nEn cas  d'absence  ou d'emp\u00eachement  de M. J\u00e9r\u00f4me  FOUCAUD  et de M. Antoine  SALMON,  la\nd\u00e9l\u00e9gation  qui leur  est consentie  pour  les mati\u00e8res  mentionn\u00e9es  \u00e0 l'article  1 est exerc\u00e9e,  dans  la\nlimite  de leurs  attributions  respectives,  par M. Serge  QUILICHINI,  contr\u00f4leur  g\u00e9n\u00e9ral  des  services\nactifs  de la police  nationale,  sous-directeur  de la protection  des  institutions,  des  gardes  et des\ntransferts  de l'agglom\u00e9ration  parisienne,  et, en cas d'absence  ou d'emp\u00e9chement  de ce dernier,  par\nM. Dominique  SERNICLAY,  commissaire  g\u00e9n\u00e9ral,  adjoint  au sous-directeur  de la protection  des\ninstitutions,  des  gardes  et des  transferts  de l'agglom\u00e9ration  parisienne.\nArticle  8\nEn cas  d'absence  ou d'emp\u00eachement  de M. J\u00e9r\u00f4me  FOUCAUD  et de M. Antoine  SALMON,  la\nd\u00e9l\u00e9gation  qui leur  est consentie  aux  articles  1 et 2 est exerc\u00e9e,  dans  la limite  de leurs  attributions\nrespectives,  par  Mme  B\u00e9n\u00e9dicte  MARGENET-BAUDRY,  contr\u00f4leuse  g\u00e9n\u00e9rale  des  services  actifs  de la\npolice  nationale,  sous-directrice  de la gestion  op\u00e9rationnelle,  et, en cas  d'absence  ou\nd'emp\u00eachement  de cette  derni\u00e8re,  par M. Lionel  DESQUEYROUX,  commissaire  divisionnaire,  adjoint\n\u00e0 la sous-directrice  de la gestion  op\u00e9rationnelle.\nEn cas d'absence  ou d'emp\u00eachement  de Mme  B\u00e9n\u00e9dicte  MARGENET-BAUDRY  et de M. Lionel\nDESQUEYROUX,  la d\u00e9l\u00e9gation  qui leur  est consentie  par  le pr\u00e9sent  article  est exerc\u00e9e,  dans  la limite\nde leurs  attributions  respectives,  par  Mme  Val\u00e9rie  SOBRAQUES,  commandant  divisionnaire\nfonctionnel,  cheffe  du service  de gestion  op\u00e9rationnelle  des  \u00e9quipements,  de l'immobilier  et des\nfinances,  par son  adjointe,  Mme  OBSZYNSKI-PUECH  Am\u00e9lie,  attach\u00e9e  d'administration  de l'\u00c9tat  et\n2024-09906\n\npar  son  adjoint  en second,  M. Miguel  DELASSE,  major  responsable  d'une  unit\u00e9  locale  de police\n(RULP).\nD\u00e9l\u00e9gation  est donn\u00e9e,  dans  l'application  informatique  financi\u00e8re  de l'\u00c9tat  \u00ab CHORUS\nFormulaires  \u00bb, aux  fins  de gestion  des  budgets,  aux  agents  ci-apr\u00e8s  d\u00e9sign\u00e9s,  dans  la limite  de leurs\nattributions  respectives  :\n- Mme  Emilie  MARIE,  secr\u00e9taire  administrative,  cheffe  de l'unit\u00e9  financi\u00e8re  ;\n- Mme  Lynda  ATTAL,  gardien  de la paix,  gestionnaire  budg\u00e9taire  \u00e0 l'unit\u00e9  financi\u00e8re  ;\n- Mme  Vanessa  ARZEUX,  gardien  de la paix,  gestionnaire  budg\u00e9taire  \u00e0 l'unit\u00e9  financi\u00e8re.\nArticle  9\nLa pr\u00e9f\u00e8te,  directrice  de cabinet  et le directeur  de l'ordre  public  et de la circulation  sont  charg\u00e9s,\nchacun  en ce qui  les concerne,  de l'ex\u00e9cution  du pr\u00e9sent  arr\u00eat\u00e9  qui sera  publi\u00e9  aux  recueils  des\nactes  administratifs  du d\u00e9partement  de Paris,  des  Hauts-de-Seine,  de la Seine-Saint-Denis  et du Val-\nde-Marne.  tse\nFait  \u00e0 Paris,  le \u2014 4 JUIL,  2024  |\na\nLaurent  NUNEZ\n2024-00906\n\nPREFECTURE\nDE POLICE\nLibert\u00e9\n\u00c9galit\u00e9\nFraternit\u00e9CABINET  DU PR\u00c9FET  DE POLICE\n2024-00915\nArr\u00e9t\u00e9  n\u00b0\nmodifiant  l'arr\u00eat\u00e9  n\u00b0 2024-00813  du 17 juin  2024  portant  d\u00e9l\u00e9gation  de signature  au\npr\u00e9fet  des  Hauts-de-Seine\nLe pr\u00e9fet  de police,\nVu le d\u00e9cret  du 29 juillet  2020  par  lequel  M. Laurent  HOTTIAUX,  pr\u00e9fet,  est\nnomm\u00e9  pr\u00e9fet  des  Hauts-de-Seine  (hors  classe)\nVu le d\u00e9cret  du 20 juillet  2022  par lequel  M. Laurent  NUNEZ,  pr\u00e9fet,\ncoordonnateur  national  du renseignement  et de la lutte  contre  le terrorisme,  est\nnomm\u00e9  pr\u00e9fet  de police  (hors  classe)  ;\nVu l'arr\u00eat\u00e9  n\u00b0 2024-00813  du 17 juin  2024  modifi\u00e9  portant  d\u00e9l\u00e9gation  de signature\nau pr\u00e9fet  des  Hauts-de-Seine  ;\nArr\u00eate  :\nArt.  1%. - A l'article  1\" de l'arr\u00eat\u00e9  du 17 juin  2024  susvis\u00e9,  apr\u00e8s  le dernier  alin\u00e9a,  il\nest ins\u00e9r\u00e9  un alin\u00e9a  ainsi  r\u00e9dig\u00e9  :\n\u00ab - Les  mesures  prises  en mati\u00e8re  de circulation  des  a\u00e9ronefs.  \u00bb.\nArt.  2. \u2014 Le pr\u00e9fet  des  Hauts-de-Seine  est charg\u00e9  de l'ex\u00e9cution  du pr\u00e9sent  arr\u00eat\u00e9,\nqui sera  publi\u00e9  aux  recueils  des  actes  administratifs  de la pr\u00e9fecture  de police  et de\nla pr\u00e9fecture  des  Hauts-de-Seine.\nFait  \u00e0 Paris,le  95  JUIL.  2024  =\"\nLaurent  NUNEZ\n|\nR\u00c9PUBLIQUE  FRAN\u00c7AISE\nLibert\u00e9  Egalit\u00e9  Fraternit\u00e9\n\nPREFECTURE  (=  Direction  des usagers\nDEPOLICE  (4)  et des polices  administratives\npales  : \u2014\nArr\u00eat\u00e9 n\u00b02024-  (19,40,\ndu |\nrelatif  \u00e0 la composition  de la formation  restreinte  de la commission  locale  des\ntransports  publics  particuliers  de personnes  d\u00e9di\u00e9e  aux  affaires  propres  aux  taxis\nLe Pr\u00e9fet  de Police,\nVU le code  des  transports,  notamment  l'article  D. 3120-33  ;\nVU le code  des relations  entre  le public'  et l'administration,  notamment  ses articles\nR. 133-1  \u00e0 R. 133-15  :\nVU l'arr\u00eat\u00e9  pr\u00e9fectoral  n\u00b0 2023-01543  du 13 d\u00e9cembre  2023 portant  composition  de la\ncommission  locale  des  transports  publics  particuliers  de personnes;  ~\nVU l'arr\u00eat\u00e9  pr\u00e9fectoral  n\u00b0 2020-1080  du 18 d\u00e9cembre  2020  relatif.  \u00e0 la composition  de la\nformation  restreinte  de la commission  locale  des  transports  publics  particuliers  de personnes\nd\u00e9di\u00e9e  aux  affaires  propres  aux  taxis  ;\nVU l'arr\u00eat\u00e9  du pr\u00e9fet  de police  n\u00b0 2024-00505  du 19 avril 2024 accordant  d\u00e9l\u00e9gation  de la:\nsignature  pr\u00e9fectorale  au sein  de la direction  des usagers  et des polices  administratives  et des\nservices  qui lui sont  rattach\u00e9s  ;\nSUR proposition  du directeur  des usagers  et des polices  administratives,\nARR\u00caTE\nrti bal\nLa formation  restreinte  de la commission  locale  des transports  publics  particuliers  de\npersonnes  d\u00e9di\u00e9e  aux affaires  propres  aux taxis,  est plac\u00e9e  sous  la pr\u00e9sidence  du Pr\u00e9fet  de\npolice  ou de son  repr\u00e9sentant.\nArticle  2\nCette  commission  comprend  quatre  coll\u00e8ges  :\n14\n\nUn coll\u00e8ge  de repr\u00e9sentants  de l'Etat,  compos\u00e9  de 9 membres  ;\nUn coll\u00e8ge  de repr\u00e9sentants  des  professionnels,  compos\u00e9  de 9 membres;\nUn coll\u00e8ge  de repr\u00e9sentants  des  collectivit\u00e9s  territoriales,  compos\u00e9  de 9 membres;\nUn coll\u00e8ge  de repr\u00e9sentants  des consomimateurs,  de personnes  \u00e0 mobilit\u00e9  r\u00e9duite,\nd'usagers  des transports,  et d'associations  agissant  dans  le domaine  de la s\u00e9curit\u00e9\nrouti\u00e8re  ou de l'environnement,  compos\u00e9  de 9 membres  au maximum.\nAg\nArticle  3\nLe coll\u00e8ge  de repr\u00e9sentants  de l'\u00c9tat  est compos\u00e9  de la mani\u00e8re  suivante  :\nLe pr\u00e9fet  de police  ou son  repr\u00e9sentant  -1 si\u00e8ge  ;\nLe pr\u00e9fet  de la R\u00e9gion  \u00cele-de-France,  pr\u00e9fet  de Paris  ou son repr\u00e9sentant  - 1 si\u00e8ge:\nLe pr\u00e9fet  des  Hauts-de-Seine  ou son  repr\u00e9sentant  -1 si\u00e8ge  ;\nLe pr\u00e9fet  de la Seine-Saint-Denis  ou son repr\u00e9sentant  - 1 si\u00e8ge  ;\nLe pr\u00e9fet  du Val-de-Marne  ou son  repr\u00e9sentant  - 1 si\u00e8ge  ;\nLe pr\u00e9fet  d\u00e9l\u00e9gu\u00e9  pour  la s\u00e9curit\u00e9.et  la s\u00fbret\u00e9  des plates-formes  a\u00e9roportuaires  de\nParis-Charles-de-Gaulle,  Paris-Orly  et du Bourget  ou son repr\u00e9sentant  -1 si\u00e8ge  ;\nLe directeur  des  usagers  et des  polices  administratives  de la pr\u00e9fecture  de police  ou\nson repr\u00e9sentant  - T si\u00e8ge  ;\nLe directeur  de l'ordre  public  et de la circulation  de la pr\u00e9fecture  de police  ou son\nrepr\u00e9sentant  - 1 si\u00e8ge  ;\nLe sous-directeur  des  d\u00e9placements  et de l'espace  public  de la pr\u00e9fecture  de police  ou\nson  repr\u00e9sentant  \u2014 1 si\u00e8ge.\nArticle  4\nLe coll\u00e8ge  de repr\u00e9sentants  des professionnels  est compos\u00e9  de la mani\u00e8re  suivante  :\nLe repr\u00e9sentant  du syndicat  de d\u00e9fense  des conducteurs  du taxi  parisien  ou son\nsuppl\u00e9ant  (SDCTP)  - 2 si\u00e8ges  ;\nLe repr\u00e9sentant  de la f\u00e9d\u00e9ration  des  taxis  ind\u00e9pendants  parisiens  ou son  suppl\u00e9ant\n(FTI75)-1  si\u00e8ge  ; | |\nLe repr\u00e9sentant  de la chambre  syndicale  des  loueurs  de voitures  automobiles  et des\nentreprises  titulaires  d'autorisations  de stationnement  ou son  suppl\u00e9ant  (CSLVA)  -\n1 si\u00e8ge  ;\nLe repr\u00e9sentant  de la chambre  syndicale  des  cochers  chauffeurs  ou son  suppl\u00e9ant\n(CSCC-CGT  Taxi)  - 2 si\u00e8ges  ;\nLe repr\u00e9sentant  de la chambre  syndicale  des  loueurs  d'automobiles  ou son  suppl\u00e9ant\n(CSLA)-1  si\u00e8ge  ; :\nLe repr\u00e9sentant  de la chambre  syndicale  des  soci\u00e9t\u00e9s  coop\u00e9ratives  des  chauffeurs  de\ntaxi  de la r\u00e9gion  parisienne  ou son  suppl\u00e9ant  (CSSCTP)  -1 si\u00e8ge  ;\nLe repr\u00e9sentant  du syndicat  des  artisans  taxis  communaux  du d\u00e9partement  des\nHauts-de-Seine  ou son  suppl\u00e9ant  (SATC92)  - 1 si\u00e8ge.\n2/4\n\nArticle  5\nLe coll\u00e9ge  de repr\u00e9sentants  des collectivit\u00e9s  territoriales  est compos\u00e9  de la: mani\u00e8re\nsuivante.  :\naLe maire  de Paris  ou ses repr\u00e9sentants  - 3 si\u00e9ges  ;\nLe pr\u00e9sident  du conseil  d\u00e9partemental  des  Hauts-de-Seine  ou 'son\nrepr\u00e9sentant  - 1 si\u00e8ge  ; |\nLe pr\u00e9sident  du. conseil  d\u00e9partemental  de la Seine-Saint-Denis  ou son\nrepr\u00e9sentant  - 1 si\u00e8ge  ;\nLe 'pr\u00e9sident  . du conseil.  d\u00e9partemental  du Val-de-Marne  ou son\nrepr\u00e9sentant  - 1 si\u00e8ge  :\nLe pr\u00e9sident  de l'association  des  maires  des  Hauts-de-Seine,  ou son  repr\u00e9sentant  -\n1 si\u00e8ge  ;\nLe pr\u00e9sident  de l'association  des maires  de la Seine-Saint-Denis,  ou son repr\u00e9sentant  -\n1si\u00e8g\u00e9  ; |\nLe pr\u00e9sident  de l'association  des maires  du Val-de-Marne  ou son repr\u00e9sentant  - 1 si\u00e8ge.\nArticle  6\nLe coll\u00e8ge  de repr\u00e9sentants  des  consommateurs,  des  personnes  \u00e0 mobilit\u00e9  r\u00e9duite,  des\nusagers  des  transports,  et associations  agissant  dans  le domaine  de la s\u00e9curit\u00e9  routi\u00e8re  ou de\nl'environnement,  est compos\u00e9  de la mani\u00e8re  suivante  :\nLe repr\u00e9sentant  de la f\u00e9d\u00e9ration  nationale  des associations  d'usagers  des transports\nou son  suppl\u00e9ant  (FNAUT)  -1 si\u00e8ge  ;\nLe repr\u00e9sentant  de l'association  de d\u00e9fense,  d'\u00e9ducation  et d'information  du\n-consommateur  ou son  suppl\u00e9ant  (ADEIC)  - 1 si\u00e8ge  ;\nLe repr\u00e9sentant  de la conf\u00e9d\u00e9ration  syndicale  des  familles  ou son suppl\u00e9ant\n(CSF)  - 1 si\u00e8ge  ;\nLe repr\u00e9sentant  de la f\u00e9d\u00e9ration  des  familles  de France  ou son  suppl\u00e9ant\n(FFDF)  - 1 si\u00e8ge  ;\nLe repr\u00e9sentant  de la f\u00e9d\u00e9ration  nationale  familles  rurales  ou son  suppl\u00e9ant\n(FNFR)  - 1 si\u00e8ge  ;\nLe repr\u00e9sentant  de l'association  'fran\u00e7aise  de consommateurs  et . d'usagers  -\nconsommation,  logement  et cadre  de vie ou son  suppl\u00e9ant  (CLCV)  -1 si\u00e8ge.\nArticle  7\nSont  invit\u00e9s  par le pr\u00e9fet  ou son  repr\u00e9sentant,  \u00e0 si\u00e9ger  sans  voix  d\u00e9lib\u00e9rative,  toutes\npersonnes  ou organismes  qualifi\u00e9s  pour  leurs  activit\u00e9s  ayant  un impact  significatif  sur le\nsecteur  du transport  public  particulier  de personnes.\n3/4\n\nArticle  8\nL'arr\u00eat\u00e9  n\u00b0 2020-1080  du 18 d\u00e9cembre  2020  susvis\u00e9  est abrog\u00e9.\nArticle  9\nLe directeur  des usagers  et des polices  administratives  est charg\u00e9  de l'ex\u00e9cution  du pr\u00e9sent\narr\u00eat\u00e9,  qui sera  publi\u00e9  au recueil  des  actes  administratifs  de la pr\u00e9fecture  de la r\u00e9gion\n\u00cele-de-France,  pr\u00e9fecture  de Paris  et de la pr\u00e9fecture  de police  et des pr\u00e9fectures  des Hauts-\nde-Seine,  de la Seine:Saint-Denis  et du Val-de-Marne,  ainsi  qu'au  portail  des publications\nadministratives  de la ville  de Paris.\nPour  le pr\u00e9fet  de police\nCh\u00f4isti\u00e9n  CHASSAING\n44\n\n_  CABINET  DU PREFET\nPREFECTURE  oP\nDE POLICE  ic]\nLibert\u00e9\n\u00c9galit\u00e9\nFraternit\u00e9  .\nArr\u00eat\u00e9  n\u00b0 2024  AU 1150\nautorisant  la circulation  des v\u00e9hicules  terrestres  \u00e0 moteur  transportant  certaines\nmati\u00e8res  dangereuses  dans  les p\u00e9rim\u00e8tres  d'interdiction  de la circulation  \u00e0 l'occasion\ndes Jeux  olympiques  et paralympiques  2024\nLe pr\u00e9fet  de police,\nVu le code  g\u00e9n\u00e9ral  des  collectivit\u00e9s  territoriales,  notamment  son  article  L.2214-1  ;\nVu le code  de la route,  notamment  ses articles  L.325-1  \u00e0 L.325-3  et R.411-18  ;\nVu le code  des  transports,  notamment  son  article  L. 1252-1;\nVu la loi n\u00b0 2023-380  du 19 mai  2023  relative  aux jeux  Olympiques  et Paralympiques\nde 2024  et portant  diverses  autres  dispositions  ;\nVu l'ordonnance  n\u00b02019-207  du 20 mars  2019  modifi\u00e9e  relative  aux voies  r\u00e9serv\u00e9es  et\n\u00e0 la police  de la circulation  pour  les Jeux  Olympiques  et Paralympiques  de 2024,\nratifi\u00e9e  par  la loi n\u00b02029-812  du 1er ao\u00fbt  2019;\nVu le d\u00e9cret  n\u00b02004-374  du 29 avril  2004  modifi\u00e9  relatif  aux  pouvoirs  des pr\u00e9fets,  \u00e0\nl'organisation  et \u00e0 l'action  des  services  de l'Etat  dans  les r\u00e9gions  et d\u00e9partements,\nnotamment  ses articles  72 et 73;\nVu le d\u00e9cret  n\u00b02024-107  du 14 f\u00e9vrier  2024  relatif  aux comp\u00e9tences  du pr\u00e9fet  de police\net \u00e0 celles  du pr\u00e9fet  de police  des Bouches-du-Rh\u00f4ne  pour  les jeux  Olympiques  et\nParalympiques  de 2024,  ainsi  qu'\u00e0  la comp\u00e9tence  territoriale  de certaines  directions\nde la pr\u00e9fecture  de police;\nVu l'arr\u00eat\u00e9  du 29 mai  2009  relatif  aux transports  de marchandises  dangereuses  par\nvoies  terrestres  (dit  \u00ab arr\u00eat\u00e9  TMD  \u00bb);\nVu l'arr\u00eat\u00e9  du 19 d\u00e9cembre  2022  modifiant  l'arr\u00eat\u00e9  du 29 mai  2009  relatif  aux\ntransports  de marchandises  dangereuses  par voies  terrestres  (dit  \u00ab arr\u00eat\u00e9  TMD  \u00bb);\nVu l'arr\u00eat\u00e9  du 08 juillet  2024  modifiant  provisoirement  la circulation  dans  plusieurs\nvoies  autour  du site  olympique  du ch\u00e2teau  de Versailles  durant  la p\u00e9riode  des Jeux\nOlympiques  et Paralympiques  sur le territoire  des  Yvelines  ;\nVu l'arr\u00eat\u00e9  du 08 juillet  2024  modifiant  provisoirement  la circulation  dans  plusieurs\nvoies  autour  du site  olympique  du golf  national  durant  la p\u00e9riode  des Jeux  Olympiques\net Paralympiques  sur le territoire  des  Yvelines  ;\nVu l'arr\u00eat\u00e9  du 08 juillet  2024  modifiant  provisoirement  la circulation  dans  plusieurs\nvoies  autour  du site olympique  du V\u00e9lodrome  National  et au BMX  Stadium  durant  la\np\u00e9riode  des  Jeux  Olympiques  et Paralympiques  sur le territoire  des Yvelines  ;\n\nVu l'arr\u00eat\u00e9  n\u00b02024CAB1036  du 11 juillet  2024  modifiant  provisoirement  la circulation\net le stationnement  sur la RD10p  et la RD34a  \u00e0 proximit\u00e9  du stade  nautique  olympique\nde Vaires-sur-Marne  ;\nVu l'arr\u00eat\u00e9  n\u00b02024-00981  du 12 juillet  2024  modifiant  provisoirement  la circulation\ndans  plusieurs  voies  \u00e0 Saint-Denis,  Saint-Ouen-sur-Seine  et l'\u00cele Saint-Denis  (Seine-\nSaint-Denis)  dans  le cadre  de l'organisation  des  Jeux  Olympiques  et Paralympiques  ;\nVu l'arr\u00eat\u00e9  n\u00b02024-00982  du 12 juillet  2024  modifiant  provisoirement  la circulation\ndans  plusieurs  voies  \u00e0 Paris  Centre,  7\u00e8me,  8\u00e8me,  15\u00e8me  et 16\u00e8me  dans  le cadre  de\nl'organisation  des  Jeux  Olympiques  et Paralympiques  ;\nVu l'arr\u00eat\u00e9  n\u00b02024-00983  du 12 juillet  2024  modifiant  provisoirement  la circulation\ndans  plusieurs  voies  \u00e0 Paris  15\u00e8\"\u00b0  et \u00e0 Vanves  dans  les Hauts-de-Seine  dans  le cadre  de\nl'organisation  des  Jeux  Olympiques  et Paralympiques  ;\nVu l'arr\u00eat\u00e9  n\u00b02024-00984  du 12 juillet  2024  modifiant  provisoirement  la circulation\ndans  plusieurs  voies  \u00e0 Paris  16*\"\u00b0  et \u00e0 Boulogne-Billancourt  dans  les Hauts-de-Seine\ndans  le cadre  de l'organisation  des  Jeux  Olympiques  et Paralympiques  ;\nVu l'arr\u00eat\u00e9  n\u00b02024-00985  du 12 juillet  2024  modifiant  provisoirement  la circulation\ndans  plusieurs  voies  \u00e0 Paris  18\u00b0\"*  dans  le cadre  de l'organisation  des  Jeux  Olympiques\net Paralympiques  ;\nVu l'arr\u00eat\u00e9  n\u00b02024-00986  du 12 juillet  2024  modifiant  provisoirement  la circulation\ndans  plusieurs  voies  \u00e0 Paris  12\u00ee\"  et 13\u00e8\"\u00b0  dans  le cadre  de l'organisation  des Jeux\nOlympiques  et Paralympiques  ;\nVu l'arr\u00eat\u00e9  n\u00b02024-00987  du 12 juillet  2024  modifiant  provisoirement  la circulation\ndans  plusieurs  voies  \u00e0 Paris  16*\"\u00b0  et \u00e0 Boulogne-Billancourt  dans  les Hauts-de-Seine\ndans  le cadre  de l'organisation  des Jeux  Olympiques  et Paralympiques  ;\nVu l'arr\u00eat\u00e9  n\u00b02024-00988  du 12 juillet  2024  modifiant  provisoirement  la circulation\ndans  plusieurs  voies  \u00e0 Nanterre  dans  les Hauts-de-Seine  dans  le cadre  de l'organisation\ndes  Jeux  Olympiques  et Paralympiques  ;\nVu l'arr\u00eat\u00e9  n\u00b02024-00989  du 12 juillet  2024  modifiant  provisoirement  la circulation\ndans  plusieurs  voies  \u00e0 Colombes  dans  les Hauts-de-Seine  dans  le cadre  de\nl'organisation  des  Jeux  Olympiques  ;\nVu l'arr\u00eat\u00e9  n\u00b02024-00990  du 12 juillet  2024  modifiant  provisoirement  la circulation\ndans  plusieurs  voies  au Bourget  en Seine-Saint-Denis  dans  le cadre  de l'organisation\ndes  Jeux  Olympiques  ;\nVu l'arr\u00eat\u00e9  n\u00b02024-00991  du 12 juillet  2024  modifiant  provisoirement  la circulation\ndans  plusieurs  voies  \u00e0 Saint-Denis  en Seine-Saint-Denis  dans  le cadre  de l'organisation\ndes  Jeux  Olympiques  ;\nVu l'arr\u00eat\u00e9  n\u00b02024-00992  du 12 juillet  2024  modifiant  provisoirement  la circulation\ndans  plusieurs  voies  \u00e0 Saint-Denis  et Aubervilliers  en Seine-Saint-Denis  dans  le cadre\nde l'organisation  des  Jeux  Olympiques  et Paralympiques  ;\nVu l'arr\u00eat\u00e9  n\u00b02024-01030  du 18 juillet  2024  modifiant  provisoirement  le stationnement\net la circulation  dans  plusieurs  voies  \u00e0 Paris  7\u00e8me  et Paris  8\u00e8me  du 26 juillet  au 7 ao\u00fbt\n\n202024  dans  le cadre  des  \u00e9preuves  individuelles  Hommes  et Femmes  et du relais  mixte\ndu Triathlon  des  jeux  Olympiques  de Paris  2024  ;\nVu l'arr\u00eat\u00e9  du 18 juillet  2024  modifiant  provisoirement  la circulation  dans  plusieurs\nvoies  autour  du site  olympique  de la colline  d'Elancourt  durant  la p\u00e9riode  des  Jeux\nOlympiques  et Paralympiques  sur le territoire  des  Yvelines  ;\nVu l'arr\u00eat\u00e9  n\u00b02024-01042  du 19 juillet  2024  modifiant  provisoirement  le stationnement\net la circulation  dans  plusieurs  voies  \u00e0 Paris  du 30 juillet  au 7 ao\u00fbt  2024  dans  le cadre\ndes  \u00e9preuves  cyclistes  de la course  en ligne  hommes  et femmes  des  jeux  Olympiques\nde Paris  2024;\nVu l'arr\u00eat\u00e9  du 25 juillet  2024  fixant  les conditions  de passage  du parcours  cycliste\nHommes  JO 2024  dans  le d\u00e9partement  des  Yvelines  ;\nVu l'arr\u00eat\u00e9  du 25 juillet  2024  fixant  les conditions  de passage  du parcours  cycliste\nfemmes  JO 2024  dans  le d\u00e9partement  des  Yvelines  ;\nVu l'arr\u00eat\u00e9  du 25 juillet  2024  fixant  les conditions  de passage  du parcours  Marathon\nHommes  - Femmes  et Marathon  pour  Tous  JO 2024  dans  le d\u00e9partement  des  Yvelines  ;\nVu l'arr\u00eat\u00e9  n\u00b02024-01115  du 26 juillet  2024  modifiant  provisoirement  la circulation  et\nle stationnement  dans  plusieurs  voies  \u00e0 Paris  7\u00e8me  et 16\u00e8me  du 30 juillet  au 7 ao\u00fbt\n2024  dans  le cadre  des  \u00e9preuves  individuelles  et de relais  mixte  de marche  des  Jeux\nolympiques  de Paris  2024  ;\nVu l'arr\u00eat\u00e9  du 26 juillet  2024  modifiant  l'arr\u00eat\u00e9  du 08 juillet  2024  modifiant\nprovisoirement  la circulation  dans  plusieurs  voies  autour  du site  olympique  du golf\nnational  durant  la p\u00e9riode  des  Jeux  Olympiques  et Paralympiques  sur le territoire  des\nYvelines  ;\nVu l'arr\u00eat\u00e9  n\u00b02024-01132  du 30 juillet  2024  modifiant  provisoirement  le stationnement\net la circulation  dans  plusieurs  voies  \u00e0 Paris  dans  le cadre  de l'organisation  des\n\u00e9preuves  du marathon  hommes  et femmes  et des  \u00e9preuves  du marathon  et 10\nkilom\u00e8tres  pour  tous  des  Jeux  Olympiques  ;\nVu l'instruction  minist\u00e9rielle  |OMK2321148)  du 23 ao\u00fbt  2023  relative  \u00e0 la couverture\nde la menace  NRBC  et de ses effets  potentiels  pour  les Jeux  olympiques  et\nparalympiques  2024  ;\nVu le d\u00e9cret  du 20 juillet  2022  par lequel  M. Laurent  NUNEZ,  pr\u00e9fet,  coordonnateur\nnational  du renseignement  et de la lutte  contre  le terrorisme,  a \u00e9t\u00e9 nomm\u00e9  pr\u00e9fet  de\npolice  ;\nConsid\u00e9rant  que  se tiendront  en Ile-de-France  du 26 juillet  2024  au 11 ao\u00fbt  2024  les\nJeux  de la XXXIII\u00e8me  olympiade  ; que  se tiendront  par  ailleurs  du 28 ao\u00fbt  2024  au 08\nseptembre  2024  les Jeux  paralympiques  ;\nConsid\u00e9rant  que  des  mesures  provisoires  de restriction  de la circulation  ont  \u00e9t\u00e9 prises\nafin  d'assurer  le bon  d\u00e9roulement  des  Jeux  2024  et la s\u00e9curit\u00e9  des  participants,\nspectateurs  et riverains  ; qu'il  existe  de nombreux  risques  li\u00e9s au transport  de mati\u00e8res\ndangereuses;  qu'il  convient  cependant  de permettre  le maintien  de l'activit\u00e9\n\u00e9conomique  et sanitaire  aux  abords  des  sites  de comp\u00e9tition  en Ile-de-France  durant\nles Jeux  olympiques  et paralympiques  ;\n\nARRETE\nArticle  1 - La circulation  des  v\u00e9hicules  terrestres  \u00e0 moteur  transportant  des  mati\u00e8res\ndangereuses  list\u00e9es  \u00e0 l'annexe  2 du pr\u00e9sent  arr\u00eat\u00e9  est autoris\u00e9e  sur pr\u00e9sentation  d'une\nautorisation  sous  la forme  d'un  laissez-passer  num\u00e9rique  du 03 ao\u00fbt  2024  au 11 ao\u00fbt\n2024  et du 26 ao\u00fbt  2024  au 08 septembre  2024  par d\u00e9rogation  aux  arr\u00eat\u00e9s  modifiant\nprovisoirement  la circulation  susvis\u00e9s.\nCette  autorisation  est applicable  les jours  de comp\u00e9tition  sur une  plage  horaire\nd\u00e9butant  deux  heures  et demie  en amont  des  comp\u00e9titions  et se terminant  une  heure\napr\u00e8s  celles-ci.\nArticle  2 - Les dispositions  de l'article  1\u00b0' sont  applicables  sur pr\u00e9sentation  par le\nconducteur  du laissez-passer  num\u00e9rique  ou \u00ab QR code  \u00bb d\u00e9livr\u00e9  :\n- apr\u00e8s  enregistrement  d\u00e9mat\u00e9rialis\u00e9  sur la plateforme  num\u00e9rique  \u00abPass  Jeux  \u00bb\naccessible  \u00e0 l'adresse  www.pass-jeux.gouv.fr;\n- pour  les personnes  ne disposant  pas d'un  acc\u00e8s  \u00e0 internet  et d'une  adresse  m\u00e9l,\naupr\u00e8s  des services  d\u00e9di\u00e9s  des mairies  d'arrondissement  de la Ville  de Paris  ou des\nmairies  concern\u00e9es.\nArticle  3 - Le pr\u00e9fet  de la Seine-et-Marne,  le pr\u00e9fet  des  Yvelines,  le pr\u00e9fet  des  Hauts-\nde-Seine,  le pr\u00e9fet  de la Seine-Saint-Denis,  la pr\u00e9f\u00e8te  du Val-de-Marne,  la pr\u00e9f\u00e8te,\ndirectrice  du cabinet  du pr\u00e9fet  de police,  le directeur  de l'ordre  public  et de la\ncirculation  et la directrice  de la s\u00e9curit\u00e9  de proximit\u00e9  de l'agglom\u00e9ration  parisienne\nsont  charg\u00e9s,  chacun  en ce qui le concerne,  de l'ex\u00e9cution  du pr\u00e9sent  arr\u00eat\u00e9  qui\nentrera  en vigueur  d\u00e8s  son affichage  aux portes  de la pr\u00e9fecture  de police,  sera  publi\u00e9\naux  recueils  des actes  administratifs  du d\u00e9partement  de Paris  et des pr\u00e9fectures  de\nSeine-et-Marne,  des  Yvelines,  de l'Essonne,  des  Hauts-de-Seine,  de Seine-Saint-Denis,\ndu Val-de-Marne  et mis  en ligne  sur le site  internet  de la pr\u00e9fecture  de police\nhttps://www.prefecturedepolice.gouv.fr.\ng 3 Aout 2024 \\\nFait  a Paris,  le\n\\ ~\nLaurent  NUNEZ\n\nAnnexe  1 de l'arr\u00eat\u00e9  n\u00b0 459  du 3 AU 2024\nVOIES  ET DELAIS  DE RECOURS\nSi vous  estimez  devoir  contester  la pr\u00e9sente  autorisation,  il vous  est possible,  dans  un\nd\u00e9lai  de deux  mois  \u00e0 compter  de la date  de son  affichage  ou de sa publication:\n- soit  de saisir  d'un  RECOURS  GRACIEUX\nle Pr\u00e9fet  de Police\n7/9,  boulevard  du Palais  - 75195  PARIS  RP\n- ou de former  un RECOURS  HIERARCHIQUE\naupr\u00e8s  du Ministre  de l'int\u00e9rieur  et des  outre-mer\nDirection  des  libert\u00e9s  publiques  et des  affaires  juridiques\nplace  Beauvau  - 75008  PARIS\n- soit  de saisir  d'un  RECOURS  CONTENTIEUX\nle Tribunal  administratif  comp\u00e9tent\nAucune  de ces  voies  et recours  ne suspend  l'application  de la pr\u00e9sente  d\u00e9cision.\nLes recours  GRACIEUX  et HIERARCHIQUE  doivent  \u00eatre  \u00e9crits,  exposer  les arguments\nou faits  nouveaux  et comprendre  la copie  de la d\u00e9cision  contest\u00e9e.\nLe recours  contentieux,  qui vise  \u00e0 contester  la LEGALITE  de la pr\u00e9sente  d\u00e9cision,  doit\n\u00e9galement  \u00eatre  \u00e9crit  et exposer  votre  argumentation  juridique.\nSi vous  n'aviez  pas  de r\u00e9ponse  \u00e0 votre  recours  GRACIEUX  ou HIERARCHIQUE  dans  un\nd\u00e9lai  de deux  mois  \u00e0 compter  de la r\u00e9ception  de votre  recours  par l'administration,\nvotre  demande  devra  \u00eatre  consid\u00e9r\u00e9e  comme  rejet\u00e9e  (d\u00e9cision  implicite  de rejet).\nEn cas  de rejet  des  RECOURS  GRACIEUX  ou HIERARCHIQUE,  le Tribunal  administratif\npeut  \u00eatre  saisi  d'un  recours  contentieux  dans  le d\u00e9lai  de deux  mois  \u00e0 compter  de la\ndate  de la d\u00e9cision  de rejet.\n\nAnnexe  1 de l'arr\u00eat\u00e9  n\u00b01701150  du gsm 0\nNum\u00e9ro  ONU | Nom et description  D  ae Usages  accept\u00e9s  (exemple)\n1001 Ac\u00e9tyl\u00e9ne  dissous  ae A  d'urgence\n1002  Air comprim\u00e9  2.2 M\u00e9dical  (oxyg\u00e9noth\u00e9rapie)\n1003  Air liquide  r\u00e9frig\u00e9r\u00e9  22451  M\u00e9dical  (cryochirurgie)\n1006  Argon  comprim\u00e9  22 M\u00e9dical  (chirurgie,  endoscopie)\n1011  Butane  21 Restauration  (gazini\u00e8re)\n1013  Dioxyde  de carbone  2.2 Restauration  (pompes  \u00e0 bi\u00e8res)\n1046  H\u00e9lium  comprim\u00e9  2.2 M\u00e9dical  (imagerie)\n1049  Hydrog\u00e8ne  comprim\u00e9  21 Transport  (carburant  VL, TC)\n1066 'Azote  comprim\u00e9  22 M\u00e9dical  (cryochirurgie)\n1070  Protoxyde  d'azote  2.2+5.1  ns  chirurgie,\n1072  Oxyg\u00e8ne  comprim\u00e9  2.2+5.1  M\u00e9dical  (oxyg\u00e9noth\u00e9rapie)\n1073  Oxyg\u00e8ne  liquide  r\u00e9frig\u00e9r\u00e9  2.2+5.1  M\u00e9dical  (oxyg\u00e9noth\u00e9rapie)\n1080 Hexafluorure  de soufre  22 ome\n1170  Ethanol  ou \u00e9thanol  en solution  3 M\u00e9dical  (antiseptique)\n1202  Carburant  Diesel  ou Gazole  3 Transport  (carburant  VL, TC,  PL)\n1203  Essence  3 Transport  (carburant  VL)\n1660  Monoxyde  d'azote  comprim\u00e9  2.3+5.1+8  M\u00e9dical  (oxyg\u00e9noth\u00e9rapie)\n1951  Argon  liquide  r\u00e9frig\u00e9r\u00e9  2.2 M\u00e9dical  (chirurgie)\n1956  Gaz  comprim\u00e9,  N.S.A.?  2.2 M\u00e9dical  (non  sp\u00e9cifi\u00e9)\n1963  H\u00e9lium  liquide  r\u00e9frig\u00e9r\u00e9  2.2 M\u00e9dical  (imagerie)\n1965 roars  laut  NS . aa Restauration  (gazini\u00e9re)\n1971 eee  ou G8x ah Transport  (carburant  VL, TC)\n1977  Azote  liquide  r\u00e9frig\u00e9r\u00e9  2.2 M\u00e9dical  (dermatologie)\n1978  Propane  21 Restauration  (gazini\u00e8re)\n1992 ee  inflammable,  toxique,  S464 M\u00e9dical  (effluent  de laboratoire)\n1 Description  des  classes  et \u00e9tiquettes  de danger  en annexe  1.\n2N.S.A.:  Non  Sp\u00e9cifi\u00e9  par ailleurs.  Rubrique  regroupant  divers  mati\u00e8res,  m\u00e9langes,  solutions  ou objets.\n\n1993  Liquide  inflammable,  N.S.A.  3 M\u00e9dical  (antiseptique)\n= ENT  Etiquettes  deum\u00e9ro  ONU  | Nom  et description  danger  Usages  accept\u00e9s  (exemple)\n2187  Dioxyde  de carbone  liquide  2.2 Restauration  (r\u00e9frig\u00e9rant  de\nr\u00e9frig\u00e9r\u00e9  cong\u00e9lation)  / M\u00e9dical  (endoscopie)\n2193  Hexafluoroethane  2.2 M\u00e9dical  (ophtalmologie)\n2201 _| Protoxyde  d'azote  liquide  2.2451  | M\u00e9dical  (oxyg\u00e9noth\u00e9rapie)r\u00e9frig\u00e9r\u00e9\n2424  Octafluoropropane  2.2 M\u00e9dical  (\u00e9chographie)\n2821  Ph\u00e9nol  en solution  6.1 M\u00e9dical  (antiseptique)\nx \" \u00e0 7 M\u00e9dical  (emballage  de Fluor-18,2908  Mati\u00e8res  radioactives,  emballages  Techn\u00e9tium-99  ou lode-123\nvide  comme  colis  except\u00e9s  .\nexclusivement)\n2910  Mati\u00e8res  radioactives,  quantit\u00e9s  7 M\u00e9dical  (Fluor-18,  Techn\u00e9tium-99\nlimit\u00e9es  en colis  except\u00e9  ou lode-123  exclusivement)\nMati\u00e8res  radioactives  en colis  de 7 M\u00e9dical  (Fluor-18,  Techn\u00e9tium-99\n2915  :type  \u00c0 ou lode-123  exclusivement)\n2924 Rues  inflammable,  corrosif,  #8 M\u00e9dical  (effluent  de laboratoire)\n3090  Piles  au lithium  m\u00e9tal  9 Transport  (batterie)\n3157  Gaz liqu\u00e9fi\u00e9  comburant,  N.S.A.  2.2451  M\u00e9dical  (anesth\u00e9sie,  chirurgie,\nodontologie)\n3158  Gaz  liquide  r\u00e9frig\u00e9r\u00e9,  N.S.A.  2.2 M\u00e9dical  (non  sp\u00e9cifi\u00e9)\nM\u00e9dicament  liquide  inflammable,  3+6.1  ye : 73248  toxique,  N.S.A.  M\u00e9dical  (antiseptique)\nD\u00e9chets  d'h\u00f4pital  non  sp\u00e9cifi\u00e9,  6.2\n3291  (bio)m\u00e9dical  et m\u00e9dical  M\u00e9dical  (d\u00e9chets)\nr\u00e9glement\u00e9,  N.S.A.\n3373  Mati\u00e9re  biologique,  cat\u00e9gorie  B 6.2 M\u00e9dical  (pr\u00e9l\u00e8vements)\nM\u00e9lange  d'\u00e9thanol  et d'essence  33475  contenant  plus  de 10%  d'\u00e9thanol  Transport  (carburant  VL, TC,  PL)\n3480  Piles  au lithium  ionique  9 Transport  (batterie)\n\nEu\nPREFECTURE  ap\nDE POLICE  a CABINET  DU PREFET\nLibert\u00e9\n\u00c9galit\u00e9\nFraternit\u00e9\nArr\u00eat\u00e9 n\u00b0 2024-01181\nr\u00e9glementant  temporairement  la d\u00e9tention,  le transport  et l'utilisation  d'armes  ou\nd'objets  pouvant  constituer  une arme  par destination,  l'achat,  la vente,  le transport\net l'utilisation  d'artifices  de divertissement,  d'articles  pyrotechniques,\nde produits  explosifs  et pr\u00e9curseurs  d'explosifs  ainsi  que  la vente  au d\u00e9tail  et le transport\nen r\u00e9cipients  de carburants  ou tous  produits  inflammables  ou corrosifs  \u00e0 Paris  et dans  les\nd\u00e9partements  de la petite  couronne  du mardi  27 ao\u00fbt  2024  \u00e0 00h00  au jeudi  29 ao\u00fbt  2024\n\u00e0 06h00  et du samedi  7 septembre  2024  \u00e0 00h00  au lundi  9 septembre  2024  \u00e0 06h00\nLe pr\u00e9fet  de police,\nVu le r\u00e8glement  (UE)  2019/1148  du Parlement  europ\u00e9en  et du Conseil  du 20 juin  2019\nrelatif  \u00e0 la commercialisation  et l'utilisation  de pr\u00e9curseurs  d'explosifs  ;\nVu le code  de la d\u00e9fense,  et notamment  ses articles  L. 2352-1  et suivants  et R. 2353-14  et\nsuivants  ;\nVu le code  de l'environnement,  et notamment  ses articles  L. 557-1  et suivants  et R. 557-6-3  ;\nVu le code  g\u00e9n\u00e9ral  des  collectivit\u00e9s.  territoriales,  notamment  ses articles  L. 2215-1,  L. 2512-\n13, L. 2512-17  et L. 2521-3  ;\nVu le code  p\u00e9nal,  et notamment  ses articles  132-75,  322-5  \u00e0 322-11-1  et R. 644-5  ;\nVu le code  de la s\u00e9curit\u00e9  int\u00e9rieure,  et notamment  l'article  L. 122-1,  L. 122-2,  L. 131-4  et\nsuivants  et L. 211-3;\nVu la loi n\u00b0 2023-380  du 19 mai  2023  relative  aux  jeux  Olympiques  et Paralympiques  de\n2024  et portant  diverses  autres  dispositions  ;\nVu le d\u00e9cret  n\u00b0 2004-374  du 29 avril  2004  modifi\u00e9  relatif  aux pouvoirs  des pr\u00e9fets,  a\nl'organisation  et \u00e0 l'action  des  services  de l'Etat  dans  les r\u00e9gions  et d\u00e9partements,\nnotamment  ses articles  70, 72 et 73;\nVu le d\u00e9cret  n\u00b0 2015-799  du 1\u00b0 juillet  2015  relatifs  aux  produits  et \u00e9quipements  \u00e0 risque  ;\nVu le d\u00e9cret  n\u00b02021-1397  du 27 octobre  2021  modifi\u00e9  portant  application  de l'article\nL.211-11-1  du code  de la s\u00e9curit\u00e9  int\u00e9rieure  aux  jeux  Olympiques  et Paralympiques  de\n2024;\nVu le d\u00e9cret  n\u00b0 2024-107  du 14 f\u00e9vrier  2024  relatif  aux  comp\u00e9tences  du pr\u00e9fet  de police\net a celles  du pr\u00e9fet  de police  des  Bouches-du-Rh\u00f4ne  pour  les jeux  Olympiques  et\nParalympiques  de 2024,  ainsi  qu'a  la comp\u00e9tence  territoriale  de certaines  directions  de la\npr\u00e9fecture  de police  ;\n\nVu Farr\u00e9t\u00e9  du 31 mai  2010  modifi\u00e9  pris  en application  des articles  3, 4 et 6 du d\u00e9cret\nn\u00b0 2010-580  du 31 mai 2010  relatif  \u00e0 l'acquisition,  la d\u00e9tention  et l'utilisation  des artifices\nde divertissement  et des  articles  de pyrotechniques  destin\u00e9s  au th\u00e9\u00e2tre  ;\nVu l'arr\u00eat\u00e9  du 17 d\u00e9cembre  2021  portant  application  des articles  L. 557-10-1  et R. 557-6-\n141  du code  de l'environnement  relatifs  aux articles  pyrotechniques  destin\u00e9s  au\ndivertissement  ;\nVu le d\u00e9cret  du 20 juillet  2022  par lequel  M. Laurent  NUNEZ,  pr\u00e9fet,  coordonnateur\nnational  du renseignement  et de la lutte  contre  le terrorisme,  est nomm\u00e9  pr\u00e9fet  de police\n(hors  classe)  ;\nConsid\u00e9rant  que,  en application  des articles  1.122-1  et L. 122-2  du code  de s\u00e9curit\u00e9\nint\u00e9rieure,  72 et 73 du d\u00e9cret  du 29 avril  2004  susvis\u00e9,  le pr\u00e9fet  de police  a la charge  de\nl'ordre  public,  notamment  la pr\u00e9vention  des atteintes  \u00e0 la s\u00e9curit\u00e9  des personnes  et des\nbiens,  \u00e0 Paris  et dans  les d\u00e9partements  des Hauts-de-Seine,  de la Seine-Saint-Denis  et du\nVal-de-Marne  ; qu'en  application  de l'article  1\u00b0 du d\u00e9cret  du 14 f\u00e9vrier  2024  susvis\u00e9,  le\npr\u00e9fet  de police  exerce  dans  les d\u00e9partements  des Hauts-de-Seine,  de la Seine-Saint-\nDenis  et du Val-de-Marne  les missions  de police  administrative  qui lui sont  d\u00e9volues  et\ncelles  attribu\u00e9es  au repr\u00e9sentant  de l'Etat  dans  ie d\u00e9partement  par Farticle  73 du d\u00e9cret\ndu 29 avril  2004  susvis\u00e9  du 1er juillet  au 15 septembre  2024,  notamment  la pr\u00e9vention  des\natteintes  \u00e0 la s\u00e9curit\u00e9  des  personnes  et des  biens  ;\nConsid\u00e9rant  que  les Jeux  Olympiques  et Paralympiques  de Paris  2024,  qui se d\u00e9roulent  en\nFrance  du 26 juillet  au 8 septembre  2024,  ont  le c\u00e4ract\u00e8re  d'un  \u00e9v\u00e8nement  international\nhors  norme  aux enjeux  de s\u00e9curit\u00e9  in\u00e9dits  ; que  les c\u00e9r\u00e9monies  d'ouverture  et de cl\u00f4ture\ndes Jeux  Paralympiques  se tiendront  respectivement  les mercredi  28 ao\u00fbt  2024  et\ndimanche  8 septembre  2024  ; que  dans  ce contexte,  l'existence  d'un  haut  risque  en terme\nde terrorisme  est av\u00e9r\u00e9:  que  les grands  \u00e9v\u00e8nements  sportifs,  compte  tenu  de leur\nexposition  m\u00e9diatique,  leur  concentration  de foules  et l'accueil  de personnalit\u00e9s\npubliques,  constituent  des  cibles  de choix  pour  des  actions  terroristes  men\u00e9es  par  des\ndjihadistes  ou par  des  membres  d'autres  segments  id\u00e9ologiques;  que  de mani\u00e8re\nsp\u00e9cifique,  les jeux  de Paris  de 2024  font  l'objet  d'une  menace  pr\u00e9gnante  de par\nl'exposition  de la France,  la pr\u00e9sence  de nombreuses  d\u00e9l\u00e9gations  \u00e9trang\u00e8res  et la venue\nattendue  de 15 millions  de personnes  ; que  dans  ce contexte,  l'existence  d'un  haut  risque\nen terme  de terrorisme  est av\u00e9r\u00e9  ; qu'il  appartient  \u00e0 l'autorit\u00e9  de police  comp\u00e9tente  de\nprendre  les mesures  adapt\u00e9es,  n\u00e9cessaires  et proportionn\u00e9es  visant  \u00e0 garantir  la s\u00e9curit\u00e9\ndes  personnes  et des  biens  et le bon  d\u00e9roulement  de ces diff\u00e9rents  \u00e9v\u00e8nements  ;\nConsid\u00e9rant,  que  le niveau  \u00e9lev\u00e9  et la pr\u00e9gnance  de ia menace  terroriste  mobilisent\nfortement,  dans  le cadre  du plan  VIGIPIRATE  port\u00e9  au niveau  \u00ab Urgence  attentat  \u00bb depuis\nle 24 mars  2024  sur l'ensemble  du territoire  national,  les forces  de s\u00e9curit\u00e9  int\u00e9rieure  pour\nassurer  la s\u00e9curisation  g\u00e9n\u00e9rale  de la r\u00e9gion  d'ile-de-France  et que,  d\u00e8s  lors,  elles  ne\nsauraient  \u00eatre  distraites  de cette  mission  prioritaire  ;\nConsid\u00e9rant  Je risque  d'utilisation  par  des  individus  isol\u00e9s  ou en r\u00e9union  des  artifices  de\ndivertissement,  des  articles  pyrotechniques,  des  produits  explosifs,  pr\u00e9curseurs\nd'explosifs,  carburants,  produits  inflammables  ou corrosifs  contre  les forces  de l'ordre  et\nles 'services  publics  \u00e0 l'occasion  des  c\u00e9r\u00e9monies  d'ouverture  et de cl\u00f4ture  des  Jeux\nParalympiques  ; que  ces \u00e9v\u00e8nements  sont  susceptibles  d'\u00eatre  vis\u00e9s  par des  actions  de\nnature  \u00e0 cr\u00e9er  des  troubles  graves  \u00e0 l'ordre  public  ; que  durant  cette  p\u00e9riode,  le risque\nd'incendie  provoqu\u00e9s  par  des  individus  isol\u00e9s  ou en r\u00e9union  contre  des  biens,  en\nparticulier  des  v\u00e9hicules  et des  b\u00e2timents  publics  est important  ;\n2024-01181\n\nConsid\u00e9rant  que  la projection,  l'utilisation  inconsid\u00e9r\u00e9e  ou mal  intentionn\u00e9e  de\ncarburants  ou combustibles,  de certains  artifices  de divertissement,  d'articles\npyrotechniques,  de produits  explosifs,  de pr\u00e9curseurs  d'explosifs,  particuli\u00e8rement  sur la\nvoie  et les biens  publics  et sur les lieux  de rassembiements,  sont  de nature  \u00e0 entrainer  des\ndangers,  des  accidents,  des  nuisances  et des  atteintes  graves  aux  personnes  et aux  biens  ;\nqu'il  est n\u00e9cessaire  de pr\u00e9venir  les d\u00e9gradations  de biens  publics  ou priv\u00e9s  ainsi  que  les\nd\u00e9sordres  et ies mouvements  de panique  engendr\u00e9s  par la projection  de ces \u00e9l\u00e9ments\ndans  une  foule  ou sur les forces  de s\u00e9curit\u00e9  int\u00e9rieure  ; que  dans  ces  circonstances,  une\nmesure  interdisant  temporairement  la d\u00e9tention  et le transport  d'armes  ou d'objets\npouvant  constituer  une  arme  par destination,  l'achat,  la vente,  le port,  le transport  et\nl'utilisation  des  artifices  de divertissement,  d'articles  pyrotechniques,  de produits\nexplosifs  et pr\u00e9curseurs  d'explosifs  les plus  dangereux  par  des  particuliers,  \u00e0 Paris  et dans\nles d\u00e9partements  des  Hauts-de-Seine,  de la Seine-Saint-Denis  et du Val-de-Marne  est de\nnature  \u00e0 pr\u00e9server  l'ordre  public;  qu'une  telle  interdiction  appara\u00eet  ainsi  adapt\u00e9e,\nn\u00e9cessaire  et proportionn\u00e9e  ;\nARR\u00caTE  :\nArticle  1\u00b0 - En dehors  des  spectacles  pyrotechniques  tels  que  d\u00e9finis  \u00e0 l'article  2 du\nd\u00e9cret  n\u00b02010-580  du 31 mai  2010  et des  feux  d'artifices  non  class\u00e9s  spectacles\npyrotechniques  mais  command\u00e9s  par  des  communes  ou des  personnes  de droit  public  ou\ndes  organisateurs  d'\u00e9v\u00e9nements  d\u00fbment  d\u00e9clar\u00e9s  en mairie  sur des  espaces  priv\u00e9s,  la\nd\u00e9tention  et l'utilisation  des  artifices  de divertissement,  quelle  qu'en  soit  la cat\u00e9gorie,  est\ninterdite  \u00e0 Paris  et dans  les d\u00e9partements  des  Hauts-de-Seine,  de la Seine-Saint-Denis  et\ndu Val-de-Marne  du mardi  27 ao\u00fbt  2024  \u00e0 00h00  jusqu'au  jeudi  29 ao\u00fbt  2024  \u00e0 06h00\npour  la c\u00e9r\u00e9monie  d'ouverture  des  jeux  Paralympiques  et du samedi  7 septembre  2024  \u00e0\n00h00  au lundi  9 septembre  2024  \u00e0 06h00  pour  la c\u00e9r\u00e9monie  de cl\u00f4ture  de ces  Jeux  :\n- sur l'espace  public  ou en direction  de l'espace  public  ;\n- dans  les lieux  de grands  rassemblements  de personnes,  ainsi  qu'\u00e0  leurs  abords\nimm\u00e9diats  ;\n- sur la voie  publique.\nArticle  2 - La vente  et le transport  des  artifices  de divertissement  des  cat\u00e9gories  2 et 3\nfigurant  sur la liste  fix\u00e9e  par  l'arr\u00eat\u00e9  du 17 d\u00e9cembre  2021  susvis\u00e9  est interdite  \u00e0 Paris  et\ndans  les d\u00e9partements  des  Hauts-de-Seine,  de la Seine-Saint-Denis  et du Val-de-Marne  du\nmardi  27 ao\u00fbt  2024  \u00e0 00h00  jusqu'au  jeudi  29 ao\u00fbt  2024  a O6h00  pour  la c\u00e9r\u00e9monie\nd'ouverture  des  jeux  Paralympiques  et du samedi  7 septembre  2024  \u00e0 00h00  au lundi  9\nseptembre  2024  \u00e0 06h00  pour  la c\u00e9r\u00e9monie  de cl\u00f4ture  de ces Jeux.\nArticle  3 - Les personnes  justifiant  d'une  utilisation  des  artifices  de divertissement  et des\narticles  pyrotechniques  \u00e0 des  fins  professionnelles,  titulaires  du certificat  de qualification\npr\u00e9vu  aux  articles  28 et 29 de l'arr\u00eat\u00e9  du 31 mai  2010  pr\u00e9cit\u00e9  peuvent,  \u00e0 ces  fins\nexclusivement,  d\u00e9roger  aux  dispositions  pr\u00e9vues  aux  articles  1 et 2.\nArticle  4 - L'achat  et le transport  dans  tout  r\u00e9cipient  transportable,  par  des  particuliers,\nde carburants  sont  interdits  \u00e0 Paris  et dans  les d\u00e9partements  des  Hauts-de-Seine,  de la\nSeine-Saint-Denis  et du Val-de-Marne  du mardi  27 ao\u00fbt  2024  \u00e0 00h00  jusqu'au  jeudi  29\nao\u00fbt  2024  \u00e0 06h00  pour  la c\u00e9r\u00e9monie  d'ouverture  des  Jeux  Paralympiques  et du samedi  7\nseptembre  2024  \u00e0 00h00  au lundi  9 septembre  2024  \u00e0 06h00  pour  la c\u00e9r\u00e9monie  de\ncl\u00f4ture  de ces  jeux,  sauf  n\u00e9cessit\u00e9  d\u00fbment  justifi\u00e9e  par  le client  ou v\u00e9rifi\u00e9e,  en tant  que\n2024-01181  ;\n\nde besoin,  avec  le concours  des services  locaux  de la police  ou de la gendarmerie\nnationales.  Les d\u00e9taillants,  g\u00e9rants  ou exploitants  des stations-services  situ\u00e9es  dans  les\nd\u00e9partements  concern\u00e9s,  notamment  celles  disposant  d'appareils  ou de pompes\nautomatis\u00e9es  de distribution  d'essence,  devront  s'assurer  du. respect  de cette\nprescription.\nArticle  5- La vente,  le transport  et l'usage  d'acide  sont  interdits  \u00e0 Paris  et dans  les\nd\u00e9partements  des Hauts-de-Seine,  de la Seine-Saint-Denis  et du Val-de-Marne,  du mardi\n27 ao\u00fbt  2024  \u00e0 00h00  jusqu'au  jeudi  29 ao\u00fbt  2024  \u00e0 06h00  pour  la c\u00e9r\u00e9monie  d'ouverture\ndes  Jeux  Paralympiques  et du samedi  7 septembre  2024  \u00e0 00h00  au lundi  9 septembre\n2024  \u00e0 06h00  pour  la c\u00e9r\u00e9monie  de cl\u00f4ture  de ces Jeux,  sur la voie  et les espaces  publics,\nou en direction  de la voie  et des espaces  publics  ainsi  que  dans  les lieux  de grands\nrassemblements.\nArticle  6 - Le port,  le transport  et l'utilisation  des armes  \u00e0 feu,  y compris  factices,  et des\nmunitions,  ainsi  que  de tous  objets  susceptibles  de constituer  une  arme  au sens  de\nl'article  132-75  du code  p\u00e9nal  ou pouvant  servir  de projectile  pr\u00e9sentant  un danger  pour\nla s\u00e9curit\u00e9  des personnes  et des  biens  sont  interdits  \u00e0 Paris  et dans  les d\u00e9partements  des\nHauts-de-Seine,  de la Seine-Saint-Denis  et du Val-de-Marne  du mardi  27 ao\u00fbt  2024  \u00e0\n00h00  jusqu'au  jeudi  29 ao\u00fbt  2024  \u00e0 06h00  pour  la c\u00e9r\u00e9monie  d'ouverture  des  Jeux\nParalympiques  et du samedi  7 septembre  2024  \u00e0 00h00  au lundi  9 septembre  2024  \u00e0\n06h00  pour  la c\u00e9r\u00e9monie  de cl\u00f4ture  de ces Jeux.\nArticle  7- Toute  infraction  aux  dispositions  du pr\u00e9sent  arr\u00eat\u00e9  sera  constat\u00e9e  et poursuivie\nconform\u00e9ment  aux  lois et r\u00e8glements  en vigueur.  Les infractions  sp\u00e9cifiques  au pr\u00e9sent\narr\u00eat\u00e9  seront  passibles  de contravention  de 1** classe  ainsi  que  de l'application  de l'article\n322-11-1  du code  p\u00e9nal.\nArticle  8- En cas d'urgence  et pour  r\u00e9pondre  \u00e0 un besoin  justifi\u00e9,  il peut  \u00eatre  d\u00e9rog\u00e9  aux\ndispositions  des  articles  1 \u00e0 6 du pr\u00e9sent  arr\u00eat\u00e9,  sur autorisation  des  services  de la police\nnationale  accord\u00e9e  lors  des  contr\u00f4les.\nArticle  9- Le pr\u00e9fet  des  Hauts-de-Seine,  le pr\u00e9fet  de la Seine-Saint-Denis,  la pr\u00e9f\u00e8te  du\nVal-de-Marne,  la pr\u00e9f\u00e8te,  directrice  de cabinet,  la directrice  de la s\u00e9curit\u00e9  de proximit\u00e9  de\nl'agglom\u00e9ration  parisienne,  le directeur  de l'ordre  public  et de la circulation  et le\ndirecteur  de la police  judiciaire  de la pr\u00e9fecture  de police  de Paris  sont  charg\u00e9s,  chacun\nen ce qui le concerne,  de l'ex\u00e9cution  du pr\u00e9sent  arr\u00eat\u00e9  qui sera  publi\u00e9  aux  recueils  des\nactes  administratifs  des  d\u00e9partements  de Paris,  des  Hauts-de-Seine,  de la Seine-Saint-\nDenis  et du Val-de-Marne  et consultable  sur le site  internet  de la pr\u00e9fecture  de police\n(https://www.prefecturedepolice.interieur.gouv.fr).\nFait \u00e0 Paris,  le 09 AO\u00dbT 2024\nLaurent  NUNEZ\n2024-01181  '\n\nANNEXE  A L'ARRETE  N\u00b0 2024-01181  du 0.9 AQUT 2024\nVOIES  ET DELAIS  DE RECOURS\nSi vous  estimez  devoir  contester  la pr\u00e9sente  autorisation,  il vous  est possible,  dans  un\nd\u00e9lai  de deux  mois  \u00e0 compter  de la date  de sa publication  au recueil  des  actes\nadministratifs  du d\u00e9partement  de Paris  :\n- soit  de saisir  d'un  RECOURS  GRACIEUX\nle Pr\u00e9fet  de Police\n718,  boulevard  du Palais  - 75195  PARIS  RP\n- ou de former  un RECOURS  HIERARCHIQUE\naupr\u00e8s  du Ministre  de l'int\u00e9rieur  et des  outre-mer\nDirection  des  libert\u00e9s  publiques  et des  affaires  juridiques\nplace  Beauvau  - 75008  PARIS\n- soit  de saisir  d'un  RECOURS  CONTENTIEUX\nle Tribunal  administratif  comp\u00e9tent\nAucune  de ces  voies  et recours  ne suspend  l'application  de la pr\u00e9sente  d\u00e9cision.\nLes  recours  GRACIEUX  et HIERARCHIQUE  doivent  \u00eatre  \u00e9crits,  exposer  les arguments  ou\nfaits  nouveaux  et comprendre  la copie  de la d\u00e9cision  contest\u00e9e.\nLe recours  contentieux,  qui  vise  \u00e0 contester  la LEGALITE  de la pr\u00e9sente  d\u00e9cision,  doit\n\u00e9galement  \u00eatre  \u00e9crit  et exposer  votre  argumentation  juridique.\nSi vous  n'aviez  pas  de r\u00e9ponse  \u00e0 votre  recours  GRACIEUX  o\u00f9 HIERARCHIQUE  dans  un\nd\u00e9lai  de deux  mois  \u00e0 compter  de la r\u00e9ception  de votre  recours  par  l'administration,  votre\ndemande  devra  \u00eatre  consid\u00e9r\u00e9e  comme  rejet\u00e9e  (d\u00e9cision  implicite  de rejet).\nEn cas  de rejet  des  RECOURS  GRACIEUX  ou HIERARCHIQUE,  le Tribunal  administratif\npeut  \u00eatre  saisi  d'un  recours  contentieux  dans  le d\u00e9lai  de deux  mois  \u00e0 compter  de la date\nde la d\u00e9cision  de rejet.\n\nEs  CABINET  DU PREFET\nPREFECTURE  ap\nDE POLICE  @\nLibert\u00e9\n\u00c9galit\u00e9\nFraternit\u00e9\nam\u00eat\u00e9ne  2024/01193\nautorisant  la captation,  l'enregistrement  et la transmission  d'images  au moyen  de cam\u00e9ras\ninstall\u00e9es  sur des  a\u00e9ronefs  \u00e0 l'occasion  des  jeux  Paralympiques  de Paris  du jeudi  29 ao\u00fbt\nau samedi  7 septembre  2024  sur le site  de l'Arena  La D\u00e9fense  \u00e0 Nanterre  (92)\nLe pr\u00e9fet  de police,\nVu le code  de la s\u00e9curit\u00e9  int\u00e9rieure,  notamment  ses articles  L. 242-1  \u00e0 L. 242-8  et R. 242-84\nR. 242-15  ;\nVu la loi n\u00b0 2023-380  du 19 mai  2023  relative  aux jeux  Olympiques  et Paralympiques  de\n2024  et portant  diverses  autres  dispositions  ;\nVu le d\u00e9cret  n\u00b0 2004-374  du 29 avril  2004  modifi\u00e9  relatif  aux  pouvoirs  des  pr\u00e9fets,  a\nl'organisation  et \u00e0 l'action  des  services  de l'Etat  dans  les r\u00e9gions  et d\u00e9partements,\nnotamment  son  article  73  ;\nVu. le d\u00e9cret  n\u00b02021-1397  du 27 octobre  2021  portant  application  de l'article  L. 211-11-1  du\ncode  de la s\u00e9curit\u00e9  int\u00e9rieure  aux  jeux  Olympiques  et Paralympiques  de 2024;\nVu le d\u00e9cret  n\u00b0 2023-1120  du 29 novembre  2023  modifiant  le d\u00e9cret  n\u00b0 2021-1397  du 27\noctobre  2021  portant  application  de l'article  L. 211-11-1  du code  de la s\u00e9curit\u00e9  int\u00e9rieure  aux\njeux  Olympiques  et Paralympiques  de 2024;\nVu le d\u00e9cret  n\u00b0 2024-107  du 14 f\u00e9vrier  2024  relatif  aux  comp\u00e9tences  du pr\u00e9fet  de police  et\n\u00e0 celles  du pr\u00e9fet  de police  des  Bouches-du-Rh\u00f4ne  pour  les jeux  Olympiques  et\nParalympiques  de 2024,  ainsi  qu'\u00e0  la comp\u00e9tence  territoriale  de certaines  directions  de la\npr\u00e9fecture  de police  ;\nVu le d\u00e9cret  du 20 juillet  2022  par lequel  M. Laurent  NUNEZ,  pr\u00e9fet,  coordonnateur  national\ndu renseignement  et de la lutte  contre  le terrorisme,  est nomm\u00e9  pr\u00e9fet  de police  (hors\nclasse);\nVu l'arr\u00eat\u00e9  du 19 avril  2023  relatif  au nombre  maximal  de cam\u00e9ras  install\u00e9es  sur des  a\u00e9ronefs\npouvant  \u00eatre  simultan\u00e9ment  utilis\u00e9es  dans  chaque  d\u00e9partement  et collectivit\u00e9  d'outre-\nmer  ;\nVu l'instruction  minist\u00e9rielle  NOR  10MD2311883)  du 30 avril  2023  relative  \u00e0 la proc\u00e9dure\nd'autorisation  des  cam\u00e9ras  install\u00e9es  sur des  a\u00e9ronefs  pour  des  missions  de police\nadministrative  ;\nVu la demande  en date  du 7 ao\u00fbt  2024  form\u00e9e  par la direction  de l'ordre  public  et de la\ncirculation  visant  \u00e0 obtenir  l'autorisation  de capter,  d'enregistrer  et de transmettre  des\nimages  au moyen  de 8 cam\u00e9ras  install\u00e9es  sur des  a\u00e9ronefs  t\u00e9l\u00e9-pilot\u00e9s  afin  de pr\u00e9venir  les\natteintes  \u00e0 la s\u00e9curit\u00e9  des  personnes  et des  biens,  d'assurer  la s\u00e9curit\u00e9  des  rassemblements,\nde pr\u00e9venir  les actes  de terrorisme  et de r\u00e9guler  les flux  de transports  \u00e0 l'occasion  des  Jeux\n\nParalympiques  de Paris  sur les sites  de comp\u00e9tition  de l'Arena  La D\u00e9fense  \u00e0 Nanterre  (92)\ndu jeudi  29 ao\u00fbt  au samedi  7 septembre  2024  ;\nConsid\u00e9rant  que  les dispositions  du | de l'article  L. 242-5  du code  de la s\u00e9curit\u00e9  int\u00e9rieure\npermettent  aux forces  de s\u00e9curit\u00e9  int\u00e9rieure  de proc\u00e9der  \u00e0 la captation,  \u00e0 l'enregistrement\net \u00e0 la transmission  d'images  au moyen  de 8 cam\u00e9ras  install\u00e9es  sur des  a\u00e9ronefs  aux  fins\nd'assurer  la pr\u00e9vention  des  atteintes  \u00e0 la s\u00e9curit\u00e9  des  personnes  et des  biens  dans  des  lieux\nparticuli\u00e8rement  expos\u00e9s,  la s\u00e9curit\u00e9  des  rassemblements  de personnes  sur la voie  publique\nainsi  que  l'appui  des  personnels  au sol, en vue  de leur  permettre  de maintenir  ou de r\u00e9tablir\nl'ordre  public  lorsque  ces  rassemblements  sont  susceptibles  d'entra\u00eener  des  troubles  graves\n\u00e0 l'ordre  public,  la pr\u00e9vention  d'actes  terroristes  et la r\u00e9gulation  des  flux  de transport  ;\nConsid\u00e9rant  que  se d\u00e9rouleront  du 28-ao\u00fbt  au 7 septembre  2024  plusieurs  \u00e9preuves  des\nJeux  Paralympiques  sur le site  de l'Arena  La D\u00e9fense  \u00e0 Nanterre  (92)  ; qu'\u00e0  cette  occasion,\nun nombre  important  de visiteurs  ainsi  que  des  personnalit\u00e9s  seront  pr\u00e9sents  ; qu'il  importe\nde pr\u00e9venir  les atteintes  aux  personnes  et aux  biens,  les troubles  \u00e0 l'ordre  public  \u00e0 cette\noccasion  et de pouvoir  disposer  d'un  appui  par  des  cam\u00e9ras  a\u00e9roport\u00e9es  pour  garantir  la\nfluidit\u00e9  des  acc\u00e8s  aux  transports  publics  et leur  bonne  r\u00e9gulation  eu \u00e9gard  au nombre  de\nspectateurs  attendus;  que  ces  \u00e9preuves  se d\u00e9rouleront  par  ailleurs  dans  un contexte\nmarqu\u00e9  par  la menace  terroriste  qui sollicite  \u00e0 un niveau  \u00e9lev\u00e9  les forces  de s\u00e9curit\u00e9\nint\u00e9rieure  dans  le cadre  du plan  VIGIPIRATE  \u00ab Urgence  attentat  \u00bb en vigueur  sur l'ensemble\ndu territoire  national  depuis  le 24 mars  2024  ;\nConsid\u00e9rant  que  le recours  \u00e0 des  cam\u00e9ras  a\u00e9roport\u00e9es  permet  de disposer  d'une  vision  en\ngrand  angle  tout  en limitant  l'engagement  des  forces  au sol;  qu'il  n'existe  pas  de dispositif\nmoins  intrusif  permettant  de parvenir  aux  m\u00eames  fins  ;\nConsid\u00e9rant  que  la demande  de la direction  de l'ordre  public  et de la circulation  porte  sur\nl'engagement  de 8 cam\u00e9ras  a\u00e9roport\u00e9es  qui pourront  \u00eatre  en vol simultan\u00e9ment  en vue  de\ncapter,  d'enregistrer  et de transmettre  des  images  ; que  les aires  survol\u00e9es  sont  strictement\nlimit\u00e9es  aux  zones  o\u00d9 seront  mises  en \u0153uvre  les finalit\u00e9s  susvis\u00e9es  ; que  la dur\u00e9e  de\nl'autorisation  demand\u00e9e  n'appara\u00eet  pas  disproportionn\u00e9e  au regard  de ces  m\u00eames  finalit\u00e9s  ;\nSur  proposition  de la direction  de l'ordre  public  et de la circulation,\nARRETE  :\nArticle  1* \u2014 La captation,  l'enregistrement  et la transmission  d'images  par  la direction  de\nl'ordre  public  et de la circulation  sont  autoris\u00e9s  dans  les Hauts-de-Seine  dans  le cadre  des\ncomp\u00e9titions  sportives  des  jeux  Paralympiques  de Paris  2024  sur le site  de l'Arena  La\nD\u00e9fense  \u00e0 Nanterre  (92)  aux  titres  de:\n- la pr\u00e9vention  des  atteintes  \u00e0 la s\u00e9curit\u00e9  des  personnes  et des  biens  ;\n- la s\u00e9curit\u00e9  des  rassemblements  ;\n- la pr\u00e9vention  d'actes  de terrorisme  ;\n- la r\u00e9gulation  des  flux  de transports.\nArticle  2 - Le nombre  maximal  de cam\u00e9ras  pouvant  proc\u00e9der  simultan\u00e9ment  \u00e0 des\nenregistrements  est fix\u00e9,  sur chacun  des  jours  concern\u00e9s,  \u00e0 8 cam\u00e9ras  embarqu\u00e9es  sur des\na\u00e9ronefs  t\u00e9l\u00e9-pilot\u00e9s.\n2024/01193\n\nArticle  3 \u2014 La pr\u00e9sente  autorisation  s'applique  aux  communes  de Nanterre,  de Courbevoie,\net de Puteaux  (92).\nArticle  4 - La pr\u00e9sente  autorisation  est d\u00e9livr\u00e9e  les jours  de comp\u00e9titions  sportives  pour\nl'ensemble  des  finalit\u00e9s  pr\u00e9cit\u00e9es  selon  les modalit\u00e9s  suivantes  :\n- le jeudi  29 ao\u00fbt  2024  de 07h00  \u00e0 22h30;\n- te vendredi  30 ao\u00fbt  2024  de 07h00  \u00e0 22h30;\n- le samedi  31 ao\u00fbt  2024  de 07h00  \u00e0 22h30;\n- le dimanche  1\" septembre  2024  de 07h00  \u00e0 22h30  ;\n- le lundi  2 septembre  2024  de 07h00  \u00e0 22h30;\n- le mardi  3 septembre  2024  de 07h00  \u00e0 22h30;\n- le mercredi  4 septembre  2024  de 07h00  \u00e0 22h30;\n- le jeudi  5 septembre  2024  de 07h00  \u00e0 22h30;  /\n- le vendredi  6 septembre  2024  de 07h00  \u00e0 22h30;\n- le samedi  7 septembre  2024  de 07h00  \u00e0 22h30.\nArticle  5 - L'information  du public  \u00e9st assur\u00e9e  par  la publication  de l'arr\u00eat\u00e9  aux  recueils  des\nactes  administratifs  des  d\u00e9partements  de Paris  et des  Hauts-de-Seine,  sa mise  en ligne  sur\nle site  internet  de la pr\u00e9fecture  de police  ainsi  que  par une  information  sur les r\u00e9seaux\nsociaux.\nArticle  6 - Le registre  mentionn\u00e9  \u00e0 l'article  L. 242-4  du code  de la s\u00e9curit\u00e9  int\u00e9rieure  est\ntransmis  au pr\u00e9fet  de police,  \u00e0 Fissue  de la p\u00e9riode  d'autorisation.\nArticle  7 \u2014 Le pr\u00e9fet  des  Hauts-de-Seine,  la pr\u00e9f\u00e9te,  directrice  du cabinet  du pr\u00e9fet  de police  et\nle directeur  de l'ordre  public  et de la circulation  sont  charg\u00e9s,  chacun  en ce qui le concerne,  de\nl'ex\u00e9cution  du pr\u00e9sent  arr\u00eat\u00e9  qui entrera  en vigueur  d\u00e8s  son  affichage  aux  portes  de la pr\u00e9fecture\nde police,  sera  publi\u00e9  aux  recueils  des  actes  administratifs  du d\u00e9partement  de Paris  et de la\npr\u00e9fecture  des  Hauts-de-Seine  consultable  sur le site  internet  de la pr\u00e9fecture  de police\n(https://www.prefecturedepolice.interieur.gouv.fr).\nFait \u00e0 Paris,le  ,10  AQUI  2024\nat aia,  NOR\n4\nLa pr\u00e9f\u00e8te,  directrice  du cabinet\nMagali  CHARBONNEAU\n2024/01193\n\nAnnexe  de l'arr\u00eat\u00e9  n\u00b0 at 2419  1193  du 10 AO\u00dbT 2024\nVOIES  ET DELAIS  DE RECOURS\nSi vous  estimez  devoir  contester  la pr\u00e9sente  autorisation,  il vous  est possible,  dans  un d\u00e9lai\nde deux  mois  \u00e0 compter  de la date  de son  affichage  ou de sa publication:\n- soit  de saisir  d'un  RECOURS  GRACIEUX\nle Pr\u00e9fet  de Police\n7/9,  boulevard  du Palais  - 75195  PARIS  RP\n- ou de former:un  RECOURS  HIERARCHIQUE\naupr\u00e8s  du Ministre  de l'int\u00e9rieur  et des  outre-mer\nDirection  des  libert\u00e9s  publiques  et des  affaires  juridiques\nplace  Beauvau  - 75008  PARIS\n- soit  de saisir  d'un  RECOURS  CONTENTIEUX\nle Tribunal  administratif  comp\u00e9tent\nAucune  de ces  voies  et recours  ne suspend  l'application  de la pr\u00e9sente  d\u00e9cision.\nLes  recours  GRACIEUX  et HIERARCHIQUE  doivent  \u00eatre  \u00e9crits,  exposer  les arguments  ou\nfaits  nouveaux  et comprendre  la copie  de la d\u00e9cision  contest\u00e9e.\nLe recours  contentieux,  qui  vise  \u00e0 contester  la LEGALITE  de la pr\u00e9sente  d\u00e9cision,  doit\n\u00e9galement  \u00eatre  \u00e9crit  et exposer  votre  argumentation  juridique.\nSi vous  n'aviez  pas  de r\u00e9ponse  \u00e0 votre  recours  GRACIEUX  ou HIERARCHIQUE  dans  un d\u00e9lai\nde deux  mois  \u00e0 compter  de la r\u00e9ception  de votre  recours  par l'administration,  votre\ndemande  devra  \u00eatre  consid\u00e9r\u00e9e  comme  rejet\u00e9e  (d\u00e9cision  implicite  de rejet).\nEn cas de rejet  des  RECOURS  GRACIEUX  ou HIERARCHIQUE,  le Tribunal  administratif  peut\n\u00eatre  saisi  d'un  recours  contentieux  dans  le d\u00e9lai  de deux  mois  \u00e0 compter  de la date  de la\nd\u00e9cision  de rejet.\n\nPREFECTURE  Cabinet  du pr\u00e9fet\nDE POLICE\nLibert\u00e9\nEgalit\u00e9\nFraternit\u00e9\narr\u00eat\u00e9  n\u00b0 2024-01217\naccordant  d\u00e9l\u00e9gation  de la signature  pr\u00e9fectorale\nau sein  de la direction  de l'innovation,  de la logistique  et des  technologies\nLe pr\u00e9fet  de police,\nVU le code  g\u00e9n\u00e9ral  de la fonction  publique,  notamment  son  article  L417-5  ;\nVU le d\u00e9cret  n\u00b0 95-1197  du 6 novembre  1995  modifi\u00e9  portant  d\u00e9concentration  en mati\u00e8re  de\ngestion  des  personnels  de la police  nationale  ;\nVU le d\u00e9cret  n\u00b02003-737  du 1\u00b0 ao\u00fbt  2003  portant  cr\u00e9ation  d'un  secr\u00e9tariat  g\u00e9n\u00e9ral  pour\nl'administration  \u00e0 la pr\u00e9fecture  de police  ;\nVU le d\u00e9cret  n\u00b02004-374  du 29 avril  2004  modifi\u00e9  relatif  aux  pouvoirs  des  pr\u00e9fets,  \u00e0\nl'organisation  et \u00e0 l'action  des  services  de l'\u00c9tat  dans  les r\u00e9gions  et les d\u00e9partements  ;\nVU le d\u00e9cret  n\u00b0 2013-728  du 12 ao\u00fbt  2013  portant  organisation  de l'administration  centrale  du\nminist\u00e8re  de l'int\u00e9rieur  et du minist\u00e8re  des  outre-mer  ;\nVU le d\u00e9cret  n\u00b0 2014-296  du 6 mars  2014  relatif  aux  secr\u00e9tariats  g\u00e9n\u00e9raux  pour  l'administration\ndu minist\u00e8re  de l'int\u00e9rieur  et modifiant  diverses  dispositions  du code  de la d\u00e9fense  et du\ncode  de la s\u00e9curit\u00e9  int\u00e9rieure  ;\nVU l'arr\u00eat\u00e9  minist\u00e9riel  NOR  INTA  1532249A  du 24 d\u00e9cembre  2015,  relatif  aux  services  charg\u00e9s\nd'exercer  les missions  relevant  du secr\u00e9tariat  g\u00e9n\u00e9ral  pour  l'administration  du minist\u00e8re  de\nl'int\u00e9rieur  de la zone  de d\u00e9fense  et de s\u00e9curit\u00e9  de Paris  ;\nVU l'arr\u00eat\u00e9  pr\u00e9fectoral  n\u00b0 2009-00641  du 7 ao\u00fbt  2009  modifi\u00e9  relatif  \u00e0 l'organisation  de la\npr\u00e9fecture  de police  ;\nVU l'arr\u00eat\u00e9  n\u00b0 2019-00079  du 24 janvier  2019  autorisant  l'installation  du syst\u00e8me  de vid\u00e9o-\nprotection  de la pr\u00e9fecture  de police  ;\nVU l'arr\u00eat\u00e9  pr\u00e9fectoral  n\u00b0 2020-00703  du 8 septembre  2020  relatif  aux  missions  et \u00e0\nl'organisation  de la direction  de l'innovation,  de la logistique  et des  technologies  ;\nVU le d\u00e9cret  du 20 juillet  2022  par  lequel  M. Laurent  NUNEZ,  pr\u00e9fet,  coordonnateur  national\ndu renseignement  et de la lutte  contre  le terrorisme,  est nomm\u00e9  pr\u00e9fet  de police  (hors\nclasse)  ;\nVU le d\u00e9cret  du 22 d\u00e9cembre  2022  par  lequel  M. Philippe  LE MOING  SURZUR,  administrateur\ng\u00e9n\u00e9ral  d\u00e9tach\u00e9  en qualit\u00e9  de sous-pr\u00e9fet  hors  classe,  est nomm\u00e9  pr\u00e9fet,  secr\u00e9taire  g\u00e9n\u00e9ral\npour  l'administration  de la pr\u00e9fecture  de police,  \u00e0 compter  du 22 d\u00e9cembre  2022  ;\nVU le d\u00e9cret  du 27 f\u00e9vrier  2023  par  lequel  Mme  Anne-Florence  CANTON,  ing\u00e9nieure  g\u00e9n\u00e9rale\ndes  mines,  est nomm\u00e9  directrice  de l'innovation,  de la logistique  et des  technologies  \u00e0 la\npr\u00e9fecture  de police,  \u00e0 compter  du 15 mars  2023  ;\nVU l'arr\u00eat\u00e9  n\u00b0 2020-00703  du 8 septembre  2020  modifi\u00e9  relatif  aux  missions  et \u00e0 l'organisation\nde la DILT  ;\nSUR  proposition  du pr\u00e9fet,  secr\u00e9taire  g\u00e9n\u00e9ral  pour  l'administration,\n\nARRETE\nTITRE  1\nD\u00e9l\u00e9gation  de signature  g\u00e9n\u00e9rale\nArticle  1\u00b0\nD\u00e9l\u00e9gation  est donn\u00e9e  \u00e0 Mme  Anne-Florence  CANTON,  ing\u00e9nieure  g\u00e9n\u00e9rale  des  mines,\ndirectrice  de innovation,  de la logistique  et des  technologies  \u00e0 la pr\u00e9fecture  de police,\ndirectement  plac\u00e9e  sous  l'autorit\u00e9  du pr\u00e9fet,  secr\u00e9taire  g\u00e9n\u00e9ral  pour  l'administration,  \u00e0 l'effet\nde signer,  au nom  du pr\u00e9fet  de police  et dans  la limite  de ses attributions,  tous  actes,  arr\u00eat\u00e9s,\nd\u00e9cisions  et pi\u00e8ces  comptables  n\u00e9cessaires  \u00e0 l'exercice  des  missions  fix\u00e9es  par  l'arr\u00eat\u00e9  du\n8 septembre  2020  susvis\u00e9,  \u00e0 l'exception  des  march\u00e9s  publics  dont  le montant  d\u00e9passe\n5 millions  d'euros  TTC.\nPour  l'ex\u00e9cution  du contrat  de partenariat  conclu  avec  la soci\u00e9t\u00e9  IRIS  pour  la mise  en \u0153uvre\ndu plan  zonal  de vid\u00e9o-protection,  d\u00e9l\u00e9gation  lui est donn\u00e9e  pour  signer,  dans  la limite  de\n300.000  euros  annuels  TTC,  tous  les actes,  arr\u00eat\u00e9s,  d\u00e9cisions  et pi\u00e8ces  comptables,  \u00e0\nl'exception  de ceux  ayant  un impact  sur la composante  R1 du loyer  du contrat  de partenariat.\nD\u00e9l\u00e9gation  lui est \u00e9galement  donn\u00e9e,  \u00e0 l'effet  de signer.les  d\u00e9cisions  individuelles  relatives  \u00e0\nl'octroi  des  cong\u00e9s  annuels  et de maladie  ordinaire  des  personnels  relevant  de son  autorit\u00e9.\nEn outre,  d\u00e9l\u00e9gation  est donn\u00e9e  \u00e0 Mme  CANTON,  \u00e0 l'effet  de signer,  au nom  du pr\u00e9fet  de\npolice,  les sanctions  disciplinaires  du premier  groupe,  avertissement  et bl\u00e2me  uniquement,\ninflig\u00e9es  aux  fonctionnaires  du corps  d'encadrement  et d'application  de la police  nationale\nainsi  qu'\u00e0  l'ensemble  des  personnels  administratifs,  techniques,  scientifiques  et sp\u00e9cialis\u00e9s\nplac\u00e9s  sous  son  autorit\u00e9.\nD\u00e9l\u00e9gation  est aussi  donn\u00e9e  \u00e0 Mme  CANTON,  \u00e0 l'effet  de signer,  au nom  du pr\u00e9fet  de police,\nles sanctions  disciplinaires  d'avertissement  et de bl\u00e2me  uniquement,  inflig\u00e9es  aux  policiers\nadjoints  plac\u00e9s  sous  son  autorit\u00e9,\nArticle  2\nEn cas  d'absence  ou d'emp\u00e9chement  de Mme  Anne-Florence  CANTON,  la d\u00e9l\u00e9gation  qui iui\nest consentie  \u00e0 l'article  1\" est exerc\u00e9e  par  M. Christophe  AUMONIER,  administrateur  de l'Etat\ndu grade  transitoire,  directeur  adjoint  de l'innovation,  de la logistique  et des  technologies.\nArticle  3\nEn cas  d'absence  ou d'emp\u00e9chement  de Mme  Anne-Florence  CANTON  et de M. Christophe\nAUMONIER,  la d\u00e9l\u00e9gation  qui  leur  est respectivement  consentie  aux  articles  1\u00b0 et 2 est\nexerc\u00e9e,  dans  la limite  de leurs  attributions  respectives  - \u00e0 l'exception  des  propositions\nd'engagement  de d\u00e9penses,  des  devis,  des  contrats,  des  conventions  et des  march\u00e9s\nsubs\u00e9quents,  des  bons  de commandes  ainsi  que  des  arr\u00eat\u00e9s  pronon\u00e7ant  des  sanctions\ndisciplinaires  - par  :\n- M. Edmond  LANOIRE,  administrateur  de l'Etat  du deuxi\u00e8me  grade,  sous-directeur  de\nl'\u00e9quipement  et de la logistique  ;\n- M. Fr\u00e9d\u00e9ric  LECONTE,  agent  contractuel  de cat\u00e9gorie  A, sous-directeur  des\ntechnologies  :\n- M. Jean-Luc  DAVID,  agent  contractuel  de cat\u00e9gorie  A, chef  du service  du pilotage  et de\nla gouv\u00e9rnance  ;\n- M. Alexandre  DORVILLE,  attach\u00e9  principal  d'administration  d\u00e9tach\u00e9  dans  l'emploi\nfonctionnel  de conseiller  d'administration  de l'int\u00e9rieur  et de l'outre-mer,  secr\u00e9taire\ng\u00e9n\u00e9ral  ;\n- M. Raphael  GUERAND,  agent  contractuel  de cat\u00e9gorie  A, directeur  de programme\nvid\u00e9o  protection  ;\n- M. Lionel  DEL  AGUILA,  agent  contractuel  de cat\u00e9gorie  A, directeur  de programme  JO\n2024  ;\n2024-01217  7\n\n- M. Johan  CAVIROT,  ing\u00e9nieur  principal  des  syst\u00e8mes  d'information  et de\ncommunication,  chef  du service  de l'innovation  et de la prospective  ;\n- M. Nicolas  VIOLLAND,  commissaire  de police,  chef  du service  cyber  ;\n- M. Julien  NALDJIAN  LECL\u00c8RE,  attach\u00e9  d'administration  de l'Etat,  chef  de cabinet.\nSous-direction  de l'\u00e9quipement  et de la logistique\nArticle  4\nHors  les circonstances  vis\u00e9es  \u00e0 l'article  3, d\u00e9l\u00e9gation  est donn\u00e9e  \u00e0 M. Edmond  LANOIRE,  sous-\ndirecteur  de l'\u00e9quipement  et de la logistique,  \u00e0 l'effet  de signer,  dans  la limite  de ses\nattributions,  les devis,  les expressions  de besoin,  les demandes  d'achat,  les pi\u00e8ces  justificatives\nde d\u00e9penses  dont  le montant  unitaire  ne d\u00e9passe  pas 50 000  euros  TTC  et les frais  de\nmissions  des  agents  plac\u00e9s  sous  son  autorit\u00e9.\nD\u00e9l\u00e9gation  lui est \u00e9galement  donn\u00e9e  \u00e0 l'effet  de signer  les actes  de constatation  de service\nfait  de tout  montant,  dans  la limite  de ses attributions,  ainsi  que  les d\u00e9cisions  individuelles\nrelatives  \u00e0 l'octroi  des  cong\u00e9s  annuels  des  personnels  relevant  de son  autorit\u00e9.\nIF lui est aussi  donn\u00e9  d\u00e9l\u00e9gation  pour  la signature  des  attributions  favorables  de moyens\nmobiles  aux  directions  au titre  des  biens  saisis.\nArticle  5\nEn cas  d'absence  ou d'emp\u00eachement  de M. Edmond  LANOIRE,  la d\u00e9l\u00e9gation  qui lui est\nconsentie  \u00e0 l'article  4 peut  \u00eatre  exerc\u00e9e,  dans  la limite  de ses attributions,  par  Mme  Malika\nBENYETTOU,  lieutenant-colonelle,  adjointe  au sous-directeur  de l'\u00e9quipement  et de la\nlogistique.\nEn cas  d'absence  ou d'emp\u00e9chement  de Mme  Malika  BENYETTOU,  la d\u00e9l\u00e9gation  qui  lui est\nconsentie  est exerc\u00e9e,  dans  la limite  de leurs  attributions  respectives,  par :\n- Mme  Sa\u00efda  BELHOUSSE,  attach\u00e9e  d'administration  de l'Etat,  cheffe  de la mission\norganisation  et m\u00e9thode  ;\n- Mme  Mercedes  FERNANDES,  attach\u00e9e  d'administration  de l'Etat,  cheffe  du bureau  de\ngestion  des  moyens  et, en cas  d'absence  ov d'emp\u00e9chement,  par  Mme  M\u00e9gane\nKIEFFERT,  agente  contractuelle  de cat\u00e9gorie  A, adjointe  \u00e0 la cheffe  du bureau  de\ngestion  des  moyens  ; !\n- M. Jean-Etienne  PINGARD,  ing\u00e9nieur  hors  classe  des  services  techniques,  d\u00e9tach\u00e9  dans\nl'emploi  fonctionnel  de chef  des  services  techniques,  chef  du service  des  moyens\nmobiles  ;\n- M. S\u00e9bastien  TEYSSIER,  ing\u00e9nieur  hors  classe  des  services  techniques,  chef  de la\nmission  d'appui  \u00e0 l'externalisation  et, en cas  d'absence  ou d'emp\u00e9chement,  par\nM. Souleymane-Jean  NDIAYE,  attach\u00e9  principal  d'administration  de l'Etat,  adjoint  au\nchef  de la mission  ;\n- M. Julien  VOLKAERT,  ing\u00e9nieur  principal  des  services  techniques,  d\u00e9tach\u00e9  dans  l'emploi\nfonctionnel  de chef  des  services  techniques,  chef  du service  des  \u00e9quipements  de\nprotection  et de s\u00e9curit\u00e9.\n'Article  6\nEn cas  d'absence  o\u00f9 d'emp\u00eachement  de M. Jean-Etienne  PINGARD,  la d\u00e9l\u00e9gation  qui (ui est\nconsentie  \u00e0 l'article  5 peut  \u00eatre  exerc\u00e9e,  dans  la limite  de leurs  attributions  respectives,  par :\n- M. Emmanuel  EGOT,  agent  contractuel  de cat\u00e9gorie  A, chef  du bureau  du maintien  en\ncondition  op\u00e9rationnelle  et en cas  d'absence  ou d'emp\u00e9chement,  M. Lionel  LACHAUD,\nadjoint  au chef  de bureau  ;\n- M. Fr\u00e9d\u00e9ric  DIJOUX,  agent  contractuel  de cat\u00e9gorie  A, chef  du bureau  de gestion  de\nflotte  ;\n- M. David  TROUESSARD,  ing\u00e9nieur  principal  des  services  techniques,  adjoint  au chef  du\nservice  des  moyens  mobiles.\n2024-01217-3-\n\nArticle  7\nEn cas  d'absence  o\u00f9 d'emp\u00each\u00e9ment  de M. Julien  VOLKAERT,  la d\u00e9l\u00e9gation  qui  lui est\nconsentie  \u00e0 l'article  5 peut  \u00eatre  exerc\u00e9e,  dans  la limite  de leurs  attributions  respectives,  par  :\n- M. Thomas  DE LAFORCADE,  agent  contractuel  de cat\u00e9gorie  A, adjoint  au chef  du\nservice  des  \u00e9quipements  de protection  et de s\u00e9curit\u00e9  ;\n- M. Vincent  LE JEUNE,  ing\u00e9nieur  des  services  techniques,  chef  du bureau  de l'armement\net des  moyens  de d\u00e9fense,  et en cas  d'absence  ou d'emp\u00e9chement,  par  M. Germain\nDUVIVIER,  ing\u00e9nieur  des  services  techniques,  adjoint  au chef  du bureau  de l'armement\net des  moyens  de d\u00e9fense  ;\n- M, Stephen  VALESCH-MONNEREAU,  ing\u00e9nieur  des  services  techniques,  chef  du bureau\ndes  mat\u00e9riels  techniques  et sp\u00e9cifiques.\nSous-direction  des  technologies\nArticle  8\nHors  les circonstances  vis\u00e9es  \u00e0 l'article  3, d\u00e9l\u00e9gation  est donn\u00e9e  \u00e0 M. Fr\u00e9d\u00e9ric  LECONTE,  sous-\ndirecteur  des  technologies,  \u00e0 l'effet  de signer,  dans  la limite  de ses attributions,  les devis,  les\nexpressions  de besoin,  les demandes  d'achat,  les pi\u00e8ces  justificatives  de d\u00e9penses  dont  le\nmontant  unitaire  ne d\u00e9passe  pas  50 000  euros  TTC  et les frais  de missions  des  agents  plac\u00e9s\nsous  son  autorit\u00e9.\nD\u00e9l\u00e9gation  lui est \u00e9galement  donn\u00e9e  \u00e0 l'effet  de signer  les actes  de constatation  de service\nfait  de tout  montant,  dans  la limite  de ses attributions,  ainsi  que  les d\u00e9cisions  individuelles\nrelatives  \u00e0 l'octroi  des  cong\u00e9s  annuels  des  personnels  relevant  de son  autorit\u00e9.\n1} lui est aussi  donn\u00e9  d\u00e9l\u00e9gation  pour  la signature  des  attributions  favorables  de moyens\ninformatiques  et de t\u00e9l\u00e9communication  aux  directions,  au titre  des  biens  saisis,\nArticle  9\nEn cas d'absence  ou d'emp\u00eachement  de M. Fr\u00e9d\u00e9ric  LECONTE,  la d\u00e9l\u00e9gation  qui lui est\nconsentie  \u00e0 l'article  8 peut  \u00eatre  exerc\u00e9e,  dans  la limite  de leurs  attributions  respectives,\npar  M. Samy  FAILLER,  ing\u00e9nieur  principal  des  syst\u00e8mes  d'information  et de communication,\nadjoint  au sous-directeur  des  technologies  en charge  des  infrastructures  op\u00e9rationnelles  et\nM. Rachid  IGOUTI,  ing\u00e9nieur  principal  des  syst\u00e8mes  d'information  et de communication,\nadjoint  au sous-directeur  des  technologies  en charge  du syst\u00e8me  d'information.\nEn cas  d'absence  ou d'emp\u00e9chement  de M. Samy  FAILLER  et M. Rachid  IGOUTI,  la d\u00e9l\u00e9gation\nqui leur  est consentie  est exerc\u00e9e,  dans  la limite  de leurs  attributions  respectives,  par  :\n- M. Vincent  CHARPIN,  ing\u00e9nieur  en chef  des  mines,  chef  du service  exploitation  et\nenvironnement  de travail  et, en cas  d'absence  ou d'emp\u00e9chement,  \u00e0 M. St\u00e9phane\nDEWEZ,  ing\u00e9nieur  en chef  ;\n- Mme  Aude  DAO-POIRETTE,  attach\u00e9e  principale  d'administration  de l'Etat,  cheffe  de\nservice  de gestion  des  moyens  et, en cas  d'absence  ou d'emp\u00eachement,  \u00e0 M. Et\u00e9\nBERTIE,  ing\u00e9nieur  principal  des  syst\u00e8mes  d'information  et de communication,  adjoint\nau chef  de service  ;\n- M. J\u00e9r\u00f4me  KERLEAU,  agent  contractuel  de cat\u00e9gorie  A, chef  du service  'des\napplications  et des  op\u00e9rations  et, en cas  d'absence  ou d'emp\u00e9chement,  \u00e0 M. Teddy\nGRUB,  contractuel  de cat\u00e9gorie  \u00c0 ;\n- Mme  Nithya  NARRAINSAMY,  agente  contractuelle  de cat\u00e9gorie  A, en qualit\u00e9  de\ndirectrice  de programme  SIG  ;\n- M. Jean-Marc  PALANQUE,  ing\u00e9nieur  hors  classe  des  syst\u00e8mes  d'information  et. de\ncommunication,  adjoint  au chef  de service  et Fr\u00e9d\u00e9ric  RIEGER,  ing\u00e9nieur  principal  des\nsyst\u00e9mes  d'information  et de communication,  adjoint  au chef  de service  des\ninfrastructures  op\u00e9rationnelles  ;\n2024-01217  \"\n\nde programme  CCOS.\nService  du pilotage  et de la gouvernance\nArticle  10\nHors  les circonstances  vis\u00e9es  \u00e0 l'article  3, d\u00e9l\u00e9gation  est donn\u00e9e  \u00e0 M. Jean-Luc  DAVID,  chef  du\nservice  du pilotage  et de la gouvernance,  \u00e0 l'effet  de signer,  dans  la limite  de ses attributions,\nles devis,  les expressions  de besoin,  les demandes  d'achat,  les pi\u00e8ces  justificatives  de d\u00e9penses\ndont  le montant  Unitaire  ne d\u00e9passe  pas  50 000  euros  TTC  et les frais  de missions  des  agents\nplac\u00e9s  sous  son  autorit\u00e9.\nD\u00e9l\u00e9gation  lui est \u00e9galement  donn\u00e9e  \u00e0 l'effet  de signer  les actes  de constatation  de service\nfait  de tout  montant,  dans  la limite  d\u00e9 ses attributions,  et les d\u00e9cisions  individuelles  relatives  \u00e0\nl'octroi  des  cong\u00e9s  annuels  des  personnels  relevant  de son  autorit\u00e9.\nArticle  11\nEn cas  d'absence  ou d'emp\u00e9chement  de M. Jean-Luc  DAVID,  la d\u00e9l\u00e9gation  qui  lui est  consentie\n\u00e0 l'article  10 peut  \u00eatre  exerc\u00e9e,  dans  la limite  de ses attributions,  par M. R\u00e9gis  REBOUL,  agent\ncontractuel  de cat\u00e9gorie  A, dir\u00e9cteur  de programme  de la plateforme  des  appels  d'urgence  au\nsein  du service  du pilotage  et de la gouvernance.- Mme  Mich\u00e8le  ROUSSEL,  agente  contractuelle  de cat\u00e9gorie  A, en qualit\u00e9  de directrice\nSecr\u00e9tariat  g\u00e9n\u00e9ral\nArticle  12\nHors  les circonstances  vis\u00e9es  \u00e0 l'article  3, d\u00e9l\u00e9gation  est donn\u00e9e  \u00e0 M. Alexandre  DORVILL\u00c9,\nsecr\u00e9taire  g\u00e9n\u00e9ral,  \u00e0 l'effet  de signer,  dans  la limite  de ses attributions,  les devis,  les\nexpressions  de besoin,  les demandes  d'achats,  les pi\u00e8ces  justificatives  de d\u00e9penses  dont  le\nmontant  unitaire  ne d\u00e9passe  pas  50 000  euros  TTC  et les frais  de missions  des  agents  plac\u00e9s\nsous  son  autorit\u00e9,\nD\u00e9l\u00e9gation  lui est enfin  donn\u00e9e  \u00e0 l'effet  de signer  les actes  de constatation  de service  fait  de\ntout  montant  dans  la limite  de ses attributions,  les d\u00e9cisions  individuelles  relatives  \u00e0 l'octroi\ndes  cong\u00e9s  annuels  des  personnels  relevant  de son  autorit\u00e9  et les d\u00e9cisions  individuelles\nrelatives  aux  cong\u00e9s  de maladie  ordinaire  et de t\u00e9l\u00e9travail  des  personnels  relevant  de la\ndirection.\nArticle  13\nEn cas d'absence  ou d'emp\u00eachement  de M. Alexandre  DORVILLE,  la d\u00e9l\u00e9gation  qui lui est\nconsentie  \u00e0 l'article  12 peut  \u00eatre  exerc\u00e9e,  dans  la limite  de leurs  attributions  respectives,  par  :\n- Mme  Laur\u00e8ne  CADIOT-JULLIEN,  attach\u00e9e  principale  d'administration  de I' Etat,  cheffe\ndu d\u00e9partement  des  ressources  humaines  ;\n- M. Abdelkrim  LALDJI,  attach\u00e9  principal  d'administration  de. l'Etat,  chef  du\nd\u00e9partement  des  finances  et de l'achat,  \u00e0 l'exception  de la signature  des  arr\u00eat\u00e9s  de\nt\u00e9l\u00e9travail  ;\n| - M. Philippe  MOUSNY,  ing\u00e9nieur  des  services  techniques,  chef  du d\u00e9partement\nimmobilier  et conditions  de travail,  \u00e0 l'exception  de la signature  des  arr\u00eat\u00e9s  de\n| t\u00e9l\u00e9travail.\nArticle  14\nEn cas  d'absence  ou d'emp\u00e9chement  de Mme  Laur\u00e8ne  CADIOT-JULLIEN,  la d\u00e9l\u00e9gation  qui  lui\nest consentie  \u00e0 l'article  13 peut  \u00eatre  exerc\u00e9e,  dans  la limite  de leurs  attributions  respectives,  et\n\u00e0 l'exception  de la signature  des  arr\u00eat\u00e9s  de t\u00e9l\u00e9travail  par  :\n2024-01217\n\n- Mme  Sylvie  CAETANO,  attach\u00e9e  d'administration  de l'Etat,  cheffe  du bureau  de\nVaccompagnement  des  personnels  ;\n- Mme  Agn\u00e8s  LACASTE,  attach\u00e9e  d'administration  de l'Etat,  cheffe  du bureau  de la\ngestion  des  personnels,  et, en cas  d'absence  ou d'emp\u00e9chement,  par  Mme  Carole\nGROUZARD,  attach\u00e9e  d'administration  de l'Etat,  adjointe  \u00e0 la cheffe  de bureau.\nArticle  15\nEn cas  d'absence  ou d'emp\u00e9chement  de M. Abdelkrim  LALDII,  la d\u00e9l\u00e9gation  qui lui est\nconsentie  \u00e0 l'articte  13 peut  \u00eatre  exerc\u00e9e,  dans  la limite  de leurs  attributions,  par  :\n- Mme  Sylvie  D'OLIVEIRA  LABOR,  attach\u00e9e  d'administration  de l'Etat,  adjointe  au chef\ndu bureau  des  finances  ;\n- M. Thomas  VERNE,  attach\u00e9  principal  d'administration  de l'Etat,  chef  du bureau  de\nVachat,  et en cas  d'absence  ou d'emp\u00eachement,  par  M. C\u00e9dric  JOSEPH-PARFAITE,\nagent  contractuel  de cat\u00e9gorie  A, adjoint  au chef  de bureau.\nArticle  16\nEn cas  d'absence  ou d'emp\u00eachement  de M. Philippe  MOUSNY,  la d\u00e9l\u00e9gation  qui lui est\nconsentie  \u00e0 l'article  13 peut  \u00eatre  exerc\u00e9e,  dans  la limite  de leurs  attributions  respectives,  par  :\n- Mme  Emira  DESHOUILLERES,  secr\u00e9taire  administrative  de classe  normale,  cheffe  de la\nsection  logistique  ;\n- Mme  G\u00e9raldine  WERKHAUSER-BERTRAND,  attach\u00e9e  d'administration  de l'Etat,  cheffe\ndu bureau  de l'immobilier.\nDirection  de programme  vid\u00e9o  protection\nArticle  17\nHors  les circonstances  vis\u00e9es  \u00e0 l'article  3, d\u00e9l\u00e9gation  est donn\u00e9e  \u00e0 M. Raphael  GUERAND,\ndirecteur  de programme  vid\u00e9o  protection,  \u00e0 l'effet  de signer,  dans  la limite  de ses attributions,\nles devis,  les expressions  de besoin,  les demandes  d'achat,  les pi\u00e8ces  justificatives  de d\u00e9penses\ndont  le montant  unitaire  ne d\u00e9passe  pas  50 000  euros  TTC  et les frais  de missions  des  agents\nplac\u00e9s  sous  son  autorit\u00e9,\nD\u00e9l\u00e9gation  lui est \u00e9galement  donn\u00e9e  \u00e0 l'effet  de signer  les actes  de constatation  de service\nfait  de tout  montant,  dans  la limite  de ses attributions,  et les d\u00e9cisions  individuelles  relatives  \u00e0\nl'octroi  des  cong\u00e9s  annuels  des  personnels  relevant  de son  autorit\u00e9,\nDirection  de programme  JO 2024\nArticle  18\nHors  les circonstances  vis\u00e9es  \u00e0 l'article  3, d\u00e9l\u00e9gation  est donn\u00e9e  \u00e0 M. Lionel  DEL  AGUILA,\ndirecteur  de programme  JO 2024,  \u00e0 effet  de signer,  dans  la limite  de ses attributions,  les devis,\nles expressions  de besoin,  les demandes  d'achat,  les pi\u00e8ces  justificatives  de d\u00e9penses  dont  le\nmontant  Unitaire  ne d\u00e9passe  pas  50 000  euros  TTC  et les frais  de missions  des  agents  plac\u00e9s\nsous  son  autorit\u00e9.\nD\u00e9l\u00e9gation  lui est \u00e9galement  donn\u00e9e  \u00e0 l'effet  de signer  les actes  de constatation  de service\nfait  de tout  montant,  dans  la limite  de ses attributions,  et les d\u00e9cisions  individuelles  relatives  \u00e0\nl'octroi  des  cong\u00e9s  annuels  des  personnels  relevant  de son  autorit\u00e9,\nService  de l'innovation  et de la prospective\nArticle  19\nHors  les circonstances  vis\u00e9es  \u00e0 l'article  3, d\u00e9l\u00e9gation  est donn\u00e9e  \u00e0 M. Johan  CAVIROT,  chef  du\nservice  de ('innovation  et de la prospective,  \u00e0 l'effet  de signer,  dans  la limite  de ses\n-6-\n2024-01217\n\nattributions,  les d\u00e9cisions  individuelles  relatives  \u00e0 l'octroi  des  cong\u00e9s  annuels,  ainsi  que  les\nfrais  de missions  des  personnels  relevant  de son  autorit\u00e9.\nService  er\nArticle  20\nHors  les circonstances  vis\u00e9es  \u00e0 l'article  3, d\u00e9l\u00e9gation  est donn\u00e9e  \u00e0 M. Nicolas  VIOLLAND,  chef\ndu service  cyber,  \u00e0 l'effet  de signer,  dans  la limite  de ses attributions,  les d\u00e9cisions\nindividuelles  relatives  \u00e0 l'octroi  des  cong\u00e9s  annuels,  ainsi  que  les frais  de missions  des\npersonnels  relevant  de son  autorit\u00e9.\nCabinet\nArticle  21\nHors  les circonstances  vis\u00e9es  \u00e0 l'article  3, d\u00e9l\u00e9gation  est donn\u00e9e  \u00e0 M. Julien  NALDJIAN\nLECL\u00c8RE,  chef  de cabinet,  \u00e0 l'effet  de signer,  dans  la limite  de ses attributions,  les d\u00e9cisions\nindividuelles  relatives  \u00e0 l'octroi  des  cong\u00e9s  annuels,  ainsi  que  les frais  de missions  des\npersonnels  relevant  de son  autorit\u00e9.\nArticle  22\nEn cas  d'absence  ou d'emp\u00eachement  de M. Julien  NALDJIAN  LECLERE,  la d\u00e9l\u00e9gation  qui lui est\nconsentie  peut  \u00eatre  exerc\u00e9e,  dans  la limite  de ses attributions  par  Mme  M\u00e9liha  CATTOUX,\nagente  contractuelle  de cat\u00e9gorie  A, cheffe  de projet  \u00e0 la synth\u00e8se  et aux  affaires\ntransversales  au sein  du cabinet.\nTITRE  2\nD\u00e9l\u00e9gation  de signature  relative  \u00e0 la cha\u00eene  de la d\u00e9pense\nArticle  23\nD\u00e9l\u00e9gation  est donn\u00e9e  \u00e0 M. Alexandre  DORVILL\u00c9,  secr\u00e9taire  g\u00e9n\u00e9ral  et M. Abdelkrim  LALDII,\nchef  du d\u00e9partement  des  finances  et de l'achat,  \u00e0 l'effet  de signer,  au nom  du pr\u00e9fet  de police\net dans  la limite  de leurs  attributions  respectives,  tous  actes,  d\u00e9cisions,  pi\u00e8ces  comptables\n(notamment  les devis,  les demandes  d'achat,  les engagements  juridiques,  les d\u00e9penses  de la\nr\u00e9gie  d'avances,  les actes  de constatation  et de certification  de service  fait,  les propositions\nde liquidation,  les transferts,  les ordonnances  de paiement,  les pi\u00e8ces  justificatives  de\nd\u00e9penses,  les ordres  de recettes,  les pi\u00e8ces  justificatives  de recettes  ainsi  que  les \u00e9tats  de\ncr\u00e9ances)  \u00e9mis,  dans  le cadre  du p\u00e9rim\u00e8tre  d'ex\u00e9cution  budg\u00e9taire  confi\u00e9  \u00e0 la direction  de\nl'innovation,  de la logistique  et des  technologies.\nArticle  24\nD\u00e9l\u00e9gation  est donn\u00e9e  \u00e0 l'effet  de signer,  au nom  du pr\u00e9fet  de police,  les actes  comptables\n{notamment  les devis,  les demandes  d'achat,  les propositions  d'engagement  et engagements\njuridiques,  les actes  de constatation  et de certification  de service  fait,  les actes  de\nconstatation  et de certification  de service  r\u00e9alis\u00e9,  les propositions  de liquidation,  les transferts,\nles ordonnances  de paiement,  les titres  de recettes,  les ordres  de recettes,  les pi\u00e8ces\njustificatives  de recettes  ainsi  que  les \u00e9tats  de cr\u00e9ances)  \u00e9mis,  dans  le cadre  du p\u00e9rim\u00e8tre\nd'ex\u00e9cution  budg\u00e9taire  confi\u00e9  \u00e0 la direction  de l'innovation,  de la logistique  et des\ntechnologies,  durarit  la p\u00e9riode  de vacance  du poste  de chef  du bureau  des  finances,  aux\nagents  plac\u00e9s  sous  l'autorit\u00e9  de M. Abdelkrim  LALDjI  dont  les noms  suivent,  dans  la limite  de\nleurs  attributions  respectives  :\n- M Olivier  BROGLY,  secr\u00e9taire  administratif  de classe  normale,  charg\u00e9  du suivi  de la\nprogrammation  ;\n- Mme  Karine  ERICHER,  secr\u00e9taire  administrative  de classe  normale,  cheffe  de la section\ndes  \u00e9quipements  de protection  et de s\u00e9curit\u00e9  ;\n2024-01217  T\n\n- 'Mme  Sandrine  MEURIOT-  LEBRETON,  agente  contractuelle  de cat\u00e9gorie.B,  adjointe  \u00e0 la\ncheffe  de la section  des  moyens  mobiles.\n- M. Fabrice  MUNIER,  secr\u00e9taire  administratif  de classe  normale,  charg\u00e9  du suivi  de la\nprogrammation  ;\n- Mme  Paule-Elise  WYDER,  secr\u00e9taire  administrative  de classe  normale,  cheffe  de la\nsection  des  moyens  mobiles.\nD\u00e9l\u00e9gation  de signature  relative  au syst\u00e8me  d'information  financi\u00e8re  CHORUS\nArticle  25\nD\u00e9l\u00e9gation  est donn\u00e9e  \u00e0 l'effet  de signer,  au nom  du pr\u00e9fet  de police,  les actes  comptables\n(notamment  les devis,  les expressions  de besoin,  les actes  de constatation  de service  fait,  les\npi\u00e8ces  justificatives  de d\u00e9penses),  aux  agents  de la sous-direction  de l'\u00e9quipement  et de la\nlogistique,  de la sous-dir\u00e9ction  des  technologies,  du service  du pilotage  de la gouvernance,  du\nsecr\u00e9tariat  g\u00e9n\u00e9ral  et du cabinet,  dont  les noms  suivent,  dans  la limite  de leurs  attributions\nrespectives  :\nPour  la sous-direction  de l'\u00e9quipement  et de la logistique  :\n- Mme  Malika  BENYETTOU,  lieutenant-colonelle  de gendarmerie.\nBureau  de gestion  des  moyens  :\n- Mme  Mercedes  FERNANDES,  attach\u00e9e  d'administration  de l'Etat  ;\n- M. Mathieu  FILLOUX,  secr\u00e9taire  administratif  de classe  normale  ;\n- Mme  M\u00e9gane  KIEFFERT,  agente  contractuelle  de cat\u00e9gorie  A ;\n- Mme  Audrey  MARIT-LELEUX,  secr\u00e9taire  administrative  de classe  exceptionnelle  ;\n- M. Amaury  VOILLEMIN,  secr\u00e9taire  administratif  de classe  sup\u00e9rieure.\nService  des  moyens  mobiles  :\n- M. \u00c9ric AUBIN,  contr\u00f4leur  des services  techniques  de classe  normale  ;\n- M. Jean-Michel  ARNOULD,  commandant  divisionnaire  de police  ;\n- M. Patrick  ARPIN,  adjoint  technique  principal  de 1** classe  ;\n. Aur\u00e9lien  BAHERRE,  adjoint  technique  principal  de 1\u00b0* classe;\n. Christophe  BANCAREL,  major  de police  :\n. Alain  BARBET,  adjoint  technique  principal  de 2*TM  classe  ;\n. Alain  BARTY,  adjoint  technique  principal  de 1\u00b0\" classe  ;\n. Romain  BLOT,  brigadier-chef  de classe  normale  ;\n- M. Francois  BOURGARY,  contr\u00f4leur  des  services  techniques  de classe  normal  ;\n- Mme  Patricia  BOYARD,  adjointe  administrative  principale  de 2\u00b0\"  classe  ;\n- M. Benoit  BRIAN,  adjoint  technique  principal  de 2\u00b0\"  classe  ;\n- Mme  Isabelle  BRIAND,  secr\u00e9taire  administrative  de classe  sup\u00e9rieure  ;\n- M. Guillaume  CANAL,  brigadier-chef  de classe  sup\u00e9rieure  ;\n- M. Laurent  CHAGROT,  major  de police  \u00e0 l'\u00e9chelon  exceptionnel  ;\n- Mme  Christine  CLAMENS,  technicienne  des  syst\u00e8mes  d'information  et de\ncommunication  de classe  normale  ;\n. Johann  COUSSOT,  adjoint  technique  principal  de 2\u00e8\"\u00b0  classe  ;\n|. Nicolas  DARENNE,  adjoint  technique  principal  de 2\"  classe  ;\n. Daniel  DAUPHIN,  major  responsable  d'unit\u00e9  locale  de police  ;\n. Tony  DESARRANNO,  contr\u00f4leur  des  services  techniques  de classe  normale  ;\n. Eric DESCHARMES,  adjoint  technique  principal  de 1** classe  ;\n. Fr\u00e9d\u00e9ric  DIJOUX,  agent  contractuel  de cat\u00e9gorie  A ;\n. Franck  DOUARRE  technicien  sup\u00e9rieur  ;\n- M. Erick  DUPUIS,  ing\u00e9nieur  principal  des  services  techniques  ;\n2024-01217  \u0178ZSZ3 553\n0ZZzZ3Z2z22\n\n. Emmanuel  EGOT,  agent  contractuel  de cat\u00e9gorie  A :\n. Philippe  FAGETE,  adjoint  technique  principal  de 1** classe  ;\n. Pascal  FAUCHERIE,  adjoint  technique  principal  de 1\u00b0 classe  ;\n. Manuel  FERREIRA,  adjoint  technique  principal  de 1\" classe  ;\n. Pascal  FERREIRA-VELHO,  adjoint  technique  principal  de T\u00b0 classe  ;\n. Fabien  FILLION,  contr\u00e9leur  de services  techniques  de classe  normale  ;\n. Emmanuel  FROMENT,  contr\u00f4leur  des  services  techniques  de classe  sup\u00e9rieure  ;\n. J\u00e9r\u00eame  GILBERT,  adjoint  technique  principal  de \"\u00b0 classe  ;\n. Vitor  GUERREIRO,  adjoint  technique  principal  de 1** classe  ;\n. Paul  GUIRAND,  adjoint  technique  principal  de 2\"  classe  ;\n- Mme  Alexandra  GUILLON,  adjointe  administrative  principal  de 2\u00b0\"  classe  :M\nM\nM\nM\nM\nM\nM\nM\nM\nM\n- M. Omar  HABOUB,  adjoint  technique  principal  de 1\u00b0 classe  ;\n- M, Laurent  HUART,  major  de police  \u00e0 l'\u00e9chelon  exceptionnel  ;\n- M. Philippe  HUYNH-GALLAIS,  brigadier-chef  de classe  sup\u00e9rieure  ;\n- Mme  Elisabeth  JOUANNY,  secr\u00e9taire  administrative  de classe  normale  ;\n- _M. Yann  L'HOEST-MARTIN,  adjoint  technique  principal  de 1** classe  ;\n- M. Lionel  LACHAUD,  agent  contractuel  de cat\u00e9gorie  A ;\n- M.Jean-Pierre  LARCHER,  adjoint  technique  principal  de 2\u00b0\"  classe  ;\n- M. R\u00e9gis  LEFEBVRE,  contr\u00f4leur  de services  techniques  de classe  normale  :\n- M. Nicolas  LEGENDRE,  adjoint  technique  principal  de 1** classe  ;\n. Julien  LEMESLE,  contr\u00e9leur  de classe  normale  des  services  ;\n. Franck  LEROY,  adjoint  technique  principal  de 1\u00b0 classe  ;\n. Sylvain  LESPAGNOL,  contr\u00f4leur  des  services  technique  de classe  normale  ;\n. Franck  LUSSIAUD,  major  responsable  d'unit\u00e9  locale  de police  ;\n. Nicolas  MARCHAND,  adjoint  technique  principal  de 1\u00b0 classe  ;\n|. Henrique  MARME,  contr\u00f4leur  des  services  techniques  de classe  sup\u00e9rieure  ;\n. Christophe  MARTINEAU,  ing\u00e9nieur  des  services  techniques  ;\n. Fr\u00e9d\u00e9ric  MAZZUCATO,  major  responsable  d'unit\u00e9  locale  de police  ;\n- Mme  Sandrine  METIVIER-EGRE,  brigadi\u00e8re  cheffe  de classe  sup\u00e9rieure  ;\n- M. Daniel  NIVERT,  adjoint  administratif  principal  de 1** classe  ;'ZZ2ZZZZzZZzz\n- M. Laurent  NORE,  adjoint  technique  principal  de 1*\" classe  ;\n- M. Pascal  OLEJARZ,  adjoint  technique  principal  de 1** classe  ;\n- M. Jean-Etienne  PINGARD,  ing\u00e9nieur  hors  classe  des  services  techniques,  d\u00e9tach\u00e9  dans\nl'emploi  fonctionnel  de chef  des  services  techniques,  chef  du service  des  moyens\nmobiles  ;\n- M. Carlos  RIBEIRO,  ing\u00e9nieur  des.  services  techniques  ;\n- M. Dominique  ROUSSEAU,  brigadier-chef  de classe  sup\u00e9rieure  ;\n- M. Jean-Philippe  ROYER,  contr\u00f4leur  des  services  techniques  de classe  sup\u00e9rieure  ;\n- M, Beno\u00eet  SALZARD,  brigadier-chef  de classe  normale  ;\n- M.Janny  SENECHAL,  contr\u00f4leur  des  services  techniques  de classe  sup\u00e9rieure  ;\n- M. Luc  SIRI,  brigadier-chef  de classe  sup\u00e9rieure  ;\n- M. David  TROUESSARD,  ing\u00e9nieur  principal  des  services  techniques  ;\n- M.  Jean-Baptiste  VENTI,  contr\u00f4leur  des  services  techniques  de classe  normale  ;\n- M. Thomas  VERON,  contr\u00f4leur  des  services  techniques  de classe  sup\u00e9rieure  ;\n- Mme  Clothilde  WEBER,  adjointe  administrative  principale  de 2\u00b0\"  classe.\nService  des  \u00e9quipements  de protection  et de s\u00e9curit\u00e9  :\n- M. Maxence  BOISSON,  adjoint  technique  ;\n2024-01217  \u00a9\n\nM. Thomas  DE LAFORCADE,  agent  contractuel  de cat\u00e9gorie  A ;\nM. Germain  DUVIVIER,  ing\u00e9nieur  des  services  techniques  ;\n- Mme  Aur\u00e9lie  GOMIS,  adjointe  administrative  principal  de 1\u00b0 classe  ;\n- M. Vincent  LE JEUNE,  ing\u00e9nieur  des  services  techniques  ;\n- Mme  Sandra  NAINE,  secr\u00e9taire  administrative  de classe  normale  ;\n- M. Stephen  VALESCH-MONNEREAU,  ing\u00e9nieur  des  services  techniques  ;\n- M. Julien  VOLKAERT,  ing\u00e9nieur  principal  des  services  techniques,  d\u00e9tach\u00e9  dans  l'emploi\nfonctionnel  de chef  des  services  techniques,  chef  du service  des  \u00e9quipements  de\nprotection  et de s\u00e9curit\u00e9.\nMission  d'appui  a l'externalisation  :\n- M, Souleymane-Jean  NDIAYE,  attach\u00e9  principal  d'administration  de l'Etat  ;\n- M. S\u00e9bastien  TEYSSIER,  ing\u00e9nieur  hors  classe  des  services  techniques.\nPour  la sous-direction  des  technologies  :\n- M. Olivier  BALUSSEAUD,  secr\u00e9taire  administratif  de classe  sup\u00e9rieure  ;\n- M. Daoud  BELBEKHOUCHE,  attach\u00e9  d'administration  de l'Etat  ;\n- Mme  Iris BELHEDI,  adjointe  administrative  principale  1*\u00b0 classe  ;\n- M.Et\u00e9  BERTIE,  ing\u00e9nieur  principal  des  syst\u00e8mes  d'information  et de communication  ;\n- Mme  Nadia  BONNEMAIN,  secr\u00e9taire  administrative  de classe  normale  ;\n- M. Vincent  CHARPIN,  ing\u00e9nieur  en chef  des  mines  ;\n- Mme  Aude  DAO-POIRETTE,  attach\u00e9e  principale  d'administration  de l'Etat  ;\n- M. St\u00e9phane  DEWEZ,  ing\u00e9nieur  en chef  ;\n- M. Samy  FAILLER,  ing\u00e9nieur  principal  des  syst\u00e8mes  d'information  et de\ncommunication  ;\n- M. David  GIRAULT,  adjoint  administratif  principal  de 1** classe  ;\n- M. Rachid  IGOUTI,  ing\u00e9nieur  principal  des  syst\u00e8mes  d'information  et de\ncommunication  ;\n- M. Djibril  KABELA,  attach\u00e9  d'administration  de l'Etat  ;\n- M. Abdel  KAFANDO,  adjoint  administratif  principal  de 2\"  classe  ;\n- Mme  Fran\u00e7oise  KANCEL,  adjointe  administrative  principale  1\u00b0 classe  ;\n- Mme  Duyen  Trinh  LE, secr\u00e9taire  administrative  de classe  normate  ;\n- Mme  Estelle  LEFORT,  adjointe  administrative  principale  de 2\"  classe  ;\n- M. Olivier  LEMONNIER,  technicien  sup\u00e9rieur  ;\n- Mme  L\u00e9a LOPEZ,  adjointe  administrative  principale  2\u00e8\"\u00b0  classe  ;\n- Mme  Barphy  MATSIKA,  adjointe  administrative  principale  2\u00b0\"  classe  ;\n- M. Yacine  NABIL  ABDOU  ABDALLAH,  adjoint  administratif  principal  2\u00b0\"  classe  ;\n- Mme  No\u00eblle  NGUYEN  VAN  PHUC,  agente  contractuelle  de cat\u00e9gorie  \u00c0 ;\n- M. Arnaud  PERNET,  secr\u00e9taire  administratif  de classe  normale  ;\n- M. Fr\u00e9d\u00e9ric  RIEGER,  ing\u00e9nieur  principal  des  syst\u00e8mes  d'information  et de\ncommunication  ;\n- Mme  Marie-France  TOMBURELLO,  adjointe  administrative  principale  de 1\u00b0 classe.\nPour  le service  du pilotage  et de la gouvernance  :\n-. M. Jean-Luc  DAVID,  agent  contractuel  de cat\u00e9gorie  A.\nPour  le Secr\u00e9tariat  g\u00e9n\u00e9ral  :\n- Mme  Emira  DESHOUILLERES,  secr\u00e9taire  administrative  de classe  normale  ;\n- M. Ludovic  PHALEMPIN,  adjoint  technique  principale  de 1** classe  ;\n- Mme  G\u00e9raldine  WERKHAUSER-BERTRAND,  attach\u00e9e  d'administration  de l'Etat.\n2024-01217  ~\"\n\nPour  le cabinet  :\nM. Thomas  AYRAULT,  agent  contractuel  de cat\u00e9gorie  \u00c0 ;\nMme  M\u00e9lina  CATTOUX,  agente  contractuelle  de cat\u00e9gorie  A ;\nMme  Ambre  MADIOT,  agente  contractuelle  de cat\u00e9gorie  \u00c0 ;\nM. Julien  NALDJIAN  LECL\u00c8RE,  attach\u00e9  d'administration  de l'Etat,\nArticle  26\nD\u00e9l\u00e9gation  est donn\u00e9e  \u00e0 l'effet  de signer,  au nom  du pr\u00e9fet  de police,  les actes  de\nconstatation  de service  fait,  aux  agents  approvisionneurs  de la sous-direction  de l'\u00e9quipement\net de la logistique,  de la sous-direction  des  technologies.  et du secr\u00e9tariat  g\u00e9n\u00e9ral,  dont  les\nnoms  suivent,  dans  la limite  de leurs  attributions  respectives  :\nPour  la sous-direction  de l'\u00e9quipement  et de la logistique  :\nBureau  de gestion  des  moyens  :\nM. Mathieu  FILLOUX,  secr\u00e9taire  administratif  de classe  normale  ;\nMme  Audrey  MARIT-LELEUX,  secr\u00e9taire  administrative  de classe  exceptionnelle  ;\nM. Amaury  VOILLEMIN,  secr\u00e9taire  administratif  de classe  sup\u00e9rieure,\nService  des  moyens  mobiles  :\nM. \u00c9ric AUBIN,  contr\u00f4leur  des services  techniques  de classe  normale  ;\nM. Jean-Michel  ARNOULD,  commandant  divisionnaire  de police  ;\nM. Patrick  ARPIN,  adjoint  technique  principal  de 1\" classe  ;\nM. Aur\u00e9lien  BAHERRE,  adjoint  technique  principal  de 1** classe  ;\nM. Christophe  BANCAREL,  major  de police  ;\nM. Alain  BARTY,  adjoint  technique  principal  de 12\u00b0 classe  ;\nM. Romain  BLOT,  brigadier-chef  de classe  normale  ;\nM. Fran\u00e7ois  BOURGARY,  contr\u00f4leur  des  services  techniques  de classe  normale  ;\nMme  Patricia  BOYARD,  adjointe  administrative  principale  de 2*TM*  classe  ;\nM, Benoit  BRIAN,  adjoint  technique  principal  de 2\u00e8\"\u00b0  classe  ;\nMme  Isabelle  BRIAND,  secr\u00e9taire  administrative  de classe  sup\u00e9rieure  ;\nM. Guillaume  CANAL,  brigadier-chef-de  classe  sup\u00e9rieure  ;\nM. Laurent  CHAGROT,  major  de police  \u00e0 l'\u00e9chelon  exceptionnel  ;\nMme  Christine  CLAMENS,  technicienne  des  syst\u00e8mes  d'information  et de\ncommunication  de classe  normale  ;\nM. Johann  COUSSOT,  adjoint  technique  principal  de 2\u00c8\"  classe  ;\nM. Nicolas  DARENNE,  adjoint  technique  principal  de 2\u00b0\"  classe  ;\nM. Daniel  DAUPHIN,  major  responsable  d'unit\u00e9  locale  de police  ;\n. Tony  DESARRANNO,  contr\u00f4leur  des services  techniques  de classe  normale  ;\n. Eric DESCHARMES,  adjoint  technique  principal  de 1** classe  ;\n. Franck  DOUARRE,  technicien  sup\u00e9rieur  ;\n. Erick  DUPUIS,  ing\u00e9nieur  principal  des  services  techniques  ;\n. Philippe  FAGETE,  adjoint  technique  principal  de 1\u00b0\u00ae classe  ;\n. Pascal  FAUCHERIE,  adjoint  technique  principal  de 1\" classe  ;\n. Manuel  FERREIRA,  adjoint  technique  principal  de 1\u00b0\" classe  ;\n. Pascal  FERREIRA-VELHO,  adjoint  technique  principal  de 1\u00b0 classe  ;\n. Fabien  FILLION,  contr\u00f4leur  de services  techniques  de classe  normale  ; ZEEZEEZEZZZB32Z322232. J\u00e9r\u00f4me  GILBERT,  adjoint  technique  principal  de 1\u00b0 classe  ;\n. Vitor  GUERREIRO,  adjoint  technique  principal  de 1\u00b0* classe  ;\nEE=\n2024-01217- Emmanuel  FROMENT,  contr\u00f4leur  des  services  techniques  de classe  sup\u00e9rieure  ;\n\nM. Paul  GUIRAND,  adjoint  technique  principal  de 2\u00e8\"  classe  ;\n- Mme  Alexandra  GUILLON,  adjointe  administrative  principal  de 2*TM*  classe  ;\n- M. Omar  HABOUB,  adjoint  technique  de 1** classe  ;\n- M. Laurent  HUART,  major  de police  \u00e0 l'\u00e9chelon  exceptionnel  ;\n- M. Philippe  HUYNH-GALLAIS,  brigadier-chef  de classe  sup\u00e9rieure  ;\n- Mme  Elisabeth  JOUANNY,  secr\u00e9taire  administrative  de classe  normale  ;\n- M. Yann  L'HOEST-MARTIN,  adjoint  technique  principal  de 1 classe  ;\n- M. Jean-Pierre  LARCHER,  adjoint  technique  principal  de 2\u00b0\"  classe  ;\n- M, R\u00e9gis  LEFEBVRE,  contr\u00f4leur  de services  techniques  de classe  normale  ;\n- M. Nicolas  LEGENDRE,  adjoint  technique  principal  de 1\u00b0\" classe  ;\n- M. Julien  LEMESLE,  contr\u00f4leur  de classe  normale  des  services  ;\n- M. Franck  LEROY,  adjoint  technique  principal  de 1** classe  ;\n. Sylvain  LESPAGNOL,  contr\u00f4leur  des  services  technique  de classe  normale  ;\n. Franck  LUSSIAUD,  major  responsable  d'unit\u00e9  locale  de police  ;\n. Nicolas  MARCHAND,  adjoint  technique  principal  de 1\" classe  ;\n. Henrique  MARME,  contr\u00f4leur  des  services  techniques  de classe  sup\u00e9rieure  ;\n. Christophe  MARTINEAU,  ing\u00e9nieur  des  services  techniques  ;\n. Fr\u00e9d\u00e9ric  MAZZUCATO,  major  responsable  d'unit\u00e9  locale  de police  ;\n- Mme  Sandrine  METIVIER-EGRE,  brigadi\u00e9re  chef  de classe  sup\u00e9rieure  ; ZSZZ3ZZ&2\nM. Daniel  NIVERT,  adjoint  administratif  principal  de 1\" classe  ;\nM. Laurent  NORE,  adjoint  technique  de 1** classe  ;\n- M. Pascal  OLEJARZ,  adjoint  technique  principal  de 1** classe  ;\nM. Carlos  RIBEIRO,  ing\u00e9nieur  des  services  techniques  ;\nM. Dominique  ROUSSEAU,  brigadier-chef  de classe  sup\u00e9rieure  ;\n- M. Jean-Philippe  ROYER,  contr\u00f4leur  des  services  techniques  de classe  sup\u00e9rieure  ;\n- M. Beno\u00eet  SALZARD,  brigadier-chef  de classe  normale  ;\n- M. Janny  SENECHAL,  contr\u00f4leur  des  services  techniques  de classe  sup\u00e9rieure  ;\n- M. Luc  SIRI,  brigadier-chef  de classe  sup\u00e9rieure  ;\n- M, Jean-Baptiste  VENTI,  contr\u00f4leur  des  services  techniques  de classe  normale  ;\n- M.Thomas  VERON,  contr\u00f4leur  des  services  techniques  de classe  sup\u00e9rieure  ;\n- Mme  Clothilde  WEBER,  adjointe  administrative  principale  de 2\u00b0\"  classe.\nService  des  \u00e9quipements  de protection  et de s\u00e9curit\u00e9  :\n- M.Maxence  BOISSON,  adjoint  technique  ;\n- Mme  Aur\u00e9lie  GOMIS,  adjointe  administrative  principale  de 1\u00b0 classe  ;\n- Mme  Sandra  NAINE,  secr\u00e9taire  administrative  de classe  normale.\nPour  la sous-direction  des  technologies  :\nM. Olivier  BALUSSEAUD,  secr\u00e9taire  administratif  de classe  sup\u00e9rieure  ;\n- Mme  Iris BELHEDI,  adjointe  administrative  principale  de 1%\" classe  ;\n- Mme  Nadia  BONNEMAIN,  secr\u00e9taire  administrative  de classe  normale  ;\n- M. Vincent  CHARPIN,  ing\u00e9nieur  en chef  des  mines  ;\n- M. St\u00e9phane  DEWEZ,  ing\u00e9nieur  en chef  ;\n- M. David  GIRAULT,  adjoint  administratif  principal  1** classe  ;\n- M. Djibril  KABELA,  attach\u00e9  de l'administration  de l'Etat  ;\n- M. Abdel  KAFANDO,  adjoint  administratif  principal  de 2**  classe  ;\n- Mme  Fran\u00e7oise  KANCEL,  adjointe  administrative  principale  de 1\u00b0 classe  ;\n- Mme  Duyen  Trinh  LE, secr\u00e9taire  administrative  de classe  normale  ;\n2024-04217  7\"\n\n- Mme  Estelle  LEFORT,  adjointe  administrative  principale  de 2\u00b0\"  classe  ;\n- M. Olivier  LEMONNIER,  technicien  de classe  sup\u00e9rieure  ;\n- Mme  L\u00e9a LOPEZ,  adjointe  administrative  principale  de 2\u00b0\"  classe  ;\n- Mme  Barphy  MATSIKA,  adjointe  administrative  principale  de 2\u00b0\"  classe  ;\n- M. Yacine  NABIL  ABDOU  ABDALLAH,  adjoint  administratif  principal  de 2\u00e8\"\u00b0  classe  ;\n- Mme  No\u00eblle  NGUYEN  VAN  PHUC,  agente  contractuelle  de cat\u00e9gorie  A ;\n- M. Arnaud  PERNET,  secr\u00e9taire  administratif  de classe  normale  ;\n- M. Fr\u00e9d\u00e9ric  RIEGER,  ing\u00e9nieur  principal  des  syst\u00e8mes  d'information  et de\ncommunication  ;\n- Mme  Marie-France  TOMBURELLO,  adjointe  administrative  principale  de 1** classe.\nPour  le Secr\u00e9tariat  g\u00e9n\u00e9ral  :\nM. Nicolas  AFTALION,  adjoint  administratif  principal  de 2%  classe  ;\n- Mme  Bouchra  ARRAKHIZ,  adjointe  administrative  principal  de 2\u00b0TM*  classe  ;\n- Mme  Sophie  BALANQUEUX,  adjointe  administrative  principal  de 2\u00b0\"  classe  ;\n- M. St\u00e9phane  BOITTE,  adjoint  administratif  principal  de 1** classe  ;\n- Mme  Ihssan  BOUHAOUITA,  adjointe  administrative  ;\n- Mme  Amanda  Julia  BOUZIMBOU  MPOMBO,  adjointe  administrative  principale  de 2*\"*\nclasse  ;\n- M. Dimitri  CARIGNY,  adjoint  administratif  de 2\u00b0  classe  ;\n- Mme  Sophie  CARLIER,  adjointe  administrative  principale  de 1** classe  ;\n- Mme  Am\u00e9lie  DELACROIX,  agente  contractuelle  de cat\u00e9gorie  C ;\n- Mme  H\u00e9l\u00e9a  DOUGLAS,  adjointe  administrative  principale  de 2*\"*  classe  ;\n- M. Thibault  GEOFFROY,  adjoint  administratif  principal  de 2?\"  classe  ;\n- M, Teddy  GRILLON,  adjoint  administratif  principal  de 2\u00b0\"  classe  ;\n- M. James  HARQUET,  adjoint  technique  de 2\u00b0\"*  classe  ;\n- M. Romain  JEANNIN,  attach\u00e9  de l'administration  de l'Etat  ;\n- Mme  Aurianne  LACASTE,  adjointe  administrative  principale  de 2\u00b0\"  classe  ;\n. Pierre  MENERET,  adjoint  administratif  principal  de 2\u00e8\"  classe  ;\n. Rachid  OUARAB,  adjoint  administratif  principal  de 2\u00b0\"  classe  ;\n. Ludovic  PHALEMPIN,  adjoint  technique  principal  de T\u00b0 classe  ;\n. Gregory  PIERREVIL,  adjoint  administratif  principal  de 2\u00b0\"  classe  ;\n. Segbe  TAMBLA,  adjoint  administratif  principal  de 2\"  classe  ;\n- M. S\u00e9bastien  TIRACHE,  adjoint  administratif  principal  de 2\u00b0\"  classe  ;\n- Mme  Janine  TRAD,  adjoint  administratif  principal  de 1** classe  ;\n- Mme  Sabrina  ZIRAR-TEBAL,  adjointe  administrative  principale  de 2\u00b0\"*  classe.ZZZ25K 53\nD\u00e9l\u00e9gation  de signature  relative  au syst\u00e8me  d'information  financi\u00e8re  CORIOLIS\nArticle  27\nD\u00e9l\u00e9gation  est donn\u00e9e  \u00e0 l'effet  de signer,  au nom  du pr\u00e9fet  de police,  les actes  comptables\n{notamment  les propositions  de liquidation  et les tr\u00e4nsferts)  \u00e9mis,  dans  le cadre  du p\u00e9rim\u00e8tre\nd'ex\u00e9cution  budg\u00e9taire  du budget  sp\u00e9cial  confi\u00e9  \u00e0 la direction  de l'innovation,  la logistique  et\ndes  technologies,  aux  agents  plac\u00e9s  sous  l'autorit\u00e9  d\u00e9 M. Abdelkrim  LALDJI,  durant  la p\u00e9riode\nde vacance  du poste  de chef  du bureau  des  finances  dont  les noms  suivent,  dans  la limite  de\nleurs  attributions  respectives  :\n- Mme  Bouchra  ARRAKHIZ,  adjointe  administrative  principale  de 2\u00b0\"  classe  ;\n- M. St\u00e9phane  BOITTE,  adjoint  administratif  principal  de 1\u00b0 classe  ;\n- Mme  Ihssan  BOUHAQUITA,  adjointe  administrative  ;\n2024-01217  \"\n\n- Mme  Amanda  Julia  BOUZIMBOU  MPOMBO,  adjointe  administrative  principale  de 2*\"*\nclasse  ;\n- M. Olivier  BROGLY,  secr\u00e9taire  administratif  de classe  normale  ;\n- Mme  Sophie  CARLIER,  adjointe  administrative  principale  de 2*TM  classe  ;\n- Mme  Am\u00e9lie  DELACROIX,  agente  contractuelle  de cat\u00e9gorie  C ;\n- Mme  H\u00e9l\u00e9a  DOUGLAS,  adjointe  administrative  principale  de 2*\"*  classe  ;\n- Mme  Karine  ERICHER,  secr\u00e9taire  administrative  de classe  normale  ;\n- M. Teddy  GRILLON,  adjoint  administratif  principal  de 2\"  classe  ;\n- Mme  Aurianne  LACASTE,  adjointe  administrative  principale  de 2\u00b0\"  classe  ;\n- Mme  Sandrine  MEURIOT  LEBRETON,  agente  contractuelle  de cat\u00e9gorie  B ;\n- M. Fabrice  MUNIER,  secr\u00e9taire  administratif  de classe  normale  ;\n- M. Rachid  OUARAB,  adjoint  administratif  principal  de 2\u0178*  classe  ;\n- M. Gregory  PIERREVIL,  adjoint  administratif  principal  de 2\u00e8\"  classe  ;\n- M. Segbe  TAMBLA,  adjoint  administratif  principal  de 2\u00b0\"  classe  ;\n- M. S\u00e9bastien  TIRACHE,  adjoint  administratif  principal  de 2\u00e8\"\u00b0  classe  ;\n- Mme  Janine  TRAD,  adjoint  administratif  principal  de 1** classe  ;\n- Mme  Paule  Elise  WYDER,  secr\u00e9taire  administrative  de classe  normale  ;\n- Mme  Sabrina  ZIRAR-TEBAL,  adjointe  administrative  principale  de 2\u00e8\"\u00b0  classe.\nArticle  28\nD\u00e9l\u00e9gation  est donn\u00e9e  \u00e0 l'effet  de signer,  au nom  du pr\u00e9fet  de police,  les actes  comptables\n(notamment  les devis,  les demandes  d'achat,  les actes  de constatation  de service  r\u00e9alis\u00e9s,  les\npi\u00e8ces  justificatives  de d\u00e9penses)  \u00e9mis,  dans  le cadre  du p\u00e9rim\u00e8tre  d'ex\u00e9cution  budg\u00e9taire  du\nbudget  sp\u00e9cial  confi\u00e9  \u00e0 la direction  de l'innovation,  la logistique  et des  technologies,  aux\nagents  de la sous-direction  de l'\u00e9quipement  et de la logistique,  de la sous-direction  des\ntechnologies  et du service  du pilotage  de la gouvernance,  dont  les noms  suivent,  dans  la limite\nde leurs  attributions  respectives  :\nPour  la sous-direction  de l'\u00e9quipement  et de la logistique  :\n- Mme  Malika  BENYETTOU,  Lieutenant-colonelle.\nBureau  de gestion  des  moyens  :\n- Mme  Mercedes  FERNANDES,  attach\u00e9e  d'administration  de l'Etat  ;\n- M. Mathieu  FILLOUX,  secr\u00e9taire  administratif  de classe  normale  ;\n- Mme  M\u00e9gane  KIEFFERT,  agente  contractuelle  de cat\u00e9gorie  \u00c0 ;\n- Mme  Audrey  MARIT-LELEUX,  secr\u00e9taire  administrative  de classe  exceptionnelle  ;\n-\" M. Amaury  VOILLEMIN,  secr\u00e9taire  administratif  de classe  sup\u00e9rieure.\nService  des  moyens  mobiles  :\n- M. \u00c9ric AUBIN,  contr\u00f4leur  des services  techniques  de classe  normale  ;\n- M. Jean-Michel  ARNOULD,  commandant  divisionnaire  de police  ;\n- . Patrick  ARPIN,  adjoint  technique  principal  de 1\u00b0 classe  ;\n. Aur\u00e9lien  BAHERRE,  adjoint  technique  principal  de T\u00b0 classe  ;\n. Christophe  BANCAREL,  major  de police  ;\n. Alain  BARBET,  adjoint  technique  principale  de 2\u00b0\"*  classe  ;\n. Alain  BARTY,  adjoint  technique  principal  de 1** classe  ;\n. Romain  BLOT,  brigadier-chef  de classe  normale  ;0EE\n- M. Fran\u00e7ois  BOURGARY,  contr\u00f4leur  des  services  techniques  de classe  normale  :\n- Mme  Patricia  BOYARD,  adjointe  administrative  principale  de 2\u00b0\"  classe  ;\nM. Benoit  BRIAN,  adjoint  technique  principal  de 2?\"*  classe  ;\n2024-01217  \"~\n\n- Mme  Isabelle  BRIAND,  secr\u00e9taire  administrative  de classe  sup\u00e9rieure  ;\n- M. Guillaume  CANAL,  brigadier-chef  de classe  sup\u00e9rieure  ;\n- M. Laurent  CHAGROT,  major  de police  \u00e0 l'\u00e9chelon  exceptionnel  ;\n- Mme  Christine  CLAMENS,  technicienne  des  syst\u00e8mes  d'information  et de\ncommunication  de classe  normale  ;\n. Johann  COUSSOT,  adjoint  technique  principal  de 2\u00b0\"  classe  ;\n. Nicolas  DARENNE,  adjoint  technique  principal  de 2\u00b0\"  classe  ;\n. Daniel  DAUPHIN,  major  responsable  d'unit\u00e9  locale  de police  ;\n. Tony  DESARRANNO,  contr\u00e9leur  des  services  techniques  de classe  normale  ;\n. Eric  DESCHARMES,  adjoint  technique  principal  de 1** classe  ;\n. Fr\u00e9d\u00e9ric  DIJOUX,  agent  contractuel  de cat\u00e9gorie  A ;\n. Franck  DOUARRE,  technicien  sup\u00e9rieur  ;\n. Erick  DUPUIS,  ing\u00e9nieur  principal  des  services  techniques  ;\n. Emmanuel  EGOT,  agent  contractuel  de cat\u00e9gorie  A ;\n. Pascal  FAUCHERIE,  adjoint  technique  principal  de 1** classe  ;\n|. Manuel  FERREIRA,  adjoint  technique  principal  de \" classe  ;\n|. Pascal  FERREtRA-VELHO,  adjoint  technique  principal  de 1** classe;\n|. Fabien  FILLION,  contr\u00f4leur  de services  techniques  de classe  normale  ;\n|. Emmanuel  FROMENT,  contr\u00f4leur  des  services  techniques  de classe  sup\u00e9rieure  ;\n- J\u00e9r\u00f4me  GILBERT,  adjoint  technique  principal  de 1** classe  ;\n. Vitor  GUERREIRO,  adjoint  technique  principal  de 1\u00b0 classe  ;\n- Mme  Alexandra  GUILLON,  adjointe  administrative  principale  de 2\u00e8\"\u00b0  classe  ;\n- M. Paul  GUIRAND,  adjoint  technique  principal  de 2\u00b0\"*  classe  ;\n- M. Omar  HABOUB,  adjoint  technique  de 1** classe  ;\n- M. Laurent  HUART,  major  de police  \u00e0 l'\u00e9chelon  exceptionnel  :\n- M. Philippe  HUYNH-GALLAIS,  brigadier-chef  de classe  normale  ;\n- Mme  Elisabeth  JOUANNY,  secr\u00e9taire  administrative  de classe  normale  ;\n- M. Yann  UHOEST-MARTIN,  adjoint  technique  principal  de T\u00b0 classe  ;\n- M. Lionel  LACHAUD,  agent  contractuel  de cat\u00e9gorie  A ;ZEEZZ35232 222322225252\n. Jean-Pierre  LARCHER,  adjoint  technique  principal  de 2\"  classe  ;\n. R\u00e9gis  LEFEBVRE,  contr\u00f4leur  de services  techniques  de classe  normale  ;\n. Nicolas  LEGENDRE,  adjoint  technique  principal  de 1\u00ae\u00b0 classe  ;\n. Franck  LEROY,  adjoint  technique  principal  de 1\" classe  ;\n. Sylvain  LESPAGNOL,  contr\u00f4leur  des  services  technique  d\u00e9 classe  normale  ;\n. Franck  LUSSIAUD,  major  responsable  d'unit\u00e9  locale  de police  ;\n. Henrique  MARME,  contr\u00f4leur  des  services  techniques  de classe  sup\u00e9rieure  ;\n. Christophe  MARTINEAU,  ing\u00e9nieur  des  services  techniques  ;\n. Fr\u00e9d\u00e9ric  MAZZUCATO,  major  responsable  d'unit\u00e9  locale  de police  ;\n- Mme  Sandrine  METIVIER-EGRE,  brigadi\u00e9re-cheffe  de classe  sup\u00e9rieure  ;\n- M. Daniel  NIVERT,  adjoint  administratif  principal  de 1\u00b0* classe  ;\n- M, Laurent  NORE,  adjoint  technique  de 1** classe  ;0ZZZZ3Z2zZ\u00a3\n- M. Pascal  OLEJARZ,  adjoint  technique  principal  de 1** classe  ;\n- M. Jean-Etienne  PINGARD,  ing\u00e9nieur  hors  classe  des  services  techniques,  d\u00e9tach\u00e9  dans\nl'emploi  fonctionnel  de chef  des  services  techniques,  chef  du service  des  moyens\nmobiles  ;\n- M. Dominique  ROUSSEAU,  brigadier-chef  de classe  sup\u00e9rieure  ;\n- M. Jean-Philippe  ROYER,  contr\u00f4leur  des  services  techniques  de classe  sup\u00e9rieure  ;\nM. Beno\u00eet  SALZARD,  brigadier-chef  de classe  normale  ;\n2024-01217  +\n\n- M.Janny  SENECHAL,  contr\u00f4leur  des  services  techniques  de classe  sup\u00e9rieure  ;\n- M. Luc  SIRI,  brigadier-chef  de classe  sup\u00e9rieure  ;\n- M. David  TROUESSARD,  ing\u00e9nieur  principal  des  services  techniques  ;\n- M. Jean-Baptiste  VENTI,  contr\u00f4leur  des  services  techniques  de classe  normale  ;\n- Mme  Clothilde  WEBER,  adjointe  administrative  principale  de 2\u00b0  classe.\nService  des  \u00e9quipements  de protection  et de s\u00e9curit\u00e9  :\n- M. \u00c9ric BAZAR,  adjoint  administratif  principal  de 12\u00b0 classe  ;\n- M, Maxence  BOISSON,  adjoint  technique  ;\n- M. Thomas  DE LAFORCADE,  agent  contractuel  de cat\u00e9gorie  A ;\n- M. Germain  DUVIVIER,  ing\u00e9nieur  des  services  techniques  ;\n- Mme  Aur\u00e9lie  GOMIS,  adjointe  administrative  principale  de 1\u00b0 classe  ;\n- M. Vincent  LE JEUNE,  ing\u00e9nieur  des  services  techniques  ;\n- Mme  Sandra  NAINE,  secr\u00e9taire  administrative  de classe  normale  ;\n- M. Olivier  PIERQUIN,  major  de police  :\n- M, Stephen  VALESCH-MONNEREAU,  ing\u00e9nieur  des  services  techniques  ;\n- M. Julien  VOLKAERT,  ing\u00e9nieur  principal  des  services  techniques,  d\u00e9tach\u00e9  dans  l'emploi\nfonctionnel  de chef  des  services  techniques,  chef  du service  des  \u00e9quipements  de\npratection  et de s\u00e9curit\u00e9.\nPour  la sous-direction  des  technologies  :\n- M. Olivier  BALUSSEAUD,  secr\u00e9taire  administratif  de classe  sup\u00e9rieure  ;\n- M, Daoud  BELBEKHOUCHE,  attach\u00e9  d'administration  de l'Etat  ;\n- Mme  Iris BELHEDI,  adjointe  administrative  principale  de 1\u00b0\" classe  ;\n- M.Et\u00e9  BERTIE,  ing\u00e9nieur  principal  des  syst\u00e8mes  d'information  et de communication  ;\n- Mme  Nadia  BONNEMAIN,  secr\u00e9taire  administrative  de classe  normale  ;\n- M. Vincent  CHARPIN,  ing\u00e9nieur  en chef  des  mines  ;\n- Mme  Aude  DAO-POIRETTE,  attach\u00e9e  principale  d'administration  de l'Etat  ;\n- M, St\u00e9phane  DEWEZ,  ing\u00e9nieur  en chef  ;\n-. M. Samy  FAILLER,  ing\u00e9nieur  principal  des  syst\u00e8mes  d'information  et de\ncommunication  ;\n- M. David  GIRAULT,  adjoint  administratif  principal  de 1\u00b0\" classe  ;\n- M. Rachid  IGOUTI,  ing\u00e9nieur  principal  des  syst\u00e8mes  d'information  et de\ncommunication  ;\n- M. Djibril  KABELA,  attach\u00e9  de l'administration  de l'Etat  ;\n- M. Abdel  KAFANDO,  adjoint  administratif  principal  de 2\u00b0\"  classe  ;\n- Mme  Fran\u00e7oise  KANCEL,  adjointe  administrative  principale  de 1** classe  ;\n- Mme  Duyen  Trinh  LE, secr\u00e9taire  administrative  de classe  normale  ;\n- Mme  Estelle  LEFORT,  adjointe  administrative  principale  de 2\"  classe  ;\n- M. Olivier  LEMONNIER,  technicien  sup\u00e9rieur  ;\n- Mme  L\u00e9a LOPEZ,  adjointe  administrative  principale  2\u00b0\"  classe  ;\n~ Mme  Barphy  MATSIKA,  adjointe  administrative  principale  2\u00b0\"*  classe  ;\n- M. Yacine  NABIL  ABDOU  ABDALLAH,  adjoint  administratif  principal  de 2\"  classe  ;\n- Mme  No\u00eblle  NGUYEN  VAN  PHUC,  agente  contractuelle  de cat\u00e9gorie  \u00c0 ;\n- M. Arnaud  PERNET,  secr\u00e9taire  administratif  de classe  normale  ;\n- M. Fr\u00e9d\u00e9ric  RIEGER,  ing\u00e9nieur  principal  des  syst\u00e8mes  d'information  et de\ncommunication  ;\n- Mme  Marie-France  TOMBURELLO,  adjointe  administrative  principale  de 1** classe.\n_16-\n2024-01217\n\nPour  le service  du pilotage  et de la gouvernance  :\n- M. Jean-Luc  DAVID,  agent  contractuel  de cat\u00e9gorie  A, chef  du service  du pilotage  et de\nla gouvernance.\nArticle  29\nD\u00e9l\u00e9gation  est donn\u00e9e  \u00e0 l'effet  de signer,  au nom  du pr\u00e9fet  de police,  les actes  de\nconstatation  de service  r\u00e9alis\u00e9  \u00e9mis,  dans  le cadre  du p\u00e9rim\u00e8tre  d'ex\u00e9cution  budg\u00e9taire  du\nbudget  sp\u00e9cial  confi\u00e9  \u00e0 la direction  de l'innovation,  la logistique  et des  technologies,  aux\nagents  de la sous-direction  de l'\u00e9quipement  et de la logistique  et de la sous-direction  des\ntechnologies,  dont  les noms  suivent,  dans  la limite  de leurs  attributions  respectives  :\nPour  la sous-direction  de l'\u00e9quipement  et de la logistique  :\nBureau  de gestion  des  moyens  :\n- . M. Jean-Michel  ARNOULD,  commandant  divisionnaire  de police  ;\n- M. Eric AUBIN,  contr\u00f4leur  des services  techniques  de classe  normale  ;\n- M. Aur\u00e9lien  BAHERRE,  adjoint  technique  principal  de 1** classe  ;\nM. Christophe  BANCAREL,  major  de police  ;\n- M. Alain  BARBET,  adjoint  technique  principal  de 2\u00b0\"  classe  ;\nM. Alain  BARTY,  adjoint  technique  principal  de 1*\u00b0 classe  :\nM. Romain  BLOT,  brigadier-chef  de classe  normale  ;\n- Mme  Patricia  BOYARD,  adjointe  administrative  principale  de 2\u00b0\"  classe  ;\n- M. Fran\u00e7ois  BOURGARY,  contr\u00f4leur  des  services  techniques  de classe  normale  ;\n- M. Benoit  BRIAN,  adjoint  technique  principal  de 2*\"*  classe  ;\n- Mme  Isabelle  BRIAND,  secr\u00e9taire  administrative  de classe  sup\u00e9rieure  ;\n- M. Guillaume  CANAL,  brigadier-chef  de classe  sup\u00e9rieure  ;\n- Mme  Christine  CLAMENS,  technicienne  des  syst\u00e8mes  d'information  et de\ncommunication  de classe  normale  ;\n. Johann  COUSSOT,  adjoint  technique  principal  de 2\u00e8\"  classe  ;\n. Nicolas  DARENNE,  adjoint  technique  principal  de 2i\"  classe  ;\n|. Daniel  DAUPHIN,  major  responsable  d'unit\u00e9  locale  de police  ;\n. Tony  DESARRANNO,  contr\u00f4leur  des  services  techniques  de classe  normale  ;\n. Eric DESCHARMES,  adjoint  technique  principal  de \u00a9\" classe  ;\n. Franck  DOUARRE,  technicien  sup\u00e9rieur  ;\n. Erick  DUPUIS,  ing\u00e9nieur  principal  des  services  techniques  ;\n. Emmanuel  EGOT,  agent  contractuel  de cat\u00e9gorie  A ;\n. Pascal  FAUCHERIE,  adjoint  technique  principal  de 1\" classe  ;\n. Manvel  FERREIRA,  adjoint  technique  principal  de 1% classe  ;\n. Pascal  FERREIRA-VELHO,  adjoint  t\u00e9chnique  principal  de T\u00b0\" classe  ;\n. Fabien  FILLION,  contr\u00f4leur  de services  techniques  de classe  normale  ;\n. Mathieu  FILLOUX,  secr\u00e9taire  administratif  de classe  normale  ;\n. J\u00e9r\u00f4me  GILBERT,  adjoint  technique  principal  de 1\u00b0\" classe  ;\n. Vitor  GUERREIRO,  adjoint  technique  principal  de 1\u00b0 classe  ;\n- Mme  Alexandra  GUILLON,  adjointe  administrative  principale  de 2\"  classe  ;\n- M, Paul  GUIRAND,  adjoint  technique  principale  de 2\u00c8\"\u00b0  classe  ;\n- M. Omar  HABOUB,  adjoint  technique  de T\" classe  ;ZX 5335535525258\nM. Laurent  HUART,  major  de police  \u00e0 l'\u00e9chelon  exceptionnel  ;\nM. Philippe  HUYNH-GALLAIS,  brigadier-chef  de classe  sup\u00e9rieure  ;\n= M. Yann  L'HOEST-MARTIN,  adjoint  technique  principal  de 1\" classe  ;\nM\n1|. Lionel  LACHAUD,  agent  contractuel  de cat\u00e9gorie  \u00c0 ;\n2024-01217  7\n\n- M.  Jean-Pierre  LARCHER,  adjoint  technique  principal  de 2\u00b0\"  classe  ;\n- M. R\u00e9gis  LEFEBVRE,  contr\u00f4leur  de services  techniques  de classe  normale  ;\n- M. Nicolas  LEGENDRE,  adjoint  technique  principal  de 1** classe  ;\n- M, Sylvain  LESPAGNOL,  contr\u00f4leur  des  services  technique  de classe  normale  ;\n- M. Franck  LUSSIAUD,  major  responsable  d'unit\u00e9  locale  de police  ;\n- Mme  Audrey  MARIT-LELEUX,  secr\u00e9taire  administrative  de classe  exceptionnelle  ;\n- M. Henrique  MARME,  contr\u00f4leur  des  services  techniques  de classe  sup\u00e9rieure  ;\n- M. Christophe  MARTINEAU,  ing\u00e9nieur  des  services  techniques  ;\n- M. Fr\u00e9d\u00e9ric  MAZZUCATO,  major  responsable  d'unit\u00e9  locale  de police  ;\n- Mme  Sandrine  METIVIER-EGRE,  brigadi\u00e9re-cheffe  de classe  sup\u00e9rieure  ;\n- M. Hamady  N'GATTE,  adjoint  administratif  principal  de 1*\u00b0 classe  ;\n- M. Daniel  NIVERT,  adjoint  administratif  principal  de 1** classe  ;\n- M. Laurent  NORE,  adjoint  technique  de 1 classe  ;\n- M. Pascal  OLEJARZ,  adjoint  technique  principal  de 1\u00b0 classe  ;\n- M. Jean-Etienne  PINGARD,  ing\u00e9nieur  hors  classe  des  services  techniques,  d\u00e9tach\u00e9  dans\nl'emploi  fonctionnel  de chef  des  services  techniques,  chef  du service  des  moyens\nmobiles  ;\n- M. Dominique  ROUSSEAU,  brigadier-chef  de classe  sup\u00e9rieure  ;\n- _M. Jean-Philippe  ROYER,  contr\u00f4leur  des  services  techniques  de classe  sup\u00e9rieure  ;\n- M. Benoit  SALZARD,  brigadier-chef  de classe  normale  ;\n- M.Janny  SENECHAL,  contr\u00f4leur  des  services  techniques  de classe  sup\u00e9rieure  ;\n- M.Luc  SIRI,  brigadier-chef  de classe  sup\u00e9rieure  ;\n- M. Jean-Baptiste  VENTI,  contr\u00f4leur  des  services  techniques  de classe  normale  ;\n- M. Amaury  VOILLEMIN,  secr\u00e9taire  administratif  de classe  sup\u00e9rieure  ;\n- Mme  Clothilde  WEBER,  adjointe  administrative  principale  de 2\u00b0\"  classe.\nService  des  \u00e9quipements  de protection  et de s\u00e9curit\u00e9  :\n- M, \u00c9ric  BAZAR,  adjoint  administratif  principal  de 1\u00b0 classe  ;\n- M. Maxence  BOISSON,  adjoint  technique  ;\n- Mme  Aur\u00e9lie  GOMIS,  adjointe  administrative  principale  de 1** classe  ;\nMme  Sandra  NAINE,  secr\u00e9taire  administrative  de classe  normale  ;\n- M. Olivier  PIERQUIN,  major  de police.\nPour  la sous-direction  des  technologies  :\n- M. Olivier  BALUSSEAUD,  secr\u00e9taire  administratif  de classe  sup\u00e9rieure  ;\n- Mme  Iris BELHEDI,  adjointe  administrative  principale  de 1** classe  ;\n- Mme  Nadia  BONNEMAIN,  secr\u00e9taire  administrative  de classe  normale  ;\n- M. Vincent  CHARPIN,  ing\u00e9nieur  en chef  des  mines  ;\n- M. St\u00e9phane  DEWEZ,  ing\u00e9nieur  en chef  ;\n- M. David  GIRAULT,  adjoint  administratif  principal  de 1\u00e8re  classe  ;\n- M. Djibril  KABELA,  attach\u00e9  de l'administration  de l'Etat  ;\n- M, Abdel  KAFANDO,  adjoint  administratif  principal  de 2\u00e8\"*  classe  ;\n- Mme  Fran\u00e7oise  KANCEL,  adjointe  administrative  principale  de 1\u00b0 classe  ;\n- Mme  Duyen  Trinh  L\u00c9, secr\u00e9taire  administrative  de classe  normale  ;\n- .Mme  Estelle  LEFORT,  adjointe  administrative  principale  de 2%  classe  ;\n- TMM. Olivier  LEMONNIER,  technicien  de classe  sup\u00e9rieure  ;\n- Mme  L\u00e9a  LOPEZ,  adjointe  administrative  principale  de 2*\"*  classe  ;\n- Mme  Barphy  MATSIKA,  adjointe  administrative  principale  de 2\u00b0TM  classe  ;\nM. Yacine  NABIL  ABDOU  ABDALLAH,  adjoint  administratif  principal  de 2'TM  classe  ;\n2024-01217  T\n\n- Mme  No\u00e9lle  NGUYEN  VAN  PHUC,  agente  contractuelle  de cat\u00e9gorie  A ;\n- M. Arnaud  PERNET,  secr\u00e9taire  administratif  de classe  normale  ;\n- M. Fr\u00e9d\u00e9ric  RIEGER,  ing\u00e9nieur  principal  des  syst\u00e8mes  d'information  et de\ncommunication  ;\n- Mme  Marie-France  TOMBURELLO,  adjointe  administrative  principale  de T\u00b0 classe.\nD\u00e9l\u00e9gation  de signature  relative  aux  actes  d'ex\u00e9cution  par  carte  achat\nArticle  30\nD\u00e9l\u00e9gation  est donn\u00e9e,  pour  proc\u00e9der  aux  d\u00e9penses  par carte  achat  de niveau  1, Ibis  et de\nniveau  3 aux  personnes  suivantes,  dans  la limite  de leurs  attributions,  comp\u00e9tences  et dans  les\nlimites  fix\u00e9es,  aux  personnes  dont  les noms  suivent  :\n- Mme  Anne-Florence  CANTON,  ing\u00e9nieure  g\u00e9n\u00e9rale  des  mines  ;\n- M. Christophe  AUMONIER,  administrateur  de l'Etat  du grade  transitoire.\nPour  la sous-direction  de l'\u00e9quipement  et de la logistique  :\n- M. Edmond  LANOIRE,  administrateur  de l'Etat  du deuxi\u00e8me  grade.\nService  des  moyens  mobiles  :\n- M. Jean-Michel  ARNOULD,  commandant  divisionnaire  de police  ;\n- M. Eric  AUBIN,  contr\u00f4leur  des  services  techniques  de classe  normale  ;\n- M. Aur\u00e9lien  BAHERRE,  adjoint  technique  principal  de 1** classe  ;\nM. Christophe  BANCAREL,  major  de police  ;\n- _M. Romain  BLOT,  brigadier-chef  de classe  normale  ;\nM. Fran\u00e7ois  BOURGARY,  contr\u00f4leur  des  services  techniques  de classe  normale  ;\nM. Guillaume  CANAL,  brigadier-chef  de classe  sup\u00e9rieure  ;\n- Mme  Christine  CLAMENS,  technicienne  des  syst\u00e8mes  d'information  et de\ncommunication  de classe  normale  ;\n~ M. Johann  COUSSOT,  adjoint  technique  principal  de 2\u00b0\"  classe  ;\n- M. Nicolas  DARENNE,  adjoint  technique  principal  de 2\u00b0\"  classe  ;\n. Daniel  DAUPHIN,  major  responsable  d'unit\u00e9  locale  de police  ;\n. Tony  DESARRANNO,  contr\u00f4leur  des  services  techniques  de classe  normale  ;\n. Eric  DESCHARMES,  adjoint  technique  principal  de 1** classe  ;\n. Erick  DUPUIS,  ing\u00e9nieur  principal  des  services  techniques  ;\n. Emmanuel  EGOT,  agent  contractuel  de cat\u00e9gorie  A ;\n. Fabien  FILLION,  contr\u00f4leur  de services  techniques  de classe  normale  ;\n. Laurent  HUART,  major  de police  \u00e0 l'\u00e9chelon  exceptionnel  :\n. Philippe  HUYNH-GALLAIS,  brigadier-chef  de classe  sup\u00e9rieure  ;\n. Yann  L'HOEST-MARTIN,  adjoint  technique  principal  de 1% classe  ;\n|. Lionel  LACHAUD,  agent  contractuel  de cat\u00e9gorie  A ;\n. R\u00e9gis  LEFEBVRE,  contr\u00f4leur  des  services  techniques  de classe  normale  ;\n. Sylvain  LESPAGNOL,  contr\u00f4leur  des  services  techniques  de classe  normale  ;\n- Franck  LUSSIAUD,  major  responsable  d'unit\u00e9  locale  de police;\n|. Henrique  MARME,  contr\u00f4leur  des  services  techniques  de classe  sup\u00e9rieure  ;\n. Christophe  MARTINEAU,  ing\u00e9nieur  des  services  techniques  ;\n- M. Fr\u00e9d\u00e9ric  MAZZUCATO,  major  responsable  d'unit\u00e9  locale  de police  ;\n- Mme  Sandrine  METIVIER-EGRE,  brigadi\u00e9re-cheffe  de classe  sup\u00e9rieure  ;\nM. Daniel  NIVERT,  adjoint  administratif  principal  de 1** classe  ;\n2024-012170ZSZ3Z2Z323Z232zE2355 35552\n-19-\n\n2024-01217M. Jean-Etienne  PINGARD,  ing\u00e9nieur  hors  classe  des  services  techniques,  d\u00e9tach\u00e9  dans\nl'emploi  fonctionnel  de chef  des  services  techniques,  chef  du service  des  moyens\nmobiles  ;\nM. Dominique  ROUSSEAU,  brigadier-chef  de classe  sup\u00e9rieure  ;\nM. Jean-Philippe  ROYER,  contr\u00f4leur  des  services  techniques  de classe  sup\u00e9rieure  ;\nM. Benoit  SALZARD,  brigadier-chef  de classe  normale  ;\nM. Janny  SENECHAL,  contr\u00f4leur  des  services  techniques  de classe  sup\u00e9rieure  ;\nM. Luc  SIRI,  brigadier-chef  de classe  sup\u00e9rieure.\nM. Jean-Baptiste  VENTI,  contr\u00f4leur  des  services  techniques  de classe  normale.\nService  des  \u00e9quipements  de protection  et de s\u00e9curit\u00e9  :\n- Mme  Aur\u00e9lie  GOMIS,  adjointe  administrative  principale  de 1\u00b0\" classe  ;\n- M. Benoit  TATARIAN,  adjoint  technique  principal  de 1\u00b0\" classe.\nPour  la sous-direction  des  technologies  :\n- M. Samy  FAILLER,  ing\u00e9nieur  principal  des  syst\u00e8mes  d'information  et de\ncommunication  ;\n- M. Rachid  IGOUTI,  ing\u00e9nieur  principal  des  syst\u00e8mes  d'information  et de\ncommunication  ;\n- M. Fr\u00e9d\u00e9ric  LECONTE,  agent  contractuel  de cat\u00e9gorie  A, sous-directeur  des\ntechnologies  ;\n- M. Jean-Marc  PALANQUE,  ing\u00e9nieur  hors  classe  des  syst\u00e8mes  d'information  et de\ncommunication.\nPour  le secr\u00e9tariat  g\u00e9n\u00e9ral  :\n- Mme  Emira  DESHOUILLERES,  secr\u00e9taire  administrative  de classe  normale.\nPour  le service  de l'innovation  et de la prospective  :\n- M. Johan  CAVIROT,  ing\u00e9nieur  principal  des  syst\u00e8mes  d'information.\nPour  le cabinet  :\n- M. Julien  NALDJIAN  LECLERE,  attach\u00e9  d'administration  de l'\u00e9tat.\nTITRE  3\nDispositions  finales\nArticle  31\nLa pr\u00e9f\u00e8te,  directrice  de cabinet,  et le pr\u00e9fet,  secr\u00e9taire  g\u00e9n\u00e9ral  pour  l'administration,  sont\ncharg\u00e9s,  chacun  en ce qui les concerne,  de l'ex\u00e9cution  du pr\u00e9sent  arr\u00eat\u00e9  qui sera  publi\u00e9  aux\nrecueils  des  actes  administratifs  des  pr\u00e9fectures  de la zone  de d\u00e9fense  et de s\u00e9curit\u00e9  de Paris.\nFait \u00e0 Paris, le 1 6 AQUT 2024 sii\nLaurent  NUNEZ\n-20-\n\nEM  CABINET  DU PREFET\nPR\u00c9FECTURE\nDE POLICE\nLibert\u00e9\n\u00c9galit\u00e9\nFraternit\u00e9\nArr\u00eat\u00e9 n\u00b0 2024-01228\nportant  mesures  de police  applicables  \u00e0 l'occasion  des  Jeux  Paralympiques:  Paris  du\njeudi  29 ao\u00fbt  2024  au samedi  7 septembre  2024  sur le site  de l'Arena  Paris  Sud  \u2014 Porte  de\nVersailles\nLe pr\u00e9fet  de police,\nVu le r\u00e9glement  (CE)  n\u00b0 1272/2008  du Parlement  europ\u00e9en  et du Conseil  du 16 d\u00e9cembre\n2008  modifi\u00e9  relatif  \u00e0 la classification,  \u00e0 l'\u00e9tiquetage  et \u00e0 l'emballage  des  substances  et des\nm\u00e9langes  ;\nVu le code  de l'environnement,  notamment  le chapitre  VII du titre  V du livre  V;\nVu le code  g\u00e9n\u00e9ral  des  collectivit\u00e9s  territoriales,  notamment  ses articles  L. 2512-13  et L. 2512-\n14;\nVu le code  p\u00e9nal,  notamment  ses articles  132-75,  431-9,  431-9-1,  R.644-5  et R.644-5-1  i\nVu le code  de proc\u00e9dure  p\u00e9nale,  notamment  ses articles  78-2-4,  78-2-5  et R.48-1;\nVu le code  de la s\u00e9curit\u00e9  int\u00e9rieure,  notamment  ses articles  L. 122-1,  122-2,  L. 211-1  et\nL. 211-2;\nVu la loi n\u00b0 2023-380  du 19 mai  2023  relative  aux jeux  Olympiques  et Paralympiques  de 2024\net portant  diverses  autres  dispositions,  notamment  son  article  14;\nVu le d\u00e9cret  n\u00b0 2004-374  du 29 avril 2004  modifi\u00e9  relatif  aux pouvoirs  des pr\u00e9fets,  \u00e0\nl'organisation  et \u00e0 l'action  des  services  de l'Etat  dans  les r\u00e9gions  et d\u00e9partements,\nnotamment  ses  articles  70,  72 et 73;\nVu le d\u00e9cret  n\u00b0 2023-1120  du 29 novembre  2023  modifiant  le d\u00e9cret  n\u00b0 2021-1397  du 27\noctobre  2021  portant  application  de l'article  L. 211-11-1  du code  de la s\u00e9curit\u00e9  int\u00e9rieure  aux\njeux  Olympiques  et Paralympiques  de 2024  ;\nVu le d\u00e9cret  n\u00b0 2024-107  du 14 f\u00e9vrier  2024  relatif  aux  comp\u00e9tences  du pr\u00e9fet  de police  et\n\u00e0 celles  du pr\u00e9fet  de police  des  Bouches-du-Rh\u00f4ne  pour  les jeux  Olympiques  et\nParalympiques  de 2024,  ainsi  qu'\u00e0  la comp\u00e9tence  territoriale  de certaines  directions  de la\npr\u00e9fecture  de police  ;\nVu le d\u00e9cret  du 20 juillet  2022  par  lequel  M. Laurent  NUNEZ,  pr\u00e9fet,  coordonnateur  national\ndu renseignement  et de la lutte  contre  le terrorisme,  est nomm\u00e9  pr\u00e9fet  de police  (hors\nclasse)  ;\nConsid\u00e9rant  que,  en application  des  articles  L.122-1  et L. 122-2  du code  de la s\u00e9curit\u00e9\nint\u00e9rieure  et 72 et 73 du d\u00e9cret  du 29 avril  2004  susvis\u00e9,  le pr\u00e9fet  de police  a la charge  de\nl'ordre  public  \u00e0 Paris  et dans  le d\u00e9partement  des  Hauts-de-Seine,  notamment  la pr\u00e9vention\n\ndes  atteintes  a la s\u00e9curit\u00e9  des  personnes  et des  biens  ; qu'en  application  de l'article  1\u00b0 du\nd\u00e9cret  du 14 f\u00e9vrier  2024  susvis\u00e9,  le pr\u00e9fet  de police  exerce  dans  le d\u00e9partement  des  Hauts-\nde-Seine  les missions  de police  administrative  qui lui sont  d\u00e9volues  et celles  attribu\u00e9es  au\nrepr\u00e9sentant  de l'Etat  dans  le d\u00e9partement  par  l'article  73 du d\u00e9cret  du 29 avril  2004  susvis\u00e9\ndu 1\" juillet  au 15 septembre  2024  ;\nConsid\u00e9rant  que,  en application  de l'article  431-9-1  du code  p\u00e9nal,  le fait  pour  une  personne\nde dissimuler  volontairement  tout  ou partie  de son  visage  sans  motif  l\u00e9gitime  au sein,  ou aux\nabords  imm\u00e9diats,  d'une  manifestation  sur la voie  publique  au cours,  ou \u00e0 l'issue,  de laquelle\ndes  troubles  \u00e0 l'ordre  public  sont  commis  ou risquent  d'\u00eatre  commis  est puni  d'un  an\nd'emprisonnement  et de 15 000  \u20ac d'amende  ;\nConsid\u00e9rant  que  sont  punis  de l'amende  pr\u00e9vue  pour  les contraventions  de la 4e classe  la\nviolation  des  interdictions  et le manquement  aux  obligations  \u00e9dict\u00e9es  par  arr\u00eat\u00e9s  pris  sur le\nfondement  des  pouvoirs  de police,  en application  de l'article  R. 644-5  du code  p\u00e9nal  relatif\n\u00e0 l'usage  des  artifices  de divertissement  sur la voie  publique  et le transport  de r\u00e9cipients\ncontenant  du carburant  \u00e0 l'occasion  d'\u00e9v\u00e9nements  comportant  des  risques  d'atteinte  \u00e0 la\ns\u00e9curit\u00e9  publique  et l'article  R. 644-5-1  du code  p\u00e9nal  qui  r\u00e8glemente  la pr\u00e9sence  et la\ncirculation  des  personnes  en certains  lieux  et \u00e0 certaines  heures  afin  de pr\u00e9venir  la\nr\u00e9it\u00e9ration  d'atteintes  graves  \u00e0 la s\u00e9curit\u00e9  publique  \u00e0 la suite  de ces  troubles  ; que  l'article\nR. 48-1  du code  de proc\u00e9dure  p\u00e9nale  rend  applicable  la proc\u00e9dure  de l'amende  forfaitaire\npour  les contraventions  pr\u00e9cit\u00e9es  ;\nConsid\u00e9rant  que,  en application  des  r\u00e9quisitions  \u00e9crites  du procureur  de la R\u00e9publique,  les\nofficiers  de police  judiciaire  et, sur l'ordre  et sous  la responsabilit\u00e9  de ceux-ci,  les agents  de\npolice  judiciaire,  sont  autoris\u00e9s  \u00e0 proc\u00e9der  sur les lieux  d'une  manifestation  et \u00e0 ses abords\nimm\u00e9diats  \u00e0 l'inspection  visuelle  et \u00e0 la fouille  des  bagages,  ainsi  qu'\u00e0  la visite  de v\u00e9hicules\ncirculant,  arr\u00eat\u00e9s  ou stationnant  sur la voie  publique,  conform\u00e9ment  \u00e0 l'article  78-2-5  du\ncode  de proc\u00e9dure  p\u00e9nale  ;\nConsid\u00e9rant  que  les Jeux  Olympiques  et Paralympiques  de Paris  2024,  qui se d\u00e9roulent  en\nFrance  du 26 juillet  au 8 septembre  2024,  ont  le caract\u00e8re  d'un  \u00e9v\u00e8nement  international\nhors  norme  aux  enjeux  de s\u00e9curit\u00e9  in\u00e9dits  ; que  les grands  \u00e9v\u00e8nements  sportifs,  compte  tenu\nde leur  exposition  m\u00e9diatique,  leur  concentration  de foules  et l'accueil  de personnalit\u00e9s\npubliques,  constituent  des  cibles  de choix  pour  des  actions  revendicatives  ; qu'il  existe  \u00e0\ncette  occasion,  dans  le cadre  du d\u00e9roulement  des  \u00e9preuves,  un risque  que  surviennent  des\nrassemblements  destin\u00e9s  \u00e0 troubler  l'ordre  public  ;\nConsid\u00e9rant  que  se d\u00e9rouleront  \u00e0 l'Arena  Paris  Sud  du jeudi  29 ao\u00fbt  2024  au samedi  7\nseptembre  2024  plusieurs  \u00e9preuves  des Jeux  Paralympiques  2024  ; que  les services  de police\net de gendarmerie  seront  mobilis\u00e9s  d'une  mani\u00e8re  in\u00e9dite  \u00e0 Paris  et partout  en Ile-de-France\npendant  les Jeux  Paralympiques  de Paris  2024,  sans  pr\u00e9judice  de leurs  suj\u00e9tions  habituelles,\npour  la s\u00e9curisation  des  sites  olympiques,  institutionnels  ou gouvernementaux  sensibles  et\ndes  autres  \u00e9v\u00e8nements  de voie  publique  dans  un contexte  de menace  terroriste  \u00e9lev\u00e9e\nayant  conduit  au rel\u00e8vement  du plan  VIGIPIRATE  au niveau  \u00ab urgence  attentat  \u00bb depuis  le\n24 mars  2024  sur  l'ensemble  du territoire  national  ;\nConsid\u00e9rant  enfin  qu'il  appartient  \u00e0 l'autorit\u00e9  de police  comp\u00e9tente  de concilier  l'exercice\ndu droit  de manifester  avec  les imp\u00e9ratifs  de l'ordre  public  ; que,  dans  ce cadre,  elle  se doit\nde prendre  les mesures  de nature  \u00e0 pr\u00e9venir,  outre  les infractions  \u00e0 la loi p\u00e9nale,  les troubles\n\u00e0 l'ordre  public  \u00e0 partir  de l'appr\u00e9ciation  qu'elle  fait  du risque  qu'ils  surviennent  ; que  r\u00e9pond\n\u00e0 ces objectifs  une  mesure  qui d\u00e9finit  un p\u00e9rim\u00e8tre  dans  lequel  des  restrictions  sont  mises\nen \u0153uvre,  notamment  \u00e0 l'\u00e9gard  de rassemblements  pr\u00e9sentant  des  risques  de troubles\ngraves  \u00e0 l'ordre  public  afin  de garantir  la s\u00e9curit\u00e9  des  personnes  et des  biens;\n2024-01228  4\n\nARRETE\nTITRE  PREMIER\nMESURES  INTERDISANT  TOUT  RASSEMBLEMENT  NON  DECLARE  SUR  LE SITE  DE L'ARENA  PARIS  SUD  LORS\nDES  EPREUVES  DES  JEUX  PARALYMPIQUES  DE PARIS  2024\nArticle  1\u00b0 \u2014 La pr\u00e9sence  et la circulation  des  personnes  participant  \u00e0 des  cort\u00e8ges,  d\u00e9fil\u00e9s  et\nrassemblements  non  d\u00e9clar\u00e9s  dans  les conditions  fix\u00e9es  par  la loi sont  interdits  dans  le\np\u00e9rim\u00e8tre  d\u00e9limit\u00e9  selon  la cartographie  en annexe,  aux jours  et horaires  suivants  :\nle jeudi  29 ao\u00fbt  2024  de 06h30  \u00e0 22h45;\nle vendredi  30 ao\u00fbt  2024  de 06h30  \u00e0 23h55;\nle samedi  31 ao\u00fbt  2024  de 06h30  \u00e0 23h20;\nle dimanche  1\u00b0 septembre  2024  de 06h30  \u00e0 23h20;\nle lundi  2 septembre  2024  de 07h30  \u00e0 22h55;\nle mardi  3 septembre  2024  de 06h30  \u00e0 22h45;\nle mercredi  4 septembre  2024  de 06h30  \u00e0 23h15;\nle jeudi  5 septembre  2024  de 07h30  \u00e0 23h55;\nle vendredi  6 septembre  2024  de 07h30  \u00e0 23h55;\nle samedi  7 septembre  2024  de 07h30  \u00e0 23h30.\nTITRE  II\nMESURES  DE POLICE  APPLICABLES  AUX  ABORDS  ET AU SEIN  DES  CORTEGES,  DEFILES  ET RASSEMBLEMENTS\nAU  SEIN  DU PERIMETRE\nArticle  2 - Dans  le p\u00e9rim\u00e8tre  institu\u00e9  par  l'article  1\" et durant  la p\u00e9riode  mentionn\u00e9e  par  ce\nm\u00eame  article  sont  interdits  aux  abords  et au sein  des  cort\u00e8ges,  d\u00e9fil\u00e9s  et rassemblements  le\nport  et le transport  par  des  particuliers,  sans  motif  l\u00e9gitime  :\nd'armes  par  nature  et de tous  objets  susceptibles  de constituer  une  arme  au sens  de\nl'article  132-75  du code  p\u00e9nal  ;\nd'artifices  de divertissement  et d'articles  pyrotechniques  ;\ndans  des  conteneurs  individuels,  de substances  ou de m\u00e9langes  dangereux,\ninflammables  ou corrosifs,  au sens  du r\u00e8glement  (CE)  n\u00b0 1272/2008  du Parlement\neurop\u00e9en  et du Conseil  du 16 d\u00e9cembre  2008  susvis\u00e9,  tels  que  l'essence,  le p\u00e9trole,  le\ngaz,  l'alcool  \u00e0 br\u00fbler,  le m\u00e9thanol,  la t\u00e9r\u00e9benthine,  les solvants  ;\nd'\u00e9quipements  de protection  destin\u00e9s  \u00e0 mettre  en \u00e9chec  tout  ou partie  des  moyens\nutilis\u00e9s  par  les repr\u00e9sentants  de la force  publique  pour  le maintien  de l'ordre  public.\nTITRE  Ill\nDISPOSITIONS  FINALES\nArticle  3 - Les repr\u00e9sentants  sur place  de l'autorit\u00e9  de police  sont  autoris\u00e9s  \u00e0 prendre  des\nmesures  compl\u00e9mentaires  \u00e0 celles  fix\u00e9es  par  le pr\u00e9sent  arr\u00eat\u00e9,  en fonction  de l'\u00e9volution  de\nla situation  et lorsque  les circonstances  l'exigent.\n2024-01228  3\n\nArticle  4 - Le pr\u00e9fet  des  Hauts-de-Seine,  la pr\u00e9f\u00e8te,  directrice  du cabinet  du pr\u00e9fet  de police,\nle directeur  de l'ordre  public  et de la circulation  et la directrice  de la s\u00e9curit\u00e9  de proximit\u00e9\nde l'agglom\u00e9ration  parisienne  sont  charg\u00e9s,  chacun  en ce qui  le concerne,  de l'ex\u00e9cution  du\npr\u00e9sent  arr\u00eat\u00e9  qui  sera  publi\u00e9  aux  recueils  des  actes  administratifs  du d\u00e9partement  de Paris\net de la pr\u00e9fecture  des  Hauts-de-Seine,  consultable  sur le site  internet  de la pr\u00e9fecture  de\npolice  (https://www.prefecturedepolice.interieur.gouv.fr)  et transmis  \u00e0 la procureure  de la\nR\u00e9publique  pr\u00e8s  le tribunal  judiciaire  et Paris  ainsi  qu'au  procureur  de la R\u00e9publique  pr\u00e8s  le\ntribunal  judiciaire  de Nanterre.\nFait \u00e0 Paris,  le 19 AO\u00dbT 2024 Lz\n< Laurent  NUNEZ\n2024-01228  a\n\nAnnexe  de I'arr\u00e9t\u00e9  n\u00b0 2024-64228  du 19 Albi zazg\nVOIES  ET DELAIS  DE RECOURS\nSi vous  estimez  devoir  contester  le pr\u00e9sent  arr\u00eat\u00e9,  il vous  est possible,  dans  un\nd\u00e9lai  de deux  mois  \u00e0 compter  de la date  de son  affichage  ou de sa publication  au recueil  des\nactes  administratifs  du d\u00e9partement  de Paris  :\n- soit  de saisir  d'un  RECOURS  GRACIEUX\nle Pr\u00e9fet  de Police\n719,  boulevard  du Palais  - 75195  PARIS  RP\n- ou de former  un RECOURS  HIERARCHIQUE\naupr\u00e8s  du Ministre  de l'int\u00e9rieur\nDirection  des  libert\u00e9s  publiques  et des  affaires  juridiques\nplace  Beauvau  - 75008  PARIS\n- soit  de saisir  d'un  RECOURS  CONTENTIEUX\nle Tribunal  administratif  comp\u00e9tent\nAucune  de ces  voies  et recours  ne suspend  l'application  de la pr\u00e9sente  d\u00e9cision.\nLes recours  GRACIEUX  et HIERARCHIQUE  doivent  \u00eatre  \u00e9crits,  exposer  les\narguments  ou faits  nouveaux  et comprendre  la copie  de l'arr\u00eat\u00e9  contest\u00e9.\nLe recours  CONTENTIEUX,  qui  vise  \u00e0 contester  la LEGALITE  de la pr\u00e9sente\nd\u00e9cision,  doit  \u00e9galement  \u00eatre  \u00e9crit  et exposer  votre  argumentation  juridique.\nSi vous  n'aviez  pas  de r\u00e9ponse  \u00e0 votre  recours  GRACIEUX  ou HIERARCHIQUE  dans\nun d\u00e9lai  de deux  mois  \u00e0 compter  de la r\u00e9ception  de votre  recours  par  l'administration,  votre\ndemande  devra  \u00eatre  consid\u00e9r\u00e9e  comme  rejet\u00e9e  (d\u00e9cision  implicite  de rejet).\nEn cas  de rejet  des  recours  GRACIEUX  ou HIERARCHIQUE,  le Tribunal\nadministratif  peut  \u00eatre  saisi  d'un  recours  contentieux  dans  le d\u00e9lai  de deux  mois  \u00e0 compter\nde la date  de la d\u00e9cision  de rejet.\n\n2024-01228\n\nPREFECTURE\nDE POLICE\nLibert\u00e9\nEgalit\u00e9\nFraternit\u00e9CABINET  DU PREFET\nArr\u00eat\u00e9  n\u00b0 2024-01237\nmodifiant  l'arr\u00eat\u00e9  n\u00b02024-01176  du 08 ao\u00fbt  2024  instituant  un p\u00e9rim\u00e8tre  de protection  et\ndiff\u00e9rentes  mesures  de police  \u00e0 l'occasion  des  Jeux  Paralympiques  de Paris  du jeudi  29 ao\u00fbt\nau samedi  7 septembre  2024  sur le site  de Paris  La D\u00e9fense  Arena  (92)\nLe Pr\u00e9fet  de police,\nVu l'arr\u00eat\u00e9  n\u00b02024-01176  du 08 ao\u00fbt  2024  instituant  un p\u00e9rim\u00e8tre  de protection  et\ndiff\u00e9rentes  mesures  de police  \u00e0 l'occasion  des Jeux  Paralympiques  de Paris  du jeudi  29 ao\u00fbt\nau samedi  7 septembre  2024  sur le site  de Paris  La D\u00e9fense  Arena  (92);\nVu le d\u00e9cret  du 20 juillet  2022  par lequel  M. Laurent  NUNEZ,  pr\u00e9fet,  coordonnateur  national\ndu renseignement  et de la lutte  contre  le terrorisme,  est nomm\u00e9  pr\u00e9fet  de police  (hors\nclasse);\nARR\u00caTE  :\nArticle  1 - Les jours  et horaires  mentionn\u00e9s  \u00e0 l'article  1\u00b0 de l'arr\u00eat\u00e9  n\u00b02024-01176  susvis\u00e9  sont\nremplac\u00e9s  par  les dispositions  suivantes  :\n\u00ab - le jeudi  29 ao\u00fbt  2024  de 06h30  \u00e0 22h45;\n- le vendredi  30 ao\u00fbt  2024  de 06h30  \u00e0 23h59;\n- le samedi  31 ao\u00fbt  2024  de 06h30  \u00e0 23h00  ;\n- le dimanche  1\u00b0 septembre  2024  de 06h30  \u00e0 23h20;\n- le lundi  02 septembre  2024  de 07h30  \u00e0 22h50;\n- le mardi  03 septembre  2024  de 06h30  \u00e0 22h45;\n- le mercredi  04 septembre  2024  de 06h30  \u00e0 23h15;\n- le jeudi  05 septembre  2024  de 07h30  \u00e0 23h15;\n- le vendredi  06 septembre  2024  de 07h30  \u00e0 22h30;\n- le samedi  07 septembre  2024  de 07h30  \u00e0 23h30.  \u00bb\nArticle  2 - Le pr\u00e9fet  des  Hauts-de-Seine,  la pr\u00e9f\u00e8te,  directrice  de cabinet  du pr\u00e9fet  de police,\nle directeur  de l'ordre  public  et de la circulation  et la direction  de la s\u00e9curit\u00e9  de proximit\u00e9  de\nl'agglom\u00e9ration  parisienne,  sont  charg\u00e9s,  chacun  en ce qui le concerne,  de l'ex\u00e9cution  du\npr\u00e9sent  arr\u00eat\u00e9,  qui sera  publi\u00e9  aux  recueils  des  actes  administratifs  du d\u00e9partement  de Paris\net de la pr\u00e9fecture  des  Hauts-de-Seine,  consultable  sur le site  internet  de la pr\u00e9fecture  de\npolice  (https://www.prefecturedepolice.interieur.gouv.fr),  transmis  \u00e0 la procureure  de la\nR\u00e9publique  pr\u00e8s  le tribunal  judiciaire  de Paris  et au procureur  de la R\u00e9publique  pr\u00e8s  le\ntribunal  judiciaire  de Nanterre.\nFait \u00e0 Paris,  le 20 AOUT 2024\nLaurent  NUNEZ\n\nAnnexe  de l'arr\u00eat\u00e9  n\u00b0 2024-01237  du 99  AO\u00dbT  2024\nVOIES  ET DELAIS  DE RECOURS\nSi vous  estimez  devoir  contester  le pr\u00e9sent  arr\u00eat\u00e9,  il vous  est possible,  dans  un\nd\u00e9lai  de deux  mois  \u00e0 compter  de la date  de sa publication  au recueil  des  actes  administratifs\ndu d\u00e9partement  de Paris  :\n- soit  de saisir  d'un  RECOURS  GRACIEUX\nle Pr\u00e9fet  de Police\n719,  boulevard  du Palais  - 75195  PARIS  RP\n- ou de former  un RECOURS  HIERARCHIQUE\naupr\u00e8s  du Ministre  de l'int\u00e9rieur\nDirection  des  libert\u00e9s  publiques  et des  affaires  juridiques\nplace  Beauvau  - 75008  PARIS\n- soit  de saisir  d'un  RECOURS  CONTENTIEUX\nle Tribunal  administratif  comp\u00e9tent\nAucune  de ces  voies  et recours  ne suspend  l'application  de la pr\u00e9sente  d\u00e9cision.\nLes  recours  GRACIEUX  et HIERARCHIQUE  doivent  \u00eatre  \u00e9crits,  exposer  les\narguments  ou faits  nouveaux  et comprendre  la copie  de l'arr\u00eat\u00e9  contest\u00e9.\nLe recours  CONTENTIEUX,  qui  vise  \u00e0 contester  la LEGALITE  de la pr\u00e9sente\nd\u00e9cision,  doit  \u00e9galement  \u00eatre  \u00e9crit  et exposer  votre  argumentation  juridique.\nSi vous  n'aviez  pas  de r\u00e9ponse  \u00e0 votre  recours  GRACIEUX  o\u00f9 HIERARCHIQUE  dans\nun d\u00e9lai  de deux  mois  \u00e0 compter  de la r\u00e9ception  de votre  recours  par  l'administration,  votre\ndemande  devra  \u00eatre  consid\u00e9r\u00e9e  comme  rejet\u00e9e  (d\u00e9cision  implicite  de rejet).\nEn cas  de rejet  des  recours  GRACIEUX  ou HIERARCHIQUE,  le Tribunal\nadministratif  peut  \u00eatre  saisi  d'un  recours  contentieux  dans  le d\u00e9lai  de deux  mois  \u00e0 compter\nde la date  de la d\u00e9cision  de rejet.\n\nEg  CABINET  DU PREFET\nPREFECTURE  ap\nDE POLICE  a\nLibert\u00e9\nEgalit\u00e9\nFraternit\u00e9\nam\u00e9t\u00e9ne  2024-01244\nautorisant  la captation,  l'enregistrement  et la transmission  d'images  au moyen  de cam\u00e9ras\ninstall\u00e9es  sur  des  a\u00e9ronefs  \u00e0 l'occasion  du festival  de musique  Rock  en Seine  \u00e0 Saint-Cloud\n(92)  du mercredi  21 ao\u00fbt  2024  au dimanche  25 ao\u00fbt  2024  inclus\nLe pr\u00e9fet  de police,\nVu le code  de la s\u00e9curit\u00e9  int\u00e9rieure,  notamment  ses articles  L. 242-1  \u00e0 L. 242-8  et R. 242-8  \u00e0\nR. 242-15  ;\nVu le d\u00e9cret  n\u00b0 2004-374  du 29 avril  2004  modifi\u00e9  relatif  aux  pouvoirs  des  pr\u00e9fets,  a\nl'organisation  et \u00e0 l'action  des  services  de l'Etat  dans  les r\u00e9gions  et d\u00e9partements,\nnotamment  son  article  73  ;\nVu le d\u00e9cret  n\u00b0 2024-107  du 14 f\u00e9vrier  2024  relatif  aux  comp\u00e9tences  du pr\u00e9fet  de police  et a\ncelles  du pr\u00e9fet  de police  des  Bouches-du-Rh\u00f4ne  pour  les jeux  Olympiques  et Paralympiques\nde 2024,  ainsi  qu'\u00e0  la comp\u00e9tence  territoriale  de certaines  directions  de la pr\u00e9fecture  de\npolice  :\nVu l'arr\u00eat\u00e9  du 19 avril  2023  relatif  au nombre  maximal  de cam\u00e9ras  install\u00e9es  sur des  a\u00e9ronefs\npouvant  \u00eatre  simultan\u00e9ment  utilis\u00e9es  dans  chaque  d\u00e9partement  et collectivit\u00e9  d'outre-\nmer;\nVu l'instruction  minist\u00e9rielle  NOR  1OMD2311883)  du 30 avril  2023  relative  \u00e0 la proc\u00e9dure\nd'autorisation  des  cam\u00e9ras  install\u00e9es  sur des  a\u00e9ronefs  pour  des  missions  de police\nadministrative  ;\nVu le d\u00e9cret  du 20 juillet  2022  par lequel  M. Laurent  NUNEZ,  pr\u00e9fet,  coordonnateur  national\ndu renseignement  et de la lutte  contre  le terrorisme,  est nomm\u00e9  pr\u00e9fet  de police  (hors\nclasse)  ;\nVu la demande  en date  du 20 ao\u00fbt  2024  form\u00e9e  par  la direction  de l'ordre  public  et de la\ncirculation  visant  \u00e0 obtenir  l'autorisation  de capter,  d'enregistrer  et de transmettre  des\nimages  au moyen  de deux  cam\u00e9ras  install\u00e9es  sur des  a\u00e9ronefs  t\u00e9l\u00e9-pilot\u00e9s  afin  d'assurer  la\npr\u00e9vention  des  atteintes  \u00e0 la s\u00e9curit\u00e9  des  personnes  et des  biens,  la s\u00e9curit\u00e9  des\nrassemblements,  la pr\u00e9vention  d'actes  de terrorisme  et le secours  aux  personnes,  dans  le\ncadre  de l'\u00e9dition  2024  du festival  de musique  Rock  en Seine  du mercredi  21 ao\u00fbt  2024  au\ndimanche  25 ao\u00fbt  2024;\nConsid\u00e9rant  que  les dispositions  du | de l'article  L. 242-5  du code  de la s\u00e9curit\u00e9  int\u00e9rieure\npermettent  aux  forces  de s\u00e9curit\u00e9  int\u00e9rieure,  dans  l'exercice  de leurs  missions  de\npr\u00e9vention  des  atteintes  \u00e0 l'ordre  public  et de protection  de la s\u00e9curit\u00e9  des  personnes  et\ndes  biens,  de proc\u00e9der  \u00e0 la captation,  \u00e0 l'enregistrement  et \u00e0 la transmission  d'images  au\nmoyen  de cam\u00e9ras  install\u00e9es  sur des  a\u00e9ronefs  aux  fins  d'assurer  la pr\u00e9vention  des  atteintes\n1\n\n\u00e0 la s\u00e9curit\u00e9  des  personnes  et des  biens,  la s\u00e9curit\u00e9  des  rassemblements  ainsi  que  l'appui\ndes  personnels  au sol,  en vue  de leur  permettre  de maintenir  ou de r\u00e9tablir  l'ordre  public\nlorsque  ces  rassemblements  sont  susceptibles  d'entra\u00eener  des  troubles  graves  \u00e0 l'ordre\npublic,  la pr\u00e9vention  d'actes  de terrorisme  et le secours  aux  personnes  ;\nConsid\u00e9rant  que  se tiendra  du mercredi  21 ao\u00fbt  2024  au dimanche  25 ao\u00fbt  2024  l'\u00e9dition\n2024  du festival  Rock  en Seine  au domaine  national  de Saint-Cloud  dans  le d\u00e9partement\ndes Hauts-de-Seine  ; qu'\u00e0  cette  occasion,  un nombre  tr\u00e8s  important  de spectateurs  ainsi\nque  d'artistes  de renomm\u00e9e  seront  pr\u00e9sents  sur le site  et en ses abords  ; que,  dans  le\ncontexte  actuel  de menace  tr\u00e8s  \u00e9lev\u00e9e,  cet \u00e9v\u00e8nement  est susceptible  de constituer  une\ncible  privil\u00e9gi\u00e9e  et symbolique  pour  des  actes  de nature  terroriste  ; que  plusieurs  attentats\nou tentatives  d'attentats  r\u00e9cents  traduisent  le niveau  \u00e9lev\u00e9  de la menace  terroriste  actuelle\nen France  dans  le cadre  du plan  VIGIPIRATE  \u00ab urgence  attentat  \u00bb en vigueur  sur l'ensemble\ndu territoire  national  depuis  le 24 mars  2024  ;\nConsid\u00e9rant  que  la demande  de la direction  de l'ordre  public  et de la circulation  porte  sur\nl'engagement  de deux  cam\u00e9ras  a\u00e9roport\u00e9es  qui pourront  \u00eatre  en vol simultan\u00e9ment  en vue\nde capter,  d'enregistrer  et de transmettre  des  images;  que  les aires  survol\u00e9es  sont\nstrictement  limit\u00e9es  aux  zones  o\u00f9 seront  mises  en \u0153uvre  les finalit\u00e9s  susvis\u00e9es  ; que  la dur\u00e9e\nde l'autorisation  demand\u00e9e  n'appara\u00eet  pas  disproportionn\u00e9e  au regard  de ces  finalit\u00e9s  ;\nConsid\u00e9rant  que  le recours  \u00e0 des  cam\u00e9ras  a\u00e9roport\u00e9es  permet  de disposer  d'une  vision  en\ngrand  angle  tout  en limitant  l'engagement  des forces  au sol  ; qu'il  n'existe  pas de dispositif\nmoins  intrusif  permettant  de parvenir  aux  m\u00eames  fins  ;\nSur  proposition  de la direction  de l'ordre  public  et de la circulation,\nARRETE:\nArticle  1\u00b0 - La captation,  l'enregistrement  et la transmission  d'images  par la direction  de\nl'ordre  public  et de la circulation  sont  autoris\u00e9s  dans  les Hauts-de-Seine  \u00e0 l'occasion  du\nfestival  Rock  en Seine  aux  titres  de :\nla pr\u00e9vention  des  atteintes  \u00e0 la s\u00e9curit\u00e9  des personnes  et des  biens  ;\nla s\u00e9curit\u00e9  des  rassemblements  ;\nla pr\u00e9vention  d'actes  de terrorisme  ;\nle secours  aux  personnes.\nArticle  2 - Le nombre  maximal  de cam\u00e9ras  pouvant  proc\u00e9der  simultan\u00e9ment  \u00e0 des\nenregistrements  est fix\u00e9  \u00e0 2 cam\u00e9ras  embarqu\u00e9es  sur des a\u00e9ronefs  t\u00e9l\u00e9-pilot\u00e9s.\nArticle  3 - La pr\u00e9sente  autorisation  est limit\u00e9e  au p\u00e9rim\u00e8tre  g\u00e9ographique  figurant  sur le\nplan  transmis  en annexe  au pr\u00e9sent  arr\u00eat\u00e9.\nArticle  4 - La pr\u00e9sente  autorisation  est d\u00e9livr\u00e9e  pour  l'ensemble  des finalit\u00e9s  pr\u00e9cit\u00e9es  :\n- le mercredi  21 ao\u00fbt  2024  de 15h30  \u00e0 23h59;\n- le jeudi  22 ao\u00fbt  2024  de 15h00  \u00e0 23h59;\n2024-01244\n\n- du vendredi  23 ao\u00fbt  2024  \u00e0 14h00  au samedi  24 ao\u00fbt  2024  \u00e0 01h00;\n- du samedi  24 ao\u00fbt  2024  \u00e0 14h00  au dimanche  25 ao\u00fbt  2024  \u00e0 01h30;\n- le dimanche  25 ao\u00fbt  2024  de 12h30  \u00e0 23h59.\nArticle  5 L'information  du public  est assur\u00e9e  par  la publication  de l'arr\u00eat\u00e9  aux  recueils  des\nactes  administratifs  des  d\u00e9partements  de Paris  et de la pr\u00e9fecture  des  Hauts-de-Seine,  sa\nmise  en ligne  sur le site  internet  de la pr\u00e9fecture  de police  ainsi  que  par une  information  sur\nles r\u00e9seaux  sociaux.\nArticle  6 - Le registre  mentionn\u00e9  \u00e0 l'article  L. 242-4  du code  de la s\u00e9curit\u00e9  int\u00e9rieure  est\ntransmis  au pr\u00e9fet  de police,  \u00e0 l'issue  de la p\u00e9riode  d'autorisation.\nArticle  7 - Le pr\u00e9fet  des  Hauts-de-Seine,  la pr\u00e9f\u00e8te,  directrice  du cabinet  du pr\u00e9fet  de police\net le directeur  de l'ordre  public  et de la circulation  sont  charg\u00e9s,  chacun  en ce qui le\nconcerne,  de l'ex\u00e9cution  du pr\u00e9sent  arr\u00eat\u00e9  qui entrera  en vigueur  d\u00e8s  son  affichage  aux\nportes  de la pr\u00e9fecture  de police,  sera  publi\u00e9  aux  recueils  des  actes  administratifs  des\nd\u00e9partements  de Paris  et des  Hauts  de Seine  et consultable  sur le site  internet  de la\npr\u00e9fecture  de police  (https://www.prefecturedepolice.interieur.gouv.fr).\nFait  \u00e0 Paris,le  21 AO\u00dbT  2024\n? ) Laurent  NUNEZ\nLa pr\u00e9f\u00e8te,  directrice  du cabinet\nMagall  CHARBONNEAU\n2024-01244\n\nAnnexe  de l'arr\u00eat\u00e9  n\u00b0 2024-01244  du 21 AOUT  2024\nVOIES  ET DELAIS  DE RECOURS\nSi vous  estimez  devoir  contester  la pr\u00e9sente  autorisation,  il vous  est possible,  dans  un d\u00e9lai\nde deux  mois  \u00e0 compter  de la date  de son  affichage  ou de sa publication  :\n- soit  de saisir  d'un  RECOURS  GRACIEUX\nle Pr\u00e9fet  de Police\n719,  boulevard  du Palais  - 75195  PARIS  RP\n- ou de former  un RECOURS  HIERARCHIQUE\naupr\u00e8s  du Ministre  de l'int\u00e9rieur  et des  outre-mer\nDirection  des  libert\u00e9s  publiques  et des  affaires  juridiques\nplace  Beauvau  - 75008  PARIS\n- soit  de saisir  d'un  RECOURS  CONTENTIEUX\nle Tribunal  administratif  comp\u00e9tent\nAucune  de ces  voies  et recours  ne suspend  l'application  de la pr\u00e9sente  d\u00e9cision.\nLes  recours  GRACIEUX  et HIERARCHIQUE  doivent  \u00eatre  \u00e9crits,  exposer  les arguments  ou\nfaits  nouveaux  et comprendre  la copie  de la d\u00e9cision  contest\u00e9e.\nLe recours  contentieux,  qui  vise  \u00e0 contester  la LEGALITE  de la pr\u00e9sente  d\u00e9cision,  doit\n\u00e9galement  \u00eatre  \u00e9crit  et exposer  votre  argumentation  juridique.\nSi vous  n'aviez  pas  de r\u00e9ponse  \u00e0 votre  recours  GRACIEUX  ou HIERARCHIQUE  dans  un d\u00e9lai\nde deux  mois  \u00e0 compter  de la r\u00e9ception  de votre  recours  par l'administration,  votre\ndemande  devra  \u00eatre  consid\u00e9r\u00e9e  comme  rejet\u00e9e  (d\u00e9cision  implicite  de rejet).\nEn cas  de rejet  des  RECOURS  GRACIEUX  o\u00f9 HIERARCHIQUE,  le Tribunal  administratif  peut\n\u00eatre  saisi  d'un  recours  contentieux  dans  le d\u00e9lai  de deux  mois  \u00e0 compter  de la date  de la\nd\u00e9cision  de rejet.\n\n2024-01244\n\nEu\nPR\u00c9FECTURE  ar.\nDE POLICE  G\nLibert\u00e9\n\u00c9galit\u00e9\nFraternit\u00e9Cabinet  du pr\u00e9fet\nArr\u00eat\u00e9  n\u00b0 2024-01247\nportant  mesures  de police  applicables  \u00e0 l'occasion  des  Jeux  Paralympiques  de Paris  du\njeudi  29 ao\u00fbt  au samedi  7 septembre  2024  sur le site  de I'Arena  la D\u00e9fense  (92)\nLe pr\u00e9fet  de police,\nVu le r\u00e8glement  (CE)  n\u00b0 1272/2008  du Parlement  europ\u00e9en  et du Conseil  du 16 d\u00e9cembre\n2008  modifi\u00e9  relatif  \u00e0 la classification,  \u00e0 l'\u00e9tiquetage  et \u00e0 l'emballage  des  substances  et des\nm\u00e9langes  ;\nVu le code  de l'environnement,  notamment  le chapitre  VII du titre  V du livre  V;\nVu le code  p\u00e9nal,  notamment  ses articles  132-75,  431-9,  431-9-1,  R.644-5  et R.644-5-1  ;\nVu le code  de proc\u00e9dure  p\u00e9nale,  notamment  ses articles  78-2-4,  78-2-5  et R.48-1;\nVu le code  de la s\u00e9curit\u00e9  int\u00e9rieure,  notamment  ses articles  L. 122-2,  L. 211-1  et L. 211-2;\nVu la loi n\u00b0 2023-380  du 19 mai  2023  relative  aux jeux  Olympiques  et Paralympiques  de 2024\net portant  diverses  autres  dispositions,  notamment  son  article  14;\nVu le d\u00e9cret  n\u00b0 2004-374  du 29 avril  2004  modifi\u00e9  relatif  aux  pouvoirs  des  pr\u00e9fets,  \u00e0\nl'organisation  et \u00e0 l'action  des  services  de l'Etat  dans  les r\u00e9gions  et d\u00e9partements,\nnotamment  son  article  73;\nVu le d\u00e9cret  n\u00b0 2023-1120  du 29 novembre  2023  modifiant  le d\u00e9cret  n\u00b0 2021-1397  du 27\noctobre  2021  portant  application  de l'article  L. 211-11-1  du code  de la s\u00e9curit\u00e9  int\u00e9rieure  aux\njeux  Olympiques  et Paralympiques  de 2024  ;\nVu le d\u00e9cret  n\u00b0 2024-107  du 14 f\u00e9vrier  2024  relatif  aux  comp\u00e9tences  du pr\u00e9fet  de police  et\n\u00e0 celles  du pr\u00e9fet  de police  des  Bouches-du-Rh\u00f4ne  pour  les jeux  Olympiques  et\nParalympiques  de 2024,  ainsi  qu'\u00e0  la comp\u00e9tence  territoriale  de certaines  directions  de la\npr\u00e9fecture  de police  ;\nVu le d\u00e9cret  du 20 juillet  2022  par lequel  M. Laurent  NUNEZ,  pr\u00e9fet,  coordonnateur  national\ndu renseignement  et de la lutte  contre  le terrorisme,  est nomm\u00e9  pr\u00e9fet  de police  (hors\nclasse)  ;\nConsid\u00e9rant  qu'en  application  de l'article  1\u00b0 du d\u00e9cret  du 14 f\u00e9vrier  2024  susvis\u00e9,  le pr\u00e9fet\nde police.  exerce  dans  le d\u00e9partement  des  Hauts-de-Seine  les missions  de police\nadministrative  qui lui sont  d\u00e9volues  et celles  attribu\u00e9es  au repr\u00e9sentant  de l'Etat  dans  le\nd\u00e9partement  par  l'article  73 du d\u00e9cret  du 29 avril  2004  susvis\u00e9  du 1\" juillet  au 15 septembre\n2024;\n\nConsid\u00e9rant  que,  en application  de l'article  431-9-1  du code  p\u00e9nal,  le fait  pour  une  personne\nde dissimuler  volontairement  tout  ou partie  de son  visage  sans  motif  l\u00e9gitime  au sein,  ou\naux  abords  imm\u00e9diats,  d'une  manifestation  sur la voie  publique  au cours,  ou \u00e0 l'issue,  de\nlaquelle  des  troubles  \u00e0 l'ordre  public  sont  commis  ou risquent  d'\u00eatre  commis  est puni  d'un\nan d'emprisonnement  et de 15 000  \u20ac d'amende;\nConsid\u00e9rant  que  sont  punis  de l'amende  pr\u00e9vue  pour  les contraventions  de la 4e classe  la\nviolation  des  interdictions  et le manquement  aux  obligations  \u00e9dict\u00e9es  par  arr\u00eat\u00e9s  pris  sur le\nfondement  des  pouvoirs  de police,  en application  de l'article  R. 644-5  du code  p\u00e9nal  relatif\n\u00e0 l'usage  des  artifices  de divertissement  sur la voie  publique  et le transport  de r\u00e9cipients\ncontenant  du carburant  \u00e0 l'occasion  d'\u00e9v\u00e9nements  comportant  des  risques  d'atteinte  \u00e0 la\ns\u00e9curit\u00e9  publique  et l'article  R. 644-5-1  du code  p\u00e9nal  qui r\u00e8glemente  la pr\u00e9sence  et la\ncirculation  des  personnes  en certains  lieux  et \u00e0 certaines  heures  afin  de pr\u00e9venir  la\nr\u00e9it\u00e9ration  d'atteintes  graves  \u00e0 la s\u00e9curit\u00e9  publique  \u00e0 la suite  de ces troubles  ; que  l'article\nR. 48-1  du code  de proc\u00e9dure  p\u00e9nale  rend  applicable  la proc\u00e9dure  de l'amende  forfaitaire\npour  les contraventions  pr\u00e9cit\u00e9es  ;\nConsid\u00e9rant  que,  en application  des  r\u00e9quisitions  \u00e9crites  du procureur  de la R\u00e9publique,  les\nofficiers  de police  judiciaire  et, sur l'ordre  et sous  la responsabilit\u00e9  de ceux-ci,  les agents  de\npolice  judiciaire,  sont  autoris\u00e9s  \u00e0 proc\u00e9der  sur les lieux  d'une  manifestation  et \u00e0 ses abords\nimm\u00e9diats  a l'inspection  visuelle  et \u00e0 la fouille  des  bagages,  ainsi  qu'\u00e0  la visite  de v\u00e9hicules\ncirculant,  arr\u00eat\u00e9s  ou stationnant  sur la voie  publique,  conform\u00e9ment  \u00e0 l'article  78-2-5  du\ncode  de proc\u00e9dure  p\u00e9nale  ;\nConsid\u00e9rant  que  les Jeux  Olympiques  et Paralympiques  de Paris  2024,  qui  se d\u00e9rouleront  en\nFrance  du 26 juillet  au 8 septembre  2024,  ont  le caract\u00e8re  d'un  \u00e9v\u00e8nement  international\nhors  norme  aux  enjeux  de s\u00e9curit\u00e9  in\u00e9dits;  que  les grands  \u00e9v\u00e8nements  sportifs,  compte\ntenu  de leur  exposition  m\u00e9diatique,  leur  concentration  de foules  et l'accueil  de\npersonnalit\u00e9s  publiques,  constituent  des  cibles  de choix  pour  des  actions  revendicatives  ;\nqu'il  existe  \u00e0 cette  occasion,  dans  le cadre  du d\u00e9roulement  des  \u00e9preuves,  un risque  que\nsurviennent  des  rassemblements  destin\u00e9s  \u00e0 troubler  l'ordre  public  ;\nConsid\u00e9rant  que  se d\u00e9rouleront  \u00e0 l'Arena  La D\u00e9fense  \u00e0 Nanterre  (92),  du jeudi  29 ao\u00fbt  au\nsamedi  7 septembre  2024,  plusieurs  \u00e9preuves  des  Jeux  Paralympiques  2024  ; que  les services\nde police  et de gendarmerie  seront  mobilis\u00e9s  d'une  mani\u00e8re  in\u00e9dite  \u00e0 Paris  et partout  en\nIle-de-France  pendant  les Jeux  Paralympiques  de Paris  2024,  sans  pr\u00e9judice  de leurs\nsuj\u00e9tions  habituelles,  pour  la s\u00e9curisation  des  sites  olympiques,  institutionnels  ou\ngouvernementaux  sensibles  et des  autres  \u00e9v\u00e8nements  de voie  publique  dans  un contexte\nde menace  terroriste  \u00e9lev\u00e9e  ayant  conduit  au rel\u00e8vement  du plan  VIGIPIRATE  au niveau\n\u00aburgence  attentat  \u00bb depuis  le 24 mars  2024  sur l'ensemble  du territoire  national  ;\nConsid\u00e9rant  enfin  qu'il  appartient  \u00e0 l'autorit\u00e9  de police  comp\u00e9tente  de concilier  l'exercice\ndu droit  de manifester  avec  les imp\u00e9ratifs  de l'ordre  public  ; que,  dans  ce cadre,  elle  se doit\nde prendre  les mesures  de nature  \u00e0 pr\u00e9venir,  outre  les infractions  \u00e0 la loi p\u00e9nale,  les troubles\n\u00e0 l'ordre  public  \u00e0 partir  de l'appr\u00e9ciation  qu'elle  fait  du risque  qu'ils  surviennent;  que\nr\u00e9pond  \u00e0 ces  objectifs  une  mesure  qui d\u00e9finit  un p\u00e9rim\u00e8tre  dans  lequel  des  restrictions  sont\nmises  en \u0153uvre,  notamment  \u00e0 l'\u00e9gard  de rassemblements  pr\u00e9sentant  des  risques  de\ntroubles  graves  \u00e0 l'ordre  public  afin  de garantir  la s\u00e9curit\u00e9  des  personnes  et des  biens;\n2024-01247\n\nARRETE\nTITRE  PREMIER\nMESURES  INTERDISANT  TOUT  RASSEMBLEMENT  NON  DECLARE  SUR  LE SITE  DE L'ARENA  LA DEFENSE  (92)\nArticle  1* - La pr\u00e9sence  et la circulation  des  personnes  participant  \u00e0 des  cort\u00e9ges,  d\u00e9fil\u00e9s\net rassemblements  non  d\u00e9clar\u00e9s  dans  les conditions  fix\u00e9es  par  la loi sont  interdits  dans  les\nHauts-de-Seine  dans  le p\u00e9rim\u00e8tre  d\u00e9limit\u00e9  g\u00e9ographiquement  conform\u00e9ment  au plan  joint\nen annexe,  aux  jours  et horaires  suivants  :\n- le jeudi  29 ao\u00fbt  2024  de 06h30  \u00e0 22h45;\n- le vendredi  30 ao\u00fbt  2024  de 06h30  \u00e0 23h59;\n- le samedi  31 ao\u00fbt  2024  de 06h30  \u00e0 23h00;\n- le dimanche  1\u00b0 septembre  2024  de 06h30  \u00e0 23h20;\n- le lundi  02 septembre  2024  de 07h30  \u00e0 22h50;\n- le mardi  03 septembre  2024  de 06h30  \u00e0 22h45  ;\n- le mercredi  04 septembre  2024  de 06h30  \u00e0 23h15;\n- le jeudi  05 septembre  2024  de 07h30  \u00e0 23h15;\n- le vendredi  06 septembre  2024  de 07h30  \u00e0 22h30;\n- le samedi  07 septembre  2024  de 07h30  \u00e0 23h30.\nTITRE  Il\nMESURES  DE POLICE  APPLICABLES  AUX  ABORDS  ET AU  SEIN  DES  CORTEGES,  DEFILES  ET\nRASSEMBLEMENTS  AU  SEIN  DU  PERIMETRE\nArticle  2 - Dans  le p\u00e9rim\u00e8tre  institu\u00e9  par  l'article  1\u00b0 et durant  la p\u00e9riode  mentionn\u00e9e  par  ce\nm\u00eame  article  sont  interdits  aux  abords  et au sein  des  cort\u00e8ges,  d\u00e9fil\u00e9s  et rassemblements\nle port  et le transport  par  des  particuliers,  sans  motif  l\u00e9gitime  :\nd'armes  par  nature  et de tous  objets  susceptibles  de constituer  une  arme  au sens  de\nl'article  132-75  du code  p\u00e9nal;\nd'artifices  de divertissement  et d'articles  pyrotechniques  ;\ndans  des  conteneurs  individuels,  de substances  ou de m\u00e9langes  dangereux,\ninflammables  ou corrosifs,  au sens  du r\u00e8glement  (CE)  n\u00b0 1272/2008  du Parlement\neurop\u00e9en  et du Conseil  du 16 d\u00e9cembre  2008  susvis\u00e9,  tels  que  l'essence,  le p\u00e9trole,\nle gaz,  l'alcool  \u00e0 br\u00fbler,  le m\u00e9thanol,  la t\u00e9r\u00e9benthine,  les solvants  ;\nd'\u00e9quipements  de protection  destin\u00e9  \u00e0 mettre  en \u00e9chec  tout  ou partie  des  moyens\nutilis\u00e9s  par  les repr\u00e9sentants  de la force  publique  pour  le maintien  de l'ordre  public.\nTITRE  Ill\nDISPOSITIONS  FINALES\nArticle  3 - Les repr\u00e9sentants  sur place  de l'autorit\u00e9  de police  sont  autoris\u00e9s  \u00e0 prendre  des\nmesures  compl\u00e9mentaires  \u00e0 celles  fix\u00e9es  par  le pr\u00e9sent  arr\u00eat\u00e9,  en fonction  de l'\u00e9volution  de\nla situation  et lorsque  les circonstances  l'exigent.\n2024-01247\n\nArticle  4 - Le pr\u00e9fet  des  Hauts-de-Seine,  la pr\u00e9f\u00e9te,  directrice  de cabinet  du pr\u00e9fet  de police,  le\ndirecteur  de l'ordre  public  et de la circulation  et la direction  de la s\u00e9curit\u00e9  de proximit\u00e9  de\nl'agglom\u00e9ration  parisienne,  sont  charg\u00e9s,  chacun  en ce qui le concerne,  de l'ex\u00e9cution  du pr\u00e9sent\narr\u00eat\u00e9,  qui sera  publi\u00e9  aux  recueils  des  actes  administratifs  du d\u00e9partement  de Paris  et de la\npr\u00e9fecture  des  Hauts-de-Seine,  consultable  sur le site  internet  de la pr\u00e9fecture  de police\nhttps://www.prefecturedepolice.interieur.gouv.fr),  transmis  \u00e0 la procureure  de la R\u00e9publique  pr\u00e8s\nle tribunal  judiciaire  de Paris  et au procureur  de la R\u00e9publique  pr\u00e8s  le tribunal  judiciaire  de\nNanterre.\nFait \u00e0 Paris,le  21 AO\u00dbT 2024 \\ \u2014\nLaurent  NUNEZ\n2024-01247  '\n\nAnnexe  de l'arr\u00eat\u00e9  n\u00b0 2024-01247  du 214 AO\u00dbT 2024\nVOIES  ET DELAIS  DE RECOURS\nSi vous  estimez  devoir  contester  le pr\u00e9sent  arr\u00e9t\u00e9,  il vous  est possible,  dans  un\nd\u00e9lai  de deux  mois  \u00e0 compter  de la date  de son  affichage  ou de sa publication  au recueil  des\nactes  administratifs  du d\u00e9partement  de Paris  :\n- soit  de saisir  d'un  RECOURS  GRACIEUX\nle Pr\u00e9fet  de Police\n719,  boulevard  du Palais  - 75195  PARIS  RP\n- ou de former  un RECOURS  HIERARCHIQUE\naupr\u00e8s  du Ministre  de l'int\u00e9rieur\nDirection  des  libert\u00e9s  publiques  et des  affaires  juridiques\nplace  Beauvau  - 75008  PARIS\n- soit  de saisir  d'un  RECOURS  CONTENTIEUX\nle Tribunal  administratif  comp\u00e9tent\nAucune  de ces voies  et recours  ne suspend  l'application  de la pr\u00e9sente  d\u00e9cision.\nLes recours  GRACIEUX  et HIERARCHIQUE  doivent  \u00eatre  \u00e9crits,  exposer  les\narguments  ou faits  nouveaux  et comprendre  la copie  de l'arr\u00eat\u00e9  contest\u00e9.\nLe recours  CONTENTIEUX,  qui vise  \u00e0 contester  la LEGALITE  de la pr\u00e9sente\nd\u00e9cision,  doit  \u00e9galement  \u00eatre  \u00e9crit  et exposer  votre  argumentation  juridique.\nSi vous  n'aviez  pas  de r\u00e9ponse  \u00e0 votre  recours  GRACIEUX  ou HIERARCHIQUE  dans\nun d\u00e9lai  de deux  mois  \u00e0 compter  de la r\u00e9ception  de votre  recours  par l'administration,  votre\ndemande  devra  \u00eatre  consid\u00e9r\u00e9e  comme  rejet\u00e9e  (d\u00e9cision  implicite  de rejet).\nEn cas  de rejet  des  recours  GRACIEUX  ou HIERARCHIQUE,  le Tribunal\nadministratif  peut  \u00eatre  saisi  d'un  recours  contentieux  dans  le d\u00e9lai  de deux  mois  \u00e0 compter\nde la date  de la d\u00e9cision  de rejet.\n\n2024-01247\n\nEs  CABINET  DU PREFETPREFECTURE  aP\nDE POLICE  ic]\nLibert\u00e9\n\u00c9galit\u00e9\nFraternit\u00e9\nArr\u00eat\u00e9n\u00b0  2024-01248\ninstituant  un p\u00e9rim\u00e8tre  de protection  et diff\u00e9rentes  mesures  de police  \u00e0 l'occasion  de la\n2*\"*  journ\u00e9e  du championnat  de France  de football  de Ligue  1 au Parc  des  Princes  le\nvendredi  23 ao\u00fbt  2024\nVu le code  g\u00e9n\u00e9ral  des  collectivit\u00e9s  territoriales,  notamment  ses articles  L. 2512-13  et L.\n2512-14  ;\nVu le code  p\u00e9nal  ;\nVu le code  de proc\u00e9dure  p\u00e9nale  ;\nVu le code  la route,  notamment  son  article  L. 411-2;\nVu le code  rural  et de la p\u00eache  maritime,  notamment  ses articles  L. 211-11  et L. 211-12;\nVu le code  de la s\u00e9curit\u00e9  int\u00e9rieure,  notamment  ses articles  L. 122-1,  L. 122-2,  L. 226-1,  L.\n611-1  et L. 613-2;\nVu le d\u00e9cret  n\u00b0 2004-374  du 29 avril  2004  modifi\u00e9  relatif  aux  pouvoirs  des  pr\u00e9fets,  a\nl'organisation  et \u00e0 l'action  des  services  de l'Etat  dans  les r\u00e9gions  et d\u00e9partements,\nnotamment  ses  articles  70, 72 et 73;\nVu le d\u00e9cret  n\u00b0 2024-107  du 14 f\u00e9vrier  2024  relatif  aux  comp\u00e9tences  du pr\u00e9fet  de police\net \u00e0 celles  du pr\u00e9fet  de police  des  Bouches-du-Rh\u00f4ne  pour  les jeux  Olympiques  et\nParalympiques  de 2024,  ainsi  qu'\u00e0  la comp\u00e9tence  territoriale  de certaines  directions  de la\npr\u00e9fecture  de police  ;\nVu le d\u00e9cret  du 20 juillet  2022  par  lequel  M. Laurent  NUNEZ,  pr\u00e9fet,  coordonnateur\nnational  du renseignement  et de la lutte  contre  le terrorisme,  est nomm\u00e9  pr\u00e9fet  de police\n(hors  classe);\nConsid\u00e9rant  que,  en application  des  articles  L.122-1  et L. 122-2  du code  de s\u00e9curit\u00e9\nint\u00e9rieure  et 72 et 73 du d\u00e9cret  du 29 avril  2004  susvis\u00e9,  le pr\u00e9fet  de police  a la charge  de\nl'ordre  public,  notamment  la pr\u00e9vention  des  atteintes  \u00e0 la s\u00e9curit\u00e9  des  personnes  et des\nbiens,  dans  les d\u00e9partements  de Paris  et des  Hauts-de-Seine  ;\nConsid\u00e9rant  que,  en application  du 3\u00b0 de l'article  L. 2215-1  du code  g\u00e9n\u00e9ral  des\ncollectivit\u00e9s  territoriales,  le repr\u00e9sentant  de l'Etat  dans  le d\u00e9partement  est seul\ncomp\u00e9tent  pour  prendre  les mesures  relatives  \u00e0 l'ordre,  \u00e0 la s\u00fbret\u00e9,  \u00e0 la s\u00e9curit\u00e9  et \u00e0 la\nsalubrit\u00e9  publiques,  dont  le champ  d'application  exc\u00e8de  le territoire  d'une  commune  :\nque,  conform\u00e9ment  \u00e0 l'article  73 du d\u00e9cret  du 29 avril  2004  susvis\u00e9,  le pr\u00e9fet  de police\nexerce  dans  le d\u00e9partement  des  Hauts-de-Seine  les attributions  d\u00e9volues  au repr\u00e9sentant\nde l'Etat  dans  le d\u00e9partement  par  l'article  L. 2215-1;\n\nConsid\u00e9rant  que,  en application  de l'article  L. 226-1  du code  de la s\u00e9curit\u00e9  int\u00e9rieure,  le\npr\u00e9fet  de police  peut,  en vue  d'assurer  la s\u00e9curit\u00e9  d'un  lieu ou d'un  \u00e9v\u00e9nement  expos\u00e9  a\nun risque  d'actes  de terrorisme  \u00e0 raison  de sa nature  et de l'ampleur  de sa fr\u00e9quentation,\ninstituer  par arr\u00eat\u00e9  motiv\u00e9  un p\u00e9rim\u00e8tre  de protection  au sein  duquel  l'acc\u00e8s  et la\ncirculation  des  personnes  sont  r\u00e9glement\u00e9s  ; que  cet arr\u00e9t\u00e9  peut  autoriser  les agents\nmentionn\u00e9s  aux  2\u00b0 \u00e0 4\u00b0 de l'article  16 du code  de proc\u00e9dure  p\u00e9nale  et, sous  la\nresponsabilit\u00e9  de ces agents,  ceux  mentionn\u00e9s  \u00e0 l'article  20 et aux  1\u00b0, 1\u00b0bis  et 1\u00b0ter  de\nl'article  21 du m\u00eame  code  \u00e0 proc\u00e9der,  au sein  d'un  p\u00e9rim\u00e8tre  de protection,  avec  le\nconsentement  des  personnes  faisant  l'objet  de ces v\u00e9rifications,  \u00e0 des  palpations  de\ns\u00e9curit\u00e9  ainsi  qu'\u00e0  l'inspection  visuelle  et \u00e0 la fouille  des bagages,  ainsi  qu'\u00e0  la visite  des\nv\u00e9hicules  susceptibles  de p\u00e9n\u00e9trer  au sein  de ce p\u00e9rim\u00e8tre  ; qu'aux  termes  de l'article  73\ndu d\u00e9cret  du 29 avril  2004  susvis\u00e9,  le pr\u00e9fet  de police  exerce  dans  le d\u00e9partement  des\nHauts-de-Seine  les attributions  d\u00e9volues  au repr\u00e9sentant  de l'Etat  dans  le d\u00e9partement\npar  l'article  L. 226-1  du code  de la s\u00e9curit\u00e9  int\u00e9rieure  ;\nConsid\u00e9rant  que,  en application  de l'article  L. 613-2  du code  de la s\u00e9curit\u00e9  int\u00e9rieure,  les\npersonnes  physiques  exer\u00e7ant  l'activit\u00e9  mentionn\u00e9e  au 1\u00b0 de l'article  L. 611-1  du m\u00eame\ncode  peuvent,  lorsqu'un  p\u00e9rim\u00e8tre  de protection  a \u00e9t\u00e9 institu\u00e9  en application  de l'article\nL. 226-1  du m\u00eame  code,  proc\u00e9der,  avec  le consentement  expr\u00e8s  des  personnes,  \u00e0 des\npalpations  de s\u00e9curit\u00e9  ;\nConsid\u00e9rant  que  se tiendra  le vendredi  23 ao\u00fbt  2024  \u00e0 20h45  un match  de football  pour\nle compte  de la 2\u00b0\"  journ\u00e9e  du championnat  de football  de Ligue  1 au stade  du Parc  des\nPrinces  \u00e0 Paris  16\u00b0\",  qui opposera  les \u00e9quipes  du Paris  Saint-Germain  (PSG)  et de\nMontpellier  H\u00e9rault  Sport  Club  (MHSC);  qu'\u00e0  cette  occasion,  un nombre  important  de\nsupporters  ainsi  que  des personnalit\u00e9s  seront  pr\u00e9sents  aux abords  et \u00e0 l'int\u00e9rieur  du\nstade  ; que  dans  le contexte  actuel  de menace  tr\u00e8s  \u00e9lev\u00e9e,  cette  rencontre  sportive  est\nsusceptible  de constituer  une  cible  privil\u00e9gi\u00e9e  et symbolique  pour  des actes  de nature\nterroriste  ;\nConsid\u00e9rant  que  plusieurs  attentats  ou tentatives  d'attentats  r\u00e9cents  traduisent  le niveau\n\u00e9lev\u00e9  de la menace  terroriste  actuelle  en France  dans  le cadre  du plan  VIGIPIRATE  \u00ab\nurgence  attentat  \u00bb en vigueur  sur l'ensemble  du territoire  national  depuis  le 24 mars\n2024  ;\nConsid\u00e9rant  qu'il  appartient  \u00e0 l'autorit\u00e9  de police  comp\u00e9tente  de prendre  les mesures\nadapt\u00e9es,  n\u00e9cessaires  et proportionn\u00e9es  visant  \u00e0 garantir  la s\u00e9curit\u00e9  des  personnes  et des\nbiens  pendant  cet \u00e9v\u00e8nement  ; que  la mise  en place  d'un  p\u00e9rim\u00e8tre  de protection\ncomprenant  diff\u00e9rentes  mesures  de police  \u00e0 l'occasion  du match  de Ligue  1 entre  le PSG\net le MHSC  au Parc  des  Princes  \u00e0 Paris  16\u00b0\"\u00b0  le vendredi  23 ao\u00fbt  2024  r\u00e9pond  \u00e0 ces\nobjectifs  ;\nARRETE  :\nTITRE  PREMIER\nINSTITUTION  D'UN  PERIMETRE  DE PROTECTION\nArticle  1\u00b0 - Du vendredi  23 ao\u00fbt  2024  \u00e0 17h45  au samedi  24 ao\u00fbt  2024  \u00e0 01h00  est\ninstitu\u00e9  un p\u00e9rim\u00e8tre  de protection  au sein  duquel  l'acc\u00e8s  et la circulation  des personnes\nsont  r\u00e9glement\u00e9s  dans  les conditions  fix\u00e9es  par le pr\u00e9sent  arr\u00eat\u00e9.\n\nArticle  2 - Le p\u00e9rim\u00e8tre  de protection  institu\u00e9  par  l'article  1\u00b0 du pr\u00e9sent  arr\u00eat\u00e9  est\nd\u00e9limit\u00e9  par  les voies  suivantes  qui y sont  incluses,  sauf  mentions  contraires  :\nrue  Nungesser  et Coli,  dans  sa partie  comprise  entre  le rond-point  de la place  de\nl'Europe  et l'avenue  de la Porte  Molitor  \u00e0 Paris  16\u00e8\"\u00b0;\nall\u00e9e  Charles  Brennus  \u00e0 Paris  16\u00e8\u00b0  ;\navenue  du G\u00e9n\u00e9ral  Sarrail,  dans  sa partie  comprise  entre  la rue  Raffa\u00e9lli  et l'all\u00e9e\nCharles  Brennus  \u00e0 Paris  167  ;\navenue  du G\u00e9n\u00e9ral  Sarrail,  dans  sa partie  comprise  entre  la rue  Raffa\u00e9lli  et ia rue\nLecomte  du No\u00fby  \u00e0 Paris  16\u00e87\u00b0  :\nrue  Lecomte  du No\u00fby  \u00e0 Paris  16\u00b07\u00b0  ;\nrue  de l'Arioste  \u00e0 Paris  16\u00b0\";\nrue  du Sergent  Maginot  \u00e0 Paris  16\u00b0\"\u00b0;\nrue  du G\u00e9n\u00e9ral  Roques  \u00e0 Paris  16\u00b0TM\u00b0;\navenue  du Parc  des  Princes,  dans  sa partie  comprise  entre  le n\u00b0 31 de l'avenue  du\nParc  des  Princes  et l'avenue  du G\u00e9n\u00e9ral  Sarrail  \u00e0 Paris  1627  :\npasserelle  surplombant  le p\u00e9riph\u00e9rique,  en vis-\u00e0-vis  du magasin  Carglass,  depuis\nl'avenue  du Parc  des  Princes  :\nrue du Commandant  Guilbaud  \u00e0 Paris  16\u00e8\"\u00b0:\nrue  du Parc  a Boulogne-Billancourt  (92):\nparking  du complexe  omnisports  G\u00e9o  Andr\u00e9  \u00e0 Paris  16\u00e8\"\u00b0  :\nplace  de l'Europe  \u00e0 Boulogne-Billancourt  (92),  dans  sa partie  comprise  entre  la rue\nMarcel  Loyau  \u00e0 Boulogne-Billancourt  (92)  et le rond-point  de la place  de l'Europe  \u00e0\nParis  16\u00b0\"  ;\nrond-point  de la place  de l'Europe  \u00e0 Paris  16\u00e8\"\u00b0  ;\nrue  Joseph-Bernard  \u00e0 Boulogne-Billancourt  (92),  dans  sa partie  comprise  entre  la rue\nde la Tourelle  \u00e0 Boulogne-Billancourt  (92)  et la rue  Nungesser  et Coli  \u00e0 Paris  16e,\nArticle  3 - Les points  d'acc\u00e8s  au p\u00e9rim\u00e8tre,  sur lesquels  des  dispositifs  de pr\u00e9-filtrage  et de\nfiltrage  sont  mis  en place,  sont  situ\u00e9s  :\n\u00e0 l'angle  form\u00e9  par  l'avenue  du G\u00e9n\u00e9ral-Sarrail,  la rue  Raffa\u00e9lli  (c\u00f4t\u00e9  impair)  et l'all\u00e9e\nCharles  Brennus  \u00e0 Paris  16\u00e8\"\u00b0  ;\nrue  Lecomte  du Nowy  \u00e0 Paris  16\u00e8e  ;\n\u00e0 l'angle  form\u00e9  par  la rue  du Sergent  Maginot  et la place  du G\u00e9n\u00e9ral  Stefanik  \u00e0 Paris\n16\u00e87e  :\n\u00e0 l'angle  form\u00e9  par  la rue  du G\u00e9n\u00e9ral  Roques  et la place  du G\u00e9n\u00e9ral  Stefanik  \u00e0 Paris\n16\u00e8re  ;\nau n\u00b0 31 de l'avenue  du Parc  des  Princes  \u00e0 Paris  16\u00e8\"\u00b0:\n\u00e0 l'angle  form\u00e9  par  l'avenue  de la Porte  de Saint-Cloud  et la rue  du Commandant\nGuilbaud  \u00e0 Paris  16\u00b0;\nrue  du Parc  \u00e0 Boulogne-Billancourt  (92):\n2024-01248\n\n- a l'angle  form\u00e9  par  la rue  de la Tourelle  et l'entr\u00e9e  du Jardin  Guilbaud  \u00e0 Boulogne-\nBillancourt  (92);\n- al'angle  form\u00e9  par  la place  de l'Europe  et l'entr\u00e9e  du Jardin  Guilbaud  \u00e0 Boulogne-\nBillancourt  (92)  ;\n- place  de l'Europe  \u00e0 Boulogne-Billancourt  (92),  dans  sa partie  comprise  entre  la rue\nMarcel  Loyau  \u00e0 Boulogne-Billancourt  (92)  et le rond-point  de la place  de l'Europe  \u00e0\nParis  16\u00e8\"\u00b0;\n- a l'angle  form\u00e9  par  la rue  Joseph  Bernard  et la rue  de la Tourelle  \u00e0 Boulogne-\nBillancourt  (92);\n- a l'angle  form\u00e9  par  la rue  Nungesser  et Coli  et l'avenue  de la Porte  Molitor  \u00e0 Paris\n16\u00b0\"  ;\n- a l'angle  de la rue  Nungesser  et Coli  \u00e0 Paris  16*\"*  et de la rue  Joseph  Bernard  \u00e0\nBoulogne-Billancourt  (92).\nTITRE  II\nMESURES  DE POLICE  APPLICABLES  A L'INTERIEUR  DU PERIMETRE  DE PROTECTION\nArticle  4 - Dans  le p\u00e9rim\u00e8tre  institu\u00e9  et durant  la p\u00e9riode  mentionn\u00e9e  par  l'article  1\", les\nmesures  suivantes  sont  applicables  :\n1\u00b0 Mesures  applicables  aux  usagers  de la voie  publique  :\na) Sont  interdits  :\n- Tout  rassemblement  de nature  revendicative  ;\n- Le port,  le transport  et l'utilisation  des  artifices  de divertissement,  des  articles\npyrotechniques,  des  armes  \u00e0 feu,  y compris  factices,  et des  munitions,  ainsi  que  de\ntous  objets  susceptibles  de constituer  une  arme  au sens  de l'article  132-75  du code\np\u00e9nal  ou pouvant  servir  de projectile  pr\u00e9sentant  un danger  pour  la s\u00e9curit\u00e9  des\npersonnes  et des  biens  ;\n- L'acc\u00e8s  des  animaux  dangereux  au sens  des  articles  L. 211-11  et suivants  du code  rural\net de la p\u00eache  maritime,  en particulier  les chiens  des  1\u00b0 et 2?  cat\u00e9gories  :\nb) Les personnes  ont  l'obligation,  pour  acc\u00e9der  par les points  de pr\u00e9-filtrage  et de\nfiltrage  pr\u00e9vus  \u00e0 l'article  3 ou circuler  \u00e0 l'int\u00e9rieur  du p\u00e9rim\u00e8tre,  de se soumettre,  \u00e0 la\ndemande  des  agents  autoris\u00e9s  par  le pr\u00e9sent  arr\u00eat\u00e9  \u00e0 proc\u00e9der  \u00e0 ces  v\u00e9rifications,  \u00e0\nl'inspection  visuelle  des  bagages  et \u00e0 leur  fouille,  ainsi  qu'\u00e0  des  palpations  de s\u00e9curit\u00e9  et,\nexclusivement  par  des  officiers  de police  judiciaire  et, sous  leur  responsabilit\u00e9,  par  des\nagents  de police  judiciaire  et agents  de police  judiciaire  adjoints,  \u00e0 la visite  de leur\nv\u00e9hicule  ;\nc) Les personnes  qui  pour  des  raisons  professionnelles,  de r\u00e9sidence  ou familiales\ndoivent  acc\u00e9der  \u00e0 l'int\u00e9rieur  du p\u00e9rim\u00e8tre  de protection  et y circuler,  sont  invit\u00e9s  \u00e0 se\nsignaler  aupr\u00e8s  de l'autorit\u00e9  de police  sur place  afin  de pouvoir  faire  l'objet  d'une  mesure\nde filtrage  adapt\u00e9e  ;\n2024-01248\n\n2\u00b0 Mesures  accordant  des  comp\u00e9tences  suppl\u00e9mentaires  aux  personnels  charg\u00e9s  de la\ns\u00e9curit\u00e9  :\n- Les officiers  de police  judiciaire  mentionn\u00e9s  aux 2\u00b0 a 4\u00b0 de l'article  16 du code  de\nproc\u00e9dure  p\u00e9nale  et, sous  leur  responsabilit\u00e9,  les agents  de police  judiciaire\nmentionn\u00e9s  \u00e0 l'article  20 du m\u00eame  code  sont  autoris\u00e9s  \u00e0 proc\u00e9der,  avec  le\nconsentement  des personnes  faisant  l'objet  de ces v\u00e9rifications,  \u00e0 des palpations  de\ns\u00e9curit\u00e9,  \u00e0 l'inspection  visuelle  des  bagages  et \u00e0 leur  fouille,  ainsi  qu'\u00e0  la visite  des\nv\u00e9hicules  ;\n- les personnes  exer\u00e7ant  l'activit\u00e9  mentionn\u00e9e  au 1\u00b0 de l'article  L. 611-1  du code  de la\ns\u00e9curit\u00e9  int\u00e9rieure  peuvent,  aux points  de filtrage,  proc\u00e9der,  sous  l'autorit\u00e9  des\nofficiers  de police  judiciaire  et aupr\u00e8s  des  agents  de police  judiciaire  qu'ils  assistent  et\navec  le consentement  expr\u00e8s  des personnes,  outre  \u00e0 l'inspection  visuelle  des  bagages\net \u00e0 leur  fouille,  \u00e0 des  palpations  de s\u00e9curit\u00e9.\nArticle  5 - Sans  pr\u00e9judice  des  sanctions  p\u00e9nales  auxquelles  s'exposent  les personnes  en\ninfraction  avec  les dispositions  du pr\u00e9sent  titre,  celles  qui refusent  de se soumettre  \u00e0\nl'inspection  visuelle  de leurs  bagages  \u00e0 main,  \u00e0 leur  fouille,  \u00e0 des  palpations  de s\u00e9curit\u00e9  ou\n\u00e0 la visite  de leur  v\u00e9hicule  peuvent  se voir  interdire  l'acc\u00e8s  au p\u00e9rim\u00e8tre  institu\u00e9  par\nl'article  1\u00b0 ou \u00eatre  conduites  \u00e0 l'ext\u00e9rieur  de celui-ci.\nTITRE  III\nDISPOSITIONS  FINALES\nArticle  6 - Les mesures  pr\u00e9vues  par le pr\u00e9sent  arr\u00eat\u00e9  peuvent  \u00eatre  lev\u00e9es  et r\u00e9tablies  sur\nd\u00e9cision  du repr\u00e9sentant  sur place  de l'autorit\u00e9  de police,  en fonction  de l'\u00e9volution  de la\nsituation.\nArticle  7 - Le pr\u00e9fet  des  Hauts-de-Seine,  la pr\u00e9f\u00e8te,  directrice  de cabinet,  le directeur  de\nl'ordre  public  et de la circulation,  la directrice  de la s\u00e9curit\u00e9  de proximit\u00e9  de\nl'agglom\u00e9ration  parisienne  et la secr\u00e9taire  g\u00e9n\u00e9rale  de la ville  de Paris  sont  charg\u00e9s,\nchacun  en ce qui le concerne,  de l'ex\u00e9cution  du pr\u00e9sent  arr\u00eat\u00e9  qui entrera  en vigueur  d\u00e8s\nson affichage  aux portes  de la pr\u00e9fecture  de police,  sera  publi\u00e9  aux recueils  des actes\nadministratifs  du d\u00e9partement  de Paris  et de la pr\u00e9fecture  des Hauts-de-Seine,  consultable\nsur le site de la pr\u00e9fecture  de police  (https://www.prefecturedepolice.interieur.gouv.fr)  et\ntransmis  aux  procureurs  de la R\u00e9publique  pr\u00e8s  les tribunaux  judiciaires  de Paris  et de\nNanterre.\nFait  \u00e0 Paris,le  2 1 AO\u00dbT  2024\nLaurent  NUNEZ\n2024-01248\n\nAnnexe  de l'arr\u00eat\u00e9  n\u00b0 2024-01248  du 21 AO\u00dbT 2024\nVOIES  ET DELAIS  DE RECOURS\nSi vous  estimez  devoir  contester  le pr\u00e9sent  arr\u00e9t\u00e9,  il vous  est possible,  dans  un\nd\u00e9lai  de deux  mois  \u00e0 compter  de la date  de son  affichage  ou de sa publication  au recueil\ndes  actes  administratifs  de la pr\u00e9fecture  de police  :\n- soit  de saisir  d'un  RECOURS  GRACIEUX\nle Pr\u00e9fet  de Police\n7/9,  boulevard  du Palais  - 75195  PARIS  RP\n- ou de former  un RECOURS  HIERARCHIQUE\naupr\u00e8s  du Ministre  de l'int\u00e9rieur\nDirection  des  libert\u00e9s  publiques  et des  affaires  juridiques\nplace  Beauvau  - 75008  PARIS\n- soit  de saisir  d'un  RECOURS  CONTENTIEUX\nle Tribunal  administratif  comp\u00e9tent\nAucune  de ces voies  et recours  ne suspend  l'application  de la pr\u00e9sente  d\u00e9cision.\nLes recours  GRACIEUX  et HIERARCHIQUE  doivent  \u00eatre  \u00e9crits,  exposer  les\narguments  ou faits  nouveaux  et comprendre  la copie  de l'arr\u00eat\u00e9  contest\u00e9.\nLe recours  CONTENTIEUX,  qui vise  \u00e0 contester  la LEGALITE  de la pr\u00e9sente\nd\u00e9cision,  doit  \u00e9galement  \u00eatre  \u00e9crit  et exposer  votre  argumentation  juridique.\nSi vous  n'aviez  pas de r\u00e9ponse  \u00e0 votre  recours  GRACIEUX  ou HIERARCHIQUE\ndans  un d\u00e9lai  de deux  mois  \u00e0 compter  de la r\u00e9ception  de votre  recours  par l'administration,\nvotre  demande  devra  \u00eatre  consid\u00e9r\u00e9e  comme  rejet\u00e9e  (d\u00e9cision  implicite  de rejet).\nEn cas de rejet  des recours  GRACIEUX  ou HIERARCHIQUE,  le Tribunal\nadministratif  peut  \u00eatre  saisi  d'un  recours  contentieux  dans  le d\u00e9lai  de deux  mois  \u00e0 compter\nde la date  de la d\u00e9cision  de rejet.\n\n2024-01248\n\nEs  CABINET  DU PREFET\nPREFECTURE  aP\nDE POLICE  a\nLibert\u00e9\nEgalit\u00e9\nFraternit\u00e9\nArr\u00eat\u00e9n\u00b0  2024-01249\nportant  encadrement  du d\u00e9placement  de supporters  et instaurant  un p\u00e9rim\u00e8tre\ncomportant  certaines  mesures  de police  \u00e0 l'occasion  de la rencontre  de football  de\nLigue  1 du vendredi  23 ao\u00fbt  2024  entre  les \u00e9quipes  du PARIS  SAINT-GERMAIN  et de\nMONTPELLIER  H\u00c9RAULT  SPORT  CLUB  au Parc  des Princes  \u00e0 Paris\nVu le code  g\u00e9n\u00e9ral  des  collectivit\u00e9s  territoriales,  notamment  son  article  2512-13  ;\nVu le code  p\u00e9nal;\nVu le code  de proc\u00e9dure  p\u00e9nale  ;\nVu le code  du sport,  notamment  son  article  L. 332-16-2  ;\nVu le code  de la s\u00e9curit\u00e9  int\u00e9rieure,  notamment  ses articles  L. 122-1  et L. 122-2;\nVu le d\u00e9cret  n\u00b0 2004-374  du 29 avril  2004  modifi\u00e9  relatif  aux  pouvoirs  des  pr\u00e9fets,  \u00e0\nl'organisation  et \u00e0 l'action  des  services  de l'Etat  dans  les r\u00e9gions  et d\u00e9partements,\nnotamment  ses articles  72 et 73;\nVu le d\u00e9cret  n\u00b0 2024-107  du 14 f\u00e9vrier  2024  relatif  aux  comp\u00e9tences  du pr\u00e9fet  de police\net \u00e0 celles  du pr\u00e9fet  de police  des  Bouches-du-Rh\u00f4ne  pour  les jeux  Olympiques  et\nParalympiques  de 2024,  ainsi  qu'\u00e0  la comp\u00e9tence  territoriale  de certaines  directions  de la\npr\u00e9fecture  de police,  notamment  son  article  1\u00b0;\nVu la circulaire  du ministre  de l'Int\u00e9rieur  INTK2127556]  du 10 septembre  2021,  compl\u00e9t\u00e9e\npar  la circulaire  INTK2133195)  du 31 d\u00e9cembre  2021  relatives  aux  mesures  de police\nadministrative  pour  lutter  contre  la violence  dans  les stades  ;\nVu la circulaire  du ministre  de l'Int\u00e9rieur  INTD2205085]  du 25 avril  2022  relatives  aux\nrencontres  sportives  \u00e0 risques  et interdictions  de d\u00e9placement  de supporters  ;\nVu le d\u00e9cret  du 20 juillet  2022  par lequel  M. Laurent  NUNEZ,  pr\u00e9fet,  coordonnateur\nnational  du renseignement  et de la lutte  contre  le terrorisme,  est nomm\u00e9  pr\u00e9fet  de police\n(hors  classe)  ;\nConsid\u00e9rant  que,  en application  des  articles  L. 122-1  et L. 122-2  du code  de la s\u00e9curit\u00e9\nint\u00e9rieure  et 72 et 73 du d\u00e9cret  du 29 avril  2004  susvis\u00e9,  le pr\u00e9fet  de police  a la charge  de\nl'ordre  public,  notamment  la pr\u00e9vention  des  atteintes  \u00e0 la s\u00e9curit\u00e9  des  personnes  et des\nbiens,  \u00e0 Paris  et dans  le d\u00e9partement  des  Hauts-de-Seine  ;\nConsid\u00e9rant,  en outre,  qu'en  application  de l'article  1\u00b0 du d\u00e9cret  du 14 f\u00e9vrier  2024\nsusvis\u00e9,  le pr\u00e9fet  de police  exerce  dans  le d\u00e9partement  de la Seine-et-Marne  les missions\nde police  administrative  qui lui sont  d\u00e9volues  et celles  attribu\u00e9es  au repr\u00e9sentant  de l'Etat\ndans  le d\u00e9partement  par l'article  73 du d\u00e9cret  du 29 avril  2004  susvis\u00e9  du 1er juillet  au 15\n\nseptembre  2024,  ainsi  que  celles  du chapitre  II du titre  III du livre  IIl du code  du sport  en\nmati\u00e9re  de s\u00e9curit\u00e9  des  manifestations  sportives  ;\nConsid\u00e9rant  que,  en application  de l'article  L. 332-16-2  du code  du sport,  le repr\u00e9sentant\nde l'Etat  dans  le d\u00e9partement  ou,  a Paris,  le pr\u00e9fet  de police  peut,  par  arr\u00eat\u00e9,  restreindre\nla libert\u00e9  d'aller  et de venir  des  personnes  se pr\u00e9valant  de la qualit\u00e9  de supporter  d'une\n\u00e9quipe  ou se comportant  comme  tel sur les lieux  d'une  manifestation  sportive  et dont  la\npr\u00e9sence  est susceptible  d'occasionner  des  troubles  graves  \u00e0 l'ordre  public  ; que  le fait\npour  les personnes  concern\u00e9es  de ne pas  se conformer  \u00e0 l'arr\u00eat\u00e9  pris  en application  des\ndeux  premiers  alin\u00e9as  est puni  de six mois  d'emprisonnement  et d'une  amende  de 30\n000\u20ac,  en application  du m\u00eame  article  ; que  cet encadrement  du d\u00e9placement  implique\nune  prise  en charge  de groupes  de supporters  de l'\u00e9quipe  visiteur  depuis  le p\u00e9age  de\nFleury-en-Bi\u00e8re  en Seine-et-Marne  jusqu'au  Parc  des  Princes,  selon  les prescriptions\nmentionn\u00e9es  ci-apr\u00e8s  ;\nConsid\u00e9rant  que,  \u00e0 l'occasion  de la 2\u00b0\"\u00b0  journ\u00e9e  du championnat  de football  de Ligue  1,\nl'\u00e9quipe  du football  du Paris  Saint-Germain  (PSG)  recevra  celle  de Montpellier  H\u00e9rault\nSport  Club  (MHSC)  au Parc  des  Princes  \u00e0 Paris  16\u00e8me,  le vendredi  23 ao\u00fbt  2024  \u00e0 20h45  ;\nqu'il  existe  des  risques  de troubles  \u00e0 l'ordre  public  entre  les soutiens  des  deux  \u00e9quipes  du\nfait  du comportement  violent  de certains  supporters  ou d'individus  se pr\u00e9valant  de la\nqualit\u00e9  de supporter,  tant  par  des  rixes  que  par  des  violences  contre  les forces  de l'ordre\nou par des  jets  de divers  projectiles,  p\u00e9tards  ou fumig\u00e8nes  ; qu'il  en a \u00e9t\u00e9 ainsi  le 22 f\u00e9vrier\n2019,  \u00e0 Paris,  o\u00f9 les forces  de l'ordre  avaient  d\u00fb intervenir  pour  emp\u00eacher  un\naffrontement  entre  supporters  parisiens  et montpelli\u00e9rains  apr\u00e8s  que  des  anciens\n\u00abSupras  d'Auteuil\u00bb  avaient  tent\u00e9  d'attaquer  des  supporters  h\u00e9raultais  \u00e0 l'issue  de la\nrencontre  au Parc  des  Princes  ;\nConsid\u00e9rant  que  les supporters  class\u00e9s  \u00e0 risque  pourraient  faire  usage  d'engins\npyrotechniques  et d\u00e9tonants  ; que  l'usage  d'engins  pyrotechniques  et d\u00e9tonants  est\nconstitutif  d'un  d\u00e9lit  puni  de trois  ans  d'emprisonnement  et de 15 000  euros  d'amende  en\napplication  de l'article  L. 332-8  du code  du sport  ;\nConsid\u00e9rant,  en outre,  que  les forces  de s\u00e9curit\u00e9  int\u00e9rieure  seront  particuli\u00e8rement\nmobilis\u00e9es  le week-end  de la rencontre  \u00e0 Paris  et en Ile-de-France  notamment  sur les\nc\u00e9r\u00e9monies  comm\u00e9moratives  du 80*\"*  anniversaire  de la Lib\u00e9ration  de Paris  ainsi  que\npour  la s\u00e9curisation  des  jeux  Paralympiques  de Paris,  en particulier  celle  de la c\u00e9r\u00e9monie\nd'ouverture  du 28 ao\u00fbt  et du relais  de la flamme,  ceci  sans  pr\u00e9judice  de leurs  suj\u00e9tions\nhabituelles;  que  cette  rencontre  s'inscrit  \u00e9galement  dans  un contexte  de menace\nterroriste  aig\u00fce  qui sollicite  \u00e0 un niveau  particuli\u00e8rement  \u00e9lev\u00e9  les forces  de s\u00e9curit\u00e9\nint\u00e9rieure  pour  garantir  la protection  des  personnes  et des  biens  contre  les risques\nd'attentat,  dans  le cadre  du plan  VIGIPIRATE  port\u00e9  \u00e0 son  niveau  le plus  \u00e9lev\u00e9  \u00ab urgence\nattentat  \u00bb sur l'ensemble  du territoire  national  ;\nConsid\u00e9rant  que,  dans  ces conditions,  \u00e0 l'occasion  du match  de football  le vendredi  23\nao\u00fbt  2024  entre  les \u00e9quipes  du PSG  et de MHSC,  un encadrement  du d\u00e9placement  des\nsupporters  de Montpellier  H\u00e9rault  Sport  Club  en application  de l'article  L. 332-16-2\npr\u00e9cit\u00e9  du code  du sport,  limitant  leur  nombre  et prescrivant  des  modalit\u00e9s\nd'acheminement  de ceux-ci  depuis  le p\u00e9age  de Fleury-en-Bi\u00e8re  (77)  jusqu'au  parcage\nvisiteurs  du Parc  des  Princes  et de reconduite  \u00e0 l'issue  du match,  sous  l'\u00e9gide  des  forces\nde l'ordre,  est de nature,  sans  porter  une  atteinte  excessive  \u00e0 la libert\u00e9  d'aller  et venir,  \u00e0\npr\u00e9venir  les atteintes  \u00e0 la s\u00e9curit\u00e9  des  personnes  et des  biens  et la survenance  de troubles\ngraves  \u00e0 l'ordre  public  ; que  la mise  en \u0153uvre  de certaines  mesures  d'interdiction  dans  un\n2\n2024-01249\n\np\u00e9rim\u00e8tre  et \u00e0 des  horaires  d\u00e9finis,  notamment  l'introduction,  la d\u00e9tention  et le transport\nde tous  objets  susceptibles  de constituer  une  arme  ou pouvant  servir  de projectile\npr\u00e9sentant  un danger  pour  la s\u00e9curit\u00e9  des  personnes  et des  biens  poursuit  la m\u00eame\nfinalit\u00e9  de sauvegarde  de l'ordre  public  ;\nARRETE\nArticle  1\u00b0\" - Le vendredi  23 ao\u00fbt  2024,  \u00e0 l'occasion  de la rencontre  de football  de Ligue  1\nentre  les \u00e9quipes  du Paris  Saint-Germain  (PSG)  et de Montpellier  H\u00e9rault  Sport  Club\n(MHSC),  la tribune  \u00ab visiteurs  \u00bb du Parc  des  Princes  ne peut  accueillir  plus  de 700\nsupporters  de Montpellier  H\u00e9rault  Sport  Club.\nL'acheminement  des  supporters  du MHSC  appartenant  au groupe  des  \u00ab Buttes  Paillade  \u00bb\nou se revendiquant  comme  tels,  s'effectuera  selon  les modalit\u00e9s  suivantes  :\n- l'acheminement  de ces supporters  se fera  exclusivement  par un moyen  de transport\ncollectif  (bus,  minibus);  les immatriculations  des  v\u00e9hicules  sont  communiqu\u00e9es  \u00e0 la\ndirection  de l'ordre  public  et de la circulation  par  le MHSC  ;\n- les supporters  de Montpellier  H\u00e9rault  Sport  Club  devront  \u00eatre  d\u00e9tenteurs  d'un  billet  ou\nd'une  contremarque  pr\u00e9alablement  achet\u00e9  aupr\u00e8s  de Montpellier  H\u00e9rault  Sport  Club  ;\n- un point  de rendez-vous  obligatoire  est fix\u00e9  le vendredi  23 ao\u00fbt  2024  \u00e0 17h45  sur\nl'autoroute  A6 au niveau  du p\u00e9age  de Fleury-en-Bi\u00e8re  (77),  dans  le sens  province-Paris  ;\n- les supporters  appartenant  au groupe  des  \u00ab Buttes  Paillade  \u00bb ou se revendiquant  comme\ntels  seront  escort\u00e9s  par  les forces  de l'ordre  depuis  le p\u00e9age  de Fleury-en-Bi\u00e8re  jusqu'au\nparking  visiteurs  du Parc  des  Princes  selon  un itin\u00e9raire  pr\u00e9d\u00e9termin\u00e9  ;\n- \u00e0 la fin de la rencontre,  ces  supporters  devront  rejoindre  leur  moyen  de transport\ninitialement  utilis\u00e9  pour  \u00eatre  dirig\u00e9s  par  les forces  de l'ordre  jusqu'\u00e0  la sortie  de la\ncapitale.\nCes  mesures  d'acheminement  ne concernent  pas  les autres  supporters  de Montpellier\nH\u00e9rault  Sport  Club,  dont  ceux  qui  r\u00e9sident  en r\u00e9gion  parisienne,  qui gagneront  le parcage\nvisiteurs  du Parc  des  Princes  par leurs  propres  moyens.\nArticle  2: Du vendredi  23 ao\u00fbt  2024  \u00e0 17h45  jusqu'au  samedi  24 ao\u00fbt  2024  \u00e0 01h00  est\ninstitu\u00e9  un p\u00e9rim\u00e8tre  comportant  certaines  mesures  de police,  au sein  duquel  la pr\u00e9sence\nsur la voie  publique  de personnes  se pr\u00e9valant  de la qualit\u00e9  de supporter  du MHSC  ou se\ncomportant  comme  tel est  interdite,  \u00e0 l'exception  des  700  autoris\u00e9s  dans  le parcage\nvisiteurs.  Ce p\u00e9rim\u00e8tre  est d\u00e9limit\u00e9  par  les voies  suivantes  qui y sont  incluses,  sauf\nmention  contraire  :\n- Boulevard  d'Auteuil  dans  sa partie  comprise  entre  l'avenue  Robert  Schuman  et la place\nde la Porte  Molitor,\n- Place  de la Porte  Molitor,  dans  sa partie  comprise  entre  le boulevard  d'Auteuil  et la rue\nMolitor,\n- Boulevard  Murat  dans  sa partie  comprise  entre  la place  Molitor  et la place  de la porte  de\nSaint-Cloud,\n- Place  de la porte  de Saint-Cloud,\n2024-01249\n\n- Avenue  Georges  Lafont  dans  sa partie  comprise  entre  la place  de la porte  de Saint-\nCloud  et l'avenue  Edouard  Vaillant,\n- Avenue  Edouard  Vaillant  dans  sa partie  comprise  entre  les avenues  Georges  Lafont  et\nFerdinand  Buisson,\n- Avenue  Ferdinand  Buisson  dans  sa partie  comprise  entre  l'avenue  Edouard  Vaillant  et la\nroute  de la Reine  \u00e0 Boulogne-Billancourt,\n- Route  de la Reine  \u00e0 Boulogne-Billancourt  de l'avenue  Ferdinand  Buisson  \u00e0 l'avenue  Victor\nHugo,\n- Avenue  Victor  Hugo  dans  sa partie  comprise  entre  la route  de la Reine  et le rond-point\nAndr\u00e9  Malraux  \u00e0 Boulogne-Billancourt,\n- Rond-point  Andr\u00e9  Malraux  \u00e0 Boulogne-Billancourt,\n- Avenue  Robert  Schuman  \u00e0 Boulogne-Billancourt.\nArticle  3 : Dans  le p\u00e9rim\u00e8tre  et aux  horaires  institu\u00e9s  par  l'article  2, sont  interdits  sur la\nvoie  publique  l'introduction,  la d\u00e9tention  et le transport  de tous  objets  susceptibles  de\nconstituer  une  arme  au sens  de l'article  132-75  du code  p\u00e9nal  ou pouvant  servir  de\nprojectile  pr\u00e9sentant  un danger  pour  la s\u00e9curit\u00e9  des  personnes  et des  biens,  en particulier\nles engins  pyrotechniques  et d\u00e9tonants  ainsi  que  les bouteilles  en verre,  ainsi  que\nl'introduction,  la d\u00e9tention  et le transport  de boissons  alcoolique  et leur  consommation\nsur la voie  publique.\nLes mesures  pr\u00e9vues  \u00e0 l'alin\u00e9a  pr\u00e9c\u00e9dent  ne s'appliquent  pas  aux  r\u00e9sidents,  qui  pourront\njustifier  de cette  qualit\u00e9  par  tous  moyens,  ainsi  que  dans  les parties  du p\u00e9rim\u00e8tre\nr\u00e9guli\u00e8rement  occup\u00e9es  par  des  restaurants  et d\u00e9bits  de boissons  titulaires  des\nautorisations  n\u00e9cessaires.\nArticle  7 - Le pr\u00e9fet  des  Hauts-de-Seine,  le pr\u00e9fet  de Seine-et-Marne,  la pr\u00e9f\u00e8te,  directrice\nde cabinet,  le directeur  de l'ordre  public  et de la circulation  et la directrice  de la s\u00e9curit\u00e9\nde proximit\u00e9  de l'agglom\u00e9ration  parisienne  sont  charg\u00e9s,  chacun  en ce qui le concerne,\nde l'ex\u00e9cution  du pr\u00e9sent  arr\u00eat\u00e9  qui entrera  en vigueur  d\u00e8s  son  affichage  aux  portes  de la\npr\u00e9fecture  de police,  sera  publi\u00e9  aux  recueils  des  actes  administratifs  du d\u00e9partement  de\nParis  et des  pr\u00e9fectures  des  Hauts-de-Seine  et de Seine-et-Marne,  consultable  sur le site  de la\npr\u00e9fecture  de police  (https://www.prefe  Ik lice.interieur.gouv.fr)  et transmis  aux\nprocureurs  de la R\u00e9publique  pr\u00e9s  les tribunaux  judiciaires  de Paris,  Nanterre  et Melun.\nFait  \u00e0 Paris,  le 2 1 AO\u00dbT 2024\nLaurent  NUNEZ\n2024-01249\n\nAnnexe  de l'arr\u00eat\u00e9n\u00b0  2024-01  249  du 2 1 AO\u00dbT 2024\nVOIES  ET DELAIS  DE RECOURS\nSi vous  estimez  devoir  contester  le pr\u00e9sent  arr\u00eat\u00e9,  il vous  est possible,  dans  un\nd\u00e9lai  de deux  mois  \u00e0 compter  de la date  de son  affichage  ou de sa publication  au recueil\ndes  actes  administratifs  de la pr\u00e9fecture  de police  :\n- soit  de saisir  d'un  RECOURS  GRACIEUX\nle Pr\u00e9fet  de Police\n7/9,  boulevard  du Palais  - 75195  PARIS  RP\n- ou de former  un RECOURS  HIERARCHIQUE\naupr\u00e8s  du Ministre  de l'int\u00e9rieur\nDirection  des  libert\u00e9s  publiques  et des  affaires  juridiques\nplace  Beauvau  - 75008  PARIS\n- soit  de saisir  d'un  RECOURS  CONTENTIEUX\nle Tribunal  administratif  comp\u00e9tent\nAucune  de ces  voies  et recours  ne suspend  l'application  de la pr\u00e9sente  d\u00e9cision.\nLes recours  GRACIEUX  et HIERARCHIQUE  doivent  \u00eatre  \u00e9crits,  exposer  les\narguments  ou faits  nouveaux  et comprendre  la copie  de l'arr\u00eat\u00e9  contest\u00e9.\nLe recours  CONTENTIEUX,  qui vise  \u00e0 contester  la LEGALITE  de la pr\u00e9sente\nd\u00e9cision,  doit  \u00e9galement  \u00eatre  \u00e9crit  et exposer  votre  argumentation  juridique.\nSi vous  n'aviez  pas  de r\u00e9ponse  \u00e0 votre  recours  GRACIEUX  ou HIERARCHIQUE\ndans  un d\u00e9lai  de deux  mois  \u00e0 compter  de la r\u00e9ception  de votre  recours  par  l'administration,\nvotre  demande  devra  \u00eatre  consid\u00e9r\u00e9e  comme  rejet\u00e9e  (d\u00e9cision  implicite  de rejet).\nEn cas de rejet  des  recours  GRACIEUX  ou HIERARCHIQUE,  le Tribunal\nadministratif  peut  \u00eatre  saisi  d'un  recours  contentieux  dans  le d\u00e9lai  de deux  mois  \u00e0 compter\nde la date  de la d\u00e9cision  de rejet.\n\nPREFECTURE  ap CABINET  DU PREFETDE POLICE  @ 8\n\u00c9t\u00e9\nFraternit\u00e9\nArr\u00eat\u00e9  n\u00b0 2024-01250\nautorisant  la captation,  l'enregistrement  et la transmission  d'images  au moyen\nde cam\u00e9ras  install\u00e9es  sur des  a\u00e9ronefs  \u00e0 l'occasion  de la 2*\"\u00b0  journ\u00e9e  du championnat  de\nFrance  de football  de Ligue  1 au Parc  des  Princes  le vendredi  23 ao\u00fbt  2024\nLe pr\u00e9fet  de police,\nVu le code  de la s\u00e9curit\u00e9  int\u00e9rieure,  notamment  ses articles  L. 242-1  \u00e0 L. 242-8  et R. 242-8  aR.\n242-15;\nVu le d\u00e9cret  n\u00b0 2004-374  du 29 avril  2004  modifi\u00e9  relatif  aux  pouvoirs  des  pr\u00e9fets,  a\nl'organisation  et \u00e0 l'action  des  services  de l'Etat  dans  les r\u00e9gions  et d\u00e9partements,  notamment\nses articles  70, 72 et 73;\nVu le d\u00e9cret  n\u00b0 2024-107  du 14 f\u00e9vrier  2024  relatif  aux  comp\u00e9tences  du pr\u00e9fet  de police  et \u00e0\ncelles  du pr\u00e9fet  de police  des  Bouches-du-Rh\u00f4ne  pour  les jeux  Olympiques  et Paralympiques\nde 2024,  ainsi  qu'\u00e0  la comp\u00e9tence  territoriale  de certaines  directions  de la pr\u00e9fecture  de\npolice  ;\nVu l'arr\u00eat\u00e9  du 19 avril  2023  relatif  au nombre  maximal  de cam\u00e9ras  install\u00e9es  sur des  a\u00e9ronefs\npouvant  \u00eatre  simultan\u00e9ment  utilis\u00e9es  dans  chaque  d\u00e9partement  et collectivit\u00e9  d'outre-mer  ;\nVu l'instruction  minist\u00e9rielle  NOR  1OMD2311883)  du 30 avril  2023  relative  \u00e0 la proc\u00e9dure\nd'autorisation  des  cam\u00e9ras  install\u00e9es  sur des  a\u00e9ronefs  pour  des  missions  de police\nadministrative  ;\nVu le d\u00e9cret  du 20 juillet  2022  par lequel  M. Laurent  NUNEZ,  pr\u00e9fet,  coordonnateur  national\ndu renseignement  et de la lutte  contre  le terrorisme,  est nomm\u00e9  pr\u00e9fet  de police  (hors  classe)  ;\nVu la demande  en date  du 14 ao\u00fbt  2024  form\u00e9e  par  la direction  de l'ordre  public  et de la\ncirculation  visant  \u00e0 obtenir  l'autorisation  de capter,  d'enregistrer  et de transmettre  des  images\nau moyen  de deux  cam\u00e9ras  install\u00e9es  sur des  a\u00e9ronefs  t\u00e9l\u00e9-pilot\u00e9s  afin  d'assurer  la pr\u00e9vention\ndes  atteintes  \u00e0 la s\u00e9curit\u00e9  des  personnes  et des  biens,  la s\u00e9curit\u00e9  des  rassemblements,  la\npr\u00e9vention  d'actes  de terrorisme  ainsi  que  la r\u00e9gulation  des  flux  de transport  \u00e0 l'occasion  de\nla 2\u00e8me  journ\u00e9e  du championnat  de football  de Ligue  1 au stade  du Parc  des  Princes  \u00e0 Paris\n16\";\nConsid\u00e9rant  que  les dispositions  du | de l'article  L. 242-5  du code  de la s\u00e9curit\u00e9  int\u00e9rieure\npermettent  aux  forces  de s\u00e9curit\u00e9  int\u00e9rieure,  dans  l'exercice  de leurs  missions  de pr\u00e9vention\ndes  atteintes  \u00e0 l'ordre  public  et de protection  de la s\u00e9curit\u00e9  des  personnes  et des  biens,  de\nproc\u00e9der  \u00e0 la captation,  \u00e0 l'enregistrement  et \u00e0 la transmission  d'images  au moyen  de cam\u00e9ras\ninstall\u00e9es  sur des  a\u00e9ronefs  aux  fins  d'assurer  la pr\u00e9vention  des  atteintes  \u00e0 la s\u00e9curit\u00e9  des\npersonnes  et des  biens  dans  des  lieux  particuli\u00e8rement  expos\u00e9s,  la s\u00e9curit\u00e9  des\n1\n\nrassemblements  de personnes  sur la voie  publique  ainsi  que  l'appui  des  personnels  au.sol,  en\nvue  de leur  permettre  de maintenir  ou de r\u00e9tablir  l'ordre  public  lorsque  ces  rassemblements\nsont  susceptibles  d'entra\u00eener  des  troubles  graves  \u00e0 l'ordre  public,  la pr\u00e9vention  d'actes  de\nterrorisme  et la r\u00e9gulation  des  flux  de transports  ;\nConsid\u00e9rant  que  se d\u00e9roulera  le vendredi  23 ao\u00fbt  2024  \u00e0 20h45,  un match  de football  pour  le\ncompte  de la 2\u00b0\" journ\u00e9e  du championnat  de football  de Ligue  1 au stade  du Parc  des  Princes\n\u00e0 Paris  16\u00e8\",  qui opposera  les \u00e9quipes  du Paris  Saint-Germain  au Montpellier  H\u00e9rault  Sport\nClub;  qu'\u00e0  cette  occasion,  un nombre  important  de supporters  ainsi  que  des  personnalit\u00e9s\nseront  pr\u00e9sents  aux  abords  et \u00e0 l'int\u00e9rieur  du stade  du Parc  des  Princes  ; que  dans  le contexte\nactuel  de menace  tr\u00e8s  \u00e9lev\u00e9e,  cette  rencontre  sportive  est susceptible  de constituer  une  cible\nprivil\u00e9gi\u00e9e  et symbolique  pour  des  actes  de nature  terroriste  ;\nConsid\u00e9rant  \u00e9galement  que  plusieurs  attentats  ou tentatives  d'attentats  r\u00e9cents  traduisent  le\nniveau  \u00e9lev\u00e9  de la menace  terroriste  actuelle  en France,  dans  le cadre  du plan  VIGIPIRATE  \u00ab\nurgence  attentat  \u00bb en vigueur  sur l'ensemble  du territoire  national  ;\nConsid\u00e9rant,  en outre,  qu'au-dela  de la seule  s\u00e9curisation  du match  qui fait  l'objet  de mesures\nde police  sur le fondement  de l'article  L. 226-1  du code  de la s\u00e9curit\u00e9  int\u00e9rieure  et pour  lequel\nun service  d'ordre  est mis  en place  par  la direction  de l'ordre  public  et de la circulation  du\nvendredi  23 ao\u00fbt  2024  \u00e0 17h45  au samedi  24 ao\u00fbt  2024  \u00e0 01h00,  il est n\u00e9cessaire  de disposer\nd'un  moyen  de surveillance  permettant  de s\u00e9curiser  la voie  publique  en amont  et en aval  de\ncet  \u00e9v\u00e8nement  pour  pr\u00e9venir  ou mettre  fin \u00e0 d'\u00e9ventuelles  rixes  entre  spectateurs  et\npersonnes  \u00e0 l'ext\u00e9rieur  du Parc  des  Princes  ou \u00e0 des  atteintes  \u00e0 la s\u00e9curit\u00e9  des  personnes  et\ndes  biens,  se pr\u00e9munir  contre  d'\u00e9ventuels  actes  terroristes  et r\u00e9guler  les flux  de transport\nautour  de l'enceinte;\nConsid\u00e9rant  que  la demande  de la direction  de l'ordre  public  et de la circulation  porte  sur\nl'engagement  de deux  cam\u00e9ras  a\u00e9roport\u00e9es  qui pourront  \u00eatre  en vol simultan\u00e9ment  en vue  de\ncapter,  d'enregistrer  et de transmettre  des  images;  que  les aires  survol\u00e9es  sont  strictement\nlimit\u00e9es  aux  zones  o\u00f9 seront  mises  en \u0153uvre  les finalit\u00e9s  susvis\u00e9es  ; que  la dur\u00e9e  de\nl'autorisation  demand\u00e9e  n'appara\u00eet  pas  disproportionn\u00e9e  au regard  de ces m\u00eames  finalit\u00e9s  ;\nConsid\u00e9rant  que  le recours  \u00e0 des  cam\u00e9ras  a\u00e9roport\u00e9es  permet  de disposer  d'une  vision  en\ngrand  angle  tout  en limitant  l'engagement  des  forces  au sol ; qu'il  n'existe  pas  de dispositif\nMoins  intrusif  permettant  de parvenir  aux  m\u00eames  fins  ;\nSur  proposition  du directeur  de l'ordre  public  et de la circulation  ;\nARRETE:\nArticle  1\u00b0 - La captation,  l'enregistrement  et la transmission  d'images  par  la direction  de\nl'ordre  public  et de la circulation  sont  autoris\u00e9s  \u00e0 l'occasion  du match  de football  de Ligue  1\npr\u00e9cit\u00e9  au Parc  des  Princes  le vendredi  23 ao\u00fbt  2024  aux  titres  de:\n- la pr\u00e9vention  des  atteintes  \u00e0 la s\u00e9curit\u00e9  des  personnes  et des  biens  ;\n- la s\u00e9curit\u00e9  des  rassemblements  ;\n2024-01250\n\n- la pr\u00e9vention  d'actes  de terrorisme;\n- la r\u00e9gulation  des  flux  de transport.\nArticle  2 - Le nombre  maximal  de cam\u00e9ras  pouvant  proc\u00e9der  simultan\u00e9ment  \u00e0 des\nenregistrements  est fix\u00e9  \u00e0 2 cam\u00e9ras  embarqu\u00e9es  sur des  a\u00e9ronefs  t\u00e9l\u00e9-pilot\u00e9s.\nArticle  3 - La pr\u00e9sente  autorisation  s'applique  au p\u00e9rim\u00e8tre  g\u00e9ographique  figurant  sur le plan\nen annexe  au pr\u00e9sent  arr\u00eat\u00e9.\nArticle  4 - La pr\u00e9sente  autorisation  est d\u00e9livr\u00e9e  du vendredi  23 ao\u00fbt  2024  \u00e0 16h45  au samedi\n24 ao\u00fbt  2024  \u00e0 01h00  pour  l'ensemble  des  finalit\u00e9s  pr\u00e9cit\u00e9es.\nArticle  5 \u2014 L'information  du public  est assur\u00e9e  par  la publication  du pr\u00e9sent  arr\u00eat\u00e9  aux  recueils\ndes  actes  administratifs  mentionn\u00e9s  \u00e0 l'article  7, sa mise  en ligne  sur le site  internet  de la\npr\u00e9fecture  de police  ainsi  que  par  une  information  sur les r\u00e9seaux  sociaux.\nArticle  6 - Le registre  mentionn\u00e9  \u00e0 l'article  L. 242-4  du code  de la s\u00e9curit\u00e9  int\u00e9rieure  est\ntransmis  au pr\u00e9fet  de police,  \u00e0 l'issue  de la p\u00e9riode  d'autorisation.\nArticle  7 - Le pr\u00e9fet  des  Hauts-de-Seine,  la pr\u00e9f\u00e8te,  directrice  du cabinet  du pr\u00e9fet  de police\net le directeur  de l'ordre  public  et de la circulation  sont  charg\u00e9s,  chacun  en ce qui  le concerne,\nde l'ex\u00e9cution  du pr\u00e9sent  arr\u00eat\u00e9  qui entrera  en vigueur  d\u00e8s  son  affichage  aux  portes  de la\npr\u00e9fecture  de police,  sera  publi\u00e9  aux  recueils  des  actes  administratifs  du d\u00e9partement  de Paris\net de la pr\u00e9fecture  des  Hauts-de-Seine  et consultable  sur le site  internet  de la pr\u00e9fecture  de\npolice  (https://www.prefecturedepolice.interieur.gouv.fr).\n4-\nFait  \u00e0 Paris,  le 2 1 AO\u00dbT 2024\nLaurent  NUNEZ\n2024-01250\n\nAnnexe  de l'arr\u00eat\u00e9  n\u00b0 2024-012  59 du  21 AO\u00dbT  2024\nVOIES  ET DELAIS  DE RECOURS\nSi vous  estimez  devoir  contester  la pr\u00e9sente  autorisation,  il vous  est possible,  dans  un d\u00e9lai  de\ndeux  mois  \u00e0 compter  de la date  de son  affichage  ou de sa publication  :\n- soit  de saisir  d'un  RECOURS  GRACIEUX\nle Pr\u00e9fet  de Police\n719,  boulevard  du Palais  - 75195  PARIS  RP\n- ou de former  Un RECOURS  HIERARCHIQUE\naupr\u00e8s  du Ministre  de l'int\u00e9rieur  et des  outre-mer\nDirection  des  libert\u00e9s  publiques  et des  affaires  juridiques\nplace  Beauvau  - 75008  PARIS\n- soit  de saisir  d'un  RECOURS  CONTENTIEUX\nle Tribunal  administratif  comp\u00e9tent\nAucune  de ces  voies  et recours  ne suspend  l'application  de la pr\u00e9sente  d\u00e9cision.\nLes  recours  GRACIEUX  et HIERARCHIQUE  doivent  \u00eatre  \u00e9crits,  exposer  les arguments\nou faits  nouveaux  et comprendre  la copie  de la d\u00e9cision  contest\u00e9e.\nLe recours  contentieux,  qui  vise  \u00e0 contester  la LEGALITE  de la pr\u00e9sente  d\u00e9cision,  doit\n\u00e9galement  \u00eatre  \u00e9crit  et exposer  votre  argumentation  juridique.\nSi vous  n'aviez  pas  de r\u00e9ponse  \u00e0 votre  recours  GRACIEUX  o\u00f9 HIERARCHIQUE  dans  un\nd\u00e9lai  de deux  mois  \u00e0 compter  de la r\u00e9ception  de votre  recours  par  l'administration,\nvotre  demande  devra  \u00eatre  consid\u00e9r\u00e9e  comme  rejet\u00e9e  (d\u00e9cision  implicite  de rejet).\nEn cas de rejet  des  RECOURS  GRACIEUX  ou HIERARCHIQUE,  le Tribunal  administratif\npeut  \u00eatre  saisi  d'un  recours  contentieux  dans  le d\u00e9lai  de deux  mois  \u00e0 compter  de la\ndate  de la d\u00e9cision  de rejet.\n\nDES  PRINCES PARC\nVENDREDI  23 AO\u00dbT  2024\nPSG  / MONTPELLIER\nAero  41\nDu  a par  tm\n2024-01250\n\nEs  CABINET  DU PREFET\nPREFECTURE  ap\nDE POLICE  fe]\nLibert\u00e9\n\u00c9galit\u00e9\nFraternit\u00e9\nArr\u00eat\u00e9ne  2024-01254\nportant  mesures  de police  applicables  \u00e0 l'occasion  des  Jeux  Paralympiques  de Paris  du\nvendredi  30 ao\u00fbt  2024  au samedi  7 septembre  2024  sur le site  Roland-Garros\nLe pr\u00e9fet  de police,\nVu le r\u00e8glement  (CE)  n\u00b0 1272/2008  du Parlement  europ\u00e9en  et du Conseil  du 16 d\u00e9cembre\n2008  modifi\u00e9  relatif  \u00e0 la classification,  \u00e0 l'\u00e9tiquetage  et \u00e0 l'emballage  des  substances  et des\nm\u00e9langes  ;\nVu le code  de l'environnement,  notamment  le chapitre  VII du titre  V du livre  V;\nVu le code  g\u00e9n\u00e9ral  des  collectivit\u00e9s  territoriales,  notamment  ses articles  L. 2512-13  et L. 2512-\n14;\nVu le code  p\u00e9nal,  notamment  ses articles  132-75,  431-9,  431-9-1,  R.644-5  et R.644-5-1;\nVu le code  de proc\u00e9dure  p\u00e9nale,  notamment  ses articles  78-2-4,  78-2-5  et R.48-1;\nVu le code  de la s\u00e9curit\u00e9  int\u00e9rieure,  notamment  ses articles  L. 122-1,  L. 211-1  et L. 211-2;\nVu la loi n\u00b0 2023-380  du 19 mai  2023  relative  aux  jeux  Olympiques  et Paralympiques  de 2024\net portant  diverses  autres  dispositions  ;\nVu le d\u00e9cret  n\u00b0 2004-374  du 29 avril  2004  modifi\u00e9  relatif  aux  pouvoirs  des  pr\u00e9fets,  a\nl'organisation  et a l'action  des  services  de l'Etat  dans  les r\u00e9gions  et d\u00e9partements,\nnotamment  ses articles  70 et 72;\nVu le d\u00e9cret  n\u00b0 2023-1120  du 29 novembre  2023  modifiant  le d\u00e9cret  n\u00b0 2021-1397  du 27\noctobre  2021  portant  application  de l'article  L. 211-11-1  du code  de la s\u00e9curit\u00e9  int\u00e9rieure  aux\njeux  Olympiques  et Paralympiques  de 2024  ;\nVu le d\u00e9cret  n\u00b0 2024-107  du 14 f\u00e9vrier  2024  relatif  aux  comp\u00e9tences  du pr\u00e9fet  de police  et\na celles  du pr\u00e9fet  de police  des  Bouches-du-Rh\u00e9ne  pour  les jeux  Olympiques  et\nParalympiques  de 2024,  ainsi  qu'a  la comp\u00e9tence  territoriale  de certaines  directions  de la\npr\u00e9fecture  de police  ;\nVu le d\u00e9cret  du 20 juillet  2022  par lequel  M. Laurent  NUNEZ,  pr\u00e9fet,  coordonnateur  national\ndu renseignement  et de la lutte  contre  le terrorisme,  est nomm\u00e9  pr\u00e9fet  de police  (hors\nclasse)  ;\nConsid\u00e9rant  que,  en application  de l'article  L.122-1  du code  de s\u00e9curit\u00e9  int\u00e9rieure  et 72 du\nd\u00e9cret  du 29 avril  2004  susvis\u00e9,  le pr\u00e9fet  de police  a la charge  de l'ordre  public  \u00e0 Paris,\nnotamment  la pr\u00e9vention  des  atteintes  \u00e0 la s\u00e9curit\u00e9  des  personnes  et des  biens;\n\nConsid\u00e9rant  que,  en application  de l'article  431-9-1  du code  p\u00e9nal,  le fait  pour  une  personne\nde dissimuler  volontairement  tout  ou partie  de son  visage  sans  motif  l\u00e9gitime  au sein,  ou aux\nabords  imm\u00e9diats,  d'une  manifestation  sur  la voie  publique  au cours,  ou \u00e0 l'issue,  de laquelle\ndes  troubles  \u00e0 l'ordre  public  sont  commis  ou risquent  d'\u00eatre  commis  est puni  d'un  an\nd'emprisonnement  et de 15 000  \u20ac d'amende  ;\nConsid\u00e9rant  que  sont  punis  de l'amende  pr\u00e9vue  pour  les contraventions  de la 4e classe  la\nviolation  des  interdictions  et le manquement  aux  obligations  \u00e9dict\u00e9es  par  arr\u00eat\u00e9s  pris  sur le\nfondement  des  pouvoirs  de police,  en application  de l'article  R. 644-5  du code  p\u00e9nal  relatif\n\u00e0 l'usage  des  artifices  de divertissement  sur  la voie  publique  et le transport  de r\u00e9cipients\ncontenant  du carburant  \u00e0 l'occasion  d'\u00e9v\u00e9nements  comportant  des  risques  d'atteinte  \u00e0 la\ns\u00e9curit\u00e9  publique  et l'article  R. 644-5-1  du code  p\u00e9nal  qui r\u00e8glemente  la pr\u00e9sence  et la\ncirculation  des  personnes  en certains  lieux  et \u00e0 certaines  heures  afin  de pr\u00e9venir  la\nr\u00e9it\u00e9ration  d'atteintes  graves  \u00e0 la s\u00e9curit\u00e9  publique  \u00e0 la suite  de ces  troubles  ; que  l'article\nR. 48-1  du code  de proc\u00e9dure  p\u00e9nale  rend  applicable  la proc\u00e9dure  de l'amende  forfaitaire\npour  les contraventions  pr\u00e9cit\u00e9es  ;\nConsid\u00e9rant  que,  en application  des  r\u00e9quisitions  \u00e9crites  du procureur  de la R\u00e9publique,  les\nofficiers  de police  judiciaire  et, sur  l'ordre  et sous  la responsabilit\u00e9  de ceux-ci,  les agents  de\npolice  judiciaire,  sont  autoris\u00e9s  \u00e0 proc\u00e9der  sur les lieux  d'une  manifestation  et \u00e0 ses abords\nimm\u00e9diats  \u00e0 l'inspection  visuelle  et \u00e0 la fouille  des  bagages,  ainsi  qu'\u00e0  la visite  de v\u00e9hicules\ncirculant,  arr\u00eat\u00e9s  ou stationnant  sur la voie  publique,  conform\u00e9ment  \u00e0 l'article  78-2-5  du\ncode  de proc\u00e9dure  p\u00e9nale  ;\nConsid\u00e9rant  que  les Jeux  Olympiques  et Paralympiques  de Paris  2024,  qui se d\u00e9roulent  en\nFrance  du 26 juillet  au 8 septembre  2024,  ont  le caract\u00e8re  d'un  \u00e9v\u00e8nement  international\nhors  norme  aux  enjeux  de s\u00e9curit\u00e9  in\u00e9dits  ; que  les grands  \u00e9v\u00e8nements  sportifs,  compte  tenu\nde leur  exposition  m\u00e9diatique,  leur  concentration  de foules  et l'accueil  de personnalit\u00e9s\npubliques,  constituent  des  cibles  de choix  pour  des  actions  revendicatives  ; qu'il  existe  \u00e0\ncette  occasion,  dans  le cadre  du d\u00e9roulement  des  \u00e9preuves,  un risque  que  surviennent  des\nrassemblements  destin\u00e9s  \u00e0 troubler  l'ordre  public;\nConsid\u00e9rant  que  se d\u00e9rouleront  au stade  Roland-Garros  plusieurs  \u00e9preuves  des  Jeux\nParalympiques  2024  du vendredi  30 ao\u00fbt  2024  au samedi  7 septembre  2024  : que  les services\nde police  et de gendarmerie  seront  mobilis\u00e9s  d'une  mani\u00e8re  in\u00e9dite  \u00e0 Paris  et partout  en Ile-\nde-France  pendant  les Jeux  Paralympiques  de Paris  2024,  sans  pr\u00e9judice  de leurs  suj\u00e9tions\nhabituelles,  pour  la s\u00e9curisation  des  sites  olympiques,  institutionnels  ou gouvernementaux\nsensibles  et des  autres  \u00e9v\u00e8nements  de voie  publique  dans  un contexte  de menace  terroriste\n\u00e9lev\u00e9e  ayant  conduit  au rel\u00e8vement  du plan  VIGIPIRATE  au niveau  \u00ab Urgence  attentat  \u00bb\ndepuis  le 24 mars  2024  sur l'ensemble  du territoire  national  ;\nConsid\u00e9rant  enfin  qu'il  appartient  \u00e0 l'autorit\u00e9  de police  comp\u00e9tente  de concilier  l'exercice\ndu droit  de manifester  avec  les imp\u00e9ratifs  de l'ordre  public  ; que,  dans  ce cadre,  elle  se doit\nde prendre  les mesures  de nature  \u00e0 pr\u00e9venir,  outre  les infractions  \u00e0 la loi p\u00e9nale,  les troubles\n\u00e0 l'ordre  public  \u00e0 partir  de l'appr\u00e9ciation  qu'elle  fait  du risque  qu'ils  surviennent  ; que  r\u00e9pond\n\u00e0 ces  objectifs  Une  mesure  qui d\u00e9finit  un p\u00e9rim\u00e8tre  dans  lequel  des  restrictions  sont  mises\nen \u0153uvre,  notamment  \u00e0 l'\u00e9gard  de rassemblements  pr\u00e9sentant  des  risques  de troubles\ngraves  \u00e0 l'ordre  public  afin  de garantir  la s\u00e9curit\u00e9  des  personnes  et des  biens  :\n2024-01254  2\n\nARRETE\nTITRE  PREMIER\nMESURES  INTERDISANT  TOUT  RASSEMBLEMENT  NON  DECLARE  AUTOUR  DU  SITE  ROLAND-GARROS  LORS\nDES  EPREUVES  DES  JEUX  PARALYMPIQUES  DE PARIS  2024\nArticle  1* \u2014 La pr\u00e9sence  et la circulation  des  personnes  participant  \u00e0 des  cort\u00e9ges,  d\u00e9fil\u00e9s  et\nrassemblements  non  d\u00e9clar\u00e9s  dans  les conditions  fix\u00e9es  par  la loi sont  interdits  \u00e0 Paris  dans\nle p\u00e9rim\u00e8tre  d\u00e9limit\u00e9  selon  la cartographie  en annexe,  aux jours  et horaires  suivants  :\nle vendredi  30 ao\u00fbt  2024  de 09h30  \u00e0 21h00;\nle samedi  31 ao\u00fbt  2024  de 09h30  \u00e0 21h00  ;\nle dimanche  1 septembre  2024  de 09h30  \u00e0 21h00;\nle lundi  2 septembre  2024  de 09h30  \u00e0 21h00  :\nle mardi  3 septembre  2024  de 09h30  \u00e0 20h00  ;\nle mercredi  4 septembre  2024  de 09h30  \u00e0 20h30:\nle jeudi  5 septembre  2024  de 09h30  \u00e0 21h30;\nle vendredi  6 septembre  2024  de 09h30  \u00e0 19h30;\nle samedi  7 septembre  2024  de 11h00  \u00e0 19h00.\nTITRE  i\nMESURES  DE POLICE  APPLICABLES  AUX  ABORDS  ET AU  SEIN  DES  CORTEGES,  DEFILES  ET RASSEMBLEMENTS\nAU SEIN  DU PERIMETRE\nArticle  2 - Dans  le p\u00e9rim\u00e8tre  institu\u00e9  par  l'article  1\" et durant  la p\u00e9riode  mentionn\u00e9e  par  ce\nm\u00eame  article  sont  interdits  aux  abords  et au sein  des  cort\u00e8ges,  d\u00e9fil\u00e9s  et rassemblements  le\nport  et le transport  par  des  particuliers,  sans  motif  l\u00e9gitime  :\nd'armes  par  nature  et de tous  objets  susceptibles  de constituer  Une  arme  au sens  de\nFarticle  132-75  du code  p\u00e9nal;\nd'artifices  de divertissement  et d'articles  pyrotechniques  ;\ndans  des  conteneurs  individuels,  de substances  ou de m\u00e9langes  dangereux,\ninflammables  ou corrosifs,  au sens  du r\u00e8glement  (CE)  n\u00b0 1272/2008  du Parlement\neurop\u00e9en  et du Conseil  du 16 d\u00e9cembre  2008  susvis\u00e9,  tels  que  l'essence,  le p\u00e9trole,  le\ngaz,  l'alcool  \u00e0 br\u00fbler,  le m\u00e9thanol,  la t\u00e9r\u00e9benthine,  les solvants  ;\nd'\u00e9quipements  de protection  destin\u00e9s  \u00e0 mettre  en \u00e9chec  tout  ou partie  des  moyens\nutilis\u00e9s  par  les repr\u00e9sentants  de la force  publique  pour  le maintien  de l'ordre  public.\nTITRE  Il!\nDISPOSITIONS  FINALES\nArticle  3 - Les  repr\u00e9sentants  sur  place  de l'autorit\u00e9  de police  sont  autoris\u00e9s  \u00e0 prendre  des\nmesures  compl\u00e9mentaires  a celles  fix\u00e9es  par  le pr\u00e9sent  arr\u00eat\u00e9,  en fonction  de l'\u00e9volution  de\nla situation  et lorsque  les circonstances  l'exigent.\n2024-01254  \u00b0\n\nArticle  4 - La pr\u00e9f\u00e8te,  directrice  du cabinet  du pr\u00e9fet  de police,  le directeur  de l'ordre  public\net de la circulation  et la directrice  de la s\u00e9curit\u00e9  de proximit\u00e9  de l'agglom\u00e9ration  parisienne\nsont  charg\u00e9s,  chacun  en ce qui le concerne,  de l'ex\u00e9cution  du pr\u00e9sent  arr\u00eat\u00e9  qui  entrera  en\nvigueur  d\u00e8s  son  affichage  aux  portes  de la pr\u00e9fecture  de police,  sera  publi\u00e9  aux  recueils  des\nactes  administratifs  du d\u00e9partement  de Paris  et de la pr\u00e9fecture  des  Hauts-de-Seine,\nconsultable  sur le site internet  de la pr\u00e9fecture  de police\nhttps://www.prefecturedepolice.interieur.gouv.fr)  et transmis  \u00e0 la procureure  de la\nR\u00e9publique  pr\u00e8s  le tribunal  judiciaire  et Paris.\nFait  \u00e0 Paris,le  2 { AO\u00dbT  2024\nLaurent  NUNEZ\n2024-01254  4\n\nAnnexe  de l'arr\u00eat\u00e9  n\u00b0 2024-01254  du 2 4 AUT 2024\nVOIES  ET DELAIS  DE RECOURS\nSi vous  estimez  devoir  contester  le pr\u00e9sent  arr\u00e9t\u00e9,  il vous  est possible,  dans  un\nd\u00e9lai  de deux  mois  \u00e0 compter  de la date  de son affichage  ou de sa publication  au recueil  des\nactes  administratifs  du d\u00e9partement  de Paris  :\n- soit  de saisir  d'un  RECOURS  GRACIEUX\nle Pr\u00e9fet  de Police\n7/9,  boulevard  du Palais  - 75195  PARIS  RP\n-ou  de former  un RECOURS  HIERARCHIQUE\naupr\u00e8s  du Ministre  de l'int\u00e9rieur\nDirection  des  libert\u00e9s  publiques  et des  affaires  juridiques\nplace  Beauvau  - 75008  PARIS\n- soit  de saisir  d'un  RECOURS  CONTENTIEUX\nle Tribunal  administratif  comp\u00e9tent\nAucune  de ces voies  et recours  ne suspend  l'application  de la pr\u00e9sente  d\u00e9cision.\nLes recours  GRACIEUX  et HIERARCHIQUE  doivent  \u00eatre  \u00e9crits,  exposer  les\narguments  ou faits  nouveaux  et comprendre  la copie  de l'arr\u00eat\u00e9  contest\u00e9.\nLe recours  CONTENTIEUX,  qui vise  \u00e0 contester  la LEGALITE  de la pr\u00e9sente\nd\u00e9cision,  doit  \u00e9galement  \u00eatre  \u00e9crit  et exposer  votre  argumentation  juridique.\nSi vous  n'aviez  pas  de r\u00e9ponse  \u00e0 votre  recours  GRACIEUX  ou HIERARCHIQUE  dans\nun d\u00e9lai  de deux  mois  \u00e0 compter  de la r\u00e9ception  de votre  recours  par  l'administration,  votre\ndemande  devra  \u00eatre  consid\u00e9r\u00e9e  comme  rejet\u00e9e  (d\u00e9cision  implicite  de rejet).\nEn cas  de rejet  des  recours  GRACIEUX  ou HIERARCHIQUE;  le Tribunal\nadministratif  peut  \u00eatre  saisi  d'un  recours  contentieux  dans  le d\u00e9lai  de deux  mois  \u00e0 compter\nde la date  de la d\u00e9cision  de rejet.\n\n\nPREFECTURE  gp Cabinet  du pr\u00e9fet\nDE POLICE  ET,\nLibert\u00e9\n\u00c9galit\u00e9\nFraternit\u00e9\narr\u00eat\u00e9  n\u00b0 2024-01298\nrelatif  aux  missions  et \u00e0 l'organisation  de la direction  de la police  judiciaire\nde la pr\u00e9fecture  de police\nLe pr\u00e9fet  de police,\nVU le code  de proc\u00e9dure  p\u00e9nale,  notamment  ses articles  16, 18, 21-1,  R. 15-19,  R. 15-31  et A. 34;\nVU le code  de la s\u00e9curit\u00e9  int\u00e9rieure  ;\nVU l'arr\u00eat\u00e9  des  consuls  du 12 messidor  an VIII;\nVU le d\u00e9cret  n\u00b079-63  du 23 janvier  1979  relatif  aux  emplois  de directeur  des  services  actifs  de police\nde la pr\u00e9fecture  de police  ;\nVU le d\u00e9cret  n\u00b02004-374  du 29 avril  2004  modifi\u00e9  relatif  aux  pouvoirs  des  pr\u00e9fets,  \u00e0 l'organisation  et\n\u00e0 l'action  des services  de l'\u00c9tat  dans  les r\u00e9gions  et d\u00e9partements,  notamment  ses articles  72 et 73 ;\nVU l'arr\u00eat\u00e9  du 6 juin  2006  modifi\u00e9  portant  r\u00e8glement  g\u00e9n\u00e9ral  d'emploi  de la police  nationale,\nnotamment  ses articles  2121-2,  2121-3,  2121-8  ;\nVU l'arr\u00eat\u00e9  pr\u00e9fectoral  n\u00b02009-00641  du 7 ao\u00fbt  2009  modifi\u00e9  relatif  \u00e0 l'organisation  de la pr\u00e9fecture\nde police,  notamment  son  article  5 ;\nVU l'avis  du comit\u00e9  social  d'administration  interd\u00e9partemental  des  services  de police  de la\npr\u00e9fecture  de police  en date  du 12 juin  2024  ;\nSur  proposition  de la pr\u00e9f\u00e8te,  directrice  de cabinet,\nARRETE\nArticle  1\nLa direction  de la police  judiciaire  de la pr\u00e9fecture  de police,  est dirig\u00e9e  par  un directeur  des\nservices  actifs  de police  de la pr\u00e9fecture  de police.  Le directeur  de la police  judiciaire  de la\npr\u00e9fecture  de police  est assist\u00e9  par un directeur  adjoint,  qui assure  l'int\u00e9rim  ou la suppl\u00e9ance  du\ndirecteur  en cas d'absence  ou d'emp\u00eachement  de ce dernier,  quatre  sous-directeurs,  un chef  d'\u00e9tat-\nmajor  et des  charg\u00e9s  de mission.\nTITRE  PREMIER\nMISSIONS\nArticle  2\nLa direction  de la police  judiciaire  de la pr\u00e9fecture  de police  est charg\u00e9e  \u00e0 Paris  de la pr\u00e9vention  et\nde la lutte  contre  la criminalit\u00e9  et la d\u00e9linquance.\nElle concourt  aux missions  de police  administrative  relevant  des  attributions  du pr\u00e9fet  de police.\nArticle  3\nLa direction  de la police  judiciaire  de la pr\u00e9fecture  de police  est charg\u00e9e  dans  les d\u00e9partements  des\nHauts-de-Seine,  de la Seine-Saint-Denis  et du Val-de-Marne  de la pr\u00e9vention  et de la lutte  contre  la\ncriminalit\u00e9  et la d\u00e9linquance  organis\u00e9es  ou sp\u00e9cialis\u00e9es.\n1\n\nArticle  4\nLa direction  de la police  judiciaire  de la pr\u00e9fecture  de police  concourt,  en liaison  avec  les directions\net services  concern\u00e9s  de la pr\u00e9fecture  de police,  \u00e0 la gestion  des  moyens  qui lui sont  affect\u00e9s.\nTITRE  II\nORGANISATION\nArticle  5\nLa direction  de la police  judiciaire  de la pr\u00e9fecture  de police  comprend  des  services  directement\nrattach\u00e9s  au directeur,  Un \u00e9tat-major  et quatre  sous-directions.\nArticle  6\nLes services  directement  rattach\u00e9s  au directeur  sont  :\n- le cabinet  du directeur  ;\n- le contr\u00f4le  de gestion  ;\n- l'\u00e9quipe  de s\u00e9curit\u00e9  des  syst\u00e8mes  d'information  ;\n- l'\u00e9quipe  des  conseillers  de pr\u00e9vention  en mati\u00e8re  d'hygi\u00e8ne  et s\u00e9curit\u00e9  ;\n- la cellule  communication  de la direction  ;\n- la Force  d'investigation  Conjointe.\nSECTION  1\nL'\u00e9tat-major\nArticle  7\nl'\u00e9tat-major,  qui a pour  mission  de g\u00e9rer  en temps  r\u00e9el  l'information  op\u00e9rationnelle,  de r\u00e9aliser  les\nsynth\u00e8ses  criminelles  et d'effectuer  les \u00e9tudes  g\u00e9n\u00e9rales,  locales  ou prospectives,  comprend  le\nservice  d'information  et d'assistance.\nSECTION  2\nLa sous-direction  des  brigades  centrales\nArticle  8\nLa sous-direction  des  brigades  centrales,  qui a pour  mission  de pr\u00e9venir  et de lutter  contre  les actes\nterroristes,  le grand  banditisme  et la d\u00e9linquance  organis\u00e9e  ou sp\u00e9cialis\u00e9e,  comprend  :\n- la brigade  criminelle  et sa section  antiterroriste  ;\n- la brigade  de r\u00e9pression  du banditisme  ;\n- la brigade  des  stup\u00e9fiants  ;\n- la brigade  de r\u00e9pression  du prox\u00e9n\u00e9tisme  ;\n- la brigade  de recherche  et d'intervention,  y compris  dans  sa formation  Unit\u00e9  Contre\nTerroriste  ;\n- la brigade  de protection  des  mineurs  ;\n- la brigade  de l'ex\u00e9cution  des  d\u00e9cisions  de justice.\nSECTION  3\nLa sous-direction  Cyber  et Financi\u00e8re\nArticle  9\nLa sous-direction  Cyber  et Financi\u00e8re,  qui a pour  mission  de pr\u00e9venir  et de lutter  contre  toutes  les\nformes  de la d\u00e9linquance  financi\u00e8re  et de cybercriminalit\u00e9  associ\u00e9e,  les atteintes  aux  syst\u00e8mes\nd'informations,  les fraudes  \u00e0 certaines  r\u00e9glementations  particuli\u00e8res  ainsi  que  les actes  terroristes,\ncomprend  :\n2024-01298  ;\n\n- la brigade  financi\u00e8re  ;\n- la brigade  de r\u00e9pression  de la d\u00e9linquance  astucieuse  ;\n- la brigade  des  fraudes  aux  moyens  de paiement;\n- la brigade  de r\u00e9pression  de la corruption  et de la fraude  fiscale  :\n- la brigade  de r\u00e9pression  de la d\u00e9linquance  contre  la personne;\n- la brigade  d'enqu\u00eates  sur les fraudes  aux  technologies  de l'information  d\u00e9nomm\u00e9e  \u00ab la\nbrigade  de lutte  contre  la cyber  criminalit\u00e9  \u00bb ;\n- la brigade  de recherches  et d'investigations  financi\u00e8res.\nSECTION  4\nLa sous-direction  des  services  territoriaux\nArticle  10\nLa sous-direction  des  services  territoriaux,  qui  a pour  mission  la pr\u00e9vention  et la lutte  contre  la\nd\u00e9linquance  et la criminalit\u00e9  locales  et les actes  terroristes,  comprend  :\n1 - \u00c0 Paris  :\n1) Trois  districts  de police  judiciaire,  qui  exercent  chacun  leur  comp\u00e9tence  sur  le territoire  de\nplusieurs  arrondissements  regroup\u00e9s  selon  la r\u00e9partition  suivante  :\n- le 1\u00b0 district  comp\u00e9tent  pour  les 1\u00b0, 2\u00e8me,  g\u00e8me,  4\u00e8me  g\u00e8ne  g\u00e8me  ygeme  et 47\u00e9me\narrondissements  ;\n- le 2\u00b0  district  comp\u00e9tent  pour  les 10\",  11\u00e8me,  12\u00e8me,  1g\u00e8me,  19\u00e8me  et 20\u00a2\"*  arrondissements  ;\n- le 3%  district  comp\u00e9tent  pour  les 5\u00e8me,  g\u00e8me,  7\u00e8me  13\u00e8me  14\u00e8me  et 15\u00e8me  arrondissements.\n2) Le groupe  interminist\u00e9riel  de recherche  de Paris.\nI! - Dans  chacun  des  d\u00e9partements  des  Hauts-de-Seine,  de la Seine-Saint-Denis  et du\nVal-de-Marne  :\n- un service  d\u00e9partemental  de police  judiciaire  ;\n- un groupe  interminist\u00e9riel  de recherche.\nSECTION  5\nLa sous-direction  du soutien  a 'investigation\nArticie  11\nLa sous-direction  du soutien  \u00e0 l'investigation  comprend  :\n- le service  r\u00e9gional  de police  technique  et scientifique  ;\n- le service  r\u00e9gional  de documentation  criminelle  ;\n- le service  de la gestion  op\u00e9rationnelle  compos\u00e9  :\ne de l'unit\u00e9  de gestion  du personnel  ;\ne de l'unit\u00e9  de gestion  des  v\u00e9hicules  ;\ne de l'unit\u00e9  des  missions  et des  indemnit\u00e9s  ;\n+ del'unit\u00e9  de d\u00e9ontologie  et de discipline  ;\ne de l'unit\u00e9  d'accompagnement  des  parcours  professionnels  ;\ne du service  des  affaires  budg\u00e9taires  et logistiques  ;\ne du service  informatique  de la police  judiciaire.\n2024-01298  3\n\nTITRE  Ill\nDISPOSITIONS  FINALES\nArticle  12\nLes missions  et l'organisation  des  services  et unit\u00e9s  de la direction  de la police  judiciaire  de la\npr\u00e9fecture  de police  sont  pr\u00e9cis\u00e9es,  le cas \u00e9ch\u00e9ant,  par  des  instructions  sp\u00e9cifiques  prises  apr\u00e8s  avis\ndu comit\u00e9  technique  interd\u00e9partemental  des  services  de police  de la pr\u00e9fecture  de police.\nArticle  13\nL'arr\u00eat\u00e9  n\u00b0 2020-00446  du 2 juin  2020  relatif  aux  missions  et \u00e0 l'organisation  de la direction  de la\npolice  judiciaire  est abrog\u00e9,  ainsi  que  toutes  dispositions  contraires  au pr\u00e9sent  arr\u00eat\u00e9.\nArticle  14\nLa pr\u00e9f\u00e8te,  directrice  de cabinet  et le directeur  de la police  judiciaire  de la pr\u00e9fecture  de police  sont\ncharg\u00e9s,  chacun  en ce qui le concerne,  de l'ex\u00e9cution  du pr\u00e9sent  arr\u00eat\u00e9  qui sera  publi\u00e9  aux  recueils\ndes  actes  administratifs  des  d\u00e9partements  de Paris,  des  Hauts-de-Seine,  de la Seine-Saint-Denis  et\ndu Val-de-Marne.\nFait \u00e0 Paris,  le 29 AO\u00dbT  2024  Sr\naurent  NUNEZ\n2024-01298  4\n\nPREFECTURE  ,\nDE POLICE  Cabinet  du pr\u00e9fet\nLibert\u00e9\n\u00c9galit\u00e9\nFraternit\u00e9\narr\u00eat\u00e9ne  2024-01299\naccordant  d\u00e9l\u00e9gation  de la signature  pr\u00e9fectorale\nau sein  de la direction  de la police  judiciaire  de la pr\u00e9fecture  de police\nLe pr\u00e9fet  de police,\nVU le code  de la s\u00e9curit\u00e9  int\u00e9rieure  ;\nVU la loi n\u00b0 84-16  du 11 janvier  1984  modifi\u00e9e  portant  dispositions  statutaires  relatives  \u00e0 la fonction\npublique  de l'\u00c9tat  ;\nVU le d\u00e9cret  n\u00b0 79-63  du 23 janvier  1979  relatif  aux  emplois  de directeur  des  services  actifs  de\npolice  de la pr\u00e9fecture  de police  ;\nVU le d\u00e9cret  n\u00b0 95-1197  du 6 novembre  1995  portant  d\u00e9concentration  en mati\u00e8re  de gestion  des\npersonnels  de la police  nationale  ;\nVU le d\u00e9cret  n\u00b0 2004-374  du 29 avril  2004  modifi\u00e9  relatif  aux  pouvoirs  des  pr\u00e9fets,  \u00e0 l'organisation\net \u00e0 l'action  des services  de l'\u00c9tat  dans  les r\u00e9gions  et d\u00e9partements,  notamment  son article  77 ;\nVU le d\u00e9cret  n\u00b0 2006-1780  du 23 d\u00e9cembre  2006  portant  d\u00e9l\u00e9gation  de pouvoir  en mati\u00e8re  de\nrecrutement  et de gestion  de certains  personnels  relevant  du minist\u00e8re  de l'Int\u00e9rieur  ;\nVU l'arr\u00eat\u00e9  pr\u00e9fectoral  n\u00b0 2009-00641  du 7 ao\u00fbt  2009  modifi\u00e9  relatif  \u00e0 l'organisation  de la\npr\u00e9fecture  de police  ;\nVU l'arr\u00eat\u00e9  pr\u00e9fectoral  n\u00b0 2024-01298  du 29 ao\u00fbt  2024  relatif  aux  missions  et \u00e0 l'organisation  de la\ndirection  de la police  judiciaire  de la pr\u00e9fecture  de police  ;\nVU le d\u00e9cret  du 20 juillet  2022  par lequel  M. Laurent  NUNEZ,  pr\u00e9fet,  coordonnateur  national  du\nrenseignement  et de la lutte  contre  le terrorisme,  est nomm\u00e9  pr\u00e9fet  de police  (hors  classe)  ;\nVU le d\u00e9cret  du 30 octobre  2023  par  lequel  M. Fabrice  GARDON,  directeur  des  services  actifs  de la\npolice  nationale,  directeur  national  de la police  aux  fronti\u00e8res,  est nomm\u00e9  directeur  des  services\nactifs  de police  de la pr\u00e9fecture  de police,  directeur  de la police  judiciaire  ;\nSUR  proposition  de la pr\u00e9f\u00e8te,  directrice  de cabinet,\nARR\u00caTE\nArticle  1\nD\u00e9l\u00e9gation  est donn\u00e9e  \u00e0 M. Fabrice  GARDON,  directeur  des  services  actifs  de police  de la\npr\u00e9fecture  de police,  directeur  de la police  judiciaire  de la pr\u00e9fecture  de police,  \u00e0 l'effet  de signer,\nau nom  du pr\u00e9fet  de police,  tous  les actes  n\u00e9cessaires  \u00e0 l'exercice  des  missions  de police\nadministrative  fix\u00e9es  par  l'arr\u00eat\u00e9  du 29 ao\u00fbt  2024  susvis\u00e9  ainsi  que  les ordres  de mission  et les\nd\u00e9cisions  individuelles  relatives  \u00e0 l'octroi  des  cong\u00e9s  annuels  et de maladie  ordinaire  des  personnels\nrelevant  de son  autorit\u00e9,  ainsi  que  les actes  de gestion  et d'ordonnancement  portant  sur le visa  de\ndiverses  pi\u00e8ces  comptables  de r\u00e9gie  d'avances  et de recettes,  les d\u00e9penses  par voie  de cartes\nachats  et bons  de commande  \u00e9tablis  dans  CHORUS  Formulaires.\n\nArticle  2\nD\u00e9l\u00e9gation  est donn\u00e9e  \u00e0 M. Fabrice  GARDON  \u00e0 l'effet  de prononcer,  au nom  du pr\u00e9fet  de police,\nles sanctions  disciplinaires  de l'avertissement  et du bl\u00e2me,  inflig\u00e9es  aux  personnels  ci-apr\u00e8s\nd\u00e9sign\u00e9s,  plac\u00e9s  sous  son  autorit\u00e9  :\n- les fonctionnaires  du corps  d'encadrement  et d'application  de la police  nationale  :\n- les policiers  adjoints  ;\n- l'ensemble  des  personnels  administratifs,  techniques,  scientifiques  et sp\u00e9cialis\u00e9s.\nArticle  3\nEn cas  d'absence  ou d'emp\u00eachement  de M. Fabrice  GARDON,  la d\u00e9l\u00e9gation  qui lui est consentie\naux  articles  1 et 2, peut  \u00eatre  exerc\u00e9e  par  M. Marc  THORAVAL,  inspecteur  g\u00e9n\u00e9ral  des  services  actifs\nde la police  nationale,  directeur  adjoint  de la police  judiciaire  de la pr\u00e9fecture  de police,  charg\u00e9  des\nbrigades  centrales  \u00e0 la pr\u00e9fecture  de police  \u00e0 Paris  (75).\nArticle  4\nEn cas  d'absence  ou d'emp\u00e9chement  de M. Fabrice  GARDON  et de M. Marc  THORAVAL,  fa\nd\u00e9l\u00e9gation  qui leur  est consentie  \u00e0 l'article  1\u00b0 est exerc\u00e9e,  dans  la limite  de leurs  attributions\nrespectives,  par  Mme  Virginie  LAHAYE,  contr\u00f4leuse  g\u00e9n\u00e9rale,  sous-directrice  charg\u00e9e  des  services\nterritoriaux,  M. Denis  COLLAS,  contr\u00f4leur  g\u00e9n\u00e9ral,  sous-directeur  cyber  et financi\u00e8re  et Mme\nCatherine  PEREZ,  commissaire  g\u00e9n\u00e9rale,  sous-directrice  charg\u00e9e  du soutien  \u00e0 l'investigation.\nArticle  5\nEn cas d'absence  ou d'emp\u00e9chement  de M. Fabrice  GARDON  et de M. Marc  THORAVAL,  la\nd\u00e9l\u00e9gation  qui leur  est consentie  \u00e0 l'article  1\u00b0' est exerc\u00e9e,  dans  la limite  de ses attributions,  par\nMme  B\u00e9n\u00e9dicte  MEYER,  commissaire  divisionnaire,  cheffe  de la brigade  de l'ex\u00e9cution  des  d\u00e9cisions\nde justice,  \u00e0 l'effet  de signer  tous  actes  et pi\u00e8ces  comptables  issus  de la r\u00e9gie  de recettes.\nEn cas  d'absence  ou d'emp\u00e9chement  de Mme  B\u00e9n\u00e9dicte  MEYER,  la d\u00e9l\u00e9gation  qui lui est consentie\nest exerc\u00e9e,  dans  la limite  de ses attributions,  par  M. Marc  AMOYEL,  commandant  divisionnaire\nfonctionnel,  adjoint  \u00e0 la cheffe  de la brigade  de l'ex\u00e9cution  des  d\u00e9cisions  de justice.\nArticle  6\nEn cas  d'absence  ou d'emp\u00eachement  de Mme  Catherine  PEREZ,  la d\u00e9l\u00e9gation  qui lui est consentie  \u00e0\nl'article  4 est exerc\u00e9e,  dans  la limite  de ses attributions,  par  Mme  Charlotte  PRIESTMAN,\ncommissaire  divisionnaire,  adjointe  \u00e0 la sous-directrice  charg\u00e9e  du soutien  \u00e0 l'investigation,  cheffe\ndu service  de la gestion  op\u00e9rationnelle.\nArticle  7\nD\u00e9l\u00e9gation  est donn\u00e9e  \u00e0 Mme  Nathalie  FOURRE,  attach\u00e9e  principale  d'administration  de l'\u00c9tat,\ncheffe  de l'unit\u00e9  des  missions  et des  indemnit\u00e9s  par  int\u00e9rim,  \u00e0 l'effet  de signer,  dans  la limite  de ses\nattributions,  tous  actes  et pi\u00e8ces  comptables  issues  de la r\u00e9gie  de la direction  de la police  judiciaire\n\u00e0 Paris.\nEn cas  d'absence  ou d'emp\u00e9chement  de Mme  Nathalie  FOURRE,  la d\u00e9l\u00e9gation  qui  lui est consentie\nest exerc\u00e9e,  dans  la limite  de ses attributions,  par  M. Thomas  GEOFFROY,  attach\u00e9  d'administration\nde l'\u00c9tat.\nArticle  8\nD\u00e9l\u00e9gation  est donn\u00e9e  \u00e0 Mme  Monique  SALMON-VION,  attach\u00e9e  principale  d'administration  de\nl'\u00c9tat,  cheffe  du service  des affaires  budg\u00e9taires  et logistiques,  \u00e0 l'effet  de signer,  dans  la limite  de\n2024-01299\n\nses attributions,  tous  actes  et pi\u00e8ces  comptables  issues  des  d\u00e9penses  r\u00e9alis\u00e9es  en carte  achat  ou\npar  bons  de commande  \u00e9tablis  via CHORUS  Formulaires.\nArticle  9\nD\u00e9l\u00e9gation  est donn\u00e9e  aux  personnes  mentionn\u00e9es  ci-apr\u00e8s,  \u00e0 l'effet  de signer,  dans  la limite  de\nleurs  attributions  respectives,  les d\u00e9penses  des  frais  de missions,  de stages  et des  frais\nd'investigation,  de renseignement,  de protection  ou d'intervention  :\nAu sein  de l'\u00c9tat-major\n- M. Vianney  DYEVRE,  commissaire  g\u00e9n\u00e9ral,  chef  d'\u00c9tat-major,  et en son absence,  par son adjoint\nM. Jonathan  OUAZAN  :\nAu sein  de la sous-direction  des  brigades  centrales\n- M. Rapha\u00ebl  PRIEUR,  commissaire  divisionnaire,  chef  de la brigade  criminelle,  et, en son  absence,\npar  son  adjointe  Mme  Caroline  SALLES  ;\n- M. Guillaume  BATIGNE,  commissaire  g\u00e9n\u00e9ral,  chef  de la brigade  des  stup\u00e9fiants,  et, en son\nabsence,  par  son  adjoint  M. Fran\u00e7ois  NEVEU  ;\n- M. Pascal  CARREAU,  commissaire  g\u00e9n\u00e9ral,  chef  de la brigade  de r\u00e9pression  du banditisme,  et,\nen son  absence  son  adjointe  Mme  Julie  BOUDIN  ;\n- Mme  Virginie  DREESEN,  commissaire  divisionnaire,  cheffe  de la brigade  de r\u00e9pression  du\nprox\u00e9n\u00e9tisme,  et, en son  absence,  par  son  adjoint  M. Damien  POSE  ;\n- M. Simon  RIONDET,  commissaire  divisionnaire,  chef  de la brigade  de recherche  et\nd'intervention,  et, en son  absence,  par  son  adjoint  M. Pierre  LE COZ  ;\n- M. Christophe  MOLMY,  commissaire  g\u00e9n\u00e9ral,  chef  de la brigade  de protection  des  mineurs,  et,\nen son  absence,  par  son  adjointe  Mme  Valentine  ALTMAYER  ;\n- Mme  B\u00e9n\u00e9dicte  MEYER,  commissaire  divisionnaire,  cheffe  de la brigade  de l'ex\u00e9cution  des\nd\u00e9cisions  de justice,  et, en son  absence,  par  son  adjoint  M. Marc  AMOYEL  ;\nAU sein  de la sous-direction  des  services  territoriaux\n- Mme  Marie-Elisabeth  CIATTONI,  commissaire  g\u00e9n\u00e9rale,  cheffe  du 1\u00b0 district  de police\njudiciaire,  et, en son  absence,  par son  adjoint  M. Julien  DUMOND  ;\n- M. Xavier  CLAUDEL,  commissaire  divisionnaire,  chef  du 2\u00b0\"  district  de police  judiciaire,  et, en\nson  absence,  par  son  adjoint  M. J\u00e9r\u00e9my  RANSINANGUE  ;\n- Mme  Marion  FRIEDRICH,  commissaire  divisionnaire,  chef  du 3\u00b0\"  district  de police  judiciaire,  et,\nen son  absence,  par  son  adjoint  M. Edouard  LEFEVRE  ;\n- M. Antoine  MOREAU,  commissaire  divisionnaire,  chef  du service  d\u00e9partemental  de police\njudiciaire  des  Hauts-de-Seine,  et, en son  absence,  par  son  adjoint  M. Tony  MARIET  ;\n- M. Jean-Paul  MEGRET,  commissaire  g\u00e9n\u00e9ral,  chef  du service  d\u00e9partemental  de police  judiciaire\nde la Seine-Saint-Denis,  et, en son  absence,  par  son  adjoint  M. Christophe  PREVOT  ;\n- M. Philippe  HUETZ,  commissaire  divisionnaire,  chef  du service  d\u00e9partemental  de police\njudiciaire  du Val-de-Marne,  et, en son  absence,  par  son  adjoint  M. Yann  CZERNICK  ;\n- M. Cyril  MAGES,  commissaire  de police,  chef  du groupe  interminist\u00e9riel  de recherches  de Paris,\net, en son  absence,  par  son  adjoint  M. Damien  ROEHRIG  ;\n- M. Philippe  D'OLIVEIRA  CARDO,  chef  d'escadron,  adjoint  au chef  du groupe  interminist\u00e9riel  de\nrecherches  de Nanterre  ;\n- M. L\u00e9onard  STERN,  commissaire  de police,  chef  du groupe  interminist\u00e9riel  de recherches  de\nBobigny,  et, en son  absence,  par son  adjointe  Mme  Nancy  ANDRE  ;\n- M. Jacques  BRION,  capitaine  de gendarmerie,  adjoint  au chef  du groupe  interminist\u00e9riel  de\nrecherches  de Cr\u00e9teil  ;\n2024-01299\n\nAu sein  de la sous-direction  cyber  et financi\u00e9re\n- M. Christian  MIRABEL,  commissaire  g\u00e9n\u00e9ral,  chef  de la brigade  financi\u00e8re,  et, en son  absence,\npar  son  adjointe  Mme  Audrey  LACOUR  ;\n- Mme  Sophie  ROBERT,  commissaire  divisionnaire,  cheffe  de la brigade  de r\u00e9pression  de la\nd\u00e9linquance  astucieuse,  et, en son  absence,  par  son  adjoint  M. Eric  SEMIROT  ;\n- M. Vincent  KOZIEROW,  commissaire  divisionnaire,  chef  de la brigade  des  fraudes  aux  moyens\nde paiement,  et, en son  absence,  par  son  adjoint  M. Bernard  HENRY  ;\n- M. Guillaume  FAUCONNIER,  commissaire  de police,  chef  de la brigade  de r\u00e9pression  de la\ncorruption  et de la fraude  fiscale,  et, en son  absence,  par  son  adjoint  M. Didier  CHENEAU  ;\n- M. Christophe  HIRSCHMANN,  commissaire  divisionnaire,  chef  de la brigade  de r\u00e9pression  de la\nd\u00e9linquance  contre  la personne,  et, en son  absence,  par  son  adjoint  M. Yannick  GASCARD  ;\n- M. Fabrice  BILLOT,  commissaire  de police,  chef  de la brigade  d'enqu\u00eates  sur les fraudes  aux\ntechnologies  de l'information,  d\u00e9nomm\u00e9e  \u00ab brigade  de lutte  contre  la cybercriminalit\u00e9  \u00bb et, en\nson  absence,  par  son  adjointe  Mme  V\u00e9ronique  BOUCHAUX  ;\n- Mme  Jessica  FINET,  commissaire  divisionnaire,  cheffe  de la brigade  de recherches  et\nd'investigations  financi\u00e8res,  et, en son  absence,  par  M. Hicham  NAJID  ;\nAu sein  de la sous-direction  du soutien  \u00e0 l'investigation\n- Mme  C\u00e9cile  MORAL,  commissaire  divisionnaire,  cheffe  du service  r\u00e9gional  de police  technique\net scientifique,  et, en cas d'absence,  par  son  adjoint  M. Nicolas  REMUS  ;\n- M. Thibaut  DIDIER,  commissaire  de police,  chef  du service  r\u00e9gional  de documentation\ncriminelle,  et, en son  absence,  par  Mme  Fabienne  EYL  ;\nAu sein  du service  de gestion  op\u00e9rationnelle\n- M. Pascal  DAULIAC,  commandant  divisionnaire  fonctionnel,  chef  du service  informatique,  et,\nen son  absence,  par  M. Fr\u00e9d\u00e9ric  ZAMARRENO  ;\n- M. Valentin  BANCQUART,  attach\u00e9  d'administration  de l'\u00c9tat,  chef  de l'unit\u00e9  de gestion  des\nv\u00e9hicules  ;\n- Mme  Nathalie  BRIAND,  commandant  divisionnaire  fonctionnel,  cheffe  de l'unit\u00e9  de gestion  du\npersonnel,  et, en son  absence,  par  M. Fran\u00e7ois  LE MAITRE  ;\n- Mme  Isabelle  DEFFEZ,  commandant  divisionnaire,  cheffe  de l'unit\u00e9  d'accompagnement  des\nparcours  professionnels,  et, en son  absence,  par  M. Nabil  REKIBI  ;\n- Mme  Monique  SALMON-VION,  attach\u00e9e  principale  d'administration  de l'\u00c9tat,  cheffe  du service\ndes  affaires  budg\u00e9taires  et logistiques,  et, en son  absence,  par  M. Bertrand  CHOPARD  ;\n- Mme  Nathalie  FOURRE,  attach\u00e9e  principale  d'administration  de l'\u00c9tat,  cheffe  de l'unit\u00e9  des\nmissions  et des  indemnit\u00e9s,  et, en son  absence,  par  son  adjoint  M. Thomas  GEOFFROY.\nArticle  10\nLa pr\u00e9f\u00e8te,  directrice  de cabinet,  et le directeur  de la police  judiciaire  de la pr\u00e9fecture  de police\nsont  charg\u00e9s,  chacun  en ce qui le concerne,  de l'ex\u00e9cution  du pr\u00e9sent  arr\u00eat\u00e9  qui sera  publi\u00e9  aux\nrecueils  des  actes  administratifs  des  d\u00e9partements  de Paris,  des  Hauts-de-Seine,  de la Seine-Saint-\nDenis  et du Val-de-Marne.\nFait  \u00e0 Paris,  le 2 Q ADUT  2194  [\nLaurent  NUNEZ\u2014\n2024-01299\n\nEs  CABINET  DU PREFET\nPREFECTURE\nDE POLICE\nLibert\u00e9\n\u00c9galit\u00e9\nFraternit\u00e9\nArr\u00eat\u00e9 n\u00b0 2024-01318\ninstituant  un p\u00e9rim\u00e8tre  de protection  et diff\u00e9rentes  mesures  de police  \u00e0 l'occasion  de la\n1** journ\u00e9e  de la Ligue  des  Nations  au Parc  des  Princes  le vendredi  6 septembre  2024\nVu le code  g\u00e9n\u00e9ral  des  collectivit\u00e9s  territoriales,  notamment  ses articles  L. 2512-13  et L.\n2512-14  ;\nVu le code  p\u00e9nal  ;\nVu le code  de proc\u00e9dure  p\u00e9nale  ;\nVu le code  la route,  notamment  son  article  L. 411-2;\nVu le code  rural  et de la p\u00e9che  maritime,  notamment  ses articles  L. 211-11  et L. 211-12;\nVu le code  de la s\u00e9curit\u00e9  int\u00e9rieure,  notamment  ses articles  L. 122-1,  L. 122-2,  L. 226-1,  L.\n611-1  et L. 613-2;\nVu le d\u00e9cret  n\u00b0 2004-374  du 29 avril  2004  modifi\u00e9  relatif  aux  pouvoirs  des  pr\u00e9fets,  \u00e0\nl'organisation  et \u00e0 l'action  des  services  de l'Etat  dans  les r\u00e9gions  et d\u00e9partements,\nnotamment  ses articles  70, 72 et 73;\nVu le d\u00e9cret  n\u00b0 2024-107  du 14 f\u00e9vrier  2024  relatif  aux  comp\u00e9tences  du pr\u00e9fet  de police\net \u00e0 celles  du pr\u00e9fet  de police  des  Bouches-du-Rh\u00f4ne  pour  les jeux  Olympiques  et\nParalympiques  de 2024,  ainsi  qu'\u00e0  la comp\u00e9tence  territoriale  de certaines  directions  de la\npr\u00e9fecture  de police  ;\nVu le d\u00e9cret  du 20 juillet  2022  par lequel  M. Laurent  NUNEZ,  pr\u00e9fet,  coordonnateur\nnational  du renseignement  et de la lutte  contre  le terrorisme,  est nomm\u00e9  pr\u00e9fet  de police\n(hors  classe)  ;\nConsid\u00e9rant  que,  en application  des  articles  L.122-1  et L. 122-2  du code  de s\u00e9curit\u00e9\nint\u00e9rieure  et 72 et 73 du d\u00e9cret  du 29 avril  2004  susvis\u00e9,  le pr\u00e9fet  de police  a la charge  de\nl'ordre  public,  notamment  la pr\u00e9vention  des  atteintes  \u00e0 la s\u00e9curit\u00e9  des  personnes  et des\nbiens,  dans  les d\u00e9partements  de Paris  et des  Hauts-de-Seine  ;\nConsid\u00e9rant  que,  en application  du 3\u00b0 de l'article  L. 2215-1  du code  g\u00e9n\u00e9ral  des\ncollectivit\u00e9s  territoriales,  le repr\u00e9sentant  de l'Etat  dans  le d\u00e9partement  est seul\ncomp\u00e9tent  pour  prendre  les mesures  relatives  \u00e0 l'ordre,  \u00e0 la s\u00fbret\u00e9,  \u00e0 la s\u00e9curit\u00e9  et \u00e0 la\nsalubrit\u00e9  publiques,  dont  le champ  d'application  exc\u00e8de  le territoire  d'une  commune  ;\nque,  conform\u00e9ment  \u00e0 l'article  73 du d\u00e9cret  du 29 avril  2004  susvis\u00e9,  le pr\u00e9fet  de police\nexerce  dans  le d\u00e9partement  des  Hauts-de-Seine  les attributions  d\u00e9volues  au repr\u00e9sentant\nde l'Etat  dans  le d\u00e9partement  par  l'article  L. 2215-1;\nConsid\u00e9rant  que,  en application  de l'article  L. 226-1  du code  de la s\u00e9curit\u00e9  int\u00e9rieure,  le\npr\u00e9fet  de police  peut,  en vue  d'assurer  la s\u00e9curit\u00e9  d'un  lieu ou d'un  \u00e9v\u00e9nement  expos\u00e9  \u00e0\n1\n\nun risque  d'actes  de terrorisme  \u00e0 raison  de sa nature  et de l'ampleur  de sa fr\u00e9quentation,\ninstituer  par  arr\u00eat\u00e9  motiv\u00e9  un p\u00e9rim\u00e8tre  de protection  au sein  duquel  l'acc\u00e8s  et la\ncirculation  des  personnes  sont  r\u00e9glement\u00e9s  ; que  cet arr\u00eat\u00e9  peut  autoriser  les agents\nmentionn\u00e9s  aux  2\u00b0 \u00e0 4\u00b0 de l'article  16 du code  de proc\u00e9dure  p\u00e9nale  et, sous  la\nresponsabilit\u00e9  de ces agents,  ceux  mentionn\u00e9s  \u00e0 l'article  20 et aux  1\u00b0, 1\u00b0bis  et 1\u00b0ter  de\nl'article  21 du m\u00eame  code  \u00e0 proc\u00e9der,  au sein  d'un  p\u00e9rim\u00e8tre  de protection,  avec  le\nconsentement  des  personnes  faisant  l'objet  de ces v\u00e9rifications,  \u00e0 des  palpations  de\ns\u00e9curit\u00e9  ainsi  qu'\u00e0  l'inspection  visuelle  et \u00e0 la fouille  des  bagages,  ainsi  qu'\u00e0  la visite  des\nv\u00e9hicules  susceptibles  de p\u00e9n\u00e9trer  au sein  de ce p\u00e9rim\u00e8tre  ; qu'aux  termes  de l'article  73\ndu d\u00e9cret  du 29 avril  2004  susvis\u00e9,  le pr\u00e9fet  de police  exerce  dans  le d\u00e9partement  des\nHauts-de-Seine  les attributions  d\u00e9volues  au repr\u00e9sentant  de l'Etat  dans  le d\u00e9partement\npar  l'article  L. 226-1  du code  de la s\u00e9curit\u00e9  int\u00e9rieure  ;\nConsid\u00e9rant  que,  en application  de l'article  L. 613-2  du code  de la s\u00e9curit\u00e9  int\u00e9rieure,  les\npersonnes  physiques  exer\u00e7ant  l'activit\u00e9  mentionn\u00e9e  au 1\u00b0 de l'article  L. 611-1  du m\u00eame\ncode  peuvent,  lorsqu'un  p\u00e9rim\u00e8tre  de protection  a \u00e9t\u00e9  institu\u00e9  en application  de l'article\nL. 226-1  du m\u00eame  code,  proc\u00e9der,  avec  le consentement  expr\u00e8s  des  personnes,  \u00e0 des\npalpations  de s\u00e9curit\u00e9  ;\nConsid\u00e9rant  que  se tiendra  le vendredi  6 septembre  2024  \u00e0 20h45  un match  de football\npour  le compte  de la 1** journ\u00e9e  de la Ligue  des  Nations  au stade  du Parc  des  Princes  \u00e0\nParis  16\u00b0\",  qui opposera  les \u00e9quipes  de France  et d'Italie  ; qu'\u00e0  cette  occasion,  un nombre\nimportant  de supporters  ainsi  que  des  personnalit\u00e9s  seront  pr\u00e9sents  aux  abords  et \u00e0\nl'int\u00e9rieur  du stade  ; que  dans  le contexte  actuel  de menace  tr\u00e8s  \u00e9lev\u00e9e,  cette  rencontre\nsportive  est susceptible  de constituer  une  cible  privil\u00e9gi\u00e9e  et symbolique  pour  des  actes\nde nature  terroriste  ;\nConsid\u00e9rant  que  plusieurs  attentats  ou tentatives  d'attentats  r\u00e9cents  traduisent  le niveau\n\u00e9lev\u00e9  de la menace  terroriste  actuelle  en France  dans  le cadre  du plan  VIGIPIRATE  \u00ab\nurgence  attentat  \u00bb en vigueur  sur l'ensemble  du territoire  national  depuis  le 24 mars\n2024;\nConsid\u00e9rant  qu'il  appartient  \u00e0 l'autorit\u00e9  de police  comp\u00e9tente  de prendre  les mesures\nadapt\u00e9es,  n\u00e9cessaires  et proportionn\u00e9es  visant  \u00e0 garantir  la s\u00e9curit\u00e9  des  personnes  et des\nbiens  pendant  cet  \u00e9v\u00e8nement  ; que  la mise  en place  d'un  p\u00e9rim\u00e8tre  de protection\ncomprenant  diff\u00e9rentes  mesures  de police  \u00e0 l'occasion  du match  de la Ligue  des  Nations\nentre  la France  et l'Italie  au Parc  des  Princes  \u00e0 Paris  16*\"*\u00b0  le vendredi  6 septembre  2024\nr\u00e9pond  \u00e0 ces  objectifs  ;\nARRETE  :\nTITRE  PREMIER\nINSTITUTION  D'UN  PERIMETRE  DE PROTECTION\nArticle  1* - Du vendredi  6 septembre  2024  \u00e0 16h45  au samedi  7 septembre  2024  \u00e0 01h00\nest institu\u00e9  un p\u00e9rim\u00e8tre  de protection  au sein  duquel  l'acc\u00e8s  et la circulation  des\npersonnes  sont  r\u00e9glement\u00e9s  dans  les conditions  fix\u00e9es  par  le pr\u00e9sent  arr\u00eat\u00e9.\nArticle  2 - Le p\u00e9rim\u00e8tre  de protection  institu\u00e9  par  l'article  1\u00b0 du pr\u00e9sent  arr\u00eat\u00e9  est\nd\u00e9limit\u00e9  par  les voies  suivantes  qui y sont  incluses,  sauf  mentions  contraires  :\n2024-01318\n\n- rue Nungesser  et Coli,  dans  sa partie  comprise  entre  le rond-point  de la place  de\nl'Europe  et l'avenue  de la Porte  Molitor  \u00e0 Paris  16\u00b0\"\u00b0;\n- all\u00e9e  Charles  Brennus  \u00e0 Paris  16\u00b0\"  ;\n- avenue  du G\u00e9n\u00e9ral  Sarrail,  dans  sa partie  comprise  entre  la rue Raffa\u00e9lli  et l'all\u00e9e\nCharles  Brennus  \u00e0 Paris  16\u00b0  ;\n- avenue  du G\u00e9n\u00e9ral  Sarrail,  dans  sa partie  comprise  entre  la rue Raffa\u00e9lli  et la rue\nLecomte  du No\u00fby  \u00e0 Paris  16\u00b0\"\u00b0  ;\n- rue Lecomte  du No\u00fby  \u00e0 Paris  16\u00b0\"\u00b0  ;\n-__rue  de l'Arioste  \u00e0 Paris  16\u00b0\";\n- rue du Sergent  Maginot  \u00e0 Paris  16\u00b0\u00b0;\n- rue du G\u00e9n\u00e9ral  Roques  \u00e0 Paris  16\u00b0\"  ;\n- avenue  du Parc  des  Princes,  dans  sa partie  comprise  entre  le n\u00b0 31 de l'avenue  du\nParc  des  Princes  et l'avenue  du G\u00e9n\u00e9ral  Sarrail  \u00e0 Paris  16\u00b0\"\u00b0  ;\n- passerelle  surplombant  le p\u00e9riph\u00e9rique,  en vis-a-vis  du magasin  Carglass,  depuis\nl'avenue  du Parc  des  Princes  ;\n-__rue  du Commandant  Guilbaud  \u00e0 Paris  16\u00b0\"\u00b0;\n- rue du Parc  \u00e0 Boulogne-Billancourt  (92)  ;\n- parking  du complexe  omnisports  G\u00e9o  Andr\u00e9  \u00e0 Paris  16\u00b0;\n- place  de l'Europe  a Boulogne-Billancourt  (92),  dans  sa partie  comprise  entre  la rue\nMarcel  Loyau  \u00e0 Boulogne-Billancourt  (92)  et le rond-point  de la place  de l'Europe  \u00e0\nParis  16\u00b0\"  ;\n-__ rond-point  de la place  de l'Europe  \u00e0 Paris  16\u00e87\u00b0  ;\n- rue  Joseph-Bernard  \u00e0 Boulogne-Billancourt  (92),  dans  sa partie  comprise  entre  la rue\nde la Tourelle  \u00e0 Boulogne-Billancourt  (92)  et la rue  Nungesser  et Coli  \u00e0 Paris  16\u00b0,\nArticle  3 - Les points  d'acc\u00e9s  au p\u00e9rim\u00e9tre,  sur lesquels  des  dispositifs  de pr\u00e9-filtrage  et de\nfiltrage  sont  mis  en place,  sont  situ\u00e9s  :\n- \u00e0 l'angle  form\u00e9  par  l'avenue  du G\u00e9n\u00e9ral-Sarrail,  la rue  Raffa\u00e9lli  (c\u00f4t\u00e9  impair)  et l'all\u00e9e\nCharles  Brennus  \u00e0 Paris  16\u00b0\"  ; |\n- rue Lecomte  du No\u00fby  \u00e0 Paris  16%;\n- al'angle  form\u00e9  par  la rue  du Sergent  Maginot  et la place  du G\u00e9n\u00e9ral  Stefanik  \u00e0 Paris\n16\u00e87e  :\n- \u00e0 l'angle  form\u00e9  par  la rue  du G\u00e9n\u00e9ral  Roques  et la place  du G\u00e9n\u00e9ral  Stefanik  \u00e0 Paris\n16\u00e8me  :\n- au n\u00b031  de l'avenue  du Parc  des  Princes  \u00e0 Paris  16\u00e8\"\u00b0;\n- \u00e0 l'angle  form\u00e9  par  l'avenue  de la Porte  de Saint-Cloud  et la rue  du Commandant\nGuilbaud  \u00e0 Paris  16\u00b0\"\u00b0;\n- rue  du Parc  \u00e0 Boulogne-Billancourt  (92);\n- \u00e0 l'angle  form\u00e9  par  la rue  de la Tourelle  et l'entr\u00e9e  du Jardin  Guilbaud  \u00e0 Boulogne-\nBillancourt  (92);\n2024-01318\n\n- a l'angle  form\u00e9  par  la place  de l'Europe  et l'entr\u00e9e  du Jardin  Guilbaud  \u00e0 Boulogne-\nBillancourt  (92);\n- place  de l'Europe  \u00e0 Boulogne-Billancourt  (92),  dans  sa partie  comprise  entre  la rue\nMarcel  Loyau  \u00e0 Boulogne-Billancourt  (92)  et le rond-point  de la place  de l'Europe  \u00e0\nParis  16\u00b0;\n- a l'angle  form\u00e9  par  la rue  Joseph  Bernard  et la rue  de la Tourelle  \u00e0 Boulogne-\nBillancourt  (92);\n- \u00e0 l'angle  form\u00e9  par  la rue  Nungesser  et Coli  et l'avenue  de la Porte  Molitor  \u00e0 Paris\n162TMe  j\n- a l'angle  de la rue  Nungesser  et Coli  \u00e0 Paris  16\"  et de la rue  Joseph  Bernard  \u00e0\nBoulogne-Billancourt  (92).\n. TITRE  II\nMESURES  DE POLICE  APPLICABLES  A L'INTERIEUR  DU PERIMETRE  DE PROTECTION\nArticle  4 - Dans  le p\u00e9rim\u00e8tre  institu\u00e9  et durant  la p\u00e9riode  mentionn\u00e9e  par  l'article  1\", les\nmesures  suivantes  sont  applicables  :\n1\u00b0 Mesures  applicables  aux  usagers  de la voie  publique  :\na) Sont  interdits  :\n- Tout  rassemblement  de nature  revendicative  ;\n- Le port,  le transport  et l'utilisation  des  artifices  de divertissement,  des  articles\npyrotechniques,  des  armes  a feu,  y compris  factices,  et des  munitions,  ainsi  que  de\ntous  objets  susceptibles  de constituer  une  arme  au sens  de l'article  132-75  du code\np\u00e9nal  ou pouvant  servir  de projectile  pr\u00e9sentant  un danger  pour  la s\u00e9curit\u00e9  des\npersonnes  et des  biens  ;\n- L'acc\u00e8s  des  animaux  dangereux  au sens  des  articles  L. 211-11  et suivants  du code  rural\net de la p\u00eache  maritime,  en particulier  les chiens  des  T\u00b0 et 2*\"\u00a9  cat\u00e9gories  :\nb) Les personnes  ont  l'obligation,  pour  acc\u00e9der  par  les points  de pr\u00e9-filtrage  et de\nfiltrage  pr\u00e9vus  \u00e0 l'article  3 o\u00f9 circuler  \u00e0 l'int\u00e9rieur  du p\u00e9rim\u00e8tre,  de se soumettre,  \u00e0 la\ndemande  des  agents  autoris\u00e9s  par  le pr\u00e9sent  arr\u00eat\u00e9  \u00e0 proc\u00e9der  \u00e0 ces  v\u00e9rifications,  \u00e0\nl'inspection  visuelle  des  bagages  et \u00e0 leur  fouille,  ainsi  qu'\u00e0  des  palpations  de s\u00e9curit\u00e9  et,\nexclusivement  par  des  officiers  de police  judiciaire  et, sous  leur  responsabilit\u00e9,  par  des\nagents  de police  judiciaire  et agents  de police  judiciaire  adjoints,  \u00e0 la visite  de leur\nv\u00e9hicule  ;\nc) Les  personnes  qui  pour  des  raisons  professionnelles,  de r\u00e9sidence  ou familiales\ndoivent  acc\u00e9der  \u00e0 l'int\u00e9rieur  du p\u00e9rim\u00e8tre  de protection  et y circuler,  sont  invit\u00e9s  \u00e0 se\nsignaler  aupr\u00e8s  de l'autorit\u00e9  de police  sur place  afin  de pouvoir  faire  l'objet  d'une  mesure\nde filtrage  adapt\u00e9e  ;\n2024-01318\n\n2\u00b0 Mesures  accordant  des  comp\u00e9tences  suppl\u00e9mentaires  aux  personnels  charg\u00e9s  de la\ns\u00e9curit\u00e9  :\n- Les officiers  de police  judiciaire  mentionn\u00e9s  aux  2\u00b0 \u00e0 4\u00b0 de l'article  16 du code  de\nproc\u00e9dure  p\u00e9nale  et, sous  leur  responsabilit\u00e9,  les agents  de police  judiciaire\nmentionn\u00e9s  \u00e0 l'article  20 du m\u00eame  code  sont  autoris\u00e9s  \u00e0 proc\u00e9der,  avec  le\nconsentement  des  personnes  faisant  l'objet  de ces  v\u00e9rifications,  \u00e0 des  palpations  de\ns\u00e9curit\u00e9,  \u00e0 l'inspection  visuelle  des  bagages  et \u00e0 leur  fouille,  ainsi  qu'\u00e0  la visite  des\nv\u00e9hicules  ;\n- les personnes  exer\u00e7ant  l'activit\u00e9  mentionn\u00e9e  au 1\u00b0 de l'article  L. 611-1  du code  de la\ns\u00e9curit\u00e9  int\u00e9rieure  peuvent,  aux  points  de filtrage,  proc\u00e9der,  sous  l'autorit\u00e9  des\nofficiers  de police  judiciaire  et aupr\u00e8s  des  agents  de police  judiciaire  qu'ils  assistent  et\navec  le consentement  expr\u00e8s  des  personnes,  outre  \u00e0 l'inspection  visuelle  des  bagages\net \u00e0 leur  fouille,  \u00e0 des  palpations  de s\u00e9curit\u00e9.\nArticle  5 - Sans  pr\u00e9judice  des  sanctions  p\u00e9nales  auxquelles  s'exposent  les personnes  en\ninfraction  avec  les dispositions  du pr\u00e9sent  titre,  celles  qui  refusent  de se soumettre  \u00e0\nl'inspection  visuelle  de leurs  bagages  \u00e0 main,  \u00e0 leur  fouille,  \u00e0 des  palpations  de s\u00e9curit\u00e9  ou\n\u00e0 la visite  de leur  v\u00e9hicule  peuvent  se voir  interdire  l'acc\u00e8s  au p\u00e9rim\u00e8tre  institu\u00e9  par\nl'article  1\" ou \u00eatre  conduites  \u00e0 l'ext\u00e9rieur  de celui-ci.\nTITRE  Ill\nDISPOSITIONS  FINALES\nArticle  6 - Les  mesures  pr\u00e9vues  par  le pr\u00e9sent  arr\u00e9t\u00e9  peuvent  \u00e9tre  lev\u00e9es  et r\u00e9tablies  sur\nd\u00e9cision  du repr\u00e9sentant  sur place  de l'autorit\u00e9  de police,  en fonction  de l'\u00e9volution  de la\nsituation.\nArticle  7 - Le pr\u00e9fet  des  Hauts-de-Seine,  la pr\u00e9f\u00e9te,  directrice  de cabinet,  le directeur  de\nl'ordre  public  et de la circulation,  la directrice  de la s\u00e9curit\u00e9  de proximit\u00e9  de\nl'agglom\u00e9ration  parisienne  et la secr\u00e9taire  g\u00e9n\u00e9rale  de la ville  de Paris  sont  charg\u00e9s,\nchacun  en ce qui le concerne,  de l'ex\u00e9cution  du pr\u00e9sent  arr\u00eat\u00e9  qui sera  publi\u00e9  aux  recueils\ndes  actes  administratifs  du d\u00e9partement  de Paris  et de la pr\u00e9fecture  des  Hauts-de-Seine,\nconsultable  sur le site de la pr\u00e9fecture  de police\n(https://www.prefecturedepolice.interieur.gouv.fr)  et transmis  aux  procureurs  de la\nR\u00e9publique  pr\u00e8s  les tribunaux  judiciaires  de Paris  et de Nanterre.  gx\nFait \u00e0 Paris,le  03 SEP,  2024\nLaurent  NUNEZ\n2024-01318\n\nAnnexe  de l'arr\u00eat\u00e9  n\u00b0 2024-01318  du 03 SEP, 2024\nVOIES  ET DELAIS  DE RECOURS\nSi vous  estimez  devoir  contester  le pr\u00e9sent  arr\u00e9t\u00e9,  il vous  est possible,  dans  un\nd\u00e9lai  de deux  mois  \u00e0 compter  de la date  de son  affichage  ou de sa publication  au recueil\ndes  actes  administratifs  de la pr\u00e9fecture  de police  :\n- soit  de saisir  d'un  RECOURS  GRACIEUX\nle Pr\u00e9fet  de Police\n719,  boulevard  du Palais  - 75195  PARIS  RP\n- ou de former  un RECOURS  HIERARCHIQUE\naupr\u00e8s  du Ministre  de l'int\u00e9rieur\nDirection  des  libert\u00e9s  publiques  et des  affaires  juridiques\nplace  Beauvau  - 75008  PARIS\n- soit  de saisir  d'un  RECOURS  CONTENTIEUX\nle Tribunal  administratif  comp\u00e9tent\nAucune  de ces voies  et recours  ne suspend  l'application  de la pr\u00e9sente  d\u00e9cision.\nLes recours  GRACIEUX  et HIERARCHIQUE  doivent  \u00eatre  \u00e9crits,  exposer  les\narguments  ou faits  nouveaux  et comprendre  la copie  de l'arr\u00eat\u00e9  contest\u00e9.\nLe recours  CONTENTIEUX,  qui  vise  \u00e0 contester  la LEGALITE  de la pr\u00e9sente\nd\u00e9cision,  doit  \u00e9galement  \u00eatre  \u00e9crit  et exposer  votre  argumentation  juridique.\nSi vous  n'aviez  pas  de r\u00e9ponse  \u00e0 votre  recours  GRACIEUX  ou HIERARCHIQUE\ndans  un d\u00e9lai  de deux  mois  \u00e0 compter  de la r\u00e9ception  de votre  recours  par  l'administration,\nvotre  demande  devra  \u00eatre  consid\u00e9r\u00e9e  comme  rejet\u00e9e  (d\u00e9cision  implicite  de rejet).\nEn cas de rejet  des  recours  GRACIEUX  ou HIERARCHIQUE,  le Tribunal\nadministratif  peut  \u00eatre  saisi  d'un  recours  contentieux  dans  le d\u00e9lai  de deux  mois  \u00e0 compter\nde la date  de la d\u00e9cision  de rejet.\n\n2024-01318\n2024-01318PARC  DES  PRINCES\nVendredi  06 septembre  2024\n20h45  : FRANCE  - ITALIE\nSaint-Cloud\n\nPREFECTURE  ap. PREFET  PREFET\nDE POLICE  fe] DU VAL-D'OISE  DES YVELINES\nLibert\u00e9  Libert\u00e9  Libert\u00e9\n\u00c9galit\u00e9  \u00c9galit\u00e9  \u00c9galit\u00e9\nFraternit\u00e9  Fraternit\u00e9  Fraternit\u00e9\nArr\u00eat\u00e9  n\u00b02024-01379\nautorisant  la captation,  l'enregistrement  et la transmission  d'images  au moyen\nde cam\u00e9ras  install\u00e9es  sur  des  a\u00e9ronefs  \u00e0 l'occasion  de l'inauguration  du campus  ARBORETUM\n\u00e0 Nanterre  (92)  le jeudi  19 septembre  2024\nLe pr\u00e9fet  de police,  le pr\u00e9fet  du Val-d'Oise,  le pr\u00e9fet  des  Yvelines,\nVu le code  de la s\u00e9curit\u00e9  int\u00e9rieure,  notamment  ses articles  L. 242-1  \u00e0 L. 242-8  et R. 242-8  aR.\n242-15;\nVu le d\u00e9cret  n\u00b0 2004-374  du 29 avril  2004  modifi\u00e9  relatif  aux  pouvoirs  des  pr\u00e9fets,  \u00e0\nl'organisation  et \u00e0 l'action  des  services  de l'Etat  dans  les r\u00e9gions  et d\u00e9partements,  notamment\nses articles  70, 72 et 73;\nVu l'arr\u00eat\u00e9  du 19 avril  2023  relatif  au nombre  maximal  de cam\u00e9ras  install\u00e9es  sur des  a\u00e9ronefs\npouvant  \u00eatre  simultan\u00e9ment  utilis\u00e9es  dans  chaque  d\u00e9partement  et collectivit\u00e9  d'outre-mer;\nVu l'instruction  minist\u00e9rielle  NOR  10MD2311883)  du 30 avril  2023  relative  \u00e0 la proc\u00e9dure\nd'autorisation  des  cam\u00e9ras  install\u00e9es  sur  des  a\u00e9ronefs  pour  des  missions  de police\nadministrative  ;\nVu le d\u00e9cret  du 20 juillet  2022  par lequel  M. Laurent  NUNEZ,  pr\u00e9fet,  coordonnateur  national\ndu renseignement  et de la lutte  contre  le terrorisme,  est nomm\u00e9  pr\u00e9fet  de police  (hors  classe)  ;\nVu le d\u00e9cret  du 9 mars  2022  par  lequel  M. Philippe  COURT,  pr\u00e9fet  du Calvados,  est  nomm\u00e9\npr\u00e9fet  du Val-d'Oise  (hors  classe)  ;\nVu le d\u00e9cret  du 7 f\u00e9vrier  2024  par  lequel  M. Fr\u00e9d\u00e9ric  ROSE,  administrateur  de l'Etat  du grade\ntransitoire,  est nomm\u00e9  pr\u00e9fet  des  Yvelines;\nVu la demande  en date  du 17 septembre  2024  form\u00e9e  par  la direction  de l'ordre  public  et de\nla circulation  visant  \u00e0 obtenir  l'autorisation  de capter,  d'enregistrer  et de transmettre  des\nimages  au moyen  de deux  cam\u00e9ras  install\u00e9es  sur des  a\u00e9ronefs  t\u00e9l\u00e9-pilot\u00e9s  afin  d'assurer  la\npr\u00e9vention  des  atteintes  \u00e0 la s\u00e9curit\u00e9  des  personnes  et des  biens  et celle  des  actes  de\nterrorisme  \u00e0 l'occasion  de l'inauguration  du campus  ARBORETUM  \u00e0 Nanterre  dans  les Hauts-\nde-Seine  ce 19 septembre  2024  ;\n\nConsid\u00e9rant  que  les dispositions  du | de l'article  L. 242-5  du code  de la s\u00e9curit\u00e9  int\u00e9rieure\npermettent  aux  forces  de s\u00e9curit\u00e9  int\u00e9rieure,  dans  l'exercice  de leurs  missions  de pr\u00e9vention\ndes  atteintes  \u00e0 l'ordre  public  et de protection  de la s\u00e9curit\u00e9  des  personnes  et des  biens,  de\nproc\u00e9der  \u00e0 la captation,  \u00e0 l'enregistrement  et \u00e0 la transmission  d'images  au moyen  de cam\u00e9ras\ninstall\u00e9es  sur  des  a\u00e9ronefs  aux  fins  d'assurer  la pr\u00e9vention  des  atteintes  \u00e0 la s\u00e9curit\u00e9  des\npersonnes  et des  biens  dans  des  lieux  particuli\u00e8rement  expos\u00e9s  etdes  actes  de terrorisme  ;\nConsid\u00e9rant  que  ce jeudi  19 septembre  2024  sera  inaugur\u00e9  par  le Pr\u00e9sident  de la R\u00e9publique\nle site  ARBORETUM  \u00e0 Nanterre,  plus  grand  campus  en bois  en Europe,  en pr\u00e9sence  de\nnombreux  invit\u00e9s  ; que  le contexte  politique  national  ainsi  que  l'emplacement  du site  qui\ns'\u00e9tend  sur plusieurs  hectares,  aux  abords  de l'Universit\u00e9  et de la Maison  d'arr\u00eat  de Nanterre,\nrequiert  un appui  visuel  en hauteur  afin  de pr\u00e9venir  les troubles  \u00e9ventuels  \u00e0 l'ordre  public  \u00e0\nl'occasion  de cette  inauguration  ; qu'au  surplus,  dans  le contexte  actuel  de menace  tr\u00e8s  \u00e9lev\u00e9e,\ncette  inauguration  est susceptible  de constituer  une  cible  privil\u00e9gi\u00e9e  et symbolique  pour  des\nactes  de nature  terroriste  ;\nConsid\u00e9rant  que  plusieurs  attentats  ou tentatives  d'attentats  r\u00e9cents  traduisent  le niveau\n\u00e9lev\u00e9  de la menace  terroriste  actuelle  en France,  dans  le cadre  du plan  VIGIPIRATE  \u00ab urgence\nattentat  \u00bb en vigueur  sur  l'ensemble  du territoire  national  ;\nConsid\u00e9rant  que  le recours  \u00e0 des  cam\u00e9ras  a\u00e9roport\u00e9es  permet  de disposer  d'une  vision  en\ngrand  angle  tout  en limitant  l'engagement  des  forces  au sol ; qu'il  n'existe  pas  de dispositif\nmoins  intrusif  permettant  de parvenir  aux  m\u00eames  fins  ;\nConsid\u00e9rant  que  la demande  de la direction  de l'ordre  public  et de la circulation  porte  sur\nl'engagement  de deux  cam\u00e9ras  a\u00e9roport\u00e9es  qui pourront  \u00eatre  en vol simultan\u00e9ment  en vue  de\ncapter,  d'enregistrer  et de transmettre  des  images;  que  les aires  survol\u00e9es  sont  strictement\nlimit\u00e9es  aux  zones  o\u00f9 seront  mises  en \u0153uvre  les finalit\u00e9s  susvis\u00e9es  ; que  la dur\u00e9e  de\nl'autorisation  demand\u00e9e  n'appara\u00eet  pas  disproportionn\u00e9e  au regard  de ces  m\u00eames  finalit\u00e9s  ;\nSur  proposition  de la direction  de l'ordre  public  et de la circulation  ;\nARRETENT  :\nArticle  1\u00b0 - La captation,  l'enregistrement  et la transmission  d'images  par  la direction  de\nl'ordre  public  et de la circulation  sont  autoris\u00e9s  \u00e0 l'occasion  de l'inauguration  du campus\nARBORETUM  ce jeudi  19 septembre  2024  \u00e0 Nanterre  aux  titres  de:\n- la pr\u00e9vention  des  atteintes  \u00e0 la s\u00e9curit\u00e9  des  personnes  et des  biens  ;\n- la pr\u00e9vention  d'actes  de terrorisme.\nArticle  2 - Le nombre  maximal  de cam\u00e9ras  pouvant  proc\u00e9der  simultan\u00e9ment  a des\nenregistrements  est  fix\u00e9  \u00e0 2 cam\u00e9ras  embarqu\u00e9es  sur  des  a\u00e9ronefs  t\u00e9l\u00e9-pilot\u00e9s.\nArticle  3 - La pr\u00e9sente  autorisation  s'applique  au p\u00e9rim\u00e8tre  g\u00e9ographique  figurant  sur  le plan\nen annexe  au pr\u00e9sent  arr\u00eat\u00e9.\nN\u00b02024-01379\n\nArticle  4 - La pr\u00e9sente  autorisation  est d\u00e9livr\u00e9e  le jeudi  19 septembre  2024  \u00e0 08h30  \u00e0 14h00\npour  l'ensemble  des  finalit\u00e9s  pr\u00e9cit\u00e9es.\nArticle  5 - L'information  du public  est assur\u00e9e  par  la publication  du pr\u00e9sent  arr\u00eat\u00e9  aux  recueils\ndes  actes  administratifs  mentionn\u00e9s  \u00e0 l'article  7, sa mise  en ligne  sur  le site  internet  de la\npr\u00e9fecture  de police  ainsi  que  par  une  information  sur les r\u00e9seaux  sociaux.\nArticle  6 - Le registre  mentionn\u00e9  \u00e0 l'article  L. 242-4  du code  de la s\u00e9curit\u00e9  int\u00e9rieure  est\ntransmis  au pr\u00e9fet  de police,  \u00e0 l'issue  de la p\u00e9riode  d'autorisation.\nArticle  7 - Le pr\u00e9fet  des  Hauts-de-Seine,  le pr\u00e9fet  du Val-d'Oise,  le pr\u00e9fet  des  Yvelines,  la\npr\u00e9f\u00e8te,  directrice  du cabinet  du pr\u00e9fet  de police  et le directeur  de l'ordre  public  et de la\ncirculation  sont  charg\u00e9s,  chacun  en ce qui  le concerne,  de l'ex\u00e9cution  du pr\u00e9sent  arr\u00eat\u00e9  qui\nentrera  en vigueur  d\u00e8s  son  affichage  aux  portes  de la pr\u00e9fecture  de police,  sera  publi\u00e9  aux\nrecueils  des  actes  administratifs  du d\u00e9partement  de Paris  et des  pr\u00e9fectures  des  Hauts-de-\nSeine,  du Val-d'Oise  et des  Yvelines  et consultable  sur le site  internet  de la pr\u00e9fecture  de police\n(https://www.prefecturedepolice.interieur.gouv.fr).\nFait  a Paris,  le 18 septembre  2024\nP ere NUNEZ\nPour  le Pr\u00e9fet  de Police,\nLa Sous-Pr\u00e9f\u00e8te,\nDirectrice  Adjointe  du Cabinet\nF\u00c6\u00efse  LAVIELLE\nN\u00b02024-01379\n\nFait  \u00e0 Cergy,  le 18 septembre  2024\nLe pr\u00e9fet  du Val-d'Oise\nely Gat\nPhilippe  COURT,\nN\u00b02024-01379\n\nFait  \u00e0 Versailles,  le 18 septembre  2024\nLe pr\u00e9fet  des  Yvelines\nrle Pr\u00e9fet  Et-par  d\u00e9l\u00e9sation\nN\u00b02024-01379\n\nAnnexe  de l'arr\u00eat\u00e9  n\u00b0 2024-01379  du 18 septembre  2024\nVOIES  ET DELAIS  DE RECOURS\nSi vous  estimez  devoir  contester  la pr\u00e9sente  autorisation,  il vous  est possible,  dans  un d\u00e9lai  de\ndeux  mois  \u00e0 compter  de la date  de son  affichage  ou de sa publication  :\n- soit  de saisir  d'un  RECOURS  GRACIEUX\nle Pr\u00e9fet  de Police\n7/9,  boulevard  du Palais  - 75195  PARIS  RP\n- ou de former  un RECOURS  HIERARCHIQUE\naupr\u00e8s  du Ministre  de l'int\u00e9rieur  et des  outre-mer\nDirection  des  libert\u00e9s  publiques  et des  affaires  juridiques\nplace  Beauvau  - 75008  PARIS\n- soit  de saisir  d'un  RECOURS  CONTENTIEUX\nle Tribunal  administratif  comp\u00e9tent\nAucune  de ces voies  et recours  ne suspend  l'application  de la pr\u00e9sente  d\u00e9cision.\nLes recours  GRACIEUX  et HIERARCHIQUE  doivent  \u00eatre  \u00e9crits,  exposer  les arguments\nou faits  nouveaux  et comprendre  la copie  de la d\u00e9cision  contest\u00e9e.\nLe recours  contentieux,  qui vise  \u00e0 contester  la LEGALITE  de la pr\u00e9sente  d\u00e9cision,  doit\n\u00e9galement  \u00eatre  \u00e9crit  et exposer  votre  argumentation  juridique.\nSi vous  n'aviez  pas de r\u00e9ponse  \u00e0 votre  recours  GRACIEUX  ou HIERARCHIQUE  dans  un\nd\u00e9lai  de deux  mois  \u00e0 compter  de la r\u00e9ception  de votre  recours  par l'administration,\nvotre  demande  devra  \u00eatre  consid\u00e9r\u00e9e  comme  rejet\u00e9e  (d\u00e9cision  implicite  de rejet).\nEn cas de rejet  des RECOURS  GRACIEUX  ou HIERARCHIQUE,  le Tribunal  administratif\npeut  \u00eatre  saisi  d'un  recours  contentieux  dans  le d\u00e9lai  de deux  mois  \u00e0 compter  de la\ndate  de la d\u00e9cision  de rejet.\n\nArr\u00e9t\u00e9  n\u00b02024-01379  du 18 septembre  2024\n\nPREFECTURE  ap PR\u00c9FET\nDE POLICE  a DES YVELINES\npected  Libert\u00e9\nEgalit\u00e9Fraternit\u00e9  Fraternit\u00e9\nArr\u00eat\u00e9ne  2024-01407\nportant  encadrement  du d\u00e9placement  de supporters  et instaurant  un p\u00e9rim\u00e8tre\ncomportant  certaines  mesures  de police  \u00e0 l'occasion  de la rencontre  de football  de\nLigue  1 du vendredi  27 septembre  2024  entre  les \u00e9quipes  du PARIS  SAINT-GERMAIN  et\ndu STADE  RENNAIS  FOOTBALL  CLUB  au Parc  des  Princes  \u00e0 Paris\nLe pr\u00e9fet  de police,  le pr\u00e9fet  des  Yvelines,\nVu le code  g\u00e9n\u00e9ral  des  collectivit\u00e9s  territoriales,  notamment  son  article  2512-13  ;\nVu le code  p\u00e9nal  ;\nVu le code  de proc\u00e9dure  p\u00e9nale  ;\nVu le code  du sport,  notamment  son article  L. 332-16-2  ;\nVu le code  de la s\u00e9curit\u00e9  int\u00e9rieure,  notamment  ses articles  L. 122-1  et L. 122-2  ;\nVu le d\u00e9cret  n\u00b0 2004-374  du 29 avril  2004  modifi\u00e9  relatif  aux pouvoirs  des pr\u00e9fets,  a\nl'organisation  et \u00e0 l'action  des services  de l'Etat  dans  les r\u00e9gions  et d\u00e9partements,\nnotamment  ses articles  72 et 73;\nVu la circulaire  du ministre  de l'Int\u00e9rieur  INTK2127556]  du 10 septembre  2021,  compl\u00e9t\u00e9e\npar la circulaire  INTK2133195)  du 31 d\u00e9cembre  2021  relatives  aux mesures  de police\nadministrative  pour  lutter  contre  la violence  dans  les stades  ;\nVu la circulaire  du ministre  de l'Int\u00e9rieur  INTD2205085)  du 25 avril 2022  relatives  aux\nrencontres  sportives  \u00e0 risques  et interdictions  de d\u00e9placement  de supporters  ;\nVu le d\u00e9cret  du 20 juillet  2022  par lequel  M. Laurent  NUNEZ,  pr\u00e9fet,  coordonnateur\nnational  du renseignement  et de la lutte  contre  le terrorisme,  est nomm\u00e9  pr\u00e9fet  de police\n(hors  classe)  ;\nVu le d\u00e9cret  du 7 f\u00e9vrier  2024  par lequel  M. Fr\u00e9d\u00e9ric  ROSE,  administrateur  de l'Etat  du\ngrade  transitoire,  est nomm\u00e9  pr\u00e9fet  des Yvelines;\nConsid\u00e9rant  que, en application  des articles  L. 122-1  et L. 122-2  du code  de la s\u00e9curit\u00e9\nint\u00e9rieure  et 72 et 73 du d\u00e9cret  du 29 avril 2004  susvis\u00e9,  le pr\u00e9fet  de police  a la charge  de\nl'ordre  public,  notamment  la pr\u00e9vention  des atteintes  \u00e0 la s\u00e9curit\u00e9  des personnes  et des\nbiens,  \u00e0 Paris  et dans  le d\u00e9partement  des Hauts-de-Seine  ;\n1\n\nConsid\u00e9rant  que,  en application  de l'article  L. 332-16-2  du code  du sport,  le repr\u00e9sentant\nde l'Etat  dans  le d\u00e9partement  ou,  a Paris,  le pr\u00e9fet  de police  peut,  par  arr\u00eat\u00e9,  restreindre\nla libert\u00e9  d'aller  et de venir  des  personnes  se pr\u00e9valant  de la qualit\u00e9  de supporter  d'une\n\u00e9quipe  ou se comportant  comme  tel sur les lieux  d'une  manifestation  sportive  et dont  la\npr\u00e9sence  est susceptible  d'occasionner  des  troubles  graves  \u00e0 l'ordre  public  ; que  le fait\npour  les personnes  concern\u00e9es  de ne pas  se conformer  \u00e0 l'arr\u00eat\u00e9  pris  en application  des\ndeux  premiers  alin\u00e9as  est puni  de six mois  d'emprisonnement  et d'une  amende  de 30\n000\u20ac,  en application  du m\u00eame  article  ; que  cet  encadrement  du d\u00e9placement  implique\nune  prise  en charge  de groupes  de supporters  de l'\u00e9quipe  visiteur  depuis  le p\u00e9age  de\nSaint-Arnoult  dans  les Yvelines  jusqu'au  Parc  des  Princes,  selon  les prescriptions\nmentionn\u00e9es  ci-apr\u00e8s  ;\nConsid\u00e9rant  que,  \u00e0 l'occasion  de la 6*\"*\u00b0  journ\u00e9e  du championnat  de football  de Ligue  1,\nl'\u00e9quipe  du football  du Paris  Saint-Germain  (PSG)  recevra  celle  du Stade  Rennais  Football\nClub  au Parc  des  Princes  \u00e0 Paris  16\u00b0\",  le vendredi  27 septembre  2024  \u00e0 21h00  ; qu'il  existe\ndes  risques  de troubles  \u00e0 l'ordre  public  entre  les soutiens  des  deux  \u00e9quipes  du fait  du\ncomportement  violent  de certains  supporters  ou d'individus  se pr\u00e9valant  de la qualit\u00e9  de\nsupporter,  tant  par  des  rixes  ou invectives  entre  supporters  que  par  des  violences  contre\nles forces  de l'ordre  ou par  des  jets  de divers  projectiles,  p\u00e9tards  ou fumig\u00e8nes  ; qu'il  en a\n\u00e9t\u00e9  ainsi  le 27 avril  2019,  en marge  de la finale  de la Coupe  de France  o\u00f9 une  cinquantaine\nd'ultras  parisiens  membres  du groupe  ex-Nautecia  avaient  attaqu\u00e9  les ultras  bretons  ; que\ndans  la nuit  du 22 au 23 septembre  2021,  \u00e0 l'issue  de la rencontre  opposant  le Stade\nRennais  au Clermont  Foot  63, un ultra  rennais  s'\u00e9tait  fait d\u00e9rober  la b\u00e2che  de son groupe\npar plusieurs  hooligans  parisiens  appartenant  au groupe  Karsud  ; que  le 3 octobre  2021,  \u00e0\nl'issue  de la rencontre  entre  les deux  clubs  \u00e0 Rennes,  les cars  des  ultras  parisiens  avaient\nfait  l'objet  de jets  de projectiles  par  une  cinquantaine  de supporters  rennais,  provoquant\nune  r\u00e9ponse  d'une  quarantaine  de membres  du CUP  parisien,  n\u00e9cessitant  l'intervention\nrapide  des forces  de l'ordre  afin  d'\u00e9viter  un affrontement  ; qu'enfin,  le 7 octobre  2023,  \u00e0\nla veille  de la rencontre  entre  le PSG  et le Stade  Rennais,  une soixantaine  de hooligans\nmembres  des groupes  Karsud  et Ind\u00e9pendants  Virage  Auteuil  s'\u00e9taient  rendus  dans  le\ncentre-ville  de Rennes  pour  tenter  d'affronter  leurs  homologues  bretons,  avant  de\nd\u00e9grader  l'ext\u00e9rieur  du local  des Roazhon  Celtic  Kop  1991  en y apposant  de nombreux\ntags  insultants  ;\nConsid\u00e9rant  que les supporters  class\u00e9s  \u00e0 risque  pourraient  faire  usage  d'engins\npyrotechniques  et d\u00e9tonants  ; que l'usage  d'engins  pyrotechniques  et d\u00e9tonants  est\nconstitutif  d'un  d\u00e9lit  puni  de trois  ans d'emprisonnement  et de 15 000 euros  d'amende  en\napplication  de l'article  L. 332-8  du code  du sport  ;\nConsid\u00e9rant,  en outre,  que les forces  de s\u00e9curit\u00e9  int\u00e9rieure  seront  mobilis\u00e9es  le 27\nseptembre  \u00e0 Paris  et en Ile-de-France  notamment  sur la s\u00e9curisation  du concert  au Stade\nde France  de Myl\u00e8ne  Farmer  \u00e0 20h30,  lequel  devrait  attirer  une foule  cons\u00e9quente  ; qu'au\nsurplus,  une manifestation  statique  en solidarit\u00e9  au peuple  libanais  est pr\u00e9vue  sur la place\nde la R\u00e9publique  \u00e0 Paris  \u00e0 compter  de 18h00  dans  contexte  d'escalade  au Proche-Orient  ;\nque cette  rencontre  s'inscrit  \u00e9galement  dans  un contexte  de menace  terroriste  aig\u00fce  qui\nsollicite  \u00e0 un niveau  particuli\u00e8rement  \u00e9lev\u00e9  les forces  de s\u00e9curit\u00e9  int\u00e9rieure  pour  garantir\nla protection  des personnes  et des biens  contre  les risques  d'attentat,  dans  le cadre  du\nplan VIGIPIRATE  port\u00e9  \u00e0 son niveau  sommital  \u00ab urgence  attentat  \u00bb sur l'ensemble  du\nterritoire  national  ;\n2024-01407\n\nConsid\u00e9rant  que,  dans  ces  conditions,  \u00e0 l'occasion  du match  de football  le vendredi  27\nseptembre  2024  entre  les \u00e9quipes  du PSG  et du Stade  Rennais  FC, un encadrement  du\nd\u00e9placement  des  supporters  rennais  en application  de l'article  L. 332-16-2  pr\u00e9cit\u00e9  du\ncode  du sport,  limitant  leur  nombre  et prescrivant  des  modalit\u00e9s  d'acheminement  de\nceux-ci  depuis  le p\u00e9age  de Saint-Arnoult  (78)  jusqu'au  parcage  visiteurs  du Parc  des\nPrinces  et de reconduite  \u00e0 l'issue  du match,  sous  l'\u00e9gide  des  forces  de l'ordre,  est de\nnature,  sans  porter  une  atteinte  excessive  \u00e0 la libert\u00e9  d'aller  et venir,  \u00e0 pr\u00e9venir  les\natteintes  \u00e0 la s\u00e9curit\u00e9  des  personnes  et des  biens  et la survenance  de troubles  graves  \u00e0\nl'ordre  public;  que  la mise  en \u0153uvre  de certaines  mesures  d'interdiction  dans  un\np\u00e9rim\u00e8tre  et \u00e0 des  horaires  d\u00e9finis,  notamment  l'introduction,  la d\u00e9tention  et le transport\nde tous  objets  susceptibles  de constituer  une  arme  ou pouvant  servir  de projectile\npr\u00e9sentant  un danger  pour  la s\u00e9curit\u00e9  des  personnes  et des  biens  poursuit  la m\u00eame\nfinalit\u00e9  de sauvegarde  de l'ordre  public  ;\nARRETENT\nArticle  1* - Le vendredi  27 septembre  2024,  \u00e0 l'occasion  de la rencontre  de football  de\nLigue  1 entre  les \u00e9quipes  du Paris  Saint-Germain  (PSG)  et du Stade  Rennais  Football  Club,\nla tribune  \u00ab visiteurs  \u00bb du Parc  des  Princes  ne peut  accueillir  plus  de 1000  supporters  du\nStade  Rennais  FC.\nL'acheminement  des  supporters  du Stade  Rennais  FC appartenant  au groupe  des\n\u00ab Roazhon  Celtic  Kop  \u00bb ou se revendiquant  comme  tels,  s'effectuera  selon  les modalit\u00e9s\nsuivantes  :\n- l'acheminement  de ces supporters  se fera  exclusivement  par un moyen  de transport\ncollectif,  en l'occurrence  trois  autocars;  les immatriculations  des  v\u00e9hicules  sont\ncommuniqu\u00e9es  \u00e0 la direction  de l'ordre  public  et de la circulation  par le Stade  Rennais  FC;\n- les supporters  du Stade  Rennais  FC devront  \u00eatre  d\u00e9tenteurs  d'un  billet  ou d'une\ncontremarque  pr\u00e9alablement  achet\u00e9  aupr\u00e8s  du Stade  Rennais  FC ;\n- un point  de rendez-vous  obligatoire  est fix\u00e9  le vendredi  27 septembre  2024  \u00e0 18h00  sur\nl'autoroute  A10  au niveau  du p\u00e9age  de Saint-Arnoult  (78),  dans  le sens  province-Paris  ;\n- les supporters  appartenant  au groupe  des \u00ab Roazhon  Celtic  Kop  \u00bb ou se revendiquant\ncomme  tels seront  escort\u00e9s  par les forces  de l'ordre  depuis  le p\u00e9age  de Saint-Arnoult\njusqu'au  parking  visiteurs  du Parc  des Princes  selon  un itin\u00e9raire  pr\u00e9d\u00e9termin\u00e9  ;\n- \u00e0 la fin de la rencontre,  ces supporters  devront  rejoindre  leur moyen  de transport\ninitialement  utilis\u00e9  pour  \u00eatre dirig\u00e9s  par les forces  de l'ordre  jusqu'\u00e0  la sortie  de la\ncapitale.\nCes mesures  d'acheminement  ne concernent  pas les autres  supporters  du Stade  Rennais\nFC, dont  ceux  qui r\u00e9sident  en r\u00e9gion  parisienne,  qui gagneront  le parcage  visiteurs  du Parc\ndes  Princes  par leurs  propres  moyens.\nArticle  2 : Du vendredi  27 septembre  2024  \u00e0 18h00  jusqu'au  samedi  28 septembre  2024  \u00e0\n01h00  est institu\u00e9  un p\u00e9rim\u00e8tre  comportant  certaines  mesures  de police,  au sein duquel  la\npr\u00e9sence  sur la voie publique  de personnes  se pr\u00e9valant  de la qualit\u00e9  de supporter  du\nStade  Rennais  FC ou se comportant  comme  tel est interdite,  \u00e0 l'exception  des 1000\nautoris\u00e9s  dans  le parcage  visiteurs.  Ce p\u00e9rim\u00e8tre  est d\u00e9limit\u00e9  par les voies  suivantes  qui y\nsont  incluses  :\n3\n2024-01407\n\n- Boulevard  d'Auteuil,  dans  sa partie  comprise  entre  l'avenue  Robert  Schuman  et la place\nde la Porte  Molitor,\n- Place  de la Porte  Molitor,  dans  sa partie  comprise  entre  le boulevard  d'Auteuil  et la rue\nMolitor,\n- Boulevard  Murat,  dans  sa partie  comprise  entre  la place  Molitor  et la place  de la porte\nde Saint-Cloud,\n- Place  de la porte  de Saint-Cloud,\n- Avenue  Georges  Lafont,  dans  sa partie  comprise  entre  la place  de la porte  de Saint-\nCloud  et l'avenue  Edouard  Vaillant,\n- Avenue  Edouard  Vaillant,  dans  sa partie  comprise  entre  les avenues  Georges  Lafont  et\nFerdinand  Buisson,\n- Avenue  Ferdinand  Buisson,  dans  sa partie  comprise  entre  l'avenue  Edouard  Vaillant  et la\nroute  de la Reine  \u00e0 Boulogne-Billancourt,\n- Route  de la Reine  \u00e0 Boulogne-Billancourt,  de l'avenue  Ferdinand  Buisson  \u00e0 l'avenue\nVictor  Hugo,\n- Avenue  Victor  Hugo,  dans  sa partie  comprise  entre  la route  de la Reine  et le rond-point\nAndr\u00e9  Malraux  \u00e0 Boulogne-Billancourt,\n- Rond-point  Andr\u00e9  Malraux  \u00e0 Boulogne-Billancourt,\n- Avenue  Robert  Schuman  \u00e0 Boulogne-Billancourt.\nArticle  3 : Dans  le p\u00e9rim\u00e8tre  institu\u00e9  et aux  horaires  mentionn\u00e9s  par  l'article  2, sont\ninterdits  sur la voie  publique  l'introduction,  la d\u00e9tention  et le transport  de tous  objets\nsusceptibles  de constituer  une  arme  au sens  de l'article  132-75  du code  p\u00e9nal  ou pouvant\nservir  de projectile  pr\u00e9sentant  un danger  pour  la s\u00e9curit\u00e9  des  personnes  et des  biens,  en\nparticulier  les engins  pyrotechniques  et d\u00e9tonants  et les bouteilles  en verre,  ainsi  que\nl'introduction,  la d\u00e9tention  et le transport  de boissons  alcoolique  et leur  consommation\nsur la voie  publique.\nLes mesures  pr\u00e9vues  \u00e0 l'alin\u00e9a  pr\u00e9c\u00e9dent  ne s'appliquent  pas aux r\u00e9sidents,  qui pourront\njustifier  de cette  qualit\u00e9  par tous  moyens,  ainsi  que dans  les parties  du p\u00e9rim\u00e8tre\nr\u00e9guli\u00e8rement  occup\u00e9es  par des restaurants  et d\u00e9bits  de boissons  titulaires  des\nautorisations  n\u00e9cessaires.\nArticle  7 - Le pr\u00e9fet  des Yvelines,  le pr\u00e9fet  des Hauts-de-Seine,  la pr\u00e9f\u00e8te,  directrice  de\ncabinet,  le directeur  de l'ordre  public  et de la circulation  et la directrice  de la s\u00e9curit\u00e9  de\nproximit\u00e9  de l'agglom\u00e9ration  parisienne  sont  charg\u00e9s,  chacun  en ce qui le concerne,  de\nl'ex\u00e9cution  du pr\u00e9sent  arr\u00eat\u00e9  qui entrera  en vigueur  d\u00e8s son affichage  aux portes  de la\npr\u00e9fecture  de police,  sera publi\u00e9  aux recueils  des actes  administratifs  du d\u00e9partement  de\nParis et des pr\u00e9fectures  des Hauts-de-Seine  et des Yvelines,  consultable  sur le site de la\npr\u00e9fecture  de police  (https://www.prefecturedepolice.interieur.gouv.fr)  et transmis  aux\nprocureurs  de la R\u00e9publique  pr\u00e8s les tribunaux  judiciaires  de Paris, Nanterre  et Versailles.\ntc\nFait a Paris, le 26 SEP.\nLaurent  NUNEZ\n2024-01407\n\nFait \u00e0 Versailles,  le 26 SEP.  2924\nLe pr\u00e9fet  des  Yvelines\nA\nHor\nFr\u00e9d\u00e9ric  ROSE\n2024-01407\n\nAnnexe  de l'arr\u00eat\u00e9  n\u00b0 2024-01407  du 26 SEP. 2024\nVOIES  ET DELAIS  DE RECOURS\nSi vous  estimez  devoir  contester  le pr\u00e9sent  arr\u00eat\u00e9,  il vous  est possible,  dans  un\nd\u00e9lai  de deux  mois  \u00e0 compter  de la date  de son  affichage  ou de sa publication  :\n- soit  de saisir  d'un  RECOURS  GRACIEUX\nle Pr\u00e9fet  de Police\n7/9,  boulevard  du Palais  - 75195  PARIS  RP\n- ou de former  un RECOURS  HIERARCHIQUE\naupr\u00e8s  du Ministre  de l'int\u00e9rieur\nDirection  des  libert\u00e9s  publiques  et des  affaires  juridiques\nplace  Beauvau  - 75008  PARIS\n- soit  de saisir  d'un  RECOURS  CONTENTIEUX\nle Tribunal  administratif  comp\u00e9tent\nAucune  de ces  voies  et recours  ne suspend  l'application  de la pr\u00e9sente  d\u00e9cision.\nLes  recours  GRACIEUX  et HIERARCHIQUE  doivent  \u00eatre  \u00e9crits,  exposer  les\narguments  ou faits  nouveaux  et comprendre  la copie  de l'arr\u00eat\u00e9  contest\u00e9.\nLe recours  CONTENTIEUX,  qui vise  \u00e0 contester  la LEGALITE  de la pr\u00e9sente\nd\u00e9cision,  doit  \u00e9galement  \u00eatre  \u00e9crit  et exposer  votre  argumentation  juridique.\nSi vous  n'aviez  pas  de r\u00e9ponse  \u00e0 votre  recours  GRACIEUX  ou HIERARCHIQUE\ndans  un d\u00e9lai  de deux  mois  \u00e0 compter  de la r\u00e9ception  de votre  recours  par  l'administration,\nvotre  demande  devra  \u00eatre  consid\u00e9r\u00e9e  comme  rejet\u00e9e  (d\u00e9cision  implicite  de rejet).\nEn cas de rejet  des  recours  GRACIEUX  ou HIERARCHIQUE,  le Tribunal\nadministratif  peut  \u00eatre  saisi  d'un  recours  contentieux  dans  le d\u00e9lai  de deux  mois  \u00e0 compter\nde la date  de la d\u00e9cision  de rejet.\n\nPREFECTURE  apDE POLICE  Acs CABINET  DU PREFET\nLibert\u00e9\n\u00c9gali it\u00e9\nFraternit\u00e9\nArr\u00e9t\u00e9  n\u00b0 2024-01411\nautorisant  les agents  agr\u00e9\u00e9s  du service  interne  de s\u00e9curit\u00e9  de la RATP  \u00e0 proc\u00e9der  a\ndes palpations  de s\u00e9curit\u00e9  dans  certaines  stations,  gares  et arr\u00e9ts  du r\u00e9seau\nfrancilien  du mardi  1\u00b0' octobre  2024  au mardi  31 d\u00e9cembre  2024  inclus\nLe pr\u00e9fet  de police,\nVu le code  de la s\u00e9curit\u00e9  int\u00e9rieure,  notamment  son article  L. 613-2  ;\nVu le code des transports,  notamment  ses articles  L. 2251-9,  R. *2250-2  et R. 2251-49  \u00e0 R.\n2251-52  ;\nVu le d\u00e9cret  n\u00b02004-374  du 29 avril 2004 modifi\u00e9  relatif  aux pouvoirs  des pr\u00e9fets,  \u00e0\nl'organisation  et \u00e0 l'action  des services  de l'Etat  dans les r\u00e9gions  et d\u00e9partements  ;\nVu l'arr\u00eat\u00e9  du 28 septembre  2016 relatif  \u00e0 la formation  des agents  des services  internes  de\ns\u00e9curit\u00e9  de la SNCF  et de la RATP;\nVu la saisine  en date du 11 septembre  2024 de la direction  de la s\u00fbret\u00e9  de la R\u00e9gie Autonome\ndes Transports  Parisiens  (RATP);\nConsid\u00e9rant  que, en application  l'article  R. 2251-52  du code des transports,  les agents  du\nservice  interne  de s\u00e9curit\u00e9  de la R\u00e9gie autonome  des transports  parisiens  (RATP)  agr\u00e9\u00e9s\ndans les conditions  pr\u00e9vues  par l'article  R. *2250-2  du m\u00eame  code ne peuvent  r\u00e9aliser  des\npalpations  de s\u00e9curit\u00e9  dans les gares, stations,  arr\u00eats et v\u00e9hicules  de transports  que dans les\nlimites  de la dur\u00e9e et des lieux ou cat\u00e9gories  de lieux d\u00e9termin\u00e9s  par l'arr\u00eat\u00e9  constatant  les\ncirconstances  particuli\u00e8res  li\u00e9es \u00e0 l'existence  de menaces  graves  pour la s\u00e9curit\u00e9  publique\nmentionn\u00e9es  \u00e0 l'article  L. 613-2 du code de la s\u00e9curit\u00e9  int\u00e9rieure  ; que cet arr\u00eat\u00e9 est pris\npour les transports  en commun  de voyageurs  de la r\u00e9gion  d'Ile-de-France  par le pr\u00e9fet  de\npolice  ;\nConsid\u00e9rant  que le plan VIGIPIRATE  au niveau  \u00aburgence  attentat  \u00bb est en vigueur  sur\nl'ensemble  du territoire  national  et dans les transports  publics  depuis  le 24 mars 2024;\nConsid\u00e9rant  que certaines  stations,  gares et arr\u00eats du r\u00e9seau  de la RATP desservent  des\nlieux particuli\u00e8rement  expos\u00e9s  \u00e0 des risques  de vol et divers  trafics;  que des mesures\ndoivent  \u00eatre prises  pour lutter  contre  ces ph\u00e9nom\u00e8nes  ;\nConsid\u00e9rant  que cette situation  caract\u00e9rise  les circonstances  particuli\u00e8res  li\u00e9es \u00e0 l'existence\nde menaces  graves  pour la s\u00e9curit\u00e9  publique  mentionn\u00e9es  \u00e0 l'article  L. 613-2 du code de la\ns\u00e9curit\u00e9  int\u00e9rieure  ; |\nConsid\u00e9rant  que les forces  de s\u00e9curit\u00e9  int\u00e9rieure,  fortement  mobilis\u00e9es  pour assurer  la\ns\u00e9curisation  g\u00e9n\u00e9rale  de la r\u00e9gion  d'Ile-de-France  dans un contexte  de menace  terroriste\nparticuli\u00e8rement  \u00e9lev\u00e9, ne sauraient  assurer  seules les contr\u00f4les  sp\u00e9cifiques  n\u00e9cessaires  \u00e0 la\n\ns\u00e9curit\u00e9  des  usagers  de la RATP,  qui rel\u00e8ve  au premier  chef  de la responsabilit\u00e9  de\nl'exploitant  ;\nConsid\u00e9rant  qu'il  appartient  \u00e0 l'autorit\u00e9  de police  comp\u00e9tente  de prendre  les mesures\nadapt\u00e9es,  n\u00e9cessaires  et proportionn\u00e9es  visant  \u00e0 garantir  la s\u00e9curit\u00e9  des  personnes  et des\nbiens  ; qu'une  mesure  autorisant  les agents  agr\u00e9\u00e9s  du service  interne  de s\u00e9curit\u00e9  de la RATP\n\u00e0 proc\u00e9der  \u00e0 des  palpations  de s\u00e9curit\u00e9  dans  certaines  stations,  gares  et arr\u00eats  du r\u00e9seau,\nainsi  que  dans  les v\u00e9hicules  de transport  les desservant,  du mardi  1\u00b0' octobre  2024  au mardi\n31 d\u00e9cembre  2024  inclus  r\u00e9pond  \u00e0 ces  objectifs  ;\nARR\u00caTE\nArticle  1\u00b0'  - Les agents  du service  interne  de s\u00e9curit\u00e9  de la R\u00e9gie  Autonome  des  Transports\nParisiens,  agr\u00e9\u00e9s  dans  les conditions  pr\u00e9vues  par  l'article  R. *2250-2  du code  des  transports,\npeuvent  proc\u00e9der,  outre  \u00e0 l'inspection  visuelle  des  bagages  \u00e0 main  et, avec  le consentement\nde leur  propri\u00e9taire,  \u00e0 leur  fouille,  \u00e0 des  palpations  de s\u00e9curit\u00e9,  du mardi  1\u00b0 octobre  2024\nau mardi  31 d\u00e9cembre  2024,  dans  les stations,  gares  et arr\u00eats  de bus  suivants  et dans  les\nv\u00e9hicules  de transport  les desservant,  de leur  ouverture  \u00e0 leur  fermeture  :\nLignes  du r\u00e9seau  m\u00e9tropolitain  :\n- Ligne  1, entre  les stations  La D\u00e9fense  et Ch\u00e2teau  de Vincennes  incluses,  y compris  les\nlignes  en correspondance  ;\n- Ligne  2, entre  les stations  Nation  et Porte  Dauphine  incluses,  y compris  les lignes  en\ncorrespondance  ;\n- Ligne  3, entre  les stations  Pont  de Levallois  - B\u00e9con  et Gallieni  incluses,  y compris  les\nlignes  en correspondance  ;\n- Ligne  3 bis,  entre  les stations  Porte  des  Lilas  et Gambetta  incluses,  y compris  les lignes\nen correspondance  ;\n- Ligne  4, entre  les stations  Porte  de Clignancourt  et Bagneux  - Lucie  Aubrac  incluses,  y\ncompris  les lignes  en correspondance  ;\n- Ligne  5, entre  les stations  Bobigny  - Pablo  Picasso  et Place  d'Italie  incluses,  y compris  les\nlignes  en correspondance  ;\n- Ligne  6, entre  les stations  Charles  de Gaulle  - Etoile  et Nation  incluses,  y compris  les\nlignes  en correspondance  ;\n- Ligne  7, entre  les stations  La Courneuve  - 8 mai  1945  et Villejuif  - Louis  Aragon  incluses\net entre  les stations  Porte  d'Italie  et Mairie  d'Ivry  incluses,  y compris  les lignes  en\ncorrespondance  ;\n- Ligne  7 bis,  entre  les stations  Louis  Blanc  et Pr\u00e9-Saint-Gervais  incluses  ;\n- Ligne  8, entre  les stations  Balard  et Cr\u00e9teil  - Pointe  du Lac  incluses,  y compris  les lignes\nen correspondance  ;\n- Ligne  9, entre  les stations  Pont  de S\u00e8vres  et Mairie  de Montreuil  incluses,  y compris  les\nlignes  en correspondance  ;\n- Ligne  10, entre  les stations  Gare  d'Austerlitz  et Boulogne  - Pont  de Saint-Cloud  incluses,\ny compris  les lignes  en correspondance  ;\n- Ligne  11, entre  les stations  Rosny  Bois  Perrier  et Ch\u00e2telet  incluses,  y compris  les lignes  en\ncorrespondance  ;\n2024-01411\n\nLigne  12, entre  les stations  Mairie  d'Aubervilliers  et Mairie  d'Issy  incluses,  y compris  les\nlignes  en correspondance  ;\nLigne  13, entre  les stations  Brochant  et Asni\u00e9res-Gennevilliers  - les Courtilles  incluses  et\nentre  les stations  Chatillon  - Montrouge  et Saint-Denis  - Universit\u00e9  incluses,  y compris\nles lignes  en correspondance  ;\nLigne  14, entre  les stations  Saint-Denis  Pleyel  et A\u00e9roport  d'Orly  incluses,  y compris  les\nlignes  en correspondance.\nLignes  du r\u00e9seau  express  r\u00e9gional  :\nLigne  A du RER,  entre  les gares  de Saint-Germain-en-Laye  et de Marne-la-Vall\u00e9e  - Chessy\nincluses  et entre  les gares  de Fontenay-sous-Bois  et de Boissy-Saint-L\u00e9ger  incluses,  y\ncompris  les lignes  en correspondance  ;\nLigne  B du RER,  entre  les gares  de Saint-R\u00e9my-l\u00e9s-Chevreuse  et Gare  du Nord  incluses  et\nentre  les gares  de Sceaux  et de Robinson  incluses,  y compris  les lignes  en\ncorrespondance.\nLignes  de tramways  :\nLigne  T1, entre  les stations  Asni\u00e8res  - Quatre  routes  et Gare  de Noisy-le-Sec  incluses,  y\ncompris  les lignes  en correspondance  ;\nLigne  T2,  entre  les stations  Pont  de Bezons  et Porte  de Versailles  incluses  y compris  les\nlignes  en correspondance  ;\nLigne  T3A,  entre  les stations  Porte  de Vincennes  et Pont  du Garigliano  incluses,  y\ncompris  les lignes  en correspondance  ;\nLigne  T3B,  entre  les stations  Porte  Dauphine  et Porte  de Vincennes  incluses,  y compris\nles lignes  en correspondance  ;\nLigne  T5,  entre  les stations  March\u00e9  de Saint-Denis  et Garges  - Sarcelles  incluses,  y\ncompris  les lignes  en correspondance  ;\nLigne  T6, entre  les stations  Viroflay  - Rive-Droite  et Chatillon  - Montrouge  incluses,  y\ncompris  les lignes  en correspondance  ;\nLigne  T7, entre  les stations  Villejuif  Louis  Aragon  et Athis-Mons  Porte  de I'Essonne\nincluses,  y compris  les lignes  en correspondance  ;\nLigne  T8,  entre  les stations  Epinay  Orgemont  et Saint-Denis  Porte  de Paris  et entre  les\nstations  Delaunay-Belleville  et Villetaneuse  Universit\u00e9  incluses,  y compris  les lignes  en\ncorrespondance.\nLignes  de bus:\nBus  TVM,  de l'arr\u00eat  Antony  - La Croix  de Berny  RER  \u00e0 l'arr\u00eat  Saint-Maur  Cr\u00e9teil  RER  sur\nl'ensemble  de la ligne  ;\nBus  Ligne  234,  de l'arr\u00eat  Cimeti\u00e8re  \u00e0 l'arr\u00eat  Bobigny  \u2014 Pablo  Picasso  sur l'ensemble  de la\nligne  ;\nBus  NOT,  de l'arr\u00eat  Rond-point  des  Champs-Elys\u00e9es  - Matignon  \u00e0 l'arr\u00eat  Palais  de la\nd\u00e9couverte  sur l'ensemble  de la ligne  ;\nBus  NO2,  de l'arr\u00eat  Rond-point  des  Champs-Elys\u00e9es  - Franklin  D. Roosevelt  \u00e0 l'arr\u00eat  La\nBo\u00e9tie  \u2014 Percier  sur l'ensemble  de la ligne  ;1\n2024-01411\n\nBus  N11,  de l'arr\u00eat  Pont  de Neuilly  \u00e0 l'arr\u00eat  Ch\u00e2teau  de Vincennes  sur l'ensemble  de la\nligne  ;\nBus  N12,  de l'arr\u00eat  Pont  de S\u00e8vres  \u00e0 l'arr\u00eat  Romainville-Carnot  sur l'ensemble  de la\nligne  ;\nBus  N13,  de l'arr\u00eat  Mairie  d'Issy  \u00e0 l'arr\u00eat  Bobigny  - Pablo  Picasso  sur l'ensemble  de la\nligne  ;\nBus  N14,  de l'arr\u00eat  Mairie  de Saint-Ouen  - R\u00e9publique  \u00e0 l'arr\u00eat  La Croix  de Berny  RER  sur\nl'ensemble  de la ligne  ;\nBus  N15,  de l'arr\u00eat  Gabriel  P\u00e9ri-M\u00e9tro  \u00e0 l'arr\u00eat  Villejuif  - Louis  Aragon  sur l'ensemble  de\nla ligne  ;\nBus  N16,  de l'arr\u00eat  Pont  de Levallois  \u00e0 l'arr\u00eat  Mairie  de Montreuil  - Rouget  de Lisle  sur\nl'ensemble  de la ligne  ;\nBus  N21,  de l'arr\u00eat  Ch\u00e2telet  \u00e0 l'arr\u00eat  H\u00f4pital  de Longjumeau  sur l'ensemble  de la ligne  ;\nBus  N22,  de l'arr\u00eat  Ch\u00e2telet  \u00e0 l'arr\u00eat  Juvisy-sur-Orge  sur l'ensemble  de la ligne  ;\nBus  N23,  de l'arr\u00eat  Ch\u00e2telet  \u00e0 l'arr\u00eat  Chelles-Gournay  sur l'ensemble  de la ligne  ;\nBus  N24,  de l'arr\u00eat  Ch\u00e2telet  \u00e0 l'arr\u00eat  Sartrouville  RER  sur l'ensemble  de la ligne  ;\nBus  N31,  de l'arr\u00eat  Gare  de Lyon  \u00e0 l'arr\u00eat  A\u00e9roport  d'Orly  4 sur l'ensemble  de la ligne  ;\nBus  N32,  de l'arr\u00eat  Gare  de Lyon  - Diderot  \u00e0 l'arr\u00eat  Boissy  Saint-L\u00e9ger  RER  sur l'ensemble\nde la ligne  ;\nBus  N33,  de l'arr\u00eat  Gare  de Lyon  - Maison  de la RATP  \u00e0 l'arr\u00eat  Villiers-sur-Marne  - Le\nPlessis-Tr\u00e9vise  RER  sur l'ensemble  de la ligne  ;\nBus  N34,  de l'arr\u00eat  Gare  de Lyon  - Diderot  \u00e0 l'arr\u00eat  Torcy  RER  sur l'ensemble  de la ligne  ;\nBus N35, de l'arr\u00eat  Gare de Lyon - Diderot  \u00e0 l'arr\u00eat  Villiers-sur-Marne  \u2014 Le Plessis-Tr\u00e9vise\nRER  sur l'ensemble  de la ligne  ;\nBus  N41,  de l'arr\u00eat  Gare  de l'Est  \u00e0 l'arr\u00eat  Villeparisis  \u2014 Mitry-le-Neuf  RER  sur l'ensemble\nde la ligne  ;\nBus  N42,  de l'arr\u00eat  Gare  de l'Est  \u00e0 l'arr\u00eat  Aulnay-sous-Bois  - Garonor  sur l'ensemble  de\nla ligne  ;\nBus  N43,  de l'arr\u00eat  Gare  de l'Est  \u00e0 l'arr\u00eat  Gare  de Sarcelles  - Saint-Brice  sur l'ensemble\nde la ligne  ;\nBus  N44,  de l'arr\u00eat  Gare  de l'Est  \u00e0 l'arr\u00eat  Garges-Sarcelles  RER  sur l'ensemble  de la ligne  ;1\nBus  N45,  de l'arr\u00eat  Gare  de l'Est  \u00e0 l'arr\u00eat  H\u00f4pital  de Montfermeil  sur l'ensemble  de la\nligne  ;\nBus  N51,  de l'arr\u00eat  Gare  Saint-Lazare  \u00e0 l'arr\u00eat  Gare  d'Enghien  sur l'ensemble  de la ligne  ;'\nBus  N52,  de l'arr\u00eat  Gare  Saint-Lazare  \u00e0 l'arr\u00eat  Gare  de Cormeilles-en-Parisis  sur\nl'ensemble  de la ligne  ;\nBus  N53,  de l'arr\u00eat  Gare  Saint-Lazare  \u00e0 l'arr\u00eat  Nanterre  \u2014 Anatole  France  sur l'ensemble\nde la ligne  ;\nBus  N61,  de l'arr\u00eat  Gare  Montparnasse  \u00e0 l'arr\u00eat  Clamart  - Georges  Pompidou  sur\nl'ensemble  de la ligne  ;\nBus  N62,  de l'arr\u00eat  Gare  Montparnasse  \u00e0 l'arr\u00eat  March\u00e9  international  de Rungis  sur\nl'ensemble  de la ligne  ;\n2024-01411\n\n- Bus  N63,  de l'arr\u00e9t  Gare  Montparnasse  \u00e0 l'arr\u00eat  Polytechnique  Vauve  sur l'ensemble  de\nla ligne  ;\n- Bus  N66,  de l'arr\u00eat  Gare  Montparnasse  \u00e0 l'arr\u00eat  Gare  de Chaville  - Rive  droite  sur\nl'ensemble  de la ligne  ;\n- Bus  N71,  de l'arr\u00eat  March\u00e9  international  de Rungis  \u00e0 l'arr\u00eat  Val de Fontenay  RER  sur\nl'ensemble  de la ligne  ;\n- Bus  N122,  de l'arr\u00eat  Ch\u00e2telet  \u00e0 l'arr\u00eat  Saint-R\u00e9my-l\u00e8s-Chevreuse  RER  sur l'ensemble  de\nla ligne  ;\n- Bus  N153,  de l'arr\u00eat  Gare  Saint-Lazare  \u00e0 l'arr\u00eat  Saint-Germain-en-Laye  RER  sur l'ensemble\nde la ligne.\nArticle  2 -\u2014 Le pr\u00e9fet  de la Seine-et-Marne,  le pr\u00e9fet  des  Yvelines,  la pr\u00e9f\u00e8te  de l'Essonne,  le\npr\u00e9fet  des  Hauts-de-Seine,  le pr\u00e9fet  de la Seine-Saint-Denis,  la pr\u00e9f\u00e8te  du Val-de-Marne,  le\npr\u00e9fet  du Val-d'Oise,  la pr\u00e9f\u00e8te,  directrice  de cabinet  du pr\u00e9fet  de police,  la directrice  de la\ns\u00e9curit\u00e9  de proximit\u00e9  de l'agglom\u00e9ration  parisienne  et le pr\u00e9sident-directeur  de la R\u00e9gie\nautonome  des  transports  parisiens  sont  charg\u00e9s,  chacun  en ce qui  le concerne,  de\nl'ex\u00e9cution  du pr\u00e9sent  arr\u00eat\u00e9,  qui sera  publi\u00e9  aux  recueils  des  actes  administratifs  du\nd\u00e9partement  de Paris  et des  pr\u00e9fectures  de la Seine-et-Marne,  des  Yvelines,  de l'Essonne,  des\nHauts-de-Seine,  de la Seine-Saint-Denis,  du Val-de-Marne,  et du Val-d'Oise,  et consultable  sur le\nsite  internet  de la pr\u00e9fecture  de police  (https://www.prefecturedepolice.interieur.gouv.fr).\nFait \u00e0 Paris,  le? 6 SEP.  2024\n\"Laurent  NUNEZ\n2024-01411\n\ndu 26 SEP, 2924 Annexe  de l'arr\u00eat\u00e9  n\u00b0\n2024-01411\nVOIES  ET DELAIS  DE RECOURS\nSi vous  estimez  devoir  contester  le pr\u00e9sent  arr\u00e9t\u00e9,  il vous  est possible,  dans  un\nd\u00e9lai  de deux  mois  a compter  de la date  de sa publication  au recueil  des  actes\nadministratifs  du d\u00e9partement  de Paris  :\n- soit  de saisir  d'un  RECOURS  GRACIEUX\nle Pr\u00e9fet  de Police\n7/9,  boulevard  du Palais  - 75195  PARIS  RP\n- ou de former  un RECOURS  HIERARCHIQUE\naupr\u00e8s  du Ministre  de l'int\u00e9rieur\nDirection  des  libert\u00e9s  publiques  et des  affaires  juridiques\nplace  Beauvau  - 75008  PARIS\n- soit  de saisir  d'un  RECOURS  CONTENTIEUX\nle Tribunal  administratif  comp\u00e9tent\nAucune  de ces  voies  et recours  ne suspend  I'application  de la pr\u00e9sente  d\u00e9cision.\nLes  recours  GRACIEUX  et HIERARCHIQUE  doivent  \u00eatre  \u00e9crits,  exposer  les\narguments  ou faits  nouveaux  et comprendre  la copie  de l'arr\u00eat\u00e9  contest\u00e9.\nLe recours  CONTENTIEUX,  qui  vise  \u00e0 contester  la LEGALITE  de la pr\u00e9sente\nd\u00e9cision,  doit  \u00e9galement  \u00eatre  \u00e9crit  et exposer  votre  argumentation  juridique.\nSi vous  n'aviez  pas  de r\u00e9ponse  \u00e0 votre  recours  GRACIEUX  ou HIERARCHIQUE\ndans  un d\u00e9lai  de deux  mois  \u00e0 compter  de la r\u00e9ception  de votre  recours  par  l'administration,\nvotre  demande  devra  \u00eatre  consid\u00e9r\u00e9e  comme  rejet\u00e9e  (d\u00e9cision  implicite  de rejet).\nEn cas  de rejet  des  recours  GRACIEUX  ou HIERARCHIQUE,  le Tribunal\nadministratif  peut  \u00eatre  saisi  d'un  recours  contentieux  dans  le d\u00e9lai  de deux  mois  \u00e0 compter\nde la date  de la d\u00e9cision  de rejet.\n\nEs\nPREFECTURE  aP\nDE POLICE  a\nLA CABINET  DU  PREFET\n\u00c9galit\u00e9\nFraternit\u00e9\namsn  72024-01414\nautorisant  les agents  agr\u00e9\u00e9s  du service  interne  de s\u00e9curit\u00e9  de la SNCF  \u00e0 proc\u00e9der  \u00e0\ndes  palpations  de s\u00e9curit\u00e9  dans  les gares  de la ligne  C du r\u00e9seau  Transilien  du\nmardi  1* octobre  2024  au mardi  31 d\u00e9cembre  2024  inclus\nLe pr\u00e9fet  de police,\nVu le code  des  transports,  notamment  ses articles  L. 2251-9,  R. *2250-2  et R. 2251-49  aR.\n2251-52;\nVu le code  de la s\u00e9curit\u00e9  int\u00e9rieure,  notamment  son  article  L. 613-2  ;\nVu le d\u00e9cret  n\u00b0 2004-374  du 29 avril  2004  modifi\u00e9  relatif  aux  pouvoirs  des  pr\u00e9fets,  a\nl'organisation  et \u00e0 l'action  des  services  de l'Etat  dans  les r\u00e9gions  et d\u00e9partements  ;\nVu l'arr\u00eat\u00e9  du 28 septembre  2016  relatif  \u00e0 la formation  des  agents  des  services  internes  de\ns\u00e9curit\u00e9  de la SNCF  et de la RATP  ;\nVu la saisine  en date  du 12 septembre  2024  de la direction  de la s\u00fbret\u00e9  ferroviaire  de la\nSoci\u00e9t\u00e9  nationale  des  chemins  de fer fran\u00e7ais  (SNCF)  ;\nConsid\u00e9rant  que,  en application  de l'article  R. 2251-52  du code  des  transports,  les agents\ndu service  interne  de s\u00e9curit\u00e9  de la Soci\u00e9t\u00e9  nationale  des  chemins  de fer fran\u00e7ais,  dans  les\nconditions  pr\u00e9vues  par  l'article  R. *2250-2  du m\u00eame  code,  ne peuvent  r\u00e9aliser  des\npalpations  de s\u00e9curit\u00e9  dans  les gares,  stations,  arr\u00eats  et v\u00e9hicules  de transports  que  dans  les\nlimites  de la dur\u00e9e  et des  lieux  ou cat\u00e9gories  de lieux  d\u00e9termin\u00e9s  par  l'arr\u00eat\u00e9  constatant  les\ncirconstances  particuli\u00e8res  li\u00e9es  \u00e0 l'existence  de menaces  graves  pour  la s\u00e9curit\u00e9  publique\nmentionn\u00e9es  \u00e0 l'article  L. 613-2  du code  de la s\u00e9curit\u00e9  int\u00e9rieure  ; que  cet  arr\u00eat\u00e9  est pris\npour  les transports  en commun  de voyageurs  par  voie  ferr\u00e9e  de la r\u00e9gion  d'Ile-de-France\npar  le pr\u00e9fet  de police  ;\nConsid\u00e9rant  que  le plan  VIGIPIRATE  au niveau  \u00aburgence  attentat  \u00bb est en vigueur  sur\nl'ensemble  du territoire  national  et dans  les transports  publics  depuis  le 24 mars  2024;\nConsid\u00e9rant  par  ailleurs  que  plusieurs  gares  de la ligne  C du r\u00e9seau  Transilien  situ\u00e9es  sur le\nterritoire  de la r\u00e9gion  Ile-de-France  connaissent  toujours  d'importantes  violences  entre  les\npersonnes,  notamment  des  rixes  entre  bandes  ainsi  que  des  ports  d'armes  prohib\u00e9es  \u00e0\nl'int\u00e9rieur  des  installations  ferroviaires  ; que  ces  faits  repr\u00e9sentent  un danger  important\npour  les usagers  ; que  des  mesures  doivent  \u00eatre  prises  pour  lutter  contre  ces  ph\u00e9nom\u00e8nes  ;\nConsid\u00e9rant  que  cette  situation  caract\u00e9rise  les circonstances  particuli\u00e8res  li\u00e9es  \u00e0 l'existence\nde menaces  graves  pour  la s\u00e9curit\u00e9  publique  mentionn\u00e9es  \u00e0 l'article  L.613-2  du code  de la\ns\u00e9curit\u00e9  int\u00e9rieure  ;\nConsid\u00e9rant  en outre  que  les forces  de s\u00e9curit\u00e9  int\u00e9rieure,  fortement  mobilis\u00e9es  pour\nassurer  la s\u00e9curisation  g\u00e9n\u00e9rale  de la r\u00e9gion  d'Ile-de-France  dans  un contexte  de menace\nterroriste  particuli\u00e8rement  \u00e9lev\u00e9,  ne sauraient  assurer  seules  les contr\u00f4les  sp\u00e9cifiques\nn\u00e9cessaires  \u00e0 la s\u00e9curit\u00e9  des  usagers  de la Soci\u00e9t\u00e9  nationale  des  chemins  de fer fran\u00e7ais\n(SNCF),  qui rel\u00e8ve  au premier  chef  de la responsabilit\u00e9  de l'exploitant  ;\n\nConsid\u00e9rant  ainsi  qu'il  appartient  \u00e0 l'autorit\u00e9  de police  comp\u00e9tente  de prendre  les mesures\nadapt\u00e9es,  n\u00e9cessaires  et proportionn\u00e9es  visant  \u00e0 garantir  la s\u00e9curit\u00e9  des  personnes  et des\nbiens  ; qu'une  mesure  autorisant  les agents  agr\u00e9\u00e9s  du service  interne  de s\u00e9curit\u00e9  de la SNCF\n\u00e0 proc\u00e9der  \u00e0 des  palpations  de s\u00e9curit\u00e9  dans  certaines  gares  de la ligne  C du r\u00e9seau\nTransilien  situ\u00e9es  sur le territoire  de la r\u00e9gion  Ile-de-France  du mardi  1\u00b0 octobre  2024  au\nmardi  31 d\u00e9cembre  2024  inclus  r\u00e9pond  \u00e0 ces  objectifs  ;\nARR\u00caTE\nArticle  1\u00b0  - Les agents  du service  interne  de s\u00e9curit\u00e9  de la Soci\u00e9t\u00e9  nationale  des  chemins  de\nfer fran\u00e7ais,  agr\u00e9\u00e9s  dans  les conditions  pr\u00e9vues  par  l'article  R. *2250-2  du code  des\ntransports,  peuvent  proc\u00e9der,  outre  \u00e0 l'inspection  visuelle  des  bagages  \u00e0 main  et, avec  le\nconsentement  de leur  propri\u00e9taire,  \u00e0 leur  fouille,  \u00e0 des  palpations,  du mardi  1\u00b0 octobre  2024\nau mardi  31 d\u00e9cembre  2024  inclus,  dans  l'enceinte  de toutes  les gares  de la ligne  C du r\u00e9seau\nTransilien  situ\u00e9es  sur le territoire  de la r\u00e9gion  Ile-de-France  et dans  les v\u00e9hicules  les\ndesservant,  de leur  ouverture  \u00e0 leur  fermeture.\nArticle  2 - Le pr\u00e9fet  des  Yvelines,  la pr\u00e9f\u00e8te  de l'Essonne,  le pr\u00e9fet  des  Hauts-de-Seine,  la\npr\u00e9f\u00e8te  du Val-de-Marne,  le pr\u00e9fet  de la Seine-Saint-Denis,  la pr\u00e9f\u00e8te,  directrice  de cabinet\ndu pr\u00e9fet  de police,  la directrice  de la s\u00e9curit\u00e9  de proximit\u00e9  de l'agglom\u00e9ration  parisienne\net le pr\u00e9sident  de la Soci\u00e9t\u00e9  nationale  des  chemins  de fer fran\u00e7ais  sont  charg\u00e9s,  chacun  en\nce qui  le concerne,  de l'ex\u00e9cution  du pr\u00e9sent  arr\u00eat\u00e9,  qui sera  publi\u00e9  aux  recueils  des  actes\nadministratifs  du d\u00e9partement  de Paris  et des  pr\u00e9fectures  des  Yvelines,  de l'Essonne,  des\nHauts-de-Seine,  du Val-de-Marne  et de la Seine-Saint-Denis,  et consultable  sur le site  internet\nde la pr\u00e9fecture  de police  (https://www.pref  Ir lice.interieur.gouv.fr).\nFait \u00e0 Paris,le  9 \u00a2 SEP. 2074 \n:\nLaurent  NUNEZ\n2024-01414  2\n\nAnnexe  de l'arr\u00eat\u00e9  n\u00b0 2024-01414  du 26 ser. 2024\nVOIES  ET DELAIS  DE RECOURS\nSi vous  estimez  devoir  contester  le pr\u00e9sent  arr\u00e9t\u00e9,  il vous  est possible,  dans  un\nd\u00e9lai  de deux  mois  \u00e0 compter  de la date  de sa publication  au recueil  des  actes  administratifs\ndu d\u00e9partement  de Paris  :\n- soit  de saisir  d'un  RECOURS  GRACIEUX\nle Pr\u00e9fet  de Police\n719,  boulevard  du Palais  - 75195  PARIS  RP\n- ou de former  un RECOURS  HIERARCHIQUE\naupr\u00e8s  du Ministre  de l'int\u00e9rieur\nDirection  des  libert\u00e9s  publiques  et des  affaires  juridiques\nplace  Beauvau  - 75008  PARIS\n- soit  de saisir  d'un  RECOURS  CONTENTIEUX\nle Tribunal  administratif  comp\u00e9tent\nAucune  de ces voies  et recours  ne suspend  l'application  de la pr\u00e9sente  d\u00e9cision.\nLes recours  GRACIEUX  et HIERARCHIQUE  doivent  \u00eatre  \u00e9crits,  exposer  les\narguments  ou faits  nouveaux  et comprendre  la copie  de l'arr\u00eat\u00e9  contest\u00e9.\nLe recours  CONTENTIEUX,  qui  vise  \u00e0 contester  la LEGALITE  de la pr\u00e9sente\nd\u00e9cision,  doit  \u00e9galement  \u00eatre  \u00e9crit  et exposer  votre  argumentation  juridique.\nSi vous  n'aviez  pas  de r\u00e9ponse  \u00e0 votre  recours  GRACIEUX  ou HIERARCHIQUE\ndans  un d\u00e9lai  de deux  mois  \u00e0 compter  de la r\u00e9ception  de votre  recours  par  l'administration,\nvotre  demande  devra  \u00eatre  consid\u00e9r\u00e9e  comme  rejet\u00e9e  (d\u00e9cision  implicite  de rejet).\nEn cas  de rejet  des  recours  GRACIEUX  ou HIERARCHIQUE,  le Tribunal\nadministratif  peut  \u00eatre  saisi  d'un  recours  contentieux  dans  le d\u00e9lai  de deux  mois  \u00e0 compter\nde la date  de la d\u00e9cision  de rejet.\n\nEu\nPREFECTURE  ap\nDE POLICE  U CABINET  DU PREFET\nLibert\u00e9\n\u00c9galit\u00e9\nFraternit\u00e9\nArr\u00eat\u00e9  n\u00b0 2024-01417\nautorisant  les agents  agr\u00e9\u00e9s  du service  interne  de s\u00e9curit\u00e9  de la SNCF  \u00e0 proc\u00e9der  \u00e0\ndes  palpations  de s\u00e9curit\u00e9  dans  certaines  gares  de la ligne  N du r\u00e9seau  Transilien\ndu mardi  1\u00b0 octobre  2024  au mardi  31 d\u00e9cembre  2024  inclus\nLe pr\u00e9fet  de police,\nVu le code  des  transports,  notamment  ses articles  L. 2251-9,  R. *2250-2  et R. 2251-49  a R.\n2251-52;\nVu le code  de la s\u00e9curit\u00e9  int\u00e9rieure,  notamment  son  article  L. 613-2  ;\nVu le d\u00e9cret  n\u00b0 2004-374  du 29 avril  2004  modifi\u00e9  relatif  aux  pouvoirs  des  pr\u00e9fets,  \u00e0\nl'organisation  et \u00e0 l'action  des  services  de l'Etat  dans  les r\u00e9gions  et d\u00e9partements  ;\nVu l'arr\u00eat\u00e9  du 28 septembre  2016  relatif  \u00e0 la formation  des  agents  des  services  internes  de\ns\u00e9curit\u00e9  de la SNCF  et de la RATP;\nVu la saisine  en date  du 12 septembre  2024  de la direction  de la s\u00fbret\u00e9  ferroviaire  de la\nSoci\u00e9t\u00e9  nationale  des  chemins  de fer fran\u00e7ais  (SNCF);\nConsid\u00e9rant  que,  en application  de l'article  R. 2251-52  du code  des  transports,  les agents\ndu service  interne  de s\u00e9curit\u00e9  de la Soci\u00e9t\u00e9  nationale  des  chemins  de fer fran\u00e7ais,  dans  les\nconditions  pr\u00e9vues  par  l'article  R. *2250-2  du m\u00eame  code,  ne peuvent  r\u00e9aliser  des\npalpations  de s\u00e9curit\u00e9  dans  les gares,  stations,  arr\u00eats  et v\u00e9hicules  de transports  que  dans  les\nlimites  de la dur\u00e9e  et des  lieux  ou cat\u00e9gories  de lieux  d\u00e9termin\u00e9s  par l'arr\u00eat\u00e9  constatant  les\ncirconstances  particuli\u00e8res  li\u00e9es  \u00e0 l'existence  de menaces  graves  pour  la s\u00e9curit\u00e9  publique\nmentionn\u00e9es  \u00e0 l'article  L. 613-2  du code  de la s\u00e9curit\u00e9  int\u00e9rieure  ; que  cet  arr\u00eat\u00e9  est pris\npour  les transports  en commun  de voyageurs  par voie  ferr\u00e9e  de la r\u00e9gion  d'Ile-de-France\npar  le pr\u00e9fet  de police  ;\nConsid\u00e9rant  que  le plan  VIGIPIRATE  au niveau  \u00ab urgence  attentat  \u00bb est en vigueur  sur\nl'ensemble  du territoire  national  et dans  les transports  publics  depuis  le 24 mars  2024;\nConsid\u00e9rant  par  ailleurs  que  les gares  de la ligne  N du r\u00e9seau  Transilien  situ\u00e9es  sur le\nterritoire  de la r\u00e9gion  Ile-de-France  connaissent  toujours  d'importantes  violences  entre  les\npersonnes,  notamment  des  rixes  entre  bandes  ainsi  que  des  ports  d'armes  prohib\u00e9es  a\nl'int\u00e9rieur  des  installations  ferroviaires  ; que  ces faits  repr\u00e9sentent  un danger  important\npour  les usagers  ; que  des  mesures  doivent  \u00eatre  prises  pour  lutter  contre  ces ph\u00e9nom\u00e8nes  ;\nConsid\u00e9rant  que  cette  situation  caract\u00e9rise  les circonstances  particuli\u00e8res  li\u00e9es  \u00e0 l'existence\nde menaces  graves  pour  la s\u00e9curit\u00e9  publique  mentionn\u00e9es  \u00e0 l'article  L.613-2  du code  de la\ns\u00e9curit\u00e9  int\u00e9rieure  ;\nConsid\u00e9rant  en outre  que  les forces  de s\u00e9curit\u00e9  int\u00e9rieure,  fortement  mobilis\u00e9es  pour\nassurer  la s\u00e9curisation  g\u00e9n\u00e9rale  de la r\u00e9gion  d'Ile-de-France  dans  un contexte  de menace\nterroriste  particuli\u00e8rement  \u00e9lev\u00e9,  ne sauraient  assurer  seules  les contr\u00f4les  sp\u00e9cifiques\nn\u00e9cessaires  \u00e0 la s\u00e9curit\u00e9  des usagers  de la SNCF,  qui rel\u00e8ve  au premier  chef  de la\nresponsabilit\u00e9  de l'exploitant  ;\n\nConsid\u00e9rant  ainsi  qu'il  appartient  \u00e0 l'autorit\u00e9  de police  comp\u00e9tente  de prendre  les mesures\nadapt\u00e9es,  n\u00e9cessaires  et proportionn\u00e9es  visant  \u00e0 garantir  la s\u00e9curit\u00e9  des  personnes  et des\nbiens  ; qu'une  mesure  autorisant  les agents  agr\u00e9\u00e9s  du service  interne  de s\u00e9curit\u00e9  de la SNCF\n\u00e0 proc\u00e9der  \u00e0 des  palpations  de s\u00e9curit\u00e9  dans  certaines  gares  de la ligne  N du r\u00e9seau\nTransilien  situ\u00e9es  sur le territoire  de la r\u00e9gion  Ile-de-France  du mardi  1\u00b0 octobre  2024  au\nmardi  31 d\u00e9cembre  2024  inclus  r\u00e9pond  \u00e0 ces  objectifs  ;\nARR\u00caTE\nArticle  1\u00b0 ~ Les agents  du service  interne  de s\u00e9curit\u00e9  de la Soci\u00e9t\u00e9  nationale  des  chemins  de\nfer fran\u00e7ais,  agr\u00e9\u00e9s  dans  les conditions  pr\u00e9vues  par l'article  R. *2250-2  du code  des\ntransports,  peuvent  proc\u00e9der,  outre  \u00e0 l'inspection  visuelle  des  bagages  \u00e0 main  et, avec  le\nconsentement  de leur  propri\u00e9taire,  \u00e0 leur  fouille,  \u00e0 des  palpations,  du mardi  1\u00b0 octobre  2024\nau mardi  31 d\u00e9cembre  2024  inclus,  dans  l'enceinte  des  gares  suivantes  de la ligne  N du r\u00e9seau\nTransilien  situ\u00e9es  sur le territoire  de la r\u00e9gion  Ile-de-France  et dans  les v\u00e9hicules  les\ndesservant,  de leur  ouverture  \u00e0 leur  fermeture  :\n- Vanves  Malakoff;\n- Clamart;\n- Meudon;\n- Bellevue;\n- S\u00e8vres  Rive  Gauche;\n- Chaville  Rive  Gauche.\n- Viroflay  - Rive-Gauche  ;\n- Versailles-Chantiers  ;\n- Saint-Cyr  ;\n- Saint-Quentin-en-Yvelines  ;\n- Trappes  ;\n- La Verri\u00e8re  ;\n- Coigni\u00e9res  ;\n- Les Essarts-le-Roi  ;\n- Le Perray  ;\n- Rambouillet  ;\n- Fontenay-le-Fleury  ;\n- Villepreux  - les-Clayes  ;\n- Plaisir  - les-Clayes\n- Plaisir  - Grignon  ;\n- Villiers  - Neauphle  - Ponchartrain  ;\n- Montfort  l'Amaury  - M\u00e9r\u00e9  ;\n- Garanci\u00e9re  - la Queue\n- Orgerus  - B\u00e9houst  ;\n- Tacoigni\u00e9res  - Richebourg  ;\n2024-01417\n\n- Houdan  ;\n- Beynes  ;\n- Mareil-sur-Mauidre  ;\n- Maule  ;\n- N\u00e9zel-Auinay  ;\n- Ep\u00e9nes  - M\u00e9zi\u00e8res  ;\n- Mantes-la-Jolie.\nArticle  2 \u2014 Le pr\u00e9fet  des  Yvelines,  le pr\u00e9fet  des  Hauts-de-Seine,  la pr\u00e9f\u00e8te,  directrice  de cabinet  du\npr\u00e9fet  de police,  la directrice  de la s\u00e9curit\u00e9  de proximit\u00e9  de l'agglom\u00e9ration  parisienne  et le\npr\u00e9sident  de la Soci\u00e9t\u00e9  nationale  des  chemins  de fer fran\u00e7ais  sont  charg\u00e9s,  chacun  en ce qui le\nconcerne,  de l'ex\u00e9cution  du pr\u00e9sent  arr\u00eat\u00e9,  qui sera  publi\u00e9  aux  recueils  des  actes  administratifs  du\nd\u00e9partement  de Paris  et des  pr\u00e9fectures  des  Hauts-de-Seine  et des  Yvelines  et consultable  sur le\nsite  internet  de la pr\u00e9fecture  de police  (https://www.prefecturedepolice.interieur.gouv.fr).\n\u2014\nFait \u00e0 Paris,  le 25 SEP. 2024 |\nLaurent  NUNEZ\n2024-01417  3\n\nAnnexe  de l'arr\u00eat\u00e9  n\u00b0 2024-01417  du 75 SEP. 2024\nVOIES  ET DELAIS  DE RECOURS\nSi vous  estimez  devoir  contester  le pr\u00e9sent  arr\u00eat\u00e9,  il vous  est possible,  dans  un\nd\u00e9lai  de deux  mois  \u00e0 compter  de la date  de sa publication  au recueil  des  actes  administratifs\ndu d\u00e9partement  de Paris  :\n- soit  de saisir  d'un  RECOURS  GRACIEUX\nle Pr\u00e9fet  de Police\n7/9,  boulevard  du Palais  - 75195  PARIS  RP\n- ou de former  un RECOURS  HIERARCHIQUE\naupr\u00e8s  du Ministre  de l'int\u00e9rieur\nDirection  des  libert\u00e9s  publiques  et des  affaires  juridiques\nplace  Beauvau  - 75008  PARIS\n- soit  de saisir  d'un  RECOURS  CONTENTIEUX\nle Tribunal  administratif  comp\u00e9tent\nAucune  de ces  voies  et recours  ne suspend  l'application  de la pr\u00e9sente  d\u00e9cision.\nLes recours  GRACIEUX  et HIERARCHIQUE  doivent  \u00eatre  \u00e9crits,  exposer  les\narguments  ou faits.  nouveaux  et comprendre  la copie  de l'arr\u00eat\u00e9  contest\u00e9.\nLe recours  CONTENTIEUX,  qui  vise  \u00e0 contester  la LEGALITE  de la pr\u00e9sente\nd\u00e9cision,  doit  \u00e9galement  \u00eatre  \u00e9crit  et exposer  votre  argumentation  juridique.\nSi vous  n'aviez  pas  de r\u00e9ponse  \u00e0 votre  recours  GRACIEUX  ou HIERARCHIQUE\ndans  un d\u00e9lai  de deux  mois  \u00e0 compter  de la r\u00e9ception  de votre  recours  par  l'administration,\nvotre  demande  devra  \u00eatre  consid\u00e9r\u00e9e  comme  rejet\u00e9e  (d\u00e9cision  implicite  de rejet).\nEn cas  de rejet  des  recours  GRACIEUX  ou HIERARCHIQUE,  le Tribunal\nadministratif  peut  \u00eatre  saisi  d'un  recours  contentieux  dans  le d\u00e9lai  de deux  mois  \u00e0 compter\nde la date  de la d\u00e9cision  de rejet.\n\nEu\nPREFECTURE\nDE POLICE  CABINET  DU PREFETLibert\u00e9\n\u00c9galit\u00e9\nFraternit\u00e9\narr\u00eat\u00e9e  2024-01419\nautorisant  les agents  agr\u00e9\u00e9s  du service  interne  de s\u00e9curit\u00e9  de la SNCF  \u00e0 proc\u00e9der  \u00e0\ndes  palpations  de s\u00e9curit\u00e9  dans  les gares  des  lignes  A,  J et L du r\u00e9seau  Transilien\ndu mardi  1* octobre  2024  au mardi  31 d\u00e9cembre  2024  inclus\nLe pr\u00e9fet  de police,\nVu le code  des  transports,  notamment  ses articles  L. 2251-9,  R. *2250-2  et R. 2251-49  aR.\n2251-52;\nVu le code  de la s\u00e9curit\u00e9  int\u00e9rieure,  notamment  son  article  L. 613-2  ;\nVu le d\u00e9cret  n\u00b0 2004-374  du 29 avril  2004  modifi\u00e9  relatif  aux  pouvoirs  des  pr\u00e9fets,  \u00e0\nl'organisation  et \u00e0 l'action  des  services  de l'Etat  dans  les r\u00e9gions  et d\u00e9partements  ;\nVu l'arr\u00eat\u00e9  du 28 septembre  2016  relatif  \u00e0 la formation  des  agents  des  services  internes  de\ns\u00e9curit\u00e9  de la SNCF  et de la RATP;\nVu la saisine  en date  du 12 septembre  2024  de la direction  de la s\u00fbret\u00e9  ferroviaire  de la\nSoci\u00e9t\u00e9  nationale  des  chemins  de fer fran\u00e7ais  (SNCF)  ;\nConsid\u00e9rant  que,  en application  de l'article  R. 2251-52  du code  des  transports,  les agents\ndu service  interne  de s\u00e9curit\u00e9  de la Soci\u00e9t\u00e9  nationale  des  chemins  de fer fran\u00e7ais,  dans  les\nconditions  pr\u00e9vues  par  l'article  R. *2250-2  du m\u00eame  code,  ne peuvent  r\u00e9aliser  des\npalpations  de s\u00e9curit\u00e9  dans  les gares,  stations,  arr\u00eats  et v\u00e9hicules  de transports  que  dans  les\nlimites  de la dur\u00e9e  et des  lieux  ou cat\u00e9gories  de lieux  d\u00e9termin\u00e9s  par  l'arr\u00eat\u00e9  constatant  les\ncirconstances  particuli\u00e8res  li\u00e9es  \u00e0 l'existence  de menaces  graves  pour  la s\u00e9curit\u00e9  publique\nmentionn\u00e9es  \u00e0 l'article  L. 613-2  du code  de la s\u00e9curit\u00e9  int\u00e9rieure  ; que  cet  arr\u00eat\u00e9  est pris\npour  les transports  en commun  de voyageurs  par  voie  ferr\u00e9e  de la r\u00e9gion  d'Ile-de-France\npar  le pr\u00e9fet  de police  ;\nConsid\u00e9rant  que  le plan  VIGIPIRATE  au niveau  \u00aburgence  attentat  \u00bb est en vigueur  sur\nl'ensemble  du territoire  national  et dans  les transports  publics  depuis  le 24 mars  2024;\nConsid\u00e9rant  par  ailleurs  que  plusieurs  gares  des  lignes  A,  J et L du r\u00e9seau  Transilien  de la\nr\u00e9gion  Ile-de-France  connaissent  toujours  des  actes  malveillants;  que  des  armes  sont\nr\u00e9guli\u00e8rement  d\u00e9couvertes  sur certains  voyageurs  ;\nConsid\u00e9rant  \u00e9galement  la persistance  d'une  d\u00e9linquance  acquisitive  importante,\ncaract\u00e9ris\u00e9e  par  de nombreux  vols  commis  sur des  usagers,  parfois  avec  violence  ; que  des\nmesures  doivent  \u00eatre  prises  pour  lutter  contre  ces  ph\u00e9nom\u00e8nes  ;\nConsid\u00e9rant  que  cette  situation  caract\u00e9rise  les circonstances  particuli\u00e8res  li\u00e9es  \u00e0 l'existence\nde menaces  graves  pour  la s\u00e9curit\u00e9  publique  mentionn\u00e9es  \u00e0 l'article  L.613-2  du code  de la\ns\u00e9curit\u00e9  int\u00e9rieure  ;\nConsid\u00e9rant  en outre  que  les forces  de s\u00e9curit\u00e9  int\u00e9rieure,  fortement  mobilis\u00e9es  pour\nassurer  la s\u00e9curisation  g\u00e9n\u00e9rale  de la r\u00e9gion  d'Ile-de-France  dans  un contexte  de menace\nterroriste  particuli\u00e8rement  \u00e9lev\u00e9e,  ne sauraient  assurer  seules  les contr\u00f4les  sp\u00e9cifiques\n1\n\nn\u00e9cessaires  \u00e0 la s\u00e9curit\u00e9  des  usagers  de la SNCF,  qui rel\u00e8ve  au premier  chef  de la\nresponsabilit\u00e9  de l'exploitant  ;\nConsid\u00e9rant  ainsi  qu'il  appartient  \u00e0 l'autorit\u00e9  de police  comp\u00e9tente  de prendre  les mesures\nadapt\u00e9es,  n\u00e9cessaires  et proportionn\u00e9es  visant  \u00e0 garantir  la s\u00e9curit\u00e9  des  personnes  et des\nbiens  ; qu'une  mesure  autorisant  les agents  agr\u00e9\u00e9s  du service  interne  de s\u00e9curit\u00e9  de la SNCF\n\u00e0 proc\u00e9der  \u00e0 des  palpations  de s\u00e9curit\u00e9  dans  les gares  des  lignes  A,  J et L du r\u00e9seau  Transilien\nde la r\u00e9gion  Ile-de-France,  dont  la gare  de Paris-Saint-Lazare,  et dans  les v\u00e9hicules  de\ntransport  les desservant,  du mardi  1\" octobre  2024  au mardi  31 d\u00e9cembre  2024  inclus,\nr\u00e9pond  \u00e0 ces  objectifs  ;\nARR\u00caTE\nArticle  1*  \u2014 Les agents  du service  interne  de s\u00e9curit\u00e9  de la Soci\u00e9t\u00e9  nationale  des  chemins  de\nfer fran\u00e7ais,  agr\u00e9\u00e9s  dans  les conditions  pr\u00e9vues  par  l'article  R. *2250-2  du code  des\ntransports,  peuvent  proc\u00e9der,  outre  \u00e0 l'inspection  visuelle  des  bagages  \u00e0 main  et, avec  le\nconsentement  de leur  propri\u00e9taire,  \u00e0 leur  fouille,  \u00e0 des  palpations,  du mardi  1\" octobre  2024\nau mardi  31 d\u00e9cembre  2024  inclus,  dans  l'enceinte  des  gares  des  lignes  \u00c0,  J et L du r\u00e9seau\nTransilien  de la r\u00e9gion  Ile-de-France,  dont  la gare  de Paris  Saint-Lazare,  et dans  les v\u00e9hicules\nde transport  les desservant,  de leur  ouverture  \u00e0 leur  fermeture,  \u00e0 l'exception  des  gares  de\nMarne-la-Vall\u00e9e  et Gare  de Lyon.\nArticle  2 - Le pr\u00e9fet  de la Seine-et-Marne,  le pr\u00e9fet  des  Yvelines,  le pr\u00e9fet  des  Hauts-de-\nSeine,  le pr\u00e9fet  de la Seine-Saint-Denis,  la pr\u00e9f\u00e8te  du Val-de-Marne,  le pr\u00e9fet  du Val d'Oise,\nla pr\u00e9f\u00e8te,  directrice  de cabinet  du pr\u00e9fet  de police,  la directrice  de la s\u00e9curit\u00e9  de proximit\u00e9\nde l'agglom\u00e9ration  parisienne  et le pr\u00e9sident  de la Soci\u00e9t\u00e9  nationale  des chemins  de fer\nfran\u00e7ais  sont  charg\u00e9s,  chacun  en ce qui  le concerne,  de l'ex\u00e9cution  du pr\u00e9sent  arr\u00eat\u00e9,  qui\nsera  publi\u00e9  aux  recueils  des  actes  administratifs  du d\u00e9partement  de Paris  et des  pr\u00e9fectures\nde la Seine-et-Marne,  des  Yvelines,  des  Hauts-de-Seine,  de la Seine-Saint-Denis,  du Val-de-\nMarne  et du Val  d'Oise,  et consultable  sur le site  internet  de la pr\u00e9fecture  de police\n(https://www.prefecturedepolice.interieur.gouv.fr).\nLaurent  NUNEZFait \u00e0 Paris,le  26 Skr, 2024 a\n2024-01419\n\nAnnexe  de l'arr\u00eat\u00e9  n\u00b0 2024-01419  du 26 SEP, 2024\nVOIES  ET DELAIS  DE RECOURS\nSi vous  estimez  devoir  contester  le pr\u00e9sent  arr\u00eat\u00e9,  il vous  est possible,  dans  un\nd\u00e9lai  de deux  mois  \u00e0 compter  de la date  de sa publication  au recueil  des  actes  administratifs\ndu d\u00e9partement  de Paris  :\n- soit  de saisir  d'un  RECOURS  GRACIEUX\nle Pr\u00e9fet  de Police\n7/9,  boulevard  du Palais  - 75195  PARIS  RP\n- ou de former  un RECOURS  HIERARCHIQUE\naupr\u00e8s  du Ministre  de l'int\u00e9rieur\nDirection  des  libert\u00e9s  publiques  et des  affaires  juridiques\nplace  Beauvau  - 75008  PARIS\n- soit  de saisir  d'un  RECOURS  CONTENTIEUX\nle Tribunal  administratif  comp\u00e9tent\nAucune  de ces voies  et recours  ne suspend  l'application  de la pr\u00e9sente  d\u00e9cision.\nLes recours  GRACIEUX  et HIERARCHIQUE  doivent  \u00eatre  \u00e9crits,  exposer  les\narguments  ou faits  nouveaux  et comprendre  la copie  de l'arr\u00eat\u00e9  contest\u00e9.\nLe recours  CONTENTIEUX,  qui vise  \u00e0 contester  la LEGALITE  de la pr\u00e9sente\nd\u00e9cision,  doit  \u00e9galement  \u00eatre  \u00e9crit  et exposer  votre  argumentation  juridique.\nSi vous  n'aviez  pas  de r\u00e9ponse  \u00e0 votre  recours  GRACIEUX  ou HIERARCHIQUE\ndans  un d\u00e9lai  de deux  mois  \u00e0 compter  de la r\u00e9ception  de votre  recours  par l'administration,\nvotre  demande  devra  \u00eatre  consid\u00e9r\u00e9e  comme  rejet\u00e9e  (d\u00e9cision  implicite  de rejet).\nEn cas de rejet  des  recours  GRACIEUX  ou HIERARCHIQUE,  le Tribunal\nadministratif  peut  \u00eatre  saisi  d'un  recours  contentieux  dans  le d\u00e9lai  de deux  mois  \u00e0 compter\nde la date  de la d\u00e9cision  de rejet.\n\nPREFECTURE  aP\nDE POLICE\nLibert\u00e9\n\u00c9galit\u00e9\nFraternit\u00e9CABINET  DU PREFET\nArr\u00eat\u00e9ne  2024-01423\nautorisant  les agents  agr\u00e9\u00e9s  du service  interne  de s\u00e9curit\u00e9  de la SNCF  \u00e0 proc\u00e9der  \u00e0\ndes  palpations  de s\u00e9curit\u00e9  sur les lignes  E, P et T4 du r\u00e9seau  Transilien,  entre  le\nmardi  1\u00b0 octobre  2024  au mardi  31 d\u00e9cembre  2024  inclus\nLe pr\u00e9fet  de police,\nVu le code  des  transports,  notamment  ses articles  L. 2251-9,  R. *2250-2  et R. 2251-49  \u00e0 R.\n2251-52  ;\nVu le code  de la s\u00e9curit\u00e9  int\u00e9rieure,  notamment  son  article  L. 613-2;\nVu le d\u00e9cret  n\u00b0 2004-374  du 29 avril  2004  modifi\u00e9  relatif  aux  pouvoirs  des  pr\u00e9fets,  \u00e0\nl'organisation  et \u00e0 l'action  des  services  de l'Etat  dans  les r\u00e9gions  et d\u00e9partements  ;\nVu l'arr\u00eat\u00e9  du 28 septembre  2016  relatif  \u00e0 la formation  des  agents  des  services  internes  de\ns\u00e9curit\u00e9  de la SNCF  et de la RATP;\nVu la saisine  en date  du 12 septembre  2024  de la direction  de la s\u00fbret\u00e9  ferroviaire  de la\nSoci\u00e9t\u00e9  nationale  des  chemins  de fer fran\u00e7ais  (SNCF)  ;\nConsid\u00e9rant  que,  en application  de l'article  R. 2251-52  du code  des  transports,  les agents\ndu service  interne  de s\u00e9curit\u00e9  de la Soci\u00e9t\u00e9  nationale  des  chemins  de fer fran\u00e7ais,  dans  les\nconditions  pr\u00e9vues  par  l'article  R. *2250-2  du m\u00eame  code,  ne peuvent  r\u00e9aliser  des\npalpations  de s\u00e9curit\u00e9  dans  les gares,  stations,  arr\u00eats  et v\u00e9hicules  de transports  que  dans  les\nlimites  de la dur\u00e9e  et des  lieux  ou cat\u00e9gories  de lieux  d\u00e9termin\u00e9s  par  l'arr\u00eat\u00e9  constatant  les\ncirconstances  particuli\u00e8res  li\u00e9es  \u00e0 l'existence  de menaces  graves  pour  la s\u00e9curit\u00e9  publique\nmentionn\u00e9es  \u00e0 l'article  L. 613-2  du code  de la s\u00e9curit\u00e9  int\u00e9rieure  ; que  cet  arr\u00eat\u00e9  est pris\npour  les transports  en commun  de voyageurs  par  voie  ferr\u00e9e  de la r\u00e9gion  d'Ile-de-France\npar le pr\u00e9fet  de police  ;\nConsid\u00e9rant  que  le plan  VIGIPIRATE  au niveau  \u00aburgence  attentat  \u00bb est en vigueur  sur\nl'ensemble  du territoire  national  et dans  les transports  publics  depuis  le 24 mars  2024;\nConsid\u00e9rant  par ailleurs  que  plusieurs  gares  des  lignes  E, P et T4 du r\u00e9seau  ferr\u00e9  Trancilien\nconnaissent  toujours  des  violences  entre  les personnes,  notamment  de rixes  entre  bandes\nau sein  des  installations  ferroviaires;  que  des  armes  sont  r\u00e9guli\u00e8rement  d\u00e9couvertes  sur\ncertains  voyageurs  ;\nConsid\u00e9rant  \u00e9galement  la persistance  d'une  d\u00e9linquance  acquisitive  importante,\ncaract\u00e9ris\u00e9e  par de nombreux  vols  commis  sur des  usagers,  parfois  avec  violences  ; que  des\nmesures  doivent  \u00eatre  prises  pour  lutter  contre  ces  ph\u00e9nom\u00e8nes  ;\nConsid\u00e9rant  que  cette  situation  caract\u00e9rise  les circonstances  particuli\u00e8res  li\u00e9es  \u00e0 l'existence\nde menaces  graves  pour  la s\u00e9curit\u00e9  publique  mentionn\u00e9es  \u00e0 l'article  L.613-2  du code  de la\ns\u00e9curit\u00e9  int\u00e9rieure  ;\nConsid\u00e9rant  en outre  que  les forces  de s\u00e9curit\u00e9  int\u00e9rieure,  fortement  mobilis\u00e9es  pour\nassurer  la s\u00e9curisation  g\u00e9n\u00e9rale  de la r\u00e9gion  d'Ile-de-France  dans  un contexte  de menace\nterroriste  particuli\u00e8rement  \u00e9lev\u00e9e,  ne sauraient  assurer  seules  les contr\u00f4les  sp\u00e9cifiques\nn\u00e9cessaires  \u00e0 la s\u00e9curit\u00e9  des  usagers  de la SNCF,  qui rel\u00e8ve  au premier  chef  de la\nresponsabilit\u00e9  de l'exploitant  ;\n\nConsid\u00e9rant  ainsi  qu'il  appartient  \u00e0 l'autorit\u00e9  de police  comp\u00e9tente  de prendre  les mesures\nadapt\u00e9es,  n\u00e9cessaires  et proportionn\u00e9es  visant  \u00e0 garantir  la s\u00e9curit\u00e9  des  personnes  et des\nbiens  ; qu'une  mesure  autorisant  les agents  agr\u00e9\u00e9s  du service  interne  de s\u00e9curit\u00e9  de la SNCF\n\u00e0 proc\u00e9der  \u00e0 des  palpations  de s\u00e9curit\u00e9  dans  les gares  et stations  des  lignes  E, P et T4 du\nr\u00e9seau  Transilien  ainsi  que  dans  les v\u00e9hicules  de transport  les desservant,  du mardi  1\u00b0\noctobre  2024  au mardi  31 d\u00e9cembre  2024  inclus  r\u00e9pond  \u00e0 ces  objectifs  ;\nARR\u00caTE\nArticle  1* - Les agents  du service  interne  de s\u00e9curit\u00e9  de la Soci\u00e9t\u00e9  nationale  des  chemins  de\nfer fran\u00e7ais,  agr\u00e9\u00e9s  dans  les conditions  pr\u00e9vues  par  l'article  R. *2250-2  du code  des\ntransports,  peuvent  proc\u00e9der,  outre  \u00e0 l'inspection  visuelle  des  bagages  \u00e0 main  et, avec  le\nconsentement  de leur  propri\u00e9taire,  \u00e0 leur  fouille,  \u00e0 des  palpations  du mardi  1\u00b0 octobre  2024\nau mardi  31 d\u00e9cembre  2024  inclus,  dans  les gares  et stations  des  lignes  E, P et T4 du r\u00e9seau\nTransilien  et dans  les v\u00e9hicules  de transport  les desservant,  de leur  ouverture  \u00e0 leur\nfermeture.\nArticle  2 - Le pr\u00e9fet  de la Seine-et-Marne,  le pr\u00e9fet  des  Hauts-de-Seine,  le pr\u00e9fet  de la Seine-\nSaint-Denis,  la pr\u00e9f\u00e8te  du Val-de-Marne,  la pr\u00e9f\u00e8te,  directrice  de cabinet  du pr\u00e9fet  de\npolice,  la directrice  de la s\u00e9curit\u00e9  de proximit\u00e9  de l'agglom\u00e9ration  parisienne  et le pr\u00e9sident\nde la Soci\u00e9t\u00e9  nationale  des  chemins  de fer fran\u00e7ais  sont  charg\u00e9s,  chacun  en ce qui le concerne,\nde l'ex\u00e9cution  du pr\u00e9sent  arr\u00eat\u00e9,  qui sera  publi\u00e9  aux  recueils  des  actes  administratifs  du\nd\u00e9partement  de Paris  et des pr\u00e9fectures  de la Seine-et-Marne,  des Hauts-de-Seine,  de la Seine-\nSaint-Denis  et du Val-de-Marne,  et consultable  sur le site internet  de la pr\u00e9fecture  de police\n(https://www.prefecturedepolice.interieur.gouv.fr).\nce\nFait \u00e0 Paris,  le 26 SEP, 20%  +\nLaurent  NUNEZ\n2024-01423  2\n\n2024-01423\nAnnexe  de l'arr\u00eat\u00e9  n\u00b0 dU\n26 SEP, 2024\nVOIES  ET DELAIS  DE RECOURS\nSi vous  estimez  devoir  contester  le pr\u00e9sent  arr\u00e9t\u00e9,  il vous  est possible,  dans  un\nd\u00e9lai  de deux  mois  \u00e0 compter  de la date  de sa publication  au recueil  des  actes  administratifs\ndu d\u00e9partement  de Paris  :\n- soit  de saisir  d'un  RECOURS  GRACIEUX\nle Pr\u00e9fet  de Police\n719,  boulevard  du Palais  - 75195  PARIS  RP\n- ou de former  un RECOURS  HIERARCHIQUE\naupr\u00e8s  du Ministre  de l'int\u00e9rieur\nDirection  des  libert\u00e9s  publiques  et des  affaires  juridiques\nplace  Beauvau  - 75008  PARIS\n- soit  de saisir  d'un  RECOURS  CONTENTIEUX\nle Tribunal  administratif  comp\u00e9tent\nAucune  de ces voies  et recours  ne suspend  l'application  de la pr\u00e9sente  d\u00e9cision.\nLes recours  GRACIEUX  et HIERARCHIQUE  doivent  \u00eatre  \u00e9crits,  exposer  les\narguments  ou faits  nouveaux  et comprendre  la copie  de l'arr\u00eat\u00e9  contest\u00e9.\nLe recours  CONTENTIEUX,  qui vise  \u00e0 contester  la LEGALITE  de la pr\u00e9sente\nd\u00e9cision,  doit  \u00e9galement  \u00eatre  \u00e9crit  et exposer  votre  argumentation  juridique.\nSi vous  n'aviez  pas  de r\u00e9ponse  \u00e0 votre  recours  GRACIEUX  ou HIERARCHIQUE\ndans  un d\u00e9lai  de deux  mois  \u00e0 compter  de la r\u00e9ception  de votre  recours  par l'administration,\nvotre  demande  devra  \u00eatre  consid\u00e9r\u00e9e  comme  rejet\u00e9e  (d\u00e9cision  implicite  de rejet).\nEn cas de rejet  des recours  GRACIEUX  ou HIERARCHIQUE,  le Tribunal\nadministratif  peut  \u00eatre  saisi  d'un  recours  contentieux  dans  le d\u00e9lai  de deux  mois  \u00e0 compter\nde la date  de la d\u00e9cision  de rejet.\n\nEn\nPR\u00c9FECTURE  7 Direction  des usagers\nDE POLICE  cy  et des polices  administrativesLibert\u00e9\nEyelid\nFraternit\u00e9\nArr\u00eat\u00e9  n\u00b0 2024714642\ndu So JUL 2024\nmodifiant  les arr\u00eat\u00e9s  n\u00b0 2024714261  du 28 juin  2024  et n\u00b0 2024714379  du 15 juillet\n2024  portant  modification  des conditions  de circulation  des v\u00e9hicules  sur les voies\nd\u00e9finies  par  le d\u00e9cret  n\u00b0 2022-786  du 4 mai  2022  fixant  la liste  des  voies  et portions\nde voie  r\u00e9serv\u00e9es  \u00e0 certains  v\u00e9hicules  pour  les jeux  Olympiques  et Paralympiques\nde 2024  |\nLe Pr\u00e9fet  de Police,\nVU le code  g\u00e9n\u00e9ral  des  collectivit\u00e9s  territoriales  :\nVU le code  de la route  ;\nVU le code  des  transports  ;\nVU le code  de la s\u00e9curit\u00e9  int\u00e9rieure  ;\nVU le code  de la voirie  routi\u00e8re  :\nVU le code  de la sant\u00e9  publique  ;\nVU l'ordonnance  n\u00b0 2019-207  du 20 mars  2019  modifi\u00e9e  relative  aux  voies\nr\u00e9serv\u00e9es  et \u00e0 la police  de la circulation  pour  les jeux  Olympiques.  et\nParalympiques  de 2024,  notamment  ses articles  2 et 3;\nVU le d\u00e9cret  n\u00b0 2022-786  du 4 mai 2022  modifi\u00e9  fixant  la liste  des voies  et\nportions  de voies  r\u00e9serv\u00e9es  \u00e0 certains  v\u00e9hicules  pour  les jeux  Olympiques  et\nParalympiques  de 2024  ;\nVU le d\u00e9cret  n\u00b0 2022-191  du 16 f\u00e9vrier  2022  portant  application  de l'ordonnance\nn\u00b0 2019-207  du 20 mars  2019  et relatif  aux  v\u00e9hicules  autoris\u00e9s  \u00e0 circuler  sur les\nvoies  et portions  de voies  r\u00e9serv\u00e9es  pour  les jeux  Olympiques  et Paralympiques\nde 2024;\n\nVU le d\u00e9cret  n\u00b0 2024-107  du 14 f\u00e9vrier  2024  relatif  aux comp\u00e9tences  du pr\u00e9fet\nde police  et \u00e0 celles  du pr\u00e9fet  de police  des Bouches-du-Rh\u00f4ne  pour  les jeux\nOlympiques  et Paralympiques  de 2024,  ainsi  qu'\u00e0  la comp\u00e9tence  territoriale  de\ncertaines  directions  de la pr\u00e9fecture  de police  ;\nVU le d\u00e9cret  du 20 juillet  2022  par lequel  M. Laurent  NUNEZ,  pr\u00e9fet,\ncoordonnateur  national  dy renseignement  et de la lutte  contre  le terrorisme,\nest nomm\u00e9  pr\u00e9fet  de police  (hors  classe)  ;\nVU l'arr\u00eat\u00e9  du 3 juillet  1974  modifi\u00e9  relatif  aux  avertisseurs  sonores  sp\u00e9ciaux\ndes v\u00e9hicules  \u00e9quip\u00e9s  des feux  sp\u00e9ciaux  de cat\u00e9gorie  B;\nVU l'arr\u00eat\u00e9  du 30 octobre  1987 modifi\u00e9  relatif  aux dispositifs  sp\u00e9ciaux  de\nsignalisation  des  v\u00e9hicules  d'intervention  urgente  ;\nVU l'arr\u00eat\u00e9  pr\u00e9fectoral  n\u00b0 2024-00810  du 17 juin 2024  accordant  d\u00e9l\u00e9gation  de\nla signature  pr\u00e9fectorale  au sein  du cabinet  du pr\u00e9fet  de police  \u00e0 l'occasion\ndes Jeux  Olympiques  et Paralympiques  de 2024  ;\nVU l'arr\u00eat\u00e9  pr\u00e9fectoral  n\u00b0 2024114261  modifi\u00e9  du 28 juin  2024  portant\nmodification  des  conditions  de circulation  des v\u00e9hicules  \u00e0 Paris  sur les voies\nd\u00e9finies  par le d\u00e9cret  n\u00b0 2022-786  du 4 mai  2022  fixant  la liste  des  voies  et\nportions  de voie  r\u00e9serv\u00e9es  \u00e0 certains  v\u00e9hicules  pour  les  jeux  Olympiques  et\nParalympiques  de 2024  ;\nVU l'arr\u00eat\u00e9  pr\u00e9fectoral  n\u00b0 2024114379  modifi\u00e9  du 15 juillet  2024  portant\nmodification  des conditions  de circulation  des v\u00e9hicules  dans  la r\u00e9gion  \u00cele-de-\nFrance  sur les voies  d\u00e9finies  par le d\u00e9cret  n\u00b0 2022-786  du 4 mai 2022  fixant  la\nliste  des  voies  et portions  de voie  r\u00e9serv\u00e9es  \u00e0 certains  v\u00e9hicules  pour  les jeux\nOlympiques  et Paralympiques  de 2024  ;\nCONSIDERANT.  la n\u00e9cessit\u00e9  de renforcer  les missions  de soins  m\u00e9dicaux  de\ncertains  v\u00e9hicules  de transports  sanitaires  terrestres  b\u00e9n\u00e9ficiant  de facilit\u00e9s  de\npassage  en application  de l'article  R.311-1  du code  de la route  qui concourent  \u00e0\nl'accomplissement  d'une  mission  d'int\u00e9r\u00eat  g\u00e9n\u00e9ral  sur le territoire  d'\u00cele-de-\nFrance  ;\nSUR proposition  de la pr\u00e9f\u00e8te,  directrice  de cabinet  du pr\u00e9fet  de police  ;\n\nARRETE\nArticle  1\u00b0;\nL'article  2 de l'arr\u00eat\u00e9  n\u00b0 2024114261  du 28 juin  susvis\u00e9  et l'article  2 de l'arr\u00eat\u00e9\nn\u00b02024T14379  du 15 juillet  2024  susvis\u00e9  sont  compl\u00e9t\u00e9s  par  les dispositions\nsuivantes  :\n\u00ab f) les v\u00e9hicules  des  professionnels  de sant\u00e9  suivants,  pour  les besoins  exclusifs\nde cette  mission  et \u00e0 condition  de faire  usage  de dispositifs  lumineux  et\nd'avertisseurs  sp\u00e9ciaux  de cat\u00e9gorie  B :\n- v\u00e9hicules  de transport  de produits  sanguins-et  d'organes  humains  ;\n- v\u00e9hicules  de transports  sanitaires  intervenant  apr\u00e9s  r\u00e9gulation  m\u00e9dicale\ndu Service  d'Aide  M\u00e9dicale  Urgente  (SAMU)  ; _\n- v\u00e9hicules  des  m\u00e9decins  participant  \u00e0 la garde  d\u00e9partementale  :\n- v\u00e9hicules  des  Urgences  M\u00e9dicales  de Paris  participant  \u00e0 la permanence\ndes  soins.  \u00bb\nrti :\nLe pr\u00e9fet  de Seine-et-Marne,  le pr\u00e9fet  des  Yvelines,  le pr\u00e9fet  des  Hauts-de-\nSeine,  le pr\u00e9fet  de Seine-Saint-Denis,  la pr\u00e9f\u00e9te  du Val-de-Marne,  le pr\u00e9fet  du\nVal d'Oise  et la pr\u00e9f\u00e8te,  directrice  de cabinet  du pr\u00e9fet  de police,  le directeur\nde la voirie  et des d\u00e9placements  et le directeur  de la police  municipale  et de la\npr\u00e9vention  de la Ville  de Paris  sont  charg\u00e9s,  chacun  en ce qui le concerne,  de\nl'ex\u00e9cution  du pr\u00e9sent  arr\u00eat\u00e9  qui sera  publi\u00e9  au recueil  des  actes  administratifs\ndu d\u00e9partement  de Paris,  consultable  sur le site  internet  de la pr\u00e9fecture  de\nPolice  (www.prefecturedepolice.interieur.gouv.fr),  sur le portail  des  publications\nadministratives  de la Ville  de Paris,  et sur le recueil  des  actes  administratifs  des\nprefectures  concern\u00e9es.\nFait \u00e0 Paris,le  9 \u00a9 JUIL. 2624\nLaurent  NUNEZ  /\n/\u2014\ntJ\n\n 190  \n \n \n \nRECUEIL DES ACTES ADMINISTRATIFS \n \nDU \n \nPREFET DES HAUTS-DE-SEINE \n \n \nISSN 0985 - 5955 \n \n \n \n \n \nPour toute correspondance, s'adresser \u00e0 :  \n \nPREFET DES HAUTS-DE-SEINE \n \nSecr\u00e9tariat g\u00e9n\u00e9ral \nSecr\u00e9tariat g\u00e9n\u00e9ral aux affaires d\u00e9partementales \n \n167/177, Avenue Joliot Curie \n92013 NANTERRE CEDEX \n \n \n \n \nLe recueil des actes administratifs est consultable en ligne sur le site de la pr\u00e9fecture  \nAdresse Internet : http://www.hauts-de-seine.gouv.fr/ \n \nDirecteur de la publication  : \n \nLaurent HOTTIAUX \n \nPREFET DES HAUTS-DE-SEINE \n \n  \n 191  \n \n \n \n \n \n \n \n \n \n \n \n \n \n \n \n \n \n \n \n \n \n \n \n \n \n \n \n \n \n \n \n \n \n \n \n \n \n \n \n \nPREFECTURE DES HAUTS-DE-SEINE \n167-177,  avenue Joliot Curie 92013 NANTERRE Cedex \nCourriel : courrier@hauts-de-seine.gouv.fr \nStandard : 01.40.97.20.00 T\u00e9l\u00e9copie 01.40.97.25.21 \nAdresse Internet : http://www.hauts-de-seine.gouv.fr/","date":"2025-01-07","first_seen_on":"2025-01-07T09:39:37+00:00","id":"408ae408ac559fa82101640c5803defb20a4ebc700615e076fc3d5691c57559c","name":"RAA sp\u00e9cial Pr\u00e9fecture de Police du 07 janvier 2025","pdf_creation_date":"2025-01-06T10:55:17+00:00","pdf_modification_date":"2025-01-06T10:55:17+00:00","timezone":"CET","url":"https://www.hauts-de-seine.gouv.fr/contenu/telechargement/26019/182397/file/2025-01-07%20RAA%20sp%C3%A9cial%20Pr%C3%A9fecture%20de%20Police%20du%2007%20janvier%202025.pdf"}
