{"administration":"pref03","administration_name":"Pr\u00e9fecture de l\u2019Allier","content":"ALLIER\nRECUEIL DES ACTES\nADMINISTRATIFS SP\u00c9CIAL\nN\u00b003-2026-006\nPUBLI\u00c9 LE  8 JANVIER 2026\nSommaire\n03_CHMTL_Centre Hospitalier de Montlu\u00e7on /\n03-2026-01-08-00002 - RAA d\u00e9l\u00e9gation de signature M DE FREITAS (1\npage) Page 4\n03-2026-01-06-00001 - RAA d\u00e9l\u00e9gation de signature M MANIER  (1 page) Page 6\n03-2026-01-02-00001 - RAA d\u00e9l\u00e9gation de signature M MELLOT  (1 page) Page 8\n03-2026-01-02-00004 - RAA d\u00e9l\u00e9gation de signature M ROCHAS  (1\npage) Page 10\n03-2026-01-06-00006 - RAA d\u00e9l\u00e9gation de signature M SABY  (1 page) Page 12\n03-2026-01-02-00002 - RAA d\u00e9l\u00e9gation de signature Mme AVIGNON et\nMme DEMAIN  (1 page) Page 14\n03-2026-01-06-00007 - RAA d\u00e9l\u00e9gation de signature Mme\nCHARBONNIER (1 page) Page 16\n03-2026-01-06-00005 - RAA d\u00e9l\u00e9gation de signature Mme CITRON  (1\npage) Page 18\n03-2026-01-06-00003 - RAA d\u00e9l\u00e9gation de signature Mme CLAUSS (1\npage) Page 20\n03-2026-01-02-00003 - RAA d\u00e9l\u00e9gation de signature Mme JUNKER  (1\npage) Page 22\n03-2026-01-08-00007 - RAA d\u00e9l\u00e9gation de signature Mme\nMAISONNEUVE  (1 page) Page 24\n03-2026-01-06-00004 - RAA d\u00e9l\u00e9gation de signature Mme STOLL (1\npage) Page 26\n03-2026-01-06-00008 - RAA d\u00e9l\u00e9gation de signature Mme THIBAULT (1\npage) Page 28\n03_Pr\u00e9f_Pr\u00e9fecture de l'Allier / Direction de la Coordination des\nPolitiques Publique\n03-2026-01-08-00003 - Extrait de l'arr\u00eat\u00e9 n\u00b023/2026 du 08 janvier 2026\nportant d\u00e9l\u00e9gation de signature \u00e0 Monsieur Claude FAUCHER,\ndirecteur d\u00e9partemental des territoires de l'Allier (13 pages) Page 30\n03-2026-01-08-00004 - Extrait de l'arr\u00eat\u00e9 n\u00b024/2026 du 08 janvier 2026\nportant d\u00e9l\u00e9gation de signature - Le Pr\u00e9fet de l'Allier, Chevalier de\nl'ordre national du M\u00e9rite, D\u00e9l\u00e9gu\u00e9 territorial de l'Agence\nNationale pour la R\u00e9novation Urbaine (ANRU) (1 page) Page 44\n03-2026-01-08-00008 - Extrait de l'arr\u00eat\u00e9 n\u00b027/2026 du 08 janvier 2026\nportant nomination des d\u00e9l\u00e9gu\u00e9s territoriaux adjoints de l'agence\nnationale de la coh\u00e9sion des territoires (ANCT) dans le d\u00e9partement de\nl'Allier (1 page) Page 46\n2\n03-2026-01-08-00005 - Extrait de la d\u00e9cision n\u00b025/2026 du 08 janvier\n2026 de nomination du d\u00e9l\u00e9gu\u00e9 adjoint et de d\u00e9l\u00e9gation de\nsignature du d\u00e9l\u00e9gu\u00e9 de l'Agence \u00e0 l'un ou plusieurs de ses\ncollaborateurs - Monsieur Christophe NO\u00cbL du PAYRAT, pr\u00e9fet de\nl'Allier, d\u00e9l\u00e9gu\u00e9 de l'ANAH dans le d\u00e9partement de l'Allier, en vertu\ndes disposition de l'article L.321-1 du code de la construction et de\nl'habitation (5 pages) Page 48\n03-2026-01-08-00006 - Extrait de l'arr\u00eat\u00e9 n\u00b026/2026 du 08 janvier\n2026 portant d\u00e9l\u00e9gation de signature \u00e0 Monsieur Claude FAUCHER,\ndirecteur d\u00e9partemental des territoires de l'Allier, pour\nl'ordonnancement secondaire des recettes et des\nd\u00e9penses\nimput\u00e9es sur le BOP 113 \u00abPaysages, eau et\nbiodiversit\u00e9\u00bb du plan Loire grandeur nature\net sur le BOP 181\n\u00abPr\u00e9vention des risques\u00bb du plan Loire grandeur nature (1 page) Page 54\n03_Pr\u00e9f_Pr\u00e9fecture de l'Allier / Service Interminist\u00e9riel de D\u00e9fense\net de Protection Civile\n03-2026-01-07-00003 - RAA Arr\u00eat\u00e9 17 (1 page) Page 56\n03-2026-01-07-00004 - RAA Arr\u00eat\u00e9 18 (1 page) Page 58\n03-2026-01-08-00001 - RAA Arr\u00eat\u00e9 21 (1 page) Page 60\n84_ARS_Agence R\u00e9gionale de Sant\u00e9 Auvergne-Rh\u00f4ne-Alpes /\n03-2025-12-31-00005 - extrait deleg signature ars ara 2025 12 31 aux DD (7\npages) Page 62\n3\n03_CHMTL_Centre Hospitalier de Montlu\u00e7on\n03-2026-01-08-00002\nRAA d\u00e9l\u00e9gation de signature M DE FREITAS\n03_CHMTL_Centre Hospitalier de Montlu\u00e7on - 03-2026-01-08-00002 - RAA d\u00e9l\u00e9gation de signature M DE FREITAS 4\nExtrait de l'acte du 08.01.2026 \n \nD\u00c9L\u00c9GATION DE SIGNATURE \u2013 Monsieur David DE FREITAS \n \n \nArticle 1er : \n \nEn cas d'absence ou d'emp\u00eachement de M Guilhem ALLEGRE, Directeur, d\u00e9l\u00e9gation de signature est \ndonn\u00e9e \u00e0 Monsieur DE FREITAS, Secr\u00e9taire G\u00e9n\u00e9ral , de signer, en son nom, en qualit\u00e9 \nd'Ordonnateur suppl\u00e9ant :  \n \n\uf0fc Tous actes relatifs \u00e0 la fonction d'ordonnateur  \n\uf0fc Tous actes li\u00e9s \u00e0 la fonction de gestions de nomination des personnels \n\uf0fc Tous actes li\u00e9s aux march\u00e9s et accords-cadres de travaux, fournitures et services notamment \nd'actes d'engagement dans la limite de 150 000 \u20ac, aux d\u00e9l\u00e9gations de service public et aux \nconventions de partenariat \n\uf0fc Tous actes li\u00e9es \u00e0 la gestion contentieuses \n\uf0fc Tous actes li\u00e9es aux \u00e9valuations des directions  \n \nArticle 2 :   \n \nCes d\u00e9l\u00e9gations sont assorties de l'obligation pour le titulaire :  \n \n\uf0fc De respecter les proc\u00e9dures r\u00e9glementaires en vigueur, \n\uf0fc De n'engager les d\u00e9penses que dans la limite des cr\u00e9dits autoris\u00e9s, \n\uf0fc De rendre compte \u00e0 la Direction G\u00e9n\u00e9rale des op\u00e9rations effectu\u00e9es \n \nArticle 3 :  \n \nLa pr\u00e9sente d\u00e9cision abroge et remplace toutes d\u00e9cisions et dispositions ant\u00e9rieures de m\u00eame nature \n \nLa pr\u00e9sente d\u00e9cision est intuitu personae . Elle cesse d\u00e8s lors que le d\u00e9l\u00e9gataire d\u00e9sign\u00e9 quitte ses \nfonctions ou que ces fonctions font l'objet de modification au sein du Centre Hospitalier de Montlu\u00e7on-\nN\u00e9ris-les-Bains  \n \nCette d\u00e9l\u00e9gation peut \u00eatre retir\u00e9e \u00e0 tout moment par le Directeur d'h\u00f4pital nomm\u00e9 et signataire \n \nLe titulaire de la d\u00e9l\u00e9gation a la responsabilit\u00e9 des op\u00e9rations qu'il effectue dans le cadre de sa d\u00e9l\u00e9gation \net est charg\u00e9 d'assurer le contr\u00f4le de l'ensemble des agents qui interviennent dans les proc\u00e9dures \nconcern\u00e9es. \n \nArticle 4 :   \n \nLa pr\u00e9sente d\u00e9l\u00e9gation sera publi\u00e9e au recueil des actes administratifs de l'Allier. \n \n \n \nSIGNE  \nGuilhem ALLEGRE \nDirecteur  \nCentre Hospitalier de Montlu\u00e7on-N\u00e9ris-les-Bains  \n \n \n \n03_CHMTL_Centre Hospitalier de Montlu\u00e7on - 03-2026-01-08-00002 - RAA d\u00e9l\u00e9gation de signature M DE FREITAS 5\n03_CHMTL_Centre Hospitalier de Montlu\u00e7on\n03-2026-01-06-00001\nRAA d\u00e9l\u00e9gation de signature M MANIER \n03_CHMTL_Centre Hospitalier de Montlu\u00e7on - 03-2026-01-06-00001 - RAA d\u00e9l\u00e9gation de signature M MANIER 6\nExtrait de l'acte du 06.01.2026 \n \nD\u00c9L\u00c9GATION DE SIGNATURE \u2013 Monsieur Franck MANIER \n \nArticle 1er : \n \nD\u00e9l\u00e9gation de signature est donn\u00e9e \u00e0 Monsieur Franck MANIER , Attach\u00e9 d'Administration \nHospitali\u00e8re de signer, en son nom, en qualit\u00e9 d'Ordonnateur suppl\u00e9ant :  \n \n\uf0fc Tout acte de gestion courante relevant de la garde administrative \n \nArticle 2 :  \n \nEn l'absence de Monsieur Florian MELLOT d\u00e9l\u00e9gation de signature est donn\u00e9e \u00e0 Monsieur Franck \nMANIER, Attach\u00e9 d'Administration Hospitali\u00e8re pour le m\u00eame p\u00e9rim\u00e8tre  \u00e0 l'exception de ceux \nadress\u00e9s aux autorit\u00e9s de tutelle. \n\u00c0 savoir : \n \n\uf0fc L'affectation du personnel non m\u00e9dical y compris des sages-femmes \n\uf0fc La gestion des dossiers individuels des agents y compris les sages-femmes : \u00c9valuation, \nexpertises m\u00e9dicales, CGOS \n\uf0fc La formation du personnel non m\u00e9dical et des sages-femmes \n \n \nArticle 3 :   \n \nCes d\u00e9l\u00e9gations sont assorties de l'obligation pour le titulaire :  \n \n\uf0fc De respecter les proc\u00e9dures r\u00e9glementaires en vigueur, \n\uf0fc De n'engager les d\u00e9penses que dans la limite des cr\u00e9dits autoris\u00e9s, \n\uf0fc De rendre compte \u00e0 la Direction G\u00e9n\u00e9rale des op\u00e9rations effectu\u00e9es \n \nArticle 4 :  \n \nLa pr\u00e9sente d\u00e9cision abroge et remplace toutes d\u00e9cisions et dispositions ant\u00e9rieures de m\u00eame nature \n \nLa pr\u00e9sente d\u00e9cision est intuitu personae . Elle cesse d\u00e8s lors que le d\u00e9l\u00e9gataire d\u00e9sign\u00e9 quitte ses \nfonctions ou que ces fonctions font l'objet de modification au sein du Centre Hospitalier de Montlu\u00e7on-\nN\u00e9ris-les-Bains  \n \nCette d\u00e9l\u00e9gation peut \u00eatre retir\u00e9e \u00e0 tout moment par le Directeur d'h\u00f4pital nomm\u00e9 et signataire \n \nLe titulaire de la d\u00e9l\u00e9gation a la responsabilit\u00e9 des op\u00e9rations qu'il effectue dans le cadre de sa d\u00e9l\u00e9gation \net est charg\u00e9 d'assurer le contr\u00f4le de l'ensemble des agents qui interviennent dans les proc\u00e9dures \nconcern\u00e9es. \n \nArticle 5 :   \n \nLa pr\u00e9sente d\u00e9l\u00e9gation sera publi\u00e9e au recueil des actes administratifs de l'Allier. \n \n \nSIGNE  \nGuilhem ALLEGRE \nDirecteur  \nCentre Hospitalier de Montlu\u00e7on-N\u00e9ris-les-Bains  \n \n \n \n03_CHMTL_Centre Hospitalier de Montlu\u00e7on - 03-2026-01-06-00001 - RAA d\u00e9l\u00e9gation de signature M MANIER 7\n03_CHMTL_Centre Hospitalier de Montlu\u00e7on\n03-2026-01-02-00001\nRAA d\u00e9l\u00e9gation de signature M MELLOT \n03_CHMTL_Centre Hospitalier de Montlu\u00e7on - 03-2026-01-02-00001 - RAA d\u00e9l\u00e9gation de signature M MELLOT 8\nExtrait de l'acte du 02 janvier 2026 \n \nD\u00c9L\u00c9GATION DE SIGNATURE \u2013 Monsieur Florian MELLOT \n \nArticle 1er : \n \nD\u00e9l\u00e9gation de signature est donn\u00e9e \u00e0 Monsieur Florian MELLOT , Directeur Adjoint charg\u00e9 de la \nDirection des Ressources Humaines de signer, en son nom, en qualit\u00e9 d'Ordonnateur suppl\u00e9ant, tous les \ncourriers et d\u00e9cisions se rapportant \u00e0 :  \n \n\uf0fc L'affectation du personnel non m\u00e9dical y compris des sages-femmes \n\uf0fc La gestion des dossiers individuels des agents y compris les sages-femmes : \u00c9valuation, \nexpertises m\u00e9dicales, CGOS\u2026 \n\uf0fc La formation du personnel non m\u00e9dical et des sages-femmes \n\uf0fc Tout acte de gestion courante relevant de la garde administrative \n \nMonsieur Florian MELLOT re\u00e7oit d\u00e9l\u00e9gation \u00e0 l'effet de pr\u00e9sider le Comit\u00e9 social d'\u00e9tablissement \ndu Centre hospitalier de Montlu\u00e7on \u2013 N\u00e9ris les Bains r\u00e9uni en sa formation pl\u00e9ni\u00e8re et en sa formation \nsp\u00e9cialis\u00e9e. \n \nArticle 2 :  \n \nEn l'absence de Monsieur Florian MELLOT d\u00e9l\u00e9gation de signature est donn\u00e9e \u00e0 Monsieur Franck \nMANIER, Attach\u00e9 d'Administration Hospitali\u00e8re  pour le m\u00eame p\u00e9rim\u00e8tre  \u00e0 l'exception de ceux \nadress\u00e9s aux autorit\u00e9s de tutelle. \n \nArticle 3 :   \n \nCes d\u00e9l\u00e9gations sont assorties de l'obligation pour le titulaire :  \n \n\uf0fc De respecter les proc\u00e9dures r\u00e9glementaires en vigueur, \n\uf0fc De n'engager les d\u00e9penses que dans la limite des cr\u00e9dits autoris\u00e9s, \n\uf0fc De rendre compte \u00e0 la Direction G\u00e9n\u00e9rale des op\u00e9rations effectu\u00e9es \n \nArticle 4 :  \n \nLa pr\u00e9sente d\u00e9cision abroge et remplace toutes d\u00e9cisions et dispositions ant\u00e9rieures de m\u00eame nature \n \nLa pr\u00e9sente d\u00e9cision est intuitu personae . Elle cesse d\u00e8s lors que le d\u00e9l\u00e9g ataire d\u00e9sign\u00e9 quitte ses \nfonctions ou que ces fonctions font l'objet de modification au sein du Centre Hospitalier de Montlu\u00e7on-\nN\u00e9ris-les-Bains  \n \nCette d\u00e9l\u00e9gation peut \u00eatre retir\u00e9e \u00e0 tout moment par le Directeur d'h\u00f4pital nomm\u00e9 et signataire \n \nLe titulaire de la d\u00e9l\u00e9gation a la responsabilit\u00e9 des op\u00e9rations qu'il effectue dans le cadre de sa d\u00e9l\u00e9gation \net est charg\u00e9 d'assurer le contr\u00f4le de l'ensemble des agents qui interviennent dans les proc\u00e9dures \nconcern\u00e9es. \n \nArticle 5 :   \n \nLa pr\u00e9sente d\u00e9l\u00e9gation sera publi\u00e9e au recueil des actes administratifs de l'Allier. \n \nSIGNE  \nGuilhem ALLEGRE \nDirecteur  \nCentre Hospitalier de Montlu\u00e7on-N\u00e9ris-les-Bains  \n \n \n \n03_CHMTL_Centre Hospitalier de Montlu\u00e7on - 03-2026-01-02-00001 - RAA d\u00e9l\u00e9gation de signature M MELLOT 9\n03_CHMTL_Centre Hospitalier de Montlu\u00e7on\n03-2026-01-02-00004\nRAA d\u00e9l\u00e9gation de signature M ROCHAS \n03_CHMTL_Centre Hospitalier de Montlu\u00e7on - 03-2026-01-02-00004 - RAA d\u00e9l\u00e9gation de signature M ROCHAS 10\nExtrait de l'acte du 02 janvier 2026 \n \nD\u00c9L\u00c9GATION DE SIGNATURE \u2013  \nMonsieur Pierre ROCHAS  \n \n \n \nArticle 1er : \n \nEn l'absence de Madame Sophie JUNKER d\u00e9l\u00e9gation de signature est donn\u00e9e \u00e0  Monsieur Pierre \nROCHAS, ing\u00e9nieur, pour le m\u00eame p\u00e9rim\u00e8tre l'exception de ceux adress\u00e9s aux autorit\u00e9s de tutelle. \n\u00c0 savoir : \n \n\uf0fc Les mandats de paiement et titres de recettes \u00e9mis dans le cadre de l'ex\u00e9cution du Budget,  \n\uf0fc Tous les actes relatifs au paiement des salaires, \n\uf0fc Tout acte de gestion courante relevant de la Direction G\u00e9n\u00e9rale, \n \nArticle 2 : \n \nCes d\u00e9l\u00e9gations sont assorties de l'obligation pour le titulaire :  \n \n\uf0fc De respecter les proc\u00e9dures r\u00e9glementaires en vigueur, \n\uf0fc De n'engager les d\u00e9penses que dans la limite des cr\u00e9dits autoris\u00e9s, \n\uf0fc De rendre compte \u00e0 la Direction G\u00e9n\u00e9rale des op\u00e9rations effectu\u00e9es \n \n \nArticle 3 :  \n \nLa pr\u00e9sente d\u00e9cision abroge et remplace toutes d\u00e9cisions et dispositions ant\u00e9rieures de m\u00eame nature \n \nLa pr\u00e9sente d\u00e9cision est intuitu personae . Elle cesse d\u00e8s lors que le d\u00e9l\u00e9gataire d\u00e9sign\u00e9 quitte ses \nfonctions ou que ces fonctions font l'objet de modification au sein du Centre Hospitalier de Montlu\u00e7on-\nN\u00e9ris-les-Bains  \n \nCette d\u00e9l\u00e9gation peut \u00eatre retir\u00e9e \u00e0 tout moment par le directeur d'h\u00f4pital nomm\u00e9 et signataire \n \nLe titulaire de la d\u00e9l\u00e9gation a la responsabilit\u00e9 des op\u00e9rations qu'il effectue dans le cadre de sa d\u00e9l\u00e9gation \net est charg\u00e9 d'assurer le contr\u00f4le de l'ensemble des agents qui interviennent dan s les proc\u00e9dures \nconcern\u00e9es. \n \nArticle 5 :   \n \nLa pr\u00e9sente d\u00e9l\u00e9gation sera publi\u00e9e au recueil des actes administratifs de l'Allier. \n \n \n \nSIGNE  \nGuilhem ALLEGRE \nDirecteur  \nCentre Hospitalier de Montlu\u00e7on-N\u00e9ris-les-Bains  \n \n \n \n03_CHMTL_Centre Hospitalier de Montlu\u00e7on - 03-2026-01-02-00004 - RAA d\u00e9l\u00e9gation de signature M ROCHAS 11\n03_CHMTL_Centre Hospitalier de Montlu\u00e7on\n03-2026-01-06-00006\nRAA d\u00e9l\u00e9gation de signature M SABY \n03_CHMTL_Centre Hospitalier de Montlu\u00e7on - 03-2026-01-06-00006 - RAA d\u00e9l\u00e9gation de signature M SABY 12\nExtrait de l'acte du 06.01.2026 \n \nD\u00c9L\u00c9GATION DE SIGNATURE \u2013 Monsieur Pascal SABY \n \n \n Article 1er : \n \n D\u00e9l\u00e9gation de signature est donn\u00e9e \u00e0 Monsieur Pascal SABY, Directeur adjoint charg\u00e9 des services \ntechniques et du biom\u00e9dical, de signer, en son nom, en qualit\u00e9 d'Ordonnateur suppl\u00e9ant :  \n \n\uf0fc Tous les courriers concernant les services techniques et le biom\u00e9dical  \n\uf0fc D\u00e9penses courantes  : Les bons de commandes, les factures, les contrats sur les cr\u00e9dits \nd'exploitation \u00e0 5  000 euros  relevant de l'ensemble des  achats et travaux dans le cadre des \nMarch\u00e9s du Centre Hospitalier de Montlu\u00e7on. \n\uf0fc D\u00e9penses d'Investissement : \u00e0 hauteur de 15  000 euros relevant de l'ensemble des achats et \ntravaux dans le cadre des March\u00e9s du Centre Hospitalier de Montlu\u00e7on. \n \nArticle 2 :  \n \nCes d\u00e9l\u00e9gations sont assorties de l'obligation pour le titulaire :  \n \n\uf0fc De respecter les proc\u00e9dures r\u00e9glementaires en vigueur, \n\uf0fc De n'engager les d\u00e9penses que dans la limite des cr\u00e9dits autoris\u00e9s, \n\uf0fc De rendre compte \u00e0 la Direction G\u00e9n\u00e9rale des op\u00e9rations effectu\u00e9es \n \nArticle 3 :  \n \nLa pr\u00e9sente d\u00e9cision abroge et remplace toutes d\u00e9cisions et dispositions ant\u00e9rieures de m\u00eame nature \n \nLa pr\u00e9sente d\u00e9cision est intuitu personae . Elle cesse d\u00e8s lors que le d\u00e9l\u00e9gataire d\u00e9sign\u00e9 quitte ses \nfonctions ou que ces fonctions font l'objet de modification au sein du Centre Hospitalier de Montlu\u00e7on-\nN\u00e9ris-les-Bains  \n \nCette d\u00e9l\u00e9gation peut \u00eatre retir\u00e9e \u00e0 tout moment par le Directeur d'h\u00f4pital nomm\u00e9 et signataire \n \nLe titulaire de la d\u00e9l\u00e9gation a la responsabilit\u00e9 des op\u00e9rations qu'il effectue dans le cadre de sa d\u00e9l\u00e9gation \net est charg\u00e9 d'assurer le contr\u00f4le de l'ensemble des agents qui interviennent dans les proc\u00e9dures \nconcern\u00e9es. \n \nArticle 4 :   \n \nLa pr\u00e9sente d\u00e9l\u00e9gation sera publi\u00e9e au recueil des actes administratifs de l'Allier. \n \n \n \n \nSIGNE  \nGuilhem ALLEGRE \nDirecteur  \nCentre Hospitalier de Montlu\u00e7on-N\u00e9ris-les-Bains  \n \n \n \n03_CHMTL_Centre Hospitalier de Montlu\u00e7on - 03-2026-01-06-00006 - RAA d\u00e9l\u00e9gation de signature M SABY 13\n03_CHMTL_Centre Hospitalier de Montlu\u00e7on\n03-2026-01-02-00002\nRAA d\u00e9l\u00e9gation de signature Mme AVIGNON et\nMme DEMAIN \n03_CHMTL_Centre Hospitalier de Montlu\u00e7on - 03-2026-01-02-00002 - RAA d\u00e9l\u00e9gation de signature Mme AVIGNON et Mme DEMAIN 14\nExtrait de l'acte du 02 janvier 2026 \n \nD\u00c9L\u00c9GATION DE SIGNATURE \u2013  \nMadame Mathilde AVIGNON et Madame M\u00e9lanie DEMAIN \n \n \nArticle 1er : \n \n D\u00e9l\u00e9gation de signature est donn\u00e9e \u00e0  Madame Mathilde AVIGNON, Ing\u00e9nieure Hospitalier ou \nMadame M\u00e9lanie DEMAIN, Ing\u00e9nieure Hospitalier, aux Affaires M\u00e9dicales de signer, en leur nom, \nen qualit\u00e9 d'Ordonnateur suppl\u00e9ant :  \n \n\uf0fc Toutes les attestations de logement, de fonction et ou d'habitation pour le personnel m\u00e9dical. \n \nArticle 2 :  \n \nD\u00e9l\u00e9gation de signature est donn\u00e9e \u00e0 Madame M\u00e9lanie DEMAIN, Ing\u00e9nieure Hospitalier, de signer, \nen son nom, en qualit\u00e9 d'Ordonnateur suppl\u00e9ant :  \n \n\uf0fc Tout acte de gestion courante relevant de la garde administrative. \n \nArticle 3 : \n \nCes d\u00e9l\u00e9gations sont assorties de l'obligation pour le titulaire :  \n \n\uf0fc De respecter les proc\u00e9dures r\u00e9glementaires en vigueur, \n\uf0fc De n'engager les d\u00e9penses que dans la limite des cr\u00e9dits autoris\u00e9s, \n\uf0fc De rendre compte \u00e0 la Direction G\u00e9n\u00e9rale des op\u00e9rations effectu\u00e9es \n \nArticle 4 :  \n \nLa pr\u00e9sente d\u00e9cision abroge et remplace toutes d\u00e9cisions et dispositions ant\u00e9rieures de m\u00eame nature \n \nLa pr\u00e9sente d\u00e9cision est intuitu personae . Elle cesse d\u00e8s lors que le d\u00e9l\u00e9gataire d\u00e9sign\u00e9 quitte ses \nfonctions ou que ces fonctions font l'objet de modification au sein du Centre Hospitalier de Montlu\u00e7on-\nN\u00e9ris-les-Bains  \n \nCette d\u00e9l\u00e9gation peut \u00eatre retir\u00e9e \u00e0 tout moment par le Directeur d'h\u00f4pital nomm\u00e9 et signataire \n \nLe titulaire de la d\u00e9l\u00e9gation a la responsabilit\u00e9 des op\u00e9rations qu'il effectue dans le cadre de sa d\u00e9l\u00e9gation \net est charg\u00e9 d'assurer le contr\u00f4le de l'ensemble des agents qui interviennent dans les proc\u00e9dures \nconcern\u00e9es. \n \nArticle 5 :   \n \nLa pr\u00e9sente d\u00e9l\u00e9gation sera publi\u00e9e au recueil des actes administratifs de l'Allier. \n \n \n \n \nSIGNE  \nGuilhem ALLEGRE \nDirecteur  \nCentre Hospitalier de Montlu\u00e7on-N\u00e9ris-les-Bains  \n \n \n \n03_CHMTL_Centre Hospitalier de Montlu\u00e7on - 03-2026-01-02-00002 - RAA d\u00e9l\u00e9gation de signature Mme AVIGNON et Mme DEMAIN 15\n03_CHMTL_Centre Hospitalier de Montlu\u00e7on\n03-2026-01-06-00007\nRAA d\u00e9l\u00e9gation de signature Mme\nCHARBONNIER\n03_CHMTL_Centre Hospitalier de Montlu\u00e7on - 03-2026-01-06-00007 - RAA d\u00e9l\u00e9gation de signature Mme CHARBONNIER 16\nExtrait de l'acte du 06.01.2026 \n \nD\u00c9L\u00c9GATION DE SIGNATURE \u2013 Madame Delphine CHARBONNIER  \n \nArticle 1er : \n \n D\u00e9l\u00e9gation de signature est donn\u00e9e \u00e0 Madame Delphine CHARBONNIER, Ing\u00e9nieure hospitalier \nfaisant fonction de directrice charg\u00e9e des achats et de la logistique, de signer, en son nom, en qualit\u00e9 \nd'Ordonnateur suppl\u00e9ant :  \n \n\uf0fc Les courriers concernant la direction des achats et de la logistique. \n\uf0fc D\u00e9penses courantes : Les bons de commandes, les factures, les contrats sur les cr\u00e9dits \nd'exploitation \u00e0 hauteur de 5 000 euros HT relevant de l'ensemble des Achats de la direction \ndes achats et de la logistique dans le cadre des March\u00e9s du Centre Hospitalier de Montlu\u00e7on. \n\uf0fc D\u00e9penses d'Investissement : \u00e0 hauteur de 15 000 euros HT relevant de l'ensemble des Achats \nde la direction des achats et de la logistique dans le cadre des March\u00e9s du Centre Hospitalier \nde Montlu\u00e7on. \n\uf0fc Tout acte de gestion courante relevant de la garde administrative \n \nArticle 2 :    \n \nCes d\u00e9l\u00e9gations sont assorties de l'obligation pour le titulaire :  \n \n\uf0fc De respecter les proc\u00e9dures r\u00e9glementaires en vigueur, \n\uf0fc De n'engager les d\u00e9penses que dans la limite des cr\u00e9dits autoris\u00e9s, \n\uf0fc De rendre compte \u00e0 la Direction G\u00e9n\u00e9rale des op\u00e9rations effectu\u00e9es \n \nArticle 3 :  \n \nLa pr\u00e9sente d\u00e9cision abroge et remplace toutes d\u00e9cisions et dispositions ant\u00e9rieures de m\u00eame nature \n \nLa pr\u00e9sente d\u00e9cision est intuitu personae . Elle cesse d\u00e8s lors que le d\u00e9l\u00e9gataire d\u00e9sign\u00e9 quitte ses \nfonctions ou que ces fonctions font l'objet de modification au sein du Centre Hospitalier de Montlu\u00e7on-\nN\u00e9ris-les-Bains  \n \nCette d\u00e9l\u00e9gation peut \u00eatre retir\u00e9e \u00e0 tout moment par le Directeur d'h\u00f4pital nomm\u00e9 et signataire \n \nLe titulaire de la d\u00e9l\u00e9gation a la responsabilit\u00e9 des op\u00e9rations qu'il effectue dans le cadre de sa d\u00e9l\u00e9gation \net est charg\u00e9 d'assurer le contr\u00f4le de l'ensemble des agents qui interviennent dans les proc\u00e9dures \nconcern\u00e9es. \n \nArticle 4 :   \n \nLa pr\u00e9sente d\u00e9l\u00e9gation sera publi\u00e9e au recueil des actes administratifs de l'Allier. \n \n \n \nSIGNE  \nGuilhem ALLEGRE \nDirecteur  \nCentre Hospitalier de Montlu\u00e7on-N\u00e9ris-les-Bains  \n \n \n \n03_CHMTL_Centre Hospitalier de Montlu\u00e7on - 03-2026-01-06-00007 - RAA d\u00e9l\u00e9gation de signature Mme CHARBONNIER 17\n03_CHMTL_Centre Hospitalier de Montlu\u00e7on\n03-2026-01-06-00005\nRAA d\u00e9l\u00e9gation de signature Mme CITRON \n03_CHMTL_Centre Hospitalier de Montlu\u00e7on - 03-2026-01-06-00005 - RAA d\u00e9l\u00e9gation de signature Mme CITRON 18\nExtrait de l'acte du 06.01.2026 \n \nD\u00c9L\u00c9GATION DE SIGNATURE \u2013 Madame S\u00e9verine CITRON \n \nArticle 1er : \n \n D\u00e9l\u00e9gation de signature est donn\u00e9e \u00e0 Madame S\u00e9verine CITRON, Directrice Adjointe en charge des \naffaires g\u00e9n\u00e9rales, du contr\u00f4le de gestion et de la communication  de signer, en son nom, en qualit\u00e9 \nd'Ordonnateur suppl\u00e9ant :  \n \n\uf0fc Tous les courriers concernant les affaires g\u00e9n\u00e9rales, le contr\u00f4le de gestion et la communication \n\uf0fc Tous les bons de commandes relevant du service communication n'exc\u00e9dant pas 5 000\u20ac \n\uf0fc Toutes les conventions, \u00e0 l'exception de celles adress\u00e9es aux autorit\u00e9s de tutelle. \n\uf0fc Toutes d\u00e9cisions en tant qu'Administrateur de garde. \n \nArticle 2 : \n \nCes d\u00e9l\u00e9gations sont assorties de l'obligation pour le titulaire :  \n \n\uf0fc De respecter les proc\u00e9dures r\u00e9glementaires en vigueur, \n\uf0fc De n'engager les d\u00e9penses que dans la limite des cr\u00e9dits autoris\u00e9s, \n\uf0fc De rendre compte \u00e0 la Direction G\u00e9n\u00e9rale des op\u00e9rations effectu\u00e9es \n \nArticle 3 :  \n \nLa pr\u00e9sente d\u00e9cision abroge et remplace toutes d\u00e9cisions et dispositions ant\u00e9rieures de m\u00eame nature \n \nLa pr\u00e9sente d\u00e9cision est intuitu personae . Elle cesse d\u00e8s lors que le d\u00e9l\u00e9gataire d\u00e9sign\u00e9 quitte ses \nfonctions ou que ces fonctions font l'objet de modification au sein du Centre Hospitalier de Montlu\u00e7on-\nN\u00e9ris-les-Bains  \n \nCette d\u00e9l\u00e9gation peut \u00eatre retir\u00e9e \u00e0 tout moment par le Directeur d'h\u00f4pital nomm\u00e9 et signataire \n \nLe titulaire de la d\u00e9l\u00e9gation a la responsabilit\u00e9 des op\u00e9rations qu'il effectue dans le cadre de sa d\u00e9l\u00e9gation \net est charg\u00e9 d'assurer le contr\u00f4le de l'ensemble des agents qui intervien nent dans les proc\u00e9dures \nconcern\u00e9es. \n \nArticle 4 :   \n \nLa pr\u00e9sente d\u00e9l\u00e9gation sera publi\u00e9e au recueil des actes administratifs de l'Allier. \n \n \n \n \nSIGNE  \nGuilhem ALLEGRE \nDirecteur  \nCentre Hospitalier de Montlu\u00e7on-N\u00e9ris-les-Bains  \n \n \n \n03_CHMTL_Centre Hospitalier de Montlu\u00e7on - 03-2026-01-06-00005 - RAA d\u00e9l\u00e9gation de signature Mme CITRON 19\n03_CHMTL_Centre Hospitalier de Montlu\u00e7on\n03-2026-01-06-00003\nRAA d\u00e9l\u00e9gation de signature Mme CLAUSS\n03_CHMTL_Centre Hospitalier de Montlu\u00e7on - 03-2026-01-06-00003 - RAA d\u00e9l\u00e9gation de signature Mme CLAUSS 20\nExtrait de l'acte du 06.01.2026 \n \nD\u00c9L\u00c9GATION DE SIGNATURE \u2013 Madame Catherine CLAUSS \n \nArticle 1er : \n \n D\u00e9l\u00e9gation de signature est donn\u00e9e \u00e0  Madame Catherine CLAUSS, Cadre sup\u00e9rieure de sant\u00e9 \u00e0 la \nDirection des soins, de signer, en son nom, en qualit\u00e9 d'Ordonnateur suppl\u00e9ant :  \n \n\uf0fc Tout acte de gestion courante relevant de la garde administrative. \n \nArticle 2 :  \n \nEn l'absence de Madame Aur\u00e9lie STOLL d\u00e9l\u00e9gation de signature est donn\u00e9e \u00e0  Madame Catherine \nCLAUSS, Cadre sup\u00e9rieur de sant\u00e9 \u00e0 la Direction des soins pour signer pour le m\u00eame p\u00e9rim\u00e8tre  \u00e0 \nl'exception de ceux adress\u00e9s aux autorit\u00e9s de tutelle. \n \n\u00c0 savoir : \n \n\uf0fc Tous les courriers et d\u00e9cisions concernant l'affectation du personnel soignant  \n \nArticle 3 : \n \nLe titulaire de la d\u00e9l\u00e9gation a la responsabilit\u00e9 des op\u00e9rations qu'il effectue dans le cadre de sa d\u00e9l\u00e9gation \net est charg\u00e9 d'assurer le contr\u00f4le de l'ensemble des agents qui interviennent dans les proc\u00e9dures \nconcern\u00e9es. \n \nArticle 4 :    \n \nCes d\u00e9l\u00e9gations sont assorties de l'obligation pour le titulaire :  \n \n\uf0fc De respecter les proc\u00e9dures r\u00e9glementaires en vigueur, \n\uf0fc De n'engager les d\u00e9penses que dans la limite des cr\u00e9dits autoris\u00e9s, \n\uf0fc De rendre compte \u00e0 la Direction G\u00e9n\u00e9rale des op\u00e9rations effectu\u00e9es \n \nArticle 5 :  \n \nLa pr\u00e9sente d\u00e9cision abroge et remplace toutes d\u00e9cisions et dispositions ant\u00e9rieures de m\u00eame nature \n \nLa pr\u00e9sente d\u00e9cision est intuitu personae . Elle cesse d\u00e8s lors que le d\u00e9l\u00e9gataire d\u00e9sign\u00e9 quitte ses \nfonctions ou que ces fonctions font l'objet de modification au sein du Centre Hospitalier de Montlu\u00e7on-\nN\u00e9ris-les-Bains  \nCette d\u00e9l\u00e9gation peut \u00eatre retir\u00e9e \u00e0 tout moment par le Directeur d'h\u00f4pital nomm\u00e9 et signataire \n \nLe titulaire de la d\u00e9l\u00e9gation a la responsabilit\u00e9 des op\u00e9rations qu'il effectue dans le cadre de sa d\u00e9l\u00e9gation \net est charg\u00e9 d'assurer le cont r\u00f4le de l'ensemble des agents qui interviennent dans les proc\u00e9dures \nconcern\u00e9es. \n \nArticle 6 :   \n \nLa pr\u00e9sente d\u00e9l\u00e9gation sera publi\u00e9e au recueil des actes administratifs de l'Allier. \n \nSIGNE  \nGuilhem ALLEGRE \nDirecteur  \nCentre Hospitalier de Montlu\u00e7on-N\u00e9ris-les-Bains  \n \n \n \n03_CHMTL_Centre Hospitalier de Montlu\u00e7on - 03-2026-01-06-00003 - RAA d\u00e9l\u00e9gation de signature Mme CLAUSS 21\n03_CHMTL_Centre Hospitalier de Montlu\u00e7on\n03-2026-01-02-00003\nRAA d\u00e9l\u00e9gation de signature Mme JUNKER \n03_CHMTL_Centre Hospitalier de Montlu\u00e7on - 03-2026-01-02-00003 - RAA d\u00e9l\u00e9gation de signature Mme JUNKER 22\nExtrait de l'acte du 02 janvier 2026 \n \nD\u00c9L\u00c9GATION DE SIGNATURE \u2013  \nMadame Sophie JUNKER \nArticle 1er : \n \n D\u00e9l\u00e9gation de signature est donn\u00e9e \u00e0 Madame Sophie JUNKER , Ing\u00e9nieure Hospitalier et \nresponsable du service financier de signer, en son nom, en qualit\u00e9 d'Ordonnateur suppl\u00e9ant :  \n \n\uf0fc Les mandats de paiement et titres de recettes \u00e9mis dans le cadre de l'ex\u00e9cution du Budget,  \n\uf0fc Tous les actes relatifs au paiement des salaires, \n\uf0fc Tout acte de gestion courante relevant de la Direction G\u00e9n\u00e9rale, \n\uf0fc Toutes d\u00e9cisions en tant qu'Administrateur de garde, \n \nArticle 2 :  \n \nEn l'absence de Madame Sophie JUNKER d\u00e9l\u00e9gation de signature est donn\u00e9e  \u00e0 Monsieur Pierre \nROCHAS, Ing\u00e9nieur Hospitalier, pour le m\u00eame p\u00e9rim\u00e8tre \u00e0 l'exception de ceux adress\u00e9s aux autorit\u00e9s de \ntutelle.  \n \nArticle 3 ;    \n \nCes d\u00e9l\u00e9gations sont assorties de l'obligation pour le titulaire :  \n \n\uf0fc De respecter les proc\u00e9dures r\u00e9glementaires en vigueur, \n\uf0fc De n'engager les d\u00e9penses que dans la limite des cr\u00e9dits autoris\u00e9s, \n\uf0fc De rendre compte \u00e0 la Direction G\u00e9n\u00e9rale des op\u00e9rations effectu\u00e9es \n \nArticle 4 :  \n \nLa pr\u00e9sente d\u00e9cision abroge et remplace toutes d\u00e9cisions et dispositions ant\u00e9rieures de m\u00eame nature \n \nLa pr\u00e9sente d\u00e9cision est intuitu personae . Elle cesse d\u00e8s lors que le d\u00e9l\u00e9gataire d\u00e9sign\u00e9 quitte ses \nfonctions ou que ces fonctions font l'objet de modification au sein du Centre Hospitalier de Montlu\u00e7on-\nN\u00e9ris-les-Bains  \n \nCette d\u00e9l\u00e9gation peut \u00eatre retir\u00e9e \u00e0 tout moment par le directeur d'h\u00f4pital nomm\u00e9 et signataire \n \nLe titulaire de la d\u00e9l\u00e9gation a la responsabilit\u00e9 des op\u00e9rations qu'il effectue dans le cadre de sa d\u00e9l\u00e9gation \net est charg\u00e9 d'assurer le contr\u00f4le de l'ensemble des agents qui interviennent dan s les proc\u00e9dures \nconcern\u00e9es. \n \nArticle 5 :   \n \nLa pr\u00e9sente d\u00e9l\u00e9gation sera publi\u00e9e au recueil des actes administratifs de l'Allier. \n \n \n \nSIGNE  \nGuilhem ALLEGRE \nDirecteur  \nCentre Hospitalier de Montlu\u00e7on-N\u00e9ris-les-Bains  \n \n \n \n03_CHMTL_Centre Hospitalier de Montlu\u00e7on - 03-2026-01-02-00003 - RAA d\u00e9l\u00e9gation de signature Mme JUNKER 23\n03_CHMTL_Centre Hospitalier de Montlu\u00e7on\n03-2026-01-08-00007\nRAA d\u00e9l\u00e9gation de signature Mme\nMAISONNEUVE \n03_CHMTL_Centre Hospitalier de Montlu\u00e7on - 03-2026-01-08-00007 - RAA d\u00e9l\u00e9gation de signature Mme MAISONNEUVE 24\nExtrait de l'acte du 06.01.2026 \n \nD\u00c9L\u00c9GATION DE SIGNATURE \u2013 Madame Am\u00e9lie MAISONNEUVE  \n \n \nArticle 1er : \n \n D\u00e9l\u00e9gation de signature est donn\u00e9e \u00e0 Madame Am\u00e9lie MAISONNEUVE, Ing\u00e9nieure hospitalier \nresponsable des syst\u00e8mes d'informations et de la t\u00e9l\u00e9communication, de signer, en son nom, en \nqualit\u00e9 d'Ordonnateur suppl\u00e9ant :  \n \n\uf0fc Les courriers concernant la direction des syst\u00e8mes d'informations et de la t\u00e9l\u00e9communication. \n\uf0fc D\u00e9penses courantes : Les bons de commandes, les factures, les contrats sur les cr\u00e9dits \nd'exploitation \u00e0 5 000 euros relevant de l'ensemble des Achats dans le cadre des March\u00e9s du \nCentre Hospitalier de Montlu\u00e7on. \n\uf0fc D\u00e9penses d'Investissement : \u00e0 hauteur de 15 000 euros relevant de l'ensemble des Achats dans \nle cadre des March\u00e9s du Centre Hospitalier de Montlu\u00e7on. \n\uf0fc Tout acte de gestion courante relevant de la garde administrative \n \nArticle 2 :    \n \nCes d\u00e9l\u00e9gations sont assorties de l'obligation pour le titulaire :  \n \n\uf0fc De respecter les proc\u00e9dures r\u00e9glementaires en vigueur, \n\uf0fc De n'engager les d\u00e9penses que dans la limite des cr\u00e9dits autoris\u00e9s, \n\uf0fc De rendre compte \u00e0 la Direction G\u00e9n\u00e9rale des op\u00e9rations effectu\u00e9es \n \nArticle 3 :  \n \nLa pr\u00e9sente d\u00e9cision abroge et remplace toutes d\u00e9cisions et dispositions ant\u00e9rieures de m\u00eame nature \n \nLa pr\u00e9sente d\u00e9cision est intuitu personae . Elle cesse d\u00e8s lors que le d\u00e9l\u00e9gataire d\u00e9sign\u00e9 quitte ses \nfonctions ou que ces fonctions font l'objet de modification au sein du Centre Hospitalier de Montlu\u00e7on-\nN\u00e9ris-les-Bains  \n \nCette d\u00e9l\u00e9gation peut \u00eatre retir\u00e9e \u00e0 tout moment par le directeur d'h\u00f4pital nomm\u00e9 et signataire \n \nLe titulaire de la d\u00e9l\u00e9gation a la responsabilit\u00e9 des op\u00e9rations qu'il effectue dans le cadre de sa d\u00e9l\u00e9gation \net est charg\u00e9 d'assurer le contr\u00f4le de l'ensemble des agents qui interviennent dans les proc\u00e9dures \nconcern\u00e9es. \n \nArticle 4 :   \n \nLa pr\u00e9sente d\u00e9l\u00e9gation sera publi\u00e9e au recueil des actes administratifs de l'Allier. \n \n \n \n \nSIGNE  \nGuilhem ALLEGRE \nDirecteur  \nCentre Hospitalier de Montlu\u00e7on-N\u00e9ris-les-Bains  \n \n \n \n03_CHMTL_Centre Hospitalier de Montlu\u00e7on - 03-2026-01-08-00007 - RAA d\u00e9l\u00e9gation de signature Mme MAISONNEUVE 25\n03_CHMTL_Centre Hospitalier de Montlu\u00e7on\n03-2026-01-06-00004\nRAA d\u00e9l\u00e9gation de signature Mme STOLL\n03_CHMTL_Centre Hospitalier de Montlu\u00e7on - 03-2026-01-06-00004 - RAA d\u00e9l\u00e9gation de signature Mme STOLL 26\nExtrait de l'acte du 06.01.2026 \n \nD\u00c9L\u00c9GATION DE SIGNATURE \u2013 Madame Aur\u00e9lie STOLL \n \n \nArticle 1er : \n \n D\u00e9l\u00e9gation de signature est donn\u00e9e \u00e0 Madame Aur\u00e9lie STOLL, Directrice des soins, coordonnatrice \ng\u00e9n\u00e9rale des activit\u00e9s de soins infirmiers, de r\u00e9\u00e9ducation et m\u00e9dicotechniques et Directrice de la qualit\u00e9 \net de la gestion des risques, de signer, en son nom, en qualit\u00e9 d'Ordonnateur suppl\u00e9ant :  \n \n\uf0fc Tous les courriers et d\u00e9cisions concernant l'affectation du personnel soignant  \n\uf0fc Tout acte de gestion courante relevant de la garde administrative. \n \n \nArticle 2 :  \n \nEn l'absence de Madame Aur\u00e9lie STOLL d\u00e9l\u00e9gation de signature est donn\u00e9e \u00e0  Madame Catherine \nCLAUSS, Cadre sup\u00e9rieure de sant\u00e9 \u00e0 la Direction des soins pour signer pour le m\u00eame p\u00e9rim\u00e8tre  \u00e0 \nl'exception de ceux adress\u00e9s aux autorit\u00e9s de tutelle. \n \n \n \nArticle 3 :   \n \nCes d\u00e9l\u00e9gations sont assorties de l'obligation pour le titulaire :  \n \n\uf0fc De respecter les proc\u00e9dures r\u00e9glementaires en vigueur, \n\uf0fc De n'engager les d\u00e9penses que dans la limite des cr\u00e9dits autoris\u00e9s, \n\uf0fc De rendre compte \u00e0 la Direction G\u00e9n\u00e9rale des op\u00e9rations effectu\u00e9es \n \nArticle 4 :  \n \nLa pr\u00e9sente d\u00e9cision abroge et remplace toutes d\u00e9cisions et dispositions ant\u00e9rieures de m\u00eame nature \n \nLa pr\u00e9sente d\u00e9cision est intuitu personae . Elle cesse d\u00e8s lors que le d\u00e9l\u00e9gataire d \u00e9sign\u00e9 quitte ses \nfonctions ou que ces fonctions font l'objet de modification au sein du Centre Hospitalier de Montlu\u00e7on-\nN\u00e9ris-les-Bains  \n \nCette d\u00e9l\u00e9gation peut \u00eatre retir\u00e9e \u00e0 tout moment par le Directeur d'h\u00f4pital nomm\u00e9 et signataire \n \nLe titulaire de la d\u00e9l\u00e9gation a la responsabilit\u00e9 des op\u00e9rations qu'il effectue dans le cadre de sa d\u00e9l\u00e9gation \net est charg\u00e9 d'assurer le contr\u00f4le de l'ensemble des agents qui interviennent dans les proc\u00e9dures \nconcern\u00e9es. \n \nArticle 5 :   \n \nLa pr\u00e9sente d\u00e9l\u00e9gation sera publi\u00e9e au recueil des actes administratifs de l'Allier. \n \n \nSIGNE  \nGuilhem ALLEGRE \nDirecteur  \nCentre Hospitalier de Montlu\u00e7on-N\u00e9ris-les-Bains  \n \n \n \n03_CHMTL_Centre Hospitalier de Montlu\u00e7on - 03-2026-01-06-00004 - RAA d\u00e9l\u00e9gation de signature Mme STOLL 27\n03_CHMTL_Centre Hospitalier de Montlu\u00e7on\n03-2026-01-06-00008\nRAA d\u00e9l\u00e9gation de signature Mme THIBAULT\n03_CHMTL_Centre Hospitalier de Montlu\u00e7on - 03-2026-01-06-00008 - RAA d\u00e9l\u00e9gation de signature Mme THIBAULT 28\nExtrait de l'acte du 06.01.2026 \n \nD\u00c9L\u00c9GATION DE SIGNATURE \u2013 Madame B\u00e9atrice THIBAULT \n \n \nArticle 1er : \n \n D\u00e9l\u00e9gation de signature est donn\u00e9e \u00e0 Madame B\u00e9atrice THIBAULT, Directrice  des droits des \npatients et des relations avec les usagers   de signer, en son nom, en qualit\u00e9 d'Ordonnateur suppl\u00e9ant :  \n \n\uf0fc Les courriers de r\u00e9ponse concernant les plaintes et r\u00e9clamations des patients \u00e0 l'exception de ceux \nadress\u00e9s aux autorit\u00e9s de tutelle.  \n\uf0fc Toutes d\u00e9cisions en tant qu'Administrateur de garde. \n \nArticle 2 : \n \nLe titulaire de la d\u00e9l\u00e9gation a la responsabilit\u00e9 des op\u00e9rations qu'il effectue dans le cadre de sa d\u00e9l\u00e9gation \net est charg\u00e9 d'assurer le contr\u00f4le de l'ensemble des agents qui interviennent dans les proc\u00e9dures \nconcern\u00e9es. \n \nArticle 3 ;    \n \nCes d\u00e9l\u00e9gations sont assorties de l'obligation pour le titulaire :  \n \n\uf0fc De respecter les proc\u00e9dures r\u00e9glementaires en vigueur, \n\uf0fc De n'engager les d\u00e9penses que dans la limite des cr\u00e9dits autoris\u00e9s, \n\uf0fc De rendre compte \u00e0 la Direction G\u00e9n\u00e9rale des op\u00e9rations effectu\u00e9es \n \nArticle 4 :  \n \nLa pr\u00e9sente d\u00e9cision abroge et remplace toutes d\u00e9cisions et dispositions ant\u00e9rieures de m\u00eame nature \n \nLa pr\u00e9sente d\u00e9cision est intuitu personae . Elle cesse d\u00e8s lors que le d\u00e9l\u00e9gataire d\u00e9sign\u00e9 quitte ses \nfonctions ou que ces fonctions font l'objet de modification au sein du Centre Hospitalier de Montlu\u00e7on-\nN\u00e9ris-les-Bains  \n \nCette d\u00e9l\u00e9gation peut \u00eatre retir\u00e9e \u00e0 tout moment par le Directeur d'h\u00f4pital nomm\u00e9 et signataire \n \nLe titulaire de la d\u00e9l\u00e9gation a la responsabilit\u00e9 des op\u00e9rations qu'il effectue dans le cadre de sa d\u00e9l\u00e9gation \net est charg\u00e9 d'assurer le contr\u00f4le de l'ensemble des agents qui interviennent dans les proc\u00e9dures \nconcern\u00e9es. \n \nArticle 5 :   \n \nLa pr\u00e9sente d\u00e9l\u00e9gation sera publi\u00e9e au recueil des actes administratifs de l'Allier. \n \n \n \nSIGNE  \nGuilhem ALLEGRE \nDirecteur  \nCentre Hospitalier de Montlu\u00e7on-N\u00e9ris-les-Bains  \n \n \n \n03_CHMTL_Centre Hospitalier de Montlu\u00e7on - 03-2026-01-06-00008 - RAA d\u00e9l\u00e9gation de signature Mme THIBAULT 29\n03_Pr\u00e9f_Pr\u00e9fecture de l'Allier\n03-2026-01-08-00003\nExtrait de l'arr\u00eat\u00e9 n\u00b023/2026 du 08 janvier 2026\nportant d\u00e9l\u00e9gation de signature \u00e0 Monsieur\nClaude FAUCHER, directeur d\u00e9partemental des\nterritoires de l'Allier\n03_Pr\u00e9f_Pr\u00e9fecture de l'Allier - 03-2026-01-08-00003 - Extrait de l'arr\u00eat\u00e9 n\u00b023/2026 du 08 janvier 2026 portant d\u00e9l\u00e9gation de signature\n\u00e0 Monsieur Claude FAUCHER, directeur d\u00e9partemental des territoires de l'Allier 30\nPREFETDE L'ALLIERLibert\u00e9Egalit\u00e9Fraternit\u00e9\nDirection de la Coordination des Politiques Publiques\n \nExtrait de l'arr\u00eat\u00e9 n\u00b0 23/2026 du 08 janvier 2026\nportant d\u00e9l\u00e9gation de signature\n\u00e0 Monsieur Claude FAUCHER,\ndirecteur d\u00e9partemental des territoires de l'Allier\nSECTION 1 : COMP\u00c9TENCE G\u00c9N\u00c9RALE\nArticle     1     :\u00a0D\u00e9l\u00e9gation\u00a0de\u00a0signature\u00a0est\u00a0donn\u00e9e\u00a0\u00e0\u00a0M. Claude FAUCHER ,\u00a0directeur\u00a0d\u00e9partemental\ndes\u00a0territoires\u00a0de\u00a0l'Allier,\u00a0\u00e0\u00a0l'effet\u00a0de\u00a0signer\u00a0tous\u00a0les\u00a0arr\u00eat\u00e9s,\u00a0d\u00e9cisions\u00a0et\u00a0correspondances\u00a0relatifs\naux\u00a0activit\u00e9s\u00a0de\u00a0son\u00a0service\u00a0:\nI \u2013 ADMINISTRATION G\u00c9N\u00c9RALE\nA\u00a0-\u00a0Gestion\u00a0du\u00a0personnel\u00a0:\nI A 1\u00a0:\u00a0Mise\u00a0en\u00a0place\u00a0d'un\u00a0Conseil\u00a0Social\u00a0d'Administration\u00a0et\u00a0mise\u00a0en\u00a0place\u00a0d'un\u00a0Conseil\u00a0Social\nd'Administration\u00a0en\u00a0formation\u00a0sp\u00e9cialis\u00e9e\u00a0et\u00a0signature\u00a0des\u00a0arr\u00eat\u00e9s\u00a0portant\u00a0d\u00e9signation\u00a0de\u00a0leurs\u00a0membres\u00a0;\nI A 2\u00a0:\u00a0Fixation\u00a0du\u00a0r\u00e8glement\u00a0int\u00e9rieur,\u00a0notamment\u00a0pour\u00a0l'am\u00e9nagement\u00a0du\u00a0temps\u00a0de\u00a0travail\u00a0et\u00a0de\nl'organisation\u00a0;\nI A 3\u00a0:\u00a0D\u00e9cisions\u00a0pronon\u00e7ant\u00a0en\u00a0mati\u00e8re\u00a0disciplinaire\u00a0des\u00a0sanctions\u00a0en\u00a0ce\u00a0qui\u00a0concerne\u00a0les\npersonnels\u00a0\u00e0\u00a0gestion\u00a0d\u00e9concentr\u00e9e\u00a0apr\u00e8s\u00a0communication\u00a0du\u00a0dossier\u00a0aux\u00a0int\u00e9ress\u00e9s\u00a0;\nI A 4\u00a0:\u00a0Attribution\u00a0et\u00a0gestion\u00a0des\u00a0postes\u00a0relevant\u00a0de\u00a0la\u00a0Nouvelle\u00a0Bonification\u00a0Indiciaire\u00a0(NBI)\u00a0;\nI A 5\u00a0:\u00a0Continuit\u00e9\u00a0du\u00a0service\u00a0public\u00a0:\u00a0ordre\u00a0de\u00a0maintien\u00a0dans\u00a0l'emploi\u00a0en\u00a0cas\u00a0de\u00a0crise\u00a0(gr\u00e8ve,\u00a0pand\u00e9mie\ngrippale\u2026)\u00a0;\nI A 6\u00a0:\u00a0Autorisation\u00a0d'exercice\u00a0d'une\u00a0activit\u00e9\u00a0accessoire\u00a0dans\u00a0le\u00a0cadre\u00a0d'un\u00a0cumul\u00a0d'activit\u00e9\u00a0;\nI A 7\u00a0:\u00a0Autorisations\u00a0individuelles\u00a0d'exercice\u00a0des\u00a0missions\u00a0en\u00a0t\u00e9l\u00e9travail.\nI A 8 :\u00a0Tout\u00a0autre\u00a0acte\u00a0de\u00a0gestion\u00a0du\u00a0personnel\u00a0relevant\u00a0du\u00a0champ\u00a0de\u00a0comp\u00e9tence\u00a0de\u00a0la\u00a0DDT\u00a0de\nl'Allier,\u00a0hors\u00a0ceux\u00a0d\u00e9l\u00e9gu\u00e9s\u00a0\u00e0\u00a0la\u00a0directrice\u00a0du\u00a0Secr\u00e9tariat\u00a0G\u00e9n\u00e9ral\u00a0Commun\u00a0D\u00e9partemental.\nI A 9 :\u00a0Etablissement\u00a0et\u00a0signature\u00a0des\u00a0cartes\u00a0d'identit\u00e9\u00a0de\u00a0fonctionnaires\u00a0et\u00a0des\u00a0cartes\nprofessionnelles,\u00a0\u00e0\u00a0l'exception\u00a0de\u00a0celles\u00a0qui\u00a0permettent\u00a0d'exercer\u00a0des\u00a0contr\u00f4les\u00a0\u00e0\u00a0l'ext\u00e9rieur\u00a0du\nd\u00e9partement\u00a0et\u00a0de\u00a0celles\u00a0concernant\u00a0les\u00a0emplois\u00a0r\u00e9gis\u00a0par\u00a0l'article\u00a01er\u00a0du\u00a0d\u00e9cret\u00a0n\u00b02009-360\u00a0du\n31\u00a0mars\u00a02009\u00a0relatif\u00a0aux\u00a0emplois\u00a0de\u00a0direction\u00a0de\u00a0l'administration\u00a0territoriale\u00a0de\u00a0l'\u00c9tat\u00a0(cartes\u00a0et\narr\u00eat\u00e9s\u00a0de\u00a0commissionnement)\u00a0;\nB\u00a0-\u00a0Patrimoine\u00a0:\nI B 1\u00a0:\u00a0concession\u00a0de\u00a0logement\nI B 2\u00a0:\u00a0protocole\u00a0de\u00a0s\u00e9curit\u00e9\u00a0applicable\u00a0aux\u00a0op\u00e9rations\u00a0de\u00a0chargement\u00a0et\u00a0de\u00a0d\u00e9chargement\neffectu\u00e9es\u00a0par\u00a0une\u00a0entreprise\u00a0ext\u00e9rieure\nI B 3 :\u00a0demande\u00a0de\u00a0permis\u00a0de\u00a0construire\u00a0pour\u00a0un\u00a0b\u00e2timent\u00a0g\u00e9r\u00e9\u00a0par\u00a0la\u00a0DDT\nI B 4 : d\u00e9claration\u00a0de\u00a0travaux\u00a0pour\u00a0un\u00a0b\u00e2timent\u00a0g\u00e9r\u00e9\u00a0par\u00a0la\u00a0DDT\nI B 5 :\u00a0demande\u00a0d'autorisation\u00a0d'installations\u00a0et\u00a0travaux\u00a0divers\u00a0sur\u00a0un\u00a0terrain\u00a0g\u00e9r\u00e9\u00a0par\u00a0la\u00a0DDT\nI B 6 :\u00a0demande\u00a0de\u00a0permis\u00a0de\u00a0d\u00e9molir\u00a0pour\u00a0un\u00a0b\u00e2timent\u00a0g\u00e9r\u00e9\u00a0par\u00a0la\u00a0DDT\nI B 7\u00a0:\u00a0remise\u00a0\u00e0\u00a0France\u00a0Domaine\u00a0des\u00a0immeubles\u00a0domaniaux\u00a0devenus\u00a0inutiles\u00a0au\u00a0service\n1\n03_Pr\u00e9f_Pr\u00e9fecture de l'Allier - 03-2026-01-08-00003 - Extrait de l'arr\u00eat\u00e9 n\u00b023/2026 du 08 janvier 2026 portant d\u00e9l\u00e9gation de signature\n\u00e0 Monsieur Claude FAUCHER, directeur d\u00e9partemental des territoires de l'Allier 31\nC\u00a0-\u00a0Responsabilit\u00e9\u00a0civile\u00a0:\nI C 1 :\u00a0r\u00e8glements\u00a0amiables\u00a0des\u00a0dommages\u00a0mat\u00e9riels\u00a0caus\u00e9s\u00a0par\u00a0l'\u00c9tat\u00a0\u00e0\u00a0des\u00a0particuliers,\u00a0dans\u00a0la\nlimite\u00a0du\u00a0seuil\u00a0fix\u00e9\u00a0par\u00a0circulaire\u00a0minist\u00e9rielle\nI C 2 :\u00a0r\u00e8glements\u00a0amiables\u00a0des\u00a0dommages\u00a0subis\u00a0ou\u00a0caus\u00e9s\u00a0par\u00a0l'\u00c9tat\u00a0du\u00a0fait\u00a0d'accidents\u00a0de\u00a0circulation\nD\u00a0-\u00a0Communications\u00a0des\u00a0documents\u00a0administratifs\u00a0 \u00a0\u00a0\u00a0\u00a0:\nI D 1\u00a0:\u00a0d\u00e9cisions\u00a0relatives\u00a0\u00e0\u00a0la\u00a0communication\u00a0des\u00a0documents\u00a0administratifs\u00a0autres\u00a0que\u00a0ceux\nd\u00e9tenus\u00a0par\u00a0les\u00a0administrations\u00a0centrales\nE\u00a0-\u00a0Contentieux\u00a0:\nI E 1 :\u00a0pr\u00e9sentation\u00a0des\u00a0observations\u00a0\u00e9crites\u00a0devant\u00a0les\u00a0juridictions\u00a0p\u00e9nales\u00a0en\u00a0vue\u00a0de\u00a0la\ncondamnation\u00a0\u00e0\u00a0une\u00a0peine\u00a0d'amende,\u00a0\u00e0\u00a0la\u00a0remise\u00a0en\u00a0\u00e9tat\u00a0des\u00a0lieux\u00a0ou\u00a0\u00e0\u00a0la\u00a0mise\u00a0en\u00a0conformit\u00e9\u00a0des\nouvrages\u00a0en\u00a0mati\u00e8re\u00a0d'infraction\u00a0aux\u00a0r\u00e8gles\u00a0du\u00a0code\u00a0de\u00a0l'urbanisme\u00a0relatives\u00a0aux\u00a0certificats\nd'urbanisme,\u00a0aux\u00a0permis\u00a0de\u00a0construire\u00a0et\u00a0autres\u00a0autorisations\u00a0d'occupation\u00a0des\u00a0sols\nI E 2 :\u00a0demande\u00a0d'interruption\u00a0des\u00a0travaux\u00a0adress\u00e9e\u00a0\u00e0\u00a0l'autorit\u00e9\u00a0judiciaire\nI E 3 :\u00a0demande\u00a0de\u00a0main\u00a0lev\u00e9e\u00a0ou\u00a0du\u00a0maintien\u00a0des\u00a0mesures\u00a0prises\u00a0pour\u00a0assurer\u00a0l'interruption\u00a0des\u00a0travaux\nI E 4 :\u00a0d\u00e9clenchement\u00a0de\u00a0la\u00a0proc\u00e9dure\u00a0de\u00a0mise\u00a0en\u00a0recouvrement\u00a0des\u00a0astreintes\u00a0lorsque\u00a0le\u00a0Maire\u00a0ne\nd\u00e9clenche\u00a0pas\u00a0cette\u00a0proc\u00e9dure\nI E 5 :\u00a0d\u00e9clenchement\u00a0de\u00a0la\u00a0proc\u00e9dure\u00a0d'ex\u00e9cution\u00a0d'office\nI E 6 :\u00a0pr\u00e9sentation\u00a0des\u00a0observations\u00a0\u00e9crites\u00a0ou\u00a0devant\u00a0les\u00a0juridictions\u00a0p\u00e9nales\u00a0en\u00a0vue\u00a0de\u00a0la\ncondamnation\u00a0\u00e0\u00a0une\u00a0peine\u00a0d'amende,\u00a0\u00e0\u00a0une\u00a0astreinte\u00a0judiciaire,\u00a0\u00e0\u00a0la\u00a0remise\u00a0en\u00a0\u00e9tat\u00a0des\u00a0lieux,\u00a0\u00e0\u00a0la\nsuppression\u00a0ou\u00a0\u00e0\u00a0la\u00a0mise\u00a0en\u00a0conformit\u00e9\u00a0des\u00a0dispositions\u00a0publicitaires\u00a0en\u00a0infraction\u00a0avec\u00a0la\nr\u00e9glementation\u00a0de\u00a0la\u00a0publicit\u00e9\u00a0le\u00a0long\u00a0des\u00a0routes.\nI E 7\u00a0:\u00a0pr\u00e9sentation\u00a0des\u00a0observations\u00a0en\u00a0d\u00e9fense,\u00a0\u00e9crites\u00a0et\u00a0orales,\u00a0devant\u00a0les\u00a0juridictions\nadministratives\u00a0dans\u00a0les\u00a0domaines\u00a0de\u00a0comp\u00e9tence\u00a0de\u00a0la\u00a0DDT\u00a0:\u00a0instances\u00a0de\u00a0r\u00e9f\u00e9r\u00e9\u00a0(proc\u00e9dures\nd'urgence)\u00a0et\u00a0m\u00e9moires\u00a0en\u00a0d\u00e9fense,\u00a0initiaux\u00a0ou\u00a0en\u00a0r\u00e9plique,\u00a0\u00e0\u00a0l'exclusion\u00a0des\u00a0d\u00e9f\u00e9r\u00e9s\u00a0pr\u00e9fectoraux.\nII \u2013 ROUTES,\u00a0CIRCULATION\u00a0ROUTI\u00c8RE, TRANSPORTS\nA\u00a0-\u00a0Gestion\u00a0et\u00a0conservation\u00a0du\u00a0domaine\u00a0public\u00a0routier\u00a0national\u00a0:\nII A 1\u00a0:\u00a0autorisations\u00a0de\u00a0circulation\u00a0des\u00a0v\u00e9hicules\u00a0dont\u00a0le\u00a0poids\u00a0total\u00a0en\u00a0charge\u00a0est\u00a0sup\u00e9rieur\u00a0\u00e0\u00a03,5\ntonnes\u00a0\u00e9quip\u00e9s\u00a0de\u00a0pneumatiques\u00a0comportant\u00a0des\u00a0\u00e9l\u00e9ments\u00a0m\u00e9talliques\u00a0susceptibles\u00a0de\u00a0faire\nsaillies\u00a0(pneus\u00a0clout\u00e9s).\nB\u00a0-\u00a0Exploitation\u00a0de\u00a0la\u00a0route\u00a0et\u00a0police\u00a0de\u00a0la\u00a0circulation\u00a0:\nII B 1 :\u00a0avis\u00a0concernant\u00a0les\u00a0mesures\u00a0de\u00a0police\u00a0de\u00a0la\u00a0circulation\u00a0sur\u00a0les\u00a0routes\u00a0class\u00e9es\u00a0\u00e0\u00a0grande\u00a0circulation\nII B 2 :\u00a0avis\u00a0sur\u00a0les\u00a0projets\u00a0des\u00a0collectivit\u00e9s\u00a0modifiant\u00a0les\u00a0caract\u00e9ristiques\u00a0techniques\u00a0ou\u00a0mesures\nsusceptibles\u00a0d'affecter\u00a0la\u00a0circulation\nII B 3\u00a0:\u00a0autorisations\u00a0de\u00a0circulation\u00a0des\u00a0v\u00e9hicules\u00a0de\u00a0transport\u00a0de\u00a0marchandises\u00a0en\u00a0p\u00e9riode\u00a0d'interdiction\nII B 4\u00a0:\u00a0avis\u00a0sur\u00a0l'organisation\u00a0de\u00a0manifestations\u00a0sportives.\nC\u00a0-\u00a0R\u00e9glementation\u00a0des\u00a0transports\u00a0de\u00a0voyageurs\u00a0:\nII C 1 :\u00a0autorisations\u00a0de\u00a0circulation\u00a0des\u00a0petits\u00a0trains\u00a0routiers\u00a0touristiques.\n2\n03_Pr\u00e9f_Pr\u00e9fecture de l'Allier - 03-2026-01-08-00003 - Extrait de l'arr\u00eat\u00e9 n\u00b023/2026 du 08 janvier 2026 portant d\u00e9l\u00e9gation de signature\n\u00e0 Monsieur Claude FAUCHER, directeur d\u00e9partemental des territoires de l'Allier 32\nIII \u2013 COURS D'EAU \u2013 VOIES NAVIGABLES\nA\u00a0-\u00a0Gestion\u00a0et\u00a0conservation\u00a0du\u00a0domaine\u00a0public\u00a0fluvial\u00a0:\nIII A 1 :\u00a0actes\u00a0d'administration\u00a0du\u00a0domaine\u00a0public\u00a0fluvial\nIII A 2 :\u00a0autorisations\u00a0d'occupation\u00a0temporaire\u00a0et\u00a0de\u00a0stationnement\nIII A 3 :\u00a0conventions\u00a0de\u00a0gestion\nIII A 4 : autorisations\u00a0de\u00a0prise\u00a0d'eau\u00a0et\u00a0d'\u00e9tablissements\u00a0temporaires\nIII A 5 : approbation\u00a0d'op\u00e9rations\u00a0domaniales\nB\u00a0-\u00a0Autorisations\u00a0de\u00a0travaux\u00a0de\u00a0protection\u00a0contre\u00a0les\u00a0eaux\u00a0:\nIII B 1 : prise\u00a0en\u00a0consid\u00e9ration\u00a0et\u00a0autorisation\u00a0des\u00a0travaux\u00a0de\u00a0d\u00e9fense\u00a0des\u00a0lieux\u00a0habit\u00e9s\u00a0contre\u00a0les\u00a0inondations.\nC\u00a0-\u00a0Manifestations\u00a0nautiques\u00a0:\nIII C 1 :\u00a0autorisation\u00a0des\u00a0manifestations\u00a0nautiques\u00a0dans\u00a0les\u00a0conditions\u00a0pr\u00e9vues\u00a0\u00e0\u00a0l'article\u00a0R.\u00a04241-38\ndu\u00a0code\u00a0des\u00a0transports\nIV - CONSTRUCTION\nA\u00a0-\u00a0Subventions\u00a0et\u00a0pr\u00eats\u00a0pour\u00a0la\u00a0construction,\u00a0l'acquisition\u00a0et\u00a0l'am\u00e9lioration\u00a0de\u00a0logements\u00a0:\nIV A 1 :\u00a0prorogation\u00a0du\u00a0d\u00e9lai\u00a0de\u00a0r\u00e9alisation\u00a0des\u00a0travaux\u00a0pour\u00a0les\u00a0subventions\u00a0et\u00a0pr\u00eats\u00a0ayant\u00a0fait\nl'objet\u00a0d'une\u00a0d\u00e9cision\u00a0favorable\u00a0ant\u00e9rieure\u00a0au\u00a031\u00a0d\u00e9cembre\u00a02005\nIV A 2 :\u00a0d\u00e9cision\u00a0attributive\u00a0de\u00a0subvention,\u00a0rejet,\u00a0retrait,\u00a0prorogation\u00a0(hors\u00a0subventions\u00a0d\u00e9l\u00e9gu\u00e9es\nau\u00a0conseil\u00a0d\u00e9partemental).\nB\u00a0-\u00a0Conventionnement\u00a0:\nIV B 1\u00a0:\u00a0signature\u00a0des\u00a0conventions\u00a0entre\u00a0l'\u00c9tat\u00a0et\u00a0les\u00a0bailleurs,\u00a0ouvrant\u00a0droit\u00a0\u00e0\u00a0l'aide\u00a0personnalis\u00e9e\nau\u00a0logement,\u00a0et\u00a0toutes\u00a0les\u00a0d\u00e9cisions\u00a0ult\u00e9rieures\u00a0aff\u00e9rentes\u00a0\u00e0\u00a0ces\u00a0conventions,\u00a0notamment\u00a0les\navenants\u00a0et\u00a0r\u00e9siliations\u00a0aux\u00a0torts\u00a0des\u00a0bailleurs.\nIV B 2\u00a0:\u00a0autorisations\u00a0de\u00a0d\u00e9molir.\nC\u00a0-\u00a0Ali\u00e9nation\u00a0des\u00a0logements\u00a0des\u00a0organismes\u00a0d'habitations\u00a0\u00e0\u00a0loyer\u00a0mod\u00e9r\u00e9\u00a0:\nIV C 1 :\u00a0signature,\u00a0en\u00a0cas\u00a0d'accord\u00a0avec\u00a0la\u00a0commune,\u00a0du\u00a0courrier\u00a0notifiant\u00a0\u00e0\u00a0l'organisme\u00a0la\u00a0non-\nopposition\u00a0\u00e0\u00a0l'ali\u00e9nation,\u00a0en\u00a0application\u00a0du\u00a03\u00e8me\u00a0alin\u00e9a\u00a0de\u00a0l'article\u00a0L.443-7\u00a0du\u00a0code\u00a0de\u00a0la\nconstruction\u00a0et\u00a0de\u00a0l'habitation.\nD\u00a0\u00a0\u00a0\u00a0\u00a0-\u00a0\u00a0\u00a0\u00a0\u00a0Accessibilit\u00e9\u00a0des\u00a0\u00e9tablissements\u00a0recevant\u00a0du\u00a0public\u00a0(ERP)\u00a0de\u00a01\u02b3\u1d49,\u00a02\u1d49,\u00a03\u1d49,\u00a04\u1d49\u00a0et\u00a05\u1d49\u00a0cat\u00e9gories\u00a0 \u00a0,\u00a0logements,\nimmeubles\u00a0de\u00a0grande\u00a0hauteur,\u00a0transports,\u00a0installations\u00a0ouvertes\u00a0au\u00a0public\u00a0(IOP)\u00a0et\u00a0voiries\u00a0:\nIV D 1\u00a0:\u00a0d\u00e9rogation\u00a0pour\u00a0impossibilit\u00e9\u00a0technique,\u00a0disproportion\u00a0manifeste,\u00a0conservation\u00a0du\u00a0patrimoine\u00a0ou\nopposition\u00a0des\u00a0copropri\u00e9taires\nIV D 2 : prorogation\u00a0du\u00a0d\u00e9lai\u00a0de\u00a0mise\u00a0en\u00a0\u0153uvre\u00a0d'un\u00a0agenda\u00a0d'accessibilit\u00e9\u00a0programm\u00e9e.\nE\u00a0-\u00a0Accessibilit\u00e9\u00a0des\u00a0\u00e9tablissements\u00a0recevant\u00a0du\u00a0public\u00a0(ERP)\u00a0 \u00a0\u00a0\u00a0\u00a0:\nIV E 1 : signature\u00a0des\u00a0autorisations\u00a0de\u00a0construire,\u00a0d'am\u00e9nager\u00a0ou\u00a0de\u00a0modifier\u00a0un\u00a0\u00e9tablissement\nrecevant\u00a0du\u00a0public\u00a0pour\u00a0le\u00a0compte\u00a0d'\u00c9tats\u00a0\u00e9trangers\u00a0ou\u00a0d'organisations\u00a0internationales,\u00a0de\u00a0l'\u00c9tat,\nde\u00a0ses\u00a0\u00e9tablissements\u00a0publics\u00a0et\u00a0concessionnaires.\n3\n03_Pr\u00e9f_Pr\u00e9fecture de l'Allier - 03-2026-01-08-00003 - Extrait de l'arr\u00eat\u00e9 n\u00b023/2026 du 08 janvier 2026 portant d\u00e9l\u00e9gation de signature\n\u00e0 Monsieur Claude FAUCHER, directeur d\u00e9partemental des territoires de l'Allier 33\nV \u2013 R\u00c8GLES D'URBANISME, PLANIFICATION\nA\u00a0-\u00a0Certificats\u00a0d'urbanisme\u00a0 \u00a0\u00a0\u00a0\u00a0:\nV A 1\u00a0:lettre\u00a0de\u00a0consultation\u00a0des\u00a0services\nV A 2 :d\u00e9livrance\u00a0des\u00a0certificats\u00a0d'urbanisme\u00a0(y\u00a0compris\u00a0renouvellement\u00a0et\u00a0installations\u00a0de\nproduction\u00a0et\u00a0de\u00a0stockage\u00a0d'\u00e9nergie),\u00a0sauf\u00a0lorsque\u00a0le\u00a0Maire\u00a0et\u00a0le\u00a0directeur\u00a0d\u00e9partemental\u00a0des\nterritoires\u00a0ont\u00a0\u00e9mis\u00a0des\u00a0avis\u00a0en\u00a0sens\u00a0contraire.\nB\u00a0\u00a0\u00a0\u00a0\u00a0-\u00a0\u00a0\u00a0\u00a0\u00a0Permis\u00a0(permis\u00a0de\u00a0construire,\u00a0permis\u00a0d'am\u00e9nager,\u00a0permis\u00a0de\u00a0d\u00e9molir\u00a0et\u00a0d\u00e9clarations\u00a0pr\u00e9alables)\u00a0 \u00a0\u00a0:\n\u2022 Instruction\u00a0:\nV B 1 : lettre\u00a0de\u00a0consultation\u00a0des\u00a0services\nV B 2\u00a0:\u00a0lettre\u00a0de\u00a0notification\u00a0de\u00a0la\u00a0liste\u00a0des\u00a0pi\u00e8ces\u00a0compl\u00e9mentaires\u00a0et\u00a0/\u00a0ou\u00a0de\u00a0la\u00a0modification\u00a0du\u00a0d\u00e9lai\nd'instruction\n\u2022\u00a0 PLU\u00a0annul\u00e9\u00a0:\u00a0\nV B 3\u00a0:\u00a0avis\u00a0conforme\u00a0en\u00a0cas\u00a0de\u00a0PLU\u00a0annul\u00e9\nV B 4 :\u00a0avis\u00a0conforme\u00a0en\u00a0cas\u00a0de\u00a0POS\u00a0caduc\u00a0\u00e0\u00a0compter\u00a0du\u00a027\u00a0mars\u00a02017\u00a0(art.\u00a0L.422-5,\u00a0art.\u00a0L.174-1\net\u00a0suivants\u00a0du\u00a0Code\u00a0de\u00a0l'urbanisme)\n\u2022 D\u00e9cision\u00a0:\nV B 5 :\u00a0signature\u00a0de\u00a0la\u00a0d\u00e9cision\u00a0(accord,\u00a0refus,\u00a0opposition,\u00a0modification,\u00a0prorogation,\u00a0transfert)\u00a0:\u00a0\n\u2013\u00a0sauf\u00a0lorsque\u00a0le\u00a0maire\u00a0et\u00a0le\u00a0directeur\u00a0d\u00e9partemental\u00a0des\u00a0territoires\u00a0ont\u00a0\u00e9mis\u00a0des\u00a0avis\u00a0en\u00a0sens\u00a0contraire\u00a0;\n\u2013\u00a0sauf\u00a0lorsque\u00a0la\u00a0surface\u00a0de\u00a0plancher\u00a0de\u00a0la\u00a0construction\u00a0faisant\u00a0l'objet\u00a0de\u00a0la\u00a0demande\u00a0de\u00a0permis\u00a0de\nconstruire\u00a0est\u00a0sup\u00e9rieure\u00a0ou\u00a0\u00e9gale\u00a0\u00e0\u00a01\u00a0000\u00a0m\u00b2\u00a0;\n\u2013\u00a0sauf\u00a0si\u00a0le\u00a0permis\u00a0de\u00a0construire\u00a0concerne\u00a0les\u00a0installations\u00a0de\u00a0production\u00a0et\u00a0de\u00a0stockage\u00a0d'\u00e9nergie\n\u00a0\u00a0(cf.\u00a0sp\u00e9cificit\u00e9s\u00a0ci-dessous)\u00a0;\nV B 6\u00a0:\u00a0dans\u00a0le\u00a0cas\u00a0des\u00a0installations\u00a0de\u00a0production\u00a0et\u00a0de\u00a0stockage\u00a0d'\u00e9nergie\u00a0:\n\u2013\u00a0saisine\u00a0de\u00a0l'Autorit\u00e9\u00a0environnementale\n\u2013\u00a0signature\u00a0des\u00a0actes\u00a0relatifs\u00a0aux\u00a0demandes\u00a0de\u00a0permis\u00a0de\u00a0construire,\u00a0\u00e0\u00a0l'exception\u00a0des\u00a0d\u00e9cisions\ninitiales\u00a0d'accord\u00a0ou\u00a0de\u00a0refus,\u00a0\u00e0\u00a0savoir\u00a0:\u00a0modification,\u00a0prorogation,\u00a0transfert\n\u2013\u00a0signature\u00a0des\u00a0actes\u00a0relatifs\u00a0aux\u00a0d\u00e9clarations\u00a0pr\u00e9alables\u00a0(d\u00e9cision\u00a0initiale,\u00a0modification,\nprorogation,\u00a0transfert)\nV B 7 :\u00a0certificat\u00a0en\u00a0cas\u00a0de\u00a0permis\u00a0tacite\u00a0ou\u00a0de\u00a0non\u00a0opposition\u00a0\u00e0\u00a0d\u00e9claration\u00a0pr\u00e9alable\nV B 8 :\u00a0certificat\u00a0de\u00a0non\u00a0recours\u00a0contre\u00a0les\u00a0permis\u00a0instruits\u00a0par\u00a0l'autorit\u00e9\u00a0administrative\u00a0de\u00a0l'\u00c9tat,\n\u00e9tabli\u00a0\u00e0\u00a0la\u00a0demande\u00a0du\u00a0p\u00e9titionnaire\nV B 9 :\u00a0d\u00e9rogation\u00a0aux\u00a0r\u00e8gles\u00a0d'implantation\u00a0fix\u00e9es\u00a0par\u00a0le\u00a0r\u00e8glement\u00a0national\u00a0d'urbanisme.\nC\u00a0-\u00a0Ach\u00e8vement\u00a0des\u00a0travaux\u00a0(permis\u00a0et\u00a0d\u00e9clarations)\u00a0:\nV C 1 :\u00a0contestation\u00a0de\u00a0la\u00a0conformit\u00e9\u00a0des\u00a0travaux\nV C 2 :\u00a0lettre\u00a0de\u00a0mise\u00a0en\u00a0demeure\u00a0de\u00a0d\u00e9poser\u00a0un\u00a0dossier\u00a0modificatif\u00a0ou\u00a0de\u00a0mettre\u00a0les\u00a0travaux\u00a0en\u00a0conformit\u00e9\nV C 3 :\u00a0attestation\u00a0de\u00a0non\u00a0contestation\u00a0de\u00a0la\u00a0conformit\u00e9\u00a0des\u00a0travaux.\nD\u00a0-\u00a0Sch\u00e9ma\u00a0de\u00a0coh\u00e9rence\u00a0territoriale\u00a0(SCOT)\u00a0et\u00a0sch\u00e9ma\u00a0de\u00a0secteurs\u00a0\u2013\u00a0code\u00a0de\u00a0l'urbanisme\u00a0:\nV D 1 :\u00a0consultation\u00a0des\u00a0services\u00a0int\u00e9ress\u00e9s\u00a0et\u00a0signature\u00a0du\u00a0porter\u00a0\u00e0\u00a0connaissance\u00a0-\u00a0L.132-1\u00a0\u00e0\u00a03,\nR.132-1\u00a0\u00e0\u00a03\nV D 2\u00a0: consultation\u00a0des\u00a0services\u00a0de\u00a0l'\u00c9tat\u00a0int\u00e9ress\u00e9s\u00a0par\u00a0le\u00a0projet\u00a0de\u00a0sch\u00e9ma\u00a0arr\u00eat\u00e9,\u00a0en\u00a0vue\u00a0de\u00a0la\nformulation\u00a0de\u00a0l'avis\u00a0sollicit\u00e9\u00a0par\u00a0le\u00a0pr\u00e9sident\u00a0de\u00a0l'\u00e9tablissement\u00a0public\u00a0de\u00a0coop\u00e9ration\nintercommunale\u00a0(EPCI)\u00a0aupr\u00e8s\u00a0du\u00a0Pr\u00e9fet\u00a0-\u00a0L.143-20\nV D 3\u00a0:\u00a0consultation\u00a0des\u00a0services\u00a0de\u00a0l'\u00c9tat\u00a0apr\u00e8s\u00a0enqu\u00eate\u00a0publique\u00a0-\u00a0L.143-23.\n4\n03_Pr\u00e9f_Pr\u00e9fecture de l'Allier - 03-2026-01-08-00003 - Extrait de l'arr\u00eat\u00e9 n\u00b023/2026 du 08 janvier 2026 portant d\u00e9l\u00e9gation de signature\n\u00e0 Monsieur Claude FAUCHER, directeur d\u00e9partemental des territoires de l'Allier 34\nE\u00a0-\u00a0Plan\u00a0local\u00a0d'urbanisme\u00a0(PLU)\u00a0\u2013\u00a0code\u00a0de\u00a0l'urbanisme\u00a0 \u00a0\u00a0\u00a0\u00a0:\nV E 1\u00a0:\u00a0consultation\u00a0des\u00a0services\u00a0int\u00e9ress\u00e9s\u00a0et\u00a0signature\u00a0du\u00a0porter\u00a0\u00e0\u00a0connaissance\u00a0-\u00a0L.132-1\u00a0\u00e0\u00a03,\nR.132-1\u00a0\u00e0\u00a03\nV E 2 : correspondances\u00a0relatives\u00a0\u00e0\u00a0l'association\u00a0de\u00a0l'\u00c9tat\u00a0et\u00a0\u00e0\u00a0sa\u00a0mise\u00a0en\u00a0\u0153uvre\u00a0dans\u00a0le\u00a0cadre\u00a0de\nl'\u00e9tablissement\u00a0du\u00a0PLU\u00a0-\u00a0L.\u00a0132-10,\u00a0L.153-34,\u00a0L.153-40-1\nV E 3 :\u00a0consultation\u00a0des\u00a0services\u00a0de\u00a0l'\u00c9tat\u00a0int\u00e9ress\u00e9s\u00a0par\u00a0le\u00a0projet\u00a0PLU\u00a0arr\u00eat\u00e9\u00a0-\u00a0L.153-16\nV E 4 :\u00a0\u00e9laboration\u00a0du\u00a0projet\u00a0de\u00a0modification\u00a0ou\u00a0de\u00a0r\u00e9vision\u00a0du\u00a0PLU\u00a0et\u00a0conduite\u00a0de\u00a0proc\u00e9dure\nlorsque\u00a0celle-ci\u00a0a\u00a0\u00e9t\u00e9\u00a0prescrite\u00a0par\u00a0le\u00a0Pr\u00e9fet,\u00a0en\u00a0application\u00a0de\u00a0l'article\u00a0L.153-51\nV E 5 :\u00a0dans\u00a0le\u00a0cadre\u00a0de\u00a0la\u00a0mise\u00a0en\u00a0compatibilit\u00e9\u00a0d'un\u00a0PLU\u00a0avec\u00a0une\u00a0op\u00e9ration\u00a0\u00e0\u00a0d\u00e9clarer\u00a0d'utilit\u00e9\npublique\u00a0ou\u00a0faisant\u00a0l'objet\u00a0d'une\u00a0d\u00e9claration\u00a0de\u00a0projet\u00a0:\u00a0\n-\u00a0l'\u00e9tablissement\u00a0du\u00a0dossier\u00a0de\u00a0mise\u00a0en\u00a0compatibilit\u00e9\u00a0et\u00a0conduite\u00a0de\u00a0proc\u00e9dure\u00a0sauf\u00a0enqu\u00eate\npublique\u00a0et\u00a0consultation\u00a0des\u00a0\u00e9lus\u00a0sur\u00a0la\u00a0mise\u00a0en\u00a0compatibilit\u00e9\u00a0des\u00a0documents\u00a0d'urbanisme\u00a0-\u00a0L.153-\n54\u00a0et\u00a0R.153-14\u00a0\u00e0\u00a017\nV E 6\u00a0:\u00a0notification\u00a0des\u00a0servitudes\u00a0nouvelles\u00a0devant\u00a0faire\u00a0l'objet\u00a0d'une\u00a0mise\u00a0\u00e0\u00a0jour\u00a0du\u00a0PLU\u00a0-\u00a0R.153-18\nV E 7\u00a0:\u00a0correspondances\u00a0relatives\u00a0\u00e0\u00a0une\u00a0proc\u00e9dure\u00a0de\u00a0modification\u00a0simplifi\u00e9e\u00a0du\u00a0PLU\u00a0-\u00a0L.153-45\u00a0\u00e0\u00a048\nF\u00a0-\u00a0Carte\u00a0communale\u00a0\u2013\u00a0code\u00a0de\u00a0l'urbanisme\u00a0:\nV F 1\u00a0:\u00a0consultation\u00a0des\u00a0services\u00a0int\u00e9ress\u00e9s\u00a0et\u00a0signature\u00a0du\u00a0porter\u00a0\u00e0\u00a0connaissance\u00a0-\u00a0R.163-2\nV F 2 :\u00a0correspondances\u00a0relatives\u00a0\u00e0\u00a0l'\u00e9laboration\u00a0de\u00a0la\u00a0carte\u00a0communale\u00a0et\u00a0\u00e0\u00a0sa\u00a0mise\u00a0en\u00a0\u0153uvre\u00a0-\nL.163-7\u00a0et\u00a010\u00a0et\u00a0R.163-5\nV F 3\u00a0:\u00a0correspondances\u00a0relatives\u00a0\u00e0\u00a0la\u00a0rectification\u00a0d'une\u00a0erreur\u00a0mat\u00e9rielle\u00a0de\u00a0la\u00a0carte\u00a0communale\u00a0-\nL.163-9\u00a0et\u00a0R.163-7.\nVI - BASES A\u00c9RIENNES\nVI 1 :\u00a0approbation\u00a0d'op\u00e9rations\u00a0domaniales\nVI 2\u00a0:\u00a0approbation\u00a0des\u00a0projets\u00a0d'entretien\u00a0dans\u00a0la\u00a0limite\u00a0des\u00a0cr\u00e9dits\u00a0disponibles\nVII - CHEMINS DE FER\n-\u00a0d\u00e9claration\u00a0d'inutilit\u00e9\u00a0aux\u00a0chemins\u00a0de\u00a0fer\u00a0des\u00a0immeubles\u00a0valant\u00a0moins\u00a0de\u00a0100\u00a0\u20ac\n-\u00a0classement\u00a0des\u00a0passages\u00a0\u00e0\u00a0niveaux\n-\u00a0cession,\u00a0d\u00e9classement\u00a0et\u00a0suppression\u00a0des\u00a0passages\u00a0\u00e0\u00a0niveau\nVIII - OBSERVATOIRE INTERMINIST\u00c9RIEL DU TERRITOIRE\nSignature\u00a0des\u00a0conventions\u00a0bilat\u00e9rales\u00a0de\u00a0mise\u00a0\u00e0\u00a0disposition\u00a0de\u00a0donn\u00e9es\u00a0localis\u00e9es\u00a0avec\u00a0les\nservices\u00a0(services\u00a0de\u00a0l'\u00c9tat,\u00a0autres\u00a0services\u00a0d\u00e9tenteurs\u00a0de\u00a0donn\u00e9es,\u00a0notamment\u00a0gestionnaires\u00a0de\nservitudes\u00a0d'utilit\u00e9\u00a0publique,\u00a0fournisseurs\u00a0de\u00a0fonds\u00a0cartographiques).\nIX  - DISPOSITIONS  RELATIVES  A  L'AM\u00c9NAGEMENT  ET  L'\u00c9QUIPEMENT  DE  L'ESPACE\nRURAL ET DES ESPACES NATURELS\nIX 1\u00a0:\u00a0arr\u00eat\u00e9s\u00a0de\u00a0prescriptions\u00a0pr\u00e9vus\u00a0par\u00a0l'article\u00a0R.121-22\u00a0du\u00a0Code\u00a0rural\u00a0et\u00a0de\u00a0la\u00a0p\u00eache\u00a0maritime\nIX 2\u00a0:\u00a0arr\u00eat\u00e9\u00a0de\u00a0protection\u00a0pris\u00a0en\u00a0application\u00a0des\u00a0articles\u00a0L.126-3\u00a0et\u00a0L.123-8\u00a0du\u00a0Code\u00a0rural\u00a0et\u00a0de\u00a0la\np\u00eache\u00a0maritime\u00a0et\u00a0du\u00a0code\u00a0de\u00a0l'environnement\u00a0(articles\u00a0R.121-29\u00a0et\u00a0R.121-30\u00a0du\u00a0Code\u00a0rural\u00a0et\u00a0de\nla\u00a0p\u00eache\u00a0maritime)\n5\n03_Pr\u00e9f_Pr\u00e9fecture de l'Allier - 03-2026-01-08-00003 - Extrait de l'arr\u00eat\u00e9 n\u00b023/2026 du 08 janvier 2026 portant d\u00e9l\u00e9gation de signature\n\u00e0 Monsieur Claude FAUCHER, directeur d\u00e9partemental des territoires de l'Allier 35\nIX 3\u00a0:\u00a0arr\u00eat\u00e9\u00a0fixant\u00a0la\u00a0liste\u00a0des\u00a0parcelles\u00a0pouvant\u00a0b\u00e9n\u00e9ficier\u00a0d'une\u00a0exon\u00e9ration\u00a0de\u00a0taxe\u00a0fonci\u00e8re\u00a0sur\npropri\u00e9t\u00e9s\u00a0non\u00a0b\u00e2ties,\u00a0au\u00a0titre\u00a0de\u00a0Natura\u00a02000\u00a0(articles\u00a0L.414-1\u00a0et\u00a0R.414-1\u00a0du\u00a0Code\u00a0de\nl'environnement\u00a0et\u00a0code\u00a0g\u00e9n\u00e9ral\u00a0des\u00a0imp\u00f4ts)\nIX 4\u00a0:\u00a0arr\u00eat\u00e9\u00a0portant\u00a0r\u00e9glementation\u00a0de\u00a0la\u00a0cueillette\u00a0des\u00a0myrtilles\u00a0(articles\u00a0R.412-8,\u00a0R.412-9\u00a0et\nR.415-3\u00a0du\u00a0Code\u00a0de\u00a0l'environnement\u00a0et\u00a0L.163-11\u00a0et\u00a0R.163-5\u00a0du\u00a0Code\u00a0forestier)\nIX 5 :\u00a0d\u00e9cision\u00a0permettant\u00a0de\u00a0soumettre\u00a0\u00e0\u00a0\u00e9valuation\u00a0des\u00a0incidences\u00a0Natura\u00a02000\u00a0un\u00a0projet,\nprogramme,\u00a0manifestation,\u00a0ne\u00a0figurant\u00a0pas\u00a0sur\u00a0les\u00a0listes\u00a0mentionn\u00e9es\u00a0aux\u00a0III\u00a0et\u00a0IV\u00a0du\u00a0L.414-4\u00a0du\nCode\u00a0de\u00a0l'environnement\u00a0(clause\u00a0filet)\u00a0;\u00a0pour\u00a0les\u00a0projets\u00a0soumis\u00a0\u00e0\u00a0\u00e9valuation\u00a0des\u00a0incidences,\nd\u00e9cisions\u00a0d'autoriser\u00a0ou\u00a0de\u00a0s'opposer\u00a0\u00e0\u00a0la\u00a0r\u00e9alisation\u00a0du\u00a0projet,\u00a0programme,\u00a0manifestation,\nd'imposer\u00a0des\u00a0prescriptions\u00a0et\u00a0ou\u00a0des\u00a0mesures\u00a0compensatoires\u00a0conditionnant\u00a0leur\u00a0autorisation\n(articles\u00a0L.414-4\u00a0IV\u00a0bis\u00a0et\u00a0suivants,\u00a0R.414-29\u00a0du\u00a0Code\u00a0de\u00a0l'environnement)\nIX 6 :\u00a0modifications\u00a0des\u00a0arr\u00eat\u00e9s\u00a0de\u00a0protection\u00a0de\u00a0biotope\n(article\u00a0R.411-15\u00a0du\u00a0Code\u00a0de\u00a0l'environnement)\nIX 7 :\u00a0d\u00e9claration\u00a0et\u00a0autorisation\u00a0de\u00a0d\u00e9roger\u00a0\u00e0\u00a0la\u00a0protection\u00a0des\u00a0alignements\u00a0d'arbres\n(articles\u00a0L.350-3,\u00a0L.181-2\u00a0et\u00a0L.181-3\u00a0du\u00a0Code\u00a0de\u00a0l'Environnement)\nX - FOR\u00caTS, PROTECTION DE LA NATURE, DES SOLS ET DES \u00c9QUILIBRES BIOLOGIQUES\nX 1 :\u00a0autorisations\u00a0et\u00a0refus\u00a0de\u00a0d\u00e9frichement,\u00a0recouvrement\u00a0des\u00a0taxes\nX 2 :\u00a0d\u00e9cisions\u00a0de\u00a0r\u00e9tablissement\u00a0des\u00a0lieux\u00a0en\u00a0\u00e9tat\u00a0apr\u00e8s\u00a0leur\u00a0d\u00e9frichement\nX 3 :\u00a0arr\u00eat\u00e9s\u00a0prescrivant\u00a0l'ex\u00e9cution\u00a0des\u00a0travaux\u00a0de\u00a0plantations\u00a0apr\u00e8s\u00a0d\u00e9frichement\u00a0aux\u00a0frais\u00a0du\u00a0propri\u00e9taire\nX 4 :\u00a0autorisations\u00a0de\u00a0coupe\u00a0et\u00a0d'abattage\u00a0d'arbres\u00a0dans\u00a0les\u00a0espaces\u00a0bois\u00e9s\u00a0class\u00e9s,\u00a0dans\u00a0les\ncommunes\u00a0o\u00f9\u00a0le\u00a0Plan\u00a0Local\u00a0d'Urbanisme\u00a0(PLU)\u00a0\u00a0n'est\u00a0pas\u00a0encore\u00a0approuv\u00e9\nX 5 :\u00a0autorisations\u00a0de\u00a0coupe\u00a0de\u00a0bois\u00a0soumises\u00a0au\u00a0r\u00e9gime\u00a0d'autorisations\u00a0administratives\nX 6 :\u00a0attributions\u00a0des\u00a0certificats\u00a0permettant\u00a0la\u00a0r\u00e9duction\u00a0des\u00a0droits\u00a0de\u00a0mutation\u00a0(amendement\nMONICHON)\u00a0ou\u00a0l'exon\u00e9ration\u00a0des\u00a03/4\u00a0de\u00a0la\u00a0valeur\u00a0des\u00a0biens\u00a0forestiers\u00a0(imp\u00f4t\u00a0sur\u00a0la\u00a0fortune\nimmobili\u00e8re)\u00a0-\u00a0code\u00a0forestier,\u00a0articles\u00a0L\u00a0124-1\u00a0et\u00a0suivants,\u00a0et\u00a0\u00a0code\u00a0g\u00e9n\u00e9ral\u00a0des\u00a0imp\u00f4ts,\u00a0articles\u00a0793,\n964\u00a0et\u00a0976\nX 7\u00a0:\u00a0prime\u00a0au\u00a0boisement\u00a0des\u00a0terres\u00a0agricoles\u00a0:\n-\u00a0d\u00e9cret\u00a0n\u00b0\u00a094-1054\u00a0du\u00a001/12/1994\u00a0modifi\u00e9\n-\u00a0d\u00e9cret\u00a0n\u00b02001-359\u00a0du\u00a019/04/2001\nX 8 :\u00a0passation\u00a0des\u00a0contrats\u00a0de\u00a0pr\u00eats\u00a0aux\u00a0particuliers\u00a0accord\u00e9s\u00a0sur\u00a0les\u00a0ressources\u00a0du\u00a0fonds\nforestier\u00a0national\u00a0et/ou\u00a0budget\u00a0de\u00a0l'\u00c9tat\u00a0-\u00a0code\u00a0forestier,\u00a0articles\u00a0R.156-4\u00a0et\u00a0R.156-5\nX 9 :\u00a0passation\u00a0des\u00a0actes\u00a0notari\u00e9s\u00a0et\u00a0administratifs\u00a0relevant\u00a0du\u00a0fonds\u00a0forestier\u00a0national\u00a0pour\u00a0les\npr\u00eats\u00a0sous\u00a0forme\u00a0de\u00a0travaux\u00a0et\u00a0les\u00a0pr\u00eats\u00a0en\u00a0num\u00e9raires\u00a0-\u00a0code\u00a0forestier,\u00a0article\u00a0R.156-5,\u00a0loi\u00a0n\u00b046-\n2172\u00a0du\u00a030/09/1946\nX 10 :\u00a0r\u00e9siliation,\u00a0transfert\u00a0\u00e0\u00a0un\u00a0nouveau\u00a0b\u00e9n\u00e9ficiaire,\u00a0modification\u00a0du\u00a0montant\u00a0d'un\u00a0pr\u00eat\u00a0sous\u00a0forme\nde\u00a0travaux\u00a0du\u00a0fonds\u00a0forestier\u00a0national\u00a0et/ou\u00a0budget\u00a0de\u00a0l'\u00c9tat\nX 11\u00a0:\u00a0arr\u00eat\u00e9\u00a0portant\u00a0application\u00a0ou\u00a0distraction\u00a0du\u00a0r\u00e9gime\u00a0forestier\u00a0-\u00a0articles\u00a0L.211-1,\u00a0L.221-2,\u00a0L.214-\n3\u00a0et\u00a0R.214-1\u00a0\u00e0\u00a0R.214-9\u00a0du\u00a0Code\u00a0Forestier\nX 12 : d\u00e9rogation\u00a0\u00e0\u00a0l'interdiction\u00a0de\u00a0destruction\u00a0d'esp\u00e8ces\u00a0prot\u00e9g\u00e9es\u00a0-\u00a0article\u00a0L.411-1\u00a0du\u00a0Code\u00a0de\nl'Environnement\nX 13\u00a0:\u00a0chartes\u00a0d'engagement\u00a0entre\u00a0l'\u00c9tat\u00a0et\u00a0les\u00a0r\u00e9f\u00e9rents\u00a0au\u00a0d\u00e9blaiement\u00a0d'urgence,\u00a0dans\u00a0le\u00a0cadre\ndu\u00a0plan\u00a0temp\u00eate\u00a0Auvergne-Rh\u00f4ne-Alpes\nXI \u2013 CHASSE\nXI 1 :\u00a0autorisations\u00a0de\u00a0capture\u00a0de\u00a0gibier\u00a0dans\u00a0les\u00a0r\u00e9serves\u00a0de\u00a0chasse\u00a0-\u00a0article\u00a0L.422-27\u00a0du\u00a0Code\u00a0de\nl'environnement\nXI 2 :\u00a0autorisations\u00a0individuelles\u00a0de\u00a0destruction\u00a0des\u00a0animaux\u00a0nuisibles\u00a0-\u00a0articles\u00a0L.427-8\u00a0et\u00a0L.427-9\u00a0du\nCode\u00a0de\u00a0l'environnement\n6\n03_Pr\u00e9f_Pr\u00e9fecture de l'Allier - 03-2026-01-08-00003 - Extrait de l'arr\u00eat\u00e9 n\u00b023/2026 du 08 janvier 2026 portant d\u00e9l\u00e9gation de signature\n\u00e0 Monsieur Claude FAUCHER, directeur d\u00e9partemental des territoires de l'Allier 36\nXI 3 :\u00a0autorisations\u00a0de\u00a0reprise\u00a0de\u00a0gibier\u00a0vivant\u00a0en\u00a0vue\u00a0de\u00a0repeuplement\u00a0-\u00a0article\u00a0L.424-8\u00a0du\u00a0Code\u00a0de\nl'environnement\nXI 4 :\u00a0autorisations\u00a0de\u00a0d\u00e9tentions,\u00a0production\u00a0et\u00a0\u00e9levage\u00a0de\u00a0sangliers\u00a0-\u00a0arr\u00eat\u00e9\u00a0minist\u00e9riel\u00a0du\u00a020/08/2009\nXI 5 :\u00a0autorisations\u00a0d'ouverture,\u00a0d'immatriculation,\u00a0de\u00a0d\u00e9tention,\u00a0de\u00a0production\u00a0d'\u00e9levages\u00a0d'esp\u00e8ces\u00a0de\ngibiers\u00a0et\u00a0de\u00a0d\u00e9livrance\u00a0du\u00a0certificat\u00a0de\u00a0capacit\u00e9\u00a0-\u00a0code\u00a0de\u00a0l'environnement,\u00a0articles\u00a0L.\u00a0413-2,\u00a0L.413-3,\nR.413-19,\u00a0R.413-24,\u00a0R.413-28,\u00a0R.413-34\u00a0et\u00a0R.413-35,\u00a0arr\u00eat\u00e9\u00a0du\u00a008/02/2010\nXI 6 : arr\u00eat\u00e9\u00a0de\u00a0destructions\u00a0administratives\u00a0-\u00a0articles\u00a0L.427-6\u00a0et\u00a0R.427-1\u00a0du\u00a0Code\u00a0de\u00a0l'environnement\nXI 7\u00a0:\u00a0arr\u00eat\u00e9\u00a0fixant\u00a0les\u00a0plans\u00a0de\u00a0chasse\u00a0-\u00a0article\u00a0L.425-6\u00a0du\u00a0Code\u00a0de\u00a0l'environnement\nXI 8 :\u00a0agr\u00e9ment\u00a0des\u00a0pi\u00e9geurs\u00a0\u00a0-\u00a0arr\u00eat\u00e9\u00a0minist\u00e9riel\u00a0du\u00a029/01/2007\nXI 9 :\u00a0limitation\u00a0des\u00a0populations\u00a0de\u00a0grands\u00a0cormorans\u00a0et\u00a0autorisations\u00a0individuelles\u00a0-\u00a0instruction\u00a0du\nminist\u00e8re\u00a0de\u00a0l'Environnement\u00a0du\u00a026/11/2010\nXI 10 :\u00a0entra\u00eenement,\u00a0concours\u00a0et\u00a0\u00e9preuves\u00a0de\u00a0chiens\u00a0de\u00a0chasse\u00a0-\u00a0arr\u00eat\u00e9\u00a0du\u00a021/01/2005\nXI 11 : autorisation\u00a0de\u00a0comptage\u00a0\u00e0\u00a0l'aide\u00a0de\u00a0sources\u00a0lumineuses\u00a0-\u00a0arr\u00eat\u00e9\u00a0minist\u00e9riel\u00a0du\u00a001/08/1986,\u00a0article\u00a011\u00a0bis\nXI 12\u00a0:\u00a0autorisation\u00a0de\u00a0d\u00e9tenir,\u00a0de\u00a0transporter\u00a0et\u00a0d'utiliser\u00a0des\u00a0oiseaux\u00a0pour\u00a0la\u00a0chasse\u00a0au\u00a0vol\u00a0-\u00a0arr\u00eat\u00e9\ndu\u00a008/10/2018\nXI 13 :\u00a0capture\u00a0d\u00e9finitive\u00a0de\u00a0gibier\u00a0\u00e0\u00a0des\u00a0fins\u00a0scientifiques\nXI 14\u00a0:\u00a0autorisation\u00a0exceptionnelle\u00a0de\u00a0capture\u00a0d\u00e9finitive\u00a0de\u00a0gibier\u00a0vivant\u00a0\u00e0\u00a0des\u00a0fins\u00a0scientifiques\u00a0ou\nde\u00a0repeuplement\nXI 15 :\u00a0attestation\u00a0de\u00a0meute\nXI 16 :\u00a0arr\u00eat\u00e9\u00a0relatif\u00a0\u00e0\u00a0l'ouverture\u00a0et\u00a0\u00e0\u00a0la\u00a0cl\u00f4ture\u00a0de\u00a0la\u00a0chasse\nXI 17 :\u00a0arr\u00eat\u00e9\u00a0pr\u00e9fectoral\u00a0fixant\u00a0la\u00a0liste,\u00a0les\u00a0p\u00e9riodes\u00a0et\u00a0les\u00a0modalit\u00e9s\u00a0de\u00a0destruction\u00a0des\u00a0animaux\nsusceptibles\u00a0d'occasionner\u00a0des\u00a0d\u00e9g\u00e2ts\u00a0du\u00a0groupe\u00a03\u00a0-\u00a0article\u00a0R.427-6\u00a0du\u00a0Code\u00a0de\u00a0l'environnement\nXI 18 :\u00a0arr\u00eat\u00e9s\u00a0relatifs\u00a0au\u00a0fonctionnement,\u00a0\u00e0\u00a0la\u00a0cr\u00e9ation\u00a0et\u00a0\u00e0\u00a0la\u00a0composition\u00a0de\u00a0la\u00a0commission\nd\u00e9partementale\u00a0de\u00a0la\u00a0chasse\u00a0et\u00a0de\u00a0la\u00a0faune\u00a0sauvage\u00a0-\u00a0articles\u00a0R.427-29\u00a0et\u00a0suivants\u00a0du\u00a0Code\u00a0de\nl'environnement\nXI 19 :\u00a0arr\u00eat\u00e9\u00a0relatif\u00a0\u00e0\u00a0l'interdiction\u00a0de\u00a0pi\u00e8ges\u00a0de\u00a0cat\u00e9gorie\u00a02\u00a0et\u00a05\u00a0pour\u00a0la\u00a0protection\u00a0du\u00a0castor\u00a0et\u00a0de\nla\u00a0loutre\u00a0-\u00a0articles\u00a0L.425-2,\u00a0R.427-6,\u00a0R.427-8,\u00a0R.427-13\u00a0\u00e0\u00a0R.427-18\u00a0et\u00a0R.427-25\u00a0du\u00a0Code\u00a0de\nl'environnement\nXI 20 :\u00a0mise\u00a0en\u00a0place\u00a0de\u00a0r\u00e9serve\u00a0de\u00a0chasse\u00a0et\u00a0faune\u00a0sauvage,\u00a0uniquement\u00a0sur\u00a0le\u00a0domaine\u00a0public\nfluvial\u00a0-articles\u00a0L.422-27,\u00a0R.422-82\u00a0\u00e0\u00a0R.422-91\u00a0du\u00a0Code\u00a0de\u00a0l'environnement\nXI 21\u00a0:\u00a0prolongation\u00a0de\u00a0la\u00a0dur\u00e9e\u00a0du\u00a0sch\u00e9ma\u00a0d\u00e9partemental\u00a0de\u00a0gestion\u00a0cyn\u00e9g\u00e9tique\u00a0(SDGC)\u00a0et\napprobation\u00a0de\u00a0ses\u00a0modifications\u00a0-\u00a0articles\u00a0L.425-1\u00a0\u00e0\u00a0L.425-5\u00a0du\u00a0Code\u00a0de\u00a0l'environnement\nXI 22 :\u00a0notification\u00a0aux\u00a0d\u00e9tenteurs\u00a0de\u00a0plans\u00a0de\u00a0chasse\u00a0du\u00a0nombre\u00a0d'animaux\u00a0\u00e0\u00a0pr\u00e9lever\u00a0et\u00a0du\u00a0d\u00e9lai\nde\u00a0pr\u00e9l\u00e8vement\u00a0lorsque\u00a0l'\u00e9quilibre\u00a0agro-sylvo-cyn\u00e9g\u00e9tique\u00a0est\u00a0fortement\u00a0perturb\u00e9\u00a0-\u00a0article\u00a0L.425-5-1\ndu\u00a0Code\u00a0de\u00a0l'environnement\u00a0-\u00a0et\u00a0modification\u00a0des\u00a0plans\u00a0de\u00a0chasse\u00a0individuels,\u00a0soit\u00a0en\u00a0cas\u00a0de\nd\u00e9faillance\u00a0grave\u00a0dans\u00a0la\u00a0prise\u00a0en\u00a0compte\u00a0par\u00a0le\u00a0plan\u00a0de\u00a0chasse\u00a0mentionn\u00e9\u00a0\u00e0\u00a0l'article\u00a0L.425-6\u00a0des\norientations\u00a0du\u00a0sch\u00e9ma\u00a0d\u00e9partemental\u00a0de\u00a0gestion\u00a0cyn\u00e9g\u00e9tique,\u00a0soit\u00a0en\u00a0cas\u00a0d'augmentation\nimportante\u00a0des\u00a0d\u00e9g\u00e2ts\u00a0de\u00a0gibier\u00a0lorsqu'il\u00a0est\u00a0\u00e9tabli\u00a0qu'elle\u00a0r\u00e9sulte\u00a0de\u00a0pr\u00e9l\u00e8vements\u00a0insuffisants\u00a0-\narticle\u00a0L.425-8\u00a0du\u00a0Code\u00a0de\u00a0l'environnement\nXI 23\u00a0:\u00a0fixation\u00a0du\u00a0nombre\u00a0d'animaux\u00a0\u00e0\u00a0pr\u00e9lever,\u00a0des\u00a0modalit\u00e9s\u00a0de\u00a0chasse\u00a0du\u00a0petit\u00a0gibier\u00a0sur\u00a0des\nterritoires\u00a0donn\u00e9s\u00a0(plans\u00a0de\u00a0gestion\u00a0ou\u00a0de\u00a0chasse\u00a0du\u00a0petit\u00a0gibier)\u00a0-\u00a0articles\u00a0L.425-14\u00a0et\u00a0L.425-15\u00a0du\nCode\u00a0de\u00a0l'environnement\nXII - P\u00caCHE\nXII 1 :\u00a0autorisation\u00a0de\u00a0concours\u00a0de\u00a0p\u00eache\u00a0dans\u00a0les\u00a0eaux\u00a0de\u00a0la\u00a0premi\u00e8re\u00a0cat\u00e9gorie\u00a0-\u00a0code\u00a0de\nl'environnement,\u00a0article\u00a0R.436-22\nXII 2 :\u00a0d\u00e9claration\u00a0des\u00a0plans\u00a0d'eau\u00a0en\u00a0vue\u00a0de\u00a0b\u00e9n\u00e9ficier\u00a0des\u00a0dispositions\u00a0des\u00a0articles\u00a0L.431-7,\u00a0R.431-1\u00a0\u00e0\nR.431-6\u00a0du\u00a0code\u00a0de\u00a0l'environnement\nXII 3 :\u00a0interdiction\u00a0ou\u00a0limitation\u00a0de\u00a0la\u00a0p\u00eache\u00a0en\u00a0cas\u00a0de\u00a0baisse\u00a0naturelle\u00a0ou\u00a0artificielle\u00a0des\u00a0eaux\u00a0-\u00a0code\u00a0de\nl'environnement,\u00a0article\u00a0R.436-12\u00a0et\u00a0R.436-32\nXII 4 :\u00a0autorisations\u00a0de\u00a0p\u00eaches\u00a0exceptionnelles\u00a0-\u00a0code\u00a0de\u00a0l'environnement,\u00a0article\u00a0L.436-9\n7\n03_Pr\u00e9f_Pr\u00e9fecture de l'Allier - 03-2026-01-08-00003 - Extrait de l'arr\u00eat\u00e9 n\u00b023/2026 du 08 janvier 2026 portant d\u00e9l\u00e9gation de signature\n\u00e0 Monsieur Claude FAUCHER, directeur d\u00e9partemental des territoires de l'Allier 37\nXII 5 :\u00a0application\u00a0des\u00a0clauses\u00a0du\u00a0cahier\u00a0g\u00e9n\u00e9ral\u00a0des\u00a0charges\u00a0pour\u00a0la\u00a0location\u00a0par\u00a0l'\u00c9tat,\u00a0\u00e0\u00a0des\u00a0associations\nagr\u00e9\u00e9es\u00a0de\u00a0p\u00eache,\u00a0du\u00a0droit\u00a0de\u00a0p\u00eache\u00a0aux\u00a0lignes\u00a0et\u00a0aux\u00a0balances\u00a0dans\u00a0les\u00a0eaux\u00a0du\u00a0domaine\u00a0public\u00a0fluvial\u00a0-\ncode\u00a0de\u00a0l'environnement,\u00a0article\u00a0R.435-3\nXII 6 :\u00a0application\u00a0des\u00a0clauses\u00a0du\u00a0cahier\u00a0g\u00e9n\u00e9ral\u00a0des\u00a0charges\u00a0pour\u00a0la\u00a0location\u00a0du\u00a0droit\u00a0de\u00a0p\u00eache\u00a0aux\u00a0engins\ndans\u00a0les\u00a0eaux\u00a0du\u00a0domaine\u00a0public\u00a0fluvial\u00a0-\u00a0code\u00a0de\u00a0l'environnement,\u00a0articles\u00a0R.435-7\u00a0\u00e0\u00a0R.435-10\nXII 7 :\u00a0interdiction\u00a0temporaire\u00a0de\u00a0la\u00a0p\u00eache\u00a0-\u00a0protection\u00a0des\u00a0repeuplements\u00a0-\u00a0code\u00a0de\u00a0l'environnement,\narticle\u00a0R.436-8\nXII 8 :\u00a0agr\u00e9ment\u00a0et\u00a0approbation\u00a0des\u00a0statuts\u00a0des\u00a0associations\u00a0de\u00a0p\u00eacheurs\u00a0professionnels\u00a0en\u00a0eau\u00a0douce\nXII 9 :\u00a0autorisation\u00a0de\u00a0p\u00eache\u00a0\u00e0\u00a0la\u00a0carpe\u00a0de\u00a0nuit\u00a0-\u00a0code\u00a0de\u00a0l'environnement,\u00a0article\u00a0R.436-14\nXII 10 :\u00a0cr\u00e9ation\u00a0de\u00a0r\u00e9serve\u00a0temporaire\u00a0de\u00a0p\u00eache\u00a0-\u00a0code\u00a0de\u00a0l'environnement,\u00a0articles\u00a0R.436-73\u00a0\u00e0\u00a0R.436-79\nXII 11\u00a0:\u00a0agr\u00e9ment\u00a0du\u00a0pr\u00e9sident\u00a0et\u00a0du\u00a0tr\u00e9sorier\u00a0d'une\u00a0association\u00a0agr\u00e9\u00e9e\u00a0de\u00a0p\u00eache\u00a0et\u00a0de\u00a0protection\u00a0du\u00a0milieu\naquatique\u00a0(AAPPMA)\u00a0ou\u00a0d'une\u00a0association\u00a0d\u00e9partementale\u00a0agr\u00e9\u00e9e\u00a0de\u00a0p\u00eacheurs\u00a0amateurs\u00a0aux\u00a0engins\u00a0et\u00a0aux\nfilets\u00a0(ADAPAEF)\u00a0-\u00a0code\u00a0de\u00a0l'environnement,\u00a0article\u00a0R.434-27\nXII 12 :\u00a0r\u00e9glementation\u00a0de\u00a0la\u00a0p\u00eache\u00a0applicable\u00a0dans\u00a0le\u00a0d\u00e9partement\u00a0de\u00a0l'Allier.\nXIII - POLICE DE L'EAU ET DES MILIEUX AQUATIQUES\nXIII 1 :\u00a0police\u00a0des\u00a0eaux\u00a0sur\u00a0l'ensemble\u00a0du\u00a0territoire\u00a0du\u00a0d\u00e9partement\u00a0de\u00a0l'Allier\u00a0dont\u00a0la\u00a0police\u00a0rel\u00e8ve\nde\u00a0la\u00a0direction\u00a0d\u00e9partementale\u00a0des\u00a0territoires\u00a0de\u00a0l'Allier\nXIII 2 :\u00a0police\u00a0et\u00a0conservation\u00a0des\u00a0eaux\u00a0-\u00a0code\u00a0de\u00a0l'environnement,\u00a0articles\u00a0L.215-7\u00a0\u00e0\u00a0L.215-13\n-\u00a0Arr\u00eat\u00e9\u00a0d\u00e9finissant\u00a0des\u00a0zones\u00a0d'alerte\u00a0au\u00a0titre\u00a0de\u00a0la\u00a0s\u00e9cheresse,\u00a0article\u00a0R.211-67\u00a0du\u00a0code\u00a0de\u00a0l'environnement\n-\u00a0Arr\u00eat\u00e9s\u00a0de\u00a0limitation\u00a0ou\u00a0de\u00a0suspension\u00a0de\u00a0pr\u00e9l\u00e8vement\u00a0dans\u00a0les\u00a0cours\u00a0d'eau,\u00a0articles\u00a0L.211-3,\u00a0R.211-66\u00a0\u00e0\nR.211-70\u00a0du\u00a0code\u00a0de\u00a0l'environnement\nXIII 3 :\u00a0tous\u00a0les\u00a0actes\u00a0relatifs\u00a0aux\u00a0proc\u00e9dures\u00a0d'autorisation\u00a0et\u00a0de\u00a0d\u00e9claration\u00a0pr\u00e9vus\u00a0par\u00a0l'article\u00a0L.214-1\u00a0\u00e0\u00a06\u00a0du\ncode\u00a0de\u00a0l'environnement,\u00a0tous\u00a0les\u00a0documents\u00a0y\u00a0aff\u00e9rents\u00a0y\u00a0compris\u00a0ceux\u00a0n\u00e9cessaires\u00a0\u00e0\u00a0l'application\u00a0des\narticles\u00a0L\u00a0122-1\u00a0et\u00a0L\u00a0123-1\u00a0et\u00a0suivants\u00a0du\u00a0Code\u00a0de\u00a0l'Environnement,\u00a0\u00e0\u00a0l'exception\u00a0des\u00a0arr\u00eat\u00e9s\u00a0de\u00a0retrait\u00a0ou\u00a0de\nsuspension\u00a0d'autorisation\u00a0et\u00a0d'ouverture\u00a0d'enqu\u00eates\u00a0publiques\nXIII 4 :\u00a0tous\u00a0les\u00a0actes\u00a0relatifs\u00a0\u00e0\u00a0la\u00a0proc\u00e9dure\u00a0applicable\u00a0aux\u00a0op\u00e9rations\u00a0entreprises\u00a0dans\u00a0le\u00a0cadre\u00a0de\u00a0l'article\nL\u00a0211-7\u00a0du\u00a0code\u00a0de\u00a0l'environnement\u00a0et\u00a0tous\u00a0les\u00a0documents\u00a0y\u00a0aff\u00e9rents,\u00a0\u00e0\u00a0l'exception\u00a0des\u00a0arr\u00eat\u00e9s\u00a0de\u00a0retrait\u00a0ou\nde\u00a0suspension\u00a0et\u00a0des\u00a0arr\u00eat\u00e9s\u00a0d'ouverture\u00a0d'enqu\u00eates\u00a0publiques\nXIII 5 :\u00a0d\u00e9cisions\u00a0relatives\u00a0\u00e0\u00a0l'agr\u00e9ment\u00a0des\u00a0personnes\u00a0r\u00e9alisant\u00a0les\u00a0vidanges\u00a0et\u00a0prenant\u00a0en\u00a0charge\u00a0le\u00a0transport\net\u00a0l'\u00e9limination\u00a0des\u00a0mati\u00e8res\u00a0extraites\u00a0des\u00a0installations\u00a0d'assainissement\u00a0non\u00a0collectif\u00a0(arr\u00eat\u00e9\u00a0du\u00a07\u00a0septembre\n2009\u00a0modifi\u00e9)\nXIII 6 :\u00a0tous\u00a0les\u00a0actes\u00a0relatifs\u00a0aux\u00a0proc\u00e9dures\u00a0d'autorisation\u00a0pr\u00e9vue\u00a0\u00e0\u00a0l'alin\u00e9a\u00a01\u00a0de\u00a0l'article\u00a0L.181-1\u00a0du\u00a0code\u00a0de\nl'environnement,\u00a0\u00e0\u00a0l'exception\u00a0des\u00a0arr\u00eat\u00e9s\u00a0de\u00a0retrait\u00a0ou\u00a0de\u00a0suspension\u00a0et\u00a0des\u00a0arr\u00eat\u00e9s\u00a0d'ouverture\u00a0d'enqu\u00eates\npubliques\nXIII 7\u00a0:\u00a0conduite\u00a0des\u00a0proc\u00e9dures\u00a0de\u00a0mise\u00a0en\u00a0demeure,\u00a0arr\u00eat\u00e9s\u00a0de\u00a0mise\u00a0en\u00a0demeure\u00a0et\u00a0mise\u00a0en\u00a0\u0153uvre\u00a0des\nsuites\u00a0administratives\u00a0en\u00a0cas\u00a0d'absence\u00a0d'autorisation,\u00a0de\u00a0d\u00e9claration\u00a0d'installations,\u00a0d'ouvrages,\u00a0de\u00a0travaux\nou\u00a0d'activit\u00e9s\u00a0pr\u00e9vues\u00a0\u00e0\u00a0l'article\u00a0R.214-1\u00a0du\u00a0code\u00a0de\u00a0l'environnement\u00a0ou\u00a0de\u00a0non-respect\u00a0des\u00a0prescriptions,\u00a0en\napplication\u00a0des\u00a0articles\u00a0L.171-6\u00a0et\u00a0L.171-7\u00a0et\u00a0L.171-8\u00a0du\u00a0code\u00a0de\u00a0l'environnement.\nXIV - STRUCTURES DES EXPLOITATIONS AGRICOLES\nToutes\u00a0d\u00e9cisions\u00a0:\n-\u00a0relatives\u00a0au\u00a0contr\u00f4le\u00a0des\u00a0structures\u00a0des\u00a0exploitations\u00a0agricoles\u00a0:\u00a0articles\u00a0L.331-1\u00a0\u00e0\u00a0L.331-11\u00a0du\ncode\u00a0rural\u00a0et\u00a0de\u00a0la\u00a0p\u00eache\u00a0maritime\n-\u00a0relatives\u00a0au\u00a0changement\u00a0de\u00a0destination\u00a0des\u00a0terres\u00a0:\u00a0article\u00a0L.411-32\u00a0du\u00a0code\u00a0rural\u00a0et\u00a0de\u00a0la\u00a0p\u00eache\u00a0maritime\n-\u00a0prises\u00a0par\u00a0le\u00a0comit\u00e9\u00a0d\u00e9partemental\u00a0d'agr\u00e9ment\u00a0et\u00a0la\u00a0section\u00a0sp\u00e9cialis\u00e9e\u00a0de\u00a0la\u00a0CDOA\u00a0G.A.E.C.\n-\u00a0relatives\u00a0\u00e0\u00a0la\u00a0mesure\u00a0AITA\u00a0(Aide\u00a0\u00e0\u00a0l'Installation\u00a0Transmission\u00a0en\u00a0Agriculture)\n-\u00a0relatives\u00a0aux\u00a0aides\u00a0du\u00a0PIDIL\u00a0(Programme\u00a0pour\u00a0l'Installation\u00a0et\u00a0le\u00a0D\u00e9veloppement\u00a0des\u00a0Initiatives\n\u00a0\u00a0Locales)\n-\u00a0relatives\u00a0au\u00a0plan\u00a0de\u00a0professionnalisation\u00a0personnalis\u00e9\n8\n03_Pr\u00e9f_Pr\u00e9fecture de l'Allier - 03-2026-01-08-00003 - Extrait de l'arr\u00eat\u00e9 n\u00b023/2026 du 08 janvier 2026 portant d\u00e9l\u00e9gation de signature\n\u00e0 Monsieur Claude FAUCHER, directeur d\u00e9partemental des territoires de l'Allier 38\n-\u00a0relatives\u00a0au\u00a0cumul\u00a0retraite\u00a0\u2013\u00a0activit\u00e9\n-\u00a0relatives\u00a0\u00e0\u00a0la\u00a0retraite\u00a0progressive\u00a0des\u00a0chefs\u00a0d'exploitation\u00a0ou\u00a0d'entreprise\u00a0agricole\n-\u00a0relatives\u00a0aux\u00a0aides\u00a0\u00e0\u00a0l'installation\u00a0(DJA\u00a0et\u00a0pr\u00eats\u00a0bonifi\u00e9s\u00a0MTS\u00a0JA)\n-\u00a0relatives\u00a0au\u00a0dispositif\u00a0d'accompagnement\u00a0\u00e0\u00a0l'installation\n-\u00a0relatives\u00a0aux\u00a0MTS\u00a0CUMA\u00a0et/ou\u00a0GAEC.\nActes\u00a0et\u00a0correspondances\u00a0relevant\u00a0de\u00a0la\u00a0mise\u00a0en\u00a0\u0153uvre\u00a0du\u00a0dispositif\u00a0d'autorisation\u00a0pr\u00e9alable\u00a0relatif\naux\u00a0op\u00e9rations\u00a0soci\u00e9taires,\u00a0pr\u00e9vu\u00a0aux\u00a0articles\u00a0L.333-1\u00a0\u00e0\u00a0L.333-5\u00a0et\u00a0R.333-1\u00a0\u00e0\u00a0R.333-16\u00a0du\u00a0code\nrural\u00a0et\u00a0de\u00a0la\u00a0p\u00eache\u00a0maritime\u00a0(loi\u00a0Sempastous).\nXV - AIDES RELEVANT DE LA POLITIQUE AGRICOLE COMMUNE (PAC)\nToutes\u00a0d\u00e9cisions\u00a0relatives\u00a0aux\u00a0primes,\u00a0aides\u00a0et\u00a0indemnit\u00e9s,\u00a0communautaires\u00a0et\u00a0fran\u00e7aises,\nintervenant\u00a0dans\u00a0l'instruction,\u00a0le\u00a0contr\u00f4le\u00a0et/ou\u00a0la\u00a0suite\u00a0des\u00a0contr\u00f4les\u00a0et\u00a0la\u00a0conditionnalit\u00e9,\u00a0pour\u00a0les\nmesures\u00a0suivantes\u00a0:\nXV 1 :\u00a0aides\u00a0d\u00e9coupl\u00e9es\n-\u00a0relevant\u00a0de\u00a0la\u00a0programmation\u00a02007-2013\n-\u00a0relevant\u00a0de\u00a0la\u00a0programmation\u00a02014-2022\n-\u00a0relevant\u00a0de\u00a0la\u00a0programmation\u00a02023-2027\u00a0dont\u00a0:\n-\u00a0transferts\u00a0de\u00a0droits\u00a0\u00e0\u00a0paiement\u00a0de\u00a0base\u00a0et\u00a0aide\u00a0de\u00a0base\u00a0au\u00a0revenu\n-\u00a0paiement\u00a0redistributif\n-\u00a0\u00e9cor\u00e9gime\n-\u00a0aide\u00a0compl\u00e9mentaire\u00a0aux\u00a0jeunes\u00a0agriculteurs\nXV 2 :\u00a0aides\u00a0coupl\u00e9es\u00a0animales\n-\u00a0relevant\u00a0de\u00a0la\u00a0programmation\u00a02007-2013\n-\u00a0relevant\u00a0de\u00a0la\u00a0programmation\u00a02014-2022\n-\u00a0relevant\u00a0de\u00a0la\u00a0programmation\u00a02023-2027\u00a0dont\u00a0:\n-\u00a0aide\u00a0bovine\n-\u00a0aide\u00a0ovine,\u00a0aide\u00a0caprine\n-\u00a0aide\u00a0aux\u00a0veaux\u00a0sous\u00a0la\u00a0m\u00e8re\u00a0et\u00a0aux\u00a0veaux\u00a0bio\nXV 3\u00a0:\u00a0aides\u00a0coupl\u00e9es\u00a0v\u00e9g\u00e9tales\n-\u00a0relevant\u00a0de\u00a0la\u00a0programmation\u00a02007-2013\n-\u00a0relevant\u00a0de\u00a0la\u00a0programmation\u00a02014-2022\n-\u00a0relevant\u00a0de\u00a0la\u00a0programmation\u00a02023-2027\nXV 4 :\u00a0aides\u00a0relevant\u00a0du\u00a0d\u00e9veloppement\u00a0rural\n-\u00a0relevant\u00a0de\u00a0la\u00a0programmation\u00a02007-2013\n-\u00a0relevant\u00a0de\u00a0la\u00a0programmation\u00a02014-2022\n-\u00a0relevant\u00a0de\u00a0la\u00a0programmation\u00a02023-2027\u00a0dont\u00a0:\n-\u00a0indemnit\u00e9\u00a0compensatrice\u00a0de\u00a0handicap\u00a0naturel\u00a0(ICHN)\n-\u00a0mesures\u00a0agro-environnementales\u00a0climatiques\u00a0(MAEC)\n-\u00a0conversion\u00a0\u00e0\u00a0l'agriculture\u00a0biologique\nXVI - PR\u00c9DATEURS\nCode\u00a0de\u00a0l'environnement\u00a0:\u00a0articles\u00a0L.411-1\u00a0et\u00a0L.427-6\nCode\u00a0rural\u00a0:\u00a0articles\u00a0L.311-1,\u00a0D.114-11\u00a0\u00e0\u00a017,\u00a0R.514-37\nD\u00e9cret\u00a0n\u00b02019-722\u00a0du\u00a09\u00a0juillet\u00a02019\n-\u00a0d\u00e9cisions\u00a0d'indemnisation\u00a0pour\u00a0dommages\u00a0aux\u00a0troupeaux\u00a0domestiques\u00a0imput\u00e9s\u00a0au\u00a0loup,\u00a0\u00e0\u00a0l'ours\u00a0ou\u00a0au\u00a0lynx\n-\u00a0d\u00e9cisions\u00a0relatives\u00a0\u00e0\u00a0l'aide\u00a0\u00e0\u00a0la\u00a0protection\u00a0des\u00a0exploitations\u00a0et\u00a0des\u00a0troupeaux\u00a0contre\u00a0la\u00a0pr\u00e9dation\nArr\u00eat\u00e9\u00a0du\u00a030\u00a0d\u00e9cembre\u00a02022\u00a0relatif\u00a0\u00e0\u00a0l'aide\u00a0\u00e0\u00a0la\u00a0protection\u00a0des\u00a0exploitations\u00a0et\u00a0des\u00a0troupeaux\u00a0contre\u00a0la\npr\u00e9dation\u00a0du\u00a0loup\u00a0et\u00a0de\u00a0l'ours\n9\n03_Pr\u00e9f_Pr\u00e9fecture de l'Allier - 03-2026-01-08-00003 - Extrait de l'arr\u00eat\u00e9 n\u00b023/2026 du 08 janvier 2026 portant d\u00e9l\u00e9gation de signature\n\u00e0 Monsieur Claude FAUCHER, directeur d\u00e9partemental des territoires de l'Allier 39\nXVII - ACCOMPAGNEMENT DES CUMA\nToutes\u00a0d\u00e9cisions\u00a0relatives\u00a0aux\u00a0aides\u00a0du\u00a0dispositif\u00a0national\u00a0d'accompagnement\u00a0des\u00a0projets\u00a0et\ninitiatives\u00a0(DiNA)\u00a0des\u00a0coop\u00e9ratives\u00a0d'utilisation\u00a0en\u00a0commun\u00a0de\u00a0mat\u00e9riel\u00a0agricole\u00a0(CUMA)\nXVIII - AIDES AUX AGRICULTEURS EN DIFFICULT\u00c9\nXVIII 1\u00a0:\u00a0d\u00e9cisions\u00a0attributives\u00a0des\u00a0aides\u00a0conjoncturelles\u00a0aux\u00a0agriculteurs\u00a0ou\u00a0aux\u00a0exploitations\nagricoles,\u00a0en\u00a0raison\u00a0d'al\u00e9as\u00a0climatiques\u00a0ou\u00a0\u00e9conomiques\nXVIII 2 :\u00a0d\u00e9cisions\u00a0d'octroi\u00a0d'aides\u00a0\u00e0\u00a0certaines\u00a0mutations\u00a0d'exploitation\nXVIII 3 :\u00a0aides\u00a0relatives\u00a0\u00e0\u00a0la\u00a0r\u00e9insertion\u00a0professionnelle\nXVIII 4\u00a0:\u00a0d\u00e9cisions\u00a0attributives\u00a0d'aides\u00a0\u00e0\u00a0la\u00a0reconversion\u00a0ou\u00a0\u00e0\u00a0la\u00a0r\u00e9installation\nXVIII 5 :\u00a0cong\u00e9s\u00a0de\u00a0formation\u00a0des\u00a0exploitants\u00a0agricoles\nXVIII 6 : aides\u00a0au\u00a0redressement\u00a0de\u00a0l'exploitation\nXVIII 7 :\u00a0propositions\u00a0de\u00a0reconnaissances\u00a0de\u00a0pertes\u00a0de\u00a0r\u00e9colte\u00a0au\u00a0titre\u00a0de\u00a0l'indemnisation\u00a0fond\u00e9e\nsur\u00a0la\u00a0solidarit\u00e9\u00a0nationale\u00a0et\u00a0des\u00a0pertes\u00a0de\u00a0fonds\u00a0au\u00a0titre\u00a0de\u00a0calamit\u00e9s\u00a0agricoles,\u00a0d\u00e9cisions\nd'indemnisations\u00a0relatives\nXIX\u00a0-\u00a0M\u00c9DAILLES\nPropositions\u00a0de\u00a0nomination\u00a0et\u00a0d\u00e9cisions\u00a0d'attribution\u00a0pour\u00a0les\u00a0:\n-\u00a0m\u00e9dailles\u00a0d'honneur\u00a0agricole\u00a0(d\u00e9cret\u00a0du\u00a011\u00a0d\u00e9cembre\u00a01984\u00a0modifi\u00e9)\n-\u00a0m\u00e9dailles\u00a0de\u00a0la\u00a0mutualit\u00e9,\u00a0de\u00a0la\u00a0coop\u00e9ration\u00a0et\u00a0du\u00a0cr\u00e9dit\u00a0agricoles\u00a0(arr\u00eat\u00e9\u00a0du\u00a014\u00a0mars\u00a01957\nmodifi\u00e9)\nXX - TUTELLE DE L'\u00c9TABLISSEMENT DE L'\u00c9LEVAGE\nArticle\u00a0R.653-42\u00a0du\u00a0code\u00a0rural\nXXI - PROTECTION DES V\u00c9G\u00c9TAUX\nLutte\u00a0contre\u00a0les\u00a0chardons\nXXII - COMMISSION  D\u00c9PARTEMENTALE  DE  PR\u00c9SERVATION  DES  ESPACES  NATURELS,\nAGRICOLES ET FORESTIERS\nAvis\u00a0de\u00a0la\u00a0CDPENAF\nXXIII : \u00c9TUDES PR\u00c9ALABLES AGRICOLES ET COMPENSATION COLLECTIVE AGRICOLE\n-\u00a0Avis\u00a0du\u00a0pr\u00e9fet\u00a0sur\u00a0les\u00a0\u00e9tudes\u00a0pr\u00e9alables\u00a0agricoles\u00a0pr\u00e9vues\u00a0\u00e0\u00a0l'article\u00a0L.112-1-3\u00a0du\u00a0code\u00a0rural\u00a0et\u00a0de\nla\u00a0p\u00eache\u00a0maritime\n-\u00a0Conventions\u00a0pour\u00a0la\u00a0gestion\u00a0des\u00a0mesures\u00a0de\u00a0compensation\u00a0par\u00a0le\u00a0Fonds\u00a0de\u00a0compensation\u00a0de\u00a0l'Allier\n-\u00a0Conventions\u00a0pour\u00a0la\u00a0gestion\u00a0des\u00a0mesures\u00a0de\u00a0compensation\u00a0par\u00a0le\u00a0ma\u00eetre\u00a0d'ouvrage\n-\u00a0Arr\u00eat\u00e9s\u00a0de\u00a0consignation\u00a0pour\u00a0la\u00a0compensation\u00a0collective\u00a0agricole\n-\u00a0Arr\u00eat\u00e9s\u00a0de\u00a0d\u00e9consignation\u00a0pour\u00a0la\u00a0compensation\u00a0collective\u00a0agricole\u00a0\nXXIV - D\u00c9FENSE\nXXIV 1 :\u00a0d\u00e9cisions\u00a0de\u00a0recensement,\u00a0de\u00a0modification\u00a0et\u00a0de\u00a0radiation\u00a0des\u00a0entreprises\u00a0de\u00a0travaux\npublics\u00a0et\u00a0de\u00a0b\u00e2timent\u00a0soumises\u00a0aux\u00a0obligations\u00a0de\u00a0d\u00e9fense\u00a0\nXXV - PUBLICIT\u00c9\nXXV 1\u00a0:\u00a0toutes\u00a0d\u00e9cisions\u00a0relatives\u00a0aux\u00a0missions\u00a0d'instruction\u00a0des\u00a0demandes\u00a0d'autorisation\npr\u00e9alable\u00a0et\u00a0de\u00a0d\u00e9claration\u00a0pr\u00e9alable\u00a0relevant\u00a0des\u00a0articles\u00a0L.581-1\u00a0\u00e0\u00a0L.581-45\u00a0et\u00a0R.581-1\u00a0\u00e0\u00a0R.581-\n11\u00a0du\u00a0code\u00a0de\u00a0l'environnement\n10\n03_Pr\u00e9f_Pr\u00e9fecture de l'Allier - 03-2026-01-08-00003 - Extrait de l'arr\u00eat\u00e9 n\u00b023/2026 du 08 janvier 2026 portant d\u00e9l\u00e9gation de signature\n\u00e0 Monsieur Claude FAUCHER, directeur d\u00e9partemental des territoires de l'Allier 40\nSECTION 2 : COMP\u00c9TENCE D'ORDONNANCEMENT SECONDAIRE\nArticle     2     :\u00a0D\u00e9l\u00e9gation\u00a0de\u00a0signature\u00a0est\u00a0donn\u00e9e\u00a0\u00e0\u00a0M. Claude FAUCHER ,\u00a0directeur\u00a0d\u00e9partemental\ndes\u00a0territoires\u00a0de\u00a0l'Allier,\u00a0pour\u00a0proc\u00e9der\u00a0\u00e0\u00a0l'ordonnancement\u00a0secondaire\u00a0des\u00a0d\u00e9penses\u00a0et\u00a0recettes\nde\u00a0l'\u00c9tat\u00a0dont\u00a0la\u00a0direction\u00a0d\u00e9partementale\u00a0des\u00a0territoires\u00a0est\u00a0unit\u00e9\u00a0op\u00e9rationnelle\u00a0au\u00a0titre\u00a0des\ncr\u00e9dits\u00a0:\n-\u00a0des\u00a0services\u00a0du\u00a0Premier\u00a0Ministre\u00a0:\n\u00a0\u25aa\u00a0programme\u00a0162\u00a0:\u00a0interventions\u00a0territoriales\u00a0de\u00a0l'\u00c9tat\n-\u00a0du\u00a0minist\u00e8re\u00a0de\u00a0la\u00a0transition\u00a0\u00e9cologique\u00a0:\n\u25aa\u00a0programme\u00a0113\u00a0:\u00a0paysage,\u00a0eau\u00a0et\u00a0biodiversit\u00e9\n\u25aa\u00a0programme\u00a0181\u00a0:\u00a0pr\u00e9vention\u00a0des\u00a0risques\n\u25aa\u00a0programme\u00a0203\u00a0:\u00a0infrastructures\u00a0et\u00a0services\u00a0de\u00a0transports\n\u25aa\u00a0programme\u00a0207\u00a0:\u00a0s\u00e9curit\u00e9\u00a0routi\u00e8re\u00a0et\u00a0circulation\u00a0routi\u00e8re,\u00a0\u00e0\u00a0l'exception\u00a0de\u00a0l'action\u00a002\n\u00a0\u00a0\u00a0\u00a0\u00a0\u00a0\u00a0\u00a0\u00a0\u00a0\u00a0\u00a0\u00a0\u00ab\u00a0D\u00e9marches\u00a0interminist\u00e9rielles\u00a0et\u00a0communication\u00a0\u00bb\u00a0correspondant\u00a0au\u00a0PDASR\n\u25aa\u00a0programme\u00a0217\u00a0:\u00a0conduite\u00a0et\u00a0pilotage\u00a0des\u00a0politiques\u00a0de\u00a0l'\u00e9cologie,\u00a0du\u00a0d\u00e9veloppement\u00a0et\n\u00a0\u00a0\u00a0\u00a0\u00a0\u00a0\u00a0\u00a0\u00a0\u00a0\u00a0\u00a0\u00a0\u00a0de\u00a0la\u00a0mobilit\u00e9\u00a0durables\n\u25aa\u00a0programme\u00a0380\u00a0:\u00a0fonds\u00a0d'acc\u00e9l\u00e9ration\u00a0de\u00a0la\u00a0transition\u00a0\u00e9cologique\u00a0dans\u00a0les\u00a0territoires,\u00a0dit\n\u00a0\u00a0\u00a0\u00a0\u00a0\u00a0\u00a0\u00a0\u00a0\u00a0\u00a0\u00a0\u00a0\u00ab\u00a0fonds\u00a0vert\u00a0\u00bb\n-\u00a0du\u00a0minist\u00e8re\u00a0de\u00a0la\u00a0coh\u00e9sion\u00a0des\u00a0territoires\u00a0et\u00a0des\u00a0relations\u00a0avec\u00a0les\u00a0collectivit\u00e9s\u00a0territoriales\u00a0:\n\u25aa\u00a0programme\u00a0135\u00a0:\u00a0Urbanisme,\u00a0Territoires\u00a0et\u00a0Am\u00e9lioration\u00a0de\u00a0l'Habitat\n-\u00a0du\u00a0minist\u00e8re\u00a0de\u00a0la\u00a0justice\u00a0:\n\u25aa\u00a0programme\u00a0166\u00a0:\u00a0justice\u00a0judiciaire\n\u25aa\u00a0programme\u00a0182\u00a0:\u00a0protection\u00a0judiciaire\u00a0de\u00a0la\u00a0jeunesse\u00a0\n-\u00a0du\u00a0minist\u00e8re\u00a0des\u00a0sports\u00a0:\n\u25aa\u00a0programme\u00a0219\u00a0:\u00a0sport\n-\u00a0du\u00a0minist\u00e8re\u00a0de\u00a0l'agriculture\u00a0et\u00a0de\u00a0l'alimentation\u00a0:\n\u25aa\u00a0programme\u00a0149\u00a0:\u00a0comp\u00e9titivit\u00e9\u00a0et\u00a0durabilit\u00e9\u00a0de\u00a0l'agriculture,\u00a0l'agroalimentaire,\u00a0de\u00a0la\u00a0for\u00eat,\n\u00a0\u00a0\u00a0\u00a0\u00a0\u00a0\u00a0\u00a0\u00a0\u00a0\u00a0\u00a0\u00a0\u00a0de\u00a0la\u00a0p\u00eache\u00a0et\u00a0de\u00a0l'aquaculture\n\u25aa\u00a0programme\u00a0206\u00a0:\u00a0S\u00e9curit\u00e9\u00a0et\u00a0qualit\u00e9\u00a0sanitaires\u00a0de\u00a0l'alimentation\n\u25aa\u00a0programme\u00a0215\u00a0:\u00a0Conduite\u00a0et\u00a0pilotage\u00a0des\u00a0politiques\u00a0de\u00a0l'agriculture\n\u25aa\u00a0programme\u00a0362\u00a0:\u00a0\u00e9cologie,\u00a0pour\u00a0les\u00a0actes\u00a0dont\u00a0la\u00a0DDT\u00a0assure\u00a0l'instruction\n\u25aa\u00a0programme\u00a0775\u00a0:\u00a0D\u00e9veloppement\u00a0et\u00a0transfert\u00a0en\u00a0agriculture\nCette\u00a0d\u00e9l\u00e9gation\u00a0d'ordonnancement\u00a0porte\u00a0sur\u00a0l'engagement,\u00a0la\u00a0liquidation\u00a0et\u00a0le\u00a0mandatement\u00a0des\nd\u00e9penses,\u00a0ainsi\u00a0que\u00a0sur\u00a0l'\u00e9tablissement\u00a0des\u00a0titres\u00a0de\u00a0recettes.\nLa\u00a0d\u00e9l\u00e9gation\u00a0de\u00a0gestion\u00a0de\u00a0tout\u00a0ou\u00a0partie\u00a0des\u00a0actes\u00a0d'ordonnancement\u00a0secondaire\u00a0\u00e0\u00a0un\u00a0centre\nprestataire\u00a0de\u00a0services\u00a0est\u00a0soumise\u00a0\u00e0\u00a0approbation\u00a0pr\u00e9alable\u00a0de\u00a0son\u00a0contenu\u00a0par\u00a0le\u00a0pr\u00e9fet\u00a0de\nd\u00e9partement.\u00a0Le\u00a0contrat\u00a0de\u00a0service\u00a0avec\u00a0le\u00a0centre\u00a0de\u00a0prestations\u00a0conclu\u00a0en\u00a0application\u00a0de\u00a0la\nd\u00e9l\u00e9gation\u00a0de\u00a0gestion\u00a0est\u00a0soumis\u00a0\u00e0\u00a0visa\u00a0du\u00a0pr\u00e9fet.\nLa\u00a0mission\u00a0de\u00a0pilotage\u00a0des\u00a0autorisations\u00a0d'engagement\u00a0et\u00a0des\u00a0cr\u00e9dits\u00a0de\u00a0paiements\u00a0exerc\u00e9e\u00a0en\napplication\u00a0de\u00a0la\u00a0pr\u00e9sente\u00a0d\u00e9l\u00e9gation\u00a0d'ordonnancement\u00a0ne\u00a0peut\u00a0faire\u00a0l'objet\u00a0d'une\u00a0d\u00e9l\u00e9gation\u00a0de\ngestion\u00a0\u00e0\u00a0un\u00a0prestataire.\nLa\u00a0convention\u00a0de\u00a0d\u00e9l\u00e9gation\u00a0de\u00a0gestion\u00a0doit\u00a0garantir\u00a0le\u00a0respect\u00a0int\u00e9gral\u00a0des\u00a0dispositions\u00a0des\narticles\u00a03,\u00a04\u00a0et\u00a05\u00a0ci-dessous.\nIl\u00a0sera\u00a0rendu\u00a0compte\u00a0au\u00a0Pr\u00e9fet\u00a0au\u00a0moins\u00a0deux\u00a0fois\u00a0par\u00a0an\u00a0de\u00a0l'ex\u00e9cution\u00a0de\u00a0la\u00a0pr\u00e9sente\u00a0d\u00e9l\u00e9gation\nd'ordonnancement\u00a0secondaire.\u00a0Les\u00a0comptes\u00a0rendus\u00a0d'utilisation\u00a0et\u00a0projets\u00a0de\u00a0budgets\u00a0destin\u00e9s\u00a0aux\nresponsables\u00a0de\u00a0budgets\u00a0op\u00e9rationnels\u00a0de\u00a0programme\u00a0et\u00a0responsables\u00a0de\u00a0programmes\u00a0lui\u00a0seront\ntransmis\u00a0en\u00a0copies.\n11\n03_Pr\u00e9f_Pr\u00e9fecture de l'Allier - 03-2026-01-08-00003 - Extrait de l'arr\u00eat\u00e9 n\u00b023/2026 du 08 janvier 2026 portant d\u00e9l\u00e9gation de signature\n\u00e0 Monsieur Claude FAUCHER, directeur d\u00e9partemental des territoires de l'Allier 41\nArticle     3  \u00a0:\u00a0Pour\u00a0les\u00a0d\u00e9penses\u00a0relevant\u00a0du\u00a0titre\u00a06\u00a0(d\u00e9penses\u00a0d'intervention),\u00a0la\u00a0d\u00e9l\u00e9gation\u00a0de\nsignature\u00a0est\u00a0soumise\u00a0aux\u00a0r\u00e9serves\u00a0suivantes\u00a0:\n3.1 Les\u00a0d\u00e9cisions\u00a0ou\u00a0conventions\u00a0attributives\u00a0lorsque\u00a0le\u00a0montant\u00a0unitaire\u00a0attribu\u00e9\u00a0\u00e0\u00a0un\u00a0tiers\u00a0est\n\u00e9gal\u00a0ou\u00a0sup\u00e9rieur\u00a0\u00e0\u00a0100\u00a0000\u00a0\u20ac\u00a0demeurent\u00a0\u00e0\u00a0la\u00a0signature\u00a0du\u00a0Pr\u00e9fet.\n3.2 Pour\u00a0les\u00a0montants\u00a0inf\u00e9rieurs\u00a0\u00e0\u00a0ce\u00a0seuil,\u00a0un\u00a0tableau\u00a0de\u00a0programmation\u00a0portant\u00a0r\u00e9partition\nindividualis\u00e9e\u00a0des\u00a0cr\u00e9dits\u00a0allou\u00e9s\u00a0\u00e0\u00a0l'unit\u00e9\u00a0op\u00e9rationnelle\u00a0et\u00a0relevant\u00a0du\u00a0titre\u00a06\u00a0est\u00a0soumis\u00a0\u00e0\nl'approbation\u00a0du\u00a0Pr\u00e9fet.\n3.3 Lorsque\u00a0la\u00a0d\u00e9pense\u00a0correspond\u00a0\u00e0\u00a0la\u00a0mise\u00a0en\u00a0\u0153uvre\u00a0d'une\u00a0d\u00e9cision\u00a0attributive\u00a0minist\u00e9rielle,\nou\u00a0du\u00a0Pr\u00e9fet\u00a0de\u00a0R\u00e9gion,\u00a0ou\u00a0d'un\u00a0chef\u00a0de\u00a0service\u00a0agissant\u00a0par\u00a0d\u00e9l\u00e9gation\u00a0de\u00a0celui-ci,\u00a0l'exercice\u00a0des\nactes\u00a0pr\u00e9vus\u00a0par\u00a0la\u00a0pr\u00e9sente\u00a0d\u00e9l\u00e9gation\u00a0est\u00a0soumis\u00a0au\u00a0visa\u00a0pr\u00e9alable\u00a0par\u00a0le\u00a0Pr\u00e9fet\u00a0de\u00a0la\u00a0d\u00e9cision\nattributive\u00a0concern\u00e9e.\n3.4 Lorsqu'il\u00a0est\u00a0fait\u00a0application\u00a0d'un\u00a0r\u00e8glement\u00a0d'attribution\u00a0des\u00a0aides\u00a0individuelles,\u00a0dans\u00a0des\nconditions\u00a0de\u00a0crit\u00e8res\u00a0et\u00a0bar\u00e8mes\u00a0d\u00e9finies\u00a0par\u00a0un\u00a0acte\u00a0l\u00e9gislatif\u00a0ou\u00a0r\u00e9glementaire\u00a0et\u00a0ne\u00a0donnant\u00a0de\nce\u00a0fait\u00a0pas\u00a0lieu\u00a0\u00e0\u00a0programmation,\u00a0le\u00a0d\u00e9l\u00e9gataire\u00a0re\u00e7oit\u00a0d\u00e9l\u00e9gation\u00a0pour\u00a0signer\u00a0tous\u00a0les\u00a0engagements\ncorrespondants.\nArticle     4     :\u00a0Sont\u00a0exclus\u00a0de\u00a0la\u00a0pr\u00e9sente\u00a0d\u00e9l\u00e9gation\u00a0de\u00a0signature\u00a0:\n-\u00a0les\u00a0ordres\u00a0de\u00a0r\u00e9quisition\u00a0du\u00a0comptable\u00a0public,\n-\u00a0les\u00a0demandes\u00a0adress\u00e9es\u00a0\u00e0\u00a0un\u00a0chef\u00a0de\u00a0service\u00a0r\u00e9gional,\u00a0au\u00a0pr\u00e9fet\u00a0de\u00a0r\u00e9gion\u00a0ou\u00a0\u00e0\u00a0une\u00a0autorit\u00e9\nminist\u00e9rielle,\u00a0visant\u00a0\u00e0\u00a0solliciter\u00a0un\u00a0r\u00e9examen\u00a0d'un\u00a0avis\u00a0ou\u00a0d'une\u00a0position\u00a0d\u00e9favorable\u00a0du\u00a0contr\u00f4leur\nfinancier\u00a0\u00e9mis\u00a0au\u00a0titre\u00a0d'un\u00a0acte\u00a0relevant\u00a0de\u00a0la\u00a0pr\u00e9sente\u00a0d\u00e9l\u00e9gation,\u00a0sont\u00a0soumises\u00a0\u00e0\u00a0visa\u00a0du\u00a0Pr\u00e9fet,\n-\u00a0les\u00a0d\u00e9cisions\u00a0de\u00a0passer\u00a0outre\u00a0au\u00a0refus\u00a0de\u00a0visa\u00a0de\u00a0l'autorit\u00e9\u00a0charg\u00e9e\u00a0du\u00a0contr\u00f4le\u00a0financier,\n-\u00a0en\u00a0cas\u00a0d'avis\u00a0pr\u00e9alable\u00a0d\u00e9favorable\u00a0de\u00a0l'autorit\u00e9\u00a0charg\u00e9e\u00a0du\u00a0contr\u00f4le\u00a0financier,\u00a0le\u00a0courrier\nl'informant\u00a0des\u00a0motifs\u00a0conduisant\u00a0\u00e0\u00a0ne\u00a0pas\u00a0se\u00a0conformer\u00a0\u00e0\u00a0l'avis\u00a0donn\u00e9.\nArticle     5  \u00a0:\u00a0M.  Claude  FAUCHER\u00a0peut,\u00a0sous\u00a0sa\u00a0responsabilit\u00e9,\u00a0subd\u00e9l\u00e9guer\u00a0sa\u00a0signature\u00a0aux\nagents\u00a0plac\u00e9s\u00a0sous\u00a0son\u00a0autorit\u00e9\u00a0dans\u00a0les\u00a0conditions\u00a0pr\u00e9vues\u00a0par\u00a0les\u00a0arr\u00eat\u00e9s\u00a0interminist\u00e9riels\nportant\u00a0r\u00e8glement\u00a0de\u00a0comptabilit\u00e9\u00a0susvis\u00e9s.\u00a0La\u00a0signature\u00a0des\u00a0agents\u00a0habilit\u00e9s\u00a0doit\u00a0\u00eatre\u00a0accr\u00e9dit\u00e9e\naupr\u00e8s\u00a0du\u00a0comptable\u00a0assignataire.\nSECTION 3     : COMP\u00c9TENCE EN MATI\u00c8RE DE MARCH\u00c9S PUBLICS DE L'\u00c9TAT\nArticle     6  \u00a0:\u00a0D\u00e9l\u00e9gation\u00a0de\u00a0signature\u00a0est\u00a0donn\u00e9e\u00a0\u00e0 M. Claude FAUCHER ,\u00a0directeur\u00a0d\u00e9partemental\ndes\u00a0territoires\u00a0de\u00a0l'Allier,\u00a0\u00e0\u00a0l'effet\u00a0d'exercer\u00a0les\u00a0attributions\u00a0de\u00a0repr\u00e9sentant\u00a0du\u00a0pouvoir\u00a0adjudicateur\ntelles\u00a0que\u00a0d\u00e9finies\u00a0par\u00a0le\u00a0code\u00a0de\u00a0la\u00a0commande\u00a0publique\u00a0au\u00a0titre\u00a0des\u00a0programmes\u00a0dont\nl'ordonnancement\u00a0secondaire\u00a0lui\u00a0a\u00a0\u00e9t\u00e9\u00a0confi\u00e9.\nArticle     7   :\u00a0Sont\u00a0soumis\u00a0\u00e0\u00a0visa\u00a0pr\u00e9alable\u00a0les\u00a0actes\u00a0d'engagement\u00a0des\u00a0march\u00e9s\u00a0publics\u00a0\u00e0\u00a0partir\u00a0des\nmontants\u00a0suivants\u00a0:\n\u2192\u00a0\u00a0\u00a090\u00a0000\u00a0\u20ac\u00a0HT\u00a0pour\u00a0les\u00a0march\u00e9s\u00a0d'\u00e9tude\n\u2192\u00a0100\u00a0000\u00a0\u20ac\u00a0HT\u00a0pour\u00a0les\u00a0march\u00e9s\u00a0imput\u00e9s\u00a0sur\u00a0le\u00a0titre\u00a05\nLes\u00a0actes\u00a0et\u00a0les\u00a0d\u00e9cisions\u00a0ayant\u00a0pour\u00a0effet\u00a0de\u00a0porter\u00a0le\u00a0montant\u00a0initial\u00a0du\u00a0march\u00e9\u00a0au-del\u00e0\u00a0de\u00a0ces\nseuils\u00a0sont\u00a0\u00e9galement\u00a0soumis\u00a0au\u00a0visa\u00a0pr\u00e9alable.\nSECTION 4 : MISE EN \u0152UVRE\nArticle     8  \u00a0:\u00a0Les\u00a0dispositions\u00a0du\u00a0pr\u00e9sent\u00a0arr\u00eat\u00e9\u00a0entrent\u00a0en\u00a0vigueur\u00a0le\u00a012 janvier 2026.\n12\n03_Pr\u00e9f_Pr\u00e9fecture de l'Allier - 03-2026-01-08-00003 - Extrait de l'arr\u00eat\u00e9 n\u00b023/2026 du 08 janvier 2026 portant d\u00e9l\u00e9gation de signature\n\u00e0 Monsieur Claude FAUCHER, directeur d\u00e9partemental des territoires de l'Allier 42\nArticle     9     :\u00a0M. Claude FAUCHER  peut,\u00a0dans\u00a0le\u00a0cadre\u00a0des\u00a0attributions\u00a0relevant\u00a0des\u00a0sections\u00a01\u00a0\u00e0\u00a03\npr\u00e9cit\u00e9es,\u00a0en\u00a0tant\u00a0que\u00a0de\u00a0besoin\u00a0et\u00a0sous\u00a0sa\u00a0responsabilit\u00e9,\u00a0d\u00e9l\u00e9guer\u00a0sa\u00a0signature\u00a0\u00e0\u00a0ses\u00a0subordonn\u00e9s\ndans\u00a0les\u00a0conditions\u00a0pr\u00e9vues\u00a0par\u00a0l'article\u00a044\u00a0du\u00a0d\u00e9cret\u00a0n\u00b02004-374\u00a0du\u00a029\u00a0avril\u00a02004\u00a0modifi\u00e9.\nArticle     10   :\u00a0Le\u00a0secr\u00e9taire\u00a0g\u00e9n\u00e9ral\u00a0de\u00a0la\u00a0pr\u00e9fecture\u00a0de\u00a0l'Allier\u00a0et\u00a0le\u00a0directeur\u00a0d\u00e9partemental\u00a0des\nterritoires\u00a0de\u00a0l'Allier\u00a0sont\u00a0charg\u00e9s,\u00a0chacun\u00a0en\u00a0ce\u00a0qui\u00a0le\u00a0concerne,\u00a0de\u00a0l'ex\u00e9cution\u00a0du\u00a0pr\u00e9sent\u00a0arr\u00eat\u00e9\nqui\u00a0sera\u00a0publi\u00e9\u00a0au\u00a0recueil\u00a0des\u00a0actes\u00a0administratifs\u00a0de\u00a0la\u00a0pr\u00e9fecture\u00a0de\u00a0l'Allier.\nArticle     11  :\u00a0Un\u00a0recours\u00a0contre\u00a0le\u00a0pr\u00e9sent\u00a0arr\u00eat\u00e9\u00a0peut\u00a0\u00eatre\u00a0form\u00e9\u00a0devant\u00a0le\u00a0Tribunal\u00a0Administratif\u00a0de\nClermont-Ferrand\u00a0dans\u00a0un\u00a0d\u00e9lai\u00a0de\u00a0deux\u00a0mois\u00a0\u00e0\u00a0compter\u00a0de\u00a0sa\u00a0publication.\u00a0En\u00a0application\u00a0du\nd\u00e9cret\u00a0n\u00b0\u00a02018-251\u00a0du\u00a06\u00a0avril\u00a02018,\u00a0les\u00a0particuliers\u00a0et\u00a0les\u00a0personnes\u00a0morales\u00a0de\u00a0droit\u00a0priv\u00e9\u00a0non\nrepr\u00e9sent\u00e9s\u00a0par\u00a0un\u00a0avocat\u00a0peuvent\u00a0communiquer\u00a0avec\u00a0un\u00a0Tribunal\u00a0administratif\u00a0par\u00a0la\u00a0voie\u00a0de\nl'application\u00a0informatique\u00a0\u00ab\u00a0T\u00e9l\u00e9recours\u00a0citoyens\u00a0\u00bb\u00a0sur\u00a0le\u00a0site\u00a0www.telerecours.fr.\nLe\u00a0Pr\u00e9fet\nSign\u00e9\nChristophe\u00a0NO\u00cbL\u00a0du\u00a0PAYRAT\n13\n03_Pr\u00e9f_Pr\u00e9fecture de l'Allier - 03-2026-01-08-00003 - Extrait de l'arr\u00eat\u00e9 n\u00b023/2026 du 08 janvier 2026 portant d\u00e9l\u00e9gation de signature\n\u00e0 Monsieur Claude FAUCHER, directeur d\u00e9partemental des territoires de l'Allier 43\n03_Pr\u00e9f_Pr\u00e9fecture de l'Allier\n03-2026-01-08-00004\nExtrait de l'arr\u00eat\u00e9 n\u00b024/2026 du 08 janvier 2026\nportant d\u00e9l\u00e9gation de signature - Le Pr\u00e9fet de\nl'Allier, Chevalier de l'ordre national du M\u00e9rite,\nD\u00e9l\u00e9gu\u00e9 territorial de l'Agence Nationale pour la\nR\u00e9novation Urbaine (ANRU)\n03_Pr\u00e9f_Pr\u00e9fecture de l'Allier - 03-2026-01-08-00004 - Extrait de l'arr\u00eat\u00e9 n\u00b024/2026 du 08 janvier 2026 portant d\u00e9l\u00e9gation de signature -\nLe Pr\u00e9fet de l'Allier, Chevalier de l'ordre national du M\u00e9rite, D\u00e9l\u00e9gu\u00e9 territorial de l'Agence Nationale pour la R\u00e9novation Urbaine\n(ANRU)\n44\ner APRE FET Agence NationaleDE L'ALLI E Roour la R\u00e9novationLibert\u00e9 UrbaineEgalit\u00e9Fraternit\u00e9\nANR\nExtrait de l'arr\u00eat\u00e9 n\u00b0 24/2026 du 08 janvier 2026\nportant d\u00e9l\u00e9gation de signature\nLe Pr\u00e9fet de l'Allier\nChevalier de l'ordre national du M\u00e9rite\nD\u00e9l\u00e9gu\u00e9 territorial de l'Agence Nationale pour la R\u00e9novation Urbaine\n(ANRU)\nArticle     1   :\u00a0A compter du 12 janvier 2026 ,\u00a0d\u00e9l\u00e9gation\u00a0de\u00a0signature\u00a0est\u00a0donn\u00e9e\u00a0\u00e0\u00a0M. Claude\nFAUCHER,\u00a0directeur\u00a0d\u00e9partemental\u00a0des\u00a0territoires\u00a0de\u00a0l'Allier,\u00a0en\u00a0sa\u00a0qualit\u00e9\u00a0de\u00a0d\u00e9l\u00e9gu\u00e9\u00a0territorial\nadjoint\u00a0de\u00a0l'ANRU\u00a0pour\u00a0le\u00a0d\u00e9partement\u00a0de\u00a0l'Allier,\u00a0et\u00a0\u00e0\u00a0Mme V\u00e9ronique DELMAS,\u00a0directrice\nd\u00e9partementale\u00a0adjointe\u00a0des\u00a0territoires\u00a0de\u00a0l'Allier,\u00a0pour\u00a0:\n-\u00a0les\u00a0d\u00e9cisions\u00a0attributives\u00a0de\u00a0subvention\u00a0des\u00a0programmes\u00a0de\u00a0r\u00e9novation\u00a0urbaine\u00a0du\u00a0NPNRU,\n-\u00a0les\u00a0d\u00e9cisions\u00a0d'autorisation\u00a0de\u00a0pr\u00eats\u00a0bonifi\u00e9s\u00a0Action\u00a0Logement\u00a0du\u00a0NPNRU.\nArticle     2   :\u00a0En\u00a0cas\u00a0d'absence\u00a0ou\u00a0d'emp\u00eachement\u00a0des\u00a0d\u00e9l\u00e9gataires\u00a0mentionn\u00e9s\u00a0\u00e0\u00a0l'article\u00a01,\nd\u00e9l\u00e9gation\u00a0de\u00a0signature\u00a0est\u00a0donn\u00e9e\u00a0\u00e0\u00a0Mme Sylvie FAVERIAL,\u00a0cheffe\u00a0du\u00a0service\u00a0logement\u00a0et\nconstruction\u00a0durable,\u00a0aux\u00a0fins\u00a0de\u00a0signer\u00a0l'ensemble\u00a0des\u00a0actes\u00a0mentionn\u00e9s\u00a0audit\u00a0article.\nArticle     3   :\u00a0Le\u00a0secr\u00e9taire\u00a0g\u00e9n\u00e9ral\u00a0de\u00a0la\u00a0pr\u00e9fecture\u00a0de\u00a0l'Allier\u00a0et\u00a0le\u00a0directeur\u00a0d\u00e9partemental\u00a0des\nterritoires\u00a0de\u00a0l'Allier,\u00a0d\u00e9l\u00e9gu\u00e9\u00a0territorial\u00a0adjoint\u00a0de\u00a0l'ANRU,\u00a0sont\u00a0charg\u00e9s,\u00a0chacun\u00a0en\u00a0ce\u00a0qui\u00a0le\nconcerne,\u00a0de\u00a0l'ex\u00e9cution\u00a0du\u00a0pr\u00e9sent\u00a0arr\u00eat\u00e9\u00a0qui\u00a0sera\u00a0publi\u00e9\u00a0au\u00a0recueil\u00a0des\u00a0actes\u00a0administratifs\nde\u00a0la\u00a0pr\u00e9fecture\u00a0de\u00a0l'Allier.\nArticle     4  \u00a0:\u00a0Un\u00a0recours\u00a0contre\u00a0le\u00a0pr\u00e9sent\u00a0arr\u00eat\u00e9\u00a0peut\u00a0\u00eatre\u00a0form\u00e9\u00a0devant\u00a0le\u00a0Tribunal\nAdministratif\u00a0de\u00a0Clermont-Ferrand\u00a0dans\u00a0un\u00a0d\u00e9lai\u00a0de\u00a0deux\u00a0mois\u00a0\u00e0\u00a0compter\u00a0de\u00a0sa\u00a0publication.\nEn\u00a0application\u00a0du\u00a0d\u00e9cret\u00a0n\u00b0\u00a02018-251\u00a0du\u00a06\u00a0avril\u00a02018,\u00a0les\u00a0particuliers\u00a0et\u00a0les\u00a0personnes\nmorales\u00a0de\u00a0droit\u00a0priv\u00e9\u00a0non\u00a0repr\u00e9sent\u00e9s\u00a0par\u00a0un\u00a0avocat\u00a0peuvent\u00a0communiquer\u00a0avec\u00a0un\nTribunal\u00a0administratif\u00a0par\u00a0la\u00a0voie\u00a0de\u00a0l'application\u00a0informatique\u00a0\u00abT\u00e9l\u00e9recours\u00a0citoyens\u00a0\u00bb\u00a0sur\u00a0le\nsite\u00a0www.telerecours.fr.\nUne\u00a0copie\u00a0de\u00a0cet\u00a0arr\u00eat\u00e9\u00a0est\u00a0transmise\u00a0\u00e0\u00a0la\u00a0direction\u00a0en\u00a0charge\u00a0des\u00a0finances\u00a0de\u00a0l'ANRU.\nLe\u00a0Pr\u00e9fet\nSign\u00e9\nChristophe\u00a0NO\u00cbL\u00a0du\u00a0PAYRAT\nDirection de la Coordination\ndes Politiques Publiques\n03_Pr\u00e9f_Pr\u00e9fecture de l'Allier - 03-2026-01-08-00004 - Extrait de l'arr\u00eat\u00e9 n\u00b024/2026 du 08 janvier 2026 portant d\u00e9l\u00e9gation de signature -\nLe Pr\u00e9fet de l'Allier, Chevalier de l'ordre national du M\u00e9rite, D\u00e9l\u00e9gu\u00e9 territorial de l'Agence Nationale pour la R\u00e9novation Urbaine\n(ANRU)\n45\n03_Pr\u00e9f_Pr\u00e9fecture de l'Allier\n03-2026-01-08-00008\nExtrait de l'arr\u00eat\u00e9 n\u00b027/2026 du 08 janvier 2026\nportant nomination des d\u00e9l\u00e9gu\u00e9s territoriaux\nadjoints de l'agence nationale de la coh\u00e9sion des\nterritoires (ANCT) dans le d\u00e9partement de l'Allier\n03_Pr\u00e9f_Pr\u00e9fecture de l'Allier - 03-2026-01-08-00008 - Extrait de l'arr\u00eat\u00e9 n\u00b027/2026 du 08 janvier 2026 portant nomination des\nd\u00e9l\u00e9gu\u00e9s territoriaux adjoints de l'agence nationale de la coh\u00e9sion des territoires (ANCT) dans le d\u00e9partement de l'Allier 46\nPREFETDE L'ALLIERLibert\u00e9Egalit\u00e9Fraternit\u00e9\nDirection d\u00e9partementale des territoires\nExtrait de l'arr\u00eat\u00e9 n\u00b0 27/2026 du 08 janvier 2026\nportant nomination des d\u00e9l\u00e9gu\u00e9s territoriaux adjoints\nde l'agence nationale de la coh\u00e9sion des territoires (ANCT)\ndans le d\u00e9partement de l'Allier\nArticle     1     -\u00a0Sont\u00a0nomm\u00e9s\u00a0d\u00e9l\u00e9gu\u00e9s\u00a0territoriaux\u00a0adjoints\u00a0de\u00a0l'agence\u00a0nationale\u00a0de\u00a0la\u00a0coh\u00e9sion\u00a0des\u00a0territoires\u00a0dans\nle\u00a0d\u00e9partement\u00a0de\u00a0l'Allier\u00a0:\n-\u00a0M. Olivier\u00a0MAUREL,\u00a0secr\u00e9taire\u00a0g\u00e9n\u00e9ral\u00a0de\u00a0la\u00a0pr\u00e9fecture\u00a0de\u00a0l'Allier,\u00a0sous-pr\u00e9fet\u00a0de\u00a0Moulins,\n-\u00a0M. Claude FAUCHER,\u00a0directeur\u00a0d\u00e9partemental\u00a0des\u00a0territoires\u00a0de\u00a0l'Allier.\nArticle     2  -\u00a0D\u00e9l\u00e9gation\u00a0de\u00a0signature\u00a0est\u00a0donn\u00e9e\u00a0\u00e0\u00a0M. Olivier MAUREL,\u00a0secr\u00e9taire\u00a0g\u00e9n\u00e9ral\u00a0de\u00a0la\u00a0pr\u00e9fecture\u00a0de\nl'Allier,\u00a0sous-pr\u00e9fet\u00a0de\u00a0Moulins,\u00a0et\u00a0\u00e0\u00a0M. Claude FAUCHER,\u00a0directeur\u00a0d\u00e9partemental\u00a0des\u00a0territoires\u00a0de\u00a0l'Allier,\u00a0en\nleur\u00a0qualit\u00e9\u00a0de\u00a0d\u00e9l\u00e9gu\u00e9s\u00a0territoriaux\u00a0adjoints\u00a0de\u00a0l'ANCT\u00a0dans\u00a0le\u00a0d\u00e9partement\u00a0de\u00a0l'Allier,\u00a0\u00e0\u00a0l'effet\u00a0de\u00a0:\n-\u00a0pr\u00e9sider,\u00a0le\u00a0cas\u00a0\u00e9ch\u00e9ant,\u00a0le\u00a0comit\u00e9\u00a0local\u00a0de\u00a0coh\u00e9sion\u00a0territoriale\u00a0de\u00a0l'Allier\u00a0;\n-\u00a0mobiliser\u00a0l'ing\u00e9nierie\u00a0disponible\u00a0et\u00a0solliciter\u00a0des\u00a0expertises\u00a0compl\u00e9mentaires\u00a0si\u00a0n\u00e9cessaire,\u00a0via\u00a0un\u00a0appui\u00a0renforc\u00e9\n\u00a0\u00a0de\u00a0l'ANCT\u00a0au\u00a0niveau\u00a0national\u00a0;\n-\u00a0qualifier\u00a0les\u00a0projets\u00a0locaux\u00a0qui\u00a0seront\u00a0accompagn\u00e9s\u00a0par\u00a0l'ANCT\u00a0;\n-\u00a0engager\u00a0les\u00a0moyens\u00a0financiers\u00a0et\u00a0les\u00a0ressources\u00a0humaines\u00a0\u00e0\u00a0mobiliser\u00a0pour\u00a0accompagner\u00a0les\u00a0projets\u00a0qualifi\u00e9s\u00a0;\n-\u00a0d\u00e9signer\u00a0les\u00a0r\u00e9f\u00e9rents-projet\u00a0ANCT\u00a0et\u00a0animer\u00a0leur\u00a0r\u00e9seau\u00a0;\n-\u00a0animer\u00a0la\u00a0prospection\u00a0et\u00a0la\u00a0revue\u00a0des\u00a0projets\u00a0au\u00a0niveau\u00a0d\u00e9partemental.\nArticle 3\u00a0-\u00a0Le\u00a0pr\u00e9sent\u00a0arr\u00eat\u00e9\u00a0entre\u00a0en\u00a0vigueur\u00a0le 12 janvier 2026.\nArticle     4   -\u00a0Le\u00a0secr\u00e9taire\u00a0g\u00e9n\u00e9ral\u00a0de\u00a0la\u00a0pr\u00e9fecture\u00a0de\u00a0l'Allier\u00a0et\u00a0le\u00a0directeur\u00a0d\u00e9partemental\u00a0des\u00a0territoires\u00a0de\u00a0l'Allier\nsont\u00a0charg\u00e9s,\u00a0chacun\u00a0en\u00a0ce\u00a0qui\u00a0le\u00a0concerne,\u00a0de\u00a0l'ex\u00e9cution\u00a0du\u00a0pr\u00e9sent\u00a0\u00a0arr\u00eat\u00e9\u00a0qui\u00a0sera\u00a0publi\u00e9\u00a0au\u00a0recueil\u00a0des\u00a0actes\nadministratifs\u00a0de\u00a0la\u00a0pr\u00e9fecture\u00a0de\u00a0l'Allier.\nArticle     5  \u00a0-\u00a0Un\u00a0recours\u00a0contre\u00a0le\u00a0pr\u00e9sent\u00a0arr\u00eat\u00e9\u00a0peut\u00a0\u00eatre\u00a0form\u00e9\u00a0devant\u00a0le\u00a0Tribunal\u00a0Administratif\u00a0de\u00a0Clermont-\nFerrand\u00a0dans\u00a0un\u00a0d\u00e9lai\u00a0de\u00a0deux\u00a0mois\u00a0\u00e0\u00a0compter\u00a0de\u00a0sa\u00a0publication.\u00a0En\u00a0application\u00a0du\u00a0d\u00e9cret\u00a0n\u00b0\u00a02018-251\u00a0du\u00a06\u00a0avril\n2018,\u00a0les\u00a0particuliers\u00a0et\u00a0les\u00a0personnes\u00a0morales\u00a0de\u00a0droit\u00a0priv\u00e9\u00a0non\u00a0repr\u00e9sent\u00e9s\u00a0par\u00a0un\u00a0avocat\u00a0peuvent\ncommuniquer\u00a0avec\u00a0un\u00a0Tribunal\u00a0administratif\u00a0par\u00a0la\u00a0voie\u00a0de\u00a0l'application\u00a0informatique\u00a0\u00abT\u00e9l\u00e9recours\u00a0citoyens\u00bb\u00a0sur\u00a0le\nsite\u00a0www.telerecours.fr.\nLe\u00a0Pr\u00e9fet\nSign\u00e9\nChristophe \u00a0NO\u00cbL\u00a0du\u00a0PAYRAT\n03_Pr\u00e9f_Pr\u00e9fecture de l'Allier - 03-2026-01-08-00008 - Extrait de l'arr\u00eat\u00e9 n\u00b027/2026 du 08 janvier 2026 portant nomination des\nd\u00e9l\u00e9gu\u00e9s territoriaux adjoints de l'agence nationale de la coh\u00e9sion des territoires (ANCT) dans le d\u00e9partement de l'Allier 47\n03_Pr\u00e9f_Pr\u00e9fecture de l'Allier\n03-2026-01-08-00005\nExtrait de la d\u00e9cision n\u00b025/2026 du 08 janvier\n2026 de nomination du d\u00e9l\u00e9gu\u00e9 adjoint et de\nd\u00e9l\u00e9gation de signature du d\u00e9l\u00e9gu\u00e9 de l'Agence \u00e0\nl'un ou plusieurs de ses collaborateurs - Monsieur\nChristophe NO\u00cbL du PAYRAT, pr\u00e9fet de l'Allier,\nd\u00e9l\u00e9gu\u00e9 de l'ANAH dans le d\u00e9partement de\nl'Allier, en vertu des disposition de l'article\nL.321-1 du code de la construction et de\nl'habitation\n03_Pr\u00e9f_Pr\u00e9fecture de l'Allier - 03-2026-01-08-00005 - Extrait de la d\u00e9cision n\u00b025/2026 du 08 janvier 2026 de nomination du d\u00e9l\u00e9gu\u00e9\nadjoint et de d\u00e9l\u00e9gation de signature du d\u00e9l\u00e9gu\u00e9 de l'Agence \u00e0 l'un ou plusieurs de ses collaborateurs - Monsieur Christophe NO\u00cbL du\nPAYRAT, pr\u00e9fet de l'Allier, d\u00e9l\u00e9gu\u00e9 de l'ANAH dans le d\u00e9partement de l'Allier, en vertu des disposition de l'article L.321-1 du code de\nla construction et de l'habitation\n48\nPREFETDE L'ALLIERLibert\u00e9Egalit\u00e9Fraternit\u00e9\nAgencenationalede l'habitatAnah\n            \nExtrait de la d\u00e9cision n\u00b0 25/2026 du 08 janvier 2026\nde nomination du d\u00e9l\u00e9gu\u00e9 adjoint\net de d\u00e9l\u00e9gation de signature du d\u00e9l\u00e9gu\u00e9 de l'Agence\n\u00e0 l'un ou plusieurs de ses collaborateurs\nMonsieur Christophe NO\u00cbL du PAYRAT, pr\u00e9fet de l'Allier,\nd\u00e9l\u00e9gu\u00e9 de l'ANAH dans le d\u00e9partement de l'Allier,\nen vertu des dispositions de l'article L.321-1 du code de la construction\net de l'habitation\nA  rticle     1   : M. Claude FAUCHER , ing\u00e9nieur g\u00e9n\u00e9ral des ponts, des eaux et des for\u00eats, et\noccupant la fonction de directeur \u00e0 la direction d\u00e9partementale des territoires de l'Allier, est\nnomm\u00e9 d\u00e9l\u00e9gu\u00e9 adjoint.\nArticle     2   : D\u00e9l\u00e9gation  de  signature  permanente  est  donn\u00e9e  \u00e0  M.  Claude  FAUCHER,\nd\u00e9l\u00e9gu\u00e9 adjoint, \u00e0 l'effet de signer les actes et documents suivants :\n\u2022 tous  actes  et  documents  administratifs  relatifs  \u00e0  l'instruction  des  demandes  de\nsubvention, \u00e0 l'attribution des subventions ou au rejet des demandes, au retrait, \u00e0\nl'annulation et au reversement des subventions aux b\u00e9n\u00e9ficiaires mentionn\u00e9s au III\nde l'article R.321-12 du code de la construction et de l'habitation (humanisation des\nstructures  d'h\u00e9bergement)  dont  la  liquidation  et  l'ordonnancement  des  d\u00e9penses\nengag\u00e9es et la liquidation des recettes constat\u00e9es relatives \u00e0 l'attribution de ces\nsubventions ;\n\u25cf tous  actes  relatifs  \u00e0  l'instruction  des  demandes  de  subvention  des  b\u00e9n\u00e9ficiaires\nmentionn\u00e9s aux IV et V de l'article R.321-12 du code de la construction et de l'habitation\n(RHI-THIRORI), \u00e0 l'instruction des demandes d'acomptes et leur liquidation ainsi qu'\u00e0\nl'instruction des demandes de versement du solde de la subvention ;\n\uf0b7 la d\u00e9signation des agents charg\u00e9s du contr\u00f4le mandat\u00e9s pour effectuer des contr\u00f4les\nsur place ;\n\uf0b7 le rapport annuel d'activit\u00e9 ;\n\uf0b7 tous actes et documents administratifs relatifs aux missions confi\u00e9es \u00e0 l'agence aux\ntermes des conventions sign\u00e9es en application des articles L.301-5-1, L.301-5-2 et\nL.321-1-1 du code de la construction et de l'habitation ;\n\uf0b7 tous actes et documents administratifs relatifs au retrait, \u00e0 l'annulation et le cas\n\u00e9ch\u00e9ant au reversement des subventions aux b\u00e9n\u00e9ficiaires mentionn\u00e9s aux I et II de\nl'article R.321-12 du code de la construction et de l'habitation, dans la limite des\ncomp\u00e9tences du d\u00e9l\u00e9gu\u00e9 telles que d\u00e9finies par les r\u00e8gles en vigueur, pour les\ndossiers ayant fait l'objet d'une attribution de subvention ant\u00e9rieurement \u00e0 l'entr\u00e9e en\nvigueur de la convention sign\u00e9e en application de l'article L.321-1-1 ;\n\uf0b7 tous actes et documents administratifs, notamment d\u00e9cision d'agr\u00e9ment ou de rejet,\nrelatifs \u00e0 l'instruction des demandes d'habilitation d'op\u00e9rateurs d'AMO (Assistant \u00e0\nMa\u00eetrise d'Ouvrage) et de MAR (Mon Accompagnateur R\u00e9nov).\n1\nDirection de la Coordination\ndes Politiques Publiques\n03_Pr\u00e9f_Pr\u00e9fecture de l'Allier - 03-2026-01-08-00005 - Extrait de la d\u00e9cision n\u00b025/2026 du 08 janvier 2026 de nomination du d\u00e9l\u00e9gu\u00e9\nadjoint et de d\u00e9l\u00e9gation de signature du d\u00e9l\u00e9gu\u00e9 de l'Agence \u00e0 l'un ou plusieurs de ses collaborateurs - Monsieur Christophe NO\u00cbL du\nPAYRAT, pr\u00e9fet de l'Allier, d\u00e9l\u00e9gu\u00e9 de l'ANAH dans le d\u00e9partement de l'Allier, en vertu des disposition de l'article L.321-1 du code de\nla construction et de l'habitation\n49\nArticle     3   : Concernant le conventionnement des logements au titre des articles L.321-4 et\nL.321-8 du code de la construction et de l'habitation, d\u00e9l\u00e9gation de signature permanente est\ndonn\u00e9e \u00e0 M. Claude FAUCHER, d\u00e9l\u00e9gu\u00e9 adjoint, \u00e0 l'effet de signer les actes et documents\nsuivants sous r\u00e9serve des comp\u00e9tences d\u00e9volues au d\u00e9l\u00e9gataire de comp\u00e9tence dans les\nconditions pr\u00e9vues dans la convention de gestion :\n\uf0b7 les conventions qui concernent des logements ne faisant pas l'objet d'une subvention\nde l'ANAH ainsi que leur prorogation ou r\u00e9siliation. Le document r\u00e9capitulant les\nengagements du bailleur est sign\u00e9 dans les m\u00eames conditions que celles relatives \u00e0\nla convention s'y rapportant ;\n\uf0b7 tous documents aff\u00e9rant \u00e0 ces conventions, dans le cadre de l'instruction pr\u00e9alable \u00e0\nleur conclusion, leur prorogation ou leur r\u00e9siliation ainsi que toutes demandes de\nrenseignements aupr\u00e8s des bailleurs ayant conclu une convention au titre de l'article\nL.321-4 ou L.321-8 du code de la construction et de l'habitation ;\n\uf0b7 de fa\u00e7on g\u00e9n\u00e9rale, pour les besoins du contr\u00f4le et dans les conditions pr\u00e9vues \u00e0\nl'article  R.321-29,  tous  les  documents  relevant  de  missions  de  v\u00e9rification,  de\ncontr\u00f4le et d'information li\u00e9es au respect des engagements contractuels et au plein\nexercice du contr\u00f4le de l'agence.\nArticle     4   : D\u00e9l\u00e9gation  de  signature  est  donn\u00e9e  \u00e0  Mme  V\u00e9ronique  DELMAS,  directrice\nd\u00e9partementale adjointe des territoires de l'Allier, aux fins de signer :\n\uf0b7 tous  actes  et  documents  administratifs  relatifs  \u00e0  l'instruction  des  demandes  de\nsubvention, \u00e0 l'attribution des subventions ou au rejet des demandes, au retrait, \u00e0\nl'annulation et au reversement des subventions aux b\u00e9n\u00e9ficiaires mentionn\u00e9s au III\nde l'article R.321-12 du code de la construction et de l'habitation (humanisation des\nstructures  d'h\u00e9bergement)  dont  la  liquidation  et  l'ordonnancement  des  d\u00e9penses\nengag\u00e9es et la liquidation des recettes constat\u00e9es relatives \u00e0 l'attribution de ces\nsubventions,\n\uf0b7 tous  actes  relatifs  \u00e0  l'instruction  des  demandes  de  subvention  des  b\u00e9n\u00e9ficiaires\nmentionn\u00e9s  aux  IV  et  V  de  l'article  R.321-12  du  code  de  la  construction  et  de\nl'habitation  (RHI-THIRORI),  \u00e0  l'instruction  des  demandes  d'acomptes  et  leur\nliquidation  ainsi  qu'\u00e0  l'instruction  des  demandes  de  versement  du  solde  de  la\nsubvention,\n\uf0b7 la d\u00e9signation des agents charg\u00e9s du contr\u00f4le mandat\u00e9s pour effectuer des contr\u00f4les\nsur place,\n\uf0b7 le rapport annuel d'activit\u00e9,\n\uf0b7 tous actes et documents administratifs relatifs aux missions confi\u00e9es \u00e0 l'agence aux\ntermes des conventions sign\u00e9es en application des articles L.301-5-1, L.301-5-2 et\nL.321-1-1 du code de la construction et de l'habitation,\n\uf0b7 tous actes et documents administratifs relatifs au retrait, \u00e0 l'annulation et le cas\n\u00e9ch\u00e9ant au reversement des subventions aux b\u00e9n\u00e9ficiaires mentionn\u00e9s aux I et II de\nl'article R.321-12 du code de la construction et de l'habitation, dans la limite des\ncomp\u00e9tences du d\u00e9l\u00e9gu\u00e9 telles que d\u00e9finies par les r\u00e8gles en vigueur, pour les\ndossiers ayant fait l'objet d'une attribution de subvention ant\u00e9rieurement \u00e0 l'entr\u00e9e en\nvigueur de la convention sign\u00e9e en application de l'article L.321-1-1 ;\n\uf0b7 tous actes et documents administratifs, notamment d\u00e9cision d'agr\u00e9ment ou de rejet,\nrelatifs \u00e0 l'instruction des demandes d'habilitation d'op\u00e9rateurs d'AMO (Assistant \u00e0\nMa\u00eetrise d'Ouvrage) et de MAR (Mon Accompagnateur R\u00e9nov).\nConcernant le conventionnement des logements au titre des articles L.321-4 et L.321-8 du\ncode  de  la  construction  et  de  l'habitation,  d\u00e9l\u00e9gation  est  donn\u00e9e  \u00e0  Mme  V\u00e9ronique\nDELMAS, directrice d\u00e9partementale adjointe, \u00e0 l 'effet de signer les actes et documents\nsuivants sous r\u00e9serve des comp\u00e9tences d\u00e9volues au d\u00e9l\u00e9gataire de comp\u00e9tence dans les\nconditions pr\u00e9vues dans la convention de gestion :\n2\n03_Pr\u00e9f_Pr\u00e9fecture de l'Allier - 03-2026-01-08-00005 - Extrait de la d\u00e9cision n\u00b025/2026 du 08 janvier 2026 de nomination du d\u00e9l\u00e9gu\u00e9\nadjoint et de d\u00e9l\u00e9gation de signature du d\u00e9l\u00e9gu\u00e9 de l'Agence \u00e0 l'un ou plusieurs de ses collaborateurs - Monsieur Christophe NO\u00cbL du\nPAYRAT, pr\u00e9fet de l'Allier, d\u00e9l\u00e9gu\u00e9 de l'ANAH dans le d\u00e9partement de l'Allier, en vertu des disposition de l'article L.321-1 du code de\nla construction et de l'habitation\n50\n\uf0b7 les conventions qui concernent des logements ne faisant pas l'objet d'une subvention\nde  l'Anah  ainsi  que  leur  prorogation  ou  r\u00e9siliation.  Le  document  r\u00e9capitulant  les\nengagements du bailleur est sign\u00e9 dans les m\u00eames conditions que celles relatives \u00e0\nla convention s'y rapportant,\n\uf0b7 tous documents aff\u00e9rant \u00e0 ces conventions, dans le cadre de l'instruction pr\u00e9alable \u00e0\nleur conclusion, leur prorogation ou leur r\u00e9siliation ainsi que toutes demandes de\nrenseignements aupr\u00e8s des bailleurs ayant conclu une convention au titre de l'article\nL.321-4 ou L.321-8 du code de la construction et de l'habitation,\n\uf0b7 de fa\u00e7on g\u00e9n\u00e9rale, pour les besoins du contr\u00f4le et dans les conditions pr\u00e9vues \u00e0\nl'article  R.321-29,  tous  les  documents  relevant  de  missions  de  v\u00e9rification,  de\ncontr\u00f4le et d'information li\u00e9es au respect des engagements contractuels et au plein\nexercice du contr\u00f4le de l'agence.\nArticle     5     : D\u00e9l\u00e9gation de signature est donn\u00e9e \u00e0 Mme Sylvie FAVERIAL, cheffe du service\nlogement et construction durable, aux fins de signer :\n\uf0b7 tous  actes  et  documents  administratifs  relatifs  \u00e0  l'instruction  des  demandes  de\nsubvention, \u00e0 l'attribution des subventions ou au rejet des demandes, au retrait, \u00e0\nl'annulation et au reversement des subventions aux b\u00e9n\u00e9ficiaires mentionn\u00e9s au III\nde l'article R.321-12 du code de la construction et de l'habitation (humanisation des\nstructures  d'h\u00e9bergement)  dont  la  liquidation  et  l'ordonnancement  des  d\u00e9penses\nengag\u00e9es et la liquidation des recettes constat\u00e9es relatives \u00e0 l'attribution de ces\nsubventions ;\n\uf0b7 tous  actes  relatifs  \u00e0  l'instruction  des  demandes  de  subvention  des  b\u00e9n\u00e9ficiaires\nmentionn\u00e9s  aux  IV  et  V  de  l'article  R.321-12  du  code  de  la  construction  et  de\nl'habitation  (RHI-THIRORI),  \u00e0  l'instruction  des  demandes  d'acomptes  et  leur\nliquidation  ainsi  qu'\u00e0  l'instruction  des  demandes  de  versement  du  solde  de  la\nsubvention ;\n\uf0b7 la d\u00e9signation des agents charg\u00e9s du contr\u00f4le mandat\u00e9s pour effectuer des contr\u00f4les\nsur place ;\n\uf0b7 le rapport annuel d'activit\u00e9 ;\n\uf0b7 tous actes et documents administratifs relatifs aux missions confi\u00e9es \u00e0 l'agence aux\ntermes des conventions sign\u00e9es, en application des articles L.301-5-1, L.301-5-2 et\nL.321-1-1 du code de la construction et de l'habitation ;\n\uf0b7 tous actes et documents administratifs relatifs au retrait, \u00e0 l'annulation et le cas\n\u00e9ch\u00e9ant au reversement des subventions aux b\u00e9n\u00e9ficiaires mentionn\u00e9s aux I et II de\nl'article R.321-12 du code de la construction et de l'habitation, dans la limite des\ncomp\u00e9tences du d\u00e9l\u00e9gu\u00e9 telles que d\u00e9finies par les r\u00e8gles en vigueur, pour les\ndossiers ayant fait l'objet d'une attribution de subvention ant\u00e9rieurement \u00e0 l'entr\u00e9e en\nvigueur de la convention sign\u00e9e en application de l'article L.321-1-1.\nConcernant le conventionnement des logements au titre des articles L.321-4 et L.321-8 du\ncode de la construction et de l'habitation, d\u00e9l\u00e9gation de signature est donn\u00e9e \u00e0 Mme Sylvie\nFAVERIAL, cheffe du service logement et construction durable, aux fins de signer les actes\net  documents  suivants,  sous  r\u00e9serve  des  comp\u00e9tences  d\u00e9volues  au  d\u00e9l\u00e9gataire  de\ncomp\u00e9tence dans les conditions pr\u00e9vues dans la convention de gestion :\n\uf0b7 les conventions qui concernent des logements ne faisant pas l'objet d'une subvention\nde l'ANAH ainsi que leur prorogation ou r\u00e9siliation. Le document r\u00e9capitulant les\nengagements du bailleur est sign\u00e9 dans les m\u00eames conditions que celles relatives \u00e0\nla convention s'y rapportant ;\n\uf0b7 tous documents aff\u00e9rant \u00e0 ces conventions, dans le cadre de l'instruction pr\u00e9alable \u00e0\nleur conclusion, leur prorogation ou leur r\u00e9siliation ainsi que toutes demandes de\nrenseignements aupr\u00e8s des bailleurs ayant conclu une convention au titre de l'article\nL.321-4 ou L.321-8 du code de la construction et de l'habitation ;\n3\n03_Pr\u00e9f_Pr\u00e9fecture de l'Allier - 03-2026-01-08-00005 - Extrait de la d\u00e9cision n\u00b025/2026 du 08 janvier 2026 de nomination du d\u00e9l\u00e9gu\u00e9\nadjoint et de d\u00e9l\u00e9gation de signature du d\u00e9l\u00e9gu\u00e9 de l'Agence \u00e0 l'un ou plusieurs de ses collaborateurs - Monsieur Christophe NO\u00cbL du\nPAYRAT, pr\u00e9fet de l'Allier, d\u00e9l\u00e9gu\u00e9 de l'ANAH dans le d\u00e9partement de l'Allier, en vertu des disposition de l'article L.321-1 du code de\nla construction et de l'habitation\n51\n\uf0b7 de fa\u00e7on g\u00e9n\u00e9rale, pour les besoins du contr\u00f4le et dans les conditions pr\u00e9vues \u00e0\nl'article  R.321-29,  tous  les  documents  relevant  de  missions  de  v\u00e9rification,  de\ncontr\u00f4le et d'information li\u00e9es au respect des engagements contractuels et au plein\nexercice du contr\u00f4le de l'agence.\nArticle     6   : D\u00e9l\u00e9gation de signature est donn\u00e9e \u00e0 Mme Murielle PERONNET, chef du bureau\naides \u00e0 l'habitat, \u00e0 la direction d\u00e9partementale des territoires de l'Allier, aux fins de signer :\n\uf0b7 tous  actes  et  documents  administratifs  relatifs  \u00e0  l'instruction  des  demandes  de\nsubvention, \u00e0 l'attribution des subventions ou au rejet des demandes, au retrait, \u00e0\nl'annulation et au reversement des subventions aux b\u00e9n\u00e9ficiaires mentionn\u00e9s au III\nde l'article R.321-12 du code de la construction et de l'habitation (humanisation des\nstructures  d'h\u00e9bergement)  dont  la  liquidation  et  l'ordonnancement  des  d\u00e9penses\nengag\u00e9es et la liquidation des recettes constat\u00e9es relatives \u00e0 l'attribution de ces\nsubventions ;\n\uf0b7 tous  actes  relatifs  \u00e0  l'instruction  des  demandes  de  subvention  des  b\u00e9n\u00e9ficiaires\nmentionn\u00e9s  aux  IV  et  V  de  l'article  R.321-12  du  code  de  la  construction  et  de\nl'habitation  (RHI-THIRORI),  \u00e0  l'instruction  des  demandes  d'acomptes  et  leur\nliquidation  ainsi  qu'\u00e0  l'instruction  des  demandes  de  versement  du  solde  de  la\nsubvention ;\n\uf0b7 la d\u00e9signation des agents charg\u00e9s du contr\u00f4le mandat\u00e9s pour effectuer des contr\u00f4les\nsur place ;\n\uf0b7 le rapport annuel d'activit\u00e9 ;\n\uf0b7 tous actes et documents administratifs relatifs aux missions confi\u00e9es \u00e0 l'agence aux\ntermes des conventions sign\u00e9es en application des articles L.301-5-1, L.301-5-2 et\nL.321-1-1 du code de la construction et de l'habitation ;\n\uf0b7 tous actes et documents administratifs relatifs au retrait, \u00e0 l'annulation et le cas\n\u00e9ch\u00e9ant au reversement des subventions aux b\u00e9n\u00e9ficiaires mentionn\u00e9s aux I et II de\nl'article R.321-12 du code de la construction et de l'habitation, dans la limite des\ncomp\u00e9tences du d\u00e9l\u00e9gu\u00e9 telles que d\u00e9finies par les r\u00e8gles en vigueur, pour les\ndossiers ayant fait l'objet d'une attribution de subvention ant\u00e9rieurement \u00e0 l'entr\u00e9e en\nvigueur de la convention sign\u00e9e en application de l'article L.321-1-1.\nConcernant le conventionnement des logements au titre des articles L.321-4 et L.321-8 du\ncode  de  la  construction  et  de  l'habitation,  d\u00e9l\u00e9gation  de  signature  est  donn\u00e9e  \u00e0\nMme Murielle PERONNET, chef du bureau aides \u00e0 l'habitat, aux fins de signer les actes et\ndocuments  suivants,  sous  r\u00e9serve  des  comp\u00e9tences  d\u00e9volues  au  d\u00e9l\u00e9gataire  de\ncomp\u00e9tence dans les conditions pr\u00e9vues dans la convention de gestion :\n\uf0b7 les conventions qui concernent des logements ne faisant pas l'objet d'une subvention\nde  l'ANAH  ainsi  que  leur  prorogation  ou  r\u00e9siliation.  Le  document  r\u00e9capitulant  les\nengagements du bailleur est sign\u00e9 dans les m\u00eames conditions que celles relatives \u00e0 la\nconvention s'y rapportant ;\n\uf0b7 tous documents aff\u00e9rant \u00e0 ces conventions, dans le cadre de l'instruction pr\u00e9alable \u00e0\nleur  conclusion,  leur  prorogation  ou  leur  r\u00e9siliation  ainsi  que  toutes  demandes  de\nrenseignements aupr\u00e8s des bailleurs ayant conclu une convention au titre de l'article L.321-4\nou L.321-8 du code de la construction et de l'habitation ;\n\uf0b7 de fa\u00e7on g\u00e9n\u00e9rale, pour les besoins du contr\u00f4le et dans les conditions pr\u00e9vues \u00e0\nl'article R.321-29, tous les documents relevant de missions de v\u00e9rification, de contr\u00f4le et\nd'information li\u00e9es au respect des engagements contractuels et au plein exercice du contr\u00f4le\nde l'agence.\n4\n03_Pr\u00e9f_Pr\u00e9fecture de l'Allier - 03-2026-01-08-00005 - Extrait de la d\u00e9cision n\u00b025/2026 du 08 janvier 2026 de nomination du d\u00e9l\u00e9gu\u00e9\nadjoint et de d\u00e9l\u00e9gation de signature du d\u00e9l\u00e9gu\u00e9 de l'Agence \u00e0 l'un ou plusieurs de ses collaborateurs - Monsieur Christophe NO\u00cbL du\nPAYRAT, pr\u00e9fet de l'Allier, d\u00e9l\u00e9gu\u00e9 de l'ANAH dans le d\u00e9partement de l'Allier, en vertu des disposition de l'article L.321-1 du code de\nla construction et de l'habitation\n52\nArticl  e     7   : Copie de la pr\u00e9sente d\u00e9cision sera adress\u00e9e :\n- \u00e0 M. le directeur d\u00e9partemental des territoires de l'Allier,\n- \u00e0 M. le pr\u00e9sident du conseil d\u00e9partemental de l'Allier ayant sign\u00e9 une convention de gestion\ndes aides \u00e0 l'habitat priv\u00e9, conform\u00e9ment \u00e0 l'article L.321-1-1 du code de la construction et\nde l'habitation,\n- \u00e0 Mme la directrice g\u00e9n\u00e9rale de l'ANAH, \u00e0 l'attention de M. le Directeur g\u00e9n\u00e9ral adjoint en\ncharge des fonctions support,\n- \u00e0 Mme l'agent comptable de l'ANAH,\n- aux int\u00e9ress\u00e9s.\nArticle 8 : la pr\u00e9sente d\u00e9cision prend effet le 12 janvier 2026.\nArticle     9   : Le directeur d\u00e9partemental des territoires d\u00e9l\u00e9gu\u00e9 territorial adjoint de l'ANAH est\ncharg\u00e9  de  l'application  de  la  pr\u00e9sente  d\u00e9cision  qui  sera  publi\u00e9e  au  recueil  des  actes\nadministratifs de la pr\u00e9fecture de l'Allier.\nArtic  le     10   : Un  recours  contre  la  pr\u00e9sente  d\u00e9cision  peut  \u00eatre  form\u00e9  devant  le  Tribunal\nAdministratif de Clermont-Ferrand dans un d\u00e9lai de deux mois \u00e0 compter de sa publication.\nEn application du d\u00e9cret n\u00b0  2018-251 du 6 avril 2018, les particuliers et les personnes\nmorales  de  droit  priv\u00e9  non  repr\u00e9sent\u00e9s  par  un  avocat  peuvent  communiquer  avec  un\nTribunal administratif par la voie de l'application informatique \u00abT\u00e9l\u00e9recours citoyens\u00bb sur le\nsite www.telerecours.fr.\nLe Pr\u00e9fet\nSign\u00e9\nChristophe NO\u00cbL du PAYRAT\n5\n03_Pr\u00e9f_Pr\u00e9fecture de l'Allier - 03-2026-01-08-00005 - Extrait de la d\u00e9cision n\u00b025/2026 du 08 janvier 2026 de nomination du d\u00e9l\u00e9gu\u00e9\nadjoint et de d\u00e9l\u00e9gation de signature du d\u00e9l\u00e9gu\u00e9 de l'Agence \u00e0 l'un ou plusieurs de ses collaborateurs - Monsieur Christophe NO\u00cbL du\nPAYRAT, pr\u00e9fet de l'Allier, d\u00e9l\u00e9gu\u00e9 de l'ANAH dans le d\u00e9partement de l'Allier, en vertu des disposition de l'article L.321-1 du code de\nla construction et de l'habitation\n53\n03_Pr\u00e9f_Pr\u00e9fecture de l'Allier\n03-2026-01-08-00006\nExtrait de l'arr\u00eat\u00e9 n\u00b026/2026 du 08 janvier 2026\nportant d\u00e9l\u00e9gation de signature \u00e0 Monsieur\nClaude FAUCHER, directeur d\u00e9partemental des\nterritoires de l'Allier, pour l'ordonnancement\nsecondaire des recettes et des d\u00e9penses\nimput\u00e9es sur le BOP 113 \u00abPaysages, eau et\nbiodiversit\u00e9\u00bb du plan Loire grandeur nature\net sur le BOP 181 \u00abPr\u00e9vention des risques\u00bb du\nplan Loire grandeur nature\n03_Pr\u00e9f_Pr\u00e9fecture de l'Allier - 03-2026-01-08-00006 - Extrait de l'arr\u00eat\u00e9 n\u00b026/2026 du 08 janvier 2026 portant d\u00e9l\u00e9gation de signature\n\u00e0 Monsieur Claude FAUCHER, directeur d\u00e9partemental des territoires de l'Allier, pour l'ordonnancement secondaire des recettes et\ndes d\u00e9penses\nimput\u00e9es sur le BOP 113 \u00abPaysages, eau et biodiversit\u00e9\u00bb du plan Loire grandeur nature\net sur le BOP 181 \u00abPr\u00e9vention des risques\u00bb du plan Loire grandeur nature\n54\nEsPREFETDE L'ALLIERLibert\u00e9Egalit\u00e9Fraternit\u00e9\nDirection de la coordination des politiques publiques\n \nExtrait de l'arr\u00eat\u00e9 n\u00b0 26/2026 du 08 janvier 2026\nportant d\u00e9l\u00e9gation de signature\n\u00e0 Monsieur Claude FAUCHER,\ndirecteur d\u00e9partemental des territoires de l'Allier,\npour l'ordonnancement secondaire des recettes et des d\u00e9penses\nimput\u00e9es sur le BOP 113 \u00ab Paysages, eau et biodiversit\u00e9 \u00bb\ndu plan Loire grandeur nature\net sur le BOP 181 \u00ab Pr\u00e9vention des risques \u00bb\ndu plan Loire grandeur nature\nArticle 1: D\u00e9l\u00e9gation de signature est donn\u00e9e \u00e0  M. Claude FAUCHER, directeur d\u00e9partemental des\nterritoires de l'Allier, pour proc\u00e9der \u00e0 l'ordonnancement secondaire des recettes et des d\u00e9penses imput\u00e9es\nsur les titres 3, 5 et 6 du BOP 113 \u00abPaysages, eau et biodiversit\u00e9\u00bb du plan Loire grandeur nature.\nArticle 2 : D\u00e9l\u00e9gation de signature est donn\u00e9e \u00e0  M . Claude FAUCHER, directeur d\u00e9partemental des\nterritoires de l'Allier, pour proc\u00e9der \u00e0 l'ordonnancement secondaire des recettes et des d\u00e9penses imput\u00e9es\nsur les titres 3, 5 et 6 du BOP 181 \u00abPr\u00e9vention des risques\u00bb du plan Loire grandeur nature.\nArticle 3 : En application du 4\u00b0) de l'article 38 du d\u00e9cret n\u00b0 2004-374 du 29 avril 2004 modifi\u00e9, relatif aux\npouvoirs des pr\u00e9fets, \u00e0 l'organisation et \u00e0 l'action des services de l'\u00c9tat dans les r\u00e9gions et d\u00e9partements,\nM. Claude FAUCHER, directeur d\u00e9partemental des territoires de l'Allier, peut subd\u00e9l\u00e9guer sa signature aux\nagents plac\u00e9s sous son autorit\u00e9 pour signer les actes pour lesquels il a lui-m\u00eame re\u00e7u d\u00e9l\u00e9gation par le\npr\u00e9sent arr\u00eat\u00e9.\nLe cas \u00e9ch\u00e9ant, une copie de sa d\u00e9cision de subd\u00e9l\u00e9gation est transmise au pr\u00e9fet de l'Allier et \u00e0 la pr\u00e9f\u00e8te\nde la r\u00e9gion Centre-Val de Loire, pr\u00e9f\u00e8te coordonnatrice du bassin Loire-Bretagne.\nArticle 4 : L'engagement des d\u00e9penses, dont le montant unitaire est \u00e9gal ou sup\u00e9rieur \u00e0 100 000 \u20ac (cent\nmille euros), est soumis \u00e0 l'avis pr\u00e9alable du pr\u00e9fet de l'Allier.\nArticle 5 : Un compte rendu d'utilisation des cr\u00e9dits pour l'exercice budg\u00e9taire est adress\u00e9 trimestriellement\n\u00e0 la pr\u00e9f\u00e8te coordonnatrice du bassin Loire-Bretagne.\nArticle 6 : Les dispositions du pr\u00e9sent arr\u00eat\u00e9 entrent en vigueur le 12 janvier 2026. \nArticle 7 : Le directeur d\u00e9partemental des territoires de l'Allier, responsable d'unit\u00e9 op\u00e9rationnelle des\nprogrammes cit\u00e9s aux articles 1 et 2, est charg\u00e9 de l'ex\u00e9cution du pr\u00e9sent arr\u00eat\u00e9 dont une copie sera\nadress\u00e9e \u00e0 la secr\u00e9taire g\u00e9n\u00e9rale pour les affaires r\u00e9gionales Centre-Val de Loire et  au directeur\nd\u00e9partemental des finances publiques de l'Allier.\nArticle 8 : Un recours contre le pr\u00e9sent arr\u00eat\u00e9 peut \u00eatre form\u00e9 devant le Tribunal Administratif de Clermont-\nFerrand dans un d\u00e9lai de deux mois \u00e0 compter de sa publication. En application du d\u00e9cret n\u00b0 2018-251 du\n6 avril 2018, les particuliers et les personnes morales de droit priv\u00e9 non repr\u00e9sent\u00e9s par un avocat peuvent\ncommuniquer  avec  un  Tribunal  administratif  par  la  voie  de  l'application  informatique  \u00ab T\u00e9l\u00e9recours\ncitoyens \u00bb sur le site www.telerecours.fr.\nLe Pr\u00e9fet\nSign\u00e9\nChristophe NO\u00cbL du PAYRAT\n03_Pr\u00e9f_Pr\u00e9fecture de l'Allier - 03-2026-01-08-00006 - Extrait de l'arr\u00eat\u00e9 n\u00b026/2026 du 08 janvier 2026 portant d\u00e9l\u00e9gation de signature\n\u00e0 Monsieur Claude FAUCHER, directeur d\u00e9partemental des territoires de l'Allier, pour l'ordonnancement secondaire des recettes et\ndes d\u00e9penses\nimput\u00e9es sur le BOP 113 \u00abPaysages, eau et biodiversit\u00e9\u00bb du plan Loire grandeur nature\net sur le BOP 181 \u00abPr\u00e9vention des risques\u00bb du plan Loire grandeur nature\n55\n03_Pr\u00e9f_Pr\u00e9fecture de l'Allier\n03-2026-01-07-00003\nRAA Arr\u00eat\u00e9 17\n03_Pr\u00e9f_Pr\u00e9fecture de l'Allier - 03-2026-01-07-00003 - RAA Arr\u00eat\u00e9 17 56\nPREFECTURE\nService interminist\u00e9riel de d\u00e9fense et de protection civiles\nExtrait de l'arr\u00eat\u00e9 n\u00b017/2026 en date du 07/01/2026  portant restriction de circulation sur le r\u00e9seau routier du \nd\u00e9partement de l'Allier\nArticle 1  er   :  \nL'arr\u00eat\u00e9 n\u00b015/2026 du 7 janvier 2026 est abrog\u00e9 \u00e0 compter de 18h ce jour.\nArticle 2 : \nL'arr\u00eat\u00e9 n\u00b014/2026 du 7 janvier 2026 visant une interdiction de la circulation des poids lourds de plus de\n3,5T sur l'A714 (dans le sens Bizeneuille \u2013 Montlu\u00e7on) et la N 145 (dans le sens Montlu\u00e7on- Gu\u00e9ret) est\nmaintenu.\nArticle 3 : \n\u2022 Le directeur d\u00e9partemental de la police nationale de l'Allier ;\n\u2022 Le commandant du groupement de gendarmerie d\u00e9partementale de l'Allier ;\n\u2022 Le pr\u00e9sident du conseil d\u00e9partemental ;\n\u2022 Les gestionnaires de route (DIRCE, DIRCO, APRR) ;\n sont charg\u00e9s, chacun en ce qui le concerne, de l'ex\u00e9cution du pr\u00e9sent arr\u00eat\u00e9.\nArticle 4 :\nLe pr\u00e9sent arr\u00eat\u00e9 sera adress\u00e9 : \n\u2022 aux services vis\u00e9s \u00e0 l'article 4 ;\n\u2022 au pr\u00e9fet de la zone de d\u00e9fense et de s\u00e9curit\u00e9 sud-est ;\n\u2022 au PC zonal du plan intemp\u00e9ries si ce dernier est activ\u00e9 ;\n\u2022 aux pr\u00e9fectures de la Loire, du Puy-de-D\u00f4me, Cher, Ni\u00e8vre, Sa\u00f4ne-et-Loire et de la Creuse;\nMoulins le 7 janvier 2026\nPour le Pr\u00e9fet et par d\u00e9l\u00e9gation,\nLa Sous-Pr\u00e9f\u00e8te, directrice de cabinet\nCyrielle FRANCHI\n03_Pr\u00e9f_Pr\u00e9fecture de l'Allier - 03-2026-01-07-00003 - RAA Arr\u00eat\u00e9 17 57\n03_Pr\u00e9f_Pr\u00e9fecture de l'Allier\n03-2026-01-07-00004\nRAA Arr\u00eat\u00e9 18\n03_Pr\u00e9f_Pr\u00e9fecture de l'Allier - 03-2026-01-07-00004 - RAA Arr\u00eat\u00e9 18 58\nPREFECTURE\nService interminist\u00e9riel de d\u00e9fense et de protection civiles\nExtrait de l'arr\u00eat\u00e9 n\u00b018/2026 en date du 07/01/2026  arr\u00eat\u00e9 pr\u00e9fectoral modificatif de l'arr\u00eat\u00e9 11/2026 du 6 \njanvier 2026 portant interdiction de circulation des transports scolaires dans le d\u00e9partement de l'Allier\nArticle 1 : l'article 1 de l'arr\u00eat\u00e9 11/2026 du 6 janvier 2026 est modifi\u00e9 comme suit :\nLa circulation des transports scolaires est interdite sur l'ensemble des r\u00e9seaux routiers et autoroutiers du\nd\u00e9partement de l'Allier jusqu'au jeudi 8 janvier 2026 \u00e0 11h. \nArticle 2 \nL'article 3 de l'arr\u00eat\u00e9 11/2026 du 6 janvier 2026 est supprim\u00e9\nArticle 3\nLes autres articles de l'arr\u00eat\u00e9 11/2026 du 6 janvier 2026 sont inchang\u00e9s.\nArticle 4 : Le pr\u00e9sent arr\u00eat\u00e9 est susceptible de faire l'objet d'un recours contentieux en les formes et d\u00e9lais\nrequis devant le tribunal administratif de Clermont-Ferrand.\nArticle 5     : La directrice de cabinet du pr\u00e9fet de l'Allier, le sous-pr\u00e9fet de l'arrondissement de Vichy, le sous-\npr\u00e9fet de l'arrondissement de Montlu\u00e7on, la directrice acad\u00e9mique des services de l'\u00c9ducation nationale de\nl'Allier, le colonel commandant le groupement de gendarmerie de l'Allier et le directeur d\u00e9partemental de la\npolice nationale, sont charg\u00e9s, chacun en ce qui le concerne, de l'ex\u00e9cution du pr\u00e9sent arr\u00eat\u00e9.\nMoulins le 7 janvier 2026\nPour le Pr\u00e9fet et par d\u00e9l\u00e9gation,\nLa Sous-Pr\u00e9f\u00e8te, directrice de cabinet\nCyrielle FRANCHI\n03_Pr\u00e9f_Pr\u00e9fecture de l'Allier - 03-2026-01-07-00004 - RAA Arr\u00eat\u00e9 18 59\n03_Pr\u00e9f_Pr\u00e9fecture de l'Allier\n03-2026-01-08-00001\nRAA Arr\u00eat\u00e9 21\n03_Pr\u00e9f_Pr\u00e9fecture de l'Allier - 03-2026-01-08-00001 - RAA Arr\u00eat\u00e9 21 60\nPREFECTURE\nService interminist\u00e9riel de d\u00e9fense et de protection civiles\nExtrait de l'arr\u00eat\u00e9 n\u00b021/2026 en date du 08/01/2026 portant restriction de circulation sur le r\u00e9seau routier du \nd\u00e9partement de l'Allier \nArticle 1  er   :  \nL'arr\u00eat\u00e9 n\u00b014/2026 du 7 janvier 2026 est abrog\u00e9.\nArticle 2 : \n\u2022 Le directeur d\u00e9partemental de la police nationale de l'Allier ;\n\u2022 Le commandant du groupement de gendarmerie d\u00e9partementale de l'Allier ;\n\u2022 Le pr\u00e9sident du conseil d\u00e9partemental ;\n\u2022 Les gestionnaires de route (DIRCE, DIRCO, APRR) ;\n sont charg\u00e9s, chacun en ce qui le concerne, de l'ex\u00e9cution du pr\u00e9sent arr\u00eat\u00e9.\nArticle 3 :\nLe pr\u00e9sent arr\u00eat\u00e9 sera adress\u00e9 : \n\u2022 aux services vis\u00e9s \u00e0 l'article 4 ;\n\u2022 au pr\u00e9fet de la zone de d\u00e9fense et de s\u00e9curit\u00e9 sud-est ;\n\u2022 au PC zonal du plan intemp\u00e9ries si ce dernier est activ\u00e9 ;\n\u2022 aux pr\u00e9fectures de la Loire, du Puy-de-D\u00f4me, Cher, Ni\u00e8vre, Sa\u00f4ne-et-Loire et de la Creuse;\nMoulins le 8 janvier 2026\nPour le Pr\u00e9fet et par d\u00e9l\u00e9gation,\nLa Sous-Pr\u00e9f\u00e8te, directrice de cabinet\nCyrielle FRANCHI\n03_Pr\u00e9f_Pr\u00e9fecture de l'Allier - 03-2026-01-08-00001 - RAA Arr\u00eat\u00e9 21 61\n84_ARS_Agence R\u00e9gionale de Sant\u00e9\nAuvergne-Rh\u00f4ne-Alpes\n03-2025-12-31-00005\nextrait deleg signature ars ara 2025 12 31 aux DD\n84_ARS_Agence R\u00e9gionale de Sant\u00e9 Auvergne-Rh\u00f4ne-Alpes - 03-2025-12-31-00005 - extrait deleg signature ars ara 2025 12 31 aux DD 62\nExtrait de la d\u00e9cision N\u00b02025-23-0066 portant d\u00e9l\u00e9gation de signature aux directeurs des d\u00e9l\u00e9gations \nd\u00e9partementales \n \n \n \nLa directrice g\u00e9n\u00e9rale de l'Agence r\u00e9gionale de sant\u00e9 Auvergne-Rh\u00f4ne-Alpes \n \n \nD\u00c9CIDE \n \n \nArticle 1 \n\u00c0 l'exclusion des actes vis\u00e9s \u00e0 l'article 3, d\u00e9l\u00e9gation de signature est donn\u00e9e aux agents de l'ARS suivants, \n\u00e0 l'effet de signer, dans la limite de leurs comp\u00e9tences, les actes relevant des missions des d\u00e9l\u00e9gations \nd\u00e9partementales de l'Agence r\u00e9gionale de sant\u00e9 Auvergne-Rh\u00f4ne-Alpes, \u00e0 savoir : \n \n\u2013 les d\u00e9cisions, conventions, correspondances et contrats de ville relatifs \u00e0 la mise en \u0153uvre et au suivi \ndes mesures relatives \u00e0 la pr\u00e9vention, \u00e0 la gestion des risques, aux alertes sanitaires et celles relatives \n\u00e0 l'offre de sant\u00e9 dans leur d\u00e9partement respectif ; \n\u2013 les arr\u00eat\u00e9s de tarification des \u00e9tablissements et services m\u00e9dico-sociaux, les d\u00e9cisions d'approbation \nexpresse ou de rejet des \u00e9tats pr\u00e9visionnels de recettes et de d\u00e9penses (EPRD)  des \u00e9tablissements et \nservices m\u00e9dico-sociaux (ESMS) et leurs  d\u00e9cisions modificatives, la fixation des EPRD des \u00e9tablissements \net services mentionn\u00e9s aux articles R314 -80 et R314 -101 du code de l'action sociale et familles, les \nd\u00e9cisions de rejet de d\u00e9pense figurant au compte de r\u00e9sultat d'un ESMS et manifestement \u00e9trang\u00e8res, \npar leur nature ou leur importance \u00e0 celles qui avaient \u00e9t\u00e9 envisag\u00e9es lors de la fixation du tarif et la \ntarification d'office du montant et de l'affectation des r\u00e9sultats dans le cas pr\u00e9vu \u00e0 l'article R314-237 \ndu code de l'action sociale et des familles ; \n\u2013 la notification des d\u00e9cisions envisag\u00e9es \u00e0 la suite des missions d'inspection et de contr\u00f4le  ; \n\u2013 les d\u00e9cisions d'engagement  de d\u00e9penses inf\u00e9rieures \u00e0 1500  \u20ac hors taxes permettant le \nfonctionnement courant de la d\u00e9l\u00e9gation ; \n\u2013 la validation et la certification du service fait relative au fonctionnement courant de la d\u00e9l\u00e9gation ; \n\u2013 Les \u00e9tats de frais de d\u00e9placement pr\u00e9sent\u00e9s par les membres des conseils territoriaux de sant\u00e9 d\u00e8s \nlors qu'ils ont assist\u00e9 \u00e0 une assembl\u00e9e pl\u00e9ni\u00e8re ou \u00e0 une r\u00e9union du bureau, ou de la commission \n\u00ab sant\u00e9 mentale \u00bb ou de la formation usager dans les conditions pr\u00e9vues par le r\u00e8glement int\u00e9rieur du \nCTS ; \n\u2013 l'ordonnancement, la validation et la certification du service fait des d\u00e9penses li\u00e9es aux astreintes tel \nque renseign\u00e9 par les agents dans le SI Astreintes, en lien le cas \u00e9ch\u00e9ant ave c les responsables de \nplanning ; \n\u2013 les d\u00e9cisions et correspondances relatives \u00e0 l'ex\u00e9cution des march\u00e9s de contr\u00f4le sanitaire des eaux \nde la r\u00e9gion Auvergne -Rh\u00f4ne-Alpes et la passation des commandes aux laboratoires concernant les \ncontr\u00f4les et recontr\u00f4les n\u00e9cessit\u00e9s par les non -conformit\u00e9s et les urgences (type pollution) des \nd\u00e9partements de la r\u00e9gion Auvergne -Rh\u00f4ne-Alpes et afin de signer toutes correspondances entrant \ndans le champ de comp\u00e9tences de leur service respectif, sous r\u00e9serve des dispositions de l'art icle 3 \nde la pr\u00e9sente d\u00e9cision ; \n\u2013 Les agr\u00e9ments des entreprises de transports sanitaires terrestre et a\u00e9rien, les autorisations de mise \nen service de v\u00e9hicules de transports sanitaires, lettres d'observation et avertissements, tableaux de \ngarde semestriels des ambulanciers. \n \n84_ARS_Agence R\u00e9gionale de Sant\u00e9 Auvergne-Rh\u00f4ne-Alpes - 03-2025-12-31-00005 - extrait deleg signature ars ara 2025 12 31 aux DD 63\nAu titre de la d\u00e9l\u00e9gation de l'Ain : \n\u2013 Katia ANDRIANARIJAONA \n\u2013 Karine CHARASSE \n\u2013 Florence CHEMIN \n\u2013 Charlotte COLLOD \n\u2013 Muriel DEHER \n\u2013 Marion FAURE \n\u2013 Catherine HAMEL \n\u2013 C\u00e9cile MARIE \n\u2013 Isabelle PARANDON \n\u2013 V\u00e9ronique ROBAUX \n\u2013 Caroline ROHRHURST \n\u2013 Anne-Sophie  \nRONNAUX-BARON \n\u2013 Christelle VIVIER \n \n \nAu titre de la d\u00e9l\u00e9gation de l'Allier : \n\u25cf Madame Laura ESCALE, directrice de la d\u00e9l\u00e9gation d\u00e9partementale  \nEn cas d'absence ou d'emp\u00eachement de Madame Laura ESCALE et de Monsieur Ernest ELLONG KOTTO, \ndirecteur d\u00e9partemental adjoint, d\u00e9l\u00e9gation de signature est donn\u00e9e, dans le cadre de leurs attributions \net comp\u00e9tences et de l'ordonnancement des d\u00e9penses de fonctionnement, aux agents de l'ARS \nsuivants : \n\u2013 C\u00e9cile ALLARD \n\u2013 Camille DAON \n\u2013 Muriel DEHER \n\u2013 Albin DELOLME \n\u2013 Justine DUFOUR \n\u2013 Philippe DUVERGER \n\u2013 Olivier GAGET \n\u2013 Alexandra GIRARD \n\u2013 Matthieu LEFEBVRE \n\u2013 C\u00e9cile MARIE \n\u2013 Florian PASSELAIGUE \n\u2013 Isabelle PIONNIER \n\u2013 Myriam PIONIN \n\u2013 Anne-Sophie  \nRONNAUX-BARON \n\u2013 Isabelle VALMORT \n\u2013 Camille VENUAT \n \n \n \nAu titre de la d\u00e9l\u00e9gation de l'Ard\u00e8che : \n\u25cf Madame Sabine LAFFAY, directrice de la d\u00e9l\u00e9gation d\u00e9partementale  \nEn cas d'absence ou d'emp\u00eachement de Madame Sabine LAFFAY et de Monsieur Didier BELIN, \ndirecteur d\u00e9partemental adjoint, d\u00e9l\u00e9gation de signature est donn\u00e9e, dans le cadre de leurs \nattributions et comp\u00e9tences et de l'ordonnancement des d\u00e9penses de fonctionnement, aux agents de \nl'ARS suivants : \n \n\u2013 Alexis BARATHON \n\u2013 Coline CADEAU \n\u2013 Muriel DEHER \n\u2013 Christophe DUCHEN \n\u2013 Aur\u00e9lie FOURCADE \n\u2013 Olivier GAGET \n\u2013 Magali GOUNON \n\u2013 Fabrice GOUEDO \n\u2013 Nicolas HUGO \n\u2013 Meryem LETON  \n\u2013 Thibault MARTIN \n\u2013 Guillaume MURAND \n\u2013 Anne-Sophie  \nRONNAUX-BARON \n\u2013 Anne THEVENET \n \n  \nAu titre de la d\u00e9l\u00e9gation du Cantal : \n\u25cf Madame St\u00e9phanie FRECHET, directrice de la d\u00e9l\u00e9gation d\u00e9partementale  \nEn cas d'absence ou d'emp\u00eachement de Madame St\u00e9phanie FRECHET et de Monsieur Pierre VERNET, \ndirecteur d\u00e9partemental adjoint, d\u00e9l\u00e9gation de signature est donn\u00e9e, dans le cadre de leurs attributions \net comp\u00e9tences et de l'ordonnancement des d\u00e9penses de fonctionnement, aux agents de l'ARS \nsuivants : \n\u2013 Gilles BIDET \n\u2013 Muriel DEHER \n\u2013 Olivier GAGET \n\u2013 Corinne GEBELIN \n\u2013 Marie LACASSAGNE \n84_ARS_Agence R\u00e9gionale de Sant\u00e9 Auvergne-Rh\u00f4ne-Alpes - 03-2025-12-31-00005 - extrait deleg signature ars ara 2025 12 31 aux DD 64\n\u2013 Christelle LABELLIE-\nBRINGUIER  \n\u2013 S\u00e9bastien MAGNE \n\u2013 C\u00e9cile MARIE \n\u2013 Isabelle MONTUSSAC \n\u2013 Anne-Sophie  \nRONNAUX-BARON \n\u2013 Laurence SURREL \n\u2013 Magali TOUBERT\n \nAu titre de la d\u00e9l\u00e9gation de la Dr\u00f4me : \n\u25cf Madame Emmanuelle SORIANO, directrice de la d\u00e9l\u00e9gation d\u00e9partementale \nEn cas d'absence ou d'emp\u00eachement de Madame Emmanuelle SORIANO et de Madame Val\u00e9rie AUVITU, \ndirectrice d\u00e9partementale adjointe , d\u00e9l\u00e9gation de signature est donn\u00e9e, dans le cadre de leurs \nattributions et comp\u00e9tences et de l'ordonnancement des d\u00e9penses de fonctionnement, aux agents de \nl'ARS suivants : \n\u2013 Alexis BARATHON \n\u2013 Marilyne BOUILLY  \n\u2013 Gabrielle BRUNET DE LA \nCHARIE \n\u2013 Muriel DEHER \n\u2013 St\u00e9phanie DE LA \nCONCEPTION \n\u2013 Christophe DUCHEN \n\u2013 Karine FIAWOO \n\u2013 Aur\u00e9lie FOURCADE \n\u2013 Olivier GAGET \n\u2013 Alexis LANOOTE \n\u2013 C\u00e9cile MARIE \n\u2013 Armelle MERCUROL \n\u2013 Julien NEASTA \n\u2013 Anne-Sophie  \nRONNAUX-BARON \n\u2013 Roxane SCHOREELS \n\u2013 Beno\u00eet SIMONNET \n \n \nAu titre de la d\u00e9l\u00e9gation de l'Is\u00e8re : \n\u25cf Monsieur Lo\u00efc MOLLET, directeur de la d\u00e9l\u00e9gation d\u00e9partementale  \nEn cas d'absence ou d'emp\u00eachement de Monsieur Lo\u00efc MOLLET et de Madame Anne-Ma\u00eblle CANTINAT, \ndirectrice d\u00e9partementale adjointe, d\u00e9l\u00e9gation de signature est donn\u00e9e, dans le cadre de leurs \nattributions et comp\u00e9tences et de l'ordonnancement des d\u00e9penses de fonctionnement, aux agents de \nl'ARS suivants : \n\u2013 Albane BEAUPOIL \n\u2013 Tristan BERGLEZ \n\u2013 Isabelle BONHOMME \n\u2013 Nathalie BOREL \n\u2013 Sandrine BOURRIN \n\u2013 Corinne CASTEL \n\u2013 Sandrine CHUQUET \n\u2013 Camille CLARY \n\u2013 Isabelle COUDIERE \n\u2013 Christine CUN \n\u2013 Marie-Caroline DAUBEUF \n\u2013 Muriel DEHER \n\u2013 Janique FEUVRIER \n\u2013 Olivier GAGET \n\u2013 Xavier GIRAUDEAU \n\u2013 Nicolas GRENETIER \n\u2013 Claire GUICHARD \n\u2013 In\u00e8s LEBOUAZDA \n\u2013 Maud MAINGAULT \n\u2013 C\u00e9cile MARIE \n\u2013 Cl\u00e9mence MIARD \n\u2013 Carole PAQUIER \n\u2013 Delphine PONNELLE \n\u2013 St\u00e9phanie RAT-LANSAQUE \n\u2013 Christophe RIEGEL \n\u2013 Anne-Sophie  \nRONNAUX-BARON \n\u2013 V\u00e9ronique SUISSE \n\u2013 Juliette THOUZEAU \n\u2013 Corinne VASSORT \n \nAu titre de la d\u00e9l\u00e9gation de la Loire : \n\u25cf Monsieur Arnaud RIFAUX, directeur de la d\u00e9l\u00e9gation d\u00e9partementale \nEn cas d'absence ou d'emp\u00eachement de Monsieur Arnaud RIFAUX et de Monsieur Maxime AUDIN  \ndirecteur d\u00e9partemental adjoint, d\u00e9l\u00e9gation de signature est donn\u00e9e, dans le cadre de leurs attributions \net comp\u00e9tences et de l'ordonnancement des d\u00e9penses de fonctionnement, aux agents de l'ARS \nsuivants : \n\u2013 C\u00e9cile ALLARD \n\u2013 Mathilde BEAU  \n\u2013 Malika BENHADDAD \n\u2013 Emmanuelle BOYET \n\u2013 Axel COLOMB \n\u2013 Magaly CROS \n84_ARS_Agence R\u00e9gionale de Sant\u00e9 Auvergne-Rh\u00f4ne-Alpes - 03-2025-12-31-00005 - extrait deleg signature ars ara 2025 12 31 aux DD 65\n\u2013 Muriel DEHER \n\u2013 Claire DENUZIERE \n\u2013 Sandrine DUDEK \n\u2013 Olivier GAGET \n\u2013 Sa\u00efda GAOUA \n\u2013 Val\u00e9rie GUIGON \n\u2013 Sylvain ISKRA \n\u2013 Fabienne LEDIN \n\u2013 Matthieu LEFEBVRE \n\u2013 C\u00e9cile MARIE \n\u2013 Myriam PIONIN \n\u2013 Anne-Sophie  \nRONNAUX-BARON \n\u2013 Julie TAILLANDIER  \nAu titre de la d\u00e9l\u00e9gation de Haute-Loire : \n\u25cf Monsieur Serge FAYOLLE, directeur de la d\u00e9l\u00e9gation d\u00e9partementale  \nEn cas d'absence ou d'emp\u00eac hement de Monsieur Serge FAYOLLE et de Madame Laurence PLOTON , \ndirectrice d\u00e9partementale adjointe d\u00e9l\u00e9gation de signature est donn\u00e9e, dans le cadre de leurs \nattributions et comp\u00e9tences et de l'ordonnancement des d\u00e9penses de fonctionnement, aux agents de \nl'ARS suivants : \n \n\u2013 Pascale ALLARY \n\u2013 Christophe AUBRY \n\u2013 Gilles BIDET \n\u2013 Christiane BONNAUD \n\u2013 Muriel DEHER \n\u2013 C\u00e9line DEVEAUX \n\u2013 Olivier GAGET \n\u2013 Val\u00e9rie GUIGON \n\u2013 C\u00e9cile MARIE \n\u2013 Marie-Line RECIPON \n\u2013 Anne-Sophie  \nRONNAUX-BARON \n\u2013 Laurence SURREL  \n\u2013 Camille VARAGNAT \n \n \nAu titre de la d\u00e9l\u00e9gation de Puy-de-D\u00f4me : \n\u25cf Monsieur Gr\u00e9gory DOL\u00c9, directeur de la d\u00e9l\u00e9gation d\u00e9partementale  \nEn cas d'absence ou d'emp\u00eachement de Monsieur Gr\u00e9gory DOL\u00c9, et de Madame Marie-Laure PORTRAT, \ndirectrice d\u00e9partementale adjointe , d\u00e9l\u00e9gation de signature est donn\u00e9e, dans le cadre de leurs \nattributions et comp\u00e9tences et de l'ordonnancement des d\u00e9penses de fonctionnement, aux agents de \nl'ARS suivants : \n\u2013 Gilles BIDET \n\u2013 Delphine CALMELS \n\u2013 Muriel DEHER \n\u2013 Pauline DELAIRE \n\u2013 Sylvie ESCARD \n\u2013 Olivier GAGET \n\u2013 Karine LEFEBVRE-MILON \n\u2013 C\u00e9cile MARIE \n\u2013 Laureline MOALIC \n\u2013 B\u00e9atrice PATUREAU MIRAND \n\u2013 Charles-Henri RECORD \n\u2013 Anne-Sophie  \nRONNAUX-BARON \n\u2013 Laurence SURREL\n \nAu titre de la d\u00e9l\u00e9gation du Rh\u00f4ne et de la m\u00e9tropole de Lyon :  \n\u25cf Monsieur Philippe GUETAT, directeur de la d\u00e9l\u00e9gation d\u00e9partementale  \nEn cas d'absence ou d'emp\u00eachement de  Monsieur Philippe GUETAT, et de Madame Marielle SCHMITT, \ndirectrice d\u00e9partementale adjointe, d\u00e9l\u00e9gation de signature est donn\u00e9e, dans le cadre de leurs \nattributions et comp\u00e9tences et de l'ordonnancement des d\u00e9penses de fonctionnement, aux agents de \nl'ARS suivants : \n\u2013 Omar-Safir ADERGAL \n\u2013 C\u00e9cile ALLARD \n\u2013 Julien BERRA \n\u2013 Herv\u00e9 BERTRAND \n\u2013 Muriel BROSSE \n\u2013 Pierre CHABAUD \n\u2013 Laurent DEBORDE \n\u2013 Muriel DEHER \n\u2013 Manon DUROUSSET \n\u2013 Val\u00e9rie FORMISYN \n\u2013 Olivier GAGET \n\u2013 Franck GOFFINONT \n\u2013 Emmanuelle GUICHARD \n\u2013 Fabienne GUILLAUD \n\u2013 Matthieu LEFEBVRE \n\u2013 Fr\u00e9d\u00e9ric LE LOUEDEC \n\u2013 Yann-Franck LOURCY \n\u2013 C\u00e9cile MARIE \n\u2013 Lucie PINASSEAU \n\u2013 Myriam PIONIN \n\u2013 Am\u00e9lie PLANEL \n84_ARS_Agence R\u00e9gionale de Sant\u00e9 Auvergne-Rh\u00f4ne-Alpes - 03-2025-12-31-00005 - extrait deleg signature ars ara 2025 12 31 aux DD 66\n\u2013 Anne-Sophie  \nRONNAUX-BARON \n\u2013 Catherine ROUSSEAU \n\u2013 Sandrine ROUSSOT\nAu titre de la d\u00e9l\u00e9gation de la Savoie : \n\u25cf Monsieur Rapha\u00ebl BECKER, directeur de la d\u00e9l\u00e9gation d\u00e9partementale  \n \nEn cas d'absence ou d'emp\u00eachement de  Monsieur Rapha\u00ebl BECKER, et de Madame Florence LIMOSIN, \ndirectrice d\u00e9partementale adjointe , d\u00e9l\u00e9gation de signature est donn\u00e9e, dans le cadre de leurs \nattributions et comp\u00e9tences, et de l'ordonnancement des d\u00e9penses de fonctionnement, aux agents de \nl'ARS suivants : \n\u2013 Delphine BANTEGNIE \n\u2013 Albane BEAUPOIL \n\u2013 Anne-Laure BORIE \n\u2013 Carine CHANJOU \n\u2013 Juliette CLIER \n\u2013 Magali COGNET \n\u2013 Laurence COLLIOUD-\nMARICHALLOT \n\u2013 Florence CULOMA \n\u2013 Marie-Caroline DAUBEUF \n\u2013 Muriel DEHER \n\u2013 Olivier GAGET \n\u2013 C\u00e9cile MARIE \n\u2013 Lila MOLINER \n\u2013 Lucie PATOIS \n\u2013 Christophe RIEGEL \n\u2013 Anne-Sophie  \nRONNAUX-BARON \n\u2013 Rapha\u00eblle SALORD \n \n \n \nAu titre de la d\u00e9l\u00e9gation de la Haute-Savoie : \n\u25cf Monsieur Reynald LEMAHIEU, directeur de la d\u00e9l\u00e9gation d\u00e9partementale \n \nEn cas d'absen ce ou d'emp\u00eachement de Monsieur Reynald LEMAHIEU , et de Madame Rachel \nCAMBONIE, directrice d\u00e9partementale adjointe, d\u00e9l\u00e9gation de signature est donn\u00e9e, dans le cadre de \nleurs attributions et comp\u00e9tences et de l'ordonnancement des d\u00e9penses de fonctionnement, aux agents \nde l'ARS suivants : \n \n\u2013 Diane AUBLIN \n\u2013 Audrey BERNARDI \n\u2013 Julien BERRA \n\u2013 L\u00e9onie CHABRAT  \n\u2013 Victoire CHARPIER SUTY \n\u2013 Florence CHEMIN \n\u2013 Magali COGNET \n\u2013 Marie-Caroline DAUBEUF \n\u2013 Muriel DEHER \n\u2013 Cl\u00e9ment DEJOS \n\u2013 Adelyne DOTTORI \n\u2013 Olivier GAGET \n\u2013 Pauline GHIRARDELLO \n\u2013 Nathalie GRANGERET \n\u2013 Cl\u00e9mence LANNES \n\u2013 Caroline LE CALLENNEC \n\u2013 Nad\u00e8ge LEMOINE-SUATTON \n\u2013 C\u00e9cile MARIE \n\u2013 V\u00e9ronique ROBAUX \n\u2013 Anne-Sophie  \nRONNAUX-BARON \n\u2013 Damien SAINTE-CROIX \n\u2013 Cl\u00e9mentine SOUFFLET \n\u2013 Chlo\u00e9 TARNAUD \n\u2013 Martine VOLAY \n\u2013 Monika WOLSKA\n \n \nArticle 2 \nConcernant l'organisation des astreintes - act\u00e9e par la d\u00e9cision n\u00b020 24-23-0062 du 09/12/2024 - les \npersonnels d\u00e9sign\u00e9s dans les tableaux d'astreintes ont d\u00e9l\u00e9gation de signature sur les d\u00e9cisions qu'ils \nsont amen\u00e9s \u00e0 prendre durant ces p\u00e9riodes et entrant dans le champ de leurs comp\u00e9tences.  \n \nArticle 3 \nEn cas d'absence ou d'emp\u00eachement de Madame C\u00e9cile COURR\u00c8GES, directrice  g\u00e9n\u00e9rale, d\u00e9l\u00e9gation \nde signature est donn\u00e9e \u00e0 Monsieur Igor BUSSCHAERT , direct eur g\u00e9n\u00e9ral adjoint, pour les mati\u00e8res \nrelevant de la comp\u00e9tence de la directrice g\u00e9n\u00e9rale de l'agence.  \n \n \n84_ARS_Agence R\u00e9gionale de Sant\u00e9 Auvergne-Rh\u00f4ne-Alpes - 03-2025-12-31-00005 - extrait deleg signature ars ara 2025 12 31 aux DD 67\nArticle 4 \nSont exclues de la pr\u00e9sente d\u00e9l\u00e9gation les d\u00e9cisions suivantes : \na) Correspondances et d\u00e9cisions d'ordre g\u00e9n\u00e9ral : \n\u2013 les correspondances aux ministres, cabinets minist\u00e9riels, aux directeurs de l'administration \ncentrale, au conseil national de pilotage des ARS et \u00e0 son secr\u00e9tariat ex\u00e9cutif, aux caisses \nnationales d'assurance maladie ; \n\u2013 les correspondances aux pr\u00e9fets quand elles n'ont pas le caract\u00e8re de correspondance relative \u00e0 \nla gestion courante ; \n\u2013 les correspondances adress\u00e9es aux administrations centrales ou aux \u00e9tablissements publics \nnationaux, lorsqu'elles n'ont pas le caract\u00e8re de correspondance relatives \u00e0 la gestion courante \nou aux relations de service ; \n\u2013 les correspondances aux parlementaires, au pr\u00e9sident du conseil r\u00e9gional et aux pr\u00e9sidents des \nconseils d\u00e9partementaux ; \n\u2013 les correspondances entrant dans un cadre contentieux engageant la responsabilit\u00e9 de l'agence ; \n\u2013 les actes de saisine du tribunal administratif et de la chambre r\u00e9gionale des comptes  ; \n\u2013 les actes pris en application de l'article L.1432-2 du code de la sant\u00e9 publique relatif aux pouvoirs \npropres de la directeur g\u00e9n\u00e9ral : l'arr\u00eat du PRS et de ses diff\u00e9rentes composantes ; \n\u2013 l'ex\u00e9cution du budget, l'ordonnancement des d\u00e9penses, les autorisations sanitaires, le \nrecrutement au sein de l'agence, la d\u00e9signation de la personne charg\u00e9e de l'int\u00e9rim des fonctions \nde directeurs et de secr\u00e9taire g\u00e9n\u00e9ral dans les \u00e9tablissements de sant\u00e9 publics, le pouvoir d'ester \nen justice et de repr\u00e9sentation, le pouvoir de d\u00e9l\u00e9gation de signature ;  \n\u2013 les correspondances et communiqu\u00e9s adress\u00e9s aux m\u00e9dias de toute nature.  \nb) D\u00e9cisions en mati\u00e8re sanitaire : \n\u2013 autorisant la cr\u00e9ation, la conversion, le regroupement et la modification des activit\u00e9s de soins et \nl'installation des \u00e9quipements mat\u00e9riels lourds ; \n\u2013 de suspension et de retrait des activit\u00e9s des \u00e9tablissements et services de sant\u00e9 prise en \napplication des articles L. 6122-13 et L. 5126-10 du code de la sant\u00e9 publique ; \n\u2013 d'autorisation, de modification ou de retrait d'autorisation d'exploitation de laboratoires \nd'analyses ; \n\u2013 de suspension et retrait d'agr\u00e9ment des entreprises de transport sanitaire terrestre et a\u00e9rien  ; \n\u2013 de suspension des m\u00e9decins, chirurgiens-dentistes ou sage-femmes ; \n\u2013 de d\u00e9cision de placement de l'\u00e9tablissement public de sant\u00e9 sous l'administration provisoire des \nconseillers g\u00e9n\u00e9raux des \u00e9tablissements de sant\u00e9 et de saisine de la chambre r\u00e9gionale des \ncomptes en application de l'article L. 6143-3-1 ; \n\u2013 de conclusion du contrat pluriannuel d'objectifs et de moyens avec chaque \u00e9tablissement de \nsant\u00e9 en application de l'article L.6114-1 du code de la sant\u00e9 publique ; \n\u2013 le d\u00e9f\u00e9r\u00e9 au tribunal administratif des d\u00e9lib\u00e9rations et d\u00e9cisions du conseil de surveillance et des \nactes du directeur des \u00e9tablissements publics de sant\u00e9 en application de l'article L.  6143-4 du \ncode de la sant\u00e9 publique ; \n\u2013 la notification des d\u00e9cisions d\u00e9finitives faisant suite aux missions d'inspection et de contr\u00f4le, et \nla notification de toute injonction ou mise en demeure. \nc) D\u00e9cisions en mati\u00e8re m\u00e9dico-sociale : \n\u2013 autorisant la cr\u00e9ation, la transformation, l'extension des \u00e9tablissements et services m\u00e9dico -\nsociaux ; \n\u2013 d\u00e9cidant la suspension ou la cessation de tout ou partie des activit\u00e9s de services ou \nd'\u00e9tablissements m\u00e9dico-sociaux, lorsque la sant\u00e9, la s\u00e9curit\u00e9, ou le bien-\u00eatre physique ou \n84_ARS_Agence R\u00e9gionale de Sant\u00e9 Auvergne-Rh\u00f4ne-Alpes - 03-2025-12-31-00005 - extrait deleg signature ars ara 2025 12 31 aux DD 68\nmoral des personnes accueillies ou accompagn\u00e9es sont menac\u00e9s ou compromis,  en application \nde l'art. L313-16 du CASF ; \n\u2013 de conclusion du contrat pluriannuel d'objectifs et de moyens avec les \u00e9tablissements et services \nd\u00e9finis \u00e0 l'article L312-1 2\u00b0, 3\u00b0, 5\u00b0, 7\u00b0, 12\u00b0 du code de l'action sociale et des familles ; \n\u2013 le d\u00e9f\u00e9r\u00e9 au tribunal administratif des d\u00e9lib\u00e9rations du conseil d'administration des \n\u00e9tablissements publics sociaux ou m\u00e9dico-sociaux en application de l'article L.315-14 du code de \nl'action sociale et des familles ; \n\u2013 la notification des d\u00e9cisions d\u00e9finitives faisant suite aux missions d'inspection et de contr\u00f4le, et \nla notification de toute injonction ou mise en demeure ; \n\u2013 l'approbation des conventions relatives aux coop\u00e9rations entre \u00e9tablissements de sant\u00e9 et, ou \n\u00e9tablissements sociaux et m\u00e9dico-sociaux ; \n\u2013 le placement des \u00e9tablissements et services m\u00e9dico-sociaux sous administration provisoire ;  \n\u2013 le prononc\u00e9 d'astreinte journali\u00e8res ou de sanction financi\u00e8re, en application de l'art. L313-14 al. \nII et III. \nd) D\u00e9cisions en mati\u00e8re de gestion des ressources humaines et d'administration g\u00e9n\u00e9rale  : \n\u2013 les march\u00e9s et contrats ; \n\u2013 les achats publics, les baux, la commande, l'ordonnancement des d\u00e9penses de fonctionnement \nsup\u00e9rieures \u00e0 1500 \u20ac hors taxes ; \n\u2013 les d\u00e9penses d'investissement ; \n\u2013 les d\u00e9cisions et correspondances relatives \u00e0 la gestion des questions sociales  ; \n\u2013 l'ordonnancement des d\u00e9penses relatives aux Ressources Humaines  ; \n\u2013 la gestion administrative et les d\u00e9cisions individuelles ; \n\u2013 les d\u00e9cisions individuelles relatives au recrutement et \u00e0 la mobilit\u00e9 ; \n\u2013 les d\u00e9cisions relatives aux mesures disciplinaires ; \n \nArticle 5 \nLa pr\u00e9sente d\u00e9cision annule et remplace la d\u00e9cision n\u00b02025-23-0058 du 31 octobre 2025. \nElle sera publi\u00e9e au recueil des actes administratifs de la pr\u00e9fecture de la r\u00e9gion Auvergne -Rh\u00f4ne-Alpes \net au recueil des actes administratifs des pr\u00e9fectures de d\u00e9partement de la r\u00e9gion Auvergne -Rh\u00f4ne-\nAlpes. \nLe tribunal administratif (ou la juridiction administrative comp\u00e9tente) peut \u00eatre \u00e9galement saisi(e) par \nl'application informatique \u00ab T\u00e9l\u00e9recours citoyens \u00bb accessible par le site Internet www.telerecours.fr.  \n \n \n \nSign\u00e9 \u00e0 Lyon le 31 d\u00e9cembre 2025 \n \nC\u00e9cile COURREGES \n84_ARS_Agence R\u00e9gionale de Sant\u00e9 Auvergne-Rh\u00f4ne-Alpes - 03-2025-12-31-00005 - extrait deleg signature ars ara 2025 12 31 aux DD 69","date":"2026-01-08","first_seen_on":"2026-01-08T17:04:44+00:00","id":"40e740e30f926a2014ba3ff4bf27032bc86841068d3efbbd90a1bfab91fad62e","name":"recueil nr sp\u00e9cial - \u00e9dit\u00e9 le 08 janvier 2026","pdf_creation_date":"2026-01-08T15:47:54+00:00","pdf_modification_date":null,"timezone":"Europe/Paris","url":"https://www.allier.gouv.fr/contenu/telechargement/19299/131711/file/recueil-03-2026-006-recueil-des-actes-administratifs-special.pdf"}
